{"id":14310,"date":"2026-09-03T23:19:59","date_gmt":"2026-09-03T21:19:59","guid":{"rendered":"https:\/\/www.tablaosflamencos.com\/?p=14310"},"modified":"2026-09-04T00:08:21","modified_gmt":"2026-09-03T22:08:21","slug":"circuito-andaluso-penas-flamencas-2026-recital-gratuiti","status":"publish","type":"post","link":"https:\/\/www.tablaosflamencos.com\/it\/circuito-andaluso-penas-flamencas-2026-recital-gratuiti.html","title":{"rendered":"Circuito andaluso delle pe\u00f1as 2026: 225 recital di flamenco gratuiti"},"content":{"rendered":"<section class=\"l-section wpb_row height_huge\"><div class=\"l-section-h i-cf\"><div class=\"g-cols vc_row via_flex valign_middle type_default stacking_default\"><div class=\"vc_col-sm-6 wpb_column vc_column_container\"><div class=\"vc_column-inner\"><div class=\"wpb_wrapper\"><div class=\"wpb_text_column\"><div class=\"wpb_wrapper\"><h2>225 recital gratuiti per scoprire l\u2019Andalusia del flamenco<\/h2>\n<p>Il <strong>Circuito andaluso delle pe\u00f1as 2026<\/strong> porta il flamenco nelle otto province con un programma ufficiale di <strong>225 spettacoli di cante, danza e chitarra<\/strong>. Parteciperanno almeno 470 artisti in una rete di pe\u00f1as che si estende dai capoluoghi ai comuni in cui l\u2019offerta culturale professionale \u00e8 solitamente molto pi\u00f9 limitata.<\/p>\n<p>La maggior parte degli appuntamenti si svolge tra settembre e novembre, anche se Siviglia e Ja\u00e9n hanno iniziato i loro cicli a giugno, Almer\u00eda ad agosto e Granada a met\u00e0 dello stesso mese. L\u2019 <strong>ingresso \u00e8 gratuito fino a esaurimento posti<\/strong>, rendendo questo circuito una delle pi\u00f9 ampie opportunit\u00e0 dell\u2019anno per ascoltare flamenco dal vivo senza acquistare un biglietto.<\/p>\n<p>Questa guida raccoglie le cifre, le date, gli omaggi e le localit\u00e0 annunciati, spiega come consultare il programma di ogni provincia e offre consigli pratici per assistere ai recital.<\/p>\n<\/div><\/div><\/div><\/div><\/div><div class=\"vc_col-sm-6 wpb_column vc_column_container\"><div class=\"vc_column-inner\"><div class=\"wpb_wrapper\"><div class=\"w-image us_custom_c9d916e8 has_aspect_ratio align_center\"><div class=\"w-image-h\"><img fetchpriority=\"high\" decoding=\"async\" width=\"1024\" height=\"683\" src=\"https:\/\/www.tablaosflamencos.com\/wp-content\/uploads\/circuito-andaluz-de-penas-2026-225-recitales-de-flamenco-gratis-por-toda-andalucia-01-1-1024x683.webp\" class=\"attachment-large size-large\" alt=\"\" loading=\"eager\" srcset=\"https:\/\/www.tablaosflamencos.com\/wp-content\/uploads\/circuito-andaluz-de-penas-2026-225-recitales-de-flamenco-gratis-por-toda-andalucia-01-1-1024x683.webp 1024w, https:\/\/www.tablaosflamencos.com\/wp-content\/uploads\/circuito-andaluz-de-penas-2026-225-recitales-de-flamenco-gratis-por-toda-andalucia-01-1-300x200.webp 300w, https:\/\/www.tablaosflamencos.com\/wp-content\/uploads\/circuito-andaluz-de-penas-2026-225-recitales-de-flamenco-gratis-por-toda-andalucia-01-1-600x400.webp 600w, https:\/\/www.tablaosflamencos.com\/wp-content\/uploads\/circuito-andaluz-de-penas-2026-225-recitales-de-flamenco-gratis-por-toda-andalucia-01-1-150x100.webp 150w, https:\/\/www.tablaosflamencos.com\/wp-content\/uploads\/circuito-andaluz-de-penas-2026-225-recitales-de-flamenco-gratis-por-toda-andalucia-01-1.webp 1536w\" sizes=\"auto, (max-width: 1024px) 100vw, 1024px\" \/><\/div><\/div><\/div><\/div><\/div><\/div><\/div><\/section><section class=\"l-section wpb_row height_huge color_alternate with_shape\"><div class=\"l-section-shape type_zigzag pos_top hor_flip\" style=\"height:3vmin;\"><svg xmlns=\"http:\/\/www.w3.org\/2000\/svg\" viewBox=\"0 0 64 8\" preserveAspectRatio=\"none\" width=\"100%\" height=\"100%\">\r\n\t<path fill=\"currentColor\" d=\"M64 8 L0 8 L0 0 L20 7.9 L40 3 L48 5 L64 0 Z\"\/>\r\n<\/svg><\/div><div class=\"l-section-shape type_zigzag pos_bottom\" style=\"height:3vmin;\"><svg xmlns=\"http:\/\/www.w3.org\/2000\/svg\" viewBox=\"0 0 64 8\" preserveAspectRatio=\"none\" width=\"100%\" height=\"100%\">\r\n\t<path fill=\"currentColor\" d=\"M64 8 L0 8 L0 0 L20 7.9 L40 3 L48 5 L64 0 Z\"\/>\r\n<\/svg><\/div><div class=\"l-section-h i-cf\"><div class=\"g-cols vc_row via_flex valign_top type_default stacking_default\"><div class=\"vc_col-sm-12 wpb_column vc_column_container\"><div class=\"vc_column-inner\"><div class=\"wpb_wrapper\"><div class=\"wpb_text_column\"><div class=\"wpb_wrapper\"><blockquote>\n<p style=\"margin: 0;\"><strong>Risposta rapida:<\/strong> il Circuito andaluso delle pe\u00f1as flamencas 2026 propone 225 recital gratuiti nelle otto province dell\u2019Andalusia, con almeno 470 artisti. L\u2019edizione comprende 181 spettacoli di cante, 31 di danza e 13 di chitarra. I cicli provinciali si svolgono dal 6 giugno al 28 novembre, con la maggiore concentrazione tra settembre e novembre. L\u2019accesso \u00e8 gratuito fino a esaurimento posti e gli orari vanno verificati nell\u2019Agenda culturale dell\u2019Andalusia o direttamente presso la pe\u00f1a organizzatrice.<\/p>\n<\/blockquote>\n<\/div><\/div><\/div><\/div><\/div><\/div><\/div><\/section><section class=\"l-section wpb_row height_huge\"><div class=\"l-section-h i-cf\"><div class=\"g-cols vc_row via_flex valign_middle type_default stacking_default\"><div class=\"vc_col-sm-3 wpb_column vc_column_container\"><div class=\"vc_column-inner\"><div class=\"wpb_wrapper\"><\/div><\/div><\/div><div class=\"vc_col-sm-6 wpb_column vc_column_container\"><div class=\"vc_column-inner\"><div class=\"wpb_wrapper\"><div class=\"wpb_text_column\"><div class=\"wpb_wrapper\"><h2>Contenuti della guida<\/h2>\n<ul>\n<li><a href=\"#datos-clave\">Dati essenziali sul Circuito andaluso delle pe\u00f1as 2026<\/a><\/li>\n<li><a href=\"#que-es\">Che cos\u2019\u00e8 il Circuito andaluso delle pe\u00f1as<\/a><\/li>\n<li><a href=\"#provincias\">Date e spettacoli per provincia<\/a><\/li>\n<li><a href=\"#modalidades\">Cante, danza e chitarra: come si distribuisce il programma<\/a><\/li>\n<li><a href=\"#gratis\">Come funziona l\u2019accesso gratuito<\/a><\/li>\n<li><a href=\"#programa\">Dove consultare artisti, pe\u00f1as e orari<\/a><\/li>\n<li><a href=\"#homenajes\">Gli omaggi dell\u2019edizione 2026<\/a><\/li>\n<li><a href=\"#papel-penas\">Perch\u00e9 le pe\u00f1as sono essenziali per il flamenco<\/a><\/li>\n<li><a href=\"#organizar\">Come organizzare un itinerario flamenco in Andalusia<\/a><\/li>\n<li><a href=\"#faq\">Domande frequenti<\/a><\/li>\n<\/ul>\n<\/div><\/div><\/div><\/div><\/div><div class=\"vc_col-sm-3 wpb_column vc_column_container\"><div class=\"vc_column-inner\"><div class=\"wpb_wrapper\"><\/div><\/div><\/div><\/div><\/div><\/section><section class=\"l-section wpb_row height_huge color_alternate with_shape\"><div class=\"l-section-shape type_zigzag pos_top hor_flip\" style=\"height:3vmin;\"><svg xmlns=\"http:\/\/www.w3.org\/2000\/svg\" viewBox=\"0 0 64 8\" preserveAspectRatio=\"none\" width=\"100%\" height=\"100%\">\r\n\t<path fill=\"currentColor\" d=\"M64 8 L0 8 L0 0 L20 7.9 L40 3 L48 5 L64 0 Z\"\/>\r\n<\/svg><\/div><div class=\"l-section-shape type_zigzag pos_bottom\" style=\"height:3vmin;\"><svg xmlns=\"http:\/\/www.w3.org\/2000\/svg\" viewBox=\"0 0 64 8\" preserveAspectRatio=\"none\" width=\"100%\" height=\"100%\">\r\n\t<path fill=\"currentColor\" d=\"M64 8 L0 8 L0 0 L20 7.9 L40 3 L48 5 L64 0 Z\"\/>\r\n<\/svg><\/div><div class=\"l-section-h i-cf\"><div class=\"g-cols vc_row via_flex valign_top type_default stacking_default\"><div class=\"vc_col-sm-12 wpb_column vc_column_container\"><div class=\"vc_column-inner\"><div class=\"wpb_wrapper\"><div class=\"wpb_text_column\"><div class=\"wpb_wrapper\"><h2 id=\"datos-clave\">Circuito andaluso delle pe\u00f1as 2026: dati essenziali<\/h2>\n<table>\n<thead>\n<tr>\n<th>Voce<\/th>\n<th>Cifra o informazione ufficiale<\/th>\n<\/tr>\n<\/thead>\n<tbody>\n<tr>\n<td><strong>Numero totale di spettacoli<\/strong><\/td>\n<td>225 recital<\/td>\n<\/tr>\n<tr>\n<td><strong>Artisti partecipanti<\/strong><\/td>\n<td>Almeno 470<\/td>\n<\/tr>\n<tr>\n<td><strong>Recital di cante<\/strong><\/td>\n<td>181<\/td>\n<\/tr>\n<tr>\n<td><strong>Spettacoli di danza<\/strong><\/td>\n<td>31<\/td>\n<\/tr>\n<tr>\n<td><strong>Recital di chitarra<\/strong><\/td>\n<td>13<\/td>\n<\/tr>\n<tr>\n<td><strong>Province<\/strong><\/td>\n<td>Almer\u00eda, Cadice, Cordova, Granada, Huelva, Ja\u00e9n, M\u00e1laga e Siviglia<\/td>\n<\/tr>\n<tr>\n<td><strong>Periodo complessivo<\/strong><\/td>\n<td>Dal 6 giugno al 28 novembre 2026, a seconda della provincia<\/td>\n<\/tr>\n<tr>\n<td><strong>Prezzo<\/strong><\/td>\n<td>Ingresso gratuito fino a esaurimento posti<\/td>\n<\/tr>\n<tr>\n<td><strong>Pe\u00f1as federate in Andalusia<\/strong><\/td>\n<td>329<\/td>\n<\/tr>\n<tr>\n<td><strong>Investimento specifico nel circuito<\/strong><\/td>\n<td>250.000 euro<\/td>\n<\/tr>\n<\/tbody>\n<\/table>\n<p>Le cifre mostrano chiaramente la portata del programma. Non si tratta di un festival concentrato in un\u2019unica citt\u00e0 n\u00e9 di una successione di grandi produzioni teatrali, ma di una rete di recital ravvicinati che utilizza le sedi delle pe\u00f1as come spazi di spettacolo, ascolto e condivisione.<\/p>\n<p>Il cante occupa la maggior parte del programma, ma anche la danza e la chitarra hanno una presenza propria. Questa combinazione permette al pubblico di trovare sia recital incentrati sulla voce sia spettacoli in cui il corpo, il comp\u00e1s o lo strumento diventano protagonisti.<\/p>\n<\/div><\/div><\/div><\/div><\/div><\/div><\/div><\/section><section class=\"l-section wpb_row height_huge\"><div class=\"l-section-h i-cf\"><div class=\"g-cols vc_row via_flex valign_top type_default stacking_default\"><div class=\"vc_col-sm-12 wpb_column vc_column_container\"><div class=\"vc_column-inner\"><div class=\"wpb_wrapper\"><div class=\"wpb_text_column\"><div class=\"wpb_wrapper\"><h2 id=\"que-es\">Che cos\u2019\u00e8 il Circuito andaluso delle pe\u00f1as flamencas<\/h2>\n<p>Il Circuito andaluso delle pe\u00f1as \u00e8 un programma promosso dall\u2019 <strong>Agenzia andalusa delle istituzioni culturali e dall\u2019Istituto andaluso del flamenco<\/strong>, in collaborazione con le federazioni provinciali delle pe\u00f1as. Il suo scopo \u00e8 programmare spettacoli professionali di cante, danza e chitarra nelle associazioni flamenco di tutta l\u2019Andalusia.<\/p>\n<p>Il modello ha una doppia dimensione. Per il pubblico crea un ampio calendario di flamenco gratuito e vicino al territorio. Per gli artisti apre un circuito professionale che permette di esibirsi in comuni molto diversi e di entrare in contatto con appassionati abituati ad ascoltare il flamenco con attenzione.<\/p>\n<p>Il programma non nasce da una selezione informale. Nel 2026 \u00e8 stato pubblicato un <strong>bando pubblico per artisti<\/strong> e sono arrivate quasi 300 proposte. Questo catalogo ha costituito la base su cui le federazioni provinciali hanno costruito i rispettivi programmi, unendo figure dalla carriera consolidata e giovani interpreti che iniziano ad affermarsi.<\/p>\n<p>Il circuito rientra inoltre nella Legge sul flamenco e nel Piano strategico approvato dalla Giunta dell\u2019Andalusia nel maggio 2026. Questo quadro riconosce le pe\u00f1as come soggetti fondamentali per conservare, diffondere e trasmettere il patrimonio flamenco.<\/p>\n<p>Se vuoi approfondire il contesto artistico prima di partecipare, la nostra guida su <a href=\"https:\/\/www.tablaosflamencos.com\/que-es-el-flamenco.html\"><strong>che cos\u2019\u00e8 il flamenco, le sue origini e i suoi elementi fondamentali<\/strong><\/a> spiega come si collegano cante, chitarra, danza e comp\u00e1s.<\/p>\n<\/div><\/div><\/div><\/div><\/div><\/div><\/div><\/section><section class=\"l-section wpb_row height_huge color_alternate with_shape\"><div class=\"l-section-shape type_zigzag pos_top hor_flip\" style=\"height:3vmin;\"><svg xmlns=\"http:\/\/www.w3.org\/2000\/svg\" viewBox=\"0 0 64 8\" preserveAspectRatio=\"none\" width=\"100%\" height=\"100%\">\r\n\t<path fill=\"currentColor\" d=\"M64 8 L0 8 L0 0 L20 7.9 L40 3 L48 5 L64 0 Z\"\/>\r\n<\/svg><\/div><div class=\"l-section-shape type_zigzag pos_bottom\" style=\"height:3vmin;\"><svg xmlns=\"http:\/\/www.w3.org\/2000\/svg\" viewBox=\"0 0 64 8\" preserveAspectRatio=\"none\" width=\"100%\" height=\"100%\">\r\n\t<path fill=\"currentColor\" d=\"M64 8 L0 8 L0 0 L20 7.9 L40 3 L48 5 L64 0 Z\"\/>\r\n<\/svg><\/div><div class=\"l-section-h i-cf\"><div class=\"g-cols vc_row via_flex valign_top type_default stacking_default\"><div class=\"vc_col-sm-12 wpb_column vc_column_container\"><div class=\"vc_column-inner\"><div class=\"wpb_wrapper\"><div class=\"wpb_text_column\"><div class=\"wpb_wrapper\"><h2 id=\"provincias\">Programma per provincia: date, recital e discipline<\/h2>\n<p>Ogni federazione provinciale organizza il proprio calendario all\u2019interno del programma comune. Per questo non esiste un\u2019unica data d\u2019inizio n\u00e9 un orario generale. La tabella seguente riassume le informazioni diffuse ufficialmente per ogni territorio.<\/p>\n<table>\n<thead>\n<tr>\n<th>Provincia<\/th>\n<th>Date del ciclo<\/th>\n<th>Spettacoli annunciati<\/th>\n<th>Distribuzione<\/th>\n<\/tr>\n<\/thead>\n<tbody>\n<tr>\n<td><strong>Siviglia<\/strong><\/td>\n<td>6 giugno\u201330 ottobre<\/td>\n<td>56<\/td>\n<td>53 di cante, 2 di danza e 1 di chitarra<\/td>\n<\/tr>\n<tr>\n<td><strong>M\u00e1laga<\/strong><\/td>\n<td>5 settembre\u201328 novembre<\/td>\n<td>35<\/td>\n<td>21 di cante, 8 di danza e 6 di chitarra o altri strumenti<\/td>\n<\/tr>\n<tr>\n<td><strong>Cadice<\/strong><\/td>\n<td>5 settembre\u201321 novembre<\/td>\n<td>33<\/td>\n<td>22 di cante e 11 di danza<\/td>\n<\/tr>\n<tr>\n<td><strong>Ja\u00e9n<\/strong><\/td>\n<td>6 giugno\u201311 luglio e 12 settembre\u201328 novembre<\/td>\n<td>30<\/td>\n<td>27 di cante, 1 di danza e 2 di chitarra<\/td>\n<\/tr>\n<tr>\n<td><strong>Cordova<\/strong><\/td>\n<td>6\u201328 novembre<\/td>\n<td>30<\/td>\n<td>26 di cante, 1 di danza e 3 di chitarra<\/td>\n<\/tr>\n<tr>\n<td><strong>Granada<\/strong><\/td>\n<td>15 agosto\u201321 novembre<\/td>\n<td>15<\/td>\n<td>9 di cante e 6 di danza<\/td>\n<\/tr>\n<tr>\n<td><strong>Huelva<\/strong><\/td>\n<td>5 settembre\u201321 novembre<\/td>\n<td>14<\/td>\n<td>12 di cante, 1 di danza e 1 di chitarra<\/td>\n<\/tr>\n<tr>\n<td><strong>Almer\u00eda<\/strong><\/td>\n<td>1\u00ba agosto\u201315 novembre<\/td>\n<td>11<\/td>\n<td>11 di cante<\/td>\n<\/tr>\n<\/tbody>\n<\/table>\n<p><strong>Nota sulle cifre:<\/strong> l\u2019organizzazione comunica un totale complessivo di 225 spettacoli e anche la ripartizione per disciplina \u2014181 di cante, 31 di danza e 13 di chitarra\u2014 d\u00e0 225. Tuttavia, i subtotali provinciali riportati nelle informazioni di presentazione sommano 224. Tutto fa pensare che manchi ancora uno spettacolo o che uno dei conteggi non sia stato aggiornato. Manteniamo come riferimento la cifra ufficiale di 225 e consigliamo di consultare l\u2019agenda provinciale aggiornata prima di pianificare la visita.<\/p>\n<\/div><\/div><\/div><\/div><\/div><\/div><\/div><\/section><section class=\"l-section wpb_row height_huge\"><div class=\"l-section-h i-cf\"><div class=\"g-cols vc_row via_flex valign_top type_default stacking_default\"><div class=\"vc_col-sm-12 wpb_column vc_column_container\"><div class=\"vc_column-inner\"><div class=\"wpb_wrapper\"><div class=\"wpb_text_column\"><div class=\"wpb_wrapper\"><h2>Siviglia: 56 spettacoli e un omaggio a El Lebrijano<\/h2>\n<p>Siviglia concentra il programma provinciale pi\u00f9 ampio: <strong>56 spettacoli in 41 localit\u00e0<\/strong>. Il ciclo \u00e8 iniziato il 6 giugno e prosegue fino al 30 ottobre. Dodici recital si sono svolti a giugno e l\u2019attivit\u00e0 \u00e8 ripresa con particolare intensit\u00e0 a settembre e ottobre.<\/p>\n<p>L\u2019edizione sivigliana ricorda i <strong>50 anni dalla pubblicazione di <em>Persecuci\u00f3n<\/em><\/strong>, l\u2019album emblematico di Juan Pe\u00f1a \u00abEl Lebrijano\u00bb. Il programma raggiunge il capoluogo e localit\u00e0 come Lebrija, Alcal\u00e1 de Guada\u00edra, Mairena del Alcor, Mor\u00f3n de la Frontera, \u00c9cija, Dos Hermanas, Coria del R\u00edo, Tomares, Arahal, Paradas, San Jos\u00e9 de la Rinconada o Las Cabezas de San Juan, fra molte altre.<\/p>\n<p>Chi desidera abbinare uno di questi recital a una programmazione regolare pu\u00f2 consultare la nostra selezione di <a href=\"https:\/\/www.tablaosflamencos.com\/flamenco-en-sevilla\"><strong>spettacoli di flamenco a Siviglia<\/strong><\/a>. Sono esperienze diverse: la pe\u00f1a offre un appuntamento occasionale all\u2019interno del circuito, mentre il tablao consente di prenotare uno spettacolo per una data precisa.<\/p>\n<h2>M\u00e1laga: 35 spettacoli in 30 localit\u00e0<\/h2>\n<p>La provincia di M\u00e1laga celebra il suo circuito dal 5 settembre al 28 novembre con <strong>35 spettacoli<\/strong>: 21 di cante, otto di danza e sei di chitarra o altri strumenti. I recital raggiungono 30 localit\u00e0, tra cui M\u00e1laga, Antequera, Marbella, Mijas, Nerja, V\u00e9lez-M\u00e1laga, \u00c1lora, Co\u00edn, C\u00e1rtama, Benalm\u00e1dena, Manilva e diversi comuni della zona di Antequera.<\/p>\n<p>Il ciclo rende omaggio al flamencologo e collezionista <strong>Luis Soler<\/strong>, il cui lavoro di ricerca, archiviazione e divulgazione ha contribuito a conservare una parte essenziale della memoria discografica e documentaria del flamenco.<\/p>\n<p>Per completare un soggiorno nel capoluogo o sulla Costa del Sol, puoi vedere anche dove assistere al <a href=\"https:\/\/www.tablaosflamencos.com\/flamenco-en-malaga\"><strong>flamenco a M\u00e1laga<\/strong><\/a> durante il resto della settimana.<\/p>\n<\/div><\/div><\/div><\/div><\/div><\/div><\/div><\/section><section class=\"l-section wpb_row height_huge color_alternate with_shape\"><div class=\"l-section-shape type_zigzag pos_top hor_flip\" style=\"height:3vmin;\"><svg xmlns=\"http:\/\/www.w3.org\/2000\/svg\" viewBox=\"0 0 64 8\" preserveAspectRatio=\"none\" width=\"100%\" height=\"100%\">\r\n\t<path fill=\"currentColor\" d=\"M64 8 L0 8 L0 0 L20 7.9 L40 3 L48 5 L64 0 Z\"\/>\r\n<\/svg><\/div><div class=\"l-section-shape type_zigzag pos_bottom\" style=\"height:3vmin;\"><svg xmlns=\"http:\/\/www.w3.org\/2000\/svg\" viewBox=\"0 0 64 8\" preserveAspectRatio=\"none\" width=\"100%\" height=\"100%\">\r\n\t<path fill=\"currentColor\" d=\"M64 8 L0 8 L0 0 L20 7.9 L40 3 L48 5 L64 0 Z\"\/>\r\n<\/svg><\/div><div class=\"l-section-h i-cf\"><div class=\"g-cols vc_row via_flex valign_top type_default stacking_default\"><div class=\"vc_col-sm-12 wpb_column vc_column_container\"><div class=\"vc_column-inner\"><div class=\"wpb_wrapper\"><div class=\"wpb_text_column\"><div class=\"wpb_wrapper\"><h2>Cadice: 33 recital dedicati a Mar\u00eda Vargas<\/h2>\n<p>Cadice programma <strong>33 spettacoli tra il 5 settembre e il 21 novembre<\/strong>: 22 di cante e 11 di danza. Il ciclo \u00e8 dedicato alla cantaora di Sanl\u00facar <strong>Mar\u00eda Vargas Fern\u00e1ndez<\/strong> e attraversa 22 localit\u00e0, fra cui Cadice, Jerez, Sanl\u00facar de Barrameda, Chiclana, Chipiona, San Fernando, El Puerto de Santa Mar\u00eda, Arcos, Conil, Barbate, Ubrique, Algeciras, La L\u00ednea, Los Barrios e Puerto Real, oltre a Ceuta.<\/p>\n<p>La presenza di undici spettacoli di danza attribuisce a Cadice un peso particolare in questa disciplina. Jerez \u00e8 uno dei punti d\u2019interesse del percorso e pu\u00f2 essere abbinata all\u2019offerta stabile di <a href=\"https:\/\/www.tablaosflamencos.com\/flamenco-en-jerez\"><strong>flamenco a Jerez<\/strong><\/a>.<\/p>\n<h2>Ja\u00e9n: due fasi e il ciclo A la Verde Oliva<\/h2>\n<p>Ja\u00e9n \u00e8 stata una delle province ad anticipare l\u2019inizio. La prima fase, il tradizionale ciclo <strong>A la Verde Oliva<\/strong>, si \u00e8 svolta dal 6 giugno all\u201911 luglio. La seconda inizia il 12 settembre e termina il 28 novembre.<\/p>\n<p>In totale sono annunciati <strong>30 spettacoli in 28 localit\u00e0<\/strong>: 27 di cante, uno di danza e due di chitarra. Il programma passa per Ja\u00e9n, Linares, \u00dabeda, Baeza, And\u00fajar, Martos, Bail\u00e9n, J\u00f3dar, Porcuna, Torredonjimeno, Mancha Real, Torreperogil e numerosi comuni della provincia.<\/p>\n<p>Se visiti il capoluogo, la nostra pagina sul <a href=\"https:\/\/www.tablaosflamencos.com\/flamenco-en-jaen\"><strong>flamenco a Ja\u00e9n<\/strong><\/a> riunisce alcune opzioni per completare il viaggio.<\/p>\n<\/div><\/div><\/div><\/div><\/div><\/div><\/div><\/section><section class=\"l-section wpb_row height_huge\"><div class=\"l-section-h i-cf\"><div class=\"g-cols vc_row via_flex valign_top type_default stacking_default\"><div class=\"vc_col-sm-12 wpb_column vc_column_container\"><div class=\"vc_column-inner\"><div class=\"wpb_wrapper\"><div class=\"wpb_text_column\"><div class=\"wpb_wrapper\"><h2>Cordova: 30 spettacoli concentrati a novembre<\/h2>\n<p>Cordova concentra la sua programmazione in un periodo breve, <strong>dal 6 al 28 novembre<\/strong>. Saranno 30 spettacoli \u201426 di cante, uno di danza e tre di chitarra\u2014 distribuiti in 28 localit\u00e0, dal capoluogo a Montilla, Lucena, Cabra, Baena, Priego de C\u00f3rdoba, Palma del R\u00edo, Pozoblanco, Pe\u00f1arroya, Montoro o Aguilar de la Frontera.<\/p>\n<p>L\u2019edizione \u00e8 dedicata ad <strong>Antonio Gonz\u00e1lez del Moral<\/strong>, riconosciuto per la sua carriera e per il contributo al flamenco attraverso la fotografia e la divulgazione sui media specializzati.<\/p>\n<p>Chi trascorre pi\u00f9 giorni nella provincia pu\u00f2 completare il circuito con la programmazione disponibile di <a href=\"https:\/\/www.tablaosflamencos.com\/flamenco-en-cordoba\"><strong>flamenco a Cordova<\/strong><\/a>.<\/p>\n<h2>Granada: 15 appuntamenti tra agosto e novembre<\/h2>\n<p>Il circuito di Granada \u00e8 iniziato il 15 agosto e termina il 21 novembre. Riunisce <strong>15 spettacoli<\/strong>, nove di cante e sei di danza, in altrettante localit\u00e0: Granada, Motril, Loja, Montefr\u00edo, Hu\u00e9tor Vega, Hu\u00e9tor T\u00e1jar, Peligros, \u00cdllora, Salobre\u00f1a, Maracena, Og\u00edjares e altri comuni.<\/p>\n<p>Il programma rende omaggio ad <strong>Antonio Campos Mu\u00f1oz<\/strong>. L\u2019equilibrio tra cante e danza \u00e8 pi\u00f9 marcato rispetto ad altre province e offre una buona occasione per conoscere proposte coreografiche nell\u2019atmosfera raccolta di una pe\u00f1a.<\/p>\n<p>La nostra guida al <a href=\"https:\/\/www.tablaosflamencos.com\/flamenco-en-granada\"><strong>flamenco a Granada<\/strong><\/a> permette di confrontare questo calendario occasionale con gli spettacoli a programmazione regolare.<\/p>\n<\/div><\/div><\/div><\/div><\/div><\/div><\/div><\/section><section class=\"l-section wpb_row height_huge color_alternate with_shape\"><div class=\"l-section-shape type_zigzag pos_top hor_flip\" style=\"height:3vmin;\"><svg xmlns=\"http:\/\/www.w3.org\/2000\/svg\" viewBox=\"0 0 64 8\" preserveAspectRatio=\"none\" width=\"100%\" height=\"100%\">\r\n\t<path fill=\"currentColor\" d=\"M64 8 L0 8 L0 0 L20 7.9 L40 3 L48 5 L64 0 Z\"\/>\r\n<\/svg><\/div><div class=\"l-section-shape type_zigzag pos_bottom\" style=\"height:3vmin;\"><svg xmlns=\"http:\/\/www.w3.org\/2000\/svg\" viewBox=\"0 0 64 8\" preserveAspectRatio=\"none\" width=\"100%\" height=\"100%\">\r\n\t<path fill=\"currentColor\" d=\"M64 8 L0 8 L0 0 L20 7.9 L40 3 L48 5 L64 0 Z\"\/>\r\n<\/svg><\/div><div class=\"l-section-h i-cf\"><div class=\"g-cols vc_row via_flex valign_top type_default stacking_default\"><div class=\"vc_col-sm-12 wpb_column vc_column_container\"><div class=\"vc_column-inner\"><div class=\"wpb_wrapper\"><div class=\"wpb_text_column\"><div class=\"wpb_wrapper\"><h2>Huelva: 14 recital in 12 localit\u00e0<\/h2>\n<p>Huelva celebra il suo programma dal 5 settembre al 21 novembre. Comprende <strong>14 spettacoli<\/strong>: dodici di cante, uno di danza e uno di chitarra. I recital raggiungono Almonte, Cala\u00f1as, El Campillo, Huelva, Lepe, Moguer, Paterna del Campo, Paymogo, Punta Umbr\u00eda, Santa B\u00e1rbara de las Casas, Valverde del Camino e Villanueva de las Cruces.<\/p>\n<p>Il calendario comprende voci di generazioni diverse e un recital di chitarra, mostrando come una rete relativamente compatta possa collegare il capoluogo, la costa, l\u2019And\u00e9valo e il bacino minerario.<\/p>\n<p>Puoi consultare anche l\u2019offerta di <a href=\"https:\/\/www.tablaosflamencos.com\/flamenco-en-huelva\"><strong>flamenco a Huelva<\/strong><\/a> per altre date.<\/p>\n<h2>Almer\u00eda: undici recital di cante<\/h2>\n<p>Almer\u00eda ha iniziato il circuito il 1\u00ba agosto e lo chiuder\u00e0 il 15 novembre. La provincia programma <strong>undici spettacoli, tutti di cante<\/strong>, nelle pe\u00f1as di Carboneras, Tabernas, Adra, Pechina, El Ejido, Hu\u00e9rcal de Almer\u00eda, Almer\u00eda e Viator.<\/p>\n<p>L\u2019edizione di Almer\u00eda rende omaggio al chitarrista <strong>Pepe Habichuela<\/strong>, una figura essenziale per comprendere l\u2019evoluzione dell\u2019accompagnamento e della chitarra flamenca contemporanea. Sebbene il programma provinciale sia composto da recital di cante, la dedica sottolinea il dialogo inseparabile tra voce e chitarra.<\/p>\n<\/div><\/div><\/div><\/div><\/div><\/div><\/div><\/section><section class=\"l-section wpb_row height_huge\"><div class=\"l-section-h i-cf\"><div class=\"g-cols vc_row via_flex valign_top type_default stacking_default\"><div class=\"vc_col-sm-12 wpb_column vc_column_container\"><div class=\"vc_column-inner\"><div class=\"wpb_wrapper\"><div class=\"wpb_text_column\"><div class=\"wpb_wrapper\"><h2 id=\"modalidades\">Cante, danza e chitarra: come si distribuisce il circuito<\/h2>\n<p>La cifra complessiva annunciata si divide in <strong>181 spettacoli di cante, 31 di danza e 13 di chitarra<\/strong>. Il cante rappresenta circa quattro appuntamenti su cinque, una proporzione coerente con la tradizione storica di molte pe\u00f1as, dove il recital di voce e chitarra ha occupato un ruolo centrale.<\/p>\n<p>Questo non significa che tutti i concerti abbiano la stessa struttura. Un recital di cante pu\u00f2 riunire una cantaora o un cantaor principale con la chitarra e, a seconda del formato, palmas o altri accompagnamenti. La scelta di palos, testi e stili cambia con ogni artista, perci\u00f2 due serate apparentemente simili possono offrire esperienze molto diverse.<\/p>\n<p>I 31 spettacoli di danza permettono di vedere proposte adattate a spazi pi\u00f9 intimi di un grande teatro. In una pe\u00f1a, la vicinanza aiuta a percepire il lavoro dei piedi, il respiro, i silenzi e la comunicazione con il cante e la chitarra.<\/p>\n<p>La chitarra \u00e8 protagonista in tredici appuntamenti. Sono recital particolarmente interessanti per ascoltare lo strumento fuori dal suo ruolo di accompagnamento, apprezzare la costruzione delle falsetas e scoprire interpreti che dialogano sia con la tradizione sia con i linguaggi contemporanei.<\/p>\n<p>La convivenza tra queste discipline mostra perch\u00e9 il flamenco non debba essere ridotto alla sola danza. Cante, chitarra, comp\u00e1s e movimento formano un linguaggio condiviso, anche se ogni recital sceglie di illuminare una parte diversa.<\/p>\n<\/div><\/div><\/div><\/div><\/div><\/div><\/div><\/section><section class=\"l-section wpb_row height_huge color_alternate with_shape\"><div class=\"l-section-shape type_zigzag pos_top hor_flip\" style=\"height:3vmin;\"><svg xmlns=\"http:\/\/www.w3.org\/2000\/svg\" viewBox=\"0 0 64 8\" preserveAspectRatio=\"none\" width=\"100%\" height=\"100%\">\r\n\t<path fill=\"currentColor\" d=\"M64 8 L0 8 L0 0 L20 7.9 L40 3 L48 5 L64 0 Z\"\/>\r\n<\/svg><\/div><div class=\"l-section-shape type_zigzag pos_bottom\" style=\"height:3vmin;\"><svg xmlns=\"http:\/\/www.w3.org\/2000\/svg\" viewBox=\"0 0 64 8\" preserveAspectRatio=\"none\" width=\"100%\" height=\"100%\">\r\n\t<path fill=\"currentColor\" d=\"M64 8 L0 8 L0 0 L20 7.9 L40 3 L48 5 L64 0 Z\"\/>\r\n<\/svg><\/div><div class=\"l-section-h i-cf\"><div class=\"g-cols vc_row via_flex valign_top type_default stacking_default\"><div class=\"vc_col-sm-12 wpb_column vc_column_container\"><div class=\"vc_column-inner\"><div class=\"wpb_wrapper\"><div class=\"wpb_text_column\"><div class=\"wpb_wrapper\"><h2 id=\"gratis\">Tutti i recital sono gratuiti? Come funziona l\u2019accesso<\/h2>\n<p>Le informazioni ufficiali del circuito indicano che <strong>l\u2019ingresso ai recital \u00e8 gratuito fino a esaurimento posti<\/strong>. Non occorre acquistare un biglietto, ma la gratuit\u00e0 non equivale a un posto garantito.<\/p>\n<p>Le pe\u00f1as hanno solitamente una capienza ridotta e alcuni spettacoli possono suscitare una domanda molto superiore ai posti disponibili. L\u2019organizzazione pratica \u2014orario di apertura, distribuzione degli inviti, ordine di accesso o necessit\u00e0 di confermare la presenza\u2014 pu\u00f2 variare. Consigliamo quindi di verificare la scheda ufficiale e contattare la pe\u00f1a quando la procedura non \u00e8 indicata in dettaglio.<\/p>\n<p>Per evitare inconvenienti:<\/p>\n<ul>\n<li><strong>Verifica il giorno e l\u2019orario il giorno stesso del recital.<\/strong> Il programma pu\u00f2 subire variazioni.<\/li>\n<li><strong>Arriva in anticipo.<\/strong> \u00abFino a esaurimento posti\u00bb significa che l\u2019accesso viene chiuso quando si raggiunge la capienza consentita.<\/li>\n<li><strong>Controlla se \u00e8 richiesta una prenotazione o un invito.<\/strong> L\u2019ingresso resta gratuito anche se l\u2019ente assegna i posti in anticipo.<\/li>\n<li><strong>Conferma l\u2019indirizzo esatto.<\/strong> Alcune pe\u00f1as hanno nomi simili o organizzano attivit\u00e0 fuori dalla loro sede abituale.<\/li>\n<li><strong>Rispetta il carattere associativo dello spazio.<\/strong> Una pe\u00f1a non funziona esattamente come un teatro commerciale: \u00e8 un\u2019associazione culturale sostenuta da soci e appassionati.<\/li>\n<\/ul>\n<p>Se cerchi altre proposte gratuite nelle stesse date, puoi consultare anche la nostra guida alle <a href=\"https:\/\/www.tablaosflamencos.com\/bienal-flamenco-sevilla-2026-gratis.html\"><strong>attivit\u00e0 gratuite della Biennale di flamenco di Siviglia 2026<\/strong><\/a>.<\/p>\n<\/div><\/div><\/div><\/div><\/div><\/div><\/div><\/section><section class=\"l-section wpb_row height_huge\"><div class=\"l-section-h i-cf\"><div class=\"g-cols vc_row via_flex valign_top type_default stacking_default\"><div class=\"vc_col-sm-12 wpb_column vc_column_container\"><div class=\"vc_column-inner\"><div class=\"wpb_wrapper\"><div class=\"wpb_text_column\"><div class=\"wpb_wrapper\"><h2 id=\"programa\">Dove consultare il programma completo, gli artisti e gli orari<\/h2>\n<p>Il riferimento principale \u00e8 l\u2019 <strong>Agenda culturale dell\u2019Andalusia<\/strong>, dove la Giunta pubblica pagine specifiche per provincia con date, pe\u00f1as, localit\u00e0 e artisti. La notizia di presentazione del circuito contiene il collegamento al motore di ricerca ufficiale dei programmi provinciali.<\/p>\n<p>Il calendario \u00e8 molto ampio e pu\u00f2 ricevere correzioni. Per questo motivo, la guida riassume la struttura generale e non riproduce le 225 schede come se fossero immutabili. Per una data precisa, segui questo ordine:<\/p>\n<ol>\n<li>Apri il programma ufficiale per provincia.<\/li>\n<li>Seleziona la provincia e trova il comune.<\/li>\n<li>Controlla artista, pe\u00f1a, data e orario.<\/li>\n<li>Verifica se la scheda contiene istruzioni per l\u2019accesso.<\/li>\n<li>Se manca qualche informazione, consulta i canali della pe\u00f1a o della federazione provinciale.<\/li>\n<\/ol>\n<p>La stessa Agenda culturale avverte che il programma \u00e8 <strong>soggetto a variazioni<\/strong>. Una verifica poco prima di partire \u00e8 particolarmente importante se devi spostarti tra pi\u00f9 comuni.<\/p>\n<\/div><\/div><div class=\"w-separator size_medium\"><\/div><div class=\"w-hwrapper valign_top align_center\" style=\"--hwrapper-gap:1.2rem\"><div class=\"w-btn-wrapper align_center\"><a class=\"w-btn us-btn-style_1 icon_atleft\" href=\"https:\/\/www.juntadeandalucia.es\/organismos\/aaic\/servicios\/actualidad\/noticias\/detalle\/681667.html\"><i class=\"fas fa-calendar-alt\"><\/i><span class=\"w-btn-label\">Consulta il programma ufficiale<\/span><\/a><\/div><\/div><\/div><\/div><\/div><\/div><\/div><\/section><section class=\"l-section wpb_row height_huge color_alternate with_shape\"><div class=\"l-section-shape type_zigzag pos_top hor_flip\" style=\"height:3vmin;\"><svg xmlns=\"http:\/\/www.w3.org\/2000\/svg\" viewBox=\"0 0 64 8\" preserveAspectRatio=\"none\" width=\"100%\" height=\"100%\">\r\n\t<path fill=\"currentColor\" d=\"M64 8 L0 8 L0 0 L20 7.9 L40 3 L48 5 L64 0 Z\"\/>\r\n<\/svg><\/div><div class=\"l-section-shape type_zigzag pos_bottom\" style=\"height:3vmin;\"><svg xmlns=\"http:\/\/www.w3.org\/2000\/svg\" viewBox=\"0 0 64 8\" preserveAspectRatio=\"none\" width=\"100%\" height=\"100%\">\r\n\t<path fill=\"currentColor\" d=\"M64 8 L0 8 L0 0 L20 7.9 L40 3 L48 5 L64 0 Z\"\/>\r\n<\/svg><\/div><div class=\"l-section-h i-cf\"><div class=\"g-cols vc_row via_flex valign_top type_default stacking_default\"><div class=\"vc_col-sm-12 wpb_column vc_column_container\"><div class=\"vc_column-inner\"><div class=\"wpb_wrapper\"><div class=\"wpb_text_column\"><div class=\"wpb_wrapper\"><h2 id=\"homenajes\">Gli omaggi che caratterizzano l\u2019edizione 2026<\/h2>\n<p>Oltre a distribuire gli spettacoli, varie federazioni hanno dedicato il loro programma a figure o ricorrenze legate alla memoria del flamenco:<\/p>\n<ul>\n<li><strong>Siviglia:<\/strong> 50 anni di <em>Persecuci\u00f3n<\/em>, l\u2019album di Juan Pe\u00f1a \u00abEl Lebrijano\u00bb.<\/li>\n<li><strong>Almer\u00eda:<\/strong> omaggio al maestro della chitarra Pepe Habichuela.<\/li>\n<li><strong>Cadice:<\/strong> dedica alla cantaora di Sanl\u00facar Mar\u00eda Vargas Fern\u00e1ndez.<\/li>\n<li><strong>Granada:<\/strong> programma dedicato ad Antonio Campos Mu\u00f1oz.<\/li>\n<li><strong>M\u00e1laga:<\/strong> riconoscimento al flamencologo e collezionista Luis Soler.<\/li>\n<li><strong>Cordova:<\/strong> omaggio ad Antonio Gonz\u00e1lez del Moral per il suo lavoro nella fotografia e nella divulgazione del flamenco.<\/li>\n<\/ul>\n<p>Queste dediche ampliano il significato del circuito. Non viene programmato soltanto il flamenco di oggi: si ricordano anche coloro che hanno lasciato opere, documenti, immagini, ricerche o modi di interpretare che aiutano a comprendere il presente.<\/p>\n<p>La scelta di <em>Persecuci\u00f3n<\/em> \u00e8 particolarmente significativa. Pubblicato nel 1976 con testi di F\u00e9lix Grande, l\u2019album di El Lebrijano trasform\u00f2 la memoria storica del popolo rom in un\u2019opera concettuale di enorme impatto. Ricordarlo mezzo secolo dopo collega il calendario dei recital a una delle registrazioni fondamentali del flamenco contemporaneo.<\/p>\n<\/div><\/div><\/div><\/div><\/div><\/div><\/div><\/section><section class=\"l-section wpb_row height_huge\"><div class=\"l-section-h i-cf\"><div class=\"g-cols vc_row via_flex valign_top type_default stacking_default\"><div class=\"vc_col-sm-12 wpb_column vc_column_container\"><div class=\"vc_column-inner\"><div class=\"wpb_wrapper\"><div class=\"wpb_text_column\"><div class=\"wpb_wrapper\"><h2 id=\"papel-penas\">Perch\u00e9 le pe\u00f1as sono essenziali per il flamenco<\/h2>\n<p>L\u2019Andalusia conta attualmente <strong>329 pe\u00f1as federate<\/strong>: 14 ad Almer\u00eda, 50 a Cadice, 42 a Cordova, 25 a Granada, 21 a Huelva, 45 a Ja\u00e9n, 52 a M\u00e1laga e 80 a Siviglia. Questa rete spiega come un programma pubblico possa raggiungere decine di comuni senza dipendere esclusivamente da teatri o festival di grandi dimensioni.<\/p>\n<p>Una pe\u00f1a flamenca \u00e8 un\u2019associazione nata intorno alla passione per il flamenco. Le sue attivit\u00e0 possono comprendere recital, conferenze, concorsi, omaggi, mostre, lezioni, riunioni dei soci e iniziative di trasmissione rivolte alle nuove generazioni. Ogni ente ha una propria storia e personalit\u00e0; alcuni mantengono una programmazione stabile da decenni, altri operano in piccoli comuni dove rappresentano uno dei principali centri culturali.<\/p>\n<p>Il valore del circuito consiste nell\u2019attivare questa infrastruttura sociale. L\u2019artista non arriva in uno spazio indifferente, ma davanti a un pubblico che conosce il linguaggio flamenco, ascolta con attenzione e mantiene un rapporto continuativo con l\u2019associazione. Per i giovani interpreti, esibirsi davanti a questi appassionati pu\u00f2 essere un\u2019esperienza formativa e una via di riconoscimento nel settore.<\/p>\n<p>Il programma favorisce anche il <strong>ricambio generazionale<\/strong>. Accanto al circuito generale, le pe\u00f1as hanno ospitato fasi provinciali del Circuito andaluso dei giovani artisti flamenco, sviluppato con le federazioni e l\u2019Istituto andaluso della giovent\u00f9 per creare opportunit\u00e0 e avvicinare nuovi pubblici.<\/p>\n<\/div><\/div><\/div><\/div><\/div><\/div><\/div><\/section><section class=\"l-section wpb_row height_huge color_alternate with_shape\"><div class=\"l-section-shape type_zigzag pos_top hor_flip\" style=\"height:3vmin;\"><svg xmlns=\"http:\/\/www.w3.org\/2000\/svg\" viewBox=\"0 0 64 8\" preserveAspectRatio=\"none\" width=\"100%\" height=\"100%\">\r\n\t<path fill=\"currentColor\" d=\"M64 8 L0 8 L0 0 L20 7.9 L40 3 L48 5 L64 0 Z\"\/>\r\n<\/svg><\/div><div class=\"l-section-shape type_zigzag pos_bottom\" style=\"height:3vmin;\"><svg xmlns=\"http:\/\/www.w3.org\/2000\/svg\" viewBox=\"0 0 64 8\" preserveAspectRatio=\"none\" width=\"100%\" height=\"100%\">\r\n\t<path fill=\"currentColor\" d=\"M64 8 L0 8 L0 0 L20 7.9 L40 3 L48 5 L64 0 Z\"\/>\r\n<\/svg><\/div><div class=\"l-section-h i-cf\"><div class=\"g-cols vc_row via_flex valign_top type_default stacking_default\"><div class=\"vc_col-sm-12 wpb_column vc_column_container\"><div class=\"vc_column-inner\"><div class=\"wpb_wrapper\"><div class=\"wpb_text_column\"><div class=\"wpb_wrapper\"><h2>Investimento pubblico e selezione degli artisti<\/h2>\n<p>L\u2019investimento specifico consolidato per il Circuito andaluso delle pe\u00f1as 2026 \u00e8 di <strong>250.000 euro<\/strong>, il 20% in pi\u00f9 rispetto alla somma destinata a questo programma nel 2019. Sommando il Circuito andaluso dei giovani artisti flamenco e il bando di aiuti al tessuto associativo, il contributo annunciato per le pe\u00f1as raggiunge i 330.000 euro.<\/p>\n<p>Per partecipare, gli artisti o i loro rappresentanti hanno dovuto presentare una proposta nell\u2019ambito di un bando pubblico. Una commissione consultiva ha valutato aspetti come qualit\u00e0 artistica, carriera, interesse, proiezione futura e adeguatezza al formato del circuito. La selezione risultante ha offerto alle federazioni una base di quasi 300 proposte.<\/p>\n<p>Questa procedura aiuta a spiegare la presenza congiunta di nomi affermati e artisti emergenti. Il circuito non funziona soltanto come vetrina per figure conosciute: offre anche esibizioni retribuite e visibilit\u00e0 professionale agli interpreti che stanno costruendo il proprio percorso.<\/p>\n<\/div><\/div><\/div><\/div><\/div><\/div><\/div><\/section><section class=\"l-section wpb_row height_huge\"><div class=\"l-section-h i-cf\"><div class=\"g-cols vc_row via_flex valign_top type_default stacking_default\"><div class=\"vc_col-sm-12 wpb_column vc_column_container\"><div class=\"vc_column-inner\"><div class=\"wpb_wrapper\"><div class=\"wpb_text_column\"><div class=\"wpb_wrapper\"><h2 id=\"organizar\">Come organizzare un itinerario per vedere flamenco gratis in Andalusia<\/h2>\n<p>L\u2019estensione del circuito permette di trasformare uno o pi\u00f9 recital nel fulcro di una breve vacanza. La strategia migliore non \u00e8 cercare di seguire tutto il programma, ma incrociare tre variabili: provincia, date disponibili e distanza tra le localit\u00e0.<\/p>\n<h3>Se cerchi la massima variet\u00e0<\/h3>\n<p>Siviglia, M\u00e1laga e Cadice concentrano il maggior numero di appuntamenti. Sono buone opzioni per trovare pi\u00f9 spettacoli nella stessa settimana e abbinarli a visite culturali, gastronomia e altri eventi.<\/p>\n<h3>Se ti interessa soprattutto il cante<\/h3>\n<p>Tutte le province offrono cante, ma il suo peso \u00e8 particolarmente alto a Siviglia, Ja\u00e9n, Cordova e Almer\u00eda. Quest\u2019ultima dedica tutti i suoi undici spettacoli alla disciplina vocale.<\/p>\n<h3>Se preferisci la danza<\/h3>\n<p>Cadice annuncia undici spettacoli e M\u00e1laga otto; Granada ne programma sei su un calendario complessivo di quindici appuntamenti. Sono i tre territori con la maggiore presenza proporzionale della danza nel dettaglio provinciale pubblicato.<\/p>\n<h3>Se vuoi ascoltare la chitarra<\/h3>\n<p>M\u00e1laga presenta sei spettacoli di chitarra o altri strumenti, Cordova tre, Ja\u00e9n due, Siviglia uno e Huelva uno. Controlla la scheda dell\u2019artista, perch\u00e9 il formato pu\u00f2 essere un recital solista, una proposta strumentale o una formazione pi\u00f9 ampia.<\/p>\n<h3>Se hai a disposizione una sola data<\/h3>\n<p>Usa l\u2019agenda ufficiale come punto di partenza e amplia la ricerca ai comuni vicini. Uno spettacolo a trenta o quaranta minuti pu\u00f2 essere pi\u00f9 adatto che attendere un appuntamento nel capoluogo.<\/p>\n<p>Se il circuito non coincide con il tuo viaggio, consulta la nostra guida al <a href=\"https:\/\/www.tablaosflamencos.com\/ciudades\"><strong>flamenco per citt\u00e0<\/strong><\/a>. Qui puoi trovare spettacoli con programmazione regolare e prenotazione anticipata in diverse destinazioni spagnole.<\/p>\n<\/div><\/div><div class=\"w-separator size_medium\"><\/div><div class=\"w-hwrapper valign_top align_center\" style=\"--hwrapper-gap:1.2rem\"><div class=\"w-btn-wrapper align_center\"><a class=\"w-btn us-btn-style_1 icon_atleft\" href=\"https:\/\/www.tablaosflamencos.com\/it\/citta\"><i class=\"fas fa-map-marker-alt\"><\/i><span class=\"w-btn-label\">Vedi il flamenco per citt\u00e0<\/span><\/a><\/div><\/div><\/div><\/div><\/div><\/div><\/div><\/section><section class=\"l-section wpb_row height_huge color_alternate with_shape\"><div class=\"l-section-shape type_zigzag pos_top hor_flip\" style=\"height:3vmin;\"><svg xmlns=\"http:\/\/www.w3.org\/2000\/svg\" viewBox=\"0 0 64 8\" preserveAspectRatio=\"none\" width=\"100%\" height=\"100%\">\r\n\t<path fill=\"currentColor\" d=\"M64 8 L0 8 L0 0 L20 7.9 L40 3 L48 5 L64 0 Z\"\/>\r\n<\/svg><\/div><div class=\"l-section-shape type_zigzag pos_bottom\" style=\"height:3vmin;\"><svg xmlns=\"http:\/\/www.w3.org\/2000\/svg\" viewBox=\"0 0 64 8\" preserveAspectRatio=\"none\" width=\"100%\" height=\"100%\">\r\n\t<path fill=\"currentColor\" d=\"M64 8 L0 8 L0 0 L20 7.9 L40 3 L48 5 L64 0 Z\"\/>\r\n<\/svg><\/div><div class=\"l-section-h i-cf\"><div class=\"g-cols vc_row via_flex valign_top type_default stacking_default\"><div class=\"vc_col-sm-12 wpb_column vc_column_container\"><div class=\"vc_column-inner\"><div class=\"wpb_wrapper\"><div class=\"wpb_text_column\"><div class=\"wpb_wrapper\"><h2>Un modo diverso di vivere il flamenco nel 2026<\/h2>\n<p>Il Circuito andaluso delle pe\u00f1as offre qualcosa che non compare sempre nei grandi cartelloni: la possibilit\u00e0 di ascoltare flamenco professionale all\u2019interno di una rete culturale costruita dagli appassionati. La vicinanza, le dimensioni degli spazi e la variet\u00e0 dei comuni cambiano il rapporto tra palcoscenico e pubblico.<\/p>\n<p>Per chi conosce gi\u00e0 il flamenco, il circuito \u00e8 un\u2019occasione per seguire interpreti specifici, scoprire nuove voci e confrontare le atmosfere provinciali. Per chi vi si avvicina per la prima volta, pu\u00f2 essere una porta d\u2019ingresso gratuita, purch\u00e9 comprenda che una pe\u00f1a ha i propri codici e che silenzio, puntualit\u00e0 e rispetto per lo spettacolo fanno parte dell\u2019esperienza.<\/p>\n<p>I 225 spettacoli annunciati trasformano l\u2019edizione 2026 in un\u2019ampia mappa del flamenco andaluso contemporaneo: prevalentemente incentrato sul cante, ma aperto alla danza e alla chitarra; attento alle nuove generazioni e allo stesso tempo legato ai nomi fondamentali della sua memoria.<\/p>\n<\/div><\/div><\/div><\/div><\/div><\/div><\/div><\/section><section class=\"l-section wpb_row height_huge\"><div class=\"l-section-h i-cf\"><div class=\"g-cols vc_row via_flex valign_middle type_default stacking_default\"><div class=\"vc_col-sm-1\/5 wpb_column vc_column_container\"><div class=\"vc_column-inner\"><div class=\"wpb_wrapper\"><\/div><\/div><\/div><div class=\"vc_col-sm-3\/5 wpb_column vc_column_container\"><div class=\"vc_column-inner\"><div class=\"wpb_wrapper\"><div class=\"wpb_text_column\"><div class=\"wpb_wrapper\"><h2 id=\"faq\">Domande frequenti sul Circuito andaluso delle pe\u00f1as 2026<\/h2>\n<\/div><\/div><div class=\"w-separator size_medium\"><\/div><div class=\"w-tabs accordion toggle_style_1 has_scrolling\" style=\"--sections-title-size:inherit;--sections-gap:0.5rem;\"><div class=\"w-tabs-sections titles-align_none icon_chevron cpos_right\"><div class=\"w-tabs-section\" id=\"g19c\"><button type=\"button\" class=\"w-tabs-section-header\" aria-controls=\"content-g19c\" aria-expanded=\"false\"><div class=\"w-tabs-section-title\">Quanti recital comprende il Circuito andaluso delle pe\u00f1as 2026?<\/div><div class=\"w-tabs-section-control\"><\/div><\/button><div  class=\"w-tabs-section-content\" id=\"content-g19c\"><div class=\"w-tabs-section-content-h i-cf\"><div class=\"wpb_text_column\"><div class=\"wpb_wrapper\"><p>La cifra complessiva annunciata ufficialmente \u00e8 di <strong>225 spettacoli<\/strong> di cante, danza e chitarra distribuiti nelle otto province andaluse.<\/p>\n<\/div><\/div><\/div><\/div><\/div><div class=\"w-tabs-section\" id=\"u2c6\"><button type=\"button\" class=\"w-tabs-section-header\" aria-controls=\"content-u2c6\" aria-expanded=\"false\"><div class=\"w-tabs-section-title\">Gli spettacoli del circuito sono gratuiti?<\/div><div class=\"w-tabs-section-control\"><\/div><\/button><div  class=\"w-tabs-section-content\" id=\"content-u2c6\"><div class=\"w-tabs-section-content-h i-cf\"><div class=\"wpb_text_column\"><div class=\"wpb_wrapper\"><p>S\u00ec. Il programma ufficiale indica che l\u2019 <strong>ingresso \u00e8 gratuito fino a esaurimento posti<\/strong>. Alcune pe\u00f1as possono organizzare inviti o conferme di partecipazione, quindi \u00e8 consigliabile controllare ogni scheda.<\/p>\n<\/div><\/div><\/div><\/div><\/div><div class=\"w-tabs-section\" id=\"c3b1\"><button type=\"button\" class=\"w-tabs-section-header\" aria-controls=\"content-c3b1\" aria-expanded=\"false\"><div class=\"w-tabs-section-title\">Quando si svolge il Circuito andaluso delle pe\u00f1as 2026?<\/div><div class=\"w-tabs-section-control\"><\/div><\/button><div  class=\"w-tabs-section-content\" id=\"content-c3b1\"><div class=\"w-tabs-section-content-h i-cf\"><div class=\"wpb_text_column\"><div class=\"wpb_wrapper\"><p>Il calendario completo va dal 6 giugno al 28 novembre 2026, anche se le date cambiano a seconda della provincia. La maggior parte dei recital si concentra tra settembre e novembre.<\/p>\n<\/div><\/div><\/div><\/div><\/div><div class=\"w-tabs-section\" id=\"m499\"><button type=\"button\" class=\"w-tabs-section-header\" aria-controls=\"content-m499\" aria-expanded=\"false\"><div class=\"w-tabs-section-title\">In quali province si tengono gli spettacoli?<\/div><div class=\"w-tabs-section-control\"><\/div><\/button><div  class=\"w-tabs-section-content\" id=\"content-m499\"><div class=\"w-tabs-section-content-h i-cf\"><div class=\"wpb_text_column\"><div class=\"wpb_wrapper\"><p>Il circuito raggiunge <strong>Almer\u00eda, Cadice, Cordova, Granada, Huelva, Ja\u00e9n, M\u00e1laga e Siviglia<\/strong>, con recital nei capoluoghi e in numerosi comuni.<\/p>\n<\/div><\/div><\/div><\/div><\/div><div class=\"w-tabs-section\" id=\"a565\"><button type=\"button\" class=\"w-tabs-section-header\" aria-controls=\"content-a565\" aria-expanded=\"false\"><div class=\"w-tabs-section-title\">Quali discipline del flamenco comprende?<\/div><div class=\"w-tabs-section-control\"><\/div><\/button><div  class=\"w-tabs-section-content\" id=\"content-a565\"><div class=\"w-tabs-section-content-h i-cf\"><div class=\"wpb_text_column\"><div class=\"wpb_wrapper\"><p>L\u2019organizzazione annuncia 181 spettacoli di cante, 31 di danza e 13 di chitarra. In totale parteciperanno almeno 470 artisti.<\/p>\n<\/div><\/div><\/div><\/div><\/div><div class=\"w-tabs-section\" id=\"v633\"><button type=\"button\" class=\"w-tabs-section-header\" aria-controls=\"content-v633\" aria-expanded=\"false\"><div class=\"w-tabs-section-title\">Dove posso consultare gli artisti e gli orari?<\/div><div class=\"w-tabs-section-control\"><\/div><\/button><div  class=\"w-tabs-section-content\" id=\"content-v633\"><div class=\"w-tabs-section-content-h i-cf\"><div class=\"wpb_text_column\"><div class=\"wpb_wrapper\"><p>La fonte principale \u00e8 l\u2019 <strong>Agenda culturale dell\u2019Andalusia<\/strong>. La pagina ufficiale di presentazione rimanda al programma di ogni provincia. \u00c8 inoltre consigliabile controllare i canali della pe\u00f1a ospitante.<\/p>\n<\/div><\/div><\/div><\/div><\/div><div class=\"w-tabs-section\" id=\"i727\"><button type=\"button\" class=\"w-tabs-section-header\" aria-controls=\"content-i727\" aria-expanded=\"false\"><div class=\"w-tabs-section-title\">Bisogna essere soci di una pe\u00f1a per partecipare?<\/div><div class=\"w-tabs-section-control\"><\/div><\/button><div  class=\"w-tabs-section-content\" id=\"content-i727\"><div class=\"w-tabs-section-content-h i-cf\"><div class=\"wpb_text_column\"><div class=\"wpb_wrapper\"><p>I recital del circuito sono annunciati come gratuiti fino a esaurimento posti. Controlla comunque le condizioni di accesso dell\u2019appuntamento specifico, perch\u00e9 l\u2019organizzazione dei posti pu\u00f2 variare a seconda dell\u2019ente e della sede.<\/p>\n<\/div><\/div><\/div><\/div><\/div><div class=\"w-tabs-section\" id=\"k815\"><button type=\"button\" class=\"w-tabs-section-header\" aria-controls=\"content-k815\" aria-expanded=\"false\"><div class=\"w-tabs-section-title\">Il programma pu\u00f2 cambiare?<\/div><div class=\"w-tabs-section-control\"><\/div><\/button><div  class=\"w-tabs-section-content\" id=\"content-k815\"><div class=\"w-tabs-section-content-h i-cf\"><div class=\"wpb_text_column\"><div class=\"wpb_wrapper\"><p>S\u00ec. Le agende provinciali avvertono che date, orari o artisti possono subire variazioni. Conferma sempre le informazioni poco prima di partire.<\/p>\n<\/div><\/div><\/div><\/div><\/div><div class=\"w-tabs-section\" id=\"i907\"><button type=\"button\" class=\"w-tabs-section-header\" aria-controls=\"content-i907\" aria-expanded=\"false\"><div class=\"w-tabs-section-title\">Quale provincia ha pi\u00f9 recital?<\/div><div class=\"w-tabs-section-control\"><\/div><\/button><div  class=\"w-tabs-section-content\" id=\"content-i907\"><div class=\"w-tabs-section-content-h i-cf\"><div class=\"wpb_text_column\"><div class=\"wpb_wrapper\"><p>Siviglia guida il dettaglio provinciale con 56 spettacoli, seguita da M\u00e1laga con 35, Cadice con 33, e Ja\u00e9n e Cordova con 30 ciascuna.<\/p>\n<\/div><\/div><\/div><\/div><\/div><div class=\"w-tabs-section\" id=\"xa03\"><button type=\"button\" class=\"w-tabs-section-header\" aria-controls=\"content-xa03\" aria-expanded=\"false\"><div class=\"w-tabs-section-title\">Perch\u00e9 i subtotali provinciali non arrivano a 225?<\/div><div class=\"w-tabs-section-control\"><\/div><\/button><div  class=\"w-tabs-section-content\" id=\"content-xa03\"><div class=\"w-tabs-section-content-h i-cf\"><div class=\"wpb_text_column\"><div class=\"wpb_wrapper\"><p>La cifra complessiva e la ripartizione per disciplina pubblicate dall\u2019organizzazione sommano 225, ma i subtotali provinciali diffusi nella presentazione arrivano a 224. Probabilmente esiste una differenza di aggiornamento in uno dei conteggi. L\u2019Agenda culturale dell\u2019Andalusia va considerata come riferimento per il programma attuale.<\/p>\n<\/div><\/div><\/div><\/div><\/div><\/div><\/div><\/div><\/div><\/div><div class=\"vc_col-sm-1\/5 wpb_column vc_column_container\"><div class=\"vc_column-inner\"><div class=\"wpb_wrapper\"><\/div><\/div><\/div><\/div><\/div><\/section>\n","protected":false},"excerpt":{"rendered":"<p>Il Circuito andaluso delle pe\u00f1as 2026 riunisce 225 recital gratuiti di cante, danza e chitarra nelle otto province. Scopri date, accesso e programma.<\/p>\n","protected":false},"author":1,"featured_media":14272,"comment_status":"closed","ping_status":"closed","sticky":false,"template":"","format":"standard","meta":{"_acf_changed":false,"wpai_generated_summary":"","_ayudawp_aiss_exclude":false,"_ayudawp_aiss_exclude_summary":false,"_ayudawp_aiss_summary":"","_ayudawp_aiss_summary_provider":"","_ayudawp_aiss_summary_hash":"","footnotes":""},"categories":[1901],"tags":[1398,1929,1402,1252,1931,1947,1937],"class_list":["post-14310","post","type-post","status-publish","format-standard","has-post-thumbnail","hentry","category-penas-di-flamenco","tag-cante-flamenco-it","tag-circuito-andaluso-delle-penas","tag-danza-flamenca","tag-festivales-flamencos","tag-flamenco-andaluso","tag-flamenco-gratuito","tag-penas-flamencas-it"],"acf":[],"yoast_head":"<!-- This site is optimized with the Yoast SEO Premium plugin v28.4 (Yoast SEO v28.4) - https:\/\/yoast.com\/product\/yoast-seo-premium-wordpress\/ -->\n<title>Circuito andaluso delle pe\u00f1as 2026: 225 recital gratuiti<\/title>\n<meta name=\"description\" content=\"Scopri il Circuito andaluso delle pe\u00f1as 2026: 225 recital gratuiti, date per provincia, artisti, sedi, orari e modalit\u00e0 di accesso.\" \/>\n<meta name=\"robots\" content=\"index, follow, max-snippet:-1, max-image-preview:large, max-video-preview:-1\" \/>\n<link rel=\"canonical\" href=\"https:\/\/www.tablaosflamencos.com\/it\/circuito-andaluso-penas-flamencas-2026-recital-gratuiti.html\" \/>\n<meta property=\"og:locale\" content=\"it_IT\" \/>\n<meta property=\"og:type\" content=\"article\" \/>\n<meta property=\"og:title\" content=\"Circuito andaluso delle pe\u00f1as 2026: 225 recital di flamenco gratuiti\" \/>\n<meta property=\"og:description\" content=\"Scopri il Circuito andaluso delle pe\u00f1as 2026: 225 recital gratuiti, date per provincia, artisti, sedi, orari e modalit\u00e0 di accesso.\" \/>\n<meta property=\"og:url\" content=\"https:\/\/www.tablaosflamencos.com\/it\/circuito-andaluso-penas-flamencas-2026-recital-gratuiti.html\" \/>\n<meta property=\"og:site_name\" content=\"Tablaos Flamencos\" \/>\n<meta property=\"article:publisher\" content=\"https:\/\/www.facebook.com\/tablaosflamencos\" \/>\n<meta property=\"article:published_time\" content=\"2026-09-03T21:19:59+00:00\" \/>\n<meta property=\"article:modified_time\" content=\"2026-09-03T22:08:21+00:00\" \/>\n<meta property=\"og:image\" content=\"https:\/\/www.tablaosflamencos.com\/wp-content\/uploads\/circuito-andaluz-de-penas-2026-225-recitales-de-flamenco-gratis-por-toda-andalucia-01.webp\" \/>\n\t<meta property=\"og:image:width\" content=\"1672\" \/>\n\t<meta property=\"og:image:height\" content=\"941\" \/>\n\t<meta property=\"og:image:type\" content=\"image\/webp\" \/>\n<meta name=\"author\" content=\"Miguel Ortiz\" \/>\n<meta name=\"twitter:card\" content=\"summary_large_image\" \/>\n<meta name=\"twitter:creator\" content=\"@tablaosflamenco\" \/>\n<meta name=\"twitter:site\" content=\"@tablaosflamenco\" \/>\n<meta name=\"twitter:label1\" content=\"Scritto da\" \/>\n\t<meta name=\"twitter:data1\" content=\"Miguel Ortiz\" \/>\n\t<meta name=\"twitter:label2\" content=\"Tempo di lettura stimato\" \/>\n\t<meta name=\"twitter:data2\" content=\"23 minuti\" \/>\n<script type=\"application\/ld+json\" class=\"yoast-schema-graph\">{\"@context\":\"https:\\\/\\\/schema.org\",\"@graph\":[{\"@type\":\"Article\",\"@id\":\"https:\\\/\\\/www.tablaosflamencos.com\\\/it\\\/circuito-andaluso-penas-flamencas-2026-recital-gratuiti.html#article\",\"isPartOf\":{\"@id\":\"https:\\\/\\\/www.tablaosflamencos.com\\\/it\\\/circuito-andaluso-penas-flamencas-2026-recital-gratuiti.html\"},\"author\":{\"name\":\"Miguel Ortiz\",\"@id\":\"https:\\\/\\\/www.tablaosflamencos.com\\\/it#\\\/schema\\\/person\\\/e7a9ebe14eb75a52ceabfbffb3c54f5d\"},\"headline\":\"Circuito andaluso delle pe\u00f1as 2026: 225 recital di flamenco gratuiti\",\"datePublished\":\"2026-09-03T21:19:59+00:00\",\"dateModified\":\"2026-09-03T22:08:21+00:00\",\"mainEntityOfPage\":{\"@id\":\"https:\\\/\\\/www.tablaosflamencos.com\\\/it\\\/circuito-andaluso-penas-flamencas-2026-recital-gratuiti.html\"},\"wordCount\":4607,\"publisher\":{\"@id\":\"https:\\\/\\\/www.tablaosflamencos.com\\\/it#organization\"},\"image\":{\"@id\":\"https:\\\/\\\/www.tablaosflamencos.com\\\/it\\\/circuito-andaluso-penas-flamencas-2026-recital-gratuiti.html#primaryimage\"},\"thumbnailUrl\":\"https:\\\/\\\/www.tablaosflamencos.com\\\/wp-content\\\/uploads\\\/circuito-andaluz-de-penas-2026-225-recitales-de-flamenco-gratis-por-toda-andalucia-01.webp\",\"keywords\":[\"cante flamenco\",\"Circuito andaluso delle pe\u00f1as\",\"danza flamenca\",\"festivales flamencos\",\"flamenco andaluso\",\"flamenco gratuito\",\"pe\u00f1as flamencas\"],\"articleSection\":[\"Pe\u00f1as di flamenco\"],\"inLanguage\":\"it-IT\"},{\"@type\":\"WebPage\",\"@id\":\"https:\\\/\\\/www.tablaosflamencos.com\\\/it\\\/circuito-andaluso-penas-flamencas-2026-recital-gratuiti.html\",\"url\":\"https:\\\/\\\/www.tablaosflamencos.com\\\/it\\\/circuito-andaluso-penas-flamencas-2026-recital-gratuiti.html\",\"name\":\"Circuito andaluso delle pe\u00f1as 2026: 225 recital gratuiti\",\"isPartOf\":{\"@id\":\"https:\\\/\\\/www.tablaosflamencos.com\\\/it#website\"},\"primaryImageOfPage\":{\"@id\":\"https:\\\/\\\/www.tablaosflamencos.com\\\/it\\\/circuito-andaluso-penas-flamencas-2026-recital-gratuiti.html#primaryimage\"},\"image\":{\"@id\":\"https:\\\/\\\/www.tablaosflamencos.com\\\/it\\\/circuito-andaluso-penas-flamencas-2026-recital-gratuiti.html#primaryimage\"},\"thumbnailUrl\":\"https:\\\/\\\/www.tablaosflamencos.com\\\/wp-content\\\/uploads\\\/circuito-andaluz-de-penas-2026-225-recitales-de-flamenco-gratis-por-toda-andalucia-01.webp\",\"datePublished\":\"2026-09-03T21:19:59+00:00\",\"dateModified\":\"2026-09-03T22:08:21+00:00\",\"description\":\"Scopri il Circuito andaluso delle pe\u00f1as 2026: 225 recital gratuiti, date per provincia, artisti, sedi, orari e modalit\u00e0 di accesso.\",\"breadcrumb\":{\"@id\":\"https:\\\/\\\/www.tablaosflamencos.com\\\/it\\\/circuito-andaluso-penas-flamencas-2026-recital-gratuiti.html#breadcrumb\"},\"inLanguage\":\"it-IT\",\"potentialAction\":[{\"@type\":\"ReadAction\",\"target\":[\"https:\\\/\\\/www.tablaosflamencos.com\\\/it\\\/circuito-andaluso-penas-flamencas-2026-recital-gratuiti.html\"]}]},{\"@type\":\"ImageObject\",\"inLanguage\":\"it-IT\",\"@id\":\"https:\\\/\\\/www.tablaosflamencos.com\\\/it\\\/circuito-andaluso-penas-flamencas-2026-recital-gratuiti.html#primaryimage\",\"url\":\"https:\\\/\\\/www.tablaosflamencos.com\\\/wp-content\\\/uploads\\\/circuito-andaluz-de-penas-2026-225-recitales-de-flamenco-gratis-por-toda-andalucia-01.webp\",\"contentUrl\":\"https:\\\/\\\/www.tablaosflamencos.com\\\/wp-content\\\/uploads\\\/circuito-andaluz-de-penas-2026-225-recitales-de-flamenco-gratis-por-toda-andalucia-01.webp\",\"width\":1672,\"height\":941,\"caption\":\"Circuito Andaluz de Pe\u00f1as 2026: 225 recitales de flamenco gratis por toda Andaluc\u00eda\"},{\"@type\":\"BreadcrumbList\",\"@id\":\"https:\\\/\\\/www.tablaosflamencos.com\\\/it\\\/circuito-andaluso-penas-flamencas-2026-recital-gratuiti.html#breadcrumb\",\"itemListElement\":[{\"@type\":\"ListItem\",\"position\":1,\"name\":\"Home\",\"item\":\"https:\\\/\\\/www.tablaosflamencos.com\\\/it\"},{\"@type\":\"ListItem\",\"position\":2,\"name\":\"Circuito andaluso delle pe\u00f1as 2026: 225 recital di flamenco gratuiti\"}]},{\"@type\":\"WebSite\",\"@id\":\"https:\\\/\\\/www.tablaosflamencos.com\\\/it#website\",\"url\":\"https:\\\/\\\/www.tablaosflamencos.com\\\/it\",\"name\":\"Tablaos Flamencos\",\"description\":\"Entradas para tablaos flamencos de Espa\u00f1a\",\"publisher\":{\"@id\":\"https:\\\/\\\/www.tablaosflamencos.com\\\/it#organization\"},\"alternateName\":\"Tablaos Flamencos\",\"potentialAction\":[{\"@type\":\"SearchAction\",\"target\":{\"@type\":\"EntryPoint\",\"urlTemplate\":\"https:\\\/\\\/www.tablaosflamencos.com\\\/it?s={search_term_string}\"},\"query-input\":{\"@type\":\"PropertyValueSpecification\",\"valueRequired\":true,\"valueName\":\"search_term_string\"}}],\"inLanguage\":\"it-IT\"},{\"@type\":[\"Organization\",\"Place\",\"EntertainmentBusiness\"],\"@id\":\"https:\\\/\\\/www.tablaosflamencos.com\\\/it#organization\",\"name\":\"Tablaos Flamencos\",\"alternateName\":\"Tablaos Flamencos\",\"url\":\"https:\\\/\\\/www.tablaosflamencos.com\\\/it\",\"logo\":{\"@id\":\"https:\\\/\\\/www.tablaosflamencos.com\\\/it\\\/circuito-andaluso-penas-flamencas-2026-recital-gratuiti.html#local-main-organization-logo\"},\"image\":{\"@id\":\"https:\\\/\\\/www.tablaosflamencos.com\\\/it\\\/circuito-andaluso-penas-flamencas-2026-recital-gratuiti.html#local-main-organization-logo\"},\"sameAs\":[\"https:\\\/\\\/www.facebook.com\\\/tablaosflamencos\",\"https:\\\/\\\/x.com\\\/tablaosflamenco\",\"https:\\\/\\\/mastodon.social\\\/@tablaosflamencos\",\"https:\\\/\\\/www.instagram.com\\\/tablaosflamencos\",\"https:\\\/\\\/tiktok.com\\\/@tablaosflamencos\",\"https:\\\/\\\/www.linkedin.com\\\/company\\\/109408238\\\/\"],\"description\":\"Venta de entradas para espect\u00e1culos flamencos\",\"legalName\":\"Tablaos Flamencos\",\"foundingDate\":\"2015-01-01\",\"numberOfEmployees\":{\"@type\":\"QuantitativeValue\",\"minValue\":\"1\",\"maxValue\":\"10\"},\"address\":{\"@id\":\"https:\\\/\\\/www.tablaosflamencos.com\\\/it\\\/circuito-andaluso-penas-flamencas-2026-recital-gratuiti.html#local-main-place-address\"},\"geo\":{\"@type\":\"GeoCoordinates\",\"latitude\":\"37.3868072\",\"longitude\":\"-5.993280299999999\"},\"telephone\":[\"+34623787787\"],\"contactPoint\":{\"@type\":\"ContactPoint\",\"telephone\":\"+34623787787\",\"email\":\"info@tablaosflamencos.com\"},\"openingHoursSpecification\":{\"@type\":\"OpeningHoursSpecification\",\"dayOfWeek\":[\"Monday\",\"Tuesday\",\"Wednesday\",\"Thursday\",\"Friday\",\"Saturday\",\"Sunday\"],\"opens\":\"00:00\",\"closes\":\"23:59\"},\"email\":\"info@tablaosflamencos.com\",\"priceRange\":\"$$$\",\"currenciesAccepted\":\"\u20ac\"},{\"@type\":\"Person\",\"@id\":\"https:\\\/\\\/www.tablaosflamencos.com\\\/it#\\\/schema\\\/person\\\/e7a9ebe14eb75a52ceabfbffb3c54f5d\",\"name\":\"Miguel Ortiz\",\"description\":\"Miguel Ortiz es un empresario flamenco, con una s\u00f3lida trayectoria dentro del sector. Ha presidido entidades culturales vinculadas al flamenco y, cuenta con un amplio recorrido profesional en la gesti\u00f3n y promoci\u00f3n de espect\u00e1culos y tablaos flamencos. Su pasi\u00f3n por la historia y el arte flamenco se refleja en cada art\u00edculo, donde combina experiencia, criterio y un profundo respeto por la tradici\u00f3n.\",\"sameAs\":[\"https:\\\/\\\/www.tablaosflamencos.com\",\"https:\\\/\\\/www.instagra.com\\\/miguelortizfe\",\"https:\\\/\\\/www.linkedin.com\\\/in\\\/miguelortizf\\\/\"],\"birthDate\":\"1984-11-22\",\"gender\":\"hombre\",\"knowsLanguage\":[\"espa\u00f1ol\",\"ingl\u00e9s\"],\"jobTitle\":\"Empresario flamenco\"},{\"@type\":\"PostalAddress\",\"@id\":\"https:\\\/\\\/www.tablaosflamencos.com\\\/it\\\/circuito-andaluso-penas-flamencas-2026-recital-gratuiti.html#local-main-place-address\",\"streetAddress\":\"C\\\/ Alemanes, 19\",\"addressLocality\":\"Sevilla\",\"postalCode\":\"41004\",\"addressRegion\":\"Sevilla\",\"addressCountry\":\"ES\"},{\"@type\":\"ImageObject\",\"inLanguage\":\"it-IT\",\"@id\":\"https:\\\/\\\/www.tablaosflamencos.com\\\/it\\\/circuito-andaluso-penas-flamencas-2026-recital-gratuiti.html#local-main-organization-logo\",\"url\":\"https:\\\/\\\/www.tablaosflamencos.com\\\/wp-content\\\/uploads\\\/tablaos-flamencos-06-3.webp\",\"contentUrl\":\"https:\\\/\\\/www.tablaosflamencos.com\\\/wp-content\\\/uploads\\\/tablaos-flamencos-06-3.webp\",\"width\":600,\"height\":620,\"caption\":\"Tablaos Flamencos\"}]}<\/script>\n<meta name=\"geo.placename\" content=\"Sevilla\" \/>\n<meta name=\"geo.position\" content=\"37.3868072;-5.993280299999999\" \/>\n<meta name=\"geo.region\" content=\"Spagna\" \/>\n<!-- \/ Yoast SEO Premium plugin. -->","yoast_head_json":{"title":"Circuito andaluso delle pe\u00f1as 2026: 225 recital gratuiti","description":"Scopri il Circuito andaluso delle pe\u00f1as 2026: 225 recital gratuiti, date per provincia, artisti, sedi, orari e modalit\u00e0 di accesso.","robots":{"index":"index","follow":"follow","max-snippet":"max-snippet:-1","max-image-preview":"max-image-preview:large","max-video-preview":"max-video-preview:-1"},"canonical":"https:\/\/www.tablaosflamencos.com\/it\/circuito-andaluso-penas-flamencas-2026-recital-gratuiti.html","og_locale":"it_IT","og_type":"article","og_title":"Circuito andaluso delle pe\u00f1as 2026: 225 recital di flamenco gratuiti","og_description":"Scopri il Circuito andaluso delle pe\u00f1as 2026: 225 recital gratuiti, date per provincia, artisti, sedi, orari e modalit\u00e0 di accesso.","og_url":"https:\/\/www.tablaosflamencos.com\/it\/circuito-andaluso-penas-flamencas-2026-recital-gratuiti.html","og_site_name":"Tablaos Flamencos","article_publisher":"https:\/\/www.facebook.com\/tablaosflamencos","article_published_time":"2026-09-03T21:19:59+00:00","article_modified_time":"2026-09-03T22:08:21+00:00","og_image":[{"width":1672,"height":941,"url":"https:\/\/www.tablaosflamencos.com\/wp-content\/uploads\/circuito-andaluz-de-penas-2026-225-recitales-de-flamenco-gratis-por-toda-andalucia-01.webp","type":"image\/webp"}],"author":"Miguel Ortiz","twitter_card":"summary_large_image","twitter_creator":"@tablaosflamenco","twitter_site":"@tablaosflamenco","twitter_misc":{"Scritto da":"Miguel Ortiz","Tempo di lettura stimato":"23 minuti"},"schema":{"@context":"https:\/\/schema.org","@graph":[{"@type":"Article","@id":"https:\/\/www.tablaosflamencos.com\/it\/circuito-andaluso-penas-flamencas-2026-recital-gratuiti.html#article","isPartOf":{"@id":"https:\/\/www.tablaosflamencos.com\/it\/circuito-andaluso-penas-flamencas-2026-recital-gratuiti.html"},"author":{"name":"Miguel Ortiz","@id":"https:\/\/www.tablaosflamencos.com\/it#\/schema\/person\/e7a9ebe14eb75a52ceabfbffb3c54f5d"},"headline":"Circuito andaluso delle pe\u00f1as 2026: 225 recital di flamenco gratuiti","datePublished":"2026-09-03T21:19:59+00:00","dateModified":"2026-09-03T22:08:21+00:00","mainEntityOfPage":{"@id":"https:\/\/www.tablaosflamencos.com\/it\/circuito-andaluso-penas-flamencas-2026-recital-gratuiti.html"},"wordCount":4607,"publisher":{"@id":"https:\/\/www.tablaosflamencos.com\/it#organization"},"image":{"@id":"https:\/\/www.tablaosflamencos.com\/it\/circuito-andaluso-penas-flamencas-2026-recital-gratuiti.html#primaryimage"},"thumbnailUrl":"https:\/\/www.tablaosflamencos.com\/wp-content\/uploads\/circuito-andaluz-de-penas-2026-225-recitales-de-flamenco-gratis-por-toda-andalucia-01.webp","keywords":["cante flamenco","Circuito andaluso delle pe\u00f1as","danza flamenca","festivales flamencos","flamenco andaluso","flamenco gratuito","pe\u00f1as flamencas"],"articleSection":["Pe\u00f1as di flamenco"],"inLanguage":"it-IT"},{"@type":"WebPage","@id":"https:\/\/www.tablaosflamencos.com\/it\/circuito-andaluso-penas-flamencas-2026-recital-gratuiti.html","url":"https:\/\/www.tablaosflamencos.com\/it\/circuito-andaluso-penas-flamencas-2026-recital-gratuiti.html","name":"Circuito andaluso delle pe\u00f1as 2026: 225 recital gratuiti","isPartOf":{"@id":"https:\/\/www.tablaosflamencos.com\/it#website"},"primaryImageOfPage":{"@id":"https:\/\/www.tablaosflamencos.com\/it\/circuito-andaluso-penas-flamencas-2026-recital-gratuiti.html#primaryimage"},"image":{"@id":"https:\/\/www.tablaosflamencos.com\/it\/circuito-andaluso-penas-flamencas-2026-recital-gratuiti.html#primaryimage"},"thumbnailUrl":"https:\/\/www.tablaosflamencos.com\/wp-content\/uploads\/circuito-andaluz-de-penas-2026-225-recitales-de-flamenco-gratis-por-toda-andalucia-01.webp","datePublished":"2026-09-03T21:19:59+00:00","dateModified":"2026-09-03T22:08:21+00:00","description":"Scopri il Circuito andaluso delle pe\u00f1as 2026: 225 recital gratuiti, date per provincia, artisti, sedi, orari e modalit\u00e0 di accesso.","breadcrumb":{"@id":"https:\/\/www.tablaosflamencos.com\/it\/circuito-andaluso-penas-flamencas-2026-recital-gratuiti.html#breadcrumb"},"inLanguage":"it-IT","potentialAction":[{"@type":"ReadAction","target":["https:\/\/www.tablaosflamencos.com\/it\/circuito-andaluso-penas-flamencas-2026-recital-gratuiti.html"]}]},{"@type":"ImageObject","inLanguage":"it-IT","@id":"https:\/\/www.tablaosflamencos.com\/it\/circuito-andaluso-penas-flamencas-2026-recital-gratuiti.html#primaryimage","url":"https:\/\/www.tablaosflamencos.com\/wp-content\/uploads\/circuito-andaluz-de-penas-2026-225-recitales-de-flamenco-gratis-por-toda-andalucia-01.webp","contentUrl":"https:\/\/www.tablaosflamencos.com\/wp-content\/uploads\/circuito-andaluz-de-penas-2026-225-recitales-de-flamenco-gratis-por-toda-andalucia-01.webp","width":1672,"height":941,"caption":"Circuito Andaluz de Pe\u00f1as 2026: 225 recitales de flamenco gratis por toda Andaluc\u00eda"},{"@type":"BreadcrumbList","@id":"https:\/\/www.tablaosflamencos.com\/it\/circuito-andaluso-penas-flamencas-2026-recital-gratuiti.html#breadcrumb","itemListElement":[{"@type":"ListItem","position":1,"name":"Home","item":"https:\/\/www.tablaosflamencos.com\/it"},{"@type":"ListItem","position":2,"name":"Circuito andaluso delle pe\u00f1as 2026: 225 recital di flamenco gratuiti"}]},{"@type":"WebSite","@id":"https:\/\/www.tablaosflamencos.com\/it#website","url":"https:\/\/www.tablaosflamencos.com\/it","name":"Tablaos Flamencos","description":"Entradas para tablaos flamencos de Espa\u00f1a","publisher":{"@id":"https:\/\/www.tablaosflamencos.com\/it#organization"},"alternateName":"Tablaos Flamencos","potentialAction":[{"@type":"SearchAction","target":{"@type":"EntryPoint","urlTemplate":"https:\/\/www.tablaosflamencos.com\/it?s={search_term_string}"},"query-input":{"@type":"PropertyValueSpecification","valueRequired":true,"valueName":"search_term_string"}}],"inLanguage":"it-IT"},{"@type":["Organization","Place","EntertainmentBusiness"],"@id":"https:\/\/www.tablaosflamencos.com\/it#organization","name":"Tablaos Flamencos","alternateName":"Tablaos Flamencos","url":"https:\/\/www.tablaosflamencos.com\/it","logo":{"@id":"https:\/\/www.tablaosflamencos.com\/it\/circuito-andaluso-penas-flamencas-2026-recital-gratuiti.html#local-main-organization-logo"},"image":{"@id":"https:\/\/www.tablaosflamencos.com\/it\/circuito-andaluso-penas-flamencas-2026-recital-gratuiti.html#local-main-organization-logo"},"sameAs":["https:\/\/www.facebook.com\/tablaosflamencos","https:\/\/x.com\/tablaosflamenco","https:\/\/mastodon.social\/@tablaosflamencos","https:\/\/www.instagram.com\/tablaosflamencos","https:\/\/tiktok.com\/@tablaosflamencos","https:\/\/www.linkedin.com\/company\/109408238\/"],"description":"Venta de entradas para espect\u00e1culos flamencos","legalName":"Tablaos Flamencos","foundingDate":"2015-01-01","numberOfEmployees":{"@type":"QuantitativeValue","minValue":"1","maxValue":"10"},"address":{"@id":"https:\/\/www.tablaosflamencos.com\/it\/circuito-andaluso-penas-flamencas-2026-recital-gratuiti.html#local-main-place-address"},"geo":{"@type":"GeoCoordinates","latitude":"37.3868072","longitude":"-5.993280299999999"},"telephone":["+34623787787"],"contactPoint":{"@type":"ContactPoint","telephone":"+34623787787","email":"info@tablaosflamencos.com"},"openingHoursSpecification":{"@type":"OpeningHoursSpecification","dayOfWeek":["Monday","Tuesday","Wednesday","Thursday","Friday","Saturday","Sunday"],"opens":"00:00","closes":"23:59"},"email":"info@tablaosflamencos.com","priceRange":"$$$","currenciesAccepted":"\u20ac"},{"@type":"Person","@id":"https:\/\/www.tablaosflamencos.com\/it#\/schema\/person\/e7a9ebe14eb75a52ceabfbffb3c54f5d","name":"Miguel Ortiz","description":"Miguel Ortiz es un empresario flamenco, con una s\u00f3lida trayectoria dentro del sector. Ha presidido entidades culturales vinculadas al flamenco y, cuenta con un amplio recorrido profesional en la gesti\u00f3n y promoci\u00f3n de espect\u00e1culos y tablaos flamencos. Su pasi\u00f3n por la historia y el arte flamenco se refleja en cada art\u00edculo, donde combina experiencia, criterio y un profundo respeto por la tradici\u00f3n.","sameAs":["https:\/\/www.tablaosflamencos.com","https:\/\/www.instagra.com\/miguelortizfe","https:\/\/www.linkedin.com\/in\/miguelortizf\/"],"birthDate":"1984-11-22","gender":"hombre","knowsLanguage":["espa\u00f1ol","ingl\u00e9s"],"jobTitle":"Empresario flamenco"},{"@type":"PostalAddress","@id":"https:\/\/www.tablaosflamencos.com\/it\/circuito-andaluso-penas-flamencas-2026-recital-gratuiti.html#local-main-place-address","streetAddress":"C\/ Alemanes, 19","addressLocality":"Sevilla","postalCode":"41004","addressRegion":"Sevilla","addressCountry":"ES"},{"@type":"ImageObject","inLanguage":"it-IT","@id":"https:\/\/www.tablaosflamencos.com\/it\/circuito-andaluso-penas-flamencas-2026-recital-gratuiti.html#local-main-organization-logo","url":"https:\/\/www.tablaosflamencos.com\/wp-content\/uploads\/tablaos-flamencos-06-3.webp","contentUrl":"https:\/\/www.tablaosflamencos.com\/wp-content\/uploads\/tablaos-flamencos-06-3.webp","width":600,"height":620,"caption":"Tablaos Flamencos"}]},"geo.placename":"Sevilla","geo.position":{"lat":"37.3868072","long":"-5.993280299999999"},"geo.region":"Spagna"},"_links":{"self":[{"href":"https:\/\/www.tablaosflamencos.com\/it\/wp-json\/wp\/v2\/posts\/14310","targetHints":{"allow":["GET"]}}],"collection":[{"href":"https:\/\/www.tablaosflamencos.com\/it\/wp-json\/wp\/v2\/posts"}],"about":[{"href":"https:\/\/www.tablaosflamencos.com\/it\/wp-json\/wp\/v2\/types\/post"}],"author":[{"embeddable":true,"href":"https:\/\/www.tablaosflamencos.com\/it\/wp-json\/wp\/v2\/users\/1"}],"replies":[{"embeddable":true,"href":"https:\/\/www.tablaosflamencos.com\/it\/wp-json\/wp\/v2\/comments?post=14310"}],"version-history":[{"count":1,"href":"https:\/\/www.tablaosflamencos.com\/it\/wp-json\/wp\/v2\/posts\/14310\/revisions"}],"predecessor-version":[{"id":14361,"href":"https:\/\/www.tablaosflamencos.com\/it\/wp-json\/wp\/v2\/posts\/14310\/revisions\/14361"}],"wp:featuredmedia":[{"embeddable":true,"href":"https:\/\/www.tablaosflamencos.com\/it\/wp-json\/wp\/v2\/media\/14272"}],"wp:attachment":[{"href":"https:\/\/www.tablaosflamencos.com\/it\/wp-json\/wp\/v2\/media?parent=14310"}],"wp:term":[{"taxonomy":"category","embeddable":true,"href":"https:\/\/www.tablaosflamencos.com\/it\/wp-json\/wp\/v2\/categories?post=14310"},{"taxonomy":"post_tag","embeddable":true,"href":"https:\/\/www.tablaosflamencos.com\/it\/wp-json\/wp\/v2\/tags?post=14310"}],"curies":[{"name":"wp","href":"https:\/\/api.w.org\/{rel}","templated":true}]}}