{"id":14285,"date":"2026-09-03T22:54:58","date_gmt":"2026-09-03T20:54:58","guid":{"rendered":"https:\/\/www.tablaosflamencos.com\/?p=14285"},"modified":"2026-09-03T23:47:30","modified_gmt":"2026-09-03T21:47:30","slug":"flamenco-siviglia-biennale-2026-spettacoli-fuori-programma-ufficiale","status":"publish","type":"post","link":"https:\/\/www.tablaosflamencos.com\/it\/flamenco-siviglia-biennale-2026-spettacoli-fuori-programma-ufficiale.html","title":{"rendered":"Flamenco a Siviglia durante la Biennale: dove vedere spettacoli oltre il programma ufficiale"},"content":{"rendered":"<section class=\"l-section wpb_row height_huge\"><div class=\"l-section-h i-cf\"><div class=\"g-cols vc_row via_flex valign_top type_default stacking_default\"><div class=\"vc_col-sm-6 wpb_column vc_column_container\"><div class=\"vc_column-inner\"><div class=\"wpb_wrapper\"><div class=\"wpb_text_column\"><div class=\"wpb_wrapper\"><h2>La Biennale non \u00e8 l\u2019unico posto dove vedere flamenco a Siviglia<\/h2>\n<p>Durante la <strong>Biennale di Flamenco di Siviglia 2026<\/strong>, la citt\u00e0 vive quasi quattro settimane di attivit\u00e0 intensa: grandi produzioni, prime, recital, spettacoli di danza, concerti di chitarra e proposte distribuite tra teatri e spazi monumentali. Ma il flamenco di Siviglia non inizia n\u00e9 finisce con il programma ufficiale.<\/p>\n<p>Mentre la Biennale si svolge tra il <strong>9 settembre e il 3 ottobre 2026<\/strong>, i tablaos della citt\u00e0 mantengono la loro normale attivit\u00e0. Questo apre una possibilit\u00e0 particolarmente interessante per chi viaggia a Siviglia in quelle date: combinare una funzione ufficiale con uno spettacolo di tablao e conoscere due modi molto diversi \u2014 e complementari \u2014 di vivere il flamenco.<\/p>\n<\/div><\/div><\/div><\/div><\/div><div class=\"vc_col-sm-6 wpb_column vc_column_container\"><div class=\"vc_column-inner\"><div class=\"wpb_wrapper\"><div class=\"wpb_text_column\"><div class=\"wpb_wrapper\"><h2>Due modi complementari di vivere il flamenco<\/h2>\n<p>La Biennale permette di assistere a grandi produzioni, prime assolute e incontri concepiti per un\u2019occasione precisa. Il tablao offre un\u2019altra scala: artisti a pochi metri, cante, baile e chitarra in rapporto diretto con il pubblico, formati di circa un\u2019ora e una programmazione molto pi\u00f9 facile da inserire in un pomeriggio o una serata di visite in citt\u00e0.<\/p>\n<p><strong>L\u2019idea di questa guida non \u00e8 scegliere tra Biennale e tablao, ma aiutarti a combinare entrambi i formati durante un soggiorno a Siviglia.<\/strong><\/p>\n<\/div><\/div><\/div><\/div><\/div><\/div><\/div><\/section><section class=\"l-section wpb_row height_huge color_alternate with_shape\"><div class=\"l-section-shape type_zigzag pos_top hor_flip\" style=\"height:3vmin;\"><svg xmlns=\"http:\/\/www.w3.org\/2000\/svg\" viewBox=\"0 0 64 8\" preserveAspectRatio=\"none\" width=\"100%\" height=\"100%\">\r\n\t<path fill=\"currentColor\" d=\"M64 8 L0 8 L0 0 L20 7.9 L40 3 L48 5 L64 0 Z\"\/>\r\n<\/svg><\/div><div class=\"l-section-shape type_zigzag pos_bottom\" style=\"height:3vmin;\"><svg xmlns=\"http:\/\/www.w3.org\/2000\/svg\" viewBox=\"0 0 64 8\" preserveAspectRatio=\"none\" width=\"100%\" height=\"100%\">\r\n\t<path fill=\"currentColor\" d=\"M64 8 L0 8 L0 0 L20 7.9 L40 3 L48 5 L64 0 Z\"\/>\r\n<\/svg><\/div><div class=\"l-section-h i-cf\"><div class=\"g-cols vc_row via_flex valign_top type_default stacking_default\"><div class=\"vc_col-sm-12 wpb_column vc_column_container\"><div class=\"vc_column-inner\"><div class=\"wpb_wrapper\"><div class=\"wpb_text_column\"><div class=\"wpb_wrapper\"><blockquote>\n<p><strong>Risposta rapida:<\/strong> durante la Biennale di Flamenco 2026 puoi continuare a vedere flamenco fuori dal programma ufficiale in numerosi tablaos di Siviglia. Nel centro spiccano opzioni intorno a Las Setas, Plaza Nueva, Santa Cruz, calle Zaragoza e Corral del Rey; anche a Triana ci sono spettacoli stabili vicino al Guadalquivir. Se resti pi\u00f9 giorni, uno dei modi migliori per capire il flamenco di Siviglia \u00e8 combinare almeno una grande funzione della Biennale con una serata di tablao.<\/p>\n<\/blockquote>\n<p><strong>Ultimo aggiornamento: 3 settembre 2026.<\/strong> Orari, prezzi e disponibilit\u00e0 dei tablaos possono cambiare in base alla data. Conviene verificare sempre i posti realmente disponibili prima di organizzare la serata.<\/p>\n<\/div><\/div><div class=\"w-separator size_medium\"><\/div><div class=\"w-hwrapper valign_top wrap stack_on_mobiles align_center\" style=\"--hwrapper-gap:1.2rem\"><div class=\"w-btn-wrapper align_none\"><a class=\"w-btn us-btn-style_1\" href=\"https:\/\/www.tablaosflamencos.com\/it\/flamenco-a-siviglia\"><span class=\"w-btn-label\">Vedi il flamenco disponibile a Siviglia<\/span><\/a><\/div><div class=\"w-btn-wrapper align_none\"><a class=\"w-btn us-btn-style_1\" href=\"https:\/\/www.tablaosflamencos.com\/it\/biennale-flamenco-siviglia-2026.html\"><span class=\"w-btn-label\">Guida completa alla Biennale 2026<\/span><\/a><\/div><\/div><\/div><\/div><\/div><\/div><\/div><\/section><section class=\"l-section wpb_row height_huge\"><div class=\"l-section-h i-cf\"><div class=\"g-cols vc_row via_flex valign_top type_default stacking_default\"><div class=\"vc_col-sm-3 wpb_column vc_column_container\"><div class=\"vc_column-inner\"><div class=\"wpb_wrapper\"><\/div><\/div><\/div><div class=\"vc_col-sm-6 wpb_column vc_column_container\"><div class=\"vc_column-inner\"><div class=\"wpb_wrapper\"><div class=\"wpb_text_column\"><div class=\"wpb_wrapper\"><h2>Contenuto di questa guida<\/h2>\n<ul>\n<li><a href=\"#dos-formatos\">Biennale e tablao: due formati complementari<\/a><\/li>\n<li><a href=\"#donde-ver\">Dove vedere flamenco a Siviglia fuori dalla Biennale<\/a><\/li>\n<li><a href=\"#las-setas\">Las Setas e zona nord del centro<\/a><\/li>\n<li><a href=\"#santa-cruz\">Santa Cruz e dintorni dell\u2019Alc\u00e1zar<\/a><\/li>\n<li><a href=\"#centro\">Centro storico, Plaza Nueva e Arenal<\/a><\/li>\n<li><a href=\"#triana\">Triana: attraversare il fiume per completare l\u2019esperienza<\/a><\/li>\n<li><a href=\"#comparativa\">Tabella comparativa<\/a><\/li>\n<li><a href=\"#combinar\">Come combinare Biennale e tablao nello stesso viaggio<\/a><\/li>\n<li><a href=\"#elegir\">Quale tablao scegliere in base al tipo di esperienza<\/a><\/li>\n<li><a href=\"#reservar\">Perch\u00e9 conviene prenotare durante la Biennale<\/a><\/li>\n<li><a href=\"#faq\">Domande frequenti<\/a><\/li>\n<\/ul>\n<\/div><\/div><\/div><\/div><\/div><div class=\"vc_col-sm-3 wpb_column vc_column_container\"><div class=\"vc_column-inner\"><div class=\"wpb_wrapper\"><\/div><\/div><\/div><\/div><\/div><\/section><section class=\"l-section wpb_row height_huge color_alternate with_shape\"><div class=\"l-section-shape type_zigzag pos_top\" style=\"height:3vmin;\"><svg xmlns=\"http:\/\/www.w3.org\/2000\/svg\" viewBox=\"0 0 64 8\" preserveAspectRatio=\"none\" width=\"100%\" height=\"100%\">\r\n\t<path fill=\"currentColor\" d=\"M64 8 L0 8 L0 0 L20 7.9 L40 3 L48 5 L64 0 Z\"\/>\r\n<\/svg><\/div><div class=\"l-section-shape type_zigzag pos_bottom\" style=\"height:3vmin;\"><svg xmlns=\"http:\/\/www.w3.org\/2000\/svg\" viewBox=\"0 0 64 8\" preserveAspectRatio=\"none\" width=\"100%\" height=\"100%\">\r\n\t<path fill=\"currentColor\" d=\"M64 8 L0 8 L0 0 L20 7.9 L40 3 L48 5 L64 0 Z\"\/>\r\n<\/svg><\/div><div class=\"l-section-h i-cf\"><div class=\"g-cols vc_row via_flex valign_top type_default stacking_default\"><div class=\"vc_col-sm-6 wpb_column vc_column_container\"><div class=\"vc_column-inner\"><div class=\"wpb_wrapper\"><div class=\"wpb_text_column\"><div class=\"wpb_wrapper\"><h2 id=\"dos-formatos\">La Biennale: grande formato, creazione ed eccezionalit\u00e0<\/h2>\n<p>Una delle idee pi\u00f9 utili per organizzare un viaggio flamenco a Siviglia \u00e8 smettere di pensare alla Biennale e ai tablaos come alternative incompatibili. In realt\u00e0 mostrano due dimensioni diverse della stessa arte.<\/p>\n<p>La <strong>Biennale<\/strong> concentra creazioni pensate per i teatri, grandi formati, prime, incontri speciali e spettacoli che spesso non saranno riproposti nello stesso modo. L\u2019esperienza dipende tanto dall\u2019artista quanto dal progetto scenico, dallo spazio, dalle luci, dalla drammaturgia e dall\u2019eccezionalit\u00e0 stessa dell\u2019appuntamento.<\/p>\n<\/div><\/div><\/div><\/div><\/div><div class=\"vc_col-sm-6 wpb_column vc_column_container\"><div class=\"vc_column-inner\"><div class=\"wpb_wrapper\"><div class=\"wpb_text_column\"><div class=\"wpb_wrapper\"><h2>Il tablao: vicinanza, dal vivo e dialogo tra artisti<\/h2>\n<p>Il <strong>tablao<\/strong> funziona in modo diverso. Il centro \u00e8 il diretto: un gruppo di artisti, una scala ridotta, una distanza fisica minima tra palco e pubblico e una struttura che lascia spazio al dialogo tra cante, chitarra e baile. Anche quando esiste una base artistica definita, la serata mantiene una componente immediata che cambia con gli interpreti e con il modo in cui reagiscono l\u2019uno all\u2019altro.<\/p>\n<p>Per questo, chi vede soltanto produzioni della Biennale conoscer\u00e0 una parte straordinaria del flamenco contemporaneo; chi aggiunge un tablao potr\u00e0 osservare anche come funziona l\u2019arte a distanza ravvicinata, senza la mediazione di una grande scatola scenica.<\/p>\n<\/div><\/div><\/div><\/div><\/div><\/div><\/div><\/section><section class=\"l-section wpb_row height_huge\"><div class=\"l-section-h i-cf\"><div class=\"g-cols vc_row via_flex valign_top type_default stacking_default\"><div class=\"vc_col-sm-12 wpb_column vc_column_container\"><div class=\"vc_column-inner\"><div class=\"wpb_wrapper\"><div class=\"wpb_text_column\"><div class=\"wpb_wrapper\"><h2 id=\"donde-ver\" style=\"text-align: center;\">Dove vedere flamenco a Siviglia durante la Biennale, oltre al programma ufficiale<\/h2>\n<p style=\"text-align: center;\">Siviglia dispone di un\u2019offerta stabile di tablaos durante tutto l\u2019anno. Durante la Biennale questa rete continua a funzionare e pu\u00f2 essere particolarmente utile sia per chi vuole arricchire il viaggio sia per chi preferisce lasciare alcune sere senza funzione ufficiale.<\/p>\n<p style=\"text-align: center;\">Non presentiamo la selezione seguente come una classifica. Il tablao migliore dipender\u00e0 dalla zona in cui ti trovi, dall\u2019orario di cui hai bisogno, dalle dimensioni della sala che preferisci, dall\u2019eventuale interesse per la gastronomia e, soprattutto, dalla <strong>disponibilit\u00e0 reale per la tua data<\/strong>.<\/p>\n<\/div><\/div><\/div><\/div><\/div><\/div><\/div><\/section><section class=\"l-section wpb_row height_huge color_alternate with_shape\"><div class=\"l-section-shape type_zigzag pos_top hor_flip\" style=\"height:3vmin;\"><svg xmlns=\"http:\/\/www.w3.org\/2000\/svg\" viewBox=\"0 0 64 8\" preserveAspectRatio=\"none\" width=\"100%\" height=\"100%\">\r\n\t<path fill=\"currentColor\" d=\"M64 8 L0 8 L0 0 L20 7.9 L40 3 L48 5 L64 0 Z\"\/>\r\n<\/svg><\/div><div class=\"l-section-shape type_zigzag pos_bottom\" style=\"height:3vmin;\"><svg xmlns=\"http:\/\/www.w3.org\/2000\/svg\" viewBox=\"0 0 64 8\" preserveAspectRatio=\"none\" width=\"100%\" height=\"100%\">\r\n\t<path fill=\"currentColor\" d=\"M64 8 L0 8 L0 0 L20 7.9 L40 3 L48 5 L64 0 Z\"\/>\r\n<\/svg><\/div><div class=\"l-section-h i-cf\"><div class=\"g-cols vc_row via_flex valign_top type_default stacking_default\"><div class=\"vc_col-sm-6 wpb_column vc_column_container\"><div class=\"vc_column-inner\"><div class=\"wpb_wrapper\"><div class=\"wpb_text_column\"><div class=\"wpb_wrapper\"><h2 id=\"las-setas\">Las Setas: flessibilit\u00e0 nella zona nord del centro<\/h2>\n<p>L\u2019area intorno a Plaza de la Encarnaci\u00f3n \u00e8 particolarmente comoda se stai visitando la zona nord del centro, Alameda, Regina, Feria o Santa Catalina. Qui si trova <strong>Tablao Flamenco Las Setas<\/strong>, una delle opzioni con maggiore flessibilit\u00e0 oraria in citt\u00e0.<\/p>\n<p>La sua programmazione stabile di spettacoli rende possibile qualcosa che durante la Biennale pu\u00f2 essere decisivo: trovare una funzione senza dover riorganizzare tutta la giornata. Il formato dura circa un\u2019ora e riunisce cante, chitarra e baile in uno spazio progettato appositamente per il flamenco dal vivo.<\/p>\n<p><strong>Pu\u00f2 interessarti se:<\/strong><\/p>\n<ul>\n<li>alloggi nella zona nord del centro o vicino a Las Setas;<\/li>\n<li>vuoi diverse possibilit\u00e0 di orario;<\/li>\n<li>cerchi uno spettacolo di circa un\u2019ora;<\/li>\n<li>preferisci integrare il flamenco in una giornata di visite nel centro storico.<\/li>\n<\/ul>\n<\/div><\/div><\/div><\/div><\/div><div class=\"vc_col-sm-6 wpb_column vc_column_container\"><div class=\"vc_column-inner\"><div class=\"wpb_wrapper\"><div class=\"wpb_text_column\"><div class=\"wpb_wrapper\"><h2 id=\"santa-cruz\">Santa Cruz e dintorni dell\u2019Alc\u00e1zar<\/h2>\n<p>Se la tua giornata ruota attorno al Real Alc\u00e1zar, alla Cattedrale, alla Giralda o al quartiere di Santa Cruz, non \u00e8 necessario spostarsi dall\u2019altra parte di Siviglia per terminare la giornata con il flamenco.<\/p>\n<p><strong>Tablao Flamenco El Jard\u00edn de Murillo<\/strong>, vicino al paseo de Catalina de Ribera, offre un formato di circa un\u2019ora con cante, chitarra e baile. La posizione \u00e8 il suo grande vantaggio strategico durante la Biennale: permette di passare da un pomeriggio monumentale a uno spettacolo flamenco senza grandi spostamenti.<\/p>\n<p>Le formule disponibili possono anche includere una bevanda o semplici opzioni gastronomiche, risultando utili sia per chi vuole concentrarsi solo sullo spettacolo sia per chi desidera completare la serata.<\/p>\n<\/div><\/div><div class=\"w-separator size_medium\"><\/div><div class=\"w-hwrapper valign_top wrap stack_on_mobiles align_center\" style=\"--hwrapper-gap:1.2rem\"><div class=\"w-btn-wrapper align_none\"><a class=\"w-btn us-btn-style_1\" href=\"https:\/\/www.tablaosflamencos.com\/it\/tablao\/tablao-flamenco-el-jardin-de-murillo\"><span class=\"w-btn-label\">Vedi El Jard\u00edn de Murillo<\/span><\/a><\/div><\/div><\/div><\/div><\/div><\/div><\/div><\/section><section class=\"l-section wpb_row height_huge\"><div class=\"l-section-h i-cf\"><div class=\"g-cols vc_row via_flex valign_top type_default stacking_default\"><div class=\"vc_col-sm-12 wpb_column vc_column_container\"><div class=\"vc_column-inner\"><div class=\"wpb_wrapper\"><div class=\"wpb_text_column\"><div class=\"wpb_wrapper\"><h2 id=\"centro\" style=\"text-align: center;\">Centro storico, Plaza Nueva e Arenal: tre modi diversi di vivere il tablao<\/h2>\n<\/div><\/div><div class=\"g-cols wpb_row via_flex valign_top type_default stacking_default\"><div class=\"vc_col-sm-6 wpb_column vc_column_container\"><div class=\"vc_column-inner\"><div class=\"wpb_wrapper\"><div class=\"wpb_text_column\"><div class=\"wpb_wrapper\"><h3>Casa Duende Tablao: piccolo formato e grande vicinanza<\/h3>\n<p><strong>Casa Duende Tablao<\/strong>, a Corral del Rey, lavora con una sala di capienza ridotta e uno spettacolo di circa 50\u201360 minuti. La proposta combina assoli e momenti d\u2019insieme fino al fin de fiesta, con formule che possono aggiungere degustazione o tavolo.<\/p>\n<p>\u00c8 un\u2019opzione particolarmente interessante per chi cerca una scala intima e vuole avere la sensazione che il palco sia davvero a pochi passi.<\/p>\n<\/div><\/div><div class=\"w-separator size_medium\"><\/div><div class=\"w-hwrapper valign_top wrap stack_on_mobiles align_center\" style=\"--hwrapper-gap:1.2rem\"><div class=\"w-btn-wrapper align_none\"><a class=\"w-btn us-btn-style_1\" href=\"https:\/\/www.tablaosflamencos.com\/it\/tablao\/casa-duende-tablao\"><span class=\"w-btn-label\">Vedi Casa Duende Tablao<\/span><\/a><\/div><\/div><\/div><\/div><\/div><div class=\"vc_col-sm-6 wpb_column vc_column_container\"><div class=\"vc_column-inner\"><div class=\"wpb_wrapper\"><div class=\"wpb_text_column\"><div class=\"wpb_wrapper\"><h3>Casa Inquieta: flamenco in una casa-palazzo del XIX secolo<\/h3>\n<p>In calle Zaragoza, <strong>Tablao Flamenco Casa Inquieta<\/strong> aggiunge all\u2019esperienza il valore dello spazio stesso. Lo spettacolo si svolge in una casa-palazzo del XIX secolo e riunisce un gruppo di cinque artisti per circa un\u2019ora.<\/p>\n<p>Pu\u00f2 essere molto adatto per chi vuole restare in pieno centro, muoversi tra Arenal e Plaza Nueva e scegliere un\u2019esperienza in cui architettura, atmosfera e vicinanza facciano parte del programma.<\/p>\n<\/div><\/div><div class=\"w-separator size_medium\"><\/div><div class=\"w-hwrapper valign_top wrap stack_on_mobiles align_center\" style=\"--hwrapper-gap:1.2rem\"><div class=\"w-btn-wrapper align_none\"><a class=\"w-btn us-btn-style_1\" href=\"https:\/\/www.tablaosflamencos.com\/it\/tablao\/tablao-flamenco-casa-inquieta\"><span class=\"w-btn-label\">Vedi Casa Inquieta<\/span><\/a><\/div><\/div><\/div><\/div><\/div><\/div><\/div><\/div><\/div><\/div><\/div><\/section><section class=\"l-section wpb_row height_huge color_alternate with_shape\"><div class=\"l-section-shape type_zigzag pos_top\" style=\"height:3vmin;\"><svg xmlns=\"http:\/\/www.w3.org\/2000\/svg\" viewBox=\"0 0 64 8\" preserveAspectRatio=\"none\" width=\"100%\" height=\"100%\">\r\n\t<path fill=\"currentColor\" d=\"M64 8 L0 8 L0 0 L20 7.9 L40 3 L48 5 L64 0 Z\"\/>\r\n<\/svg><\/div><div class=\"l-section-shape type_zigzag pos_bottom\" style=\"height:3vmin;\"><svg xmlns=\"http:\/\/www.w3.org\/2000\/svg\" viewBox=\"0 0 64 8\" preserveAspectRatio=\"none\" width=\"100%\" height=\"100%\">\r\n\t<path fill=\"currentColor\" d=\"M64 8 L0 8 L0 0 L20 7.9 L40 3 L48 5 L64 0 Z\"\/>\r\n<\/svg><\/div><div class=\"l-section-h i-cf\"><div class=\"g-cols vc_row via_flex valign_top type_default stacking_default\"><div class=\"vc_col-sm-6 wpb_column vc_column_container\"><div class=\"vc_column-inner\"><div class=\"wpb_wrapper\"><div class=\"wpb_text_column\"><div class=\"wpb_wrapper\"><h2>La Cantaora: flamenco e gastronomia nella stessa serata<\/h2>\n<p>Vicino a Plaza Nueva, <strong>Tablao Flamenco La Cantaora<\/strong> \u00e8 particolarmente utile per chi vuole unire cena e spettacolo in un unico programma. Lo spazio si ispira all\u2019atmosfera degli antichi caf\u00e9s cantantes e offre formule che vanno dallo spettacolo con cocktail a opzioni con tapas o cena.<\/p>\n<p>Durante un soggiorno incentrato sulla Biennale pu\u00f2 essere una buona scelta per una sera senza funzione ufficiale, perch\u00e9 consente di trasformare l\u2019intera serata in un\u2019unica prenotazione senza rinunciare al centro storico.<\/p>\n<\/div><\/div><div class=\"w-separator size_medium\"><\/div><div class=\"w-hwrapper valign_top wrap stack_on_mobiles align_center\" style=\"--hwrapper-gap:1.2rem\"><div class=\"w-btn-wrapper align_none\"><a class=\"w-btn us-btn-style_1\" href=\"https:\/\/www.tablaosflamencos.com\/it\/tablao\/tablao-flamenco-la-cantaora\"><span class=\"w-btn-label\">Vedi Tablao La Cantaora<\/span><\/a><\/div><\/div><\/div><\/div><\/div><div class=\"vc_col-sm-6 wpb_column vc_column_container\"><div class=\"vc_column-inner\"><div class=\"wpb_wrapper\"><div class=\"wpb_text_column\"><div class=\"wpb_wrapper\"><h2 id=\"triana\">Triana: attraversare il fiume per completare l\u2019esperienza<\/h2>\n<p>Un soggiorno flamenco a Siviglia cambia carattere quando si attraversa il Guadalquivir. Triana fa parte della memoria storica del flamenco e continua a essere uno dei quartieri in cui molti visitatori cercano volutamente un\u2019esperienza diversa da quella del centro monumentale.<\/p>\n<p><strong>Tablao Flamenco Triana<\/strong>, in calle Pureza, propone un formato tradizionale con quattro artisti \u2014 cante, chitarra, bailaor e bailaora \u2014 in una sala di piccole dimensioni. L\u2019esperienza dura circa un\u2019ora e pu\u00f2 essere facilmente combinata con una passeggiata precedente per l\u2019Altozano, calle Betis o lungo il fiume.<\/p>\n<p>Non \u00e8 necessario presentare Triana come un\u2019alternativa \u201cpi\u00f9 autentica\u201d al centro. \u00c8 semplicemente un altro contesto. Per chi ha gi\u00e0 visto una grande produzione della Biennale al Maestranza, al Lope de Vega o al Teatro Central, terminare un\u2019altra serata in un piccolo spazio di Triana permette di osservare il flamenco da una scala completamente diversa.<\/p>\n<\/div><\/div><div class=\"w-separator size_medium\"><\/div><div class=\"w-hwrapper valign_top wrap stack_on_mobiles align_center\" style=\"--hwrapper-gap:1.2rem\"><div class=\"w-btn-wrapper align_none\"><a class=\"w-btn us-btn-style_1\" href=\"https:\/\/www.tablaosflamencos.com\/it\/tablao\/tablao-flamenco-triana\"><span class=\"w-btn-label\">Vedi Tablao Flamenco Triana<\/span><\/a><\/div><div class=\"w-btn-wrapper align_none\"><a class=\"w-btn us-btn-style_1\" href=\"https:\/\/www.tablaosflamencos.com\/it\/flamenco-a-triana\"><span class=\"w-btn-label\">Vedi altro flamenco a Triana<\/span><\/a><\/div><\/div><\/div><\/div><\/div><\/div><\/div><\/section><section class=\"l-section wpb_row height_huge\"><div class=\"l-section-h i-cf\"><div class=\"g-cols vc_row via_flex valign_top type_default stacking_default\"><div class=\"vc_col-sm-12 wpb_column vc_column_container\"><div class=\"vc_column-inner\"><div class=\"wpb_wrapper\"><div class=\"wpb_text_column\"><div class=\"wpb_wrapper\"><h2 id=\"comparativa\">Opzioni di flamenco fuori dalla Biennale, in sintesi<\/h2>\n<div style=\"overflow-x: auto;\">\n<table>\n<thead>\n<tr>\n<th>Zona<\/th>\n<th>Opzione<\/th>\n<th>Formato approssimativo<\/th>\n<th>Pu\u00f2 fare per te se&#8230;<\/th>\n<\/tr>\n<\/thead>\n<tbody>\n<tr>\n<td>Las Setas<\/td>\n<td><strong>Tablao Flamenco Las Setas<\/strong><\/td>\n<td>\u2248 60 min \u00b7 diversi spettacoli<\/td>\n<td>Cerchi flessibilit\u00e0 di orario e posizione centrale<\/td>\n<\/tr>\n<tr>\n<td>Santa Cruz<\/td>\n<td><strong>El Jard\u00edn de Murillo<\/strong><\/td>\n<td>\u2248 60 min \u00b7 cante, chitarra e baile<\/td>\n<td>Arrivi dall\u2019Alc\u00e1zar, dalla Cattedrale o da Santa Cruz<\/td>\n<\/tr>\n<tr>\n<td>Centro<\/td>\n<td><strong>Casa Duende Tablao<\/strong><\/td>\n<td>\u2248 50\u201360 min \u00b7 capienza ridotta<\/td>\n<td>Vuoi massima vicinanza e formato intimo<\/td>\n<\/tr>\n<tr>\n<td>Arenal \/ Zaragoza<\/td>\n<td><strong>Casa Inquieta<\/strong><\/td>\n<td>\u2248 60 min \u00b7 cinque artisti<\/td>\n<td>Ti attirano gli spazi storici<\/td>\n<\/tr>\n<tr>\n<td>Plaza Nueva<\/td>\n<td><strong>La Cantaora<\/strong><\/td>\n<td>\u2248 60 min \u00b7 opzioni gastronomiche<\/td>\n<td>Vuoi unire cena e spettacolo<\/td>\n<\/tr>\n<tr>\n<td>Triana<\/td>\n<td><strong>Tablao Flamenco Triana<\/strong><\/td>\n<td>\u2248 60 min \u00b7 quattro artisti<\/td>\n<td>Vuoi aggiungere una serata dall\u2019altra parte del fiume<\/td>\n<\/tr>\n<\/tbody>\n<\/table>\n<\/div>\n<\/div><\/div><\/div><\/div><\/div><\/div><\/div><\/section><section class=\"l-section wpb_row height_huge color_alternate with_shape\"><div class=\"l-section-shape type_zigzag pos_top hor_flip\" style=\"height:3vmin;\"><svg xmlns=\"http:\/\/www.w3.org\/2000\/svg\" viewBox=\"0 0 64 8\" preserveAspectRatio=\"none\" width=\"100%\" height=\"100%\">\r\n\t<path fill=\"currentColor\" d=\"M64 8 L0 8 L0 0 L20 7.9 L40 3 L48 5 L64 0 Z\"\/>\r\n<\/svg><\/div><div class=\"l-section-shape type_zigzag pos_bottom\" style=\"height:3vmin;\"><svg xmlns=\"http:\/\/www.w3.org\/2000\/svg\" viewBox=\"0 0 64 8\" preserveAspectRatio=\"none\" width=\"100%\" height=\"100%\">\r\n\t<path fill=\"currentColor\" d=\"M64 8 L0 8 L0 0 L20 7.9 L40 3 L48 5 L64 0 Z\"\/>\r\n<\/svg><\/div><div class=\"l-section-h i-cf\"><div class=\"g-cols vc_row via_flex valign_top type_default stacking_default\"><div class=\"vc_col-sm-12 wpb_column vc_column_container\"><div class=\"vc_column-inner\"><div class=\"wpb_wrapper\"><div class=\"g-cols wpb_row via_flex valign_top type_default stacking_default\"><div class=\"vc_col-sm-6 wpb_column vc_column_container\"><div class=\"vc_column-inner\"><div class=\"wpb_wrapper\"><div class=\"wpb_text_column\"><div class=\"wpb_wrapper\"><h2 id=\"combinar\">Come combinare Biennale e tablao senza trasformare il viaggio in una corsa<\/h2>\n<h3>Opzione 1: una sera di Biennale e un\u2019altra sera di tablao<\/h3>\n<p>\u00c8 la formula pi\u00f9 semplice e probabilmente la pi\u00f9 consigliabile. Scegli una o due produzioni ufficiali che ti interessano davvero e prenota un\u2019altra sera per un tablao. Cos\u00ec potrai confrontare senza fretta il grande formato scenico con la vicinanza del diretto.<\/p>\n<h3>Opzione 2: Matin\u00e9e Unica + tablao nel pomeriggio o la sera<\/h3>\n<p>Le Matin\u00e9e Uniche di San Luis de los Franceses iniziano a mezzogiorno. In quelle date, lasciare libero il resto della giornata permette di mangiare, visitare la citt\u00e0 e prenotare un tablao pi\u00f9 tardi senza sovrapporre le esperienze.<\/p>\n<\/div><\/div><\/div><\/div><\/div><div class=\"vc_col-sm-6 wpb_column vc_column_container\"><div class=\"vc_column-inner\"><div class=\"wpb_wrapper\"><div class=\"wpb_text_column\"><div class=\"wpb_wrapper\"><h2>Altre combinazioni possibili<\/h2>\n<h3>Opzione 3: attivit\u00e0 gratuita di giorno + tablao<\/h3>\n<p>Il programma parallelo include attivit\u00e0 gratuite o su prenotazione. Combinare una mostra, un laboratorio o un\u2019attivit\u00e0 diurna con un tablao la sera pu\u00f2 creare un\u2019intera giornata flamenca senza dipendere da una grande produzione ufficiale.<\/p>\n<h3>Opzione 4: se la tua funzione ufficiale \u00e8 esaurita<\/h3>\n<p>Se lo spettacolo che volevi vedere non ha pi\u00f9 posti, il tablao smette di essere un complemento e pu\u00f2 diventare l\u2019opzione principale della serata. In quel caso la priorit\u00e0 deve essere la disponibilit\u00e0 reale: controlla prima quali spazi hanno posti e poi confronta posizione e formato.<\/p>\n<\/div><\/div><\/div><\/div><\/div><\/div><div class=\"w-separator size_medium\"><\/div><div class=\"w-hwrapper valign_top wrap stack_on_mobiles align_center\" style=\"--hwrapper-gap:1.2rem\"><div class=\"w-btn-wrapper align_none\"><a class=\"w-btn us-btn-style_1\" href=\"https:\/\/www.tablaosflamencos.com\/it\/biennale-esaurita-dove-vedere-flamenco-stasera-siviglia.html\"><span class=\"w-btn-label\">Cosa fare se la Biennale \u00e8 esaurita<\/span><\/a><\/div><div class=\"w-btn-wrapper align_none\"><a class=\"w-btn us-btn-style_1\" href=\"https:\/\/www.tablaosflamencos.com\/it\/biennale-flamenco-siviglia-2026-gratis.html\"><span class=\"w-btn-label\">Vedi le attivit\u00e0 gratuite<\/span><\/a><\/div><\/div><\/div><\/div><\/div><\/div><\/div><\/section><section class=\"l-section wpb_row height_huge\"><div class=\"l-section-h i-cf\"><div class=\"g-cols vc_row via_flex valign_top type_default stacking_default\"><div class=\"vc_col-sm-6 wpb_column vc_column_container\"><div class=\"vc_column-inner\"><div class=\"wpb_wrapper\"><div class=\"wpb_text_column\"><div class=\"wpb_wrapper\"><h2 id=\"elegir\">Cosa scegliere in base al tipo di esperienza che cerchi<\/h2>\n<ul>\n<li><strong>Flessibilit\u00e0 degli orari:<\/strong> controlla prima le opzioni con pi\u00f9 spettacoli giornalieri nel centro.<\/li>\n<li><strong>Una sala particolarmente piccola:<\/strong> Casa Duende lavora su una scala molto intima.<\/li>\n<li><strong>Architettura e atmosfera storica:<\/strong> Casa Inquieta aggiunge la cornice di una casa-palazzo del XIX secolo.<\/li>\n<li><strong>Flamenco + gastronomia:<\/strong> La Cantaora permette di integrare lo spettacolo con diverse formule di pranzo o cena.<\/li>\n<li><strong>Un programma dopo aver visitato Alc\u00e1zar e Santa Cruz:<\/strong> El Jard\u00edn de Murillo riduce gli spostamenti e mantiene la giornata nel centro storico.<\/li>\n<li><strong>Una serata a Triana:<\/strong> Tablao Flamenco Triana permette di combinare una passeggiata nel quartiere e uno spettacolo nella stessa zona.<\/li>\n<\/ul>\n<p>La scelta non dovrebbe basarsi soltanto su quale sembri \u201cmigliore\u201d. Durante la Biennale la domanda \u00e8 elevata, quindi una combinazione realistica di <strong>disponibilit\u00e0 + zona + orario + tipo di esperienza<\/strong> di solito produce un programma molto pi\u00f9 soddisfacente che inseguire un solo nome.<\/p>\n<\/div><\/div><\/div><\/div><\/div><div class=\"vc_col-sm-6 wpb_column vc_column_container\"><div class=\"vc_column-inner\"><div class=\"wpb_wrapper\"><div class=\"wpb_text_column\"><div class=\"wpb_wrapper\"><h2 id=\"reservar\">Durante la Biennale conviene prenotare anche i tablaos<\/h2>\n<p>La concentrazione di appassionati, professionisti e visitatori durante settembre fa s\u00ec che Siviglia abbia una domanda di flamenco molto superiore al normale. Non si esauriscono solo le funzioni ufficiali: anche i tablaos pi\u00f9 conosciuti possono riempire determinati spettacoli, soprattutto nei fine settimana e negli orari serali principali.<\/p>\n<p>Per questo, se sai gi\u00e0 quale giorno vuoi lasciare libero per un tablao, non \u00e8 necessario aspettare di essere a Siviglia. Controlla la disponibilit\u00e0, scegli l\u2019orario e prenota. \u00c8 ancora pi\u00f9 importante nelle sale con capienza ridotta.<\/p>\n<p>Conviene anche lasciare margine tra i programmi. Se vieni da una funzione della Biennale, calcola con tranquillit\u00e0 lo spostamento, l\u2019uscita dal teatro e l\u2019arrivo al tablao. Arrivare con 15\u201320 minuti di anticipo \u00e8 una raccomandazione abituale in questi spazi.<\/p>\n<p>Se ancora non sai quale tablao scegliere, l\u2019opzione pi\u00f9 pratica \u00e8 partire dalla pagina <strong>flamenco a Siviglia<\/strong>, restringere mentalmente la scelta per zona e aprire solo le opzioni disponibili per la tua data.<\/p>\n<\/div><\/div><div class=\"w-separator size_medium\"><\/div><div class=\"w-hwrapper valign_top wrap stack_on_mobiles align_center\" style=\"--hwrapper-gap:1.2rem\"><div class=\"w-btn-wrapper align_none\"><a class=\"w-btn us-btn-style_1\" href=\"https:\/\/www.tablaosflamencos.com\/it\/flamenco-a-siviglia\"><span class=\"w-btn-label\">Confronta i tablaos a Siviglia<\/span><\/a><\/div><div class=\"w-btn-wrapper align_none\"><a class=\"w-btn us-btn-style_1\" href=\"https:\/\/www.tablaosflamencos.com\/it\/biennale-flamenco-siviglia-2026-biglietti-prezzi-sconti.html\"><span class=\"w-btn-label\">Biglietti, prezzi e sconti Biennale 2026<\/span><\/a><\/div><\/div><\/div><\/div><\/div><\/div><\/div><\/section><section class=\"l-section wpb_row height_huge color_alternate with_shape\"><div class=\"l-section-shape type_zigzag pos_top\" style=\"height:3vmin;\"><svg xmlns=\"http:\/\/www.w3.org\/2000\/svg\" viewBox=\"0 0 64 8\" preserveAspectRatio=\"none\" width=\"100%\" height=\"100%\">\r\n\t<path fill=\"currentColor\" d=\"M64 8 L0 8 L0 0 L20 7.9 L40 3 L48 5 L64 0 Z\"\/>\r\n<\/svg><\/div><div class=\"l-section-shape type_zigzag pos_bottom\" style=\"height:3vmin;\"><svg xmlns=\"http:\/\/www.w3.org\/2000\/svg\" viewBox=\"0 0 64 8\" preserveAspectRatio=\"none\" width=\"100%\" height=\"100%\">\r\n\t<path fill=\"currentColor\" d=\"M64 8 L0 8 L0 0 L20 7.9 L40 3 L48 5 L64 0 Z\"\/>\r\n<\/svg><\/div><div class=\"l-section-h i-cf\"><div class=\"g-cols vc_row via_flex valign_top type_default stacking_default\"><div class=\"vc_col-sm-12 wpb_column vc_column_container\"><div class=\"vc_column-inner\"><div class=\"wpb_wrapper\"><div class=\"wpb_text_column\"><div class=\"wpb_wrapper\"><h2 style=\"text-align: center;\">La migliore visita flamenca a Siviglia non deve per forza limitarsi al programma ufficiale<\/h2>\n<p style=\"text-align: center;\">La Biennale di Flamenco \u00e8 eccezionale proprio perch\u00e9 concentra in poche settimane una quantit\u00e0 di creazione difficile da trovare in qualsiasi altro momento. Ma Siviglia mantiene allo stesso tempo la sua rete di tablaos, sale e spettacoli stabili.<\/p>\n<p style=\"text-align: center;\">Combinare i due formati permette di capire meglio la citt\u00e0: un giorno puoi vedere una grande produzione concepita per il Maestranza, il Lope de Vega o uno spazio monumentale; un\u2019altra sera puoi sederti a pochi metri da un cantaor, una chitarra e un baile senza bisogno di una grande messa in scena.<\/p>\n<p style=\"text-align: center;\"><strong>Non si tratta di scegliere tra Biennale e tablao. Nel settembre 2026, la cosa pi\u00f9 interessante pu\u00f2 essere proprio vivere entrambi.<\/strong><\/p>\n<\/div><\/div><\/div><\/div><\/div><\/div><\/div><\/section><section class=\"l-section wpb_row height_huge with_shape\"><div class=\"l-section-shape type_zigzag pos_bottom\" style=\"height:3vmin;\"><svg xmlns=\"http:\/\/www.w3.org\/2000\/svg\" viewBox=\"0 0 64 8\" preserveAspectRatio=\"none\" width=\"100%\" height=\"100%\">\r\n\t<path fill=\"currentColor\" d=\"M64 8 L0 8 L0 0 L20 7.9 L40 3 L48 5 L64 0 Z\"\/>\r\n<\/svg><\/div><div class=\"l-section-h i-cf\"><div class=\"g-cols vc_row via_flex valign_top type_default stacking_default\"><div class=\"vc_col-sm-1\/5 wpb_column vc_column_container\"><div class=\"vc_column-inner\"><div class=\"wpb_wrapper\"><\/div><\/div><\/div><div class=\"vc_col-sm-3\/5 wpb_column vc_column_container\"><div class=\"vc_column-inner\"><div class=\"wpb_wrapper\"><div class=\"wpb_text_column\"><div class=\"wpb_wrapper\"><h2 id=\"faq\" style=\"text-align: center;\">Domande frequenti su dove vedere flamenco a Siviglia durante la Biennale<\/h2>\n<\/div><\/div><div class=\"w-separator size_medium\"><\/div><div class=\"w-tabs accordion toggle_style_1 has_scrolling\" style=\"--sections-title-size:inherit;--sections-gap:0.5rem;\"><div class=\"w-tabs-sections titles-align_none icon_chevron cpos_right\"><div class=\"w-tabs-section\" id=\"jee5\"><button type=\"button\" class=\"w-tabs-section-header\" aria-controls=\"content-jee5\" aria-expanded=\"false\"><div class=\"w-tabs-section-title\">Si pu\u00f2 vedere flamenco a Siviglia fuori dal programma ufficiale della Biennale?<\/div><div class=\"w-tabs-section-control\"><\/div><\/button><div  class=\"w-tabs-section-content\" id=\"content-jee5\"><div class=\"w-tabs-section-content-h i-cf\"><div class=\"wpb_text_column\"><div class=\"wpb_wrapper\"><p>S\u00ec. I tablaos flamencos di Siviglia mantengono la loro programmazione stabile durante le date della Biennale. \u00c8 possibile prenotare spettacoli di cante, chitarra e baile nel centro, a Santa Cruz, Arenal, Plaza Nueva, Triana e in altre zone della citt\u00e0.<\/p>\n<\/div><\/div><\/div><\/div><\/div><div class=\"w-tabs-section\" id=\"ffdb\"><button type=\"button\" class=\"w-tabs-section-header\" aria-controls=\"content-ffdb\" aria-expanded=\"false\"><div class=\"w-tabs-section-title\">\u00c8 meglio vedere la Biennale o un tablao?<\/div><div class=\"w-tabs-section-control\"><\/div><\/button><div  class=\"w-tabs-section-content\" id=\"content-ffdb\"><div class=\"w-tabs-section-content-h i-cf\"><div class=\"wpb_text_column\"><div class=\"wpb_wrapper\"><p>Sono esperienze diverse. La Biennale si distingue per grandi produzioni, prime e progetti concepiti per spazi specifici; il tablao offre vicinanza, formato ridotto e un rapporto pi\u00f9 diretto tra artisti e pubblico. Se il viaggio lo permette, la scelta pi\u00f9 completa \u00e8 combinare entrambi.<\/p>\n<\/div><\/div><\/div><\/div><\/div><div class=\"w-tabs-section\" id=\"x0c4\"><button type=\"button\" class=\"w-tabs-section-header\" aria-controls=\"content-x0c4\" aria-expanded=\"false\"><div class=\"w-tabs-section-title\">Quale tablao \u00e8 ben posizionato se sto visitando Santa Cruz e l\u2019Alc\u00e1zar?<\/div><div class=\"w-tabs-section-control\"><\/div><\/button><div  class=\"w-tabs-section-content\" id=\"content-x0c4\"><div class=\"w-tabs-section-content-h i-cf\"><div class=\"wpb_text_column\"><div class=\"wpb_wrapper\"><p>El Jard\u00edn de Murillo si trova vicino al paseo de Catalina de Ribera e molto vicino al quartiere di Santa Cruz, all\u2019Alc\u00e1zar, alla Cattedrale e alla Giralda, quindi \u00e8 particolarmente comodo per trascorrere l\u2019intera giornata nel centro storico.<\/p>\n<\/div><\/div><\/div><\/div><\/div><div class=\"w-tabs-section\" id=\"v1ab\"><button type=\"button\" class=\"w-tabs-section-header\" aria-controls=\"content-v1ab\" aria-expanded=\"false\"><div class=\"w-tabs-section-title\">Dove posso vedere flamenco a Triana durante la Biennale?<\/div><div class=\"w-tabs-section-control\"><\/div><\/button><div  class=\"w-tabs-section-content\" id=\"content-v1ab\"><div class=\"w-tabs-section-content-h i-cf\"><div class=\"wpb_text_column\"><div class=\"wpb_wrapper\"><p>Triana ha un\u2019offerta stabile di flamenco. Tablao Flamenco Triana, in calle Pureza, \u00e8 una delle opzioni disponibili, e la nostra pagina sul flamenco a Triana raccoglie alternative da confrontare in base alla data.<\/p>\n<\/div><\/div><\/div><\/div><\/div><div class=\"w-tabs-section\" id=\"m288\"><button type=\"button\" class=\"w-tabs-section-header\" aria-controls=\"content-m288\" aria-expanded=\"false\"><div class=\"w-tabs-section-title\">Ci sono tablaos con cena durante la Biennale?<\/div><div class=\"w-tabs-section-control\"><\/div><\/button><div  class=\"w-tabs-section-content\" id=\"content-m288\"><div class=\"w-tabs-section-content-h i-cf\"><div class=\"wpb_text_column\"><div class=\"wpb_wrapper\"><p>S\u00ec. Alcune proposte includono tapas, degustazioni, bevande o cena completa. La Cantaora, per esempio, offre formule che permettono di combinare spettacolo e gastronomia nella stessa prenotazione.<\/p>\n<\/div><\/div><\/div><\/div><\/div><div class=\"w-tabs-section\" id=\"p350\"><button type=\"button\" class=\"w-tabs-section-header\" aria-controls=\"content-p350\" aria-expanded=\"false\"><div class=\"w-tabs-section-title\">Quanto dura normalmente uno spettacolo di tablao a Siviglia?<\/div><div class=\"w-tabs-section-control\"><\/div><\/button><div  class=\"w-tabs-section-content\" id=\"content-p350\"><div class=\"w-tabs-section-content-h i-cf\"><div class=\"wpb_text_column\"><div class=\"wpb_wrapper\"><p>Molti degli spettacoli inclusi in questa guida durano circa 50\u201360 minuti. La durata esatta dipende dal tablao e dalla formula prenotata, quindi conviene sempre controllare la scheda prima di acquistare.<\/p>\n<\/div><\/div><\/div><\/div><\/div><div class=\"w-tabs-section\" id=\"b412\"><button type=\"button\" class=\"w-tabs-section-header\" aria-controls=\"content-b412\" aria-expanded=\"false\"><div class=\"w-tabs-section-title\">Posso andare in un tablao se la mia funzione della Biennale \u00e8 esaurita?<\/div><div class=\"w-tabs-section-control\"><\/div><\/button><div  class=\"w-tabs-section-content\" id=\"content-b412\"><div class=\"w-tabs-section-content-h i-cf\"><div class=\"wpb_text_column\"><div class=\"wpb_wrapper\"><p>S\u00ec. Conviene prima verificare se esiste un\u2019altra funzione ufficiale con posti disponibili. Se nessuna \u00e8 adatta, un tablao disponibile quella sera \u00e8 un\u2019alternativa immediata e, soprattutto, un modo diverso di vivere il flamenco, non una copia ridotta dello spettacolo perso.<\/p>\n<\/div><\/div><\/div><\/div><\/div><div class=\"w-tabs-section\" id=\"k4ef\"><button type=\"button\" class=\"w-tabs-section-header\" aria-controls=\"content-k4ef\" aria-expanded=\"false\"><div class=\"w-tabs-section-title\">Conviene prenotare il tablao in anticipo durante la Biennale?<\/div><div class=\"w-tabs-section-control\"><\/div><\/button><div  class=\"w-tabs-section-content\" id=\"content-k4ef\"><div class=\"w-tabs-section-content-h i-cf\"><div class=\"wpb_text_column\"><div class=\"wpb_wrapper\"><p>S\u00ec. Settembre concentra a Siviglia una domanda eccezionale di flamenco e gli spazi con capienza minore possono esaurire determinati spettacoli. Se conosci gi\u00e0 la data, \u00e8 consigliabile verificare la disponibilit\u00e0 e prenotare.<\/p>\n<\/div><\/div><\/div><\/div><\/div><div class=\"w-tabs-section\" id=\"h5b2\"><button type=\"button\" class=\"w-tabs-section-header\" aria-controls=\"content-h5b2\" aria-expanded=\"false\"><div class=\"w-tabs-section-title\">Si pu\u00f2 combinare una Matin\u00e9e Unica con un tablao nello stesso giorno?<\/div><div class=\"w-tabs-section-control\"><\/div><\/button><div  class=\"w-tabs-section-content\" id=\"content-h5b2\"><div class=\"w-tabs-section-content-h i-cf\"><div class=\"wpb_text_column\"><div class=\"wpb_wrapper\"><p>S\u00ec. Le Matin\u00e9e Uniche si svolgono a mezzogiorno, lasciando tempo per mangiare, visitare la citt\u00e0 e assistere a un tablao pi\u00f9 tardi. \u00c8 una delle combinazioni pi\u00f9 comode per dedicare un\u2019intera giornata al flamenco senza concatenare due spettacoli serali.<\/p>\n<\/div><\/div><\/div><\/div><\/div><div class=\"w-tabs-section\" id=\"e693\"><button type=\"button\" class=\"w-tabs-section-header\" aria-controls=\"content-e693\" aria-expanded=\"false\"><div class=\"w-tabs-section-title\">Dove posso confrontare tablaos e disponibilit\u00e0 a Siviglia?<\/div><div class=\"w-tabs-section-control\"><\/div><\/button><div  class=\"w-tabs-section-content\" id=\"content-e693\"><div class=\"w-tabs-section-content-h i-cf\"><div class=\"wpb_text_column\"><div class=\"wpb_wrapper\"><p>Nella pagina Flamenco a Siviglia di Tablaos Flamencos puoi consultare le opzioni disponibili in citt\u00e0, aprire la scheda di ogni spazio e confrontare formato, posizione e disponibilit\u00e0 prima di prenotare.<\/p>\n<\/div><\/div><\/div><\/div><\/div><\/div><\/div><\/div><\/div><\/div><div class=\"vc_col-sm-1\/5 wpb_column vc_column_container\"><div class=\"vc_column-inner\"><div class=\"wpb_wrapper\"><\/div><\/div><\/div><\/div><\/div><\/section>\n","protected":false},"excerpt":{"rendered":"<p>Guida per vedere flamenco a Siviglia durante la Biennale 2026 oltre il programma ufficiale: tablaos, zone, formati e come combinare le due esperienze.<\/p>\n","protected":false},"author":1,"featured_media":14269,"comment_status":"closed","ping_status":"closed","sticky":false,"template":"","format":"standard","meta":{"_acf_changed":false,"wpai_generated_summary":"","_ayudawp_aiss_exclude":false,"_ayudawp_aiss_exclude_summary":false,"_ayudawp_aiss_summary":"","_ayudawp_aiss_summary_provider":"","_ayudawp_aiss_summary_hash":"","footnotes":""},"categories":[1429],"tags":[1249,1250,1251,1252,1177,1253,1254],"class_list":["post-14285","post","type-post","status-publish","format-standard","has-post-thumbnail","hentry","category-biennale-di-flamenco","tag-agenda-flamenca","tag-bienal-2026","tag-bienal-de-flamenco","tag-festivales-flamencos","tag-flamenco-en-sevilla","tag-sevilla","tag-tablaos-de-sevilla"],"acf":[],"yoast_head":"<!-- This site is optimized with the Yoast SEO Premium plugin v28.4 (Yoast SEO v28.4) - https:\/\/yoast.com\/product\/yoast-seo-premium-wordpress\/ -->\n<title>Flamenco a Siviglia durante la Biennale 2026: dove vederlo<\/title>\n<meta name=\"description\" content=\"Dove vedere flamenco a Siviglia durante la Biennale 2026 oltre il programma ufficiale: tablaos, zone, formati e come combinare entrambe le esperienze.\" \/>\n<meta name=\"robots\" content=\"index, follow, max-snippet:-1, max-image-preview:large, max-video-preview:-1\" \/>\n<link rel=\"canonical\" href=\"https:\/\/www.tablaosflamencos.com\/it\/flamenco-siviglia-biennale-2026-spettacoli-fuori-programma-ufficiale.html\" \/>\n<meta property=\"og:locale\" content=\"it_IT\" \/>\n<meta property=\"og:type\" content=\"article\" \/>\n<meta property=\"og:title\" content=\"Flamenco a Siviglia durante la Biennale: dove vedere spettacoli oltre il programma ufficiale\" \/>\n<meta property=\"og:description\" content=\"Dove vedere flamenco a Siviglia durante la Biennale 2026 oltre il programma ufficiale: tablaos, zone, formati e come combinare entrambe le esperienze.\" \/>\n<meta property=\"og:url\" content=\"https:\/\/www.tablaosflamencos.com\/it\/flamenco-siviglia-biennale-2026-spettacoli-fuori-programma-ufficiale.html\" \/>\n<meta property=\"og:site_name\" content=\"Tablaos Flamencos\" \/>\n<meta property=\"article:publisher\" content=\"https:\/\/www.facebook.com\/tablaosflamencos\" \/>\n<meta property=\"article:published_time\" content=\"2026-09-03T20:54:58+00:00\" \/>\n<meta property=\"article:modified_time\" content=\"2026-09-03T21:47:30+00:00\" \/>\n<meta property=\"og:image\" content=\"https:\/\/www.tablaosflamencos.com\/wp-content\/uploads\/flamenco-en-sevilla-durante-la-bienal-donde-ver-espectaculos-ademas-de-la-programacion-oficial-01.webp\" \/>\n\t<meta property=\"og:image:width\" content=\"1672\" \/>\n\t<meta property=\"og:image:height\" content=\"941\" \/>\n\t<meta property=\"og:image:type\" content=\"image\/webp\" \/>\n<meta name=\"author\" content=\"Miguel Ortiz\" \/>\n<meta name=\"twitter:card\" content=\"summary_large_image\" \/>\n<meta name=\"twitter:creator\" content=\"@tablaosflamenco\" \/>\n<meta name=\"twitter:site\" content=\"@tablaosflamenco\" \/>\n<meta name=\"twitter:label1\" content=\"Scritto da\" \/>\n\t<meta name=\"twitter:data1\" content=\"Miguel Ortiz\" \/>\n\t<meta name=\"twitter:label2\" content=\"Tempo di lettura stimato\" \/>\n\t<meta name=\"twitter:data2\" content=\"18 minuti\" \/>\n<script type=\"application\/ld+json\" class=\"yoast-schema-graph\">{\"@context\":\"https:\\\/\\\/schema.org\",\"@graph\":[{\"@type\":\"Article\",\"@id\":\"https:\\\/\\\/www.tablaosflamencos.com\\\/it\\\/flamenco-siviglia-biennale-2026-spettacoli-fuori-programma-ufficiale.html#article\",\"isPartOf\":{\"@id\":\"https:\\\/\\\/www.tablaosflamencos.com\\\/it\\\/flamenco-siviglia-biennale-2026-spettacoli-fuori-programma-ufficiale.html\"},\"author\":{\"name\":\"Miguel Ortiz\",\"@id\":\"https:\\\/\\\/www.tablaosflamencos.com\\\/it#\\\/schema\\\/person\\\/e7a9ebe14eb75a52ceabfbffb3c54f5d\"},\"headline\":\"Flamenco a Siviglia durante la Biennale: dove vedere spettacoli oltre il programma ufficiale\",\"datePublished\":\"2026-09-03T20:54:58+00:00\",\"dateModified\":\"2026-09-03T21:47:30+00:00\",\"mainEntityOfPage\":{\"@id\":\"https:\\\/\\\/www.tablaosflamencos.com\\\/it\\\/flamenco-siviglia-biennale-2026-spettacoli-fuori-programma-ufficiale.html\"},\"wordCount\":3613,\"publisher\":{\"@id\":\"https:\\\/\\\/www.tablaosflamencos.com\\\/it#organization\"},\"image\":{\"@id\":\"https:\\\/\\\/www.tablaosflamencos.com\\\/it\\\/flamenco-siviglia-biennale-2026-spettacoli-fuori-programma-ufficiale.html#primaryimage\"},\"thumbnailUrl\":\"https:\\\/\\\/www.tablaosflamencos.com\\\/wp-content\\\/uploads\\\/flamenco-en-sevilla-durante-la-bienal-donde-ver-espectaculos-ademas-de-la-programacion-oficial-01.webp\",\"keywords\":[\"agenda flamenca\",\"Bienal 2026\",\"Bienal de Flamenco\",\"festivales flamencos\",\"flamenco en Sevilla\",\"sevilla\",\"tablaos de Sevilla\"],\"articleSection\":[\"Biennale di Flamenco\"],\"inLanguage\":\"it-IT\"},{\"@type\":\"WebPage\",\"@id\":\"https:\\\/\\\/www.tablaosflamencos.com\\\/it\\\/flamenco-siviglia-biennale-2026-spettacoli-fuori-programma-ufficiale.html\",\"url\":\"https:\\\/\\\/www.tablaosflamencos.com\\\/it\\\/flamenco-siviglia-biennale-2026-spettacoli-fuori-programma-ufficiale.html\",\"name\":\"Flamenco a Siviglia durante la Biennale 2026: dove vederlo\",\"isPartOf\":{\"@id\":\"https:\\\/\\\/www.tablaosflamencos.com\\\/it#website\"},\"primaryImageOfPage\":{\"@id\":\"https:\\\/\\\/www.tablaosflamencos.com\\\/it\\\/flamenco-siviglia-biennale-2026-spettacoli-fuori-programma-ufficiale.html#primaryimage\"},\"image\":{\"@id\":\"https:\\\/\\\/www.tablaosflamencos.com\\\/it\\\/flamenco-siviglia-biennale-2026-spettacoli-fuori-programma-ufficiale.html#primaryimage\"},\"thumbnailUrl\":\"https:\\\/\\\/www.tablaosflamencos.com\\\/wp-content\\\/uploads\\\/flamenco-en-sevilla-durante-la-bienal-donde-ver-espectaculos-ademas-de-la-programacion-oficial-01.webp\",\"datePublished\":\"2026-09-03T20:54:58+00:00\",\"dateModified\":\"2026-09-03T21:47:30+00:00\",\"description\":\"Dove vedere flamenco a Siviglia durante la Biennale 2026 oltre il programma ufficiale: tablaos, zone, formati e come combinare entrambe le esperienze.\",\"breadcrumb\":{\"@id\":\"https:\\\/\\\/www.tablaosflamencos.com\\\/it\\\/flamenco-siviglia-biennale-2026-spettacoli-fuori-programma-ufficiale.html#breadcrumb\"},\"inLanguage\":\"it-IT\",\"potentialAction\":[{\"@type\":\"ReadAction\",\"target\":[\"https:\\\/\\\/www.tablaosflamencos.com\\\/it\\\/flamenco-siviglia-biennale-2026-spettacoli-fuori-programma-ufficiale.html\"]}]},{\"@type\":\"ImageObject\",\"inLanguage\":\"it-IT\",\"@id\":\"https:\\\/\\\/www.tablaosflamencos.com\\\/it\\\/flamenco-siviglia-biennale-2026-spettacoli-fuori-programma-ufficiale.html#primaryimage\",\"url\":\"https:\\\/\\\/www.tablaosflamencos.com\\\/wp-content\\\/uploads\\\/flamenco-en-sevilla-durante-la-bienal-donde-ver-espectaculos-ademas-de-la-programacion-oficial-01.webp\",\"contentUrl\":\"https:\\\/\\\/www.tablaosflamencos.com\\\/wp-content\\\/uploads\\\/flamenco-en-sevilla-durante-la-bienal-donde-ver-espectaculos-ademas-de-la-programacion-oficial-01.webp\",\"width\":1672,\"height\":941,\"caption\":\"Flamenco en Sevilla durante la Bienal: d\u00f3nde ver espect\u00e1culos adem\u00e1s de la programaci\u00f3n oficial\"},{\"@type\":\"BreadcrumbList\",\"@id\":\"https:\\\/\\\/www.tablaosflamencos.com\\\/it\\\/flamenco-siviglia-biennale-2026-spettacoli-fuori-programma-ufficiale.html#breadcrumb\",\"itemListElement\":[{\"@type\":\"ListItem\",\"position\":1,\"name\":\"Home\",\"item\":\"https:\\\/\\\/www.tablaosflamencos.com\\\/it\"},{\"@type\":\"ListItem\",\"position\":2,\"name\":\"Flamenco a Siviglia durante la Biennale: dove vedere spettacoli oltre il programma ufficiale\"}]},{\"@type\":\"WebSite\",\"@id\":\"https:\\\/\\\/www.tablaosflamencos.com\\\/it#website\",\"url\":\"https:\\\/\\\/www.tablaosflamencos.com\\\/it\",\"name\":\"Tablaos Flamencos\",\"description\":\"Entradas para tablaos flamencos de Espa\u00f1a\",\"publisher\":{\"@id\":\"https:\\\/\\\/www.tablaosflamencos.com\\\/it#organization\"},\"alternateName\":\"Tablaos Flamencos\",\"potentialAction\":[{\"@type\":\"SearchAction\",\"target\":{\"@type\":\"EntryPoint\",\"urlTemplate\":\"https:\\\/\\\/www.tablaosflamencos.com\\\/it?s={search_term_string}\"},\"query-input\":{\"@type\":\"PropertyValueSpecification\",\"valueRequired\":true,\"valueName\":\"search_term_string\"}}],\"inLanguage\":\"it-IT\"},{\"@type\":[\"Organization\",\"Place\",\"EntertainmentBusiness\"],\"@id\":\"https:\\\/\\\/www.tablaosflamencos.com\\\/it#organization\",\"name\":\"Tablaos Flamencos\",\"alternateName\":\"Tablaos Flamencos\",\"url\":\"https:\\\/\\\/www.tablaosflamencos.com\\\/it\",\"logo\":{\"@id\":\"https:\\\/\\\/www.tablaosflamencos.com\\\/it\\\/flamenco-siviglia-biennale-2026-spettacoli-fuori-programma-ufficiale.html#local-main-organization-logo\"},\"image\":{\"@id\":\"https:\\\/\\\/www.tablaosflamencos.com\\\/it\\\/flamenco-siviglia-biennale-2026-spettacoli-fuori-programma-ufficiale.html#local-main-organization-logo\"},\"sameAs\":[\"https:\\\/\\\/www.facebook.com\\\/tablaosflamencos\",\"https:\\\/\\\/x.com\\\/tablaosflamenco\",\"https:\\\/\\\/mastodon.social\\\/@tablaosflamencos\",\"https:\\\/\\\/www.instagram.com\\\/tablaosflamencos\",\"https:\\\/\\\/tiktok.com\\\/@tablaosflamencos\",\"https:\\\/\\\/www.linkedin.com\\\/company\\\/109408238\\\/\"],\"description\":\"Venta de entradas para espect\u00e1culos flamencos\",\"legalName\":\"Tablaos Flamencos\",\"foundingDate\":\"2015-01-01\",\"numberOfEmployees\":{\"@type\":\"QuantitativeValue\",\"minValue\":\"1\",\"maxValue\":\"10\"},\"address\":{\"@id\":\"https:\\\/\\\/www.tablaosflamencos.com\\\/it\\\/flamenco-siviglia-biennale-2026-spettacoli-fuori-programma-ufficiale.html#local-main-place-address\"},\"geo\":{\"@type\":\"GeoCoordinates\",\"latitude\":\"37.3868072\",\"longitude\":\"-5.993280299999999\"},\"telephone\":[\"+34623787787\"],\"contactPoint\":{\"@type\":\"ContactPoint\",\"telephone\":\"+34623787787\",\"email\":\"info@tablaosflamencos.com\"},\"openingHoursSpecification\":{\"@type\":\"OpeningHoursSpecification\",\"dayOfWeek\":[\"Monday\",\"Tuesday\",\"Wednesday\",\"Thursday\",\"Friday\",\"Saturday\",\"Sunday\"],\"opens\":\"00:00\",\"closes\":\"23:59\"},\"email\":\"info@tablaosflamencos.com\",\"priceRange\":\"$$$\",\"currenciesAccepted\":\"\u20ac\"},{\"@type\":\"Person\",\"@id\":\"https:\\\/\\\/www.tablaosflamencos.com\\\/it#\\\/schema\\\/person\\\/e7a9ebe14eb75a52ceabfbffb3c54f5d\",\"name\":\"Miguel Ortiz\",\"description\":\"Miguel Ortiz es un empresario flamenco, con una s\u00f3lida trayectoria dentro del sector. Ha presidido entidades culturales vinculadas al flamenco y, cuenta con un amplio recorrido profesional en la gesti\u00f3n y promoci\u00f3n de espect\u00e1culos y tablaos flamencos. Su pasi\u00f3n por la historia y el arte flamenco se refleja en cada art\u00edculo, donde combina experiencia, criterio y un profundo respeto por la tradici\u00f3n.\",\"sameAs\":[\"https:\\\/\\\/www.tablaosflamencos.com\",\"https:\\\/\\\/www.instagra.com\\\/miguelortizfe\",\"https:\\\/\\\/www.linkedin.com\\\/in\\\/miguelortizf\\\/\"],\"birthDate\":\"1984-11-22\",\"gender\":\"hombre\",\"knowsLanguage\":[\"espa\u00f1ol\",\"ingl\u00e9s\"],\"jobTitle\":\"Empresario flamenco\"},{\"@type\":\"PostalAddress\",\"@id\":\"https:\\\/\\\/www.tablaosflamencos.com\\\/it\\\/flamenco-siviglia-biennale-2026-spettacoli-fuori-programma-ufficiale.html#local-main-place-address\",\"streetAddress\":\"C\\\/ Alemanes, 19\",\"addressLocality\":\"Sevilla\",\"postalCode\":\"41004\",\"addressRegion\":\"Sevilla\",\"addressCountry\":\"ES\"},{\"@type\":\"ImageObject\",\"inLanguage\":\"it-IT\",\"@id\":\"https:\\\/\\\/www.tablaosflamencos.com\\\/it\\\/flamenco-siviglia-biennale-2026-spettacoli-fuori-programma-ufficiale.html#local-main-organization-logo\",\"url\":\"https:\\\/\\\/www.tablaosflamencos.com\\\/wp-content\\\/uploads\\\/tablaos-flamencos-06-3.webp\",\"contentUrl\":\"https:\\\/\\\/www.tablaosflamencos.com\\\/wp-content\\\/uploads\\\/tablaos-flamencos-06-3.webp\",\"width\":600,\"height\":620,\"caption\":\"Tablaos Flamencos\"}]}<\/script>\n<meta name=\"geo.placename\" content=\"Sevilla\" \/>\n<meta name=\"geo.position\" content=\"37.3868072;-5.993280299999999\" \/>\n<meta name=\"geo.region\" content=\"Spagna\" \/>\n<!-- \/ Yoast SEO Premium plugin. -->","yoast_head_json":{"title":"Flamenco a Siviglia durante la Biennale 2026: dove vederlo","description":"Dove vedere flamenco a Siviglia durante la Biennale 2026 oltre il programma ufficiale: tablaos, zone, formati e come combinare entrambe le esperienze.","robots":{"index":"index","follow":"follow","max-snippet":"max-snippet:-1","max-image-preview":"max-image-preview:large","max-video-preview":"max-video-preview:-1"},"canonical":"https:\/\/www.tablaosflamencos.com\/it\/flamenco-siviglia-biennale-2026-spettacoli-fuori-programma-ufficiale.html","og_locale":"it_IT","og_type":"article","og_title":"Flamenco a Siviglia durante la Biennale: dove vedere spettacoli oltre il programma ufficiale","og_description":"Dove vedere flamenco a Siviglia durante la Biennale 2026 oltre il programma ufficiale: tablaos, zone, formati e come combinare entrambe le esperienze.","og_url":"https:\/\/www.tablaosflamencos.com\/it\/flamenco-siviglia-biennale-2026-spettacoli-fuori-programma-ufficiale.html","og_site_name":"Tablaos Flamencos","article_publisher":"https:\/\/www.facebook.com\/tablaosflamencos","article_published_time":"2026-09-03T20:54:58+00:00","article_modified_time":"2026-09-03T21:47:30+00:00","og_image":[{"width":1672,"height":941,"url":"https:\/\/www.tablaosflamencos.com\/wp-content\/uploads\/flamenco-en-sevilla-durante-la-bienal-donde-ver-espectaculos-ademas-de-la-programacion-oficial-01.webp","type":"image\/webp"}],"author":"Miguel Ortiz","twitter_card":"summary_large_image","twitter_creator":"@tablaosflamenco","twitter_site":"@tablaosflamenco","twitter_misc":{"Scritto da":"Miguel Ortiz","Tempo di lettura stimato":"18 minuti"},"schema":{"@context":"https:\/\/schema.org","@graph":[{"@type":"Article","@id":"https:\/\/www.tablaosflamencos.com\/it\/flamenco-siviglia-biennale-2026-spettacoli-fuori-programma-ufficiale.html#article","isPartOf":{"@id":"https:\/\/www.tablaosflamencos.com\/it\/flamenco-siviglia-biennale-2026-spettacoli-fuori-programma-ufficiale.html"},"author":{"name":"Miguel Ortiz","@id":"https:\/\/www.tablaosflamencos.com\/it#\/schema\/person\/e7a9ebe14eb75a52ceabfbffb3c54f5d"},"headline":"Flamenco a Siviglia durante la Biennale: dove vedere spettacoli oltre il programma ufficiale","datePublished":"2026-09-03T20:54:58+00:00","dateModified":"2026-09-03T21:47:30+00:00","mainEntityOfPage":{"@id":"https:\/\/www.tablaosflamencos.com\/it\/flamenco-siviglia-biennale-2026-spettacoli-fuori-programma-ufficiale.html"},"wordCount":3613,"publisher":{"@id":"https:\/\/www.tablaosflamencos.com\/it#organization"},"image":{"@id":"https:\/\/www.tablaosflamencos.com\/it\/flamenco-siviglia-biennale-2026-spettacoli-fuori-programma-ufficiale.html#primaryimage"},"thumbnailUrl":"https:\/\/www.tablaosflamencos.com\/wp-content\/uploads\/flamenco-en-sevilla-durante-la-bienal-donde-ver-espectaculos-ademas-de-la-programacion-oficial-01.webp","keywords":["agenda flamenca","Bienal 2026","Bienal de Flamenco","festivales flamencos","flamenco en Sevilla","sevilla","tablaos de Sevilla"],"articleSection":["Biennale di Flamenco"],"inLanguage":"it-IT"},{"@type":"WebPage","@id":"https:\/\/www.tablaosflamencos.com\/it\/flamenco-siviglia-biennale-2026-spettacoli-fuori-programma-ufficiale.html","url":"https:\/\/www.tablaosflamencos.com\/it\/flamenco-siviglia-biennale-2026-spettacoli-fuori-programma-ufficiale.html","name":"Flamenco a Siviglia durante la Biennale 2026: dove vederlo","isPartOf":{"@id":"https:\/\/www.tablaosflamencos.com\/it#website"},"primaryImageOfPage":{"@id":"https:\/\/www.tablaosflamencos.com\/it\/flamenco-siviglia-biennale-2026-spettacoli-fuori-programma-ufficiale.html#primaryimage"},"image":{"@id":"https:\/\/www.tablaosflamencos.com\/it\/flamenco-siviglia-biennale-2026-spettacoli-fuori-programma-ufficiale.html#primaryimage"},"thumbnailUrl":"https:\/\/www.tablaosflamencos.com\/wp-content\/uploads\/flamenco-en-sevilla-durante-la-bienal-donde-ver-espectaculos-ademas-de-la-programacion-oficial-01.webp","datePublished":"2026-09-03T20:54:58+00:00","dateModified":"2026-09-03T21:47:30+00:00","description":"Dove vedere flamenco a Siviglia durante la Biennale 2026 oltre il programma ufficiale: tablaos, zone, formati e come combinare entrambe le esperienze.","breadcrumb":{"@id":"https:\/\/www.tablaosflamencos.com\/it\/flamenco-siviglia-biennale-2026-spettacoli-fuori-programma-ufficiale.html#breadcrumb"},"inLanguage":"it-IT","potentialAction":[{"@type":"ReadAction","target":["https:\/\/www.tablaosflamencos.com\/it\/flamenco-siviglia-biennale-2026-spettacoli-fuori-programma-ufficiale.html"]}]},{"@type":"ImageObject","inLanguage":"it-IT","@id":"https:\/\/www.tablaosflamencos.com\/it\/flamenco-siviglia-biennale-2026-spettacoli-fuori-programma-ufficiale.html#primaryimage","url":"https:\/\/www.tablaosflamencos.com\/wp-content\/uploads\/flamenco-en-sevilla-durante-la-bienal-donde-ver-espectaculos-ademas-de-la-programacion-oficial-01.webp","contentUrl":"https:\/\/www.tablaosflamencos.com\/wp-content\/uploads\/flamenco-en-sevilla-durante-la-bienal-donde-ver-espectaculos-ademas-de-la-programacion-oficial-01.webp","width":1672,"height":941,"caption":"Flamenco en Sevilla durante la Bienal: d\u00f3nde ver espect\u00e1culos adem\u00e1s de la programaci\u00f3n oficial"},{"@type":"BreadcrumbList","@id":"https:\/\/www.tablaosflamencos.com\/it\/flamenco-siviglia-biennale-2026-spettacoli-fuori-programma-ufficiale.html#breadcrumb","itemListElement":[{"@type":"ListItem","position":1,"name":"Home","item":"https:\/\/www.tablaosflamencos.com\/it"},{"@type":"ListItem","position":2,"name":"Flamenco a Siviglia durante la Biennale: dove vedere spettacoli oltre il programma ufficiale"}]},{"@type":"WebSite","@id":"https:\/\/www.tablaosflamencos.com\/it#website","url":"https:\/\/www.tablaosflamencos.com\/it","name":"Tablaos Flamencos","description":"Entradas para tablaos flamencos de Espa\u00f1a","publisher":{"@id":"https:\/\/www.tablaosflamencos.com\/it#organization"},"alternateName":"Tablaos Flamencos","potentialAction":[{"@type":"SearchAction","target":{"@type":"EntryPoint","urlTemplate":"https:\/\/www.tablaosflamencos.com\/it?s={search_term_string}"},"query-input":{"@type":"PropertyValueSpecification","valueRequired":true,"valueName":"search_term_string"}}],"inLanguage":"it-IT"},{"@type":["Organization","Place","EntertainmentBusiness"],"@id":"https:\/\/www.tablaosflamencos.com\/it#organization","name":"Tablaos Flamencos","alternateName":"Tablaos Flamencos","url":"https:\/\/www.tablaosflamencos.com\/it","logo":{"@id":"https:\/\/www.tablaosflamencos.com\/it\/flamenco-siviglia-biennale-2026-spettacoli-fuori-programma-ufficiale.html#local-main-organization-logo"},"image":{"@id":"https:\/\/www.tablaosflamencos.com\/it\/flamenco-siviglia-biennale-2026-spettacoli-fuori-programma-ufficiale.html#local-main-organization-logo"},"sameAs":["https:\/\/www.facebook.com\/tablaosflamencos","https:\/\/x.com\/tablaosflamenco","https:\/\/mastodon.social\/@tablaosflamencos","https:\/\/www.instagram.com\/tablaosflamencos","https:\/\/tiktok.com\/@tablaosflamencos","https:\/\/www.linkedin.com\/company\/109408238\/"],"description":"Venta de entradas para espect\u00e1culos flamencos","legalName":"Tablaos Flamencos","foundingDate":"2015-01-01","numberOfEmployees":{"@type":"QuantitativeValue","minValue":"1","maxValue":"10"},"address":{"@id":"https:\/\/www.tablaosflamencos.com\/it\/flamenco-siviglia-biennale-2026-spettacoli-fuori-programma-ufficiale.html#local-main-place-address"},"geo":{"@type":"GeoCoordinates","latitude":"37.3868072","longitude":"-5.993280299999999"},"telephone":["+34623787787"],"contactPoint":{"@type":"ContactPoint","telephone":"+34623787787","email":"info@tablaosflamencos.com"},"openingHoursSpecification":{"@type":"OpeningHoursSpecification","dayOfWeek":["Monday","Tuesday","Wednesday","Thursday","Friday","Saturday","Sunday"],"opens":"00:00","closes":"23:59"},"email":"info@tablaosflamencos.com","priceRange":"$$$","currenciesAccepted":"\u20ac"},{"@type":"Person","@id":"https:\/\/www.tablaosflamencos.com\/it#\/schema\/person\/e7a9ebe14eb75a52ceabfbffb3c54f5d","name":"Miguel Ortiz","description":"Miguel Ortiz es un empresario flamenco, con una s\u00f3lida trayectoria dentro del sector. Ha presidido entidades culturales vinculadas al flamenco y, cuenta con un amplio recorrido profesional en la gesti\u00f3n y promoci\u00f3n de espect\u00e1culos y tablaos flamencos. Su pasi\u00f3n por la historia y el arte flamenco se refleja en cada art\u00edculo, donde combina experiencia, criterio y un profundo respeto por la tradici\u00f3n.","sameAs":["https:\/\/www.tablaosflamencos.com","https:\/\/www.instagra.com\/miguelortizfe","https:\/\/www.linkedin.com\/in\/miguelortizf\/"],"birthDate":"1984-11-22","gender":"hombre","knowsLanguage":["espa\u00f1ol","ingl\u00e9s"],"jobTitle":"Empresario flamenco"},{"@type":"PostalAddress","@id":"https:\/\/www.tablaosflamencos.com\/it\/flamenco-siviglia-biennale-2026-spettacoli-fuori-programma-ufficiale.html#local-main-place-address","streetAddress":"C\/ Alemanes, 19","addressLocality":"Sevilla","postalCode":"41004","addressRegion":"Sevilla","addressCountry":"ES"},{"@type":"ImageObject","inLanguage":"it-IT","@id":"https:\/\/www.tablaosflamencos.com\/it\/flamenco-siviglia-biennale-2026-spettacoli-fuori-programma-ufficiale.html#local-main-organization-logo","url":"https:\/\/www.tablaosflamencos.com\/wp-content\/uploads\/tablaos-flamencos-06-3.webp","contentUrl":"https:\/\/www.tablaosflamencos.com\/wp-content\/uploads\/tablaos-flamencos-06-3.webp","width":600,"height":620,"caption":"Tablaos Flamencos"}]},"geo.placename":"Sevilla","geo.position":{"lat":"37.3868072","long":"-5.993280299999999"},"geo.region":"Spagna"},"_links":{"self":[{"href":"https:\/\/www.tablaosflamencos.com\/it\/wp-json\/wp\/v2\/posts\/14285","targetHints":{"allow":["GET"]}}],"collection":[{"href":"https:\/\/www.tablaosflamencos.com\/it\/wp-json\/wp\/v2\/posts"}],"about":[{"href":"https:\/\/www.tablaosflamencos.com\/it\/wp-json\/wp\/v2\/types\/post"}],"author":[{"embeddable":true,"href":"https:\/\/www.tablaosflamencos.com\/it\/wp-json\/wp\/v2\/users\/1"}],"replies":[{"embeddable":true,"href":"https:\/\/www.tablaosflamencos.com\/it\/wp-json\/wp\/v2\/comments?post=14285"}],"version-history":[{"count":2,"href":"https:\/\/www.tablaosflamencos.com\/it\/wp-json\/wp\/v2\/posts\/14285\/revisions"}],"predecessor-version":[{"id":14312,"href":"https:\/\/www.tablaosflamencos.com\/it\/wp-json\/wp\/v2\/posts\/14285\/revisions\/14312"}],"wp:featuredmedia":[{"embeddable":true,"href":"https:\/\/www.tablaosflamencos.com\/it\/wp-json\/wp\/v2\/media\/14269"}],"wp:attachment":[{"href":"https:\/\/www.tablaosflamencos.com\/it\/wp-json\/wp\/v2\/media?parent=14285"}],"wp:term":[{"taxonomy":"category","embeddable":true,"href":"https:\/\/www.tablaosflamencos.com\/it\/wp-json\/wp\/v2\/categories?post=14285"},{"taxonomy":"post_tag","embeddable":true,"href":"https:\/\/www.tablaosflamencos.com\/it\/wp-json\/wp\/v2\/tags?post=14285"}],"curies":[{"name":"wp","href":"https:\/\/api.w.org\/{rel}","templated":true}]}}