{"id":14279,"date":"2026-09-03T23:17:01","date_gmt":"2026-09-03T21:17:01","guid":{"rendered":"https:\/\/www.tablaosflamencos.com\/?p=14279"},"modified":"2026-09-03T23:57:04","modified_gmt":"2026-09-03T21:57:04","slug":"danza-biennale-flamenco-siviglia-2026","status":"publish","type":"post","link":"https:\/\/www.tablaosflamencos.com\/it\/danza-biennale-flamenco-siviglia-2026.html","title":{"rendered":"La danza alla Biennale 2026: dai grandi nomi alla nuova generazione"},"content":{"rendered":"<section class=\"l-section wpb_row height_huge\"><div class=\"l-section-h i-cf\"><div class=\"g-cols vc_row via_flex valign_top type_default stacking_default\"><div class=\"vc_col-sm-6 wpb_column vc_column_container\"><div class=\"vc_column-inner\"><div class=\"wpb_wrapper\"><div class=\"wpb_text_column\"><div class=\"wpb_wrapper\"><h2>La danza alla Biennale 2026: dai grandi nomi alla nuova generazione<\/h2>\n<p>La <strong>XXIV Biennale di Flamenco di Siviglia<\/strong> fa della danza uno dei grandi fili conduttori del suo programma. Tra il <strong>9 settembre e il 3 ottobre 2026<\/strong>, la citt\u00e0 riunir\u00e0 pi\u00f9 di cento bailaor e bailaora in un\u2019edizione che permette di attraversare quasi tutta la mappa attuale della danza flamenca: grandi compagnie, recital di danza, autori, proposte di ricerca, omaggi, corpi collettivi e giovani artisti che iniziano a occupare il centro della scena.<\/p>\n<p>Il cast \u00e8 particolarmente ampio. <strong>Sara Baras, Israel Galv\u00e1n, Manuel Li\u00f1\u00e1n, Farruquito, Andr\u00e9s Mar\u00edn, Olga Pericet, Ana Morales, Pastora Galv\u00e1n, David Coria, Alfonso Losa, Isabel Bay\u00f3n, Patricia Guerrero, Rafaela Carrasco e Mar\u00eda Moreno<\/strong> convivono con nomi come <strong>Juan Tom\u00e1s de la Mol\u00eda, \u00c1gueda Saavedra e Sara Jim\u00e9nez<\/strong>, tre esempi chiari di una generazione che non appare pi\u00f9 soltanto come accompagnamento, ma alla guida delle proprie creazioni.<\/p>\n<p>Questa guida ordina il programma per capire <strong>quali grandi figure segnano l\u2019edizione, dove emergono i nuovi linguaggi e quali appuntamenti permettono di scoprire la generazione che arriva<\/strong>.<\/p>\n<\/div><\/div><\/div><\/div><\/div><div class=\"vc_col-sm-6 wpb_column vc_column_container\"><div class=\"vc_column-inner\"><div class=\"wpb_wrapper\"><div class=\"wpb_text_column\"><div class=\"wpb_wrapper\"><h3>Un\u2019edizione attraversata dal movimento<\/h3>\n<ul>\n<li><strong>Pi\u00f9 di 100 bailaor e bailaora<\/strong> nell\u2019insieme del programma.<\/li>\n<li>Grandi figure e Premi Nazionali di Danza.<\/li>\n<li>Prime assolute di danza e creazione scenica.<\/li>\n<li>Recital tradizionali accanto a linguaggi contemporanei.<\/li>\n<li>Compagnie, solisti e corpi di ballo.<\/li>\n<li>Debutti e progetti propri di una nuova generazione.<\/li>\n<\/ul>\n<p><strong>Idea chiave:<\/strong> la Biennale 2026 non propone un\u2019unica definizione della danza flamenca. La presenta come un linguaggio capace di conservare una scuola, rileggere la propria storia e aprirsi allo stesso tempo a nuove forme sceniche.<\/p>\n<\/div><\/div><\/div><\/div><\/div><\/div><\/div><\/section><section class=\"l-section wpb_row height_huge color_alternate with_shape\"><div class=\"l-section-shape type_zigzag pos_top\" style=\"height:3vmin;\"><svg xmlns=\"http:\/\/www.w3.org\/2000\/svg\" viewBox=\"0 0 64 8\" preserveAspectRatio=\"none\" width=\"100%\" height=\"100%\">\r\n\t<path fill=\"currentColor\" d=\"M64 8 L0 8 L0 0 L20 7.9 L40 3 L48 5 L64 0 Z\"\/>\r\n<\/svg><\/div><div class=\"l-section-shape type_zigzag pos_bottom\" style=\"height:3vmin;\"><svg xmlns=\"http:\/\/www.w3.org\/2000\/svg\" viewBox=\"0 0 64 8\" preserveAspectRatio=\"none\" width=\"100%\" height=\"100%\">\r\n\t<path fill=\"currentColor\" d=\"M64 8 L0 8 L0 0 L20 7.9 L40 3 L48 5 L64 0 Z\"\/>\r\n<\/svg><\/div><div class=\"l-section-h i-cf\"><div class=\"g-cols vc_row via_flex valign_top type_default stacking_default\"><div class=\"vc_col-sm-6 wpb_column vc_column_container\"><div class=\"vc_column-inner\"><div class=\"wpb_wrapper\"><div class=\"wpb_text_column\"><div class=\"wpb_wrapper\"><blockquote>\n<p><strong>Risposta rapida:<\/strong> se vuoi seguire la danza alla Biennale di Flamenco di Siviglia 2026, i grandi appuntamenti passano da Sara Baras con <em>Infinita<\/em>, Manuel Li\u00f1\u00e1n con <em>Bailaor@<\/em>, Olga Pericet con <em>Perspectivas sobre un baile sonoro<\/em>, Andr\u00e9s Mar\u00edn con <em>Desierto<\/em>, Israel Galv\u00e1n con <em>Bolero de blanco y negro<\/em>, Pastora Galv\u00e1n con <em>TRIBUsssh!<\/em>, Farruquito con <em>Ser\u00e1s Farruquito: el musical<\/em>, David Coria con <em>Babel. Torre viva<\/em> e Alfonso Losa con <em>Gesto m\u00ednimo<\/em>.<\/p>\n<\/blockquote>\n<\/div><\/div><\/div><\/div><\/div><div class=\"vc_col-sm-6 wpb_column vc_column_container\"><div class=\"vc_column-inner\"><div class=\"wpb_wrapper\"><div class=\"wpb_text_column\"><div class=\"wpb_wrapper\"><h3>Anche la nuova generazione occupa il centro<\/h3>\n<p>L\u2019edizione concede uno spazio proprio a <strong>Juan Tom\u00e1s de la Mol\u00eda e \u00c1gueda Saavedra<\/strong> con <em>Te atrevo<\/em>, e a <strong>Sara Jim\u00e9nez<\/strong> con <em>La compa\u00f1\u00eda<\/em>. Il ricambio generazionale non appare come un\u2019appendice del programma, ma come una delle sue chiavi di lettura.<\/p>\n<p><strong>Ultimo aggiornamento: 3 settembre 2026.<\/strong> Programma, orari e disponibilit\u00e0 dei biglietti possono cambiare. Controlla sempre la scheda ufficiale prima di organizzare la visita.<\/p>\n<p><a href=\"https:\/\/www.tablaosflamencos.com\/bienal-flamenco-sevilla-2026.html\"><strong>Guida completa alla Biennale 2026<\/strong><\/a> \u00b7 <a href=\"https:\/\/www.tablaosflamencos.com\/grandes-estrenos-bienal-flamenco-sevilla-2026.html\"><strong>Grandi prime<\/strong><\/a> \u00b7 <a href=\"https:\/\/www.labienal.com\/programa-general\" target=\"_blank\" rel=\"noopener\"><strong>Programma ufficiale<\/strong><\/a><\/p>\n<\/div><\/div><\/div><\/div><\/div><\/div><\/div><\/section><section class=\"l-section wpb_row height_huge\"><div class=\"l-section-h i-cf\"><div class=\"g-cols vc_row via_flex valign_top type_default stacking_default\"><div class=\"vc_col-sm-6 wpb_column vc_column_container\"><div class=\"vc_column-inner\"><div class=\"wpb_wrapper\"><div class=\"wpb_text_column\"><div class=\"wpb_wrapper\"><h2>Contenuto di questa guida<\/h2>\n<ul>\n<li><a href=\"#baile-mapa\">Una mappa della danza flamenca attuale<\/a><\/li>\n<li><a href=\"#grandes-figuras\">Le grandi figure<\/a><\/li>\n<li><a href=\"#otras-miradas\">Altri sguardi consolidati<\/a><\/li>\n<li><a href=\"#nueva-generacion\">La nuova generazione<\/a><\/li>\n<li><a href=\"#estrenos-baile\">Le prime di danza<\/a><\/li>\n<li><a href=\"#fechas-baile\">Date chiave<\/a><\/li>\n<li><a href=\"#espacios-baile\">Dove vedere la migliore danza<\/a><\/li>\n<li><a href=\"#elegir-baile\">Cosa scegliere in base al tuo profilo<\/a><\/li>\n<li><a href=\"#faq-baile\">Domande frequenti<\/a><\/li>\n<\/ul>\n<\/div><\/div><\/div><\/div><\/div><div class=\"vc_col-sm-6 wpb_column vc_column_container\"><div class=\"vc_column-inner\"><div class=\"wpb_wrapper\"><div class=\"wpb_text_column\"><div class=\"wpb_wrapper\"><h3>Come leggere il programma<\/h3>\n<p>Non conviene dividere la danza del 2026 soltanto tra \u00abtradizione\u00bb e \u00abavanguardia\u00bb. La Biennale mescola scuole, formati e generazioni. Nella stessa settimana si pu\u00f2 passare da una grande compagnia a un recital quasi spoglio, da una coreografia collettiva a un lavoro di ricerca o dall\u2019omaggio a una maestra a un debutto solista.<\/p>\n<p>Per questo la guida raggruppa gli spettacoli per <strong>posizione artistica<\/strong> e non soltanto per data: grandi figure, autori consolidati, nuovi creatori, prime e spazi.<\/p>\n<\/div><\/div><\/div><\/div><\/div><\/div><\/div><\/section><section class=\"l-section wpb_row height_huge color_alternate with_shape\"><div class=\"l-section-shape type_zigzag pos_top\" style=\"height:3vmin;\"><svg xmlns=\"http:\/\/www.w3.org\/2000\/svg\" viewBox=\"0 0 64 8\" preserveAspectRatio=\"none\" width=\"100%\" height=\"100%\">\r\n\t<path fill=\"currentColor\" d=\"M64 8 L0 8 L0 0 L20 7.9 L40 3 L48 5 L64 0 Z\"\/>\r\n<\/svg><\/div><div class=\"l-section-shape type_zigzag pos_bottom\" style=\"height:3vmin;\"><svg xmlns=\"http:\/\/www.w3.org\/2000\/svg\" viewBox=\"0 0 64 8\" preserveAspectRatio=\"none\" width=\"100%\" height=\"100%\">\r\n\t<path fill=\"currentColor\" d=\"M64 8 L0 8 L0 0 L20 7.9 L40 3 L48 5 L64 0 Z\"\/>\r\n<\/svg><\/div><div class=\"l-section-h i-cf\"><div class=\"g-cols vc_row via_flex valign_top type_default stacking_default\"><div class=\"vc_col-sm-6 wpb_column vc_column_container\"><div class=\"vc_column-inner\"><div class=\"wpb_wrapper\"><div class=\"wpb_text_column\"><div class=\"wpb_wrapper\"><h2 id=\"baile-mapa\">La Biennale 2026 come mappa della danza flamenca attuale<\/h2>\n<p>Uno dei modi migliori per capire il programma 2026 \u00e8 pensarlo come una mappa di posizioni artistiche. La stessa Biennale parla di un percorso che va <strong>dalla danza essenziale e spoglia ai grandi corpi di ballo<\/strong>, dalla bata de cola ai nuovi codici scenici e dalla tradizione di scuola alla creazione contemporanea.<\/p>\n<p>Questa impostazione evita di dividere semplicemente il programma tra \u00abtradizionale\u00bb e \u00abd\u2019avanguardia\u00bb. In realt\u00e0, molte proposte mescolano entrambi i mondi.<\/p>\n<\/div><\/div><\/div><\/div><\/div><div class=\"vc_col-sm-6 wpb_column vc_column_container\"><div class=\"vc_column-inner\"><div class=\"wpb_wrapper\"><div class=\"wpb_text_column\"><div class=\"wpb_wrapper\"><h3>Tradizione, autorialit\u00e0 e sperimentazione<\/h3>\n<p>Manuel Li\u00f1\u00e1n torna al formato recital per parlare di identit\u00e0; Olga Pericet rilegge il recital da una prospettiva contemporanea; Israel Galv\u00e1n dialoga con Ravel; Farruquito trasforma la propria biografia e l\u2019eredit\u00e0 familiare in un musical; Ana Morales usa il corpo per esplorare una Siviglia sotterranea immaginaria; e Alfonso Losa propone uno spettacolo il cui stesso titolo, <em>Gesto m\u00ednimo<\/em>, suggerisce la depurazione.<\/p>\n<p>La questione centrale \u00e8 <strong>come la danza possa evolversi senza smettere di essere riconoscibile come flamenco<\/strong>. Ogni artista risponde da una posizione diversa.<\/p>\n<\/div><\/div><\/div><\/div><\/div><\/div><\/div><\/section><section class=\"l-section wpb_row height_huge\"><div class=\"l-section-h i-cf\"><div class=\"g-cols vc_row via_flex valign_top type_default stacking_default\"><div class=\"vc_col-sm-6 wpb_column vc_column_container\"><div class=\"vc_column-inner\"><div class=\"wpb_wrapper\"><div class=\"wpb_text_column\"><div class=\"wpb_wrapper\"><h2 id=\"grandes-figuras\">Le grandi figure: da Sara Baras a Farruquito<\/h2>\n<h3>Sara Baras: il grande ritorno<\/h3>\n<p><strong>Sara Baras<\/strong> torna alla Biennale quattordici anni dopo con la prima assoluta di <em>Infinita<\/em>, in programma nei giorni <strong>11, 12 e 13 settembre<\/strong> al Teatro de la Maestranza. L\u2019opera si articola intorno a otto sguardi femminili e a un\u2019idea di identit\u00e0 andalusa trasmessa attraverso la danza.<\/p>\n<p>Rappresenta il grande formato di compagnia e una carriera internazionale consolidata, ma arriva anche con un\u2019opera nuova creata per questa edizione. Puoi approfondire nella nostra guida su <a href=\"https:\/\/www.tablaosflamencos.com\/sara-baras-sevilla-2026-infinita-bienal.html\"><strong>Sara Baras a Siviglia 2026<\/strong><\/a>.<\/p>\n<h3>Manuel Li\u00f1\u00e1n: recital e identit\u00e0<\/h3>\n<p>Il <strong>22 settembre<\/strong>, Manuel Li\u00f1\u00e1n presenta al Teatro de la Maestranza <em>Bailaor@. Recital de baile<\/em>. La proposta torna a qualcosa di apparentemente semplice: danzare. Ma questa semplicit\u00e0 contiene una dichiarazione chiara su identit\u00e0, genere e costruzione artistica.<\/p>\n<\/div><\/div><\/div><\/div><\/div><div class=\"vc_col-sm-6 wpb_column vc_column_container\"><div class=\"vc_column-inner\"><div class=\"wpb_wrapper\"><div class=\"wpb_text_column\"><div class=\"wpb_wrapper\"><h3>Israel Galv\u00e1n: Ravel attraverso il corpo flamenco<\/h3>\n<p>Il <strong>26 settembre<\/strong>, Israel Galv\u00e1n porta al Teatro de la Maestranza la prima assoluta di <em>Bolero de blanco y negro<\/em>. L\u2019opera parte da Maurice Ravel e aggiunge due pianoforti, cante, percussioni e voce. L\u2019interesse sta nel modo in cui Galv\u00e1n scompone il materiale, ne cerca la meccanica ritmica e lo trasforma in un proprio terreno coreografico.<\/p>\n<h3>Farruquito: eredit\u00e0, biografia e grande formato<\/h3>\n<p>Il <strong>28 settembre<\/strong>, Farruquito presenta la prima di <em>Ser\u00e1s Farruquito: el musical<\/em> al Teatro de la Maestranza. Lo spettacolo ripercorre la sua vita in cinque atti \u2014il sangue, l\u2019apprendimento, il mondo, l\u2019ombra e l\u2019eredit\u00e0\u2014 e trasforma la biografia in materia scenica.<\/p>\n<p>L\u2019allestimento comprende un corpo di ballo e una narrazione ampia, ma mantiene come asse la <strong>trasmissione familiare<\/strong>: una scuola ereditata trasformata in linguaggio personale e proiettata verso il futuro.<\/p>\n<\/div><\/div><\/div><\/div><\/div><\/div><\/div><\/section><section class=\"l-section wpb_row height_huge color_alternate with_shape\"><div class=\"l-section-shape type_zigzag pos_top hor_flip\" style=\"height:3vmin;\"><svg xmlns=\"http:\/\/www.w3.org\/2000\/svg\" viewBox=\"0 0 64 8\" preserveAspectRatio=\"none\" width=\"100%\" height=\"100%\">\r\n\t<path fill=\"currentColor\" d=\"M64 8 L0 8 L0 0 L20 7.9 L40 3 L48 5 L64 0 Z\"\/>\r\n<\/svg><\/div><div class=\"l-section-shape type_zigzag pos_bottom\" style=\"height:3vmin;\"><svg xmlns=\"http:\/\/www.w3.org\/2000\/svg\" viewBox=\"0 0 64 8\" preserveAspectRatio=\"none\" width=\"100%\" height=\"100%\">\r\n\t<path fill=\"currentColor\" d=\"M64 8 L0 8 L0 0 L20 7.9 L40 3 L48 5 L64 0 Z\"\/>\r\n<\/svg><\/div><div class=\"l-section-h i-cf\"><div class=\"g-cols vc_row via_flex valign_top type_default stacking_default\"><div class=\"vc_col-sm-6 wpb_column vc_column_container\"><div class=\"vc_column-inner\"><div class=\"wpb_wrapper\"><div class=\"wpb_text_column\"><div class=\"wpb_wrapper\"><h2 id=\"otras-miradas\">Altri sguardi consolidati<\/h2>\n<h3>Ana Morales<\/h3>\n<p>Premio Nazionale di Danza 2022, presenta il <strong>13 e 14 settembre<\/strong> alla Real F\u00e1brica de Artiller\u00eda la prima assoluta di <em>Rapsodia. Fantas\u00eda subterr\u00e1nea<\/em>. L\u2019opera propone una discesa immaginaria verso una Siviglia sotterranea e usa il corpo per esplorare il tellurico, il jondo e il processo creativo.<\/p>\n<h3>Olga Pericet<\/h3>\n<p>Premio Nazionale di Danza 2018, debutta il <strong>21 settembre<\/strong> al Teatro Central con <em>Perspectivas sobre un baile sonoro<\/em>. Dopo trentacinque anni di carriera rilegge il formato del recital attraverso la memoria del corpo e il suo presente creativo.<\/p>\n<h3>Andr\u00e9s Mar\u00edn<\/h3>\n<p>Presenta la prima di <em>Desierto<\/em> il <strong>25 settembre<\/strong> al Teatro Central. Si avvicina alla memoria dell\u2019Alameda de H\u00e9rcules attraverso una verit\u00e0 poetica e una riflessione sulla solitudine, sulla traccia e su ci\u00f2 che rimane.<\/p>\n<\/div><\/div><\/div><\/div><\/div><div class=\"vc_col-sm-6 wpb_column vc_column_container\"><div class=\"vc_column-inner\"><div class=\"wpb_wrapper\"><div class=\"wpb_text_column\"><div class=\"wpb_wrapper\"><h3>Pastora Galv\u00e1n<\/h3>\n<p>Il <strong>26 settembre<\/strong> al Teatro Alameda presenta la prima assoluta di <em>TRIBUsssh!<\/em>, con direzione artistica e curatela di Israel Galv\u00e1n. Il pezzo incrocia la sua danza con due batterie e altre sonorit\u00e0 senza perdere il pulsare flamenco.<\/p>\n<h3>David Coria<\/h3>\n<p>Il <strong>29 settembre<\/strong> porta al Teatro Lope de Vega <em>Babel. Torre viva<\/em>, prima nazionale di un\u2019opera sulla differenza, il potere, la frammentazione e la possibilit\u00e0 di costruire qualcosa di comune. Il corpo collettivo diventa architettura scenica.<\/p>\n<h3>Isabel Bay\u00f3n, Mar\u00eda Moreno e Alfonso Losa<\/h3>\n<p>A questa mappa si aggiungono <strong>Isabel Bay\u00f3n<\/strong>, omaggiata il 15 settembre; <strong>Mar\u00eda Moreno<\/strong>, protagonista di <em>Trilog\u00eda. Al baile<\/em> il 23 settembre alla Real F\u00e1brica de Artiller\u00eda; e <strong>Alfonso Losa<\/strong>, che presenter\u00e0 la prima di <em>Gesto m\u00ednimo<\/em> il 2 ottobre al Teatro Lope de Vega.<\/p>\n<\/div><\/div><\/div><\/div><\/div><\/div><\/div><\/section><section class=\"l-section wpb_row height_huge\"><div class=\"l-section-h i-cf\"><div class=\"g-cols vc_row via_flex valign_top type_default stacking_default\"><div class=\"vc_col-sm-6 wpb_column vc_column_container\"><div class=\"vc_column-inner\"><div class=\"wpb_wrapper\"><div class=\"wpb_text_column\"><div class=\"wpb_wrapper\"><h2 id=\"nueva-generacion\">La nuova generazione smette di essere una promessa<\/h2>\n<p>Uno dei movimenti pi\u00f9 importanti di questa Biennale \u00e8 che diversi giovani artisti appaiono gi\u00e0 <strong>alla guida di progetti propri<\/strong>. Non sono soltanto membri di un corpo di ballo o artisti invitati: occupano titoli, direzioni e spazi di creazione.<\/p>\n<h3>Juan Tom\u00e1s de la Mol\u00eda e \u00c1gueda Saavedra: <em>Te atrevo<\/em><\/h3>\n<p>Il <strong>23 settembre<\/strong>, il Teatro Central ospita la prima assoluta di <em>Te atrevo<\/em>, di <strong>Juan Tom\u00e1s de la Mol\u00eda e \u00c1gueda Saavedra<\/strong>, con la direzione di Manuel Li\u00f1\u00e1n.<\/p>\n<p>L\u2019unione \u00e8 significativa: due interpreti emergenti lavorano sotto lo sguardo di un creatore che da anni amplia i limiti della danza flamenca contemporanea. La Biennale li presenta come esempio di una generazione con tecnica, personalit\u00e0 e capacit\u00e0 di sostenere un\u2019opera propria.<\/p>\n<\/div><\/div><\/div><\/div><\/div><div class=\"vc_col-sm-6 wpb_column vc_column_container\"><div class=\"vc_column-inner\"><div class=\"wpb_wrapper\"><div class=\"wpb_text_column\"><div class=\"wpb_wrapper\"><h3>Sara Jim\u00e9nez: compagnia, creazione e autorialit\u00e0<\/h3>\n<p>Il <strong>29 settembre<\/strong>, sempre al Teatro Central, <strong>Sara Jim\u00e9nez<\/strong> debutta con <em>La compa\u00f1\u00eda<\/em>. Firma l\u2019idea originale, la direzione e la coreografia e condivide la scena con Julio Ruiz e Mariana Collado.<\/p>\n<p>La nuova generazione non si definisce soltanto per l\u2019et\u00e0, ma per la capacit\u00e0 di assumere <strong>autorialit\u00e0, discorso, direzione e responsabilit\u00e0 scenica<\/strong>.<\/p>\n<h3>\u00c1gueda Saavedra, anche con Alfonso Losa<\/h3>\n<p>\u00c1gueda Saavedra ricompare il <strong>2 ottobre<\/strong> in <em>Gesto m\u00ednimo<\/em> di Alfonso Losa, insieme a Karen Lugo e Yoel Vargas. Questa doppia presenza mostra come i giovani si muovano tra progetti propri e lavori con creatori consolidati.<\/p>\n<p><strong>La nuova generazione non sostituisce le figure precedenti: convive con loro.<\/strong> Questo incrocio \u00e8 una delle chiavi del 2026.<\/p>\n<\/div><\/div><\/div><\/div><\/div><\/div><\/div><\/section><section class=\"l-section wpb_row height_huge color_alternate with_shape\"><div class=\"l-section-shape type_zigzag pos_top\" style=\"height:3vmin;\"><svg xmlns=\"http:\/\/www.w3.org\/2000\/svg\" viewBox=\"0 0 64 8\" preserveAspectRatio=\"none\" width=\"100%\" height=\"100%\">\r\n\t<path fill=\"currentColor\" d=\"M64 8 L0 8 L0 0 L20 7.9 L40 3 L48 5 L64 0 Z\"\/>\r\n<\/svg><\/div><div class=\"l-section-shape type_zigzag pos_bottom\" style=\"height:3vmin;\"><svg xmlns=\"http:\/\/www.w3.org\/2000\/svg\" viewBox=\"0 0 64 8\" preserveAspectRatio=\"none\" width=\"100%\" height=\"100%\">\r\n\t<path fill=\"currentColor\" d=\"M64 8 L0 8 L0 0 L20 7.9 L40 3 L48 5 L64 0 Z\"\/>\r\n<\/svg><\/div><div class=\"l-section-h i-cf\"><div class=\"g-cols vc_row via_flex valign_top type_default stacking_default\"><div class=\"vc_col-sm-6 wpb_column vc_column_container\"><div class=\"vc_column-inner\"><div class=\"wpb_wrapper\"><div class=\"wpb_text_column\"><div class=\"wpb_wrapper\"><h2 id=\"estrenos-baile\">Le prime fanno della danza uno dei motori creativi del 2026<\/h2>\n<p>Il peso della danza si vede soprattutto nelle prime. Sara Baras, Ana Morales, Olga Pericet, Andr\u00e9s Mar\u00edn, Israel Galv\u00e1n, Pastora Galv\u00e1n, Farruquito, Sara Jim\u00e9nez e Alfonso Losa presentano nuovi lavori o versioni create specificamente per questa edizione. Juan Tom\u00e1s de la Mol\u00eda e \u00c1gueda Saavedra debuttano insieme con <em>Te atrevo<\/em> e Mar\u00eda Moreno partecipa alla prima di <em>Trilog\u00eda. Al baile<\/em>.<\/p>\n<p>Molti di questi lavori <strong>nasceranno a Siviglia<\/strong> e potranno poi circolare in altri teatri e festival. Assistere a una prima significa vedere un\u2019opera prima che critica, tourn\u00e9e e tempo ne fissino definitivamente la lettura.<\/p>\n<\/div><\/div><\/div><\/div><\/div><div class=\"vc_col-sm-6 wpb_column vc_column_container\"><div class=\"vc_column-inner\"><div class=\"wpb_wrapper\"><div class=\"wpb_text_column\"><div class=\"wpb_wrapper\"><h3>Prime particolarmente rilevanti<\/h3>\n<ul>\n<li>Sara Baras \u00b7 <em>Infinita<\/em><\/li>\n<li>Ana Morales \u00b7 <em>Rapsodia. Fantas\u00eda subterr\u00e1nea<\/em><\/li>\n<li>Olga Pericet \u00b7 <em>Perspectivas sobre un baile sonoro<\/em><\/li>\n<li>Juan Tom\u00e1s de la Mol\u00eda e \u00c1gueda Saavedra \u00b7 <em>Te atrevo<\/em><\/li>\n<li>Andr\u00e9s Mar\u00edn \u00b7 <em>Desierto<\/em><\/li>\n<li>Israel Galv\u00e1n \u00b7 <em>Bolero de blanco y negro<\/em><\/li>\n<li>Pastora Galv\u00e1n \u00b7 <em>TRIBUsssh!<\/em><\/li>\n<li>Farruquito \u00b7 <em>Ser\u00e1s Farruquito: el musical<\/em><\/li>\n<li>Sara Jim\u00e9nez \u00b7 <em>La compa\u00f1\u00eda<\/em><\/li>\n<li>Alfonso Losa \u00b7 <em>Gesto m\u00ednimo<\/em><\/li>\n<\/ul>\n<p>Per approfondire questa parte, consulta <a href=\"https:\/\/www.tablaosflamencos.com\/grandes-estrenos-bienal-flamenco-sevilla-2026.html\"><strong>le grandi prime della Biennale 2026<\/strong><\/a>.<\/p>\n<\/div><\/div><\/div><\/div><\/div><\/div><\/div><\/section><section class=\"l-section wpb_row height_huge\"><div class=\"l-section-h i-cf\"><div class=\"g-cols vc_row via_flex valign_top type_default stacking_default\"><div class=\"vc_col-sm-12 wpb_column vc_column_container\"><div class=\"vc_column-inner\"><div class=\"wpb_wrapper\"><div class=\"wpb_text_column\"><div class=\"wpb_wrapper\"><h2 id=\"fechas-baile\">Date chiave della danza alla Biennale 2026<\/h2>\n<div style=\"overflow-x: auto;\">\n<table>\n<thead>\n<tr>\n<th>Data<\/th>\n<th>Artista \/ spettacolo<\/th>\n<th>Spazio<\/th>\n<th>Chiave<\/th>\n<\/tr>\n<\/thead>\n<tbody>\n<tr>\n<td><strong>10 settembre<\/strong><\/td>\n<td>Ballet Flamenco de Andaluc\u00eda con Patricia Guerrero \u00b7 <em>El mundo por montera<\/em><\/td>\n<td>Real Maestranza<\/td>\n<td>Gala e grande formato<\/td>\n<\/tr>\n<tr>\n<td><strong>11\u201313 settembre<\/strong><\/td>\n<td>Sara Baras \u00b7 <em>Infinita<\/em><\/td>\n<td>Teatro de la Maestranza<\/td>\n<td>Prima assoluta<\/td>\n<\/tr>\n<tr>\n<td><strong>13\u201314 settembre<\/strong><\/td>\n<td>Ana Morales \u00b7 <em>Rapsodia. Fantas\u00eda subterr\u00e1nea<\/em><\/td>\n<td>Real F\u00e1brica de Artiller\u00eda<\/td>\n<td>Prima assoluta<\/td>\n<\/tr>\n<tr>\n<td><strong>15 settembre<\/strong><\/td>\n<td>Omaggio a Isabel Bay\u00f3n \u00b7 <em>Ep\u00edlogo de un cante que se hizo baile<\/em><\/td>\n<td>Teatro Central<\/td>\n<td>Memoria e carriera<\/td>\n<\/tr>\n<tr>\n<td><strong>21 settembre<\/strong><\/td>\n<td>Olga Pericet \u00b7 <em>Perspectivas sobre un baile sonoro<\/em><\/td>\n<td>Teatro Central<\/td>\n<td>Prima assoluta<\/td>\n<\/tr>\n<tr>\n<td><strong>22 settembre<\/strong><\/td>\n<td>Manuel Li\u00f1\u00e1n \u00b7 <em>Bailaor@<\/em><\/td>\n<td>Teatro de la Maestranza<\/td>\n<td>Notte unica<\/td>\n<\/tr>\n<tr>\n<td><strong>23 settembre<\/strong><\/td>\n<td>Juan Tom\u00e1s de la Mol\u00eda &amp; \u00c1gueda Saavedra \u00b7 <em>Te atrevo<\/em><\/td>\n<td>Teatro Central<\/td>\n<td>Nuova generazione<\/td>\n<\/tr>\n<tr>\n<td><strong>23 settembre<\/strong><\/td>\n<td>Mar\u00eda Moreno \u00b7 <em>Trilog\u00eda. Al baile<\/em><\/td>\n<td>Real F\u00e1brica de Artiller\u00eda<\/td>\n<td>Prima assoluta<\/td>\n<\/tr>\n<tr>\n<td><strong>25 settembre<\/strong><\/td>\n<td>Andr\u00e9s Mar\u00edn \u00b7 <em>Desierto<\/em><\/td>\n<td>Teatro Central<\/td>\n<td>Prima assoluta<\/td>\n<\/tr>\n<tr>\n<td><strong>26 settembre<\/strong><\/td>\n<td>Israel Galv\u00e1n \u00b7 <em>Bolero de blanco y negro<\/em><\/td>\n<td>Teatro de la Maestranza<\/td>\n<td>Prima assoluta<\/td>\n<\/tr>\n<tr>\n<td><strong>26 settembre<\/strong><\/td>\n<td>Pastora Galv\u00e1n \u00b7 <em>TRIBUsssh!<\/em><\/td>\n<td>Teatro Alameda<\/td>\n<td>Prima assoluta<\/td>\n<\/tr>\n<tr>\n<td><strong>28 settembre<\/strong><\/td>\n<td>Farruquito \u00b7 <em>Ser\u00e1s Farruquito: el musical<\/em><\/td>\n<td>Teatro de la Maestranza<\/td>\n<td>Prima assoluta<\/td>\n<\/tr>\n<tr>\n<td><strong>29 settembre<\/strong><\/td>\n<td>David Coria \u00b7 <em>Babel. Torre viva<\/em><\/td>\n<td>Teatro Lope de Vega<\/td>\n<td>Prima nazionale<\/td>\n<\/tr>\n<tr>\n<td><strong>29 settembre<\/strong><\/td>\n<td>Sara Jim\u00e9nez \u00b7 <em>La compa\u00f1\u00eda<\/em><\/td>\n<td>Teatro Central<\/td>\n<td>Nuova generazione<\/td>\n<\/tr>\n<tr>\n<td><strong>2 ottobre<\/strong><\/td>\n<td>Alfonso Losa \u00b7 <em>Gesto m\u00ednimo<\/em><\/td>\n<td>Teatro Lope de Vega<\/td>\n<td>Prima assoluta<\/td>\n<\/tr>\n<tr>\n<td><strong>3 ottobre<\/strong><\/td>\n<td>Rafaela Carrasco in <em>Perlas a millares<\/em><\/td>\n<td>Teatro de la Maestranza<\/td>\n<td>Chiusura<\/td>\n<\/tr>\n<\/tbody>\n<\/table>\n<\/div>\n<p><small>Selezione orientativa di appuntamenti particolarmente rilevanti per seguire la danza. Altre proposte della Biennale includono la danza in gala, incontri e spettacoli misti.<\/small><\/p>\n<\/div><\/div><\/div><\/div><\/div><\/div><\/div><\/section><section class=\"l-section wpb_row height_huge color_alternate with_shape\"><div class=\"l-section-shape type_zigzag pos_top hor_flip\" style=\"height:3vmin;\"><svg xmlns=\"http:\/\/www.w3.org\/2000\/svg\" viewBox=\"0 0 64 8\" preserveAspectRatio=\"none\" width=\"100%\" height=\"100%\">\r\n\t<path fill=\"currentColor\" d=\"M64 8 L0 8 L0 0 L20 7.9 L40 3 L48 5 L64 0 Z\"\/>\r\n<\/svg><\/div><div class=\"l-section-shape type_zigzag pos_bottom\" style=\"height:3vmin;\"><svg xmlns=\"http:\/\/www.w3.org\/2000\/svg\" viewBox=\"0 0 64 8\" preserveAspectRatio=\"none\" width=\"100%\" height=\"100%\">\r\n\t<path fill=\"currentColor\" d=\"M64 8 L0 8 L0 0 L20 7.9 L40 3 L48 5 L64 0 Z\"\/>\r\n<\/svg><\/div><div class=\"l-section-h i-cf\"><div class=\"g-cols vc_row via_flex valign_top type_default stacking_default\"><div class=\"vc_col-sm-6 wpb_column vc_column_container\"><div class=\"vc_column-inner\"><div class=\"wpb_wrapper\"><div class=\"wpb_text_column\"><div class=\"wpb_wrapper\"><h2 id=\"espacios-baile\">Gli spazi cambiano il modo di guardare la danza<\/h2>\n<p>La danza \u00e8 probabilmente la disciplina della Biennale in cui si percepisce maggiormente la relazione tra corpo e spazio. Non \u00e8 la stessa cosa vedere una grande compagnia al Teatro de la Maestranza, un lavoro di ricerca al Teatro Central o un pezzo nell\u2019architettura industriale della Real F\u00e1brica de Artiller\u00eda.<\/p>\n<p>Il <strong>Teatro de la Maestranza<\/strong> concentra diversi grandi formati: Sara Baras, Manuel Li\u00f1\u00e1n, Israel Galv\u00e1n e Farruquito.<\/p>\n<\/div><\/div><\/div><\/div><\/div><div class=\"vc_col-sm-6 wpb_column vc_column_container\"><div class=\"vc_column-inner\"><div class=\"wpb_wrapper\"><div class=\"wpb_text_column\"><div class=\"wpb_wrapper\"><h3>Un percorso attraverso quattro spazi<\/h3>\n<p>Il <strong>Teatro Central<\/strong> funziona come laboratorio per Olga Pericet, Juan Tom\u00e1s de la Mol\u00eda e \u00c1gueda Saavedra, Andr\u00e9s Mar\u00edn e Sara Jim\u00e9nez. La <strong>Real F\u00e1brica de Artiller\u00eda<\/strong> offre una cornice particolare ad Ana Morales e Mar\u00eda Moreno, mentre il <strong>Teatro Lope de Vega<\/strong> ospita David Coria e Alfonso Losa.<\/p>\n<p>Questa distribuzione permette di costruire un itinerario di danza senza ripetere la stessa esperienza scenica. Puoi confrontare gli spazi nella nostra guida a <a href=\"https:\/\/www.tablaosflamencos.com\/espacios-espectaculares-bienal-flamenco-sevilla-2026.html\"><strong>gli spazi pi\u00f9 spettacolari della Biennale 2026<\/strong><\/a>.<\/p>\n<\/div><\/div><\/div><\/div><\/div><\/div><\/div><\/section><section class=\"l-section wpb_row height_huge\"><div class=\"l-section-h i-cf\"><div class=\"g-cols vc_row via_flex valign_top type_default stacking_default\"><div class=\"vc_col-sm-6 wpb_column vc_column_container\"><div class=\"vc_column-inner\"><div class=\"wpb_wrapper\"><div class=\"wpb_text_column\"><div class=\"wpb_wrapper\"><h2 id=\"elegir-baile\">Quale spettacolo scegliere in base al tipo di danza che cerchi<\/h2>\n<h3>Se vuoi una grande produzione<\/h3>\n<p>Inizia da <strong>Sara Baras<\/strong> o <strong>Farruquito<\/strong>. Entrambi lavorano con formati ampi, drammaturgia, scenografia e un linguaggio pensato per i grandi teatri. Anche il Ballet Flamenco de Andaluc\u00eda in <em>El mundo por montera<\/em> permette di vedere un corpo di ballo istituzionale in una produzione eccezionale.<\/p>\n<h3>Se cerchi danza d\u2019autore<\/h3>\n<p><strong>Israel Galv\u00e1n, Andr\u00e9s Mar\u00edn, Ana Morales, Olga Pericet e David Coria<\/strong> offrono cinque percorsi molto diversi per vedere come il flamenco dialoga con altre musiche, drammaturgie, concetti e linguaggi fisici.<\/p>\n<\/div><\/div><\/div><\/div><\/div><div class=\"vc_col-sm-6 wpb_column vc_column_container\"><div class=\"vc_column-inner\"><div class=\"wpb_wrapper\"><div class=\"wpb_text_column\"><div class=\"wpb_wrapper\"><h3>Se preferisci il recital e un rapporto diretto con il flamenco<\/h3>\n<p><strong>Manuel Li\u00f1\u00e1n<\/strong> fa del recital il centro della sua proposta. <strong>Alfonso Losa<\/strong> pu\u00f2 essere particolarmente interessante per chi cerca depurazione coreografica e attenzione al gesto.<\/p>\n<h3>Se vuoi scoprire la nuova generazione<\/h3>\n<p>Riserva spazio per <strong>Juan Tom\u00e1s de la Mol\u00eda e \u00c1gueda Saavedra<\/strong> e per <strong>Sara Jim\u00e9nez<\/strong>.<\/p>\n<h3>Se vuoi una Biennale equilibrata<\/h3>\n<p>Combina almeno tre profili: una grande figura, un autore e una proposta giovane. Per esempio: Sara Baras o Farruquito; Israel Galv\u00e1n, Ana Morales o Olga Pericet; e <em>Te atrevo<\/em> o <em>La compa\u00f1\u00eda<\/em>.<\/p>\n<p><a href=\"https:\/\/www.tablaosflamencos.com\/bienal-flamenco-2026-entradas-precios-descuentos.html\"><strong>Biglietti, prezzi e sconti<\/strong><\/a> \u00b7 <a href=\"https:\/\/www.tablaosflamencos.com\/cante-bienal-flamenco-sevilla-2026.html\"><strong>Il cante alla Biennale 2026<\/strong><\/a> \u00b7 <a href=\"https:\/\/www.tablaosflamencos.com\/guitarra-bienal-flamenco-2026-espectaculos-imprescindibles.html\"><strong>La chitarra alla Biennale 2026<\/strong><\/a><\/p>\n<\/div><\/div><\/div><\/div><\/div><\/div><\/div><\/section><section class=\"l-section wpb_row height_huge color_alternate with_shape\"><div class=\"l-section-shape type_zigzag pos_top\" style=\"height:3vmin;\"><svg xmlns=\"http:\/\/www.w3.org\/2000\/svg\" viewBox=\"0 0 64 8\" preserveAspectRatio=\"none\" width=\"100%\" height=\"100%\">\r\n\t<path fill=\"currentColor\" d=\"M64 8 L0 8 L0 0 L20 7.9 L40 3 L48 5 L64 0 Z\"\/>\r\n<\/svg><\/div><div class=\"l-section-shape type_zigzag pos_bottom\" style=\"height:3vmin;\"><svg xmlns=\"http:\/\/www.w3.org\/2000\/svg\" viewBox=\"0 0 64 8\" preserveAspectRatio=\"none\" width=\"100%\" height=\"100%\">\r\n\t<path fill=\"currentColor\" d=\"M64 8 L0 8 L0 0 L20 7.9 L40 3 L48 5 L64 0 Z\"\/>\r\n<\/svg><\/div><div class=\"l-section-h i-cf\"><div class=\"g-cols vc_row via_flex valign_top type_default stacking_default\"><div class=\"vc_col-sm-1\/5 wpb_column vc_column_container\"><div class=\"vc_column-inner\"><div class=\"wpb_wrapper\"><\/div><\/div><\/div><div class=\"vc_col-sm-3\/5 wpb_column vc_column_container\"><div class=\"vc_column-inner\"><div class=\"wpb_wrapper\"><div class=\"wpb_text_column\"><div class=\"wpb_wrapper\"><h2 id=\"faq-baile\">Domande frequenti sulla danza alla Biennale 2026<\/h2>\n<\/div><\/div><div class=\"w-separator size_medium\"><\/div><div class=\"w-tabs accordion toggle_style_1 has_scrolling\" style=\"--sections-title-size:inherit;--sections-gap:0.5rem;\"><div class=\"w-tabs-sections titles-align_none icon_plus cpos_left\"><div class=\"w-tabs-section\" id=\"f899\" itemscope itemprop=\"mainEntity\" itemtype=\"https:\/\/schema.org\/Question\"><button type=\"button\" class=\"w-tabs-section-header\" aria-controls=\"content-f899\" aria-expanded=\"false\"><h3 class=\"w-tabs-section-title\" itemprop=\"name\">Quanti bailaor e bailaora partecipano alla Biennale 2026?<\/h3><div class=\"w-tabs-section-control\"><\/div><\/button><div  class=\"w-tabs-section-content\" id=\"content-f899\" itemscope itemprop=\"acceptedAnswer\" itemtype=\"https:\/\/schema.org\/Answer\"><div class=\"w-tabs-section-content-h i-cf\" itemprop=\"text\"><div class=\"wpb_text_column\"><div class=\"wpb_wrapper\"><p>L\u2019organizzazione parla di <strong>pi\u00f9 di cento bailaor e bailaora<\/strong> nell\u2019insieme dell\u2019edizione. Il dato comprende solisti, compagnie, corpi di ballo e artisti che partecipano a gala e spettacoli misti.<\/p>\n<\/div><\/div><\/div><\/div><\/div><div class=\"w-tabs-section\" id=\"l9c7\" itemscope itemprop=\"mainEntity\" itemtype=\"https:\/\/schema.org\/Question\"><button type=\"button\" class=\"w-tabs-section-header\" aria-controls=\"content-l9c7\" aria-expanded=\"false\"><h3 class=\"w-tabs-section-title\" itemprop=\"name\">Quali sono le grandi figure della danza alla Biennale 2026?<\/h3><div class=\"w-tabs-section-control\"><\/div><\/button><div  class=\"w-tabs-section-content\" id=\"content-l9c7\" itemscope itemprop=\"acceptedAnswer\" itemtype=\"https:\/\/schema.org\/Answer\"><div class=\"w-tabs-section-content-h i-cf\" itemprop=\"text\"><div class=\"wpb_text_column\"><div class=\"wpb_wrapper\"><p>Tra i nomi pi\u00f9 importanti figurano Sara Baras, Israel Galv\u00e1n, Manuel Li\u00f1\u00e1n, Farruquito, Andr\u00e9s Mar\u00edn, Olga Pericet, Ana Morales, Pastora Galv\u00e1n, David Coria, Alfonso Losa, Isabel Bay\u00f3n, Patricia Guerrero, Rafaela Carrasco e Mar\u00eda Moreno.<\/p>\n<\/div><\/div><\/div><\/div><\/div><div class=\"w-tabs-section\" id=\"xac0\" itemscope itemprop=\"mainEntity\" itemtype=\"https:\/\/schema.org\/Question\"><button type=\"button\" class=\"w-tabs-section-header\" aria-controls=\"content-xac0\" aria-expanded=\"false\"><h3 class=\"w-tabs-section-title\" itemprop=\"name\">Quali giovani bailaor e bailaora si distinguono nel 2026?<\/h3><div class=\"w-tabs-section-control\"><\/div><\/button><div  class=\"w-tabs-section-content\" id=\"content-xac0\" itemscope itemprop=\"acceptedAnswer\" itemtype=\"https:\/\/schema.org\/Answer\"><div class=\"w-tabs-section-content-h i-cf\" itemprop=\"text\"><div class=\"wpb_text_column\"><div class=\"wpb_wrapper\"><p>La Biennale mette in evidenza soprattutto Juan Tom\u00e1s de la Mol\u00eda, \u00c1gueda Saavedra e Sara Jim\u00e9nez, che assumono un protagonismo proprio nel programma. Giovani interpreti compaiono anche in compagnie e progetti di artisti consolidati.<\/p>\n<\/div><\/div><\/div><\/div><\/div><div class=\"w-tabs-section\" id=\"gba1\" itemscope itemprop=\"mainEntity\" itemtype=\"https:\/\/schema.org\/Question\"><button type=\"button\" class=\"w-tabs-section-header\" aria-controls=\"content-gba1\" aria-expanded=\"false\"><h3 class=\"w-tabs-section-title\" itemprop=\"name\">Quando si esibisce Sara Baras?<\/h3><div class=\"w-tabs-section-control\"><\/div><\/button><div  class=\"w-tabs-section-content\" id=\"content-gba1\" itemscope itemprop=\"acceptedAnswer\" itemtype=\"https:\/\/schema.org\/Answer\"><div class=\"w-tabs-section-content-h i-cf\" itemprop=\"text\"><div class=\"wpb_text_column\"><div class=\"wpb_wrapper\"><p>Sara Baras presenta <em>Infinita<\/em> al Teatro de la Maestranza l\u201911, 12 e 13 settembre 2026. \u00c8 una prima assoluta e segna il suo ritorno alla Biennale dopo quattordici anni.<\/p>\n<\/div><\/div><\/div><\/div><\/div><div class=\"w-tabs-section\" id=\"fcb3\" itemscope itemprop=\"mainEntity\" itemtype=\"https:\/\/schema.org\/Question\"><button type=\"button\" class=\"w-tabs-section-header\" aria-controls=\"content-fcb3\" aria-expanded=\"false\"><h3 class=\"w-tabs-section-title\" itemprop=\"name\">Quale spettacolo presenta Israel Galv\u00e1n?<\/h3><div class=\"w-tabs-section-control\"><\/div><\/button><div  class=\"w-tabs-section-content\" id=\"content-fcb3\" itemscope itemprop=\"acceptedAnswer\" itemtype=\"https:\/\/schema.org\/Answer\"><div class=\"w-tabs-section-content-h i-cf\" itemprop=\"text\"><div class=\"wpb_text_column\"><div class=\"wpb_wrapper\"><p>Israel Galv\u00e1n debutta con <em>Bolero de blanco y negro<\/em> il 26 settembre al Teatro de la Maestranza. L\u2019opera dialoga con la musica di Maurice Ravel e con altri bolero attraverso il suo linguaggio coreografico.<\/p>\n<\/div><\/div><\/div><\/div><\/div><div class=\"w-tabs-section\" id=\"we0e\" itemscope itemprop=\"mainEntity\" itemtype=\"https:\/\/schema.org\/Question\"><button type=\"button\" class=\"w-tabs-section-header\" aria-controls=\"content-we0e\" aria-expanded=\"false\"><h3 class=\"w-tabs-section-title\" itemprop=\"name\">Dove si concentra la danza pi\u00f9 sperimentale?<\/h3><div class=\"w-tabs-section-control\"><\/div><\/button><div  class=\"w-tabs-section-content\" id=\"content-we0e\" itemscope itemprop=\"acceptedAnswer\" itemtype=\"https:\/\/schema.org\/Answer\"><div class=\"w-tabs-section-content-h i-cf\" itemprop=\"text\"><div class=\"wpb_text_column\"><div class=\"wpb_wrapper\"><p>Il Teatro Central riunisce diverse proposte orientate alla ricerca e alla creazione contemporanea, con Olga Pericet, Juan Tom\u00e1s de la Mol\u00eda e \u00c1gueda Saavedra, Andr\u00e9s Mar\u00edn e Sara Jim\u00e9nez, tra gli altri.<\/p>\n<\/div><\/div><\/div><\/div><\/div><div class=\"w-tabs-section\" id=\"sf19\" itemscope itemprop=\"mainEntity\" itemtype=\"https:\/\/schema.org\/Question\"><button type=\"button\" class=\"w-tabs-section-header\" aria-controls=\"content-sf19\" aria-expanded=\"false\"><h3 class=\"w-tabs-section-title\" itemprop=\"name\">Ci sono spettacoli di danza alla Real F\u00e1brica de Artiller\u00eda?<\/h3><div class=\"w-tabs-section-control\"><\/div><\/button><div  class=\"w-tabs-section-content\" id=\"content-sf19\" itemscope itemprop=\"acceptedAnswer\" itemtype=\"https:\/\/schema.org\/Answer\"><div class=\"w-tabs-section-content-h i-cf\" itemprop=\"text\"><div class=\"wpb_text_column\"><div class=\"wpb_wrapper\"><p>S\u00ec. Ana Morales presenta l\u00ec la prima di <em>Rapsodia. Fantas\u00eda subterr\u00e1nea<\/em> il 13 e 14 settembre, e Mar\u00eda Moreno partecipa il 23 settembre a <em>Trilog\u00eda. Al baile<\/em> con Pablo Mart\u00edn Caminero.<\/p>\n<\/div><\/div><\/div><\/div><\/div><div class=\"w-tabs-section\" id=\"lff9\" itemscope itemprop=\"mainEntity\" itemtype=\"https:\/\/schema.org\/Question\"><button type=\"button\" class=\"w-tabs-section-header\" aria-controls=\"content-lff9\" aria-expanded=\"false\"><h3 class=\"w-tabs-section-title\" itemprop=\"name\">Qual \u00e8 una buona scelta per scoprire la nuova generazione?<\/h3><div class=\"w-tabs-section-control\"><\/div><\/button><div  class=\"w-tabs-section-content\" id=\"content-lff9\" itemscope itemprop=\"acceptedAnswer\" itemtype=\"https:\/\/schema.org\/Answer\"><div class=\"w-tabs-section-content-h i-cf\" itemprop=\"text\"><div class=\"wpb_text_column\"><div class=\"wpb_wrapper\"><p><em>Te atrevo<\/em>, di Juan Tom\u00e1s de la Mol\u00eda e \u00c1gueda Saavedra, il 23 settembre, e <em>La compa\u00f1\u00eda<\/em>, di Sara Jim\u00e9nez, il 29 settembre, sono due degli appuntamenti pi\u00f9 chiari per seguire i nuovi creatori.<\/p>\n<\/div><\/div><\/div><\/div><\/div><div class=\"w-tabs-section\" id=\"c0f8\" itemscope itemprop=\"mainEntity\" itemtype=\"https:\/\/schema.org\/Question\"><button type=\"button\" class=\"w-tabs-section-header\" aria-controls=\"content-c0f8\" aria-expanded=\"false\"><h3 class=\"w-tabs-section-title\" itemprop=\"name\">Dove posso vedere i prezzi e comprare i biglietti?<\/h3><div class=\"w-tabs-section-control\"><\/div><\/button><div  class=\"w-tabs-section-content\" id=\"content-c0f8\" itemscope itemprop=\"acceptedAnswer\" itemtype=\"https:\/\/schema.org\/Answer\"><div class=\"w-tabs-section-content-h i-cf\" itemprop=\"text\"><div class=\"wpb_text_column\"><div class=\"wpb_wrapper\"><p>La vendita avviene attraverso i canali ufficiali indicati in ogni scheda della Biennale. Puoi anche consultare la nostra <a href=\"https:\/\/www.tablaosflamencos.com\/bienal-flamenco-2026-entradas-precios-descuentos.html\"><strong>guida a biglietti, prezzi e sconti della Biennale 2026<\/strong><\/a>.<\/p>\n<\/div><\/div><\/div><\/div><\/div><\/div><\/div><\/div><\/div><\/div><div class=\"vc_col-sm-1\/5 wpb_column vc_column_container\"><div class=\"vc_column-inner\"><div class=\"wpb_wrapper\"><\/div><\/div><\/div><\/div><\/div><\/section><section class=\"l-section wpb_row height_huge\"><div class=\"l-section-h i-cf\"><div class=\"g-cols vc_row via_flex valign_top type_default stacking_default\"><div class=\"vc_col-sm-6 wpb_column vc_column_container\"><div class=\"vc_column-inner\"><div class=\"wpb_wrapper\"><div class=\"wpb_text_column\"><div class=\"wpb_wrapper\"><h2>Dall\u2019eredit\u00e0 al futuro: una Biennale che si spiega danzando<\/h2>\n<p>La danza della Biennale 2026 non funziona come un blocco indipendente dal resto del festival. \u00c8 collegata al cante, alla chitarra, alla memoria, agli spazi e all\u2019evoluzione del flamenco stesso come arte scenica.<\/p>\n<p>Le grandi figure mostrano fin dove pu\u00f2 arrivare una carriera matura. I creatori consolidati dimostrano che esistono molti modi di fare ricerca senza rompere con le radici. E la giovane generazione inizia a occupare uno spazio in cui non basta pi\u00f9 eseguire bene: <strong>bisogna proporre, dirigere, firmare e costruire un proprio sguardo<\/strong>.<\/p>\n<\/div><\/div><\/div><\/div><\/div><div class=\"vc_col-sm-6 wpb_column vc_column_container\"><div class=\"vc_column-inner\"><div class=\"wpb_wrapper\"><div class=\"wpb_text_column\"><div class=\"wpb_wrapper\"><h3>Una lettura fisica del ricambio generazionale<\/h3>\n<p>Questo dialogo tra autorit\u00e0 e ricambio rende la danza una delle migliori porte d\u2019ingresso per capire la XXIV Biennale di Flamenco di Siviglia.<\/p>\n<p>Se il cante permette di ascoltare la trasmissione e la chitarra di osservare come cambia il toque, la danza permette di vederla fisicamente: <strong>passato, presente e futuro sullo stesso palcoscenico<\/strong>.<\/p>\n<\/div><\/div><\/div><\/div><\/div><\/div><\/div><\/section><section class=\"l-section wpb_row height_huge color_alternate with_shape\"><div class=\"l-section-shape type_zigzag pos_top\" style=\"height:3vmin;\"><svg xmlns=\"http:\/\/www.w3.org\/2000\/svg\" viewBox=\"0 0 64 8\" preserveAspectRatio=\"none\" width=\"100%\" height=\"100%\">\r\n\t<path fill=\"currentColor\" d=\"M64 8 L0 8 L0 0 L20 7.9 L40 3 L48 5 L64 0 Z\"\/>\r\n<\/svg><\/div><div class=\"l-section-shape type_zigzag pos_bottom\" style=\"height:3vmin;\"><svg xmlns=\"http:\/\/www.w3.org\/2000\/svg\" viewBox=\"0 0 64 8\" preserveAspectRatio=\"none\" width=\"100%\" height=\"100%\">\r\n\t<path fill=\"currentColor\" d=\"M64 8 L0 8 L0 0 L20 7.9 L40 3 L48 5 L64 0 Z\"\/>\r\n<\/svg><\/div><div class=\"l-section-h i-cf\"><div class=\"g-cols vc_row via_flex valign_top type_default stacking_default\"><div class=\"vc_col-sm-12 wpb_column vc_column_container\"><div class=\"vc_column-inner\"><div class=\"wpb_wrapper\"><div class=\"wpb_text_column\"><div class=\"wpb_wrapper\"><h2>Fonti e aggiornamento<\/h2>\n<p>Informazioni verificate con il <a href=\"https:\/\/www.labienal.com\/programa-general\" target=\"_blank\" rel=\"noopener\"><strong>programma ufficiale della XXIV Biennale di Flamenco di Siviglia<\/strong><\/a>, le schede degli spettacoli e le informazioni ufficiali pubblicate dalla Biennale sulla danza e sulla creazione coreografica nel 2026.<\/p>\n<p>Dati verificati il <strong>3 settembre 2026<\/strong>. L\u2019organizzazione pu\u00f2 modificare orari, disponibilit\u00e0, cast o dettagli di produzione.<\/p>\n<\/div><\/div><\/div><\/div><\/div><\/div><\/div><\/section>\n","protected":false},"excerpt":{"rendered":"<p>Guida alla danza nella Biennale di Flamenco di Siviglia 2026: grandi nomi, nuovi talenti, prime, spazi e date chiave per seguire il baile durante il festival.<\/p>\n","protected":false},"author":1,"featured_media":14270,"comment_status":"closed","ping_status":"closed","sticky":false,"template":"","format":"standard","meta":{"_acf_changed":false,"wpai_generated_summary":"","_ayudawp_aiss_exclude":false,"_ayudawp_aiss_exclude_summary":false,"_ayudawp_aiss_summary":"","_ayudawp_aiss_summary_provider":"","_ayudawp_aiss_summary_hash":"","footnotes":""},"categories":[1429],"tags":[1249,1250,1251,1870,1864,1402,1252,1177,1253],"class_list":["post-14279","post","type-post","status-publish","format-standard","has-post-thumbnail","hentry","category-biennale-di-flamenco","tag-agenda-flamenca","tag-bienal-2026","tag-bienal-de-flamenco","tag-cosa-vedere-a-siviglia","tag-cose-da-fare-a-siviglia","tag-danza-flamenca","tag-festivales-flamencos","tag-flamenco-en-sevilla","tag-sevilla"],"acf":[],"yoast_head":"<!-- This site is optimized with the Yoast SEO Premium plugin v28.4 (Yoast SEO v28.4) - https:\/\/yoast.com\/product\/yoast-seo-premium-wordpress\/ -->\n<title>Danza alla Biennale di Flamenco 2026: grandi nomi e nuova generazione<\/title>\n<meta name=\"description\" content=\"Guida alla danza alla Biennale di Flamenco di Siviglia 2026: Sara Baras, Israel Galv\u00e1n, Manuel Li\u00f1\u00e1n, Farruquito, nuovi talenti, prime e date chiave.\" \/>\n<meta name=\"robots\" content=\"index, follow, max-snippet:-1, max-image-preview:large, max-video-preview:-1\" \/>\n<link rel=\"canonical\" href=\"https:\/\/www.tablaosflamencos.com\/it\/danza-biennale-flamenco-siviglia-2026.html\" \/>\n<meta property=\"og:locale\" content=\"it_IT\" \/>\n<meta property=\"og:type\" content=\"article\" \/>\n<meta property=\"og:title\" content=\"La danza alla Biennale 2026: dai grandi nomi alla nuova generazione\" \/>\n<meta property=\"og:description\" content=\"Guida alla danza alla Biennale di Flamenco di Siviglia 2026: Sara Baras, Israel Galv\u00e1n, Manuel Li\u00f1\u00e1n, Farruquito, nuovi talenti, prime e date chiave.\" \/>\n<meta property=\"og:url\" content=\"https:\/\/www.tablaosflamencos.com\/it\/danza-biennale-flamenco-siviglia-2026.html\" \/>\n<meta property=\"og:site_name\" content=\"Tablaos Flamencos\" \/>\n<meta property=\"article:publisher\" content=\"https:\/\/www.facebook.com\/tablaosflamencos\" \/>\n<meta property=\"article:published_time\" content=\"2026-09-03T21:17:01+00:00\" \/>\n<meta property=\"article:modified_time\" content=\"2026-09-03T21:57:04+00:00\" \/>\n<meta property=\"og:image\" content=\"https:\/\/www.tablaosflamencos.com\/wp-content\/uploads\/el-baile-en-la-bienal-2026-de-las-grandes-figuras-a-la-nueva-generacion-01.webp\" \/>\n\t<meta property=\"og:image:width\" content=\"1672\" \/>\n\t<meta property=\"og:image:height\" content=\"941\" \/>\n\t<meta property=\"og:image:type\" content=\"image\/webp\" \/>\n<meta name=\"author\" content=\"Miguel Ortiz\" \/>\n<meta name=\"twitter:card\" content=\"summary_large_image\" \/>\n<meta name=\"twitter:creator\" content=\"@tablaosflamenco\" \/>\n<meta name=\"twitter:site\" content=\"@tablaosflamenco\" \/>\n<meta name=\"twitter:label1\" content=\"Scritto da\" \/>\n\t<meta name=\"twitter:data1\" content=\"Miguel Ortiz\" \/>\n\t<meta name=\"twitter:label2\" content=\"Tempo di lettura stimato\" \/>\n\t<meta name=\"twitter:data2\" content=\"18 minuti\" \/>\n<script type=\"application\/ld+json\" class=\"yoast-schema-graph\">{\"@context\":\"https:\\\/\\\/schema.org\",\"@graph\":[{\"@type\":\"Article\",\"@id\":\"https:\\\/\\\/www.tablaosflamencos.com\\\/it\\\/danza-biennale-flamenco-siviglia-2026.html#article\",\"isPartOf\":{\"@id\":\"https:\\\/\\\/www.tablaosflamencos.com\\\/it\\\/danza-biennale-flamenco-siviglia-2026.html\"},\"author\":{\"name\":\"Miguel Ortiz\",\"@id\":\"https:\\\/\\\/www.tablaosflamencos.com\\\/it#\\\/schema\\\/person\\\/e7a9ebe14eb75a52ceabfbffb3c54f5d\"},\"headline\":\"La danza alla Biennale 2026: dai grandi nomi alla nuova generazione\",\"datePublished\":\"2026-09-03T21:17:01+00:00\",\"dateModified\":\"2026-09-03T21:57:04+00:00\",\"mainEntityOfPage\":{\"@id\":\"https:\\\/\\\/www.tablaosflamencos.com\\\/it\\\/danza-biennale-flamenco-siviglia-2026.html\"},\"wordCount\":3646,\"publisher\":{\"@id\":\"https:\\\/\\\/www.tablaosflamencos.com\\\/it#organization\"},\"image\":{\"@id\":\"https:\\\/\\\/www.tablaosflamencos.com\\\/it\\\/danza-biennale-flamenco-siviglia-2026.html#primaryimage\"},\"thumbnailUrl\":\"https:\\\/\\\/www.tablaosflamencos.com\\\/wp-content\\\/uploads\\\/el-baile-en-la-bienal-2026-de-las-grandes-figuras-a-la-nueva-generacion-01.webp\",\"keywords\":[\"agenda flamenca\",\"Bienal 2026\",\"Bienal de Flamenco\",\"cosa vedere a Siviglia\",\"cose da fare a Siviglia\",\"danza flamenca\",\"festivales flamencos\",\"flamenco en Sevilla\",\"sevilla\"],\"articleSection\":[\"Biennale di Flamenco\"],\"inLanguage\":\"it-IT\"},{\"@type\":\"WebPage\",\"@id\":\"https:\\\/\\\/www.tablaosflamencos.com\\\/it\\\/danza-biennale-flamenco-siviglia-2026.html\",\"url\":\"https:\\\/\\\/www.tablaosflamencos.com\\\/it\\\/danza-biennale-flamenco-siviglia-2026.html\",\"name\":\"Danza alla Biennale di Flamenco 2026: grandi nomi e nuova generazione\",\"isPartOf\":{\"@id\":\"https:\\\/\\\/www.tablaosflamencos.com\\\/it#website\"},\"primaryImageOfPage\":{\"@id\":\"https:\\\/\\\/www.tablaosflamencos.com\\\/it\\\/danza-biennale-flamenco-siviglia-2026.html#primaryimage\"},\"image\":{\"@id\":\"https:\\\/\\\/www.tablaosflamencos.com\\\/it\\\/danza-biennale-flamenco-siviglia-2026.html#primaryimage\"},\"thumbnailUrl\":\"https:\\\/\\\/www.tablaosflamencos.com\\\/wp-content\\\/uploads\\\/el-baile-en-la-bienal-2026-de-las-grandes-figuras-a-la-nueva-generacion-01.webp\",\"datePublished\":\"2026-09-03T21:17:01+00:00\",\"dateModified\":\"2026-09-03T21:57:04+00:00\",\"description\":\"Guida alla danza alla Biennale di Flamenco di Siviglia 2026: Sara Baras, Israel Galv\u00e1n, Manuel Li\u00f1\u00e1n, Farruquito, nuovi talenti, prime e date chiave.\",\"breadcrumb\":{\"@id\":\"https:\\\/\\\/www.tablaosflamencos.com\\\/it\\\/danza-biennale-flamenco-siviglia-2026.html#breadcrumb\"},\"inLanguage\":\"it-IT\",\"potentialAction\":[{\"@type\":\"ReadAction\",\"target\":[\"https:\\\/\\\/www.tablaosflamencos.com\\\/it\\\/danza-biennale-flamenco-siviglia-2026.html\"]}]},{\"@type\":\"ImageObject\",\"inLanguage\":\"it-IT\",\"@id\":\"https:\\\/\\\/www.tablaosflamencos.com\\\/it\\\/danza-biennale-flamenco-siviglia-2026.html#primaryimage\",\"url\":\"https:\\\/\\\/www.tablaosflamencos.com\\\/wp-content\\\/uploads\\\/el-baile-en-la-bienal-2026-de-las-grandes-figuras-a-la-nueva-generacion-01.webp\",\"contentUrl\":\"https:\\\/\\\/www.tablaosflamencos.com\\\/wp-content\\\/uploads\\\/el-baile-en-la-bienal-2026-de-las-grandes-figuras-a-la-nueva-generacion-01.webp\",\"width\":1672,\"height\":941,\"caption\":\"El baile en la Bienal 2026: de las grandes figuras a la nueva generaci\u00f3n\"},{\"@type\":\"BreadcrumbList\",\"@id\":\"https:\\\/\\\/www.tablaosflamencos.com\\\/it\\\/danza-biennale-flamenco-siviglia-2026.html#breadcrumb\",\"itemListElement\":[{\"@type\":\"ListItem\",\"position\":1,\"name\":\"Home\",\"item\":\"https:\\\/\\\/www.tablaosflamencos.com\\\/it\"},{\"@type\":\"ListItem\",\"position\":2,\"name\":\"La danza alla Biennale 2026: dai grandi nomi alla nuova generazione\"}]},{\"@type\":\"WebSite\",\"@id\":\"https:\\\/\\\/www.tablaosflamencos.com\\\/it#website\",\"url\":\"https:\\\/\\\/www.tablaosflamencos.com\\\/it\",\"name\":\"Tablaos Flamencos\",\"description\":\"Entradas para tablaos flamencos de Espa\u00f1a\",\"publisher\":{\"@id\":\"https:\\\/\\\/www.tablaosflamencos.com\\\/it#organization\"},\"alternateName\":\"Tablaos Flamencos\",\"potentialAction\":[{\"@type\":\"SearchAction\",\"target\":{\"@type\":\"EntryPoint\",\"urlTemplate\":\"https:\\\/\\\/www.tablaosflamencos.com\\\/it?s={search_term_string}\"},\"query-input\":{\"@type\":\"PropertyValueSpecification\",\"valueRequired\":true,\"valueName\":\"search_term_string\"}}],\"inLanguage\":\"it-IT\"},{\"@type\":[\"Organization\",\"Place\",\"EntertainmentBusiness\"],\"@id\":\"https:\\\/\\\/www.tablaosflamencos.com\\\/it#organization\",\"name\":\"Tablaos Flamencos\",\"alternateName\":\"Tablaos Flamencos\",\"url\":\"https:\\\/\\\/www.tablaosflamencos.com\\\/it\",\"logo\":{\"@id\":\"https:\\\/\\\/www.tablaosflamencos.com\\\/it\\\/danza-biennale-flamenco-siviglia-2026.html#local-main-organization-logo\"},\"image\":{\"@id\":\"https:\\\/\\\/www.tablaosflamencos.com\\\/it\\\/danza-biennale-flamenco-siviglia-2026.html#local-main-organization-logo\"},\"sameAs\":[\"https:\\\/\\\/www.facebook.com\\\/tablaosflamencos\",\"https:\\\/\\\/x.com\\\/tablaosflamenco\",\"https:\\\/\\\/mastodon.social\\\/@tablaosflamencos\",\"https:\\\/\\\/www.instagram.com\\\/tablaosflamencos\",\"https:\\\/\\\/tiktok.com\\\/@tablaosflamencos\",\"https:\\\/\\\/www.linkedin.com\\\/company\\\/109408238\\\/\"],\"description\":\"Venta de entradas para espect\u00e1culos flamencos\",\"legalName\":\"Tablaos Flamencos\",\"foundingDate\":\"2015-01-01\",\"numberOfEmployees\":{\"@type\":\"QuantitativeValue\",\"minValue\":\"1\",\"maxValue\":\"10\"},\"address\":{\"@id\":\"https:\\\/\\\/www.tablaosflamencos.com\\\/it\\\/danza-biennale-flamenco-siviglia-2026.html#local-main-place-address\"},\"geo\":{\"@type\":\"GeoCoordinates\",\"latitude\":\"37.3868072\",\"longitude\":\"-5.993280299999999\"},\"telephone\":[\"+34623787787\"],\"contactPoint\":{\"@type\":\"ContactPoint\",\"telephone\":\"+34623787787\",\"email\":\"info@tablaosflamencos.com\"},\"openingHoursSpecification\":{\"@type\":\"OpeningHoursSpecification\",\"dayOfWeek\":[\"Monday\",\"Tuesday\",\"Wednesday\",\"Thursday\",\"Friday\",\"Saturday\",\"Sunday\"],\"opens\":\"00:00\",\"closes\":\"23:59\"},\"email\":\"info@tablaosflamencos.com\",\"priceRange\":\"$$$\",\"currenciesAccepted\":\"\u20ac\"},{\"@type\":\"Person\",\"@id\":\"https:\\\/\\\/www.tablaosflamencos.com\\\/it#\\\/schema\\\/person\\\/e7a9ebe14eb75a52ceabfbffb3c54f5d\",\"name\":\"Miguel Ortiz\",\"description\":\"Miguel Ortiz es un empresario flamenco, con una s\u00f3lida trayectoria dentro del sector. Ha presidido entidades culturales vinculadas al flamenco y, cuenta con un amplio recorrido profesional en la gesti\u00f3n y promoci\u00f3n de espect\u00e1culos y tablaos flamencos. Su pasi\u00f3n por la historia y el arte flamenco se refleja en cada art\u00edculo, donde combina experiencia, criterio y un profundo respeto por la tradici\u00f3n.\",\"sameAs\":[\"https:\\\/\\\/www.tablaosflamencos.com\",\"https:\\\/\\\/www.instagra.com\\\/miguelortizfe\",\"https:\\\/\\\/www.linkedin.com\\\/in\\\/miguelortizf\\\/\"],\"birthDate\":\"1984-11-22\",\"gender\":\"hombre\",\"knowsLanguage\":[\"espa\u00f1ol\",\"ingl\u00e9s\"],\"jobTitle\":\"Empresario flamenco\"},{\"@type\":\"PostalAddress\",\"@id\":\"https:\\\/\\\/www.tablaosflamencos.com\\\/it\\\/danza-biennale-flamenco-siviglia-2026.html#local-main-place-address\",\"streetAddress\":\"C\\\/ Alemanes, 19\",\"addressLocality\":\"Sevilla\",\"postalCode\":\"41004\",\"addressRegion\":\"Sevilla\",\"addressCountry\":\"ES\"},{\"@type\":\"ImageObject\",\"inLanguage\":\"it-IT\",\"@id\":\"https:\\\/\\\/www.tablaosflamencos.com\\\/it\\\/danza-biennale-flamenco-siviglia-2026.html#local-main-organization-logo\",\"url\":\"https:\\\/\\\/www.tablaosflamencos.com\\\/wp-content\\\/uploads\\\/tablaos-flamencos-06-3.webp\",\"contentUrl\":\"https:\\\/\\\/www.tablaosflamencos.com\\\/wp-content\\\/uploads\\\/tablaos-flamencos-06-3.webp\",\"width\":600,\"height\":620,\"caption\":\"Tablaos Flamencos\"}]}<\/script>\n<meta name=\"geo.placename\" content=\"Sevilla\" \/>\n<meta name=\"geo.position\" content=\"37.3868072;-5.993280299999999\" \/>\n<meta name=\"geo.region\" content=\"Spagna\" \/>\n<!-- \/ Yoast SEO Premium plugin. -->","yoast_head_json":{"title":"Danza alla Biennale di Flamenco 2026: grandi nomi e nuova generazione","description":"Guida alla danza alla Biennale di Flamenco di Siviglia 2026: Sara Baras, Israel Galv\u00e1n, Manuel Li\u00f1\u00e1n, Farruquito, nuovi talenti, prime e date chiave.","robots":{"index":"index","follow":"follow","max-snippet":"max-snippet:-1","max-image-preview":"max-image-preview:large","max-video-preview":"max-video-preview:-1"},"canonical":"https:\/\/www.tablaosflamencos.com\/it\/danza-biennale-flamenco-siviglia-2026.html","og_locale":"it_IT","og_type":"article","og_title":"La danza alla Biennale 2026: dai grandi nomi alla nuova generazione","og_description":"Guida alla danza alla Biennale di Flamenco di Siviglia 2026: Sara Baras, Israel Galv\u00e1n, Manuel Li\u00f1\u00e1n, Farruquito, nuovi talenti, prime e date chiave.","og_url":"https:\/\/www.tablaosflamencos.com\/it\/danza-biennale-flamenco-siviglia-2026.html","og_site_name":"Tablaos Flamencos","article_publisher":"https:\/\/www.facebook.com\/tablaosflamencos","article_published_time":"2026-09-03T21:17:01+00:00","article_modified_time":"2026-09-03T21:57:04+00:00","og_image":[{"width":1672,"height":941,"url":"https:\/\/www.tablaosflamencos.com\/wp-content\/uploads\/el-baile-en-la-bienal-2026-de-las-grandes-figuras-a-la-nueva-generacion-01.webp","type":"image\/webp"}],"author":"Miguel Ortiz","twitter_card":"summary_large_image","twitter_creator":"@tablaosflamenco","twitter_site":"@tablaosflamenco","twitter_misc":{"Scritto da":"Miguel Ortiz","Tempo di lettura stimato":"18 minuti"},"schema":{"@context":"https:\/\/schema.org","@graph":[{"@type":"Article","@id":"https:\/\/www.tablaosflamencos.com\/it\/danza-biennale-flamenco-siviglia-2026.html#article","isPartOf":{"@id":"https:\/\/www.tablaosflamencos.com\/it\/danza-biennale-flamenco-siviglia-2026.html"},"author":{"name":"Miguel Ortiz","@id":"https:\/\/www.tablaosflamencos.com\/it#\/schema\/person\/e7a9ebe14eb75a52ceabfbffb3c54f5d"},"headline":"La danza alla Biennale 2026: dai grandi nomi alla nuova generazione","datePublished":"2026-09-03T21:17:01+00:00","dateModified":"2026-09-03T21:57:04+00:00","mainEntityOfPage":{"@id":"https:\/\/www.tablaosflamencos.com\/it\/danza-biennale-flamenco-siviglia-2026.html"},"wordCount":3646,"publisher":{"@id":"https:\/\/www.tablaosflamencos.com\/it#organization"},"image":{"@id":"https:\/\/www.tablaosflamencos.com\/it\/danza-biennale-flamenco-siviglia-2026.html#primaryimage"},"thumbnailUrl":"https:\/\/www.tablaosflamencos.com\/wp-content\/uploads\/el-baile-en-la-bienal-2026-de-las-grandes-figuras-a-la-nueva-generacion-01.webp","keywords":["agenda flamenca","Bienal 2026","Bienal de Flamenco","cosa vedere a Siviglia","cose da fare a Siviglia","danza flamenca","festivales flamencos","flamenco en Sevilla","sevilla"],"articleSection":["Biennale di Flamenco"],"inLanguage":"it-IT"},{"@type":"WebPage","@id":"https:\/\/www.tablaosflamencos.com\/it\/danza-biennale-flamenco-siviglia-2026.html","url":"https:\/\/www.tablaosflamencos.com\/it\/danza-biennale-flamenco-siviglia-2026.html","name":"Danza alla Biennale di Flamenco 2026: grandi nomi e nuova generazione","isPartOf":{"@id":"https:\/\/www.tablaosflamencos.com\/it#website"},"primaryImageOfPage":{"@id":"https:\/\/www.tablaosflamencos.com\/it\/danza-biennale-flamenco-siviglia-2026.html#primaryimage"},"image":{"@id":"https:\/\/www.tablaosflamencos.com\/it\/danza-biennale-flamenco-siviglia-2026.html#primaryimage"},"thumbnailUrl":"https:\/\/www.tablaosflamencos.com\/wp-content\/uploads\/el-baile-en-la-bienal-2026-de-las-grandes-figuras-a-la-nueva-generacion-01.webp","datePublished":"2026-09-03T21:17:01+00:00","dateModified":"2026-09-03T21:57:04+00:00","description":"Guida alla danza alla Biennale di Flamenco di Siviglia 2026: Sara Baras, Israel Galv\u00e1n, Manuel Li\u00f1\u00e1n, Farruquito, nuovi talenti, prime e date chiave.","breadcrumb":{"@id":"https:\/\/www.tablaosflamencos.com\/it\/danza-biennale-flamenco-siviglia-2026.html#breadcrumb"},"inLanguage":"it-IT","potentialAction":[{"@type":"ReadAction","target":["https:\/\/www.tablaosflamencos.com\/it\/danza-biennale-flamenco-siviglia-2026.html"]}]},{"@type":"ImageObject","inLanguage":"it-IT","@id":"https:\/\/www.tablaosflamencos.com\/it\/danza-biennale-flamenco-siviglia-2026.html#primaryimage","url":"https:\/\/www.tablaosflamencos.com\/wp-content\/uploads\/el-baile-en-la-bienal-2026-de-las-grandes-figuras-a-la-nueva-generacion-01.webp","contentUrl":"https:\/\/www.tablaosflamencos.com\/wp-content\/uploads\/el-baile-en-la-bienal-2026-de-las-grandes-figuras-a-la-nueva-generacion-01.webp","width":1672,"height":941,"caption":"El baile en la Bienal 2026: de las grandes figuras a la nueva generaci\u00f3n"},{"@type":"BreadcrumbList","@id":"https:\/\/www.tablaosflamencos.com\/it\/danza-biennale-flamenco-siviglia-2026.html#breadcrumb","itemListElement":[{"@type":"ListItem","position":1,"name":"Home","item":"https:\/\/www.tablaosflamencos.com\/it"},{"@type":"ListItem","position":2,"name":"La danza alla Biennale 2026: dai grandi nomi alla nuova generazione"}]},{"@type":"WebSite","@id":"https:\/\/www.tablaosflamencos.com\/it#website","url":"https:\/\/www.tablaosflamencos.com\/it","name":"Tablaos Flamencos","description":"Entradas para tablaos flamencos de Espa\u00f1a","publisher":{"@id":"https:\/\/www.tablaosflamencos.com\/it#organization"},"alternateName":"Tablaos Flamencos","potentialAction":[{"@type":"SearchAction","target":{"@type":"EntryPoint","urlTemplate":"https:\/\/www.tablaosflamencos.com\/it?s={search_term_string}"},"query-input":{"@type":"PropertyValueSpecification","valueRequired":true,"valueName":"search_term_string"}}],"inLanguage":"it-IT"},{"@type":["Organization","Place","EntertainmentBusiness"],"@id":"https:\/\/www.tablaosflamencos.com\/it#organization","name":"Tablaos Flamencos","alternateName":"Tablaos Flamencos","url":"https:\/\/www.tablaosflamencos.com\/it","logo":{"@id":"https:\/\/www.tablaosflamencos.com\/it\/danza-biennale-flamenco-siviglia-2026.html#local-main-organization-logo"},"image":{"@id":"https:\/\/www.tablaosflamencos.com\/it\/danza-biennale-flamenco-siviglia-2026.html#local-main-organization-logo"},"sameAs":["https:\/\/www.facebook.com\/tablaosflamencos","https:\/\/x.com\/tablaosflamenco","https:\/\/mastodon.social\/@tablaosflamencos","https:\/\/www.instagram.com\/tablaosflamencos","https:\/\/tiktok.com\/@tablaosflamencos","https:\/\/www.linkedin.com\/company\/109408238\/"],"description":"Venta de entradas para espect\u00e1culos flamencos","legalName":"Tablaos Flamencos","foundingDate":"2015-01-01","numberOfEmployees":{"@type":"QuantitativeValue","minValue":"1","maxValue":"10"},"address":{"@id":"https:\/\/www.tablaosflamencos.com\/it\/danza-biennale-flamenco-siviglia-2026.html#local-main-place-address"},"geo":{"@type":"GeoCoordinates","latitude":"37.3868072","longitude":"-5.993280299999999"},"telephone":["+34623787787"],"contactPoint":{"@type":"ContactPoint","telephone":"+34623787787","email":"info@tablaosflamencos.com"},"openingHoursSpecification":{"@type":"OpeningHoursSpecification","dayOfWeek":["Monday","Tuesday","Wednesday","Thursday","Friday","Saturday","Sunday"],"opens":"00:00","closes":"23:59"},"email":"info@tablaosflamencos.com","priceRange":"$$$","currenciesAccepted":"\u20ac"},{"@type":"Person","@id":"https:\/\/www.tablaosflamencos.com\/it#\/schema\/person\/e7a9ebe14eb75a52ceabfbffb3c54f5d","name":"Miguel Ortiz","description":"Miguel Ortiz es un empresario flamenco, con una s\u00f3lida trayectoria dentro del sector. Ha presidido entidades culturales vinculadas al flamenco y, cuenta con un amplio recorrido profesional en la gesti\u00f3n y promoci\u00f3n de espect\u00e1culos y tablaos flamencos. Su pasi\u00f3n por la historia y el arte flamenco se refleja en cada art\u00edculo, donde combina experiencia, criterio y un profundo respeto por la tradici\u00f3n.","sameAs":["https:\/\/www.tablaosflamencos.com","https:\/\/www.instagra.com\/miguelortizfe","https:\/\/www.linkedin.com\/in\/miguelortizf\/"],"birthDate":"1984-11-22","gender":"hombre","knowsLanguage":["espa\u00f1ol","ingl\u00e9s"],"jobTitle":"Empresario flamenco"},{"@type":"PostalAddress","@id":"https:\/\/www.tablaosflamencos.com\/it\/danza-biennale-flamenco-siviglia-2026.html#local-main-place-address","streetAddress":"C\/ Alemanes, 19","addressLocality":"Sevilla","postalCode":"41004","addressRegion":"Sevilla","addressCountry":"ES"},{"@type":"ImageObject","inLanguage":"it-IT","@id":"https:\/\/www.tablaosflamencos.com\/it\/danza-biennale-flamenco-siviglia-2026.html#local-main-organization-logo","url":"https:\/\/www.tablaosflamencos.com\/wp-content\/uploads\/tablaos-flamencos-06-3.webp","contentUrl":"https:\/\/www.tablaosflamencos.com\/wp-content\/uploads\/tablaos-flamencos-06-3.webp","width":600,"height":620,"caption":"Tablaos Flamencos"}]},"geo.placename":"Sevilla","geo.position":{"lat":"37.3868072","long":"-5.993280299999999"},"geo.region":"Spagna"},"_links":{"self":[{"href":"https:\/\/www.tablaosflamencos.com\/it\/wp-json\/wp\/v2\/posts\/14279","targetHints":{"allow":["GET"]}}],"collection":[{"href":"https:\/\/www.tablaosflamencos.com\/it\/wp-json\/wp\/v2\/posts"}],"about":[{"href":"https:\/\/www.tablaosflamencos.com\/it\/wp-json\/wp\/v2\/types\/post"}],"author":[{"embeddable":true,"href":"https:\/\/www.tablaosflamencos.com\/it\/wp-json\/wp\/v2\/users\/1"}],"replies":[{"embeddable":true,"href":"https:\/\/www.tablaosflamencos.com\/it\/wp-json\/wp\/v2\/comments?post=14279"}],"version-history":[{"count":2,"href":"https:\/\/www.tablaosflamencos.com\/it\/wp-json\/wp\/v2\/posts\/14279\/revisions"}],"predecessor-version":[{"id":14314,"href":"https:\/\/www.tablaosflamencos.com\/it\/wp-json\/wp\/v2\/posts\/14279\/revisions\/14314"}],"wp:featuredmedia":[{"embeddable":true,"href":"https:\/\/www.tablaosflamencos.com\/it\/wp-json\/wp\/v2\/media\/14270"}],"wp:attachment":[{"href":"https:\/\/www.tablaosflamencos.com\/it\/wp-json\/wp\/v2\/media?parent=14279"}],"wp:term":[{"taxonomy":"category","embeddable":true,"href":"https:\/\/www.tablaosflamencos.com\/it\/wp-json\/wp\/v2\/categories?post=14279"},{"taxonomy":"post_tag","embeddable":true,"href":"https:\/\/www.tablaosflamencos.com\/it\/wp-json\/wp\/v2\/tags?post=14279"}],"curies":[{"name":"wp","href":"https:\/\/api.w.org\/{rel}","templated":true}]}}