{"id":14179,"date":"2026-09-03T01:18:36","date_gmt":"2026-09-02T23:18:36","guid":{"rendered":"https:\/\/www.tablaosflamencos.com\/?p=14179"},"modified":"2026-09-03T01:40:39","modified_gmt":"2026-09-02T23:40:39","slug":"cante-biennale-flamenco-siviglia-2026","status":"publish","type":"post","link":"https:\/\/www.tablaosflamencos.com\/it\/cante-biennale-flamenco-siviglia-2026.html","title":{"rendered":"Il cante alla Biennale 2026: generazioni, artisti e grandi voci"},"content":{"rendered":"<section class=\"l-section wpb_row height_huge\"><div class=\"l-section-h i-cf\"><div class=\"g-cols vc_row via_flex valign_top type_default stacking_default\"><div class=\"vc_col-sm-6 wpb_column vc_column_container\"><div class=\"vc_column-inner\"><div class=\"wpb_wrapper\"><div class=\"wpb_text_column\"><div class=\"wpb_wrapper\"><h2>Il cante alla Biennale 2026: generazioni, artisti e grandi voci<\/h2>\n<p>La <strong>XXIV Biennale di Flamenco di Siviglia<\/strong> colloca il cante in uno dei centri di gravit\u00e0 del suo programma. Tra il <strong>9 settembre e il 3 ottobre 2026<\/strong>, Siviglia riunir\u00e0 voci di diverse generazioni, scuole e territori in un\u2019edizione che la stessa organizzazione riassume con un dato particolarmente significativo: <strong>quasi trenta proposte legate al cante e pi\u00f9 di cento voci<\/strong> nel corso del festival.<\/p>\n<p>Non esiste quindi un unico modo di seguire il cante in questa Biennale. Il programma permette di passare da figure storiche come <strong>Jos\u00e9 Merc\u00e9, Carmen Linares o Jos\u00e9 de la Tomasa<\/strong> ad artisti pienamente affermati come <strong>Arc\u00e1ngel, Mayte Mart\u00edn, Marina Heredia, Israel Fern\u00e1ndez, Antonio Reyes o La Tremendita<\/strong>, fino a una generazione pi\u00f9 giovane rappresentata da nomi come <strong>\u00c1ngeles Toledano, Mar\u00eda Terremoto, Roc\u00edo Luna, El Perrete o Manuel de la Tomasa<\/strong>.<\/p>\n<p>Questa guida ordina questa mappa per aiutarti a capire <strong>quali generazioni convivono, quali artisti vale la pena seguire e quali sono alcuni degli appuntamenti pi\u00f9 importanti per chi vuole fare del cante il filo conduttore della propria Biennale 2026<\/strong>.<\/p>\n<\/div><\/div><\/div><\/div><\/div><div class=\"vc_col-sm-6 wpb_column vc_column_container\"><div class=\"vc_column-inner\"><div class=\"wpb_wrapper\"><div class=\"w-image us_custom_8ec565b2 has_aspect_ratio align_center\"><div class=\"w-image-h\"><img fetchpriority=\"high\" decoding=\"async\" width=\"1024\" height=\"768\" src=\"https:\/\/www.tablaosflamencos.com\/wp-content\/uploads\/el-cante-en-la-bienal-2026-generaciones-artistas-y-grandes-voces-01-1-1024x768.webp\" class=\"attachment-large size-large\" alt=\"El cante en la Bienal 2026: generaciones, artistas y grandes voces\" loading=\"eager\" srcset=\"https:\/\/www.tablaosflamencos.com\/wp-content\/uploads\/el-cante-en-la-bienal-2026-generaciones-artistas-y-grandes-voces-01-1-1024x768.webp 1024w, https:\/\/www.tablaosflamencos.com\/wp-content\/uploads\/el-cante-en-la-bienal-2026-generaciones-artistas-y-grandes-voces-01-1-300x225.webp 300w, https:\/\/www.tablaosflamencos.com\/wp-content\/uploads\/el-cante-en-la-bienal-2026-generaciones-artistas-y-grandes-voces-01-1-600x450.webp 600w, https:\/\/www.tablaosflamencos.com\/wp-content\/uploads\/el-cante-en-la-bienal-2026-generaciones-artistas-y-grandes-voces-01-1-150x113.webp 150w, https:\/\/www.tablaosflamencos.com\/wp-content\/uploads\/el-cante-en-la-bienal-2026-generaciones-artistas-y-grandes-voces-01-1.webp 1448w\" sizes=\"auto, (max-width: 1024px) 100vw, 1024px\" \/><\/div><\/div><\/div><\/div><\/div><\/div><\/div><\/section><section class=\"l-section wpb_row height_huge color_alternate with_shape\"><div class=\"l-section-shape type_zigzag pos_top hor_flip\" style=\"height:3vmin;\"><svg xmlns=\"http:\/\/www.w3.org\/2000\/svg\" viewBox=\"0 0 64 8\" preserveAspectRatio=\"none\" width=\"100%\" height=\"100%\">\r\n\t<path fill=\"currentColor\" d=\"M64 8 L0 8 L0 0 L20 7.9 L40 3 L48 5 L64 0 Z\"\/>\r\n<\/svg><\/div><div class=\"l-section-shape type_zigzag pos_bottom\" style=\"height:3vmin;\"><svg xmlns=\"http:\/\/www.w3.org\/2000\/svg\" viewBox=\"0 0 64 8\" preserveAspectRatio=\"none\" width=\"100%\" height=\"100%\">\r\n\t<path fill=\"currentColor\" d=\"M64 8 L0 8 L0 0 L20 7.9 L40 3 L48 5 L64 0 Z\"\/>\r\n<\/svg><\/div><div class=\"l-section-h i-cf\"><div class=\"g-cols vc_row via_flex valign_top type_default stacking_default\"><div class=\"vc_col-sm-12 wpb_column vc_column_container\"><div class=\"vc_column-inner\"><div class=\"wpb_wrapper\"><div class=\"wpb_text_column\"><div class=\"wpb_wrapper\"><blockquote>\n<p><strong>Risposta rapida:<\/strong> la Biennale di Flamenco di Siviglia 2026 offre uno dei suoi programmi di cante pi\u00f9 ampi e diversificati per generazioni. Tra gli appuntamenti pi\u00f9 importanti ci sono il gala <em>El mundo por montera<\/em>, \u00c1ngeles Toledano, Israel Fern\u00e1ndez, Rancapino Chico, Arc\u00e1ngel, Antonio Reyes, Jos\u00e9 Merc\u00e9, Mayte Mart\u00edn, Marina Heredia e la chiusura di Carmen Linares con Marina Heredia, Mar\u00eda Terremoto e Roc\u00edo Luna. L\u2019interesse del programma non sta soltanto nei grandi nomi, ma anche nel modo in cui mette a confronto tradizione e presente, riunisce famiglie e crea dialoghi tra generazioni.<\/p>\n<\/blockquote>\n<p><strong>Ultimo aggiornamento: 2 settembre 2026.<\/strong> Il programma e la disponibilit\u00e0 dei biglietti possono cambiare. Controlla sempre la scheda ufficiale di ogni spettacolo prima di organizzare la visita.<\/p>\n<p><a href=\"https:\/\/www.tablaosflamencos.com\/it\/biennale-flamenco-siviglia-2026.html\"><strong>Guida completa alla Biennale 2026<\/strong><\/a> \u00b7 <a href=\"https:\/\/www.tablaosflamencos.com\/it\/notti-uniche-biennale-flamenco-siviglia-2026.html\"><strong>Serate Uniche<\/strong><\/a> \u00b7 <a href=\"https:\/\/www.labienal.com\/programa-general\" target=\"_blank\" rel=\"noopener\"><strong>Programma ufficiale<\/strong><\/a><\/p>\n<\/div><\/div><\/div><\/div><\/div><\/div><\/div><\/section><section class=\"l-section wpb_row height_huge\"><div class=\"l-section-h i-cf\"><div class=\"g-cols vc_row via_flex valign_top type_default stacking_default\"><div class=\"vc_col-sm-1\/5 wpb_column vc_column_container\"><div class=\"vc_column-inner\"><div class=\"wpb_wrapper\"><\/div><\/div><\/div><div class=\"vc_col-sm-3\/5 wpb_column vc_column_container\"><div class=\"vc_column-inner\"><div class=\"wpb_wrapper\"><div class=\"wpb_text_column\"><div class=\"wpb_wrapper\"><h2>Contenuto di questa guida<\/h2>\n<ul>\n<li><a href=\"#cante-corazon\">Perch\u00e9 il cante occupa un posto centrale<\/a><\/li>\n<li><a href=\"#maestros\">Maestri e grandi riferimenti<\/a><\/li>\n<li><a href=\"#consolidados\">La generazione affermata<\/a><\/li>\n<li><a href=\"#jovenes\">Le nuove voci<\/a><\/li>\n<li><a href=\"#sagas\">Famiglie, territori e memoria<\/a><\/li>\n<li><a href=\"#mujeres\">Le voci femminili<\/a><\/li>\n<li><a href=\"#fechas-clave\">Date chiave<\/a><\/li>\n<li><a href=\"#elegir\">Cosa scegliere in base al tuo profilo<\/a><\/li>\n<li><a href=\"#faq-cante\">Domande frequenti<\/a><\/li>\n<\/ul>\n<\/div><\/div><\/div><\/div><\/div><div class=\"vc_col-sm-1\/5 wpb_column vc_column_container\"><div class=\"vc_column-inner\"><div class=\"wpb_wrapper\"><\/div><\/div><\/div><\/div><\/div><\/section><section class=\"l-section wpb_row height_huge color_alternate with_shape\"><div class=\"l-section-shape type_zigzag pos_top\" style=\"height:3vmin;\"><svg xmlns=\"http:\/\/www.w3.org\/2000\/svg\" viewBox=\"0 0 64 8\" preserveAspectRatio=\"none\" width=\"100%\" height=\"100%\">\r\n\t<path fill=\"currentColor\" d=\"M64 8 L0 8 L0 0 L20 7.9 L40 3 L48 5 L64 0 Z\"\/>\r\n<\/svg><\/div><div class=\"l-section-shape type_zigzag pos_bottom\" style=\"height:3vmin;\"><svg xmlns=\"http:\/\/www.w3.org\/2000\/svg\" viewBox=\"0 0 64 8\" preserveAspectRatio=\"none\" width=\"100%\" height=\"100%\">\r\n\t<path fill=\"currentColor\" d=\"M64 8 L0 8 L0 0 L20 7.9 L40 3 L48 5 L64 0 Z\"\/>\r\n<\/svg><\/div><div class=\"l-section-h i-cf\"><div class=\"g-cols vc_row via_flex valign_top type_default stacking_default\"><div class=\"vc_col-sm-12 wpb_column vc_column_container\"><div class=\"vc_column-inner\"><div class=\"wpb_wrapper\"><div class=\"wpb_text_column\"><div class=\"wpb_wrapper\"><h2 id=\"cante-corazon\">Il cante, nel cuore della XXIV Biennale<\/h2>\n<p>Parlare di pi\u00f9 di cento voci non significa che la Biennale abbia costruito un blocco isolato dedicato esclusivamente al cante. Accade piuttosto il contrario: <strong>la voce attraversa tutta l\u2019edizione<\/strong>. \u00c8 presente nei recital di formato classico, nelle prime assolute, nelle grandi produzioni del Teatro de la Maestranza, negli incontri tra famiglie, negli spettacoli di danza in cui il cante svolge un ruolo strutturale e nelle Serate Uniche create specificamente per Siviglia.<\/p>\n<p>Il programma ufficiale parla di generazioni, territori, scuole e sensibilit\u00e0. Questa idea aiuta a capire meglio l\u2019edizione 2026: non si vuole difendere un\u2019unica estetica del cante, ma mostrare come convivano modi diversi di rapportarsi alla tradizione.<\/p>\n<p>Nello stesso festival si possono ascoltare proposte radicalmente diverse: il ritorno ai repertori antichi di Mayte Mart\u00edn, la memoria dei dischi a 78 giri che ispira Rancapino Chico, la personalit\u00e0 musicale contemporanea di Israel Fern\u00e1ndez, la scrittura e l\u2019immaginario personale di \u00c1ngeles Toledano o una grande produzione sinfonica di Marina Heredia.<\/p>\n<p>Uno dei grandi punti di forza del 2026 \u00e8 la possibilit\u00e0 per il pubblico di confrontare come generazioni diverse affrontino questioni essenziali del flamenco: <strong>che cosa significa rispettare la tradizione, quanto pu\u00f2 trasformarsi un repertorio, come si trasmette un cante e dove comincia la creazione personale<\/strong>.<\/p>\n<\/div><\/div><\/div><\/div><\/div><\/div><\/div><\/section><section class=\"l-section wpb_row height_huge\"><div class=\"l-section-h i-cf\"><div class=\"g-cols vc_row via_flex valign_top type_default stacking_default\"><div class=\"vc_col-sm-12 wpb_column vc_column_container\"><div class=\"vc_column-inner\"><div class=\"wpb_wrapper\"><div class=\"wpb_text_column\"><div class=\"wpb_wrapper\"><h2 id=\"maestros\">I maestri: memoria, autorevolezza e trasmissione<\/h2>\n<p>Tra le voci dalla carriera pi\u00f9 lunga, <strong>Jos\u00e9 Merc\u00e9<\/strong> occupa uno dei posti centrali. Il 20 settembre torna al Teatro de la Maestranza con <em>Toquen a rebato<\/em>, una Serata Unica che recupera un\u2019idea gi\u00e0 proposta con successo alla Biennale del 2016: mettere la sua voce di fronte a tre chitarre. Questa volta il dialogo sar\u00e0 con una generazione pi\u00f9 giovane di chitarristi \u2014David de Arahal, Jos\u00e9 del Tomate e Manuel Cerpa\u2014, rendendo esplicita l\u2019idea della trasmissione.<\/p>\n<p>Ha un peso speciale anche <strong>Carmen Linares<\/strong>, protagonista di uno dei grandi appuntamenti finali. Il 3 ottobre, <em>Perlas a millares<\/em> celebra il 30\u00ba anniversario della sua <em>Antolog\u00eda de la Mujer en el Cante<\/em> e coinvolge Marina Heredia, Mar\u00eda Terremoto e Roc\u00edo Luna, oltre a Rafaela Carrasco nella danza. Lo spettacolo non funziona soltanto come omaggio: trasforma la memoria del cante femminile in un dialogo tra generazioni diverse.<\/p>\n<p>A questi riferimenti si aggiungono nomi come <strong>Jos\u00e9 de la Tomasa<\/strong>, presente nel grande gala iniziale, o voci dalla fortissima personalit\u00e0 come <strong>Aurora Vargas<\/strong>, che partecipano a un\u2019edizione molto attenta alla memoria e ai repertori trasmessi direttamente.<\/p>\n<h3>Mayte Mart\u00edn: guardare indietro per affermare il presente<\/h3>\n<p>Il 30 settembre, il Teatro Lope de Vega accoglie <strong>Mayte Mart\u00edn<\/strong> con <em>Arqueolog\u00eda de lo puro<\/em>. La proposta parte da una decisione estetica molto chiara: recuperare grandi opere del flamenco antico, alcune delle quali trascurate, e difenderle senza sottoporle alle tendenze contemporanee.<\/p>\n<p>Non \u00e8 nostalgia. Guardare indietro serve a costruire una posizione artistica attuale. Questo rende Mayte Mart\u00edn uno dei riferimenti pi\u00f9 utili per comprendere il dibattito che attraversa tutta la Biennale: <strong>come conservare senza congelare e come creare senza perdere la memoria<\/strong>.<\/p>\n<\/div><\/div><\/div><\/div><\/div><\/div><\/div><\/section><section class=\"l-section wpb_row height_huge color_alternate with_shape\"><div class=\"l-section-shape type_zigzag pos_top\" style=\"height:3vmin;\"><svg xmlns=\"http:\/\/www.w3.org\/2000\/svg\" viewBox=\"0 0 64 8\" preserveAspectRatio=\"none\" width=\"100%\" height=\"100%\">\r\n\t<path fill=\"currentColor\" d=\"M64 8 L0 8 L0 0 L20 7.9 L40 3 L48 5 L64 0 Z\"\/>\r\n<\/svg><\/div><div class=\"l-section-shape type_zigzag pos_bottom\" style=\"height:3vmin;\"><svg xmlns=\"http:\/\/www.w3.org\/2000\/svg\" viewBox=\"0 0 64 8\" preserveAspectRatio=\"none\" width=\"100%\" height=\"100%\">\r\n\t<path fill=\"currentColor\" d=\"M64 8 L0 8 L0 0 L20 7.9 L40 3 L48 5 L64 0 Z\"\/>\r\n<\/svg><\/div><div class=\"l-section-h i-cf\"><div class=\"g-cols vc_row via_flex valign_top type_default stacking_default\"><div class=\"vc_col-sm-12 wpb_column vc_column_container\"><div class=\"vc_column-inner\"><div class=\"wpb_wrapper\"><div class=\"wpb_text_column\"><div class=\"wpb_wrapper\"><h2 id=\"consolidados\">La generazione affermata: Arc\u00e1ngel, Marina Heredia, Israel Fern\u00e1ndez e Antonio Reyes<\/h2>\n<p>Tra i maestri storici e le voci pi\u00f9 giovani esiste una generazione che da anni definisce il cante contemporaneo. La Biennale 2026 le assegna uno spazio molto visibile.<\/p>\n<p><strong>Arc\u00e1ngel<\/strong> presenta il 17 settembre al Teatro Lope de Vega <em>La copla del cante<\/em>, una Serata Unica che rilegge il rapporto tra flamenco e copla attraverso la memoria di interpreti come Marchena, Caracol, Pepe Pinto, Canalejas o La Paquera de Jerez.<\/p>\n<p>Il giorno successivo, <strong>Antonio Reyes<\/strong> propone <em>Seis cuerdas, seis<\/em>, sempre al Lope de Vega, costruendo un dialogo tra il suo cante e sei chitarristi: Rafael Riqueni, Manolo Franco, Diego del Morao, Joni Jim\u00e9nez, Jos\u00e9 del Tomate e Nono Reyes.<\/p>\n<p>Da parte sua, <strong>Israel Fern\u00e1ndez<\/strong> porta <em>De oro y marfil<\/em> al Patio de la Monter\u00eda del Real Alc\u00e1zar il 14 settembre, con Diego del Morao e una formazione musicale pi\u00f9 ampia. \u00c8 una delle proposte che meglio rappresentano un modo di proiettare la radice flamenca attraverso un linguaggio sonoro pienamente contemporaneo.<\/p>\n<h3>Marina Heredia: il cante in grande formato<\/h3>\n<p>Il 1\u00ba ottobre, <strong>Marina Heredia<\/strong> si esibisce al Teatro de la Maestranza insieme alla Real Orquesta Sinf\u00f3nica de Sevilla in <em>\u00a1En libertad! El camino de los gitanos<\/em>. Lo spettacolo collega memoria storica, identit\u00e0 gitana e creazione musicale di grande formato.<\/p>\n<p>La sua presenza permette di vedere un\u2019altra dimensione del cante: la voce flamenca non compare soltanto nel formato cantaor-chitarra. Pu\u00f2 convivere con un\u2019orchestra, con una drammaturgia ampia e con una ricerca storica senza smettere di funzionare come centro espressivo della proposta.<\/p>\n<\/div><\/div><\/div><\/div><\/div><\/div><\/div><\/section><section class=\"l-section wpb_row height_huge\"><div class=\"l-section-h i-cf\"><div class=\"g-cols vc_row via_flex valign_top type_default stacking_default\"><div class=\"vc_col-sm-12 wpb_column vc_column_container\"><div class=\"vc_column-inner\"><div class=\"wpb_wrapper\"><div class=\"wpb_text_column\"><div class=\"wpb_wrapper\"><h2 id=\"jovenes\">Le nuove voci: una generazione che crea gi\u00e0 il proprio linguaggio<\/h2>\n<p>Uno dei movimenti pi\u00f9 interessanti della Biennale 2026 \u00e8 l\u2019inserimento di giovani artisti che non arrivano soltanto come ospiti, ma con <strong>progetti propri e discorsi personali<\/strong>.<\/p>\n<p>Il caso pi\u00f9 evidente \u00e8 <strong>\u00c1ngeles Toledano<\/strong>. Il 12 settembre presenta al Teatro Alameda la prima assoluta di <em>La misma sangre del cuerpo<\/em>, il suo primo spettacolo personale alla Biennale. La proposta prolunga l\u2019universo del suo album <em>Sangre Sucia<\/em> e mette una cantaora formata su basi classiche di fronte a una scrittura, un\u2019estetica e un linguaggio scenico fortemente personali.<\/p>\n<p>La sua posizione \u00e8 particolarmente significativa: partecipa anche a <em>El mundo por montera<\/em>, il grande gala del 10 settembre, insieme ad artisti come Jos\u00e9 Merc\u00e9, Jos\u00e9 de la Tomasa, Arc\u00e1ngel o La Tremendita. In appena due giorni, la Biennale la colloca prima all\u2019interno di una genealogia collettiva e poi alla guida della propria creazione.<\/p>\n<p><strong>Mar\u00eda Terremoto<\/strong> rappresenta una continuit\u00e0 molto diretta con le grandi famiglie cantaoras di Jerez, mentre <strong>Roc\u00edo Luna<\/strong> arriva alla grande serata finale accanto a Carmen Linares e Marina Heredia come una delle giovani voci inserite in un racconto storico del cante femminile.<\/p>\n<p><strong>El Perrete<\/strong> e <strong>Manuel de la Tomasa<\/strong> partecipano al gala <em>El mundo por montera<\/em>. A questo si aggiunge la <strong>Gala del Circuito Andaluso dei Giovani Flamencos<\/strong>, programmata per il 20 settembre al Teatro Alameda.<\/p>\n<\/div><\/div><\/div><\/div><\/div><\/div><\/div><\/section><section class=\"l-section wpb_row height_huge color_alternate with_shape\"><div class=\"l-section-shape type_zigzag pos_top hor_flip\" style=\"height:3vmin;\"><svg xmlns=\"http:\/\/www.w3.org\/2000\/svg\" viewBox=\"0 0 64 8\" preserveAspectRatio=\"none\" width=\"100%\" height=\"100%\">\r\n\t<path fill=\"currentColor\" d=\"M64 8 L0 8 L0 0 L20 7.9 L40 3 L48 5 L64 0 Z\"\/>\r\n<\/svg><\/div><div class=\"l-section-shape type_zigzag pos_bottom\" style=\"height:3vmin;\"><svg xmlns=\"http:\/\/www.w3.org\/2000\/svg\" viewBox=\"0 0 64 8\" preserveAspectRatio=\"none\" width=\"100%\" height=\"100%\">\r\n\t<path fill=\"currentColor\" d=\"M64 8 L0 8 L0 0 L20 7.9 L40 3 L48 5 L64 0 Z\"\/>\r\n<\/svg><\/div><div class=\"l-section-h i-cf\"><div class=\"g-cols vc_row via_flex valign_top type_default stacking_default\"><div class=\"vc_col-sm-12 wpb_column vc_column_container\"><div class=\"vc_column-inner\"><div class=\"wpb_wrapper\"><div class=\"wpb_text_column\"><div class=\"wpb_wrapper\"><h2 id=\"sagas\">Famiglie, territori e modi di trasmettere il cante<\/h2>\n<p>La Biennale non organizza le sue voci soltanto per et\u00e0. Le collega anche per <strong>territorio, famiglia e tradizione interpretativa<\/strong>.<\/p>\n<p>Il Real Alc\u00e1zar offre un esempio particolarmente chiaro. Dopo Israel Fern\u00e1ndez, il 15 settembre <strong>Rancapino Chico<\/strong> presenta in prima assoluta <em>Pizarra<\/em>, un progetto ispirato alle vecchie registrazioni a 78 giri e ai grandi maestri del cante. Il giorno successivo, <em>Xerezan\u00edas<\/em> riunisce Luis El Zambo, Dolores Agujetas, Antonio de la Malena, Manuel Valencia e Las Tatas de Jerez.<\/p>\n<p>In tre notti consecutive, il Patio de la Monter\u00eda passa cos\u00ec da una grande voce contemporanea a una riflessione sulla memoria discografica e infine a un incontro di famiglie e linee legate a Jerez. Per un appassionato interessato a capire come si trasmette il cante, \u00e8 uno dei blocchi pi\u00f9 coerenti dell\u2019intera edizione.<\/p>\n<p><a href=\"https:\/\/www.tablaosflamencos.com\/it\/flamenco-real-alcazar-biennale-siviglia-2026.html\"><strong>Consulta la nostra guida al flamenco al Real Alc\u00e1zar durante la Biennale 2026<\/strong><\/a>.<\/p>\n<h3>Una mappa vocale dell\u2019Andalusia<\/h3>\n<p>Jerez appare con grande forza attraverso Merc\u00e9, le famiglie di <em>Xerezan\u00edas<\/em>, Mar\u00eda Terremoto, Capullo de Jerez o Jos\u00e9 de los Camarones. Cadice \u00e8 presente nel modo di intendere il cante di Rancapino Chico e in artisti come Encarna Anillo. Huelva ha una voce fondamentale in Arc\u00e1ngel; Granada in Marina Heredia; e Siviglia porta figure e linee proprie insieme a incontri creati specificamente per la citt\u00e0.<\/p>\n<\/div><\/div><\/div><\/div><\/div><\/div><\/div><\/section><section class=\"l-section wpb_row height_huge\"><div class=\"l-section-h i-cf\"><div class=\"g-cols vc_row via_flex valign_top type_default stacking_default\"><div class=\"vc_col-sm-12 wpb_column vc_column_container\"><div class=\"vc_column-inner\"><div class=\"wpb_wrapper\"><div class=\"wpb_text_column\"><div class=\"wpb_wrapper\"><h2 id=\"mujeres\">Le voci femminili: da Carmen Linares ad \u00c1ngeles Toledano e Roc\u00edo Luna<\/h2>\n<p>Il cante femminile ha un peso strutturale nell\u2019edizione 2026, non soltanto per il numero di artiste, ma per il modo in cui il programma costruisce un dialogo storico.<\/p>\n<p>Carmen Linares chiude la Biennale con una rilettura della sua <em>Antolog\u00eda de la Mujer en el Cante<\/em>, opera decisiva per recuperare e mettere in primo piano repertori associati alle grandi cantaoras del passato. Il programma di <em>Perlas a millares<\/em> evoca nomi come Ni\u00f1a de los Peines, La Mejorana, La Trini, La Serneta o La Repompa e aggiunge voci attuali di generazioni diverse.<\/p>\n<p>Marina Heredia, Mar\u00eda Terremoto e Roc\u00edo Luna trasformano questo omaggio in una linea viva, non in uno sguardo museale. In un altro punto del programma, \u00c1ngeles Toledano presenta una prima nata dal proprio universo creativo e <strong>La Tremendita<\/strong> presenta <em>Menos es m\u00e1s<\/em>, prima assoluta dell\u201911 settembre al Teatro Central.<\/p>\n<p>Una delle letture pi\u00f9 interessanti del programma femminile \u00e8 proprio la coesistenza tra due movimenti apparentemente opposti: <strong>recuperare repertori e scrivere una voce propria<\/strong>.<\/p>\n<\/div><\/div><\/div><\/div><\/div><\/div><\/div><\/section><section class=\"l-section wpb_row height_huge color_alternate with_shape\"><div class=\"l-section-shape type_zigzag pos_top hor_flip\" style=\"height:3vmin;\"><svg xmlns=\"http:\/\/www.w3.org\/2000\/svg\" viewBox=\"0 0 64 8\" preserveAspectRatio=\"none\" width=\"100%\" height=\"100%\">\r\n\t<path fill=\"currentColor\" d=\"M64 8 L0 8 L0 0 L20 7.9 L40 3 L48 5 L64 0 Z\"\/>\r\n<\/svg><\/div><div class=\"l-section-shape type_zigzag pos_bottom\" style=\"height:3vmin;\"><svg xmlns=\"http:\/\/www.w3.org\/2000\/svg\" viewBox=\"0 0 64 8\" preserveAspectRatio=\"none\" width=\"100%\" height=\"100%\">\r\n\t<path fill=\"currentColor\" d=\"M64 8 L0 8 L0 0 L20 7.9 L40 3 L48 5 L64 0 Z\"\/>\r\n<\/svg><\/div><div class=\"l-section-h i-cf\"><div class=\"g-cols vc_row via_flex valign_top type_default stacking_default\"><div class=\"vc_col-sm-12 wpb_column vc_column_container\"><div class=\"vc_column-inner\"><div class=\"wpb_wrapper\"><div class=\"wpb_text_column\"><div class=\"wpb_wrapper\"><h2 id=\"fechas-clave\">Date chiave del cante alla Biennale 2026<\/h2>\n<div style=\"overflow-x: auto;\">\n<table>\n<thead>\n<tr>\n<th>Data<\/th>\n<th>Artista \/ proposta<\/th>\n<th>Spazio<\/th>\n<th>Chiave<\/th>\n<\/tr>\n<\/thead>\n<tbody>\n<tr>\n<td><strong>10 settembre<\/strong><\/td>\n<td><em>El mundo por montera<\/em><\/td>\n<td>Real Maestranza<\/td>\n<td>Gala intergenerazionale<\/td>\n<\/tr>\n<tr>\n<td><strong>11 settembre<\/strong><\/td>\n<td>La Tremendita \u00b7 <em>Menos es m\u00e1s<\/em><\/td>\n<td>Teatro Central<\/td>\n<td>Prima assoluta<\/td>\n<\/tr>\n<tr>\n<td><strong>12 settembre<\/strong><\/td>\n<td>\u00c1ngeles Toledano \u00b7 <em>La misma sangre del cuerpo<\/em><\/td>\n<td>Teatro Alameda<\/td>\n<td>Prima assoluta<\/td>\n<\/tr>\n<tr>\n<td><strong>14 settembre<\/strong><\/td>\n<td>Israel Fern\u00e1ndez \u00b7 <em>De oro y marfil<\/em><\/td>\n<td>Real Alc\u00e1zar<\/td>\n<td>Cante contemporaneo<\/td>\n<\/tr>\n<tr>\n<td><strong>15 settembre<\/strong><\/td>\n<td>Rancapino Chico \u00b7 <em>Pizarra<\/em><\/td>\n<td>Real Alc\u00e1zar<\/td>\n<td>Prima assoluta<\/td>\n<\/tr>\n<tr>\n<td><strong>16 settembre<\/strong><\/td>\n<td><em>Xerezan\u00edas<\/em><\/td>\n<td>Real Alc\u00e1zar<\/td>\n<td>Famiglie di Jerez<\/td>\n<\/tr>\n<tr>\n<td><strong>17 settembre<\/strong><\/td>\n<td>Arc\u00e1ngel \u00b7 <em>La copla del cante<\/em><\/td>\n<td>Lope de Vega<\/td>\n<td>Serata Unica<\/td>\n<\/tr>\n<tr>\n<td><strong>18 settembre<\/strong><\/td>\n<td>Antonio Reyes \u00b7 <em>Seis cuerdas, seis<\/em><\/td>\n<td>Lope de Vega<\/td>\n<td>Cante e sei chitarre<\/td>\n<\/tr>\n<tr>\n<td><strong>20 settembre<\/strong><\/td>\n<td>Jos\u00e9 Merc\u00e9 \u00b7 <em>Toquen a rebato<\/em><\/td>\n<td>Maestranza<\/td>\n<td>Serata Unica<\/td>\n<\/tr>\n<tr>\n<td><strong>30 settembre<\/strong><\/td>\n<td>Mayte Mart\u00edn \u00b7 <em>Arqueolog\u00eda de lo puro<\/em><\/td>\n<td>Lope de Vega<\/td>\n<td>Repertorio antico<\/td>\n<\/tr>\n<tr>\n<td><strong>1 ottobre<\/strong><\/td>\n<td>Marina Heredia + ROSS<\/td>\n<td>Maestranza<\/td>\n<td>Grande formato sinfonico<\/td>\n<\/tr>\n<tr>\n<td><strong>3 ottobre<\/strong><\/td>\n<td>Carmen Linares + invitate \u00b7 <em>Perlas a millares<\/em><\/td>\n<td>Maestranza<\/td>\n<td>Chiusura intergenerazionale<\/td>\n<\/tr>\n<\/tbody>\n<\/table>\n<\/div>\n<p><small>Selezione orientativa di appuntamenti particolarmente rilevanti per seguire il cante. La Biennale comprende molte altre esibizioni in cui la voce flamenca ha un ruolo protagonista.<\/small><\/p>\n<\/div><\/div><\/div><\/div><\/div><\/div><\/div><\/section><section class=\"l-section wpb_row height_huge\"><div class=\"l-section-h i-cf\"><div class=\"g-cols vc_row via_flex valign_top type_default stacking_default\"><div class=\"vc_col-sm-12 wpb_column vc_column_container\"><div class=\"vc_column-inner\"><div class=\"wpb_wrapper\"><div class=\"wpb_text_column\"><div class=\"wpb_wrapper\"><h2 id=\"elegir\">Cosa vedere in base al tipo di cante che cerchi<\/h2>\n<h3>Se cerchi cante tradizionale<\/h3>\n<p>Se la tua priorit\u00e0 \u00e8 ascoltare forme classiche e un rapporto molto diretto tra voce, repertorio e chitarra, presta particolare attenzione a <strong>Mayte Mart\u00edn, Rancapino Chico, Jos\u00e9 Merc\u00e9, Antonio Reyes<\/strong> e a diversi incontri tra famiglie. Pu\u00f2 essere particolarmente interessante anche <em>A canela y clavo<\/em>, con Esperanza Fern\u00e1ndez, Duquende, Jos\u00e9 Valencia, Pepe Torres e Nazaret Reyes.<\/p>\n<h3>Se cerchi il cante pi\u00f9 contemporaneo<\/h3>\n<p>Per una visione pi\u00f9 aperta verso la creazione attuale, <strong>\u00c1ngeles Toledano, La Tremendita, Israel Fern\u00e1ndez e Marina Heredia<\/strong> offrono quattro strade molto diverse. Non esiste un\u2019unica \u201cavanguardia del cante\u201d: la Biennale mostra diversi modi di andare avanti.<\/p>\n<h3>Se vuoi capire le generazioni<\/h3>\n<p>La strategia migliore \u00e8 non scegliere artisti troppo simili. Costruisci un piccolo itinerario generazionale: un grande riferimento storico, una voce affermata e una proposta giovane. Per esempio Jos\u00e9 Merc\u00e9 o Mayte Mart\u00edn; Israel Fern\u00e1ndez, Arc\u00e1ngel o Marina Heredia; e \u00c1ngeles Toledano o una delle proposte giovani.<\/p>\n<p><a href=\"https:\/\/www.tablaosflamencos.com\/it\/biennale-flamenco-siviglia-2026-biglietti-prezzi-sconti.html\"><strong>Biglietti, prezzi e sconti<\/strong><\/a> \u00b7 <a href=\"https:\/\/www.tablaosflamencos.com\/it\/grandi-prime-biennale-flamenco-siviglia-2026.html\"><strong>Grandi prime<\/strong><\/a> \u00b7 <a href=\"https:\/\/www.tablaosflamencos.com\/it\/biennale-flamenco-siviglia-2026-biglietti-esauriti-alternative.html\"><strong>Cosa vedere se non ci sono pi\u00f9 biglietti<\/strong><\/a><\/p>\n<\/div><\/div><\/div><\/div><\/div><\/div><\/div><\/section><section class=\"l-section wpb_row height_huge color_alternate with_shape\"><div class=\"l-section-shape type_zigzag pos_top hor_flip\" style=\"height:3vmin;\"><svg xmlns=\"http:\/\/www.w3.org\/2000\/svg\" viewBox=\"0 0 64 8\" preserveAspectRatio=\"none\" width=\"100%\" height=\"100%\">\r\n\t<path fill=\"currentColor\" d=\"M64 8 L0 8 L0 0 L20 7.9 L40 3 L48 5 L64 0 Z\"\/>\r\n<\/svg><\/div><div class=\"l-section-shape type_zigzag pos_bottom\" style=\"height:3vmin;\"><svg xmlns=\"http:\/\/www.w3.org\/2000\/svg\" viewBox=\"0 0 64 8\" preserveAspectRatio=\"none\" width=\"100%\" height=\"100%\">\r\n\t<path fill=\"currentColor\" d=\"M64 8 L0 8 L0 0 L20 7.9 L40 3 L48 5 L64 0 Z\"\/>\r\n<\/svg><\/div><div class=\"l-section-h i-cf\"><div class=\"g-cols vc_row via_flex valign_top type_default stacking_default\"><div class=\"vc_col-sm-1\/5 wpb_column vc_column_container\"><div class=\"vc_column-inner\"><div class=\"wpb_wrapper\"><\/div><\/div><\/div><div class=\"vc_col-sm-3\/5 wpb_column vc_column_container\"><div class=\"vc_column-inner\"><div class=\"wpb_wrapper\"><div class=\"wpb_text_column\"><div class=\"wpb_wrapper\"><h2 id=\"faq-cante\">Domande frequenti sul cante alla Biennale 2026<\/h2>\n<\/div><\/div><div class=\"w-separator size_medium\"><\/div><div class=\"w-tabs accordion toggle_style_1 has_scrolling\" style=\"--sections-title-size:inherit;--sections-gap:0.5rem;\"><div class=\"w-tabs-sections titles-align_none icon_plus cpos_left\"><div class=\"w-tabs-section\" id=\"la99\" itemscope itemprop=\"mainEntity\" itemtype=\"https:\/\/schema.org\/Question\"><button type=\"button\" class=\"w-tabs-section-header\" aria-controls=\"content-la99\" aria-expanded=\"false\"><h3 class=\"w-tabs-section-title\" itemprop=\"name\">Quante voci partecipano alla Biennale di Flamenco 2026?<\/h3><div class=\"w-tabs-section-control\"><\/div><\/button><div  class=\"w-tabs-section-content\" id=\"content-la99\" itemscope itemprop=\"acceptedAnswer\" itemtype=\"https:\/\/schema.org\/Answer\"><div class=\"w-tabs-section-content-h i-cf\" itemprop=\"text\"><div class=\"wpb_text_column\"><div class=\"wpb_wrapper\"><p>L\u2019organizzazione parla di <strong>pi\u00f9 di cento voci<\/strong> distribuite in quasi trenta proposte legate al cante. Non sono tutte recital esclusivi: molte fanno parte di gala, incontri, spettacoli di danza o produzioni di grande formato.<\/p>\n<\/div><\/div><\/div><\/div><\/div><div class=\"w-tabs-section\" id=\"xc04\" itemscope itemprop=\"mainEntity\" itemtype=\"https:\/\/schema.org\/Question\"><button type=\"button\" class=\"w-tabs-section-header\" aria-controls=\"content-xc04\" aria-expanded=\"false\"><h3 class=\"w-tabs-section-title\" itemprop=\"name\">Chi sono alcuni dei grandi cantaores della Biennale 2026?<\/h3><div class=\"w-tabs-section-control\"><\/div><\/button><div  class=\"w-tabs-section-content\" id=\"content-xc04\" itemscope itemprop=\"acceptedAnswer\" itemtype=\"https:\/\/schema.org\/Answer\"><div class=\"w-tabs-section-content-h i-cf\" itemprop=\"text\"><div class=\"wpb_text_column\"><div class=\"wpb_wrapper\"><p>Tra i nomi pi\u00f9 importanti figurano Jos\u00e9 Merc\u00e9, Carmen Linares, Jos\u00e9 de la Tomasa, Mayte Mart\u00edn, Arc\u00e1ngel, Marina Heredia, Israel Fern\u00e1ndez, Antonio Reyes, La Tremendita, Rancapino Chico, \u00c1ngeles Toledano, Mar\u00eda Terremoto e Roc\u00edo Luna, tra molti altri.<\/p>\n<\/div><\/div><\/div><\/div><\/div><div class=\"w-tabs-section\" id=\"qd52\" itemscope itemprop=\"mainEntity\" itemtype=\"https:\/\/schema.org\/Question\"><button type=\"button\" class=\"w-tabs-section-header\" aria-controls=\"content-qd52\" aria-expanded=\"false\"><h3 class=\"w-tabs-section-title\" itemprop=\"name\">Ci sono giovani artisti di cante alla Biennale 2026?<\/h3><div class=\"w-tabs-section-control\"><\/div><\/button><div  class=\"w-tabs-section-content\" id=\"content-qd52\" itemscope itemprop=\"acceptedAnswer\" itemtype=\"https:\/\/schema.org\/Answer\"><div class=\"w-tabs-section-content-h i-cf\" itemprop=\"text\"><div class=\"wpb_text_column\"><div class=\"wpb_wrapper\"><p>S\u00ec. \u00c1ngeles Toledano presenta per la prima volta uno spettacolo proprio alla Biennale e compaiono anche voci come Roc\u00edo Luna, Mar\u00eda Terremoto, El Perrete e Manuel de la Tomasa, oltre alla Gala del Circuito Andaluso dei Giovani Flamencos.<\/p>\n<\/div><\/div><\/div><\/div><\/div><div class=\"w-tabs-section\" id=\"qe9f\" itemscope itemprop=\"mainEntity\" itemtype=\"https:\/\/schema.org\/Question\"><button type=\"button\" class=\"w-tabs-section-header\" aria-controls=\"content-qe9f\" aria-expanded=\"false\"><h3 class=\"w-tabs-section-title\" itemprop=\"name\">Qual \u00e8 una delle date migliori per ascoltare insieme pi\u00f9 generazioni?<\/h3><div class=\"w-tabs-section-control\"><\/div><\/button><div  class=\"w-tabs-section-content\" id=\"content-qe9f\" itemscope itemprop=\"acceptedAnswer\" itemtype=\"https:\/\/schema.org\/Answer\"><div class=\"w-tabs-section-content-h i-cf\" itemprop=\"text\"><div class=\"wpb_text_column\"><div class=\"wpb_wrapper\"><p>Il gala <em>El mundo por montera<\/em>, il 10 settembre alla Real Maestranza, riunisce Jos\u00e9 Merc\u00e9, Jos\u00e9 de la Tomasa, Arc\u00e1ngel, La Tremendita, \u00c1ngeles Toledano, El Perrete e Manuel de la Tomasa, tra gli altri artisti.<\/p>\n<\/div><\/div><\/div><\/div><\/div><div class=\"w-tabs-section\" id=\"z001\" itemscope itemprop=\"mainEntity\" itemtype=\"https:\/\/schema.org\/Question\"><button type=\"button\" class=\"w-tabs-section-header\" aria-controls=\"content-z001\" aria-expanded=\"false\"><h3 class=\"w-tabs-section-title\" itemprop=\"name\">Quale spettacolo \u00e8 dedicato al cante femminile?<\/h3><div class=\"w-tabs-section-control\"><\/div><\/button><div  class=\"w-tabs-section-content\" id=\"content-z001\" itemscope itemprop=\"acceptedAnswer\" itemtype=\"https:\/\/schema.org\/Answer\"><div class=\"w-tabs-section-content-h i-cf\" itemprop=\"text\"><div class=\"wpb_text_column\"><div class=\"wpb_wrapper\"><p><em>Perlas a millares<\/em>, il 3 ottobre al Teatro de la Maestranza, celebra il 30\u00ba anniversario della <em>Antolog\u00eda de la Mujer en el Cante<\/em> di Carmen Linares. Partecipano anche Marina Heredia, Mar\u00eda Terremoto e Roc\u00edo Luna.<\/p>\n<\/div><\/div><\/div><\/div><\/div><div class=\"w-tabs-section\" id=\"y15c\" itemscope itemprop=\"mainEntity\" itemtype=\"https:\/\/schema.org\/Question\"><button type=\"button\" class=\"w-tabs-section-header\" aria-controls=\"content-y15c\" aria-expanded=\"false\"><h3 class=\"w-tabs-section-title\" itemprop=\"name\">Quale recital pu\u00f2 interessarmi se cerco flamenco antico?<\/h3><div class=\"w-tabs-section-control\"><\/div><\/button><div  class=\"w-tabs-section-content\" id=\"content-y15c\" itemscope itemprop=\"acceptedAnswer\" itemtype=\"https:\/\/schema.org\/Answer\"><div class=\"w-tabs-section-content-h i-cf\" itemprop=\"text\"><div class=\"wpb_text_column\"><div class=\"wpb_wrapper\"><p>Una delle proposte pi\u00f9 chiare \u00e8 <em>Arqueolog\u00eda de lo puro<\/em>, di Mayte Mart\u00edn, il 30 settembre al Teatro Lope de Vega. Anche <em>Pizarra<\/em>, di Rancapino Chico, si ispira a vecchie registrazioni a 78 giri.<\/p>\n<\/div><\/div><\/div><\/div><\/div><div class=\"w-tabs-section\" id=\"r29b\" itemscope itemprop=\"mainEntity\" itemtype=\"https:\/\/schema.org\/Question\"><button type=\"button\" class=\"w-tabs-section-header\" aria-controls=\"content-r29b\" aria-expanded=\"false\"><h3 class=\"w-tabs-section-title\" itemprop=\"name\">Dove si concentra il cante di Jerez?<\/h3><div class=\"w-tabs-section-control\"><\/div><\/button><div  class=\"w-tabs-section-content\" id=\"content-r29b\" itemscope itemprop=\"acceptedAnswer\" itemtype=\"https:\/\/schema.org\/Answer\"><div class=\"w-tabs-section-content-h i-cf\" itemprop=\"text\"><div class=\"wpb_text_column\"><div class=\"wpb_wrapper\"><p>Jerez appare in numerosi momenti del programma. Spiccano Jos\u00e9 Merc\u00e9, Mar\u00eda Terremoto e soprattutto <em>Xerezan\u00edas<\/em>, il 16 settembre al Real Alc\u00e1zar, con Luis El Zambo, Dolores Agujetas, Antonio de la Malena, Manuel Valencia e Las Tatas de Jerez.<\/p>\n<\/div><\/div><\/div><\/div><\/div><div class=\"w-tabs-section\" id=\"r3e4\" itemscope itemprop=\"mainEntity\" itemtype=\"https:\/\/schema.org\/Question\"><button type=\"button\" class=\"w-tabs-section-header\" aria-controls=\"content-r3e4\" aria-expanded=\"false\"><h3 class=\"w-tabs-section-title\" itemprop=\"name\">Ci sono prime assolute legate al cante?<\/h3><div class=\"w-tabs-section-control\"><\/div><\/button><div  class=\"w-tabs-section-content\" id=\"content-r3e4\" itemscope itemprop=\"acceptedAnswer\" itemtype=\"https:\/\/schema.org\/Answer\"><div class=\"w-tabs-section-content-h i-cf\" itemprop=\"text\"><div class=\"wpb_text_column\"><div class=\"wpb_wrapper\"><p>S\u00ec. Tra queste ci sono <em>Menos es m\u00e1s<\/em> di La Tremendita, <em>La misma sangre del cuerpo<\/em> di \u00c1ngeles Toledano e <em>Pizarra<\/em> di Rancapino Chico.<\/p>\n<\/div><\/div><\/div><\/div><\/div><div class=\"w-tabs-section\" id=\"k535\" itemscope itemprop=\"mainEntity\" itemtype=\"https:\/\/schema.org\/Question\"><button type=\"button\" class=\"w-tabs-section-header\" aria-controls=\"content-k535\" aria-expanded=\"false\"><h3 class=\"w-tabs-section-title\" itemprop=\"name\">Dove posso consultare le date e acquistare i biglietti?<\/h3><div class=\"w-tabs-section-control\"><\/div><\/button><div  class=\"w-tabs-section-content\" id=\"content-k535\" itemscope itemprop=\"acceptedAnswer\" itemtype=\"https:\/\/schema.org\/Answer\"><div class=\"w-tabs-section-content-h i-cf\" itemprop=\"text\"><div class=\"wpb_text_column\"><div class=\"wpb_wrapper\"><p>Il programma completo e i link di vendita sono disponibili sul sito ufficiale della Biennale. Puoi consultare anche la nostra <a href=\"https:\/\/www.tablaosflamencos.com\/it\/biennale-flamenco-siviglia-2026-biglietti-prezzi-sconti.html\"><strong>guida a biglietti, prezzi e sconti<\/strong><\/a>.<\/p>\n<\/div><\/div><\/div><\/div><\/div><div class=\"w-tabs-section\" id=\"r677\" itemscope itemprop=\"mainEntity\" itemtype=\"https:\/\/schema.org\/Question\"><button type=\"button\" class=\"w-tabs-section-header\" aria-controls=\"content-r677\" aria-expanded=\"false\"><h3 class=\"w-tabs-section-title\" itemprop=\"name\">Cosa faccio se lo spettacolo che voglio vedere \u00e8 esaurito?<\/h3><div class=\"w-tabs-section-control\"><\/div><\/button><div  class=\"w-tabs-section-content\" id=\"content-r677\" itemscope itemprop=\"acceptedAnswer\" itemtype=\"https:\/\/schema.org\/Answer\"><div class=\"w-tabs-section-content-h i-cf\" itemprop=\"text\"><div class=\"wpb_text_column\"><div class=\"wpb_wrapper\"><p>Controlla prima i canali ufficiali nel caso vengano liberati nuovi posti. Se non c\u2019\u00e8 disponibilit\u00e0, consulta la nostra guida su <a href=\"https:\/\/www.tablaosflamencos.com\/it\/biennale-flamenco-siviglia-2026-biglietti-esauriti-alternative.html\"><strong>cosa vedere se i biglietti della Biennale sono esauriti<\/strong><\/a>.<\/p>\n<\/div><\/div><\/div><\/div><\/div><\/div><\/div><\/div><\/div><\/div><div class=\"vc_col-sm-1\/5 wpb_column vc_column_container\"><div class=\"vc_column-inner\"><div class=\"wpb_wrapper\"><\/div><\/div><\/div><\/div><\/div><\/section><section class=\"l-section wpb_row height_huge\"><div class=\"l-section-h i-cf\"><div class=\"g-cols vc_row via_flex valign_top type_default stacking_default\"><div class=\"vc_col-sm-12 wpb_column vc_column_container\"><div class=\"vc_column-inner\"><div class=\"wpb_wrapper\"><div class=\"wpb_text_column\"><div class=\"wpb_wrapper\"><h2>Una Biennale per ascoltare da dove viene il cante e dove pu\u00f2 andare<\/h2>\n<p>Il programma 2026 non presenta il cante come una fotografia immobile del passato. Lo mostra come una catena di trasmissione in movimento: maestri che continuano a essere riferimenti, artisti affermati che hanno costruito linguaggi propri e giovani voci che iniziano a occupare spazi di maggiore responsabilit\u00e0 creativa.<\/p>\n<p>Questo incrocio di generazioni \u00e8 probabilmente uno dei motivi migliori per seguire il cante come filo conduttore della XXIV Biennale di Flamenco di Siviglia.<\/p>\n<\/div><\/div><\/div><\/div><\/div><\/div><\/div><\/section>\n","protected":false},"excerpt":{"rendered":"<p>Guida al cante alla Biennale di Flamenco di Siviglia 2026: grandi maestri, voci affermate, nuovi talenti, famiglie flamencas, spettacoli e date chiave.<\/p>\n","protected":false},"author":1,"featured_media":14112,"comment_status":"closed","ping_status":"closed","sticky":false,"template":"","format":"standard","meta":{"_acf_changed":false,"wpai_generated_summary":"","_ayudawp_aiss_exclude":false,"_ayudawp_aiss_exclude_summary":false,"_ayudawp_aiss_summary":"","_ayudawp_aiss_summary_provider":"","_ayudawp_aiss_summary_hash":"","footnotes":""},"categories":[1429],"tags":[1249,1250,1251,1252,1177,1253],"class_list":["post-14179","post","type-post","status-publish","format-standard","has-post-thumbnail","hentry","category-biennale-di-flamenco","tag-agenda-flamenca","tag-bienal-2026","tag-bienal-de-flamenco","tag-festivales-flamencos","tag-flamenco-en-sevilla","tag-sevilla"],"acf":[],"yoast_head":"<!-- This site is optimized with the Yoast SEO Premium plugin v28.4 (Yoast SEO v28.4) - https:\/\/yoast.com\/product\/yoast-seo-premium-wordpress\/ -->\n<title>Cante alla Biennale di Flamenco 2026: grandi voci<\/title>\n<meta name=\"description\" content=\"Guida al cante alla Biennale 2026: Jos\u00e9 Merc\u00e9, Carmen Linares, Mayte Mart\u00edn, Israel Fern\u00e1ndez, nuove voci, famiglie e date chiave.\" \/>\n<meta name=\"robots\" content=\"index, follow, max-snippet:-1, max-image-preview:large, max-video-preview:-1\" \/>\n<link rel=\"canonical\" href=\"https:\/\/www.tablaosflamencos.com\/it\/cante-biennale-flamenco-siviglia-2026.html\" \/>\n<meta property=\"og:locale\" content=\"it_IT\" \/>\n<meta property=\"og:type\" content=\"article\" \/>\n<meta property=\"og:title\" content=\"Il cante alla Biennale 2026: generazioni, artisti e grandi voci\" \/>\n<meta property=\"og:description\" content=\"Guida al cante alla Biennale 2026: Jos\u00e9 Merc\u00e9, Carmen Linares, Mayte Mart\u00edn, Israel Fern\u00e1ndez, nuove voci, famiglie e date chiave.\" \/>\n<meta property=\"og:url\" content=\"https:\/\/www.tablaosflamencos.com\/it\/cante-biennale-flamenco-siviglia-2026.html\" \/>\n<meta property=\"og:site_name\" content=\"Tablaos Flamencos\" \/>\n<meta property=\"article:publisher\" content=\"https:\/\/www.facebook.com\/tablaosflamencos\" \/>\n<meta property=\"article:published_time\" content=\"2026-09-02T23:18:36+00:00\" \/>\n<meta property=\"article:modified_time\" content=\"2026-09-02T23:40:39+00:00\" \/>\n<meta property=\"og:image\" content=\"https:\/\/www.tablaosflamencos.com\/wp-content\/uploads\/el-cante-en-la-bienal-2026-generaciones-artistas-y-grandes-voces-01.webp\" \/>\n\t<meta property=\"og:image:width\" content=\"1672\" \/>\n\t<meta property=\"og:image:height\" content=\"941\" \/>\n\t<meta property=\"og:image:type\" content=\"image\/webp\" \/>\n<meta name=\"author\" content=\"Miguel Ortiz\" \/>\n<meta name=\"twitter:card\" content=\"summary_large_image\" \/>\n<meta name=\"twitter:creator\" content=\"@tablaosflamenco\" \/>\n<meta name=\"twitter:site\" content=\"@tablaosflamenco\" \/>\n<meta name=\"twitter:label1\" content=\"Scritto da\" \/>\n\t<meta name=\"twitter:data1\" content=\"Miguel Ortiz\" \/>\n\t<meta name=\"twitter:label2\" content=\"Tempo di lettura stimato\" \/>\n\t<meta name=\"twitter:data2\" content=\"16 minuti\" \/>\n<script type=\"application\/ld+json\" class=\"yoast-schema-graph\">{\"@context\":\"https:\\\/\\\/schema.org\",\"@graph\":[{\"@type\":\"Article\",\"@id\":\"https:\\\/\\\/www.tablaosflamencos.com\\\/it\\\/cante-biennale-flamenco-siviglia-2026.html#article\",\"isPartOf\":{\"@id\":\"https:\\\/\\\/www.tablaosflamencos.com\\\/it\\\/cante-biennale-flamenco-siviglia-2026.html\"},\"author\":{\"name\":\"Miguel Ortiz\",\"@id\":\"https:\\\/\\\/www.tablaosflamencos.com\\\/it#\\\/schema\\\/person\\\/e7a9ebe14eb75a52ceabfbffb3c54f5d\"},\"headline\":\"Il cante alla Biennale 2026: generazioni, artisti e grandi voci\",\"datePublished\":\"2026-09-02T23:18:36+00:00\",\"dateModified\":\"2026-09-02T23:40:39+00:00\",\"mainEntityOfPage\":{\"@id\":\"https:\\\/\\\/www.tablaosflamencos.com\\\/it\\\/cante-biennale-flamenco-siviglia-2026.html\"},\"wordCount\":3204,\"publisher\":{\"@id\":\"https:\\\/\\\/www.tablaosflamencos.com\\\/it#organization\"},\"image\":{\"@id\":\"https:\\\/\\\/www.tablaosflamencos.com\\\/it\\\/cante-biennale-flamenco-siviglia-2026.html#primaryimage\"},\"thumbnailUrl\":\"https:\\\/\\\/www.tablaosflamencos.com\\\/wp-content\\\/uploads\\\/el-cante-en-la-bienal-2026-generaciones-artistas-y-grandes-voces-01.webp\",\"keywords\":[\"agenda flamenca\",\"Bienal 2026\",\"Bienal de Flamenco\",\"festivales flamencos\",\"flamenco en Sevilla\",\"sevilla\"],\"articleSection\":[\"Biennale di Flamenco\"],\"inLanguage\":\"it-IT\"},{\"@type\":\"WebPage\",\"@id\":\"https:\\\/\\\/www.tablaosflamencos.com\\\/it\\\/cante-biennale-flamenco-siviglia-2026.html\",\"url\":\"https:\\\/\\\/www.tablaosflamencos.com\\\/it\\\/cante-biennale-flamenco-siviglia-2026.html\",\"name\":\"Cante alla Biennale di Flamenco 2026: grandi voci\",\"isPartOf\":{\"@id\":\"https:\\\/\\\/www.tablaosflamencos.com\\\/it#website\"},\"primaryImageOfPage\":{\"@id\":\"https:\\\/\\\/www.tablaosflamencos.com\\\/it\\\/cante-biennale-flamenco-siviglia-2026.html#primaryimage\"},\"image\":{\"@id\":\"https:\\\/\\\/www.tablaosflamencos.com\\\/it\\\/cante-biennale-flamenco-siviglia-2026.html#primaryimage\"},\"thumbnailUrl\":\"https:\\\/\\\/www.tablaosflamencos.com\\\/wp-content\\\/uploads\\\/el-cante-en-la-bienal-2026-generaciones-artistas-y-grandes-voces-01.webp\",\"datePublished\":\"2026-09-02T23:18:36+00:00\",\"dateModified\":\"2026-09-02T23:40:39+00:00\",\"description\":\"Guida al cante alla Biennale 2026: Jos\u00e9 Merc\u00e9, Carmen Linares, Mayte Mart\u00edn, Israel Fern\u00e1ndez, nuove voci, famiglie e date chiave.\",\"breadcrumb\":{\"@id\":\"https:\\\/\\\/www.tablaosflamencos.com\\\/it\\\/cante-biennale-flamenco-siviglia-2026.html#breadcrumb\"},\"inLanguage\":\"it-IT\",\"potentialAction\":[{\"@type\":\"ReadAction\",\"target\":[\"https:\\\/\\\/www.tablaosflamencos.com\\\/it\\\/cante-biennale-flamenco-siviglia-2026.html\"]}]},{\"@type\":\"ImageObject\",\"inLanguage\":\"it-IT\",\"@id\":\"https:\\\/\\\/www.tablaosflamencos.com\\\/it\\\/cante-biennale-flamenco-siviglia-2026.html#primaryimage\",\"url\":\"https:\\\/\\\/www.tablaosflamencos.com\\\/wp-content\\\/uploads\\\/el-cante-en-la-bienal-2026-generaciones-artistas-y-grandes-voces-01.webp\",\"contentUrl\":\"https:\\\/\\\/www.tablaosflamencos.com\\\/wp-content\\\/uploads\\\/el-cante-en-la-bienal-2026-generaciones-artistas-y-grandes-voces-01.webp\",\"width\":1672,\"height\":941,\"caption\":\"El cante en la Bienal 2026: generaciones, artistas y grandes voces\"},{\"@type\":\"BreadcrumbList\",\"@id\":\"https:\\\/\\\/www.tablaosflamencos.com\\\/it\\\/cante-biennale-flamenco-siviglia-2026.html#breadcrumb\",\"itemListElement\":[{\"@type\":\"ListItem\",\"position\":1,\"name\":\"Home\",\"item\":\"https:\\\/\\\/www.tablaosflamencos.com\\\/it\"},{\"@type\":\"ListItem\",\"position\":2,\"name\":\"Il cante alla Biennale 2026: generazioni, artisti e grandi voci\"}]},{\"@type\":\"WebSite\",\"@id\":\"https:\\\/\\\/www.tablaosflamencos.com\\\/it#website\",\"url\":\"https:\\\/\\\/www.tablaosflamencos.com\\\/it\",\"name\":\"Tablaos Flamencos\",\"description\":\"Entradas para tablaos flamencos de Espa\u00f1a\",\"publisher\":{\"@id\":\"https:\\\/\\\/www.tablaosflamencos.com\\\/it#organization\"},\"alternateName\":\"Tablaos Flamencos\",\"potentialAction\":[{\"@type\":\"SearchAction\",\"target\":{\"@type\":\"EntryPoint\",\"urlTemplate\":\"https:\\\/\\\/www.tablaosflamencos.com\\\/it?s={search_term_string}\"},\"query-input\":{\"@type\":\"PropertyValueSpecification\",\"valueRequired\":true,\"valueName\":\"search_term_string\"}}],\"inLanguage\":\"it-IT\"},{\"@type\":[\"Organization\",\"Place\",\"EntertainmentBusiness\"],\"@id\":\"https:\\\/\\\/www.tablaosflamencos.com\\\/it#organization\",\"name\":\"Tablaos Flamencos\",\"alternateName\":\"Tablaos Flamencos\",\"url\":\"https:\\\/\\\/www.tablaosflamencos.com\\\/it\",\"logo\":{\"@id\":\"https:\\\/\\\/www.tablaosflamencos.com\\\/it\\\/cante-biennale-flamenco-siviglia-2026.html#local-main-organization-logo\"},\"image\":{\"@id\":\"https:\\\/\\\/www.tablaosflamencos.com\\\/it\\\/cante-biennale-flamenco-siviglia-2026.html#local-main-organization-logo\"},\"sameAs\":[\"https:\\\/\\\/www.facebook.com\\\/tablaosflamencos\",\"https:\\\/\\\/x.com\\\/tablaosflamenco\",\"https:\\\/\\\/mastodon.social\\\/@tablaosflamencos\",\"https:\\\/\\\/www.instagram.com\\\/tablaosflamencos\",\"https:\\\/\\\/tiktok.com\\\/@tablaosflamencos\",\"https:\\\/\\\/www.linkedin.com\\\/company\\\/109408238\\\/\"],\"description\":\"Venta de entradas para espect\u00e1culos flamencos\",\"legalName\":\"Tablaos Flamencos\",\"foundingDate\":\"2015-01-01\",\"numberOfEmployees\":{\"@type\":\"QuantitativeValue\",\"minValue\":\"1\",\"maxValue\":\"10\"},\"address\":{\"@id\":\"https:\\\/\\\/www.tablaosflamencos.com\\\/it\\\/cante-biennale-flamenco-siviglia-2026.html#local-main-place-address\"},\"geo\":{\"@type\":\"GeoCoordinates\",\"latitude\":\"37.3868072\",\"longitude\":\"-5.993280299999999\"},\"telephone\":[\"+34623787787\"],\"contactPoint\":{\"@type\":\"ContactPoint\",\"telephone\":\"+34623787787\",\"email\":\"info@tablaosflamencos.com\"},\"openingHoursSpecification\":{\"@type\":\"OpeningHoursSpecification\",\"dayOfWeek\":[\"Monday\",\"Tuesday\",\"Wednesday\",\"Thursday\",\"Friday\",\"Saturday\",\"Sunday\"],\"opens\":\"00:00\",\"closes\":\"23:59\"},\"email\":\"info@tablaosflamencos.com\",\"priceRange\":\"$$$\",\"currenciesAccepted\":\"\u20ac\"},{\"@type\":\"Person\",\"@id\":\"https:\\\/\\\/www.tablaosflamencos.com\\\/it#\\\/schema\\\/person\\\/e7a9ebe14eb75a52ceabfbffb3c54f5d\",\"name\":\"Miguel Ortiz\",\"description\":\"Miguel Ortiz es un empresario flamenco, con una s\u00f3lida trayectoria dentro del sector. Ha presidido entidades culturales vinculadas al flamenco y, cuenta con un amplio recorrido profesional en la gesti\u00f3n y promoci\u00f3n de espect\u00e1culos y tablaos flamencos. Su pasi\u00f3n por la historia y el arte flamenco se refleja en cada art\u00edculo, donde combina experiencia, criterio y un profundo respeto por la tradici\u00f3n.\",\"sameAs\":[\"https:\\\/\\\/www.tablaosflamencos.com\",\"https:\\\/\\\/www.instagra.com\\\/miguelortizfe\",\"https:\\\/\\\/www.linkedin.com\\\/in\\\/miguelortizf\\\/\"],\"birthDate\":\"1984-11-22\",\"gender\":\"hombre\",\"knowsLanguage\":[\"espa\u00f1ol\",\"ingl\u00e9s\"],\"jobTitle\":\"Empresario flamenco\"},{\"@type\":\"PostalAddress\",\"@id\":\"https:\\\/\\\/www.tablaosflamencos.com\\\/it\\\/cante-biennale-flamenco-siviglia-2026.html#local-main-place-address\",\"streetAddress\":\"C\\\/ Alemanes, 19\",\"addressLocality\":\"Sevilla\",\"postalCode\":\"41004\",\"addressRegion\":\"Sevilla\",\"addressCountry\":\"ES\"},{\"@type\":\"ImageObject\",\"inLanguage\":\"it-IT\",\"@id\":\"https:\\\/\\\/www.tablaosflamencos.com\\\/it\\\/cante-biennale-flamenco-siviglia-2026.html#local-main-organization-logo\",\"url\":\"https:\\\/\\\/www.tablaosflamencos.com\\\/wp-content\\\/uploads\\\/tablaos-flamencos-06-3.webp\",\"contentUrl\":\"https:\\\/\\\/www.tablaosflamencos.com\\\/wp-content\\\/uploads\\\/tablaos-flamencos-06-3.webp\",\"width\":600,\"height\":620,\"caption\":\"Tablaos Flamencos\"}]}<\/script>\n<meta name=\"geo.placename\" content=\"Sevilla\" \/>\n<meta name=\"geo.position\" content=\"37.3868072;-5.993280299999999\" \/>\n<meta name=\"geo.region\" content=\"Spagna\" \/>\n<!-- \/ Yoast SEO Premium plugin. -->","yoast_head_json":{"title":"Cante alla Biennale di Flamenco 2026: grandi voci","description":"Guida al cante alla Biennale 2026: Jos\u00e9 Merc\u00e9, Carmen Linares, Mayte Mart\u00edn, Israel Fern\u00e1ndez, nuove voci, famiglie e date chiave.","robots":{"index":"index","follow":"follow","max-snippet":"max-snippet:-1","max-image-preview":"max-image-preview:large","max-video-preview":"max-video-preview:-1"},"canonical":"https:\/\/www.tablaosflamencos.com\/it\/cante-biennale-flamenco-siviglia-2026.html","og_locale":"it_IT","og_type":"article","og_title":"Il cante alla Biennale 2026: generazioni, artisti e grandi voci","og_description":"Guida al cante alla Biennale 2026: Jos\u00e9 Merc\u00e9, Carmen Linares, Mayte Mart\u00edn, Israel Fern\u00e1ndez, nuove voci, famiglie e date chiave.","og_url":"https:\/\/www.tablaosflamencos.com\/it\/cante-biennale-flamenco-siviglia-2026.html","og_site_name":"Tablaos Flamencos","article_publisher":"https:\/\/www.facebook.com\/tablaosflamencos","article_published_time":"2026-09-02T23:18:36+00:00","article_modified_time":"2026-09-02T23:40:39+00:00","og_image":[{"width":1672,"height":941,"url":"https:\/\/www.tablaosflamencos.com\/wp-content\/uploads\/el-cante-en-la-bienal-2026-generaciones-artistas-y-grandes-voces-01.webp","type":"image\/webp"}],"author":"Miguel Ortiz","twitter_card":"summary_large_image","twitter_creator":"@tablaosflamenco","twitter_site":"@tablaosflamenco","twitter_misc":{"Scritto da":"Miguel Ortiz","Tempo di lettura stimato":"16 minuti"},"schema":{"@context":"https:\/\/schema.org","@graph":[{"@type":"Article","@id":"https:\/\/www.tablaosflamencos.com\/it\/cante-biennale-flamenco-siviglia-2026.html#article","isPartOf":{"@id":"https:\/\/www.tablaosflamencos.com\/it\/cante-biennale-flamenco-siviglia-2026.html"},"author":{"name":"Miguel Ortiz","@id":"https:\/\/www.tablaosflamencos.com\/it#\/schema\/person\/e7a9ebe14eb75a52ceabfbffb3c54f5d"},"headline":"Il cante alla Biennale 2026: generazioni, artisti e grandi voci","datePublished":"2026-09-02T23:18:36+00:00","dateModified":"2026-09-02T23:40:39+00:00","mainEntityOfPage":{"@id":"https:\/\/www.tablaosflamencos.com\/it\/cante-biennale-flamenco-siviglia-2026.html"},"wordCount":3204,"publisher":{"@id":"https:\/\/www.tablaosflamencos.com\/it#organization"},"image":{"@id":"https:\/\/www.tablaosflamencos.com\/it\/cante-biennale-flamenco-siviglia-2026.html#primaryimage"},"thumbnailUrl":"https:\/\/www.tablaosflamencos.com\/wp-content\/uploads\/el-cante-en-la-bienal-2026-generaciones-artistas-y-grandes-voces-01.webp","keywords":["agenda flamenca","Bienal 2026","Bienal de Flamenco","festivales flamencos","flamenco en Sevilla","sevilla"],"articleSection":["Biennale di Flamenco"],"inLanguage":"it-IT"},{"@type":"WebPage","@id":"https:\/\/www.tablaosflamencos.com\/it\/cante-biennale-flamenco-siviglia-2026.html","url":"https:\/\/www.tablaosflamencos.com\/it\/cante-biennale-flamenco-siviglia-2026.html","name":"Cante alla Biennale di Flamenco 2026: grandi voci","isPartOf":{"@id":"https:\/\/www.tablaosflamencos.com\/it#website"},"primaryImageOfPage":{"@id":"https:\/\/www.tablaosflamencos.com\/it\/cante-biennale-flamenco-siviglia-2026.html#primaryimage"},"image":{"@id":"https:\/\/www.tablaosflamencos.com\/it\/cante-biennale-flamenco-siviglia-2026.html#primaryimage"},"thumbnailUrl":"https:\/\/www.tablaosflamencos.com\/wp-content\/uploads\/el-cante-en-la-bienal-2026-generaciones-artistas-y-grandes-voces-01.webp","datePublished":"2026-09-02T23:18:36+00:00","dateModified":"2026-09-02T23:40:39+00:00","description":"Guida al cante alla Biennale 2026: Jos\u00e9 Merc\u00e9, Carmen Linares, Mayte Mart\u00edn, Israel Fern\u00e1ndez, nuove voci, famiglie e date chiave.","breadcrumb":{"@id":"https:\/\/www.tablaosflamencos.com\/it\/cante-biennale-flamenco-siviglia-2026.html#breadcrumb"},"inLanguage":"it-IT","potentialAction":[{"@type":"ReadAction","target":["https:\/\/www.tablaosflamencos.com\/it\/cante-biennale-flamenco-siviglia-2026.html"]}]},{"@type":"ImageObject","inLanguage":"it-IT","@id":"https:\/\/www.tablaosflamencos.com\/it\/cante-biennale-flamenco-siviglia-2026.html#primaryimage","url":"https:\/\/www.tablaosflamencos.com\/wp-content\/uploads\/el-cante-en-la-bienal-2026-generaciones-artistas-y-grandes-voces-01.webp","contentUrl":"https:\/\/www.tablaosflamencos.com\/wp-content\/uploads\/el-cante-en-la-bienal-2026-generaciones-artistas-y-grandes-voces-01.webp","width":1672,"height":941,"caption":"El cante en la Bienal 2026: generaciones, artistas y grandes voces"},{"@type":"BreadcrumbList","@id":"https:\/\/www.tablaosflamencos.com\/it\/cante-biennale-flamenco-siviglia-2026.html#breadcrumb","itemListElement":[{"@type":"ListItem","position":1,"name":"Home","item":"https:\/\/www.tablaosflamencos.com\/it"},{"@type":"ListItem","position":2,"name":"Il cante alla Biennale 2026: generazioni, artisti e grandi voci"}]},{"@type":"WebSite","@id":"https:\/\/www.tablaosflamencos.com\/it#website","url":"https:\/\/www.tablaosflamencos.com\/it","name":"Tablaos Flamencos","description":"Entradas para tablaos flamencos de Espa\u00f1a","publisher":{"@id":"https:\/\/www.tablaosflamencos.com\/it#organization"},"alternateName":"Tablaos Flamencos","potentialAction":[{"@type":"SearchAction","target":{"@type":"EntryPoint","urlTemplate":"https:\/\/www.tablaosflamencos.com\/it?s={search_term_string}"},"query-input":{"@type":"PropertyValueSpecification","valueRequired":true,"valueName":"search_term_string"}}],"inLanguage":"it-IT"},{"@type":["Organization","Place","EntertainmentBusiness"],"@id":"https:\/\/www.tablaosflamencos.com\/it#organization","name":"Tablaos Flamencos","alternateName":"Tablaos Flamencos","url":"https:\/\/www.tablaosflamencos.com\/it","logo":{"@id":"https:\/\/www.tablaosflamencos.com\/it\/cante-biennale-flamenco-siviglia-2026.html#local-main-organization-logo"},"image":{"@id":"https:\/\/www.tablaosflamencos.com\/it\/cante-biennale-flamenco-siviglia-2026.html#local-main-organization-logo"},"sameAs":["https:\/\/www.facebook.com\/tablaosflamencos","https:\/\/x.com\/tablaosflamenco","https:\/\/mastodon.social\/@tablaosflamencos","https:\/\/www.instagram.com\/tablaosflamencos","https:\/\/tiktok.com\/@tablaosflamencos","https:\/\/www.linkedin.com\/company\/109408238\/"],"description":"Venta de entradas para espect\u00e1culos flamencos","legalName":"Tablaos Flamencos","foundingDate":"2015-01-01","numberOfEmployees":{"@type":"QuantitativeValue","minValue":"1","maxValue":"10"},"address":{"@id":"https:\/\/www.tablaosflamencos.com\/it\/cante-biennale-flamenco-siviglia-2026.html#local-main-place-address"},"geo":{"@type":"GeoCoordinates","latitude":"37.3868072","longitude":"-5.993280299999999"},"telephone":["+34623787787"],"contactPoint":{"@type":"ContactPoint","telephone":"+34623787787","email":"info@tablaosflamencos.com"},"openingHoursSpecification":{"@type":"OpeningHoursSpecification","dayOfWeek":["Monday","Tuesday","Wednesday","Thursday","Friday","Saturday","Sunday"],"opens":"00:00","closes":"23:59"},"email":"info@tablaosflamencos.com","priceRange":"$$$","currenciesAccepted":"\u20ac"},{"@type":"Person","@id":"https:\/\/www.tablaosflamencos.com\/it#\/schema\/person\/e7a9ebe14eb75a52ceabfbffb3c54f5d","name":"Miguel Ortiz","description":"Miguel Ortiz es un empresario flamenco, con una s\u00f3lida trayectoria dentro del sector. Ha presidido entidades culturales vinculadas al flamenco y, cuenta con un amplio recorrido profesional en la gesti\u00f3n y promoci\u00f3n de espect\u00e1culos y tablaos flamencos. Su pasi\u00f3n por la historia y el arte flamenco se refleja en cada art\u00edculo, donde combina experiencia, criterio y un profundo respeto por la tradici\u00f3n.","sameAs":["https:\/\/www.tablaosflamencos.com","https:\/\/www.instagra.com\/miguelortizfe","https:\/\/www.linkedin.com\/in\/miguelortizf\/"],"birthDate":"1984-11-22","gender":"hombre","knowsLanguage":["espa\u00f1ol","ingl\u00e9s"],"jobTitle":"Empresario flamenco"},{"@type":"PostalAddress","@id":"https:\/\/www.tablaosflamencos.com\/it\/cante-biennale-flamenco-siviglia-2026.html#local-main-place-address","streetAddress":"C\/ Alemanes, 19","addressLocality":"Sevilla","postalCode":"41004","addressRegion":"Sevilla","addressCountry":"ES"},{"@type":"ImageObject","inLanguage":"it-IT","@id":"https:\/\/www.tablaosflamencos.com\/it\/cante-biennale-flamenco-siviglia-2026.html#local-main-organization-logo","url":"https:\/\/www.tablaosflamencos.com\/wp-content\/uploads\/tablaos-flamencos-06-3.webp","contentUrl":"https:\/\/www.tablaosflamencos.com\/wp-content\/uploads\/tablaos-flamencos-06-3.webp","width":600,"height":620,"caption":"Tablaos Flamencos"}]},"geo.placename":"Sevilla","geo.position":{"lat":"37.3868072","long":"-5.993280299999999"},"geo.region":"Spagna"},"_links":{"self":[{"href":"https:\/\/www.tablaosflamencos.com\/it\/wp-json\/wp\/v2\/posts\/14179","targetHints":{"allow":["GET"]}}],"collection":[{"href":"https:\/\/www.tablaosflamencos.com\/it\/wp-json\/wp\/v2\/posts"}],"about":[{"href":"https:\/\/www.tablaosflamencos.com\/it\/wp-json\/wp\/v2\/types\/post"}],"author":[{"embeddable":true,"href":"https:\/\/www.tablaosflamencos.com\/it\/wp-json\/wp\/v2\/users\/1"}],"replies":[{"embeddable":true,"href":"https:\/\/www.tablaosflamencos.com\/it\/wp-json\/wp\/v2\/comments?post=14179"}],"version-history":[{"count":2,"href":"https:\/\/www.tablaosflamencos.com\/it\/wp-json\/wp\/v2\/posts\/14179\/revisions"}],"predecessor-version":[{"id":14210,"href":"https:\/\/www.tablaosflamencos.com\/it\/wp-json\/wp\/v2\/posts\/14179\/revisions\/14210"}],"wp:featuredmedia":[{"embeddable":true,"href":"https:\/\/www.tablaosflamencos.com\/it\/wp-json\/wp\/v2\/media\/14112"}],"wp:attachment":[{"href":"https:\/\/www.tablaosflamencos.com\/it\/wp-json\/wp\/v2\/media?parent=14179"}],"wp:term":[{"taxonomy":"category","embeddable":true,"href":"https:\/\/www.tablaosflamencos.com\/it\/wp-json\/wp\/v2\/categories?post=14179"},{"taxonomy":"post_tag","embeddable":true,"href":"https:\/\/www.tablaosflamencos.com\/it\/wp-json\/wp\/v2\/tags?post=14179"}],"curies":[{"name":"wp","href":"https:\/\/api.w.org\/{rel}","templated":true}]}}