{"id":14178,"date":"2026-09-03T01:21:11","date_gmt":"2026-09-02T23:21:11","guid":{"rendered":"https:\/\/www.tablaosflamencos.com\/?p=14178"},"modified":"2026-09-03T01:38:54","modified_gmt":"2026-09-02T23:38:54","slug":"hotel-triana-biennale-flamenco-siviglia-2026","status":"publish","type":"post","link":"https:\/\/www.tablaosflamencos.com\/it\/hotel-triana-biennale-flamenco-siviglia-2026.html","title":{"rendered":"La Biennale torna all\u2019Hotel Triana: tre notti di flamenco in un antico corral de vecinos"},"content":{"rendered":"<section class=\"l-section wpb_row height_huge\"><div class=\"l-section-h i-cf\"><div class=\"g-cols vc_row via_flex valign_middle type_default stacking_default\"><div class=\"vc_col-sm-6 wpb_column vc_column_container\"><div class=\"vc_column-inner\"><div class=\"wpb_wrapper\"><div class=\"wpb_text_column\"><div class=\"wpb_wrapper\"><p>La <a href=\"https:\/\/www.tablaosflamencos.com\/bienal-flamenco-sevilla-2026.html\"><strong>Biennale di Flamenco di Siviglia 2026<\/strong><\/a> riporta in programma uno degli spazi pi\u00f9 legati alla sua memoria recente. Dopo quattro anni di assenza, l\u2019Hotel Triana riaprir\u00e0 il suo cortile al flamenco per tre appuntamenti consecutivi a tarda sera, il <strong>17, 18 e 19 settembre 2026<\/strong>, sempre alle <strong>23:00<\/strong>.<\/p>\n<p>Non \u00e8 un teatro convenzionale n\u00e9 un albergo in attivit\u00e0. \u00c8 un antico edificio costruito per l\u2019Esposizione Iberoamericana del 1929 e successivamente trasformato in un corral de vecinos, una casa collettiva organizzata attorno a un cortile. Le gallerie, la pianta a U e la vicinanza tra artisti e pubblico rendono ogni spettacolo un\u2019esperienza difficile da riprodurre in un altro spazio della Biennale.<\/p>\n<\/div><\/div><\/div><\/div><\/div><div class=\"vc_col-sm-6 wpb_column vc_column_container\"><div class=\"vc_column-inner\"><div class=\"wpb_wrapper\"><div class=\"w-image us_custom_83db15f5 has_aspect_ratio align_center\"><div class=\"w-image-h\"><img fetchpriority=\"high\" decoding=\"async\" width=\"1024\" height=\"683\" src=\"https:\/\/www.tablaosflamencos.com\/wp-content\/uploads\/hotel-triana-bienal-flamenco-sevilla-2026-patio-1024x683.webp\" class=\"attachment-large size-large\" alt=\"La Bienal vuelve al Hotel Triana: tres noches de flamenco en un antiguo corral de vecinos\" loading=\"eager\" srcset=\"https:\/\/www.tablaosflamencos.com\/wp-content\/uploads\/hotel-triana-bienal-flamenco-sevilla-2026-patio-1024x683.webp 1024w, https:\/\/www.tablaosflamencos.com\/wp-content\/uploads\/hotel-triana-bienal-flamenco-sevilla-2026-patio-300x200.webp 300w, https:\/\/www.tablaosflamencos.com\/wp-content\/uploads\/hotel-triana-bienal-flamenco-sevilla-2026-patio-600x400.webp 600w, https:\/\/www.tablaosflamencos.com\/wp-content\/uploads\/hotel-triana-bienal-flamenco-sevilla-2026-patio-150x100.webp 150w, https:\/\/www.tablaosflamencos.com\/wp-content\/uploads\/hotel-triana-bienal-flamenco-sevilla-2026-patio.webp 1536w\" sizes=\"auto, (max-width: 1024px) 100vw, 1024px\" \/><\/div><\/div><\/div><\/div><\/div><\/div><\/div><\/section><section class=\"l-section wpb_row height_huge color_alternate with_shape\"><div class=\"l-section-shape type_zigzag pos_top hor_flip\" style=\"height:3vmin;\"><svg xmlns=\"http:\/\/www.w3.org\/2000\/svg\" viewBox=\"0 0 64 8\" preserveAspectRatio=\"none\" width=\"100%\" height=\"100%\">\r\n\t<path fill=\"currentColor\" d=\"M64 8 L0 8 L0 0 L20 7.9 L40 3 L48 5 L64 0 Z\"\/>\r\n<\/svg><\/div><div class=\"l-section-shape type_zigzag pos_bottom\" style=\"height:3vmin;\"><svg xmlns=\"http:\/\/www.w3.org\/2000\/svg\" viewBox=\"0 0 64 8\" preserveAspectRatio=\"none\" width=\"100%\" height=\"100%\">\r\n\t<path fill=\"currentColor\" d=\"M64 8 L0 8 L0 0 L20 7.9 L40 3 L48 5 L64 0 Z\"\/>\r\n<\/svg><\/div><div class=\"l-section-h i-cf\"><div class=\"g-cols vc_row via_flex valign_top type_default stacking_default\"><div class=\"vc_col-sm-12 wpb_column vc_column_container\"><div class=\"vc_column-inner\"><div class=\"wpb_wrapper\"><div class=\"wpb_text_column\"><div class=\"wpb_wrapper\"><blockquote>\n<p><strong>Risposta rapida:<\/strong> l\u2019Hotel Triana ospiter\u00e0 tre Notti Uniche della Biennale 2026: <em>Mujeres gitanas<\/em>, il 17 settembre; <em>Uvitas negras<\/em>, il 18; e <em>Andaluc\u00eda en el tiempo<\/em>, il 19. Le tre serate inizieranno alle 23:00 e saranno dedicate, rispettivamente, alle donne gitane, al flamenco di Los Palacios e alla memoria dei cantes delle otto province andaluse.<\/p>\n<\/blockquote>\n<\/div><\/div><\/div><\/div><\/div><\/div><\/div><\/section><section class=\"l-section wpb_row height_huge\"><div class=\"l-section-h i-cf\"><div class=\"g-cols vc_row via_flex valign_top type_default stacking_default\"><div class=\"vc_col-sm-12 wpb_column vc_column_container\"><div class=\"vc_column-inner\"><div class=\"wpb_wrapper\"><div class=\"wpb_text_column\"><div class=\"wpb_wrapper\"><h2>Programma dell\u2019Hotel Triana alla Biennale 2026<\/h2>\n<div style=\"overflow-x: auto;\">\n<table>\n<thead>\n<tr>\n<th>Data<\/th>\n<th>Ora<\/th>\n<th>Spettacolo<\/th>\n<th>Protagonisti<\/th>\n<\/tr>\n<\/thead>\n<tbody>\n<tr>\n<td>17 settembre<\/td>\n<td>23:00<\/td>\n<td><strong>Mujeres gitanas<\/strong><\/td>\n<td>Remedios Amaya, Montse Cort\u00e9s, La Fabi e Josemi Carmona<\/td>\n<\/tr>\n<tr>\n<td>18 settembre<\/td>\n<td>23:00<\/td>\n<td><strong>Uvitas negras<\/strong><\/td>\n<td>75\u00ba anniversario della Pe\u00f1a El Pozo de las Penas di Los Palacios<\/td>\n<\/tr>\n<tr>\n<td>19 settembre<\/td>\n<td>23:00<\/td>\n<td><strong>Andaluc\u00eda en el tiempo<\/strong><\/td>\n<td>Artisti delle otto province andaluse sotto la direzione di Manuel Curao<\/td>\n<\/tr>\n<\/tbody>\n<\/table>\n<\/div>\n<p>&nbsp;<\/p>\n<p>Le tre proposte sono classificate come <strong>Notti Uniche<\/strong>: incontri creati appositamente per questa edizione e difficili da rivedere con lo stesso cast e nello stesso contesto. Puoi scoprire il loro rapporto con il resto del ciclo nella nostra guida alle <a href=\"https:\/\/www.tablaosflamencos.com\/noches-unicas-bienal-flamenco-sevilla-2026.html\"><strong>Notti Uniche della Biennale 2026<\/strong><\/a>.<\/p>\n<\/div><\/div><div class=\"w-separator size_medium\"><\/div><div class=\"w-hwrapper valign_top wrap align_center\" style=\"--hwrapper-gap:1.2rem\"><div class=\"w-btn-wrapper align_none\"><a class=\"w-btn us-btn-style_1\" href=\"https:\/\/www.tablaosflamencos.com\/bienal-flamenco-sevilla-2026.html\"><span class=\"w-btn-label\">Guida completa alla Biennale 2026<\/span><\/a><\/div><div class=\"w-btn-wrapper align_none\"><a class=\"w-btn us-btn-style_11\" href=\"https:\/\/www.tablaosflamencos.com\/noches-unicas-bienal-flamenco-sevilla-2026.html\"><span class=\"w-btn-label\">Calendario delle Notti Uniche<\/span><\/a><\/div><\/div><\/div><\/div><\/div><\/div><\/div><\/section><section class=\"l-section wpb_row height_huge color_alternate with_shape\"><div class=\"l-section-shape type_zigzag pos_top hor_flip\" style=\"height:3vmin;\"><svg xmlns=\"http:\/\/www.w3.org\/2000\/svg\" viewBox=\"0 0 64 8\" preserveAspectRatio=\"none\" width=\"100%\" height=\"100%\">\r\n\t<path fill=\"currentColor\" d=\"M64 8 L0 8 L0 0 L20 7.9 L40 3 L48 5 L64 0 Z\"\/>\r\n<\/svg><\/div><div class=\"l-section-shape type_tilt pos_bottom\" style=\"height:3vmin;\"><svg xmlns=\"http:\/\/www.w3.org\/2000\/svg\" viewBox=\"0 0 64 8\" preserveAspectRatio=\"none\" width=\"100%\" height=\"100%\">\r\n\t<path fill=\"currentColor\" d=\"M64 7.9 L64 10 L0 10 L0 0 Z\"\/>\r\n<\/svg><\/div><div class=\"l-section-h i-cf\"><div class=\"g-cols vc_row via_flex valign_top type_default stacking_default\"><div class=\"vc_col-sm-6 wpb_column vc_column_container\"><div class=\"vc_column-inner\"><div class=\"wpb_wrapper\"><div class=\"wpb_text_column\"><div class=\"wpb_wrapper\"><h2>Perch\u00e9 il ritorno dell\u2019Hotel Triana \u00e8 una delle grandi notizie della Biennale<\/h2>\n<p>L\u2019Hotel Triana non torna nel programma soltanto come spazio pittoresco. Storicamente la Biennale ha utilizzato questo cortile per recuperare un modo di vivere il flamenco legato ai quartieri, alle famiglie, alle pe\u00f1as e agli incontri che si protraggono fino a tarda notte. L\u2019ultima edizione ad aver incluso questo luogo \u00e8 stata quella del 2022; il ritorno nel 2026 avviene quindi <strong>quattro anni dopo<\/strong>.<\/p>\n<p>Il direttore della Biennale, Luis Ybarra, ha concepito queste serate come una festa dell\u2019autenticit\u00e0, un punto d\u2019incontro per il flamenco a tarda notte e un esercizio di memoria. L\u2019idea attraversa l\u2019intero programma: prima tre donne gitane con percorsi molto diversi; poi tre generazioni del flamenco di Los Palacios; infine interpreti che conservano stili e repertori associati a diversi territori dell\u2019Andalusia.<\/p>\n<p>Il ritorno dell\u2019Hotel Triana dialoga inoltre con un altro importante recupero del 2026: la riapertura del Teatro Lope de Vega. I due spazi svolgono per\u00f2 funzioni opposte e complementari. Il Lope offre la solennit\u00e0 di un teatro storico; l\u2019Hotel Triana restituisce al festival l\u2019atmosfera intima di un cortile abitato, con il pubblico tutt\u2019intorno e l\u2019architettura popolare come parte della scena.<\/p>\n<p>In un\u2019edizione ricca di grandi produzioni, prime e spettacoli di ricerca, queste tre notti puntano sulla trasmissione orale, sul cante, sul territorio e sulla memoria. \u00c8 qui che risiede la loro unicit\u00e0.<\/p>\n<\/div><\/div><\/div><\/div><\/div><div class=\"vc_col-sm-6 wpb_column vc_column_container\"><div class=\"vc_column-inner\"><div class=\"wpb_wrapper\"><div class=\"wpb_text_column\"><div class=\"wpb_wrapper\"><h2>Un antico hotel del 1929 trasformato in corral de vecinos<\/h2>\n<p>L\u2019edificio si trova in <strong>calle Clara de Jes\u00fas Montero 28<\/strong>, tra questa strada e calle Manuel Arellano. Fu costruito tra il 1927 e il 1929 per ospitare i visitatori dell\u2019Esposizione Iberoamericana, ma alla fine non funzion\u00f2 mai come l\u2019albergo per cui era stato progettato. Con il tempo divenne una casa collettiva ed entr\u00f2 a far parte della tradizione dei corrales de vecinos di Triana.<\/p>\n<p>Dispone di tre piani, gallerie interne e una struttura a U attorno al cortile. Negli anni Ottanta fu restaurato con l\u2019intento di mantenervi le famiglie tradizionali del quartiere. L\u2019immobile appartiene al Comune di Siviglia e conserva la sua funzione residenziale, un aspetto importante da ricordare: <strong>l\u2019Hotel Triana non \u00e8 un alloggio turistico n\u00e9 uno spazio culturale aperto in modo permanente<\/strong>.<\/p>\n<p>Proprio per questo, gli spettacoli nel suo cortile hanno un carattere eccezionale. L\u2019architettura non \u00e8 una scenografia costruita per evocare la vita di vicinato: \u00e8 quella autentica del corral, con balconi, ballatoi e proporzioni domestiche. Il pubblico non si limita ad ascoltare il cante: per alcune ore entra in uno spazio che conserva parte della storia sociale di Triana.<\/p>\n<p>Se vuoi scoprire altri luoghi singolari di questa edizione, abbiamo raccolto una selezione degli <a href=\"https:\/\/www.tablaosflamencos.com\/espacios-espectaculares-bienal-flamenco-sevilla-2026.html\"><strong>spazi pi\u00f9 spettacolari della Biennale di Flamenco di Siviglia 2026<\/strong><\/a>.<\/p>\n<\/div><\/div><\/div><\/div><\/div><\/div><\/div><\/section><section class=\"l-section wpb_row height_huge\"><div class=\"l-section-h i-cf\"><div class=\"g-cols vc_row via_flex valign_top type_default stacking_default\"><div class=\"vc_col-sm-12 wpb_column vc_column_container\"><div class=\"vc_column-inner\"><div class=\"wpb_wrapper\"><div class=\"wpb_text_column\"><div class=\"wpb_wrapper\"><h2>17 settembre: Mujeres gitanas<\/h2>\n<p>La prima serata riunir\u00e0 <strong>Remedios Amaya, Montse Cort\u00e9s e La Fabi<\/strong>, accompagnate alla chitarra da <strong>Josemi Carmona<\/strong>. L\u2019incontro nasce da un\u2019idea associata al musical flamenco <em>La verdad duele<\/em> e cerca di recuperare un\u2019espressione diretta, organica e priva di elementi superflui, con la donna gitana al centro del racconto.<\/p>\n<p>Le tre cantaoras rappresentano esperienze molto diverse. Remedios Amaya mantiene un forte legame con Triana e occupa un posto speciale tra le grandi voci flamencas degli ultimi decenni. Il suo cante pu\u00f2 passare dalla profondit\u00e0 a un\u2019energia ritmica riconoscibile fin dalle prime battute.<\/p>\n<p>Montse Cort\u00e9s porta una profondit\u00e0 interpretativa maturata accanto a figure come Paco de Luc\u00eda, Sara Baras e Farruquito. La Fabi, dal canto suo, vanta una lunga esperienza nel cante per il baile e una padronanza del comp\u00e1s che l\u2019ha resa una delle voci pi\u00f9 richieste dai grandi ballerini e dalle compagnie.<\/p>\n<p>Josemi Carmona creer\u00e0 il ponte musicale tra tradizione e contemporaneit\u00e0. La scheda ufficiale include anche Jos\u00e9 Serrano, Israel Guti\u00e9rrez \u00abPira\u00f1a\u00bb, \u00c1lvaro Llanos e Los Cherokee. Pi\u00f9 che una successione di recital individuali, la serata \u00e8 concepita come un incontro tra voci, memoria familiare e diversi modi di intendere il cante.<\/p>\n<p>L\u2019idea si adatta particolarmente bene all\u2019Hotel Triana. Parlare di trasmissione orale e di flamenco appreso nella convivenza assume un altro significato nel cortile di un\u2019antica casa collettiva.<\/p>\n<h2>18 settembre: Uvitas negras e il flamenco di Los Palacios<\/h2>\n<p>La seconda serata celebrer\u00e0 il <strong>75\u00ba anniversario della Pe\u00f1a Flamenca El Pozo de las Penas<\/strong>, un\u2019istituzione fondamentale nella vita culturale di Los Palacios y Villafranca. Sar\u00e0 la prima volta che questa localit\u00e0 parteciper\u00e0 alla Biennale come territorio ospite.<\/p>\n<p>Il titolo <em>Uvitas negras<\/em> rimanda al celebre richiamo che Manolo Caracol dedic\u00f2 all\u2019uva di Los Palacios. A partire da questo riferimento, lo spettacolo evoca gli incontri flamencos della pe\u00f1a e riunisce diverse generazioni di artisti legati al comune.<\/p>\n<p>Il cast comprende <strong>Itoly de Los Palacios, Juan \u00abEl Distinguido\u00bb, Nene Escalera, Manuel Orta, Miguel Ortega, Jos\u00e9 \u00c1ngel Carmona, Anabel de Vico e Juanelo<\/strong>. La serata vivr\u00e0 inoltre uno dei momenti pi\u00f9 attesi con il ritorno di <strong>Juan Manuel \u00abEl Mistela\u00bb<\/strong> sui palcoscenici sivigliani come ballerino.<\/p>\n<p>Alla chitarra ci saranno Ni\u00f1o Fraile e, come ospiti, Salvador Guti\u00e9rrez e Juan Requena. La direzione artistica \u00e8 affidata a <strong>Manuel Curao<\/strong>. L\u2019obiettivo non \u00e8 presentare un\u2019immagine immobile del passato, ma mostrare la continuit\u00e0 tra artisti storici, interpreti nel pieno della maturit\u00e0 e nomi delle generazioni pi\u00f9 giovani.<\/p>\n<p>Los Palacios possiede una propria identit\u00e0 flamenca e una rete di pe\u00f1as di enorme importanza. <em>Uvitas negras<\/em> permetter\u00e0 di ascoltare come questa identit\u00e0 sia stata trasmessa, trasformata e mantenuta viva per sette decenni e mezzo.<\/p>\n<h2>19 settembre: Andaluc\u00eda en el tiempo<\/h2>\n<p>L\u2019ultima serata allargher\u00e0 lo sguardo da un singolo comune all\u2019intera Andalusia. <em>Andaluc\u00eda en el tiempo<\/em> riunir\u00e0 cantaores e cantaoras associati alle diverse province, molti dei quali oggi lontani dai circuiti abituali o ritirati dalle scene.<\/p>\n<p>Il cast annunciato comprende <strong>El Pecas<\/strong>, di Huelva; <strong>Diego \u00abEl Boquer\u00f3n\u00bb<\/strong>, di Siviglia; <strong>Carmen de la Jara<\/strong>, di Cadice; <strong>Curro Lucena<\/strong>, di Cordova; <strong>Joselete de Linares<\/strong>, di Ja\u00e9n; <strong>Jaime \u00abEl Parr\u00f3n\u00bb<\/strong>, di Granada; <strong>Paqui Corpas<\/strong>, di Malaga; e <strong>Jos\u00e9 Sorroche<\/strong>, di Almer\u00eda. Si aggiunger\u00e0 anche <strong>Romerito de Jerez<\/strong>, una presenza particolarmente preziosa per et\u00e0, memoria e carriera.<\/p>\n<p>Le chitarre di <strong>Antonio Carri\u00f3n ed Eduardo Rebollar<\/strong> accompagneranno un percorso tra sole\u00e1s, seguiriyas, tangos, fandangos, malague\u00f1as, abandolaos, cantes mineros, canti\u00f1as e buler\u00edas. Manuel Curao torna ad assumere la direzione artistica.<\/p>\n<p>Non si tratta di costruire un catalogo rigido in cui ogni provincia venga ridotta a un solo palo. L\u2019intento \u00e8 mostrare la diversit\u00e0 di accenti, scuole, varianti locali e modi di esprimersi che compongono la geografia flamenca andalusa. Riunire questi artisti nello stesso cortile rende la serata un\u2019occasione rara per ascoltare repertori e voci che difficilmente coincidono nei festival attuali.<\/p>\n<\/div><\/div><\/div><\/div><\/div><\/div><\/div><\/section><section class=\"l-section wpb_row height_huge color_alternate with_shape\"><div class=\"l-section-shape type_zigzag pos_top\" style=\"height:3vmin;\"><svg xmlns=\"http:\/\/www.w3.org\/2000\/svg\" viewBox=\"0 0 64 8\" preserveAspectRatio=\"none\" width=\"100%\" height=\"100%\">\r\n\t<path fill=\"currentColor\" d=\"M64 8 L0 8 L0 0 L20 7.9 L40 3 L48 5 L64 0 Z\"\/>\r\n<\/svg><\/div><div class=\"l-section-shape type_zigzag pos_bottom\" style=\"height:3vmin;\"><svg xmlns=\"http:\/\/www.w3.org\/2000\/svg\" viewBox=\"0 0 64 8\" preserveAspectRatio=\"none\" width=\"100%\" height=\"100%\">\r\n\t<path fill=\"currentColor\" d=\"M64 8 L0 8 L0 0 L20 7.9 L40 3 L48 5 L64 0 Z\"\/>\r\n<\/svg><\/div><div class=\"l-section-h i-cf\"><div class=\"g-cols vc_row via_flex valign_top type_default stacking_default\"><div class=\"vc_col-sm-12 wpb_column vc_column_container\"><div class=\"vc_column-inner\"><div class=\"wpb_wrapper\"><div class=\"wpb_text_column\"><div class=\"wpb_wrapper\"><h2>Come sar\u00e0 l\u2019esperienza degli spettacoli a tarda notte<\/h2>\n<p>I tre spettacoli inizieranno alle <strong>23:00<\/strong>. L\u2019orario non \u00e8 casuale: l\u2019Hotel Triana chiuder\u00e0 le giornate del 17, 18 e 19 con un\u2019atmosfera diversa da quella degli spettacoli di prima serata. Il concetto di spettacolo notturno invita a prolungare la conversazione flamenca della giornata e a concluderla in uno spazio dove la vicinanza conta pi\u00f9 della grande produzione scenica.<\/p>\n<p>Il cortile e le gallerie favoriscono un rapporto diretto con il suono. Per la sua scala umana, l\u2019esperienza pu\u00f2 ricordare una riunione o un\u2019antica convivencia flamenca, pur restando uno spettacolo programmato e organizzato nell\u2019ambito della Biennale.<\/p>\n<p>\u00c8 inoltre possibile combinare alcune serate con altri spettacoli. Il 17 settembre Arc\u00e1ngel si esibir\u00e0 alle 20:00 al Lope de Vega prima di <em>Mujeres gitanas<\/em>. Il 18 Antonio Reyes presenter\u00e0 <em>Seis cuerdas, seis<\/em> alle 20:00, sempre al Lope, prima di <em>Uvitas negras<\/em>. Il 19 Ca\u00f1izares e la Real Orquesta Sinf\u00f3nica de Sevilla inizieranno alle 20:00 al Teatro de la Maestranza, tre ore prima di <em>Andaluc\u00eda en el tiempo<\/em>.<\/p>\n<p>Queste combinazioni richiedono di prevedere gli spostamenti e i tempi di uscita da ogni sede. \u00c8 meglio non programmare attivit\u00e0 troppo ravvicinate n\u00e9 dare per scontato che tutti gli spettacoli finiscano a un\u2019ora esatta.<\/p>\n<h2>Informazioni pratiche: ubicazione, biglietti e consigli<\/h2>\n<ul>\n<li><strong>Luogo:<\/strong> Hotel Triana, calle Clara de Jes\u00fas Montero 28, Siviglia.<\/li>\n<li><strong>Date:<\/strong> 17, 18 e 19 settembre 2026.<\/li>\n<li><strong>Ora:<\/strong> 23:00 in tutte e tre le serate.<\/li>\n<li><strong>Tipo di programmazione:<\/strong> Notti Uniche della XXIV Biennale di Flamenco.<\/li>\n<li><strong>Biglietti:<\/strong> vendita e disponibilit\u00e0 attraverso i canali ufficiali della Biennale.<\/li>\n<\/ul>\n<p>Trattandosi di tre cast irripetibili e di uno spazio molto particolare, \u00e8 consigliabile verificare la disponibilit\u00e0 in anticipo. La nostra guida a <a href=\"https:\/\/www.tablaosflamencos.com\/bienal-flamenco-2026-entradas-precios-descuentos.html\"><strong>biglietti, prezzi e sconti della Biennale 2026<\/strong><\/a> spiega i canali di acquisto, le riduzioni annunciate e i consigli per evitare la rivendita o i link non ufficiali.<\/p>\n<p>\u00c8 opportuno arrivare con anticipo, verificare le condizioni di accesso riportate sul biglietto e consultare l\u2019organizzazione se servono informazioni specifiche sulla mobilit\u00e0 o sull\u2019accessibilit\u00e0. Poich\u00e9 si tratta di un edificio residenziale aperto eccezionalmente per un evento culturale, bisogna rispettare in ogni momento le indicazioni del personale e la vita quotidiana degli abitanti.<\/p>\n<p>Il programma e la disponibilit\u00e0 possono cambiare. Prima di recarti sul posto, consulta sempre la <a href=\"https:\/\/www.labienal.com\/programa-general\/hotel-triana\" target=\"_blank\" rel=\"noopener\"><strong>pagina ufficiale dell\u2019Hotel Triana sul sito della Biennale<\/strong><\/a>.<\/p>\n<\/div><\/div><div class=\"w-separator size_medium\"><\/div><div class=\"w-hwrapper valign_top wrap align_center\" style=\"--hwrapper-gap:1.2rem\"><div class=\"w-btn-wrapper align_none\"><a class=\"w-btn us-btn-style_1\" href=\"https:\/\/www.tablaosflamencos.com\/bienal-flamenco-2026-entradas-precios-descuentos.html\"><span class=\"w-btn-label\">Biglietti, prezzi e sconti<\/span><\/a><\/div><div class=\"w-btn-wrapper align_none\"><a class=\"w-btn us-btn-style_11\" href=\"https:\/\/www.labienal.com\/programa-general\/hotel-triana\"><span class=\"w-btn-label\">Programma ufficiale dell\u2019Hotel Triana<\/span><\/a><\/div><\/div><\/div><\/div><\/div><\/div><\/div><\/section><section class=\"l-section wpb_row height_huge\"><div class=\"l-section-h i-cf\"><div class=\"g-cols vc_row via_flex valign_top type_default stacking_default\"><div class=\"vc_col-sm-1\/5 wpb_column vc_column_container\"><div class=\"vc_column-inner\"><div class=\"wpb_wrapper\"><\/div><\/div><\/div><div class=\"vc_col-sm-3\/5 wpb_column vc_column_container\"><div class=\"vc_column-inner\"><div class=\"wpb_wrapper\"><div class=\"wpb_text_column\"><div class=\"wpb_wrapper\"><h2>Domande frequenti sull\u2019Hotel Triana alla Biennale 2026<\/h2>\n<\/div><\/div><div class=\"w-separator size_medium\"><\/div><div class=\"w-tabs accordion toggle_style_1 has_scrolling\" style=\"--sections-title-size:inherit;--sections-gap:0.5rem;\"><div class=\"w-tabs-sections titles-align_none icon_chevron cpos_right\"><div class=\"w-tabs-section\" id=\"rad0\" itemscope itemprop=\"mainEntity\" itemtype=\"https:\/\/schema.org\/Question\"><button type=\"button\" class=\"w-tabs-section-header\" aria-controls=\"content-rad0\" aria-expanded=\"false\"><div class=\"w-tabs-section-title\" itemprop=\"name\">In quali giorni ci sar\u00e0 flamenco all\u2019Hotel Triana durante la Biennale 2026?<\/div><div class=\"w-tabs-section-control\"><\/div><\/button><div  class=\"w-tabs-section-content\" id=\"content-rad0\" itemscope itemprop=\"acceptedAnswer\" itemtype=\"https:\/\/schema.org\/Answer\"><div class=\"w-tabs-section-content-h i-cf\" itemprop=\"text\"><div class=\"wpb_text_column\"><div class=\"wpb_wrapper\"><p>L\u2019Hotel Triana ospiter\u00e0 spettacoli il 17, 18 e 19 settembre 2026. Tutti e tre inizieranno alle 23:00.<\/p>\n<\/div><\/div><\/div><\/div><\/div><div class=\"w-tabs-section\" id=\"cbf8\" itemscope itemprop=\"mainEntity\" itemtype=\"https:\/\/schema.org\/Question\"><button type=\"button\" class=\"w-tabs-section-header\" aria-controls=\"content-cbf8\" aria-expanded=\"false\"><div class=\"w-tabs-section-title\" itemprop=\"name\">Quali spettacoli si terranno all\u2019Hotel Triana?<\/div><div class=\"w-tabs-section-control\"><\/div><\/button><div  class=\"w-tabs-section-content\" id=\"content-cbf8\" itemscope itemprop=\"acceptedAnswer\" itemtype=\"https:\/\/schema.org\/Answer\"><div class=\"w-tabs-section-content-h i-cf\" itemprop=\"text\"><div class=\"wpb_text_column\"><div class=\"wpb_wrapper\"><p>Il 17 settembre sar\u00e0 presentato <em>Mujeres gitanas<\/em>; il 18, <em>Uvitas negras<\/em>; e il 19, <em>Andaluc\u00eda en el tiempo<\/em>. Le tre proposte sono Notti Uniche create per la Biennale.<\/p>\n<\/div><\/div><\/div><\/div><\/div><div class=\"w-tabs-section\" id=\"qd1a\" itemscope itemprop=\"mainEntity\" itemtype=\"https:\/\/schema.org\/Question\"><button type=\"button\" class=\"w-tabs-section-header\" aria-controls=\"content-qd1a\" aria-expanded=\"false\"><div class=\"w-tabs-section-title\" itemprop=\"name\">L\u2019Hotel Triana \u00e8 un albergo in cui si pu\u00f2 prenotare una camera?<\/div><div class=\"w-tabs-section-control\"><\/div><\/button><div  class=\"w-tabs-section-content\" id=\"content-qd1a\" itemscope itemprop=\"acceptedAnswer\" itemtype=\"https:\/\/schema.org\/Answer\"><div class=\"w-tabs-section-content-h i-cf\" itemprop=\"text\"><div class=\"wpb_text_column\"><div class=\"wpb_wrapper\"><p>No. Anche se fu costruito con l\u2019intenzione di funzionare come albergo durante l\u2019Esposizione Iberoamericana del 1929, venne infine trasformato in corral de vecinos. Oggi \u00e8 un edificio residenziale di propriet\u00e0 comunale e apre il cortile solo per determinate attivit\u00e0 culturali.<\/p>\n<\/div><\/div><\/div><\/div><\/div><div class=\"w-tabs-section\" id=\"ye05\" itemscope itemprop=\"mainEntity\" itemtype=\"https:\/\/schema.org\/Question\"><button type=\"button\" class=\"w-tabs-section-header\" aria-controls=\"content-ye05\" aria-expanded=\"false\"><div class=\"w-tabs-section-title\" itemprop=\"name\">Dove si trova l\u2019Hotel Triana?<\/div><div class=\"w-tabs-section-control\"><\/div><\/button><div  class=\"w-tabs-section-content\" id=\"content-ye05\" itemscope itemprop=\"acceptedAnswer\" itemtype=\"https:\/\/schema.org\/Answer\"><div class=\"w-tabs-section-content-h i-cf\" itemprop=\"text\"><div class=\"wpb_text_column\"><div class=\"wpb_wrapper\"><p>Si trova in calle Clara de Jes\u00fas Montero 28, nel quartiere di Triana, tra questa strada e calle Manuel Arellano.<\/p>\n<\/div><\/div><\/div><\/div><\/div><div class=\"w-tabs-section\" id=\"sf1b\" itemscope itemprop=\"mainEntity\" itemtype=\"https:\/\/schema.org\/Question\"><button type=\"button\" class=\"w-tabs-section-header\" aria-controls=\"content-sf1b\" aria-expanded=\"false\"><div class=\"w-tabs-section-title\" itemprop=\"name\">Dove si acquistano i biglietti?<\/div><div class=\"w-tabs-section-control\"><\/div><\/button><div  class=\"w-tabs-section-content\" id=\"content-sf1b\" itemscope itemprop=\"acceptedAnswer\" itemtype=\"https:\/\/schema.org\/Answer\"><div class=\"w-tabs-section-content-h i-cf\" itemprop=\"text\"><div class=\"wpb_text_column\"><div class=\"wpb_wrapper\"><p>I biglietti devono essere acquistati tramite i canali ufficiali indicati sul sito della Biennale di Flamenco. \u00c8 opportuno controllare l\u00ec sia la disponibilit\u00e0 sia eventuali cambiamenti dell\u2019ultimo minuto.<\/p>\n<\/div><\/div><\/div><\/div><\/div><div class=\"w-tabs-section\" id=\"wffa\" itemscope itemprop=\"mainEntity\" itemtype=\"https:\/\/schema.org\/Question\"><button type=\"button\" class=\"w-tabs-section-header\" aria-controls=\"content-wffa\" aria-expanded=\"false\"><div class=\"w-tabs-section-title\" itemprop=\"name\">Gli spettacoli dell\u2019Hotel Triana sono prime assolute?<\/div><div class=\"w-tabs-section-control\"><\/div><\/button><div  class=\"w-tabs-section-content\" id=\"content-wffa\" itemscope itemprop=\"acceptedAnswer\" itemtype=\"https:\/\/schema.org\/Answer\"><div class=\"w-tabs-section-content-h i-cf\" itemprop=\"text\"><div class=\"wpb_text_column\"><div class=\"wpb_wrapper\"><p>Il programma li presenta come Notti Uniche, non come prime assolute. Sono incontri concepiti appositamente per questa edizione, con cast e contenuti che non fanno parte di una tourn\u00e9e convenzionale.<\/p>\n<\/div><\/div><\/div><\/div><\/div><div class=\"w-tabs-section\" id=\"j0ee\" itemscope itemprop=\"mainEntity\" itemtype=\"https:\/\/schema.org\/Question\"><button type=\"button\" class=\"w-tabs-section-header\" aria-controls=\"content-j0ee\" aria-expanded=\"false\"><div class=\"w-tabs-section-title\" itemprop=\"name\">\u00c8 possibile combinare l\u2019Hotel Triana con un altro spettacolo nello stesso giorno?<\/div><div class=\"w-tabs-section-control\"><\/div><\/button><div  class=\"w-tabs-section-content\" id=\"content-j0ee\" itemscope itemprop=\"acceptedAnswer\" itemtype=\"https:\/\/schema.org\/Answer\"><div class=\"w-tabs-section-content-h i-cf\" itemprop=\"text\"><div class=\"wpb_text_column\"><div class=\"wpb_wrapper\"><p>S\u00ec. Il 17, 18 e 19 sono previsti spettacoli precedenti in altri spazi della Biennale. Poich\u00e9 l\u2019Hotel Triana inizia alle 23:00, alcune combinazioni sono possibili, ma bisogna calcolare i tempi di uscita e gli spostamenti senza lasciare un margine troppo ridotto.<\/p>\n<\/div><\/div><\/div><\/div><\/div><\/div><\/div><\/div><\/div><\/div><div class=\"vc_col-sm-1\/5 wpb_column vc_column_container\"><div class=\"vc_column-inner\"><div class=\"wpb_wrapper\"><\/div><\/div><\/div><\/div><\/div><\/section><section class=\"l-section wpb_row height_huge color_alternate with_shape\"><div class=\"l-section-shape type_zigzag pos_top hor_flip\" style=\"height:3vmin;\"><svg xmlns=\"http:\/\/www.w3.org\/2000\/svg\" viewBox=\"0 0 64 8\" preserveAspectRatio=\"none\" width=\"100%\" height=\"100%\">\r\n\t<path fill=\"currentColor\" d=\"M64 8 L0 8 L0 0 L20 7.9 L40 3 L48 5 L64 0 Z\"\/>\r\n<\/svg><\/div><div class=\"l-section-shape type_zigzag pos_bottom\" style=\"height:3vmin;\"><svg xmlns=\"http:\/\/www.w3.org\/2000\/svg\" viewBox=\"0 0 64 8\" preserveAspectRatio=\"none\" width=\"100%\" height=\"100%\">\r\n\t<path fill=\"currentColor\" d=\"M64 8 L0 8 L0 0 L20 7.9 L40 3 L48 5 L64 0 Z\"\/>\r\n<\/svg><\/div><div class=\"l-section-h i-cf\"><div class=\"g-cols vc_row via_flex valign_top type_default stacking_default\"><div class=\"vc_col-sm-12 wpb_column vc_column_container\"><div class=\"vc_column-inner\"><div class=\"wpb_wrapper\"><div class=\"wpb_text_column\"><div class=\"wpb_wrapper\"><h2>Tre notti per ascoltare la memoria viva del flamenco<\/h2>\n<p>Il ritorno dell\u2019Hotel Triana riassume una parte essenziale della Biennale 2026. Non tutto avviene nei grandi teatri e non tutto deve essere presentato come una produzione di grande formato. Il flamenco vive anche nelle famiglie, nelle pe\u00f1as, nei repertori locali, negli artisti scomparsi dai circuiti abituali e negli spazi in cui la convivenza faceva parte dell\u2019apprendimento.<\/p>\n<p><em>Mujeres gitanas<\/em>, <em>Uvitas negras<\/em> e <em>Andaluc\u00eda en el tiempo<\/em> propongono tre dimensioni di questa memoria: la trasmissione familiare, l\u2019identit\u00e0 di un paese e la diversit\u00e0 di un\u2019intera comunit\u00e0 autonoma. L\u2019antico corral de vecinos offre lo scenario adatto per attraversarle.<\/p>\n<p>Chi riuscir\u00e0 a entrare in una di queste serate non assister\u00e0 soltanto a un concerto. Entrer\u00e0 in uno dei luoghi in cui la Biennale ha costruito parte della propria identit\u00e0 e dove la distanza tra patrimonio, quartiere e flamenco quasi scompare.<\/p>\n<p>Se i biglietti sono esauriti o le date non coincidono con il tuo soggiorno, Siviglia mantiene ogni sera un\u2019ampia offerta di spettacoli. La nostra guida alla <a href=\"https:\/\/www.tablaosflamencos.com\/bienal-flamenco-2026-entradas-agotadas-que-ver.html\"><strong>Biennale 2026 con biglietti esauriti<\/strong><\/a> riunisce alternative per continuare a vivere il flamenco durante il festival.<\/p>\n<\/div><\/div><div class=\"w-separator size_medium\"><\/div><div class=\"w-hwrapper valign_top wrap align_center\" style=\"--hwrapper-gap:1.2rem\"><div class=\"w-btn-wrapper align_none\"><a class=\"w-btn us-btn-style_1\" href=\"https:\/\/www.tablaosflamencos.com\/bienal-flamenco-2026-entradas-agotadas-que-ver.html\"><span class=\"w-btn-label\">Cosa vedere se i biglietti sono esauriti<\/span><\/a><\/div><div class=\"w-btn-wrapper align_none\"><a class=\"w-btn us-btn-style_11\" href=\"https:\/\/www.tablaosflamencos.com\/espacios-espectaculares-bienal-flamenco-sevilla-2026.html\"><span class=\"w-btn-label\">Altri spazi spettacolari<\/span><\/a><\/div><\/div><\/div><\/div><\/div><\/div><\/div><\/section>\n","protected":false},"excerpt":{"rendered":"<p>L\u2019Hotel Triana torna alla Biennale di Flamenco 2026 con tre Notti Uniche: Mujeres gitanas, Uvitas negras e Andaluc\u00eda en el tiempo. Date, artisti, storia e biglietti.<\/p>\n","protected":false},"author":1,"featured_media":14087,"comment_status":"closed","ping_status":"closed","sticky":false,"template":"","format":"standard","meta":{"_acf_changed":false,"wpai_generated_summary":"","_ayudawp_aiss_exclude":false,"_ayudawp_aiss_exclude_summary":false,"_ayudawp_aiss_summary":"","_ayudawp_aiss_summary_provider":"","_ayudawp_aiss_summary_hash":"","footnotes":""},"categories":[1429],"tags":[1249,1250,1251,1252,1177,1178,1253],"class_list":["post-14178","post","type-post","status-publish","format-standard","has-post-thumbnail","hentry","category-biennale-di-flamenco","tag-agenda-flamenca","tag-bienal-2026","tag-bienal-de-flamenco","tag-festivales-flamencos","tag-flamenco-en-sevilla","tag-flamenco-en-triana","tag-sevilla"],"acf":[],"yoast_head":"<!-- This site is optimized with the Yoast SEO Premium plugin v28.4 (Yoast SEO v28.4) - https:\/\/yoast.com\/product\/yoast-seo-premium-wordpress\/ -->\n<title>Hotel Triana alla Biennale 2026: programma e tre notti<\/title>\n<meta name=\"description\" content=\"L\u2019Hotel Triana torna alla Biennale 2026 con Mujeres gitanas, Uvitas negras e Andaluc\u00eda en el tiempo: date, artisti, orari e biglietti.\" \/>\n<meta name=\"robots\" content=\"index, follow, max-snippet:-1, max-image-preview:large, max-video-preview:-1\" \/>\n<link rel=\"canonical\" href=\"https:\/\/www.tablaosflamencos.com\/it\/hotel-triana-biennale-flamenco-siviglia-2026.html\" \/>\n<meta property=\"og:locale\" content=\"it_IT\" \/>\n<meta property=\"og:type\" content=\"article\" \/>\n<meta property=\"og:title\" content=\"La Biennale torna all\u2019Hotel Triana: tre notti di flamenco in un antico corral de vecinos\" \/>\n<meta property=\"og:description\" content=\"L\u2019Hotel Triana torna alla Biennale 2026 con Mujeres gitanas, Uvitas negras e Andaluc\u00eda en el tiempo: date, artisti, orari e biglietti.\" \/>\n<meta property=\"og:url\" content=\"https:\/\/www.tablaosflamencos.com\/it\/hotel-triana-biennale-flamenco-siviglia-2026.html\" \/>\n<meta property=\"og:site_name\" content=\"Tablaos Flamencos\" \/>\n<meta property=\"article:publisher\" content=\"https:\/\/www.facebook.com\/tablaosflamencos\" \/>\n<meta property=\"article:published_time\" content=\"2026-09-02T23:21:11+00:00\" \/>\n<meta property=\"article:modified_time\" content=\"2026-09-02T23:38:54+00:00\" \/>\n<meta property=\"og:image\" content=\"https:\/\/www.tablaosflamencos.com\/wp-content\/uploads\/hotel-triana-bienal-2026-flamenco.webp\" \/>\n\t<meta property=\"og:image:width\" content=\"1536\" \/>\n\t<meta property=\"og:image:height\" content=\"1024\" \/>\n\t<meta property=\"og:image:type\" content=\"image\/webp\" \/>\n<meta name=\"author\" content=\"Miguel Ortiz\" \/>\n<meta name=\"twitter:card\" content=\"summary_large_image\" \/>\n<meta name=\"twitter:creator\" content=\"@tablaosflamenco\" \/>\n<meta name=\"twitter:site\" content=\"@tablaosflamenco\" \/>\n<meta name=\"twitter:label1\" content=\"Scritto da\" \/>\n\t<meta name=\"twitter:data1\" content=\"Miguel Ortiz\" \/>\n\t<meta name=\"twitter:label2\" content=\"Tempo di lettura stimato\" \/>\n\t<meta name=\"twitter:data2\" content=\"14 minuti\" \/>\n<script type=\"application\/ld+json\" class=\"yoast-schema-graph\">{\"@context\":\"https:\\\/\\\/schema.org\",\"@graph\":[{\"@type\":\"Article\",\"@id\":\"https:\\\/\\\/www.tablaosflamencos.com\\\/it\\\/hotel-triana-biennale-flamenco-siviglia-2026.html#article\",\"isPartOf\":{\"@id\":\"https:\\\/\\\/www.tablaosflamencos.com\\\/it\\\/hotel-triana-biennale-flamenco-siviglia-2026.html\"},\"author\":{\"name\":\"Miguel Ortiz\",\"@id\":\"https:\\\/\\\/www.tablaosflamencos.com\\\/it#\\\/schema\\\/person\\\/e7a9ebe14eb75a52ceabfbffb3c54f5d\"},\"headline\":\"La Biennale torna all\u2019Hotel Triana: tre notti di flamenco in un antico corral de vecinos\",\"datePublished\":\"2026-09-02T23:21:11+00:00\",\"dateModified\":\"2026-09-02T23:38:54+00:00\",\"mainEntityOfPage\":{\"@id\":\"https:\\\/\\\/www.tablaosflamencos.com\\\/it\\\/hotel-triana-biennale-flamenco-siviglia-2026.html\"},\"wordCount\":2739,\"publisher\":{\"@id\":\"https:\\\/\\\/www.tablaosflamencos.com\\\/it#organization\"},\"image\":{\"@id\":\"https:\\\/\\\/www.tablaosflamencos.com\\\/it\\\/hotel-triana-biennale-flamenco-siviglia-2026.html#primaryimage\"},\"thumbnailUrl\":\"https:\\\/\\\/www.tablaosflamencos.com\\\/wp-content\\\/uploads\\\/hotel-triana-bienal-2026-flamenco.webp\",\"keywords\":[\"agenda flamenca\",\"Bienal 2026\",\"Bienal de Flamenco\",\"festivales flamencos\",\"flamenco en Sevilla\",\"flamenco en Triana\",\"sevilla\"],\"articleSection\":[\"Biennale di Flamenco\"],\"inLanguage\":\"it-IT\"},{\"@type\":\"WebPage\",\"@id\":\"https:\\\/\\\/www.tablaosflamencos.com\\\/it\\\/hotel-triana-biennale-flamenco-siviglia-2026.html\",\"url\":\"https:\\\/\\\/www.tablaosflamencos.com\\\/it\\\/hotel-triana-biennale-flamenco-siviglia-2026.html\",\"name\":\"Hotel Triana alla Biennale 2026: programma e tre notti\",\"isPartOf\":{\"@id\":\"https:\\\/\\\/www.tablaosflamencos.com\\\/it#website\"},\"primaryImageOfPage\":{\"@id\":\"https:\\\/\\\/www.tablaosflamencos.com\\\/it\\\/hotel-triana-biennale-flamenco-siviglia-2026.html#primaryimage\"},\"image\":{\"@id\":\"https:\\\/\\\/www.tablaosflamencos.com\\\/it\\\/hotel-triana-biennale-flamenco-siviglia-2026.html#primaryimage\"},\"thumbnailUrl\":\"https:\\\/\\\/www.tablaosflamencos.com\\\/wp-content\\\/uploads\\\/hotel-triana-bienal-2026-flamenco.webp\",\"datePublished\":\"2026-09-02T23:21:11+00:00\",\"dateModified\":\"2026-09-02T23:38:54+00:00\",\"description\":\"L\u2019Hotel Triana torna alla Biennale 2026 con Mujeres gitanas, Uvitas negras e Andaluc\u00eda en el tiempo: date, artisti, orari e biglietti.\",\"breadcrumb\":{\"@id\":\"https:\\\/\\\/www.tablaosflamencos.com\\\/it\\\/hotel-triana-biennale-flamenco-siviglia-2026.html#breadcrumb\"},\"inLanguage\":\"it-IT\",\"potentialAction\":[{\"@type\":\"ReadAction\",\"target\":[\"https:\\\/\\\/www.tablaosflamencos.com\\\/it\\\/hotel-triana-biennale-flamenco-siviglia-2026.html\"]}]},{\"@type\":\"ImageObject\",\"inLanguage\":\"it-IT\",\"@id\":\"https:\\\/\\\/www.tablaosflamencos.com\\\/it\\\/hotel-triana-biennale-flamenco-siviglia-2026.html#primaryimage\",\"url\":\"https:\\\/\\\/www.tablaosflamencos.com\\\/wp-content\\\/uploads\\\/hotel-triana-bienal-2026-flamenco.webp\",\"contentUrl\":\"https:\\\/\\\/www.tablaosflamencos.com\\\/wp-content\\\/uploads\\\/hotel-triana-bienal-2026-flamenco.webp\",\"width\":1536,\"height\":1024,\"caption\":\"La Bienal vuelve al Hotel Triana: tres noches de flamenco en un antiguo corral de vecinos\"},{\"@type\":\"BreadcrumbList\",\"@id\":\"https:\\\/\\\/www.tablaosflamencos.com\\\/it\\\/hotel-triana-biennale-flamenco-siviglia-2026.html#breadcrumb\",\"itemListElement\":[{\"@type\":\"ListItem\",\"position\":1,\"name\":\"Home\",\"item\":\"https:\\\/\\\/www.tablaosflamencos.com\\\/it\"},{\"@type\":\"ListItem\",\"position\":2,\"name\":\"La Biennale torna all\u2019Hotel Triana: tre notti di flamenco in un antico corral de vecinos\"}]},{\"@type\":\"WebSite\",\"@id\":\"https:\\\/\\\/www.tablaosflamencos.com\\\/it#website\",\"url\":\"https:\\\/\\\/www.tablaosflamencos.com\\\/it\",\"name\":\"Tablaos Flamencos\",\"description\":\"Entradas para tablaos flamencos de Espa\u00f1a\",\"publisher\":{\"@id\":\"https:\\\/\\\/www.tablaosflamencos.com\\\/it#organization\"},\"alternateName\":\"Tablaos Flamencos\",\"potentialAction\":[{\"@type\":\"SearchAction\",\"target\":{\"@type\":\"EntryPoint\",\"urlTemplate\":\"https:\\\/\\\/www.tablaosflamencos.com\\\/it?s={search_term_string}\"},\"query-input\":{\"@type\":\"PropertyValueSpecification\",\"valueRequired\":true,\"valueName\":\"search_term_string\"}}],\"inLanguage\":\"it-IT\"},{\"@type\":[\"Organization\",\"Place\",\"EntertainmentBusiness\"],\"@id\":\"https:\\\/\\\/www.tablaosflamencos.com\\\/it#organization\",\"name\":\"Tablaos Flamencos\",\"alternateName\":\"Tablaos Flamencos\",\"url\":\"https:\\\/\\\/www.tablaosflamencos.com\\\/it\",\"logo\":{\"@id\":\"https:\\\/\\\/www.tablaosflamencos.com\\\/it\\\/hotel-triana-biennale-flamenco-siviglia-2026.html#local-main-organization-logo\"},\"image\":{\"@id\":\"https:\\\/\\\/www.tablaosflamencos.com\\\/it\\\/hotel-triana-biennale-flamenco-siviglia-2026.html#local-main-organization-logo\"},\"sameAs\":[\"https:\\\/\\\/www.facebook.com\\\/tablaosflamencos\",\"https:\\\/\\\/x.com\\\/tablaosflamenco\",\"https:\\\/\\\/mastodon.social\\\/@tablaosflamencos\",\"https:\\\/\\\/www.instagram.com\\\/tablaosflamencos\",\"https:\\\/\\\/tiktok.com\\\/@tablaosflamencos\",\"https:\\\/\\\/www.linkedin.com\\\/company\\\/109408238\\\/\"],\"description\":\"Venta de entradas para espect\u00e1culos flamencos\",\"legalName\":\"Tablaos Flamencos\",\"foundingDate\":\"2015-01-01\",\"numberOfEmployees\":{\"@type\":\"QuantitativeValue\",\"minValue\":\"1\",\"maxValue\":\"10\"},\"address\":{\"@id\":\"https:\\\/\\\/www.tablaosflamencos.com\\\/it\\\/hotel-triana-biennale-flamenco-siviglia-2026.html#local-main-place-address\"},\"geo\":{\"@type\":\"GeoCoordinates\",\"latitude\":\"37.3868072\",\"longitude\":\"-5.993280299999999\"},\"telephone\":[\"+34623787787\"],\"contactPoint\":{\"@type\":\"ContactPoint\",\"telephone\":\"+34623787787\",\"email\":\"info@tablaosflamencos.com\"},\"openingHoursSpecification\":{\"@type\":\"OpeningHoursSpecification\",\"dayOfWeek\":[\"Monday\",\"Tuesday\",\"Wednesday\",\"Thursday\",\"Friday\",\"Saturday\",\"Sunday\"],\"opens\":\"00:00\",\"closes\":\"23:59\"},\"email\":\"info@tablaosflamencos.com\",\"priceRange\":\"$$$\",\"currenciesAccepted\":\"\u20ac\"},{\"@type\":\"Person\",\"@id\":\"https:\\\/\\\/www.tablaosflamencos.com\\\/it#\\\/schema\\\/person\\\/e7a9ebe14eb75a52ceabfbffb3c54f5d\",\"name\":\"Miguel Ortiz\",\"description\":\"Miguel Ortiz es un empresario flamenco, con una s\u00f3lida trayectoria dentro del sector. Ha presidido entidades culturales vinculadas al flamenco y, cuenta con un amplio recorrido profesional en la gesti\u00f3n y promoci\u00f3n de espect\u00e1culos y tablaos flamencos. Su pasi\u00f3n por la historia y el arte flamenco se refleja en cada art\u00edculo, donde combina experiencia, criterio y un profundo respeto por la tradici\u00f3n.\",\"sameAs\":[\"https:\\\/\\\/www.tablaosflamencos.com\",\"https:\\\/\\\/www.instagra.com\\\/miguelortizfe\",\"https:\\\/\\\/www.linkedin.com\\\/in\\\/miguelortizf\\\/\"],\"birthDate\":\"1984-11-22\",\"gender\":\"hombre\",\"knowsLanguage\":[\"espa\u00f1ol\",\"ingl\u00e9s\"],\"jobTitle\":\"Empresario flamenco\"},{\"@type\":\"PostalAddress\",\"@id\":\"https:\\\/\\\/www.tablaosflamencos.com\\\/it\\\/hotel-triana-biennale-flamenco-siviglia-2026.html#local-main-place-address\",\"streetAddress\":\"C\\\/ Alemanes, 19\",\"addressLocality\":\"Sevilla\",\"postalCode\":\"41004\",\"addressRegion\":\"Sevilla\",\"addressCountry\":\"ES\"},{\"@type\":\"ImageObject\",\"inLanguage\":\"it-IT\",\"@id\":\"https:\\\/\\\/www.tablaosflamencos.com\\\/it\\\/hotel-triana-biennale-flamenco-siviglia-2026.html#local-main-organization-logo\",\"url\":\"https:\\\/\\\/www.tablaosflamencos.com\\\/wp-content\\\/uploads\\\/tablaos-flamencos-06-3.webp\",\"contentUrl\":\"https:\\\/\\\/www.tablaosflamencos.com\\\/wp-content\\\/uploads\\\/tablaos-flamencos-06-3.webp\",\"width\":600,\"height\":620,\"caption\":\"Tablaos Flamencos\"}]}<\/script>\n<meta name=\"geo.placename\" content=\"Sevilla\" \/>\n<meta name=\"geo.position\" content=\"37.3868072;-5.993280299999999\" \/>\n<meta name=\"geo.region\" content=\"Spagna\" \/>\n<!-- \/ Yoast SEO Premium plugin. -->","yoast_head_json":{"title":"Hotel Triana alla Biennale 2026: programma e tre notti","description":"L\u2019Hotel Triana torna alla Biennale 2026 con Mujeres gitanas, Uvitas negras e Andaluc\u00eda en el tiempo: date, artisti, orari e biglietti.","robots":{"index":"index","follow":"follow","max-snippet":"max-snippet:-1","max-image-preview":"max-image-preview:large","max-video-preview":"max-video-preview:-1"},"canonical":"https:\/\/www.tablaosflamencos.com\/it\/hotel-triana-biennale-flamenco-siviglia-2026.html","og_locale":"it_IT","og_type":"article","og_title":"La Biennale torna all\u2019Hotel Triana: tre notti di flamenco in un antico corral de vecinos","og_description":"L\u2019Hotel Triana torna alla Biennale 2026 con Mujeres gitanas, Uvitas negras e Andaluc\u00eda en el tiempo: date, artisti, orari e biglietti.","og_url":"https:\/\/www.tablaosflamencos.com\/it\/hotel-triana-biennale-flamenco-siviglia-2026.html","og_site_name":"Tablaos Flamencos","article_publisher":"https:\/\/www.facebook.com\/tablaosflamencos","article_published_time":"2026-09-02T23:21:11+00:00","article_modified_time":"2026-09-02T23:38:54+00:00","og_image":[{"width":1536,"height":1024,"url":"https:\/\/www.tablaosflamencos.com\/wp-content\/uploads\/hotel-triana-bienal-2026-flamenco.webp","type":"image\/webp"}],"author":"Miguel Ortiz","twitter_card":"summary_large_image","twitter_creator":"@tablaosflamenco","twitter_site":"@tablaosflamenco","twitter_misc":{"Scritto da":"Miguel Ortiz","Tempo di lettura stimato":"14 minuti"},"schema":{"@context":"https:\/\/schema.org","@graph":[{"@type":"Article","@id":"https:\/\/www.tablaosflamencos.com\/it\/hotel-triana-biennale-flamenco-siviglia-2026.html#article","isPartOf":{"@id":"https:\/\/www.tablaosflamencos.com\/it\/hotel-triana-biennale-flamenco-siviglia-2026.html"},"author":{"name":"Miguel Ortiz","@id":"https:\/\/www.tablaosflamencos.com\/it#\/schema\/person\/e7a9ebe14eb75a52ceabfbffb3c54f5d"},"headline":"La Biennale torna all\u2019Hotel Triana: tre notti di flamenco in un antico corral de vecinos","datePublished":"2026-09-02T23:21:11+00:00","dateModified":"2026-09-02T23:38:54+00:00","mainEntityOfPage":{"@id":"https:\/\/www.tablaosflamencos.com\/it\/hotel-triana-biennale-flamenco-siviglia-2026.html"},"wordCount":2739,"publisher":{"@id":"https:\/\/www.tablaosflamencos.com\/it#organization"},"image":{"@id":"https:\/\/www.tablaosflamencos.com\/it\/hotel-triana-biennale-flamenco-siviglia-2026.html#primaryimage"},"thumbnailUrl":"https:\/\/www.tablaosflamencos.com\/wp-content\/uploads\/hotel-triana-bienal-2026-flamenco.webp","keywords":["agenda flamenca","Bienal 2026","Bienal de Flamenco","festivales flamencos","flamenco en Sevilla","flamenco en Triana","sevilla"],"articleSection":["Biennale di Flamenco"],"inLanguage":"it-IT"},{"@type":"WebPage","@id":"https:\/\/www.tablaosflamencos.com\/it\/hotel-triana-biennale-flamenco-siviglia-2026.html","url":"https:\/\/www.tablaosflamencos.com\/it\/hotel-triana-biennale-flamenco-siviglia-2026.html","name":"Hotel Triana alla Biennale 2026: programma e tre notti","isPartOf":{"@id":"https:\/\/www.tablaosflamencos.com\/it#website"},"primaryImageOfPage":{"@id":"https:\/\/www.tablaosflamencos.com\/it\/hotel-triana-biennale-flamenco-siviglia-2026.html#primaryimage"},"image":{"@id":"https:\/\/www.tablaosflamencos.com\/it\/hotel-triana-biennale-flamenco-siviglia-2026.html#primaryimage"},"thumbnailUrl":"https:\/\/www.tablaosflamencos.com\/wp-content\/uploads\/hotel-triana-bienal-2026-flamenco.webp","datePublished":"2026-09-02T23:21:11+00:00","dateModified":"2026-09-02T23:38:54+00:00","description":"L\u2019Hotel Triana torna alla Biennale 2026 con Mujeres gitanas, Uvitas negras e Andaluc\u00eda en el tiempo: date, artisti, orari e biglietti.","breadcrumb":{"@id":"https:\/\/www.tablaosflamencos.com\/it\/hotel-triana-biennale-flamenco-siviglia-2026.html#breadcrumb"},"inLanguage":"it-IT","potentialAction":[{"@type":"ReadAction","target":["https:\/\/www.tablaosflamencos.com\/it\/hotel-triana-biennale-flamenco-siviglia-2026.html"]}]},{"@type":"ImageObject","inLanguage":"it-IT","@id":"https:\/\/www.tablaosflamencos.com\/it\/hotel-triana-biennale-flamenco-siviglia-2026.html#primaryimage","url":"https:\/\/www.tablaosflamencos.com\/wp-content\/uploads\/hotel-triana-bienal-2026-flamenco.webp","contentUrl":"https:\/\/www.tablaosflamencos.com\/wp-content\/uploads\/hotel-triana-bienal-2026-flamenco.webp","width":1536,"height":1024,"caption":"La Bienal vuelve al Hotel Triana: tres noches de flamenco en un antiguo corral de vecinos"},{"@type":"BreadcrumbList","@id":"https:\/\/www.tablaosflamencos.com\/it\/hotel-triana-biennale-flamenco-siviglia-2026.html#breadcrumb","itemListElement":[{"@type":"ListItem","position":1,"name":"Home","item":"https:\/\/www.tablaosflamencos.com\/it"},{"@type":"ListItem","position":2,"name":"La Biennale torna all\u2019Hotel Triana: tre notti di flamenco in un antico corral de vecinos"}]},{"@type":"WebSite","@id":"https:\/\/www.tablaosflamencos.com\/it#website","url":"https:\/\/www.tablaosflamencos.com\/it","name":"Tablaos Flamencos","description":"Entradas para tablaos flamencos de Espa\u00f1a","publisher":{"@id":"https:\/\/www.tablaosflamencos.com\/it#organization"},"alternateName":"Tablaos Flamencos","potentialAction":[{"@type":"SearchAction","target":{"@type":"EntryPoint","urlTemplate":"https:\/\/www.tablaosflamencos.com\/it?s={search_term_string}"},"query-input":{"@type":"PropertyValueSpecification","valueRequired":true,"valueName":"search_term_string"}}],"inLanguage":"it-IT"},{"@type":["Organization","Place","EntertainmentBusiness"],"@id":"https:\/\/www.tablaosflamencos.com\/it#organization","name":"Tablaos Flamencos","alternateName":"Tablaos Flamencos","url":"https:\/\/www.tablaosflamencos.com\/it","logo":{"@id":"https:\/\/www.tablaosflamencos.com\/it\/hotel-triana-biennale-flamenco-siviglia-2026.html#local-main-organization-logo"},"image":{"@id":"https:\/\/www.tablaosflamencos.com\/it\/hotel-triana-biennale-flamenco-siviglia-2026.html#local-main-organization-logo"},"sameAs":["https:\/\/www.facebook.com\/tablaosflamencos","https:\/\/x.com\/tablaosflamenco","https:\/\/mastodon.social\/@tablaosflamencos","https:\/\/www.instagram.com\/tablaosflamencos","https:\/\/tiktok.com\/@tablaosflamencos","https:\/\/www.linkedin.com\/company\/109408238\/"],"description":"Venta de entradas para espect\u00e1culos flamencos","legalName":"Tablaos Flamencos","foundingDate":"2015-01-01","numberOfEmployees":{"@type":"QuantitativeValue","minValue":"1","maxValue":"10"},"address":{"@id":"https:\/\/www.tablaosflamencos.com\/it\/hotel-triana-biennale-flamenco-siviglia-2026.html#local-main-place-address"},"geo":{"@type":"GeoCoordinates","latitude":"37.3868072","longitude":"-5.993280299999999"},"telephone":["+34623787787"],"contactPoint":{"@type":"ContactPoint","telephone":"+34623787787","email":"info@tablaosflamencos.com"},"openingHoursSpecification":{"@type":"OpeningHoursSpecification","dayOfWeek":["Monday","Tuesday","Wednesday","Thursday","Friday","Saturday","Sunday"],"opens":"00:00","closes":"23:59"},"email":"info@tablaosflamencos.com","priceRange":"$$$","currenciesAccepted":"\u20ac"},{"@type":"Person","@id":"https:\/\/www.tablaosflamencos.com\/it#\/schema\/person\/e7a9ebe14eb75a52ceabfbffb3c54f5d","name":"Miguel Ortiz","description":"Miguel Ortiz es un empresario flamenco, con una s\u00f3lida trayectoria dentro del sector. Ha presidido entidades culturales vinculadas al flamenco y, cuenta con un amplio recorrido profesional en la gesti\u00f3n y promoci\u00f3n de espect\u00e1culos y tablaos flamencos. Su pasi\u00f3n por la historia y el arte flamenco se refleja en cada art\u00edculo, donde combina experiencia, criterio y un profundo respeto por la tradici\u00f3n.","sameAs":["https:\/\/www.tablaosflamencos.com","https:\/\/www.instagra.com\/miguelortizfe","https:\/\/www.linkedin.com\/in\/miguelortizf\/"],"birthDate":"1984-11-22","gender":"hombre","knowsLanguage":["espa\u00f1ol","ingl\u00e9s"],"jobTitle":"Empresario flamenco"},{"@type":"PostalAddress","@id":"https:\/\/www.tablaosflamencos.com\/it\/hotel-triana-biennale-flamenco-siviglia-2026.html#local-main-place-address","streetAddress":"C\/ Alemanes, 19","addressLocality":"Sevilla","postalCode":"41004","addressRegion":"Sevilla","addressCountry":"ES"},{"@type":"ImageObject","inLanguage":"it-IT","@id":"https:\/\/www.tablaosflamencos.com\/it\/hotel-triana-biennale-flamenco-siviglia-2026.html#local-main-organization-logo","url":"https:\/\/www.tablaosflamencos.com\/wp-content\/uploads\/tablaos-flamencos-06-3.webp","contentUrl":"https:\/\/www.tablaosflamencos.com\/wp-content\/uploads\/tablaos-flamencos-06-3.webp","width":600,"height":620,"caption":"Tablaos Flamencos"}]},"geo.placename":"Sevilla","geo.position":{"lat":"37.3868072","long":"-5.993280299999999"},"geo.region":"Spagna"},"_links":{"self":[{"href":"https:\/\/www.tablaosflamencos.com\/it\/wp-json\/wp\/v2\/posts\/14178","targetHints":{"allow":["GET"]}}],"collection":[{"href":"https:\/\/www.tablaosflamencos.com\/it\/wp-json\/wp\/v2\/posts"}],"about":[{"href":"https:\/\/www.tablaosflamencos.com\/it\/wp-json\/wp\/v2\/types\/post"}],"author":[{"embeddable":true,"href":"https:\/\/www.tablaosflamencos.com\/it\/wp-json\/wp\/v2\/users\/1"}],"replies":[{"embeddable":true,"href":"https:\/\/www.tablaosflamencos.com\/it\/wp-json\/wp\/v2\/comments?post=14178"}],"version-history":[{"count":1,"href":"https:\/\/www.tablaosflamencos.com\/it\/wp-json\/wp\/v2\/posts\/14178\/revisions"}],"predecessor-version":[{"id":14197,"href":"https:\/\/www.tablaosflamencos.com\/it\/wp-json\/wp\/v2\/posts\/14178\/revisions\/14197"}],"wp:featuredmedia":[{"embeddable":true,"href":"https:\/\/www.tablaosflamencos.com\/it\/wp-json\/wp\/v2\/media\/14087"}],"wp:attachment":[{"href":"https:\/\/www.tablaosflamencos.com\/it\/wp-json\/wp\/v2\/media?parent=14178"}],"wp:term":[{"taxonomy":"category","embeddable":true,"href":"https:\/\/www.tablaosflamencos.com\/it\/wp-json\/wp\/v2\/categories?post=14178"},{"taxonomy":"post_tag","embeddable":true,"href":"https:\/\/www.tablaosflamencos.com\/it\/wp-json\/wp\/v2\/tags?post=14178"}],"curies":[{"name":"wp","href":"https:\/\/api.w.org\/{rel}","templated":true}]}}