{"id":14140,"date":"2026-09-03T00:45:32","date_gmt":"2026-09-02T22:45:32","guid":{"rendered":"https:\/\/www.tablaosflamencos.com\/?p=14140"},"modified":"2026-09-03T01:41:47","modified_gmt":"2026-09-02T23:41:47","slug":"chitarra-biennale-flamenco-siviglia-2026-spettacoli-imperdibili","status":"publish","type":"post","link":"https:\/\/www.tablaosflamencos.com\/it\/chitarra-biennale-flamenco-siviglia-2026-spettacoli-imperdibili.html","title":{"rendered":"La chitarra alla Biennale di Flamenco di Siviglia 2026: spettacoli imperdibili"},"content":{"rendered":"<section class=\"l-section wpb_row height_huge\"><div class=\"l-section-h i-cf\"><div class=\"g-cols vc_row via_flex valign_top type_default stacking_default\"><div class=\"vc_col-sm-6 wpb_column vc_column_container\"><div class=\"vc_column-inner\"><div class=\"wpb_wrapper\"><div class=\"wpb_text_column\"><div class=\"wpb_wrapper\"><h2>La chitarra, una delle grandi protagoniste della Biennale di Flamenco 2026<\/h2>\n<p>La <strong>chitarra flamenca<\/strong> occupa un posto straordinario nella <strong>XXIV Biennale di Flamenco di Siviglia 2026<\/strong>. L&#8217;edizione, in programma dal <strong>9 settembre al 3 ottobre<\/strong>, propone un cartellone in cui il toque non \u00e8 soltanto accompagnamento, ma diventa protagonista assoluto di concerti, prime, incontri tra generazioni e dialoghi con altre musiche.<\/p>\n<p>La stessa Biennale ha presentato questa edizione come uno dei grandi appuntamenti internazionali per la <strong>chitarra flamenca da concerto<\/strong>, con circa quindici proposte direttamente legate allo strumento. L&#8217;<strong>Espacio Turina<\/strong> sar\u00e0 la sede principale, con nove concerti tra l&#8217;11 e il 27 settembre, ma alcuni degli appuntamenti chitarristici pi\u00f9 singolari si terranno anche a San Luis de los Franceses, al Teatro Lope de Vega e al Teatro de la Maestranza.<\/p>\n<\/div><\/div><\/div><\/div><\/div><div class=\"vc_col-sm-6 wpb_column vc_column_container\"><div class=\"vc_column-inner\"><div class=\"wpb_wrapper\"><div class=\"wpb_text_column\"><div class=\"wpb_wrapper\"><p style=\"text-align: center; font-size: 54px; line-height: 1; margin-bottom: 10px;\"><strong>15<\/strong><\/p>\n<h3 style=\"text-align: center;\">proposte con la chitarra in primo piano<\/h3>\n<p style=\"text-align: center; font-size: 46px; line-height: 1; margin: 25px 0 10px;\"><strong>9<\/strong><\/p>\n<h3 style=\"text-align: center;\">concerti all&#8217;Espacio Turina<\/h3>\n<p style=\"text-align: center; font-size: 42px; line-height: 1; margin: 25px 0 10px;\"><strong>11\u201327 SET<\/strong><\/p>\n<h3 style=\"text-align: center;\">grande ciclo di chitarra<\/h3>\n<\/div><\/div><\/div><\/div><\/div><\/div><\/div><\/section><section class=\"l-section wpb_row height_huge color_alternate with_shape\"><div class=\"l-section-shape type_zigzag pos_top\" style=\"height:3vmin;\"><svg xmlns=\"http:\/\/www.w3.org\/2000\/svg\" viewBox=\"0 0 64 8\" preserveAspectRatio=\"none\" width=\"100%\" height=\"100%\">\r\n\t<path fill=\"currentColor\" d=\"M64 8 L0 8 L0 0 L20 7.9 L40 3 L48 5 L64 0 Z\"\/>\r\n<\/svg><\/div><div class=\"l-section-shape type_zigzag pos_bottom\" style=\"height:3vmin;\"><svg xmlns=\"http:\/\/www.w3.org\/2000\/svg\" viewBox=\"0 0 64 8\" preserveAspectRatio=\"none\" width=\"100%\" height=\"100%\">\r\n\t<path fill=\"currentColor\" d=\"M64 8 L0 8 L0 0 L20 7.9 L40 3 L48 5 L64 0 Z\"\/>\r\n<\/svg><\/div><div class=\"l-section-h i-cf\"><div class=\"g-cols vc_row via_flex valign_top type_default stacking_default\"><div class=\"vc_col-sm-12 wpb_column vc_column_container\"><div class=\"vc_column-inner\"><div class=\"wpb_wrapper\"><div class=\"wpb_text_column\"><div class=\"wpb_wrapper\"><blockquote>\n<p><strong>Risposta rapida:<\/strong> se vuoi ascoltare chitarra flamenca alla Biennale 2026, tra gli appuntamenti pi\u00f9 importanti ci sono <strong>Antonio Rey, Jos\u00e9 Ferm\u00edn Fern\u00e1ndez, Juan Requena, Alejandro Hurtado, Juan Manuel Ca\u00f1izares, Rafael Riqueni, Diego del Morao e Dani de Mor\u00f3n<\/strong>. L&#8217;Espacio Turina concentra la maggior parte dei recital, mentre San Luis, il Lope de Vega e il Maestranza ospitano alcune delle proposte pi\u00f9 eccezionali dell&#8217;intera edizione.<\/p>\n<\/blockquote>\n<p><strong>Ultimo aggiornamento: 2 settembre 2026.<\/strong> La disponibilit\u00e0 dei biglietti pu\u00f2 cambiare rapidamente. Consigliamo di controllare sempre la scheda ufficiale di ogni spettacolo prima di organizzare la visita.<\/p>\n<\/div><\/div><div class=\"w-separator size_medium\"><\/div><div class=\"w-hwrapper valign_top wrap stack_on_mobiles align_center\" style=\"--hwrapper-gap:1.2rem\"><div class=\"w-btn-wrapper align_none\"><a class=\"w-btn us-btn-style_1\" href=\"https:\/\/www.tablaosflamencos.com\/it\/biennale-flamenco-siviglia-2026.html\"><span class=\"w-btn-label\">Guida completa alla Biennale 2026<\/span><\/a><\/div><div class=\"w-btn-wrapper align_none\"><a class=\"w-btn us-btn-style_1\" href=\"https:\/\/www.tablaosflamencos.com\/it\/biennale-flamenco-siviglia-2026-biglietti-prezzi-sconti.html\"><span class=\"w-btn-label\">Biglietti, prezzi e sconti<\/span><\/a><\/div><\/div><\/div><\/div><\/div><\/div><\/div><\/section><section class=\"l-section wpb_row height_huge\"><div class=\"l-section-h i-cf\"><div class=\"g-cols vc_row via_flex valign_top type_default stacking_default\"><div class=\"vc_col-sm-3 wpb_column vc_column_container\"><div class=\"vc_column-inner\"><div class=\"wpb_wrapper\"><\/div><\/div><\/div><div class=\"vc_col-sm-6 wpb_column vc_column_container\"><div class=\"vc_column-inner\"><div class=\"wpb_wrapper\"><div class=\"wpb_text_column\"><div class=\"wpb_wrapper\"><h2>Contenuto di questa guida<\/h2>\n<ul>\n<li><a href=\"#por-que-guitarra\">Perch\u00e9 la chitarra \u00e8 cos\u00ec importante alla Biennale 2026<\/a><\/li>\n<li><a href=\"#turina\">Espacio Turina: il grande tempio della chitarra<\/a><\/li>\n<li><a href=\"#imprescindibles\">Gli spettacoli di chitarra imperdibili<\/a><\/li>\n<li><a href=\"#antonio-rey\">Antonio Rey: Historias de un flamenco<\/a><\/li>\n<li><a href=\"#jose-fermin\">Jos\u00e9 Ferm\u00edn Fern\u00e1ndez: Guitarra desnuda<\/a><\/li>\n<li><a href=\"#juan-requena\">Juan Requena: Requeneando<\/a><\/li>\n<li><a href=\"#alejandro-hurtado\">Alejandro Hurtado: Devenir de la guitarra<\/a><\/li>\n<li><a href=\"#canizares\">Ca\u00f1izares sinf\u00f3nico<\/a><\/li>\n<li><a href=\"#riqueni\">Rafael Riqueni &amp; Tim Ries: Tunisia<\/a><\/li>\n<li><a href=\"#diego-morao\">Diego del Morao: M\u00e1s Morao<\/a><\/li>\n<li><a href=\"#dani-moron\">Dani de Mor\u00f3n: Cuadro<\/a><\/li>\n<li><a href=\"#calendario\">Calendario ampliato della chitarra<\/a><\/li>\n<li><a href=\"#elegir\">Quale concerto scegliere in base ai tuoi gusti<\/a><\/li>\n<li><a href=\"#faq-guitarra\">Domande frequenti<\/a><\/li>\n<\/ul>\n<\/div><\/div><\/div><\/div><\/div><div class=\"vc_col-sm-3 wpb_column vc_column_container\"><div class=\"vc_column-inner\"><div class=\"wpb_wrapper\"><\/div><\/div><\/div><\/div><\/div><\/section><section class=\"l-section wpb_row height_huge color_alternate with_shape\"><div class=\"l-section-shape type_tilt pos_top hor_flip\" style=\"height:3vmin;\"><svg xmlns=\"http:\/\/www.w3.org\/2000\/svg\" viewBox=\"0 0 64 8\" preserveAspectRatio=\"none\" width=\"100%\" height=\"100%\">\r\n\t<path fill=\"currentColor\" d=\"M64 7.9 L64 10 L0 10 L0 0 Z\"\/>\r\n<\/svg><\/div><div class=\"l-section-shape type_zigzag pos_bottom\" style=\"height:3vmin;\"><svg xmlns=\"http:\/\/www.w3.org\/2000\/svg\" viewBox=\"0 0 64 8\" preserveAspectRatio=\"none\" width=\"100%\" height=\"100%\">\r\n\t<path fill=\"currentColor\" d=\"M64 8 L0 8 L0 0 L20 7.9 L40 3 L48 5 L64 0 Z\"\/>\r\n<\/svg><\/div><div class=\"l-section-h i-cf\"><div class=\"g-cols vc_row via_flex valign_top type_default stacking_default\"><div class=\"vc_col-sm-6 wpb_column vc_column_container\"><div class=\"vc_column-inner\"><div class=\"wpb_wrapper\"><div class=\"wpb_text_column\"><div class=\"wpb_wrapper\"><h2 id=\"por-que-guitarra\">Perch\u00e9 la chitarra \u00e8 cos\u00ec importante alla Biennale 2026<\/h2>\n<p>Non tutte le edizioni della Biennale assegnano alla chitarra solista un ruolo cos\u00ec ampio. Nel 2026 troviamo diverse generazioni di interpreti, estetiche molto differenti e un&#8217;idea comune: dimostrare che la chitarra flamenca contemporanea pu\u00f2 sostenere da sola un discorso artistico completo.<\/p>\n<p>Il programma riunisce <strong>maestri affermati<\/strong>, chitarristi con una forte identit\u00e0 creativa, artisti che presentano per la prima volta uno spettacolo proprio e musicisti che ampliano i confini tradizionali dello strumento attraverso jazz, musica sinfonica, musica antica e musiche di radice.<\/p>\n<\/div><\/div><\/div><\/div><\/div><div class=\"vc_col-sm-6 wpb_column vc_column_container\"><div class=\"vc_column-inner\"><div class=\"wpb_wrapper\"><div class=\"wpb_text_column\"><div class=\"wpb_wrapper\"><h2 id=\"turina\">Espacio Turina: il grande tempio della chitarra flamenca<\/h2>\n<p>L&#8217;<strong>Espacio Turina<\/strong>, in calle Lara\u00f1a, concentra nove concerti tra l&#8217;11 e il 27 settembre. La sua acustica e il formato relativamente intimo lo rendono particolarmente adatto ad ascoltare sfumature di tocco, comp\u00e1s, armonia e dinamica che in spazi pi\u00f9 grandi possono essere percepite diversamente.<\/p>\n<p>Al Turina si esibiranno Antonio Rey, Canito &amp; Ra\u00fal Rodr\u00edguez, Jos\u00e9 Ferm\u00edn Fern\u00e1ndez, Juan Requena, Mar\u00eda Mar\u00edn, Manuel de la Luz &amp; Manuel Im\u00e1n, Diego del Morao, Juan Medina e Dani de Mor\u00f3n. \u00c8 probabilmente il blocco pi\u00f9 coerente dell&#8217;intero programma per chi vuole seguire l&#8217;evoluzione attuale del toque flamenco.<\/p>\n<\/div><\/div><\/div><\/div><\/div><\/div><\/div><\/section><section class=\"l-section wpb_row height_huge\"><div class=\"l-section-h i-cf\"><div class=\"g-cols vc_row via_flex valign_top type_default stacking_default\"><div class=\"vc_col-sm-12 wpb_column vc_column_container\"><div class=\"vc_column-inner\"><div class=\"wpb_wrapper\"><div class=\"wpb_text_column\"><div class=\"wpb_wrapper\"><h2 id=\"imprescindibles\" style=\"text-align: center;\">8 spettacoli imperdibili per gli amanti della chitarra<\/h2>\n<p style=\"text-align: center;\">La selezione seguente non vuole trasformare la chitarra in una competizione. Ogni proposta nasce da un&#8217;estetica diversa ed \u00e8 proprio questo uno dei grandi punti di forza della Biennale 2026.<\/p>\n<\/div><\/div><\/div><\/div><\/div><\/div><\/div><\/section><section class=\"l-section wpb_row height_huge\"><div class=\"l-section-h i-cf\"><div class=\"g-cols vc_row via_flex valign_top type_default stacking_default\"><div class=\"vc_col-sm-6 wpb_column vc_column_container\"><div class=\"vc_column-inner\"><div class=\"wpb_wrapper\"><div class=\"wpb_text_column\"><div class=\"wpb_wrapper\"><h2 id=\"antonio-rey\">1. Antonio Rey \u2014 <em>Historias de un flamenco<\/em><\/h2>\n<p><strong>11 settembre \u00b7 19:00 \u00b7 Espacio Turina<\/strong><\/p>\n<p>Antonio Rey apre il grande ciclo di chitarra del Turina con <em>Historias de un flamenco<\/em>. Il programma comprende taranta, rumba, alegr\u00edas, buler\u00edas, minera e altre composizioni del suo repertorio recente.<\/p>\n<p>\u00c8 una delle scelte pi\u00f9 chiare per chi cerca una chitarra contemporanea, tecnicamente brillante e allo stesso tempo profondamente legata alla tradizione. Al concerto parteciperanno Mara Rey al cante, Manuel Heredia come seconda chitarra, Juan Parrilla al flauto e Bandolero alle percussioni.<\/p>\n<p><strong>Perch\u00e9 lo consideriamo imperdibile:<\/strong> \u00e8 uno dei grandi concertisti spagnoli di oggi e arriva a Siviglia con un repertorio maturo, dopo una carriera internazionale e diversi riconoscimenti discografici.<\/p>\n<\/div><\/div><\/div><\/div><\/div><div class=\"vc_col-sm-6 wpb_column vc_column_container\"><div class=\"vc_column-inner\"><div class=\"wpb_wrapper\"><div class=\"wpb_text_column\"><div class=\"wpb_wrapper\"><h2 id=\"jose-fermin\">2. Jos\u00e9 Ferm\u00edn Fern\u00e1ndez \u2014 <em>Guitarra desnuda<\/em><\/h2>\n<p><strong>13 settembre \u00b7 19:00 \u00b7 Espacio Turina \u00b7 Serata unica<\/strong><\/p>\n<p>Qui la proposta cambia radicalmente: <strong>chitarra sola<\/strong>, senza supporti scenici n\u00e9 accompagnamento. Jos\u00e9 Ferm\u00edn Fern\u00e1ndez presenta un recital costruito attorno a diversi palos tradizionali e alla capacit\u00e0 narrativa dello strumento.<\/p>\n<p>Il suo debutto solista alla Biennale \u00e8 anche un&#8217;occasione per ascoltare uno dei chitarristi di una generazione pi\u00f9 giovane in un formato che non permette di nascondere nulla: suono, intonazione, comp\u00e1s, intenzione e musicalit\u00e0 sono completamente esposti.<\/p>\n<p><strong>Ideale per:<\/strong> gli appassionati che vogliono ascoltare la chitarra da concerto nella sua forma pi\u00f9 essenziale.<\/p>\n<\/div><\/div><\/div><\/div><\/div><\/div><\/div><\/section><section class=\"l-section wpb_row height_huge color_alternate with_shape\"><div class=\"l-section-shape type_zigzag pos_top hor_flip\" style=\"height:3vmin;\"><svg xmlns=\"http:\/\/www.w3.org\/2000\/svg\" viewBox=\"0 0 64 8\" preserveAspectRatio=\"none\" width=\"100%\" height=\"100%\">\r\n\t<path fill=\"currentColor\" d=\"M64 8 L0 8 L0 0 L20 7.9 L40 3 L48 5 L64 0 Z\"\/>\r\n<\/svg><\/div><div class=\"l-section-shape type_zigzag pos_bottom\" style=\"height:3vmin;\"><svg xmlns=\"http:\/\/www.w3.org\/2000\/svg\" viewBox=\"0 0 64 8\" preserveAspectRatio=\"none\" width=\"100%\" height=\"100%\">\r\n\t<path fill=\"currentColor\" d=\"M64 8 L0 8 L0 0 L20 7.9 L40 3 L48 5 L64 0 Z\"\/>\r\n<\/svg><\/div><div class=\"l-section-h i-cf\"><div class=\"g-cols vc_row via_flex valign_top type_default stacking_default\"><div class=\"vc_col-sm-6 wpb_column vc_column_container\"><div class=\"vc_column-inner\"><div class=\"wpb_wrapper\"><div class=\"wpb_text_column\"><div class=\"wpb_wrapper\"><h2 id=\"juan-requena\">3. Juan Requena \u2014 <em>Requeneando<\/em><\/h2>\n<p><strong>18 settembre \u00b7 19:00 \u00b7 Espacio Turina \u00b7 Serata unica<\/strong><\/p>\n<p>Juan Requena assume per la prima volta il ruolo di protagonista di uno spettacolo proprio alla Biennale. <em>Requeneando<\/em> \u00e8 concepito come un percorso attraverso diversi palos scelti per riflettere la sua carriera, la sua sensibilit\u00e0 e il suo linguaggio musicale.<\/p>\n<p>Sar\u00e0 accompagnato da Los Makarines ai cori e alle palmas, con la collaborazione speciale del cantaor e polistrumentista Jos\u00e9 \u00c1ngel Carmona.<\/p>\n<p><strong>Cosa lo rende diverso:<\/strong> non \u00e8 soltanto un recital virtuosistico, ma la presentazione di un universo creativo personale che anticipa anche materiale del suo prossimo progetto discografico.<\/p>\n<\/div><\/div><\/div><\/div><\/div><div class=\"vc_col-sm-6 wpb_column vc_column_container\"><div class=\"vc_column-inner\"><div class=\"wpb_wrapper\"><div class=\"wpb_text_column\"><div class=\"wpb_wrapper\"><h2 id=\"alejandro-hurtado\">4. Alejandro Hurtado &amp; Enrike Solin\u00eds \u2014 <em>Devenir de la guitarra<\/em><\/h2>\n<p><strong>19 e 20 settembre \u00b7 12:00 \u00b7 Chiesa di San Luis de los Franceses<\/strong><\/p>\n<p>\u00c8 una delle proposte concettualmente pi\u00f9 interessanti dell&#8217;edizione. Alejandro Hurtado mette la chitarra flamenca in dialogo con la <strong>chitarra storica e la musica antica<\/strong>, insieme a Enrike Solin\u00eds e in collaborazione con il Festival de M\u00fasica Antigua de Sevilla.<\/p>\n<p>Il programma comprende composizioni originali di Hurtado, riferimenti storici e un percorso che collega diverse fasi della storia della chitarra.<\/p>\n<p>La cornice barocca di <strong>San Luis de los Franceses<\/strong> aggiunge inoltre una dimensione spaziale e acustica molto particolare.<\/p>\n<\/div><\/div><\/div><\/div><\/div><\/div><\/div><\/section><section class=\"l-section wpb_row height_huge\"><div class=\"l-section-h i-cf\"><div class=\"g-cols vc_row via_flex valign_top type_default stacking_default\"><div class=\"vc_col-sm-6 wpb_column vc_column_container\"><div class=\"vc_column-inner\"><div class=\"wpb_wrapper\"><div class=\"wpb_text_column\"><div class=\"wpb_wrapper\"><h2 id=\"canizares\">5. Ca\u00f1izares &amp; ROSS \u2014 <em>Ca\u00f1izares sinf\u00f3nico<\/em><\/h2>\n<p><strong>19 settembre \u00b7 20:00 \u00b7 Teatro de la Maestranza \u00b7 Serata unica<\/strong><\/p>\n<p>Juan Manuel Ca\u00f1izares si presenta come chitarra solista insieme alla <strong>Real Orquesta Sinf\u00f3nica de Sevilla<\/strong>, diretta da Santiago Serrate.<\/p>\n<p>Il programma include il <em>Concierto Al-\u00c1ndalus para guitarra y orquesta<\/em>, dedicato alla memoria di Paco de Luc\u00eda, e il <em>Concierto Mediterr\u00e1neo<\/em>, dedicato a Joaqu\u00edn Rodrigo.<\/p>\n<p><strong>Perch\u00e9 \u00e8 speciale:<\/strong> \u00e8 la proposta pi\u00f9 chiaramente sinfonica dell&#8217;intero programma chitarristico. Per chi vuole ascoltare come la chitarra flamenca si proietta davanti a una grande orchestra, questa \u00e8 una delle serate chiave della Biennale.<\/p>\n<\/div><\/div><\/div><\/div><\/div><div class=\"vc_col-sm-6 wpb_column vc_column_container\"><div class=\"vc_column-inner\"><div class=\"wpb_wrapper\"><div class=\"wpb_text_column\"><div class=\"wpb_wrapper\"><h2 id=\"riqueni\">6. Rafael Riqueni &amp; Tim Ries \u2014 <em>Tunisia<\/em><\/h2>\n<p><strong>21 settembre \u00b7 20:00 \u00b7 Teatro Lope de Vega \u00b7 Prima assoluta<\/strong><\/p>\n<p>Uno degli incontri pi\u00f9 singolari del 2026 riunisce il chitarrista sivigliano <strong>Rafael Riqueni<\/strong> con il sassofonista e flautista statunitense <strong>Tim Ries<\/strong>.<\/p>\n<p>Il repertorio intreccia composizioni legate all&#8217;universo di Riqueni con altri brani e apre uno spazio di dialogo tra chitarra flamenca, jazz e sensibilit\u00e0 cameristica.<\/p>\n<p><strong>Ideale per:<\/strong> chi cerca una proposta meno ortodossa e pi\u00f9 aperta al dialogo tra generi, con al centro uno dei grandi nomi storici della chitarra sivigliana.<\/p>\n<\/div><\/div><\/div><\/div><\/div><\/div><\/div><\/section><section class=\"l-section wpb_row height_huge color_alternate with_shape\"><div class=\"l-section-shape type_zigzag pos_top hor_flip\" style=\"height:3vmin;\"><svg xmlns=\"http:\/\/www.w3.org\/2000\/svg\" viewBox=\"0 0 64 8\" preserveAspectRatio=\"none\" width=\"100%\" height=\"100%\">\r\n\t<path fill=\"currentColor\" d=\"M64 8 L0 8 L0 0 L20 7.9 L40 3 L48 5 L64 0 Z\"\/>\r\n<\/svg><\/div><div class=\"l-section-shape type_zigzag pos_bottom\" style=\"height:3vmin;\"><svg xmlns=\"http:\/\/www.w3.org\/2000\/svg\" viewBox=\"0 0 64 8\" preserveAspectRatio=\"none\" width=\"100%\" height=\"100%\">\r\n\t<path fill=\"currentColor\" d=\"M64 8 L0 8 L0 0 L20 7.9 L40 3 L48 5 L64 0 Z\"\/>\r\n<\/svg><\/div><div class=\"l-section-h i-cf\"><div class=\"g-cols vc_row via_flex valign_top type_default stacking_default\"><div class=\"vc_col-sm-6 wpb_column vc_column_container\"><div class=\"vc_column-inner\"><div class=\"wpb_wrapper\"><div class=\"wpb_text_column\"><div class=\"wpb_wrapper\"><h2 id=\"diego-morao\">7. Diego del Morao \u2014 <em>M\u00e1s Morao<\/em><\/h2>\n<p><strong>25 settembre \u00b7 19:00 \u00b7 Espacio Turina \u00b7 Serata unica<\/strong><\/p>\n<p>Diego del Morao rappresenta uno dei suoni pi\u00f9 riconoscibili della chitarra contemporanea di Jerez. <em>M\u00e1s Morao<\/em> mette il suo toque in primo piano, sostenuto dal ritmo di un gruppo strettamente legato all&#8217;estetica di Jerez e del quartiere di Santiago.<\/p>\n<p>Con lui ci saranno An\u00e9 Carrasco alle percussioni e Maloko al cante, oltre ad altri collaboratori da confermare.<\/p>\n<p><strong>Perch\u00e9 non ce lo perderemmo:<\/strong> poche chitarre contemporanee hanno una personalit\u00e0 ritmica cos\u00ec riconoscibile. \u00c8 un appuntamento particolarmente consigliato a chi apprezza il comp\u00e1s, la sonorit\u00e0 di Jerez e un modo molto personale di accompagnare e costruire falsetas.<\/p>\n<\/div><\/div><\/div><\/div><\/div><div class=\"vc_col-sm-6 wpb_column vc_column_container\"><div class=\"vc_column-inner\"><div class=\"wpb_wrapper\"><div class=\"wpb_text_column\"><div class=\"wpb_wrapper\"><h2 id=\"dani-moron\">8. Dani de Mor\u00f3n \u2014 <em>Cuadro<\/em><\/h2>\n<p><strong>27 settembre \u00b7 19:00 \u00b7 Espacio Turina \u00b7 Serata unica<\/strong><\/p>\n<p>Dani de Mor\u00f3n chiude il ciclo del Turina con una proposta che recupera l&#8217;idea del <strong>cuadro flamenco come organismo vivo<\/strong>. La sua chitarra dialoga con le voci di Sergio El Colorao, Amparo Lagares e Ismael El Bola, il baile di Claudia La Debla e le palmas di Los Mellis.<\/p>\n<p>Il programma attraversa buler\u00edas, sole\u00e1, ton\u00e1s, tientos, canti\u00f1as, romance, farruca, seguiriya, tangos e altri stili.<\/p>\n<p><strong>Cosa apporta:<\/strong> permette di ascoltare la chitarra non soltanto come strumento solista, ma come architettura musicale che organizza cante, baile, comp\u00e1s e creazione collettiva.<\/p>\n<\/div><\/div><\/div><\/div><\/div><\/div><\/div><\/section><section class=\"l-section wpb_row height_huge\"><div class=\"l-section-h i-cf\"><div class=\"g-cols vc_row via_flex valign_top type_default stacking_default\"><div class=\"vc_col-sm-12 wpb_column vc_column_container\"><div class=\"vc_column-inner\"><div class=\"wpb_wrapper\"><div class=\"wpb_text_column\"><div class=\"wpb_wrapper\"><h2 id=\"calendario\">Calendario ampliato della chitarra alla Biennale 2026<\/h2>\n<div style=\"overflow-x: auto;\">\n<table>\n<thead>\n<tr>\n<th>Data<\/th>\n<th>Artista \/ spettacolo<\/th>\n<th>Spazio<\/th>\n<th>Caratteristica<\/th>\n<\/tr>\n<\/thead>\n<tbody>\n<tr>\n<td>11 set<\/td>\n<td><strong>Antonio Rey \u2014 Historias de un flamenco<\/strong><\/td>\n<td>Espacio Turina<\/td>\n<td>Recital contemporaneo<\/td>\n<\/tr>\n<tr>\n<td>12 set<\/td>\n<td><strong>Canito &amp; Ra\u00fal Rodr\u00edguez \u2014 La cuerda al aire<\/strong><\/td>\n<td>Espacio Turina<\/td>\n<td>Chitarra e tres flamenco<\/td>\n<\/tr>\n<tr>\n<td>13 set<\/td>\n<td><strong>Jos\u00e9 Ferm\u00edn Fern\u00e1ndez \u2014 Guitarra desnuda<\/strong><\/td>\n<td>Espacio Turina<\/td>\n<td>Chitarra sola<\/td>\n<\/tr>\n<tr>\n<td>18 set<\/td>\n<td><strong>Juan Requena \u2014 Requeneando<\/strong><\/td>\n<td>Espacio Turina<\/td>\n<td>Creazione personale<\/td>\n<\/tr>\n<tr>\n<td>18 set<\/td>\n<td><strong>Antonio Reyes \u2014 Seis cuerdas, seis<\/strong><\/td>\n<td>Teatro Lope de Vega<\/td>\n<td>Cante e chitarra<\/td>\n<\/tr>\n<tr>\n<td>19 set<\/td>\n<td><strong>Alejandro Hurtado &amp; Enrike Solin\u00eds \u2014 Devenir de la guitarra<\/strong><\/td>\n<td>San Luis<\/td>\n<td>Flamenco e chitarra storica<\/td>\n<\/tr>\n<tr>\n<td>19 set<\/td>\n<td><strong>Mar\u00eda Mar\u00edn \u2014 Las Tres Mar\u00edas<\/strong><\/td>\n<td>Espacio Turina<\/td>\n<td>Chitarra e voce \u00b7 prima<\/td>\n<\/tr>\n<tr>\n<td>19 set<\/td>\n<td><strong>Ca\u00f1izares &amp; ROSS \u2014 Ca\u00f1izares sinf\u00f3nico<\/strong><\/td>\n<td>Maestranza<\/td>\n<td>Chitarra e orchestra<\/td>\n<\/tr>\n<tr>\n<td>20 set<\/td>\n<td><strong>Alejandro Hurtado &amp; Enrike Solin\u00eds \u2014 Devenir de la guitarra<\/strong><\/td>\n<td>San Luis<\/td>\n<td>Seconda replica<\/td>\n<\/tr>\n<tr>\n<td>20 set<\/td>\n<td><strong>Manuel de la Luz &amp; Manuel Im\u00e1n \u2014 Manos que hablan<\/strong><\/td>\n<td>Espacio Turina<\/td>\n<td>Dialogo tra chitarre<\/td>\n<\/tr>\n<tr>\n<td>21 set<\/td>\n<td><strong>Rafael Riqueni &amp; Tim Ries \u2014 Tunisia<\/strong><\/td>\n<td>Lope de Vega<\/td>\n<td>Prima \u00b7 flamenco e jazz<\/td>\n<\/tr>\n<tr>\n<td>25 set<\/td>\n<td><strong>Diego del Morao \u2014 M\u00e1s Morao<\/strong><\/td>\n<td>Espacio Turina<\/td>\n<td>Chitarra di Jerez<\/td>\n<\/tr>\n<tr>\n<td>26 set<\/td>\n<td><strong>Juan Medina \u2014 Fugaz<\/strong><\/td>\n<td>Espacio Turina<\/td>\n<td>Nuova generazione<\/td>\n<\/tr>\n<tr>\n<td>27 set<\/td>\n<td><strong>Dani de Mor\u00f3n \u2014 Cuadro<\/strong><\/td>\n<td>Espacio Turina<\/td>\n<td>Chitarra, cante e baile<\/td>\n<\/tr>\n<\/tbody>\n<\/table>\n<\/div>\n<\/div><\/div><\/div><\/div><\/div><\/div><\/div><\/section><section class=\"l-section wpb_row height_huge color_alternate with_shape\"><div class=\"l-section-shape type_zigzag pos_top hor_flip\" style=\"height:3vmin;\"><svg xmlns=\"http:\/\/www.w3.org\/2000\/svg\" viewBox=\"0 0 64 8\" preserveAspectRatio=\"none\" width=\"100%\" height=\"100%\">\r\n\t<path fill=\"currentColor\" d=\"M64 8 L0 8 L0 0 L20 7.9 L40 3 L48 5 L64 0 Z\"\/>\r\n<\/svg><\/div><div class=\"l-section-shape type_zigzag pos_bottom\" style=\"height:3vmin;\"><svg xmlns=\"http:\/\/www.w3.org\/2000\/svg\" viewBox=\"0 0 64 8\" preserveAspectRatio=\"none\" width=\"100%\" height=\"100%\">\r\n\t<path fill=\"currentColor\" d=\"M64 8 L0 8 L0 0 L20 7.9 L40 3 L48 5 L64 0 Z\"\/>\r\n<\/svg><\/div><div class=\"l-section-h i-cf\"><div class=\"g-cols vc_row via_flex valign_top type_default stacking_default\"><div class=\"vc_col-sm-6 wpb_column vc_column_container\"><div class=\"vc_column-inner\"><div class=\"wpb_wrapper\"><div class=\"wpb_text_column\"><div class=\"wpb_wrapper\"><h2 id=\"elegir\">Quale concerto scegliere in base ai tuoi gusti<\/h2>\n<ul>\n<li><strong>Chitarra sola ed essenziale:<\/strong> Jos\u00e9 Ferm\u00edn Fern\u00e1ndez.<\/li>\n<li><strong>Grande concertismo contemporaneo:<\/strong> Antonio Rey.<\/li>\n<li><strong>Comp\u00e1s e scuola di Jerez:<\/strong> Diego del Morao.<\/li>\n<li><strong>Flamenco e tradizione storica:<\/strong> Alejandro Hurtado &amp; Enrike Solin\u00eds.<\/li>\n<li><strong>Chitarra con orchestra:<\/strong> Ca\u00f1izares &amp; ROSS.<\/li>\n<li><strong>Flamenco aperto al jazz:<\/strong> Rafael Riqueni &amp; Tim Ries.<\/li>\n<li><strong>Chitarra nel cuadro flamenco:<\/strong> Dani de Mor\u00f3n.<\/li>\n<li><strong>Nuove voci del toque:<\/strong> Juan Requena, Jos\u00e9 Ferm\u00edn Fern\u00e1ndez, Mar\u00eda Mar\u00edn o Juan Medina.<\/li>\n<\/ul>\n<\/div><\/div><\/div><\/div><\/div><div class=\"vc_col-sm-6 wpb_column vc_column_container\"><div class=\"vc_column-inner\"><div class=\"wpb_wrapper\"><div class=\"wpb_text_column\"><div class=\"wpb_wrapper\"><h2>Vale la pena riservare pi\u00f9 pomeriggi al Turina?<\/h2>\n<p>S\u00ec, soprattutto se la chitarra \u00e8 uno dei motivi principali della tua visita alla Biennale. Il programma del Turina non ripete un solo modello di recital: ci sono chitarra sola, accompagnamento, dialogo tra strumenti, chitarra e voce, scuola di Jerez e proposte collettive.<\/p>\n<p>Una buona strategia pu\u00f2 essere scegliere <strong>due o tre concerti con profili differenti<\/strong>. Per esempio, Jos\u00e9 Ferm\u00edn per ascoltare lo strumento completamente nudo, Diego del Morao per entrare nel linguaggio di Jerez e Dani de Mor\u00f3n per vedere come la chitarra struttura un cuadro completo.<\/p>\n<\/div><\/div><\/div><\/div><\/div><\/div><\/div><\/section><section class=\"l-section wpb_row height_huge\"><div class=\"l-section-h i-cf\"><div class=\"g-cols vc_row via_flex valign_top type_default stacking_default\"><div class=\"vc_col-sm-12 wpb_column vc_column_container\"><div class=\"vc_column-inner\"><div class=\"wpb_wrapper\"><div class=\"wpb_text_column\"><div class=\"wpb_wrapper\"><h2>Biglietti e pianificazione<\/h2>\n<p>Gli spettacoli dell&#8217;Espacio Turina hanno prezzi pi\u00f9 contenuti rispetto ad alcune delle grandi produzioni del Maestranza. Tuttavia, diversi appuntamenti sono annunciati come <strong>Notti Uniche<\/strong>, quindi esiste una sola occasione per vederli durante la Biennale.<\/p>\n<p>Per consultare prezzi aggiornati, sconti, Hora Joven e canali ufficiali di acquisto, puoi usare la nostra guida a <a href=\"https:\/\/www.tablaosflamencos.com\/bienal-flamenco-2026-entradas-precios-descuentos.html\"><strong>biglietti, prezzi e sconti della Biennale 2026<\/strong><\/a>.<\/p>\n<p>Consigliamo inoltre di controllare il <a href=\"https:\/\/www.labienal.com\/programa-general\" target=\"_blank\" rel=\"noopener\"><strong>programma ufficiale della Biennale<\/strong><\/a> prima di spostarti, perch\u00e9 la disponibilit\u00e0 cambia man mano che si avvicina ogni data.<\/p>\n<\/div><\/div><div class=\"w-separator size_medium\"><\/div><div class=\"w-hwrapper valign_top wrap stack_on_mobiles align_center\" style=\"--hwrapper-gap:1.2rem\"><div class=\"w-btn-wrapper align_none\"><a class=\"w-btn us-btn-style_1\" href=\"https:\/\/www.tablaosflamencos.com\/it\/matinee-uniche-biennale-flamenco-siviglia-2026.html\"><span class=\"w-btn-label\">Vedi le Matin\u00e9e Uniche<\/span><\/a><\/div><div class=\"w-btn-wrapper align_none\"><a class=\"w-btn us-btn-style_1\" href=\"https:\/\/www.tablaosflamencos.com\/it\/notti-uniche-biennale-flamenco-siviglia-2026.html\"><span class=\"w-btn-label\">Vedi le Notti Uniche<\/span><\/a><\/div><\/div><\/div><\/div><\/div><\/div><\/div><\/section><section class=\"l-section wpb_row height_huge color_alternate with_shape\"><div class=\"l-section-shape type_zigzag pos_top\" style=\"height:3vmin;\"><svg xmlns=\"http:\/\/www.w3.org\/2000\/svg\" viewBox=\"0 0 64 8\" preserveAspectRatio=\"none\" width=\"100%\" height=\"100%\">\r\n\t<path fill=\"currentColor\" d=\"M64 8 L0 8 L0 0 L20 7.9 L40 3 L48 5 L64 0 Z\"\/>\r\n<\/svg><\/div><div class=\"l-section-shape type_zigzag pos_bottom\" style=\"height:3vmin;\"><svg xmlns=\"http:\/\/www.w3.org\/2000\/svg\" viewBox=\"0 0 64 8\" preserveAspectRatio=\"none\" width=\"100%\" height=\"100%\">\r\n\t<path fill=\"currentColor\" d=\"M64 8 L0 8 L0 0 L20 7.9 L40 3 L48 5 L64 0 Z\"\/>\r\n<\/svg><\/div><div class=\"l-section-h i-cf\"><div class=\"g-cols vc_row via_flex valign_top type_default stacking_default\"><div class=\"vc_col-sm-12 wpb_column vc_column_container\"><div class=\"vc_column-inner\"><div class=\"wpb_wrapper\"><div class=\"wpb_text_column\"><div class=\"wpb_wrapper\"><h2 style=\"text-align: center;\">Una Biennale per ascoltare come suona la chitarra flamenca di oggi<\/h2>\n<p style=\"text-align: center;\">La chitarra del 2026 non appare alla Biennale come un blocco omogeneo. Tradizione, sperimentazione, accompagnamento, recital solista, orchestra, jazz, musica antica e nuove generazioni convivono nello stesso programma.<\/p>\n<p style=\"text-align: center;\">Questo contrasto rende il cartellone un&#8217;occasione particolarmente preziosa per capire <strong>in quale direzione si muove la chitarra flamenca contemporanea senza perdere di vista le proprie radici<\/strong>.<\/p>\n<p style=\"text-align: center;\">Se la chitarra \u00e8 una priorit\u00e0 del tuo viaggio a Siviglia, questa edizione permette praticamente di costruire un festival dentro il festival.<\/p>\n<\/div><\/div><\/div><\/div><\/div><\/div><\/div><\/section><section class=\"l-section wpb_row height_huge with_shape\"><div class=\"l-section-shape type_zigzag pos_bottom\" style=\"height:3vmin;\"><svg xmlns=\"http:\/\/www.w3.org\/2000\/svg\" viewBox=\"0 0 64 8\" preserveAspectRatio=\"none\" width=\"100%\" height=\"100%\">\r\n\t<path fill=\"currentColor\" d=\"M64 8 L0 8 L0 0 L20 7.9 L40 3 L48 5 L64 0 Z\"\/>\r\n<\/svg><\/div><div class=\"l-section-h i-cf\"><div class=\"g-cols vc_row via_flex valign_top type_default stacking_default\"><div class=\"vc_col-sm-1\/5 wpb_column vc_column_container\"><div class=\"vc_column-inner\"><div class=\"wpb_wrapper\"><\/div><\/div><\/div><div class=\"vc_col-sm-3\/5 wpb_column vc_column_container\"><div class=\"vc_column-inner\"><div class=\"wpb_wrapper\"><div class=\"wpb_text_column\"><div class=\"wpb_wrapper\"><h2 id=\"faq-guitarra\" style=\"text-align: center;\">Domande frequenti sulla chitarra alla Biennale 2026<\/h2>\n<\/div><\/div><div class=\"w-separator size_medium\"><\/div><div class=\"w-tabs accordion toggle_style_1 has_scrolling\" style=\"--sections-title-size:inherit;--sections-gap:0.5rem;\"><div class=\"w-tabs-sections titles-align_none icon_chevron cpos_right\"><div class=\"w-tabs-section\" id=\"r0a3\"><button type=\"button\" class=\"w-tabs-section-header\" aria-controls=\"content-r0a3\" aria-expanded=\"false\"><div class=\"w-tabs-section-title\">Quanti spettacoli di chitarra ci sono alla Biennale 2026?<\/div><div class=\"w-tabs-section-control\"><\/div><\/button><div  class=\"w-tabs-section-content\" id=\"content-r0a3\"><div class=\"w-tabs-section-content-h i-cf\"><div class=\"wpb_text_column\"><div class=\"wpb_wrapper\"><p>La Biennale ha evidenziato circa <strong>quindici proposte<\/strong> in cui la chitarra flamenca da concerto occupa un ruolo centrale, distribuite tra Espacio Turina, San Luis de los Franceses, Teatro Lope de Vega e Teatro de la Maestranza, oltre ad altri spazi.<\/p>\n<\/div><\/div><\/div><\/div><\/div><div class=\"w-tabs-section\" id=\"r1b8\"><button type=\"button\" class=\"w-tabs-section-header\" aria-controls=\"content-r1b8\" aria-expanded=\"false\"><div class=\"w-tabs-section-title\">Dove si concentra il programma di chitarra?<\/div><div class=\"w-tabs-section-control\"><\/div><\/button><div  class=\"w-tabs-section-content\" id=\"content-r1b8\"><div class=\"w-tabs-section-content-h i-cf\"><div class=\"wpb_text_column\"><div class=\"wpb_wrapper\"><p>La sede principale \u00e8 l&#8217;<strong>Espacio Turina<\/strong>, che ospita nove concerti di chitarra tra l&#8217;11 e il 27 settembre 2026.<\/p>\n<\/div><\/div><\/div><\/div><\/div><div class=\"w-tabs-section\" id=\"b29e\"><button type=\"button\" class=\"w-tabs-section-header\" aria-controls=\"content-b29e\" aria-expanded=\"false\"><div class=\"w-tabs-section-title\">Quali importanti chitarristi partecipano alla Biennale 2026?<\/div><div class=\"w-tabs-section-control\"><\/div><\/button><div  class=\"w-tabs-section-content\" id=\"content-b29e\"><div class=\"w-tabs-section-content-h i-cf\"><div class=\"wpb_text_column\"><div class=\"wpb_wrapper\"><p>Tra gli altri partecipano Antonio Rey, Rafael Riqueni, Juan Manuel Ca\u00f1izares, Diego del Morao, Dani de Mor\u00f3n, Alejandro Hurtado, Jos\u00e9 Ferm\u00edn Fern\u00e1ndez, Juan Requena, Mar\u00eda Mar\u00edn, Manuel de la Luz, Manuel Im\u00e1n e Juan Medina.<\/p>\n<\/div><\/div><\/div><\/div><\/div><div class=\"w-tabs-section\" id=\"b36f\"><button type=\"button\" class=\"w-tabs-section-header\" aria-controls=\"content-b36f\" aria-expanded=\"false\"><div class=\"w-tabs-section-title\">Ci sono recital di chitarra sola?<\/div><div class=\"w-tabs-section-control\"><\/div><\/button><div  class=\"w-tabs-section-content\" id=\"content-b36f\"><div class=\"w-tabs-section-content-h i-cf\"><div class=\"wpb_text_column\"><div class=\"wpb_wrapper\"><p>S\u00ec. Una delle proposte pi\u00f9 chiare \u00e8 <em>Guitarra desnuda<\/em> di Jos\u00e9 Ferm\u00edn Fern\u00e1ndez, il 13 settembre all&#8217;Espacio Turina, concepita per mettere la chitarra nella sua espressione pi\u00f9 essenziale.<\/p>\n<\/div><\/div><\/div><\/div><\/div><div class=\"w-tabs-section\" id=\"c457\"><button type=\"button\" class=\"w-tabs-section-header\" aria-controls=\"content-c457\" aria-expanded=\"false\"><div class=\"w-tabs-section-title\">C&#8217;\u00e8 chitarra flamenca con orchestra sinfonica?<\/div><div class=\"w-tabs-section-control\"><\/div><\/button><div  class=\"w-tabs-section-content\" id=\"content-c457\"><div class=\"w-tabs-section-content-h i-cf\"><div class=\"wpb_text_column\"><div class=\"wpb_wrapper\"><p>S\u00ec. Juan Manuel Ca\u00f1izares si esibisce con la Real Orquesta Sinf\u00f3nica de Sevilla il 19 settembre al Teatro de la Maestranza con <em>Ca\u00f1izares sinf\u00f3nico<\/em>.<\/p>\n<\/div><\/div><\/div><\/div><\/div><div class=\"w-tabs-section\" id=\"c533\"><button type=\"button\" class=\"w-tabs-section-header\" aria-controls=\"content-c533\" aria-expanded=\"false\"><div class=\"w-tabs-section-title\">Quale concerto unisce chitarra flamenca e jazz?<\/div><div class=\"w-tabs-section-control\"><\/div><\/button><div  class=\"w-tabs-section-content\" id=\"content-c533\"><div class=\"w-tabs-section-content-h i-cf\"><div class=\"wpb_text_column\"><div class=\"wpb_wrapper\"><p><em>Tunisia<\/em>, di Rafael Riqueni e Tim Ries, propone un dialogo tra la chitarra flamenca del maestro sivigliano e i sassofoni e il flauto del musicista statunitense. \u00c8 una prima assoluta in programma il 21 settembre al Lope de Vega.<\/p>\n<\/div><\/div><\/div><\/div><\/div><div class=\"w-tabs-section\" id=\"z617\"><button type=\"button\" class=\"w-tabs-section-header\" aria-controls=\"content-z617\" aria-expanded=\"false\"><div class=\"w-tabs-section-title\">Dove posso ascoltare Diego del Morao?<\/div><div class=\"w-tabs-section-control\"><\/div><\/button><div  class=\"w-tabs-section-content\" id=\"content-z617\"><div class=\"w-tabs-section-content-h i-cf\"><div class=\"wpb_text_column\"><div class=\"wpb_wrapper\"><p>Diego del Morao presenta <em>M\u00e1s Morao<\/em> il <strong>25 settembre alle 19:00<\/strong> all&#8217;Espacio Turina. \u00c8 annunciato come serata unica.<\/p>\n<\/div><\/div><\/div><\/div><\/div><div class=\"w-tabs-section\" id=\"v6f0\"><button type=\"button\" class=\"w-tabs-section-header\" aria-controls=\"content-v6f0\" aria-expanded=\"false\"><div class=\"w-tabs-section-title\">Quando si esibisce Dani de Mor\u00f3n?<\/div><div class=\"w-tabs-section-control\"><\/div><\/button><div  class=\"w-tabs-section-content\" id=\"content-v6f0\"><div class=\"w-tabs-section-content-h i-cf\"><div class=\"wpb_text_column\"><div class=\"wpb_wrapper\"><p>Dani de Mor\u00f3n presenta <em>Cuadro<\/em> il <strong>27 settembre alle 19:00<\/strong> all&#8217;Espacio Turina, anche in questo caso come serata unica.<\/p>\n<\/div><\/div><\/div><\/div><\/div><div class=\"w-tabs-section\" id=\"t7b6\"><button type=\"button\" class=\"w-tabs-section-header\" aria-controls=\"content-t7b6\" aria-expanded=\"false\"><div class=\"w-tabs-section-title\">C&#8217;\u00e8 chitarra nelle Matin\u00e9e Uniche?<\/div><div class=\"w-tabs-section-control\"><\/div><\/button><div  class=\"w-tabs-section-content\" id=\"content-t7b6\"><div class=\"w-tabs-section-content-h i-cf\"><div class=\"wpb_text_column\"><div class=\"wpb_wrapper\"><p>S\u00ec. Alejandro Hurtado presenta <em>Devenir de la guitarra<\/em> con Enrike Solin\u00eds il 19 e 20 settembre alle 12:00 nella Chiesa di San Luis de los Franceses.<\/p>\n<\/div><\/div><\/div><\/div><\/div><div class=\"w-tabs-section\" id=\"p876\"><button type=\"button\" class=\"w-tabs-section-header\" aria-controls=\"content-p876\" aria-expanded=\"false\"><div class=\"w-tabs-section-title\">Dove si comprano i biglietti per i concerti di chitarra?<\/div><div class=\"w-tabs-section-control\"><\/div><\/button><div  class=\"w-tabs-section-content\" id=\"content-p876\"><div class=\"w-tabs-section-content-h i-cf\"><div class=\"wpb_text_column\"><div class=\"wpb_wrapper\"><p>Il modo pi\u00f9 sicuro \u00e8 accedere alla scheda di ogni spettacolo dal programma ufficiale della Biennale. Su Tablaos Flamencos manteniamo inoltre una guida specifica con prezzi, sconti, biglietterie e consigli per l&#8217;acquisto.<\/p>\n<\/div><\/div><\/div><\/div><\/div><\/div><\/div><\/div><\/div><\/div><div class=\"vc_col-sm-1\/5 wpb_column vc_column_container\"><div class=\"vc_column-inner\"><div class=\"wpb_wrapper\"><\/div><\/div><\/div><\/div><\/div><\/section>\n","protected":false},"excerpt":{"rendered":"<p>Guida agli spettacoli di chitarra flamenca imperdibili della Biennale di Flamenco di Siviglia 2026, con Antonio Rey, Riqueni, Ca\u00f1izares, Diego del Morao, Dani de Mor\u00f3n e altri.<\/p>\n","protected":false},"author":1,"featured_media":14100,"comment_status":"closed","ping_status":"closed","sticky":false,"template":"","format":"standard","meta":{"_acf_changed":false,"wpai_generated_summary":"","_ayudawp_aiss_exclude":false,"_ayudawp_aiss_exclude_summary":false,"_ayudawp_aiss_summary":"","_ayudawp_aiss_summary_provider":"","_ayudawp_aiss_summary_hash":"","footnotes":""},"categories":[1429],"tags":[1249,1250,1251,1403,1252,1177,1253],"class_list":["post-14140","post","type-post","status-publish","format-standard","has-post-thumbnail","hentry","category-biennale-di-flamenco","tag-agenda-flamenca","tag-bienal-2026","tag-bienal-de-flamenco","tag-chitarra-flamenca","tag-festivales-flamencos","tag-flamenco-en-sevilla","tag-sevilla"],"acf":[],"yoast_head":"<!-- This site is optimized with the Yoast SEO Premium plugin v28.4 (Yoast SEO v28.4) - https:\/\/yoast.com\/product\/yoast-seo-premium-wordpress\/ -->\n<title>Chitarra alla Biennale di Flamenco 2026: imperdibili<\/title>\n<meta name=\"description\" content=\"Gli spettacoli di chitarra flamenca imperdibili della Biennale di Flamenco di Siviglia 2026: Antonio Rey, Riqueni, Ca\u00f1izares, Diego del Morao e altri.\" \/>\n<meta name=\"robots\" content=\"index, follow, max-snippet:-1, max-image-preview:large, max-video-preview:-1\" \/>\n<link rel=\"canonical\" href=\"https:\/\/www.tablaosflamencos.com\/it\/chitarra-biennale-flamenco-siviglia-2026-spettacoli-imperdibili.html\" \/>\n<meta property=\"og:locale\" content=\"it_IT\" \/>\n<meta property=\"og:type\" content=\"article\" \/>\n<meta property=\"og:title\" content=\"La chitarra alla Biennale di Flamenco di Siviglia 2026: spettacoli imperdibili\" \/>\n<meta property=\"og:description\" content=\"Gli spettacoli di chitarra flamenca imperdibili della Biennale di Flamenco di Siviglia 2026: Antonio Rey, Riqueni, Ca\u00f1izares, Diego del Morao e altri.\" \/>\n<meta property=\"og:url\" content=\"https:\/\/www.tablaosflamencos.com\/it\/chitarra-biennale-flamenco-siviglia-2026-spettacoli-imperdibili.html\" \/>\n<meta property=\"og:site_name\" content=\"Tablaos Flamencos\" \/>\n<meta property=\"article:publisher\" content=\"https:\/\/www.facebook.com\/tablaosflamencos\" \/>\n<meta property=\"article:published_time\" content=\"2026-09-02T22:45:32+00:00\" \/>\n<meta property=\"article:modified_time\" content=\"2026-09-02T23:41:47+00:00\" \/>\n<meta property=\"og:image\" content=\"https:\/\/www.tablaosflamencos.com\/wp-content\/uploads\/la-guitarra-en-la-bienal-de-flamenco-2026-espectaculos-imprescindibles-01.webp\" \/>\n\t<meta property=\"og:image:width\" content=\"1672\" \/>\n\t<meta property=\"og:image:height\" content=\"941\" \/>\n\t<meta property=\"og:image:type\" content=\"image\/webp\" \/>\n<meta name=\"author\" content=\"Miguel Ortiz\" \/>\n<meta name=\"twitter:card\" content=\"summary_large_image\" \/>\n<meta name=\"twitter:creator\" content=\"@tablaosflamenco\" \/>\n<meta name=\"twitter:site\" content=\"@tablaosflamenco\" \/>\n<meta name=\"twitter:label1\" content=\"Scritto da\" \/>\n\t<meta name=\"twitter:data1\" content=\"Miguel Ortiz\" \/>\n\t<meta name=\"twitter:label2\" content=\"Tempo di lettura stimato\" \/>\n\t<meta name=\"twitter:data2\" content=\"15 minuti\" \/>\n<script type=\"application\/ld+json\" class=\"yoast-schema-graph\">{\"@context\":\"https:\\\/\\\/schema.org\",\"@graph\":[{\"@type\":\"Article\",\"@id\":\"https:\\\/\\\/www.tablaosflamencos.com\\\/it\\\/chitarra-biennale-flamenco-siviglia-2026-spettacoli-imperdibili.html#article\",\"isPartOf\":{\"@id\":\"https:\\\/\\\/www.tablaosflamencos.com\\\/it\\\/chitarra-biennale-flamenco-siviglia-2026-spettacoli-imperdibili.html\"},\"author\":{\"name\":\"Miguel Ortiz\",\"@id\":\"https:\\\/\\\/www.tablaosflamencos.com\\\/it#\\\/schema\\\/person\\\/e7a9ebe14eb75a52ceabfbffb3c54f5d\"},\"headline\":\"La chitarra alla Biennale di Flamenco di Siviglia 2026: spettacoli imperdibili\",\"datePublished\":\"2026-09-02T22:45:32+00:00\",\"dateModified\":\"2026-09-02T23:41:47+00:00\",\"mainEntityOfPage\":{\"@id\":\"https:\\\/\\\/www.tablaosflamencos.com\\\/it\\\/chitarra-biennale-flamenco-siviglia-2026-spettacoli-imperdibili.html\"},\"wordCount\":3063,\"publisher\":{\"@id\":\"https:\\\/\\\/www.tablaosflamencos.com\\\/it#organization\"},\"image\":{\"@id\":\"https:\\\/\\\/www.tablaosflamencos.com\\\/it\\\/chitarra-biennale-flamenco-siviglia-2026-spettacoli-imperdibili.html#primaryimage\"},\"thumbnailUrl\":\"https:\\\/\\\/www.tablaosflamencos.com\\\/wp-content\\\/uploads\\\/la-guitarra-en-la-bienal-de-flamenco-2026-espectaculos-imprescindibles-01.webp\",\"keywords\":[\"agenda flamenca\",\"Bienal 2026\",\"Bienal de Flamenco\",\"chitarra flamenca\",\"festivales flamencos\",\"flamenco en Sevilla\",\"sevilla\"],\"articleSection\":[\"Biennale di Flamenco\"],\"inLanguage\":\"it-IT\"},{\"@type\":\"WebPage\",\"@id\":\"https:\\\/\\\/www.tablaosflamencos.com\\\/it\\\/chitarra-biennale-flamenco-siviglia-2026-spettacoli-imperdibili.html\",\"url\":\"https:\\\/\\\/www.tablaosflamencos.com\\\/it\\\/chitarra-biennale-flamenco-siviglia-2026-spettacoli-imperdibili.html\",\"name\":\"Chitarra alla Biennale di Flamenco 2026: imperdibili\",\"isPartOf\":{\"@id\":\"https:\\\/\\\/www.tablaosflamencos.com\\\/it#website\"},\"primaryImageOfPage\":{\"@id\":\"https:\\\/\\\/www.tablaosflamencos.com\\\/it\\\/chitarra-biennale-flamenco-siviglia-2026-spettacoli-imperdibili.html#primaryimage\"},\"image\":{\"@id\":\"https:\\\/\\\/www.tablaosflamencos.com\\\/it\\\/chitarra-biennale-flamenco-siviglia-2026-spettacoli-imperdibili.html#primaryimage\"},\"thumbnailUrl\":\"https:\\\/\\\/www.tablaosflamencos.com\\\/wp-content\\\/uploads\\\/la-guitarra-en-la-bienal-de-flamenco-2026-espectaculos-imprescindibles-01.webp\",\"datePublished\":\"2026-09-02T22:45:32+00:00\",\"dateModified\":\"2026-09-02T23:41:47+00:00\",\"description\":\"Gli spettacoli di chitarra flamenca imperdibili della Biennale di Flamenco di Siviglia 2026: Antonio Rey, Riqueni, Ca\u00f1izares, Diego del Morao e altri.\",\"breadcrumb\":{\"@id\":\"https:\\\/\\\/www.tablaosflamencos.com\\\/it\\\/chitarra-biennale-flamenco-siviglia-2026-spettacoli-imperdibili.html#breadcrumb\"},\"inLanguage\":\"it-IT\",\"potentialAction\":[{\"@type\":\"ReadAction\",\"target\":[\"https:\\\/\\\/www.tablaosflamencos.com\\\/it\\\/chitarra-biennale-flamenco-siviglia-2026-spettacoli-imperdibili.html\"]}]},{\"@type\":\"ImageObject\",\"inLanguage\":\"it-IT\",\"@id\":\"https:\\\/\\\/www.tablaosflamencos.com\\\/it\\\/chitarra-biennale-flamenco-siviglia-2026-spettacoli-imperdibili.html#primaryimage\",\"url\":\"https:\\\/\\\/www.tablaosflamencos.com\\\/wp-content\\\/uploads\\\/la-guitarra-en-la-bienal-de-flamenco-2026-espectaculos-imprescindibles-01.webp\",\"contentUrl\":\"https:\\\/\\\/www.tablaosflamencos.com\\\/wp-content\\\/uploads\\\/la-guitarra-en-la-bienal-de-flamenco-2026-espectaculos-imprescindibles-01.webp\",\"width\":1672,\"height\":941,\"caption\":\"La guitarra en la Bienal de Flamenco 2026: espect\u00e1culos imprescindibles\"},{\"@type\":\"BreadcrumbList\",\"@id\":\"https:\\\/\\\/www.tablaosflamencos.com\\\/it\\\/chitarra-biennale-flamenco-siviglia-2026-spettacoli-imperdibili.html#breadcrumb\",\"itemListElement\":[{\"@type\":\"ListItem\",\"position\":1,\"name\":\"Home\",\"item\":\"https:\\\/\\\/www.tablaosflamencos.com\\\/it\"},{\"@type\":\"ListItem\",\"position\":2,\"name\":\"La chitarra alla Biennale di Flamenco di Siviglia 2026: spettacoli imperdibili\"}]},{\"@type\":\"WebSite\",\"@id\":\"https:\\\/\\\/www.tablaosflamencos.com\\\/it#website\",\"url\":\"https:\\\/\\\/www.tablaosflamencos.com\\\/it\",\"name\":\"Tablaos Flamencos\",\"description\":\"Entradas para tablaos flamencos de Espa\u00f1a\",\"publisher\":{\"@id\":\"https:\\\/\\\/www.tablaosflamencos.com\\\/it#organization\"},\"alternateName\":\"Tablaos Flamencos\",\"potentialAction\":[{\"@type\":\"SearchAction\",\"target\":{\"@type\":\"EntryPoint\",\"urlTemplate\":\"https:\\\/\\\/www.tablaosflamencos.com\\\/it?s={search_term_string}\"},\"query-input\":{\"@type\":\"PropertyValueSpecification\",\"valueRequired\":true,\"valueName\":\"search_term_string\"}}],\"inLanguage\":\"it-IT\"},{\"@type\":[\"Organization\",\"Place\",\"EntertainmentBusiness\"],\"@id\":\"https:\\\/\\\/www.tablaosflamencos.com\\\/it#organization\",\"name\":\"Tablaos Flamencos\",\"alternateName\":\"Tablaos Flamencos\",\"url\":\"https:\\\/\\\/www.tablaosflamencos.com\\\/it\",\"logo\":{\"@id\":\"https:\\\/\\\/www.tablaosflamencos.com\\\/it\\\/chitarra-biennale-flamenco-siviglia-2026-spettacoli-imperdibili.html#local-main-organization-logo\"},\"image\":{\"@id\":\"https:\\\/\\\/www.tablaosflamencos.com\\\/it\\\/chitarra-biennale-flamenco-siviglia-2026-spettacoli-imperdibili.html#local-main-organization-logo\"},\"sameAs\":[\"https:\\\/\\\/www.facebook.com\\\/tablaosflamencos\",\"https:\\\/\\\/x.com\\\/tablaosflamenco\",\"https:\\\/\\\/mastodon.social\\\/@tablaosflamencos\",\"https:\\\/\\\/www.instagram.com\\\/tablaosflamencos\",\"https:\\\/\\\/tiktok.com\\\/@tablaosflamencos\",\"https:\\\/\\\/www.linkedin.com\\\/company\\\/109408238\\\/\"],\"description\":\"Venta de entradas para espect\u00e1culos flamencos\",\"legalName\":\"Tablaos Flamencos\",\"foundingDate\":\"2015-01-01\",\"numberOfEmployees\":{\"@type\":\"QuantitativeValue\",\"minValue\":\"1\",\"maxValue\":\"10\"},\"address\":{\"@id\":\"https:\\\/\\\/www.tablaosflamencos.com\\\/it\\\/chitarra-biennale-flamenco-siviglia-2026-spettacoli-imperdibili.html#local-main-place-address\"},\"geo\":{\"@type\":\"GeoCoordinates\",\"latitude\":\"37.3868072\",\"longitude\":\"-5.993280299999999\"},\"telephone\":[\"+34623787787\"],\"contactPoint\":{\"@type\":\"ContactPoint\",\"telephone\":\"+34623787787\",\"email\":\"info@tablaosflamencos.com\"},\"openingHoursSpecification\":{\"@type\":\"OpeningHoursSpecification\",\"dayOfWeek\":[\"Monday\",\"Tuesday\",\"Wednesday\",\"Thursday\",\"Friday\",\"Saturday\",\"Sunday\"],\"opens\":\"00:00\",\"closes\":\"23:59\"},\"email\":\"info@tablaosflamencos.com\",\"priceRange\":\"$$$\",\"currenciesAccepted\":\"\u20ac\"},{\"@type\":\"Person\",\"@id\":\"https:\\\/\\\/www.tablaosflamencos.com\\\/it#\\\/schema\\\/person\\\/e7a9ebe14eb75a52ceabfbffb3c54f5d\",\"name\":\"Miguel Ortiz\",\"description\":\"Miguel Ortiz es un empresario flamenco, con una s\u00f3lida trayectoria dentro del sector. Ha presidido entidades culturales vinculadas al flamenco y, cuenta con un amplio recorrido profesional en la gesti\u00f3n y promoci\u00f3n de espect\u00e1culos y tablaos flamencos. Su pasi\u00f3n por la historia y el arte flamenco se refleja en cada art\u00edculo, donde combina experiencia, criterio y un profundo respeto por la tradici\u00f3n.\",\"sameAs\":[\"https:\\\/\\\/www.tablaosflamencos.com\",\"https:\\\/\\\/www.instagra.com\\\/miguelortizfe\",\"https:\\\/\\\/www.linkedin.com\\\/in\\\/miguelortizf\\\/\"],\"birthDate\":\"1984-11-22\",\"gender\":\"hombre\",\"knowsLanguage\":[\"espa\u00f1ol\",\"ingl\u00e9s\"],\"jobTitle\":\"Empresario flamenco\"},{\"@type\":\"PostalAddress\",\"@id\":\"https:\\\/\\\/www.tablaosflamencos.com\\\/it\\\/chitarra-biennale-flamenco-siviglia-2026-spettacoli-imperdibili.html#local-main-place-address\",\"streetAddress\":\"C\\\/ Alemanes, 19\",\"addressLocality\":\"Sevilla\",\"postalCode\":\"41004\",\"addressRegion\":\"Sevilla\",\"addressCountry\":\"ES\"},{\"@type\":\"ImageObject\",\"inLanguage\":\"it-IT\",\"@id\":\"https:\\\/\\\/www.tablaosflamencos.com\\\/it\\\/chitarra-biennale-flamenco-siviglia-2026-spettacoli-imperdibili.html#local-main-organization-logo\",\"url\":\"https:\\\/\\\/www.tablaosflamencos.com\\\/wp-content\\\/uploads\\\/tablaos-flamencos-06-3.webp\",\"contentUrl\":\"https:\\\/\\\/www.tablaosflamencos.com\\\/wp-content\\\/uploads\\\/tablaos-flamencos-06-3.webp\",\"width\":600,\"height\":620,\"caption\":\"Tablaos Flamencos\"}]}<\/script>\n<meta name=\"geo.placename\" content=\"Sevilla\" \/>\n<meta name=\"geo.position\" content=\"37.3868072;-5.993280299999999\" \/>\n<meta name=\"geo.region\" content=\"Spagna\" \/>\n<!-- \/ Yoast SEO Premium plugin. -->","yoast_head_json":{"title":"Chitarra alla Biennale di Flamenco 2026: imperdibili","description":"Gli spettacoli di chitarra flamenca imperdibili della Biennale di Flamenco di Siviglia 2026: Antonio Rey, Riqueni, Ca\u00f1izares, Diego del Morao e altri.","robots":{"index":"index","follow":"follow","max-snippet":"max-snippet:-1","max-image-preview":"max-image-preview:large","max-video-preview":"max-video-preview:-1"},"canonical":"https:\/\/www.tablaosflamencos.com\/it\/chitarra-biennale-flamenco-siviglia-2026-spettacoli-imperdibili.html","og_locale":"it_IT","og_type":"article","og_title":"La chitarra alla Biennale di Flamenco di Siviglia 2026: spettacoli imperdibili","og_description":"Gli spettacoli di chitarra flamenca imperdibili della Biennale di Flamenco di Siviglia 2026: Antonio Rey, Riqueni, Ca\u00f1izares, Diego del Morao e altri.","og_url":"https:\/\/www.tablaosflamencos.com\/it\/chitarra-biennale-flamenco-siviglia-2026-spettacoli-imperdibili.html","og_site_name":"Tablaos Flamencos","article_publisher":"https:\/\/www.facebook.com\/tablaosflamencos","article_published_time":"2026-09-02T22:45:32+00:00","article_modified_time":"2026-09-02T23:41:47+00:00","og_image":[{"width":1672,"height":941,"url":"https:\/\/www.tablaosflamencos.com\/wp-content\/uploads\/la-guitarra-en-la-bienal-de-flamenco-2026-espectaculos-imprescindibles-01.webp","type":"image\/webp"}],"author":"Miguel Ortiz","twitter_card":"summary_large_image","twitter_creator":"@tablaosflamenco","twitter_site":"@tablaosflamenco","twitter_misc":{"Scritto da":"Miguel Ortiz","Tempo di lettura stimato":"15 minuti"},"schema":{"@context":"https:\/\/schema.org","@graph":[{"@type":"Article","@id":"https:\/\/www.tablaosflamencos.com\/it\/chitarra-biennale-flamenco-siviglia-2026-spettacoli-imperdibili.html#article","isPartOf":{"@id":"https:\/\/www.tablaosflamencos.com\/it\/chitarra-biennale-flamenco-siviglia-2026-spettacoli-imperdibili.html"},"author":{"name":"Miguel Ortiz","@id":"https:\/\/www.tablaosflamencos.com\/it#\/schema\/person\/e7a9ebe14eb75a52ceabfbffb3c54f5d"},"headline":"La chitarra alla Biennale di Flamenco di Siviglia 2026: spettacoli imperdibili","datePublished":"2026-09-02T22:45:32+00:00","dateModified":"2026-09-02T23:41:47+00:00","mainEntityOfPage":{"@id":"https:\/\/www.tablaosflamencos.com\/it\/chitarra-biennale-flamenco-siviglia-2026-spettacoli-imperdibili.html"},"wordCount":3063,"publisher":{"@id":"https:\/\/www.tablaosflamencos.com\/it#organization"},"image":{"@id":"https:\/\/www.tablaosflamencos.com\/it\/chitarra-biennale-flamenco-siviglia-2026-spettacoli-imperdibili.html#primaryimage"},"thumbnailUrl":"https:\/\/www.tablaosflamencos.com\/wp-content\/uploads\/la-guitarra-en-la-bienal-de-flamenco-2026-espectaculos-imprescindibles-01.webp","keywords":["agenda flamenca","Bienal 2026","Bienal de Flamenco","chitarra flamenca","festivales flamencos","flamenco en Sevilla","sevilla"],"articleSection":["Biennale di Flamenco"],"inLanguage":"it-IT"},{"@type":"WebPage","@id":"https:\/\/www.tablaosflamencos.com\/it\/chitarra-biennale-flamenco-siviglia-2026-spettacoli-imperdibili.html","url":"https:\/\/www.tablaosflamencos.com\/it\/chitarra-biennale-flamenco-siviglia-2026-spettacoli-imperdibili.html","name":"Chitarra alla Biennale di Flamenco 2026: imperdibili","isPartOf":{"@id":"https:\/\/www.tablaosflamencos.com\/it#website"},"primaryImageOfPage":{"@id":"https:\/\/www.tablaosflamencos.com\/it\/chitarra-biennale-flamenco-siviglia-2026-spettacoli-imperdibili.html#primaryimage"},"image":{"@id":"https:\/\/www.tablaosflamencos.com\/it\/chitarra-biennale-flamenco-siviglia-2026-spettacoli-imperdibili.html#primaryimage"},"thumbnailUrl":"https:\/\/www.tablaosflamencos.com\/wp-content\/uploads\/la-guitarra-en-la-bienal-de-flamenco-2026-espectaculos-imprescindibles-01.webp","datePublished":"2026-09-02T22:45:32+00:00","dateModified":"2026-09-02T23:41:47+00:00","description":"Gli spettacoli di chitarra flamenca imperdibili della Biennale di Flamenco di Siviglia 2026: Antonio Rey, Riqueni, Ca\u00f1izares, Diego del Morao e altri.","breadcrumb":{"@id":"https:\/\/www.tablaosflamencos.com\/it\/chitarra-biennale-flamenco-siviglia-2026-spettacoli-imperdibili.html#breadcrumb"},"inLanguage":"it-IT","potentialAction":[{"@type":"ReadAction","target":["https:\/\/www.tablaosflamencos.com\/it\/chitarra-biennale-flamenco-siviglia-2026-spettacoli-imperdibili.html"]}]},{"@type":"ImageObject","inLanguage":"it-IT","@id":"https:\/\/www.tablaosflamencos.com\/it\/chitarra-biennale-flamenco-siviglia-2026-spettacoli-imperdibili.html#primaryimage","url":"https:\/\/www.tablaosflamencos.com\/wp-content\/uploads\/la-guitarra-en-la-bienal-de-flamenco-2026-espectaculos-imprescindibles-01.webp","contentUrl":"https:\/\/www.tablaosflamencos.com\/wp-content\/uploads\/la-guitarra-en-la-bienal-de-flamenco-2026-espectaculos-imprescindibles-01.webp","width":1672,"height":941,"caption":"La guitarra en la Bienal de Flamenco 2026: espect\u00e1culos imprescindibles"},{"@type":"BreadcrumbList","@id":"https:\/\/www.tablaosflamencos.com\/it\/chitarra-biennale-flamenco-siviglia-2026-spettacoli-imperdibili.html#breadcrumb","itemListElement":[{"@type":"ListItem","position":1,"name":"Home","item":"https:\/\/www.tablaosflamencos.com\/it"},{"@type":"ListItem","position":2,"name":"La chitarra alla Biennale di Flamenco di Siviglia 2026: spettacoli imperdibili"}]},{"@type":"WebSite","@id":"https:\/\/www.tablaosflamencos.com\/it#website","url":"https:\/\/www.tablaosflamencos.com\/it","name":"Tablaos Flamencos","description":"Entradas para tablaos flamencos de Espa\u00f1a","publisher":{"@id":"https:\/\/www.tablaosflamencos.com\/it#organization"},"alternateName":"Tablaos Flamencos","potentialAction":[{"@type":"SearchAction","target":{"@type":"EntryPoint","urlTemplate":"https:\/\/www.tablaosflamencos.com\/it?s={search_term_string}"},"query-input":{"@type":"PropertyValueSpecification","valueRequired":true,"valueName":"search_term_string"}}],"inLanguage":"it-IT"},{"@type":["Organization","Place","EntertainmentBusiness"],"@id":"https:\/\/www.tablaosflamencos.com\/it#organization","name":"Tablaos Flamencos","alternateName":"Tablaos Flamencos","url":"https:\/\/www.tablaosflamencos.com\/it","logo":{"@id":"https:\/\/www.tablaosflamencos.com\/it\/chitarra-biennale-flamenco-siviglia-2026-spettacoli-imperdibili.html#local-main-organization-logo"},"image":{"@id":"https:\/\/www.tablaosflamencos.com\/it\/chitarra-biennale-flamenco-siviglia-2026-spettacoli-imperdibili.html#local-main-organization-logo"},"sameAs":["https:\/\/www.facebook.com\/tablaosflamencos","https:\/\/x.com\/tablaosflamenco","https:\/\/mastodon.social\/@tablaosflamencos","https:\/\/www.instagram.com\/tablaosflamencos","https:\/\/tiktok.com\/@tablaosflamencos","https:\/\/www.linkedin.com\/company\/109408238\/"],"description":"Venta de entradas para espect\u00e1culos flamencos","legalName":"Tablaos Flamencos","foundingDate":"2015-01-01","numberOfEmployees":{"@type":"QuantitativeValue","minValue":"1","maxValue":"10"},"address":{"@id":"https:\/\/www.tablaosflamencos.com\/it\/chitarra-biennale-flamenco-siviglia-2026-spettacoli-imperdibili.html#local-main-place-address"},"geo":{"@type":"GeoCoordinates","latitude":"37.3868072","longitude":"-5.993280299999999"},"telephone":["+34623787787"],"contactPoint":{"@type":"ContactPoint","telephone":"+34623787787","email":"info@tablaosflamencos.com"},"openingHoursSpecification":{"@type":"OpeningHoursSpecification","dayOfWeek":["Monday","Tuesday","Wednesday","Thursday","Friday","Saturday","Sunday"],"opens":"00:00","closes":"23:59"},"email":"info@tablaosflamencos.com","priceRange":"$$$","currenciesAccepted":"\u20ac"},{"@type":"Person","@id":"https:\/\/www.tablaosflamencos.com\/it#\/schema\/person\/e7a9ebe14eb75a52ceabfbffb3c54f5d","name":"Miguel Ortiz","description":"Miguel Ortiz es un empresario flamenco, con una s\u00f3lida trayectoria dentro del sector. Ha presidido entidades culturales vinculadas al flamenco y, cuenta con un amplio recorrido profesional en la gesti\u00f3n y promoci\u00f3n de espect\u00e1culos y tablaos flamencos. Su pasi\u00f3n por la historia y el arte flamenco se refleja en cada art\u00edculo, donde combina experiencia, criterio y un profundo respeto por la tradici\u00f3n.","sameAs":["https:\/\/www.tablaosflamencos.com","https:\/\/www.instagra.com\/miguelortizfe","https:\/\/www.linkedin.com\/in\/miguelortizf\/"],"birthDate":"1984-11-22","gender":"hombre","knowsLanguage":["espa\u00f1ol","ingl\u00e9s"],"jobTitle":"Empresario flamenco"},{"@type":"PostalAddress","@id":"https:\/\/www.tablaosflamencos.com\/it\/chitarra-biennale-flamenco-siviglia-2026-spettacoli-imperdibili.html#local-main-place-address","streetAddress":"C\/ Alemanes, 19","addressLocality":"Sevilla","postalCode":"41004","addressRegion":"Sevilla","addressCountry":"ES"},{"@type":"ImageObject","inLanguage":"it-IT","@id":"https:\/\/www.tablaosflamencos.com\/it\/chitarra-biennale-flamenco-siviglia-2026-spettacoli-imperdibili.html#local-main-organization-logo","url":"https:\/\/www.tablaosflamencos.com\/wp-content\/uploads\/tablaos-flamencos-06-3.webp","contentUrl":"https:\/\/www.tablaosflamencos.com\/wp-content\/uploads\/tablaos-flamencos-06-3.webp","width":600,"height":620,"caption":"Tablaos Flamencos"}]},"geo.placename":"Sevilla","geo.position":{"lat":"37.3868072","long":"-5.993280299999999"},"geo.region":"Spagna"},"_links":{"self":[{"href":"https:\/\/www.tablaosflamencos.com\/it\/wp-json\/wp\/v2\/posts\/14140","targetHints":{"allow":["GET"]}}],"collection":[{"href":"https:\/\/www.tablaosflamencos.com\/it\/wp-json\/wp\/v2\/posts"}],"about":[{"href":"https:\/\/www.tablaosflamencos.com\/it\/wp-json\/wp\/v2\/types\/post"}],"author":[{"embeddable":true,"href":"https:\/\/www.tablaosflamencos.com\/it\/wp-json\/wp\/v2\/users\/1"}],"replies":[{"embeddable":true,"href":"https:\/\/www.tablaosflamencos.com\/it\/wp-json\/wp\/v2\/comments?post=14140"}],"version-history":[{"count":8,"href":"https:\/\/www.tablaosflamencos.com\/it\/wp-json\/wp\/v2\/posts\/14140\/revisions"}],"predecessor-version":[{"id":14217,"href":"https:\/\/www.tablaosflamencos.com\/it\/wp-json\/wp\/v2\/posts\/14140\/revisions\/14217"}],"wp:featuredmedia":[{"embeddable":true,"href":"https:\/\/www.tablaosflamencos.com\/it\/wp-json\/wp\/v2\/media\/14100"}],"wp:attachment":[{"href":"https:\/\/www.tablaosflamencos.com\/it\/wp-json\/wp\/v2\/media?parent=14140"}],"wp:term":[{"taxonomy":"category","embeddable":true,"href":"https:\/\/www.tablaosflamencos.com\/it\/wp-json\/wp\/v2\/categories?post=14140"},{"taxonomy":"post_tag","embeddable":true,"href":"https:\/\/www.tablaosflamencos.com\/it\/wp-json\/wp\/v2\/tags?post=14140"}],"curies":[{"name":"wp","href":"https:\/\/api.w.org\/{rel}","templated":true}]}}