{"id":14127,"date":"2026-09-03T00:15:18","date_gmt":"2026-09-02T22:15:18","guid":{"rendered":"https:\/\/www.tablaosflamencos.com\/?p=14127"},"modified":"2026-09-03T01:30:54","modified_gmt":"2026-09-02T23:30:54","slug":"jose-merce-biennale-flamenco-2026-toquen-a-rebato","status":"publish","type":"post","link":"https:\/\/www.tablaosflamencos.com\/it\/jose-merce-biennale-flamenco-2026-toquen-a-rebato.html","title":{"rendered":"Jos\u00e9 Merc\u00e9 alla Biennale di Flamenco 2026: Toquen a rebato"},"content":{"rendered":"<section class=\"l-section wpb_row height_huge\"><div class=\"l-section-h i-cf\"><div class=\"g-cols vc_row via_flex valign_top type_default stacking_default\"><div class=\"vc_col-sm-6 wpb_column vc_column_container\"><div class=\"vc_column-inner\"><div class=\"wpb_wrapper\"><div class=\"wpb_text_column\"><div class=\"wpb_wrapper\"><h2>Jos\u00e9 Merc\u00e9 torna alla Biennale con un richiamo d\u2019allarme per il cante<\/h2>\n<p>Il <strong>20 settembre 2026<\/strong>, Jos\u00e9 Merc\u00e9 torner\u00e0 al Teatro de la Maestranza nell\u2019ambito della XXIV Biennale di Flamenco di Siviglia con <strong><em>Toquen a rebato<\/em><\/strong>, una delle Notti Uniche di questa edizione. Non \u00e8 un recital concepito come una semplice rassegna dei successi n\u00e9 una presentazione convenzionale di repertorio: la stessa Biennale lo immagina come un incontro tra una delle voci pi\u00f9 riconoscibili del flamenco contemporaneo e tre giovani chitarristi destinati a occupare un posto importante nel panorama attuale della chitarra flamenca.<\/p>\n<p>Il progetto ha una memoria. Dieci anni prima, nel 2016, Merc\u00e9 chiuse quella Biennale nello stesso teatro accompagnato da Tomatito, Pepe Habichuela e Alfredo Lagos. Il successo di quella serata \u00e8 all\u2019origine di questa nuova proposta. Nel 2026 la formula torna con un\u2019altra prospettiva generazionale: <strong>David de Arahal, Jos\u00e9 del Tomate e Manuel Cerpa<\/strong> saranno alle chitarre, mentre Merc\u00e9 ripercorrer\u00e0 i cantes che interpreta meglio attraverso lo sguardo di \u00abquelli che verranno\u00bb.<\/p>\n<p>L\u2019idea riassume bene una delle tensioni che attraversano il flamenco contemporaneo: come conservare una memoria artistica senza trasformarla in un pezzo da museo. <em>Toquen a rebato<\/em> sembra costruito proprio attorno a questa domanda.<\/p>\n<\/div><\/div><\/div><\/div><\/div><div class=\"vc_col-sm-6 wpb_column vc_column_container\"><div class=\"vc_column-inner\"><div class=\"wpb_wrapper\"><div class=\"wpb_text_column\"><div class=\"wpb_wrapper\"><h3>Jos\u00e9 Merc\u00e9 alla Biennale 2026: informazioni rapide<\/h3>\n<ul>\n<li><strong>Spettacolo:<\/strong> <em>Toquen a rebato<\/em>.<\/li>\n<li><strong>Artista:<\/strong> Jos\u00e9 Merc\u00e9.<\/li>\n<li><strong>Data:<\/strong> domenica 20 settembre 2026.<\/li>\n<li><strong>Ora:<\/strong> 20:00.<\/li>\n<li><strong>Luogo:<\/strong> Teatro de la Maestranza, Siviglia.<\/li>\n<li><strong>Formato:<\/strong> Notte Unica della XXIV Biennale di Flamenco.<\/li>\n<li><strong>Chitarre:<\/strong> David de Arahal, Jos\u00e9 del Tomate e Manuel Cerpa.<\/li>\n<li><strong>Percussioni:<\/strong> David del Gasolina.<\/li>\n<li><strong>Cori e palmas:<\/strong> V\u00edctor Carrasco, Chicharito de Jerez, Jorge Bautista e Merce Garc\u00eda.<\/li>\n<\/ul>\n<\/div><\/div><\/div><\/div><\/div><\/div><\/div><\/section><section class=\"l-section wpb_row height_huge color_alternate with_shape\"><div class=\"l-section-shape type_zigzag pos_top hor_flip\" style=\"height:3vmin;\"><svg xmlns=\"http:\/\/www.w3.org\/2000\/svg\" viewBox=\"0 0 64 8\" preserveAspectRatio=\"none\" width=\"100%\" height=\"100%\">\r\n\t<path fill=\"currentColor\" d=\"M64 8 L0 8 L0 0 L20 7.9 L40 3 L48 5 L64 0 Z\"\/>\r\n<\/svg><\/div><div class=\"l-section-shape type_zigzag pos_bottom\" style=\"height:3vmin;\"><svg xmlns=\"http:\/\/www.w3.org\/2000\/svg\" viewBox=\"0 0 64 8\" preserveAspectRatio=\"none\" width=\"100%\" height=\"100%\">\r\n\t<path fill=\"currentColor\" d=\"M64 8 L0 8 L0 0 L20 7.9 L40 3 L48 5 L64 0 Z\"\/>\r\n<\/svg><\/div><div class=\"l-section-h i-cf\"><div class=\"g-cols vc_row via_flex valign_top type_default stacking_default\"><div class=\"vc_col-sm-12 wpb_column vc_column_container\"><div class=\"vc_column-inner\"><div class=\"wpb_wrapper\"><div class=\"wpb_text_column\"><div class=\"wpb_wrapper\"><h2>Che cosa significa \u00abToquen a rebato\u00bb?<\/h2>\n<p>Il titolo non \u00e8 casuale. La Biennale spiega che <strong>\u00abToquen a rebato\u00bb rimanda, da un lato, a una sole\u00e1 di Juanito Mojama<\/strong>, cantaor per il quale Jos\u00e9 Merc\u00e9 nutre una profonda ammirazione. Allo stesso tempo, \u00abtocar a rebato\u00bb \u00e8 un\u2019espressione tradizionale spagnola associata a un segnale d\u2019allarme urgente, storicamente trasmesso con un rapido rintocco di campane o con i tamburi.<\/p>\n<p>Lo spettacolo trasforma questa espressione in una dichiarazione artistica. L\u2019allarme lanciato da Merc\u00e9 pu\u00f2 riassumersi in una domanda: <strong>che cosa accade se il cante va perduto?<\/strong> Di fronte a questa possibilit\u00e0, la risposta non consiste nel guardare esclusivamente al passato. La proposta affianca Merc\u00e9 a una nuova generazione di chitarristi, cos\u00ec che la trasmissione avvenga sul palco e in tempo reale.<\/p>\n<p>Per questo il titolo funziona in pi\u00f9 direzioni. \u00c8 memoria di un cantaor storico, richiamo al linguaggio popolare e, al tempo stesso, un appello contemporaneo a difendere il cante come patrimonio vivo. Il \u00abrintocco\u00bb di Merc\u00e9 non vuole congelare il flamenco, ma consegnare repertorio, esperienza e un determinato modo di intendere il genere a musicisti pi\u00f9 giovani.<\/p>\n<\/div><\/div><\/div><\/div><\/div><\/div><\/div><\/section><section class=\"l-section wpb_row height_huge\"><div class=\"l-section-h i-cf\"><div class=\"g-cols vc_row via_flex valign_top type_default stacking_default\"><div class=\"vc_col-sm-12 wpb_column vc_column_container\"><div class=\"vc_column-inner\"><div class=\"wpb_wrapper\"><div class=\"wpb_text_column\"><div class=\"wpb_wrapper\"><h2>Un ritorno che guarda direttamente alla Biennale del 2016<\/h2>\n<p>Il confronto con il 2016 \u00e8 fondamentale per comprendere lo spettacolo. Quell\u2019anno Jos\u00e9 Merc\u00e9 fu protagonista di una chiusura molto ricordata al Teatro de la Maestranza, accompagnato da <strong>Tomatito, Pepe Habichuela e Alfredo Lagos<\/strong>, tre nomi che rappresentavano generazioni e scuole diverse della chitarra flamenca.<\/p>\n<p>Dieci anni dopo, la Biennale riprende l\u2019idea, ma cambia il punto di vista. Merc\u00e9 resta al centro del cante, mentre le chitarre passano nelle mani di tre interpreti nati tra il 1998 e il 2003. Il contrasto \u00e8 voluto: una voce con decenni di palcoscenico e un\u2019ampia discografia dialoga con chitarristi che rappresentano la continuit\u00e0 del genere.<\/p>\n<p>Non siamo quindi di fronte a una ripetizione nostalgica della serata del 2016. <strong>Il concetto viene riproposto per verificare che cosa sia cambiato in dieci anni<\/strong>: come una giovane generazione ascolta i cantes di Merc\u00e9, come li accompagna e che cosa pu\u00f2 ricevere da un artista che ha vissuto tanto il flamenco tradizionale quanto la sua apertura al grande pubblico.<\/p>\n<\/div><\/div><\/div><\/div><\/div><\/div><\/div><\/section><section class=\"l-section wpb_row height_huge color_alternate with_shape\"><div class=\"l-section-shape type_zigzag pos_top hor_flip\" style=\"height:3vmin;\"><svg xmlns=\"http:\/\/www.w3.org\/2000\/svg\" viewBox=\"0 0 64 8\" preserveAspectRatio=\"none\" width=\"100%\" height=\"100%\">\r\n\t<path fill=\"currentColor\" d=\"M64 8 L0 8 L0 0 L20 7.9 L40 3 L48 5 L64 0 Z\"\/>\r\n<\/svg><\/div><div class=\"l-section-shape type_zigzag pos_bottom\" style=\"height:3vmin;\"><svg xmlns=\"http:\/\/www.w3.org\/2000\/svg\" viewBox=\"0 0 64 8\" preserveAspectRatio=\"none\" width=\"100%\" height=\"100%\">\r\n\t<path fill=\"currentColor\" d=\"M64 8 L0 8 L0 0 L20 7.9 L40 3 L48 5 L64 0 Z\"\/>\r\n<\/svg><\/div><div class=\"l-section-h i-cf\"><div class=\"g-cols vc_row via_flex valign_top type_default stacking_default\"><div class=\"vc_col-sm-12 wpb_column vc_column_container\"><div class=\"vc_column-inner\"><div class=\"wpb_wrapper\"><div class=\"wpb_text_column\"><div class=\"wpb_wrapper\"><h2>I tre chitarristi di Jos\u00e9 Merc\u00e9 alla Biennale 2026<\/h2>\n<p>La chitarra \u00e8 uno dei grandi motivi d\u2019interesse di <em>Toquen a rebato<\/em>. Ogni accompagnatore arriva con un percorso diverso e con un rapporto particolare con la tradizione.<\/p>\n<p><strong>David de Arahal<\/strong>, nato nel 2000, rappresenta una delle giovani voci pi\u00f9 rilevanti della chitarra sivigliana. Nonostante l\u2019et\u00e0, il suo percorso lo ha gi\u00e0 portato accanto a figure importanti e la stessa Biennale lo presenta come un musicista che \u00e8 riuscito a conquistarsi uno spazio tra i grandi.<\/p>\n<p><strong>Jos\u00e9 del Tomate<\/strong>, nato ad Almer\u00eda nel 1998, appartiene a una delle grandi dinastie chitarristiche del flamenco. \u00c8 figlio di Tomatito e considera un punto di riferimento anche lo zio Ni\u00f1o Miguel. La sua presenza crea inoltre un ponte particolarmente suggestivo con lo spettacolo del 2016, nel quale proprio Tomatito accompagn\u00f2 Merc\u00e9.<\/p>\n<p><strong>Manuel Cerpa<\/strong>, nato a Chipiona nel 2003, \u00e8 il pi\u00f9 giovane dei tre. La sua partecipazione ha una sfumatura diversa, perch\u00e9 fa gi\u00e0 abitualmente parte delle tourn\u00e9e di Jos\u00e9 Merc\u00e9. Esiste dunque un rapporto artistico precedente, che pu\u00f2 offrire un\u2019intesa diversa da quella di un incontro occasionale.<\/p>\n<p>L\u2019unione dei tre impedisce che la \u00abnuova generazione\u00bb resti una categoria astratta: sono tre chitarristi con origini, scuole e legami con il cante differenti.<\/p>\n<\/div><\/div><\/div><\/div><\/div><\/div><\/div><\/section><section class=\"l-section wpb_row height_huge\"><div class=\"l-section-h i-cf\"><div class=\"g-cols vc_row via_flex valign_top type_default stacking_default\"><div class=\"vc_col-sm-12 wpb_column vc_column_container\"><div class=\"vc_column-inner\"><div class=\"wpb_wrapper\"><div class=\"wpb_text_column\"><div class=\"wpb_wrapper\"><h2>Che cosa ci si pu\u00f2 aspettare di ascoltare in \u00abToquen a rebato\u00bb<\/h2>\n<p>La Biennale non pubblica un repertorio chiuso, brano per brano, cosa comprensibile in un recital flamenco di queste caratteristiche, ma offre indicazioni molto chiare sulla direzione musicale. Il programma annuncia un percorso attraverso <strong>i palos che Jos\u00e9 Merc\u00e9 interpreta meglio<\/strong>, riletti dallo sguardo dei giovani chitarristi.<\/p>\n<p>Due riferimenti sembrano inevitabili. Il primo sono le <strong>buler\u00edas di Jerez<\/strong>, territorio naturale per un cantaor nato nel quartiere di Santiago e profondamente legato alla tradizione di Jerez. Il secondo sono le <strong>alegr\u00edas<\/strong>. L\u2019organizzazione anticipa inoltre che ci sar\u00e0 spazio per qualche richiamo ai grandi successi della sua carriera.<\/p>\n<p>Questo permette di immaginare un recital che non separer\u00e0 rigidamente il Merc\u00e9 pi\u00f9 ortodosso dall\u2019artista che \u00e8 riuscito ad avvicinare il flamenco a un pubblico di massa. Una delle peculiarit\u00e0 del suo percorso \u00e8 stata proprio la capacit\u00e0 di muoversi tra questi ambiti senza rinunciare alla propria identit\u00e0 di cantaor.<\/p>\n<p>L\u2019interesse della serata risieder\u00e0 quindi meno nella scoperta di un elenco inedito di brani e pi\u00f9 nell\u2019osservare <strong>come cambia l\u2019accompagnamento quando tre giovani chitarristi entrano in repertori che Merc\u00e9 canta da decenni<\/strong>.<\/p>\n<\/div><\/div><\/div><\/div><\/div><\/div><\/div><\/section><section class=\"l-section wpb_row height_huge color_alternate with_shape\"><div class=\"l-section-shape type_zigzag pos_top hor_flip\" style=\"height:3vmin;\"><svg xmlns=\"http:\/\/www.w3.org\/2000\/svg\" viewBox=\"0 0 64 8\" preserveAspectRatio=\"none\" width=\"100%\" height=\"100%\">\r\n\t<path fill=\"currentColor\" d=\"M64 8 L0 8 L0 0 L20 7.9 L40 3 L48 5 L64 0 Z\"\/>\r\n<\/svg><\/div><div class=\"l-section-shape type_zigzag pos_bottom\" style=\"height:3vmin;\"><svg xmlns=\"http:\/\/www.w3.org\/2000\/svg\" viewBox=\"0 0 64 8\" preserveAspectRatio=\"none\" width=\"100%\" height=\"100%\">\r\n\t<path fill=\"currentColor\" d=\"M64 8 L0 8 L0 0 L20 7.9 L40 3 L48 5 L64 0 Z\"\/>\r\n<\/svg><\/div><div class=\"l-section-h i-cf\"><div class=\"g-cols vc_row via_flex valign_top type_default stacking_default\"><div class=\"vc_col-sm-12 wpb_column vc_column_container\"><div class=\"vc_column-inner\"><div class=\"wpb_wrapper\"><div class=\"wpb_text_column\"><div class=\"wpb_wrapper\"><h2>La formazione completa della serata<\/h2>\n<p>Sebbene le tre chitarre attirino gran parte dell\u2019attenzione, <em>Toquen a rebato<\/em> avr\u00e0 una formazione pi\u00f9 ampia. La scheda artistica ufficiale indica <strong>Jos\u00e9 Merc\u00e9 al cante<\/strong>, accompagnato da David de Arahal, Jos\u00e9 del Tomate e Manuel Cerpa alla chitarra.<\/p>\n<p>La sezione ritmica \u00e8 completata da <strong>David del Gasolina<\/strong> al caj\u00f3n e alle percussioni. Ai cori e alle palmas ci saranno <strong>V\u00edctor Carrasco, Chicharito de Jerez, Jorge Bautista e Merce Garc\u00eda<\/strong>.<\/p>\n<p>Questa configurazione prefigura uno spettacolo capace di passare da momenti di grande essenzialit\u00e0 \u2014voce e chitarra\u2014 a passaggi di maggiore energia ritmica. In un repertorio in cui le buler\u00edas avranno prevedibilmente un ruolo importante, il gruppo di palmas e cori non \u00e8 un elemento secondario: pu\u00f2 diventare una parte essenziale dell\u2019architettura musicale della serata.<\/p>\n<\/div><\/div><\/div><\/div><\/div><\/div><\/div><\/section><section class=\"l-section wpb_row height_huge\"><div class=\"l-section-h i-cf\"><div class=\"g-cols vc_row via_flex valign_top type_default stacking_default\"><div class=\"vc_col-sm-12 wpb_column vc_column_container\"><div class=\"vc_column-inner\"><div class=\"wpb_wrapper\"><div class=\"wpb_text_column\"><div class=\"wpb_wrapper\"><h2>Jos\u00e9 Merc\u00e9 e la trasmissione del cante<\/h2>\n<p>L\u2019idea della trasmissione assume un peso speciale quando il protagonista \u00e8 Jos\u00e9 Merc\u00e9. Nato Jos\u00e9 Soto Soto a Jerez de la Frontera nel 1955, proviene da una lunga stirpe flamenca: \u00e8 pronipote di Paco de la Luz, nipote di Manuel Soto \u00abSordera\u00bb e cugino di Vicente Soto \u00abSordera\u00bb.<\/p>\n<p>La sua stessa biografia \u00e8 costruita su una catena di apprendimenti e palcoscenici. Da bambino cant\u00f2 nella Escolan\u00eda della Bas\u00edlica de La Merced \u2014da cui deriva il suo nome d\u2019arte\u2014, partecip\u00f2 ai Jueves Flamencos di Jerez e, ancora giovanissimo, si trasfer\u00ec a Madrid, dove lavor\u00f2 al Torres Bermejas. Nel corso della carriera \u00e8 stato accompagnato da chitarristi come Manolo Sanl\u00facar o Paco de Luc\u00eda, diventando poi uno dei cantaores capaci di portare il genere a un pubblico molto ampio.<\/p>\n<p>Questo percorso rende particolarmente coerente che la Biennale lo collochi ora al centro di una proposta generazionale. <strong>Merc\u00e9 non appare soltanto come interprete, ma come anello di una catena<\/strong>: qualcuno che ha ricevuto una tradizione, l\u2019ha trasformata nel corso della propria carriera e ora la mette a confronto con musicisti che iniziano a costruire la loro.<\/p>\n<\/div><\/div><\/div><\/div><\/div><\/div><\/div><\/section><section class=\"l-section wpb_row height_huge color_alternate with_shape\"><div class=\"l-section-shape type_zigzag pos_top hor_flip\" style=\"height:3vmin;\"><svg xmlns=\"http:\/\/www.w3.org\/2000\/svg\" viewBox=\"0 0 64 8\" preserveAspectRatio=\"none\" width=\"100%\" height=\"100%\">\r\n\t<path fill=\"currentColor\" d=\"M64 8 L0 8 L0 0 L20 7.9 L40 3 L48 5 L64 0 Z\"\/>\r\n<\/svg><\/div><div class=\"l-section-shape type_zigzag pos_bottom\" style=\"height:3vmin;\"><svg xmlns=\"http:\/\/www.w3.org\/2000\/svg\" viewBox=\"0 0 64 8\" preserveAspectRatio=\"none\" width=\"100%\" height=\"100%\">\r\n\t<path fill=\"currentColor\" d=\"M64 8 L0 8 L0 0 L20 7.9 L40 3 L48 5 L64 0 Z\"\/>\r\n<\/svg><\/div><div class=\"l-section-h i-cf\"><div class=\"g-cols vc_row via_flex valign_top type_default stacking_default\"><div class=\"vc_col-sm-12 wpb_column vc_column_container\"><div class=\"vc_column-inner\"><div class=\"wpb_wrapper\"><div class=\"wpb_text_column\"><div class=\"wpb_wrapper\"><h2>Una Notte Unica al Teatro de la Maestranza<\/h2>\n<p>La Biennale classifica <em>Toquen a rebato<\/em> come <strong>Notte Unica<\/strong>. Il concetto identifica spettacoli pensati per accadere in modo particolare all\u2019interno di questa edizione e che non sono semplicemente una tappa di una tourn\u00e9e convenzionale presentata a Siviglia.<\/p>\n<p>Nel 2026 la Biennale ha riunito 26 proposte sotto questa denominazione. Jos\u00e9 Merc\u00e9 partecipa inoltre a un\u2019altra di esse: il gala <em>El mundo por montera<\/em>, previsto per il 10 settembre alla Plaza de Toros de la Real Maestranza. Tuttavia, <em>Toquen a rebato<\/em> \u00e8 il suo appuntamento da protagonista assoluto all\u2019interno del programma.<\/p>\n<p>Il palcoscenico scelto \u00e8 il <strong>Teatro de la Maestranza<\/strong>, uno dei grandi spazi della Biennale 2026 e un luogo con un legame speciale con la storia recente del cantaor nel festival. Tornare esattamente nel teatro della serata del 2016 rafforza la lettura di questo spettacolo come una conversazione tra due momenti separati da un decennio.<\/p>\n<\/div><\/div><\/div><\/div><\/div><\/div><\/div><\/section><section class=\"l-section wpb_row height_huge\"><div class=\"l-section-h i-cf\"><div class=\"g-cols vc_row via_flex valign_top type_default stacking_default\"><div class=\"vc_col-sm-12 wpb_column vc_column_container\"><div class=\"vc_column-inner\"><div class=\"wpb_wrapper\"><div class=\"wpb_text_column\"><div class=\"wpb_wrapper\"><h2>Come si inserisce Jos\u00e9 Merc\u00e9 nel programma del 20 settembre<\/h2>\n<p>Domenica 20 settembre sar\u00e0 una giornata particolarmente intensa della Biennale. Prima del recital di Merc\u00e9 ci sar\u00e0 una Matin\u00e9e Unica di <strong>Alejandro Hurtado con Enrique Solin\u00eds<\/strong> a San Luis de los Franceses, mentre <strong>Manuel de la Luz e Manuel Im\u00e1n<\/strong> presenteranno <em>Manos que hablan<\/em> all\u2019Espacio Turina alle 19:00. Pi\u00f9 tardi, il Teatro Alameda ospiter\u00e0 il Gala del Circuito Andaluz de J\u00f3venes Flamencos.<\/p>\n<p>In questo contesto, <em>Toquen a rebato<\/em> occupa la grande fascia serale del Teatro de la Maestranza, alle <strong>20:00<\/strong>. Per chi sta organizzando pi\u00f9 giornate alla Biennale, conviene controllare bene gli orari, perch\u00e9 alcune attivit\u00e0 si sovrappongono parzialmente o completamente.<\/p>\n<p>Puoi consultare anche la nostra <a href=\"https:\/\/www.tablaosflamencos.com\/it\/notti-uniche-biennale-flamenco-siviglia-2026.html\">guida completa alle Notti Uniche della Biennale 2026<\/a> e la <a href=\"https:\/\/www.tablaosflamencos.com\/it\/biennale-flamenco-siviglia-2026.html\">guida generale alla Biennale di Flamenco di Siviglia 2026<\/a> per collocare questo recital nel calendario completo.<\/p>\n<\/div><\/div><\/div><\/div><\/div><\/div><\/div><\/section><section class=\"l-section wpb_row height_huge color_alternate with_shape\"><div class=\"l-section-shape type_zigzag pos_top hor_flip\" style=\"height:3vmin;\"><svg xmlns=\"http:\/\/www.w3.org\/2000\/svg\" viewBox=\"0 0 64 8\" preserveAspectRatio=\"none\" width=\"100%\" height=\"100%\">\r\n\t<path fill=\"currentColor\" d=\"M64 8 L0 8 L0 0 L20 7.9 L40 3 L48 5 L64 0 Z\"\/>\r\n<\/svg><\/div><div class=\"l-section-shape type_zigzag pos_bottom\" style=\"height:3vmin;\"><svg xmlns=\"http:\/\/www.w3.org\/2000\/svg\" viewBox=\"0 0 64 8\" preserveAspectRatio=\"none\" width=\"100%\" height=\"100%\">\r\n\t<path fill=\"currentColor\" d=\"M64 8 L0 8 L0 0 L20 7.9 L40 3 L48 5 L64 0 Z\"\/>\r\n<\/svg><\/div><div class=\"l-section-h i-cf\"><div class=\"g-cols vc_row via_flex valign_top type_default stacking_default\"><div class=\"vc_col-sm-12 wpb_column vc_column_container\"><div class=\"vc_column-inner\"><div class=\"wpb_wrapper\"><div class=\"wpb_text_column\"><div class=\"wpb_wrapper\"><h2>Per chi pu\u00f2 essere particolarmente interessante questo spettacolo?<\/h2>\n<p><em>Toquen a rebato<\/em> offre diversi livelli di lettura e pu\u00f2 attrarre pubblici differenti. Per chi conosce la carriera di Jos\u00e9 Merc\u00e9, l\u2019interesse consiste nello scoprire come rivisita i suoi territori abituali con tre chitarre di un\u2019altra generazione. Per gli appassionati di chitarra flamenca, la serata offre la rara opportunit\u00e0 di ascoltare tre giovani chitarristi dialogare con lo stesso cantaor all\u2019interno di un concetto comune.<\/p>\n<p>Pu\u00f2 essere anche un\u2019ottima scelta per chi desidera avvicinarsi al cante attraverso una figura molto riconoscibile. Da decenni Merc\u00e9 riesce a unire repertori profondamente flamencos a una capacit\u00e0 comunicativa che gli ha permesso di raggiungere pubblici non necessariamente provenienti dall\u2019ambiente tradizionale degli aficionados.<\/p>\n<p>E per chi ha seguito la Biennale del 2016, c\u2019\u00e8 un ulteriore motivo di interesse: <strong>confrontare due serate costruite sulla stessa idea, separate da dieci anni e da due diverse generazioni di chitarristi<\/strong>.<\/p>\n<\/div><\/div><\/div><\/div><\/div><\/div><\/div><\/section><section class=\"l-section wpb_row height_huge\"><div class=\"l-section-h i-cf\"><div class=\"g-cols vc_row via_flex valign_top type_default stacking_default\"><div class=\"vc_col-sm-12 wpb_column vc_column_container\"><div class=\"vc_column-inner\"><div class=\"wpb_wrapper\"><div class=\"wpb_text_column\"><div class=\"wpb_wrapper\"><h2>Consigli pratici per assistere<\/h2>\n<p><strong>Controlla la disponibilit\u00e0 in anticipo.<\/strong> La Biennale definisce il recital una Notte Unica, quindi questa \u00e8 l\u2019unica data prevista dal programma ufficiale.<\/p>\n<p><strong>Tieni conto delle sovrapposizioni del 20 settembre.<\/strong> Se vuoi combinare pi\u00f9 spettacoli, controlla soprattutto la proposta dell\u2019Espacio Turina che inizia alle 19:00 e le altre attivit\u00e0 della giornata.<\/p>\n<p><strong>Arriva con un certo anticipo al Teatro de la Maestranza.<\/strong> \u00c8 uno degli spazi pi\u00f9 capienti e importanti del festival e, nelle giornate con una programmazione intensa, l\u2019area circostante pu\u00f2 accogliere molto pubblico.<\/p>\n<p><strong>Non aspettarti necessariamente un concerto di \u00abgrandi successi\u00bb.<\/strong> Le informazioni ufficiali pongono l\u2019accento sul percorso attraverso i palos che Merc\u00e9 interpreta meglio e sul dialogo musicale con i tre chitarristi. Potranno esserci richiami a brani popolari della sua carriera, ma il concetto dello spettacolo \u00e8 essenzialmente flamenco.<\/p>\n<\/div><\/div><\/div><\/div><\/div><\/div><\/div><\/section><section class=\"l-section wpb_row height_huge color_alternate with_shape\"><div class=\"l-section-shape type_zigzag pos_top hor_flip\" style=\"height:3vmin;\"><svg xmlns=\"http:\/\/www.w3.org\/2000\/svg\" viewBox=\"0 0 64 8\" preserveAspectRatio=\"none\" width=\"100%\" height=\"100%\">\r\n\t<path fill=\"currentColor\" d=\"M64 8 L0 8 L0 0 L20 7.9 L40 3 L48 5 L64 0 Z\"\/>\r\n<\/svg><\/div><div class=\"l-section-shape type_zigzag pos_bottom\" style=\"height:3vmin;\"><svg xmlns=\"http:\/\/www.w3.org\/2000\/svg\" viewBox=\"0 0 64 8\" preserveAspectRatio=\"none\" width=\"100%\" height=\"100%\">\r\n\t<path fill=\"currentColor\" d=\"M64 8 L0 8 L0 0 L20 7.9 L40 3 L48 5 L64 0 Z\"\/>\r\n<\/svg><\/div><div class=\"l-section-h i-cf\"><div class=\"g-cols vc_row via_flex valign_top type_default stacking_default\"><div class=\"vc_col-sm-1\/5 wpb_column vc_column_container\"><div class=\"vc_column-inner\"><div class=\"wpb_wrapper\"><\/div><\/div><\/div><div class=\"vc_col-sm-3\/5 wpb_column vc_column_container\"><div class=\"vc_column-inner\"><div class=\"wpb_wrapper\"><div class=\"wpb_text_column\"><div class=\"wpb_wrapper\"><h2>Domande frequenti su Jos\u00e9 Merc\u00e9 alla Biennale 2026<\/h2>\n<\/div><\/div><div class=\"w-separator size_medium\"><\/div><div class=\"w-tabs accordion toggle_style_1 has_scrolling\" style=\"--sections-title-size:inherit;--sections-gap:0.5rem;\"><div class=\"w-tabs-sections titles-align_none icon_plus cpos_left\"><div class=\"w-tabs-section\" id=\"m6aa\" itemscope itemprop=\"mainEntity\" itemtype=\"https:\/\/schema.org\/Question\"><button type=\"button\" class=\"w-tabs-section-header\" aria-controls=\"content-m6aa\" aria-expanded=\"false\"><h3 class=\"w-tabs-section-title\" itemprop=\"name\">Quando si esibisce Jos\u00e9 Merc\u00e9 alla Biennale di Flamenco 2026?<\/h3><div class=\"w-tabs-section-control\"><\/div><\/button><div  class=\"w-tabs-section-content\" id=\"content-m6aa\" itemscope itemprop=\"acceptedAnswer\" itemtype=\"https:\/\/schema.org\/Answer\"><div class=\"w-tabs-section-content-h i-cf\" itemprop=\"text\"><div class=\"wpb_text_column\"><div class=\"wpb_wrapper\"><p>Jos\u00e9 Merc\u00e9 presenta <em>Toquen a rebato<\/em> domenica 20 settembre 2026 alle 20:00.<\/p>\n<\/div><\/div><\/div><\/div><\/div><div class=\"w-tabs-section\" id=\"o79f\" itemscope itemprop=\"mainEntity\" itemtype=\"https:\/\/schema.org\/Question\"><button type=\"button\" class=\"w-tabs-section-header\" aria-controls=\"content-o79f\" aria-expanded=\"false\"><h3 class=\"w-tabs-section-title\" itemprop=\"name\">Dove si svolge lo spettacolo Toquen a rebato?<\/h3><div class=\"w-tabs-section-control\"><\/div><\/button><div  class=\"w-tabs-section-content\" id=\"content-o79f\" itemscope itemprop=\"acceptedAnswer\" itemtype=\"https:\/\/schema.org\/Answer\"><div class=\"w-tabs-section-content-h i-cf\" itemprop=\"text\"><div class=\"wpb_text_column\"><div class=\"wpb_wrapper\"><p>Il recital si tiene al Teatro de la Maestranza di Siviglia, uno dei principali spazi della XXIV Biennale di Flamenco.<\/p>\n<\/div><\/div><\/div><\/div><\/div><div class=\"w-tabs-section\" id=\"h875\" itemscope itemprop=\"mainEntity\" itemtype=\"https:\/\/schema.org\/Question\"><button type=\"button\" class=\"w-tabs-section-header\" aria-controls=\"content-h875\" aria-expanded=\"false\"><h3 class=\"w-tabs-section-title\" itemprop=\"name\">Quali chitarristi accompagnano Jos\u00e9 Merc\u00e9?<\/h3><div class=\"w-tabs-section-control\"><\/div><\/button><div  class=\"w-tabs-section-content\" id=\"content-h875\" itemscope itemprop=\"acceptedAnswer\" itemtype=\"https:\/\/schema.org\/Answer\"><div class=\"w-tabs-section-content-h i-cf\" itemprop=\"text\"><div class=\"wpb_text_column\"><div class=\"wpb_wrapper\"><p>Lo accompagnano David de Arahal, Jos\u00e9 del Tomate e Manuel Cerpa, tre giovani chitarristi con origini e percorsi differenti.<\/p>\n<\/div><\/div><\/div><\/div><\/div><div class=\"w-tabs-section\" id=\"y93f\" itemscope itemprop=\"mainEntity\" itemtype=\"https:\/\/schema.org\/Question\"><button type=\"button\" class=\"w-tabs-section-header\" aria-controls=\"content-y93f\" aria-expanded=\"false\"><h3 class=\"w-tabs-section-title\" itemprop=\"name\">Che cosa significa il titolo Toquen a rebato?<\/h3><div class=\"w-tabs-section-control\"><\/div><\/button><div  class=\"w-tabs-section-content\" id=\"content-y93f\" itemscope itemprop=\"acceptedAnswer\" itemtype=\"https:\/\/schema.org\/Answer\"><div class=\"w-tabs-section-content-h i-cf\" itemprop=\"text\"><div class=\"wpb_text_column\"><div class=\"wpb_wrapper\"><p>Il titolo rimanda a una sole\u00e1 di Juanito Mojama e anche all\u2019espressione tradizionale spagnola \u00abtocar a rebato\u00bb, un urgente segnale d\u2019allarme. Lo spettacolo usa questa idea come avvertimento simbolico di fronte al rischio di perdere il cante e come gesto di trasmissione verso una nuova generazione.<\/p>\n<\/div><\/div><\/div><\/div><\/div><div class=\"w-tabs-section\" id=\"ba45\" itemscope itemprop=\"mainEntity\" itemtype=\"https:\/\/schema.org\/Question\"><button type=\"button\" class=\"w-tabs-section-header\" aria-controls=\"content-ba45\" aria-expanded=\"false\"><h3 class=\"w-tabs-section-title\" itemprop=\"name\">Quali palos canter\u00e0 Jos\u00e9 Merc\u00e9?<\/h3><div class=\"w-tabs-section-control\"><\/div><\/button><div  class=\"w-tabs-section-content\" id=\"content-ba45\" itemscope itemprop=\"acceptedAnswer\" itemtype=\"https:\/\/schema.org\/Answer\"><div class=\"w-tabs-section-content-h i-cf\" itemprop=\"text\"><div class=\"wpb_text_column\"><div class=\"wpb_wrapper\"><p>La Biennale non pubblica un repertorio chiuso, ma annuncia un percorso attraverso i palos che Merc\u00e9 interpreta meglio. Cita espressamente le buler\u00edas di Jerez, le alegr\u00edas e possibili richiami ad alcuni dei suoi successi.<\/p>\n<\/div><\/div><\/div><\/div><\/div><div class=\"w-tabs-section\" id=\"jb70\" itemscope itemprop=\"mainEntity\" itemtype=\"https:\/\/schema.org\/Question\"><button type=\"button\" class=\"w-tabs-section-header\" aria-controls=\"content-jb70\" aria-expanded=\"false\"><h3 class=\"w-tabs-section-title\" itemprop=\"name\">\u00c8 una nuova produzione di Jos\u00e9 Merc\u00e9?<\/h3><div class=\"w-tabs-section-control\"><\/div><\/button><div  class=\"w-tabs-section-content\" id=\"content-jb70\" itemscope itemprop=\"acceptedAnswer\" itemtype=\"https:\/\/schema.org\/Answer\"><div class=\"w-tabs-section-content-h i-cf\" itemprop=\"text\"><div class=\"wpb_text_column\"><div class=\"wpb_wrapper\"><p>La Biennale lo presenta come una Notte Unica. Il concetto riprende la formula del recital che Merc\u00e9 tenne al Maestranza nel 2016 con tre grandi chitarristi, ma ora la sviluppa insieme a una nuova generazione della chitarra flamenca.<\/p>\n<\/div><\/div><\/div><\/div><\/div><div class=\"w-tabs-section\" id=\"lc85\" itemscope itemprop=\"mainEntity\" itemtype=\"https:\/\/schema.org\/Question\"><button type=\"button\" class=\"w-tabs-section-header\" aria-controls=\"content-lc85\" aria-expanded=\"false\"><h3 class=\"w-tabs-section-title\" itemprop=\"name\">Jos\u00e9 Merc\u00e9 partecipa a un altro spettacolo della Biennale 2026?<\/h3><div class=\"w-tabs-section-control\"><\/div><\/button><div  class=\"w-tabs-section-content\" id=\"content-lc85\" itemscope itemprop=\"acceptedAnswer\" itemtype=\"https:\/\/schema.org\/Answer\"><div class=\"w-tabs-section-content-h i-cf\" itemprop=\"text\"><div class=\"wpb_text_column\"><div class=\"wpb_wrapper\"><p>S\u00ec. Partecipa anche a <em>El mundo por montera<\/em>, il gala della XXIV Biennale previsto per il 10 settembre alla Plaza de Toros de la Real Maestranza.<\/p>\n<\/div><\/div><\/div><\/div><\/div><\/div><\/div><\/div><\/div><\/div><div class=\"vc_col-sm-1\/5 wpb_column vc_column_container\"><div class=\"vc_column-inner\"><div class=\"wpb_wrapper\"><\/div><\/div><\/div><\/div><\/div><\/section><section class=\"l-section wpb_row height_huge\"><div class=\"l-section-h i-cf\"><div class=\"g-cols vc_row via_flex valign_top type_default stacking_default\"><div class=\"vc_col-sm-12 wpb_column vc_column_container\"><div class=\"vc_column-inner\"><div class=\"wpb_wrapper\"><div class=\"wpb_text_column\"><div class=\"wpb_wrapper\"><h2>Un rintocco tra memoria e futuro<\/h2>\n<p><em>Toquen a rebato<\/em> ha una premessa semplice, ma particolarmente fertile per una Biennale: mettere l\u2019esperienza di Jos\u00e9 Merc\u00e9 di fronte a tre giovani modi di intendere la chitarra. Il recital guarda a Juanito Mojama, a Jerez, alla storia dello stesso Merc\u00e9 e a quella serata del 2016, ma evita che l\u2019omaggio si trasformi in nostalgia.<\/p>\n<p>La chiave \u00e8 la trasmissione. David de Arahal, Jos\u00e9 del Tomate e Manuel Cerpa non appaiono solo come accompagnatori, ma come parte dell\u2019argomento artistico. Sono \u00abquelli che verranno\u00bb, mentre Merc\u00e9 porta una voce che fa gi\u00e0 parte della memoria collettiva del flamenco.<\/p>\n<p>Il 20 settembre, il Teatro de la Maestranza sar\u00e0 il luogo in cui queste due temporalit\u00e0 si incontreranno. Se la chiamata d\u2019allarme avverte che il cante pu\u00f2 andare perduto, l\u2019esistenza stessa dello spettacolo propone una risposta: <strong>il cante continua quando viene ascoltato, condiviso e passa nuovamente da un paio di mani a un altro<\/strong>.<\/p>\n<\/div><\/div><\/div><\/div><\/div><\/div><\/div><\/section><section class=\"l-section wpb_row height_huge color_alternate with_shape\"><div class=\"l-section-shape type_zigzag pos_top hor_flip\" style=\"height:3vmin;\"><svg xmlns=\"http:\/\/www.w3.org\/2000\/svg\" viewBox=\"0 0 64 8\" preserveAspectRatio=\"none\" width=\"100%\" height=\"100%\">\r\n\t<path fill=\"currentColor\" d=\"M64 8 L0 8 L0 0 L20 7.9 L40 3 L48 5 L64 0 Z\"\/>\r\n<\/svg><\/div><div class=\"l-section-shape type_zigzag pos_bottom\" style=\"height:3vmin;\"><svg xmlns=\"http:\/\/www.w3.org\/2000\/svg\" viewBox=\"0 0 64 8\" preserveAspectRatio=\"none\" width=\"100%\" height=\"100%\">\r\n\t<path fill=\"currentColor\" d=\"M64 8 L0 8 L0 0 L20 7.9 L40 3 L48 5 L64 0 Z\"\/>\r\n<\/svg><\/div><div class=\"l-section-h i-cf\"><div class=\"g-cols vc_row via_flex valign_top type_default stacking_default\"><div class=\"vc_col-sm-12 wpb_column vc_column_container\"><div class=\"vc_column-inner\"><div class=\"wpb_wrapper\"><div class=\"wpb_text_column\"><div class=\"wpb_wrapper\"><h2>Fonti consultate<\/h2>\n<ul>\n<li><a href=\"https:\/\/www.labienal.com\/programa-general\/teatro-de-la-maestranza\/jose-merce\" target=\"_blank\" rel=\"noopener\">Biennale di Flamenco di Siviglia \u2014 Jos\u00e9 Merc\u00e9, <em>Toquen a rebato<\/em><\/a>.<\/li>\n<li><a href=\"https:\/\/www.labienal.com\/noticias\/la-bienal-viste-de-flamenco-al-teatro-de-la-maestranza\" target=\"_blank\" rel=\"noopener\">Biennale di Flamenco \u2014 programma del Teatro de la Maestranza<\/a>.<\/li>\n<li><a href=\"https:\/\/www.labienal.com\/noticias\/la-bienal-presenta-26-noches-unicas-espectaculos-irrepetibles-que-solo-podran-vivirse-en-sevilla\" target=\"_blank\" rel=\"noopener\">Biennale di Flamenco \u2014 26 Notti Uniche nel 2026<\/a>.<\/li>\n<li><a href=\"https:\/\/www.labienal.com\/noticias\/la-bienal-de-flamenco-situa-el-cante-en-el-corazon-de-su-xxiv-edicion-con-mas-de-un-centenar-de-voces\" target=\"_blank\" rel=\"noopener\">Biennale di Flamenco \u2014 il cante nella XXIV edizione<\/a>.<\/li>\n<\/ul>\n<p><small>Informazioni verificate il 2 settembre 2026. Orari, disponibilit\u00e0 e condizioni di accesso possono cambiare; consulta le informazioni ufficiali prima di assistere.<\/small><\/p>\n<\/div><\/div><\/div><\/div><\/div><\/div><\/div><\/section>\n","protected":false},"excerpt":{"rendered":"<p>Jos\u00e9 Merc\u00e9 torna alla Biennale di Flamenco di Siviglia il 20 settembre 2026 con Toquen a rebato, una Notte Unica al Teatro de la Maestranza con David de Arahal, Jos\u00e9 del Tomate e Manuel Cerpa.<\/p>\n","protected":false},"author":1,"featured_media":14099,"comment_status":"closed","ping_status":"closed","sticky":false,"template":"","format":"standard","meta":{"_acf_changed":false,"wpai_generated_summary":"","_ayudawp_aiss_exclude":false,"_ayudawp_aiss_exclude_summary":false,"_ayudawp_aiss_summary":"","_ayudawp_aiss_summary_provider":"","_ayudawp_aiss_summary_hash":"","footnotes":""},"categories":[1429,373],"tags":[1250,1251,1885,1253,1886],"class_list":["post-14127","post","type-post","status-publish","format-standard","has-post-thumbnail","hentry","category-biennale-di-flamenco","category-notizie-flamenco","tag-bienal-2026","tag-bienal-de-flamenco","tag-jose-merce-it","tag-sevilla","tag-toquen-a-rebato-it"],"acf":[],"yoast_head":"<!-- This site is optimized with the Yoast SEO Premium plugin v28.4 (Yoast SEO v28.4) - https:\/\/yoast.com\/product\/yoast-seo-premium-wordpress\/ -->\n<title>Jos\u00e9 Merc\u00e9 alla Biennale 2026: Toquen a rebato<\/title>\n<meta name=\"description\" content=\"Jos\u00e9 Merc\u00e9 presenta Toquen a rebato alla Biennale di Flamenco 2026: data, Teatro de la Maestranza, chitarristi, repertorio e chiavi dello spettacolo.\" \/>\n<meta name=\"robots\" content=\"index, follow, max-snippet:-1, max-image-preview:large, max-video-preview:-1\" \/>\n<link rel=\"canonical\" href=\"https:\/\/www.tablaosflamencos.com\/it\/jose-merce-biennale-flamenco-2026-toquen-a-rebato.html\" \/>\n<meta property=\"og:locale\" content=\"it_IT\" \/>\n<meta property=\"og:type\" content=\"article\" \/>\n<meta property=\"og:title\" content=\"Jos\u00e9 Merc\u00e9 alla Biennale di Flamenco 2026: Toquen a rebato\" \/>\n<meta property=\"og:description\" content=\"Jos\u00e9 Merc\u00e9 presenta Toquen a rebato alla Biennale di Flamenco 2026: data, Teatro de la Maestranza, chitarristi, repertorio e chiavi dello spettacolo.\" \/>\n<meta property=\"og:url\" content=\"https:\/\/www.tablaosflamencos.com\/it\/jose-merce-biennale-flamenco-2026-toquen-a-rebato.html\" \/>\n<meta property=\"og:site_name\" content=\"Tablaos Flamencos\" \/>\n<meta property=\"article:publisher\" content=\"https:\/\/www.facebook.com\/tablaosflamencos\" \/>\n<meta property=\"article:published_time\" content=\"2026-09-02T22:15:18+00:00\" \/>\n<meta property=\"article:modified_time\" content=\"2026-09-02T23:30:54+00:00\" \/>\n<meta property=\"og:image\" content=\"https:\/\/www.tablaosflamencos.com\/wp-content\/uploads\/jose-merce-op-de-flamencobiennale-2026-toquen-a-rebato.webp\" \/>\n\t<meta property=\"og:image:width\" content=\"1672\" \/>\n\t<meta property=\"og:image:height\" content=\"941\" \/>\n\t<meta property=\"og:image:type\" content=\"image\/webp\" \/>\n<meta name=\"author\" content=\"Miguel Ortiz\" \/>\n<meta name=\"twitter:card\" content=\"summary_large_image\" \/>\n<meta name=\"twitter:creator\" content=\"@tablaosflamenco\" \/>\n<meta name=\"twitter:site\" content=\"@tablaosflamenco\" \/>\n<meta name=\"twitter:label1\" content=\"Scritto da\" \/>\n\t<meta name=\"twitter:data1\" content=\"Miguel Ortiz\" \/>\n\t<meta name=\"twitter:label2\" content=\"Tempo di lettura stimato\" \/>\n\t<meta name=\"twitter:data2\" content=\"15 minuti\" \/>\n<script type=\"application\/ld+json\" class=\"yoast-schema-graph\">{\"@context\":\"https:\\\/\\\/schema.org\",\"@graph\":[{\"@type\":\"Article\",\"@id\":\"https:\\\/\\\/www.tablaosflamencos.com\\\/it\\\/jose-merce-biennale-flamenco-2026-toquen-a-rebato.html#article\",\"isPartOf\":{\"@id\":\"https:\\\/\\\/www.tablaosflamencos.com\\\/it\\\/jose-merce-biennale-flamenco-2026-toquen-a-rebato.html\"},\"author\":{\"name\":\"Miguel Ortiz\",\"@id\":\"https:\\\/\\\/www.tablaosflamencos.com\\\/it#\\\/schema\\\/person\\\/e7a9ebe14eb75a52ceabfbffb3c54f5d\"},\"headline\":\"Jos\u00e9 Merc\u00e9 alla Biennale di Flamenco 2026: Toquen a rebato\",\"datePublished\":\"2026-09-02T22:15:18+00:00\",\"dateModified\":\"2026-09-02T23:30:54+00:00\",\"mainEntityOfPage\":{\"@id\":\"https:\\\/\\\/www.tablaosflamencos.com\\\/it\\\/jose-merce-biennale-flamenco-2026-toquen-a-rebato.html\"},\"wordCount\":2947,\"publisher\":{\"@id\":\"https:\\\/\\\/www.tablaosflamencos.com\\\/it#organization\"},\"image\":{\"@id\":\"https:\\\/\\\/www.tablaosflamencos.com\\\/it\\\/jose-merce-biennale-flamenco-2026-toquen-a-rebato.html#primaryimage\"},\"thumbnailUrl\":\"https:\\\/\\\/www.tablaosflamencos.com\\\/wp-content\\\/uploads\\\/jose-merce-op-de-flamencobiennale-2026-toquen-a-rebato.webp\",\"keywords\":[\"Bienal 2026\",\"Bienal de Flamenco\",\"Jos\u00e9 Merc\u00e9\",\"sevilla\",\"Toquen a rebato\"],\"articleSection\":[\"Biennale di Flamenco\",\"Notizie \\\/ Attualit\u00e0\"],\"inLanguage\":\"it-IT\"},{\"@type\":\"WebPage\",\"@id\":\"https:\\\/\\\/www.tablaosflamencos.com\\\/it\\\/jose-merce-biennale-flamenco-2026-toquen-a-rebato.html\",\"url\":\"https:\\\/\\\/www.tablaosflamencos.com\\\/it\\\/jose-merce-biennale-flamenco-2026-toquen-a-rebato.html\",\"name\":\"Jos\u00e9 Merc\u00e9 alla Biennale 2026: Toquen a rebato\",\"isPartOf\":{\"@id\":\"https:\\\/\\\/www.tablaosflamencos.com\\\/it#website\"},\"primaryImageOfPage\":{\"@id\":\"https:\\\/\\\/www.tablaosflamencos.com\\\/it\\\/jose-merce-biennale-flamenco-2026-toquen-a-rebato.html#primaryimage\"},\"image\":{\"@id\":\"https:\\\/\\\/www.tablaosflamencos.com\\\/it\\\/jose-merce-biennale-flamenco-2026-toquen-a-rebato.html#primaryimage\"},\"thumbnailUrl\":\"https:\\\/\\\/www.tablaosflamencos.com\\\/wp-content\\\/uploads\\\/jose-merce-op-de-flamencobiennale-2026-toquen-a-rebato.webp\",\"datePublished\":\"2026-09-02T22:15:18+00:00\",\"dateModified\":\"2026-09-02T23:30:54+00:00\",\"description\":\"Jos\u00e9 Merc\u00e9 presenta Toquen a rebato alla Biennale di Flamenco 2026: data, Teatro de la Maestranza, chitarristi, repertorio e chiavi dello spettacolo.\",\"breadcrumb\":{\"@id\":\"https:\\\/\\\/www.tablaosflamencos.com\\\/it\\\/jose-merce-biennale-flamenco-2026-toquen-a-rebato.html#breadcrumb\"},\"inLanguage\":\"it-IT\",\"potentialAction\":[{\"@type\":\"ReadAction\",\"target\":[\"https:\\\/\\\/www.tablaosflamencos.com\\\/it\\\/jose-merce-biennale-flamenco-2026-toquen-a-rebato.html\"]}]},{\"@type\":\"ImageObject\",\"inLanguage\":\"it-IT\",\"@id\":\"https:\\\/\\\/www.tablaosflamencos.com\\\/it\\\/jose-merce-biennale-flamenco-2026-toquen-a-rebato.html#primaryimage\",\"url\":\"https:\\\/\\\/www.tablaosflamencos.com\\\/wp-content\\\/uploads\\\/jose-merce-op-de-flamencobiennale-2026-toquen-a-rebato.webp\",\"contentUrl\":\"https:\\\/\\\/www.tablaosflamencos.com\\\/wp-content\\\/uploads\\\/jose-merce-op-de-flamencobiennale-2026-toquen-a-rebato.webp\",\"width\":1672,\"height\":941,\"caption\":\"Jos\u00e9 Merc\u00e9 en la Bienal de Flamenco 2026: Toquen a rebato\"},{\"@type\":\"BreadcrumbList\",\"@id\":\"https:\\\/\\\/www.tablaosflamencos.com\\\/it\\\/jose-merce-biennale-flamenco-2026-toquen-a-rebato.html#breadcrumb\",\"itemListElement\":[{\"@type\":\"ListItem\",\"position\":1,\"name\":\"Home\",\"item\":\"https:\\\/\\\/www.tablaosflamencos.com\\\/it\"},{\"@type\":\"ListItem\",\"position\":2,\"name\":\"Jos\u00e9 Merc\u00e9 alla Biennale di Flamenco 2026: Toquen a rebato\"}]},{\"@type\":\"WebSite\",\"@id\":\"https:\\\/\\\/www.tablaosflamencos.com\\\/it#website\",\"url\":\"https:\\\/\\\/www.tablaosflamencos.com\\\/it\",\"name\":\"Tablaos Flamencos\",\"description\":\"Entradas para tablaos flamencos de Espa\u00f1a\",\"publisher\":{\"@id\":\"https:\\\/\\\/www.tablaosflamencos.com\\\/it#organization\"},\"alternateName\":\"Tablaos Flamencos\",\"potentialAction\":[{\"@type\":\"SearchAction\",\"target\":{\"@type\":\"EntryPoint\",\"urlTemplate\":\"https:\\\/\\\/www.tablaosflamencos.com\\\/it?s={search_term_string}\"},\"query-input\":{\"@type\":\"PropertyValueSpecification\",\"valueRequired\":true,\"valueName\":\"search_term_string\"}}],\"inLanguage\":\"it-IT\"},{\"@type\":[\"Organization\",\"Place\",\"EntertainmentBusiness\"],\"@id\":\"https:\\\/\\\/www.tablaosflamencos.com\\\/it#organization\",\"name\":\"Tablaos Flamencos\",\"alternateName\":\"Tablaos Flamencos\",\"url\":\"https:\\\/\\\/www.tablaosflamencos.com\\\/it\",\"logo\":{\"@id\":\"https:\\\/\\\/www.tablaosflamencos.com\\\/it\\\/jose-merce-biennale-flamenco-2026-toquen-a-rebato.html#local-main-organization-logo\"},\"image\":{\"@id\":\"https:\\\/\\\/www.tablaosflamencos.com\\\/it\\\/jose-merce-biennale-flamenco-2026-toquen-a-rebato.html#local-main-organization-logo\"},\"sameAs\":[\"https:\\\/\\\/www.facebook.com\\\/tablaosflamencos\",\"https:\\\/\\\/x.com\\\/tablaosflamenco\",\"https:\\\/\\\/mastodon.social\\\/@tablaosflamencos\",\"https:\\\/\\\/www.instagram.com\\\/tablaosflamencos\",\"https:\\\/\\\/tiktok.com\\\/@tablaosflamencos\",\"https:\\\/\\\/www.linkedin.com\\\/company\\\/109408238\\\/\"],\"description\":\"Venta de entradas para espect\u00e1culos flamencos\",\"legalName\":\"Tablaos Flamencos\",\"foundingDate\":\"2015-01-01\",\"numberOfEmployees\":{\"@type\":\"QuantitativeValue\",\"minValue\":\"1\",\"maxValue\":\"10\"},\"address\":{\"@id\":\"https:\\\/\\\/www.tablaosflamencos.com\\\/it\\\/jose-merce-biennale-flamenco-2026-toquen-a-rebato.html#local-main-place-address\"},\"geo\":{\"@type\":\"GeoCoordinates\",\"latitude\":\"37.3868072\",\"longitude\":\"-5.993280299999999\"},\"telephone\":[\"+34623787787\"],\"contactPoint\":{\"@type\":\"ContactPoint\",\"telephone\":\"+34623787787\",\"email\":\"info@tablaosflamencos.com\"},\"openingHoursSpecification\":{\"@type\":\"OpeningHoursSpecification\",\"dayOfWeek\":[\"Monday\",\"Tuesday\",\"Wednesday\",\"Thursday\",\"Friday\",\"Saturday\",\"Sunday\"],\"opens\":\"00:00\",\"closes\":\"23:59\"},\"email\":\"info@tablaosflamencos.com\",\"priceRange\":\"$$$\",\"currenciesAccepted\":\"\u20ac\"},{\"@type\":\"Person\",\"@id\":\"https:\\\/\\\/www.tablaosflamencos.com\\\/it#\\\/schema\\\/person\\\/e7a9ebe14eb75a52ceabfbffb3c54f5d\",\"name\":\"Miguel Ortiz\",\"description\":\"Miguel Ortiz es un empresario flamenco, con una s\u00f3lida trayectoria dentro del sector. Ha presidido entidades culturales vinculadas al flamenco y, cuenta con un amplio recorrido profesional en la gesti\u00f3n y promoci\u00f3n de espect\u00e1culos y tablaos flamencos. Su pasi\u00f3n por la historia y el arte flamenco se refleja en cada art\u00edculo, donde combina experiencia, criterio y un profundo respeto por la tradici\u00f3n.\",\"sameAs\":[\"https:\\\/\\\/www.tablaosflamencos.com\",\"https:\\\/\\\/www.instagra.com\\\/miguelortizfe\",\"https:\\\/\\\/www.linkedin.com\\\/in\\\/miguelortizf\\\/\"],\"birthDate\":\"1984-11-22\",\"gender\":\"hombre\",\"knowsLanguage\":[\"espa\u00f1ol\",\"ingl\u00e9s\"],\"jobTitle\":\"Empresario flamenco\"},{\"@type\":\"PostalAddress\",\"@id\":\"https:\\\/\\\/www.tablaosflamencos.com\\\/it\\\/jose-merce-biennale-flamenco-2026-toquen-a-rebato.html#local-main-place-address\",\"streetAddress\":\"C\\\/ Alemanes, 19\",\"addressLocality\":\"Sevilla\",\"postalCode\":\"41004\",\"addressRegion\":\"Sevilla\",\"addressCountry\":\"ES\"},{\"@type\":\"ImageObject\",\"inLanguage\":\"it-IT\",\"@id\":\"https:\\\/\\\/www.tablaosflamencos.com\\\/it\\\/jose-merce-biennale-flamenco-2026-toquen-a-rebato.html#local-main-organization-logo\",\"url\":\"https:\\\/\\\/www.tablaosflamencos.com\\\/wp-content\\\/uploads\\\/tablaos-flamencos-06-3.webp\",\"contentUrl\":\"https:\\\/\\\/www.tablaosflamencos.com\\\/wp-content\\\/uploads\\\/tablaos-flamencos-06-3.webp\",\"width\":600,\"height\":620,\"caption\":\"Tablaos Flamencos\"}]}<\/script>\n<meta name=\"geo.placename\" content=\"Sevilla\" \/>\n<meta name=\"geo.position\" content=\"37.3868072;-5.993280299999999\" \/>\n<meta name=\"geo.region\" content=\"Spagna\" \/>\n<!-- \/ Yoast SEO Premium plugin. -->","yoast_head_json":{"title":"Jos\u00e9 Merc\u00e9 alla Biennale 2026: Toquen a rebato","description":"Jos\u00e9 Merc\u00e9 presenta Toquen a rebato alla Biennale di Flamenco 2026: data, Teatro de la Maestranza, chitarristi, repertorio e chiavi dello spettacolo.","robots":{"index":"index","follow":"follow","max-snippet":"max-snippet:-1","max-image-preview":"max-image-preview:large","max-video-preview":"max-video-preview:-1"},"canonical":"https:\/\/www.tablaosflamencos.com\/it\/jose-merce-biennale-flamenco-2026-toquen-a-rebato.html","og_locale":"it_IT","og_type":"article","og_title":"Jos\u00e9 Merc\u00e9 alla Biennale di Flamenco 2026: Toquen a rebato","og_description":"Jos\u00e9 Merc\u00e9 presenta Toquen a rebato alla Biennale di Flamenco 2026: data, Teatro de la Maestranza, chitarristi, repertorio e chiavi dello spettacolo.","og_url":"https:\/\/www.tablaosflamencos.com\/it\/jose-merce-biennale-flamenco-2026-toquen-a-rebato.html","og_site_name":"Tablaos Flamencos","article_publisher":"https:\/\/www.facebook.com\/tablaosflamencos","article_published_time":"2026-09-02T22:15:18+00:00","article_modified_time":"2026-09-02T23:30:54+00:00","og_image":[{"width":1672,"height":941,"url":"https:\/\/www.tablaosflamencos.com\/wp-content\/uploads\/jose-merce-op-de-flamencobiennale-2026-toquen-a-rebato.webp","type":"image\/webp"}],"author":"Miguel Ortiz","twitter_card":"summary_large_image","twitter_creator":"@tablaosflamenco","twitter_site":"@tablaosflamenco","twitter_misc":{"Scritto da":"Miguel Ortiz","Tempo di lettura stimato":"15 minuti"},"schema":{"@context":"https:\/\/schema.org","@graph":[{"@type":"Article","@id":"https:\/\/www.tablaosflamencos.com\/it\/jose-merce-biennale-flamenco-2026-toquen-a-rebato.html#article","isPartOf":{"@id":"https:\/\/www.tablaosflamencos.com\/it\/jose-merce-biennale-flamenco-2026-toquen-a-rebato.html"},"author":{"name":"Miguel Ortiz","@id":"https:\/\/www.tablaosflamencos.com\/it#\/schema\/person\/e7a9ebe14eb75a52ceabfbffb3c54f5d"},"headline":"Jos\u00e9 Merc\u00e9 alla Biennale di Flamenco 2026: Toquen a rebato","datePublished":"2026-09-02T22:15:18+00:00","dateModified":"2026-09-02T23:30:54+00:00","mainEntityOfPage":{"@id":"https:\/\/www.tablaosflamencos.com\/it\/jose-merce-biennale-flamenco-2026-toquen-a-rebato.html"},"wordCount":2947,"publisher":{"@id":"https:\/\/www.tablaosflamencos.com\/it#organization"},"image":{"@id":"https:\/\/www.tablaosflamencos.com\/it\/jose-merce-biennale-flamenco-2026-toquen-a-rebato.html#primaryimage"},"thumbnailUrl":"https:\/\/www.tablaosflamencos.com\/wp-content\/uploads\/jose-merce-op-de-flamencobiennale-2026-toquen-a-rebato.webp","keywords":["Bienal 2026","Bienal de Flamenco","Jos\u00e9 Merc\u00e9","sevilla","Toquen a rebato"],"articleSection":["Biennale di Flamenco","Notizie \/ Attualit\u00e0"],"inLanguage":"it-IT"},{"@type":"WebPage","@id":"https:\/\/www.tablaosflamencos.com\/it\/jose-merce-biennale-flamenco-2026-toquen-a-rebato.html","url":"https:\/\/www.tablaosflamencos.com\/it\/jose-merce-biennale-flamenco-2026-toquen-a-rebato.html","name":"Jos\u00e9 Merc\u00e9 alla Biennale 2026: Toquen a rebato","isPartOf":{"@id":"https:\/\/www.tablaosflamencos.com\/it#website"},"primaryImageOfPage":{"@id":"https:\/\/www.tablaosflamencos.com\/it\/jose-merce-biennale-flamenco-2026-toquen-a-rebato.html#primaryimage"},"image":{"@id":"https:\/\/www.tablaosflamencos.com\/it\/jose-merce-biennale-flamenco-2026-toquen-a-rebato.html#primaryimage"},"thumbnailUrl":"https:\/\/www.tablaosflamencos.com\/wp-content\/uploads\/jose-merce-op-de-flamencobiennale-2026-toquen-a-rebato.webp","datePublished":"2026-09-02T22:15:18+00:00","dateModified":"2026-09-02T23:30:54+00:00","description":"Jos\u00e9 Merc\u00e9 presenta Toquen a rebato alla Biennale di Flamenco 2026: data, Teatro de la Maestranza, chitarristi, repertorio e chiavi dello spettacolo.","breadcrumb":{"@id":"https:\/\/www.tablaosflamencos.com\/it\/jose-merce-biennale-flamenco-2026-toquen-a-rebato.html#breadcrumb"},"inLanguage":"it-IT","potentialAction":[{"@type":"ReadAction","target":["https:\/\/www.tablaosflamencos.com\/it\/jose-merce-biennale-flamenco-2026-toquen-a-rebato.html"]}]},{"@type":"ImageObject","inLanguage":"it-IT","@id":"https:\/\/www.tablaosflamencos.com\/it\/jose-merce-biennale-flamenco-2026-toquen-a-rebato.html#primaryimage","url":"https:\/\/www.tablaosflamencos.com\/wp-content\/uploads\/jose-merce-op-de-flamencobiennale-2026-toquen-a-rebato.webp","contentUrl":"https:\/\/www.tablaosflamencos.com\/wp-content\/uploads\/jose-merce-op-de-flamencobiennale-2026-toquen-a-rebato.webp","width":1672,"height":941,"caption":"Jos\u00e9 Merc\u00e9 en la Bienal de Flamenco 2026: Toquen a rebato"},{"@type":"BreadcrumbList","@id":"https:\/\/www.tablaosflamencos.com\/it\/jose-merce-biennale-flamenco-2026-toquen-a-rebato.html#breadcrumb","itemListElement":[{"@type":"ListItem","position":1,"name":"Home","item":"https:\/\/www.tablaosflamencos.com\/it"},{"@type":"ListItem","position":2,"name":"Jos\u00e9 Merc\u00e9 alla Biennale di Flamenco 2026: Toquen a rebato"}]},{"@type":"WebSite","@id":"https:\/\/www.tablaosflamencos.com\/it#website","url":"https:\/\/www.tablaosflamencos.com\/it","name":"Tablaos Flamencos","description":"Entradas para tablaos flamencos de Espa\u00f1a","publisher":{"@id":"https:\/\/www.tablaosflamencos.com\/it#organization"},"alternateName":"Tablaos Flamencos","potentialAction":[{"@type":"SearchAction","target":{"@type":"EntryPoint","urlTemplate":"https:\/\/www.tablaosflamencos.com\/it?s={search_term_string}"},"query-input":{"@type":"PropertyValueSpecification","valueRequired":true,"valueName":"search_term_string"}}],"inLanguage":"it-IT"},{"@type":["Organization","Place","EntertainmentBusiness"],"@id":"https:\/\/www.tablaosflamencos.com\/it#organization","name":"Tablaos Flamencos","alternateName":"Tablaos Flamencos","url":"https:\/\/www.tablaosflamencos.com\/it","logo":{"@id":"https:\/\/www.tablaosflamencos.com\/it\/jose-merce-biennale-flamenco-2026-toquen-a-rebato.html#local-main-organization-logo"},"image":{"@id":"https:\/\/www.tablaosflamencos.com\/it\/jose-merce-biennale-flamenco-2026-toquen-a-rebato.html#local-main-organization-logo"},"sameAs":["https:\/\/www.facebook.com\/tablaosflamencos","https:\/\/x.com\/tablaosflamenco","https:\/\/mastodon.social\/@tablaosflamencos","https:\/\/www.instagram.com\/tablaosflamencos","https:\/\/tiktok.com\/@tablaosflamencos","https:\/\/www.linkedin.com\/company\/109408238\/"],"description":"Venta de entradas para espect\u00e1culos flamencos","legalName":"Tablaos Flamencos","foundingDate":"2015-01-01","numberOfEmployees":{"@type":"QuantitativeValue","minValue":"1","maxValue":"10"},"address":{"@id":"https:\/\/www.tablaosflamencos.com\/it\/jose-merce-biennale-flamenco-2026-toquen-a-rebato.html#local-main-place-address"},"geo":{"@type":"GeoCoordinates","latitude":"37.3868072","longitude":"-5.993280299999999"},"telephone":["+34623787787"],"contactPoint":{"@type":"ContactPoint","telephone":"+34623787787","email":"info@tablaosflamencos.com"},"openingHoursSpecification":{"@type":"OpeningHoursSpecification","dayOfWeek":["Monday","Tuesday","Wednesday","Thursday","Friday","Saturday","Sunday"],"opens":"00:00","closes":"23:59"},"email":"info@tablaosflamencos.com","priceRange":"$$$","currenciesAccepted":"\u20ac"},{"@type":"Person","@id":"https:\/\/www.tablaosflamencos.com\/it#\/schema\/person\/e7a9ebe14eb75a52ceabfbffb3c54f5d","name":"Miguel Ortiz","description":"Miguel Ortiz es un empresario flamenco, con una s\u00f3lida trayectoria dentro del sector. Ha presidido entidades culturales vinculadas al flamenco y, cuenta con un amplio recorrido profesional en la gesti\u00f3n y promoci\u00f3n de espect\u00e1culos y tablaos flamencos. Su pasi\u00f3n por la historia y el arte flamenco se refleja en cada art\u00edculo, donde combina experiencia, criterio y un profundo respeto por la tradici\u00f3n.","sameAs":["https:\/\/www.tablaosflamencos.com","https:\/\/www.instagra.com\/miguelortizfe","https:\/\/www.linkedin.com\/in\/miguelortizf\/"],"birthDate":"1984-11-22","gender":"hombre","knowsLanguage":["espa\u00f1ol","ingl\u00e9s"],"jobTitle":"Empresario flamenco"},{"@type":"PostalAddress","@id":"https:\/\/www.tablaosflamencos.com\/it\/jose-merce-biennale-flamenco-2026-toquen-a-rebato.html#local-main-place-address","streetAddress":"C\/ Alemanes, 19","addressLocality":"Sevilla","postalCode":"41004","addressRegion":"Sevilla","addressCountry":"ES"},{"@type":"ImageObject","inLanguage":"it-IT","@id":"https:\/\/www.tablaosflamencos.com\/it\/jose-merce-biennale-flamenco-2026-toquen-a-rebato.html#local-main-organization-logo","url":"https:\/\/www.tablaosflamencos.com\/wp-content\/uploads\/tablaos-flamencos-06-3.webp","contentUrl":"https:\/\/www.tablaosflamencos.com\/wp-content\/uploads\/tablaos-flamencos-06-3.webp","width":600,"height":620,"caption":"Tablaos Flamencos"}]},"geo.placename":"Sevilla","geo.position":{"lat":"37.3868072","long":"-5.993280299999999"},"geo.region":"Spagna"},"_links":{"self":[{"href":"https:\/\/www.tablaosflamencos.com\/it\/wp-json\/wp\/v2\/posts\/14127","targetHints":{"allow":["GET"]}}],"collection":[{"href":"https:\/\/www.tablaosflamencos.com\/it\/wp-json\/wp\/v2\/posts"}],"about":[{"href":"https:\/\/www.tablaosflamencos.com\/it\/wp-json\/wp\/v2\/types\/post"}],"author":[{"embeddable":true,"href":"https:\/\/www.tablaosflamencos.com\/it\/wp-json\/wp\/v2\/users\/1"}],"replies":[{"embeddable":true,"href":"https:\/\/www.tablaosflamencos.com\/it\/wp-json\/wp\/v2\/comments?post=14127"}],"version-history":[{"count":2,"href":"https:\/\/www.tablaosflamencos.com\/it\/wp-json\/wp\/v2\/posts\/14127\/revisions"}],"predecessor-version":[{"id":14170,"href":"https:\/\/www.tablaosflamencos.com\/it\/wp-json\/wp\/v2\/posts\/14127\/revisions\/14170"}],"wp:featuredmedia":[{"embeddable":true,"href":"https:\/\/www.tablaosflamencos.com\/it\/wp-json\/wp\/v2\/media\/14099"}],"wp:attachment":[{"href":"https:\/\/www.tablaosflamencos.com\/it\/wp-json\/wp\/v2\/media?parent=14127"}],"wp:term":[{"taxonomy":"category","embeddable":true,"href":"https:\/\/www.tablaosflamencos.com\/it\/wp-json\/wp\/v2\/categories?post=14127"},{"taxonomy":"post_tag","embeddable":true,"href":"https:\/\/www.tablaosflamencos.com\/it\/wp-json\/wp\/v2\/tags?post=14127"}],"curies":[{"name":"wp","href":"https:\/\/api.w.org\/{rel}","templated":true}]}}