{"id":14109,"date":"2026-09-03T01:13:43","date_gmt":"2026-09-02T23:13:43","guid":{"rendered":"https:\/\/www.tablaosflamencos.com\/?p=14109"},"modified":"2026-09-03T01:32:55","modified_gmt":"2026-09-02T23:32:55","slug":"carmen-linares-biennale-flamenco-siviglia-2026-perlas-a-millares","status":"publish","type":"post","link":"https:\/\/www.tablaosflamencos.com\/it\/carmen-linares-biennale-flamenco-siviglia-2026-perlas-a-millares.html","title":{"rendered":"Carmen Linares chiuder\u00e0 la Biennale 2026: Perlas a millares"},"content":{"rendered":"<section class=\"l-section wpb_row height_huge\"><div class=\"l-section-h i-cf\"><div class=\"g-cols vc_row via_flex valign_top type_default stacking_default\"><div class=\"vc_col-sm-6 wpb_column vc_column_container\"><div class=\"vc_column-inner\"><div class=\"wpb_wrapper\"><div class=\"wpb_text_column\"><div class=\"wpb_wrapper\"><h2>Una chiusura costruita intorno a un\u2019opera storica<\/h2>\n<p>La <strong>XXIV Biennale di Flamenco di Siviglia<\/strong> si chiuder\u00e0 il <strong>3 ottobre 2026<\/strong> con uno dei suoi appuntamenti dal maggiore valore simbolico. <strong>Carmen Linares<\/strong> arriver\u00e0 al <strong>Teatro de la Maestranza<\/strong> con <em>Perlas a millares<\/em>, uno spettacolo concepito per celebrare i <strong>30 anni di <em>Antolog\u00eda de la mujer en el cante<\/em><\/strong>, l\u2019album che nel 1996 segn\u00f2 una svolta nella sua carriera.<\/p>\n<p>Non sar\u00e0 un semplice appuntamento in pi\u00f9 nel calendario. L\u2019organizzazione lo presenta come una <strong>Notte unica<\/strong> e come la chiusura ufficiale di un\u2019edizione iniziata il 9 settembre che, per quasi un mese, avr\u00e0 portato canto, danza e chitarra in teatri, monumenti, cortili e spazi storici di Siviglia.<\/p>\n<p>Carmen Linares non sar\u00e0 sola. Condivider\u00e0 il palco con <strong>Marina Heredia, Mar\u00eda Terremoto e Roc\u00edo Luna<\/strong> al canto, e con <strong>Rafaela Carrasco<\/strong> alla danza, in una proposta che guarda sia alla memoria del flamenco femminile sia alle generazioni che oggi continuano quell\u2019eredit\u00e0.<\/p>\n<\/div><\/div><\/div><\/div><\/div><div class=\"vc_col-sm-6 wpb_column vc_column_container\"><div class=\"vc_column-inner\"><div class=\"wpb_wrapper\"><div class=\"wpb_text_column\"><div class=\"wpb_wrapper\"><h3>Dati chiave<\/h3>\n<ul>\n<li><strong>Spettacolo:<\/strong> <em>Perlas a millares<\/em><\/li>\n<li><strong>Data:<\/strong> 3 ottobre 2026<\/li>\n<li><strong>Ora:<\/strong> 20:00<\/li>\n<li><strong>Luogo:<\/strong> Teatro de la Maestranza<\/li>\n<li><strong>Formato:<\/strong> Notte unica<\/li>\n<li><strong>Motivo:<\/strong> 30\u00ba anniversario di <em>Antolog\u00eda de la mujer en el cante<\/em><\/li>\n<\/ul>\n<\/div><\/div><\/div><\/div><\/div><\/div><\/div><\/section><section class=\"l-section wpb_row height_huge color_alternate with_shape\"><div class=\"l-section-shape type_zigzag pos_top\" style=\"height:3vmin;\"><svg xmlns=\"http:\/\/www.w3.org\/2000\/svg\" viewBox=\"0 0 64 8\" preserveAspectRatio=\"none\" width=\"100%\" height=\"100%\">\r\n\t<path fill=\"currentColor\" d=\"M64 8 L0 8 L0 0 L20 7.9 L40 3 L48 5 L64 0 Z\"\/>\r\n<\/svg><\/div><div class=\"l-section-shape type_zigzag pos_bottom\" style=\"height:3vmin;\"><svg xmlns=\"http:\/\/www.w3.org\/2000\/svg\" viewBox=\"0 0 64 8\" preserveAspectRatio=\"none\" width=\"100%\" height=\"100%\">\r\n\t<path fill=\"currentColor\" d=\"M64 8 L0 8 L0 0 L20 7.9 L40 3 L48 5 L64 0 Z\"\/>\r\n<\/svg><\/div><div class=\"l-section-h i-cf\"><div class=\"g-cols vc_row via_flex valign_top type_default stacking_default\"><div class=\"vc_col-sm-12 wpb_column vc_column_container\"><div class=\"vc_column-inner\"><div class=\"wpb_wrapper\"><div class=\"wpb_text_column\"><div class=\"wpb_wrapper\"><blockquote>\n<p><strong>Risposta rapida:<\/strong> Carmen Linares chiuder\u00e0 la Biennale di Flamenco di Siviglia 2026 sabato 3 ottobre alle 20:00 al Teatro de la Maestranza con <em>Perlas a millares<\/em>, accompagnata da Marina Heredia, Mar\u00eda Terremoto, Roc\u00edo Luna e Rafaela Carrasco. Lo spettacolo celebra i 30 anni di <em>Antolog\u00eda de la mujer en el cante<\/em>, uno dei lavori fondamentali della sua carriera.<\/p>\n<\/blockquote>\n<p><strong>Ultimo aggiornamento: 2 settembre 2026.<\/strong> La disponibilit\u00e0 dei posti e alcuni dettagli di produzione possono cambiare. Controlla sempre le informazioni ufficiali.<\/p>\n<\/div><\/div><div class=\"w-separator size_medium\"><\/div><div class=\"w-hwrapper valign_top wrap stack_on_mobiles align_center\" style=\"--hwrapper-gap:1.2rem\"><div class=\"w-btn-wrapper align_none\"><a class=\"w-btn us-btn-style_1\" href=\"https:\/\/www.tablaosflamencos.com\/it\/biennale-flamenco-siviglia-2026.html\"><span class=\"w-btn-label\">Guida completa alla Biennale 2026<\/span><\/a><\/div><div class=\"w-btn-wrapper align_none\"><a class=\"w-btn us-btn-style_1\" href=\"https:\/\/www.tablaosflamencos.com\/it\/notti-uniche-biennale-flamenco-siviglia-2026.html\"><span class=\"w-btn-label\">Notti uniche della Biennale<\/span><\/a><\/div><\/div><\/div><\/div><\/div><\/div><\/div><\/section><section class=\"l-section wpb_row height_huge\"><div class=\"l-section-h i-cf\"><div class=\"g-cols vc_row via_flex valign_top type_default stacking_default\"><div class=\"vc_col-sm-3 wpb_column vc_column_container\"><div class=\"vc_column-inner\"><div class=\"wpb_wrapper\"><\/div><\/div><\/div><div class=\"vc_col-sm-6 wpb_column vc_column_container\"><div class=\"vc_column-inner\"><div class=\"wpb_wrapper\"><div class=\"wpb_text_column\"><div class=\"wpb_wrapper\"><h2>Contenuto di questa guida<\/h2>\n<ul>\n<li><a href=\"#clausura\">Perch\u00e9 questa chiusura ha un significato speciale<\/a><\/li>\n<li><a href=\"#antologia\">30 anni di <em>Antolog\u00eda de la mujer en el cante<\/em><\/a><\/li>\n<li><a href=\"#artistas\">Le artiste ospiti<\/a><\/li>\n<li><a href=\"#programa\">Cosa si canter\u00e0 in <em>Perlas a millares<\/em><\/a><\/li>\n<li><a href=\"#equipo\">Equipe artistica e musicale<\/a><\/li>\n<li><a href=\"#maestranza\">Il Teatro de la Maestranza come scenario della chiusura<\/a><\/li>\n<li><a href=\"#entradas\">Biglietti e consigli pratici<\/a><\/li>\n<li><a href=\"#faq\">Domande frequenti<\/a><\/li>\n<\/ul>\n<\/div><\/div><\/div><\/div><\/div><div class=\"vc_col-sm-3 wpb_column vc_column_container\"><div class=\"vc_column-inner\"><div class=\"wpb_wrapper\"><\/div><\/div><\/div><\/div><\/div><\/section><section class=\"l-section wpb_row height_huge color_alternate with_shape\"><div class=\"l-section-shape type_zigzag pos_top\" style=\"height:3vmin;\"><svg xmlns=\"http:\/\/www.w3.org\/2000\/svg\" viewBox=\"0 0 64 8\" preserveAspectRatio=\"none\" width=\"100%\" height=\"100%\">\r\n\t<path fill=\"currentColor\" d=\"M64 8 L0 8 L0 0 L20 7.9 L40 3 L48 5 L64 0 Z\"\/>\r\n<\/svg><\/div><div class=\"l-section-shape type_zigzag pos_bottom\" style=\"height:3vmin;\"><svg xmlns=\"http:\/\/www.w3.org\/2000\/svg\" viewBox=\"0 0 64 8\" preserveAspectRatio=\"none\" width=\"100%\" height=\"100%\">\r\n\t<path fill=\"currentColor\" d=\"M64 8 L0 8 L0 0 L20 7.9 L40 3 L48 5 L64 0 Z\"\/>\r\n<\/svg><\/div><div class=\"l-section-h i-cf\"><div class=\"g-cols vc_row via_flex valign_top type_default stacking_default\"><div class=\"vc_col-sm-6 wpb_column vc_column_container\"><div class=\"vc_column-inner\"><div class=\"wpb_wrapper\"><div class=\"wpb_text_column\"><div class=\"wpb_wrapper\"><h2 id=\"clausura\">Una chiusura nel segno della memoria<\/h2>\n<p>La scelta di Carmen Linares per chiudere la Biennale 2026 va ben oltre il prestigio del suo nome. La cantaora appartiene a una generazione decisiva per la modernizzazione e la proiezione internazionale del flamenco, e la sua carriera ha attraversato alcuni dei capitoli centrali del genere negli ultimi decenni.<\/p>\n<p>La chiusura arriva inoltre dopo un\u2019edizione particolarmente incentrata sul canto. La Biennale stessa ha sottolineato la presenza di oltre cento voci nel programma, dai grandi maestri ai giovani interpreti. Affidare l\u2019ultima notte a Carmen Linares rafforza questa idea di continuit\u00e0: una figura storica che apre spazio e condivide il repertorio con artiste di generazioni diverse.<\/p>\n<p><em>Perlas a millares<\/em> funziona cos\u00ec sia come finale del festival sia come gesto di trasmissione. Non si limita a riprendere un vecchio album: torna su un repertorio costruito a partire dalle voci e dagli stili di donne fondamentali del flamenco per riportarlo su un grande palcoscenico contemporaneo.<\/p>\n<\/div><\/div><\/div><\/div><\/div><div class=\"vc_col-sm-6 wpb_column vc_column_container\"><div class=\"vc_column-inner\"><div class=\"wpb_wrapper\"><div class=\"wpb_text_column\"><div class=\"wpb_wrapper\"><h3>L\u2019ultimo grande atto della XXIV Biennale<\/h3>\n<p>La funzione del 3 ottobre sar\u00e0 l\u2019ultimo appuntamento del programma generale. Il giorno prima, la Biennale avr\u00e0 ospitato le ultime prime in altri spazi della citt\u00e0; la sera successiva, il Maestranza concentrer\u00e0 la chiusura istituzionale e artistica dell\u2019edizione.<\/p>\n<p>Per questo lo spettacolo \u00e8 stato inserito nelle <strong>Notti uniche<\/strong>, il ciclo che riunisce proposte concepite come eventi irripetibili. In questo caso, il carattere eccezionale si fonda sull\u2019anniversario, sull\u2019incontro tra artiste e sul peso storico del repertorio.<\/p>\n<\/div><\/div><\/div><\/div><\/div><\/div><\/div><\/section><section class=\"l-section wpb_row height_huge\"><div class=\"l-section-h i-cf\"><div class=\"g-cols vc_row via_flex valign_top type_default stacking_default\"><div class=\"vc_col-sm-6 wpb_column vc_column_container\"><div class=\"vc_column-inner\"><div class=\"wpb_wrapper\"><div class=\"wpb_text_column\"><div class=\"wpb_wrapper\"><h2 id=\"antologia\">30 anni di <em>Antolog\u00eda de la mujer en el cante<\/em><\/h2>\n<p>Nel 1996 Carmen Linares pubblic\u00f2 <em>Antolog\u00eda de la mujer en el cante<\/em>, un progetto che recuperava e reinterpretava repertori associati a grandi cantaoras della storia. La registrazione usc\u00ec in un momento particolarmente fertile per il flamenco, quando opere di forte rinnovamento estetico convivevano con uno sguardo sempre pi\u00f9 consapevole verso la memoria discografica e la tradizione.<\/p>\n<p>La Biennale ricorda che a quell\u2019album parteciparono chitarristi come <strong>Vicente Amigo, Tomatito, Rafael Riqueni e Mora\u00edto<\/strong>, tra gli altri. L\u2019album divenne un riferimento centrale nella discografia di Carmen Linares e uno dei lavori pi\u00f9 citati quando si parla della presenza femminile nella storia del canto flamenco.<\/p>\n<p>Trent\u2019anni dopo, <em>Perlas a millares<\/em> torna a quel materiale non come riproduzione letterale, ma come omaggio scenico. Carmen Linares seleziona stili essenziali dell\u2019album e li condivide con voci attuali che rappresentano strade diverse all\u2019interno del flamenco.<\/p>\n<\/div><\/div><\/div><\/div><\/div><div class=\"vc_col-sm-6 wpb_column vc_column_container\"><div class=\"vc_column-inner\"><div class=\"wpb_wrapper\"><div class=\"wpb_text_column\"><div class=\"wpb_wrapper\"><h3>Perch\u00e9 quell\u2019album fu importante?<\/h3>\n<p>Il valore dell\u2019opera risiede tanto nel repertorio quanto nel suo impianto. L\u2019antologia mise al centro cantaoras e creatrici che spesso erano rimaste disperse nella memoria orale, nelle registrazioni storiche o nelle fonti specialistiche.<\/p>\n<p>Nomi come <strong>Ni\u00f1a de los Peines, La Mejorana, La Trini, La Serneta, La Repompa o Perla de C\u00e1diz<\/strong> venivano collegati all\u2019interno di un unico discorso artistico. Carmen Linares non si limit\u00f2 a citare quei repertori: li reinterpret\u00f2 attraverso la propria personalit\u00e0, aiutando nuove generazioni a riascoltarli e studiarli.<\/p>\n<p>La celebrazione del 30\u00ba anniversario alla Biennale riporta questa genealogia femminile al centro della scena.<\/p>\n<\/div><\/div><\/div><\/div><\/div><\/div><\/div><\/section><section class=\"l-section wpb_row height_huge color_alternate with_shape\"><div class=\"l-section-shape type_zigzag pos_top\" style=\"height:3vmin;\"><svg xmlns=\"http:\/\/www.w3.org\/2000\/svg\" viewBox=\"0 0 64 8\" preserveAspectRatio=\"none\" width=\"100%\" height=\"100%\">\r\n\t<path fill=\"currentColor\" d=\"M64 8 L0 8 L0 0 L20 7.9 L40 3 L48 5 L64 0 Z\"\/>\r\n<\/svg><\/div><div class=\"l-section-shape type_zigzag pos_bottom\" style=\"height:3vmin;\"><svg xmlns=\"http:\/\/www.w3.org\/2000\/svg\" viewBox=\"0 0 64 8\" preserveAspectRatio=\"none\" width=\"100%\" height=\"100%\">\r\n\t<path fill=\"currentColor\" d=\"M64 8 L0 8 L0 0 L20 7.9 L40 3 L48 5 L64 0 Z\"\/>\r\n<\/svg><\/div><div class=\"l-section-h i-cf\"><div class=\"g-cols vc_row via_flex valign_top type_default stacking_default\"><div class=\"vc_col-sm-12 wpb_column vc_column_container\"><div class=\"vc_column-inner\"><div class=\"wpb_wrapper\"><div class=\"wpb_text_column\"><div class=\"wpb_wrapper\"><h2 id=\"artistas\">Carmen Linares con Marina Heredia, Mar\u00eda Terremoto, Roc\u00edo Luna e Rafaela Carrasco<\/h2>\n<p>Uno dei principali motivi d\u2019interesse di <em>Perlas a millares<\/em> sta nell\u2019incontro tra artiste. La protagonista sar\u00e0 Carmen Linares, ma lo spettacolo \u00e8 pensato come un dialogo tra generazioni.<\/p>\n<p><strong>Marina Heredia<\/strong> porta una delle voci pi\u00f9 riconoscibili del flamenco attuale e arriver\u00e0 alla chiusura dopo aver tenuto il 1\u00ba ottobre il proprio concerto con la Real Orquesta Sinf\u00f3nica de Sevilla. <strong>Mar\u00eda Terremoto<\/strong> rappresenta una linea direttamente collegata alla tradizione canora di Jerez. <strong>Roc\u00edo Luna<\/strong>, vincitrice della L\u00e1mpara Minera nel 2023, incarna una generazione ancora pi\u00f9 giovane e in questa edizione condivide il palco con una delle grandi maestre del canto flamenco.<\/p>\n<p>La danza sar\u00e0 affidata a <strong>Rafaela Carrasco<\/strong>, coreografa e bailaora di lunga esperienza, la cui presenza amplia lo spettacolo oltre il formato del recital. L\u2019incontro tra canto, chitarra e danza rafforza l\u2019idea di un\u2019antologia viva tradotta nel linguaggio scenico del 2026.<\/p>\n<\/div><\/div><\/div><\/div><\/div><\/div><\/div><\/section><section class=\"l-section wpb_row height_huge\"><div class=\"l-section-h i-cf\"><div class=\"g-cols vc_row via_flex valign_top type_default stacking_default\"><div class=\"vc_col-sm-6 wpb_column vc_column_container\"><div class=\"vc_column-inner\"><div class=\"wpb_wrapper\"><div class=\"wpb_text_column\"><div class=\"wpb_wrapper\"><h2 id=\"programa\">Il programma: un percorso tra stili e cantaoras storiche<\/h2>\n<p>Il programma ufficiale della Biennale delinea un percorso particolarmente ampio. Il repertorio comprende <strong>fandangos di Lucena e ronde\u00f1a<\/strong>, collegati a Dolores de la Huerta e Concha la Pe\u00f1aranda; <strong>alegr\u00edas e cantinas<\/strong> associate a Ni\u00f1a de los Peines, La Mejorana e Rosario la del Colorao; e <strong>tientos<\/strong> dell\u2019orbita di Pastora Pav\u00f3n.<\/p>\n<p>Ci saranno inoltre <strong>bamberas e fandangos di Huelva<\/strong>, una sezione strumentale, <strong>grana\u00edna, malague\u00f1a e taranta<\/strong>, oltre a <strong>buler\u00eda por sole\u00e1<\/strong>, tangos, seguiriyas, buler\u00edas e ton\u00e1s.<\/p>\n<p>Il programma non cerca di rappresentare tutti i palos del flamenco, ma di recuperare una selezione di stili legati a donne che hanno lasciato un\u2019impronta decisiva nel canto. La variet\u00e0 permette inoltre alle artiste ospiti di trovare spazi diversi all\u2019interno dello spettacolo.<\/p>\n<\/div><\/div><\/div><\/div><\/div><div class=\"vc_col-sm-6 wpb_column vc_column_container\"><div class=\"vc_column-inner\"><div class=\"wpb_wrapper\"><div class=\"wpb_text_column\"><div class=\"wpb_wrapper\"><h3>Alcuni riferimenti femminili del repertorio<\/h3>\n<ul>\n<li>Ni\u00f1a de los Peines<\/li>\n<li>La Mejorana<\/li>\n<li>Rosario la del Colorao<\/li>\n<li>Mar\u00eda la Conejilla<\/li>\n<li>Juana Mar\u00eda<\/li>\n<li>T\u00eda Marina Habichuela<\/li>\n<li>La Trini<\/li>\n<li>La Serneta<\/li>\n<li>La Moreno<\/li>\n<li>La Jilica de Marchena<\/li>\n<li>La Repompa<\/li>\n<li>Perla de C\u00e1diz<\/li>\n<li>Antonia Pozo<\/li>\n<li>Juana Cruz<\/li>\n<\/ul>\n<p>Il titolo <em>Perlas a millares<\/em> \u00e8 particolarmente adatto a una proposta costruita proprio a partire da questa somma di voci, stili e ricordi.<\/p>\n<\/div><\/div><\/div><\/div><\/div><\/div><\/div><\/section><section class=\"l-section wpb_row height_huge color_alternate with_shape\"><div class=\"l-section-shape type_zigzag pos_top\" style=\"height:3vmin;\"><svg xmlns=\"http:\/\/www.w3.org\/2000\/svg\" viewBox=\"0 0 64 8\" preserveAspectRatio=\"none\" width=\"100%\" height=\"100%\">\r\n\t<path fill=\"currentColor\" d=\"M64 8 L0 8 L0 0 L20 7.9 L40 3 L48 5 L64 0 Z\"\/>\r\n<\/svg><\/div><div class=\"l-section-shape type_zigzag pos_bottom\" style=\"height:3vmin;\"><svg xmlns=\"http:\/\/www.w3.org\/2000\/svg\" viewBox=\"0 0 64 8\" preserveAspectRatio=\"none\" width=\"100%\" height=\"100%\">\r\n\t<path fill=\"currentColor\" d=\"M64 8 L0 8 L0 0 L20 7.9 L40 3 L48 5 L64 0 Z\"\/>\r\n<\/svg><\/div><div class=\"l-section-h i-cf\"><div class=\"g-cols vc_row via_flex valign_top type_default stacking_default\"><div class=\"vc_col-sm-6 wpb_column vc_column_container\"><div class=\"vc_column-inner\"><div class=\"wpb_wrapper\"><div class=\"wpb_text_column\"><div class=\"wpb_wrapper\"><h2 id=\"equipo\">Il team musicale di <em>Perlas a millares<\/em><\/h2>\n<p>La direzione musicale \u00e8 affidata alla stessa <strong>Carmen Linares<\/strong>. Alle chitarre ci saranno <strong>Salvador Guti\u00e9rrez<\/strong> e <strong>Edu Esp\u00edn<\/strong>; <strong>Pablo Su\u00e1rez<\/strong> sar\u00e0 al pianoforte e <strong>Dani Su\u00e1rez<\/strong> alle percussioni.<\/p>\n<p>Cori e palmas saranno affidati a <strong>Ana Mar\u00eda Gonz\u00e1lez<\/strong> e <strong>Rosario Amador<\/strong>. Il sound design sar\u00e0 di \u00c1lvaro Barco e Miguel Torroja, mentre le luci saranno firmate da Antonio Valiente. Lourdes Garc\u00eda cura la produzione e <strong>Miguel Esp\u00edn Pacheco<\/strong> il coordinamento artistico.<\/p>\n<p>\u00c8 un team pensato per sostenere uno spettacolo di grande formato senza perdere il centro di gravit\u00e0 del progetto: il canto e la memoria di questo repertorio.<\/p>\n<\/div><\/div><\/div><\/div><\/div><div class=\"vc_col-sm-6 wpb_column vc_column_container\"><div class=\"vc_column-inner\"><div class=\"wpb_wrapper\"><div class=\"wpb_text_column\"><div class=\"wpb_wrapper\"><h2 id=\"maestranza\">Il Teatro de la Maestranza, scenario della chiusura<\/h2>\n<p>Il <strong>Teatro de la Maestranza<\/strong> sar\u00e0 uno dei principali centri di gravit\u00e0 della Biennale 2026. Sul suo palco passeranno Sara Baras, Jos\u00e9 Merc\u00e9, Israel Galv\u00e1n, Farruquito, Marina Heredia e altri nomi prima della chiusura di Carmen Linares.<\/p>\n<p>La sua capacit\u00e0 tecnica e la sua scala permettono produzioni che richiedono un grande spazio scenico, illuminazione complessa e un\u2019ottima resa acustica. Per una chiusura come <em>Perlas a millares<\/em>, lo spazio aggiunge anche una dimensione cerimoniale coerente con il carattere di omaggio e di finale dell\u2019edizione.<\/p>\n<p>Se vuoi confrontare questo teatro con altri spazi del programma, consulta la nostra guida agli <a href=\"https:\/\/www.tablaosflamencos.com\/espacios-espectaculares-bienal-flamenco-sevilla-2026.html\">spazi pi\u00f9 spettacolari della Biennale 2026<\/a>.<\/p>\n<\/div><\/div><\/div><\/div><\/div><\/div><\/div><\/section><section class=\"l-section wpb_row height_huge\"><div class=\"l-section-h i-cf\"><div class=\"g-cols vc_row via_flex valign_top type_default stacking_default\"><div class=\"vc_col-sm-12 wpb_column vc_column_container\"><div class=\"vc_column-inner\"><div class=\"wpb_wrapper\"><div class=\"wpb_text_column\"><div class=\"wpb_wrapper\"><h2 id=\"entradas\">Biglietti e consigli per assistere alla chiusura<\/h2>\n<p>Lo spettacolo \u00e8 in programma per <strong>sabato 3 ottobre alle 20:00<\/strong>. Trattandosi della chiusura e di una Notte unica, \u00e8 meglio non lasciare l\u2019acquisto all\u2019ultimo momento.<\/p>\n<p>La Biennale ha registrato una domanda molto alta per diversi spettacoli principali e il Teatro de la Maestranza ospita alcuni degli appuntamenti con maggiore richiamo. Prima dell\u2019acquisto verifica sempre la disponibilit\u00e0 attuale e il settore specifico della sala tramite i canali ufficiali.<\/p>\n<p>Per confrontare prezzi, sconti e condizioni di vendita consulta la nostra guida a <a href=\"https:\/\/www.tablaosflamencos.com\/bienal-flamenco-2026-entradas-precios-descuentos.html\">biglietti, prezzi e sconti della Biennale 2026<\/a>. Se uno spettacolo risulta esaurito, abbiamo anche preparato una guida su <a href=\"https:\/\/www.tablaosflamencos.com\/bienal-flamenco-2026-entradas-agotadas-que-ver.html\">cosa fare se non trovi biglietti per la Biennale<\/a>.<\/p>\n<p>E se vuoi prolungare la serata a Siviglia, puoi consultare anche la nostra selezione per <a href=\"https:\/\/www.tablaosflamencos.com\/flamenco-en-sevilla\">vedere flamenco a Siviglia<\/a> al di fuori del programma ufficiale del festival.<\/p>\n<\/div><\/div><div class=\"w-separator size_medium\"><\/div><div class=\"w-hwrapper valign_top wrap stack_on_mobiles align_center\" style=\"--hwrapper-gap:1.2rem\"><div class=\"w-btn-wrapper align_none\"><a class=\"w-btn us-btn-style_1\" href=\"https:\/\/www.tablaosflamencos.com\/it\/biennale-flamenco-siviglia-2026-biglietti-prezzi-sconti.html\"><span class=\"w-btn-label\">Biglietti, prezzi e sconti<\/span><\/a><\/div><div class=\"w-btn-wrapper align_none\"><a class=\"w-btn us-btn-style_1\" href=\"https:\/\/www.tablaosflamencos.com\/it\/flamenco-a-siviglia\"><span class=\"w-btn-label\">Vedere flamenco a Siviglia<\/span><\/a><\/div><\/div><\/div><\/div><\/div><\/div><\/div><\/section><section class=\"l-section wpb_row height_huge color_alternate with_shape\"><div class=\"l-section-shape type_zigzag pos_top\" style=\"height:3vmin;\"><svg xmlns=\"http:\/\/www.w3.org\/2000\/svg\" viewBox=\"0 0 64 8\" preserveAspectRatio=\"none\" width=\"100%\" height=\"100%\">\r\n\t<path fill=\"currentColor\" d=\"M64 8 L0 8 L0 0 L20 7.9 L40 3 L48 5 L64 0 Z\"\/>\r\n<\/svg><\/div><div class=\"l-section-shape type_zigzag pos_bottom\" style=\"height:3vmin;\"><svg xmlns=\"http:\/\/www.w3.org\/2000\/svg\" viewBox=\"0 0 64 8\" preserveAspectRatio=\"none\" width=\"100%\" height=\"100%\">\r\n\t<path fill=\"currentColor\" d=\"M64 8 L0 8 L0 0 L20 7.9 L40 3 L48 5 L64 0 Z\"\/>\r\n<\/svg><\/div><div class=\"l-section-h i-cf\"><div class=\"g-cols vc_row via_flex valign_top type_default stacking_default\"><div class=\"vc_col-sm-12 wpb_column vc_column_container\"><div class=\"vc_column-inner\"><div class=\"wpb_wrapper\"><div class=\"wpb_text_column\"><div class=\"wpb_wrapper\"><h2 style=\"text-align: center;\">Un modo coerente di chiudere la Biennale<\/h2>\n<p style=\"text-align: center;\">La chiusura del 2026 non \u00e8 pensata come un riassunto dell\u2019edizione, ma come una dichiarazione artistica autonoma. Carmen Linares torna sull\u2019album che ha trasformato la sua carriera e lo converte in una celebrazione collettiva delle donne che hanno costruito una parte essenziale del canto flamenco.<\/p>\n<p style=\"text-align: center;\">La presenza di Marina Heredia, Mar\u00eda Terremoto, Roc\u00edo Luna e Rafaela Carrasco evita che l\u2019omaggio rimanga chiuso nella nostalgia. Il risultato mira ad altro: mostrare come un repertorio storico possa continuare a passare da una generazione all\u2019altra senza perdere profondit\u00e0 n\u00e9 identit\u00e0.<\/p>\n<p style=\"text-align: center;\">Dopo quasi un mese di programmazione, <em>Perlas a millares<\/em> metter\u00e0 l\u2019ultimo comp\u00e1s alla XXIV Biennale. E lo far\u00e0 guardando indietro per spiegare proprio perch\u00e9 quel passato continua a vivere nel flamenco di oggi.<\/p>\n<\/div><\/div><\/div><\/div><\/div><\/div><\/div><\/section><section class=\"l-section wpb_row height_huge\"><div class=\"l-section-h i-cf\"><div class=\"g-cols vc_row via_flex valign_top type_default stacking_default\"><div class=\"vc_col-sm-1\/5 wpb_column vc_column_container\"><div class=\"vc_column-inner\"><div class=\"wpb_wrapper\"><\/div><\/div><\/div><div class=\"vc_col-sm-3\/5 wpb_column vc_column_container\"><div class=\"vc_column-inner\"><div class=\"wpb_wrapper\"><div class=\"wpb_text_column\"><div class=\"wpb_wrapper\"><h2 id=\"faq\" style=\"text-align: center;\">Domande frequenti su Carmen Linares e <em>Perlas a millares<\/em><\/h2>\n<\/div><\/div><div class=\"w-separator size_medium\"><\/div><div class=\"w-tabs accordion toggle_style_1 has_scrolling\" style=\"--sections-title-size:inherit;--sections-gap:0.5rem;\"><div class=\"w-tabs-sections titles-align_none icon_chevron cpos_right\"><div class=\"w-tabs-section\" id=\"a0ab\"><button type=\"button\" class=\"w-tabs-section-header\" aria-controls=\"content-a0ab\" aria-expanded=\"false\"><div class=\"w-tabs-section-title\">Quando si esibisce Carmen Linares alla Biennale 2026?<\/div><div class=\"w-tabs-section-control\"><\/div><\/button><div  class=\"w-tabs-section-content\" id=\"content-a0ab\"><div class=\"w-tabs-section-content-h i-cf\"><div class=\"wpb_text_column\"><div class=\"wpb_wrapper\"><p>Carmen Linares si esibir\u00e0 sabato 3 ottobre 2026 alle 20:00 al Teatro de la Maestranza.<\/p>\n<\/div><\/div><\/div><\/div><\/div><div class=\"w-tabs-section\" id=\"z19f\"><button type=\"button\" class=\"w-tabs-section-header\" aria-controls=\"content-z19f\" aria-expanded=\"false\"><div class=\"w-tabs-section-title\">Perlas a millares \u00e8 lo spettacolo di chiusura della Biennale?<\/div><div class=\"w-tabs-section-control\"><\/div><\/button><div  class=\"w-tabs-section-content\" id=\"content-z19f\"><div class=\"w-tabs-section-content-h i-cf\"><div class=\"wpb_text_column\"><div class=\"wpb_wrapper\"><p>S\u00ec. \u00c8 l\u2019ultimo appuntamento del programma generale e la Biennale lo presenta come lo spettacolo di chiusura della sua XXIV edizione.<\/p>\n<\/div><\/div><\/div><\/div><\/div><div class=\"w-tabs-section\" id=\"a27b\"><button type=\"button\" class=\"w-tabs-section-header\" aria-controls=\"content-a27b\" aria-expanded=\"false\"><div class=\"w-tabs-section-title\">Cosa celebra Perlas a millares?<\/div><div class=\"w-tabs-section-control\"><\/div><\/button><div  class=\"w-tabs-section-content\" id=\"content-a27b\"><div class=\"w-tabs-section-content-h i-cf\"><div class=\"wpb_text_column\"><div class=\"wpb_wrapper\"><p>Celebra il 30\u00ba anniversario di <em>Antolog\u00eda de la mujer en el cante<\/em>, l\u2019album pubblicato da Carmen Linares nel 1996.<\/p>\n<\/div><\/div><\/div><\/div><\/div><div class=\"w-tabs-section\" id=\"u350\"><button type=\"button\" class=\"w-tabs-section-header\" aria-controls=\"content-u350\" aria-expanded=\"false\"><div class=\"w-tabs-section-title\">Quali artiste accompagneranno Carmen Linares?<\/div><div class=\"w-tabs-section-control\"><\/div><\/button><div  class=\"w-tabs-section-content\" id=\"content-u350\"><div class=\"w-tabs-section-content-h i-cf\"><div class=\"wpb_text_column\"><div class=\"wpb_wrapper\"><p>Parteciperanno come ospiti Marina Heredia, Mar\u00eda Terremoto e Roc\u00edo Luna al canto, e Rafaela Carrasco alla danza.<\/p>\n<\/div><\/div><\/div><\/div><\/div><div class=\"w-tabs-section\" id=\"b419\"><button type=\"button\" class=\"w-tabs-section-header\" aria-controls=\"content-b419\" aria-expanded=\"false\"><div class=\"w-tabs-section-title\">Quali palos flamencos compaiono nel programma?<\/div><div class=\"w-tabs-section-control\"><\/div><\/button><div  class=\"w-tabs-section-content\" id=\"content-b419\"><div class=\"w-tabs-section-content-h i-cf\"><div class=\"wpb_text_column\"><div class=\"wpb_wrapper\"><p>Il programma include, tra gli altri, fandangos, ronde\u00f1a, alegr\u00edas, cantinas, tientos, bamberas, grana\u00edna, malague\u00f1a, taranta, buler\u00eda por sole\u00e1, tangos, seguiriyas, buler\u00edas e ton\u00e1s.<\/p>\n<\/div><\/div><\/div><\/div><\/div><div class=\"w-tabs-section\" id=\"a4f1\"><button type=\"button\" class=\"w-tabs-section-header\" aria-controls=\"content-a4f1\" aria-expanded=\"false\"><div class=\"w-tabs-section-title\">Dove si svolge lo spettacolo?<\/div><div class=\"w-tabs-section-control\"><\/div><\/button><div  class=\"w-tabs-section-content\" id=\"content-a4f1\"><div class=\"w-tabs-section-content-h i-cf\"><div class=\"wpb_text_column\"><div class=\"wpb_wrapper\"><p>Al Teatro de la Maestranza di Siviglia, uno dei principali spazi di grande formato della Biennale 2026.<\/p>\n<\/div><\/div><\/div><\/div><\/div><div class=\"w-tabs-section\" id=\"h5bc\"><button type=\"button\" class=\"w-tabs-section-header\" aria-controls=\"content-h5bc\" aria-expanded=\"false\"><div class=\"w-tabs-section-title\">\u00c8 una Notte unica?<\/div><div class=\"w-tabs-section-control\"><\/div><\/button><div  class=\"w-tabs-section-content\" id=\"content-h5bc\"><div class=\"w-tabs-section-content-h i-cf\"><div class=\"wpb_text_column\"><div class=\"wpb_wrapper\"><p>S\u00ec. La Biennale include <em>Perlas a millares<\/em> nel programma delle Notti uniche.<\/p>\n<\/div><\/div><\/div><\/div><\/div><div class=\"w-tabs-section\" id=\"m67a\"><button type=\"button\" class=\"w-tabs-section-header\" aria-controls=\"content-m67a\" aria-expanded=\"false\"><div class=\"w-tabs-section-title\">Dove acquistare i biglietti?<\/div><div class=\"w-tabs-section-control\"><\/div><\/button><div  class=\"w-tabs-section-content\" id=\"content-m67a\"><div class=\"w-tabs-section-content-h i-cf\"><div class=\"wpb_text_column\"><div class=\"wpb_wrapper\"><p>I biglietti vanno acquistati tramite i canali ufficiali della Biennale e del Teatro de la Maestranza. Conviene verificare disponibilit\u00e0 e prezzi prima di spostarsi.<\/p>\n<\/div><\/div><\/div><\/div><\/div><\/div><\/div><\/div><\/div><\/div><div class=\"vc_col-sm-1\/5 wpb_column vc_column_container\"><div class=\"vc_column-inner\"><div class=\"wpb_wrapper\"><\/div><\/div><\/div><\/div><\/div><\/section><section class=\"l-section wpb_row height_huge\"><div class=\"l-section-h i-cf\"><div class=\"g-cols vc_row via_flex valign_top type_default stacking_default\"><div class=\"vc_col-sm-12 wpb_column vc_column_container\"><div class=\"vc_column-inner\"><div class=\"wpb_wrapper\"><div class=\"wpb_text_column\"><div class=\"wpb_wrapper\"><h3>Fonti e aggiornamento<\/h3>\n<p>Informazioni verificate con il programma ufficiale della XXIV Biennale di Flamenco di Siviglia e la scheda di <em>Perlas a millares<\/em>. Dati verificati il 2 settembre 2026. L\u2019organizzazione pu\u00f2 modificare orari, disponibilit\u00e0 o dettagli di produzione.<\/p>\n<\/div><\/div><\/div><\/div><\/div><\/div><\/div><\/section>\n","protected":false},"excerpt":{"rendered":"<p>Carmen Linares chiuder\u00e0 la Biennale di Flamenco di Siviglia 2026 con Perlas a millares, una serata unica per i 30 anni di Antolog\u00eda de la mujer en el cante.<\/p>\n","protected":false},"author":1,"featured_media":14103,"comment_status":"closed","ping_status":"closed","sticky":false,"template":"","format":"standard","meta":{"_acf_changed":false,"wpai_generated_summary":"","_ayudawp_aiss_exclude":false,"_ayudawp_aiss_exclude_summary":false,"_ayudawp_aiss_summary":"","_ayudawp_aiss_summary_provider":"","_ayudawp_aiss_summary_hash":"","footnotes":""},"categories":[1429],"tags":[1249,1250,1251,1398,1896,1252,1177,1253],"class_list":["post-14109","post","type-post","status-publish","format-standard","has-post-thumbnail","hentry","category-biennale-di-flamenco","tag-agenda-flamenca","tag-bienal-2026","tag-bienal-de-flamenco","tag-cante-flamenco-it","tag-carmen-linares-it","tag-festivales-flamencos","tag-flamenco-en-sevilla","tag-sevilla"],"acf":[],"yoast_head":"<!-- This site is optimized with the Yoast SEO Premium plugin v28.4 (Yoast SEO v28.4) - https:\/\/yoast.com\/product\/yoast-seo-premium-wordpress\/ -->\n<title>Carmen Linares alla Biennale 2026: Perlas a millares<\/title>\n<meta name=\"description\" content=\"Carmen Linares chiude la Biennale di Flamenco di Siviglia 2026 con Perlas a millares: data, artiste, programma, 30\u00ba anniversario e biglietti.\" \/>\n<meta name=\"robots\" content=\"index, follow, max-snippet:-1, max-image-preview:large, max-video-preview:-1\" \/>\n<link rel=\"canonical\" href=\"https:\/\/www.tablaosflamencos.com\/it\/carmen-linares-biennale-flamenco-siviglia-2026-perlas-a-millares.html\" \/>\n<meta property=\"og:locale\" content=\"it_IT\" \/>\n<meta property=\"og:type\" content=\"article\" \/>\n<meta property=\"og:title\" content=\"Carmen Linares chiuder\u00e0 la Biennale 2026: Perlas a millares\" \/>\n<meta property=\"og:description\" content=\"Carmen Linares chiude la Biennale di Flamenco di Siviglia 2026 con Perlas a millares: data, artiste, programma, 30\u00ba anniversario e biglietti.\" \/>\n<meta property=\"og:url\" content=\"https:\/\/www.tablaosflamencos.com\/it\/carmen-linares-biennale-flamenco-siviglia-2026-perlas-a-millares.html\" \/>\n<meta property=\"og:site_name\" content=\"Tablaos Flamencos\" \/>\n<meta property=\"article:publisher\" content=\"https:\/\/www.facebook.com\/tablaosflamencos\" \/>\n<meta property=\"article:published_time\" content=\"2026-09-02T23:13:43+00:00\" \/>\n<meta property=\"article:modified_time\" content=\"2026-09-02T23:32:55+00:00\" \/>\n<meta property=\"og:image\" content=\"https:\/\/www.tablaosflamencos.com\/wp-content\/uploads\/carmen-linares-cerrara-la-bienal-2026-perlas-a-millares-01.webp\" \/>\n\t<meta property=\"og:image:width\" content=\"1672\" \/>\n\t<meta property=\"og:image:height\" content=\"941\" \/>\n\t<meta property=\"og:image:type\" content=\"image\/webp\" \/>\n<meta name=\"author\" content=\"Miguel Ortiz\" \/>\n<meta name=\"twitter:card\" content=\"summary_large_image\" \/>\n<meta name=\"twitter:creator\" content=\"@tablaosflamenco\" \/>\n<meta name=\"twitter:site\" content=\"@tablaosflamenco\" \/>\n<meta name=\"twitter:label1\" content=\"Scritto da\" \/>\n\t<meta name=\"twitter:data1\" content=\"Miguel Ortiz\" \/>\n\t<meta name=\"twitter:label2\" content=\"Tempo di lettura stimato\" \/>\n\t<meta name=\"twitter:data2\" content=\"13 minuti\" \/>\n<script type=\"application\/ld+json\" class=\"yoast-schema-graph\">{\"@context\":\"https:\\\/\\\/schema.org\",\"@graph\":[{\"@type\":\"Article\",\"@id\":\"https:\\\/\\\/www.tablaosflamencos.com\\\/it\\\/carmen-linares-biennale-flamenco-siviglia-2026-perlas-a-millares.html#article\",\"isPartOf\":{\"@id\":\"https:\\\/\\\/www.tablaosflamencos.com\\\/it\\\/carmen-linares-biennale-flamenco-siviglia-2026-perlas-a-millares.html\"},\"author\":{\"name\":\"Miguel Ortiz\",\"@id\":\"https:\\\/\\\/www.tablaosflamencos.com\\\/it#\\\/schema\\\/person\\\/e7a9ebe14eb75a52ceabfbffb3c54f5d\"},\"headline\":\"Carmen Linares chiuder\u00e0 la Biennale 2026: Perlas a millares\",\"datePublished\":\"2026-09-02T23:13:43+00:00\",\"dateModified\":\"2026-09-02T23:32:55+00:00\",\"mainEntityOfPage\":{\"@id\":\"https:\\\/\\\/www.tablaosflamencos.com\\\/it\\\/carmen-linares-biennale-flamenco-siviglia-2026-perlas-a-millares.html\"},\"wordCount\":2582,\"publisher\":{\"@id\":\"https:\\\/\\\/www.tablaosflamencos.com\\\/it#organization\"},\"image\":{\"@id\":\"https:\\\/\\\/www.tablaosflamencos.com\\\/it\\\/carmen-linares-biennale-flamenco-siviglia-2026-perlas-a-millares.html#primaryimage\"},\"thumbnailUrl\":\"https:\\\/\\\/www.tablaosflamencos.com\\\/wp-content\\\/uploads\\\/carmen-linares-cerrara-la-bienal-2026-perlas-a-millares-01.webp\",\"keywords\":[\"agenda flamenca\",\"Bienal 2026\",\"Bienal de Flamenco\",\"cante flamenco\",\"Carmen Linares\",\"festivales flamencos\",\"flamenco en Sevilla\",\"sevilla\"],\"articleSection\":[\"Biennale di Flamenco\"],\"inLanguage\":\"it-IT\"},{\"@type\":\"WebPage\",\"@id\":\"https:\\\/\\\/www.tablaosflamencos.com\\\/it\\\/carmen-linares-biennale-flamenco-siviglia-2026-perlas-a-millares.html\",\"url\":\"https:\\\/\\\/www.tablaosflamencos.com\\\/it\\\/carmen-linares-biennale-flamenco-siviglia-2026-perlas-a-millares.html\",\"name\":\"Carmen Linares alla Biennale 2026: Perlas a millares\",\"isPartOf\":{\"@id\":\"https:\\\/\\\/www.tablaosflamencos.com\\\/it#website\"},\"primaryImageOfPage\":{\"@id\":\"https:\\\/\\\/www.tablaosflamencos.com\\\/it\\\/carmen-linares-biennale-flamenco-siviglia-2026-perlas-a-millares.html#primaryimage\"},\"image\":{\"@id\":\"https:\\\/\\\/www.tablaosflamencos.com\\\/it\\\/carmen-linares-biennale-flamenco-siviglia-2026-perlas-a-millares.html#primaryimage\"},\"thumbnailUrl\":\"https:\\\/\\\/www.tablaosflamencos.com\\\/wp-content\\\/uploads\\\/carmen-linares-cerrara-la-bienal-2026-perlas-a-millares-01.webp\",\"datePublished\":\"2026-09-02T23:13:43+00:00\",\"dateModified\":\"2026-09-02T23:32:55+00:00\",\"description\":\"Carmen Linares chiude la Biennale di Flamenco di Siviglia 2026 con Perlas a millares: data, artiste, programma, 30\u00ba anniversario e biglietti.\",\"breadcrumb\":{\"@id\":\"https:\\\/\\\/www.tablaosflamencos.com\\\/it\\\/carmen-linares-biennale-flamenco-siviglia-2026-perlas-a-millares.html#breadcrumb\"},\"inLanguage\":\"it-IT\",\"potentialAction\":[{\"@type\":\"ReadAction\",\"target\":[\"https:\\\/\\\/www.tablaosflamencos.com\\\/it\\\/carmen-linares-biennale-flamenco-siviglia-2026-perlas-a-millares.html\"]}]},{\"@type\":\"ImageObject\",\"inLanguage\":\"it-IT\",\"@id\":\"https:\\\/\\\/www.tablaosflamencos.com\\\/it\\\/carmen-linares-biennale-flamenco-siviglia-2026-perlas-a-millares.html#primaryimage\",\"url\":\"https:\\\/\\\/www.tablaosflamencos.com\\\/wp-content\\\/uploads\\\/carmen-linares-cerrara-la-bienal-2026-perlas-a-millares-01.webp\",\"contentUrl\":\"https:\\\/\\\/www.tablaosflamencos.com\\\/wp-content\\\/uploads\\\/carmen-linares-cerrara-la-bienal-2026-perlas-a-millares-01.webp\",\"width\":1672,\"height\":941,\"caption\":\"Carmen Linares cerrar\u00e1 la Bienal 2026: Perlas a millares\"},{\"@type\":\"BreadcrumbList\",\"@id\":\"https:\\\/\\\/www.tablaosflamencos.com\\\/it\\\/carmen-linares-biennale-flamenco-siviglia-2026-perlas-a-millares.html#breadcrumb\",\"itemListElement\":[{\"@type\":\"ListItem\",\"position\":1,\"name\":\"Home\",\"item\":\"https:\\\/\\\/www.tablaosflamencos.com\\\/it\"},{\"@type\":\"ListItem\",\"position\":2,\"name\":\"Carmen Linares chiuder\u00e0 la Biennale 2026: Perlas a millares\"}]},{\"@type\":\"WebSite\",\"@id\":\"https:\\\/\\\/www.tablaosflamencos.com\\\/it#website\",\"url\":\"https:\\\/\\\/www.tablaosflamencos.com\\\/it\",\"name\":\"Tablaos Flamencos\",\"description\":\"Entradas para tablaos flamencos de Espa\u00f1a\",\"publisher\":{\"@id\":\"https:\\\/\\\/www.tablaosflamencos.com\\\/it#organization\"},\"alternateName\":\"Tablaos Flamencos\",\"potentialAction\":[{\"@type\":\"SearchAction\",\"target\":{\"@type\":\"EntryPoint\",\"urlTemplate\":\"https:\\\/\\\/www.tablaosflamencos.com\\\/it?s={search_term_string}\"},\"query-input\":{\"@type\":\"PropertyValueSpecification\",\"valueRequired\":true,\"valueName\":\"search_term_string\"}}],\"inLanguage\":\"it-IT\"},{\"@type\":[\"Organization\",\"Place\",\"EntertainmentBusiness\"],\"@id\":\"https:\\\/\\\/www.tablaosflamencos.com\\\/it#organization\",\"name\":\"Tablaos Flamencos\",\"alternateName\":\"Tablaos Flamencos\",\"url\":\"https:\\\/\\\/www.tablaosflamencos.com\\\/it\",\"logo\":{\"@id\":\"https:\\\/\\\/www.tablaosflamencos.com\\\/it\\\/carmen-linares-biennale-flamenco-siviglia-2026-perlas-a-millares.html#local-main-organization-logo\"},\"image\":{\"@id\":\"https:\\\/\\\/www.tablaosflamencos.com\\\/it\\\/carmen-linares-biennale-flamenco-siviglia-2026-perlas-a-millares.html#local-main-organization-logo\"},\"sameAs\":[\"https:\\\/\\\/www.facebook.com\\\/tablaosflamencos\",\"https:\\\/\\\/x.com\\\/tablaosflamenco\",\"https:\\\/\\\/mastodon.social\\\/@tablaosflamencos\",\"https:\\\/\\\/www.instagram.com\\\/tablaosflamencos\",\"https:\\\/\\\/tiktok.com\\\/@tablaosflamencos\",\"https:\\\/\\\/www.linkedin.com\\\/company\\\/109408238\\\/\"],\"description\":\"Venta de entradas para espect\u00e1culos flamencos\",\"legalName\":\"Tablaos Flamencos\",\"foundingDate\":\"2015-01-01\",\"numberOfEmployees\":{\"@type\":\"QuantitativeValue\",\"minValue\":\"1\",\"maxValue\":\"10\"},\"address\":{\"@id\":\"https:\\\/\\\/www.tablaosflamencos.com\\\/it\\\/carmen-linares-biennale-flamenco-siviglia-2026-perlas-a-millares.html#local-main-place-address\"},\"geo\":{\"@type\":\"GeoCoordinates\",\"latitude\":\"37.3868072\",\"longitude\":\"-5.993280299999999\"},\"telephone\":[\"+34623787787\"],\"contactPoint\":{\"@type\":\"ContactPoint\",\"telephone\":\"+34623787787\",\"email\":\"info@tablaosflamencos.com\"},\"openingHoursSpecification\":{\"@type\":\"OpeningHoursSpecification\",\"dayOfWeek\":[\"Monday\",\"Tuesday\",\"Wednesday\",\"Thursday\",\"Friday\",\"Saturday\",\"Sunday\"],\"opens\":\"00:00\",\"closes\":\"23:59\"},\"email\":\"info@tablaosflamencos.com\",\"priceRange\":\"$$$\",\"currenciesAccepted\":\"\u20ac\"},{\"@type\":\"Person\",\"@id\":\"https:\\\/\\\/www.tablaosflamencos.com\\\/it#\\\/schema\\\/person\\\/e7a9ebe14eb75a52ceabfbffb3c54f5d\",\"name\":\"Miguel Ortiz\",\"description\":\"Miguel Ortiz es un empresario flamenco, con una s\u00f3lida trayectoria dentro del sector. Ha presidido entidades culturales vinculadas al flamenco y, cuenta con un amplio recorrido profesional en la gesti\u00f3n y promoci\u00f3n de espect\u00e1culos y tablaos flamencos. Su pasi\u00f3n por la historia y el arte flamenco se refleja en cada art\u00edculo, donde combina experiencia, criterio y un profundo respeto por la tradici\u00f3n.\",\"sameAs\":[\"https:\\\/\\\/www.tablaosflamencos.com\",\"https:\\\/\\\/www.instagra.com\\\/miguelortizfe\",\"https:\\\/\\\/www.linkedin.com\\\/in\\\/miguelortizf\\\/\"],\"birthDate\":\"1984-11-22\",\"gender\":\"hombre\",\"knowsLanguage\":[\"espa\u00f1ol\",\"ingl\u00e9s\"],\"jobTitle\":\"Empresario flamenco\"},{\"@type\":\"PostalAddress\",\"@id\":\"https:\\\/\\\/www.tablaosflamencos.com\\\/it\\\/carmen-linares-biennale-flamenco-siviglia-2026-perlas-a-millares.html#local-main-place-address\",\"streetAddress\":\"C\\\/ Alemanes, 19\",\"addressLocality\":\"Sevilla\",\"postalCode\":\"41004\",\"addressRegion\":\"Sevilla\",\"addressCountry\":\"ES\"},{\"@type\":\"ImageObject\",\"inLanguage\":\"it-IT\",\"@id\":\"https:\\\/\\\/www.tablaosflamencos.com\\\/it\\\/carmen-linares-biennale-flamenco-siviglia-2026-perlas-a-millares.html#local-main-organization-logo\",\"url\":\"https:\\\/\\\/www.tablaosflamencos.com\\\/wp-content\\\/uploads\\\/tablaos-flamencos-06-3.webp\",\"contentUrl\":\"https:\\\/\\\/www.tablaosflamencos.com\\\/wp-content\\\/uploads\\\/tablaos-flamencos-06-3.webp\",\"width\":600,\"height\":620,\"caption\":\"Tablaos Flamencos\"}]}<\/script>\n<meta name=\"geo.placename\" content=\"Sevilla\" \/>\n<meta name=\"geo.position\" content=\"37.3868072;-5.993280299999999\" \/>\n<meta name=\"geo.region\" content=\"Spagna\" \/>\n<!-- \/ Yoast SEO Premium plugin. -->","yoast_head_json":{"title":"Carmen Linares alla Biennale 2026: Perlas a millares","description":"Carmen Linares chiude la Biennale di Flamenco di Siviglia 2026 con Perlas a millares: data, artiste, programma, 30\u00ba anniversario e biglietti.","robots":{"index":"index","follow":"follow","max-snippet":"max-snippet:-1","max-image-preview":"max-image-preview:large","max-video-preview":"max-video-preview:-1"},"canonical":"https:\/\/www.tablaosflamencos.com\/it\/carmen-linares-biennale-flamenco-siviglia-2026-perlas-a-millares.html","og_locale":"it_IT","og_type":"article","og_title":"Carmen Linares chiuder\u00e0 la Biennale 2026: Perlas a millares","og_description":"Carmen Linares chiude la Biennale di Flamenco di Siviglia 2026 con Perlas a millares: data, artiste, programma, 30\u00ba anniversario e biglietti.","og_url":"https:\/\/www.tablaosflamencos.com\/it\/carmen-linares-biennale-flamenco-siviglia-2026-perlas-a-millares.html","og_site_name":"Tablaos Flamencos","article_publisher":"https:\/\/www.facebook.com\/tablaosflamencos","article_published_time":"2026-09-02T23:13:43+00:00","article_modified_time":"2026-09-02T23:32:55+00:00","og_image":[{"width":1672,"height":941,"url":"https:\/\/www.tablaosflamencos.com\/wp-content\/uploads\/carmen-linares-cerrara-la-bienal-2026-perlas-a-millares-01.webp","type":"image\/webp"}],"author":"Miguel Ortiz","twitter_card":"summary_large_image","twitter_creator":"@tablaosflamenco","twitter_site":"@tablaosflamenco","twitter_misc":{"Scritto da":"Miguel Ortiz","Tempo di lettura stimato":"13 minuti"},"schema":{"@context":"https:\/\/schema.org","@graph":[{"@type":"Article","@id":"https:\/\/www.tablaosflamencos.com\/it\/carmen-linares-biennale-flamenco-siviglia-2026-perlas-a-millares.html#article","isPartOf":{"@id":"https:\/\/www.tablaosflamencos.com\/it\/carmen-linares-biennale-flamenco-siviglia-2026-perlas-a-millares.html"},"author":{"name":"Miguel Ortiz","@id":"https:\/\/www.tablaosflamencos.com\/it#\/schema\/person\/e7a9ebe14eb75a52ceabfbffb3c54f5d"},"headline":"Carmen Linares chiuder\u00e0 la Biennale 2026: Perlas a millares","datePublished":"2026-09-02T23:13:43+00:00","dateModified":"2026-09-02T23:32:55+00:00","mainEntityOfPage":{"@id":"https:\/\/www.tablaosflamencos.com\/it\/carmen-linares-biennale-flamenco-siviglia-2026-perlas-a-millares.html"},"wordCount":2582,"publisher":{"@id":"https:\/\/www.tablaosflamencos.com\/it#organization"},"image":{"@id":"https:\/\/www.tablaosflamencos.com\/it\/carmen-linares-biennale-flamenco-siviglia-2026-perlas-a-millares.html#primaryimage"},"thumbnailUrl":"https:\/\/www.tablaosflamencos.com\/wp-content\/uploads\/carmen-linares-cerrara-la-bienal-2026-perlas-a-millares-01.webp","keywords":["agenda flamenca","Bienal 2026","Bienal de Flamenco","cante flamenco","Carmen Linares","festivales flamencos","flamenco en Sevilla","sevilla"],"articleSection":["Biennale di Flamenco"],"inLanguage":"it-IT"},{"@type":"WebPage","@id":"https:\/\/www.tablaosflamencos.com\/it\/carmen-linares-biennale-flamenco-siviglia-2026-perlas-a-millares.html","url":"https:\/\/www.tablaosflamencos.com\/it\/carmen-linares-biennale-flamenco-siviglia-2026-perlas-a-millares.html","name":"Carmen Linares alla Biennale 2026: Perlas a millares","isPartOf":{"@id":"https:\/\/www.tablaosflamencos.com\/it#website"},"primaryImageOfPage":{"@id":"https:\/\/www.tablaosflamencos.com\/it\/carmen-linares-biennale-flamenco-siviglia-2026-perlas-a-millares.html#primaryimage"},"image":{"@id":"https:\/\/www.tablaosflamencos.com\/it\/carmen-linares-biennale-flamenco-siviglia-2026-perlas-a-millares.html#primaryimage"},"thumbnailUrl":"https:\/\/www.tablaosflamencos.com\/wp-content\/uploads\/carmen-linares-cerrara-la-bienal-2026-perlas-a-millares-01.webp","datePublished":"2026-09-02T23:13:43+00:00","dateModified":"2026-09-02T23:32:55+00:00","description":"Carmen Linares chiude la Biennale di Flamenco di Siviglia 2026 con Perlas a millares: data, artiste, programma, 30\u00ba anniversario e biglietti.","breadcrumb":{"@id":"https:\/\/www.tablaosflamencos.com\/it\/carmen-linares-biennale-flamenco-siviglia-2026-perlas-a-millares.html#breadcrumb"},"inLanguage":"it-IT","potentialAction":[{"@type":"ReadAction","target":["https:\/\/www.tablaosflamencos.com\/it\/carmen-linares-biennale-flamenco-siviglia-2026-perlas-a-millares.html"]}]},{"@type":"ImageObject","inLanguage":"it-IT","@id":"https:\/\/www.tablaosflamencos.com\/it\/carmen-linares-biennale-flamenco-siviglia-2026-perlas-a-millares.html#primaryimage","url":"https:\/\/www.tablaosflamencos.com\/wp-content\/uploads\/carmen-linares-cerrara-la-bienal-2026-perlas-a-millares-01.webp","contentUrl":"https:\/\/www.tablaosflamencos.com\/wp-content\/uploads\/carmen-linares-cerrara-la-bienal-2026-perlas-a-millares-01.webp","width":1672,"height":941,"caption":"Carmen Linares cerrar\u00e1 la Bienal 2026: Perlas a millares"},{"@type":"BreadcrumbList","@id":"https:\/\/www.tablaosflamencos.com\/it\/carmen-linares-biennale-flamenco-siviglia-2026-perlas-a-millares.html#breadcrumb","itemListElement":[{"@type":"ListItem","position":1,"name":"Home","item":"https:\/\/www.tablaosflamencos.com\/it"},{"@type":"ListItem","position":2,"name":"Carmen Linares chiuder\u00e0 la Biennale 2026: Perlas a millares"}]},{"@type":"WebSite","@id":"https:\/\/www.tablaosflamencos.com\/it#website","url":"https:\/\/www.tablaosflamencos.com\/it","name":"Tablaos Flamencos","description":"Entradas para tablaos flamencos de Espa\u00f1a","publisher":{"@id":"https:\/\/www.tablaosflamencos.com\/it#organization"},"alternateName":"Tablaos Flamencos","potentialAction":[{"@type":"SearchAction","target":{"@type":"EntryPoint","urlTemplate":"https:\/\/www.tablaosflamencos.com\/it?s={search_term_string}"},"query-input":{"@type":"PropertyValueSpecification","valueRequired":true,"valueName":"search_term_string"}}],"inLanguage":"it-IT"},{"@type":["Organization","Place","EntertainmentBusiness"],"@id":"https:\/\/www.tablaosflamencos.com\/it#organization","name":"Tablaos Flamencos","alternateName":"Tablaos Flamencos","url":"https:\/\/www.tablaosflamencos.com\/it","logo":{"@id":"https:\/\/www.tablaosflamencos.com\/it\/carmen-linares-biennale-flamenco-siviglia-2026-perlas-a-millares.html#local-main-organization-logo"},"image":{"@id":"https:\/\/www.tablaosflamencos.com\/it\/carmen-linares-biennale-flamenco-siviglia-2026-perlas-a-millares.html#local-main-organization-logo"},"sameAs":["https:\/\/www.facebook.com\/tablaosflamencos","https:\/\/x.com\/tablaosflamenco","https:\/\/mastodon.social\/@tablaosflamencos","https:\/\/www.instagram.com\/tablaosflamencos","https:\/\/tiktok.com\/@tablaosflamencos","https:\/\/www.linkedin.com\/company\/109408238\/"],"description":"Venta de entradas para espect\u00e1culos flamencos","legalName":"Tablaos Flamencos","foundingDate":"2015-01-01","numberOfEmployees":{"@type":"QuantitativeValue","minValue":"1","maxValue":"10"},"address":{"@id":"https:\/\/www.tablaosflamencos.com\/it\/carmen-linares-biennale-flamenco-siviglia-2026-perlas-a-millares.html#local-main-place-address"},"geo":{"@type":"GeoCoordinates","latitude":"37.3868072","longitude":"-5.993280299999999"},"telephone":["+34623787787"],"contactPoint":{"@type":"ContactPoint","telephone":"+34623787787","email":"info@tablaosflamencos.com"},"openingHoursSpecification":{"@type":"OpeningHoursSpecification","dayOfWeek":["Monday","Tuesday","Wednesday","Thursday","Friday","Saturday","Sunday"],"opens":"00:00","closes":"23:59"},"email":"info@tablaosflamencos.com","priceRange":"$$$","currenciesAccepted":"\u20ac"},{"@type":"Person","@id":"https:\/\/www.tablaosflamencos.com\/it#\/schema\/person\/e7a9ebe14eb75a52ceabfbffb3c54f5d","name":"Miguel Ortiz","description":"Miguel Ortiz es un empresario flamenco, con una s\u00f3lida trayectoria dentro del sector. Ha presidido entidades culturales vinculadas al flamenco y, cuenta con un amplio recorrido profesional en la gesti\u00f3n y promoci\u00f3n de espect\u00e1culos y tablaos flamencos. Su pasi\u00f3n por la historia y el arte flamenco se refleja en cada art\u00edculo, donde combina experiencia, criterio y un profundo respeto por la tradici\u00f3n.","sameAs":["https:\/\/www.tablaosflamencos.com","https:\/\/www.instagra.com\/miguelortizfe","https:\/\/www.linkedin.com\/in\/miguelortizf\/"],"birthDate":"1984-11-22","gender":"hombre","knowsLanguage":["espa\u00f1ol","ingl\u00e9s"],"jobTitle":"Empresario flamenco"},{"@type":"PostalAddress","@id":"https:\/\/www.tablaosflamencos.com\/it\/carmen-linares-biennale-flamenco-siviglia-2026-perlas-a-millares.html#local-main-place-address","streetAddress":"C\/ Alemanes, 19","addressLocality":"Sevilla","postalCode":"41004","addressRegion":"Sevilla","addressCountry":"ES"},{"@type":"ImageObject","inLanguage":"it-IT","@id":"https:\/\/www.tablaosflamencos.com\/it\/carmen-linares-biennale-flamenco-siviglia-2026-perlas-a-millares.html#local-main-organization-logo","url":"https:\/\/www.tablaosflamencos.com\/wp-content\/uploads\/tablaos-flamencos-06-3.webp","contentUrl":"https:\/\/www.tablaosflamencos.com\/wp-content\/uploads\/tablaos-flamencos-06-3.webp","width":600,"height":620,"caption":"Tablaos Flamencos"}]},"geo.placename":"Sevilla","geo.position":{"lat":"37.3868072","long":"-5.993280299999999"},"geo.region":"Spagna"},"_links":{"self":[{"href":"https:\/\/www.tablaosflamencos.com\/it\/wp-json\/wp\/v2\/posts\/14109","targetHints":{"allow":["GET"]}}],"collection":[{"href":"https:\/\/www.tablaosflamencos.com\/it\/wp-json\/wp\/v2\/posts"}],"about":[{"href":"https:\/\/www.tablaosflamencos.com\/it\/wp-json\/wp\/v2\/types\/post"}],"author":[{"embeddable":true,"href":"https:\/\/www.tablaosflamencos.com\/it\/wp-json\/wp\/v2\/users\/1"}],"replies":[{"embeddable":true,"href":"https:\/\/www.tablaosflamencos.com\/it\/wp-json\/wp\/v2\/comments?post=14109"}],"version-history":[{"count":2,"href":"https:\/\/www.tablaosflamencos.com\/it\/wp-json\/wp\/v2\/posts\/14109\/revisions"}],"predecessor-version":[{"id":14139,"href":"https:\/\/www.tablaosflamencos.com\/it\/wp-json\/wp\/v2\/posts\/14109\/revisions\/14139"}],"wp:featuredmedia":[{"embeddable":true,"href":"https:\/\/www.tablaosflamencos.com\/it\/wp-json\/wp\/v2\/media\/14103"}],"wp:attachment":[{"href":"https:\/\/www.tablaosflamencos.com\/it\/wp-json\/wp\/v2\/media?parent=14109"}],"wp:term":[{"taxonomy":"category","embeddable":true,"href":"https:\/\/www.tablaosflamencos.com\/it\/wp-json\/wp\/v2\/categories?post=14109"},{"taxonomy":"post_tag","embeddable":true,"href":"https:\/\/www.tablaosflamencos.com\/it\/wp-json\/wp\/v2\/tags?post=14109"}],"curies":[{"name":"wp","href":"https:\/\/api.w.org\/{rel}","templated":true}]}}