{"id":14026,"date":"2026-09-01T12:18:55","date_gmt":"2026-09-01T10:18:55","guid":{"rendered":"https:\/\/www.tablaosflamencos.com\/?p=14026"},"modified":"2026-09-02T12:13:54","modified_gmt":"2026-09-02T10:13:54","slug":"grandi-prime-biennale-flamenco-siviglia-2026","status":"publish","type":"post","link":"https:\/\/www.tablaosflamencos.com\/it\/grandi-prime-biennale-flamenco-siviglia-2026.html","title":{"rendered":"Le grandi prime della Biennale di Flamenco di Siviglia 2026"},"content":{"rendered":"<section class=\"l-section wpb_row height_huge\"><div class=\"l-section-h i-cf\"><div class=\"g-cols vc_row via_flex valign_top type_default stacking_default\"><div class=\"vc_col-sm-12 wpb_column vc_column_container\"><div class=\"vc_column-inner\"><div class=\"wpb_wrapper\"><div class=\"wpb_text_column\"><div class=\"wpb_wrapper\"><h2>Le grandi anteprime della Biennale di Flamenco di Siviglia 2026<\/h2>\n<p>Il <strong>XXIV Biennale di Flamenco di Siviglia<\/strong>, che si terr\u00e0 dal <strong>Dal 9 settembre al 3 ottobre 2026<\/strong>, trasforma ancora una volta la citt\u00e0 in un grande laboratorio di creazione. Oltre a riunire figure affermate, uno dei tratti distintivi della Biennale \u00e8 quello di fungere da punto di partenza per opere che nascono a Siviglia e che potranno poi girare nei festival e nei teatri di tutto il mondo.<\/p>\n<p>Il numero delle anteprime \u00e8 cambiato con la chiusura della programmazione. A febbraio, durante la presentazione iniziale, si parl\u00f2 dell&#8217;organizzazione <strong>22 anteprime assolute<\/strong>. Il 18 agosto ha pubblicato uno specifico aggiornamento che poneva il saldo a <strong>20 anteprime assolute<\/strong>. E l\u2019attuale programmazione introduce una sfumatura importante: <em>Babele. Torre vivente.<\/em>, di David Coria, ora appare come <strong>prima nazionale<\/strong>, mentre il laboratorio di famiglia <em>Tirititran<\/em>, nell&#8217;ambito delle attivit\u00e0 parallele di CaixaForum, si presenta come <strong>prima assoluta<\/strong>.<\/p>\n<p>Pertanto, per questa guida prendiamo come riferimento il <strong>classificazione che attualmente figura nelle schede ufficiali<\/strong>: 20 anteprime assolute nella programmazione della scena generale e <em>Tirititran<\/em>, oltre alla prima nazionale di David Coria.<\/p>\n<p><strong>Ultimo aggiornamento:<\/strong> 1 settembre 2026. Biglietti, orari e disponibilit\u00e0 potrebbero continuare a cambiare, quindi \u00e8 una buona idea controllare l&#8217;orario ufficiale prima di acquistare i biglietti.<\/p>\n<\/div><\/div><\/div><\/div><\/div><\/div><\/div><\/section><section class=\"l-section wpb_row height_huge color_alternate with_shape\"><div class=\"l-section-shape type_zigzag pos_top hor_flip\" style=\"height:3vmin;\"><svg xmlns=\"http:\/\/www.w3.org\/2000\/svg\" viewBox=\"0 0 64 8\" preserveAspectRatio=\"none\" width=\"100%\" height=\"100%\">\r\n\t<path fill=\"currentColor\" d=\"M64 8 L0 8 L0 0 L20 7.9 L40 3 L48 5 L64 0 Z\"\/>\r\n<\/svg><\/div><div class=\"l-section-shape type_zigzag pos_bottom\" style=\"height:3vmin;\"><svg xmlns=\"http:\/\/www.w3.org\/2000\/svg\" viewBox=\"0 0 64 8\" preserveAspectRatio=\"none\" width=\"100%\" height=\"100%\">\r\n\t<path fill=\"currentColor\" d=\"M64 8 L0 8 L0 0 L20 7.9 L40 3 L48 5 L64 0 Z\"\/>\r\n<\/svg><\/div><div class=\"l-section-h i-cf\"><div class=\"g-cols vc_row via_flex valign_top type_default stacking_default\"><div class=\"vc_col-sm-12 wpb_column vc_column_container\"><div class=\"vc_column-inner\"><div class=\"wpb_wrapper\"><div class=\"wpb_text_column\"><div class=\"wpb_wrapper\"><blockquote>\n<p><strong>Risposta rapida:<\/strong> le grandi anteprime della Biennale di Flamenco 2026 iniziano con il primo fine settimana <em>Infinito<\/em> di Sara Baras, <em>meno \u00e8 di pi\u00f9<\/em> da La Tremendita, <em>Frattale arcano<\/em> di Dorantes, <em>Lo stesso sangue del corpo<\/em> di \u00c1ngeles Toledano e <em>Rapsodia. fantasia sotterranea<\/em> di Ana Morales. Poi arriveranno, tra gli altri, Rafael Riqueni e Tim Ries, Olga Pericet, Andr\u00e9s Mar\u00edn, Israel e Pastora Galv\u00e1n, Farruquito, Sara Jim\u00e9nez, Alfonso Losa e Sandra Carrasco insieme a David de Arahal. Si aggiunge anche la programmazione attuale <em>Tirititran<\/em> come una premi\u00e8re assoluta per la famiglia e si classifica <em>Babele. Torre vivente.<\/em>, di David Coria, in prima nazionale.<\/p>\n<\/blockquote>\n<\/div><\/div><div class=\"w-separator size_medium\"><\/div><div class=\"w-hwrapper valign_top wrap stack_on_mobiles align_center\" style=\"--hwrapper-gap:1.2rem\"><div class=\"w-btn-wrapper align_none\"><a class=\"w-btn us-btn-style_1\" href=\"https:\/\/www.tablaosflamencos.com\/it\/biennale-flamenco-siviglia-2026.html\"><span class=\"w-btn-label\">Guida completa alla Biennale 2026<\/span><\/a><\/div><div class=\"w-btn-wrapper align_none\"><a class=\"w-btn us-btn-style_1\" href=\"https:\/\/www.tablaosflamencos.com\/it\/cosa-vedere-primo-weekend-biennale-flamenco-siviglia-2026.html\"><span class=\"w-btn-label\">Primo fine settimana della Biennale<\/span><\/a><\/div><div class=\"w-btn-wrapper align_none\"><a class=\"w-btn us-btn-style_1\" target=\"_blank\" href=\"https:\/\/www.labienal.com\/programa-general\"><span class=\"w-btn-label\">Programmazione ufficiale<\/span><\/a><\/div><\/div><\/div><\/div><\/div><\/div><\/div><\/section><section class=\"l-section wpb_row height_huge\"><div class=\"l-section-h i-cf\"><div class=\"g-cols vc_row via_flex valign_top type_default stacking_default\"><div class=\"vc_col-sm-12 wpb_column vc_column_container\"><div class=\"vc_column-inner\"><div class=\"wpb_wrapper\"><div class=\"wpb_text_column\"><div class=\"wpb_wrapper\"><h2>Perch\u00e9 le anteprime sono una delle chiavi della Biennale<\/h2>\n<p>Una Biennale non si limita a riunire le buone mostre esistenti. Parte del suo prestigio \u00e8 qui <strong>causare la creazione<\/strong>: commissionare, coprodurre, promuovere o ospitare nuovi progetti e offrire loro un contesto in cui artisti, critici, programmatori e fan li scoprono allo stesso tempo.<\/p>\n<p>La prima assoluta aggiunge un elemento che non esiste quando si va davanti ad un&#8217;opera gi\u00e0 girata. Non esiste ancora una critica consolidata, nessuna reazione generalizzata del pubblico, n\u00e9 una nutrita raccolta di video che permetta di anticipare esattamente cosa accadr\u00e0 sul palco. Lo spettatore assiste alla nascita del pezzo.<\/p>\n<p>Nel 2026, questa creazione \u00e8 distribuita in spazi molto diversi. Il Teatro de la Maestranza concentra i grandi formati; il Teatro Centrale funziona come territorio di ricerca; la Lope de Vega recupera il suo ruolo storico all&#8217;interno della Biennale; La Real Fabbrica d&#8217;Artiglieria apre possibilit\u00e0 scenografiche legate alla sua architettura; il Teatro Alameda riunisce nuove voci e linguaggi di danza; lo Spazio Torino rafforza il gioco e la creazione strumentale; il Real Alc\u00e1zar colloca il canto nel suo patrimonio; e CaixaForum incorpora l&#8217;aspetto familiare.<\/p>\n<p>Se stai organizzando un viaggio nei dintorni <a href=\"https:\/\/www.tablaosflamencos.com\/bienal-flamenco-sevilla-2026.html\"><strong>Biennale di Flamenco di Siviglia 2026<\/strong><\/a>, lo spettacolo vale la pena guardare non solo per il nome dell&#8217;artista, ma anche per una domanda: <strong>Quali opere si possono vedere qui per la prima volta?<\/strong><\/p>\n<\/div><\/div><\/div><\/div><\/div><\/div><\/div><\/section><section class=\"l-section wpb_row height_huge color_alternate with_shape\"><div class=\"l-section-shape type_zigzag pos_top hor_flip\" style=\"height:3vmin;\"><svg xmlns=\"http:\/\/www.w3.org\/2000\/svg\" viewBox=\"0 0 64 8\" preserveAspectRatio=\"none\" width=\"100%\" height=\"100%\">\r\n\t<path fill=\"currentColor\" d=\"M64 8 L0 8 L0 0 L20 7.9 L40 3 L48 5 L64 0 Z\"\/>\r\n<\/svg><\/div><div class=\"l-section-shape type_zigzag pos_bottom\" style=\"height:3vmin;\"><svg xmlns=\"http:\/\/www.w3.org\/2000\/svg\" viewBox=\"0 0 64 8\" preserveAspectRatio=\"none\" width=\"100%\" height=\"100%\">\r\n\t<path fill=\"currentColor\" d=\"M64 8 L0 8 L0 0 L20 7.9 L40 3 L48 5 L64 0 Z\"\/>\r\n<\/svg><\/div><div class=\"l-section-h i-cf\"><div class=\"g-cols vc_row via_flex valign_top type_default stacking_default\"><div class=\"vc_col-sm-12 wpb_column vc_column_container\"><div class=\"vc_column-inner\"><div class=\"wpb_wrapper\"><div class=\"wpb_text_column\"><div class=\"wpb_wrapper\"><h2>Le 20 anteprime assolute della Biennale 2026, una per una<\/h2>\n<div style=\"overflow-x: auto;\">\n<table>\n<thead>\n<tr>\n<th>Data<\/th>\n<th>Tempo<\/th>\n<th>Artista\/attivit\u00e0<\/th>\n<th>spettacolo<\/th>\n<th>Spazio<\/th>\n<th>Digitare<\/th>\n<\/tr>\n<\/thead>\n<tbody>\n<tr>\n<td>11-13 settembre<\/td>\n<td>Sessioni multiple<\/td>\n<td>Laboratorio di flamenco per famiglie<\/td>\n<td><em>Tirititran<\/em><\/td>\n<td>CaixaForum<\/td>\n<td>Anteprima assoluta \u00b7 attivit\u00e0 gratuita<\/td>\n<\/tr>\n<tr>\n<td>11-13 settembre<\/td>\n<td>20:00<\/td>\n<td>Sara Baras<\/td>\n<td><em>Infinito<\/em><\/td>\n<td>Teatro Maestranza<\/td>\n<td>Prima assoluta<\/td>\n<\/tr>\n<tr>\n<td>11 settembre<\/td>\n<td>22:30<\/td>\n<td>Rosario La Tremendita<\/td>\n<td><em>meno \u00e8 di pi\u00f9<\/em><\/td>\n<td>Teatro Centrale<\/td>\n<td>Prima assoluta<\/td>\n<\/tr>\n<tr>\n<td>12 settembre<\/td>\n<td>20:00<\/td>\n<td>Dorantes<\/td>\n<td><em>Frattale arcano<\/em><\/td>\n<td>Teatro Lope de Vega<\/td>\n<td>Prima assoluta<\/td>\n<\/tr>\n<tr>\n<td>12 settembre<\/td>\n<td>22:30<\/td>\n<td>Angeles Toledo<\/td>\n<td><em>Lo stesso sangue del corpo<\/em><\/td>\n<td>Teatro dell&#8217;Alameda<\/td>\n<td>Prima assoluta<\/td>\n<\/tr>\n<tr>\n<td>13-14 settembre<\/td>\n<td>21:00<\/td>\n<td>Anna Morales<\/td>\n<td><em>Rapsodia. fantasia sotterranea<\/em><\/td>\n<td>Fabbrica reale dell&#8217;artiglieria<\/td>\n<td>Prima assoluta<\/td>\n<\/tr>\n<tr>\n<td>14 settembre<\/td>\n<td>22:30<\/td>\n<td>Macarena Lopez<\/td>\n<td><em>Su tutte le cose<\/em><\/td>\n<td>Teatro dell&#8217;Alameda<\/td>\n<td>Prima assoluta<\/td>\n<\/tr>\n<tr>\n<td>15 settembre<\/td>\n<td>21:30<\/td>\n<td>Rancapino Chico<\/td>\n<td><em>Lavagna<\/em><\/td>\n<td>Reale Alcazar<\/td>\n<td>Prima assoluta<\/td>\n<\/tr>\n<tr>\n<td>19 settembre<\/td>\n<td>19:00<\/td>\n<td>Maria Marino<\/td>\n<td><em>Le Tre Marie<\/em><\/td>\n<td>Spazio Torino<\/td>\n<td>Prima assoluta<\/td>\n<\/tr>\n<tr>\n<td>21 settembre<\/td>\n<td>20:00<\/td>\n<td>Rafael Riqueni e Tim Ries<\/td>\n<td><em>Tunisia<\/em><\/td>\n<td>Teatro Lope de Vega<\/td>\n<td>Prima assoluta<\/td>\n<\/tr>\n<tr>\n<td>21 settembre<\/td>\n<td>22:30<\/td>\n<td>Olga Pericet<\/td>\n<td><em>Prospettiva su una danza sonora<\/em><\/td>\n<td>Teatro Centrale<\/td>\n<td>Prima assoluta<\/td>\n<\/tr>\n<tr>\n<td>23 settembre<\/td>\n<td>21:00<\/td>\n<td>Pablo Mart\u00edn Caminero con Mar\u00eda Moreno<\/td>\n<td><em>Trilogia. al ballo<\/em><\/td>\n<td>Fabbrica reale dell&#8217;artiglieria<\/td>\n<td>Prima assoluta<\/td>\n<\/tr>\n<tr>\n<td>23 settembre<\/td>\n<td>22:30<\/td>\n<td>Juan Tom\u00e1s de la Mol\u00eda e \u00c1gueda Saavedra<\/td>\n<td><em>Ti sfido<\/em><\/td>\n<td>Teatro Centrale<\/td>\n<td>Prima assoluta<\/td>\n<\/tr>\n<tr>\n<td>25 settembre<\/td>\n<td>22:30<\/td>\n<td>Andr\u00e9s Marino<\/td>\n<td><em>deserto<\/em><\/td>\n<td>Teatro Centrale<\/td>\n<td>Prima assoluta<\/td>\n<\/tr>\n<tr>\n<td>26 settembre<\/td>\n<td>20:00<\/td>\n<td>Israele Galvan<\/td>\n<td><em>Bolero bianco e nero<\/em><\/td>\n<td>Teatro Maestranza<\/td>\n<td>Prima assoluta<\/td>\n<\/tr>\n<tr>\n<td>26 settembre<\/td>\n<td>22:30<\/td>\n<td>Pastora Galvano<\/td>\n<td><em>TRIB\u00d9!<\/em><\/td>\n<td>Teatro dell&#8217;Alameda<\/td>\n<td>Prima assoluta<\/td>\n<\/tr>\n<tr>\n<td>28 settembre<\/td>\n<td>20:00<\/td>\n<td>Farruquito<\/td>\n<td><em>Sarai Farruquito: il musical<\/em><\/td>\n<td>Teatro Maestranza<\/td>\n<td>Prima assoluta<\/td>\n<\/tr>\n<tr>\n<td>29 settembre<\/td>\n<td>22:30<\/td>\n<td>Sara Jim\u00e9nez in Compagnia<\/td>\n<td><em>L&#8217;azienda<\/em><\/td>\n<td>Teatro Centrale<\/td>\n<td>Prima assoluta<\/td>\n<\/tr>\n<tr>\n<td>2 ottobre<\/td>\n<td>20:00<\/td>\n<td>Alfonso Losa<\/td>\n<td><em>Gesto minimo<\/em><\/td>\n<td>Teatro Lope de Vega<\/td>\n<td>Prima assoluta<\/td>\n<\/tr>\n<tr>\n<td>2 ottobre<\/td>\n<td>22:30<\/td>\n<td>Sandra Carrasco e David de Arahal<\/td>\n<td><em>poesia della libert\u00e0<\/em><\/td>\n<td>Teatro Centrale<\/td>\n<td>Prima assoluta<\/td>\n<\/tr>\n<\/tbody>\n<\/table>\n<\/div>\n<p><small>Classifica redatta dalle schede ufficiali in vigore al 1 settembre 2026. Le tre giornate di <em>Tirititran<\/em> Corrispondono alla stessa prima assoluta con pi\u00f9 sessioni.<\/small><\/p>\n<\/div><\/div><\/div><\/div><\/div><\/div><\/div><\/section><section class=\"l-section wpb_row height_huge\"><div class=\"l-section-h i-cf\"><div class=\"g-cols vc_row via_flex valign_top type_default stacking_default\"><div class=\"vc_col-sm-12 wpb_column vc_column_container\"><div class=\"vc_column-inner\"><div class=\"wpb_wrapper\"><div class=\"wpb_text_column\"><div class=\"wpb_wrapper\"><h2>E un&#8217;anteprima nazionale: Babel. Torre vivente. di David Coria<\/h2>\n<p>La situazione di <strong>Davide Coria<\/strong> Merita una spiegazione perch\u00e9 \u00e8 la principale fonte di confusione tra le diverse comunicazioni della Biennale. Nelle informazioni pubblicate il 18 agosto, <em>Babele. Torre vivente.<\/em> \u00c8 apparso nel blocco nuove creazioni dell&#8217;edizione. Tuttavia, l&#8217;attuale registrazione ufficiale dello spettacolo lo identifica come <strong>prima nazionale<\/strong> e stabilisce la propria rappresentanza per la <strong>29 settembre alle 20:00<\/strong> al Teatro Lope de Vega.<\/p>\n<p>Una prima mondiale \u00e8 la prima presentazione pubblica di un&#8217;opera ovunque. Una prima nazionale indica che la produzione \u00e8 gi\u00e0 stata rappresentata fuori dalla Spagna, ma viene presentata per la prima volta nel paese. La differenza non sminuisce l&#8217;interesse del progetto: Coria parte dal mito della torre di Babele per affrontare fratture, linguaggi, convivenze e possibilit\u00e0 di incontro a partire da un linguaggio fisico e coreografico contemporaneo.<\/p>\n<p>L&#8217;attuale classificazione \u00e8 particolarmente utile perch\u00e9 alcune notizie e materiali pi\u00f9 vecchi potrebbero essere ancora presenti <em>Babele. Torre vivente.<\/em> come prima assoluta. In questa guida prevale sempre <strong>record ufficiale pi\u00f9 recente<\/strong>.<\/p>\n<\/div><\/div><\/div><\/div><\/div><\/div><\/div><\/section><section class=\"l-section wpb_row height_huge color_alternate with_shape\"><div class=\"l-section-shape type_zigzag pos_top hor_flip\" style=\"height:3vmin;\"><svg xmlns=\"http:\/\/www.w3.org\/2000\/svg\" viewBox=\"0 0 64 8\" preserveAspectRatio=\"none\" width=\"100%\" height=\"100%\">\r\n\t<path fill=\"currentColor\" d=\"M64 8 L0 8 L0 0 L20 7.9 L40 3 L48 5 L64 0 Z\"\/>\r\n<\/svg><\/div><div class=\"l-section-shape type_zigzag pos_bottom\" style=\"height:3vmin;\"><svg xmlns=\"http:\/\/www.w3.org\/2000\/svg\" viewBox=\"0 0 64 8\" preserveAspectRatio=\"none\" width=\"100%\" height=\"100%\">\r\n\t<path fill=\"currentColor\" d=\"M64 8 L0 8 L0 0 L20 7.9 L40 3 L48 5 L64 0 Z\"\/>\r\n<\/svg><\/div><div class=\"l-section-h i-cf\"><div class=\"g-cols vc_row via_flex valign_top type_default stacking_default\"><div class=\"vc_col-sm-12 wpb_column vc_column_container\"><div class=\"vc_column-inner\"><div class=\"wpb_wrapper\"><div class=\"wpb_text_column\"><div class=\"wpb_wrapper\"><h2>Il primo fine settimana concentra cinque grandi anteprime teatrali<\/h2>\n<p>La prima grande ondata arriva tra l&#8217;11 e il 14 settembre. Sara Baras torna alla Biennale dopo quattordici anni con <strong><em>Infinito<\/em><\/strong>, realizzato per l&#8217;edizione e articolato attorno a otto prospettive femminili simbolicamente legate alle otto province andaluse. Le sue tre esibizioni alla Maestranza fanno del ritorno della ballerina uno dei grandi eventi dell&#8217;esordio.<\/p>\n<p>Lo stesso venerd\u00ec 11, Rosario La Tremendita debutta al Teatro Central <strong><em>meno \u00e8 di pi\u00f9<\/em><\/strong>. Canto, basso, chitarra, batteria e tastiere costruiscono una proposta aperta alla ricerca e al dialogo con altri linguaggi musicali. Sabato 12 Dorantes presenta <strong><em>Frattale arcano<\/em><\/strong> alle prime di Lope de Vega e \u00c1ngeles Toledano <strong><em>Lo stesso sangue del corpo<\/em><\/strong> nell&#8217;Alameda.<\/p>\n<p>Domenica 13 e luned\u00ec 14, Ana Morales occupa la Fabbrica Reale d&#8217;Artiglieria <strong><em>Rapsodia. fantasia sotterranea<\/em><\/strong>, una creazione legata ad una Siviglia sotterranea, storica e immaginaria e con la direzione musicale di Ni\u00f1o de Elche. Le loro esibizioni erano esaurite prima dell&#8217;inizio del festival.<\/p>\n<p>A queste anteprime teatrali si aggiunge <strong><em>Tirititran<\/em><\/strong>, la proposta gratuita per famiglie del CaixaForum, che la programmazione ufficiale classifica anche come prima assoluta e che si svolger\u00e0 l&#8217;11, 12 e 13 con diverse sessioni.<\/p>\n<p>Per ordinare tutte le partite di quei giorni potete consultare la nostra guida <a href=\"https:\/\/www.tablaosflamencos.com\/primer-fin-semana-bienal-flamenco-sevilla-2026.html\"><strong>cosa vedere il primo weekend della Biennale 2026<\/strong><\/a>.<\/p>\n<\/div><\/div><\/div><\/div><\/div><\/div><\/div><\/section><section class=\"l-section wpb_row height_huge\"><div class=\"l-section-h i-cf\"><div class=\"g-cols vc_row via_flex valign_top type_default stacking_default\"><div class=\"vc_col-sm-12 wpb_column vc_column_container\"><div class=\"vc_column-inner\"><div class=\"wpb_wrapper\"><div class=\"wpb_text_column\"><div class=\"wpb_wrapper\"><h2>Dal canto d&#8217;archivio alle nuove voci<\/h2>\n<p>Il capitolo del canto dimostra che debuttare non significa necessariamente rompere con la tradizione. <strong>Rancapino Chico<\/strong> presenter\u00e0 il 15 settembre al Real Alc\u00e1zar <strong><em>Lavagna<\/em><\/strong>, un recital ispirato ai vecchi dischi 78 giri e alla memoria sonora di maestri come Tom\u00e1s Pav\u00f3n o Manuel Torre. \u00c8 una prima esecuzione che guarda indietro per costruire una lettura attuale delle fonti del canto.<\/p>\n<p>All\u2019altro estremo generazionale, <strong>Angeles Toledo<\/strong> converte l&#8217;universo del suo lavoro discografico e il suo rapporto con il canto tradizionale in materiale scenico per <em>Lo stesso sangue del corpo<\/em>. La Tremendita, dal canto suo, utilizza la radice come punto di partenza per un&#8217;architettura musicale molto pi\u00f9 aperta.<\/p>\n<p>Il 2 ottobre, <strong>Sandra Carrasco e David de Arahal<\/strong> Chiuderanno questo tour con <strong><em>poesia della libert\u00e0<\/em><\/strong>. Il progetto prende come riferimento Pepe Marchena nel 50\u00b0 anniversario della sua morte e rilegge la sua eredit\u00e0 dal rapporto tra canto e chitarra, rivendicando la libert\u00e0 creativa che accompagn\u00f2 una delle figure fondamentali della cosiddetta Opera Flamenco.<\/p>\n<p>Questo contesto storico pu\u00f2 essere ampliato nella nostra guida su <a href=\"https:\/\/www.tablaosflamencos.com\/la-noche-azul-opera-flamenca-bienal-sevilla-2026.html\"><strong>La notte blu e il tempo dell&#8217;Opera Flamenco<\/strong><\/a>.<\/p>\n<\/div><\/div><\/div><\/div><\/div><\/div><\/div><\/section><section class=\"l-section wpb_row height_huge color_alternate with_shape\"><div class=\"l-section-shape type_zigzag pos_top hor_flip\" style=\"height:3vmin;\"><svg xmlns=\"http:\/\/www.w3.org\/2000\/svg\" viewBox=\"0 0 64 8\" preserveAspectRatio=\"none\" width=\"100%\" height=\"100%\">\r\n\t<path fill=\"currentColor\" d=\"M64 8 L0 8 L0 0 L20 7.9 L40 3 L48 5 L64 0 Z\"\/>\r\n<\/svg><\/div><div class=\"l-section-shape type_zigzag pos_bottom\" style=\"height:3vmin;\"><svg xmlns=\"http:\/\/www.w3.org\/2000\/svg\" viewBox=\"0 0 64 8\" preserveAspectRatio=\"none\" width=\"100%\" height=\"100%\">\r\n\t<path fill=\"currentColor\" d=\"M64 8 L0 8 L0 0 L20 7.9 L40 3 L48 5 L64 0 Z\"\/>\r\n<\/svg><\/div><div class=\"l-section-h i-cf\"><div class=\"g-cols vc_row via_flex valign_top type_default stacking_default\"><div class=\"vc_col-sm-12 wpb_column vc_column_container\"><div class=\"vc_column-inner\"><div class=\"wpb_wrapper\"><div class=\"wpb_text_column\"><div class=\"wpb_wrapper\"><h2>Il tocco e la creazione strumentale espandono la mappa<\/h2>\n<p>Il <strong>19 settembre<\/strong>, presenter\u00e0 Mar\u00eda Mar\u00edn <strong><em>Le Tre Marie<\/em><\/strong> nello Spazio Torino. Chitarrista, cantante e compositore, Mar\u00edn si muove tra tradizione flamenca, musica popolare e sperimentazione contemporanea, con la produzione musicale di Ra\u00fal Cantizano.<\/p>\n<p>Due giorni dopo, Lope de Vega si riunir\u00e0 <strong>Rafael Riqueni e Tim Ries<\/strong> dentro <strong><em>Tunisia<\/em><\/strong>. La chitarra del maestro di Triana dialogher\u00e0 con i sassofoni e il flauto del musicista americano in un progetto che attraversa flamenco, jazz, improvvisazione e libert\u00e0 musicale.<\/p>\n<p>Dorantes apre questo territorio qualche giorno prima con <em>Frattale arcano<\/em>, ponendo il pianoforte e il battito delle mani al centro di una proposta particolarmente raffinata. E la Real Fabbrica d&#8217;Artiglieria ospiter\u00e0 dal 22 al 24 settembre l&#8217; <strong><em>Trilogia<\/em> di Pablo Martin Caminero<\/strong>. I capitoli <em>Al tocco<\/em> e <em>al canto<\/em> incorniciare la prima assoluta di <strong><em>Trilogia. al ballo<\/em><\/strong>, con Mar\u00eda Moreno, il 23 settembre.<\/p>\n<p>La chiave \u00e8 che la prima strumentale del 2026 non si limita alla chitarra solista: pianoforte, contrabbasso, sassofono, flauto e altri suoni ampliano il panorama musicale della Biennale.<\/p>\n<\/div><\/div><\/div><\/div><\/div><\/div><\/div><\/section><section class=\"l-section wpb_row height_huge\"><div class=\"l-section-h i-cf\"><div class=\"g-cols vc_row via_flex valign_top type_default stacking_default\"><div class=\"vc_col-sm-12 wpb_column vc_column_container\"><div class=\"vc_column-inner\"><div class=\"wpb_wrapper\"><div class=\"wpb_text_column\"><div class=\"wpb_wrapper\"><h2>Il Teatro Centrale, laboratorio di nuovi linguaggi<\/h2>\n<p>Il Teatro Centrale concentra buona parte dei progetti maggiormente legati alla ricerca scenica. Il <strong>21 settembre<\/strong>, presenter\u00e0 Olga Pericet <strong><em>Prospettiva su una danza sonora<\/em><\/strong>, il nome attualmente utilizzato dal file ufficiale. La proposta rivisita la propria memoria corporea e artistica e apre nuove possibilit\u00e0 per il recital di flamenco.<\/p>\n<p>Il <strong>23 settembre<\/strong>, <strong>Juan Tom\u00e1s de la Mol\u00eda e \u00c1gueda Saavedra<\/strong> rilascer\u00e0 <strong><em>Ti sfido<\/em><\/strong> sotto la direzione di Manuel Li\u00f1\u00e1n. Il <strong>25<\/strong> arriver\u00e0 <strong>Andr\u00e9s Marino<\/strong> con <strong><em>deserto<\/em><\/strong>, un&#8217;opera che si basa sulla memoria poetica dell&#8217;Alameda de H\u00e9rcules e ha Jos\u00e9 de la Tomasa come artista ospite.<\/p>\n<p>Il <strong>29 settembre<\/strong>, <strong>Sara Jim\u00e9nez in Compagnia<\/strong> sar\u00e0 presentato in anteprima <strong><em>L&#8217;azienda<\/em><\/strong>, una favola teatrale che mescola flamenco, danza contemporanea, teatro e immaginario circense per riflettere sull&#8217;identit\u00e0, la differenza e il luogo dell&#8217;artista.<\/p>\n<p>e il <strong>2 ottobre<\/strong>, presenteranno Sandra Carrasco e David de Arahal <em>poesia della libert\u00e0<\/em>. Il Central ci permette cos\u00ec di seguire, quasi come un festival nel festival, alcuni dei percorsi pi\u00f9 aperti del flamenco contemporaneo.<\/p>\n<\/div><\/div><\/div><\/div><\/div><\/div><\/div><\/section><section class=\"l-section wpb_row height_huge color_alternate with_shape\"><div class=\"l-section-shape type_zigzag pos_top hor_flip\" style=\"height:3vmin;\"><svg xmlns=\"http:\/\/www.w3.org\/2000\/svg\" viewBox=\"0 0 64 8\" preserveAspectRatio=\"none\" width=\"100%\" height=\"100%\">\r\n\t<path fill=\"currentColor\" d=\"M64 8 L0 8 L0 0 L20 7.9 L40 3 L48 5 L64 0 Z\"\/>\r\n<\/svg><\/div><div class=\"l-section-shape type_zigzag pos_bottom\" style=\"height:3vmin;\"><svg xmlns=\"http:\/\/www.w3.org\/2000\/svg\" viewBox=\"0 0 64 8\" preserveAspectRatio=\"none\" width=\"100%\" height=\"100%\">\r\n\t<path fill=\"currentColor\" d=\"M64 8 L0 8 L0 0 L20 7.9 L40 3 L48 5 L64 0 Z\"\/>\r\n<\/svg><\/div><div class=\"l-section-h i-cf\"><div class=\"g-cols vc_row via_flex valign_top type_default stacking_default\"><div class=\"vc_col-sm-12 wpb_column vc_column_container\"><div class=\"vc_column-inner\"><div class=\"wpb_wrapper\"><div class=\"wpb_text_column\"><div class=\"wpb_wrapper\"><h2>Israel Galv\u00e1n, Pastora Galv\u00e1n e Farruquito: la grande sezione danza<\/h2>\n<p>Il <strong>26 settembre<\/strong> concentra due anteprime particolarmente attraenti per chi segue la danza sivigliana. Alle ore 20:00, presso il Teatro Maestranza, <strong>Israele Galvan<\/strong> presenter\u00e0 <strong><em>Bolero bianco e nero<\/em><\/strong>, il suo approccio all&#8217;universo di Maurice Ravel e al genere bolero.<\/p>\n<p>Alle 22:30, il Teatro Alameda ricever\u00e0 <strong>Pastora Galvano<\/strong> con <strong><em>TRIB\u00d9!<\/em><\/strong>, un lavoro che mette in dialogo la sua personalit\u00e0 scenica e la tradizione della danza femminile sivigliana con un immaginario musicale pi\u00f9 ampio.<\/p>\n<p>Due giorni dopo, il <strong>28 settembre<\/strong>, <strong>Farruquito<\/strong> sar\u00e0 presentato in anteprima al Teatro de la Maestranza <strong><em>Sarai Farruquito: il musical<\/em><\/strong>. Il progetto si allontana dal formato convenzionale del recital e costruisce una biografia emotiva attorno alla sua storia personale, familiare e artistica, con i suoi archivi, un gruppo di ballo e una vasta formazione musicale.<\/p>\n<p>Il tour di danza si completa con Macarena L\u00f3pez, Ana Morales, Olga Pericet, Andr\u00e9s Mar\u00edn, Sara Jim\u00e9nez, Alfonso Losa e la prima nazionale di David Coria, mostrando fino a che punto l&#8217;edizione 2026 utilizzi il corpo come territorio di memoria, ricerca e creazione.<\/p>\n<\/div><\/div><\/div><\/div><\/div><\/div><\/div><\/section><section class=\"l-section wpb_row height_huge\"><div class=\"l-section-h i-cf\"><div class=\"g-cols vc_row via_flex valign_top type_default stacking_default\"><div class=\"vc_col-sm-12 wpb_column vc_column_container\"><div class=\"vc_column-inner\"><div class=\"wpb_wrapper\"><div class=\"wpb_text_column\"><div class=\"wpb_wrapper\"><h2>La chiusura creativa: Gesto minimo e Poesia di libert\u00e0<\/h2>\n<p>Il <strong>2 ottobre<\/strong>, ad un solo giorno dalla chiusura, la Biennale concentrer\u00e0 due anteprime assolute molto diverse tra loro.<\/p>\n<p>Alle 20:00 a Lope de Vega, <strong>Alfonso Losa<\/strong> presenter\u00e0 <strong><em>Gesto minimo<\/em><\/strong>, un\u2019indagine sul corpo come spazio di incontro e sull\u2019idea di una \u201ccomunit\u00e0 danzante\u201d. L&#8217;opera utilizza piccoli gesti coreografici per riflettere sulla convivenza, sulla fragilit\u00e0 e sulla relazione tra i corpi.<\/p>\n<p>Alle 22:30 al Teatro Centrale, <strong>Sandra Carrasco e David de Arahal<\/strong> rilascer\u00e0 <strong><em>poesia della libert\u00e0<\/em><\/strong>. La rivisitazione dell&#8217;eredit\u00e0 di Pepe Marchena si collega a uno dei grandi fili storici di questa edizione: il secolo trascorso dal consolidamento dell&#8217;Opera Flamenco come fenomeno scenico e popolare.<\/p>\n<p>Questa doppia chiusura ben riassume l&#8217;ampiezza del programma: un&#8217;indagine coreografica contemporanea e una rilettura della memoria del canto convivono nella stessa notte.<\/p>\n<\/div><\/div><\/div><\/div><\/div><\/div><\/div><\/section><section class=\"l-section wpb_row height_huge color_alternate with_shape\"><div class=\"l-section-shape type_zigzag pos_top hor_flip\" style=\"height:3vmin;\"><svg xmlns=\"http:\/\/www.w3.org\/2000\/svg\" viewBox=\"0 0 64 8\" preserveAspectRatio=\"none\" width=\"100%\" height=\"100%\">\r\n\t<path fill=\"currentColor\" d=\"M64 8 L0 8 L0 0 L20 7.9 L40 3 L48 5 L64 0 Z\"\/>\r\n<\/svg><\/div><div class=\"l-section-shape type_zigzag pos_bottom\" style=\"height:3vmin;\"><svg xmlns=\"http:\/\/www.w3.org\/2000\/svg\" viewBox=\"0 0 64 8\" preserveAspectRatio=\"none\" width=\"100%\" height=\"100%\">\r\n\t<path fill=\"currentColor\" d=\"M64 8 L0 8 L0 0 L20 7.9 L40 3 L48 5 L64 0 Z\"\/>\r\n<\/svg><\/div><div class=\"l-section-h i-cf\"><div class=\"g-cols vc_row via_flex valign_top type_default stacking_default\"><div class=\"vc_col-sm-12 wpb_column vc_column_container\"><div class=\"vc_column-inner\"><div class=\"wpb_wrapper\"><div class=\"wpb_text_column\"><div class=\"wpb_wrapper\"><h2>Come scegliere tra tante anteprime<\/h2>\n<p>Se rimarrai a Siviglia solo per un giorno o due, cercare di inseguire &#8220;la migliore prima&#8221; potrebbe essere meno utile che decidere che tipo di flamenco vuoi vedere.<\/p>\n<p>Se cerchi <strong>grande formato e danza<\/strong>, Sara Baras, Israel Galv\u00e1n o Farruquito sono riferimenti evidenti. Se sei interessato a <strong>ricerca coreografica<\/strong>, guarda verso Ana Morales, Olga Pericet, Andr\u00e9s Mar\u00edn, Sara Jim\u00e9nez, Alfonso Losa o David Coria. Per <strong>canto e voci nuove<\/strong>, La Tremendita, \u00c1ngeles Toledano, Rancapino Chico o Sandra Carrasco offrono percorsi molto diversi. E se la tua priorit\u00e0 \u00e8 <strong>tocco e musica strumentale<\/strong>, Dorantes, Mar\u00eda Mar\u00edn, Rafael Riqueni con Tim Ries e Pablo Mart\u00edn Caminero formano un tour eccezionale.<\/p>\n<p>\u00c8 anche una buona idea verificare la disponibilit\u00e0 prima di definire il viaggio e l&#8217;alloggio. Alcune funzionalit\u00e0 sono esaurite da un po&#8217;. La nostra guida a <a href=\"https:\/\/www.tablaosflamencos.com\/bienal-flamenco-2026-entradas-agotadas-que-ver.html\"><strong>Biglietti esauriti per la Biennale 2026<\/strong><\/a> spiega quali alternative esistono quando una prima opzione non \u00e8 pi\u00f9 disponibile.<\/p>\n<p>Non tutti i grandi eventi dell&#8217;edizione sono anteprime. Lo ha annunciato anche la Biennale <a href=\"https:\/\/www.tablaosflamencos.com\/noches-unicas-bienal-flamenco-sevilla-2026.html\"><strong>26 Notti Uniche<\/strong><\/a>, oltre a mostre, attivit\u00e0 parallele e proposte gratuite. Puoi consultare il nostro elenco di <a href=\"https:\/\/www.tablaosflamencos.com\/bienal-flamenco-sevilla-2026-gratis.html\"><strong>attivit\u00e0 gratuite della Biennale 2026<\/strong><\/a> per completare il viaggio senza dipendere esclusivamente dai biglietti del teatro.<\/p>\n<p>Per confermare gli orari, le modifiche dell&#8217;ultimo minuto e la vendita dei biglietti consultare sempre il <a href=\"https:\/\/www.labienal.com\/programa-general\" target=\"_blank\" rel=\"noopener\"><strong>programma ufficiale della Biennale<\/strong><\/a>.<\/p>\n<\/div><\/div><div class=\"w-separator size_medium\"><\/div><div class=\"w-hwrapper valign_top wrap stack_on_mobiles align_center\" style=\"--hwrapper-gap:1.2rem\"><div class=\"w-btn-wrapper align_none\"><a class=\"w-btn us-btn-style_1\" href=\"https:\/\/www.tablaosflamencos.com\/it\/biennale-flamenco-siviglia-2026.html\"><span class=\"w-btn-label\">Guida completa alla Biennale 2026<\/span><\/a><\/div><div class=\"w-btn-wrapper align_none\"><a class=\"w-btn us-btn-style_1\" href=\"https:\/\/www.tablaosflamencos.com\/it\/biennale-flamenco-siviglia-2026-biglietti-esauriti-alternative.html\"><span class=\"w-btn-label\">Cosa fare se non ci sono pi\u00f9 biglietti?<\/span><\/a><\/div><div class=\"w-btn-wrapper align_none\"><a class=\"w-btn us-btn-style_1\" href=\"https:\/\/www.tablaosflamencos.com\/it\/flamenco-a-siviglia\"><span class=\"w-btn-label\">Vedere il flamenco a Siviglia<\/span><\/a><\/div><\/div><\/div><\/div><\/div><\/div><\/div><\/section><section class=\"l-section wpb_row height_huge\"><div class=\"l-section-h i-cf\"><div class=\"g-cols vc_row via_flex valign_top type_default stacking_default\"><div class=\"vc_col-sm-1\/5 wpb_column vc_column_container\"><div class=\"vc_column-inner\"><div class=\"wpb_wrapper\"><\/div><\/div><\/div><div class=\"vc_col-sm-3\/5 wpb_column vc_column_container\"><div class=\"vc_column-inner\"><div class=\"wpb_wrapper\"><div class=\"wpb_text_column\"><div class=\"wpb_wrapper\"><h2 style=\"text-align: center;\">Domande frequenti sulle anteprime della Biennale 2026<\/h2>\n<\/div><\/div><div class=\"w-separator size_medium\"><\/div><div class=\"w-tabs accordion toggle_style_1 has_scrolling\" style=\"--sections-title-size:inherit;--sections-gap:0.5rem;\"><div class=\"w-tabs-sections titles-align_none icon_plus cpos_left\"><div class=\"w-tabs-section\" id=\"m7d0\" itemscope itemprop=\"mainEntity\" itemtype=\"https:\/\/schema.org\/Question\"><button type=\"button\" class=\"w-tabs-section-header\" aria-controls=\"content-m7d0\" aria-expanded=\"false\"><h3 class=\"w-tabs-section-title\" itemprop=\"name\">Quante anteprime assolute avr\u00e0 la Biennale di Flamenco 2026?<\/h3><div class=\"w-tabs-section-control\"><\/div><\/button><div  class=\"w-tabs-section-content\" id=\"content-m7d0\" itemscope itemprop=\"acceptedAnswer\" itemtype=\"https:\/\/schema.org\/Answer\"><div class=\"w-tabs-section-content-h i-cf\" itemprop=\"text\"><div class=\"wpb_text_column\"><div class=\"wpb_wrapper\"><p>Annunciato l&#8217;aggiornamento ufficiale del 18 agosto <strong>20 anteprime assolute<\/strong>. Rivedendo gli elenchi in vigore al 1\u00b0 settembre, risultano 19 le prime assolute nella programmazione generale della scena e <em>Tirititran<\/em> in anteprima assoluta nelle attivit\u00e0 parallele di CaixaForum. David Coria \u00e8 attualmente elencato come prima nazionale.<\/p>\n<\/div><\/div><\/div><\/div><\/div><div class=\"w-tabs-section\" id=\"y8be\" itemscope itemprop=\"mainEntity\" itemtype=\"https:\/\/schema.org\/Question\"><button type=\"button\" class=\"w-tabs-section-header\" aria-controls=\"content-y8be\" aria-expanded=\"false\"><h3 class=\"w-tabs-section-title\" itemprop=\"name\">Perch\u00e9 alcune notizie parlano di 22 anteprime assolute?<\/h3><div class=\"w-tabs-section-control\"><\/div><\/button><div  class=\"w-tabs-section-content\" id=\"content-y8be\" itemscope itemprop=\"acceptedAnswer\" itemtype=\"https:\/\/schema.org\/Answer\"><div class=\"w-tabs-section-content-h i-cf\" itemprop=\"text\"><div class=\"wpb_text_column\"><div class=\"wpb_wrapper\"><p>Nella prima presentazione del febbraio 2026, la Biennale ha annunciato 22 anteprime assolute. La programmazione \u00e8 stata adeguata e il 18 agosto l&#8217;organizzazione stessa ha pubblicato un aggiornamento specifico parlando di 20. Per questa guida utilizziamo sempre la classificazione pi\u00f9 recente dei files ufficiali.<\/p>\n<\/div><\/div><\/div><\/div><\/div><div class=\"w-tabs-section\" id=\"w9b8\" itemscope itemprop=\"mainEntity\" itemtype=\"https:\/\/schema.org\/Question\"><button type=\"button\" class=\"w-tabs-section-header\" aria-controls=\"content-w9b8\" aria-expanded=\"false\"><h3 class=\"w-tabs-section-title\" itemprop=\"name\">Cosa significa prima assoluta alla Biennale?<\/h3><div class=\"w-tabs-section-control\"><\/div><\/button><div  class=\"w-tabs-section-content\" id=\"content-w9b8\" itemscope itemprop=\"acceptedAnswer\" itemtype=\"https:\/\/schema.org\/Answer\"><div class=\"w-tabs-section-content-h i-cf\" itemprop=\"text\"><div class=\"wpb_text_column\"><div class=\"wpb_wrapper\"><p>Una prima assoluta \u00e8 il <strong>prima presentazione pubblica di un&#8217;opera<\/strong>. Se sul foglio \u00e8 indicata la prima nazionale, significa che lo spettacolo \u00e8 gi\u00e0 stato rappresentato fuori dalla Spagna e viene presentato per la prima volta nel Paese.<\/p>\n<\/div><\/div><\/div><\/div><\/div><div class=\"w-tabs-section\" id=\"daa0\" itemscope itemprop=\"mainEntity\" itemtype=\"https:\/\/schema.org\/Question\"><button type=\"button\" class=\"w-tabs-section-header\" aria-controls=\"content-daa0\" aria-expanded=\"false\"><h3 class=\"w-tabs-section-title\" itemprop=\"name\">Quando esce Infinita di Sara Baras?<\/h3><div class=\"w-tabs-section-control\"><\/div><\/button><div  class=\"w-tabs-section-content\" id=\"content-daa0\" itemscope itemprop=\"acceptedAnswer\" itemtype=\"https:\/\/schema.org\/Answer\"><div class=\"w-tabs-section-content-h i-cf\" itemprop=\"text\"><div class=\"wpb_text_column\"><div class=\"wpb_wrapper\"><p><em>Infinito<\/em> si presenta nei giorni <strong>11, 12 e 13 settembre 2026 alle 20:00<\/strong> al Teatro Maestranza. La prima rappresentazione dell&#8217;11 costituisce la prima assoluta dell&#8217;opera.<\/p>\n<\/div><\/div><\/div><\/div><\/div><div class=\"w-tabs-section\" id=\"rb7b\" itemscope itemprop=\"mainEntity\" itemtype=\"https:\/\/schema.org\/Question\"><button type=\"button\" class=\"w-tabs-section-header\" aria-controls=\"content-rb7b\" aria-expanded=\"false\"><h3 class=\"w-tabs-section-title\" itemprop=\"name\">Tirititr\u00e1n \u00e8 una prima assoluta?<\/h3><div class=\"w-tabs-section-control\"><\/div><\/button><div  class=\"w-tabs-section-content\" id=\"content-rb7b\" itemscope itemprop=\"acceptedAnswer\" itemtype=\"https:\/\/schema.org\/Answer\"><div class=\"w-tabs-section-content-h i-cf\" itemprop=\"text\"><div class=\"wpb_text_column\"><div class=\"wpb_wrapper\"><p>S\u00ec. Il dossier ufficiale delle attivit\u00e0 familiari <em>Tirititran<\/em> la identifica come <strong>prima assoluta<\/strong>. Si svolge al CaixaForum dall&#8217;11 al 13 settembre, con diverse sessioni, ed \u00e8 un&#8217;attivit\u00e0 gratuita su prenotazione.<\/p>\n<\/div><\/div><\/div><\/div><\/div><div class=\"w-tabs-section\" id=\"nc4b\" itemscope itemprop=\"mainEntity\" itemtype=\"https:\/\/schema.org\/Question\"><button type=\"button\" class=\"w-tabs-section-header\" aria-controls=\"content-nc4b\" aria-expanded=\"false\"><h3 class=\"w-tabs-section-title\" itemprop=\"name\">Babele? Torre vivente. di David Coria \u00e8 una prima assoluta?<\/h3><div class=\"w-tabs-section-control\"><\/div><\/button><div  class=\"w-tabs-section-content\" id=\"content-nc4b\" itemscope itemprop=\"acceptedAnswer\" itemtype=\"https:\/\/schema.org\/Answer\"><div class=\"w-tabs-section-content-h i-cf\" itemprop=\"text\"><div class=\"wpb_text_column\"><div class=\"wpb_wrapper\"><p>L&#8217;attuale record ufficiale identifica <em>Babele. Torre vivente.<\/em> piace <strong>prima nazionale<\/strong>. \u00c8 previsto per il 29 settembre 2026 alle 20:00. al Teatro Lope de Vega.<\/p>\n<\/div><\/div><\/div><\/div><\/div><div class=\"w-tabs-section\" id=\"md29\" itemscope itemprop=\"mainEntity\" itemtype=\"https:\/\/schema.org\/Question\"><button type=\"button\" class=\"w-tabs-section-header\" aria-controls=\"content-md29\" aria-expanded=\"false\"><h3 class=\"w-tabs-section-title\" itemprop=\"name\">Quando esce il Bolero in bianco e nero di Israel Galv\u00e1n?<\/h3><div class=\"w-tabs-section-control\"><\/div><\/button><div  class=\"w-tabs-section-content\" id=\"content-md29\" itemscope itemprop=\"acceptedAnswer\" itemtype=\"https:\/\/schema.org\/Answer\"><div class=\"w-tabs-section-content-h i-cf\" itemprop=\"text\"><div class=\"wpb_text_column\"><div class=\"wpb_wrapper\"><p>Israel Galv\u00e1n sar\u00e0 presentato in anteprima <em>Bolero bianco e nero<\/em> il <strong>26 settembre 2026 alle 20:00<\/strong> al Teatro Maestranza.<\/p>\n<\/div><\/div><\/div><\/div><\/div><div class=\"w-tabs-section\" id=\"hdf6\" itemscope itemprop=\"mainEntity\" itemtype=\"https:\/\/schema.org\/Question\"><button type=\"button\" class=\"w-tabs-section-header\" aria-controls=\"content-hdf6\" aria-expanded=\"false\"><h3 class=\"w-tabs-section-title\" itemprop=\"name\">Quando verr\u00e0 presentato in anteprima il nuovo spettacolo di Farruquito?<\/h3><div class=\"w-tabs-section-control\"><\/div><\/button><div  class=\"w-tabs-section-content\" id=\"content-hdf6\" itemscope itemprop=\"acceptedAnswer\" itemtype=\"https:\/\/schema.org\/Answer\"><div class=\"w-tabs-section-content-h i-cf\" itemprop=\"text\"><div class=\"wpb_text_column\"><div class=\"wpb_wrapper\"><p>Presenter\u00e0 Farruquito <em>Sarai Farruquito: il musical<\/em> il <strong>28 settembre 2026 alle 20:00<\/strong> al Teatro Maestranza.<\/p>\n<\/div><\/div><\/div><\/div><\/div><div class=\"w-tabs-section\" id=\"hed7\" itemscope itemprop=\"mainEntity\" itemtype=\"https:\/\/schema.org\/Question\"><button type=\"button\" class=\"w-tabs-section-header\" aria-controls=\"content-hed7\" aria-expanded=\"false\"><h3 class=\"w-tabs-section-title\" itemprop=\"name\">Quali anteprime touch e strumentali spiccano?<\/h3><div class=\"w-tabs-section-control\"><\/div><\/button><div  class=\"w-tabs-section-content\" id=\"content-hed7\" itemscope itemprop=\"acceptedAnswer\" itemtype=\"https:\/\/schema.org\/Answer\"><div class=\"w-tabs-section-content-h i-cf\" itemprop=\"text\"><div class=\"wpb_text_column\"><div class=\"wpb_wrapper\"><p>Tra le proposte strumentali spiccano: <em>Frattale arcano<\/em> di Dorantes, <em>Le Tre Marie<\/em> di Maria Mar\u00edn, <em>Tunisia<\/em> di Rafael Riqueni e Tim Ries e <em>Trilogia. al ballo<\/em> di Pablo Mart\u00edn Caminero con Mar\u00eda Moreno.<\/p>\n<\/div><\/div><\/div><\/div><\/div><div class=\"w-tabs-section\" id=\"efa8\" itemscope itemprop=\"mainEntity\" itemtype=\"https:\/\/schema.org\/Question\"><button type=\"button\" class=\"w-tabs-section-header\" aria-controls=\"content-efa8\" aria-expanded=\"false\"><h3 class=\"w-tabs-section-title\" itemprop=\"name\">Dove compri i biglietti e controlli le modifiche?<\/h3><div class=\"w-tabs-section-control\"><\/div><\/button><div  class=\"w-tabs-section-content\" id=\"content-efa8\" itemscope itemprop=\"acceptedAnswer\" itemtype=\"https:\/\/schema.org\/Answer\"><div class=\"w-tabs-section-content-h i-cf\" itemprop=\"text\"><div class=\"wpb_text_column\"><div class=\"wpb_wrapper\"><p>Il riferimento principale dovrebbe essere il <a href=\"https:\/\/www.labienal.com\/programa-general\" target=\"_blank\" rel=\"noopener\"><strong>programma ufficiale della Biennale<\/strong><\/a>, dove compaiono i dettagli di ogni spettacolo, gli orari, gli spazi e i canali di vendita ufficiali. A Tablaos Flamencos manteniamo anche guide specifiche su disponibilit\u00e0, attivit\u00e0 gratuite e programmazione in primo piano.<\/p>\n<\/div><\/div><\/div><\/div><\/div><\/div><\/div><\/div><\/div><\/div><div class=\"vc_col-sm-1\/5 wpb_column vc_column_container\"><div class=\"vc_column-inner\"><div class=\"wpb_wrapper\"><\/div><\/div><\/div><\/div><\/div><\/section><section class=\"l-section wpb_row height_huge color_alternate with_shape\"><div class=\"l-section-shape type_zigzag pos_top hor_flip\" style=\"height:3vmin;\"><svg xmlns=\"http:\/\/www.w3.org\/2000\/svg\" viewBox=\"0 0 64 8\" preserveAspectRatio=\"none\" width=\"100%\" height=\"100%\">\r\n\t<path fill=\"currentColor\" d=\"M64 8 L0 8 L0 0 L20 7.9 L40 3 L48 5 L64 0 Z\"\/>\r\n<\/svg><\/div><div class=\"l-section-shape type_zigzag pos_bottom\" style=\"height:3vmin;\"><svg xmlns=\"http:\/\/www.w3.org\/2000\/svg\" viewBox=\"0 0 64 8\" preserveAspectRatio=\"none\" width=\"100%\" height=\"100%\">\r\n\t<path fill=\"currentColor\" d=\"M64 8 L0 8 L0 0 L20 7.9 L40 3 L48 5 L64 0 Z\"\/>\r\n<\/svg><\/div><div class=\"l-section-h i-cf\"><div class=\"g-cols vc_row via_flex valign_top type_default stacking_default\"><div class=\"vc_col-sm-12 wpb_column vc_column_container\"><div class=\"vc_column-inner\"><div class=\"wpb_wrapper\"><div class=\"wpb_text_column\"><div class=\"wpb_wrapper\"><h2>Siviglia \u00e8 ancora una volta il luogo dove nascono nuovi spettacoli di flamenco<\/h2>\n<p>La dimensione di una Biennale si misura anche da ci\u00f2 che lascia dietro di s\u00e9 una volta terminata. Nel mese di ottobre molte di queste opere inizieranno o proseguiranno il loro viaggio e appariranno nei palinsesti di altre citt\u00e0 e Paesi. Ma nel corso di settembre 2026 ci sar\u00e0 un momento in cui non esiste ancora una lettura pubblica consolidata di quanto \u00e8 appena nato.<\/p>\n<p>Quel momento \u00e8 la prima.<\/p>\n<p>La Biennale del Flamenco di Siviglia si propone quindi ancora una volta non solo come vetrina per grandi artisti, ma come <strong>culla di nuovi repertori, coreografie e format<\/strong>. Per gli appassionati, la possibilit\u00e0 di partecipare per la prima volta \u00e8 uno dei motivi pi\u00f9 potenti per vivere il festival dal vivo.<\/p>\n<p>E se le tue date non coincidono con la prima che stai cercando &#8211; o se i biglietti sono gi\u00e0 esauriti &#8211; Siviglia propone ogni sera un&#8217;ampia scelta di tablaos e spettacoli di flamenco. Puoi confrontare le opzioni sulla nostra pagina <a href=\"https:\/\/www.tablaosflamencos.com\/flamenco-en-sevilla\"><strong>flamenco a Siviglia<\/strong><\/a>.<\/p>\n<\/div><\/div><\/div><\/div><\/div><\/div><\/div><\/section>\n","protected":false},"excerpt":{"rendered":"<p>Guida alle 20 prime assolute della Biennale di Flamenco di Siviglia 2026: date, artisti, spazi e prima nazionale di David Coria.<\/p>\n","protected":false},"author":1,"featured_media":13846,"comment_status":"closed","ping_status":"closed","sticky":false,"template":"","format":"standard","meta":{"_acf_changed":false,"wpai_generated_summary":"","_ayudawp_aiss_exclude":false,"_ayudawp_aiss_exclude_summary":false,"_ayudawp_aiss_summary":"","_ayudawp_aiss_summary_provider":"","_ayudawp_aiss_summary_hash":"","footnotes":""},"categories":[1429],"tags":[1249,1250,1251,1252,1177,1253],"class_list":["post-14026","post","type-post","status-publish","format-standard","has-post-thumbnail","hentry","category-biennale-di-flamenco","tag-agenda-flamenca","tag-bienal-2026","tag-bienal-de-flamenco","tag-festivales-flamencos","tag-flamenco-en-sevilla","tag-sevilla"],"acf":[],"yoast_head":"<!-- This site is optimized with the Yoast SEO Premium plugin v28.4 (Yoast SEO v28.4) - https:\/\/yoast.com\/product\/yoast-seo-premium-wordpress\/ -->\n<title>Prime Biennale di Flamenco 2026: 20 opere chiave<\/title>\n<meta name=\"description\" content=\"Guida alle 20 prime assolute della Biennale di Flamenco di Siviglia 2026: date, artisti, spazi e prima nazionale di David Coria.\" \/>\n<meta name=\"robots\" content=\"index, follow, max-snippet:-1, max-image-preview:large, max-video-preview:-1\" \/>\n<link rel=\"canonical\" href=\"https:\/\/www.tablaosflamencos.com\/it\/grandi-prime-biennale-flamenco-siviglia-2026.html\" \/>\n<meta property=\"og:locale\" content=\"it_IT\" \/>\n<meta property=\"og:type\" content=\"article\" \/>\n<meta property=\"og:title\" content=\"Le grandi prime della Biennale di Flamenco di Siviglia 2026\" \/>\n<meta property=\"og:description\" content=\"Guida alle 20 prime assolute della Biennale di Flamenco di Siviglia 2026: date, artisti, spazi e prima nazionale di David Coria.\" \/>\n<meta property=\"og:url\" content=\"https:\/\/www.tablaosflamencos.com\/it\/grandi-prime-biennale-flamenco-siviglia-2026.html\" \/>\n<meta property=\"og:site_name\" content=\"Tablaos Flamencos\" \/>\n<meta property=\"article:publisher\" content=\"https:\/\/www.facebook.com\/tablaosflamencos\" \/>\n<meta property=\"article:published_time\" content=\"2026-09-01T10:18:55+00:00\" \/>\n<meta property=\"article:modified_time\" content=\"2026-09-02T10:13:54+00:00\" \/>\n<meta property=\"og:image\" content=\"https:\/\/www.tablaosflamencos.com\/wp-content\/uploads\/los-grandes-estrenos-de-la-bienal-2026-01.webp\" \/>\n\t<meta property=\"og:image:width\" content=\"1920\" \/>\n\t<meta property=\"og:image:height\" content=\"1072\" \/>\n\t<meta property=\"og:image:type\" content=\"image\/webp\" \/>\n<meta name=\"author\" content=\"Miguel Ortiz\" \/>\n<meta name=\"twitter:card\" content=\"summary_large_image\" \/>\n<meta name=\"twitter:creator\" content=\"@tablaosflamenco\" \/>\n<meta name=\"twitter:site\" content=\"@tablaosflamenco\" \/>\n<meta name=\"twitter:label1\" content=\"Scritto da\" \/>\n\t<meta name=\"twitter:data1\" content=\"Miguel Ortiz\" \/>\n\t<meta name=\"twitter:label2\" content=\"Tempo di lettura stimato\" \/>\n\t<meta name=\"twitter:data2\" content=\"18 minuti\" \/>\n<script type=\"application\/ld+json\" class=\"yoast-schema-graph\">{\"@context\":\"https:\\\/\\\/schema.org\",\"@graph\":[{\"@type\":\"Article\",\"@id\":\"https:\\\/\\\/www.tablaosflamencos.com\\\/it\\\/grandi-prime-biennale-flamenco-siviglia-2026.html#article\",\"isPartOf\":{\"@id\":\"https:\\\/\\\/www.tablaosflamencos.com\\\/it\\\/grandi-prime-biennale-flamenco-siviglia-2026.html\"},\"author\":{\"name\":\"Miguel Ortiz\",\"@id\":\"https:\\\/\\\/www.tablaosflamencos.com\\\/it#\\\/schema\\\/person\\\/e7a9ebe14eb75a52ceabfbffb3c54f5d\"},\"headline\":\"Le grandi prime della Biennale di Flamenco di Siviglia 2026\",\"datePublished\":\"2026-09-01T10:18:55+00:00\",\"dateModified\":\"2026-09-02T10:13:54+00:00\",\"mainEntityOfPage\":{\"@id\":\"https:\\\/\\\/www.tablaosflamencos.com\\\/it\\\/grandi-prime-biennale-flamenco-siviglia-2026.html\"},\"wordCount\":3619,\"publisher\":{\"@id\":\"https:\\\/\\\/www.tablaosflamencos.com\\\/it#organization\"},\"image\":{\"@id\":\"https:\\\/\\\/www.tablaosflamencos.com\\\/it\\\/grandi-prime-biennale-flamenco-siviglia-2026.html#primaryimage\"},\"thumbnailUrl\":\"https:\\\/\\\/www.tablaosflamencos.com\\\/wp-content\\\/uploads\\\/los-grandes-estrenos-de-la-bienal-2026-01.webp\",\"keywords\":[\"agenda flamenca\",\"Bienal 2026\",\"Bienal de Flamenco\",\"festivales flamencos\",\"flamenco en Sevilla\",\"sevilla\"],\"articleSection\":[\"Biennale di Flamenco\"],\"inLanguage\":\"it-IT\"},{\"@type\":\"WebPage\",\"@id\":\"https:\\\/\\\/www.tablaosflamencos.com\\\/it\\\/grandi-prime-biennale-flamenco-siviglia-2026.html\",\"url\":\"https:\\\/\\\/www.tablaosflamencos.com\\\/it\\\/grandi-prime-biennale-flamenco-siviglia-2026.html\",\"name\":\"Prime Biennale di Flamenco 2026: 20 opere chiave\",\"isPartOf\":{\"@id\":\"https:\\\/\\\/www.tablaosflamencos.com\\\/it#website\"},\"primaryImageOfPage\":{\"@id\":\"https:\\\/\\\/www.tablaosflamencos.com\\\/it\\\/grandi-prime-biennale-flamenco-siviglia-2026.html#primaryimage\"},\"image\":{\"@id\":\"https:\\\/\\\/www.tablaosflamencos.com\\\/it\\\/grandi-prime-biennale-flamenco-siviglia-2026.html#primaryimage\"},\"thumbnailUrl\":\"https:\\\/\\\/www.tablaosflamencos.com\\\/wp-content\\\/uploads\\\/los-grandes-estrenos-de-la-bienal-2026-01.webp\",\"datePublished\":\"2026-09-01T10:18:55+00:00\",\"dateModified\":\"2026-09-02T10:13:54+00:00\",\"description\":\"Guida alle 20 prime assolute della Biennale di Flamenco di Siviglia 2026: date, artisti, spazi e prima nazionale di David Coria.\",\"breadcrumb\":{\"@id\":\"https:\\\/\\\/www.tablaosflamencos.com\\\/it\\\/grandi-prime-biennale-flamenco-siviglia-2026.html#breadcrumb\"},\"inLanguage\":\"it-IT\",\"potentialAction\":[{\"@type\":\"ReadAction\",\"target\":[\"https:\\\/\\\/www.tablaosflamencos.com\\\/it\\\/grandi-prime-biennale-flamenco-siviglia-2026.html\"]}]},{\"@type\":\"ImageObject\",\"inLanguage\":\"it-IT\",\"@id\":\"https:\\\/\\\/www.tablaosflamencos.com\\\/it\\\/grandi-prime-biennale-flamenco-siviglia-2026.html#primaryimage\",\"url\":\"https:\\\/\\\/www.tablaosflamencos.com\\\/wp-content\\\/uploads\\\/los-grandes-estrenos-de-la-bienal-2026-01.webp\",\"contentUrl\":\"https:\\\/\\\/www.tablaosflamencos.com\\\/wp-content\\\/uploads\\\/los-grandes-estrenos-de-la-bienal-2026-01.webp\",\"width\":1920,\"height\":1072,\"caption\":\"Los grandes estrenos de la Bienal 2026\"},{\"@type\":\"BreadcrumbList\",\"@id\":\"https:\\\/\\\/www.tablaosflamencos.com\\\/it\\\/grandi-prime-biennale-flamenco-siviglia-2026.html#breadcrumb\",\"itemListElement\":[{\"@type\":\"ListItem\",\"position\":1,\"name\":\"Home\",\"item\":\"https:\\\/\\\/www.tablaosflamencos.com\\\/it\"},{\"@type\":\"ListItem\",\"position\":2,\"name\":\"Le grandi prime della Biennale di Flamenco di Siviglia 2026\"}]},{\"@type\":\"WebSite\",\"@id\":\"https:\\\/\\\/www.tablaosflamencos.com\\\/it#website\",\"url\":\"https:\\\/\\\/www.tablaosflamencos.com\\\/it\",\"name\":\"Tablaos Flamencos\",\"description\":\"Entradas para tablaos flamencos de Espa\u00f1a\",\"publisher\":{\"@id\":\"https:\\\/\\\/www.tablaosflamencos.com\\\/it#organization\"},\"alternateName\":\"Tablaos Flamencos\",\"potentialAction\":[{\"@type\":\"SearchAction\",\"target\":{\"@type\":\"EntryPoint\",\"urlTemplate\":\"https:\\\/\\\/www.tablaosflamencos.com\\\/it?s={search_term_string}\"},\"query-input\":{\"@type\":\"PropertyValueSpecification\",\"valueRequired\":true,\"valueName\":\"search_term_string\"}}],\"inLanguage\":\"it-IT\"},{\"@type\":[\"Organization\",\"Place\",\"EntertainmentBusiness\"],\"@id\":\"https:\\\/\\\/www.tablaosflamencos.com\\\/it#organization\",\"name\":\"Tablaos Flamencos\",\"alternateName\":\"Tablaos Flamencos\",\"url\":\"https:\\\/\\\/www.tablaosflamencos.com\\\/it\",\"logo\":{\"@id\":\"https:\\\/\\\/www.tablaosflamencos.com\\\/it\\\/grandi-prime-biennale-flamenco-siviglia-2026.html#local-main-organization-logo\"},\"image\":{\"@id\":\"https:\\\/\\\/www.tablaosflamencos.com\\\/it\\\/grandi-prime-biennale-flamenco-siviglia-2026.html#local-main-organization-logo\"},\"sameAs\":[\"https:\\\/\\\/www.facebook.com\\\/tablaosflamencos\",\"https:\\\/\\\/x.com\\\/tablaosflamenco\",\"https:\\\/\\\/mastodon.social\\\/@tablaosflamencos\",\"https:\\\/\\\/www.instagram.com\\\/tablaosflamencos\",\"https:\\\/\\\/tiktok.com\\\/@tablaosflamencos\",\"https:\\\/\\\/www.linkedin.com\\\/company\\\/109408238\\\/\"],\"description\":\"Venta de entradas para espect\u00e1culos flamencos\",\"legalName\":\"Tablaos Flamencos\",\"foundingDate\":\"2015-01-01\",\"numberOfEmployees\":{\"@type\":\"QuantitativeValue\",\"minValue\":\"1\",\"maxValue\":\"10\"},\"address\":{\"@id\":\"https:\\\/\\\/www.tablaosflamencos.com\\\/it\\\/grandi-prime-biennale-flamenco-siviglia-2026.html#local-main-place-address\"},\"geo\":{\"@type\":\"GeoCoordinates\",\"latitude\":\"37.3868072\",\"longitude\":\"-5.993280299999999\"},\"telephone\":[\"+34623787787\"],\"contactPoint\":{\"@type\":\"ContactPoint\",\"telephone\":\"+34623787787\",\"email\":\"info@tablaosflamencos.com\"},\"openingHoursSpecification\":{\"@type\":\"OpeningHoursSpecification\",\"dayOfWeek\":[\"Monday\",\"Tuesday\",\"Wednesday\",\"Thursday\",\"Friday\",\"Saturday\",\"Sunday\"],\"opens\":\"00:00\",\"closes\":\"23:59\"},\"email\":\"info@tablaosflamencos.com\",\"priceRange\":\"$$$\",\"currenciesAccepted\":\"\u20ac\"},{\"@type\":\"Person\",\"@id\":\"https:\\\/\\\/www.tablaosflamencos.com\\\/it#\\\/schema\\\/person\\\/e7a9ebe14eb75a52ceabfbffb3c54f5d\",\"name\":\"Miguel Ortiz\",\"description\":\"Miguel Ortiz es un empresario flamenco, con una s\u00f3lida trayectoria dentro del sector. Ha presidido entidades culturales vinculadas al flamenco y, cuenta con un amplio recorrido profesional en la gesti\u00f3n y promoci\u00f3n de espect\u00e1culos y tablaos flamencos. Su pasi\u00f3n por la historia y el arte flamenco se refleja en cada art\u00edculo, donde combina experiencia, criterio y un profundo respeto por la tradici\u00f3n.\",\"sameAs\":[\"https:\\\/\\\/www.tablaosflamencos.com\",\"https:\\\/\\\/www.instagra.com\\\/miguelortizfe\",\"https:\\\/\\\/www.linkedin.com\\\/in\\\/miguelortizf\\\/\"],\"birthDate\":\"1984-11-22\",\"gender\":\"hombre\",\"knowsLanguage\":[\"espa\u00f1ol\",\"ingl\u00e9s\"],\"jobTitle\":\"Empresario flamenco\"},{\"@type\":\"PostalAddress\",\"@id\":\"https:\\\/\\\/www.tablaosflamencos.com\\\/it\\\/grandi-prime-biennale-flamenco-siviglia-2026.html#local-main-place-address\",\"streetAddress\":\"C\\\/ Alemanes, 19\",\"addressLocality\":\"Sevilla\",\"postalCode\":\"41004\",\"addressRegion\":\"Sevilla\",\"addressCountry\":\"ES\"},{\"@type\":\"ImageObject\",\"inLanguage\":\"it-IT\",\"@id\":\"https:\\\/\\\/www.tablaosflamencos.com\\\/it\\\/grandi-prime-biennale-flamenco-siviglia-2026.html#local-main-organization-logo\",\"url\":\"https:\\\/\\\/www.tablaosflamencos.com\\\/wp-content\\\/uploads\\\/tablaos-flamencos-06-3.webp\",\"contentUrl\":\"https:\\\/\\\/www.tablaosflamencos.com\\\/wp-content\\\/uploads\\\/tablaos-flamencos-06-3.webp\",\"width\":600,\"height\":620,\"caption\":\"Tablaos Flamencos\"}]}<\/script>\n<meta name=\"geo.placename\" content=\"Sevilla\" \/>\n<meta name=\"geo.position\" content=\"37.3868072;-5.993280299999999\" \/>\n<meta name=\"geo.region\" content=\"Spagna\" \/>\n<!-- \/ Yoast SEO Premium plugin. -->","yoast_head_json":{"title":"Prime Biennale di Flamenco 2026: 20 opere chiave","description":"Guida alle 20 prime assolute della Biennale di Flamenco di Siviglia 2026: date, artisti, spazi e prima nazionale di David Coria.","robots":{"index":"index","follow":"follow","max-snippet":"max-snippet:-1","max-image-preview":"max-image-preview:large","max-video-preview":"max-video-preview:-1"},"canonical":"https:\/\/www.tablaosflamencos.com\/it\/grandi-prime-biennale-flamenco-siviglia-2026.html","og_locale":"it_IT","og_type":"article","og_title":"Le grandi prime della Biennale di Flamenco di Siviglia 2026","og_description":"Guida alle 20 prime assolute della Biennale di Flamenco di Siviglia 2026: date, artisti, spazi e prima nazionale di David Coria.","og_url":"https:\/\/www.tablaosflamencos.com\/it\/grandi-prime-biennale-flamenco-siviglia-2026.html","og_site_name":"Tablaos Flamencos","article_publisher":"https:\/\/www.facebook.com\/tablaosflamencos","article_published_time":"2026-09-01T10:18:55+00:00","article_modified_time":"2026-09-02T10:13:54+00:00","og_image":[{"width":1920,"height":1072,"url":"https:\/\/www.tablaosflamencos.com\/wp-content\/uploads\/los-grandes-estrenos-de-la-bienal-2026-01.webp","type":"image\/webp"}],"author":"Miguel Ortiz","twitter_card":"summary_large_image","twitter_creator":"@tablaosflamenco","twitter_site":"@tablaosflamenco","twitter_misc":{"Scritto da":"Miguel Ortiz","Tempo di lettura stimato":"18 minuti"},"schema":{"@context":"https:\/\/schema.org","@graph":[{"@type":"Article","@id":"https:\/\/www.tablaosflamencos.com\/it\/grandi-prime-biennale-flamenco-siviglia-2026.html#article","isPartOf":{"@id":"https:\/\/www.tablaosflamencos.com\/it\/grandi-prime-biennale-flamenco-siviglia-2026.html"},"author":{"name":"Miguel Ortiz","@id":"https:\/\/www.tablaosflamencos.com\/it#\/schema\/person\/e7a9ebe14eb75a52ceabfbffb3c54f5d"},"headline":"Le grandi prime della Biennale di Flamenco di Siviglia 2026","datePublished":"2026-09-01T10:18:55+00:00","dateModified":"2026-09-02T10:13:54+00:00","mainEntityOfPage":{"@id":"https:\/\/www.tablaosflamencos.com\/it\/grandi-prime-biennale-flamenco-siviglia-2026.html"},"wordCount":3619,"publisher":{"@id":"https:\/\/www.tablaosflamencos.com\/it#organization"},"image":{"@id":"https:\/\/www.tablaosflamencos.com\/it\/grandi-prime-biennale-flamenco-siviglia-2026.html#primaryimage"},"thumbnailUrl":"https:\/\/www.tablaosflamencos.com\/wp-content\/uploads\/los-grandes-estrenos-de-la-bienal-2026-01.webp","keywords":["agenda flamenca","Bienal 2026","Bienal de Flamenco","festivales flamencos","flamenco en Sevilla","sevilla"],"articleSection":["Biennale di Flamenco"],"inLanguage":"it-IT"},{"@type":"WebPage","@id":"https:\/\/www.tablaosflamencos.com\/it\/grandi-prime-biennale-flamenco-siviglia-2026.html","url":"https:\/\/www.tablaosflamencos.com\/it\/grandi-prime-biennale-flamenco-siviglia-2026.html","name":"Prime Biennale di Flamenco 2026: 20 opere chiave","isPartOf":{"@id":"https:\/\/www.tablaosflamencos.com\/it#website"},"primaryImageOfPage":{"@id":"https:\/\/www.tablaosflamencos.com\/it\/grandi-prime-biennale-flamenco-siviglia-2026.html#primaryimage"},"image":{"@id":"https:\/\/www.tablaosflamencos.com\/it\/grandi-prime-biennale-flamenco-siviglia-2026.html#primaryimage"},"thumbnailUrl":"https:\/\/www.tablaosflamencos.com\/wp-content\/uploads\/los-grandes-estrenos-de-la-bienal-2026-01.webp","datePublished":"2026-09-01T10:18:55+00:00","dateModified":"2026-09-02T10:13:54+00:00","description":"Guida alle 20 prime assolute della Biennale di Flamenco di Siviglia 2026: date, artisti, spazi e prima nazionale di David Coria.","breadcrumb":{"@id":"https:\/\/www.tablaosflamencos.com\/it\/grandi-prime-biennale-flamenco-siviglia-2026.html#breadcrumb"},"inLanguage":"it-IT","potentialAction":[{"@type":"ReadAction","target":["https:\/\/www.tablaosflamencos.com\/it\/grandi-prime-biennale-flamenco-siviglia-2026.html"]}]},{"@type":"ImageObject","inLanguage":"it-IT","@id":"https:\/\/www.tablaosflamencos.com\/it\/grandi-prime-biennale-flamenco-siviglia-2026.html#primaryimage","url":"https:\/\/www.tablaosflamencos.com\/wp-content\/uploads\/los-grandes-estrenos-de-la-bienal-2026-01.webp","contentUrl":"https:\/\/www.tablaosflamencos.com\/wp-content\/uploads\/los-grandes-estrenos-de-la-bienal-2026-01.webp","width":1920,"height":1072,"caption":"Los grandes estrenos de la Bienal 2026"},{"@type":"BreadcrumbList","@id":"https:\/\/www.tablaosflamencos.com\/it\/grandi-prime-biennale-flamenco-siviglia-2026.html#breadcrumb","itemListElement":[{"@type":"ListItem","position":1,"name":"Home","item":"https:\/\/www.tablaosflamencos.com\/it"},{"@type":"ListItem","position":2,"name":"Le grandi prime della Biennale di Flamenco di Siviglia 2026"}]},{"@type":"WebSite","@id":"https:\/\/www.tablaosflamencos.com\/it#website","url":"https:\/\/www.tablaosflamencos.com\/it","name":"Tablaos Flamencos","description":"Entradas para tablaos flamencos de Espa\u00f1a","publisher":{"@id":"https:\/\/www.tablaosflamencos.com\/it#organization"},"alternateName":"Tablaos Flamencos","potentialAction":[{"@type":"SearchAction","target":{"@type":"EntryPoint","urlTemplate":"https:\/\/www.tablaosflamencos.com\/it?s={search_term_string}"},"query-input":{"@type":"PropertyValueSpecification","valueRequired":true,"valueName":"search_term_string"}}],"inLanguage":"it-IT"},{"@type":["Organization","Place","EntertainmentBusiness"],"@id":"https:\/\/www.tablaosflamencos.com\/it#organization","name":"Tablaos Flamencos","alternateName":"Tablaos Flamencos","url":"https:\/\/www.tablaosflamencos.com\/it","logo":{"@id":"https:\/\/www.tablaosflamencos.com\/it\/grandi-prime-biennale-flamenco-siviglia-2026.html#local-main-organization-logo"},"image":{"@id":"https:\/\/www.tablaosflamencos.com\/it\/grandi-prime-biennale-flamenco-siviglia-2026.html#local-main-organization-logo"},"sameAs":["https:\/\/www.facebook.com\/tablaosflamencos","https:\/\/x.com\/tablaosflamenco","https:\/\/mastodon.social\/@tablaosflamencos","https:\/\/www.instagram.com\/tablaosflamencos","https:\/\/tiktok.com\/@tablaosflamencos","https:\/\/www.linkedin.com\/company\/109408238\/"],"description":"Venta de entradas para espect\u00e1culos flamencos","legalName":"Tablaos Flamencos","foundingDate":"2015-01-01","numberOfEmployees":{"@type":"QuantitativeValue","minValue":"1","maxValue":"10"},"address":{"@id":"https:\/\/www.tablaosflamencos.com\/it\/grandi-prime-biennale-flamenco-siviglia-2026.html#local-main-place-address"},"geo":{"@type":"GeoCoordinates","latitude":"37.3868072","longitude":"-5.993280299999999"},"telephone":["+34623787787"],"contactPoint":{"@type":"ContactPoint","telephone":"+34623787787","email":"info@tablaosflamencos.com"},"openingHoursSpecification":{"@type":"OpeningHoursSpecification","dayOfWeek":["Monday","Tuesday","Wednesday","Thursday","Friday","Saturday","Sunday"],"opens":"00:00","closes":"23:59"},"email":"info@tablaosflamencos.com","priceRange":"$$$","currenciesAccepted":"\u20ac"},{"@type":"Person","@id":"https:\/\/www.tablaosflamencos.com\/it#\/schema\/person\/e7a9ebe14eb75a52ceabfbffb3c54f5d","name":"Miguel Ortiz","description":"Miguel Ortiz es un empresario flamenco, con una s\u00f3lida trayectoria dentro del sector. Ha presidido entidades culturales vinculadas al flamenco y, cuenta con un amplio recorrido profesional en la gesti\u00f3n y promoci\u00f3n de espect\u00e1culos y tablaos flamencos. Su pasi\u00f3n por la historia y el arte flamenco se refleja en cada art\u00edculo, donde combina experiencia, criterio y un profundo respeto por la tradici\u00f3n.","sameAs":["https:\/\/www.tablaosflamencos.com","https:\/\/www.instagra.com\/miguelortizfe","https:\/\/www.linkedin.com\/in\/miguelortizf\/"],"birthDate":"1984-11-22","gender":"hombre","knowsLanguage":["espa\u00f1ol","ingl\u00e9s"],"jobTitle":"Empresario flamenco"},{"@type":"PostalAddress","@id":"https:\/\/www.tablaosflamencos.com\/it\/grandi-prime-biennale-flamenco-siviglia-2026.html#local-main-place-address","streetAddress":"C\/ Alemanes, 19","addressLocality":"Sevilla","postalCode":"41004","addressRegion":"Sevilla","addressCountry":"ES"},{"@type":"ImageObject","inLanguage":"it-IT","@id":"https:\/\/www.tablaosflamencos.com\/it\/grandi-prime-biennale-flamenco-siviglia-2026.html#local-main-organization-logo","url":"https:\/\/www.tablaosflamencos.com\/wp-content\/uploads\/tablaos-flamencos-06-3.webp","contentUrl":"https:\/\/www.tablaosflamencos.com\/wp-content\/uploads\/tablaos-flamencos-06-3.webp","width":600,"height":620,"caption":"Tablaos Flamencos"}]},"geo.placename":"Sevilla","geo.position":{"lat":"37.3868072","long":"-5.993280299999999"},"geo.region":"Spagna"},"_links":{"self":[{"href":"https:\/\/www.tablaosflamencos.com\/it\/wp-json\/wp\/v2\/posts\/14026","targetHints":{"allow":["GET"]}}],"collection":[{"href":"https:\/\/www.tablaosflamencos.com\/it\/wp-json\/wp\/v2\/posts"}],"about":[{"href":"https:\/\/www.tablaosflamencos.com\/it\/wp-json\/wp\/v2\/types\/post"}],"author":[{"embeddable":true,"href":"https:\/\/www.tablaosflamencos.com\/it\/wp-json\/wp\/v2\/users\/1"}],"replies":[{"embeddable":true,"href":"https:\/\/www.tablaosflamencos.com\/it\/wp-json\/wp\/v2\/comments?post=14026"}],"version-history":[{"count":1,"href":"https:\/\/www.tablaosflamencos.com\/it\/wp-json\/wp\/v2\/posts\/14026\/revisions"}],"predecessor-version":[{"id":14036,"href":"https:\/\/www.tablaosflamencos.com\/it\/wp-json\/wp\/v2\/posts\/14026\/revisions\/14036"}],"wp:featuredmedia":[{"embeddable":true,"href":"https:\/\/www.tablaosflamencos.com\/it\/wp-json\/wp\/v2\/media\/13846"}],"wp:attachment":[{"href":"https:\/\/www.tablaosflamencos.com\/it\/wp-json\/wp\/v2\/media?parent=14026"}],"wp:term":[{"taxonomy":"category","embeddable":true,"href":"https:\/\/www.tablaosflamencos.com\/it\/wp-json\/wp\/v2\/categories?post=14026"},{"taxonomy":"post_tag","embeddable":true,"href":"https:\/\/www.tablaosflamencos.com\/it\/wp-json\/wp\/v2\/tags?post=14026"}],"curies":[{"name":"wp","href":"https:\/\/api.w.org\/{rel}","templated":true}]}}