{"id":14011,"date":"2026-09-02T00:28:39","date_gmt":"2026-09-01T22:28:39","guid":{"rendered":"https:\/\/www.tablaosflamencos.com\/?p=14011"},"modified":"2026-09-02T00:56:37","modified_gmt":"2026-09-01T22:56:37","slug":"spazi-spettacolari-biennale-flamenco-siviglia-2026","status":"publish","type":"post","link":"https:\/\/www.tablaosflamencos.com\/it\/spazi-spettacolari-biennale-flamenco-siviglia-2026.html","title":{"rendered":"Gli spazi pi\u00f9 spettacolari della Biennale di Flamenco di Siviglia 2026"},"content":{"rendered":"<section class=\"l-section wpb_row height_huge\"><div class=\"l-section-h i-cf\"><div class=\"g-cols vc_row via_flex valign_top type_default stacking_default\"><div class=\"vc_col-sm-6 wpb_column vc_column_container\"><div class=\"vc_column-inner\"><div class=\"wpb_wrapper\"><div class=\"wpb_text_column\"><div class=\"wpb_wrapper\"><h2>Quando anche la citt\u00e0 diventa parte dello spettacolo<\/h2>\n<p>La <strong>Biennale di Flamenco di Siviglia 2026<\/strong> non si comprende soltanto attraverso gli artisti che salgono sul palco. Una parte essenziale della sua identit\u00e0 risiede negli spazi scelti per ogni proposta. Durante la XXIV edizione, in programma dal <strong>9 settembre al 3 ottobre 2026<\/strong>, il flamenco occuper\u00e0 teatri storici, cortili monumentali, un\u2019antica fabbrica di artiglieria, un tradizionale cortile comunitario, una chiesa barocca e perfino l\u2019arena di uno degli edifici pi\u00f9 riconoscibili di Siviglia.<\/p>\n<p>La programmazione ufficiale \u00e8 distribuita in <strong>11 spazi<\/strong>, ma alcuni trasformano l\u2019architettura stessa in una parte inseparabile dello spettacolo. Assistere a un recital nel Patio de la Monter\u00eda del Real Alc\u00e1zar, ascoltare il cante a mezzogiorno dentro San Luis de los Franceses o concludere la notte sotto il cielo dell\u2019Hotel Triana offre un\u2019esperienza molto diversa da una grande produzione al Teatro de la Maestranza.<\/p>\n<p>Questa guida seleziona gli <strong>spazi pi\u00f9 spettacolari della Biennale di Flamenco di Siviglia 2026<\/strong>, spiega cosa li rende diversi e indica quali spettacoli sono stati programmati in ciascuno.<\/p>\n<\/div><\/div><\/div><\/div><\/div><div class=\"vc_col-sm-6 wpb_column vc_column_container\"><div class=\"vc_column-inner\"><div class=\"wpb_wrapper\"><div class=\"wpb_text_column\"><div class=\"wpb_wrapper\"><p style=\"text-align: center; font-size: 58px; line-height: 1; margin-bottom: 10px;\"><strong>11<\/strong><\/p>\n<h3 style=\"text-align: center;\">spazi ufficiali<\/h3>\n<p style=\"text-align: center;\"><strong>7 scenari particolarmente singolari<\/strong><\/p>\n<p style=\"text-align: center;\">Patrimonio, architettura e flamenco<\/p>\n<p style=\"text-align: center;\">Dal <strong>9 settembre al 3 ottobre 2026<\/strong><\/p>\n<\/div><\/div><\/div><\/div><\/div><\/div><\/div><\/section><section class=\"l-section wpb_row height_huge color_alternate with_shape\"><div class=\"l-section-shape type_zigzag pos_top\" style=\"height:3vmin;\"><svg xmlns=\"http:\/\/www.w3.org\/2000\/svg\" viewBox=\"0 0 64 8\" preserveAspectRatio=\"none\" width=\"100%\" height=\"100%\">\r\n\t<path fill=\"currentColor\" d=\"M64 8 L0 8 L0 0 L20 7.9 L40 3 L48 5 L64 0 Z\"\/>\r\n<\/svg><\/div><div class=\"l-section-shape type_zigzag pos_bottom\" style=\"height:3vmin;\"><svg xmlns=\"http:\/\/www.w3.org\/2000\/svg\" viewBox=\"0 0 64 8\" preserveAspectRatio=\"none\" width=\"100%\" height=\"100%\">\r\n\t<path fill=\"currentColor\" d=\"M64 8 L0 8 L0 0 L20 7.9 L40 3 L48 5 L64 0 Z\"\/>\r\n<\/svg><\/div><div class=\"l-section-h i-cf\"><div class=\"g-cols vc_row via_flex valign_top type_default stacking_default\"><div class=\"vc_col-sm-12 wpb_column vc_column_container\"><div class=\"vc_column-inner\"><div class=\"wpb_wrapper\"><div class=\"wpb_text_column\"><div class=\"wpb_wrapper\"><blockquote>\n<p><strong>Risposta rapida:<\/strong> se cerchi gli scenari pi\u00f9 speciali della Biennale 2026, spiccano il <strong>Patio de la Monter\u00eda del Real Alc\u00e1zar<\/strong> per la sua monumentalit\u00e0, <strong>San Luis de los Franceses<\/strong> per la sua intimit\u00e0 barocca, la <strong>Real F\u00e1brica de Artiller\u00eda<\/strong> per la sua architettura industriale, l\u2019 <strong>Hotel Triana<\/strong> per l\u2019atmosfera del tradizionale cortile comunitario, la <strong>Plaza de Toros de la Real Maestranza<\/strong> per la grande gala del 10 settembre, il rinnovato <strong>Teatro Lope de Vega<\/strong> per il suo ritorno storico e il <strong>Teatro de la Maestranza<\/strong> per le produzioni di maggiore formato.<\/p>\n<\/blockquote>\n<p><strong>Ultimo aggiornamento: 1 settembre 2026.<\/strong> Programmazione, accessi e disponibilit\u00e0 dei posti possono cambiare. \u00c8 sempre consigliabile verificare le informazioni ufficiali di ogni spettacolo.<\/p>\n<\/div><\/div><div class=\"w-separator size_medium\"><\/div><div class=\"w-hwrapper valign_top wrap stack_on_mobiles align_center\" style=\"--hwrapper-gap:1.2rem\"><div class=\"w-btn-wrapper align_none\"><a class=\"w-btn us-btn-style_1\" href=\"https:\/\/www.tablaosflamencos.com\/it\/biennale-flamenco-siviglia-2026.html\"><span class=\"w-btn-label\">Guida completa alla Biennale 2026<\/span><\/a><\/div><div class=\"w-btn-wrapper align_none\"><a class=\"w-btn us-btn-style_1\" href=\"https:\/\/www.tablaosflamencos.com\/it\/biennale-flamenco-siviglia\"><span class=\"w-btn-label\">Vedi tutte le notizie sulla Biennale<\/span><\/a><\/div><\/div><\/div><\/div><\/div><\/div><\/div><\/section><section class=\"l-section wpb_row height_huge\"><div class=\"l-section-h i-cf\"><div class=\"g-cols vc_row via_flex valign_top type_default stacking_default\"><div class=\"vc_col-sm-12 wpb_column vc_column_container\"><div class=\"vc_column-inner\"><div class=\"wpb_wrapper\"><div class=\"wpb_text_column\"><div class=\"wpb_wrapper\"><h2>Gli spazi pi\u00f9 spettacolari della Biennale 2026 in sintesi<\/h2>\n<div style=\"overflow-x: auto;\">\n<table>\n<thead>\n<tr>\n<th>Spazio<\/th>\n<th>Cosa lo rende speciale<\/th>\n<th>Programmazione in evidenza<\/th>\n<\/tr>\n<\/thead>\n<tbody>\n<tr>\n<td><strong>Real Alc\u00e1zar \u00b7 Patio de la Monter\u00eda<\/strong><\/td>\n<td>Palazzo storico e grande cortile monumentale all\u2019aperto<\/td>\n<td>Israel Fern\u00e1ndez, Rancapino Chico e <em>Xerezan\u00edas<\/em><\/td>\n<\/tr>\n<tr>\n<td><strong>Real F\u00e1brica de Artiller\u00eda<\/strong><\/td>\n<td>Architettura industriale del XVIII secolo e linguaggio contemporaneo<\/td>\n<td>Ana Morales e la trilogia di Pablo Mart\u00edn Caminero<\/td>\n<\/tr>\n<tr>\n<td><strong>San Luis de los Franceses<\/strong><\/td>\n<td>Barocco, acustica intima e spettacoli a mezzogiorno<\/td>\n<td>Sei Matin\u00e9e Uniche<\/td>\n<\/tr>\n<tr>\n<td><strong>Hotel Triana<\/strong><\/td>\n<td>Antico cortile comunitario, patio aperto e memoria flamenca<\/td>\n<td>Tre spettacoli notturni dal 17 al 19 settembre<\/td>\n<\/tr>\n<tr>\n<td><strong>Plaza de Toros de la Real Maestranza<\/strong><\/td>\n<td>Grande spazio storico all\u2019aperto<\/td>\n<td>Gala <em>El mundo por montera<\/em>, 10 settembre<\/td>\n<\/tr>\n<tr>\n<td><strong>Teatro Lope de Vega<\/strong><\/td>\n<td>Teatro neobarocco del 1929 riaperto dopo il restauro<\/td>\n<td>Dorantes, Arc\u00e1ngel, Riqueni, Aurora Vargas, Mayte Mart\u00edn&#8230;<\/td>\n<\/tr>\n<tr>\n<td><strong>Teatro de la Maestranza<\/strong><\/td>\n<td>Grande palcoscenico per produzioni di ampio formato<\/td>\n<td>Sara Baras, Israel Galv\u00e1n, Jos\u00e9 Merc\u00e9, Farruquito e chiusura della Biennale<\/td>\n<\/tr>\n<\/tbody>\n<\/table>\n<\/div>\n<\/div><\/div><\/div><\/div><\/div><\/div><\/div><\/section><section class=\"l-section wpb_row height_huge color_alternate with_shape\"><div class=\"l-section-shape type_zigzag pos_top\" style=\"height:3vmin;\"><svg xmlns=\"http:\/\/www.w3.org\/2000\/svg\" viewBox=\"0 0 64 8\" preserveAspectRatio=\"none\" width=\"100%\" height=\"100%\">\r\n\t<path fill=\"currentColor\" d=\"M64 8 L0 8 L0 0 L20 7.9 L40 3 L48 5 L64 0 Z\"\/>\r\n<\/svg><\/div><div class=\"l-section-shape type_zigzag pos_bottom\" style=\"height:3vmin;\"><svg xmlns=\"http:\/\/www.w3.org\/2000\/svg\" viewBox=\"0 0 64 8\" preserveAspectRatio=\"none\" width=\"100%\" height=\"100%\">\r\n\t<path fill=\"currentColor\" d=\"M64 8 L0 8 L0 0 L20 7.9 L40 3 L48 5 L64 0 Z\"\/>\r\n<\/svg><\/div><div class=\"l-section-h i-cf\"><div class=\"g-cols vc_row via_flex valign_top type_default stacking_default\"><div class=\"vc_col-sm-6 wpb_column vc_column_container\"><div class=\"vc_column-inner\"><div class=\"wpb_wrapper\"><div class=\"wpb_text_column\"><div class=\"wpb_wrapper\"><h2 id=\"real-alcazar\">1. Patio de la Monter\u00eda del Real Alc\u00e1zar: flamenco davanti a secoli di storia<\/h2>\n<p>Il <strong>Real Alc\u00e1zar di Siviglia<\/strong> \u00e8 uno di quei luoghi in cui il pubblico impiega qualche secondo per decidere dove guardare. Le origini del complesso palaziale risalgono al X secolo e, attraverso secoli di trasformazioni, ha accumulato strati islamici, mud\u00e9jar, gotici, rinascimentali e barocchi.<\/p>\n<p>La Biennale utilizza il <strong>Patio de la Monter\u00eda<\/strong>, un grande spazio aperto davanti alla straordinaria facciata del Palazzo Mud\u00e9jar di Pietro I. Di notte, con l\u2019illuminazione monumentale e la Giralda visibile da alcuni punti, lo scenario acquista una presenza difficile da riprodurre in un teatro convenzionale.<\/p>\n<p>Qui il patrimonio non \u00e8 uno sfondo neutro. Le dimensioni del patio, la pietra, il cielo aperto e perfino l\u2019ingresso al complesso trasformano lo spettacolo in un\u2019esperienza direttamente legata a Siviglia.<\/p>\n<\/div><\/div><\/div><\/div><\/div><div class=\"vc_col-sm-6 wpb_column vc_column_container\"><div class=\"vc_column-inner\"><div class=\"wpb_wrapper\"><div class=\"wpb_text_column\"><div class=\"wpb_wrapper\"><h2>Cosa vedere al Real Alc\u00e1zar durante la Biennale 2026<\/h2>\n<p>La programmazione concentra tre serate consecutive:<\/p>\n<ul>\n<li><strong>14 settembre:<\/strong> Israel Fern\u00e1ndez presenta <em>De oro y marfil<\/em>.<\/li>\n<li><strong>15 settembre:<\/strong> Rancapino Chico presenta in prima assoluta <em>Pizarra<\/em>.<\/li>\n<li><strong>16 settembre:<\/strong> <em>Xerezan\u00edas<\/em> riunisce Luis El Zambo, Dolores Agujetas, Antonio de la Malena, Manuel Valencia e Las Tatas de Jerez.<\/li>\n<\/ul>\n<p>La scelta ha senso in uno spazio di queste caratteristiche: recital e incontri in cui la forza risiede nella presenza degli interpreti, nel cante e nella chitarra, senza bisogno di riempire il patio di scenografie.<\/p>\n<p><strong>Ideale per:<\/strong> chi desidera vivere una notte della Biennale in un luogo monumentale inequivocabilmente sivigliano.<\/p>\n<\/div><\/div><\/div><\/div><\/div><\/div><\/div><\/section><section class=\"l-section wpb_row height_huge\"><div class=\"l-section-h i-cf\"><div class=\"g-cols vc_row via_flex valign_top type_default stacking_default\"><div class=\"vc_col-sm-6 wpb_column vc_column_container\"><div class=\"vc_column-inner\"><div class=\"wpb_wrapper\"><div class=\"wpb_text_column\"><div class=\"wpb_wrapper\"><h2 id=\"artilleria\">2. Real F\u00e1brica de Artiller\u00eda: patrimonio industriale per il flamenco pi\u00f9 contemporaneo<\/h2>\n<p>La <strong>Real F\u00e1brica de Artiller\u00eda<\/strong> offre un\u2019esperienza completamente diversa. Le sue origini risalgono alla fonderia di bronzo della famiglia Morel nel XVI secolo, anche se il grande edificio attuale prese forma soprattutto nel XVIII secolo e ricevette un forte impulso sotto Carlo III.<\/p>\n<p>Le navate, le volte, i cortili, le antiche aree di fusione e la scala industriale fanno dell\u2019Artiller\u00eda uno degli spazi patrimoniali pi\u00f9 potenti della citt\u00e0. Dopo decenni legati alla produzione militare, oggi viene recuperata come grande contenitore culturale.<\/p>\n<p>La ruvidit\u00e0 dell\u2019edificio funziona particolarmente bene con progetti che esplorano nuovi linguaggi. Dove San Luis invita al raccoglimento, l\u2019Artiller\u00eda offre profondit\u00e0, materia, ombra e una sensazione quasi cinematografica.<\/p>\n<\/div><\/div><\/div><\/div><\/div><div class=\"vc_col-sm-6 wpb_column vc_column_container\"><div class=\"vc_column-inner\"><div class=\"wpb_wrapper\"><div class=\"wpb_text_column\"><div class=\"wpb_wrapper\"><h2>Cosa programma la Biennale 2026 all\u2019Artiller\u00eda<\/h2>\n<p>L\u2019edizione 2026 utilizza lo spazio per due grandi linee creative:<\/p>\n<ul>\n<li><strong>13 e 14 settembre:<\/strong> Ana Morales presenta la prima assoluta di <em>Rapsodia. Fantas\u00eda subterr\u00e1nea<\/em>.<\/li>\n<li><strong>22 settembre:<\/strong> <em>Trilog\u00eda. Al toque<\/em>, di Pablo Mart\u00edn Caminero.<\/li>\n<li><strong>23 settembre:<\/strong> <em>Trilog\u00eda. Al baile<\/em>, con la partecipazione di Mar\u00eda Moreno.<\/li>\n<li><strong>24 settembre:<\/strong> <em>Trilog\u00eda. Al cante<\/em>, con David Carpio.<\/li>\n<\/ul>\n<p>Il dialogo tra un complesso industriale storico e proposte di ricerca scenica rende questa sede uno dei migliori esempi della Biennale come festival che non separa tradizione e avanguardia.<\/p>\n<p><strong>Ideale per:<\/strong> chi cerca un\u2019esperienza visiva potente e un flamenco di creazione contemporanea.<\/p>\n<\/div><\/div><\/div><\/div><\/div><\/div><\/div><\/section><section class=\"l-section wpb_row height_huge color_alternate with_shape\"><div class=\"l-section-shape type_zigzag pos_top\" style=\"height:3vmin;\"><svg xmlns=\"http:\/\/www.w3.org\/2000\/svg\" viewBox=\"0 0 64 8\" preserveAspectRatio=\"none\" width=\"100%\" height=\"100%\">\r\n\t<path fill=\"currentColor\" d=\"M64 8 L0 8 L0 0 L20 7.9 L40 3 L48 5 L64 0 Z\"\/>\r\n<\/svg><\/div><div class=\"l-section-shape type_zigzag pos_bottom\" style=\"height:3vmin;\"><svg xmlns=\"http:\/\/www.w3.org\/2000\/svg\" viewBox=\"0 0 64 8\" preserveAspectRatio=\"none\" width=\"100%\" height=\"100%\">\r\n\t<path fill=\"currentColor\" d=\"M64 8 L0 8 L0 0 L20 7.9 L40 3 L48 5 L64 0 Z\"\/>\r\n<\/svg><\/div><div class=\"l-section-h i-cf\"><div class=\"g-cols vc_row via_flex valign_top type_default stacking_default\"><div class=\"vc_col-sm-6 wpb_column vc_column_container\"><div class=\"vc_column-inner\"><div class=\"wpb_wrapper\"><div class=\"wpb_text_column\"><div class=\"wpb_wrapper\"><h2 id=\"san-luis\">3. San Luis de los Franceses: sei matin\u00e9e dentro un gioiello barocco<\/h2>\n<p>La <strong>Chiesa di San Luis de los Franceses<\/strong> \u00e8 probabilmente lo spazio pi\u00f9 intimo e ornamentale di questa lista. Il complesso, costruito tra il <strong>1699 e il 1731<\/strong> su progetto di <strong>Leonardo de Figueroa<\/strong>, \u00e8 considerato uno dei grandi esempi del pieno Barocco sivigliano.<\/p>\n<p>La sua architettura fu concepita per avvolgere il visitatore. Retabli, pittura, scultura, luce e proporzioni lavorano insieme e trasformano ogni interpretazione musicale in qualcosa di diverso da un recital in una sala convenzionale.<\/p>\n<p>La Biennale sfrutta inoltre una circostanza speciale: gli spettacoli si tengono alle <strong>12:00<\/strong>. La luce del giorno e il formato raccolto cambiano completamente il ritmo abituale di un festival in gran parte associato alla notte.<\/p>\n<\/div><\/div><\/div><\/div><\/div><div class=\"vc_col-sm-6 wpb_column vc_column_container\"><div class=\"vc_column-inner\"><div class=\"wpb_wrapper\"><div class=\"wpb_text_column\"><div class=\"wpb_wrapper\"><h2>Le Matin\u00e9e Uniche di San Luis<\/h2>\n<p>San Luis ospita sei spettacoli in dialogo con il mondo della musica antica:<\/p>\n<ul>\n<li><strong>12 e 13 settembre:<\/strong> Pedro El Grana\u00edno, <em>Pan de oro<\/em>, con Daniel Oyarz\u00e1bal.<\/li>\n<li><strong>19 e 20 settembre:<\/strong> Alejandro Hurtado, <em>Devenir de la guitarra<\/em>, con Enrike Solin\u00eds.<\/li>\n<li><strong>26 e 27 settembre:<\/strong> Encarna Anillo, <em>Camino de flores<\/em>, con Miguel Rinc\u00f3n.<\/li>\n<\/ul>\n<p>Abbiamo preparato una guida specifica con il programma e le chiavi di lettura di questo ciclo di <a href=\"https:\/\/www.tablaosflamencos.com\/matines-unicas-bienal-flamenco-sevilla-2026.html\"><strong>Matin\u00e9e Uniche della Biennale 2026<\/strong><\/a>.<\/p>\n<p><strong>Ideale per:<\/strong> chi preferisce vicinanza, acustica naturale, patrimonio e un ascolto senza fretta.<\/p>\n<\/div><\/div><\/div><\/div><\/div><\/div><\/div><\/section><section class=\"l-section wpb_row height_huge\"><div class=\"l-section-h i-cf\"><div class=\"g-cols vc_row via_flex valign_top type_default stacking_default\"><div class=\"vc_col-sm-6 wpb_column vc_column_container\"><div class=\"vc_column-inner\"><div class=\"wpb_wrapper\"><div class=\"wpb_text_column\"><div class=\"wpb_wrapper\"><h2 id=\"hotel-triana\">4. Hotel Triana: un cortile comunitario con il cielo come soffitto<\/h2>\n<p>Il nome pu\u00f2 trarre in inganno. L\u2019 <strong>Hotel Triana<\/strong> oggi non funziona come hotel turistico. Fu costruito in occasione dell\u2019Esposizione Iberoamericana del 1929 per ospitare visitatori, ma non svolse mai questa funzione e fin\u00ec per diventare un <strong>tradizionale cortile residenziale comunitario<\/strong>.<\/p>\n<p>La sua struttura a U attorno a un grande patio conserva la logica comunitaria di tante abitazioni tradizionali di Triana. L\u2019edificio, dichiarato Bene di Interesse Culturale, ha mantenuto un rapporto particolarmente intenso con la Biennale e con la memoria flamenca del quartiere.<\/p>\n<p>Qui scompare la distanza solenne di un teatro. Il patio, le gallerie, le facciate interne e il cielo aperto creano un\u2019atmosfera che ricorda come gran parte della storia sociale del flamenco si sia sviluppata in spazi condivisi, cortili, riunioni e feste.<\/p>\n<\/div><\/div><\/div><\/div><\/div><div class=\"vc_col-sm-6 wpb_column vc_column_container\"><div class=\"vc_column-inner\"><div class=\"wpb_wrapper\"><div class=\"wpb_text_column\"><div class=\"wpb_wrapper\"><h2>Il ritorno dell\u2019Hotel Triana nel 2026<\/h2>\n<p>Dopo quattro anni fuori dalla programmazione, lo spazio torna con tre notti consecutive concepite come <strong>spettacoli di tarda notte<\/strong> della Biennale:<\/p>\n<ul>\n<li><strong>17 settembre:<\/strong> <em>Mujeres gitanas<\/em>, con Remedios Amaya, Montse Cort\u00e9s, La Fabi e altri artisti.<\/li>\n<li><strong>18 settembre:<\/strong> <em>Uvitas negras<\/em>, legato al 75\u00ba anniversario della Pe\u00f1a Pozo de las Penas.<\/li>\n<li><strong>19 settembre:<\/strong> <em>Andaluc\u00eda en el Tiempo<\/em>, con artisti provenienti da diverse province andaluse.<\/li>\n<\/ul>\n<p>Tutte e tre sono concepite come <a href=\"https:\/\/www.tablaosflamencos.com\/noches-unicas-bienal-flamenco-sevilla-2026.html\"><strong>Notti Uniche<\/strong><\/a>, cio\u00e8 incontri pensati per accadere in modo irripetibile.<\/p>\n<p><strong>Ideale per:<\/strong> chi vuole vivere una delle atmosfere pi\u00f9 flamenco e meno convenzionali di tutta la Biennale.<\/p>\n<\/div><\/div><\/div><\/div><\/div><\/div><\/div><\/section><section class=\"l-section wpb_row height_huge color_alternate with_shape\"><div class=\"l-section-shape type_zigzag pos_top\" style=\"height:3vmin;\"><svg xmlns=\"http:\/\/www.w3.org\/2000\/svg\" viewBox=\"0 0 64 8\" preserveAspectRatio=\"none\" width=\"100%\" height=\"100%\">\r\n\t<path fill=\"currentColor\" d=\"M64 8 L0 8 L0 0 L20 7.9 L40 3 L48 5 L64 0 Z\"\/>\r\n<\/svg><\/div><div class=\"l-section-shape type_zigzag pos_bottom\" style=\"height:3vmin;\"><svg xmlns=\"http:\/\/www.w3.org\/2000\/svg\" viewBox=\"0 0 64 8\" preserveAspectRatio=\"none\" width=\"100%\" height=\"100%\">\r\n\t<path fill=\"currentColor\" d=\"M64 8 L0 8 L0 0 L20 7.9 L40 3 L48 5 L64 0 Z\"\/>\r\n<\/svg><\/div><div class=\"l-section-h i-cf\"><div class=\"g-cols vc_row via_flex valign_top type_default stacking_default\"><div class=\"vc_col-sm-6 wpb_column vc_column_container\"><div class=\"vc_column-inner\"><div class=\"wpb_wrapper\"><div class=\"wpb_text_column\"><div class=\"wpb_wrapper\"><h2 id=\"plaza-toros\">5. Plaza de Toros de la Real Maestranza: una gala che occupa tutta l\u2019arena<\/h2>\n<p>La <strong>Plaza de Toros de la Real Maestranza de Caballer\u00eda<\/strong> \u00e8 una delle grandi icone architettoniche di Siviglia. La costruzione in muratura inizi\u00f2 nel XVIII secolo e il completamento definitivo del complesso avvenne nel 1881, dopo un processo durato oltre un secolo.<\/p>\n<p>L\u2019arena di albero, le arcate bianche e ocra e la scala circolare producono un\u2019immagine radicalmente diversa da qualsiasi teatro. Per uno spettacolo flamenco significa inoltre affrontare uno spazio enorme, all\u2019aperto e con il pubblico disposto intorno alla scena.<\/p>\n<p>Nel 2026 la Biennale utilizza la plaza per un unico grande appuntamento, rafforzandone il carattere di evento.<\/p>\n<\/div><\/div><\/div><\/div><\/div><div class=\"vc_col-sm-6 wpb_column vc_column_container\"><div class=\"vc_column-inner\"><div class=\"wpb_wrapper\"><div class=\"wpb_text_column\"><div class=\"wpb_wrapper\"><h2><em>El mundo por montera<\/em>: la grande gala del 10 settembre<\/h2>\n<p>Il <strong>10 settembre alle 21:30<\/strong>, la Plaza de Toros ospita la Gala della XXIV Biennale <em>El mundo por montera<\/em>, con Jos\u00e9 Merc\u00e9, Jos\u00e9 de la Tomasa, Martirio, Arc\u00e1ngel, La Tremendita, \u00c1ngeles Toledano, El Perrete, Manuel de la Tomasa e il Ballet Flamenco de Andaluc\u00eda diretto da Patricia Guerrero.<\/p>\n<p>L\u2019appuntamento arriva un giorno dopo il preg\u00f3n del 9 settembre e rappresenta una delle grandi aperture pubbliche dell\u2019edizione. Puoi approfondire nella nostra guida su <a href=\"https:\/\/www.tablaosflamencos.com\/inauguracion-bienal-flamenco-sevilla-2026.html\"><strong>come sar\u00e0 l\u2019inaugurazione della Biennale 2026<\/strong><\/a>.<\/p>\n<p><strong>Ideale per:<\/strong> chi cerca ampiezza, atmosfera da grande evento e una notte con grande pubblico in un simbolo di Siviglia.<\/p>\n<\/div><\/div><\/div><\/div><\/div><\/div><\/div><\/section><section class=\"l-section wpb_row height_huge\"><div class=\"l-section-h i-cf\"><div class=\"g-cols vc_row via_flex valign_top type_default stacking_default\"><div class=\"vc_col-sm-6 wpb_column vc_column_container\"><div class=\"vc_column-inner\"><div class=\"wpb_wrapper\"><div class=\"wpb_text_column\"><div class=\"wpb_wrapper\"><h2 id=\"lope-vega\">6. Teatro Lope de Vega: il grande ritorno della Biennale 2026<\/h2>\n<p>Il <strong>Teatro Lope de Vega<\/strong> aggiunge a questa edizione una componente emotiva ulteriore. Costruito per l\u2019Esposizione Iberoamericana del <strong>1929<\/strong>, l\u2019edificio neobarocco faceva parte dell\u2019antico Padiglione di Siviglia insieme al Casino de la Exposici\u00f3n.<\/p>\n<p>Dopo essere rimasto chiuso per lavori, il teatro riapre al pubblico in coincidenza con la Biennale. Il restauro integrale ha superato i <strong>9,5 milioni di euro<\/strong> e rende il suo ritorno uno degli eventi culturali dell\u2019anno a Siviglia.<\/p>\n<p>Non \u00e8 una sede qualsiasi per il festival. Il Lope \u00e8 legato da decenni alla storia della Biennale e la sua riapertura restituisce una delle sale che meglio rappresentano la dimensione teatrale del flamenco in citt\u00e0.<\/p>\n<\/div><\/div><\/div><\/div><\/div><div class=\"vc_col-sm-6 wpb_column vc_column_container\"><div class=\"vc_column-inner\"><div class=\"wpb_wrapper\"><div class=\"wpb_text_column\"><div class=\"wpb_wrapper\"><h2>Una programmazione all\u2019altezza della riapertura<\/h2>\n<p>Il primo artista a salire sul palcoscenico restaurato sar\u00e0 <strong>Dorantes<\/strong>, il 12 settembre, con la prima assoluta di <em>Fractal Arcano<\/em>. Seguiranno Arc\u00e1ngel, Antonio Reyes, Rafael Riqueni insieme a Tim Ries, Aurora Vargas e Juana Amaya, David Coria, Mayte Mart\u00edn, Alfonso Losa e altri nomi.<\/p>\n<p>La combinazione di prime assolute, notti uniche e artisti di generazioni diverse rende il Lope uno degli spazi con la programmazione pi\u00f9 completa dell\u2019intera edizione.<\/p>\n<p>Inoltre, la sua estetica di teatro storico offre un\u2019esperienza molto diversa dalla modernit\u00e0 del Teatro Central o dalla grande scala del Maestranza.<\/p>\n<p><strong>Ideale per:<\/strong> chi apprezza il teatro classico, la storia della Biennale e il valore simbolico di assistere alla sua riapertura.<\/p>\n<\/div><\/div><\/div><\/div><\/div><\/div><\/div><\/section><section class=\"l-section wpb_row height_huge color_alternate with_shape\"><div class=\"l-section-shape type_zigzag pos_top\" style=\"height:3vmin;\"><svg xmlns=\"http:\/\/www.w3.org\/2000\/svg\" viewBox=\"0 0 64 8\" preserveAspectRatio=\"none\" width=\"100%\" height=\"100%\">\r\n\t<path fill=\"currentColor\" d=\"M64 8 L0 8 L0 0 L20 7.9 L40 3 L48 5 L64 0 Z\"\/>\r\n<\/svg><\/div><div class=\"l-section-shape type_zigzag pos_bottom\" style=\"height:3vmin;\"><svg xmlns=\"http:\/\/www.w3.org\/2000\/svg\" viewBox=\"0 0 64 8\" preserveAspectRatio=\"none\" width=\"100%\" height=\"100%\">\r\n\t<path fill=\"currentColor\" d=\"M64 8 L0 8 L0 0 L20 7.9 L40 3 L48 5 L64 0 Z\"\/>\r\n<\/svg><\/div><div class=\"l-section-h i-cf\"><div class=\"g-cols vc_row via_flex valign_top type_default stacking_default\"><div class=\"vc_col-sm-6 wpb_column vc_column_container\"><div class=\"vc_column-inner\"><div class=\"wpb_wrapper\"><div class=\"wpb_text_column\"><div class=\"wpb_wrapper\"><h2 id=\"teatro-maestranza\">7. Teatro de la Maestranza: il palcoscenico delle grandi produzioni<\/h2>\n<p>Il <strong>Teatro de la Maestranza<\/strong> rappresenta il volto pi\u00f9 contemporaneo e tecnicamente ambizioso di questa selezione. Inaugurato nel 1991 e progettato dagli architetti Aurelio del Pozo e Luis Mar\u00edn, nacque come grande auditorium polivalente e in seguito adatt\u00f2 la propria macchina scenica alle esigenze dell\u2019opera e delle grandi produzioni.<\/p>\n<p>Durante la Biennale \u00e8 lo spazio naturale per spettacoli che richiedono ampiezza, macchinari scenici, grande capienza e possibilit\u00e0 tecniche avanzate. Di fronte al carattere patrimoniale dell\u2019Alc\u00e1zar o di San Luis, qui il protagonismo \u00e8 affidato a ci\u00f2 che pu\u00f2 essere costruito sul palco.<\/p>\n<p>Questo non significa che manchi di identit\u00e0: il suo rapporto con la musica e le arti sceniche di Siviglia fin dall\u2019Expo 92 lo ha reso uno dei grandi teatri spagnoli.<\/p>\n<\/div><\/div><\/div><\/div><\/div><div class=\"vc_col-sm-6 wpb_column vc_column_container\"><div class=\"vc_column-inner\"><div class=\"wpb_wrapper\"><div class=\"wpb_text_column\"><div class=\"wpb_wrapper\"><h2>Sara Baras, Israel Galv\u00e1n, Farruquito e la chiusura<\/h2>\n<p>La programmazione del Maestranza \u00e8 una delle pi\u00f9 forti del 2026. Sara Baras apre il suo ciclo nei giorni <strong>11, 12 e 13 settembre<\/strong> con la prima assoluta di <em>Infinita<\/em>, il suo ritorno alla Biennale quattordici anni dopo. Puoi scoprire tutti i dettagli nella nostra guida su <a href=\"https:\/\/www.tablaosflamencos.com\/sara-baras-sevilla-2026-infinita-bienal.html\"><strong>Sara Baras a Siviglia nel 2026<\/strong><\/a>.<\/p>\n<p>Successivamente passeranno dal teatro Ca\u00f1izares con la ROSS, Jos\u00e9 Merc\u00e9, Manuel Li\u00f1\u00e1n, Israel Galv\u00e1n, Farruquito e Marina Heredia, tra gli altri. Il <strong>3 ottobre<\/strong> ospiter\u00e0 inoltre <em>Perlas a Millares<\/em>, lo spettacolo che chiude la XXIV edizione.<\/p>\n<p><strong>Ideale per:<\/strong> chi vuole vedere le produzioni di maggiore formato e alcuni dei grandi nomi del cartellone.<\/p>\n<\/div><\/div><\/div><\/div><\/div><\/div><\/div><\/section><section class=\"l-section wpb_row height_huge\"><div class=\"l-section-h i-cf\"><div class=\"g-cols vc_row via_flex valign_top type_default stacking_default\"><div class=\"vc_col-sm-12 wpb_column vc_column_container\"><div class=\"vc_column-inner\"><div class=\"wpb_wrapper\"><div class=\"wpb_text_column\"><div class=\"wpb_wrapper\"><h2 id=\"como-elegir\">Quale spazio scegliere? L\u2019esperienza cambia completamente<\/h2>\n<p>Non esiste uno spazio universalmente \u201cmigliore\u201d. La scelta dipende pi\u00f9 dal tipo di esperienza che desideri vivere che da una gerarchia architettonica.<\/p>\n<div style=\"overflow-x: auto;\">\n<table>\n<thead>\n<tr>\n<th>Se cerchi&#8230;<\/th>\n<th>Scegli&#8230;<\/th>\n<\/tr>\n<\/thead>\n<tbody>\n<tr>\n<td>Lo scenario monumentale pi\u00f9 impressionante<\/td>\n<td><strong>Real Alc\u00e1zar<\/strong><\/td>\n<\/tr>\n<tr>\n<td>Intimit\u00e0, acustica e patrimonio barocco<\/td>\n<td><strong>San Luis de los Franceses<\/strong><\/td>\n<\/tr>\n<tr>\n<td>Un\u2019atmosfera flamenca di patio e quartiere<\/td>\n<td><strong>Hotel Triana<\/strong><\/td>\n<\/tr>\n<tr>\n<td>Architettura industriale e creazione contemporanea<\/td>\n<td><strong>Real F\u00e1brica de Artiller\u00eda<\/strong><\/td>\n<\/tr>\n<tr>\n<td>Una grande notte all\u2019aperto<\/td>\n<td><strong>Plaza de Toros de la Real Maestranza<\/strong><\/td>\n<\/tr>\n<tr>\n<td>Un teatro storico appena restaurato<\/td>\n<td><strong>Teatro Lope de Vega<\/strong><\/td>\n<\/tr>\n<tr>\n<td>Grandi produzioni e massima capacit\u00e0 scenica<\/td>\n<td><strong>Teatro de la Maestranza<\/strong><\/td>\n<\/tr>\n<\/tbody>\n<\/table>\n<\/div>\n<\/div><\/div><\/div><\/div><\/div><\/div><\/div><\/section><section class=\"l-section wpb_row height_huge color_alternate with_shape\"><div class=\"l-section-shape type_zigzag pos_top\" style=\"height:3vmin;\"><svg xmlns=\"http:\/\/www.w3.org\/2000\/svg\" viewBox=\"0 0 64 8\" preserveAspectRatio=\"none\" width=\"100%\" height=\"100%\">\r\n\t<path fill=\"currentColor\" d=\"M64 8 L0 8 L0 0 L20 7.9 L40 3 L48 5 L64 0 Z\"\/>\r\n<\/svg><\/div><div class=\"l-section-shape type_zigzag pos_bottom\" style=\"height:3vmin;\"><svg xmlns=\"http:\/\/www.w3.org\/2000\/svg\" viewBox=\"0 0 64 8\" preserveAspectRatio=\"none\" width=\"100%\" height=\"100%\">\r\n\t<path fill=\"currentColor\" d=\"M64 8 L0 8 L0 0 L20 7.9 L40 3 L48 5 L64 0 Z\"\/>\r\n<\/svg><\/div><div class=\"l-section-h i-cf\"><div class=\"g-cols vc_row via_flex valign_top type_default stacking_default\"><div class=\"vc_col-sm-6 wpb_column vc_column_container\"><div class=\"vc_column-inner\"><div class=\"wpb_wrapper\"><div class=\"wpb_text_column\"><div class=\"wpb_wrapper\"><h2 id=\"resto-espacios\">Gli altri spazi ufficiali della Biennale 2026<\/h2>\n<p>La selezione precedente non significa che le altre sedi siano secondarie. La Biennale utilizza anche spazi con funzioni artistiche molto definite:<\/p>\n<ul>\n<li><strong>Teatro Central:<\/strong> principale territorio per la creazione scenica e il flamenco d\u2019avanguardia.<\/li>\n<li><strong>Espacio Turina:<\/strong> particolarmente adatto alla chitarra, alla musica e ai recital di formato pi\u00f9 raccolto.<\/li>\n<li><strong>Teatro Alameda:<\/strong> ospita prime, giovani creatori e proposte di cante, baile e toque.<\/li>\n<li><strong>CaixaForum Sevilla:<\/strong> integra la programmazione per famiglie con <em>Tirititr\u00e1n<\/em>.<\/li>\n<\/ul>\n<p>Nel complesso, l\u2019organizzazione presenta la citt\u00e0 come un grande palcoscenico aperto in cui ogni spazio svolge una funzione diversa nel racconto dell\u2019edizione.<\/p>\n<\/div><\/div><\/div><\/div><\/div><div class=\"vc_col-sm-6 wpb_column vc_column_container\"><div class=\"vc_column-inner\"><div class=\"wpb_wrapper\"><div class=\"wpb_text_column\"><div class=\"wpb_wrapper\"><h2>Real Maestranza e Teatro de la Maestranza: non sono lo stesso luogo<\/h2>\n<p>\u00c8 una confusione piuttosto comune e nel 2026 conviene evitarla, perch\u00e9 entrambi gli spazi hanno una programmazione importante.<\/p>\n<p>La <strong>Plaza de Toros de la Real Maestranza de Caballer\u00eda<\/strong> \u00e8 lo storico spazio dell\u2019Arenal dove si tiene la gala <em>El mundo por montera<\/em> il 10 settembre.<\/p>\n<p>Il <strong>Teatro de la Maestranza<\/strong>, anch\u2019esso vicino al fiume ma in un edificio diverso, \u00e8 il grande teatro inaugurato nel 1991 dove si esibiscono Sara Baras, Jos\u00e9 Merc\u00e9, Israel Galv\u00e1n, Farruquito e altri artisti.<\/p>\n<p>Prima di assistere a uno spettacolo, controlla sempre il nome completo dello spazio indicato sul biglietto.<\/p>\n<\/div><\/div><\/div><\/div><\/div><\/div><\/div><\/section><section class=\"l-section wpb_row height_huge\"><div class=\"l-section-h i-cf\"><div class=\"g-cols vc_row via_flex valign_top type_default stacking_default\"><div class=\"vc_col-sm-12 wpb_column vc_column_container\"><div class=\"vc_column-inner\"><div class=\"wpb_wrapper\"><div class=\"wpb_text_column\"><div class=\"wpb_wrapper\"><h2 id=\"consejos\">Consigli pratici per scoprire la Biennale attraverso i suoi spazi<\/h2>\n<ul>\n<li><strong>Non scegliere soltanto in base all\u2019artista.<\/strong> In questa edizione alcuni progetti sono stati concepiti appositamente per dialogare con lo spazio.<\/li>\n<li><strong>Controlla se lo spettacolo \u00e8 al chiuso o all\u2019aperto.<\/strong> Real Alc\u00e1zar, Hotel Triana e Plaza de Toros offrono un\u2019esperienza molto diversa da quella dei teatri al chiuso.<\/li>\n<li><strong>Calcola gli spostamenti.<\/strong> Anche se molti spazi si trovano in centro o relativamente vicini, la Biennale si distribuisce tra Arenal, Triana, San Bernardo, Cartuja, Macarena e altri punti della citt\u00e0.<\/li>\n<li><strong>Controlla l\u2019accesso esatto.<\/strong> Negli edifici monumentali l\u2019ingresso per uno spettacolo pu\u00f2 non coincidere con quello della normale visita turistica.<\/li>\n<li><strong>Arriva con anticipo.<\/strong> Soprattutto nelle serate di prima, nelle grandi galas e negli spazi patrimoniali.<\/li>\n<li><strong>Combina i formati.<\/strong> Uno dei modi migliori per comprendere l\u2019edizione \u00e8 assistere a una matin\u00e9e, a un recital in un monumento e a una grande produzione teatrale.<\/li>\n<\/ul>\n<p>Se resterai diversi giorni a Siviglia, la nostra guida su <a href=\"https:\/\/www.tablaosflamencos.com\/primer-fin-semana-bienal-flamenco-sevilla-2026.html\"><strong>cosa vedere nel primo fine settimana della Biennale 2026<\/strong><\/a> pu\u00f2 aiutarti a costruire un itinerario completo.<\/p>\n<\/div><\/div><div class=\"w-separator size_medium\"><\/div><div class=\"w-hwrapper valign_top wrap stack_on_mobiles align_center\" style=\"--hwrapper-gap:1.2rem\"><div class=\"w-btn-wrapper align_none\"><a class=\"w-btn us-btn-style_1\" href=\"https:\/\/www.tablaosflamencos.com\/it\/biennale-flamenco-siviglia-2026.html\"><span class=\"w-btn-label\">Programma e guida completa<\/span><\/a><\/div><div class=\"w-btn-wrapper align_none\"><a class=\"w-btn us-btn-style_1\" href=\"https:\/\/www.tablaosflamencos.com\/it\/flamenco-a-siviglia\"><span class=\"w-btn-label\">Vedere flamenco a Siviglia<\/span><\/a><\/div><\/div><\/div><\/div><\/div><\/div><\/div><\/section><section class=\"l-section wpb_row height_huge color_alternate with_shape\"><div class=\"l-section-shape type_zigzag pos_top\" style=\"height:3vmin;\"><svg xmlns=\"http:\/\/www.w3.org\/2000\/svg\" viewBox=\"0 0 64 8\" preserveAspectRatio=\"none\" width=\"100%\" height=\"100%\">\r\n\t<path fill=\"currentColor\" d=\"M64 8 L0 8 L0 0 L20 7.9 L40 3 L48 5 L64 0 Z\"\/>\r\n<\/svg><\/div><div class=\"l-section-shape type_zigzag pos_bottom\" style=\"height:3vmin;\"><svg xmlns=\"http:\/\/www.w3.org\/2000\/svg\" viewBox=\"0 0 64 8\" preserveAspectRatio=\"none\" width=\"100%\" height=\"100%\">\r\n\t<path fill=\"currentColor\" d=\"M64 8 L0 8 L0 0 L20 7.9 L40 3 L48 5 L64 0 Z\"\/>\r\n<\/svg><\/div><div class=\"l-section-h i-cf\"><div class=\"g-cols vc_row via_flex valign_top type_default stacking_default\"><div class=\"vc_col-sm-12 wpb_column vc_column_container\"><div class=\"vc_column-inner\"><div class=\"wpb_wrapper\"><div class=\"wpb_text_column\"><div class=\"wpb_wrapper\"><h2 id=\"por-que-importan\" style=\"text-align: center;\">La Biennale si ricorda anche per i luoghi in cui \u00e8 accaduta<\/h2>\n<p style=\"text-align: center;\">Un grande festival potrebbe limitarsi a ingaggiare artisti e distribuirli nei teatri. La Biennale di Siviglia fa qualcosa di pi\u00f9 interessante: utilizza la citt\u00e0 stessa come parte del linguaggio del festival.<\/p>\n<p style=\"text-align: center;\">Nel 2026 questa idea emerge con particolare chiarezza. Il ritorno del Lope de Vega dopo il restauro, il recupero dell\u2019Hotel Triana, l\u2019uso creativo della Real F\u00e1brica de Artiller\u00eda, le matin\u00e9e barocche di San Luis, le notti dell\u2019Alc\u00e1zar e la grande gala nella Plaza de Toros costruiscono una geografia flamenca che pu\u00f2 esistere soltanto a Siviglia.<\/p>\n<p style=\"text-align: center;\">Per questo, quando due spettacoli ti interessano allo stesso modo, guarda anche lo spazio. Alla Biennale, a volte <strong>lo spazio \u00e8 l\u2019artista che non compare sul cartellone<\/strong>.<\/p>\n<\/div><\/div><\/div><\/div><\/div><\/div><\/div><\/section><section class=\"l-section wpb_row height_huge\"><div class=\"l-section-h i-cf\"><div class=\"g-cols vc_row via_flex valign_top type_default stacking_default\"><div class=\"vc_col-sm-12 wpb_column vc_column_container\"><div class=\"vc_column-inner\"><div class=\"wpb_wrapper\"><div class=\"wpb_text_column\"><div class=\"wpb_wrapper\"><h2 id=\"fuentes\">Fonti e aggiornamento<\/h2>\n<p>Per preparare questa guida abbiamo confrontato l\u2019 <a href=\"https:\/\/www.labienal.com\/espacios\" target=\"_blank\" rel=\"noopener\"><strong>elenco ufficiale degli spazi della XXIV Biennale<\/strong><\/a>, la <a href=\"https:\/\/www.labienal.com\/programa-general\/programacion-por-espacios\" target=\"_blank\" rel=\"noopener\"><strong>programmazione ufficiale per spazi<\/strong><\/a> e le informazioni sul patrimonio pubblicate dal Comune di Siviglia, ICAS, Real Alc\u00e1zar, Real Maestranza e Teatro de la Maestranza.<\/p>\n<p><strong>Informazioni verificate il 1 settembre 2026.<\/strong> Date, orari, accessi e disponibilit\u00e0 possono essere modificati dagli organizzatori.<\/p>\n<\/div><\/div><\/div><\/div><\/div><\/div><\/div><\/section><section class=\"l-section wpb_row height_huge\"><div class=\"l-section-h i-cf\"><div class=\"g-cols vc_row via_flex valign_top type_default stacking_default\"><div class=\"vc_col-sm-1\/5 wpb_column vc_column_container\"><div class=\"vc_column-inner\"><div class=\"wpb_wrapper\"><\/div><\/div><\/div><div class=\"vc_col-sm-3\/5 wpb_column vc_column_container\"><div class=\"vc_column-inner\"><div class=\"wpb_wrapper\"><div class=\"wpb_text_column\"><div class=\"wpb_wrapper\"><h2 id=\"faq\" style=\"text-align: center;\">Domande frequenti sugli spazi della Biennale di Flamenco di Siviglia 2026<\/h2>\n<\/div><\/div><div class=\"w-separator size_medium\"><\/div><div class=\"w-tabs accordion toggle_style_1 has_scrolling\" style=\"--sections-title-size:inherit;--sections-gap:0.5rem;\"><div class=\"w-tabs-sections titles-align_none icon_chevron cpos_right\"><div class=\"w-tabs-section\" id=\"bbb0\"><button type=\"button\" class=\"w-tabs-section-header\" aria-controls=\"content-bbb0\" aria-expanded=\"false\"><div class=\"w-tabs-section-title\">Quanti spazi ha la Biennale di Flamenco di Siviglia 2026?<\/div><div class=\"w-tabs-section-control\"><\/div><\/button><div  class=\"w-tabs-section-content\" id=\"content-bbb0\"><div class=\"w-tabs-section-content-h i-cf\"><div class=\"wpb_text_column\"><div class=\"wpb_wrapper\"><p>La programmazione della XXIV Biennale si distribuisce in <strong>11 spazi<\/strong> di Siviglia, tra teatri, monumenti, cortili storici e centri culturali.<\/p>\n<\/div><\/div><\/div><\/div><\/div><div class=\"w-tabs-section\" id=\"ccc7\"><button type=\"button\" class=\"w-tabs-section-header\" aria-controls=\"content-ccc7\" aria-expanded=\"false\"><div class=\"w-tabs-section-title\">Qual \u00e8 lo spazio pi\u00f9 monumentale della Biennale 2026?<\/div><div class=\"w-tabs-section-control\"><\/div><\/button><div  class=\"w-tabs-section-content\" id=\"content-ccc7\"><div class=\"w-tabs-section-content-h i-cf\"><div class=\"wpb_text_column\"><div class=\"wpb_wrapper\"><p>Il <strong>Patio de la Monter\u00eda del Real Alc\u00e1zar<\/strong> \u00e8 probabilmente lo scenario monumentale pi\u00f9 eccezionale per il suo contesto storico e per gli spettacoli all\u2019aperto davanti al Palazzo Mud\u00e9jar.<\/p>\n<\/div><\/div><\/div><\/div><\/div><div class=\"w-tabs-section\" id=\"qdaf\"><button type=\"button\" class=\"w-tabs-section-header\" aria-controls=\"content-qdaf\" aria-expanded=\"false\"><div class=\"w-tabs-section-title\">Dove si tengono le Matin\u00e9e Uniche?<\/div><div class=\"w-tabs-section-control\"><\/div><\/button><div  class=\"w-tabs-section-content\" id=\"content-qdaf\"><div class=\"w-tabs-section-content-h i-cf\"><div class=\"wpb_text_column\"><div class=\"wpb_wrapper\"><p>Le sei Matin\u00e9e Uniche si tengono nella <strong>Chiesa di San Luis de los Franceses<\/strong> il 12, 13, 19, 20, 26 e 27 settembre, sempre alle 12:00.<\/p>\n<\/div><\/div><\/div><\/div><\/div><div class=\"w-tabs-section\" id=\"ie83\"><button type=\"button\" class=\"w-tabs-section-header\" aria-controls=\"content-ie83\" aria-expanded=\"false\"><div class=\"w-tabs-section-title\">Che cos\u2019\u00e8 l\u2019Hotel Triana?<\/div><div class=\"w-tabs-section-control\"><\/div><\/button><div  class=\"w-tabs-section-content\" id=\"content-ie83\"><div class=\"w-tabs-section-content-h i-cf\"><div class=\"wpb_text_column\"><div class=\"wpb_wrapper\"><p>\u00c8 un edificio costruito per l\u2019Esposizione Iberoamericana del 1929 che non funzion\u00f2 mai come hotel e fu trasformato in un <strong>tradizionale cortile residenziale comunitario<\/strong>. Il suo patio \u00e8 uno degli spazi con pi\u00f9 personalit\u00e0 e memoria flamenca della Biennale.<\/p>\n<\/div><\/div><\/div><\/div><\/div><div class=\"w-tabs-section\" id=\"mf55\"><button type=\"button\" class=\"w-tabs-section-header\" aria-controls=\"content-mf55\" aria-expanded=\"false\"><div class=\"w-tabs-section-title\">Quando riapre il Teatro Lope de Vega?<\/div><div class=\"w-tabs-section-control\"><\/div><\/button><div  class=\"w-tabs-section-content\" id=\"content-mf55\"><div class=\"w-tabs-section-content-h i-cf\"><div class=\"wpb_text_column\"><div class=\"wpb_wrapper\"><p>Il Lope de Vega riapre al pubblico in occasione della Biennale 2026 dopo un restauro integrale. Il primo spettacolo della Biennale sul suo palcoscenico sar\u00e0 <em>Fractal Arcano<\/em>, di Dorantes, il <strong>12 settembre<\/strong>.<\/p>\n<\/div><\/div><\/div><\/div><\/div><div class=\"w-tabs-section\" id=\"s027\"><button type=\"button\" class=\"w-tabs-section-header\" aria-controls=\"content-s027\" aria-expanded=\"false\"><div class=\"w-tabs-section-title\">La Plaza de Toros e il Teatro de la Maestranza sono lo stesso spazio?<\/div><div class=\"w-tabs-section-control\"><\/div><\/button><div  class=\"w-tabs-section-content\" id=\"content-s027\"><div class=\"w-tabs-section-content-h i-cf\"><div class=\"wpb_text_column\"><div class=\"wpb_wrapper\"><p>No. Sono due edifici diversi. La <strong>Plaza de Toros de la Real Maestranza<\/strong> ospita la grande gala del 10 settembre; il <strong>Teatro de la Maestranza<\/strong> ospita Sara Baras, Israel Galv\u00e1n, Jos\u00e9 Merc\u00e9, Farruquito e altre grandi produzioni.<\/p>\n<\/div><\/div><\/div><\/div><\/div><div class=\"w-tabs-section\" id=\"t128\"><button type=\"button\" class=\"w-tabs-section-header\" aria-controls=\"content-t128\" aria-expanded=\"false\"><div class=\"w-tabs-section-title\">Qual \u00e8 lo spazio migliore per vedere flamenco d\u2019avanguardia?<\/div><div class=\"w-tabs-section-control\"><\/div><\/button><div  class=\"w-tabs-section-content\" id=\"content-t128\"><div class=\"w-tabs-section-content-h i-cf\"><div class=\"wpb_text_column\"><div class=\"wpb_wrapper\"><p>La <strong>Real F\u00e1brica de Artiller\u00eda<\/strong> e il <strong>Teatro Central<\/strong> sono due degli spazi pi\u00f9 legati alla ricerca e ai linguaggi contemporanei nella programmazione 2026.<\/p>\n<\/div><\/div><\/div><\/div><\/div><div class=\"w-tabs-section\" id=\"y202\"><button type=\"button\" class=\"w-tabs-section-header\" aria-controls=\"content-y202\" aria-expanded=\"false\"><div class=\"w-tabs-section-title\">Dove posso consultare la programmazione per spazi?<\/div><div class=\"w-tabs-section-control\"><\/div><\/button><div  class=\"w-tabs-section-content\" id=\"content-y202\"><div class=\"w-tabs-section-content-h i-cf\"><div class=\"wpb_text_column\"><div class=\"wpb_wrapper\"><p>Il sito ufficiale della Biennale dispone di una sezione dedicata alla <strong>programmazione per spazi<\/strong>. Puoi anche utilizzare la nostra guida completa alla Biennale di Flamenco di Siviglia 2026 per organizzare la visita.<\/p>\n<\/div><\/div><\/div><\/div><\/div><\/div><\/div><\/div><\/div><\/div><div class=\"vc_col-sm-1\/5 wpb_column vc_column_container\"><div class=\"vc_column-inner\"><div class=\"wpb_wrapper\"><\/div><\/div><\/div><\/div><\/div><\/section>\n","protected":false},"excerpt":{"rendered":"<p>Scopri gli spazi pi\u00f9 spettacolari della Biennale di Flamenco di Siviglia 2026: Real Alc\u00e1zar, Maestranza, San Luis, Hotel Triana, Artiller\u00eda e altro.<\/p>\n","protected":false},"author":1,"featured_media":13957,"comment_status":"closed","ping_status":"closed","sticky":false,"template":"","format":"standard","meta":{"_acf_changed":false,"wpai_generated_summary":"","_ayudawp_aiss_exclude":false,"_ayudawp_aiss_exclude_summary":false,"_ayudawp_aiss_summary":"","_ayudawp_aiss_summary_provider":"","_ayudawp_aiss_summary_hash":"","footnotes":""},"categories":[1429],"tags":[1249,1250,1251,1870,1864,1252,1177,1253],"class_list":["post-14011","post","type-post","status-publish","format-standard","has-post-thumbnail","hentry","category-biennale-di-flamenco","tag-agenda-flamenca","tag-bienal-2026","tag-bienal-de-flamenco","tag-cosa-vedere-a-siviglia","tag-cose-da-fare-a-siviglia","tag-festivales-flamencos","tag-flamenco-en-sevilla","tag-sevilla"],"acf":[],"yoast_head":"<!-- This site is optimized with the Yoast SEO Premium plugin v28.4 (Yoast SEO v28.4) - https:\/\/yoast.com\/product\/yoast-seo-premium-wordpress\/ -->\n<title>Spazi della Biennale di Flamenco di Siviglia 2026<\/title>\n<meta name=\"description\" content=\"Scopri gli spazi pi\u00f9 spettacolari della Biennale di Flamenco di Siviglia 2026: Real Alc\u00e1zar, Maestranza, San Luis, Hotel Triana, Artiller\u00eda e altro.\" \/>\n<meta name=\"robots\" content=\"index, follow, max-snippet:-1, max-image-preview:large, max-video-preview:-1\" \/>\n<link rel=\"canonical\" href=\"https:\/\/www.tablaosflamencos.com\/it\/spazi-spettacolari-biennale-flamenco-siviglia-2026.html\" \/>\n<meta property=\"og:locale\" content=\"it_IT\" \/>\n<meta property=\"og:type\" content=\"article\" \/>\n<meta property=\"og:title\" content=\"Gli spazi pi\u00f9 spettacolari della Biennale di Flamenco di Siviglia 2026\" \/>\n<meta property=\"og:description\" content=\"Scopri gli spazi pi\u00f9 spettacolari della Biennale di Flamenco di Siviglia 2026: Real Alc\u00e1zar, Maestranza, San Luis, Hotel Triana, Artiller\u00eda e altro.\" \/>\n<meta property=\"og:url\" content=\"https:\/\/www.tablaosflamencos.com\/it\/spazi-spettacolari-biennale-flamenco-siviglia-2026.html\" \/>\n<meta property=\"og:site_name\" content=\"Tablaos Flamencos\" \/>\n<meta property=\"article:publisher\" content=\"https:\/\/www.facebook.com\/tablaosflamencos\" \/>\n<meta property=\"article:published_time\" content=\"2026-09-01T22:28:39+00:00\" \/>\n<meta property=\"article:modified_time\" content=\"2026-09-01T22:56:37+00:00\" \/>\n<meta property=\"og:image\" content=\"https:\/\/www.tablaosflamencos.com\/wp-content\/uploads\/los-espacios-mas-espectaculares-de-la-bienal-de-flamenco-de-sevilla-2026-01.webp\" \/>\n\t<meta property=\"og:image:width\" content=\"1920\" \/>\n\t<meta property=\"og:image:height\" content=\"1072\" \/>\n\t<meta property=\"og:image:type\" content=\"image\/webp\" \/>\n<meta name=\"author\" content=\"Miguel Ortiz\" \/>\n<meta name=\"twitter:card\" content=\"summary_large_image\" \/>\n<meta name=\"twitter:creator\" content=\"@tablaosflamenco\" \/>\n<meta name=\"twitter:site\" content=\"@tablaosflamenco\" \/>\n<meta name=\"twitter:label1\" content=\"Scritto da\" \/>\n\t<meta name=\"twitter:data1\" content=\"Miguel Ortiz\" \/>\n\t<meta name=\"twitter:label2\" content=\"Tempo di lettura stimato\" \/>\n\t<meta name=\"twitter:data2\" content=\"19 minuti\" \/>\n<script type=\"application\/ld+json\" class=\"yoast-schema-graph\">{\"@context\":\"https:\\\/\\\/schema.org\",\"@graph\":[{\"@type\":\"Article\",\"@id\":\"https:\\\/\\\/www.tablaosflamencos.com\\\/it\\\/spazi-spettacolari-biennale-flamenco-siviglia-2026.html#article\",\"isPartOf\":{\"@id\":\"https:\\\/\\\/www.tablaosflamencos.com\\\/it\\\/spazi-spettacolari-biennale-flamenco-siviglia-2026.html\"},\"author\":{\"name\":\"Miguel Ortiz\",\"@id\":\"https:\\\/\\\/www.tablaosflamencos.com\\\/it#\\\/schema\\\/person\\\/e7a9ebe14eb75a52ceabfbffb3c54f5d\"},\"headline\":\"Gli spazi pi\u00f9 spettacolari della Biennale di Flamenco di Siviglia 2026\",\"datePublished\":\"2026-09-01T22:28:39+00:00\",\"dateModified\":\"2026-09-01T22:56:37+00:00\",\"mainEntityOfPage\":{\"@id\":\"https:\\\/\\\/www.tablaosflamencos.com\\\/it\\\/spazi-spettacolari-biennale-flamenco-siviglia-2026.html\"},\"wordCount\":3870,\"publisher\":{\"@id\":\"https:\\\/\\\/www.tablaosflamencos.com\\\/it#organization\"},\"image\":{\"@id\":\"https:\\\/\\\/www.tablaosflamencos.com\\\/it\\\/spazi-spettacolari-biennale-flamenco-siviglia-2026.html#primaryimage\"},\"thumbnailUrl\":\"https:\\\/\\\/www.tablaosflamencos.com\\\/wp-content\\\/uploads\\\/los-espacios-mas-espectaculares-de-la-bienal-de-flamenco-de-sevilla-2026-01.webp\",\"keywords\":[\"agenda flamenca\",\"Bienal 2026\",\"Bienal de Flamenco\",\"cosa vedere a Siviglia\",\"cose da fare a Siviglia\",\"festivales flamencos\",\"flamenco en Sevilla\",\"sevilla\"],\"articleSection\":[\"Biennale di Flamenco\"],\"inLanguage\":\"it-IT\"},{\"@type\":\"WebPage\",\"@id\":\"https:\\\/\\\/www.tablaosflamencos.com\\\/it\\\/spazi-spettacolari-biennale-flamenco-siviglia-2026.html\",\"url\":\"https:\\\/\\\/www.tablaosflamencos.com\\\/it\\\/spazi-spettacolari-biennale-flamenco-siviglia-2026.html\",\"name\":\"Spazi della Biennale di Flamenco di Siviglia 2026\",\"isPartOf\":{\"@id\":\"https:\\\/\\\/www.tablaosflamencos.com\\\/it#website\"},\"primaryImageOfPage\":{\"@id\":\"https:\\\/\\\/www.tablaosflamencos.com\\\/it\\\/spazi-spettacolari-biennale-flamenco-siviglia-2026.html#primaryimage\"},\"image\":{\"@id\":\"https:\\\/\\\/www.tablaosflamencos.com\\\/it\\\/spazi-spettacolari-biennale-flamenco-siviglia-2026.html#primaryimage\"},\"thumbnailUrl\":\"https:\\\/\\\/www.tablaosflamencos.com\\\/wp-content\\\/uploads\\\/los-espacios-mas-espectaculares-de-la-bienal-de-flamenco-de-sevilla-2026-01.webp\",\"datePublished\":\"2026-09-01T22:28:39+00:00\",\"dateModified\":\"2026-09-01T22:56:37+00:00\",\"description\":\"Scopri gli spazi pi\u00f9 spettacolari della Biennale di Flamenco di Siviglia 2026: Real Alc\u00e1zar, Maestranza, San Luis, Hotel Triana, Artiller\u00eda e altro.\",\"breadcrumb\":{\"@id\":\"https:\\\/\\\/www.tablaosflamencos.com\\\/it\\\/spazi-spettacolari-biennale-flamenco-siviglia-2026.html#breadcrumb\"},\"inLanguage\":\"it-IT\",\"potentialAction\":[{\"@type\":\"ReadAction\",\"target\":[\"https:\\\/\\\/www.tablaosflamencos.com\\\/it\\\/spazi-spettacolari-biennale-flamenco-siviglia-2026.html\"]}]},{\"@type\":\"ImageObject\",\"inLanguage\":\"it-IT\",\"@id\":\"https:\\\/\\\/www.tablaosflamencos.com\\\/it\\\/spazi-spettacolari-biennale-flamenco-siviglia-2026.html#primaryimage\",\"url\":\"https:\\\/\\\/www.tablaosflamencos.com\\\/wp-content\\\/uploads\\\/los-espacios-mas-espectaculares-de-la-bienal-de-flamenco-de-sevilla-2026-01.webp\",\"contentUrl\":\"https:\\\/\\\/www.tablaosflamencos.com\\\/wp-content\\\/uploads\\\/los-espacios-mas-espectaculares-de-la-bienal-de-flamenco-de-sevilla-2026-01.webp\",\"width\":1920,\"height\":1072,\"caption\":\"Los espacios m\u00e1s espectaculares de la Bienal de Flamenco de Sevilla 2026\"},{\"@type\":\"BreadcrumbList\",\"@id\":\"https:\\\/\\\/www.tablaosflamencos.com\\\/it\\\/spazi-spettacolari-biennale-flamenco-siviglia-2026.html#breadcrumb\",\"itemListElement\":[{\"@type\":\"ListItem\",\"position\":1,\"name\":\"Home\",\"item\":\"https:\\\/\\\/www.tablaosflamencos.com\\\/it\"},{\"@type\":\"ListItem\",\"position\":2,\"name\":\"Gli spazi pi\u00f9 spettacolari della Biennale di Flamenco di Siviglia 2026\"}]},{\"@type\":\"WebSite\",\"@id\":\"https:\\\/\\\/www.tablaosflamencos.com\\\/it#website\",\"url\":\"https:\\\/\\\/www.tablaosflamencos.com\\\/it\",\"name\":\"Tablaos Flamencos\",\"description\":\"Entradas para tablaos flamencos de Espa\u00f1a\",\"publisher\":{\"@id\":\"https:\\\/\\\/www.tablaosflamencos.com\\\/it#organization\"},\"alternateName\":\"Tablaos Flamencos\",\"potentialAction\":[{\"@type\":\"SearchAction\",\"target\":{\"@type\":\"EntryPoint\",\"urlTemplate\":\"https:\\\/\\\/www.tablaosflamencos.com\\\/it?s={search_term_string}\"},\"query-input\":{\"@type\":\"PropertyValueSpecification\",\"valueRequired\":true,\"valueName\":\"search_term_string\"}}],\"inLanguage\":\"it-IT\"},{\"@type\":[\"Organization\",\"Place\",\"EntertainmentBusiness\"],\"@id\":\"https:\\\/\\\/www.tablaosflamencos.com\\\/it#organization\",\"name\":\"Tablaos Flamencos\",\"alternateName\":\"Tablaos Flamencos\",\"url\":\"https:\\\/\\\/www.tablaosflamencos.com\\\/it\",\"logo\":{\"@id\":\"https:\\\/\\\/www.tablaosflamencos.com\\\/it\\\/spazi-spettacolari-biennale-flamenco-siviglia-2026.html#local-main-organization-logo\"},\"image\":{\"@id\":\"https:\\\/\\\/www.tablaosflamencos.com\\\/it\\\/spazi-spettacolari-biennale-flamenco-siviglia-2026.html#local-main-organization-logo\"},\"sameAs\":[\"https:\\\/\\\/www.facebook.com\\\/tablaosflamencos\",\"https:\\\/\\\/x.com\\\/tablaosflamenco\",\"https:\\\/\\\/mastodon.social\\\/@tablaosflamencos\",\"https:\\\/\\\/www.instagram.com\\\/tablaosflamencos\",\"https:\\\/\\\/tiktok.com\\\/@tablaosflamencos\",\"https:\\\/\\\/www.linkedin.com\\\/company\\\/109408238\\\/\"],\"description\":\"Venta de entradas para espect\u00e1culos flamencos\",\"legalName\":\"Tablaos Flamencos\",\"foundingDate\":\"2015-01-01\",\"numberOfEmployees\":{\"@type\":\"QuantitativeValue\",\"minValue\":\"1\",\"maxValue\":\"10\"},\"address\":{\"@id\":\"https:\\\/\\\/www.tablaosflamencos.com\\\/it\\\/spazi-spettacolari-biennale-flamenco-siviglia-2026.html#local-main-place-address\"},\"geo\":{\"@type\":\"GeoCoordinates\",\"latitude\":\"37.3868072\",\"longitude\":\"-5.993280299999999\"},\"telephone\":[\"+34623787787\"],\"contactPoint\":{\"@type\":\"ContactPoint\",\"telephone\":\"+34623787787\",\"email\":\"info@tablaosflamencos.com\"},\"openingHoursSpecification\":{\"@type\":\"OpeningHoursSpecification\",\"dayOfWeek\":[\"Monday\",\"Tuesday\",\"Wednesday\",\"Thursday\",\"Friday\",\"Saturday\",\"Sunday\"],\"opens\":\"00:00\",\"closes\":\"23:59\"},\"email\":\"info@tablaosflamencos.com\",\"priceRange\":\"$$$\",\"currenciesAccepted\":\"\u20ac\"},{\"@type\":\"Person\",\"@id\":\"https:\\\/\\\/www.tablaosflamencos.com\\\/it#\\\/schema\\\/person\\\/e7a9ebe14eb75a52ceabfbffb3c54f5d\",\"name\":\"Miguel Ortiz\",\"description\":\"Miguel Ortiz es un empresario flamenco, con una s\u00f3lida trayectoria dentro del sector. Ha presidido entidades culturales vinculadas al flamenco y, cuenta con un amplio recorrido profesional en la gesti\u00f3n y promoci\u00f3n de espect\u00e1culos y tablaos flamencos. Su pasi\u00f3n por la historia y el arte flamenco se refleja en cada art\u00edculo, donde combina experiencia, criterio y un profundo respeto por la tradici\u00f3n.\",\"sameAs\":[\"https:\\\/\\\/www.tablaosflamencos.com\",\"https:\\\/\\\/www.instagra.com\\\/miguelortizfe\",\"https:\\\/\\\/www.linkedin.com\\\/in\\\/miguelortizf\\\/\"],\"birthDate\":\"1984-11-22\",\"gender\":\"hombre\",\"knowsLanguage\":[\"espa\u00f1ol\",\"ingl\u00e9s\"],\"jobTitle\":\"Empresario flamenco\"},{\"@type\":\"PostalAddress\",\"@id\":\"https:\\\/\\\/www.tablaosflamencos.com\\\/it\\\/spazi-spettacolari-biennale-flamenco-siviglia-2026.html#local-main-place-address\",\"streetAddress\":\"C\\\/ Alemanes, 19\",\"addressLocality\":\"Sevilla\",\"postalCode\":\"41004\",\"addressRegion\":\"Sevilla\",\"addressCountry\":\"ES\"},{\"@type\":\"ImageObject\",\"inLanguage\":\"it-IT\",\"@id\":\"https:\\\/\\\/www.tablaosflamencos.com\\\/it\\\/spazi-spettacolari-biennale-flamenco-siviglia-2026.html#local-main-organization-logo\",\"url\":\"https:\\\/\\\/www.tablaosflamencos.com\\\/wp-content\\\/uploads\\\/tablaos-flamencos-06-3.webp\",\"contentUrl\":\"https:\\\/\\\/www.tablaosflamencos.com\\\/wp-content\\\/uploads\\\/tablaos-flamencos-06-3.webp\",\"width\":600,\"height\":620,\"caption\":\"Tablaos Flamencos\"}]}<\/script>\n<meta name=\"geo.placename\" content=\"Sevilla\" \/>\n<meta name=\"geo.position\" content=\"37.3868072;-5.993280299999999\" \/>\n<meta name=\"geo.region\" content=\"Spagna\" \/>\n<!-- \/ Yoast SEO Premium plugin. -->","yoast_head_json":{"title":"Spazi della Biennale di Flamenco di Siviglia 2026","description":"Scopri gli spazi pi\u00f9 spettacolari della Biennale di Flamenco di Siviglia 2026: Real Alc\u00e1zar, Maestranza, San Luis, Hotel Triana, Artiller\u00eda e altro.","robots":{"index":"index","follow":"follow","max-snippet":"max-snippet:-1","max-image-preview":"max-image-preview:large","max-video-preview":"max-video-preview:-1"},"canonical":"https:\/\/www.tablaosflamencos.com\/it\/spazi-spettacolari-biennale-flamenco-siviglia-2026.html","og_locale":"it_IT","og_type":"article","og_title":"Gli spazi pi\u00f9 spettacolari della Biennale di Flamenco di Siviglia 2026","og_description":"Scopri gli spazi pi\u00f9 spettacolari della Biennale di Flamenco di Siviglia 2026: Real Alc\u00e1zar, Maestranza, San Luis, Hotel Triana, Artiller\u00eda e altro.","og_url":"https:\/\/www.tablaosflamencos.com\/it\/spazi-spettacolari-biennale-flamenco-siviglia-2026.html","og_site_name":"Tablaos Flamencos","article_publisher":"https:\/\/www.facebook.com\/tablaosflamencos","article_published_time":"2026-09-01T22:28:39+00:00","article_modified_time":"2026-09-01T22:56:37+00:00","og_image":[{"width":1920,"height":1072,"url":"https:\/\/www.tablaosflamencos.com\/wp-content\/uploads\/los-espacios-mas-espectaculares-de-la-bienal-de-flamenco-de-sevilla-2026-01.webp","type":"image\/webp"}],"author":"Miguel Ortiz","twitter_card":"summary_large_image","twitter_creator":"@tablaosflamenco","twitter_site":"@tablaosflamenco","twitter_misc":{"Scritto da":"Miguel Ortiz","Tempo di lettura stimato":"19 minuti"},"schema":{"@context":"https:\/\/schema.org","@graph":[{"@type":"Article","@id":"https:\/\/www.tablaosflamencos.com\/it\/spazi-spettacolari-biennale-flamenco-siviglia-2026.html#article","isPartOf":{"@id":"https:\/\/www.tablaosflamencos.com\/it\/spazi-spettacolari-biennale-flamenco-siviglia-2026.html"},"author":{"name":"Miguel Ortiz","@id":"https:\/\/www.tablaosflamencos.com\/it#\/schema\/person\/e7a9ebe14eb75a52ceabfbffb3c54f5d"},"headline":"Gli spazi pi\u00f9 spettacolari della Biennale di Flamenco di Siviglia 2026","datePublished":"2026-09-01T22:28:39+00:00","dateModified":"2026-09-01T22:56:37+00:00","mainEntityOfPage":{"@id":"https:\/\/www.tablaosflamencos.com\/it\/spazi-spettacolari-biennale-flamenco-siviglia-2026.html"},"wordCount":3870,"publisher":{"@id":"https:\/\/www.tablaosflamencos.com\/it#organization"},"image":{"@id":"https:\/\/www.tablaosflamencos.com\/it\/spazi-spettacolari-biennale-flamenco-siviglia-2026.html#primaryimage"},"thumbnailUrl":"https:\/\/www.tablaosflamencos.com\/wp-content\/uploads\/los-espacios-mas-espectaculares-de-la-bienal-de-flamenco-de-sevilla-2026-01.webp","keywords":["agenda flamenca","Bienal 2026","Bienal de Flamenco","cosa vedere a Siviglia","cose da fare a Siviglia","festivales flamencos","flamenco en Sevilla","sevilla"],"articleSection":["Biennale di Flamenco"],"inLanguage":"it-IT"},{"@type":"WebPage","@id":"https:\/\/www.tablaosflamencos.com\/it\/spazi-spettacolari-biennale-flamenco-siviglia-2026.html","url":"https:\/\/www.tablaosflamencos.com\/it\/spazi-spettacolari-biennale-flamenco-siviglia-2026.html","name":"Spazi della Biennale di Flamenco di Siviglia 2026","isPartOf":{"@id":"https:\/\/www.tablaosflamencos.com\/it#website"},"primaryImageOfPage":{"@id":"https:\/\/www.tablaosflamencos.com\/it\/spazi-spettacolari-biennale-flamenco-siviglia-2026.html#primaryimage"},"image":{"@id":"https:\/\/www.tablaosflamencos.com\/it\/spazi-spettacolari-biennale-flamenco-siviglia-2026.html#primaryimage"},"thumbnailUrl":"https:\/\/www.tablaosflamencos.com\/wp-content\/uploads\/los-espacios-mas-espectaculares-de-la-bienal-de-flamenco-de-sevilla-2026-01.webp","datePublished":"2026-09-01T22:28:39+00:00","dateModified":"2026-09-01T22:56:37+00:00","description":"Scopri gli spazi pi\u00f9 spettacolari della Biennale di Flamenco di Siviglia 2026: Real Alc\u00e1zar, Maestranza, San Luis, Hotel Triana, Artiller\u00eda e altro.","breadcrumb":{"@id":"https:\/\/www.tablaosflamencos.com\/it\/spazi-spettacolari-biennale-flamenco-siviglia-2026.html#breadcrumb"},"inLanguage":"it-IT","potentialAction":[{"@type":"ReadAction","target":["https:\/\/www.tablaosflamencos.com\/it\/spazi-spettacolari-biennale-flamenco-siviglia-2026.html"]}]},{"@type":"ImageObject","inLanguage":"it-IT","@id":"https:\/\/www.tablaosflamencos.com\/it\/spazi-spettacolari-biennale-flamenco-siviglia-2026.html#primaryimage","url":"https:\/\/www.tablaosflamencos.com\/wp-content\/uploads\/los-espacios-mas-espectaculares-de-la-bienal-de-flamenco-de-sevilla-2026-01.webp","contentUrl":"https:\/\/www.tablaosflamencos.com\/wp-content\/uploads\/los-espacios-mas-espectaculares-de-la-bienal-de-flamenco-de-sevilla-2026-01.webp","width":1920,"height":1072,"caption":"Los espacios m\u00e1s espectaculares de la Bienal de Flamenco de Sevilla 2026"},{"@type":"BreadcrumbList","@id":"https:\/\/www.tablaosflamencos.com\/it\/spazi-spettacolari-biennale-flamenco-siviglia-2026.html#breadcrumb","itemListElement":[{"@type":"ListItem","position":1,"name":"Home","item":"https:\/\/www.tablaosflamencos.com\/it"},{"@type":"ListItem","position":2,"name":"Gli spazi pi\u00f9 spettacolari della Biennale di Flamenco di Siviglia 2026"}]},{"@type":"WebSite","@id":"https:\/\/www.tablaosflamencos.com\/it#website","url":"https:\/\/www.tablaosflamencos.com\/it","name":"Tablaos Flamencos","description":"Entradas para tablaos flamencos de Espa\u00f1a","publisher":{"@id":"https:\/\/www.tablaosflamencos.com\/it#organization"},"alternateName":"Tablaos Flamencos","potentialAction":[{"@type":"SearchAction","target":{"@type":"EntryPoint","urlTemplate":"https:\/\/www.tablaosflamencos.com\/it?s={search_term_string}"},"query-input":{"@type":"PropertyValueSpecification","valueRequired":true,"valueName":"search_term_string"}}],"inLanguage":"it-IT"},{"@type":["Organization","Place","EntertainmentBusiness"],"@id":"https:\/\/www.tablaosflamencos.com\/it#organization","name":"Tablaos Flamencos","alternateName":"Tablaos Flamencos","url":"https:\/\/www.tablaosflamencos.com\/it","logo":{"@id":"https:\/\/www.tablaosflamencos.com\/it\/spazi-spettacolari-biennale-flamenco-siviglia-2026.html#local-main-organization-logo"},"image":{"@id":"https:\/\/www.tablaosflamencos.com\/it\/spazi-spettacolari-biennale-flamenco-siviglia-2026.html#local-main-organization-logo"},"sameAs":["https:\/\/www.facebook.com\/tablaosflamencos","https:\/\/x.com\/tablaosflamenco","https:\/\/mastodon.social\/@tablaosflamencos","https:\/\/www.instagram.com\/tablaosflamencos","https:\/\/tiktok.com\/@tablaosflamencos","https:\/\/www.linkedin.com\/company\/109408238\/"],"description":"Venta de entradas para espect\u00e1culos flamencos","legalName":"Tablaos Flamencos","foundingDate":"2015-01-01","numberOfEmployees":{"@type":"QuantitativeValue","minValue":"1","maxValue":"10"},"address":{"@id":"https:\/\/www.tablaosflamencos.com\/it\/spazi-spettacolari-biennale-flamenco-siviglia-2026.html#local-main-place-address"},"geo":{"@type":"GeoCoordinates","latitude":"37.3868072","longitude":"-5.993280299999999"},"telephone":["+34623787787"],"contactPoint":{"@type":"ContactPoint","telephone":"+34623787787","email":"info@tablaosflamencos.com"},"openingHoursSpecification":{"@type":"OpeningHoursSpecification","dayOfWeek":["Monday","Tuesday","Wednesday","Thursday","Friday","Saturday","Sunday"],"opens":"00:00","closes":"23:59"},"email":"info@tablaosflamencos.com","priceRange":"$$$","currenciesAccepted":"\u20ac"},{"@type":"Person","@id":"https:\/\/www.tablaosflamencos.com\/it#\/schema\/person\/e7a9ebe14eb75a52ceabfbffb3c54f5d","name":"Miguel Ortiz","description":"Miguel Ortiz es un empresario flamenco, con una s\u00f3lida trayectoria dentro del sector. Ha presidido entidades culturales vinculadas al flamenco y, cuenta con un amplio recorrido profesional en la gesti\u00f3n y promoci\u00f3n de espect\u00e1culos y tablaos flamencos. Su pasi\u00f3n por la historia y el arte flamenco se refleja en cada art\u00edculo, donde combina experiencia, criterio y un profundo respeto por la tradici\u00f3n.","sameAs":["https:\/\/www.tablaosflamencos.com","https:\/\/www.instagra.com\/miguelortizfe","https:\/\/www.linkedin.com\/in\/miguelortizf\/"],"birthDate":"1984-11-22","gender":"hombre","knowsLanguage":["espa\u00f1ol","ingl\u00e9s"],"jobTitle":"Empresario flamenco"},{"@type":"PostalAddress","@id":"https:\/\/www.tablaosflamencos.com\/it\/spazi-spettacolari-biennale-flamenco-siviglia-2026.html#local-main-place-address","streetAddress":"C\/ Alemanes, 19","addressLocality":"Sevilla","postalCode":"41004","addressRegion":"Sevilla","addressCountry":"ES"},{"@type":"ImageObject","inLanguage":"it-IT","@id":"https:\/\/www.tablaosflamencos.com\/it\/spazi-spettacolari-biennale-flamenco-siviglia-2026.html#local-main-organization-logo","url":"https:\/\/www.tablaosflamencos.com\/wp-content\/uploads\/tablaos-flamencos-06-3.webp","contentUrl":"https:\/\/www.tablaosflamencos.com\/wp-content\/uploads\/tablaos-flamencos-06-3.webp","width":600,"height":620,"caption":"Tablaos Flamencos"}]},"geo.placename":"Sevilla","geo.position":{"lat":"37.3868072","long":"-5.993280299999999"},"geo.region":"Spagna"},"_links":{"self":[{"href":"https:\/\/www.tablaosflamencos.com\/it\/wp-json\/wp\/v2\/posts\/14011","targetHints":{"allow":["GET"]}}],"collection":[{"href":"https:\/\/www.tablaosflamencos.com\/it\/wp-json\/wp\/v2\/posts"}],"about":[{"href":"https:\/\/www.tablaosflamencos.com\/it\/wp-json\/wp\/v2\/types\/post"}],"author":[{"embeddable":true,"href":"https:\/\/www.tablaosflamencos.com\/it\/wp-json\/wp\/v2\/users\/1"}],"replies":[{"embeddable":true,"href":"https:\/\/www.tablaosflamencos.com\/it\/wp-json\/wp\/v2\/comments?post=14011"}],"version-history":[{"count":1,"href":"https:\/\/www.tablaosflamencos.com\/it\/wp-json\/wp\/v2\/posts\/14011\/revisions"}],"predecessor-version":[{"id":14020,"href":"https:\/\/www.tablaosflamencos.com\/it\/wp-json\/wp\/v2\/posts\/14011\/revisions\/14020"}],"wp:featuredmedia":[{"embeddable":true,"href":"https:\/\/www.tablaosflamencos.com\/it\/wp-json\/wp\/v2\/media\/13957"}],"wp:attachment":[{"href":"https:\/\/www.tablaosflamencos.com\/it\/wp-json\/wp\/v2\/media?parent=14011"}],"wp:term":[{"taxonomy":"category","embeddable":true,"href":"https:\/\/www.tablaosflamencos.com\/it\/wp-json\/wp\/v2\/categories?post=14011"},{"taxonomy":"post_tag","embeddable":true,"href":"https:\/\/www.tablaosflamencos.com\/it\/wp-json\/wp\/v2\/tags?post=14011"}],"curies":[{"name":"wp","href":"https:\/\/api.w.org\/{rel}","templated":true}]}}