{"id":13958,"date":"2026-09-02T00:19:31","date_gmt":"2026-09-01T22:19:31","guid":{"rendered":"https:\/\/www.tablaosflamencos.com\/?p=13958"},"modified":"2026-09-02T00:49:14","modified_gmt":"2026-09-01T22:49:14","slug":"flamenco-ayamonte-tradizione-dove-viverla","status":"publish","type":"post","link":"https:\/\/www.tablaosflamencos.com\/it\/flamenco-ayamonte-tradizione-dove-viverla.html","title":{"rendered":"Flamenco ad Ayamonte: tradizione flamenca e dove viverla"},"content":{"rendered":"<section class=\"l-section wpb_row height_huge\"><div class=\"l-section-h i-cf\"><div class=\"g-cols vc_row via_flex valign_top type_default stacking_default\"><div class=\"vc_col-sm-6 wpb_column vc_column_container\"><div class=\"vc_column-inner\"><div class=\"wpb_wrapper\"><div class=\"wpb_text_column\"><div class=\"wpb_wrapper\"><h2>Ayamonte, una porta sul flamenco all\u2019estremo occidentale dell\u2019Andalusia<\/h2>\n<p>Parlare di <strong>flamenco ad Ayamonte<\/strong> significa guardare oltre un singolo spettacolo. La citt\u00e0 si trova in uno dei punti pi\u00f9 singolari della mappa flamenca andalusa: vicino alla foce del Guadiana, di fronte al Portogallo e all\u2019interno di una provincia, Huelva, che ha dato al flamenco una delle sue famiglie di canti pi\u00f9 riconoscibili, il fandango.<\/p>\n<p>Ayamonte non compare di solito nei grandi racconti storici allo stesso livello di Jerez, Triana, Cadice o Utrera, ma ci\u00f2 non significa che il flamenco sia estraneo alla sua vita culturale. Al contrario: festival, concerti, omaggi, iniziative comunali e, negli ultimi anni, il consolidamento di un tablao stabile hanno creato poco a poco un piccolo ecosistema che consente di vivere il flamenco in modi diversi.<\/p>\n<p>Questa guida si concentra proprio su questa dimensione culturale: <strong>quale tradizione flamenca circonda Ayamonte, come si collega al flamenco di Huelva e dove un visitatore pu\u00f2 trovarlo oggi<\/strong>, sia in un tablao sia in festival, teatri e programmi speciali.<\/p>\n<\/div><\/div><\/div><\/div><\/div><div class=\"vc_col-sm-6 wpb_column vc_column_container\"><div class=\"vc_column-inner\"><div class=\"wpb_wrapper\"><div class=\"wpb_text_column\"><div class=\"wpb_wrapper\"><h3>Flamenco ad Ayamonte: risposta rapida<\/h3>\n<ul>\n<li><strong>Tradizione:<\/strong> Ayamonte fa parte del territorio flamenco di Huelva, dove il fandango ha un peso storico fondamentale.<\/li>\n<li><strong>Importante:<\/strong> non \u00e8 opportuno parlare di un \u00abfandango di Ayamonte\u00bb come di uno stile flamenco pienamente consolidato; i principali riferimenti provinciali si trovano in centri come Alosno e Huelva.<\/li>\n<li><strong>Flamenco stabile:<\/strong> Tablao Flamenco La Puerta Ancha offre regolarmente flamenco dal vivo nel centro della citt\u00e0.<\/li>\n<li><strong>Programmazione culturale:<\/strong> Teatro Cardenio, Casa Grande, Patio de la Jaboner\u00eda e altri spazi ospitano concerti e cicli flamenco a seconda della stagione.<\/li>\n<li><strong>Iniziativa comunale:<\/strong> il Comune ha avviato \u00abFlamenco Ayamonte\u00bb come programmazione specificamente dedicata a quest\u2019arte.<\/li>\n<li><strong>Vantaggio geografico:<\/strong> Ayamonte funge anche da porta d\u2019ingresso al flamenco per i viaggiatori che soggiornano a Isla Canela e nell\u2019Algarve orientale.<\/li>\n<\/ul>\n<\/div><\/div><\/div><\/div><\/div><\/div><\/div><\/section><section class=\"l-section wpb_row height_huge color_alternate with_shape\"><div class=\"l-section-shape type_zigzag pos_top hor_flip\" style=\"height:3vmin;\"><svg xmlns=\"http:\/\/www.w3.org\/2000\/svg\" viewBox=\"0 0 64 8\" preserveAspectRatio=\"none\" width=\"100%\" height=\"100%\">\r\n\t<path fill=\"currentColor\" d=\"M64 8 L0 8 L0 0 L20 7.9 L40 3 L48 5 L64 0 Z\"\/>\r\n<\/svg><\/div><div class=\"l-section-shape type_zigzag pos_bottom\" style=\"height:3vmin;\"><svg xmlns=\"http:\/\/www.w3.org\/2000\/svg\" viewBox=\"0 0 64 8\" preserveAspectRatio=\"none\" width=\"100%\" height=\"100%\">\r\n\t<path fill=\"currentColor\" d=\"M64 8 L0 8 L0 0 L20 7.9 L40 3 L48 5 L64 0 Z\"\/>\r\n<\/svg><\/div><div class=\"l-section-h i-cf\"><div class=\"g-cols vc_row via_flex valign_top type_default stacking_default\"><div class=\"vc_col-sm-12 wpb_column vc_column_container\"><div class=\"vc_column-inner\"><div class=\"wpb_wrapper\"><div class=\"wpb_text_column\"><div class=\"wpb_wrapper\"><h2>Quale tradizione flamenca ha Ayamonte?<\/h2>\n<p>Ayamonte appartiene a una provincia con una propria personalit\u00e0 flamenca. A Huelva, il <strong>fandango<\/strong> non \u00e8 semplicemente un palo in pi\u00f9 nel repertorio: \u00e8 una famiglia di stili locali, varianti e forme interpretative che per decenni hanno rappresentato uno dei grandi segni musicali del territorio.<\/p>\n<p>Questa realt\u00e0 richiede per\u00f2 precisione. La letteratura flamenca non riconosce con lo stesso consenso uno stile specificamente denominato <strong>fandango di Ayamonte<\/strong>. Alcune ricerche storiche hanno messo in dubbio l\u2019esistenza di una modalit\u00e0 flamenca autonoma attribuibile alla localit\u00e0. Per questo \u00e8 pi\u00f9 corretto collocare Ayamonte all\u2019interno del <strong>contesto culturale del fandango di Huelva<\/strong> piuttosto che inventare una denominazione locale non solidamente radicata nella flamencologia.<\/p>\n<p>Il legame di Ayamonte con il flamenco si coglie in altri modi: nella programmazione, nella presenza continuativa di artisti di Huelva, negli omaggi a figure fondamentali della provincia e nella capacit\u00e0 dei suoi spazi culturali di ospitare proposte che vanno dal cante tradizionale alle creazioni contemporanee.<\/p>\n<p>Gi\u00e0 nel 1980 una pubblicazione comunale dell\u2019epoca documentava ad Ayamonte una conferenza di flamencologia accompagnata da Paco Toronjo e Isidro, due nomi legati al fandango di Huelva. Decenni dopo, questo legame continua a comparire nei festival e negli omaggi programmati in citt\u00e0.<\/p>\n<\/div><\/div><\/div><\/div><\/div><\/div><\/div><\/section><section class=\"l-section wpb_row height_huge\"><div class=\"l-section-h i-cf\"><div class=\"g-cols vc_row via_flex valign_top type_default stacking_default\"><div class=\"vc_col-sm-12 wpb_column vc_column_container\"><div class=\"vc_column-inner\"><div class=\"wpb_wrapper\"><div class=\"wpb_text_column\"><div class=\"wpb_wrapper\"><h2>Il fandango di Huelva: il grande riferimento flamenco del territorio<\/h2>\n<p>Per comprendere il flamenco ad Ayamonte \u00e8 utile guardare all\u2019intera provincia. Huelva possiede una geografia del fandango straordinariamente ricca, con stili e forme associati a diverse localit\u00e0. Tra tutti questi centri, <strong>Alosno<\/strong> occupa un posto essenziale e la figura di <strong>Paco Toronjo<\/strong> \u00e8 diventata un riferimento decisivo per la diffusione e il consolidamento del fandango di Huelva nel XX secolo.<\/p>\n<p>Ayamonte ha mantenuto vivo questo legame culturale nella propria programmazione. Il Festival Internacional de M\u00fasica Ciudad de Ayamonte ha incluso in diverse edizioni proposte flamenco legate a questa tradizione. Nel 2018, per esempio, ha programmato <em>Vive Alosno. 20 a\u00f1os sin Paco Toronjo<\/em>. E nell\u2019agosto 2026 il Patio de la Jaboner\u00eda ha ospitato nuovamente una <strong>Noche Alosnera con Jeromo Segura<\/strong> concepita come omaggio a Paco Toronjo.<\/p>\n<p>Non si tratta di trasformare Ayamonte nella culla di stili che appartengono storicamente ad altri comuni, bens\u00ec di comprenderne il ruolo come <strong>palcoscenico e punto di diffusione della cultura flamenca di Huelva<\/strong>. Questa distinzione permette di raccontarne la tradizione con maggiore rigore e, allo stesso tempo, di spiegare perch\u00e9 un viaggiatore possa trovare qui una programmazione flamenca profondamente legata all\u2019identit\u00e0 di Huelva.<\/p>\n<\/div><\/div><\/div><\/div><\/div><\/div><\/div><\/section><section class=\"l-section wpb_row height_huge color_alternate with_shape\"><div class=\"l-section-shape type_zigzag pos_top hor_flip\" style=\"height:3vmin;\"><svg xmlns=\"http:\/\/www.w3.org\/2000\/svg\" viewBox=\"0 0 64 8\" preserveAspectRatio=\"none\" width=\"100%\" height=\"100%\">\r\n\t<path fill=\"currentColor\" d=\"M64 8 L0 8 L0 0 L20 7.9 L40 3 L48 5 L64 0 Z\"\/>\r\n<\/svg><\/div><div class=\"l-section-shape type_zigzag pos_bottom\" style=\"height:3vmin;\"><svg xmlns=\"http:\/\/www.w3.org\/2000\/svg\" viewBox=\"0 0 64 8\" preserveAspectRatio=\"none\" width=\"100%\" height=\"100%\">\r\n\t<path fill=\"currentColor\" d=\"M64 8 L0 8 L0 0 L20 7.9 L40 3 L48 5 L64 0 Z\"\/>\r\n<\/svg><\/div><div class=\"l-section-h i-cf\"><div class=\"g-cols vc_row via_flex valign_top type_default stacking_default\"><div class=\"vc_col-sm-12 wpb_column vc_column_container\"><div class=\"vc_column-inner\"><div class=\"wpb_wrapper\"><div class=\"wpb_text_column\"><div class=\"wpb_wrapper\"><h2>\u00abFlamenco Ayamonte\u00bb: il flamenco come programmazione culturale della citt\u00e0<\/h2>\n<p>Uno dei passi pi\u00f9 interessanti degli ultimi anni \u00e8 stata la creazione, da parte del Comune, della programmazione <strong>\u00abFlamenco Ayamonte\u00bb<\/strong>. La prima edizione ufficiale \u00e8 stata presentata nel 2024 in occasione della Giornata Internazionale del Flamenco ed \u00e8 nata con un obiettivo esplicito: rafforzare la conoscenza dell\u2019arte flamenca e trasformare la citt\u00e0 in un punto d\u2019incontro culturale attorno a questo patrimonio.<\/p>\n<p>Quella programmazione combinava formati diversi. C\u2019era una componente divulgativa, con la conferenza <em>Flamenco. Arqueolog\u00eda de lo Jondo<\/em>; una mostra proveniente dall\u2019Instituto Andaluz del Flamenco, <em>Flamenco. C\u00f3digo Abierto<\/em>; proposte sceniche e un concerto flamenco. \u00c8 significativo che l\u2019iniziativa non si sia limitata a programmare uno spettacolo, ma abbia incluso anche <strong>storia, conoscenza, patrimonio e spettacolo<\/strong>.<\/p>\n<p>L\u2019agenda turistica comunale ha nuovamente inserito \u00abFlamenco Ayamonte\u00bb nel novembre 2025, con mostre, incontri e concerti in spazi come Casa Grande e Teatro Cardenio. La continuit\u00e0 di questo tipo di programmazione \u00e8 particolarmente rilevante perch\u00e9 indica la volont\u00e0 di integrare il flamenco nell\u2019identit\u00e0 culturale contemporanea della citt\u00e0.<\/p>\n<p>Per le future edizioni, il consiglio migliore \u00e8 consultare l\u2019agenda culturale di Ayamonte in autunno, soprattutto intorno alla Giornata Internazionale del Flamenco, poich\u00e9 date e contenuti possono cambiare ogni anno.<\/p>\n<\/div><\/div><\/div><\/div><\/div><\/div><\/div><\/section><section class=\"l-section wpb_row height_huge\"><div class=\"l-section-h i-cf\"><div class=\"g-cols vc_row via_flex valign_top type_default stacking_default\"><div class=\"vc_col-sm-6 wpb_column vc_column_container\"><div class=\"vc_column-inner\"><div class=\"wpb_wrapper\"><div class=\"wpb_text_column\"><div class=\"wpb_wrapper\"><h2>Tablao Flamenco La Puerta Ancha: flamenco dal vivo nel centro di Ayamonte<\/h2>\n<p>Per chi non vuole dipendere dalla coincidenza con un festival o un concerto occasionale, il riferimento pi\u00f9 chiaro \u00e8 <strong>Tablao Flamenco La Puerta Ancha<\/strong>, situato in Plaza de la Laguna. La sua importanza nel panorama locale deriva proprio dall\u2019offerta di un formato da tablao: uno spazio intimo, grande vicinanza agli artisti e un\u2019esperienza incentrata su cante, chitarra e baile.<\/p>\n<p>La Puerta Ancha consente ad Ayamonte di avere un\u2019offerta flamenca pi\u00f9 stabile rispetto a una citt\u00e0 che dipende esclusivamente dai festival estivi. Inoltre, la sua posizione centrale permette di abbinare facilmente lo spettacolo a una passeggiata nel centro storico e rende il flamenco una parte naturale di una serata in citt\u00e0.<\/p>\n<p>Su Tablaos Flamencos abbiamo una guida specifica dedicata al locale, al suo formato e a come organizzare la visita da Ayamonte, Isla Canela o dal Portogallo.<\/p>\n<\/div><\/div><div class=\"w-btn-wrapper align_none\"><a class=\"w-btn us-btn-style_1\" href=\"https:\/\/www.tablaosflamencos.com\/it\/tablao-flamenco-la-puerta-ancha-ayamonte.html\"><span class=\"w-btn-label\">Vedi la guida del Tablao La Puerta Ancha<\/span><\/a><\/div><\/div><\/div><\/div><div class=\"vc_col-sm-6 wpb_column vc_column_container\"><div class=\"vc_column-inner\"><div class=\"wpb_wrapper\"><div class=\"wpb_text_column\"><div class=\"wpb_wrapper\"><h2>Teatro Cardenio, Casa Grande e Patio de la Jaboner\u00eda<\/h2>\n<p>Il flamenco di Ayamonte non si limita al tablao. La citt\u00e0 dispone di diversi spazi culturali che hanno ospitato spettacoli flamenco e proposte legate al genere.<\/p>\n<p><strong>Teatro Cardenio<\/strong> compare regolarmente nell\u2019agenda culturale locale e ha ospitato concerti e spettacoli legati al flamenco e alla copla. <strong>Casa Grande<\/strong>, oltre alla sua attivit\u00e0 espositiva e culturale, ha fatto parte di programmi specifici come \u00abFlamenco Ayamonte\u00bb.<\/p>\n<p>Il <strong>Patio de la Jaboner\u00eda<\/strong> \u00e8 particolarmente interessante durante il Festival Internacional de M\u00fasica Ciudad de Ayamonte. La programmazione 2026 ha incluso, tra le altre proposte, il pianista flamenco Dorantes e una serata in omaggio a Paco Toronjo con Jeromo Segura. In altre edizioni sono passati da questo festival nomi come Arc\u00e1ngel o Alba Molina.<\/p>\n<p>Per il visitatore \u00e8 fondamentale distinguere tra <strong>offerta stabile<\/strong> e <strong>programmazione culturale temporanea<\/strong>: questi spazi non funzionano come tablaos permanenti, ma possono offrire alcune delle serate flamenco pi\u00f9 interessanti dell\u2019anno quando la programmazione coincide con la visita.<\/p>\n<\/div><\/div><\/div><\/div><\/div><\/div><\/div><\/section><section class=\"l-section wpb_row height_huge color_alternate with_shape\"><div class=\"l-section-shape type_zigzag pos_top hor_flip\" style=\"height:3vmin;\"><svg xmlns=\"http:\/\/www.w3.org\/2000\/svg\" viewBox=\"0 0 64 8\" preserveAspectRatio=\"none\" width=\"100%\" height=\"100%\">\r\n\t<path fill=\"currentColor\" d=\"M64 8 L0 8 L0 0 L20 7.9 L40 3 L48 5 L64 0 Z\"\/>\r\n<\/svg><\/div><div class=\"l-section-shape type_zigzag pos_bottom\" style=\"height:3vmin;\"><svg xmlns=\"http:\/\/www.w3.org\/2000\/svg\" viewBox=\"0 0 64 8\" preserveAspectRatio=\"none\" width=\"100%\" height=\"100%\">\r\n\t<path fill=\"currentColor\" d=\"M64 8 L0 8 L0 0 L20 7.9 L40 3 L48 5 L64 0 Z\"\/>\r\n<\/svg><\/div><div class=\"l-section-h i-cf\"><div class=\"g-cols vc_row via_flex valign_top type_default stacking_default\"><div class=\"vc_col-sm-12 wpb_column vc_column_container\"><div class=\"vc_column-inner\"><div class=\"wpb_wrapper\"><div class=\"wpb_text_column\"><div class=\"wpb_wrapper\"><h2>Punta del Moral e la costa: festival che hanno costruito anche una memoria flamenca<\/h2>\n<p>Il rapporto tra Ayamonte e il flamenco si estende anche ai suoi nuclei costieri. <strong>Punta del Moral<\/strong> ha ospitato per anni appuntamenti specificamente flamenco. Uno dei pi\u00f9 rappresentativi \u00e8 stato il <strong>Festival Flamenco Antonia L\u00f3pez Ciudad de Ayamonte<\/strong>, che nel 2018 ha raggiunto la decima edizione con un cartellone che riuniva, tra gli altri, Antonia L\u00f3pez, Roc\u00edo Segura e Roc\u00edo M\u00e1rquez.<\/p>\n<p>Festival di questo tipo aiutano a capire come il flamenco sia stato vissuto nella zona: non soltanto come spettacolo turistico, ma anche come <strong>punto d\u2019incontro tra appassionati, artisti e pubblico locale<\/strong>. Come accade per molti appuntamenti estivi, la continuit\u00e0 e le date devono essere verificate edizione per edizione, quindi non \u00e8 consigliabile pianificare un viaggio basandosi su calendari passati.<\/p>\n<p>La costa aggiunge inoltre un altro elemento interessante. Ayamonte, Isla Canela e Punta del Moral ricevono molti visitatori durante i mesi estivi, ampliando il pubblico potenziale per spettacoli e festival e facendo s\u00ec che l\u2019agenda culturale possa intensificarsi in alta stagione.<\/p>\n<\/div><\/div><\/div><\/div><\/div><\/div><\/div><\/section><section class=\"l-section wpb_row height_huge\"><div class=\"l-section-h i-cf\"><div class=\"g-cols vc_row via_flex valign_top type_default stacking_default\"><div class=\"vc_col-sm-12 wpb_column vc_column_container\"><div class=\"vc_column-inner\"><div class=\"wpb_wrapper\"><div class=\"wpb_text_column\"><div class=\"wpb_wrapper\"><h2>Il flamenco ad Ayamonte nel 2026: una programmazione che continua a crescere<\/h2>\n<p>La programmazione del 2026 conferma che il flamenco mantiene una presenza nell\u2019offerta culturale di Ayamonte. Il 37\u00ba Festival Internacional de M\u00fasica Ciudad de Ayamonte ha incluso diverse proposte direttamente legate al genere. La cantaora di Huelva <strong>Argentina<\/strong> ha presentato in agosto il suo progetto <em>Utrera Flamenco Fet\u00e9n<\/em>; il pianista <strong>Dorantes<\/strong> ha fatto parte della programmazione del Patio de la Jaboner\u00eda; e <strong>Jeromo Segura<\/strong> \u00e8 stato protagonista di una serata alosnera in omaggio a Paco Toronjo.<\/p>\n<p>L\u2019aspetto interessante non \u00e8 soltanto elencare i concerti, ma osservare lo schema: Ayamonte combina artisti della provincia, omaggi alla tradizione di Huelva e flamenco contemporaneo nella sua programmazione generale. Questo permette al visitatore di trovare proposte molto diverse a seconda del periodo dell\u2019anno.<\/p>\n<p>Per questo motivo, una guida evergreen sul flamenco ad Ayamonte deve evitare di pubblicare orari fissi come se fossero permanenti. La strategia migliore \u00e8 controllare l\u2019agenda comunale e la programmazione degli spazi culturali quando si avvicina la data del viaggio.<\/p>\n<\/div><\/div><\/div><\/div><\/div><\/div><\/div><\/section><section class=\"l-section wpb_row height_huge color_alternate with_shape\"><div class=\"l-section-shape type_zigzag pos_top hor_flip\" style=\"height:3vmin;\"><svg xmlns=\"http:\/\/www.w3.org\/2000\/svg\" viewBox=\"0 0 64 8\" preserveAspectRatio=\"none\" width=\"100%\" height=\"100%\">\r\n\t<path fill=\"currentColor\" d=\"M64 8 L0 8 L0 0 L20 7.9 L40 3 L48 5 L64 0 Z\"\/>\r\n<\/svg><\/div><div class=\"l-section-shape type_zigzag pos_bottom\" style=\"height:3vmin;\"><svg xmlns=\"http:\/\/www.w3.org\/2000\/svg\" viewBox=\"0 0 64 8\" preserveAspectRatio=\"none\" width=\"100%\" height=\"100%\">\r\n\t<path fill=\"currentColor\" d=\"M64 8 L0 8 L0 0 L20 7.9 L40 3 L48 5 L64 0 Z\"\/>\r\n<\/svg><\/div><div class=\"l-section-h i-cf\"><div class=\"g-cols vc_row via_flex valign_top type_default stacking_default\"><div class=\"vc_col-sm-12 wpb_column vc_column_container\"><div class=\"vc_column-inner\"><div class=\"wpb_wrapper\"><div class=\"wpb_text_column\"><div class=\"wpb_wrapper\"><h2>Ayamonte e l\u2019Algarve: una posizione speciale per scoprire il flamenco<\/h2>\n<p>C\u2019\u00e8 un fattore che distingue Ayamonte da quasi tutte le altre destinazioni flamenco andaluse: il suo rapporto quotidiano con il Portogallo. Di fronte alla citt\u00e0 si trova <strong>Vila Real de Santo Ant\u00f3nio<\/strong>, e l\u2019Algarve orientale \u00e8 molto vicino. Questo rende Ayamonte una porta naturale verso il flamenco per i viaggiatori che trascorrono le vacanze dall\u2019altra parte del confine.<\/p>\n<p>Per chi soggiorna a Monte Gordo, Vila Real de Santo Ant\u00f3nio, Castro Marim o nelle zone vicine, attraversare il confine fino ad Ayamonte permette di aggiungere un\u2019esperienza flamenca a un viaggio in Portogallo senza dover arrivare fino a Siviglia. La stessa logica vale per i visitatori di Isla Canela e di altri punti della costa occidentale di Huelva.<\/p>\n<p>Questo carattere di frontiera conferisce alla citt\u00e0 anche una personalit\u00e0 turistica diversa. Il flamenco convive con l\u2019atmosfera marinara, le piazze del centro, la foce del Guadiana e un flusso costante di visitatori spagnoli e portoghesi. Per questo l\u2019esperienza pu\u00f2 sembrare meno un\u2019escursione esclusivamente flamenca e pi\u00f9 una <strong>serata culturale completa in una citt\u00e0 andalusa di frontiera<\/strong>.<\/p>\n<\/div><\/div><\/div><\/div><\/div><\/div><\/div><\/section><section class=\"l-section wpb_row height_huge\"><div class=\"l-section-h i-cf\"><div class=\"g-cols vc_row via_flex valign_top type_default stacking_default\"><div class=\"vc_col-sm-12 wpb_column vc_column_container\"><div class=\"vc_column-inner\"><div class=\"wpb_wrapper\"><div class=\"wpb_text_column\"><div class=\"wpb_wrapper\"><h2>Tre modi diversi per vivere il flamenco ad Ayamonte<\/h2>\n<p>Non esiste un unico modo corretto di avvicinarsi al flamenco in citt\u00e0. La scelta dipende da ci\u00f2 che cerca ogni visitatore.<\/p>\n<p><strong>1. Un tablao.<\/strong> \u00c8 l\u2019opzione pi\u00f9 diretta se l\u2019obiettivo \u00e8 vedere cante, baile e chitarra in uno spazio intimo, con un\u2019esperienza progettata specificamente intorno al flamenco. Per una prima volta, di solito \u00e8 l\u2019alternativa pi\u00f9 semplice da organizzare.<\/p>\n<p><strong>2. Un concerto o un festival.<\/strong> Pu\u00f2 offrire formati artistici pi\u00f9 ampi, artisti specifici o progetti che non rientrano necessariamente nella struttura di un tablao. Il Festival Internazionale di Musica e altri cicli culturali sono buone opportunit\u00e0 quando le date coincidono.<\/p>\n<p><strong>3. Un\u2019attivit\u00e0 culturale o divulgativa.<\/strong> Programmi come \u00abFlamenco Ayamonte\u00bb dimostrano che il flamenco pu\u00f2 essere conosciuto anche attraverso conferenze, mostre e incontri. Per chi \u00e8 gi\u00e0 appassionato, queste proposte consentono di andare oltre lo spettacolo e comprendere meglio la sua storia e i suoi codici.<\/p>\n<p>L\u2019ideale, se il viaggio lo consente, \u00e8 combinare i formati: una serata al tablao e, se coincide con il soggiorno, un\u2019attivit\u00e0 culturale o un concerto speciale.<\/p>\n<\/div><\/div><\/div><\/div><\/div><\/div><\/div><\/section><section class=\"l-section wpb_row height_huge color_alternate with_shape\"><div class=\"l-section-shape type_zigzag pos_top hor_flip\" style=\"height:3vmin;\"><svg xmlns=\"http:\/\/www.w3.org\/2000\/svg\" viewBox=\"0 0 64 8\" preserveAspectRatio=\"none\" width=\"100%\" height=\"100%\">\r\n\t<path fill=\"currentColor\" d=\"M64 8 L0 8 L0 0 L20 7.9 L40 3 L48 5 L64 0 Z\"\/>\r\n<\/svg><\/div><div class=\"l-section-shape type_zigzag pos_bottom\" style=\"height:3vmin;\"><svg xmlns=\"http:\/\/www.w3.org\/2000\/svg\" viewBox=\"0 0 64 8\" preserveAspectRatio=\"none\" width=\"100%\" height=\"100%\">\r\n\t<path fill=\"currentColor\" d=\"M64 8 L0 8 L0 0 L20 7.9 L40 3 L48 5 L64 0 Z\"\/>\r\n<\/svg><\/div><div class=\"l-section-h i-cf\"><div class=\"g-cols vc_row via_flex valign_top type_default stacking_default\"><div class=\"vc_col-sm-12 wpb_column vc_column_container\"><div class=\"vc_column-inner\"><div class=\"wpb_wrapper\"><div class=\"wpb_text_column\"><div class=\"wpb_wrapper\"><h2>Se cerchi semplicemente dove vedere flamenco ad Ayamonte<\/h2>\n<p>Questo articolo \u00e8 pensato per spiegare la <strong>tradizione e il contesto culturale<\/strong>. Se invece ti serve una risposta puramente pratica \u2014 quale formato scegliere, come organizzare la serata o quale opzione \u00e8 pi\u00f9 adatta se vuoi spettacolo e gastronomia \u2014 abbiamo un\u2019altra guida dedicata esclusivamente a questa ricerca.<\/p>\n<\/div><\/div><div class=\"w-separator size_medium\"><\/div><div class=\"w-btn-wrapper align_none\"><a class=\"w-btn us-btn-style_1\" href=\"https:\/\/www.tablaosflamencos.com\/it\/flamenco-ad-ayamonte.html\"><span class=\"w-btn-label\">Vedi la guida pratica per vedere flamenco ad Ayamonte<\/span><\/a><\/div><div class=\"w-separator size_small\"><\/div><div class=\"w-btn-wrapper align_none\"><a class=\"w-btn us-btn-style_1\" href=\"https:\/\/www.tablaosflamencos.com\/it\/tablao\/tablao-flamenco-la-puerta-ancha\"><span class=\"w-btn-label\">Verifica la disponibilit\u00e0 di flamenco ad Ayamonte<\/span><\/a><\/div><\/div><\/div><\/div><\/div><\/div><\/section><section class=\"l-section wpb_row height_huge\"><div class=\"l-section-h i-cf\"><div class=\"g-cols vc_row via_flex valign_top type_default stacking_default\"><div class=\"vc_col-sm-12 wpb_column vc_column_container\"><div class=\"vc_column-inner\"><div class=\"wpb_wrapper\"><div class=\"wpb_text_column\"><div class=\"wpb_wrapper\"><h2>Consigli per organizzare una serata flamenca ad Ayamonte<\/h2>\n<p><strong>Controlla l\u2019agenda prima di partire.<\/strong> Festival e concerti straordinari cambiano da una stagione all\u2019altra. Se cerchi un artista specifico, controlla la programmazione culturale qualche settimana prima.<\/p>\n<p><strong>Se vuoi un\u2019opzione stabile, dai priorit\u00e0 al tablao.<\/strong> \u00c8 il modo pi\u00f9 semplice per non dipendere dalla coincidenza con un festival o un ciclo comunale.<\/p>\n<p><strong>Non confondere il fandango di Huelva con un presunto stile locale autonomo.<\/strong> Ayamonte \u00e8 pienamente integrata nel territorio culturale di Huelva, ma la flamencologia richiede prudenza nell\u2019attribuire stili locali specifici.<\/p>\n<p><strong>Se sei in Portogallo, pianifica il rientro.<\/strong> La vicinanza dell\u2019Algarve \u00e8 un vantaggio, ma conviene verificare in anticipo l\u2019opzione di trasporto adatta all\u2019orario di ritorno.<\/p>\n<p><strong>Lascia tempo anche per la citt\u00e0.<\/strong> Il centro di Ayamonte merita una passeggiata prima o dopo lo spettacolo. Plaza de la Laguna, la zona del Guadiana e le vie del centro storico permettono al flamenco di diventare parte di un\u2019esperienza pi\u00f9 ampia.<\/p>\n<\/div><\/div><\/div><\/div><\/div><\/div><\/div><\/section><section class=\"l-section wpb_row height_huge color_alternate with_shape\"><div class=\"l-section-shape type_zigzag pos_top hor_flip\" style=\"height:3vmin;\"><svg xmlns=\"http:\/\/www.w3.org\/2000\/svg\" viewBox=\"0 0 64 8\" preserveAspectRatio=\"none\" width=\"100%\" height=\"100%\">\r\n\t<path fill=\"currentColor\" d=\"M64 8 L0 8 L0 0 L20 7.9 L40 3 L48 5 L64 0 Z\"\/>\r\n<\/svg><\/div><div class=\"l-section-shape type_zigzag pos_bottom\" style=\"height:3vmin;\"><svg xmlns=\"http:\/\/www.w3.org\/2000\/svg\" viewBox=\"0 0 64 8\" preserveAspectRatio=\"none\" width=\"100%\" height=\"100%\">\r\n\t<path fill=\"currentColor\" d=\"M64 8 L0 8 L0 0 L20 7.9 L40 3 L48 5 L64 0 Z\"\/>\r\n<\/svg><\/div><div class=\"l-section-h i-cf\"><div class=\"g-cols vc_row via_flex valign_top type_default stacking_default\"><div class=\"vc_col-sm-1\/5 wpb_column vc_column_container\"><div class=\"vc_column-inner\"><div class=\"wpb_wrapper\"><\/div><\/div><\/div><div class=\"vc_col-sm-3\/5 wpb_column vc_column_container\"><div class=\"vc_column-inner\"><div class=\"wpb_wrapper\"><div class=\"wpb_text_column\"><div class=\"wpb_wrapper\"><h2>Domande frequenti sul flamenco ad Ayamonte<\/h2>\n<\/div><\/div><div class=\"w-separator size_medium\"><\/div><div class=\"w-tabs accordion toggle_style_1 has_scrolling\" style=\"--sections-title-size:inherit;--sections-gap:0.5rem;\"><div class=\"w-tabs-sections titles-align_none icon_plus cpos_left\"><div class=\"w-tabs-section\" id=\"q209\" itemscope itemprop=\"mainEntity\" itemtype=\"https:\/\/schema.org\/Question\"><button type=\"button\" class=\"w-tabs-section-header\" aria-controls=\"content-q209\" aria-expanded=\"false\"><h3 class=\"w-tabs-section-title\" itemprop=\"name\">Esiste una tradizione flamenca ad Ayamonte?<\/h3><div class=\"w-tabs-section-control\"><\/div><\/button><div  class=\"w-tabs-section-content\" id=\"content-q209\" itemscope itemprop=\"acceptedAnswer\" itemtype=\"https:\/\/schema.org\/Answer\"><div class=\"w-tabs-section-content-h i-cf\" itemprop=\"text\"><div class=\"wpb_text_column\"><div class=\"wpb_wrapper\"><p>S\u00ec. Ayamonte fa parte del contesto flamenco della provincia di Huelva e ha mantenuto una presenza continua del genere attraverso festival, concerti, iniziative comunali e spettacoli dal vivo. La sua identit\u00e0 flamenca si comprende meglio all\u2019interno della tradizione complessiva di Huelva che come scuola isolata.<\/p>\n<\/div><\/div><\/div><\/div><\/div><div class=\"w-tabs-section\" id=\"g2fc\" itemscope itemprop=\"mainEntity\" itemtype=\"https:\/\/schema.org\/Question\"><button type=\"button\" class=\"w-tabs-section-header\" aria-controls=\"content-g2fc\" aria-expanded=\"false\"><h3 class=\"w-tabs-section-title\" itemprop=\"name\">Esiste un fandango di Ayamonte?<\/h3><div class=\"w-tabs-section-control\"><\/div><\/button><div  class=\"w-tabs-section-content\" id=\"content-g2fc\" itemscope itemprop=\"acceptedAnswer\" itemtype=\"https:\/\/schema.org\/Answer\"><div class=\"w-tabs-section-content-h i-cf\" itemprop=\"text\"><div class=\"wpb_text_column\"><div class=\"wpb_wrapper\"><p>Non esiste lo stesso consenso flamencologico che troviamo per stili associati ad altri centri di Huelva. Alcune ricerche hanno negato l\u2019esistenza di una modalit\u00e0 flamenca autonoma di Ayamonte. Per questo \u00e8 pi\u00f9 rigoroso parlare del rapporto della citt\u00e0 con il fandango di Huelva e con la tradizione flamenca provinciale.<\/p>\n<\/div><\/div><\/div><\/div><\/div><div class=\"w-tabs-section\" id=\"n408\" itemscope itemprop=\"mainEntity\" itemtype=\"https:\/\/schema.org\/Question\"><button type=\"button\" class=\"w-tabs-section-header\" aria-controls=\"content-n408\" aria-expanded=\"false\"><h3 class=\"w-tabs-section-title\" itemprop=\"name\">Dove si pu\u00f2 vedere flamenco dal vivo ad Ayamonte?<\/h3><div class=\"w-tabs-section-control\"><\/div><\/button><div  class=\"w-tabs-section-content\" id=\"content-n408\" itemscope itemprop=\"acceptedAnswer\" itemtype=\"https:\/\/schema.org\/Answer\"><div class=\"w-tabs-section-content-h i-cf\" itemprop=\"text\"><div class=\"wpb_text_column\"><div class=\"wpb_wrapper\"><p>L\u2019opzione stabile pi\u00f9 chiara \u00e8 Tablao Flamenco La Puerta Ancha, nel centro di Ayamonte. Inoltre, spazi culturali come Teatro Cardenio, Casa Grande o Patio de la Jaboner\u00eda possono ospitare concerti e attivit\u00e0 flamenco all\u2019interno della loro programmazione temporanea.<\/p>\n<\/div><\/div><\/div><\/div><\/div><div class=\"w-tabs-section\" id=\"c4d8\" itemscope itemprop=\"mainEntity\" itemtype=\"https:\/\/schema.org\/Question\"><button type=\"button\" class=\"w-tabs-section-header\" aria-controls=\"content-c4d8\" aria-expanded=\"false\"><h3 class=\"w-tabs-section-title\" itemprop=\"name\">Ci sono spettacoli flamenco durante tutto l\u2019anno?<\/h3><div class=\"w-tabs-section-control\"><\/div><\/button><div  class=\"w-tabs-section-content\" id=\"content-c4d8\" itemscope itemprop=\"acceptedAnswer\" itemtype=\"https:\/\/schema.org\/Answer\"><div class=\"w-tabs-section-content-h i-cf\" itemprop=\"text\"><div class=\"wpb_text_column\"><div class=\"wpb_wrapper\"><p>L\u2019offerta stabile e l\u2019agenda straordinaria sono diverse. Il tablao consente di trovare flamenco dal vivo con maggiore regolarit\u00e0, mentre festival, cicli e concerti dipendono dalla programmazione di ogni stagione. Conviene verificare la disponibilit\u00e0 per la data specifica del viaggio.<\/p>\n<\/div><\/div><\/div><\/div><\/div><div class=\"w-tabs-section\" id=\"k5a0\" itemscope itemprop=\"mainEntity\" itemtype=\"https:\/\/schema.org\/Question\"><button type=\"button\" class=\"w-tabs-section-header\" aria-controls=\"content-k5a0\" aria-expanded=\"false\"><h3 class=\"w-tabs-section-title\" itemprop=\"name\">Che cos\u2019\u00e8 Flamenco Ayamonte?<\/h3><div class=\"w-tabs-section-control\"><\/div><\/button><div  class=\"w-tabs-section-content\" id=\"content-k5a0\" itemscope itemprop=\"acceptedAnswer\" itemtype=\"https:\/\/schema.org\/Answer\"><div class=\"w-tabs-section-content-h i-cf\" itemprop=\"text\"><div class=\"wpb_text_column\"><div class=\"wpb_wrapper\"><p>\u00c8 un\u2019iniziativa culturale promossa dal Comune di Ayamonte per dare visibilit\u00e0 al flamenco attraverso attivit\u00e0 che possono includere spettacoli, mostre, conferenze e concerti. La prima programmazione ufficiale \u00e8 stata presentata nel 2024 ed \u00e8 tornata nell\u2019agenda culturale comunale nel 2025.<\/p>\n<\/div><\/div><\/div><\/div><\/div><div class=\"w-tabs-section\" id=\"o661\" itemscope itemprop=\"mainEntity\" itemtype=\"https:\/\/schema.org\/Question\"><button type=\"button\" class=\"w-tabs-section-header\" aria-controls=\"content-o661\" aria-expanded=\"false\"><h3 class=\"w-tabs-section-title\" itemprop=\"name\">Vale la pena andare ad Ayamonte per vedere flamenco se soggiorno in Algarve?<\/h3><div class=\"w-tabs-section-control\"><\/div><\/button><div  class=\"w-tabs-section-content\" id=\"content-o661\" itemscope itemprop=\"acceptedAnswer\" itemtype=\"https:\/\/schema.org\/Answer\"><div class=\"w-tabs-section-content-h i-cf\" itemprop=\"text\"><div class=\"wpb_text_column\"><div class=\"wpb_wrapper\"><p>S\u00ec, soprattutto se soggiorni nell\u2019Algarve orientale. Ayamonte si trova di fronte a Vila Real de Santo Ant\u00f3nio e permette di combinare una visita in Andalusia con un\u2019esperienza flamenca senza affrontare un lungo viaggio fino a Siviglia o ad altre grandi citt\u00e0.<\/p>\n<\/div><\/div><\/div><\/div><\/div><div class=\"w-tabs-section\" id=\"o749\" itemscope itemprop=\"mainEntity\" itemtype=\"https:\/\/schema.org\/Question\"><button type=\"button\" class=\"w-tabs-section-header\" aria-controls=\"content-o749\" aria-expanded=\"false\"><h3 class=\"w-tabs-section-title\" itemprop=\"name\">Dove conviene consultare l\u2019agenda flamenca di Ayamonte?<\/h3><div class=\"w-tabs-section-control\"><\/div><\/button><div  class=\"w-tabs-section-content\" id=\"content-o749\" itemscope itemprop=\"acceptedAnswer\" itemtype=\"https:\/\/schema.org\/Answer\"><div class=\"w-tabs-section-content-h i-cf\" itemprop=\"text\"><div class=\"wpb_text_column\"><div class=\"wpb_wrapper\"><p>Per gli spettacoli regolari, verifica la disponibilit\u00e0 del tablao. Per concerti, festival e attivit\u00e0 culturali straordinarie, \u00e8 utile consultare l\u2019agenda del Comune di Ayamonte, Ayamonte Turismo e la programmazione degli spazi culturali della citt\u00e0.<\/p>\n<\/div><\/div><\/div><\/div><\/div><\/div><\/div><\/div><\/div><\/div><div class=\"vc_col-sm-1\/5 wpb_column vc_column_container\"><div class=\"vc_column-inner\"><div class=\"wpb_wrapper\"><\/div><\/div><\/div><\/div><\/div><\/section><section class=\"l-section wpb_row height_huge\"><div class=\"l-section-h i-cf\"><div class=\"g-cols vc_row via_flex valign_top type_default stacking_default\"><div class=\"vc_col-sm-12 wpb_column vc_column_container\"><div class=\"vc_column-inner\"><div class=\"wpb_wrapper\"><div class=\"wpb_text_column\"><div class=\"wpb_wrapper\"><h2>Ayamonte: flamenco tra Huelva, il Guadiana e il Portogallo<\/h2>\n<p>Ayamonte non ha bisogno di inventarsi l\u2019etichetta di \u00abculla del flamenco\u00bb per essere interessante. Il suo valore sta proprio in un\u2019altra combinazione: appartiene a una provincia con una delle tradizioni di fandango pi\u00f9 importanti dell\u2019Andalusia, ha mantenuto una programmazione flamenca continuativa, dispone oggi di un tablao nel centro e occupa una posizione di frontiera capace di avvicinare quest\u2019arte ai visitatori della costa di Huelva e dell\u2019Algarve.<\/p>\n<p>Per il viaggiatore, questo si traduce in diverse possibilit\u00e0. Pu\u00f2 scoprire il flamenco in modo intimo in un tablao, incontrare un grande artista al Teatro Cardenio o al Patio de la Jaboner\u00eda, partecipare a un\u2019attivit\u00e0 divulgativa durante \u00abFlamenco Ayamonte\u00bb oppure coincidere con un festival estivo. <strong>Il modo migliore per vivere il flamenco ad Ayamonte \u00e8 capire che non si tratta di una sola sala o di una sola data, ma di una presenza culturale che appare in diversi spazi della citt\u00e0.<\/strong><\/p>\n<\/div><\/div><\/div><\/div><\/div><\/div><\/div><\/section><section class=\"l-section wpb_row height_huge color_alternate with_shape\"><div class=\"l-section-shape type_zigzag pos_top hor_flip\" style=\"height:3vmin;\"><svg xmlns=\"http:\/\/www.w3.org\/2000\/svg\" viewBox=\"0 0 64 8\" preserveAspectRatio=\"none\" width=\"100%\" height=\"100%\">\r\n\t<path fill=\"currentColor\" d=\"M64 8 L0 8 L0 0 L20 7.9 L40 3 L48 5 L64 0 Z\"\/>\r\n<\/svg><\/div><div class=\"l-section-shape type_zigzag pos_bottom\" style=\"height:3vmin;\"><svg xmlns=\"http:\/\/www.w3.org\/2000\/svg\" viewBox=\"0 0 64 8\" preserveAspectRatio=\"none\" width=\"100%\" height=\"100%\">\r\n\t<path fill=\"currentColor\" d=\"M64 8 L0 8 L0 0 L20 7.9 L40 3 L48 5 L64 0 Z\"\/>\r\n<\/svg><\/div><div class=\"l-section-h i-cf\"><div class=\"g-cols vc_row via_flex valign_top type_default stacking_default\"><div class=\"vc_col-sm-12 wpb_column vc_column_container\"><div class=\"vc_column-inner\"><div class=\"wpb_wrapper\"><div class=\"wpb_text_column\"><div class=\"wpb_wrapper\"><h2>Fonti consultate<\/h2>\n<ul>\n<li><a href=\"https:\/\/ayamonte.es\/el-ayuntamiento-de-ayamonte-presenta-flamenco-ayamonte-un-programa-de-actividades-con-motivo-del-dia-internacional-del-flamenco\/\" target=\"_blank\" rel=\"noopener\">Comune di Ayamonte \u2014 presentazione di Flamenco Ayamonte<\/a>.<\/li>\n<li><a href=\"https:\/\/ayamonteturismo.com\/events\/flamenco-ayamonte\/\" target=\"_blank\" rel=\"noopener\">Ayamonte Turismo \u2014 Flamenco Ayamonte<\/a>.<\/li>\n<li><a href=\"https:\/\/www.patiodelajaboneria.es\/entradas\" target=\"_blank\" rel=\"noopener\">Festival Internacional de M\u00fasica Ciudad de Ayamonte \u2014 programmazione 2026<\/a>.<\/li>\n<li><a href=\"https:\/\/ayamonte.es\/events\/festival-internacional-de-musica-vive-alosno\/\" target=\"_blank\" rel=\"noopener\">Comune di Ayamonte \u2014 Vive Alosno, omaggio a Paco Toronjo<\/a>.<\/li>\n<li><a href=\"https:\/\/ayamonte.es\/wp-content\/uploads\/2018\/07\/Julio-2018.pdf\" target=\"_blank\" rel=\"noopener\">Comune di Ayamonte \u2014 X Festival Flamenco Antonia L\u00f3pez Ciudad de Ayamonte<\/a>.<\/li>\n<\/ul>\n<p><small>Informazioni verificate il 1\u00ba settembre 2026. La programmazione di concerti, festival e attivit\u00e0 culturali pu\u00f2 variare da una stagione all\u2019altra.<\/small><\/p>\n<\/div><\/div><\/div><\/div><\/div><\/div><\/div><\/section>\n","protected":false},"excerpt":{"rendered":"<p>Scopri la tradizione flamenca di Ayamonte, il suo legame con il fandango di Huelva e dove vivere oggi il flamenco tra tablaos, festival ed eventi culturali.<\/p>\n","protected":false},"author":1,"featured_media":13900,"comment_status":"closed","ping_status":"closed","sticky":false,"template":"","format":"standard","meta":{"_acf_changed":false,"wpai_generated_summary":"","_ayudawp_aiss_exclude":false,"_ayudawp_aiss_exclude_summary":false,"_ayudawp_aiss_summary":"","_ayudawp_aiss_summary_provider":"","_ayudawp_aiss_summary_hash":"","footnotes":""},"categories":[355],"tags":[1847,1849,1474,1850,1848,595,1846],"class_list":["post-13958","post","type-post","status-publish","format-standard","has-post-thumbnail","hentry","category-flamenco-per-citta","tag-ayamonte-it","tag-fandango-di-huelva","tag-flamenco-ad-ayamonte","tag-flamenco-ayamonte-programma-it","tag-huelva-it","tag-la-puerta-ancha","tag-tablao-flamenco-ayamonte-it"],"acf":[],"yoast_head":"<!-- This site is optimized with the Yoast SEO Premium plugin v28.4 (Yoast SEO v28.4) - https:\/\/yoast.com\/product\/yoast-seo-premium-wordpress\/ -->\n<title>Flamenco ad Ayamonte: tradizione e dove viverla | Tablaos Flamencos<\/title>\n<meta name=\"description\" content=\"Scopri la tradizione flamenca di Ayamonte, il legame con il fandango di Huelva e dove vivere il flamenco dal vivo tra tablaos, festival e cultura.\" \/>\n<meta name=\"robots\" content=\"index, follow, max-snippet:-1, max-image-preview:large, max-video-preview:-1\" \/>\n<link rel=\"canonical\" href=\"https:\/\/www.tablaosflamencos.com\/it\/flamenco-ayamonte-tradizione-dove-viverla.html\" \/>\n<meta property=\"og:locale\" content=\"it_IT\" \/>\n<meta property=\"og:type\" content=\"article\" \/>\n<meta property=\"og:title\" content=\"Flamenco ad Ayamonte: tradizione flamenca e dove viverla\" \/>\n<meta property=\"og:description\" content=\"Scopri la tradizione flamenca di Ayamonte, il legame con il fandango di Huelva e dove vivere il flamenco dal vivo tra tablaos, festival e cultura.\" \/>\n<meta property=\"og:url\" content=\"https:\/\/www.tablaosflamencos.com\/it\/flamenco-ayamonte-tradizione-dove-viverla.html\" \/>\n<meta property=\"og:site_name\" content=\"Tablaos Flamencos\" \/>\n<meta property=\"article:publisher\" content=\"https:\/\/www.facebook.com\/tablaosflamencos\" \/>\n<meta property=\"article:published_time\" content=\"2026-09-01T22:19:31+00:00\" \/>\n<meta property=\"article:modified_time\" content=\"2026-09-01T22:49:14+00:00\" \/>\n<meta property=\"og:image\" content=\"https:\/\/www.tablaosflamencos.com\/wp-content\/uploads\/flamenco-en-ayamonte-tradicion-flamenca-y-donde-disfrutarla-01.webp\" \/>\n\t<meta property=\"og:image:width\" content=\"1920\" \/>\n\t<meta property=\"og:image:height\" content=\"1440\" \/>\n\t<meta property=\"og:image:type\" content=\"image\/webp\" \/>\n<meta name=\"author\" content=\"Miguel Ortiz\" \/>\n<meta name=\"twitter:card\" content=\"summary_large_image\" \/>\n<meta name=\"twitter:creator\" content=\"@tablaosflamenco\" \/>\n<meta name=\"twitter:site\" content=\"@tablaosflamenco\" \/>\n<meta name=\"twitter:label1\" content=\"Scritto da\" \/>\n\t<meta name=\"twitter:data1\" content=\"Miguel Ortiz\" \/>\n\t<meta name=\"twitter:label2\" content=\"Tempo di lettura stimato\" \/>\n\t<meta name=\"twitter:data2\" content=\"17 minuti\" \/>\n<script type=\"application\/ld+json\" class=\"yoast-schema-graph\">{\"@context\":\"https:\\\/\\\/schema.org\",\"@graph\":[{\"@type\":\"Article\",\"@id\":\"https:\\\/\\\/www.tablaosflamencos.com\\\/it\\\/flamenco-ayamonte-tradizione-dove-viverla.html#article\",\"isPartOf\":{\"@id\":\"https:\\\/\\\/www.tablaosflamencos.com\\\/it\\\/flamenco-ayamonte-tradizione-dove-viverla.html\"},\"author\":{\"name\":\"Miguel Ortiz\",\"@id\":\"https:\\\/\\\/www.tablaosflamencos.com\\\/it#\\\/schema\\\/person\\\/e7a9ebe14eb75a52ceabfbffb3c54f5d\"},\"headline\":\"Flamenco ad Ayamonte: tradizione flamenca e dove viverla\",\"datePublished\":\"2026-09-01T22:19:31+00:00\",\"dateModified\":\"2026-09-01T22:49:14+00:00\",\"mainEntityOfPage\":{\"@id\":\"https:\\\/\\\/www.tablaosflamencos.com\\\/it\\\/flamenco-ayamonte-tradizione-dove-viverla.html\"},\"wordCount\":3412,\"publisher\":{\"@id\":\"https:\\\/\\\/www.tablaosflamencos.com\\\/it#organization\"},\"image\":{\"@id\":\"https:\\\/\\\/www.tablaosflamencos.com\\\/it\\\/flamenco-ayamonte-tradizione-dove-viverla.html#primaryimage\"},\"thumbnailUrl\":\"https:\\\/\\\/www.tablaosflamencos.com\\\/wp-content\\\/uploads\\\/flamenco-en-ayamonte-tradicion-flamenca-y-donde-disfrutarla-01.webp\",\"keywords\":[\"Ayamonte\",\"fandango di Huelva\",\"flamenco ad Ayamonte\",\"Flamenco Ayamonte\",\"Huelva\",\"La Puerta Ancha\",\"tablao flamenco ad Ayamonte\"],\"articleSection\":[\"Flamenco per citt\u00e0\"],\"inLanguage\":\"it-IT\"},{\"@type\":\"WebPage\",\"@id\":\"https:\\\/\\\/www.tablaosflamencos.com\\\/it\\\/flamenco-ayamonte-tradizione-dove-viverla.html\",\"url\":\"https:\\\/\\\/www.tablaosflamencos.com\\\/it\\\/flamenco-ayamonte-tradizione-dove-viverla.html\",\"name\":\"Flamenco ad Ayamonte: tradizione e dove viverla | Tablaos Flamencos\",\"isPartOf\":{\"@id\":\"https:\\\/\\\/www.tablaosflamencos.com\\\/it#website\"},\"primaryImageOfPage\":{\"@id\":\"https:\\\/\\\/www.tablaosflamencos.com\\\/it\\\/flamenco-ayamonte-tradizione-dove-viverla.html#primaryimage\"},\"image\":{\"@id\":\"https:\\\/\\\/www.tablaosflamencos.com\\\/it\\\/flamenco-ayamonte-tradizione-dove-viverla.html#primaryimage\"},\"thumbnailUrl\":\"https:\\\/\\\/www.tablaosflamencos.com\\\/wp-content\\\/uploads\\\/flamenco-en-ayamonte-tradicion-flamenca-y-donde-disfrutarla-01.webp\",\"datePublished\":\"2026-09-01T22:19:31+00:00\",\"dateModified\":\"2026-09-01T22:49:14+00:00\",\"description\":\"Scopri la tradizione flamenca di Ayamonte, il legame con il fandango di Huelva e dove vivere il flamenco dal vivo tra tablaos, festival e cultura.\",\"breadcrumb\":{\"@id\":\"https:\\\/\\\/www.tablaosflamencos.com\\\/it\\\/flamenco-ayamonte-tradizione-dove-viverla.html#breadcrumb\"},\"inLanguage\":\"it-IT\",\"potentialAction\":[{\"@type\":\"ReadAction\",\"target\":[\"https:\\\/\\\/www.tablaosflamencos.com\\\/it\\\/flamenco-ayamonte-tradizione-dove-viverla.html\"]}]},{\"@type\":\"ImageObject\",\"inLanguage\":\"it-IT\",\"@id\":\"https:\\\/\\\/www.tablaosflamencos.com\\\/it\\\/flamenco-ayamonte-tradizione-dove-viverla.html#primaryimage\",\"url\":\"https:\\\/\\\/www.tablaosflamencos.com\\\/wp-content\\\/uploads\\\/flamenco-en-ayamonte-tradicion-flamenca-y-donde-disfrutarla-01.webp\",\"contentUrl\":\"https:\\\/\\\/www.tablaosflamencos.com\\\/wp-content\\\/uploads\\\/flamenco-en-ayamonte-tradicion-flamenca-y-donde-disfrutarla-01.webp\",\"width\":1920,\"height\":1440,\"caption\":\"Flamenco en Ayamonte: tradici\u00f3n flamenca y d\u00f3nde disfrutarla\"},{\"@type\":\"BreadcrumbList\",\"@id\":\"https:\\\/\\\/www.tablaosflamencos.com\\\/it\\\/flamenco-ayamonte-tradizione-dove-viverla.html#breadcrumb\",\"itemListElement\":[{\"@type\":\"ListItem\",\"position\":1,\"name\":\"Home\",\"item\":\"https:\\\/\\\/www.tablaosflamencos.com\\\/it\"},{\"@type\":\"ListItem\",\"position\":2,\"name\":\"Flamenco ad Ayamonte: tradizione flamenca e dove viverla\"}]},{\"@type\":\"WebSite\",\"@id\":\"https:\\\/\\\/www.tablaosflamencos.com\\\/it#website\",\"url\":\"https:\\\/\\\/www.tablaosflamencos.com\\\/it\",\"name\":\"Tablaos Flamencos\",\"description\":\"Entradas para tablaos flamencos de Espa\u00f1a\",\"publisher\":{\"@id\":\"https:\\\/\\\/www.tablaosflamencos.com\\\/it#organization\"},\"alternateName\":\"Tablaos Flamencos\",\"potentialAction\":[{\"@type\":\"SearchAction\",\"target\":{\"@type\":\"EntryPoint\",\"urlTemplate\":\"https:\\\/\\\/www.tablaosflamencos.com\\\/it?s={search_term_string}\"},\"query-input\":{\"@type\":\"PropertyValueSpecification\",\"valueRequired\":true,\"valueName\":\"search_term_string\"}}],\"inLanguage\":\"it-IT\"},{\"@type\":[\"Organization\",\"Place\",\"EntertainmentBusiness\"],\"@id\":\"https:\\\/\\\/www.tablaosflamencos.com\\\/it#organization\",\"name\":\"Tablaos Flamencos\",\"alternateName\":\"Tablaos Flamencos\",\"url\":\"https:\\\/\\\/www.tablaosflamencos.com\\\/it\",\"logo\":{\"@id\":\"https:\\\/\\\/www.tablaosflamencos.com\\\/it\\\/flamenco-ayamonte-tradizione-dove-viverla.html#local-main-organization-logo\"},\"image\":{\"@id\":\"https:\\\/\\\/www.tablaosflamencos.com\\\/it\\\/flamenco-ayamonte-tradizione-dove-viverla.html#local-main-organization-logo\"},\"sameAs\":[\"https:\\\/\\\/www.facebook.com\\\/tablaosflamencos\",\"https:\\\/\\\/x.com\\\/tablaosflamenco\",\"https:\\\/\\\/mastodon.social\\\/@tablaosflamencos\",\"https:\\\/\\\/www.instagram.com\\\/tablaosflamencos\",\"https:\\\/\\\/tiktok.com\\\/@tablaosflamencos\",\"https:\\\/\\\/www.linkedin.com\\\/company\\\/109408238\\\/\"],\"description\":\"Venta de entradas para espect\u00e1culos flamencos\",\"legalName\":\"Tablaos Flamencos\",\"foundingDate\":\"2015-01-01\",\"numberOfEmployees\":{\"@type\":\"QuantitativeValue\",\"minValue\":\"1\",\"maxValue\":\"10\"},\"address\":{\"@id\":\"https:\\\/\\\/www.tablaosflamencos.com\\\/it\\\/flamenco-ayamonte-tradizione-dove-viverla.html#local-main-place-address\"},\"geo\":{\"@type\":\"GeoCoordinates\",\"latitude\":\"37.3868072\",\"longitude\":\"-5.993280299999999\"},\"telephone\":[\"+34623787787\"],\"contactPoint\":{\"@type\":\"ContactPoint\",\"telephone\":\"+34623787787\",\"email\":\"info@tablaosflamencos.com\"},\"openingHoursSpecification\":{\"@type\":\"OpeningHoursSpecification\",\"dayOfWeek\":[\"Monday\",\"Tuesday\",\"Wednesday\",\"Thursday\",\"Friday\",\"Saturday\",\"Sunday\"],\"opens\":\"00:00\",\"closes\":\"23:59\"},\"email\":\"info@tablaosflamencos.com\",\"priceRange\":\"$$$\",\"currenciesAccepted\":\"\u20ac\"},{\"@type\":\"Person\",\"@id\":\"https:\\\/\\\/www.tablaosflamencos.com\\\/it#\\\/schema\\\/person\\\/e7a9ebe14eb75a52ceabfbffb3c54f5d\",\"name\":\"Miguel Ortiz\",\"description\":\"Miguel Ortiz es un empresario flamenco, con una s\u00f3lida trayectoria dentro del sector. Ha presidido entidades culturales vinculadas al flamenco y, cuenta con un amplio recorrido profesional en la gesti\u00f3n y promoci\u00f3n de espect\u00e1culos y tablaos flamencos. Su pasi\u00f3n por la historia y el arte flamenco se refleja en cada art\u00edculo, donde combina experiencia, criterio y un profundo respeto por la tradici\u00f3n.\",\"sameAs\":[\"https:\\\/\\\/www.tablaosflamencos.com\",\"https:\\\/\\\/www.instagra.com\\\/miguelortizfe\",\"https:\\\/\\\/www.linkedin.com\\\/in\\\/miguelortizf\\\/\"],\"birthDate\":\"1984-11-22\",\"gender\":\"hombre\",\"knowsLanguage\":[\"espa\u00f1ol\",\"ingl\u00e9s\"],\"jobTitle\":\"Empresario flamenco\"},{\"@type\":\"PostalAddress\",\"@id\":\"https:\\\/\\\/www.tablaosflamencos.com\\\/it\\\/flamenco-ayamonte-tradizione-dove-viverla.html#local-main-place-address\",\"streetAddress\":\"C\\\/ Alemanes, 19\",\"addressLocality\":\"Sevilla\",\"postalCode\":\"41004\",\"addressRegion\":\"Sevilla\",\"addressCountry\":\"ES\"},{\"@type\":\"ImageObject\",\"inLanguage\":\"it-IT\",\"@id\":\"https:\\\/\\\/www.tablaosflamencos.com\\\/it\\\/flamenco-ayamonte-tradizione-dove-viverla.html#local-main-organization-logo\",\"url\":\"https:\\\/\\\/www.tablaosflamencos.com\\\/wp-content\\\/uploads\\\/tablaos-flamencos-06-3.webp\",\"contentUrl\":\"https:\\\/\\\/www.tablaosflamencos.com\\\/wp-content\\\/uploads\\\/tablaos-flamencos-06-3.webp\",\"width\":600,\"height\":620,\"caption\":\"Tablaos Flamencos\"}]}<\/script>\n<meta name=\"geo.placename\" content=\"Sevilla\" \/>\n<meta name=\"geo.position\" content=\"37.3868072;-5.993280299999999\" \/>\n<meta name=\"geo.region\" content=\"Spagna\" \/>\n<!-- \/ Yoast SEO Premium plugin. -->","yoast_head_json":{"title":"Flamenco ad Ayamonte: tradizione e dove viverla | Tablaos Flamencos","description":"Scopri la tradizione flamenca di Ayamonte, il legame con il fandango di Huelva e dove vivere il flamenco dal vivo tra tablaos, festival e cultura.","robots":{"index":"index","follow":"follow","max-snippet":"max-snippet:-1","max-image-preview":"max-image-preview:large","max-video-preview":"max-video-preview:-1"},"canonical":"https:\/\/www.tablaosflamencos.com\/it\/flamenco-ayamonte-tradizione-dove-viverla.html","og_locale":"it_IT","og_type":"article","og_title":"Flamenco ad Ayamonte: tradizione flamenca e dove viverla","og_description":"Scopri la tradizione flamenca di Ayamonte, il legame con il fandango di Huelva e dove vivere il flamenco dal vivo tra tablaos, festival e cultura.","og_url":"https:\/\/www.tablaosflamencos.com\/it\/flamenco-ayamonte-tradizione-dove-viverla.html","og_site_name":"Tablaos Flamencos","article_publisher":"https:\/\/www.facebook.com\/tablaosflamencos","article_published_time":"2026-09-01T22:19:31+00:00","article_modified_time":"2026-09-01T22:49:14+00:00","og_image":[{"width":1920,"height":1440,"url":"https:\/\/www.tablaosflamencos.com\/wp-content\/uploads\/flamenco-en-ayamonte-tradicion-flamenca-y-donde-disfrutarla-01.webp","type":"image\/webp"}],"author":"Miguel Ortiz","twitter_card":"summary_large_image","twitter_creator":"@tablaosflamenco","twitter_site":"@tablaosflamenco","twitter_misc":{"Scritto da":"Miguel Ortiz","Tempo di lettura stimato":"17 minuti"},"schema":{"@context":"https:\/\/schema.org","@graph":[{"@type":"Article","@id":"https:\/\/www.tablaosflamencos.com\/it\/flamenco-ayamonte-tradizione-dove-viverla.html#article","isPartOf":{"@id":"https:\/\/www.tablaosflamencos.com\/it\/flamenco-ayamonte-tradizione-dove-viverla.html"},"author":{"name":"Miguel Ortiz","@id":"https:\/\/www.tablaosflamencos.com\/it#\/schema\/person\/e7a9ebe14eb75a52ceabfbffb3c54f5d"},"headline":"Flamenco ad Ayamonte: tradizione flamenca e dove viverla","datePublished":"2026-09-01T22:19:31+00:00","dateModified":"2026-09-01T22:49:14+00:00","mainEntityOfPage":{"@id":"https:\/\/www.tablaosflamencos.com\/it\/flamenco-ayamonte-tradizione-dove-viverla.html"},"wordCount":3412,"publisher":{"@id":"https:\/\/www.tablaosflamencos.com\/it#organization"},"image":{"@id":"https:\/\/www.tablaosflamencos.com\/it\/flamenco-ayamonte-tradizione-dove-viverla.html#primaryimage"},"thumbnailUrl":"https:\/\/www.tablaosflamencos.com\/wp-content\/uploads\/flamenco-en-ayamonte-tradicion-flamenca-y-donde-disfrutarla-01.webp","keywords":["Ayamonte","fandango di Huelva","flamenco ad Ayamonte","Flamenco Ayamonte","Huelva","La Puerta Ancha","tablao flamenco ad Ayamonte"],"articleSection":["Flamenco per citt\u00e0"],"inLanguage":"it-IT"},{"@type":"WebPage","@id":"https:\/\/www.tablaosflamencos.com\/it\/flamenco-ayamonte-tradizione-dove-viverla.html","url":"https:\/\/www.tablaosflamencos.com\/it\/flamenco-ayamonte-tradizione-dove-viverla.html","name":"Flamenco ad Ayamonte: tradizione e dove viverla | Tablaos Flamencos","isPartOf":{"@id":"https:\/\/www.tablaosflamencos.com\/it#website"},"primaryImageOfPage":{"@id":"https:\/\/www.tablaosflamencos.com\/it\/flamenco-ayamonte-tradizione-dove-viverla.html#primaryimage"},"image":{"@id":"https:\/\/www.tablaosflamencos.com\/it\/flamenco-ayamonte-tradizione-dove-viverla.html#primaryimage"},"thumbnailUrl":"https:\/\/www.tablaosflamencos.com\/wp-content\/uploads\/flamenco-en-ayamonte-tradicion-flamenca-y-donde-disfrutarla-01.webp","datePublished":"2026-09-01T22:19:31+00:00","dateModified":"2026-09-01T22:49:14+00:00","description":"Scopri la tradizione flamenca di Ayamonte, il legame con il fandango di Huelva e dove vivere il flamenco dal vivo tra tablaos, festival e cultura.","breadcrumb":{"@id":"https:\/\/www.tablaosflamencos.com\/it\/flamenco-ayamonte-tradizione-dove-viverla.html#breadcrumb"},"inLanguage":"it-IT","potentialAction":[{"@type":"ReadAction","target":["https:\/\/www.tablaosflamencos.com\/it\/flamenco-ayamonte-tradizione-dove-viverla.html"]}]},{"@type":"ImageObject","inLanguage":"it-IT","@id":"https:\/\/www.tablaosflamencos.com\/it\/flamenco-ayamonte-tradizione-dove-viverla.html#primaryimage","url":"https:\/\/www.tablaosflamencos.com\/wp-content\/uploads\/flamenco-en-ayamonte-tradicion-flamenca-y-donde-disfrutarla-01.webp","contentUrl":"https:\/\/www.tablaosflamencos.com\/wp-content\/uploads\/flamenco-en-ayamonte-tradicion-flamenca-y-donde-disfrutarla-01.webp","width":1920,"height":1440,"caption":"Flamenco en Ayamonte: tradici\u00f3n flamenca y d\u00f3nde disfrutarla"},{"@type":"BreadcrumbList","@id":"https:\/\/www.tablaosflamencos.com\/it\/flamenco-ayamonte-tradizione-dove-viverla.html#breadcrumb","itemListElement":[{"@type":"ListItem","position":1,"name":"Home","item":"https:\/\/www.tablaosflamencos.com\/it"},{"@type":"ListItem","position":2,"name":"Flamenco ad Ayamonte: tradizione flamenca e dove viverla"}]},{"@type":"WebSite","@id":"https:\/\/www.tablaosflamencos.com\/it#website","url":"https:\/\/www.tablaosflamencos.com\/it","name":"Tablaos Flamencos","description":"Entradas para tablaos flamencos de Espa\u00f1a","publisher":{"@id":"https:\/\/www.tablaosflamencos.com\/it#organization"},"alternateName":"Tablaos Flamencos","potentialAction":[{"@type":"SearchAction","target":{"@type":"EntryPoint","urlTemplate":"https:\/\/www.tablaosflamencos.com\/it?s={search_term_string}"},"query-input":{"@type":"PropertyValueSpecification","valueRequired":true,"valueName":"search_term_string"}}],"inLanguage":"it-IT"},{"@type":["Organization","Place","EntertainmentBusiness"],"@id":"https:\/\/www.tablaosflamencos.com\/it#organization","name":"Tablaos Flamencos","alternateName":"Tablaos Flamencos","url":"https:\/\/www.tablaosflamencos.com\/it","logo":{"@id":"https:\/\/www.tablaosflamencos.com\/it\/flamenco-ayamonte-tradizione-dove-viverla.html#local-main-organization-logo"},"image":{"@id":"https:\/\/www.tablaosflamencos.com\/it\/flamenco-ayamonte-tradizione-dove-viverla.html#local-main-organization-logo"},"sameAs":["https:\/\/www.facebook.com\/tablaosflamencos","https:\/\/x.com\/tablaosflamenco","https:\/\/mastodon.social\/@tablaosflamencos","https:\/\/www.instagram.com\/tablaosflamencos","https:\/\/tiktok.com\/@tablaosflamencos","https:\/\/www.linkedin.com\/company\/109408238\/"],"description":"Venta de entradas para espect\u00e1culos flamencos","legalName":"Tablaos Flamencos","foundingDate":"2015-01-01","numberOfEmployees":{"@type":"QuantitativeValue","minValue":"1","maxValue":"10"},"address":{"@id":"https:\/\/www.tablaosflamencos.com\/it\/flamenco-ayamonte-tradizione-dove-viverla.html#local-main-place-address"},"geo":{"@type":"GeoCoordinates","latitude":"37.3868072","longitude":"-5.993280299999999"},"telephone":["+34623787787"],"contactPoint":{"@type":"ContactPoint","telephone":"+34623787787","email":"info@tablaosflamencos.com"},"openingHoursSpecification":{"@type":"OpeningHoursSpecification","dayOfWeek":["Monday","Tuesday","Wednesday","Thursday","Friday","Saturday","Sunday"],"opens":"00:00","closes":"23:59"},"email":"info@tablaosflamencos.com","priceRange":"$$$","currenciesAccepted":"\u20ac"},{"@type":"Person","@id":"https:\/\/www.tablaosflamencos.com\/it#\/schema\/person\/e7a9ebe14eb75a52ceabfbffb3c54f5d","name":"Miguel Ortiz","description":"Miguel Ortiz es un empresario flamenco, con una s\u00f3lida trayectoria dentro del sector. Ha presidido entidades culturales vinculadas al flamenco y, cuenta con un amplio recorrido profesional en la gesti\u00f3n y promoci\u00f3n de espect\u00e1culos y tablaos flamencos. Su pasi\u00f3n por la historia y el arte flamenco se refleja en cada art\u00edculo, donde combina experiencia, criterio y un profundo respeto por la tradici\u00f3n.","sameAs":["https:\/\/www.tablaosflamencos.com","https:\/\/www.instagra.com\/miguelortizfe","https:\/\/www.linkedin.com\/in\/miguelortizf\/"],"birthDate":"1984-11-22","gender":"hombre","knowsLanguage":["espa\u00f1ol","ingl\u00e9s"],"jobTitle":"Empresario flamenco"},{"@type":"PostalAddress","@id":"https:\/\/www.tablaosflamencos.com\/it\/flamenco-ayamonte-tradizione-dove-viverla.html#local-main-place-address","streetAddress":"C\/ Alemanes, 19","addressLocality":"Sevilla","postalCode":"41004","addressRegion":"Sevilla","addressCountry":"ES"},{"@type":"ImageObject","inLanguage":"it-IT","@id":"https:\/\/www.tablaosflamencos.com\/it\/flamenco-ayamonte-tradizione-dove-viverla.html#local-main-organization-logo","url":"https:\/\/www.tablaosflamencos.com\/wp-content\/uploads\/tablaos-flamencos-06-3.webp","contentUrl":"https:\/\/www.tablaosflamencos.com\/wp-content\/uploads\/tablaos-flamencos-06-3.webp","width":600,"height":620,"caption":"Tablaos Flamencos"}]},"geo.placename":"Sevilla","geo.position":{"lat":"37.3868072","long":"-5.993280299999999"},"geo.region":"Spagna"},"_links":{"self":[{"href":"https:\/\/www.tablaosflamencos.com\/it\/wp-json\/wp\/v2\/posts\/13958","targetHints":{"allow":["GET"]}}],"collection":[{"href":"https:\/\/www.tablaosflamencos.com\/it\/wp-json\/wp\/v2\/posts"}],"about":[{"href":"https:\/\/www.tablaosflamencos.com\/it\/wp-json\/wp\/v2\/types\/post"}],"author":[{"embeddable":true,"href":"https:\/\/www.tablaosflamencos.com\/it\/wp-json\/wp\/v2\/users\/1"}],"replies":[{"embeddable":true,"href":"https:\/\/www.tablaosflamencos.com\/it\/wp-json\/wp\/v2\/comments?post=13958"}],"version-history":[{"count":8,"href":"https:\/\/www.tablaosflamencos.com\/it\/wp-json\/wp\/v2\/posts\/13958\/revisions"}],"predecessor-version":[{"id":14012,"href":"https:\/\/www.tablaosflamencos.com\/it\/wp-json\/wp\/v2\/posts\/13958\/revisions\/14012"}],"wp:featuredmedia":[{"embeddable":true,"href":"https:\/\/www.tablaosflamencos.com\/it\/wp-json\/wp\/v2\/media\/13900"}],"wp:attachment":[{"href":"https:\/\/www.tablaosflamencos.com\/it\/wp-json\/wp\/v2\/media?parent=13958"}],"wp:term":[{"taxonomy":"category","embeddable":true,"href":"https:\/\/www.tablaosflamencos.com\/it\/wp-json\/wp\/v2\/categories?post=13958"},{"taxonomy":"post_tag","embeddable":true,"href":"https:\/\/www.tablaosflamencos.com\/it\/wp-json\/wp\/v2\/tags?post=13958"}],"curies":[{"name":"wp","href":"https:\/\/api.w.org\/{rel}","templated":true}]}}