{"id":13887,"date":"2026-09-01T23:35:30","date_gmt":"2026-09-01T21:35:30","guid":{"rendered":"https:\/\/www.tablaosflamencos.com\/?p=13887"},"modified":"2026-09-02T00:40:08","modified_gmt":"2026-09-01T22:40:08","slug":"biennale-flamenco-siviglia-2026-biglietti-prezzi-sconti","status":"publish","type":"post","link":"https:\/\/www.tablaosflamencos.com\/it\/biennale-flamenco-siviglia-2026-biglietti-prezzi-sconti.html","title":{"rendered":"Biennale di Flamenco di Siviglia 2026: biglietti, prezzi e sconti"},"content":{"rendered":"<section class=\"l-section wpb_row height_huge\"><div class=\"l-section-h i-cf\"><div class=\"g-cols vc_row via_flex valign_top type_default stacking_default\"><div class=\"vc_col-sm-6 wpb_column vc_column_container\"><div class=\"vc_column-inner\"><div class=\"wpb_wrapper\"><div class=\"wpb_text_column\"><div class=\"wpb_wrapper\"><h2>Biglietti della Biennale di Flamenco 2026: prezzi e come acquistarli<\/h2>\n<p>La <strong>Biennale di Flamenco di Siviglia 2026<\/strong> si svolge dal <strong>9 settembre al 3 ottobre<\/strong> e riunisce decine di spettacoli in teatri, spazi storici e luoghi singolari della citt\u00e0. Se stai organizzando la visita, una delle domande pi\u00f9 importanti \u00e8 molto concreta: <strong>quanto costano i biglietti, dove si acquistano e quali sconti sono ancora disponibili<\/strong>.<\/p>\n<p>La risposta dipende dalla sede e, in alcuni casi, dal settore scelto. L\u2019organizzazione ha pubblicato prezzi che partono da <strong>12 \u20ac<\/strong> per il Paradiso Laterale del Teatro Lope de Vega e arrivano fino a <strong>75 \u20ac<\/strong> per i posti migliori di <em>Infinita<\/em>, di Sara Baras, al Teatro de la Maestranza. Ci sono inoltre spettacoli con prezzo unico di 30 \u20ac, biglietti da 15 \u20ac all\u2019Espacio Turina e posti da 25 \u20ac alla Plaza de Toros.<\/p>\n<\/div><\/div><\/div><\/div><\/div><div class=\"vc_col-sm-6 wpb_column vc_column_container\"><div class=\"vc_column-inner\"><div class=\"wpb_wrapper\"><div class=\"wpb_text_column\"><div class=\"wpb_wrapper\"><p style=\"text-align: center; font-size: 54px; line-height: 1; margin-bottom: 10px;\"><strong>12 \u20ac<\/strong><\/p>\n<h3 style=\"text-align: center;\">Biglietto pi\u00f9 economico pubblicato<\/h3>\n<p style=\"text-align: center; font-size: 40px; line-height: 1; margin: 25px 0 10px;\"><strong>75 \u20ac<\/strong><\/p>\n<h3 style=\"text-align: center;\">Prezzo massimo pubblicato<\/h3>\n<p style=\"text-align: center; font-size: 40px; line-height: 1; margin: 25px 0 10px;\"><strong>50%<\/strong><\/p>\n<h3 style=\"text-align: center;\">Hora Joven per gli under 30<\/h3>\n<\/div><\/div><\/div><\/div><\/div><\/div><\/div><\/section><section class=\"l-section wpb_row height_huge color_alternate\"><div class=\"l-section-h i-cf\"><div class=\"g-cols vc_row via_flex valign_top type_default stacking_default\"><div class=\"vc_col-sm-12 wpb_column vc_column_container\"><div class=\"vc_column-inner\"><div class=\"wpb_wrapper\"><div class=\"wpb_text_column\"><div class=\"wpb_wrapper\"><blockquote>\n<p><strong>Risposta rapida:<\/strong> i biglietti della Biennale di Flamenco di Siviglia 2026 costano ufficialmente tra <strong>12 e 75 euro<\/strong>, a seconda della sede e del settore. Gli sconti anticipati del 10% e del 5% sono terminati, ma resta disponibile la <strong>Hora Joven<\/strong>: gli under 30 possono ottenere uno <strong>sconto del 50%<\/strong> in biglietteria un\u2019ora prima dello spettacolo, purch\u00e9 ci siano ancora posti disponibili. I biglietti si acquistano dalla scheda ufficiale di ogni spettacolo nel programma della Biennale.<\/p>\n<\/blockquote>\n<p><strong>Ultimo aggiornamento: 1 settembre 2026.<\/strong> I prezzi riportati qui sono quelli pubblicati ufficialmente dalla Biennale. La disponibilit\u00e0 dei posti pu\u00f2 cambiare in qualsiasi momento e alcuni spettacoli hanno gi\u00e0 comunicato il tutto esaurito.<\/p>\n<\/div><\/div><div class=\"w-separator size_medium\"><\/div><div class=\"w-hwrapper valign_top wrap stack_on_mobiles align_center\" style=\"--hwrapper-gap:1.2rem\"><div class=\"w-btn-wrapper align_none\"><a class=\"w-btn us-btn-style_1\" href=\"https:\/\/www.tablaosflamencos.com\/it\/biennale-flamenco-siviglia-2026.html\"><span class=\"w-btn-label\">Guida completa alla Biennale 2026<\/span><\/a><\/div><div class=\"w-btn-wrapper align_none\"><a class=\"w-btn us-btn-style_1\" href=\"https:\/\/www.tablaosflamencos.com\/it\/biennale-flamenco-siviglia\"><span class=\"w-btn-label\">Vedi tutte le nostre notizie sulla Biennale<\/span><\/a><\/div><\/div><\/div><\/div><\/div><\/div><\/div><\/section><section class=\"l-section wpb_row height_huge\"><div class=\"l-section-h i-cf\"><div class=\"g-cols vc_row via_flex valign_top type_default stacking_default\"><div class=\"vc_col-sm-3 wpb_column vc_column_container\"><div class=\"vc_column-inner\"><div class=\"wpb_wrapper\"><\/div><\/div><\/div><div class=\"vc_col-sm-6 wpb_column vc_column_container\"><div class=\"vc_column-inner\"><div class=\"wpb_wrapper\"><div class=\"wpb_text_column\"><div class=\"wpb_wrapper\"><h2>Contenuto di questa guida<\/h2>\n<ul>\n<li><a href=\"#como-comprar\">Come acquistare i biglietti per la Biennale 2026<\/a><\/li>\n<li><a href=\"#precios\">Prezzi ufficiali per sede<\/a><\/li>\n<li><a href=\"#descuentos\">Sconti della Biennale 2026<\/a><\/li>\n<li><a href=\"#hora-joven\">Hora Joven: 50% per gli under 30<\/a><\/li>\n<li><a href=\"#sara-baras\">Prezzi speciali per Sara Baras<\/a><\/li>\n<li><a href=\"#taquillas\">Vendita in biglietteria e biglietti il giorno stesso<\/a><\/li>\n<li><a href=\"#agotadas\">Cosa fare se non ci sono pi\u00f9 biglietti<\/a><\/li>\n<li><a href=\"#gratis\">Alternative gratuite<\/a><\/li>\n<li><a href=\"#consejos\">Consigli per acquistare meglio<\/a><\/li>\n<li><a href=\"#faq-entradas\">Domande frequenti<\/a><\/li>\n<\/ul>\n<\/div><\/div><\/div><\/div><\/div><div class=\"vc_col-sm-3 wpb_column vc_column_container\"><div class=\"vc_column-inner\"><div class=\"wpb_wrapper\"><\/div><\/div><\/div><\/div><\/div><\/section><section class=\"l-section wpb_row height_huge color_alternate\"><div class=\"l-section-h i-cf\"><div class=\"g-cols vc_row via_flex valign_top type_default stacking_default\"><div class=\"vc_col-sm-6 wpb_column vc_column_container\"><div class=\"vc_column-inner\"><div class=\"wpb_wrapper\"><div class=\"wpb_text_column\"><div class=\"wpb_wrapper\"><h2 id=\"como-comprar\">Come acquistare i biglietti per la Biennale di Flamenco 2026<\/h2>\n<p>La vendita generale \u00e8 iniziata l\u2019 <strong>11 febbraio 2026 alle 10:00<\/strong>. Il modo pi\u00f9 diretto per acquistare \u00e8 entrare nel <strong>Programma generale<\/strong> della Biennale e aprire la scheda dello spettacolo che ti interessa. Quando ci sono posti disponibili, la scheda include l\u2019opzione ufficiale <strong>\u00abAcquisto biglietti\u00bb<\/strong>.<\/p>\n<p>Puoi consultare il <a href=\"https:\/\/www.labienal.com\/programa-general\" target=\"_blank\" rel=\"noopener\"><strong>programma ufficiale della Biennale<\/strong><\/a> per verificare la disponibilit\u00e0 aggiornata di ogni spettacolo. \u00c8 preferibile accedere dalla scheda specifica anzich\u00e9 da vecchi risultati dei motori di ricerca, perch\u00e9 la disponibilit\u00e0 pu\u00f2 cambiare rapidamente.<\/p>\n<p>La Biennale mette inoltre a disposizione l\u2019e-mail della biglietteria, <strong>taquillaseulen.icas@gmail.com<\/strong>, e il numero di telefono <strong>955 472 822<\/strong> per le richieste relative all\u2019acquisto.<\/p>\n<\/div><\/div><\/div><\/div><\/div><div class=\"vc_col-sm-6 wpb_column vc_column_container\"><div class=\"vc_column-inner\"><div class=\"wpb_wrapper\"><div class=\"wpb_text_column\"><div class=\"wpb_wrapper\"><h2>Esiste un\u2019unica biglietteria per tutti gli spettacoli?<\/h2>\n<p>In pratica, la Biennale centralizza l\u2019accesso all\u2019acquisto attraverso il proprio programma. \u00c8 utile perch\u00e9 l\u2019edizione \u00e8 distribuita tra numerose sedi: Teatro Lope de Vega, Teatro de la Maestranza, Teatro Central, Espacio Turina, Teatro Alameda, San Luis de los Franceses, Real F\u00e1brica de Artiller\u00eda, Real Alc\u00e1zar, Hotel Triana e Plaza de Toros, tra le altre.<\/p>\n<p>Il nostro consiglio \u00e8 semplice: <strong>parti sempre dal sito ufficiale della Biennale<\/strong>. Cos\u00ec riduci il rischio di finire su una scheda non aggiornata, su un sito di rivendita o su un canale che non rifletta la disponibilit\u00e0 reale.<\/p>\n<p>Se stai confrontando pi\u00f9 giorni, puoi prima aprire la nostra <a href=\"https:\/\/www.tablaosflamencos.com\/bienal-flamenco-sevilla-2026.html\"><strong>guida completa alla Biennale di Flamenco di Siviglia 2026<\/strong><\/a> e poi verificare l\u2019acquisto di ogni spettacolo che si adatta al tuo itinerario.<\/p>\n<\/div><\/div><\/div><\/div><\/div><\/div><\/div><\/section><section class=\"l-section wpb_row height_huge\"><div class=\"l-section-h i-cf\"><div class=\"g-cols vc_row via_flex valign_top type_default stacking_default\"><div class=\"vc_col-sm-12 wpb_column vc_column_container\"><div class=\"vc_column-inner\"><div class=\"wpb_wrapper\"><div class=\"wpb_text_column\"><div class=\"wpb_wrapper\"><h2 id=\"precios\">Prezzi dei biglietti della Biennale di Flamenco 2026 per sede<\/h2>\n<p>I prezzi ufficiali non sono uguali in tutte le sedi. Alcuni spazi applicano un <strong>prezzo unico<\/strong> mentre altri dividono la sala per settori. Questo \u00e8 l\u2019elenco pubblicato dall\u2019organizzazione per la XXIV Biennale:<\/p>\n<div style=\"overflow-x: auto;\">\n<table>\n<thead>\n<tr>\n<th>Sede<\/th>\n<th>Settore \/ posto<\/th>\n<th>Prezzo<\/th>\n<\/tr>\n<\/thead>\n<tbody>\n<tr>\n<td rowspan=\"6\"><strong>Plaza de Toros<\/strong><\/td>\n<td>Arena<\/td>\n<td>50 \u20ac<\/td>\n<\/tr>\n<tr>\n<td>Barrera<\/td>\n<td>45 \u20ac<\/td>\n<\/tr>\n<tr>\n<td>Tendido<\/td>\n<td>40 \u20ac<\/td>\n<\/tr>\n<tr>\n<td>Poltrona di tendido<\/td>\n<td>35 \u20ac<\/td>\n<\/tr>\n<tr>\n<td>Palco<\/td>\n<td>30 \u20ac<\/td>\n<\/tr>\n<tr>\n<td>Gradinata<\/td>\n<td>25 \u20ac<\/td>\n<\/tr>\n<tr>\n<td rowspan=\"2\"><strong>Espacio Turina<\/strong><\/td>\n<td>Generale<\/td>\n<td>25 \u20ac<\/td>\n<\/tr>\n<tr>\n<td>Galleria<\/td>\n<td>15 \u20ac<\/td>\n<\/tr>\n<tr>\n<td rowspan=\"11\"><strong>Teatro de la Maestranza<\/strong><\/td>\n<td>Platea A<\/td>\n<td>55 \u20ac<\/td>\n<\/tr>\n<tr>\n<td>Platea B<\/td>\n<td>50 \u20ac<\/td>\n<\/tr>\n<tr>\n<td>Balcone A<\/td>\n<td>48 \u20ac<\/td>\n<\/tr>\n<tr>\n<td>Balcone B<\/td>\n<td>45 \u20ac<\/td>\n<\/tr>\n<tr>\n<td>Terrazza A<\/td>\n<td>42 \u20ac<\/td>\n<\/tr>\n<tr>\n<td>Terrazza B<\/td>\n<td>40 \u20ac<\/td>\n<\/tr>\n<tr>\n<td>Terrazza C<\/td>\n<td>37 \u20ac<\/td>\n<\/tr>\n<tr>\n<td>Galleria A<\/td>\n<td>35 \u20ac<\/td>\n<\/tr>\n<tr>\n<td>Galleria B<\/td>\n<td>32 \u20ac<\/td>\n<\/tr>\n<tr>\n<td>Galleria C<\/td>\n<td>30 \u20ac<\/td>\n<\/tr>\n<tr>\n<td>Galleria D<\/td>\n<td>28 \u20ac<\/td>\n<\/tr>\n<tr>\n<td rowspan=\"8\"><strong>Teatro Lope de Vega<\/strong><\/td>\n<td>Poltrona di platea<\/td>\n<td>35 \u20ac<\/td>\n<\/tr>\n<tr>\n<td>Platea<\/td>\n<td>35 \u20ac<\/td>\n<\/tr>\n<tr>\n<td>Palco centrale<\/td>\n<td>35 \u20ac<\/td>\n<\/tr>\n<tr>\n<td>Palco laterale<\/td>\n<td>30 \u20ac<\/td>\n<\/tr>\n<tr>\n<td>Poltrona di anfiteatro<\/td>\n<td>25 \u20ac<\/td>\n<\/tr>\n<tr>\n<td>Palco di anfiteatro<\/td>\n<td>20 \u20ac<\/td>\n<\/tr>\n<tr>\n<td>Poltrona di galleria centrale<\/td>\n<td>15 \u20ac<\/td>\n<\/tr>\n<tr>\n<td>Poltrona di galleria laterale<\/td>\n<td>12 \u20ac<\/td>\n<\/tr>\n<tr>\n<td><strong>Teatro Central<\/strong><\/td>\n<td>Prezzo pubblicato<\/td>\n<td>30 \u20ac<\/td>\n<\/tr>\n<tr>\n<td><strong>Chiesa di San Luis<\/strong><\/td>\n<td>Prezzo pubblicato<\/td>\n<td>30 \u20ac<\/td>\n<\/tr>\n<tr>\n<td><strong>Teatro Alameda<\/strong><\/td>\n<td>Prezzo pubblicato<\/td>\n<td>30 \u20ac<\/td>\n<\/tr>\n<tr>\n<td><strong>Real F\u00e1brica de Artiller\u00eda<\/strong><\/td>\n<td>Prezzo pubblicato<\/td>\n<td>30 \u20ac<\/td>\n<\/tr>\n<tr>\n<td><strong>Real Alc\u00e1zar<\/strong><\/td>\n<td>Prezzo pubblicato<\/td>\n<td>30 \u20ac<\/td>\n<\/tr>\n<tr>\n<td><strong>Hotel Triana<\/strong><\/td>\n<td>Prezzo pubblicato<\/td>\n<td>30 \u20ac<\/td>\n<\/tr>\n<\/tbody>\n<\/table>\n<\/div>\n<p>&nbsp;<\/p>\n<p>Per molti spettacoli \u00e8 quindi ragionevole prevedere un budget di <strong>25-35 euro per spettacolo<\/strong>, anche se i posti al Maestranza e alcuni eventi speciali possono superare questa cifra. Il Lope de Vega offre il biglietto pubblicato pi\u00f9 economico, con posti da 12 euro.<\/p>\n<\/div><\/div><\/div><\/div><\/div><\/div><\/div><\/section><section class=\"l-section wpb_row height_huge color_alternate\"><div class=\"l-section-h i-cf\"><div class=\"g-cols vc_row via_flex valign_top type_default stacking_default\"><div class=\"vc_col-sm-6 wpb_column vc_column_container\"><div class=\"vc_column-inner\"><div class=\"wpb_wrapper\"><div class=\"wpb_text_column\"><div class=\"wpb_wrapper\"><h2 id=\"descuentos\">Sconti della Biennale di Flamenco 2026<\/h2>\n<p>All\u2019apertura delle vendite, la Biennale ha proposto due periodi di sconto per acquisto anticipato:<\/p>\n<ul>\n<li><strong>10% di sconto<\/strong> per i biglietti acquistati tra l\u201911 febbraio e il 10 marzo 2026.<\/li>\n<li><strong>5% di sconto<\/strong> per gli acquisti effettuati tra l\u201911 marzo e l\u201911 aprile 2026.<\/li>\n<\/ul>\n<p>Alla data di questo aggiornamento, <strong>1 settembre 2026, entrambi gli sconti sono terminati<\/strong>. \u00c8 importante precisarlo perch\u00e9 vecchie pagine o risultati di ricerca possono ancora citare la promozione senza chiarire che aveva una durata limitata.<\/p>\n<p>Le informazioni ufficiali indicano inoltre un\u2019eccezione: gli sconti anticipati <strong>non erano applicabili alla seconda e alla terza rappresentazione di <em>Infinita<\/em>, di Sara Baras<\/strong>.<\/p>\n<\/div><\/div><\/div><\/div><\/div><div class=\"vc_col-sm-6 wpb_column vc_column_container\"><div class=\"vc_column-inner\"><div class=\"wpb_wrapper\"><div class=\"wpb_text_column\"><div class=\"wpb_wrapper\"><h2 id=\"hora-joven\">Hora Joven: 50% per gli under 30<\/h2>\n<p>Lo sconto pi\u00f9 interessante per chi non ha ancora acquistato \u00e8 la <strong>Hora Joven<\/strong>. Gli <strong>under 30<\/strong> possono ottenere uno <strong>sconto del 50%<\/strong> acquistando in biglietteria <strong>un\u2019ora prima dello spettacolo<\/strong>.<\/p>\n<p>C\u2019\u00e8 una condizione decisiva: <strong>si applica solo se ci sono ancora posti in vendita<\/strong>. Non \u00e8 quindi un\u2019opzione consigliabile se viaggi appositamente a Siviglia per una rappresentazione precisa o se si tratta di uno spettacolo molto richiesto.<\/p>\n<p>Pu\u00f2 invece essere un\u2019ottima opportunit\u00e0 per residenti, visitatori flessibili o appassionati disposti a decidere all\u2019ultimo momento. Per una prima molto attesa, una Noche \u00danica o una sala con capienza ridotta, aspettare la Hora Joven significa accettare il rischio di restare senza posto.<\/p>\n<\/div><\/div><\/div><\/div><\/div><\/div><\/div><\/section><section class=\"l-section wpb_row height_huge\"><div class=\"l-section-h i-cf\"><div class=\"g-cols vc_row via_flex valign_top type_default stacking_default\"><div class=\"vc_col-sm-6 wpb_column vc_column_container\"><div class=\"vc_column-inner\"><div class=\"wpb_wrapper\"><div class=\"wpb_text_column\"><div class=\"wpb_wrapper\"><h2 id=\"sara-baras\">Quanto costano i biglietti di Sara Baras alla Biennale 2026<\/h2>\n<p><em>Infinita<\/em>, il ritorno di <strong>Sara Baras<\/strong> alla Biennale, ha una scala di prezzi specifica al Teatro de la Maestranza e comprende i posti pi\u00f9 costosi pubblicati per questa edizione:<\/p>\n<ul>\n<li>Platea A e Platea B: <strong>75 \u20ac<\/strong><\/li>\n<li>Balcone A e B: <strong>70 \u20ac<\/strong><\/li>\n<li>Terrazza A e B: <strong>65 \u20ac<\/strong><\/li>\n<li>Terrazza C: <strong>58 \u20ac<\/strong><\/li>\n<li>Galleria A: <strong>54 \u20ac<\/strong><\/li>\n<li>Galleria B: <strong>48 \u20ac<\/strong><\/li>\n<li>Galleria C: <strong>46 \u20ac<\/strong><\/li>\n<li>Galleria D: <strong>42 \u20ac<\/strong><\/li>\n<\/ul>\n<\/div><\/div><\/div><\/div><\/div><div class=\"vc_col-sm-6 wpb_column vc_column_container\"><div class=\"vc_column-inner\"><div class=\"wpb_wrapper\"><div class=\"wpb_text_column\"><div class=\"wpb_wrapper\"><h2>Perch\u00e9 i biglietti di Sara Baras hanno prezzi diversi?<\/h2>\n<p>La tariffa pubblicata per <em>Infinita<\/em> \u00e8 superiore alla tabella generale del Maestranza. Per gli altri spettacoli del teatro, la fascia ufficiale va da <strong>28 a 55 euro<\/strong>, mentre per Sara Baras si colloca tra <strong>42 e 75 euro<\/strong>.<\/p>\n<p>Questo rende <em>Infinita<\/em> una chiara eccezione nella politica dei prezzi della Biennale. Se il budget \u00e8 una priorit\u00e0, conviene confrontare posizione e visibilit\u00e0 dei diversi settori prima di scegliere.<\/p>\n<p>Puoi anche consultare il nostro articolo dedicato a <a href=\"https:\/\/www.tablaosflamencos.com\/sara-baras-sevilla-2026-infinita-bienal.html\"><strong>Sara Baras a Siviglia 2026: <em>Infinita<\/em> e il suo ritorno alla Biennale<\/strong><\/a> per maggiori informazioni sullo spettacolo.<\/p>\n<\/div><\/div><\/div><\/div><\/div><\/div><\/div><\/section><section class=\"l-section wpb_row height_huge color_alternate\"><div class=\"l-section-h i-cf\"><div class=\"g-cols vc_row via_flex valign_top type_default stacking_default\"><div class=\"vc_col-sm-6 wpb_column vc_column_container\"><div class=\"vc_column-inner\"><div class=\"wpb_wrapper\"><div class=\"wpb_text_column\"><div class=\"wpb_wrapper\"><h2 id=\"taquillas\">Vendita in biglietteria e biglietti lo stesso giorno<\/h2>\n<p>L\u2019organizzazione permette di acquistare i biglietti <strong>un\u2019ora prima dello spettacolo direttamente nella sede<\/strong>, purch\u00e9 ci siano ancora posti disponibili. Questa vendita dell\u2019ultimo minuto pu\u00f2 essere utile per spettacoli con disponibilit\u00e0 residua o per chi si trova gi\u00e0 a Siviglia e ha flessibilit\u00e0.<\/p>\n<p>La biglietteria centrale della <strong>Real F\u00e1brica de Artiller\u00eda<\/strong> mantiene, secondo le informazioni pubblicate, un orario generale dal luned\u00ec al venerd\u00ec dalle <strong>10:00 alle 14:00 e dalle 17:00 alle 20:00<\/strong>, con chiusura nei fine settimana e nei giorni festivi.<\/p>\n<p>Durante la Settimana Santa, la Feria e l\u2019estate, l\u2019orario indicato \u00e8 dal luned\u00ec al venerd\u00ec dalle <strong>9:00 alle 14:00<\/strong>. Prima di recarti appositamente sul posto, \u00e8 consigliabile verificare che l\u2019orario sia ancora valido.<\/p>\n<\/div><\/div><\/div><\/div><\/div><div class=\"vc_col-sm-6 wpb_column vc_column_container\"><div class=\"vc_column-inner\"><div class=\"wpb_wrapper\"><div class=\"wpb_text_column\"><div class=\"wpb_wrapper\"><h2>Conviene aspettare fino all\u2019ultimo momento?<\/h2>\n<p>Dipende dallo spettacolo. L\u2019edizione 2026 arriva a settembre con diverse rappresentazioni gi\u00e0 annunciate come <strong>esaurite<\/strong>. Spazi come San Luis de los Franceses o la Real F\u00e1brica de Artiller\u00eda hanno una capienza inferiore rispetto ai grandi teatri, quindi alcune proposte possono esaurirsi molto prima.<\/p>\n<p>Se hai una priorit\u00e0 artistica molto precisa, la strategia pi\u00f9 sicura \u00e8 acquistare non appena trovi disponibilit\u00e0. Se invece vuoi vivere la Biennale senza uno spettacolo imprescindibile, l\u2019acquisto all\u2019ultimo minuto offre pi\u00f9 margine per approfittare di posti liberati o della Hora Joven.<\/p>\n<\/div><\/div><\/div><\/div><\/div><\/div><\/div><\/section><section class=\"l-section wpb_row height_huge\"><div class=\"l-section-h i-cf\"><div class=\"g-cols vc_row via_flex valign_top type_default stacking_default\"><div class=\"vc_col-sm-12 wpb_column vc_column_container\"><div class=\"vc_column-inner\"><div class=\"wpb_wrapper\"><div class=\"wpb_text_column\"><div class=\"wpb_wrapper\"><h2 id=\"agotadas\">Cosa fare se lo spettacolo che vuoi vedere \u00e8 esaurito<\/h2>\n<p>Il tutto esaurito di una rappresentazione non significa che la tua Biennale sia finita. L\u2019edizione 2026 dura quasi un mese e distribuisce il programma tra numerose sedi, orari e formati.<\/p>\n<p>Il primo passo \u00e8 controllare la <strong>scheda ufficiale della data specifica<\/strong>. Non considerare uno spettacolo completamente esaurito solo perch\u00e9 una data precedente lo era. Alcuni progetti propongono due o pi\u00f9 repliche e la disponibilit\u00e0 pu\u00f2 variare da una data all\u2019altra.<\/p>\n<p>Se davvero non ci sono pi\u00f9 posti, ti consigliamo la nostra guida <a href=\"https:\/\/www.tablaosflamencos.com\/bienal-flamenco-2026-entradas-agotadas-que-ver.html\"><strong>Biennale di Flamenco 2026: biglietti esauriti e cosa vedere se non trovi pi\u00f9 posti<\/strong><\/a>. Abbiamo inoltre preparato una guida specifica per chi cerca un\u2019alternativa immediata: <a href=\"https:\/\/www.tablaosflamencos.com\/bienal-agotada-donde-ver-flamenco-hoy-sevilla.html\"><strong>Biennale esaurita: dove vedere flamenco oggi a Siviglia<\/strong><\/a>.<\/p>\n<\/div><\/div><div class=\"w-separator size_medium\"><\/div><div class=\"w-hwrapper valign_top wrap stack_on_mobiles align_center\" style=\"--hwrapper-gap:1.2rem\"><div class=\"w-btn-wrapper align_none\"><a class=\"w-btn us-btn-style_1\" href=\"https:\/\/www.tablaosflamencos.com\/it\/biennale-flamenco-siviglia-2026-biglietti-esauriti-alternative.html\"><span class=\"w-btn-label\">Cosa fare se non ci sono pi\u00f9 biglietti<\/span><\/a><\/div><div class=\"w-btn-wrapper align_none\"><a class=\"w-btn us-btn-style_1\" href=\"https:\/\/www.tablaosflamencos.com\/it\/flamenco-a-siviglia\"><span class=\"w-btn-label\">Vedere flamenco a Siviglia<\/span><\/a><\/div><\/div><\/div><\/div><\/div><\/div><\/div><\/section><section class=\"l-section wpb_row height_huge color_alternate\"><div class=\"l-section-h i-cf\"><div class=\"g-cols vc_row via_flex valign_top type_default stacking_default\"><div class=\"vc_col-sm-6 wpb_column vc_column_container\"><div class=\"vc_column-inner\"><div class=\"wpb_wrapper\"><div class=\"wpb_text_column\"><div class=\"wpb_wrapper\"><h2 id=\"gratis\">Ci sono spettacoli e attivit\u00e0 gratuiti alla Biennale 2026?<\/h2>\n<p>S\u00ec. La stessa Biennale conferma che l\u2019edizione 2026 comprende <strong>attivit\u00e0 gratuite<\/strong> all\u2019interno del programma parallelo. Questo permette di partecipare all\u2019atmosfera del festival anche senza acquistare un biglietto per ogni giornata.<\/p>\n<p>Mostre, proposte culturali, incontri e altre attivit\u00e0 possono completare molto bene uno spettacolo a pagamento. Per chi trascorre diversi giorni a Siviglia, combinare spettacoli da 25 o 30 euro con attivit\u00e0 gratuite aiuta anche a controllare il budget complessivo del viaggio.<\/p>\n<p>Consulta la nostra guida <a href=\"https:\/\/www.tablaosflamencos.com\/bienal-flamenco-sevilla-2026-gratis.html\"><strong>Biennale di Flamenco di Siviglia 2026 gratis: spettacoli e attivit\u00e0 gratuite<\/strong><\/a> per scoprire le opzioni che abbiamo raccolto.<\/p>\n<\/div><\/div><\/div><\/div><\/div><div class=\"vc_col-sm-6 wpb_column vc_column_container\"><div class=\"vc_column-inner\"><div class=\"wpb_wrapper\"><div class=\"wpb_text_column\"><div class=\"wpb_wrapper\"><h2>Quanto pu\u00f2 costare una giornata alla Biennale<\/h2>\n<p>Una giornata pu\u00f2 essere molto diversa a seconda del programma. Con un posto da 15 o 20 euro al Lope de Vega o all\u2019Espacio Turina e un\u2019attivit\u00e0 gratuita, \u00e8 possibile vivere il festival con un budget contenuto. Un biglietto a prezzo unico in molte sedi costa <strong>30 euro<\/strong>.<\/p>\n<p>Se vuoi combinare due spettacoli a pagamento nello stesso giorno, un budget abituale pu\u00f2 aggirarsi tra <strong>50 e 70 euro<\/strong>, a seconda delle sedi. Nella fascia pi\u00f9 alta, un posto premium per Sara Baras costa 75 euro prima di aggiungere qualsiasi altro spettacolo della giornata.<\/p>\n<p>Per questo consigliamo di scegliere prima uno o due spettacoli davvero prioritari e poi completare l\u2019itinerario con proposte pi\u00f9 economiche, gratuite o con flamenco in altri spazi di Siviglia.<\/p>\n<\/div><\/div><\/div><\/div><\/div><\/div><\/div><\/section><section class=\"l-section wpb_row height_huge\"><div class=\"l-section-h i-cf\"><div class=\"g-cols vc_row via_flex valign_top type_default stacking_default\"><div class=\"vc_col-sm-12 wpb_column vc_column_container\"><div class=\"vc_column-inner\"><div class=\"wpb_wrapper\"><div class=\"wpb_text_column\"><div class=\"wpb_wrapper\"><h2 id=\"consejos\" style=\"text-align: center;\">Consigli per acquistare i biglietti della Biennale 2026<\/h2>\n<ul>\n<li><strong>Acquista prima gli spettacoli imprescindibili.<\/strong> Se viaggi per vedere un artista specifico, non aspettare che la data si avvicini.<\/li>\n<li><strong>Confronta i settori, non solo i prezzi.<\/strong> Al Maestranza e al Lope de Vega ci sono differenze importanti tra i posti.<\/li>\n<li><strong>Controlla ogni data separatamente.<\/strong> Uno spettacolo pu\u00f2 essere esaurito un giorno e avere ancora biglietti per un\u2019altra replica.<\/li>\n<li><strong>Se hai meno di 30 anni, valuta la Hora Joven.<\/strong> Il risparmio del 50% \u00e8 importante, ma richiede di accettare il rischio che non restino biglietti.<\/li>\n<li><strong>Non fare pi\u00f9 affidamento sugli sconti anticipati.<\/strong> Le campagne del 10% e del 5% sono terminate a marzo e aprile.<\/li>\n<li><strong>Usa il canale ufficiale.<\/strong> Apri la scheda di ogni spettacolo dal programma della Biennale.<\/li>\n<li><strong>Combina attivit\u00e0 a pagamento e gratuite.<\/strong> Il programma parallelo permette di costruire giornate di festival con budget molto diversi.<\/li>\n<li><strong>Prevedi un piano B.<\/strong> Siviglia offre flamenco ogni giorno anche oltre il programma ufficiale della Biennale.<\/li>\n<\/ul>\n<\/div><\/div><\/div><\/div><\/div><\/div><\/div><\/section><section class=\"l-section wpb_row height_huge color_alternate\"><div class=\"l-section-h i-cf\"><div class=\"g-cols vc_row via_flex valign_top type_default stacking_default\"><div class=\"vc_col-sm-12 wpb_column vc_column_container\"><div class=\"vc_column-inner\"><div class=\"wpb_wrapper\"><div class=\"wpb_text_column\"><div class=\"wpb_wrapper\"><h2 style=\"text-align: center;\">Una Biennale con prezzi molto diversi a seconda dell\u2019esperienza<\/h2>\n<p style=\"text-align: center;\">La Biennale 2026 permette di costruire esperienze molto diverse. In alcuni settori si entra con 12 o 15 euro, molti spettacoli costano 30 euro e le grandi produzioni al Maestranza hanno prezzi pi\u00f9 elevati.<\/p>\n<p style=\"text-align: center;\">A questo punto del calendario, la chiave non \u00e8 pi\u00f9 aspettare una nuova campagna di sconto anticipato, ma <strong>confrontare gli spettacoli, controllare la disponibilit\u00e0 e approfittare della Hora Joven se ne hai i requisiti<\/strong>.<\/p>\n<p style=\"text-align: center;\">E se una rappresentazione va esaurita, non concentrare tutta la visita su un solo biglietto: la Biennale occupa la citt\u00e0 per settimane e Siviglia offre molte altre possibilit\u00e0 per continuare a vedere flamenco.<\/p>\n<\/div><\/div><div class=\"w-separator size_medium\"><\/div><div class=\"w-hwrapper valign_top wrap stack_on_mobiles align_center\" style=\"--hwrapper-gap:1.2rem\"><div class=\"w-btn-wrapper align_none\"><a class=\"w-btn us-btn-style_1\" href=\"https:\/\/www.tablaosflamencos.com\/it\/biennale-flamenco-siviglia\"><span class=\"w-btn-label\">Vedi la pagina della Biennale<\/span><\/a><\/div><div class=\"w-btn-wrapper align_none\"><a class=\"w-btn us-btn-style_1\" href=\"https:\/\/www.tablaosflamencos.com\/it\/biennale-flamenco-siviglia-2026-gratis.html\"><span class=\"w-btn-label\">Attivit\u00e0 gratuite della Biennale 2026<\/span><\/a><\/div><\/div><\/div><\/div><\/div><\/div><\/div><\/section><section class=\"l-section wpb_row height_huge with_shape\"><div class=\"l-section-shape type_zigzag pos_bottom\" style=\"height:3vmin;\"><svg xmlns=\"http:\/\/www.w3.org\/2000\/svg\" viewBox=\"0 0 64 8\" preserveAspectRatio=\"none\" width=\"100%\" height=\"100%\">\r\n\t<path fill=\"currentColor\" d=\"M64 8 L0 8 L0 0 L20 7.9 L40 3 L48 5 L64 0 Z\"\/>\r\n<\/svg><\/div><div class=\"l-section-h i-cf\"><div class=\"g-cols vc_row via_flex valign_top type_default stacking_default\"><div class=\"vc_col-sm-1\/5 wpb_column vc_column_container\"><div class=\"vc_column-inner\"><div class=\"wpb_wrapper\"><\/div><\/div><\/div><div class=\"vc_col-sm-3\/5 wpb_column vc_column_container\"><div class=\"vc_column-inner\"><div class=\"wpb_wrapper\"><div class=\"wpb_text_column\"><div class=\"wpb_wrapper\"><h2 id=\"faq-entradas\" style=\"text-align: center;\">Domande frequenti su biglietti, prezzi e sconti della Biennale 2026<\/h2>\n<\/div><\/div><div class=\"w-separator size_medium\"><\/div><div class=\"w-tabs accordion toggle_style_1 has_scrolling\" style=\"--sections-title-size:inherit;--sections-gap:0.5rem;\"><div class=\"w-tabs-sections titles-align_none icon_chevron cpos_right\"><div class=\"w-tabs-section\" id=\"z08a\"><button type=\"button\" class=\"w-tabs-section-header\" aria-controls=\"content-z08a\" aria-expanded=\"false\"><div class=\"w-tabs-section-title\">Quanto costano i biglietti della Biennale di Flamenco di Siviglia 2026?<\/div><div class=\"w-tabs-section-control\"><\/div><\/button><div  class=\"w-tabs-section-content\" id=\"content-z08a\"><div class=\"w-tabs-section-content-h i-cf\"><div class=\"wpb_text_column\"><div class=\"wpb_wrapper\"><p>I prezzi pubblicati vanno da <strong>12 a 75 euro<\/strong>. Il biglietto da 12 \u20ac corrisponde al Paradiso Laterale del Teatro Lope de Vega, mentre i 75 \u20ac riguardano i posti di platea per <em>Infinita<\/em>, di Sara Baras, al Teatro de la Maestranza.<\/p>\n<\/div><\/div><\/div><\/div><\/div><div class=\"w-tabs-section\" id=\"e18b\"><button type=\"button\" class=\"w-tabs-section-header\" aria-controls=\"content-e18b\" aria-expanded=\"false\"><div class=\"w-tabs-section-title\">Dove si acquistano i biglietti della Biennale 2026?<\/div><div class=\"w-tabs-section-control\"><\/div><\/button><div  class=\"w-tabs-section-content\" id=\"content-e18b\"><div class=\"w-tabs-section-content-h i-cf\"><div class=\"wpb_text_column\"><div class=\"wpb_wrapper\"><p>L\u2019acquisto avviene dalla <strong>scheda ufficiale di ogni spettacolo<\/strong> all\u2019interno del Programma generale della Biennale. Quando ci sono posti disponibili, la scheda mostra l\u2019accesso al relativo canale ufficiale di vendita.<\/p>\n<\/div><\/div><\/div><\/div><\/div><div class=\"w-tabs-section\" id=\"e268\"><button type=\"button\" class=\"w-tabs-section-header\" aria-controls=\"content-e268\" aria-expanded=\"false\"><div class=\"w-tabs-section-title\">\u00c8 ancora disponibile lo sconto del 10% per acquisto anticipato?<\/div><div class=\"w-tabs-section-control\"><\/div><\/button><div  class=\"w-tabs-section-content\" id=\"content-e268\"><div class=\"w-tabs-section-content-h i-cf\"><div class=\"wpb_text_column\"><div class=\"wpb_wrapper\"><p>No. Lo sconto del 10% era valido dall\u201911 febbraio al 10 marzo 2026. Successivamente c\u2019\u00e8 stato uno sconto del 5% dall\u201911 marzo all\u201911 aprile. Entrambi i periodi sono terminati.<\/p>\n<\/div><\/div><\/div><\/div><\/div><div class=\"w-tabs-section\" id=\"e359\"><button type=\"button\" class=\"w-tabs-section-header\" aria-controls=\"content-e359\" aria-expanded=\"false\"><div class=\"w-tabs-section-title\">Che cos\u2019\u00e8 la Hora Joven della Biennale?<\/div><div class=\"w-tabs-section-control\"><\/div><\/button><div  class=\"w-tabs-section-content\" id=\"content-e359\"><div class=\"w-tabs-section-content-h i-cf\"><div class=\"wpb_text_column\"><div class=\"wpb_wrapper\"><p>\u00c8 uno <strong>sconto del 50%<\/strong> per gli under 30 che acquistano in biglietteria un\u2019ora prima dello spettacolo, purch\u00e9 ci siano ancora posti disponibili.<\/p>\n<\/div><\/div><\/div><\/div><\/div><div class=\"w-tabs-section\" id=\"l432\"><button type=\"button\" class=\"w-tabs-section-header\" aria-controls=\"content-l432\" aria-expanded=\"false\"><div class=\"w-tabs-section-title\">Posso acquistare un biglietto il giorno stesso dello spettacolo?<\/div><div class=\"w-tabs-section-control\"><\/div><\/button><div  class=\"w-tabs-section-content\" id=\"content-l432\"><div class=\"w-tabs-section-content-h i-cf\"><div class=\"wpb_text_column\"><div class=\"wpb_wrapper\"><p>S\u00ec. La Biennale indica che i biglietti possono essere acquistati un\u2019ora prima nella sede in cui si svolge lo spettacolo, <strong>purch\u00e9 ci siano ancora biglietti disponibili<\/strong>.<\/p>\n<\/div><\/div><\/div><\/div><\/div><div class=\"w-tabs-section\" id=\"z510\"><button type=\"button\" class=\"w-tabs-section-header\" aria-controls=\"content-z510\" aria-expanded=\"false\"><div class=\"w-tabs-section-title\">Quanto costano i biglietti di Sara Baras?<\/div><div class=\"w-tabs-section-control\"><\/div><\/button><div  class=\"w-tabs-section-content\" id=\"content-z510\"><div class=\"w-tabs-section-content-h i-cf\"><div class=\"wpb_text_column\"><div class=\"wpb_wrapper\"><p>Per <em>Infinita<\/em>, di Sara Baras, i prezzi pubblicati al Teatro de la Maestranza vanno da <strong>42 a 75 euro<\/strong>, a seconda del settore.<\/p>\n<\/div><\/div><\/div><\/div><\/div><div class=\"w-tabs-section\" id=\"q5f3\"><button type=\"button\" class=\"w-tabs-section-header\" aria-controls=\"content-q5f3\" aria-expanded=\"false\"><div class=\"w-tabs-section-title\">Ci sono biglietti della Biennale a 30 euro?<\/div><div class=\"w-tabs-section-control\"><\/div><\/button><div  class=\"w-tabs-section-content\" id=\"content-q5f3\"><div class=\"w-tabs-section-content-h i-cf\"><div class=\"wpb_text_column\"><div class=\"wpb_wrapper\"><p>S\u00ec. Teatro Central, Chiesa di San Luis, Teatro Alameda, Real F\u00e1brica de Artiller\u00eda, Real Alc\u00e1zar e Hotel Triana risultano con un <strong>prezzo pubblicato di 30 \u20ac<\/strong> per i loro spettacoli della Biennale.<\/p>\n<\/div><\/div><\/div><\/div><\/div><div class=\"w-tabs-section\" id=\"o6bf\"><button type=\"button\" class=\"w-tabs-section-header\" aria-controls=\"content-o6bf\" aria-expanded=\"false\"><div class=\"w-tabs-section-title\">Ci sono attivit\u00e0 gratuite alla Biennale 2026?<\/div><div class=\"w-tabs-section-control\"><\/div><\/button><div  class=\"w-tabs-section-content\" id=\"content-o6bf\"><div class=\"w-tabs-section-content-h i-cf\"><div class=\"wpb_text_column\"><div class=\"wpb_wrapper\"><p>S\u00ec. La Biennale include attivit\u00e0 gratuite nel programma parallelo. Disponibilit\u00e0 e calendario devono essere verificati nel programma aggiornato.<\/p>\n<\/div><\/div><\/div><\/div><\/div><div class=\"w-tabs-section\" id=\"m7aa\"><button type=\"button\" class=\"w-tabs-section-header\" aria-controls=\"content-m7aa\" aria-expanded=\"false\"><div class=\"w-tabs-section-title\">Cosa faccio se i biglietti che voglio sono esauriti?<\/div><div class=\"w-tabs-section-control\"><\/div><\/button><div  class=\"w-tabs-section-content\" id=\"content-m7aa\"><div class=\"w-tabs-section-content-h i-cf\"><div class=\"wpb_text_column\"><div class=\"wpb_wrapper\"><p>Controlla prima altre date dello stesso spettacolo. Se non c\u2019\u00e8 disponibilit\u00e0, cerca altre rappresentazioni della Biennale, attivit\u00e0 gratuite o spettacoli di flamenco a Siviglia. Su Tablaos Flamencos manteniamo guide specifiche con alternative per le rappresentazioni esaurite.<\/p>\n<\/div><\/div><\/div><\/div><\/div><div class=\"w-tabs-section\" id=\"p8a3\"><button type=\"button\" class=\"w-tabs-section-header\" aria-controls=\"content-p8a3\" aria-expanded=\"false\"><div class=\"w-tabs-section-title\">Posso applicare gli sconti abituali di un teatro ai biglietti della Biennale?<\/div><div class=\"w-tabs-section-control\"><\/div><\/button><div  class=\"w-tabs-section-content\" id=\"content-p8a3\"><div class=\"w-tabs-section-content-h i-cf\"><div class=\"wpb_text_column\"><div class=\"wpb_wrapper\"><p>Non bisogna darlo per scontato. Le informazioni di vendita specifiche della Biennale pubblicano condizioni e sconti propri. Prima di acquistare, verifica sempre le condizioni della singola rappresentazione o consulta la biglietteria.<\/p>\n<\/div><\/div><\/div><\/div><\/div><\/div><\/div><\/div><\/div><\/div><div class=\"vc_col-sm-1\/5 wpb_column vc_column_container\"><div class=\"vc_column-inner\"><div class=\"wpb_wrapper\"><\/div><\/div><\/div><\/div><\/div><\/section>\n","protected":false},"excerpt":{"rendered":"<p>Guida aggiornata per acquistare i biglietti della Biennale di Flamenco di Siviglia 2026: prezzi per sede, sconti, Hora Joven, biglietterie e cosa fare in caso di sold out.<\/p>\n","protected":false},"author":1,"featured_media":13857,"comment_status":"closed","ping_status":"closed","sticky":false,"template":"","format":"standard","meta":{"_acf_changed":false,"wpai_generated_summary":"","_ayudawp_aiss_exclude":false,"_ayudawp_aiss_exclude_summary":false,"_ayudawp_aiss_summary":"","_ayudawp_aiss_summary_provider":"","_ayudawp_aiss_summary_hash":"","footnotes":""},"categories":[1429],"tags":[1249,1250,1251,1834,1252,1177,1253],"class_list":["post-13887","post","type-post","status-publish","format-standard","has-post-thumbnail","hentry","category-biennale-di-flamenco","tag-agenda-flamenca","tag-bienal-2026","tag-bienal-de-flamenco","tag-biglietti-flamenco","tag-festivales-flamencos","tag-flamenco-en-sevilla","tag-sevilla"],"acf":[],"yoast_head":"<!-- This site is optimized with the Yoast SEO Premium plugin v28.4 (Yoast SEO v28.4) - https:\/\/yoast.com\/product\/yoast-seo-premium-wordpress\/ -->\n<title>Biglietti Biennale Flamenco Siviglia 2026: prezzi e sconti<\/title>\n<meta name=\"description\" content=\"Prezzi e sconti della Biennale di Flamenco di Siviglia 2026: biglietti da 12 \u20ac, Hora Joven al 50%, biglietterie, acquisto online e prezzi per sede.\" \/>\n<meta name=\"robots\" content=\"index, follow, max-snippet:-1, max-image-preview:large, max-video-preview:-1\" \/>\n<link rel=\"canonical\" href=\"https:\/\/www.tablaosflamencos.com\/it\/biennale-flamenco-siviglia-2026-biglietti-prezzi-sconti.html\" \/>\n<meta property=\"og:locale\" content=\"it_IT\" \/>\n<meta property=\"og:type\" content=\"article\" \/>\n<meta property=\"og:title\" content=\"Biennale di Flamenco di Siviglia 2026: biglietti, prezzi e sconti\" \/>\n<meta property=\"og:description\" content=\"Prezzi e sconti della Biennale di Flamenco di Siviglia 2026: biglietti da 12 \u20ac, Hora Joven al 50%, biglietterie, acquisto online e prezzi per sede.\" \/>\n<meta property=\"og:url\" content=\"https:\/\/www.tablaosflamencos.com\/it\/biennale-flamenco-siviglia-2026-biglietti-prezzi-sconti.html\" \/>\n<meta property=\"og:site_name\" content=\"Tablaos Flamencos\" \/>\n<meta property=\"article:publisher\" content=\"https:\/\/www.facebook.com\/tablaosflamencos\" \/>\n<meta property=\"article:published_time\" content=\"2026-09-01T21:35:30+00:00\" \/>\n<meta property=\"article:modified_time\" content=\"2026-09-01T22:40:08+00:00\" \/>\n<meta property=\"og:image\" content=\"https:\/\/www.tablaosflamencos.com\/wp-content\/uploads\/bienal-de-flamenco-2026-entradas-precios-y-descuentos-01.webp\" \/>\n\t<meta property=\"og:image:width\" content=\"1672\" \/>\n\t<meta property=\"og:image:height\" content=\"941\" \/>\n\t<meta property=\"og:image:type\" content=\"image\/webp\" \/>\n<meta name=\"author\" content=\"Miguel Ortiz\" \/>\n<meta name=\"twitter:card\" content=\"summary_large_image\" \/>\n<meta name=\"twitter:creator\" content=\"@tablaosflamenco\" \/>\n<meta name=\"twitter:site\" content=\"@tablaosflamenco\" \/>\n<meta name=\"twitter:label1\" content=\"Scritto da\" \/>\n\t<meta name=\"twitter:data1\" content=\"Miguel Ortiz\" \/>\n\t<meta name=\"twitter:label2\" content=\"Tempo di lettura stimato\" \/>\n\t<meta name=\"twitter:data2\" content=\"15 minuti\" \/>\n<script type=\"application\/ld+json\" class=\"yoast-schema-graph\">{\"@context\":\"https:\\\/\\\/schema.org\",\"@graph\":[{\"@type\":\"Article\",\"@id\":\"https:\\\/\\\/www.tablaosflamencos.com\\\/it\\\/biennale-flamenco-siviglia-2026-biglietti-prezzi-sconti.html#article\",\"isPartOf\":{\"@id\":\"https:\\\/\\\/www.tablaosflamencos.com\\\/it\\\/biennale-flamenco-siviglia-2026-biglietti-prezzi-sconti.html\"},\"author\":{\"name\":\"Miguel Ortiz\",\"@id\":\"https:\\\/\\\/www.tablaosflamencos.com\\\/it#\\\/schema\\\/person\\\/e7a9ebe14eb75a52ceabfbffb3c54f5d\"},\"headline\":\"Biennale di Flamenco di Siviglia 2026: biglietti, prezzi e sconti\",\"datePublished\":\"2026-09-01T21:35:30+00:00\",\"dateModified\":\"2026-09-01T22:40:08+00:00\",\"mainEntityOfPage\":{\"@id\":\"https:\\\/\\\/www.tablaosflamencos.com\\\/it\\\/biennale-flamenco-siviglia-2026-biglietti-prezzi-sconti.html\"},\"wordCount\":2947,\"publisher\":{\"@id\":\"https:\\\/\\\/www.tablaosflamencos.com\\\/it#organization\"},\"image\":{\"@id\":\"https:\\\/\\\/www.tablaosflamencos.com\\\/it\\\/biennale-flamenco-siviglia-2026-biglietti-prezzi-sconti.html#primaryimage\"},\"thumbnailUrl\":\"https:\\\/\\\/www.tablaosflamencos.com\\\/wp-content\\\/uploads\\\/bienal-de-flamenco-2026-entradas-precios-y-descuentos-01.webp\",\"keywords\":[\"agenda flamenca\",\"Bienal 2026\",\"Bienal de Flamenco\",\"Biglietti flamenco\",\"festivales flamencos\",\"flamenco en Sevilla\",\"sevilla\"],\"articleSection\":[\"Biennale di Flamenco\"],\"inLanguage\":\"it-IT\"},{\"@type\":\"WebPage\",\"@id\":\"https:\\\/\\\/www.tablaosflamencos.com\\\/it\\\/biennale-flamenco-siviglia-2026-biglietti-prezzi-sconti.html\",\"url\":\"https:\\\/\\\/www.tablaosflamencos.com\\\/it\\\/biennale-flamenco-siviglia-2026-biglietti-prezzi-sconti.html\",\"name\":\"Biglietti Biennale Flamenco Siviglia 2026: prezzi e sconti\",\"isPartOf\":{\"@id\":\"https:\\\/\\\/www.tablaosflamencos.com\\\/it#website\"},\"primaryImageOfPage\":{\"@id\":\"https:\\\/\\\/www.tablaosflamencos.com\\\/it\\\/biennale-flamenco-siviglia-2026-biglietti-prezzi-sconti.html#primaryimage\"},\"image\":{\"@id\":\"https:\\\/\\\/www.tablaosflamencos.com\\\/it\\\/biennale-flamenco-siviglia-2026-biglietti-prezzi-sconti.html#primaryimage\"},\"thumbnailUrl\":\"https:\\\/\\\/www.tablaosflamencos.com\\\/wp-content\\\/uploads\\\/bienal-de-flamenco-2026-entradas-precios-y-descuentos-01.webp\",\"datePublished\":\"2026-09-01T21:35:30+00:00\",\"dateModified\":\"2026-09-01T22:40:08+00:00\",\"description\":\"Prezzi e sconti della Biennale di Flamenco di Siviglia 2026: biglietti da 12 \u20ac, Hora Joven al 50%, biglietterie, acquisto online e prezzi per sede.\",\"breadcrumb\":{\"@id\":\"https:\\\/\\\/www.tablaosflamencos.com\\\/it\\\/biennale-flamenco-siviglia-2026-biglietti-prezzi-sconti.html#breadcrumb\"},\"inLanguage\":\"it-IT\",\"potentialAction\":[{\"@type\":\"ReadAction\",\"target\":[\"https:\\\/\\\/www.tablaosflamencos.com\\\/it\\\/biennale-flamenco-siviglia-2026-biglietti-prezzi-sconti.html\"]}]},{\"@type\":\"ImageObject\",\"inLanguage\":\"it-IT\",\"@id\":\"https:\\\/\\\/www.tablaosflamencos.com\\\/it\\\/biennale-flamenco-siviglia-2026-biglietti-prezzi-sconti.html#primaryimage\",\"url\":\"https:\\\/\\\/www.tablaosflamencos.com\\\/wp-content\\\/uploads\\\/bienal-de-flamenco-2026-entradas-precios-y-descuentos-01.webp\",\"contentUrl\":\"https:\\\/\\\/www.tablaosflamencos.com\\\/wp-content\\\/uploads\\\/bienal-de-flamenco-2026-entradas-precios-y-descuentos-01.webp\",\"width\":1672,\"height\":941,\"caption\":\"Bienal de Flamenco 2026: entradas, precios y descuentos\"},{\"@type\":\"BreadcrumbList\",\"@id\":\"https:\\\/\\\/www.tablaosflamencos.com\\\/it\\\/biennale-flamenco-siviglia-2026-biglietti-prezzi-sconti.html#breadcrumb\",\"itemListElement\":[{\"@type\":\"ListItem\",\"position\":1,\"name\":\"Home\",\"item\":\"https:\\\/\\\/www.tablaosflamencos.com\\\/it\"},{\"@type\":\"ListItem\",\"position\":2,\"name\":\"Biennale di Flamenco di Siviglia 2026: biglietti, prezzi e sconti\"}]},{\"@type\":\"WebSite\",\"@id\":\"https:\\\/\\\/www.tablaosflamencos.com\\\/it#website\",\"url\":\"https:\\\/\\\/www.tablaosflamencos.com\\\/it\",\"name\":\"Tablaos Flamencos\",\"description\":\"Entradas para tablaos flamencos de Espa\u00f1a\",\"publisher\":{\"@id\":\"https:\\\/\\\/www.tablaosflamencos.com\\\/it#organization\"},\"alternateName\":\"Tablaos Flamencos\",\"potentialAction\":[{\"@type\":\"SearchAction\",\"target\":{\"@type\":\"EntryPoint\",\"urlTemplate\":\"https:\\\/\\\/www.tablaosflamencos.com\\\/it?s={search_term_string}\"},\"query-input\":{\"@type\":\"PropertyValueSpecification\",\"valueRequired\":true,\"valueName\":\"search_term_string\"}}],\"inLanguage\":\"it-IT\"},{\"@type\":[\"Organization\",\"Place\",\"EntertainmentBusiness\"],\"@id\":\"https:\\\/\\\/www.tablaosflamencos.com\\\/it#organization\",\"name\":\"Tablaos Flamencos\",\"alternateName\":\"Tablaos Flamencos\",\"url\":\"https:\\\/\\\/www.tablaosflamencos.com\\\/it\",\"logo\":{\"@id\":\"https:\\\/\\\/www.tablaosflamencos.com\\\/it\\\/biennale-flamenco-siviglia-2026-biglietti-prezzi-sconti.html#local-main-organization-logo\"},\"image\":{\"@id\":\"https:\\\/\\\/www.tablaosflamencos.com\\\/it\\\/biennale-flamenco-siviglia-2026-biglietti-prezzi-sconti.html#local-main-organization-logo\"},\"sameAs\":[\"https:\\\/\\\/www.facebook.com\\\/tablaosflamencos\",\"https:\\\/\\\/x.com\\\/tablaosflamenco\",\"https:\\\/\\\/mastodon.social\\\/@tablaosflamencos\",\"https:\\\/\\\/www.instagram.com\\\/tablaosflamencos\",\"https:\\\/\\\/tiktok.com\\\/@tablaosflamencos\",\"https:\\\/\\\/www.linkedin.com\\\/company\\\/109408238\\\/\"],\"description\":\"Venta de entradas para espect\u00e1culos flamencos\",\"legalName\":\"Tablaos Flamencos\",\"foundingDate\":\"2015-01-01\",\"numberOfEmployees\":{\"@type\":\"QuantitativeValue\",\"minValue\":\"1\",\"maxValue\":\"10\"},\"address\":{\"@id\":\"https:\\\/\\\/www.tablaosflamencos.com\\\/it\\\/biennale-flamenco-siviglia-2026-biglietti-prezzi-sconti.html#local-main-place-address\"},\"geo\":{\"@type\":\"GeoCoordinates\",\"latitude\":\"37.3868072\",\"longitude\":\"-5.993280299999999\"},\"telephone\":[\"+34623787787\"],\"contactPoint\":{\"@type\":\"ContactPoint\",\"telephone\":\"+34623787787\",\"email\":\"info@tablaosflamencos.com\"},\"openingHoursSpecification\":{\"@type\":\"OpeningHoursSpecification\",\"dayOfWeek\":[\"Monday\",\"Tuesday\",\"Wednesday\",\"Thursday\",\"Friday\",\"Saturday\",\"Sunday\"],\"opens\":\"00:00\",\"closes\":\"23:59\"},\"email\":\"info@tablaosflamencos.com\",\"priceRange\":\"$$$\",\"currenciesAccepted\":\"\u20ac\"},{\"@type\":\"Person\",\"@id\":\"https:\\\/\\\/www.tablaosflamencos.com\\\/it#\\\/schema\\\/person\\\/e7a9ebe14eb75a52ceabfbffb3c54f5d\",\"name\":\"Miguel Ortiz\",\"description\":\"Miguel Ortiz es un empresario flamenco, con una s\u00f3lida trayectoria dentro del sector. Ha presidido entidades culturales vinculadas al flamenco y, cuenta con un amplio recorrido profesional en la gesti\u00f3n y promoci\u00f3n de espect\u00e1culos y tablaos flamencos. Su pasi\u00f3n por la historia y el arte flamenco se refleja en cada art\u00edculo, donde combina experiencia, criterio y un profundo respeto por la tradici\u00f3n.\",\"sameAs\":[\"https:\\\/\\\/www.tablaosflamencos.com\",\"https:\\\/\\\/www.instagra.com\\\/miguelortizfe\",\"https:\\\/\\\/www.linkedin.com\\\/in\\\/miguelortizf\\\/\"],\"birthDate\":\"1984-11-22\",\"gender\":\"hombre\",\"knowsLanguage\":[\"espa\u00f1ol\",\"ingl\u00e9s\"],\"jobTitle\":\"Empresario flamenco\"},{\"@type\":\"PostalAddress\",\"@id\":\"https:\\\/\\\/www.tablaosflamencos.com\\\/it\\\/biennale-flamenco-siviglia-2026-biglietti-prezzi-sconti.html#local-main-place-address\",\"streetAddress\":\"C\\\/ Alemanes, 19\",\"addressLocality\":\"Sevilla\",\"postalCode\":\"41004\",\"addressRegion\":\"Sevilla\",\"addressCountry\":\"ES\"},{\"@type\":\"ImageObject\",\"inLanguage\":\"it-IT\",\"@id\":\"https:\\\/\\\/www.tablaosflamencos.com\\\/it\\\/biennale-flamenco-siviglia-2026-biglietti-prezzi-sconti.html#local-main-organization-logo\",\"url\":\"https:\\\/\\\/www.tablaosflamencos.com\\\/wp-content\\\/uploads\\\/tablaos-flamencos-06-3.webp\",\"contentUrl\":\"https:\\\/\\\/www.tablaosflamencos.com\\\/wp-content\\\/uploads\\\/tablaos-flamencos-06-3.webp\",\"width\":600,\"height\":620,\"caption\":\"Tablaos Flamencos\"}]}<\/script>\n<meta name=\"geo.placename\" content=\"Sevilla\" \/>\n<meta name=\"geo.position\" content=\"37.3868072;-5.993280299999999\" \/>\n<meta name=\"geo.region\" content=\"Spagna\" \/>\n<!-- \/ Yoast SEO Premium plugin. -->","yoast_head_json":{"title":"Biglietti Biennale Flamenco Siviglia 2026: prezzi e sconti","description":"Prezzi e sconti della Biennale di Flamenco di Siviglia 2026: biglietti da 12 \u20ac, Hora Joven al 50%, biglietterie, acquisto online e prezzi per sede.","robots":{"index":"index","follow":"follow","max-snippet":"max-snippet:-1","max-image-preview":"max-image-preview:large","max-video-preview":"max-video-preview:-1"},"canonical":"https:\/\/www.tablaosflamencos.com\/it\/biennale-flamenco-siviglia-2026-biglietti-prezzi-sconti.html","og_locale":"it_IT","og_type":"article","og_title":"Biennale di Flamenco di Siviglia 2026: biglietti, prezzi e sconti","og_description":"Prezzi e sconti della Biennale di Flamenco di Siviglia 2026: biglietti da 12 \u20ac, Hora Joven al 50%, biglietterie, acquisto online e prezzi per sede.","og_url":"https:\/\/www.tablaosflamencos.com\/it\/biennale-flamenco-siviglia-2026-biglietti-prezzi-sconti.html","og_site_name":"Tablaos Flamencos","article_publisher":"https:\/\/www.facebook.com\/tablaosflamencos","article_published_time":"2026-09-01T21:35:30+00:00","article_modified_time":"2026-09-01T22:40:08+00:00","og_image":[{"width":1672,"height":941,"url":"https:\/\/www.tablaosflamencos.com\/wp-content\/uploads\/bienal-de-flamenco-2026-entradas-precios-y-descuentos-01.webp","type":"image\/webp"}],"author":"Miguel Ortiz","twitter_card":"summary_large_image","twitter_creator":"@tablaosflamenco","twitter_site":"@tablaosflamenco","twitter_misc":{"Scritto da":"Miguel Ortiz","Tempo di lettura stimato":"15 minuti"},"schema":{"@context":"https:\/\/schema.org","@graph":[{"@type":"Article","@id":"https:\/\/www.tablaosflamencos.com\/it\/biennale-flamenco-siviglia-2026-biglietti-prezzi-sconti.html#article","isPartOf":{"@id":"https:\/\/www.tablaosflamencos.com\/it\/biennale-flamenco-siviglia-2026-biglietti-prezzi-sconti.html"},"author":{"name":"Miguel Ortiz","@id":"https:\/\/www.tablaosflamencos.com\/it#\/schema\/person\/e7a9ebe14eb75a52ceabfbffb3c54f5d"},"headline":"Biennale di Flamenco di Siviglia 2026: biglietti, prezzi e sconti","datePublished":"2026-09-01T21:35:30+00:00","dateModified":"2026-09-01T22:40:08+00:00","mainEntityOfPage":{"@id":"https:\/\/www.tablaosflamencos.com\/it\/biennale-flamenco-siviglia-2026-biglietti-prezzi-sconti.html"},"wordCount":2947,"publisher":{"@id":"https:\/\/www.tablaosflamencos.com\/it#organization"},"image":{"@id":"https:\/\/www.tablaosflamencos.com\/it\/biennale-flamenco-siviglia-2026-biglietti-prezzi-sconti.html#primaryimage"},"thumbnailUrl":"https:\/\/www.tablaosflamencos.com\/wp-content\/uploads\/bienal-de-flamenco-2026-entradas-precios-y-descuentos-01.webp","keywords":["agenda flamenca","Bienal 2026","Bienal de Flamenco","Biglietti flamenco","festivales flamencos","flamenco en Sevilla","sevilla"],"articleSection":["Biennale di Flamenco"],"inLanguage":"it-IT"},{"@type":"WebPage","@id":"https:\/\/www.tablaosflamencos.com\/it\/biennale-flamenco-siviglia-2026-biglietti-prezzi-sconti.html","url":"https:\/\/www.tablaosflamencos.com\/it\/biennale-flamenco-siviglia-2026-biglietti-prezzi-sconti.html","name":"Biglietti Biennale Flamenco Siviglia 2026: prezzi e sconti","isPartOf":{"@id":"https:\/\/www.tablaosflamencos.com\/it#website"},"primaryImageOfPage":{"@id":"https:\/\/www.tablaosflamencos.com\/it\/biennale-flamenco-siviglia-2026-biglietti-prezzi-sconti.html#primaryimage"},"image":{"@id":"https:\/\/www.tablaosflamencos.com\/it\/biennale-flamenco-siviglia-2026-biglietti-prezzi-sconti.html#primaryimage"},"thumbnailUrl":"https:\/\/www.tablaosflamencos.com\/wp-content\/uploads\/bienal-de-flamenco-2026-entradas-precios-y-descuentos-01.webp","datePublished":"2026-09-01T21:35:30+00:00","dateModified":"2026-09-01T22:40:08+00:00","description":"Prezzi e sconti della Biennale di Flamenco di Siviglia 2026: biglietti da 12 \u20ac, Hora Joven al 50%, biglietterie, acquisto online e prezzi per sede.","breadcrumb":{"@id":"https:\/\/www.tablaosflamencos.com\/it\/biennale-flamenco-siviglia-2026-biglietti-prezzi-sconti.html#breadcrumb"},"inLanguage":"it-IT","potentialAction":[{"@type":"ReadAction","target":["https:\/\/www.tablaosflamencos.com\/it\/biennale-flamenco-siviglia-2026-biglietti-prezzi-sconti.html"]}]},{"@type":"ImageObject","inLanguage":"it-IT","@id":"https:\/\/www.tablaosflamencos.com\/it\/biennale-flamenco-siviglia-2026-biglietti-prezzi-sconti.html#primaryimage","url":"https:\/\/www.tablaosflamencos.com\/wp-content\/uploads\/bienal-de-flamenco-2026-entradas-precios-y-descuentos-01.webp","contentUrl":"https:\/\/www.tablaosflamencos.com\/wp-content\/uploads\/bienal-de-flamenco-2026-entradas-precios-y-descuentos-01.webp","width":1672,"height":941,"caption":"Bienal de Flamenco 2026: entradas, precios y descuentos"},{"@type":"BreadcrumbList","@id":"https:\/\/www.tablaosflamencos.com\/it\/biennale-flamenco-siviglia-2026-biglietti-prezzi-sconti.html#breadcrumb","itemListElement":[{"@type":"ListItem","position":1,"name":"Home","item":"https:\/\/www.tablaosflamencos.com\/it"},{"@type":"ListItem","position":2,"name":"Biennale di Flamenco di Siviglia 2026: biglietti, prezzi e sconti"}]},{"@type":"WebSite","@id":"https:\/\/www.tablaosflamencos.com\/it#website","url":"https:\/\/www.tablaosflamencos.com\/it","name":"Tablaos Flamencos","description":"Entradas para tablaos flamencos de Espa\u00f1a","publisher":{"@id":"https:\/\/www.tablaosflamencos.com\/it#organization"},"alternateName":"Tablaos Flamencos","potentialAction":[{"@type":"SearchAction","target":{"@type":"EntryPoint","urlTemplate":"https:\/\/www.tablaosflamencos.com\/it?s={search_term_string}"},"query-input":{"@type":"PropertyValueSpecification","valueRequired":true,"valueName":"search_term_string"}}],"inLanguage":"it-IT"},{"@type":["Organization","Place","EntertainmentBusiness"],"@id":"https:\/\/www.tablaosflamencos.com\/it#organization","name":"Tablaos Flamencos","alternateName":"Tablaos Flamencos","url":"https:\/\/www.tablaosflamencos.com\/it","logo":{"@id":"https:\/\/www.tablaosflamencos.com\/it\/biennale-flamenco-siviglia-2026-biglietti-prezzi-sconti.html#local-main-organization-logo"},"image":{"@id":"https:\/\/www.tablaosflamencos.com\/it\/biennale-flamenco-siviglia-2026-biglietti-prezzi-sconti.html#local-main-organization-logo"},"sameAs":["https:\/\/www.facebook.com\/tablaosflamencos","https:\/\/x.com\/tablaosflamenco","https:\/\/mastodon.social\/@tablaosflamencos","https:\/\/www.instagram.com\/tablaosflamencos","https:\/\/tiktok.com\/@tablaosflamencos","https:\/\/www.linkedin.com\/company\/109408238\/"],"description":"Venta de entradas para espect\u00e1culos flamencos","legalName":"Tablaos Flamencos","foundingDate":"2015-01-01","numberOfEmployees":{"@type":"QuantitativeValue","minValue":"1","maxValue":"10"},"address":{"@id":"https:\/\/www.tablaosflamencos.com\/it\/biennale-flamenco-siviglia-2026-biglietti-prezzi-sconti.html#local-main-place-address"},"geo":{"@type":"GeoCoordinates","latitude":"37.3868072","longitude":"-5.993280299999999"},"telephone":["+34623787787"],"contactPoint":{"@type":"ContactPoint","telephone":"+34623787787","email":"info@tablaosflamencos.com"},"openingHoursSpecification":{"@type":"OpeningHoursSpecification","dayOfWeek":["Monday","Tuesday","Wednesday","Thursday","Friday","Saturday","Sunday"],"opens":"00:00","closes":"23:59"},"email":"info@tablaosflamencos.com","priceRange":"$$$","currenciesAccepted":"\u20ac"},{"@type":"Person","@id":"https:\/\/www.tablaosflamencos.com\/it#\/schema\/person\/e7a9ebe14eb75a52ceabfbffb3c54f5d","name":"Miguel Ortiz","description":"Miguel Ortiz es un empresario flamenco, con una s\u00f3lida trayectoria dentro del sector. Ha presidido entidades culturales vinculadas al flamenco y, cuenta con un amplio recorrido profesional en la gesti\u00f3n y promoci\u00f3n de espect\u00e1culos y tablaos flamencos. Su pasi\u00f3n por la historia y el arte flamenco se refleja en cada art\u00edculo, donde combina experiencia, criterio y un profundo respeto por la tradici\u00f3n.","sameAs":["https:\/\/www.tablaosflamencos.com","https:\/\/www.instagra.com\/miguelortizfe","https:\/\/www.linkedin.com\/in\/miguelortizf\/"],"birthDate":"1984-11-22","gender":"hombre","knowsLanguage":["espa\u00f1ol","ingl\u00e9s"],"jobTitle":"Empresario flamenco"},{"@type":"PostalAddress","@id":"https:\/\/www.tablaosflamencos.com\/it\/biennale-flamenco-siviglia-2026-biglietti-prezzi-sconti.html#local-main-place-address","streetAddress":"C\/ Alemanes, 19","addressLocality":"Sevilla","postalCode":"41004","addressRegion":"Sevilla","addressCountry":"ES"},{"@type":"ImageObject","inLanguage":"it-IT","@id":"https:\/\/www.tablaosflamencos.com\/it\/biennale-flamenco-siviglia-2026-biglietti-prezzi-sconti.html#local-main-organization-logo","url":"https:\/\/www.tablaosflamencos.com\/wp-content\/uploads\/tablaos-flamencos-06-3.webp","contentUrl":"https:\/\/www.tablaosflamencos.com\/wp-content\/uploads\/tablaos-flamencos-06-3.webp","width":600,"height":620,"caption":"Tablaos Flamencos"}]},"geo.placename":"Sevilla","geo.position":{"lat":"37.3868072","long":"-5.993280299999999"},"geo.region":"Spagna"},"_links":{"self":[{"href":"https:\/\/www.tablaosflamencos.com\/it\/wp-json\/wp\/v2\/posts\/13887","targetHints":{"allow":["GET"]}}],"collection":[{"href":"https:\/\/www.tablaosflamencos.com\/it\/wp-json\/wp\/v2\/posts"}],"about":[{"href":"https:\/\/www.tablaosflamencos.com\/it\/wp-json\/wp\/v2\/types\/post"}],"author":[{"embeddable":true,"href":"https:\/\/www.tablaosflamencos.com\/it\/wp-json\/wp\/v2\/users\/1"}],"replies":[{"embeddable":true,"href":"https:\/\/www.tablaosflamencos.com\/it\/wp-json\/wp\/v2\/comments?post=13887"}],"version-history":[{"count":6,"href":"https:\/\/www.tablaosflamencos.com\/it\/wp-json\/wp\/v2\/posts\/13887\/revisions"}],"predecessor-version":[{"id":14002,"href":"https:\/\/www.tablaosflamencos.com\/it\/wp-json\/wp\/v2\/posts\/13887\/revisions\/14002"}],"wp:featuredmedia":[{"embeddable":true,"href":"https:\/\/www.tablaosflamencos.com\/it\/wp-json\/wp\/v2\/media\/13857"}],"wp:attachment":[{"href":"https:\/\/www.tablaosflamencos.com\/it\/wp-json\/wp\/v2\/media?parent=13887"}],"wp:term":[{"taxonomy":"category","embeddable":true,"href":"https:\/\/www.tablaosflamencos.com\/it\/wp-json\/wp\/v2\/categories?post=13887"},{"taxonomy":"post_tag","embeddable":true,"href":"https:\/\/www.tablaosflamencos.com\/it\/wp-json\/wp\/v2\/tags?post=13887"}],"curies":[{"name":"wp","href":"https:\/\/api.w.org\/{rel}","templated":true}]}}