{"id":13886,"date":"2026-09-01T23:44:31","date_gmt":"2026-09-01T21:44:31","guid":{"rendered":"https:\/\/www.tablaosflamencos.com\/?p=13886"},"modified":"2026-09-02T00:39:28","modified_gmt":"2026-09-01T22:39:28","slug":"flamenco-real-alcazar-biennale-siviglia-2026","status":"publish","type":"post","link":"https:\/\/www.tablaosflamencos.com\/it\/flamenco-real-alcazar-biennale-siviglia-2026.html","title":{"rendered":"Flamenco al Real Alc\u00e1zar durante la Biennale 2026"},"content":{"rendered":"<section class=\"l-section wpb_row height_huge\"><div class=\"l-section-h i-cf\"><div class=\"g-cols vc_row via_flex valign_top type_default stacking_default\"><div class=\"vc_col-sm-6 wpb_column vc_column_container\"><div class=\"vc_column-inner\"><div class=\"wpb_wrapper\"><div class=\"wpb_text_column\"><div class=\"wpb_wrapper\"><h2>Flamenco al Real Alc\u00e1zar durante la Biennale 2026<\/h2>\n<p>La <strong>XXIV Biennale di Flamenco di Siviglia<\/strong> trasforma il <strong>Real Alc\u00e1zar<\/strong> in uno dei suoi scenari pi\u00f9 speciali per tre sere consecutive. Dal <strong>14 al 16 settembre 2026<\/strong>, il <strong>Patio de la Monter\u00eda<\/strong> ospiter\u00e0 un programma incentrato sul cante, sulla memoria e sulle grandi genealogie del flamenco: Israel Fern\u00e1ndez, Rancapino Chico e l\u2019incontro jerezano <em>Xerezan\u00edas<\/em>.<\/p>\n<p>Non \u00e8 semplicemente un altro spazio nella mappa della Biennale. L\u2019Alc\u00e1zar offre qualcosa che pochi luoghi possono offrire: un monumento storico che fa parte dell\u2019identit\u00e0 di Siviglia e che, per alcune ore, smette di essere soltanto un luogo da visitare per trasformarsi in un palcoscenico flamenco notturno.<\/p>\n<p>Questa guida riunisce <strong>date, orari, artisti, biglietti, chiavi di lettura di ogni spettacolo e consigli pratici<\/strong> per scegliere in quale serata vivere il flamenco al Real Alc\u00e1zar durante la Biennale 2026.<\/p>\n<\/div><\/div><\/div><\/div><\/div><div class=\"vc_col-sm-6 wpb_column vc_column_container\"><div class=\"vc_column-inner\"><div class=\"wpb_wrapper\"><div class=\"wpb_text_column\"><div class=\"wpb_wrapper\"><p style=\"text-align: center; font-size: 48px; line-height: 1; margin-bottom: 8px;\"><strong>14\u201316<\/strong><\/p>\n<h3 style=\"text-align: center;\">settembre 2026<\/h3>\n<p style=\"text-align: center;\"><strong>Patio de la Monter\u00eda \u00b7 Real Alc\u00e1zar<\/strong><\/p>\n<p style=\"text-align: center;\">Tre serate \u00b7 21:30<\/p>\n<p style=\"text-align: center;\">Israel Fern\u00e1ndez \u00b7 Rancapino Chico \u00b7 Xerezan\u00edas<\/p>\n<p style=\"text-align: center;\">Prezzo generale pubblicato dalla Biennale: <strong>30 \u20ac<\/strong><\/p>\n<\/div><\/div><\/div><\/div><\/div><\/div><\/div><\/section><section class=\"l-section wpb_row height_huge color_alternate with_shape\"><div class=\"l-section-shape type_zigzag pos_top\" style=\"height:3vmin;\"><svg xmlns=\"http:\/\/www.w3.org\/2000\/svg\" viewBox=\"0 0 64 8\" preserveAspectRatio=\"none\" width=\"100%\" height=\"100%\">\r\n\t<path fill=\"currentColor\" d=\"M64 8 L0 8 L0 0 L20 7.9 L40 3 L48 5 L64 0 Z\"\/>\r\n<\/svg><\/div><div class=\"l-section-shape type_zigzag pos_bottom\" style=\"height:3vmin;\"><svg xmlns=\"http:\/\/www.w3.org\/2000\/svg\" viewBox=\"0 0 64 8\" preserveAspectRatio=\"none\" width=\"100%\" height=\"100%\">\r\n\t<path fill=\"currentColor\" d=\"M64 8 L0 8 L0 0 L20 7.9 L40 3 L48 5 L64 0 Z\"\/>\r\n<\/svg><\/div><div class=\"l-section-h i-cf\"><div class=\"g-cols vc_row via_flex valign_top type_default stacking_default\"><div class=\"vc_col-sm-12 wpb_column vc_column_container\"><div class=\"vc_column-inner\"><div class=\"wpb_wrapper\"><div class=\"wpb_text_column\"><div class=\"wpb_wrapper\"><blockquote>\n<p><strong>Risposta rapida:<\/strong> il Real Alc\u00e1zar ospiter\u00e0 tre spettacoli della Biennale di Flamenco 2026, tutti alle 21:30 nel Patio de la Monter\u00eda. Luned\u00ec 14 si esibir\u00e0 <strong>Israel Fern\u00e1ndez<\/strong> con <em>De oro y marfil<\/em>; marted\u00ec 15 <strong>Rancapino Chico<\/strong> presenter\u00e0 in prima assoluta <em>Pizarra<\/em>; e mercoled\u00ec 16 arriver\u00e0 <strong><em>Xerezan\u00edas<\/em><\/strong>, una Serata Unica con Luis El Zambo, Dolores Agujetas, Antonio de la Malena, Manuel Valencia e Las Tatas de Jerez. Il prezzo generale pubblicato per il Real Alc\u00e1zar \u00e8 di 30 \u20ac per spettacolo.<\/p>\n<\/blockquote>\n<p><strong>Ultimo aggiornamento: 1 settembre 2026.<\/strong> La disponibilit\u00e0 dei biglietti pu\u00f2 cambiare. Verifica sempre la scheda ufficiale di ogni spettacolo prima di organizzare la visita.<\/p>\n<\/div><\/div><div class=\"w-separator size_medium\"><\/div><div class=\"w-hwrapper valign_top wrap stack_on_mobiles align_center\" style=\"--hwrapper-gap:1.2rem\"><div class=\"w-btn-wrapper align_none\"><a class=\"w-btn us-btn-style_1\" href=\"https:\/\/www.tablaosflamencos.com\/it\/biennale-flamenco-siviglia-2026.html\"><span class=\"w-btn-label\">Guida completa alla Biennale 2026<\/span><\/a><\/div><div class=\"w-btn-wrapper align_none\"><a class=\"w-btn us-btn-style_1\" target=\"_blank\" href=\"https:\/\/www.labienal.com\/programa-general\/real-alcazar\"><span class=\"w-btn-label\">Programma ufficiale del Real Alc\u00e1zar<\/span><\/a><\/div><div class=\"w-btn-wrapper align_none\"><a class=\"w-btn us-btn-style_1\" href=\"https:\/\/www.tablaosflamencos.com\/it\/flamenco-a-siviglia\"><span class=\"w-btn-label\">Vedere flamenco a Siviglia<\/span><\/a><\/div><\/div><\/div><\/div><\/div><\/div><\/div><\/section><section class=\"l-section wpb_row height_huge\"><div class=\"l-section-h i-cf\"><div class=\"g-cols vc_row via_flex valign_top type_default stacking_default\"><div class=\"vc_col-sm-3 wpb_column vc_column_container\"><div class=\"vc_column-inner\"><div class=\"wpb_wrapper\"><\/div><\/div><\/div><div class=\"vc_col-sm-6 wpb_column vc_column_container\"><div class=\"vc_column-inner\"><div class=\"wpb_wrapper\"><div class=\"wpb_text_column\"><div class=\"wpb_wrapper\"><h2>Contenuto di questa guida<\/h2>\n<ul>\n<li><a href=\"#alcazar-bienal\">Perch\u00e9 il Real Alc\u00e1zar \u00e8 uno degli spazi speciali della Biennale<\/a><\/li>\n<li><a href=\"#programa-alcazar\">Programma completo dal 14 al 16 settembre<\/a><\/li>\n<li><a href=\"#israel-fernandez\">14 settembre: Israel Fern\u00e1ndez<\/a><\/li>\n<li><a href=\"#rancapino\">15 settembre: Rancapino Chico<\/a><\/li>\n<li><a href=\"#xerezanias\">16 settembre: Xerezan\u00edas<\/a><\/li>\n<li><a href=\"#que-elegir\">Quale serata scegliere<\/a><\/li>\n<li><a href=\"#entradas-alcazar\">Biglietti, prezzo e disponibilit\u00e0<\/a><\/li>\n<li><a href=\"#como-llegar\">Come arrivare e organizzare la serata<\/a><\/li>\n<li><a href=\"#visita-alcazar\">Si pu\u00f2 abbinare lo spettacolo a una visita dell\u2019Alc\u00e1zar?<\/a><\/li>\n<li><a href=\"#faq-alcazar\">Domande frequenti<\/a><\/li>\n<\/ul>\n<\/div><\/div><\/div><\/div><\/div><div class=\"vc_col-sm-3 wpb_column vc_column_container\"><div class=\"vc_column-inner\"><div class=\"wpb_wrapper\"><\/div><\/div><\/div><\/div><\/div><\/section><section class=\"l-section wpb_row height_huge color_alternate with_shape\"><div class=\"l-section-shape type_zigzag pos_top\" style=\"height:3vmin;\"><svg xmlns=\"http:\/\/www.w3.org\/2000\/svg\" viewBox=\"0 0 64 8\" preserveAspectRatio=\"none\" width=\"100%\" height=\"100%\">\r\n\t<path fill=\"currentColor\" d=\"M64 8 L0 8 L0 0 L20 7.9 L40 3 L48 5 L64 0 Z\"\/>\r\n<\/svg><\/div><div class=\"l-section-shape type_zigzag pos_bottom\" style=\"height:3vmin;\"><svg xmlns=\"http:\/\/www.w3.org\/2000\/svg\" viewBox=\"0 0 64 8\" preserveAspectRatio=\"none\" width=\"100%\" height=\"100%\">\r\n\t<path fill=\"currentColor\" d=\"M64 8 L0 8 L0 0 L20 7.9 L40 3 L48 5 L64 0 Z\"\/>\r\n<\/svg><\/div><div class=\"l-section-h i-cf\"><div class=\"g-cols vc_row via_flex valign_top type_default stacking_default\"><div class=\"vc_col-sm-6 wpb_column vc_column_container\"><div class=\"vc_column-inner\"><div class=\"wpb_wrapper\"><div class=\"wpb_text_column\"><div class=\"wpb_wrapper\"><h2 id=\"alcazar-bienal\">Il Real Alc\u00e1zar: patrimonio trasformato in palcoscenico flamenco<\/h2>\n<p>Il Real Alc\u00e1zar \u00e8 uno dei palazzi reali ancora in uso pi\u00f9 antichi al mondo e uno dei grandi simboli del patrimonio di Siviglia. La sua architettura \u00e8 il risultato di secoli di trasformazioni e della sovrapposizione di culture, stili ed epoche diverse. Questa natura di spazio vivo si adatta particolarmente bene a una Biennale che insiste sul rapporto tra tradizione, memoria e creazione contemporanea.<\/p>\n<p>La stessa organizzazione indica il <strong>Patio de la Monter\u00eda<\/strong> come sede delle tre rappresentazioni del 2026. \u00c8 uno spazio monumentale nel cuore del complesso palaziale, storicamente legato al Palazzo di Pietro I e trasformato, in occasioni speciali, in scenario per concerti ed eventi culturali.<\/p>\n<p>L\u2019esperienza sar\u00e0 molto diversa da quella di un teatro convenzionale. Qui l\u2019architettura diventa parte della percezione dello spettacolo: il patio, le facciate del palazzo, la notte sivigliana e il carattere eccezionale dell\u2019accesso al complesso per una rappresentazione della Biennale modificano il rapporto tra pubblico, cante e spazio.<\/p>\n<\/div><\/div><\/div><\/div><\/div><div class=\"vc_col-sm-6 wpb_column vc_column_container\"><div class=\"vc_column-inner\"><div class=\"wpb_wrapper\"><div class=\"wpb_text_column\"><div class=\"wpb_wrapper\"><h2>Un programma con un\u2019identit\u00e0 molto chiara<\/h2>\n<p>A differenza di altri spazi della Biennale, dove convivono danza, chitarra, sperimentazione e grandi produzioni, il Real Alc\u00e1zar concentra tre serate particolarmente legate al <strong>cante e alla memoria flamenca<\/strong>.<\/p>\n<p>Israel Fern\u00e1ndez rappresenta una generazione che conosce profondamente la tradizione ma la proietta attraverso una personalit\u00e0 musicale contemporanea. Rancapino Chico propone una prima assoluta che guarda direttamente ai vecchi dischi a 78 giri e ai maestri del cante. E <em>Xerezan\u00edas<\/em> riunisce alcune delle grandi famiglie cantaoras di Jerez in una Serata Unica costruita attorno alle forme classiche e alla trasmissione orale.<\/p>\n<p>Per questo, se la tua priorit\u00e0 durante la Biennale \u00e8 il <strong>cante<\/strong>, il ciclo dell\u2019Alc\u00e1zar pu\u00f2 essere uno dei blocchi pi\u00f9 coerenti dell\u2019intero programma.<\/p>\n<\/div><\/div><\/div><\/div><\/div><\/div><\/div><\/section><section class=\"l-section wpb_row height_huge\"><div class=\"l-section-h i-cf\"><div class=\"g-cols vc_row via_flex valign_top type_default stacking_default\"><div class=\"vc_col-sm-12 wpb_column vc_column_container\"><div class=\"vc_column-inner\"><div class=\"wpb_wrapper\"><div class=\"wpb_text_column\"><div class=\"wpb_wrapper\"><h2 id=\"programa-alcazar\">Programma di flamenco al Real Alc\u00e1zar durante la Biennale 2026<\/h2>\n<div style=\"overflow-x: auto;\">\n<table>\n<thead>\n<tr>\n<th>Data<\/th>\n<th>Ora<\/th>\n<th>Artista<\/th>\n<th>Spettacolo<\/th>\n<th>Tipo<\/th>\n<th>Spazio<\/th>\n<\/tr>\n<\/thead>\n<tbody>\n<tr>\n<td><strong>Luned\u00ec 14 settembre<\/strong><\/td>\n<td>21:30<\/td>\n<td>Israel Fern\u00e1ndez<\/td>\n<td><em>De oro y marfil<\/em><\/td>\n<td>Cante \u00b7 concerto<\/td>\n<td>Patio de la Monter\u00eda<\/td>\n<\/tr>\n<tr>\n<td><strong>Marted\u00ec 15 settembre<\/strong><\/td>\n<td>21:30<\/td>\n<td>Rancapino Chico<\/td>\n<td><em>Pizarra<\/em><\/td>\n<td><strong>Prima assoluta<\/strong><\/td>\n<td>Patio de la Monter\u00eda<\/td>\n<\/tr>\n<tr>\n<td><strong>Mercoled\u00ec 16 settembre<\/strong><\/td>\n<td>21:30<\/td>\n<td>Luis El Zambo, Dolores Agujetas, Antonio de la Malena, Manuel Valencia e Las Tatas de Jerez<\/td>\n<td><em>Xerezan\u00edas<\/em><\/td>\n<td><strong>Serata Unica<\/strong><\/td>\n<td>Patio de la Monter\u00eda<\/td>\n<\/tr>\n<\/tbody>\n<\/table>\n<\/div>\n<p><small>Programma secondo le schede ufficiali in vigore il 1 settembre 2026. Orari e disponibilit\u00e0 possono subire variazioni.<\/small><\/p>\n<\/div><\/div><\/div><\/div><\/div><\/div><\/div><\/section><section class=\"l-section wpb_row height_huge color_alternate with_shape\"><div class=\"l-section-shape type_zigzag pos_top\" style=\"height:3vmin;\"><svg xmlns=\"http:\/\/www.w3.org\/2000\/svg\" viewBox=\"0 0 64 8\" preserveAspectRatio=\"none\" width=\"100%\" height=\"100%\">\r\n\t<path fill=\"currentColor\" d=\"M64 8 L0 8 L0 0 L20 7.9 L40 3 L48 5 L64 0 Z\"\/>\r\n<\/svg><\/div><div class=\"l-section-shape type_zigzag pos_bottom\" style=\"height:3vmin;\"><svg xmlns=\"http:\/\/www.w3.org\/2000\/svg\" viewBox=\"0 0 64 8\" preserveAspectRatio=\"none\" width=\"100%\" height=\"100%\">\r\n\t<path fill=\"currentColor\" d=\"M64 8 L0 8 L0 0 L20 7.9 L40 3 L48 5 L64 0 Z\"\/>\r\n<\/svg><\/div><div class=\"l-section-h i-cf\"><div class=\"g-cols vc_row via_flex valign_top type_default stacking_default\"><div class=\"vc_col-sm-6 wpb_column vc_column_container\"><div class=\"vc_column-inner\"><div class=\"wpb_wrapper\"><div class=\"wpb_text_column\"><div class=\"wpb_wrapper\"><h2 id=\"israel-fernandez\">14 settembre: Israel Fern\u00e1ndez e De oro y marfil<\/h2>\n<p>Il ciclo inizia luned\u00ec 14 con <strong>Israel Fern\u00e1ndez<\/strong>, uno dei cantaores pi\u00f9 affermati della sua generazione. <em>De oro y marfil<\/em> propone un percorso attraverso il suo modo personale di intendere il flamenco, combinando composizioni proprie e riletture di brani classici in una messa in scena musicale pi\u00f9 ampia rispetto al recital tradizionale.<\/p>\n<p>La scheda ufficiale annuncia lo stesso Israel al cante, <strong>Diego del Morao<\/strong> alla chitarra, An\u00e9 Carrasco alle percussioni, Pirulo e Marcos Carpio alle palmas e ai cori, oltre a un gruppo di archi e voci. Questo formato permette di ascoltare il cante a diversi livelli di intensit\u00e0, dall\u2019intimit\u00e0 fino a un\u2019architettura musicale pi\u00f9 avvolgente.<\/p>\n<p>Il rapporto tra Israel Fern\u00e1ndez e Diego del Morao \u00e8 inoltre una delle collaborazioni creative pi\u00f9 riconoscibili del flamenco recente. In uno spazio come il Patio de la Monter\u00eda, questa combinazione pu\u00f2 essere particolarmente interessante per chi cerca una prima serata accessibile, musicale e di grande livello artistico.<\/p>\n<\/div><\/div><\/div><\/div><\/div><div class=\"vc_col-sm-6 wpb_column vc_column_container\"><div class=\"vc_column-inner\"><div class=\"wpb_wrapper\"><div class=\"wpb_text_column\"><div class=\"wpb_wrapper\"><h2>A chi consigliamo questa serata?<\/h2>\n<p>Lo spettacolo di Israel Fern\u00e1ndez pu\u00f2 essere l\u2019opzione pi\u00f9 versatile delle tre se cerchi un\u2019esperienza con radici flamencas evidenti ma una costruzione musicale contemporanea.<\/p>\n<p>\u00c8 particolarmente consigliato se:<\/p>\n<ul>\n<li>vuoi ascoltare una delle grandi voci attuali del flamenco;<\/li>\n<li>ti interessa la chitarra di Diego del Morao;<\/li>\n<li>preferisci uno spettacolo musicale pi\u00f9 sviluppato rispetto a un recital di cante essenziale;<\/li>\n<li>\u00e8 la tua prima Biennale e cerchi una proposta relativamente immediata.<\/li>\n<\/ul>\n<p>Nello stesso 14 settembre coincidono altri spettacoli importanti a Siviglia, quindi \u00e8 meglio evitare combinazioni con orari troppo ravvicinati. La nostra <a href=\"https:\/\/www.tablaosflamencos.com\/bienal-flamenco-sevilla-2026.html\"><strong>guida generale alla Biennale 2026<\/strong><\/a> ti aiuta a organizzare il resto della giornata.<\/p>\n<\/div><\/div><\/div><\/div><\/div><\/div><\/div><\/section><section class=\"l-section wpb_row height_huge\"><div class=\"l-section-h i-cf\"><div class=\"g-cols vc_row via_flex valign_top type_default stacking_default\"><div class=\"vc_col-sm-6 wpb_column vc_column_container\"><div class=\"vc_column-inner\"><div class=\"wpb_wrapper\"><div class=\"wpb_text_column\"><div class=\"wpb_wrapper\"><h2 id=\"rancapino\">15 settembre: Rancapino Chico presenta in prima assoluta Pizarra<\/h2>\n<p>La seconda serata \u00e8 una delle pi\u00f9 interessanti per chi segue le <strong>prime assolute della Biennale 2026<\/strong>. Rancapino Chico presenta <strong><em>Pizarra<\/em><\/strong>, un progetto costruito a partire dai vecchi dischi a 78 giri e dalla memoria sonora dei grandi maestri.<\/p>\n<p>La proposta non vuole trasformare l\u2019archivio in una ricostruzione museale. Rancapino Chico parte da quelle registrazioni per tornare all\u2019origine dei cantes e affrontarli con la propria voce, l\u2019eredit\u00e0 familiare e la libert\u00e0 del momento. La scheda artistica annuncia <strong>Antonio Higuero<\/strong> alla chitarra ed Edu G\u00f3mez e Naim Real alle palmas e jaleos.<\/p>\n<p>In un\u2019edizione con numerosi progetti di ricerca e avanguardia, <em>Pizarra<\/em> ricorda che anche la creazione nuova pu\u00f2 nascere guardando in profondit\u00e0 al passato.<\/p>\n<\/div><\/div><\/div><\/div><\/div><div class=\"vc_col-sm-6 wpb_column vc_column_container\"><div class=\"vc_column-inner\"><div class=\"wpb_wrapper\"><div class=\"wpb_text_column\"><div class=\"wpb_wrapper\"><h2>Una serata per chi cerca cante classico e genealogia<\/h2>\n<p>Rancapino Chico appartiene a una famiglia di enorme tradizione flamenca e ha costruito gran parte della propria identit\u00e0 artistica attorno ai cantes di Cadice, agli stili classici e a un modo di cantare che rivendica la trasmissione tra generazioni.<\/p>\n<p>La scelta del Real Alc\u00e1zar rafforza questo discorso: una prima assoluta dedicata alle fonti del cante in uno degli spazi storici pi\u00f9 importanti di Siviglia.<\/p>\n<p>Se ti interessano in particolare le nuove produzioni che nascono alla Biennale, puoi completare questa serata con la nostra guida alle <a href=\"https:\/\/www.tablaosflamencos.com\/grandes-estrenos-bienal-flamenco-sevilla-2026.html\"><strong>grandi prime della Biennale 2026<\/strong><\/a>.<\/p>\n<\/div><\/div><\/div><\/div><\/div><\/div><\/div><\/section><section class=\"l-section wpb_row height_huge color_alternate with_shape\"><div class=\"l-section-shape type_zigzag pos_top\" style=\"height:3vmin;\"><svg xmlns=\"http:\/\/www.w3.org\/2000\/svg\" viewBox=\"0 0 64 8\" preserveAspectRatio=\"none\" width=\"100%\" height=\"100%\">\r\n\t<path fill=\"currentColor\" d=\"M64 8 L0 8 L0 0 L20 7.9 L40 3 L48 5 L64 0 Z\"\/>\r\n<\/svg><\/div><div class=\"l-section-shape type_zigzag pos_bottom\" style=\"height:3vmin;\"><svg xmlns=\"http:\/\/www.w3.org\/2000\/svg\" viewBox=\"0 0 64 8\" preserveAspectRatio=\"none\" width=\"100%\" height=\"100%\">\r\n\t<path fill=\"currentColor\" d=\"M64 8 L0 8 L0 0 L20 7.9 L40 3 L48 5 L64 0 Z\"\/>\r\n<\/svg><\/div><div class=\"l-section-h i-cf\"><div class=\"g-cols vc_row via_flex valign_top type_default stacking_default\"><div class=\"vc_col-sm-6 wpb_column vc_column_container\"><div class=\"vc_column-inner\"><div class=\"wpb_wrapper\"><div class=\"wpb_text_column\"><div class=\"wpb_wrapper\"><h2 id=\"xerezanias\">16 settembre: Xerezan\u00edas, una Serata Unica jerezana<\/h2>\n<p>Mercoled\u00ec 16 il Real Alc\u00e1zar passa dal focus individuale a una riunione di grandi saghe. <strong><em>Xerezan\u00edas<\/em><\/strong> riunisce Luis El Zambo, Dolores Agujetas, Antonio de la Malena, Manuel Valencia e Las Tatas de Jerez in una proposta che la Biennale classifica come <strong>Serata Unica<\/strong>.<\/p>\n<p>L\u2019idea \u00e8 valorizzare le forme classiche del cante jerezano attraverso artisti strettamente legati a famiglie e quartieri fondamentali nella storia flamenca di Jerez. Gli Zambo rimandano al quartiere di Santiago; gli Agujetas a La Plazuela; e i Malena incarnano uno dei legami storici tra Jerez e Lebrija.<\/p>\n<p>Manuel Valencia dirige una serata in cui cante e chitarra sono al centro, mentre Las Tatas de Jerez apportano la dimensione festosa delle buler\u00edas.<\/p>\n<\/div><\/div><\/div><\/div><\/div><div class=\"vc_col-sm-6 wpb_column vc_column_container\"><div class=\"vc_column-inner\"><div class=\"wpb_wrapper\"><div class=\"wpb_text_column\"><div class=\"wpb_wrapper\"><h2>L\u2019opzione pi\u00f9 irripetibile delle tre<\/h2>\n<p>Se Israel Fern\u00e1ndez offre una grande produzione di cante attuale e Rancapino Chico presenta una prima assoluta, <em>Xerezan\u00edas<\/em> gioca un\u2019altra carta: <strong>l\u2019incontro<\/strong>.<\/p>\n<p>La stessa etichetta Serata Unica indica che la Biennale concepisce lo spettacolo come una combinazione creata specificamente per questa edizione e questa data. Per un appassionato interessato a Jerez, alle famiglie cantaoras e al cante trasmesso attraverso la convivenza, pu\u00f2 essere uno degli appuntamenti pi\u00f9 singolari del ciclo.<\/p>\n<p>\u00c8 anche un\u2019ottima scelta per chi ha gi\u00e0 visto alcuni di questi artisti separatamente e vuole viverli all\u2019interno di una struttura collettiva e in uno spazio eccezionale.<\/p>\n<\/div><\/div><\/div><\/div><\/div><\/div><\/div><\/section><section class=\"l-section wpb_row height_huge\"><div class=\"l-section-h i-cf\"><div class=\"g-cols vc_row via_flex valign_top type_default stacking_default\"><div class=\"vc_col-sm-12 wpb_column vc_column_container\"><div class=\"vc_column-inner\"><div class=\"wpb_wrapper\"><div class=\"wpb_text_column\"><div class=\"wpb_wrapper\"><h2 id=\"que-elegir\" style=\"text-align: center;\">Quale serata scegliere al Real Alc\u00e1zar<\/h2>\n<p style=\"text-align: center;\">Le tre rappresentazioni condividono orario e spazio, ma offrono esperienze piuttosto diverse.<\/p>\n<\/div><\/div><div class=\"w-separator size_medium\"><\/div><div class=\"g-cols wpb_row via_flex valign_top type_default stacking_default\"><div class=\"vc_col-sm-4 wpb_column vc_column_container\"><div class=\"vc_column-inner\"><div class=\"wpb_wrapper\"><div class=\"wpb_text_column\"><div class=\"wpb_wrapper\"><h3>Israel Fern\u00e1ndez<\/h3>\n<p><strong>Scegli il 14 se cerchi:<\/strong><\/p>\n<ul>\n<li>una grande voce attuale;<\/li>\n<li>Diego del Morao alla chitarra;<\/li>\n<li>una produzione musicale ampia;<\/li>\n<li>tradizione con linguaggio contemporaneo.<\/li>\n<\/ul>\n<\/div><\/div><\/div><\/div><\/div><div class=\"vc_col-sm-4 wpb_column vc_column_container\"><div class=\"vc_column-inner\"><div class=\"wpb_wrapper\"><div class=\"wpb_text_column\"><div class=\"wpb_wrapper\"><h3>Rancapino Chico<\/h3>\n<p><strong>Scegli il 15 se cerchi:<\/strong><\/p>\n<ul>\n<li>una prima assoluta;<\/li>\n<li>cante classico;<\/li>\n<li>la memoria dei vecchi dischi a 78 giri;<\/li>\n<li>una proposta centrata sulle radici.<\/li>\n<\/ul>\n<\/div><\/div><\/div><\/div><\/div><div class=\"vc_col-sm-4 wpb_column vc_column_container\"><div class=\"vc_column-inner\"><div class=\"wpb_wrapper\"><div class=\"wpb_text_column\"><div class=\"wpb_wrapper\"><h3>Xerezan\u00edas<\/h3>\n<p><strong>Scegli il 16 se cerchi:<\/strong><\/p>\n<ul>\n<li>una Serata Unica;<\/li>\n<li>cante jerezano;<\/li>\n<li>grandi famiglie flamencas;<\/li>\n<li>un\u2019esperienza collettiva difficile da ripetere.<\/li>\n<\/ul>\n<\/div><\/div><\/div><\/div><\/div><\/div><\/div><\/div><\/div><\/div><\/div><\/section><section class=\"l-section wpb_row height_huge color_alternate with_shape\"><div class=\"l-section-shape type_zigzag pos_top\" style=\"height:3vmin;\"><svg xmlns=\"http:\/\/www.w3.org\/2000\/svg\" viewBox=\"0 0 64 8\" preserveAspectRatio=\"none\" width=\"100%\" height=\"100%\">\r\n\t<path fill=\"currentColor\" d=\"M64 8 L0 8 L0 0 L20 7.9 L40 3 L48 5 L64 0 Z\"\/>\r\n<\/svg><\/div><div class=\"l-section-shape type_zigzag pos_bottom\" style=\"height:3vmin;\"><svg xmlns=\"http:\/\/www.w3.org\/2000\/svg\" viewBox=\"0 0 64 8\" preserveAspectRatio=\"none\" width=\"100%\" height=\"100%\">\r\n\t<path fill=\"currentColor\" d=\"M64 8 L0 8 L0 0 L20 7.9 L40 3 L48 5 L64 0 Z\"\/>\r\n<\/svg><\/div><div class=\"l-section-h i-cf\"><div class=\"g-cols vc_row via_flex valign_top type_default stacking_default\"><div class=\"vc_col-sm-6 wpb_column vc_column_container\"><div class=\"vc_column-inner\"><div class=\"wpb_wrapper\"><div class=\"wpb_text_column\"><div class=\"wpb_wrapper\"><h2 id=\"entradas-alcazar\">Biglietti per il flamenco al Real Alc\u00e1zar<\/h2>\n<p>Le informazioni ufficiali di vendita della XXIV Biennale fissano per il <strong>Real Alc\u00e1zar un prezzo generale di 30 \u20ac<\/strong> per biglietto. L\u2019acquisto viene gestito attraverso i canali ufficiali collegati dalla scheda di ogni spettacolo.<\/p>\n<p>La disponibilit\u00e0 \u00e8 dinamica. Una rappresentazione che oggi risulta in vendita pu\u00f2 esaurirsi pi\u00f9 avanti, soprattutto con l\u2019avvicinarsi delle date del festival. Per questo consigliamo di verificare la scheda specifica prima di definire altri programmi per la serata.<\/p>\n<p>Sconsigliamo la rivendita non verificata. Se una delle tre serate \u00e8 esaurita, consulta prima i canali ufficiali e poi valuta alternative nel programma della Biennale o nell\u2019offerta stabile di flamenco della citt\u00e0.<\/p>\n<\/div><\/div><div class=\"w-separator size_medium\"><\/div><div class=\"w-btn-wrapper align_none\"><a class=\"w-btn us-btn-style_1\" target=\"_blank\" href=\"https:\/\/www.labienal.com\/venta-de-entradas-xxiv-bienal-de-flamenco-sevilla-2026\"><span class=\"w-btn-label\">Informazioni ufficiali sui biglietti<\/span><\/a><\/div><\/div><\/div><\/div><div class=\"vc_col-sm-6 wpb_column vc_column_container\"><div class=\"vc_column-inner\"><div class=\"wpb_wrapper\"><div class=\"wpb_text_column\"><div class=\"wpb_wrapper\"><h2>Che cosa succede se non ci sono pi\u00f9 biglietti?<\/h2>\n<p>L\u2019Alc\u00e1zar offre solo tre rappresentazioni nell\u2019intera Biennale, quindi le possibilit\u00e0 di aggiungere date sono limitate. Se la tua prima scelta \u00e8 esaurita, il programma di quei giorni mantiene altri spettacoli in spazi come la Real F\u00e1brica de Artiller\u00eda, il Teatro Central, il Teatro Alameda o l\u2019Espacio Turina.<\/p>\n<p>Puoi anche usare la nostra guida su <a href=\"https:\/\/www.tablaosflamencos.com\/bienal-flamenco-2026-entradas-agotadas-que-ver.html\"><strong>cosa vedere quando i biglietti della Biennale sono esauriti<\/strong><\/a>.<\/p>\n<p>E se vuoi un\u2019esperienza diversa dalla Biennale ma comunque centrata sul flamenco dal vivo, i <a href=\"https:\/\/www.tablaosflamencos.com\/flamenco-en-sevilla\"><strong>tablaos flamencos di Siviglia<\/strong><\/a> mantengono la loro programmazione abituale durante il festival.<\/p>\n<\/div><\/div><\/div><\/div><\/div><\/div><\/div><\/section><section class=\"l-section wpb_row height_huge\"><div class=\"l-section-h i-cf\"><div class=\"g-cols vc_row via_flex valign_top type_default stacking_default\"><div class=\"vc_col-sm-6 wpb_column vc_column_container\"><div class=\"vc_column-inner\"><div class=\"wpb_wrapper\"><div class=\"wpb_text_column\"><div class=\"wpb_wrapper\"><h2 id=\"como-llegar\">Come arrivare al Real Alc\u00e1zar per la Biennale<\/h2>\n<p>La scheda dello spazio della Biennale utilizza come riferimento il <strong>Patio de Banderas<\/strong>, nel pieno centro monumentale di Siviglia. La zona \u00e8 particolarmente comoda da raggiungere a piedi dalla Cattedrale, dall\u2019Archivo de Indias, da Puerta Jerez, da Santa Cruz e da gran parte del centro storico.<\/p>\n<p>Tra le opzioni di trasporto pubblico indicate dall\u2019organizzazione:<\/p>\n<ul>\n<li><strong>Metro:<\/strong> Linea 1, stazione Puerta Jerez.<\/li>\n<li><strong>Metrocentro:<\/strong> fermata Archivo de Indias.<\/li>\n<li><strong>Autobus TUSSAM:<\/strong> C5, C4, C3, 21, 40, 41 ed EA, con varie fermate nei dintorni.<\/li>\n<li><strong>Taxi:<\/strong> ci sono fermate vicine a Puerta Jerez e Avenida de la Constituci\u00f3n.<\/li>\n<\/ul>\n<p>Trattandosi del centro storico, consigliamo di arrivare con anticipo e seguire le indicazioni specifiche di accesso pubblicate dall\u2019organizzazione per ogni spettacolo.<\/p>\n<\/div><\/div><\/div><\/div><\/div><div class=\"vc_col-sm-6 wpb_column vc_column_container\"><div class=\"vc_column-inner\"><div class=\"wpb_wrapper\"><div class=\"wpb_text_column\"><div class=\"wpb_wrapper\"><h2>Organizza bene la serata<\/h2>\n<p>Le tre rappresentazioni iniziano alle <strong>21:30<\/strong>. Questo permette di cenare presto in centro o di lasciare la cena per dopo, ma non conviene progettare combinazioni troppo strette con un altro spettacolo precedente.<\/p>\n<p>Per esempio, il 14 settembre Ana Morales si esibisce alle 21:00 alla Real F\u00e1brica de Artiller\u00eda e Macarena L\u00f3pez alle 22:30 al Teatro Alameda. Non sono combinazioni ragionevoli con Israel Fern\u00e1ndez all\u2019Alc\u00e1zar. Lo stesso vale il 15 con altri spettacoli serali.<\/p>\n<p>Il vantaggio dell\u2019Alc\u00e1zar \u00e8 che, al termine, sarai nel cuore monumentale della citt\u00e0, con il centro storico a pochi minuti a piedi. Se la tua priorit\u00e0 \u00e8 goderti lo spazio, consigliamo di non trasformare quella serata in una corsa tra i diversi luoghi.<\/p>\n<\/div><\/div><\/div><\/div><\/div><\/div><\/div><\/section><section class=\"l-section wpb_row height_huge color_alternate with_shape\"><div class=\"l-section-shape type_zigzag pos_top\" style=\"height:3vmin;\"><svg xmlns=\"http:\/\/www.w3.org\/2000\/svg\" viewBox=\"0 0 64 8\" preserveAspectRatio=\"none\" width=\"100%\" height=\"100%\">\r\n\t<path fill=\"currentColor\" d=\"M64 8 L0 8 L0 0 L20 7.9 L40 3 L48 5 L64 0 Z\"\/>\r\n<\/svg><\/div><div class=\"l-section-shape type_zigzag pos_bottom\" style=\"height:3vmin;\"><svg xmlns=\"http:\/\/www.w3.org\/2000\/svg\" viewBox=\"0 0 64 8\" preserveAspectRatio=\"none\" width=\"100%\" height=\"100%\">\r\n\t<path fill=\"currentColor\" d=\"M64 8 L0 8 L0 0 L20 7.9 L40 3 L48 5 L64 0 Z\"\/>\r\n<\/svg><\/div><div class=\"l-section-h i-cf\"><div class=\"g-cols vc_row via_flex valign_top type_default stacking_default\"><div class=\"vc_col-sm-6 wpb_column vc_column_container\"><div class=\"vc_column-inner\"><div class=\"wpb_wrapper\"><div class=\"wpb_text_column\"><div class=\"wpb_wrapper\"><h2 id=\"visita-alcazar\">Si pu\u00f2 abbinare lo spettacolo a una visita turistica dell\u2019Alc\u00e1zar?<\/h2>\n<p>S\u00ec, puoi organizzare entrambe le esperienze nello stesso giorno, ma conviene considerarle come <strong>attivit\u00e0 separate<\/strong>. La visita turistica ordinaria del Real Alc\u00e1zar ha propri orari, tariffe e sistema di biglietti. A settembre, l\u2019orario ordinario pubblicato corrisponde al regime estivo, mentre gli spettacoli della Biennale iniziano alle 21:30.<\/p>\n<p>Non dare quindi per scontato che un biglietto della Biennale equivalga a una visita completa del monumento. Se vuoi conoscere palazzi e giardini durante il giorno e tornare la sera per lo spettacolo, consulta separatamente le informazioni ufficiali dell\u2019Alc\u00e1zar e il biglietto della Biennale.<\/p>\n<p>La combinazione pu\u00f2 per\u00f2 essere uno dei programmi culturali pi\u00f9 completi dell\u2019edizione: conoscere il monumento con la luce del giorno e tornare poche ore dopo per ascoltarlo trasformato in palcoscenico flamenco.<\/p>\n<\/div><\/div><div class=\"w-separator size_medium\"><\/div><div class=\"w-btn-wrapper align_none\"><a class=\"w-btn us-btn-style_1\" target=\"_blank\" href=\"https:\/\/alcazarsevilla.org\/prepara-la-visita\/\"><span class=\"w-btn-label\">Informazioni ufficiali del Real Alc\u00e1zar<\/span><\/a><\/div><\/div><\/div><\/div><div class=\"vc_col-sm-6 wpb_column vc_column_container\"><div class=\"vc_column-inner\"><div class=\"wpb_wrapper\"><div class=\"wpb_text_column\"><div class=\"wpb_wrapper\"><h2>Perch\u00e9 questo spazio si adatta particolarmente bene al cante<\/h2>\n<p>La selezione artistica del 2026 sembra costruita affinch\u00e9 lo spazio abbia un ruolo reale nel programma. Le tre serate sono attraversate da idee di memoria, genealogia e trasmissione.<\/p>\n<p>Israel Fern\u00e1ndez rilegge repertori classici con una voce attuale. Rancapino Chico trasforma le prime registrazioni flamencas nel punto di partenza per una nuova creazione. <em>Xerezan\u00edas<\/em> porta sul palco famiglie che rappresentano forme di trasmissione in cui il flamenco si impara tanto nella convivenza quanto sui palcoscenici.<\/p>\n<p>L\u2019Alc\u00e1zar, un edificio che riunisce secoli di storia senza appartenere a una sola epoca, funziona cos\u00ec come qualcosa di pi\u00f9 di uno sfondo monumentale. Diventa una metafora piuttosto precisa di queste tre serate: <strong>un\u2019eredit\u00e0 che resta viva perch\u00e9 continua a trasformarsi<\/strong>.<\/p>\n<\/div><\/div><\/div><\/div><\/div><\/div><\/div><\/section><section class=\"l-section wpb_row height_huge\"><div class=\"l-section-h i-cf\"><div class=\"g-cols vc_row via_flex valign_top type_default stacking_default\"><div class=\"vc_col-sm-1\/5 wpb_column vc_column_container\"><div class=\"vc_column-inner\"><div class=\"wpb_wrapper\"><\/div><\/div><\/div><div class=\"vc_col-sm-3\/5 wpb_column vc_column_container\"><div class=\"vc_column-inner\"><div class=\"wpb_wrapper\"><div class=\"wpb_text_column\"><div class=\"wpb_wrapper\"><h2 id=\"faq-alcazar\" style=\"text-align: center;\">Domande frequenti sul flamenco al Real Alc\u00e1zar durante la Biennale 2026<\/h2>\n<\/div><\/div><div class=\"w-separator size_medium\"><\/div><div class=\"w-tabs accordion toggle_style_1 has_scrolling\" style=\"--sections-title-size:inherit;--sections-gap:0.5rem;\"><div class=\"w-tabs-sections titles-align_none icon_plus cpos_left\"><div class=\"w-tabs-section\" id=\"qa62\" itemscope itemprop=\"mainEntity\" itemtype=\"https:\/\/schema.org\/Question\"><button type=\"button\" class=\"w-tabs-section-header\" aria-controls=\"content-qa62\" aria-expanded=\"false\"><h3 class=\"w-tabs-section-title\" itemprop=\"name\">In quali giorni c\u2019\u00e8 flamenco al Real Alc\u00e1zar durante la Biennale 2026?<\/h3><div class=\"w-tabs-section-control\"><\/div><\/button><div  class=\"w-tabs-section-content\" id=\"content-qa62\" itemscope itemprop=\"acceptedAnswer\" itemtype=\"https:\/\/schema.org\/Answer\"><div class=\"w-tabs-section-content-h i-cf\" itemprop=\"text\"><div class=\"wpb_text_column\"><div class=\"wpb_wrapper\"><p>Il Real Alc\u00e1zar ospiter\u00e0 spettacoli nei giorni <strong>14, 15 e 16 settembre 2026<\/strong>, tutti alle 21:30 nel Patio de la Monter\u00eda.<\/p>\n<\/div><\/div><\/div><\/div><\/div><div class=\"w-tabs-section\" id=\"qbae\" itemscope itemprop=\"mainEntity\" itemtype=\"https:\/\/schema.org\/Question\"><button type=\"button\" class=\"w-tabs-section-header\" aria-controls=\"content-qbae\" aria-expanded=\"false\"><h3 class=\"w-tabs-section-title\" itemprop=\"name\">Chi si esibisce al Real Alc\u00e1zar durante la Biennale 2026?<\/h3><div class=\"w-tabs-section-control\"><\/div><\/button><div  class=\"w-tabs-section-content\" id=\"content-qbae\" itemscope itemprop=\"acceptedAnswer\" itemtype=\"https:\/\/schema.org\/Answer\"><div class=\"w-tabs-section-content-h i-cf\" itemprop=\"text\"><div class=\"wpb_text_column\"><div class=\"wpb_wrapper\"><p>Il 14 settembre si esibisce Israel Fern\u00e1ndez con <em>De oro y marfil<\/em>; il 15 Rancapino Chico presenta in prima assoluta <em>Pizarra<\/em>; e il 16 si tiene <em>Xerezan\u00edas<\/em> con Luis El Zambo, Dolores Agujetas, Antonio de la Malena, Manuel Valencia e Las Tatas de Jerez.<\/p>\n<\/div><\/div><\/div><\/div><\/div><div class=\"w-tabs-section\" id=\"cce6\" itemscope itemprop=\"mainEntity\" itemtype=\"https:\/\/schema.org\/Question\"><button type=\"button\" class=\"w-tabs-section-header\" aria-controls=\"content-cce6\" aria-expanded=\"false\"><h3 class=\"w-tabs-section-title\" itemprop=\"name\">A che ora iniziano gli spettacoli?<\/h3><div class=\"w-tabs-section-control\"><\/div><\/button><div  class=\"w-tabs-section-content\" id=\"content-cce6\" itemscope itemprop=\"acceptedAnswer\" itemtype=\"https:\/\/schema.org\/Answer\"><div class=\"w-tabs-section-content-h i-cf\" itemprop=\"text\"><div class=\"wpb_text_column\"><div class=\"wpb_wrapper\"><p>Le tre rappresentazioni sono programmate alle <strong>21:30<\/strong>.<\/p>\n<\/div><\/div><\/div><\/div><\/div><div class=\"w-tabs-section\" id=\"de15\" itemscope itemprop=\"mainEntity\" itemtype=\"https:\/\/schema.org\/Question\"><button type=\"button\" class=\"w-tabs-section-header\" aria-controls=\"content-de15\" aria-expanded=\"false\"><h3 class=\"w-tabs-section-title\" itemprop=\"name\">Dove si svolgono esattamente gli spettacoli?<\/h3><div class=\"w-tabs-section-control\"><\/div><\/button><div  class=\"w-tabs-section-content\" id=\"content-de15\" itemscope itemprop=\"acceptedAnswer\" itemtype=\"https:\/\/schema.org\/Answer\"><div class=\"w-tabs-section-content-h i-cf\" itemprop=\"text\"><div class=\"wpb_text_column\"><div class=\"wpb_wrapper\"><p>La Biennale colloca le tre rappresentazioni nel <strong>Patio de la Monter\u00eda del Real Alc\u00e1zar di Siviglia<\/strong>.<\/p>\n<\/div><\/div><\/div><\/div><\/div><div class=\"w-tabs-section\" id=\"cf30\" itemscope itemprop=\"mainEntity\" itemtype=\"https:\/\/schema.org\/Question\"><button type=\"button\" class=\"w-tabs-section-header\" aria-controls=\"content-cf30\" aria-expanded=\"false\"><h3 class=\"w-tabs-section-title\" itemprop=\"name\">Quanto costano i biglietti?<\/h3><div class=\"w-tabs-section-control\"><\/div><\/button><div  class=\"w-tabs-section-content\" id=\"content-cf30\" itemscope itemprop=\"acceptedAnswer\" itemtype=\"https:\/\/schema.org\/Answer\"><div class=\"w-tabs-section-content-h i-cf\" itemprop=\"text\"><div class=\"wpb_text_column\"><div class=\"wpb_wrapper\"><p>Le informazioni ufficiali di vendita della XXIV Biennale pubblicano un prezzo generale di <strong>30 \u20ac<\/strong> per gli spettacoli del Real Alc\u00e1zar. Controlla la scheda di ogni rappresentazione per eventuali cambiamenti o disponibilit\u00e0 limitata.<\/p>\n<\/div><\/div><\/div><\/div><\/div><div class=\"w-tabs-section\" id=\"x059\" itemscope itemprop=\"mainEntity\" itemtype=\"https:\/\/schema.org\/Question\"><button type=\"button\" class=\"w-tabs-section-header\" aria-controls=\"content-x059\" aria-expanded=\"false\"><h3 class=\"w-tabs-section-title\" itemprop=\"name\">Pizarra di Rancapino Chico \u00e8 una prima?<\/h3><div class=\"w-tabs-section-control\"><\/div><\/button><div  class=\"w-tabs-section-content\" id=\"content-x059\" itemscope itemprop=\"acceptedAnswer\" itemtype=\"https:\/\/schema.org\/Answer\"><div class=\"w-tabs-section-content-h i-cf\" itemprop=\"text\"><div class=\"wpb_text_column\"><div class=\"wpb_wrapper\"><p>S\u00ec. <em>Pizarra<\/em> \u00e8 classificato dalla Biennale come <strong>prima assoluta<\/strong> e viene presentato il 15 settembre alle 21:30.<\/p>\n<\/div><\/div><\/div><\/div><\/div><div class=\"w-tabs-section\" id=\"a176\" itemscope itemprop=\"mainEntity\" itemtype=\"https:\/\/schema.org\/Question\"><button type=\"button\" class=\"w-tabs-section-header\" aria-controls=\"content-a176\" aria-expanded=\"false\"><h3 class=\"w-tabs-section-title\" itemprop=\"name\">Xerezan\u00edas viene rappresentato pi\u00f9 di una volta?<\/h3><div class=\"w-tabs-section-control\"><\/div><\/button><div  class=\"w-tabs-section-content\" id=\"content-a176\" itemscope itemprop=\"acceptedAnswer\" itemtype=\"https:\/\/schema.org\/Answer\"><div class=\"w-tabs-section-content-h i-cf\" itemprop=\"text\"><div class=\"wpb_text_column\"><div class=\"wpb_wrapper\"><p>La Biennale presenta <em>Xerezan\u00edas<\/em> come <strong>Serata Unica<\/strong> il 16 settembre, quindi la sua principale attrattiva \u00e8 proprio la riunione eccezionale di questo cast in un\u2019unica data.<\/p>\n<\/div><\/div><\/div><\/div><\/div><div class=\"w-tabs-section\" id=\"i297\" itemscope itemprop=\"mainEntity\" itemtype=\"https:\/\/schema.org\/Question\"><button type=\"button\" class=\"w-tabs-section-header\" aria-controls=\"content-i297\" aria-expanded=\"false\"><h3 class=\"w-tabs-section-title\" itemprop=\"name\">Il biglietto dello spettacolo include una visita al Real Alc\u00e1zar?<\/h3><div class=\"w-tabs-section-control\"><\/div><\/button><div  class=\"w-tabs-section-content\" id=\"content-i297\" itemscope itemprop=\"acceptedAnswer\" itemtype=\"https:\/\/schema.org\/Answer\"><div class=\"w-tabs-section-content-h i-cf\" itemprop=\"text\"><div class=\"wpb_text_column\"><div class=\"wpb_wrapper\"><p>La visita turistica ordinaria del Real Alc\u00e1zar e gli spettacoli della Biennale hanno orari e biglietti diversi. Se vuoi visitare il monumento durante il giorno, consigliamo di prenotare e consultare quella visita separatamente.<\/p>\n<\/div><\/div><\/div><\/div><\/div><div class=\"w-tabs-section\" id=\"g399\" itemscope itemprop=\"mainEntity\" itemtype=\"https:\/\/schema.org\/Question\"><button type=\"button\" class=\"w-tabs-section-header\" aria-controls=\"content-g399\" aria-expanded=\"false\"><h3 class=\"w-tabs-section-title\" itemprop=\"name\">Come si arriva al Real Alc\u00e1zar?<\/h3><div class=\"w-tabs-section-control\"><\/div><\/button><div  class=\"w-tabs-section-content\" id=\"content-g399\" itemscope itemprop=\"acceptedAnswer\" itemtype=\"https:\/\/schema.org\/Answer\"><div class=\"w-tabs-section-content-h i-cf\" itemprop=\"text\"><div class=\"wpb_text_column\"><div class=\"wpb_wrapper\"><p>Il complesso si trova nel centro monumentale di Siviglia. La Biennale usa il Patio de Banderas come riferimento. Le opzioni pi\u00f9 comode di trasporto pubblico sono la Metro fino a Puerta Jerez e il Metrocentro fino ad Archivo de Indias, oltre a diverse linee TUSSAM.<\/p>\n<\/div><\/div><\/div><\/div><\/div><div class=\"w-tabs-section\" id=\"y4c2\" itemscope itemprop=\"mainEntity\" itemtype=\"https:\/\/schema.org\/Question\"><button type=\"button\" class=\"w-tabs-section-header\" aria-controls=\"content-y4c2\" aria-expanded=\"false\"><h3 class=\"w-tabs-section-title\" itemprop=\"name\">Dove posso acquistare i biglietti ufficiali?<\/h3><div class=\"w-tabs-section-control\"><\/div><\/button><div  class=\"w-tabs-section-content\" id=\"content-y4c2\" itemscope itemprop=\"acceptedAnswer\" itemtype=\"https:\/\/schema.org\/Answer\"><div class=\"w-tabs-section-content-h i-cf\" itemprop=\"text\"><div class=\"wpb_text_column\"><div class=\"wpb_wrapper\"><p>Il modo pi\u00f9 sicuro \u00e8 consultare il <a href=\"https:\/\/www.labienal.com\/programa-general\/real-alcazar\" target=\"_blank\" rel=\"noopener\"><strong>programma ufficiale del Real Alc\u00e1zar per la Biennale<\/strong><\/a> e accedere dalla scheda di ogni spettacolo al relativo canale ufficiale di vendita.<\/p>\n<\/div><\/div><\/div><\/div><\/div><\/div><\/div><\/div><\/div><\/div><div class=\"vc_col-sm-1\/5 wpb_column vc_column_container\"><div class=\"vc_column-inner\"><div class=\"wpb_wrapper\"><\/div><\/div><\/div><\/div><\/div><\/section><section class=\"l-section wpb_row height_huge color_alternate with_shape\"><div class=\"l-section-shape type_zigzag pos_top\" style=\"height:3vmin;\"><svg xmlns=\"http:\/\/www.w3.org\/2000\/svg\" viewBox=\"0 0 64 8\" preserveAspectRatio=\"none\" width=\"100%\" height=\"100%\">\r\n\t<path fill=\"currentColor\" d=\"M64 8 L0 8 L0 0 L20 7.9 L40 3 L48 5 L64 0 Z\"\/>\r\n<\/svg><\/div><div class=\"l-section-shape type_zigzag pos_bottom\" style=\"height:3vmin;\"><svg xmlns=\"http:\/\/www.w3.org\/2000\/svg\" viewBox=\"0 0 64 8\" preserveAspectRatio=\"none\" width=\"100%\" height=\"100%\">\r\n\t<path fill=\"currentColor\" d=\"M64 8 L0 8 L0 0 L20 7.9 L40 3 L48 5 L64 0 Z\"\/>\r\n<\/svg><\/div><div class=\"l-section-h i-cf\"><div class=\"g-cols vc_row via_flex valign_top type_default stacking_default\"><div class=\"vc_col-sm-12 wpb_column vc_column_container\"><div class=\"vc_column-inner\"><div class=\"wpb_wrapper\"><div class=\"wpb_text_column\"><div class=\"wpb_wrapper\"><h2 style=\"text-align: center;\">Tre serate per ascoltare la memoria del flamenco in uno dei grandi monumenti di Siviglia<\/h2>\n<p style=\"text-align: center;\">Il ciclo del Real Alc\u00e1zar \u00e8 piccolo per numero di spettacoli, ma molto definito nella sua identit\u00e0. In sole tre serate passa da una delle voci pi\u00f9 importanti del flamenco attuale a una prima costruita sulle registrazioni storiche del cante e termina riunendo diverse saghe jerezane in un appuntamento unico.<\/p>\n<p style=\"text-align: center;\">Se cerchi un\u2019esperienza di Biennale in cui lo spazio abbia tanto peso quanto il programma, il Patio de la Monter\u00eda \u00e8 una delle sedi che merita di essere nella lista.<\/p>\n<\/div><\/div><div class=\"w-separator size_medium\"><\/div><div class=\"w-hwrapper valign_top wrap stack_on_mobiles align_center\" style=\"--hwrapper-gap:1.2rem\"><div class=\"w-btn-wrapper align_none\"><a class=\"w-btn us-btn-style_1\" href=\"https:\/\/www.tablaosflamencos.com\/it\/biennale-flamenco-siviglia\"><span class=\"w-btn-label\">Biennale di Flamenco di Siviglia 2026<\/span><\/a><\/div><div class=\"w-btn-wrapper align_none\"><a class=\"w-btn us-btn-style_1\" href=\"https:\/\/www.tablaosflamencos.com\/grandes-estrenos-bienal-flamenco-sevilla-2026.html\"><span class=\"w-btn-label\">Grandi prime della Biennale<\/span><\/a><\/div><div class=\"w-btn-wrapper align_none\"><a class=\"w-btn us-btn-style_1\" href=\"https:\/\/www.tablaosflamencos.com\/it\/flamenco-a-siviglia\"><span class=\"w-btn-label\">Vedere flamenco a Siviglia<\/span><\/a><\/div><\/div><\/div><\/div><\/div><\/div><\/div><\/section>\n","protected":false},"excerpt":{"rendered":"<p>Guida completa al flamenco al Real Alc\u00e1zar durante la Biennale di Flamenco di Siviglia 2026: programma dal 14 al 16 settembre, artisti, orari, biglietti, prezzo e consigli pratici.<\/p>\n","protected":false},"author":1,"featured_media":13859,"comment_status":"closed","ping_status":"closed","sticky":false,"template":"","format":"standard","meta":{"_acf_changed":false,"wpai_generated_summary":"","_ayudawp_aiss_exclude":false,"_ayudawp_aiss_exclude_summary":false,"_ayudawp_aiss_summary":"","_ayudawp_aiss_summary_provider":"","_ayudawp_aiss_summary_hash":"","footnotes":""},"categories":[1429],"tags":[1249,1250,1251,1252,1177,1253],"class_list":["post-13886","post","type-post","status-publish","format-standard","has-post-thumbnail","hentry","category-biennale-di-flamenco","tag-agenda-flamenca","tag-bienal-2026","tag-bienal-de-flamenco","tag-festivales-flamencos","tag-flamenco-en-sevilla","tag-sevilla"],"acf":[],"yoast_head":"<!-- This site is optimized with the Yoast SEO Premium plugin v28.4 (Yoast SEO v28.4) - https:\/\/yoast.com\/product\/yoast-seo-premium-wordpress\/ -->\n<title>Flamenco al Real Alc\u00e1zar: Biennale 2026<\/title>\n<meta name=\"description\" content=\"Guida al flamenco al Real Alc\u00e1zar durante la Biennale 2026: Israel Fern\u00e1ndez, Rancapino Chico e Xerezan\u00edas, date, orari, biglietti e prezzo.\" \/>\n<meta name=\"robots\" content=\"index, follow, max-snippet:-1, max-image-preview:large, max-video-preview:-1\" \/>\n<link rel=\"canonical\" href=\"https:\/\/www.tablaosflamencos.com\/it\/flamenco-real-alcazar-biennale-siviglia-2026.html\" \/>\n<meta property=\"og:locale\" content=\"it_IT\" \/>\n<meta property=\"og:type\" content=\"article\" \/>\n<meta property=\"og:title\" content=\"Flamenco al Real Alc\u00e1zar durante la Biennale 2026\" \/>\n<meta property=\"og:description\" content=\"Guida al flamenco al Real Alc\u00e1zar durante la Biennale 2026: Israel Fern\u00e1ndez, Rancapino Chico e Xerezan\u00edas, date, orari, biglietti e prezzo.\" \/>\n<meta property=\"og:url\" content=\"https:\/\/www.tablaosflamencos.com\/it\/flamenco-real-alcazar-biennale-siviglia-2026.html\" \/>\n<meta property=\"og:site_name\" content=\"Tablaos Flamencos\" \/>\n<meta property=\"article:publisher\" content=\"https:\/\/www.facebook.com\/tablaosflamencos\" \/>\n<meta property=\"article:published_time\" content=\"2026-09-01T21:44:31+00:00\" \/>\n<meta property=\"article:modified_time\" content=\"2026-09-01T22:39:28+00:00\" \/>\n<meta property=\"og:image\" content=\"https:\/\/www.tablaosflamencos.com\/wp-content\/uploads\/flamenco-en-el-real-alcazar-durante-la-bienal-2026-01.webp\" \/>\n\t<meta property=\"og:image:width\" content=\"1672\" \/>\n\t<meta property=\"og:image:height\" content=\"941\" \/>\n\t<meta property=\"og:image:type\" content=\"image\/webp\" \/>\n<meta name=\"author\" content=\"Miguel Ortiz\" \/>\n<meta name=\"twitter:card\" content=\"summary_large_image\" \/>\n<meta name=\"twitter:creator\" content=\"@tablaosflamenco\" \/>\n<meta name=\"twitter:site\" content=\"@tablaosflamenco\" \/>\n<meta name=\"twitter:label1\" content=\"Scritto da\" \/>\n\t<meta name=\"twitter:data1\" content=\"Miguel Ortiz\" \/>\n\t<meta name=\"twitter:label2\" content=\"Tempo di lettura stimato\" \/>\n\t<meta name=\"twitter:data2\" content=\"18 minuti\" \/>\n<script type=\"application\/ld+json\" class=\"yoast-schema-graph\">{\"@context\":\"https:\\\/\\\/schema.org\",\"@graph\":[{\"@type\":\"Article\",\"@id\":\"https:\\\/\\\/www.tablaosflamencos.com\\\/it\\\/flamenco-real-alcazar-biennale-siviglia-2026.html#article\",\"isPartOf\":{\"@id\":\"https:\\\/\\\/www.tablaosflamencos.com\\\/it\\\/flamenco-real-alcazar-biennale-siviglia-2026.html\"},\"author\":{\"name\":\"Miguel Ortiz\",\"@id\":\"https:\\\/\\\/www.tablaosflamencos.com\\\/it#\\\/schema\\\/person\\\/e7a9ebe14eb75a52ceabfbffb3c54f5d\"},\"headline\":\"Flamenco al Real Alc\u00e1zar durante la Biennale 2026\",\"datePublished\":\"2026-09-01T21:44:31+00:00\",\"dateModified\":\"2026-09-01T22:39:28+00:00\",\"mainEntityOfPage\":{\"@id\":\"https:\\\/\\\/www.tablaosflamencos.com\\\/it\\\/flamenco-real-alcazar-biennale-siviglia-2026.html\"},\"wordCount\":3658,\"publisher\":{\"@id\":\"https:\\\/\\\/www.tablaosflamencos.com\\\/it#organization\"},\"image\":{\"@id\":\"https:\\\/\\\/www.tablaosflamencos.com\\\/it\\\/flamenco-real-alcazar-biennale-siviglia-2026.html#primaryimage\"},\"thumbnailUrl\":\"https:\\\/\\\/www.tablaosflamencos.com\\\/wp-content\\\/uploads\\\/flamenco-en-el-real-alcazar-durante-la-bienal-2026-01.webp\",\"keywords\":[\"agenda flamenca\",\"Bienal 2026\",\"Bienal de Flamenco\",\"festivales flamencos\",\"flamenco en Sevilla\",\"sevilla\"],\"articleSection\":[\"Biennale di Flamenco\"],\"inLanguage\":\"it-IT\"},{\"@type\":\"WebPage\",\"@id\":\"https:\\\/\\\/www.tablaosflamencos.com\\\/it\\\/flamenco-real-alcazar-biennale-siviglia-2026.html\",\"url\":\"https:\\\/\\\/www.tablaosflamencos.com\\\/it\\\/flamenco-real-alcazar-biennale-siviglia-2026.html\",\"name\":\"Flamenco al Real Alc\u00e1zar: Biennale 2026\",\"isPartOf\":{\"@id\":\"https:\\\/\\\/www.tablaosflamencos.com\\\/it#website\"},\"primaryImageOfPage\":{\"@id\":\"https:\\\/\\\/www.tablaosflamencos.com\\\/it\\\/flamenco-real-alcazar-biennale-siviglia-2026.html#primaryimage\"},\"image\":{\"@id\":\"https:\\\/\\\/www.tablaosflamencos.com\\\/it\\\/flamenco-real-alcazar-biennale-siviglia-2026.html#primaryimage\"},\"thumbnailUrl\":\"https:\\\/\\\/www.tablaosflamencos.com\\\/wp-content\\\/uploads\\\/flamenco-en-el-real-alcazar-durante-la-bienal-2026-01.webp\",\"datePublished\":\"2026-09-01T21:44:31+00:00\",\"dateModified\":\"2026-09-01T22:39:28+00:00\",\"description\":\"Guida al flamenco al Real Alc\u00e1zar durante la Biennale 2026: Israel Fern\u00e1ndez, Rancapino Chico e Xerezan\u00edas, date, orari, biglietti e prezzo.\",\"breadcrumb\":{\"@id\":\"https:\\\/\\\/www.tablaosflamencos.com\\\/it\\\/flamenco-real-alcazar-biennale-siviglia-2026.html#breadcrumb\"},\"inLanguage\":\"it-IT\",\"potentialAction\":[{\"@type\":\"ReadAction\",\"target\":[\"https:\\\/\\\/www.tablaosflamencos.com\\\/it\\\/flamenco-real-alcazar-biennale-siviglia-2026.html\"]}]},{\"@type\":\"ImageObject\",\"inLanguage\":\"it-IT\",\"@id\":\"https:\\\/\\\/www.tablaosflamencos.com\\\/it\\\/flamenco-real-alcazar-biennale-siviglia-2026.html#primaryimage\",\"url\":\"https:\\\/\\\/www.tablaosflamencos.com\\\/wp-content\\\/uploads\\\/flamenco-en-el-real-alcazar-durante-la-bienal-2026-01.webp\",\"contentUrl\":\"https:\\\/\\\/www.tablaosflamencos.com\\\/wp-content\\\/uploads\\\/flamenco-en-el-real-alcazar-durante-la-bienal-2026-01.webp\",\"width\":1672,\"height\":941,\"caption\":\"Flamenco en el Real Alc\u00e1zar durante la Bienal 2026\"},{\"@type\":\"BreadcrumbList\",\"@id\":\"https:\\\/\\\/www.tablaosflamencos.com\\\/it\\\/flamenco-real-alcazar-biennale-siviglia-2026.html#breadcrumb\",\"itemListElement\":[{\"@type\":\"ListItem\",\"position\":1,\"name\":\"Home\",\"item\":\"https:\\\/\\\/www.tablaosflamencos.com\\\/it\"},{\"@type\":\"ListItem\",\"position\":2,\"name\":\"Flamenco al Real Alc\u00e1zar durante la Biennale 2026\"}]},{\"@type\":\"WebSite\",\"@id\":\"https:\\\/\\\/www.tablaosflamencos.com\\\/it#website\",\"url\":\"https:\\\/\\\/www.tablaosflamencos.com\\\/it\",\"name\":\"Tablaos Flamencos\",\"description\":\"Entradas para tablaos flamencos de Espa\u00f1a\",\"publisher\":{\"@id\":\"https:\\\/\\\/www.tablaosflamencos.com\\\/it#organization\"},\"alternateName\":\"Tablaos Flamencos\",\"potentialAction\":[{\"@type\":\"SearchAction\",\"target\":{\"@type\":\"EntryPoint\",\"urlTemplate\":\"https:\\\/\\\/www.tablaosflamencos.com\\\/it?s={search_term_string}\"},\"query-input\":{\"@type\":\"PropertyValueSpecification\",\"valueRequired\":true,\"valueName\":\"search_term_string\"}}],\"inLanguage\":\"it-IT\"},{\"@type\":[\"Organization\",\"Place\",\"EntertainmentBusiness\"],\"@id\":\"https:\\\/\\\/www.tablaosflamencos.com\\\/it#organization\",\"name\":\"Tablaos Flamencos\",\"alternateName\":\"Tablaos Flamencos\",\"url\":\"https:\\\/\\\/www.tablaosflamencos.com\\\/it\",\"logo\":{\"@id\":\"https:\\\/\\\/www.tablaosflamencos.com\\\/it\\\/flamenco-real-alcazar-biennale-siviglia-2026.html#local-main-organization-logo\"},\"image\":{\"@id\":\"https:\\\/\\\/www.tablaosflamencos.com\\\/it\\\/flamenco-real-alcazar-biennale-siviglia-2026.html#local-main-organization-logo\"},\"sameAs\":[\"https:\\\/\\\/www.facebook.com\\\/tablaosflamencos\",\"https:\\\/\\\/x.com\\\/tablaosflamenco\",\"https:\\\/\\\/mastodon.social\\\/@tablaosflamencos\",\"https:\\\/\\\/www.instagram.com\\\/tablaosflamencos\",\"https:\\\/\\\/tiktok.com\\\/@tablaosflamencos\",\"https:\\\/\\\/www.linkedin.com\\\/company\\\/109408238\\\/\"],\"description\":\"Venta de entradas para espect\u00e1culos flamencos\",\"legalName\":\"Tablaos Flamencos\",\"foundingDate\":\"2015-01-01\",\"numberOfEmployees\":{\"@type\":\"QuantitativeValue\",\"minValue\":\"1\",\"maxValue\":\"10\"},\"address\":{\"@id\":\"https:\\\/\\\/www.tablaosflamencos.com\\\/it\\\/flamenco-real-alcazar-biennale-siviglia-2026.html#local-main-place-address\"},\"geo\":{\"@type\":\"GeoCoordinates\",\"latitude\":\"37.3868072\",\"longitude\":\"-5.993280299999999\"},\"telephone\":[\"+34623787787\"],\"contactPoint\":{\"@type\":\"ContactPoint\",\"telephone\":\"+34623787787\",\"email\":\"info@tablaosflamencos.com\"},\"openingHoursSpecification\":{\"@type\":\"OpeningHoursSpecification\",\"dayOfWeek\":[\"Monday\",\"Tuesday\",\"Wednesday\",\"Thursday\",\"Friday\",\"Saturday\",\"Sunday\"],\"opens\":\"00:00\",\"closes\":\"23:59\"},\"email\":\"info@tablaosflamencos.com\",\"priceRange\":\"$$$\",\"currenciesAccepted\":\"\u20ac\"},{\"@type\":\"Person\",\"@id\":\"https:\\\/\\\/www.tablaosflamencos.com\\\/it#\\\/schema\\\/person\\\/e7a9ebe14eb75a52ceabfbffb3c54f5d\",\"name\":\"Miguel Ortiz\",\"description\":\"Miguel Ortiz es un empresario flamenco, con una s\u00f3lida trayectoria dentro del sector. Ha presidido entidades culturales vinculadas al flamenco y, cuenta con un amplio recorrido profesional en la gesti\u00f3n y promoci\u00f3n de espect\u00e1culos y tablaos flamencos. Su pasi\u00f3n por la historia y el arte flamenco se refleja en cada art\u00edculo, donde combina experiencia, criterio y un profundo respeto por la tradici\u00f3n.\",\"sameAs\":[\"https:\\\/\\\/www.tablaosflamencos.com\",\"https:\\\/\\\/www.instagra.com\\\/miguelortizfe\",\"https:\\\/\\\/www.linkedin.com\\\/in\\\/miguelortizf\\\/\"],\"birthDate\":\"1984-11-22\",\"gender\":\"hombre\",\"knowsLanguage\":[\"espa\u00f1ol\",\"ingl\u00e9s\"],\"jobTitle\":\"Empresario flamenco\"},{\"@type\":\"PostalAddress\",\"@id\":\"https:\\\/\\\/www.tablaosflamencos.com\\\/it\\\/flamenco-real-alcazar-biennale-siviglia-2026.html#local-main-place-address\",\"streetAddress\":\"C\\\/ Alemanes, 19\",\"addressLocality\":\"Sevilla\",\"postalCode\":\"41004\",\"addressRegion\":\"Sevilla\",\"addressCountry\":\"ES\"},{\"@type\":\"ImageObject\",\"inLanguage\":\"it-IT\",\"@id\":\"https:\\\/\\\/www.tablaosflamencos.com\\\/it\\\/flamenco-real-alcazar-biennale-siviglia-2026.html#local-main-organization-logo\",\"url\":\"https:\\\/\\\/www.tablaosflamencos.com\\\/wp-content\\\/uploads\\\/tablaos-flamencos-06-3.webp\",\"contentUrl\":\"https:\\\/\\\/www.tablaosflamencos.com\\\/wp-content\\\/uploads\\\/tablaos-flamencos-06-3.webp\",\"width\":600,\"height\":620,\"caption\":\"Tablaos Flamencos\"}]}<\/script>\n<meta name=\"geo.placename\" content=\"Sevilla\" \/>\n<meta name=\"geo.position\" content=\"37.3868072;-5.993280299999999\" \/>\n<meta name=\"geo.region\" content=\"Spagna\" \/>\n<!-- \/ Yoast SEO Premium plugin. -->","yoast_head_json":{"title":"Flamenco al Real Alc\u00e1zar: Biennale 2026","description":"Guida al flamenco al Real Alc\u00e1zar durante la Biennale 2026: Israel Fern\u00e1ndez, Rancapino Chico e Xerezan\u00edas, date, orari, biglietti e prezzo.","robots":{"index":"index","follow":"follow","max-snippet":"max-snippet:-1","max-image-preview":"max-image-preview:large","max-video-preview":"max-video-preview:-1"},"canonical":"https:\/\/www.tablaosflamencos.com\/it\/flamenco-real-alcazar-biennale-siviglia-2026.html","og_locale":"it_IT","og_type":"article","og_title":"Flamenco al Real Alc\u00e1zar durante la Biennale 2026","og_description":"Guida al flamenco al Real Alc\u00e1zar durante la Biennale 2026: Israel Fern\u00e1ndez, Rancapino Chico e Xerezan\u00edas, date, orari, biglietti e prezzo.","og_url":"https:\/\/www.tablaosflamencos.com\/it\/flamenco-real-alcazar-biennale-siviglia-2026.html","og_site_name":"Tablaos Flamencos","article_publisher":"https:\/\/www.facebook.com\/tablaosflamencos","article_published_time":"2026-09-01T21:44:31+00:00","article_modified_time":"2026-09-01T22:39:28+00:00","og_image":[{"width":1672,"height":941,"url":"https:\/\/www.tablaosflamencos.com\/wp-content\/uploads\/flamenco-en-el-real-alcazar-durante-la-bienal-2026-01.webp","type":"image\/webp"}],"author":"Miguel Ortiz","twitter_card":"summary_large_image","twitter_creator":"@tablaosflamenco","twitter_site":"@tablaosflamenco","twitter_misc":{"Scritto da":"Miguel Ortiz","Tempo di lettura stimato":"18 minuti"},"schema":{"@context":"https:\/\/schema.org","@graph":[{"@type":"Article","@id":"https:\/\/www.tablaosflamencos.com\/it\/flamenco-real-alcazar-biennale-siviglia-2026.html#article","isPartOf":{"@id":"https:\/\/www.tablaosflamencos.com\/it\/flamenco-real-alcazar-biennale-siviglia-2026.html"},"author":{"name":"Miguel Ortiz","@id":"https:\/\/www.tablaosflamencos.com\/it#\/schema\/person\/e7a9ebe14eb75a52ceabfbffb3c54f5d"},"headline":"Flamenco al Real Alc\u00e1zar durante la Biennale 2026","datePublished":"2026-09-01T21:44:31+00:00","dateModified":"2026-09-01T22:39:28+00:00","mainEntityOfPage":{"@id":"https:\/\/www.tablaosflamencos.com\/it\/flamenco-real-alcazar-biennale-siviglia-2026.html"},"wordCount":3658,"publisher":{"@id":"https:\/\/www.tablaosflamencos.com\/it#organization"},"image":{"@id":"https:\/\/www.tablaosflamencos.com\/it\/flamenco-real-alcazar-biennale-siviglia-2026.html#primaryimage"},"thumbnailUrl":"https:\/\/www.tablaosflamencos.com\/wp-content\/uploads\/flamenco-en-el-real-alcazar-durante-la-bienal-2026-01.webp","keywords":["agenda flamenca","Bienal 2026","Bienal de Flamenco","festivales flamencos","flamenco en Sevilla","sevilla"],"articleSection":["Biennale di Flamenco"],"inLanguage":"it-IT"},{"@type":"WebPage","@id":"https:\/\/www.tablaosflamencos.com\/it\/flamenco-real-alcazar-biennale-siviglia-2026.html","url":"https:\/\/www.tablaosflamencos.com\/it\/flamenco-real-alcazar-biennale-siviglia-2026.html","name":"Flamenco al Real Alc\u00e1zar: Biennale 2026","isPartOf":{"@id":"https:\/\/www.tablaosflamencos.com\/it#website"},"primaryImageOfPage":{"@id":"https:\/\/www.tablaosflamencos.com\/it\/flamenco-real-alcazar-biennale-siviglia-2026.html#primaryimage"},"image":{"@id":"https:\/\/www.tablaosflamencos.com\/it\/flamenco-real-alcazar-biennale-siviglia-2026.html#primaryimage"},"thumbnailUrl":"https:\/\/www.tablaosflamencos.com\/wp-content\/uploads\/flamenco-en-el-real-alcazar-durante-la-bienal-2026-01.webp","datePublished":"2026-09-01T21:44:31+00:00","dateModified":"2026-09-01T22:39:28+00:00","description":"Guida al flamenco al Real Alc\u00e1zar durante la Biennale 2026: Israel Fern\u00e1ndez, Rancapino Chico e Xerezan\u00edas, date, orari, biglietti e prezzo.","breadcrumb":{"@id":"https:\/\/www.tablaosflamencos.com\/it\/flamenco-real-alcazar-biennale-siviglia-2026.html#breadcrumb"},"inLanguage":"it-IT","potentialAction":[{"@type":"ReadAction","target":["https:\/\/www.tablaosflamencos.com\/it\/flamenco-real-alcazar-biennale-siviglia-2026.html"]}]},{"@type":"ImageObject","inLanguage":"it-IT","@id":"https:\/\/www.tablaosflamencos.com\/it\/flamenco-real-alcazar-biennale-siviglia-2026.html#primaryimage","url":"https:\/\/www.tablaosflamencos.com\/wp-content\/uploads\/flamenco-en-el-real-alcazar-durante-la-bienal-2026-01.webp","contentUrl":"https:\/\/www.tablaosflamencos.com\/wp-content\/uploads\/flamenco-en-el-real-alcazar-durante-la-bienal-2026-01.webp","width":1672,"height":941,"caption":"Flamenco en el Real Alc\u00e1zar durante la Bienal 2026"},{"@type":"BreadcrumbList","@id":"https:\/\/www.tablaosflamencos.com\/it\/flamenco-real-alcazar-biennale-siviglia-2026.html#breadcrumb","itemListElement":[{"@type":"ListItem","position":1,"name":"Home","item":"https:\/\/www.tablaosflamencos.com\/it"},{"@type":"ListItem","position":2,"name":"Flamenco al Real Alc\u00e1zar durante la Biennale 2026"}]},{"@type":"WebSite","@id":"https:\/\/www.tablaosflamencos.com\/it#website","url":"https:\/\/www.tablaosflamencos.com\/it","name":"Tablaos Flamencos","description":"Entradas para tablaos flamencos de Espa\u00f1a","publisher":{"@id":"https:\/\/www.tablaosflamencos.com\/it#organization"},"alternateName":"Tablaos Flamencos","potentialAction":[{"@type":"SearchAction","target":{"@type":"EntryPoint","urlTemplate":"https:\/\/www.tablaosflamencos.com\/it?s={search_term_string}"},"query-input":{"@type":"PropertyValueSpecification","valueRequired":true,"valueName":"search_term_string"}}],"inLanguage":"it-IT"},{"@type":["Organization","Place","EntertainmentBusiness"],"@id":"https:\/\/www.tablaosflamencos.com\/it#organization","name":"Tablaos Flamencos","alternateName":"Tablaos Flamencos","url":"https:\/\/www.tablaosflamencos.com\/it","logo":{"@id":"https:\/\/www.tablaosflamencos.com\/it\/flamenco-real-alcazar-biennale-siviglia-2026.html#local-main-organization-logo"},"image":{"@id":"https:\/\/www.tablaosflamencos.com\/it\/flamenco-real-alcazar-biennale-siviglia-2026.html#local-main-organization-logo"},"sameAs":["https:\/\/www.facebook.com\/tablaosflamencos","https:\/\/x.com\/tablaosflamenco","https:\/\/mastodon.social\/@tablaosflamencos","https:\/\/www.instagram.com\/tablaosflamencos","https:\/\/tiktok.com\/@tablaosflamencos","https:\/\/www.linkedin.com\/company\/109408238\/"],"description":"Venta de entradas para espect\u00e1culos flamencos","legalName":"Tablaos Flamencos","foundingDate":"2015-01-01","numberOfEmployees":{"@type":"QuantitativeValue","minValue":"1","maxValue":"10"},"address":{"@id":"https:\/\/www.tablaosflamencos.com\/it\/flamenco-real-alcazar-biennale-siviglia-2026.html#local-main-place-address"},"geo":{"@type":"GeoCoordinates","latitude":"37.3868072","longitude":"-5.993280299999999"},"telephone":["+34623787787"],"contactPoint":{"@type":"ContactPoint","telephone":"+34623787787","email":"info@tablaosflamencos.com"},"openingHoursSpecification":{"@type":"OpeningHoursSpecification","dayOfWeek":["Monday","Tuesday","Wednesday","Thursday","Friday","Saturday","Sunday"],"opens":"00:00","closes":"23:59"},"email":"info@tablaosflamencos.com","priceRange":"$$$","currenciesAccepted":"\u20ac"},{"@type":"Person","@id":"https:\/\/www.tablaosflamencos.com\/it#\/schema\/person\/e7a9ebe14eb75a52ceabfbffb3c54f5d","name":"Miguel Ortiz","description":"Miguel Ortiz es un empresario flamenco, con una s\u00f3lida trayectoria dentro del sector. Ha presidido entidades culturales vinculadas al flamenco y, cuenta con un amplio recorrido profesional en la gesti\u00f3n y promoci\u00f3n de espect\u00e1culos y tablaos flamencos. Su pasi\u00f3n por la historia y el arte flamenco se refleja en cada art\u00edculo, donde combina experiencia, criterio y un profundo respeto por la tradici\u00f3n.","sameAs":["https:\/\/www.tablaosflamencos.com","https:\/\/www.instagra.com\/miguelortizfe","https:\/\/www.linkedin.com\/in\/miguelortizf\/"],"birthDate":"1984-11-22","gender":"hombre","knowsLanguage":["espa\u00f1ol","ingl\u00e9s"],"jobTitle":"Empresario flamenco"},{"@type":"PostalAddress","@id":"https:\/\/www.tablaosflamencos.com\/it\/flamenco-real-alcazar-biennale-siviglia-2026.html#local-main-place-address","streetAddress":"C\/ Alemanes, 19","addressLocality":"Sevilla","postalCode":"41004","addressRegion":"Sevilla","addressCountry":"ES"},{"@type":"ImageObject","inLanguage":"it-IT","@id":"https:\/\/www.tablaosflamencos.com\/it\/flamenco-real-alcazar-biennale-siviglia-2026.html#local-main-organization-logo","url":"https:\/\/www.tablaosflamencos.com\/wp-content\/uploads\/tablaos-flamencos-06-3.webp","contentUrl":"https:\/\/www.tablaosflamencos.com\/wp-content\/uploads\/tablaos-flamencos-06-3.webp","width":600,"height":620,"caption":"Tablaos Flamencos"}]},"geo.placename":"Sevilla","geo.position":{"lat":"37.3868072","long":"-5.993280299999999"},"geo.region":"Spagna"},"_links":{"self":[{"href":"https:\/\/www.tablaosflamencos.com\/it\/wp-json\/wp\/v2\/posts\/13886","targetHints":{"allow":["GET"]}}],"collection":[{"href":"https:\/\/www.tablaosflamencos.com\/it\/wp-json\/wp\/v2\/posts"}],"about":[{"href":"https:\/\/www.tablaosflamencos.com\/it\/wp-json\/wp\/v2\/types\/post"}],"author":[{"embeddable":true,"href":"https:\/\/www.tablaosflamencos.com\/it\/wp-json\/wp\/v2\/users\/1"}],"replies":[{"embeddable":true,"href":"https:\/\/www.tablaosflamencos.com\/it\/wp-json\/wp\/v2\/comments?post=13886"}],"version-history":[{"count":6,"href":"https:\/\/www.tablaosflamencos.com\/it\/wp-json\/wp\/v2\/posts\/13886\/revisions"}],"predecessor-version":[{"id":14000,"href":"https:\/\/www.tablaosflamencos.com\/it\/wp-json\/wp\/v2\/posts\/13886\/revisions\/14000"}],"wp:featuredmedia":[{"embeddable":true,"href":"https:\/\/www.tablaosflamencos.com\/it\/wp-json\/wp\/v2\/media\/13859"}],"wp:attachment":[{"href":"https:\/\/www.tablaosflamencos.com\/it\/wp-json\/wp\/v2\/media?parent=13886"}],"wp:term":[{"taxonomy":"category","embeddable":true,"href":"https:\/\/www.tablaosflamencos.com\/it\/wp-json\/wp\/v2\/categories?post=13886"},{"taxonomy":"post_tag","embeddable":true,"href":"https:\/\/www.tablaosflamencos.com\/it\/wp-json\/wp\/v2\/tags?post=13886"}],"curies":[{"name":"wp","href":"https:\/\/api.w.org\/{rel}","templated":true}]}}