{"id":13836,"date":"2026-09-01T11:41:25","date_gmt":"2026-09-01T09:41:25","guid":{"rendered":"https:\/\/www.tablaosflamencos.com\/?p=13836"},"modified":"2026-09-01T11:59:03","modified_gmt":"2026-09-01T09:59:03","slug":"inaugurazione-biennale-flamenco-siviglia-2026","status":"publish","type":"post","link":"https:\/\/www.tablaosflamencos.com\/it\/inaugurazione-biennale-flamenco-siviglia-2026.html","title":{"rendered":"Come sar\u00e0 l\u2019inaugurazione della Biennale di Flamenco di Siviglia 2026"},"content":{"rendered":"<section class=\"l-section wpb_row height_huge\"><div class=\"l-section-h i-cf\"><div class=\"g-cols vc_row via_flex valign_top type_default stacking_default\"><div class=\"vc_col-sm-6 wpb_column vc_column_container\"><div class=\"vc_column-inner\"><div class=\"wpb_wrapper\"><div class=\"wpb_text_column\"><div class=\"wpb_wrapper\"><h2>La Biennale di Flamenco di Siviglia 2026 si aprir\u00e0 con un preg\u00f3n cantato nel cuore della citt\u00e0<\/h2>\n<p>La <strong>XXIV Biennale di Flamenco di Siviglia<\/strong> inizier\u00e0 ufficialmente il <strong>mercoled\u00ec 9 settembre 2026<\/strong> con un\u2019inaugurazione molto diversa da un gala convenzionale. Non ci sar\u00e0 un palco frontale in un teatro: la <strong>Plaza de San Francisco<\/strong> diventer\u00e0 uno spazio scenico immersivo in cui le voci arriveranno dai balconi e la danza occuper\u00e0 il centro della piazza.<\/p>\n<p>La proposta si intitola <em>Ecos primitivos. Cante en altura, danza en tierra<\/em> ed \u00e8 concepita come un <strong>preg\u00f3n cantato<\/strong> con la direzione artistica di Segundo Falc\u00f3n. Inizier\u00e0 alle <strong>20:30<\/strong> e riunir\u00e0 Segundo Falc\u00f3n, Esperanza Fern\u00e1ndez, Pedro El Grana\u00edno, Rafael de Utrera e Mar\u00eda Terremoto al cante, con <strong>Ana Morales<\/strong> come protagonista della danza.<\/p>\n<p>L\u2019idea \u00e8 che il pubblico non guardi l\u2019inaugurazione da un\u2019unica direzione, ma si trovi immerso in un\u2019architettura sonora a <strong>360 gradi<\/strong>. La citt\u00e0 stessa funzioner\u00e0 come palcoscenico: i balconi, la pietra della piazza, le voci e il corpo della bailaora faranno parte della drammaturgia.<\/p>\n<\/div><\/div><\/div><\/div><\/div><div class=\"vc_col-sm-6 wpb_column vc_column_container\"><div class=\"vc_column-inner\"><div class=\"wpb_wrapper\"><div class=\"wpb_text_column\"><div class=\"wpb_wrapper\"><h3>Inaugurazione della Biennale 2026: dati rapidi<\/h3>\n<ul>\n<li><strong>Data:<\/strong> mercoled\u00ec 9 settembre 2026.<\/li>\n<li><strong>Ora:<\/strong> 20:30.<\/li>\n<li><strong>Luogo:<\/strong> Plaza de San Francisco, Siviglia.<\/li>\n<li><strong>Proposta:<\/strong> <em>Ecos primitivos. Cante en altura, danza en tierra<\/em>.<\/li>\n<li><strong>Formato:<\/strong> preg\u00f3n cantato ed esperienza scenica immersiva a 360\u00ba.<\/li>\n<li><strong>Direzione artistica:<\/strong> Segundo Falc\u00f3n.<\/li>\n<li><strong>Cante:<\/strong> Segundo Falc\u00f3n, Esperanza Fern\u00e1ndez, Pedro El Grana\u00edno, Rafael de Utrera e Mar\u00eda Terremoto.<\/li>\n<li><strong>Danza:<\/strong> Ana Morales.<\/li>\n<li><strong>Organizzazione:<\/strong> Biennale di Flamenco di Siviglia, coorganizzata con Fundaci\u00f3n Cajasol.<\/li>\n<\/ul>\n<p><small>Alla data di pubblicazione, la scheda ufficiale del preg\u00f3n non indica n\u00e9 il prezzo n\u00e9 un sistema di acquisto dei biglietti. \u00c8 consigliabile verificare le condizioni di accesso aggiornate prima di recarsi sul posto.<\/small><\/p>\n<\/div><\/div><\/div><\/div><\/div><\/div><\/div><\/section><section class=\"l-section wpb_row height_huge color_alternate with_shape\"><div class=\"l-section-shape type_zigzag pos_top hor_flip\" style=\"height:3vmin;\"><svg xmlns=\"http:\/\/www.w3.org\/2000\/svg\" viewBox=\"0 0 64 8\" preserveAspectRatio=\"none\" width=\"100%\" height=\"100%\">\r\n\t<path fill=\"currentColor\" d=\"M64 8 L0 8 L0 0 L20 7.9 L40 3 L48 5 L64 0 Z\"\/>\r\n<\/svg><\/div><div class=\"l-section-shape type_zigzag pos_bottom\" style=\"height:3vmin;\"><svg xmlns=\"http:\/\/www.w3.org\/2000\/svg\" viewBox=\"0 0 64 8\" preserveAspectRatio=\"none\" width=\"100%\" height=\"100%\">\r\n\t<path fill=\"currentColor\" d=\"M64 8 L0 8 L0 0 L20 7.9 L40 3 L48 5 L64 0 Z\"\/>\r\n<\/svg><\/div><div class=\"l-section-h i-cf\"><div class=\"g-cols vc_row via_flex valign_top type_default stacking_default\"><div class=\"vc_col-sm-12 wpb_column vc_column_container\"><div class=\"vc_column-inner\"><div class=\"wpb_wrapper\"><div class=\"wpb_text_column\"><div class=\"wpb_wrapper\"><h2>Ecos primitivos: un\u2019inaugurazione pensata appositamente per Plaza de San Francisco<\/h2>\n<p>L\u2019apertura non adatta a uno spazio esterno uno spettacolo teatrale preesistente. <em>Ecos primitivos<\/em> \u00e8 stato concepito specificamente per la Biennale e per la <strong>Plaza de San Francisco<\/strong>. Questa differenza \u00e8 importante, perch\u00e9 l\u2019architettura non funger\u00e0 da semplice sfondo: sar\u00e0 parte attiva dello spettacolo.<\/p>\n<p>La proposta nasce da un\u2019idea verticale. <strong>Cinque cantaores occuperanno diversi balconi intorno alla piazza<\/strong>, creando una mappa sonora che circonder\u00e0 il pubblico. Di fronte a queste voci che arrivano dall\u2019alto, Ana Morales svilupper\u00e0 la coreografia a livello della strada, al centro dello spazio.<\/p>\n<p>La Biennale definisce il concetto come un dialogo tra <strong>cante in alto e danza a terra<\/strong>. L\u2019opposizione tra voce e corpo, balconi e suolo, memoria e creazione contemporanea costituisce l\u2019asse visivo e sonoro dell\u2019intera inaugurazione.<\/p>\n<p>Il risultato vuole rompere con il rapporto abituale tra palco e spettatore. Non ci sar\u00e0 un unico punto di vista frontale: il pubblico sar\u00e0 integrato nell\u2019evento e dovr\u00e0 percepire voci provenienti da direzioni diverse mentre la danza si sviluppa al centro.<\/p>\n<\/div><\/div><\/div><\/div><\/div><\/div><\/div><\/section><section class=\"l-section wpb_row height_huge\"><div class=\"l-section-h i-cf\"><div class=\"g-cols vc_row via_flex valign_top type_default stacking_default\"><div class=\"vc_col-sm-12 wpb_column vc_column_container\"><div class=\"vc_column-inner\"><div class=\"wpb_wrapper\"><div class=\"wpb_text_column\"><div class=\"wpb_wrapper\"><h2>Cinque voci sui balconi: cosa canter\u00e0 ogni artista<\/h2>\n<p>Uno dei dettagli pi\u00f9 interessanti gi\u00e0 pubblicati dall\u2019organizzazione \u00e8 la distribuzione dei cantes. Ogni voce avr\u00e0 un ruolo preciso all\u2019interno di questa architettura sonora e sar\u00e0 associata a un repertorio di radice tradizionale.<\/p>\n<table>\n<thead>\n<tr>\n<th>Artista<\/th>\n<th>Cante previsto<\/th>\n<th>Ruolo nella proposta<\/th>\n<\/tr>\n<\/thead>\n<tbody>\n<tr>\n<td><strong>Segundo Falc\u00f3n<\/strong><\/td>\n<td>Trilla e ton\u00e1 liviana<\/td>\n<td>Memoria del lavoro agricolo e un cante essenziale, privo di artifici.<\/td>\n<\/tr>\n<tr>\n<td><strong>Rafael de Utrera<\/strong><\/td>\n<td>Romance<\/td>\n<td>Narrazione di radice e nudit\u00e0 vocale.<\/td>\n<\/tr>\n<tr>\n<td><strong>Mar\u00eda Terremoto<\/strong><\/td>\n<td>Martinete<\/td>\n<td>Un cante legato alla fucina, al lamento e alla resistenza.<\/td>\n<\/tr>\n<tr>\n<td><strong>Esperanza Fern\u00e1ndez<\/strong><\/td>\n<td>Romance \/ corrido gitano<\/td>\n<td>La memoria trasmessa attraverso la parola cantata.<\/td>\n<\/tr>\n<tr>\n<td><strong>Pedro El Grana\u00edno<\/strong><\/td>\n<td>Saeta<\/td>\n<td>Una voce concepita come invocazione verticale dall\u2019alto.<\/td>\n<\/tr>\n<\/tbody>\n<\/table>\n<p>Questa selezione aiuta a comprendere il titolo <em>Ecos primitivos<\/em>. Non \u00e8 pensata come un percorso attraverso i palos pi\u00f9 festosi o popolari, ma come una ricerca di forme legate alla narrazione orale, al lavoro, alla fucina, alla trasmissione e all\u2019invocazione.<\/p>\n<\/div><\/div><\/div><\/div><\/div><\/div><\/div><\/section><section class=\"l-section wpb_row height_huge color_alternate with_shape\"><div class=\"l-section-shape type_zigzag pos_top hor_flip\" style=\"height:3vmin;\"><svg xmlns=\"http:\/\/www.w3.org\/2000\/svg\" viewBox=\"0 0 64 8\" preserveAspectRatio=\"none\" width=\"100%\" height=\"100%\">\r\n\t<path fill=\"currentColor\" d=\"M64 8 L0 8 L0 0 L20 7.9 L40 3 L48 5 L64 0 Z\"\/>\r\n<\/svg><\/div><div class=\"l-section-shape type_zigzag pos_bottom\" style=\"height:3vmin;\"><svg xmlns=\"http:\/\/www.w3.org\/2000\/svg\" viewBox=\"0 0 64 8\" preserveAspectRatio=\"none\" width=\"100%\" height=\"100%\">\r\n\t<path fill=\"currentColor\" d=\"M64 8 L0 8 L0 0 L20 7.9 L40 3 L48 5 L64 0 Z\"\/>\r\n<\/svg><\/div><div class=\"l-section-h i-cf\"><div class=\"g-cols vc_row via_flex valign_top type_default stacking_default\"><div class=\"vc_col-sm-12 wpb_column vc_column_container\"><div class=\"vc_column-inner\"><div class=\"wpb_wrapper\"><div class=\"wpb_text_column\"><div class=\"wpb_wrapper\"><h2>Ana Morales danzer\u00e0 al centro della piazza<\/h2>\n<p>Mentre le voci occupano i balconi, <strong>Ana Morales<\/strong> concentrer\u00e0 la dimensione fisica dell\u2019inaugurazione sul suolo di Plaza de San Francisco. La sua danza non sar\u00e0 un accompagnamento ornamentale del cante: la coreografia \u00e8 concepita come risposta corporea alle voci che arrivano dall\u2019alto.<\/p>\n<p>L\u2019organizzazione spiega la proposta attraverso tre principi: <strong>movimento organico e corporeo<\/strong>, <strong>frammentazione e ricostruzione del gesto<\/strong> e una <strong>relazione diretta con la terra come spazio simbolico<\/strong>.<\/p>\n<p>Questo approccio si inserisce perfettamente nel percorso di Morales, creatrice che lavora da tempo sul rapporto tra tradizione flamenca, linguaggio contemporaneo, spazio e corpo. In questa occasione il contrasto sar\u00e0 particolarmente evidente: il cante rester\u00e0 elevato intorno al pubblico mentre la danza si scriver\u00e0 sul pavimento della piazza.<\/p>\n<\/div><\/div><\/div><\/div><\/div><\/div><\/div><\/section><section class=\"l-section wpb_row height_huge\"><div class=\"l-section-h i-cf\"><div class=\"g-cols vc_row via_flex valign_top type_default stacking_default\"><div class=\"vc_col-sm-6 wpb_column vc_column_container\"><div class=\"vc_column-inner\"><div class=\"wpb_wrapper\"><div class=\"wpb_text_column\"><div class=\"wpb_wrapper\"><h2>Come sar\u00e0 distribuito lo spazio<\/h2>\n<p>La scheda ufficiale anticipa una disposizione scenica molto precisa:<\/p>\n<ul>\n<li><strong>Balconi perimetrali<\/strong> per le cinque voci.<\/li>\n<li><strong>Palco centrale a livello strada<\/strong>.<\/li>\n<li><strong>Zona coreografica<\/strong> per Ana Morales.<\/li>\n<li><strong>Pubblico avvolgente a 360\u00ba<\/strong>.<\/li>\n<\/ul>\n<p>Non ci sar\u00e0 quindi un unico punto di vista privilegiato equivalente a una poltrona centrale in teatro. L\u2019esperienza dipender\u00e0 in parte dal punto in cui si trover\u00e0 ogni spettatore nella piazza e da come le voci si muoveranno acusticamente tra le facciate.<\/p>\n<\/div><\/div><\/div><\/div><\/div><div class=\"vc_col-sm-6 wpb_column vc_column_container\"><div class=\"vc_column-inner\"><div class=\"wpb_wrapper\"><div class=\"wpb_text_column\"><div class=\"wpb_wrapper\"><h2>Plaza de San Francisco come parte della drammaturgia<\/h2>\n<p>La scelta di Plaza de San Francisco rafforza la volont\u00e0 di trasformare Siviglia nel palcoscenico della Biennale. \u00c8 uno dei grandi spazi storici del centro citt\u00e0, accanto al Municipio e collegato direttamente a Plaza Nueva e all\u2019asse di Avenida de la Constituci\u00f3n.<\/p>\n<p>In <em>Ecos primitivos<\/em>, le facciate e i balconi non agiranno soltanto come paesaggio. L\u2019architettura permetter\u00e0 di costruire la verticalit\u00e0 dello spettacolo e distribuire le voci intorno al pubblico. In questo modo, un luogo quotidiano del centro storico cambier\u00e0 temporaneamente funzione e diventer\u00e0 una sorta di teatro urbano senza pareti.<\/p>\n<\/div><\/div><\/div><\/div><\/div><\/div><\/div><\/section><section class=\"l-section wpb_row height_huge color_alternate with_shape\"><div class=\"l-section-shape type_zigzag pos_top hor_flip\" style=\"height:3vmin;\"><svg xmlns=\"http:\/\/www.w3.org\/2000\/svg\" viewBox=\"0 0 64 8\" preserveAspectRatio=\"none\" width=\"100%\" height=\"100%\">\r\n\t<path fill=\"currentColor\" d=\"M64 8 L0 8 L0 0 L20 7.9 L40 3 L48 5 L64 0 Z\"\/>\r\n<\/svg><\/div><div class=\"l-section-shape type_zigzag pos_bottom\" style=\"height:3vmin;\"><svg xmlns=\"http:\/\/www.w3.org\/2000\/svg\" viewBox=\"0 0 64 8\" preserveAspectRatio=\"none\" width=\"100%\" height=\"100%\">\r\n\t<path fill=\"currentColor\" d=\"M64 8 L0 8 L0 0 L20 7.9 L40 3 L48 5 L64 0 Z\"\/>\r\n<\/svg><\/div><div class=\"l-section-h i-cf\"><div class=\"g-cols vc_row via_flex valign_top type_default stacking_default\"><div class=\"vc_col-sm-12 wpb_column vc_column_container\"><div class=\"vc_column-inner\"><div class=\"wpb_wrapper\"><div class=\"wpb_text_column\"><div class=\"wpb_wrapper\"><h2>Perch\u00e9 un preg\u00f3n cantato e non un\u2019inaugurazione convenzionale?<\/h2>\n<p>La Biennale ha scelto di iniziare questa edizione recuperando una dimensione collettiva del flamenco. Invece di separare rigidamente artisti, palco e spettatori, l\u2019inaugurazione si avvicina a un\u2019idea pi\u00f9 rituale: voci che emergono da punti diversi, un corpo che risponde dal centro e un pubblico integrato nello spazio sonoro.<\/p>\n<p>Questa scelta dialoga inoltre con uno dei grandi temi della XXIV edizione: guardare alla memoria del flamenco senza trasformarla in una ricostruzione archeologica. Il programma 2026 ricorda il secolo trascorso dall\u2019ascesa della cosiddetta \u00d3pera Flamenca e unisce questa riflessione storica a numerose prime e linguaggi contemporanei.<\/p>\n<p><em>Ecos primitivos<\/em> funziona quindi come una dichiarazione d\u2019intenti: aprire la Biennale cercando antiche forme di trasmissione \u2014romance, martinete, trilla, ton\u00e1, saeta\u2014 ma riorganizzate attraverso una messa in scena contemporanea pensata per la citt\u00e0 di oggi.<\/p>\n<\/div><\/div><\/div><\/div><\/div><\/div><\/div><\/section><section class=\"l-section wpb_row height_huge\"><div class=\"l-section-h i-cf\"><div class=\"g-cols vc_row via_flex valign_top type_default stacking_default\"><div class=\"vc_col-sm-12 wpb_column vc_column_container\"><div class=\"vc_column-inner\"><div class=\"wpb_wrapper\"><div class=\"wpb_text_column\"><div class=\"wpb_wrapper\"><h2>Il 9 \u00e8 l\u2019apertura ufficiale, ma il grande gala arriva il 10<\/h2>\n<p>\u00c8 utile distinguere diverse date perch\u00e9 l\u2019inaugurazione della Biennale 2026 pu\u00f2 creare una certa confusione. <strong>Il 9 settembre \u00e8 l\u2019inizio ufficiale<\/strong> con il preg\u00f3n cantato di Plaza de San Francisco. Tuttavia, il primo grande gala del programma generale arriver\u00e0 il giorno successivo.<\/p>\n<p>Il <strong>gioved\u00ec 10 settembre alle 21:30<\/strong>, la Plaza de Toros della Real Maestranza ospiter\u00e0 <em>El mundo por montera<\/em>, una Noche \u00danica che riunir\u00e0 Jos\u00e9 Merc\u00e9, Jos\u00e9 el de la Tomasa, Martirio, Arc\u00e1ngel, La Tremendita, \u00c1ngeles Toledano, El Perrete e Manuel de la Tomasa, oltre al Ballet Flamenco de Andaluc\u00eda con Patricia Guerrero. La direzione artistica \u00e8 di Andr\u00e9s Mar\u00edn e Luis Ybarra.<\/p>\n<p>E l\u2019 <strong>11 settembre<\/strong> il programma entrer\u00e0 pienamente in alcuni dei principali spazi scenici: Antonio Rey si esibir\u00e0 all\u2019Espacio Turina, Sara Baras debutter\u00e0 con <em>Infinita<\/em> al Teatro de la Maestranza e Rosario La Tremendita presenter\u00e0 <em>Menos es m\u00e1s<\/em> al Teatro Central.<\/p>\n<p>L\u2019apertura del 2026 pu\u00f2 quindi essere intesa come una sequenza di pi\u00f9 giorni: <strong>preg\u00f3n urbano il 9, grande gala il 10 e pieno dispiegamento dei teatri dall\u201911<\/strong>.<\/p>\n<\/div><\/div><\/div><\/div><\/div><\/div><\/div><\/section><section class=\"l-section wpb_row height_huge color_alternate with_shape\"><div class=\"l-section-shape type_zigzag pos_top hor_flip\" style=\"height:3vmin;\"><svg xmlns=\"http:\/\/www.w3.org\/2000\/svg\" viewBox=\"0 0 64 8\" preserveAspectRatio=\"none\" width=\"100%\" height=\"100%\">\r\n\t<path fill=\"currentColor\" d=\"M64 8 L0 8 L0 0 L20 7.9 L40 3 L48 5 L64 0 Z\"\/>\r\n<\/svg><\/div><div class=\"l-section-shape type_zigzag pos_bottom\" style=\"height:3vmin;\"><svg xmlns=\"http:\/\/www.w3.org\/2000\/svg\" viewBox=\"0 0 64 8\" preserveAspectRatio=\"none\" width=\"100%\" height=\"100%\">\r\n\t<path fill=\"currentColor\" d=\"M64 8 L0 8 L0 0 L20 7.9 L40 3 L48 5 L64 0 Z\"\/>\r\n<\/svg><\/div><div class=\"l-section-h i-cf\"><div class=\"g-cols vc_row via_flex valign_top type_default stacking_default\"><div class=\"vc_col-sm-12 wpb_column vc_column_container\"><div class=\"vc_column-inner\"><div class=\"wpb_wrapper\"><div class=\"wpb_text_column\"><div class=\"wpb_wrapper\"><h2>In realt\u00e0, l\u2019attivit\u00e0 della Biennale sar\u00e0 iniziata gi\u00e0 diversi giorni prima<\/h2>\n<p>Anche se il 9 settembre \u00e8 la data di apertura ufficiale, il pubblico potr\u00e0 entrare nell\u2019atmosfera della Biennale gi\u00e0 dal <strong>2 settembre<\/strong>. La mostra <em>La noche azul<\/em> apre quel giorno alla Real F\u00e1brica de Artiller\u00eda e tra il 3 e il 6 si susseguono diverse attivit\u00e0 preliminari nei quartieri e negli spazi storici di Siviglia.<\/p>\n<p>Su Tablaos Flamencos abbiamo preparato una guida specifica su tutto ci\u00f2 che accade in quei giorni per chi arriva a Siviglia prima dell\u2019inaugurazione.<\/p>\n<p><a href=\"https:\/\/www.tablaosflamencos.com\/bienal-flamenco-2026-antes-9-septiembre.html\"><strong>Vedi gli eventi e le attivit\u00e0 della Biennale prima del 9 settembre<\/strong><\/a>.<\/p>\n<p>Puoi anche consultare la nostra <a href=\"https:\/\/www.tablaosflamencos.com\/bienal-flamenco-sevilla-2026.html\"><strong>guida completa alla Biennale di Flamenco di Siviglia 2026<\/strong><\/a>, con date, spazi, programma e contenuti correlati.<\/p>\n<\/div><\/div><\/div><\/div><\/div><\/div><\/div><\/section><section class=\"l-section wpb_row height_huge\"><div class=\"l-section-h i-cf\"><div class=\"g-cols vc_row via_flex valign_top type_default stacking_default\"><div class=\"vc_col-sm-12 wpb_column vc_column_container\"><div class=\"vc_column-inner\"><div class=\"wpb_wrapper\"><div class=\"wpb_text_column\"><div class=\"wpb_wrapper\"><h2>Consigli per assistere all\u2019inaugurazione<\/h2>\n<p>L\u2019organizzazione potrebbe ancora pubblicare indicazioni aggiuntive sugli accessi e sulla distribuzione del pubblico. Con le informazioni disponibili, ci sono diversi aspetti da tenere presenti.<\/p>\n<p><strong>Arriva con anticipo.<\/strong> Plaza de San Francisco si trova nel pieno centro storico e la proposta dipende da una disposizione avvolgente del pubblico. Se verranno introdotti controlli di accesso o limiti di capienza, arrivare presto sar\u00e0 particolarmente utile.<\/p>\n<p><strong>Non cercare necessariamente un unico \u00abposto migliore\u00bb.<\/strong> Trattandosi di una proposta a 360 gradi, le voci saranno distribuite su diversi balconi e la danza occuper\u00e0 il centro. La concezione stessa dello spettacolo evita un\u2019unica frontalit\u00e0.<\/p>\n<p><strong>Consulta la scheda ufficiale il giorno stesso.<\/strong> Alla data di pubblicazione, la pagina del preg\u00f3n non mostra prezzo, pulsante di acquisto n\u00e9 istruzioni dettagliate sull\u2019accesso. Non conviene dare per scontato un sistema specifico finch\u00e9 l\u2019organizzazione non lo confermer\u00e0.<\/p>\n<p><strong>Ricorda che si tratta di uno spettacolo all\u2019aperto.<\/strong> Le condizioni meteorologiche o le esigenze tecniche possono comportare indicazioni specifiche dell\u2019ultimo minuto.<\/p>\n<\/div><\/div><\/div><\/div><\/div><\/div><\/div><\/section><section class=\"l-section wpb_row height_huge color_alternate with_shape\"><div class=\"l-section-shape type_zigzag pos_top hor_flip\" style=\"height:3vmin;\"><svg xmlns=\"http:\/\/www.w3.org\/2000\/svg\" viewBox=\"0 0 64 8\" preserveAspectRatio=\"none\" width=\"100%\" height=\"100%\">\r\n\t<path fill=\"currentColor\" d=\"M64 8 L0 8 L0 0 L20 7.9 L40 3 L48 5 L64 0 Z\"\/>\r\n<\/svg><\/div><div class=\"l-section-shape type_zigzag pos_bottom\" style=\"height:3vmin;\"><svg xmlns=\"http:\/\/www.w3.org\/2000\/svg\" viewBox=\"0 0 64 8\" preserveAspectRatio=\"none\" width=\"100%\" height=\"100%\">\r\n\t<path fill=\"currentColor\" d=\"M64 8 L0 8 L0 0 L20 7.9 L40 3 L48 5 L64 0 Z\"\/>\r\n<\/svg><\/div><div class=\"l-section-h i-cf\"><div class=\"g-cols vc_row via_flex valign_top type_default stacking_default\"><div class=\"vc_col-sm-1\/5 wpb_column vc_column_container\"><div class=\"vc_column-inner\"><div class=\"wpb_wrapper\"><\/div><\/div><\/div><div class=\"vc_col-sm-3\/5 wpb_column vc_column_container\"><div class=\"vc_column-inner\"><div class=\"wpb_wrapper\"><div class=\"wpb_text_column\"><div class=\"wpb_wrapper\"><h2>Domande frequenti sull\u2019inaugurazione della Biennale 2026<\/h2>\n<\/div><\/div><div class=\"w-separator size_medium\"><\/div><div class=\"w-tabs accordion toggle_style_1 has_scrolling\" style=\"--sections-title-size:inherit;--sections-gap:0.5rem;\"><div class=\"w-tabs-sections titles-align_none icon_plus cpos_left\"><div class=\"w-tabs-section\" id=\"j13e\" itemscope itemprop=\"mainEntity\" itemtype=\"https:\/\/schema.org\/Question\"><button type=\"button\" class=\"w-tabs-section-header\" aria-controls=\"content-j13e\" aria-expanded=\"false\"><h3 class=\"w-tabs-section-title\" itemprop=\"name\">Quando si inaugura ufficialmente la Biennale di Flamenco di Siviglia 2026?<\/h3><div class=\"w-tabs-section-control\"><\/div><\/button><div  class=\"w-tabs-section-content\" id=\"content-j13e\" itemscope itemprop=\"acceptedAnswer\" itemtype=\"https:\/\/schema.org\/Answer\"><div class=\"w-tabs-section-content-h i-cf\" itemprop=\"text\"><div class=\"wpb_text_column\"><div class=\"wpb_wrapper\"><p>L\u2019inaugurazione ufficiale si terr\u00e0 mercoled\u00ec 9 settembre 2026 alle 20:30 in Plaza de San Francisco, a Siviglia.<\/p>\n<\/div><\/div><\/div><\/div><\/div><div class=\"w-tabs-section\" id=\"n251\" itemscope itemprop=\"mainEntity\" itemtype=\"https:\/\/schema.org\/Question\"><button type=\"button\" class=\"w-tabs-section-header\" aria-controls=\"content-n251\" aria-expanded=\"false\"><h3 class=\"w-tabs-section-title\" itemprop=\"name\">Come si chiama lo spettacolo inaugurale?<\/h3><div class=\"w-tabs-section-control\"><\/div><\/button><div  class=\"w-tabs-section-content\" id=\"content-n251\" itemscope itemprop=\"acceptedAnswer\" itemtype=\"https:\/\/schema.org\/Answer\"><div class=\"w-tabs-section-content-h i-cf\" itemprop=\"text\"><div class=\"wpb_text_column\"><div class=\"wpb_wrapper\"><p>L\u2019apertura si intitola <em>Ecos primitivos. Cante en altura, danza en tierra<\/em>. Si presenta come un preg\u00f3n cantato e un\u2019esperienza scenica immersiva concepita appositamente per Plaza de San Francisco.<\/p>\n<\/div><\/div><\/div><\/div><\/div><div class=\"w-tabs-section\" id=\"m32e\" itemscope itemprop=\"mainEntity\" itemtype=\"https:\/\/schema.org\/Question\"><button type=\"button\" class=\"w-tabs-section-header\" aria-controls=\"content-m32e\" aria-expanded=\"false\"><h3 class=\"w-tabs-section-title\" itemprop=\"name\">Chi dirige l\u2019inaugurazione della Biennale 2026?<\/h3><div class=\"w-tabs-section-control\"><\/div><\/button><div  class=\"w-tabs-section-content\" id=\"content-m32e\" itemscope itemprop=\"acceptedAnswer\" itemtype=\"https:\/\/schema.org\/Answer\"><div class=\"w-tabs-section-content-h i-cf\" itemprop=\"text\"><div class=\"wpb_text_column\"><div class=\"wpb_wrapper\"><p>La direzione artistica e l\u2019interpretazione vocale principale sono affidate al cantaor Segundo Falc\u00f3n.<\/p>\n<\/div><\/div><\/div><\/div><\/div><div class=\"w-tabs-section\" id=\"r3fa\" itemscope itemprop=\"mainEntity\" itemtype=\"https:\/\/schema.org\/Question\"><button type=\"button\" class=\"w-tabs-section-header\" aria-controls=\"content-r3fa\" aria-expanded=\"false\"><h3 class=\"w-tabs-section-title\" itemprop=\"name\">Quali artisti parteciperanno a Ecos primitivos?<\/h3><div class=\"w-tabs-section-control\"><\/div><\/button><div  class=\"w-tabs-section-content\" id=\"content-r3fa\" itemscope itemprop=\"acceptedAnswer\" itemtype=\"https:\/\/schema.org\/Answer\"><div class=\"w-tabs-section-content-h i-cf\" itemprop=\"text\"><div class=\"wpb_text_column\"><div class=\"wpb_wrapper\"><p>Al cante parteciperanno Segundo Falc\u00f3n, Esperanza Fern\u00e1ndez, Pedro El Grana\u00edno, Rafael de Utrera e Mar\u00eda Terremoto. Ana Morales sar\u00e0 protagonista della danza.<\/p>\n<\/div><\/div><\/div><\/div><\/div><div class=\"w-tabs-section\" id=\"e4bf\" itemscope itemprop=\"mainEntity\" itemtype=\"https:\/\/schema.org\/Question\"><button type=\"button\" class=\"w-tabs-section-header\" aria-controls=\"content-e4bf\" aria-expanded=\"false\"><h3 class=\"w-tabs-section-title\" itemprop=\"name\">Cosa canter\u00e0 ciascun artista durante l\u2019inaugurazione?<\/h3><div class=\"w-tabs-section-control\"><\/div><\/button><div  class=\"w-tabs-section-content\" id=\"content-e4bf\" itemscope itemprop=\"acceptedAnswer\" itemtype=\"https:\/\/schema.org\/Answer\"><div class=\"w-tabs-section-content-h i-cf\" itemprop=\"text\"><div class=\"wpb_text_column\"><div class=\"wpb_wrapper\"><p>Segundo Falc\u00f3n interpreter\u00e0 trilla e ton\u00e1 liviana; Rafael de Utrera, romance; Mar\u00eda Terremoto, martinete; Esperanza Fern\u00e1ndez, romance o corrido gitano; e Pedro El Grana\u00edno, saeta.<\/p>\n<\/div><\/div><\/div><\/div><\/div><div class=\"w-tabs-section\" id=\"n5a4\" itemscope itemprop=\"mainEntity\" itemtype=\"https:\/\/schema.org\/Question\"><button type=\"button\" class=\"w-tabs-section-header\" aria-controls=\"content-n5a4\" aria-expanded=\"false\"><h3 class=\"w-tabs-section-title\" itemprop=\"name\">L\u2019inaugurazione della Biennale 2026 \u00e8 gratuita?<\/h3><div class=\"w-tabs-section-control\"><\/div><\/button><div  class=\"w-tabs-section-content\" id=\"content-n5a4\" itemscope itemprop=\"acceptedAnswer\" itemtype=\"https:\/\/schema.org\/Answer\"><div class=\"w-tabs-section-content-h i-cf\" itemprop=\"text\"><div class=\"wpb_text_column\"><div class=\"wpb_wrapper\"><p>Alla data di pubblicazione, la scheda ufficiale del preg\u00f3n non mostra prezzo, pulsante di acquisto dei biglietti n\u00e9 istruzioni specifiche sull\u2019accesso. Consigliamo di verificare le informazioni ufficiali prima di recarsi sul posto e di non dare per scontato il sistema di ingresso finch\u00e9 l\u2019organizzazione non lo confermer\u00e0.<\/p>\n<\/div><\/div><\/div><\/div><\/div><div class=\"w-tabs-section\" id=\"n694\" itemscope itemprop=\"mainEntity\" itemtype=\"https:\/\/schema.org\/Question\"><button type=\"button\" class=\"w-tabs-section-header\" aria-controls=\"content-n694\" aria-expanded=\"false\"><h3 class=\"w-tabs-section-title\" itemprop=\"name\">Il gala della Maestranza \u00e8 l\u2019inaugurazione della Biennale?<\/h3><div class=\"w-tabs-section-control\"><\/div><\/button><div  class=\"w-tabs-section-content\" id=\"content-n694\" itemscope itemprop=\"acceptedAnswer\" itemtype=\"https:\/\/schema.org\/Answer\"><div class=\"w-tabs-section-content-h i-cf\" itemprop=\"text\"><div class=\"wpb_text_column\"><div class=\"wpb_wrapper\"><p>L\u2019apertura ufficiale \u00e8 il 9 settembre con <em>Ecos primitivos<\/em>. Il grande gala <em>El mundo por montera<\/em> si svolge il giorno successivo, 10 settembre, alle 21:30 nella Plaza de Toros della Real Maestranza.<\/p>\n<\/div><\/div><\/div><\/div><\/div><div class=\"w-tabs-section\" id=\"x759\" itemscope itemprop=\"mainEntity\" itemtype=\"https:\/\/schema.org\/Question\"><button type=\"button\" class=\"w-tabs-section-header\" aria-controls=\"content-x759\" aria-expanded=\"false\"><h3 class=\"w-tabs-section-title\" itemprop=\"name\">Dove posso consultare gli aggiornamenti sull\u2019inaugurazione?<\/h3><div class=\"w-tabs-section-control\"><\/div><\/button><div  class=\"w-tabs-section-content\" id=\"content-x759\" itemscope itemprop=\"acceptedAnswer\" itemtype=\"https:\/\/schema.org\/Answer\"><div class=\"w-tabs-section-content-h i-cf\" itemprop=\"text\"><div class=\"wpb_text_column\"><div class=\"wpb_wrapper\"><p>Il riferimento principale \u00e8 il sito ufficiale della Biennale di Flamenco di Siviglia. Tablaos Flamencos aggiorner\u00e0 anche questa guida se verranno pubblicate nuove condizioni di accesso, variazioni di orario o informazioni pratiche rilevanti.<\/p>\n<\/div><\/div><\/div><\/div><\/div><\/div><\/div><\/div><\/div><\/div><div class=\"vc_col-sm-1\/5 wpb_column vc_column_container\"><div class=\"vc_column-inner\"><div class=\"wpb_wrapper\"><\/div><\/div><\/div><\/div><\/div><\/section><section class=\"l-section wpb_row height_huge\"><div class=\"l-section-h i-cf\"><div class=\"g-cols vc_row via_flex valign_top type_default stacking_default\"><div class=\"vc_col-sm-12 wpb_column vc_column_container\"><div class=\"vc_column-inner\"><div class=\"wpb_wrapper\"><div class=\"wpb_text_column\"><div class=\"wpb_wrapper\"><h2>Un\u2019apertura che trasforma il centro di Siviglia in un palcoscenico<\/h2>\n<p>L\u2019inaugurazione della XXIV Biennale non sar\u00e0 pensata come un prologo istituzionale separato dal programma artistico. Sar\u00e0 gi\u00e0 una creazione flamenca in s\u00e9. Cinque voci dai balconi, una bailaora al centro, il pubblico intorno e l\u2019architettura di Plaza de San Francisco trasformata in parte dell\u2019opera.<\/p>\n<p>Questo approccio riassume bene l\u2019ambizione di <em>Ecos primitivos<\/em>: recuperare elementi associati alle forme pi\u00f9 antiche di trasmissione del cante e metterli a confronto con una drammaturgia contemporanea. <strong>Il 9 settembre alle 20:30, la Biennale inizier\u00e0 facendo di Siviglia il suo primo grande palcoscenico.<\/strong><\/p>\n<\/div><\/div><\/div><\/div><\/div><\/div><\/div><\/section><section class=\"l-section wpb_row height_huge color_alternate with_shape\"><div class=\"l-section-shape type_zigzag pos_top hor_flip\" style=\"height:3vmin;\"><svg xmlns=\"http:\/\/www.w3.org\/2000\/svg\" viewBox=\"0 0 64 8\" preserveAspectRatio=\"none\" width=\"100%\" height=\"100%\">\r\n\t<path fill=\"currentColor\" d=\"M64 8 L0 8 L0 0 L20 7.9 L40 3 L48 5 L64 0 Z\"\/>\r\n<\/svg><\/div><div class=\"l-section-shape type_zigzag pos_bottom\" style=\"height:3vmin;\"><svg xmlns=\"http:\/\/www.w3.org\/2000\/svg\" viewBox=\"0 0 64 8\" preserveAspectRatio=\"none\" width=\"100%\" height=\"100%\">\r\n\t<path fill=\"currentColor\" d=\"M64 8 L0 8 L0 0 L20 7.9 L40 3 L48 5 L64 0 Z\"\/>\r\n<\/svg><\/div><div class=\"l-section-h i-cf\"><div class=\"g-cols vc_row via_flex valign_top type_default stacking_default\"><div class=\"vc_col-sm-12 wpb_column vc_column_container\"><div class=\"vc_column-inner\"><div class=\"wpb_wrapper\"><div class=\"wpb_text_column\"><div class=\"wpb_wrapper\"><h2>Fonti ufficiali<\/h2>\n<ul>\n<li><a href=\"https:\/\/www.labienal.com\/otras-perlas-actividades-paralelas\/pregon-inaugural\" target=\"_blank\" rel=\"noopener\">Biennale di Flamenco di Siviglia \u2014 Preg\u00f3n cantato: Ecos primitivos<\/a>.<\/li>\n<li><a href=\"https:\/\/www.labienal.com\/noticias\/las-otras-perlas-de-la-bienal\" target=\"_blank\" rel=\"noopener\">Biennale di Flamenco di Siviglia \u2014 Le altre perle della Biennale<\/a>.<\/li>\n<li><a href=\"https:\/\/www.labienal.com\/programa-general\/plaza-de-la-real-maestranza\/gala-inaugural\" target=\"_blank\" rel=\"noopener\">Biennale di Flamenco di Siviglia \u2014 El mundo por montera<\/a>.<\/li>\n<li><a href=\"https:\/\/www.labienal.com\/programa-general\" target=\"_blank\" rel=\"noopener\">Programma generale della XXIV Biennale di Flamenco<\/a>.<\/li>\n<\/ul>\n<p><small>Informazioni verificate il 31 agosto 2026. Orari, accessi e condizioni di partecipazione possono essere aggiornati dall\u2019organizzazione.<\/small><\/p>\n<\/div><\/div><\/div><\/div><\/div><\/div><\/div><\/section>\n","protected":false},"excerpt":{"rendered":"<p>La Biennale di Flamenco di Siviglia 2026 si aprir\u00e0 il 9 settembre con Ecos primitivos, un preg\u00f3n cantato immersivo in Plaza de San Francisco, con cinque voci sui balconi e Ana Morales al centro.<\/p>\n","protected":false},"author":1,"featured_media":13829,"comment_status":"closed","ping_status":"closed","sticky":false,"template":"","format":"standard","meta":{"_acf_changed":false,"wpai_generated_summary":"","_ayudawp_aiss_exclude":false,"_ayudawp_aiss_exclude_summary":false,"_ayudawp_aiss_summary":"","_ayudawp_aiss_summary_provider":"","_ayudawp_aiss_summary_hash":"","footnotes":""},"categories":[1429,373],"tags":[1806,1804,1803,1807,1802,1805,1801],"class_list":["post-13836","post","type-post","status-publish","format-standard","has-post-thumbnail","hentry","category-biennale-di-flamenco","category-notizie-flamenco","tag-ana-morales-it","tag-biennale-2026-it","tag-biennale-di-flamenco-tag","tag-ecos-primitivos-it","tag-flamenco-a-siviglia","tag-segundo-falcon-it","tag-siviglia"],"acf":[],"yoast_head":"<!-- This site is optimized with the Yoast SEO Premium plugin v28.3 (Yoast SEO v28.3) - https:\/\/yoast.com\/product\/yoast-seo-premium-wordpress\/ -->\n<title>Inaugurazione Biennale di Flamenco Siviglia 2026 | Guida<\/title>\n<meta name=\"description\" content=\"Scopri come sar\u00e0 l\u2019inaugurazione della Biennale di Flamenco di Siviglia 2026: Ecos primitivos, artisti, cantes, orario, Plaza de San Francisco e messa in scena immersiva.\" \/>\n<meta name=\"robots\" content=\"index, follow, max-snippet:-1, max-image-preview:large, max-video-preview:-1\" \/>\n<link rel=\"canonical\" href=\"https:\/\/www.tablaosflamencos.com\/it\/inaugurazione-biennale-flamenco-siviglia-2026.html\" \/>\n<meta property=\"og:locale\" content=\"it_IT\" \/>\n<meta property=\"og:type\" content=\"article\" \/>\n<meta property=\"og:title\" content=\"Come sar\u00e0 l\u2019inaugurazione della Biennale di Flamenco di Siviglia 2026\" \/>\n<meta property=\"og:description\" content=\"Scopri come sar\u00e0 l\u2019inaugurazione della Biennale di Flamenco di Siviglia 2026: Ecos primitivos, artisti, cantes, orario, Plaza de San Francisco e messa in scena immersiva.\" \/>\n<meta property=\"og:url\" content=\"https:\/\/www.tablaosflamencos.com\/it\/inaugurazione-biennale-flamenco-siviglia-2026.html\" \/>\n<meta property=\"og:site_name\" content=\"Tablaos Flamencos\" \/>\n<meta property=\"article:publisher\" content=\"https:\/\/www.facebook.com\/tablaosflamencos\" \/>\n<meta property=\"article:published_time\" content=\"2026-09-01T09:41:25+00:00\" \/>\n<meta property=\"article:modified_time\" content=\"2026-09-01T09:59:03+00:00\" \/>\n<meta property=\"og:image\" content=\"https:\/\/www.tablaosflamencos.com\/wp-content\/uploads\/como-sera-la-inauguracion-de-la-bienal-de-flamenco-de-sevilla-2026-01.webp\" \/>\n\t<meta property=\"og:image:width\" content=\"1920\" \/>\n\t<meta property=\"og:image:height\" content=\"1072\" \/>\n\t<meta property=\"og:image:type\" content=\"image\/webp\" \/>\n<meta name=\"author\" content=\"Miguel Ortiz\" \/>\n<meta name=\"twitter:card\" content=\"summary_large_image\" \/>\n<meta name=\"twitter:creator\" content=\"@tablaosflamenco\" \/>\n<meta name=\"twitter:site\" content=\"@tablaosflamenco\" \/>\n<meta name=\"twitter:label1\" content=\"Scritto da\" \/>\n\t<meta name=\"twitter:data1\" content=\"Miguel Ortiz\" \/>\n\t<meta name=\"twitter:label2\" content=\"Tempo di lettura stimato\" \/>\n\t<meta name=\"twitter:data2\" content=\"13 minuti\" \/>\n<script type=\"application\/ld+json\" class=\"yoast-schema-graph\">{\"@context\":\"https:\\\/\\\/schema.org\",\"@graph\":[{\"@type\":\"Article\",\"@id\":\"https:\\\/\\\/www.tablaosflamencos.com\\\/it\\\/inaugurazione-biennale-flamenco-siviglia-2026.html#article\",\"isPartOf\":{\"@id\":\"https:\\\/\\\/www.tablaosflamencos.com\\\/it\\\/inaugurazione-biennale-flamenco-siviglia-2026.html\"},\"author\":{\"name\":\"Miguel Ortiz\",\"@id\":\"https:\\\/\\\/www.tablaosflamencos.com\\\/it#\\\/schema\\\/person\\\/e7a9ebe14eb75a52ceabfbffb3c54f5d\"},\"headline\":\"Come sar\u00e0 l\u2019inaugurazione della Biennale di Flamenco di Siviglia 2026\",\"datePublished\":\"2026-09-01T09:41:25+00:00\",\"dateModified\":\"2026-09-01T09:59:03+00:00\",\"mainEntityOfPage\":{\"@id\":\"https:\\\/\\\/www.tablaosflamencos.com\\\/it\\\/inaugurazione-biennale-flamenco-siviglia-2026.html\"},\"wordCount\":2518,\"publisher\":{\"@id\":\"https:\\\/\\\/www.tablaosflamencos.com\\\/it#organization\"},\"image\":{\"@id\":\"https:\\\/\\\/www.tablaosflamencos.com\\\/it\\\/inaugurazione-biennale-flamenco-siviglia-2026.html#primaryimage\"},\"thumbnailUrl\":\"https:\\\/\\\/www.tablaosflamencos.com\\\/wp-content\\\/uploads\\\/como-sera-la-inauguracion-de-la-bienal-de-flamenco-de-sevilla-2026-01.webp\",\"keywords\":[\"Ana Morales\",\"Biennale 2026\",\"Biennale di Flamenco\",\"Ecos primitivos\",\"flamenco a Siviglia\",\"Segundo Falc\u00f3n\",\"Siviglia\"],\"articleSection\":[\"Biennale di Flamenco\",\"Notizie \\\/ Attualit\u00e0\"],\"inLanguage\":\"it-IT\"},{\"@type\":\"WebPage\",\"@id\":\"https:\\\/\\\/www.tablaosflamencos.com\\\/it\\\/inaugurazione-biennale-flamenco-siviglia-2026.html\",\"url\":\"https:\\\/\\\/www.tablaosflamencos.com\\\/it\\\/inaugurazione-biennale-flamenco-siviglia-2026.html\",\"name\":\"Inaugurazione Biennale di Flamenco Siviglia 2026 | Guida\",\"isPartOf\":{\"@id\":\"https:\\\/\\\/www.tablaosflamencos.com\\\/it#website\"},\"primaryImageOfPage\":{\"@id\":\"https:\\\/\\\/www.tablaosflamencos.com\\\/it\\\/inaugurazione-biennale-flamenco-siviglia-2026.html#primaryimage\"},\"image\":{\"@id\":\"https:\\\/\\\/www.tablaosflamencos.com\\\/it\\\/inaugurazione-biennale-flamenco-siviglia-2026.html#primaryimage\"},\"thumbnailUrl\":\"https:\\\/\\\/www.tablaosflamencos.com\\\/wp-content\\\/uploads\\\/como-sera-la-inauguracion-de-la-bienal-de-flamenco-de-sevilla-2026-01.webp\",\"datePublished\":\"2026-09-01T09:41:25+00:00\",\"dateModified\":\"2026-09-01T09:59:03+00:00\",\"description\":\"Scopri come sar\u00e0 l\u2019inaugurazione della Biennale di Flamenco di Siviglia 2026: Ecos primitivos, artisti, cantes, orario, Plaza de San Francisco e messa in scena immersiva.\",\"breadcrumb\":{\"@id\":\"https:\\\/\\\/www.tablaosflamencos.com\\\/it\\\/inaugurazione-biennale-flamenco-siviglia-2026.html#breadcrumb\"},\"inLanguage\":\"it-IT\",\"potentialAction\":[{\"@type\":\"ReadAction\",\"target\":[\"https:\\\/\\\/www.tablaosflamencos.com\\\/it\\\/inaugurazione-biennale-flamenco-siviglia-2026.html\"]}]},{\"@type\":\"ImageObject\",\"inLanguage\":\"it-IT\",\"@id\":\"https:\\\/\\\/www.tablaosflamencos.com\\\/it\\\/inaugurazione-biennale-flamenco-siviglia-2026.html#primaryimage\",\"url\":\"https:\\\/\\\/www.tablaosflamencos.com\\\/wp-content\\\/uploads\\\/como-sera-la-inauguracion-de-la-bienal-de-flamenco-de-sevilla-2026-01.webp\",\"contentUrl\":\"https:\\\/\\\/www.tablaosflamencos.com\\\/wp-content\\\/uploads\\\/como-sera-la-inauguracion-de-la-bienal-de-flamenco-de-sevilla-2026-01.webp\",\"width\":1920,\"height\":1072,\"caption\":\"C\u00f3mo ser\u00e1 la inauguraci\u00f3n de la Bienal de Flamenco de Sevilla 2026\"},{\"@type\":\"BreadcrumbList\",\"@id\":\"https:\\\/\\\/www.tablaosflamencos.com\\\/it\\\/inaugurazione-biennale-flamenco-siviglia-2026.html#breadcrumb\",\"itemListElement\":[{\"@type\":\"ListItem\",\"position\":1,\"name\":\"Home\",\"item\":\"https:\\\/\\\/www.tablaosflamencos.com\\\/it\"},{\"@type\":\"ListItem\",\"position\":2,\"name\":\"Come sar\u00e0 l\u2019inaugurazione della Biennale di Flamenco di Siviglia 2026\"}]},{\"@type\":\"WebSite\",\"@id\":\"https:\\\/\\\/www.tablaosflamencos.com\\\/it#website\",\"url\":\"https:\\\/\\\/www.tablaosflamencos.com\\\/it\",\"name\":\"Tablaos Flamencos\",\"description\":\"Entradas para tablaos flamencos de Espa\u00f1a\",\"publisher\":{\"@id\":\"https:\\\/\\\/www.tablaosflamencos.com\\\/it#organization\"},\"alternateName\":\"Tablaos Flamencos\",\"potentialAction\":[{\"@type\":\"SearchAction\",\"target\":{\"@type\":\"EntryPoint\",\"urlTemplate\":\"https:\\\/\\\/www.tablaosflamencos.com\\\/it?s={search_term_string}\"},\"query-input\":{\"@type\":\"PropertyValueSpecification\",\"valueRequired\":true,\"valueName\":\"search_term_string\"}}],\"inLanguage\":\"it-IT\"},{\"@type\":[\"Organization\",\"Place\",\"EntertainmentBusiness\"],\"@id\":\"https:\\\/\\\/www.tablaosflamencos.com\\\/it#organization\",\"name\":\"Tablaos Flamencos\",\"alternateName\":\"Tablaos Flamencos\",\"url\":\"https:\\\/\\\/www.tablaosflamencos.com\\\/it\",\"logo\":{\"@id\":\"https:\\\/\\\/www.tablaosflamencos.com\\\/it\\\/inaugurazione-biennale-flamenco-siviglia-2026.html#local-main-organization-logo\"},\"image\":{\"@id\":\"https:\\\/\\\/www.tablaosflamencos.com\\\/it\\\/inaugurazione-biennale-flamenco-siviglia-2026.html#local-main-organization-logo\"},\"sameAs\":[\"https:\\\/\\\/www.facebook.com\\\/tablaosflamencos\",\"https:\\\/\\\/x.com\\\/tablaosflamenco\",\"https:\\\/\\\/mastodon.social\\\/@tablaosflamencos\",\"https:\\\/\\\/www.instagram.com\\\/tablaosflamencos\",\"https:\\\/\\\/tiktok.com\\\/@tablaosflamencos\",\"https:\\\/\\\/www.linkedin.com\\\/company\\\/109408238\\\/\"],\"description\":\"Venta de entradas para espect\u00e1culos flamencos\",\"legalName\":\"Tablaos Flamencos\",\"foundingDate\":\"2015-01-01\",\"numberOfEmployees\":{\"@type\":\"QuantitativeValue\",\"minValue\":\"1\",\"maxValue\":\"10\"},\"address\":{\"@id\":\"https:\\\/\\\/www.tablaosflamencos.com\\\/it\\\/inaugurazione-biennale-flamenco-siviglia-2026.html#local-main-place-address\"},\"geo\":{\"@type\":\"GeoCoordinates\",\"latitude\":\"37.3868072\",\"longitude\":\"-5.993280299999999\"},\"telephone\":[\"+34623787787\"],\"contactPoint\":{\"@type\":\"ContactPoint\",\"telephone\":\"+34623787787\",\"email\":\"info@tablaosflamencos.com\"},\"openingHoursSpecification\":{\"@type\":\"OpeningHoursSpecification\",\"dayOfWeek\":[\"Monday\",\"Tuesday\",\"Wednesday\",\"Thursday\",\"Friday\",\"Saturday\",\"Sunday\"],\"opens\":\"00:00\",\"closes\":\"23:59\"},\"email\":\"info@tablaosflamencos.com\",\"priceRange\":\"$$$\",\"currenciesAccepted\":\"\u20ac\"},{\"@type\":\"Person\",\"@id\":\"https:\\\/\\\/www.tablaosflamencos.com\\\/it#\\\/schema\\\/person\\\/e7a9ebe14eb75a52ceabfbffb3c54f5d\",\"name\":\"Miguel Ortiz\",\"description\":\"Miguel Ortiz es un empresario flamenco, con una s\u00f3lida trayectoria dentro del sector. Ha presidido entidades culturales vinculadas al flamenco y, cuenta con un amplio recorrido profesional en la gesti\u00f3n y promoci\u00f3n de espect\u00e1culos y tablaos flamencos. Su pasi\u00f3n por la historia y el arte flamenco se refleja en cada art\u00edculo, donde combina experiencia, criterio y un profundo respeto por la tradici\u00f3n.\",\"sameAs\":[\"https:\\\/\\\/www.tablaosflamencos.com\",\"https:\\\/\\\/www.instagra.com\\\/miguelortizfe\",\"https:\\\/\\\/www.linkedin.com\\\/in\\\/miguelortizf\\\/\"],\"birthDate\":\"1984-11-22\",\"gender\":\"hombre\",\"knowsLanguage\":[\"espa\u00f1ol\",\"ingl\u00e9s\"],\"jobTitle\":\"Empresario flamenco\"},{\"@type\":\"PostalAddress\",\"@id\":\"https:\\\/\\\/www.tablaosflamencos.com\\\/it\\\/inaugurazione-biennale-flamenco-siviglia-2026.html#local-main-place-address\",\"streetAddress\":\"C\\\/ Alemanes, 19\",\"addressLocality\":\"Sevilla\",\"postalCode\":\"41004\",\"addressRegion\":\"Sevilla\",\"addressCountry\":\"ES\"},{\"@type\":\"ImageObject\",\"inLanguage\":\"it-IT\",\"@id\":\"https:\\\/\\\/www.tablaosflamencos.com\\\/it\\\/inaugurazione-biennale-flamenco-siviglia-2026.html#local-main-organization-logo\",\"url\":\"https:\\\/\\\/www.tablaosflamencos.com\\\/wp-content\\\/uploads\\\/tablaos-flamencos-06-3.webp\",\"contentUrl\":\"https:\\\/\\\/www.tablaosflamencos.com\\\/wp-content\\\/uploads\\\/tablaos-flamencos-06-3.webp\",\"width\":600,\"height\":620,\"caption\":\"Tablaos Flamencos\"}]}<\/script>\n<meta name=\"geo.placename\" content=\"Sevilla\" \/>\n<meta name=\"geo.position\" content=\"37.3868072;-5.993280299999999\" \/>\n<meta name=\"geo.region\" content=\"Spagna\" \/>\n<!-- \/ Yoast SEO Premium plugin. -->","yoast_head_json":{"title":"Inaugurazione Biennale di Flamenco Siviglia 2026 | Guida","description":"Scopri come sar\u00e0 l\u2019inaugurazione della Biennale di Flamenco di Siviglia 2026: Ecos primitivos, artisti, cantes, orario, Plaza de San Francisco e messa in scena immersiva.","robots":{"index":"index","follow":"follow","max-snippet":"max-snippet:-1","max-image-preview":"max-image-preview:large","max-video-preview":"max-video-preview:-1"},"canonical":"https:\/\/www.tablaosflamencos.com\/it\/inaugurazione-biennale-flamenco-siviglia-2026.html","og_locale":"it_IT","og_type":"article","og_title":"Come sar\u00e0 l\u2019inaugurazione della Biennale di Flamenco di Siviglia 2026","og_description":"Scopri come sar\u00e0 l\u2019inaugurazione della Biennale di Flamenco di Siviglia 2026: Ecos primitivos, artisti, cantes, orario, Plaza de San Francisco e messa in scena immersiva.","og_url":"https:\/\/www.tablaosflamencos.com\/it\/inaugurazione-biennale-flamenco-siviglia-2026.html","og_site_name":"Tablaos Flamencos","article_publisher":"https:\/\/www.facebook.com\/tablaosflamencos","article_published_time":"2026-09-01T09:41:25+00:00","article_modified_time":"2026-09-01T09:59:03+00:00","og_image":[{"width":1920,"height":1072,"url":"https:\/\/www.tablaosflamencos.com\/wp-content\/uploads\/como-sera-la-inauguracion-de-la-bienal-de-flamenco-de-sevilla-2026-01.webp","type":"image\/webp"}],"author":"Miguel Ortiz","twitter_card":"summary_large_image","twitter_creator":"@tablaosflamenco","twitter_site":"@tablaosflamenco","twitter_misc":{"Scritto da":"Miguel Ortiz","Tempo di lettura stimato":"13 minuti"},"schema":{"@context":"https:\/\/schema.org","@graph":[{"@type":"Article","@id":"https:\/\/www.tablaosflamencos.com\/it\/inaugurazione-biennale-flamenco-siviglia-2026.html#article","isPartOf":{"@id":"https:\/\/www.tablaosflamencos.com\/it\/inaugurazione-biennale-flamenco-siviglia-2026.html"},"author":{"name":"Miguel Ortiz","@id":"https:\/\/www.tablaosflamencos.com\/it#\/schema\/person\/e7a9ebe14eb75a52ceabfbffb3c54f5d"},"headline":"Come sar\u00e0 l\u2019inaugurazione della Biennale di Flamenco di Siviglia 2026","datePublished":"2026-09-01T09:41:25+00:00","dateModified":"2026-09-01T09:59:03+00:00","mainEntityOfPage":{"@id":"https:\/\/www.tablaosflamencos.com\/it\/inaugurazione-biennale-flamenco-siviglia-2026.html"},"wordCount":2518,"publisher":{"@id":"https:\/\/www.tablaosflamencos.com\/it#organization"},"image":{"@id":"https:\/\/www.tablaosflamencos.com\/it\/inaugurazione-biennale-flamenco-siviglia-2026.html#primaryimage"},"thumbnailUrl":"https:\/\/www.tablaosflamencos.com\/wp-content\/uploads\/como-sera-la-inauguracion-de-la-bienal-de-flamenco-de-sevilla-2026-01.webp","keywords":["Ana Morales","Biennale 2026","Biennale di Flamenco","Ecos primitivos","flamenco a Siviglia","Segundo Falc\u00f3n","Siviglia"],"articleSection":["Biennale di Flamenco","Notizie \/ Attualit\u00e0"],"inLanguage":"it-IT"},{"@type":"WebPage","@id":"https:\/\/www.tablaosflamencos.com\/it\/inaugurazione-biennale-flamenco-siviglia-2026.html","url":"https:\/\/www.tablaosflamencos.com\/it\/inaugurazione-biennale-flamenco-siviglia-2026.html","name":"Inaugurazione Biennale di Flamenco Siviglia 2026 | Guida","isPartOf":{"@id":"https:\/\/www.tablaosflamencos.com\/it#website"},"primaryImageOfPage":{"@id":"https:\/\/www.tablaosflamencos.com\/it\/inaugurazione-biennale-flamenco-siviglia-2026.html#primaryimage"},"image":{"@id":"https:\/\/www.tablaosflamencos.com\/it\/inaugurazione-biennale-flamenco-siviglia-2026.html#primaryimage"},"thumbnailUrl":"https:\/\/www.tablaosflamencos.com\/wp-content\/uploads\/como-sera-la-inauguracion-de-la-bienal-de-flamenco-de-sevilla-2026-01.webp","datePublished":"2026-09-01T09:41:25+00:00","dateModified":"2026-09-01T09:59:03+00:00","description":"Scopri come sar\u00e0 l\u2019inaugurazione della Biennale di Flamenco di Siviglia 2026: Ecos primitivos, artisti, cantes, orario, Plaza de San Francisco e messa in scena immersiva.","breadcrumb":{"@id":"https:\/\/www.tablaosflamencos.com\/it\/inaugurazione-biennale-flamenco-siviglia-2026.html#breadcrumb"},"inLanguage":"it-IT","potentialAction":[{"@type":"ReadAction","target":["https:\/\/www.tablaosflamencos.com\/it\/inaugurazione-biennale-flamenco-siviglia-2026.html"]}]},{"@type":"ImageObject","inLanguage":"it-IT","@id":"https:\/\/www.tablaosflamencos.com\/it\/inaugurazione-biennale-flamenco-siviglia-2026.html#primaryimage","url":"https:\/\/www.tablaosflamencos.com\/wp-content\/uploads\/como-sera-la-inauguracion-de-la-bienal-de-flamenco-de-sevilla-2026-01.webp","contentUrl":"https:\/\/www.tablaosflamencos.com\/wp-content\/uploads\/como-sera-la-inauguracion-de-la-bienal-de-flamenco-de-sevilla-2026-01.webp","width":1920,"height":1072,"caption":"C\u00f3mo ser\u00e1 la inauguraci\u00f3n de la Bienal de Flamenco de Sevilla 2026"},{"@type":"BreadcrumbList","@id":"https:\/\/www.tablaosflamencos.com\/it\/inaugurazione-biennale-flamenco-siviglia-2026.html#breadcrumb","itemListElement":[{"@type":"ListItem","position":1,"name":"Home","item":"https:\/\/www.tablaosflamencos.com\/it"},{"@type":"ListItem","position":2,"name":"Come sar\u00e0 l\u2019inaugurazione della Biennale di Flamenco di Siviglia 2026"}]},{"@type":"WebSite","@id":"https:\/\/www.tablaosflamencos.com\/it#website","url":"https:\/\/www.tablaosflamencos.com\/it","name":"Tablaos Flamencos","description":"Entradas para tablaos flamencos de Espa\u00f1a","publisher":{"@id":"https:\/\/www.tablaosflamencos.com\/it#organization"},"alternateName":"Tablaos Flamencos","potentialAction":[{"@type":"SearchAction","target":{"@type":"EntryPoint","urlTemplate":"https:\/\/www.tablaosflamencos.com\/it?s={search_term_string}"},"query-input":{"@type":"PropertyValueSpecification","valueRequired":true,"valueName":"search_term_string"}}],"inLanguage":"it-IT"},{"@type":["Organization","Place","EntertainmentBusiness"],"@id":"https:\/\/www.tablaosflamencos.com\/it#organization","name":"Tablaos Flamencos","alternateName":"Tablaos Flamencos","url":"https:\/\/www.tablaosflamencos.com\/it","logo":{"@id":"https:\/\/www.tablaosflamencos.com\/it\/inaugurazione-biennale-flamenco-siviglia-2026.html#local-main-organization-logo"},"image":{"@id":"https:\/\/www.tablaosflamencos.com\/it\/inaugurazione-biennale-flamenco-siviglia-2026.html#local-main-organization-logo"},"sameAs":["https:\/\/www.facebook.com\/tablaosflamencos","https:\/\/x.com\/tablaosflamenco","https:\/\/mastodon.social\/@tablaosflamencos","https:\/\/www.instagram.com\/tablaosflamencos","https:\/\/tiktok.com\/@tablaosflamencos","https:\/\/www.linkedin.com\/company\/109408238\/"],"description":"Venta de entradas para espect\u00e1culos flamencos","legalName":"Tablaos Flamencos","foundingDate":"2015-01-01","numberOfEmployees":{"@type":"QuantitativeValue","minValue":"1","maxValue":"10"},"address":{"@id":"https:\/\/www.tablaosflamencos.com\/it\/inaugurazione-biennale-flamenco-siviglia-2026.html#local-main-place-address"},"geo":{"@type":"GeoCoordinates","latitude":"37.3868072","longitude":"-5.993280299999999"},"telephone":["+34623787787"],"contactPoint":{"@type":"ContactPoint","telephone":"+34623787787","email":"info@tablaosflamencos.com"},"openingHoursSpecification":{"@type":"OpeningHoursSpecification","dayOfWeek":["Monday","Tuesday","Wednesday","Thursday","Friday","Saturday","Sunday"],"opens":"00:00","closes":"23:59"},"email":"info@tablaosflamencos.com","priceRange":"$$$","currenciesAccepted":"\u20ac"},{"@type":"Person","@id":"https:\/\/www.tablaosflamencos.com\/it#\/schema\/person\/e7a9ebe14eb75a52ceabfbffb3c54f5d","name":"Miguel Ortiz","description":"Miguel Ortiz es un empresario flamenco, con una s\u00f3lida trayectoria dentro del sector. Ha presidido entidades culturales vinculadas al flamenco y, cuenta con un amplio recorrido profesional en la gesti\u00f3n y promoci\u00f3n de espect\u00e1culos y tablaos flamencos. Su pasi\u00f3n por la historia y el arte flamenco se refleja en cada art\u00edculo, donde combina experiencia, criterio y un profundo respeto por la tradici\u00f3n.","sameAs":["https:\/\/www.tablaosflamencos.com","https:\/\/www.instagra.com\/miguelortizfe","https:\/\/www.linkedin.com\/in\/miguelortizf\/"],"birthDate":"1984-11-22","gender":"hombre","knowsLanguage":["espa\u00f1ol","ingl\u00e9s"],"jobTitle":"Empresario flamenco"},{"@type":"PostalAddress","@id":"https:\/\/www.tablaosflamencos.com\/it\/inaugurazione-biennale-flamenco-siviglia-2026.html#local-main-place-address","streetAddress":"C\/ Alemanes, 19","addressLocality":"Sevilla","postalCode":"41004","addressRegion":"Sevilla","addressCountry":"ES"},{"@type":"ImageObject","inLanguage":"it-IT","@id":"https:\/\/www.tablaosflamencos.com\/it\/inaugurazione-biennale-flamenco-siviglia-2026.html#local-main-organization-logo","url":"https:\/\/www.tablaosflamencos.com\/wp-content\/uploads\/tablaos-flamencos-06-3.webp","contentUrl":"https:\/\/www.tablaosflamencos.com\/wp-content\/uploads\/tablaos-flamencos-06-3.webp","width":600,"height":620,"caption":"Tablaos Flamencos"}]},"geo.placename":"Sevilla","geo.position":{"lat":"37.3868072","long":"-5.993280299999999"},"geo.region":"Spagna"},"_links":{"self":[{"href":"https:\/\/www.tablaosflamencos.com\/it\/wp-json\/wp\/v2\/posts\/13836","targetHints":{"allow":["GET"]}}],"collection":[{"href":"https:\/\/www.tablaosflamencos.com\/it\/wp-json\/wp\/v2\/posts"}],"about":[{"href":"https:\/\/www.tablaosflamencos.com\/it\/wp-json\/wp\/v2\/types\/post"}],"author":[{"embeddable":true,"href":"https:\/\/www.tablaosflamencos.com\/it\/wp-json\/wp\/v2\/users\/1"}],"replies":[{"embeddable":true,"href":"https:\/\/www.tablaosflamencos.com\/it\/wp-json\/wp\/v2\/comments?post=13836"}],"version-history":[{"count":1,"href":"https:\/\/www.tablaosflamencos.com\/it\/wp-json\/wp\/v2\/posts\/13836\/revisions"}],"predecessor-version":[{"id":13837,"href":"https:\/\/www.tablaosflamencos.com\/it\/wp-json\/wp\/v2\/posts\/13836\/revisions\/13837"}],"wp:featuredmedia":[{"embeddable":true,"href":"https:\/\/www.tablaosflamencos.com\/it\/wp-json\/wp\/v2\/media\/13829"}],"wp:attachment":[{"href":"https:\/\/www.tablaosflamencos.com\/it\/wp-json\/wp\/v2\/media?parent=13836"}],"wp:term":[{"taxonomy":"category","embeddable":true,"href":"https:\/\/www.tablaosflamencos.com\/it\/wp-json\/wp\/v2\/categories?post=13836"},{"taxonomy":"post_tag","embeddable":true,"href":"https:\/\/www.tablaosflamencos.com\/it\/wp-json\/wp\/v2\/tags?post=13836"}],"curies":[{"name":"wp","href":"https:\/\/api.w.org\/{rel}","templated":true}]}}