{"id":13748,"date":"2026-08-31T19:52:12","date_gmt":"2026-08-31T17:52:12","guid":{"rendered":"https:\/\/www.tablaosflamencos.com\/?p=13748"},"modified":"2026-08-31T20:17:27","modified_gmt":"2026-08-31T18:17:27","slug":"sara-baras-siviglia-2026-infinita-biennale","status":"publish","type":"post","link":"https:\/\/www.tablaosflamencos.com\/it\/sara-baras-siviglia-2026-infinita-biennale.html","title":{"rendered":"Sara Baras a Siviglia nel 2026: Infinita e il suo ritorno alla Biennale"},"content":{"rendered":"<section class=\"l-section wpb_row height_huge\"><div class=\"l-section-h i-cf\"><div class=\"g-cols vc_row via_flex valign_top type_default stacking_default\"><div class=\"vc_col-sm-6 wpb_column vc_column_container\"><div class=\"vc_column-inner\"><div class=\"wpb_wrapper\"><div class=\"wpb_text_column\"><div class=\"wpb_wrapper\"><h2>Sara Baras torna alla Biennale di Siviglia quattordici anni dopo<\/h2>\n<p><strong>Sara Baras torna alla Biennale di Flamenco di Siviglia nel 2026<\/strong> con uno degli eventi pi\u00f9 attesi della XXIV edizione: la <strong>prima assoluta di <em>Infinita<\/em><\/strong>, il suo ventesimo spettacolo e una dichiarazione d\u2019amore all\u2019Andalusia costruita attraverso la danza, la memoria, il folklore e l\u2019identit\u00e0 delle sue otto province.<\/p>\n<p>La bailaora gaditana salir\u00e0 sul palco del <strong>Teatro de la Maestranza l\u201911, 12 e 13 settembre 2026, sempre alle 20:00<\/strong>. Non \u00e8 una visita qualunque. La Biennale ha presentato questo ritorno come una delle grandi notizie dell\u2019edizione e come l\u2019apertura della programmazione del Maestranza all\u2019interno del festival, oltre che come avvio della stagione teatrale.<\/p>\n<p>Il dato che d\u00e0 la vera misura del ricongiungimento \u00e8 il tempo trascorso: <strong>quattordici anni dalla sua ultima Biennale<\/strong>. Nel 2012 port\u00f2 sullo stesso palcoscenico <em>La Pepa<\/em>, anch\u2019essa per tre serate, e allora andarono esauriti tutti i 5.100 posti messi in vendita.<\/p>\n<\/div><\/div><\/div><\/div><\/div><div class=\"vc_col-sm-6 wpb_column vc_column_container\"><div class=\"vc_column-inner\"><div class=\"wpb_wrapper\"><div class=\"wpb_text_column\"><div class=\"wpb_wrapper\"><p style=\"text-align: center; font-size: 58px; line-height: 1; margin-bottom: 10px;\"><strong>14<\/strong><\/p>\n<h3 style=\"text-align: center;\">anni dopo<\/h3>\n<p style=\"text-align: center;\"><strong>11, 12 e 13 settembre 2026<\/strong><\/p>\n<p style=\"text-align: center;\">20:00 \u00b7 Teatro de la Maestranza<\/p>\n<p style=\"text-align: center;\"><strong>Prima assoluta di <em>Infinita<\/em><\/strong><\/p>\n<p style=\"text-align: center;\">Regia, testo e coreografia: Sara Baras<\/p>\n<p style=\"text-align: center;\">Musica originale: Keko Baldomero<\/p>\n<\/div><\/div><\/div><\/div><\/div><\/div><\/div><\/section><section class=\"l-section wpb_row height_huge color_alternate with_shape\"><div class=\"l-section-shape type_zigzag pos_top\" style=\"height:3vmin;\"><svg xmlns=\"http:\/\/www.w3.org\/2000\/svg\" viewBox=\"0 0 64 8\" preserveAspectRatio=\"none\" width=\"100%\" height=\"100%\">\r\n\t<path fill=\"currentColor\" d=\"M64 8 L0 8 L0 0 L20 7.9 L40 3 L48 5 L64 0 Z\"\/>\r\n<\/svg><\/div><div class=\"l-section-shape type_zigzag pos_bottom\" style=\"height:3vmin;\"><svg xmlns=\"http:\/\/www.w3.org\/2000\/svg\" viewBox=\"0 0 64 8\" preserveAspectRatio=\"none\" width=\"100%\" height=\"100%\">\r\n\t<path fill=\"currentColor\" d=\"M64 8 L0 8 L0 0 L20 7.9 L40 3 L48 5 L64 0 Z\"\/>\r\n<\/svg><\/div><div class=\"l-section-h i-cf\"><div class=\"g-cols vc_row via_flex valign_top type_default stacking_default\"><div class=\"vc_col-sm-12 wpb_column vc_column_container\"><div class=\"vc_column-inner\"><div class=\"wpb_wrapper\"><div class=\"wpb_text_column\"><div class=\"wpb_wrapper\"><blockquote>\n<p><strong>Risposta rapida:<\/strong> Sara Baras presenta <em>Infinita<\/em> alla Biennale di Flamenco di Siviglia nei giorni <strong>11, 12 e 13 settembre 2026 alle 20:00<\/strong> al Teatro de la Maestranza. \u00c8 una prima assoluta creata per la Biennale, un omaggio all\u2019Andalusia attraverso otto donne che rappresentano le sue otto province e segna il ritorno dell\u2019artista al festival quattordici anni dopo <em>La Pepa<\/em> (2012).<\/p>\n<\/blockquote>\n<p><strong>Ultimo aggiornamento: 31 agosto 2026.<\/strong> Tutte e tre le recite di <em>Infinita<\/em> figurano tra gli spettacoli esauriti di questa edizione. La disponibilit\u00e0 pu\u00f2 cambiare se vengono liberati dei posti, quindi conviene controllare sempre i canali ufficiali.<\/p>\n<\/div><\/div><div class=\"w-separator size_medium\"><\/div><div class=\"w-hwrapper valign_top wrap stack_on_mobiles align_center\" style=\"--hwrapper-gap:1.2rem\"><div class=\"w-btn-wrapper align_none\"><a class=\"w-btn us-btn-style_1\" href=\"https:\/\/www.tablaosflamencos.com\/it\/biennale-flamenco-siviglia-2026.html\"><span class=\"w-btn-label\">Guida completa alla Biennale 2026<\/span><\/a><\/div><div class=\"w-btn-wrapper align_none\"><a class=\"w-btn us-btn-style_1\" href=\"https:\/\/www.labienal.com\/programa-general\/teatro-de-la-maestranza\/sara-baras\"><span class=\"w-btn-label\">Vedi la pagina ufficiale di Infinita<\/span><\/a><\/div><\/div><\/div><\/div><\/div><\/div><\/div><\/section><section class=\"l-section wpb_row height_huge\"><div class=\"l-section-h i-cf\"><div class=\"g-cols vc_row via_flex valign_top type_default stacking_default\"><div class=\"vc_col-sm-1\/5 wpb_column vc_column_container\"><div class=\"vc_column-inner\"><div class=\"wpb_wrapper\"><\/div><\/div><\/div><div class=\"vc_col-sm-3\/5 wpb_column vc_column_container\"><div class=\"vc_column-inner\"><div class=\"wpb_wrapper\"><div class=\"wpb_text_column\"><div class=\"wpb_wrapper\"><h2>Contenuto di questa guida<\/h2>\n<ul>\n<li><a href=\"#regreso-bienal\">Il ritorno di Sara Baras alla Biennale<\/a><\/li>\n<li><a href=\"#fechas-infinita\">Date, orario e luogo di Infinita<\/a><\/li>\n<li><a href=\"#que-es-infinita\">Cos\u2019\u00e8 Infinita<\/a><\/li>\n<li><a href=\"#ocho-provincias\">Otto donne per le otto province andaluse<\/a><\/li>\n<li><a href=\"#flamenco-folclore\">Dal folklore al flamenco: i paesaggi musicali<\/a><\/li>\n<li><a href=\"#equipo-artistico\">Regia, coreografia e musica originale<\/a><\/li>\n<li><a href=\"#sara-baras-bienal\">Sara Baras e la Biennale: dal 1994 al 2026<\/a><\/li>\n<li><a href=\"#entradas-infinita\">Biglietti, prezzi e recite esaurite<\/a><\/li>\n<li><a href=\"#maestranza-infinita\">Perch\u00e9 il Maestranza \u00e8 il palcoscenico del ritorno<\/a><\/li>\n<li><a href=\"#despues-sevilla\">Dove vedere Infinita dopo Siviglia<\/a><\/li>\n<li><a href=\"#faq-infinita\">Domande frequenti<\/a><\/li>\n<\/ul>\n<\/div><\/div><\/div><\/div><\/div><div class=\"vc_col-sm-1\/5 wpb_column vc_column_container\"><div class=\"vc_column-inner\"><div class=\"wpb_wrapper\"><\/div><\/div><\/div><\/div><\/div><\/section><section class=\"l-section wpb_row height_huge color_alternate with_shape\"><div class=\"l-section-shape type_zigzag pos_top\" style=\"height:3vmin;\"><svg xmlns=\"http:\/\/www.w3.org\/2000\/svg\" viewBox=\"0 0 64 8\" preserveAspectRatio=\"none\" width=\"100%\" height=\"100%\">\r\n\t<path fill=\"currentColor\" d=\"M64 8 L0 8 L0 0 L20 7.9 L40 3 L48 5 L64 0 Z\"\/>\r\n<\/svg><\/div><div class=\"l-section-shape type_zigzag pos_bottom\" style=\"height:3vmin;\"><svg xmlns=\"http:\/\/www.w3.org\/2000\/svg\" viewBox=\"0 0 64 8\" preserveAspectRatio=\"none\" width=\"100%\" height=\"100%\">\r\n\t<path fill=\"currentColor\" d=\"M64 8 L0 8 L0 0 L20 7.9 L40 3 L48 5 L64 0 Z\"\/>\r\n<\/svg><\/div><div class=\"l-section-h i-cf\"><div class=\"g-cols vc_row via_flex valign_top type_default stacking_default\"><div class=\"vc_col-sm-6 wpb_column vc_column_container\"><div class=\"vc_column-inner\"><div class=\"wpb_wrapper\"><div class=\"wpb_text_column\"><div class=\"wpb_wrapper\"><h2 id=\"regreso-bienal\">Il ritorno di Sara Baras alla Biennale: perch\u00e9 \u00e8 una delle grandi notizie del 2026<\/h2>\n<p>Quando a febbraio \u00e8 stata presentata la programmazione della XXIV Biennale, il nome di Sara Baras era legato a un\u2019idea che andava ben oltre una grande produzione: <strong>il ritorno di una delle figure internazionali della danza flamenca dopo quattordici anni di assenza<\/strong>.<\/p>\n<p>L\u2019organizzazione ha trasformato questo ricongiungimento in uno degli assi simbolici dell\u2019edizione. <em>Infinita<\/em> non arriva a Siviglia dopo essere stato presentato in un altro teatro n\u00e9 come una tappa in pi\u00f9 di una tourn\u00e9e. <strong>Nasce per la Biennale e qui avr\u00e0 la sua prima assoluta.<\/strong><\/p>\n<p>Questo carattere di creazione esclusiva \u00e8 importante. La Biennale 2026 vuole che gran parte della programmazione sia vissuta come un evento e non soltanto come una successione di spettacoli. Nel caso di Sara Baras, la scelta \u00e8 rafforzata da tre recite consecutive nella Sala Principale del Teatro de la Maestranza.<\/p>\n<\/div><\/div><\/div><\/div><\/div><div class=\"vc_col-sm-6 wpb_column vc_column_container\"><div class=\"vc_column-inner\"><div class=\"wpb_wrapper\"><div class=\"wpb_text_column\"><div class=\"wpb_wrapper\"><h2>Un ritorno carico di memoria: da <em>La Pepa<\/em> a <em>Infinita<\/em><\/h2>\n<p>L\u2019ultima volta che Sara Baras partecip\u00f2 alla Biennale fu nel <strong>settembre 2012<\/strong>. Present\u00f2 <em>La Pepa<\/em>, uno spettacolo ispirato alla Costituzione di Cadice del 1812, di cui si era appena celebrato il bicentenario.<\/p>\n<p>Anche allora il Maestranza riserv\u00f2 tre serate alla compagnia: <strong>14, 15 e 16 settembre 2012<\/strong>. I 5.100 posti disponibili per quelle recite andarono esauriti.<\/p>\n<p>Il confronto con il 2026 \u00e8 inevitabile. Quattordici anni dopo torna nello stesso teatro, di nuovo per tre giorni e di nuovo con una domanda che ha portato al tutto esaurito prima dell\u2019inizio della Biennale. Ma il punto di partenza artistico \u00e8 molto diverso: se <em>La Pepa<\/em> guardava a un preciso episodio storico, <em>Infinita<\/em> rivolge lo sguardo verso <strong>l\u2019intera Andalusia, la maturit\u00e0 dell\u2019artista e l\u2019eredit\u00e0 che viaggia attraverso il flamenco<\/strong>.<\/p>\n<\/div><\/div><\/div><\/div><\/div><\/div><\/div><\/section><section class=\"l-section wpb_row height_huge\"><div class=\"l-section-h i-cf\"><div class=\"g-cols vc_row via_flex valign_top type_default stacking_default\"><div class=\"vc_col-sm-12 wpb_column vc_column_container\"><div class=\"vc_column-inner\"><div class=\"wpb_wrapper\"><div class=\"wpb_text_column\"><div class=\"wpb_wrapper\"><h2 id=\"fechas-infinita\">Sara Baras a Siviglia 2026: date, orario e Teatro de la Maestranza<\/h2>\n<div style=\"overflow-x: auto;\">\n<table>\n<thead>\n<tr>\n<th>Data<\/th>\n<th>Ora<\/th>\n<th>Spettacolo<\/th>\n<th>Luogo<\/th>\n<th>Situazione<\/th>\n<\/tr>\n<\/thead>\n<tbody>\n<tr>\n<td><strong>Venerd\u00ec 11 settembre<\/strong><\/td>\n<td>20:00<\/td>\n<td><em>Infinita<\/em> \u00b7 prima assoluta<\/td>\n<td>Teatro de la Maestranza<\/td>\n<td>Esaurito<\/td>\n<\/tr>\n<tr>\n<td><strong>Sabato 12 settembre<\/strong><\/td>\n<td>20:00<\/td>\n<td><em>Infinita<\/em><\/td>\n<td>Teatro de la Maestranza<\/td>\n<td>Esaurito<\/td>\n<\/tr>\n<tr>\n<td><strong>Domenica 13 settembre<\/strong><\/td>\n<td>20:00<\/td>\n<td><em>Infinita<\/em><\/td>\n<td>Teatro de la Maestranza<\/td>\n<td>Esaurito<\/td>\n<\/tr>\n<\/tbody>\n<\/table>\n<\/div>\n<p>&nbsp;<\/p>\n<p>Le tre recite fanno parte della <strong>XXIV Biennale di Flamenco di Siviglia<\/strong>, che si svolge dal 9 settembre al 3 ottobre. La recita dell\u201911 \u00e8 la prima assoluta dell\u2019opera e apre la programmazione del Teatro de la Maestranza all\u2019interno del festival.<\/p>\n<p>Prima, il <strong>10 settembre<\/strong>, la Biennale celebra la grande gala <em>El mundo por montera<\/em> nella Plaza de Toros della Real Maestranza. Per questo \u00e8 pi\u00f9 preciso intendere <em>Infinita<\/em> come il grande avvio scenico del Maestranza e uno degli eventi inaugurali dell\u2019edizione, non come la prima attivit\u00e0 cronologica dell\u2019intero festival.<\/p>\n<\/div><\/div><\/div><\/div><\/div><\/div><\/div><\/section><section class=\"l-section wpb_row height_huge color_alternate with_shape\"><div class=\"l-section-shape type_zigzag pos_top\" style=\"height:3vmin;\"><svg xmlns=\"http:\/\/www.w3.org\/2000\/svg\" viewBox=\"0 0 64 8\" preserveAspectRatio=\"none\" width=\"100%\" height=\"100%\">\r\n\t<path fill=\"currentColor\" d=\"M64 8 L0 8 L0 0 L20 7.9 L40 3 L48 5 L64 0 Z\"\/>\r\n<\/svg><\/div><div class=\"l-section-shape type_zigzag pos_bottom\" style=\"height:3vmin;\"><svg xmlns=\"http:\/\/www.w3.org\/2000\/svg\" viewBox=\"0 0 64 8\" preserveAspectRatio=\"none\" width=\"100%\" height=\"100%\">\r\n\t<path fill=\"currentColor\" d=\"M64 8 L0 8 L0 0 L20 7.9 L40 3 L48 5 L64 0 Z\"\/>\r\n<\/svg><\/div><div class=\"l-section-h i-cf\"><div class=\"g-cols vc_row via_flex valign_top type_default stacking_default\"><div class=\"vc_col-sm-6 wpb_column vc_column_container\"><div class=\"vc_column-inner\"><div class=\"wpb_wrapper\"><div class=\"wpb_text_column\"><div class=\"wpb_wrapper\"><h2 id=\"que-es-infinita\">Cos\u2019\u00e8 <em>Infinita<\/em>?<\/h2>\n<p><em>Infinita<\/em> parte da una domanda che la stessa Sara Baras pone nel presentare il progetto: <strong>come restituire alla terra tutto ci\u00f2 che quella terra ha dato a un\u2019artista<\/strong>.<\/p>\n<p>La risposta \u00e8 uno spettacolo dedicato all\u2019Andalusia. Non vuole costruire una guida letterale delle sue province n\u00e9 una raccolta di cartoline regionali. L\u2019impostazione \u00e8 pi\u00f9 scenica ed emotiva: osservare una terra attraverso le sue differenze e cercare il battito comune che le unisce.<\/p>\n<p>L\u2019opera \u00e8 inoltre il <strong>ventesimo spettacolo nella carriera della compagnia<\/strong>. Questo dato colloca la prima in un momento di bilancio e maturit\u00e0. Dopo decenni trascorsi a portare il flamenco sui palcoscenici internazionali, Baras usa ora la propria terra come materia creativa.<\/p>\n<p>La proposta lavora con danza, musica, scenografia, illuminazione e costumi per attraversare identit\u00e0, paesaggi, movimenti e memorie andaluse.<\/p>\n<\/div><\/div><\/div><\/div><\/div><div class=\"vc_col-sm-6 wpb_column vc_column_container\"><div class=\"vc_column-inner\"><div class=\"wpb_wrapper\"><div class=\"wpb_text_column\"><div class=\"wpb_wrapper\"><h2>Uno spettacolo sull\u2019Andalusia, ma anche sulla maturit\u00e0<\/h2>\n<p>Nelle interviste precedenti alla prima, Sara Baras ha collegato <em>Infinita<\/em> a una fase della vita in cui sente la danza in modo diverso. La maturit\u00e0 non appare come una rinuncia alla potenza fisica, ma come un modo di <strong>gestire l\u2019energia, ascoltare il corpo e decidere con maggiore consapevolezza dove collocare ogni gesto<\/strong>.<\/p>\n<p>Questo approccio \u00e8 coerente con la filosofia che l\u2019artista ha spiegato per lo spettacolo: dopo una vita dedicata al flamenco, l\u2019arte smette di essere intesa soltanto come esibizione e diventa sempre pi\u00f9 un atto di dono.<\/p>\n<p>Per questo <em>Infinita<\/em> pu\u00f2 essere letto su due scale. La prima \u00e8 collettiva: l\u2019Andalusia come territorio di otto identit\u00e0. La seconda \u00e8 personale: una bailaora che torna alla Biennale dopo quattordici anni e usa questo ritorno per chiedersi che cosa ha ricevuto e che cosa vuole restituire.<\/p>\n<\/div><\/div><\/div><\/div><\/div><\/div><\/div><\/section><section class=\"l-section wpb_row height_huge\"><div class=\"l-section-h i-cf\"><div class=\"g-cols vc_row via_flex valign_top type_default stacking_default\"><div class=\"vc_col-sm-6 wpb_column vc_column_container\"><div class=\"vc_column-inner\"><div class=\"wpb_wrapper\"><div class=\"wpb_text_column\"><div class=\"wpb_wrapper\"><h2 id=\"ocho-provincias\">Otto donne per le otto province andaluse<\/h2>\n<p>Il nucleo concettuale di <em>Infinita<\/em> \u00e8 costituito da <strong>otto donne che incarnano le otto province dell\u2019Andalusia<\/strong>. Ognuna possiede la propria personalit\u00e0, il proprio ritmo, il proprio paesaggio e il proprio modo di guardare.<\/p>\n<p>L\u2019idea evita di presentare l\u2019Andalusia come un\u2019identit\u00e0 uniforme. Cadice non \u00e8 Granada; Huelva non \u00e8 Ja\u00e9n; Almer\u00eda non \u00e8 Siviglia. Ci sono mare, montagna, campagna, frontiera, citt\u00e0, memoria rurale e molti accenti. La proposta vuole portare queste differenze sulla scena senza perdere il senso di appartenenza allo stesso territorio culturale.<\/p>\n<p>La donna \u00e8 il veicolo di questa rappresentazione. Non \u00e8 un elemento estraneo al percorso di Baras, che ha costruito spettacoli intorno a personaggi e universi femminili come <em>Juana la Loca<\/em>, <em>Mariana Pineda<\/em> o <em>Carmen<\/em>.<\/p>\n<\/div><\/div><\/div><\/div><\/div><div class=\"vc_col-sm-6 wpb_column vc_column_container\"><div class=\"vc_column-inner\"><div class=\"wpb_wrapper\"><div class=\"wpb_text_column\"><div class=\"wpb_wrapper\"><h2>Un\u2019Andalusia che non finisce ai suoi confini<\/h2>\n<p>Uno degli aspetti pi\u00f9 interessanti del progetto \u00e8 che l\u2019identit\u00e0 andalusa non viene concepita come qualcosa di chiuso. L\u2019esperienza internazionale della compagnia attraversa il concetto dell\u2019opera: <strong>le radici viaggiano<\/strong> e possono continuare a far parte di una persona anche lontano dal luogo d\u2019origine.<\/p>\n<p>Sara Baras si esibisce da decenni in Europa, America e Asia. Il suo modo di rappresentare l\u2019Andalusia si \u00e8 quindi costruito sia dall\u2019interno sia dalla distanza.<\/p>\n<p><em>Infinita<\/em> cerca di trasformare questa esperienza in linguaggio scenico. La terra appare come origine, ma anche come memoria portatile. Da qui la scelta di uno sguardo aperto al mondo invece di una rappresentazione folklorica chiusa su se stessa.<\/p>\n<\/div><\/div><\/div><\/div><\/div><\/div><\/div><\/section><section class=\"l-section wpb_row height_huge color_alternate with_shape\"><div class=\"l-section-shape type_zigzag pos_top\" style=\"height:3vmin;\"><svg xmlns=\"http:\/\/www.w3.org\/2000\/svg\" viewBox=\"0 0 64 8\" preserveAspectRatio=\"none\" width=\"100%\" height=\"100%\">\r\n\t<path fill=\"currentColor\" d=\"M64 8 L0 8 L0 0 L20 7.9 L40 3 L48 5 L64 0 Z\"\/>\r\n<\/svg><\/div><div class=\"l-section-shape type_zigzag pos_bottom\" style=\"height:3vmin;\"><svg xmlns=\"http:\/\/www.w3.org\/2000\/svg\" viewBox=\"0 0 64 8\" preserveAspectRatio=\"none\" width=\"100%\" height=\"100%\">\r\n\t<path fill=\"currentColor\" d=\"M64 8 L0 8 L0 0 L20 7.9 L40 3 L48 5 L64 0 Z\"\/>\r\n<\/svg><\/div><div class=\"l-section-h i-cf\"><div class=\"g-cols vc_row via_flex valign_top type_default stacking_default\"><div class=\"vc_col-sm-6 wpb_column vc_column_container\"><div class=\"vc_column-inner\"><div class=\"wpb_wrapper\"><div class=\"wpb_text_column\"><div class=\"wpb_wrapper\"><h2 id=\"flamenco-folclore\">Dal folklore al flamenco: i paesaggi musicali di <em>Infinita<\/em><\/h2>\n<p>La stessa presentazione dello spettacolo parla di <strong>ponti tra flamenco e folklore<\/strong>. Musica, coreografia, scenografia, luce e costumi esplorano questi territori senza separare rigidamente il popolare, il tradizionale e il flamenco.<\/p>\n<p>Il percorso annunciato attraversa forme e riferimenti molto diversi:<\/p>\n<ul>\n<li>romance e fandango,<\/li>\n<li>taranto e malague\u00f1a,<\/li>\n<li>verdial e serrana,<\/li>\n<li>trilla e aceitunera,<\/li>\n<li>grana\u00edna e sole\u00e1,<\/li>\n<li>sevillanas e tanguillo,<\/li>\n<li>alegr\u00edas e buler\u00edas.<\/li>\n<\/ul>\n<p>Non tutte queste forme appartengono allo stesso ambito n\u00e9 hanno la stessa storia. Proprio qui sta una parte della proposta: <strong>ascoltare le connessioni tra i repertori popolari dell\u2019Andalusia e i linguaggi che il flamenco ha sviluppato<\/strong>.<\/p>\n<\/div><\/div><\/div><\/div><\/div><div class=\"vc_col-sm-6 wpb_column vc_column_container\"><div class=\"vc_column-inner\"><div class=\"wpb_wrapper\"><div class=\"wpb_text_column\"><div class=\"wpb_wrapper\"><h2>\u00c8 una fusione tra flamenco e folklore?<\/h2>\n<p>La parola \u201cfusione\u201d pu\u00f2 essere troppo riduttiva. <em>Infinita<\/em> sembra meno interessato a mescolare generi dall\u2019esterno che a esplorare zone di contatto gi\u00e0 presenti nella cultura andalusa.<\/p>\n<p>Verdiales, trillas, fandangos, sevillanas o tanguillos convivono storicamente in un territorio in cui i confini tra festa popolare, canto, danza e flamenco non sono mai stati completamente impermeabili.<\/p>\n<p>Lo spettacolo usa questo materiale come punto di partenza coreografico e musicale. Il risultato non vuole dare una lezione di storia n\u00e9 stabilire genealogie chiuse, ma costruire una <strong>mappa emotiva dell\u2019Andalusia attraverso il movimento e il comp\u00e1s<\/strong>.<\/p>\n<\/div><\/div><\/div><\/div><\/div><\/div><\/div><\/section><section class=\"l-section wpb_row height_huge\"><div class=\"l-section-h i-cf\"><div class=\"g-cols vc_row via_flex valign_top type_default stacking_default\"><div class=\"vc_col-sm-12 wpb_column vc_column_container\"><div class=\"vc_column-inner\"><div class=\"wpb_wrapper\"><div class=\"wpb_text_column\"><div class=\"wpb_wrapper\"><h2 id=\"equipo-artistico\">Regia, testo, coreografia e musica di <em>Infinita<\/em><\/h2>\n<p>La creazione porta direttamente la firma di <strong>Sara Baras per la regia, il testo e la coreografia<\/strong>. La musica originale \u00e8 stata composta da <strong>Keko Baldomero<\/strong>, direttore musicale della compagnia e collaboratore abituale nella costruzione sonora dei suoi spettacoli.<\/p>\n<p>Questo controllo creativo spiega perch\u00e9 <em>Infinita<\/em> viene presentato come un\u2019opera particolarmente personale. Non \u00e8 soltanto una coreografia con Baras protagonista, ma un progetto la cui idea, struttura drammatica e linguaggio del movimento nascono dalla sua visione.<\/p>\n<p>Il sito ufficiale dell\u2019artista sottolinea che tutti i linguaggi dello spettacolo \u2014 musica, coreografia, scenografia, illuminazione e costumi \u2014 partecipano a questo viaggio attraverso le otto identit\u00e0 andaluse. L\u2019obiettivo \u00e8 dare a ogni provincia colore e personalit\u00e0 senza rompere l\u2019unit\u00e0 dello spettacolo.<\/p>\n<p>La produzione arriva inoltre dopo <em>Vuela<\/em> (2024), l\u2019omaggio di Sara Baras a Paco de Luc\u00eda, e viene presentata come il ventesimo titolo di una compagnia privata che gira a livello internazionale da quasi tre decenni.<\/p>\n<\/div><\/div><\/div><\/div><\/div><\/div><\/div><\/section><section class=\"l-section wpb_row height_huge color_alternate with_shape\"><div class=\"l-section-shape type_zigzag pos_top\" style=\"height:3vmin;\"><svg xmlns=\"http:\/\/www.w3.org\/2000\/svg\" viewBox=\"0 0 64 8\" preserveAspectRatio=\"none\" width=\"100%\" height=\"100%\">\r\n\t<path fill=\"currentColor\" d=\"M64 8 L0 8 L0 0 L20 7.9 L40 3 L48 5 L64 0 Z\"\/>\r\n<\/svg><\/div><div class=\"l-section-shape type_zigzag pos_bottom\" style=\"height:3vmin;\"><svg xmlns=\"http:\/\/www.w3.org\/2000\/svg\" viewBox=\"0 0 64 8\" preserveAspectRatio=\"none\" width=\"100%\" height=\"100%\">\r\n\t<path fill=\"currentColor\" d=\"M64 8 L0 8 L0 0 L20 7.9 L40 3 L48 5 L64 0 Z\"\/>\r\n<\/svg><\/div><div class=\"l-section-h i-cf\"><div class=\"g-cols vc_row via_flex valign_top type_default stacking_default\"><div class=\"vc_col-sm-6 wpb_column vc_column_container\"><div class=\"vc_column-inner\"><div class=\"wpb_wrapper\"><div class=\"wpb_text_column\"><div class=\"wpb_wrapper\"><h2 id=\"sara-baras-bienal\">Sara Baras e la Biennale: un rapporto iniziato nel 1994<\/h2>\n<p>La storia di Sara Baras con la Biennale cominci\u00f2 molto prima che diventasse una delle figure pi\u00f9 riconoscibili del flamenco internazionale. La biografia diffusa dall\u2019organizzazione colloca la sua <strong>prima apparizione al festival nel 1994<\/strong>, in una fase in cui la sua carriera individuale cominciava a consolidarsi.<\/p>\n<p>In quegli anni aveva gi\u00e0 lavorato in compagnie e progetti di artisti come Merche Esmeralda o Antonio Canales e aveva alle spalle tourn\u00e9e in Giappone, Francia, New York e diversi paesi europei.<\/p>\n<p>Nel 1998 fond\u00f2 il Ballet Flamenco Sara Baras e debutt\u00f2 con <em>Sensaciones<\/em>, l\u2019inizio di una lunga produzione propria a cui sarebbero seguiti <em>Sue\u00f1os<\/em>, <em>Juana la Loca<\/em>, <em>Mariana Pineda<\/em>, <em>Sabores<\/em>, <em>Carmen<\/em>, <em>Esencia<\/em>, <em>La Pepa<\/em>, <em>Medusa<\/em>, <em>Sombras<\/em>, <em>Alma<\/em>, <em>Vuela<\/em> e altri titoli.<\/p>\n<\/div><\/div><\/div><\/div><\/div><div class=\"vc_col-sm-6 wpb_column vc_column_container\"><div class=\"vc_column-inner\"><div class=\"wpb_wrapper\"><div class=\"wpb_text_column\"><div class=\"wpb_wrapper\"><h2>Da giovane bailaora a figura internazionale<\/h2>\n<p>Il ritorno del 2026 permette anche di misurare la trasformazione del ruolo che Sara Baras occupa nel flamenco. L\u2019artista arrivata alla Biennale negli anni Novanta \u00e8 oggi <strong>Premio Nazionale di Danza, Medaglia d\u2019Oro dell\u2019Andalusia, Medaglia d\u2019Oro al Merito nelle Belle Arti e vincitrice di un Olivier Award<\/strong>, tra altri riconoscimenti.<\/p>\n<p>La sua compagnia ha trasformato il flamenco di grande formato in un linguaggio esportabile nei teatri internazionali senza rinunciare alla centralit\u00e0 della danza e del comp\u00e1s.<\/p>\n<p>Per questo la Biennale ha presentato <em>Infinita<\/em> come un ritorno dal peso istituzionale e artistico. Non si tratta solo di recuperare un\u2019artista assente dal festival dal 2012: significa riportarla in un momento di maturit\u00e0, con un\u2019opera nuova e con Siviglia come punto di partenza della sua successiva fase creativa.<\/p>\n<\/div><\/div><\/div><\/div><\/div><\/div><\/div><\/section><section class=\"l-section wpb_row height_huge\"><div class=\"l-section-h i-cf\"><div class=\"g-cols vc_row via_flex valign_top type_default stacking_default\"><div class=\"vc_col-sm-12 wpb_column vc_column_container\"><div class=\"vc_column-inner\"><div class=\"wpb_wrapper\"><div class=\"wpb_text_column\"><div class=\"wpb_wrapper\"><h2 id=\"entradas-infinita\">Biglietti per Sara Baras a Siviglia nel 2026: prezzi e recite esaurite<\/h2>\n<p>I biglietti per la Biennale 2026 sono stati messi in vendita l\u2019 <strong>11 febbraio<\/strong>. La fascia generale dei prezzi del festival va da posti economici in alcuni spazi fino ai <strong>75 euro<\/strong> che la stessa organizzazione indica come prezzo massimo per Sara Baras nel Patio A del Teatro de la Maestranza.<\/p>\n<p>A fine agosto, la direzione della Biennale ha confermato che pi\u00f9 di trenta spettacoli dell\u2019edizione erano gi\u00e0 esauriti e ha citato <strong><em>Infinita<\/em> tra le recite senza disponibilit\u00e0<\/strong>. Le tre date risultano quindi tra i grandi sold out prima ancora dell\u2019inizio del festival.<\/p>\n<p>Ci\u00f2 non significa che sia impossibile che compaia qualche posto all\u2019ultimo momento. Nelle grandi produzioni possono verificarsi resi, variazioni di contingenti o liberazioni occasionali. Se vuoi provare, l\u2019unico riferimento affidabile \u00e8 la vendita ufficiale collegata dalla Biennale e dal Teatro de la Maestranza.<\/p>\n<p>Evita di pagare sovrapprezzi su canali non ufficiali. Se non ci sono pi\u00f9 biglietti, la Biennale offre decine di altri spettacoli e Siviglia mantiene ogni giorno un\u2019offerta di tablaos e sale di flamenco in quelle date.<\/p>\n<\/div><\/div><div class=\"w-separator size_medium\"><\/div><div class=\"w-hwrapper valign_top wrap stack_on_mobiles align_center\" style=\"--hwrapper-gap:1.2rem\"><div class=\"w-btn-wrapper align_none\"><a class=\"w-btn us-btn-style_1\" href=\"https:\/\/www.tablaosflamencos.com\/it\/biennale-flamenco-siviglia-2026-biglietti-esauriti-alternative.html\"><span class=\"w-btn-label\">Cosa fare se non ci sono pi\u00f9 biglietti<\/span><\/a><\/div><div class=\"w-btn-wrapper align_none\"><a class=\"w-btn us-btn-style_1\" href=\"https:\/\/www.tablaosflamencos.com\/it\/flamenco-a-siviglia\"><span class=\"w-btn-label\">Vedere flamenco a Siviglia<\/span><\/a><\/div><\/div><\/div><\/div><\/div><\/div><\/div><\/section><section class=\"l-section wpb_row height_huge color_alternate with_shape\"><div class=\"l-section-shape type_zigzag pos_top\" style=\"height:3vmin;\"><svg xmlns=\"http:\/\/www.w3.org\/2000\/svg\" viewBox=\"0 0 64 8\" preserveAspectRatio=\"none\" width=\"100%\" height=\"100%\">\r\n\t<path fill=\"currentColor\" d=\"M64 8 L0 8 L0 0 L20 7.9 L40 3 L48 5 L64 0 Z\"\/>\r\n<\/svg><\/div><div class=\"l-section-shape type_zigzag pos_bottom\" style=\"height:3vmin;\"><svg xmlns=\"http:\/\/www.w3.org\/2000\/svg\" viewBox=\"0 0 64 8\" preserveAspectRatio=\"none\" width=\"100%\" height=\"100%\">\r\n\t<path fill=\"currentColor\" d=\"M64 8 L0 8 L0 0 L20 7.9 L40 3 L48 5 L64 0 Z\"\/>\r\n<\/svg><\/div><div class=\"l-section-h i-cf\"><div class=\"g-cols vc_row via_flex valign_top type_default stacking_default\"><div class=\"vc_col-sm-6 wpb_column vc_column_container\"><div class=\"vc_column-inner\"><div class=\"wpb_wrapper\"><div class=\"wpb_text_column\"><div class=\"wpb_wrapper\"><h2 id=\"maestranza-infinita\">Il Teatro de la Maestranza, palcoscenico del ritorno<\/h2>\n<p>Il <strong>Teatro de la Maestranza<\/strong> \u00e8 uno degli spazi di maggiore capacit\u00e0 e prestigio della Biennale e nel 2026 concentra buona parte delle produzioni di grande formato.<\/p>\n<p>Il fatto che <em>Infinita<\/em> debutti l\u00ec ha anche una lettura biografica. Fu il palcoscenico di <em>La Pepa<\/em> alla Biennale del 2012 e, quattordici anni dopo, torna a essere il luogo scelto per il ricongiungimento.<\/p>\n<p>La programmazione successiva del teatro durante la Biennale comprende Ca\u00f1izares con la Real Orquesta Sinf\u00f3nica de Sevilla, Jos\u00e9 Merc\u00e9, Manuel Li\u00f1\u00e1n, Israel Galv\u00e1n, Farruquito, Marina Heredia e lo spettacolo di chiusura <em>Perlas a Millares<\/em>. <em>Infinita<\/em> apre quindi una sequenza di grandi nomi che rende il Maestranza uno dei principali centri di gravit\u00e0 dell\u2019edizione.<\/p>\n<\/div><\/div><\/div><\/div><\/div><div class=\"vc_col-sm-6 wpb_column vc_column_container\"><div class=\"vc_column-inner\"><div class=\"wpb_wrapper\"><div class=\"wpb_text_column\"><div class=\"wpb_wrapper\"><h2>Consigli pratici per le recite dell\u201911, 12 e 13 settembre<\/h2>\n<ul>\n<li><strong>Controlla la tua data.<\/strong> Tutte e tre le recite iniziano alle 20:00.<\/li>\n<li><strong>Arriva con anticipo.<\/strong> Una prima cos\u00ec attesa concentrer\u00e0 molto pubblico agli ingressi.<\/li>\n<li><strong>Controlla le condizioni di accesso.<\/strong> Se riesci a ottenere un posto liberato all\u2019ultimo momento, verifica sempre che provenga dal canale ufficiale.<\/li>\n<li><strong>Non confondere la Real Maestranza con il Teatro de la Maestranza.<\/strong> La gala del 10 si svolge nella Plaza de Toros; Sara Baras si esibisce in teatro.<\/li>\n<li><strong>Consulta cosa succede dopo.<\/strong> L\u201911, 12 e 13 ci sono altre recite della Biennale in diversi spazi di Siviglia.<\/li>\n<\/ul>\n<\/div><\/div><\/div><\/div><\/div><\/div><\/div><\/section><section class=\"l-section wpb_row height_huge\"><div class=\"l-section-h i-cf\"><div class=\"g-cols vc_row via_flex valign_top type_default stacking_default\"><div class=\"vc_col-sm-12 wpb_column vc_column_container\"><div class=\"vc_column-inner\"><div class=\"wpb_wrapper\"><div class=\"wpb_text_column\"><div class=\"wpb_wrapper\"><h2 id=\"despues-sevilla\">Dove si potr\u00e0 vedere <em>Infinita<\/em> dopo Siviglia?<\/h2>\n<p>La prima assoluta sar\u00e0 alla Biennale, ma <em>Infinita<\/em> proseguir\u00e0 poi il suo percorso in altri teatri. Tra le date gi\u00e0 annunciate figurano <strong>M\u00e1laga, Pamplona e Jerez de la Frontera<\/strong>.<\/p>\n<p>Il Teatro Cervantes di M\u00e1laga ha programmato quattro recite dal 24 al 27 ottobre; Baluarte, a Pamplona, ospiter\u00e0 lo spettacolo il 20 dicembre; e il Teatro Villamarta di Jerez lo porter\u00e0 in scena il 29 e 30 dicembre.<\/p>\n<p>Per il pubblico sivigliano, tuttavia, le recite di settembre hanno un valore irripetibile: sono le prime rappresentazioni pubbliche dell\u2019opera e il luogo in cui si scoprir\u00e0 per la prima volta come prende forma sul palcoscenico il viaggio attraverso le otto Andalusie proposto da Sara Baras.<\/p>\n<\/div><\/div><\/div><\/div><\/div><\/div><\/div><\/section><section class=\"l-section wpb_row height_huge color_alternate with_shape\"><div class=\"l-section-shape type_zigzag pos_top\" style=\"height:3vmin;\"><svg xmlns=\"http:\/\/www.w3.org\/2000\/svg\" viewBox=\"0 0 64 8\" preserveAspectRatio=\"none\" width=\"100%\" height=\"100%\">\r\n\t<path fill=\"currentColor\" d=\"M64 8 L0 8 L0 0 L20 7.9 L40 3 L48 5 L64 0 Z\"\/>\r\n<\/svg><\/div><div class=\"l-section-shape type_zigzag pos_bottom\" style=\"height:3vmin;\"><svg xmlns=\"http:\/\/www.w3.org\/2000\/svg\" viewBox=\"0 0 64 8\" preserveAspectRatio=\"none\" width=\"100%\" height=\"100%\">\r\n\t<path fill=\"currentColor\" d=\"M64 8 L0 8 L0 0 L20 7.9 L40 3 L48 5 L64 0 Z\"\/>\r\n<\/svg><\/div><div class=\"l-section-h i-cf\"><div class=\"g-cols vc_row via_flex valign_top type_default stacking_default\"><div class=\"vc_col-sm-1\/5 wpb_column vc_column_container\"><div class=\"vc_column-inner\"><div class=\"wpb_wrapper\"><\/div><\/div><\/div><div class=\"vc_col-sm-3\/5 wpb_column vc_column_container\"><div class=\"vc_column-inner\"><div class=\"wpb_wrapper\"><div class=\"wpb_text_column\"><div class=\"wpb_wrapper\"><h2 style=\"text-align: center;\">Una prima che unisce ritorno, memoria e nuova creazione<\/h2>\n<p style=\"text-align: center;\"><em>Infinita<\/em> riunisce quasi tutti gli ingredienti che trasformano una recita della Biennale in un evento: una prima assoluta, un\u2019artista di enorme proiezione internazionale, tre serate al Maestranza, un lungo periodo di assenza e un\u2019opera pensata espressamente per guardare all\u2019Andalusia.<\/p>\n<p style=\"text-align: center;\">L\u2019interesse non sta soltanto nel verificare se Sara Baras sia ancora capace di riempire un grande teatro \u2014 il botteghino ha gi\u00e0 risposto a questa domanda \u2014, ma nel scoprire che cosa fa un\u2019artista con decenni di palcoscenico quando decide di trasformare la propria terra in materia coreografica.<\/p>\n<p style=\"text-align: center;\">Quattordici anni separano <em>La Pepa<\/em> da <em>Infinita<\/em>. Siviglia avr\u00e0 tre serate per misurare tutto ci\u00f2 che \u00e8 cambiato tra i due spettacoli e tutto ci\u00f2 che, nella danza di Sara Baras, continua a pulsare allo stesso modo.<\/p>\n<\/div><\/div><div class=\"w-separator size_medium\"><\/div><div class=\"w-hwrapper valign_top wrap stack_on_mobiles align_center\" style=\"--hwrapper-gap:1.2rem\"><div class=\"w-btn-wrapper align_none\"><a class=\"w-btn us-btn-style_1\" href=\"https:\/\/www.tablaosflamencos.com\/it\/biennale-flamenco-siviglia\"><span class=\"w-btn-label\">Vedi tutte le notizie della Biennale<\/span><\/a><\/div><div class=\"w-btn-wrapper align_none\"><a class=\"w-btn us-btn-style_1\" href=\"https:\/\/www.tablaosflamencos.com\/it\/biennale-flamenco-siviglia-2026.html\"><span class=\"w-btn-label\">Consulta il programma completo<\/span><\/a><\/div><\/div><\/div><\/div><\/div><div class=\"vc_col-sm-1\/5 wpb_column vc_column_container\"><div class=\"vc_column-inner\"><div class=\"wpb_wrapper\"><\/div><\/div><\/div><\/div><\/div><\/section><section class=\"l-section wpb_row height_huge\"><div class=\"l-section-h i-cf\"><div class=\"g-cols vc_row via_flex valign_top type_default stacking_default\"><div class=\"vc_col-sm-1\/5 wpb_column vc_column_container\"><div class=\"vc_column-inner\"><div class=\"wpb_wrapper\"><\/div><\/div><\/div><div class=\"vc_col-sm-3\/5 wpb_column vc_column_container\"><div class=\"vc_column-inner\"><div class=\"wpb_wrapper\"><div class=\"wpb_text_column\"><div class=\"wpb_wrapper\"><h2 id=\"faq-infinita\" style=\"text-align: center;\">Domande frequenti su Sara Baras e <em>Infinita<\/em> a Siviglia<\/h2>\n<\/div><\/div><div class=\"w-separator size_medium\"><\/div><div class=\"w-tabs accordion toggle_style_1 has_scrolling\" style=\"--sections-title-size:inherit;--sections-gap:0.5rem;\"><div class=\"w-tabs-sections titles-align_none icon_chevron cpos_right\"><div class=\"w-tabs-section\" id=\"mf1c\"><button type=\"button\" class=\"w-tabs-section-header\" aria-controls=\"content-mf1c\" aria-expanded=\"false\"><div class=\"w-tabs-section-title\">Quando si esibisce Sara Baras a Siviglia nel 2026?<\/div><div class=\"w-tabs-section-control\"><\/div><\/button><div  class=\"w-tabs-section-content\" id=\"content-mf1c\"><div class=\"w-tabs-section-content-h i-cf\"><div class=\"wpb_text_column\"><div class=\"wpb_wrapper\"><p>Sara Baras presenta <em>Infinita<\/em> nei giorni <strong>11, 12 e 13 settembre 2026 alle 20:00<\/strong> al Teatro de la Maestranza, nell\u2019ambito della XXIV Biennale di Flamenco di Siviglia.<\/p>\n<\/div><\/div><\/div><\/div><\/div><div class=\"w-tabs-section\" id=\"y01d\"><button type=\"button\" class=\"w-tabs-section-header\" aria-controls=\"content-y01d\" aria-expanded=\"false\"><div class=\"w-tabs-section-title\">Infinita \u00e8 una prima?<\/div><div class=\"w-tabs-section-control\"><\/div><\/button><div  class=\"w-tabs-section-content\" id=\"content-y01d\"><div class=\"w-tabs-section-content-h i-cf\"><div class=\"wpb_text_column\"><div class=\"wpb_wrapper\"><p>S\u00ec. La recita dell\u201911 settembre sar\u00e0 la <strong>prima assoluta<\/strong> di <em>Infinita<\/em>. Lo spettacolo \u00e8 stato creato per la Biennale e proseguir\u00e0 poi la tourn\u00e9e in altri teatri.<\/p>\n<\/div><\/div><\/div><\/div><\/div><div class=\"w-tabs-section\" id=\"k135\"><button type=\"button\" class=\"w-tabs-section-header\" aria-controls=\"content-k135\" aria-expanded=\"false\"><div class=\"w-tabs-section-title\">Di cosa parla Infinita?<\/div><div class=\"w-tabs-section-control\"><\/div><\/button><div  class=\"w-tabs-section-content\" id=\"content-k135\"><div class=\"w-tabs-section-content-h i-cf\"><div class=\"wpb_text_column\"><div class=\"wpb_wrapper\"><p><em>Infinita<\/em> \u00e8 un omaggio all\u2019Andalusia costruito attraverso <strong>otto donne che rappresentano le sue otto province<\/strong>. Lo spettacolo lavora con flamenco, folklore, musica, coreografia, scenografia, illuminazione e costumi per esplorare le differenze e il battito comune dell\u2019identit\u00e0 andalusa.<\/p>\n<\/div><\/div><\/div><\/div><\/div><div class=\"w-tabs-section\" id=\"e21b\"><button type=\"button\" class=\"w-tabs-section-header\" aria-controls=\"content-e21b\" aria-expanded=\"false\"><div class=\"w-tabs-section-title\">Chi dirige e coreografa Infinita?<\/div><div class=\"w-tabs-section-control\"><\/div><\/button><div  class=\"w-tabs-section-content\" id=\"content-e21b\"><div class=\"w-tabs-section-content-h i-cf\"><div class=\"wpb_text_column\"><div class=\"wpb_wrapper\"><p><strong>Sara Baras firma la regia, il testo e la coreografia.<\/strong> La musica originale \u00e8 di Keko Baldomero, direttore musicale della compagnia.<\/p>\n<\/div><\/div><\/div><\/div><\/div><div class=\"w-tabs-section\" id=\"o2f6\"><button type=\"button\" class=\"w-tabs-section-header\" aria-controls=\"content-o2f6\" aria-expanded=\"false\"><div class=\"w-tabs-section-title\">Da quanti anni Sara Baras non si esibiva alla Biennale?<\/div><div class=\"w-tabs-section-control\"><\/div><\/button><div  class=\"w-tabs-section-content\" id=\"content-o2f6\"><div class=\"w-tabs-section-content-h i-cf\"><div class=\"wpb_text_column\"><div class=\"wpb_wrapper\"><p>La sua ultima partecipazione fu nel 2012 con <em>La Pepa<\/em>. Pertanto, <em>Infinita<\/em> segna il suo ritorno alla Biennale <strong>quattordici anni dopo<\/strong>.<\/p>\n<\/div><\/div><\/div><\/div><\/div><div class=\"w-tabs-section\" id=\"r3c7\"><button type=\"button\" class=\"w-tabs-section-header\" aria-controls=\"content-r3c7\" aria-expanded=\"false\"><div class=\"w-tabs-section-title\">Dove si svolse l\u2019ultima Biennale di Sara Baras prima del 2026?<\/div><div class=\"w-tabs-section-control\"><\/div><\/button><div  class=\"w-tabs-section-content\" id=\"content-r3c7\"><div class=\"w-tabs-section-content-h i-cf\"><div class=\"wpb_text_column\"><div class=\"wpb_wrapper\"><p>Nel 2012 present\u00f2 <em>La Pepa<\/em> al <strong>Teatro de la Maestranza<\/strong>, lo stesso palcoscenico su cui torna nel 2026. Le tre recite di quell\u2019edizione esaurirono tutti i 5.100 posti messi in vendita.<\/p>\n<\/div><\/div><\/div><\/div><\/div><div class=\"w-tabs-section\" id=\"u4b4\"><button type=\"button\" class=\"w-tabs-section-header\" aria-controls=\"content-u4b4\" aria-expanded=\"false\"><div class=\"w-tabs-section-title\">Ci sono biglietti per Sara Baras alla Biennale 2026?<\/div><div class=\"w-tabs-section-control\"><\/div><\/button><div  class=\"w-tabs-section-content\" id=\"content-u4b4\"><div class=\"w-tabs-section-content-h i-cf\"><div class=\"wpb_text_column\"><div class=\"wpb_wrapper\"><p>Al 31 agosto 2026, <em>Infinita<\/em> figura tra gli spettacoli <strong>esauriti<\/strong> della Biennale. Conviene controllare i canali ufficiali nel caso vengano liberati posti all\u2019ultimo momento ed evitare la rivendita non autorizzata.<\/p>\n<\/div><\/div><\/div><\/div><\/div><div class=\"w-tabs-section\" id=\"j588\"><button type=\"button\" class=\"w-tabs-section-header\" aria-controls=\"content-j588\" aria-expanded=\"false\"><div class=\"w-tabs-section-title\">Quanto costavano i biglietti?<\/div><div class=\"w-tabs-section-control\"><\/div><\/button><div  class=\"w-tabs-section-content\" id=\"content-j588\"><div class=\"w-tabs-section-content-h i-cf\"><div class=\"wpb_text_column\"><div class=\"wpb_wrapper\"><p>La Biennale informa che il prezzo massimo dei biglietti nel 2026 raggiunge <strong>75 euro<\/strong> proprio per lo spettacolo di Sara Baras, per i posti del Patio A del Teatro de la Maestranza.<\/p>\n<\/div><\/div><\/div><\/div><\/div><div class=\"w-tabs-section\" id=\"j64f\"><button type=\"button\" class=\"w-tabs-section-header\" aria-controls=\"content-j64f\" aria-expanded=\"false\"><div class=\"w-tabs-section-title\">Infinita sar\u00e0 visibile in altre citt\u00e0?<\/div><div class=\"w-tabs-section-control\"><\/div><\/button><div  class=\"w-tabs-section-content\" id=\"content-j64f\"><div class=\"w-tabs-section-content-h i-cf\"><div class=\"wpb_text_column\"><div class=\"wpb_wrapper\"><p>S\u00ec. Dopo la prima a Siviglia sono annunciate recite, tra le altre citt\u00e0, a <strong>M\u00e1laga, Pamplona e Jerez de la Frontera<\/strong> nell\u2019ultimo trimestre del 2026.<\/p>\n<\/div><\/div><\/div><\/div><\/div><\/div><\/div><\/div><\/div><\/div><div class=\"vc_col-sm-1\/5 wpb_column vc_column_container\"><div class=\"vc_column-inner\"><div class=\"wpb_wrapper\"><\/div><\/div><\/div><\/div><\/div><\/section><section class=\"l-section wpb_row height_huge color_alternate with_shape\"><div class=\"l-section-shape type_zigzag pos_top\" style=\"height:3vmin;\"><svg xmlns=\"http:\/\/www.w3.org\/2000\/svg\" viewBox=\"0 0 64 8\" preserveAspectRatio=\"none\" width=\"100%\" height=\"100%\">\r\n\t<path fill=\"currentColor\" d=\"M64 8 L0 8 L0 0 L20 7.9 L40 3 L48 5 L64 0 Z\"\/>\r\n<\/svg><\/div><div class=\"l-section-h i-cf\"><div class=\"g-cols vc_row via_flex valign_top type_default stacking_default\"><div class=\"vc_col-sm-12 wpb_column vc_column_container\"><div class=\"vc_column-inner\"><div class=\"wpb_wrapper\"><div class=\"wpb_text_column\"><div class=\"wpb_wrapper\"><h2>Fonti e aggiornamento<\/h2>\n<p>Per elaborare questa guida abbiamo confrontato le informazioni della <a href=\"https:\/\/www.labienal.com\/noticias\/sara-baras-regresa-a-la-bienal-con-el-estreno-absoluto-de-201cinfinita201d\" target=\"_blank\" rel=\"noopener\"><strong>Biennale di Flamenco di Siviglia<\/strong><\/a>, della <a href=\"https:\/\/www.labienal.com\/programa-general\/teatro-de-la-maestranza\/sara-baras\" target=\"_blank\" rel=\"noopener\"><strong>pagina ufficiale di <em>Infinita<\/em><\/strong><\/a>, del <a href=\"https:\/\/www.teatrodelamaestranza.es\/es\/detalle\/508\/sara-baras\/\" target=\"_blank\" rel=\"noopener\"><strong>Teatro de la Maestranza<\/strong><\/a> e del <a href=\"https:\/\/sarabarasvuela.com\/infinita\/\" target=\"_blank\" rel=\"noopener\"><strong>sito ufficiale di Sara Baras<\/strong><\/a>.<\/p>\n<p><strong>Informazioni verificate il 31 agosto 2026.<\/strong> Orari, disponibilit\u00e0 dei biglietti e condizioni di accesso possono essere modificati dagli organizzatori.<\/p>\n<\/div><\/div><\/div><\/div><\/div><\/div><\/div><\/section>\n","protected":false},"excerpt":{"rendered":"<p>Sara Baras torna alla Biennale di Flamenco di Siviglia dopo 14 anni con Infinita: prima assoluta, date, concept, biglietti e punti chiave dello spettacolo.<\/p>\n","protected":false},"author":1,"featured_media":13720,"comment_status":"closed","ping_status":"closed","sticky":false,"template":"","format":"standard","meta":{"_acf_changed":false,"wpai_generated_summary":"","_ayudawp_aiss_exclude":false,"_ayudawp_aiss_exclude_summary":false,"_ayudawp_aiss_summary":"","_ayudawp_aiss_summary_provider":"","_ayudawp_aiss_summary_hash":"","footnotes":""},"categories":[1429],"tags":[1249,1250,1251,1402,1252,1177,1763,1253],"class_list":["post-13748","post","type-post","status-publish","format-standard","has-post-thumbnail","hentry","category-biennale-di-flamenco","tag-agenda-flamenca","tag-bienal-2026","tag-bienal-de-flamenco","tag-danza-flamenca","tag-festivales-flamencos","tag-flamenco-en-sevilla","tag-sara-baras-it","tag-sevilla"],"acf":[],"yoast_head":"<!-- This site is optimized with the Yoast SEO Premium plugin v28.3 (Yoast SEO v28.3) - https:\/\/yoast.com\/product\/yoast-seo-premium-wordpress\/ -->\n<title>Sara Baras a Siviglia 2026: Infinita alla Biennale<\/title>\n<meta name=\"description\" content=\"Sara Baras torna alla Biennale di Flamenco di Siviglia dopo 14 anni con Infinita: prima assoluta, date, concept, biglietti e dettagli dello spettacolo.\" \/>\n<meta name=\"robots\" content=\"index, follow, max-snippet:-1, max-image-preview:large, max-video-preview:-1\" \/>\n<link rel=\"canonical\" href=\"https:\/\/www.tablaosflamencos.com\/it\/sara-baras-siviglia-2026-infinita-biennale.html\" \/>\n<meta property=\"og:locale\" content=\"it_IT\" \/>\n<meta property=\"og:type\" content=\"article\" \/>\n<meta property=\"og:title\" content=\"Sara Baras a Siviglia nel 2026: Infinita e il suo ritorno alla Biennale\" \/>\n<meta property=\"og:description\" content=\"Sara Baras torna alla Biennale di Flamenco di Siviglia dopo 14 anni con Infinita: prima assoluta, date, concept, biglietti e dettagli dello spettacolo.\" \/>\n<meta property=\"og:url\" content=\"https:\/\/www.tablaosflamencos.com\/it\/sara-baras-siviglia-2026-infinita-biennale.html\" \/>\n<meta property=\"og:site_name\" content=\"Tablaos Flamencos\" \/>\n<meta property=\"article:publisher\" content=\"https:\/\/www.facebook.com\/tablaosflamencos\" \/>\n<meta property=\"article:published_time\" content=\"2026-08-31T17:52:12+00:00\" \/>\n<meta property=\"article:modified_time\" content=\"2026-08-31T18:17:27+00:00\" \/>\n<meta property=\"og:image\" content=\"https:\/\/www.tablaosflamencos.com\/wp-content\/uploads\/que-es-un-tablao-flamenco-y-como-elegir-el-adecuado-guia-practica-01.webp\" \/>\n\t<meta property=\"og:image:width\" content=\"1920\" \/>\n\t<meta property=\"og:image:height\" content=\"1072\" \/>\n\t<meta property=\"og:image:type\" content=\"image\/webp\" \/>\n<meta name=\"author\" content=\"Miguel Ortiz\" \/>\n<meta name=\"twitter:card\" content=\"summary_large_image\" \/>\n<meta name=\"twitter:creator\" content=\"@tablaosflamenco\" \/>\n<meta name=\"twitter:site\" content=\"@tablaosflamenco\" \/>\n<meta name=\"twitter:label1\" content=\"Scritto da\" \/>\n\t<meta name=\"twitter:data1\" content=\"Miguel Ortiz\" \/>\n\t<meta name=\"twitter:label2\" content=\"Tempo di lettura stimato\" \/>\n\t<meta name=\"twitter:data2\" content=\"19 minuti\" \/>\n<script type=\"application\/ld+json\" class=\"yoast-schema-graph\">{\"@context\":\"https:\\\/\\\/schema.org\",\"@graph\":[{\"@type\":\"Article\",\"@id\":\"https:\\\/\\\/www.tablaosflamencos.com\\\/it\\\/sara-baras-siviglia-2026-infinita-biennale.html#article\",\"isPartOf\":{\"@id\":\"https:\\\/\\\/www.tablaosflamencos.com\\\/it\\\/sara-baras-siviglia-2026-infinita-biennale.html\"},\"author\":{\"name\":\"Miguel Ortiz\",\"@id\":\"https:\\\/\\\/www.tablaosflamencos.com\\\/it#\\\/schema\\\/person\\\/e7a9ebe14eb75a52ceabfbffb3c54f5d\"},\"headline\":\"Sara Baras a Siviglia nel 2026: Infinita e il suo ritorno alla Biennale\",\"datePublished\":\"2026-08-31T17:52:12+00:00\",\"dateModified\":\"2026-08-31T18:17:27+00:00\",\"mainEntityOfPage\":{\"@id\":\"https:\\\/\\\/www.tablaosflamencos.com\\\/it\\\/sara-baras-siviglia-2026-infinita-biennale.html\"},\"wordCount\":3820,\"publisher\":{\"@id\":\"https:\\\/\\\/www.tablaosflamencos.com\\\/it#organization\"},\"image\":{\"@id\":\"https:\\\/\\\/www.tablaosflamencos.com\\\/it\\\/sara-baras-siviglia-2026-infinita-biennale.html#primaryimage\"},\"thumbnailUrl\":\"https:\\\/\\\/www.tablaosflamencos.com\\\/wp-content\\\/uploads\\\/sara-baras-en-sevilla-2026-infinita-y-su-regreso-a-la-bienal-01.avif\",\"keywords\":[\"agenda flamenca\",\"Bienal 2026\",\"Bienal de Flamenco\",\"danza flamenca\",\"festivales flamencos\",\"flamenco en Sevilla\",\"Sara Baras\",\"sevilla\"],\"articleSection\":[\"Biennale di Flamenco\"],\"inLanguage\":\"it-IT\"},{\"@type\":\"WebPage\",\"@id\":\"https:\\\/\\\/www.tablaosflamencos.com\\\/it\\\/sara-baras-siviglia-2026-infinita-biennale.html\",\"url\":\"https:\\\/\\\/www.tablaosflamencos.com\\\/it\\\/sara-baras-siviglia-2026-infinita-biennale.html\",\"name\":\"Sara Baras a Siviglia 2026: Infinita alla Biennale\",\"isPartOf\":{\"@id\":\"https:\\\/\\\/www.tablaosflamencos.com\\\/it#website\"},\"primaryImageOfPage\":{\"@id\":\"https:\\\/\\\/www.tablaosflamencos.com\\\/it\\\/sara-baras-siviglia-2026-infinita-biennale.html#primaryimage\"},\"image\":{\"@id\":\"https:\\\/\\\/www.tablaosflamencos.com\\\/it\\\/sara-baras-siviglia-2026-infinita-biennale.html#primaryimage\"},\"thumbnailUrl\":\"https:\\\/\\\/www.tablaosflamencos.com\\\/wp-content\\\/uploads\\\/sara-baras-en-sevilla-2026-infinita-y-su-regreso-a-la-bienal-01.avif\",\"datePublished\":\"2026-08-31T17:52:12+00:00\",\"dateModified\":\"2026-08-31T18:17:27+00:00\",\"description\":\"Sara Baras torna alla Biennale di Flamenco di Siviglia dopo 14 anni con Infinita: prima assoluta, date, concept, biglietti e dettagli dello spettacolo.\",\"breadcrumb\":{\"@id\":\"https:\\\/\\\/www.tablaosflamencos.com\\\/it\\\/sara-baras-siviglia-2026-infinita-biennale.html#breadcrumb\"},\"inLanguage\":\"it-IT\",\"potentialAction\":[{\"@type\":\"ReadAction\",\"target\":[\"https:\\\/\\\/www.tablaosflamencos.com\\\/it\\\/sara-baras-siviglia-2026-infinita-biennale.html\"]}]},{\"@type\":\"ImageObject\",\"inLanguage\":\"it-IT\",\"@id\":\"https:\\\/\\\/www.tablaosflamencos.com\\\/it\\\/sara-baras-siviglia-2026-infinita-biennale.html#primaryimage\",\"url\":\"https:\\\/\\\/www.tablaosflamencos.com\\\/wp-content\\\/uploads\\\/sara-baras-en-sevilla-2026-infinita-y-su-regreso-a-la-bienal-01.avif\",\"contentUrl\":\"https:\\\/\\\/www.tablaosflamencos.com\\\/wp-content\\\/uploads\\\/sara-baras-en-sevilla-2026-infinita-y-su-regreso-a-la-bienal-01.avif\",\"width\":1920,\"height\":1279,\"caption\":\"Sara Baras en Sevilla 2026: Infinita y su regreso a la Bienal\"},{\"@type\":\"BreadcrumbList\",\"@id\":\"https:\\\/\\\/www.tablaosflamencos.com\\\/it\\\/sara-baras-siviglia-2026-infinita-biennale.html#breadcrumb\",\"itemListElement\":[{\"@type\":\"ListItem\",\"position\":1,\"name\":\"Home\",\"item\":\"https:\\\/\\\/www.tablaosflamencos.com\\\/it\"},{\"@type\":\"ListItem\",\"position\":2,\"name\":\"Sara Baras a Siviglia nel 2026: Infinita e il suo ritorno alla Biennale\"}]},{\"@type\":\"WebSite\",\"@id\":\"https:\\\/\\\/www.tablaosflamencos.com\\\/it#website\",\"url\":\"https:\\\/\\\/www.tablaosflamencos.com\\\/it\",\"name\":\"Tablaos Flamencos\",\"description\":\"Entradas para tablaos flamencos de Espa\u00f1a\",\"publisher\":{\"@id\":\"https:\\\/\\\/www.tablaosflamencos.com\\\/it#organization\"},\"alternateName\":\"Tablaos Flamencos\",\"potentialAction\":[{\"@type\":\"SearchAction\",\"target\":{\"@type\":\"EntryPoint\",\"urlTemplate\":\"https:\\\/\\\/www.tablaosflamencos.com\\\/it?s={search_term_string}\"},\"query-input\":{\"@type\":\"PropertyValueSpecification\",\"valueRequired\":true,\"valueName\":\"search_term_string\"}}],\"inLanguage\":\"it-IT\"},{\"@type\":[\"Organization\",\"Place\",\"EntertainmentBusiness\"],\"@id\":\"https:\\\/\\\/www.tablaosflamencos.com\\\/it#organization\",\"name\":\"Tablaos Flamencos\",\"alternateName\":\"Tablaos Flamencos\",\"url\":\"https:\\\/\\\/www.tablaosflamencos.com\\\/it\",\"logo\":{\"@id\":\"https:\\\/\\\/www.tablaosflamencos.com\\\/it\\\/sara-baras-siviglia-2026-infinita-biennale.html#local-main-organization-logo\"},\"image\":{\"@id\":\"https:\\\/\\\/www.tablaosflamencos.com\\\/it\\\/sara-baras-siviglia-2026-infinita-biennale.html#local-main-organization-logo\"},\"sameAs\":[\"https:\\\/\\\/www.facebook.com\\\/tablaosflamencos\",\"https:\\\/\\\/x.com\\\/tablaosflamenco\",\"https:\\\/\\\/mastodon.social\\\/@tablaosflamencos\",\"https:\\\/\\\/www.instagram.com\\\/tablaosflamencos\",\"https:\\\/\\\/tiktok.com\\\/@tablaosflamencos\",\"https:\\\/\\\/www.linkedin.com\\\/company\\\/109408238\\\/\"],\"description\":\"Venta de entradas para espect\u00e1culos flamencos\",\"legalName\":\"Tablaos Flamencos\",\"foundingDate\":\"2015-01-01\",\"numberOfEmployees\":{\"@type\":\"QuantitativeValue\",\"minValue\":\"1\",\"maxValue\":\"10\"},\"address\":{\"@id\":\"https:\\\/\\\/www.tablaosflamencos.com\\\/it\\\/sara-baras-siviglia-2026-infinita-biennale.html#local-main-place-address\"},\"geo\":{\"@type\":\"GeoCoordinates\",\"latitude\":\"37.3868072\",\"longitude\":\"-5.993280299999999\"},\"telephone\":[\"+34623787787\"],\"contactPoint\":{\"@type\":\"ContactPoint\",\"telephone\":\"+34623787787\",\"email\":\"info@tablaosflamencos.com\"},\"openingHoursSpecification\":{\"@type\":\"OpeningHoursSpecification\",\"dayOfWeek\":[\"Monday\",\"Tuesday\",\"Wednesday\",\"Thursday\",\"Friday\",\"Saturday\",\"Sunday\"],\"opens\":\"00:00\",\"closes\":\"23:59\"},\"email\":\"info@tablaosflamencos.com\",\"priceRange\":\"$$$\",\"currenciesAccepted\":\"\u20ac\"},{\"@type\":\"Person\",\"@id\":\"https:\\\/\\\/www.tablaosflamencos.com\\\/it#\\\/schema\\\/person\\\/e7a9ebe14eb75a52ceabfbffb3c54f5d\",\"name\":\"Miguel Ortiz\",\"description\":\"Miguel Ortiz es un empresario flamenco, con una s\u00f3lida trayectoria dentro del sector. Ha presidido entidades culturales vinculadas al flamenco y, cuenta con un amplio recorrido profesional en la gesti\u00f3n y promoci\u00f3n de espect\u00e1culos y tablaos flamencos. Su pasi\u00f3n por la historia y el arte flamenco se refleja en cada art\u00edculo, donde combina experiencia, criterio y un profundo respeto por la tradici\u00f3n.\",\"sameAs\":[\"https:\\\/\\\/www.tablaosflamencos.com\",\"https:\\\/\\\/www.instagra.com\\\/miguelortizfe\",\"https:\\\/\\\/www.linkedin.com\\\/in\\\/miguelortizf\\\/\"],\"birthDate\":\"1984-11-22\",\"gender\":\"hombre\",\"knowsLanguage\":[\"espa\u00f1ol\",\"ingl\u00e9s\"],\"jobTitle\":\"Empresario flamenco\"},{\"@type\":\"PostalAddress\",\"@id\":\"https:\\\/\\\/www.tablaosflamencos.com\\\/it\\\/sara-baras-siviglia-2026-infinita-biennale.html#local-main-place-address\",\"streetAddress\":\"C\\\/ Alemanes, 19\",\"addressLocality\":\"Sevilla\",\"postalCode\":\"41004\",\"addressRegion\":\"Sevilla\",\"addressCountry\":\"ES\"},{\"@type\":\"ImageObject\",\"inLanguage\":\"it-IT\",\"@id\":\"https:\\\/\\\/www.tablaosflamencos.com\\\/it\\\/sara-baras-siviglia-2026-infinita-biennale.html#local-main-organization-logo\",\"url\":\"https:\\\/\\\/www.tablaosflamencos.com\\\/wp-content\\\/uploads\\\/tablaos-flamencos-06-3.webp\",\"contentUrl\":\"https:\\\/\\\/www.tablaosflamencos.com\\\/wp-content\\\/uploads\\\/tablaos-flamencos-06-3.webp\",\"width\":600,\"height\":620,\"caption\":\"Tablaos Flamencos\"}]}<\/script>\n<meta name=\"geo.placename\" content=\"Sevilla\" \/>\n<meta name=\"geo.position\" content=\"37.3868072;-5.993280299999999\" \/>\n<meta name=\"geo.region\" content=\"Spagna\" \/>\n<!-- \/ Yoast SEO Premium plugin. -->","yoast_head_json":{"title":"Sara Baras a Siviglia 2026: Infinita alla Biennale","description":"Sara Baras torna alla Biennale di Flamenco di Siviglia dopo 14 anni con Infinita: prima assoluta, date, concept, biglietti e dettagli dello spettacolo.","robots":{"index":"index","follow":"follow","max-snippet":"max-snippet:-1","max-image-preview":"max-image-preview:large","max-video-preview":"max-video-preview:-1"},"canonical":"https:\/\/www.tablaosflamencos.com\/it\/sara-baras-siviglia-2026-infinita-biennale.html","og_locale":"it_IT","og_type":"article","og_title":"Sara Baras a Siviglia nel 2026: Infinita e il suo ritorno alla Biennale","og_description":"Sara Baras torna alla Biennale di Flamenco di Siviglia dopo 14 anni con Infinita: prima assoluta, date, concept, biglietti e dettagli dello spettacolo.","og_url":"https:\/\/www.tablaosflamencos.com\/it\/sara-baras-siviglia-2026-infinita-biennale.html","og_site_name":"Tablaos Flamencos","article_publisher":"https:\/\/www.facebook.com\/tablaosflamencos","article_published_time":"2026-08-31T17:52:12+00:00","article_modified_time":"2026-08-31T18:17:27+00:00","og_image":[{"width":1920,"height":1072,"url":"https:\/\/www.tablaosflamencos.com\/wp-content\/uploads\/que-es-un-tablao-flamenco-y-como-elegir-el-adecuado-guia-practica-01.webp","type":"image\/webp"}],"author":"Miguel Ortiz","twitter_card":"summary_large_image","twitter_creator":"@tablaosflamenco","twitter_site":"@tablaosflamenco","twitter_misc":{"Scritto da":"Miguel Ortiz","Tempo di lettura stimato":"19 minuti"},"schema":{"@context":"https:\/\/schema.org","@graph":[{"@type":"Article","@id":"https:\/\/www.tablaosflamencos.com\/it\/sara-baras-siviglia-2026-infinita-biennale.html#article","isPartOf":{"@id":"https:\/\/www.tablaosflamencos.com\/it\/sara-baras-siviglia-2026-infinita-biennale.html"},"author":{"name":"Miguel Ortiz","@id":"https:\/\/www.tablaosflamencos.com\/it#\/schema\/person\/e7a9ebe14eb75a52ceabfbffb3c54f5d"},"headline":"Sara Baras a Siviglia nel 2026: Infinita e il suo ritorno alla Biennale","datePublished":"2026-08-31T17:52:12+00:00","dateModified":"2026-08-31T18:17:27+00:00","mainEntityOfPage":{"@id":"https:\/\/www.tablaosflamencos.com\/it\/sara-baras-siviglia-2026-infinita-biennale.html"},"wordCount":3820,"publisher":{"@id":"https:\/\/www.tablaosflamencos.com\/it#organization"},"image":{"@id":"https:\/\/www.tablaosflamencos.com\/it\/sara-baras-siviglia-2026-infinita-biennale.html#primaryimage"},"thumbnailUrl":"https:\/\/www.tablaosflamencos.com\/wp-content\/uploads\/sara-baras-en-sevilla-2026-infinita-y-su-regreso-a-la-bienal-01.avif","keywords":["agenda flamenca","Bienal 2026","Bienal de Flamenco","danza flamenca","festivales flamencos","flamenco en Sevilla","Sara Baras","sevilla"],"articleSection":["Biennale di Flamenco"],"inLanguage":"it-IT"},{"@type":"WebPage","@id":"https:\/\/www.tablaosflamencos.com\/it\/sara-baras-siviglia-2026-infinita-biennale.html","url":"https:\/\/www.tablaosflamencos.com\/it\/sara-baras-siviglia-2026-infinita-biennale.html","name":"Sara Baras a Siviglia 2026: Infinita alla Biennale","isPartOf":{"@id":"https:\/\/www.tablaosflamencos.com\/it#website"},"primaryImageOfPage":{"@id":"https:\/\/www.tablaosflamencos.com\/it\/sara-baras-siviglia-2026-infinita-biennale.html#primaryimage"},"image":{"@id":"https:\/\/www.tablaosflamencos.com\/it\/sara-baras-siviglia-2026-infinita-biennale.html#primaryimage"},"thumbnailUrl":"https:\/\/www.tablaosflamencos.com\/wp-content\/uploads\/sara-baras-en-sevilla-2026-infinita-y-su-regreso-a-la-bienal-01.avif","datePublished":"2026-08-31T17:52:12+00:00","dateModified":"2026-08-31T18:17:27+00:00","description":"Sara Baras torna alla Biennale di Flamenco di Siviglia dopo 14 anni con Infinita: prima assoluta, date, concept, biglietti e dettagli dello spettacolo.","breadcrumb":{"@id":"https:\/\/www.tablaosflamencos.com\/it\/sara-baras-siviglia-2026-infinita-biennale.html#breadcrumb"},"inLanguage":"it-IT","potentialAction":[{"@type":"ReadAction","target":["https:\/\/www.tablaosflamencos.com\/it\/sara-baras-siviglia-2026-infinita-biennale.html"]}]},{"@type":"ImageObject","inLanguage":"it-IT","@id":"https:\/\/www.tablaosflamencos.com\/it\/sara-baras-siviglia-2026-infinita-biennale.html#primaryimage","url":"https:\/\/www.tablaosflamencos.com\/wp-content\/uploads\/sara-baras-en-sevilla-2026-infinita-y-su-regreso-a-la-bienal-01.avif","contentUrl":"https:\/\/www.tablaosflamencos.com\/wp-content\/uploads\/sara-baras-en-sevilla-2026-infinita-y-su-regreso-a-la-bienal-01.avif","width":1920,"height":1279,"caption":"Sara Baras en Sevilla 2026: Infinita y su regreso a la Bienal"},{"@type":"BreadcrumbList","@id":"https:\/\/www.tablaosflamencos.com\/it\/sara-baras-siviglia-2026-infinita-biennale.html#breadcrumb","itemListElement":[{"@type":"ListItem","position":1,"name":"Home","item":"https:\/\/www.tablaosflamencos.com\/it"},{"@type":"ListItem","position":2,"name":"Sara Baras a Siviglia nel 2026: Infinita e il suo ritorno alla Biennale"}]},{"@type":"WebSite","@id":"https:\/\/www.tablaosflamencos.com\/it#website","url":"https:\/\/www.tablaosflamencos.com\/it","name":"Tablaos Flamencos","description":"Entradas para tablaos flamencos de Espa\u00f1a","publisher":{"@id":"https:\/\/www.tablaosflamencos.com\/it#organization"},"alternateName":"Tablaos Flamencos","potentialAction":[{"@type":"SearchAction","target":{"@type":"EntryPoint","urlTemplate":"https:\/\/www.tablaosflamencos.com\/it?s={search_term_string}"},"query-input":{"@type":"PropertyValueSpecification","valueRequired":true,"valueName":"search_term_string"}}],"inLanguage":"it-IT"},{"@type":["Organization","Place","EntertainmentBusiness"],"@id":"https:\/\/www.tablaosflamencos.com\/it#organization","name":"Tablaos Flamencos","alternateName":"Tablaos Flamencos","url":"https:\/\/www.tablaosflamencos.com\/it","logo":{"@id":"https:\/\/www.tablaosflamencos.com\/it\/sara-baras-siviglia-2026-infinita-biennale.html#local-main-organization-logo"},"image":{"@id":"https:\/\/www.tablaosflamencos.com\/it\/sara-baras-siviglia-2026-infinita-biennale.html#local-main-organization-logo"},"sameAs":["https:\/\/www.facebook.com\/tablaosflamencos","https:\/\/x.com\/tablaosflamenco","https:\/\/mastodon.social\/@tablaosflamencos","https:\/\/www.instagram.com\/tablaosflamencos","https:\/\/tiktok.com\/@tablaosflamencos","https:\/\/www.linkedin.com\/company\/109408238\/"],"description":"Venta de entradas para espect\u00e1culos flamencos","legalName":"Tablaos Flamencos","foundingDate":"2015-01-01","numberOfEmployees":{"@type":"QuantitativeValue","minValue":"1","maxValue":"10"},"address":{"@id":"https:\/\/www.tablaosflamencos.com\/it\/sara-baras-siviglia-2026-infinita-biennale.html#local-main-place-address"},"geo":{"@type":"GeoCoordinates","latitude":"37.3868072","longitude":"-5.993280299999999"},"telephone":["+34623787787"],"contactPoint":{"@type":"ContactPoint","telephone":"+34623787787","email":"info@tablaosflamencos.com"},"openingHoursSpecification":{"@type":"OpeningHoursSpecification","dayOfWeek":["Monday","Tuesday","Wednesday","Thursday","Friday","Saturday","Sunday"],"opens":"00:00","closes":"23:59"},"email":"info@tablaosflamencos.com","priceRange":"$$$","currenciesAccepted":"\u20ac"},{"@type":"Person","@id":"https:\/\/www.tablaosflamencos.com\/it#\/schema\/person\/e7a9ebe14eb75a52ceabfbffb3c54f5d","name":"Miguel Ortiz","description":"Miguel Ortiz es un empresario flamenco, con una s\u00f3lida trayectoria dentro del sector. Ha presidido entidades culturales vinculadas al flamenco y, cuenta con un amplio recorrido profesional en la gesti\u00f3n y promoci\u00f3n de espect\u00e1culos y tablaos flamencos. Su pasi\u00f3n por la historia y el arte flamenco se refleja en cada art\u00edculo, donde combina experiencia, criterio y un profundo respeto por la tradici\u00f3n.","sameAs":["https:\/\/www.tablaosflamencos.com","https:\/\/www.instagra.com\/miguelortizfe","https:\/\/www.linkedin.com\/in\/miguelortizf\/"],"birthDate":"1984-11-22","gender":"hombre","knowsLanguage":["espa\u00f1ol","ingl\u00e9s"],"jobTitle":"Empresario flamenco"},{"@type":"PostalAddress","@id":"https:\/\/www.tablaosflamencos.com\/it\/sara-baras-siviglia-2026-infinita-biennale.html#local-main-place-address","streetAddress":"C\/ Alemanes, 19","addressLocality":"Sevilla","postalCode":"41004","addressRegion":"Sevilla","addressCountry":"ES"},{"@type":"ImageObject","inLanguage":"it-IT","@id":"https:\/\/www.tablaosflamencos.com\/it\/sara-baras-siviglia-2026-infinita-biennale.html#local-main-organization-logo","url":"https:\/\/www.tablaosflamencos.com\/wp-content\/uploads\/tablaos-flamencos-06-3.webp","contentUrl":"https:\/\/www.tablaosflamencos.com\/wp-content\/uploads\/tablaos-flamencos-06-3.webp","width":600,"height":620,"caption":"Tablaos Flamencos"}]},"geo.placename":"Sevilla","geo.position":{"lat":"37.3868072","long":"-5.993280299999999"},"geo.region":"Spagna"},"_links":{"self":[{"href":"https:\/\/www.tablaosflamencos.com\/it\/wp-json\/wp\/v2\/posts\/13748","targetHints":{"allow":["GET"]}}],"collection":[{"href":"https:\/\/www.tablaosflamencos.com\/it\/wp-json\/wp\/v2\/posts"}],"about":[{"href":"https:\/\/www.tablaosflamencos.com\/it\/wp-json\/wp\/v2\/types\/post"}],"author":[{"embeddable":true,"href":"https:\/\/www.tablaosflamencos.com\/it\/wp-json\/wp\/v2\/users\/1"}],"replies":[{"embeddable":true,"href":"https:\/\/www.tablaosflamencos.com\/it\/wp-json\/wp\/v2\/comments?post=13748"}],"version-history":[{"count":1,"href":"https:\/\/www.tablaosflamencos.com\/it\/wp-json\/wp\/v2\/posts\/13748\/revisions"}],"predecessor-version":[{"id":13779,"href":"https:\/\/www.tablaosflamencos.com\/it\/wp-json\/wp\/v2\/posts\/13748\/revisions\/13779"}],"wp:featuredmedia":[{"embeddable":true,"href":"https:\/\/www.tablaosflamencos.com\/it\/wp-json\/wp\/v2\/media\/13720"}],"wp:attachment":[{"href":"https:\/\/www.tablaosflamencos.com\/it\/wp-json\/wp\/v2\/media?parent=13748"}],"wp:term":[{"taxonomy":"category","embeddable":true,"href":"https:\/\/www.tablaosflamencos.com\/it\/wp-json\/wp\/v2\/categories?post=13748"},{"taxonomy":"post_tag","embeddable":true,"href":"https:\/\/www.tablaosflamencos.com\/it\/wp-json\/wp\/v2\/tags?post=13748"}],"curies":[{"name":"wp","href":"https:\/\/api.w.org\/{rel}","templated":true}]}}