{"id":13722,"date":"2026-08-31T19:32:09","date_gmt":"2026-08-31T17:32:09","guid":{"rendered":"https:\/\/www.tablaosflamencos.com\/?p=13722"},"modified":"2026-08-31T20:13:07","modified_gmt":"2026-08-31T18:13:07","slug":"biennale-esaurita-dove-vedere-flamenco-stasera-siviglia","status":"publish","type":"post","link":"https:\/\/www.tablaosflamencos.com\/it\/biennale-esaurita-dove-vedere-flamenco-stasera-siviglia.html","title":{"rendered":"Biennale esaurita: dove vedere flamenco stasera a Siviglia"},"content":{"rendered":"<section class=\"l-section wpb_row height_huge\"><div class=\"l-section-h i-cf\"><div class=\"g-cols vc_row via_flex valign_top type_default stacking_default\"><div class=\"vc_col-sm-12 wpb_column vc_column_container\"><div class=\"vc_column-inner\"><div class=\"wpb_wrapper\"><div class=\"wpb_text_column\"><div class=\"wpb_wrapper\"><h2>Bienal agotada: c\u00f3mo encontrar flamenco para esta misma noche en Sevilla<\/h2>\n<p>Has llegado a Sevilla durante la <strong>XXIV Bienal de Flamenco<\/strong>, quer\u00edas ver un espect\u00e1culo concreto y al entrar en la venta oficial aparece el mensaje que nadie quiere encontrar: <strong>entradas agotadas<\/strong>. Si adem\u00e1s faltan pocas horas para la funci\u00f3n, la pregunta ya no es qu\u00e9 hacer durante el resto del festival, sino algo mucho m\u00e1s pr\u00e1ctico: <strong>\u00bfd\u00f3nde puedo ver flamenco hoy en Sevilla?<\/strong><\/p>\n<p>La buena noticia es que una funci\u00f3n agotada de la Bienal no significa una noche sin flamenco. Sevilla mantiene durante todo el a\u00f1o una oferta estable de tablaos y salas con espect\u00e1culos de cante, baile y guitarra, muchos de ellos con varios pases, reserva online y confirmaci\u00f3n inmediata. Durante las semanas de la Bienal, estos espacios son adem\u00e1s una alternativa especialmente l\u00f3gica para quien quiere aprovechar la noche sin depender de una devoluci\u00f3n de \u00faltima hora.<\/p>\n<p>Esta gu\u00eda est\u00e1 pensada para ese momento concreto. No pretende sustituir nuestra gu\u00eda general sobre <a href=\"https:\/\/www.tablaosflamencos.com\/bienal-flamenco-2026-entradas-agotadas-que-ver.html\"><strong>qu\u00e9 hacer cuando una funci\u00f3n de la Bienal est\u00e1 agotada<\/strong><\/a>. Aqu\u00ed vamos un paso m\u00e1s all\u00e1: si la funci\u00f3n era esta noche, te ayudamos a decidir <strong>qu\u00e9 tablao elegir, en qu\u00e9 zona buscar y c\u00f3mo asegurar una entrada sin perder tiempo<\/strong>.<\/p>\n<p>La XXIV Bienal se celebra del <strong>9 de septiembre al 3 de octubre de 2026<\/strong>. La disponibilidad de la programaci\u00f3n oficial y de los tablaos cambia continuamente, por lo que conviene comprobar siempre las plazas reales en el momento de reservar.<\/p>\n<\/div><\/div><div class=\"w-separator size_medium\"><\/div><div class=\"w-hwrapper valign_top wrap stack_on_mobiles align_center\" style=\"--hwrapper-gap:1.2rem\"><div class=\"w-btn-wrapper align_none\"><a class=\"w-btn us-btn-style_1\" href=\"https:\/\/www.tablaosflamencos.com\/it\/flamenco-a-siviglia\"><span class=\"w-btn-label\">Ver flamenco disponible en Sevilla<\/span><\/a><\/div><div class=\"w-btn-wrapper align_none\"><a class=\"w-btn us-btn-style_1\" href=\"https:\/\/www.tablaosflamencos.com\/it\/biennale-flamenco-siviglia-2026-biglietti-esauriti-alternative.html\"><span class=\"w-btn-label\">Qu\u00e9 hacer si la Bienal est\u00e1 agotada<\/span><\/a><\/div><\/div><\/div><\/div><\/div><\/div><\/div><\/section><section class=\"l-section wpb_row height_huge color_alternate with_shape\"><div class=\"l-section-shape type_zigzag pos_top hor_flip\" style=\"height:3vmin;\"><svg xmlns=\"http:\/\/www.w3.org\/2000\/svg\" viewBox=\"0 0 64 8\" preserveAspectRatio=\"none\" width=\"100%\" height=\"100%\">\r\n\t<path fill=\"currentColor\" d=\"M64 8 L0 8 L0 0 L20 7.9 L40 3 L48 5 L64 0 Z\"\/>\r\n<\/svg><\/div><div class=\"l-section-shape type_zigzag pos_bottom\" style=\"height:3vmin;\"><svg xmlns=\"http:\/\/www.w3.org\/2000\/svg\" viewBox=\"0 0 64 8\" preserveAspectRatio=\"none\" width=\"100%\" height=\"100%\">\r\n\t<path fill=\"currentColor\" d=\"M64 8 L0 8 L0 0 L20 7.9 L40 3 L48 5 L64 0 Z\"\/>\r\n<\/svg><\/div><div class=\"l-section-h i-cf\"><div class=\"g-cols vc_row via_flex valign_top type_default stacking_default\"><div class=\"vc_col-sm-12 wpb_column vc_column_container\"><div class=\"vc_column-inner\"><div class=\"wpb_wrapper\"><div class=\"wpb_text_column\"><div class=\"wpb_wrapper\"><blockquote>\n<p><strong>Respuesta r\u00e1pida:<\/strong> si la funci\u00f3n de la Bienal que quer\u00edas ver est\u00e1 agotada, comprueba primero si existe otra funci\u00f3n oficial con entradas. Si buscas flamenco para esta misma noche, no dependas de que aparezca una devoluci\u00f3n: abre nuestra selecci\u00f3n de <strong>flamenco en Sevilla<\/strong>, comprueba la disponibilidad del d\u00eda y elige un tablao seg\u00fan tu ubicaci\u00f3n y el tipo de experiencia. En el centro tienes opciones junto a Las Setas, Plaza Nueva, Santa Cruz, la Giralda, Las Due\u00f1as y la calle Zaragoza, con formatos que van desde salas de apenas 20 personas hasta tablaos con gastronom\u00eda y varias modalidades de entrada.<\/p>\n<\/blockquote>\n<\/div><\/div><\/div><\/div><\/div><\/div><\/div><\/section><section class=\"l-section wpb_row height_huge\"><div class=\"l-section-h i-cf\"><div class=\"g-cols vc_row via_flex valign_top type_default stacking_default\"><div class=\"vc_col-sm-1\/5 wpb_column vc_column_container\"><div class=\"vc_column-inner\"><div class=\"wpb_wrapper\"><\/div><\/div><\/div><div class=\"vc_col-sm-3\/5 wpb_column vc_column_container\"><div class=\"vc_column-inner\"><div class=\"wpb_wrapper\"><div class=\"wpb_text_column\"><div class=\"wpb_wrapper\"><h2 style=\"text-align: center;\">Contenido de esta gu\u00eda<\/h2>\n<ul>\n<li><a href=\"#comprobar-bienal\">Primero: confirma si est\u00e1 agotada tu funci\u00f3n o toda tu franja<\/a><\/li>\n<li><a href=\"#si-faltan-pocas-horas\">Qu\u00e9 hacer si faltan pocas horas para el espect\u00e1culo<\/a><\/li>\n<li><a href=\"#donde-ver-flamenco-hoy-sevilla\">D\u00f3nde ver flamenco hoy en Sevilla<\/a><\/li>\n<li><a href=\"#tablaos-segun-zona\">Tablaos seg\u00fan zona y tipo de experiencia<\/a><\/li>\n<li><a href=\"#elegir-tablao-experiencia\">Qu\u00e9 elegir si quieres cena, intimidad o una opci\u00f3n c\u00e9ntrica<\/a><\/li>\n<li><a href=\"#flamenco-ultima-hora\">Qu\u00e9 hacer si ya son las 19:00 o las 20:00<\/a><\/li>\n<li><a href=\"#bienal-y-tablao\">Bienal y tablao: dos experiencias diferentes<\/a><\/li>\n<li><a href=\"#errores-evitar\">Errores que conviene evitar<\/a><\/li>\n<li><a href=\"#preguntas-frecuentes\">Preguntas frecuentes<\/a><\/li>\n<\/ul>\n<\/div><\/div><\/div><\/div><\/div><div class=\"vc_col-sm-1\/5 wpb_column vc_column_container\"><div class=\"vc_column-inner\"><div class=\"wpb_wrapper\"><\/div><\/div><\/div><\/div><\/div><\/section><section class=\"l-section wpb_row height_huge\"><div class=\"l-section-h i-cf\"><div class=\"g-cols vc_row via_flex valign_top type_default stacking_default\"><div class=\"vc_col-sm-12 wpb_column vc_column_container\"><div class=\"vc_column-inner\"><div class=\"wpb_wrapper\"><div class=\"wpb_text_column\"><div class=\"wpb_wrapper\"><h2 id=\"comprobar-bienal\">Primero: una funci\u00f3n agotada no significa que toda la Bienal est\u00e9 agotada<\/h2>\n<p>Antes de cambiar de plan conviene hacer una comprobaci\u00f3n muy sencilla. La Bienal no tiene una \u00fanica entrada: <strong>cada espect\u00e1culo se vende por separado<\/strong>, con su propio recinto y aforo. Por eso, una funci\u00f3n puede estar agotada mientras otra de la misma noche todav\u00eda tiene localidades.<\/p>\n<p>La edici\u00f3n de 2026 est\u00e1 registrando una demanda especialmente fuerte. La propia organizaci\u00f3n ha comunicado distintas funciones con localidades agotadas, entre ellas propuestas de Ana Morales y Encarna Anillo, y otras citas ya hab\u00edan colgado el cartel de <em>sold out<\/em> meses antes del inicio del festival. Pero esto no permite afirmar que \u201cla Bienal est\u00e1 agotada\u201d en su conjunto.<\/p>\n<p>Si faltan varias horas, entra primero en la <a href=\"https:\/\/www.labienal.com\/programa-general\" target=\"_blank\" rel=\"noopener\"><strong>programaci\u00f3n oficial de la Bienal<\/strong><\/a> y revisa qu\u00e9 ocurre esa misma fecha. Puede que tu primera opci\u00f3n est\u00e9 completa y todav\u00eda exista otra funci\u00f3n compatible.<\/p>\n<p>La organizaci\u00f3n indica adem\u00e1s que puede haber venta en el recinto una hora antes de cada espect\u00e1culo <strong>si quedan localidades disponibles<\/strong>. Esto no significa que se guarden entradas para una funci\u00f3n ya agotada. Si el sistema oficial marca <em>sold out<\/em>, presentarse en taquilla debe entenderse como una posibilidad incierta, no como el plan principal de la noche.<\/p>\n<\/div><\/div><\/div><\/div><\/div><\/div><\/div><\/section><section class=\"l-section wpb_row height_huge color_alternate with_shape\"><div class=\"l-section-shape type_zigzag pos_top hor_flip\" style=\"height:3vmin;\"><svg xmlns=\"http:\/\/www.w3.org\/2000\/svg\" viewBox=\"0 0 64 8\" preserveAspectRatio=\"none\" width=\"100%\" height=\"100%\">\r\n\t<path fill=\"currentColor\" d=\"M64 8 L0 8 L0 0 L20 7.9 L40 3 L48 5 L64 0 Z\"\/>\r\n<\/svg><\/div><div class=\"l-section-shape type_zigzag pos_bottom\" style=\"height:3vmin;\"><svg xmlns=\"http:\/\/www.w3.org\/2000\/svg\" viewBox=\"0 0 64 8\" preserveAspectRatio=\"none\" width=\"100%\" height=\"100%\">\r\n\t<path fill=\"currentColor\" d=\"M64 8 L0 8 L0 0 L20 7.9 L40 3 L48 5 L64 0 Z\"\/>\r\n<\/svg><\/div><div class=\"l-section-h i-cf\"><div class=\"g-cols vc_row via_flex valign_top type_default stacking_default\"><div class=\"vc_col-sm-4 wpb_column vc_column_container\"><div class=\"vc_column-inner\"><div class=\"wpb_wrapper\"><div class=\"wpb_text_column\"><div class=\"wpb_wrapper\"><h3 id=\"si-faltan-pocas-horas\">1. Comprueba la Bienal<\/h3>\n<p>Revisa la programaci\u00f3n oficial de tu fecha y confirma que tu funci\u00f3n est\u00e1 realmente agotada. Si existe otra propuesta que te interesa y tiene entradas, res\u00e9rvala antes de seguir comparando.<\/p>\n<\/div><\/div><\/div><\/div><\/div><div class=\"vc_col-sm-4 wpb_column vc_column_container\"><div class=\"vc_column-inner\"><div class=\"wpb_wrapper\"><div class=\"wpb_text_column\"><div class=\"wpb_wrapper\"><h3>2. Define tu hora l\u00edmite<\/h3>\n<p>Si quieres ver flamenco esta noche, no esperes indefinidamente una devoluci\u00f3n. Decide hasta qu\u00e9 hora est\u00e1s dispuesto a mantener abierta la opci\u00f3n de la Bienal y, pasado ese momento, asegura otro espect\u00e1culo.<\/p>\n<\/div><\/div><\/div><\/div><\/div><div class=\"vc_col-sm-4 wpb_column vc_column_container\"><div class=\"vc_column-inner\"><div class=\"wpb_wrapper\"><div class=\"wpb_text_column\"><div class=\"wpb_wrapper\"><h3>3. Reserva el tablao<\/h3>\n<p>Compara los tablaos de Sevilla, elige el que encaje con tu ubicaci\u00f3n, horario y tipo de plan y completa la reserva. En fechas de Bienal la demanda puede aumentar tambi\u00e9n en los espect\u00e1culos estables.<\/p>\n<\/div><\/div><\/div><\/div><\/div><\/div><\/div><\/section><section class=\"l-section wpb_row height_huge\"><div class=\"l-section-h i-cf\"><div class=\"g-cols vc_row via_flex valign_top type_default stacking_default\"><div class=\"vc_col-sm-12 wpb_column vc_column_container\"><div class=\"vc_column-inner\"><div class=\"wpb_wrapper\"><div class=\"wpb_text_column\"><div class=\"wpb_wrapper\"><h2 id=\"donde-ver-flamenco-hoy-sevilla\">D\u00f3nde ver flamenco hoy en Sevilla si no tienes entrada para la Bienal<\/h2>\n<p>La mejor alternativa depende menos de encontrar un supuesto \u201cmejor tablao\u201d que de elegir el que encaje con tu situaci\u00f3n real. Si est\u00e1s en Santa Cruz y faltan dos horas, no tiene demasiado sentido cruzar la ciudad para perseguir una diferencia m\u00ednima. Si quieres cenar durante la experiencia, conviene buscar un espacio que ya integre gastronom\u00eda. Si lo que buscabas en la Bienal era cercan\u00eda y escucha, una sala muy peque\u00f1a puede darte justo lo que necesitas.<\/p>\n<p>Estas son algunas de las opciones que puedes comparar en nuestra web. <strong>La disponibilidad exacta debe comprobarse para la fecha y el n\u00famero de personas en el momento de reservar.<\/strong><\/p>\n<\/div><\/div><\/div><\/div><\/div><\/div><\/div><\/section><section class=\"l-section wpb_row height_huge\"><div class=\"l-section-h i-cf\"><div class=\"g-cols vc_row via_flex valign_top type_default stacking_default\"><div class=\"vc_col-sm-6 wpb_column vc_column_container\"><div class=\"vc_column-inner\"><div class=\"wpb_wrapper\"><div class=\"wpb_text_column\"><div class=\"wpb_wrapper\"><h2>Tablao Flamenco Las Setas: una opci\u00f3n muy c\u00e9ntrica y f\u00e1cil de encajar<\/h2>\n<p>Si te encuentras en el entorno de la Encarnaci\u00f3n, Alameda, Regina o el casco hist\u00f3rico norte, <a href=\"https:\/\/www.tablaosflamencos.com\/tablao\/tablao-flamenco-las-setas\"><strong>Tablao Flamenco Las Setas<\/strong><\/a> es una de las alternativas m\u00e1s sencillas para resolver una noche sin entrada de la Bienal. Est\u00e1 integrado en el entorno del Metropol Parasol y plantea una experiencia cuidada, \u00edntima y muy f\u00e1cil de combinar con una tarde por el centro.<\/p>\n<p>Es especialmente interesante para quien busca una propuesta c\u00f3moda y de nivel esc\u00e9nico alto, con opciones que pueden incorporar bebidas, vinos de Jerez o tapas seg\u00fan la modalidad disponible. Si ya est\u00e1s cerca de Las Setas, la ventaja principal es log\u00edstica: puedes reorganizar el plan sin perder media noche en desplazamientos.<\/p>\n<\/div><\/div><\/div><\/div><\/div><div class=\"vc_col-sm-6 wpb_column vc_column_container\"><div class=\"vc_column-inner\"><div class=\"wpb_wrapper\"><div class=\"wpb_text_column\"><div class=\"wpb_wrapper\"><h3>Te puede encajar si&#8230;<\/h3>\n<ul>\n<li>Est\u00e1s por Las Setas, Alameda o el centro norte.<\/li>\n<li>Buscas una experiencia cuidada y c\u00e9ntrica.<\/li>\n<li>Quieres resolver la noche con poco desplazamiento.<\/li>\n<li>Prefieres consultar distintas modalidades de entrada.<\/li>\n<\/ul>\n<\/div><\/div><\/div><\/div><\/div><\/div><\/div><\/section><section class=\"l-section wpb_row height_huge color_alternate with_shape\"><div class=\"l-section-shape type_zigzag pos_top hor_flip\" style=\"height:3vmin;\"><svg xmlns=\"http:\/\/www.w3.org\/2000\/svg\" viewBox=\"0 0 64 8\" preserveAspectRatio=\"none\" width=\"100%\" height=\"100%\">\r\n\t<path fill=\"currentColor\" d=\"M64 8 L0 8 L0 0 L20 7.9 L40 3 L48 5 L64 0 Z\"\/>\r\n<\/svg><\/div><div class=\"l-section-shape type_zigzag pos_bottom\" style=\"height:3vmin;\"><svg xmlns=\"http:\/\/www.w3.org\/2000\/svg\" viewBox=\"0 0 64 8\" preserveAspectRatio=\"none\" width=\"100%\" height=\"100%\">\r\n\t<path fill=\"currentColor\" d=\"M64 8 L0 8 L0 0 L20 7.9 L40 3 L48 5 L64 0 Z\"\/>\r\n<\/svg><\/div><div class=\"l-section-h i-cf\"><div class=\"g-cols vc_row via_flex valign_top type_default stacking_default\"><div class=\"vc_col-sm-6 wpb_column vc_column_container\"><div class=\"vc_column-inner\"><div class=\"wpb_wrapper\"><div class=\"wpb_text_column\"><div class=\"wpb_wrapper\"><h2>Tablao Flamenco La Cantaora: si quieres convertir el plan B en una noche completa<\/h2>\n<p>Para quien estaba pensando en cenar antes o despu\u00e9s de la Bienal, <a href=\"https:\/\/www.tablaosflamencos.com\/tablao\/tablao-flamenco-la-cantaora\"><strong>Tablao Flamenco La Cantaora<\/strong><\/a> tiene una ventaja clara: permite integrar flamenco y gastronom\u00eda en el mismo plan. Se encuentra junto a Plaza Nueva, en pleno centro, y trabaja un formato inspirado en la atm\u00f3sfera de los antiguos caf\u00e9s cantantes.<\/p>\n<p>Su aforo es reducido y existen modalidades con c\u00f3ctel, tapa, asiento preferente o cena completa. Esto puede ser especialmente pr\u00e1ctico si la cancelaci\u00f3n de tu plan original te ha dejado tambi\u00e9n sin reserva para cenar: en lugar de improvisar dos sitios distintos, puedes concentrar la velada en una sola experiencia.<\/p>\n<\/div><\/div><\/div><\/div><\/div><div class=\"vc_col-sm-6 wpb_column vc_column_container\"><div class=\"vc_column-inner\"><div class=\"wpb_wrapper\"><div class=\"wpb_text_column\"><div class=\"wpb_wrapper\"><h3>Te puede encajar si&#8230;<\/h3>\n<ul>\n<li>Est\u00e1s cerca de Plaza Nueva, Arenal o Catedral.<\/li>\n<li>Quieres espect\u00e1culo y gastronom\u00eda.<\/li>\n<li>Viajas en pareja o buscas una velada completa.<\/li>\n<li>Prefieres un espacio peque\u00f1o y c\u00f3modo.<\/li>\n<\/ul>\n<\/div><\/div><\/div><\/div><\/div><\/div><\/div><\/section><section class=\"l-section wpb_row height_huge\"><div class=\"l-section-h i-cf\"><div class=\"g-cols vc_row via_flex valign_top type_default stacking_default\"><div class=\"vc_col-sm-6 wpb_column vc_column_container\"><div class=\"vc_column-inner\"><div class=\"wpb_wrapper\"><div class=\"wpb_text_column\"><div class=\"wpb_wrapper\"><h2>Casa Duende Tablao: flamenco en el casco antiguo con un formato participativo<\/h2>\n<p><a href=\"https:\/\/www.tablaosflamencos.com\/tablao\/casa-duende-tablao\"><strong>Casa Duende Tablao<\/strong><\/a> propone un espect\u00e1culo de alrededor de una hora en el casco antiguo, combinando cante, baile y guitarra con un final de fiesta m\u00e1s participativo. Puede ser una buena opci\u00f3n para alguien que llega al flamenco por primera vez y quiere un formato directo, f\u00e1cil de seguir y cercano.<\/p>\n<p>Tambi\u00e9n ofrece modalidades con degustaci\u00f3n y mesa, lo que permite ajustar el plan sin necesidad de convertir la noche en una cena formal. Si viajas con amigos, familia o un grupo peque\u00f1o, este car\u00e1cter m\u00e1s abierto puede encajar mejor que una experiencia excesivamente solemne.<\/p>\n<\/div><\/div><\/div><\/div><\/div><div class=\"vc_col-sm-6 wpb_column vc_column_container\"><div class=\"vc_column-inner\"><div class=\"wpb_wrapper\"><div class=\"wpb_text_column\"><div class=\"wpb_wrapper\"><h3>Te puede encajar si&#8230;<\/h3>\n<ul>\n<li>Quieres un formato accesible para una primera experiencia.<\/li>\n<li>Viajas en pareja, familia o grupo.<\/li>\n<li>Te interesa combinar espect\u00e1culo y una peque\u00f1a degustaci\u00f3n.<\/li>\n<li>Buscas ambiente y cercan\u00eda en el casco antiguo.<\/li>\n<\/ul>\n<\/div><\/div><\/div><\/div><\/div><\/div><\/div><\/section><section class=\"l-section wpb_row height_huge color_alternate with_shape\"><div class=\"l-section-shape type_zigzag pos_top hor_flip\" style=\"height:3vmin;\"><svg xmlns=\"http:\/\/www.w3.org\/2000\/svg\" viewBox=\"0 0 64 8\" preserveAspectRatio=\"none\" width=\"100%\" height=\"100%\">\r\n\t<path fill=\"currentColor\" d=\"M64 8 L0 8 L0 0 L20 7.9 L40 3 L48 5 L64 0 Z\"\/>\r\n<\/svg><\/div><div class=\"l-section-shape type_zigzag pos_bottom\" style=\"height:3vmin;\"><svg xmlns=\"http:\/\/www.w3.org\/2000\/svg\" viewBox=\"0 0 64 8\" preserveAspectRatio=\"none\" width=\"100%\" height=\"100%\">\r\n\t<path fill=\"currentColor\" d=\"M64 8 L0 8 L0 0 L20 7.9 L40 3 L48 5 L64 0 Z\"\/>\r\n<\/svg><\/div><div class=\"l-section-h i-cf\"><div class=\"g-cols vc_row via_flex valign_top type_default stacking_default\"><div class=\"vc_col-sm-6 wpb_column vc_column_container\"><div class=\"vc_column-inner\"><div class=\"wpb_wrapper\"><div class=\"wpb_text_column\"><div class=\"wpb_wrapper\"><h2>Flamenco Las Due\u00f1as: una alternativa \u00edntima junto al Palacio de las Due\u00f1as<\/h2>\n<p>Si te mueves por Santa Catalina, San Marcos, Feria o el entorno del Palacio de las Due\u00f1as, <a href=\"https:\/\/www.tablaosflamencos.com\/tablao\/tablao-flamenco-las-duenas\"><strong>Flamenco Las Due\u00f1as<\/strong><\/a> permite mantener la noche en esa zona del centro sin regresar hacia Catedral o Arenal.<\/p>\n<p>La propuesta est\u00e1 planteada desde la cercan\u00eda, con cante, guitarra y baile en un espacio \u00edntimo. Resulta \u00fatil para quien busca un espect\u00e1culo directo y tradicional y, sobre todo, para quien valora resolver la noche con una ubicaci\u00f3n que encaje con el paseo o la cena que ya ten\u00eda previstos.<\/p>\n<\/div><\/div><\/div><\/div><\/div><div class=\"vc_col-sm-6 wpb_column vc_column_container\"><div class=\"vc_column-inner\"><div class=\"wpb_wrapper\"><div class=\"wpb_text_column\"><div class=\"wpb_wrapper\"><h3>Te puede encajar si&#8230;<\/h3>\n<ul>\n<li>Est\u00e1s en Santa Catalina, Feria o San Marcos.<\/li>\n<li>Quieres una sala \u00edntima.<\/li>\n<li>Prefieres un formato tradicional de cante, baile y guitarra.<\/li>\n<li>No quieres desplazarte hacia la zona monumental.<\/li>\n<\/ul>\n<\/div><\/div><\/div><\/div><\/div><\/div><\/div><\/section><section class=\"l-section wpb_row height_huge\"><div class=\"l-section-h i-cf\"><div class=\"g-cols vc_row via_flex valign_top type_default stacking_default\"><div class=\"vc_col-sm-6 wpb_column vc_column_container\"><div class=\"vc_column-inner\"><div class=\"wpb_wrapper\"><div class=\"wpb_text_column\"><div class=\"wpb_wrapper\"><h2>Tablao Flamenco Giralda: flamenco, vinos y tapas junto a la zona monumental<\/h2>\n<p>Si la noche te ha pillado en el eje Catedral\u2013Giralda\u2013Santa Cruz, <a href=\"https:\/\/www.tablaosflamencos.com\/tablao\/tablao-flamenco-giralda\"><strong>Tablao Flamenco Giralda<\/strong><\/a> es una alternativa especialmente c\u00f3moda. Combina un espect\u00e1culo \u00edntimo con una taberna flamenca y opciones de vinos y tapas, de modo que permite mantener todo el plan dentro del centro monumental.<\/p>\n<p>Es una opci\u00f3n l\u00f3gica cuando no quieres complicar la log\u00edstica: terminas una visita, paseo o cena por la zona y puedes incorporar flamenco sin rehacer completamente la noche.<\/p>\n<\/div><\/div><\/div><\/div><\/div><div class=\"vc_col-sm-6 wpb_column vc_column_container\"><div class=\"vc_column-inner\"><div class=\"wpb_wrapper\"><div class=\"wpb_text_column\"><div class=\"wpb_wrapper\"><h3>Te puede encajar si&#8230;<\/h3>\n<ul>\n<li>Est\u00e1s junto a Catedral, Giralda o Santa Cruz.<\/li>\n<li>Quieres acompa\u00f1ar el espect\u00e1culo con tapas o bebidas.<\/li>\n<li>Buscas una opci\u00f3n pr\u00e1ctica y c\u00e9ntrica.<\/li>\n<li>Te interesa una funci\u00f3n de aproximadamente una hora.<\/li>\n<\/ul>\n<\/div><\/div><\/div><\/div><\/div><\/div><\/div><\/section><section class=\"l-section wpb_row height_huge color_alternate with_shape\"><div class=\"l-section-shape type_zigzag pos_top hor_flip\" style=\"height:3vmin;\"><svg xmlns=\"http:\/\/www.w3.org\/2000\/svg\" viewBox=\"0 0 64 8\" preserveAspectRatio=\"none\" width=\"100%\" height=\"100%\">\r\n\t<path fill=\"currentColor\" d=\"M64 8 L0 8 L0 0 L20 7.9 L40 3 L48 5 L64 0 Z\"\/>\r\n<\/svg><\/div><div class=\"l-section-shape type_zigzag pos_bottom\" style=\"height:3vmin;\"><svg xmlns=\"http:\/\/www.w3.org\/2000\/svg\" viewBox=\"0 0 64 8\" preserveAspectRatio=\"none\" width=\"100%\" height=\"100%\">\r\n\t<path fill=\"currentColor\" d=\"M64 8 L0 8 L0 0 L20 7.9 L40 3 L48 5 L64 0 Z\"\/>\r\n<\/svg><\/div><div class=\"l-section-h i-cf\"><div class=\"g-cols vc_row via_flex valign_top type_default stacking_default\"><div class=\"vc_col-sm-6 wpb_column vc_column_container\"><div class=\"vc_column-inner\"><div class=\"wpb_wrapper\"><div class=\"wpb_text_column\"><div class=\"wpb_wrapper\"><h2>El Jard\u00edn de Murillo: una opci\u00f3n directa en el Barrio de Santa Cruz<\/h2>\n<p><a href=\"https:\/\/www.tablaosflamencos.com\/tablao\/tablao-flamenco-el-jardin-de-murillo\"><strong>Tablao Flamenco El Jard\u00edn de Murillo<\/strong><\/a> se encuentra junto a los Jardines de Murillo, muy cerca del Alc\u00e1zar, la Catedral y el coraz\u00f3n de Santa Cruz. Su planteamiento se centra en la proximidad con los artistas y en un cuadro de cante, guitarra y baile sin necesidad de grandes artificios.<\/p>\n<p>Puede ser una de las opciones m\u00e1s naturales si tu d\u00eda ya estaba organizado alrededor de la zona monumental y la funci\u00f3n de la Bienal se ha ca\u00eddo de tu plan. En vez de empezar de cero, puedes mantener la cena, el paseo y el resto de la ruta y sustituir \u00fanicamente el espect\u00e1culo.<\/p>\n<\/div><\/div><\/div><\/div><\/div><div class=\"vc_col-sm-6 wpb_column vc_column_container\"><div class=\"vc_column-inner\"><div class=\"wpb_wrapper\"><div class=\"wpb_text_column\"><div class=\"wpb_wrapper\"><h3>Te puede encajar si&#8230;<\/h3>\n<ul>\n<li>Est\u00e1s en Santa Cruz o junto al Alc\u00e1zar.<\/li>\n<li>Buscas proximidad con los artistas.<\/li>\n<li>Quieres mantener intacto el resto de tu plan.<\/li>\n<li>Prefieres una experiencia flamenca directa.<\/li>\n<\/ul>\n<\/div><\/div><\/div><\/div><\/div><\/div><\/div><\/section><section class=\"l-section wpb_row height_huge\"><div class=\"l-section-h i-cf\"><div class=\"g-cols vc_row via_flex valign_top type_default stacking_default\"><div class=\"vc_col-sm-6 wpb_column vc_column_container\"><div class=\"vc_column-inner\"><div class=\"wpb_wrapper\"><div class=\"wpb_text_column\"><div class=\"wpb_wrapper\"><h2>Casa Flamenco Azahar: si quieres la m\u00e1xima intimidad<\/h2>\n<p>Para quien buscaba en la Bienal una experiencia de escucha, detalle y cercan\u00eda, <a href=\"https:\/\/www.tablaosflamencos.com\/tablao\/casa-flamenco-azahar\"><strong>Casa Flamenco Azahar<\/strong><\/a> ofrece un formato muy singular en Santa Cruz. Su aforo m\u00e1ximo es de apenas 20 personas y el espect\u00e1culo se plantea sin micr\u00f3fonos, con tres artistas y una distancia m\u00ednima entre int\u00e9rpretes y p\u00fablico.<\/p>\n<p>Es probablemente la opci\u00f3n de esta lista que m\u00e1s claramente cambia la escala de la experiencia. No intenta competir con un gran montaje teatral: propone justo lo contrario. Si tu funci\u00f3n de la Bienal era una producci\u00f3n grande, puede ser interesante cerrar la noche descubriendo el flamenco desde un formato casi dom\u00e9stico.<\/p>\n<\/div><\/div><\/div><\/div><\/div><div class=\"vc_col-sm-6 wpb_column vc_column_container\"><div class=\"vc_column-inner\"><div class=\"wpb_wrapper\"><div class=\"wpb_text_column\"><div class=\"wpb_wrapper\"><h3>Te puede encajar si&#8230;<\/h3>\n<ul>\n<li>Valoras el silencio, la escucha y la cercan\u00eda.<\/li>\n<li>Quieres un aforo extremadamente reducido.<\/li>\n<li>Te interesa un espect\u00e1culo sin amplificaci\u00f3n.<\/li>\n<li>Buscas algo diferente a una gran producci\u00f3n teatral.<\/li>\n<\/ul>\n<\/div><\/div><\/div><\/div><\/div><\/div><\/div><\/section><section class=\"l-section wpb_row height_huge color_alternate with_shape\"><div class=\"l-section-shape type_zigzag pos_top hor_flip\" style=\"height:3vmin;\"><svg xmlns=\"http:\/\/www.w3.org\/2000\/svg\" viewBox=\"0 0 64 8\" preserveAspectRatio=\"none\" width=\"100%\" height=\"100%\">\r\n\t<path fill=\"currentColor\" d=\"M64 8 L0 8 L0 0 L20 7.9 L40 3 L48 5 L64 0 Z\"\/>\r\n<\/svg><\/div><div class=\"l-section-shape type_zigzag pos_bottom\" style=\"height:3vmin;\"><svg xmlns=\"http:\/\/www.w3.org\/2000\/svg\" viewBox=\"0 0 64 8\" preserveAspectRatio=\"none\" width=\"100%\" height=\"100%\">\r\n\t<path fill=\"currentColor\" d=\"M64 8 L0 8 L0 0 L20 7.9 L40 3 L48 5 L64 0 Z\"\/>\r\n<\/svg><\/div><div class=\"l-section-h i-cf\"><div class=\"g-cols vc_row via_flex valign_top type_default stacking_default\"><div class=\"vc_col-sm-6 wpb_column vc_column_container\"><div class=\"vc_column-inner\"><div class=\"wpb_wrapper\"><div class=\"wpb_text_column\"><div class=\"wpb_wrapper\"><h2>Casa Inquieta: flamenco en una casa palacio del siglo XIX<\/h2>\n<p><a href=\"https:\/\/www.tablaosflamencos.com\/tablao\/tablao-flamenco-casa-inquieta\"><strong>Casa Inquieta<\/strong><\/a> se encuentra en la calle Zaragoza, muy cerca del eje Plaza Nueva\u2013Arenal. El espacio ocupa una casa palacio del siglo XIX y propone un formato \u00edntimo con cinco artistas y un espect\u00e1culo de aproximadamente una hora.<\/p>\n<p>Es una alternativa atractiva para quien quiere a\u00f1adir al flamenco el valor del espacio arquitect\u00f3nico y mantenerse en pleno centro. Si has salido de una funci\u00f3n agotada en la web oficial y ya estabas cenando por Arenal, Plaza Nueva o Reyes Cat\u00f3licos, puede encajar sin romper el ritmo de la noche.<\/p>\n<\/div><\/div><\/div><\/div><\/div><div class=\"vc_col-sm-6 wpb_column vc_column_container\"><div class=\"vc_column-inner\"><div class=\"wpb_wrapper\"><div class=\"wpb_text_column\"><div class=\"wpb_wrapper\"><h3>Te puede encajar si&#8230;<\/h3>\n<ul>\n<li>Est\u00e1s en Arenal, Plaza Nueva o calle Zaragoza.<\/li>\n<li>Te atraen los espacios hist\u00f3ricos.<\/li>\n<li>Quieres un formato \u00edntimo y elegante.<\/li>\n<li>Buscas una alternativa f\u00e1cil de integrar en el centro.<\/li>\n<\/ul>\n<\/div><\/div><\/div><\/div><\/div><\/div><\/div><\/section><section class=\"l-section wpb_row height_huge\"><div class=\"l-section-h i-cf\"><div class=\"g-cols vc_row via_flex valign_top type_default stacking_default\"><div class=\"vc_col-sm-12 wpb_column vc_column_container\"><div class=\"vc_column-inner\"><div class=\"wpb_wrapper\"><div class=\"wpb_text_column\"><div class=\"wpb_wrapper\"><h2 id=\"tablaos-segun-zona\">Qu\u00e9 tablao elegir seg\u00fan d\u00f3nde est\u00e9s en Sevilla<\/h2>\n<p>Cuando la compra es de \u00faltima hora, la ubicaci\u00f3n importa mucho. Una diferencia de diez minutos andando puede ser m\u00e1s \u00fatil que comparar durante media hora dos espect\u00e1culos que todav\u00eda no conoces. Como orientaci\u00f3n pr\u00e1ctica:<\/p>\n<ul>\n<li><strong>Si est\u00e1s en Santa Cruz, Catedral o Alc\u00e1zar:<\/strong> revisa Tablao Flamenco Giralda, El Jard\u00edn de Murillo y Casa Flamenco Azahar.<\/li>\n<li><strong>Si est\u00e1s por Las Setas, Regina, Feria o Santa Catalina:<\/strong> compara Tablao Flamenco Las Setas y Flamenco Las Due\u00f1as.<\/li>\n<li><strong>Si est\u00e1s en Plaza Nueva, Arenal o calle Zaragoza:<\/strong> La Cantaora y Casa Inquieta son opciones especialmente c\u00f3modas.<\/li>\n<li><strong>Si buscas una noche completa con gastronom\u00eda:<\/strong> La Cantaora destaca por integrar distintas modalidades de cena; Giralda y Casa Duende permiten tambi\u00e9n combinar el espect\u00e1culo con opciones gastron\u00f3micas o degustaci\u00f3n.<\/li>\n<li><strong>Si quieres m\u00e1xima intimidad:<\/strong> Casa Flamenco Azahar, con un aforo m\u00e1ximo de 20 personas, juega en una escala completamente diferente.<\/li>\n<\/ul>\n<p>No tomes esta clasificaci\u00f3n como un ranking. El mejor tablao para esta noche es el que tenga <strong>disponibilidad real, un horario que puedas cumplir y un formato que encaje con lo que buscas<\/strong>.<\/p>\n<\/div><\/div><div class=\"w-separator size_medium\"><\/div><div class=\"w-hwrapper valign_top wrap stack_on_mobiles align_center\" style=\"--hwrapper-gap:1.2rem\"><div class=\"w-btn-wrapper align_none\"><a class=\"w-btn us-btn-style_1\" href=\"https:\/\/www.tablaosflamencos.com\/it\/flamenco-a-siviglia\"><span class=\"w-btn-label\">Comparar tablaos en Sevilla<\/span><\/a><\/div><\/div><\/div><\/div><\/div><\/div><\/div><\/section><section class=\"l-section wpb_row height_huge color_alternate with_shape\"><div class=\"l-section-shape type_zigzag pos_top hor_flip\" style=\"height:3vmin;\"><svg xmlns=\"http:\/\/www.w3.org\/2000\/svg\" viewBox=\"0 0 64 8\" preserveAspectRatio=\"none\" width=\"100%\" height=\"100%\">\r\n\t<path fill=\"currentColor\" d=\"M64 8 L0 8 L0 0 L20 7.9 L40 3 L48 5 L64 0 Z\"\/>\r\n<\/svg><\/div><div class=\"l-section-shape type_zigzag pos_bottom\" style=\"height:3vmin;\"><svg xmlns=\"http:\/\/www.w3.org\/2000\/svg\" viewBox=\"0 0 64 8\" preserveAspectRatio=\"none\" width=\"100%\" height=\"100%\">\r\n\t<path fill=\"currentColor\" d=\"M64 8 L0 8 L0 0 L20 7.9 L40 3 L48 5 L64 0 Z\"\/>\r\n<\/svg><\/div><div class=\"l-section-h i-cf\"><div class=\"g-cols vc_row via_flex valign_top type_default stacking_default\"><div class=\"vc_col-sm-12 wpb_column vc_column_container\"><div class=\"vc_column-inner\"><div class=\"wpb_wrapper\"><div class=\"wpb_text_column\"><div class=\"wpb_wrapper\"><h2 id=\"flamenco-ultima-hora\">\u00bfQu\u00e9 hacer si ya son las 19:00 o las 20:00?<\/h2>\n<p>A esa hora la estrategia debe cambiar. Ya no est\u00e1s planificando un viaje: est\u00e1s resolviendo una noche.<\/p>\n<p><strong>Primero, deja de comparar demasiadas opciones.<\/strong> Abre la p\u00e1gina de flamenco en Sevilla y comprueba qu\u00e9 tablaos permiten reservar para tu fecha y n\u00famero de personas. Si una opci\u00f3n te interesa y el horario es viable, aseg\u00farala.<\/p>\n<p><strong>Segundo, calcula la llegada de forma realista.<\/strong> Muchos espacios recomiendan presentarse entre 15 y 20 minutos antes. No reserves una funci\u00f3n a la que solo llegar\u00edas corriendo desde la otra punta del centro.<\/p>\n<p><strong>Tercero, revisa qu\u00e9 incluye la entrada.<\/strong> Si todav\u00eda no has cenado, una modalidad con tapas o cena puede resolver dos necesidades. Si ya has comido, probablemente te convenga priorizar solo espect\u00e1culo y no pagar por servicios que no vas a aprovechar.<\/p>\n<p><strong>Cuarto, no des por hecho que podr\u00e1s comprar en la puerta.<\/strong> La reserva online con confirmaci\u00f3n inmediata es mucho m\u00e1s segura cuando quedan pocas horas. Durante la Bienal, la demanda adicional de visitantes puede concentrarse precisamente en los pases de \u00faltima hora.<\/p>\n<\/div><\/div><\/div><\/div><\/div><\/div><\/div><\/section><section class=\"l-section wpb_row height_huge\"><div class=\"l-section-h i-cf\"><div class=\"g-cols vc_row via_flex valign_top type_default stacking_default\"><div class=\"vc_col-sm-12 wpb_column vc_column_container\"><div class=\"vc_column-inner\"><div class=\"wpb_wrapper\"><div class=\"wpb_text_column\"><div class=\"wpb_wrapper\"><h2 id=\"elegir-tablao-experiencia\">Si quieres cena, una sala peque\u00f1a o una experiencia premium<\/h2>\n<p>La pregunta \u201c\u00bfd\u00f3nde ver flamenco hoy?\u201d se responde mejor cuando a\u00f1ades una segunda condici\u00f3n.<\/p>\n<h3>Quiero cenar y ver flamenco<\/h3>\n<p>La Cantaora es una de las opciones m\u00e1s claras por sus modalidades gastron\u00f3micas. Tambi\u00e9n puedes valorar Giralda o Casa Duende si prefieres algo menos formal y quieres incorporar tapas, bebidas o degustaci\u00f3n.<\/p>\n<h3>Quiero estar muy cerca de los artistas<\/h3>\n<p>Casa Flamenco Azahar destaca por su aforo m\u00e1ximo de 20 personas y por trabajar sin micr\u00f3fonos. Casa Inquieta y Las Due\u00f1as tambi\u00e9n plantean formatos \u00edntimos en espacios peque\u00f1os.<\/p>\n<h3>Quiero algo muy c\u00e9ntrico y f\u00e1cil<\/h3>\n<p>Las Setas, La Cantaora, Giralda, Jard\u00edn de Murillo y Casa Inquieta permiten organizar la noche alrededor del casco hist\u00f3rico sin grandes desplazamientos.<\/p>\n<h3>Quiero una alternativa que no parezca un premio de consolaci\u00f3n<\/h3>\n<p>No intentes sustituir exactamente el espect\u00e1culo de la Bienal que has perdido. Si era una gran producci\u00f3n de baile, quiz\u00e1 una sala m\u00ednima sin micr\u00f3fonos te ofrezca una experiencia completamente distinta. Si era un recital de cante, un tablao con un cuadro amplio puede mostrarte la interacci\u00f3n entre cante, baile y guitarra. <strong>Cambiar de escala puede convertir el plan B en una de las noches m\u00e1s memorables del viaje.<\/strong><\/p>\n<\/div><\/div><\/div><\/div><\/div><\/div><\/div><\/section><section class=\"l-section wpb_row height_huge color_alternate with_shape\"><div class=\"l-section-shape type_zigzag pos_top hor_flip\" style=\"height:3vmin;\"><svg xmlns=\"http:\/\/www.w3.org\/2000\/svg\" viewBox=\"0 0 64 8\" preserveAspectRatio=\"none\" width=\"100%\" height=\"100%\">\r\n\t<path fill=\"currentColor\" d=\"M64 8 L0 8 L0 0 L20 7.9 L40 3 L48 5 L64 0 Z\"\/>\r\n<\/svg><\/div><div class=\"l-section-shape type_zigzag pos_bottom\" style=\"height:3vmin;\"><svg xmlns=\"http:\/\/www.w3.org\/2000\/svg\" viewBox=\"0 0 64 8\" preserveAspectRatio=\"none\" width=\"100%\" height=\"100%\">\r\n\t<path fill=\"currentColor\" d=\"M64 8 L0 8 L0 0 L20 7.9 L40 3 L48 5 L64 0 Z\"\/>\r\n<\/svg><\/div><div class=\"l-section-h i-cf\"><div class=\"g-cols vc_row via_flex valign_top type_default stacking_default\"><div class=\"vc_col-sm-6 wpb_column vc_column_container\"><div class=\"vc_column-inner\"><div class=\"wpb_wrapper\"><div class=\"wpb_text_column\"><div class=\"wpb_wrapper\"><h2 id=\"bienal-y-tablao\">Bienal y tablao no son la misma experiencia<\/h2>\n<p>Es importante no presentar el tablao como una simple copia de la Bienal. Son formatos distintos y precisamente por eso pueden complementarse.<\/p>\n<p>La Bienal concentra estrenos, grandes producciones, espect\u00e1culos concebidos para espacios concretos, encuentros irrepetibles y propuestas de investigaci\u00f3n. Un tablao trabaja con otra l\u00f3gica: cercan\u00eda, cuadros de artistas, rotaci\u00f3n de int\u00e9rpretes y una relaci\u00f3n mucho m\u00e1s inmediata entre cante, guitarra, baile y p\u00fablico.<\/p>\n<p>Si pierdes una entrada de la Bienal y terminas en un tablao, no est\u00e1s viendo \u201cla versi\u00f3n peque\u00f1a\u201d de lo que quer\u00edas. Est\u00e1s entrando en otro formato esencial para comprender c\u00f3mo se vive el flamenco en Sevilla.<\/p>\n<\/div><\/div><\/div><\/div><\/div><div class=\"vc_col-sm-6 wpb_column vc_column_container\"><div class=\"vc_column-inner\"><div class=\"wpb_wrapper\"><div class=\"wpb_text_column\"><div class=\"wpb_wrapper\"><h3>Una combinaci\u00f3n incluso mejor<\/h3>\n<p>Si vas a estar varios d\u00edas, una f\u00f3rmula especialmente completa puede ser:<\/p>\n<ul>\n<li>una gran funci\u00f3n de la Bienal,<\/li>\n<li>un tablao en otra noche,<\/li>\n<li>y una actividad paralela o exposici\u00f3n durante el d\u00eda.<\/li>\n<\/ul>\n<p>Para conocer las actividades gratuitas y paralelas de esta edici\u00f3n puedes consultar nuestra gu\u00eda de <a href=\"https:\/\/www.tablaosflamencos.com\/bienal-flamenco-sevilla-2026-gratis.html\"><strong>Bienal de Flamenco de Sevilla 2026 gratis<\/strong><\/a>.<\/p>\n<\/div><\/div><\/div><\/div><\/div><\/div><\/div><\/section><section class=\"l-section wpb_row height_huge\"><div class=\"l-section-h i-cf\"><div class=\"g-cols vc_row via_flex valign_top type_default stacking_default\"><div class=\"vc_col-sm-12 wpb_column vc_column_container\"><div class=\"vc_column-inner\"><div class=\"wpb_wrapper\"><div class=\"wpb_text_column\"><div class=\"wpb_wrapper\"><h2 id=\"errores-evitar\">Qu\u00e9 no recomendamos hacer si la funci\u00f3n est\u00e1 agotada<\/h2>\n<p>No recomendamos pasar toda la tarde actualizando una p\u00e1gina agotada mientras se venden las alternativas que s\u00ed estaban disponibles. Tampoco recomendamos confiar en que la venta en taquilla del mismo d\u00eda vaya a generar entradas para una funci\u00f3n oficialmente completa.<\/p>\n<p>Evita adem\u00e1s las compras impulsivas en canales de reventa que no puedas verificar. En un momento de alta demanda es f\u00e1cil pagar de m\u00e1s por una entrada sin garant\u00edas. La referencia para la Bienal debe seguir siendo su canal oficial.<\/p>\n<p>Y, sobre todo, no conviertas una funci\u00f3n agotada en una noche perdida. Si has viajado a Sevilla por el flamenco, la ciudad mantiene suficientes opciones estables como para construir otro plan con sentido.<\/p>\n<\/div><\/div><\/div><\/div><\/div><\/div><\/div><\/section><section class=\"l-section wpb_row height_huge color_alternate with_shape\"><div class=\"l-section-shape type_zigzag pos_top hor_flip\" style=\"height:3vmin;\"><svg xmlns=\"http:\/\/www.w3.org\/2000\/svg\" viewBox=\"0 0 64 8\" preserveAspectRatio=\"none\" width=\"100%\" height=\"100%\">\r\n\t<path fill=\"currentColor\" d=\"M64 8 L0 8 L0 0 L20 7.9 L40 3 L48 5 L64 0 Z\"\/>\r\n<\/svg><\/div><div class=\"l-section-shape type_zigzag pos_bottom\" style=\"height:3vmin;\"><svg xmlns=\"http:\/\/www.w3.org\/2000\/svg\" viewBox=\"0 0 64 8\" preserveAspectRatio=\"none\" width=\"100%\" height=\"100%\">\r\n\t<path fill=\"currentColor\" d=\"M64 8 L0 8 L0 0 L20 7.9 L40 3 L48 5 L64 0 Z\"\/>\r\n<\/svg><\/div><div class=\"l-section-h i-cf\"><div class=\"g-cols vc_row via_flex valign_top type_default stacking_default\"><div class=\"vc_col-sm-1\/5 wpb_column vc_column_container\"><div class=\"vc_column-inner\"><div class=\"wpb_wrapper\"><\/div><\/div><\/div><div class=\"vc_col-sm-3\/5 wpb_column vc_column_container\"><div class=\"vc_column-inner\"><div class=\"wpb_wrapper\"><div class=\"wpb_text_column\"><div class=\"wpb_wrapper\"><h2 id=\"preguntas-frecuentes\" style=\"text-align: center;\">Preguntas frecuentes: d\u00f3nde ver flamenco hoy en Sevilla durante la Bienal<\/h2>\n<\/div><\/div><div class=\"w-separator size_medium\"><\/div><div class=\"w-tabs accordion toggle_style_1 has_scrolling\" style=\"--sections-title-size:inherit;--sections-gap:0.5rem;\"><div class=\"w-tabs-sections titles-align_none icon_chevron cpos_right\"><div class=\"w-tabs-section\" id=\"lb51\"><button type=\"button\" class=\"w-tabs-section-header\" aria-controls=\"content-lb51\" aria-expanded=\"false\"><div class=\"w-tabs-section-title\">\u00bfEst\u00e1 agotada toda la Bienal de Flamenco de Sevilla 2026?<\/div><div class=\"w-tabs-section-control\"><\/div><\/button><div  class=\"w-tabs-section-content\" id=\"content-lb51\"><div class=\"w-tabs-section-content-h i-cf\"><div class=\"wpb_text_column\"><div class=\"wpb_wrapper\"><p>No. Cada espect\u00e1culo se vende de forma independiente. Hay funciones con entradas agotadas, pero otras pueden seguir teniendo localidades. Comprueba siempre la programaci\u00f3n oficial de tu fecha.<\/p>\n<\/div><\/div><\/div><\/div><\/div><div class=\"w-tabs-section\" id=\"gc63\"><button type=\"button\" class=\"w-tabs-section-header\" aria-controls=\"content-gc63\" aria-expanded=\"false\"><div class=\"w-tabs-section-title\">\u00bfD\u00f3nde puedo ver flamenco hoy en Sevilla si mi funci\u00f3n est\u00e1 agotada?<\/div><div class=\"w-tabs-section-control\"><\/div><\/button><div  class=\"w-tabs-section-content\" id=\"content-gc63\"><div class=\"w-tabs-section-content-h i-cf\"><div class=\"wpb_text_column\"><div class=\"wpb_wrapper\"><p>Puedes comparar los tablaos disponibles en Sevilla y reservar seg\u00fan tu fecha. En el centro existen opciones en Las Setas, Plaza Nueva, Santa Cruz, junto a la Giralda, Las Due\u00f1as y la calle Zaragoza, entre otras zonas.<\/p>\n<\/div><\/div><\/div><\/div><\/div><div class=\"w-tabs-section\" id=\"pd45\"><button type=\"button\" class=\"w-tabs-section-header\" aria-controls=\"content-pd45\" aria-expanded=\"false\"><div class=\"w-tabs-section-title\">\u00bfPuedo comprar una entrada de la Bienal en taquilla una hora antes?<\/div><div class=\"w-tabs-section-control\"><\/div><\/button><div  class=\"w-tabs-section-content\" id=\"content-pd45\"><div class=\"w-tabs-section-content-h i-cf\"><div class=\"wpb_text_column\"><div class=\"wpb_wrapper\"><p>La organizaci\u00f3n contempla venta en el recinto una hora antes siempre que queden localidades disponibles. Esto no implica que existan entradas reservadas para funciones que ya aparecen agotadas.<\/p>\n<\/div><\/div><\/div><\/div><\/div><div class=\"w-tabs-section\" id=\"ae18\"><button type=\"button\" class=\"w-tabs-section-header\" aria-controls=\"content-ae18\" aria-expanded=\"false\"><div class=\"w-tabs-section-title\">\u00bfEs posible reservar un tablao el mismo d\u00eda?<\/div><div class=\"w-tabs-section-control\"><\/div><\/button><div  class=\"w-tabs-section-content\" id=\"content-ae18\"><div class=\"w-tabs-section-content-h i-cf\"><div class=\"wpb_text_column\"><div class=\"wpb_wrapper\"><p>S\u00ed, si el espect\u00e1culo mantiene disponibilidad. La posibilidad real depende de la fecha, el pase y el n\u00famero de personas. Durante la Bienal es aconsejable reservar en cuanto encuentres una opci\u00f3n que encaje.<\/p>\n<\/div><\/div><\/div><\/div><\/div><div class=\"w-tabs-section\" id=\"fee1\"><button type=\"button\" class=\"w-tabs-section-header\" aria-controls=\"content-fee1\" aria-expanded=\"false\"><div class=\"w-tabs-section-title\">\u00bfQu\u00e9 tablao elegir si estoy en Santa Cruz?<\/div><div class=\"w-tabs-section-control\"><\/div><\/button><div  class=\"w-tabs-section-content\" id=\"content-fee1\"><div class=\"w-tabs-section-content-h i-cf\"><div class=\"wpb_text_column\"><div class=\"wpb_wrapper\"><p>Puedes revisar opciones como Tablao Flamenco Giralda, El Jard\u00edn de Murillo y Casa Flamenco Azahar. La mejor elecci\u00f3n depender\u00e1 del horario y de la disponibilidad de esa noche.<\/p>\n<\/div><\/div><\/div><\/div><\/div><div class=\"w-tabs-section\" id=\"lfb3\"><button type=\"button\" class=\"w-tabs-section-header\" aria-controls=\"content-lfb3\" aria-expanded=\"false\"><div class=\"w-tabs-section-title\">\u00bfQu\u00e9 opci\u00f3n elegir si quiero cena y flamenco?<\/div><div class=\"w-tabs-section-control\"><\/div><\/button><div  class=\"w-tabs-section-content\" id=\"content-lfb3\"><div class=\"w-tabs-section-content-h i-cf\"><div class=\"wpb_text_column\"><div class=\"wpb_wrapper\"><p>La Cantaora dispone de modalidades que integran cena y espect\u00e1culo. Otros tablaos como Giralda o Casa Duende permiten combinar el flamenco con tapas, bebidas o degustaciones seg\u00fan la entrada elegida.<\/p>\n<\/div><\/div><\/div><\/div><\/div><div class=\"w-tabs-section\" id=\"e08d\"><button type=\"button\" class=\"w-tabs-section-header\" aria-controls=\"content-e08d\" aria-expanded=\"false\"><div class=\"w-tabs-section-title\">\u00bfCu\u00e1l es una buena opci\u00f3n si quiero un espect\u00e1culo muy \u00edntimo?<\/div><div class=\"w-tabs-section-control\"><\/div><\/button><div  class=\"w-tabs-section-content\" id=\"content-e08d\"><div class=\"w-tabs-section-content-h i-cf\"><div class=\"wpb_text_column\"><div class=\"wpb_wrapper\"><p>Casa Flamenco Azahar trabaja con un aforo m\u00e1ximo de 20 personas y sin micr\u00f3fonos. Tambi\u00e9n puedes valorar otros espacios de aforo reducido como Casa Inquieta o Flamenco Las Due\u00f1as.<\/p>\n<\/div><\/div><\/div><\/div><\/div><div class=\"w-tabs-section\" id=\"w14e\"><button type=\"button\" class=\"w-tabs-section-header\" aria-controls=\"content-w14e\" aria-expanded=\"false\"><div class=\"w-tabs-section-title\">\u00bfUn tablao sustituye a un espect\u00e1culo de la Bienal?<\/div><div class=\"w-tabs-section-control\"><\/div><\/button><div  class=\"w-tabs-section-content\" id=\"content-w14e\"><div class=\"w-tabs-section-content-h i-cf\"><div class=\"wpb_text_column\"><div class=\"wpb_wrapper\"><p>No exactamente. La Bienal y el tablao son formatos diferentes. La primera concentra estrenos y producciones especiales; el tablao ofrece cercan\u00eda y una interacci\u00f3n m\u00e1s inmediata entre cante, baile y guitarra. Pueden ser experiencias complementarias.<\/p>\n<\/div><\/div><\/div><\/div><\/div><div class=\"w-tabs-section\" id=\"c20d\"><button type=\"button\" class=\"w-tabs-section-header\" aria-controls=\"content-c20d\" aria-expanded=\"false\"><div class=\"w-tabs-section-title\">\u00bfD\u00f3nde puedo comparar los tablaos disponibles en Sevilla?<\/div><div class=\"w-tabs-section-control\"><\/div><\/button><div  class=\"w-tabs-section-content\" id=\"content-c20d\"><div class=\"w-tabs-section-content-h i-cf\"><div class=\"wpb_text_column\"><div class=\"wpb_wrapper\"><p>En la p\u00e1gina de flamenco en Sevilla de Tablaos Flamencos puedes comparar las opciones disponibles, revisar cada ficha y reservar seg\u00fan tu fecha.<\/p>\n<\/div><\/div><\/div><\/div><\/div><\/div><\/div><\/div><\/div><\/div><div class=\"vc_col-sm-1\/5 wpb_column vc_column_container\"><div class=\"vc_column-inner\"><div class=\"wpb_wrapper\"><\/div><\/div><\/div><\/div><\/div><\/section><section class=\"l-section wpb_row height_huge\"><div class=\"l-section-h i-cf\"><div class=\"g-cols vc_row via_flex valign_top type_default stacking_default\"><div class=\"vc_col-sm-12 wpb_column vc_column_container\"><div class=\"vc_column-inner\"><div class=\"wpb_wrapper\"><div class=\"wpb_text_column\"><div class=\"wpb_wrapper\"><h2>Si la Bienal est\u00e1 agotada esta noche, Sevilla todav\u00eda tiene flamenco<\/h2>\n<p>Una entrada agotada cambia el plan, pero no cambia la ciudad. Durante la Bienal, Sevilla concentra una cantidad extraordinaria de artistas, aficionados y visitantes, mientras sus tablaos contin\u00faan funcionando como lo hacen durante el resto del a\u00f1o.<\/p>\n<p>Si la funci\u00f3n que quer\u00edas ver ya no tiene localidades, comprueba primero las alternativas oficiales. Si ninguna encaja, pasa r\u00e1pido al siguiente paso: <strong>elige un tablao con disponibilidad, reserva y disfruta la noche<\/strong>.<\/p>\n<p>No necesitas encontrar una copia del espect\u00e1culo perdido. Puedes buscar otra escala, otro ambiente y otra manera de acercarte al flamenco. Un espacio de veinte personas, una casa palacio, una taberna junto a la Giralda o un tablao bajo Las Setas pueden acabar mostr\u00e1ndote una parte de Sevilla que no estaba en tu itinerario inicial.<\/p>\n<p>Para comprobar opciones reales, horarios y reservas, consulta nuestra selecci\u00f3n de <a href=\"https:\/\/www.tablaosflamencos.com\/flamenco-en-sevilla\"><strong>flamenco en Sevilla<\/strong><\/a>.<\/p>\n<\/div><\/div><div class=\"w-separator size_medium\"><\/div><div class=\"w-hwrapper valign_top wrap stack_on_mobiles align_center\" style=\"--hwrapper-gap:1.2rem\"><div class=\"w-btn-wrapper align_none\"><a class=\"w-btn us-btn-style_1\" href=\"https:\/\/www.tablaosflamencos.com\/it\/flamenco-a-siviglia\"><span class=\"w-btn-label\">Ver tablaos disponibles en Sevilla<\/span><\/a><\/div><div class=\"w-btn-wrapper align_none\"><a class=\"w-btn us-btn-style_1\" href=\"https:\/\/www.tablaosflamencos.com\/it\/biennale-flamenco-siviglia-2026.html\"><span class=\"w-btn-label\">Consultar la gu\u00eda completa de la Bienal<\/span><\/a><\/div><\/div><\/div><\/div><\/div><\/div><\/div><\/section>\n","protected":false},"excerpt":{"rendered":"<p>Il tuo spettacolo della Biennale \u00e8 esaurito? Scopri dove vedere flamenco stasera a Siviglia, quali tablaos scegliere in base alla zona e all\u2019esperienza e come prenotare per la stessa sera.<\/p>\n","protected":false},"author":1,"featured_media":13703,"comment_status":"closed","ping_status":"closed","sticky":false,"template":"","format":"standard","meta":{"_acf_changed":false,"wpai_generated_summary":"","_ayudawp_aiss_exclude":false,"_ayudawp_aiss_exclude_summary":false,"_ayudawp_aiss_summary":"","_ayudawp_aiss_summary_provider":"","_ayudawp_aiss_summary_hash":"","footnotes":""},"categories":[1429,355],"tags":[1771,1769,1768,1767,1772,1766,1770],"class_list":["post-13722","post","type-post","status-publish","format-standard","has-post-thumbnail","hentry","category-biennale-di-flamenco","category-flamenco-per-citta","tag-agenda-flamenco-it","tag-biennale-2026-it","tag-biennale-di-flamenco-tag","tag-flamenco-a-siviglia-tag","tag-flamenco-stasera-a-siviglia","tag-siviglia-biennale","tag-tablaos-di-siviglia"],"acf":[],"yoast_head":"<!-- This site is optimized with the Yoast SEO Premium plugin v28.3 (Yoast SEO v28.3) - https:\/\/yoast.com\/product\/yoast-seo-premium-wordpress\/ -->\n<title>Biennale esaurita: flamenco stasera a Siviglia | Tablaos Flamencos<\/title>\n<meta name=\"description\" content=\"Il tuo spettacolo della Biennale \u00e8 esaurito? Scopri dove vedere flamenco stasera a Siviglia, confronta i tablaos per zona ed esperienza e prenota per stasera.\" \/>\n<meta name=\"robots\" content=\"index, follow, max-snippet:-1, max-image-preview:large, max-video-preview:-1\" \/>\n<link rel=\"canonical\" href=\"https:\/\/www.tablaosflamencos.com\/it\/biennale-esaurita-dove-vedere-flamenco-stasera-siviglia.html\" \/>\n<meta property=\"og:locale\" content=\"it_IT\" \/>\n<meta property=\"og:type\" content=\"article\" \/>\n<meta property=\"og:title\" content=\"Biennale esaurita: dove vedere flamenco stasera a Siviglia\" \/>\n<meta property=\"og:description\" content=\"Il tuo spettacolo della Biennale \u00e8 esaurito? Scopri dove vedere flamenco stasera a Siviglia, confronta i tablaos per zona ed esperienza e prenota per stasera.\" \/>\n<meta property=\"og:url\" content=\"https:\/\/www.tablaosflamencos.com\/it\/biennale-esaurita-dove-vedere-flamenco-stasera-siviglia.html\" \/>\n<meta property=\"og:site_name\" content=\"Tablaos Flamencos\" \/>\n<meta property=\"article:publisher\" content=\"https:\/\/www.facebook.com\/tablaosflamencos\" \/>\n<meta property=\"article:published_time\" content=\"2026-08-31T17:32:09+00:00\" \/>\n<meta property=\"article:modified_time\" content=\"2026-08-31T18:13:07+00:00\" \/>\n<meta property=\"og:image\" content=\"https:\/\/www.tablaosflamencos.com\/wp-content\/uploads\/bienal-agotada-donde-ver-flamenco-hoy-en-sevilla-01.webp\" \/>\n\t<meta property=\"og:image:width\" content=\"1672\" \/>\n\t<meta property=\"og:image:height\" content=\"941\" \/>\n\t<meta property=\"og:image:type\" content=\"image\/webp\" \/>\n<meta name=\"author\" content=\"Miguel Ortiz\" \/>\n<meta name=\"twitter:card\" content=\"summary_large_image\" \/>\n<meta name=\"twitter:creator\" content=\"@tablaosflamenco\" \/>\n<meta name=\"twitter:site\" content=\"@tablaosflamenco\" \/>\n<meta name=\"twitter:label1\" content=\"Scritto da\" \/>\n\t<meta name=\"twitter:data1\" content=\"Miguel Ortiz\" \/>\n\t<meta name=\"twitter:label2\" content=\"Tempo di lettura stimato\" \/>\n\t<meta name=\"twitter:data2\" content=\"24 minuti\" \/>\n<script type=\"application\/ld+json\" class=\"yoast-schema-graph\">{\"@context\":\"https:\\\/\\\/schema.org\",\"@graph\":[{\"@type\":\"Article\",\"@id\":\"https:\\\/\\\/www.tablaosflamencos.com\\\/it\\\/biennale-esaurita-dove-vedere-flamenco-stasera-siviglia.html#article\",\"isPartOf\":{\"@id\":\"https:\\\/\\\/www.tablaosflamencos.com\\\/it\\\/biennale-esaurita-dove-vedere-flamenco-stasera-siviglia.html\"},\"author\":{\"name\":\"Miguel Ortiz\",\"@id\":\"https:\\\/\\\/www.tablaosflamencos.com\\\/it#\\\/schema\\\/person\\\/e7a9ebe14eb75a52ceabfbffb3c54f5d\"},\"headline\":\"Biennale esaurita: dove vedere flamenco stasera a Siviglia\",\"datePublished\":\"2026-08-31T17:32:09+00:00\",\"dateModified\":\"2026-08-31T18:13:07+00:00\",\"mainEntityOfPage\":{\"@id\":\"https:\\\/\\\/www.tablaosflamencos.com\\\/it\\\/biennale-esaurita-dove-vedere-flamenco-stasera-siviglia.html\"},\"wordCount\":4719,\"publisher\":{\"@id\":\"https:\\\/\\\/www.tablaosflamencos.com\\\/it#organization\"},\"image\":{\"@id\":\"https:\\\/\\\/www.tablaosflamencos.com\\\/it\\\/biennale-esaurita-dove-vedere-flamenco-stasera-siviglia.html#primaryimage\"},\"thumbnailUrl\":\"https:\\\/\\\/www.tablaosflamencos.com\\\/wp-content\\\/uploads\\\/bienal-agotada-donde-ver-flamenco-hoy-en-sevilla-01.webp\",\"keywords\":[\"agenda flamenco\",\"Biennale 2026\",\"Biennale di Flamenco\",\"flamenco a Siviglia\",\"flamenco stasera a Siviglia\",\"Siviglia\",\"tablaos di Siviglia\"],\"articleSection\":[\"Biennale di Flamenco\",\"Flamenco per citt\u00e0\"],\"inLanguage\":\"it-IT\"},{\"@type\":\"WebPage\",\"@id\":\"https:\\\/\\\/www.tablaosflamencos.com\\\/it\\\/biennale-esaurita-dove-vedere-flamenco-stasera-siviglia.html\",\"url\":\"https:\\\/\\\/www.tablaosflamencos.com\\\/it\\\/biennale-esaurita-dove-vedere-flamenco-stasera-siviglia.html\",\"name\":\"Biennale esaurita: flamenco stasera a Siviglia | Tablaos Flamencos\",\"isPartOf\":{\"@id\":\"https:\\\/\\\/www.tablaosflamencos.com\\\/it#website\"},\"primaryImageOfPage\":{\"@id\":\"https:\\\/\\\/www.tablaosflamencos.com\\\/it\\\/biennale-esaurita-dove-vedere-flamenco-stasera-siviglia.html#primaryimage\"},\"image\":{\"@id\":\"https:\\\/\\\/www.tablaosflamencos.com\\\/it\\\/biennale-esaurita-dove-vedere-flamenco-stasera-siviglia.html#primaryimage\"},\"thumbnailUrl\":\"https:\\\/\\\/www.tablaosflamencos.com\\\/wp-content\\\/uploads\\\/bienal-agotada-donde-ver-flamenco-hoy-en-sevilla-01.webp\",\"datePublished\":\"2026-08-31T17:32:09+00:00\",\"dateModified\":\"2026-08-31T18:13:07+00:00\",\"description\":\"Il tuo spettacolo della Biennale \u00e8 esaurito? Scopri dove vedere flamenco stasera a Siviglia, confronta i tablaos per zona ed esperienza e prenota per stasera.\",\"breadcrumb\":{\"@id\":\"https:\\\/\\\/www.tablaosflamencos.com\\\/it\\\/biennale-esaurita-dove-vedere-flamenco-stasera-siviglia.html#breadcrumb\"},\"inLanguage\":\"it-IT\",\"potentialAction\":[{\"@type\":\"ReadAction\",\"target\":[\"https:\\\/\\\/www.tablaosflamencos.com\\\/it\\\/biennale-esaurita-dove-vedere-flamenco-stasera-siviglia.html\"]}]},{\"@type\":\"ImageObject\",\"inLanguage\":\"it-IT\",\"@id\":\"https:\\\/\\\/www.tablaosflamencos.com\\\/it\\\/biennale-esaurita-dove-vedere-flamenco-stasera-siviglia.html#primaryimage\",\"url\":\"https:\\\/\\\/www.tablaosflamencos.com\\\/wp-content\\\/uploads\\\/bienal-agotada-donde-ver-flamenco-hoy-en-sevilla-01.webp\",\"contentUrl\":\"https:\\\/\\\/www.tablaosflamencos.com\\\/wp-content\\\/uploads\\\/bienal-agotada-donde-ver-flamenco-hoy-en-sevilla-01.webp\",\"width\":1672,\"height\":941,\"caption\":\"Bienal agotada: d\u00f3nde ver flamenco hoy en Sevilla\"},{\"@type\":\"BreadcrumbList\",\"@id\":\"https:\\\/\\\/www.tablaosflamencos.com\\\/it\\\/biennale-esaurita-dove-vedere-flamenco-stasera-siviglia.html#breadcrumb\",\"itemListElement\":[{\"@type\":\"ListItem\",\"position\":1,\"name\":\"Home\",\"item\":\"https:\\\/\\\/www.tablaosflamencos.com\\\/it\"},{\"@type\":\"ListItem\",\"position\":2,\"name\":\"Biennale esaurita: dove vedere flamenco stasera a Siviglia\"}]},{\"@type\":\"WebSite\",\"@id\":\"https:\\\/\\\/www.tablaosflamencos.com\\\/it#website\",\"url\":\"https:\\\/\\\/www.tablaosflamencos.com\\\/it\",\"name\":\"Tablaos Flamencos\",\"description\":\"Entradas para tablaos flamencos de Espa\u00f1a\",\"publisher\":{\"@id\":\"https:\\\/\\\/www.tablaosflamencos.com\\\/it#organization\"},\"alternateName\":\"Tablaos Flamencos\",\"potentialAction\":[{\"@type\":\"SearchAction\",\"target\":{\"@type\":\"EntryPoint\",\"urlTemplate\":\"https:\\\/\\\/www.tablaosflamencos.com\\\/it?s={search_term_string}\"},\"query-input\":{\"@type\":\"PropertyValueSpecification\",\"valueRequired\":true,\"valueName\":\"search_term_string\"}}],\"inLanguage\":\"it-IT\"},{\"@type\":[\"Organization\",\"Place\",\"EntertainmentBusiness\"],\"@id\":\"https:\\\/\\\/www.tablaosflamencos.com\\\/it#organization\",\"name\":\"Tablaos Flamencos\",\"alternateName\":\"Tablaos Flamencos\",\"url\":\"https:\\\/\\\/www.tablaosflamencos.com\\\/it\",\"logo\":{\"@id\":\"https:\\\/\\\/www.tablaosflamencos.com\\\/it\\\/biennale-esaurita-dove-vedere-flamenco-stasera-siviglia.html#local-main-organization-logo\"},\"image\":{\"@id\":\"https:\\\/\\\/www.tablaosflamencos.com\\\/it\\\/biennale-esaurita-dove-vedere-flamenco-stasera-siviglia.html#local-main-organization-logo\"},\"sameAs\":[\"https:\\\/\\\/www.facebook.com\\\/tablaosflamencos\",\"https:\\\/\\\/x.com\\\/tablaosflamenco\",\"https:\\\/\\\/mastodon.social\\\/@tablaosflamencos\",\"https:\\\/\\\/www.instagram.com\\\/tablaosflamencos\",\"https:\\\/\\\/tiktok.com\\\/@tablaosflamencos\",\"https:\\\/\\\/www.linkedin.com\\\/company\\\/109408238\\\/\"],\"description\":\"Venta de entradas para espect\u00e1culos flamencos\",\"legalName\":\"Tablaos Flamencos\",\"foundingDate\":\"2015-01-01\",\"numberOfEmployees\":{\"@type\":\"QuantitativeValue\",\"minValue\":\"1\",\"maxValue\":\"10\"},\"address\":{\"@id\":\"https:\\\/\\\/www.tablaosflamencos.com\\\/it\\\/biennale-esaurita-dove-vedere-flamenco-stasera-siviglia.html#local-main-place-address\"},\"geo\":{\"@type\":\"GeoCoordinates\",\"latitude\":\"37.3868072\",\"longitude\":\"-5.993280299999999\"},\"telephone\":[\"+34623787787\"],\"contactPoint\":{\"@type\":\"ContactPoint\",\"telephone\":\"+34623787787\",\"email\":\"info@tablaosflamencos.com\"},\"openingHoursSpecification\":{\"@type\":\"OpeningHoursSpecification\",\"dayOfWeek\":[\"Monday\",\"Tuesday\",\"Wednesday\",\"Thursday\",\"Friday\",\"Saturday\",\"Sunday\"],\"opens\":\"00:00\",\"closes\":\"23:59\"},\"email\":\"info@tablaosflamencos.com\",\"priceRange\":\"$$$\",\"currenciesAccepted\":\"\u20ac\"},{\"@type\":\"Person\",\"@id\":\"https:\\\/\\\/www.tablaosflamencos.com\\\/it#\\\/schema\\\/person\\\/e7a9ebe14eb75a52ceabfbffb3c54f5d\",\"name\":\"Miguel Ortiz\",\"description\":\"Miguel Ortiz es un empresario flamenco, con una s\u00f3lida trayectoria dentro del sector. Ha presidido entidades culturales vinculadas al flamenco y, cuenta con un amplio recorrido profesional en la gesti\u00f3n y promoci\u00f3n de espect\u00e1culos y tablaos flamencos. Su pasi\u00f3n por la historia y el arte flamenco se refleja en cada art\u00edculo, donde combina experiencia, criterio y un profundo respeto por la tradici\u00f3n.\",\"sameAs\":[\"https:\\\/\\\/www.tablaosflamencos.com\",\"https:\\\/\\\/www.instagra.com\\\/miguelortizfe\",\"https:\\\/\\\/www.linkedin.com\\\/in\\\/miguelortizf\\\/\"],\"birthDate\":\"1984-11-22\",\"gender\":\"hombre\",\"knowsLanguage\":[\"espa\u00f1ol\",\"ingl\u00e9s\"],\"jobTitle\":\"Empresario flamenco\"},{\"@type\":\"PostalAddress\",\"@id\":\"https:\\\/\\\/www.tablaosflamencos.com\\\/it\\\/biennale-esaurita-dove-vedere-flamenco-stasera-siviglia.html#local-main-place-address\",\"streetAddress\":\"C\\\/ Alemanes, 19\",\"addressLocality\":\"Sevilla\",\"postalCode\":\"41004\",\"addressRegion\":\"Sevilla\",\"addressCountry\":\"ES\"},{\"@type\":\"ImageObject\",\"inLanguage\":\"it-IT\",\"@id\":\"https:\\\/\\\/www.tablaosflamencos.com\\\/it\\\/biennale-esaurita-dove-vedere-flamenco-stasera-siviglia.html#local-main-organization-logo\",\"url\":\"https:\\\/\\\/www.tablaosflamencos.com\\\/wp-content\\\/uploads\\\/tablaos-flamencos-06-3.webp\",\"contentUrl\":\"https:\\\/\\\/www.tablaosflamencos.com\\\/wp-content\\\/uploads\\\/tablaos-flamencos-06-3.webp\",\"width\":600,\"height\":620,\"caption\":\"Tablaos Flamencos\"}]}<\/script>\n<meta name=\"geo.placename\" content=\"Sevilla\" \/>\n<meta name=\"geo.position\" content=\"37.3868072;-5.993280299999999\" \/>\n<meta name=\"geo.region\" content=\"Spagna\" \/>\n<!-- \/ Yoast SEO Premium plugin. -->","yoast_head_json":{"title":"Biennale esaurita: flamenco stasera a Siviglia | Tablaos Flamencos","description":"Il tuo spettacolo della Biennale \u00e8 esaurito? Scopri dove vedere flamenco stasera a Siviglia, confronta i tablaos per zona ed esperienza e prenota per stasera.","robots":{"index":"index","follow":"follow","max-snippet":"max-snippet:-1","max-image-preview":"max-image-preview:large","max-video-preview":"max-video-preview:-1"},"canonical":"https:\/\/www.tablaosflamencos.com\/it\/biennale-esaurita-dove-vedere-flamenco-stasera-siviglia.html","og_locale":"it_IT","og_type":"article","og_title":"Biennale esaurita: dove vedere flamenco stasera a Siviglia","og_description":"Il tuo spettacolo della Biennale \u00e8 esaurito? Scopri dove vedere flamenco stasera a Siviglia, confronta i tablaos per zona ed esperienza e prenota per stasera.","og_url":"https:\/\/www.tablaosflamencos.com\/it\/biennale-esaurita-dove-vedere-flamenco-stasera-siviglia.html","og_site_name":"Tablaos Flamencos","article_publisher":"https:\/\/www.facebook.com\/tablaosflamencos","article_published_time":"2026-08-31T17:32:09+00:00","article_modified_time":"2026-08-31T18:13:07+00:00","og_image":[{"width":1672,"height":941,"url":"https:\/\/www.tablaosflamencos.com\/wp-content\/uploads\/bienal-agotada-donde-ver-flamenco-hoy-en-sevilla-01.webp","type":"image\/webp"}],"author":"Miguel Ortiz","twitter_card":"summary_large_image","twitter_creator":"@tablaosflamenco","twitter_site":"@tablaosflamenco","twitter_misc":{"Scritto da":"Miguel Ortiz","Tempo di lettura stimato":"24 minuti"},"schema":{"@context":"https:\/\/schema.org","@graph":[{"@type":"Article","@id":"https:\/\/www.tablaosflamencos.com\/it\/biennale-esaurita-dove-vedere-flamenco-stasera-siviglia.html#article","isPartOf":{"@id":"https:\/\/www.tablaosflamencos.com\/it\/biennale-esaurita-dove-vedere-flamenco-stasera-siviglia.html"},"author":{"name":"Miguel Ortiz","@id":"https:\/\/www.tablaosflamencos.com\/it#\/schema\/person\/e7a9ebe14eb75a52ceabfbffb3c54f5d"},"headline":"Biennale esaurita: dove vedere flamenco stasera a Siviglia","datePublished":"2026-08-31T17:32:09+00:00","dateModified":"2026-08-31T18:13:07+00:00","mainEntityOfPage":{"@id":"https:\/\/www.tablaosflamencos.com\/it\/biennale-esaurita-dove-vedere-flamenco-stasera-siviglia.html"},"wordCount":4719,"publisher":{"@id":"https:\/\/www.tablaosflamencos.com\/it#organization"},"image":{"@id":"https:\/\/www.tablaosflamencos.com\/it\/biennale-esaurita-dove-vedere-flamenco-stasera-siviglia.html#primaryimage"},"thumbnailUrl":"https:\/\/www.tablaosflamencos.com\/wp-content\/uploads\/bienal-agotada-donde-ver-flamenco-hoy-en-sevilla-01.webp","keywords":["agenda flamenco","Biennale 2026","Biennale di Flamenco","flamenco a Siviglia","flamenco stasera a Siviglia","Siviglia","tablaos di Siviglia"],"articleSection":["Biennale di Flamenco","Flamenco per citt\u00e0"],"inLanguage":"it-IT"},{"@type":"WebPage","@id":"https:\/\/www.tablaosflamencos.com\/it\/biennale-esaurita-dove-vedere-flamenco-stasera-siviglia.html","url":"https:\/\/www.tablaosflamencos.com\/it\/biennale-esaurita-dove-vedere-flamenco-stasera-siviglia.html","name":"Biennale esaurita: flamenco stasera a Siviglia | Tablaos Flamencos","isPartOf":{"@id":"https:\/\/www.tablaosflamencos.com\/it#website"},"primaryImageOfPage":{"@id":"https:\/\/www.tablaosflamencos.com\/it\/biennale-esaurita-dove-vedere-flamenco-stasera-siviglia.html#primaryimage"},"image":{"@id":"https:\/\/www.tablaosflamencos.com\/it\/biennale-esaurita-dove-vedere-flamenco-stasera-siviglia.html#primaryimage"},"thumbnailUrl":"https:\/\/www.tablaosflamencos.com\/wp-content\/uploads\/bienal-agotada-donde-ver-flamenco-hoy-en-sevilla-01.webp","datePublished":"2026-08-31T17:32:09+00:00","dateModified":"2026-08-31T18:13:07+00:00","description":"Il tuo spettacolo della Biennale \u00e8 esaurito? Scopri dove vedere flamenco stasera a Siviglia, confronta i tablaos per zona ed esperienza e prenota per stasera.","breadcrumb":{"@id":"https:\/\/www.tablaosflamencos.com\/it\/biennale-esaurita-dove-vedere-flamenco-stasera-siviglia.html#breadcrumb"},"inLanguage":"it-IT","potentialAction":[{"@type":"ReadAction","target":["https:\/\/www.tablaosflamencos.com\/it\/biennale-esaurita-dove-vedere-flamenco-stasera-siviglia.html"]}]},{"@type":"ImageObject","inLanguage":"it-IT","@id":"https:\/\/www.tablaosflamencos.com\/it\/biennale-esaurita-dove-vedere-flamenco-stasera-siviglia.html#primaryimage","url":"https:\/\/www.tablaosflamencos.com\/wp-content\/uploads\/bienal-agotada-donde-ver-flamenco-hoy-en-sevilla-01.webp","contentUrl":"https:\/\/www.tablaosflamencos.com\/wp-content\/uploads\/bienal-agotada-donde-ver-flamenco-hoy-en-sevilla-01.webp","width":1672,"height":941,"caption":"Bienal agotada: d\u00f3nde ver flamenco hoy en Sevilla"},{"@type":"BreadcrumbList","@id":"https:\/\/www.tablaosflamencos.com\/it\/biennale-esaurita-dove-vedere-flamenco-stasera-siviglia.html#breadcrumb","itemListElement":[{"@type":"ListItem","position":1,"name":"Home","item":"https:\/\/www.tablaosflamencos.com\/it"},{"@type":"ListItem","position":2,"name":"Biennale esaurita: dove vedere flamenco stasera a Siviglia"}]},{"@type":"WebSite","@id":"https:\/\/www.tablaosflamencos.com\/it#website","url":"https:\/\/www.tablaosflamencos.com\/it","name":"Tablaos Flamencos","description":"Entradas para tablaos flamencos de Espa\u00f1a","publisher":{"@id":"https:\/\/www.tablaosflamencos.com\/it#organization"},"alternateName":"Tablaos Flamencos","potentialAction":[{"@type":"SearchAction","target":{"@type":"EntryPoint","urlTemplate":"https:\/\/www.tablaosflamencos.com\/it?s={search_term_string}"},"query-input":{"@type":"PropertyValueSpecification","valueRequired":true,"valueName":"search_term_string"}}],"inLanguage":"it-IT"},{"@type":["Organization","Place","EntertainmentBusiness"],"@id":"https:\/\/www.tablaosflamencos.com\/it#organization","name":"Tablaos Flamencos","alternateName":"Tablaos Flamencos","url":"https:\/\/www.tablaosflamencos.com\/it","logo":{"@id":"https:\/\/www.tablaosflamencos.com\/it\/biennale-esaurita-dove-vedere-flamenco-stasera-siviglia.html#local-main-organization-logo"},"image":{"@id":"https:\/\/www.tablaosflamencos.com\/it\/biennale-esaurita-dove-vedere-flamenco-stasera-siviglia.html#local-main-organization-logo"},"sameAs":["https:\/\/www.facebook.com\/tablaosflamencos","https:\/\/x.com\/tablaosflamenco","https:\/\/mastodon.social\/@tablaosflamencos","https:\/\/www.instagram.com\/tablaosflamencos","https:\/\/tiktok.com\/@tablaosflamencos","https:\/\/www.linkedin.com\/company\/109408238\/"],"description":"Venta de entradas para espect\u00e1culos flamencos","legalName":"Tablaos Flamencos","foundingDate":"2015-01-01","numberOfEmployees":{"@type":"QuantitativeValue","minValue":"1","maxValue":"10"},"address":{"@id":"https:\/\/www.tablaosflamencos.com\/it\/biennale-esaurita-dove-vedere-flamenco-stasera-siviglia.html#local-main-place-address"},"geo":{"@type":"GeoCoordinates","latitude":"37.3868072","longitude":"-5.993280299999999"},"telephone":["+34623787787"],"contactPoint":{"@type":"ContactPoint","telephone":"+34623787787","email":"info@tablaosflamencos.com"},"openingHoursSpecification":{"@type":"OpeningHoursSpecification","dayOfWeek":["Monday","Tuesday","Wednesday","Thursday","Friday","Saturday","Sunday"],"opens":"00:00","closes":"23:59"},"email":"info@tablaosflamencos.com","priceRange":"$$$","currenciesAccepted":"\u20ac"},{"@type":"Person","@id":"https:\/\/www.tablaosflamencos.com\/it#\/schema\/person\/e7a9ebe14eb75a52ceabfbffb3c54f5d","name":"Miguel Ortiz","description":"Miguel Ortiz es un empresario flamenco, con una s\u00f3lida trayectoria dentro del sector. Ha presidido entidades culturales vinculadas al flamenco y, cuenta con un amplio recorrido profesional en la gesti\u00f3n y promoci\u00f3n de espect\u00e1culos y tablaos flamencos. Su pasi\u00f3n por la historia y el arte flamenco se refleja en cada art\u00edculo, donde combina experiencia, criterio y un profundo respeto por la tradici\u00f3n.","sameAs":["https:\/\/www.tablaosflamencos.com","https:\/\/www.instagra.com\/miguelortizfe","https:\/\/www.linkedin.com\/in\/miguelortizf\/"],"birthDate":"1984-11-22","gender":"hombre","knowsLanguage":["espa\u00f1ol","ingl\u00e9s"],"jobTitle":"Empresario flamenco"},{"@type":"PostalAddress","@id":"https:\/\/www.tablaosflamencos.com\/it\/biennale-esaurita-dove-vedere-flamenco-stasera-siviglia.html#local-main-place-address","streetAddress":"C\/ Alemanes, 19","addressLocality":"Sevilla","postalCode":"41004","addressRegion":"Sevilla","addressCountry":"ES"},{"@type":"ImageObject","inLanguage":"it-IT","@id":"https:\/\/www.tablaosflamencos.com\/it\/biennale-esaurita-dove-vedere-flamenco-stasera-siviglia.html#local-main-organization-logo","url":"https:\/\/www.tablaosflamencos.com\/wp-content\/uploads\/tablaos-flamencos-06-3.webp","contentUrl":"https:\/\/www.tablaosflamencos.com\/wp-content\/uploads\/tablaos-flamencos-06-3.webp","width":600,"height":620,"caption":"Tablaos Flamencos"}]},"geo.placename":"Sevilla","geo.position":{"lat":"37.3868072","long":"-5.993280299999999"},"geo.region":"Spagna"},"_links":{"self":[{"href":"https:\/\/www.tablaosflamencos.com\/it\/wp-json\/wp\/v2\/posts\/13722","targetHints":{"allow":["GET"]}}],"collection":[{"href":"https:\/\/www.tablaosflamencos.com\/it\/wp-json\/wp\/v2\/posts"}],"about":[{"href":"https:\/\/www.tablaosflamencos.com\/it\/wp-json\/wp\/v2\/types\/post"}],"author":[{"embeddable":true,"href":"https:\/\/www.tablaosflamencos.com\/it\/wp-json\/wp\/v2\/users\/1"}],"replies":[{"embeddable":true,"href":"https:\/\/www.tablaosflamencos.com\/it\/wp-json\/wp\/v2\/comments?post=13722"}],"version-history":[{"count":5,"href":"https:\/\/www.tablaosflamencos.com\/it\/wp-json\/wp\/v2\/posts\/13722\/revisions"}],"predecessor-version":[{"id":13763,"href":"https:\/\/www.tablaosflamencos.com\/it\/wp-json\/wp\/v2\/posts\/13722\/revisions\/13763"}],"wp:featuredmedia":[{"embeddable":true,"href":"https:\/\/www.tablaosflamencos.com\/it\/wp-json\/wp\/v2\/media\/13703"}],"wp:attachment":[{"href":"https:\/\/www.tablaosflamencos.com\/it\/wp-json\/wp\/v2\/media?parent=13722"}],"wp:term":[{"taxonomy":"category","embeddable":true,"href":"https:\/\/www.tablaosflamencos.com\/it\/wp-json\/wp\/v2\/categories?post=13722"},{"taxonomy":"post_tag","embeddable":true,"href":"https:\/\/www.tablaosflamencos.com\/it\/wp-json\/wp\/v2\/tags?post=13722"}],"curies":[{"name":"wp","href":"https:\/\/api.w.org\/{rel}","templated":true}]}}