{"id":13691,"date":"2026-08-31T19:04:44","date_gmt":"2026-08-31T17:04:44","guid":{"rendered":"https:\/\/www.tablaosflamencos.com\/?p=13691"},"modified":"2026-08-31T19:25:17","modified_gmt":"2026-08-31T17:25:17","slug":"matinee-uniche-biennale-flamenco-siviglia-2026","status":"publish","type":"post","link":"https:\/\/www.tablaosflamencos.com\/it\/matinee-uniche-biennale-flamenco-siviglia-2026.html","title":{"rendered":"Matin\u00e9e Uniche della Biennale di Flamenco di Siviglia 2026: programma, date e San Luis de los Franceses"},"content":{"rendered":"<section class=\"l-section wpb_row height_huge\"><div class=\"l-section-h i-cf\"><div class=\"g-cols vc_row via_flex valign_top type_default stacking_default\"><div class=\"vc_col-sm-6 wpb_column vc_column_container\"><div class=\"vc_column-inner\"><div class=\"wpb_wrapper\"><div class=\"wpb_text_column\"><div class=\"wpb_wrapper\"><h2>Matin\u00e9e Uniche della Biennale 2026: flamenco a mezzogiorno in un gioiello barocco<\/h2>\n<p>Le <strong>Matin\u00e9e Uniche della Biennale di Flamenco di Siviglia 2026<\/strong> formano uno dei cicli pi\u00f9 singolari della XXIV edizione. Sei spettacoli, sempre alle <strong>12:00<\/strong>, trasformeranno per tre fine settimana la chiesa di <strong>San Luis de los Franceses<\/strong> in uno spazio d\u2019incontro tra flamenco e musica antica.<\/p>\n<p>La proposta riunisce <strong>Pedro El Grana\u00edno, Alejandro Hurtado ed Encarna Anillo<\/strong>, ciascuno con due spettacoli e con musicisti ospiti legati a strumenti e repertori storici. Il clavicembalo di Daniel Oyarz\u00e1bal, la chitarra di Enrike Solin\u00eds e il liuto di Miguel Rinc\u00f3n entrano cos\u00ec in dialogo con il canto e la chitarra flamenca.<\/p>\n<p>Non si tratta semplicemente di un cambio d\u2019orario nel programma. La Biennale concepisce le matin\u00e9e come un\u2019esperienza di <strong>ascolto intimo e senza fretta<\/strong>, in cui l\u2019architettura, la luce del mattino, il silenzio e l\u2019acustica di San Luis diventano parte dello spettacolo stesso.<\/p>\n<\/div><\/div><\/div><\/div><\/div><div class=\"vc_col-sm-6 wpb_column vc_column_container\"><div class=\"vc_column-inner\"><div class=\"wpb_wrapper\"><div class=\"wpb_text_column\"><div class=\"wpb_wrapper\"><p style=\"text-align: center; font-size: 64px; line-height: 1; margin-bottom: 10px;\"><strong>6<\/strong><\/p>\n<h3 style=\"text-align: center;\">Matin\u00e9e Uniche<\/h3>\n<p style=\"text-align: center;\"><strong>12, 13, 19, 20, 26 e 27 settembre<\/strong><\/p>\n<p style=\"text-align: center;\">Tutte alle <strong>12:00<\/strong><\/p>\n<p style=\"text-align: center;\">Chiesa di San Luis de los Franceses<\/p>\n<\/div><\/div><\/div><\/div><\/div><\/div><\/div><\/section><section class=\"l-section wpb_row height_huge color_alternate with_shape\"><div class=\"l-section-shape type_zigzag pos_top\" style=\"height:3vmin;\"><svg xmlns=\"http:\/\/www.w3.org\/2000\/svg\" viewBox=\"0 0 64 8\" preserveAspectRatio=\"none\" width=\"100%\" height=\"100%\">\r\n\t<path fill=\"currentColor\" d=\"M64 8 L0 8 L0 0 L20 7.9 L40 3 L48 5 L64 0 Z\"\/>\r\n<\/svg><\/div><div class=\"l-section-shape type_zigzag pos_bottom\" style=\"height:3vmin;\"><svg xmlns=\"http:\/\/www.w3.org\/2000\/svg\" viewBox=\"0 0 64 8\" preserveAspectRatio=\"none\" width=\"100%\" height=\"100%\">\r\n\t<path fill=\"currentColor\" d=\"M64 8 L0 8 L0 0 L20 7.9 L40 3 L48 5 L64 0 Z\"\/>\r\n<\/svg><\/div><div class=\"l-section-h i-cf\"><div class=\"g-cols vc_row via_flex valign_top type_default stacking_default\"><div class=\"vc_col-sm-12 wpb_column vc_column_container\"><div class=\"vc_column-inner\"><div class=\"wpb_wrapper\"><div class=\"wpb_text_column\"><div class=\"wpb_wrapper\"><blockquote>\n<p><strong>Risposta rapida:<\/strong> le Matin\u00e9e Uniche della Biennale 2026 sono sei spettacoli mattutini a San Luis de los Franceses. Pedro El Grana\u00edno presenta <em>Pan de oro<\/em> il 12 e 13 settembre; Alejandro Hurtado, <em>Devenir de la guitarra<\/em> il 19 e 20; ed Encarna Anillo, <em>Camino de flores<\/em> il 26 e 27. Tutti iniziano alle 12:00 ed esplorano, da prospettive diverse, il dialogo tra flamenco, musica antica e patrimonio.<\/p>\n<\/blockquote>\n<p><strong>Ultimo aggiornamento: 31 agosto 2026.<\/strong> La disponibilit\u00e0 dei biglietti pu\u00f2 cambiare. Controlla sempre la situazione aggiornata di ogni spettacolo sul sito ufficiale della Biennale.<\/p>\n<\/div><\/div><div class=\"w-separator size_medium\"><\/div><div class=\"w-hwrapper valign_top wrap stack_on_mobiles align_center\" style=\"--hwrapper-gap:1.2rem\"><div class=\"w-btn-wrapper align_none\"><a class=\"w-btn us-btn-style_1\" href=\"https:\/\/www.tablaosflamencos.com\/it\/biennale-flamenco-siviglia-2026.html\"><span class=\"w-btn-label\">Guida completa alla Biennale 2026<\/span><\/a><\/div><div class=\"w-btn-wrapper align_none\"><a class=\"w-btn us-btn-style_1\" href=\"https:\/\/www.tablaosflamencos.com\/it\/biennale-flamenco-siviglia\"><span class=\"w-btn-label\">Vedi tutte le nostre notizie sulla Biennale<\/span><\/a><\/div><\/div><\/div><\/div><\/div><\/div><\/div><\/section><section class=\"l-section wpb_row height_huge\"><div class=\"l-section-h i-cf\"><div class=\"g-cols vc_row via_flex valign_top type_default stacking_default\"><div class=\"vc_col-sm-1\/5 wpb_column vc_column_container\"><div class=\"vc_column-inner\"><div class=\"wpb_wrapper\"><\/div><\/div><\/div><div class=\"vc_col-sm-3\/5 wpb_column vc_column_container\"><div class=\"vc_column-inner\"><div class=\"wpb_wrapper\"><div class=\"wpb_text_column\"><div class=\"wpb_wrapper\"><h2>Contenuto di questa guida<\/h2>\n<ul>\n<li><a href=\"#que-son-matines\">Cosa sono le Matin\u00e9e Uniche<\/a><\/li>\n<li><a href=\"#calendario-matines\">Calendario completo<\/a><\/li>\n<li><a href=\"#pan-de-oro\">Pedro El Grana\u00edno: Pan de oro<\/a><\/li>\n<li><a href=\"#devenir-guitarra\">Alejandro Hurtado: Devenir de la guitarra<\/a><\/li>\n<li><a href=\"#camino-flores\">Encarna Anillo: Camino de flores<\/a><\/li>\n<li><a href=\"#san-luis\">Perch\u00e9 San Luis de los Franceses fa parte dello spettacolo<\/a><\/li>\n<li><a href=\"#flamenco-musica-antigua\">Flamenco e musica antica<\/a><\/li>\n<li><a href=\"#entradas-matines\">Biglietti e disponibilit\u00e0<\/a><\/li>\n<li><a href=\"#como-llegar\">Come arrivare e consigli pratici<\/a><\/li>\n<li><a href=\"#faq-matines\">Domande frequenti<\/a><\/li>\n<\/ul>\n<\/div><\/div><\/div><\/div><\/div><div class=\"vc_col-sm-1\/5 wpb_column vc_column_container\"><div class=\"vc_column-inner\"><div class=\"wpb_wrapper\"><\/div><\/div><\/div><\/div><\/div><\/section><section class=\"l-section wpb_row height_huge color_alternate with_shape\"><div class=\"l-section-shape type_zigzag pos_top\" style=\"height:3vmin;\"><svg xmlns=\"http:\/\/www.w3.org\/2000\/svg\" viewBox=\"0 0 64 8\" preserveAspectRatio=\"none\" width=\"100%\" height=\"100%\">\r\n\t<path fill=\"currentColor\" d=\"M64 8 L0 8 L0 0 L20 7.9 L40 3 L48 5 L64 0 Z\"\/>\r\n<\/svg><\/div><div class=\"l-section-shape type_zigzag pos_bottom\" style=\"height:3vmin;\"><svg xmlns=\"http:\/\/www.w3.org\/2000\/svg\" viewBox=\"0 0 64 8\" preserveAspectRatio=\"none\" width=\"100%\" height=\"100%\">\r\n\t<path fill=\"currentColor\" d=\"M64 8 L0 8 L0 0 L20 7.9 L40 3 L48 5 L64 0 Z\"\/>\r\n<\/svg><\/div><div class=\"l-section-h i-cf\"><div class=\"g-cols vc_row via_flex valign_top type_default stacking_default\"><div class=\"vc_col-sm-6 wpb_column vc_column_container\"><div class=\"vc_column-inner\"><div class=\"wpb_wrapper\"><div class=\"wpb_text_column\"><div class=\"wpb_wrapper\"><h2 id=\"que-son-matines\">Cosa sono le Matin\u00e9e Uniche della Biennale?<\/h2>\n<p>Le Matin\u00e9e Uniche trasferiscono il concetto di evento irripetibile della Biennale in un formato diverso da quello delle <a href=\"https:\/\/www.tablaosflamencos.com\/noches-unicas-bienal-flamenco-sevilla-2026.html\"><strong>Notti Uniche<\/strong><\/a>. Al posto di grandi teatri, spettacoli notturni o produzioni di maggiore formato, qui il centro \u00e8 la <strong>prossimit\u00e0, il raccoglimento e l\u2019ascolto<\/strong>.<\/p>\n<p>La XXIV Biennale programma sei appuntamenti tra il 12 e il 27 settembre. In realt\u00e0 si tratta di <strong>tre proposte artistiche, ciascuna presentata per due mattine consecutive<\/strong>. Tutte si svolgono alle 12:00 nella chiesa di San Luis de los Franceses.<\/p>\n<p>Il ciclo crea inoltre un ponte con il <strong>Festival di Musica Antica di Siviglia (FeM\u00c0S)<\/strong>. L\u2019idea \u00e8 trattare il flamenco come una musica capace di dialogare con una prospettiva storicamente informata, integrando musicisti e strumenti associati ai repertori antichi senza trasformare il risultato in una fusione superficiale.<\/p>\n<\/div><\/div><\/div><\/div><\/div><div class=\"vc_col-sm-6 wpb_column vc_column_container\"><div class=\"vc_column-inner\"><div class=\"wpb_wrapper\"><div class=\"wpb_text_column\"><div class=\"wpb_wrapper\"><h2>Un formato pensato per ascoltare in modo diverso<\/h2>\n<p>La stessa organizzazione ha definito questi spettacoli come un invito a fermarsi. La dimensione dello spazio e l\u2019orario permettono di allontanarsi dalla logica del grande spettacolo serale e di avvicinarsi ai dettagli del canto e della chitarra.<\/p>\n<p>San Luis de los Franceses non funziona qui come semplice scenografia. La sua pianta, l\u2019ornamentazione barocca, la luce del mattino e il carattere cerimoniale dell\u2019insieme condizionano la percezione.<\/p>\n<p>Questo si adatta particolarmente bene ai tre progetti scelti: il canto profondo e solenne di Pedro El Grana\u00edno, lo sguardo storico sulla chitarra di Alejandro Hurtado e il viaggio emozionale di Encarna Anillo.<\/p>\n<\/div><\/div><\/div><\/div><\/div><\/div><\/div><\/section><section class=\"l-section wpb_row height_huge\"><div class=\"l-section-h i-cf\"><div class=\"g-cols vc_row via_flex valign_top type_default stacking_default\"><div class=\"vc_col-sm-12 wpb_column vc_column_container\"><div class=\"vc_column-inner\"><div class=\"wpb_wrapper\"><div class=\"wpb_text_column\"><div class=\"wpb_wrapper\"><h2 id=\"calendario-matines\">Calendario delle Matin\u00e9e Uniche della Biennale 2026<\/h2>\n<div style=\"overflow-x: auto;\">\n<table>\n<thead>\n<tr>\n<th>Data<\/th>\n<th>Ora<\/th>\n<th>Artista<\/th>\n<th>Spettacolo<\/th>\n<th>Collaborazione principale<\/th>\n<\/tr>\n<\/thead>\n<tbody>\n<tr>\n<td><strong>12 settembre<\/strong><\/td>\n<td>12:00<\/td>\n<td>Pedro El Grana\u00edno<\/td>\n<td><em>Pan de oro<\/em><\/td>\n<td>Daniel Oyarz\u00e1bal, clavicembalo<\/td>\n<\/tr>\n<tr>\n<td><strong>13 settembre<\/strong><\/td>\n<td>12:00<\/td>\n<td>Pedro El Grana\u00edno<\/td>\n<td><em>Pan de oro<\/em><\/td>\n<td>Daniel Oyarz\u00e1bal, clavicembalo<\/td>\n<\/tr>\n<tr>\n<td><strong>19 settembre<\/strong><\/td>\n<td>12:00<\/td>\n<td>Alejandro Hurtado<\/td>\n<td><em>Devenir de la guitarra<\/em><\/td>\n<td>Enrike Solin\u00eds<\/td>\n<\/tr>\n<tr>\n<td><strong>20 settembre<\/strong><\/td>\n<td>12:00<\/td>\n<td>Alejandro Hurtado<\/td>\n<td><em>Devenir de la guitarra<\/em><\/td>\n<td>Enrike Solin\u00eds<\/td>\n<\/tr>\n<tr>\n<td><strong>26 settembre<\/strong><\/td>\n<td>12:00<\/td>\n<td>Encarna Anillo<\/td>\n<td><em>Camino de flores<\/em><\/td>\n<td>Miguel Rinc\u00f3n, liuto<\/td>\n<\/tr>\n<tr>\n<td><strong>27 settembre<\/strong><\/td>\n<td>12:00<\/td>\n<td>Encarna Anillo<\/td>\n<td><em>Camino de flores<\/em><\/td>\n<td>Miguel Rinc\u00f3n, liuto<\/td>\n<\/tr>\n<\/tbody>\n<\/table>\n<\/div>\n<p>&nbsp;<\/p>\n<p>Tutti e sei gli spettacoli si svolgono nella <strong>Chiesa di San Luis de los Franceses<\/strong>. Il programma ufficiale e i link per l\u2019acquisto sono disponibili sulla <a href=\"https:\/\/www.labienal.com\/programa-general\/iglesia-san-luis-de-los-franceses\" target=\"_blank\" rel=\"noopener\"><strong>pagina della Biennale dedicata a questo spazio<\/strong><\/a>.<\/p>\n<\/div><\/div><\/div><\/div><\/div><\/div><\/div><\/section><section class=\"l-section wpb_row height_huge color_alternate with_shape\"><div class=\"l-section-shape type_zigzag pos_top\" style=\"height:3vmin;\"><svg xmlns=\"http:\/\/www.w3.org\/2000\/svg\" viewBox=\"0 0 64 8\" preserveAspectRatio=\"none\" width=\"100%\" height=\"100%\">\r\n\t<path fill=\"currentColor\" d=\"M64 8 L0 8 L0 0 L20 7.9 L40 3 L48 5 L64 0 Z\"\/>\r\n<\/svg><\/div><div class=\"l-section-shape type_zigzag pos_bottom\" style=\"height:3vmin;\"><svg xmlns=\"http:\/\/www.w3.org\/2000\/svg\" viewBox=\"0 0 64 8\" preserveAspectRatio=\"none\" width=\"100%\" height=\"100%\">\r\n\t<path fill=\"currentColor\" d=\"M64 8 L0 8 L0 0 L20 7.9 L40 3 L48 5 L64 0 Z\"\/>\r\n<\/svg><\/div><div class=\"l-section-h i-cf\"><div class=\"g-cols vc_row via_flex valign_top type_default stacking_default\"><div class=\"vc_col-sm-6 wpb_column vc_column_container\"><div class=\"vc_column-inner\"><div class=\"wpb_wrapper\"><div class=\"wpb_text_column\"><div class=\"wpb_wrapper\"><h2 id=\"pan-de-oro\">Pedro El Grana\u00edno e Daniel Oyarz\u00e1bal: <em>Pan de oro<\/em><\/h2>\n<p><strong>12 e 13 settembre \u00b7 12:00<\/strong><\/p>\n<p>Pedro El Grana\u00edno apre il ciclo con un progetto ideato in esclusiva per la Biennale. <em>Pan de oro<\/em> cerca un\u2019atmosfera solenne e intima in cui il canto incontra il suono del clavicembalo.<\/p>\n<p>La formazione artistica riunisce <strong>Pedro El Grana\u00edno al canto, Daniel Oyarz\u00e1bal al clavicembalo, Rosa Escobar alla viola e Patrocinio Hijo alla chitarra<\/strong>. La presenza di archi, clavicembalo e chitarra permette di costruire un paesaggio sonoro insolito attorno a una voce particolarmente legata ai registri pi\u00f9 profondi del flamenco.<\/p>\n<p>Il repertorio annunciato attraversa <strong>grana\u00edna, malague\u00f1a, sole\u00e1, fandangos e saeta<\/strong>, tra le altre forme. Sono stili che possono trovare nel raccoglimento di San Luis un contesto particolarmente adatto.<\/p>\n<\/div><\/div><\/div><\/div><\/div><div class=\"vc_col-sm-6 wpb_column vc_column_container\"><div class=\"vc_column-inner\"><div class=\"wpb_wrapper\"><div class=\"wpb_text_column\"><div class=\"wpb_wrapper\"><h2>Perch\u00e9 <em>Pan de oro<\/em> si adatta a San Luis<\/h2>\n<p>Il progetto non cerca di trasformare il canto flamenco in musica barocca. L\u2019interesse sta proprio nel preservare le identit\u00e0 e osservare cosa accade quando voce, chitarra e uno strumento come il clavicembalo condividono uno spazio carico di risonanze storiche.<\/p>\n<p>Il titolo <em>Pan de oro<\/em> crea inoltre un\u2019associazione inevitabile con la ricchezza visiva della chiesa stessa. In uno spazio in cui pale d\u2019altare, dipinti e architettura lavorano insieme per produrre un\u2019esperienza sensoriale, il progetto trasferisce questa idea di solennit\u00e0 nel suono.<\/p>\n<p>Per chi desidera ascoltare il canto su una scala diversa da quella dei grandi palcoscenici della Biennale, \u00e8 probabilmente una delle proposte pi\u00f9 particolari dell\u2019edizione.<\/p>\n<\/div><\/div><\/div><\/div><\/div><\/div><\/div><\/section><section class=\"l-section wpb_row height_huge\"><div class=\"l-section-h i-cf\"><div class=\"g-cols vc_row via_flex valign_top type_default stacking_default\"><div class=\"vc_col-sm-6 wpb_column vc_column_container\"><div class=\"vc_column-inner\"><div class=\"wpb_wrapper\"><div class=\"wpb_text_column\"><div class=\"wpb_wrapper\"><h2 id=\"devenir-guitarra\">Alejandro Hurtado ed Enrike Solin\u00eds: <em>Devenir de la guitarra<\/em><\/h2>\n<p><strong>19 e 20 settembre \u00b7 12:00<\/strong><\/p>\n<p>Una settimana dopo, la chitarra diventa protagonista. <strong>Alejandro Hurtado<\/strong> propone un percorso che collega diverse epoche e diversi linguaggi della chitarra spagnola e flamenca, con la collaborazione speciale di <strong>Enrike Solin\u00eds<\/strong> e in collaborazione con FeM\u00c0S.<\/p>\n<p>Il programma unisce composizioni dello stesso Hurtado a pagine associate a figure fondamentali della storia della chitarra. Compaiono riferimenti a <strong>Francisco T\u00e1rrega, Ram\u00f3n Montoya e Ni\u00f1o Ricardo<\/strong>, insieme a grana\u00edna, alegr\u00edas, farruca, seguiriya, zapateado, taranta, habanera, panaderos, ninna nanna e buler\u00edas.<\/p>\n<p>Solin\u00eds introduce inoltre un dialogo con i repertori della chitarra storica, aprendo un\u2019altra finestra sull\u2019evoluzione dello strumento.<\/p>\n<\/div><\/div><\/div><\/div><\/div><div class=\"vc_col-sm-6 wpb_column vc_column_container\"><div class=\"vc_column-inner\"><div class=\"wpb_wrapper\"><div class=\"wpb_text_column\"><div class=\"wpb_wrapper\"><h2>Una piccola storia della chitarra all\u2019interno della Biennale<\/h2>\n<p><em>Devenir de la guitarra<\/em> \u00e8 particolarmente coerente con uno dei grandi temi dell\u2019edizione 2026: la chitarra da concerto. A San Luis, tuttavia, l\u2019approccio diventa quasi archeologico.<\/p>\n<p>Alejandro Hurtado non propone soltanto un recital di proprie composizioni. Il programma permette di ascoltare come tecniche, forme e sensibilit\u00e0 di epoche diverse abbiano costruito la chitarra che oggi identifichiamo con il flamenco.<\/p>\n<p>La collaborazione di Enrike Solin\u00eds rafforza questa lettura storica. Invece di una semplice opposizione tra \u201cchitarra antica\u201d e \u201cchitarra flamenca\u201d, la matin\u00e9e invita a comprendere lo strumento come una continuit\u00e0 fatta di incroci, trasformazioni e prestiti.<\/p>\n<\/div><\/div><\/div><\/div><\/div><\/div><\/div><\/section><section class=\"l-section wpb_row height_huge color_alternate with_shape\"><div class=\"l-section-shape type_zigzag pos_top\" style=\"height:3vmin;\"><svg xmlns=\"http:\/\/www.w3.org\/2000\/svg\" viewBox=\"0 0 64 8\" preserveAspectRatio=\"none\" width=\"100%\" height=\"100%\">\r\n\t<path fill=\"currentColor\" d=\"M64 8 L0 8 L0 0 L20 7.9 L40 3 L48 5 L64 0 Z\"\/>\r\n<\/svg><\/div><div class=\"l-section-shape type_zigzag pos_bottom\" style=\"height:3vmin;\"><svg xmlns=\"http:\/\/www.w3.org\/2000\/svg\" viewBox=\"0 0 64 8\" preserveAspectRatio=\"none\" width=\"100%\" height=\"100%\">\r\n\t<path fill=\"currentColor\" d=\"M64 8 L0 8 L0 0 L20 7.9 L40 3 L48 5 L64 0 Z\"\/>\r\n<\/svg><\/div><div class=\"l-section-h i-cf\"><div class=\"g-cols vc_row via_flex valign_top type_default stacking_default\"><div class=\"vc_col-sm-6 wpb_column vc_column_container\"><div class=\"vc_column-inner\"><div class=\"wpb_wrapper\"><div class=\"wpb_text_column\"><div class=\"wpb_wrapper\"><h2 id=\"camino-flores\">Encarna Anillo e Miguel Rinc\u00f3n: <em>Camino de flores<\/em><\/h2>\n<p><strong>26 e 27 settembre \u00b7 12:00<\/strong><\/p>\n<p>Encarna Anillo chiude le Matin\u00e9e Uniche con un progetto molto pi\u00f9 narrativo e autobiografico. <em>Camino de flores<\/em> ripercorre diverse fasi emotive della sua vita e le collega a differenti palos del flamenco e alle <strong>essenze floreali di Bach<\/strong>.<\/p>\n<p>Il programma passa per alegr\u00edas de C\u00f3rdoba, marianas e tientos, petenera, seguiriya, fandango, milonga, sole\u00e1 de C\u00e1diz e buler\u00eda. Ogni canto rappresenta uno stato: infanzia e innocenza, disillusione, disperazione, ansia, amore, trasformazione o celebrazione.<\/p>\n<p>La cantaora sar\u00e0 accompagnata da <strong>Andr\u00e9s Hern\u00e1ndez \u201cPituquete\u201d alla chitarra<\/strong>, Roberto Ja\u00e9n e Diego Montoya alle palmas, con la collaborazione del <strong>liutista Miguel Rinc\u00f3n<\/strong> nel dialogo con la musica antica.<\/p>\n<\/div><\/div><\/div><\/div><\/div><div class=\"vc_col-sm-6 wpb_column vc_column_container\"><div class=\"vc_column-inner\"><div class=\"wpb_wrapper\"><div class=\"wpb_text_column\"><div class=\"wpb_wrapper\"><h2>Un recital concepito come percorso di vita<\/h2>\n<p>L\u2019organizzazione presenta <em>Camino de flores<\/em> come un viaggio in cui il flamenco agisce allo stesso tempo come memoria, radice e strumento di trasformazione. La sequenza dei palos non risponde soltanto a un criterio musicale: struttura il racconto personale dell\u2019artista.<\/p>\n<p>La scelta di San Luis rafforza questa dimensione introspettiva. Se <em>Pan de oro<\/em> gioca con la solennit\u00e0 e <em>Devenir de la guitarra<\/em> con la storia dello strumento, qui il rapporto con lo spazio \u00e8 emotivo e quasi rituale.<\/p>\n<p>Alla fine di agosto la Biennale ha confermato che <strong>gli spettacoli di Encarna Anillo erano esauriti<\/strong>. La disponibilit\u00e0 del resto del ciclo va verificata direttamente sui canali ufficiali perch\u00e9 pu\u00f2 cambiare con l\u2019avvicinarsi delle date.<\/p>\n<\/div><\/div><\/div><\/div><\/div><\/div><\/div><\/section><section class=\"l-section wpb_row height_huge\"><div class=\"l-section-h i-cf\"><div class=\"g-cols vc_row via_flex valign_top type_default stacking_default\"><div class=\"vc_col-sm-1\/5 wpb_column vc_column_container\"><div class=\"vc_column-inner\"><div class=\"wpb_wrapper\"><\/div><\/div><\/div><div class=\"vc_col-sm-3\/5 wpb_column vc_column_container\"><div class=\"vc_column-inner\"><div class=\"wpb_wrapper\"><div class=\"wpb_text_column\"><div class=\"wpb_wrapper\"><h2 id=\"san-luis\" style=\"text-align: center;\">San Luis de los Franceses: quando lo spazio diventa parte della musica<\/h2>\n<p style=\"text-align: center;\">Il Complesso Monumentale di San Luis de los Franceses fu costruito tra il <strong>1699 e il 1731<\/strong> ed \u00e8 considerato uno degli esempi meglio conservati del pieno Barocco a Siviglia. Il progetto fu opera di <strong>Leonardo de Figueroa<\/strong> e faceva parte dell\u2019antico noviziato della Compagnia di Ges\u00f9.<\/p>\n<p style=\"text-align: center;\">Il suo programma artistico riunisce architettura, scultura e pittura con una forte intenzione simbolica e scenografica. Questa dimensione barocca \u00e8 particolarmente importante nelle matin\u00e9e: lo spazio fu concepito per avvolgere il visitatore e generare un\u2019esperienza sensoriale.<\/p>\n<p style=\"text-align: center;\">La Biennale sfrutta proprio queste caratteristiche. La luce di mezzogiorno, la scala raccolta e il silenzio della chiesa trasformano il modo di ascoltare una voce o una chitarra. Per questo le Matin\u00e9e Uniche non potrebbero essere trasferite in qualsiasi altro spazio senza perdere una parte importante del loro significato.<\/p>\n<\/div><\/div><\/div><\/div><\/div><div class=\"vc_col-sm-1\/5 wpb_column vc_column_container\"><div class=\"vc_column-inner\"><div class=\"wpb_wrapper\"><\/div><\/div><\/div><\/div><\/div><\/section><section class=\"l-section wpb_row height_huge color_alternate with_shape\"><div class=\"l-section-shape type_zigzag pos_top\" style=\"height:3vmin;\"><svg xmlns=\"http:\/\/www.w3.org\/2000\/svg\" viewBox=\"0 0 64 8\" preserveAspectRatio=\"none\" width=\"100%\" height=\"100%\">\r\n\t<path fill=\"currentColor\" d=\"M64 8 L0 8 L0 0 L20 7.9 L40 3 L48 5 L64 0 Z\"\/>\r\n<\/svg><\/div><div class=\"l-section-shape type_zigzag pos_bottom\" style=\"height:3vmin;\"><svg xmlns=\"http:\/\/www.w3.org\/2000\/svg\" viewBox=\"0 0 64 8\" preserveAspectRatio=\"none\" width=\"100%\" height=\"100%\">\r\n\t<path fill=\"currentColor\" d=\"M64 8 L0 8 L0 0 L20 7.9 L40 3 L48 5 L64 0 Z\"\/>\r\n<\/svg><\/div><div class=\"l-section-h i-cf\"><div class=\"g-cols vc_row via_flex valign_top type_default stacking_default\"><div class=\"vc_col-sm-6 wpb_column vc_column_container\"><div class=\"vc_column-inner\"><div class=\"wpb_wrapper\"><div class=\"wpb_text_column\"><div class=\"wpb_wrapper\"><h2 id=\"flamenco-musica-antigua\">Flamenco e musica antica: cosa cerca questo ciclo?<\/h2>\n<p>Uno degli aspetti pi\u00f9 interessanti delle matin\u00e9e \u00e8 che la Biennale non usa il Barocco semplicemente come ambientazione visiva. Esiste una collaborazione reale con l\u2019universo della <strong>musica antica<\/strong>.<\/p>\n<p>Il clavicembalista Daniel Oyarz\u00e1bal, Enrike Solin\u00eds e il liutista Miguel Rinc\u00f3n introducono sonorit\u00e0 che normalmente non fanno parte di un recital flamenco convenzionale. Ma ogni progetto utilizza questo incontro in modo diverso.<\/p>\n<ul>\n<li><strong><em>Pan de oro<\/em><\/strong> cerca solennit\u00e0 e raccoglimento attorno al canto.<\/li>\n<li><strong><em>Devenir de la guitarra<\/em><\/strong> guarda alla storia e alla trasformazione dello strumento.<\/li>\n<li><strong><em>Camino de flores<\/em><\/strong> utilizza il dialogo timbrico all\u2019interno di un racconto emozionale.<\/li>\n<\/ul>\n<\/div><\/div><\/div><\/div><\/div><div class=\"vc_col-sm-6 wpb_column vc_column_container\"><div class=\"vc_column-inner\"><div class=\"wpb_wrapper\"><div class=\"wpb_text_column\"><div class=\"wpb_wrapper\"><h2>Sono concerti barocchi con flamenco?<\/h2>\n<p>Non esattamente. Il flamenco resta al centro delle tre proposte. La musica antica funziona come interlocutrice e permette di ascoltare in modo diverso elementi gi\u00e0 presenti nel canto e nella chitarra: ornamentazione, tensione, ripetizione, improvvisazione, risonanza o senso cerimoniale.<\/p>\n<p>Questo approccio evita una lettura semplicistica della \u201cfusione\u201d. Il ciclo \u00e8 pi\u00f9 vicino a una conversazione tra tradizioni, epoche e modi di intendere la musica.<\/p>\n<p>Per il pubblico interessato sia alla <strong>storia del flamenco<\/strong> sia all\u2019evoluzione dei suoi linguaggi, questi sei spettacoli offrono una prospettiva diversa dal resto del programma.<\/p>\n<\/div><\/div><\/div><\/div><\/div><\/div><\/div><\/section><section class=\"l-section wpb_row height_huge\"><div class=\"l-section-h i-cf\"><div class=\"g-cols vc_row via_flex valign_top type_default stacking_default\"><div class=\"vc_col-sm-12 wpb_column vc_column_container\"><div class=\"vc_column-inner\"><div class=\"wpb_wrapper\"><div class=\"wpb_text_column\"><div class=\"wpb_wrapper\"><h2 id=\"entradas-matines\">Biglietti per le Matin\u00e9e Uniche della Biennale 2026<\/h2>\n<p>I biglietti vengono gestiti dalle schede ufficiali di ogni spettacolo sul sito della Biennale. La disponibilit\u00e0 pu\u00f2 cambiare rapidamente per la capienza e il carattere raccolto dello spazio.<\/p>\n<p>La domanda \u00e8 stata particolarmente alta gi\u00e0 mesi prima dell\u2019inizio del festival. In primavera la Biennale aveva gi\u00e0 confermato diversi spettacoli di San Luis tra quelli esauriti e, il 26 agosto, ha annunciato espressamente che <strong><em>Camino de flores<\/em>, di Encarna Anillo, era esaurito<\/strong>.<\/p>\n<p>Per questo conviene controllare la scheda della data precisa e non affidarsi a elenchi precedenti. Se compare un\u2019opzione di acquisto ufficiale, verifica l\u00ec la disponibilit\u00e0 in quel momento.<\/p>\n<p>Se la matin\u00e9e che desideravi \u00e8 completa, consulta la nostra guida su <a href=\"https:\/\/www.tablaosflamencos.com\/bienal-flamenco-2026-entradas-agotadas-que-ver.html\"><strong>cosa fare quando non ci sono pi\u00f9 biglietti per la Biennale<\/strong><\/a>. Il programma \u00e8 molto ampio e offre altri spettacoli, attivit\u00e0 gratuite e numerose opzioni di flamenco in citt\u00e0.<\/p>\n<\/div><\/div><div class=\"w-separator size_medium\"><\/div><div class=\"w-hwrapper valign_top wrap stack_on_mobiles align_center\" style=\"--hwrapper-gap:1.2rem\"><div class=\"w-btn-wrapper align_none\"><a class=\"w-btn us-btn-style_1\" href=\"https:\/\/www.tablaosflamencos.com\/it\/biennale-flamenco-siviglia-2026-biglietti-esauriti-alternative.html\"><span class=\"w-btn-label\">Cosa fare se i biglietti sono esauriti<\/span><\/a><\/div><div class=\"w-btn-wrapper align_none\"><a class=\"w-btn us-btn-style_1\" href=\"https:\/\/www.tablaosflamencos.com\/it\/flamenco-a-siviglia\"><span class=\"w-btn-label\">Vedi flamenco a Siviglia<\/span><\/a><\/div><\/div><\/div><\/div><\/div><\/div><\/div><\/section><section class=\"l-section wpb_row height_huge color_alternate with_shape\"><div class=\"l-section-shape type_zigzag pos_top\" style=\"height:3vmin;\"><svg xmlns=\"http:\/\/www.w3.org\/2000\/svg\" viewBox=\"0 0 64 8\" preserveAspectRatio=\"none\" width=\"100%\" height=\"100%\">\r\n\t<path fill=\"currentColor\" d=\"M64 8 L0 8 L0 0 L20 7.9 L40 3 L48 5 L64 0 Z\"\/>\r\n<\/svg><\/div><div class=\"l-section-shape type_zigzag pos_bottom\" style=\"height:3vmin;\"><svg xmlns=\"http:\/\/www.w3.org\/2000\/svg\" viewBox=\"0 0 64 8\" preserveAspectRatio=\"none\" width=\"100%\" height=\"100%\">\r\n\t<path fill=\"currentColor\" d=\"M64 8 L0 8 L0 0 L20 7.9 L40 3 L48 5 L64 0 Z\"\/>\r\n<\/svg><\/div><div class=\"l-section-h i-cf\"><div class=\"g-cols vc_row via_flex valign_top type_default stacking_default\"><div class=\"vc_col-sm-6 wpb_column vc_column_container\"><div class=\"vc_column-inner\"><div class=\"wpb_wrapper\"><div class=\"wpb_text_column\"><div class=\"wpb_wrapper\"><h2 id=\"como-llegar\">Come arrivare a San Luis de los Franceses<\/h2>\n<p>Il complesso monumentale si trova in <strong>calle San Luis, 37<\/strong>, nel centro storico di Siviglia, a nord dell\u2019asse di calle Feria e relativamente vicino alla Basilica della Macarena.<\/p>\n<p>Secondo le informazioni dello stesso spazio, diverse linee TUSSAM permettono di avvicinarsi alla zona, tra cui le linee <strong>02, 14, 27, 32 e C1<\/strong>.<\/p>\n<p>Se arrivi a piedi dal centro monumentale, calcola il percorso con un buon margine. Le matin\u00e9e iniziano alle 12:00 e l\u2019accesso a uno spettacolo della Biennale non va confuso con la normale visita turistica al complesso monumentale.<\/p>\n<\/div><\/div><\/div><\/div><\/div><div class=\"vc_col-sm-6 wpb_column vc_column_container\"><div class=\"vc_column-inner\"><div class=\"wpb_wrapper\"><div class=\"wpb_text_column\"><div class=\"wpb_wrapper\"><h2>Consigli per godersi una matin\u00e9e<\/h2>\n<ul>\n<li><strong>Arriva in anticipo.<\/strong> Il formato invita a entrare senza fretta e a sistemarsi prima dell\u2019inizio.<\/li>\n<li><strong>Controlla la data esatta.<\/strong> Ogni spettacolo si ripete sabato e domenica, ma la disponibilit\u00e0 pu\u00f2 essere diversa.<\/li>\n<li><strong>Non programmare un\u2019altra attivit\u00e0 troppo ravvicinata.<\/strong> Lascia tempo per uscire dal luogo e scoprire la zona.<\/li>\n<li><strong>Approfitta del quartiere.<\/strong> San Luis, Feria, l\u2019Alameda e la Macarena permettono di costruire un itinerario culturale e gastronomico attorno allo spettacolo.<\/li>\n<li><strong>Controlla il programma dello stesso giorno.<\/strong> Una matin\u00e9e pu\u00f2 essere combinata con altri spettacoli della Biennale nel pomeriggio o la sera.<\/li>\n<\/ul>\n<\/div><\/div><\/div><\/div><\/div><\/div><\/div><\/section><section class=\"l-section wpb_row height_huge\"><div class=\"l-section-h i-cf\"><div class=\"g-cols vc_row via_flex valign_top type_default stacking_default\"><div class=\"vc_col-sm-12 wpb_column vc_column_container\"><div class=\"vc_column-inner\"><div class=\"wpb_wrapper\"><div class=\"wpb_text_column\"><div class=\"wpb_wrapper\"><h2>Come combinare le Matin\u00e9e Uniche con il resto della Biennale<\/h2>\n<p>L\u2019orario delle 12:00 rende questo ciclo uno dei modi pi\u00f9 semplici per costruire un\u2019intera giornata di Biennale. Dopo una matin\u00e9e resta abbastanza tempo per pranzare, riposarsi e assistere a un altro spettacolo nel pomeriggio o la sera.<\/p>\n<p>Il <strong>12 settembre<\/strong>, per esempio, la giornata prosegue con proposte all\u2019Espacio Turina, al Teatro Lope de Vega, al Teatro de la Maestranza e al Teatro Alameda. Il <strong>20 settembre<\/strong>, dopo Alejandro Hurtado, il programma comprende Manuel de la Luz e Manuel Im\u00e1n, Jos\u00e9 Merc\u00e9 e la Gala del Circuito Andaluso dei Giovani Flamencos. Il <strong>27 settembre<\/strong>, dopo Encarna Anillo, proseguono Dani de Mor\u00f3n, <em>Fue tu querer<\/em> ed Est\u00e9vez \/ Pa\u00f1os y Compa\u00f1\u00eda.<\/p>\n<p>Detto questo, il vantaggio di una matin\u00e9e \u00e8 proprio viverla con un ritmo diverso. Non vale la pena uscire da San Luis pensando subito alla prossima corsa tra i teatri.<\/p>\n<\/div><\/div><\/div><\/div><\/div><\/div><\/div><\/section><section class=\"l-section wpb_row height_huge color_alternate with_shape\"><div class=\"l-section-shape type_zigzag pos_top\" style=\"height:3vmin;\"><svg xmlns=\"http:\/\/www.w3.org\/2000\/svg\" viewBox=\"0 0 64 8\" preserveAspectRatio=\"none\" width=\"100%\" height=\"100%\">\r\n\t<path fill=\"currentColor\" d=\"M64 8 L0 8 L0 0 L20 7.9 L40 3 L48 5 L64 0 Z\"\/>\r\n<\/svg><\/div><div class=\"l-section-shape type_zigzag pos_bottom\" style=\"height:3vmin;\"><svg xmlns=\"http:\/\/www.w3.org\/2000\/svg\" viewBox=\"0 0 64 8\" preserveAspectRatio=\"none\" width=\"100%\" height=\"100%\">\r\n\t<path fill=\"currentColor\" d=\"M64 8 L0 8 L0 0 L20 7.9 L40 3 L48 5 L64 0 Z\"\/>\r\n<\/svg><\/div><div class=\"l-section-h i-cf\"><div class=\"g-cols vc_row via_flex valign_top type_default stacking_default\"><div class=\"vc_col-sm-1\/5 wpb_column vc_column_container\"><div class=\"vc_column-inner\"><div class=\"wpb_wrapper\"><\/div><\/div><\/div><div class=\"vc_col-sm-3\/5 wpb_column vc_column_container\"><div class=\"vc_column-inner\"><div class=\"wpb_wrapper\"><div class=\"wpb_text_column\"><div class=\"wpb_wrapper\"><h2 style=\"text-align: center;\">Tre fine settimana per scoprire un\u2019altra Biennale<\/h2>\n<p style=\"text-align: center;\">Le Matin\u00e9e Uniche occupano numericamente un posto piccolo all\u2019interno di un programma enorme, ma riassumono molto bene una delle idee pi\u00f9 interessanti della XXIV Biennale: il flamenco non ha sempre bisogno di aumentare volume o dimensioni per creare un evento.<\/p>\n<p style=\"text-align: center;\">Qui il lusso \u00e8 nella prossimit\u00e0. Una voce davanti a un clavicembalo. Una chitarra flamenca che ascolta la propria storia. Un liuto accanto a un canto autobiografico. Tutto questo dentro uno degli spazi barocchi pi\u00f9 eccezionali di Siviglia e in piena luce del giorno.<\/p>\n<p style=\"text-align: center;\">Se riesci ancora a trovare biglietti per una delle date del tuo viaggio, \u00e8 un ciclo da tenere seriamente in considerazione. E se sono gi\u00e0 esauriti, la stessa Biennale offre molti altri modi per costruire una giornata completa di flamenco.<\/p>\n<\/div><\/div><div class=\"w-separator size_medium\"><\/div><div class=\"w-hwrapper valign_top wrap stack_on_mobiles align_center\" style=\"--hwrapper-gap:1.2rem\"><div class=\"w-btn-wrapper align_none\"><a class=\"w-btn us-btn-style_1\" href=\"https:\/\/www.tablaosflamencos.com\/it\/biennale-flamenco-siviglia\"><span class=\"w-btn-label\">Vedi la pagina principale della Biennale<\/span><\/a><\/div><div class=\"w-btn-wrapper align_none\"><a class=\"w-btn us-btn-style_1\" href=\"https:\/\/www.tablaosflamencos.com\/it\/notti-uniche-biennale-flamenco-siviglia-2026.html\"><span class=\"w-btn-label\">Consulta le Notti Uniche 2026<\/span><\/a><\/div><\/div><\/div><\/div><\/div><div class=\"vc_col-sm-1\/5 wpb_column vc_column_container\"><div class=\"vc_column-inner\"><div class=\"wpb_wrapper\"><\/div><\/div><\/div><\/div><\/div><\/section><section class=\"l-section wpb_row height_huge\"><div class=\"l-section-h i-cf\"><div class=\"g-cols vc_row via_flex valign_top type_default stacking_default\"><div class=\"vc_col-sm-1\/5 wpb_column vc_column_container\"><div class=\"vc_column-inner\"><div class=\"wpb_wrapper\"><\/div><\/div><\/div><div class=\"vc_col-sm-3\/5 wpb_column vc_column_container\"><div class=\"vc_column-inner\"><div class=\"wpb_wrapper\"><div class=\"wpb_text_column\"><div class=\"wpb_wrapper\"><h2 id=\"faq-matines\" style=\"text-align: center;\">Domande frequenti sulle Matin\u00e9e Uniche della Biennale 2026<\/h2>\n<\/div><\/div><div class=\"w-separator size_medium\"><\/div><div class=\"w-tabs accordion toggle_style_1 has_scrolling\" style=\"--sections-title-size:inherit;--sections-gap:0.5rem;\"><div class=\"w-tabs-sections titles-align_none icon_chevron cpos_right\"><div class=\"w-tabs-section\" id=\"q4d3\"><button type=\"button\" class=\"w-tabs-section-header\" aria-controls=\"content-q4d3\" aria-expanded=\"false\"><div class=\"w-tabs-section-title\">Quante Matin\u00e9e Uniche ci sono alla Biennale di Flamenco di Siviglia 2026?<\/div><div class=\"w-tabs-section-control\"><\/div><\/button><div  class=\"w-tabs-section-content\" id=\"content-q4d3\"><div class=\"w-tabs-section-content-h i-cf\"><div class=\"wpb_text_column\"><div class=\"wpb_wrapper\"><p>Ci sono <strong>sei spettacoli<\/strong>, corrispondenti a tre proposte presentate ciascuna per due giorni consecutivi.<\/p>\n<\/div><\/div><\/div><\/div><\/div><div class=\"w-tabs-section\" id=\"s5cd\"><button type=\"button\" class=\"w-tabs-section-header\" aria-controls=\"content-s5cd\" aria-expanded=\"false\"><div class=\"w-tabs-section-title\">Quando si svolgono le Matin\u00e9e Uniche?<\/div><div class=\"w-tabs-section-control\"><\/div><\/button><div  class=\"w-tabs-section-content\" id=\"content-s5cd\"><div class=\"w-tabs-section-content-h i-cf\"><div class=\"wpb_text_column\"><div class=\"wpb_wrapper\"><p>Si svolgono il <strong>12, 13, 19, 20, 26 e 27 settembre 2026<\/strong>. Tutti gli spettacoli iniziano alle 12:00.<\/p>\n<\/div><\/div><\/div><\/div><\/div><div class=\"w-tabs-section\" id=\"s6ac\"><button type=\"button\" class=\"w-tabs-section-header\" aria-controls=\"content-s6ac\" aria-expanded=\"false\"><div class=\"w-tabs-section-title\">Dove si svolgono?<\/div><div class=\"w-tabs-section-control\"><\/div><\/button><div  class=\"w-tabs-section-content\" id=\"content-s6ac\"><div class=\"w-tabs-section-content-h i-cf\"><div class=\"wpb_text_column\"><div class=\"wpb_wrapper\"><p>Tutte le Matin\u00e9e Uniche si svolgono nella <strong>Chiesa di San Luis de los Franceses<\/strong>, in calle San Luis a Siviglia.<\/p>\n<\/div><\/div><\/div><\/div><\/div><div class=\"w-tabs-section\" id=\"t798\"><button type=\"button\" class=\"w-tabs-section-header\" aria-controls=\"content-t798\" aria-expanded=\"false\"><div class=\"w-tabs-section-title\">Quali artisti partecipano?<\/div><div class=\"w-tabs-section-control\"><\/div><\/button><div  class=\"w-tabs-section-content\" id=\"content-t798\"><div class=\"w-tabs-section-content-h i-cf\"><div class=\"wpb_text_column\"><div class=\"wpb_wrapper\"><p>Pedro El Grana\u00edno presenta <em>Pan de oro<\/em> con Daniel Oyarz\u00e1bal; Alejandro Hurtado presenta <em>Devenir de la guitarra<\/em> con Enrike Solin\u00eds; ed Encarna Anillo presenta <em>Camino de flores<\/em> con la collaborazione del liutista Miguel Rinc\u00f3n.<\/p>\n<\/div><\/div><\/div><\/div><\/div><div class=\"w-tabs-section\" id=\"x87e\"><button type=\"button\" class=\"w-tabs-section-header\" aria-controls=\"content-x87e\" aria-expanded=\"false\"><div class=\"w-tabs-section-title\">Che rapporto hanno le matin\u00e9e con la musica antica?<\/div><div class=\"w-tabs-section-control\"><\/div><\/button><div  class=\"w-tabs-section-content\" id=\"content-x87e\"><div class=\"w-tabs-section-content-h i-cf\"><div class=\"wpb_text_column\"><div class=\"wpb_wrapper\"><p>Il ciclo crea un dialogo tra flamenco e musica storica attraverso la partecipazione di musicisti e strumenti come clavicembalo e liuto, oltre alla collaborazione con il Festival di Musica Antica di Siviglia.<\/p>\n<\/div><\/div><\/div><\/div><\/div><div class=\"w-tabs-section\" id=\"g948\"><button type=\"button\" class=\"w-tabs-section-header\" aria-controls=\"content-g948\" aria-expanded=\"false\"><div class=\"w-tabs-section-title\">Le Matin\u00e9e Uniche fanno parte delle Notti Uniche?<\/div><div class=\"w-tabs-section-control\"><\/div><\/button><div  class=\"w-tabs-section-content\" id=\"content-g948\"><div class=\"w-tabs-section-content-h i-cf\"><div class=\"wpb_text_column\"><div class=\"wpb_wrapper\"><p>No. Sono un ciclo specifico e aggiuntivo. Le Notti Uniche hanno un proprio calendario all\u2019interno del programma della Biennale.<\/p>\n<\/div><\/div><\/div><\/div><\/div><div class=\"w-tabs-section\" id=\"fa15\"><button type=\"button\" class=\"w-tabs-section-header\" aria-controls=\"content-fa15\" aria-expanded=\"false\"><div class=\"w-tabs-section-title\">Ci sono spettacoli esauriti?<\/div><div class=\"w-tabs-section-control\"><\/div><\/button><div  class=\"w-tabs-section-content\" id=\"content-fa15\"><div class=\"w-tabs-section-content-h i-cf\"><div class=\"wpb_text_column\"><div class=\"wpb_wrapper\"><p>S\u00ec. La domanda per il ciclo \u00e8 stata molto alta. Alla fine di agosto la Biennale ha confermato espressamente che entrambi gli spettacoli di <em>Camino de flores<\/em>, di Encarna Anillo, erano esauriti. \u00c8 sempre consigliabile verificare la disponibilit\u00e0 aggiornata di ogni data sul sito ufficiale.<\/p>\n<\/div><\/div><\/div><\/div><\/div><div class=\"w-tabs-section\" id=\"zae6\"><button type=\"button\" class=\"w-tabs-section-header\" aria-controls=\"content-zae6\" aria-expanded=\"false\"><div class=\"w-tabs-section-title\">A che ora iniziano le matin\u00e9e?<\/div><div class=\"w-tabs-section-control\"><\/div><\/button><div  class=\"w-tabs-section-content\" id=\"content-zae6\"><div class=\"w-tabs-section-content-h i-cf\"><div class=\"wpb_text_column\"><div class=\"wpb_wrapper\"><p>Iniziano tutte alle <strong>12:00<\/strong>.<\/p>\n<\/div><\/div><\/div><\/div><\/div><\/div><\/div><\/div><\/div><\/div><div class=\"vc_col-sm-1\/5 wpb_column vc_column_container\"><div class=\"vc_column-inner\"><div class=\"wpb_wrapper\"><\/div><\/div><\/div><\/div><\/div><\/section>\n","protected":false},"excerpt":{"rendered":"<p>Guida completa alle Matin\u00e9e Uniche della Biennale di Flamenco di Siviglia 2026: date, programma, artisti, San Luis de los Franceses, biglietti e informazioni pratiche.<\/p>\n","protected":false},"author":1,"featured_media":13683,"comment_status":"closed","ping_status":"closed","sticky":false,"template":"","format":"standard","meta":{"_acf_changed":false,"wpai_generated_summary":"","_ayudawp_aiss_exclude":false,"_ayudawp_aiss_exclude_summary":false,"_ayudawp_aiss_summary":"","_ayudawp_aiss_summary_provider":"","_ayudawp_aiss_summary_hash":"","footnotes":""},"categories":[1429],"tags":[1249,1250,1251,1252,1177,1732,1253],"class_list":["post-13691","post","type-post","status-publish","format-standard","has-post-thumbnail","hentry","category-biennale-di-flamenco","tag-agenda-flamenca","tag-bienal-2026","tag-bienal-de-flamenco","tag-festivales-flamencos","tag-flamenco-en-sevilla","tag-matinee-uniche","tag-sevilla"],"acf":[],"yoast_head":"<!-- This site is optimized with the Yoast SEO Premium plugin v28.3 (Yoast SEO v28.3) - https:\/\/yoast.com\/product\/yoast-seo-premium-wordpress\/ -->\n<title>Matin\u00e9e Uniche Biennale 2026: programma e San Luis<\/title>\n<meta name=\"description\" content=\"Scopri le Matin\u00e9e Uniche della Biennale di Flamenco di Siviglia 2026: date, programma, artisti, San Luis de los Franceses, biglietti e informazioni utili.\" \/>\n<meta name=\"robots\" content=\"index, follow, max-snippet:-1, max-image-preview:large, max-video-preview:-1\" \/>\n<link rel=\"canonical\" href=\"https:\/\/www.tablaosflamencos.com\/it\/matinee-uniche-biennale-flamenco-siviglia-2026.html\" \/>\n<meta property=\"og:locale\" content=\"it_IT\" \/>\n<meta property=\"og:type\" content=\"article\" \/>\n<meta property=\"og:title\" content=\"Matin\u00e9e Uniche della Biennale di Flamenco di Siviglia 2026: programma, date e San Luis de los Franceses\" \/>\n<meta property=\"og:description\" content=\"Scopri le Matin\u00e9e Uniche della Biennale di Flamenco di Siviglia 2026: date, programma, artisti, San Luis de los Franceses, biglietti e informazioni utili.\" \/>\n<meta property=\"og:url\" content=\"https:\/\/www.tablaosflamencos.com\/it\/matinee-uniche-biennale-flamenco-siviglia-2026.html\" \/>\n<meta property=\"og:site_name\" content=\"Tablaos Flamencos\" \/>\n<meta property=\"article:publisher\" content=\"https:\/\/www.facebook.com\/tablaosflamencos\" \/>\n<meta property=\"article:published_time\" content=\"2026-08-31T17:04:44+00:00\" \/>\n<meta property=\"article:modified_time\" content=\"2026-08-31T17:25:17+00:00\" \/>\n<meta property=\"og:image\" content=\"https:\/\/www.tablaosflamencos.com\/wp-content\/uploads\/matines-unicas-de-la-bienal-de-flamenco-2026-programa-fechas-y-san-luis-de-los-franceses-01.webp\" \/>\n\t<meta property=\"og:image:width\" content=\"1920\" \/>\n\t<meta property=\"og:image:height\" content=\"1072\" \/>\n\t<meta property=\"og:image:type\" content=\"image\/webp\" \/>\n<meta name=\"author\" content=\"Miguel Ortiz\" \/>\n<meta name=\"twitter:card\" content=\"summary_large_image\" \/>\n<meta name=\"twitter:creator\" content=\"@tablaosflamenco\" \/>\n<meta name=\"twitter:site\" content=\"@tablaosflamenco\" \/>\n<meta name=\"twitter:label1\" content=\"Scritto da\" \/>\n\t<meta name=\"twitter:data1\" content=\"Miguel Ortiz\" \/>\n\t<meta name=\"twitter:label2\" content=\"Tempo di lettura stimato\" \/>\n\t<meta name=\"twitter:data2\" content=\"17 minuti\" \/>\n<script type=\"application\/ld+json\" class=\"yoast-schema-graph\">{\"@context\":\"https:\\\/\\\/schema.org\",\"@graph\":[{\"@type\":\"Article\",\"@id\":\"https:\\\/\\\/www.tablaosflamencos.com\\\/it\\\/matinee-uniche-biennale-flamenco-siviglia-2026.html#article\",\"isPartOf\":{\"@id\":\"https:\\\/\\\/www.tablaosflamencos.com\\\/it\\\/matinee-uniche-biennale-flamenco-siviglia-2026.html\"},\"author\":{\"name\":\"Miguel Ortiz\",\"@id\":\"https:\\\/\\\/www.tablaosflamencos.com\\\/it#\\\/schema\\\/person\\\/e7a9ebe14eb75a52ceabfbffb3c54f5d\"},\"headline\":\"Matin\u00e9e Uniche della Biennale di Flamenco di Siviglia 2026: programma, date e San Luis de los Franceses\",\"datePublished\":\"2026-08-31T17:04:44+00:00\",\"dateModified\":\"2026-08-31T17:25:17+00:00\",\"mainEntityOfPage\":{\"@id\":\"https:\\\/\\\/www.tablaosflamencos.com\\\/it\\\/matinee-uniche-biennale-flamenco-siviglia-2026.html\"},\"wordCount\":3478,\"publisher\":{\"@id\":\"https:\\\/\\\/www.tablaosflamencos.com\\\/it#organization\"},\"image\":{\"@id\":\"https:\\\/\\\/www.tablaosflamencos.com\\\/it\\\/matinee-uniche-biennale-flamenco-siviglia-2026.html#primaryimage\"},\"thumbnailUrl\":\"https:\\\/\\\/www.tablaosflamencos.com\\\/wp-content\\\/uploads\\\/matines-unicas-de-la-bienal-de-flamenco-2026-programa-fechas-y-san-luis-de-los-franceses-01.webp\",\"keywords\":[\"agenda flamenca\",\"Bienal 2026\",\"Bienal de Flamenco\",\"festivales flamencos\",\"flamenco en Sevilla\",\"Matin\u00e9e Uniche\",\"sevilla\"],\"articleSection\":[\"Biennale di Flamenco\"],\"inLanguage\":\"it-IT\"},{\"@type\":\"WebPage\",\"@id\":\"https:\\\/\\\/www.tablaosflamencos.com\\\/it\\\/matinee-uniche-biennale-flamenco-siviglia-2026.html\",\"url\":\"https:\\\/\\\/www.tablaosflamencos.com\\\/it\\\/matinee-uniche-biennale-flamenco-siviglia-2026.html\",\"name\":\"Matin\u00e9e Uniche Biennale 2026: programma e San Luis\",\"isPartOf\":{\"@id\":\"https:\\\/\\\/www.tablaosflamencos.com\\\/it#website\"},\"primaryImageOfPage\":{\"@id\":\"https:\\\/\\\/www.tablaosflamencos.com\\\/it\\\/matinee-uniche-biennale-flamenco-siviglia-2026.html#primaryimage\"},\"image\":{\"@id\":\"https:\\\/\\\/www.tablaosflamencos.com\\\/it\\\/matinee-uniche-biennale-flamenco-siviglia-2026.html#primaryimage\"},\"thumbnailUrl\":\"https:\\\/\\\/www.tablaosflamencos.com\\\/wp-content\\\/uploads\\\/matines-unicas-de-la-bienal-de-flamenco-2026-programa-fechas-y-san-luis-de-los-franceses-01.webp\",\"datePublished\":\"2026-08-31T17:04:44+00:00\",\"dateModified\":\"2026-08-31T17:25:17+00:00\",\"description\":\"Scopri le Matin\u00e9e Uniche della Biennale di Flamenco di Siviglia 2026: date, programma, artisti, San Luis de los Franceses, biglietti e informazioni utili.\",\"breadcrumb\":{\"@id\":\"https:\\\/\\\/www.tablaosflamencos.com\\\/it\\\/matinee-uniche-biennale-flamenco-siviglia-2026.html#breadcrumb\"},\"inLanguage\":\"it-IT\",\"potentialAction\":[{\"@type\":\"ReadAction\",\"target\":[\"https:\\\/\\\/www.tablaosflamencos.com\\\/it\\\/matinee-uniche-biennale-flamenco-siviglia-2026.html\"]}]},{\"@type\":\"ImageObject\",\"inLanguage\":\"it-IT\",\"@id\":\"https:\\\/\\\/www.tablaosflamencos.com\\\/it\\\/matinee-uniche-biennale-flamenco-siviglia-2026.html#primaryimage\",\"url\":\"https:\\\/\\\/www.tablaosflamencos.com\\\/wp-content\\\/uploads\\\/matines-unicas-de-la-bienal-de-flamenco-2026-programa-fechas-y-san-luis-de-los-franceses-01.webp\",\"contentUrl\":\"https:\\\/\\\/www.tablaosflamencos.com\\\/wp-content\\\/uploads\\\/matines-unicas-de-la-bienal-de-flamenco-2026-programa-fechas-y-san-luis-de-los-franceses-01.webp\",\"width\":1920,\"height\":1072,\"caption\":\"Matin\u00e9s \u00danicas de la Bienal de Flamenco 2026: programa, fechas y San Luis de los Franceses\"},{\"@type\":\"BreadcrumbList\",\"@id\":\"https:\\\/\\\/www.tablaosflamencos.com\\\/it\\\/matinee-uniche-biennale-flamenco-siviglia-2026.html#breadcrumb\",\"itemListElement\":[{\"@type\":\"ListItem\",\"position\":1,\"name\":\"Home\",\"item\":\"https:\\\/\\\/www.tablaosflamencos.com\\\/it\"},{\"@type\":\"ListItem\",\"position\":2,\"name\":\"Matin\u00e9e Uniche della Biennale di Flamenco di Siviglia 2026: programma, date e San Luis de los Franceses\"}]},{\"@type\":\"WebSite\",\"@id\":\"https:\\\/\\\/www.tablaosflamencos.com\\\/it#website\",\"url\":\"https:\\\/\\\/www.tablaosflamencos.com\\\/it\",\"name\":\"Tablaos Flamencos\",\"description\":\"Entradas para tablaos flamencos de Espa\u00f1a\",\"publisher\":{\"@id\":\"https:\\\/\\\/www.tablaosflamencos.com\\\/it#organization\"},\"alternateName\":\"Tablaos Flamencos\",\"potentialAction\":[{\"@type\":\"SearchAction\",\"target\":{\"@type\":\"EntryPoint\",\"urlTemplate\":\"https:\\\/\\\/www.tablaosflamencos.com\\\/it?s={search_term_string}\"},\"query-input\":{\"@type\":\"PropertyValueSpecification\",\"valueRequired\":true,\"valueName\":\"search_term_string\"}}],\"inLanguage\":\"it-IT\"},{\"@type\":[\"Organization\",\"Place\",\"EntertainmentBusiness\"],\"@id\":\"https:\\\/\\\/www.tablaosflamencos.com\\\/it#organization\",\"name\":\"Tablaos Flamencos\",\"alternateName\":\"Tablaos Flamencos\",\"url\":\"https:\\\/\\\/www.tablaosflamencos.com\\\/it\",\"logo\":{\"@id\":\"https:\\\/\\\/www.tablaosflamencos.com\\\/it\\\/matinee-uniche-biennale-flamenco-siviglia-2026.html#local-main-organization-logo\"},\"image\":{\"@id\":\"https:\\\/\\\/www.tablaosflamencos.com\\\/it\\\/matinee-uniche-biennale-flamenco-siviglia-2026.html#local-main-organization-logo\"},\"sameAs\":[\"https:\\\/\\\/www.facebook.com\\\/tablaosflamencos\",\"https:\\\/\\\/x.com\\\/tablaosflamenco\",\"https:\\\/\\\/mastodon.social\\\/@tablaosflamencos\",\"https:\\\/\\\/www.instagram.com\\\/tablaosflamencos\",\"https:\\\/\\\/tiktok.com\\\/@tablaosflamencos\",\"https:\\\/\\\/www.linkedin.com\\\/company\\\/109408238\\\/\"],\"description\":\"Venta de entradas para espect\u00e1culos flamencos\",\"legalName\":\"Tablaos Flamencos\",\"foundingDate\":\"2015-01-01\",\"numberOfEmployees\":{\"@type\":\"QuantitativeValue\",\"minValue\":\"1\",\"maxValue\":\"10\"},\"address\":{\"@id\":\"https:\\\/\\\/www.tablaosflamencos.com\\\/it\\\/matinee-uniche-biennale-flamenco-siviglia-2026.html#local-main-place-address\"},\"geo\":{\"@type\":\"GeoCoordinates\",\"latitude\":\"37.3868072\",\"longitude\":\"-5.993280299999999\"},\"telephone\":[\"+34623787787\"],\"contactPoint\":{\"@type\":\"ContactPoint\",\"telephone\":\"+34623787787\",\"email\":\"info@tablaosflamencos.com\"},\"openingHoursSpecification\":{\"@type\":\"OpeningHoursSpecification\",\"dayOfWeek\":[\"Monday\",\"Tuesday\",\"Wednesday\",\"Thursday\",\"Friday\",\"Saturday\",\"Sunday\"],\"opens\":\"00:00\",\"closes\":\"23:59\"},\"email\":\"info@tablaosflamencos.com\",\"priceRange\":\"$$$\",\"currenciesAccepted\":\"\u20ac\"},{\"@type\":\"Person\",\"@id\":\"https:\\\/\\\/www.tablaosflamencos.com\\\/it#\\\/schema\\\/person\\\/e7a9ebe14eb75a52ceabfbffb3c54f5d\",\"name\":\"Miguel Ortiz\",\"description\":\"Miguel Ortiz es un empresario flamenco, con una s\u00f3lida trayectoria dentro del sector. Ha presidido entidades culturales vinculadas al flamenco y, cuenta con un amplio recorrido profesional en la gesti\u00f3n y promoci\u00f3n de espect\u00e1culos y tablaos flamencos. Su pasi\u00f3n por la historia y el arte flamenco se refleja en cada art\u00edculo, donde combina experiencia, criterio y un profundo respeto por la tradici\u00f3n.\",\"sameAs\":[\"https:\\\/\\\/www.tablaosflamencos.com\",\"https:\\\/\\\/www.instagra.com\\\/miguelortizfe\",\"https:\\\/\\\/www.linkedin.com\\\/in\\\/miguelortizf\\\/\"],\"birthDate\":\"1984-11-22\",\"gender\":\"hombre\",\"knowsLanguage\":[\"espa\u00f1ol\",\"ingl\u00e9s\"],\"jobTitle\":\"Empresario flamenco\"},{\"@type\":\"PostalAddress\",\"@id\":\"https:\\\/\\\/www.tablaosflamencos.com\\\/it\\\/matinee-uniche-biennale-flamenco-siviglia-2026.html#local-main-place-address\",\"streetAddress\":\"C\\\/ Alemanes, 19\",\"addressLocality\":\"Sevilla\",\"postalCode\":\"41004\",\"addressRegion\":\"Sevilla\",\"addressCountry\":\"ES\"},{\"@type\":\"ImageObject\",\"inLanguage\":\"it-IT\",\"@id\":\"https:\\\/\\\/www.tablaosflamencos.com\\\/it\\\/matinee-uniche-biennale-flamenco-siviglia-2026.html#local-main-organization-logo\",\"url\":\"https:\\\/\\\/www.tablaosflamencos.com\\\/wp-content\\\/uploads\\\/tablaos-flamencos-06-3.webp\",\"contentUrl\":\"https:\\\/\\\/www.tablaosflamencos.com\\\/wp-content\\\/uploads\\\/tablaos-flamencos-06-3.webp\",\"width\":600,\"height\":620,\"caption\":\"Tablaos Flamencos\"}]}<\/script>\n<meta name=\"geo.placename\" content=\"Sevilla\" \/>\n<meta name=\"geo.position\" content=\"37.3868072;-5.993280299999999\" \/>\n<meta name=\"geo.region\" content=\"Spagna\" \/>\n<!-- \/ Yoast SEO Premium plugin. -->","yoast_head_json":{"title":"Matin\u00e9e Uniche Biennale 2026: programma e San Luis","description":"Scopri le Matin\u00e9e Uniche della Biennale di Flamenco di Siviglia 2026: date, programma, artisti, San Luis de los Franceses, biglietti e informazioni utili.","robots":{"index":"index","follow":"follow","max-snippet":"max-snippet:-1","max-image-preview":"max-image-preview:large","max-video-preview":"max-video-preview:-1"},"canonical":"https:\/\/www.tablaosflamencos.com\/it\/matinee-uniche-biennale-flamenco-siviglia-2026.html","og_locale":"it_IT","og_type":"article","og_title":"Matin\u00e9e Uniche della Biennale di Flamenco di Siviglia 2026: programma, date e San Luis de los Franceses","og_description":"Scopri le Matin\u00e9e Uniche della Biennale di Flamenco di Siviglia 2026: date, programma, artisti, San Luis de los Franceses, biglietti e informazioni utili.","og_url":"https:\/\/www.tablaosflamencos.com\/it\/matinee-uniche-biennale-flamenco-siviglia-2026.html","og_site_name":"Tablaos Flamencos","article_publisher":"https:\/\/www.facebook.com\/tablaosflamencos","article_published_time":"2026-08-31T17:04:44+00:00","article_modified_time":"2026-08-31T17:25:17+00:00","og_image":[{"width":1920,"height":1072,"url":"https:\/\/www.tablaosflamencos.com\/wp-content\/uploads\/matines-unicas-de-la-bienal-de-flamenco-2026-programa-fechas-y-san-luis-de-los-franceses-01.webp","type":"image\/webp"}],"author":"Miguel Ortiz","twitter_card":"summary_large_image","twitter_creator":"@tablaosflamenco","twitter_site":"@tablaosflamenco","twitter_misc":{"Scritto da":"Miguel Ortiz","Tempo di lettura stimato":"17 minuti"},"schema":{"@context":"https:\/\/schema.org","@graph":[{"@type":"Article","@id":"https:\/\/www.tablaosflamencos.com\/it\/matinee-uniche-biennale-flamenco-siviglia-2026.html#article","isPartOf":{"@id":"https:\/\/www.tablaosflamencos.com\/it\/matinee-uniche-biennale-flamenco-siviglia-2026.html"},"author":{"name":"Miguel Ortiz","@id":"https:\/\/www.tablaosflamencos.com\/it#\/schema\/person\/e7a9ebe14eb75a52ceabfbffb3c54f5d"},"headline":"Matin\u00e9e Uniche della Biennale di Flamenco di Siviglia 2026: programma, date e San Luis de los Franceses","datePublished":"2026-08-31T17:04:44+00:00","dateModified":"2026-08-31T17:25:17+00:00","mainEntityOfPage":{"@id":"https:\/\/www.tablaosflamencos.com\/it\/matinee-uniche-biennale-flamenco-siviglia-2026.html"},"wordCount":3478,"publisher":{"@id":"https:\/\/www.tablaosflamencos.com\/it#organization"},"image":{"@id":"https:\/\/www.tablaosflamencos.com\/it\/matinee-uniche-biennale-flamenco-siviglia-2026.html#primaryimage"},"thumbnailUrl":"https:\/\/www.tablaosflamencos.com\/wp-content\/uploads\/matines-unicas-de-la-bienal-de-flamenco-2026-programa-fechas-y-san-luis-de-los-franceses-01.webp","keywords":["agenda flamenca","Bienal 2026","Bienal de Flamenco","festivales flamencos","flamenco en Sevilla","Matin\u00e9e Uniche","sevilla"],"articleSection":["Biennale di Flamenco"],"inLanguage":"it-IT"},{"@type":"WebPage","@id":"https:\/\/www.tablaosflamencos.com\/it\/matinee-uniche-biennale-flamenco-siviglia-2026.html","url":"https:\/\/www.tablaosflamencos.com\/it\/matinee-uniche-biennale-flamenco-siviglia-2026.html","name":"Matin\u00e9e Uniche Biennale 2026: programma e San Luis","isPartOf":{"@id":"https:\/\/www.tablaosflamencos.com\/it#website"},"primaryImageOfPage":{"@id":"https:\/\/www.tablaosflamencos.com\/it\/matinee-uniche-biennale-flamenco-siviglia-2026.html#primaryimage"},"image":{"@id":"https:\/\/www.tablaosflamencos.com\/it\/matinee-uniche-biennale-flamenco-siviglia-2026.html#primaryimage"},"thumbnailUrl":"https:\/\/www.tablaosflamencos.com\/wp-content\/uploads\/matines-unicas-de-la-bienal-de-flamenco-2026-programa-fechas-y-san-luis-de-los-franceses-01.webp","datePublished":"2026-08-31T17:04:44+00:00","dateModified":"2026-08-31T17:25:17+00:00","description":"Scopri le Matin\u00e9e Uniche della Biennale di Flamenco di Siviglia 2026: date, programma, artisti, San Luis de los Franceses, biglietti e informazioni utili.","breadcrumb":{"@id":"https:\/\/www.tablaosflamencos.com\/it\/matinee-uniche-biennale-flamenco-siviglia-2026.html#breadcrumb"},"inLanguage":"it-IT","potentialAction":[{"@type":"ReadAction","target":["https:\/\/www.tablaosflamencos.com\/it\/matinee-uniche-biennale-flamenco-siviglia-2026.html"]}]},{"@type":"ImageObject","inLanguage":"it-IT","@id":"https:\/\/www.tablaosflamencos.com\/it\/matinee-uniche-biennale-flamenco-siviglia-2026.html#primaryimage","url":"https:\/\/www.tablaosflamencos.com\/wp-content\/uploads\/matines-unicas-de-la-bienal-de-flamenco-2026-programa-fechas-y-san-luis-de-los-franceses-01.webp","contentUrl":"https:\/\/www.tablaosflamencos.com\/wp-content\/uploads\/matines-unicas-de-la-bienal-de-flamenco-2026-programa-fechas-y-san-luis-de-los-franceses-01.webp","width":1920,"height":1072,"caption":"Matin\u00e9s \u00danicas de la Bienal de Flamenco 2026: programa, fechas y San Luis de los Franceses"},{"@type":"BreadcrumbList","@id":"https:\/\/www.tablaosflamencos.com\/it\/matinee-uniche-biennale-flamenco-siviglia-2026.html#breadcrumb","itemListElement":[{"@type":"ListItem","position":1,"name":"Home","item":"https:\/\/www.tablaosflamencos.com\/it"},{"@type":"ListItem","position":2,"name":"Matin\u00e9e Uniche della Biennale di Flamenco di Siviglia 2026: programma, date e San Luis de los Franceses"}]},{"@type":"WebSite","@id":"https:\/\/www.tablaosflamencos.com\/it#website","url":"https:\/\/www.tablaosflamencos.com\/it","name":"Tablaos Flamencos","description":"Entradas para tablaos flamencos de Espa\u00f1a","publisher":{"@id":"https:\/\/www.tablaosflamencos.com\/it#organization"},"alternateName":"Tablaos Flamencos","potentialAction":[{"@type":"SearchAction","target":{"@type":"EntryPoint","urlTemplate":"https:\/\/www.tablaosflamencos.com\/it?s={search_term_string}"},"query-input":{"@type":"PropertyValueSpecification","valueRequired":true,"valueName":"search_term_string"}}],"inLanguage":"it-IT"},{"@type":["Organization","Place","EntertainmentBusiness"],"@id":"https:\/\/www.tablaosflamencos.com\/it#organization","name":"Tablaos Flamencos","alternateName":"Tablaos Flamencos","url":"https:\/\/www.tablaosflamencos.com\/it","logo":{"@id":"https:\/\/www.tablaosflamencos.com\/it\/matinee-uniche-biennale-flamenco-siviglia-2026.html#local-main-organization-logo"},"image":{"@id":"https:\/\/www.tablaosflamencos.com\/it\/matinee-uniche-biennale-flamenco-siviglia-2026.html#local-main-organization-logo"},"sameAs":["https:\/\/www.facebook.com\/tablaosflamencos","https:\/\/x.com\/tablaosflamenco","https:\/\/mastodon.social\/@tablaosflamencos","https:\/\/www.instagram.com\/tablaosflamencos","https:\/\/tiktok.com\/@tablaosflamencos","https:\/\/www.linkedin.com\/company\/109408238\/"],"description":"Venta de entradas para espect\u00e1culos flamencos","legalName":"Tablaos Flamencos","foundingDate":"2015-01-01","numberOfEmployees":{"@type":"QuantitativeValue","minValue":"1","maxValue":"10"},"address":{"@id":"https:\/\/www.tablaosflamencos.com\/it\/matinee-uniche-biennale-flamenco-siviglia-2026.html#local-main-place-address"},"geo":{"@type":"GeoCoordinates","latitude":"37.3868072","longitude":"-5.993280299999999"},"telephone":["+34623787787"],"contactPoint":{"@type":"ContactPoint","telephone":"+34623787787","email":"info@tablaosflamencos.com"},"openingHoursSpecification":{"@type":"OpeningHoursSpecification","dayOfWeek":["Monday","Tuesday","Wednesday","Thursday","Friday","Saturday","Sunday"],"opens":"00:00","closes":"23:59"},"email":"info@tablaosflamencos.com","priceRange":"$$$","currenciesAccepted":"\u20ac"},{"@type":"Person","@id":"https:\/\/www.tablaosflamencos.com\/it#\/schema\/person\/e7a9ebe14eb75a52ceabfbffb3c54f5d","name":"Miguel Ortiz","description":"Miguel Ortiz es un empresario flamenco, con una s\u00f3lida trayectoria dentro del sector. Ha presidido entidades culturales vinculadas al flamenco y, cuenta con un amplio recorrido profesional en la gesti\u00f3n y promoci\u00f3n de espect\u00e1culos y tablaos flamencos. Su pasi\u00f3n por la historia y el arte flamenco se refleja en cada art\u00edculo, donde combina experiencia, criterio y un profundo respeto por la tradici\u00f3n.","sameAs":["https:\/\/www.tablaosflamencos.com","https:\/\/www.instagra.com\/miguelortizfe","https:\/\/www.linkedin.com\/in\/miguelortizf\/"],"birthDate":"1984-11-22","gender":"hombre","knowsLanguage":["espa\u00f1ol","ingl\u00e9s"],"jobTitle":"Empresario flamenco"},{"@type":"PostalAddress","@id":"https:\/\/www.tablaosflamencos.com\/it\/matinee-uniche-biennale-flamenco-siviglia-2026.html#local-main-place-address","streetAddress":"C\/ Alemanes, 19","addressLocality":"Sevilla","postalCode":"41004","addressRegion":"Sevilla","addressCountry":"ES"},{"@type":"ImageObject","inLanguage":"it-IT","@id":"https:\/\/www.tablaosflamencos.com\/it\/matinee-uniche-biennale-flamenco-siviglia-2026.html#local-main-organization-logo","url":"https:\/\/www.tablaosflamencos.com\/wp-content\/uploads\/tablaos-flamencos-06-3.webp","contentUrl":"https:\/\/www.tablaosflamencos.com\/wp-content\/uploads\/tablaos-flamencos-06-3.webp","width":600,"height":620,"caption":"Tablaos Flamencos"}]},"geo.placename":"Sevilla","geo.position":{"lat":"37.3868072","long":"-5.993280299999999"},"geo.region":"Spagna"},"_links":{"self":[{"href":"https:\/\/www.tablaosflamencos.com\/it\/wp-json\/wp\/v2\/posts\/13691","targetHints":{"allow":["GET"]}}],"collection":[{"href":"https:\/\/www.tablaosflamencos.com\/it\/wp-json\/wp\/v2\/posts"}],"about":[{"href":"https:\/\/www.tablaosflamencos.com\/it\/wp-json\/wp\/v2\/types\/post"}],"author":[{"embeddable":true,"href":"https:\/\/www.tablaosflamencos.com\/it\/wp-json\/wp\/v2\/users\/1"}],"replies":[{"embeddable":true,"href":"https:\/\/www.tablaosflamencos.com\/it\/wp-json\/wp\/v2\/comments?post=13691"}],"version-history":[{"count":1,"href":"https:\/\/www.tablaosflamencos.com\/it\/wp-json\/wp\/v2\/posts\/13691\/revisions"}],"predecessor-version":[{"id":13699,"href":"https:\/\/www.tablaosflamencos.com\/it\/wp-json\/wp\/v2\/posts\/13691\/revisions\/13699"}],"wp:featuredmedia":[{"embeddable":true,"href":"https:\/\/www.tablaosflamencos.com\/it\/wp-json\/wp\/v2\/media\/13683"}],"wp:attachment":[{"href":"https:\/\/www.tablaosflamencos.com\/it\/wp-json\/wp\/v2\/media?parent=13691"}],"wp:term":[{"taxonomy":"category","embeddable":true,"href":"https:\/\/www.tablaosflamencos.com\/it\/wp-json\/wp\/v2\/categories?post=13691"},{"taxonomy":"post_tag","embeddable":true,"href":"https:\/\/www.tablaosflamencos.com\/it\/wp-json\/wp\/v2\/tags?post=13691"}],"curies":[{"name":"wp","href":"https:\/\/api.w.org\/{rel}","templated":true}]}}