{"id":13668,"date":"2026-08-31T18:07:57","date_gmt":"2026-08-31T16:07:57","guid":{"rendered":"https:\/\/www.tablaosflamencos.com\/?p=13668"},"modified":"2026-08-31T18:26:47","modified_gmt":"2026-08-31T16:26:47","slug":"festival-cante-jondo-antonio-mairena-2026","status":"publish","type":"post","link":"https:\/\/www.tablaosflamencos.com\/it\/festival-cante-jondo-antonio-mairena-2026.html","title":{"rendered":"Festival de Cante Jondo Antonio Mairena 2026: programma, artisti, date e biglietti"},"content":{"rendered":"<section class=\"l-section wpb_row height_huge\"><div class=\"l-section-h i-cf\"><div class=\"g-cols vc_row via_flex valign_top type_default stacking_default\"><div class=\"vc_col-sm-6 wpb_column vc_column_container\"><div class=\"vc_column-inner\"><div class=\"wpb_wrapper\"><div class=\"wpb_text_column\"><div class=\"wpb_wrapper\"><h2>Festival de Cante Jondo Antonio Mairena 2026: cinque giorni per vivere il flamenco in uno dei suoi grandi templi<\/h2>\n<p>Mairena del Alcor torna a essere uno dei centri del flamenco andaluso con la celebrazione del <strong>65\u00ba Festival de Cante Jondo Antonio Mairena<\/strong>, che si terr\u00e0 <strong>dall\u20191 al 5 settembre 2026<\/strong>. L\u2019edizione riunisce canto, chitarra, danza, conferenze, una masterclass, lo storico Concorso Nazionale di Cante Jondo e un grande gala finale guidato da figure come <strong>Jos\u00e9 Merc\u00e9, La Macanita e Farruquito<\/strong>.<\/p>\n<p>Il festival 2026 \u00e8 <strong>dedicato a Diego Clavel<\/strong> e mantiene la vocazione che ha definito questo appuntamento fin dalle origini: valorizzare il cante, trasmettere la memoria flamenca e riunire diverse generazioni di artisti a Mairena del Alcor, localit\u00e0 strettamente legata alla figura di Antonio Mairena.<\/p>\n<p>Il programma si distribuisce tra la <strong>Casa Palacio de los Duques de Arcos<\/strong>, il <strong>Teatro Municipal Calixto S\u00e1nchez<\/strong> e l\u2019 <strong>Auditorio Municipal Manuel Mairena<\/strong>. Inoltre, il 28 agosto si tiene come anteprima la <strong>Flamenkedada<\/strong>, una proposta di flamenco fusion rivolta soprattutto a un pubblico pi\u00f9 giovane.<\/p>\n<\/div><\/div><\/div><\/div><\/div><div class=\"vc_col-sm-6 wpb_column vc_column_container\"><div class=\"vc_column-inner\"><div class=\"wpb_wrapper\"><div class=\"wpb_text_column\"><div class=\"wpb_wrapper\"><h3>Festival Antonio Mairena 2026: informazioni essenziali<\/h3>\n<ul>\n<li><strong>Edizione:<\/strong> 65\u00ba Festival de Cante Jondo Antonio Mairena.<\/li>\n<li><strong>Date:<\/strong> dall\u20191 al 5 settembre 2026.<\/li>\n<li><strong>Luogo:<\/strong> Mairena del Alcor, Siviglia.<\/li>\n<li><strong>Dedica:<\/strong> Diego Clavel.<\/li>\n<li><strong>Gala finale:<\/strong> 5 settembre, ore 22:00.<\/li>\n<li><strong>Artisti del gala:<\/strong> Jos\u00e9 Merc\u00e9, La Macanita, Juan de Mairena, Roc\u00edo Luna e Farruquito, tra gli altri.<\/li>\n<li><strong>Biglietti:<\/strong> da 10 \u20ac per gli spettacoli a pagamento, a seconda della modalit\u00e0.<\/li>\n<li><strong>Vendita:<\/strong> sito ufficiale, piattaforma Giglon e punti vendita indicati dal Comune.<\/li>\n<\/ul>\n<p><small>Il programma e le condizioni di vendita possono subire modifiche. Consigliamo di verificare le informazioni ufficiali prima di spostarsi.<\/small><\/p>\n<\/div><\/div><div class=\"w-separator size_medium\"><\/div><div class=\"w-hwrapper valign_top wrap stack_on_mobiles align_center\" style=\"--hwrapper-gap:1.2rem\"><div class=\"w-btn-wrapper align_none\"><a class=\"w-btn us-btn-style_1\" href=\"https:\/\/festivalmairena.com\/\"><span class=\"w-btn-label\">Sito ufficiale del Festival<\/span><\/a><\/div><\/div><\/div><\/div><\/div><\/div><\/div><\/section><section class=\"l-section wpb_row height_huge color_alternate with_shape\"><div class=\"l-section-shape type_zigzag pos_top hor_flip\" style=\"height:3vmin;\"><svg xmlns=\"http:\/\/www.w3.org\/2000\/svg\" viewBox=\"0 0 64 8\" preserveAspectRatio=\"none\" width=\"100%\" height=\"100%\">\r\n\t<path fill=\"currentColor\" d=\"M64 8 L0 8 L0 0 L20 7.9 L40 3 L48 5 L64 0 Z\"\/>\r\n<\/svg><\/div><div class=\"l-section-shape type_zigzag pos_bottom\" style=\"height:3vmin;\"><svg xmlns=\"http:\/\/www.w3.org\/2000\/svg\" viewBox=\"0 0 64 8\" preserveAspectRatio=\"none\" width=\"100%\" height=\"100%\">\r\n\t<path fill=\"currentColor\" d=\"M64 8 L0 8 L0 0 L20 7.9 L40 3 L48 5 L64 0 Z\"\/>\r\n<\/svg><\/div><div class=\"l-section-h i-cf\"><div class=\"g-cols vc_row via_flex valign_top type_default stacking_default\"><div class=\"vc_col-sm-12 wpb_column vc_column_container\"><div class=\"vc_column-inner\"><div class=\"wpb_wrapper\"><div class=\"wpb_text_column\"><div class=\"wpb_wrapper\"><h2>Programma completo del Festival de Cante Jondo Antonio Mairena 2026<\/h2>\n<p>L\u2019edizione 2026 combina recital, riflessione, formazione, danza e competizione. Il programma principale si svolge da marted\u00ec 1 a sabato 5 settembre, mentre la Flamenkedada del 28 agosto funge da prologo al ciclo.<\/p>\n<h3>Marted\u00ec 1 settembre: inaugurazione, Diego Clavel e Rubito de Par\u00e1<\/h3>\n<p>La <strong>Casa Palacio de los Duques de Arcos<\/strong> concentra la prima giornata. Alle <strong>21:00<\/strong> \u00e8 previsto l\u2019atto di inaugurazione istituzionale. A seguire, alle <strong>21:15<\/strong>, Pedro L\u00f3phe tiene la conferenza <em>Diego Clavel: etica ed estetica<\/em>, legata alla dedica di questa edizione.<\/p>\n<p>La serata si conclude alle <strong>22:30<\/strong> con un recital flamenco di <strong>Rubito de Par\u00e1<\/strong>, accompagnato alla chitarra da <strong>Antonio Carri\u00f3n<\/strong>. Gli eventi annunciati per questa prima serata sono a ingresso libero fino a esaurimento posti.<\/p>\n<h3>Mercoled\u00ec 2 settembre: Ballet Flamenco de Andaluc\u00eda<\/h3>\n<p>Il <strong>Teatro Municipal Calixto S\u00e1nchez<\/strong> ospita alle <strong>21:30<\/strong> lo spettacolo <em>Flamenco Patrimonio<\/em>, del <strong>Ballet Flamenco de Andaluc\u00eda<\/strong>. \u00c8 uno dei principali appuntamenti scenici della settimana ed \u00e8 a pagamento.<\/p>\n<h3>Gioved\u00ec 3 settembre: formazione, memoria e chitarra<\/h3>\n<p>La giornata inizia alle <strong>11:00<\/strong> al Teatro Municipal Calixto S\u00e1nchez con una <strong>masterclass di danza flamenca di Alejandro Rodr\u00edguez<\/strong>. L\u2019organizzazione ha annunciato iscrizione gratuita e posti limitati.<\/p>\n<p>La sera l\u2019attivit\u00e0 torna alla Casa Palacio de los Duques de Arcos. Alle <strong>21:00<\/strong> si terr\u00e0 l\u2019incontro <em>Romerito de Jerez, quasi un secolo di testimonianza flamenca<\/em>, con <strong>Romerito de Jerez e Juan Garrido<\/strong>. Alle <strong>22:30<\/strong>, <strong>Diego del Morao<\/strong> offrir\u00e0 un recital di chitarra flamenca.<\/p>\n<\/div><\/div><\/div><\/div><\/div><\/div><\/div><\/section><section class=\"l-section wpb_row height_huge\"><div class=\"l-section-h i-cf\"><div class=\"g-cols vc_row via_flex valign_top type_default stacking_default\"><div class=\"vc_col-sm-6 wpb_column vc_column_container\"><div class=\"vc_column-inner\"><div class=\"wpb_wrapper\"><div class=\"wpb_text_column\"><div class=\"wpb_wrapper\"><h2>4 settembre: il Concorso Nazionale diventa festival<\/h2>\n<p>Venerd\u00ec 4 arriva una delle serate con maggiore personalit\u00e0 di questa edizione: il <strong>64\u00ba Concorso Nazionale di Cante Jondo Antonio Mairena<\/strong>, in programma alle <strong>22:00<\/strong> all\u2019Auditorio Municipal Manuel Mairena.<\/p>\n<p>L\u2019edizione \u00e8 <strong>dedicata ad Aurora Vargas<\/strong> e si presenta con l\u2019idea di <em>Il concorso trasformato in festival<\/em>. Il cartellone annunciato riunisce <strong>Remedios Reyes<\/strong>, con Julio Romero alla chitarra; <strong>Ana La Yiya<\/strong>, con Antonio Garc\u00eda; <strong>Caracolillo de C\u00e1diz<\/strong>, con Nono Reyes; <strong>Manuel C\u00e1stulo<\/strong>, con Manolo Herrera; e <strong>Rubio de Pruna<\/strong>, accompagnato da Marcos de Silva.<\/p>\n<p>La serata comprende inoltre la danza di <strong>Mar\u00eda T\u00e1vora e il suo gruppo<\/strong>, le palmas di Cepa N\u00fa\u00f1ez e Manuel Vinaza e la presentazione di <strong>Juan Garrido<\/strong>.<\/p>\n<p>Il Concorso Nazionale costituisce una parte fondamentale dell\u2019identit\u00e0 flamenca di Mairena del Alcor e completa il programma del festival con un appuntamento specificamente dedicato al cante.<\/p>\n<\/div><\/div><\/div><\/div><\/div><div class=\"vc_col-sm-6 wpb_column vc_column_container\"><div class=\"vc_column-inner\"><div class=\"wpb_wrapper\"><div class=\"wpb_text_column\"><div class=\"wpb_wrapper\"><h2>5 settembre: grande Gala con Jos\u00e9 Merc\u00e9, La Macanita e Farruquito<\/h2>\n<p>Sabato 5 settembre, alle <strong>22:00<\/strong>, l\u2019 <strong>Auditorio Municipal Manuel Mairena<\/strong> ospita il grande Gala del 65\u00ba Festival. \u00c8 la serata centrale e quella con il cartellone pi\u00f9 ampio dell\u2019edizione.<\/p>\n<p><strong>Al cante<\/strong> ci saranno <strong>Jos\u00e9 Merc\u00e9, La Macanita, Juan de Mairena e Roc\u00edo Luna<\/strong>. Alle chitarre saranno <strong>Antonio Higuero, Manuel Valencia e Francisco G\u00f3mez<\/strong>.<\/p>\n<p>La danza avr\u00e0 come protagonista <strong>Juan Manuel Fern\u00e1ndez Montoya \u201cFarruquito\u201d<\/strong>, accompagnato dai canti di Ismael de la Rosa \u201cEl Bola\u201d, Manuel de la Nina e Mari Viz\u00e1rraga; Manuel Valencia alla chitarra e Paco Vega alle percussioni.<\/p>\n<p>Il gala sar\u00e0 presentato da <strong>Manuel Mart\u00edn Mart\u00edn<\/strong>. Per l\u2019importanza degli artisti e il carattere conclusivo del festival, \u00e8 la giornata per la quale \u00e8 particolarmente consigliabile verificare in anticipo la disponibilit\u00e0 dei biglietti.<\/p>\n<\/div><\/div><\/div><\/div><\/div><\/div><\/div><\/section><section class=\"l-section wpb_row height_huge color_alternate with_shape\"><div class=\"l-section-shape type_zigzag pos_top hor_flip\" style=\"height:3vmin;\"><svg xmlns=\"http:\/\/www.w3.org\/2000\/svg\" viewBox=\"0 0 64 8\" preserveAspectRatio=\"none\" width=\"100%\" height=\"100%\">\r\n\t<path fill=\"currentColor\" d=\"M64 8 L0 8 L0 0 L20 7.9 L40 3 L48 5 L64 0 Z\"\/>\r\n<\/svg><\/div><div class=\"l-section-shape type_zigzag pos_bottom\" style=\"height:3vmin;\"><svg xmlns=\"http:\/\/www.w3.org\/2000\/svg\" viewBox=\"0 0 64 8\" preserveAspectRatio=\"none\" width=\"100%\" height=\"100%\">\r\n\t<path fill=\"currentColor\" d=\"M64 8 L0 8 L0 0 L20 7.9 L40 3 L48 5 L64 0 Z\"\/>\r\n<\/svg><\/div><div class=\"l-section-h i-cf\"><div class=\"g-cols vc_row via_flex valign_top type_default stacking_default\"><div class=\"vc_col-sm-12 wpb_column vc_column_container\"><div class=\"vc_column-inner\"><div class=\"wpb_wrapper\"><div class=\"wpb_text_column\"><div class=\"wpb_wrapper\"><h2>Biglietti e prezzi del Festival Antonio Mairena 2026<\/h2>\n<p>Le informazioni pubblicate dagli organismi ufficiali indicano prezzi a partire da <strong>10 euro<\/strong>. Per il Gala del Festival sono state annunciate modalit\u00e0 di biglietto non numerato e numerato, mentre alcuni eventi delle prime giornate sono gratuiti fino a esaurimento posti.<\/p>\n<p>Tra le tariffe pubblicate per l\u2019edizione 2026 figurano:<\/p>\n<ul>\n<li><strong>Flamenkedada:<\/strong> 10 \u20ac.<\/li>\n<li><strong>Flamenco Patrimonio:<\/strong> 10 \u20ac.<\/li>\n<li><strong>Gala del Festival:<\/strong> 15 \u20ac in modalit\u00e0 non numerata e 20 \u20ac in modalit\u00e0 numerata, secondo le informazioni pubblicate.<\/li>\n<li><strong>Abbonamenti combinati:<\/strong> esistono opzioni che comprendono diverse attivit\u00e0 a pagamento.<\/li>\n<\/ul>\n<p>L\u2019organizzazione gestisce la vendita tramite il <strong>sito ufficiale del festival<\/strong>, la piattaforma <strong>Giglon<\/strong> e i punti vendita fisici comunicati dal Comune di Mairena del Alcor. Al momento della consultazione del programma, lo spettacolo <em>Flamenco Patrimonio<\/em> compare sul sito ufficiale con vendita disponibile solo in biglietteria.<\/p>\n<p>Poich\u00e9 la disponibilit\u00e0 pu\u00f2 cambiare rapidamente negli ultimi giorni, conviene controllare il canale ufficiale prima di recarsi sul posto e non dare per scontata la vendita all\u2019ingresso.<\/p>\n<\/div><\/div><div class=\"w-separator size_medium\"><\/div><div class=\"w-hwrapper valign_top wrap stack_on_mobiles align_center\" style=\"--hwrapper-gap:1.2rem\"><div class=\"w-btn-wrapper align_none\"><a class=\"w-btn us-btn-style_1\" href=\"https:\/\/festivalmairena.com\/\"><span class=\"w-btn-label\">Consulta i biglietti del Festival<\/span><\/a><\/div><\/div><\/div><\/div><\/div><\/div><\/div><\/section><section class=\"l-section wpb_row height_huge\"><div class=\"l-section-h i-cf\"><div class=\"g-cols vc_row via_flex valign_top type_default stacking_default\"><div class=\"vc_col-sm-6 wpb_column vc_column_container\"><div class=\"vc_column-inner\"><div class=\"wpb_wrapper\"><div class=\"wpb_text_column\"><div class=\"wpb_wrapper\"><h2>Flamenkedada: il prologo del 28 agosto<\/h2>\n<p>Sebbene le date ufficiali del 65\u00ba Festival siano dall\u20191 al 5 settembre, il programma del progetto include qualche giorno prima la <strong>Flamenkedada<\/strong>, prevista per il <strong>28 agosto<\/strong> all\u2019Auditorio Municipal Manuel Mairena.<\/p>\n<p>L\u2019iniziativa amplia il quadro tradizionale del festival verso proposte di <strong>flamenco fusion<\/strong> e cerca di coinvolgere soprattutto il pubblico giovane. L\u2019edizione 2026 annuncia <strong>Gonzalo Alhambra e Cristian de Moret<\/strong> con biglietti a partire da 10 euro.<\/p>\n<p>Per chi vuole vivere l\u2019atmosfera flamenca di Mairena prima del programma principale, questo appuntamento funziona come una vera apertura informale della settimana.<\/p>\n<\/div><\/div><\/div><\/div><\/div><div class=\"vc_col-sm-6 wpb_column vc_column_container\"><div class=\"vc_column-inner\"><div class=\"wpb_wrapper\"><div class=\"wpb_text_column\"><div class=\"wpb_wrapper\"><h2>Tre sedi per una settimana flamenca<\/h2>\n<p>Il festival non si concentra in un unico luogo. Questa distribuzione permette di combinare patrimonio, teatro e grandi formati all\u2019aperto o in auditorium.<\/p>\n<p><strong>Casa Palacio de los Duques de Arcos.<\/strong> \u00c8 uno degli spazi storici di riferimento di Mairena del Alcor e ospita l\u2019inaugurazione, conferenze, incontri e recital in formato pi\u00f9 intimo.<\/p>\n<p><strong>Teatro Municipal Calixto S\u00e1nchez.<\/strong> Ospita lo spettacolo del Ballet Flamenco de Andaluc\u00eda e la masterclass di danza.<\/p>\n<p><strong>Auditorio Municipal Manuel Mairena.<\/strong> \u00c8 la sede delle serate con maggiore capienza, compresi il Concorso Nazionale e il Gala finale.<\/p>\n<p>Se si vogliono seguire pi\u00f9 attivit\u00e0 durante la settimana, \u00e8 consigliabile controllare in anticipo la sede di ogni giornata, perch\u00e9 orari e luoghi cambiano da un giorno all\u2019altro.<\/p>\n<\/div><\/div><\/div><\/div><\/div><\/div><\/div><\/section><section class=\"l-section wpb_row height_huge color_alternate with_shape\"><div class=\"l-section-shape type_zigzag pos_top hor_flip\" style=\"height:3vmin;\"><svg xmlns=\"http:\/\/www.w3.org\/2000\/svg\" viewBox=\"0 0 64 8\" preserveAspectRatio=\"none\" width=\"100%\" height=\"100%\">\r\n\t<path fill=\"currentColor\" d=\"M64 8 L0 8 L0 0 L20 7.9 L40 3 L48 5 L64 0 Z\"\/>\r\n<\/svg><\/div><div class=\"l-section-shape type_zigzag pos_bottom\" style=\"height:3vmin;\"><svg xmlns=\"http:\/\/www.w3.org\/2000\/svg\" viewBox=\"0 0 64 8\" preserveAspectRatio=\"none\" width=\"100%\" height=\"100%\">\r\n\t<path fill=\"currentColor\" d=\"M64 8 L0 8 L0 0 L20 7.9 L40 3 L48 5 L64 0 Z\"\/>\r\n<\/svg><\/div><div class=\"l-section-h i-cf\"><div class=\"g-cols vc_row via_flex valign_top type_default stacking_default\"><div class=\"vc_col-sm-12 wpb_column vc_column_container\"><div class=\"vc_column-inner\"><div class=\"wpb_wrapper\"><div class=\"wpb_text_column\"><div class=\"wpb_wrapper\"><h2>Perch\u00e9 il Festival de Cante Jondo Antonio Mairena \u00e8 un appuntamento storico<\/h2>\n<p>Le origini del festival risalgono al <strong>1962<\/strong>. Secondo la storia diffusa dall\u2019organizzazione, nacque come evento benefico promosso da <strong>Antonio Mairena<\/strong> in collaborazione con il parroco della localit\u00e0 e presto ricevette anche il sostegno del Comune.<\/p>\n<p>Da allora, il nome di Mairena del Alcor \u00e8 legato a uno degli appuntamenti flamencos con maggiore continuit\u00e0 storica. Il festival non si limita a programmare spettacoli: la sua struttura combina cante, ricerca e divulgazione, riconoscimento delle figure veterane, nuove generazioni, chitarra, danza e Concorso Nazionale.<\/p>\n<p>La figura di Antonio Mairena \u00e8 inseparabile da questa identit\u00e0. Il cantaor di Mairena fu uno dei grandi riferimenti del cante del XX secolo e nel 1962 ricevette la <strong>III Llave de Oro del Cante<\/strong>. La sua influenza artistica e il suo lavoro di recupero e ordinamento dei repertori segnarono gran parte del dibattito flamenco della sua epoca.<\/p>\n<p>Il festival conserva questo legame con la memoria, ma ogni edizione incorpora artisti e formati contemporanei. La presenza nel 2026 di Jos\u00e9 Merc\u00e9, La Macanita, Roc\u00edo Luna, Diego del Morao, Farruquito o del Ballet Flamenco de Andaluc\u00eda mostra proprio questo dialogo tra tradizione, artisti affermati e generazioni pi\u00f9 recenti.<\/p>\n<\/div><\/div><\/div><\/div><\/div><\/div><\/div><\/section><section class=\"l-section wpb_row height_huge\"><div class=\"l-section-h i-cf\"><div class=\"g-cols vc_row via_flex valign_top type_default stacking_default\"><div class=\"vc_col-sm-12 wpb_column vc_column_container\"><div class=\"vc_column-inner\"><div class=\"wpb_wrapper\"><div class=\"wpb_text_column\"><div class=\"wpb_wrapper\"><h2>Come abbinare il Festival di Mairena a una visita flamenca a Siviglia<\/h2>\n<p>Mairena del Alcor si trova nella provincia di Siviglia e il festival coincide con un periodo particolarmente intenso per il flamenco della zona. Per chi trascorre pi\u00f9 giorni a Siviglia, il programma di Mairena pu\u00f2 diventare un\u2019escursione serale da combinare con altri spettacoli ed esperienze flamencas nel capoluogo.<\/p>\n<p>La chiave \u00e8 non trattare tutte le giornate allo stesso modo. I recital della Casa Palacio offrono un\u2019atmosfera diversa da quella del Concorso Nazionale o del Gala finale, mentre Siviglia mantiene un\u2019offerta quotidiana di tablaos che permette di completare il viaggio nelle sere in cui non si assiste al festival o quando uno spettacolo specifico \u00e8 esaurito.<\/p>\n<p>Su Tablaos Flamencos puoi consultare e confrontare gli spettacoli disponibili a Siviglia per organizzare il resto del soggiorno.<\/p>\n<\/div><\/div><div class=\"w-separator size_medium\"><\/div><div class=\"w-hwrapper valign_top wrap stack_on_mobiles align_center\" style=\"--hwrapper-gap:1.2rem\"><div class=\"w-btn-wrapper align_none\"><a class=\"w-btn us-btn-style_1\" href=\"https:\/\/www.tablaosflamencos.com\/it\/flamenco-a-siviglia\"><span class=\"w-btn-label\">Vedi flamenco a Siviglia<\/span><\/a><\/div><\/div><\/div><\/div><\/div><\/div><\/div><\/section><section class=\"l-section wpb_row height_huge color_alternate with_shape\"><div class=\"l-section-shape type_zigzag pos_top hor_flip\" style=\"height:3vmin;\"><svg xmlns=\"http:\/\/www.w3.org\/2000\/svg\" viewBox=\"0 0 64 8\" preserveAspectRatio=\"none\" width=\"100%\" height=\"100%\">\r\n\t<path fill=\"currentColor\" d=\"M64 8 L0 8 L0 0 L20 7.9 L40 3 L48 5 L64 0 Z\"\/>\r\n<\/svg><\/div><div class=\"l-section-shape type_zigzag pos_bottom\" style=\"height:3vmin;\"><svg xmlns=\"http:\/\/www.w3.org\/2000\/svg\" viewBox=\"0 0 64 8\" preserveAspectRatio=\"none\" width=\"100%\" height=\"100%\">\r\n\t<path fill=\"currentColor\" d=\"M64 8 L0 8 L0 0 L20 7.9 L40 3 L48 5 L64 0 Z\"\/>\r\n<\/svg><\/div><div class=\"l-section-h i-cf\"><div class=\"g-cols vc_row via_flex valign_top type_default stacking_default\"><div class=\"vc_col-sm-1\/5 wpb_column vc_column_container\"><div class=\"vc_column-inner\"><div class=\"wpb_wrapper\"><\/div><\/div><\/div><div class=\"vc_col-sm-3\/5 wpb_column vc_column_container\"><div class=\"vc_column-inner\"><div class=\"wpb_wrapper\"><div class=\"wpb_text_column\"><div class=\"wpb_wrapper\"><h2>Domande frequenti sul Festival Antonio Mairena 2026<\/h2>\n<\/div><\/div><div class=\"w-separator size_medium\"><\/div><div class=\"w-tabs accordion toggle_style_1 has_scrolling\" style=\"--sections-title-size:inherit;--sections-gap:0.5rem;\"><div class=\"w-tabs-sections titles-align_none icon_plus cpos_left\"><div class=\"w-tabs-section\" id=\"mbdb\" itemscope itemprop=\"mainEntity\" itemtype=\"https:\/\/schema.org\/Question\"><button type=\"button\" class=\"w-tabs-section-header\" aria-controls=\"content-mbdb\" aria-expanded=\"false\"><h3 class=\"w-tabs-section-title\" itemprop=\"name\">Quando si svolge il Festival de Cante Jondo Antonio Mairena 2026?<\/h3><div class=\"w-tabs-section-control\"><\/div><\/button><div  class=\"w-tabs-section-content\" id=\"content-mbdb\" itemscope itemprop=\"acceptedAnswer\" itemtype=\"https:\/\/schema.org\/Answer\"><div class=\"w-tabs-section-content-h i-cf\" itemprop=\"text\"><div class=\"wpb_text_column\"><div class=\"wpb_wrapper\"><p>Il 65\u00ba Festival de Cante Jondo Antonio Mairena si svolge dall\u20191 al 5 settembre 2026 a Mairena del Alcor, Siviglia. La Flamenkedada \u00e8 programmata in precedenza, il 28 agosto, come anteprima del festival.<\/p>\n<\/div><\/div><\/div><\/div><\/div><div class=\"w-tabs-section\" id=\"ucd7\" itemscope itemprop=\"mainEntity\" itemtype=\"https:\/\/schema.org\/Question\"><button type=\"button\" class=\"w-tabs-section-header\" aria-controls=\"content-ucd7\" aria-expanded=\"false\"><h3 class=\"w-tabs-section-title\" itemprop=\"name\">Chi si esibisce al Gala del Festival Antonio Mairena 2026?<\/h3><div class=\"w-tabs-section-control\"><\/div><\/button><div  class=\"w-tabs-section-content\" id=\"content-ucd7\" itemscope itemprop=\"acceptedAnswer\" itemtype=\"https:\/\/schema.org\/Answer\"><div class=\"w-tabs-section-content-h i-cf\" itemprop=\"text\"><div class=\"wpb_text_column\"><div class=\"wpb_wrapper\"><p>Il gala del 5 settembre riunisce al cante Jos\u00e9 Merc\u00e9, La Macanita, Juan de Mairena e Roc\u00edo Luna. La danza avr\u00e0 come protagonista Farruquito, accompagnato dal suo gruppo, e partecipano anche Antonio Higuero, Manuel Valencia e Francisco G\u00f3mez alle chitarre.<\/p>\n<\/div><\/div><\/div><\/div><\/div><div class=\"w-tabs-section\" id=\"pdb5\" itemscope itemprop=\"mainEntity\" itemtype=\"https:\/\/schema.org\/Question\"><button type=\"button\" class=\"w-tabs-section-header\" aria-controls=\"content-pdb5\" aria-expanded=\"false\"><h3 class=\"w-tabs-section-title\" itemprop=\"name\">Quanto costano i biglietti?<\/h3><div class=\"w-tabs-section-control\"><\/div><\/button><div  class=\"w-tabs-section-content\" id=\"content-pdb5\" itemscope itemprop=\"acceptedAnswer\" itemtype=\"https:\/\/schema.org\/Answer\"><div class=\"w-tabs-section-content-h i-cf\" itemprop=\"text\"><div class=\"wpb_text_column\"><div class=\"wpb_wrapper\"><p>Ci sono attivit\u00e0 gratuite e spettacoli a pagamento. Le tariffe pubblicate partono da 10 euro. Per il Gala sono state annunciate modalit\u00e0 da 15 euro non numerata e 20 euro numerata, oltre ad abbonamenti combinati. Conviene verificare la tariffa in vigore e gli eventuali costi di gestione sul canale ufficiale prima dell\u2019acquisto.<\/p>\n<\/div><\/div><\/div><\/div><\/div><div class=\"w-tabs-section\" id=\"de83\" itemscope itemprop=\"mainEntity\" itemtype=\"https:\/\/schema.org\/Question\"><button type=\"button\" class=\"w-tabs-section-header\" aria-controls=\"content-de83\" aria-expanded=\"false\"><h3 class=\"w-tabs-section-title\" itemprop=\"name\">Dove si acquistano i biglietti del Festival di Mairena?<\/h3><div class=\"w-tabs-section-control\"><\/div><\/button><div  class=\"w-tabs-section-content\" id=\"content-de83\" itemscope itemprop=\"acceptedAnswer\" itemtype=\"https:\/\/schema.org\/Answer\"><div class=\"w-tabs-section-content-h i-cf\" itemprop=\"text\"><div class=\"wpb_text_column\"><div class=\"wpb_wrapper\"><p>L\u2019organizzazione rimanda al sito ufficiale, alla piattaforma Giglon e ai punti vendita fisici comunicati dal Comune di Mairena del Alcor. Alcune attivit\u00e0 possono avere condizioni di vendita specifiche o ingresso libero fino a esaurimento posti.<\/p>\n<\/div><\/div><\/div><\/div><\/div><div class=\"w-tabs-section\" id=\"nf6b\" itemscope itemprop=\"mainEntity\" itemtype=\"https:\/\/schema.org\/Question\"><button type=\"button\" class=\"w-tabs-section-header\" aria-controls=\"content-nf6b\" aria-expanded=\"false\"><h3 class=\"w-tabs-section-title\" itemprop=\"name\">Dove si svolge il festival?<\/h3><div class=\"w-tabs-section-control\"><\/div><\/button><div  class=\"w-tabs-section-content\" id=\"content-nf6b\" itemscope itemprop=\"acceptedAnswer\" itemtype=\"https:\/\/schema.org\/Answer\"><div class=\"w-tabs-section-content-h i-cf\" itemprop=\"text\"><div class=\"wpb_text_column\"><div class=\"wpb_wrapper\"><p>Il programma utilizza diverse sedi di Mairena del Alcor: Casa Palacio de los Duques de Arcos, Teatro Municipal Calixto S\u00e1nchez e Auditorio Municipal Manuel Mairena. \u00c8 importante controllare la sede specifica di ogni attivit\u00e0.<\/p>\n<\/div><\/div><\/div><\/div><\/div><div class=\"w-tabs-section\" id=\"p037\" itemscope itemprop=\"mainEntity\" itemtype=\"https:\/\/schema.org\/Question\"><button type=\"button\" class=\"w-tabs-section-header\" aria-controls=\"content-p037\" aria-expanded=\"false\"><h3 class=\"w-tabs-section-title\" itemprop=\"name\">A chi \u00e8 dedicato il festival nel 2026?<\/h3><div class=\"w-tabs-section-control\"><\/div><\/button><div  class=\"w-tabs-section-content\" id=\"content-p037\" itemscope itemprop=\"acceptedAnswer\" itemtype=\"https:\/\/schema.org\/Answer\"><div class=\"w-tabs-section-content-h i-cf\" itemprop=\"text\"><div class=\"wpb_text_column\"><div class=\"wpb_wrapper\"><p>La 65\u00aa edizione \u00e8 dedicata al cantaor Diego Clavel. Inoltre, il Concorso Nazionale del 4 settembre rende omaggio ad Aurora Vargas.<\/p>\n<\/div><\/div><\/div><\/div><\/div><\/div><\/div><\/div><\/div><\/div><div class=\"vc_col-sm-1\/5 wpb_column vc_column_container\"><div class=\"vc_column-inner\"><div class=\"wpb_wrapper\"><\/div><\/div><\/div><\/div><\/div><\/section><section class=\"l-section wpb_row height_huge\"><div class=\"l-section-h i-cf\"><div class=\"g-cols vc_row via_flex valign_top type_default stacking_default\"><div class=\"vc_col-sm-12 wpb_column vc_column_container\"><div class=\"vc_column-inner\"><div class=\"wpb_wrapper\"><div class=\"wpb_text_column\"><div class=\"wpb_wrapper\"><h2>Una settimana per vivere Mairena da diverse prospettive<\/h2>\n<p>Il Festival de Cante Jondo Antonio Mairena arriva alla 65\u00aa edizione con un programma che evita di ridurre il flamenco a un\u2019unica formula. Ci sono cante da concerto, chitarra solista, danza, creazione istituzionale, formazione, memoria orale, concorso e un gala con grandi nomi.<\/p>\n<p>Per chi cerca uno dei grandi appuntamenti flamencos di settembre in Andalusia, <strong>Mairena del Alcor offre cinque giorni particolarmente intensi dall\u20191 al 5 settembre 2026<\/strong>. La combinazione di spazi storici, artisti affermati e continuit\u00e0 con una tradizione iniziata nel 1962 spiega perch\u00e9 il festival continui a essere un punto di riferimento nel calendario flamenco spagnolo.<\/p>\n<\/div><\/div><\/div><\/div><\/div><\/div><\/div><\/section><section class=\"l-section wpb_row height_huge color_alternate with_shape\"><div class=\"l-section-shape type_zigzag pos_top hor_flip\" style=\"height:3vmin;\"><svg xmlns=\"http:\/\/www.w3.org\/2000\/svg\" viewBox=\"0 0 64 8\" preserveAspectRatio=\"none\" width=\"100%\" height=\"100%\">\r\n\t<path fill=\"currentColor\" d=\"M64 8 L0 8 L0 0 L20 7.9 L40 3 L48 5 L64 0 Z\"\/>\r\n<\/svg><\/div><div class=\"l-section-shape type_zigzag pos_bottom\" style=\"height:3vmin;\"><svg xmlns=\"http:\/\/www.w3.org\/2000\/svg\" viewBox=\"0 0 64 8\" preserveAspectRatio=\"none\" width=\"100%\" height=\"100%\">\r\n\t<path fill=\"currentColor\" d=\"M64 8 L0 8 L0 0 L20 7.9 L40 3 L48 5 L64 0 Z\"\/>\r\n<\/svg><\/div><div class=\"l-section-h i-cf\"><div class=\"g-cols vc_row via_flex valign_top type_default stacking_default\"><div class=\"vc_col-sm-12 wpb_column vc_column_container\"><div class=\"vc_column-inner\"><div class=\"wpb_wrapper\"><div class=\"wpb_text_column\"><div class=\"wpb_wrapper\"><h2>Fonti e aggiornamento<\/h2>\n<p>Per preparare questa guida abbiamo confrontato le informazioni pubblicate dall\u2019organizzazione del Festival, dal Comune di Mairena del Alcor, dall\u2019Agenda Culturale dell\u2019Andalusia e dal Turismo della Provincia di Siviglia.<\/p>\n<ul>\n<li><a href=\"https:\/\/festivalmairena.com\/\" target=\"_blank\" rel=\"noopener\">Festival de Cante Jondo Antonio Mairena \u2014 sito ufficiale<\/a>.<\/li>\n<li><a href=\"https:\/\/www.mairenadelalcor.es\/es\/ayuntamiento\/taquillaonline\/\" target=\"_blank\" rel=\"noopener\">Comune di Mairena del Alcor \u2014 biglietteria online<\/a>.<\/li>\n<li><a href=\"https:\/\/www.juntadeandalucia.es\/cultura\/agendaculturaldeandalucia\/evento\/lxv-festival-de-cante-jondo-antonio-mairena-en-mairena-del-alcor\" target=\"_blank\" rel=\"noopener\">Agenda Culturale dell\u2019Andalusia \u2014 65\u00ba Festival<\/a>.<\/li>\n<li><a href=\"https:\/\/turismosevilla.org\/es\/eventos-y-fiestas\/lxv-festival-de-cante-jondo-antonio-mairena\" target=\"_blank\" rel=\"noopener\">Turismo della Provincia di Siviglia \u2014 Festival Antonio Mairena 2026<\/a>.<\/li>\n<\/ul>\n<p><small>Informazioni verificate il 31 agosto 2026. Il programma, i prezzi, gli orari e le condizioni di accesso possono essere modificati dall\u2019organizzazione.<\/small><\/p>\n<\/div><\/div><\/div><\/div><\/div><\/div><\/div><\/section>\n","protected":false},"excerpt":{"rendered":"<p>Guida al Festival de Cante Jondo Antonio Mairena 2026: programma completo, artisti, orari, Concorso Nazionale, gala finale, prezzi e biglietti dall\u20191 al 5 settembre.<\/p>\n","protected":false},"author":1,"featured_media":13661,"comment_status":"closed","ping_status":"closed","sticky":false,"template":"","format":"standard","meta":{"_acf_changed":false,"wpai_generated_summary":"","_ayudawp_aiss_exclude":false,"_ayudawp_aiss_exclude_summary":false,"_ayudawp_aiss_summary":"","_ayudawp_aiss_summary_provider":"","_ayudawp_aiss_summary_hash":"","footnotes":""},"categories":[1670],"tags":[1726,1398,1252,1177],"class_list":["post-13668","post","type-post","status-publish","format-standard","has-post-thumbnail","hentry","category-festival-flamenco","tag-artisti-flamenco","tag-cante-flamenco-it","tag-festivales-flamencos","tag-flamenco-en-sevilla"],"acf":[],"yoast_head":"<!-- This site is optimized with the Yoast SEO Premium plugin v28.3 (Yoast SEO v28.3) - https:\/\/yoast.com\/product\/yoast-seo-premium-wordpress\/ -->\n<title>Festival Antonio Mairena 2026: programma e biglietti<\/title>\n<meta name=\"description\" content=\"Programma del Festival de Cante Jondo Antonio Mairena 2026: date, artisti, orari, Concorso Nazionale, gala, prezzi e biglietti dall\u20191 al 5 settembre.\" \/>\n<meta name=\"robots\" content=\"index, follow, max-snippet:-1, max-image-preview:large, max-video-preview:-1\" \/>\n<link rel=\"canonical\" href=\"https:\/\/www.tablaosflamencos.com\/it\/festival-cante-jondo-antonio-mairena-2026.html\" \/>\n<meta property=\"og:locale\" content=\"it_IT\" \/>\n<meta property=\"og:type\" content=\"article\" \/>\n<meta property=\"og:title\" content=\"Festival de Cante Jondo Antonio Mairena 2026: programma, artisti, date e biglietti\" \/>\n<meta property=\"og:description\" content=\"Programma del Festival de Cante Jondo Antonio Mairena 2026: date, artisti, orari, Concorso Nazionale, gala, prezzi e biglietti dall\u20191 al 5 settembre.\" \/>\n<meta property=\"og:url\" content=\"https:\/\/www.tablaosflamencos.com\/it\/festival-cante-jondo-antonio-mairena-2026.html\" \/>\n<meta property=\"og:site_name\" content=\"Tablaos Flamencos\" \/>\n<meta property=\"article:publisher\" content=\"https:\/\/www.facebook.com\/tablaosflamencos\" \/>\n<meta property=\"article:published_time\" content=\"2026-08-31T16:07:57+00:00\" \/>\n<meta property=\"article:modified_time\" content=\"2026-08-31T16:26:47+00:00\" \/>\n<meta property=\"og:image\" content=\"https:\/\/www.tablaosflamencos.com\/wp-content\/uploads\/festival-de-cante-jondo-antonio-mairena-2026-programa-artistas-fechas-y-entradas-01.webp\" \/>\n\t<meta property=\"og:image:width\" content=\"1477\" \/>\n\t<meta property=\"og:image:height\" content=\"1920\" \/>\n\t<meta property=\"og:image:type\" content=\"image\/webp\" \/>\n<meta name=\"author\" content=\"Miguel Ortiz\" \/>\n<meta name=\"twitter:card\" content=\"summary_large_image\" \/>\n<meta name=\"twitter:creator\" content=\"@tablaosflamenco\" \/>\n<meta name=\"twitter:site\" content=\"@tablaosflamenco\" \/>\n<meta name=\"twitter:label1\" content=\"Scritto da\" \/>\n\t<meta name=\"twitter:data1\" content=\"Miguel Ortiz\" \/>\n\t<meta name=\"twitter:label2\" content=\"Tempo di lettura stimato\" \/>\n\t<meta name=\"twitter:data2\" content=\"12 minuti\" \/>\n<script type=\"application\/ld+json\" class=\"yoast-schema-graph\">{\"@context\":\"https:\\\/\\\/schema.org\",\"@graph\":[{\"@type\":\"Article\",\"@id\":\"https:\\\/\\\/www.tablaosflamencos.com\\\/it\\\/festival-cante-jondo-antonio-mairena-2026.html#article\",\"isPartOf\":{\"@id\":\"https:\\\/\\\/www.tablaosflamencos.com\\\/it\\\/festival-cante-jondo-antonio-mairena-2026.html\"},\"author\":{\"name\":\"Miguel Ortiz\",\"@id\":\"https:\\\/\\\/www.tablaosflamencos.com\\\/it#\\\/schema\\\/person\\\/e7a9ebe14eb75a52ceabfbffb3c54f5d\"},\"headline\":\"Festival de Cante Jondo Antonio Mairena 2026: programma, artisti, date e biglietti\",\"datePublished\":\"2026-08-31T16:07:57+00:00\",\"dateModified\":\"2026-08-31T16:26:47+00:00\",\"mainEntityOfPage\":{\"@id\":\"https:\\\/\\\/www.tablaosflamencos.com\\\/it\\\/festival-cante-jondo-antonio-mairena-2026.html\"},\"wordCount\":2496,\"publisher\":{\"@id\":\"https:\\\/\\\/www.tablaosflamencos.com\\\/it#organization\"},\"image\":{\"@id\":\"https:\\\/\\\/www.tablaosflamencos.com\\\/it\\\/festival-cante-jondo-antonio-mairena-2026.html#primaryimage\"},\"thumbnailUrl\":\"https:\\\/\\\/www.tablaosflamencos.com\\\/wp-content\\\/uploads\\\/festival-de-cante-jondo-antonio-mairena-2026-programa-artistas-fechas-y-entradas-01.webp\",\"keywords\":[\"artisti flamenco\",\"cante flamenco\",\"festivales flamencos\",\"flamenco en Sevilla\"],\"articleSection\":[\"Festival di flamenco\"],\"inLanguage\":\"it-IT\"},{\"@type\":\"WebPage\",\"@id\":\"https:\\\/\\\/www.tablaosflamencos.com\\\/it\\\/festival-cante-jondo-antonio-mairena-2026.html\",\"url\":\"https:\\\/\\\/www.tablaosflamencos.com\\\/it\\\/festival-cante-jondo-antonio-mairena-2026.html\",\"name\":\"Festival Antonio Mairena 2026: programma e biglietti\",\"isPartOf\":{\"@id\":\"https:\\\/\\\/www.tablaosflamencos.com\\\/it#website\"},\"primaryImageOfPage\":{\"@id\":\"https:\\\/\\\/www.tablaosflamencos.com\\\/it\\\/festival-cante-jondo-antonio-mairena-2026.html#primaryimage\"},\"image\":{\"@id\":\"https:\\\/\\\/www.tablaosflamencos.com\\\/it\\\/festival-cante-jondo-antonio-mairena-2026.html#primaryimage\"},\"thumbnailUrl\":\"https:\\\/\\\/www.tablaosflamencos.com\\\/wp-content\\\/uploads\\\/festival-de-cante-jondo-antonio-mairena-2026-programa-artistas-fechas-y-entradas-01.webp\",\"datePublished\":\"2026-08-31T16:07:57+00:00\",\"dateModified\":\"2026-08-31T16:26:47+00:00\",\"description\":\"Programma del Festival de Cante Jondo Antonio Mairena 2026: date, artisti, orari, Concorso Nazionale, gala, prezzi e biglietti dall\u20191 al 5 settembre.\",\"breadcrumb\":{\"@id\":\"https:\\\/\\\/www.tablaosflamencos.com\\\/it\\\/festival-cante-jondo-antonio-mairena-2026.html#breadcrumb\"},\"inLanguage\":\"it-IT\",\"potentialAction\":[{\"@type\":\"ReadAction\",\"target\":[\"https:\\\/\\\/www.tablaosflamencos.com\\\/it\\\/festival-cante-jondo-antonio-mairena-2026.html\"]}]},{\"@type\":\"ImageObject\",\"inLanguage\":\"it-IT\",\"@id\":\"https:\\\/\\\/www.tablaosflamencos.com\\\/it\\\/festival-cante-jondo-antonio-mairena-2026.html#primaryimage\",\"url\":\"https:\\\/\\\/www.tablaosflamencos.com\\\/wp-content\\\/uploads\\\/festival-de-cante-jondo-antonio-mairena-2026-programa-artistas-fechas-y-entradas-01.webp\",\"contentUrl\":\"https:\\\/\\\/www.tablaosflamencos.com\\\/wp-content\\\/uploads\\\/festival-de-cante-jondo-antonio-mairena-2026-programa-artistas-fechas-y-entradas-01.webp\",\"width\":1477,\"height\":1920,\"caption\":\"Festival de Cante Jondo Antonio Mairena 2026: programa, artistas, fechas y entradas\"},{\"@type\":\"BreadcrumbList\",\"@id\":\"https:\\\/\\\/www.tablaosflamencos.com\\\/it\\\/festival-cante-jondo-antonio-mairena-2026.html#breadcrumb\",\"itemListElement\":[{\"@type\":\"ListItem\",\"position\":1,\"name\":\"Home\",\"item\":\"https:\\\/\\\/www.tablaosflamencos.com\\\/it\"},{\"@type\":\"ListItem\",\"position\":2,\"name\":\"Festival de Cante Jondo Antonio Mairena 2026: programma, artisti, date e biglietti\"}]},{\"@type\":\"WebSite\",\"@id\":\"https:\\\/\\\/www.tablaosflamencos.com\\\/it#website\",\"url\":\"https:\\\/\\\/www.tablaosflamencos.com\\\/it\",\"name\":\"Tablaos Flamencos\",\"description\":\"Entradas para tablaos flamencos de Espa\u00f1a\",\"publisher\":{\"@id\":\"https:\\\/\\\/www.tablaosflamencos.com\\\/it#organization\"},\"alternateName\":\"Tablaos Flamencos\",\"potentialAction\":[{\"@type\":\"SearchAction\",\"target\":{\"@type\":\"EntryPoint\",\"urlTemplate\":\"https:\\\/\\\/www.tablaosflamencos.com\\\/it?s={search_term_string}\"},\"query-input\":{\"@type\":\"PropertyValueSpecification\",\"valueRequired\":true,\"valueName\":\"search_term_string\"}}],\"inLanguage\":\"it-IT\"},{\"@type\":[\"Organization\",\"Place\",\"EntertainmentBusiness\"],\"@id\":\"https:\\\/\\\/www.tablaosflamencos.com\\\/it#organization\",\"name\":\"Tablaos Flamencos\",\"alternateName\":\"Tablaos Flamencos\",\"url\":\"https:\\\/\\\/www.tablaosflamencos.com\\\/it\",\"logo\":{\"@id\":\"https:\\\/\\\/www.tablaosflamencos.com\\\/it\\\/festival-cante-jondo-antonio-mairena-2026.html#local-main-organization-logo\"},\"image\":{\"@id\":\"https:\\\/\\\/www.tablaosflamencos.com\\\/it\\\/festival-cante-jondo-antonio-mairena-2026.html#local-main-organization-logo\"},\"sameAs\":[\"https:\\\/\\\/www.facebook.com\\\/tablaosflamencos\",\"https:\\\/\\\/x.com\\\/tablaosflamenco\",\"https:\\\/\\\/mastodon.social\\\/@tablaosflamencos\",\"https:\\\/\\\/www.instagram.com\\\/tablaosflamencos\",\"https:\\\/\\\/tiktok.com\\\/@tablaosflamencos\",\"https:\\\/\\\/www.linkedin.com\\\/company\\\/109408238\\\/\"],\"description\":\"Venta de entradas para espect\u00e1culos flamencos\",\"legalName\":\"Tablaos Flamencos\",\"foundingDate\":\"2015-01-01\",\"numberOfEmployees\":{\"@type\":\"QuantitativeValue\",\"minValue\":\"1\",\"maxValue\":\"10\"},\"address\":{\"@id\":\"https:\\\/\\\/www.tablaosflamencos.com\\\/it\\\/festival-cante-jondo-antonio-mairena-2026.html#local-main-place-address\"},\"geo\":{\"@type\":\"GeoCoordinates\",\"latitude\":\"37.3868072\",\"longitude\":\"-5.993280299999999\"},\"telephone\":[\"+34623787787\"],\"contactPoint\":{\"@type\":\"ContactPoint\",\"telephone\":\"+34623787787\",\"email\":\"info@tablaosflamencos.com\"},\"openingHoursSpecification\":{\"@type\":\"OpeningHoursSpecification\",\"dayOfWeek\":[\"Monday\",\"Tuesday\",\"Wednesday\",\"Thursday\",\"Friday\",\"Saturday\",\"Sunday\"],\"opens\":\"00:00\",\"closes\":\"23:59\"},\"email\":\"info@tablaosflamencos.com\",\"priceRange\":\"$$$\",\"currenciesAccepted\":\"\u20ac\"},{\"@type\":\"Person\",\"@id\":\"https:\\\/\\\/www.tablaosflamencos.com\\\/it#\\\/schema\\\/person\\\/e7a9ebe14eb75a52ceabfbffb3c54f5d\",\"name\":\"Miguel Ortiz\",\"description\":\"Miguel Ortiz es un empresario flamenco, con una s\u00f3lida trayectoria dentro del sector. Ha presidido entidades culturales vinculadas al flamenco y, cuenta con un amplio recorrido profesional en la gesti\u00f3n y promoci\u00f3n de espect\u00e1culos y tablaos flamencos. Su pasi\u00f3n por la historia y el arte flamenco se refleja en cada art\u00edculo, donde combina experiencia, criterio y un profundo respeto por la tradici\u00f3n.\",\"sameAs\":[\"https:\\\/\\\/www.tablaosflamencos.com\",\"https:\\\/\\\/www.instagra.com\\\/miguelortizfe\",\"https:\\\/\\\/www.linkedin.com\\\/in\\\/miguelortizf\\\/\"],\"birthDate\":\"1984-11-22\",\"gender\":\"hombre\",\"knowsLanguage\":[\"espa\u00f1ol\",\"ingl\u00e9s\"],\"jobTitle\":\"Empresario flamenco\"},{\"@type\":\"PostalAddress\",\"@id\":\"https:\\\/\\\/www.tablaosflamencos.com\\\/it\\\/festival-cante-jondo-antonio-mairena-2026.html#local-main-place-address\",\"streetAddress\":\"C\\\/ Alemanes, 19\",\"addressLocality\":\"Sevilla\",\"postalCode\":\"41004\",\"addressRegion\":\"Sevilla\",\"addressCountry\":\"ES\"},{\"@type\":\"ImageObject\",\"inLanguage\":\"it-IT\",\"@id\":\"https:\\\/\\\/www.tablaosflamencos.com\\\/it\\\/festival-cante-jondo-antonio-mairena-2026.html#local-main-organization-logo\",\"url\":\"https:\\\/\\\/www.tablaosflamencos.com\\\/wp-content\\\/uploads\\\/tablaos-flamencos-06-3.webp\",\"contentUrl\":\"https:\\\/\\\/www.tablaosflamencos.com\\\/wp-content\\\/uploads\\\/tablaos-flamencos-06-3.webp\",\"width\":600,\"height\":620,\"caption\":\"Tablaos Flamencos\"}]}<\/script>\n<meta name=\"geo.placename\" content=\"Sevilla\" \/>\n<meta name=\"geo.position\" content=\"37.3868072;-5.993280299999999\" \/>\n<meta name=\"geo.region\" content=\"Spagna\" \/>\n<!-- \/ Yoast SEO Premium plugin. -->","yoast_head_json":{"title":"Festival Antonio Mairena 2026: programma e biglietti","description":"Programma del Festival de Cante Jondo Antonio Mairena 2026: date, artisti, orari, Concorso Nazionale, gala, prezzi e biglietti dall\u20191 al 5 settembre.","robots":{"index":"index","follow":"follow","max-snippet":"max-snippet:-1","max-image-preview":"max-image-preview:large","max-video-preview":"max-video-preview:-1"},"canonical":"https:\/\/www.tablaosflamencos.com\/it\/festival-cante-jondo-antonio-mairena-2026.html","og_locale":"it_IT","og_type":"article","og_title":"Festival de Cante Jondo Antonio Mairena 2026: programma, artisti, date e biglietti","og_description":"Programma del Festival de Cante Jondo Antonio Mairena 2026: date, artisti, orari, Concorso Nazionale, gala, prezzi e biglietti dall\u20191 al 5 settembre.","og_url":"https:\/\/www.tablaosflamencos.com\/it\/festival-cante-jondo-antonio-mairena-2026.html","og_site_name":"Tablaos Flamencos","article_publisher":"https:\/\/www.facebook.com\/tablaosflamencos","article_published_time":"2026-08-31T16:07:57+00:00","article_modified_time":"2026-08-31T16:26:47+00:00","og_image":[{"width":1477,"height":1920,"url":"https:\/\/www.tablaosflamencos.com\/wp-content\/uploads\/festival-de-cante-jondo-antonio-mairena-2026-programa-artistas-fechas-y-entradas-01.webp","type":"image\/webp"}],"author":"Miguel Ortiz","twitter_card":"summary_large_image","twitter_creator":"@tablaosflamenco","twitter_site":"@tablaosflamenco","twitter_misc":{"Scritto da":"Miguel Ortiz","Tempo di lettura stimato":"12 minuti"},"schema":{"@context":"https:\/\/schema.org","@graph":[{"@type":"Article","@id":"https:\/\/www.tablaosflamencos.com\/it\/festival-cante-jondo-antonio-mairena-2026.html#article","isPartOf":{"@id":"https:\/\/www.tablaosflamencos.com\/it\/festival-cante-jondo-antonio-mairena-2026.html"},"author":{"name":"Miguel Ortiz","@id":"https:\/\/www.tablaosflamencos.com\/it#\/schema\/person\/e7a9ebe14eb75a52ceabfbffb3c54f5d"},"headline":"Festival de Cante Jondo Antonio Mairena 2026: programma, artisti, date e biglietti","datePublished":"2026-08-31T16:07:57+00:00","dateModified":"2026-08-31T16:26:47+00:00","mainEntityOfPage":{"@id":"https:\/\/www.tablaosflamencos.com\/it\/festival-cante-jondo-antonio-mairena-2026.html"},"wordCount":2496,"publisher":{"@id":"https:\/\/www.tablaosflamencos.com\/it#organization"},"image":{"@id":"https:\/\/www.tablaosflamencos.com\/it\/festival-cante-jondo-antonio-mairena-2026.html#primaryimage"},"thumbnailUrl":"https:\/\/www.tablaosflamencos.com\/wp-content\/uploads\/festival-de-cante-jondo-antonio-mairena-2026-programa-artistas-fechas-y-entradas-01.webp","keywords":["artisti flamenco","cante flamenco","festivales flamencos","flamenco en Sevilla"],"articleSection":["Festival di flamenco"],"inLanguage":"it-IT"},{"@type":"WebPage","@id":"https:\/\/www.tablaosflamencos.com\/it\/festival-cante-jondo-antonio-mairena-2026.html","url":"https:\/\/www.tablaosflamencos.com\/it\/festival-cante-jondo-antonio-mairena-2026.html","name":"Festival Antonio Mairena 2026: programma e biglietti","isPartOf":{"@id":"https:\/\/www.tablaosflamencos.com\/it#website"},"primaryImageOfPage":{"@id":"https:\/\/www.tablaosflamencos.com\/it\/festival-cante-jondo-antonio-mairena-2026.html#primaryimage"},"image":{"@id":"https:\/\/www.tablaosflamencos.com\/it\/festival-cante-jondo-antonio-mairena-2026.html#primaryimage"},"thumbnailUrl":"https:\/\/www.tablaosflamencos.com\/wp-content\/uploads\/festival-de-cante-jondo-antonio-mairena-2026-programa-artistas-fechas-y-entradas-01.webp","datePublished":"2026-08-31T16:07:57+00:00","dateModified":"2026-08-31T16:26:47+00:00","description":"Programma del Festival de Cante Jondo Antonio Mairena 2026: date, artisti, orari, Concorso Nazionale, gala, prezzi e biglietti dall\u20191 al 5 settembre.","breadcrumb":{"@id":"https:\/\/www.tablaosflamencos.com\/it\/festival-cante-jondo-antonio-mairena-2026.html#breadcrumb"},"inLanguage":"it-IT","potentialAction":[{"@type":"ReadAction","target":["https:\/\/www.tablaosflamencos.com\/it\/festival-cante-jondo-antonio-mairena-2026.html"]}]},{"@type":"ImageObject","inLanguage":"it-IT","@id":"https:\/\/www.tablaosflamencos.com\/it\/festival-cante-jondo-antonio-mairena-2026.html#primaryimage","url":"https:\/\/www.tablaosflamencos.com\/wp-content\/uploads\/festival-de-cante-jondo-antonio-mairena-2026-programa-artistas-fechas-y-entradas-01.webp","contentUrl":"https:\/\/www.tablaosflamencos.com\/wp-content\/uploads\/festival-de-cante-jondo-antonio-mairena-2026-programa-artistas-fechas-y-entradas-01.webp","width":1477,"height":1920,"caption":"Festival de Cante Jondo Antonio Mairena 2026: programa, artistas, fechas y entradas"},{"@type":"BreadcrumbList","@id":"https:\/\/www.tablaosflamencos.com\/it\/festival-cante-jondo-antonio-mairena-2026.html#breadcrumb","itemListElement":[{"@type":"ListItem","position":1,"name":"Home","item":"https:\/\/www.tablaosflamencos.com\/it"},{"@type":"ListItem","position":2,"name":"Festival de Cante Jondo Antonio Mairena 2026: programma, artisti, date e biglietti"}]},{"@type":"WebSite","@id":"https:\/\/www.tablaosflamencos.com\/it#website","url":"https:\/\/www.tablaosflamencos.com\/it","name":"Tablaos Flamencos","description":"Entradas para tablaos flamencos de Espa\u00f1a","publisher":{"@id":"https:\/\/www.tablaosflamencos.com\/it#organization"},"alternateName":"Tablaos Flamencos","potentialAction":[{"@type":"SearchAction","target":{"@type":"EntryPoint","urlTemplate":"https:\/\/www.tablaosflamencos.com\/it?s={search_term_string}"},"query-input":{"@type":"PropertyValueSpecification","valueRequired":true,"valueName":"search_term_string"}}],"inLanguage":"it-IT"},{"@type":["Organization","Place","EntertainmentBusiness"],"@id":"https:\/\/www.tablaosflamencos.com\/it#organization","name":"Tablaos Flamencos","alternateName":"Tablaos Flamencos","url":"https:\/\/www.tablaosflamencos.com\/it","logo":{"@id":"https:\/\/www.tablaosflamencos.com\/it\/festival-cante-jondo-antonio-mairena-2026.html#local-main-organization-logo"},"image":{"@id":"https:\/\/www.tablaosflamencos.com\/it\/festival-cante-jondo-antonio-mairena-2026.html#local-main-organization-logo"},"sameAs":["https:\/\/www.facebook.com\/tablaosflamencos","https:\/\/x.com\/tablaosflamenco","https:\/\/mastodon.social\/@tablaosflamencos","https:\/\/www.instagram.com\/tablaosflamencos","https:\/\/tiktok.com\/@tablaosflamencos","https:\/\/www.linkedin.com\/company\/109408238\/"],"description":"Venta de entradas para espect\u00e1culos flamencos","legalName":"Tablaos Flamencos","foundingDate":"2015-01-01","numberOfEmployees":{"@type":"QuantitativeValue","minValue":"1","maxValue":"10"},"address":{"@id":"https:\/\/www.tablaosflamencos.com\/it\/festival-cante-jondo-antonio-mairena-2026.html#local-main-place-address"},"geo":{"@type":"GeoCoordinates","latitude":"37.3868072","longitude":"-5.993280299999999"},"telephone":["+34623787787"],"contactPoint":{"@type":"ContactPoint","telephone":"+34623787787","email":"info@tablaosflamencos.com"},"openingHoursSpecification":{"@type":"OpeningHoursSpecification","dayOfWeek":["Monday","Tuesday","Wednesday","Thursday","Friday","Saturday","Sunday"],"opens":"00:00","closes":"23:59"},"email":"info@tablaosflamencos.com","priceRange":"$$$","currenciesAccepted":"\u20ac"},{"@type":"Person","@id":"https:\/\/www.tablaosflamencos.com\/it#\/schema\/person\/e7a9ebe14eb75a52ceabfbffb3c54f5d","name":"Miguel Ortiz","description":"Miguel Ortiz es un empresario flamenco, con una s\u00f3lida trayectoria dentro del sector. Ha presidido entidades culturales vinculadas al flamenco y, cuenta con un amplio recorrido profesional en la gesti\u00f3n y promoci\u00f3n de espect\u00e1culos y tablaos flamencos. Su pasi\u00f3n por la historia y el arte flamenco se refleja en cada art\u00edculo, donde combina experiencia, criterio y un profundo respeto por la tradici\u00f3n.","sameAs":["https:\/\/www.tablaosflamencos.com","https:\/\/www.instagra.com\/miguelortizfe","https:\/\/www.linkedin.com\/in\/miguelortizf\/"],"birthDate":"1984-11-22","gender":"hombre","knowsLanguage":["espa\u00f1ol","ingl\u00e9s"],"jobTitle":"Empresario flamenco"},{"@type":"PostalAddress","@id":"https:\/\/www.tablaosflamencos.com\/it\/festival-cante-jondo-antonio-mairena-2026.html#local-main-place-address","streetAddress":"C\/ Alemanes, 19","addressLocality":"Sevilla","postalCode":"41004","addressRegion":"Sevilla","addressCountry":"ES"},{"@type":"ImageObject","inLanguage":"it-IT","@id":"https:\/\/www.tablaosflamencos.com\/it\/festival-cante-jondo-antonio-mairena-2026.html#local-main-organization-logo","url":"https:\/\/www.tablaosflamencos.com\/wp-content\/uploads\/tablaos-flamencos-06-3.webp","contentUrl":"https:\/\/www.tablaosflamencos.com\/wp-content\/uploads\/tablaos-flamencos-06-3.webp","width":600,"height":620,"caption":"Tablaos Flamencos"}]},"geo.placename":"Sevilla","geo.position":{"lat":"37.3868072","long":"-5.993280299999999"},"geo.region":"Spagna"},"_links":{"self":[{"href":"https:\/\/www.tablaosflamencos.com\/it\/wp-json\/wp\/v2\/posts\/13668","targetHints":{"allow":["GET"]}}],"collection":[{"href":"https:\/\/www.tablaosflamencos.com\/it\/wp-json\/wp\/v2\/posts"}],"about":[{"href":"https:\/\/www.tablaosflamencos.com\/it\/wp-json\/wp\/v2\/types\/post"}],"author":[{"embeddable":true,"href":"https:\/\/www.tablaosflamencos.com\/it\/wp-json\/wp\/v2\/users\/1"}],"replies":[{"embeddable":true,"href":"https:\/\/www.tablaosflamencos.com\/it\/wp-json\/wp\/v2\/comments?post=13668"}],"version-history":[{"count":1,"href":"https:\/\/www.tablaosflamencos.com\/it\/wp-json\/wp\/v2\/posts\/13668\/revisions"}],"predecessor-version":[{"id":13678,"href":"https:\/\/www.tablaosflamencos.com\/it\/wp-json\/wp\/v2\/posts\/13668\/revisions\/13678"}],"wp:featuredmedia":[{"embeddable":true,"href":"https:\/\/www.tablaosflamencos.com\/it\/wp-json\/wp\/v2\/media\/13661"}],"wp:attachment":[{"href":"https:\/\/www.tablaosflamencos.com\/it\/wp-json\/wp\/v2\/media?parent=13668"}],"wp:term":[{"taxonomy":"category","embeddable":true,"href":"https:\/\/www.tablaosflamencos.com\/it\/wp-json\/wp\/v2\/categories?post=13668"},{"taxonomy":"post_tag","embeddable":true,"href":"https:\/\/www.tablaosflamencos.com\/it\/wp-json\/wp\/v2\/tags?post=13668"}],"curies":[{"name":"wp","href":"https:\/\/api.w.org\/{rel}","templated":true}]}}