{"id":13623,"date":"2026-08-31T15:23:02","date_gmt":"2026-08-31T13:23:02","guid":{"rendered":"https:\/\/www.tablaosflamencos.com\/?p=13623"},"modified":"2026-08-31T15:49:11","modified_gmt":"2026-08-31T13:49:11","slug":"biennale-flamenco-siviglia-2026-prima-9-settembre","status":"publish","type":"post","link":"https:\/\/www.tablaosflamencos.com\/it\/biennale-flamenco-siviglia-2026-prima-9-settembre.html","title":{"rendered":"La Biennale inizia prima del 9 settembre: primi eventi e attivit\u00e0"},"content":{"rendered":"<section class=\"l-section wpb_row height_huge\"><div class=\"l-section-h i-cf\"><div class=\"g-cols vc_row via_flex valign_top type_default stacking_default\"><div class=\"vc_col-sm-6 wpb_column vc_column_container\"><div class=\"vc_column-inner\"><div class=\"wpb_wrapper\"><div class=\"wpb_text_column\"><div class=\"wpb_wrapper\"><h2>La Bienal de Flamenco 2026 empieza antes de su apertura oficial<\/h2>\n<p>La XXIV Bienal de Flamenco de Sevilla anuncia oficialmente sus fechas principales <strong>del 9 de septiembre al 3 de octubre de 2026<\/strong>. Sin embargo, quien espere al d\u00eda 9 para empezar a seguirla llegar\u00e1 varios d\u00edas tarde: la programaci\u00f3n vinculada a esta edici\u00f3n comienza realmente <strong>el mi\u00e9rcoles 2 de septiembre<\/strong> y, desde entonces, enlaza casi a diario exposiciones, espect\u00e1culos gratuitos en distintos barrios de Sevilla y una primera cita cinematogr\u00e1fica.<\/p>\n<p>Es la antesala de la Bienal: una semana en la que el flamenco sale de los grandes teatros y ocupa una f\u00e1brica hist\u00f3rica, el Pol\u00edgono Sur, San Jer\u00f3nimo, la Barzola, el Parque de Mar\u00eda Luisa y la Cartuja. El programa permite adem\u00e1s asistir a varias propuestas sin comprar entrada para los espect\u00e1culos principales.<\/p>\n<p>Entre el 2 y el 8 de septiembre se suceden <em>La noche azul<\/em>, <em>La noche de las gitanas<\/em>, <em>Cuesti\u00f3n de tiempo<\/em>, el II Festival Macarena Flamenca, el homenaje esc\u00e9nico a Fosforito <em>Nazareno y Olivares<\/em> y la primera sesi\u00f3n del ciclo de cine <em>Flamencas<\/em>. El 9 de septiembre, el preg\u00f3n cantado <em>Ecos primitivos<\/em> marcar\u00e1 ya la apertura oficial.<\/p>\n<\/div><\/div><\/div><\/div><\/div><div class=\"vc_col-sm-6 wpb_column vc_column_container\"><div class=\"vc_column-inner\"><div class=\"wpb_wrapper\"><div class=\"wpb_text_column\"><div class=\"wpb_wrapper\"><h3>Agenda previa de la Bienal 2026<\/h3>\n<ul>\n<li><strong>2 de septiembre:<\/strong> apertura de <em>La noche azul<\/em>, Real F\u00e1brica de Artiller\u00eda.<\/li>\n<li><strong>3 de septiembre, 21:30:<\/strong> <em>La noche de las gitanas<\/em>, Pol\u00edgono Sur.<\/li>\n<li><strong>4 de septiembre, 21:30:<\/strong> <em>Cuesti\u00f3n de tiempo<\/em>, Hermanos Aguilar, Monasterio de San Jer\u00f3nimo.<\/li>\n<li><strong>5 de septiembre, 21:30:<\/strong> II Festival Macarena Flamenca, Plaza Virgen del Pilar.<\/li>\n<li><strong>6 de septiembre, 21:30:<\/strong> <em>Nazareno y Olivares<\/em>, homenaje a Fosforito, Museo de Artes y Costumbres Populares.<\/li>\n<li><strong>8 de septiembre, 20:30:<\/strong> ciclo de cine <em>Flamencas<\/em>, Fundaci\u00f3n Tres Culturas.<\/li>\n<li><strong>9 de septiembre, 20:30:<\/strong> preg\u00f3n cantado <em>Ecos primitivos<\/em>, Plaza de San Francisco.<\/li>\n<\/ul>\n<p><small>La programaci\u00f3n puede sufrir ajustes. Conviene comprobar horarios, condiciones de acceso y posibles reservas en las webs oficiales antes de desplazarse.<\/small><\/p>\n<\/div><\/div><\/div><\/div><\/div><\/div><\/div><\/section><section class=\"l-section wpb_row height_huge color_alternate with_shape\"><div class=\"l-section-shape type_zigzag pos_top hor_flip\" style=\"height:3vmin;\"><svg xmlns=\"http:\/\/www.w3.org\/2000\/svg\" viewBox=\"0 0 64 8\" preserveAspectRatio=\"none\" width=\"100%\" height=\"100%\">\r\n\t<path fill=\"currentColor\" d=\"M64 8 L0 8 L0 0 L20 7.9 L40 3 L48 5 L64 0 Z\"\/>\r\n<\/svg><\/div><div class=\"l-section-shape type_zigzag pos_bottom\" style=\"height:3vmin;\"><svg xmlns=\"http:\/\/www.w3.org\/2000\/svg\" viewBox=\"0 0 64 8\" preserveAspectRatio=\"none\" width=\"100%\" height=\"100%\">\r\n\t<path fill=\"currentColor\" d=\"M64 8 L0 8 L0 0 L20 7.9 L40 3 L48 5 L64 0 Z\"\/>\r\n<\/svg><\/div><div class=\"l-section-h i-cf\"><div class=\"g-cols vc_row via_flex valign_top type_default stacking_default\"><div class=\"vc_col-sm-12 wpb_column vc_column_container\"><div class=\"vc_column-inner\"><div class=\"wpb_wrapper\"><div class=\"wpb_text_column\"><div class=\"wpb_wrapper\"><h2>2 de septiembre: La noche azul abre la Bienal una semana antes<\/h2>\n<p>La primera se\u00f1al inequ\u00edvoca de que la Bienal 2026 comienza antes del d\u00eda 9 llegar\u00e1 el <strong>mi\u00e9rcoles 2 de septiembre<\/strong>. Ese d\u00eda abrir\u00e1 en la Nave de Grabados de la Real F\u00e1brica de Artiller\u00eda la exposici\u00f3n <em>La noche azul. \u00d3pera flamenca en la colecci\u00f3n de Carlos Mart\u00edn Ballester<\/em>.<\/p>\n<p>La muestra re\u00fane cerca de <strong>150 piezas hist\u00f3ricas<\/strong> \u2014carteles, fotograf\u00edas, discos de gram\u00f3fono, manuscritos, publicidad y documentaci\u00f3n\u2014 y a\u00f1ade una selecci\u00f3n de grabaciones digitalizadas para la ocasi\u00f3n. Su hilo conductor es la llamada \u00d3pera Flamenca, el periodo que transform\u00f3 la escala p\u00fablica del flamenco durante las primeras d\u00e9cadas del siglo XX y que constituye uno de los grandes ejes hist\u00f3ricos de esta XXIV edici\u00f3n.<\/p>\n<p>La exposici\u00f3n permite encontrarse con la memoria de figuras como La Ni\u00f1a de los Peines, Manuel Vallejo, Pepe Pinto, Ram\u00f3n Montoya, Ni\u00f1o Ricardo o Manolo Caracol. Adem\u00e1s, no termina con la Bienal: permanecer\u00e1 abierta <strong>hasta el 22 de noviembre de 2026<\/strong>.<\/p>\n<p>La hemos desarrollado con detalle en nuestra gu\u00eda espec\u00edfica sobre la exposici\u00f3n.<\/p>\n<\/div><\/div><div class=\"w-separator size_medium\"><\/div><div class=\"w-hwrapper valign_top wrap stack_on_mobiles align_center\" style=\"--hwrapper-gap:1.2rem\"><div class=\"w-btn-wrapper align_none\"><a class=\"w-btn us-btn-style_1\" href=\"https:\/\/www.tablaosflamencos.com\/it\/la-notte-blu-opera-flamenca-biennale-siviglia-2026.html\"><span class=\"w-btn-label\">Gu\u00eda completa de La noche azul<\/span><\/a><\/div><\/div><\/div><\/div><\/div><\/div><\/div><\/section><section class=\"l-section wpb_row height_huge\"><div class=\"l-section-h i-cf\"><div class=\"g-cols vc_row via_flex valign_top type_default stacking_default\"><div class=\"vc_col-sm-6 wpb_column vc_column_container\"><div class=\"vc_column-inner\"><div class=\"wpb_wrapper\"><div class=\"wpb_text_column\"><div class=\"wpb_wrapper\"><h2>3 de septiembre: La noche de las gitanas en el Pol\u00edgono Sur<\/h2>\n<p>El jueves 3 comienza el bloque <strong>Flamenco a pie de calle<\/strong>, una de las iniciativas de <em>Otras perlas<\/em>, el programa paralelo de la Bienal que busca sacar parte de la actividad flamenca de los espacios esc\u00e9nicos convencionales.<\/p>\n<p>La primera propuesta ser\u00e1 <em>La noche de las gitanas<\/em>, a las <strong>21:30 horas<\/strong> en el Parque Pepa La Calzona, en el Pol\u00edgono Sur. El espect\u00e1culo se plantea como un retrato coral de la transmisi\u00f3n femenina y gitana del flamenco, vinculando memoria familiar, barrio, identidad y resistencia cultural.<\/p>\n<p>Al cante estar\u00e1n <strong>Herminia Borja, Mara Rey y Zamara Carrasco<\/strong>; el baile correr\u00e1 a cargo de <strong>Manuela Vargas<\/strong>, con Luis Amador a la guitarra, Pepe de Pura al cante para el baile, Fali El El\u00e9ctrico a la percusi\u00f3n y Emilio Casta\u00f1eda a las palmas. La direcci\u00f3n art\u00edstica es de Antonio Amaya <em>El Petete<\/em>.<\/p>\n<p>La ficha oficial calcula una duraci\u00f3n aproximada de una hora y veinte minutos. La propuesta forma parte del bloque de actuaciones gratuitas y de acceso libre hasta completar aforo.<\/p>\n<\/div><\/div><\/div><\/div><\/div><div class=\"vc_col-sm-6 wpb_column vc_column_container\"><div class=\"vc_column-inner\"><div class=\"wpb_wrapper\"><div class=\"wpb_text_column\"><div class=\"wpb_wrapper\"><h2>4 de septiembre: los Hermanos Aguilar toman San Jer\u00f3nimo<\/h2>\n<p>El viernes 4, tambi\u00e9n a las <strong>21:30 horas<\/strong>, el Monasterio de San Jer\u00f3nimo acoger\u00e1 <em>Cuesti\u00f3n de tiempo<\/em>, una pieza creada e interpretada por los hermanos <strong>Diego y Hugo Aguilar<\/strong>.<\/p>\n<p>La obra explora memoria, identidad, herencia familiar y madurez a trav\u00e9s del cuerpo y del baile. No busca narrar una historia convencional, sino construir un recorrido en cinco movimientos \u2014<em>Lembranza, Albor, Confluencia, Soler<\/em> y <em>Umbral<\/em>\u2014 que parte del origen familiar y avanza hacia un futuro compartido.<\/p>\n<p>Uno de los elementos m\u00e1s significativos es la presencia del padre de los artistas al comienzo de la pieza, utilizada como s\u00edmbolo de transmisi\u00f3n. El propio espacio del Monasterio de San Jer\u00f3nimo a\u00f1ade una dimensi\u00f3n patrimonial a una obra en la que pasado y presente dialogan de manera expl\u00edcita.<\/p>\n<p>Tambi\u00e9n ser\u00e1 una actividad de <strong>acceso libre hasta completar aforo<\/strong>.<\/p>\n<\/div><\/div><\/div><\/div><\/div><\/div><\/div><\/section><section class=\"l-section wpb_row height_huge color_alternate with_shape\"><div class=\"l-section-shape type_zigzag pos_top hor_flip\" style=\"height:3vmin;\"><svg xmlns=\"http:\/\/www.w3.org\/2000\/svg\" viewBox=\"0 0 64 8\" preserveAspectRatio=\"none\" width=\"100%\" height=\"100%\">\r\n\t<path fill=\"currentColor\" d=\"M64 8 L0 8 L0 0 L20 7.9 L40 3 L48 5 L64 0 Z\"\/>\r\n<\/svg><\/div><div class=\"l-section-shape type_zigzag pos_bottom\" style=\"height:3vmin;\"><svg xmlns=\"http:\/\/www.w3.org\/2000\/svg\" viewBox=\"0 0 64 8\" preserveAspectRatio=\"none\" width=\"100%\" height=\"100%\">\r\n\t<path fill=\"currentColor\" d=\"M64 8 L0 8 L0 0 L20 7.9 L40 3 L48 5 L64 0 Z\"\/>\r\n<\/svg><\/div><div class=\"l-section-h i-cf\"><div class=\"g-cols vc_row via_flex valign_top type_default stacking_default\"><div class=\"vc_col-sm-12 wpb_column vc_column_container\"><div class=\"vc_column-inner\"><div class=\"wpb_wrapper\"><div class=\"wpb_text_column\"><div class=\"wpb_wrapper\"><h2>5 de septiembre: Macarena Flamenca homenajea a Jos\u00e9 de la Tomasa<\/h2>\n<p>El s\u00e1bado 5 la actividad se desplaza a la <strong>Plaza Virgen del Pilar, en la barriada de la Barzola<\/strong>, donde se celebrar\u00e1 la segunda edici\u00f3n del Festival Macarena Flamenca. La ficha espec\u00edfica de la Bienal sit\u00faa el comienzo a las <strong>21:30 horas<\/strong>.<\/p>\n<p>El festival naci\u00f3 en 2025 impulsado por el Distrito Macarena y pretende consolidar un encuentro flamenco estable en uno de los distritos con mayor tradici\u00f3n popular y jonda de Sevilla. Su segunda edici\u00f3n estar\u00e1 dedicada a <strong>Jos\u00e9 de la Tomasa<\/strong>, figura esencial del cante sevillano y heredero de una de sus sagas hist\u00f3ricas.<\/p>\n<p>El cartel re\u00fane a <strong>Potito<\/strong>, acompa\u00f1ado por Manuel Herrera; <strong>Antonio Reyes<\/strong>, con Nono Reyes; <strong>Remedios Reyes<\/strong>, con Julio Romero; y <strong>Manuel de la Tomasa<\/strong>, tambi\u00e9n con Nono Reyes. El baile estar\u00e1 representado por <strong>Manuela Amador Carrasco<\/strong>, con Luis Amador a la guitarra y Emilio Molina y Manuel Ta\u00f1\u00e9 al cante.<\/p>\n<p>M\u00e1s all\u00e1 del homenaje, Macarena Flamenca tiene una vocaci\u00f3n de barrio: acercar cante, toque y baile a un espacio abierto, cotidiano y accesible. La entrada ser\u00e1 libre hasta completar aforo.<\/p>\n<\/div><\/div><\/div><\/div><\/div><\/div><\/div><\/section><section class=\"l-section wpb_row height_huge\"><div class=\"l-section-h i-cf\"><div class=\"g-cols vc_row via_flex valign_top type_default stacking_default\"><div class=\"vc_col-sm-12 wpb_column vc_column_container\"><div class=\"vc_column-inner\"><div class=\"wpb_wrapper\"><div class=\"wpb_text_column\"><div class=\"wpb_wrapper\"><h2>6 de septiembre: Fosforito, memoria viva en el Parque de Mar\u00eda Luisa<\/h2>\n<p>El domingo 6, a las <strong>21:30 horas<\/strong>, el Museo de Artes y Costumbres Populares de Sevilla acoger\u00e1 <em>Nazareno y Olivares<\/em>, una propuesta esc\u00e9nica dedicada a recorrer la vida y la obra de <strong>Antonio Fern\u00e1ndez D\u00edaz, Fosforito<\/strong>.<\/p>\n<p>La elecci\u00f3n del protagonista tiene un peso especial. Fosforito es una figura imprescindible para comprender el flamenco de la segunda mitad del siglo XX: cantaor de ampl\u00edsimo repertorio, protagonista del Concurso Nacional de Arte Flamenco de C\u00f3rdoba de 1956 y poseedor de la Llave de Oro del Cante concedida en 2005.<\/p>\n<p>La Bienal presenta <em>Nazareno y Olivares<\/em> como una aproximaci\u00f3n a su trayectoria a trav\u00e9s de la <strong>palabra, la m\u00fasica y la danza<\/strong>. En la propuesta participan, entre otros, Enrique Garc\u00e9s, Bernardo Miranda, Alejandro Hurtado y Yolanda Osuna.<\/p>\n<p>El escenario ser\u00e1 el Museo de Artes y Costumbres Populares, en la Plaza de Am\u00e9rica del Parque de Mar\u00eda Luisa, otro ejemplo de c\u00f3mo esta programaci\u00f3n previa utiliza enclaves patrimoniales de la ciudad en lugar de limitarse a los teatros. La actividad ser\u00e1 gratuita hasta completar aforo.<\/p>\n<\/div><\/div><\/div><\/div><\/div><\/div><\/div><\/section><section class=\"l-section wpb_row height_huge color_alternate with_shape\"><div class=\"l-section-shape type_zigzag pos_top hor_flip\" style=\"height:3vmin;\"><svg xmlns=\"http:\/\/www.w3.org\/2000\/svg\" viewBox=\"0 0 64 8\" preserveAspectRatio=\"none\" width=\"100%\" height=\"100%\">\r\n\t<path fill=\"currentColor\" d=\"M64 8 L0 8 L0 0 L20 7.9 L40 3 L48 5 L64 0 Z\"\/>\r\n<\/svg><\/div><div class=\"l-section-shape type_zigzag pos_bottom\" style=\"height:3vmin;\"><svg xmlns=\"http:\/\/www.w3.org\/2000\/svg\" viewBox=\"0 0 64 8\" preserveAspectRatio=\"none\" width=\"100%\" height=\"100%\">\r\n\t<path fill=\"currentColor\" d=\"M64 8 L0 8 L0 0 L20 7.9 L40 3 L48 5 L64 0 Z\"\/>\r\n<\/svg><\/div><div class=\"l-section-h i-cf\"><div class=\"g-cols vc_row via_flex valign_top type_default stacking_default\"><div class=\"vc_col-sm-12 wpb_column vc_column_container\"><div class=\"vc_column-inner\"><div class=\"wpb_wrapper\"><div class=\"wpb_text_column\"><div class=\"wpb_wrapper\"><h2>7 de septiembre: una pausa antes del cine<\/h2>\n<p>A fecha de publicaci\u00f3n, la programaci\u00f3n oficial consultada no anuncia una actividad p\u00fablica espec\u00edfica de la Bienal para el lunes 7 de septiembre. Despu\u00e9s de cuatro noches consecutivas de <em>Flamenco a pie de calle<\/em>, la agenda retoma la actividad el martes 8.<\/p>\n<p>La jornada puede ser \u00fatil para visitar <em>La noche azul<\/em>, que continuar\u00e1 abierta en la Real F\u00e1brica de Artiller\u00eda, o para organizar los d\u00edas centrales del festival. Desde el d\u00eda 9, el n\u00famero de propuestas aumenta r\u00e1pidamente y se superponen funciones en distintos espacios de Sevilla.<\/p>\n<\/div><\/div><\/div><\/div><\/div><\/div><\/div><\/section><section class=\"l-section wpb_row height_huge\"><div class=\"l-section-h i-cf\"><div class=\"g-cols vc_row via_flex valign_top type_default stacking_default\"><div class=\"vc_col-sm-6 wpb_column vc_column_container\"><div class=\"vc_column-inner\"><div class=\"wpb_wrapper\"><div class=\"wpb_text_column\"><div class=\"wpb_wrapper\"><h2>8 de septiembre: el cine flamenco entra en escena<\/h2>\n<p>Un d\u00eda antes de la apertura oficial, la Bienal llegar\u00e1 tambi\u00e9n a la <strong>Fundaci\u00f3n Tres Culturas del Mediterr\u00e1neo<\/strong>, en la Isla de la Cartuja, con el ciclo cinematogr\u00e1fico <em>Flamencas<\/em>.<\/p>\n<p>La programaci\u00f3n de este ciclo ha registrado cambios respecto a los primeros anuncios. <strong>A fecha de publicaci\u00f3n, la agenda oficial de la Fundaci\u00f3n Tres Culturas sit\u00faa el 8 de septiembre a las 20:30 horas la proyecci\u00f3n de <em>Flamencas, mujeres, fuerza y duende<\/em><\/strong>, documental dirigido por Marcos Medina y Jonathan Gonz\u00e1lez.<\/p>\n<p>La pel\u00edcula, de 98 minutos, recorre la presencia, evoluci\u00f3n y lucha de las mujeres dentro del flamenco a trav\u00e9s de las biograf\u00edas de <strong>60 cantaoras, tocaoras y bailaoras<\/strong> de distintas generaciones, desde propuestas de ra\u00edz hasta lenguajes de fusi\u00f3n.<\/p>\n<p>La sesi\u00f3n figura como gratuita. Dado que el sistema de acceso y reserva puede actualizarse, conviene comprobar la disponibilidad directamente en la Fundaci\u00f3n Tres Culturas antes de acudir.<\/p>\n<\/div><\/div><\/div><\/div><\/div><div class=\"vc_col-sm-6 wpb_column vc_column_container\"><div class=\"vc_column-inner\"><div class=\"wpb_wrapper\"><div class=\"wpb_text_column\"><div class=\"wpb_wrapper\"><h2>9 de septiembre: ahora s\u00ed, comienza oficialmente la XXIV Bienal<\/h2>\n<p>Despu\u00e9s de esta semana previa, el mi\u00e9rcoles 9 llegar\u00e1 la fecha que figura como inicio oficial del festival. A las <strong>20:30 horas<\/strong>, la Plaza de San Francisco acoger\u00e1 el preg\u00f3n cantado <em>Ecos primitivos. Cante en altura, danza en tierra<\/em>, dirigido por <strong>Segundo Falc\u00f3n<\/strong>.<\/p>\n<p>La propuesta convertir\u00e1 la plaza en un escenario envolvente: las voces de Segundo Falc\u00f3n, Mar\u00eda Terremoto, Rafael de Utrera, Esperanza Fern\u00e1ndez y Pedro El Grana\u00edno se distribuir\u00e1n por diferentes balcones, mientras <strong>Ana Morales<\/strong> desarrollar\u00e1 la parte coreogr\u00e1fica en el espacio central.<\/p>\n<p>Ese preg\u00f3n es el verdadero puente entre las actividades previas y el programa principal. Al d\u00eda siguiente, 10 de septiembre, llegar\u00e1 <em>El mundo por montera<\/em>, la gran gala de la XXIV Bienal en la Plaza de Toros de la Real Maestranza, y desde el 11 comenzar\u00e1 a desplegarse de lleno la programaci\u00f3n simult\u00e1nea de teatros, espacios patrimoniales y Noches \u00danicas.<\/p>\n<\/div><\/div><\/div><\/div><\/div><\/div><\/div><\/section><section class=\"l-section wpb_row height_huge color_alternate with_shape\"><div class=\"l-section-shape type_zigzag pos_top hor_flip\" style=\"height:3vmin;\"><svg xmlns=\"http:\/\/www.w3.org\/2000\/svg\" viewBox=\"0 0 64 8\" preserveAspectRatio=\"none\" width=\"100%\" height=\"100%\">\r\n\t<path fill=\"currentColor\" d=\"M64 8 L0 8 L0 0 L20 7.9 L40 3 L48 5 L64 0 Z\"\/>\r\n<\/svg><\/div><div class=\"l-section-shape type_zigzag pos_bottom\" style=\"height:3vmin;\"><svg xmlns=\"http:\/\/www.w3.org\/2000\/svg\" viewBox=\"0 0 64 8\" preserveAspectRatio=\"none\" width=\"100%\" height=\"100%\">\r\n\t<path fill=\"currentColor\" d=\"M64 8 L0 8 L0 0 L20 7.9 L40 3 L48 5 L64 0 Z\"\/>\r\n<\/svg><\/div><div class=\"l-section-h i-cf\"><div class=\"g-cols vc_row via_flex valign_top type_default stacking_default\"><div class=\"vc_col-sm-12 wpb_column vc_column_container\"><div class=\"vc_column-inner\"><div class=\"wpb_wrapper\"><div class=\"wpb_text_column\"><div class=\"wpb_wrapper\"><h2>Una semana previa casi completamente gratuita<\/h2>\n<p>El inter\u00e9s de esta primera semana no est\u00e1 solo en adelantarse al inicio oficial. Tambi\u00e9n permite descubrir una faceta de la Bienal especialmente abierta a la ciudad.<\/p>\n<p>Las actuaciones de <em>Flamenco a pie de calle<\/em> de los d\u00edas 3, 4, 5 y 6 est\u00e1n anunciadas como <strong>gratuitas hasta completar aforo<\/strong>. La sesi\u00f3n cinematogr\u00e1fica del d\u00eda 8 tambi\u00e9n figura como gratuita, aunque puede requerir reserva o retirada previa de invitaci\u00f3n. La exposici\u00f3n <em>La noche azul<\/em> cuenta con una programaci\u00f3n propia y conviene consultar sus condiciones actualizadas de visita.<\/p>\n<p>Esto convierte los d\u00edas anteriores al 9 de septiembre en una oportunidad especialmente interesante para residentes y visitantes que quieran acercarse a la Bienal sin depender \u00fanicamente de las localidades de los grandes espect\u00e1culos, muchas de las cuales ya presentan una fuerte demanda.<\/p>\n<p>En nuestra gu\u00eda espec\u00edfica recopilamos adem\u00e1s las principales propuestas gratuitas de toda la edici\u00f3n.<\/p>\n<\/div><\/div><div class=\"w-separator size_medium\"><\/div><div class=\"w-hwrapper valign_top wrap stack_on_mobiles align_center\" style=\"--hwrapper-gap:1.2rem\"><div class=\"w-btn-wrapper align_none\"><a class=\"w-btn us-btn-style_1\" href=\"https:\/\/www.tablaosflamencos.com\/it\/biennale-flamenco-siviglia-2026-gratis.html\"><span class=\"w-btn-label\">Ver actividades gratuitas de la Bienal<\/span><\/a><\/div><div class=\"w-btn-wrapper align_none\"><a class=\"w-btn us-btn-style_1\" href=\"https:\/\/www.tablaosflamencos.com\/it\/biennale-flamenco-siviglia-2026.html\"><span class=\"w-btn-label\">Gu\u00eda completa Bienal 2026<\/span><\/a><\/div><\/div><\/div><\/div><\/div><\/div><\/div><\/section><section class=\"l-section wpb_row height_huge\"><div class=\"l-section-h i-cf\"><div class=\"g-cols vc_row via_flex valign_top type_default stacking_default\"><div class=\"vc_col-sm-12 wpb_column vc_column_container\"><div class=\"vc_column-inner\"><div class=\"wpb_wrapper\"><div class=\"wpb_text_column\"><div class=\"wpb_wrapper\"><h2>Qu\u00e9 conviene tener en cuenta si vas a asistir<\/h2>\n<p>Las actividades previas se reparten por zonas muy diferentes de Sevilla, por lo que es importante no plantearlas como si formaran parte de un \u00fanico recinto. Pol\u00edgono Sur, San Jer\u00f3nimo, Macarena, Parque de Mar\u00eda Luisa, Real F\u00e1brica de Artiller\u00eda y Cartuja requieren desplazamientos distintos.<\/p>\n<p>En los espect\u00e1culos gratuitos al aire libre o con acceso hasta completar aforo, llegar con margen resulta especialmente recomendable. Que una actividad no tenga coste no significa que el acceso est\u00e9 garantizado si se completa la capacidad disponible.<\/p>\n<p>Tambi\u00e9n conviene revisar la informaci\u00f3n oficial el mismo d\u00eda de cada cita. La programaci\u00f3n paralela es m\u00e1s susceptible de ajustes de horarios, ubicaciones o sistemas de reserva que las funciones con entradas numeradas. El caso del ciclo de cine es un buen ejemplo: la Fundaci\u00f3n Tres Culturas ha actualizado el orden de las pel\u00edculas respecto a los primeros calendarios difundidos.<\/p>\n<p>Y si vas a pasar varios d\u00edas en Sevilla, esta semana previa puede servir para combinar patrimonio, actividades p\u00fablicas y flamenco en directo antes de que el festival alcance su m\u00e1xima intensidad a partir del 9 y, sobre todo, del 10 y 11 de septiembre.<\/p>\n<\/div><\/div><\/div><\/div><\/div><\/div><\/div><\/section><section class=\"l-section wpb_row height_huge color_alternate with_shape\"><div class=\"l-section-shape type_zigzag pos_top hor_flip\" style=\"height:3vmin;\"><svg xmlns=\"http:\/\/www.w3.org\/2000\/svg\" viewBox=\"0 0 64 8\" preserveAspectRatio=\"none\" width=\"100%\" height=\"100%\">\r\n\t<path fill=\"currentColor\" d=\"M64 8 L0 8 L0 0 L20 7.9 L40 3 L48 5 L64 0 Z\"\/>\r\n<\/svg><\/div><div class=\"l-section-shape type_zigzag pos_bottom\" style=\"height:3vmin;\"><svg xmlns=\"http:\/\/www.w3.org\/2000\/svg\" viewBox=\"0 0 64 8\" preserveAspectRatio=\"none\" width=\"100%\" height=\"100%\">\r\n\t<path fill=\"currentColor\" d=\"M64 8 L0 8 L0 0 L20 7.9 L40 3 L48 5 L64 0 Z\"\/>\r\n<\/svg><\/div><div class=\"l-section-h i-cf\"><div class=\"g-cols vc_row via_flex valign_top type_default stacking_default\"><div class=\"vc_col-sm-1\/5 wpb_column vc_column_container\"><div class=\"vc_column-inner\"><div class=\"wpb_wrapper\"><\/div><\/div><\/div><div class=\"vc_col-sm-3\/5 wpb_column vc_column_container\"><div class=\"vc_column-inner\"><div class=\"wpb_wrapper\"><div class=\"wpb_text_column\"><div class=\"wpb_wrapper\"><h2>Preguntas frecuentes sobre los d\u00edas previos de la Bienal 2026<\/h2>\n<\/div><\/div><div class=\"w-separator size_medium\"><\/div><div class=\"w-tabs accordion toggle_style_1 has_scrolling\" style=\"--sections-title-size:inherit;--sections-gap:0.5rem;\"><div class=\"w-tabs-sections titles-align_none icon_plus cpos_left\"><div class=\"w-tabs-section\" id=\"b689\" itemscope itemprop=\"mainEntity\" itemtype=\"https:\/\/schema.org\/Question\"><button type=\"button\" class=\"w-tabs-section-header\" aria-controls=\"content-b689\" aria-expanded=\"false\"><h3 class=\"w-tabs-section-title\" itemprop=\"name\">\u00bfCu\u00e1ndo empieza realmente la Bienal de Flamenco de Sevilla 2026?<\/h3><div class=\"w-tabs-section-control\"><\/div><\/button><div  class=\"w-tabs-section-content\" id=\"content-b689\" itemscope itemprop=\"acceptedAnswer\" itemtype=\"https:\/\/schema.org\/Answer\"><div class=\"w-tabs-section-content-h i-cf\" itemprop=\"text\"><div class=\"wpb_text_column\"><div class=\"wpb_wrapper\"><p>Las fechas oficiales de la XXIV Bienal de Flamenco son del 9 de septiembre al 3 de octubre de 2026, pero las actividades vinculadas a esta edici\u00f3n comienzan antes. La exposici\u00f3n <em>La noche azul<\/em> abre el 2 de septiembre y entre los d\u00edas 3 y 8 se celebran actuaciones gratuitas y una primera sesi\u00f3n del ciclo de cine de la Bienal.<\/p>\n<\/div><\/div><\/div><\/div><\/div><div class=\"w-tabs-section\" id=\"v796\" itemscope itemprop=\"mainEntity\" itemtype=\"https:\/\/schema.org\/Question\"><button type=\"button\" class=\"w-tabs-section-header\" aria-controls=\"content-v796\" aria-expanded=\"false\"><h3 class=\"w-tabs-section-title\" itemprop=\"name\">\u00bfQu\u00e9 actividades de la Bienal hay antes del 9 de septiembre?<\/h3><div class=\"w-tabs-section-control\"><\/div><\/button><div  class=\"w-tabs-section-content\" id=\"content-v796\" itemscope itemprop=\"acceptedAnswer\" itemtype=\"https:\/\/schema.org\/Answer\"><div class=\"w-tabs-section-content-h i-cf\" itemprop=\"text\"><div class=\"wpb_text_column\"><div class=\"wpb_wrapper\"><p>Antes de la apertura oficial est\u00e1n programadas <em>La noche azul<\/em> el d\u00eda 2; <em>La noche de las gitanas<\/em> el d\u00eda 3; <em>Cuesti\u00f3n de tiempo<\/em> de los Hermanos Aguilar el d\u00eda 4; el II Festival Macarena Flamenca el d\u00eda 5; <em>Nazareno y Olivares<\/em>, homenaje a Fosforito, el d\u00eda 6; y la primera proyecci\u00f3n del ciclo cinematogr\u00e1fico <em>Flamencas<\/em> el d\u00eda 8.<\/p>\n<\/div><\/div><\/div><\/div><\/div><div class=\"w-tabs-section\" id=\"v873\" itemscope itemprop=\"mainEntity\" itemtype=\"https:\/\/schema.org\/Question\"><button type=\"button\" class=\"w-tabs-section-header\" aria-controls=\"content-v873\" aria-expanded=\"false\"><h3 class=\"w-tabs-section-title\" itemprop=\"name\">\u00bfSon gratis los espect\u00e1culos del 3, 4, 5 y 6 de septiembre?<\/h3><div class=\"w-tabs-section-control\"><\/div><\/button><div  class=\"w-tabs-section-content\" id=\"content-v873\" itemscope itemprop=\"acceptedAnswer\" itemtype=\"https:\/\/schema.org\/Answer\"><div class=\"w-tabs-section-content-h i-cf\" itemprop=\"text\"><div class=\"wpb_text_column\"><div class=\"wpb_wrapper\"><p>S\u00ed. Las cuatro propuestas de <em>Flamenco a pie de calle<\/em> est\u00e1n anunciadas como actividades de acceso libre y gratuito hasta completar aforo. Por ese motivo es recomendable llegar con antelaci\u00f3n, especialmente en espacios con capacidad limitada.<\/p>\n<\/div><\/div><\/div><\/div><\/div><div class=\"w-tabs-section\" id=\"g973\" itemscope itemprop=\"mainEntity\" itemtype=\"https:\/\/schema.org\/Question\"><button type=\"button\" class=\"w-tabs-section-header\" aria-controls=\"content-g973\" aria-expanded=\"false\"><h3 class=\"w-tabs-section-title\" itemprop=\"name\">\u00bfQu\u00e9 pel\u00edcula se proyecta el 8 de septiembre en la Fundaci\u00f3n Tres Culturas?<\/h3><div class=\"w-tabs-section-control\"><\/div><\/button><div  class=\"w-tabs-section-content\" id=\"content-g973\" itemscope itemprop=\"acceptedAnswer\" itemtype=\"https:\/\/schema.org\/Answer\"><div class=\"w-tabs-section-content-h i-cf\" itemprop=\"text\"><div class=\"wpb_text_column\"><div class=\"wpb_wrapper\"><p>A fecha de publicaci\u00f3n, la programaci\u00f3n actualizada de la Fundaci\u00f3n Tres Culturas anuncia para el 8 de septiembre a las 20:30 horas <em>Flamencas, mujeres, fuerza y duende<\/em>, de Marcos Medina y Jonathan Gonz\u00e1lez. Algunos calendarios anteriores muestran otro orden de pel\u00edculas, por lo que recomendamos comprobar la ficha oficial antes de asistir.<\/p>\n<\/div><\/div><\/div><\/div><\/div><div class=\"w-tabs-section\" id=\"fa82\" itemscope itemprop=\"mainEntity\" itemtype=\"https:\/\/schema.org\/Question\"><button type=\"button\" class=\"w-tabs-section-header\" aria-controls=\"content-fa82\" aria-expanded=\"false\"><h3 class=\"w-tabs-section-title\" itemprop=\"name\">\u00bfQu\u00e9 sucede el 9 de septiembre en la Bienal?<\/h3><div class=\"w-tabs-section-control\"><\/div><\/button><div  class=\"w-tabs-section-content\" id=\"content-fa82\" itemscope itemprop=\"acceptedAnswer\" itemtype=\"https:\/\/schema.org\/Answer\"><div class=\"w-tabs-section-content-h i-cf\" itemprop=\"text\"><div class=\"wpb_text_column\"><div class=\"wpb_wrapper\"><p>El 9 de septiembre se celebra la apertura oficial mediante el preg\u00f3n cantado <em>Ecos primitivos. Cante en altura, danza en tierra<\/em>, dirigido por Segundo Falc\u00f3n en la Plaza de San Francisco a las 20:30 horas. Participar\u00e1n, entre otros, Mar\u00eda Terremoto, Rafael de Utrera, Esperanza Fern\u00e1ndez, Pedro El Grana\u00edno y la bailaora Ana Morales.<\/p>\n<\/div><\/div><\/div><\/div><\/div><div class=\"w-tabs-section\" id=\"vb58\" itemscope itemprop=\"mainEntity\" itemtype=\"https:\/\/schema.org\/Question\"><button type=\"button\" class=\"w-tabs-section-header\" aria-controls=\"content-vb58\" aria-expanded=\"false\"><h3 class=\"w-tabs-section-title\" itemprop=\"name\">\u00bfD\u00f3nde puedo consultar el programa completo de la Bienal 2026?<\/h3><div class=\"w-tabs-section-control\"><\/div><\/button><div  class=\"w-tabs-section-content\" id=\"content-vb58\" itemscope itemprop=\"acceptedAnswer\" itemtype=\"https:\/\/schema.org\/Answer\"><div class=\"w-tabs-section-content-h i-cf\" itemprop=\"text\"><div class=\"wpb_text_column\"><div class=\"wpb_wrapper\"><p>La programaci\u00f3n completa y sus posibles actualizaciones deben consultarse en la web oficial de la Bienal de Flamenco de Sevilla. En Tablaos Flamencos mantenemos adem\u00e1s una gu\u00eda general de la edici\u00f3n 2026 y art\u00edculos espec\u00edficos sobre actividades gratuitas, Noches \u00danicas, entradas agotadas y exposiciones.<\/p>\n<\/div><\/div><\/div><\/div><\/div><\/div><\/div><\/div><\/div><\/div><div class=\"vc_col-sm-1\/5 wpb_column vc_column_container\"><div class=\"vc_column-inner\"><div class=\"wpb_wrapper\"><\/div><\/div><\/div><\/div><\/div><\/section><section class=\"l-section wpb_row height_huge\"><div class=\"l-section-h i-cf\"><div class=\"g-cols vc_row via_flex valign_top type_default stacking_default\"><div class=\"vc_col-sm-12 wpb_column vc_column_container\"><div class=\"vc_column-inner\"><div class=\"wpb_wrapper\"><div class=\"wpb_text_column\"><div class=\"wpb_wrapper\"><h2>La Bienal se extiende por Sevilla antes de levantar el tel\u00f3n<\/h2>\n<p>El arranque anticipado de la XXIV Bienal explica bien una de las ideas que atraviesan esta edici\u00f3n: el festival no quiere limitarse a una sucesi\u00f3n de funciones dentro de los teatros. Antes incluso del preg\u00f3n, el flamenco habr\u00e1 pasado por una exposici\u00f3n hist\u00f3rica, barrios con identidad propia, espacios patrimoniales y una sala de cine.<\/p>\n<p>Para quien est\u00e9 en Sevilla durante la primera semana de septiembre, esperar al d\u00eda 9 supone perder una parte significativa de la experiencia. <strong>La Bienal empieza a sentirse desde el 2 de septiembre<\/strong> y construye durante seis d\u00edas una introducci\u00f3n que combina memoria, baile, cante, homenaje, participaci\u00f3n ciudadana y audiovisual.<\/p>\n<p>Despu\u00e9s llegar\u00e1 el programa principal. Pero para entonces, Sevilla ya llevar\u00e1 una semana dentro de la Bienal.<\/p>\n<\/div><\/div><\/div><\/div><\/div><\/div><\/div><\/section><section class=\"l-section wpb_row height_huge color_alternate with_shape\"><div class=\"l-section-shape type_zigzag pos_top hor_flip\" style=\"height:3vmin;\"><svg xmlns=\"http:\/\/www.w3.org\/2000\/svg\" viewBox=\"0 0 64 8\" preserveAspectRatio=\"none\" width=\"100%\" height=\"100%\">\r\n\t<path fill=\"currentColor\" d=\"M64 8 L0 8 L0 0 L20 7.9 L40 3 L48 5 L64 0 Z\"\/>\r\n<\/svg><\/div><div class=\"l-section-h i-cf\"><div class=\"g-cols vc_row via_flex valign_top type_default stacking_default\"><div class=\"vc_col-sm-12 wpb_column vc_column_container\"><div class=\"vc_column-inner\"><div class=\"wpb_wrapper\"><div class=\"wpb_text_column\"><div class=\"wpb_wrapper\"><h2>Fuentes y actualizaci\u00f3n de la programaci\u00f3n<\/h2>\n<p>Para elaborar esta gu\u00eda hemos contrastado la programaci\u00f3n general y las actividades paralelas de la XXIV Bienal con las fichas espec\u00edficas de los primeros eventos y con la agenda actualizada de la Fundaci\u00f3n Tres Culturas del Mediterr\u00e1neo.<\/p>\n<ul>\n<li><a href=\"https:\/\/www.labienal.com\/\" target=\"_blank\" rel=\"noopener\">Bienal de Flamenco de Sevilla \u2014 web oficial<\/a>.<\/li>\n<li><a href=\"https:\/\/www.labienal.com\/noticias\/las-otras-perlas-de-la-bienal\" target=\"_blank\" rel=\"noopener\">Otras perlas \u2014 programaci\u00f3n paralela de la Bienal<\/a>.<\/li>\n<li><a href=\"https:\/\/www.labienal.com\/otras-perlas-actividades-paralelas\/flamenco-a-pie-de-calle\/la-noche-de-las-gitanas\" target=\"_blank\" rel=\"noopener\">La noche de las gitanas \u2014 ficha oficial<\/a>.<\/li>\n<li><a href=\"https:\/\/www.labienal.com\/otras-perlas-actividades-paralelas\/flamenco-a-pie-de-calle\/cuestion-de-tiempo-hermanos-aguilar\" target=\"_blank\" rel=\"noopener\">Cuesti\u00f3n de tiempo \u2014 Hermanos Aguilar<\/a>.<\/li>\n<li><a href=\"https:\/\/www.labienal.com\/otras-perlas-actividades-paralelas\/flamenco-a-pie-de-calle\/festival-macarena-flamenca\" target=\"_blank\" rel=\"noopener\">Festival Macarena Flamenca \u2014 ficha oficial<\/a>.<\/li>\n<li><a href=\"https:\/\/tresculturas.org\/actividad\/bienal-de-flamenco-de-sevilla-2026-ciclo-de-cine-flamencas-flamencas-mujeres-fuerza-y-duende\/\" target=\"_blank\" rel=\"noopener\">Fundaci\u00f3n Tres Culturas \u2014 ciclo de cine Flamencas, 8 de septiembre<\/a>.<\/li>\n<\/ul>\n<p><small>Informaci\u00f3n revisada el 30 de agosto de 2026. Los organizadores pueden modificar horarios, accesos o programaci\u00f3n.<\/small><\/p>\n<\/div><\/div><\/div><\/div><\/div><\/div><\/div><\/section>\n","protected":false},"excerpt":{"rendered":"<p>La Biennale di Flamenco di Siviglia 2026 comincia gi\u00e0 il 2 settembre, con mostra, flamenco gratuito nei quartieri, cinema e attivit\u00e0 prima dell\u2019apertura ufficiale.<\/p>\n","protected":false},"author":1,"featured_media":13615,"comment_status":"closed","ping_status":"closed","sticky":false,"template":"","format":"standard","meta":{"_acf_changed":false,"wpai_generated_summary":"","_ayudawp_aiss_exclude":false,"_ayudawp_aiss_exclude_summary":false,"_ayudawp_aiss_summary":"","_ayudawp_aiss_summary_provider":"","_ayudawp_aiss_summary_hash":"","footnotes":""},"categories":[1429,373],"tags":[1696,1697,1693,1694,1695,1692,1698,1691],"class_list":["post-13623","post","type-post","status-publish","format-standard","has-post-thumbnail","hentry","category-biennale-di-flamenco","category-notizie-flamenco","tag-agenda-flamenco-it","tag-altre-perle","tag-biennale-di-flamenco-tag","tag-biennale-di-flamenco-2026","tag-festival-di-flamenco-siviglia","tag-flamenco-a-siviglia","tag-flamenco-per-le-strade","tag-siviglia"],"acf":[],"yoast_head":"<!-- This site is optimized with the Yoast SEO Premium plugin v28.3 (Yoast SEO v28.3) - https:\/\/yoast.com\/product\/yoast-seo-premium-wordpress\/ -->\n<title>Biennale di Flamenco di Siviglia 2026 prima del 9 settembre | Tablaos Flamencos<\/title>\n<meta name=\"description\" content=\"La Biennale di Flamenco di Siviglia 2026 inizia prima del 9 settembre: mostra, flamenco gratuito, cinema e attivit\u00e0 dal 2 all\u20198 settembre.\" \/>\n<meta name=\"robots\" content=\"index, follow, max-snippet:-1, max-image-preview:large, max-video-preview:-1\" \/>\n<link rel=\"canonical\" href=\"https:\/\/www.tablaosflamencos.com\/it\/biennale-flamenco-siviglia-2026-prima-9-settembre.html\" \/>\n<meta property=\"og:locale\" content=\"it_IT\" \/>\n<meta property=\"og:type\" content=\"article\" \/>\n<meta property=\"og:title\" content=\"La Biennale inizia prima del 9 settembre: primi eventi e attivit\u00e0\" \/>\n<meta property=\"og:description\" content=\"La Biennale di Flamenco di Siviglia 2026 inizia prima del 9 settembre: mostra, flamenco gratuito, cinema e attivit\u00e0 dal 2 all\u20198 settembre.\" \/>\n<meta property=\"og:url\" content=\"https:\/\/www.tablaosflamencos.com\/it\/biennale-flamenco-siviglia-2026-prima-9-settembre.html\" \/>\n<meta property=\"og:site_name\" content=\"Tablaos Flamencos\" \/>\n<meta property=\"article:publisher\" content=\"https:\/\/www.facebook.com\/tablaosflamencos\" \/>\n<meta property=\"article:published_time\" content=\"2026-08-31T13:23:02+00:00\" \/>\n<meta property=\"article:modified_time\" content=\"2026-08-31T13:49:11+00:00\" \/>\n<meta property=\"og:image\" content=\"https:\/\/www.tablaosflamencos.com\/wp-content\/uploads\/la-bienal-empieza-antes-del-9-de-septiembre-primeros-eventos-y-actividades-01.webp\" \/>\n\t<meta property=\"og:image:width\" content=\"1920\" \/>\n\t<meta property=\"og:image:height\" content=\"1072\" \/>\n\t<meta property=\"og:image:type\" content=\"image\/webp\" \/>\n<meta name=\"author\" content=\"Miguel Ortiz\" \/>\n<meta name=\"twitter:card\" content=\"summary_large_image\" \/>\n<meta name=\"twitter:creator\" content=\"@tablaosflamenco\" \/>\n<meta name=\"twitter:site\" content=\"@tablaosflamenco\" \/>\n<meta name=\"twitter:label1\" content=\"Scritto da\" \/>\n\t<meta name=\"twitter:data1\" content=\"Miguel Ortiz\" \/>\n\t<meta name=\"twitter:label2\" content=\"Tempo di lettura stimato\" \/>\n\t<meta name=\"twitter:data2\" content=\"17 minuti\" \/>\n<script type=\"application\/ld+json\" class=\"yoast-schema-graph\">{\"@context\":\"https:\\\/\\\/schema.org\",\"@graph\":[{\"@type\":\"Article\",\"@id\":\"https:\\\/\\\/www.tablaosflamencos.com\\\/it\\\/biennale-flamenco-siviglia-2026-prima-9-settembre.html#article\",\"isPartOf\":{\"@id\":\"https:\\\/\\\/www.tablaosflamencos.com\\\/it\\\/biennale-flamenco-siviglia-2026-prima-9-settembre.html\"},\"author\":{\"name\":\"Miguel Ortiz\",\"@id\":\"https:\\\/\\\/www.tablaosflamencos.com\\\/it#\\\/schema\\\/person\\\/e7a9ebe14eb75a52ceabfbffb3c54f5d\"},\"headline\":\"La Biennale inizia prima del 9 settembre: primi eventi e attivit\u00e0\",\"datePublished\":\"2026-08-31T13:23:02+00:00\",\"dateModified\":\"2026-08-31T13:49:11+00:00\",\"mainEntityOfPage\":{\"@id\":\"https:\\\/\\\/www.tablaosflamencos.com\\\/it\\\/biennale-flamenco-siviglia-2026-prima-9-settembre.html\"},\"wordCount\":3318,\"publisher\":{\"@id\":\"https:\\\/\\\/www.tablaosflamencos.com\\\/it#organization\"},\"image\":{\"@id\":\"https:\\\/\\\/www.tablaosflamencos.com\\\/it\\\/biennale-flamenco-siviglia-2026-prima-9-settembre.html#primaryimage\"},\"thumbnailUrl\":\"https:\\\/\\\/www.tablaosflamencos.com\\\/wp-content\\\/uploads\\\/la-bienal-empieza-antes-del-9-de-septiembre-primeros-eventos-y-actividades-01.webp\",\"keywords\":[\"agenda flamenco\",\"Altre perle\",\"Biennale di Flamenco\",\"Biennale di Flamenco 2026\",\"festival di flamenco\",\"flamenco a Siviglia\",\"Flamenco per le strade\",\"Siviglia\"],\"articleSection\":[\"Biennale di Flamenco\",\"Notizie \\\/ Attualit\u00e0\"],\"inLanguage\":\"it-IT\"},{\"@type\":\"WebPage\",\"@id\":\"https:\\\/\\\/www.tablaosflamencos.com\\\/it\\\/biennale-flamenco-siviglia-2026-prima-9-settembre.html\",\"url\":\"https:\\\/\\\/www.tablaosflamencos.com\\\/it\\\/biennale-flamenco-siviglia-2026-prima-9-settembre.html\",\"name\":\"Biennale di Flamenco di Siviglia 2026 prima del 9 settembre | Tablaos Flamencos\",\"isPartOf\":{\"@id\":\"https:\\\/\\\/www.tablaosflamencos.com\\\/it#website\"},\"primaryImageOfPage\":{\"@id\":\"https:\\\/\\\/www.tablaosflamencos.com\\\/it\\\/biennale-flamenco-siviglia-2026-prima-9-settembre.html#primaryimage\"},\"image\":{\"@id\":\"https:\\\/\\\/www.tablaosflamencos.com\\\/it\\\/biennale-flamenco-siviglia-2026-prima-9-settembre.html#primaryimage\"},\"thumbnailUrl\":\"https:\\\/\\\/www.tablaosflamencos.com\\\/wp-content\\\/uploads\\\/la-bienal-empieza-antes-del-9-de-septiembre-primeros-eventos-y-actividades-01.webp\",\"datePublished\":\"2026-08-31T13:23:02+00:00\",\"dateModified\":\"2026-08-31T13:49:11+00:00\",\"description\":\"La Biennale di Flamenco di Siviglia 2026 inizia prima del 9 settembre: mostra, flamenco gratuito, cinema e attivit\u00e0 dal 2 all\u20198 settembre.\",\"breadcrumb\":{\"@id\":\"https:\\\/\\\/www.tablaosflamencos.com\\\/it\\\/biennale-flamenco-siviglia-2026-prima-9-settembre.html#breadcrumb\"},\"inLanguage\":\"it-IT\",\"potentialAction\":[{\"@type\":\"ReadAction\",\"target\":[\"https:\\\/\\\/www.tablaosflamencos.com\\\/it\\\/biennale-flamenco-siviglia-2026-prima-9-settembre.html\"]}]},{\"@type\":\"ImageObject\",\"inLanguage\":\"it-IT\",\"@id\":\"https:\\\/\\\/www.tablaosflamencos.com\\\/it\\\/biennale-flamenco-siviglia-2026-prima-9-settembre.html#primaryimage\",\"url\":\"https:\\\/\\\/www.tablaosflamencos.com\\\/wp-content\\\/uploads\\\/la-bienal-empieza-antes-del-9-de-septiembre-primeros-eventos-y-actividades-01.webp\",\"contentUrl\":\"https:\\\/\\\/www.tablaosflamencos.com\\\/wp-content\\\/uploads\\\/la-bienal-empieza-antes-del-9-de-septiembre-primeros-eventos-y-actividades-01.webp\",\"width\":1920,\"height\":1072,\"caption\":\"La Bienal empieza antes del 9 de septiembre: primeros eventos y actividades\"},{\"@type\":\"BreadcrumbList\",\"@id\":\"https:\\\/\\\/www.tablaosflamencos.com\\\/it\\\/biennale-flamenco-siviglia-2026-prima-9-settembre.html#breadcrumb\",\"itemListElement\":[{\"@type\":\"ListItem\",\"position\":1,\"name\":\"Home\",\"item\":\"https:\\\/\\\/www.tablaosflamencos.com\\\/it\"},{\"@type\":\"ListItem\",\"position\":2,\"name\":\"La Biennale inizia prima del 9 settembre: primi eventi e attivit\u00e0\"}]},{\"@type\":\"WebSite\",\"@id\":\"https:\\\/\\\/www.tablaosflamencos.com\\\/it#website\",\"url\":\"https:\\\/\\\/www.tablaosflamencos.com\\\/it\",\"name\":\"Tablaos Flamencos\",\"description\":\"Entradas para tablaos flamencos de Espa\u00f1a\",\"publisher\":{\"@id\":\"https:\\\/\\\/www.tablaosflamencos.com\\\/it#organization\"},\"alternateName\":\"Tablaos Flamencos\",\"potentialAction\":[{\"@type\":\"SearchAction\",\"target\":{\"@type\":\"EntryPoint\",\"urlTemplate\":\"https:\\\/\\\/www.tablaosflamencos.com\\\/it?s={search_term_string}\"},\"query-input\":{\"@type\":\"PropertyValueSpecification\",\"valueRequired\":true,\"valueName\":\"search_term_string\"}}],\"inLanguage\":\"it-IT\"},{\"@type\":[\"Organization\",\"Place\",\"EntertainmentBusiness\"],\"@id\":\"https:\\\/\\\/www.tablaosflamencos.com\\\/it#organization\",\"name\":\"Tablaos Flamencos\",\"alternateName\":\"Tablaos Flamencos\",\"url\":\"https:\\\/\\\/www.tablaosflamencos.com\\\/it\",\"logo\":{\"@id\":\"https:\\\/\\\/www.tablaosflamencos.com\\\/it\\\/biennale-flamenco-siviglia-2026-prima-9-settembre.html#local-main-organization-logo\"},\"image\":{\"@id\":\"https:\\\/\\\/www.tablaosflamencos.com\\\/it\\\/biennale-flamenco-siviglia-2026-prima-9-settembre.html#local-main-organization-logo\"},\"sameAs\":[\"https:\\\/\\\/www.facebook.com\\\/tablaosflamencos\",\"https:\\\/\\\/x.com\\\/tablaosflamenco\",\"https:\\\/\\\/mastodon.social\\\/@tablaosflamencos\",\"https:\\\/\\\/www.instagram.com\\\/tablaosflamencos\",\"https:\\\/\\\/tiktok.com\\\/@tablaosflamencos\",\"https:\\\/\\\/www.linkedin.com\\\/company\\\/109408238\\\/\"],\"description\":\"Venta de entradas para espect\u00e1culos flamencos\",\"legalName\":\"Tablaos Flamencos\",\"foundingDate\":\"2015-01-01\",\"numberOfEmployees\":{\"@type\":\"QuantitativeValue\",\"minValue\":\"1\",\"maxValue\":\"10\"},\"address\":{\"@id\":\"https:\\\/\\\/www.tablaosflamencos.com\\\/it\\\/biennale-flamenco-siviglia-2026-prima-9-settembre.html#local-main-place-address\"},\"geo\":{\"@type\":\"GeoCoordinates\",\"latitude\":\"37.3868072\",\"longitude\":\"-5.993280299999999\"},\"telephone\":[\"+34623787787\"],\"contactPoint\":{\"@type\":\"ContactPoint\",\"telephone\":\"+34623787787\",\"email\":\"info@tablaosflamencos.com\"},\"openingHoursSpecification\":{\"@type\":\"OpeningHoursSpecification\",\"dayOfWeek\":[\"Monday\",\"Tuesday\",\"Wednesday\",\"Thursday\",\"Friday\",\"Saturday\",\"Sunday\"],\"opens\":\"00:00\",\"closes\":\"23:59\"},\"email\":\"info@tablaosflamencos.com\",\"priceRange\":\"$$$\",\"currenciesAccepted\":\"\u20ac\"},{\"@type\":\"Person\",\"@id\":\"https:\\\/\\\/www.tablaosflamencos.com\\\/it#\\\/schema\\\/person\\\/e7a9ebe14eb75a52ceabfbffb3c54f5d\",\"name\":\"Miguel Ortiz\",\"description\":\"Miguel Ortiz es un empresario flamenco, con una s\u00f3lida trayectoria dentro del sector. Ha presidido entidades culturales vinculadas al flamenco y, cuenta con un amplio recorrido profesional en la gesti\u00f3n y promoci\u00f3n de espect\u00e1culos y tablaos flamencos. Su pasi\u00f3n por la historia y el arte flamenco se refleja en cada art\u00edculo, donde combina experiencia, criterio y un profundo respeto por la tradici\u00f3n.\",\"sameAs\":[\"https:\\\/\\\/www.tablaosflamencos.com\",\"https:\\\/\\\/www.instagra.com\\\/miguelortizfe\",\"https:\\\/\\\/www.linkedin.com\\\/in\\\/miguelortizf\\\/\"],\"birthDate\":\"1984-11-22\",\"gender\":\"hombre\",\"knowsLanguage\":[\"espa\u00f1ol\",\"ingl\u00e9s\"],\"jobTitle\":\"Empresario flamenco\"},{\"@type\":\"PostalAddress\",\"@id\":\"https:\\\/\\\/www.tablaosflamencos.com\\\/it\\\/biennale-flamenco-siviglia-2026-prima-9-settembre.html#local-main-place-address\",\"streetAddress\":\"C\\\/ Alemanes, 19\",\"addressLocality\":\"Sevilla\",\"postalCode\":\"41004\",\"addressRegion\":\"Sevilla\",\"addressCountry\":\"ES\"},{\"@type\":\"ImageObject\",\"inLanguage\":\"it-IT\",\"@id\":\"https:\\\/\\\/www.tablaosflamencos.com\\\/it\\\/biennale-flamenco-siviglia-2026-prima-9-settembre.html#local-main-organization-logo\",\"url\":\"https:\\\/\\\/www.tablaosflamencos.com\\\/wp-content\\\/uploads\\\/tablaos-flamencos-06-3.webp\",\"contentUrl\":\"https:\\\/\\\/www.tablaosflamencos.com\\\/wp-content\\\/uploads\\\/tablaos-flamencos-06-3.webp\",\"width\":600,\"height\":620,\"caption\":\"Tablaos Flamencos\"}]}<\/script>\n<meta name=\"geo.placename\" content=\"Sevilla\" \/>\n<meta name=\"geo.position\" content=\"37.3868072;-5.993280299999999\" \/>\n<meta name=\"geo.region\" content=\"Spagna\" \/>\n<!-- \/ Yoast SEO Premium plugin. -->","yoast_head_json":{"title":"Biennale di Flamenco di Siviglia 2026 prima del 9 settembre | Tablaos Flamencos","description":"La Biennale di Flamenco di Siviglia 2026 inizia prima del 9 settembre: mostra, flamenco gratuito, cinema e attivit\u00e0 dal 2 all\u20198 settembre.","robots":{"index":"index","follow":"follow","max-snippet":"max-snippet:-1","max-image-preview":"max-image-preview:large","max-video-preview":"max-video-preview:-1"},"canonical":"https:\/\/www.tablaosflamencos.com\/it\/biennale-flamenco-siviglia-2026-prima-9-settembre.html","og_locale":"it_IT","og_type":"article","og_title":"La Biennale inizia prima del 9 settembre: primi eventi e attivit\u00e0","og_description":"La Biennale di Flamenco di Siviglia 2026 inizia prima del 9 settembre: mostra, flamenco gratuito, cinema e attivit\u00e0 dal 2 all\u20198 settembre.","og_url":"https:\/\/www.tablaosflamencos.com\/it\/biennale-flamenco-siviglia-2026-prima-9-settembre.html","og_site_name":"Tablaos Flamencos","article_publisher":"https:\/\/www.facebook.com\/tablaosflamencos","article_published_time":"2026-08-31T13:23:02+00:00","article_modified_time":"2026-08-31T13:49:11+00:00","og_image":[{"width":1920,"height":1072,"url":"https:\/\/www.tablaosflamencos.com\/wp-content\/uploads\/la-bienal-empieza-antes-del-9-de-septiembre-primeros-eventos-y-actividades-01.webp","type":"image\/webp"}],"author":"Miguel Ortiz","twitter_card":"summary_large_image","twitter_creator":"@tablaosflamenco","twitter_site":"@tablaosflamenco","twitter_misc":{"Scritto da":"Miguel Ortiz","Tempo di lettura stimato":"17 minuti"},"schema":{"@context":"https:\/\/schema.org","@graph":[{"@type":"Article","@id":"https:\/\/www.tablaosflamencos.com\/it\/biennale-flamenco-siviglia-2026-prima-9-settembre.html#article","isPartOf":{"@id":"https:\/\/www.tablaosflamencos.com\/it\/biennale-flamenco-siviglia-2026-prima-9-settembre.html"},"author":{"name":"Miguel Ortiz","@id":"https:\/\/www.tablaosflamencos.com\/it#\/schema\/person\/e7a9ebe14eb75a52ceabfbffb3c54f5d"},"headline":"La Biennale inizia prima del 9 settembre: primi eventi e attivit\u00e0","datePublished":"2026-08-31T13:23:02+00:00","dateModified":"2026-08-31T13:49:11+00:00","mainEntityOfPage":{"@id":"https:\/\/www.tablaosflamencos.com\/it\/biennale-flamenco-siviglia-2026-prima-9-settembre.html"},"wordCount":3318,"publisher":{"@id":"https:\/\/www.tablaosflamencos.com\/it#organization"},"image":{"@id":"https:\/\/www.tablaosflamencos.com\/it\/biennale-flamenco-siviglia-2026-prima-9-settembre.html#primaryimage"},"thumbnailUrl":"https:\/\/www.tablaosflamencos.com\/wp-content\/uploads\/la-bienal-empieza-antes-del-9-de-septiembre-primeros-eventos-y-actividades-01.webp","keywords":["agenda flamenco","Altre perle","Biennale di Flamenco","Biennale di Flamenco 2026","festival di flamenco","flamenco a Siviglia","Flamenco per le strade","Siviglia"],"articleSection":["Biennale di Flamenco","Notizie \/ Attualit\u00e0"],"inLanguage":"it-IT"},{"@type":"WebPage","@id":"https:\/\/www.tablaosflamencos.com\/it\/biennale-flamenco-siviglia-2026-prima-9-settembre.html","url":"https:\/\/www.tablaosflamencos.com\/it\/biennale-flamenco-siviglia-2026-prima-9-settembre.html","name":"Biennale di Flamenco di Siviglia 2026 prima del 9 settembre | Tablaos Flamencos","isPartOf":{"@id":"https:\/\/www.tablaosflamencos.com\/it#website"},"primaryImageOfPage":{"@id":"https:\/\/www.tablaosflamencos.com\/it\/biennale-flamenco-siviglia-2026-prima-9-settembre.html#primaryimage"},"image":{"@id":"https:\/\/www.tablaosflamencos.com\/it\/biennale-flamenco-siviglia-2026-prima-9-settembre.html#primaryimage"},"thumbnailUrl":"https:\/\/www.tablaosflamencos.com\/wp-content\/uploads\/la-bienal-empieza-antes-del-9-de-septiembre-primeros-eventos-y-actividades-01.webp","datePublished":"2026-08-31T13:23:02+00:00","dateModified":"2026-08-31T13:49:11+00:00","description":"La Biennale di Flamenco di Siviglia 2026 inizia prima del 9 settembre: mostra, flamenco gratuito, cinema e attivit\u00e0 dal 2 all\u20198 settembre.","breadcrumb":{"@id":"https:\/\/www.tablaosflamencos.com\/it\/biennale-flamenco-siviglia-2026-prima-9-settembre.html#breadcrumb"},"inLanguage":"it-IT","potentialAction":[{"@type":"ReadAction","target":["https:\/\/www.tablaosflamencos.com\/it\/biennale-flamenco-siviglia-2026-prima-9-settembre.html"]}]},{"@type":"ImageObject","inLanguage":"it-IT","@id":"https:\/\/www.tablaosflamencos.com\/it\/biennale-flamenco-siviglia-2026-prima-9-settembre.html#primaryimage","url":"https:\/\/www.tablaosflamencos.com\/wp-content\/uploads\/la-bienal-empieza-antes-del-9-de-septiembre-primeros-eventos-y-actividades-01.webp","contentUrl":"https:\/\/www.tablaosflamencos.com\/wp-content\/uploads\/la-bienal-empieza-antes-del-9-de-septiembre-primeros-eventos-y-actividades-01.webp","width":1920,"height":1072,"caption":"La Bienal empieza antes del 9 de septiembre: primeros eventos y actividades"},{"@type":"BreadcrumbList","@id":"https:\/\/www.tablaosflamencos.com\/it\/biennale-flamenco-siviglia-2026-prima-9-settembre.html#breadcrumb","itemListElement":[{"@type":"ListItem","position":1,"name":"Home","item":"https:\/\/www.tablaosflamencos.com\/it"},{"@type":"ListItem","position":2,"name":"La Biennale inizia prima del 9 settembre: primi eventi e attivit\u00e0"}]},{"@type":"WebSite","@id":"https:\/\/www.tablaosflamencos.com\/it#website","url":"https:\/\/www.tablaosflamencos.com\/it","name":"Tablaos Flamencos","description":"Entradas para tablaos flamencos de Espa\u00f1a","publisher":{"@id":"https:\/\/www.tablaosflamencos.com\/it#organization"},"alternateName":"Tablaos Flamencos","potentialAction":[{"@type":"SearchAction","target":{"@type":"EntryPoint","urlTemplate":"https:\/\/www.tablaosflamencos.com\/it?s={search_term_string}"},"query-input":{"@type":"PropertyValueSpecification","valueRequired":true,"valueName":"search_term_string"}}],"inLanguage":"it-IT"},{"@type":["Organization","Place","EntertainmentBusiness"],"@id":"https:\/\/www.tablaosflamencos.com\/it#organization","name":"Tablaos Flamencos","alternateName":"Tablaos Flamencos","url":"https:\/\/www.tablaosflamencos.com\/it","logo":{"@id":"https:\/\/www.tablaosflamencos.com\/it\/biennale-flamenco-siviglia-2026-prima-9-settembre.html#local-main-organization-logo"},"image":{"@id":"https:\/\/www.tablaosflamencos.com\/it\/biennale-flamenco-siviglia-2026-prima-9-settembre.html#local-main-organization-logo"},"sameAs":["https:\/\/www.facebook.com\/tablaosflamencos","https:\/\/x.com\/tablaosflamenco","https:\/\/mastodon.social\/@tablaosflamencos","https:\/\/www.instagram.com\/tablaosflamencos","https:\/\/tiktok.com\/@tablaosflamencos","https:\/\/www.linkedin.com\/company\/109408238\/"],"description":"Venta de entradas para espect\u00e1culos flamencos","legalName":"Tablaos Flamencos","foundingDate":"2015-01-01","numberOfEmployees":{"@type":"QuantitativeValue","minValue":"1","maxValue":"10"},"address":{"@id":"https:\/\/www.tablaosflamencos.com\/it\/biennale-flamenco-siviglia-2026-prima-9-settembre.html#local-main-place-address"},"geo":{"@type":"GeoCoordinates","latitude":"37.3868072","longitude":"-5.993280299999999"},"telephone":["+34623787787"],"contactPoint":{"@type":"ContactPoint","telephone":"+34623787787","email":"info@tablaosflamencos.com"},"openingHoursSpecification":{"@type":"OpeningHoursSpecification","dayOfWeek":["Monday","Tuesday","Wednesday","Thursday","Friday","Saturday","Sunday"],"opens":"00:00","closes":"23:59"},"email":"info@tablaosflamencos.com","priceRange":"$$$","currenciesAccepted":"\u20ac"},{"@type":"Person","@id":"https:\/\/www.tablaosflamencos.com\/it#\/schema\/person\/e7a9ebe14eb75a52ceabfbffb3c54f5d","name":"Miguel Ortiz","description":"Miguel Ortiz es un empresario flamenco, con una s\u00f3lida trayectoria dentro del sector. Ha presidido entidades culturales vinculadas al flamenco y, cuenta con un amplio recorrido profesional en la gesti\u00f3n y promoci\u00f3n de espect\u00e1culos y tablaos flamencos. Su pasi\u00f3n por la historia y el arte flamenco se refleja en cada art\u00edculo, donde combina experiencia, criterio y un profundo respeto por la tradici\u00f3n.","sameAs":["https:\/\/www.tablaosflamencos.com","https:\/\/www.instagra.com\/miguelortizfe","https:\/\/www.linkedin.com\/in\/miguelortizf\/"],"birthDate":"1984-11-22","gender":"hombre","knowsLanguage":["espa\u00f1ol","ingl\u00e9s"],"jobTitle":"Empresario flamenco"},{"@type":"PostalAddress","@id":"https:\/\/www.tablaosflamencos.com\/it\/biennale-flamenco-siviglia-2026-prima-9-settembre.html#local-main-place-address","streetAddress":"C\/ Alemanes, 19","addressLocality":"Sevilla","postalCode":"41004","addressRegion":"Sevilla","addressCountry":"ES"},{"@type":"ImageObject","inLanguage":"it-IT","@id":"https:\/\/www.tablaosflamencos.com\/it\/biennale-flamenco-siviglia-2026-prima-9-settembre.html#local-main-organization-logo","url":"https:\/\/www.tablaosflamencos.com\/wp-content\/uploads\/tablaos-flamencos-06-3.webp","contentUrl":"https:\/\/www.tablaosflamencos.com\/wp-content\/uploads\/tablaos-flamencos-06-3.webp","width":600,"height":620,"caption":"Tablaos Flamencos"}]},"geo.placename":"Sevilla","geo.position":{"lat":"37.3868072","long":"-5.993280299999999"},"geo.region":"Spagna"},"_links":{"self":[{"href":"https:\/\/www.tablaosflamencos.com\/it\/wp-json\/wp\/v2\/posts\/13623","targetHints":{"allow":["GET"]}}],"collection":[{"href":"https:\/\/www.tablaosflamencos.com\/it\/wp-json\/wp\/v2\/posts"}],"about":[{"href":"https:\/\/www.tablaosflamencos.com\/it\/wp-json\/wp\/v2\/types\/post"}],"author":[{"embeddable":true,"href":"https:\/\/www.tablaosflamencos.com\/it\/wp-json\/wp\/v2\/users\/1"}],"replies":[{"embeddable":true,"href":"https:\/\/www.tablaosflamencos.com\/it\/wp-json\/wp\/v2\/comments?post=13623"}],"version-history":[{"count":5,"href":"https:\/\/www.tablaosflamencos.com\/it\/wp-json\/wp\/v2\/posts\/13623\/revisions"}],"predecessor-version":[{"id":13644,"href":"https:\/\/www.tablaosflamencos.com\/it\/wp-json\/wp\/v2\/posts\/13623\/revisions\/13644"}],"wp:featuredmedia":[{"embeddable":true,"href":"https:\/\/www.tablaosflamencos.com\/it\/wp-json\/wp\/v2\/media\/13615"}],"wp:attachment":[{"href":"https:\/\/www.tablaosflamencos.com\/it\/wp-json\/wp\/v2\/media?parent=13623"}],"wp:term":[{"taxonomy":"category","embeddable":true,"href":"https:\/\/www.tablaosflamencos.com\/it\/wp-json\/wp\/v2\/categories?post=13623"},{"taxonomy":"post_tag","embeddable":true,"href":"https:\/\/www.tablaosflamencos.com\/it\/wp-json\/wp\/v2\/tags?post=13623"}],"curies":[{"name":"wp","href":"https:\/\/api.w.org\/{rel}","templated":true}]}}