{"id":13581,"date":"2026-08-30T18:38:34","date_gmt":"2026-08-30T16:38:34","guid":{"rendered":"https:\/\/www.tablaosflamencos.com\/?p=13581"},"modified":"2026-08-31T13:47:58","modified_gmt":"2026-08-31T11:47:58","slug":"cafes-cantantes-siviglia","status":"publish","type":"post","link":"https:\/\/www.tablaosflamencos.com\/it\/cafes-cantantes-siviglia.html","title":{"rendered":"Caf\u00e9s cantantes a Siviglia: storia, locali e ruolo nello sviluppo del flamenco"},"content":{"rendered":"<section class=\"l-section wpb_row height_huge\"><div class=\"l-section-h i-cf\"><div class=\"g-cols vc_row via_flex valign_middle type_default stacking_default\"><div class=\"vc_col-sm-12 wpb_column vc_column_container\"><div class=\"vc_column-inner\"><div class=\"wpb_wrapper\"><div class=\"g-cols wpb_row via_flex valign_top type_default stacking_default\"><div class=\"vc_col-sm-6 wpb_column vc_column_container\"><div class=\"vc_column-inner\"><div class=\"wpb_wrapper\"><div class=\"wpb_text_column\"><div class=\"wpb_wrapper\"><h2>Caf\u00e9s cantantes a Siviglia: i palcoscenici che trasformarono il flamenco<\/h2>\n<p>Parlare della storia del flamenco a Siviglia significa necessariamente soffermarsi sui <strong>caf\u00e9s cantantes<\/strong>. Durante la seconda met\u00e0 del XIX secolo e i primi decenni del XX, questi locali cambiarono il modo di lavorare di cantanti, ballerini e chitarristi, crearono un pubblico stabile, favorirono la circolazione degli artisti tra le citt\u00e0 e contribuirono a trasformare un repertorio ancora in formazione in uno spettacolo professionale con regole, gerarchie, protagonisti e spazi scenici propri.<\/p>\n<p>Non furono, tuttavia, un\u2019invenzione improvvisa n\u00e9 funcionarono tutti nello stesso modo. Prima che i caff\u00e8 flamenco raggiungessero la loro et\u00e0 dell\u2019oro esistevano accademie di danza, saloni, caf\u00e9-concert, teatri e locali di intrattenimento in cui convivevano danze bolere, canzoni, numeri comici, musica popolare e spettacoli che poco a poco iniziarono a essere definiti \u00abflamencos\u00bb.<\/p>\n<p>Siviglia fu uno dei grandi laboratori di questo processo. Intorno a nomi come <strong>Silverio Franconetti<\/strong> e <strong>Manuel Ojeda \u00abEl Burrero\u00bb<\/strong>, e a locali come il Sal\u00f3n del Recreo, il Caf\u00e9 de Silverio, il Caf\u00e9 del Burrero o il successivo Sal\u00f3n Novedades, il flamenco acquist\u00f2 una dimensione pubblica e professionale che sarebbe stata decisiva per la sua evoluzione.<\/p>\n<p>Questo articolo ricostruisce quella storia attraverso la stampa storica, ricerche accademiche e studi di flamencologia, distinguendo inoltre tra dati ben documentati e alcune affermazioni tradizionali che oggi richiedono maggiore cautela.<\/p>\n<\/div><\/div><\/div><\/div><\/div><div class=\"vc_col-sm-6 wpb_column vc_column_container\"><div class=\"vc_column-inner\"><div class=\"wpb_wrapper\"><div class=\"w-image us_custom_f1169fbd has_aspect_ratio align_center meta_simple\"><div class=\"w-image-h\"><img fetchpriority=\"high\" decoding=\"async\" width=\"1024\" height=\"799\" src=\"https:\/\/www.tablaosflamencos.com\/wp-content\/uploads\/cafes-cantantes-en-sevilla-historia-locales-y-papel-en-el-desarrollo-del-flamenco-01-1024x799.webp\" class=\"attachment-large size-large\" alt=\"Caf\u00e9 Cantante | Reproducci\u00f3n por Miguel Ortiz\" loading=\"eager\" srcset=\"https:\/\/www.tablaosflamencos.com\/wp-content\/uploads\/cafes-cantantes-en-sevilla-historia-locales-y-papel-en-el-desarrollo-del-flamenco-01-1024x799.webp 1024w, https:\/\/www.tablaosflamencos.com\/wp-content\/uploads\/cafes-cantantes-en-sevilla-historia-locales-y-papel-en-el-desarrollo-del-flamenco-01-300x234.webp 300w, https:\/\/www.tablaosflamencos.com\/wp-content\/uploads\/cafes-cantantes-en-sevilla-historia-locales-y-papel-en-el-desarrollo-del-flamenco-01-1536x1198.webp 1536w, https:\/\/www.tablaosflamencos.com\/wp-content\/uploads\/cafes-cantantes-en-sevilla-historia-locales-y-papel-en-el-desarrollo-del-flamenco-01-600x468.webp 600w, https:\/\/www.tablaosflamencos.com\/wp-content\/uploads\/cafes-cantantes-en-sevilla-historia-locales-y-papel-en-el-desarrollo-del-flamenco-01-150x117.webp 150w, https:\/\/www.tablaosflamencos.com\/wp-content\/uploads\/cafes-cantantes-en-sevilla-historia-locales-y-papel-en-el-desarrollo-del-flamenco-01.webp 1920w\" sizes=\"auto, (max-width: 1024px) 100vw, 1024px\" \/><\/div><div class=\"w-image-meta\"><div class=\"w-image-title\">Caf\u00e9 Cantante | Reproducci\u00f3n por Miguel Ortiz<\/div><div class=\"w-image-description\">Caf\u00e9 Cantante | Reproducci\u00f3n por Miguel Ortiz<\/div><\/div><\/div><\/div><\/div><\/div><\/div><div class=\"w-separator size_medium\"><\/div><div class=\"wpb_text_column\"><div class=\"wpb_wrapper\"><h2>Risposta rapida<\/h2>\n<p>I <strong>caf\u00e9s cantantes di Siviglia<\/strong> erano locali di intrattenimento con servizio di bevande e spettacoli dal vivo che ebbero un ruolo fondamentale nel consolidamento del flamenco nel XIX secolo e all\u2019inizio del XX. Non tutti erano dedicati esclusivamente al genere, ma i pi\u00f9 influenti professionalizzarono gli artisti, formarono gruppi stabili, svilupparono un mercato degli ingaggi e favorirono la concorrenza e lo scambio di repertori.<\/p>\n<p>Tra i nomi essenziali spiccano il <strong>Caf\u00e9 de Silverio<\/strong>, aperto in Calle Rosario nel 1881; il <strong>Caf\u00e9 del Burrero<\/strong>, prima in Calle Tarifa e dal 1888 in Calle Sierpes; e il <strong>Sal\u00f3n Novedades<\/strong>, aperto nel 1897 accanto a La Campana. La loro eredit\u00e0 pu\u00f2 essere rintracciata nei successivi tablaos flamencos, anche se caf\u00e9 cantante e tablao non sono esattamente la stessa istituzione storica.<\/p>\n<\/div><\/div><\/div><\/div><\/div><\/div><\/div><\/section><section class=\"l-section wpb_row height_huge color_alternate with_shape\"><div class=\"l-section-shape type_zigzag pos_top\" style=\"height:3vmin;\"><svg xmlns=\"http:\/\/www.w3.org\/2000\/svg\" viewBox=\"0 0 64 8\" preserveAspectRatio=\"none\" width=\"100%\" height=\"100%\">\r\n\t<path fill=\"currentColor\" d=\"M64 8 L0 8 L0 0 L20 7.9 L40 3 L48 5 L64 0 Z\"\/>\r\n<\/svg><\/div><div class=\"l-section-shape type_zigzag pos_bottom\" style=\"height:3vmin;\"><svg xmlns=\"http:\/\/www.w3.org\/2000\/svg\" viewBox=\"0 0 64 8\" preserveAspectRatio=\"none\" width=\"100%\" height=\"100%\">\r\n\t<path fill=\"currentColor\" d=\"M64 8 L0 8 L0 0 L20 7.9 L40 3 L48 5 L64 0 Z\"\/>\r\n<\/svg><\/div><div class=\"l-section-h i-cf\"><div class=\"g-cols vc_row via_flex valign_top type_default stacking_default\"><div class=\"vc_col-sm-1\/5 wpb_column vc_column_container\"><div class=\"vc_column-inner\"><div class=\"wpb_wrapper\"><\/div><\/div><\/div><div class=\"vc_col-sm-3\/5 wpb_column vc_column_container\"><div class=\"vc_column-inner\"><div class=\"wpb_wrapper\"><div class=\"wpb_text_column\"><div class=\"wpb_wrapper\"><h2 style=\"text-align: center;\">Contenuto di questa guida<\/h2>\n<ul>\n<li><a href=\"#que-eran\">Cosa erano realmente i caf\u00e9s cantantes<\/a><\/li>\n<li><a href=\"#antes-cafes\">Cosa c\u2019era prima: accademie, saloni e caf\u00e9-concert<\/a><\/li>\n<li><a href=\"#lombardos\">Il problema di Los Lombardos e del \u00abprimo caf\u00e9 cantante\u00bb<\/a><\/li>\n<li><a href=\"#salon-oriente\">Il Sal\u00f3n de Oriente e la parola \u00abflamenco\u00bb nel 1866<\/a><\/li>\n<li><a href=\"#silverio\">Silverio Franconetti e la costruzione del modello professionale<\/a><\/li>\n<li><a href=\"#burrero\">Il Caf\u00e9 del Burrero<\/a><\/li>\n<li><a href=\"#cafe-silverio\">Il Caf\u00e9 de Silverio di Calle Rosario<\/a><\/li>\n<li><a href=\"#novedades\">Il Sal\u00f3n Novedades<\/a><\/li>\n<li><a href=\"#otros-locales\">Altri caff\u00e8 e saloni flamenco di Siviglia<\/a><\/li>\n<li><a href=\"#profesionalizacion\">Come professionalizzarono il flamenco<\/a><\/li>\n<li><a href=\"#cante\">Il loro effetto sul canto<\/a><\/li>\n<li><a href=\"#baile\">Il loro effetto sulla danza<\/a><\/li>\n<li><a href=\"#guitarra\">Il loro effetto sulla chitarra<\/a><\/li>\n<li><a href=\"#mujeres\">Ballerine, cantanti e disuguaglianza professionale<\/a><\/li>\n<li><a href=\"#publico\">Pubblico, turismo, stampa e cattiva reputazione<\/a><\/li>\n<li><a href=\"#declive\">Il declino dei caf\u00e9s cantantes<\/a><\/li>\n<li><a href=\"#legado\">Dal caf\u00e9 cantante al tablao moderno<\/a><\/li>\n<li><a href=\"#faq\">Domande frequenti<\/a><\/li>\n<\/ul>\n<\/div><\/div><\/div><\/div><\/div><div class=\"vc_col-sm-1\/5 wpb_column vc_column_container\"><div class=\"vc_column-inner\"><div class=\"wpb_wrapper\"><\/div><\/div><\/div><\/div><\/div><\/section><section class=\"l-section wpb_row height_huge\"><div class=\"l-section-h i-cf\"><div class=\"g-cols vc_row via_flex valign_top type_default stacking_default\"><div class=\"vc_col-sm-12 wpb_column vc_column_container\"><div class=\"vc_column-inner\"><div class=\"wpb_wrapper\"><div class=\"wpb_text_column\"><div class=\"wpb_wrapper\"><h2 id=\"que-eran\">Cosa erano realmente i caf\u00e9s cantantes<\/h2>\n<p>Il termine <em>caf\u00e9 cantante<\/em> pu\u00f2 far pensare a una sorta di tablao flamenco ottocentesco, ma la realt\u00e0 era pi\u00f9 varia. In senso ampio, erano luoghi di socialit\u00e0 e intrattenimento in cui il consumo di bevande si combinava con esibizioni musicali e sceniche. Il repertorio poteva comprendere canzoni, danze nazionali, scuola bolera, numeri di variet\u00e0 e, progressivamente, canto e danza flamenco.<\/p>\n<p>Le ricerche di Miguel Ortiz e Mercedes G\u00f3mez-Garc\u00eda Plata sui caff\u00e8 di Siviglia e Madrid sottolineano proprio questo carattere di <strong>industria urbana dell\u2019intrattenimento<\/strong>. Lo spettacolo musicale smise di essere soltanto un\u2019attivit\u00e0 occasionale e divenne parte di un\u2019attivit\u00e0 organizzata: c\u2019erano orari, imprenditori, artisti sotto contratto, pubblicit\u00e0, concorrenza tra locali e una clientela in grado di confrontare i diversi programmi.<\/p>\n<p>I locali disponevano solitamente di una sala con tavoli, servizio di bevande e una pedana o un palcoscenico. L\u2019iconografia conservata mostra specchi, quadri, manifesti e decorazioni costumbriste. Lo spazio scenico era relativamente piccolo e avvicinava molto artisti e spettatori, una prossimit\u00e0 che in seguito sarebbe diventata caratteristica anche del tablao flamenco.<\/p>\n<p>Non bisogna per\u00f2 immaginare fin dall\u2019inizio una programmazione esclusivamente \u00abjonda\u00bb. La specializzazione fu graduale. Il flamenco guadagn\u00f2 terreno all\u2019interno di un\u2019offerta scenica molto pi\u00f9 eterogenea, finch\u00e9 alcuni imprenditori compresero che canto, danza e chitarra potevano sostenere da soli un programma e attirare un pubblico fedele.<\/p>\n<\/div><\/div><div class=\"w-separator size_medium\"><\/div><div class=\"wpb_text_column\"><div class=\"wpb_wrapper\"><h2 id=\"antes-cafes\">Prima dei caff\u00e8: accademie, saloni e spettacoli di danza<\/h2>\n<p>I caf\u00e9s cantantes non nacquero dal nulla. Nella Siviglia di met\u00e0 Ottocento esistevano gi\u00e0 <strong>accademie di danza<\/strong> e saloni in cui maestri della scuola bolera organizzavano spettacoli per sivigliani e viaggiatori. Questi spazi furono decisivi perch\u00e9 riunirono pratiche che fino ad allora potevano trovarsi disperse tra feste, danze popolari, teatri e riunioni private.<\/p>\n<p>La ricerca sulla scuola sivigliana di danza mostra che durante gli anni Sessanta dell\u2019Ottocento le cosiddette danze flamenco acquisirono un ruolo sempre maggiore in questi saloni. Il confine tra accademia, sala da ballo, caf\u00e9-concert e caf\u00e9 cantante non era sempre netto: alcuni locali cambiarono pi\u00f9 volte nome, proprietario e orientamento, e lo stesso spazio poteva combinare l\u2019insegnamento di giorno con gli spettacoli serali.<\/p>\n<p>Questa continuit\u00e0 aiuta a capire perch\u00e9 sia rischioso cercare una data esatta per la \u00abnascita\u00bb del caf\u00e9 cantante flamenco. Si verific\u00f2 piuttosto una trasformazione progressiva dell\u2019intrattenimento urbano sivigliano fino alla creazione di uno spazio sempre pi\u00f9 specializzato in artisti gi\u00e0 riconosciuti come flamencos.<\/p>\n<\/div><\/div><\/div><\/div><\/div><\/div><\/div><\/section><section class=\"l-section wpb_row height_huge color_alternate with_shape\"><div class=\"l-section-shape type_zigzag pos_top\" style=\"height:3vmin;\"><svg xmlns=\"http:\/\/www.w3.org\/2000\/svg\" viewBox=\"0 0 64 8\" preserveAspectRatio=\"none\" width=\"100%\" height=\"100%\">\r\n\t<path fill=\"currentColor\" d=\"M64 8 L0 8 L0 0 L20 7.9 L40 3 L48 5 L64 0 Z\"\/>\r\n<\/svg><\/div><div class=\"l-section-shape type_zigzag pos_bottom\" style=\"height:3vmin;\"><svg xmlns=\"http:\/\/www.w3.org\/2000\/svg\" viewBox=\"0 0 64 8\" preserveAspectRatio=\"none\" width=\"100%\" height=\"100%\">\r\n\t<path fill=\"currentColor\" d=\"M64 8 L0 8 L0 0 L20 7.9 L40 3 L48 5 L64 0 Z\"\/>\r\n<\/svg><\/div><div class=\"l-section-h i-cf\"><div class=\"g-cols vc_row via_flex valign_top type_default stacking_default\"><div class=\"vc_col-sm-12 wpb_column vc_column_container\"><div class=\"vc_column-inner\"><div class=\"wpb_wrapper\"><div class=\"wpb_text_column\"><div class=\"wpb_wrapper\"><h2 id=\"lombardos\">Los Lombardos: fu davvero il primo caf\u00e9 cantante di Siviglia?<\/h2>\n<p>Una delle storie pi\u00f9 ripetute colloca l\u2019origine dei caf\u00e9s cantantes sivigliani nel <strong>Caf\u00e9 de los Lombardos<\/strong>. Fernando el de Triana lo menzion\u00f2 decenni pi\u00f9 tardi in <em>Arte y artistas flamencos<\/em>, e Jos\u00e9 Blas Vega lo incorpor\u00f2 nella storiografia classica del genere.<\/p>\n<p>Le ricerche successive impongono per\u00f2 di sfumare questa affermazione. G\u00f3mez-Garc\u00eda Plata, lavorando sulla stampa sivigliana dell\u2019epoca e sulle ricerche di Jos\u00e9 Luis Ortiz Nuevo, osserva che il locale aperto nel <strong>1847<\/strong> funzionava in relazione con il Teatro de San Fernando e che nei suoi primi annunci non compaiono ancora le caratteristiche che in seguito associamo a un caff\u00e8 flamenco specializzato.<\/p>\n<p>Per questo, la formulazione pi\u00f9 prudente non \u00e8 affermare che Los Lombardos fu \u00abil primo tablao flamenco\u00bb di Siviglia, bens\u00ec considerarlo uno dei <strong>primi antecedenti della cultura dei caff\u00e8 e degli spettacoli<\/strong> che avrebbe infine condotto al caf\u00e9 cantante flamenco.<\/p>\n<p>C\u2019\u00e8 inoltre un esempio del perch\u00e9 le fonti debbano essere trattate con cautela: alcune versioni moderne hanno associato al locale artisti nati decenni dopo la sua presunta prima fase. La memoria flamenca \u00e8 ricchissima, ma non sempre funziona come una cronologia documentaria esatta.<\/p>\n<\/div><\/div><div class=\"w-separator size_medium\"><\/div><div class=\"wpb_text_column\"><div class=\"wpb_wrapper\"><h2 id=\"salon-oriente\">Il Sal\u00f3n de Oriente e una data chiave: 21 aprile 1866<\/h2>\n<p>Molto pi\u00f9 solida \u00e8 la documentazione che circonda il <strong>Sal\u00f3n de Oriente<\/strong>, collegato anche al nome Sal\u00f3n Barrera e alla famiglia di maestri di danza Barrera. Il 21 aprile 1866 fu pubblicato a Siviglia un annuncio per un \u00abgrande concerto di danze del paese con canti e danze flamencos\u00bb.<\/p>\n<p>Questo annuncio \u00e8 molto importante perch\u00e9 mostra come la parola <strong>flamenco<\/strong> cominciasse a funzionare pubblicamente come denominazione di un tipo specifico di canto e danza, sostituendo o convivendo con espressioni precedenti come \u00abcanti andalusi\u00bb, \u00abdanze del paese\u00bb o \u00aballa gitana\u00bb.<\/p>\n<p>Non significa che il flamenco sia nato quel giorno. Dimostra per\u00f2 che verso la met\u00e0 degli anni Sessanta dell\u2019Ottocento il pubblico sivigliano era in grado di riconoscere un\u2019offerta scenica descritta come flamenca e che gli imprenditori ritenevano quella parola abbastanza attraente da usarla nella pubblicit\u00e0.<\/p>\n<p>Il Sal\u00f3n de Oriente rappresenta quindi il ponte tra le accademie di danza e la fase dei grandi caff\u00e8 professionali che domineranno i decenni successivi.<\/p>\n<\/div><\/div><\/div><\/div><\/div><\/div><\/div><\/section><section class=\"l-section wpb_row height_huge\"><div class=\"l-section-h i-cf\"><div class=\"g-cols vc_row via_flex valign_top type_default stacking_default\"><div class=\"vc_col-sm-12 wpb_column vc_column_container\"><div class=\"vc_column-inner\"><div class=\"wpb_wrapper\"><div class=\"wpb_text_column\"><div class=\"wpb_wrapper\"><h2 id=\"silverio\" style=\"text-align: center;\">Silverio Franconetti e la nascita di un\u2019industria del flamenco<\/h2>\n<p style=\"text-align: center;\">Se esiste una figura inseparabile dalla professionalizzazione del flamenco nei caff\u00e8 sivigliani, \u00e8 Silverio Franconetti. Pi\u00f9 che aver \u00abinventato\u00bb il flamenco o inaugurato il primo locale di intrattenimento con canto, la sua importanza risiede nell\u2019aver compreso il genere come uno spettacolo professionale organizzato.<\/p>\n<\/div><\/div><div class=\"w-separator size_medium\"><\/div><div class=\"wpb_text_column\"><div class=\"wpb_wrapper\"><h3>Artista e imprenditore<\/h3>\n<p>Silverio riuniva due qualit\u00e0 decisive: era un cantante di enorme prestigio e, allo stesso tempo, comprendeva la logica imprenditoriale dello spettacolo. Questo gli permetteva di selezionare artisti, progettare programmi e utilizzare il proprio nome come garanzia di qualit\u00e0.<\/p>\n<h3>Un repertorio da ascoltare<\/h3>\n<p>La presenza di un grande cantante in veste di imprenditore contribu\u00ec ad aumentare il peso del canto in locali in cui inizialmente la danza poteva essere l\u2019attrazione principale. Il pubblico cominci\u00f2 a frequentarli anche per ascoltare stili e confrontare interpreti.<\/p>\n<h3>Una rete di artisti<\/h3>\n<p>Sui suoi palcoscenici passarono interpreti provenienti da diverse citt\u00e0 andaluse. Questa mobilit\u00e0 favor\u00ec lo scambio di repertori, varianti e modi di interpretare, riducendo l\u2019isolamento delle tradizioni strettamente locali.<\/p>\n<\/div><\/div><div class=\"w-separator size_medium\"><\/div><div class=\"wpb_text_column\"><div class=\"wpb_wrapper\"><p>Negli anni Settanta dell\u2019Ottocento Silverio appare legato alla direzione e alla programmazione di spazi sivigliani come il Sal\u00f3n del Recreo. Nel <strong>1878<\/strong> apr\u00ec inoltre un caf\u00e9 cantante estivo nell\u2019Alameda de H\u00e9rcules, documentato dalla stampa. Poco dopo, nel 1881, si separ\u00f2 da Manuel Ojeda e apr\u00ec in Calle Rosario il locale che sarebbe rimasto definitivamente associato al suo nome.<\/p>\n<p>La bibliografia discute perfino alcuni dettagli biografici di Silverio, compreso il suo anno esatto di nascita, il che consiglia di non costruire la storia dei caff\u00e8 su date biografiche non essenziali. Ci\u00f2 che \u00e8 fuori discussione \u00e8 che mor\u00ec nel 1889 e che a quel punto la sua influenza sulla configurazione professionale del flamenco era gi\u00e0 straordinaria.<\/p>\n<\/div><\/div><\/div><\/div><\/div><\/div><\/div><\/section><section class=\"l-section wpb_row height_huge color_alternate with_shape\"><div class=\"l-section-shape type_zigzag pos_top\" style=\"height:3vmin;\"><svg xmlns=\"http:\/\/www.w3.org\/2000\/svg\" viewBox=\"0 0 64 8\" preserveAspectRatio=\"none\" width=\"100%\" height=\"100%\">\r\n\t<path fill=\"currentColor\" d=\"M64 8 L0 8 L0 0 L20 7.9 L40 3 L48 5 L64 0 Z\"\/>\r\n<\/svg><\/div><div class=\"l-section-shape type_zigzag pos_bottom\" style=\"height:3vmin;\"><svg xmlns=\"http:\/\/www.w3.org\/2000\/svg\" viewBox=\"0 0 64 8\" preserveAspectRatio=\"none\" width=\"100%\" height=\"100%\">\r\n\t<path fill=\"currentColor\" d=\"M64 8 L0 8 L0 0 L20 7.9 L40 3 L48 5 L64 0 Z\"\/>\r\n<\/svg><\/div><div class=\"l-section-h i-cf\"><div class=\"g-cols vc_row via_flex valign_top type_default stacking_default\"><div class=\"vc_col-sm-12 wpb_column vc_column_container\"><div class=\"vc_column-inner\"><div class=\"wpb_wrapper\"><div class=\"wpb_text_column\"><div class=\"wpb_wrapper\"><h2 id=\"burrero\">Il Caf\u00e9 del Burrero: concorrenza, spettacolo e leggenda<\/h2>\n<p><strong>Manuel Ojeda Rodr\u00edguez<\/strong>, conosciuto come El Burrero, fu un altro dei grandi imprenditori dell\u2019epoca. Secondo la tradizione biografica, il soprannome derivava dal suo legame giovanile con la vendita di latte d\u2019asina. La sua carriera incroci\u00f2 quella di Silverio nell\u2019antico Sal\u00f3n del Recreo di Calle Tarifa.<\/p>\n<p>Le denominazioni del locale cambiano a seconda delle fasi e delle fonti: Sal\u00f3n del Recreo, Caf\u00e9 de la Escalerilla, Caf\u00e9 de Manuel Ojeda e infine Caf\u00e9 del Burrero. L\u2019aspetto importante \u00e8 che, dopo la separazione dei due imprenditori nel 1881, <strong>Ojeda mantenne un proprio locale e divenne il principale concorrente di Silverio<\/strong>.<\/p>\n<p>Nel <strong>1888<\/strong> El Burrero si trasfer\u00ec al numero 11 di Calle Sierpes, in un locale pi\u00f9 grande con accessi verso strade vicine. Qui raggiunse una fama enorme e rimase approssimativamente fino al 1897.<\/p>\n<p>Tra gli artisti associati ai suoi palcoscenici compaiono nomi come <strong>Fosforito el Viejo, El Canario, Concha La Carbonera, La Pe\u00f1aranda, Gabriela Ortega<\/strong> e altri interpreti fondamentali del periodo.<\/p>\n<\/div><\/div><div class=\"w-separator size_medium\"><\/div><div class=\"g-cols wpb_row via_flex valign_middle type_default stacking_default\"><div class=\"vc_col-sm-6 wpb_column vc_column_container\"><div class=\"vc_column-inner\"><div class=\"wpb_wrapper\"><div class=\"wpb_text_column\"><div class=\"wpb_wrapper\"><h2>La fotografia pi\u00f9 famosa di un caf\u00e9 cantante<\/h2>\n<p>Il Caf\u00e9 del Burrero possiede inoltre un\u2019eccezionale importanza documentaria grazie alle fotografie di <strong>Emilio Beauchy Cano<\/strong>. La celebre immagine intitolata semplicemente <em>Caf\u00e9 Cantante<\/em> mostra un numeroso gruppo di artisti su una pedana e il pubblico seduto ai tavoli.<\/p>\n<p>Per molto tempo la fotografia \u00e8 stata datata automaticamente al 1881 o al 1888. Le ricerche fotografiche attuali sono pi\u00f9 caute: Beauchy Photo colloca l\u2019insieme delle copie note negli <strong>anni Ottanta dell\u2019Ottocento<\/strong> e riconosce che la datazione esatta rimane aperta, anche se esistono esemplari venduti prima del 1891.<\/p>\n<p>L\u2019immagine \u00e8 preziosa non soltanto per i possibili nomi dei protagonisti. Permette di osservare l\u2019organizzazione fisica del locale, la presenza maggioritaria di donne nel corpo di ballo, la chitarra come accompagnamento, la pedana rialzata, i tavoli, le bevande e la vicinanza tra spettacolo e clientela.<\/p>\n<p>\u00c8 probabilmente la rappresentazione visiva che ha fissato meglio nel nostro immaginario l\u2019aspetto di un caf\u00e9 cantante flamenco del XIX secolo.<\/p>\n<\/div><\/div><\/div><\/div><\/div><div class=\"vc_col-sm-6 wpb_column vc_column_container\"><div class=\"vc_column-inner\"><div class=\"wpb_wrapper\"><div class=\"w-image align_center\"><div class=\"w-image-h\"><img decoding=\"async\" width=\"1024\" height=\"800\" src=\"https:\/\/www.tablaosflamencos.com\/wp-content\/uploads\/cafes-cantantes-en-sevilla-historia-locales-y-papel-en-el-desarrollo-del-flamenco-01-1-1024x800.webp\" class=\"attachment-large size-large\" alt=\"Caf\u00e9s cantantes en Sevilla: historia, locales y papel en el desarrollo del flamenco\" loading=\"eager\" srcset=\"https:\/\/www.tablaosflamencos.com\/wp-content\/uploads\/cafes-cantantes-en-sevilla-historia-locales-y-papel-en-el-desarrollo-del-flamenco-01-1-1024x800.webp 1024w, https:\/\/www.tablaosflamencos.com\/wp-content\/uploads\/cafes-cantantes-en-sevilla-historia-locales-y-papel-en-el-desarrollo-del-flamenco-01-1-300x234.webp 300w, https:\/\/www.tablaosflamencos.com\/wp-content\/uploads\/cafes-cantantes-en-sevilla-historia-locales-y-papel-en-el-desarrollo-del-flamenco-01-1-1536x1200.webp 1536w, https:\/\/www.tablaosflamencos.com\/wp-content\/uploads\/cafes-cantantes-en-sevilla-historia-locales-y-papel-en-el-desarrollo-del-flamenco-01-1-600x469.webp 600w, https:\/\/www.tablaosflamencos.com\/wp-content\/uploads\/cafes-cantantes-en-sevilla-historia-locales-y-papel-en-el-desarrollo-del-flamenco-01-1-150x117.webp 150w, https:\/\/www.tablaosflamencos.com\/wp-content\/uploads\/cafes-cantantes-en-sevilla-historia-locales-y-papel-en-el-desarrollo-del-flamenco-01-1.webp 1920w\" sizes=\"auto, (max-width: 1024px) 100vw, 1024px\" \/><\/div><\/div><\/div><\/div><\/div><\/div><\/div><\/div><\/div><\/div><\/div><\/section><section class=\"l-section wpb_row height_huge\"><div class=\"l-section-h i-cf\"><div class=\"g-cols vc_row via_flex valign_top type_default stacking_default\"><div class=\"vc_col-sm-12 wpb_column vc_column_container\"><div class=\"vc_column-inner\"><div class=\"wpb_wrapper\"><div class=\"wpb_text_column\"><div class=\"wpb_wrapper\"><h2 id=\"cafe-silverio\">Il Caf\u00e9 de Silverio di Calle Rosario<\/h2>\n<p>Dopo aver sciolto la societ\u00e0 con Ojeda, Silverio apr\u00ec nel <strong>1881<\/strong> un nuovo caff\u00e8 al numero 4 di Calle Rosario, nel pieno centro di Siviglia. Questo \u00e8 il locale che deve essere correttamente identificato come il grande <strong>Caf\u00e9 de Silverio<\/strong> della sua fase matura.<\/p>\n<p>La sua reputazione si basava sulla qualit\u00e0 del cast e sull\u2019autorit\u00e0 artistica del proprietario. Antonio Machado y \u00c1lvarez, <strong>Dem\u00f3filo<\/strong>, conobbe personalmente Silverio e trov\u00f2 in quell\u2019ambiente informazioni decisive per la sua <em>Colecci\u00f3n de cantes flamencos<\/em>, pubblicata nel 1881, una delle opere fondative degli studi sul flamenco.<\/p>\n<p>Tra gli artisti associati all\u2019ambiente del caff\u00e8 troviamo <strong>Antonio Chac\u00f3n, La Serneta, La Parrala, La Macarrona, La Malena<\/strong> e numerosi cantanti e ballerine che sarebbero entrati nel canone storico del flamenco.<\/p>\n<p>La rivalit\u00e0 con El Burrero aliment\u00f2 inoltre una vera competizione per i migliori artisti e per il pubblico. Pi\u00f9 che un aneddoto pittoresco, quella concorrenza \u00e8 una delle chiavi dell\u2019evoluzione estetica del periodo: chi voleva mantenere la propria clientela doveva offrire grandi nomi, novit\u00e0 e spettacoli memorabili.<\/p>\n<\/div><\/div><div class=\"w-separator size_medium\"><\/div><div class=\"wpb_text_column\"><div class=\"wpb_wrapper\"><h2>Una correzione importante: Silverio non fond\u00f2 il Sal\u00f3n Novedades del 1897<\/h2>\n<p>Alcune pubblicazioni moderne hanno mescolato due cronologie diverse e attribuiscono a Silverio un presunto \u00abCaf\u00e9 Novedades\u00bb a La Campana prima del 1889. Questa affermazione non coincide con la documentazione disponibile sul grande <strong>Sal\u00f3n Novedades<\/strong> che conosciamo storicamente.<\/p>\n<p>Il locale di La Campana fu fondato nel <strong>1897<\/strong> da <strong>Fernando Gonz\u00e1lez de la Serna y Pino<\/strong>, otto anni dopo la morte di Silverio. Le fonti dell\u2019epoca e gli studi successivi lo presentano proprio come un\u2019iniziativa destinata a recuperare lo spazio artistico lasciato dai caff\u00e8 di Silverio, El Burrero e altri locali storici.<\/p>\n<p>Pu\u00f2 esserci stata confusione tra diversi esercizi, denominazioni commerciali o programmazioni precedenti, ma non \u00e8 rigoroso presentare il Novedades del 1897 come una seconda sede di Silverio.<\/p>\n<p>Questa distinzione \u00e8 importante perch\u00e9 mostra fino a che punto la storia orale e la ripetizione bibliografica possano finire per fondere locali e date differenti.<\/p>\n<\/div><\/div><\/div><\/div><\/div><\/div><\/div><\/section><section class=\"l-section wpb_row height_huge color_alternate with_shape\"><div class=\"l-section-shape type_zigzag pos_top\" style=\"height:3vmin;\"><svg xmlns=\"http:\/\/www.w3.org\/2000\/svg\" viewBox=\"0 0 64 8\" preserveAspectRatio=\"none\" width=\"100%\" height=\"100%\">\r\n\t<path fill=\"currentColor\" d=\"M64 8 L0 8 L0 0 L20 7.9 L40 3 L48 5 L64 0 Z\"\/>\r\n<\/svg><\/div><div class=\"l-section-shape type_zigzag pos_bottom\" style=\"height:3vmin;\"><svg xmlns=\"http:\/\/www.w3.org\/2000\/svg\" viewBox=\"0 0 64 8\" preserveAspectRatio=\"none\" width=\"100%\" height=\"100%\">\r\n\t<path fill=\"currentColor\" d=\"M64 8 L0 8 L0 0 L20 7.9 L40 3 L48 5 L64 0 Z\"\/>\r\n<\/svg><\/div><div class=\"l-section-h i-cf\"><div class=\"g-cols vc_row via_flex valign_top type_default stacking_default\"><div class=\"vc_col-sm-12 wpb_column vc_column_container\"><div class=\"vc_column-inner\"><div class=\"wpb_wrapper\"><div class=\"wpb_text_column\"><div class=\"wpb_wrapper\"><h2 id=\"novedades\" style=\"text-align: center;\">Il Sal\u00f3n Novedades: il grande caff\u00e8 della generazione successiva<\/h2>\n<p style=\"text-align: center;\">Aperto nel 1897 nei pressi di La Campana, il Novedades appartiene gi\u00e0 a una fase successiva a Silverio. Rappresenta la continuit\u00e0 del modello del caf\u00e9 cantante quando il flamenco era pienamente professionalizzato e cominciavano a crescere nuove forme di intrattenimento urbano.<\/p>\n<h3>Ubicazione<\/h3>\n<p>Si trovava al numero 7 dell\u2019antica Calle Santa Mar\u00eda de Gracia, all\u2019angolo vicino a Mart\u00edn Villa e La Campana. Per decenni l\u2019edificio fece parte del paesaggio di uno dei punti pi\u00f9 frequentati di Siviglia.<\/p>\n<h3>Artisti<\/h3>\n<p>Sul suo palcoscenico passarono figure come Manuel Torre, La Coquinera, La Ni\u00f1a de los Peines e altri artisti che collegano la fase classica dei caff\u00e8 al flamenco del primo terzo del XX secolo.<\/p>\n<h3>Fine<\/h3>\n<p>L\u2019edificio scomparve nel 1923. La sua demolizione fu documentata fotograficamente e venne percepita da parte della societ\u00e0 sivigliana come la perdita di uno spazio carico di memoria popolare e flamenca.<\/p>\n<\/div><\/div><div class=\"w-separator size_medium\"><\/div><div class=\"wpb_text_column\"><div class=\"wpb_wrapper\"><p>L\u2019importanza del Novedades permette inoltre di correggere una visione troppo semplice della storia: i caf\u00e9s cantantes non finirono con la morte di Silverio e non furono sostituiti di colpo dai teatri. Il processo fu graduale e, nei primi decenni del XX secolo, convivevano caff\u00e8, saloni, music-hall, teatri, variet\u00e0 e nuove formule di spettacolo.<\/p>\n<\/div><\/div><\/div><\/div><\/div><\/div><\/div><\/section><section class=\"l-section wpb_row height_huge\"><div class=\"l-section-h i-cf\"><div class=\"g-cols vc_row via_flex valign_top type_default stacking_default\"><div class=\"vc_col-sm-12 wpb_column vc_column_container\"><div class=\"vc_column-inner\"><div class=\"wpb_wrapper\"><div class=\"wpb_text_column\"><div class=\"wpb_wrapper\"><h2 id=\"otros-locales\">Altri caf\u00e9s cantantes, saloni e spazi flamenco di Siviglia<\/h2>\n<p>Ridurre la storia sivigliana a Silverio, El Burrero e Novedades significherebbe lasciare fuori una rete molto pi\u00f9 ampia di locali. Le guide urbane, la stampa e la bibliografia specializzata citano numerosi spazi che, con intensit\u00e0 e durata diverse, ospitarono spettacoli flamenco.<\/p>\n<h3>Caf\u00e9 Filarm\u00f3nico<\/h3>\n<p>Attivo nell\u2019area dell\u2019Alameda e di Amor de Dios, compare nella documentazione degli anni Settanta dell\u2019Ottocento come uno dei locali che incorporarono spettacoli flamenco. La stampa arriv\u00f2 a contrapporre la scarsa affluenza ai concerti di musica classica al tutto esaurito dei saloni \u00abfilarmonico-flamencos\u00bb.<\/p>\n<h3>Caf\u00e9 de Variedades e Sal\u00f3n de Variedades<\/h3>\n<p>In fasi diverse e in sedi vicine all\u2019Alameda, questi spazi mostrano la continuit\u00e0 tra variet\u00e0, danza e flamenco. Nel XX secolo il Sal\u00f3n de Variedades fece parte della vita notturna della zona fino agli anni Trenta.<\/p>\n<h3>Caf\u00e9 del Arenal e Caf\u00e9 de la Marina<\/h3>\n<p>Anche la zona vicina all\u2019Arenal e all\u2019attuale Garc\u00eda de Vinuesa ebbe caff\u00e8 legati allo spettacolo. La loro documentazione \u00e8 meno abbondante rispetto a quella dei grandi nomi, ma aiuta a comprendere l\u2019ampiezza geografica del fenomeno.<\/p>\n<h3>Caf\u00e9 Teatro Suizo<\/h3>\n<p>Situato in Calle Sierpes, fu un importante spazio di intrattenimento ottocentesco. La sua programmazione non era esclusivamente flamenca, ma fa parte dell\u2019ecosistema di caff\u00e8, teatri e saloni in cui si svilupp\u00f2 lo spettacolo sivigliano.<\/p>\n<h3>I caff\u00e8 Los Cagajones e Las Triperas<\/h3>\n<p>La tradizione flamencologica ricorda questi nomi popolari in relazione a zone del centro oggi trasformate. Sono esempi di locali la cui storia viene ricostruita attraverso memorie di artisti, stampa e riferimenti sparsi.<\/p>\n<h3>Kursaal, Ideal Concert, Olimpia ed El Tron\u00edo<\/h3>\n<p>Nel XX secolo, locali come il Kursaal, Ideal Concert, Sal\u00f3n Olimpia o El Tron\u00edo mostrano l\u2019evoluzione verso caf\u00e9-concert e spazi di variet\u00e0 che prolungarono la presenza del flamenco nella notte sivigliana mentre cambiava il modello imprenditoriale.<\/p>\n<\/div><\/div><\/div><\/div><\/div><\/div><\/div><\/section><section class=\"l-section wpb_row height_huge color_alternate with_shape\"><div class=\"l-section-shape type_zigzag pos_top\" style=\"height:3vmin;\"><svg xmlns=\"http:\/\/www.w3.org\/2000\/svg\" viewBox=\"0 0 64 8\" preserveAspectRatio=\"none\" width=\"100%\" height=\"100%\">\r\n\t<path fill=\"currentColor\" d=\"M64 8 L0 8 L0 0 L20 7.9 L40 3 L48 5 L64 0 Z\"\/>\r\n<\/svg><\/div><div class=\"l-section-shape type_zigzag pos_bottom\" style=\"height:3vmin;\"><svg xmlns=\"http:\/\/www.w3.org\/2000\/svg\" viewBox=\"0 0 64 8\" preserveAspectRatio=\"none\" width=\"100%\" height=\"100%\">\r\n\t<path fill=\"currentColor\" d=\"M64 8 L0 8 L0 0 L20 7.9 L40 3 L48 5 L64 0 Z\"\/>\r\n<\/svg><\/div><div class=\"l-section-h i-cf\"><div class=\"g-cols vc_row via_flex valign_top type_default stacking_default\"><div class=\"vc_col-sm-12 wpb_column vc_column_container\"><div class=\"vc_column-inner\"><div class=\"wpb_wrapper\"><div class=\"wpb_text_column\"><div class=\"wpb_wrapper\"><h2 id=\"profesionalizacion\" style=\"text-align: center;\">Perch\u00e9 i caf\u00e9s cantantes furono decisivi per professionalizzare il flamenco<\/h2>\n<p style=\"text-align: center;\">La grande trasformazione non fu soltanto artistica. I caff\u00e8 crearono una struttura economica capace di trasformare il flamenco in un lavoro continuativo per un numero crescente di interpreti.<\/p>\n<p>Prima di questa fase, un cantante o un ballerino poteva esibirsi in feste private, ventas, taverne, celebrazioni familiari o spettacoli occasionali. Il caf\u00e9 cantante introdusse la possibilit\u00e0 di <strong>lavorare regolarmente davanti a un pubblico che pagava indirettamente lo spettacolo attraverso le consumazioni<\/strong> e, in determinati periodi, tramite biglietti o altre formule commerciali.<\/p>\n<p>Nacque cos\u00ec un rapporto stabile tra imprenditore e artista. Si formarono  <strong>gruppi flamenco<\/strong>, si negoziarono compensi, si pubblicizzarono le grandi figure e si programmarono le sessioni. Il successo di un interprete poteva aumentarne il cachet e spingere un caff\u00e8 rivale a tentare di ingaggiarlo.<\/p>\n<p>L\u2019espansione della ferrovia e il miglioramento delle comunicazioni facilitarono inoltre gli spostamenti tra Siviglia, Cadice, Jerez, Cordova, Malaga e Madrid. L\u2019artista professionista smise di dipendere esclusivamente dal proprio ambiente immediato e pot\u00e9 costruire una carriera in diverse citt\u00e0.<\/p>\n<p>Questa mobilit\u00e0 ebbe un effetto artistico profondo: stili associati a famiglie o zone specifiche iniziarono a essere ascoltati fuori dal luogo d\u2019origine. Gli interpreti imparavano gli uni dagli altri e il pubblico cominci\u00f2 a riconoscere repertori, scuole e personalit\u00e0.<\/p>\n<\/div><\/div><\/div><\/div><\/div><\/div><\/div><\/section><section class=\"l-section wpb_row height_huge\"><div class=\"l-section-h i-cf\"><div class=\"g-cols vc_row via_flex valign_top type_default stacking_default\"><div class=\"vc_col-sm-12 wpb_column vc_column_container\"><div class=\"vc_column-inner\"><div class=\"wpb_wrapper\"><div class=\"wpb_text_column\"><div class=\"wpb_wrapper\"><h2 id=\"cante\">Il canto: da intermezzo a centro dell\u2019attenzione<\/h2>\n<p>Nei primi saloni la danza aveva un\u2019enorme capacit\u00e0 di attrazione visiva. Il canto poteva apparire come accompagnamento o tra un numero di danza e l\u2019altro. L\u2019epoca dei caff\u00e8 favor\u00ec anche l\u2019abitudine del pubblico ad <strong>ascoltare il cantante come protagonista<\/strong>.<\/p>\n<p>Figure come Silverio, Chac\u00f3n, Juan Breva o Fosforito erano in grado di richiamare appassionati per il solo nome. Il confronto tra artisti gener\u00f2 un pubblico sempre pi\u00f9 specializzato e attento agli stili, ai tercios, alle varianti melodiche e alla personalit\u00e0 interpretativa.<\/p>\n<p>Questa evoluzione non deve essere intesa come una \u00abfissazione\u00bb assoluta dei palos. Il flamenco rimaneva orale e mutevole. Ma la ripetizione pubblica dei repertori e la concorrenza contribuirono a rendere molte forme pi\u00f9 chiaramente riconoscibili e a trasformare alcuni stili personali in modelli trasmessi alle generazioni successive.<\/p>\n<\/div><\/div><div class=\"w-separator size_medium\"><\/div><div class=\"wpb_text_column\"><div class=\"wpb_wrapper\"><h2 id=\"baile\">La danza: il palcoscenico in legno modifica la tecnica<\/h2>\n<p>La storiografia della danza considera l\u2019epoca dei caff\u00e8 uno dei periodi pi\u00f9 decisivi per il suo consolidamento. Il nuovo palcoscenico in legno rese il lavoro dei piedi pi\u00f9 udibile e permise di sviluppare lo <strong>zapateado<\/strong> con una precisione e una spettacolarit\u00e0 difficili da ottenere in altri spazi.<\/p>\n<p>Gli studi di Juan Zagalaz e Javier Cach\u00f3n-Zagalaz riassumono un ampio consenso: in questi anni i ritmi si disciplinano, si consolidano i canoni scenici e cresce la professionalizzazione. La danza si rende progressivamente indipendente dal canto e acquisisce una propria personalit\u00e0 artistica.<\/p>\n<p>A questa fase viene attribuito anche il consolidamento di elementi visivi e stilistici che sarebbero diventati emblematici della danza flamenca, anche se le date precise variano secondo gli autori. Sole\u00e1, alegr\u00edas e tangos compaiono ripetutamente nelle fonti; pi\u00f9 tardi acquisteranno peso farruca, garrot\u00edn e altri stili.<\/p>\n<\/div><\/div><div class=\"w-separator size_medium\"><\/div><div class=\"wpb_text_column\"><div class=\"wpb_wrapper\"><h2 id=\"guitarra\">La chitarra: da accompagnamento a professione specializzata<\/h2>\n<p>La chitarra acquis\u00ec un ruolo sempre pi\u00f9 definito come strumento essenziale del flamenco. Il caf\u00e9 cantante aveva bisogno di chitarristi capaci di accompagnare diversi cantanti e ballerini, adattarsi a repertori differenti e rispondere in tempo reale a chiamate, chiusure e cambi di dinamica.<\/p>\n<p>Questa domanda professionale favor\u00ec la specializzazione del <strong>chitarrista accompagnatore flamenco<\/strong>. Lo strumento svilupp\u00f2 risorse proprie di accompagnamento e, progressivamente, spazi strumentali pi\u00f9 ampi attraverso falsetas e assoli.<\/p>\n<p>Questa fase si collega a figure come Paco de Lucena e altri chitarristi che prepararono il terreno per la grande evoluzione della chitarra flamenca nel XX secolo. La chitarra smise di essere un semplice supporto armonico e divenne uno dei tre linguaggi fondamentali dello spettacolo flamenco.<\/p>\n<\/div><\/div><\/div><\/div><\/div><\/div><\/div><\/section><section class=\"l-section wpb_row height_huge color_alternate with_shape\"><div class=\"l-section-shape type_zigzag pos_top\" style=\"height:3vmin;\"><svg xmlns=\"http:\/\/www.w3.org\/2000\/svg\" viewBox=\"0 0 64 8\" preserveAspectRatio=\"none\" width=\"100%\" height=\"100%\">\r\n\t<path fill=\"currentColor\" d=\"M64 8 L0 8 L0 0 L20 7.9 L40 3 L48 5 L64 0 Z\"\/>\r\n<\/svg><\/div><div class=\"l-section-shape type_zigzag pos_bottom\" style=\"height:3vmin;\"><svg xmlns=\"http:\/\/www.w3.org\/2000\/svg\" viewBox=\"0 0 64 8\" preserveAspectRatio=\"none\" width=\"100%\" height=\"100%\">\r\n\t<path fill=\"currentColor\" d=\"M64 8 L0 8 L0 0 L20 7.9 L40 3 L48 5 L64 0 Z\"\/>\r\n<\/svg><\/div><div class=\"l-section-h i-cf\"><div class=\"g-cols vc_row via_flex valign_top type_default stacking_default\"><div class=\"vc_col-sm-12 wpb_column vc_column_container\"><div class=\"vc_column-inner\"><div class=\"wpb_wrapper\"><div class=\"wpb_text_column\"><div class=\"wpb_wrapper\"><h2 id=\"mujeres\">Ballerine e cantanti: protagoniste con compensi diseguali<\/h2>\n<p>Le donne furono assolutamente centrali nel successo visivo e artistico dei caf\u00e9s cantantes. L\u2019iconografia dell\u2019epoca mostra gruppi con numerose ballerine e la storiografia segnala che, nella danza, esse superavano ampiamente gli uomini per numero.<\/p>\n<p>Nomi come <strong>La Macarrona, La Malena, Concha La Carbonera, La Serneta, La Parrala, Gabriela Ortega o La Coquinera<\/strong> fanno parte della storia di questi palcoscenici. Attraverso di loro si svilupparono stili, risorse sceniche, modi di muovere braccia e torso e un\u2019estetica che influenz\u00f2 profondamente la danza successiva.<\/p>\n<p>La professionalizzazione, tuttavia, non elimin\u00f2 le disuguaglianze. Le fonti studiate dagli storici ricordano che i compensi delle donne potevano essere molto inferiori a quelli dei grandi cantanti uomini. Un riferimento molto citato sugli anni Novanta dell\u2019Ottocento colloca Chac\u00f3n e Juan Breva tra i pi\u00f9 pagati, mentre perfino una figura come La Macarrona guadagnava notevolmente meno.<\/p>\n<p>Le artiste dovettero inoltre sopportare una forte stigmatizzazione morale. Il lavoro notturno, il contatto con i clienti e l\u2019associazione tra alcuni caff\u00e8 e ambienti di prostituzione e vita notturna generarono pregiudizi che colpirono in particolare ballerine e cantanti.<\/p>\n<\/div><\/div><div class=\"w-separator size_medium\"><\/div><div class=\"wpb_text_column\"><div class=\"wpb_wrapper\"><h2 id=\"publico\">Un nuovo pubblico: appassionati, giovani benestanti, viaggiatori e curiosi<\/h2>\n<p>I caf\u00e9s cantantes ampliarono il pubblico del flamenco. Vi si recavano appassionati popolari, lavoratori, borghesi, giovani di famiglie agiate, viaggiatori e stranieri attratti dall\u2019immagine romantica dell\u2019Andalusia.<\/p>\n<p>Questa mescolanza sociale non fu sempre armoniosa. I caff\u00e8 erano inseriti nella vita notturna e alcuni furono teatro di risse, furti, prostituzione, consumo eccessivo di alcol e altri episodi spesso enfatizzati dalla stampa. La morte di <strong>El Canario<\/strong> nel 1885 accanto al locale estivo legato a El Burrero contribu\u00ec enormemente alla leggenda nera di questi ambienti.<\/p>\n<p>Sarebbe per\u00f2 un errore ridurli a luoghi marginali o violenti. Allo stesso tempo erano <strong>centri artistici di primo livello<\/strong>, frequentati da scrittori, giornalisti, fotografi e viaggiatori. Questo sguardo esterno contribu\u00ec a documentare il flamenco e a diffonderlo oltre i suoi circuiti originari.<\/p>\n<p>Anche la stampa fu fondamentale. Gli annunci permettevano di conoscere programmi, nomi degli artisti e orari; le cronache e i fatti di cronaca documentavano la vita quotidiana dei locali. Gran parte di ci\u00f2 che oggi sappiamo sul flamenco ottocentesco proviene proprio da quelle pagine di giornale.<\/p>\n<\/div><\/div><\/div><\/div><\/div><\/div><\/div><\/section><section class=\"l-section wpb_row height_huge\"><div class=\"l-section-h i-cf\"><div class=\"g-cols vc_row via_flex valign_top type_default stacking_default\"><div class=\"vc_col-sm-12 wpb_column vc_column_container\"><div class=\"vc_column-inner\"><div class=\"wpb_wrapper\"><div class=\"wpb_text_column\"><div class=\"wpb_wrapper\"><h2 style=\"text-align: center;\">Una cronologia indicativa dei caf\u00e9s cantantes sivigliani<\/h2>\n<p style=\"text-align: center;\">Le date vanno lette come riferimenti di un\u2019evoluzione complessa: molti locali cambiarono nome, proprietario o attivit\u00e0, e alcune cronologie sono ancora oggetto di discussione.<\/p>\n<\/div><\/div><div class=\"w-separator size_medium\"><\/div><div class=\"wpb_text_column\"><div class=\"wpb_wrapper\"><h3>1847 \u00b7 Los Lombardos<\/h3>\n<p>Un primo antecedente della cultura dei caff\u00e8 e degli spettacoli. La sua condizione di primo caff\u00e8 flamenco specializzato non pu\u00f2 essere considerata dimostrata.<\/p>\n<h3>1866 \u00b7 Sal\u00f3n de Oriente<\/h3>\n<p>Un annuncio sivigliano utilizza l\u2019espressione \u00abcanti e danze flamencos\u00bb, prova che la nuova denominazione era gi\u00e0 in uso pubblicamente.<\/p>\n<h3>1881 \u00b7 Silverio ed El Burrero<\/h3>\n<p>La separazione dei due imprenditori apre una fase di forte rivalit\u00e0: Silverio inaugura il suo grande caff\u00e8 in Calle Rosario e Ojeda mantiene la propria attivit\u00e0.<\/p>\n<h3>1897 \u00b7 Sal\u00f3n Novedades<\/h3>\n<p>La nuova generazione di caff\u00e8 prende il testimone a La Campana e prolunga la vita del modello fino al primo quarto del XX secolo.<\/p>\n<\/div><\/div><\/div><\/div><\/div><\/div><\/div><\/section><section class=\"l-section wpb_row height_huge color_alternate with_shape\"><div class=\"l-section-shape type_zigzag pos_top\" style=\"height:3vmin;\"><svg xmlns=\"http:\/\/www.w3.org\/2000\/svg\" viewBox=\"0 0 64 8\" preserveAspectRatio=\"none\" width=\"100%\" height=\"100%\">\r\n\t<path fill=\"currentColor\" d=\"M64 8 L0 8 L0 0 L20 7.9 L40 3 L48 5 L64 0 Z\"\/>\r\n<\/svg><\/div><div class=\"l-section-shape type_zigzag pos_bottom\" style=\"height:3vmin;\"><svg xmlns=\"http:\/\/www.w3.org\/2000\/svg\" viewBox=\"0 0 64 8\" preserveAspectRatio=\"none\" width=\"100%\" height=\"100%\">\r\n\t<path fill=\"currentColor\" d=\"M64 8 L0 8 L0 0 L20 7.9 L40 3 L48 5 L64 0 Z\"\/>\r\n<\/svg><\/div><div class=\"l-section-h i-cf\"><div class=\"g-cols vc_row via_flex valign_top type_default stacking_default\"><div class=\"vc_col-sm-12 wpb_column vc_column_container\"><div class=\"vc_column-inner\"><div class=\"wpb_wrapper\"><div class=\"wpb_text_column\"><div class=\"wpb_wrapper\"><h2 id=\"declive\" style=\"text-align: center;\">Perch\u00e9 scomparvero i caf\u00e9s cantantes<\/h2>\n<p style=\"text-align: center;\">Non ci fu un\u2019unica causa n\u00e9 un giorno in cui chiusero tutti. Il modello perse progressivamente centralit\u00e0 mentre cambiavano la citt\u00e0, la legislazione e l\u2019industria dell\u2019intrattenimento.<\/p>\n<p>Nel <strong>1908<\/strong> un\u2019ordinanza ministeriale impose che determinate esibizioni notturne terminassero a mezzanotte, una misura legata alle ripetute lamentele per rumore, disordini e moralit\u00e0 pubblica. Fu un colpo per l\u2019attivit\u00e0, ma non signific\u00f2 la chiusura immediata di tutti i locali.<\/p>\n<p>Nello stesso periodo crescevano i teatri, i caf\u00e9-concert, il cinema e le variet\u00e0. Il pubblico disponeva di pi\u00f9 opzioni di svago e gli artisti flamenco cominciarono a trovare opportunit\u00e0 su palcoscenici di maggiore capacit\u00e0.<\/p>\n<p>La tecnologia aggiunse un altro cambiamento. Le prime registrazioni fonografiche e, successivamente, i dischi permisero di ascoltare gli artisti fuori dai locali. Il flamenco cominciava a diventare anche un\u2019industria discografica.<\/p>\n<p>Durante gli anni Dieci e Venti del Novecento il grande spettacolo flamenco si spost\u00f2 progressivamente verso teatri, arene e tourn\u00e9e di maggior formato. La cosiddetta <strong>\u00d3pera Flamenca<\/strong> non nacque da un giorno all\u2019altro, ma come parte di questa trasformazione imprenditoriale. Alcuni caff\u00e8 e saloni sopravvissero fino agli anni Venti e persino Trenta, ma ormai all\u2019interno di un ecosistema dell\u2019intrattenimento diverso.<\/p>\n<\/div><\/div><\/div><\/div><\/div><\/div><\/div><\/section><section class=\"l-section wpb_row height_huge\"><div class=\"l-section-h i-cf\"><div class=\"g-cols vc_row via_flex valign_top type_default stacking_default\"><div class=\"vc_col-sm-12 wpb_column vc_column_container\"><div class=\"vc_column-inner\"><div class=\"wpb_wrapper\"><div class=\"wpb_text_column\"><div class=\"wpb_wrapper\"><h2 id=\"legado\">Dal caf\u00e9 cantante al tablao flamenco<\/h2>\n<p>I tablaos che si consolidarono a met\u00e0 del XX secolo ereditarono diversi tratti dei caf\u00e9s cantantes: vicinanza tra pubblico e artisti, spettacolo organizzato in gruppi, combinazione di canto, danza e chitarra, ingaggi professionali e possibilit\u00e0 di accompagnare la funzione con bevande o ristorazione.<\/p>\n<p>Non sono per\u00f2 esattamente la stessa cosa. Il caf\u00e9 cantante apparteneva a una cultura urbana dell\u2019intrattenimento molto specifica, in cui il flamenco conviveva con altre forme di spettacolo e con codici sociali propri del XIX secolo. Il tablao moderno nasce in un altro contesto turistico, discografico e teatrale.<\/p>\n<p>Nonostante ci\u00f2, la genealogia \u00e8 evidente. Senza la professionalizzazione iniziata nei caff\u00e8 sarebbe difficile spiegare la figura dell\u2019imprenditore flamenco, il gruppo artistico stabile, la gerarchia degli artisti, la struttura di una funzione o la stessa idea di ascoltare il flamenco in un locale specializzato.<\/p>\n<p>Per questo i caf\u00e9s cantantes non devono essere studiati come una curiosit\u00e0 scomparsa. Costituiscono uno dei capitoli che meglio spiegano <strong>come il flamenco pass\u00f2 da pratiche sociali e sceniche disperse a una moderna professione artistica<\/strong>.<\/p>\n<\/div><\/div><div class=\"w-separator size_medium\"><\/div><div class=\"wpb_text_column\"><div class=\"wpb_wrapper\"><h2>Siviglia come laboratorio del flamenco moderno<\/h2>\n<p>Il ruolo di Siviglia non fu esclusivo: Cadice, Jerez, Malaga, Granada, Cordova, Madrid e altre citt\u00e0 svilupparono anch\u2019esse circuiti essenziali. Ma la capitale andalusa riun\u00ec una combinazione straordinaria di artisti, imprenditori, pubblico, viaggiatori, stampa e spazi scenici.<\/p>\n<p>La concentrazione dei caff\u00e8 nel centro e nell\u2019Alameda, il collegamento ferroviario con altri centri flamenco e l\u2019enorme attrattiva della citt\u00e0 per i visitatori contribuirono a fare di Siviglia una grande piazza professionale.<\/p>\n<p>Nei suoi caff\u00e8 si incontrarono artisti gitani e non gitani, interpreti di province diverse, maestri della scuola bolera e nuove generazioni flamenco. Questo contatto continuo acceler\u00f2 prestiti, rivalit\u00e0 e trasformazioni stilistiche.<\/p>\n<p>Pi\u00f9 che affermare che \u00abil flamenco nacque nei caff\u00e8\u00bb, \u00e8 storicamente pi\u00f9 preciso dire che <strong>nei caf\u00e9s cantantes il flamenco acquis\u00ec gran parte della forma professionale, scenica e pubblica con cui entr\u00f2 nel XX secolo<\/strong>.<\/p>\n<\/div><\/div><\/div><\/div><\/div><\/div><\/div><\/section><section class=\"l-section wpb_row height_huge color_alternate with_shape\"><div class=\"l-section-shape type_zigzag pos_top\" style=\"height:3vmin;\"><svg xmlns=\"http:\/\/www.w3.org\/2000\/svg\" viewBox=\"0 0 64 8\" preserveAspectRatio=\"none\" width=\"100%\" height=\"100%\">\r\n\t<path fill=\"currentColor\" d=\"M64 8 L0 8 L0 0 L20 7.9 L40 3 L48 5 L64 0 Z\"\/>\r\n<\/svg><\/div><div class=\"l-section-shape type_zigzag pos_bottom\" style=\"height:3vmin;\"><svg xmlns=\"http:\/\/www.w3.org\/2000\/svg\" viewBox=\"0 0 64 8\" preserveAspectRatio=\"none\" width=\"100%\" height=\"100%\">\r\n\t<path fill=\"currentColor\" d=\"M64 8 L0 8 L0 0 L20 7.9 L40 3 L48 5 L64 0 Z\"\/>\r\n<\/svg><\/div><div class=\"l-section-h i-cf\"><div class=\"g-cols vc_row via_flex valign_top type_default stacking_default\"><div class=\"vc_col-sm-1\/5 wpb_column vc_column_container\"><div class=\"vc_column-inner\"><div class=\"wpb_wrapper\"><\/div><\/div><\/div><div class=\"vc_col-sm-3\/5 wpb_column vc_column_container\"><div class=\"vc_column-inner\"><div class=\"wpb_wrapper\"><div class=\"wpb_text_column\"><div class=\"wpb_wrapper\"><h2 id=\"faq\" style=\"text-align: center;\">Domande frequenti sui caf\u00e9s cantantes di Siviglia<\/h2>\n<\/div><\/div><div class=\"w-separator size_medium\"><\/div><div class=\"w-tabs accordion toggle_style_1 has_scrolling\" style=\"--sections-title-size:inherit;--sections-gap:0.5rem;\"><div class=\"w-tabs-sections titles-align_none icon_chevron cpos_right\"><div class=\"w-tabs-section\" id=\"ja88\"><button type=\"button\" class=\"w-tabs-section-header\" aria-controls=\"content-ja88\" aria-expanded=\"false\"><div class=\"w-tabs-section-title\">Cos\u2019era un caf\u00e9 cantante?<\/div><div class=\"w-tabs-section-control\"><\/div><\/button><div  class=\"w-tabs-section-content\" id=\"content-ja88\"><div class=\"w-tabs-section-content-h i-cf\"><div class=\"wpb_text_column\"><div class=\"wpb_wrapper\"><p>Era un locale di intrattenimento con servizio di bevande e spettacoli musicali o di danza. In Andalusia e a Madrid molti incorporarono il flamenco e alcuni finirono per specializzarsi in canto, danza e chitarra, anche se non tutti offrivano esclusivamente repertorio flamenco.<\/p>\n<\/div><\/div><\/div><\/div><\/div><div class=\"w-tabs-section\" id=\"db79\"><button type=\"button\" class=\"w-tabs-section-header\" aria-controls=\"content-db79\" aria-expanded=\"false\"><div class=\"w-tabs-section-title\">Quale fu il primo caf\u00e9 cantante di Siviglia?<\/div><div class=\"w-tabs-section-control\"><\/div><\/button><div  class=\"w-tabs-section-content\" id=\"content-db79\"><div class=\"w-tabs-section-content-h i-cf\"><div class=\"wpb_text_column\"><div class=\"wpb_wrapper\"><p>Non esiste una risposta completamente definitiva. La tradizione flamencologica ha citato il Caf\u00e9 de los Lombardos, aperto nel 1847, ma la ricerca sulla stampa storica indica che nella sua prima fase non pu\u00f2 essere considerato senza riserve un caff\u00e8 flamenco specializzato. Le accademie e i saloni dei decenni successivi mostrano una transizione progressiva verso il modello propriamente flamenco.<\/p>\n<\/div><\/div><\/div><\/div><\/div><div class=\"w-tabs-section\" id=\"mc4d\"><button type=\"button\" class=\"w-tabs-section-header\" aria-controls=\"content-mc4d\" aria-expanded=\"false\"><div class=\"w-tabs-section-title\">Quando apr\u00ec il Caf\u00e9 de Silverio?<\/div><div class=\"w-tabs-section-control\"><\/div><\/button><div  class=\"w-tabs-section-content\" id=\"content-mc4d\"><div class=\"w-tabs-section-content-h i-cf\"><div class=\"wpb_text_column\"><div class=\"wpb_wrapper\"><p>Il grande Caf\u00e9 de Silverio di Calle Rosario 4 apr\u00ec nel 1881 dopo la separazione professionale tra Silverio Franconetti e Manuel Ojeda \u00abEl Burrero\u00bb. Silverio aveva gi\u00e0 diretto e programmato altri spazi e nel 1878 apr\u00ec anche un caf\u00e9 cantante estivo nell\u2019Alameda.<\/p>\n<\/div><\/div><\/div><\/div><\/div><div class=\"w-tabs-section\" id=\"ad36\"><button type=\"button\" class=\"w-tabs-section-header\" aria-controls=\"content-ad36\" aria-expanded=\"false\"><div class=\"w-tabs-section-title\">Dove si trovava il Caf\u00e9 del Burrero?<\/div><div class=\"w-tabs-section-control\"><\/div><\/button><div  class=\"w-tabs-section-content\" id=\"content-ad36\"><div class=\"w-tabs-section-content-h i-cf\"><div class=\"wpb_text_column\"><div class=\"wpb_wrapper\"><p>Il locale di Manuel Ojeda fu inizialmente legato all\u2019antico Sal\u00f3n del Recreo di Calle Tarifa, all\u2019angolo con Amor de Dios. Nel 1888 il Caf\u00e9 del Burrero si trasfer\u00ec al numero 11 di Calle Sierpes, dove rimase fino a circa il 1897.<\/p>\n<\/div><\/div><\/div><\/div><\/div><div class=\"w-tabs-section\" id=\"xe05\"><button type=\"button\" class=\"w-tabs-section-header\" aria-controls=\"content-xe05\" aria-expanded=\"false\"><div class=\"w-tabs-section-title\">Silverio Franconetti fond\u00f2 il Sal\u00f3n Novedades?<\/div><div class=\"w-tabs-section-control\"><\/div><\/button><div  class=\"w-tabs-section-content\" id=\"content-xe05\"><div class=\"w-tabs-section-content-h i-cf\"><div class=\"wpb_text_column\"><div class=\"wpb_wrapper\"><p>Non il Sal\u00f3n Novedades di La Campana divenuto celebre alla fine del XIX secolo. Quel locale fu fondato nel 1897 da Fernando Gonz\u00e1lez de la Serna y Pino, otto anni dopo la morte di Silverio. Alcune pubblicazioni moderne mescolano cronologie e locali differenti.<\/p>\n<\/div><\/div><\/div><\/div><\/div><div class=\"w-tabs-section\" id=\"veca\"><button type=\"button\" class=\"w-tabs-section-header\" aria-controls=\"content-veca\" aria-expanded=\"false\"><div class=\"w-tabs-section-title\">Perch\u00e9 i caf\u00e9s cantantes furono cos\u00ec importanti per il flamenco?<\/div><div class=\"w-tabs-section-control\"><\/div><\/button><div  class=\"w-tabs-section-content\" id=\"content-veca\"><div class=\"w-tabs-section-content-h i-cf\"><div class=\"wpb_text_column\"><div class=\"wpb_wrapper\"><p>Perch\u00e9 crearono un circuito professionale stabile. Permisero a molti artisti di essere pagati regolarmente, favorirono la concorrenza e lo scambio tra interpreti di citt\u00e0 diverse, formarono pubblici specializzati e contribuirono al consolidamento tecnico e scenico del canto, della danza e della chitarra.<\/p>\n<\/div><\/div><\/div><\/div><\/div><div class=\"w-tabs-section\" id=\"af93\"><button type=\"button\" class=\"w-tabs-section-header\" aria-controls=\"content-af93\" aria-expanded=\"false\"><div class=\"w-tabs-section-title\">Quali artisti si esibirono nei caf\u00e9s cantantes di Siviglia?<\/div><div class=\"w-tabs-section-control\"><\/div><\/button><div  class=\"w-tabs-section-content\" id=\"content-af93\"><div class=\"w-tabs-section-content-h i-cf\"><div class=\"wpb_text_column\"><div class=\"wpb_wrapper\"><p>Tra molti altri, a questi palcoscenici sono associati Silverio Franconetti, Antonio Chac\u00f3n, Juan Breva, Fosforito el Viejo, El Canario, La Serneta, La Parrala, Concha La Carbonera, La Macarrona, La Malena, Gabriela Ortega, Manuel Torre e La Ni\u00f1a de los Peines, anche se non tutti si esibirono negli stessi locali o negli stessi decenni.<\/p>\n<\/div><\/div><\/div><\/div><\/div><div class=\"w-tabs-section\" id=\"p052\"><button type=\"button\" class=\"w-tabs-section-header\" aria-controls=\"content-p052\" aria-expanded=\"false\"><div class=\"w-tabs-section-title\">Quando scomparvero i caf\u00e9s cantantes?<\/div><div class=\"w-tabs-section-control\"><\/div><\/button><div  class=\"w-tabs-section-content\" id=\"content-p052\"><div class=\"w-tabs-section-content-h i-cf\"><div class=\"wpb_text_column\"><div class=\"wpb_wrapper\"><p>Il loro declino fu progressivo. Un\u2019ordinanza ministeriale del 1908 limit\u00f2 l\u2019attivit\u00e0 notturna, mentre la crescita di teatri, variet\u00e0, cinema e nuove forme di spettacolo and\u00f2 sostituendo il modello. Molti chiusero negli anni Dieci e Venti, anche se alcuni saloni affini sopravvissero fino agli anni Trenta.<\/p>\n<\/div><\/div><\/div><\/div><\/div><div class=\"w-tabs-section\" id=\"l12d\"><button type=\"button\" class=\"w-tabs-section-header\" aria-controls=\"content-l12d\" aria-expanded=\"false\"><div class=\"w-tabs-section-title\">Un caf\u00e9 cantante era la stessa cosa di un tablao flamenco?<\/div><div class=\"w-tabs-section-control\"><\/div><\/button><div  class=\"w-tabs-section-content\" id=\"content-l12d\"><div class=\"w-tabs-section-content-h i-cf\"><div class=\"wpb_text_column\"><div class=\"wpb_wrapper\"><p>Non esattamente. Il tablao moderno eredit\u00f2 caratteristiche fondamentali del caf\u00e9 cantante \u2014 vicinanza, gruppo artistico professionale, canto, danza e chitarra \u2014 ma appartiene a un contesto storico successivo ed \u00e8 generalmente molto pi\u00f9 specializzato nel flamenco.<\/p>\n<\/div><\/div><\/div><\/div><\/div><div class=\"w-tabs-section\" id=\"f1f3\"><button type=\"button\" class=\"w-tabs-section-header\" aria-controls=\"content-f1f3\" aria-expanded=\"false\"><div class=\"w-tabs-section-title\">Si conserva ancora qualche storico caf\u00e9 cantante di Siviglia com\u2019era in origine?<\/div><div class=\"w-tabs-section-control\"><\/div><\/button><div  class=\"w-tabs-section-content\" id=\"content-f1f3\"><div class=\"w-tabs-section-content-h i-cf\"><div class=\"wpb_text_column\"><div class=\"wpb_wrapper\"><p>La maggior parte dei grandi locali scomparve o cambi\u00f2 radicalmente uso. Si conservano fotografie, incisioni, annunci di stampa e documenti che permettono di ricostruirli. La celebre serie fotografica di Emilio Beauchy sul Caf\u00e9 del Burrero \u00e8 una delle testimonianze visive pi\u00f9 importanti.<\/p>\n<\/div><\/div><\/div><\/div><\/div><\/div><\/div><\/div><\/div><\/div><div class=\"vc_col-sm-1\/5 wpb_column vc_column_container\"><div class=\"vc_column-inner\"><div class=\"wpb_wrapper\"><\/div><\/div><\/div><\/div><\/div><\/section><section class=\"l-section wpb_row height_huge\"><div class=\"l-section-h i-cf\"><div class=\"g-cols vc_row via_flex valign_top type_default stacking_default\"><div class=\"vc_col-sm-12 wpb_column vc_column_container\"><div class=\"vc_column-inner\"><div class=\"wpb_wrapper\"><div class=\"wpb_text_column\"><div class=\"wpb_wrapper\"><h2 style=\"text-align: center;\">Fonti e riferimenti per approfondire<\/h2>\n<p style=\"text-align: center;\">La storia dei caf\u00e9s cantantes contiene contraddizioni di date, nomi e ubicazioni. Per questo articolo sono stati privilegiati studi accademici, stampa storica e lavori specialistici che permettono di confrontare la tradizione flamencologica con la documentazione.<\/p>\n<ul>\n<li><a href=\"https:\/\/www.guiasevillana.com\/cafes-cantantes-en-sevilla.html\" target=\"_blank\" rel=\"noopener\">Gu\u00eda Sevillana: Caf\u00e9s cantantes a Siviglia<\/a>, pubblicazione utilizzata come punto di partenza e ampliata criticamente.<\/li>\n<li><a href=\"https:\/\/crec-paris3.fr\/wp-content\/uploads\/2011\/07\/07-gomezm.pdf\" target=\"_blank\" rel=\"noopener\">Mercedes G\u00f3mez-Garc\u00eda Plata: Les caf\u00e9s cantantes de 1850 \u00e0 1900<\/a>, studio accademico su Siviglia e Madrid basato sulla stampa e sulla bibliografia storica.<\/li>\n<li><a href=\"https:\/\/www.flamencoinvestigacion.es\/articulos\/050501-2012\/cafe-cantante-castellano.html\" target=\"_blank\" rel=\"noopener\">Juan Zagalaz e Javier Cach\u00f3n-Zagalaz: La danza flamenca nell\u2019epoca dei caf\u00e9s cantantes<\/a>, rassegna storiografica sulla professionalizzazione e l\u2019evoluzione della danza.<\/li>\n<li><a href=\"https:\/\/www.juntadeandalucia.es\/cultura\/flamenco\/sites\/default\/files\/flamenco\/docs\/revista%2017%20pag%2092-94%20Observatorio-Daniel%20Pineda%20Novo.pdf\" target=\"_blank\" rel=\"noopener\">Istituto Andaluso del Flamenco: Dem\u00f3filo e il flamenco<\/a>, con riferimenti al caff\u00e8 estivo di Silverio e al suo rapporto con Antonio Machado y \u00c1lvarez.<\/li>\n<li><a href=\"https:\/\/beauchyphoto.com\/el-cafe-cantante-el-burrero-de-emilio-beauchy-un-espacio-testimonial-del-germen-del-flamenco-en-sevilla\/\" target=\"_blank\" rel=\"noopener\">Beauchy Photo: Il Caf\u00e9 Cantante del Burrero<\/a>, ricerca sul locale e sulla celebre serie fotografica di Emilio Beauchy.<\/li>\n<li><a href=\"https:\/\/historia-hispanica.rah.es\/biografias\/17276-silverio-franconetti-aguilar\" target=\"_blank\" rel=\"noopener\">Real Academia de la Historia: Silverio Franconetti Aguilar<\/a>.<\/li>\n<li><a href=\"https:\/\/www.diariodesevilla.es\/ocio\/cafes-cantantes-sevilla_0_2003530052.html\" target=\"_blank\" rel=\"noopener\">Diario de Sevilla: I Caf\u00e9s Cantantes di Siviglia<\/a>, rassegna della documentazione letteraria su Novedades e sui caff\u00e8 del primo terzo del XX secolo.<\/li>\n<\/ul>\n<\/div><\/div><div class=\"w-separator size_medium\"><\/div><div class=\"w-hwrapper valign_top wrap stack_on_mobiles align_center\" style=\"--hwrapper-gap:1.2rem\"><div class=\"w-btn-wrapper align_none\"><a class=\"w-btn us-btn-style_1\" href=\"https:\/\/www.tablaosflamencos.com\/it\/cos-e-il-flamenco.html\"><span class=\"w-btn-label\">Leggi cos\u2019\u00e8 il flamenco<\/span><\/a><\/div><div class=\"w-btn-wrapper align_none\"><a class=\"w-btn us-btn-style_1\" href=\"https:\/\/www.tablaosflamencos.com\/it\/flamenco-a-siviglia\"><span class=\"w-btn-label\">Vedi flamenco a Siviglia<\/span><\/a><\/div><\/div><\/div><\/div><\/div><\/div><\/div><\/section>\n","protected":false},"excerpt":{"rendered":"<p>Storia dei caf\u00e9s cantantes di Siviglia: locali principali, artisti, rivalit\u00e0 e ruolo decisivo nella professionalizzazione del flamenco.<\/p>\n","protected":false},"author":1,"featured_media":13572,"comment_status":"closed","ping_status":"closed","sticky":false,"template":"","format":"standard","meta":{"_acf_changed":false,"wpai_generated_summary":"","_ayudawp_aiss_exclude":false,"_ayudawp_aiss_exclude_summary":false,"_ayudawp_aiss_summary":"","_ayudawp_aiss_summary_provider":"","_ayudawp_aiss_summary_hash":"","footnotes":""},"categories":[361],"tags":[1648,1649,1646,1398,1403,1402,1652,1650,1647,1651,1401],"class_list":["post-13581","post","type-post","status-publish","format-standard","has-post-thumbnail","hentry","category-storia-del-flamenco","tag-cafe-de-silverio-it","tag-cafe-del-burrero-it","tag-cafes-cantantes-it","tag-cante-flamenco-it","tag-chitarra-flamenca","tag-danza-flamenca","tag-flamenco-a-siviglia","tag-salon-novedades-it","tag-silverio-franconetti-it","tag-siviglia","tag-storia-del-flamenco"],"acf":[],"yoast_head":"<!-- This site is optimized with the Yoast SEO Premium plugin v28.3 (Yoast SEO v28.3) - https:\/\/yoast.com\/product\/yoast-seo-premium-wordpress\/ -->\n<title>Caf\u00e9s cantantes a Siviglia: storia e locali | Tablaos Flamencos<\/title>\n<meta name=\"description\" content=\"Storia dei caf\u00e9s cantantes a Siviglia: Silverio, El Burrero, Novedades e il loro ruolo nella professionalizzazione di canto, danza e chitarra flamenca.\" \/>\n<meta name=\"robots\" content=\"index, follow, max-snippet:-1, max-image-preview:large, max-video-preview:-1\" \/>\n<link rel=\"canonical\" href=\"https:\/\/www.tablaosflamencos.com\/it\/cafes-cantantes-siviglia.html\" \/>\n<meta property=\"og:locale\" content=\"it_IT\" \/>\n<meta property=\"og:type\" content=\"article\" \/>\n<meta property=\"og:title\" content=\"Caf\u00e9s cantantes a Siviglia: storia, locali e ruolo nello sviluppo del flamenco\" \/>\n<meta property=\"og:description\" content=\"Storia dei caf\u00e9s cantantes a Siviglia: Silverio, El Burrero, Novedades e il loro ruolo nella professionalizzazione di canto, danza e chitarra flamenca.\" \/>\n<meta property=\"og:url\" content=\"https:\/\/www.tablaosflamencos.com\/it\/cafes-cantantes-siviglia.html\" \/>\n<meta property=\"og:site_name\" content=\"Tablaos Flamencos\" \/>\n<meta property=\"article:publisher\" content=\"https:\/\/www.facebook.com\/tablaosflamencos\" \/>\n<meta property=\"article:published_time\" content=\"2026-08-30T16:38:34+00:00\" \/>\n<meta property=\"article:modified_time\" content=\"2026-08-31T11:47:58+00:00\" \/>\n<meta property=\"og:image\" content=\"https:\/\/www.tablaosflamencos.com\/wp-content\/uploads\/cafes-cantantes-en-sevilla-historia-locales-y-papel-en-el-desarrollo-del-flamenco-01.webp\" \/>\n\t<meta property=\"og:image:width\" content=\"1920\" \/>\n\t<meta property=\"og:image:height\" content=\"1498\" \/>\n\t<meta property=\"og:image:type\" content=\"image\/webp\" \/>\n<meta name=\"author\" content=\"Miguel Ortiz\" \/>\n<meta name=\"twitter:card\" content=\"summary_large_image\" \/>\n<meta name=\"twitter:creator\" content=\"@tablaosflamenco\" \/>\n<meta name=\"twitter:site\" content=\"@tablaosflamenco\" \/>\n<meta name=\"twitter:label1\" content=\"Scritto da\" \/>\n\t<meta name=\"twitter:data1\" content=\"Miguel Ortiz\" \/>\n\t<meta name=\"twitter:label2\" content=\"Tempo di lettura stimato\" \/>\n\t<meta name=\"twitter:data2\" content=\"30 minuti\" \/>\n<script type=\"application\/ld+json\" class=\"yoast-schema-graph\">{\"@context\":\"https:\\\/\\\/schema.org\",\"@graph\":[{\"@type\":\"Article\",\"@id\":\"https:\\\/\\\/www.tablaosflamencos.com\\\/it\\\/cafes-cantantes-siviglia.html#article\",\"isPartOf\":{\"@id\":\"https:\\\/\\\/www.tablaosflamencos.com\\\/it\\\/cafes-cantantes-siviglia.html\"},\"author\":{\"name\":\"Miguel Ortiz\",\"@id\":\"https:\\\/\\\/www.tablaosflamencos.com\\\/it#\\\/schema\\\/person\\\/e7a9ebe14eb75a52ceabfbffb3c54f5d\"},\"headline\":\"Caf\u00e9s cantantes a Siviglia: storia, locali e ruolo nello sviluppo del flamenco\",\"datePublished\":\"2026-08-30T16:38:34+00:00\",\"dateModified\":\"2026-08-31T11:47:58+00:00\",\"mainEntityOfPage\":{\"@id\":\"https:\\\/\\\/www.tablaosflamencos.com\\\/it\\\/cafes-cantantes-siviglia.html\"},\"wordCount\":5963,\"publisher\":{\"@id\":\"https:\\\/\\\/www.tablaosflamencos.com\\\/it#organization\"},\"image\":{\"@id\":\"https:\\\/\\\/www.tablaosflamencos.com\\\/it\\\/cafes-cantantes-siviglia.html#primaryimage\"},\"thumbnailUrl\":\"https:\\\/\\\/www.tablaosflamencos.com\\\/wp-content\\\/uploads\\\/cafes-cantantes-en-sevilla-historia-locales-y-papel-en-el-desarrollo-del-flamenco-01.webp\",\"keywords\":[\"Caf\u00e9 de Silverio\",\"Caf\u00e9 del Burrero\",\"caf\u00e9s cantantes\",\"cante flamenco\",\"chitarra flamenca\",\"danza flamenca\",\"flamenco a Siviglia\",\"Sal\u00f3n Novedades\",\"Silverio Franconetti\",\"Siviglia\",\"storia del flamenco\"],\"articleSection\":[\"Storia del flamenco\"],\"inLanguage\":\"it-IT\"},{\"@type\":\"WebPage\",\"@id\":\"https:\\\/\\\/www.tablaosflamencos.com\\\/it\\\/cafes-cantantes-siviglia.html\",\"url\":\"https:\\\/\\\/www.tablaosflamencos.com\\\/it\\\/cafes-cantantes-siviglia.html\",\"name\":\"Caf\u00e9s cantantes a Siviglia: storia e locali | Tablaos Flamencos\",\"isPartOf\":{\"@id\":\"https:\\\/\\\/www.tablaosflamencos.com\\\/it#website\"},\"primaryImageOfPage\":{\"@id\":\"https:\\\/\\\/www.tablaosflamencos.com\\\/it\\\/cafes-cantantes-siviglia.html#primaryimage\"},\"image\":{\"@id\":\"https:\\\/\\\/www.tablaosflamencos.com\\\/it\\\/cafes-cantantes-siviglia.html#primaryimage\"},\"thumbnailUrl\":\"https:\\\/\\\/www.tablaosflamencos.com\\\/wp-content\\\/uploads\\\/cafes-cantantes-en-sevilla-historia-locales-y-papel-en-el-desarrollo-del-flamenco-01.webp\",\"datePublished\":\"2026-08-30T16:38:34+00:00\",\"dateModified\":\"2026-08-31T11:47:58+00:00\",\"description\":\"Storia dei caf\u00e9s cantantes a Siviglia: Silverio, El Burrero, Novedades e il loro ruolo nella professionalizzazione di canto, danza e chitarra flamenca.\",\"breadcrumb\":{\"@id\":\"https:\\\/\\\/www.tablaosflamencos.com\\\/it\\\/cafes-cantantes-siviglia.html#breadcrumb\"},\"inLanguage\":\"it-IT\",\"potentialAction\":[{\"@type\":\"ReadAction\",\"target\":[\"https:\\\/\\\/www.tablaosflamencos.com\\\/it\\\/cafes-cantantes-siviglia.html\"]}]},{\"@type\":\"ImageObject\",\"inLanguage\":\"it-IT\",\"@id\":\"https:\\\/\\\/www.tablaosflamencos.com\\\/it\\\/cafes-cantantes-siviglia.html#primaryimage\",\"url\":\"https:\\\/\\\/www.tablaosflamencos.com\\\/wp-content\\\/uploads\\\/cafes-cantantes-en-sevilla-historia-locales-y-papel-en-el-desarrollo-del-flamenco-01.webp\",\"contentUrl\":\"https:\\\/\\\/www.tablaosflamencos.com\\\/wp-content\\\/uploads\\\/cafes-cantantes-en-sevilla-historia-locales-y-papel-en-el-desarrollo-del-flamenco-01.webp\",\"width\":1920,\"height\":1498,\"caption\":\"Caf\u00e9 Cantante | Reproducci\u00f3n por Miguel Ortiz\"},{\"@type\":\"BreadcrumbList\",\"@id\":\"https:\\\/\\\/www.tablaosflamencos.com\\\/it\\\/cafes-cantantes-siviglia.html#breadcrumb\",\"itemListElement\":[{\"@type\":\"ListItem\",\"position\":1,\"name\":\"Home\",\"item\":\"https:\\\/\\\/www.tablaosflamencos.com\\\/it\"},{\"@type\":\"ListItem\",\"position\":2,\"name\":\"Caf\u00e9s cantantes a Siviglia: storia, locali e ruolo nello sviluppo del flamenco\"}]},{\"@type\":\"WebSite\",\"@id\":\"https:\\\/\\\/www.tablaosflamencos.com\\\/it#website\",\"url\":\"https:\\\/\\\/www.tablaosflamencos.com\\\/it\",\"name\":\"Tablaos Flamencos\",\"description\":\"Entradas para tablaos flamencos de Espa\u00f1a\",\"publisher\":{\"@id\":\"https:\\\/\\\/www.tablaosflamencos.com\\\/it#organization\"},\"alternateName\":\"Tablaos Flamencos\",\"potentialAction\":[{\"@type\":\"SearchAction\",\"target\":{\"@type\":\"EntryPoint\",\"urlTemplate\":\"https:\\\/\\\/www.tablaosflamencos.com\\\/it?s={search_term_string}\"},\"query-input\":{\"@type\":\"PropertyValueSpecification\",\"valueRequired\":true,\"valueName\":\"search_term_string\"}}],\"inLanguage\":\"it-IT\"},{\"@type\":[\"Organization\",\"Place\",\"EntertainmentBusiness\"],\"@id\":\"https:\\\/\\\/www.tablaosflamencos.com\\\/it#organization\",\"name\":\"Tablaos Flamencos\",\"alternateName\":\"Tablaos Flamencos\",\"url\":\"https:\\\/\\\/www.tablaosflamencos.com\\\/it\",\"logo\":{\"@id\":\"https:\\\/\\\/www.tablaosflamencos.com\\\/it\\\/cafes-cantantes-siviglia.html#local-main-organization-logo\"},\"image\":{\"@id\":\"https:\\\/\\\/www.tablaosflamencos.com\\\/it\\\/cafes-cantantes-siviglia.html#local-main-organization-logo\"},\"sameAs\":[\"https:\\\/\\\/www.facebook.com\\\/tablaosflamencos\",\"https:\\\/\\\/x.com\\\/tablaosflamenco\",\"https:\\\/\\\/mastodon.social\\\/@tablaosflamencos\",\"https:\\\/\\\/www.instagram.com\\\/tablaosflamencos\",\"https:\\\/\\\/tiktok.com\\\/@tablaosflamencos\",\"https:\\\/\\\/www.linkedin.com\\\/company\\\/109408238\\\/\"],\"description\":\"Venta de entradas para espect\u00e1culos flamencos\",\"legalName\":\"Tablaos Flamencos\",\"foundingDate\":\"2015-01-01\",\"numberOfEmployees\":{\"@type\":\"QuantitativeValue\",\"minValue\":\"1\",\"maxValue\":\"10\"},\"address\":{\"@id\":\"https:\\\/\\\/www.tablaosflamencos.com\\\/it\\\/cafes-cantantes-siviglia.html#local-main-place-address\"},\"geo\":{\"@type\":\"GeoCoordinates\",\"latitude\":\"37.3868072\",\"longitude\":\"-5.993280299999999\"},\"telephone\":[\"+34623787787\"],\"contactPoint\":{\"@type\":\"ContactPoint\",\"telephone\":\"+34623787787\",\"email\":\"info@tablaosflamencos.com\"},\"openingHoursSpecification\":{\"@type\":\"OpeningHoursSpecification\",\"dayOfWeek\":[\"Monday\",\"Tuesday\",\"Wednesday\",\"Thursday\",\"Friday\",\"Saturday\",\"Sunday\"],\"opens\":\"00:00\",\"closes\":\"23:59\"},\"email\":\"info@tablaosflamencos.com\",\"priceRange\":\"$$$\",\"currenciesAccepted\":\"\u20ac\"},{\"@type\":\"Person\",\"@id\":\"https:\\\/\\\/www.tablaosflamencos.com\\\/it#\\\/schema\\\/person\\\/e7a9ebe14eb75a52ceabfbffb3c54f5d\",\"name\":\"Miguel Ortiz\",\"description\":\"Miguel Ortiz es un empresario flamenco, con una s\u00f3lida trayectoria dentro del sector. Ha presidido entidades culturales vinculadas al flamenco y, cuenta con un amplio recorrido profesional en la gesti\u00f3n y promoci\u00f3n de espect\u00e1culos y tablaos flamencos. Su pasi\u00f3n por la historia y el arte flamenco se refleja en cada art\u00edculo, donde combina experiencia, criterio y un profundo respeto por la tradici\u00f3n.\",\"sameAs\":[\"https:\\\/\\\/www.tablaosflamencos.com\",\"https:\\\/\\\/www.instagra.com\\\/miguelortizfe\",\"https:\\\/\\\/www.linkedin.com\\\/in\\\/miguelortizf\\\/\"],\"birthDate\":\"1984-11-22\",\"gender\":\"hombre\",\"knowsLanguage\":[\"espa\u00f1ol\",\"ingl\u00e9s\"],\"jobTitle\":\"Empresario flamenco\"},{\"@type\":\"PostalAddress\",\"@id\":\"https:\\\/\\\/www.tablaosflamencos.com\\\/it\\\/cafes-cantantes-siviglia.html#local-main-place-address\",\"streetAddress\":\"C\\\/ Alemanes, 19\",\"addressLocality\":\"Sevilla\",\"postalCode\":\"41004\",\"addressRegion\":\"Sevilla\",\"addressCountry\":\"ES\"},{\"@type\":\"ImageObject\",\"inLanguage\":\"it-IT\",\"@id\":\"https:\\\/\\\/www.tablaosflamencos.com\\\/it\\\/cafes-cantantes-siviglia.html#local-main-organization-logo\",\"url\":\"https:\\\/\\\/www.tablaosflamencos.com\\\/wp-content\\\/uploads\\\/tablaos-flamencos-06-3.webp\",\"contentUrl\":\"https:\\\/\\\/www.tablaosflamencos.com\\\/wp-content\\\/uploads\\\/tablaos-flamencos-06-3.webp\",\"width\":600,\"height\":620,\"caption\":\"Tablaos Flamencos\"}]}<\/script>\n<meta name=\"geo.placename\" content=\"Sevilla\" \/>\n<meta name=\"geo.position\" content=\"37.3868072;-5.993280299999999\" \/>\n<meta name=\"geo.region\" content=\"Spagna\" \/>\n<!-- \/ Yoast SEO Premium plugin. -->","yoast_head_json":{"title":"Caf\u00e9s cantantes a Siviglia: storia e locali | Tablaos Flamencos","description":"Storia dei caf\u00e9s cantantes a Siviglia: Silverio, El Burrero, Novedades e il loro ruolo nella professionalizzazione di canto, danza e chitarra flamenca.","robots":{"index":"index","follow":"follow","max-snippet":"max-snippet:-1","max-image-preview":"max-image-preview:large","max-video-preview":"max-video-preview:-1"},"canonical":"https:\/\/www.tablaosflamencos.com\/it\/cafes-cantantes-siviglia.html","og_locale":"it_IT","og_type":"article","og_title":"Caf\u00e9s cantantes a Siviglia: storia, locali e ruolo nello sviluppo del flamenco","og_description":"Storia dei caf\u00e9s cantantes a Siviglia: Silverio, El Burrero, Novedades e il loro ruolo nella professionalizzazione di canto, danza e chitarra flamenca.","og_url":"https:\/\/www.tablaosflamencos.com\/it\/cafes-cantantes-siviglia.html","og_site_name":"Tablaos Flamencos","article_publisher":"https:\/\/www.facebook.com\/tablaosflamencos","article_published_time":"2026-08-30T16:38:34+00:00","article_modified_time":"2026-08-31T11:47:58+00:00","og_image":[{"width":1920,"height":1498,"url":"https:\/\/www.tablaosflamencos.com\/wp-content\/uploads\/cafes-cantantes-en-sevilla-historia-locales-y-papel-en-el-desarrollo-del-flamenco-01.webp","type":"image\/webp"}],"author":"Miguel Ortiz","twitter_card":"summary_large_image","twitter_creator":"@tablaosflamenco","twitter_site":"@tablaosflamenco","twitter_misc":{"Scritto da":"Miguel Ortiz","Tempo di lettura stimato":"30 minuti"},"schema":{"@context":"https:\/\/schema.org","@graph":[{"@type":"Article","@id":"https:\/\/www.tablaosflamencos.com\/it\/cafes-cantantes-siviglia.html#article","isPartOf":{"@id":"https:\/\/www.tablaosflamencos.com\/it\/cafes-cantantes-siviglia.html"},"author":{"name":"Miguel Ortiz","@id":"https:\/\/www.tablaosflamencos.com\/it#\/schema\/person\/e7a9ebe14eb75a52ceabfbffb3c54f5d"},"headline":"Caf\u00e9s cantantes a Siviglia: storia, locali e ruolo nello sviluppo del flamenco","datePublished":"2026-08-30T16:38:34+00:00","dateModified":"2026-08-31T11:47:58+00:00","mainEntityOfPage":{"@id":"https:\/\/www.tablaosflamencos.com\/it\/cafes-cantantes-siviglia.html"},"wordCount":5963,"publisher":{"@id":"https:\/\/www.tablaosflamencos.com\/it#organization"},"image":{"@id":"https:\/\/www.tablaosflamencos.com\/it\/cafes-cantantes-siviglia.html#primaryimage"},"thumbnailUrl":"https:\/\/www.tablaosflamencos.com\/wp-content\/uploads\/cafes-cantantes-en-sevilla-historia-locales-y-papel-en-el-desarrollo-del-flamenco-01.webp","keywords":["Caf\u00e9 de Silverio","Caf\u00e9 del Burrero","caf\u00e9s cantantes","cante flamenco","chitarra flamenca","danza flamenca","flamenco a Siviglia","Sal\u00f3n Novedades","Silverio Franconetti","Siviglia","storia del flamenco"],"articleSection":["Storia del flamenco"],"inLanguage":"it-IT"},{"@type":"WebPage","@id":"https:\/\/www.tablaosflamencos.com\/it\/cafes-cantantes-siviglia.html","url":"https:\/\/www.tablaosflamencos.com\/it\/cafes-cantantes-siviglia.html","name":"Caf\u00e9s cantantes a Siviglia: storia e locali | Tablaos Flamencos","isPartOf":{"@id":"https:\/\/www.tablaosflamencos.com\/it#website"},"primaryImageOfPage":{"@id":"https:\/\/www.tablaosflamencos.com\/it\/cafes-cantantes-siviglia.html#primaryimage"},"image":{"@id":"https:\/\/www.tablaosflamencos.com\/it\/cafes-cantantes-siviglia.html#primaryimage"},"thumbnailUrl":"https:\/\/www.tablaosflamencos.com\/wp-content\/uploads\/cafes-cantantes-en-sevilla-historia-locales-y-papel-en-el-desarrollo-del-flamenco-01.webp","datePublished":"2026-08-30T16:38:34+00:00","dateModified":"2026-08-31T11:47:58+00:00","description":"Storia dei caf\u00e9s cantantes a Siviglia: Silverio, El Burrero, Novedades e il loro ruolo nella professionalizzazione di canto, danza e chitarra flamenca.","breadcrumb":{"@id":"https:\/\/www.tablaosflamencos.com\/it\/cafes-cantantes-siviglia.html#breadcrumb"},"inLanguage":"it-IT","potentialAction":[{"@type":"ReadAction","target":["https:\/\/www.tablaosflamencos.com\/it\/cafes-cantantes-siviglia.html"]}]},{"@type":"ImageObject","inLanguage":"it-IT","@id":"https:\/\/www.tablaosflamencos.com\/it\/cafes-cantantes-siviglia.html#primaryimage","url":"https:\/\/www.tablaosflamencos.com\/wp-content\/uploads\/cafes-cantantes-en-sevilla-historia-locales-y-papel-en-el-desarrollo-del-flamenco-01.webp","contentUrl":"https:\/\/www.tablaosflamencos.com\/wp-content\/uploads\/cafes-cantantes-en-sevilla-historia-locales-y-papel-en-el-desarrollo-del-flamenco-01.webp","width":1920,"height":1498,"caption":"Caf\u00e9 Cantante | Reproducci\u00f3n por Miguel Ortiz"},{"@type":"BreadcrumbList","@id":"https:\/\/www.tablaosflamencos.com\/it\/cafes-cantantes-siviglia.html#breadcrumb","itemListElement":[{"@type":"ListItem","position":1,"name":"Home","item":"https:\/\/www.tablaosflamencos.com\/it"},{"@type":"ListItem","position":2,"name":"Caf\u00e9s cantantes a Siviglia: storia, locali e ruolo nello sviluppo del flamenco"}]},{"@type":"WebSite","@id":"https:\/\/www.tablaosflamencos.com\/it#website","url":"https:\/\/www.tablaosflamencos.com\/it","name":"Tablaos Flamencos","description":"Entradas para tablaos flamencos de Espa\u00f1a","publisher":{"@id":"https:\/\/www.tablaosflamencos.com\/it#organization"},"alternateName":"Tablaos Flamencos","potentialAction":[{"@type":"SearchAction","target":{"@type":"EntryPoint","urlTemplate":"https:\/\/www.tablaosflamencos.com\/it?s={search_term_string}"},"query-input":{"@type":"PropertyValueSpecification","valueRequired":true,"valueName":"search_term_string"}}],"inLanguage":"it-IT"},{"@type":["Organization","Place","EntertainmentBusiness"],"@id":"https:\/\/www.tablaosflamencos.com\/it#organization","name":"Tablaos Flamencos","alternateName":"Tablaos Flamencos","url":"https:\/\/www.tablaosflamencos.com\/it","logo":{"@id":"https:\/\/www.tablaosflamencos.com\/it\/cafes-cantantes-siviglia.html#local-main-organization-logo"},"image":{"@id":"https:\/\/www.tablaosflamencos.com\/it\/cafes-cantantes-siviglia.html#local-main-organization-logo"},"sameAs":["https:\/\/www.facebook.com\/tablaosflamencos","https:\/\/x.com\/tablaosflamenco","https:\/\/mastodon.social\/@tablaosflamencos","https:\/\/www.instagram.com\/tablaosflamencos","https:\/\/tiktok.com\/@tablaosflamencos","https:\/\/www.linkedin.com\/company\/109408238\/"],"description":"Venta de entradas para espect\u00e1culos flamencos","legalName":"Tablaos Flamencos","foundingDate":"2015-01-01","numberOfEmployees":{"@type":"QuantitativeValue","minValue":"1","maxValue":"10"},"address":{"@id":"https:\/\/www.tablaosflamencos.com\/it\/cafes-cantantes-siviglia.html#local-main-place-address"},"geo":{"@type":"GeoCoordinates","latitude":"37.3868072","longitude":"-5.993280299999999"},"telephone":["+34623787787"],"contactPoint":{"@type":"ContactPoint","telephone":"+34623787787","email":"info@tablaosflamencos.com"},"openingHoursSpecification":{"@type":"OpeningHoursSpecification","dayOfWeek":["Monday","Tuesday","Wednesday","Thursday","Friday","Saturday","Sunday"],"opens":"00:00","closes":"23:59"},"email":"info@tablaosflamencos.com","priceRange":"$$$","currenciesAccepted":"\u20ac"},{"@type":"Person","@id":"https:\/\/www.tablaosflamencos.com\/it#\/schema\/person\/e7a9ebe14eb75a52ceabfbffb3c54f5d","name":"Miguel Ortiz","description":"Miguel Ortiz es un empresario flamenco, con una s\u00f3lida trayectoria dentro del sector. Ha presidido entidades culturales vinculadas al flamenco y, cuenta con un amplio recorrido profesional en la gesti\u00f3n y promoci\u00f3n de espect\u00e1culos y tablaos flamencos. Su pasi\u00f3n por la historia y el arte flamenco se refleja en cada art\u00edculo, donde combina experiencia, criterio y un profundo respeto por la tradici\u00f3n.","sameAs":["https:\/\/www.tablaosflamencos.com","https:\/\/www.instagra.com\/miguelortizfe","https:\/\/www.linkedin.com\/in\/miguelortizf\/"],"birthDate":"1984-11-22","gender":"hombre","knowsLanguage":["espa\u00f1ol","ingl\u00e9s"],"jobTitle":"Empresario flamenco"},{"@type":"PostalAddress","@id":"https:\/\/www.tablaosflamencos.com\/it\/cafes-cantantes-siviglia.html#local-main-place-address","streetAddress":"C\/ Alemanes, 19","addressLocality":"Sevilla","postalCode":"41004","addressRegion":"Sevilla","addressCountry":"ES"},{"@type":"ImageObject","inLanguage":"it-IT","@id":"https:\/\/www.tablaosflamencos.com\/it\/cafes-cantantes-siviglia.html#local-main-organization-logo","url":"https:\/\/www.tablaosflamencos.com\/wp-content\/uploads\/tablaos-flamencos-06-3.webp","contentUrl":"https:\/\/www.tablaosflamencos.com\/wp-content\/uploads\/tablaos-flamencos-06-3.webp","width":600,"height":620,"caption":"Tablaos Flamencos"}]},"geo.placename":"Sevilla","geo.position":{"lat":"37.3868072","long":"-5.993280299999999"},"geo.region":"Spagna"},"_links":{"self":[{"href":"https:\/\/www.tablaosflamencos.com\/it\/wp-json\/wp\/v2\/posts\/13581","targetHints":{"allow":["GET"]}}],"collection":[{"href":"https:\/\/www.tablaosflamencos.com\/it\/wp-json\/wp\/v2\/posts"}],"about":[{"href":"https:\/\/www.tablaosflamencos.com\/it\/wp-json\/wp\/v2\/types\/post"}],"author":[{"embeddable":true,"href":"https:\/\/www.tablaosflamencos.com\/it\/wp-json\/wp\/v2\/users\/1"}],"replies":[{"embeddable":true,"href":"https:\/\/www.tablaosflamencos.com\/it\/wp-json\/wp\/v2\/comments?post=13581"}],"version-history":[{"count":1,"href":"https:\/\/www.tablaosflamencos.com\/it\/wp-json\/wp\/v2\/posts\/13581\/revisions"}],"predecessor-version":[{"id":13587,"href":"https:\/\/www.tablaosflamencos.com\/it\/wp-json\/wp\/v2\/posts\/13581\/revisions\/13587"}],"wp:featuredmedia":[{"embeddable":true,"href":"https:\/\/www.tablaosflamencos.com\/it\/wp-json\/wp\/v2\/media\/13572"}],"wp:attachment":[{"href":"https:\/\/www.tablaosflamencos.com\/it\/wp-json\/wp\/v2\/media?parent=13581"}],"wp:term":[{"taxonomy":"category","embeddable":true,"href":"https:\/\/www.tablaosflamencos.com\/it\/wp-json\/wp\/v2\/categories?post=13581"},{"taxonomy":"post_tag","embeddable":true,"href":"https:\/\/www.tablaosflamencos.com\/it\/wp-json\/wp\/v2\/tags?post=13581"}],"curies":[{"name":"wp","href":"https:\/\/api.w.org\/{rel}","templated":true}]}}