{"id":15165,"date":"2026-09-06T16:53:49","date_gmt":"2026-09-06T14:53:49","guid":{"rendered":"https:\/\/www.tablaosflamencos.com\/?p=15165"},"modified":"2026-09-06T19:53:47","modified_gmt":"2026-09-06T17:53:47","slug":"trasnoches-flamencos-2026-malaga-programme-billets","status":"publish","type":"post","link":"https:\/\/www.tablaosflamencos.com\/fr\/trasnoches-flamencos-2026-malaga-programme-billets.html","title":{"rendered":"Trasnoches Flamencos 2026 : sept soir\u00e9es de guitare, chant et danse \u00e0 Malaga"},"content":{"rendered":"<section class=\"l-section wpb_row height_huge\"><div class=\"l-section-h i-cf\"><div class=\"g-cols vc_row via_flex valign_top type_default stacking_default\"><div class=\"vc_col-sm-6 wpb_column vc_column_container\"><div class=\"vc_column-inner\"><div class=\"wpb_wrapper\"><div class=\"wpb_text_column\"><div class=\"wpb_wrapper\"><h2>Trasnoches Flamencos 2026 \u00e0 Malaga<\/h2>\n<p>En septembre, Malaga devient l&rsquo;une des capitales espagnoles de la guitare et, dans le cadre du <strong>Ve Festival international de guitare de Malaga Pepe Romero<\/strong>, le flamenco dispose de son propre cycle. <strong>Trasnoches Flamencos 2026<\/strong> r\u00e9unit sept rendez-vous entre le 4 et le 26 septembre avec quelques-uns des noms les plus int\u00e9ressants de la guitare flamenca actuelle, ainsi que du chant et de la danse.<\/p>\n<p>La programmation combine des r\u00e9citals de guitare solo et des rencontres o\u00f9 la guitare dialogue avec le cante et la danse. Alejandro Hurtado et Inmaculada Salom\u00f3n ont inaugur\u00e9 le cycle le 4 septembre ; suivent El Amir, Pituquete avec Encarna Anillo, Daniel Casares, Jos\u00e9 Ferm\u00edn Fern\u00e1ndez, Joni Jim\u00e9nez avec Jes\u00fas M\u00e9ndez et Ricardo Fern\u00e1ndez del Moral.<\/p>\n<\/div><\/div><\/div><\/div><\/div><div class=\"vc_col-sm-6 wpb_column vc_column_container\"><div class=\"vc_column-inner\"><div class=\"wpb_wrapper\"><div class=\"wpb_text_column\"><div class=\"wpb_wrapper\"><h2>Informations essentielles<\/h2>\n<ul>\n<li><strong>Dates :<\/strong> du 4 au 26 septembre 2026.<\/li>\n<li><strong>Nombre de rendez-vous :<\/strong> 7.<\/li>\n<li><strong>Ville :<\/strong> Malaga.<\/li>\n<li><strong>Lieux :<\/strong> Sala Fundaci\u00f3n Unicaja Mar\u00eda Cristina et Patio de Surtidores de l&rsquo;Alcazaba.<\/li>\n<li><strong>Prix :<\/strong> de 10 \u00e0 18 \u20ac.<\/li>\n<li><strong>Billetterie :<\/strong> MiEntrada.<\/li>\n<li><strong>Programme :<\/strong> guitare flamenca, chant et danse.<\/li>\n<\/ul>\n<\/div><\/div><\/div><\/div><\/div><\/div><\/div><\/section><section class=\"l-section wpb_row height_huge color_alternate with_shape\"><div class=\"l-section-shape type_zigzag pos_top\" style=\"height:3vmin;\"><svg xmlns=\"http:\/\/www.w3.org\/2000\/svg\" viewBox=\"0 0 64 8\" preserveAspectRatio=\"none\" width=\"100%\" height=\"100%\">\r\n\t<path fill=\"currentColor\" d=\"M64 8 L0 8 L0 0 L20 7.9 L40 3 L48 5 L64 0 Z\"\/>\r\n<\/svg><\/div><div class=\"l-section-shape type_zigzag pos_bottom\" style=\"height:3vmin;\"><svg xmlns=\"http:\/\/www.w3.org\/2000\/svg\" viewBox=\"0 0 64 8\" preserveAspectRatio=\"none\" width=\"100%\" height=\"100%\">\r\n\t<path fill=\"currentColor\" d=\"M64 8 L0 8 L0 0 L20 7.9 L40 3 L48 5 L64 0 Z\"\/>\r\n<\/svg><\/div><div class=\"l-section-h i-cf\"><div class=\"g-cols vc_row via_flex valign_top type_default stacking_default\"><div class=\"vc_col-sm-12 wpb_column vc_column_container\"><div class=\"vc_column-inner\"><div class=\"wpb_wrapper\"><div class=\"wpb_text_column\"><div class=\"wpb_wrapper\"><blockquote>\n<p><strong>R\u00e9ponse rapide :<\/strong> Trasnoches Flamencos 2026 comprend sept spectacles \u00e0 Malaga du 4 au 26 septembre. Ils ont lieu \u00e0 la Sala Fundaci\u00f3n Unicaja Mar\u00eda Cristina et au Patio de Surtidores de l&rsquo;Alcazaba de Malaga. Les billets co\u00fbtent entre 10 et 18 euros et sont vendus via MiEntrada.<\/p>\n<\/blockquote>\n<\/div><\/div><\/div><\/div><\/div><\/div><\/div><\/section><section class=\"l-section wpb_row height_huge\"><div class=\"l-section-h i-cf\"><div class=\"g-cols vc_row via_flex valign_top type_default stacking_default\"><div class=\"vc_col-sm-3 wpb_column vc_column_container\"><div class=\"vc_column-inner\"><div class=\"wpb_wrapper\"><\/div><\/div><\/div><div class=\"vc_col-sm-6 wpb_column vc_column_container\"><div class=\"vc_column-inner\"><div class=\"wpb_wrapper\"><div class=\"wpb_text_column\"><div class=\"wpb_wrapper\"><h2>Contenu de ce guide<\/h2>\n<ul>\n<li><a href=\"#programa\">Programme complet<\/a><\/li>\n<li><a href=\"#ciclo\">Qu&rsquo;est-ce que Trasnoches Flamencos ?<\/a><\/li>\n<li><a href=\"#artistas\">Les sept rendez-vous<\/a><\/li>\n<li><a href=\"#sedes\">Lieux<\/a><\/li>\n<li><a href=\"#entradas\">Billets<\/a><\/li>\n<li><a href=\"#elegir\">Quel concert choisir<\/a><\/li>\n<li><a href=\"#faq\">Questions fr\u00e9quentes<\/a><\/li>\n<\/ul>\n<\/div><\/div><\/div><\/div><\/div><div class=\"vc_col-sm-3 wpb_column vc_column_container\"><div class=\"vc_column-inner\"><div class=\"wpb_wrapper\"><\/div><\/div><\/div><\/div><\/div><\/section><section class=\"l-section wpb_row height_huge color_alternate with_shape\"><div class=\"l-section-shape type_zigzag pos_top\" style=\"height:3vmin;\"><svg xmlns=\"http:\/\/www.w3.org\/2000\/svg\" viewBox=\"0 0 64 8\" preserveAspectRatio=\"none\" width=\"100%\" height=\"100%\">\r\n\t<path fill=\"currentColor\" d=\"M64 8 L0 8 L0 0 L20 7.9 L40 3 L48 5 L64 0 Z\"\/>\r\n<\/svg><\/div><div class=\"l-section-shape type_zigzag pos_bottom\" style=\"height:3vmin;\"><svg xmlns=\"http:\/\/www.w3.org\/2000\/svg\" viewBox=\"0 0 64 8\" preserveAspectRatio=\"none\" width=\"100%\" height=\"100%\">\r\n\t<path fill=\"currentColor\" d=\"M64 8 L0 8 L0 0 L20 7.9 L40 3 L48 5 L64 0 Z\"\/>\r\n<\/svg><\/div><div class=\"l-section-h i-cf\"><div class=\"g-cols vc_row via_flex valign_top type_default stacking_default\"><div class=\"vc_col-sm-12 wpb_column vc_column_container\"><div class=\"vc_column-inner\"><div class=\"wpb_wrapper\"><div class=\"wpb_text_column\"><div class=\"wpb_wrapper\"><h2 id=\"programa\">Programme de Trasnoches Flamencos 2026 \u00e0 Malaga<\/h2>\n<div style=\"overflow-x: auto;\">\n<table>\n<thead>\n<tr>\n<th>Date<\/th>\n<th>Artistes<\/th>\n<th>Heure<\/th>\n<th>Lieu<\/th>\n<th>Prix<\/th>\n<\/tr>\n<\/thead>\n<tbody>\n<tr>\n<td>4 septembre<\/td>\n<td>Alejandro Hurtado + Inmaculada Salom\u00f3n<\/td>\n<td>19:30<\/td>\n<td>Sala Fundaci\u00f3n Unicaja Mar\u00eda Cristina<\/td>\n<td>12 \u20ac<\/td>\n<\/tr>\n<tr>\n<td>11 septembre<\/td>\n<td>El Amir<\/td>\n<td>19:30<\/td>\n<td>Sala Fundaci\u00f3n Unicaja Mar\u00eda Cristina<\/td>\n<td>10 \u20ac<\/td>\n<\/tr>\n<tr>\n<td>17 septembre<\/td>\n<td>Pituquete + Encarna Anillo<\/td>\n<td>21:30<\/td>\n<td>Patio de Surtidores, Alcazaba de Malaga<\/td>\n<td>15 \u20ac<\/td>\n<\/tr>\n<tr>\n<td>19 septembre<\/td>\n<td>Daniel Casares<\/td>\n<td>19:30<\/td>\n<td>Sala Fundaci\u00f3n Unicaja Mar\u00eda Cristina<\/td>\n<td>12 \u20ac<\/td>\n<\/tr>\n<tr>\n<td>24 septembre<\/td>\n<td>Jos\u00e9 Ferm\u00edn Fern\u00e1ndez<\/td>\n<td>21:30<\/td>\n<td>Patio de Surtidores, Alcazaba de Malaga<\/td>\n<td>15 \u20ac<\/td>\n<\/tr>\n<tr>\n<td>25 septembre<\/td>\n<td>Joni Jim\u00e9nez + Jes\u00fas M\u00e9ndez<\/td>\n<td>19:30<\/td>\n<td>Sala Fundaci\u00f3n Unicaja Mar\u00eda Cristina<\/td>\n<td>10 \u20ac<\/td>\n<\/tr>\n<tr>\n<td>26 septembre<\/td>\n<td>Ricardo Fern\u00e1ndez del Moral<\/td>\n<td>21:30<\/td>\n<td>Patio de Surtidores, Alcazaba de Malaga<\/td>\n<td>18 \u20ac<\/td>\n<\/tr>\n<\/tbody>\n<\/table>\n<\/div>\n<p>Le premier rendez-vous a eu lieu le 4 septembre. Les six autres se concentrent entre le 11 et le 26 septembre.<\/p>\n<\/div><\/div><\/div><\/div><\/div><\/div><\/div><\/section><section class=\"l-section wpb_row height_huge\"><div class=\"l-section-h i-cf\"><div class=\"g-cols vc_row via_flex valign_top type_default stacking_default\"><div class=\"vc_col-sm-6 wpb_column vc_column_container\"><div class=\"vc_column-inner\"><div class=\"wpb_wrapper\"><div class=\"wpb_text_column\"><div class=\"wpb_wrapper\"><h2 id=\"ciclo\">Qu&rsquo;est-ce que Trasnoches Flamencos ?<\/h2>\n<p><strong>Trasnoches Flamencos<\/strong> est le volet sp\u00e9cifiquement flamenco du Festival international de guitare de Malaga Pepe Romero. La cinqui\u00e8me \u00e9dition du festival r\u00e9unit 15 concerts entre le 4 et le 30 septembre 2026, avec des programmes de guitare classique, espagnole et flamenca, ainsi que des propositions li\u00e9es \u00e0 la musique ancienne et \u00e0 la cr\u00e9ation symphonique.<\/p>\n<p>Au sein de ce programme g\u00e9n\u00e9ral, les sept soir\u00e9es identifi\u00e9es comme Trasnoches Flamencos forment un petit festival dans le festival. La guitare est le fil conducteur, mais la s\u00e9lection permet d&rsquo;entendre diff\u00e9rentes mani\u00e8res d&rsquo;aborder le toque contemporain : de la guitare de concert \u00e0 l&rsquo;accompagnement du cante, au dialogue avec la danse ou aux propositions qui croisent le flamenco avec d&rsquo;autres musiques.<\/p>\n<\/div><\/div><\/div><\/div><\/div><div class=\"vc_col-sm-6 wpb_column vc_column_container\"><div class=\"vc_column-inner\"><div class=\"wpb_wrapper\"><div class=\"wpb_text_column\"><div class=\"wpb_wrapper\"><h2>Le festival et ses lieux<\/h2>\n<p>L&rsquo;organisation est assur\u00e9e par l&rsquo;European Guitar Foundation et le festival porte le nom de Pepe Romero, l&rsquo;un des guitaristes malagu\u00e8nes les plus reconnus \u00e0 l&rsquo;international.<\/p>\n<p>L&rsquo;\u00e9dition 2026 se d\u00e9roule dans plusieurs lieux de la ville, mais Trasnoches Flamencos se concentre sur deux sc\u00e8nes : la Sala Fundaci\u00f3n Unicaja Mar\u00eda Cristina et le Patio de Surtidores de l&rsquo;Alcazaba.<\/p>\n<p>Si vous souhaitez \u00e9galement d\u00e9couvrir des spectacles de flamenco pendant votre s\u00e9jour, consultez notre guide du <a href=\"https:\/\/www.tablaosflamencos.com\/flamenco-en-malaga\">flamenco \u00e0 Malaga<\/a>.<\/p>\n<\/div><\/div><\/div><\/div><\/div><\/div><\/div><\/section><section class=\"l-section wpb_row height_huge color_alternate with_shape\"><div class=\"l-section-shape type_zigzag pos_top hor_flip\" style=\"height:3vmin;\"><svg xmlns=\"http:\/\/www.w3.org\/2000\/svg\" viewBox=\"0 0 64 8\" preserveAspectRatio=\"none\" width=\"100%\" height=\"100%\">\r\n\t<path fill=\"currentColor\" d=\"M64 8 L0 8 L0 0 L20 7.9 L40 3 L48 5 L64 0 Z\"\/>\r\n<\/svg><\/div><div class=\"l-section-shape type_zigzag pos_bottom\" style=\"height:3vmin;\"><svg xmlns=\"http:\/\/www.w3.org\/2000\/svg\" viewBox=\"0 0 64 8\" preserveAspectRatio=\"none\" width=\"100%\" height=\"100%\">\r\n\t<path fill=\"currentColor\" d=\"M64 8 L0 8 L0 0 L20 7.9 L40 3 L48 5 L64 0 Z\"\/>\r\n<\/svg><\/div><div class=\"l-section-h i-cf\"><div class=\"g-cols vc_row via_flex valign_top type_default stacking_default\"><div class=\"vc_col-sm-6 wpb_column vc_column_container\"><div class=\"vc_column-inner\"><div class=\"wpb_wrapper\"><div class=\"wpb_text_column\"><div class=\"wpb_wrapper\"><h2 id=\"artistas\">Les sept rendez-vous de Trasnoches Flamencos 2026<\/h2>\n<h3>4 septembre : Alejandro Hurtado et Inmaculada Salom\u00f3n<\/h3>\n<p>Le cycle s&rsquo;est ouvert avec une proposition r\u00e9unissant <strong>guitare et danse<\/strong>. Alejandro Hurtado, laur\u00e9at du Bord\u00f3n Minero en 2017 et l&rsquo;un des jeunes guitaristes les plus pr\u00e9sents sur le circuit actuel, a partag\u00e9 la sc\u00e8ne avec Inmaculada Salom\u00f3n, premi\u00e8re danseuse du Ballet Nacional de Espa\u00f1a.<\/p>\n<p>C&rsquo;est le seul rendez-vous du cycle o\u00f9 la danse appara\u00eet comme protagoniste explicite aux c\u00f4t\u00e9s de la guitare.<\/p>\n<h3>11 septembre : El Amir<\/h3>\n<p><strong>El Amir<\/strong>, nom de sc\u00e8ne d&rsquo;Amir John Haddad, propose une vision du flamenco ouverte \u00e0 la M\u00e9diterran\u00e9e, au Moyen-Orient et \u00e0 d&rsquo;autres langages musicaux. Sa participation \u00e0 des tourn\u00e9es et enregistrements li\u00e9s \u00e0 Hans Zimmer lui a donn\u00e9 une projection internationale rare dans le circuit flamenco.<\/p>\n<\/div><\/div><\/div><\/div><\/div><div class=\"vc_col-sm-6 wpb_column vc_column_container\"><div class=\"vc_column-inner\"><div class=\"wpb_wrapper\"><div class=\"wpb_text_column\"><div class=\"wpb_wrapper\"><h3>17 septembre : Pituquete et Encarna Anillo<\/h3>\n<p>Le troisi\u00e8me rendez-vous se d\u00e9place au <strong>Patio de Surtidores de l&rsquo;Alcazaba de Malaga<\/strong>. La guitare de Pituquete associe racines latino-am\u00e9ricaines, langage flamenco et cr\u00e9ation contemporaine. Il sera accompagn\u00e9 de la cantaora <strong>Encarna Anillo<\/strong>.<\/p>\n<h3>19 septembre : Daniel Casares<\/h3>\n<p><strong>Daniel Casares<\/strong> est l&rsquo;un des noms confirm\u00e9s de la guitare flamenca contemporaine. Pour le public qui recherche une soir\u00e9e presque enti\u00e8rement centr\u00e9e sur le toque, sans autres \u00e9l\u00e9ments sc\u00e9niques, c&rsquo;est l&rsquo;un des choix les plus \u00e9vidents du programme.<\/p>\n<\/div><\/div><\/div><\/div><\/div><\/div><\/div><\/section><section class=\"l-section wpb_row height_huge\"><div class=\"l-section-h i-cf\"><div class=\"g-cols vc_row via_flex valign_top type_default stacking_default\"><div class=\"vc_col-sm-6 wpb_column vc_column_container\"><div class=\"vc_column-inner\"><div class=\"wpb_wrapper\"><div class=\"wpb_text_column\"><div class=\"wpb_wrapper\"><h3>24 septembre : Jos\u00e9 Ferm\u00edn Fern\u00e1ndez<\/h3>\n<p>Originaire de Grenade, <strong>Jos\u00e9 Ferm\u00edn Fern\u00e1ndez<\/strong> est l&rsquo;un des guitaristes flamencos de sa g\u00e9n\u00e9ration les plus r\u00e9compens\u00e9s dans les concours et festivals. Son parcours comprend deux distinctions majeures : le Bord\u00f3n Minero du Festival Internacional del Cante de las Minas et le premier prix de guitare du Concurso Nacional de Arte Flamenco de C\u00f3rdoba.<\/p>\n<p>Son r\u00e9cital aura lieu le 24 septembre \u00e0 <strong>21:30<\/strong> au Patio de Surtidores de l&rsquo;Alcazaba. La billetterie officielle et le programme g\u00e9n\u00e9ral du festival indiquent tous deux cet horaire.<\/p>\n<\/div><\/div><\/div><\/div><\/div><div class=\"vc_col-sm-6 wpb_column vc_column_container\"><div class=\"vc_column-inner\"><div class=\"wpb_wrapper\"><div class=\"wpb_text_column\"><div class=\"wpb_wrapper\"><h3>25 septembre : Joni Jim\u00e9nez et Jes\u00fas M\u00e9ndez<\/h3>\n<p>L&rsquo;une des soir\u00e9es les plus s\u00e9duisantes pour les amateurs de cante r\u00e9unit le guitariste <strong>Joni Jim\u00e9nez<\/strong> et le cantaor <strong>Jes\u00fas M\u00e9ndez<\/strong>. Le concert montre clairement le r\u00f4le de la guitare flamenca comme accompagnement, r\u00e9ponse et soutien du chant.<\/p>\n<h3>26 septembre : Ricardo Fern\u00e1ndez del Moral<\/h3>\n<p>Trasnoches Flamencos 2026 se termine avec <strong>Ricardo Fern\u00e1ndez del Moral<\/strong>, cantaor et guitariste capable d&rsquo;assumer seul les deux dimensions principales du r\u00e9cital flamenco. La cl\u00f4ture aura lieu \u00e0 21:30 au Patio de Surtidores de l&rsquo;Alcazaba.<\/p>\n<\/div><\/div><\/div><\/div><\/div><\/div><\/div><\/section><section class=\"l-section wpb_row height_huge color_alternate with_shape\"><div class=\"l-section-shape type_zigzag pos_top\" style=\"height:3vmin;\"><svg xmlns=\"http:\/\/www.w3.org\/2000\/svg\" viewBox=\"0 0 64 8\" preserveAspectRatio=\"none\" width=\"100%\" height=\"100%\">\r\n\t<path fill=\"currentColor\" d=\"M64 8 L0 8 L0 0 L20 7.9 L40 3 L48 5 L64 0 Z\"\/>\r\n<\/svg><\/div><div class=\"l-section-shape type_zigzag pos_bottom\" style=\"height:3vmin;\"><svg xmlns=\"http:\/\/www.w3.org\/2000\/svg\" viewBox=\"0 0 64 8\" preserveAspectRatio=\"none\" width=\"100%\" height=\"100%\">\r\n\t<path fill=\"currentColor\" d=\"M64 8 L0 8 L0 0 L20 7.9 L40 3 L48 5 L64 0 Z\"\/>\r\n<\/svg><\/div><div class=\"l-section-h i-cf\"><div class=\"g-cols vc_row via_flex valign_top type_default stacking_default\"><div class=\"vc_col-sm-6 wpb_column vc_column_container\"><div class=\"vc_column-inner\"><div class=\"wpb_wrapper\"><div class=\"wpb_text_column\"><div class=\"wpb_wrapper\"><h2 id=\"sedes\">Deux lieux pour le flamenco<\/h2>\n<p>La <strong>Sala Fundaci\u00f3n Unicaja Mar\u00eda Cristina<\/strong>, situ\u00e9e dans le centre historique, accueille les rendez-vous des 4, 11, 19 et 25 septembre. C&rsquo;est une salle particuli\u00e8rement adapt\u00e9e \u00e0 une \u00e9coute attentive et proche de la guitare.<\/p>\n<p>Le <strong>Patio de Surtidores de l&rsquo;Alcazaba de Malaga<\/strong> accueille les concerts des 17, 24 et 26 septembre. La forteresse palatiale offre un cadre patrimonial tr\u00e8s diff\u00e9rent, particuli\u00e8rement s\u00e9duisant pour les spectacles nocturnes.<\/p>\n<\/div><\/div><\/div><\/div><\/div><div class=\"vc_col-sm-6 wpb_column vc_column_container\"><div class=\"vc_column-inner\"><div class=\"wpb_wrapper\"><div class=\"wpb_text_column\"><div class=\"wpb_wrapper\"><h2>Comment combiner le festival avec Malaga<\/h2>\n<p>Pour les concerts de l&rsquo;Alcazaba, la billetterie officielle indique un acc\u00e8s par la calle Guill\u00e9n Sotelo, \u00e0 l&rsquo;entr\u00e9e de l&rsquo;ascenseur de l&rsquo;Alcazaba.<\/p>\n<p>Les visiteurs venus sp\u00e9cialement pour l&rsquo;un de ces concerts peuvent profiter de leur s\u00e9jour pour associer le festival \u00e0 d&rsquo;autres activit\u00e9s culturelles et \u00e0 l&rsquo;offre habituelle de <a href=\"https:\/\/www.tablaosflamencos.com\/flamenco-en-malaga\">tablaos et spectacles de flamenco \u00e0 Malaga<\/a>.<\/p>\n<\/div><\/div><\/div><\/div><\/div><\/div><\/div><\/section><section class=\"l-section wpb_row height_huge\"><div class=\"l-section-h i-cf\"><div class=\"g-cols vc_row via_flex valign_top type_default stacking_default\"><div class=\"vc_col-sm-6 wpb_column vc_column_container\"><div class=\"vc_column-inner\"><div class=\"wpb_wrapper\"><div class=\"wpb_text_column\"><div class=\"wpb_wrapper\"><h2 id=\"entradas\">Billets pour Trasnoches Flamencos 2026<\/h2>\n<p>Les billets sont commercialis\u00e9s via <strong>MiEntrada<\/strong>, la plateforme li\u00e9e depuis le site officiel du Festival international de guitare de Malaga Pepe Romero. Les prix vont de <strong>10 \u00e0 18 euros<\/strong> selon le concert.<\/p>\n<ul>\n<li>El Amir : 10 \u20ac<\/li>\n<li>Joni Jim\u00e9nez + Jes\u00fas M\u00e9ndez : 10 \u20ac<\/li>\n<li>Alejandro Hurtado + Inmaculada Salom\u00f3n : 12 \u20ac<\/li>\n<li>Daniel Casares : 12 \u20ac<\/li>\n<li>Pituquete + Encarna Anillo : 15 \u20ac<\/li>\n<li>Jos\u00e9 Ferm\u00edn Fern\u00e1ndez : 15 \u20ac<\/li>\n<li>Ricardo Fern\u00e1ndez del Moral : 18 \u20ac<\/li>\n<\/ul>\n<\/div><\/div><\/div><\/div><\/div><div class=\"vc_col-sm-6 wpb_column vc_column_container\"><div class=\"vc_column-inner\"><div class=\"wpb_wrapper\"><div class=\"wpb_text_column\"><div class=\"wpb_wrapper\"><h2>Achat et disponibilit\u00e9<\/h2>\n<p>Comme les lieux disposent d&rsquo;une capacit\u00e9 limit\u00e9e et que les \u00e9ditions pr\u00e9c\u00e9dentes ont enregistr\u00e9 des concerts complets, il est conseill\u00e9 de v\u00e9rifier les disponibilit\u00e9s \u00e0 l&rsquo;avance, notamment pour les soir\u00e9es de l&rsquo;Alcazaba et les rendez-vous r\u00e9unissant plusieurs artistes.<\/p>\n<p><a href=\"https:\/\/www.mientrada.net\/\" target=\"_blank\" rel=\"nofollow noopener\"><strong>Consulter les billets sur MiEntrada<\/strong><\/a> \u00b7 <a href=\"https:\/\/www.malagaguitarfestival.com\/\" target=\"_blank\" rel=\"nofollow noopener\"><strong>Voir le programme officiel du festival<\/strong><\/a><\/p>\n<\/div><\/div><\/div><\/div><\/div><\/div><\/div><\/section><section class=\"l-section wpb_row height_huge color_alternate with_shape\"><div class=\"l-section-shape type_zigzag pos_top hor_flip\" style=\"height:3vmin;\"><svg xmlns=\"http:\/\/www.w3.org\/2000\/svg\" viewBox=\"0 0 64 8\" preserveAspectRatio=\"none\" width=\"100%\" height=\"100%\">\r\n\t<path fill=\"currentColor\" d=\"M64 8 L0 8 L0 0 L20 7.9 L40 3 L48 5 L64 0 Z\"\/>\r\n<\/svg><\/div><div class=\"l-section-shape type_zigzag pos_bottom\" style=\"height:3vmin;\"><svg xmlns=\"http:\/\/www.w3.org\/2000\/svg\" viewBox=\"0 0 64 8\" preserveAspectRatio=\"none\" width=\"100%\" height=\"100%\">\r\n\t<path fill=\"currentColor\" d=\"M64 8 L0 8 L0 0 L20 7.9 L40 3 L48 5 L64 0 Z\"\/>\r\n<\/svg><\/div><div class=\"l-section-h i-cf\"><div class=\"g-cols vc_row via_flex valign_top type_default stacking_default\"><div class=\"vc_col-sm-6 wpb_column vc_column_container\"><div class=\"vc_column-inner\"><div class=\"wpb_wrapper\"><div class=\"wpb_text_column\"><div class=\"wpb_wrapper\"><h2 id=\"elegir\">Quel concert choisir ?<\/h2>\n<p>Si vous ne pouvez assister qu&rsquo;\u00e0 une seule soir\u00e9e, le choix d\u00e9pend du type de flamenco que vous souhaitez voir. Pour ceux qui privil\u00e9gient la <strong>guitare solo<\/strong>, Daniel Casares et Jos\u00e9 Ferm\u00edn Fern\u00e1ndez sont deux options particuli\u00e8rement claires. Si vous pr\u00e9f\u00e9rez une proposition plus m\u00e9tiss\u00e9e et ouverte \u00e0 d&rsquo;autres langages, El Amir ou Pituquete peuvent mieux convenir.<\/p>\n<p>Pour \u00e9couter du <strong>cante avec guitare<\/strong>, la soir\u00e9e de Joni Jim\u00e9nez et Jes\u00fas M\u00e9ndez est l&rsquo;un des rendez-vous les plus attrayants. Ricardo Fern\u00e1ndez del Moral propose une variante diff\u00e9rente : chant et guitare r\u00e9unis chez un seul interpr\u00e8te.<\/p>\n<\/div><\/div><\/div><\/div><\/div><div class=\"vc_col-sm-6 wpb_column vc_column_container\"><div class=\"vc_column-inner\"><div class=\"wpb_wrapper\"><div class=\"wpb_text_column\"><div class=\"wpb_wrapper\"><h2>Ma recommandation selon le lieu<\/h2>\n<p>Les r\u00e9citals de l&rsquo;Alcazaba ont l&rsquo;avantage de se d\u00e9rouler dans l&rsquo;un des monuments les plus embl\u00e9matiques de Malaga, tandis que Mar\u00eda Cristina offre un format de salle davantage centr\u00e9 sur l&rsquo;\u00e9coute.<\/p>\n<p>Si l&rsquo;atmosph\u00e8re du lieu compte autant que l&rsquo;affiche, je choisirais l&rsquo;une des trois soir\u00e9es de l&rsquo;Alcazaba. Si la priorit\u00e9 est d&rsquo;\u00e9couter la guitare avec une attention maximale, Mar\u00eda Cristina est particuli\u00e8rement adapt\u00e9e.<\/p>\n<\/div><\/div><\/div><\/div><\/div><\/div><\/div><\/section><section class=\"l-section wpb_row height_huge\"><div class=\"l-section-h i-cf\"><div class=\"g-cols vc_row via_flex valign_top type_default stacking_default\"><div class=\"vc_col-sm-12 wpb_column vc_column_container\"><div class=\"vc_column-inner\"><div class=\"wpb_wrapper\"><div class=\"wpb_text_column\"><div class=\"wpb_wrapper\"><h2>Un mois de septembre sous le signe de la guitare flamenca \u00e0 Malaga<\/h2>\n<p>Trasnoches Flamencos transforme le programme g\u00e9n\u00e9ral du Pepe Romero Guitar Festival en une occasion de parcourir plusieurs g\u00e9n\u00e9rations et sensibilit\u00e9s du toque actuel. En seulement trois semaines se succ\u00e8dent guitare solo, accompagnement du cante, dialogue avec la danse et propositions qui \u00e9largissent les fronti\u00e8res habituelles du flamenco.<\/p>\n<p>Avec des billets \u00e0 partir de 10 euros et deux lieux en plein centre de Malaga, le cycle est l&rsquo;un des rendez-vous flamencos les plus int\u00e9ressants de septembre 2026 dans la ville. Le conseil pratique est simple : v\u00e9rifier la disponibilit\u00e9 pour chaque date et, si le concert choisi a lieu \u00e0 l&rsquo;Alcazaba, contr\u00f4ler \u00e0 l&rsquo;avance le point d&rsquo;acc\u00e8s indiqu\u00e9 par l&rsquo;organisation.<\/p>\n<\/div><\/div><div class=\"w-separator size_medium\"><\/div><div class=\"w-hwrapper valign_top wrap align_center\" style=\"--hwrapper-gap:1.2rem\"><div class=\"w-btn-wrapper align_none\"><a class=\"w-btn us-btn-style_1\" href=\"\/?page_id=8784\"><span class=\"w-btn-label\">D\u00e9couvrir le flamenco \u00e0 Malaga<\/span><\/a><\/div><div class=\"w-btn-wrapper align_none\"><a class=\"w-btn us-btn-style_1\" target=\" _blank\" rel=\" nofollow noopener\" href=\"https:\/\/www.malagaguitarfestival.com\/\"><span class=\"w-btn-label\">Voir le programme officiel<\/span><\/a><\/div><\/div><\/div><\/div><\/div><\/div><\/div><\/section><section class=\"l-section wpb_row height_huge color_alternate with_shape\"><div class=\"l-section-shape type_zigzag pos_top\" style=\"height:3vmin;\"><svg xmlns=\"http:\/\/www.w3.org\/2000\/svg\" viewBox=\"0 0 64 8\" preserveAspectRatio=\"none\" width=\"100%\" height=\"100%\">\r\n\t<path fill=\"currentColor\" d=\"M64 8 L0 8 L0 0 L20 7.9 L40 3 L48 5 L64 0 Z\"\/>\r\n<\/svg><\/div><div class=\"l-section-h i-cf\"><div class=\"g-cols vc_row via_flex valign_top type_default stacking_default\"><div class=\"vc_col-sm-1\/5 wpb_column vc_column_container\"><div class=\"vc_column-inner\"><div class=\"wpb_wrapper\"><\/div><\/div><\/div><div class=\"vc_col-sm-3\/5 wpb_column vc_column_container\"><div class=\"vc_column-inner\"><div class=\"wpb_wrapper\"><div class=\"wpb_text_column\"><div class=\"wpb_wrapper\"><h2 id=\"faq\">Questions fr\u00e9quentes sur Trasnoches Flamencos 2026<\/h2>\n<\/div><\/div><div class=\"w-separator size_medium\"><\/div><div class=\"w-tabs accordion toggle_style_1 has_scrolling\" style=\"--sections-title-size:inherit;--sections-gap:0.5rem;\"><div class=\"w-tabs-sections titles-align_none icon_chevron cpos_right\"><div class=\"w-tabs-section\" id=\"h294\"><button type=\"button\" class=\"w-tabs-section-header\" aria-controls=\"content-h294\" aria-expanded=\"false\"><div class=\"w-tabs-section-title\">Quand a lieu Trasnoches Flamencos 2026 ?<\/div><div class=\"w-tabs-section-control\"><\/div><\/button><div  class=\"w-tabs-section-content\" id=\"content-h294\"><div class=\"w-tabs-section-content-h i-cf\"><div class=\"wpb_text_column\"><div class=\"wpb_wrapper\"><p>Le cycle se d\u00e9roule du 4 au 26 septembre 2026 dans le cadre du Ve Festival international de guitare de Malaga Pepe Romero.<\/p>\n<\/div><\/div><\/div><\/div><\/div><div class=\"w-tabs-section\" id=\"l39e\"><button type=\"button\" class=\"w-tabs-section-header\" aria-controls=\"content-l39e\" aria-expanded=\"false\"><div class=\"w-tabs-section-title\">Combien de spectacles composent le cycle ?<\/div><div class=\"w-tabs-section-control\"><\/div><\/button><div  class=\"w-tabs-section-content\" id=\"content-l39e\"><div class=\"w-tabs-section-content-h i-cf\"><div class=\"wpb_text_column\"><div class=\"wpb_wrapper\"><p>Sept rendez-vous sont officiellement identifi\u00e9s comme Trasnoches Flamencos.<\/p>\n<\/div><\/div><\/div><\/div><\/div><div class=\"w-tabs-section\" id=\"j4be\"><button type=\"button\" class=\"w-tabs-section-header\" aria-controls=\"content-j4be\" aria-expanded=\"false\"><div class=\"w-tabs-section-title\">O\u00f9 ont lieu les concerts ?<\/div><div class=\"w-tabs-section-control\"><\/div><\/button><div  class=\"w-tabs-section-content\" id=\"content-j4be\"><div class=\"w-tabs-section-content-h i-cf\"><div class=\"wpb_text_column\"><div class=\"wpb_wrapper\"><p>Dans deux lieux de Malaga : la Sala Fundaci\u00f3n Unicaja Mar\u00eda Cristina et le Patio de Surtidores de l&rsquo;Alcazaba de Malaga.<\/p>\n<\/div><\/div><\/div><\/div><\/div><div class=\"w-tabs-section\" id=\"d5d2\"><button type=\"button\" class=\"w-tabs-section-header\" aria-controls=\"content-d5d2\" aria-expanded=\"false\"><div class=\"w-tabs-section-title\">Combien co\u00fbtent les billets ?<\/div><div class=\"w-tabs-section-control\"><\/div><\/button><div  class=\"w-tabs-section-content\" id=\"content-d5d2\"><div class=\"w-tabs-section-content-h i-cf\"><div class=\"wpb_text_column\"><div class=\"wpb_wrapper\"><p>Les prix annonc\u00e9s vont de 10 \u00e0 18 euros selon le concert.<\/p>\n<\/div><\/div><\/div><\/div><\/div><div class=\"w-tabs-section\" id=\"p6cd\"><button type=\"button\" class=\"w-tabs-section-header\" aria-controls=\"content-p6cd\" aria-expanded=\"false\"><div class=\"w-tabs-section-title\">O\u00f9 acheter les billets ?<\/div><div class=\"w-tabs-section-control\"><\/div><\/button><div  class=\"w-tabs-section-content\" id=\"content-p6cd\"><div class=\"w-tabs-section-content-h i-cf\"><div class=\"wpb_text_column\"><div class=\"wpb_wrapper\"><p>Le site officiel du festival renvoie la vente des sept rendez-vous vers MiEntrada.<\/p>\n<\/div><\/div><\/div><\/div><\/div><div class=\"w-tabs-section\" id=\"u7a7\"><button type=\"button\" class=\"w-tabs-section-header\" aria-controls=\"content-u7a7\" aria-expanded=\"false\"><div class=\"w-tabs-section-title\">Y a-t-il du chant et de la danse en plus de la guitare ?<\/div><div class=\"w-tabs-section-control\"><\/div><\/button><div  class=\"w-tabs-section-content\" id=\"content-u7a7\"><div class=\"w-tabs-section-content-h i-cf\"><div class=\"wpb_text_column\"><div class=\"wpb_wrapper\"><p>Oui. M\u00eame si la guitare est le fil conducteur du cycle, l&rsquo;ouverture comprend de la danse avec Alejandro Hurtado et Inmaculada Salom\u00f3n, du cante avec Encarna Anillo et Jes\u00fas M\u00e9ndez, et Ricardo Fern\u00e1ndez del Moral propose chant et guitare.<\/p>\n<\/div><\/div><\/div><\/div><\/div><\/div><\/div><\/div><\/div><\/div><div class=\"vc_col-sm-1\/5 wpb_column vc_column_container\"><div class=\"vc_column-inner\"><div class=\"wpb_wrapper\"><\/div><\/div><\/div><\/div><\/div><\/section>\n","protected":false},"excerpt":{"rendered":"<p>Trasnoches Flamencos 2026 r\u00e9unit sept spectacles de guitare flamenca, chant et danse \u00e0 Malaga du 4 au 26 septembre. Programme, artistes, horaires, lieux, prix et billets.<\/p>\n","protected":false},"author":1,"featured_media":14935,"comment_status":"closed","ping_status":"closed","sticky":false,"template":"","format":"standard","meta":{"_acf_changed":false,"wpai_generated_summary":"","_ayudawp_aiss_exclude":false,"_ayudawp_aiss_exclude_summary":false,"_ayudawp_aiss_summary":"","_ayudawp_aiss_summary_provider":"","_ayudawp_aiss_summary_hash":"","footnotes":""},"categories":[1668],"tags":[1391,1395,1241,1396],"class_list":["post-15165","post","type-post","status-publish","format-standard","has-post-thumbnail","hentry","category-festivals-flamenco","tag-chant-flamenco","tag-danse-flamenca","tag-festivales-flamencos","tag-guitare-flamenca"],"acf":[],"yoast_head":"<!-- This site is optimized with the Yoast SEO Premium plugin v28.4 (Yoast SEO v28.4) - https:\/\/yoast.com\/product\/yoast-seo-premium-wordpress\/ -->\n<title>Trasnoches Flamencos 2026 \u00e0 Malaga : programme et billets<\/title>\n<meta name=\"description\" content=\"Trasnoches Flamencos 2026 r\u00e9unit sept spectacles de guitare, chant et danse \u00e0 Malaga du 4 au 26 septembre. Programme, artistes, lieux et billets.\" \/>\n<meta name=\"robots\" content=\"index, follow, max-snippet:-1, max-image-preview:large, max-video-preview:-1\" \/>\n<link rel=\"canonical\" href=\"https:\/\/www.tablaosflamencos.com\/fr\/trasnoches-flamencos-2026-malaga-programme-billets.html\" \/>\n<meta property=\"og:locale\" content=\"fr_FR\" \/>\n<meta property=\"og:type\" content=\"article\" \/>\n<meta property=\"og:title\" content=\"Trasnoches Flamencos 2026 : sept soir\u00e9es de guitare, chant et danse \u00e0 Malaga\" \/>\n<meta property=\"og:description\" content=\"Trasnoches Flamencos 2026 r\u00e9unit sept spectacles de guitare, chant et danse \u00e0 Malaga du 4 au 26 septembre. Programme, artistes, lieux et billets.\" \/>\n<meta property=\"og:url\" content=\"https:\/\/www.tablaosflamencos.com\/fr\/trasnoches-flamencos-2026-malaga-programme-billets.html\" \/>\n<meta property=\"og:site_name\" content=\"Tablaos Flamencos\" \/>\n<meta property=\"article:publisher\" content=\"https:\/\/www.facebook.com\/tablaosflamencos\" \/>\n<meta property=\"article:published_time\" content=\"2026-09-06T14:53:49+00:00\" \/>\n<meta property=\"article:modified_time\" content=\"2026-09-06T17:53:47+00:00\" \/>\n<meta property=\"og:image\" content=\"https:\/\/www.tablaosflamencos.com\/wp-content\/uploads\/trasnoches-flamencos-2026-siete-citas-de-guitarra-cante-y-baile-en-malaga-01.webp\" \/>\n\t<meta property=\"og:image:width\" content=\"1672\" \/>\n\t<meta property=\"og:image:height\" content=\"941\" \/>\n\t<meta property=\"og:image:type\" content=\"image\/webp\" \/>\n<meta name=\"author\" content=\"Miguel Ortiz\" \/>\n<meta name=\"twitter:card\" content=\"summary_large_image\" \/>\n<meta name=\"twitter:creator\" content=\"@tablaosflamenco\" \/>\n<meta name=\"twitter:site\" content=\"@tablaosflamenco\" \/>\n<meta name=\"twitter:label1\" content=\"\u00c9crit par\" \/>\n\t<meta name=\"twitter:data1\" content=\"Miguel Ortiz\" \/>\n\t<meta name=\"twitter:label2\" content=\"Dur\u00e9e de lecture estim\u00e9e\" \/>\n\t<meta name=\"twitter:data2\" content=\"11 minutes\" \/>\n<script type=\"application\/ld+json\" class=\"yoast-schema-graph\">{\"@context\":\"https:\\\/\\\/schema.org\",\"@graph\":[{\"@type\":\"Article\",\"@id\":\"https:\\\/\\\/www.tablaosflamencos.com\\\/fr\\\/trasnoches-flamencos-2026-malaga-programme-billets.html#article\",\"isPartOf\":{\"@id\":\"https:\\\/\\\/www.tablaosflamencos.com\\\/fr\\\/trasnoches-flamencos-2026-malaga-programme-billets.html\"},\"author\":{\"name\":\"Miguel Ortiz\",\"@id\":\"https:\\\/\\\/www.tablaosflamencos.com\\\/fr#\\\/schema\\\/person\\\/e7a9ebe14eb75a52ceabfbffb3c54f5d\"},\"headline\":\"Trasnoches Flamencos 2026 : sept soir\u00e9es de guitare, chant et danse \u00e0 Malaga\",\"datePublished\":\"2026-09-06T14:53:49+00:00\",\"dateModified\":\"2026-09-06T17:53:47+00:00\",\"mainEntityOfPage\":{\"@id\":\"https:\\\/\\\/www.tablaosflamencos.com\\\/fr\\\/trasnoches-flamencos-2026-malaga-programme-billets.html\"},\"wordCount\":2374,\"publisher\":{\"@id\":\"https:\\\/\\\/www.tablaosflamencos.com\\\/fr#organization\"},\"image\":{\"@id\":\"https:\\\/\\\/www.tablaosflamencos.com\\\/fr\\\/trasnoches-flamencos-2026-malaga-programme-billets.html#primaryimage\"},\"thumbnailUrl\":\"https:\\\/\\\/www.tablaosflamencos.com\\\/wp-content\\\/uploads\\\/trasnoches-flamencos-2026-siete-citas-de-guitarra-cante-y-baile-en-malaga-01.webp\",\"keywords\":[\"chant flamenco\",\"danse flamenca\",\"festivales flamencos\",\"guitare flamenca\"],\"articleSection\":[\"Festivals de flamenco\"],\"inLanguage\":\"fr-FR\"},{\"@type\":\"WebPage\",\"@id\":\"https:\\\/\\\/www.tablaosflamencos.com\\\/fr\\\/trasnoches-flamencos-2026-malaga-programme-billets.html\",\"url\":\"https:\\\/\\\/www.tablaosflamencos.com\\\/fr\\\/trasnoches-flamencos-2026-malaga-programme-billets.html\",\"name\":\"Trasnoches Flamencos 2026 \u00e0 Malaga : programme et billets\",\"isPartOf\":{\"@id\":\"https:\\\/\\\/www.tablaosflamencos.com\\\/fr#website\"},\"primaryImageOfPage\":{\"@id\":\"https:\\\/\\\/www.tablaosflamencos.com\\\/fr\\\/trasnoches-flamencos-2026-malaga-programme-billets.html#primaryimage\"},\"image\":{\"@id\":\"https:\\\/\\\/www.tablaosflamencos.com\\\/fr\\\/trasnoches-flamencos-2026-malaga-programme-billets.html#primaryimage\"},\"thumbnailUrl\":\"https:\\\/\\\/www.tablaosflamencos.com\\\/wp-content\\\/uploads\\\/trasnoches-flamencos-2026-siete-citas-de-guitarra-cante-y-baile-en-malaga-01.webp\",\"datePublished\":\"2026-09-06T14:53:49+00:00\",\"dateModified\":\"2026-09-06T17:53:47+00:00\",\"description\":\"Trasnoches Flamencos 2026 r\u00e9unit sept spectacles de guitare, chant et danse \u00e0 Malaga du 4 au 26 septembre. Programme, artistes, lieux et billets.\",\"breadcrumb\":{\"@id\":\"https:\\\/\\\/www.tablaosflamencos.com\\\/fr\\\/trasnoches-flamencos-2026-malaga-programme-billets.html#breadcrumb\"},\"inLanguage\":\"fr-FR\",\"potentialAction\":[{\"@type\":\"ReadAction\",\"target\":[\"https:\\\/\\\/www.tablaosflamencos.com\\\/fr\\\/trasnoches-flamencos-2026-malaga-programme-billets.html\"]}]},{\"@type\":\"ImageObject\",\"inLanguage\":\"fr-FR\",\"@id\":\"https:\\\/\\\/www.tablaosflamencos.com\\\/fr\\\/trasnoches-flamencos-2026-malaga-programme-billets.html#primaryimage\",\"url\":\"https:\\\/\\\/www.tablaosflamencos.com\\\/wp-content\\\/uploads\\\/trasnoches-flamencos-2026-siete-citas-de-guitarra-cante-y-baile-en-malaga-01.webp\",\"contentUrl\":\"https:\\\/\\\/www.tablaosflamencos.com\\\/wp-content\\\/uploads\\\/trasnoches-flamencos-2026-siete-citas-de-guitarra-cante-y-baile-en-malaga-01.webp\",\"width\":1672,\"height\":941,\"caption\":\"Trasnoches Flamencos 2026: siete citas de guitarra, cante y baile en M\u00e1laga\"},{\"@type\":\"BreadcrumbList\",\"@id\":\"https:\\\/\\\/www.tablaosflamencos.com\\\/fr\\\/trasnoches-flamencos-2026-malaga-programme-billets.html#breadcrumb\",\"itemListElement\":[{\"@type\":\"ListItem\",\"position\":1,\"name\":\"Home\",\"item\":\"https:\\\/\\\/www.tablaosflamencos.com\\\/fr\"},{\"@type\":\"ListItem\",\"position\":2,\"name\":\"Trasnoches Flamencos 2026 : sept soir\u00e9es de guitare, chant et danse \u00e0 Malaga\"}]},{\"@type\":\"WebSite\",\"@id\":\"https:\\\/\\\/www.tablaosflamencos.com\\\/fr#website\",\"url\":\"https:\\\/\\\/www.tablaosflamencos.com\\\/fr\",\"name\":\"Tablaos Flamencos\",\"description\":\"Entradas para tablaos flamencos de Espa\u00f1a\",\"publisher\":{\"@id\":\"https:\\\/\\\/www.tablaosflamencos.com\\\/fr#organization\"},\"alternateName\":\"Tablaos Flamencos\",\"potentialAction\":[{\"@type\":\"SearchAction\",\"target\":{\"@type\":\"EntryPoint\",\"urlTemplate\":\"https:\\\/\\\/www.tablaosflamencos.com\\\/fr?s={search_term_string}\"},\"query-input\":{\"@type\":\"PropertyValueSpecification\",\"valueRequired\":true,\"valueName\":\"search_term_string\"}}],\"inLanguage\":\"fr-FR\"},{\"@type\":[\"Organization\",\"Place\",\"EntertainmentBusiness\"],\"@id\":\"https:\\\/\\\/www.tablaosflamencos.com\\\/fr#organization\",\"name\":\"Tablaos Flamencos\",\"alternateName\":\"Tablaos Flamencos\",\"url\":\"https:\\\/\\\/www.tablaosflamencos.com\\\/fr\",\"logo\":{\"@id\":\"https:\\\/\\\/www.tablaosflamencos.com\\\/fr\\\/trasnoches-flamencos-2026-malaga-programme-billets.html#local-main-organization-logo\"},\"image\":{\"@id\":\"https:\\\/\\\/www.tablaosflamencos.com\\\/fr\\\/trasnoches-flamencos-2026-malaga-programme-billets.html#local-main-organization-logo\"},\"sameAs\":[\"https:\\\/\\\/www.facebook.com\\\/tablaosflamencos\",\"https:\\\/\\\/x.com\\\/tablaosflamenco\",\"https:\\\/\\\/mastodon.social\\\/@tablaosflamencos\",\"https:\\\/\\\/www.instagram.com\\\/tablaosflamencos\",\"https:\\\/\\\/tiktok.com\\\/@tablaosflamencos\",\"https:\\\/\\\/www.linkedin.com\\\/company\\\/109408238\\\/\"],\"description\":\"Venta de entradas para espect\u00e1culos flamencos\",\"legalName\":\"Tablaos Flamencos\",\"foundingDate\":\"2015-01-01\",\"numberOfEmployees\":{\"@type\":\"QuantitativeValue\",\"minValue\":\"1\",\"maxValue\":\"10\"},\"address\":{\"@id\":\"https:\\\/\\\/www.tablaosflamencos.com\\\/fr\\\/trasnoches-flamencos-2026-malaga-programme-billets.html#local-main-place-address\"},\"geo\":{\"@type\":\"GeoCoordinates\",\"latitude\":\"37.3868072\",\"longitude\":\"-5.993280299999999\"},\"telephone\":[\"+34623787787\"],\"contactPoint\":{\"@type\":\"ContactPoint\",\"telephone\":\"+34623787787\",\"email\":\"info@tablaosflamencos.com\"},\"openingHoursSpecification\":{\"@type\":\"OpeningHoursSpecification\",\"dayOfWeek\":[\"Monday\",\"Tuesday\",\"Wednesday\",\"Thursday\",\"Friday\",\"Saturday\",\"Sunday\"],\"opens\":\"00:00\",\"closes\":\"23:59\"},\"email\":\"info@tablaosflamencos.com\",\"priceRange\":\"$$$\",\"currenciesAccepted\":\"\u20ac\"},{\"@type\":\"Person\",\"@id\":\"https:\\\/\\\/www.tablaosflamencos.com\\\/fr#\\\/schema\\\/person\\\/e7a9ebe14eb75a52ceabfbffb3c54f5d\",\"name\":\"Miguel Ortiz\",\"description\":\"Miguel Ortiz es un empresario flamenco, con una s\u00f3lida trayectoria dentro del sector. Ha presidido entidades culturales vinculadas al flamenco y, cuenta con un amplio recorrido profesional en la gesti\u00f3n y promoci\u00f3n de espect\u00e1culos y tablaos flamencos. Su pasi\u00f3n por la historia y el arte flamenco se refleja en cada art\u00edculo, donde combina experiencia, criterio y un profundo respeto por la tradici\u00f3n.\",\"sameAs\":[\"https:\\\/\\\/www.tablaosflamencos.com\",\"https:\\\/\\\/www.instagra.com\\\/miguelortizfe\",\"https:\\\/\\\/www.linkedin.com\\\/in\\\/miguelortizf\\\/\"],\"birthDate\":\"1984-11-22\",\"gender\":\"hombre\",\"knowsLanguage\":[\"espa\u00f1ol\",\"ingl\u00e9s\"],\"jobTitle\":\"Empresario flamenco\"},{\"@type\":\"PostalAddress\",\"@id\":\"https:\\\/\\\/www.tablaosflamencos.com\\\/fr\\\/trasnoches-flamencos-2026-malaga-programme-billets.html#local-main-place-address\",\"streetAddress\":\"C\\\/ Alemanes, 19\",\"addressLocality\":\"Sevilla\",\"postalCode\":\"41004\",\"addressRegion\":\"Sevilla\",\"addressCountry\":\"ES\"},{\"@type\":\"ImageObject\",\"inLanguage\":\"fr-FR\",\"@id\":\"https:\\\/\\\/www.tablaosflamencos.com\\\/fr\\\/trasnoches-flamencos-2026-malaga-programme-billets.html#local-main-organization-logo\",\"url\":\"https:\\\/\\\/www.tablaosflamencos.com\\\/wp-content\\\/uploads\\\/tablaos-flamencos-06-3.webp\",\"contentUrl\":\"https:\\\/\\\/www.tablaosflamencos.com\\\/wp-content\\\/uploads\\\/tablaos-flamencos-06-3.webp\",\"width\":600,\"height\":620,\"caption\":\"Tablaos Flamencos\"}]}<\/script>\n<meta name=\"geo.placename\" content=\"Sevilla\" \/>\n<meta name=\"geo.position\" content=\"37.3868072;-5.993280299999999\" \/>\n<meta name=\"geo.region\" content=\"Espagne\" \/>\n<!-- \/ Yoast SEO Premium plugin. -->","yoast_head_json":{"title":"Trasnoches Flamencos 2026 \u00e0 Malaga : programme et billets","description":"Trasnoches Flamencos 2026 r\u00e9unit sept spectacles de guitare, chant et danse \u00e0 Malaga du 4 au 26 septembre. Programme, artistes, lieux et billets.","robots":{"index":"index","follow":"follow","max-snippet":"max-snippet:-1","max-image-preview":"max-image-preview:large","max-video-preview":"max-video-preview:-1"},"canonical":"https:\/\/www.tablaosflamencos.com\/fr\/trasnoches-flamencos-2026-malaga-programme-billets.html","og_locale":"fr_FR","og_type":"article","og_title":"Trasnoches Flamencos 2026 : sept soir\u00e9es de guitare, chant et danse \u00e0 Malaga","og_description":"Trasnoches Flamencos 2026 r\u00e9unit sept spectacles de guitare, chant et danse \u00e0 Malaga du 4 au 26 septembre. Programme, artistes, lieux et billets.","og_url":"https:\/\/www.tablaosflamencos.com\/fr\/trasnoches-flamencos-2026-malaga-programme-billets.html","og_site_name":"Tablaos Flamencos","article_publisher":"https:\/\/www.facebook.com\/tablaosflamencos","article_published_time":"2026-09-06T14:53:49+00:00","article_modified_time":"2026-09-06T17:53:47+00:00","og_image":[{"width":1672,"height":941,"url":"https:\/\/www.tablaosflamencos.com\/wp-content\/uploads\/trasnoches-flamencos-2026-siete-citas-de-guitarra-cante-y-baile-en-malaga-01.webp","type":"image\/webp"}],"author":"Miguel Ortiz","twitter_card":"summary_large_image","twitter_creator":"@tablaosflamenco","twitter_site":"@tablaosflamenco","twitter_misc":{"\u00c9crit par":"Miguel Ortiz","Dur\u00e9e de lecture estim\u00e9e":"11 minutes"},"schema":{"@context":"https:\/\/schema.org","@graph":[{"@type":"Article","@id":"https:\/\/www.tablaosflamencos.com\/fr\/trasnoches-flamencos-2026-malaga-programme-billets.html#article","isPartOf":{"@id":"https:\/\/www.tablaosflamencos.com\/fr\/trasnoches-flamencos-2026-malaga-programme-billets.html"},"author":{"name":"Miguel Ortiz","@id":"https:\/\/www.tablaosflamencos.com\/fr#\/schema\/person\/e7a9ebe14eb75a52ceabfbffb3c54f5d"},"headline":"Trasnoches Flamencos 2026 : sept soir\u00e9es de guitare, chant et danse \u00e0 Malaga","datePublished":"2026-09-06T14:53:49+00:00","dateModified":"2026-09-06T17:53:47+00:00","mainEntityOfPage":{"@id":"https:\/\/www.tablaosflamencos.com\/fr\/trasnoches-flamencos-2026-malaga-programme-billets.html"},"wordCount":2374,"publisher":{"@id":"https:\/\/www.tablaosflamencos.com\/fr#organization"},"image":{"@id":"https:\/\/www.tablaosflamencos.com\/fr\/trasnoches-flamencos-2026-malaga-programme-billets.html#primaryimage"},"thumbnailUrl":"https:\/\/www.tablaosflamencos.com\/wp-content\/uploads\/trasnoches-flamencos-2026-siete-citas-de-guitarra-cante-y-baile-en-malaga-01.webp","keywords":["chant flamenco","danse flamenca","festivales flamencos","guitare flamenca"],"articleSection":["Festivals de flamenco"],"inLanguage":"fr-FR"},{"@type":"WebPage","@id":"https:\/\/www.tablaosflamencos.com\/fr\/trasnoches-flamencos-2026-malaga-programme-billets.html","url":"https:\/\/www.tablaosflamencos.com\/fr\/trasnoches-flamencos-2026-malaga-programme-billets.html","name":"Trasnoches Flamencos 2026 \u00e0 Malaga : programme et billets","isPartOf":{"@id":"https:\/\/www.tablaosflamencos.com\/fr#website"},"primaryImageOfPage":{"@id":"https:\/\/www.tablaosflamencos.com\/fr\/trasnoches-flamencos-2026-malaga-programme-billets.html#primaryimage"},"image":{"@id":"https:\/\/www.tablaosflamencos.com\/fr\/trasnoches-flamencos-2026-malaga-programme-billets.html#primaryimage"},"thumbnailUrl":"https:\/\/www.tablaosflamencos.com\/wp-content\/uploads\/trasnoches-flamencos-2026-siete-citas-de-guitarra-cante-y-baile-en-malaga-01.webp","datePublished":"2026-09-06T14:53:49+00:00","dateModified":"2026-09-06T17:53:47+00:00","description":"Trasnoches Flamencos 2026 r\u00e9unit sept spectacles de guitare, chant et danse \u00e0 Malaga du 4 au 26 septembre. Programme, artistes, lieux et billets.","breadcrumb":{"@id":"https:\/\/www.tablaosflamencos.com\/fr\/trasnoches-flamencos-2026-malaga-programme-billets.html#breadcrumb"},"inLanguage":"fr-FR","potentialAction":[{"@type":"ReadAction","target":["https:\/\/www.tablaosflamencos.com\/fr\/trasnoches-flamencos-2026-malaga-programme-billets.html"]}]},{"@type":"ImageObject","inLanguage":"fr-FR","@id":"https:\/\/www.tablaosflamencos.com\/fr\/trasnoches-flamencos-2026-malaga-programme-billets.html#primaryimage","url":"https:\/\/www.tablaosflamencos.com\/wp-content\/uploads\/trasnoches-flamencos-2026-siete-citas-de-guitarra-cante-y-baile-en-malaga-01.webp","contentUrl":"https:\/\/www.tablaosflamencos.com\/wp-content\/uploads\/trasnoches-flamencos-2026-siete-citas-de-guitarra-cante-y-baile-en-malaga-01.webp","width":1672,"height":941,"caption":"Trasnoches Flamencos 2026: siete citas de guitarra, cante y baile en M\u00e1laga"},{"@type":"BreadcrumbList","@id":"https:\/\/www.tablaosflamencos.com\/fr\/trasnoches-flamencos-2026-malaga-programme-billets.html#breadcrumb","itemListElement":[{"@type":"ListItem","position":1,"name":"Home","item":"https:\/\/www.tablaosflamencos.com\/fr"},{"@type":"ListItem","position":2,"name":"Trasnoches Flamencos 2026 : sept soir\u00e9es de guitare, chant et danse \u00e0 Malaga"}]},{"@type":"WebSite","@id":"https:\/\/www.tablaosflamencos.com\/fr#website","url":"https:\/\/www.tablaosflamencos.com\/fr","name":"Tablaos Flamencos","description":"Entradas para tablaos flamencos de Espa\u00f1a","publisher":{"@id":"https:\/\/www.tablaosflamencos.com\/fr#organization"},"alternateName":"Tablaos Flamencos","potentialAction":[{"@type":"SearchAction","target":{"@type":"EntryPoint","urlTemplate":"https:\/\/www.tablaosflamencos.com\/fr?s={search_term_string}"},"query-input":{"@type":"PropertyValueSpecification","valueRequired":true,"valueName":"search_term_string"}}],"inLanguage":"fr-FR"},{"@type":["Organization","Place","EntertainmentBusiness"],"@id":"https:\/\/www.tablaosflamencos.com\/fr#organization","name":"Tablaos Flamencos","alternateName":"Tablaos Flamencos","url":"https:\/\/www.tablaosflamencos.com\/fr","logo":{"@id":"https:\/\/www.tablaosflamencos.com\/fr\/trasnoches-flamencos-2026-malaga-programme-billets.html#local-main-organization-logo"},"image":{"@id":"https:\/\/www.tablaosflamencos.com\/fr\/trasnoches-flamencos-2026-malaga-programme-billets.html#local-main-organization-logo"},"sameAs":["https:\/\/www.facebook.com\/tablaosflamencos","https:\/\/x.com\/tablaosflamenco","https:\/\/mastodon.social\/@tablaosflamencos","https:\/\/www.instagram.com\/tablaosflamencos","https:\/\/tiktok.com\/@tablaosflamencos","https:\/\/www.linkedin.com\/company\/109408238\/"],"description":"Venta de entradas para espect\u00e1culos flamencos","legalName":"Tablaos Flamencos","foundingDate":"2015-01-01","numberOfEmployees":{"@type":"QuantitativeValue","minValue":"1","maxValue":"10"},"address":{"@id":"https:\/\/www.tablaosflamencos.com\/fr\/trasnoches-flamencos-2026-malaga-programme-billets.html#local-main-place-address"},"geo":{"@type":"GeoCoordinates","latitude":"37.3868072","longitude":"-5.993280299999999"},"telephone":["+34623787787"],"contactPoint":{"@type":"ContactPoint","telephone":"+34623787787","email":"info@tablaosflamencos.com"},"openingHoursSpecification":{"@type":"OpeningHoursSpecification","dayOfWeek":["Monday","Tuesday","Wednesday","Thursday","Friday","Saturday","Sunday"],"opens":"00:00","closes":"23:59"},"email":"info@tablaosflamencos.com","priceRange":"$$$","currenciesAccepted":"\u20ac"},{"@type":"Person","@id":"https:\/\/www.tablaosflamencos.com\/fr#\/schema\/person\/e7a9ebe14eb75a52ceabfbffb3c54f5d","name":"Miguel Ortiz","description":"Miguel Ortiz es un empresario flamenco, con una s\u00f3lida trayectoria dentro del sector. Ha presidido entidades culturales vinculadas al flamenco y, cuenta con un amplio recorrido profesional en la gesti\u00f3n y promoci\u00f3n de espect\u00e1culos y tablaos flamencos. Su pasi\u00f3n por la historia y el arte flamenco se refleja en cada art\u00edculo, donde combina experiencia, criterio y un profundo respeto por la tradici\u00f3n.","sameAs":["https:\/\/www.tablaosflamencos.com","https:\/\/www.instagra.com\/miguelortizfe","https:\/\/www.linkedin.com\/in\/miguelortizf\/"],"birthDate":"1984-11-22","gender":"hombre","knowsLanguage":["espa\u00f1ol","ingl\u00e9s"],"jobTitle":"Empresario flamenco"},{"@type":"PostalAddress","@id":"https:\/\/www.tablaosflamencos.com\/fr\/trasnoches-flamencos-2026-malaga-programme-billets.html#local-main-place-address","streetAddress":"C\/ Alemanes, 19","addressLocality":"Sevilla","postalCode":"41004","addressRegion":"Sevilla","addressCountry":"ES"},{"@type":"ImageObject","inLanguage":"fr-FR","@id":"https:\/\/www.tablaosflamencos.com\/fr\/trasnoches-flamencos-2026-malaga-programme-billets.html#local-main-organization-logo","url":"https:\/\/www.tablaosflamencos.com\/wp-content\/uploads\/tablaos-flamencos-06-3.webp","contentUrl":"https:\/\/www.tablaosflamencos.com\/wp-content\/uploads\/tablaos-flamencos-06-3.webp","width":600,"height":620,"caption":"Tablaos Flamencos"}]},"geo.placename":"Sevilla","geo.position":{"lat":"37.3868072","long":"-5.993280299999999"},"geo.region":"Espagne"},"_links":{"self":[{"href":"https:\/\/www.tablaosflamencos.com\/fr\/wp-json\/wp\/v2\/posts\/15165","targetHints":{"allow":["GET"]}}],"collection":[{"href":"https:\/\/www.tablaosflamencos.com\/fr\/wp-json\/wp\/v2\/posts"}],"about":[{"href":"https:\/\/www.tablaosflamencos.com\/fr\/wp-json\/wp\/v2\/types\/post"}],"author":[{"embeddable":true,"href":"https:\/\/www.tablaosflamencos.com\/fr\/wp-json\/wp\/v2\/users\/1"}],"replies":[{"embeddable":true,"href":"https:\/\/www.tablaosflamencos.com\/fr\/wp-json\/wp\/v2\/comments?post=15165"}],"version-history":[{"count":1,"href":"https:\/\/www.tablaosflamencos.com\/fr\/wp-json\/wp\/v2\/posts\/15165\/revisions"}],"predecessor-version":[{"id":15186,"href":"https:\/\/www.tablaosflamencos.com\/fr\/wp-json\/wp\/v2\/posts\/15165\/revisions\/15186"}],"wp:featuredmedia":[{"embeddable":true,"href":"https:\/\/www.tablaosflamencos.com\/fr\/wp-json\/wp\/v2\/media\/14935"}],"wp:attachment":[{"href":"https:\/\/www.tablaosflamencos.com\/fr\/wp-json\/wp\/v2\/media?parent=15165"}],"wp:term":[{"taxonomy":"category","embeddable":true,"href":"https:\/\/www.tablaosflamencos.com\/fr\/wp-json\/wp\/v2\/categories?post=15165"},{"taxonomy":"post_tag","embeddable":true,"href":"https:\/\/www.tablaosflamencos.com\/fr\/wp-json\/wp\/v2\/tags?post=15165"}],"curies":[{"name":"wp","href":"https:\/\/api.w.org\/{rel}","templated":true}]}}