{"id":15063,"date":"2026-09-06T16:35:28","date_gmt":"2026-09-06T14:35:28","guid":{"rendered":"https:\/\/www.tablaosflamencos.com\/?p=15063"},"modified":"2026-09-06T19:42:04","modified_gmt":"2026-09-06T17:42:04","slug":"que-faire-jerez-pendant-jerez-fusion-2026","status":"publish","type":"post","link":"https:\/\/www.tablaosflamencos.com\/fr\/que-faire-jerez-pendant-jerez-fusion-2026.html","title":{"rendered":"Que faire \u00e0 Jerez pendant Jerez Fusi\u00f3n 2026"},"content":{"rendered":"<section class=\"l-section wpb_row height_huge\"><div class=\"l-section-h i-cf\"><div class=\"g-cols vc_row via_flex valign_top type_default stacking_default\"><div class=\"vc_col-sm-6 wpb_column vc_column_container\"><div class=\"vc_column-inner\"><div class=\"wpb_wrapper\"><div class=\"wpb_text_column\"><div class=\"wpb_wrapper\"><p>Jerez Fusi\u00f3n 2026 se d\u00e9roule du 10 au 13 septembre, \u00e0 l&rsquo;un des moments les plus anim\u00e9s du calendrier de Jerez de la Frontera. Le festival co\u00efncide avec les derniers jours des Fiestas de la Vendimia, les f\u00eates des vendanges, qui proposent des activit\u00e9s autour du vin, du flamenco, des expositions et des rendez-vous culturels dans toute la ville. S&rsquo;y ajoutent le VIIe Championnat du monde d&rsquo;\u00e9quitation de travail et, le jeudi 10, l&rsquo;arriv\u00e9e d&rsquo;une \u00e9tape contre-la-montre de La Vuelta \u00e0 Jerez.<\/p>\n<p>Le s\u00e9jour ne se limite donc pas aux concerts. En organisant bien son temps, on peut combiner Jerez Fusi\u00f3n avec une visite de bodega, une promenade dans le centre historique, une soir\u00e9e flamenco, une activit\u00e9 des vendanges ou une sortie \u00e9questre. L&rsquo;essentiel est de ne pas vouloir tout faire et, surtout, de tenir compte des conditions de circulation du jeudi 10 septembre.<\/p>\n<\/div><\/div><\/div><\/div><\/div><div class=\"vc_col-sm-6 wpb_column vc_column_container\"><div class=\"vc_column-inner\"><div class=\"wpb_wrapper\"><div class=\"wpb_text_column\"><div class=\"wpb_wrapper\"><blockquote>\n<p><strong>R\u00e9ponse rapide :<\/strong> pendant Jerez Fusi\u00f3n 2026, associez le programme du festival aux f\u00eates des vendanges, au centre historique et \u00e0 la culture du vin de Jerez, au flamenco en dehors du festival et, si les chevaux vous int\u00e9ressent, au Championnat du monde d&rsquo;\u00e9quitation de travail. Le samedi 12 accueille aussi la Verbena Flamenca de la Asunci\u00f3n, en acc\u00e8s libre dans la limite des places disponibles. Le jeudi 10, La Vuelta entra\u00eenera d&rsquo;importantes fermetures de routes : privil\u00e9giez la marche dans le centre et pr\u00e9voyez du temps entre les activit\u00e9s.<\/p>\n<\/blockquote>\n<p><strong>Derni\u00e8re mise \u00e0 jour :<\/strong> 5 septembre 2026. Les horaires et les activit\u00e9s peuvent changer ; consultez les informations officielles avant de vous d\u00e9placer.<\/p>\n<\/div><\/div><\/div><\/div><\/div><\/div><\/div><\/section><section class=\"l-section wpb_row height_huge color_alternate with_shape\"><div class=\"l-section-shape type_zigzag pos_top hor_flip\" style=\"height:3vmin;\"><svg xmlns=\"http:\/\/www.w3.org\/2000\/svg\" viewBox=\"0 0 64 8\" preserveAspectRatio=\"none\" width=\"100%\" height=\"100%\">\r\n\t<path fill=\"currentColor\" d=\"M64 8 L0 8 L0 0 L20 7.9 L40 3 L48 5 L64 0 Z\"\/>\r\n<\/svg><\/div><div class=\"l-section-shape type_zigzag pos_bottom\" style=\"height:3vmin;\"><svg xmlns=\"http:\/\/www.w3.org\/2000\/svg\" viewBox=\"0 0 64 8\" preserveAspectRatio=\"none\" width=\"100%\" height=\"100%\">\r\n\t<path fill=\"currentColor\" d=\"M64 8 L0 8 L0 0 L20 7.9 L40 3 L48 5 L64 0 Z\"\/>\r\n<\/svg><\/div><div class=\"l-section-h i-cf\"><div class=\"g-cols vc_row via_flex valign_top type_default stacking_default\"><div class=\"vc_col-sm-3 wpb_column vc_column_container\"><div class=\"vc_column-inner\"><div class=\"wpb_wrapper\"><\/div><\/div><\/div><div class=\"vc_col-sm-6 wpb_column vc_column_container\"><div class=\"vc_column-inner\"><div class=\"wpb_wrapper\"><div class=\"wpb_text_column\"><div class=\"wpb_wrapper\"><h2>Sommaire de ce guide<\/h2>\n<ul>\n<li><a href=\"#fin-de-semana-especial\">Pourquoi ce week-end est particulier<\/a><\/li>\n<li><a href=\"#jueves-10\">Jeudi 10 : La Vuelta, vin et d\u00e9but de Jerez Fusi\u00f3n<\/a><\/li>\n<li><a href=\"#viernes-11\">Vendredi 11 : festival et ambiance des vendanges<\/a><\/li>\n<li><a href=\"#sabado-12\">Samedi 12 : vignes, festival et f\u00eate flamenca<\/a><\/li>\n<li><a href=\"#domingo-13\">Dimanche 13 : dernier jour de Jerez Fusi\u00f3n et des vendanges<\/a><\/li>\n<li><a href=\"#centro-historico\">Que voir dans le centre historique entre deux concerts<\/a><\/li>\n<li><a href=\"#jerez-del-vino\">D\u00e9couvrir le Jerez du vin<\/a><\/li>\n<li><a href=\"#mas-flamenco\">O\u00f9 voir davantage de flamenco pendant le festival<\/a><\/li>\n<li><a href=\"#caballo\">Une sortie autour du cheval<\/a><\/li>\n<li><a href=\"#consejos\">Conseils de d\u00e9placement et de r\u00e9servation<\/a><\/li>\n<li><a href=\"#itinerarios\">Itin\u00e9raires conseill\u00e9s<\/a><\/li>\n<li><a href=\"#faq\">Questions fr\u00e9quentes<\/a><\/li>\n<\/ul>\n<\/div><\/div><\/div><\/div><\/div><div class=\"vc_col-sm-3 wpb_column vc_column_container\"><div class=\"vc_column-inner\"><div class=\"wpb_wrapper\"><\/div><\/div><\/div><\/div><\/div><\/section><section class=\"l-section wpb_row height_huge\"><div class=\"l-section-h i-cf\"><div class=\"g-cols vc_row via_flex valign_top type_default stacking_default\"><div class=\"vc_col-sm-12 wpb_column vc_column_container\"><div class=\"vc_column-inner\"><div class=\"wpb_wrapper\"><div class=\"wpb_text_column\"><div class=\"wpb_wrapper\"><h2 id=\"fin-de-semana-especial\">Pourquoi Jerez Fusi\u00f3n co\u00efncide avec un week-end particuli\u00e8rement riche<\/h2>\n<p>Jerez Fusi\u00f3n n&rsquo;a pas lieu pendant une semaine ordinaire. Ses quatre journ\u00e9es, du jeudi 10 au dimanche 13 septembre, co\u00efncident avec la fin des f\u00eates des vendanges de Jerez 2026, commenc\u00e9es le 29 ao\u00fbt et r\u00e9unissant plus d&rsquo;une centaine d&rsquo;activit\u00e9s dans des dizaines de lieux.<\/p>\n<p>Cette co\u00efncidence est int\u00e9ressante car les programmes se compl\u00e8tent. Jerez Fusi\u00f3n propose un regard contemporain croisant flamenco, autres musiques et vins de Jerez ; les vendanges prolongent ce lien avec le vin \u00e0 travers d\u00e9gustations, parcours, expositions, activit\u00e9s familiales et rendez-vous dans le centre et les quartiers.<\/p>\n<p>Si vous venez sp\u00e9cialement pour le festival, nous conseillons d&rsquo;en faire le fil conducteur du s\u00e9jour et de choisir une ou deux activit\u00e9s compl\u00e9mentaires par jour. Vouloir assister \u00e0 tout serait impossible et laisserait moins de temps \u00e0 la ville elle-m\u00eame.<\/p>\n<p>Si vous n&rsquo;avez pas encore consult\u00e9 l&rsquo;affiche, les dates et les modalit\u00e9s de l&rsquo;\u00e9v\u00e9nement, commencez par notre <a href=\"https:\/\/www.tablaosflamencos.com\/fr\/jerez-fusion-2026-dates-programme.html\">guide complet de Jerez Fusi\u00f3n 2026<\/a>. Cet article r\u00e9pond \u00e0 une autre question : que faire pendant les heures libres avant, entre ou apr\u00e8s les activit\u00e9s du festival.<\/p>\n<\/div><\/div><\/div><\/div><\/div><\/div><\/div><\/section><section class=\"l-section wpb_row height_huge color_alternate with_shape\"><div class=\"l-section-shape type_zigzag pos_top hor_flip\" style=\"height:3vmin;\"><svg xmlns=\"http:\/\/www.w3.org\/2000\/svg\" viewBox=\"0 0 64 8\" preserveAspectRatio=\"none\" width=\"100%\" height=\"100%\">\r\n\t<path fill=\"currentColor\" d=\"M64 8 L0 8 L0 0 L20 7.9 L40 3 L48 5 L64 0 Z\"\/>\r\n<\/svg><\/div><div class=\"l-section-shape type_zigzag pos_bottom\" style=\"height:3vmin;\"><svg xmlns=\"http:\/\/www.w3.org\/2000\/svg\" viewBox=\"0 0 64 8\" preserveAspectRatio=\"none\" width=\"100%\" height=\"100%\">\r\n\t<path fill=\"currentColor\" d=\"M64 8 L0 8 L0 0 L20 7.9 L40 3 L48 5 L64 0 Z\"\/>\r\n<\/svg><\/div><div class=\"l-section-h i-cf\"><div class=\"g-cols vc_row via_flex valign_top type_default stacking_default\"><div class=\"vc_col-sm-12 wpb_column vc_column_container\"><div class=\"vc_column-inner\"><div class=\"wpb_wrapper\"><div class=\"wpb_text_column\"><div class=\"wpb_wrapper\"><h2 id=\"jueves-10\">Jeudi 10 septembre : une journ\u00e9e qui demande d&rsquo;anticiper les d\u00e9placements<\/h2>\n<p>Le premier jour de Jerez Fusi\u00f3n sera aussi le plus d\u00e9licat pour circuler. Le jeudi 10 septembre, Jerez accueille l&rsquo;arriv\u00e9e de la 18e \u00e9tape de La Vuelta Ciclista a Espa\u00f1a, un contre-la-montre individuel entre El Puerto de Santa Mar\u00eda et Jerez.<\/p>\n<p>Le dispositif municipal pr\u00e9voit d&rsquo;importantes restrictions pendant une grande partie de la journ\u00e9e, avec un parcours urbain ferm\u00e9 approximativement de 11 h \u00e0 18 h et des mesures suppl\u00e9mentaires pr\u00e8s de l&rsquo;arriv\u00e9e. Si vous arrivez ce jeudi, n&rsquo;organisez donc pas votre journ\u00e9e comme une journ\u00e9e ordinaire.<\/p>\n<p>Notre conseil est clair : si votre h\u00e9bergement est dans le centre ou \u00e0 une distance raisonnable, privil\u00e9giez la marche. En voiture, confirmez \u00e0 l&rsquo;avance l&rsquo;acc\u00e8s \u00e0 l&rsquo;h\u00f4tel, au parking ou \u00e0 votre point d&rsquo;entr\u00e9e et \u00e9vitez les r\u00e9servations trop rapproch\u00e9es.<\/p>\n<p>Une fois ces contraintes r\u00e9gl\u00e9es, le jeudi offre un programme tr\u00e8s jerezano. L&rsquo;agenda municipal des vendanges comprend le <strong>Desaf\u00edo Cata a Ciegas, d\u00e9fi de d\u00e9gustation \u00e0 l&rsquo;aveugle<\/strong> d\u00e8s 12 h, avec des qualifications jeudi et vendredi, tandis que Jerez Fusi\u00f3n figure \u00e0 l&rsquo;agenda municipal \u00e0 partir de 15 h.<\/p>\n<p>Le soir, un rendez-vous particuli\u00e8rement int\u00e9ressant permet de consacrer quelques heures au vin : <strong>De Copa en Copa<\/strong>, aux Claustros de Santo Domingo, commence \u00e0 20 h 30 et se prolonge jusqu&rsquo;\u00e0 minuit. Il rassemble des vins des appellations Jerez-X\u00e9r\u00e8s-Sherry et Manzanilla-Sanl\u00facar de Barrameda et permet de d\u00e9guster les r\u00e9f\u00e9rences de diff\u00e9rentes bodegas.<\/p>\n<p>La meilleure combinaison d\u00e9pend des horaires pr\u00e9cis de vos activit\u00e9s \u00e0 Jerez Fusi\u00f3n. En cas de chevauchement, donnez la priorit\u00e9 au festival ; De Copa en Copa peut convenir \u00e0 ceux qui ont un cr\u00e9neau libre en soir\u00e9e ou pr\u00e9f\u00e8rent une exp\u00e9rience davantage centr\u00e9e sur le vin.<\/p>\n<\/div><\/div><\/div><\/div><\/div><\/div><\/div><\/section><section class=\"l-section wpb_row height_huge\"><div class=\"l-section-h i-cf\"><div class=\"g-cols vc_row via_flex valign_top type_default stacking_default\"><div class=\"vc_col-sm-12 wpb_column vc_column_container\"><div class=\"vc_column-inner\"><div class=\"wpb_wrapper\"><div class=\"wpb_text_column\"><div class=\"wpb_wrapper\"><h2 id=\"viernes-11\">Vendredi 11 : profiter de Jerez sans remplir chaque minute<\/h2>\n<p>Le vendredi est probablement l&rsquo;un des meilleurs jours pour combiner festival et d\u00e9couverte de la ville. Jerez Fusi\u00f3n d\u00e9ploie concerts, masterclasses, showcases, tables rondes, expositions et autres activit\u00e9s, tandis que les f\u00eates des vendanges se poursuivent.<\/p>\n<p>\u00c9vitez un itin\u00e9raire touristique trop ambitieux. Jerez se d\u00e9couvre bien \u00e0 pied et de nombreuses exp\u00e9riences prennent leur sens quand on garde de la marge : s&rsquo;arr\u00eater sur une place, entrer dans un tabanco, boire un verre de fino ou d&rsquo;amontillado, d\u00e9couvrir une \u00e9glise ou s&rsquo;installer pour manger sans courir toute la journ\u00e9e.<\/p>\n<p>Si vous avez une matin\u00e9e libre, consacrez-la aux monuments du centre historique. L&rsquo;Alc\u00e1zar de Jerez, la cath\u00e9drale et les rues reliant la Plaza del Arenal \u00e0 Santiago et San Miguel permettent une visite tr\u00e8s compl\u00e8te sans aller loin.<\/p>\n<p>Vous pouvez aussi r\u00e9server une visite de bodega. Jerez ne produit pas seulement du vin : son paysage urbain, son architecture viticole et son histoire commerciale sont intimement li\u00e9s au syst\u00e8me de criaderas et solera. Une visite guid\u00e9e aide \u00e0 comprendre la place naturelle du vin dans le concept de Jerez Fusi\u00f3n.<\/p>\n<p>L&rsquo;agenda des vendanges annonce \u00e9galement un <strong>Mercadillo de la Vendimia, march\u00e9 des vendanges<\/strong> le vendredi 11 \u00e0 partir de 19 h. Selon vos horaires, il peut constituer une courte halte avant de retrouver le programme principal.<\/p>\n<\/div><\/div><\/div><\/div><\/div><\/div><\/div><\/section><section class=\"l-section wpb_row height_huge color_alternate with_shape\"><div class=\"l-section-shape type_zigzag pos_top hor_flip\" style=\"height:3vmin;\"><svg xmlns=\"http:\/\/www.w3.org\/2000\/svg\" viewBox=\"0 0 64 8\" preserveAspectRatio=\"none\" width=\"100%\" height=\"100%\">\r\n\t<path fill=\"currentColor\" d=\"M64 8 L0 8 L0 0 L20 7.9 L40 3 L48 5 L64 0 Z\"\/>\r\n<\/svg><\/div><div class=\"l-section-shape type_zigzag pos_bottom\" style=\"height:3vmin;\"><svg xmlns=\"http:\/\/www.w3.org\/2000\/svg\" viewBox=\"0 0 64 8\" preserveAspectRatio=\"none\" width=\"100%\" height=\"100%\">\r\n\t<path fill=\"currentColor\" d=\"M64 8 L0 8 L0 0 L20 7.9 L40 3 L48 5 L64 0 Z\"\/>\r\n<\/svg><\/div><div class=\"l-section-h i-cf\"><div class=\"g-cols vc_row via_flex valign_top type_default stacking_default\"><div class=\"vc_col-sm-12 wpb_column vc_column_container\"><div class=\"vc_column-inner\"><div class=\"wpb_wrapper\"><div class=\"wpb_text_column\"><div class=\"wpb_wrapper\"><h2 id=\"sabado-12\">Samedi 12 : vignes le matin et flamenco de quartier le soir<\/h2>\n<p>Le samedi offre quelques-unes des meilleures possibilit\u00e9s pour prolonger le voyage au-del\u00e0 du festival.<\/p>\n<p>\u00c0 10 h est pr\u00e9vue la <strong>II Ruta entre Vi\u00f1as, promenade dans les vignes<\/strong>, qui permet de d\u00e9couvrir le paysage viticole entourant Jerez. Si vous y participez, pr\u00e9voyez assez de temps pour revenir et rejoindre Jerez Fusi\u00f3n : une excursion dans les vignes ne devrait pas devenir une course.<\/p>\n<p>Le programme des vendanges comprend aussi le <strong>XI Concurso de Venencia Infantil, concours de service du vin \u00e0 la venencia pour enfants<\/strong> \u00e0 11 h 30 et la finale du d\u00e9fi de d\u00e9gustation \u00e0 l&rsquo;aveugle. Ces activit\u00e9s montrent combien la culture du vin d\u00e9passe \u00e0 Jerez la simple visite touristique d&rsquo;une bodega.<\/p>\n<p>Mais le grand rendez-vous compl\u00e9mentaire du samedi pour les amateurs de flamenco arrive le soir. La <strong>Verbena Flamenca de la Asunci\u00f3n<\/strong> se tient le 12 septembre d\u00e8s 20 h, en face du centre commercial La Asunci\u00f3n, en acc\u00e8s libre dans la limite des places disponibles.<\/p>\n<p>Au chant figurent Antonio Flores U\u00f1o, Eva del Cristo, \u00c1ngel Rayo, Jos\u00e9 de la Lela, Mar\u00eda Jos\u00e9 Bernal, Pesca\u00edlla de Jerez, Juan de la Mar\u00eda et Luis Moneo. \u00c0 la guitare participent Agust\u00edn de la Fuente, Manuel Jero, Jes\u00fas Agarrado \u00ab El Guardia \u00bb, Jes\u00fas Rodr\u00edguez, Juan Manuel Moneo et Santiago Moreno, avec Jos\u00e9 de Cantarote et \u00c1ngel Pe\u00f1a aux palmas.<\/p>\n<p>Ne supposez pas que cette f\u00eate se combinera automatiquement avec n&rsquo;importe quel spectacle du samedi \u00e0 Jerez Fusi\u00f3n. V\u00e9rifiez d&rsquo;abord horaires et distances. Si votre soir\u00e9e est libre, c&rsquo;est toutefois une belle occasion de vivre le flamenco dans un contexte tr\u00e8s diff\u00e9rent : une rencontre de quartier dans un secteur \u00e0 forte identit\u00e9 flamenca.<\/p>\n<p>Si votre priorit\u00e9 est d&rsquo;\u00e9couter davantage de flamenco \u00e0 Jerez pendant ces journ\u00e9es, consultez notre guide sur <a href=\"https:\/\/www.tablaosflamencos.com\/fr\/ou-voir-flamenco-jerez-pendant-jerez-fusion.html\">o\u00f9 voir du flamenco \u00e0 Jerez pendant Jerez Fusi\u00f3n<\/a>.<\/p>\n<\/div><\/div><\/div><\/div><\/div><\/div><\/div><\/section><section class=\"l-section wpb_row height_huge\"><div class=\"l-section-h i-cf\"><div class=\"g-cols vc_row via_flex valign_top type_default stacking_default\"><div class=\"vc_col-sm-12 wpb_column vc_column_container\"><div class=\"vc_column-inner\"><div class=\"wpb_wrapper\"><div class=\"wpb_text_column\"><div class=\"wpb_wrapper\"><h2 id=\"domingo-13\">Dimanche 13 : dire au revoir au festival et aux vendanges<\/h2>\n<p>Le dimanche 13 est la derni\u00e8re journ\u00e9e de Jerez Fusi\u00f3n comme des f\u00eates des vendanges. Le VIIe Championnat du monde d&rsquo;\u00e9quitation de travail se termine aussi ce jour-l\u00e0 \u00e0 l&rsquo;\u00c9cole royale andalouse d&rsquo;art \u00e9questre.<\/p>\n<p>Le dimanche permet donc de choisir une derni\u00e8re activit\u00e9 selon vos go\u00fbts. Si vous avez consacr\u00e9 les jours pr\u00e9c\u00e9dents presque enti\u00e8rement \u00e0 la musique, r\u00e9servez la matin\u00e9e au centre historique. Si vous avez d\u00e9j\u00e0 parcouru la ville, le monde \u00e9questre offre une alternative typique de Jerez. Si le festival reste prioritaire, n&rsquo;ajoutez pas d&rsquo;engagements inutiles et profitez de son programme final.<\/p>\n<p>C&rsquo;est aussi une bonne journ\u00e9e pour d\u00e9jeuner sans se presser et go\u00fbter la cuisine locale accompagn\u00e9e de vins de la r\u00e9gion de Jerez. Apr\u00e8s quatre journ\u00e9es intenses, garder du temps libre peut \u00eatre plus judicieux qu&rsquo;ajouter une visite.<\/p>\n<\/div><\/div><\/div><\/div><\/div><\/div><\/div><\/section><section class=\"l-section wpb_row height_huge color_alternate with_shape\"><div class=\"l-section-shape type_zigzag pos_top hor_flip\" style=\"height:3vmin;\"><svg xmlns=\"http:\/\/www.w3.org\/2000\/svg\" viewBox=\"0 0 64 8\" preserveAspectRatio=\"none\" width=\"100%\" height=\"100%\">\r\n\t<path fill=\"currentColor\" d=\"M64 8 L0 8 L0 0 L20 7.9 L40 3 L48 5 L64 0 Z\"\/>\r\n<\/svg><\/div><div class=\"l-section-shape type_zigzag pos_bottom\" style=\"height:3vmin;\"><svg xmlns=\"http:\/\/www.w3.org\/2000\/svg\" viewBox=\"0 0 64 8\" preserveAspectRatio=\"none\" width=\"100%\" height=\"100%\">\r\n\t<path fill=\"currentColor\" d=\"M64 8 L0 8 L0 0 L20 7.9 L40 3 L48 5 L64 0 Z\"\/>\r\n<\/svg><\/div><div class=\"l-section-h i-cf\"><div class=\"g-cols vc_row via_flex valign_top type_default stacking_default\"><div class=\"vc_col-sm-12 wpb_column vc_column_container\"><div class=\"vc_column-inner\"><div class=\"wpb_wrapper\"><div class=\"wpb_text_column\"><div class=\"wpb_wrapper\"><h2 id=\"centro-historico\">Que voir dans le centre historique entre deux concerts<\/h2>\n<p>L&rsquo;un des atouts de Jerez est de pouvoir relier une grande partie de ses sites d&rsquo;int\u00e9r\u00eat au cours d&rsquo;une promenade relativement compacte.<\/p>\n<p>L&rsquo;Alc\u00e1zar est l&rsquo;un des monuments majeurs de la ville et permet de comprendre son histoire bien avant l&rsquo;essor viticole moderne. La cath\u00e9drale se trouve tout pr\u00e8s ; de l\u00e0, on rejoint facilement la Plaza del Arenal, la Plaza de la Asunci\u00f3n et les rues de la vieille ville.<\/p>\n<p>Pour un voyage flamenco, deux quartiers comptent particuli\u00e8rement : <strong>Santiago et San Miguel<\/strong>. Ce ne sont ni des d\u00e9cors th\u00e9matiques ni des quartiers cr\u00e9\u00e9s pour les visiteurs. Ils sont essentiels pour comprendre la g\u00e9ographie humaine du flamenco de Jerez et ses liens avec les familles, les artistes et les modes de transmission qui ont marqu\u00e9 l&rsquo;histoire du chant et de la danse.<\/p>\n<p>Il est \u00e9galement int\u00e9ressant de visiter le <strong>Centre culturel Lola Flores<\/strong> si vos horaires le permettent. Cette visite convient particuli\u00e8rement \u00e0 un s\u00e9jour motiv\u00e9 par Jerez Fusi\u00f3n : elle relie l&rsquo;exp\u00e9rience contemporaine du festival \u00e0 l&rsquo;une des artistes populaires les plus universelles n\u00e9es dans la ville.<\/p>\n<p>Avant de partir, v\u00e9rifiez toujours les horaires actualis\u00e9s des monuments et des lieux culturels, surtout le dimanche.<\/p>\n<\/div><\/div><\/div><\/div><\/div><\/div><\/div><\/section><section class=\"l-section wpb_row height_huge\"><div class=\"l-section-h i-cf\"><div class=\"g-cols vc_row via_flex valign_top type_default stacking_default\"><div class=\"vc_col-sm-12 wpb_column vc_column_container\"><div class=\"vc_column-inner\"><div class=\"wpb_wrapper\"><div class=\"wpb_text_column\"><div class=\"wpb_wrapper\"><h2 id=\"jerez-del-vino\">D\u00e9couvrir le Jerez du vin pendant le festival<\/h2>\n<p>\u00c0 Jerez, le vin ne devrait pas \u00eatre un simple compl\u00e9ment touristique sans rapport avec le flamenco. Il appartient au paysage culturel qui explique le festival lui-m\u00eame.<\/p>\n<p>Trois approches permettent de le d\u00e9couvrir.<\/p>\n<p><strong>1. Visiter une bodega.<\/strong> C&rsquo;est la mani\u00e8re la plus p\u00e9dagogique de comprendre l&rsquo;\u00e9levage et le syst\u00e8me de criaderas et solera. R\u00e9servez \u00e0 l&rsquo;avance, surtout pendant un week-end aussi anim\u00e9.<\/p>\n<p><strong>2. Participer aux activit\u00e9s exceptionnelles des vendanges.<\/strong> De Copa en Copa en est le meilleur exemple pendant Jerez Fusi\u00f3n : un rendez-vous aux Claustros de Santo Domingo pour comparer les vins de diff\u00e9rentes bodegas.<\/p>\n<p><strong>3. Entrer dans un tabanco.<\/strong> Ces petits \u00e9tablissements participent \u00e0 une culture urbaine propre \u00e0 Jerez, o\u00f9 vin, conversation et parfois flamenco se rencontrent. Tous ne proposent pas de spectacles chaque jour : v\u00e9rifiez \u00e0 l&rsquo;avance si vous cherchez de la musique en direct.<\/p>\n<p>L&rsquo;id\u00e9al est de donner un r\u00f4le \u00e0 chaque exp\u00e9rience. La bodega aide \u00e0 comprendre le vin ; le tabanco en r\u00e9v\u00e8le la dimension quotidienne ; Jerez Fusi\u00f3n explore ses rapports avec les expressions artistiques contemporaines.<\/p>\n<\/div><\/div><\/div><\/div><\/div><\/div><\/div><\/section><section class=\"l-section wpb_row height_huge color_alternate with_shape\"><div class=\"l-section-shape type_zigzag pos_top hor_flip\" style=\"height:3vmin;\"><svg xmlns=\"http:\/\/www.w3.org\/2000\/svg\" viewBox=\"0 0 64 8\" preserveAspectRatio=\"none\" width=\"100%\" height=\"100%\">\r\n\t<path fill=\"currentColor\" d=\"M64 8 L0 8 L0 0 L20 7.9 L40 3 L48 5 L64 0 Z\"\/>\r\n<\/svg><\/div><div class=\"l-section-shape type_zigzag pos_bottom\" style=\"height:3vmin;\"><svg xmlns=\"http:\/\/www.w3.org\/2000\/svg\" viewBox=\"0 0 64 8\" preserveAspectRatio=\"none\" width=\"100%\" height=\"100%\">\r\n\t<path fill=\"currentColor\" d=\"M64 8 L0 8 L0 0 L20 7.9 L40 3 L48 5 L64 0 Z\"\/>\r\n<\/svg><\/div><div class=\"l-section-h i-cf\"><div class=\"g-cols vc_row via_flex valign_top type_default stacking_default\"><div class=\"vc_col-sm-12 wpb_column vc_column_container\"><div class=\"vc_column-inner\"><div class=\"wpb_wrapper\"><div class=\"wpb_text_column\"><div class=\"wpb_wrapper\"><h2 id=\"mas-flamenco\">O\u00f9 voir davantage de flamenco pendant Jerez Fusi\u00f3n<\/h2>\n<p>Jerez Fusi\u00f3n est ancr\u00e9 dans le flamenco, mais le festival ne r\u00e9sume pas toute l&rsquo;offre flamenca de la ville.<\/p>\n<p>Pour une exp\u00e9rience r\u00e9guli\u00e8re que vous pouvez r\u00e9server \u00e0 l&rsquo;avance, consultez notre page consacr\u00e9e au <a href=\"https:\/\/www.tablaosflamencos.com\/fr\/flamenco-a-jerez\">flamenco \u00e0 Jerez<\/a>. Parmi les possibilit\u00e9s figure le <a href=\"https:\/\/www.tablaosflamencos.com\/fr\/tablao\/tablao-flamenco-puro-arte\">Tablao Flamenco Puro Arte<\/a>, install\u00e9 dans une bodega historique et proposant chant, guitare et danse dans un format permettant de vivre la sc\u00e8ne de pr\u00e8s.<\/p>\n<p>Cette option est particuli\u00e8rement utile si vous arrivez un jour avant, restez apr\u00e8s le festival ou avez une soir\u00e9e libre sans activit\u00e9 qui vous int\u00e9resse dans le programme.<\/p>\n<p>Le samedi, la Verbena Flamenca de la Asunci\u00f3n ajoute un format tout diff\u00e9rent : du flamenco de quartier ouvert \u00e0 la ville, en acc\u00e8s libre dans la limite des places disponibles.<\/p>\n<p>Nous conseillons de ne pas opposer \u00ab festival \u00bb et \u00ab flamenco authentique \u00bb. Les contextes sont diff\u00e9rents. Jerez Fusi\u00f3n explore les croisements, les nouvelles expressions et les liens avec le vin ; le tablao offre une continuit\u00e9 professionnelle et de la proximit\u00e9 ; la f\u00eate flamenca de quartier propose une autre mani\u00e8re de partager le chant et la guitare.<\/p>\n<\/div><\/div><\/div><\/div><\/div><\/div><\/div><\/section><section class=\"l-section wpb_row height_huge\"><div class=\"l-section-h i-cf\"><div class=\"g-cols vc_row via_flex valign_top type_default stacking_default\"><div class=\"vc_col-sm-12 wpb_column vc_column_container\"><div class=\"vc_column-inner\"><div class=\"wpb_wrapper\"><div class=\"wpb_text_column\"><div class=\"wpb_wrapper\"><h2 id=\"caballo\">Le cheval : la grande alternative du 8 au 13 septembre<\/h2>\n<p>Jerez est aussi l&rsquo;une des grandes capitales \u00e9questres d&rsquo;Espagne. Aux m\u00eames dates que le festival, l&rsquo;\u00c9cole royale andalouse d&rsquo;art \u00e9questre accueille le <strong>VIIe Championnat du monde d&rsquo;\u00e9quitation de travail<\/strong>, du 8 au 13 septembre.<\/p>\n<p>L&rsquo;Espagne accueille ce championnat pour la premi\u00e8re fois, avec 74 couples cheval-cavalier venus de 22 pays. Pour les visiteurs int\u00e9ress\u00e9s par les chevaux, c&rsquo;est une co\u00efncidence exceptionnelle.<\/p>\n<p>Votre s\u00e9jour n&rsquo;a pas besoin d&rsquo;\u00eatre consacr\u00e9 \u00e0 l&rsquo;\u00e9quitation pour envisager cette sortie. Jerez Fusi\u00f3n occupant une grande partie des apr\u00e8s-midi et des soir\u00e9es, une comp\u00e9tition ou une activit\u00e9 en journ\u00e9e peut le compl\u00e9ter.<\/p>\n<p>Achetez ou confirmez votre acc\u00e8s \u00e0 l&rsquo;avance et consultez le programme officiel de l&rsquo;\u00c9cole royale. Le contenu et les horaires varient selon les jours.<\/p>\n<\/div><\/div><\/div><\/div><\/div><\/div><\/div><\/section><section class=\"l-section wpb_row height_huge color_alternate with_shape\"><div class=\"l-section-shape type_zigzag pos_top hor_flip\" style=\"height:3vmin;\"><svg xmlns=\"http:\/\/www.w3.org\/2000\/svg\" viewBox=\"0 0 64 8\" preserveAspectRatio=\"none\" width=\"100%\" height=\"100%\">\r\n\t<path fill=\"currentColor\" d=\"M64 8 L0 8 L0 0 L20 7.9 L40 3 L48 5 L64 0 Z\"\/>\r\n<\/svg><\/div><div class=\"l-section-shape type_zigzag pos_bottom\" style=\"height:3vmin;\"><svg xmlns=\"http:\/\/www.w3.org\/2000\/svg\" viewBox=\"0 0 64 8\" preserveAspectRatio=\"none\" width=\"100%\" height=\"100%\">\r\n\t<path fill=\"currentColor\" d=\"M64 8 L0 8 L0 0 L20 7.9 L40 3 L48 5 L64 0 Z\"\/>\r\n<\/svg><\/div><div class=\"l-section-h i-cf\"><div class=\"g-cols vc_row via_flex valign_top type_default stacking_default\"><div class=\"vc_col-sm-12 wpb_column vc_column_container\"><div class=\"vc_column-inner\"><div class=\"wpb_wrapper\"><div class=\"wpb_text_column\"><div class=\"wpb_wrapper\"><h2 id=\"consejos\">Conseils pratiques : h\u00e9bergement, r\u00e9servations et d\u00e9placements<\/h2>\n<p>Plusieurs \u00e9v\u00e9nements susceptibles d&rsquo;augmenter la demande co\u00efncident pendant ces quatre jours. Jerez Fusi\u00f3n, la fin des vendanges, le championnat \u00e9questre et La Vuelta concentrent visiteurs et animations.<\/p>\n<ul>\n<li><strong>Choisissez un emplacement pratique.<\/strong> Si vous n&rsquo;avez pas encore r\u00e9serv\u00e9 votre h\u00e9bergement, la proximit\u00e9 du centre peut limiter les d\u00e9placements, surtout le jeudi 10.<\/li>\n<li><strong>R\u00e9servez \u00e0 l&rsquo;avance.<\/strong> Restaurants, bodegas, visites guid\u00e9es et spectacles \u00e0 capacit\u00e9 limit\u00e9e peuvent afficher complet.<\/li>\n<li><strong>Gardez du temps entre les activit\u00e9s.<\/strong> Une file d&rsquo;attente, un repas qui se prolonge, un changement de lieu ou l&rsquo;ambiance de la ville peuvent perturber un itin\u00e9raire trop serr\u00e9.<\/li>\n<li><strong>V\u00e9rifiez la circulation du jeudi 10.<\/strong> La Vuelta modifiera la circulation pendant plusieurs heures. Consultez les restrictions actualis\u00e9es avant de partir.<\/li>\n<li><strong>\u00c9vitez de d\u00e9pendre de la voiture dans le centre.<\/strong> Lorsque les distances le permettent, marcher sera la solution la plus simple aux heures les plus anim\u00e9es.<\/li>\n<\/ul>\n<\/div><\/div><\/div><\/div><\/div><\/div><\/div><\/section><section class=\"l-section wpb_row height_huge\"><div class=\"l-section-h i-cf\"><div class=\"g-cols vc_row via_flex valign_top type_default stacking_default\"><div class=\"vc_col-sm-12 wpb_column vc_column_container\"><div class=\"vc_column-inner\"><div class=\"wpb_wrapper\"><div class=\"wpb_text_column\"><div class=\"wpb_wrapper\"><h2 id=\"itinerarios\">Itin\u00e9raires conseill\u00e9s selon le temps disponible<\/h2>\n<h3>Si vous n&rsquo;avez qu&rsquo;une journ\u00e9e<\/h3>\n<p>Choisissez d&rsquo;abord votre activit\u00e9 incontournable de Jerez Fusi\u00f3n. Ajoutez une promenade dans le centre historique et une exp\u00e9rience autour du vin. Si les horaires le permettent, terminez par du flamenco ou une activit\u00e9 des vendanges.<\/p>\n<h3>Si vous disposez de deux jours<\/h3>\n<p>Consacrez une journ\u00e9e au festival et au centre historique, l&rsquo;autre au vin et au flamenco. Bodega le matin, d\u00e9jeuner dans le centre, Jerez Fusi\u00f3n l&rsquo;apr\u00e8s-midi et spectacle flamenco le soir composent une journ\u00e9e compl\u00e8te sans quitter la ville.<\/p>\n<h3>Si vous restez quatre jours<\/h3>\n<p>Variez les sorties : festival, vieille ville, bodega, tabanco, spectacles r\u00e9guliers de flamenco, vendanges et cheval. Jerez offre assez de diversit\u00e9 pour donner \u00e0 chaque journ\u00e9e un caract\u00e8re diff\u00e9rent.<\/p>\n<p><strong>Notre proposition pour le samedi 12 :<\/strong> une matin\u00e9e autour du vin ou des vignes, un apr\u00e8s-midi \u00e0 Jerez Fusi\u00f3n et la Verbena Flamenca de la Asunci\u00f3n uniquement si les horaires permettent d&rsquo;y aller sans se presser.<\/p>\n<p><strong>Pour le dimanche 13 :<\/strong> une journ\u00e9e plus l\u00e9g\u00e8re : centre historique ou activit\u00e9 \u00e9questre le matin, d\u00e9jeuner tranquille et conclusion avec le programme final de Jerez Fusi\u00f3n.<\/p>\n<\/div><\/div><\/div><\/div><\/div><\/div><\/div><\/section><section class=\"l-section wpb_row height_huge color_alternate with_shape\"><div class=\"l-section-shape type_zigzag pos_top hor_flip\" style=\"height:3vmin;\"><svg xmlns=\"http:\/\/www.w3.org\/2000\/svg\" viewBox=\"0 0 64 8\" preserveAspectRatio=\"none\" width=\"100%\" height=\"100%\">\r\n\t<path fill=\"currentColor\" d=\"M64 8 L0 8 L0 0 L20 7.9 L40 3 L48 5 L64 0 Z\"\/>\r\n<\/svg><\/div><div class=\"l-section-shape type_zigzag pos_bottom\" style=\"height:3vmin;\"><svg xmlns=\"http:\/\/www.w3.org\/2000\/svg\" viewBox=\"0 0 64 8\" preserveAspectRatio=\"none\" width=\"100%\" height=\"100%\">\r\n\t<path fill=\"currentColor\" d=\"M64 8 L0 8 L0 0 L20 7.9 L40 3 L48 5 L64 0 Z\"\/>\r\n<\/svg><\/div><div class=\"l-section-h i-cf\"><div class=\"g-cols vc_row via_flex valign_top type_default stacking_default\"><div class=\"vc_col-sm-12 wpb_column vc_column_container\"><div class=\"vc_column-inner\"><div class=\"wpb_wrapper\"><div class=\"wpb_text_column\"><div class=\"wpb_wrapper\"><h2>Jerez Fusi\u00f3n, une occasion de d\u00e9couvrir la ville<\/h2>\n<p>Un bon festival ne devrait pas obliger \u00e0 passer quatre jours enferm\u00e9 dans des salles. Jerez Fusi\u00f3n poss\u00e8de un avantage particulier : ses trois grands th\u00e8mes \u2014 flamenco, vin et culture \u2014 existent aussi dans la ville en dehors du programme.<\/p>\n<p>S&rsquo;\u00e9loigner quelques heures du festival ne signifie pas le manquer. Cela peut aider \u00e0 mieux le comprendre.<\/p>\n<p>\u00c9couter du flamenco ailleurs, visiter une bodega, parcourir Santiago ou San Miguel, go\u00fbter un vin dans un tabanco ou d\u00e9couvrir la place du cheval dans l&rsquo;identit\u00e9 locale permet de revenir \u00e0 Jerez Fusi\u00f3n avec davantage de rep\u00e8res.<\/p>\n<p>Si vous voyagez du 10 au 13 septembre, construisez donc un itin\u00e9raire souple. R\u00e9servez ce que vous ne voulez vraiment pas manquer et gardez du temps pour Jerez. \u00c0 ces dates, la ville elle-m\u00eame propose un programme parall\u00e8le.<\/p>\n<\/div><\/div><\/div><\/div><\/div><\/div><\/div><\/section><section class=\"l-section wpb_row height_huge\"><div class=\"l-section-h i-cf\"><div class=\"g-cols vc_row via_flex valign_top type_default stacking_default\"><div class=\"vc_col-sm-1\/5 wpb_column vc_column_container\"><div class=\"vc_column-inner\"><div class=\"wpb_wrapper\"><\/div><\/div><\/div><div class=\"vc_col-sm-3\/5 wpb_column vc_column_container\"><div class=\"vc_column-inner\"><div class=\"wpb_wrapper\"><div class=\"wpb_text_column\"><div class=\"wpb_wrapper\"><h2 id=\"faq\">Questions fr\u00e9quentes sur les activit\u00e9s \u00e0 Jerez pendant Jerez Fusi\u00f3n 2026<\/h2>\n<\/div><\/div><div class=\"w-tabs accordion toggle_style_1 has_scrolling\" style=\"--sections-title-size:inherit;--sections-gap:0.5rem;\"><div class=\"w-tabs-sections titles-align_none icon_plus cpos_left\"><div class=\"w-tabs-section\" id=\"jerez-planes-faq-1\"><button type=\"button\" class=\"w-tabs-section-header\" aria-controls=\"content-jerez-planes-faq-1\" aria-expanded=\"false\"><h3 class=\"w-tabs-section-title\">Quelles sont les dates de Jerez Fusi\u00f3n 2026 ?<\/h3><div class=\"w-tabs-section-control\"><\/div><\/button><div  class=\"w-tabs-section-content\" id=\"content-jerez-planes-faq-1\"><div class=\"w-tabs-section-content-h i-cf\"><div class=\"wpb_text_column\"><div class=\"wpb_wrapper\"><p>Jerez Fusi\u00f3n se d\u00e9roule du jeudi 10 au dimanche 13 septembre 2026 \u00e0 Jerez de la Frontera. Le festival associe musique et vin, avec des activit\u00e9s dans plusieurs salles et espaces.<\/p>\n<\/div><\/div><\/div><\/div><\/div><div class=\"w-tabs-section\" id=\"jerez-planes-faq-2\"><button type=\"button\" class=\"w-tabs-section-header\" aria-controls=\"content-jerez-planes-faq-2\" aria-expanded=\"false\"><h3 class=\"w-tabs-section-title\">Quels autres \u00e9v\u00e9nements co\u00efncident avec Jerez Fusi\u00f3n ?<\/h3><div class=\"w-tabs-section-control\"><\/div><\/button><div  class=\"w-tabs-section-content\" id=\"content-jerez-planes-faq-2\"><div class=\"w-tabs-section-content-h i-cf\"><div class=\"wpb_text_column\"><div class=\"wpb_wrapper\"><p>Les quatre derniers jours des f\u00eates des vendanges 2026, le VIIe Championnat du monde d&rsquo;\u00e9quitation de travail et, le jeudi 10, l&rsquo;arriv\u00e9e \u00e0 Jerez d&rsquo;une \u00e9tape contre-la-montre de La Vuelta Ciclista a Espa\u00f1a.<\/p>\n<\/div><\/div><\/div><\/div><\/div><div class=\"w-tabs-section\" id=\"jerez-planes-faq-3\"><button type=\"button\" class=\"w-tabs-section-header\" aria-controls=\"content-jerez-planes-faq-3\" aria-expanded=\"false\"><h3 class=\"w-tabs-section-title\">Y aura-t-il des difficult\u00e9s de circulation pendant Jerez Fusi\u00f3n ?<\/h3><div class=\"w-tabs-section-control\"><\/div><\/button><div  class=\"w-tabs-section-content\" id=\"content-jerez-planes-faq-3\"><div class=\"w-tabs-section-content-h i-cf\"><div class=\"wpb_text_column\"><div class=\"wpb_wrapper\"><p>Le jeudi 10 septembre sera le jour le plus compliqu\u00e9 en raison de La Vuelta. Le dispositif annonc\u00e9 pr\u00e9voit des fermetures et restrictions pendant plusieurs heures. Consultez les informations municipales actualis\u00e9es et marchez dans le centre lorsque c&rsquo;est possible.<\/p>\n<\/div><\/div><\/div><\/div><\/div><div class=\"w-tabs-section\" id=\"jerez-planes-faq-4\"><button type=\"button\" class=\"w-tabs-section-header\" aria-controls=\"content-jerez-planes-faq-4\" aria-expanded=\"false\"><h3 class=\"w-tabs-section-title\">Y a-t-il du flamenco en dehors de Jerez Fusi\u00f3n \u00e0 ces dates ?<\/h3><div class=\"w-tabs-section-control\"><\/div><\/button><div  class=\"w-tabs-section-content\" id=\"content-jerez-planes-faq-4\"><div class=\"w-tabs-section-content-h i-cf\"><div class=\"wpb_text_column\"><div class=\"wpb_wrapper\"><p>Oui. En plus de l&rsquo;offre r\u00e9guli\u00e8re de Jerez, la Verbena Flamenca de la Asunci\u00f3n se tient le samedi 12, en acc\u00e8s libre dans la limite des places disponibles. Vous pouvez aussi r\u00e9server des spectacles dans des lieux \u00e0 programmation r\u00e9guli\u00e8re.<\/p>\n<\/div><\/div><\/div><\/div><\/div><div class=\"w-tabs-section\" id=\"jerez-planes-faq-5\"><button type=\"button\" class=\"w-tabs-section-header\" aria-controls=\"content-jerez-planes-faq-5\" aria-expanded=\"false\"><h3 class=\"w-tabs-section-title\">Une visite de bodega vaut-elle la peine pendant le festival ?<\/h3><div class=\"w-tabs-section-control\"><\/div><\/button><div  class=\"w-tabs-section-content\" id=\"content-jerez-planes-faq-5\"><div class=\"w-tabs-section-content-h i-cf\"><div class=\"wpb_text_column\"><div class=\"wpb_wrapper\"><p>Oui, surtout pour une premi\u00e8re visite \u00e0 Jerez. Une bodega permet de comprendre l&rsquo;\u00e9levage et la culture du vin qui font partie du concept de Jerez Fusi\u00f3n. R\u00e9servez \u00e0 l&rsquo;avance.<\/p>\n<\/div><\/div><\/div><\/div><\/div><div class=\"w-tabs-section\" id=\"jerez-planes-faq-6\"><button type=\"button\" class=\"w-tabs-section-header\" aria-controls=\"content-jerez-planes-faq-6\" aria-expanded=\"false\"><h3 class=\"w-tabs-section-title\">Que faire le samedi 12 septembre ?<\/h3><div class=\"w-tabs-section-control\"><\/div><\/button><div  class=\"w-tabs-section-content\" id=\"content-jerez-planes-faq-6\"><div class=\"w-tabs-section-content-h i-cf\"><div class=\"wpb_text_column\"><div class=\"wpb_wrapper\"><p>Outre Jerez Fusi\u00f3n, l&rsquo;agenda des vendanges comprend la II Ruta entre Vi\u00f1as, le concours de venencia pour enfants et la finale du d\u00e9fi de d\u00e9gustation \u00e0 l&rsquo;aveugle. La Verbena Flamenca de la Asunci\u00f3n a lieu le soir.<\/p>\n<\/div><\/div><\/div><\/div><\/div><div class=\"w-tabs-section\" id=\"jerez-planes-faq-7\"><button type=\"button\" class=\"w-tabs-section-header\" aria-controls=\"content-jerez-planes-faq-7\" aria-expanded=\"false\"><h3 class=\"w-tabs-section-title\">Que faire le dimanche 13 ?<\/h3><div class=\"w-tabs-section-control\"><\/div><\/button><div  class=\"w-tabs-section-content\" id=\"content-jerez-planes-faq-7\"><div class=\"w-tabs-section-content-h i-cf\"><div class=\"wpb_text_column\"><div class=\"wpb_wrapper\"><p>Le dimanche cl\u00f4t Jerez Fusi\u00f3n, les f\u00eates des vendanges et le Championnat du monde d&rsquo;\u00e9quitation de travail. Selon les horaires, combinez le festival avec le centre historique, un d\u00e9jeuner tranquille ou une activit\u00e9 \u00e9questre.<\/p>\n<\/div><\/div><\/div><\/div><\/div><div class=\"w-tabs-section\" id=\"jerez-planes-faq-8\"><button type=\"button\" class=\"w-tabs-section-header\" aria-controls=\"content-jerez-planes-faq-8\" aria-expanded=\"false\"><h3 class=\"w-tabs-section-title\">O\u00f9 consulter le programme complet de Jerez Fusi\u00f3n ?<\/h3><div class=\"w-tabs-section-control\"><\/div><\/button><div  class=\"w-tabs-section-content\" id=\"content-jerez-planes-faq-8\"><div class=\"w-tabs-section-content-h i-cf\"><div class=\"wpb_text_column\"><div class=\"wpb_wrapper\"><p>Notre <a href=\"https:\/\/www.tablaosflamencos.com\/fr\/jerez-fusion-2026-dates-programme.html\">guide de Jerez Fusi\u00f3n 2026<\/a> rassemble les principales informations du festival. Pour les changements de derni\u00e8re minute, consultez aussi les canaux officiels de l&rsquo;\u00e9v\u00e9nement.<\/p>\n<\/div><\/div><\/div><\/div><\/div><\/div><\/div><\/div><\/div><\/div><div class=\"vc_col-sm-1\/5 wpb_column vc_column_container\"><div class=\"vc_column-inner\"><div class=\"wpb_wrapper\"><\/div><\/div><\/div><\/div><\/div><\/section>\n","protected":false},"excerpt":{"rendered":"<p>Guide pratique de Jerez Fusi\u00f3n 2026 : flamenco, vin, vendanges, centre historique, chevaux et conseils de d\u00e9placement du 10 au 13 septembre.<\/p>\n","protected":false},"author":1,"featured_media":15147,"comment_status":"closed","ping_status":"closed","sticky":false,"template":"","format":"standard","meta":{"_acf_changed":false,"wpai_generated_summary":"","_ayudawp_aiss_exclude":false,"_ayudawp_aiss_exclude_summary":false,"_ayudawp_aiss_summary":"","_ayudawp_aiss_summary_provider":"","_ayudawp_aiss_summary_hash":"","footnotes":""},"categories":[1668,354],"tags":[1241,2015,1075,2016,2017],"class_list":["post-15063","post","type-post","status-publish","format-standard","has-post-thumbnail","hentry","category-festivals-flamenco","category-flamenco-par-ville","tag-festivales-flamencos","tag-flamenco-a-jerez-fr","tag-jerez-de-la-frontera","tag-jerez-fusion-fr","tag-jerez-fusion-2026-fr"],"acf":[],"yoast_head":"<!-- This site is optimized with the Yoast SEO Premium plugin v28.4 (Yoast SEO v28.4) - https:\/\/yoast.com\/product\/yoast-seo-premium-wordpress\/ -->\n<title>Que faire \u00e0 Jerez pendant Jerez Fusi\u00f3n 2026<\/title>\n<meta name=\"description\" content=\"D\u00e9couvrez que faire \u00e0 Jerez pendant Jerez Fusi\u00f3n 2026 : flamenco, bodegas, vendanges, patrimoine et conseils pratiques du 10 au 13 septembre.\" \/>\n<meta name=\"robots\" content=\"index, follow, max-snippet:-1, max-image-preview:large, max-video-preview:-1\" \/>\n<link rel=\"canonical\" href=\"https:\/\/www.tablaosflamencos.com\/fr\/que-faire-jerez-pendant-jerez-fusion-2026.html\" \/>\n<meta property=\"og:locale\" content=\"fr_FR\" \/>\n<meta property=\"og:type\" content=\"article\" \/>\n<meta property=\"og:title\" content=\"Que faire \u00e0 Jerez pendant Jerez Fusi\u00f3n 2026\" \/>\n<meta property=\"og:description\" content=\"D\u00e9couvrez que faire \u00e0 Jerez pendant Jerez Fusi\u00f3n 2026 : flamenco, bodegas, vendanges, patrimoine et conseils pratiques du 10 au 13 septembre.\" \/>\n<meta property=\"og:url\" content=\"https:\/\/www.tablaosflamencos.com\/fr\/que-faire-jerez-pendant-jerez-fusion-2026.html\" \/>\n<meta property=\"og:site_name\" content=\"Tablaos Flamencos\" \/>\n<meta property=\"article:publisher\" content=\"https:\/\/www.facebook.com\/tablaosflamencos\" \/>\n<meta property=\"article:published_time\" content=\"2026-09-06T14:35:28+00:00\" \/>\n<meta property=\"article:modified_time\" content=\"2026-09-06T17:42:04+00:00\" \/>\n<meta property=\"og:image\" content=\"https:\/\/www.tablaosflamencos.com\/wp-content\/uploads\/Que-faire-a-Jerez-pendant-Jerez-Fusion-2026.webp\" \/>\n\t<meta property=\"og:image:width\" content=\"1536\" \/>\n\t<meta property=\"og:image:height\" content=\"1024\" \/>\n\t<meta property=\"og:image:type\" content=\"image\/webp\" \/>\n<meta name=\"author\" content=\"Miguel Ortiz\" \/>\n<meta name=\"twitter:card\" content=\"summary_large_image\" \/>\n<meta name=\"twitter:creator\" content=\"@tablaosflamenco\" \/>\n<meta name=\"twitter:site\" content=\"@tablaosflamenco\" \/>\n<meta name=\"twitter:label1\" content=\"\u00c9crit par\" \/>\n\t<meta name=\"twitter:data1\" content=\"Miguel Ortiz\" \/>\n\t<meta name=\"twitter:label2\" content=\"Dur\u00e9e de lecture estim\u00e9e\" \/>\n\t<meta name=\"twitter:data2\" content=\"19 minutes\" \/>\n<script type=\"application\/ld+json\" class=\"yoast-schema-graph\">{\"@context\":\"https:\\\/\\\/schema.org\",\"@graph\":[{\"@type\":\"Article\",\"@id\":\"https:\\\/\\\/www.tablaosflamencos.com\\\/fr\\\/que-faire-jerez-pendant-jerez-fusion-2026.html#article\",\"isPartOf\":{\"@id\":\"https:\\\/\\\/www.tablaosflamencos.com\\\/fr\\\/que-faire-jerez-pendant-jerez-fusion-2026.html\"},\"author\":{\"name\":\"Miguel Ortiz\",\"@id\":\"https:\\\/\\\/www.tablaosflamencos.com\\\/fr#\\\/schema\\\/person\\\/e7a9ebe14eb75a52ceabfbffb3c54f5d\"},\"headline\":\"Que faire \u00e0 Jerez pendant Jerez Fusi\u00f3n 2026\",\"datePublished\":\"2026-09-06T14:35:28+00:00\",\"dateModified\":\"2026-09-06T17:42:04+00:00\",\"mainEntityOfPage\":{\"@id\":\"https:\\\/\\\/www.tablaosflamencos.com\\\/fr\\\/que-faire-jerez-pendant-jerez-fusion-2026.html\"},\"wordCount\":3944,\"publisher\":{\"@id\":\"https:\\\/\\\/www.tablaosflamencos.com\\\/fr#organization\"},\"image\":{\"@id\":\"https:\\\/\\\/www.tablaosflamencos.com\\\/fr\\\/que-faire-jerez-pendant-jerez-fusion-2026.html#primaryimage\"},\"thumbnailUrl\":\"https:\\\/\\\/www.tablaosflamencos.com\\\/wp-content\\\/uploads\\\/Que-faire-a-Jerez-pendant-Jerez-Fusion-2026.webp\",\"keywords\":[\"festivales flamencos\",\"flamenco \u00e0 Jerez\",\"Jerez de la Frontera\",\"Jerez Fusi\u00f3n\",\"Jerez Fusi\u00f3n 2026\"],\"articleSection\":[\"Festivals de flamenco\",\"Flamenco par ville\"],\"inLanguage\":\"fr-FR\"},{\"@type\":\"WebPage\",\"@id\":\"https:\\\/\\\/www.tablaosflamencos.com\\\/fr\\\/que-faire-jerez-pendant-jerez-fusion-2026.html\",\"url\":\"https:\\\/\\\/www.tablaosflamencos.com\\\/fr\\\/que-faire-jerez-pendant-jerez-fusion-2026.html\",\"name\":\"Que faire \u00e0 Jerez pendant Jerez Fusi\u00f3n 2026\",\"isPartOf\":{\"@id\":\"https:\\\/\\\/www.tablaosflamencos.com\\\/fr#website\"},\"primaryImageOfPage\":{\"@id\":\"https:\\\/\\\/www.tablaosflamencos.com\\\/fr\\\/que-faire-jerez-pendant-jerez-fusion-2026.html#primaryimage\"},\"image\":{\"@id\":\"https:\\\/\\\/www.tablaosflamencos.com\\\/fr\\\/que-faire-jerez-pendant-jerez-fusion-2026.html#primaryimage\"},\"thumbnailUrl\":\"https:\\\/\\\/www.tablaosflamencos.com\\\/wp-content\\\/uploads\\\/Que-faire-a-Jerez-pendant-Jerez-Fusion-2026.webp\",\"datePublished\":\"2026-09-06T14:35:28+00:00\",\"dateModified\":\"2026-09-06T17:42:04+00:00\",\"description\":\"D\u00e9couvrez que faire \u00e0 Jerez pendant Jerez Fusi\u00f3n 2026 : flamenco, bodegas, vendanges, patrimoine et conseils pratiques du 10 au 13 septembre.\",\"breadcrumb\":{\"@id\":\"https:\\\/\\\/www.tablaosflamencos.com\\\/fr\\\/que-faire-jerez-pendant-jerez-fusion-2026.html#breadcrumb\"},\"inLanguage\":\"fr-FR\",\"potentialAction\":[{\"@type\":\"ReadAction\",\"target\":[\"https:\\\/\\\/www.tablaosflamencos.com\\\/fr\\\/que-faire-jerez-pendant-jerez-fusion-2026.html\"]}]},{\"@type\":\"ImageObject\",\"inLanguage\":\"fr-FR\",\"@id\":\"https:\\\/\\\/www.tablaosflamencos.com\\\/fr\\\/que-faire-jerez-pendant-jerez-fusion-2026.html#primaryimage\",\"url\":\"https:\\\/\\\/www.tablaosflamencos.com\\\/wp-content\\\/uploads\\\/Que-faire-a-Jerez-pendant-Jerez-Fusion-2026.webp\",\"contentUrl\":\"https:\\\/\\\/www.tablaosflamencos.com\\\/wp-content\\\/uploads\\\/Que-faire-a-Jerez-pendant-Jerez-Fusion-2026.webp\",\"width\":1536,\"height\":1024,\"caption\":\"Que faire \u00e0 Jerez pendant Jerez Fusi\u00f3n 2026\"},{\"@type\":\"BreadcrumbList\",\"@id\":\"https:\\\/\\\/www.tablaosflamencos.com\\\/fr\\\/que-faire-jerez-pendant-jerez-fusion-2026.html#breadcrumb\",\"itemListElement\":[{\"@type\":\"ListItem\",\"position\":1,\"name\":\"Home\",\"item\":\"https:\\\/\\\/www.tablaosflamencos.com\\\/fr\"},{\"@type\":\"ListItem\",\"position\":2,\"name\":\"Que faire \u00e0 Jerez pendant Jerez Fusi\u00f3n 2026\"}]},{\"@type\":\"WebSite\",\"@id\":\"https:\\\/\\\/www.tablaosflamencos.com\\\/fr#website\",\"url\":\"https:\\\/\\\/www.tablaosflamencos.com\\\/fr\",\"name\":\"Tablaos Flamencos\",\"description\":\"Entradas para tablaos flamencos de Espa\u00f1a\",\"publisher\":{\"@id\":\"https:\\\/\\\/www.tablaosflamencos.com\\\/fr#organization\"},\"alternateName\":\"Tablaos Flamencos\",\"potentialAction\":[{\"@type\":\"SearchAction\",\"target\":{\"@type\":\"EntryPoint\",\"urlTemplate\":\"https:\\\/\\\/www.tablaosflamencos.com\\\/fr?s={search_term_string}\"},\"query-input\":{\"@type\":\"PropertyValueSpecification\",\"valueRequired\":true,\"valueName\":\"search_term_string\"}}],\"inLanguage\":\"fr-FR\"},{\"@type\":[\"Organization\",\"Place\",\"EntertainmentBusiness\"],\"@id\":\"https:\\\/\\\/www.tablaosflamencos.com\\\/fr#organization\",\"name\":\"Tablaos Flamencos\",\"alternateName\":\"Tablaos Flamencos\",\"url\":\"https:\\\/\\\/www.tablaosflamencos.com\\\/fr\",\"logo\":{\"@id\":\"https:\\\/\\\/www.tablaosflamencos.com\\\/fr\\\/que-faire-jerez-pendant-jerez-fusion-2026.html#local-main-organization-logo\"},\"image\":{\"@id\":\"https:\\\/\\\/www.tablaosflamencos.com\\\/fr\\\/que-faire-jerez-pendant-jerez-fusion-2026.html#local-main-organization-logo\"},\"sameAs\":[\"https:\\\/\\\/www.facebook.com\\\/tablaosflamencos\",\"https:\\\/\\\/x.com\\\/tablaosflamenco\",\"https:\\\/\\\/mastodon.social\\\/@tablaosflamencos\",\"https:\\\/\\\/www.instagram.com\\\/tablaosflamencos\",\"https:\\\/\\\/tiktok.com\\\/@tablaosflamencos\",\"https:\\\/\\\/www.linkedin.com\\\/company\\\/109408238\\\/\"],\"description\":\"Venta de entradas para espect\u00e1culos flamencos\",\"legalName\":\"Tablaos Flamencos\",\"foundingDate\":\"2015-01-01\",\"numberOfEmployees\":{\"@type\":\"QuantitativeValue\",\"minValue\":\"1\",\"maxValue\":\"10\"},\"address\":{\"@id\":\"https:\\\/\\\/www.tablaosflamencos.com\\\/fr\\\/que-faire-jerez-pendant-jerez-fusion-2026.html#local-main-place-address\"},\"geo\":{\"@type\":\"GeoCoordinates\",\"latitude\":\"37.3868072\",\"longitude\":\"-5.993280299999999\"},\"telephone\":[\"+34623787787\"],\"contactPoint\":{\"@type\":\"ContactPoint\",\"telephone\":\"+34623787787\",\"email\":\"info@tablaosflamencos.com\"},\"openingHoursSpecification\":{\"@type\":\"OpeningHoursSpecification\",\"dayOfWeek\":[\"Monday\",\"Tuesday\",\"Wednesday\",\"Thursday\",\"Friday\",\"Saturday\",\"Sunday\"],\"opens\":\"00:00\",\"closes\":\"23:59\"},\"email\":\"info@tablaosflamencos.com\",\"priceRange\":\"$$$\",\"currenciesAccepted\":\"\u20ac\"},{\"@type\":\"Person\",\"@id\":\"https:\\\/\\\/www.tablaosflamencos.com\\\/fr#\\\/schema\\\/person\\\/e7a9ebe14eb75a52ceabfbffb3c54f5d\",\"name\":\"Miguel Ortiz\",\"description\":\"Miguel Ortiz es un empresario flamenco, con una s\u00f3lida trayectoria dentro del sector. Ha presidido entidades culturales vinculadas al flamenco y, cuenta con un amplio recorrido profesional en la gesti\u00f3n y promoci\u00f3n de espect\u00e1culos y tablaos flamencos. Su pasi\u00f3n por la historia y el arte flamenco se refleja en cada art\u00edculo, donde combina experiencia, criterio y un profundo respeto por la tradici\u00f3n.\",\"sameAs\":[\"https:\\\/\\\/www.tablaosflamencos.com\",\"https:\\\/\\\/www.instagra.com\\\/miguelortizfe\",\"https:\\\/\\\/www.linkedin.com\\\/in\\\/miguelortizf\\\/\"],\"birthDate\":\"1984-11-22\",\"gender\":\"hombre\",\"knowsLanguage\":[\"espa\u00f1ol\",\"ingl\u00e9s\"],\"jobTitle\":\"Empresario flamenco\"},{\"@type\":\"PostalAddress\",\"@id\":\"https:\\\/\\\/www.tablaosflamencos.com\\\/fr\\\/que-faire-jerez-pendant-jerez-fusion-2026.html#local-main-place-address\",\"streetAddress\":\"C\\\/ Alemanes, 19\",\"addressLocality\":\"Sevilla\",\"postalCode\":\"41004\",\"addressRegion\":\"Sevilla\",\"addressCountry\":\"ES\"},{\"@type\":\"ImageObject\",\"inLanguage\":\"fr-FR\",\"@id\":\"https:\\\/\\\/www.tablaosflamencos.com\\\/fr\\\/que-faire-jerez-pendant-jerez-fusion-2026.html#local-main-organization-logo\",\"url\":\"https:\\\/\\\/www.tablaosflamencos.com\\\/wp-content\\\/uploads\\\/tablaos-flamencos-06-3.webp\",\"contentUrl\":\"https:\\\/\\\/www.tablaosflamencos.com\\\/wp-content\\\/uploads\\\/tablaos-flamencos-06-3.webp\",\"width\":600,\"height\":620,\"caption\":\"Tablaos Flamencos\"}]}<\/script>\n<meta name=\"geo.placename\" content=\"Sevilla\" \/>\n<meta name=\"geo.position\" content=\"37.3868072;-5.993280299999999\" \/>\n<meta name=\"geo.region\" content=\"Espagne\" \/>\n<!-- \/ Yoast SEO Premium plugin. -->","yoast_head_json":{"title":"Que faire \u00e0 Jerez pendant Jerez Fusi\u00f3n 2026","description":"D\u00e9couvrez que faire \u00e0 Jerez pendant Jerez Fusi\u00f3n 2026 : flamenco, bodegas, vendanges, patrimoine et conseils pratiques du 10 au 13 septembre.","robots":{"index":"index","follow":"follow","max-snippet":"max-snippet:-1","max-image-preview":"max-image-preview:large","max-video-preview":"max-video-preview:-1"},"canonical":"https:\/\/www.tablaosflamencos.com\/fr\/que-faire-jerez-pendant-jerez-fusion-2026.html","og_locale":"fr_FR","og_type":"article","og_title":"Que faire \u00e0 Jerez pendant Jerez Fusi\u00f3n 2026","og_description":"D\u00e9couvrez que faire \u00e0 Jerez pendant Jerez Fusi\u00f3n 2026 : flamenco, bodegas, vendanges, patrimoine et conseils pratiques du 10 au 13 septembre.","og_url":"https:\/\/www.tablaosflamencos.com\/fr\/que-faire-jerez-pendant-jerez-fusion-2026.html","og_site_name":"Tablaos Flamencos","article_publisher":"https:\/\/www.facebook.com\/tablaosflamencos","article_published_time":"2026-09-06T14:35:28+00:00","article_modified_time":"2026-09-06T17:42:04+00:00","og_image":[{"width":1536,"height":1024,"url":"https:\/\/www.tablaosflamencos.com\/wp-content\/uploads\/Que-faire-a-Jerez-pendant-Jerez-Fusion-2026.webp","type":"image\/webp"}],"author":"Miguel Ortiz","twitter_card":"summary_large_image","twitter_creator":"@tablaosflamenco","twitter_site":"@tablaosflamenco","twitter_misc":{"\u00c9crit par":"Miguel Ortiz","Dur\u00e9e de lecture estim\u00e9e":"19 minutes"},"schema":{"@context":"https:\/\/schema.org","@graph":[{"@type":"Article","@id":"https:\/\/www.tablaosflamencos.com\/fr\/que-faire-jerez-pendant-jerez-fusion-2026.html#article","isPartOf":{"@id":"https:\/\/www.tablaosflamencos.com\/fr\/que-faire-jerez-pendant-jerez-fusion-2026.html"},"author":{"name":"Miguel Ortiz","@id":"https:\/\/www.tablaosflamencos.com\/fr#\/schema\/person\/e7a9ebe14eb75a52ceabfbffb3c54f5d"},"headline":"Que faire \u00e0 Jerez pendant Jerez Fusi\u00f3n 2026","datePublished":"2026-09-06T14:35:28+00:00","dateModified":"2026-09-06T17:42:04+00:00","mainEntityOfPage":{"@id":"https:\/\/www.tablaosflamencos.com\/fr\/que-faire-jerez-pendant-jerez-fusion-2026.html"},"wordCount":3944,"publisher":{"@id":"https:\/\/www.tablaosflamencos.com\/fr#organization"},"image":{"@id":"https:\/\/www.tablaosflamencos.com\/fr\/que-faire-jerez-pendant-jerez-fusion-2026.html#primaryimage"},"thumbnailUrl":"https:\/\/www.tablaosflamencos.com\/wp-content\/uploads\/Que-faire-a-Jerez-pendant-Jerez-Fusion-2026.webp","keywords":["festivales flamencos","flamenco \u00e0 Jerez","Jerez de la Frontera","Jerez Fusi\u00f3n","Jerez Fusi\u00f3n 2026"],"articleSection":["Festivals de flamenco","Flamenco par ville"],"inLanguage":"fr-FR"},{"@type":"WebPage","@id":"https:\/\/www.tablaosflamencos.com\/fr\/que-faire-jerez-pendant-jerez-fusion-2026.html","url":"https:\/\/www.tablaosflamencos.com\/fr\/que-faire-jerez-pendant-jerez-fusion-2026.html","name":"Que faire \u00e0 Jerez pendant Jerez Fusi\u00f3n 2026","isPartOf":{"@id":"https:\/\/www.tablaosflamencos.com\/fr#website"},"primaryImageOfPage":{"@id":"https:\/\/www.tablaosflamencos.com\/fr\/que-faire-jerez-pendant-jerez-fusion-2026.html#primaryimage"},"image":{"@id":"https:\/\/www.tablaosflamencos.com\/fr\/que-faire-jerez-pendant-jerez-fusion-2026.html#primaryimage"},"thumbnailUrl":"https:\/\/www.tablaosflamencos.com\/wp-content\/uploads\/Que-faire-a-Jerez-pendant-Jerez-Fusion-2026.webp","datePublished":"2026-09-06T14:35:28+00:00","dateModified":"2026-09-06T17:42:04+00:00","description":"D\u00e9couvrez que faire \u00e0 Jerez pendant Jerez Fusi\u00f3n 2026 : flamenco, bodegas, vendanges, patrimoine et conseils pratiques du 10 au 13 septembre.","breadcrumb":{"@id":"https:\/\/www.tablaosflamencos.com\/fr\/que-faire-jerez-pendant-jerez-fusion-2026.html#breadcrumb"},"inLanguage":"fr-FR","potentialAction":[{"@type":"ReadAction","target":["https:\/\/www.tablaosflamencos.com\/fr\/que-faire-jerez-pendant-jerez-fusion-2026.html"]}]},{"@type":"ImageObject","inLanguage":"fr-FR","@id":"https:\/\/www.tablaosflamencos.com\/fr\/que-faire-jerez-pendant-jerez-fusion-2026.html#primaryimage","url":"https:\/\/www.tablaosflamencos.com\/wp-content\/uploads\/Que-faire-a-Jerez-pendant-Jerez-Fusion-2026.webp","contentUrl":"https:\/\/www.tablaosflamencos.com\/wp-content\/uploads\/Que-faire-a-Jerez-pendant-Jerez-Fusion-2026.webp","width":1536,"height":1024,"caption":"Que faire \u00e0 Jerez pendant Jerez Fusi\u00f3n 2026"},{"@type":"BreadcrumbList","@id":"https:\/\/www.tablaosflamencos.com\/fr\/que-faire-jerez-pendant-jerez-fusion-2026.html#breadcrumb","itemListElement":[{"@type":"ListItem","position":1,"name":"Home","item":"https:\/\/www.tablaosflamencos.com\/fr"},{"@type":"ListItem","position":2,"name":"Que faire \u00e0 Jerez pendant Jerez Fusi\u00f3n 2026"}]},{"@type":"WebSite","@id":"https:\/\/www.tablaosflamencos.com\/fr#website","url":"https:\/\/www.tablaosflamencos.com\/fr","name":"Tablaos Flamencos","description":"Entradas para tablaos flamencos de Espa\u00f1a","publisher":{"@id":"https:\/\/www.tablaosflamencos.com\/fr#organization"},"alternateName":"Tablaos Flamencos","potentialAction":[{"@type":"SearchAction","target":{"@type":"EntryPoint","urlTemplate":"https:\/\/www.tablaosflamencos.com\/fr?s={search_term_string}"},"query-input":{"@type":"PropertyValueSpecification","valueRequired":true,"valueName":"search_term_string"}}],"inLanguage":"fr-FR"},{"@type":["Organization","Place","EntertainmentBusiness"],"@id":"https:\/\/www.tablaosflamencos.com\/fr#organization","name":"Tablaos Flamencos","alternateName":"Tablaos Flamencos","url":"https:\/\/www.tablaosflamencos.com\/fr","logo":{"@id":"https:\/\/www.tablaosflamencos.com\/fr\/que-faire-jerez-pendant-jerez-fusion-2026.html#local-main-organization-logo"},"image":{"@id":"https:\/\/www.tablaosflamencos.com\/fr\/que-faire-jerez-pendant-jerez-fusion-2026.html#local-main-organization-logo"},"sameAs":["https:\/\/www.facebook.com\/tablaosflamencos","https:\/\/x.com\/tablaosflamenco","https:\/\/mastodon.social\/@tablaosflamencos","https:\/\/www.instagram.com\/tablaosflamencos","https:\/\/tiktok.com\/@tablaosflamencos","https:\/\/www.linkedin.com\/company\/109408238\/"],"description":"Venta de entradas para espect\u00e1culos flamencos","legalName":"Tablaos Flamencos","foundingDate":"2015-01-01","numberOfEmployees":{"@type":"QuantitativeValue","minValue":"1","maxValue":"10"},"address":{"@id":"https:\/\/www.tablaosflamencos.com\/fr\/que-faire-jerez-pendant-jerez-fusion-2026.html#local-main-place-address"},"geo":{"@type":"GeoCoordinates","latitude":"37.3868072","longitude":"-5.993280299999999"},"telephone":["+34623787787"],"contactPoint":{"@type":"ContactPoint","telephone":"+34623787787","email":"info@tablaosflamencos.com"},"openingHoursSpecification":{"@type":"OpeningHoursSpecification","dayOfWeek":["Monday","Tuesday","Wednesday","Thursday","Friday","Saturday","Sunday"],"opens":"00:00","closes":"23:59"},"email":"info@tablaosflamencos.com","priceRange":"$$$","currenciesAccepted":"\u20ac"},{"@type":"Person","@id":"https:\/\/www.tablaosflamencos.com\/fr#\/schema\/person\/e7a9ebe14eb75a52ceabfbffb3c54f5d","name":"Miguel Ortiz","description":"Miguel Ortiz es un empresario flamenco, con una s\u00f3lida trayectoria dentro del sector. Ha presidido entidades culturales vinculadas al flamenco y, cuenta con un amplio recorrido profesional en la gesti\u00f3n y promoci\u00f3n de espect\u00e1culos y tablaos flamencos. Su pasi\u00f3n por la historia y el arte flamenco se refleja en cada art\u00edculo, donde combina experiencia, criterio y un profundo respeto por la tradici\u00f3n.","sameAs":["https:\/\/www.tablaosflamencos.com","https:\/\/www.instagra.com\/miguelortizfe","https:\/\/www.linkedin.com\/in\/miguelortizf\/"],"birthDate":"1984-11-22","gender":"hombre","knowsLanguage":["espa\u00f1ol","ingl\u00e9s"],"jobTitle":"Empresario flamenco"},{"@type":"PostalAddress","@id":"https:\/\/www.tablaosflamencos.com\/fr\/que-faire-jerez-pendant-jerez-fusion-2026.html#local-main-place-address","streetAddress":"C\/ Alemanes, 19","addressLocality":"Sevilla","postalCode":"41004","addressRegion":"Sevilla","addressCountry":"ES"},{"@type":"ImageObject","inLanguage":"fr-FR","@id":"https:\/\/www.tablaosflamencos.com\/fr\/que-faire-jerez-pendant-jerez-fusion-2026.html#local-main-organization-logo","url":"https:\/\/www.tablaosflamencos.com\/wp-content\/uploads\/tablaos-flamencos-06-3.webp","contentUrl":"https:\/\/www.tablaosflamencos.com\/wp-content\/uploads\/tablaos-flamencos-06-3.webp","width":600,"height":620,"caption":"Tablaos Flamencos"}]},"geo.placename":"Sevilla","geo.position":{"lat":"37.3868072","long":"-5.993280299999999"},"geo.region":"Espagne"},"_links":{"self":[{"href":"https:\/\/www.tablaosflamencos.com\/fr\/wp-json\/wp\/v2\/posts\/15063","targetHints":{"allow":["GET"]}}],"collection":[{"href":"https:\/\/www.tablaosflamencos.com\/fr\/wp-json\/wp\/v2\/posts"}],"about":[{"href":"https:\/\/www.tablaosflamencos.com\/fr\/wp-json\/wp\/v2\/types\/post"}],"author":[{"embeddable":true,"href":"https:\/\/www.tablaosflamencos.com\/fr\/wp-json\/wp\/v2\/users\/1"}],"replies":[{"embeddable":true,"href":"https:\/\/www.tablaosflamencos.com\/fr\/wp-json\/wp\/v2\/comments?post=15063"}],"version-history":[{"count":2,"href":"https:\/\/www.tablaosflamencos.com\/fr\/wp-json\/wp\/v2\/posts\/15063\/revisions"}],"predecessor-version":[{"id":15136,"href":"https:\/\/www.tablaosflamencos.com\/fr\/wp-json\/wp\/v2\/posts\/15063\/revisions\/15136"}],"wp:featuredmedia":[{"embeddable":true,"href":"https:\/\/www.tablaosflamencos.com\/fr\/wp-json\/wp\/v2\/media\/15147"}],"wp:attachment":[{"href":"https:\/\/www.tablaosflamencos.com\/fr\/wp-json\/wp\/v2\/media?parent=15063"}],"wp:term":[{"taxonomy":"category","embeddable":true,"href":"https:\/\/www.tablaosflamencos.com\/fr\/wp-json\/wp\/v2\/categories?post=15063"},{"taxonomy":"post_tag","embeddable":true,"href":"https:\/\/www.tablaosflamencos.com\/fr\/wp-json\/wp\/v2\/tags?post=15063"}],"curies":[{"name":"wp","href":"https:\/\/api.w.org\/{rel}","templated":true}]}}