{"id":15061,"date":"2026-09-06T16:39:25","date_gmt":"2026-09-06T14:39:25","guid":{"rendered":"https:\/\/www.tablaosflamencos.com\/?p=15061"},"modified":"2026-09-06T19:31:31","modified_gmt":"2026-09-06T17:31:31","slug":"festival-guitare-pepe-romero-malaga-2026","status":"publish","type":"post","link":"https:\/\/www.tablaosflamencos.com\/fr\/festival-guitare-pepe-romero-malaga-2026.html","title":{"rendered":"Festival International de Guitare Pepe Romero 2026 \u00e0 Malaga : programme, artistes, concerts de flamenco, lieux et billets"},"content":{"rendered":"<section class=\"l-section wpb_row height_huge\"><div class=\"l-section-h i-cf\"><div class=\"g-cols vc_row via_flex valign_top type_default stacking_default\"><div class=\"vc_col-sm-6 wpb_column vc_column_container\"><div class=\"vc_column-inner\"><div class=\"wpb_wrapper\"><div class=\"wpb_text_column\"><div class=\"wpb_wrapper\"><h2>Un mois de guitare \u00e0 Malaga avec le flamenco comme l\u2019un de ses grands axes<\/h2>\n<p>Le <strong>Ve Festival International de Guitare de Malaga Pepe Romero 2026<\/strong> se d\u00e9roule du 4 au 30 septembre avec quinze concerts r\u00e9partis dans quatre lieux de la ville. Cette \u00e9dition r\u00e9unit guitare classique, musique espagnole, musique ancienne et flamenco, avec une place particuli\u00e8rement importante accord\u00e9e au toque flamenco \u00e0 travers le cycle <strong>Trasnoches Flamencos<\/strong>.<\/p>\n<p>Le festival a d\u00e9but\u00e9 le 4 septembre avec Alejandro Hurtado et Inmaculada Salom\u00f3n et se poursuit tout au long du mois avec des artistes comme El Amir, Pituquete et Encarna Anillo, Daniel Casares, Jos\u00e9 Ferm\u00edn Fern\u00e1ndez, Joni Jim\u00e9nez et Jes\u00fas M\u00e9ndez, Ricardo Fern\u00e1ndez del Moral, Mabel Mill\u00e1n, Daniel Zapico ou Pepe Romero. La cl\u00f4ture aura lieu le 30 septembre au Teatro Cervantes.<\/p>\n<\/div><\/div><\/div><\/div><\/div><div class=\"vc_col-sm-6 wpb_column vc_column_container\"><div class=\"vc_column-inner\"><div class=\"wpb_wrapper\"><div class=\"wpb_text_column\"><div class=\"wpb_wrapper\"><h2>Informations essentielles sur le festival<\/h2>\n<ul>\n<li><strong>Dates :<\/strong> du 4 au 30 septembre 2026.<\/li>\n<li><strong>\u00c9dition :<\/strong> cinqui\u00e8me.<\/li>\n<li><strong>Nombre de concerts :<\/strong> 15.<\/li>\n<li><strong>Ville :<\/strong> Malaga.<\/li>\n<li><strong>Organisation :<\/strong> European Guitar Foundation.<\/li>\n<li><strong>Directeur :<\/strong> Vicente Coves Merino.<\/li>\n<li><strong>Tarifs :<\/strong> entre 10 et 20 \u20ac selon le concert.<\/li>\n<li><strong>Billets :<\/strong> MiEntrada pour la majeure partie du programme ; la cl\u00f4ture au Teatro Cervantes est commercialis\u00e9e via UniEntradas.<\/li>\n<li><strong>Lieux :<\/strong> Alcazaba de Malaga, Sala Fundaci\u00f3n Unicaja Mar\u00eda Cristina, Centro Cultural Fundaci\u00f3n Unicaja de Malaga et Teatro Cervantes.<\/li>\n<\/ul>\n<\/div><\/div><\/div><\/div><\/div><\/div><\/div><\/section><section class=\"l-section wpb_row height_huge color_alternate with_shape\"><div class=\"l-section-shape type_zigzag pos_top\" style=\"height:3vmin;\"><svg xmlns=\"http:\/\/www.w3.org\/2000\/svg\" viewBox=\"0 0 64 8\" preserveAspectRatio=\"none\" width=\"100%\" height=\"100%\">\r\n\t<path fill=\"currentColor\" d=\"M64 8 L0 8 L0 0 L20 7.9 L40 3 L48 5 L64 0 Z\"\/>\r\n<\/svg><\/div><div class=\"l-section-shape type_zigzag pos_bottom\" style=\"height:3vmin;\"><svg xmlns=\"http:\/\/www.w3.org\/2000\/svg\" viewBox=\"0 0 64 8\" preserveAspectRatio=\"none\" width=\"100%\" height=\"100%\">\r\n\t<path fill=\"currentColor\" d=\"M64 8 L0 8 L0 0 L20 7.9 L40 3 L48 5 L64 0 Z\"\/>\r\n<\/svg><\/div><div class=\"l-section-h i-cf\"><div class=\"g-cols vc_row via_flex valign_top type_default stacking_default\"><div class=\"vc_col-sm-12 wpb_column vc_column_container\"><div class=\"vc_column-inner\"><div class=\"wpb_wrapper\"><div class=\"wpb_text_column\"><div class=\"wpb_wrapper\"><blockquote>\n<p><strong>R\u00e9ponse rapide :<\/strong> le Festival International de Guitare Pepe Romero 2026 se tient \u00e0 Malaga du 4 au 30 septembre avec 15 concerts. Le flamenco dispose de son propre cycle, Trasnoches Flamencos, avec Alejandro Hurtado et Inmaculada Salom\u00f3n, El Amir, Pituquete et Encarna Anillo, Daniel Casares, Jos\u00e9 Ferm\u00edn Fern\u00e1ndez, Joni Jim\u00e9nez avec Jes\u00fas M\u00e9ndez et Ricardo Fern\u00e1ndez del Moral. Les billets co\u00fbtent entre 10 et 20 \u20ac. La plupart sont vendus sur MiEntrada, tandis que la cl\u00f4ture de Pepe Romero avec l\u2019Orquesta Filarm\u00f3nica de M\u00e1laga au Teatro Cervantes est vendue via UniEntradas.<\/p>\n<\/blockquote>\n<\/div><\/div><\/div><\/div><\/div><\/div><\/div><\/section><section class=\"l-section wpb_row height_huge\"><div class=\"l-section-h i-cf\"><div class=\"g-cols vc_row via_flex valign_top type_default stacking_default\"><div class=\"vc_col-sm-3 wpb_column vc_column_container\"><div class=\"vc_column-inner\"><div class=\"wpb_wrapper\"><\/div><\/div><\/div><div class=\"vc_col-sm-6 wpb_column vc_column_container\"><div class=\"vc_column-inner\"><div class=\"wpb_wrapper\"><div class=\"wpb_text_column\"><div class=\"wpb_wrapper\"><h2>Contenu de ce guide<\/h2>\n<ul>\n<li><a href=\"#programa\">Programme complet<\/a><\/li>\n<li><a href=\"#flamenco\">Concerts de flamenco<\/a><\/li>\n<li><a href=\"#recomendaciones\">Quel concert de flamenco choisir<\/a><\/li>\n<li><a href=\"#otros-conciertos\">Guitare classique et autres concerts<\/a><\/li>\n<li><a href=\"#sedes\">Lieux et espaces<\/a><\/li>\n<li><a href=\"#entradas\">Billets et tarifs<\/a><\/li>\n<li><a href=\"#homenajes\">Hommages de l\u2019\u00e9dition 2026<\/a><\/li>\n<li><a href=\"#faq\">Questions fr\u00e9quentes<\/a><\/li>\n<\/ul>\n<\/div><\/div><\/div><\/div><\/div><div class=\"vc_col-sm-3 wpb_column vc_column_container\"><div class=\"vc_column-inner\"><div class=\"wpb_wrapper\"><\/div><\/div><\/div><\/div><\/div><\/section><section class=\"l-section wpb_row height_huge color_alternate with_shape\"><div class=\"l-section-shape type_zigzag pos_top\" style=\"height:3vmin;\"><svg xmlns=\"http:\/\/www.w3.org\/2000\/svg\" viewBox=\"0 0 64 8\" preserveAspectRatio=\"none\" width=\"100%\" height=\"100%\">\r\n\t<path fill=\"currentColor\" d=\"M64 8 L0 8 L0 0 L20 7.9 L40 3 L48 5 L64 0 Z\"\/>\r\n<\/svg><\/div><div class=\"l-section-shape type_zigzag pos_bottom\" style=\"height:3vmin;\"><svg xmlns=\"http:\/\/www.w3.org\/2000\/svg\" viewBox=\"0 0 64 8\" preserveAspectRatio=\"none\" width=\"100%\" height=\"100%\">\r\n\t<path fill=\"currentColor\" d=\"M64 8 L0 8 L0 0 L20 7.9 L40 3 L48 5 L64 0 Z\"\/>\r\n<\/svg><\/div><div class=\"l-section-h i-cf\"><div class=\"g-cols vc_row via_flex valign_top type_default stacking_default\"><div class=\"vc_col-sm-12 wpb_column vc_column_container\"><div class=\"vc_column-inner\"><div class=\"wpb_wrapper\"><div class=\"wpb_text_column\"><div class=\"wpb_wrapper\"><h2 id=\"programa\" style=\"text-align: center;\">Programme complet du Festival International de Guitare Pepe Romero 2026<\/h2>\n<div style=\"overflow-x: auto;\">\n<table>\n<thead>\n<tr>\n<th>Date<\/th>\n<th>Heure<\/th>\n<th>Artiste \/ programme<\/th>\n<th>Lieu<\/th>\n<th>Prix<\/th>\n<\/tr>\n<\/thead>\n<tbody>\n<tr>\n<td>4 septembre<\/td>\n<td>19:30<\/td>\n<td>Alejandro Hurtado + Inmaculada Salom\u00f3n<\/td>\n<td>Sala Fundaci\u00f3n Unicaja Mar\u00eda Cristina<\/td>\n<td>12 \u20ac<\/td>\n<\/tr>\n<tr>\n<td>5 septembre<\/td>\n<td>21:30<\/td>\n<td>Jacob Kellerman avec la guitare Antonio de Torres de T\u00e1rrega de 1888<\/td>\n<td>Patio de Surtidores de l\u2019Alcazaba<\/td>\n<td>18 \u20ac<\/td>\n<\/tr>\n<tr>\n<td>6 septembre<\/td>\n<td>12:00<\/td>\n<td>Quinteto 1909<\/td>\n<td>Centro Cultural Fundaci\u00f3n Unicaja de Malaga<\/td>\n<td>15 \u20ac<\/td>\n<\/tr>\n<tr>\n<td>11 septembre<\/td>\n<td>19:30<\/td>\n<td>El Amir \u2013 Alma Flamenca<\/td>\n<td>Sala Fundaci\u00f3n Unicaja Mar\u00eda Cristina<\/td>\n<td>10 \u20ac<\/td>\n<\/tr>\n<tr>\n<td>12 septembre<\/td>\n<td>21:30<\/td>\n<td>Ausi\u00e0s Parejo \u2013 150 ans de Manuel de Falla<\/td>\n<td>Patio de Surtidores de l\u2019Alcazaba<\/td>\n<td>15 \u20ac<\/td>\n<\/tr>\n<tr>\n<td>13 septembre<\/td>\n<td>12:00<\/td>\n<td>Filip Miskovic<\/td>\n<td>Centro Cultural Fundaci\u00f3n Unicaja de Malaga<\/td>\n<td>10 \u20ac<\/td>\n<\/tr>\n<tr>\n<td>17 septembre<\/td>\n<td>21:30<\/td>\n<td>Pituquete + Encarna Anillo<\/td>\n<td>Patio de Surtidores de l\u2019Alcazaba<\/td>\n<td>15 \u20ac<\/td>\n<\/tr>\n<tr>\n<td>18 septembre<\/td>\n<td>21:30<\/td>\n<td>Mabel Mill\u00e1n<\/td>\n<td>Patio de Surtidores de l\u2019Alcazaba<\/td>\n<td>18 \u20ac<\/td>\n<\/tr>\n<tr>\n<td>19 septembre<\/td>\n<td>19:30<\/td>\n<td>Daniel Casares<\/td>\n<td>Sala Fundaci\u00f3n Unicaja Mar\u00eda Cristina<\/td>\n<td>12 \u20ac<\/td>\n<\/tr>\n<tr>\n<td>20 septembre<\/td>\n<td>12:00<\/td>\n<td>Daniel Zapico<\/td>\n<td>Centro Cultural Fundaci\u00f3n Unicaja de Malaga<\/td>\n<td>15 \u20ac<\/td>\n<\/tr>\n<tr>\n<td>24 septembre<\/td>\n<td>21:30<\/td>\n<td>Jos\u00e9 Ferm\u00edn Fern\u00e1ndez<\/td>\n<td>Patio de Surtidores de l\u2019Alcazaba<\/td>\n<td>15 \u20ac<\/td>\n<\/tr>\n<tr>\n<td>25 septembre<\/td>\n<td>19:30<\/td>\n<td>Joni Jim\u00e9nez + Jes\u00fas M\u00e9ndez<\/td>\n<td>Sala Fundaci\u00f3n Unicaja Mar\u00eda Cristina<\/td>\n<td>10 \u20ac<\/td>\n<\/tr>\n<tr>\n<td>26 septembre<\/td>\n<td>21:30<\/td>\n<td>Ricardo Fern\u00e1ndez del Moral<\/td>\n<td>Patio de Surtidores de l\u2019Alcazaba<\/td>\n<td>18 \u20ac<\/td>\n<\/tr>\n<tr>\n<td>27 septembre<\/td>\n<td>12:00<\/td>\n<td>Jos\u00e9 Luis Ruiz del Puerto<\/td>\n<td>Centro Cultural Fundaci\u00f3n Unicaja de Malaga<\/td>\n<td>10 \u20ac<\/td>\n<\/tr>\n<tr>\n<td>30 septembre<\/td>\n<td>20:00<\/td>\n<td>Pepe Romero + Orquesta Filarm\u00f3nica de M\u00e1laga + Jos\u00e9 Mar\u00eda Moreno<\/td>\n<td>Teatro Cervantes<\/td>\n<td>20 \u20ac<\/td>\n<\/tr>\n<\/tbody>\n<\/table>\n<\/div>\n<p>Le concert d\u2019ouverture du 4 a d\u00e9j\u00e0 eu lieu. Au 5 septembre, la billetterie indique comme <strong>complets<\/strong> les concerts de Jacob Kellerman, pr\u00e9vu ce soir, et d\u2019Ausi\u00e0s Parejo le 12. La disponibilit\u00e9 des autres concerts peut \u00e9voluer ; il est donc conseill\u00e9 de la v\u00e9rifier avant de se d\u00e9placer.<\/p>\n<\/div><\/div><\/div><\/div><\/div><\/div><\/div><\/section><section class=\"l-section wpb_row height_huge\"><div class=\"l-section-h i-cf\"><div class=\"g-cols vc_row via_flex valign_top type_default stacking_default\"><div class=\"vc_col-sm-6 wpb_column vc_column_container\"><div class=\"vc_column-inner\"><div class=\"wpb_wrapper\"><div class=\"wpb_text_column\"><div class=\"wpb_wrapper\"><h2 id=\"flamenco\">Trasnoches Flamencos : sept rendez-vous avec le toque au premier plan<\/h2>\n<p>La partie la plus directement li\u00e9e au flamenco se concentre dans <strong>Trasnoches Flamencos<\/strong>, un cycle qui explore diff\u00e9rentes fa\u00e7ons de comprendre la guitare : accompagnement de la danse, concert soliste, dialogue avec le chant et propositions ouvertes \u00e0 d\u2019autres musiques.<\/p>\n<h3>4 septembre : Alejandro Hurtado + Inmaculada Salom\u00f3n<\/h3>\n<p>Le festival a ouvert avec <strong>Alejandro Hurtado<\/strong>, guitariste r\u00e9compens\u00e9 par le Bord\u00f3n Minero, aux c\u00f4t\u00e9s de <strong>Inmaculada Salom\u00f3n<\/strong>, premi\u00e8re danseuse du Ballet Nacional de Espa\u00f1a. Il s\u2019agissait du seul rendez-vous du cycle clairement con\u00e7u autour de la rencontre entre guitare et danse. Le concert a d\u00e9j\u00e0 eu lieu et les billets \u00e9taient complets.<\/p>\n<h3>11 septembre : El Amir \u2013 Alma Flamenca<\/h3>\n<p><em>El Amir<\/em>, guitariste, compositeur et multi-instrumentiste, pr\u00e9sente une proposition flamenca marqu\u00e9e par l\u2019\u00e9tendue de son univers musical et son exp\u00e9rience internationale. Il est \u00e9galement connu pour avoir particip\u00e9 aux tourn\u00e9es de Hans Zimmer. Le r\u00e9cital a lieu \u00e0 19:30 \u00e0 la Sala Fundaci\u00f3n Unicaja Mar\u00eda Cristina et co\u00fbte 10 \u20ac.<\/p>\n<\/div><\/div><\/div><\/div><\/div><div class=\"vc_col-sm-6 wpb_column vc_column_container\"><div class=\"vc_column-inner\"><div class=\"wpb_wrapper\"><div class=\"wpb_text_column\"><div class=\"wpb_wrapper\"><h3>17 septembre : Pituquete + Encarna Anillo<\/h3>\n<p>Le guitariste <strong>Pituquete<\/strong> arrive au Patio de Surtidores de l\u2019Alcazaba accompagn\u00e9 de la chanteuse flamenca <strong>Encarna Anillo<\/strong> comme artiste invit\u00e9e. L\u2019organisation pr\u00e9sente cette rencontre \u00e0 travers le lien entre flamenco, racines latino-am\u00e9ricaines et voix musicale personnelle. Prix : 15 \u20ac.<\/p>\n<h3>19 septembre : Daniel Casares<\/h3>\n<p>L\u2019un des noms du flamenco malagu\u00e8ne b\u00e9n\u00e9ficiant du plus grand rayonnement international. <strong>Daniel Casares<\/strong> se produira \u00e0 19:30 \u00e0 la Sala Fundaci\u00f3n Unicaja Mar\u00eda Cristina. Pour ceux qui recherchent un r\u00e9cital centr\u00e9 sur la guitare flamenca de concert et un artiste \u00e9troitement li\u00e9 \u00e0 Malaga, c\u2019est l\u2019une des dates les plus attractives du programme. Prix : 12 \u20ac.<\/p>\n<h3>24 septembre : Jos\u00e9 Ferm\u00edn Fern\u00e1ndez<\/h3>\n<p>Originaire de Grenade, <strong>Jos\u00e9 Ferm\u00edn Fern\u00e1ndez<\/strong> repr\u00e9sente une g\u00e9n\u00e9ration de guitaristes qui associe une technique tr\u00e8s d\u00e9velopp\u00e9e, des compositions originales et un langage contemporain. Il se produira \u00e0 21:30 \u00e0 l\u2019Alcazaba. Prix : 15 \u20ac.<\/p>\n<\/div><\/div><\/div><\/div><\/div><\/div><\/div><\/section><section class=\"l-section wpb_row height_huge color_alternate with_shape\"><div class=\"l-section-shape type_zigzag pos_top\" style=\"height:3vmin;\"><svg xmlns=\"http:\/\/www.w3.org\/2000\/svg\" viewBox=\"0 0 64 8\" preserveAspectRatio=\"none\" width=\"100%\" height=\"100%\">\r\n\t<path fill=\"currentColor\" d=\"M64 8 L0 8 L0 0 L20 7.9 L40 3 L48 5 L64 0 Z\"\/>\r\n<\/svg><\/div><div class=\"l-section-shape type_zigzag pos_bottom\" style=\"height:3vmin;\"><svg xmlns=\"http:\/\/www.w3.org\/2000\/svg\" viewBox=\"0 0 64 8\" preserveAspectRatio=\"none\" width=\"100%\" height=\"100%\">\r\n\t<path fill=\"currentColor\" d=\"M64 8 L0 8 L0 0 L20 7.9 L40 3 L48 5 L64 0 Z\"\/>\r\n<\/svg><\/div><div class=\"l-section-h i-cf\"><div class=\"g-cols vc_row via_flex valign_top type_default stacking_default\"><div class=\"vc_col-sm-6 wpb_column vc_column_container\"><div class=\"vc_column-inner\"><div class=\"wpb_wrapper\"><div class=\"wpb_text_column\"><div class=\"wpb_wrapper\"><h3>25 septembre : Joni Jim\u00e9nez + Jes\u00fas M\u00e9ndez<\/h3>\n<p>Le rendez-vous du 25 r\u00e9unit deux \u00e9l\u00e9ments essentiels du flamenco traditionnel : le toque et le chant. <strong>Joni Jim\u00e9nez<\/strong>, laur\u00e9at du Bord\u00f3n Minero, sera accompagn\u00e9 de <strong>Jes\u00fas M\u00e9ndez<\/strong>, l\u2019un des chanteurs flamencos de r\u00e9f\u00e9rence de sa g\u00e9n\u00e9ration. Le concert a lieu \u00e0 19:30 \u00e0 la Sala Fundaci\u00f3n Unicaja Mar\u00eda Cristina et, \u00e0 10 \u20ac, constitue l\u2019un des billets les plus abordables du cycle.<\/p>\n<h3>26 septembre : Ricardo Fern\u00e1ndez del Moral<\/h3>\n<p>La cl\u00f4ture de Trasnoches Flamencos est assur\u00e9e par <strong>Ricardo Fern\u00e1ndez del Moral<\/strong>, une figure singuli\u00e8re puisqu\u2019il r\u00e9unit chant et guitare en un seul interpr\u00e8te. L\u2019organisation le pr\u00e9sente comme l\u2019unique laur\u00e9at \u00e0 la fois de la L\u00e1mpara Minera et des cinq prix de chant de La Uni\u00f3n. Le r\u00e9cital aura lieu \u00e0 21:30 au Patio de Surtidores de l\u2019Alcazaba. Prix : 18 \u20ac.<\/p>\n<\/div><\/div><\/div><\/div><\/div><div class=\"vc_col-sm-6 wpb_column vc_column_container\"><div class=\"vc_column-inner\"><div class=\"wpb_wrapper\"><div class=\"wpb_text_column\"><div class=\"wpb_wrapper\"><h2 id=\"recomendaciones\">Quel concert de flamenco choisir<\/h2>\n<p>Tous les concerts de Trasnoches Flamencos n\u2019offrent pas la m\u00eame exp\u00e9rience. Si vous ne pouvez assister qu\u2019\u00e0 un seul, voici nos recommandations :<\/p>\n<ul>\n<li><strong>Pour \u00e9couter de la guitare flamenca de concert :<\/strong> Daniel Casares, le 19 septembre.<\/li>\n<li><strong>Pour un r\u00e9cital de chant et guitare :<\/strong> Joni Jim\u00e9nez avec Jes\u00fas M\u00e9ndez, le 25.<\/li>\n<li><strong>Pour une exp\u00e9rience tr\u00e8s singuli\u00e8re :<\/strong> Ricardo Fern\u00e1ndez del Moral, chantant en s\u2019accompagnant lui-m\u00eame \u00e0 la guitare, le 26.<\/li>\n<li><strong>Pour d\u00e9couvrir la guitare flamenca contemporaine :<\/strong> Jos\u00e9 Ferm\u00edn Fern\u00e1ndez, le 24.<\/li>\n<li><strong>Pour une proposition ouverte et m\u00e9tiss\u00e9e :<\/strong> El Amir, le 11.<\/li>\n<li><strong>Pour \u00e9couter de la guitare avec chant invit\u00e9 :<\/strong> Pituquete et Encarna Anillo, le 17.<\/li>\n<\/ul>\n<p>Ceux qui recherchent sp\u00e9cifiquement de la danse doivent garder \u00e0 l\u2019esprit que le rendez-vous d\u2019Alejandro Hurtado et Inmaculada Salom\u00f3n a d\u00e9j\u00e0 eu lieu le 4 septembre.<\/p>\n<\/div><\/div><\/div><\/div><\/div><\/div><\/div><\/section><section class=\"l-section wpb_row height_huge\"><div class=\"l-section-h i-cf\"><div class=\"g-cols vc_row via_flex valign_top type_default stacking_default\"><div class=\"vc_col-sm-6 wpb_column vc_column_container\"><div class=\"vc_column-inner\"><div class=\"wpb_wrapper\"><div class=\"wpb_text_column\"><div class=\"wpb_wrapper\"><h2 id=\"otros-conciertos\">Au-del\u00e0 du flamenco : guitare classique, musique espagnole et r\u00e9pertoires historiques<\/h2>\n<p>Le festival n\u2019est pas exclusivement flamenco. Son identit\u00e9 se construit autour de la guitare espagnole au sens large.<\/p>\n<p>Le 5 septembre, <strong>Jacob Kellerman<\/strong> joue une guitare Antonio de Torres de 1888 li\u00e9e \u00e0 Francisco T\u00e1rrega. La singularit\u00e9 ne r\u00e9side pas seulement dans le r\u00e9pertoire, mais aussi dans l\u2019\u00e9coute d\u2019un instrument historique d\u2019une immense valeur symbolique. Les billets sont indiqu\u00e9s comme complets.<\/p>\n<p>Le 6, <strong>Quinteto 1909<\/strong> pr\u00e9sente <em>5 guitares et un c\u0153ur<\/em>, en m\u00e9moire d\u2019\u00c1ngel G. Pi\u00f1ero. Le 12, <strong>Ausi\u00e0s Parejo<\/strong> consacre son r\u00e9cital au 150e anniversaire de Manuel de Falla ; ces billets sont \u00e9galement indiqu\u00e9s comme complets.<\/p>\n<p>Le 13 se produit <strong>Filip Miskovic<\/strong>, laur\u00e9at du 40e Concours International Andr\u00e9s Segovia de La Herradura, dans le cadre de l\u2019engagement du festival envers les jeunes interpr\u00e8tes.<\/p>\n<\/div><\/div><\/div><\/div><\/div><div class=\"vc_col-sm-6 wpb_column vc_column_container\"><div class=\"vc_column-inner\"><div class=\"wpb_wrapper\"><div class=\"wpb_text_column\"><div class=\"wpb_wrapper\"><p>Le 18, <strong>Mabel Mill\u00e1n<\/strong>, laur\u00e9ate d\u2019un Latin Grammy en 2017, pr\u00e9sente un programme de musique espagnole. Le 20, <strong>Daniel Zapico<\/strong> apporte le son de la musique ancienne, \u00e9largissant le regard au-del\u00e0 de la guitare moderne.<\/p>\n<p>Le 27, <strong>Jos\u00e9 Luis Ruiz del Puerto<\/strong>, nomm\u00e9 aux Latin Grammy en 2025, propose un programme centr\u00e9 sur les compositrices et l\u2019hommage \u00e0 Mar\u00eda Luisa Anido.<\/p>\n<p>La grande cl\u00f4ture arrive le 30 septembre avec <strong>Pepe Romero<\/strong>, l\u2019 <strong>Orquesta Filarm\u00f3nica de M\u00e1laga<\/strong> et le chef <strong>Jos\u00e9 Mar\u00eda Moreno<\/strong>. Le programme associe le <em>Concierto de Aranjuez<\/em> de Joaqu\u00edn Rodrigo \u00e0 la musique de film de John Williams. Le concert aura lieu \u00e0 20:00 au Teatro Cervantes, avec des billets \u00e0 20 \u20ac.<\/p>\n<\/div><\/div><\/div><\/div><\/div><\/div><\/div><\/section><section class=\"l-section wpb_row height_huge color_alternate with_shape\"><div class=\"l-section-shape type_zigzag pos_top hor_flip\" style=\"height:3vmin;\"><svg xmlns=\"http:\/\/www.w3.org\/2000\/svg\" viewBox=\"0 0 64 8\" preserveAspectRatio=\"none\" width=\"100%\" height=\"100%\">\r\n\t<path fill=\"currentColor\" d=\"M64 8 L0 8 L0 0 L20 7.9 L40 3 L48 5 L64 0 Z\"\/>\r\n<\/svg><\/div><div class=\"l-section-shape type_zigzag pos_bottom\" style=\"height:3vmin;\"><svg xmlns=\"http:\/\/www.w3.org\/2000\/svg\" viewBox=\"0 0 64 8\" preserveAspectRatio=\"none\" width=\"100%\" height=\"100%\">\r\n\t<path fill=\"currentColor\" d=\"M64 8 L0 8 L0 0 L20 7.9 L40 3 L48 5 L64 0 Z\"\/>\r\n<\/svg><\/div><div class=\"l-section-h i-cf\"><div class=\"g-cols vc_row via_flex valign_top type_default stacking_default\"><div class=\"vc_col-sm-6 wpb_column vc_column_container\"><div class=\"vc_column-inner\"><div class=\"wpb_wrapper\"><div class=\"wpb_text_column\"><div class=\"wpb_wrapper\"><h2 id=\"sedes\">Les quatre lieux du festival<\/h2>\n<h3>Patio de Surtidores de l\u2019Alcazaba de Malaga<\/h3>\n<p>C\u2019est le cadre le plus monumental du programme. L\u2019association de l\u2019architecture historique, de la nuit et de la guitare fait des rendez-vous de l\u2019Alcazaba certaines des exp\u00e9riences les plus particuli\u00e8res du festival. Pour les concerts, MiEntrada indique un acc\u00e8s par <strong>calle Guill\u00e9n Sotelo, 1<\/strong>, \u00e0 c\u00f4t\u00e9 de la porte de l\u2019ascenseur de l\u2019Alcazaba.<\/p>\n<h3>Sala Fundaci\u00f3n Unicaja Mar\u00eda Cristina<\/h3>\n<p>Situ\u00e9e <strong>calle Marqu\u00e9s de Valdeca\u00f1as, 2<\/strong>, elle accueille une grande partie du programme flamenco : El Amir, Daniel Casares et Joni Jim\u00e9nez avec Jes\u00fas M\u00e9ndez, ainsi que l\u2019ouverture avec Alejandro Hurtado et Inmaculada Salom\u00f3n.<\/p>\n<p>Son format de salle de concert favorise une \u00e9coute proche, particuli\u00e8rement importante lors des r\u00e9citals o\u00f9 les nuances du toque et du chant sont au premier plan.<\/p>\n<\/div><\/div><\/div><\/div><\/div><div class=\"vc_col-sm-6 wpb_column vc_column_container\"><div class=\"vc_column-inner\"><div class=\"wpb_wrapper\"><div class=\"wpb_text_column\"><div class=\"wpb_wrapper\"><h3>Centro Cultural Fundaci\u00f3n Unicaja de Malaga<\/h3>\n<p>\u00c0 <strong>Plaza del Obispo, 6<\/strong>, face \u00e0 la Cath\u00e9drale, se tiennent les concerts matinaux de Quinteto 1909, Filip Miskovic, Daniel Zapico et Jos\u00e9 Luis Ruiz del Puerto. C\u2019est le lieu associ\u00e9 \u00e0 la programmation de 12:00.<\/p>\n<h3>Teatro Cervantes<\/h3>\n<p>La cl\u00f4ture se d\u00e9place dans le principal th\u00e9\u00e2tre de la ville, situ\u00e9 <strong>calle Ramos Mar\u00edn, s\/n<\/strong>. Pepe Romero, l\u2019Orquesta Filarm\u00f3nica de M\u00e1laga et Jos\u00e9 Mar\u00eda Moreno s\u2019y produiront le 30 septembre.<\/p>\n<p>La r\u00e9partition du festival permet de combiner salles historiques, patrimoine en plein air et grand th\u00e9\u00e2tre. Si vous assistez \u00e0 plusieurs dates, v\u00e9rifiez le lieu de chaque concert : il n\u2019existe pas de site unique pour tout le festival.<\/p>\n<\/div><\/div><\/div><\/div><\/div><\/div><\/div><\/section><section class=\"l-section wpb_row height_huge\"><div class=\"l-section-h i-cf\"><div class=\"g-cols vc_row via_flex valign_top type_default stacking_default\"><div class=\"vc_col-sm-6 wpb_column vc_column_container\"><div class=\"vc_column-inner\"><div class=\"wpb_wrapper\"><div class=\"wpb_text_column\"><div class=\"wpb_wrapper\"><h2 id=\"entradas\">Billets : tarifs, vente et concerts complets<\/h2>\n<p>Les billets sont relativement abordables pour un festival de ce type : la fourchette g\u00e9n\u00e9rale va de <strong>10 \u00e0 20 \u20ac<\/strong>.<\/p>\n<p>La majeure partie du programme est vendue via <a href=\"https:\/\/www.mientrada.net\/eventos\/categoria\/pepe-romero-guitar-festival-malaga\/\" target=\"_blank\" rel=\"noopener\">MiEntrada<\/a>. La cl\u00f4ture du 30 septembre au Teatro Cervantes est reli\u00e9e depuis le site officiel \u00e0 <a href=\"https:\/\/www.unientradas.es\/\" target=\"_blank\" rel=\"noopener\">UniEntradas<\/a>.<\/p>\n<p>Au 5 septembre, MiEntrada indique comme complets :<\/p>\n<ul>\n<li>Jacob Kellerman, 5 septembre.<\/li>\n<li>Ausi\u00e0s Parejo, 12 septembre.<\/li>\n<\/ul>\n<p>Le concert d\u2019ouverture d\u2019Alejandro Hurtado et Inmaculada Salom\u00f3n, le 4, affichait \u00e9galement complet.<\/p>\n<\/div><\/div><\/div><\/div><\/div><div class=\"vc_col-sm-6 wpb_column vc_column_container\"><div class=\"vc_column-inner\"><div class=\"wpb_wrapper\"><div class=\"wpb_text_column\"><div class=\"wpb_wrapper\"><h2>Faut-il acheter \u00e0 l\u2019avance ?<\/h2>\n<p>Oui. M\u00eame si plusieurs rendez-vous restent \u00e0 10, 12 ou 15 \u20ac, les premiers concerts complets montrent que la capacit\u00e9 de certains lieux est limit\u00e9e et que certaines propositions suscitent une forte demande.<\/p>\n<p>Nous recommandons d\u2019acheter uniquement depuis le <a href=\"https:\/\/www.malagaguitarfestival.com\/\" target=\"_blank\" rel=\"noopener\">site officiel du Festival International de Guitare de Malaga Pepe Romero<\/a> ou depuis les billetteries auxquelles renvoie l\u2019organisation. V\u00e9rifiez toujours la date, l\u2019heure et le lieu avant de finaliser le paiement.<\/p>\n<p>Si un concert est complet, \u00e9vitez d\u2019acheter des billets \u00e0 des inconnus ou sur des canaux non autoris\u00e9s. L\u2019organisation peut mettre \u00e0 jour les disponibilit\u00e9s, mais la revente informelle ajoute des risques inutiles.<\/p>\n<\/div><\/div><\/div><\/div><\/div><\/div><\/div><\/section><section class=\"l-section wpb_row height_huge color_alternate with_shape\"><div class=\"l-section-shape type_zigzag pos_top\" style=\"height:3vmin;\"><svg xmlns=\"http:\/\/www.w3.org\/2000\/svg\" viewBox=\"0 0 64 8\" preserveAspectRatio=\"none\" width=\"100%\" height=\"100%\">\r\n\t<path fill=\"currentColor\" d=\"M64 8 L0 8 L0 0 L20 7.9 L40 3 L48 5 L64 0 Z\"\/>\r\n<\/svg><\/div><div class=\"l-section-shape type_zigzag pos_bottom\" style=\"height:3vmin;\"><svg xmlns=\"http:\/\/www.w3.org\/2000\/svg\" viewBox=\"0 0 64 8\" preserveAspectRatio=\"none\" width=\"100%\" height=\"100%\">\r\n\t<path fill=\"currentColor\" d=\"M64 8 L0 8 L0 0 L20 7.9 L40 3 L48 5 L64 0 Z\"\/>\r\n<\/svg><\/div><div class=\"l-section-h i-cf\"><div class=\"g-cols vc_row via_flex valign_top type_default stacking_default\"><div class=\"vc_col-sm-6 wpb_column vc_column_container\"><div class=\"vc_column-inner\"><div class=\"wpb_wrapper\"><div class=\"wpb_text_column\"><div class=\"wpb_wrapper\"><h2 id=\"homenajes\">Une \u00e9dition d\u00e9di\u00e9e \u00e0 Joaqu\u00edn Rodrigo, Cel\u00edn Romero et \u00c1ngel Romero<\/h2>\n<p>La cinqui\u00e8me \u00e9dition poss\u00e8de une dimension comm\u00e9morative tr\u00e8s marqu\u00e9e. Le festival rend hommage \u00e0 <strong>Joaqu\u00edn Rodrigo<\/strong> pour le 125e anniversaire de sa naissance et \u00e0 deux membres fondateurs du Quatuor Romero : <strong>Cel\u00edn Romero<\/strong>, pour le 90e anniversaire de sa naissance, et <strong>\u00c1ngel Romero<\/strong>, qui f\u00eate ses 80 ans.<\/p>\n<p>Le concert de cl\u00f4ture r\u00e9sume cette approche. Pepe Romero interpr\u00e8te le <em>Concierto de Aranjuez<\/em>, l\u2019une des \u0153uvres les plus universelles \u00e9crites pour guitare et orchestre, accompagn\u00e9 par l\u2019Orquesta Filarm\u00f3nica de M\u00e1laga sous la direction de Jos\u00e9 Mar\u00eda Moreno.<\/p>\n<p>Le programme est compl\u00e9t\u00e9 par de la musique de film de John Williams et s\u2019inscrit \u00e9galement dans le cadre du 250e anniversaire de l\u2019ind\u00e9pendance des \u00c9tats-Unis.<\/p>\n<\/div><\/div><\/div><\/div><\/div><div class=\"vc_col-sm-6 wpb_column vc_column_container\"><div class=\"vc_column-inner\"><div class=\"wpb_wrapper\"><div class=\"wpb_text_column\"><div class=\"wpb_wrapper\"><h2>Pourquoi le festival est particuli\u00e8rement int\u00e9ressant pour les amateurs de flamenco<\/h2>\n<p>Les festivals de guitare peuvent parfois \u00eatre s\u00e9par\u00e9s par genres. \u00c0 Malaga, au contraire, le programme place guitare classique et guitare flamenca dans un m\u00eame r\u00e9cit consacr\u00e9 \u00e0 la guitare espagnole.<\/p>\n<p>Cela permet d\u2019entendre en quelques semaines des approches tr\u00e8s diff\u00e9rentes : le toque soliste de Daniel Casares, le dialogue entre guitare et chant de Joni Jim\u00e9nez et Jes\u00fas M\u00e9ndez, l\u2019autonomie d\u2019un artiste qui chante et joue comme Ricardo Fern\u00e1ndez del Moral, la guitare contemporaine de Jos\u00e9 Ferm\u00edn Fern\u00e1ndez ou un instrument historique associ\u00e9 \u00e0 T\u00e1rrega entre les mains de Jacob Kellerman.<\/p>\n<p>Ceux qui visitent Malaga et souhaitent compl\u00e9ter le festival par une exp\u00e9rience flamenca r\u00e9guli\u00e8re peuvent consulter notre guide du <a href=\"https:\/\/www.tablaosflamencos.com\/flamenco-en-malaga\">flamenco \u00e0 Malaga<\/a>, avec des spectacles et des tablaos disponibles dans la ville.<\/p>\n<\/div><\/div><\/div><\/div><\/div><\/div><\/div><\/section><section class=\"l-section wpb_row height_huge\"><div class=\"l-section-h i-cf\"><div class=\"g-cols vc_row via_flex valign_top type_default stacking_default\"><div class=\"vc_col-sm-6 wpb_column vc_column_container\"><div class=\"vc_column-inner\"><div class=\"wpb_wrapper\"><div class=\"wpb_text_column\"><div class=\"wpb_wrapper\"><h2>Comment organiser une visite au festival<\/h2>\n<p>Si vous voyagez sp\u00e9cialement pour le festival, commencez par choisir le concert et le lieu avant de r\u00e9server d\u2019autres activit\u00e9s. Les rendez-vous sont r\u00e9partis dans le centre de Malaga et ont des horaires tr\u00e8s diff\u00e9rents : certains commencent \u00e0 12:00, d\u2019autres \u00e0 19:30, 20:00 ou 21:30.<\/p>\n<p>Pour les concerts de l\u2019Alcazaba, il est conseill\u00e9 d\u2019arriver en avance et de suivre les indications d\u2019acc\u00e8s sp\u00e9cifiques publi\u00e9es par la billetterie. Pour les concerts du soir, r\u00e9server \u00e0 l\u2019avance \u00e9vite de d\u00e9pendre des disponibilit\u00e9s de derni\u00e8re minute.<\/p>\n<p>Si votre priorit\u00e9 est le flamenco, la seconde moiti\u00e9 du mois concentre particuli\u00e8rement bien la programmation : du 17 au 26 septembre se succ\u00e8dent Pituquete et Encarna Anillo, Daniel Casares, Jos\u00e9 Ferm\u00edn Fern\u00e1ndez, Joni Jim\u00e9nez avec Jes\u00fas M\u00e9ndez et Ricardo Fern\u00e1ndez del Moral.<\/p>\n<\/div><\/div><\/div><\/div><\/div><div class=\"vc_col-sm-6 wpb_column vc_column_container\"><div class=\"vc_column-inner\"><div class=\"wpb_wrapper\"><div class=\"wpb_text_column\"><div class=\"wpb_wrapper\"><h2>Une occasion de d\u00e9couvrir Malaga \u00e0 travers la guitare<\/h2>\n<p>La r\u00e9partition des lieux permet au festival de fonctionner aussi comme un parcours culturel. L\u2019Alcazaba place la guitare au c\u0153ur de l\u2019un des grands monuments de la ville ; le Centro Cultural Fundaci\u00f3n Unicaja la conduit \u00e0 la Plaza del Obispo ; Mar\u00eda Cristina apporte une salle historique ; et le Teatro Cervantes r\u00e9serve le format symphonique \u00e0 la cl\u00f4ture.<\/p>\n<p>Cette diversit\u00e9 transforme le festival en bien plus qu\u2019une succession de r\u00e9citals. La ville fait partie de l\u2019exp\u00e9rience et le programme s\u2019adresse aussi bien aux amateurs avertis qu\u2019aux visiteurs qui souhaitent d\u00e9couvrir la guitare espagnole pour la premi\u00e8re fois.<\/p>\n<p>Le fait que les billets commencent \u00e0 10 \u20ac permet de combiner plusieurs rendez-vous et de comparer des langages musicaux tr\u00e8s diff\u00e9rents au sein d\u2019une m\u00eame \u00e9dition.<\/p>\n<\/div><\/div><\/div><\/div><\/div><\/div><\/div><\/section><section class=\"l-section wpb_row height_huge color_alternate with_shape\"><div class=\"l-section-shape type_zigzag pos_top hor_flip\" style=\"height:3vmin;\"><svg xmlns=\"http:\/\/www.w3.org\/2000\/svg\" viewBox=\"0 0 64 8\" preserveAspectRatio=\"none\" width=\"100%\" height=\"100%\">\r\n\t<path fill=\"currentColor\" d=\"M64 8 L0 8 L0 0 L20 7.9 L40 3 L48 5 L64 0 Z\"\/>\r\n<\/svg><\/div><div class=\"l-section-shape type_zigzag pos_bottom\" style=\"height:3vmin;\"><svg xmlns=\"http:\/\/www.w3.org\/2000\/svg\" viewBox=\"0 0 64 8\" preserveAspectRatio=\"none\" width=\"100%\" height=\"100%\">\r\n\t<path fill=\"currentColor\" d=\"M64 8 L0 8 L0 0 L20 7.9 L40 3 L48 5 L64 0 Z\"\/>\r\n<\/svg><\/div><div class=\"l-section-h i-cf\"><div class=\"g-cols vc_row via_flex valign_top type_default stacking_default\"><div class=\"vc_col-sm-12 wpb_column vc_column_container\"><div class=\"vc_column-inner\"><div class=\"wpb_wrapper\"><div class=\"wpb_text_column\"><div class=\"wpb_wrapper\"><h2 style=\"text-align: center;\">R\u00e9sum\u00e9 pratique<\/h2>\n<div style=\"overflow-x: auto;\">\n<table>\n<thead>\n<tr>\n<th>Question<\/th>\n<th>R\u00e9ponse<\/th>\n<\/tr>\n<\/thead>\n<tbody>\n<tr>\n<td>Quand a-t-il lieu ?<\/td>\n<td>Du 4 au 30 septembre 2026.<\/td>\n<\/tr>\n<tr>\n<td>Combien y a-t-il de concerts ?<\/td>\n<td>15.<\/td>\n<\/tr>\n<tr>\n<td>Combien de concerts de flamenco sont inclus ?<\/td>\n<td>Sept dans le cycle Trasnoches Flamencos.<\/td>\n<\/tr>\n<tr>\n<td>Combien co\u00fbtent les billets ?<\/td>\n<td>Entre 10 et 20 \u20ac.<\/td>\n<\/tr>\n<tr>\n<td>O\u00f9 les acheter ?<\/td>\n<td>Principalement sur MiEntrada ; la cl\u00f4ture via UniEntradas.<\/td>\n<\/tr>\n<tr>\n<td>Quels concerts sont complets ?<\/td>\n<td>Au 5 septembre : Jacob Kellerman et Ausi\u00e0s Parejo ; l\u2019ouverture du 4 affichait \u00e9galement complet.<\/td>\n<\/tr>\n<tr>\n<td>O\u00f9 le festival se d\u00e9roule-t-il ?<\/td>\n<td>Alcazaba, Sala Fundaci\u00f3n Unicaja Mar\u00eda Cristina, Centro Cultural Fundaci\u00f3n Unicaja de Malaga et Teatro Cervantes.<\/td>\n<\/tr>\n<tr>\n<td>Qui cl\u00f4ture le festival ?<\/td>\n<td>Pepe Romero avec l\u2019Orquesta Filarm\u00f3nica de M\u00e1laga et Jos\u00e9 Mar\u00eda Moreno.<\/td>\n<\/tr>\n<\/tbody>\n<\/table>\n<\/div>\n<\/div><\/div><\/div><\/div><\/div><\/div><\/div><\/section><section class=\"l-section wpb_row height_huge\"><div class=\"l-section-h i-cf\"><div class=\"g-cols vc_row via_flex valign_top type_default stacking_default\"><div class=\"vc_col-sm-12 wpb_column vc_column_container\"><div class=\"vc_column-inner\"><div class=\"wpb_wrapper\"><div class=\"wpb_text_column\"><div class=\"wpb_wrapper\"><h2>Un festival pour \u00e9couter la guitare \u00e0 travers plusieurs univers<\/h2>\n<p>Le Pepe Romero Guitar Festival M\u00e1laga 2026 r\u00e9unit en moins d\u2019un mois des instruments historiques, de jeunes interpr\u00e8tes, de grands noms de la guitare espagnole et un cycle flamenco dot\u00e9 d\u2019une identit\u00e9 propre. Pour le public de Tablaos Flamencos, le principal attrait r\u00e9side dans la continuit\u00e9 de Trasnoches Flamencos et la vari\u00e9t\u00e9 des formats propos\u00e9s.<\/p>\n<p>Daniel Casares offre le grand rendez-vous de guitare flamenca soliste ; Joni Jim\u00e9nez et Jes\u00fas M\u00e9ndez r\u00e9unissent toque et chant ; Ricardo Fern\u00e1ndez del Moral porte les deux langages en une seule personne ; Jos\u00e9 Ferm\u00edn Fern\u00e1ndez repr\u00e9sente un regard contemporain ; et El Amir et Pituquete ouvrent le programme \u00e0 d\u2019autres connexions musicales.<\/p>\n<p>La cl\u00f4ture de Pepe Romero compl\u00e8te l\u2019arc du festival depuis une autre tradition de la guitare. Malaga utilise ainsi quatre lieux embl\u00e9matiques pour rappeler que la guitare espagnole ne r\u00e9pond pas \u00e0 une seule esth\u00e9tique et que le flamenco constitue une part essentielle de sa richesse.<\/p>\n<\/div><\/div><div class=\"w-separator size_medium\"><\/div><div class=\"w-hwrapper valign_top wrap align_center\" style=\"--hwrapper-gap:1.2rem\"><div class=\"w-btn-wrapper align_none\"><a class=\"w-btn us-btn-style_1\" href=\"\/?page_id=8784\"><span class=\"w-btn-label\">Voir du flamenco \u00e0 Malaga<\/span><\/a><\/div><div class=\"w-btn-wrapper align_none\"><a class=\"w-btn us-btn-style_1\" href=\"\/tablaos-flamencos\"><span class=\"w-btn-label\">D\u00e9couvrir les tablaos de flamenco<\/span><\/a><\/div><\/div><\/div><\/div><\/div><\/div><\/div><\/section><section class=\"l-section wpb_row height_huge color_alternate with_shape\"><div class=\"l-section-shape type_zigzag pos_top\" style=\"height:3vmin;\"><svg xmlns=\"http:\/\/www.w3.org\/2000\/svg\" viewBox=\"0 0 64 8\" preserveAspectRatio=\"none\" width=\"100%\" height=\"100%\">\r\n\t<path fill=\"currentColor\" d=\"M64 8 L0 8 L0 0 L20 7.9 L40 3 L48 5 L64 0 Z\"\/>\r\n<\/svg><\/div><div class=\"l-section-h i-cf\"><div class=\"g-cols vc_row via_flex valign_top type_default stacking_default\"><div class=\"vc_col-sm-1\/5 wpb_column vc_column_container\"><div class=\"vc_column-inner\"><div class=\"wpb_wrapper\"><\/div><\/div><\/div><div class=\"vc_col-sm-3\/5 wpb_column vc_column_container\"><div class=\"vc_column-inner\"><div class=\"wpb_wrapper\"><div class=\"wpb_text_column\"><div class=\"wpb_wrapper\"><h2 id=\"faq\">Questions fr\u00e9quentes sur le Festival International de Guitare Pepe Romero 2026<\/h2>\n<\/div><\/div><div class=\"w-separator size_medium\"><\/div><div class=\"w-tabs accordion toggle_style_1 has_scrolling\" style=\"--sections-title-size:inherit;--sections-gap:0.5rem;\"><div class=\"w-tabs-sections titles-align_none icon_chevron cpos_right\"><div class=\"w-tabs-section\" id=\"icbc\"><button type=\"button\" class=\"w-tabs-section-header\" aria-controls=\"content-icbc\" aria-expanded=\"false\"><div class=\"w-tabs-section-title\">Quand se d\u00e9roule le Festival International de Guitare Pepe Romero 2026 ?<\/div><div class=\"w-tabs-section-control\"><\/div><\/button><div  class=\"w-tabs-section-content\" id=\"content-icbc\"><div class=\"w-tabs-section-content-h i-cf\"><div class=\"wpb_text_column\"><div class=\"wpb_wrapper\"><p>La cinqui\u00e8me \u00e9dition se d\u00e9roule \u00e0 Malaga du 4 au 30 septembre 2026.<\/p>\n<\/div><\/div><\/div><\/div><\/div><div class=\"w-tabs-section\" id=\"wde1\"><button type=\"button\" class=\"w-tabs-section-header\" aria-controls=\"content-wde1\" aria-expanded=\"false\"><div class=\"w-tabs-section-title\">Combien de concerts compte le festival ?<\/div><div class=\"w-tabs-section-control\"><\/div><\/button><div  class=\"w-tabs-section-content\" id=\"content-wde1\"><div class=\"w-tabs-section-content-h i-cf\"><div class=\"wpb_text_column\"><div class=\"wpb_wrapper\"><p>Le programme officiel comprend 15 concerts r\u00e9partis tout au long du mois de septembre.<\/p>\n<\/div><\/div><\/div><\/div><\/div><div class=\"w-tabs-section\" id=\"vee2\"><button type=\"button\" class=\"w-tabs-section-header\" aria-controls=\"content-vee2\" aria-expanded=\"false\"><div class=\"w-tabs-section-title\">Quels concerts de flamenco sont programm\u00e9s au Pepe Romero Guitar Festival ?<\/div><div class=\"w-tabs-section-control\"><\/div><\/button><div  class=\"w-tabs-section-content\" id=\"content-vee2\"><div class=\"w-tabs-section-content-h i-cf\"><div class=\"wpb_text_column\"><div class=\"wpb_wrapper\"><p>Le cycle Trasnoches Flamencos comprend Alejandro Hurtado et Inmaculada Salom\u00f3n, El Amir, Pituquete avec Encarna Anillo, Daniel Casares, Jos\u00e9 Ferm\u00edn Fern\u00e1ndez, Joni Jim\u00e9nez avec Jes\u00fas M\u00e9ndez et Ricardo Fern\u00e1ndez del Moral. Le premier de ces rendez-vous a eu lieu le 4 septembre.<\/p>\n<\/div><\/div><\/div><\/div><\/div><div class=\"w-tabs-section\" id=\"vfbb\"><button type=\"button\" class=\"w-tabs-section-header\" aria-controls=\"content-vfbb\" aria-expanded=\"false\"><div class=\"w-tabs-section-title\">Combien co\u00fbtent les billets ?<\/div><div class=\"w-tabs-section-control\"><\/div><\/button><div  class=\"w-tabs-section-content\" id=\"content-vfbb\"><div class=\"w-tabs-section-content-h i-cf\"><div class=\"wpb_text_column\"><div class=\"wpb_wrapper\"><p>Les tarifs publi\u00e9s pour 2026 vont de 10 \u00e0 20 \u20ac, selon le concert.<\/p>\n<\/div><\/div><\/div><\/div><\/div><div class=\"w-tabs-section\" id=\"q0ab\"><button type=\"button\" class=\"w-tabs-section-header\" aria-controls=\"content-q0ab\" aria-expanded=\"false\"><div class=\"w-tabs-section-title\">O\u00f9 acheter les billets ?<\/div><div class=\"w-tabs-section-control\"><\/div><\/button><div  class=\"w-tabs-section-content\" id=\"content-q0ab\"><div class=\"w-tabs-section-content-h i-cf\"><div class=\"wpb_text_column\"><div class=\"wpb_wrapper\"><p>La plupart des concerts sont commercialis\u00e9s via MiEntrada. Le site officiel renvoie la cl\u00f4ture du 30 septembre au Teatro Cervantes vers UniEntradas.<\/p>\n<\/div><\/div><\/div><\/div><\/div><div class=\"w-tabs-section\" id=\"c19b\"><button type=\"button\" class=\"w-tabs-section-header\" aria-controls=\"content-c19b\" aria-expanded=\"false\"><div class=\"w-tabs-section-title\">Y a-t-il des concerts complets ?<\/div><div class=\"w-tabs-section-control\"><\/div><\/button><div  class=\"w-tabs-section-content\" id=\"content-c19b\"><div class=\"w-tabs-section-content-h i-cf\"><div class=\"wpb_text_column\"><div class=\"wpb_wrapper\"><p>Au 5 septembre, les billets pour Jacob Kellerman le 5 et Ausi\u00e0s Parejo le 12 sont indiqu\u00e9s comme complets. L\u2019ouverture du 4 septembre avec Alejandro Hurtado et Inmaculada Salom\u00f3n a \u00e9galement affich\u00e9 complet.<\/p>\n<\/div><\/div><\/div><\/div><\/div><div class=\"w-tabs-section\" id=\"i27e\"><button type=\"button\" class=\"w-tabs-section-header\" aria-controls=\"content-i27e\" aria-expanded=\"false\"><div class=\"w-tabs-section-title\">O\u00f9 ont lieu les concerts ?<\/div><div class=\"w-tabs-section-control\"><\/div><\/button><div  class=\"w-tabs-section-content\" id=\"content-i27e\"><div class=\"w-tabs-section-content-h i-cf\"><div class=\"wpb_text_column\"><div class=\"wpb_wrapper\"><p>Les quatre principaux lieux sont le Patio de Surtidores de l\u2019Alcazaba de Malaga, la Sala Fundaci\u00f3n Unicaja Mar\u00eda Cristina, le Centro Cultural Fundaci\u00f3n Unicaja de Malaga et le Teatro Cervantes.<\/p>\n<\/div><\/div><\/div><\/div><\/div><div class=\"w-tabs-section\" id=\"d34e\"><button type=\"button\" class=\"w-tabs-section-header\" aria-controls=\"content-d34e\" aria-expanded=\"false\"><div class=\"w-tabs-section-title\">Quand Daniel Casares se produit-il ?<\/div><div class=\"w-tabs-section-control\"><\/div><\/button><div  class=\"w-tabs-section-content\" id=\"content-d34e\"><div class=\"w-tabs-section-content-h i-cf\"><div class=\"wpb_text_column\"><div class=\"wpb_wrapper\"><p>Daniel Casares se produit le samedi 19 septembre \u00e0 19:30 \u00e0 la Sala Fundaci\u00f3n Unicaja Mar\u00eda Cristina. Le billet annonc\u00e9 co\u00fbte 12 \u20ac.<\/p>\n<\/div><\/div><\/div><\/div><\/div><div class=\"w-tabs-section\" id=\"p42f\"><button type=\"button\" class=\"w-tabs-section-header\" aria-controls=\"content-p42f\" aria-expanded=\"false\"><div class=\"w-tabs-section-title\">Quand Joni Jim\u00e9nez et Jes\u00fas M\u00e9ndez se produisent-ils ?<\/div><div class=\"w-tabs-section-control\"><\/div><\/button><div  class=\"w-tabs-section-content\" id=\"content-p42f\"><div class=\"w-tabs-section-content-h i-cf\"><div class=\"wpb_text_column\"><div class=\"wpb_wrapper\"><p>Ils se produisent le vendredi 25 septembre \u00e0 19:30 \u00e0 la Sala Fundaci\u00f3n Unicaja Mar\u00eda Cristina. Le billet co\u00fbte 10 \u20ac selon le programme officiel.<\/p>\n<\/div><\/div><\/div><\/div><\/div><div class=\"w-tabs-section\" id=\"l50c\"><button type=\"button\" class=\"w-tabs-section-header\" aria-controls=\"content-l50c\" aria-expanded=\"false\"><div class=\"w-tabs-section-title\">Qui cl\u00f4ture le festival ?<\/div><div class=\"w-tabs-section-control\"><\/div><\/button><div  class=\"w-tabs-section-content\" id=\"content-l50c\"><div class=\"w-tabs-section-content-h i-cf\"><div class=\"wpb_text_column\"><div class=\"wpb_wrapper\"><p>Pepe Romero cl\u00f4ture la cinqui\u00e8me \u00e9dition le 30 septembre au Teatro Cervantes avec l\u2019Orquesta Filarm\u00f3nica de M\u00e1laga et le chef Jos\u00e9 Mar\u00eda Moreno, dans un programme comprenant le Concierto de Aranjuez de Joaqu\u00edn Rodrigo et de la musique de film de John Williams.<\/p>\n<\/div><\/div><\/div><\/div><\/div><\/div><\/div><\/div><\/div><\/div><div class=\"vc_col-sm-1\/5 wpb_column vc_column_container\"><div class=\"vc_column-inner\"><div class=\"wpb_wrapper\"><\/div><\/div><\/div><\/div><\/div><\/section>\n","protected":false},"excerpt":{"rendered":"<p>Guide complet du Festival International de Guitare Pepe Romero 2026 \u00e0 Malaga : 15 concerts, flamenco, artistes, lieux, tarifs et billets.<\/p>\n","protected":false},"author":1,"featured_media":14939,"comment_status":"closed","ping_status":"closed","sticky":false,"template":"","format":"standard","meta":{"_acf_changed":false,"wpai_generated_summary":"","_ayudawp_aiss_exclude":false,"_ayudawp_aiss_exclude_summary":false,"_ayudawp_aiss_summary":"","_ayudawp_aiss_summary_provider":"","_ayudawp_aiss_summary_hash":"","footnotes":""},"categories":[1668],"tags":[1396],"class_list":["post-15061","post","type-post","status-publish","format-standard","has-post-thumbnail","hentry","category-festivals-flamenco","tag-guitare-flamenca"],"acf":[],"yoast_head":"<!-- This site is optimized with the Yoast SEO Premium plugin v28.4 (Yoast SEO v28.4) - https:\/\/yoast.com\/product\/yoast-seo-premium-wordpress\/ -->\n<title>Festival de Guitare Pepe Romero Malaga 2026 : programme et billets<\/title>\n<meta name=\"description\" content=\"Festival International de Guitare Pepe Romero 2026 \u00e0 Malaga : 15 concerts, flamenco, artistes, lieux, tarifs et billets.\" \/>\n<meta name=\"robots\" content=\"index, follow, max-snippet:-1, max-image-preview:large, max-video-preview:-1\" \/>\n<link rel=\"canonical\" href=\"https:\/\/www.tablaosflamencos.com\/fr\/festival-guitare-pepe-romero-malaga-2026.html\" \/>\n<meta property=\"og:locale\" content=\"fr_FR\" \/>\n<meta property=\"og:type\" content=\"article\" \/>\n<meta property=\"og:title\" content=\"Festival International de Guitare Pepe Romero 2026 \u00e0 Malaga : programme, artistes, concerts de flamenco, lieux et billets\" \/>\n<meta property=\"og:description\" content=\"Festival International de Guitare Pepe Romero 2026 \u00e0 Malaga : 15 concerts, flamenco, artistes, lieux, tarifs et billets.\" \/>\n<meta property=\"og:url\" content=\"https:\/\/www.tablaosflamencos.com\/fr\/festival-guitare-pepe-romero-malaga-2026.html\" \/>\n<meta property=\"og:site_name\" content=\"Tablaos Flamencos\" \/>\n<meta property=\"article:publisher\" content=\"https:\/\/www.facebook.com\/tablaosflamencos\" \/>\n<meta property=\"article:published_time\" content=\"2026-09-06T14:39:25+00:00\" \/>\n<meta property=\"article:modified_time\" content=\"2026-09-06T17:31:31+00:00\" \/>\n<meta property=\"og:image\" content=\"https:\/\/www.tablaosflamencos.com\/wp-content\/uploads\/festival-internacional-de-guitarra-pepe-romero-2026-en-malaga-programa-artistas-conciertos-flamencos-sedes-y-entradas-01.webp\" \/>\n\t<meta property=\"og:image:width\" content=\"1672\" \/>\n\t<meta property=\"og:image:height\" content=\"941\" \/>\n\t<meta property=\"og:image:type\" content=\"image\/webp\" \/>\n<meta name=\"author\" content=\"Miguel Ortiz\" \/>\n<meta name=\"twitter:card\" content=\"summary_large_image\" \/>\n<meta name=\"twitter:creator\" content=\"@tablaosflamenco\" \/>\n<meta name=\"twitter:site\" content=\"@tablaosflamenco\" \/>\n<meta name=\"twitter:label1\" content=\"\u00c9crit par\" \/>\n\t<meta name=\"twitter:data1\" content=\"Miguel Ortiz\" \/>\n\t<meta name=\"twitter:label2\" content=\"Dur\u00e9e de lecture estim\u00e9e\" \/>\n\t<meta name=\"twitter:data2\" content=\"19 minutes\" \/>\n<script type=\"application\/ld+json\" class=\"yoast-schema-graph\">{\"@context\":\"https:\\\/\\\/schema.org\",\"@graph\":[{\"@type\":\"Article\",\"@id\":\"https:\\\/\\\/www.tablaosflamencos.com\\\/fr\\\/festival-guitare-pepe-romero-malaga-2026.html#article\",\"isPartOf\":{\"@id\":\"https:\\\/\\\/www.tablaosflamencos.com\\\/fr\\\/festival-guitare-pepe-romero-malaga-2026.html\"},\"author\":{\"name\":\"Miguel Ortiz\",\"@id\":\"https:\\\/\\\/www.tablaosflamencos.com\\\/fr#\\\/schema\\\/person\\\/e7a9ebe14eb75a52ceabfbffb3c54f5d\"},\"headline\":\"Festival International de Guitare Pepe Romero 2026 \u00e0 Malaga : programme, artistes, concerts de flamenco, lieux et billets\",\"datePublished\":\"2026-09-06T14:39:25+00:00\",\"dateModified\":\"2026-09-06T17:31:31+00:00\",\"mainEntityOfPage\":{\"@id\":\"https:\\\/\\\/www.tablaosflamencos.com\\\/fr\\\/festival-guitare-pepe-romero-malaga-2026.html\"},\"wordCount\":3907,\"publisher\":{\"@id\":\"https:\\\/\\\/www.tablaosflamencos.com\\\/fr#organization\"},\"image\":{\"@id\":\"https:\\\/\\\/www.tablaosflamencos.com\\\/fr\\\/festival-guitare-pepe-romero-malaga-2026.html#primaryimage\"},\"thumbnailUrl\":\"https:\\\/\\\/www.tablaosflamencos.com\\\/wp-content\\\/uploads\\\/festival-internacional-de-guitarra-pepe-romero-2026-en-malaga-programa-artistas-conciertos-flamencos-sedes-y-entradas-01.webp\",\"keywords\":[\"guitare flamenca\"],\"articleSection\":[\"Festivals de flamenco\"],\"inLanguage\":\"fr-FR\"},{\"@type\":\"WebPage\",\"@id\":\"https:\\\/\\\/www.tablaosflamencos.com\\\/fr\\\/festival-guitare-pepe-romero-malaga-2026.html\",\"url\":\"https:\\\/\\\/www.tablaosflamencos.com\\\/fr\\\/festival-guitare-pepe-romero-malaga-2026.html\",\"name\":\"Festival de Guitare Pepe Romero Malaga 2026 : programme et billets\",\"isPartOf\":{\"@id\":\"https:\\\/\\\/www.tablaosflamencos.com\\\/fr#website\"},\"primaryImageOfPage\":{\"@id\":\"https:\\\/\\\/www.tablaosflamencos.com\\\/fr\\\/festival-guitare-pepe-romero-malaga-2026.html#primaryimage\"},\"image\":{\"@id\":\"https:\\\/\\\/www.tablaosflamencos.com\\\/fr\\\/festival-guitare-pepe-romero-malaga-2026.html#primaryimage\"},\"thumbnailUrl\":\"https:\\\/\\\/www.tablaosflamencos.com\\\/wp-content\\\/uploads\\\/festival-internacional-de-guitarra-pepe-romero-2026-en-malaga-programa-artistas-conciertos-flamencos-sedes-y-entradas-01.webp\",\"datePublished\":\"2026-09-06T14:39:25+00:00\",\"dateModified\":\"2026-09-06T17:31:31+00:00\",\"description\":\"Festival International de Guitare Pepe Romero 2026 \u00e0 Malaga : 15 concerts, flamenco, artistes, lieux, tarifs et billets.\",\"breadcrumb\":{\"@id\":\"https:\\\/\\\/www.tablaosflamencos.com\\\/fr\\\/festival-guitare-pepe-romero-malaga-2026.html#breadcrumb\"},\"inLanguage\":\"fr-FR\",\"potentialAction\":[{\"@type\":\"ReadAction\",\"target\":[\"https:\\\/\\\/www.tablaosflamencos.com\\\/fr\\\/festival-guitare-pepe-romero-malaga-2026.html\"]}]},{\"@type\":\"ImageObject\",\"inLanguage\":\"fr-FR\",\"@id\":\"https:\\\/\\\/www.tablaosflamencos.com\\\/fr\\\/festival-guitare-pepe-romero-malaga-2026.html#primaryimage\",\"url\":\"https:\\\/\\\/www.tablaosflamencos.com\\\/wp-content\\\/uploads\\\/festival-internacional-de-guitarra-pepe-romero-2026-en-malaga-programa-artistas-conciertos-flamencos-sedes-y-entradas-01.webp\",\"contentUrl\":\"https:\\\/\\\/www.tablaosflamencos.com\\\/wp-content\\\/uploads\\\/festival-internacional-de-guitarra-pepe-romero-2026-en-malaga-programa-artistas-conciertos-flamencos-sedes-y-entradas-01.webp\",\"width\":1672,\"height\":941,\"caption\":\"Guitarrista en concierto nocturno en M\u00e1laga para el Festival Internacional de Guitarra Pepe Romero 2026\"},{\"@type\":\"BreadcrumbList\",\"@id\":\"https:\\\/\\\/www.tablaosflamencos.com\\\/fr\\\/festival-guitare-pepe-romero-malaga-2026.html#breadcrumb\",\"itemListElement\":[{\"@type\":\"ListItem\",\"position\":1,\"name\":\"Home\",\"item\":\"https:\\\/\\\/www.tablaosflamencos.com\\\/fr\"},{\"@type\":\"ListItem\",\"position\":2,\"name\":\"Festival International de Guitare Pepe Romero 2026 \u00e0 Malaga : programme, artistes, concerts de flamenco, lieux et billets\"}]},{\"@type\":\"WebSite\",\"@id\":\"https:\\\/\\\/www.tablaosflamencos.com\\\/fr#website\",\"url\":\"https:\\\/\\\/www.tablaosflamencos.com\\\/fr\",\"name\":\"Tablaos Flamencos\",\"description\":\"Entradas para tablaos flamencos de Espa\u00f1a\",\"publisher\":{\"@id\":\"https:\\\/\\\/www.tablaosflamencos.com\\\/fr#organization\"},\"alternateName\":\"Tablaos Flamencos\",\"potentialAction\":[{\"@type\":\"SearchAction\",\"target\":{\"@type\":\"EntryPoint\",\"urlTemplate\":\"https:\\\/\\\/www.tablaosflamencos.com\\\/fr?s={search_term_string}\"},\"query-input\":{\"@type\":\"PropertyValueSpecification\",\"valueRequired\":true,\"valueName\":\"search_term_string\"}}],\"inLanguage\":\"fr-FR\"},{\"@type\":[\"Organization\",\"Place\",\"EntertainmentBusiness\"],\"@id\":\"https:\\\/\\\/www.tablaosflamencos.com\\\/fr#organization\",\"name\":\"Tablaos Flamencos\",\"alternateName\":\"Tablaos Flamencos\",\"url\":\"https:\\\/\\\/www.tablaosflamencos.com\\\/fr\",\"logo\":{\"@id\":\"https:\\\/\\\/www.tablaosflamencos.com\\\/fr\\\/festival-guitare-pepe-romero-malaga-2026.html#local-main-organization-logo\"},\"image\":{\"@id\":\"https:\\\/\\\/www.tablaosflamencos.com\\\/fr\\\/festival-guitare-pepe-romero-malaga-2026.html#local-main-organization-logo\"},\"sameAs\":[\"https:\\\/\\\/www.facebook.com\\\/tablaosflamencos\",\"https:\\\/\\\/x.com\\\/tablaosflamenco\",\"https:\\\/\\\/mastodon.social\\\/@tablaosflamencos\",\"https:\\\/\\\/www.instagram.com\\\/tablaosflamencos\",\"https:\\\/\\\/tiktok.com\\\/@tablaosflamencos\",\"https:\\\/\\\/www.linkedin.com\\\/company\\\/109408238\\\/\"],\"description\":\"Venta de entradas para espect\u00e1culos flamencos\",\"legalName\":\"Tablaos Flamencos\",\"foundingDate\":\"2015-01-01\",\"numberOfEmployees\":{\"@type\":\"QuantitativeValue\",\"minValue\":\"1\",\"maxValue\":\"10\"},\"address\":{\"@id\":\"https:\\\/\\\/www.tablaosflamencos.com\\\/fr\\\/festival-guitare-pepe-romero-malaga-2026.html#local-main-place-address\"},\"geo\":{\"@type\":\"GeoCoordinates\",\"latitude\":\"37.3868072\",\"longitude\":\"-5.993280299999999\"},\"telephone\":[\"+34623787787\"],\"contactPoint\":{\"@type\":\"ContactPoint\",\"telephone\":\"+34623787787\",\"email\":\"info@tablaosflamencos.com\"},\"openingHoursSpecification\":{\"@type\":\"OpeningHoursSpecification\",\"dayOfWeek\":[\"Monday\",\"Tuesday\",\"Wednesday\",\"Thursday\",\"Friday\",\"Saturday\",\"Sunday\"],\"opens\":\"00:00\",\"closes\":\"23:59\"},\"email\":\"info@tablaosflamencos.com\",\"priceRange\":\"$$$\",\"currenciesAccepted\":\"\u20ac\"},{\"@type\":\"Person\",\"@id\":\"https:\\\/\\\/www.tablaosflamencos.com\\\/fr#\\\/schema\\\/person\\\/e7a9ebe14eb75a52ceabfbffb3c54f5d\",\"name\":\"Miguel Ortiz\",\"description\":\"Miguel Ortiz es un empresario flamenco, con una s\u00f3lida trayectoria dentro del sector. Ha presidido entidades culturales vinculadas al flamenco y, cuenta con un amplio recorrido profesional en la gesti\u00f3n y promoci\u00f3n de espect\u00e1culos y tablaos flamencos. Su pasi\u00f3n por la historia y el arte flamenco se refleja en cada art\u00edculo, donde combina experiencia, criterio y un profundo respeto por la tradici\u00f3n.\",\"sameAs\":[\"https:\\\/\\\/www.tablaosflamencos.com\",\"https:\\\/\\\/www.instagra.com\\\/miguelortizfe\",\"https:\\\/\\\/www.linkedin.com\\\/in\\\/miguelortizf\\\/\"],\"birthDate\":\"1984-11-22\",\"gender\":\"hombre\",\"knowsLanguage\":[\"espa\u00f1ol\",\"ingl\u00e9s\"],\"jobTitle\":\"Empresario flamenco\"},{\"@type\":\"PostalAddress\",\"@id\":\"https:\\\/\\\/www.tablaosflamencos.com\\\/fr\\\/festival-guitare-pepe-romero-malaga-2026.html#local-main-place-address\",\"streetAddress\":\"C\\\/ Alemanes, 19\",\"addressLocality\":\"Sevilla\",\"postalCode\":\"41004\",\"addressRegion\":\"Sevilla\",\"addressCountry\":\"ES\"},{\"@type\":\"ImageObject\",\"inLanguage\":\"fr-FR\",\"@id\":\"https:\\\/\\\/www.tablaosflamencos.com\\\/fr\\\/festival-guitare-pepe-romero-malaga-2026.html#local-main-organization-logo\",\"url\":\"https:\\\/\\\/www.tablaosflamencos.com\\\/wp-content\\\/uploads\\\/tablaos-flamencos-06-3.webp\",\"contentUrl\":\"https:\\\/\\\/www.tablaosflamencos.com\\\/wp-content\\\/uploads\\\/tablaos-flamencos-06-3.webp\",\"width\":600,\"height\":620,\"caption\":\"Tablaos Flamencos\"}]}<\/script>\n<meta name=\"geo.placename\" content=\"Sevilla\" \/>\n<meta name=\"geo.position\" content=\"37.3868072;-5.993280299999999\" \/>\n<meta name=\"geo.region\" content=\"Espagne\" \/>\n<!-- \/ Yoast SEO Premium plugin. -->","yoast_head_json":{"title":"Festival de Guitare Pepe Romero Malaga 2026 : programme et billets","description":"Festival International de Guitare Pepe Romero 2026 \u00e0 Malaga : 15 concerts, flamenco, artistes, lieux, tarifs et billets.","robots":{"index":"index","follow":"follow","max-snippet":"max-snippet:-1","max-image-preview":"max-image-preview:large","max-video-preview":"max-video-preview:-1"},"canonical":"https:\/\/www.tablaosflamencos.com\/fr\/festival-guitare-pepe-romero-malaga-2026.html","og_locale":"fr_FR","og_type":"article","og_title":"Festival International de Guitare Pepe Romero 2026 \u00e0 Malaga : programme, artistes, concerts de flamenco, lieux et billets","og_description":"Festival International de Guitare Pepe Romero 2026 \u00e0 Malaga : 15 concerts, flamenco, artistes, lieux, tarifs et billets.","og_url":"https:\/\/www.tablaosflamencos.com\/fr\/festival-guitare-pepe-romero-malaga-2026.html","og_site_name":"Tablaos Flamencos","article_publisher":"https:\/\/www.facebook.com\/tablaosflamencos","article_published_time":"2026-09-06T14:39:25+00:00","article_modified_time":"2026-09-06T17:31:31+00:00","og_image":[{"width":1672,"height":941,"url":"https:\/\/www.tablaosflamencos.com\/wp-content\/uploads\/festival-internacional-de-guitarra-pepe-romero-2026-en-malaga-programa-artistas-conciertos-flamencos-sedes-y-entradas-01.webp","type":"image\/webp"}],"author":"Miguel Ortiz","twitter_card":"summary_large_image","twitter_creator":"@tablaosflamenco","twitter_site":"@tablaosflamenco","twitter_misc":{"\u00c9crit par":"Miguel Ortiz","Dur\u00e9e de lecture estim\u00e9e":"19 minutes"},"schema":{"@context":"https:\/\/schema.org","@graph":[{"@type":"Article","@id":"https:\/\/www.tablaosflamencos.com\/fr\/festival-guitare-pepe-romero-malaga-2026.html#article","isPartOf":{"@id":"https:\/\/www.tablaosflamencos.com\/fr\/festival-guitare-pepe-romero-malaga-2026.html"},"author":{"name":"Miguel Ortiz","@id":"https:\/\/www.tablaosflamencos.com\/fr#\/schema\/person\/e7a9ebe14eb75a52ceabfbffb3c54f5d"},"headline":"Festival International de Guitare Pepe Romero 2026 \u00e0 Malaga : programme, artistes, concerts de flamenco, lieux et billets","datePublished":"2026-09-06T14:39:25+00:00","dateModified":"2026-09-06T17:31:31+00:00","mainEntityOfPage":{"@id":"https:\/\/www.tablaosflamencos.com\/fr\/festival-guitare-pepe-romero-malaga-2026.html"},"wordCount":3907,"publisher":{"@id":"https:\/\/www.tablaosflamencos.com\/fr#organization"},"image":{"@id":"https:\/\/www.tablaosflamencos.com\/fr\/festival-guitare-pepe-romero-malaga-2026.html#primaryimage"},"thumbnailUrl":"https:\/\/www.tablaosflamencos.com\/wp-content\/uploads\/festival-internacional-de-guitarra-pepe-romero-2026-en-malaga-programa-artistas-conciertos-flamencos-sedes-y-entradas-01.webp","keywords":["guitare flamenca"],"articleSection":["Festivals de flamenco"],"inLanguage":"fr-FR"},{"@type":"WebPage","@id":"https:\/\/www.tablaosflamencos.com\/fr\/festival-guitare-pepe-romero-malaga-2026.html","url":"https:\/\/www.tablaosflamencos.com\/fr\/festival-guitare-pepe-romero-malaga-2026.html","name":"Festival de Guitare Pepe Romero Malaga 2026 : programme et billets","isPartOf":{"@id":"https:\/\/www.tablaosflamencos.com\/fr#website"},"primaryImageOfPage":{"@id":"https:\/\/www.tablaosflamencos.com\/fr\/festival-guitare-pepe-romero-malaga-2026.html#primaryimage"},"image":{"@id":"https:\/\/www.tablaosflamencos.com\/fr\/festival-guitare-pepe-romero-malaga-2026.html#primaryimage"},"thumbnailUrl":"https:\/\/www.tablaosflamencos.com\/wp-content\/uploads\/festival-internacional-de-guitarra-pepe-romero-2026-en-malaga-programa-artistas-conciertos-flamencos-sedes-y-entradas-01.webp","datePublished":"2026-09-06T14:39:25+00:00","dateModified":"2026-09-06T17:31:31+00:00","description":"Festival International de Guitare Pepe Romero 2026 \u00e0 Malaga : 15 concerts, flamenco, artistes, lieux, tarifs et billets.","breadcrumb":{"@id":"https:\/\/www.tablaosflamencos.com\/fr\/festival-guitare-pepe-romero-malaga-2026.html#breadcrumb"},"inLanguage":"fr-FR","potentialAction":[{"@type":"ReadAction","target":["https:\/\/www.tablaosflamencos.com\/fr\/festival-guitare-pepe-romero-malaga-2026.html"]}]},{"@type":"ImageObject","inLanguage":"fr-FR","@id":"https:\/\/www.tablaosflamencos.com\/fr\/festival-guitare-pepe-romero-malaga-2026.html#primaryimage","url":"https:\/\/www.tablaosflamencos.com\/wp-content\/uploads\/festival-internacional-de-guitarra-pepe-romero-2026-en-malaga-programa-artistas-conciertos-flamencos-sedes-y-entradas-01.webp","contentUrl":"https:\/\/www.tablaosflamencos.com\/wp-content\/uploads\/festival-internacional-de-guitarra-pepe-romero-2026-en-malaga-programa-artistas-conciertos-flamencos-sedes-y-entradas-01.webp","width":1672,"height":941,"caption":"Guitarrista en concierto nocturno en M\u00e1laga para el Festival Internacional de Guitarra Pepe Romero 2026"},{"@type":"BreadcrumbList","@id":"https:\/\/www.tablaosflamencos.com\/fr\/festival-guitare-pepe-romero-malaga-2026.html#breadcrumb","itemListElement":[{"@type":"ListItem","position":1,"name":"Home","item":"https:\/\/www.tablaosflamencos.com\/fr"},{"@type":"ListItem","position":2,"name":"Festival International de Guitare Pepe Romero 2026 \u00e0 Malaga : programme, artistes, concerts de flamenco, lieux et billets"}]},{"@type":"WebSite","@id":"https:\/\/www.tablaosflamencos.com\/fr#website","url":"https:\/\/www.tablaosflamencos.com\/fr","name":"Tablaos Flamencos","description":"Entradas para tablaos flamencos de Espa\u00f1a","publisher":{"@id":"https:\/\/www.tablaosflamencos.com\/fr#organization"},"alternateName":"Tablaos Flamencos","potentialAction":[{"@type":"SearchAction","target":{"@type":"EntryPoint","urlTemplate":"https:\/\/www.tablaosflamencos.com\/fr?s={search_term_string}"},"query-input":{"@type":"PropertyValueSpecification","valueRequired":true,"valueName":"search_term_string"}}],"inLanguage":"fr-FR"},{"@type":["Organization","Place","EntertainmentBusiness"],"@id":"https:\/\/www.tablaosflamencos.com\/fr#organization","name":"Tablaos Flamencos","alternateName":"Tablaos Flamencos","url":"https:\/\/www.tablaosflamencos.com\/fr","logo":{"@id":"https:\/\/www.tablaosflamencos.com\/fr\/festival-guitare-pepe-romero-malaga-2026.html#local-main-organization-logo"},"image":{"@id":"https:\/\/www.tablaosflamencos.com\/fr\/festival-guitare-pepe-romero-malaga-2026.html#local-main-organization-logo"},"sameAs":["https:\/\/www.facebook.com\/tablaosflamencos","https:\/\/x.com\/tablaosflamenco","https:\/\/mastodon.social\/@tablaosflamencos","https:\/\/www.instagram.com\/tablaosflamencos","https:\/\/tiktok.com\/@tablaosflamencos","https:\/\/www.linkedin.com\/company\/109408238\/"],"description":"Venta de entradas para espect\u00e1culos flamencos","legalName":"Tablaos Flamencos","foundingDate":"2015-01-01","numberOfEmployees":{"@type":"QuantitativeValue","minValue":"1","maxValue":"10"},"address":{"@id":"https:\/\/www.tablaosflamencos.com\/fr\/festival-guitare-pepe-romero-malaga-2026.html#local-main-place-address"},"geo":{"@type":"GeoCoordinates","latitude":"37.3868072","longitude":"-5.993280299999999"},"telephone":["+34623787787"],"contactPoint":{"@type":"ContactPoint","telephone":"+34623787787","email":"info@tablaosflamencos.com"},"openingHoursSpecification":{"@type":"OpeningHoursSpecification","dayOfWeek":["Monday","Tuesday","Wednesday","Thursday","Friday","Saturday","Sunday"],"opens":"00:00","closes":"23:59"},"email":"info@tablaosflamencos.com","priceRange":"$$$","currenciesAccepted":"\u20ac"},{"@type":"Person","@id":"https:\/\/www.tablaosflamencos.com\/fr#\/schema\/person\/e7a9ebe14eb75a52ceabfbffb3c54f5d","name":"Miguel Ortiz","description":"Miguel Ortiz es un empresario flamenco, con una s\u00f3lida trayectoria dentro del sector. Ha presidido entidades culturales vinculadas al flamenco y, cuenta con un amplio recorrido profesional en la gesti\u00f3n y promoci\u00f3n de espect\u00e1culos y tablaos flamencos. Su pasi\u00f3n por la historia y el arte flamenco se refleja en cada art\u00edculo, donde combina experiencia, criterio y un profundo respeto por la tradici\u00f3n.","sameAs":["https:\/\/www.tablaosflamencos.com","https:\/\/www.instagra.com\/miguelortizfe","https:\/\/www.linkedin.com\/in\/miguelortizf\/"],"birthDate":"1984-11-22","gender":"hombre","knowsLanguage":["espa\u00f1ol","ingl\u00e9s"],"jobTitle":"Empresario flamenco"},{"@type":"PostalAddress","@id":"https:\/\/www.tablaosflamencos.com\/fr\/festival-guitare-pepe-romero-malaga-2026.html#local-main-place-address","streetAddress":"C\/ Alemanes, 19","addressLocality":"Sevilla","postalCode":"41004","addressRegion":"Sevilla","addressCountry":"ES"},{"@type":"ImageObject","inLanguage":"fr-FR","@id":"https:\/\/www.tablaosflamencos.com\/fr\/festival-guitare-pepe-romero-malaga-2026.html#local-main-organization-logo","url":"https:\/\/www.tablaosflamencos.com\/wp-content\/uploads\/tablaos-flamencos-06-3.webp","contentUrl":"https:\/\/www.tablaosflamencos.com\/wp-content\/uploads\/tablaos-flamencos-06-3.webp","width":600,"height":620,"caption":"Tablaos Flamencos"}]},"geo.placename":"Sevilla","geo.position":{"lat":"37.3868072","long":"-5.993280299999999"},"geo.region":"Espagne"},"_links":{"self":[{"href":"https:\/\/www.tablaosflamencos.com\/fr\/wp-json\/wp\/v2\/posts\/15061","targetHints":{"allow":["GET"]}}],"collection":[{"href":"https:\/\/www.tablaosflamencos.com\/fr\/wp-json\/wp\/v2\/posts"}],"about":[{"href":"https:\/\/www.tablaosflamencos.com\/fr\/wp-json\/wp\/v2\/types\/post"}],"author":[{"embeddable":true,"href":"https:\/\/www.tablaosflamencos.com\/fr\/wp-json\/wp\/v2\/users\/1"}],"replies":[{"embeddable":true,"href":"https:\/\/www.tablaosflamencos.com\/fr\/wp-json\/wp\/v2\/comments?post=15061"}],"version-history":[{"count":1,"href":"https:\/\/www.tablaosflamencos.com\/fr\/wp-json\/wp\/v2\/posts\/15061\/revisions"}],"predecessor-version":[{"id":15124,"href":"https:\/\/www.tablaosflamencos.com\/fr\/wp-json\/wp\/v2\/posts\/15061\/revisions\/15124"}],"wp:featuredmedia":[{"embeddable":true,"href":"https:\/\/www.tablaosflamencos.com\/fr\/wp-json\/wp\/v2\/media\/14939"}],"wp:attachment":[{"href":"https:\/\/www.tablaosflamencos.com\/fr\/wp-json\/wp\/v2\/media?parent=15061"}],"wp:term":[{"taxonomy":"category","embeddable":true,"href":"https:\/\/www.tablaosflamencos.com\/fr\/wp-json\/wp\/v2\/categories?post=15061"},{"taxonomy":"post_tag","embeddable":true,"href":"https:\/\/www.tablaosflamencos.com\/fr\/wp-json\/wp\/v2\/tags?post=15061"}],"curies":[{"name":"wp","href":"https:\/\/api.w.org\/{rel}","templated":true}]}}