{"id":15059,"date":"2026-09-06T16:35:39","date_gmt":"2026-09-06T14:35:39","guid":{"rendered":"https:\/\/www.tablaosflamencos.com\/?p=15059"},"modified":"2026-09-06T17:04:14","modified_gmt":"2026-09-06T15:04:14","slug":"salle-revelation-biennale-flamenco-seville-2026","status":"publish","type":"post","link":"https:\/\/www.tablaosflamencos.com\/fr\/salle-revelation-biennale-flamenco-seville-2026.html","title":{"rendered":"Salle de r\u00e9v\u00e9lation de la Biennale de Flamenco 2026 : \u00ab L\u2019invisible est aussi flamenco \u00bb"},"content":{"rendered":"<section class=\"l-section wpb_row height_huge\"><div class=\"l-section-h i-cf\"><div class=\"g-cols vc_row via_flex valign_top type_default stacking_default\"><div class=\"vc_col-sm-12 wpb_column vc_column_container\"><div class=\"vc_column-inner\"><div class=\"wpb_wrapper\"><div class=\"wpb_text_column\"><div class=\"wpb_wrapper\"><p>La XXIVe Biennale de Flamenco de S\u00e9ville veut que le public ne voie pas uniquement le r\u00e9sultat final sur sc\u00e8ne. Sous le slogan <strong>\u00ab L\u2019invisible est aussi flamenco \u00bb<\/strong>, l\u2019\u00e9dition 2026 a cr\u00e9\u00e9 une <strong>Salle de r\u00e9v\u00e9lation<\/strong> qui montre une partie du travail normalement soustrait au regard du spectateur : r\u00e9p\u00e9titions, recherches, essais, d\u00e9cisions, conversations et processus de cr\u00e9ation de certains artistes participants.<\/p>\n<p>L\u2019installation a commenc\u00e9 son parcours dans S\u00e9ville le 3 septembre, en passant par Triana, Nervi\u00f3n et les environs de la calle Feria. <strong>Depuis le samedi 5 septembre 2026, elle est install\u00e9e \u00e0 la Real F\u00e1brica de Artiller\u00eda<\/strong>, l\u2019un des espaces de la Biennale, o\u00f9 le r\u00e9cit se poursuit avec des photographies, des contenus sonores, des entretiens et des podcasts. C\u2019est \u00e9galement l\u2019une des propositions les plus int\u00e9ressantes pour comprendre la Biennale au-del\u00e0 de son programme de spectacles.<\/p>\n<\/div><\/div><\/div><\/div><\/div><\/div><\/div><\/section><section class=\"l-section wpb_row height_huge color_alternate with_shape\"><div class=\"l-section-shape type_zigzag pos_top hor_flip\" style=\"height:3vmin;\"><svg xmlns=\"http:\/\/www.w3.org\/2000\/svg\" viewBox=\"0 0 64 8\" preserveAspectRatio=\"none\" width=\"100%\" height=\"100%\">\r\n\t<path fill=\"currentColor\" d=\"M64 8 L0 8 L0 0 L20 7.9 L40 3 L48 5 L64 0 Z\"\/>\r\n<\/svg><\/div><div class=\"l-section-shape type_zigzag pos_bottom\" style=\"height:3vmin;\"><svg xmlns=\"http:\/\/www.w3.org\/2000\/svg\" viewBox=\"0 0 64 8\" preserveAspectRatio=\"none\" width=\"100%\" height=\"100%\">\r\n\t<path fill=\"currentColor\" d=\"M64 8 L0 8 L0 0 L20 7.9 L40 3 L48 5 L64 0 Z\"\/>\r\n<\/svg><\/div><div class=\"l-section-h i-cf\"><div class=\"g-cols vc_row via_flex valign_top type_default stacking_default\"><div class=\"vc_col-sm-12 wpb_column vc_column_container\"><div class=\"vc_column-inner\"><div class=\"wpb_wrapper\"><div class=\"wpb_text_column\"><div class=\"wpb_wrapper\"><blockquote>\n<p><strong>R\u00e9ponse rapide :<\/strong> la Salle de r\u00e9v\u00e9lation est une installation visuelle et sonore de la Biennale de Flamenco de S\u00e9ville 2026 qui permet de d\u00e9couvrir comment travaillent les artistes avant d\u2019arriver sur sc\u00e8ne. Apr\u00e8s avoir parcouru plusieurs quartiers de S\u00e9ville, elle se trouve depuis le 5 septembre \u00e0 la <strong>Real F\u00e1brica de Artiller\u00eda<\/strong>. L\u2019organisation n\u2019a pas encore publi\u00e9 d\u2019horaire ind\u00e9pendant sp\u00e9cifique pour la Salle ; il est donc conseill\u00e9 de consulter les informations officielles du lieu avant la visite.<\/p>\n<\/blockquote>\n<\/div><\/div><\/div><\/div><\/div><\/div><\/div><\/section><section class=\"l-section wpb_row height_huge\"><div class=\"l-section-h i-cf\"><div class=\"g-cols vc_row via_flex valign_top type_default stacking_default\"><div class=\"vc_col-sm-12 wpb_column vc_column_container\"><div class=\"vc_column-inner\"><div class=\"wpb_wrapper\"><div class=\"wpb_text_column\"><div class=\"wpb_wrapper\"><h2>Qu\u2019est-ce que la Salle de r\u00e9v\u00e9lation de la Biennale 2026 ?<\/h2>\n<p>La Salle de r\u00e9v\u00e9lation est un dispositif d\u2019exposition et d\u2019exp\u00e9rience imagin\u00e9 par <strong>Surnames et La Ejecutora<\/strong> pour la XXIVe Biennale de Flamenco de S\u00e9ville. Son objectif est simple \u00e0 expliquer mais peu habituel dans un festival : montrer au public ce qui se passe <em>avant<\/em> qu\u2019une \u0153uvre soit achev\u00e9e.<\/p>\n<p>Nous d\u00e9couvrons g\u00e9n\u00e9ralement un spectacle lorsqu\u2019il arrive au th\u00e9\u00e2tre. Nous voyons une chor\u00e9graphie aboutie, entendons une musique d\u00e9j\u00e0 organis\u00e9e et assistons \u00e0 une proposition qui a travers\u00e9 de nombreuses semaines ou mois de travail. Pourtant, les r\u00e9p\u00e9titions, les doutes, les id\u00e9es \u00e9cart\u00e9es, les d\u00e9couvertes inattendues et la mani\u00e8re dont chaque artiste construit son langage restent cach\u00e9s.<\/p>\n<p>La Biennale fait de ce processus une partie int\u00e9grante du r\u00e9cit de 2026. L\u2019installation \u00e9voque volontairement un <strong>laboratoire de d\u00e9veloppement photographique<\/strong>: de la m\u00eame mani\u00e8re qu\u2019une image appara\u00eet peu \u00e0 peu sur le papier, la Salle tente de rendre visible un travail qui \u00e9tait d\u00e9j\u00e0 l\u00e0, m\u00eame si le public ne pouvait pas encore le voir.<\/p>\n<p>Cette id\u00e9e se relie directement au concept g\u00e9n\u00e9ral de l\u2019\u00e9dition. La Biennale n\u2019est pas pr\u00e9sent\u00e9e seulement comme les semaines pendant lesquelles S\u00e9ville concentre des dizaines de repr\u00e9sentations, mais comme le r\u00e9sultat d\u2019un r\u00e9seau artistique et humain qui travaille toute l\u2019ann\u00e9e. La proposition invite donc \u00e0 regarder le flamenco non seulement comme un spectacle, mais aussi comme une recherche, un m\u00e9tier et un processus cr\u00e9atif.<\/p>\n<\/div><\/div><\/div><\/div><\/div><\/div><\/div><\/section><section class=\"l-section wpb_row height_huge color_alternate with_shape\"><div class=\"l-section-shape type_zigzag pos_top hor_flip\" style=\"height:3vmin;\"><svg xmlns=\"http:\/\/www.w3.org\/2000\/svg\" viewBox=\"0 0 64 8\" preserveAspectRatio=\"none\" width=\"100%\" height=\"100%\">\r\n\t<path fill=\"currentColor\" d=\"M64 8 L0 8 L0 0 L20 7.9 L40 3 L48 5 L64 0 Z\"\/>\r\n<\/svg><\/div><div class=\"l-section-shape type_zigzag pos_bottom\" style=\"height:3vmin;\"><svg xmlns=\"http:\/\/www.w3.org\/2000\/svg\" viewBox=\"0 0 64 8\" preserveAspectRatio=\"none\" width=\"100%\" height=\"100%\">\r\n\t<path fill=\"currentColor\" d=\"M64 8 L0 8 L0 0 L20 7.9 L40 3 L48 5 L64 0 Z\"\/>\r\n<\/svg><\/div><div class=\"l-section-h i-cf\"><div class=\"g-cols vc_row via_flex valign_top type_default stacking_default\"><div class=\"vc_col-sm-12 wpb_column vc_column_container\"><div class=\"vc_column-inner\"><div class=\"wpb_wrapper\"><div class=\"wpb_text_column\"><div class=\"wpb_wrapper\"><h2>O\u00f9 se trouve la Salle de r\u00e9v\u00e9lation : parcours dans S\u00e9ville et emplacement actuel<\/h2>\n<p>L\u2019installation a \u00e9t\u00e9 con\u00e7ue comme un projet itin\u00e9rant et a commenc\u00e9 \u00e0 parcourir la ville avant m\u00eame le d\u00e9but officiel de la Biennale, dont la programmation sc\u00e9nique se d\u00e9roule du 9 septembre au 3 octobre.<\/p>\n<ul>\n<li><strong>3 septembre :<\/strong> pr\u00e9sentation dans la calle San Jacinto, \u00e0 Triana.<\/li>\n<li><strong>4 septembre, 12 h 00 :<\/strong> calle Enramadilla, dans le secteur El Prado\/Nervi\u00f3n.<\/li>\n<li><strong>4 septembre, 18 h 30 :<\/strong> Plaza Calder\u00f3n de la Barca, pr\u00e8s du Palacio de los Marqueses de la Algaba et du secteur de la calle Feria.<\/li>\n<li><strong>\u00c0 partir du 5 septembre :<\/strong> <strong>Real F\u00e1brica de Artiller\u00eda<\/strong>, \u00e9tape finale du parcours itin\u00e9rant.<\/li>\n<\/ul>\n<p>Le choix de ces lieux permet \u00e0 l\u2019initiative de sortir du circuit strictement th\u00e9\u00e2tral et d\u2019aller \u00e0 la rencontre des habitants et visiteurs dans diff\u00e9rents quartiers de S\u00e9ville. La derni\u00e8re \u00e9tape pr\u00e9sente en outre un int\u00e9r\u00eat particulier : la Real F\u00e1brica de Artiller\u00eda est l\u2019un des espaces majeurs de la Biennale 2026 et accueille \u00e9galement d\u2019autres propositions culturelles.<\/p>\n<p>Si vous comptez vous d\u00e9placer sp\u00e9cialement pour visiter l\u2019installation, gardez \u00e0 l\u2019esprit que les informations officielles publi\u00e9es \u00e0 ce jour <strong>ne fixent pas d\u2019horaire propre et ind\u00e9pendant pour la Salle de r\u00e9v\u00e9lation<\/strong>. Nous recommandons de v\u00e9rifier les derni\u00e8res nouvelles de la Biennale et les conditions d\u2019acc\u00e8s \u00e0 la Real F\u00e1brica de Artiller\u00eda le jour m\u00eame de la visite.<\/p>\n<\/div><\/div><\/div><\/div><\/div><\/div><\/div><\/section><section class=\"l-section wpb_row height_huge\"><div class=\"l-section-h i-cf\"><div class=\"g-cols vc_row via_flex valign_top type_default stacking_default\"><div class=\"vc_col-sm-12 wpb_column vc_column_container\"><div class=\"vc_column-inner\"><div class=\"wpb_wrapper\"><div class=\"wpb_text_column\"><div class=\"wpb_wrapper\"><h2>Ce que l\u2019on peut voir et \u00e9couter<\/h2>\n<p>L\u2019exp\u00e9rience combine diff\u00e9rentes couches. Il ne s\u2019agit pas simplement d\u2019une exposition de photographies. L\u2019installation est con\u00e7ue pour que le visiteur d\u00e9couvre progressivement ce qui se passe dans les espaces de travail des artistes.<\/p>\n<h3>Photographies des processus de cr\u00e9ation<\/h3>\n<p>Une partie essentielle du projet est constitu\u00e9e par les images r\u00e9alis\u00e9es par la photographe <strong>Laura Le\u00f3n<\/strong>, qui a accompagn\u00e9 diff\u00e9rents artistes de la Biennale dans des studios et salles de r\u00e9p\u00e9tition. Son appareil documente des moments de recherche, de r\u00e9p\u00e9tition, de concentration et de dialogue qui disparaissent g\u00e9n\u00e9ralement lorsqu\u2019une \u0153uvre arrive achev\u00e9e sur sc\u00e8ne.<\/p>\n<p>L\u2019architecture m\u00eame de l\u2019installation joue avec l\u2019id\u00e9e de regarder et de d\u00e9couvrir. Depuis l\u2019ext\u00e9rieur, on peut observer \u00e0 travers des \u0153illetons, tandis que l\u2019acc\u00e8s \u00e0 l\u2019int\u00e9rieur permet d\u2019approfondir les contenus. Le visiteur ne re\u00e7oit pas le r\u00e9sultat d\u2019un seul coup : il le \u00ab r\u00e9v\u00e8le \u00bb progressivement.<\/p>\n<h3>Voix, entretiens et podcasts<\/h3>\n<p>La proposition ajoute les voix des protagonistes au moyen d\u2019entretiens et de podcasts r\u00e9alis\u00e9s pour l\u2019initiative. C\u2019est particuli\u00e8rement int\u00e9ressant, car cela permet d\u2019entendre les artistes expliquer comment ils prennent leurs d\u00e9cisions, ce qu\u2019ils recherchent, ce qui change au cours des r\u00e9p\u00e9titions et quelles parties d\u2019une cr\u00e9ation deviennent finalement fondamentales ou, au contraire, sont abandonn\u00e9es.<\/p>\n<p>Pour qui suit la programmation de la <a href=\"https:\/\/www.tablaosflamencos.com\/bienal-flamenco-sevilla\">Biennale de Flamenco de S\u00e9ville<\/a>, ces t\u00e9moignages apportent un contexte susceptible de modifier ensuite la mani\u00e8re de voir les spectacles. Conna\u00eetre le chemin parcouru aide \u00e0 mieux comprendre pourquoi une \u0153uvre poss\u00e8de une structure donn\u00e9e, une sonorit\u00e9 particuli\u00e8re ou une fa\u00e7on sp\u00e9cifique de relier danse, chant et musique.<\/p>\n<\/div><\/div><\/div><\/div><\/div><\/div><\/div><\/section><section class=\"l-section wpb_row height_huge color_alternate with_shape\"><div class=\"l-section-shape type_zigzag pos_top hor_flip\" style=\"height:3vmin;\"><svg xmlns=\"http:\/\/www.w3.org\/2000\/svg\" viewBox=\"0 0 64 8\" preserveAspectRatio=\"none\" width=\"100%\" height=\"100%\">\r\n\t<path fill=\"currentColor\" d=\"M64 8 L0 8 L0 0 L20 7.9 L40 3 L48 5 L64 0 Z\"\/>\r\n<\/svg><\/div><div class=\"l-section-shape type_zigzag pos_bottom\" style=\"height:3vmin;\"><svg xmlns=\"http:\/\/www.w3.org\/2000\/svg\" viewBox=\"0 0 64 8\" preserveAspectRatio=\"none\" width=\"100%\" height=\"100%\">\r\n\t<path fill=\"currentColor\" d=\"M64 8 L0 8 L0 0 L20 7.9 L40 3 L48 5 L64 0 Z\"\/>\r\n<\/svg><\/div><div class=\"l-section-h i-cf\"><div class=\"g-cols vc_row via_flex valign_top type_default stacking_default\"><div class=\"vc_col-sm-12 wpb_column vc_column_container\"><div class=\"vc_column-inner\"><div class=\"wpb_wrapper\"><div class=\"wpb_text_column\"><div class=\"wpb_wrapper\"><h2>Quels artistes participent \u00e0 \u00ab L\u2019invisible est aussi flamenco \u00bb<\/h2>\n<p>La Biennale a r\u00e9uni pour ce projet des artistes de diff\u00e9rentes g\u00e9n\u00e9rations et disciplines. Parmi les noms communiqu\u00e9s par l\u2019organisation figurent :<\/p>\n<ul>\n<li><strong>Patricia Guerrero<\/strong> et le Ballet Flamenco de Andaluc\u00eda.<\/li>\n<li><strong>Manuel Li\u00f1\u00e1n<\/strong>.<\/li>\n<li><strong>Ana Morales<\/strong>.<\/li>\n<li><strong>Andr\u00e9s Mar\u00edn<\/strong>.<\/li>\n<li><strong>David Coria<\/strong>.<\/li>\n<li><strong>Juan Tom\u00e1s de la Mol\u00eda<\/strong>.<\/li>\n<li><strong>\u00c1gueda Saavedra<\/strong>.<\/li>\n<li><strong>Rosario La Tremendita<\/strong>.<\/li>\n<li><strong>Encarna Anillo<\/strong>.<\/li>\n<li><strong>Rafael Riqueni<\/strong>.<\/li>\n<li>Le saxophoniste <strong>Tim Ries<\/strong>.<\/li>\n<li>La <strong>Real Orquesta Sinf\u00f3nica de Sevilla (ROSS)<\/strong>.<\/li>\n<\/ul>\n<p>La pr\u00e9sence de profils aussi diff\u00e9rents est l\u2019un des points forts de la Salle. Elle montre qu\u2019il n\u2019existe pas une seule mani\u00e8re de cr\u00e9er du flamenco. Un danseur, une chanteuse, un guitariste, une compagnie ou un orchestre partent d\u2019outils et de temporalit\u00e9s diff\u00e9rents. C\u2019est pr\u00e9cis\u00e9ment pour cela qu\u2019il est int\u00e9ressant d\u2019observer ce qu\u2019ils partagent : r\u00e9p\u00e9tition, \u00e9coute, recherche, m\u00e9moire, intuition et processus constant de transformation.<\/p>\n<p>La communication initiale de la Biennale mentionnait \u00e9galement <strong>Marina Heredia<\/strong>, m\u00eame si dans cette premi\u00e8re annonce sa participation \u00e9tait encore indiqu\u00e9e comme en attente de confirmation. Nous pr\u00e9f\u00e9rons conserver cette pr\u00e9cision jusqu\u2019\u00e0 ce que l\u2019organisation mette d\u00e9finitivement ce point \u00e0 jour.<\/p>\n<\/div><\/div><\/div><\/div><\/div><\/div><\/div><\/section><section class=\"l-section wpb_row height_huge\"><div class=\"l-section-h i-cf\"><div class=\"g-cols vc_row via_flex valign_top type_default stacking_default\"><div class=\"vc_col-sm-12 wpb_column vc_column_container\"><div class=\"vc_column-inner\"><div class=\"wpb_wrapper\"><div class=\"wpb_text_column\"><div class=\"wpb_wrapper\"><h2>Laura Le\u00f3n : la photographie comme porte d\u2019entr\u00e9e vers la r\u00e9p\u00e9tition<\/h2>\n<p>Le choix de Laura Le\u00f3n n\u2019est pas un \u00e9l\u00e9ment secondaire. La photographe poss\u00e8de une longue exp\u00e9rience documentaire et a collabor\u00e9 avec des m\u00e9dias nationaux et internationaux tels que <em>The New York Times<\/em>, <em>Time<\/em>, <em>Der Spiegel<\/em>, <em>The Guardian<\/em> ou <em>El Pa\u00eds Semanal<\/em>. La Biennale l\u2019a plac\u00e9e dans une position privil\u00e9gi\u00e9e : non pas photographier le spectacle termin\u00e9, mais entrer dans les lieux o\u00f9 il se construit.<\/p>\n<p>Ce changement de point de vue modifie aussi la nature des images. Une r\u00e9p\u00e9tition n\u2019est pas con\u00e7ue pour \u00eatre vue par un public. Il y a des gestes de concentration, des pauses, des conversations et des r\u00e9p\u00e9titions qui ne font pas partie de la sc\u00e8ne finale mais en disent beaucoup. La Salle de r\u00e9v\u00e9lation transforme ces images en m\u00e9moire du processus, et pas seulement en mat\u00e9riel promotionnel.<\/p>\n<p>Pour une \u00e9dition qui insiste sur le fait que \u00ab l\u2019invisible est aussi flamenco \u00bb, la photographie documentaire fonctionne comme un outil particuli\u00e8rement coh\u00e9rent : elle fixe quelque chose qui dispara\u00eet normalement d\u00e8s la fin de la r\u00e9p\u00e9tition et permet au spectateur de l\u2019observer ensuite.<\/p>\n<\/div><\/div><\/div><\/div><\/div><\/div><\/div><\/section><section class=\"l-section wpb_row height_huge color_alternate with_shape\"><div class=\"l-section-shape type_zigzag pos_top hor_flip\" style=\"height:3vmin;\"><svg xmlns=\"http:\/\/www.w3.org\/2000\/svg\" viewBox=\"0 0 64 8\" preserveAspectRatio=\"none\" width=\"100%\" height=\"100%\">\r\n\t<path fill=\"currentColor\" d=\"M64 8 L0 8 L0 0 L20 7.9 L40 3 L48 5 L64 0 Z\"\/>\r\n<\/svg><\/div><div class=\"l-section-shape type_zigzag pos_bottom\" style=\"height:3vmin;\"><svg xmlns=\"http:\/\/www.w3.org\/2000\/svg\" viewBox=\"0 0 64 8\" preserveAspectRatio=\"none\" width=\"100%\" height=\"100%\">\r\n\t<path fill=\"currentColor\" d=\"M64 8 L0 8 L0 0 L20 7.9 L40 3 L48 5 L64 0 Z\"\/>\r\n<\/svg><\/div><div class=\"l-section-h i-cf\"><div class=\"g-cols vc_row via_flex valign_top type_default stacking_default\"><div class=\"vc_col-sm-12 wpb_column vc_column_container\"><div class=\"vc_column-inner\"><div class=\"wpb_wrapper\"><div class=\"wpb_text_column\"><div class=\"wpb_wrapper\"><h2>La Biennale se r\u00e9v\u00e8le aussi sur internet<\/h2>\n<p>Le projet ne s\u2019arr\u00eate pas \u00e0 l\u2019installation physique. La Biennale a \u00e9galement cr\u00e9\u00e9 la plateforme num\u00e9rique <a href=\"https:\/\/labienalserevela.com\/\" target=\"_blank\" rel=\"noopener\">La Bienal se revela<\/a>, qui compl\u00e8te le site officiel et rassemble des entretiens, chroniques, galeries, contenus audio, podcasts et vid\u00e9os li\u00e9s aux processus cr\u00e9atifs et aux actions d\u00e9velopp\u00e9es autour de l\u2019\u00e9dition 2026.<\/p>\n<p>Cela permet de suivre le projet m\u00eame \u00e0 ceux qui ne peuvent pas se rendre \u00e0 S\u00e9ville pendant ces jours. Surtout, cela prolonge la valeur documentaire de l\u2019initiative : r\u00e9p\u00e9titions et t\u00e9moignages cessent d\u2019\u00eatre une action \u00e9ph\u00e9m\u00e8re pour devenir une archive \u00e0 laquelle revenir.<\/p>\n<p>La proposition s\u2019inscrit dans une tendance particuli\u00e8rement int\u00e9ressante du flamenco contemporain : documenter non seulement l\u2019\u0153uvre finale, mais aussi la recherche qui la rend possible. Pour les passionn\u00e9s, \u00e9tudiants et professionnels, elle peut constituer une source de grande valeur, car elle permet d\u2019observer des d\u00e9cisions cr\u00e9atives qui apparaissent rarement dans les programmes de salle ou les entretiens promotionnels conventionnels.<\/p>\n<\/div><\/div><\/div><\/div><\/div><\/div><\/div><\/section><section class=\"l-section wpb_row height_huge\"><div class=\"l-section-h i-cf\"><div class=\"g-cols vc_row via_flex valign_top type_default stacking_default\"><div class=\"vc_col-sm-12 wpb_column vc_column_container\"><div class=\"vc_column-inner\"><div class=\"wpb_wrapper\"><div class=\"wpb_text_column\"><div class=\"wpb_wrapper\"><h2>Une exp\u00e9rience participative : le tirage au sort de billets de la Biennale<\/h2>\n<p>Pendant le parcours de la Salle, la performeuse flamenca <strong>Noem\u00ed Mart\u00ednez Chico<\/strong>, sp\u00e9cialis\u00e9e dans les interventions dans des espaces non conventionnels, a accompagn\u00e9 l\u2019installation et invit\u00e9 le public \u00e0 \u00ab r\u00e9v\u00e9ler son c\u00f4t\u00e9 le plus flamenco \u00bb devant la cam\u00e9ra.<\/p>\n<p>La Biennale a associ\u00e9 cette participation \u00e0 un <strong>tirage au sort de billets pour ses spectacles<\/strong>. Selon les indications diffus\u00e9es par l\u2019organisation, les personnes qui participent sur place peuvent entrer dans le tirage au sort ; il existe aussi une formule pour participer via les r\u00e9seaux sociaux en identifiant <strong>@labienaldeflamenco<\/strong> et en utilisant le message indiqu\u00e9 par la Biennale elle-m\u00eame.<\/p>\n<p>Comme les conditions de ce type d\u2019action peuvent \u00eatre mises \u00e0 jour, nous recommandons de consulter les profils officiels avant de participer. Le plus int\u00e9ressant, dans tous les cas, est que l\u2019installation ne consid\u00e8re pas le visiteur comme un observateur totalement passif : elle l\u2019int\u00e8gre au r\u00e9cit et transforme la rue et l\u2019espace d\u2019exposition en lieux de rencontre.<\/p>\n<\/div><\/div><\/div><\/div><\/div><\/div><\/div><\/section><section class=\"l-section wpb_row height_huge color_alternate with_shape\"><div class=\"l-section-shape type_zigzag pos_top hor_flip\" style=\"height:3vmin;\"><svg xmlns=\"http:\/\/www.w3.org\/2000\/svg\" viewBox=\"0 0 64 8\" preserveAspectRatio=\"none\" width=\"100%\" height=\"100%\">\r\n\t<path fill=\"currentColor\" d=\"M64 8 L0 8 L0 0 L20 7.9 L40 3 L48 5 L64 0 Z\"\/>\r\n<\/svg><\/div><div class=\"l-section-shape type_zigzag pos_bottom\" style=\"height:3vmin;\"><svg xmlns=\"http:\/\/www.w3.org\/2000\/svg\" viewBox=\"0 0 64 8\" preserveAspectRatio=\"none\" width=\"100%\" height=\"100%\">\r\n\t<path fill=\"currentColor\" d=\"M64 8 L0 8 L0 0 L20 7.9 L40 3 L48 5 L64 0 Z\"\/>\r\n<\/svg><\/div><div class=\"l-section-h i-cf\"><div class=\"g-cols vc_row via_flex valign_top type_default stacking_default\"><div class=\"vc_col-sm-12 wpb_column vc_column_container\"><div class=\"vc_column-inner\"><div class=\"wpb_wrapper\"><div class=\"wpb_text_column\"><div class=\"wpb_wrapper\"><h2>Que voir d\u2019autre \u00e0 la Real F\u00e1brica de Artiller\u00eda pendant la Biennale<\/h2>\n<p>L\u2019arriv\u00e9e de la Salle de r\u00e9v\u00e9lation \u00e0 la Real F\u00e1brica de Artiller\u00eda rend particuli\u00e8rement recommandable d\u2019inclure ce lieu dans une journ\u00e9e consacr\u00e9e \u00e0 la Biennale. On peut \u00e9galement y visiter <a href=\"https:\/\/www.tablaosflamencos.com\/la-noche-azul-opera-flamenca-bienal-sevilla-2026.html\"><strong>La noche azul<\/strong>, l\u2019exposition consacr\u00e9e \u00e0 l\u2019\u00e9poque de l\u2019\u00d3pera Flamenca<\/a>, avec une s\u00e9lection exceptionnelle de documents et de pi\u00e8ces historiques.<\/p>\n<p>Le contraste entre les deux propositions est particuli\u00e8rement suggestif. <em>La noche azul<\/em> se tourne vers un moment fondamental de l\u2019histoire du flamenco, tandis que la Salle de r\u00e9v\u00e9lation observe un pr\u00e9sent encore en construction. L\u2019une conserve les traces du pass\u00e9 ; l\u2019autre documente ce qui se d\u00e9roule aujourd\u2019hui et qui, dans quelques ann\u00e9es, fera \u00e9galement partie de la m\u00e9moire flamenca.<\/p>\n<p>Si vous organisez plusieurs activit\u00e9s autour du festival, consultez \u00e9galement notre guide des <a href=\"https:\/\/www.tablaosflamencos.com\/actividades-paralelas-bienal-flamenco-sevilla-2026.html\">activit\u00e9s parall\u00e8les de la Biennale 2026<\/a>, notre s\u00e9lection de <a href=\"https:\/\/www.tablaosflamencos.com\/bienal-flamenco-sevilla-2026-gratis.html\">spectacles et activit\u00e9s de la Biennale accessibles gratuitement<\/a> et notre guide sur <a href=\"https:\/\/www.tablaosflamencos.com\/que-hacer-sevilla-durante-bienal-flamenco-2026.html\">que faire \u00e0 S\u00e9ville pendant la Biennale de Flamenco 2026<\/a>.<\/p>\n<\/div><\/div><\/div><\/div><\/div><\/div><\/div><\/section><section class=\"l-section wpb_row height_huge\"><div class=\"l-section-h i-cf\"><div class=\"g-cols vc_row via_flex valign_top type_default stacking_default\"><div class=\"vc_col-sm-12 wpb_column vc_column_container\"><div class=\"vc_column-inner\"><div class=\"wpb_wrapper\"><div class=\"wpb_text_column\"><div class=\"wpb_wrapper\"><h2>Informations pratiques<\/h2>\n<table>\n<tbody>\n<tr>\n<th>Activit\u00e9<\/th>\n<td>Salle de r\u00e9v\u00e9lation \u2014 \u00ab L\u2019invisible est aussi flamenco \u00bb<\/td>\n<\/tr>\n<tr>\n<th>\u00c9v\u00e9nement<\/th>\n<td>XXIVe Biennale de Flamenco de S\u00e9ville 2026<\/td>\n<\/tr>\n<tr>\n<th>Type<\/th>\n<td>Installation visuelle, sonore et participative sur les processus cr\u00e9atifs<\/td>\n<\/tr>\n<tr>\n<th>Emplacement \u00e0 partir du 5 septembre<\/th>\n<td>Real F\u00e1brica de Artiller\u00eda, S\u00e9ville<\/td>\n<\/tr>\n<tr>\n<th>Parcours pr\u00e9c\u00e9dent<\/th>\n<td>San Jacinto (Triana), Enramadilla (Prado\/Nervi\u00f3n) et Plaza Calder\u00f3n de la Barca (calle Feria)<\/td>\n<\/tr>\n<tr>\n<th>Contenus<\/th>\n<td>Photographies, r\u00e9p\u00e9titions, t\u00e9moignages, podcasts, entretiens et vid\u00e9os<\/td>\n<\/tr>\n<tr>\n<th>Photographie<\/th>\n<td>Laura Le\u00f3n<\/td>\n<\/tr>\n<tr>\n<th>Horaires<\/th>\n<td>L\u2019organisation n\u2019a pas publi\u00e9 d\u2019horaire ind\u00e9pendant sp\u00e9cifique pour la Salle dans les informations consult\u00e9es<\/td>\n<\/tr>\n<tr>\n<th>Informations officielles<\/th>\n<td><a href=\"https:\/\/www.labienal.com\/\" target=\"_blank\" rel=\"noopener\">labienal.com<\/a> et <a href=\"https:\/\/labienalserevela.com\/\" target=\"_blank\" rel=\"noopener\">labienalserevela.com<\/a><\/td>\n<\/tr>\n<\/tbody>\n<\/table>\n<p><small>Informations v\u00e9rifi\u00e9es le 5 septembre 2026. La programmation, les conditions d\u2019acc\u00e8s et les activit\u00e9s participatives peuvent changer ; nous recommandons donc de consulter les canaux officiels avant de vous d\u00e9placer.<\/small><\/p>\n<\/div><\/div><\/div><\/div><\/div><\/div><\/div><\/section><section class=\"l-section wpb_row height_huge color_alternate with_shape\"><div class=\"l-section-shape type_zigzag pos_top hor_flip\" style=\"height:3vmin;\"><svg xmlns=\"http:\/\/www.w3.org\/2000\/svg\" viewBox=\"0 0 64 8\" preserveAspectRatio=\"none\" width=\"100%\" height=\"100%\">\r\n\t<path fill=\"currentColor\" d=\"M64 8 L0 8 L0 0 L20 7.9 L40 3 L48 5 L64 0 Z\"\/>\r\n<\/svg><\/div><div class=\"l-section-shape type_zigzag pos_bottom\" style=\"height:3vmin;\"><svg xmlns=\"http:\/\/www.w3.org\/2000\/svg\" viewBox=\"0 0 64 8\" preserveAspectRatio=\"none\" width=\"100%\" height=\"100%\">\r\n\t<path fill=\"currentColor\" d=\"M64 8 L0 8 L0 0 L20 7.9 L40 3 L48 5 L64 0 Z\"\/>\r\n<\/svg><\/div><div class=\"l-section-h i-cf\"><div class=\"g-cols vc_row via_flex valign_top type_default stacking_default\"><div class=\"vc_col-sm-12 wpb_column vc_column_container\"><div class=\"vc_column-inner\"><div class=\"wpb_wrapper\"><div class=\"wpb_text_column\"><div class=\"wpb_wrapper\"><h2>Notre recommandation<\/h2>\n<p>La Salle de r\u00e9v\u00e9lation m\u00e9rite particuli\u00e8rement une visite si vous avez d\u00e9j\u00e0 des billets pour l\u2019un des artistes pr\u00e9sents dans le projet. Voir d\u2019abord une partie de son processus cr\u00e9atif puis assister au spectacle peut offrir une lecture diff\u00e9rente de l\u2019\u0153uvre.<\/p>\n<p>Nous la recommandons \u00e9galement \u00e0 ceux qui sont curieux de savoir comment se construit le flamenco contemporain. Ce n\u2019est pas une proposition destin\u00e9e uniquement aux sp\u00e9cialistes : l\u2019un de ses objectifs est pr\u00e9cis\u00e9ment de rapprocher ce travail invisible de personnes qui ne sont peut-\u00eatre jamais entr\u00e9es dans une salle de r\u00e9p\u00e9tition. Pour ceux qui \u00e9tudient la danse, le chant, la guitare, la composition, la mise en sc\u00e8ne ou la photographie, l\u2019int\u00e9r\u00eat est encore plus grand.<\/p>\n<p>Il y a une autre raison de s\u2019y rendre : cette activit\u00e9 r\u00e9sume tr\u00e8s bien l\u2019une des id\u00e9es les plus int\u00e9ressantes de la Biennale 2026. Le flamenco ne commence pas lorsque le rideau se l\u00e8ve. Avant cela, il y a des heures de travail que nous voyons rarement. La Salle de r\u00e9v\u00e9lation met pr\u00e9cis\u00e9ment l\u2019accent sur cet endroit.<\/p>\n<\/div><\/div><\/div><\/div><\/div><\/div><\/div><\/section><section class=\"l-section wpb_row height_huge\"><div class=\"l-section-h i-cf\"><div class=\"g-cols vc_row via_flex valign_top type_default stacking_default\"><div class=\"vc_col-sm-1\/5 wpb_column vc_column_container\"><div class=\"vc_column-inner\"><div class=\"wpb_wrapper\"><\/div><\/div><\/div><div class=\"vc_col-sm-3\/5 wpb_column vc_column_container\"><div class=\"vc_column-inner\"><div class=\"wpb_wrapper\"><div class=\"wpb_text_column\"><div class=\"wpb_wrapper\"><h2>Questions fr\u00e9quentes sur la Salle de r\u00e9v\u00e9lation<\/h2>\n<\/div><\/div><div class=\"w-separator size_medium\"><\/div><div class=\"w-tabs accordion toggle_style_1 has_scrolling\" style=\"--sections-title-size:inherit;--sections-gap:0.5rem;\"><div class=\"w-tabs-sections titles-align_none icon_chevron cpos_right\"><div class=\"w-tabs-section\" id=\"rca3\"><button type=\"button\" class=\"w-tabs-section-header\" aria-controls=\"content-rca3\" aria-expanded=\"false\"><div class=\"w-tabs-section-title\">O\u00f9 se trouve actuellement la Salle de r\u00e9v\u00e9lation de la Biennale 2026 ?<\/div><div class=\"w-tabs-section-control\"><\/div><\/button><div  class=\"w-tabs-section-content\" id=\"content-rca3\"><div class=\"w-tabs-section-content-h i-cf\"><div class=\"wpb_text_column\"><div class=\"wpb_wrapper\"><p>Depuis le samedi 5 septembre 2026, l\u2019installation se trouve \u00e0 la <strong>Real F\u00e1brica de Artiller\u00eda de S\u00e9ville<\/strong>, apr\u00e8s \u00eatre pass\u00e9e par Triana, le secteur El Prado\/Nervi\u00f3n et les environs de la calle Feria.<\/p>\n<\/div><\/div><\/div><\/div><\/div><div class=\"w-tabs-section\" id=\"jdb8\"><button type=\"button\" class=\"w-tabs-section-header\" aria-controls=\"content-jdb8\" aria-expanded=\"false\"><div class=\"w-tabs-section-title\">Que voit-on dans la Salle de r\u00e9v\u00e9lation ?<\/div><div class=\"w-tabs-section-control\"><\/div><\/button><div  class=\"w-tabs-section-content\" id=\"content-jdb8\"><div class=\"w-tabs-section-content-h i-cf\"><div class=\"wpb_text_column\"><div class=\"wpb_wrapper\"><p>Des photographies documentaires des processus de cr\u00e9ation, des moments de r\u00e9p\u00e9tition et des mat\u00e9riaux montrant comment travaillent diff\u00e9rents artistes de la Biennale. L\u2019exp\u00e9rience est enrichie par des entretiens, des voix, des podcasts et d\u2019autres contenus audiovisuels.<\/p>\n<\/div><\/div><\/div><\/div><\/div><div class=\"w-tabs-section\" id=\"neb6\"><button type=\"button\" class=\"w-tabs-section-header\" aria-controls=\"content-neb6\" aria-expanded=\"false\"><div class=\"w-tabs-section-title\">Quels artistes apparaissent dans le projet ?<\/div><div class=\"w-tabs-section-control\"><\/div><\/button><div  class=\"w-tabs-section-content\" id=\"content-neb6\"><div class=\"w-tabs-section-content-h i-cf\"><div class=\"wpb_text_column\"><div class=\"wpb_wrapper\"><p>Parmi les noms annonc\u00e9s par la Biennale figurent Patricia Guerrero et le Ballet Flamenco de Andaluc\u00eda, Manuel Li\u00f1\u00e1n, Ana Morales, Andr\u00e9s Mar\u00edn, David Coria, Juan Tom\u00e1s de la Mol\u00eda, \u00c1gueda Saavedra, Rosario La Tremendita, Encarna Anillo, Rafael Riqueni, Tim Ries et la Real Orquesta Sinf\u00f3nica de Sevilla.<\/p>\n<\/div><\/div><\/div><\/div><\/div><div class=\"w-tabs-section\" id=\"ff9d\"><button type=\"button\" class=\"w-tabs-section-header\" aria-controls=\"content-ff9d\" aria-expanded=\"false\"><div class=\"w-tabs-section-title\">Faut-il acheter un billet pour la Salle de r\u00e9v\u00e9lation ?<\/div><div class=\"w-tabs-section-control\"><\/div><\/button><div  class=\"w-tabs-section-content\" id=\"content-ff9d\"><div class=\"w-tabs-section-content-h i-cf\"><div class=\"wpb_text_column\"><div class=\"wpb_wrapper\"><p>Les informations officielles consult\u00e9es ne mentionnent pas de billet, de prix ou de syst\u00e8me de r\u00e9servation sp\u00e9cifique pour cette installation. Lors de son parcours initial, il s\u2019agissait d\u2019une action ouverte au public dans diff\u00e9rents lieux de rue. Depuis son installation \u00e0 la Real F\u00e1brica de Artiller\u00eda, nous recommandons de v\u00e9rifier les conditions d\u2019acc\u00e8s actualis\u00e9es du lieu et de la Biennale.<\/p>\n<\/div><\/div><\/div><\/div><\/div><div class=\"w-tabs-section\" id=\"v077\"><button type=\"button\" class=\"w-tabs-section-header\" aria-controls=\"content-v077\" aria-expanded=\"false\"><div class=\"w-tabs-section-title\">Quels sont les horaires de la Salle de r\u00e9v\u00e9lation ?<\/div><div class=\"w-tabs-section-control\"><\/div><\/button><div  class=\"w-tabs-section-content\" id=\"content-v077\"><div class=\"w-tabs-section-content-h i-cf\"><div class=\"wpb_text_column\"><div class=\"wpb_wrapper\"><p>Dans les informations consult\u00e9es, la Biennale n\u2019a pas publi\u00e9 d\u2019horaire ind\u00e9pendant sp\u00e9cifique pour la Salle une fois install\u00e9e \u00e0 la Real F\u00e1brica de Artiller\u00eda. Il est conseill\u00e9 de consulter le site et les profils officiels avant de vous y rendre.<\/p>\n<\/div><\/div><\/div><\/div><\/div><div class=\"w-tabs-section\" id=\"f157\"><button type=\"button\" class=\"w-tabs-section-header\" aria-controls=\"content-f157\" aria-expanded=\"false\"><div class=\"w-tabs-section-title\">Peut-on participer au tirage au sort de billets de la Biennale ?<\/div><div class=\"w-tabs-section-control\"><\/div><\/button><div  class=\"w-tabs-section-content\" id=\"content-f157\"><div class=\"w-tabs-section-content-h i-cf\"><div class=\"wpb_text_column\"><div class=\"wpb_wrapper\"><p>Oui. L\u2019organisation a associ\u00e9 l\u2019action participative consistant \u00e0 \u00ab r\u00e9v\u00e9ler son c\u00f4t\u00e9 le plus flamenco \u00bb \u00e0 un tirage au sort de billets. Comme les instructions peuvent \u00eatre mises \u00e0 jour, nous recommandons de consulter les profils officiels de la Biennale pour conna\u00eetre les conditions en vigueur.<\/p>\n<\/div><\/div><\/div><\/div><\/div><\/div><\/div><\/div><\/div><\/div><div class=\"vc_col-sm-1\/5 wpb_column vc_column_container\"><div class=\"vc_column-inner\"><div class=\"wpb_wrapper\"><\/div><\/div><\/div><\/div><\/div><\/section><section class=\"l-section wpb_row height_huge\"><div class=\"l-section-h i-cf\"><div class=\"g-cols vc_row via_flex valign_top type_default stacking_default\"><div class=\"vc_col-sm-12 wpb_column vc_column_container\"><div class=\"vc_column-inner\"><div class=\"wpb_wrapper\"><div class=\"wpb_text_column\"><div class=\"wpb_wrapper\"><h2>En savoir plus sur la Biennale de Flamenco de S\u00e9ville 2026<\/h2>\n<p>La Salle de r\u00e9v\u00e9lation fait partie d\u2019une \u00e9dition particuli\u00e8rement vaste, avec des spectacles, expositions, rencontres et activit\u00e9s dans diff\u00e9rents espaces de S\u00e9ville. Vous pouvez suivre toute notre couverture dans le <a href=\"https:\/\/www.tablaosflamencos.com\/bienal-flamenco-sevilla\"><strong>guide de la Biennale de Flamenco de S\u00e9ville<\/strong><\/a>, o\u00f9 nous r\u00e9unissons programmation, billets, artistes, lieux et recommandations pratiques.<\/p>\n<\/div><\/div><\/div><\/div><\/div><\/div><\/div><\/section>\n","protected":false},"excerpt":{"rendered":"<p>D\u00e9couvrez la Salle de r\u00e9v\u00e9lation de la Biennale de Flamenco de S\u00e9ville 2026, une installation consacr\u00e9e aux r\u00e9p\u00e9titions, processus cr\u00e9atifs, photographies, entretiens et podcasts en coulisses.<\/p>\n","protected":false},"author":1,"featured_media":14945,"comment_status":"closed","ping_status":"closed","sticky":false,"template":"","format":"standard","meta":{"_acf_changed":false,"wpai_generated_summary":"","_ayudawp_aiss_exclude":false,"_ayudawp_aiss_exclude_summary":false,"_ayudawp_aiss_summary":"","_ayudawp_aiss_summary_provider":"","_ayudawp_aiss_summary_hash":"","footnotes":""},"categories":[1428],"tags":[1862,1239,1240,1155,1242],"class_list":["post-15059","post","type-post","status-publish","format-standard","has-post-thumbnail","hentry","category-biennale-de-flamenco","tag-activites-a-seville","tag-bienal-2026","tag-bienal-de-flamenco","tag-flamenco-en-sevilla","tag-sevilla"],"acf":[],"yoast_head":"<!-- This site is optimized with the Yoast SEO Premium plugin v28.4 (Yoast SEO v28.4) - https:\/\/yoast.com\/product\/yoast-seo-premium-wordpress\/ -->\n<title>Salle de r\u00e9v\u00e9lation Biennale de Flamenco 2026<\/title>\n<meta name=\"description\" content=\"D\u00e9couvrez la Salle de r\u00e9v\u00e9lation de la Biennale de Flamenco 2026 : artistes, parcours, photographies, podcasts et emplacement \u00e0 la Real F\u00e1brica de Artiller\u00eda.\" \/>\n<meta name=\"robots\" content=\"index, follow, max-snippet:-1, max-image-preview:large, max-video-preview:-1\" \/>\n<link rel=\"canonical\" href=\"https:\/\/www.tablaosflamencos.com\/fr\/salle-revelation-biennale-flamenco-seville-2026.html\" \/>\n<meta property=\"og:locale\" content=\"fr_FR\" \/>\n<meta property=\"og:type\" content=\"article\" \/>\n<meta property=\"og:title\" content=\"Salle de r\u00e9v\u00e9lation de la Biennale de Flamenco 2026 : \u00ab L\u2019invisible est aussi flamenco \u00bb\" \/>\n<meta property=\"og:description\" content=\"D\u00e9couvrez la Salle de r\u00e9v\u00e9lation de la Biennale de Flamenco 2026 : artistes, parcours, photographies, podcasts et emplacement \u00e0 la Real F\u00e1brica de Artiller\u00eda.\" \/>\n<meta property=\"og:url\" content=\"https:\/\/www.tablaosflamencos.com\/fr\/salle-revelation-biennale-flamenco-seville-2026.html\" \/>\n<meta property=\"og:site_name\" content=\"Tablaos Flamencos\" \/>\n<meta property=\"article:publisher\" content=\"https:\/\/www.facebook.com\/tablaosflamencos\" \/>\n<meta property=\"article:published_time\" content=\"2026-09-06T14:35:39+00:00\" \/>\n<meta property=\"article:modified_time\" content=\"2026-09-06T15:04:14+00:00\" \/>\n<meta property=\"og:image\" content=\"https:\/\/www.tablaosflamencos.com\/wp-content\/uploads\/sala-de-revelado-de-la-bienal-de-flamenco-2026-lo-invisible-tambien-es-flamenco-01.webp\" \/>\n\t<meta property=\"og:image:width\" content=\"1672\" \/>\n\t<meta property=\"og:image:height\" content=\"941\" \/>\n\t<meta property=\"og:image:type\" content=\"image\/webp\" \/>\n<meta name=\"author\" content=\"Miguel Ortiz\" \/>\n<meta name=\"twitter:card\" content=\"summary_large_image\" \/>\n<meta name=\"twitter:creator\" content=\"@tablaosflamenco\" \/>\n<meta name=\"twitter:site\" content=\"@tablaosflamenco\" \/>\n<meta name=\"twitter:label1\" content=\"\u00c9crit par\" \/>\n\t<meta name=\"twitter:data1\" content=\"Miguel Ortiz\" \/>\n\t<meta name=\"twitter:label2\" content=\"Dur\u00e9e de lecture estim\u00e9e\" \/>\n\t<meta name=\"twitter:data2\" content=\"17 minutes\" \/>\n<script type=\"application\/ld+json\" class=\"yoast-schema-graph\">{\"@context\":\"https:\\\/\\\/schema.org\",\"@graph\":[{\"@type\":\"Article\",\"@id\":\"https:\\\/\\\/www.tablaosflamencos.com\\\/fr\\\/salle-revelation-biennale-flamenco-seville-2026.html#article\",\"isPartOf\":{\"@id\":\"https:\\\/\\\/www.tablaosflamencos.com\\\/fr\\\/salle-revelation-biennale-flamenco-seville-2026.html\"},\"author\":{\"name\":\"Miguel Ortiz\",\"@id\":\"https:\\\/\\\/www.tablaosflamencos.com\\\/fr#\\\/schema\\\/person\\\/e7a9ebe14eb75a52ceabfbffb3c54f5d\"},\"headline\":\"Salle de r\u00e9v\u00e9lation de la Biennale de Flamenco 2026 : \u00ab L\u2019invisible est aussi flamenco \u00bb\",\"datePublished\":\"2026-09-06T14:35:39+00:00\",\"dateModified\":\"2026-09-06T15:04:14+00:00\",\"mainEntityOfPage\":{\"@id\":\"https:\\\/\\\/www.tablaosflamencos.com\\\/fr\\\/salle-revelation-biennale-flamenco-seville-2026.html\"},\"wordCount\":3407,\"publisher\":{\"@id\":\"https:\\\/\\\/www.tablaosflamencos.com\\\/fr#organization\"},\"image\":{\"@id\":\"https:\\\/\\\/www.tablaosflamencos.com\\\/fr\\\/salle-revelation-biennale-flamenco-seville-2026.html#primaryimage\"},\"thumbnailUrl\":\"https:\\\/\\\/www.tablaosflamencos.com\\\/wp-content\\\/uploads\\\/sala-de-revelado-de-la-bienal-de-flamenco-2026-lo-invisible-tambien-es-flamenco-01.webp\",\"keywords\":[\"activit\u00e9s \u00e0 S\u00e9ville\",\"Bienal 2026\",\"Bienal de Flamenco\",\"flamenco en Sevilla\",\"sevilla\"],\"articleSection\":[\"Biennale de Flamenco\"],\"inLanguage\":\"fr-FR\"},{\"@type\":\"WebPage\",\"@id\":\"https:\\\/\\\/www.tablaosflamencos.com\\\/fr\\\/salle-revelation-biennale-flamenco-seville-2026.html\",\"url\":\"https:\\\/\\\/www.tablaosflamencos.com\\\/fr\\\/salle-revelation-biennale-flamenco-seville-2026.html\",\"name\":\"Salle de r\u00e9v\u00e9lation Biennale de Flamenco 2026\",\"isPartOf\":{\"@id\":\"https:\\\/\\\/www.tablaosflamencos.com\\\/fr#website\"},\"primaryImageOfPage\":{\"@id\":\"https:\\\/\\\/www.tablaosflamencos.com\\\/fr\\\/salle-revelation-biennale-flamenco-seville-2026.html#primaryimage\"},\"image\":{\"@id\":\"https:\\\/\\\/www.tablaosflamencos.com\\\/fr\\\/salle-revelation-biennale-flamenco-seville-2026.html#primaryimage\"},\"thumbnailUrl\":\"https:\\\/\\\/www.tablaosflamencos.com\\\/wp-content\\\/uploads\\\/sala-de-revelado-de-la-bienal-de-flamenco-2026-lo-invisible-tambien-es-flamenco-01.webp\",\"datePublished\":\"2026-09-06T14:35:39+00:00\",\"dateModified\":\"2026-09-06T15:04:14+00:00\",\"description\":\"D\u00e9couvrez la Salle de r\u00e9v\u00e9lation de la Biennale de Flamenco 2026 : artistes, parcours, photographies, podcasts et emplacement \u00e0 la Real F\u00e1brica de Artiller\u00eda.\",\"breadcrumb\":{\"@id\":\"https:\\\/\\\/www.tablaosflamencos.com\\\/fr\\\/salle-revelation-biennale-flamenco-seville-2026.html#breadcrumb\"},\"inLanguage\":\"fr-FR\",\"potentialAction\":[{\"@type\":\"ReadAction\",\"target\":[\"https:\\\/\\\/www.tablaosflamencos.com\\\/fr\\\/salle-revelation-biennale-flamenco-seville-2026.html\"]}]},{\"@type\":\"ImageObject\",\"inLanguage\":\"fr-FR\",\"@id\":\"https:\\\/\\\/www.tablaosflamencos.com\\\/fr\\\/salle-revelation-biennale-flamenco-seville-2026.html#primaryimage\",\"url\":\"https:\\\/\\\/www.tablaosflamencos.com\\\/wp-content\\\/uploads\\\/sala-de-revelado-de-la-bienal-de-flamenco-2026-lo-invisible-tambien-es-flamenco-01.webp\",\"contentUrl\":\"https:\\\/\\\/www.tablaosflamencos.com\\\/wp-content\\\/uploads\\\/sala-de-revelado-de-la-bienal-de-flamenco-2026-lo-invisible-tambien-es-flamenco-01.webp\",\"width\":1672,\"height\":941,\"caption\":\"Sala de revelado de la Bienal de Flamenco 2026: \u201cLo invisible tambi\u00e9n es flamenco\u201d\"},{\"@type\":\"BreadcrumbList\",\"@id\":\"https:\\\/\\\/www.tablaosflamencos.com\\\/fr\\\/salle-revelation-biennale-flamenco-seville-2026.html#breadcrumb\",\"itemListElement\":[{\"@type\":\"ListItem\",\"position\":1,\"name\":\"Home\",\"item\":\"https:\\\/\\\/www.tablaosflamencos.com\\\/fr\"},{\"@type\":\"ListItem\",\"position\":2,\"name\":\"Salle de r\u00e9v\u00e9lation de la Biennale de Flamenco 2026 : \u00ab L\u2019invisible est aussi flamenco \u00bb\"}]},{\"@type\":\"WebSite\",\"@id\":\"https:\\\/\\\/www.tablaosflamencos.com\\\/fr#website\",\"url\":\"https:\\\/\\\/www.tablaosflamencos.com\\\/fr\",\"name\":\"Tablaos Flamencos\",\"description\":\"Entradas para tablaos flamencos de Espa\u00f1a\",\"publisher\":{\"@id\":\"https:\\\/\\\/www.tablaosflamencos.com\\\/fr#organization\"},\"alternateName\":\"Tablaos Flamencos\",\"potentialAction\":[{\"@type\":\"SearchAction\",\"target\":{\"@type\":\"EntryPoint\",\"urlTemplate\":\"https:\\\/\\\/www.tablaosflamencos.com\\\/fr?s={search_term_string}\"},\"query-input\":{\"@type\":\"PropertyValueSpecification\",\"valueRequired\":true,\"valueName\":\"search_term_string\"}}],\"inLanguage\":\"fr-FR\"},{\"@type\":[\"Organization\",\"Place\",\"EntertainmentBusiness\"],\"@id\":\"https:\\\/\\\/www.tablaosflamencos.com\\\/fr#organization\",\"name\":\"Tablaos Flamencos\",\"alternateName\":\"Tablaos Flamencos\",\"url\":\"https:\\\/\\\/www.tablaosflamencos.com\\\/fr\",\"logo\":{\"@id\":\"https:\\\/\\\/www.tablaosflamencos.com\\\/fr\\\/salle-revelation-biennale-flamenco-seville-2026.html#local-main-organization-logo\"},\"image\":{\"@id\":\"https:\\\/\\\/www.tablaosflamencos.com\\\/fr\\\/salle-revelation-biennale-flamenco-seville-2026.html#local-main-organization-logo\"},\"sameAs\":[\"https:\\\/\\\/www.facebook.com\\\/tablaosflamencos\",\"https:\\\/\\\/x.com\\\/tablaosflamenco\",\"https:\\\/\\\/mastodon.social\\\/@tablaosflamencos\",\"https:\\\/\\\/www.instagram.com\\\/tablaosflamencos\",\"https:\\\/\\\/tiktok.com\\\/@tablaosflamencos\",\"https:\\\/\\\/www.linkedin.com\\\/company\\\/109408238\\\/\"],\"description\":\"Venta de entradas para espect\u00e1culos flamencos\",\"legalName\":\"Tablaos Flamencos\",\"foundingDate\":\"2015-01-01\",\"numberOfEmployees\":{\"@type\":\"QuantitativeValue\",\"minValue\":\"1\",\"maxValue\":\"10\"},\"address\":{\"@id\":\"https:\\\/\\\/www.tablaosflamencos.com\\\/fr\\\/salle-revelation-biennale-flamenco-seville-2026.html#local-main-place-address\"},\"geo\":{\"@type\":\"GeoCoordinates\",\"latitude\":\"37.3868072\",\"longitude\":\"-5.993280299999999\"},\"telephone\":[\"+34623787787\"],\"contactPoint\":{\"@type\":\"ContactPoint\",\"telephone\":\"+34623787787\",\"email\":\"info@tablaosflamencos.com\"},\"openingHoursSpecification\":{\"@type\":\"OpeningHoursSpecification\",\"dayOfWeek\":[\"Monday\",\"Tuesday\",\"Wednesday\",\"Thursday\",\"Friday\",\"Saturday\",\"Sunday\"],\"opens\":\"00:00\",\"closes\":\"23:59\"},\"email\":\"info@tablaosflamencos.com\",\"priceRange\":\"$$$\",\"currenciesAccepted\":\"\u20ac\"},{\"@type\":\"Person\",\"@id\":\"https:\\\/\\\/www.tablaosflamencos.com\\\/fr#\\\/schema\\\/person\\\/e7a9ebe14eb75a52ceabfbffb3c54f5d\",\"name\":\"Miguel Ortiz\",\"description\":\"Miguel Ortiz es un empresario flamenco, con una s\u00f3lida trayectoria dentro del sector. Ha presidido entidades culturales vinculadas al flamenco y, cuenta con un amplio recorrido profesional en la gesti\u00f3n y promoci\u00f3n de espect\u00e1culos y tablaos flamencos. Su pasi\u00f3n por la historia y el arte flamenco se refleja en cada art\u00edculo, donde combina experiencia, criterio y un profundo respeto por la tradici\u00f3n.\",\"sameAs\":[\"https:\\\/\\\/www.tablaosflamencos.com\",\"https:\\\/\\\/www.instagra.com\\\/miguelortizfe\",\"https:\\\/\\\/www.linkedin.com\\\/in\\\/miguelortizf\\\/\"],\"birthDate\":\"1984-11-22\",\"gender\":\"hombre\",\"knowsLanguage\":[\"espa\u00f1ol\",\"ingl\u00e9s\"],\"jobTitle\":\"Empresario flamenco\"},{\"@type\":\"PostalAddress\",\"@id\":\"https:\\\/\\\/www.tablaosflamencos.com\\\/fr\\\/salle-revelation-biennale-flamenco-seville-2026.html#local-main-place-address\",\"streetAddress\":\"C\\\/ Alemanes, 19\",\"addressLocality\":\"Sevilla\",\"postalCode\":\"41004\",\"addressRegion\":\"Sevilla\",\"addressCountry\":\"ES\"},{\"@type\":\"ImageObject\",\"inLanguage\":\"fr-FR\",\"@id\":\"https:\\\/\\\/www.tablaosflamencos.com\\\/fr\\\/salle-revelation-biennale-flamenco-seville-2026.html#local-main-organization-logo\",\"url\":\"https:\\\/\\\/www.tablaosflamencos.com\\\/wp-content\\\/uploads\\\/tablaos-flamencos-06-3.webp\",\"contentUrl\":\"https:\\\/\\\/www.tablaosflamencos.com\\\/wp-content\\\/uploads\\\/tablaos-flamencos-06-3.webp\",\"width\":600,\"height\":620,\"caption\":\"Tablaos Flamencos\"}]}<\/script>\n<meta name=\"geo.placename\" content=\"Sevilla\" \/>\n<meta name=\"geo.position\" content=\"37.3868072;-5.993280299999999\" \/>\n<meta name=\"geo.region\" content=\"Espagne\" \/>\n<!-- \/ Yoast SEO Premium plugin. -->","yoast_head_json":{"title":"Salle de r\u00e9v\u00e9lation Biennale de Flamenco 2026","description":"D\u00e9couvrez la Salle de r\u00e9v\u00e9lation de la Biennale de Flamenco 2026 : artistes, parcours, photographies, podcasts et emplacement \u00e0 la Real F\u00e1brica de Artiller\u00eda.","robots":{"index":"index","follow":"follow","max-snippet":"max-snippet:-1","max-image-preview":"max-image-preview:large","max-video-preview":"max-video-preview:-1"},"canonical":"https:\/\/www.tablaosflamencos.com\/fr\/salle-revelation-biennale-flamenco-seville-2026.html","og_locale":"fr_FR","og_type":"article","og_title":"Salle de r\u00e9v\u00e9lation de la Biennale de Flamenco 2026 : \u00ab L\u2019invisible est aussi flamenco \u00bb","og_description":"D\u00e9couvrez la Salle de r\u00e9v\u00e9lation de la Biennale de Flamenco 2026 : artistes, parcours, photographies, podcasts et emplacement \u00e0 la Real F\u00e1brica de Artiller\u00eda.","og_url":"https:\/\/www.tablaosflamencos.com\/fr\/salle-revelation-biennale-flamenco-seville-2026.html","og_site_name":"Tablaos Flamencos","article_publisher":"https:\/\/www.facebook.com\/tablaosflamencos","article_published_time":"2026-09-06T14:35:39+00:00","article_modified_time":"2026-09-06T15:04:14+00:00","og_image":[{"width":1672,"height":941,"url":"https:\/\/www.tablaosflamencos.com\/wp-content\/uploads\/sala-de-revelado-de-la-bienal-de-flamenco-2026-lo-invisible-tambien-es-flamenco-01.webp","type":"image\/webp"}],"author":"Miguel Ortiz","twitter_card":"summary_large_image","twitter_creator":"@tablaosflamenco","twitter_site":"@tablaosflamenco","twitter_misc":{"\u00c9crit par":"Miguel Ortiz","Dur\u00e9e de lecture estim\u00e9e":"17 minutes"},"schema":{"@context":"https:\/\/schema.org","@graph":[{"@type":"Article","@id":"https:\/\/www.tablaosflamencos.com\/fr\/salle-revelation-biennale-flamenco-seville-2026.html#article","isPartOf":{"@id":"https:\/\/www.tablaosflamencos.com\/fr\/salle-revelation-biennale-flamenco-seville-2026.html"},"author":{"name":"Miguel Ortiz","@id":"https:\/\/www.tablaosflamencos.com\/fr#\/schema\/person\/e7a9ebe14eb75a52ceabfbffb3c54f5d"},"headline":"Salle de r\u00e9v\u00e9lation de la Biennale de Flamenco 2026 : \u00ab L\u2019invisible est aussi flamenco \u00bb","datePublished":"2026-09-06T14:35:39+00:00","dateModified":"2026-09-06T15:04:14+00:00","mainEntityOfPage":{"@id":"https:\/\/www.tablaosflamencos.com\/fr\/salle-revelation-biennale-flamenco-seville-2026.html"},"wordCount":3407,"publisher":{"@id":"https:\/\/www.tablaosflamencos.com\/fr#organization"},"image":{"@id":"https:\/\/www.tablaosflamencos.com\/fr\/salle-revelation-biennale-flamenco-seville-2026.html#primaryimage"},"thumbnailUrl":"https:\/\/www.tablaosflamencos.com\/wp-content\/uploads\/sala-de-revelado-de-la-bienal-de-flamenco-2026-lo-invisible-tambien-es-flamenco-01.webp","keywords":["activit\u00e9s \u00e0 S\u00e9ville","Bienal 2026","Bienal de Flamenco","flamenco en Sevilla","sevilla"],"articleSection":["Biennale de Flamenco"],"inLanguage":"fr-FR"},{"@type":"WebPage","@id":"https:\/\/www.tablaosflamencos.com\/fr\/salle-revelation-biennale-flamenco-seville-2026.html","url":"https:\/\/www.tablaosflamencos.com\/fr\/salle-revelation-biennale-flamenco-seville-2026.html","name":"Salle de r\u00e9v\u00e9lation Biennale de Flamenco 2026","isPartOf":{"@id":"https:\/\/www.tablaosflamencos.com\/fr#website"},"primaryImageOfPage":{"@id":"https:\/\/www.tablaosflamencos.com\/fr\/salle-revelation-biennale-flamenco-seville-2026.html#primaryimage"},"image":{"@id":"https:\/\/www.tablaosflamencos.com\/fr\/salle-revelation-biennale-flamenco-seville-2026.html#primaryimage"},"thumbnailUrl":"https:\/\/www.tablaosflamencos.com\/wp-content\/uploads\/sala-de-revelado-de-la-bienal-de-flamenco-2026-lo-invisible-tambien-es-flamenco-01.webp","datePublished":"2026-09-06T14:35:39+00:00","dateModified":"2026-09-06T15:04:14+00:00","description":"D\u00e9couvrez la Salle de r\u00e9v\u00e9lation de la Biennale de Flamenco 2026 : artistes, parcours, photographies, podcasts et emplacement \u00e0 la Real F\u00e1brica de Artiller\u00eda.","breadcrumb":{"@id":"https:\/\/www.tablaosflamencos.com\/fr\/salle-revelation-biennale-flamenco-seville-2026.html#breadcrumb"},"inLanguage":"fr-FR","potentialAction":[{"@type":"ReadAction","target":["https:\/\/www.tablaosflamencos.com\/fr\/salle-revelation-biennale-flamenco-seville-2026.html"]}]},{"@type":"ImageObject","inLanguage":"fr-FR","@id":"https:\/\/www.tablaosflamencos.com\/fr\/salle-revelation-biennale-flamenco-seville-2026.html#primaryimage","url":"https:\/\/www.tablaosflamencos.com\/wp-content\/uploads\/sala-de-revelado-de-la-bienal-de-flamenco-2026-lo-invisible-tambien-es-flamenco-01.webp","contentUrl":"https:\/\/www.tablaosflamencos.com\/wp-content\/uploads\/sala-de-revelado-de-la-bienal-de-flamenco-2026-lo-invisible-tambien-es-flamenco-01.webp","width":1672,"height":941,"caption":"Sala de revelado de la Bienal de Flamenco 2026: \u201cLo invisible tambi\u00e9n es flamenco\u201d"},{"@type":"BreadcrumbList","@id":"https:\/\/www.tablaosflamencos.com\/fr\/salle-revelation-biennale-flamenco-seville-2026.html#breadcrumb","itemListElement":[{"@type":"ListItem","position":1,"name":"Home","item":"https:\/\/www.tablaosflamencos.com\/fr"},{"@type":"ListItem","position":2,"name":"Salle de r\u00e9v\u00e9lation de la Biennale de Flamenco 2026 : \u00ab L\u2019invisible est aussi flamenco \u00bb"}]},{"@type":"WebSite","@id":"https:\/\/www.tablaosflamencos.com\/fr#website","url":"https:\/\/www.tablaosflamencos.com\/fr","name":"Tablaos Flamencos","description":"Entradas para tablaos flamencos de Espa\u00f1a","publisher":{"@id":"https:\/\/www.tablaosflamencos.com\/fr#organization"},"alternateName":"Tablaos Flamencos","potentialAction":[{"@type":"SearchAction","target":{"@type":"EntryPoint","urlTemplate":"https:\/\/www.tablaosflamencos.com\/fr?s={search_term_string}"},"query-input":{"@type":"PropertyValueSpecification","valueRequired":true,"valueName":"search_term_string"}}],"inLanguage":"fr-FR"},{"@type":["Organization","Place","EntertainmentBusiness"],"@id":"https:\/\/www.tablaosflamencos.com\/fr#organization","name":"Tablaos Flamencos","alternateName":"Tablaos Flamencos","url":"https:\/\/www.tablaosflamencos.com\/fr","logo":{"@id":"https:\/\/www.tablaosflamencos.com\/fr\/salle-revelation-biennale-flamenco-seville-2026.html#local-main-organization-logo"},"image":{"@id":"https:\/\/www.tablaosflamencos.com\/fr\/salle-revelation-biennale-flamenco-seville-2026.html#local-main-organization-logo"},"sameAs":["https:\/\/www.facebook.com\/tablaosflamencos","https:\/\/x.com\/tablaosflamenco","https:\/\/mastodon.social\/@tablaosflamencos","https:\/\/www.instagram.com\/tablaosflamencos","https:\/\/tiktok.com\/@tablaosflamencos","https:\/\/www.linkedin.com\/company\/109408238\/"],"description":"Venta de entradas para espect\u00e1culos flamencos","legalName":"Tablaos Flamencos","foundingDate":"2015-01-01","numberOfEmployees":{"@type":"QuantitativeValue","minValue":"1","maxValue":"10"},"address":{"@id":"https:\/\/www.tablaosflamencos.com\/fr\/salle-revelation-biennale-flamenco-seville-2026.html#local-main-place-address"},"geo":{"@type":"GeoCoordinates","latitude":"37.3868072","longitude":"-5.993280299999999"},"telephone":["+34623787787"],"contactPoint":{"@type":"ContactPoint","telephone":"+34623787787","email":"info@tablaosflamencos.com"},"openingHoursSpecification":{"@type":"OpeningHoursSpecification","dayOfWeek":["Monday","Tuesday","Wednesday","Thursday","Friday","Saturday","Sunday"],"opens":"00:00","closes":"23:59"},"email":"info@tablaosflamencos.com","priceRange":"$$$","currenciesAccepted":"\u20ac"},{"@type":"Person","@id":"https:\/\/www.tablaosflamencos.com\/fr#\/schema\/person\/e7a9ebe14eb75a52ceabfbffb3c54f5d","name":"Miguel Ortiz","description":"Miguel Ortiz es un empresario flamenco, con una s\u00f3lida trayectoria dentro del sector. Ha presidido entidades culturales vinculadas al flamenco y, cuenta con un amplio recorrido profesional en la gesti\u00f3n y promoci\u00f3n de espect\u00e1culos y tablaos flamencos. Su pasi\u00f3n por la historia y el arte flamenco se refleja en cada art\u00edculo, donde combina experiencia, criterio y un profundo respeto por la tradici\u00f3n.","sameAs":["https:\/\/www.tablaosflamencos.com","https:\/\/www.instagra.com\/miguelortizfe","https:\/\/www.linkedin.com\/in\/miguelortizf\/"],"birthDate":"1984-11-22","gender":"hombre","knowsLanguage":["espa\u00f1ol","ingl\u00e9s"],"jobTitle":"Empresario flamenco"},{"@type":"PostalAddress","@id":"https:\/\/www.tablaosflamencos.com\/fr\/salle-revelation-biennale-flamenco-seville-2026.html#local-main-place-address","streetAddress":"C\/ Alemanes, 19","addressLocality":"Sevilla","postalCode":"41004","addressRegion":"Sevilla","addressCountry":"ES"},{"@type":"ImageObject","inLanguage":"fr-FR","@id":"https:\/\/www.tablaosflamencos.com\/fr\/salle-revelation-biennale-flamenco-seville-2026.html#local-main-organization-logo","url":"https:\/\/www.tablaosflamencos.com\/wp-content\/uploads\/tablaos-flamencos-06-3.webp","contentUrl":"https:\/\/www.tablaosflamencos.com\/wp-content\/uploads\/tablaos-flamencos-06-3.webp","width":600,"height":620,"caption":"Tablaos Flamencos"}]},"geo.placename":"Sevilla","geo.position":{"lat":"37.3868072","long":"-5.993280299999999"},"geo.region":"Espagne"},"_links":{"self":[{"href":"https:\/\/www.tablaosflamencos.com\/fr\/wp-json\/wp\/v2\/posts\/15059","targetHints":{"allow":["GET"]}}],"collection":[{"href":"https:\/\/www.tablaosflamencos.com\/fr\/wp-json\/wp\/v2\/posts"}],"about":[{"href":"https:\/\/www.tablaosflamencos.com\/fr\/wp-json\/wp\/v2\/types\/post"}],"author":[{"embeddable":true,"href":"https:\/\/www.tablaosflamencos.com\/fr\/wp-json\/wp\/v2\/users\/1"}],"replies":[{"embeddable":true,"href":"https:\/\/www.tablaosflamencos.com\/fr\/wp-json\/wp\/v2\/comments?post=15059"}],"version-history":[{"count":0,"href":"https:\/\/www.tablaosflamencos.com\/fr\/wp-json\/wp\/v2\/posts\/15059\/revisions"}],"wp:featuredmedia":[{"embeddable":true,"href":"https:\/\/www.tablaosflamencos.com\/fr\/wp-json\/wp\/v2\/media\/14945"}],"wp:attachment":[{"href":"https:\/\/www.tablaosflamencos.com\/fr\/wp-json\/wp\/v2\/media?parent=15059"}],"wp:term":[{"taxonomy":"category","embeddable":true,"href":"https:\/\/www.tablaosflamencos.com\/fr\/wp-json\/wp\/v2\/categories?post=15059"},{"taxonomy":"post_tag","embeddable":true,"href":"https:\/\/www.tablaosflamencos.com\/fr\/wp-json\/wp\/v2\/tags?post=15059"}],"curies":[{"name":"wp","href":"https:\/\/api.w.org\/{rel}","templated":true}]}}