{"id":15013,"date":"2026-09-06T16:15:05","date_gmt":"2026-09-06T14:15:05","guid":{"rendered":"https:\/\/www.tablaosflamencos.com\/?p=15013"},"modified":"2026-09-06T19:43:08","modified_gmt":"2026-09-06T17:43:08","slug":"festival-el-bucaro-2026-programme-artistes-date-billets","status":"publish","type":"post","link":"https:\/\/www.tablaosflamencos.com\/fr\/festival-el-bucaro-2026-programme-artistes-date-billets.html","title":{"rendered":"Festival El B\u00facaro 2026 : programme, artistes, date et tout ce qu\u2019il faut savoir"},"content":{"rendered":"<section class=\"l-section wpb_row height_huge\"><div class=\"l-section-h i-cf\"><div class=\"g-cols vc_row via_flex valign_top type_default stacking_default\"><div class=\"vc_col-sm-6 wpb_column vc_column_container\"><div class=\"vc_column-inner\"><div class=\"wpb_wrapper\"><div class=\"wpb_text_column\"><div class=\"wpb_wrapper\"><h2>Festival El B\u00facaro 2026 : l\u2019une des grandes soir\u00e9es de chant flamenco de septembre \u00e0 S\u00e9ville<\/h2>\n<p>Le <strong>43e Festival de Cante Flamenco El B\u00facaro<\/strong> se tiendra le <strong>vendredi 18 septembre 2026 \u00e0 22 h 00<\/strong>, \u00e0 la <strong>Hacienda Santa Cruz de La Rinconada<\/strong>, dans la province de S\u00e9ville. Pour sa 43e \u00e9dition, le festival propose une affiche men\u00e9e par <strong>El Pele<\/strong>, aux c\u00f4t\u00e9s de <strong>Consuelo Hald\u00f3n, Rubito Hijo, Caracolillo de C\u00e1diz et Fernando El Goyo<\/strong> au chant.<\/p>\n<p>La soir\u00e9e r\u00e9unira \u00e9galement plusieurs grands noms de la guitare flamenca s\u00e9villane : <strong>Antonio Carri\u00f3n, Ni\u00f1o Seve, Manuel Herrera et Juan Quir\u00f3s<\/strong> accompagneront les chanteurs, tandis que <strong>Manuel Herrera Hijo<\/strong> interviendra en guitare solo. <strong>Concha Carri\u00f3n et \u00c1ngel Pe\u00f1a<\/strong> seront aux palmas et <strong>Salvador Milla<\/strong> pr\u00e9sentera de nouveau le festival.<\/p>\n<p>&nbsp;<\/p>\n<blockquote>\n<p><strong>R\u00e9ponse rapide :<\/strong> le Festival El B\u00facaro 2026 a lieu le 18 septembre \u00e0 22 h 00 \u00e0 la Hacienda Santa Cruz de La Rinconada. Le billet co\u00fbte 10 \u20ac, il est vendu en personne au Centro Cultural de La Villa et, s\u2019il reste des places, \u00e0 la billetterie de la Hacienda \u00e0 partir d\u2019une heure avant le spectacle. L\u2019affiche comprend El Pele, Consuelo Hald\u00f3n, Rubito Hijo, Caracolillo de C\u00e1diz et Fernando El Goyo.<\/p>\n<\/blockquote>\n<\/div><\/div><\/div><\/div><\/div><div class=\"vc_col-sm-6 wpb_column vc_column_container\"><div class=\"vc_column-inner\"><div class=\"wpb_wrapper\"><div class=\"wpb_text_column\"><div class=\"wpb_wrapper\"><h3>El B\u00facaro 2026 : informations essentielles<\/h3>\n<ul>\n<li><strong>\u00c9v\u00e9nement :<\/strong> 43e Festival de Cante Flamenco El B\u00facaro.<\/li>\n<li><strong>Date :<\/strong> vendredi 18 septembre 2026.<\/li>\n<li><strong>Heure :<\/strong> 22 h 00.<\/li>\n<li><strong>Lieu :<\/strong> Hacienda Santa Cruz.<\/li>\n<li><strong>Adresse :<\/strong> Carretera de la Estaci\u00f3n, 2, San Jos\u00e9 de La Rinconada, S\u00e9ville.<\/li>\n<li><strong>Prix :<\/strong> 10 \u20ac.<\/li>\n<li><strong>Pr\u00e9vente :<\/strong> Centro Cultural de La Villa, de 10 h 00 \u00e0 13 h 00.<\/li>\n<li><strong>Billetterie :<\/strong> \u00e0 partir de 21 h 00 le jour du festival, uniquement s\u2019il reste des places.<\/li>\n<li><strong>Organisation :<\/strong> Pe\u00f1a Cultural Flamenca El B\u00facaro, avec la collaboration de la mairie de La Rinconada.<\/li>\n<li><strong>Pr\u00e9sentation :<\/strong> Salvador Milla.<\/li>\n<li><strong>D\u00e9dicace 2026 :<\/strong> Jafelin Helten, fondatrice d\u2019ExpoFlamenco.<\/li>\n<\/ul>\n<p><small>L\u2019organisation peut modifier les horaires, la disponibilit\u00e9 ou les conditions d\u2019acc\u00e8s. Nous recommandons de v\u00e9rifier les informations officielles avant de vous d\u00e9placer.<\/small><\/p>\n<\/div><\/div><div class=\"w-separator size_medium\"><\/div><div class=\"w-hwrapper valign_top wrap stack_on_mobiles align_center\" style=\"--hwrapper-gap:1.2rem\"><div class=\"w-btn-wrapper align_none\"><a class=\"w-btn us-btn-style_1\" href=\"https:\/\/www.larinconada.es\/es\/noticias\/15493\/el-xliii-festival-de-cante-flamenco-el-bucaro-convierte-a-la-rinconada-en-referente-del-arte-jondo\"><span class=\"w-btn-label\">Consulter les informations officielles<\/span><\/a><\/div><\/div><\/div><\/div><\/div><\/div><\/div><\/section><section class=\"l-section wpb_row height_huge color_alternate with_shape\"><div class=\"l-section-shape type_zigzag pos_top hor_flip\" style=\"height:3vmin;\"><svg xmlns=\"http:\/\/www.w3.org\/2000\/svg\" viewBox=\"0 0 64 8\" preserveAspectRatio=\"none\" width=\"100%\" height=\"100%\">\r\n\t<path fill=\"currentColor\" d=\"M64 8 L0 8 L0 0 L20 7.9 L40 3 L48 5 L64 0 Z\"\/>\r\n<\/svg><\/div><div class=\"l-section-shape type_zigzag pos_bottom\" style=\"height:3vmin;\"><svg xmlns=\"http:\/\/www.w3.org\/2000\/svg\" viewBox=\"0 0 64 8\" preserveAspectRatio=\"none\" width=\"100%\" height=\"100%\">\r\n\t<path fill=\"currentColor\" d=\"M64 8 L0 8 L0 0 L20 7.9 L40 3 L48 5 L64 0 Z\"\/>\r\n<\/svg><\/div><div class=\"l-section-h i-cf\"><div class=\"g-cols vc_row via_flex valign_top type_default stacking_default\"><div class=\"vc_col-sm-12 wpb_column vc_column_container\"><div class=\"vc_column-inner\"><div class=\"wpb_wrapper\"><div class=\"wpb_text_column\"><div class=\"wpb_wrapper\"><h2>Programme et artistes du Festival El B\u00facaro 2026<\/h2>\n<p>L\u2019\u00e9dition 2026 est con\u00e7ue comme une <strong>grande soir\u00e9e flamenca en une seule nuit<\/strong>. Elle d\u00e9bute \u00e0 22 h 00 et r\u00e9unit chant flamenco, guitare d\u2019accompagnement, guitare solo et palmas. Au moment de pr\u00e9parer ce guide, l\u2019organisation avait publi\u00e9 l\u2019affiche compl\u00e8te, mais <strong>pas d\u2019ordre de passage individuel ni d\u2019horaires s\u00e9par\u00e9s pour chaque artiste<\/strong>.<\/p>\n<p>Il faut donc comprendre le programme comme une affiche commune et non comme une s\u00e9rie de passages avec des horaires ind\u00e9pendants. Voici les artistes officiellement annonc\u00e9s.<\/p>\n<\/div><\/div><div class=\"w-separator size_medium\"><\/div><div class=\"g-cols wpb_row via_flex valign_top type_default stacking_default\"><div class=\"vc_col-sm-4 wpb_column vc_column_container\"><div class=\"vc_column-inner\"><div class=\"wpb_wrapper\"><div class=\"wpb_text_column\"><div class=\"wpb_wrapper\"><h3>Au chant<\/h3>\n<ul>\n<li><strong>El Pele<\/strong>.<\/li>\n<li><strong>Consuelo Hald\u00f3n<\/strong>.<\/li>\n<li><strong>Rubito Hijo<\/strong>.<\/li>\n<li><strong>Caracolillo de C\u00e1diz<\/strong>.<\/li>\n<li><strong>Fernando El Goyo<\/strong>.<\/li>\n<\/ul>\n<\/div><\/div><\/div><\/div><\/div><div class=\"vc_col-sm-4 wpb_column vc_column_container\"><div class=\"vc_column-inner\"><div class=\"wpb_wrapper\"><div class=\"wpb_text_column\"><div class=\"wpb_wrapper\"><h3>\u00c0 la guitare<\/h3>\n<ul>\n<li><strong>Antonio Carri\u00f3n<\/strong>.<\/li>\n<li><strong>Ni\u00f1o Seve<\/strong>.<\/li>\n<li><strong>Manuel Herrera<\/strong>.<\/li>\n<li><strong>Juan Quir\u00f3s<\/strong>.<\/li>\n<\/ul>\n<\/div><\/div><\/div><\/div><\/div><div class=\"vc_col-sm-4 wpb_column vc_column_container\"><div class=\"vc_column-inner\"><div class=\"wpb_wrapper\"><div class=\"wpb_text_column\"><div class=\"wpb_wrapper\"><h3>Guitare solo et palmas<\/h3>\n<ul>\n<li><strong>Manuel Herrera Hijo<\/strong>, guitare solo.<\/li>\n<li><strong>Concha Carri\u00f3n<\/strong>, palmas.<\/li>\n<li><strong>\u00c1ngel Pe\u00f1a<\/strong>, palmas.<\/li>\n<\/ul>\n<\/div><\/div><\/div><\/div><\/div><\/div><div class=\"w-separator size_medium\"><\/div><div class=\"wpb_text_column\"><div class=\"wpb_wrapper\"><p>La pr\u00e9sentation du spectacle sera de nouveau assur\u00e9e par <strong>Salvador Milla<\/strong>. Cette \u00e9dition est d\u00e9di\u00e9e \u00e0 <strong>Jafelin Helten<\/strong>, fondatrice d\u2019ExpoFlamenco, en reconnaissance de son travail de diffusion du flamenco.<\/p>\n<\/div><\/div><\/div><\/div><\/div><\/div><\/div><\/section><section class=\"l-section wpb_row height_huge\"><div class=\"l-section-h i-cf\"><div class=\"g-cols vc_row via_flex valign_top type_default stacking_default\"><div class=\"vc_col-sm-6 wpb_column vc_column_container\"><div class=\"vc_column-inner\"><div class=\"wpb_wrapper\"><div class=\"wpb_text_column\"><div class=\"wpb_wrapper\"><h2>El Pele, t\u00eate d\u2019affiche de la 43e \u00e9dition<\/h2>\n<p>La pr\u00e9sence d\u2019<strong>El Pele<\/strong> est l\u2019un des grands atouts d\u2019El B\u00facaro 2026. Le chanteur cordouan arrive \u00e0 La Rinconada comme l\u2019une des voix les plus personnelles du flamenco contemporain, avec plusieurs d\u00e9cennies de carri\u00e8re et une interpr\u00e9tation qui conjugue connaissance des styles traditionnels, libert\u00e9 expressive et grande intensit\u00e9 sc\u00e9nique.<\/p>\n<p>Sa participation inscrit le festival dans une ligne tr\u00e8s reconnaissable : un rendez-vous de pe\u00f1a, enracin\u00e9 dans la tradition, qui n\u2019h\u00e9site pas \u00e0 inviter des figures de premier plan. \u00c0 ses c\u00f4t\u00e9s, l\u2019affiche permet d\u2019entendre diff\u00e9rentes sensibilit\u00e9s du chant flamenco.<\/p>\n<p><strong>Consuelo Hald\u00f3n<\/strong> poss\u00e8de un parcours li\u00e9 au r\u00e9pertoire traditionnel ; <strong>Rubito Hijo<\/strong> repr\u00e9sente la continuit\u00e9 d\u2019une lign\u00e9e flamenca ; <strong>Caracolillo de C\u00e1diz<\/strong> apporte sur sc\u00e8ne la personnalit\u00e9 des chants gaditans, tandis que <strong>Fernando El Goyo<\/strong> conserve un lien direct avec la Pe\u00f1a Cultural Flamenca El B\u00facaro elle-m\u00eame.<\/p>\n<p>Ce m\u00e9lange entre grande figure, artistes exp\u00e9riment\u00e9s et pr\u00e9sence locale est pr\u00e9cis\u00e9ment l\u2019un des \u00e9l\u00e9ments qui ont permis au festival de durer plus de quatre d\u00e9cennies.<\/p>\n<\/div><\/div><\/div><\/div><\/div><div class=\"vc_col-sm-6 wpb_column vc_column_container\"><div class=\"vc_column-inner\"><div class=\"wpb_wrapper\"><div class=\"wpb_text_column\"><div class=\"wpb_wrapper\"><h2>Une affiche de guitaristes particuli\u00e8rement solide<\/h2>\n<p>L\u2019accompagnement de 2026 m\u00e9rite une attention particuli\u00e8re. <strong>Antonio Carri\u00f3n<\/strong>, distingu\u00e9 en 2025 par la M\u00e9daille d\u2019Or de la Province de S\u00e9ville et pr\u00e9sent sur sc\u00e8ne depuis plus de cinq d\u00e9cennies, fait partie d\u2019un groupe de guitaristes poss\u00e9dant une vaste exp\u00e9rience des r\u00e9citals et festivals.<\/p>\n<p>\u00c0 ses c\u00f4t\u00e9s se produiront <strong>Ni\u00f1o Seve, Manuel Herrera et Juan Quir\u00f3s<\/strong>. L\u2019organisation r\u00e9serve \u00e9galement un espace sp\u00e9cifique \u00e0 la <strong>guitare solo de Manuel Herrera Hijo<\/strong>, repr\u00e9sentant d\u2019une g\u00e9n\u00e9ration plus jeune.<\/p>\n<p>Pour les aficionados qui accordent autant d\u2019attention \u00e0 la guitare qu\u2019au chant, El B\u00facaro pr\u00e9sente donc un int\u00e9r\u00eat suppl\u00e9mentaire : il ne s\u2019agit pas seulement d\u2019accompagnateurs fonctionnels, mais de guitaristes dot\u00e9s d\u2019une identit\u00e9 propre et d\u2019une pr\u00e9sence importante tout au long de la soir\u00e9e.<\/p>\n<p>Les palmas de <strong>Concha Carri\u00f3n et \u00c1ngel Pe\u00f1a<\/strong> compl\u00e8tent la partie rythmique.<\/p>\n<\/div><\/div><\/div><\/div><\/div><\/div><\/div><\/section><section class=\"l-section wpb_row height_huge color_alternate with_shape\"><div class=\"l-section-shape type_zigzag pos_top hor_flip\" style=\"height:3vmin;\"><svg xmlns=\"http:\/\/www.w3.org\/2000\/svg\" viewBox=\"0 0 64 8\" preserveAspectRatio=\"none\" width=\"100%\" height=\"100%\">\r\n\t<path fill=\"currentColor\" d=\"M64 8 L0 8 L0 0 L20 7.9 L40 3 L48 5 L64 0 Z\"\/>\r\n<\/svg><\/div><div class=\"l-section-shape type_zigzag pos_bottom\" style=\"height:3vmin;\"><svg xmlns=\"http:\/\/www.w3.org\/2000\/svg\" viewBox=\"0 0 64 8\" preserveAspectRatio=\"none\" width=\"100%\" height=\"100%\">\r\n\t<path fill=\"currentColor\" d=\"M64 8 L0 8 L0 0 L20 7.9 L40 3 L48 5 L64 0 Z\"\/>\r\n<\/svg><\/div><div class=\"l-section-h i-cf\"><div class=\"g-cols vc_row via_flex valign_top type_default stacking_default\"><div class=\"vc_col-sm-12 wpb_column vc_column_container\"><div class=\"vc_column-inner\"><div class=\"wpb_wrapper\"><div class=\"wpb_text_column\"><div class=\"wpb_wrapper\"><h2>Billets pour El B\u00facaro 2026 : prix et points de vente<\/h2>\n<p>Les billets du 43e Festival de Cante Flamenco El B\u00facaro sont propos\u00e9s au <strong>prix unique de 10 euros<\/strong>. La pr\u00e9vente a commenc\u00e9 le <strong>1er septembre<\/strong> et s\u2019effectue en personne au <strong>Centro Cultural de La Villa<\/strong>, \u00e0 San Jos\u00e9 de La Rinconada.<\/p>\n<p>Les horaires annonc\u00e9s sont de <strong>10 h 00 \u00e0 13 h 00<\/strong>. Le jour m\u00eame du festival, la billetterie de la Hacienda Santa Cruz ouvrira \u00e9galement <strong>une heure avant le d\u00e9but<\/strong>, soit \u00e0 partir de 21 h 00, mais uniquement s\u2019il reste encore des places.<\/p>\n<p>L\u2019existence d\u2019une billetterie sur place ne garantit donc pas qu\u2019il sera possible d\u2019acheter un billet \u00e0 l\u2019entr\u00e9e. Avec un tarif de 10 euros, une affiche men\u00e9e par El Pele et une date qui co\u00efncide avec l\u2019une des p\u00e9riodes les plus actives de l\u2019ann\u00e9e flamenca \u00e0 S\u00e9ville, nous recommandons d\u2019<strong>acheter votre billet \u00e0 l\u2019avance<\/strong> lorsque cela est possible.<\/p>\n<p>Le Centro Cultural de La Villa se trouve \u00e0 <strong>Vereda de Chapatales, 2, San Jos\u00e9 de La Rinconada<\/strong>. La mairie indique \u00e9galement le num\u00e9ro du service Culture, <strong>955 79 41 42<\/strong>, pour les informations relatives \u00e0 ses espaces culturels.<\/p>\n<\/div><\/div><\/div><\/div><\/div><\/div><\/div><\/section><section class=\"l-section wpb_row height_huge\"><div class=\"l-section-h i-cf\"><div class=\"g-cols vc_row via_flex valign_top type_default stacking_default\"><div class=\"vc_col-sm-6 wpb_column vc_column_container\"><div class=\"vc_column-inner\"><div class=\"wpb_wrapper\"><div class=\"wpb_text_column\"><div class=\"wpb_wrapper\"><h2>O\u00f9 se d\u00e9roule le festival : la Hacienda Santa Cruz<\/h2>\n<p>Le festival aura lieu \u00e0 la <strong>Hacienda Santa Cruz<\/strong>, situ\u00e9e <strong>Carretera de la Estaci\u00f3n, 2<\/strong>, \u00e0 San Jos\u00e9 de La Rinconada. Le site fait partie du r\u00e9seau municipal d\u2019espaces culturels et devient \u00e0 nouveau le point de rencontre de l\u2019une des grandes soir\u00e9es flamencas de la commune.<\/p>\n<p>Le choix de la Hacienda n\u2019est pas un d\u00e9tail secondaire. El B\u00facaro appartient \u00e0 cette tradition des festivals andalous dans lesquels le lieu, l\u2019atmosph\u00e8re nocturne et la proximit\u00e9 entre artistes et public font autant partie de l\u2019exp\u00e9rience que l\u2019affiche elle-m\u00eame.<\/p>\n<p>Si vous venez de S\u00e9ville, mieux vaut arriver suffisamment t\u00f4t. La soir\u00e9e commence \u00e0 22 h 00 et, s\u2019il reste des billets, la billetterie doit ouvrir une heure auparavant. Les personnes qui ont d\u00e9j\u00e0 leur billet peuvent profiter de leur arriv\u00e9e pour d\u00e9couvrir \u00e9galement l\u2019exposition associ\u00e9e \u00e0 cette \u00e9dition, selon les horaires de visite.<\/p>\n<\/div><\/div><\/div><\/div><\/div><div class=\"vc_col-sm-6 wpb_column vc_column_container\"><div class=\"vc_column-inner\"><div class=\"wpb_wrapper\"><div class=\"wpb_text_column\"><div class=\"wpb_wrapper\"><h2>Comment aller de S\u00e9ville \u00e0 San Jos\u00e9 de La Rinconada<\/h2>\n<p>San Jos\u00e9 de La Rinconada fait partie de l\u2019aire m\u00e9tropolitaine de S\u00e9ville et est desservie par le <strong>Cercan\u00edas<\/strong> sur la ligne S\u00e9ville\u2013Lora del R\u00edo, ainsi que par des bus m\u00e9tropolitains. Pour un \u00e9v\u00e9nement qui commence \u00e0 22 h 00 et peut finir tard, le point le plus important n\u2019est pas seulement l\u2019aller, mais aussi de <strong>v\u00e9rifier le dernier service disponible pour le retour<\/strong>.<\/p>\n<p>Si vous d\u00e9pendez des transports publics, nous recommandons de consulter les horaires en vigueur de Renfe Cercan\u00edas et du Consorcio de Transportes le 18 septembre m\u00eame. Les horaires du soir peuvent ne pas correspondre \u00e0 l\u2019heure r\u00e9elle de fin d\u2019une soir\u00e9e flamenca de ce type.<\/p>\n<p>Pour les groupes ou les visiteurs h\u00e9berg\u00e9s \u00e0 S\u00e9ville, la voiture, le taxi ou un VTC peuvent \u00eatre plus pratiques pour le retour, surtout si vous souhaitez rester jusqu\u2019\u00e0 la fin sans d\u00e9pendre du dernier d\u00e9part des transports publics.<\/p>\n<p>La Hacienda Santa Cruz se trouve Carretera de la Estaci\u00f3n, 2. Il est conseill\u00e9 de saisir le nom complet du lieu ou l\u2019adresse exacte dans votre application de navigation afin d\u2019\u00e9viter toute confusion avec d\u2019autres sites de la commune.<\/p>\n<\/div><\/div><\/div><\/div><\/div><\/div><\/div><\/section><section class=\"l-section wpb_row height_huge color_alternate with_shape\"><div class=\"l-section-shape type_zigzag pos_top hor_flip\" style=\"height:3vmin;\"><svg xmlns=\"http:\/\/www.w3.org\/2000\/svg\" viewBox=\"0 0 64 8\" preserveAspectRatio=\"none\" width=\"100%\" height=\"100%\">\r\n\t<path fill=\"currentColor\" d=\"M64 8 L0 8 L0 0 L20 7.9 L40 3 L48 5 L64 0 Z\"\/>\r\n<\/svg><\/div><div class=\"l-section-shape type_zigzag pos_bottom\" style=\"height:3vmin;\"><svg xmlns=\"http:\/\/www.w3.org\/2000\/svg\" viewBox=\"0 0 64 8\" preserveAspectRatio=\"none\" width=\"100%\" height=\"100%\">\r\n\t<path fill=\"currentColor\" d=\"M64 8 L0 8 L0 0 L20 7.9 L40 3 L48 5 L64 0 Z\"\/>\r\n<\/svg><\/div><div class=\"l-section-h i-cf\"><div class=\"g-cols vc_row via_flex valign_top type_default stacking_default\"><div class=\"vc_col-sm-12 wpb_column vc_column_container\"><div class=\"vc_column-inner\"><div class=\"wpb_wrapper\"><div class=\"wpb_text_column\"><div class=\"wpb_wrapper\"><h2>\u00ab Dame el B\u00facaro \u00bb : art contemporain et flamenco autour du festival<\/h2>\n<p>L\u2019une des nouveaut\u00e9s les plus int\u00e9ressantes de la 43e \u00e9dition est <strong>\u00ab Dame el B\u00facaro \u00bb<\/strong>, un projet lanc\u00e9 par la mairie de La Rinconada en collaboration avec la Pe\u00f1a Cultural Flamenca El B\u00facaro. L\u2019initiative a r\u00e9uni <strong>50 artistes contemporains<\/strong> charg\u00e9s d\u2019intervenir sur cinquante b\u00facaros en argile blanche en s\u2019inspirant de l\u2019univers des paroles flamencas.<\/p>\n<p>Le r\u00e9sultat est pr\u00e9sent\u00e9 sous forme d\u2019exposition \u00e0 la <strong>Hacienda Santa Cruz<\/strong> et peut \u00eatre visit\u00e9 <strong>jusqu\u2019au 20 septembre 2026<\/strong>. La proposition relie trois langages rarement r\u00e9unis dans un festival de chant : la tradition mat\u00e9rielle du b\u00facaro, la litt\u00e9rature des couplets flamencos et la cr\u00e9ation visuelle contemporaine.<\/p>\n<p>L\u2019\u0153uvre gagnante de la premi\u00e8re \u00e9dition du projet est <strong>\u00ab Ojos Verdes \u00bb<\/strong>, de l\u2019artiste de Mor\u00f3n <strong>Marina Ortiz<\/strong>. Cette pi\u00e8ce est devenue l\u2019<strong>image officielle de l\u2019affiche du 43e Festival<\/strong>. De plus, les douze \u0153uvres les mieux not\u00e9es ont \u00e9t\u00e9 associ\u00e9es aux douze artistes annonc\u00e9s sur l\u2019affiche, cr\u00e9ant ainsi une collection visuelle sp\u00e9cifique \u00e0 cette \u00e9dition.<\/p>\n<p>Si vous vous rendez sp\u00e9cialement \u00e0 El B\u00facaro, il vaut la peine de v\u00e9rifier les horaires de l\u2019exposition et d\u2019envisager la visite comme quelque chose de plus qu\u2019une seule soir\u00e9e de chant flamenco.<\/p>\n<\/div><\/div><\/div><\/div><\/div><\/div><\/div><\/section><section class=\"l-section wpb_row height_huge\"><div class=\"l-section-h i-cf\"><div class=\"g-cols vc_row via_flex valign_top type_default stacking_default\"><div class=\"vc_col-sm-6 wpb_column vc_column_container\"><div class=\"vc_column-inner\"><div class=\"wpb_wrapper\"><div class=\"wpb_text_column\"><div class=\"wpb_wrapper\"><h2>Un festival de pe\u00f1a avec 43 \u00e9ditions de continuit\u00e9<\/h2>\n<p>Le Festival de Cante Flamenco El B\u00facaro est organis\u00e9 par la <strong>Pe\u00f1a Cultural Flamenca El B\u00facaro<\/strong> avec la collaboration de la mairie de La Rinconada. Atteindre la 43e \u00e9dition place ce rendez-vous parmi les festivals \u00e9tablis de la province de S\u00e9ville et montre le r\u00f4le que les pe\u00f1as continuent de jouer dans le maintien de circuits stables pour le chant flamenco.<\/p>\n<p>La philosophie revendiqu\u00e9e par l\u2019organisation repose sur trois \u00e9l\u00e9ments : <strong>qualit\u00e9 artistique, d\u00e9fense du flamenco et transmission aux nouvelles g\u00e9n\u00e9rations<\/strong>. L\u2019affiche 2026 illustre bien cette id\u00e9e en r\u00e9unissant une figure de r\u00e9f\u00e9rence comme El Pele, des artistes d\u2019origines et de g\u00e9n\u00e9rations diff\u00e9rentes, une repr\u00e9sentation locale et une section de guitare particuli\u00e8rement soign\u00e9e.<\/p>\n<p>Le festival rappelle \u00e9galement qu\u2019une grande partie de l\u2019activit\u00e9 flamenca andalouse se d\u00e9roule en dehors des grands th\u00e9\u00e2tres. Les pe\u00f1as, festivals locaux et cycles provinciaux forment un r\u00e9seau essentiel pour maintenir le contact direct entre aficionados et artistes.<\/p>\n<p>Sur Tablaos Flamencos, nous suivons \u00e9galement le <a href=\"https:\/\/www.tablaosflamencos.com\/circuito-andaluz-penas-flamencas-2026.html\">Circuito Andaluz de Pe\u00f1as 2026<\/a>, qui r\u00e9unit cette ann\u00e9e 225 r\u00e9citals gratuits dans toute l\u2019Andalousie.<\/p>\n<\/div><\/div><\/div><\/div><\/div><div class=\"vc_col-sm-6 wpb_column vc_column_container\"><div class=\"vc_column-inner\"><div class=\"wpb_wrapper\"><div class=\"wpb_text_column\"><div class=\"wpb_wrapper\"><h2>El B\u00facaro et la Biennale de Flamenco : deux options le 18 septembre<\/h2>\n<p>La date ajoute un attrait particulier pour les personnes pr\u00e9sentes \u00e0 S\u00e9ville en septembre : <strong>El B\u00facaro se d\u00e9roule en pleine 24e Biennale de Flamenco de S\u00e9ville<\/strong>. Le 18 septembre tombe pendant l\u2019une des semaines les plus intenses du programme de la capitale, ce qui fait de la soir\u00e9e de La Rinconada une alternative ou un compl\u00e9ment pour les aficionados qui souhaitent sortir du centre de S\u00e9ville et d\u00e9couvrir une autre ambiance flamenca.<\/p>\n<p>Les deux exp\u00e9riences ne sont pas \u00e9quivalentes. La Biennale propose de grandes productions sc\u00e9niques, des cr\u00e9ations et des th\u00e9\u00e2tres de formats vari\u00e9s. El B\u00facaro suit la logique d\u2019un festival de pe\u00f1a : une longue soir\u00e9e, une affiche collective, une place centrale accord\u00e9e au chant et \u00e0 la guitare et un contact plus direct avec la tradition des festivals locaux.<\/p>\n<p>Si vous organisez ces journ\u00e9es, consultez notre guide <a href=\"https:\/\/www.tablaosflamencos.com\/que-ver-bienal-flamenco-sevilla-14-20-septiembre-2026.html\">Que voir \u00e0 la Biennale du 14 au 20 septembre 2026<\/a> pour comparer le programme dans la capitale.<\/p>\n<p>Nous avons \u00e9galement r\u00e9uni des propositions hors programme officiel dans <a href=\"https:\/\/www.tablaosflamencos.com\/flamenco-sevilla-bienal-2026-espectaculos-fuera-programacion-oficial.html\">Flamenco \u00e0 S\u00e9ville pendant la Biennale : o\u00f9 voir des spectacles en dehors de la programmation officielle<\/a>.<\/p>\n<\/div><\/div><\/div><\/div><\/div><\/div><\/div><\/section><section class=\"l-section wpb_row height_huge color_alternate with_shape\"><div class=\"l-section-shape type_zigzag pos_top hor_flip\" style=\"height:3vmin;\"><svg xmlns=\"http:\/\/www.w3.org\/2000\/svg\" viewBox=\"0 0 64 8\" preserveAspectRatio=\"none\" width=\"100%\" height=\"100%\">\r\n\t<path fill=\"currentColor\" d=\"M64 8 L0 8 L0 0 L20 7.9 L40 3 L48 5 L64 0 Z\"\/>\r\n<\/svg><\/div><div class=\"l-section-shape type_zigzag pos_bottom\" style=\"height:3vmin;\"><svg xmlns=\"http:\/\/www.w3.org\/2000\/svg\" viewBox=\"0 0 64 8\" preserveAspectRatio=\"none\" width=\"100%\" height=\"100%\">\r\n\t<path fill=\"currentColor\" d=\"M64 8 L0 8 L0 0 L20 7.9 L40 3 L48 5 L64 0 Z\"\/>\r\n<\/svg><\/div><div class=\"l-section-h i-cf\"><div class=\"g-cols vc_row via_flex valign_top type_default stacking_default\"><div class=\"vc_col-sm-12 wpb_column vc_column_container\"><div class=\"vc_column-inner\"><div class=\"wpb_wrapper\"><div class=\"wpb_text_column\"><div class=\"wpb_wrapper\"><h2>Notre recommandation pour profiter du Festival El B\u00facaro 2026<\/h2>\n<p>Si votre objectif principal est d\u2019\u00e9couter du chant flamenco, <strong>El B\u00facaro est l\u2019un des rendez-vous les plus int\u00e9ressants autour de S\u00e9ville le 18 septembre<\/strong>. L\u2019affiche suit une logique tr\u00e8s flamenca : cinq chanteurs aux profils diff\u00e9rents, quatre guitaristes d\u2019accompagnement, une guitare solo et une \u00e9quipe de palmas qui compl\u00e8tent la soir\u00e9e sans transformer le festival en une succession de grandes productions.<\/p>\n<p>Nous le recommandons particuli\u00e8rement aux visiteurs qui connaissent d\u00e9j\u00e0 le format du tablao ou du th\u00e9\u00e2tre et qui souhaitent vivre l\u2019atmosph\u00e8re d\u2019un festival provincial traditionnel. C\u2019est \u00e9galement un excellent choix pour les amateurs de guitare, gr\u00e2ce \u00e0 Antonio Carri\u00f3n, Manuel Herrera, Ni\u00f1o Seve, Juan Quir\u00f3s et Manuel Herrera Hijo.<\/p>\n<p>Trois conseils pratiques peuvent faire la diff\u00e9rence :<\/p>\n<ul>\n<li><strong>Achetez votre billet avant le 18<\/strong> si vous avez la possibilit\u00e9 de passer par le Centro Cultural de La Villa.<\/li>\n<li><strong>Planifiez votre retour avant de quitter S\u00e9ville<\/strong> si vous utilisez les transports publics.<\/li>\n<li><strong>Arrivez suffisamment t\u00f4t<\/strong> et v\u00e9rifiez les horaires de \u00ab Dame el B\u00facaro \u00bb si vous souhaitez ajouter l\u2019exposition \u00e0 votre visite.<\/li>\n<\/ul>\n<p>Si vous n\u2019obtenez pas de billet, si vous pr\u00e9f\u00e9rez rester \u00e0 S\u00e9ville ou si vous souhaitez compl\u00e9ter votre s\u00e9jour par une autre soir\u00e9e flamenca, vous pouvez comparer les spectacles de tablao disponibles dans la ville.<\/p>\n<\/div><\/div><div class=\"w-separator size_medium\"><\/div><div class=\"w-hwrapper valign_top wrap stack_on_mobiles align_center\" style=\"--hwrapper-gap:1.2rem\"><div class=\"w-btn-wrapper align_none\"><a class=\"w-btn us-btn-style_1\" href=\"https:\/\/www.tablaosflamencos.com\/fr\/flamenco-a-seville\"><span class=\"w-btn-label\">Voir les spectacles de flamenco \u00e0 S\u00e9ville<\/span><\/a><\/div><\/div><\/div><\/div><\/div><\/div><\/div><\/section><section class=\"l-section wpb_row height_huge\"><div class=\"l-section-h i-cf\"><div class=\"g-cols vc_row via_flex valign_top type_default stacking_default\"><div class=\"vc_col-sm-1\/5 wpb_column vc_column_container\"><div class=\"vc_column-inner\"><div class=\"wpb_wrapper\"><\/div><\/div><\/div><div class=\"vc_col-sm-3\/5 wpb_column vc_column_container\"><div class=\"vc_column-inner\"><div class=\"wpb_wrapper\"><div class=\"wpb_text_column\"><div class=\"wpb_wrapper\"><h2>Questions fr\u00e9quentes sur le Festival El B\u00facaro 2026<\/h2>\n<\/div><\/div><div class=\"w-separator size_medium\"><\/div><div class=\"w-tabs accordion toggle_style_1 has_scrolling\" style=\"--sections-title-size:inherit;--sections-gap:0.5rem;\"><div class=\"w-tabs-sections titles-align_none icon_plus cpos_left\"><div class=\"w-tabs-section\" id=\"p1d2\" itemscope itemprop=\"mainEntity\" itemtype=\"https:\/\/schema.org\/Question\"><button type=\"button\" class=\"w-tabs-section-header\" aria-controls=\"content-p1d2\" aria-expanded=\"false\"><h3 class=\"w-tabs-section-title\" itemprop=\"name\">Quand a lieu le Festival El B\u00facaro 2026 ?<\/h3><div class=\"w-tabs-section-control\"><\/div><\/button><div  class=\"w-tabs-section-content\" id=\"content-p1d2\" itemscope itemprop=\"acceptedAnswer\" itemtype=\"https:\/\/schema.org\/Answer\"><div class=\"w-tabs-section-content-h i-cf\" itemprop=\"text\"><div class=\"wpb_text_column\"><div class=\"wpb_wrapper\"><p>Le 43e Festival de Cante Flamenco El B\u00facaro a lieu le vendredi 18 septembre 2026. La soir\u00e9e commence \u00e0 22 h 00.<\/p>\n<\/div><\/div><\/div><\/div><\/div><div class=\"w-tabs-section\" id=\"s359\" itemscope itemprop=\"mainEntity\" itemtype=\"https:\/\/schema.org\/Question\"><button type=\"button\" class=\"w-tabs-section-header\" aria-controls=\"content-s359\" aria-expanded=\"false\"><h3 class=\"w-tabs-section-title\" itemprop=\"name\">O\u00f9 a lieu El B\u00facaro 2026 ?<\/h3><div class=\"w-tabs-section-control\"><\/div><\/button><div  class=\"w-tabs-section-content\" id=\"content-s359\" itemscope itemprop=\"acceptedAnswer\" itemtype=\"https:\/\/schema.org\/Answer\"><div class=\"w-tabs-section-content-h i-cf\" itemprop=\"text\"><div class=\"wpb_text_column\"><div class=\"wpb_wrapper\"><p>Le festival a lieu \u00e0 la Hacienda Santa Cruz, Carretera de la Estaci\u00f3n, 2, \u00e0 San Jos\u00e9 de La Rinconada, commune de La Rinconada, S\u00e9ville.<\/p>\n<\/div><\/div><\/div><\/div><\/div><div class=\"w-tabs-section\" id=\"z4b2\" itemscope itemprop=\"mainEntity\" itemtype=\"https:\/\/schema.org\/Question\"><button type=\"button\" class=\"w-tabs-section-header\" aria-controls=\"content-z4b2\" aria-expanded=\"false\"><h3 class=\"w-tabs-section-title\" itemprop=\"name\">Qui se produit au Festival El B\u00facaro 2026 ?<\/h3><div class=\"w-tabs-section-control\"><\/div><\/button><div  class=\"w-tabs-section-content\" id=\"content-z4b2\" itemscope itemprop=\"acceptedAnswer\" itemtype=\"https:\/\/schema.org\/Answer\"><div class=\"w-tabs-section-content-h i-cf\" itemprop=\"text\"><div class=\"wpb_text_column\"><div class=\"wpb_wrapper\"><p>Au chant sont annonc\u00e9s El Pele, Consuelo Hald\u00f3n, Rubito Hijo, Caracolillo de C\u00e1diz et Fernando El Goyo. \u00c0 la guitare participent Antonio Carri\u00f3n, Ni\u00f1o Seve, Manuel Herrera et Juan Quir\u00f3s. Manuel Herrera Hijo intervient en guitare solo et Concha Carri\u00f3n et \u00c1ngel Pe\u00f1a sont aux palmas.<\/p>\n<\/div><\/div><\/div><\/div><\/div><div class=\"w-tabs-section\" id=\"s606\" itemscope itemprop=\"mainEntity\" itemtype=\"https:\/\/schema.org\/Question\"><button type=\"button\" class=\"w-tabs-section-header\" aria-controls=\"content-s606\" aria-expanded=\"false\"><h3 class=\"w-tabs-section-title\" itemprop=\"name\">Combien co\u00fbtent les billets d\u2019El B\u00facaro 2026 ?<\/h3><div class=\"w-tabs-section-control\"><\/div><\/button><div  class=\"w-tabs-section-content\" id=\"content-s606\" itemscope itemprop=\"acceptedAnswer\" itemtype=\"https:\/\/schema.org\/Answer\"><div class=\"w-tabs-section-content-h i-cf\" itemprop=\"text\"><div class=\"wpb_text_column\"><div class=\"wpb_wrapper\"><p>Le billet co\u00fbte 10 euros. La pr\u00e9vente se fait au Centro Cultural de La Villa, de 10 h 00 \u00e0 13 h 00.<\/p>\n<\/div><\/div><\/div><\/div><\/div><div class=\"w-tabs-section\" id=\"p75d\" itemscope itemprop=\"mainEntity\" itemtype=\"https:\/\/schema.org\/Question\"><button type=\"button\" class=\"w-tabs-section-header\" aria-controls=\"content-p75d\" aria-expanded=\"false\"><h3 class=\"w-tabs-section-title\" itemprop=\"name\">Peut-on acheter des billets le jour m\u00eame du festival ?<\/h3><div class=\"w-tabs-section-control\"><\/div><\/button><div  class=\"w-tabs-section-content\" id=\"content-p75d\" itemscope itemprop=\"acceptedAnswer\" itemtype=\"https:\/\/schema.org\/Answer\"><div class=\"w-tabs-section-content-h i-cf\" itemprop=\"text\"><div class=\"wpb_text_column\"><div class=\"wpb_wrapper\"><p>Oui, s\u2019il reste des places. La billetterie de la Hacienda Santa Cruz ouvre une heure avant le d\u00e9but, \u00e0 partir de 21 h 00. Il est donc recommand\u00e9 d\u2019acheter \u00e0 l\u2019avance lorsque cela est possible.<\/p>\n<\/div><\/div><\/div><\/div><\/div><div class=\"w-tabs-section\" id=\"q8a7\" itemscope itemprop=\"mainEntity\" itemtype=\"https:\/\/schema.org\/Question\"><button type=\"button\" class=\"w-tabs-section-header\" aria-controls=\"content-q8a7\" aria-expanded=\"false\"><h3 class=\"w-tabs-section-title\" itemprop=\"name\">Existe-t-il un horaire de passage pour chaque artiste ?<\/h3><div class=\"w-tabs-section-control\"><\/div><\/button><div  class=\"w-tabs-section-content\" id=\"content-q8a7\" itemscope itemprop=\"acceptedAnswer\" itemtype=\"https:\/\/schema.org\/Answer\"><div class=\"w-tabs-section-content-h i-cf\" itemprop=\"text\"><div class=\"wpb_text_column\"><div class=\"wpb_wrapper\"><p>Aucun horaire individuel n\u2019a \u00e9t\u00e9 publi\u00e9 pour chaque artiste. Le programme officiel annonce un d\u00e9but g\u00e9n\u00e9ral \u00e0 22 h 00 et pr\u00e9sente l\u2019affiche compl\u00e8te de la soir\u00e9e sans d\u00e9tailler un ordre de passage par heure.<\/p>\n<\/div><\/div><\/div><\/div><\/div><div class=\"w-tabs-section\" id=\"ha00\" itemscope itemprop=\"mainEntity\" itemtype=\"https:\/\/schema.org\/Question\"><button type=\"button\" class=\"w-tabs-section-header\" aria-controls=\"content-ha00\" aria-expanded=\"false\"><h3 class=\"w-tabs-section-title\" itemprop=\"name\">Qu\u2019est-ce que Dame el B\u00facaro ?<\/h3><div class=\"w-tabs-section-control\"><\/div><\/button><div  class=\"w-tabs-section-content\" id=\"content-ha00\" itemscope itemprop=\"acceptedAnswer\" itemtype=\"https:\/\/schema.org\/Answer\"><div class=\"w-tabs-section-content-h i-cf\" itemprop=\"text\"><div class=\"wpb_text_column\"><div class=\"wpb_wrapper\"><p>Il s\u2019agit d\u2019un projet artistique li\u00e9 \u00e0 la 43e \u00e9dition du festival qui r\u00e9unit 50 b\u00facaros en argile transform\u00e9s par 50 artistes contemporains \u00e0 partir de paroles flamencas. Selon les informations municipales, l\u2019exposition est visible \u00e0 la Hacienda Santa Cruz jusqu\u2019au 20 septembre 2026.<\/p>\n<\/div><\/div><\/div><\/div><\/div><div class=\"w-tabs-section\" id=\"fb28\" itemscope itemprop=\"mainEntity\" itemtype=\"https:\/\/schema.org\/Question\"><button type=\"button\" class=\"w-tabs-section-header\" aria-controls=\"content-fb28\" aria-expanded=\"false\"><h3 class=\"w-tabs-section-title\" itemprop=\"name\">Peut-on venir de S\u00e9ville en transports publics ?<\/h3><div class=\"w-tabs-section-control\"><\/div><\/button><div  class=\"w-tabs-section-content\" id=\"content-fb28\" itemscope itemprop=\"acceptedAnswer\" itemtype=\"https:\/\/schema.org\/Answer\"><div class=\"w-tabs-section-content-h i-cf\" itemprop=\"text\"><div class=\"wpb_text_column\"><div class=\"wpb_wrapper\"><p>Oui. San Jos\u00e9 de La Rinconada est desservie par le Cercan\u00edas sur la ligne S\u00e9ville\u2013Lora del R\u00edo et par des bus m\u00e9tropolitains. Comme le festival commence \u00e0 22 h 00 et peut se terminer tard, il est particuli\u00e8rement important de v\u00e9rifier les derniers services de retour du 18 septembre.<\/p>\n<\/div><\/div><\/div><\/div><\/div><\/div><\/div><\/div><\/div><\/div><div class=\"vc_col-sm-1\/5 wpb_column vc_column_container\"><div class=\"vc_column-inner\"><div class=\"wpb_wrapper\"><\/div><\/div><\/div><\/div><\/div><\/section><section class=\"l-section wpb_row height_huge color_alternate with_shape\"><div class=\"l-section-shape type_zigzag pos_top hor_flip\" style=\"height:3vmin;\"><svg xmlns=\"http:\/\/www.w3.org\/2000\/svg\" viewBox=\"0 0 64 8\" preserveAspectRatio=\"none\" width=\"100%\" height=\"100%\">\r\n\t<path fill=\"currentColor\" d=\"M64 8 L0 8 L0 0 L20 7.9 L40 3 L48 5 L64 0 Z\"\/>\r\n<\/svg><\/div><div class=\"l-section-shape type_zigzag pos_bottom\" style=\"height:3vmin;\"><svg xmlns=\"http:\/\/www.w3.org\/2000\/svg\" viewBox=\"0 0 64 8\" preserveAspectRatio=\"none\" width=\"100%\" height=\"100%\">\r\n\t<path fill=\"currentColor\" d=\"M64 8 L0 8 L0 0 L20 7.9 L40 3 L48 5 L64 0 Z\"\/>\r\n<\/svg><\/div><div class=\"l-section-h i-cf\"><div class=\"g-cols vc_row via_flex valign_top type_default stacking_default\"><div class=\"vc_col-sm-12 wpb_column vc_column_container\"><div class=\"vc_column-inner\"><div class=\"wpb_wrapper\"><div class=\"wpb_text_column\"><div class=\"wpb_wrapper\"><h2>Sources et mise \u00e0 jour<\/h2>\n<p>Pour pr\u00e9parer ce guide, nous avons recoup\u00e9 les informations municipales et touristiques disponibles sur l\u2019\u00e9dition 2026 en donnant la priorit\u00e9 aux sources officielles.<\/p>\n<ul>\n<li><a href=\"https:\/\/www.larinconada.es\/es\/noticias\/15493\/el-xliii-festival-de-cante-flamenco-el-bucaro-convierte-a-la-rinconada-en-referente-del-arte-jondo\" target=\"_blank\" rel=\"noopener\">Mairie de La Rinconada \u2014 pr\u00e9sentation officielle du 43e Festival El B\u00facaro<\/a>.<\/li>\n<li><a href=\"https:\/\/www.larinconada.es\/es\/noticias\/15541\/50-bucaros-intervenidos-por-medio-centenar-de-artistas-se-reunen-en-una-exposicion-en-la-hacienda-santa-cruz\" target=\"_blank\" rel=\"noopener\">Mairie de La Rinconada \u2014 exposition \u00ab Dame el B\u00facaro \u00bb<\/a>.<\/li>\n<li><a href=\"https:\/\/www.turismosevilla.org\/es\/eventos-y-fiestas\/xliii-festival-flamenco-el-bucaro\" target=\"_blank\" rel=\"noopener\">Tourisme de la Province de S\u00e9ville \u2014 43e Festival Flamenco El B\u00facaro<\/a>.<\/li>\n<li><a href=\"https:\/\/www.juntadeandalucia.es\/cultura\/agendaculturaldeandalucia\/espacios\/hacienda-santa-cruz-san-jose-de-la-rinconada\" target=\"_blank\" rel=\"noopener\">Agenda Culturelle d\u2019Andalousie \u2014 Hacienda Santa Cruz<\/a>.<\/li>\n<\/ul>\n<p><small>Informations v\u00e9rifi\u00e9es le 5 septembre 2026. La disponibilit\u00e9 des billets, les horaires, l\u2019ordre des prestations et les conditions d\u2019acc\u00e8s peuvent changer. Consultez toujours les canaux officiels avant de vous d\u00e9placer.<\/small><\/p>\n<\/div><\/div><\/div><\/div><\/div><\/div><\/div><\/section>\n","protected":false},"excerpt":{"rendered":"<p>Guide du Festival El B\u00facaro 2026 \u00e0 La Rinconada : date, horaire, artistes, billets, programme, Hacienda Santa Cruz, acc\u00e8s depuis S\u00e9ville et exposition Dame el B\u00facaro.<\/p>\n","protected":false},"author":1,"featured_media":14943,"comment_status":"closed","ping_status":"closed","sticky":false,"template":"","format":"standard","meta":{"_acf_changed":false,"wpai_generated_summary":"","_ayudawp_aiss_exclude":false,"_ayudawp_aiss_exclude_summary":false,"_ayudawp_aiss_summary":"","_ayudawp_aiss_summary_provider":"","_ayudawp_aiss_summary_hash":"","footnotes":""},"categories":[1668],"tags":[1724,1391,1241,1155,1943],"class_list":["post-15013","post","type-post","status-publish","format-standard","has-post-thumbnail","hentry","category-festivals-flamenco","tag-artistes-flamenco","tag-chant-flamenco","tag-festivales-flamencos","tag-flamenco-en-sevilla","tag-penas-flamencas-fr"],"acf":[],"yoast_head":"<!-- This site is optimized with the Yoast SEO Premium plugin v28.4 (Yoast SEO v28.4) - https:\/\/yoast.com\/product\/yoast-seo-premium-wordpress\/ -->\n<title>Festival El B\u00facaro 2026 : programme, artistes et billets<\/title>\n<meta name=\"description\" content=\"Festival El B\u00facaro 2026 \u00e0 La Rinconada : date, horaire, affiche compl\u00e8te, billets \u00e0 10 \u20ac, Hacienda Santa Cruz, acc\u00e8s et Dame el B\u00facaro.\" \/>\n<meta name=\"robots\" content=\"index, follow, max-snippet:-1, max-image-preview:large, max-video-preview:-1\" \/>\n<link rel=\"canonical\" href=\"https:\/\/www.tablaosflamencos.com\/fr\/festival-el-bucaro-2026-programme-artistes-date-billets.html\" \/>\n<meta property=\"og:locale\" content=\"fr_FR\" \/>\n<meta property=\"og:type\" content=\"article\" \/>\n<meta property=\"og:title\" content=\"Festival El B\u00facaro 2026 : programme, artistes, date et tout ce qu\u2019il faut savoir\" \/>\n<meta property=\"og:description\" content=\"Festival El B\u00facaro 2026 \u00e0 La Rinconada : date, horaire, affiche compl\u00e8te, billets \u00e0 10 \u20ac, Hacienda Santa Cruz, acc\u00e8s et Dame el B\u00facaro.\" \/>\n<meta property=\"og:url\" content=\"https:\/\/www.tablaosflamencos.com\/fr\/festival-el-bucaro-2026-programme-artistes-date-billets.html\" \/>\n<meta property=\"og:site_name\" content=\"Tablaos Flamencos\" \/>\n<meta property=\"article:publisher\" content=\"https:\/\/www.facebook.com\/tablaosflamencos\" \/>\n<meta property=\"article:published_time\" content=\"2026-09-06T14:15:05+00:00\" \/>\n<meta property=\"article:modified_time\" content=\"2026-09-06T17:43:08+00:00\" \/>\n<meta property=\"og:image\" content=\"https:\/\/www.tablaosflamencos.com\/wp-content\/uploads\/festival-el-bucaro-2026-programa-artistas-fecha-y-todo-lo-que-necesitas-saber-01.webp\" \/>\n\t<meta property=\"og:image:width\" content=\"1536\" \/>\n\t<meta property=\"og:image:height\" content=\"1024\" \/>\n\t<meta property=\"og:image:type\" content=\"image\/webp\" \/>\n<meta name=\"author\" content=\"Miguel Ortiz\" \/>\n<meta name=\"twitter:card\" content=\"summary_large_image\" \/>\n<meta name=\"twitter:creator\" content=\"@tablaosflamenco\" \/>\n<meta name=\"twitter:site\" content=\"@tablaosflamenco\" \/>\n<meta name=\"twitter:label1\" content=\"\u00c9crit par\" \/>\n\t<meta name=\"twitter:data1\" content=\"Miguel Ortiz\" \/>\n\t<meta name=\"twitter:label2\" content=\"Dur\u00e9e de lecture estim\u00e9e\" \/>\n\t<meta name=\"twitter:data2\" content=\"17 minutes\" \/>\n<script type=\"application\/ld+json\" class=\"yoast-schema-graph\">{\"@context\":\"https:\\\/\\\/schema.org\",\"@graph\":[{\"@type\":\"Article\",\"@id\":\"https:\\\/\\\/www.tablaosflamencos.com\\\/fr\\\/festival-el-bucaro-2026-programme-artistes-date-billets.html#article\",\"isPartOf\":{\"@id\":\"https:\\\/\\\/www.tablaosflamencos.com\\\/fr\\\/festival-el-bucaro-2026-programme-artistes-date-billets.html\"},\"author\":{\"name\":\"Miguel Ortiz\",\"@id\":\"https:\\\/\\\/www.tablaosflamencos.com\\\/fr#\\\/schema\\\/person\\\/e7a9ebe14eb75a52ceabfbffb3c54f5d\"},\"headline\":\"Festival El B\u00facaro 2026 : programme, artistes, date et tout ce qu\u2019il faut savoir\",\"datePublished\":\"2026-09-06T14:15:05+00:00\",\"dateModified\":\"2026-09-06T17:43:08+00:00\",\"mainEntityOfPage\":{\"@id\":\"https:\\\/\\\/www.tablaosflamencos.com\\\/fr\\\/festival-el-bucaro-2026-programme-artistes-date-billets.html\"},\"wordCount\":3480,\"publisher\":{\"@id\":\"https:\\\/\\\/www.tablaosflamencos.com\\\/fr#organization\"},\"image\":{\"@id\":\"https:\\\/\\\/www.tablaosflamencos.com\\\/fr\\\/festival-el-bucaro-2026-programme-artistes-date-billets.html#primaryimage\"},\"thumbnailUrl\":\"https:\\\/\\\/www.tablaosflamencos.com\\\/wp-content\\\/uploads\\\/festival-el-bucaro-2026-programa-artistas-fecha-y-todo-lo-que-necesitas-saber-01.webp\",\"keywords\":[\"artistes flamenco\",\"chant flamenco\",\"festivales flamencos\",\"flamenco en Sevilla\",\"pe\u00f1as flamencas\"],\"articleSection\":[\"Festivals de flamenco\"],\"inLanguage\":\"fr-FR\"},{\"@type\":\"WebPage\",\"@id\":\"https:\\\/\\\/www.tablaosflamencos.com\\\/fr\\\/festival-el-bucaro-2026-programme-artistes-date-billets.html\",\"url\":\"https:\\\/\\\/www.tablaosflamencos.com\\\/fr\\\/festival-el-bucaro-2026-programme-artistes-date-billets.html\",\"name\":\"Festival El B\u00facaro 2026 : programme, artistes et billets\",\"isPartOf\":{\"@id\":\"https:\\\/\\\/www.tablaosflamencos.com\\\/fr#website\"},\"primaryImageOfPage\":{\"@id\":\"https:\\\/\\\/www.tablaosflamencos.com\\\/fr\\\/festival-el-bucaro-2026-programme-artistes-date-billets.html#primaryimage\"},\"image\":{\"@id\":\"https:\\\/\\\/www.tablaosflamencos.com\\\/fr\\\/festival-el-bucaro-2026-programme-artistes-date-billets.html#primaryimage\"},\"thumbnailUrl\":\"https:\\\/\\\/www.tablaosflamencos.com\\\/wp-content\\\/uploads\\\/festival-el-bucaro-2026-programa-artistas-fecha-y-todo-lo-que-necesitas-saber-01.webp\",\"datePublished\":\"2026-09-06T14:15:05+00:00\",\"dateModified\":\"2026-09-06T17:43:08+00:00\",\"description\":\"Festival El B\u00facaro 2026 \u00e0 La Rinconada : date, horaire, affiche compl\u00e8te, billets \u00e0 10 \u20ac, Hacienda Santa Cruz, acc\u00e8s et Dame el B\u00facaro.\",\"breadcrumb\":{\"@id\":\"https:\\\/\\\/www.tablaosflamencos.com\\\/fr\\\/festival-el-bucaro-2026-programme-artistes-date-billets.html#breadcrumb\"},\"inLanguage\":\"fr-FR\",\"potentialAction\":[{\"@type\":\"ReadAction\",\"target\":[\"https:\\\/\\\/www.tablaosflamencos.com\\\/fr\\\/festival-el-bucaro-2026-programme-artistes-date-billets.html\"]}]},{\"@type\":\"ImageObject\",\"inLanguage\":\"fr-FR\",\"@id\":\"https:\\\/\\\/www.tablaosflamencos.com\\\/fr\\\/festival-el-bucaro-2026-programme-artistes-date-billets.html#primaryimage\",\"url\":\"https:\\\/\\\/www.tablaosflamencos.com\\\/wp-content\\\/uploads\\\/festival-el-bucaro-2026-programa-artistas-fecha-y-todo-lo-que-necesitas-saber-01.webp\",\"contentUrl\":\"https:\\\/\\\/www.tablaosflamencos.com\\\/wp-content\\\/uploads\\\/festival-el-bucaro-2026-programa-artistas-fecha-y-todo-lo-que-necesitas-saber-01.webp\",\"width\":1536,\"height\":1024,\"caption\":\"Festival El B\u00facaro 2026: programa, artistas, fecha y todo lo que necesitas saber\"},{\"@type\":\"BreadcrumbList\",\"@id\":\"https:\\\/\\\/www.tablaosflamencos.com\\\/fr\\\/festival-el-bucaro-2026-programme-artistes-date-billets.html#breadcrumb\",\"itemListElement\":[{\"@type\":\"ListItem\",\"position\":1,\"name\":\"Home\",\"item\":\"https:\\\/\\\/www.tablaosflamencos.com\\\/fr\"},{\"@type\":\"ListItem\",\"position\":2,\"name\":\"Festival El B\u00facaro 2026 : programme, artistes, date et tout ce qu\u2019il faut savoir\"}]},{\"@type\":\"WebSite\",\"@id\":\"https:\\\/\\\/www.tablaosflamencos.com\\\/fr#website\",\"url\":\"https:\\\/\\\/www.tablaosflamencos.com\\\/fr\",\"name\":\"Tablaos Flamencos\",\"description\":\"Entradas para tablaos flamencos de Espa\u00f1a\",\"publisher\":{\"@id\":\"https:\\\/\\\/www.tablaosflamencos.com\\\/fr#organization\"},\"alternateName\":\"Tablaos Flamencos\",\"potentialAction\":[{\"@type\":\"SearchAction\",\"target\":{\"@type\":\"EntryPoint\",\"urlTemplate\":\"https:\\\/\\\/www.tablaosflamencos.com\\\/fr?s={search_term_string}\"},\"query-input\":{\"@type\":\"PropertyValueSpecification\",\"valueRequired\":true,\"valueName\":\"search_term_string\"}}],\"inLanguage\":\"fr-FR\"},{\"@type\":[\"Organization\",\"Place\",\"EntertainmentBusiness\"],\"@id\":\"https:\\\/\\\/www.tablaosflamencos.com\\\/fr#organization\",\"name\":\"Tablaos Flamencos\",\"alternateName\":\"Tablaos Flamencos\",\"url\":\"https:\\\/\\\/www.tablaosflamencos.com\\\/fr\",\"logo\":{\"@id\":\"https:\\\/\\\/www.tablaosflamencos.com\\\/fr\\\/festival-el-bucaro-2026-programme-artistes-date-billets.html#local-main-organization-logo\"},\"image\":{\"@id\":\"https:\\\/\\\/www.tablaosflamencos.com\\\/fr\\\/festival-el-bucaro-2026-programme-artistes-date-billets.html#local-main-organization-logo\"},\"sameAs\":[\"https:\\\/\\\/www.facebook.com\\\/tablaosflamencos\",\"https:\\\/\\\/x.com\\\/tablaosflamenco\",\"https:\\\/\\\/mastodon.social\\\/@tablaosflamencos\",\"https:\\\/\\\/www.instagram.com\\\/tablaosflamencos\",\"https:\\\/\\\/tiktok.com\\\/@tablaosflamencos\",\"https:\\\/\\\/www.linkedin.com\\\/company\\\/109408238\\\/\"],\"description\":\"Venta de entradas para espect\u00e1culos flamencos\",\"legalName\":\"Tablaos Flamencos\",\"foundingDate\":\"2015-01-01\",\"numberOfEmployees\":{\"@type\":\"QuantitativeValue\",\"minValue\":\"1\",\"maxValue\":\"10\"},\"address\":{\"@id\":\"https:\\\/\\\/www.tablaosflamencos.com\\\/fr\\\/festival-el-bucaro-2026-programme-artistes-date-billets.html#local-main-place-address\"},\"geo\":{\"@type\":\"GeoCoordinates\",\"latitude\":\"37.3868072\",\"longitude\":\"-5.993280299999999\"},\"telephone\":[\"+34623787787\"],\"contactPoint\":{\"@type\":\"ContactPoint\",\"telephone\":\"+34623787787\",\"email\":\"info@tablaosflamencos.com\"},\"openingHoursSpecification\":{\"@type\":\"OpeningHoursSpecification\",\"dayOfWeek\":[\"Monday\",\"Tuesday\",\"Wednesday\",\"Thursday\",\"Friday\",\"Saturday\",\"Sunday\"],\"opens\":\"00:00\",\"closes\":\"23:59\"},\"email\":\"info@tablaosflamencos.com\",\"priceRange\":\"$$$\",\"currenciesAccepted\":\"\u20ac\"},{\"@type\":\"Person\",\"@id\":\"https:\\\/\\\/www.tablaosflamencos.com\\\/fr#\\\/schema\\\/person\\\/e7a9ebe14eb75a52ceabfbffb3c54f5d\",\"name\":\"Miguel Ortiz\",\"description\":\"Miguel Ortiz es un empresario flamenco, con una s\u00f3lida trayectoria dentro del sector. Ha presidido entidades culturales vinculadas al flamenco y, cuenta con un amplio recorrido profesional en la gesti\u00f3n y promoci\u00f3n de espect\u00e1culos y tablaos flamencos. Su pasi\u00f3n por la historia y el arte flamenco se refleja en cada art\u00edculo, donde combina experiencia, criterio y un profundo respeto por la tradici\u00f3n.\",\"sameAs\":[\"https:\\\/\\\/www.tablaosflamencos.com\",\"https:\\\/\\\/www.instagra.com\\\/miguelortizfe\",\"https:\\\/\\\/www.linkedin.com\\\/in\\\/miguelortizf\\\/\"],\"birthDate\":\"1984-11-22\",\"gender\":\"hombre\",\"knowsLanguage\":[\"espa\u00f1ol\",\"ingl\u00e9s\"],\"jobTitle\":\"Empresario flamenco\"},{\"@type\":\"PostalAddress\",\"@id\":\"https:\\\/\\\/www.tablaosflamencos.com\\\/fr\\\/festival-el-bucaro-2026-programme-artistes-date-billets.html#local-main-place-address\",\"streetAddress\":\"C\\\/ Alemanes, 19\",\"addressLocality\":\"Sevilla\",\"postalCode\":\"41004\",\"addressRegion\":\"Sevilla\",\"addressCountry\":\"ES\"},{\"@type\":\"ImageObject\",\"inLanguage\":\"fr-FR\",\"@id\":\"https:\\\/\\\/www.tablaosflamencos.com\\\/fr\\\/festival-el-bucaro-2026-programme-artistes-date-billets.html#local-main-organization-logo\",\"url\":\"https:\\\/\\\/www.tablaosflamencos.com\\\/wp-content\\\/uploads\\\/tablaos-flamencos-06-3.webp\",\"contentUrl\":\"https:\\\/\\\/www.tablaosflamencos.com\\\/wp-content\\\/uploads\\\/tablaos-flamencos-06-3.webp\",\"width\":600,\"height\":620,\"caption\":\"Tablaos Flamencos\"}]}<\/script>\n<meta name=\"geo.placename\" content=\"Sevilla\" \/>\n<meta name=\"geo.position\" content=\"37.3868072;-5.993280299999999\" \/>\n<meta name=\"geo.region\" content=\"Espagne\" \/>\n<!-- \/ Yoast SEO Premium plugin. -->","yoast_head_json":{"title":"Festival El B\u00facaro 2026 : programme, artistes et billets","description":"Festival El B\u00facaro 2026 \u00e0 La Rinconada : date, horaire, affiche compl\u00e8te, billets \u00e0 10 \u20ac, Hacienda Santa Cruz, acc\u00e8s et Dame el B\u00facaro.","robots":{"index":"index","follow":"follow","max-snippet":"max-snippet:-1","max-image-preview":"max-image-preview:large","max-video-preview":"max-video-preview:-1"},"canonical":"https:\/\/www.tablaosflamencos.com\/fr\/festival-el-bucaro-2026-programme-artistes-date-billets.html","og_locale":"fr_FR","og_type":"article","og_title":"Festival El B\u00facaro 2026 : programme, artistes, date et tout ce qu\u2019il faut savoir","og_description":"Festival El B\u00facaro 2026 \u00e0 La Rinconada : date, horaire, affiche compl\u00e8te, billets \u00e0 10 \u20ac, Hacienda Santa Cruz, acc\u00e8s et Dame el B\u00facaro.","og_url":"https:\/\/www.tablaosflamencos.com\/fr\/festival-el-bucaro-2026-programme-artistes-date-billets.html","og_site_name":"Tablaos Flamencos","article_publisher":"https:\/\/www.facebook.com\/tablaosflamencos","article_published_time":"2026-09-06T14:15:05+00:00","article_modified_time":"2026-09-06T17:43:08+00:00","og_image":[{"width":1536,"height":1024,"url":"https:\/\/www.tablaosflamencos.com\/wp-content\/uploads\/festival-el-bucaro-2026-programa-artistas-fecha-y-todo-lo-que-necesitas-saber-01.webp","type":"image\/webp"}],"author":"Miguel Ortiz","twitter_card":"summary_large_image","twitter_creator":"@tablaosflamenco","twitter_site":"@tablaosflamenco","twitter_misc":{"\u00c9crit par":"Miguel Ortiz","Dur\u00e9e de lecture estim\u00e9e":"17 minutes"},"schema":{"@context":"https:\/\/schema.org","@graph":[{"@type":"Article","@id":"https:\/\/www.tablaosflamencos.com\/fr\/festival-el-bucaro-2026-programme-artistes-date-billets.html#article","isPartOf":{"@id":"https:\/\/www.tablaosflamencos.com\/fr\/festival-el-bucaro-2026-programme-artistes-date-billets.html"},"author":{"name":"Miguel Ortiz","@id":"https:\/\/www.tablaosflamencos.com\/fr#\/schema\/person\/e7a9ebe14eb75a52ceabfbffb3c54f5d"},"headline":"Festival El B\u00facaro 2026 : programme, artistes, date et tout ce qu\u2019il faut savoir","datePublished":"2026-09-06T14:15:05+00:00","dateModified":"2026-09-06T17:43:08+00:00","mainEntityOfPage":{"@id":"https:\/\/www.tablaosflamencos.com\/fr\/festival-el-bucaro-2026-programme-artistes-date-billets.html"},"wordCount":3480,"publisher":{"@id":"https:\/\/www.tablaosflamencos.com\/fr#organization"},"image":{"@id":"https:\/\/www.tablaosflamencos.com\/fr\/festival-el-bucaro-2026-programme-artistes-date-billets.html#primaryimage"},"thumbnailUrl":"https:\/\/www.tablaosflamencos.com\/wp-content\/uploads\/festival-el-bucaro-2026-programa-artistas-fecha-y-todo-lo-que-necesitas-saber-01.webp","keywords":["artistes flamenco","chant flamenco","festivales flamencos","flamenco en Sevilla","pe\u00f1as flamencas"],"articleSection":["Festivals de flamenco"],"inLanguage":"fr-FR"},{"@type":"WebPage","@id":"https:\/\/www.tablaosflamencos.com\/fr\/festival-el-bucaro-2026-programme-artistes-date-billets.html","url":"https:\/\/www.tablaosflamencos.com\/fr\/festival-el-bucaro-2026-programme-artistes-date-billets.html","name":"Festival El B\u00facaro 2026 : programme, artistes et billets","isPartOf":{"@id":"https:\/\/www.tablaosflamencos.com\/fr#website"},"primaryImageOfPage":{"@id":"https:\/\/www.tablaosflamencos.com\/fr\/festival-el-bucaro-2026-programme-artistes-date-billets.html#primaryimage"},"image":{"@id":"https:\/\/www.tablaosflamencos.com\/fr\/festival-el-bucaro-2026-programme-artistes-date-billets.html#primaryimage"},"thumbnailUrl":"https:\/\/www.tablaosflamencos.com\/wp-content\/uploads\/festival-el-bucaro-2026-programa-artistas-fecha-y-todo-lo-que-necesitas-saber-01.webp","datePublished":"2026-09-06T14:15:05+00:00","dateModified":"2026-09-06T17:43:08+00:00","description":"Festival El B\u00facaro 2026 \u00e0 La Rinconada : date, horaire, affiche compl\u00e8te, billets \u00e0 10 \u20ac, Hacienda Santa Cruz, acc\u00e8s et Dame el B\u00facaro.","breadcrumb":{"@id":"https:\/\/www.tablaosflamencos.com\/fr\/festival-el-bucaro-2026-programme-artistes-date-billets.html#breadcrumb"},"inLanguage":"fr-FR","potentialAction":[{"@type":"ReadAction","target":["https:\/\/www.tablaosflamencos.com\/fr\/festival-el-bucaro-2026-programme-artistes-date-billets.html"]}]},{"@type":"ImageObject","inLanguage":"fr-FR","@id":"https:\/\/www.tablaosflamencos.com\/fr\/festival-el-bucaro-2026-programme-artistes-date-billets.html#primaryimage","url":"https:\/\/www.tablaosflamencos.com\/wp-content\/uploads\/festival-el-bucaro-2026-programa-artistas-fecha-y-todo-lo-que-necesitas-saber-01.webp","contentUrl":"https:\/\/www.tablaosflamencos.com\/wp-content\/uploads\/festival-el-bucaro-2026-programa-artistas-fecha-y-todo-lo-que-necesitas-saber-01.webp","width":1536,"height":1024,"caption":"Festival El B\u00facaro 2026: programa, artistas, fecha y todo lo que necesitas saber"},{"@type":"BreadcrumbList","@id":"https:\/\/www.tablaosflamencos.com\/fr\/festival-el-bucaro-2026-programme-artistes-date-billets.html#breadcrumb","itemListElement":[{"@type":"ListItem","position":1,"name":"Home","item":"https:\/\/www.tablaosflamencos.com\/fr"},{"@type":"ListItem","position":2,"name":"Festival El B\u00facaro 2026 : programme, artistes, date et tout ce qu\u2019il faut savoir"}]},{"@type":"WebSite","@id":"https:\/\/www.tablaosflamencos.com\/fr#website","url":"https:\/\/www.tablaosflamencos.com\/fr","name":"Tablaos Flamencos","description":"Entradas para tablaos flamencos de Espa\u00f1a","publisher":{"@id":"https:\/\/www.tablaosflamencos.com\/fr#organization"},"alternateName":"Tablaos Flamencos","potentialAction":[{"@type":"SearchAction","target":{"@type":"EntryPoint","urlTemplate":"https:\/\/www.tablaosflamencos.com\/fr?s={search_term_string}"},"query-input":{"@type":"PropertyValueSpecification","valueRequired":true,"valueName":"search_term_string"}}],"inLanguage":"fr-FR"},{"@type":["Organization","Place","EntertainmentBusiness"],"@id":"https:\/\/www.tablaosflamencos.com\/fr#organization","name":"Tablaos Flamencos","alternateName":"Tablaos Flamencos","url":"https:\/\/www.tablaosflamencos.com\/fr","logo":{"@id":"https:\/\/www.tablaosflamencos.com\/fr\/festival-el-bucaro-2026-programme-artistes-date-billets.html#local-main-organization-logo"},"image":{"@id":"https:\/\/www.tablaosflamencos.com\/fr\/festival-el-bucaro-2026-programme-artistes-date-billets.html#local-main-organization-logo"},"sameAs":["https:\/\/www.facebook.com\/tablaosflamencos","https:\/\/x.com\/tablaosflamenco","https:\/\/mastodon.social\/@tablaosflamencos","https:\/\/www.instagram.com\/tablaosflamencos","https:\/\/tiktok.com\/@tablaosflamencos","https:\/\/www.linkedin.com\/company\/109408238\/"],"description":"Venta de entradas para espect\u00e1culos flamencos","legalName":"Tablaos Flamencos","foundingDate":"2015-01-01","numberOfEmployees":{"@type":"QuantitativeValue","minValue":"1","maxValue":"10"},"address":{"@id":"https:\/\/www.tablaosflamencos.com\/fr\/festival-el-bucaro-2026-programme-artistes-date-billets.html#local-main-place-address"},"geo":{"@type":"GeoCoordinates","latitude":"37.3868072","longitude":"-5.993280299999999"},"telephone":["+34623787787"],"contactPoint":{"@type":"ContactPoint","telephone":"+34623787787","email":"info@tablaosflamencos.com"},"openingHoursSpecification":{"@type":"OpeningHoursSpecification","dayOfWeek":["Monday","Tuesday","Wednesday","Thursday","Friday","Saturday","Sunday"],"opens":"00:00","closes":"23:59"},"email":"info@tablaosflamencos.com","priceRange":"$$$","currenciesAccepted":"\u20ac"},{"@type":"Person","@id":"https:\/\/www.tablaosflamencos.com\/fr#\/schema\/person\/e7a9ebe14eb75a52ceabfbffb3c54f5d","name":"Miguel Ortiz","description":"Miguel Ortiz es un empresario flamenco, con una s\u00f3lida trayectoria dentro del sector. Ha presidido entidades culturales vinculadas al flamenco y, cuenta con un amplio recorrido profesional en la gesti\u00f3n y promoci\u00f3n de espect\u00e1culos y tablaos flamencos. Su pasi\u00f3n por la historia y el arte flamenco se refleja en cada art\u00edculo, donde combina experiencia, criterio y un profundo respeto por la tradici\u00f3n.","sameAs":["https:\/\/www.tablaosflamencos.com","https:\/\/www.instagra.com\/miguelortizfe","https:\/\/www.linkedin.com\/in\/miguelortizf\/"],"birthDate":"1984-11-22","gender":"hombre","knowsLanguage":["espa\u00f1ol","ingl\u00e9s"],"jobTitle":"Empresario flamenco"},{"@type":"PostalAddress","@id":"https:\/\/www.tablaosflamencos.com\/fr\/festival-el-bucaro-2026-programme-artistes-date-billets.html#local-main-place-address","streetAddress":"C\/ Alemanes, 19","addressLocality":"Sevilla","postalCode":"41004","addressRegion":"Sevilla","addressCountry":"ES"},{"@type":"ImageObject","inLanguage":"fr-FR","@id":"https:\/\/www.tablaosflamencos.com\/fr\/festival-el-bucaro-2026-programme-artistes-date-billets.html#local-main-organization-logo","url":"https:\/\/www.tablaosflamencos.com\/wp-content\/uploads\/tablaos-flamencos-06-3.webp","contentUrl":"https:\/\/www.tablaosflamencos.com\/wp-content\/uploads\/tablaos-flamencos-06-3.webp","width":600,"height":620,"caption":"Tablaos Flamencos"}]},"geo.placename":"Sevilla","geo.position":{"lat":"37.3868072","long":"-5.993280299999999"},"geo.region":"Espagne"},"_links":{"self":[{"href":"https:\/\/www.tablaosflamencos.com\/fr\/wp-json\/wp\/v2\/posts\/15013","targetHints":{"allow":["GET"]}}],"collection":[{"href":"https:\/\/www.tablaosflamencos.com\/fr\/wp-json\/wp\/v2\/posts"}],"about":[{"href":"https:\/\/www.tablaosflamencos.com\/fr\/wp-json\/wp\/v2\/types\/post"}],"author":[{"embeddable":true,"href":"https:\/\/www.tablaosflamencos.com\/fr\/wp-json\/wp\/v2\/users\/1"}],"replies":[{"embeddable":true,"href":"https:\/\/www.tablaosflamencos.com\/fr\/wp-json\/wp\/v2\/comments?post=15013"}],"version-history":[{"count":2,"href":"https:\/\/www.tablaosflamencos.com\/fr\/wp-json\/wp\/v2\/posts\/15013\/revisions"}],"predecessor-version":[{"id":15164,"href":"https:\/\/www.tablaosflamencos.com\/fr\/wp-json\/wp\/v2\/posts\/15013\/revisions\/15164"}],"wp:featuredmedia":[{"embeddable":true,"href":"https:\/\/www.tablaosflamencos.com\/fr\/wp-json\/wp\/v2\/media\/14943"}],"wp:attachment":[{"href":"https:\/\/www.tablaosflamencos.com\/fr\/wp-json\/wp\/v2\/media?parent=15013"}],"wp:term":[{"taxonomy":"category","embeddable":true,"href":"https:\/\/www.tablaosflamencos.com\/fr\/wp-json\/wp\/v2\/categories?post=15013"},{"taxonomy":"post_tag","embeddable":true,"href":"https:\/\/www.tablaosflamencos.com\/fr\/wp-json\/wp\/v2\/tags?post=15013"}],"curies":[{"name":"wp","href":"https:\/\/api.w.org\/{rel}","templated":true}]}}