{"id":14847,"date":"2026-09-05T14:14:08","date_gmt":"2026-09-05T12:14:08","guid":{"rendered":"https:\/\/www.tablaosflamencos.com\/?p=14847"},"modified":"2026-09-05T14:27:52","modified_gmt":"2026-09-05T12:27:52","slug":"circuit-andalou-penas-seville-2026","status":"publish","type":"post","link":"https:\/\/www.tablaosflamencos.com\/fr\/circuit-andalou-penas-seville-2026.html","title":{"rendered":"Circuit andalou des pe\u00f1as \u00e0 S\u00e9ville 2026 : calendrier, artistes et r\u00e9citals gratuits"},"content":{"rendered":"<section class=\"l-section wpb_row height_huge\"><div class=\"l-section-h i-cf\"><div class=\"g-cols vc_row via_flex valign_middle type_default stacking_default\"><div class=\"vc_col-sm-6 wpb_column vc_column_container\"><div class=\"vc_column-inner\"><div class=\"wpb_wrapper\"><div class=\"wpb_text_column\"><div class=\"wpb_wrapper\"><h2>56 rendez-vous pour d\u00e9couvrir le flamenco des pe\u00f1as \u00e0 S\u00e9ville<\/h2>\n<p>Le <strong>Circuit andalou des pe\u00f1as \u00e0 S\u00e9ville 2026<\/strong> transforme la province en un grand itin\u00e9raire de r\u00e9citals gratuits. La programmation r\u00e9unit <strong>56 spectacles dans autant de pe\u00f1as de 41 communes<\/strong> : 53 rendez-vous de chant, deux de danse et un de guitare. Le cycle a d\u00e9but\u00e9 en juin et conna\u00eet sa p\u00e9riode la plus intense entre septembre et octobre.<\/p>\n<p>L\u2019\u00e9dition s\u00e9villane comm\u00e9more les <strong>50 ans de <em>Persecuci\u00f3n<\/em><\/strong>, l\u2019album de Juan Pe\u00f1a \u00ab El Lebrijano \u00bb publi\u00e9 en 1976 avec des textes de F\u00e9lix Grande. Cette d\u00e9dicace relie la programmation actuelle \u00e0 une \u0153uvre essentielle pour comprendre la m\u00e9moire, l\u2019identit\u00e9 et la force narrative du flamenco contemporain.<\/p>\n<p>Ce guide rassemble le calendrier d\u00e9taill\u00e9 publi\u00e9 pour septembre et octobre, les artistes, les pe\u00f1as organisatrices, les communes et les informations pratiques pour y assister. L\u2019entr\u00e9e est gratuite dans la limite des places disponibles, mais il est conseill\u00e9 de confirmer chaque rendez-vous avant de se d\u00e9placer.<\/p>\n<\/div><\/div><\/div><\/div><\/div><div class=\"vc_col-sm-6 wpb_column vc_column_container\"><div class=\"vc_column-inner\"><div class=\"wpb_wrapper\"><div class=\"w-image us_custom_c9d916e8 has_aspect_ratio align_center\"><div class=\"w-image-h\"><img fetchpriority=\"high\" decoding=\"async\" width=\"1024\" height=\"683\" src=\"https:\/\/www.tablaosflamencos.com\/wp-content\/uploads\/circuito-andaluz-de-penas-2026-225-recitales-de-flamenco-gratis-por-toda-andalucia-01-1-1024x683.webp\" class=\"attachment-large size-large\" alt=\"Circuito Andaluz de Pe\u00f1as en Sevilla 2026: calendario, artistas y recitales gratuitos\" loading=\"eager\" srcset=\"https:\/\/www.tablaosflamencos.com\/wp-content\/uploads\/circuito-andaluz-de-penas-2026-225-recitales-de-flamenco-gratis-por-toda-andalucia-01-1-1024x683.webp 1024w, https:\/\/www.tablaosflamencos.com\/wp-content\/uploads\/circuito-andaluz-de-penas-2026-225-recitales-de-flamenco-gratis-por-toda-andalucia-01-1-300x200.webp 300w, https:\/\/www.tablaosflamencos.com\/wp-content\/uploads\/circuito-andaluz-de-penas-2026-225-recitales-de-flamenco-gratis-por-toda-andalucia-01-1-600x400.webp 600w, https:\/\/www.tablaosflamencos.com\/wp-content\/uploads\/circuito-andaluz-de-penas-2026-225-recitales-de-flamenco-gratis-por-toda-andalucia-01-1-150x100.webp 150w, https:\/\/www.tablaosflamencos.com\/wp-content\/uploads\/circuito-andaluz-de-penas-2026-225-recitales-de-flamenco-gratis-por-toda-andalucia-01-1.webp 1536w\" sizes=\"auto, (max-width: 1024px) 100vw, 1024px\" \/><\/div><\/div><\/div><\/div><\/div><\/div><\/div><\/section><section class=\"l-section wpb_row height_huge\"><div class=\"l-section-h i-cf\"><div class=\"g-cols vc_row via_flex valign_middle type_default stacking_default\"><div class=\"vc_col-sm-12 wpb_column vc_column_container\"><div class=\"vc_column-inner\"><div class=\"wpb_wrapper\"><div class=\"w-image align_center\"><div class=\"w-image-h\"><img decoding=\"async\" width=\"819\" height=\"1024\" src=\"https:\/\/www.tablaosflamencos.com\/wp-content\/uploads\/circuito-andaluz-de-penas-en-sevilla-2026-calendario-artistas-y-recitales-gratuitos-01-1.webp\" class=\"attachment-large size-large\" alt=\"Circuito Andaluz de Pe\u00f1as en Sevilla 2026: calendario, artistas y recitales gratuitos\" loading=\"eager\" srcset=\"https:\/\/www.tablaosflamencos.com\/wp-content\/uploads\/circuito-andaluz-de-penas-en-sevilla-2026-calendario-artistas-y-recitales-gratuitos-01-1.webp 819w, https:\/\/www.tablaosflamencos.com\/wp-content\/uploads\/circuito-andaluz-de-penas-en-sevilla-2026-calendario-artistas-y-recitales-gratuitos-01-1-240x300.webp 240w, https:\/\/www.tablaosflamencos.com\/wp-content\/uploads\/circuito-andaluz-de-penas-en-sevilla-2026-calendario-artistas-y-recitales-gratuitos-01-1-480x600.webp 480w, https:\/\/www.tablaosflamencos.com\/wp-content\/uploads\/circuito-andaluz-de-penas-en-sevilla-2026-calendario-artistas-y-recitales-gratuitos-01-1-120x150.webp 120w\" sizes=\"auto, (max-width: 819px) 100vw, 819px\" \/><\/div><\/div><\/div><\/div><\/div><\/div><\/div><\/section><section class=\"l-section wpb_row height_huge color_alternate with_shape\"><div class=\"l-section-shape type_zigzag pos_top hor_flip\" style=\"height:3vmin;\"><svg xmlns=\"http:\/\/www.w3.org\/2000\/svg\" viewBox=\"0 0 64 8\" preserveAspectRatio=\"none\" width=\"100%\" height=\"100%\">\r\n\t<path fill=\"currentColor\" d=\"M64 8 L0 8 L0 0 L20 7.9 L40 3 L48 5 L64 0 Z\"\/>\r\n<\/svg><\/div><div class=\"l-section-shape type_zigzag pos_bottom\" style=\"height:3vmin;\"><svg xmlns=\"http:\/\/www.w3.org\/2000\/svg\" viewBox=\"0 0 64 8\" preserveAspectRatio=\"none\" width=\"100%\" height=\"100%\">\r\n\t<path fill=\"currentColor\" d=\"M64 8 L0 8 L0 0 L20 7.9 L40 3 L48 5 L64 0 Z\"\/>\r\n<\/svg><\/div><div class=\"l-section-h i-cf\"><div class=\"g-cols vc_row via_flex valign_middle type_default stacking_default\"><div class=\"vc_col-sm-6 wpb_column vc_column_container\"><div class=\"vc_column-inner\"><div class=\"wpb_wrapper\"><div class=\"wpb_text_column\"><div class=\"wpb_wrapper\"><h2>R\u00e9ponse rapide<\/h2>\n<p>Le circuit programme \u00e0 S\u00e9ville <strong>56 spectacles gratuits<\/strong> dans 41 communes : 53 r\u00e9citals de chant, deux spectacles de danse et un r\u00e9cital de guitare. Apr\u00e8s douze rendez-vous organis\u00e9s en juin, l\u2019agenda officiel d\u00e9taille 44 spectacles du 2 septembre au 31 octobre. L\u2019acc\u00e8s est gratuit dans la limite des places disponibles et l\u2019horaire doit \u00eatre v\u00e9rifi\u00e9 aupr\u00e8s de la pe\u00f1a avant de partir.<\/p>\n<\/div><\/div><\/div><\/div><\/div><div class=\"vc_col-sm-6 wpb_column vc_column_container\"><div class=\"vc_column-inner\"><div class=\"wpb_wrapper\"><div class=\"wpb_text_column\"><div class=\"wpb_wrapper\"><h3>Informations essentielles<\/h3>\n<ul>\n<li><strong>Total :<\/strong> 56 spectacles.<\/li>\n<li><strong>Communes :<\/strong> 41.<\/li>\n<li><strong>Disciplines :<\/strong> 53 chant, 2 danse et 1 guitare.<\/li>\n<li><strong>Prix :<\/strong> gratuit dans la limite des places disponibles.<\/li>\n<li><strong>Organisation :<\/strong> Institut andalou du flamenco et F\u00e9d\u00e9ration provinciale de S\u00e9ville des entit\u00e9s flamencas.<\/li>\n<\/ul>\n<\/div><\/div><\/div><\/div><\/div><\/div><\/div><\/section><section class=\"l-section wpb_row height_huge\"><div class=\"l-section-h i-cf\"><div class=\"g-cols vc_row via_flex valign_middle type_default stacking_default\"><div class=\"vc_col-sm-6 wpb_column vc_column_container\"><div class=\"vc_column-inner\"><div class=\"wpb_wrapper\"><div class=\"wpb_text_column\"><div class=\"wpb_wrapper\"><h2>Contenu de ce guide<\/h2>\n<ul>\n<li><a href=\"#datos-clave\">Donn\u00e9es cl\u00e9s du circuit s\u00e9villan<\/a><\/li>\n<li><a href=\"#septiembre\">Calendrier de septembre<\/a><\/li>\n<li><a href=\"#octubre\">Calendrier d\u2019octobre<\/a><\/li>\n<li><a href=\"#capital\">R\u00e9citals dans la ville de S\u00e9ville<\/a><\/li>\n<li><a href=\"#artistas\">Artistes et disciplines<\/a><\/li>\n<\/ul>\n<\/div><\/div><\/div><\/div><\/div><div class=\"vc_col-sm-6 wpb_column vc_column_container\"><div class=\"vc_column-inner\"><div class=\"wpb_wrapper\"><div class=\"wpb_text_column\"><div class=\"wpb_wrapper\"><ul>\n<li><a href=\"#persecucion\">Hommage \u00e0 <em>Persecuci\u00f3n<\/em><\/a><\/li>\n<li><a href=\"#acceso\">Acc\u00e8s aux r\u00e9citals gratuits<\/a><\/li>\n<li><a href=\"#ruta\">Itin\u00e9raire dans la province<\/a><\/li>\n<li><a href=\"#fuentes\">O\u00f9 confirmer les changements<\/a><\/li>\n<li><a href=\"#faq\">Questions fr\u00e9quentes<\/a><\/li>\n<\/ul>\n<\/div><\/div><\/div><\/div><\/div><\/div><\/div><\/section><section class=\"l-section wpb_row height_huge color_alternate with_shape\"><div class=\"l-section-shape type_zigzag pos_top hor_flip\" style=\"height:3vmin;\"><svg xmlns=\"http:\/\/www.w3.org\/2000\/svg\" viewBox=\"0 0 64 8\" preserveAspectRatio=\"none\" width=\"100%\" height=\"100%\">\r\n\t<path fill=\"currentColor\" d=\"M64 8 L0 8 L0 0 L20 7.9 L40 3 L48 5 L64 0 Z\"\/>\r\n<\/svg><\/div><div class=\"l-section-shape type_zigzag pos_bottom\" style=\"height:3vmin;\"><svg xmlns=\"http:\/\/www.w3.org\/2000\/svg\" viewBox=\"0 0 64 8\" preserveAspectRatio=\"none\" width=\"100%\" height=\"100%\">\r\n\t<path fill=\"currentColor\" d=\"M64 8 L0 8 L0 0 L20 7.9 L40 3 L48 5 L64 0 Z\"\/>\r\n<\/svg><\/div><div class=\"l-section-h i-cf\"><div class=\"g-cols vc_row via_flex valign_middle type_default stacking_default\"><div class=\"vc_col-sm-6 wpb_column vc_column_container\"><div class=\"vc_column-inner\"><div class=\"wpb_wrapper\"><div class=\"wpb_text_column\"><div class=\"wpb_wrapper\"><h2 id=\"datos-clave\">Le circuit s\u00e9villan en un coup d\u2019\u0153il<\/h2>\n<table>\n<thead>\n<tr>\n<th>Donn\u00e9e<\/th>\n<th>Information officielle<\/th>\n<\/tr>\n<\/thead>\n<tbody>\n<tr>\n<td><strong>Spectacles<\/strong><\/td>\n<td>56<\/td>\n<\/tr>\n<tr>\n<td><strong>Chant<\/strong><\/td>\n<td>53<\/td>\n<\/tr>\n<tr>\n<td><strong>Danse<\/strong><\/td>\n<td>2<\/td>\n<\/tr>\n<tr>\n<td><strong>Guitare<\/strong><\/td>\n<td>1<\/td>\n<\/tr>\n<tr>\n<td><strong>Communes<\/strong><\/td>\n<td>41<\/td>\n<\/tr>\n<tr>\n<td><strong>Acc\u00e8s<\/strong><\/td>\n<td>Gratuit dans la limite des places disponibles<\/td>\n<\/tr>\n<\/tbody>\n<\/table>\n<\/div><\/div><\/div><\/div><\/div><div class=\"vc_col-sm-6 wpb_column vc_column_container\"><div class=\"vc_column-inner\"><div class=\"wpb_wrapper\"><div class=\"wpb_text_column\"><div class=\"wpb_wrapper\"><h2>Une programmation r\u00e9partie dans toute la province<\/h2>\n<p>La carte ne se limite pas \u00e0 la capitale. Elle s\u2019\u00e9tend \u00e0 \u00c9cija, Alcal\u00e1 de Guada\u00edra, Dos Hermanas, Mairena del Alcor, Mor\u00f3n, Arahal, Tomares, Gelves, Bormujos, Olivares, Espartinas, Sanl\u00facar la Mayor, Villanueva del Ariscal, La Algaba, Burguillos, Paradas, Las Cabezas de San Juan, Mart\u00edn de la Jara, Pruna, Herrera, La Luisiana, Fuentes de Andaluc\u00eda, Isla Mayor, Aznalc\u00f3llar, Albaida del Aljarafe, El Castillo de las Guardas et Los Palacios y Villafranca, entre autres communes.<\/p>\n<p>S\u00e9ville compte <strong>80 pe\u00f1as f\u00e9d\u00e9r\u00e9es<\/strong>, le r\u00e9seau provincial le plus important d\u2019Andalousie. Le circuit mobilise une part essentielle de ce tissu et rapproche des spectacles professionnels de publics qui ne b\u00e9n\u00e9ficient pas toujours d\u2019une programmation r\u00e9guli\u00e8re.<\/p>\n<\/div><\/div><\/div><\/div><\/div><\/div><\/div><\/section><section class=\"l-section wpb_row height_huge\"><div class=\"l-section-h i-cf\"><div class=\"g-cols vc_row via_flex valign_top type_default stacking_default\"><div class=\"vc_col-sm-6 wpb_column vc_column_container\"><div class=\"vc_column-inner\"><div class=\"wpb_wrapper\"><div class=\"wpb_text_column\"><div class=\"wpb_wrapper\"><h2 id=\"septiembre\">Calendrier de septembre 2026<\/h2>\n<h3>Du 2 au 18 septembre<\/h3>\n<ul>\n<li><strong>2 septembre, 21 h 00.<\/strong> Fernanda Pe\u00f1a, chanteuse. Pe\u00f1a Flamenca Cantes al Aire, S\u00e9ville<\/li>\n<li><strong>4 septembre, 21 h 30.<\/strong> Manuel Romero, chanteur. Pe\u00f1a Flamenca de Isla Mayor<\/li>\n<li><strong>10 septembre, 21 h 30.<\/strong> Angelita Montoya, chanteuse. Pe\u00f1a Flamenca El Carbonerillo, S\u00e9ville<\/li>\n<li><strong>11 septembre, 21 h 00.<\/strong> Manuel Bellido, danseur. Pe\u00f1a Flamenca Femenina Teresa Le\u00f3n, \u00c9cija<\/li>\n<li><strong>12 septembre, 14 h 00.<\/strong> Pura de Pura, chanteuse. Pe\u00f1a Flamenca La Jumoza 3, S\u00e9ville<\/li>\n<li><strong>12 septembre, 21 h 30.<\/strong> Alfredo Tejada, chanteur. Pe\u00f1a Flamenca Astigitana Antonio Mairena, \u00c9cija<\/li>\n<li><strong>12 septembre, 20 h 30.<\/strong> Luis Moneo, chanteur. Pe\u00f1a Flamenca La Era, Burguillos<\/li>\n<li><strong>18 septembre, 21 h 30.<\/strong> Tino Van der Sman, guitariste. Pe\u00f1a Flamenca La Sole\u00e1, Alcal\u00e1 de Guada\u00edra<\/li>\n<li><strong>18 septembre, 21 h 00.<\/strong> Jeromo Segura, chanteur. Pe\u00f1a Flamenca El Paraguas, Espartinas<\/li>\n<\/ul>\n<\/div><\/div><\/div><\/div><\/div><div class=\"vc_col-sm-6 wpb_column vc_column_container\"><div class=\"vc_column-inner\"><div class=\"wpb_wrapper\"><div class=\"wpb_text_column\"><div class=\"wpb_wrapper\"><h3>Du 19 au 27 septembre<\/h3>\n<ul>\n<li><strong>19 septembre, 20 h 00.<\/strong> Anabel de Vico, chanteuse. Pe\u00f1a Flamenca Antonio El Lobito, Pruna<\/li>\n<li><strong>19 septembre, 21 h 30.<\/strong> Paqui R\u00edos, chanteuse. Pe\u00f1a Flamenca Lepanto, Mairena del Aljarafe<\/li>\n<li><strong>20 septembre, 14 h 00.<\/strong> Joni Torres, chanteur. Pe\u00f1a Flamenca Juan Talega, Dos Hermanas<\/li>\n<li><strong>26 septembre, 15 h 00.<\/strong> Juanelo, chanteur. Pe\u00f1a Flamenca de Sanl\u00facar la Mayor<\/li>\n<li><strong>26 septembre, 14 h 00.<\/strong> Lidia Rodr\u00edguez, chanteuse. Pe\u00f1a Flamenca El Madro\u00f1ero, Montellano<\/li>\n<li><strong>26 septembre, 21 h 30.<\/strong> Mar\u00eda T\u00e1vora, danseuse. Pe\u00f1a Flamenca Miguel Vargas, Paradas<\/li>\n<li><strong>27 septembre, 13 h 00.<\/strong> Olivia Molina, chanteuse. Pe\u00f1a Flamenca Pozo Nuevo, Olivares<\/li>\n<\/ul>\n<p>Le programme permet de choisir entre la capitale, l\u2019Aljarafe, la Campi\u00f1a, la Sierra Sur et l\u2019aire m\u00e9tropolitaine. Les horaires vont de midi \u00e0 la soir\u00e9e ; toutes les pe\u00f1as n\u2019ouvrent pas leurs portes avec la m\u00eame avance.<\/p>\n<\/div><\/div><\/div><\/div><\/div><\/div><\/div><\/section><section class=\"l-section wpb_row height_huge color_alternate with_shape\"><div class=\"l-section-shape type_zigzag pos_top hor_flip\" style=\"height:3vmin;\"><svg xmlns=\"http:\/\/www.w3.org\/2000\/svg\" viewBox=\"0 0 64 8\" preserveAspectRatio=\"none\" width=\"100%\" height=\"100%\">\r\n\t<path fill=\"currentColor\" d=\"M64 8 L0 8 L0 0 L20 7.9 L40 3 L48 5 L64 0 Z\"\/>\r\n<\/svg><\/div><div class=\"l-section-shape type_zigzag pos_bottom\" style=\"height:3vmin;\"><svg xmlns=\"http:\/\/www.w3.org\/2000\/svg\" viewBox=\"0 0 64 8\" preserveAspectRatio=\"none\" width=\"100%\" height=\"100%\">\r\n\t<path fill=\"currentColor\" d=\"M64 8 L0 8 L0 0 L20 7.9 L40 3 L48 5 L64 0 Z\"\/>\r\n<\/svg><\/div><div class=\"l-section-h i-cf\"><div class=\"g-cols vc_row via_flex valign_top type_default stacking_default\"><div class=\"vc_col-sm-6 wpb_column vc_column_container\"><div class=\"vc_column-inner\"><div class=\"wpb_wrapper\"><div class=\"wpb_text_column\"><div class=\"wpb_wrapper\"><h2 id=\"octubre\">Calendrier d\u2019octobre 2026<\/h2>\n<h3>Du 2 au 11 octobre<\/h3>\n<ul>\n<li><strong>2 octobre, 21 h 00.<\/strong> Abraham El Zambo, chanteur. Pe\u00f1a Flamenca Alto de la Fuente, Gelves<\/li>\n<li><strong>3 octobre, 21 h 30.<\/strong> Luis Heredia \u00ab El Polaco \u00bb, chanteur. Pe\u00f1a Flamenca El Ni\u00f1o de la Jara, Mart\u00edn de la Jara<\/li>\n<li><strong>3 octobre, 13 h 30.<\/strong> Antonio L\u00f3pez, chanteur. Pe\u00f1a Flamenca Fernando El Herrero, Las Cabezas de San Juan<\/li>\n<li><strong>8 octobre, 19 h 30.<\/strong> Anabel Valencia, chanteuse. Pe\u00f1a Sentir Flamenco, Universit\u00e9 Pablo de Olavide, S\u00e9ville<\/li>\n<li><strong>8 octobre, 20 h 00.<\/strong> Armando Mateos, chanteur. Tertulia Flamenca Calixto S\u00e1nchez Mar\u00edn, S\u00e9ville<\/li>\n<li><strong>9 octobre, 21 h 00.<\/strong> Luis Perdiguero, chanteur. Pe\u00f1a Flamenca La Polea, S\u00e9ville<\/li>\n<li><strong>9 octobre, 21 h 30.<\/strong> Manuel Cantarote, chanteur. Pe\u00f1a Flamenca de Tomares<\/li>\n<li><strong>9 octobre, 21 h 00.<\/strong> Mari Pe\u00f1a, chanteuse. Pe\u00f1a Flamenca Pastora Pav\u00f3n Cruz \u00ab Ni\u00f1a de los Peines \u00bb, Arahal<\/li>\n<li><strong>10 octobre, 15 h 30.<\/strong> Macarena de Jerez, chanteuse. Tertulia Flamenca Sevilla Este, S\u00e9ville<\/li>\n<li><strong>10 octobre, 16 h 00.<\/strong> El Potito, chanteur. Pe\u00f1a Flamenca de Aznalc\u00f3llar<\/li>\n<li><strong>11 octobre, 14 h 00.<\/strong> \u00c1frica Granado, chanteuse. Pe\u00f1a Flamenca El Gallo, Mor\u00f3n de la Frontera<\/li>\n<li><strong>11 octobre, 19 h 00.<\/strong> Vicente Gelo, chanteur. Pe\u00f1a Flamenca El Monino, Herrera<\/li>\n<\/ul>\n<\/div><\/div><\/div><\/div><\/div><div class=\"vc_col-sm-6 wpb_column vc_column_container\"><div class=\"vc_column-inner\"><div class=\"wpb_wrapper\"><div class=\"wpb_text_column\"><div class=\"wpb_wrapper\"><h3>Du 17 au 31 octobre<\/h3>\n<ul>\n<li><strong>17 octobre, 12 h 00.<\/strong> Manuela Cordero, chanteuse. Pe\u00f1a Flamenca Aires Flamencos, S\u00e9ville<\/li>\n<li><strong>17 octobre, 21 h 30.<\/strong> Luis Ortega, chanteur. Pe\u00f1a Flamenca La Pos\u00e1, La Luisiana<\/li>\n<li><strong>17 octobre, 20 h 00.<\/strong> Perico El Pa\u00f1ero, chanteur. Pe\u00f1a Flamenca Villanove\u00f1a, Villanueva de San Juan<\/li>\n<li><strong>18 octobre, 14 h 30.<\/strong> Jes\u00fas Corbacho, chanteur. Pe\u00f1a Flamenca Miguel Acal, Bormujos<\/li>\n<li><strong>23 octobre, 21 h 30.<\/strong> Juan de Mairena, chanteur. Casa del Arte Antonio Mairena, Mairena del Alcor<\/li>\n<li><strong>24 octobre, 15 h 00.<\/strong> Amparo \u00ab La Repompilla \u00bb, chanteuse. Pe\u00f1a Flamenca La Ton\u00e1<\/li>\n<li><strong>24 octobre, 20 h 00.<\/strong> Manuel Pajares, chanteur. Pe\u00f1a Flamenca Torremocha, Albaida del Aljarafe<\/li>\n<li><strong>24 octobre, 13 h 30.<\/strong> Marta La Ni\u00f1a, chanteuse. Pe\u00f1a Flamenca La Encina, El Castillo de las Guardas<\/li>\n<li><strong>24 octobre, 23 h 00.<\/strong> Mar\u00eda Jes\u00fas Bernal, chanteuse. Tertulia Flamenca El Pozo de las Penas, Los Palacios y Villafranca<\/li>\n<li><strong>24 octobre, 16 h 30.<\/strong> Joselete de Linares, chanteur. Pe\u00f1a Flamenca El Despertar, Fuentes de Andaluc\u00eda<\/li>\n<li><strong>24 octobre, 15 h 00.<\/strong> Malena Carrasco, chanteuse. Pe\u00f1a Flamenca La Fragua, S\u00e9ville<\/li>\n<li><strong>25 octobre, 17 h 00.<\/strong> Elena de Mor\u00f3n, chanteuse. Pe\u00f1a Flamenca Puertas Abiertas, La Algaba<\/li>\n<li><strong>25 octobre, 13 h 30.<\/strong> Marta Aguilar, chanteuse. Pe\u00f1a Flamenca El B\u00facaro, San Jos\u00e9 de la Rinconada<\/li>\n<li><strong>29 octobre, 21 h 30.<\/strong> Fernando Caballo, chanteur. Pe\u00f1a Flamenca Torres Macarena, S\u00e9ville<\/li>\n<li><strong>30 octobre, 19 h 00.<\/strong> Luis Malena, chanteur. Pe\u00f1a Flamenca Pol\u00edgono Sur, S\u00e9ville<\/li>\n<li><strong>31 octobre, 13 h 00.<\/strong> Silvia Reina, chanteuse. Pe\u00f1a Flamenca La Solera, Villanueva del Ariscal<\/li>\n<\/ul>\n<\/div><\/div><\/div><\/div><\/div><\/div><\/div><\/section><section class=\"l-section wpb_row height_huge\"><div class=\"l-section-h i-cf\"><div class=\"g-cols vc_row via_flex valign_top type_default stacking_default\"><div class=\"vc_col-sm-6 wpb_column vc_column_container\"><div class=\"vc_column-inner\"><div class=\"wpb_wrapper\"><div class=\"wpb_text_column\"><div class=\"wpb_wrapper\"><h2>Important : deux dates de cl\u00f4ture sont indiqu\u00e9es<\/h2>\n<p>Les informations g\u00e9n\u00e9rales indiquent que le circuit s\u00e9villan se poursuit jusqu\u2019au <strong>30 octobre<\/strong>. Toutefois, le calendrier d\u00e9taill\u00e9 de l\u2019Agenda culturel d\u2019Andalousie comprend un dernier rendez-vous le <strong>31 octobre<\/strong> : Silvia Reina \u00e0 la Pe\u00f1a Flamenca La Solera de Villanueva del Ariscal.<\/p>\n<p>Par prudence, ce guide inclut le spectacle du 31. L\u2019agenda lui-m\u00eame pr\u00e9cise que la programmation peut \u00eatre modifi\u00e9e.<\/p>\n<\/div><\/div><\/div><\/div><\/div><div class=\"vc_col-sm-6 wpb_column vc_column_container\"><div class=\"vc_column-inner\"><div class=\"wpb_wrapper\"><div class=\"wpb_text_column\"><div class=\"wpb_wrapper\"><h2 id=\"capital\">R\u00e9citals dans la ville de S\u00e9ville<\/h2>\n<p>La capitale concentre des rendez-vous \u00e0 Cantes al Aire, El Carbonerillo, La Jumoza 3, Sentir Flamenco \u00e0 l\u2019Universit\u00e9 Pablo de Olavide, la Tertulia Calixto S\u00e1nchez Mar\u00edn, La Polea, Sevilla Este, Aires Flamencos, La Fragua, Torres Macarena et Pol\u00edgono Sur.<\/p>\n<p>Parmi les artistes annonc\u00e9s figurent Fernanda Pe\u00f1a, Angelita Montoya, Pura de Pura, Anabel Valencia, Armando Mateos, Luis Perdiguero, Macarena de Jerez, Manuela Cordero, Malena Carrasco, Fernando Caballo et Luis Malena.<\/p>\n<\/div><\/div><\/div><\/div><\/div><\/div><\/div><\/section><section class=\"l-section wpb_row height_huge\"><div class=\"l-section-h i-cf\"><div class=\"g-cols vc_row via_flex valign_middle type_default stacking_default\"><div class=\"vc_col-sm-6 wpb_column vc_column_container\"><div class=\"vc_column-inner\"><div class=\"wpb_wrapper\"><div class=\"wpb_text_column\"><div class=\"wpb_wrapper\"><h2 id=\"artistas\">Chant, danse et guitare : ce que propose l\u2019affiche<\/h2>\n<p>Le <strong>chant domine clairement la programmation<\/strong>. Ce choix correspond au format historique du r\u00e9cital de pe\u00f1a : une voix principale, une guitare d\u2019accompagnement et un public proche, attentif aux styles et \u00e0 la personnalit\u00e9 de l\u2019interpr\u00e8te.<\/p>\n<p>Des artistes \u00e0 la carri\u00e8re reconnue \u2014comme Alfredo Tejada, Luis Moneo, Jeromo Segura, El Potito, Macarena de Jerez, Anabel Valencia ou La Repompilla\u2014 c\u00f4toient des voix qui poursuivent leur d\u00e9veloppement professionnel.<\/p>\n<p>La danse est repr\u00e9sent\u00e9e par <strong>Manuel Bellido<\/strong>, \u00e0 \u00c9cija, et <strong>Mar\u00eda T\u00e1vora<\/strong>, \u00e0 Paradas. Le seul r\u00e9cital annonc\u00e9 sp\u00e9cifiquement comme r\u00e9cital de guitare est celui de <strong>Tino Van der Sman<\/strong>, \u00e0 Alcal\u00e1 de Guada\u00edra.<\/p>\n<\/div><\/div><\/div><\/div><\/div><div class=\"vc_col-sm-6 wpb_column vc_column_container\"><div class=\"vc_column-inner\"><div class=\"wpb_wrapper\"><div class=\"wpb_text_column\"><div class=\"wpb_wrapper\"><h2>Comment choisir un rendez-vous<\/h2>\n<ul>\n<li><strong>Si vous cherchez du chant :<\/strong> presque chaque week-end offre plusieurs possibilit\u00e9s.<\/li>\n<li><strong>Si vous pr\u00e9f\u00e9rez la danse :<\/strong> notez le 11 septembre \u00e0 \u00c9cija ou le 26 \u00e0 Paradas.<\/li>\n<li><strong>Si la guitare vous int\u00e9resse :<\/strong> le rendez-vous sp\u00e9cifiquement consacr\u00e9 \u00e0 la guitare a lieu le 18 septembre \u00e0 Alcal\u00e1.<\/li>\n<li><strong>Si vous \u00eates dans la capitale :<\/strong> octobre concentre de nombreux spectacles urbains.<\/li>\n<li><strong>Si vous recherchez une ambiance locale :<\/strong> choisissez une commune, confirmez l\u2019adresse et arrivez en avance.<\/li>\n<\/ul>\n<p>Pour comparer les formats, consultez aussi notre guide sur <a href=\"https:\/\/www.tablaosflamencos.com\/donde-ver-flamenco-autentico-sevilla.html\"><strong>o\u00f9 voir du flamenco authentique \u00e0 S\u00e9ville<\/strong><\/a>.<\/p>\n<\/div><\/div><\/div><\/div><\/div><\/div><\/div><\/section><section class=\"l-section wpb_row height_huge color_alternate with_shape\"><div class=\"l-section-shape type_zigzag pos_top hor_flip\" style=\"height:3vmin;\"><svg xmlns=\"http:\/\/www.w3.org\/2000\/svg\" viewBox=\"0 0 64 8\" preserveAspectRatio=\"none\" width=\"100%\" height=\"100%\">\r\n\t<path fill=\"currentColor\" d=\"M64 8 L0 8 L0 0 L20 7.9 L40 3 L48 5 L64 0 Z\"\/>\r\n<\/svg><\/div><div class=\"l-section-shape type_zigzag pos_bottom\" style=\"height:3vmin;\"><svg xmlns=\"http:\/\/www.w3.org\/2000\/svg\" viewBox=\"0 0 64 8\" preserveAspectRatio=\"none\" width=\"100%\" height=\"100%\">\r\n\t<path fill=\"currentColor\" d=\"M64 8 L0 8 L0 0 L20 7.9 L40 3 L48 5 L64 0 Z\"\/>\r\n<\/svg><\/div><div class=\"l-section-h i-cf\"><div class=\"g-cols vc_row via_flex valign_middle type_default stacking_default\"><div class=\"vc_col-sm-6 wpb_column vc_column_container\"><div class=\"vc_column-inner\"><div class=\"wpb_wrapper\"><div class=\"wpb_text_column\"><div class=\"wpb_wrapper\"><h2 id=\"persecucion\">L\u2019hommage \u00e0 <em>Persecuci\u00f3n<\/em> et El Lebrijano<\/h2>\n<p>La programmation s\u00e9villane est d\u00e9di\u00e9e au cinquanti\u00e8me anniversaire de <em>Persecuci\u00f3n<\/em>, publi\u00e9 par Juan Pe\u00f1a \u00ab El Lebrijano \u00bb en 1976. Con\u00e7u \u00e0 partir de textes de F\u00e9lix Grande, l\u2019album a port\u00e9 sur disque un r\u00e9cit sur la pers\u00e9cution historique du peuple rom et ouvert un territoire expressif alors peu habituel dans le flamenco enregistr\u00e9.<\/p>\n<p>L\u2019hommage poss\u00e8de aussi une dimension territoriale : El Lebrijano est n\u00e9 \u00e0 Lebrija et appartenait \u00e0 une lign\u00e9e artistique essentielle au flamenco s\u00e9villan. Rappeler son \u0153uvre \u00e0 travers un r\u00e9seau de pe\u00f1as relie la m\u00e9moire discographique aux lieux o\u00f9 le chant s\u2019\u00e9coute, se discute et se transmet.<\/p>\n<\/div><\/div><\/div><\/div><\/div><div class=\"vc_col-sm-6 wpb_column vc_column_container\"><div class=\"vc_column-inner\"><div class=\"wpb_wrapper\"><div class=\"wpb_text_column\"><div class=\"wpb_wrapper\"><h2>Une c\u00e9l\u00e9bration tourn\u00e9e vers le pr\u00e9sent<\/h2>\n<p>La d\u00e9dicace ne transforme pas le circuit en r\u00e9p\u00e9tition du r\u00e9pertoire d\u2019El Lebrijano. Elle sert de fil conducteur \u00e0 une programmation diverse, compos\u00e9e d\u2019artistes actuels et r\u00e9partie dans toute la province.<\/p>\n<p>Pour \u00e9largir votre vision du programme, consultez notre guide g\u00e9n\u00e9ral du <a href=\"https:\/\/www.tablaosflamencos.com\/circuito-andaluz-penas-flamencas-2026.html\"><strong>Circuit andalou des pe\u00f1as 2026<\/strong><\/a>. Vous y trouverez les chiffres des huit provinces. Cette page se concentre exclusivement sur S\u00e9ville et son calendrier d\u00e9taill\u00e9.<\/p>\n<\/div><\/div><\/div><\/div><\/div><\/div><\/div><\/section><section class=\"l-section wpb_row height_huge\"><div class=\"l-section-h i-cf\"><div class=\"g-cols vc_row via_flex valign_middle type_default stacking_default\"><div class=\"vc_col-sm-6 wpb_column vc_column_container\"><div class=\"vc_column-inner\"><div class=\"wpb_wrapper\"><div class=\"wpb_text_column\"><div class=\"wpb_wrapper\"><h2 id=\"acceso\">Les r\u00e9citals sont-ils vraiment gratuits ?<\/h2>\n<p>Oui. L\u2019Agenda culturel d\u2019Andalousie indique que <strong>l\u2019entr\u00e9e est gratuite dans la limite des places disponibles<\/strong>. Il n\u2019est pas n\u00e9cessaire d\u2019acheter un billet, mais la gratuit\u00e9 ne garantit pas l\u2019acc\u00e8s si la salle est compl\u00e8te.<\/p>\n<p>Chaque pe\u00f1a peut organiser l\u2019accueil diff\u00e9remment. Certaines fonctionnent par ordre d\u2019arriv\u00e9e ; d\u2019autres peuvent utiliser des invitations, des confirmations ou donner une priorit\u00e9 organisationnelle \u00e0 leurs membres. Si la fiche ne pr\u00e9cise pas la proc\u00e9dure, le plus s\u00fbr est de contacter l\u2019entit\u00e9.<\/p>\n<\/div><\/div><\/div><\/div><\/div><div class=\"vc_col-sm-6 wpb_column vc_column_container\"><div class=\"vc_column-inner\"><div class=\"wpb_wrapper\"><div class=\"wpb_text_column\"><div class=\"wpb_wrapper\"><h2>Conseils pour ne pas rester dehors<\/h2>\n<ul>\n<li>V\u00e9rifiez la date, l\u2019heure et l\u2019adresse le jour m\u00eame.<\/li>\n<li>Arrivez en avance, surtout le week-end.<\/li>\n<li>Demandez si une invitation ou une confirmation pr\u00e9alable est n\u00e9cessaire.<\/li>\n<li>Ne confondez pas le nom de la pe\u00f1a avec celui de la commune.<\/li>\n<li>Tenez compte de possibles lieux alternatifs.<\/li>\n<li>Respectez le silence pendant le chant et \u00e9vitez d\u2019entrer ou de sortir au milieu d\u2019un morceau.<\/li>\n<\/ul>\n<\/div><\/div><\/div><\/div><\/div><\/div><\/div><\/section><section class=\"l-section wpb_row height_huge color_alternate with_shape\"><div class=\"l-section-shape type_zigzag pos_top hor_flip\" style=\"height:3vmin;\"><svg xmlns=\"http:\/\/www.w3.org\/2000\/svg\" viewBox=\"0 0 64 8\" preserveAspectRatio=\"none\" width=\"100%\" height=\"100%\">\r\n\t<path fill=\"currentColor\" d=\"M64 8 L0 8 L0 0 L20 7.9 L40 3 L48 5 L64 0 Z\"\/>\r\n<\/svg><\/div><div class=\"l-section-shape type_zigzag pos_bottom\" style=\"height:3vmin;\"><svg xmlns=\"http:\/\/www.w3.org\/2000\/svg\" viewBox=\"0 0 64 8\" preserveAspectRatio=\"none\" width=\"100%\" height=\"100%\">\r\n\t<path fill=\"currentColor\" d=\"M64 8 L0 8 L0 0 L20 7.9 L40 3 L48 5 L64 0 Z\"\/>\r\n<\/svg><\/div><div class=\"l-section-h i-cf\"><div class=\"g-cols vc_row via_flex valign_middle type_default stacking_default\"><div class=\"vc_col-sm-6 wpb_column vc_column_container\"><div class=\"vc_column-inner\"><div class=\"wpb_wrapper\"><div class=\"wpb_text_column\"><div class=\"wpb_wrapper\"><h2 id=\"ruta\">Comment organiser un itin\u00e9raire flamenco autour de S\u00e9ville<\/h2>\n<p>Dans l\u2019Aljarafe figurent Gelves, Tomares, Bormujos, Olivares, Espartinas, Sanl\u00facar la Mayor, Villanueva del Ariscal et Albaida. La Campi\u00f1a propose des rendez-vous \u00e0 \u00c9cija, Arahal, Paradas, Fuentes de Andaluc\u00eda et La Luisiana. Dans l\u2019aire m\u00e9tropolitaine se distinguent Alcal\u00e1 de Guada\u00edra, Dos Hermanas, La Algaba, Mairena del Aljarafe et San Jos\u00e9 de la Rinconada.<\/p>\n<p>Avant d\u2019encha\u00eener deux spectacles dans la m\u00eame journ\u00e9e, v\u00e9rifiez les distances et les horaires. L\u2019acc\u00e8s, le stationnement et la dur\u00e9e ne sont pas identiques dans tous les lieux.<\/p>\n<\/div><\/div><\/div><\/div><\/div><div class=\"vc_col-sm-6 wpb_column vc_column_container\"><div class=\"vc_column-inner\"><div class=\"wpb_wrapper\"><div class=\"wpb_text_column\"><div class=\"wpb_wrapper\"><h2>Pe\u00f1a et tablao : des exp\u00e9riences compl\u00e9mentaires<\/h2>\n<p>Le circuit propose des spectacles ponctuels dans des associations culturelles et permet d\u2019approcher le flamenco \u00e0 travers la vie locale. Un tablao conserve une programmation r\u00e9guli\u00e8re, permet de r\u00e9server \u00e0 l\u2019avance et s\u2019int\u00e8gre plus facilement \u00e0 un voyage aux dates fixes.<\/p>\n<p>Si le r\u00e9cital ne co\u00efncide pas avec votre s\u00e9jour ou si la salle est compl\u00e8te, consultez les <a href=\"\/flamenco-sevilla\"><strong>spectacles de flamenco \u00e0 S\u00e9ville<\/strong><\/a>. Une pe\u00f1a permet de vivre un rendez-vous singulier et un tablao d\u2019assurer un spectacle dans votre itin\u00e9raire.<\/p>\n<\/div><\/div><\/div><\/div><\/div><\/div><\/div><\/section><section class=\"l-section wpb_row height_huge\"><div class=\"l-section-h i-cf\"><div class=\"g-cols vc_row via_flex valign_middle type_default stacking_default\"><div class=\"vc_col-sm-6 wpb_column vc_column_container\"><div class=\"vc_column-inner\"><div class=\"wpb_wrapper\"><div class=\"wpb_text_column\"><div class=\"wpb_wrapper\"><h2 id=\"fuentes\">O\u00f9 confirmer les artistes, horaires et changements<\/h2>\n<p>La principale r\u00e9f\u00e9rence est l\u2019 <strong>Agenda culturel d\u2019Andalousie<\/strong>. Il rassemble les r\u00e9citals annonc\u00e9s et pr\u00e9cise que des changements peuvent survenir. Il est \u00e9galement conseill\u00e9 de consulter les canaux de la pe\u00f1a organisatrice ou de la F\u00e9d\u00e9ration provinciale de S\u00e9ville des entit\u00e9s flamencas.<\/p>\n<\/div><\/div><div class=\"w-separator size_medium\"><\/div><div class=\"w-hwrapper valign_top align_center\" style=\"--hwrapper-gap:1.2rem\"><div class=\"w-btn-wrapper align_center\"><a class=\"w-btn us-btn-style_1 icon_atleft\" href=\"https:\/\/www.juntadeandalucia.es\/cultura\/agendaculturaldeandalucia\/evento\/circuito-andaluz-de-penas-2026-provincia-de-sevilla\"><i class=\"fas fa-calendar-alt\"><\/i><span class=\"w-btn-label\">Consulter l\u2019agenda officiel de S\u00e9ville<\/span><\/a><\/div><\/div><\/div><\/div><\/div><div class=\"vc_col-sm-6 wpb_column vc_column_container\"><div class=\"vc_column-inner\"><div class=\"wpb_wrapper\"><div class=\"wpb_text_column\"><div class=\"wpb_wrapper\"><h2>Qui organise le circuit<\/h2>\n<p>La programmation est d\u00e9velopp\u00e9e gr\u00e2ce \u00e0 la collaboration de l\u2019 <strong>Agence andalouse des institutions culturelles et de l\u2019Institut andalou du flamenco<\/strong> avec la F\u00e9d\u00e9ration provinciale de S\u00e9ville des entit\u00e9s flamencas.<\/p>\n<p>En Andalousie, l\u2019\u00e9dition 2026 totalise 225 spectacles et au moins 470 artistes. Le programme d\u00e9coule d\u2019un appel public et s\u2019appuie sur les f\u00e9d\u00e9rations provinciales pour composer des affiches adapt\u00e9es \u00e0 leurs r\u00e9seaux de pe\u00f1as et de communes.<\/p>\n<\/div><\/div><\/div><\/div><\/div><\/div><\/div><\/section><section class=\"l-section wpb_row height_huge color_alternate with_shape\"><div class=\"l-section-shape type_zigzag pos_top hor_flip\" style=\"height:3vmin;\"><svg xmlns=\"http:\/\/www.w3.org\/2000\/svg\" viewBox=\"0 0 64 8\" preserveAspectRatio=\"none\" width=\"100%\" height=\"100%\">\r\n\t<path fill=\"currentColor\" d=\"M64 8 L0 8 L0 0 L20 7.9 L40 3 L48 5 L64 0 Z\"\/>\r\n<\/svg><\/div><div class=\"l-section-h i-cf\"><div class=\"g-cols vc_row via_flex valign_middle type_default stacking_default\"><div class=\"vc_col-sm-1\/5 wpb_column vc_column_container\"><div class=\"vc_column-inner\"><div class=\"wpb_wrapper\"><\/div><\/div><\/div><div class=\"vc_col-sm-3\/5 wpb_column vc_column_container\"><div class=\"vc_column-inner\"><div class=\"wpb_wrapper\"><div class=\"wpb_text_column\"><div class=\"wpb_wrapper\"><h2 id=\"faq\">Questions fr\u00e9quentes sur le Circuit andalou des pe\u00f1as \u00e0 S\u00e9ville 2026<\/h2>\n<\/div><\/div><div class=\"w-separator size_medium\"><\/div><div class=\"w-tabs accordion toggle_style_1 has_scrolling\" style=\"--sections-title-size:inherit;--sections-gap:0.5rem;\"><div class=\"w-tabs-sections titles-align_none icon_chevron cpos_right\"><div class=\"w-tabs-section\" id=\"h4f2\"><button type=\"button\" class=\"w-tabs-section-header\" aria-controls=\"content-h4f2\" aria-expanded=\"false\"><div class=\"w-tabs-section-title\">Combien de spectacles y a-t-il \u00e0 S\u00e9ville ?<\/div><div class=\"w-tabs-section-control\"><\/div><\/button><div  class=\"w-tabs-section-content\" id=\"content-h4f2\"><div class=\"w-tabs-section-content-h i-cf\"><div class=\"wpb_text_column\"><div class=\"wpb_wrapper\"><p>La programmation annonce <strong>56 spectacles dans 41 communes<\/strong> : 53 de chant, deux de danse et un de guitare.<\/p>\n<\/div><\/div><\/div><\/div><\/div><div class=\"w-tabs-section\" id=\"j687\"><button type=\"button\" class=\"w-tabs-section-header\" aria-controls=\"content-j687\" aria-expanded=\"false\"><div class=\"w-tabs-section-title\">Quand le circuit a-t-il lieu ?<\/div><div class=\"w-tabs-section-control\"><\/div><\/button><div  class=\"w-tabs-section-content\" id=\"content-j687\"><div class=\"w-tabs-section-content-h i-cf\"><div class=\"wpb_text_column\"><div class=\"wpb_wrapper\"><p>Le cycle a commenc\u00e9 le 6 juin. Le calendrier d\u00e9taill\u00e9 disponible rassemble des spectacles du 2 septembre au 31 octobre 2026.<\/p>\n<\/div><\/div><\/div><\/div><\/div><div class=\"w-tabs-section\" id=\"a801\"><button type=\"button\" class=\"w-tabs-section-header\" aria-controls=\"content-a801\" aria-expanded=\"false\"><div class=\"w-tabs-section-title\">L\u2019entr\u00e9e est-elle gratuite ?<\/div><div class=\"w-tabs-section-control\"><\/div><\/button><div  class=\"w-tabs-section-content\" id=\"content-a801\"><div class=\"w-tabs-section-content-h i-cf\"><div class=\"wpb_text_column\"><div class=\"wpb_wrapper\"><p>Oui. Tous les r\u00e9citals sont annonc\u00e9s avec <strong>une entr\u00e9e gratuite dans la limite des places disponibles<\/strong>. Un syst\u00e8me d\u2019invitations ou de confirmation peut exister selon la pe\u00f1a.<\/p>\n<\/div><\/div><\/div><\/div><\/div><div class=\"w-tabs-section\" id=\"u96e\"><button type=\"button\" class=\"w-tabs-section-header\" aria-controls=\"content-u96e\" aria-expanded=\"false\"><div class=\"w-tabs-section-title\">Faut-il \u00eatre membre de la pe\u00f1a ?<\/div><div class=\"w-tabs-section-control\"><\/div><\/button><div  class=\"w-tabs-section-content\" id=\"content-u96e\"><div class=\"w-tabs-section-content-h i-cf\"><div class=\"wpb_text_column\"><div class=\"wpb_wrapper\"><p>La communication officielle pr\u00e9sente les spectacles comme gratuits dans la limite des places disponibles. Consultez la pe\u00f1a concern\u00e9e pour conna\u00eetre l\u2019organisation de l\u2019acc\u00e8s.<\/p>\n<\/div><\/div><\/div><\/div><\/div><div class=\"w-tabs-section\" id=\"racc\"><button type=\"button\" class=\"w-tabs-section-header\" aria-controls=\"content-racc\" aria-expanded=\"false\"><div class=\"w-tabs-section-title\">Quels spectacles de danse sont pr\u00e9vus ?<\/div><div class=\"w-tabs-section-control\"><\/div><\/button><div  class=\"w-tabs-section-content\" id=\"content-racc\"><div class=\"w-tabs-section-content-h i-cf\"><div class=\"wpb_text_column\"><div class=\"wpb_wrapper\"><p>Manuel Bellido se produit le 11 septembre \u00e0 \u00c9cija et Mar\u00eda T\u00e1vora le 26 septembre \u00e0 Paradas.<\/p>\n<\/div><\/div><\/div><\/div><\/div><div class=\"w-tabs-section\" id=\"yc2b\"><button type=\"button\" class=\"w-tabs-section-header\" aria-controls=\"content-yc2b\" aria-expanded=\"false\"><div class=\"w-tabs-section-title\">O\u00f9 a lieu le r\u00e9cital de guitare ?<\/div><div class=\"w-tabs-section-control\"><\/div><\/button><div  class=\"w-tabs-section-content\" id=\"content-yc2b\"><div class=\"w-tabs-section-content-h i-cf\"><div class=\"wpb_text_column\"><div class=\"wpb_wrapper\"><p>Tino Van der Sman se produit le 18 septembre \u00e0 la Pe\u00f1a Flamenca La Sole\u00e1 d\u2019Alcal\u00e1 de Guada\u00edra.<\/p>\n<\/div><\/div><\/div><\/div><\/div><div class=\"w-tabs-section\" id=\"sd8f\"><button type=\"button\" class=\"w-tabs-section-header\" aria-controls=\"content-sd8f\" aria-expanded=\"false\"><div class=\"w-tabs-section-title\">Le calendrier peut-il changer ?<\/div><div class=\"w-tabs-section-control\"><\/div><\/button><div  class=\"w-tabs-section-content\" id=\"content-sd8f\"><div class=\"w-tabs-section-content-h i-cf\"><div class=\"wpb_text_column\"><div class=\"wpb_wrapper\"><p>Oui. V\u00e9rifiez l\u2019artiste, l\u2019heure, l\u2019adresse et les conditions d\u2019acc\u00e8s avant de vous d\u00e9placer.<\/p>\n<\/div><\/div><\/div><\/div><\/div><div class=\"w-tabs-section\" id=\"neeb\"><button type=\"button\" class=\"w-tabs-section-header\" aria-controls=\"content-neeb\" aria-expanded=\"false\"><div class=\"w-tabs-section-title\">O\u00f9 consulter la programmation mise \u00e0 jour ?<\/div><div class=\"w-tabs-section-control\"><\/div><\/button><div  class=\"w-tabs-section-content\" id=\"content-neeb\"><div class=\"w-tabs-section-content-h i-cf\"><div class=\"wpb_text_column\"><div class=\"wpb_wrapper\"><p>Dans l\u2019Agenda culturel d\u2019Andalousie et sur les canaux de la pe\u00f1a organisatrice ou de la f\u00e9d\u00e9ration provinciale.<\/p>\n<\/div><\/div><\/div><\/div><\/div><\/div><\/div><\/div><\/div><\/div><div class=\"vc_col-sm-1\/5 wpb_column vc_column_container\"><div class=\"vc_column-inner\"><div class=\"wpb_wrapper\"><\/div><\/div><\/div><\/div><\/div><\/section>\n","protected":false},"excerpt":{"rendered":"<p>Le Circuit andalou des pe\u00f1as \u00e0 S\u00e9ville 2026 propose 56 spectacles gratuits dans 41 communes de la province, entre chant, danse et guitare flamenca.<\/p>\n","protected":false},"author":1,"featured_media":14729,"comment_status":"closed","ping_status":"closed","sticky":false,"template":"","format":"standard","meta":{"_acf_changed":false,"wpai_generated_summary":"","_ayudawp_aiss_exclude":false,"_ayudawp_aiss_exclude_summary":false,"_ayudawp_aiss_summary":"","_ayudawp_aiss_summary_provider":"","_ayudawp_aiss_summary_hash":"","footnotes":""},"categories":[1907],"tags":[1391,1934,1155,1948,1943],"class_list":["post-14847","post","type-post","status-publish","format-standard","has-post-thumbnail","hentry","category-clubs-de-flamenco","tag-chant-flamenco","tag-circuit-andalou-des-penas","tag-flamenco-en-sevilla","tag-flamenco-gratuit","tag-penas-flamencas-fr"],"acf":[],"yoast_head":"<!-- This site is optimized with the Yoast SEO Premium plugin v28.4 (Yoast SEO v28.4) - https:\/\/yoast.com\/product\/yoast-seo-premium-wordpress\/ -->\n<title>Circuit andalou des pe\u00f1as \u00e0 S\u00e9ville 2026 : calendrier et artistes | Tablaos Flamencos<\/title>\n<meta name=\"description\" content=\"Consultez le calendrier 2026 du Circuit andalou des pe\u00f1as \u00e0 S\u00e9ville : artistes, communes, pe\u00f1as flamencas et r\u00e9citals gratuits.\" \/>\n<meta name=\"robots\" content=\"index, follow, max-snippet:-1, max-image-preview:large, max-video-preview:-1\" \/>\n<link rel=\"canonical\" href=\"https:\/\/www.tablaosflamencos.com\/fr\/circuit-andalou-penas-seville-2026.html\" \/>\n<meta property=\"og:locale\" content=\"fr_FR\" \/>\n<meta property=\"og:type\" content=\"article\" \/>\n<meta property=\"og:title\" content=\"Circuit andalou des pe\u00f1as \u00e0 S\u00e9ville 2026 : calendrier, artistes et r\u00e9citals gratuits\" \/>\n<meta property=\"og:description\" content=\"Consultez le calendrier 2026 du Circuit andalou des pe\u00f1as \u00e0 S\u00e9ville : artistes, communes, pe\u00f1as flamencas et r\u00e9citals gratuits.\" \/>\n<meta property=\"og:url\" content=\"https:\/\/www.tablaosflamencos.com\/fr\/circuit-andalou-penas-seville-2026.html\" \/>\n<meta property=\"og:site_name\" content=\"Tablaos Flamencos\" \/>\n<meta property=\"article:publisher\" content=\"https:\/\/www.facebook.com\/tablaosflamencos\" \/>\n<meta property=\"article:published_time\" content=\"2026-09-05T12:14:08+00:00\" \/>\n<meta property=\"article:modified_time\" content=\"2026-09-05T12:27:52+00:00\" \/>\n<meta property=\"og:image\" content=\"https:\/\/www.tablaosflamencos.com\/wp-content\/uploads\/circuito-andaluz-de-penas-en-sevilla-2026-calendario-artistas-y-recitales-gratuitos-01.webp\" \/>\n\t<meta property=\"og:image:width\" content=\"1536\" \/>\n\t<meta property=\"og:image:height\" content=\"1024\" \/>\n\t<meta property=\"og:image:type\" content=\"image\/webp\" \/>\n<meta name=\"author\" content=\"Miguel Ortiz\" \/>\n<meta name=\"twitter:card\" content=\"summary_large_image\" \/>\n<meta name=\"twitter:creator\" content=\"@tablaosflamenco\" \/>\n<meta name=\"twitter:site\" content=\"@tablaosflamenco\" \/>\n<meta name=\"twitter:label1\" content=\"\u00c9crit par\" \/>\n\t<meta name=\"twitter:data1\" content=\"Miguel Ortiz\" \/>\n\t<meta name=\"twitter:label2\" content=\"Dur\u00e9e de lecture estim\u00e9e\" \/>\n\t<meta name=\"twitter:data2\" content=\"16 minutes\" \/>\n<script type=\"application\/ld+json\" class=\"yoast-schema-graph\">{\"@context\":\"https:\\\/\\\/schema.org\",\"@graph\":[{\"@type\":\"Article\",\"@id\":\"https:\\\/\\\/www.tablaosflamencos.com\\\/fr\\\/circuit-andalou-penas-seville-2026.html#article\",\"isPartOf\":{\"@id\":\"https:\\\/\\\/www.tablaosflamencos.com\\\/fr\\\/circuit-andalou-penas-seville-2026.html\"},\"author\":{\"name\":\"Miguel Ortiz\",\"@id\":\"https:\\\/\\\/www.tablaosflamencos.com\\\/fr#\\\/schema\\\/person\\\/e7a9ebe14eb75a52ceabfbffb3c54f5d\"},\"headline\":\"Circuit andalou des pe\u00f1as \u00e0 S\u00e9ville 2026 : calendrier, artistes et r\u00e9citals gratuits\",\"datePublished\":\"2026-09-05T12:14:08+00:00\",\"dateModified\":\"2026-09-05T12:27:52+00:00\",\"mainEntityOfPage\":{\"@id\":\"https:\\\/\\\/www.tablaosflamencos.com\\\/fr\\\/circuit-andalou-penas-seville-2026.html\"},\"wordCount\":3294,\"publisher\":{\"@id\":\"https:\\\/\\\/www.tablaosflamencos.com\\\/fr#organization\"},\"image\":{\"@id\":\"https:\\\/\\\/www.tablaosflamencos.com\\\/fr\\\/circuit-andalou-penas-seville-2026.html#primaryimage\"},\"thumbnailUrl\":\"https:\\\/\\\/www.tablaosflamencos.com\\\/wp-content\\\/uploads\\\/circuito-andaluz-de-penas-en-sevilla-2026-calendario-artistas-y-recitales-gratuitos-01.webp\",\"keywords\":[\"chant flamenco\",\"Circuit andalou des pe\u00f1as\",\"flamenco en Sevilla\",\"flamenco gratuit\",\"pe\u00f1as flamencas\"],\"articleSection\":[\"Clubs de flamenco\"],\"inLanguage\":\"fr-FR\"},{\"@type\":\"WebPage\",\"@id\":\"https:\\\/\\\/www.tablaosflamencos.com\\\/fr\\\/circuit-andalou-penas-seville-2026.html\",\"url\":\"https:\\\/\\\/www.tablaosflamencos.com\\\/fr\\\/circuit-andalou-penas-seville-2026.html\",\"name\":\"Circuit andalou des pe\u00f1as \u00e0 S\u00e9ville 2026 : calendrier et artistes | Tablaos Flamencos\",\"isPartOf\":{\"@id\":\"https:\\\/\\\/www.tablaosflamencos.com\\\/fr#website\"},\"primaryImageOfPage\":{\"@id\":\"https:\\\/\\\/www.tablaosflamencos.com\\\/fr\\\/circuit-andalou-penas-seville-2026.html#primaryimage\"},\"image\":{\"@id\":\"https:\\\/\\\/www.tablaosflamencos.com\\\/fr\\\/circuit-andalou-penas-seville-2026.html#primaryimage\"},\"thumbnailUrl\":\"https:\\\/\\\/www.tablaosflamencos.com\\\/wp-content\\\/uploads\\\/circuito-andaluz-de-penas-en-sevilla-2026-calendario-artistas-y-recitales-gratuitos-01.webp\",\"datePublished\":\"2026-09-05T12:14:08+00:00\",\"dateModified\":\"2026-09-05T12:27:52+00:00\",\"description\":\"Consultez le calendrier 2026 du Circuit andalou des pe\u00f1as \u00e0 S\u00e9ville : artistes, communes, pe\u00f1as flamencas et r\u00e9citals gratuits.\",\"breadcrumb\":{\"@id\":\"https:\\\/\\\/www.tablaosflamencos.com\\\/fr\\\/circuit-andalou-penas-seville-2026.html#breadcrumb\"},\"inLanguage\":\"fr-FR\",\"potentialAction\":[{\"@type\":\"ReadAction\",\"target\":[\"https:\\\/\\\/www.tablaosflamencos.com\\\/fr\\\/circuit-andalou-penas-seville-2026.html\"]}]},{\"@type\":\"ImageObject\",\"inLanguage\":\"fr-FR\",\"@id\":\"https:\\\/\\\/www.tablaosflamencos.com\\\/fr\\\/circuit-andalou-penas-seville-2026.html#primaryimage\",\"url\":\"https:\\\/\\\/www.tablaosflamencos.com\\\/wp-content\\\/uploads\\\/circuito-andaluz-de-penas-en-sevilla-2026-calendario-artistas-y-recitales-gratuitos-01.webp\",\"contentUrl\":\"https:\\\/\\\/www.tablaosflamencos.com\\\/wp-content\\\/uploads\\\/circuito-andaluz-de-penas-en-sevilla-2026-calendario-artistas-y-recitales-gratuitos-01.webp\",\"width\":1536,\"height\":1024,\"caption\":\"Circuito Andaluz de Pe\u00f1as en Sevilla 2026: calendario, artistas y recitales gratuitos\"},{\"@type\":\"BreadcrumbList\",\"@id\":\"https:\\\/\\\/www.tablaosflamencos.com\\\/fr\\\/circuit-andalou-penas-seville-2026.html#breadcrumb\",\"itemListElement\":[{\"@type\":\"ListItem\",\"position\":1,\"name\":\"Home\",\"item\":\"https:\\\/\\\/www.tablaosflamencos.com\\\/fr\"},{\"@type\":\"ListItem\",\"position\":2,\"name\":\"Circuit andalou des pe\u00f1as \u00e0 S\u00e9ville 2026 : calendrier, artistes et r\u00e9citals gratuits\"}]},{\"@type\":\"WebSite\",\"@id\":\"https:\\\/\\\/www.tablaosflamencos.com\\\/fr#website\",\"url\":\"https:\\\/\\\/www.tablaosflamencos.com\\\/fr\",\"name\":\"Tablaos Flamencos\",\"description\":\"Entradas para tablaos flamencos de Espa\u00f1a\",\"publisher\":{\"@id\":\"https:\\\/\\\/www.tablaosflamencos.com\\\/fr#organization\"},\"alternateName\":\"Tablaos Flamencos\",\"potentialAction\":[{\"@type\":\"SearchAction\",\"target\":{\"@type\":\"EntryPoint\",\"urlTemplate\":\"https:\\\/\\\/www.tablaosflamencos.com\\\/fr?s={search_term_string}\"},\"query-input\":{\"@type\":\"PropertyValueSpecification\",\"valueRequired\":true,\"valueName\":\"search_term_string\"}}],\"inLanguage\":\"fr-FR\"},{\"@type\":[\"Organization\",\"Place\",\"EntertainmentBusiness\"],\"@id\":\"https:\\\/\\\/www.tablaosflamencos.com\\\/fr#organization\",\"name\":\"Tablaos Flamencos\",\"alternateName\":\"Tablaos Flamencos\",\"url\":\"https:\\\/\\\/www.tablaosflamencos.com\\\/fr\",\"logo\":{\"@id\":\"https:\\\/\\\/www.tablaosflamencos.com\\\/fr\\\/circuit-andalou-penas-seville-2026.html#local-main-organization-logo\"},\"image\":{\"@id\":\"https:\\\/\\\/www.tablaosflamencos.com\\\/fr\\\/circuit-andalou-penas-seville-2026.html#local-main-organization-logo\"},\"sameAs\":[\"https:\\\/\\\/www.facebook.com\\\/tablaosflamencos\",\"https:\\\/\\\/x.com\\\/tablaosflamenco\",\"https:\\\/\\\/mastodon.social\\\/@tablaosflamencos\",\"https:\\\/\\\/www.instagram.com\\\/tablaosflamencos\",\"https:\\\/\\\/tiktok.com\\\/@tablaosflamencos\",\"https:\\\/\\\/www.linkedin.com\\\/company\\\/109408238\\\/\"],\"description\":\"Venta de entradas para espect\u00e1culos flamencos\",\"legalName\":\"Tablaos Flamencos\",\"foundingDate\":\"2015-01-01\",\"numberOfEmployees\":{\"@type\":\"QuantitativeValue\",\"minValue\":\"1\",\"maxValue\":\"10\"},\"address\":{\"@id\":\"https:\\\/\\\/www.tablaosflamencos.com\\\/fr\\\/circuit-andalou-penas-seville-2026.html#local-main-place-address\"},\"geo\":{\"@type\":\"GeoCoordinates\",\"latitude\":\"37.3868072\",\"longitude\":\"-5.993280299999999\"},\"telephone\":[\"+34623787787\"],\"contactPoint\":{\"@type\":\"ContactPoint\",\"telephone\":\"+34623787787\",\"email\":\"info@tablaosflamencos.com\"},\"openingHoursSpecification\":{\"@type\":\"OpeningHoursSpecification\",\"dayOfWeek\":[\"Monday\",\"Tuesday\",\"Wednesday\",\"Thursday\",\"Friday\",\"Saturday\",\"Sunday\"],\"opens\":\"00:00\",\"closes\":\"23:59\"},\"email\":\"info@tablaosflamencos.com\",\"priceRange\":\"$$$\",\"currenciesAccepted\":\"\u20ac\"},{\"@type\":\"Person\",\"@id\":\"https:\\\/\\\/www.tablaosflamencos.com\\\/fr#\\\/schema\\\/person\\\/e7a9ebe14eb75a52ceabfbffb3c54f5d\",\"name\":\"Miguel Ortiz\",\"description\":\"Miguel Ortiz es un empresario flamenco, con una s\u00f3lida trayectoria dentro del sector. Ha presidido entidades culturales vinculadas al flamenco y, cuenta con un amplio recorrido profesional en la gesti\u00f3n y promoci\u00f3n de espect\u00e1culos y tablaos flamencos. Su pasi\u00f3n por la historia y el arte flamenco se refleja en cada art\u00edculo, donde combina experiencia, criterio y un profundo respeto por la tradici\u00f3n.\",\"sameAs\":[\"https:\\\/\\\/www.tablaosflamencos.com\",\"https:\\\/\\\/www.instagra.com\\\/miguelortizfe\",\"https:\\\/\\\/www.linkedin.com\\\/in\\\/miguelortizf\\\/\"],\"birthDate\":\"1984-11-22\",\"gender\":\"hombre\",\"knowsLanguage\":[\"espa\u00f1ol\",\"ingl\u00e9s\"],\"jobTitle\":\"Empresario flamenco\"},{\"@type\":\"PostalAddress\",\"@id\":\"https:\\\/\\\/www.tablaosflamencos.com\\\/fr\\\/circuit-andalou-penas-seville-2026.html#local-main-place-address\",\"streetAddress\":\"C\\\/ Alemanes, 19\",\"addressLocality\":\"Sevilla\",\"postalCode\":\"41004\",\"addressRegion\":\"Sevilla\",\"addressCountry\":\"ES\"},{\"@type\":\"ImageObject\",\"inLanguage\":\"fr-FR\",\"@id\":\"https:\\\/\\\/www.tablaosflamencos.com\\\/fr\\\/circuit-andalou-penas-seville-2026.html#local-main-organization-logo\",\"url\":\"https:\\\/\\\/www.tablaosflamencos.com\\\/wp-content\\\/uploads\\\/tablaos-flamencos-06-3.webp\",\"contentUrl\":\"https:\\\/\\\/www.tablaosflamencos.com\\\/wp-content\\\/uploads\\\/tablaos-flamencos-06-3.webp\",\"width\":600,\"height\":620,\"caption\":\"Tablaos Flamencos\"}]}<\/script>\n<meta name=\"geo.placename\" content=\"Sevilla\" \/>\n<meta name=\"geo.position\" content=\"37.3868072;-5.993280299999999\" \/>\n<meta name=\"geo.region\" content=\"Espagne\" \/>\n<!-- \/ Yoast SEO Premium plugin. -->","yoast_head_json":{"title":"Circuit andalou des pe\u00f1as \u00e0 S\u00e9ville 2026 : calendrier et artistes | Tablaos Flamencos","description":"Consultez le calendrier 2026 du Circuit andalou des pe\u00f1as \u00e0 S\u00e9ville : artistes, communes, pe\u00f1as flamencas et r\u00e9citals gratuits.","robots":{"index":"index","follow":"follow","max-snippet":"max-snippet:-1","max-image-preview":"max-image-preview:large","max-video-preview":"max-video-preview:-1"},"canonical":"https:\/\/www.tablaosflamencos.com\/fr\/circuit-andalou-penas-seville-2026.html","og_locale":"fr_FR","og_type":"article","og_title":"Circuit andalou des pe\u00f1as \u00e0 S\u00e9ville 2026 : calendrier, artistes et r\u00e9citals gratuits","og_description":"Consultez le calendrier 2026 du Circuit andalou des pe\u00f1as \u00e0 S\u00e9ville : artistes, communes, pe\u00f1as flamencas et r\u00e9citals gratuits.","og_url":"https:\/\/www.tablaosflamencos.com\/fr\/circuit-andalou-penas-seville-2026.html","og_site_name":"Tablaos Flamencos","article_publisher":"https:\/\/www.facebook.com\/tablaosflamencos","article_published_time":"2026-09-05T12:14:08+00:00","article_modified_time":"2026-09-05T12:27:52+00:00","og_image":[{"width":1536,"height":1024,"url":"https:\/\/www.tablaosflamencos.com\/wp-content\/uploads\/circuito-andaluz-de-penas-en-sevilla-2026-calendario-artistas-y-recitales-gratuitos-01.webp","type":"image\/webp"}],"author":"Miguel Ortiz","twitter_card":"summary_large_image","twitter_creator":"@tablaosflamenco","twitter_site":"@tablaosflamenco","twitter_misc":{"\u00c9crit par":"Miguel Ortiz","Dur\u00e9e de lecture estim\u00e9e":"16 minutes"},"schema":{"@context":"https:\/\/schema.org","@graph":[{"@type":"Article","@id":"https:\/\/www.tablaosflamencos.com\/fr\/circuit-andalou-penas-seville-2026.html#article","isPartOf":{"@id":"https:\/\/www.tablaosflamencos.com\/fr\/circuit-andalou-penas-seville-2026.html"},"author":{"name":"Miguel Ortiz","@id":"https:\/\/www.tablaosflamencos.com\/fr#\/schema\/person\/e7a9ebe14eb75a52ceabfbffb3c54f5d"},"headline":"Circuit andalou des pe\u00f1as \u00e0 S\u00e9ville 2026 : calendrier, artistes et r\u00e9citals gratuits","datePublished":"2026-09-05T12:14:08+00:00","dateModified":"2026-09-05T12:27:52+00:00","mainEntityOfPage":{"@id":"https:\/\/www.tablaosflamencos.com\/fr\/circuit-andalou-penas-seville-2026.html"},"wordCount":3294,"publisher":{"@id":"https:\/\/www.tablaosflamencos.com\/fr#organization"},"image":{"@id":"https:\/\/www.tablaosflamencos.com\/fr\/circuit-andalou-penas-seville-2026.html#primaryimage"},"thumbnailUrl":"https:\/\/www.tablaosflamencos.com\/wp-content\/uploads\/circuito-andaluz-de-penas-en-sevilla-2026-calendario-artistas-y-recitales-gratuitos-01.webp","keywords":["chant flamenco","Circuit andalou des pe\u00f1as","flamenco en Sevilla","flamenco gratuit","pe\u00f1as flamencas"],"articleSection":["Clubs de flamenco"],"inLanguage":"fr-FR"},{"@type":"WebPage","@id":"https:\/\/www.tablaosflamencos.com\/fr\/circuit-andalou-penas-seville-2026.html","url":"https:\/\/www.tablaosflamencos.com\/fr\/circuit-andalou-penas-seville-2026.html","name":"Circuit andalou des pe\u00f1as \u00e0 S\u00e9ville 2026 : calendrier et artistes | Tablaos Flamencos","isPartOf":{"@id":"https:\/\/www.tablaosflamencos.com\/fr#website"},"primaryImageOfPage":{"@id":"https:\/\/www.tablaosflamencos.com\/fr\/circuit-andalou-penas-seville-2026.html#primaryimage"},"image":{"@id":"https:\/\/www.tablaosflamencos.com\/fr\/circuit-andalou-penas-seville-2026.html#primaryimage"},"thumbnailUrl":"https:\/\/www.tablaosflamencos.com\/wp-content\/uploads\/circuito-andaluz-de-penas-en-sevilla-2026-calendario-artistas-y-recitales-gratuitos-01.webp","datePublished":"2026-09-05T12:14:08+00:00","dateModified":"2026-09-05T12:27:52+00:00","description":"Consultez le calendrier 2026 du Circuit andalou des pe\u00f1as \u00e0 S\u00e9ville : artistes, communes, pe\u00f1as flamencas et r\u00e9citals gratuits.","breadcrumb":{"@id":"https:\/\/www.tablaosflamencos.com\/fr\/circuit-andalou-penas-seville-2026.html#breadcrumb"},"inLanguage":"fr-FR","potentialAction":[{"@type":"ReadAction","target":["https:\/\/www.tablaosflamencos.com\/fr\/circuit-andalou-penas-seville-2026.html"]}]},{"@type":"ImageObject","inLanguage":"fr-FR","@id":"https:\/\/www.tablaosflamencos.com\/fr\/circuit-andalou-penas-seville-2026.html#primaryimage","url":"https:\/\/www.tablaosflamencos.com\/wp-content\/uploads\/circuito-andaluz-de-penas-en-sevilla-2026-calendario-artistas-y-recitales-gratuitos-01.webp","contentUrl":"https:\/\/www.tablaosflamencos.com\/wp-content\/uploads\/circuito-andaluz-de-penas-en-sevilla-2026-calendario-artistas-y-recitales-gratuitos-01.webp","width":1536,"height":1024,"caption":"Circuito Andaluz de Pe\u00f1as en Sevilla 2026: calendario, artistas y recitales gratuitos"},{"@type":"BreadcrumbList","@id":"https:\/\/www.tablaosflamencos.com\/fr\/circuit-andalou-penas-seville-2026.html#breadcrumb","itemListElement":[{"@type":"ListItem","position":1,"name":"Home","item":"https:\/\/www.tablaosflamencos.com\/fr"},{"@type":"ListItem","position":2,"name":"Circuit andalou des pe\u00f1as \u00e0 S\u00e9ville 2026 : calendrier, artistes et r\u00e9citals gratuits"}]},{"@type":"WebSite","@id":"https:\/\/www.tablaosflamencos.com\/fr#website","url":"https:\/\/www.tablaosflamencos.com\/fr","name":"Tablaos Flamencos","description":"Entradas para tablaos flamencos de Espa\u00f1a","publisher":{"@id":"https:\/\/www.tablaosflamencos.com\/fr#organization"},"alternateName":"Tablaos Flamencos","potentialAction":[{"@type":"SearchAction","target":{"@type":"EntryPoint","urlTemplate":"https:\/\/www.tablaosflamencos.com\/fr?s={search_term_string}"},"query-input":{"@type":"PropertyValueSpecification","valueRequired":true,"valueName":"search_term_string"}}],"inLanguage":"fr-FR"},{"@type":["Organization","Place","EntertainmentBusiness"],"@id":"https:\/\/www.tablaosflamencos.com\/fr#organization","name":"Tablaos Flamencos","alternateName":"Tablaos Flamencos","url":"https:\/\/www.tablaosflamencos.com\/fr","logo":{"@id":"https:\/\/www.tablaosflamencos.com\/fr\/circuit-andalou-penas-seville-2026.html#local-main-organization-logo"},"image":{"@id":"https:\/\/www.tablaosflamencos.com\/fr\/circuit-andalou-penas-seville-2026.html#local-main-organization-logo"},"sameAs":["https:\/\/www.facebook.com\/tablaosflamencos","https:\/\/x.com\/tablaosflamenco","https:\/\/mastodon.social\/@tablaosflamencos","https:\/\/www.instagram.com\/tablaosflamencos","https:\/\/tiktok.com\/@tablaosflamencos","https:\/\/www.linkedin.com\/company\/109408238\/"],"description":"Venta de entradas para espect\u00e1culos flamencos","legalName":"Tablaos Flamencos","foundingDate":"2015-01-01","numberOfEmployees":{"@type":"QuantitativeValue","minValue":"1","maxValue":"10"},"address":{"@id":"https:\/\/www.tablaosflamencos.com\/fr\/circuit-andalou-penas-seville-2026.html#local-main-place-address"},"geo":{"@type":"GeoCoordinates","latitude":"37.3868072","longitude":"-5.993280299999999"},"telephone":["+34623787787"],"contactPoint":{"@type":"ContactPoint","telephone":"+34623787787","email":"info@tablaosflamencos.com"},"openingHoursSpecification":{"@type":"OpeningHoursSpecification","dayOfWeek":["Monday","Tuesday","Wednesday","Thursday","Friday","Saturday","Sunday"],"opens":"00:00","closes":"23:59"},"email":"info@tablaosflamencos.com","priceRange":"$$$","currenciesAccepted":"\u20ac"},{"@type":"Person","@id":"https:\/\/www.tablaosflamencos.com\/fr#\/schema\/person\/e7a9ebe14eb75a52ceabfbffb3c54f5d","name":"Miguel Ortiz","description":"Miguel Ortiz es un empresario flamenco, con una s\u00f3lida trayectoria dentro del sector. Ha presidido entidades culturales vinculadas al flamenco y, cuenta con un amplio recorrido profesional en la gesti\u00f3n y promoci\u00f3n de espect\u00e1culos y tablaos flamencos. Su pasi\u00f3n por la historia y el arte flamenco se refleja en cada art\u00edculo, donde combina experiencia, criterio y un profundo respeto por la tradici\u00f3n.","sameAs":["https:\/\/www.tablaosflamencos.com","https:\/\/www.instagra.com\/miguelortizfe","https:\/\/www.linkedin.com\/in\/miguelortizf\/"],"birthDate":"1984-11-22","gender":"hombre","knowsLanguage":["espa\u00f1ol","ingl\u00e9s"],"jobTitle":"Empresario flamenco"},{"@type":"PostalAddress","@id":"https:\/\/www.tablaosflamencos.com\/fr\/circuit-andalou-penas-seville-2026.html#local-main-place-address","streetAddress":"C\/ Alemanes, 19","addressLocality":"Sevilla","postalCode":"41004","addressRegion":"Sevilla","addressCountry":"ES"},{"@type":"ImageObject","inLanguage":"fr-FR","@id":"https:\/\/www.tablaosflamencos.com\/fr\/circuit-andalou-penas-seville-2026.html#local-main-organization-logo","url":"https:\/\/www.tablaosflamencos.com\/wp-content\/uploads\/tablaos-flamencos-06-3.webp","contentUrl":"https:\/\/www.tablaosflamencos.com\/wp-content\/uploads\/tablaos-flamencos-06-3.webp","width":600,"height":620,"caption":"Tablaos Flamencos"}]},"geo.placename":"Sevilla","geo.position":{"lat":"37.3868072","long":"-5.993280299999999"},"geo.region":"Espagne"},"_links":{"self":[{"href":"https:\/\/www.tablaosflamencos.com\/fr\/wp-json\/wp\/v2\/posts\/14847","targetHints":{"allow":["GET"]}}],"collection":[{"href":"https:\/\/www.tablaosflamencos.com\/fr\/wp-json\/wp\/v2\/posts"}],"about":[{"href":"https:\/\/www.tablaosflamencos.com\/fr\/wp-json\/wp\/v2\/types\/post"}],"author":[{"embeddable":true,"href":"https:\/\/www.tablaosflamencos.com\/fr\/wp-json\/wp\/v2\/users\/1"}],"replies":[{"embeddable":true,"href":"https:\/\/www.tablaosflamencos.com\/fr\/wp-json\/wp\/v2\/comments?post=14847"}],"version-history":[{"count":1,"href":"https:\/\/www.tablaosflamencos.com\/fr\/wp-json\/wp\/v2\/posts\/14847\/revisions"}],"predecessor-version":[{"id":14861,"href":"https:\/\/www.tablaosflamencos.com\/fr\/wp-json\/wp\/v2\/posts\/14847\/revisions\/14861"}],"wp:featuredmedia":[{"embeddable":true,"href":"https:\/\/www.tablaosflamencos.com\/fr\/wp-json\/wp\/v2\/media\/14729"}],"wp:attachment":[{"href":"https:\/\/www.tablaosflamencos.com\/fr\/wp-json\/wp\/v2\/media?parent=14847"}],"wp:term":[{"taxonomy":"category","embeddable":true,"href":"https:\/\/www.tablaosflamencos.com\/fr\/wp-json\/wp\/v2\/categories?post=14847"},{"taxonomy":"post_tag","embeddable":true,"href":"https:\/\/www.tablaosflamencos.com\/fr\/wp-json\/wp\/v2\/tags?post=14847"}],"curies":[{"name":"wp","href":"https:\/\/api.w.org\/{rel}","templated":true}]}}