{"id":14826,"date":"2026-09-05T14:03:11","date_gmt":"2026-09-05T12:03:11","guid":{"rendered":"https:\/\/www.tablaosflamencos.com\/?p=14826"},"modified":"2026-09-05T14:31:12","modified_gmt":"2026-09-05T12:31:12","slug":"ou-voir-flamenco-jerez-pendant-jerez-fusion","status":"publish","type":"post","link":"https:\/\/www.tablaosflamencos.com\/fr\/ou-voir-flamenco-jerez-pendant-jerez-fusion.html","title":{"rendered":"O\u00f9 voir du flamenco \u00e0 Jerez pendant Jerez Fusi\u00f3n"},"content":{"rendered":"<section class=\"l-section wpb_row height_huge\"><div class=\"l-section-h i-cf\"><div class=\"g-cols vc_row via_flex valign_top type_default stacking_default\"><div class=\"vc_col-sm-6 wpb_column vc_column_container\"><div class=\"vc_column-inner\"><div class=\"wpb_wrapper\"><div class=\"wpb_text_column\"><div class=\"wpb_wrapper\"><h2><strong>Flamenco \u00e0 Jerez<\/strong><\/h2>\n<p><strong>Voir du flamenco \u00e0 Jerez pendant Jerez Fusi\u00f3n<\/strong> permet de combiner deux fa\u00e7ons de d\u00e9couvrir la ville : les concerts du festival et une s\u00e9ance de chant flamenco, guitare et danse dans un tablao. Le choix d\u00e9pend de ce que vous souhaitez \u00e9couter, du temps dont vous disposez et des billets disponibles chaque jour.<\/p>\n<p>Si vous voyagez du <strong>10 au 13 septembre 2026<\/strong>, commencez par choisir l&rsquo;activit\u00e9 du festival qui vous int\u00e9resse le plus, puis r\u00e9servez un moment pour d\u00e9couvrir le flamenco dans un format plus intime. Voici un guide pour d\u00e9cider o\u00f9 aller et organiser les deux exp\u00e9riences.<\/p>\n<\/div><\/div><\/div><\/div><\/div><div class=\"vc_col-sm-6 wpb_column vc_column_container\"><div class=\"vc_column-inner\"><div class=\"wpb_wrapper\"><div class=\"w-image us_custom_83db15f5 has_aspect_ratio align_center\"><div class=\"w-image-h\"><img fetchpriority=\"high\" decoding=\"async\" width=\"1024\" height=\"768\" src=\"https:\/\/www.tablaosflamencos.com\/wp-content\/uploads\/donde-ver-flamenco-en-jerez-durante-jerez-fusion-01-1-1024x768.webp\" class=\"attachment-large size-large\" alt=\"D\u00f3nde ver flamenco en Jerez durante Jerez Fusi\u00f3n\" loading=\"eager\" srcset=\"https:\/\/www.tablaosflamencos.com\/wp-content\/uploads\/donde-ver-flamenco-en-jerez-durante-jerez-fusion-01-1-1024x768.webp 1024w, https:\/\/www.tablaosflamencos.com\/wp-content\/uploads\/donde-ver-flamenco-en-jerez-durante-jerez-fusion-01-1-300x225.webp 300w, https:\/\/www.tablaosflamencos.com\/wp-content\/uploads\/donde-ver-flamenco-en-jerez-durante-jerez-fusion-01-1-600x450.webp 600w, https:\/\/www.tablaosflamencos.com\/wp-content\/uploads\/donde-ver-flamenco-en-jerez-durante-jerez-fusion-01-1-150x113.webp 150w, https:\/\/www.tablaosflamencos.com\/wp-content\/uploads\/donde-ver-flamenco-en-jerez-durante-jerez-fusion-01-1.webp 1448w\" sizes=\"auto, (max-width: 1024px) 100vw, 1024px\" \/><\/div><\/div><\/div><\/div><\/div><\/div><\/div><\/section><section class=\"l-section wpb_row height_huge color_alternate with_shape\"><div class=\"l-section-shape type_zigzag pos_top\" style=\"height:3vmin;\"><svg xmlns=\"http:\/\/www.w3.org\/2000\/svg\" viewBox=\"0 0 64 8\" preserveAspectRatio=\"none\" width=\"100%\" height=\"100%\">\r\n\t<path fill=\"currentColor\" d=\"M64 8 L0 8 L0 0 L20 7.9 L40 3 L48 5 L64 0 Z\"\/>\r\n<\/svg><\/div><div class=\"l-section-shape type_zigzag pos_bottom\" style=\"height:3vmin;\"><svg xmlns=\"http:\/\/www.w3.org\/2000\/svg\" viewBox=\"0 0 64 8\" preserveAspectRatio=\"none\" width=\"100%\" height=\"100%\">\r\n\t<path fill=\"currentColor\" d=\"M64 8 L0 8 L0 0 L20 7.9 L40 3 L48 5 L64 0 Z\"\/>\r\n<\/svg><\/div><div class=\"l-section-h i-cf\"><div class=\"g-cols vc_row via_flex valign_top type_default stacking_default\"><div class=\"vc_col-sm-12 wpb_column vc_column_container\"><div class=\"vc_column-inner\"><div class=\"wpb_wrapper\"><div class=\"wpb_text_column\"><div class=\"wpb_wrapper\"><h2>R\u00e9ponse rapide : o\u00f9 voir du flamenco pendant le festival<\/h2>\n<p>Pour suivre Jerez Fusi\u00f3n, consultez les lieux et les spectacles de sa <a href=\"https:\/\/www.jerezfusion.com\/\">programmation officielle<\/a>. Si vous recherchez un spectacle de tablao \u00e0 r\u00e9server s\u00e9par\u00e9ment, vous pouvez choisir <a href=\"https:\/\/www.tablaosflamencos.com\/tablao\/tablao-flamenco-puro-arte\">Tablao Flamenco Puro Arte<\/a>. Vous pouvez \u00e9galement consulter notre page consacr\u00e9e au <a href=\"https:\/\/www.tablaosflamencos.com\/flamenco-en-jerez\">flamenco \u00e0 Jerez<\/a> pour voir l&rsquo;offre disponible.<\/p>\n<p><strong>La r\u00e9servation d&rsquo;un tablao est ind\u00e9pendante du festival.<\/strong> V\u00e9rifiez la date, l&rsquo;horaire et ce qui est inclus dans chaque activit\u00e9 avant de finaliser votre programme.<\/p>\n<\/div><\/div><\/div><\/div><\/div><\/div><\/div><\/section><section class=\"l-section wpb_row height_huge\"><div class=\"l-section-h i-cf\"><div class=\"g-cols vc_row via_flex valign_top type_default stacking_default\"><div class=\"vc_col-sm-3 wpb_column vc_column_container\"><div class=\"vc_column-inner\"><div class=\"wpb_wrapper\"><\/div><\/div><\/div><div class=\"vc_col-sm-6 wpb_column vc_column_container\"><div class=\"vc_column-inner\"><div class=\"wpb_wrapper\"><div class=\"wpb_text_column\"><div class=\"wpb_wrapper\"><h2>Dans ce guide<\/h2>\n<ul>\n<li><a href=\"#festival\">Les lieux de Jerez Fusi\u00f3n<\/a><\/li>\n<li><a href=\"#puro-arte\">Puro Arte : une option de tablao<\/a><\/li>\n<li><a href=\"#elegir\">Quel format choisir<\/a><\/li>\n<li><a href=\"#plan\">Comment organiser la journ\u00e9e<\/a><\/li>\n<li><a href=\"#reservar\">Billets et r\u00e9servation<\/a><\/li>\n<li><a href=\"#preguntas\">Questions fr\u00e9quentes<\/a><\/li>\n<\/ul>\n<\/div><\/div><\/div><\/div><\/div><div class=\"vc_col-sm-3 wpb_column vc_column_container\"><div class=\"vc_column-inner\"><div class=\"wpb_wrapper\"><\/div><\/div><\/div><\/div><\/div><\/section><section class=\"l-section wpb_row height_huge color_alternate with_shape\"><div class=\"l-section-shape type_zigzag pos_top\" style=\"height:3vmin;\"><svg xmlns=\"http:\/\/www.w3.org\/2000\/svg\" viewBox=\"0 0 64 8\" preserveAspectRatio=\"none\" width=\"100%\" height=\"100%\">\r\n\t<path fill=\"currentColor\" d=\"M64 8 L0 8 L0 0 L20 7.9 L40 3 L48 5 L64 0 Z\"\/>\r\n<\/svg><\/div><div class=\"l-section-shape type_zigzag pos_bottom\" style=\"height:3vmin;\"><svg xmlns=\"http:\/\/www.w3.org\/2000\/svg\" viewBox=\"0 0 64 8\" preserveAspectRatio=\"none\" width=\"100%\" height=\"100%\">\r\n\t<path fill=\"currentColor\" d=\"M64 8 L0 8 L0 0 L20 7.9 L40 3 L48 5 L64 0 Z\"\/>\r\n<\/svg><\/div><div class=\"l-section-h i-cf\"><div class=\"g-cols vc_row via_flex valign_top type_default stacking_default\"><div class=\"vc_col-sm-12 wpb_column vc_column_container\"><div class=\"vc_column-inner\"><div class=\"wpb_wrapper\"><div class=\"wpb_text_column\"><div class=\"wpb_wrapper\"><h2 id=\"festival\">Les lieux de Jerez Fusi\u00f3n : choisissez selon le spectacle<\/h2>\n<p>Jerez Fusi\u00f3n propose une rencontre entre le flamenco, d&rsquo;autres langages musicaux et la culture du vin. Le programme se r\u00e9partit entre plusieurs lieux ; le plus pratique est donc de choisir d&rsquo;abord un spectacle, puis de rep\u00e9rer o\u00f9 il se d\u00e9roule. V\u00e9rifiez toujours le lieu exact indiqu\u00e9 sur votre billet : le nom du festival ne correspond pas \u00e0 une seule adresse.<\/p>\n<p>La <a href=\"https:\/\/www.jerez.es\/eventos\/detalle\/jerez-fusion-flamenco-global-experience\">Mairie de Jerez<\/a> situe l&rsquo;\u00e9v\u00e9nement du 10 au 13 septembre et annonce l&rsquo;Alameda Vieja comme sc\u00e8ne du concert de cl\u00f4ture, avec un hommage \u00e0 Antonio de los R\u00edos, \u00ab El Madriles \u00bb, et la participation de Raimundo Amador. Pour les horaires, l&rsquo;acc\u00e8s et d&rsquo;\u00e9ventuels changements, consultez les informations publi\u00e9es par l&rsquo;organisation pour chaque concert.<\/p>\n<p>Choisissez cette partie du s\u00e9jour si vous souhaitez d\u00e9couvrir des croisements musicaux ou suivre un artiste \u00e0 l&rsquo;affiche. Avant d&rsquo;acheter, v\u00e9rifiez \u00e9galement le format : un concert de fusion peut offrir une exp\u00e9rience diff\u00e9rente d&rsquo;un ensemble flamenco de chant, guitare et danse.<\/p>\n<\/div><\/div><\/div><\/div><\/div><\/div><\/div><\/section><section class=\"l-section wpb_row height_huge\"><div class=\"l-section-h i-cf\"><div class=\"g-cols vc_row via_flex valign_top type_default stacking_default\"><div class=\"vc_col-sm-6 wpb_column vc_column_container\"><div class=\"vc_column-inner\"><div class=\"wpb_wrapper\"><div class=\"wpb_text_column\"><div class=\"wpb_wrapper\"><h2 id=\"puro-arte\">Tablao Flamenco Puro Arte : chant, guitare et danse<\/h2>\n<p>Pour ajouter une s\u00e9ance de tablao \u00e0 votre s\u00e9jour, <strong>Puro Arte<\/strong> est l&rsquo;option r\u00e9servable que vous pouvez consulter sur notre site. Il se trouve au <strong>calle Madre de Dios, 10<\/strong>, \u00e0 Jerez de la Frontera, et propose un spectacle de chant flamenco, guitare et danse.<\/p>\n<p>La fiche de l&rsquo;\u00e9tablissement indique une dur\u00e9e approximative de <strong>60 \u00e0 70 minutes<\/strong>, une troupe de cinq artistes et des formules avec boisson ou menu de tapas. V\u00e9rifiez les options de la s\u00e9ance choisie, surtout si vous souhaitez inclure un repas : cette partie du programme demande du temps suppl\u00e9mentaire.<\/p>\n<p><a href=\"https:\/\/www.tablaosflamencos.com\/tablao\/tablao-flamenco-puro-arte\">Consultez la fiche de Puro Arte et ses billets<\/a> pour v\u00e9rifier les disponibilit\u00e9s. Nous pr\u00e9sentons cette visite comme un programme ind\u00e9pendant pour votre s\u00e9jour \u00e0 Jerez, et non comme une activit\u00e9 incluse dans Jerez Fusi\u00f3n.<\/p>\n<\/div><\/div><\/div><\/div><\/div><div class=\"vc_col-sm-6 wpb_column vc_column_container\"><div class=\"vc_column-inner\"><div class=\"wpb_wrapper\"><div class=\"w-image align_center\"><div class=\"w-image-h\"><img decoding=\"async\" width=\"1024\" height=\"684\" src=\"https:\/\/www.tablaosflamencos.com\/wp-content\/uploads\/tablao-flamenco-puro-arte-02-1024x684.webp\" class=\"attachment-large size-large\" alt=\"Tablao Flamenco Jerez | Tablao Puro Arte\" loading=\"eager\" srcset=\"https:\/\/www.tablaosflamencos.com\/wp-content\/uploads\/tablao-flamenco-puro-arte-02-1024x684.webp 1024w, https:\/\/www.tablaosflamencos.com\/wp-content\/uploads\/tablao-flamenco-puro-arte-02-300x200.webp 300w, https:\/\/www.tablaosflamencos.com\/wp-content\/uploads\/tablao-flamenco-puro-arte-02-600x401.webp 600w, https:\/\/www.tablaosflamencos.com\/wp-content\/uploads\/tablao-flamenco-puro-arte-02-150x100.webp 150w, https:\/\/www.tablaosflamencos.com\/wp-content\/uploads\/tablao-flamenco-puro-arte-02.webp 1360w\" sizes=\"auto, (max-width: 1024px) 100vw, 1024px\" \/><\/div><\/div><\/div><\/div><\/div><\/div><\/div><\/section><section class=\"l-section wpb_row height_huge color_alternate with_shape\"><div class=\"l-section-shape type_zigzag pos_top\" style=\"height:3vmin;\"><svg xmlns=\"http:\/\/www.w3.org\/2000\/svg\" viewBox=\"0 0 64 8\" preserveAspectRatio=\"none\" width=\"100%\" height=\"100%\">\r\n\t<path fill=\"currentColor\" d=\"M64 8 L0 8 L0 0 L20 7.9 L40 3 L48 5 L64 0 Z\"\/>\r\n<\/svg><\/div><div class=\"l-section-shape type_zigzag pos_bottom\" style=\"height:3vmin;\"><svg xmlns=\"http:\/\/www.w3.org\/2000\/svg\" viewBox=\"0 0 64 8\" preserveAspectRatio=\"none\" width=\"100%\" height=\"100%\">\r\n\t<path fill=\"currentColor\" d=\"M64 8 L0 8 L0 0 L20 7.9 L40 3 L48 5 L64 0 Z\"\/>\r\n<\/svg><\/div><div class=\"l-section-h i-cf\"><div class=\"g-cols vc_row via_flex valign_top type_default stacking_default\"><div class=\"vc_col-sm-12 wpb_column vc_column_container\"><div class=\"vc_column-inner\"><div class=\"wpb_wrapper\"><div class=\"wpb_text_column\"><div class=\"wpb_wrapper\"><h2 id=\"elegir\">Festival, tablao ou agenda local : quelle option vous convient<\/h2>\n<h3>Pour suivre un artiste ou d\u00e9couvrir des fusions<\/h3>\n<p>Commencez par l&rsquo;affiche du festival. \u00c9coutez un extrait du projet qui vous int\u00e9resse et regardez ce que propose le concert. Vous choisirez ainsi selon vos affinit\u00e9s musicales, et pas seulement parce qu&rsquo;une activit\u00e9 tombe \u00e0 un horaire libre.<\/p>\n<h3>Pour une premi\u00e8re exp\u00e9rience de chant, guitare et danse flamencos<\/h3>\n<p>Un tablao permet d&rsquo;organiser facilement une visite autour d&rsquo;un spectacle d\u00e9fini. C&rsquo;est un bon choix si vous souhaitez prendre le temps d&rsquo;observer comment la voix, la guitare et la danse s&rsquo;accompagnent. V\u00e9rifiez ce qui est annonc\u00e9 : tous les spectacles flamencos n&rsquo;ont pas la m\u00eame distribution ni la m\u00eame importance accord\u00e9e \u00e0 chaque discipline.<\/p>\n<h3>Pour compl\u00e9ter le programme avec des pe\u00f1as et des tabancos<\/h3>\n<p>Si vous souhaitez ajouter une activit\u00e9 de l&rsquo;agenda local, cherchez un r\u00e9cital annonc\u00e9 pour vos dates et v\u00e9rifiez ses conditions d&rsquo;acc\u00e8s. Ne partez pas du principe que chaque tabanco proposera un spectacle \u00e0 votre arriv\u00e9e ni qu&rsquo;une pe\u00f1a organise des concerts tous les jours. Un lieu \u00e0 l&rsquo;ambiance flamenca et un spectacle programm\u00e9 sont deux propositions diff\u00e9rentes ; mieux vaut savoir ce que vous recherchez.<\/p>\n<\/div><\/div><\/div><\/div><\/div><\/div><\/div><\/section><section class=\"l-section wpb_row height_huge\"><div class=\"l-section-h i-cf\"><div class=\"g-cols vc_row via_flex valign_top type_default stacking_default\"><div class=\"vc_col-sm-12 wpb_column vc_column_container\"><div class=\"vc_column-inner\"><div class=\"wpb_wrapper\"><div class=\"wpb_text_column\"><div class=\"wpb_wrapper\"><h2 id=\"plan\">Comment combiner Jerez Fusi\u00f3n et un tablao pendant le m\u00eame s\u00e9jour<\/h2>\n<p>Organisez votre s\u00e9jour autour de l&rsquo;activit\u00e9 qui offre le moins d&rsquo;alternatives de date. Si votre principale motivation est un concert pr\u00e9cis, notez d&rsquo;abord son horaire et son lieu. Cherchez ensuite une s\u00e9ance de tablao compatible, sans pr\u00e9voir des d\u00e9placements trop serr\u00e9s.<\/p>\n<h3>Si vous n&rsquo;avez qu&rsquo;une soir\u00e9e<\/h3>\n<p>Choisissez un spectacle comme programme principal. En ajouter un autre n&rsquo;a de sens que si vous pouvez v\u00e9rifier la dur\u00e9e, l&rsquo;heure de sortie du premier lieu et le temps n\u00e9cessaire pour rejoindre le suivant. Si les horaires sont trop proches, profiter tranquillement d&rsquo;une seule exp\u00e9rience est g\u00e9n\u00e9ralement le meilleur choix.<\/p>\n<h3>Si vous restez un week-end<\/h3>\n<p>Consacrez une journ\u00e9e au festival et une autre au tablao. Les s\u00e9parer permet de profiter de chaque format sans surveiller constamment l&rsquo;heure du billet suivant. Dans la journ\u00e9e, gardez du temps pour vous promener, manger ou vous reposer ; il n&rsquo;est pas n\u00e9cessaire de remplir tous les cr\u00e9neaux entre les spectacles.<\/p>\n<h3>Si vous souhaitez inclure un d\u00eener<\/h3>\n<p>V\u00e9rifiez \u00e0 quel moment il est servi et de quelle marge vous avez besoin. Ne planifiez pas la soir\u00e9e uniquement en fonction de la dur\u00e9e du spectacle. Si vous pr\u00e9f\u00e9rez d\u00eener ailleurs, r\u00e9servez votre table en tenant compte de l&rsquo;heure de sortie et du trajet.<\/p>\n<\/div><\/div><\/div><\/div><\/div><\/div><\/div><\/section><section class=\"l-section wpb_row height_huge color_alternate with_shape\"><div class=\"l-section-shape type_zigzag pos_top\" style=\"height:3vmin;\"><svg xmlns=\"http:\/\/www.w3.org\/2000\/svg\" viewBox=\"0 0 64 8\" preserveAspectRatio=\"none\" width=\"100%\" height=\"100%\">\r\n\t<path fill=\"currentColor\" d=\"M64 8 L0 8 L0 0 L20 7.9 L40 3 L48 5 L64 0 Z\"\/>\r\n<\/svg><\/div><div class=\"l-section-shape type_zigzag pos_bottom\" style=\"height:3vmin;\"><svg xmlns=\"http:\/\/www.w3.org\/2000\/svg\" viewBox=\"0 0 64 8\" preserveAspectRatio=\"none\" width=\"100%\" height=\"100%\">\r\n\t<path fill=\"currentColor\" d=\"M64 8 L0 8 L0 0 L20 7.9 L40 3 L48 5 L64 0 Z\"\/>\r\n<\/svg><\/div><div class=\"l-section-h i-cf\"><div class=\"g-cols vc_row via_flex valign_top type_default stacking_default\"><div class=\"vc_col-sm-12 wpb_column vc_column_container\"><div class=\"vc_column-inner\"><div class=\"wpb_wrapper\"><div class=\"wpb_text_column\"><div class=\"wpb_wrapper\"><h2 id=\"reservar\">Que v\u00e9rifier lorsque vous r\u00e9servez du flamenco \u00e0 Jerez<\/h2>\n<p>Pour le festival, consultez les informations de chaque activit\u00e9 sur son site officiel. Pour le tablao, utilisez la fiche de Puro Arte sur Tablaos Flamencos. Chaque r\u00e9servation doit indiquer clairement ce que vous achetez et pour quelle date.<\/p>\n<ul>\n<li><strong>Jour et heure :<\/strong> v\u00e9rifiez qu&rsquo;ils correspondent \u00e0 votre s\u00e9jour et ne co\u00efncident pas avec un autre billet.<\/li>\n<li><strong>Lieu :<\/strong> enregistrez l&rsquo;adresse du lieu exact et pr\u00e9voyez le temps de trajet depuis votre activit\u00e9 pr\u00e9c\u00e9dente.<\/li>\n<li><strong>Formule :<\/strong> v\u00e9rifiez si elle comprend uniquement le spectacle, une boisson ou un repas.<\/li>\n<li><strong>Prix total :<\/strong> v\u00e9rifiez le prix pour tous les participants ainsi que les conditions de modification ou d&rsquo;annulation.<\/li>\n<li><strong>Besoins du groupe :<\/strong> v\u00e9rifiez les conditions pour les enfants, l&rsquo;accessibilit\u00e9 ou les options alimentaires dont vous avez besoin.<\/li>\n<\/ul>\n<p>Ne consid\u00e9rez pas votre place comme confirm\u00e9e avant d&rsquo;avoir termin\u00e9 l&rsquo;achat et re\u00e7u la confirmation correspondante. Si vous ne trouvez pas de disponibilit\u00e9, essayez une autre s\u00e9ance ou r\u00e9organisez la journ\u00e9e avant de r\u00e9server les autres activit\u00e9s.<\/p>\n<\/div><\/div><\/div><\/div><\/div><\/div><\/div><\/section><section class=\"l-section wpb_row height_huge\"><div class=\"l-section-h i-cf\"><div class=\"g-cols vc_row via_flex valign_top type_default stacking_default\"><div class=\"vc_col-sm-12 wpb_column vc_column_container\"><div class=\"vc_column-inner\"><div class=\"wpb_wrapper\"><div class=\"wpb_text_column\"><div class=\"wpb_wrapper\"><h2>Conseils pour profiter du spectacle en direct<\/h2>\n<p>Arrivez avec l&rsquo;avance indiqu\u00e9e sur votre r\u00e9servation et gardez votre billet de fa\u00e7on \u00e0 pouvoir le pr\u00e9senter facilement. Pour Puro Arte, la fiche recommande d&rsquo;arriver 15 \u00e0 20 minutes avant. Cette marge permet de vous installer et de commencer l&rsquo;exp\u00e9rience sans pr\u00e9cipitation.<\/p>\n<p>Pendant le spectacle, gardez les conversations pour plus tard et respectez les r\u00e8gles du lieu concernant les photos et les enregistrements. L&rsquo;\u00e9coute fait aussi partie de l&rsquo;exp\u00e9rience : les changements d&rsquo;intensit\u00e9 et les d\u00e9tails de l&rsquo;accompagnement s&rsquo;appr\u00e9cient mieux lorsque vous pouvez y pr\u00eater attention.<\/p>\n<p>Si vous voyagez en groupe, convenez \u00e0 l&rsquo;avance de la fa\u00e7on dont vous rentrerez \u00e0 votre h\u00e9bergement. R\u00e9gler cette partie de la soir\u00e9e avant le spectacle \u00e9vite de devoir l&rsquo;organiser sur votre t\u00e9l\u00e9phone pendant la repr\u00e9sentation.<\/p>\n<\/div><\/div><\/div><\/div><\/div><\/div><\/div><\/section><section class=\"l-section wpb_row height_huge color_alternate with_shape\"><div class=\"l-section-shape type_zigzag pos_top\" style=\"height:3vmin;\"><svg xmlns=\"http:\/\/www.w3.org\/2000\/svg\" viewBox=\"0 0 64 8\" preserveAspectRatio=\"none\" width=\"100%\" height=\"100%\">\r\n\t<path fill=\"currentColor\" d=\"M64 8 L0 8 L0 0 L20 7.9 L40 3 L48 5 L64 0 Z\"\/>\r\n<\/svg><\/div><div class=\"l-section-shape type_zigzag pos_bottom\" style=\"height:3vmin;\"><svg xmlns=\"http:\/\/www.w3.org\/2000\/svg\" viewBox=\"0 0 64 8\" preserveAspectRatio=\"none\" width=\"100%\" height=\"100%\">\r\n\t<path fill=\"currentColor\" d=\"M64 8 L0 8 L0 0 L20 7.9 L40 3 L48 5 L64 0 Z\"\/>\r\n<\/svg><\/div><div class=\"l-section-h i-cf\"><div class=\"g-cols vc_row via_flex valign_top type_default stacking_default\"><div class=\"vc_col-sm-1\/5 wpb_column vc_column_container\"><div class=\"vc_column-inner\"><div class=\"wpb_wrapper\"><\/div><\/div><\/div><div class=\"vc_col-sm-3\/5 wpb_column vc_column_container\"><div class=\"vc_column-inner\"><div class=\"wpb_wrapper\"><div class=\"wpb_text_column\"><div class=\"wpb_wrapper\"><h2 id=\"preguntas\">Questions fr\u00e9quentes<\/h2>\n<\/div><\/div><div class=\"w-separator size_medium\"><\/div><div class=\"w-tabs accordion type_togglable toggle_style_1 has_scrolling\" style=\"--sections-title-size:inherit;--sections-gap:0.5rem;\"><div class=\"w-tabs-sections titles-align_none icon_chevron cpos_right\"><div class=\"w-tabs-section\" id=\"jerez-fusion-faq-1\"><button type=\"button\" class=\"w-tabs-section-header\" aria-controls=\"content-jerez-fusion-faq-1\" aria-expanded=\"false\"><h3 class=\"w-tabs-section-title\">Quand a lieu Jerez Fusi\u00f3n 2026 ?<\/h3><div class=\"w-tabs-section-control\"><\/div><\/button><div  class=\"w-tabs-section-content\" id=\"content-jerez-fusion-faq-1\"><div class=\"w-tabs-section-content-h i-cf\"><div class=\"wpb_text_column\"><div class=\"wpb_wrapper\"><p>Jerez Fusi\u00f3n se d\u00e9roule du 10 au 13 septembre 2026 \u00e0 Jerez de la Frontera. Consultez la programmation officielle pour conna\u00eetre l&rsquo;horaire et le lieu de chaque activit\u00e9.<\/p>\n<\/div><\/div><\/div><\/div><\/div><div class=\"w-tabs-section\" id=\"jerez-fusion-faq-2\"><button type=\"button\" class=\"w-tabs-section-header\" aria-controls=\"content-jerez-fusion-faq-2\" aria-expanded=\"false\"><h3 class=\"w-tabs-section-title\">O\u00f9 puis-je r\u00e9server un tablao pendant mon s\u00e9jour ?<\/h3><div class=\"w-tabs-section-control\"><\/div><\/button><div  class=\"w-tabs-section-content\" id=\"content-jerez-fusion-faq-2\"><div class=\"w-tabs-section-content-h i-cf\"><div class=\"wpb_text_column\"><div class=\"wpb_wrapper\"><p>Vous pouvez consulter les disponibilit\u00e9s du Tablao Flamenco Puro Arte sur Tablaos Flamencos. L&rsquo;\u00e9tablissement se trouve calle Madre de Dios, 10, \u00e0 Jerez de la Frontera.<\/p>\n<\/div><\/div><\/div><\/div><\/div><div class=\"w-tabs-section\" id=\"jerez-fusion-faq-3\"><button type=\"button\" class=\"w-tabs-section-header\" aria-controls=\"content-jerez-fusion-faq-3\" aria-expanded=\"false\"><h3 class=\"w-tabs-section-title\">Le billet de Puro Arte est-il inclus dans Jerez Fusi\u00f3n ?<\/h3><div class=\"w-tabs-section-control\"><\/div><\/button><div  class=\"w-tabs-section-content\" id=\"content-jerez-fusion-faq-3\"><div class=\"w-tabs-section-content-h i-cf\"><div class=\"wpb_text_column\"><div class=\"wpb_wrapper\"><p>La r\u00e9servation de Puro Arte que nous recommandons dans ce guide est ind\u00e9pendante du festival. V\u00e9rifiez ce qui est inclus dans chaque billet et organisez les deux achats s\u00e9par\u00e9ment.<\/p>\n<\/div><\/div><\/div><\/div><\/div><div class=\"w-tabs-section\" id=\"jerez-fusion-faq-4\"><button type=\"button\" class=\"w-tabs-section-header\" aria-controls=\"content-jerez-fusion-faq-4\" aria-expanded=\"false\"><h3 class=\"w-tabs-section-title\">Puis-je aller au festival et dans un tablao le m\u00eame jour ?<\/h3><div class=\"w-tabs-section-control\"><\/div><\/button><div  class=\"w-tabs-section-content\" id=\"content-jerez-fusion-faq-4\"><div class=\"w-tabs-section-content-h i-cf\"><div class=\"wpb_text_column\"><div class=\"wpb_wrapper\"><p>Oui, si les horaires disponibles le permettent. Pr\u00e9voyez une marge pour la dur\u00e9e des spectacles, les sorties, les d\u00e9placements et le repas. Si le programme devient trop serr\u00e9, choisissez des jours diff\u00e9rents.<\/p>\n<\/div><\/div><\/div><\/div><\/div><div class=\"w-tabs-section\" id=\"jerez-fusion-faq-5\"><button type=\"button\" class=\"w-tabs-section-header\" aria-controls=\"content-jerez-fusion-faq-5\" aria-expanded=\"false\"><h3 class=\"w-tabs-section-title\">Faut-il obligatoirement d\u00eener pour voir le spectacle \u00e0 Puro Arte ?<\/h3><div class=\"w-tabs-section-control\"><\/div><\/button><div  class=\"w-tabs-section-content\" id=\"content-jerez-fusion-faq-5\"><div class=\"w-tabs-section-content-h i-cf\"><div class=\"wpb_text_column\"><div class=\"wpb_wrapper\"><p>La fiche propose des formules avec boisson et des options avec menu de tapas. V\u00e9rifiez les formules disponibles pour la s\u00e9ance que vous souhaitez r\u00e9server.<\/p>\n<\/div><\/div><\/div><\/div><\/div><div class=\"w-tabs-section\" id=\"jerez-fusion-faq-6\"><button type=\"button\" class=\"w-tabs-section-header\" aria-controls=\"content-jerez-fusion-faq-6\" aria-expanded=\"false\"><h3 class=\"w-tabs-section-title\">Y a-t-il du flamenco dans tous les tabancos chaque jour ?<\/h3><div class=\"w-tabs-section-control\"><\/div><\/button><div  class=\"w-tabs-section-content\" id=\"content-jerez-fusion-faq-6\"><div class=\"w-tabs-section-content-h i-cf\"><div class=\"wpb_text_column\"><div class=\"wpb_wrapper\"><p>Ne le tenez pas pour acquis. V\u00e9rifiez que le lieu annonce un spectacle \u00e0 votre date et consultez l&rsquo;horaire ainsi que les conditions d&rsquo;acc\u00e8s avant de vous d\u00e9placer.<\/p>\n<\/div><\/div><\/div><\/div><\/div><\/div><\/div><\/div><\/div><\/div><div class=\"vc_col-sm-1\/5 wpb_column vc_column_container\"><div class=\"vc_column-inner\"><div class=\"wpb_wrapper\"><\/div><\/div><\/div><\/div><\/div><\/section><section class=\"l-section wpb_row height_huge\"><div class=\"l-section-h i-cf\"><div class=\"g-cols vc_row via_flex valign_top type_default stacking_default\"><div class=\"vc_col-sm-12 wpb_column vc_column_container\"><div class=\"vc_column-inner\"><div class=\"wpb_wrapper\"><div class=\"wpb_text_column\"><div class=\"wpb_wrapper\"><h2>Pr\u00e9parez votre soir\u00e9e flamenco \u00e0 Jerez<\/h2>\n<p>Choisissez votre concert de Jerez Fusi\u00f3n et consultez une s\u00e9ance de tablao qui s&rsquo;int\u00e8gre \u00e0 votre s\u00e9jour. Vous pouvez commencer par notre <a href=\"https:\/\/www.tablaosflamencos.com\/flamenco-en-jerez\">s\u00e9lection de flamenco \u00e0 Jerez<\/a> ou aller directement aux options de Puro Arte.<\/p>\n<\/div><\/div><div class=\"w-separator size_medium\"><\/div><div class=\"w-hwrapper valign_top align_center\" style=\"--hwrapper-gap:1.2rem\"><div class=\"w-btn-wrapper align_none\"><a class=\"w-btn us-btn-style_1\" href=\"https:\/\/www.tablaosflamencos.com\/fr\/tablao\/tablao-flamenco-puro-arte\"><span class=\"w-btn-label\">Voir les disponibilit\u00e9s de Puro Arte<\/span><\/a><\/div><\/div><\/div><\/div><\/div><\/div><\/div><\/section>\n","protected":false},"excerpt":{"rendered":"Flamenco \u00e0 Jerez Voir du flamenco \u00e0 Jerez pendant Jerez Fusi\u00f3n permet de combiner deux fa\u00e7ons de d\u00e9couvrir la ville : les concerts du festival et une s\u00e9ance de chant flamenco, guitare et danse dans un tablao. Le choix d\u00e9pend de ce que vous souhaitez \u00e9couter, du temps dont vous disposez et des billets disponibles...","protected":false},"author":1,"featured_media":14752,"comment_status":"closed","ping_status":"closed","sticky":false,"template":"","format":"standard","meta":{"_acf_changed":false,"wpai_generated_summary":"","_ayudawp_aiss_exclude":false,"_ayudawp_aiss_exclude_summary":false,"_ayudawp_aiss_summary":"","_ayudawp_aiss_summary_provider":"","_ayudawp_aiss_summary_hash":"","footnotes":""},"categories":[1668,354],"tags":[2015,2016,2017,2036],"class_list":["post-14826","post","type-post","status-publish","format-standard","has-post-thumbnail","hentry","category-festivals-flamenco","category-flamenco-par-ville","tag-flamenco-a-jerez-fr","tag-jerez-fusion-fr","tag-jerez-fusion-2026-fr","tag-ou-voir-flamenco-a-jerez"],"acf":[],"yoast_head":"<!-- This site is optimized with the Yoast SEO Premium plugin v28.4 (Yoast SEO v28.4) - https:\/\/yoast.com\/product\/yoast-seo-premium-wordpress\/ -->\n<title>O\u00f9 voir du flamenco \u00e0 Jerez pendant Jerez Fusi\u00f3n 2026<\/title>\n<meta name=\"description\" content=\"D\u00e9couvrez o\u00f9 voir du flamenco \u00e0 Jerez pendant Jerez Fusi\u00f3n 2026 : concerts du festival, Puro Arte et conseils pour organiser et r\u00e9server vos sorties.\" \/>\n<meta name=\"robots\" content=\"index, follow, max-snippet:-1, max-image-preview:large, max-video-preview:-1\" \/>\n<link rel=\"canonical\" href=\"https:\/\/www.tablaosflamencos.com\/fr\/ou-voir-flamenco-jerez-pendant-jerez-fusion.html\" \/>\n<meta property=\"og:locale\" content=\"fr_FR\" \/>\n<meta property=\"og:type\" content=\"article\" \/>\n<meta property=\"og:title\" content=\"O\u00f9 voir du flamenco \u00e0 Jerez pendant Jerez Fusi\u00f3n\" \/>\n<meta property=\"og:description\" content=\"D\u00e9couvrez o\u00f9 voir du flamenco \u00e0 Jerez pendant Jerez Fusi\u00f3n 2026 : concerts du festival, Puro Arte et conseils pour organiser et r\u00e9server vos sorties.\" \/>\n<meta property=\"og:url\" content=\"https:\/\/www.tablaosflamencos.com\/fr\/ou-voir-flamenco-jerez-pendant-jerez-fusion.html\" \/>\n<meta property=\"og:site_name\" content=\"Tablaos Flamencos\" \/>\n<meta property=\"article:publisher\" content=\"https:\/\/www.facebook.com\/tablaosflamencos\" \/>\n<meta property=\"article:published_time\" content=\"2026-09-05T12:03:11+00:00\" \/>\n<meta property=\"article:modified_time\" content=\"2026-09-05T12:31:12+00:00\" \/>\n<meta property=\"og:image\" content=\"https:\/\/www.tablaosflamencos.com\/wp-content\/uploads\/donde-ver-flamenco-en-jerez-durante-jerez-fusion-01.webp\" \/>\n\t<meta property=\"og:image:width\" content=\"1536\" \/>\n\t<meta property=\"og:image:height\" content=\"1024\" \/>\n\t<meta property=\"og:image:type\" content=\"image\/webp\" \/>\n<meta name=\"author\" content=\"Miguel Ortiz\" \/>\n<meta name=\"twitter:card\" content=\"summary_large_image\" \/>\n<meta name=\"twitter:creator\" content=\"@tablaosflamenco\" \/>\n<meta name=\"twitter:site\" content=\"@tablaosflamenco\" \/>\n<meta name=\"twitter:label1\" content=\"\u00c9crit par\" \/>\n\t<meta name=\"twitter:data1\" content=\"Miguel Ortiz\" \/>\n\t<meta name=\"twitter:label2\" content=\"Dur\u00e9e de lecture estim\u00e9e\" \/>\n\t<meta name=\"twitter:data2\" content=\"11 minutes\" \/>\n<script type=\"application\/ld+json\" class=\"yoast-schema-graph\">{\"@context\":\"https:\\\/\\\/schema.org\",\"@graph\":[{\"@type\":\"Article\",\"@id\":\"https:\\\/\\\/www.tablaosflamencos.com\\\/fr\\\/ou-voir-flamenco-jerez-pendant-jerez-fusion.html#article\",\"isPartOf\":{\"@id\":\"https:\\\/\\\/www.tablaosflamencos.com\\\/fr\\\/ou-voir-flamenco-jerez-pendant-jerez-fusion.html\"},\"author\":{\"name\":\"Miguel Ortiz\",\"@id\":\"https:\\\/\\\/www.tablaosflamencos.com\\\/fr#\\\/schema\\\/person\\\/e7a9ebe14eb75a52ceabfbffb3c54f5d\"},\"headline\":\"O\u00f9 voir du flamenco \u00e0 Jerez pendant Jerez Fusi\u00f3n\",\"datePublished\":\"2026-09-05T12:03:11+00:00\",\"dateModified\":\"2026-09-05T12:31:12+00:00\",\"mainEntityOfPage\":{\"@id\":\"https:\\\/\\\/www.tablaosflamencos.com\\\/fr\\\/ou-voir-flamenco-jerez-pendant-jerez-fusion.html\"},\"wordCount\":2165,\"publisher\":{\"@id\":\"https:\\\/\\\/www.tablaosflamencos.com\\\/fr#organization\"},\"image\":{\"@id\":\"https:\\\/\\\/www.tablaosflamencos.com\\\/fr\\\/ou-voir-flamenco-jerez-pendant-jerez-fusion.html#primaryimage\"},\"thumbnailUrl\":\"https:\\\/\\\/www.tablaosflamencos.com\\\/wp-content\\\/uploads\\\/donde-ver-flamenco-en-jerez-durante-jerez-fusion-01.webp\",\"keywords\":[\"flamenco \u00e0 Jerez\",\"Jerez Fusi\u00f3n\",\"Jerez Fusi\u00f3n 2026\",\"o\u00f9 voir du flamenco \u00e0 Jerez\"],\"articleSection\":[\"Festivals de flamenco\",\"Flamenco par ville\"],\"inLanguage\":\"fr-FR\"},{\"@type\":\"WebPage\",\"@id\":\"https:\\\/\\\/www.tablaosflamencos.com\\\/fr\\\/ou-voir-flamenco-jerez-pendant-jerez-fusion.html\",\"url\":\"https:\\\/\\\/www.tablaosflamencos.com\\\/fr\\\/ou-voir-flamenco-jerez-pendant-jerez-fusion.html\",\"name\":\"O\u00f9 voir du flamenco \u00e0 Jerez pendant Jerez Fusi\u00f3n 2026\",\"isPartOf\":{\"@id\":\"https:\\\/\\\/www.tablaosflamencos.com\\\/fr#website\"},\"primaryImageOfPage\":{\"@id\":\"https:\\\/\\\/www.tablaosflamencos.com\\\/fr\\\/ou-voir-flamenco-jerez-pendant-jerez-fusion.html#primaryimage\"},\"image\":{\"@id\":\"https:\\\/\\\/www.tablaosflamencos.com\\\/fr\\\/ou-voir-flamenco-jerez-pendant-jerez-fusion.html#primaryimage\"},\"thumbnailUrl\":\"https:\\\/\\\/www.tablaosflamencos.com\\\/wp-content\\\/uploads\\\/donde-ver-flamenco-en-jerez-durante-jerez-fusion-01.webp\",\"datePublished\":\"2026-09-05T12:03:11+00:00\",\"dateModified\":\"2026-09-05T12:31:12+00:00\",\"description\":\"D\u00e9couvrez o\u00f9 voir du flamenco \u00e0 Jerez pendant Jerez Fusi\u00f3n 2026 : concerts du festival, Puro Arte et conseils pour organiser et r\u00e9server vos sorties.\",\"breadcrumb\":{\"@id\":\"https:\\\/\\\/www.tablaosflamencos.com\\\/fr\\\/ou-voir-flamenco-jerez-pendant-jerez-fusion.html#breadcrumb\"},\"inLanguage\":\"fr-FR\",\"potentialAction\":[{\"@type\":\"ReadAction\",\"target\":[\"https:\\\/\\\/www.tablaosflamencos.com\\\/fr\\\/ou-voir-flamenco-jerez-pendant-jerez-fusion.html\"]}]},{\"@type\":\"ImageObject\",\"inLanguage\":\"fr-FR\",\"@id\":\"https:\\\/\\\/www.tablaosflamencos.com\\\/fr\\\/ou-voir-flamenco-jerez-pendant-jerez-fusion.html#primaryimage\",\"url\":\"https:\\\/\\\/www.tablaosflamencos.com\\\/wp-content\\\/uploads\\\/donde-ver-flamenco-en-jerez-durante-jerez-fusion-01.webp\",\"contentUrl\":\"https:\\\/\\\/www.tablaosflamencos.com\\\/wp-content\\\/uploads\\\/donde-ver-flamenco-en-jerez-durante-jerez-fusion-01.webp\",\"width\":1536,\"height\":1024,\"caption\":\"D\u00f3nde ver flamenco en Jerez durante Jerez Fusi\u00f3n\"},{\"@type\":\"BreadcrumbList\",\"@id\":\"https:\\\/\\\/www.tablaosflamencos.com\\\/fr\\\/ou-voir-flamenco-jerez-pendant-jerez-fusion.html#breadcrumb\",\"itemListElement\":[{\"@type\":\"ListItem\",\"position\":1,\"name\":\"Home\",\"item\":\"https:\\\/\\\/www.tablaosflamencos.com\\\/fr\"},{\"@type\":\"ListItem\",\"position\":2,\"name\":\"O\u00f9 voir du flamenco \u00e0 Jerez pendant Jerez Fusi\u00f3n\"}]},{\"@type\":\"WebSite\",\"@id\":\"https:\\\/\\\/www.tablaosflamencos.com\\\/fr#website\",\"url\":\"https:\\\/\\\/www.tablaosflamencos.com\\\/fr\",\"name\":\"Tablaos Flamencos\",\"description\":\"Entradas para tablaos flamencos de Espa\u00f1a\",\"publisher\":{\"@id\":\"https:\\\/\\\/www.tablaosflamencos.com\\\/fr#organization\"},\"alternateName\":\"Tablaos Flamencos\",\"potentialAction\":[{\"@type\":\"SearchAction\",\"target\":{\"@type\":\"EntryPoint\",\"urlTemplate\":\"https:\\\/\\\/www.tablaosflamencos.com\\\/fr?s={search_term_string}\"},\"query-input\":{\"@type\":\"PropertyValueSpecification\",\"valueRequired\":true,\"valueName\":\"search_term_string\"}}],\"inLanguage\":\"fr-FR\"},{\"@type\":[\"Organization\",\"Place\",\"EntertainmentBusiness\"],\"@id\":\"https:\\\/\\\/www.tablaosflamencos.com\\\/fr#organization\",\"name\":\"Tablaos Flamencos\",\"alternateName\":\"Tablaos Flamencos\",\"url\":\"https:\\\/\\\/www.tablaosflamencos.com\\\/fr\",\"logo\":{\"@id\":\"https:\\\/\\\/www.tablaosflamencos.com\\\/fr\\\/ou-voir-flamenco-jerez-pendant-jerez-fusion.html#local-main-organization-logo\"},\"image\":{\"@id\":\"https:\\\/\\\/www.tablaosflamencos.com\\\/fr\\\/ou-voir-flamenco-jerez-pendant-jerez-fusion.html#local-main-organization-logo\"},\"sameAs\":[\"https:\\\/\\\/www.facebook.com\\\/tablaosflamencos\",\"https:\\\/\\\/x.com\\\/tablaosflamenco\",\"https:\\\/\\\/mastodon.social\\\/@tablaosflamencos\",\"https:\\\/\\\/www.instagram.com\\\/tablaosflamencos\",\"https:\\\/\\\/tiktok.com\\\/@tablaosflamencos\",\"https:\\\/\\\/www.linkedin.com\\\/company\\\/109408238\\\/\"],\"description\":\"Venta de entradas para espect\u00e1culos flamencos\",\"legalName\":\"Tablaos Flamencos\",\"foundingDate\":\"2015-01-01\",\"numberOfEmployees\":{\"@type\":\"QuantitativeValue\",\"minValue\":\"1\",\"maxValue\":\"10\"},\"address\":{\"@id\":\"https:\\\/\\\/www.tablaosflamencos.com\\\/fr\\\/ou-voir-flamenco-jerez-pendant-jerez-fusion.html#local-main-place-address\"},\"geo\":{\"@type\":\"GeoCoordinates\",\"latitude\":\"37.3868072\",\"longitude\":\"-5.993280299999999\"},\"telephone\":[\"+34623787787\"],\"contactPoint\":{\"@type\":\"ContactPoint\",\"telephone\":\"+34623787787\",\"email\":\"info@tablaosflamencos.com\"},\"openingHoursSpecification\":{\"@type\":\"OpeningHoursSpecification\",\"dayOfWeek\":[\"Monday\",\"Tuesday\",\"Wednesday\",\"Thursday\",\"Friday\",\"Saturday\",\"Sunday\"],\"opens\":\"00:00\",\"closes\":\"23:59\"},\"email\":\"info@tablaosflamencos.com\",\"priceRange\":\"$$$\",\"currenciesAccepted\":\"\u20ac\"},{\"@type\":\"Person\",\"@id\":\"https:\\\/\\\/www.tablaosflamencos.com\\\/fr#\\\/schema\\\/person\\\/e7a9ebe14eb75a52ceabfbffb3c54f5d\",\"name\":\"Miguel Ortiz\",\"description\":\"Miguel Ortiz es un empresario flamenco, con una s\u00f3lida trayectoria dentro del sector. Ha presidido entidades culturales vinculadas al flamenco y, cuenta con un amplio recorrido profesional en la gesti\u00f3n y promoci\u00f3n de espect\u00e1culos y tablaos flamencos. Su pasi\u00f3n por la historia y el arte flamenco se refleja en cada art\u00edculo, donde combina experiencia, criterio y un profundo respeto por la tradici\u00f3n.\",\"sameAs\":[\"https:\\\/\\\/www.tablaosflamencos.com\",\"https:\\\/\\\/www.instagra.com\\\/miguelortizfe\",\"https:\\\/\\\/www.linkedin.com\\\/in\\\/miguelortizf\\\/\"],\"birthDate\":\"1984-11-22\",\"gender\":\"hombre\",\"knowsLanguage\":[\"espa\u00f1ol\",\"ingl\u00e9s\"],\"jobTitle\":\"Empresario flamenco\"},{\"@type\":\"PostalAddress\",\"@id\":\"https:\\\/\\\/www.tablaosflamencos.com\\\/fr\\\/ou-voir-flamenco-jerez-pendant-jerez-fusion.html#local-main-place-address\",\"streetAddress\":\"C\\\/ Alemanes, 19\",\"addressLocality\":\"Sevilla\",\"postalCode\":\"41004\",\"addressRegion\":\"Sevilla\",\"addressCountry\":\"ES\"},{\"@type\":\"ImageObject\",\"inLanguage\":\"fr-FR\",\"@id\":\"https:\\\/\\\/www.tablaosflamencos.com\\\/fr\\\/ou-voir-flamenco-jerez-pendant-jerez-fusion.html#local-main-organization-logo\",\"url\":\"https:\\\/\\\/www.tablaosflamencos.com\\\/wp-content\\\/uploads\\\/tablaos-flamencos-06-3.webp\",\"contentUrl\":\"https:\\\/\\\/www.tablaosflamencos.com\\\/wp-content\\\/uploads\\\/tablaos-flamencos-06-3.webp\",\"width\":600,\"height\":620,\"caption\":\"Tablaos Flamencos\"}]}<\/script>\n<meta name=\"geo.placename\" content=\"Sevilla\" \/>\n<meta name=\"geo.position\" content=\"37.3868072;-5.993280299999999\" \/>\n<meta name=\"geo.region\" content=\"Espagne\" \/>\n<!-- \/ Yoast SEO Premium plugin. -->","yoast_head_json":{"title":"O\u00f9 voir du flamenco \u00e0 Jerez pendant Jerez Fusi\u00f3n 2026","description":"D\u00e9couvrez o\u00f9 voir du flamenco \u00e0 Jerez pendant Jerez Fusi\u00f3n 2026 : concerts du festival, Puro Arte et conseils pour organiser et r\u00e9server vos sorties.","robots":{"index":"index","follow":"follow","max-snippet":"max-snippet:-1","max-image-preview":"max-image-preview:large","max-video-preview":"max-video-preview:-1"},"canonical":"https:\/\/www.tablaosflamencos.com\/fr\/ou-voir-flamenco-jerez-pendant-jerez-fusion.html","og_locale":"fr_FR","og_type":"article","og_title":"O\u00f9 voir du flamenco \u00e0 Jerez pendant Jerez Fusi\u00f3n","og_description":"D\u00e9couvrez o\u00f9 voir du flamenco \u00e0 Jerez pendant Jerez Fusi\u00f3n 2026 : concerts du festival, Puro Arte et conseils pour organiser et r\u00e9server vos sorties.","og_url":"https:\/\/www.tablaosflamencos.com\/fr\/ou-voir-flamenco-jerez-pendant-jerez-fusion.html","og_site_name":"Tablaos Flamencos","article_publisher":"https:\/\/www.facebook.com\/tablaosflamencos","article_published_time":"2026-09-05T12:03:11+00:00","article_modified_time":"2026-09-05T12:31:12+00:00","og_image":[{"width":1536,"height":1024,"url":"https:\/\/www.tablaosflamencos.com\/wp-content\/uploads\/donde-ver-flamenco-en-jerez-durante-jerez-fusion-01.webp","type":"image\/webp"}],"author":"Miguel Ortiz","twitter_card":"summary_large_image","twitter_creator":"@tablaosflamenco","twitter_site":"@tablaosflamenco","twitter_misc":{"\u00c9crit par":"Miguel Ortiz","Dur\u00e9e de lecture estim\u00e9e":"11 minutes"},"schema":{"@context":"https:\/\/schema.org","@graph":[{"@type":"Article","@id":"https:\/\/www.tablaosflamencos.com\/fr\/ou-voir-flamenco-jerez-pendant-jerez-fusion.html#article","isPartOf":{"@id":"https:\/\/www.tablaosflamencos.com\/fr\/ou-voir-flamenco-jerez-pendant-jerez-fusion.html"},"author":{"name":"Miguel Ortiz","@id":"https:\/\/www.tablaosflamencos.com\/fr#\/schema\/person\/e7a9ebe14eb75a52ceabfbffb3c54f5d"},"headline":"O\u00f9 voir du flamenco \u00e0 Jerez pendant Jerez Fusi\u00f3n","datePublished":"2026-09-05T12:03:11+00:00","dateModified":"2026-09-05T12:31:12+00:00","mainEntityOfPage":{"@id":"https:\/\/www.tablaosflamencos.com\/fr\/ou-voir-flamenco-jerez-pendant-jerez-fusion.html"},"wordCount":2165,"publisher":{"@id":"https:\/\/www.tablaosflamencos.com\/fr#organization"},"image":{"@id":"https:\/\/www.tablaosflamencos.com\/fr\/ou-voir-flamenco-jerez-pendant-jerez-fusion.html#primaryimage"},"thumbnailUrl":"https:\/\/www.tablaosflamencos.com\/wp-content\/uploads\/donde-ver-flamenco-en-jerez-durante-jerez-fusion-01.webp","keywords":["flamenco \u00e0 Jerez","Jerez Fusi\u00f3n","Jerez Fusi\u00f3n 2026","o\u00f9 voir du flamenco \u00e0 Jerez"],"articleSection":["Festivals de flamenco","Flamenco par ville"],"inLanguage":"fr-FR"},{"@type":"WebPage","@id":"https:\/\/www.tablaosflamencos.com\/fr\/ou-voir-flamenco-jerez-pendant-jerez-fusion.html","url":"https:\/\/www.tablaosflamencos.com\/fr\/ou-voir-flamenco-jerez-pendant-jerez-fusion.html","name":"O\u00f9 voir du flamenco \u00e0 Jerez pendant Jerez Fusi\u00f3n 2026","isPartOf":{"@id":"https:\/\/www.tablaosflamencos.com\/fr#website"},"primaryImageOfPage":{"@id":"https:\/\/www.tablaosflamencos.com\/fr\/ou-voir-flamenco-jerez-pendant-jerez-fusion.html#primaryimage"},"image":{"@id":"https:\/\/www.tablaosflamencos.com\/fr\/ou-voir-flamenco-jerez-pendant-jerez-fusion.html#primaryimage"},"thumbnailUrl":"https:\/\/www.tablaosflamencos.com\/wp-content\/uploads\/donde-ver-flamenco-en-jerez-durante-jerez-fusion-01.webp","datePublished":"2026-09-05T12:03:11+00:00","dateModified":"2026-09-05T12:31:12+00:00","description":"D\u00e9couvrez o\u00f9 voir du flamenco \u00e0 Jerez pendant Jerez Fusi\u00f3n 2026 : concerts du festival, Puro Arte et conseils pour organiser et r\u00e9server vos sorties.","breadcrumb":{"@id":"https:\/\/www.tablaosflamencos.com\/fr\/ou-voir-flamenco-jerez-pendant-jerez-fusion.html#breadcrumb"},"inLanguage":"fr-FR","potentialAction":[{"@type":"ReadAction","target":["https:\/\/www.tablaosflamencos.com\/fr\/ou-voir-flamenco-jerez-pendant-jerez-fusion.html"]}]},{"@type":"ImageObject","inLanguage":"fr-FR","@id":"https:\/\/www.tablaosflamencos.com\/fr\/ou-voir-flamenco-jerez-pendant-jerez-fusion.html#primaryimage","url":"https:\/\/www.tablaosflamencos.com\/wp-content\/uploads\/donde-ver-flamenco-en-jerez-durante-jerez-fusion-01.webp","contentUrl":"https:\/\/www.tablaosflamencos.com\/wp-content\/uploads\/donde-ver-flamenco-en-jerez-durante-jerez-fusion-01.webp","width":1536,"height":1024,"caption":"D\u00f3nde ver flamenco en Jerez durante Jerez Fusi\u00f3n"},{"@type":"BreadcrumbList","@id":"https:\/\/www.tablaosflamencos.com\/fr\/ou-voir-flamenco-jerez-pendant-jerez-fusion.html#breadcrumb","itemListElement":[{"@type":"ListItem","position":1,"name":"Home","item":"https:\/\/www.tablaosflamencos.com\/fr"},{"@type":"ListItem","position":2,"name":"O\u00f9 voir du flamenco \u00e0 Jerez pendant Jerez Fusi\u00f3n"}]},{"@type":"WebSite","@id":"https:\/\/www.tablaosflamencos.com\/fr#website","url":"https:\/\/www.tablaosflamencos.com\/fr","name":"Tablaos Flamencos","description":"Entradas para tablaos flamencos de Espa\u00f1a","publisher":{"@id":"https:\/\/www.tablaosflamencos.com\/fr#organization"},"alternateName":"Tablaos Flamencos","potentialAction":[{"@type":"SearchAction","target":{"@type":"EntryPoint","urlTemplate":"https:\/\/www.tablaosflamencos.com\/fr?s={search_term_string}"},"query-input":{"@type":"PropertyValueSpecification","valueRequired":true,"valueName":"search_term_string"}}],"inLanguage":"fr-FR"},{"@type":["Organization","Place","EntertainmentBusiness"],"@id":"https:\/\/www.tablaosflamencos.com\/fr#organization","name":"Tablaos Flamencos","alternateName":"Tablaos Flamencos","url":"https:\/\/www.tablaosflamencos.com\/fr","logo":{"@id":"https:\/\/www.tablaosflamencos.com\/fr\/ou-voir-flamenco-jerez-pendant-jerez-fusion.html#local-main-organization-logo"},"image":{"@id":"https:\/\/www.tablaosflamencos.com\/fr\/ou-voir-flamenco-jerez-pendant-jerez-fusion.html#local-main-organization-logo"},"sameAs":["https:\/\/www.facebook.com\/tablaosflamencos","https:\/\/x.com\/tablaosflamenco","https:\/\/mastodon.social\/@tablaosflamencos","https:\/\/www.instagram.com\/tablaosflamencos","https:\/\/tiktok.com\/@tablaosflamencos","https:\/\/www.linkedin.com\/company\/109408238\/"],"description":"Venta de entradas para espect\u00e1culos flamencos","legalName":"Tablaos Flamencos","foundingDate":"2015-01-01","numberOfEmployees":{"@type":"QuantitativeValue","minValue":"1","maxValue":"10"},"address":{"@id":"https:\/\/www.tablaosflamencos.com\/fr\/ou-voir-flamenco-jerez-pendant-jerez-fusion.html#local-main-place-address"},"geo":{"@type":"GeoCoordinates","latitude":"37.3868072","longitude":"-5.993280299999999"},"telephone":["+34623787787"],"contactPoint":{"@type":"ContactPoint","telephone":"+34623787787","email":"info@tablaosflamencos.com"},"openingHoursSpecification":{"@type":"OpeningHoursSpecification","dayOfWeek":["Monday","Tuesday","Wednesday","Thursday","Friday","Saturday","Sunday"],"opens":"00:00","closes":"23:59"},"email":"info@tablaosflamencos.com","priceRange":"$$$","currenciesAccepted":"\u20ac"},{"@type":"Person","@id":"https:\/\/www.tablaosflamencos.com\/fr#\/schema\/person\/e7a9ebe14eb75a52ceabfbffb3c54f5d","name":"Miguel Ortiz","description":"Miguel Ortiz es un empresario flamenco, con una s\u00f3lida trayectoria dentro del sector. Ha presidido entidades culturales vinculadas al flamenco y, cuenta con un amplio recorrido profesional en la gesti\u00f3n y promoci\u00f3n de espect\u00e1culos y tablaos flamencos. Su pasi\u00f3n por la historia y el arte flamenco se refleja en cada art\u00edculo, donde combina experiencia, criterio y un profundo respeto por la tradici\u00f3n.","sameAs":["https:\/\/www.tablaosflamencos.com","https:\/\/www.instagra.com\/miguelortizfe","https:\/\/www.linkedin.com\/in\/miguelortizf\/"],"birthDate":"1984-11-22","gender":"hombre","knowsLanguage":["espa\u00f1ol","ingl\u00e9s"],"jobTitle":"Empresario flamenco"},{"@type":"PostalAddress","@id":"https:\/\/www.tablaosflamencos.com\/fr\/ou-voir-flamenco-jerez-pendant-jerez-fusion.html#local-main-place-address","streetAddress":"C\/ Alemanes, 19","addressLocality":"Sevilla","postalCode":"41004","addressRegion":"Sevilla","addressCountry":"ES"},{"@type":"ImageObject","inLanguage":"fr-FR","@id":"https:\/\/www.tablaosflamencos.com\/fr\/ou-voir-flamenco-jerez-pendant-jerez-fusion.html#local-main-organization-logo","url":"https:\/\/www.tablaosflamencos.com\/wp-content\/uploads\/tablaos-flamencos-06-3.webp","contentUrl":"https:\/\/www.tablaosflamencos.com\/wp-content\/uploads\/tablaos-flamencos-06-3.webp","width":600,"height":620,"caption":"Tablaos Flamencos"}]},"geo.placename":"Sevilla","geo.position":{"lat":"37.3868072","long":"-5.993280299999999"},"geo.region":"Espagne"},"_links":{"self":[{"href":"https:\/\/www.tablaosflamencos.com\/fr\/wp-json\/wp\/v2\/posts\/14826","targetHints":{"allow":["GET"]}}],"collection":[{"href":"https:\/\/www.tablaosflamencos.com\/fr\/wp-json\/wp\/v2\/posts"}],"about":[{"href":"https:\/\/www.tablaosflamencos.com\/fr\/wp-json\/wp\/v2\/types\/post"}],"author":[{"embeddable":true,"href":"https:\/\/www.tablaosflamencos.com\/fr\/wp-json\/wp\/v2\/users\/1"}],"replies":[{"embeddable":true,"href":"https:\/\/www.tablaosflamencos.com\/fr\/wp-json\/wp\/v2\/comments?post=14826"}],"version-history":[{"count":1,"href":"https:\/\/www.tablaosflamencos.com\/fr\/wp-json\/wp\/v2\/posts\/14826\/revisions"}],"predecessor-version":[{"id":14865,"href":"https:\/\/www.tablaosflamencos.com\/fr\/wp-json\/wp\/v2\/posts\/14826\/revisions\/14865"}],"wp:featuredmedia":[{"embeddable":true,"href":"https:\/\/www.tablaosflamencos.com\/fr\/wp-json\/wp\/v2\/media\/14752"}],"wp:attachment":[{"href":"https:\/\/www.tablaosflamencos.com\/fr\/wp-json\/wp\/v2\/media?parent=14826"}],"wp:term":[{"taxonomy":"category","embeddable":true,"href":"https:\/\/www.tablaosflamencos.com\/fr\/wp-json\/wp\/v2\/categories?post=14826"},{"taxonomy":"post_tag","embeddable":true,"href":"https:\/\/www.tablaosflamencos.com\/fr\/wp-json\/wp\/v2\/tags?post=14826"}],"curies":[{"name":"wp","href":"https:\/\/api.w.org\/{rel}","templated":true}]}}