{"id":14771,"date":"2026-09-05T13:46:58","date_gmt":"2026-09-05T11:46:58","guid":{"rendered":"https:\/\/www.tablaosflamencos.com\/?p=14771"},"modified":"2026-09-05T14:54:25","modified_gmt":"2026-09-05T12:54:25","slug":"noches-unicas-muelle-sal-hotel-triana-biennale-2026","status":"publish","type":"post","link":"https:\/\/www.tablaosflamencos.com\/fr\/noches-unicas-muelle-sal-hotel-triana-biennale-2026.html","title":{"rendered":"Biennale de Flamenco : les Noches \u00danicas quittent l&rsquo;Hotel Triana pour le Muelle de la Sal"},"content":{"rendered":"<section class=\"l-section wpb_row height_huge\"><div class=\"l-section-h i-cf\"><div class=\"g-cols vc_row via_flex valign_middle type_default stacking_default\"><div class=\"vc_col-sm-6 wpb_column vc_column_container\"><div class=\"vc_column-inner\"><div class=\"wpb_wrapper\"><div class=\"wpb_text_column\"><div class=\"wpb_wrapper\"><p>La <a href=\"https:\/\/www.tablaosflamencos.com\/fr\/biennale-flamenco-seville-2026.html\"><strong>XXIVe Biennale de Flamenco de S\u00e9ville 2026<\/strong><\/a> a annonc\u00e9 un changement important \u00e0 quelques jours du d\u00e9but du festival : les trois <strong>Noches \u00danicas pr\u00e9vues \u00e0 l&rsquo;Hotel Triana<\/strong> les 17, 18 et 19 septembre se d\u00e9rouleront finalement au <strong>Muelle de la Sal<\/strong>.<\/p>\n<p>Cette d\u00e9cision r\u00e9pond \u00e0 la forte demande enregistr\u00e9e pour ces rendez-vous et permettra d&rsquo;accueillir un public plus nombreux. Tout le reste demeure toutefois inchang\u00e9 : <strong>les m\u00eames dates, les m\u00eames horaires et les m\u00eames artistes<\/strong>. Les billets d\u00e9j\u00e0 achet\u00e9s restent \u00e9galement valables, sans qu&rsquo;aucun \u00e9change soit n\u00e9cessaire.<\/p>\n<\/div><\/div><\/div><\/div><\/div><div class=\"vc_col-sm-6 wpb_column vc_column_container\"><div class=\"vc_column-inner\"><div class=\"wpb_wrapper\"><div class=\"wpb_text_column\"><div class=\"wpb_wrapper\"><h2>Les informations essentielles sur le changement de lieu<\/h2>\n<ul>\n<li><strong>Nouveau lieu :<\/strong> Muelle de la Sal, S\u00e9ville.<\/li>\n<li><strong>Ancien lieu :<\/strong> Hotel Triana.<\/li>\n<li><strong>Dates :<\/strong> 17, 18 et 19 septembre 2026.<\/li>\n<li><strong>Horaire :<\/strong> 23 h pour les trois soir\u00e9es.<\/li>\n<li><strong>Motif :<\/strong> mieux r\u00e9pondre \u00e0 la demande du public.<\/li>\n<li><strong>Billets d\u00e9j\u00e0 achet\u00e9s :<\/strong> ils restent valables.<\/li>\n<li><strong>Artistes et programmation :<\/strong> aucun changement.<\/li>\n<\/ul>\n<\/div><\/div><\/div><\/div><\/div><\/div><\/div><\/section><section class=\"l-section wpb_row height_huge color_alternate with_shape\"><div class=\"l-section-shape type_zigzag pos_top hor_flip\" style=\"height:3vmin;\"><svg xmlns=\"http:\/\/www.w3.org\/2000\/svg\" viewBox=\"0 0 64 8\" preserveAspectRatio=\"none\" width=\"100%\" height=\"100%\">\r\n\t<path fill=\"currentColor\" d=\"M64 8 L0 8 L0 0 L20 7.9 L40 3 L48 5 L64 0 Z\"\/>\r\n<\/svg><\/div><div class=\"l-section-shape type_zigzag pos_bottom\" style=\"height:3vmin;\"><svg xmlns=\"http:\/\/www.w3.org\/2000\/svg\" viewBox=\"0 0 64 8\" preserveAspectRatio=\"none\" width=\"100%\" height=\"100%\">\r\n\t<path fill=\"currentColor\" d=\"M64 8 L0 8 L0 0 L20 7.9 L40 3 L48 5 L64 0 Z\"\/>\r\n<\/svg><\/div><div class=\"l-section-h i-cf\"><div class=\"g-cols vc_row via_flex valign_top type_default stacking_default\"><div class=\"vc_col-sm-12 wpb_column vc_column_container\"><div class=\"vc_column-inner\"><div class=\"wpb_wrapper\"><div class=\"wpb_text_column\"><div class=\"wpb_wrapper\"><blockquote>\n<p><strong>L&rsquo;essentiel :<\/strong> les trois Noches \u00danicas qui devaient se tenir \u00e0 l&rsquo;Hotel Triana sont transf\u00e9r\u00e9es au Muelle de la Sal. <em>Mujeres gitanas<\/em> aura lieu le 17 septembre, <em>Uvitas negras<\/em> le 18 et <em>Andaluc\u00eda en el tiempo<\/em> le 19, toujours \u00e0 23 h. Les distributions et les dates ne changent pas, et les billets achet\u00e9s restent valables. Les personnes qui ne souhaitent plus assister aux spectacles en raison de ce changement peuvent demander un remboursement.<\/p>\n<\/blockquote>\n<\/div><\/div><\/div><\/div><\/div><\/div><\/div><\/section><section class=\"l-section wpb_row height_huge\"><div class=\"l-section-h i-cf\"><div class=\"g-cols vc_row via_flex valign_top type_default stacking_default\"><div class=\"vc_col-sm-12 wpb_column vc_column_container\"><div class=\"vc_column-inner\"><div class=\"wpb_wrapper\"><div class=\"wpb_text_column\"><div class=\"wpb_wrapper\"><h2>Ce qui change et ce qui reste identique pour les Noches \u00danicas<\/h2>\n<div style=\"overflow-x: auto;\">\n<table>\n<thead>\n<tr>\n<th>\u00c9l\u00e9ment<\/th>\n<th>Situation pr\u00e9c\u00e9dente<\/th>\n<th>Situation actuelle<\/th>\n<\/tr>\n<\/thead>\n<tbody>\n<tr>\n<td><strong>Lieu<\/strong><\/td>\n<td>Hotel Triana<\/td>\n<td><strong>Muelle de la Sal<\/strong><\/td>\n<\/tr>\n<tr>\n<td><strong>Dates<\/strong><\/td>\n<td>17, 18 et 19 septembre<\/td>\n<td>Inchang\u00e9es<\/td>\n<\/tr>\n<tr>\n<td><strong>Horaire<\/strong><\/td>\n<td>23 h<\/td>\n<td>Inchang\u00e9<\/td>\n<\/tr>\n<tr>\n<td><strong>Distributions artistiques<\/strong><\/td>\n<td>Celles annonc\u00e9es initialement<\/td>\n<td>Int\u00e9gralement maintenues<\/td>\n<\/tr>\n<tr>\n<td><strong>Billets achet\u00e9s<\/strong><\/td>\n<td>Valables pour l&rsquo;Hotel Triana<\/td>\n<td>Toujours valables pour le Muelle de la Sal<\/td>\n<\/tr>\n<\/tbody>\n<\/table>\n<\/div>\n<p>&nbsp;<\/p>\n<p>Le changement concerne donc le <strong>lieu des repr\u00e9sentations<\/strong>, et non le contenu artistique des trois soir\u00e9es. Pour les personnes qui avaient d\u00e9j\u00e0 organis\u00e9 leur programme autour de ces spectacles de fin de soir\u00e9e, la principale adaptation sera le trajet jusqu&rsquo;au nouveau lieu.<\/p>\n<p>Cette annonce est particuli\u00e8rement importante car ces spectacles font partie du cycle des <a href=\"https:\/\/www.tablaosflamencos.com\/fr\/nuits-uniques-biennale-flamenco-seville-2026.html\"><strong>Noches \u00danicas de la Biennale 2026<\/strong><\/a>, une s\u00e9lection de propositions con\u00e7ues comme des rendez-vous exceptionnels par leur combinaison d&rsquo;artistes, de r\u00e9pertoires et de lieux. Le programme g\u00e9n\u00e9ral du festival comprend 26 Noches \u00danicas au cours de cette \u00e9dition.<\/p>\n<\/div><\/div><div class=\"w-separator size_medium\"><\/div><div class=\"w-hwrapper valign_top wrap align_center\" style=\"--hwrapper-gap:1.2rem\"><div class=\"w-btn-wrapper align_none\"><a class=\"w-btn us-btn-style_1\" href=\"https:\/\/www.tablaosflamencos.com\/fr\/biennale-flamenco-seville-2026.html\"><span class=\"w-btn-label\">Guide complet de la Biennale 2026<\/span><\/a><\/div><div class=\"w-btn-wrapper align_none\"><a class=\"w-btn us-btn-style_11\" href=\"https:\/\/www.tablaosflamencos.com\/fr\/nuits-uniques-biennale-flamenco-seville-2026.html\"><span class=\"w-btn-label\">Calendrier des Noches \u00danicas<\/span><\/a><\/div><\/div><\/div><\/div><\/div><\/div><\/div><\/section><section class=\"l-section wpb_row height_huge color_alternate with_shape\"><div class=\"l-section-shape type_zigzag pos_top hor_flip\" style=\"height:3vmin;\"><svg xmlns=\"http:\/\/www.w3.org\/2000\/svg\" viewBox=\"0 0 64 8\" preserveAspectRatio=\"none\" width=\"100%\" height=\"100%\">\r\n\t<path fill=\"currentColor\" d=\"M64 8 L0 8 L0 0 L20 7.9 L40 3 L48 5 L64 0 Z\"\/>\r\n<\/svg><\/div><div class=\"l-section-shape type_zigzag pos_bottom\" style=\"height:3vmin;\"><svg xmlns=\"http:\/\/www.w3.org\/2000\/svg\" viewBox=\"0 0 64 8\" preserveAspectRatio=\"none\" width=\"100%\" height=\"100%\">\r\n\t<path fill=\"currentColor\" d=\"M64 8 L0 8 L0 0 L20 7.9 L40 3 L48 5 L64 0 Z\"\/>\r\n<\/svg><\/div><div class=\"l-section-h i-cf\"><div class=\"g-cols vc_row via_flex valign_top type_default stacking_default\"><div class=\"vc_col-sm-6 wpb_column vc_column_container\"><div class=\"vc_column-inner\"><div class=\"wpb_wrapper\"><div class=\"wpb_text_column\"><div class=\"wpb_wrapper\"><h2>Pourquoi la Biennale remplace l&rsquo;Hotel Triana par le Muelle de la Sal<\/h2>\n<p>La mairie de S\u00e9ville, par l&rsquo;interm\u00e9diaire de son service du Tourisme et de la Culture, et l&rsquo;organisation de la XXIVe Biennale ont expliqu\u00e9 que le transfert r\u00e9pond \u00e0 la <strong>forte demande suscit\u00e9e par les trois spectacles<\/strong>. Le nouveau lieu permettra d&rsquo;accueillir un public plus nombreux sans modifier la programmation artistique pr\u00e9vue.<\/p>\n<p>Aucun chiffre pr\u00e9cis concernant l&rsquo;augmentation de la capacit\u00e9 n&rsquo;a \u00e9t\u00e9 annonc\u00e9. Il ne faut donc pas interpr\u00e9ter ce transfert comme la garantie d&rsquo;une disponibilit\u00e9 illimit\u00e9e de billets. L&rsquo;essentiel est que le Muelle de la Sal offre davantage de places pour ces rendez-vous tout en permettant de conserver les dates et les horaires.<\/p>\n<p>Ce changement intervient apr\u00e8s la pr\u00e9sentation de l&rsquo;Hotel Triana comme l&rsquo;un des grands retours parmi les lieux de l&rsquo;\u00e9dition 2026. Cet ancien ensemble r\u00e9sidentiel organis\u00e9 autour d&rsquo;une cour commune devait redevenir une sc\u00e8ne de fin de soir\u00e9e, quatre ans apr\u00e8s sa pr\u00e9c\u00e9dente pr\u00e9sence \u00e0 la Biennale.<\/p>\n<p>La demande du public a finalement modifi\u00e9 ce projet initial. Les trois propositions conservent leur caract\u00e8re de Noche \u00danica, mais quittent une cour r\u00e9sidentielle intime pour un espace ouvert au bord du Guadalquivir, dans l&rsquo;un des secteurs les plus reconnaissables du centre de S\u00e9ville.<\/p>\n<\/div><\/div><\/div><\/div><\/div><div class=\"vc_col-sm-6 wpb_column vc_column_container\"><div class=\"vc_column-inner\"><div class=\"wpb_wrapper\"><div class=\"wpb_text_column\"><div class=\"wpb_wrapper\"><h2>Ce qu&rsquo;apporte le Muelle de la Sal comme nouvelle sc\u00e8ne<\/h2>\n<p>Le <strong>Muelle de la Sal<\/strong> se trouve sur la rive gauche du Guadalquivir, pr\u00e8s du pont Isabelle-II et face \u00e0 Triana. Historiquement li\u00e9 \u00e0 l&rsquo;ancien port de S\u00e9ville, il constitue aujourd&rsquo;hui une vaste esplanade pi\u00e9tonne au bord du fleuve.<\/p>\n<p>Sa situation modifie sensiblement l&rsquo;exp\u00e9rience envisag\u00e9e pour ces trois soir\u00e9es. L&rsquo;Hotel Triana offrait les dimensions domestiques d&rsquo;une cour commune, avec ses galeries et une grande proximit\u00e9 entre la sc\u00e8ne et le public. Le Muelle de la Sal place au contraire le flamenco en plein air, ouvert sur le paysage urbain et fluvial de S\u00e9ville.<\/p>\n<p>Ce lieu n&rsquo;est pas \u00e9tranger \u00e0 la Biennale. Les abords du Muelle de la Sal ont d\u00e9j\u00e0 accueilli des activit\u00e9s flamencas et des c\u00e9l\u00e9brations li\u00e9es au festival et \u00e0 la Journ\u00e9e mondiale du flamenco. En 2026, il figure \u00e9galement parmi les lieux officiels de la Biennale.<\/p>\n<p>Le site se trouve sur le <strong>Paseo Marqu\u00e9s de Contadero<\/strong>, pr\u00e8s du pont de Triana, des ar\u00e8nes de la Maestranza et du Paseo de Crist\u00f3bal Col\u00f3n. Pour les visiteurs qui s\u00e9journent dans le centre historique, il est facilement accessible \u00e0 pied depuis de nombreux sites touristiques majeurs de S\u00e9ville.<\/p>\n<\/div><\/div><\/div><\/div><\/div><\/div><\/div><\/section><section class=\"l-section wpb_row height_huge\"><div class=\"l-section-h i-cf\"><div class=\"g-cols vc_row via_flex valign_top type_default stacking_default\"><div class=\"vc_col-sm-12 wpb_column vc_column_container\"><div class=\"vc_column-inner\"><div class=\"wpb_wrapper\"><div class=\"wpb_text_column\"><div class=\"wpb_wrapper\"><h2>Programme actualis\u00e9 au Muelle de la Sal<\/h2>\n<div style=\"overflow-x: auto;\">\n<table>\n<thead>\n<tr>\n<th>Date<\/th>\n<th>Horaire<\/th>\n<th>Spectacle<\/th>\n<th>Principaux artistes<\/th>\n<\/tr>\n<\/thead>\n<tbody>\n<tr>\n<td>Jeudi 17 septembre<\/td>\n<td>23 h<\/td>\n<td><strong>Mujeres gitanas<\/strong><\/td>\n<td>Remedios Amaya, Montse Cort\u00e9s, La Fabi, Josemi Carmona et artistes invit\u00e9s<\/td>\n<\/tr>\n<tr>\n<td>Vendredi 18 septembre<\/td>\n<td>23 h<\/td>\n<td><strong>Uvitas negras<\/strong><\/td>\n<td>Artistes de Los Palacios, El Mistela et guitaristes invit\u00e9s<\/td>\n<\/tr>\n<tr>\n<td>Samedi 19 septembre<\/td>\n<td>23 h<\/td>\n<td><strong>Andaluc\u00eda en el tiempo<\/strong><\/td>\n<td>Ma\u00eetres de diff\u00e9rentes provinces andalouses avec Antonio Carri\u00f3n et Eduardo Rebollar<\/td>\n<\/tr>\n<\/tbody>\n<\/table>\n<\/div>\n<p>&nbsp;<\/p>\n<h2>17 septembre : Mujeres gitanas<\/h2>\n<p>La premi\u00e8re des trois soir\u00e9es transf\u00e9r\u00e9es sera <strong><em>Mujeres gitanas<\/em><\/strong>, le jeudi 17 septembre \u00e0 23 h. Le chant sera assur\u00e9 par <strong>Remedios Amaya, Montse Cort\u00e9s et La Fabi<\/strong>, trois voix aux parcours et aux personnalit\u00e9s tr\u00e8s diff\u00e9rents, mais r\u00e9unies par une mani\u00e8re d&rsquo;aborder le flamenco nourrie de l&rsquo;exp\u00e9rience familiale, de la transmission et de la sc\u00e8ne.<\/p>\n<p>Les guitares seront celles de <strong>Josemi Carmona et Jos\u00e9 Serrano<\/strong>. La distribution comprend \u00e9galement <strong>Israel Su\u00e1rez \u00abPira\u00f1a\u00bb<\/strong> aux percussions, <strong>\u00c1lvaro Llanos<\/strong> \u00e0 la basse et <strong>Los Cherokee<\/strong> aux ch\u0153urs et aux palmas, les frappes de mains rythmiques.<\/p>\n<p>La proposition est li\u00e9e au projet <em>La verdad duele<\/em> et place les femmes gitanes au centre. Le concept original avait \u00e9t\u00e9 imagin\u00e9 pour le caract\u00e8re singulier de l&rsquo;Hotel Triana ; apr\u00e8s le transfert, la m\u00eame distribution se produira dans le cadre ouvert du Muelle de la Sal.<\/p>\n<p>Remedios Amaya entretient en outre un lien particuli\u00e8rement fort avec Triana et l&rsquo;histoire r\u00e9cente du flamenco s\u00e9villan. Sa pr\u00e9sence aux c\u00f4t\u00e9s de Montse Cort\u00e9s et de La Fabi fait de cette repr\u00e9sentation l&rsquo;une des rencontres vocales les plus remarquables de la deuxi\u00e8me semaine de la Biennale.<\/p>\n<h2>18 septembre : Uvitas negras et les 75 ans d&rsquo;El Pozo de las Penas<\/h2>\n<p>Le vendredi 18, \u00e9galement \u00e0 23 h, place \u00e0 <strong><em>Uvitas negras<\/em><\/strong>, un spectacle cr\u00e9\u00e9 pour c\u00e9l\u00e9brer le <strong>75e anniversaire de la Pe\u00f1a El Pozo de las Penas<\/strong> de Los Palacios y Villafranca.<\/p>\n<p>La soir\u00e9e r\u00e9unira plusieurs g\u00e9n\u00e9rations d&rsquo;artistes de cette ville. La distribution comprend <strong>Itoly de Los Palacios, Juan \u00abEl Distinguido\u00bb, Nene Escalera, Manuel Orta, Miguel Ortega, Jos\u00e9 \u00c1ngel Carmona, Anabel de Vico et Juanelo<\/strong>. La danse sera assur\u00e9e par <strong>Juan Manuel \u00abEl Mistela\u00bb<\/strong>, dont le retour sur une sc\u00e8ne s\u00e9villane constitue l&rsquo;un des principaux attraits de la proposition.<\/p>\n<p>\u00c0 la guitare participeront <strong>Ni\u00f1o Fraile, Salvador Guti\u00e9rrez et Juan Requena<\/strong>. La direction est confi\u00e9e \u00e0 <strong>Manuel Curao<\/strong>.<\/p>\n<p>Le titre rappelle le chant de marchand que Manolo Caracol avait consacr\u00e9 au raisin de Los Palacios. Il sert de fil conducteur \u00e0 une soir\u00e9e centr\u00e9e sur la m\u00e9moire de l&rsquo;une des associations flamencas les plus influentes de la r\u00e9gion s\u00e9villane. La distribution est int\u00e9gralement maintenue malgr\u00e9 le changement de lieu.<\/p>\n<h2>19 septembre : Andaluc\u00eda en el tiempo<\/h2>\n<p>Le troisi\u00e8me rendez-vous sera <strong><em>Andaluc\u00eda en el tiempo<\/em><\/strong>, le samedi 19 septembre \u00e0 23 h. Le spectacle propose un regard sur la diversit\u00e9 territoriale du chant flamenco \u00e0 travers des artistes li\u00e9s \u00e0 diff\u00e9rentes provinces andalouses.<\/p>\n<p>Participeront <strong>Jos\u00e9 Sorroche<\/strong>, d&rsquo;Almer\u00eda ; <strong>Paqui Corpas<\/strong>, de M\u00e1laga ; <strong>Jaime \u00abEl Parr\u00f3n\u00bb<\/strong>, de Grenade ; <strong>Curro Lucena<\/strong>, de Cordoue ; <strong>Joselete de Linares<\/strong>, de Ja\u00e9n ; <strong>El Boquer\u00f3n<\/strong>, de S\u00e9ville ; <strong>Carmen de la Jara<\/strong>, de Cadix ; <strong>El Pecas<\/strong>, de Huelva ; et <strong>Romerito de Jerez<\/strong>.<\/p>\n<p>Les guitares seront celles de <strong>Antonio Carri\u00f3n et Eduardo Rebollar<\/strong>, avec Antonio Amaya \u00abPetete\u00bb et Emilio Casta\u00f1eda aux palmas. Manuel Curao dirige \u00e9galement cette proposition.<\/p>\n<p>L&rsquo;objectif est de r\u00e9unir des voix qui pr\u00e9servent des styles, des variantes locales et des mani\u00e8res d&rsquo;interpr\u00e9ter li\u00e9es \u00e0 diff\u00e9rentes g\u00e9ographies flamencas. Certains protagonistes sont aujourd&rsquo;hui moins pr\u00e9sents dans les grands circuits, ce qui fait de leur r\u00e9union l&rsquo;une des v\u00e9ritables raret\u00e9s du programme.<\/p>\n<\/div><\/div><\/div><\/div><\/div><\/div><\/div><\/section><section class=\"l-section wpb_row height_huge color_alternate with_shape\"><div class=\"l-section-shape type_zigzag pos_top\" style=\"height:3vmin;\"><svg xmlns=\"http:\/\/www.w3.org\/2000\/svg\" viewBox=\"0 0 64 8\" preserveAspectRatio=\"none\" width=\"100%\" height=\"100%\">\r\n\t<path fill=\"currentColor\" d=\"M64 8 L0 8 L0 0 L20 7.9 L40 3 L48 5 L64 0 Z\"\/>\r\n<\/svg><\/div><div class=\"l-section-shape type_zigzag pos_bottom\" style=\"height:3vmin;\"><svg xmlns=\"http:\/\/www.w3.org\/2000\/svg\" viewBox=\"0 0 64 8\" preserveAspectRatio=\"none\" width=\"100%\" height=\"100%\">\r\n\t<path fill=\"currentColor\" d=\"M64 8 L0 8 L0 0 L20 7.9 L40 3 L48 5 L64 0 Z\"\/>\r\n<\/svg><\/div><div class=\"l-section-h i-cf\"><div class=\"g-cols vc_row via_flex valign_top type_default stacking_default\"><div class=\"vc_col-sm-6 wpb_column vc_column_container\"><div class=\"vc_column-inner\"><div class=\"wpb_wrapper\"><div class=\"wpb_text_column\"><div class=\"wpb_wrapper\"><h2>Faut-il \u00e9changer les billets d\u00e9j\u00e0 achet\u00e9s ?<\/h2>\n<p><strong>Non.<\/strong> L&rsquo;organisation a express\u00e9ment indiqu\u00e9 que les billets achet\u00e9s pour les trois spectacles restent pleinement valables dans le nouveau lieu.<\/p>\n<p>Les personnes qui poss\u00e8dent d\u00e9j\u00e0 un billet pour <em>Mujeres gitanas<\/em>, <em>Uvitas negras<\/em> ou <em>Andaluc\u00eda en el tiempo<\/em> n&rsquo;ont donc aucune d\u00e9marche \u00e0 effectuer pour acc\u00e9der au Muelle de la Sal.<\/p>\n<p>Il est n\u00e9anmoins conseill\u00e9 de consulter, avant de vous d\u00e9placer, les messages que la billetterie ou la Biennale pourrait envoyer, notamment en raison du changement de lieu. Les informations officielles de chaque spectacle doivent pr\u00e9valoir sur les captures d&rsquo;\u00e9cran, les agendas imprim\u00e9s ou les programmes t\u00e9l\u00e9charg\u00e9s avant l&rsquo;annonce.<\/p>\n<p>Si vous n&rsquo;avez pas encore de billet, v\u00e9rifiez les disponibilit\u00e9s aupr\u00e8s des canaux officiels. Dans notre guide des <a href=\"https:\/\/www.tablaosflamencos.com\/fr\/biennale-flamenco-seville-2026-billets-prix-reductions.html\"><strong>billets, tarifs et r\u00e9ductions de la Biennale 2026<\/strong><\/a> nous expliquons o\u00f9 acheter et quelles pr\u00e9cautions prendre pour \u00e9viter la revente et les liens non officiels.<\/p>\n<\/div><\/div><\/div><\/div><\/div><div class=\"vc_col-sm-6 wpb_column vc_column_container\"><div class=\"vc_column-inner\"><div class=\"wpb_wrapper\"><div class=\"wpb_text_column\"><div class=\"wpb_wrapper\"><h2>Peut-on demander un remboursement en raison du changement de lieu ?<\/h2>\n<p>Oui. Les personnes qui d\u00e9cident de ne pas assister aux spectacles en raison du transfert peuvent demander le <strong>remboursement du montant de leurs billets<\/strong>.<\/p>\n<p>L&rsquo;organisation a communiqu\u00e9 l&rsquo;adresse \u00e9lectronique suivante pour ces demandes :<\/p>\n<p><strong>taquillaseulen.icas@gmail.com<\/strong><\/p>\n<p>La billetterie reste \u00e9galement joignable par t\u00e9l\u00e9phone :<\/p>\n<p><strong>955 472 822<\/strong><\/p>\n<p>Il est recommand\u00e9 de conserver le justificatif d&rsquo;achat et d&rsquo;utiliser les coordonn\u00e9es de l&rsquo;acheteur fournies lors de la r\u00e9servation. Si le billet a \u00e9t\u00e9 achet\u00e9 par l&rsquo;interm\u00e9diaire d&rsquo;un op\u00e9rateur particulier, consultez \u00e9galement les instructions qu&rsquo;il pourrait envoyer.<\/p>\n<p>Le changement de lieu n&rsquo;oblige pas \u00e0 demander un remboursement : il s&rsquo;agit d&rsquo;une possibilit\u00e9 pour les personnes qui pr\u00e9f\u00e8rent ne pas se rendre dans le nouvel espace. Pour les autres, le billet initial reste valable.<\/p>\n<\/div><\/div><\/div><\/div><\/div><\/div><\/div><\/section><section class=\"l-section wpb_row height_huge\"><div class=\"l-section-h i-cf\"><div class=\"g-cols vc_row via_flex valign_top type_default stacking_default\"><div class=\"vc_col-sm-12 wpb_column vc_column_container\"><div class=\"vc_column-inner\"><div class=\"wpb_wrapper\"><div class=\"wpb_text_column\"><div class=\"wpb_wrapper\"><h2>Comment rejoindre le Muelle de la Sal<\/h2>\n<p>La Biennale situe l&rsquo;acc\u00e8s au Muelle de la Sal sur le <strong>Paseo Marqu\u00e9s de Contadero, s\/n<\/strong>. Le lieu se trouve au bord du Guadalquivir, sur le tron\u00e7on compris entre le pont Isabelle-II et la Torre del Oro.<\/p>\n<p>L&rsquo;organisation indique comme possibilit\u00e9s de transport public les lignes de bus TUSSAM <strong>3, 21, 40, 41, EA et A2<\/strong>. Les stations de m\u00e9tro les plus proches indiqu\u00e9es par la Biennale sont <strong>Puerta de Jerez<\/strong> et <strong>Plaza de Cuba<\/strong>.<\/p>\n<p>Pour de nombreux visiteurs log\u00e9s dans le centre, la marche sera l&rsquo;une des options les plus simples. Le quai est tr\u00e8s proche des ar\u00e8nes de la Maestranza, du Mercado del Barranco et du pont de Triana. Comme les spectacles commencent \u00e0 23 h, pensez aussi au retour vers votre h\u00e9bergement et \u00e9vitez de d\u00e9pendre de correspondances trop serr\u00e9es \u00e0 la sortie.<\/p>\n<p>Si vous souhaitez combiner l&rsquo;une de ces soir\u00e9es tardives avec un autre spectacle de la Biennale, pr\u00e9voyez suffisamment de temps entre les lieux. Les 17 et 18 septembre, des repr\u00e9sentations ont lieu plus t\u00f4t au Teatro Lope de Vega, et le 19, d&rsquo;autres espaces de la ville proposent \u00e9galement des spectacles. La dur\u00e9e r\u00e9elle de chaque repr\u00e9sentation pouvant varier, mieux vaut ne pas organiser les d\u00e9placements \u00e0 la minute pr\u00e8s.<\/p>\n<\/div><\/div><div class=\"w-separator size_medium\"><\/div><div class=\"w-hwrapper valign_top wrap align_center\" style=\"--hwrapper-gap:1.2rem\"><div class=\"w-btn-wrapper align_none\"><a class=\"w-btn us-btn-style_1\" href=\"https:\/\/www.tablaosflamencos.com\/fr\/biennale-flamenco-seville-2026-billets-prix-reductions.html\"><span class=\"w-btn-label\">Billets, tarifs et r\u00e9ductions<\/span><\/a><\/div><div class=\"w-btn-wrapper align_none\"><a class=\"w-btn us-btn-style_11\" href=\"https:\/\/www.labienal.com\/espacios\/muelle-de-la-sal\"><span class=\"w-btn-label\">Muelle de la Sal sur le site officiel<\/span><\/a><\/div><\/div><\/div><\/div><\/div><\/div><\/div><\/section><section class=\"l-section wpb_row height_huge color_alternate with_shape\"><div class=\"l-section-shape type_zigzag pos_top hor_flip\" style=\"height:3vmin;\"><svg xmlns=\"http:\/\/www.w3.org\/2000\/svg\" viewBox=\"0 0 64 8\" preserveAspectRatio=\"none\" width=\"100%\" height=\"100%\">\r\n\t<path fill=\"currentColor\" d=\"M64 8 L0 8 L0 0 L20 7.9 L40 3 L48 5 L64 0 Z\"\/>\r\n<\/svg><\/div><div class=\"l-section-shape type_zigzag pos_bottom\" style=\"height:3vmin;\"><svg xmlns=\"http:\/\/www.w3.org\/2000\/svg\" viewBox=\"0 0 64 8\" preserveAspectRatio=\"none\" width=\"100%\" height=\"100%\">\r\n\t<path fill=\"currentColor\" d=\"M64 8 L0 8 L0 0 L20 7.9 L40 3 L48 5 L64 0 Z\"\/>\r\n<\/svg><\/div><div class=\"l-section-h i-cf\"><div class=\"g-cols vc_row via_flex valign_top type_default stacking_default\"><div class=\"vc_col-sm-12 wpb_column vc_column_container\"><div class=\"vc_column-inner\"><div class=\"wpb_wrapper\"><div class=\"wpb_text_column\"><div class=\"wpb_wrapper\"><h2>Un changement important pour l&rsquo;un des rendez-vous les plus singuliers de la Biennale<\/h2>\n<p>Le transfert modifie l&rsquo;un des projets les plus s\u00e9duisants annonc\u00e9s par la Biennale pour septembre 2026. Le retour de l&rsquo;Hotel Triana avait une forte dimension symbolique : trois spectacles tardifs dans une ancienne cour r\u00e9sidentielle commune, reliant la programmation \u00e0 la m\u00e9moire de Triana et \u00e0 une mani\u00e8re intime de vivre le flamenco.<\/p>\n<p>La forte demande a conduit \u00e0 privil\u00e9gier un espace capable d&rsquo;accueillir davantage de public. L&rsquo;exp\u00e9rience sera diff\u00e9rente, mais pas n\u00e9cessairement moins singuli\u00e8re. Le Muelle de la Sal installe les trois Noches \u00danicas au pied du pont de Triana, avec le Guadalquivir en toile de fond, dans un lieu embl\u00e9matique de S\u00e9ville.<\/p>\n<p>Pour le visiteur, l&rsquo;essentiel est simple : <strong>il n&rsquo;est pas n\u00e9cessaire de revoir son programme, hormis le lieu<\/strong>. Les dates restent les 17, 18 et 19 septembre, les trois spectacles commencent \u00e0 23 h et les distributions annonc\u00e9es sont maintenues.<\/p>\n<p>Le changement ayant \u00e9t\u00e9 communiqu\u00e9 \u00e0 quelques jours du d\u00e9but de la Biennale, nous recommandons de consulter le programme officiel avant de vous d\u00e9placer. Nous actualiserons \u00e9galement nos guides de la Biennale \u00e0 mesure que les modifications seront int\u00e9gr\u00e9es aux fiches officielles de chaque spectacle.<\/p>\n<p>Et si vous ne trouvez pas de billets pour ces soir\u00e9es, S\u00e9ville conserve une offre tr\u00e8s large de flamenco pendant tout le festival. Notre guide sur <a href=\"https:\/\/www.tablaosflamencos.com\/fr\/biennale-flamenco-seville-2026-billets-epuises-alternatives.html\"><strong>les alternatives lorsque les billets de la Biennale sont \u00e9puis\u00e9s<\/strong><\/a> r\u00e9unit d&rsquo;autres possibilit\u00e9s pour continuer \u00e0 profiter des spectacles durant ces journ\u00e9es.<\/p>\n<\/div><\/div><\/div><\/div><\/div><\/div><\/div><\/section><section class=\"l-section wpb_row height_huge\"><div class=\"l-section-h i-cf\"><div class=\"g-cols vc_row via_flex valign_top type_default stacking_default\"><div class=\"vc_col-sm-1\/5 wpb_column vc_column_container\"><div class=\"vc_column-inner\"><div class=\"wpb_wrapper\"><\/div><\/div><\/div><div class=\"vc_col-sm-3\/5 wpb_column vc_column_container\"><div class=\"vc_column-inner\"><div class=\"wpb_wrapper\"><div class=\"wpb_text_column\"><div class=\"wpb_wrapper\"><h2>Questions fr\u00e9quentes sur le transfert au Muelle de la Sal<\/h2>\n<\/div><\/div><div class=\"w-separator size_medium\"><\/div><div class=\"w-tabs accordion toggle_style_1 has_scrolling\" style=\"--sections-title-size:inherit;--sections-gap:0.5rem;\"><div class=\"w-tabs-sections titles-align_none icon_chevron cpos_right\"><div class=\"w-tabs-section\" id=\"cd89\" itemscope itemprop=\"mainEntity\" itemtype=\"https:\/\/schema.org\/Question\"><button type=\"button\" class=\"w-tabs-section-header\" aria-controls=\"content-cd89\" aria-expanded=\"false\"><div class=\"w-tabs-section-title\" itemprop=\"name\">Quels spectacles sont transf\u00e9r\u00e9s de l&rsquo;Hotel Triana au Muelle de la Sal ?<\/div><div class=\"w-tabs-section-control\"><\/div><\/button><div  class=\"w-tabs-section-content\" id=\"content-cd89\" itemscope itemprop=\"acceptedAnswer\" itemtype=\"https:\/\/schema.org\/Answer\"><div class=\"w-tabs-section-content-h i-cf\" itemprop=\"text\"><div class=\"wpb_text_column\"><div class=\"wpb_wrapper\"><p>Les trois Noches \u00danicas pr\u00e9vues \u00e0 l&rsquo;Hotel Triana sont transf\u00e9r\u00e9es : <em>Mujeres gitanas<\/em>, le 17 septembre ; <em>Uvitas negras<\/em>, le 18 ; et <em>Andaluc\u00eda en el tiempo<\/em>, le 19.<\/p>\n<\/div><\/div><\/div><\/div><\/div><div class=\"w-tabs-section\" id=\"je99\" itemscope itemprop=\"mainEntity\" itemtype=\"https:\/\/schema.org\/Question\"><button type=\"button\" class=\"w-tabs-section-header\" aria-controls=\"content-je99\" aria-expanded=\"false\"><div class=\"w-tabs-section-title\" itemprop=\"name\">Pourquoi le lieu change-t-il ?<\/div><div class=\"w-tabs-section-control\"><\/div><\/button><div  class=\"w-tabs-section-content\" id=\"content-je99\" itemscope itemprop=\"acceptedAnswer\" itemtype=\"https:\/\/schema.org\/Answer\"><div class=\"w-tabs-section-content-h i-cf\" itemprop=\"text\"><div class=\"wpb_text_column\"><div class=\"wpb_wrapper\"><p>La mairie de S\u00e9ville et l&rsquo;organisation de la Biennale ont expliqu\u00e9 que cette d\u00e9cision r\u00e9pond \u00e0 la forte demande suscit\u00e9e par ces repr\u00e9sentations. Le Muelle de la Sal permet d&rsquo;accueillir un public plus nombreux.<\/p>\n<\/div><\/div><\/div><\/div><\/div><div class=\"w-tabs-section\" id=\"df7a\" itemscope itemprop=\"mainEntity\" itemtype=\"https:\/\/schema.org\/Question\"><button type=\"button\" class=\"w-tabs-section-header\" aria-controls=\"content-df7a\" aria-expanded=\"false\"><div class=\"w-tabs-section-title\" itemprop=\"name\">Les dates ou les horaires changent-ils ?<\/div><div class=\"w-tabs-section-control\"><\/div><\/button><div  class=\"w-tabs-section-content\" id=\"content-df7a\" itemscope itemprop=\"acceptedAnswer\" itemtype=\"https:\/\/schema.org\/Answer\"><div class=\"w-tabs-section-content-h i-cf\" itemprop=\"text\"><div class=\"wpb_text_column\"><div class=\"wpb_wrapper\"><p>Non. Les trois spectacles conservent leurs dates initiales et commenceront \u00e0 23 h.<\/p>\n<\/div><\/div><\/div><\/div><\/div><div class=\"w-tabs-section\" id=\"s061\" itemscope itemprop=\"mainEntity\" itemtype=\"https:\/\/schema.org\/Question\"><button type=\"button\" class=\"w-tabs-section-header\" aria-controls=\"content-s061\" aria-expanded=\"false\"><div class=\"w-tabs-section-title\" itemprop=\"name\">Les billets de l&rsquo;Hotel Triana restent-ils valables ?<\/div><div class=\"w-tabs-section-control\"><\/div><\/button><div  class=\"w-tabs-section-content\" id=\"content-s061\" itemscope itemprop=\"acceptedAnswer\" itemtype=\"https:\/\/schema.org\/Answer\"><div class=\"w-tabs-section-content-h i-cf\" itemprop=\"text\"><div class=\"wpb_text_column\"><div class=\"wpb_wrapper\"><p>Oui. Les billets d\u00e9j\u00e0 achet\u00e9s restent valables pour les m\u00eames spectacles au Muelle de la Sal et aucun \u00e9change n&rsquo;est n\u00e9cessaire.<\/p>\n<\/div><\/div><\/div><\/div><\/div><div class=\"w-tabs-section\" id=\"y13d\" itemscope itemprop=\"mainEntity\" itemtype=\"https:\/\/schema.org\/Question\"><button type=\"button\" class=\"w-tabs-section-header\" aria-controls=\"content-y13d\" aria-expanded=\"false\"><div class=\"w-tabs-section-title\" itemprop=\"name\">Puis-je demander un remboursement si je ne souhaite pas aller au Muelle de la Sal ?<\/div><div class=\"w-tabs-section-control\"><\/div><\/button><div  class=\"w-tabs-section-content\" id=\"content-y13d\" itemscope itemprop=\"acceptedAnswer\" itemtype=\"https:\/\/schema.org\/Answer\"><div class=\"w-tabs-section-content-h i-cf\" itemprop=\"text\"><div class=\"wpb_text_column\"><div class=\"wpb_wrapper\"><p>Oui. L&rsquo;organisation permet aux personnes qui renoncent \u00e0 assister au spectacle en raison du changement de lieu de demander un remboursement. Pour toute question, elle a communiqu\u00e9 l&rsquo;adresse taquillaseulen.icas@gmail.com et le num\u00e9ro de la billetterie 955 472 822.<\/p>\n<\/div><\/div><\/div><\/div><\/div><div class=\"w-tabs-section\" id=\"c207\" itemscope itemprop=\"mainEntity\" itemtype=\"https:\/\/schema.org\/Question\"><button type=\"button\" class=\"w-tabs-section-header\" aria-controls=\"content-c207\" aria-expanded=\"false\"><div class=\"w-tabs-section-title\" itemprop=\"name\">O\u00f9 se trouve le Muelle de la Sal ?<\/div><div class=\"w-tabs-section-control\"><\/div><\/button><div  class=\"w-tabs-section-content\" id=\"content-c207\" itemscope itemprop=\"acceptedAnswer\" itemtype=\"https:\/\/schema.org\/Answer\"><div class=\"w-tabs-section-content-h i-cf\" itemprop=\"text\"><div class=\"wpb_text_column\"><div class=\"wpb_wrapper\"><p>Il se trouve au bord du Guadalquivir, au pied du pont de Triana, sur le Paseo Marqu\u00e9s de Contadero. Il est tr\u00e8s proche des ar\u00e8nes de la Maestranza et du Mercado del Barranco.<\/p>\n<\/div><\/div><\/div><\/div><\/div><div class=\"w-tabs-section\" id=\"w2e8\" itemscope itemprop=\"mainEntity\" itemtype=\"https:\/\/schema.org\/Question\"><button type=\"button\" class=\"w-tabs-section-header\" aria-controls=\"content-w2e8\" aria-expanded=\"false\"><div class=\"w-tabs-section-title\" itemprop=\"name\">Les artistes des trois Noches \u00danicas changent-ils ?<\/div><div class=\"w-tabs-section-control\"><\/div><\/button><div  class=\"w-tabs-section-content\" id=\"content-w2e8\" itemscope itemprop=\"acceptedAnswer\" itemtype=\"https:\/\/schema.org\/Answer\"><div class=\"w-tabs-section-content-h i-cf\" itemprop=\"text\"><div class=\"wpb_text_column\"><div class=\"wpb_wrapper\"><p>Non. L&rsquo;organisation a pr\u00e9cis\u00e9 que les distributions artistiques sont int\u00e9gralement maintenues. Le changement concerne le lieu, et non les artistes annonc\u00e9s.<\/p>\n<\/div><\/div><\/div><\/div><\/div><div class=\"w-tabs-section\" id=\"z3b2\" itemscope itemprop=\"mainEntity\" itemtype=\"https:\/\/schema.org\/Question\"><button type=\"button\" class=\"w-tabs-section-header\" aria-controls=\"content-z3b2\" aria-expanded=\"false\"><div class=\"w-tabs-section-title\" itemprop=\"name\">Le Muelle de la Sal fait-il partie des lieux officiels de la Biennale 2026 ?<\/div><div class=\"w-tabs-section-control\"><\/div><\/button><div  class=\"w-tabs-section-content\" id=\"content-z3b2\" itemscope itemprop=\"acceptedAnswer\" itemtype=\"https:\/\/schema.org\/Answer\"><div class=\"w-tabs-section-content-h i-cf\" itemprop=\"text\"><div class=\"wpb_text_column\"><div class=\"wpb_wrapper\"><p>Oui. Le Muelle de la Sal figure parmi les lieux officiels de la XXIVe Biennale de Flamenco et poss\u00e8de sa propre fiche sur le site du festival.<\/p>\n<\/div><\/div><\/div><\/div><\/div><\/div><\/div><\/div><\/div><\/div><div class=\"vc_col-sm-1\/5 wpb_column vc_column_container\"><div class=\"vc_column-inner\"><div class=\"wpb_wrapper\"><\/div><\/div><\/div><\/div><\/div><\/section><section class=\"l-section wpb_row height_huge color_alternate with_shape\"><div class=\"l-section-shape type_zigzag pos_top\" style=\"height:3vmin;\"><svg xmlns=\"http:\/\/www.w3.org\/2000\/svg\" viewBox=\"0 0 64 8\" preserveAspectRatio=\"none\" width=\"100%\" height=\"100%\">\r\n\t<path fill=\"currentColor\" d=\"M64 8 L0 8 L0 0 L20 7.9 L40 3 L48 5 L64 0 Z\"\/>\r\n<\/svg><\/div><div class=\"l-section-h i-cf\"><div class=\"g-cols vc_row via_flex valign_top type_default stacking_default\"><div class=\"vc_col-sm-12 wpb_column vc_column_container\"><div class=\"vc_column-inner\"><div class=\"wpb_wrapper\"><div class=\"wpb_text_column\"><div class=\"wpb_wrapper\"><h2>Trois soir\u00e9es au bord du Guadalquivir<\/h2>\n<p>L&rsquo;Hotel Triana devait apporter intimit\u00e9 et m\u00e9moire du voisinage. Le Muelle de la Sal offrira de l&rsquo;espace, un paysage et une relation directe avec le fleuve. L&rsquo;essentiel demeure n\u00e9anmoins : trois rencontres con\u00e7ues comme des Noches \u00danicas et trois distributions difficiles \u00e0 r\u00e9unir en dehors de la Biennale.<\/p>\n<p>Les 17, 18 et 19 septembre 2026, \u00e0 23 h, l&rsquo;attention se portera sur les rives du Guadalquivir. Pour les personnes qui ont d\u00e9j\u00e0 un billet, aucune d\u00e9marche n&rsquo;est n\u00e9cessaire. Pour celles qui cherchent encore une place, l&rsquo;augmentation de la capacit\u00e9 peut ouvrir de nouvelles possibilit\u00e9s, mais les disponibilit\u00e9s doivent toujours \u00eatre v\u00e9rifi\u00e9es aupr\u00e8s des canaux officiels.<\/p>\n<p>La XXIVe Biennale de Flamenco de S\u00e9ville se tiendra du 9 septembre au 3 octobre 2026. Retrouvez les dates, les lieux et nos recommandations pratiques dans notre <a href=\"https:\/\/www.tablaosflamencos.com\/fr\/biennale-flamenco-seville-2026.html\"><strong>guide complet de la Biennale de Flamenco 2026<\/strong><\/a>.<\/p>\n<\/div><\/div><div class=\"w-separator size_medium\"><\/div><div class=\"w-hwrapper valign_top wrap align_center\" style=\"--hwrapper-gap:1.2rem\"><div class=\"w-btn-wrapper align_none\"><a class=\"w-btn us-btn-style_1\" href=\"https:\/\/www.tablaosflamencos.com\/fr\/biennale-flamenco-seville-2026.html\"><span class=\"w-btn-label\">Consulter le guide complet de la Biennale<\/span><\/a><\/div><div class=\"w-btn-wrapper align_none\"><a class=\"w-btn us-btn-style_11\" href=\"https:\/\/www.tablaosflamencos.com\/fr\/nuits-uniques-biennale-flamenco-seville-2026.html\"><span class=\"w-btn-label\">D\u00e9couvrir les Noches \u00danicas<\/span><\/a><\/div><\/div><\/div><\/div><\/div><\/div><\/div><\/section>\n","protected":false},"excerpt":{"rendered":"<p>La Biennale de Flamenco d\u00e9place au Muelle de la Sal les Noches \u00danicas des 17, 18 et 19 septembre face \u00e0 la forte demande. Billets, artistes et remboursements.<\/p>\n","protected":false},"author":1,"featured_media":14746,"comment_status":"closed","ping_status":"closed","sticky":false,"template":"","format":"standard","meta":{"_acf_changed":false,"wpai_generated_summary":"","_ayudawp_aiss_exclude":false,"_ayudawp_aiss_exclude_summary":false,"_ayudawp_aiss_summary":"","_ayudawp_aiss_summary_provider":"","_ayudawp_aiss_summary_hash":"","footnotes":""},"categories":[1428],"tags":[1238,1239,1240,1241,1155,1242],"class_list":["post-14771","post","type-post","status-publish","format-standard","has-post-thumbnail","hentry","category-biennale-de-flamenco","tag-agenda-flamenca","tag-bienal-2026","tag-bienal-de-flamenco","tag-festivales-flamencos","tag-flamenco-en-sevilla","tag-sevilla"],"acf":[],"yoast_head":"<!-- This site is optimized with the Yoast SEO Premium plugin v28.4 (Yoast SEO v28.4) - https:\/\/yoast.com\/product\/yoast-seo-premium-wordpress\/ -->\n<title>Noches \u00danicas au Muelle de la Sal | Biennale 2026<\/title>\n<meta name=\"description\" content=\"La Biennale transf\u00e8re les Noches \u00danicas des 17, 18 et 19 septembre au Muelle de la Sal. Horaires, artistes, validit\u00e9 des billets et remboursements.\" \/>\n<meta name=\"robots\" content=\"index, follow, max-snippet:-1, max-image-preview:large, max-video-preview:-1\" \/>\n<link rel=\"canonical\" href=\"https:\/\/www.tablaosflamencos.com\/fr\/noches-unicas-muelle-sal-hotel-triana-biennale-2026.html\" \/>\n<meta property=\"og:locale\" content=\"fr_FR\" \/>\n<meta property=\"og:type\" content=\"article\" \/>\n<meta property=\"og:title\" content=\"Biennale de Flamenco : les Noches \u00danicas quittent l&#039;Hotel Triana pour le Muelle de la Sal\" \/>\n<meta property=\"og:description\" content=\"La Biennale transf\u00e8re les Noches \u00danicas des 17, 18 et 19 septembre au Muelle de la Sal. Horaires, artistes, validit\u00e9 des billets et remboursements.\" \/>\n<meta property=\"og:url\" content=\"https:\/\/www.tablaosflamencos.com\/fr\/noches-unicas-muelle-sal-hotel-triana-biennale-2026.html\" \/>\n<meta property=\"og:site_name\" content=\"Tablaos Flamencos\" \/>\n<meta property=\"article:publisher\" content=\"https:\/\/www.facebook.com\/tablaosflamencos\" \/>\n<meta property=\"article:published_time\" content=\"2026-09-05T11:46:58+00:00\" \/>\n<meta property=\"article:modified_time\" content=\"2026-09-05T12:54:25+00:00\" \/>\n<meta property=\"og:image\" content=\"https:\/\/www.tablaosflamencos.com\/wp-content\/uploads\/bienal-de-flamenco-las-noches-unicas-se-trasladan-del-hotel-triana-al-muelle-de-la-sal-01.webp\" \/>\n\t<meta property=\"og:image:width\" content=\"1536\" \/>\n\t<meta property=\"og:image:height\" content=\"1024\" \/>\n\t<meta property=\"og:image:type\" content=\"image\/webp\" \/>\n<meta name=\"author\" content=\"Miguel Ortiz\" \/>\n<meta name=\"twitter:card\" content=\"summary_large_image\" \/>\n<meta name=\"twitter:creator\" content=\"@tablaosflamenco\" \/>\n<meta name=\"twitter:site\" content=\"@tablaosflamenco\" \/>\n<meta name=\"twitter:label1\" content=\"\u00c9crit par\" \/>\n\t<meta name=\"twitter:data1\" content=\"Miguel Ortiz\" \/>\n\t<meta name=\"twitter:label2\" content=\"Dur\u00e9e de lecture estim\u00e9e\" \/>\n\t<meta name=\"twitter:data2\" content=\"16 minutes\" \/>\n<script type=\"application\/ld+json\" class=\"yoast-schema-graph\">{\"@context\":\"https:\\\/\\\/schema.org\",\"@graph\":[{\"@type\":\"Article\",\"@id\":\"https:\\\/\\\/www.tablaosflamencos.com\\\/fr\\\/noches-unicas-muelle-sal-hotel-triana-biennale-2026.html#article\",\"isPartOf\":{\"@id\":\"https:\\\/\\\/www.tablaosflamencos.com\\\/fr\\\/noches-unicas-muelle-sal-hotel-triana-biennale-2026.html\"},\"author\":{\"name\":\"Miguel Ortiz\",\"@id\":\"https:\\\/\\\/www.tablaosflamencos.com\\\/fr#\\\/schema\\\/person\\\/e7a9ebe14eb75a52ceabfbffb3c54f5d\"},\"headline\":\"Biennale de Flamenco : les Noches \u00danicas quittent l&rsquo;Hotel Triana pour le Muelle de la Sal\",\"datePublished\":\"2026-09-05T11:46:58+00:00\",\"dateModified\":\"2026-09-05T12:54:25+00:00\",\"mainEntityOfPage\":{\"@id\":\"https:\\\/\\\/www.tablaosflamencos.com\\\/fr\\\/noches-unicas-muelle-sal-hotel-triana-biennale-2026.html\"},\"wordCount\":3387,\"publisher\":{\"@id\":\"https:\\\/\\\/www.tablaosflamencos.com\\\/fr#organization\"},\"image\":{\"@id\":\"https:\\\/\\\/www.tablaosflamencos.com\\\/fr\\\/noches-unicas-muelle-sal-hotel-triana-biennale-2026.html#primaryimage\"},\"thumbnailUrl\":\"https:\\\/\\\/www.tablaosflamencos.com\\\/wp-content\\\/uploads\\\/bienal-de-flamenco-las-noches-unicas-se-trasladan-del-hotel-triana-al-muelle-de-la-sal-01.webp\",\"keywords\":[\"agenda flamenca\",\"Bienal 2026\",\"Bienal de Flamenco\",\"festivales flamencos\",\"flamenco en Sevilla\",\"sevilla\"],\"articleSection\":[\"Biennale de Flamenco\"],\"inLanguage\":\"fr-FR\"},{\"@type\":\"WebPage\",\"@id\":\"https:\\\/\\\/www.tablaosflamencos.com\\\/fr\\\/noches-unicas-muelle-sal-hotel-triana-biennale-2026.html\",\"url\":\"https:\\\/\\\/www.tablaosflamencos.com\\\/fr\\\/noches-unicas-muelle-sal-hotel-triana-biennale-2026.html\",\"name\":\"Noches \u00danicas au Muelle de la Sal | Biennale 2026\",\"isPartOf\":{\"@id\":\"https:\\\/\\\/www.tablaosflamencos.com\\\/fr#website\"},\"primaryImageOfPage\":{\"@id\":\"https:\\\/\\\/www.tablaosflamencos.com\\\/fr\\\/noches-unicas-muelle-sal-hotel-triana-biennale-2026.html#primaryimage\"},\"image\":{\"@id\":\"https:\\\/\\\/www.tablaosflamencos.com\\\/fr\\\/noches-unicas-muelle-sal-hotel-triana-biennale-2026.html#primaryimage\"},\"thumbnailUrl\":\"https:\\\/\\\/www.tablaosflamencos.com\\\/wp-content\\\/uploads\\\/bienal-de-flamenco-las-noches-unicas-se-trasladan-del-hotel-triana-al-muelle-de-la-sal-01.webp\",\"datePublished\":\"2026-09-05T11:46:58+00:00\",\"dateModified\":\"2026-09-05T12:54:25+00:00\",\"description\":\"La Biennale transf\u00e8re les Noches \u00danicas des 17, 18 et 19 septembre au Muelle de la Sal. Horaires, artistes, validit\u00e9 des billets et remboursements.\",\"breadcrumb\":{\"@id\":\"https:\\\/\\\/www.tablaosflamencos.com\\\/fr\\\/noches-unicas-muelle-sal-hotel-triana-biennale-2026.html#breadcrumb\"},\"inLanguage\":\"fr-FR\",\"potentialAction\":[{\"@type\":\"ReadAction\",\"target\":[\"https:\\\/\\\/www.tablaosflamencos.com\\\/fr\\\/noches-unicas-muelle-sal-hotel-triana-biennale-2026.html\"]}]},{\"@type\":\"ImageObject\",\"inLanguage\":\"fr-FR\",\"@id\":\"https:\\\/\\\/www.tablaosflamencos.com\\\/fr\\\/noches-unicas-muelle-sal-hotel-triana-biennale-2026.html#primaryimage\",\"url\":\"https:\\\/\\\/www.tablaosflamencos.com\\\/wp-content\\\/uploads\\\/bienal-de-flamenco-las-noches-unicas-se-trasladan-del-hotel-triana-al-muelle-de-la-sal-01.webp\",\"contentUrl\":\"https:\\\/\\\/www.tablaosflamencos.com\\\/wp-content\\\/uploads\\\/bienal-de-flamenco-las-noches-unicas-se-trasladan-del-hotel-triana-al-muelle-de-la-sal-01.webp\",\"width\":1536,\"height\":1024,\"caption\":\"Bienal de Flamenco: las Noches \u00danicas se trasladan del Hotel Triana al Muelle de la Sal\"},{\"@type\":\"BreadcrumbList\",\"@id\":\"https:\\\/\\\/www.tablaosflamencos.com\\\/fr\\\/noches-unicas-muelle-sal-hotel-triana-biennale-2026.html#breadcrumb\",\"itemListElement\":[{\"@type\":\"ListItem\",\"position\":1,\"name\":\"Home\",\"item\":\"https:\\\/\\\/www.tablaosflamencos.com\\\/fr\"},{\"@type\":\"ListItem\",\"position\":2,\"name\":\"Biennale de Flamenco : les Noches \u00danicas quittent l&#8217;Hotel Triana pour le Muelle de la Sal\"}]},{\"@type\":\"WebSite\",\"@id\":\"https:\\\/\\\/www.tablaosflamencos.com\\\/fr#website\",\"url\":\"https:\\\/\\\/www.tablaosflamencos.com\\\/fr\",\"name\":\"Tablaos Flamencos\",\"description\":\"Entradas para tablaos flamencos de Espa\u00f1a\",\"publisher\":{\"@id\":\"https:\\\/\\\/www.tablaosflamencos.com\\\/fr#organization\"},\"alternateName\":\"Tablaos Flamencos\",\"potentialAction\":[{\"@type\":\"SearchAction\",\"target\":{\"@type\":\"EntryPoint\",\"urlTemplate\":\"https:\\\/\\\/www.tablaosflamencos.com\\\/fr?s={search_term_string}\"},\"query-input\":{\"@type\":\"PropertyValueSpecification\",\"valueRequired\":true,\"valueName\":\"search_term_string\"}}],\"inLanguage\":\"fr-FR\"},{\"@type\":[\"Organization\",\"Place\",\"EntertainmentBusiness\"],\"@id\":\"https:\\\/\\\/www.tablaosflamencos.com\\\/fr#organization\",\"name\":\"Tablaos Flamencos\",\"alternateName\":\"Tablaos Flamencos\",\"url\":\"https:\\\/\\\/www.tablaosflamencos.com\\\/fr\",\"logo\":{\"@id\":\"https:\\\/\\\/www.tablaosflamencos.com\\\/fr\\\/noches-unicas-muelle-sal-hotel-triana-biennale-2026.html#local-main-organization-logo\"},\"image\":{\"@id\":\"https:\\\/\\\/www.tablaosflamencos.com\\\/fr\\\/noches-unicas-muelle-sal-hotel-triana-biennale-2026.html#local-main-organization-logo\"},\"sameAs\":[\"https:\\\/\\\/www.facebook.com\\\/tablaosflamencos\",\"https:\\\/\\\/x.com\\\/tablaosflamenco\",\"https:\\\/\\\/mastodon.social\\\/@tablaosflamencos\",\"https:\\\/\\\/www.instagram.com\\\/tablaosflamencos\",\"https:\\\/\\\/tiktok.com\\\/@tablaosflamencos\",\"https:\\\/\\\/www.linkedin.com\\\/company\\\/109408238\\\/\"],\"description\":\"Venta de entradas para espect\u00e1culos flamencos\",\"legalName\":\"Tablaos Flamencos\",\"foundingDate\":\"2015-01-01\",\"numberOfEmployees\":{\"@type\":\"QuantitativeValue\",\"minValue\":\"1\",\"maxValue\":\"10\"},\"address\":{\"@id\":\"https:\\\/\\\/www.tablaosflamencos.com\\\/fr\\\/noches-unicas-muelle-sal-hotel-triana-biennale-2026.html#local-main-place-address\"},\"geo\":{\"@type\":\"GeoCoordinates\",\"latitude\":\"37.3868072\",\"longitude\":\"-5.993280299999999\"},\"telephone\":[\"+34623787787\"],\"contactPoint\":{\"@type\":\"ContactPoint\",\"telephone\":\"+34623787787\",\"email\":\"info@tablaosflamencos.com\"},\"openingHoursSpecification\":{\"@type\":\"OpeningHoursSpecification\",\"dayOfWeek\":[\"Monday\",\"Tuesday\",\"Wednesday\",\"Thursday\",\"Friday\",\"Saturday\",\"Sunday\"],\"opens\":\"00:00\",\"closes\":\"23:59\"},\"email\":\"info@tablaosflamencos.com\",\"priceRange\":\"$$$\",\"currenciesAccepted\":\"\u20ac\"},{\"@type\":\"Person\",\"@id\":\"https:\\\/\\\/www.tablaosflamencos.com\\\/fr#\\\/schema\\\/person\\\/e7a9ebe14eb75a52ceabfbffb3c54f5d\",\"name\":\"Miguel Ortiz\",\"description\":\"Miguel Ortiz es un empresario flamenco, con una s\u00f3lida trayectoria dentro del sector. Ha presidido entidades culturales vinculadas al flamenco y, cuenta con un amplio recorrido profesional en la gesti\u00f3n y promoci\u00f3n de espect\u00e1culos y tablaos flamencos. Su pasi\u00f3n por la historia y el arte flamenco se refleja en cada art\u00edculo, donde combina experiencia, criterio y un profundo respeto por la tradici\u00f3n.\",\"sameAs\":[\"https:\\\/\\\/www.tablaosflamencos.com\",\"https:\\\/\\\/www.instagra.com\\\/miguelortizfe\",\"https:\\\/\\\/www.linkedin.com\\\/in\\\/miguelortizf\\\/\"],\"birthDate\":\"1984-11-22\",\"gender\":\"hombre\",\"knowsLanguage\":[\"espa\u00f1ol\",\"ingl\u00e9s\"],\"jobTitle\":\"Empresario flamenco\"},{\"@type\":\"PostalAddress\",\"@id\":\"https:\\\/\\\/www.tablaosflamencos.com\\\/fr\\\/noches-unicas-muelle-sal-hotel-triana-biennale-2026.html#local-main-place-address\",\"streetAddress\":\"C\\\/ Alemanes, 19\",\"addressLocality\":\"Sevilla\",\"postalCode\":\"41004\",\"addressRegion\":\"Sevilla\",\"addressCountry\":\"ES\"},{\"@type\":\"ImageObject\",\"inLanguage\":\"fr-FR\",\"@id\":\"https:\\\/\\\/www.tablaosflamencos.com\\\/fr\\\/noches-unicas-muelle-sal-hotel-triana-biennale-2026.html#local-main-organization-logo\",\"url\":\"https:\\\/\\\/www.tablaosflamencos.com\\\/wp-content\\\/uploads\\\/tablaos-flamencos-06-3.webp\",\"contentUrl\":\"https:\\\/\\\/www.tablaosflamencos.com\\\/wp-content\\\/uploads\\\/tablaos-flamencos-06-3.webp\",\"width\":600,\"height\":620,\"caption\":\"Tablaos Flamencos\"}]}<\/script>\n<meta name=\"geo.placename\" content=\"Sevilla\" \/>\n<meta name=\"geo.position\" content=\"37.3868072;-5.993280299999999\" \/>\n<meta name=\"geo.region\" content=\"Espagne\" \/>\n<!-- \/ Yoast SEO Premium plugin. -->","yoast_head_json":{"title":"Noches \u00danicas au Muelle de la Sal | Biennale 2026","description":"La Biennale transf\u00e8re les Noches \u00danicas des 17, 18 et 19 septembre au Muelle de la Sal. Horaires, artistes, validit\u00e9 des billets et remboursements.","robots":{"index":"index","follow":"follow","max-snippet":"max-snippet:-1","max-image-preview":"max-image-preview:large","max-video-preview":"max-video-preview:-1"},"canonical":"https:\/\/www.tablaosflamencos.com\/fr\/noches-unicas-muelle-sal-hotel-triana-biennale-2026.html","og_locale":"fr_FR","og_type":"article","og_title":"Biennale de Flamenco : les Noches \u00danicas quittent l'Hotel Triana pour le Muelle de la Sal","og_description":"La Biennale transf\u00e8re les Noches \u00danicas des 17, 18 et 19 septembre au Muelle de la Sal. Horaires, artistes, validit\u00e9 des billets et remboursements.","og_url":"https:\/\/www.tablaosflamencos.com\/fr\/noches-unicas-muelle-sal-hotel-triana-biennale-2026.html","og_site_name":"Tablaos Flamencos","article_publisher":"https:\/\/www.facebook.com\/tablaosflamencos","article_published_time":"2026-09-05T11:46:58+00:00","article_modified_time":"2026-09-05T12:54:25+00:00","og_image":[{"width":1536,"height":1024,"url":"https:\/\/www.tablaosflamencos.com\/wp-content\/uploads\/bienal-de-flamenco-las-noches-unicas-se-trasladan-del-hotel-triana-al-muelle-de-la-sal-01.webp","type":"image\/webp"}],"author":"Miguel Ortiz","twitter_card":"summary_large_image","twitter_creator":"@tablaosflamenco","twitter_site":"@tablaosflamenco","twitter_misc":{"\u00c9crit par":"Miguel Ortiz","Dur\u00e9e de lecture estim\u00e9e":"16 minutes"},"schema":{"@context":"https:\/\/schema.org","@graph":[{"@type":"Article","@id":"https:\/\/www.tablaosflamencos.com\/fr\/noches-unicas-muelle-sal-hotel-triana-biennale-2026.html#article","isPartOf":{"@id":"https:\/\/www.tablaosflamencos.com\/fr\/noches-unicas-muelle-sal-hotel-triana-biennale-2026.html"},"author":{"name":"Miguel Ortiz","@id":"https:\/\/www.tablaosflamencos.com\/fr#\/schema\/person\/e7a9ebe14eb75a52ceabfbffb3c54f5d"},"headline":"Biennale de Flamenco : les Noches \u00danicas quittent l&rsquo;Hotel Triana pour le Muelle de la Sal","datePublished":"2026-09-05T11:46:58+00:00","dateModified":"2026-09-05T12:54:25+00:00","mainEntityOfPage":{"@id":"https:\/\/www.tablaosflamencos.com\/fr\/noches-unicas-muelle-sal-hotel-triana-biennale-2026.html"},"wordCount":3387,"publisher":{"@id":"https:\/\/www.tablaosflamencos.com\/fr#organization"},"image":{"@id":"https:\/\/www.tablaosflamencos.com\/fr\/noches-unicas-muelle-sal-hotel-triana-biennale-2026.html#primaryimage"},"thumbnailUrl":"https:\/\/www.tablaosflamencos.com\/wp-content\/uploads\/bienal-de-flamenco-las-noches-unicas-se-trasladan-del-hotel-triana-al-muelle-de-la-sal-01.webp","keywords":["agenda flamenca","Bienal 2026","Bienal de Flamenco","festivales flamencos","flamenco en Sevilla","sevilla"],"articleSection":["Biennale de Flamenco"],"inLanguage":"fr-FR"},{"@type":"WebPage","@id":"https:\/\/www.tablaosflamencos.com\/fr\/noches-unicas-muelle-sal-hotel-triana-biennale-2026.html","url":"https:\/\/www.tablaosflamencos.com\/fr\/noches-unicas-muelle-sal-hotel-triana-biennale-2026.html","name":"Noches \u00danicas au Muelle de la Sal | Biennale 2026","isPartOf":{"@id":"https:\/\/www.tablaosflamencos.com\/fr#website"},"primaryImageOfPage":{"@id":"https:\/\/www.tablaosflamencos.com\/fr\/noches-unicas-muelle-sal-hotel-triana-biennale-2026.html#primaryimage"},"image":{"@id":"https:\/\/www.tablaosflamencos.com\/fr\/noches-unicas-muelle-sal-hotel-triana-biennale-2026.html#primaryimage"},"thumbnailUrl":"https:\/\/www.tablaosflamencos.com\/wp-content\/uploads\/bienal-de-flamenco-las-noches-unicas-se-trasladan-del-hotel-triana-al-muelle-de-la-sal-01.webp","datePublished":"2026-09-05T11:46:58+00:00","dateModified":"2026-09-05T12:54:25+00:00","description":"La Biennale transf\u00e8re les Noches \u00danicas des 17, 18 et 19 septembre au Muelle de la Sal. Horaires, artistes, validit\u00e9 des billets et remboursements.","breadcrumb":{"@id":"https:\/\/www.tablaosflamencos.com\/fr\/noches-unicas-muelle-sal-hotel-triana-biennale-2026.html#breadcrumb"},"inLanguage":"fr-FR","potentialAction":[{"@type":"ReadAction","target":["https:\/\/www.tablaosflamencos.com\/fr\/noches-unicas-muelle-sal-hotel-triana-biennale-2026.html"]}]},{"@type":"ImageObject","inLanguage":"fr-FR","@id":"https:\/\/www.tablaosflamencos.com\/fr\/noches-unicas-muelle-sal-hotel-triana-biennale-2026.html#primaryimage","url":"https:\/\/www.tablaosflamencos.com\/wp-content\/uploads\/bienal-de-flamenco-las-noches-unicas-se-trasladan-del-hotel-triana-al-muelle-de-la-sal-01.webp","contentUrl":"https:\/\/www.tablaosflamencos.com\/wp-content\/uploads\/bienal-de-flamenco-las-noches-unicas-se-trasladan-del-hotel-triana-al-muelle-de-la-sal-01.webp","width":1536,"height":1024,"caption":"Bienal de Flamenco: las Noches \u00danicas se trasladan del Hotel Triana al Muelle de la Sal"},{"@type":"BreadcrumbList","@id":"https:\/\/www.tablaosflamencos.com\/fr\/noches-unicas-muelle-sal-hotel-triana-biennale-2026.html#breadcrumb","itemListElement":[{"@type":"ListItem","position":1,"name":"Home","item":"https:\/\/www.tablaosflamencos.com\/fr"},{"@type":"ListItem","position":2,"name":"Biennale de Flamenco : les Noches \u00danicas quittent l&#8217;Hotel Triana pour le Muelle de la Sal"}]},{"@type":"WebSite","@id":"https:\/\/www.tablaosflamencos.com\/fr#website","url":"https:\/\/www.tablaosflamencos.com\/fr","name":"Tablaos Flamencos","description":"Entradas para tablaos flamencos de Espa\u00f1a","publisher":{"@id":"https:\/\/www.tablaosflamencos.com\/fr#organization"},"alternateName":"Tablaos Flamencos","potentialAction":[{"@type":"SearchAction","target":{"@type":"EntryPoint","urlTemplate":"https:\/\/www.tablaosflamencos.com\/fr?s={search_term_string}"},"query-input":{"@type":"PropertyValueSpecification","valueRequired":true,"valueName":"search_term_string"}}],"inLanguage":"fr-FR"},{"@type":["Organization","Place","EntertainmentBusiness"],"@id":"https:\/\/www.tablaosflamencos.com\/fr#organization","name":"Tablaos Flamencos","alternateName":"Tablaos Flamencos","url":"https:\/\/www.tablaosflamencos.com\/fr","logo":{"@id":"https:\/\/www.tablaosflamencos.com\/fr\/noches-unicas-muelle-sal-hotel-triana-biennale-2026.html#local-main-organization-logo"},"image":{"@id":"https:\/\/www.tablaosflamencos.com\/fr\/noches-unicas-muelle-sal-hotel-triana-biennale-2026.html#local-main-organization-logo"},"sameAs":["https:\/\/www.facebook.com\/tablaosflamencos","https:\/\/x.com\/tablaosflamenco","https:\/\/mastodon.social\/@tablaosflamencos","https:\/\/www.instagram.com\/tablaosflamencos","https:\/\/tiktok.com\/@tablaosflamencos","https:\/\/www.linkedin.com\/company\/109408238\/"],"description":"Venta de entradas para espect\u00e1culos flamencos","legalName":"Tablaos Flamencos","foundingDate":"2015-01-01","numberOfEmployees":{"@type":"QuantitativeValue","minValue":"1","maxValue":"10"},"address":{"@id":"https:\/\/www.tablaosflamencos.com\/fr\/noches-unicas-muelle-sal-hotel-triana-biennale-2026.html#local-main-place-address"},"geo":{"@type":"GeoCoordinates","latitude":"37.3868072","longitude":"-5.993280299999999"},"telephone":["+34623787787"],"contactPoint":{"@type":"ContactPoint","telephone":"+34623787787","email":"info@tablaosflamencos.com"},"openingHoursSpecification":{"@type":"OpeningHoursSpecification","dayOfWeek":["Monday","Tuesday","Wednesday","Thursday","Friday","Saturday","Sunday"],"opens":"00:00","closes":"23:59"},"email":"info@tablaosflamencos.com","priceRange":"$$$","currenciesAccepted":"\u20ac"},{"@type":"Person","@id":"https:\/\/www.tablaosflamencos.com\/fr#\/schema\/person\/e7a9ebe14eb75a52ceabfbffb3c54f5d","name":"Miguel Ortiz","description":"Miguel Ortiz es un empresario flamenco, con una s\u00f3lida trayectoria dentro del sector. Ha presidido entidades culturales vinculadas al flamenco y, cuenta con un amplio recorrido profesional en la gesti\u00f3n y promoci\u00f3n de espect\u00e1culos y tablaos flamencos. Su pasi\u00f3n por la historia y el arte flamenco se refleja en cada art\u00edculo, donde combina experiencia, criterio y un profundo respeto por la tradici\u00f3n.","sameAs":["https:\/\/www.tablaosflamencos.com","https:\/\/www.instagra.com\/miguelortizfe","https:\/\/www.linkedin.com\/in\/miguelortizf\/"],"birthDate":"1984-11-22","gender":"hombre","knowsLanguage":["espa\u00f1ol","ingl\u00e9s"],"jobTitle":"Empresario flamenco"},{"@type":"PostalAddress","@id":"https:\/\/www.tablaosflamencos.com\/fr\/noches-unicas-muelle-sal-hotel-triana-biennale-2026.html#local-main-place-address","streetAddress":"C\/ Alemanes, 19","addressLocality":"Sevilla","postalCode":"41004","addressRegion":"Sevilla","addressCountry":"ES"},{"@type":"ImageObject","inLanguage":"fr-FR","@id":"https:\/\/www.tablaosflamencos.com\/fr\/noches-unicas-muelle-sal-hotel-triana-biennale-2026.html#local-main-organization-logo","url":"https:\/\/www.tablaosflamencos.com\/wp-content\/uploads\/tablaos-flamencos-06-3.webp","contentUrl":"https:\/\/www.tablaosflamencos.com\/wp-content\/uploads\/tablaos-flamencos-06-3.webp","width":600,"height":620,"caption":"Tablaos Flamencos"}]},"geo.placename":"Sevilla","geo.position":{"lat":"37.3868072","long":"-5.993280299999999"},"geo.region":"Espagne"},"_links":{"self":[{"href":"https:\/\/www.tablaosflamencos.com\/fr\/wp-json\/wp\/v2\/posts\/14771","targetHints":{"allow":["GET"]}}],"collection":[{"href":"https:\/\/www.tablaosflamencos.com\/fr\/wp-json\/wp\/v2\/posts"}],"about":[{"href":"https:\/\/www.tablaosflamencos.com\/fr\/wp-json\/wp\/v2\/types\/post"}],"author":[{"embeddable":true,"href":"https:\/\/www.tablaosflamencos.com\/fr\/wp-json\/wp\/v2\/users\/1"}],"replies":[{"embeddable":true,"href":"https:\/\/www.tablaosflamencos.com\/fr\/wp-json\/wp\/v2\/comments?post=14771"}],"version-history":[{"count":15,"href":"https:\/\/www.tablaosflamencos.com\/fr\/wp-json\/wp\/v2\/posts\/14771\/revisions"}],"predecessor-version":[{"id":14900,"href":"https:\/\/www.tablaosflamencos.com\/fr\/wp-json\/wp\/v2\/posts\/14771\/revisions\/14900"}],"wp:featuredmedia":[{"embeddable":true,"href":"https:\/\/www.tablaosflamencos.com\/fr\/wp-json\/wp\/v2\/media\/14746"}],"wp:attachment":[{"href":"https:\/\/www.tablaosflamencos.com\/fr\/wp-json\/wp\/v2\/media?parent=14771"}],"wp:term":[{"taxonomy":"category","embeddable":true,"href":"https:\/\/www.tablaosflamencos.com\/fr\/wp-json\/wp\/v2\/categories?post=14771"},{"taxonomy":"post_tag","embeddable":true,"href":"https:\/\/www.tablaosflamencos.com\/fr\/wp-json\/wp\/v2\/tags?post=14771"}],"curies":[{"name":"wp","href":"https:\/\/api.w.org\/{rel}","templated":true}]}}