{"id":14762,"date":"2026-09-05T12:42:59","date_gmt":"2026-09-05T10:42:59","guid":{"rendered":"https:\/\/www.tablaosflamencos.com\/?p=14762"},"modified":"2026-09-05T13:57:57","modified_gmt":"2026-09-05T11:57:57","slug":"jerez-fusion-2026-dates-programme","status":"publish","type":"post","link":"https:\/\/www.tablaosflamencos.com\/fr\/jerez-fusion-2026-dates-programme.html","title":{"rendered":"Jerez Fusi\u00f3n 2026 : dates, programme et tout ce qu\u2019il faut savoir"},"content":{"rendered":"<section class=\"l-section wpb_row height_huge\"><div class=\"l-section-h i-cf\"><div class=\"g-cols vc_row via_flex valign_top type_default stacking_default\"><div class=\"vc_col-sm-6 wpb_column vc_column_container\"><div class=\"vc_column-inner\"><div class=\"wpb_wrapper\"><div class=\"wpb_text_column\"><div class=\"wpb_wrapper\"><h2>Jerez lance un nouveau festival de flamenco, de musique et de vin<\/h2>\n<p><strong>Jerez Fusi\u00f3n 2026<\/strong> organise sa premi\u00e8re \u00e9dition du <strong>10 au 13 septembre 2026<\/strong> \u00e0 Jerez de la Frontera. Le festival na\u00eet d&rsquo;une id\u00e9e claire : partir du flamenco pour le faire dialoguer avec d&rsquo;autres musiques, la cr\u00e9ation contemporaine, les industries culturelles, le vin et le brandy de Jerez.<\/p>\n<p>Le festival ne sera pas concentr\u00e9 dans une seule enceinte. La programmation se r\u00e9partit dans <strong>plus de dix lieux de la ville<\/strong> et associe concerts, showcases, masterclasses, tables rondes, rencontres professionnelles, expositions, cin\u00e9ma, th\u00e9\u00e2tre et gastronomie.<\/p>\n<p>L&rsquo;organisation est assur\u00e9e par le <strong>Cl\u00faster Tur\u00edstico Destino Jerez<\/strong>, avec le soutien de la mairie de Jerez et la collaboration de FEDEJEREZ. Le projet s&rsquo;inscrit \u00e9galement dans la strat\u00e9gie culturelle li\u00e9e \u00e0 Jerez 2031 et dans la construction d&rsquo;une identit\u00e9 de ville associant flamenco, culture et tourisme.<\/p>\n<\/div><\/div><\/div><\/div><\/div><div class=\"vc_col-sm-6 wpb_column vc_column_container\"><div class=\"vc_column-inner\"><div class=\"wpb_wrapper\"><div class=\"wpb_text_column\"><div class=\"wpb_wrapper\"><h2>Dates et informations essentielles sur Jerez Fusi\u00f3n 2026<\/h2>\n<ul>\n<li><strong>Dates :<\/strong> du jeudi 10 au dimanche 13 septembre 2026.<\/li>\n<li><strong>Ville :<\/strong> Jerez de la Frontera, province de Cadix.<\/li>\n<li><strong>\u00c9dition :<\/strong> premi\u00e8re \u00e9dition.<\/li>\n<li><strong>Format :<\/strong> musique + vin + ville.<\/li>\n<li><strong>Artistes :<\/strong> plus de 12 artistes et projets annonc\u00e9s.<\/li>\n<li><strong>Lieux :<\/strong> plus de 10 sites.<\/li>\n<li><strong>Activit\u00e9s :<\/strong> concerts, showcases, masterclasses, tables rondes, rencontres professionnelles, expositions, cin\u00e9ma, th\u00e9\u00e2tre et gastronomie.<\/li>\n<li><strong>Grand final :<\/strong> concert \u00e0 Alameda Vieja avec un hommage \u00e0 Antonio de los R\u00edos \u00ab El Madriles \u00bb et une prestation de Raimundo Amador.<\/li>\n<\/ul>\n<p>Le site officiel emploie le concept <strong>Flamenco Global Experience<\/strong>, une expression qui r\u00e9sume bien l&rsquo;objectif : pr\u00e9senter un flamenco ouvert aux croisements avec le jazz, le blues, les musiques du monde, l&rsquo;\u00e9lectronique et de nouvelles formes de production.<\/p>\n<\/div><\/div><\/div><\/div><\/div><\/div><\/div><\/section><section class=\"l-section wpb_row height_huge color_alternate with_shape\"><div class=\"l-section-shape type_zigzag pos_top hor_flip\" style=\"height:3vmin;\"><svg xmlns=\"http:\/\/www.w3.org\/2000\/svg\" viewBox=\"0 0 64 8\" preserveAspectRatio=\"none\" width=\"100%\" height=\"100%\">\r\n\t<path fill=\"currentColor\" d=\"M64 8 L0 8 L0 0 L20 7.9 L40 3 L48 5 L64 0 Z\"\/>\r\n<\/svg><\/div><div class=\"l-section-shape type_zigzag pos_bottom\" style=\"height:3vmin;\"><svg xmlns=\"http:\/\/www.w3.org\/2000\/svg\" viewBox=\"0 0 64 8\" preserveAspectRatio=\"none\" width=\"100%\" height=\"100%\">\r\n\t<path fill=\"currentColor\" d=\"M64 8 L0 8 L0 0 L20 7.9 L40 3 L48 5 L64 0 Z\"\/>\r\n<\/svg><\/div><div class=\"l-section-h i-cf\"><div class=\"g-cols vc_row via_flex valign_top type_default stacking_default\"><div class=\"vc_col-sm-12 wpb_column vc_column_container\"><div class=\"vc_column-inner\"><div class=\"wpb_wrapper\"><div class=\"wpb_text_column\"><div class=\"wpb_wrapper\"><blockquote>\n<p><strong>L&rsquo;essentiel :<\/strong> Jerez Fusi\u00f3n 2026 se d\u00e9roule du <strong>10 au 13 septembre<\/strong> dans diff\u00e9rents lieux de Jerez de la Frontera. Le programme associe flamenco contemporain, jazz, blues, \u00e9lectronique et autres musiques, mais aussi vin, showcases, expositions et rencontres professionnelles. Parmi les artistes annonc\u00e9s figurent Raimundo Amador, Tomasito, Diego Carrasco, Curro Carrasco, Luis de Perik\u00edn, Jos\u00e9 de los Camarones, Chico P\u00e9rez, Juan Diego Mateos et d&rsquo;autres projets de flamenco fusion.<\/p>\n<\/blockquote>\n<p><strong>Derni\u00e8re mise \u00e0 jour : 5 septembre 2026.<\/strong> Les horaires ou les lieux peuvent \u00eatre modifi\u00e9s ; il est donc conseill\u00e9 de consulter le site officiel avant de se d\u00e9placer.<\/p>\n<\/div><\/div><div class=\"w-separator size_medium\"><\/div><div class=\"w-hwrapper valign_top wrap stack_on_mobiles align_center\" style=\"--hwrapper-gap:1.2rem\"><div class=\"w-btn-wrapper align_none\"><a class=\"w-btn us-btn-style_1\" href=\"https:\/\/www.jerezfusion.com\/\"><span class=\"w-btn-label\">Site officiel de Jerez Fusi\u00f3n<\/span><\/a><\/div><div class=\"w-btn-wrapper align_none\"><a class=\"w-btn us-btn-style_1\" href=\"https:\/\/www.tablaosflamencos.com\/fr\/flamenco-a-jerez\"><span class=\"w-btn-label\">Voir du flamenco \u00e0 Jerez<\/span><\/a><\/div><\/div><\/div><\/div><\/div><\/div><\/div><\/section><section class=\"l-section wpb_row height_huge\"><div class=\"l-section-h i-cf\"><div class=\"g-cols vc_row via_flex valign_top type_default stacking_default\"><div class=\"vc_col-sm-3 wpb_column vc_column_container\"><div class=\"vc_column-inner\"><div class=\"wpb_wrapper\"><\/div><\/div><\/div><div class=\"vc_col-sm-6 wpb_column vc_column_container\"><div class=\"vc_column-inner\"><div class=\"wpb_wrapper\"><div class=\"wpb_text_column\"><div class=\"wpb_wrapper\"><h2>Sommaire de ce guide<\/h2>\n<ul>\n<li><a href=\"#que-es\">Qu&rsquo;est-ce que Jerez Fusi\u00f3n ?<\/a><\/li>\n<li><a href=\"#jueves\">Programme du jeudi 10<\/a><\/li>\n<li><a href=\"#viernes\">Programme du vendredi 11<\/a><\/li>\n<li><a href=\"#sabado\">Programme du samedi 12<\/a><\/li>\n<li><a href=\"#domingo\">Programme du dimanche 13<\/a><\/li>\n<li><a href=\"#artistas\">Artistes \u00e0 l&rsquo;affiche<\/a><\/li>\n<li><a href=\"#espacios\">Lieux du festival<\/a><\/li>\n<li><a href=\"#profesional\">Rencontres et programme professionnels<\/a><\/li>\n<li><a href=\"#vino\">Flamenco, vin et brandy de Jerez<\/a><\/li>\n<li><a href=\"#entradas\">Billets et acc\u00e8s<\/a><\/li>\n<li><a href=\"#planificar\">Organiser sa visite<\/a><\/li>\n<li><a href=\"#faq\">Questions fr\u00e9quentes<\/a><\/li>\n<\/ul>\n<\/div><\/div><div class=\"w-separator size_medium\"><\/div><div class=\"wpb_text_column\"><div class=\"wpb_wrapper\"><h2 id=\"que-es\">Qu&rsquo;est-ce que Jerez Fusi\u00f3n ?<\/h2>\n<p>Jerez Fusi\u00f3n ne consid\u00e8re pas le flamenco comme un art ferm\u00e9 ou exclusivement traditionnel. Son point de d\u00e9part est pr\u00e9cis\u00e9ment l&rsquo;inverse : <strong>les racines comme un langage capable de se m\u00e9tisser<\/strong>.<\/p>\n<p>Le festival cherche \u00e0 relier le flamenco au jazz, au blues, \u00e0 la soul, au hip-hop, \u00e0 l&rsquo;\u00e9lectronique et \u00e0 d&rsquo;autres musiques contemporaines, en conservant Jerez comme centre de gravit\u00e9 culturel. La ville ne sert pas seulement de d\u00e9cor : bodegas, salles, espaces culturels, rues et patrimoine font partie de l&rsquo;exp\u00e9rience.<\/p>\n<p>Cette dimension urbaine est importante. Durant quatre jours se succ\u00e9deront programmation artistique, activit\u00e9s grand public et rencontres pour artistes, managers, programmateurs, festivals, agences, m\u00e9dias et professionnels de l&rsquo;industrie musicale.<\/p>\n<\/div><\/div><\/div><\/div><\/div><div class=\"vc_col-sm-3 wpb_column vc_column_container\"><div class=\"vc_column-inner\"><div class=\"wpb_wrapper\"><\/div><\/div><\/div><\/div><\/div><\/section><section class=\"l-section wpb_row height_huge color_alternate with_shape\"><div class=\"l-section-shape type_zigzag pos_top\" style=\"height:3vmin;\"><svg xmlns=\"http:\/\/www.w3.org\/2000\/svg\" viewBox=\"0 0 64 8\" preserveAspectRatio=\"none\" width=\"100%\" height=\"100%\">\r\n\t<path fill=\"currentColor\" d=\"M64 8 L0 8 L0 0 L20 7.9 L40 3 L48 5 L64 0 Z\"\/>\r\n<\/svg><\/div><div class=\"l-section-shape type_zigzag pos_bottom\" style=\"height:3vmin;\"><svg xmlns=\"http:\/\/www.w3.org\/2000\/svg\" viewBox=\"0 0 64 8\" preserveAspectRatio=\"none\" width=\"100%\" height=\"100%\">\r\n\t<path fill=\"currentColor\" d=\"M64 8 L0 8 L0 0 L20 7.9 L40 3 L48 5 L64 0 Z\"\/>\r\n<\/svg><\/div><div class=\"l-section-h i-cf\"><div class=\"g-cols vc_row via_flex valign_top type_default stacking_default\"><div class=\"vc_col-sm-6 wpb_column vc_column_container\"><div class=\"vc_column-inner\"><div class=\"wpb_wrapper\"><div class=\"wpb_text_column\"><div class=\"wpb_wrapper\"><h2 id=\"jueves\">Jeudi 10 septembre : ouverture et premi\u00e8res fusions<\/h2>\n<p>La premi\u00e8re journ\u00e9e d\u00e9bute avec une programmation d&rsquo;apr\u00e8s-midi et de soir\u00e9e dans plusieurs salles.<\/p>\n<p><strong>Cuarto Creciente \u00b7 19 h\u201321 h<\/strong><\/p>\n<ul>\n<li><strong>Borondo<\/strong> : un projet m\u00ealant flamenco, musique classique et jazz.<\/li>\n<li><strong>Flamenco FC<\/strong> : un regard jeune sur le flamenco contemporain.<\/li>\n<\/ul>\n<p><strong>La Guarida del \u00c1ngel \u00b7 21 h\u20131 h<\/strong><\/p>\n<ul>\n<li><strong>Trilog<\/strong> : une rencontre entre flamenco, jazz et musique hindoustanie.<\/li>\n<li><strong>Esther Weekes Triana Blues<\/strong> : un lien entre blues et flamenco.<\/li>\n<\/ul>\n<p>Des showcases compl\u00e8tent l&rsquo;apr\u00e8s-midi. \u00c0 <strong>Damajuana<\/strong>, le cr\u00e9neau de 17 h 30 accueille <strong>Naima Jazz<\/strong>. \u00c0 <strong>El 55<\/strong> des animations d&rsquo;apr\u00e8s-midi et de fin de soir\u00e9e sont pr\u00e9vues avec <strong>Jesule de la Tomasa<\/strong>, son groupe et un DJ set.<\/p>\n<\/div><\/div><\/div><\/div><\/div><div class=\"vc_col-sm-6 wpb_column vc_column_container\"><div class=\"vc_column-inner\"><div class=\"wpb_wrapper\"><div class=\"wpb_text_column\"><div class=\"wpb_wrapper\"><h2 id=\"viernes\">Vendredi 11 : piano, cante, guitare et soir\u00e9e jerezane<\/h2>\n<p>Le vendredi \u00e9largit la palette musicale et renforce le programme professionnel.<\/p>\n<p><strong>Cuarto Creciente \u00b7 19 h\u201321 h<\/strong><\/p>\n<ul>\n<li><strong>Chico P\u00e9rez<\/strong> : un piano reliant flamenco et jazz.<\/li>\n<li><strong>Juan Diego Mateos et Sole\u00e1 Gatica<\/strong> : une proposition de flamenco contemporain.<\/li>\n<\/ul>\n<p><strong>La Guarida del \u00c1ngel \u00b7 21 h\u20131 h<\/strong><\/p>\n<ul>\n<li><strong>Soir\u00e9e flamenco fusion de Jerez<\/strong>.<\/li>\n<li><strong>Jos\u00e9 de los Camarones<\/strong>.<\/li>\n<li><strong>D\u2019Chipen \u2013 El Zambo<\/strong>.<\/li>\n<\/ul>\n<p>Damajuana annonce un showcase de <strong>Johnny Ayuga<\/strong> \u00e0 17 h 30, tandis qu&rsquo;El 55 propose un DJ set nocturne.<\/p>\n<\/div><\/div><\/div><\/div><\/div><\/div><\/div><\/section><section class=\"l-section wpb_row height_huge\"><div class=\"l-section-h i-cf\"><div class=\"g-cols vc_row via_flex valign_top type_default stacking_default\"><div class=\"vc_col-sm-6 wpb_column vc_column_container\"><div class=\"vc_column-inner\"><div class=\"wpb_wrapper\"><div class=\"wpb_text_column\"><div class=\"wpb_wrapper\"><h2 id=\"sabado\">Samedi 12 : grande soir\u00e9e de cl\u00f4ture \u00e0 Alameda Vieja<\/h2>\n<p>Bien que les activit\u00e9s se poursuivent le dimanche 13, le samedi accueille le grand concert de cl\u00f4ture musicale \u00e0 <strong>Alameda Vieja<\/strong>, \u00e0 partir de <strong>21 h<\/strong>.<\/p>\n<p>La premi\u00e8re partie sera un <strong>hommage \u00e0 Antonio de los R\u00edos \u00ab El Madriles \u00bb<\/strong>, compositeur li\u00e9 \u00e0 de nombreux artistes et projets du flamenco jerezan. Parmi les noms annonc\u00e9s pour cette c\u00e9l\u00e9bration figurent <strong>Tomasito, Curro Carrasco, Luis de Perik\u00edn et Diego Carrasco<\/strong>, ainsi que d&rsquo;autres participants.<\/p>\n<p>Viendra ensuite l&rsquo;un des noms les plus connus de l&rsquo;affiche : <strong>Raimundo Amador<\/strong> avec son spectacle <em>De Pata Negra a Raimundo<\/em>, un parcours \u00e0 travers sa carri\u00e8re et ce lien historique entre flamenco, blues et rock qui a marqu\u00e9 une grande partie de son \u0153uvre.<\/p>\n<\/div><\/div><\/div><\/div><\/div><div class=\"vc_col-sm-6 wpb_column vc_column_container\"><div class=\"vc_column-inner\"><div class=\"wpb_wrapper\"><div class=\"wpb_text_column\"><div class=\"wpb_wrapper\"><h2 id=\"domingo\">Dimanche 13 : activit\u00e9s, expositions et rassemblement de caj\u00f3n<\/h2>\n<p>Le dimanche constitue la derni\u00e8re journ\u00e9e et maintient des activit\u00e9s ouvertes au public en journ\u00e9e.<\/p>\n<p>Parmi les propositions annonc\u00e9es figure un <strong>rassemblement de joueurs de caj\u00f3n<\/strong> sur la <strong>Plaza del Arenal<\/strong>, pr\u00e9vu entre <strong>12 h 30 et 15 h<\/strong>.<\/p>\n<p>Les expositions li\u00e9es au festival se poursuivent \u00e9galement, notamment une pr\u00e9sentation consacr\u00e9e \u00e0 <strong>Fr\u00e9d\u00e9ric Deval<\/strong> \u00e0 Sherry Gallery et l&rsquo;exposition <strong>Flamencos<\/strong> au Centro Andaluz de Flamenco.<\/p>\n<p>Le format du dimanche correspond \u00e0 l&rsquo;id\u00e9e g\u00e9n\u00e9rale du festival : ne pas limiter l&rsquo;exp\u00e9rience au concert du soir, mais l&rsquo;\u00e9tendre aux espaces culturels et aux lieux de rencontre de la ville.<\/p>\n<\/div><\/div><\/div><\/div><\/div><\/div><\/div><\/section><section class=\"l-section wpb_row height_huge color_alternate with_shape\"><div class=\"l-section-shape type_zigzag pos_top hor_flip\" style=\"height:3vmin;\"><svg xmlns=\"http:\/\/www.w3.org\/2000\/svg\" viewBox=\"0 0 64 8\" preserveAspectRatio=\"none\" width=\"100%\" height=\"100%\">\r\n\t<path fill=\"currentColor\" d=\"M64 8 L0 8 L0 0 L20 7.9 L40 3 L48 5 L64 0 Z\"\/>\r\n<\/svg><\/div><div class=\"l-section-shape type_zigzag pos_bottom\" style=\"height:3vmin;\"><svg xmlns=\"http:\/\/www.w3.org\/2000\/svg\" viewBox=\"0 0 64 8\" preserveAspectRatio=\"none\" width=\"100%\" height=\"100%\">\r\n\t<path fill=\"currentColor\" d=\"M64 8 L0 8 L0 0 L20 7.9 L40 3 L48 5 L64 0 Z\"\/>\r\n<\/svg><\/div><div class=\"l-section-h i-cf\"><div class=\"g-cols vc_row via_flex valign_top type_default stacking_default\"><div class=\"vc_col-sm-12 wpb_column vc_column_container\"><div class=\"vc_column-inner\"><div class=\"wpb_wrapper\"><div class=\"wpb_text_column\"><div class=\"wpb_wrapper\"><h2 id=\"artistas\" style=\"text-align: center;\">Artistes et projets \u00e0 l&rsquo;affiche de Jerez Fusi\u00f3n 2026<\/h2>\n<p>&nbsp;<\/p>\n<div style=\"overflow-x: auto;\">\n<table>\n<thead>\n<tr>\n<th>Artiste \/ projet<\/th>\n<th>Orientation musicale<\/th>\n<th>Journ\u00e9e<\/th>\n<\/tr>\n<\/thead>\n<tbody>\n<tr>\n<td>Raimundo Amador<\/td>\n<td>Flamenco, blues et rock<\/td>\n<td>Samedi 12<\/td>\n<\/tr>\n<tr>\n<td>Tomasito<\/td>\n<td>Flamenco jerezan et fusion<\/td>\n<td>Samedi 12<\/td>\n<\/tr>\n<tr>\n<td>Diego Carrasco<\/td>\n<td>Racines flamencas et exp\u00e9rimentation<\/td>\n<td>Samedi 12<\/td>\n<\/tr>\n<tr>\n<td>Curro Carrasco<\/td>\n<td>Flamenco contemporain<\/td>\n<td>Samedi 12<\/td>\n<\/tr>\n<tr>\n<td>Luis de Perik\u00edn<\/td>\n<td>Comp\u00e1s et flamenco jerezan<\/td>\n<td>Samedi 12<\/td>\n<\/tr>\n<tr>\n<td>Jos\u00e9 de los Camarones<\/td>\n<td>Cante et personnalit\u00e9 jerezane<\/td>\n<td>Vendredi 11<\/td>\n<\/tr>\n<tr>\n<td>Chico P\u00e9rez<\/td>\n<td>Piano, flamenco et jazz<\/td>\n<td>Vendredi 11<\/td>\n<\/tr>\n<tr>\n<td>Juan Diego Mateos + Sole\u00e1 Gatica<\/td>\n<td>Flamenco contemporain<\/td>\n<td>Vendredi 11<\/td>\n<\/tr>\n<tr>\n<td>Borondo<\/td>\n<td>Flamenco, musique classique et jazz<\/td>\n<td>Jeudi 10<\/td>\n<\/tr>\n<tr>\n<td>Trilog<\/td>\n<td>Flamenco, jazz et musique hindoustanie<\/td>\n<td>Jeudi 10<\/td>\n<\/tr>\n<\/tbody>\n<\/table>\n<\/div>\n<\/div><\/div><\/div><\/div><\/div><\/div><\/div><\/section><section class=\"l-section wpb_row height_huge\"><div class=\"l-section-h i-cf\"><div class=\"g-cols vc_row via_flex valign_top type_default stacking_default\"><div class=\"vc_col-sm-6 wpb_column vc_column_container\"><div class=\"vc_column-inner\"><div class=\"wpb_wrapper\"><div class=\"wpb_text_column\"><div class=\"wpb_wrapper\"><h2 id=\"espacios\">Un festival r\u00e9parti dans Jerez<\/h2>\n<p>L&rsquo;un des aspects les plus int\u00e9ressants de Jerez Fusi\u00f3n est son caract\u00e8re d\u00e9centralis\u00e9. Parmi les lieux cit\u00e9s dans le programme figurent :<\/p>\n<ul>\n<li><strong>Alameda Vieja<\/strong>, qui accueille le grand concert du samedi.<\/li>\n<li><strong>La Guarida del \u00c1ngel<\/strong>, salle historique li\u00e9e au flamenco de Jerez.<\/li>\n<li><strong>Cuarto Creciente<\/strong>, avec une programmation d&rsquo;apr\u00e8s-midi.<\/li>\n<li><strong>Damajuana<\/strong>, lieu des showcases.<\/li>\n<li><strong>El 55<\/strong>, avec des animations d&rsquo;apr\u00e8s-midi et des sessions nocturnes.<\/li>\n<li><strong>Sherry Gallery<\/strong>, associ\u00e9e aux expositions et aux rencontres professionnelles.<\/li>\n<li><strong>Consejo Regulador<\/strong>, qui accueille des activit\u00e9s professionnelles.<\/li>\n<li><strong>Centro Andaluz de Flamenco<\/strong>, avec des expositions.<\/li>\n<li><strong>Plaza del Arenal<\/strong>, avec une activit\u00e9 de cl\u00f4ture le dimanche.<\/li>\n<\/ul>\n<p>Ce mod\u00e8le demande de pr\u00e9voir les d\u00e9placements, mais transforme aussi le festival en une mani\u00e8re de d\u00e9couvrir plusieurs facettes de Jerez au cours d&rsquo;une m\u00eame journ\u00e9e.<\/p>\n<\/div><\/div><\/div><\/div><\/div><div class=\"vc_col-sm-6 wpb_column vc_column_container\"><div class=\"vc_column-inner\"><div class=\"wpb_wrapper\"><div class=\"wpb_text_column\"><div class=\"wpb_wrapper\"><h2 id=\"profesional\">Rencontres et programme professionnels<\/h2>\n<p>Jerez Fusi\u00f3n souhaite \u00e9galement devenir un lieu de rencontre pour l&rsquo;industrie musicale. L&rsquo;inscription professionnelle s&rsquo;adresse aux artistes, groupes, managers, agences de booking, festivals, programmateurs culturels, promoteurs, labels, m\u00e9dias, institutions et professionnels de l&rsquo;audiovisuel et de la cr\u00e9ation.<\/p>\n<p>Les s\u00e9ances de <strong>mise en r\u00e9seau et de rencontres d&rsquo;affaires<\/strong> sont annonc\u00e9es aux dates suivantes :<\/p>\n<ul>\n<li><strong>11 septembre<\/strong> \u00e0 Sherry Gallery.<\/li>\n<li><strong>12 septembre<\/strong> au Consejo Regulador.<\/li>\n<li><strong>Horaires :<\/strong> de 13 h \u00e0 14 h 30.<\/li>\n<\/ul>\n<p>La participation professionnelle exige <strong>une inscription pr\u00e9alable et une accr\u00e9ditation<\/strong> et le nombre de places est limit\u00e9.<\/p>\n<\/div><\/div><\/div><\/div><\/div><\/div><\/div><\/section><section class=\"l-section wpb_row height_huge color_alternate with_shape\"><div class=\"l-section-shape type_zigzag pos_top\" style=\"height:3vmin;\"><svg xmlns=\"http:\/\/www.w3.org\/2000\/svg\" viewBox=\"0 0 64 8\" preserveAspectRatio=\"none\" width=\"100%\" height=\"100%\">\r\n\t<path fill=\"currentColor\" d=\"M64 8 L0 8 L0 0 L20 7.9 L40 3 L48 5 L64 0 Z\"\/>\r\n<\/svg><\/div><div class=\"l-section-shape type_zigzag pos_bottom\" style=\"height:3vmin;\"><svg xmlns=\"http:\/\/www.w3.org\/2000\/svg\" viewBox=\"0 0 64 8\" preserveAspectRatio=\"none\" width=\"100%\" height=\"100%\">\r\n\t<path fill=\"currentColor\" d=\"M64 8 L0 8 L0 0 L20 7.9 L40 3 L48 5 L64 0 Z\"\/>\r\n<\/svg><\/div><div class=\"l-section-h i-cf\"><div class=\"g-cols vc_row via_flex valign_top type_default stacking_default\"><div class=\"vc_col-sm-6 wpb_column vc_column_container\"><div class=\"vc_column-inner\"><div class=\"wpb_wrapper\"><div class=\"wpb_text_column\"><div class=\"wpb_wrapper\"><h2 id=\"vino\">Pourquoi le vin fait partie du festival<\/h2>\n<p>Jerez Fusi\u00f3n fait de la relation entre <strong>musique, vin et brandy<\/strong> un de ses axes. Il ne s&rsquo;agit pas simplement d&rsquo;ajouter un verre aux concerts : l&rsquo;identit\u00e9 m\u00eame du festival se construit autour des produits et des lieux qui font partie de la culture jerezane.<\/p>\n<p>La collaboration de FEDEJEREZ et la pr\u00e9sence de lieux li\u00e9s au secteur viticole renforcent cette id\u00e9e. Le festival co\u00efncide aussi avec la derni\u00e8re partie des <strong>F\u00eates des Vendanges de Jerez 2026<\/strong>, qui se terminent le 13 septembre.<\/p>\n<p>La visite peut ainsi facilement devenir un week-end plus complet : flamenco, bodegas, gastronomie, patrimoine et activit\u00e9s des vendanges en parall\u00e8le.<\/p>\n<\/div><\/div><\/div><\/div><\/div><div class=\"vc_col-sm-6 wpb_column vc_column_container\"><div class=\"vc_column-inner\"><div class=\"wpb_wrapper\"><div class=\"wpb_text_column\"><div class=\"wpb_wrapper\"><h2 id=\"entradas\">Jerez Fusi\u00f3n 2026 est-il gratuit ? Billets et acc\u00e8s<\/h2>\n<p>Une grande partie de la programmation annonc\u00e9e est pr\u00e9sent\u00e9e comme <strong>gratuite<\/strong>, y compris le grand concert du samedi \u00e0 Alameda Vieja. Le festival r\u00e9unit n\u00e9anmoins de nombreux formats et lieux, et certaines activit\u00e9s professionnelles exigent une inscription ou une accr\u00e9ditation pr\u00e9alable.<\/p>\n<p>Il convient donc de distinguer trois types d&rsquo;acc\u00e8s :<\/p>\n<ul>\n<li><strong>Concerts et activit\u00e9s ouverts au public :<\/strong> consulter les conditions de capacit\u00e9 de chaque lieu.<\/li>\n<li><strong>Rencontres professionnelles :<\/strong> inscription pr\u00e9alable et accr\u00e9ditation.<\/li>\n<li><strong>Activit\u00e9s sp\u00e9cifiques :<\/strong> v\u00e9rifier la fiche officielle avant de venir.<\/li>\n<\/ul>\n<p>Nous d\u00e9conseillons de supposer que tous les \u00e9v\u00e9nements appliquent les m\u00eames modalit\u00e9s d&rsquo;acc\u00e8s. Le site officiel du festival reste la r\u00e9f\u00e9rence la plus s\u00fbre.<\/p>\n<\/div><\/div><\/div><\/div><\/div><\/div><\/div><\/section><section class=\"l-section wpb_row height_huge\"><div class=\"l-section-h i-cf\"><div class=\"g-cols vc_row via_flex valign_top type_default stacking_default\"><div class=\"vc_col-sm-6 wpb_column vc_column_container\"><div class=\"vc_column-inner\"><div class=\"wpb_wrapper\"><div class=\"wpb_text_column\"><div class=\"wpb_wrapper\"><h2 id=\"planificar\">Comment organiser une visite \u00e0 Jerez Fusi\u00f3n<\/h2>\n<p>Si vous venez de l&rsquo;ext\u00e9rieur de Jerez, la meilleure strat\u00e9gie consiste \u00e0 choisir d&rsquo;abord les concerts incontournables, puis \u00e0 organiser le reste de la journ\u00e9e autour d&rsquo;eux.<\/p>\n<p><strong>Jeudi et vendredi :<\/strong> les concerts se r\u00e9partissent principalement entre l&rsquo;apr\u00e8s-midi et la soir\u00e9e ; vous pouvez donc r\u00e9server la matin\u00e9e au centre historique, \u00e0 une visite de bodega ou au Centro Andaluz de Flamenco.<\/p>\n<p><strong>Samedi :<\/strong> pr\u00e9voyez une marge pour arriver t\u00f4t \u00e0 Alameda Vieja. L&rsquo;hommage \u00e0 El Madriles et le concert de Raimundo Amador font de cette journ\u00e9e celle qui devrait attirer le plus de public.<\/p>\n<p><strong>Dimanche :<\/strong> la programmation de journ\u00e9e permet de combiner la cl\u00f4ture du festival avec les derni\u00e8res activit\u00e9s des F\u00eates des Vendanges.<\/p>\n<p>Pour assister \u00e9galement \u00e0 un spectacle de flamenco r\u00e9gulier, consultez notre <a href=\"https:\/\/www.tablaosflamencos.com\/fr\/flamenco-a-jerez\"><strong>guide du flamenco \u00e0 Jerez<\/strong><\/a>. Jerez propose du flamenco en dehors du festival, ce qui permet de prolonger le s\u00e9jour d&rsquo;un ou plusieurs jours.<\/p>\n<\/div><\/div><\/div><\/div><\/div><div class=\"vc_col-sm-6 wpb_column vc_column_container\"><div class=\"vc_column-inner\"><div class=\"wpb_wrapper\"><div class=\"wpb_text_column\"><div class=\"wpb_wrapper\"><h2>Jerez Fusi\u00f3n et l&rsquo;identit\u00e9 flamenca de la ville<\/h2>\n<p>Le choix de la fusion prend tout son sens \u00e0 Jerez : il ne s&rsquo;agit pas d&rsquo;une ville sans tradition qui chercherait \u00e0 s&rsquo;approprier une \u00e9tiquette flamenca. Jerez est l&rsquo;un des grands territoires historiques du cante, de la guitare, de la danse et du comp\u00e1s.<\/p>\n<p>C&rsquo;est pr\u00e9cis\u00e9ment pour cela que le dialogue avec les sons contemporains peut \u00eatre particuli\u00e8rement int\u00e9ressant : les racines sont pr\u00e9sentes et reconnaissables. La question du festival n&rsquo;est pas de savoir si Jerez poss\u00e8de du flamenco, mais <strong>ce que la ville peut faire aujourd&rsquo;hui de tout ce patrimoine<\/strong>.<\/p>\n<p>Pour compl\u00e9ter ce regard contemporain par d&rsquo;autres contextes de la ville, vous pouvez \u00e9galement lire notre guide sur <a href=\"https:\/\/www.tablaosflamencos.com\/fr\/flamenco-a-jerez-feria-del-caballo.html\"><strong>le flamenco \u00e0 Jerez pendant la Feria del Caballo<\/strong><\/a>, o\u00f9 nous expliquons comment la culture flamenca s&rsquo;int\u00e8gre \u00e0 d&rsquo;autres grands \u00e9v\u00e9nements jerezans.<\/p>\n<\/div><\/div><\/div><\/div><\/div><\/div><\/div><\/section><section class=\"l-section wpb_row height_huge color_alternate with_shape\"><div class=\"l-section-shape type_zigzag pos_top hor_flip\" style=\"height:3vmin;\"><svg xmlns=\"http:\/\/www.w3.org\/2000\/svg\" viewBox=\"0 0 64 8\" preserveAspectRatio=\"none\" width=\"100%\" height=\"100%\">\r\n\t<path fill=\"currentColor\" d=\"M64 8 L0 8 L0 0 L20 7.9 L40 3 L48 5 L64 0 Z\"\/>\r\n<\/svg><\/div><div class=\"l-section-shape type_zigzag pos_bottom\" style=\"height:3vmin;\"><svg xmlns=\"http:\/\/www.w3.org\/2000\/svg\" viewBox=\"0 0 64 8\" preserveAspectRatio=\"none\" width=\"100%\" height=\"100%\">\r\n\t<path fill=\"currentColor\" d=\"M64 8 L0 8 L0 0 L20 7.9 L40 3 L48 5 L64 0 Z\"\/>\r\n<\/svg><\/div><div class=\"l-section-h i-cf\"><div class=\"g-cols vc_row via_flex valign_top type_default stacking_default\"><div class=\"vc_col-sm-12 wpb_column vc_column_container\"><div class=\"vc_column-inner\"><div class=\"wpb_wrapper\"><div class=\"wpb_text_column\"><div class=\"wpb_wrapper\"><h2 style=\"text-align: center;\">Une premi\u00e8re \u00e9dition qui veut aller au-del\u00e0 du festival<\/h2>\n<p style=\"text-align: center;\">Jerez Fusi\u00f3n na\u00eet avec l&rsquo;ambition d&rsquo;un projet de ville. Il ne se contente pas de programmer des concerts : il relie lieux, artistes, vin, industrie musicale, tourisme et patrimoine.<\/p>\n<p style=\"text-align: center;\">L&rsquo;enjeu de cette premi\u00e8re \u00e9dition sera de voir si ce m\u00e9lange fonctionne naturellement et si le festival peut devenir un rendez-vous annuel du calendrier flamenco national.<\/p>\n<p style=\"text-align: center;\">Pour 2026, l&rsquo;attrait est d\u00e9j\u00e0 clair : <strong>quatre jours pour voir Jerez faire dialoguer ses racines flamencas avec de nouvelles musiques et de nouveaux publics<\/strong>.<\/p>\n<\/div><\/div><div class=\"w-separator size_medium\"><\/div><div class=\"w-hwrapper valign_top wrap stack_on_mobiles align_center\" style=\"--hwrapper-gap:1.2rem\"><div class=\"w-btn-wrapper align_none\"><a class=\"w-btn us-btn-style_1\" href=\"https:\/\/www.jerezfusion.com\/\"><span class=\"w-btn-label\">Consulter le programme actualis\u00e9<\/span><\/a><\/div><div class=\"w-btn-wrapper align_none\"><a class=\"w-btn us-btn-style_1\" href=\"https:\/\/www.tablaosflamencos.com\/fr\/flamenco-a-jerez\"><span class=\"w-btn-label\">D\u00e9couvrir le flamenco \u00e0 Jerez<\/span><\/a><\/div><\/div><\/div><\/div><\/div><\/div><\/div><\/section><section class=\"l-section wpb_row height_huge with_shape\"><div class=\"l-section-shape type_zigzag pos_bottom\" style=\"height:3vmin;\"><svg xmlns=\"http:\/\/www.w3.org\/2000\/svg\" viewBox=\"0 0 64 8\" preserveAspectRatio=\"none\" width=\"100%\" height=\"100%\">\r\n\t<path fill=\"currentColor\" d=\"M64 8 L0 8 L0 0 L20 7.9 L40 3 L48 5 L64 0 Z\"\/>\r\n<\/svg><\/div><div class=\"l-section-h i-cf\"><div class=\"g-cols vc_row via_flex valign_top type_default stacking_default\"><div class=\"vc_col-sm-1\/5 wpb_column vc_column_container\"><div class=\"vc_column-inner\"><div class=\"wpb_wrapper\"><\/div><\/div><\/div><div class=\"vc_col-sm-3\/5 wpb_column vc_column_container\"><div class=\"vc_column-inner\"><div class=\"wpb_wrapper\"><div class=\"wpb_text_column\"><div class=\"wpb_wrapper\"><h2 id=\"faq\" style=\"text-align: center;\">Questions fr\u00e9quentes sur Jerez Fusi\u00f3n 2026<\/h2>\n<\/div><\/div><div class=\"w-separator size_medium\"><\/div><div class=\"w-tabs accordion toggle_style_1 has_scrolling\" style=\"--sections-title-size:inherit;--sections-gap:0.5rem;\"><div class=\"w-tabs-sections titles-align_none icon_chevron cpos_right\"><div class=\"w-tabs-section\" id=\"a9d7\"><button type=\"button\" class=\"w-tabs-section-header\" aria-controls=\"content-a9d7\" aria-expanded=\"false\"><div class=\"w-tabs-section-title\">Quand se d\u00e9roule Jerez Fusi\u00f3n 2026 ?<\/div><div class=\"w-tabs-section-control\"><\/div><\/button><div  class=\"w-tabs-section-content\" id=\"content-a9d7\"><div class=\"w-tabs-section-content-h i-cf\"><div class=\"wpb_text_column\"><div class=\"wpb_wrapper\"><p>Jerez Fusi\u00f3n 2026 se d\u00e9roule du jeudi 10 au dimanche 13 septembre 2026 \u00e0 Jerez de la Frontera.<\/p>\n<\/div><\/div><\/div><\/div><\/div><div class=\"w-tabs-section\" id=\"pae9\"><button type=\"button\" class=\"w-tabs-section-header\" aria-controls=\"content-pae9\" aria-expanded=\"false\"><div class=\"w-tabs-section-title\">Est-ce la premi\u00e8re \u00e9dition de Jerez Fusi\u00f3n ?<\/div><div class=\"w-tabs-section-control\"><\/div><\/button><div  class=\"w-tabs-section-content\" id=\"content-pae9\"><div class=\"w-tabs-section-content-h i-cf\"><div class=\"wpb_text_column\"><div class=\"wpb_wrapper\"><p>Oui. L&rsquo;\u00e9dition 2026 est la premi\u00e8re de Jerez Fusi\u00f3n, un projet port\u00e9 par le Cl\u00faster Tur\u00edstico Destino Jerez avec un soutien municipal et la collaboration de FEDEJEREZ.<\/p>\n<\/div><\/div><\/div><\/div><\/div><div class=\"w-tabs-section\" id=\"nbcc\"><button type=\"button\" class=\"w-tabs-section-header\" aria-controls=\"content-nbcc\" aria-expanded=\"false\"><div class=\"w-tabs-section-title\">Quels styles de musique seront pr\u00e9sents au festival ?<\/div><div class=\"w-tabs-section-control\"><\/div><\/button><div  class=\"w-tabs-section-content\" id=\"content-nbcc\"><div class=\"w-tabs-section-content-h i-cf\"><div class=\"wpb_text_column\"><div class=\"wpb_wrapper\"><p>Le flamenco constitue le point de d\u00e9part, mais le programme explore les croisements avec le jazz, le blues, le rock, la musique classique, les musiques du monde et les propositions contemporaines.<\/p>\n<\/div><\/div><\/div><\/div><\/div><div class=\"w-tabs-section\" id=\"nc99\"><button type=\"button\" class=\"w-tabs-section-header\" aria-controls=\"content-nc99\" aria-expanded=\"false\"><div class=\"w-tabs-section-title\">Quels artistes sont \u00e0 l&rsquo;affiche de Jerez Fusi\u00f3n 2026 ?<\/div><div class=\"w-tabs-section-control\"><\/div><\/button><div  class=\"w-tabs-section-content\" id=\"content-nc99\"><div class=\"w-tabs-section-content-h i-cf\"><div class=\"wpb_text_column\"><div class=\"wpb_wrapper\"><p>Parmi les noms annonc\u00e9s figurent Raimundo Amador, Tomasito, Diego Carrasco, Curro Carrasco, Luis de Perik\u00edn, Jos\u00e9 de los Camarones, Chico P\u00e9rez, Juan Diego Mateos, Sole\u00e1 Gatica, Borondo, Trilog et d&rsquo;autres projets.<\/p>\n<\/div><\/div><\/div><\/div><\/div><div class=\"w-tabs-section\" id=\"qd6f\"><button type=\"button\" class=\"w-tabs-section-header\" aria-controls=\"content-qd6f\" aria-expanded=\"false\"><div class=\"w-tabs-section-title\">O\u00f9 aura lieu le concert principal de Jerez Fusi\u00f3n ?<\/div><div class=\"w-tabs-section-control\"><\/div><\/button><div  class=\"w-tabs-section-content\" id=\"content-qd6f\"><div class=\"w-tabs-section-content-h i-cf\"><div class=\"wpb_text_column\"><div class=\"wpb_wrapper\"><p>Le grand concert du samedi 12 est annonc\u00e9 \u00e0 Alameda Vieja, avec un hommage \u00e0 Antonio de los R\u00edos \u00ab El Madriles \u00bb et un final assur\u00e9 par Raimundo Amador avec De Pata Negra a Raimundo.<\/p>\n<\/div><\/div><\/div><\/div><\/div><div class=\"w-tabs-section\" id=\"ve54\"><button type=\"button\" class=\"w-tabs-section-header\" aria-controls=\"content-ve54\" aria-expanded=\"false\"><div class=\"w-tabs-section-title\">Jerez Fusi\u00f3n 2026 est-il gratuit ?<\/div><div class=\"w-tabs-section-control\"><\/div><\/button><div  class=\"w-tabs-section-content\" id=\"content-ve54\"><div class=\"w-tabs-section-content-h i-cf\"><div class=\"wpb_text_column\"><div class=\"wpb_wrapper\"><p>Une grande partie de la programmation publique annonc\u00e9e est gratuite, mais certaines activit\u00e9s professionnelles exigent une inscription et une accr\u00e9ditation. Il est conseill\u00e9 de v\u00e9rifier les conditions de chaque activit\u00e9 sur le site officiel.<\/p>\n<\/div><\/div><\/div><\/div><\/div><div class=\"w-tabs-section\" id=\"if24\"><button type=\"button\" class=\"w-tabs-section-header\" aria-controls=\"content-if24\" aria-expanded=\"false\"><div class=\"w-tabs-section-title\">Y a-t-il des activit\u00e9s pour les professionnels du flamenco et de la musique ?<\/div><div class=\"w-tabs-section-control\"><\/div><\/button><div  class=\"w-tabs-section-content\" id=\"content-if24\"><div class=\"w-tabs-section-content-h i-cf\"><div class=\"wpb_text_column\"><div class=\"wpb_wrapper\"><p>Oui. Le festival propose des rencontres de mise en r\u00e9seau et d&rsquo;affaires pour artistes, managers, agences, festivals, programmateurs, promoteurs, labels, m\u00e9dias et institutions. Les principales s\u00e9ances sont annonc\u00e9es les 11 et 12 septembre.<\/p>\n<\/div><\/div><\/div><\/div><\/div><div class=\"w-tabs-section\" id=\"bfe3\"><button type=\"button\" class=\"w-tabs-section-header\" aria-controls=\"content-bfe3\" aria-expanded=\"false\"><div class=\"w-tabs-section-title\">Quel lien le festival entretient-il avec le vin de Jerez ?<\/div><div class=\"w-tabs-section-control\"><\/div><\/button><div  class=\"w-tabs-section-content\" id=\"content-bfe3\"><div class=\"w-tabs-section-content-h i-cf\"><div class=\"wpb_text_column\"><div class=\"wpb_wrapper\"><p>Le concept du festival associe musique, vin et ville. Le vin et le brandy font partie de l&rsquo;identit\u00e9 du projet, et l&rsquo;organisation b\u00e9n\u00e9ficie de la collaboration de FEDEJEREZ.<\/p>\n<\/div><\/div><\/div><\/div><\/div><div class=\"w-tabs-section\" id=\"y09e\"><button type=\"button\" class=\"w-tabs-section-header\" aria-controls=\"content-y09e\" aria-expanded=\"false\"><div class=\"w-tabs-section-title\">Jerez Fusi\u00f3n co\u00efncide-t-il avec les F\u00eates des Vendanges ?<\/div><div class=\"w-tabs-section-control\"><\/div><\/button><div  class=\"w-tabs-section-content\" id=\"content-y09e\"><div class=\"w-tabs-section-content-h i-cf\"><div class=\"wpb_text_column\"><div class=\"wpb_wrapper\"><p>Oui. Les F\u00eates des Vendanges de Jerez 2026 se poursuivent jusqu&rsquo;au 13 septembre ; les quatre jours de Jerez Fusi\u00f3n co\u00efncident donc avec leur derni\u00e8re partie.<\/p>\n<\/div><\/div><\/div><\/div><\/div><div class=\"w-tabs-section\" id=\"p16c\"><button type=\"button\" class=\"w-tabs-section-header\" aria-controls=\"content-p16c\" aria-expanded=\"false\"><div class=\"w-tabs-section-title\">O\u00f9 consulter les \u00e9ventuels changements de derni\u00e8re minute ?<\/div><div class=\"w-tabs-section-control\"><\/div><\/button><div  class=\"w-tabs-section-content\" id=\"content-p16c\"><div class=\"w-tabs-section-content-h i-cf\"><div class=\"wpb_text_column\"><div class=\"wpb_wrapper\"><p>La source principale est le site officiel jerezfusion.com. Le festival se r\u00e9partissant dans plusieurs lieux, il est recommand\u00e9 d&rsquo;y v\u00e9rifier les horaires, les acc\u00e8s et les changements avant de se d\u00e9placer.<\/p>\n<\/div><\/div><\/div><\/div><\/div><\/div><\/div><\/div><\/div><\/div><div class=\"vc_col-sm-1\/5 wpb_column vc_column_container\"><div class=\"vc_column-inner\"><div class=\"wpb_wrapper\"><\/div><\/div><\/div><\/div><\/div><\/section>\n","protected":false},"excerpt":{"rendered":"<p>Le guide complet de Jerez Fusi\u00f3n 2026 : dates, programme, artistes, lieux, concerts, rencontres professionnelles, vin, billets et conseils pour profiter du festival.<\/p>\n","protected":false},"author":1,"featured_media":14719,"comment_status":"closed","ping_status":"closed","sticky":false,"template":"","format":"standard","meta":{"_acf_changed":false,"wpai_generated_summary":"","_ayudawp_aiss_exclude":false,"_ayudawp_aiss_exclude_summary":false,"_ayudawp_aiss_summary":"","_ayudawp_aiss_summary_provider":"","_ayudawp_aiss_summary_hash":"","footnotes":""},"categories":[1668],"tags":[1238,1241,2015,2018,1075,2016,2017],"class_list":["post-14762","post","type-post","status-publish","format-standard","has-post-thumbnail","hentry","category-festivals-flamenco","tag-agenda-flamenca","tag-festivales-flamencos","tag-flamenco-a-jerez-fr","tag-flamenco-fusion-fr","tag-jerez-de-la-frontera","tag-jerez-fusion-fr","tag-jerez-fusion-2026-fr"],"acf":[],"yoast_head":"<!-- This site is optimized with the Yoast SEO Premium plugin v28.4 (Yoast SEO v28.4) - https:\/\/yoast.com\/product\/yoast-seo-premium-wordpress\/ -->\n<title>Jerez Fusi\u00f3n 2026 : dates, programme, artistes et guide<\/title>\n<meta name=\"description\" content=\"Jerez Fusi\u00f3n 2026 se d\u00e9roule du 10 au 13 septembre. D\u00e9couvrez le programme, les artistes, les lieux, les concerts, le vin et les conseils pratiques.\" \/>\n<meta name=\"robots\" content=\"index, follow, max-snippet:-1, max-image-preview:large, max-video-preview:-1\" \/>\n<link rel=\"canonical\" href=\"https:\/\/www.tablaosflamencos.com\/fr\/jerez-fusion-2026-dates-programme.html\" \/>\n<meta property=\"og:locale\" content=\"fr_FR\" \/>\n<meta property=\"og:type\" content=\"article\" \/>\n<meta property=\"og:title\" content=\"Jerez Fusi\u00f3n 2026 : dates, programme et tout ce qu\u2019il faut savoir\" \/>\n<meta property=\"og:description\" content=\"Jerez Fusi\u00f3n 2026 se d\u00e9roule du 10 au 13 septembre. D\u00e9couvrez le programme, les artistes, les lieux, les concerts, le vin et les conseils pratiques.\" \/>\n<meta property=\"og:url\" content=\"https:\/\/www.tablaosflamencos.com\/fr\/jerez-fusion-2026-dates-programme.html\" \/>\n<meta property=\"og:site_name\" content=\"Tablaos Flamencos\" \/>\n<meta property=\"article:publisher\" content=\"https:\/\/www.facebook.com\/tablaosflamencos\" \/>\n<meta property=\"article:published_time\" content=\"2026-09-05T10:42:59+00:00\" \/>\n<meta property=\"article:modified_time\" content=\"2026-09-05T11:57:57+00:00\" \/>\n<meta property=\"og:image\" content=\"https:\/\/www.tablaosflamencos.com\/wp-content\/uploads\/jerez-fusion-2026-fechas-programacion-y-todo-lo-que-debes-saber-01.webp\" \/>\n\t<meta property=\"og:image:width\" content=\"1491\" \/>\n\t<meta property=\"og:image:height\" content=\"1055\" \/>\n\t<meta property=\"og:image:type\" content=\"image\/webp\" \/>\n<meta name=\"author\" content=\"Miguel Ortiz\" \/>\n<meta name=\"twitter:card\" content=\"summary_large_image\" \/>\n<meta name=\"twitter:creator\" content=\"@tablaosflamenco\" \/>\n<meta name=\"twitter:site\" content=\"@tablaosflamenco\" \/>\n<meta name=\"twitter:label1\" content=\"\u00c9crit par\" \/>\n\t<meta name=\"twitter:data1\" content=\"Miguel Ortiz\" \/>\n\t<meta name=\"twitter:label2\" content=\"Dur\u00e9e de lecture estim\u00e9e\" \/>\n\t<meta name=\"twitter:data2\" content=\"15 minutes\" \/>\n<script type=\"application\/ld+json\" class=\"yoast-schema-graph\">{\"@context\":\"https:\\\/\\\/schema.org\",\"@graph\":[{\"@type\":\"Article\",\"@id\":\"https:\\\/\\\/www.tablaosflamencos.com\\\/fr\\\/jerez-fusion-2026-dates-programme.html#article\",\"isPartOf\":{\"@id\":\"https:\\\/\\\/www.tablaosflamencos.com\\\/fr\\\/jerez-fusion-2026-dates-programme.html\"},\"author\":{\"name\":\"Miguel Ortiz\",\"@id\":\"https:\\\/\\\/www.tablaosflamencos.com\\\/fr#\\\/schema\\\/person\\\/e7a9ebe14eb75a52ceabfbffb3c54f5d\"},\"headline\":\"Jerez Fusi\u00f3n 2026 : dates, programme et tout ce qu\u2019il faut savoir\",\"datePublished\":\"2026-09-05T10:42:59+00:00\",\"dateModified\":\"2026-09-05T11:57:57+00:00\",\"mainEntityOfPage\":{\"@id\":\"https:\\\/\\\/www.tablaosflamencos.com\\\/fr\\\/jerez-fusion-2026-dates-programme.html\"},\"wordCount\":3139,\"publisher\":{\"@id\":\"https:\\\/\\\/www.tablaosflamencos.com\\\/fr#organization\"},\"image\":{\"@id\":\"https:\\\/\\\/www.tablaosflamencos.com\\\/fr\\\/jerez-fusion-2026-dates-programme.html#primaryimage\"},\"thumbnailUrl\":\"https:\\\/\\\/www.tablaosflamencos.com\\\/wp-content\\\/uploads\\\/jerez-fusion-2026-fechas-programacion-y-todo-lo-que-debes-saber-01.webp\",\"keywords\":[\"agenda flamenca\",\"festivales flamencos\",\"flamenco \u00e0 Jerez\",\"flamenco fusion\",\"Jerez de la Frontera\",\"Jerez Fusi\u00f3n\",\"Jerez Fusi\u00f3n 2026\"],\"articleSection\":[\"Festivals de flamenco\"],\"inLanguage\":\"fr-FR\"},{\"@type\":\"WebPage\",\"@id\":\"https:\\\/\\\/www.tablaosflamencos.com\\\/fr\\\/jerez-fusion-2026-dates-programme.html\",\"url\":\"https:\\\/\\\/www.tablaosflamencos.com\\\/fr\\\/jerez-fusion-2026-dates-programme.html\",\"name\":\"Jerez Fusi\u00f3n 2026 : dates, programme, artistes et guide\",\"isPartOf\":{\"@id\":\"https:\\\/\\\/www.tablaosflamencos.com\\\/fr#website\"},\"primaryImageOfPage\":{\"@id\":\"https:\\\/\\\/www.tablaosflamencos.com\\\/fr\\\/jerez-fusion-2026-dates-programme.html#primaryimage\"},\"image\":{\"@id\":\"https:\\\/\\\/www.tablaosflamencos.com\\\/fr\\\/jerez-fusion-2026-dates-programme.html#primaryimage\"},\"thumbnailUrl\":\"https:\\\/\\\/www.tablaosflamencos.com\\\/wp-content\\\/uploads\\\/jerez-fusion-2026-fechas-programacion-y-todo-lo-que-debes-saber-01.webp\",\"datePublished\":\"2026-09-05T10:42:59+00:00\",\"dateModified\":\"2026-09-05T11:57:57+00:00\",\"description\":\"Jerez Fusi\u00f3n 2026 se d\u00e9roule du 10 au 13 septembre. D\u00e9couvrez le programme, les artistes, les lieux, les concerts, le vin et les conseils pratiques.\",\"breadcrumb\":{\"@id\":\"https:\\\/\\\/www.tablaosflamencos.com\\\/fr\\\/jerez-fusion-2026-dates-programme.html#breadcrumb\"},\"inLanguage\":\"fr-FR\",\"potentialAction\":[{\"@type\":\"ReadAction\",\"target\":[\"https:\\\/\\\/www.tablaosflamencos.com\\\/fr\\\/jerez-fusion-2026-dates-programme.html\"]}]},{\"@type\":\"ImageObject\",\"inLanguage\":\"fr-FR\",\"@id\":\"https:\\\/\\\/www.tablaosflamencos.com\\\/fr\\\/jerez-fusion-2026-dates-programme.html#primaryimage\",\"url\":\"https:\\\/\\\/www.tablaosflamencos.com\\\/wp-content\\\/uploads\\\/jerez-fusion-2026-fechas-programacion-y-todo-lo-que-debes-saber-01.webp\",\"contentUrl\":\"https:\\\/\\\/www.tablaosflamencos.com\\\/wp-content\\\/uploads\\\/jerez-fusion-2026-fechas-programacion-y-todo-lo-que-debes-saber-01.webp\",\"width\":1491,\"height\":1055,\"caption\":\"Jerez Fusi\u00f3n 2026: fechas, programaci\u00f3n y todo lo que debes saber\"},{\"@type\":\"BreadcrumbList\",\"@id\":\"https:\\\/\\\/www.tablaosflamencos.com\\\/fr\\\/jerez-fusion-2026-dates-programme.html#breadcrumb\",\"itemListElement\":[{\"@type\":\"ListItem\",\"position\":1,\"name\":\"Home\",\"item\":\"https:\\\/\\\/www.tablaosflamencos.com\\\/fr\"},{\"@type\":\"ListItem\",\"position\":2,\"name\":\"Jerez Fusi\u00f3n 2026 : dates, programme et tout ce qu\u2019il faut savoir\"}]},{\"@type\":\"WebSite\",\"@id\":\"https:\\\/\\\/www.tablaosflamencos.com\\\/fr#website\",\"url\":\"https:\\\/\\\/www.tablaosflamencos.com\\\/fr\",\"name\":\"Tablaos Flamencos\",\"description\":\"Entradas para tablaos flamencos de Espa\u00f1a\",\"publisher\":{\"@id\":\"https:\\\/\\\/www.tablaosflamencos.com\\\/fr#organization\"},\"alternateName\":\"Tablaos Flamencos\",\"potentialAction\":[{\"@type\":\"SearchAction\",\"target\":{\"@type\":\"EntryPoint\",\"urlTemplate\":\"https:\\\/\\\/www.tablaosflamencos.com\\\/fr?s={search_term_string}\"},\"query-input\":{\"@type\":\"PropertyValueSpecification\",\"valueRequired\":true,\"valueName\":\"search_term_string\"}}],\"inLanguage\":\"fr-FR\"},{\"@type\":[\"Organization\",\"Place\",\"EntertainmentBusiness\"],\"@id\":\"https:\\\/\\\/www.tablaosflamencos.com\\\/fr#organization\",\"name\":\"Tablaos Flamencos\",\"alternateName\":\"Tablaos Flamencos\",\"url\":\"https:\\\/\\\/www.tablaosflamencos.com\\\/fr\",\"logo\":{\"@id\":\"https:\\\/\\\/www.tablaosflamencos.com\\\/fr\\\/jerez-fusion-2026-dates-programme.html#local-main-organization-logo\"},\"image\":{\"@id\":\"https:\\\/\\\/www.tablaosflamencos.com\\\/fr\\\/jerez-fusion-2026-dates-programme.html#local-main-organization-logo\"},\"sameAs\":[\"https:\\\/\\\/www.facebook.com\\\/tablaosflamencos\",\"https:\\\/\\\/x.com\\\/tablaosflamenco\",\"https:\\\/\\\/mastodon.social\\\/@tablaosflamencos\",\"https:\\\/\\\/www.instagram.com\\\/tablaosflamencos\",\"https:\\\/\\\/tiktok.com\\\/@tablaosflamencos\",\"https:\\\/\\\/www.linkedin.com\\\/company\\\/109408238\\\/\"],\"description\":\"Venta de entradas para espect\u00e1culos flamencos\",\"legalName\":\"Tablaos Flamencos\",\"foundingDate\":\"2015-01-01\",\"numberOfEmployees\":{\"@type\":\"QuantitativeValue\",\"minValue\":\"1\",\"maxValue\":\"10\"},\"address\":{\"@id\":\"https:\\\/\\\/www.tablaosflamencos.com\\\/fr\\\/jerez-fusion-2026-dates-programme.html#local-main-place-address\"},\"geo\":{\"@type\":\"GeoCoordinates\",\"latitude\":\"37.3868072\",\"longitude\":\"-5.993280299999999\"},\"telephone\":[\"+34623787787\"],\"contactPoint\":{\"@type\":\"ContactPoint\",\"telephone\":\"+34623787787\",\"email\":\"info@tablaosflamencos.com\"},\"openingHoursSpecification\":{\"@type\":\"OpeningHoursSpecification\",\"dayOfWeek\":[\"Monday\",\"Tuesday\",\"Wednesday\",\"Thursday\",\"Friday\",\"Saturday\",\"Sunday\"],\"opens\":\"00:00\",\"closes\":\"23:59\"},\"email\":\"info@tablaosflamencos.com\",\"priceRange\":\"$$$\",\"currenciesAccepted\":\"\u20ac\"},{\"@type\":\"Person\",\"@id\":\"https:\\\/\\\/www.tablaosflamencos.com\\\/fr#\\\/schema\\\/person\\\/e7a9ebe14eb75a52ceabfbffb3c54f5d\",\"name\":\"Miguel Ortiz\",\"description\":\"Miguel Ortiz es un empresario flamenco, con una s\u00f3lida trayectoria dentro del sector. Ha presidido entidades culturales vinculadas al flamenco y, cuenta con un amplio recorrido profesional en la gesti\u00f3n y promoci\u00f3n de espect\u00e1culos y tablaos flamencos. Su pasi\u00f3n por la historia y el arte flamenco se refleja en cada art\u00edculo, donde combina experiencia, criterio y un profundo respeto por la tradici\u00f3n.\",\"sameAs\":[\"https:\\\/\\\/www.tablaosflamencos.com\",\"https:\\\/\\\/www.instagra.com\\\/miguelortizfe\",\"https:\\\/\\\/www.linkedin.com\\\/in\\\/miguelortizf\\\/\"],\"birthDate\":\"1984-11-22\",\"gender\":\"hombre\",\"knowsLanguage\":[\"espa\u00f1ol\",\"ingl\u00e9s\"],\"jobTitle\":\"Empresario flamenco\"},{\"@type\":\"PostalAddress\",\"@id\":\"https:\\\/\\\/www.tablaosflamencos.com\\\/fr\\\/jerez-fusion-2026-dates-programme.html#local-main-place-address\",\"streetAddress\":\"C\\\/ Alemanes, 19\",\"addressLocality\":\"Sevilla\",\"postalCode\":\"41004\",\"addressRegion\":\"Sevilla\",\"addressCountry\":\"ES\"},{\"@type\":\"ImageObject\",\"inLanguage\":\"fr-FR\",\"@id\":\"https:\\\/\\\/www.tablaosflamencos.com\\\/fr\\\/jerez-fusion-2026-dates-programme.html#local-main-organization-logo\",\"url\":\"https:\\\/\\\/www.tablaosflamencos.com\\\/wp-content\\\/uploads\\\/tablaos-flamencos-06-3.webp\",\"contentUrl\":\"https:\\\/\\\/www.tablaosflamencos.com\\\/wp-content\\\/uploads\\\/tablaos-flamencos-06-3.webp\",\"width\":600,\"height\":620,\"caption\":\"Tablaos Flamencos\"}]}<\/script>\n<meta name=\"geo.placename\" content=\"Sevilla\" \/>\n<meta name=\"geo.position\" content=\"37.3868072;-5.993280299999999\" \/>\n<meta name=\"geo.region\" content=\"Espagne\" \/>\n<!-- \/ Yoast SEO Premium plugin. -->","yoast_head_json":{"title":"Jerez Fusi\u00f3n 2026 : dates, programme, artistes et guide","description":"Jerez Fusi\u00f3n 2026 se d\u00e9roule du 10 au 13 septembre. D\u00e9couvrez le programme, les artistes, les lieux, les concerts, le vin et les conseils pratiques.","robots":{"index":"index","follow":"follow","max-snippet":"max-snippet:-1","max-image-preview":"max-image-preview:large","max-video-preview":"max-video-preview:-1"},"canonical":"https:\/\/www.tablaosflamencos.com\/fr\/jerez-fusion-2026-dates-programme.html","og_locale":"fr_FR","og_type":"article","og_title":"Jerez Fusi\u00f3n 2026 : dates, programme et tout ce qu\u2019il faut savoir","og_description":"Jerez Fusi\u00f3n 2026 se d\u00e9roule du 10 au 13 septembre. D\u00e9couvrez le programme, les artistes, les lieux, les concerts, le vin et les conseils pratiques.","og_url":"https:\/\/www.tablaosflamencos.com\/fr\/jerez-fusion-2026-dates-programme.html","og_site_name":"Tablaos Flamencos","article_publisher":"https:\/\/www.facebook.com\/tablaosflamencos","article_published_time":"2026-09-05T10:42:59+00:00","article_modified_time":"2026-09-05T11:57:57+00:00","og_image":[{"width":1491,"height":1055,"url":"https:\/\/www.tablaosflamencos.com\/wp-content\/uploads\/jerez-fusion-2026-fechas-programacion-y-todo-lo-que-debes-saber-01.webp","type":"image\/webp"}],"author":"Miguel Ortiz","twitter_card":"summary_large_image","twitter_creator":"@tablaosflamenco","twitter_site":"@tablaosflamenco","twitter_misc":{"\u00c9crit par":"Miguel Ortiz","Dur\u00e9e de lecture estim\u00e9e":"15 minutes"},"schema":{"@context":"https:\/\/schema.org","@graph":[{"@type":"Article","@id":"https:\/\/www.tablaosflamencos.com\/fr\/jerez-fusion-2026-dates-programme.html#article","isPartOf":{"@id":"https:\/\/www.tablaosflamencos.com\/fr\/jerez-fusion-2026-dates-programme.html"},"author":{"name":"Miguel Ortiz","@id":"https:\/\/www.tablaosflamencos.com\/fr#\/schema\/person\/e7a9ebe14eb75a52ceabfbffb3c54f5d"},"headline":"Jerez Fusi\u00f3n 2026 : dates, programme et tout ce qu\u2019il faut savoir","datePublished":"2026-09-05T10:42:59+00:00","dateModified":"2026-09-05T11:57:57+00:00","mainEntityOfPage":{"@id":"https:\/\/www.tablaosflamencos.com\/fr\/jerez-fusion-2026-dates-programme.html"},"wordCount":3139,"publisher":{"@id":"https:\/\/www.tablaosflamencos.com\/fr#organization"},"image":{"@id":"https:\/\/www.tablaosflamencos.com\/fr\/jerez-fusion-2026-dates-programme.html#primaryimage"},"thumbnailUrl":"https:\/\/www.tablaosflamencos.com\/wp-content\/uploads\/jerez-fusion-2026-fechas-programacion-y-todo-lo-que-debes-saber-01.webp","keywords":["agenda flamenca","festivales flamencos","flamenco \u00e0 Jerez","flamenco fusion","Jerez de la Frontera","Jerez Fusi\u00f3n","Jerez Fusi\u00f3n 2026"],"articleSection":["Festivals de flamenco"],"inLanguage":"fr-FR"},{"@type":"WebPage","@id":"https:\/\/www.tablaosflamencos.com\/fr\/jerez-fusion-2026-dates-programme.html","url":"https:\/\/www.tablaosflamencos.com\/fr\/jerez-fusion-2026-dates-programme.html","name":"Jerez Fusi\u00f3n 2026 : dates, programme, artistes et guide","isPartOf":{"@id":"https:\/\/www.tablaosflamencos.com\/fr#website"},"primaryImageOfPage":{"@id":"https:\/\/www.tablaosflamencos.com\/fr\/jerez-fusion-2026-dates-programme.html#primaryimage"},"image":{"@id":"https:\/\/www.tablaosflamencos.com\/fr\/jerez-fusion-2026-dates-programme.html#primaryimage"},"thumbnailUrl":"https:\/\/www.tablaosflamencos.com\/wp-content\/uploads\/jerez-fusion-2026-fechas-programacion-y-todo-lo-que-debes-saber-01.webp","datePublished":"2026-09-05T10:42:59+00:00","dateModified":"2026-09-05T11:57:57+00:00","description":"Jerez Fusi\u00f3n 2026 se d\u00e9roule du 10 au 13 septembre. D\u00e9couvrez le programme, les artistes, les lieux, les concerts, le vin et les conseils pratiques.","breadcrumb":{"@id":"https:\/\/www.tablaosflamencos.com\/fr\/jerez-fusion-2026-dates-programme.html#breadcrumb"},"inLanguage":"fr-FR","potentialAction":[{"@type":"ReadAction","target":["https:\/\/www.tablaosflamencos.com\/fr\/jerez-fusion-2026-dates-programme.html"]}]},{"@type":"ImageObject","inLanguage":"fr-FR","@id":"https:\/\/www.tablaosflamencos.com\/fr\/jerez-fusion-2026-dates-programme.html#primaryimage","url":"https:\/\/www.tablaosflamencos.com\/wp-content\/uploads\/jerez-fusion-2026-fechas-programacion-y-todo-lo-que-debes-saber-01.webp","contentUrl":"https:\/\/www.tablaosflamencos.com\/wp-content\/uploads\/jerez-fusion-2026-fechas-programacion-y-todo-lo-que-debes-saber-01.webp","width":1491,"height":1055,"caption":"Jerez Fusi\u00f3n 2026: fechas, programaci\u00f3n y todo lo que debes saber"},{"@type":"BreadcrumbList","@id":"https:\/\/www.tablaosflamencos.com\/fr\/jerez-fusion-2026-dates-programme.html#breadcrumb","itemListElement":[{"@type":"ListItem","position":1,"name":"Home","item":"https:\/\/www.tablaosflamencos.com\/fr"},{"@type":"ListItem","position":2,"name":"Jerez Fusi\u00f3n 2026 : dates, programme et tout ce qu\u2019il faut savoir"}]},{"@type":"WebSite","@id":"https:\/\/www.tablaosflamencos.com\/fr#website","url":"https:\/\/www.tablaosflamencos.com\/fr","name":"Tablaos Flamencos","description":"Entradas para tablaos flamencos de Espa\u00f1a","publisher":{"@id":"https:\/\/www.tablaosflamencos.com\/fr#organization"},"alternateName":"Tablaos Flamencos","potentialAction":[{"@type":"SearchAction","target":{"@type":"EntryPoint","urlTemplate":"https:\/\/www.tablaosflamencos.com\/fr?s={search_term_string}"},"query-input":{"@type":"PropertyValueSpecification","valueRequired":true,"valueName":"search_term_string"}}],"inLanguage":"fr-FR"},{"@type":["Organization","Place","EntertainmentBusiness"],"@id":"https:\/\/www.tablaosflamencos.com\/fr#organization","name":"Tablaos Flamencos","alternateName":"Tablaos Flamencos","url":"https:\/\/www.tablaosflamencos.com\/fr","logo":{"@id":"https:\/\/www.tablaosflamencos.com\/fr\/jerez-fusion-2026-dates-programme.html#local-main-organization-logo"},"image":{"@id":"https:\/\/www.tablaosflamencos.com\/fr\/jerez-fusion-2026-dates-programme.html#local-main-organization-logo"},"sameAs":["https:\/\/www.facebook.com\/tablaosflamencos","https:\/\/x.com\/tablaosflamenco","https:\/\/mastodon.social\/@tablaosflamencos","https:\/\/www.instagram.com\/tablaosflamencos","https:\/\/tiktok.com\/@tablaosflamencos","https:\/\/www.linkedin.com\/company\/109408238\/"],"description":"Venta de entradas para espect\u00e1culos flamencos","legalName":"Tablaos Flamencos","foundingDate":"2015-01-01","numberOfEmployees":{"@type":"QuantitativeValue","minValue":"1","maxValue":"10"},"address":{"@id":"https:\/\/www.tablaosflamencos.com\/fr\/jerez-fusion-2026-dates-programme.html#local-main-place-address"},"geo":{"@type":"GeoCoordinates","latitude":"37.3868072","longitude":"-5.993280299999999"},"telephone":["+34623787787"],"contactPoint":{"@type":"ContactPoint","telephone":"+34623787787","email":"info@tablaosflamencos.com"},"openingHoursSpecification":{"@type":"OpeningHoursSpecification","dayOfWeek":["Monday","Tuesday","Wednesday","Thursday","Friday","Saturday","Sunday"],"opens":"00:00","closes":"23:59"},"email":"info@tablaosflamencos.com","priceRange":"$$$","currenciesAccepted":"\u20ac"},{"@type":"Person","@id":"https:\/\/www.tablaosflamencos.com\/fr#\/schema\/person\/e7a9ebe14eb75a52ceabfbffb3c54f5d","name":"Miguel Ortiz","description":"Miguel Ortiz es un empresario flamenco, con una s\u00f3lida trayectoria dentro del sector. Ha presidido entidades culturales vinculadas al flamenco y, cuenta con un amplio recorrido profesional en la gesti\u00f3n y promoci\u00f3n de espect\u00e1culos y tablaos flamencos. Su pasi\u00f3n por la historia y el arte flamenco se refleja en cada art\u00edculo, donde combina experiencia, criterio y un profundo respeto por la tradici\u00f3n.","sameAs":["https:\/\/www.tablaosflamencos.com","https:\/\/www.instagra.com\/miguelortizfe","https:\/\/www.linkedin.com\/in\/miguelortizf\/"],"birthDate":"1984-11-22","gender":"hombre","knowsLanguage":["espa\u00f1ol","ingl\u00e9s"],"jobTitle":"Empresario flamenco"},{"@type":"PostalAddress","@id":"https:\/\/www.tablaosflamencos.com\/fr\/jerez-fusion-2026-dates-programme.html#local-main-place-address","streetAddress":"C\/ Alemanes, 19","addressLocality":"Sevilla","postalCode":"41004","addressRegion":"Sevilla","addressCountry":"ES"},{"@type":"ImageObject","inLanguage":"fr-FR","@id":"https:\/\/www.tablaosflamencos.com\/fr\/jerez-fusion-2026-dates-programme.html#local-main-organization-logo","url":"https:\/\/www.tablaosflamencos.com\/wp-content\/uploads\/tablaos-flamencos-06-3.webp","contentUrl":"https:\/\/www.tablaosflamencos.com\/wp-content\/uploads\/tablaos-flamencos-06-3.webp","width":600,"height":620,"caption":"Tablaos Flamencos"}]},"geo.placename":"Sevilla","geo.position":{"lat":"37.3868072","long":"-5.993280299999999"},"geo.region":"Espagne"},"_links":{"self":[{"href":"https:\/\/www.tablaosflamencos.com\/fr\/wp-json\/wp\/v2\/posts\/14762","targetHints":{"allow":["GET"]}}],"collection":[{"href":"https:\/\/www.tablaosflamencos.com\/fr\/wp-json\/wp\/v2\/posts"}],"about":[{"href":"https:\/\/www.tablaosflamencos.com\/fr\/wp-json\/wp\/v2\/types\/post"}],"author":[{"embeddable":true,"href":"https:\/\/www.tablaosflamencos.com\/fr\/wp-json\/wp\/v2\/users\/1"}],"replies":[{"embeddable":true,"href":"https:\/\/www.tablaosflamencos.com\/fr\/wp-json\/wp\/v2\/comments?post=14762"}],"version-history":[{"count":3,"href":"https:\/\/www.tablaosflamencos.com\/fr\/wp-json\/wp\/v2\/posts\/14762\/revisions"}],"predecessor-version":[{"id":14765,"href":"https:\/\/www.tablaosflamencos.com\/fr\/wp-json\/wp\/v2\/posts\/14762\/revisions\/14765"}],"wp:featuredmedia":[{"embeddable":true,"href":"https:\/\/www.tablaosflamencos.com\/fr\/wp-json\/wp\/v2\/media\/14719"}],"wp:attachment":[{"href":"https:\/\/www.tablaosflamencos.com\/fr\/wp-json\/wp\/v2\/media?parent=14762"}],"wp:term":[{"taxonomy":"category","embeddable":true,"href":"https:\/\/www.tablaosflamencos.com\/fr\/wp-json\/wp\/v2\/categories?post=14762"},{"taxonomy":"post_tag","embeddable":true,"href":"https:\/\/www.tablaosflamencos.com\/fr\/wp-json\/wp\/v2\/tags?post=14762"}],"curies":[{"name":"wp","href":"https:\/\/api.w.org\/{rel}","templated":true}]}}