{"id":14761,"date":"2026-09-05T13:50:39","date_gmt":"2026-09-05T11:50:39","guid":{"rendered":"https:\/\/www.tablaosflamencos.com\/?p=14761"},"modified":"2026-09-05T14:11:17","modified_gmt":"2026-09-05T12:11:17","slug":"macarena-flamenca-2026-programme-billets","status":"publish","type":"post","link":"https:\/\/www.tablaosflamencos.com\/fr\/macarena-flamenca-2026-programme-billets.html","title":{"rendered":"Macarena Flamenca 2026 : programme, billets et tout ce qu\u2019il faut savoir"},"content":{"rendered":"<section class=\"l-section wpb_row height_huge\"><div class=\"l-section-h i-cf\"><div class=\"g-cols vc_row via_flex valign_top type_default stacking_default\"><div class=\"vc_col-sm-6 wpb_column vc_column_container\"><div class=\"vc_column-inner\"><div class=\"wpb_wrapper\"><div class=\"wpb_text_column\"><div class=\"wpb_wrapper\"><h2>Le flamenco revient dans les rues de la Macarena<\/h2>\n<p>Le <strong>II Festival Macarena Flamenca 2026<\/strong> se d\u00e9roule le samedi 5 septembre sur la Plaza Virgen del Pilar, dans le quartier s\u00e9villan de La Barzola. L&rsquo;\u00e9v\u00e9nement transforme une place du district de la Macarena en sc\u00e8ne flamenca et consacre sa deuxi\u00e8me \u00e9dition \u00e0 <strong>Jos\u00e9 de la Tomasa<\/strong>, l&rsquo;une des voix essentielles du chant flamenco s\u00e9villan.<\/p>\n<p>L&rsquo;affiche r\u00e9unit chant, guitare et danse avec des artistes de diff\u00e9rentes g\u00e9n\u00e9rations : Potito, Antonio Reyes, Remedios Reyes, Manuel de la Tomasa et Manuela Amador Carrasco, accompagn\u00e9s de leurs formations respectives. L&rsquo;acc\u00e8s est gratuit et il n&rsquo;est pas n\u00e9cessaire d&rsquo;acheter un billet, mais il d\u00e9pend de la capacit\u00e9 disponible.<\/p>\n<\/div><\/div><\/div><\/div><\/div><div class=\"vc_col-sm-6 wpb_column vc_column_container\"><div class=\"vc_column-inner\"><div class=\"wpb_wrapper\"><div class=\"wpb_text_column\"><div class=\"wpb_wrapper\"><h2>Informations essentielles<\/h2>\n<ul>\n<li><strong>Date :<\/strong> samedi 5 septembre 2026.<\/li>\n<li><strong>Lieu :<\/strong> Plaza Virgen del Pilar, La Barzola, S\u00e9ville.<\/li>\n<li><strong>Horaire le plus r\u00e9cent :<\/strong> 21 h 30.<\/li>\n<li><strong>Arriv\u00e9e recommand\u00e9e :<\/strong> avant 21 h 00.<\/li>\n<li><strong>Billets :<\/strong> entr\u00e9e libre et gratuite.<\/li>\n<li><strong>Artiste \u00e0 l&rsquo;honneur :<\/strong> Jos\u00e9 de la Tomasa.<\/li>\n<li><strong>Organisation :<\/strong> District de la Macarena de la mairie de S\u00e9ville.<\/li>\n<li><strong>Contexte :<\/strong> activit\u00e9s pr\u00e9c\u00e9dant la XXIVe Biennale de Flamenco.<\/li>\n<\/ul>\n<\/div><\/div><\/div><\/div><\/div><\/div><\/div><\/section><section class=\"l-section wpb_row height_huge color_alternate with_shape\"><div class=\"l-section-shape type_zigzag pos_top\" style=\"height:3vmin;\"><svg xmlns=\"http:\/\/www.w3.org\/2000\/svg\" viewBox=\"0 0 64 8\" preserveAspectRatio=\"none\" width=\"100%\" height=\"100%\">\r\n\t<path fill=\"currentColor\" d=\"M64 8 L0 8 L0 0 L20 7.9 L40 3 L48 5 L64 0 Z\"\/>\r\n<\/svg><\/div><div class=\"l-section-shape type_zigzag pos_bottom\" style=\"height:3vmin;\"><svg xmlns=\"http:\/\/www.w3.org\/2000\/svg\" viewBox=\"0 0 64 8\" preserveAspectRatio=\"none\" width=\"100%\" height=\"100%\">\r\n\t<path fill=\"currentColor\" d=\"M64 8 L0 8 L0 0 L20 7.9 L40 3 L48 5 L64 0 Z\"\/>\r\n<\/svg><\/div><div class=\"l-section-h i-cf\"><div class=\"g-cols vc_row via_flex valign_top type_default stacking_default\"><div class=\"vc_col-sm-12 wpb_column vc_column_container\"><div class=\"vc_column-inner\"><div class=\"wpb_wrapper\"><div class=\"wpb_text_column\"><div class=\"wpb_wrapper\"><blockquote>\n<p><strong>R\u00e9ponse rapide :<\/strong> Macarena Flamenca 2026 se d\u00e9roule le samedi 5 septembre sur la Plaza Virgen del Pilar, \u00e0 La Barzola. Potito, Antonio Reyes, Remedios Reyes, Manuel de la Tomasa et la danseuse Manuela Amador Carrasco se produiront lors d&rsquo;une \u00e9dition consacr\u00e9e \u00e0 Jos\u00e9 de la Tomasa. L&rsquo;entr\u00e9e est gratuite et aucune r\u00e9servation n&rsquo;est n\u00e9cessaire. Les informations municipales les plus r\u00e9centes fixent le d\u00e9but \u00e0 21 h 30, m\u00eame si une autre fiche officielle indique encore 21 h 00 ; le plus prudent est d&rsquo;arriver avant cette heure.<\/p>\n<\/blockquote>\n<\/div><\/div><\/div><\/div><\/div><\/div><\/div><\/section><section class=\"l-section wpb_row height_huge\"><div class=\"l-section-h i-cf\"><div class=\"g-cols vc_row via_flex valign_top type_default stacking_default\"><div class=\"vc_col-sm-3 wpb_column vc_column_container\"><div class=\"vc_column-inner\"><div class=\"wpb_wrapper\"><\/div><\/div><\/div><div class=\"vc_col-sm-6 wpb_column vc_column_container\"><div class=\"vc_column-inner\"><div class=\"wpb_wrapper\"><div class=\"wpb_text_column\"><div class=\"wpb_wrapper\"><h2>Contenu de ce guide<\/h2>\n<ul>\n<li><a href=\"#programa\">Programme et artistes<\/a><\/li>\n<li><a href=\"#homenaje\">Hommage \u00e0 Jos\u00e9 de la Tomasa<\/a><\/li>\n<li><a href=\"#entradas\">Billets et acc\u00e8s<\/a><\/li>\n<li><a href=\"#horario\">Horaire et divergence officielle<\/a><\/li>\n<li><a href=\"#lugar\">Lieu et arriv\u00e9e<\/a><\/li>\n<li><a href=\"#bienal\">Lien avec la Biennale<\/a><\/li>\n<li><a href=\"#consejos\">Conseils pratiques<\/a><\/li>\n<li><a href=\"#faq\">Questions fr\u00e9quentes<\/a><\/li>\n<\/ul>\n<\/div><\/div><\/div><\/div><\/div><div class=\"vc_col-sm-3 wpb_column vc_column_container\"><div class=\"vc_column-inner\"><div class=\"wpb_wrapper\"><\/div><\/div><\/div><\/div><\/div><\/section><section class=\"l-section wpb_row height_huge color_alternate with_shape\"><div class=\"l-section-shape type_zigzag pos_top\" style=\"height:3vmin;\"><svg xmlns=\"http:\/\/www.w3.org\/2000\/svg\" viewBox=\"0 0 64 8\" preserveAspectRatio=\"none\" width=\"100%\" height=\"100%\">\r\n\t<path fill=\"currentColor\" d=\"M64 8 L0 8 L0 0 L20 7.9 L40 3 L48 5 L64 0 Z\"\/>\r\n<\/svg><\/div><div class=\"l-section-shape type_zigzag pos_bottom\" style=\"height:3vmin;\"><svg xmlns=\"http:\/\/www.w3.org\/2000\/svg\" viewBox=\"0 0 64 8\" preserveAspectRatio=\"none\" width=\"100%\" height=\"100%\">\r\n\t<path fill=\"currentColor\" d=\"M64 8 L0 8 L0 0 L20 7.9 L40 3 L48 5 L64 0 Z\"\/>\r\n<\/svg><\/div><div class=\"l-section-h i-cf\"><div class=\"g-cols vc_row via_flex valign_top type_default stacking_default\"><div class=\"vc_col-sm-6 wpb_column vc_column_container\"><div class=\"vc_column-inner\"><div class=\"wpb_wrapper\"><div class=\"wpb_text_column\"><div class=\"wpb_wrapper\"><h2 id=\"programa\">Programme de Macarena Flamenca 2026<\/h2>\n<p>La programmation r\u00e9unit quatre noms du chant flamenco et une proposition de danse. Aucun ordre horaire individuel n&rsquo;a \u00e9t\u00e9 communiqu\u00e9 ; il faut donc comprendre l&rsquo;\u00e9v\u00e9nement comme un gala continu et non comme plusieurs concerts avec des acc\u00e8s ind\u00e9pendants.<\/p>\n<h3>Potito, avec Manuel Herrera<\/h3>\n<p>Antonio Vargas Cort\u00e9s, <strong>Potito<\/strong>, apporte un lien direct avec le chant flamenco gitan s\u00e9villan et une carri\u00e8re d\u00e9velopp\u00e9e \u00e0 travers des r\u00e9citals et des collaborations avec de grandes figures. Il sera accompagn\u00e9 \u00e0 la guitare par <strong>Manuel Herrera<\/strong>.<\/p>\n<h3>Antonio Reyes, avec Nono Reyes<\/h3>\n<p><strong>Antonio Reyes<\/strong> est l&rsquo;un des cantaores les plus appr\u00e9ci\u00e9s de sa g\u00e9n\u00e9ration pour son sens du comp\u00e1s, sa justesse et une mani\u00e8re de chanter qui combine tradition et personnalit\u00e9. Il sera accompagn\u00e9 par <strong>Nono Reyes<\/strong>.<\/p>\n<\/div><\/div><\/div><\/div><\/div><div class=\"vc_col-sm-6 wpb_column vc_column_container\"><div class=\"vc_column-inner\"><div class=\"wpb_wrapper\"><div class=\"wpb_text_column\"><div class=\"wpb_wrapper\"><h3>Remedios Reyes, avec Julio Romero<\/h3>\n<p>La cantaora originaire de Chiclana <strong>Remedios Reyes<\/strong> apportera sur sc\u00e8ne une interpr\u00e9tation marqu\u00e9e par la force expressive et la connaissance des cantes. \u00c0 la guitare, elle sera accompagn\u00e9e par <strong>Julio Romero<\/strong>.<\/p>\n<h3>Manuel de la Tomasa, avec Nono Reyes<\/h3>\n<p>La pr\u00e9sence de <strong>Manuel de la Tomasa<\/strong> prend une signification particuli\u00e8re lors d&rsquo;une soir\u00e9e consacr\u00e9e \u00e0 son grand-p\u00e8re. Il repr\u00e9sente la continuit\u00e9 familiale d&rsquo;une lign\u00e9e fondamentale du chant flamenco s\u00e9villan. Il sera lui aussi accompagn\u00e9 par Nono Reyes.<\/p>\n<h3>Manuela Amador Carrasco et son ensemble<\/h3>\n<p>La danse sera repr\u00e9sent\u00e9e par <strong>Manuela Amador Carrasco<\/strong>, accompagn\u00e9e par <strong>Luis Amador<\/strong> \u00e0 la guitare et <strong>Emilio Molina<\/strong> et <strong>Manuel Ta\u00f1\u00e9<\/strong> au chant. Leur participation compl\u00e8te une affiche fond\u00e9e sur la relation entre voix, guitare, danse et comp\u00e1s.<\/p>\n<p>Les artistes et accompagnateurs proviennent de la programmation diffus\u00e9e. Comme pour tout festival en plein air, l&rsquo;ordre et le d\u00e9roulement final peuvent \u00eatre modifi\u00e9s.<\/p>\n<\/div><\/div><\/div><\/div><\/div><\/div><\/div><\/section><section class=\"l-section wpb_row height_huge\"><div class=\"l-section-h i-cf\"><div class=\"g-cols vc_row via_flex valign_top type_default stacking_default\"><div class=\"vc_col-sm-6 wpb_column vc_column_container\"><div class=\"vc_column-inner\"><div class=\"wpb_wrapper\"><div class=\"wpb_text_column\"><div class=\"wpb_wrapper\"><h2 id=\"homenaje\">Une \u00e9dition consacr\u00e9e \u00e0 Jos\u00e9 de la Tomasa<\/h2>\n<p>Le fil conducteur de Macarena Flamenca 2026 est l&rsquo;hommage \u00e0 <strong>Jos\u00e9 de la Tomasa<\/strong>, pr\u00e9sent\u00e9 par la mairie comme une figure fondamentale du flamenco s\u00e9villan. N\u00e9 et \u00e9lev\u00e9 \u00e0 S\u00e9ville, il appartient \u00e0 une famille intimement li\u00e9e au chant : il est le petit-fils de Pepe Torre et le fils de Pies de Plomo et Tomasa Soto, m\u00eame si sa personnalit\u00e9 artistique d\u00e9passe largement le poids de la g\u00e9n\u00e9alogie.<\/p>\n<p>Son r\u00e9pertoire, sa connaissance des styles et son travail de transmission en ont fait une r\u00e9f\u00e9rence pour les aficionados et les artistes. Parmi ses distinctions r\u00e9centes figurent la M\u00e9daille de la Ville de S\u00e9ville, d\u00e9cern\u00e9e en 2023, et le Giraldillo Internacional Ciudad de Sevilla re\u00e7u en 2024.<\/p>\n<p>La pr\u00e9sence de Manuel de la Tomasa renforce l&rsquo;id\u00e9e de continuit\u00e9. La tradition appara\u00eet comme quelque chose qui s&rsquo;apprend, se partage et se transforme, et non comme une pi\u00e8ce fig\u00e9e.<\/p>\n<\/div><\/div><\/div><\/div><\/div><div class=\"vc_col-sm-6 wpb_column vc_column_container\"><div class=\"vc_column-inner\"><div class=\"wpb_wrapper\"><div class=\"wpb_text_column\"><div class=\"wpb_wrapper\"><h2>Jos\u00e9 de la Tomasa se produira-t-il ?<\/h2>\n<p>Les communications officielles pr\u00e9sentent le maestro comme la figure centrale et l&rsquo;artiste honor\u00e9, mais elles ne d\u00e9taillent pas un num\u00e9ro complet interpr\u00e9t\u00e9 par lui. Il ne convient donc pas d&rsquo;affirmer qu&rsquo;il donnera une prestation \u00e0 part enti\u00e8re. Le c\u0153ur de la soir\u00e9e sera sa personne, son h\u00e9ritage et la reconnaissance du quartier, qu&rsquo;il intervienne ou non au cours de l&rsquo;\u00e9v\u00e9nement.<\/p>\n<p>La d\u00e9dicace poss\u00e8de aussi une dimension territoriale : l&rsquo;hommage se tient dans le district de la Macarena, au sein d&rsquo;un festival cr\u00e9\u00e9 pour amener l&rsquo;art sur les places. Il relie m\u00e9moire artistique, quartier et convivialit\u00e9.<\/p>\n<p>Pour approfondir le contexte de ces journ\u00e9es, consultez notre guide sur <a href=\"https:\/\/www.tablaosflamencos.com\/bienal-flamenco-2026-antes-9-septiembre.html\">les \u00e9v\u00e9nements de la Biennale avant le 9 septembre<\/a>.<\/p>\n<\/div><\/div><\/div><\/div><\/div><\/div><\/div><\/section><section class=\"l-section wpb_row height_huge color_alternate with_shape\"><div class=\"l-section-shape type_zigzag pos_top hor_flip\" style=\"height:3vmin;\"><svg xmlns=\"http:\/\/www.w3.org\/2000\/svg\" viewBox=\"0 0 64 8\" preserveAspectRatio=\"none\" width=\"100%\" height=\"100%\">\r\n\t<path fill=\"currentColor\" d=\"M64 8 L0 8 L0 0 L20 7.9 L40 3 L48 5 L64 0 Z\"\/>\r\n<\/svg><\/div><div class=\"l-section-shape type_zigzag pos_bottom\" style=\"height:3vmin;\"><svg xmlns=\"http:\/\/www.w3.org\/2000\/svg\" viewBox=\"0 0 64 8\" preserveAspectRatio=\"none\" width=\"100%\" height=\"100%\">\r\n\t<path fill=\"currentColor\" d=\"M64 8 L0 8 L0 0 L20 7.9 L40 3 L48 5 L64 0 Z\"\/>\r\n<\/svg><\/div><div class=\"l-section-h i-cf\"><div class=\"g-cols vc_row via_flex valign_top type_default stacking_default\"><div class=\"vc_col-sm-6 wpb_column vc_column_container\"><div class=\"vc_column-inner\"><div class=\"wpb_wrapper\"><div class=\"wpb_text_column\"><div class=\"wpb_wrapper\"><h2 id=\"entradas\">Billets : le festival est gratuit<\/h2>\n<p>Il n&rsquo;existe pas de billets payants pour Macarena Flamenca 2026. La mairie annonce une <strong>entr\u00e9e libre<\/strong> et la Biennale classe l&rsquo;activit\u00e9 parmi les propositions gratuites de Flamenco a pie de calle.<\/p>\n<ul>\n<li>Il n&rsquo;est pas n\u00e9cessaire d&rsquo;acheter une place.<\/li>\n<li>Il n&rsquo;existe pas de billetterie officielle.<\/li>\n<li>Aucune r\u00e9servation pr\u00e9alable ni retrait d&rsquo;invitation n&rsquo;a \u00e9t\u00e9 annonc\u00e9.<\/li>\n<li>L&rsquo;acc\u00e8s d\u00e9pend de l&rsquo;espace disponible.<\/li>\n<li>Arriver t\u00f4t augmente les chances de trouver un bon emplacement.<\/li>\n<\/ul>\n<p>La gratuit\u00e9 ne garantit pas une place. Si la zone destin\u00e9e au public atteint sa capacit\u00e9 op\u00e9rationnelle, l&rsquo;organisation peut limiter l&rsquo;acc\u00e8s pour des raisons de s\u00e9curit\u00e9.<\/p>\n<\/div><\/div><\/div><\/div><\/div><div class=\"vc_col-sm-6 wpb_column vc_column_container\"><div class=\"vc_column-inner\"><div class=\"wpb_wrapper\"><div class=\"wpb_text_column\"><div class=\"wpb_wrapper\"><h2>Faut-il r\u00e9server ?<\/h2>\n<p>\u00c0 la date de mise \u00e0 jour de ce guide, <strong>aucune r\u00e9servation n&rsquo;est requise<\/strong>. Aucun processus officiel d&rsquo;inscription n&rsquo;appara\u00eet non plus. Il suffit de se rendre \u00e0 la Plaza Virgen del Pilar suffisamment t\u00f4t.<\/p>\n<p>M\u00e9fiez-vous de tout site qui tenterait de vendre des billets pour ce gala. Les informations municipales l&rsquo;annoncent comme une activit\u00e9 gratuite. Tout changement devrait \u00eatre communiqu\u00e9 sur les canaux de la mairie, du District Macarena ou de la Biennale.<\/p>\n<p>Le festival fait partie d&rsquo;une semaine comprenant plusieurs propositions en acc\u00e8s libre. Nous les avons r\u00e9unies dans notre guide des <a href=\"https:\/\/www.tablaosflamencos.com\/bienal-flamenco-sevilla-2026-gratis.html\">spectacles et activit\u00e9s gratuits de la Biennale 2026<\/a>.<\/p>\n<\/div><\/div><\/div><\/div><\/div><\/div><\/div><\/section><section class=\"l-section wpb_row height_huge\"><div class=\"l-section-h i-cf\"><div class=\"g-cols vc_row via_flex valign_top type_default stacking_default\"><div class=\"vc_col-sm-6 wpb_column vc_column_container\"><div class=\"vc_column-inner\"><div class=\"wpb_wrapper\"><div class=\"wpb_text_column\"><div class=\"wpb_wrapper\"><h2 id=\"horario\">Le spectacle commence-t-il \u00e0 21 h 00 ou \u00e0 21 h 30 ?<\/h2>\n<p>Les sources officielles n&rsquo;indiquent pas exactement le m\u00eame horaire. L&rsquo; <a href=\"https:\/\/www.sevilla.org\/distritos\/macarena\/eventos\/ii-festival-macarena-flamenca-2026\" target=\"_blank\" rel=\"noopener\">agenda du District Macarena<\/a> conserve <strong>21 h 00<\/strong>. Cependant, la <a href=\"https:\/\/www.sevilla.org\/actualidad\/noticias\/2026\/de-la-cultura-popular-al-flamenco-sevilla-despliega-una-nueva-semana-de-programacion-cultural\" target=\"_blank\" rel=\"noopener\">publication de la mairie du 4 septembre<\/a>, plus r\u00e9cente et plus d\u00e9taill\u00e9e, annonce <strong>21 h 30<\/strong>. La Biennale indique elle aussi un d\u00e9but \u00e0 21 h 30.<\/p>\n<p>La recommandation pratique est d&rsquo;arriver avant 21 h 00. Cela laisse le temps de trouver la place, de v\u00e9rifier les conditions d&rsquo;acc\u00e8s et de trouver un emplacement, quelle que soit l&rsquo;heure finalement appliqu\u00e9e.<\/p>\n<\/div><\/div><\/div><\/div><\/div><div class=\"vc_col-sm-6 wpb_column vc_column_container\"><div class=\"vc_column-inner\"><div class=\"wpb_wrapper\"><div class=\"wpb_text_column\"><div class=\"wpb_wrapper\"><h2 id=\"lugar\">O\u00f9 se d\u00e9roule le festival<\/h2>\n<p>La sc\u00e8ne sera install\u00e9e sur la <strong>Plaza Virgen del Pilar<\/strong>, dans le quartier de <strong>La Barzola<\/strong>, dans le district de la Macarena. Il ne faut pas la confondre avec la basilique de la Macarena ni avec d&rsquo;autres lieux du centre historique.<\/p>\n<p>Il est recommand\u00e9 de v\u00e9rifier l&rsquo;itin\u00e9raire avant de partir, de privil\u00e9gier les transports publics, le taxi ou un VTC depuis le centre, et de pr\u00e9voir du temps pour le dernier trajet \u00e0 pied. Il est \u00e9galement important de respecter les zones r\u00e9serv\u00e9es par l&rsquo;organisation, les entr\u00e9es des riverains et les itin\u00e9raires d&rsquo;urgence.<\/p>\n<p>Le fait de c\u00e9l\u00e9brer l&rsquo;\u00e9v\u00e9nement hors des th\u00e9\u00e2tres fait partie de l&rsquo;identit\u00e9 du festival : pendant une nuit, l&rsquo;espace quotidien du quartier devient un point de rencontre entre artistes, habitants, aficionados et visiteurs.<\/p>\n<\/div><\/div><\/div><\/div><\/div><\/div><\/div><\/section><section class=\"l-section wpb_row height_huge color_alternate with_shape\"><div class=\"l-section-shape type_zigzag pos_top\" style=\"height:3vmin;\"><svg xmlns=\"http:\/\/www.w3.org\/2000\/svg\" viewBox=\"0 0 64 8\" preserveAspectRatio=\"none\" width=\"100%\" height=\"100%\">\r\n\t<path fill=\"currentColor\" d=\"M64 8 L0 8 L0 0 L20 7.9 L40 3 L48 5 L64 0 Z\"\/>\r\n<\/svg><\/div><div class=\"l-section-shape type_zigzag pos_bottom\" style=\"height:3vmin;\"><svg xmlns=\"http:\/\/www.w3.org\/2000\/svg\" viewBox=\"0 0 64 8\" preserveAspectRatio=\"none\" width=\"100%\" height=\"100%\">\r\n\t<path fill=\"currentColor\" d=\"M64 8 L0 8 L0 0 L20 7.9 L40 3 L48 5 L64 0 Z\"\/>\r\n<\/svg><\/div><div class=\"l-section-h i-cf\"><div class=\"g-cols vc_row via_flex valign_top type_default stacking_default\"><div class=\"vc_col-sm-6 wpb_column vc_column_container\"><div class=\"vc_column-inner\"><div class=\"wpb_wrapper\"><div class=\"wpb_text_column\"><div class=\"wpb_wrapper\"><h2 id=\"bienal\">Macarena Flamenca et la Biennale de S\u00e9ville<\/h2>\n<p>Le festival fait partie des activit\u00e9s qui pr\u00e9c\u00e8dent la XXIVe Biennale de Flamenco de S\u00e9ville. L&rsquo;\u00e9dition officielle se d\u00e9roule du 9 septembre au 3 octobre 2026, mais les jours pr\u00e9c\u00e9dents proposent d\u00e9j\u00e0 des expositions, des spectacles dans les quartiers et du cin\u00e9ma.<\/p>\n<p>Macarena Flamenca figure dans <em>Flamenco a pie de calle<\/em>, l&rsquo;un des volets des activit\u00e9s parall\u00e8les qui am\u00e8ne chant, guitare et danse dans les espaces ouverts de S\u00e9ville. La proposition du 5 combine le format d&rsquo;un festival de quartier avec l&rsquo;hommage \u00e0 une figure historique.<\/p>\n<p>Consultez les dates, lieux et spectacles dans notre <a href=\"https:\/\/www.tablaosflamencos.com\/bienal-flamenco-sevilla-2026.html\">guide complet de la Biennale de Flamenco de S\u00e9ville 2026<\/a>.<\/p>\n<\/div><\/div><\/div><\/div><\/div><div class=\"vc_col-sm-6 wpb_column vc_column_container\"><div class=\"vc_column-inner\"><div class=\"wpb_wrapper\"><div class=\"wpb_text_column\"><div class=\"wpb_wrapper\"><h2>Un jeune festival appel\u00e9 \u00e0 durer<\/h2>\n<p>Macarena Flamenca est n\u00e9 en 2025 \u00e0 l&rsquo;initiative du District Macarena. La deuxi\u00e8me \u00e9dition confirme la volont\u00e9 de consolider un rendez-vous r\u00e9gulier avec sa propre programmation flamenca.<\/p>\n<p>Son format rapproche des artistes de premier plan d&rsquo;un large public, dynamise culturellement une place de quartier et supprime le prix comme barri\u00e8re. En m\u00eame temps, il pose les d\u00e9fis propres \u00e0 un espace en plein air : capacit\u00e9, visibilit\u00e9, acoustique et \u00e9ventuels changements li\u00e9s \u00e0 la m\u00e9t\u00e9o.<\/p>\n<p>La valeur de la proposition r\u00e9side dans ce m\u00e9lange de proximit\u00e9 et de qualit\u00e9. Elle ne cherche pas \u00e0 concurrencer le th\u00e9\u00e2tre, mais \u00e0 offrir une autre mani\u00e8re de rencontrer le flamenco.<\/p>\n<\/div><\/div><\/div><\/div><\/div><\/div><\/div><\/section><section class=\"l-section wpb_row height_huge\"><div class=\"l-section-h i-cf\"><div class=\"g-cols vc_row via_flex valign_top type_default stacking_default\"><div class=\"vc_col-sm-6 wpb_column vc_column_container\"><div class=\"vc_column-inner\"><div class=\"wpb_wrapper\"><div class=\"wpb_text_column\"><div class=\"wpb_wrapper\"><h2 id=\"consejos\">Conseils pour profiter du festival<\/h2>\n<h3>Arrivez en avance<\/h3>\n<p>Pour un d\u00e9but pr\u00e9vu entre 21 h 00 et 21 h 30, il est raisonnable d&rsquo;\u00eatre dans la zone avant 21 h 00. L&rsquo;entr\u00e9e libre et l&rsquo;absence de si\u00e8ges num\u00e9rot\u00e9s rendent cette marge utile.<\/p>\n<h3>Pr\u00e9parez-vous \u00e0 un spectacle en plein air<\/h3>\n<p>Consultez les pr\u00e9visions m\u00e9t\u00e9o, apportez de l&rsquo;eau et choisissez des v\u00eatements adapt\u00e9s pour rester un certain temps sur une place. \u00c9vitez d&rsquo;occuper plus d&rsquo;espace que n\u00e9cessaire.<\/p>\n<h3>Gardez le silence pendant le chant<\/h3>\n<p>Le silence permet d&rsquo;appr\u00e9cier les nuances et facilite la communication entre l&rsquo;artiste et le public. Les t\u00e9l\u00e9phones doivent rester en mode silencieux et les enregistrements ne doivent pas g\u00eaner la vue des autres personnes.<\/p>\n<\/div><\/div><\/div><\/div><\/div><div class=\"vc_col-sm-6 wpb_column vc_column_container\"><div class=\"vc_column-inner\"><div class=\"wpb_wrapper\"><div class=\"wpb_text_column\"><div class=\"wpb_wrapper\"><h2>Si vous ne parvenez pas \u00e0 entrer<\/h2>\n<p>Comme il s&rsquo;agit d&rsquo;une activit\u00e9 gratuite, il est impossible de garantir une place. Si vous arrivez lorsque la zone r\u00e9serv\u00e9e au public est compl\u00e8te, respectez les indications et \u00e9vitez les espaces qui pourraient nuire \u00e0 la s\u00e9curit\u00e9 ou \u00e0 la tranquillit\u00e9 du voisinage.<\/p>\n<p>S\u00e9ville conserve une offre flamenca r\u00e9guli\u00e8re au-del\u00e0 de ce gala et de la Biennale. Si vous recherchez une alternative avec un horaire et une place confirm\u00e9s, consultez notre s\u00e9lection de <a href=\"https:\/\/www.tablaosflamencos.com\/flamenco-en-sevilla\">spectacles de flamenco \u00e0 S\u00e9ville<\/a>.<\/p>\n<p>Macarena Flamenca est une activit\u00e9 publique et gratuite d&rsquo;une seule soir\u00e9e ; les tablaos proposent une programmation professionnelle r\u00e9guli\u00e8re et la r\u00e9servation \u00e0 l&rsquo;avance. Les deux formats permettent de d\u00e9couvrir le flamenco \u00e0 travers des exp\u00e9riences diff\u00e9rentes.<\/p>\n<\/div><\/div><\/div><\/div><\/div><\/div><\/div><\/section><section class=\"l-section wpb_row height_huge color_alternate with_shape\"><div class=\"l-section-shape type_zigzag pos_top hor_flip\" style=\"height:3vmin;\"><svg xmlns=\"http:\/\/www.w3.org\/2000\/svg\" viewBox=\"0 0 64 8\" preserveAspectRatio=\"none\" width=\"100%\" height=\"100%\">\r\n\t<path fill=\"currentColor\" d=\"M64 8 L0 8 L0 0 L20 7.9 L40 3 L48 5 L64 0 Z\"\/>\r\n<\/svg><\/div><div class=\"l-section-shape type_zigzag pos_bottom\" style=\"height:3vmin;\"><svg xmlns=\"http:\/\/www.w3.org\/2000\/svg\" viewBox=\"0 0 64 8\" preserveAspectRatio=\"none\" width=\"100%\" height=\"100%\">\r\n\t<path fill=\"currentColor\" d=\"M64 8 L0 8 L0 0 L20 7.9 L40 3 L48 5 L64 0 Z\"\/>\r\n<\/svg><\/div><div class=\"l-section-h i-cf\"><div class=\"g-cols vc_row via_flex valign_top type_default stacking_default\"><div class=\"vc_col-sm-12 wpb_column vc_column_container\"><div class=\"vc_column-inner\"><div class=\"wpb_wrapper\"><div class=\"wpb_text_column\"><div class=\"wpb_wrapper\"><h2 style=\"text-align: center;\">R\u00e9sum\u00e9 pratique<\/h2>\n<div style=\"overflow-x: auto;\">\n<table>\n<thead>\n<tr>\n<th>Question<\/th>\n<th>R\u00e9ponse<\/th>\n<\/tr>\n<\/thead>\n<tbody>\n<tr>\n<td>Quand ?<\/td>\n<td>Samedi 5 septembre 2026.<\/td>\n<\/tr>\n<tr>\n<td>O\u00f9 ?<\/td>\n<td>Plaza Virgen del Pilar, La Barzola, S\u00e9ville.<\/td>\n<\/tr>\n<tr>\n<td>\u00c0 quelle heure ?<\/td>\n<td>La r\u00e9f\u00e9rence la plus r\u00e9cente indique 21 h 30 ; un autre agenda officiel affiche 21 h 00. Il est conseill\u00e9 d&rsquo;arriver avant 21 h 00.<\/td>\n<\/tr>\n<tr>\n<td>Combien cela co\u00fbte-t-il ?<\/td>\n<td>C&rsquo;est gratuit.<\/td>\n<\/tr>\n<tr>\n<td>Faut-il r\u00e9server ?<\/td>\n<td>Aucune r\u00e9servation ni invitation n&rsquo;a \u00e9t\u00e9 annonc\u00e9e.<\/td>\n<\/tr>\n<tr>\n<td>\u00c0 qui rend-on hommage ?<\/td>\n<td>\u00c0 Jos\u00e9 de la Tomasa.<\/td>\n<\/tr>\n<tr>\n<td>Que comprend le programme ?<\/td>\n<td>Chant flamenco, guitare, danse et palmas.<\/td>\n<\/tr>\n<\/tbody>\n<\/table>\n<\/div>\n<\/div><\/div><\/div><\/div><\/div><\/div><\/div><\/section><section class=\"l-section wpb_row height_huge\"><div class=\"l-section-h i-cf\"><div class=\"g-cols vc_row via_flex valign_top type_default stacking_default\"><div class=\"vc_col-sm-12 wpb_column vc_column_container\"><div class=\"vc_column-inner\"><div class=\"wpb_wrapper\"><div class=\"wpb_text_column\"><div class=\"wpb_wrapper\"><h2>Une nuit de chant, de m\u00e9moire et de quartier<\/h2>\n<p>Macarena Flamenca 2026 r\u00e9unit un hommage plein de sens, une affiche de chant flamenco de premier plan, de la danse et un espace ouvert au quartier. Jos\u00e9 de la Tomasa apporte la profondeur historique ; Manuel de la Tomasa introduit le lien entre les g\u00e9n\u00e9rations ; Potito, Antonio Reyes et Remedios Reyes proposent des regards diff\u00e9rents sur le chant. Manuela Amador Carrasco compl\u00e8te le programme par la danse.<\/p>\n<p>L&rsquo;entr\u00e9e gratuite rend la proposition accessible, mais oblige \u00e0 bien organiser son arriv\u00e9e. Venir avant 21 h 00 est l&rsquo;option la plus s\u00fbre face \u00e0 la divergence d&rsquo;horaires et \u00e0 l&rsquo;affluence possible. Ensuite, il ne reste plus qu&rsquo;\u00e0 \u00e9couter : pendant une nuit, la place deviendra une sc\u00e8ne flamenca.<\/p>\n<\/div><\/div><div class=\"w-separator size_medium\"><\/div><div class=\"w-hwrapper valign_top wrap align_center\" style=\"--hwrapper-gap:1.2rem\"><div class=\"w-btn-wrapper align_none\"><a class=\"w-btn us-btn-style_1\" href=\"\/?p=13027\"><span class=\"w-btn-label\">Voir le guide complet de la Biennale 2026<\/span><\/a><\/div><div class=\"w-btn-wrapper align_none\"><a class=\"w-btn us-btn-style_1\" href=\"\/?page_id=8549\"><span class=\"w-btn-label\">D\u00e9couvrir le flamenco \u00e0 S\u00e9ville<\/span><\/a><\/div><\/div><\/div><\/div><\/div><\/div><\/div><\/section><section class=\"l-section wpb_row height_huge color_alternate with_shape\"><div class=\"l-section-shape type_zigzag pos_top\" style=\"height:3vmin;\"><svg xmlns=\"http:\/\/www.w3.org\/2000\/svg\" viewBox=\"0 0 64 8\" preserveAspectRatio=\"none\" width=\"100%\" height=\"100%\">\r\n\t<path fill=\"currentColor\" d=\"M64 8 L0 8 L0 0 L20 7.9 L40 3 L48 5 L64 0 Z\"\/>\r\n<\/svg><\/div><div class=\"l-section-h i-cf\"><div class=\"g-cols vc_row via_flex valign_top type_default stacking_default\"><div class=\"vc_col-sm-1\/5 wpb_column vc_column_container\"><div class=\"vc_column-inner\"><div class=\"wpb_wrapper\"><\/div><\/div><\/div><div class=\"vc_col-sm-3\/5 wpb_column vc_column_container\"><div class=\"vc_column-inner\"><div class=\"wpb_wrapper\"><div class=\"wpb_text_column\"><div class=\"wpb_wrapper\"><h2 id=\"faq\">Questions fr\u00e9quentes sur Macarena Flamenca 2026<\/h2>\n<\/div><\/div><div class=\"w-separator size_medium\"><\/div><div class=\"w-tabs accordion toggle_style_1 has_scrolling\" style=\"--sections-title-size:inherit;--sections-gap:0.5rem;\"><div class=\"w-tabs-sections titles-align_none icon_chevron cpos_right\"><div class=\"w-tabs-section\" id=\"u656\"><button type=\"button\" class=\"w-tabs-section-header\" aria-controls=\"content-u656\" aria-expanded=\"false\"><div class=\"w-tabs-section-title\">Quand se d\u00e9roule Macarena Flamenca 2026 ?<\/div><div class=\"w-tabs-section-control\"><\/div><\/button><div  class=\"w-tabs-section-content\" id=\"content-u656\"><div class=\"w-tabs-section-content-h i-cf\"><div class=\"wpb_text_column\"><div class=\"wpb_wrapper\"><p>Le samedi 5 septembre 2026 sur la Plaza Virgen del Pilar, dans le quartier de La Barzola \u00e0 S\u00e9ville.<\/p>\n<\/div><\/div><\/div><\/div><\/div><div class=\"w-tabs-section\" id=\"z764\"><button type=\"button\" class=\"w-tabs-section-header\" aria-controls=\"content-z764\" aria-expanded=\"false\"><div class=\"w-tabs-section-title\">\u00c0 quelle heure commence Macarena Flamenca ?<\/div><div class=\"w-tabs-section-control\"><\/div><\/button><div  class=\"w-tabs-section-content\" id=\"content-z764\"><div class=\"w-tabs-section-content-h i-cf\"><div class=\"wpb_text_column\"><div class=\"wpb_wrapper\"><p>Les informations municipales les plus r\u00e9centes et la Biennale indiquent 21 h 30, m\u00eame si l&rsquo;agenda du District Macarena conserve 21 h 00. Nous recommandons d&rsquo;arriver avant 21 h 00.<\/p>\n<\/div><\/div><\/div><\/div><\/div><div class=\"w-tabs-section\" id=\"s842\"><button type=\"button\" class=\"w-tabs-section-header\" aria-controls=\"content-s842\" aria-expanded=\"false\"><div class=\"w-tabs-section-title\">Faut-il acheter des billets pour Macarena Flamenca ?<\/div><div class=\"w-tabs-section-control\"><\/div><\/button><div  class=\"w-tabs-section-content\" id=\"content-s842\"><div class=\"w-tabs-section-content-h i-cf\"><div class=\"wpb_text_column\"><div class=\"wpb_wrapper\"><p>Non. Le festival est en acc\u00e8s libre et gratuit. Il n&rsquo;existe pas de billetterie officielle et aucune r\u00e9servation pr\u00e9alable n&rsquo;a \u00e9t\u00e9 annonc\u00e9e.<\/p>\n<\/div><\/div><\/div><\/div><\/div><div class=\"w-tabs-section\" id=\"w928\"><button type=\"button\" class=\"w-tabs-section-header\" aria-controls=\"content-w928\" aria-expanded=\"false\"><div class=\"w-tabs-section-title\">L&rsquo;acc\u00e8s gratuit garantit-il une place ?<\/div><div class=\"w-tabs-section-control\"><\/div><\/button><div  class=\"w-tabs-section-content\" id=\"content-w928\"><div class=\"w-tabs-section-content-h i-cf\"><div class=\"wpb_text_column\"><div class=\"wpb_wrapper\"><p>Non. L&rsquo;acc\u00e8s d\u00e9pend de la capacit\u00e9 disponible et des indications de l&rsquo;organisation. Il est recommand\u00e9 d&rsquo;arriver en avance.<\/p>\n<\/div><\/div><\/div><\/div><\/div><div class=\"w-tabs-section\" id=\"wa0a\"><button type=\"button\" class=\"w-tabs-section-header\" aria-controls=\"content-wa0a\" aria-expanded=\"false\"><div class=\"w-tabs-section-title\">Qui se produit \u00e0 Macarena Flamenca 2026 ?<\/div><div class=\"w-tabs-section-control\"><\/div><\/button><div  class=\"w-tabs-section-content\" id=\"content-wa0a\"><div class=\"w-tabs-section-content-h i-cf\"><div class=\"wpb_text_column\"><div class=\"wpb_wrapper\"><p>L&rsquo;affiche annonce Potito, Antonio Reyes, Remedios Reyes, Manuel de la Tomasa et Manuela Amador Carrasco, accompagn\u00e9s par Manuel Herrera, Nono Reyes, Julio Romero, Luis Amador, Emilio Molina et Manuel Ta\u00f1\u00e9.<\/p>\n<\/div><\/div><\/div><\/div><\/div><div class=\"w-tabs-section\" id=\"tae9\"><button type=\"button\" class=\"w-tabs-section-header\" aria-controls=\"content-tae9\" aria-expanded=\"false\"><div class=\"w-tabs-section-title\">\u00c0 qui le festival est-il consacr\u00e9 ?<\/div><div class=\"w-tabs-section-control\"><\/div><\/button><div  class=\"w-tabs-section-content\" id=\"content-tae9\"><div class=\"w-tabs-section-content-h i-cf\"><div class=\"wpb_text_column\"><div class=\"wpb_wrapper\"><p>La deuxi\u00e8me \u00e9dition rend hommage \u00e0 Jos\u00e9 de la Tomasa pour sa carri\u00e8re, son importance dans le chant flamenco s\u00e9villan et son travail de transmission.<\/p>\n<\/div><\/div><\/div><\/div><\/div><div class=\"w-tabs-section\" id=\"jbb9\"><button type=\"button\" class=\"w-tabs-section-header\" aria-controls=\"content-jbb9\" aria-expanded=\"false\"><div class=\"w-tabs-section-title\">Jos\u00e9 de la Tomasa se produira-t-il pendant l&rsquo;hommage ?<\/div><div class=\"w-tabs-section-control\"><\/div><\/button><div  class=\"w-tabs-section-content\" id=\"content-jbb9\"><div class=\"w-tabs-section-content-h i-cf\"><div class=\"wpb_text_column\"><div class=\"wpb_wrapper\"><p>Les sources officielles le pr\u00e9sentent comme la figure centrale et l&rsquo;artiste honor\u00e9, mais ne d\u00e9taillent pas une prestation compl\u00e8te \u00e0 sa charge.<\/p>\n<\/div><\/div><\/div><\/div><\/div><div class=\"w-tabs-section\" id=\"fcb5\"><button type=\"button\" class=\"w-tabs-section-header\" aria-controls=\"content-fcb5\" aria-expanded=\"false\"><div class=\"w-tabs-section-title\">O\u00f9 se trouve la Plaza Virgen del Pilar ?<\/div><div class=\"w-tabs-section-control\"><\/div><\/button><div  class=\"w-tabs-section-content\" id=\"content-fcb5\"><div class=\"w-tabs-section-content-h i-cf\"><div class=\"wpb_text_column\"><div class=\"wpb_wrapper\"><p>Elle se trouve dans le quartier de La Barzola, dans le district de la Macarena \u00e0 S\u00e9ville. Il ne faut pas la confondre avec la basilique de la Macarena.<\/p>\n<\/div><\/div><\/div><\/div><\/div><div class=\"w-tabs-section\" id=\"eda0\"><button type=\"button\" class=\"w-tabs-section-header\" aria-controls=\"content-eda0\" aria-expanded=\"false\"><div class=\"w-tabs-section-title\">Cela fait-il partie de la Biennale de Flamenco ?<\/div><div class=\"w-tabs-section-control\"><\/div><\/button><div  class=\"w-tabs-section-content\" id=\"content-eda0\"><div class=\"w-tabs-section-content-h i-cf\"><div class=\"wpb_text_column\"><div class=\"wpb_wrapper\"><p>Oui. L&rsquo;\u00e9v\u00e9nement est li\u00e9 aux activit\u00e9s pr\u00e9c\u00e9dant la Biennale et au programme Flamenco a pie de calle de la XXIVe Biennale de Flamenco de S\u00e9ville.<\/p>\n<\/div><\/div><\/div><\/div><\/div><div class=\"w-tabs-section\" id=\"oe8b\"><button type=\"button\" class=\"w-tabs-section-header\" aria-controls=\"content-oe8b\" aria-expanded=\"false\"><div class=\"w-tabs-section-title\">Que se passe-t-il s&rsquo;il pleut ou si l&rsquo;horaire change ?<\/div><div class=\"w-tabs-section-control\"><\/div><\/button><div  class=\"w-tabs-section-content\" id=\"content-oe8b\"><div class=\"w-tabs-section-content-h i-cf\"><div class=\"wpb_text_column\"><div class=\"wpb_wrapper\"><p>Comme il s&rsquo;agit d&rsquo;un \u00e9v\u00e9nement en plein air, des ajustements peuvent avoir lieu. Il est conseill\u00e9 de v\u00e9rifier le jour m\u00eame les canaux de la mairie, du District Macarena et de la Biennale.<\/p>\n<\/div><\/div><\/div><\/div><\/div><\/div><\/div><\/div><\/div><\/div><div class=\"vc_col-sm-1\/5 wpb_column vc_column_container\"><div class=\"vc_column-inner\"><div class=\"wpb_wrapper\"><\/div><\/div><\/div><\/div><\/div><\/section>\n","protected":false},"excerpt":{"rendered":"<p>Macarena Flamenca 2026 \u00e0 S\u00e9ville : programme, artistes, hommage \u00e0 Jos\u00e9 de la Tomasa, horaire, lieu et entr\u00e9e gratuite.<\/p>\n","protected":false},"author":1,"featured_media":14653,"comment_status":"closed","ping_status":"closed","sticky":false,"template":"","format":"standard","meta":{"_acf_changed":false,"wpai_generated_summary":"","_ayudawp_aiss_exclude":false,"_ayudawp_aiss_exclude_summary":false,"_ayudawp_aiss_summary":"","_ayudawp_aiss_summary_provider":"","_ayudawp_aiss_summary_hash":"","footnotes":""},"categories":[1668],"tags":[1240,1391,1395,1241,1155,1948,1242],"class_list":["post-14761","post","type-post","status-publish","format-standard","has-post-thumbnail","hentry","category-festivals-flamenco","tag-bienal-de-flamenco","tag-chant-flamenco","tag-danse-flamenca","tag-festivales-flamencos","tag-flamenco-en-sevilla","tag-flamenco-gratuit","tag-sevilla"],"acf":[],"yoast_head":"<!-- This site is optimized with the Yoast SEO Premium plugin v28.4 (Yoast SEO v28.4) - https:\/\/yoast.com\/product\/yoast-seo-premium-wordpress\/ -->\n<title>Macarena Flamenca 2026 : programme, horaires et entr\u00e9e gratuite<\/title>\n<meta name=\"description\" content=\"Macarena Flamenca 2026 \u00e0 S\u00e9ville : programme, artistes, hommage \u00e0 Jos\u00e9 de la Tomasa, horaires, lieu et entr\u00e9e gratuite.\" \/>\n<meta name=\"robots\" content=\"index, follow, max-snippet:-1, max-image-preview:large, max-video-preview:-1\" \/>\n<link rel=\"canonical\" href=\"https:\/\/www.tablaosflamencos.com\/fr\/macarena-flamenca-2026-programme-billets.html\" \/>\n<meta property=\"og:locale\" content=\"fr_FR\" \/>\n<meta property=\"og:type\" content=\"article\" \/>\n<meta property=\"og:title\" content=\"Macarena Flamenca 2026 : programme, billets et tout ce qu\u2019il faut savoir\" \/>\n<meta property=\"og:description\" content=\"Macarena Flamenca 2026 \u00e0 S\u00e9ville : programme, artistes, hommage \u00e0 Jos\u00e9 de la Tomasa, horaires, lieu et entr\u00e9e gratuite.\" \/>\n<meta property=\"og:url\" content=\"https:\/\/www.tablaosflamencos.com\/fr\/macarena-flamenca-2026-programme-billets.html\" \/>\n<meta property=\"og:site_name\" content=\"Tablaos Flamencos\" \/>\n<meta property=\"article:publisher\" content=\"https:\/\/www.facebook.com\/tablaosflamencos\" \/>\n<meta property=\"article:published_time\" content=\"2026-09-05T11:50:39+00:00\" \/>\n<meta property=\"article:modified_time\" content=\"2026-09-05T12:11:17+00:00\" \/>\n<meta property=\"og:image\" content=\"https:\/\/www.tablaosflamencos.com\/wp-content\/uploads\/macarena-flamenca-2026-programacion-entradas-y-todo-lo-que-necesitas-saber-01.webp\" \/>\n\t<meta property=\"og:image:width\" content=\"1672\" \/>\n\t<meta property=\"og:image:height\" content=\"941\" \/>\n\t<meta property=\"og:image:type\" content=\"image\/webp\" \/>\n<meta name=\"author\" content=\"Miguel Ortiz\" \/>\n<meta name=\"twitter:card\" content=\"summary_large_image\" \/>\n<meta name=\"twitter:creator\" content=\"@tablaosflamenco\" \/>\n<meta name=\"twitter:site\" content=\"@tablaosflamenco\" \/>\n<meta name=\"twitter:label1\" content=\"\u00c9crit par\" \/>\n\t<meta name=\"twitter:data1\" content=\"Miguel Ortiz\" \/>\n\t<meta name=\"twitter:label2\" content=\"Dur\u00e9e de lecture estim\u00e9e\" \/>\n\t<meta name=\"twitter:data2\" content=\"15 minutes\" \/>\n<script type=\"application\/ld+json\" class=\"yoast-schema-graph\">{\"@context\":\"https:\\\/\\\/schema.org\",\"@graph\":[{\"@type\":\"Article\",\"@id\":\"https:\\\/\\\/www.tablaosflamencos.com\\\/fr\\\/macarena-flamenca-2026-programme-billets.html#article\",\"isPartOf\":{\"@id\":\"https:\\\/\\\/www.tablaosflamencos.com\\\/fr\\\/macarena-flamenca-2026-programme-billets.html\"},\"author\":{\"name\":\"Miguel Ortiz\",\"@id\":\"https:\\\/\\\/www.tablaosflamencos.com\\\/fr#\\\/schema\\\/person\\\/e7a9ebe14eb75a52ceabfbffb3c54f5d\"},\"headline\":\"Macarena Flamenca 2026 : programme, billets et tout ce qu\u2019il faut savoir\",\"datePublished\":\"2026-09-05T11:50:39+00:00\",\"dateModified\":\"2026-09-05T12:11:17+00:00\",\"mainEntityOfPage\":{\"@id\":\"https:\\\/\\\/www.tablaosflamencos.com\\\/fr\\\/macarena-flamenca-2026-programme-billets.html\"},\"wordCount\":3153,\"publisher\":{\"@id\":\"https:\\\/\\\/www.tablaosflamencos.com\\\/fr#organization\"},\"image\":{\"@id\":\"https:\\\/\\\/www.tablaosflamencos.com\\\/fr\\\/macarena-flamenca-2026-programme-billets.html#primaryimage\"},\"thumbnailUrl\":\"https:\\\/\\\/www.tablaosflamencos.com\\\/wp-content\\\/uploads\\\/macarena-flamenca-2026-programacion-entradas-y-todo-lo-que-necesitas-saber-01.webp\",\"keywords\":[\"Bienal de Flamenco\",\"chant flamenco\",\"danse flamenca\",\"festivales flamencos\",\"flamenco en Sevilla\",\"flamenco gratuit\",\"sevilla\"],\"articleSection\":[\"Festivals de flamenco\"],\"inLanguage\":\"fr-FR\"},{\"@type\":\"WebPage\",\"@id\":\"https:\\\/\\\/www.tablaosflamencos.com\\\/fr\\\/macarena-flamenca-2026-programme-billets.html\",\"url\":\"https:\\\/\\\/www.tablaosflamencos.com\\\/fr\\\/macarena-flamenca-2026-programme-billets.html\",\"name\":\"Macarena Flamenca 2026 : programme, horaires et entr\u00e9e gratuite\",\"isPartOf\":{\"@id\":\"https:\\\/\\\/www.tablaosflamencos.com\\\/fr#website\"},\"primaryImageOfPage\":{\"@id\":\"https:\\\/\\\/www.tablaosflamencos.com\\\/fr\\\/macarena-flamenca-2026-programme-billets.html#primaryimage\"},\"image\":{\"@id\":\"https:\\\/\\\/www.tablaosflamencos.com\\\/fr\\\/macarena-flamenca-2026-programme-billets.html#primaryimage\"},\"thumbnailUrl\":\"https:\\\/\\\/www.tablaosflamencos.com\\\/wp-content\\\/uploads\\\/macarena-flamenca-2026-programacion-entradas-y-todo-lo-que-necesitas-saber-01.webp\",\"datePublished\":\"2026-09-05T11:50:39+00:00\",\"dateModified\":\"2026-09-05T12:11:17+00:00\",\"description\":\"Macarena Flamenca 2026 \u00e0 S\u00e9ville : programme, artistes, hommage \u00e0 Jos\u00e9 de la Tomasa, horaires, lieu et entr\u00e9e gratuite.\",\"breadcrumb\":{\"@id\":\"https:\\\/\\\/www.tablaosflamencos.com\\\/fr\\\/macarena-flamenca-2026-programme-billets.html#breadcrumb\"},\"inLanguage\":\"fr-FR\",\"potentialAction\":[{\"@type\":\"ReadAction\",\"target\":[\"https:\\\/\\\/www.tablaosflamencos.com\\\/fr\\\/macarena-flamenca-2026-programme-billets.html\"]}]},{\"@type\":\"ImageObject\",\"inLanguage\":\"fr-FR\",\"@id\":\"https:\\\/\\\/www.tablaosflamencos.com\\\/fr\\\/macarena-flamenca-2026-programme-billets.html#primaryimage\",\"url\":\"https:\\\/\\\/www.tablaosflamencos.com\\\/wp-content\\\/uploads\\\/macarena-flamenca-2026-programacion-entradas-y-todo-lo-que-necesitas-saber-01.webp\",\"contentUrl\":\"https:\\\/\\\/www.tablaosflamencos.com\\\/wp-content\\\/uploads\\\/macarena-flamenca-2026-programacion-entradas-y-todo-lo-que-necesitas-saber-01.webp\",\"width\":1672,\"height\":941,\"caption\":\"Macarena Flamenca 2026: programaci\u00f3n, entradas y todo lo que necesitas saber\"},{\"@type\":\"BreadcrumbList\",\"@id\":\"https:\\\/\\\/www.tablaosflamencos.com\\\/fr\\\/macarena-flamenca-2026-programme-billets.html#breadcrumb\",\"itemListElement\":[{\"@type\":\"ListItem\",\"position\":1,\"name\":\"Home\",\"item\":\"https:\\\/\\\/www.tablaosflamencos.com\\\/fr\"},{\"@type\":\"ListItem\",\"position\":2,\"name\":\"Macarena Flamenca 2026 : programme, billets et tout ce qu\u2019il faut savoir\"}]},{\"@type\":\"WebSite\",\"@id\":\"https:\\\/\\\/www.tablaosflamencos.com\\\/fr#website\",\"url\":\"https:\\\/\\\/www.tablaosflamencos.com\\\/fr\",\"name\":\"Tablaos Flamencos\",\"description\":\"Entradas para tablaos flamencos de Espa\u00f1a\",\"publisher\":{\"@id\":\"https:\\\/\\\/www.tablaosflamencos.com\\\/fr#organization\"},\"alternateName\":\"Tablaos Flamencos\",\"potentialAction\":[{\"@type\":\"SearchAction\",\"target\":{\"@type\":\"EntryPoint\",\"urlTemplate\":\"https:\\\/\\\/www.tablaosflamencos.com\\\/fr?s={search_term_string}\"},\"query-input\":{\"@type\":\"PropertyValueSpecification\",\"valueRequired\":true,\"valueName\":\"search_term_string\"}}],\"inLanguage\":\"fr-FR\"},{\"@type\":[\"Organization\",\"Place\",\"EntertainmentBusiness\"],\"@id\":\"https:\\\/\\\/www.tablaosflamencos.com\\\/fr#organization\",\"name\":\"Tablaos Flamencos\",\"alternateName\":\"Tablaos Flamencos\",\"url\":\"https:\\\/\\\/www.tablaosflamencos.com\\\/fr\",\"logo\":{\"@id\":\"https:\\\/\\\/www.tablaosflamencos.com\\\/fr\\\/macarena-flamenca-2026-programme-billets.html#local-main-organization-logo\"},\"image\":{\"@id\":\"https:\\\/\\\/www.tablaosflamencos.com\\\/fr\\\/macarena-flamenca-2026-programme-billets.html#local-main-organization-logo\"},\"sameAs\":[\"https:\\\/\\\/www.facebook.com\\\/tablaosflamencos\",\"https:\\\/\\\/x.com\\\/tablaosflamenco\",\"https:\\\/\\\/mastodon.social\\\/@tablaosflamencos\",\"https:\\\/\\\/www.instagram.com\\\/tablaosflamencos\",\"https:\\\/\\\/tiktok.com\\\/@tablaosflamencos\",\"https:\\\/\\\/www.linkedin.com\\\/company\\\/109408238\\\/\"],\"description\":\"Venta de entradas para espect\u00e1culos flamencos\",\"legalName\":\"Tablaos Flamencos\",\"foundingDate\":\"2015-01-01\",\"numberOfEmployees\":{\"@type\":\"QuantitativeValue\",\"minValue\":\"1\",\"maxValue\":\"10\"},\"address\":{\"@id\":\"https:\\\/\\\/www.tablaosflamencos.com\\\/fr\\\/macarena-flamenca-2026-programme-billets.html#local-main-place-address\"},\"geo\":{\"@type\":\"GeoCoordinates\",\"latitude\":\"37.3868072\",\"longitude\":\"-5.993280299999999\"},\"telephone\":[\"+34623787787\"],\"contactPoint\":{\"@type\":\"ContactPoint\",\"telephone\":\"+34623787787\",\"email\":\"info@tablaosflamencos.com\"},\"openingHoursSpecification\":{\"@type\":\"OpeningHoursSpecification\",\"dayOfWeek\":[\"Monday\",\"Tuesday\",\"Wednesday\",\"Thursday\",\"Friday\",\"Saturday\",\"Sunday\"],\"opens\":\"00:00\",\"closes\":\"23:59\"},\"email\":\"info@tablaosflamencos.com\",\"priceRange\":\"$$$\",\"currenciesAccepted\":\"\u20ac\"},{\"@type\":\"Person\",\"@id\":\"https:\\\/\\\/www.tablaosflamencos.com\\\/fr#\\\/schema\\\/person\\\/e7a9ebe14eb75a52ceabfbffb3c54f5d\",\"name\":\"Miguel Ortiz\",\"description\":\"Miguel Ortiz es un empresario flamenco, con una s\u00f3lida trayectoria dentro del sector. Ha presidido entidades culturales vinculadas al flamenco y, cuenta con un amplio recorrido profesional en la gesti\u00f3n y promoci\u00f3n de espect\u00e1culos y tablaos flamencos. Su pasi\u00f3n por la historia y el arte flamenco se refleja en cada art\u00edculo, donde combina experiencia, criterio y un profundo respeto por la tradici\u00f3n.\",\"sameAs\":[\"https:\\\/\\\/www.tablaosflamencos.com\",\"https:\\\/\\\/www.instagra.com\\\/miguelortizfe\",\"https:\\\/\\\/www.linkedin.com\\\/in\\\/miguelortizf\\\/\"],\"birthDate\":\"1984-11-22\",\"gender\":\"hombre\",\"knowsLanguage\":[\"espa\u00f1ol\",\"ingl\u00e9s\"],\"jobTitle\":\"Empresario flamenco\"},{\"@type\":\"PostalAddress\",\"@id\":\"https:\\\/\\\/www.tablaosflamencos.com\\\/fr\\\/macarena-flamenca-2026-programme-billets.html#local-main-place-address\",\"streetAddress\":\"C\\\/ Alemanes, 19\",\"addressLocality\":\"Sevilla\",\"postalCode\":\"41004\",\"addressRegion\":\"Sevilla\",\"addressCountry\":\"ES\"},{\"@type\":\"ImageObject\",\"inLanguage\":\"fr-FR\",\"@id\":\"https:\\\/\\\/www.tablaosflamencos.com\\\/fr\\\/macarena-flamenca-2026-programme-billets.html#local-main-organization-logo\",\"url\":\"https:\\\/\\\/www.tablaosflamencos.com\\\/wp-content\\\/uploads\\\/tablaos-flamencos-06-3.webp\",\"contentUrl\":\"https:\\\/\\\/www.tablaosflamencos.com\\\/wp-content\\\/uploads\\\/tablaos-flamencos-06-3.webp\",\"width\":600,\"height\":620,\"caption\":\"Tablaos Flamencos\"}]}<\/script>\n<meta name=\"geo.placename\" content=\"Sevilla\" \/>\n<meta name=\"geo.position\" content=\"37.3868072;-5.993280299999999\" \/>\n<meta name=\"geo.region\" content=\"Espagne\" \/>\n<!-- \/ Yoast SEO Premium plugin. -->","yoast_head_json":{"title":"Macarena Flamenca 2026 : programme, horaires et entr\u00e9e gratuite","description":"Macarena Flamenca 2026 \u00e0 S\u00e9ville : programme, artistes, hommage \u00e0 Jos\u00e9 de la Tomasa, horaires, lieu et entr\u00e9e gratuite.","robots":{"index":"index","follow":"follow","max-snippet":"max-snippet:-1","max-image-preview":"max-image-preview:large","max-video-preview":"max-video-preview:-1"},"canonical":"https:\/\/www.tablaosflamencos.com\/fr\/macarena-flamenca-2026-programme-billets.html","og_locale":"fr_FR","og_type":"article","og_title":"Macarena Flamenca 2026 : programme, billets et tout ce qu\u2019il faut savoir","og_description":"Macarena Flamenca 2026 \u00e0 S\u00e9ville : programme, artistes, hommage \u00e0 Jos\u00e9 de la Tomasa, horaires, lieu et entr\u00e9e gratuite.","og_url":"https:\/\/www.tablaosflamencos.com\/fr\/macarena-flamenca-2026-programme-billets.html","og_site_name":"Tablaos Flamencos","article_publisher":"https:\/\/www.facebook.com\/tablaosflamencos","article_published_time":"2026-09-05T11:50:39+00:00","article_modified_time":"2026-09-05T12:11:17+00:00","og_image":[{"width":1672,"height":941,"url":"https:\/\/www.tablaosflamencos.com\/wp-content\/uploads\/macarena-flamenca-2026-programacion-entradas-y-todo-lo-que-necesitas-saber-01.webp","type":"image\/webp"}],"author":"Miguel Ortiz","twitter_card":"summary_large_image","twitter_creator":"@tablaosflamenco","twitter_site":"@tablaosflamenco","twitter_misc":{"\u00c9crit par":"Miguel Ortiz","Dur\u00e9e de lecture estim\u00e9e":"15 minutes"},"schema":{"@context":"https:\/\/schema.org","@graph":[{"@type":"Article","@id":"https:\/\/www.tablaosflamencos.com\/fr\/macarena-flamenca-2026-programme-billets.html#article","isPartOf":{"@id":"https:\/\/www.tablaosflamencos.com\/fr\/macarena-flamenca-2026-programme-billets.html"},"author":{"name":"Miguel Ortiz","@id":"https:\/\/www.tablaosflamencos.com\/fr#\/schema\/person\/e7a9ebe14eb75a52ceabfbffb3c54f5d"},"headline":"Macarena Flamenca 2026 : programme, billets et tout ce qu\u2019il faut savoir","datePublished":"2026-09-05T11:50:39+00:00","dateModified":"2026-09-05T12:11:17+00:00","mainEntityOfPage":{"@id":"https:\/\/www.tablaosflamencos.com\/fr\/macarena-flamenca-2026-programme-billets.html"},"wordCount":3153,"publisher":{"@id":"https:\/\/www.tablaosflamencos.com\/fr#organization"},"image":{"@id":"https:\/\/www.tablaosflamencos.com\/fr\/macarena-flamenca-2026-programme-billets.html#primaryimage"},"thumbnailUrl":"https:\/\/www.tablaosflamencos.com\/wp-content\/uploads\/macarena-flamenca-2026-programacion-entradas-y-todo-lo-que-necesitas-saber-01.webp","keywords":["Bienal de Flamenco","chant flamenco","danse flamenca","festivales flamencos","flamenco en Sevilla","flamenco gratuit","sevilla"],"articleSection":["Festivals de flamenco"],"inLanguage":"fr-FR"},{"@type":"WebPage","@id":"https:\/\/www.tablaosflamencos.com\/fr\/macarena-flamenca-2026-programme-billets.html","url":"https:\/\/www.tablaosflamencos.com\/fr\/macarena-flamenca-2026-programme-billets.html","name":"Macarena Flamenca 2026 : programme, horaires et entr\u00e9e gratuite","isPartOf":{"@id":"https:\/\/www.tablaosflamencos.com\/fr#website"},"primaryImageOfPage":{"@id":"https:\/\/www.tablaosflamencos.com\/fr\/macarena-flamenca-2026-programme-billets.html#primaryimage"},"image":{"@id":"https:\/\/www.tablaosflamencos.com\/fr\/macarena-flamenca-2026-programme-billets.html#primaryimage"},"thumbnailUrl":"https:\/\/www.tablaosflamencos.com\/wp-content\/uploads\/macarena-flamenca-2026-programacion-entradas-y-todo-lo-que-necesitas-saber-01.webp","datePublished":"2026-09-05T11:50:39+00:00","dateModified":"2026-09-05T12:11:17+00:00","description":"Macarena Flamenca 2026 \u00e0 S\u00e9ville : programme, artistes, hommage \u00e0 Jos\u00e9 de la Tomasa, horaires, lieu et entr\u00e9e gratuite.","breadcrumb":{"@id":"https:\/\/www.tablaosflamencos.com\/fr\/macarena-flamenca-2026-programme-billets.html#breadcrumb"},"inLanguage":"fr-FR","potentialAction":[{"@type":"ReadAction","target":["https:\/\/www.tablaosflamencos.com\/fr\/macarena-flamenca-2026-programme-billets.html"]}]},{"@type":"ImageObject","inLanguage":"fr-FR","@id":"https:\/\/www.tablaosflamencos.com\/fr\/macarena-flamenca-2026-programme-billets.html#primaryimage","url":"https:\/\/www.tablaosflamencos.com\/wp-content\/uploads\/macarena-flamenca-2026-programacion-entradas-y-todo-lo-que-necesitas-saber-01.webp","contentUrl":"https:\/\/www.tablaosflamencos.com\/wp-content\/uploads\/macarena-flamenca-2026-programacion-entradas-y-todo-lo-que-necesitas-saber-01.webp","width":1672,"height":941,"caption":"Macarena Flamenca 2026: programaci\u00f3n, entradas y todo lo que necesitas saber"},{"@type":"BreadcrumbList","@id":"https:\/\/www.tablaosflamencos.com\/fr\/macarena-flamenca-2026-programme-billets.html#breadcrumb","itemListElement":[{"@type":"ListItem","position":1,"name":"Home","item":"https:\/\/www.tablaosflamencos.com\/fr"},{"@type":"ListItem","position":2,"name":"Macarena Flamenca 2026 : programme, billets et tout ce qu\u2019il faut savoir"}]},{"@type":"WebSite","@id":"https:\/\/www.tablaosflamencos.com\/fr#website","url":"https:\/\/www.tablaosflamencos.com\/fr","name":"Tablaos Flamencos","description":"Entradas para tablaos flamencos de Espa\u00f1a","publisher":{"@id":"https:\/\/www.tablaosflamencos.com\/fr#organization"},"alternateName":"Tablaos Flamencos","potentialAction":[{"@type":"SearchAction","target":{"@type":"EntryPoint","urlTemplate":"https:\/\/www.tablaosflamencos.com\/fr?s={search_term_string}"},"query-input":{"@type":"PropertyValueSpecification","valueRequired":true,"valueName":"search_term_string"}}],"inLanguage":"fr-FR"},{"@type":["Organization","Place","EntertainmentBusiness"],"@id":"https:\/\/www.tablaosflamencos.com\/fr#organization","name":"Tablaos Flamencos","alternateName":"Tablaos Flamencos","url":"https:\/\/www.tablaosflamencos.com\/fr","logo":{"@id":"https:\/\/www.tablaosflamencos.com\/fr\/macarena-flamenca-2026-programme-billets.html#local-main-organization-logo"},"image":{"@id":"https:\/\/www.tablaosflamencos.com\/fr\/macarena-flamenca-2026-programme-billets.html#local-main-organization-logo"},"sameAs":["https:\/\/www.facebook.com\/tablaosflamencos","https:\/\/x.com\/tablaosflamenco","https:\/\/mastodon.social\/@tablaosflamencos","https:\/\/www.instagram.com\/tablaosflamencos","https:\/\/tiktok.com\/@tablaosflamencos","https:\/\/www.linkedin.com\/company\/109408238\/"],"description":"Venta de entradas para espect\u00e1culos flamencos","legalName":"Tablaos Flamencos","foundingDate":"2015-01-01","numberOfEmployees":{"@type":"QuantitativeValue","minValue":"1","maxValue":"10"},"address":{"@id":"https:\/\/www.tablaosflamencos.com\/fr\/macarena-flamenca-2026-programme-billets.html#local-main-place-address"},"geo":{"@type":"GeoCoordinates","latitude":"37.3868072","longitude":"-5.993280299999999"},"telephone":["+34623787787"],"contactPoint":{"@type":"ContactPoint","telephone":"+34623787787","email":"info@tablaosflamencos.com"},"openingHoursSpecification":{"@type":"OpeningHoursSpecification","dayOfWeek":["Monday","Tuesday","Wednesday","Thursday","Friday","Saturday","Sunday"],"opens":"00:00","closes":"23:59"},"email":"info@tablaosflamencos.com","priceRange":"$$$","currenciesAccepted":"\u20ac"},{"@type":"Person","@id":"https:\/\/www.tablaosflamencos.com\/fr#\/schema\/person\/e7a9ebe14eb75a52ceabfbffb3c54f5d","name":"Miguel Ortiz","description":"Miguel Ortiz es un empresario flamenco, con una s\u00f3lida trayectoria dentro del sector. Ha presidido entidades culturales vinculadas al flamenco y, cuenta con un amplio recorrido profesional en la gesti\u00f3n y promoci\u00f3n de espect\u00e1culos y tablaos flamencos. Su pasi\u00f3n por la historia y el arte flamenco se refleja en cada art\u00edculo, donde combina experiencia, criterio y un profundo respeto por la tradici\u00f3n.","sameAs":["https:\/\/www.tablaosflamencos.com","https:\/\/www.instagra.com\/miguelortizfe","https:\/\/www.linkedin.com\/in\/miguelortizf\/"],"birthDate":"1984-11-22","gender":"hombre","knowsLanguage":["espa\u00f1ol","ingl\u00e9s"],"jobTitle":"Empresario flamenco"},{"@type":"PostalAddress","@id":"https:\/\/www.tablaosflamencos.com\/fr\/macarena-flamenca-2026-programme-billets.html#local-main-place-address","streetAddress":"C\/ Alemanes, 19","addressLocality":"Sevilla","postalCode":"41004","addressRegion":"Sevilla","addressCountry":"ES"},{"@type":"ImageObject","inLanguage":"fr-FR","@id":"https:\/\/www.tablaosflamencos.com\/fr\/macarena-flamenca-2026-programme-billets.html#local-main-organization-logo","url":"https:\/\/www.tablaosflamencos.com\/wp-content\/uploads\/tablaos-flamencos-06-3.webp","contentUrl":"https:\/\/www.tablaosflamencos.com\/wp-content\/uploads\/tablaos-flamencos-06-3.webp","width":600,"height":620,"caption":"Tablaos Flamencos"}]},"geo.placename":"Sevilla","geo.position":{"lat":"37.3868072","long":"-5.993280299999999"},"geo.region":"Espagne"},"_links":{"self":[{"href":"https:\/\/www.tablaosflamencos.com\/fr\/wp-json\/wp\/v2\/posts\/14761","targetHints":{"allow":["GET"]}}],"collection":[{"href":"https:\/\/www.tablaosflamencos.com\/fr\/wp-json\/wp\/v2\/posts"}],"about":[{"href":"https:\/\/www.tablaosflamencos.com\/fr\/wp-json\/wp\/v2\/types\/post"}],"author":[{"embeddable":true,"href":"https:\/\/www.tablaosflamencos.com\/fr\/wp-json\/wp\/v2\/users\/1"}],"replies":[{"embeddable":true,"href":"https:\/\/www.tablaosflamencos.com\/fr\/wp-json\/wp\/v2\/comments?post=14761"}],"version-history":[{"count":1,"href":"https:\/\/www.tablaosflamencos.com\/fr\/wp-json\/wp\/v2\/posts\/14761\/revisions"}],"predecessor-version":[{"id":14807,"href":"https:\/\/www.tablaosflamencos.com\/fr\/wp-json\/wp\/v2\/posts\/14761\/revisions\/14807"}],"wp:featuredmedia":[{"embeddable":true,"href":"https:\/\/www.tablaosflamencos.com\/fr\/wp-json\/wp\/v2\/media\/14653"}],"wp:attachment":[{"href":"https:\/\/www.tablaosflamencos.com\/fr\/wp-json\/wp\/v2\/media?parent=14761"}],"wp:term":[{"taxonomy":"category","embeddable":true,"href":"https:\/\/www.tablaosflamencos.com\/fr\/wp-json\/wp\/v2\/categories?post=14761"},{"taxonomy":"post_tag","embeddable":true,"href":"https:\/\/www.tablaosflamencos.com\/fr\/wp-json\/wp\/v2\/tags?post=14761"}],"curies":[{"name":"wp","href":"https:\/\/api.w.org\/{rel}","templated":true}]}}