{"id":14754,"date":"2026-09-05T13:34:33","date_gmt":"2026-09-05T11:34:33","guid":{"rendered":"https:\/\/www.tablaosflamencos.com\/?p=14754"},"modified":"2026-09-05T16:19:40","modified_gmt":"2026-09-05T14:19:40","slug":"biennale-flamenco-seville-14-20-septembre-2026","status":"publish","type":"post","link":"https:\/\/www.tablaosflamencos.com\/fr\/biennale-flamenco-seville-14-20-septembre-2026.html","title":{"rendered":"Que voir \u00e0 la Biennale de Flamenco de S\u00e9ville du 14 au 20 septembre 2026"},"content":{"rendered":"<section class=\"l-section wpb_row height_huge\"><div class=\"l-section-h i-cf\"><div class=\"g-cols vc_row via_flex valign_top type_default stacking_default\"><div class=\"vc_col-sm-6 wpb_column vc_column_container\"><div class=\"vc_column-inner\"><div class=\"wpb_wrapper\"><div class=\"wpb_text_column\"><div class=\"wpb_wrapper\"><h2>Que voir \u00e0 la Biennale de Flamenco de S\u00e9ville du 14 au 20 septembre 2026<\/h2>\n<p>La <strong>deuxi\u00e8me semaine de la Biennale de Flamenco de S\u00e9ville 2026<\/strong>, du lundi 14 au dimanche 20 septembre, change le rythme du festival. Apr\u00e8s le premier grand week-end, le programme se d\u00e9ploie : le Real Alc\u00e1zar accueille trois soir\u00e9es cons\u00e9cutives de chant et de flamenco de tradition ; les trois spectacles nocturnes initialement pr\u00e9vus \u00e0 l\u2019Hotel Triana sont transf\u00e9r\u00e9s au Muelle de la Sal ; le Lope de Vega re\u00e7oit deux r\u00e9citals de chant \u00e0 forte personnalit\u00e9 ; et le week-end r\u00e9unit guitare, orchestre, matin\u00e9es, jeunes talents et plusieurs soir\u00e9es uniques.<\/p>\n<p>En sept jours, on compte <strong>20 repr\u00e9sentations officielles<\/strong>. Toutes ne peuvent pas \u00eatre combin\u00e9es. Une grande partie de l\u2019int\u00e9r\u00eat de cette semaine r\u00e9side justement dans le choix : Israel Fern\u00e1ndez se produit en m\u00eame temps qu\u2019Ana Morales et Macarena L\u00f3pez ; Rancapino Chico chevauche l\u2019hommage \u00e0 Isabel Bay\u00f3n ; Xerezan\u00edas oblige \u00e0 choisir face \u00e0 Jos\u00e9 del Tomate ; et le week-end propose de nouveau des spectacles \u00e0 des horaires concurrents.<\/p>\n<p>Ce guide organise la programmation du <strong>14 au 20 septembre 2026<\/strong> et vous aide \u00e0 choisir selon votre int\u00e9r\u00eat pour le chant, la guitare, la danse, le flamenco traditionnel, la cr\u00e9ation contemporaine ou une exp\u00e9rience particuli\u00e8rement li\u00e9e \u00e0 S\u00e9ville.<\/p>\n<\/div><\/div><\/div><\/div><\/div><div class=\"vc_col-sm-6 wpb_column vc_column_container\"><div class=\"vc_column-inner\"><div class=\"wpb_wrapper\"><div class=\"wpb_text_column\"><div class=\"wpb_wrapper\"><p style=\"text-align: center; font-size: 52px; line-height: 1; margin-bottom: 10px;\"><strong>14\u201320<\/strong><\/p>\n<h3 style=\"text-align: center;\">septembre 2026<\/h3>\n<p style=\"text-align: center;\"><strong>Du lundi au dimanche<\/strong><\/p>\n<p style=\"text-align: center;\">20 repr\u00e9sentations officielles<\/p>\n<p style=\"text-align: center;\">Chant \u00b7 danse \u00b7 guitare \u00b7 soir\u00e9es uniques \u00b7 matin\u00e9es<\/p>\n<p style=\"text-align: center;\">Alc\u00e1zar \u00b7 Muelle de la Sal \u00b7 Maestranza \u00b7 Lope de Vega \u00b7 Turina \u00b7 Alameda \u00b7 Central \u00b7 San Luis \u00b7 Artiller\u00eda<\/p>\n<\/div><\/div><\/div><\/div><\/div><\/div><\/div><\/section><section class=\"l-section wpb_row height_huge color_alternate with_shape\"><div class=\"l-section-shape type_zigzag pos_top\" style=\"height:3vmin;\"><svg xmlns=\"http:\/\/www.w3.org\/2000\/svg\" viewBox=\"0 0 64 8\" preserveAspectRatio=\"none\" width=\"100%\" height=\"100%\">\r\n\t<path fill=\"currentColor\" d=\"M64 8 L0 8 L0 0 L20 7.9 L40 3 L48 5 L64 0 Z\"\/>\r\n<\/svg><\/div><div class=\"l-section-shape type_zigzag pos_bottom\" style=\"height:3vmin;\"><svg xmlns=\"http:\/\/www.w3.org\/2000\/svg\" viewBox=\"0 0 64 8\" preserveAspectRatio=\"none\" width=\"100%\" height=\"100%\">\r\n\t<path fill=\"currentColor\" d=\"M64 8 L0 8 L0 0 L20 7.9 L40 3 L48 5 L64 0 Z\"\/>\r\n<\/svg><\/div><div class=\"l-section-h i-cf\"><div class=\"g-cols vc_row via_flex valign_top type_default stacking_default\"><div class=\"vc_col-sm-12 wpb_column vc_column_container\"><div class=\"vc_column-inner\"><div class=\"wpb_wrapper\"><div class=\"wpb_text_column\"><div class=\"wpb_wrapper\"><blockquote>\n<p><strong>L\u2019essentiel :<\/strong> pour retenir quelques rendez-vous de cette semaine, le <strong>lundi 14<\/strong> offre trois voies tr\u00e8s diff\u00e9rentes avec Israel Fern\u00e1ndez, Ana Morales et Macarena L\u00f3pez ; le <strong>mardi 15<\/strong> oppose le chant de Rancapino Chico \u00e0 une soir\u00e9e unique d\u00e9di\u00e9e \u00e0 Isabel Bay\u00f3n ; le <strong>mercredi 16<\/strong> met en regard la rencontre jerezane de <em>Xerezan\u00edas<\/em> et la guitare de Jos\u00e9 del Tomate ; le <strong>jeudi 17<\/strong> permet de combiner Arc\u00e1ngel avec <em>Mujeres Gitanas<\/em> au Muelle de la Sal ; le <strong>vendredi 18<\/strong> se distingue par Antonio Reyes et la soir\u00e9e d\u00e9di\u00e9e \u00e0 la Pe\u00f1a El Pozo de las Penas ; le <strong>samedi 19<\/strong> r\u00e9unit Alejandro Hurtado, Mar\u00eda Mar\u00edn, Ca\u00f1izares avec la ROSS et <em>Andaluc\u00eda en el tiempo<\/em> ; et le <strong>dimanche 20<\/strong> retrouve Alejandro Hurtado, Manuel de la Luz &amp; Manuel Im\u00e1n, Jos\u00e9 Merc\u00e9 et le Gala du circuit andalou des jeunes artistes flamencos.<\/p>\n<\/blockquote>\n<p><strong>Derni\u00e8re mise \u00e0 jour : 5 septembre 2026.<\/strong> Horaires et programmation v\u00e9rifi\u00e9s aupr\u00e8s de l\u2019agenda officiel de la XXIVe Biennale. Changement de lieu : les spectacles des 17, 18 et 19 septembre initialement pr\u00e9vus \u00e0 l\u2019Hotel Triana auront lieu au Muelle de la Sal, aux m\u00eames dates et \u00e0 23:00. La disponibilit\u00e9 des billets peut \u00e9voluer : consultez toujours la fiche officielle de chaque spectacle avant de finaliser votre programme.<\/p>\n<\/div><\/div><div class=\"w-separator size_medium\"><\/div><div class=\"w-hwrapper valign_top wrap stack_on_mobiles align_center\" style=\"--hwrapper-gap:1.2rem\"><div class=\"w-btn-wrapper align_none\"><a class=\"w-btn us-btn-style_1\" href=\"https:\/\/www.tablaosflamencos.com\/fr\/biennale-flamenco-seville-2026.html\"><span class=\"w-btn-label\">Guide complet de la Biennale 2026<\/span><\/a><\/div><div class=\"w-btn-wrapper align_none\"><a class=\"w-btn us-btn-style_1\" href=\"https:\/\/www.tablaosflamencos.com\/fr\/biennale-flamenco-seville-2026-billets-prix-reductions.html\"><span class=\"w-btn-label\">Billets, tarifs et r\u00e9ductions<\/span><\/a><\/div><div class=\"w-btn-wrapper align_none\"><a class=\"w-btn us-btn-style_1\" target=\"_blank\" href=\"https:\/\/www.labienal.com\/programa-general\"><span class=\"w-btn-label\">Programme officiel<\/span><\/a><\/div><\/div><\/div><\/div><\/div><\/div><\/div><\/section><section class=\"l-section wpb_row height_huge\"><div class=\"l-section-h i-cf\"><div class=\"g-cols vc_row via_flex valign_top type_default stacking_default\"><div class=\"vc_col-sm-3 wpb_column vc_column_container\"><div class=\"vc_column-inner\"><div class=\"wpb_wrapper\"><\/div><\/div><\/div><div class=\"vc_col-sm-6 wpb_column vc_column_container\"><div class=\"vc_column-inner\"><div class=\"wpb_wrapper\"><div class=\"wpb_text_column\"><div class=\"wpb_wrapper\"><h2>Dans ce guide<\/h2>\n<ul>\n<li><a href=\"#semana-central\">Pourquoi cette semaine est particuli\u00e8re<\/a><\/li>\n<li><a href=\"#programa-14-20\">Programme complet du 14 au 20 septembre<\/a><\/li>\n<li><a href=\"#lunes-14\">Lundi 14 : Israel Fern\u00e1ndez, Ana Morales ou Macarena L\u00f3pez<\/a><\/li>\n<li><a href=\"#martes-15\">Mardi 15 : Rancapino Chico et l\u2019hommage \u00e0 Isabel Bay\u00f3n<\/a><\/li>\n<li><a href=\"#miercoles-16\">Mercredi 16 : Jerez \u00e0 l\u2019Alc\u00e1zar ou la guitare \u00e0 l\u2019Alameda<\/a><\/li>\n<li><a href=\"#jueves-17\">Jeudi 17 : Arc\u00e1ngel et Mujeres Gitanas<\/a><\/li>\n<li><a href=\"#viernes-18\">Vendredi 18 : guitare, Antonio Reyes et Muelle de la Sal<\/a><\/li>\n<li><a href=\"#sabado-19\">Samedi 19 : la journ\u00e9e la plus compl\u00e8te de la semaine<\/a><\/li>\n<li><a href=\"#domingo-20\">Dimanche 20 : de la matin\u00e9e \u00e0 Jos\u00e9 Merc\u00e9 et aux jeunes talents<\/a><\/li>\n<li><a href=\"#itinerarios-14-20\">Parcours conseill\u00e9s<\/a><\/li>\n<li><a href=\"#perfiles-14-20\">Que choisir selon vos go\u00fbts<\/a><\/li>\n<li><a href=\"#logistica-14-20\">Comment combiner les spectacles sans courir<\/a><\/li>\n<li><a href=\"#faq-14-20\">Questions fr\u00e9quentes<\/a><\/li>\n<\/ul>\n<\/div><\/div><\/div><\/div><\/div><div class=\"vc_col-sm-3 wpb_column vc_column_container\"><div class=\"vc_column-inner\"><div class=\"wpb_wrapper\"><\/div><\/div><\/div><\/div><\/div><\/section><section class=\"l-section wpb_row height_huge color_alternate with_shape\"><div class=\"l-section-shape type_zigzag pos_top\" style=\"height:3vmin;\"><svg xmlns=\"http:\/\/www.w3.org\/2000\/svg\" viewBox=\"0 0 64 8\" preserveAspectRatio=\"none\" width=\"100%\" height=\"100%\">\r\n\t<path fill=\"currentColor\" d=\"M64 8 L0 8 L0 0 L20 7.9 L40 3 L48 5 L64 0 Z\"\/>\r\n<\/svg><\/div><div class=\"l-section-shape type_zigzag pos_bottom\" style=\"height:3vmin;\"><svg xmlns=\"http:\/\/www.w3.org\/2000\/svg\" viewBox=\"0 0 64 8\" preserveAspectRatio=\"none\" width=\"100%\" height=\"100%\">\r\n\t<path fill=\"currentColor\" d=\"M64 8 L0 8 L0 0 L20 7.9 L40 3 L48 5 L64 0 Z\"\/>\r\n<\/svg><\/div><div class=\"l-section-h i-cf\"><div class=\"g-cols vc_row via_flex valign_top type_default stacking_default\"><div class=\"vc_col-sm-6 wpb_column vc_column_container\"><div class=\"vc_column-inner\"><div class=\"wpb_wrapper\"><div class=\"wpb_text_column\"><div class=\"wpb_wrapper\"><h2 id=\"semana-central\">La semaine o\u00f9 la Biennale se d\u00e9ploie dans toute S\u00e9ville<\/h2>\n<p>Du 14 au 20 septembre, la Biennale cesse de ressembler \u00e0 une succession de grandes premi\u00e8res isol\u00e9es et r\u00e9v\u00e8le toute sa structure. Les lundi, mardi et mercredi, le <strong>Real Alc\u00e1zar<\/strong> devient l\u2019un des grands centres du chant avec Israel Fern\u00e1ndez, Rancapino Chico et la rencontre jerezane de <em>Xerezan\u00edas<\/em>. D\u00e8s le jeudi, l\u2019attention se porte \u00e9galement sur le <strong>Muelle de la Sal<\/strong>, nouveau lieu des trois soir\u00e9es uniques cons\u00e9cutives initialement annonc\u00e9es \u00e0 l\u2019Hotel Triana.<\/p>\n<p>Parall\u00e8lement, le Lope de Vega, l\u2019Alameda, le Teatro Central, Turina, San Luis de los Franceses, la Real F\u00e1brica de Artiller\u00eda et le Teatro de la Maestranza d\u00e9veloppent des lignes de programmation tr\u00e8s diff\u00e9rentes. C\u2019est une semaine id\u00e9ale pour comprendre que la Biennale ne propose pas un seul flamenco, mais de multiples fa\u00e7ons de l\u2019aborder.<\/p>\n<\/div><\/div><\/div><\/div><\/div><div class=\"vc_col-sm-6 wpb_column vc_column_container\"><div class=\"vc_column-inner\"><div class=\"wpb_wrapper\"><div class=\"wpb_text_column\"><div class=\"wpb_wrapper\"><h2>Des racines aux grandes productions au cours d\u2019une m\u00eame semaine<\/h2>\n<p>En quelques jours, on peut passer du chant de Rancapino Chico \u00e0 la danse contemporaine d\u2019Ana Morales ; de la guitare soliste de Jos\u00e9 del Tomate \u00e0 un concert symphonique de Ca\u00f1izares avec l\u2019Orchestre symphonique royal de S\u00e9ville ; ou de l\u2019intimit\u00e9 de San Luis de los Franceses \u00e0 l\u2019atmosph\u00e8re nocturne du Muelle de la Sal.<\/p>\n<p>La cl\u00e9 consiste \u00e0 <strong>ne pas chercher \u00e0 tout voir<\/strong>. Les chevauchements d\u2019horaires imposent de construire sa propre Biennale. Ce guide distingue donc les spectacles compatibles, les encha\u00eenements risqu\u00e9s et les propositions qui exigent de choisir l\u2019une ou l\u2019autre.<\/p>\n<\/div><\/div><\/div><\/div><\/div><\/div><\/div><\/section><section class=\"l-section wpb_row height_huge\"><div class=\"l-section-h i-cf\"><div class=\"g-cols vc_row via_flex valign_top type_default stacking_default\"><div class=\"vc_col-sm-12 wpb_column vc_column_container\"><div class=\"vc_column-inner\"><div class=\"wpb_wrapper\"><div class=\"wpb_text_column\"><div class=\"wpb_wrapper\"><h2 id=\"programa-14-20\">Programme complet de la Biennale du 14 au 20 septembre 2026<\/h2>\n<div style=\"overflow-x: auto;\">\n<table>\n<thead>\n<tr>\n<th>Date<\/th>\n<th>Heure<\/th>\n<th>Lieu<\/th>\n<th>Artiste \/ spectacle<\/th>\n<th>Format<\/th>\n<\/tr>\n<\/thead>\n<tbody>\n<tr>\n<td><strong>Lun. 14<\/strong><\/td>\n<td>21:30<\/td>\n<td>Real Alc\u00e1zar<\/td>\n<td>Israel Fern\u00e1ndez \u2014 <em>De oro y marfil<\/em><\/td>\n<td>Chant flamenco<\/td>\n<\/tr>\n<tr>\n<td><strong>Lun. 14<\/strong><\/td>\n<td>22:00<\/td>\n<td>Real F\u00e1brica de Artiller\u00eda<\/td>\n<td>Ana Morales \u2014 <em>Rapsodia. Fantas\u00eda subterr\u00e1nea<\/em><\/td>\n<td>Premi\u00e8re mondiale<\/td>\n<\/tr>\n<tr>\n<td><strong>Lun. 14<\/strong><\/td>\n<td>22:30<\/td>\n<td>Teatro Alameda<\/td>\n<td>Macarena L\u00f3pez \u2014 <em>Sobre todas las cosas<\/em><\/td>\n<td>Premi\u00e8re mondiale<\/td>\n<\/tr>\n<tr>\n<td><strong>Mar. 15<\/strong><\/td>\n<td>21:30<\/td>\n<td>Real Alc\u00e1zar<\/td>\n<td>Rancapino Chico \u2014 <em>Pizarra<\/em><\/td>\n<td>Premi\u00e8re mondiale<\/td>\n<\/tr>\n<tr>\n<td><strong>Mar. 15<\/strong><\/td>\n<td>22:30<\/td>\n<td>Teatro Central<\/td>\n<td>David Lagos, Miguel Ortega, Antonio Campos, Inma Rivero et Jos\u00e9 Luis Ortiz Nuevo \u2014 <em>Ep\u00edlogo de un cante que se hizo baile. Suite de cantes<\/em><\/td>\n<td>Soir\u00e9e unique \u00b7 hommage \u00e0 Isabel Bay\u00f3n<\/td>\n<\/tr>\n<tr>\n<td><strong>Mer. 16<\/strong><\/td>\n<td>21:30<\/td>\n<td>Real Alc\u00e1zar<\/td>\n<td>Luis El Zambo, Dolores Agujetas, Antonio de la Malena, Manuel Valencia et Las Tatas de Jerez \u2014 <em>Xerezan\u00edas<\/em><\/td>\n<td>Soir\u00e9e unique<\/td>\n<\/tr>\n<tr>\n<td><strong>Mer. 16<\/strong><\/td>\n<td>22:30<\/td>\n<td>Teatro Alameda<\/td>\n<td>Jos\u00e9 del Tomate \u2014 <em>Sonanta 3.0<\/em><\/td>\n<td>Guitare<\/td>\n<\/tr>\n<tr>\n<td><strong>Jeu. 17<\/strong><\/td>\n<td>20:00<\/td>\n<td>Teatro Lope de Vega<\/td>\n<td>Arc\u00e1ngel \u2014 <em>La copla del cante<\/em><\/td>\n<td>Soir\u00e9e unique<\/td>\n<\/tr>\n<tr>\n<td><strong>Jeu. 17<\/strong><\/td>\n<td>23:00<\/td>\n<td>Muelle de la Sal<\/td>\n<td>Remedios Amaya, La Fabi, Montse Cort\u00e9s et Josemi Carmona \u2014 <em>Mujeres Gitanas<\/em><\/td>\n<td>Soir\u00e9e unique<\/td>\n<\/tr>\n<tr>\n<td><strong>Ven. 18<\/strong><\/td>\n<td>19:00<\/td>\n<td>Espacio Turina<\/td>\n<td>Juan Requena \u2014 <em>Requeneando<\/em><\/td>\n<td>Guitare<\/td>\n<\/tr>\n<tr>\n<td><strong>Ven. 18<\/strong><\/td>\n<td>20:00<\/td>\n<td>Teatro Lope de Vega<\/td>\n<td>Antonio Reyes \u2014 <em>Seis cuerdas, seis<\/em><\/td>\n<td>Soir\u00e9e unique<\/td>\n<\/tr>\n<tr>\n<td><strong>Ven. 18<\/strong><\/td>\n<td>23:00<\/td>\n<td>Muelle de la Sal<\/td>\n<td>75e anniversaire de la Pe\u00f1a El Pozo de las Penas \u2014 <em>Uvitas negras<\/em><\/td>\n<td>Soir\u00e9e unique<\/td>\n<\/tr>\n<tr>\n<td><strong>Sam. 19<\/strong><\/td>\n<td>12:00<\/td>\n<td>San Luis de los Franceses<\/td>\n<td>Alejandro Hurtado + Enrique Solin\u00eds \u2014 <em>Devenir de la guitarra<\/em><\/td>\n<td>Matin\u00e9e unique<\/td>\n<\/tr>\n<tr>\n<td><strong>Sam. 19<\/strong><\/td>\n<td>19:00<\/td>\n<td>Espacio Turina<\/td>\n<td>Mar\u00eda Mar\u00edn \u2014 <em>Las tres Mar\u00edas<\/em><\/td>\n<td>Premi\u00e8re mondiale<\/td>\n<\/tr>\n<tr>\n<td><strong>Sam. 19<\/strong><\/td>\n<td>20:00<\/td>\n<td>Teatro de la Maestranza<\/td>\n<td>Ca\u00f1izares &amp; ROSS \u2014 <em>Ca\u00f1izares sinf\u00f3nico<\/em><\/td>\n<td>Soir\u00e9e unique<\/td>\n<\/tr>\n<tr>\n<td><strong>Sam. 19<\/strong><\/td>\n<td>23:00<\/td>\n<td>Muelle de la Sal<\/td>\n<td>El Boquer\u00f3n, Carmen de la Jara, Curro Lucena, Jaime \u00ab El Parr\u00f3n \u00bb, Joselete de Linares, Jos\u00e9 Sorroche, Paqui Corpas, El Pecas et Romerito de Jerez \u2014 <em>Andaluc\u00eda en el tiempo<\/em><\/td>\n<td>Soir\u00e9e unique<\/td>\n<\/tr>\n<tr>\n<td><strong>Dim. 20<\/strong><\/td>\n<td>12:00<\/td>\n<td>San Luis de los Franceses<\/td>\n<td>Alejandro Hurtado + Enrique Solin\u00eds \u2014 <em>Devenir de la guitarra<\/em><\/td>\n<td>Matin\u00e9e unique<\/td>\n<\/tr>\n<tr>\n<td><strong>Dim. 20<\/strong><\/td>\n<td>19:00<\/td>\n<td>Espacio Turina<\/td>\n<td>Manuel de la Luz &amp; Manuel Im\u00e1n \u2014 <em>Manos que hablan<\/em><\/td>\n<td>Soir\u00e9e unique<\/td>\n<\/tr>\n<tr>\n<td><strong>Dim. 20<\/strong><\/td>\n<td>20:00<\/td>\n<td>Teatro de la Maestranza<\/td>\n<td>Jos\u00e9 Merc\u00e9 \u2014 <em>Toquen a rebato<\/em><\/td>\n<td>Soir\u00e9e unique<\/td>\n<\/tr>\n<tr>\n<td><strong>Dim. 20<\/strong><\/td>\n<td>22:30<\/td>\n<td>Teatro Alameda<\/td>\n<td>Gala du circuit andalou des jeunes artistes flamencos<\/td>\n<td>Jeunes artistes flamencos<\/td>\n<\/tr>\n<\/tbody>\n<\/table>\n<\/div>\n<p><strong>Conseil :<\/strong> ne consid\u00e9rez pas ce tableau comme un itin\u00e9raire. Plusieurs spectacles se chevauchent ou laissent trop peu de temps pour changer de lieu. La s\u00e9lection quotidienne ci-dessous vise \u00e0 \u00e9viter les programmes impossibles.<\/p>\n<\/div><\/div><\/div><\/div><\/div><\/div><\/div><\/section><section class=\"l-section wpb_row height_huge color_alternate with_shape\"><div class=\"l-section-shape type_zigzag pos_top\" style=\"height:3vmin;\"><svg xmlns=\"http:\/\/www.w3.org\/2000\/svg\" viewBox=\"0 0 64 8\" preserveAspectRatio=\"none\" width=\"100%\" height=\"100%\">\r\n\t<path fill=\"currentColor\" d=\"M64 8 L0 8 L0 0 L20 7.9 L40 3 L48 5 L64 0 Z\"\/>\r\n<\/svg><\/div><div class=\"l-section-shape type_zigzag pos_bottom\" style=\"height:3vmin;\"><svg xmlns=\"http:\/\/www.w3.org\/2000\/svg\" viewBox=\"0 0 64 8\" preserveAspectRatio=\"none\" width=\"100%\" height=\"100%\">\r\n\t<path fill=\"currentColor\" d=\"M64 8 L0 8 L0 0 L20 7.9 L40 3 L48 5 L64 0 Z\"\/>\r\n<\/svg><\/div><div class=\"l-section-h i-cf\"><div class=\"g-cols vc_row via_flex valign_top type_default stacking_default\"><div class=\"vc_col-sm-6 wpb_column vc_column_container\"><div class=\"vc_column-inner\"><div class=\"wpb_wrapper\"><div class=\"wpb_text_column\"><div class=\"wpb_wrapper\"><h2 id=\"lunes-14\">Lundi 14 : trois Biennales diff\u00e9rentes en \u00e0 peine une heure<\/h2>\n<p>Le lundi impose l\u2019un des choix les plus nets de la semaine. \u00c0 <strong>21:30<\/strong>, Israel Fern\u00e1ndez pr\u00e9sente <em>De oro y marfil<\/em> au Real Alc\u00e1zar. Pour ceux qui privil\u00e9gient le chant, la voix et une soir\u00e9e dans l\u2019un des cadres patrimoniaux les plus singuliers de cette \u00e9dition, c\u2019est le choix naturel.<\/p>\n<p>Une demi-heure plus tard, \u00e0 <strong>22:00<\/strong>, Ana Morales donne la deuxi\u00e8me repr\u00e9sentation de <em>Rapsodia. Fantas\u00eda subterr\u00e1nea<\/em> \u00e0 la Real F\u00e1brica de Artiller\u00eda. Cette cr\u00e9ation chor\u00e9graphique con\u00e7ue pour un espace industriel singulier repr\u00e9sente la voie la plus contemporaine de la soir\u00e9e.<\/p>\n<p>\u00c0 <strong>22:30<\/strong>, Macarena L\u00f3pez cr\u00e9e <em>Sobre todas las cosas<\/em> au Teatro Alameda, l\u2019occasion de d\u00e9couvrir une g\u00e9n\u00e9ration plus jeune de la danse \u00e0 la Biennale.<\/p>\n<\/div><\/div><\/div><\/div><\/div><div class=\"vc_col-sm-6 wpb_column vc_column_container\"><div class=\"vc_column-inner\"><div class=\"wpb_wrapper\"><div class=\"wpb_text_column\"><div class=\"wpb_wrapper\"><h2>Que choisir le lundi<\/h2>\n<p><strong>Israel Fern\u00e1ndez<\/strong> pour le chant et une exp\u00e9rience nocturne \u00e0 l\u2019Alc\u00e1zar. <strong>Ana Morales<\/strong> pour la cr\u00e9ation sc\u00e9nique, la recherche artistique et la danse contemporaine. <strong>Macarena L\u00f3pez<\/strong> pour d\u00e9couvrir une proposition nouvelle et suivre le renouvellement de la danse.<\/p>\n<p>Nous d\u00e9conseillons d\u2019essayer de combiner deux de ces trois spectacles. Les horaires sont trop proches et les lieux distincts. Le lundi est une soir\u00e9e pour <strong>bien choisir une seule repr\u00e9sentation<\/strong> et en profiter sans regarder l\u2019heure.<\/p>\n<p>Pour en savoir plus sur l\u2019Alc\u00e1zar, consultez notre guide du <a href=\"https:\/\/www.tablaosflamencos.com\/fr\/flamenco-real-alcazar-biennale-seville-2026.html\"><strong>flamenco au Real Alc\u00e1zar pendant la Biennale 2026<\/strong><\/a>.<\/p>\n<\/div><\/div><\/div><\/div><\/div><\/div><\/div><\/section><section class=\"l-section wpb_row height_huge\"><div class=\"l-section-h i-cf\"><div class=\"g-cols vc_row via_flex valign_top type_default stacking_default\"><div class=\"vc_col-sm-6 wpb_column vc_column_container\"><div class=\"vc_column-inner\"><div class=\"wpb_wrapper\"><div class=\"wpb_text_column\"><div class=\"wpb_wrapper\"><h2 id=\"martes-15\">Mardi 15 : Rancapino Chico ou une soir\u00e9e unique d\u00e9di\u00e9e \u00e0 Isabel Bay\u00f3n<\/h2>\n<p>\u00c0 <strong>21:30 au Real Alc\u00e1zar<\/strong>, Rancapino Chico pr\u00e9sente <em>Pizarra<\/em>, en premi\u00e8re mondiale. Ce choix s\u00e9duira ceux qui recherchent une soir\u00e9e centr\u00e9e sur le chant, la tradition et la personnalit\u00e9 artistique dans le cadre de l\u2019Alc\u00e1zar.<\/p>\n<p>Une heure plus tard, le <strong>Teatro Central<\/strong> accueille <em>Ep\u00edlogo de un cante que se hizo baile. Suite de cantes<\/em>, une soir\u00e9e unique d\u00e9di\u00e9e \u00e0 Isabel Bay\u00f3n avec David Lagos, Miguel Ortega, Antonio Campos, Inma Rivero et Jos\u00e9 Luis Ortiz Nuevo.<\/p>\n<p>Plus qu\u2019un spectacle conventionnel, ce deuxi\u00e8me rendez-vous fait \u00e9v\u00e9nement : il rassemble voix et m\u00e9moire autour d\u2019une figure essentielle de la danse s\u00e9villane.<\/p>\n<\/div><\/div><\/div><\/div><\/div><div class=\"vc_col-sm-6 wpb_column vc_column_container\"><div class=\"vc_column-inner\"><div class=\"wpb_wrapper\"><div class=\"wpb_text_column\"><div class=\"wpb_wrapper\"><h2>Deux fa\u00e7ons d\u2019\u00e9couter la m\u00e9moire du flamenco<\/h2>\n<p>Le mardi oppose moins tradition et modernit\u00e9 que <strong>deux regards sur la m\u00e9moire<\/strong>. Rancapino Chico l\u2019aborde \u00e0 travers son propre r\u00e9cital ; la soir\u00e9e du Central, par l\u2019hommage et la cr\u00e9ation collective.<\/p>\n<p>Les horaires rendent irr\u00e9aliste la participation aux deux \u00e9v\u00e9nements. Pour le chant d\u2019un artiste pr\u00e9cis, choisissez l\u2019Alc\u00e1zar. Pour les soir\u00e9es uniques et les spectacles qui prennent tout leur sens dans une Biennale, le Central poss\u00e8de une valeur particuli\u00e8re.<\/p>\n<p>Consultez \u00e9galement notre calendrier des <a href=\"https:\/\/www.tablaosflamencos.com\/fr\/nuits-uniques-biennale-flamenco-seville-2026.html\"><strong>soir\u00e9es uniques de la Biennale 2026<\/strong><\/a>.<\/p>\n<\/div><\/div><\/div><\/div><\/div><\/div><\/div><\/section><section class=\"l-section wpb_row height_huge color_alternate with_shape\"><div class=\"l-section-shape type_zigzag pos_top\" style=\"height:3vmin;\"><svg xmlns=\"http:\/\/www.w3.org\/2000\/svg\" viewBox=\"0 0 64 8\" preserveAspectRatio=\"none\" width=\"100%\" height=\"100%\">\r\n\t<path fill=\"currentColor\" d=\"M64 8 L0 8 L0 0 L20 7.9 L40 3 L48 5 L64 0 Z\"\/>\r\n<\/svg><\/div><div class=\"l-section-shape type_zigzag pos_bottom\" style=\"height:3vmin;\"><svg xmlns=\"http:\/\/www.w3.org\/2000\/svg\" viewBox=\"0 0 64 8\" preserveAspectRatio=\"none\" width=\"100%\" height=\"100%\">\r\n\t<path fill=\"currentColor\" d=\"M64 8 L0 8 L0 0 L20 7.9 L40 3 L48 5 L64 0 Z\"\/>\r\n<\/svg><\/div><div class=\"l-section-h i-cf\"><div class=\"g-cols vc_row via_flex valign_top type_default stacking_default\"><div class=\"vc_col-sm-6 wpb_column vc_column_container\"><div class=\"vc_column-inner\"><div class=\"wpb_wrapper\"><div class=\"wpb_text_column\"><div class=\"wpb_wrapper\"><h2 id=\"miercoles-16\">Mercredi 16 : Jerez investit l\u2019Alc\u00e1zar<\/h2>\n<p>Le rendez-vous du mercredi au Real Alc\u00e1zar est l\u2019une des rencontres de chant les plus marquantes de la semaine. <em>Xerezan\u00edas<\/em> r\u00e9unit <strong>Luis El Zambo, Dolores Agujetas, Antonio de la Malena, Manuel Valencia et Las Tatas de Jerez<\/strong> pour une soir\u00e9e unique dont Jerez constitue le c\u0153ur symbolique.<\/p>\n<p>Pour le chant, le comp\u00e1s, les filiations artistiques et une rencontre difficile \u00e0 reproduire hors de la Biennale, c\u2019est l\u2019une de nos recommandations les plus nettes pour la p\u00e9riode du 14 au 20.<\/p>\n<\/div><\/div><\/div><\/div><\/div><div class=\"vc_col-sm-6 wpb_column vc_column_container\"><div class=\"vc_column-inner\"><div class=\"wpb_wrapper\"><div class=\"wpb_text_column\"><div class=\"wpb_wrapper\"><h2>22:30 : Jos\u00e9 del Tomate et l\u2019alternative de la guitare<\/h2>\n<p>\u00c0 <strong>22:30 au Teatro Alameda<\/strong>, Jos\u00e9 del Tomate pr\u00e9sente <em>Sonanta 3.0<\/em>. L\u2019horaire ne permet pas de voir l\u2019int\u00e9gralit\u00e9 du spectacle apr\u00e8s <em>Xerezan\u00edas<\/em>, ce qui impose de nouveau un choix de langage artistique.<\/p>\n<p>Pour une semaine centr\u00e9e sur la guitare, Jos\u00e9 del Tomate m\u00e9rite sa place. Pour une soir\u00e9e de chant qui r\u00e9unira difficilement de nouveau cette affiche dans ce lieu, notre priorit\u00e9 irait \u00e0 <em>Xerezan\u00edas<\/em>.<\/p>\n<p>Pour approfondir ces deux approches, consultez nos guides sur <a href=\"https:\/\/www.tablaosflamencos.com\/fr\/cante-biennale-flamenco-seville-2026.html\"><strong>le chant \u00e0 la Biennale 2026<\/strong><\/a> et <a href=\"https:\/\/www.tablaosflamencos.com\/fr\/guitare-biennale-flamenco-seville-2026-spectacles-incontournables.html\"><strong>la guitare \u00e0 la Biennale<\/strong><\/a>.<\/p>\n<\/div><\/div><\/div><\/div><\/div><\/div><\/div><\/section><section class=\"l-section wpb_row height_huge\"><div class=\"l-section-h i-cf\"><div class=\"g-cols vc_row via_flex valign_top type_default stacking_default\"><div class=\"vc_col-sm-6 wpb_column vc_column_container\"><div class=\"vc_column-inner\"><div class=\"wpb_wrapper\"><div class=\"wpb_text_column\"><div class=\"wpb_wrapper\"><h2 id=\"jueves-17\">Jeudi 17 : Arc\u00e1ngel ouvre la soir\u00e9e au Lope de Vega<\/h2>\n<p>Arc\u00e1ngel pr\u00e9sente <em>La copla del cante<\/em> \u00e0 <strong>20:00 au Teatro Lope de Vega<\/strong>. La proposition explore le lien historique entre flamenco et copla, un territoire parcouru par de nombreuses figures du XXe si\u00e8cle et qui sert ici de point de d\u00e9part \u00e0 une soir\u00e9e unique.<\/p>\n<p>C\u2019est un bon choix pour \u00e9couter du chant dans un grand th\u00e9\u00e2tre sans assister \u00e0 un r\u00e9cital conventionnel. La formation comprend guitare, ch\u0153urs et claquements de mains rythmiques, percussions, claviers, fl\u00fbte, harmonica et violon.<\/p>\n<\/div><\/div><\/div><\/div><\/div><div class=\"vc_col-sm-6 wpb_column vc_column_container\"><div class=\"vc_column-inner\"><div class=\"wpb_wrapper\"><div class=\"wpb_text_column\"><div class=\"wpb_wrapper\"><h2>23:00 : Mujeres Gitanas ouvre le cycle du Muelle de la Sal<\/h2>\n<p>Trois heures plus tard commence l\u2019une des s\u00e9quences les plus attendues de la semaine : les soir\u00e9es transf\u00e9r\u00e9es de l\u2019Hotel Triana au <strong>Muelle de la Sal<\/strong>. La premi\u00e8re r\u00e9unit <strong>Remedios Amaya, La Fabi, Montse Cort\u00e9s et Josemi Carmona<\/strong> sous le titre <em>Mujeres Gitanas<\/em>.<\/p>\n<p>Arc\u00e1ngel suivi du Muelle de la Sal constitue, sur le papier, l\u2019un des encha\u00eenements les plus raisonnables de la semaine, sans \u00eatre garanti : il faut tenir compte de la dur\u00e9e r\u00e9elle du spectacle, de la sortie du Lope et du trajet vers le nouveau lieu au bord du fleuve, et non vers l\u2019Hotel Triana.<\/p>\n<p>Pour retrouver le contexte du lieu initial, consultez notre guide des <a href=\"https:\/\/www.tablaosflamencos.com\/fr\/hotel-triana-biennale-flamenco-seville-2026.html\"><strong>trois soir\u00e9es de la Biennale initialement pr\u00e9vues dans l\u2019ancienne cour d\u2019habitation collective<\/strong><\/a>.<\/p>\n<\/div><\/div><\/div><\/div><\/div><\/div><\/div><\/section><section class=\"l-section wpb_row height_huge color_alternate with_shape\"><div class=\"l-section-shape type_zigzag pos_top\" style=\"height:3vmin;\"><svg xmlns=\"http:\/\/www.w3.org\/2000\/svg\" viewBox=\"0 0 64 8\" preserveAspectRatio=\"none\" width=\"100%\" height=\"100%\">\r\n\t<path fill=\"currentColor\" d=\"M64 8 L0 8 L0 0 L20 7.9 L40 3 L48 5 L64 0 Z\"\/>\r\n<\/svg><\/div><div class=\"l-section-shape type_zigzag pos_bottom\" style=\"height:3vmin;\"><svg xmlns=\"http:\/\/www.w3.org\/2000\/svg\" viewBox=\"0 0 64 8\" preserveAspectRatio=\"none\" width=\"100%\" height=\"100%\">\r\n\t<path fill=\"currentColor\" d=\"M64 8 L0 8 L0 0 L20 7.9 L40 3 L48 5 L64 0 Z\"\/>\r\n<\/svg><\/div><div class=\"l-section-h i-cf\"><div class=\"g-cols vc_row via_flex valign_top type_default stacking_default\"><div class=\"vc_col-sm-6 wpb_column vc_column_container\"><div class=\"vc_column-inner\"><div class=\"wpb_wrapper\"><div class=\"wpb_text_column\"><div class=\"wpb_wrapper\"><h2 id=\"viernes-18\">Vendredi 18 : Juan Requena ou Antonio Reyes<\/h2>\n<p>Le vendredi commence \u00e0 <strong>19:00 \u00e0 l\u2019Espacio Turina<\/strong> avec Juan Requena et <em>Requeneando<\/em>. Une heure plus tard, Antonio Reyes pr\u00e9sente <em>Seis cuerdas, seis<\/em> au Lope de Vega, une soir\u00e9e unique qui place le chanteur face \u00e0 six guitares et fait de l\u2019accompagnement un \u00e9l\u00e9ment central du concept.<\/p>\n<p>Les horaires rendent ces deux propositions incompatibles. Pour l\u2019amateur de guitare qui souhaite suivre la programmation de Turina, Juan Requena est le choix naturel. Pour ceux qui privil\u00e9gient le chant et un format exceptionnel construit autour de diff\u00e9rents guitaristes, Antonio Reyes est particuli\u00e8rement s\u00e9duisant.<\/p>\n<\/div><\/div><\/div><\/div><\/div><div class=\"vc_col-sm-6 wpb_column vc_column_container\"><div class=\"vc_column-inner\"><div class=\"wpb_wrapper\"><div class=\"wpb_text_column\"><div class=\"wpb_wrapper\"><h2>23:00 : les 75 ans de la Pe\u00f1a El Pozo de las Penas<\/h2>\n<p>La deuxi\u00e8me soir\u00e9e au Muelle de la Sal c\u00e9l\u00e8bre le <strong>75e anniversaire de la Pe\u00f1a El Pozo de las Penas<\/strong> avec <em>Uvitas negras<\/em>. L\u2019affiche r\u00e9unit Itoly de Los Palacios, Juan El Distinguido, Nene Escalera, Miguel Ortega, Jos\u00e9 \u00c1ngel Carmona, Juanelo, Anabel de Vico et Manuel Orta, accompagn\u00e9s aux guitares par Ni\u00f1o Fraile et Salvador Guti\u00e9rrez.<\/p>\n<p>La direction de Manuel Curao renforce l\u2019esprit de rencontre et de m\u00e9moire d\u2019une soir\u00e9e directement li\u00e9e \u00e0 la culture des associations flamencas. Elle peut conclure id\u00e9alement un apr\u00e8s-midi de guitare ou le concert d\u2019Antonio Reyes, \u00e0 condition que la dur\u00e9e et le trajet permettent d\u2019arriver avec une marge suffisante.<\/p>\n<\/div><\/div><\/div><\/div><\/div><\/div><\/div><\/section><section class=\"l-section wpb_row height_huge\"><div class=\"l-section-h i-cf\"><div class=\"g-cols vc_row via_flex valign_top type_default stacking_default\"><div class=\"vc_col-sm-6 wpb_column vc_column_container\"><div class=\"vc_column-inner\"><div class=\"wpb_wrapper\"><div class=\"wpb_text_column\"><div class=\"wpb_wrapper\"><h2 id=\"sabado-19\">Samedi 19 : la journ\u00e9e la plus compl\u00e8te de la semaine<\/h2>\n<p>Le samedi permet de vivre la Biennale de midi jusqu\u2019apr\u00e8s minuit. \u00c0 <strong>12:00 \u00e0 San Luis de los Franceses<\/strong>, Alejandro Hurtado pr\u00e9sente <em>Devenir de la guitarra<\/em> avec la collaboration d\u2019Enrique Solin\u00eds. Le programme parcourt grana\u00edna, alegr\u00edas, farruca, seguiriya, zapateado et taranta ; le dialogue avec un musicien associ\u00e9 \u00e0 la musique ancienne s\u2019accorde particuli\u00e8rement bien \u00e0 ce cadre baroque.<\/p>\n<p>\u00c0 <strong>19:00 \u00e0 Turina<\/strong>, Mar\u00eda Mar\u00edn cr\u00e9e <em>Las tres Mar\u00edas<\/em>. Une heure plus tard, au Maestranza, Ca\u00f1izares rejoint l\u2019Orchestre symphonique royal de S\u00e9ville pour <em>Ca\u00f1izares sinf\u00f3nico<\/em>.<\/p>\n<\/div><\/div><\/div><\/div><\/div><div class=\"vc_col-sm-6 wpb_column vc_column_container\"><div class=\"vc_column-inner\"><div class=\"wpb_wrapper\"><div class=\"wpb_text_column\"><div class=\"wpb_wrapper\"><h2>Ca\u00f1izares avec la ROSS ou Mar\u00eda Mar\u00edn : un autre choix incontournable<\/h2>\n<p>M\u00eame si les repr\u00e9sentations commencent \u00e0 une heure d\u2019intervalle, les combiner n\u2019est pas r\u00e9aliste. Assister \u00e0 Mar\u00eda Mar\u00edn \u00e0 19:00 ne permet pas de pr\u00e9voir d\u2019\u00eatre install\u00e9 au Maestranza \u00e0 20:00.<\/p>\n<p><em>Ca\u00f1izares sinf\u00f3nico<\/em> est l\u2019une des productions de plus grande ampleur de la semaine : elle comprend le <em>Concierto Al-\u00c1ndalus<\/em>, d\u00e9di\u00e9 \u00e0 la m\u00e9moire de Paco de Luc\u00eda, et le <em>Concierto Mediterr\u00e1neo<\/em>, d\u00e9di\u00e9 \u00e0 Joaqu\u00edn Rodrigo. Mar\u00eda Mar\u00edn propose, quant \u00e0 elle, une premi\u00e8re mondiale dans un espace plus intime.<\/p>\n<p>\u00c0 <strong>23:00<\/strong>, <em>Andaluc\u00eda en el tiempo<\/em> cl\u00f4t le cycle au Muelle de la Sal avec des chanteurs de diff\u00e9rentes provinces andalouses et les guitares d\u2019Eduardo Rebollar et Antonio Carri\u00f3n. Cette soir\u00e9e dessine un v\u00e9ritable portrait g\u00e9ographique du chant flamenco.<\/p>\n<\/div><\/div><\/div><\/div><\/div><\/div><\/div><\/section><section class=\"l-section wpb_row height_huge color_alternate with_shape\"><div class=\"l-section-shape type_zigzag pos_top\" style=\"height:3vmin;\"><svg xmlns=\"http:\/\/www.w3.org\/2000\/svg\" viewBox=\"0 0 64 8\" preserveAspectRatio=\"none\" width=\"100%\" height=\"100%\">\r\n\t<path fill=\"currentColor\" d=\"M64 8 L0 8 L0 0 L20 7.9 L40 3 L48 5 L64 0 Z\"\/>\r\n<\/svg><\/div><div class=\"l-section-shape type_zigzag pos_bottom\" style=\"height:3vmin;\"><svg xmlns=\"http:\/\/www.w3.org\/2000\/svg\" viewBox=\"0 0 64 8\" preserveAspectRatio=\"none\" width=\"100%\" height=\"100%\">\r\n\t<path fill=\"currentColor\" d=\"M64 8 L0 8 L0 0 L20 7.9 L40 3 L48 5 L64 0 Z\"\/>\r\n<\/svg><\/div><div class=\"l-section-h i-cf\"><div class=\"g-cols vc_row via_flex valign_top type_default stacking_default\"><div class=\"vc_col-sm-6 wpb_column vc_column_container\"><div class=\"vc_column-inner\"><div class=\"wpb_wrapper\"><div class=\"wpb_text_column\"><div class=\"wpb_wrapper\"><h2 id=\"domingo-20\">Dimanche 20 : une seconde occasion pour la matin\u00e9e<\/h2>\n<p><em>Devenir de la guitarra<\/em> revient \u00e0 San Luis de los Franceses \u00e0 <strong>12:00<\/strong>. Pour ceux qui n\u2019ont pas pu venir le samedi, le dimanche offre la m\u00eame occasion d\u2019\u00e9couter Alejandro Hurtado avec Enrique Solin\u00eds dans l\u2019un des lieux les plus singuliers de toute la Biennale.<\/p>\n<p>Les <a href=\"https:\/\/www.tablaosflamencos.com\/fr\/matinees-uniques-biennale-flamenco-seville-2026.html\"><strong>matin\u00e9es uniques<\/strong><\/a> permettent aussi de vivre le festival autrement : elles dissocient le concert de la soir\u00e9e et laissent le temps de profiter de S\u00e9ville entre deux spectacles, sans encha\u00eener des horaires impossibles.<\/p>\n<\/div><\/div><\/div><\/div><\/div><div class=\"vc_col-sm-6 wpb_column vc_column_container\"><div class=\"vc_column-inner\"><div class=\"wpb_wrapper\"><div class=\"wpb_text_column\"><div class=\"wpb_wrapper\"><h2>19:00, 20:00 et 22:30 : guitare, Jos\u00e9 Merc\u00e9 et nouvelle g\u00e9n\u00e9ration<\/h2>\n<p>\u00c0 <strong>19:00 \u00e0 Turina<\/strong>, Manuel de la Luz et Manuel Im\u00e1n pr\u00e9sentent <em>Manos que hablan<\/em>, une soir\u00e9e unique centr\u00e9e sur le dialogue de deux guitares et de deux parcours. \u00c0 <strong>20:00 au Teatro de la Maestranza<\/strong>, Jos\u00e9 Merc\u00e9 pr\u00e9sente <em>Toquen a rebato<\/em>, l\u2019un des grands rendez-vous de chant de cette \u00e9dition.<\/p>\n<p>Les deux spectacles se chevauchent : il faut choisir. Pour en savoir plus sur Jos\u00e9 Merc\u00e9, consultez notre article sur <a href=\"https:\/\/www.tablaosflamencos.com\/fr\/jose-merce-biennale-flamenco-2026-toquen-a-rebato.html\"><strong>Toquen a rebato \u00e0 la Biennale 2026<\/strong><\/a>.<\/p>\n<p>\u00c0 <strong>22:30<\/strong>, le Teatro Alameda accueille le Gala du circuit andalou des jeunes artistes flamencos, une belle occasion de terminer la semaine en d\u00e9couvrant ceux qui pourraient marquer les prochaines \u00e9ditions.<\/p>\n<\/div><\/div><\/div><\/div><\/div><\/div><\/div><\/section><section class=\"l-section wpb_row height_huge\"><div class=\"l-section-h i-cf\"><div class=\"g-cols vc_row via_flex valign_top type_default stacking_default\"><div class=\"vc_col-sm-12 wpb_column vc_column_container\"><div class=\"vc_column-inner\"><div class=\"wpb_wrapper\"><div class=\"wpb_text_column\"><div class=\"wpb_wrapper\"><h2 id=\"itinerarios-14-20\" style=\"text-align: center;\">Quatre parcours conseill\u00e9s du 14 au 20 septembre<\/h2>\n<p style=\"text-align: center;\">Pour profiter au mieux de cette semaine, choisissez un fil conducteur et gardez la possibilit\u00e9 d\u2019adapter votre programme aux disponibilit\u00e9s.<\/p>\n<\/div><\/div><div class=\"w-separator size_medium\"><\/div><div class=\"g-cols wpb_row via_flex valign_top type_default stacking_default\"><div class=\"vc_col-sm-3 wpb_column vc_column_container\"><div class=\"vc_column-inner\"><div class=\"wpb_wrapper\"><div class=\"wpb_text_column\"><div class=\"wpb_wrapper\"><h3>1. Chant et tradition<\/h3>\n<p><strong>Lun. :<\/strong> Israel Fern\u00e1ndez<\/p>\n<p><strong>Mar. :<\/strong> Rancapino Chico<\/p>\n<p><strong>Mer. :<\/strong> Xerezan\u00edas<\/p>\n<p><strong>Jeu. :<\/strong> Arc\u00e1ngel<\/p>\n<p><strong>Ven. :<\/strong> Antonio Reyes<\/p>\n<p><strong>Dim. :<\/strong> Jos\u00e9 Merc\u00e9<\/p>\n<p>Le parcours le plus direct pour placer la voix au c\u0153ur de la semaine.<\/p>\n<\/div><\/div><\/div><\/div><\/div><div class=\"vc_col-sm-3 wpb_column vc_column_container\"><div class=\"vc_column-inner\"><div class=\"wpb_wrapper\"><div class=\"wpb_text_column\"><div class=\"wpb_wrapper\"><h3>2. Guitare<\/h3>\n<p><strong>Mer. :<\/strong> Jos\u00e9 del Tomate<\/p>\n<p><strong>Ven. :<\/strong> Juan Requena<\/p>\n<p><strong>Sam. :<\/strong> Alejandro Hurtado ou Ca\u00f1izares<\/p>\n<p><strong>Dim. :<\/strong> Manuel de la Luz &amp; Manuel Im\u00e1n<\/p>\n<p>Quatre fa\u00e7ons tr\u00e8s diff\u00e9rentes d\u2019\u00e9couter la guitare flamenca, du r\u00e9cital au format symphonique.<\/p>\n<\/div><\/div><\/div><\/div><\/div><div class=\"vc_col-sm-3 wpb_column vc_column_container\"><div class=\"vc_column-inner\"><div class=\"wpb_wrapper\"><div class=\"wpb_text_column\"><div class=\"wpb_wrapper\"><h3>3. Soir\u00e9es exceptionnelles<\/h3>\n<p><strong>Mar. :<\/strong> Hommage \u00e0 Isabel Bay\u00f3n<\/p>\n<p><strong>Jeu. :<\/strong> Mujeres Gitanas<\/p>\n<p><strong>Ven. :<\/strong> Uvitas negras<\/p>\n<p><strong>Sam. :<\/strong> Andaluc\u00eda en el tiempo<\/p>\n<p>Le parcours le plus \u00e9troitement li\u00e9 au concept de soir\u00e9e unique et au caract\u00e8re exceptionnel de la Biennale.<\/p>\n<\/div><\/div><\/div><\/div><\/div><div class=\"vc_col-sm-3 wpb_column vc_column_container\"><div class=\"vc_column-inner\"><div class=\"wpb_wrapper\"><div class=\"wpb_text_column\"><div class=\"wpb_wrapper\"><h3>4. D\u00e9couvertes<\/h3>\n<p><strong>Lun. :<\/strong> Macarena L\u00f3pez<\/p>\n<p><strong>Ven. :<\/strong> Juan Requena<\/p>\n<p><strong>Sam. :<\/strong> Mar\u00eda Mar\u00edn<\/p>\n<p><strong>Dim. :<\/strong> Gala des jeunes artistes flamencos<\/p>\n<p>Pour sortir des noms les plus \u00e9vidents et d\u00e9couvrir de nouvelles voix et de nouveaux langages.<\/p>\n<\/div><\/div><\/div><\/div><\/div><\/div><\/div><\/div><\/div><\/div><\/div><\/section><section class=\"l-section wpb_row height_huge color_alternate with_shape\"><div class=\"l-section-shape type_zigzag pos_top\" style=\"height:3vmin;\"><svg xmlns=\"http:\/\/www.w3.org\/2000\/svg\" viewBox=\"0 0 64 8\" preserveAspectRatio=\"none\" width=\"100%\" height=\"100%\">\r\n\t<path fill=\"currentColor\" d=\"M64 8 L0 8 L0 0 L20 7.9 L40 3 L48 5 L64 0 Z\"\/>\r\n<\/svg><\/div><div class=\"l-section-shape type_zigzag pos_bottom\" style=\"height:3vmin;\"><svg xmlns=\"http:\/\/www.w3.org\/2000\/svg\" viewBox=\"0 0 64 8\" preserveAspectRatio=\"none\" width=\"100%\" height=\"100%\">\r\n\t<path fill=\"currentColor\" d=\"M64 8 L0 8 L0 0 L20 7.9 L40 3 L48 5 L64 0 Z\"\/>\r\n<\/svg><\/div><div class=\"l-section-h i-cf\"><div class=\"g-cols vc_row via_flex valign_top type_default stacking_default\"><div class=\"vc_col-sm-6 wpb_column vc_column_container\"><div class=\"vc_column-inner\"><div class=\"wpb_wrapper\"><div class=\"wpb_text_column\"><div class=\"wpb_wrapper\"><h2 id=\"perfiles-14-20\">Pour une premi\u00e8re Biennale<\/h2>\n<p>Inutile de construire une semaine encyclop\u00e9dique. Pour une premi\u00e8re exp\u00e9rience, nous associerions <strong>un grand nom, un lieu patrimonial et une soir\u00e9e unique<\/strong>. Par exemple : Israel Fern\u00e1ndez \u00e0 l\u2019Alc\u00e1zar, une soir\u00e9e au Muelle de la Sal et Jos\u00e9 Merc\u00e9 au Maestranza.<\/p>\n<p>Ces trois exp\u00e9riences r\u00e9v\u00e8lent d\u00e9j\u00e0 trois \u00e9chelles tr\u00e8s diff\u00e9rentes du festival : intimit\u00e9 patrimoniale, rencontre flamenca nocturne et grand th\u00e9\u00e2tre.<\/p>\n<p>Si une repr\u00e9sentation officielle affiche complet, rappelez-vous que le flamenco continue chaque soir en dehors du programme du festival. Notre guide pour savoir <a href=\"https:\/\/www.tablaosflamencos.com\/fr\/flamenco-seville-biennale-2026-spectacles-hors-programme-officiel.html\"><strong>o\u00f9 voir du flamenco \u00e0 S\u00e9ville pendant la Biennale<\/strong><\/a> rassemble des alternatives propos\u00e9es toute l\u2019ann\u00e9e.<\/p>\n<\/div><\/div><\/div><\/div><\/div><div class=\"vc_col-sm-6 wpb_column vc_column_container\"><div class=\"vc_column-inner\"><div class=\"wpb_wrapper\"><div class=\"wpb_text_column\"><div class=\"wpb_wrapper\"><h2>Pour ceux qui connaissent d\u00e9j\u00e0 bien le flamenco<\/h2>\n<p>Cette semaine offre pr\u00e9cis\u00e9ment ce qui int\u00e9resse souvent les amateurs qui ne suivent pas uniquement les affiches les plus m\u00e9diatis\u00e9es : des rencontres difficiles \u00e0 reproduire, des croisements de g\u00e9n\u00e9rations et des formats con\u00e7us sp\u00e9cialement pour la Biennale.<\/p>\n<p><em>Xerezan\u00edas<\/em>, l\u2019hommage \u00e0 Isabel Bay\u00f3n, les trois soir\u00e9es transf\u00e9r\u00e9es au Muelle de la Sal, <em>Seis cuerdas, seis<\/em> et <em>Devenir de la guitarra<\/em> en sont de bons exemples. Plut\u00f4t que de choisir selon la notori\u00e9t\u00e9, il est pertinent de privil\u00e9gier la <strong>singularit\u00e9<\/strong> : quel spectacle serait le plus difficile \u00e0 revoir hors de S\u00e9ville et de ces dates ?<\/p>\n<\/div><\/div><\/div><\/div><\/div><\/div><\/div><\/section><section class=\"l-section wpb_row height_huge\"><div class=\"l-section-h i-cf\"><div class=\"g-cols vc_row via_flex valign_top type_default stacking_default\"><div class=\"vc_col-sm-6 wpb_column vc_column_container\"><div class=\"vc_column-inner\"><div class=\"wpb_wrapper\"><div class=\"wpb_text_column\"><div class=\"wpb_wrapper\"><h2>Pour les amateurs de danse<\/h2>\n<p>Le lundi concentre les deux propositions de danse les plus \u00e9videntes de la semaine. Ana Morales pr\u00e9sente <em>Rapsodia. Fantas\u00eda subterr\u00e1nea<\/em> \u00e0 la Real F\u00e1brica de Artiller\u00eda et Macarena L\u00f3pez cr\u00e9e <em>Sobre todas las cosas<\/em> au Teatro Alameda.<\/p>\n<p>Deux \u00e9chelles diff\u00e9rentes : une cr\u00e9atrice confirm\u00e9e dans un projet intimement li\u00e9 au lieu et une proposition de nouvelle g\u00e9n\u00e9ration dans un th\u00e9\u00e2tre plus proche du public. Pour un voyage \u00e0 la Biennale consacr\u00e9 \u00e0 la danse, le lundi 14 doit \u00eatre marqu\u00e9 d\u00e8s le d\u00e9part.<\/p>\n<p>Compl\u00e9tez votre s\u00e9lection avec notre guide sur <a href=\"https:\/\/www.tablaosflamencos.com\/fr\/danse-biennale-flamenco-seville-2026.html\"><strong>la danse \u00e0 la Biennale 2026<\/strong><\/a>.<\/p>\n<\/div><\/div><\/div><\/div><\/div><div class=\"vc_col-sm-6 wpb_column vc_column_container\"><div class=\"vc_column-inner\"><div class=\"wpb_wrapper\"><div class=\"wpb_text_column\"><div class=\"wpb_wrapper\"><h2>Pour d\u00e9couvrir S\u00e9ville autant que le flamenco<\/h2>\n<p>Le Real Alc\u00e1zar, San Luis de los Franceses, le Muelle de la Sal et la Real F\u00e1brica de Artiller\u00eda permettent au lieu lui-m\u00eame de faire partie de l\u2019exp\u00e9rience. Un r\u00e9cital dans un th\u00e9\u00e2tre conventionnel ne se vit pas comme une matin\u00e9e dans une \u00e9glise baroque ou une soir\u00e9e de chant au bord du Guadalquivir. Les trois soir\u00e9es initialement pr\u00e9vues dans la cour de l\u2019Hotel Triana auront d\u00e9sormais lieu au Muelle de la Sal.<\/p>\n<p>Pour un voyage m\u00ealant patrimoine et Biennale, nous privil\u00e9gierions au moins une repr\u00e9sentation dans l\u2019un de ces cadres. Notre guide des <a href=\"https:\/\/www.tablaosflamencos.com\/fr\/lieux-spectaculaires-biennale-flamenco-seville-2026.html\"><strong>lieux les plus spectaculaires de la Biennale<\/strong><\/a> peut vous aider \u00e0 choisir.<\/p>\n<\/div><\/div><\/div><\/div><\/div><\/div><\/div><\/section><section class=\"l-section wpb_row height_huge color_alternate with_shape\"><div class=\"l-section-shape type_zigzag pos_top\" style=\"height:3vmin;\"><svg xmlns=\"http:\/\/www.w3.org\/2000\/svg\" viewBox=\"0 0 64 8\" preserveAspectRatio=\"none\" width=\"100%\" height=\"100%\">\r\n\t<path fill=\"currentColor\" d=\"M64 8 L0 8 L0 0 L20 7.9 L40 3 L48 5 L64 0 Z\"\/>\r\n<\/svg><\/div><div class=\"l-section-shape type_zigzag pos_bottom\" style=\"height:3vmin;\"><svg xmlns=\"http:\/\/www.w3.org\/2000\/svg\" viewBox=\"0 0 64 8\" preserveAspectRatio=\"none\" width=\"100%\" height=\"100%\">\r\n\t<path fill=\"currentColor\" d=\"M64 8 L0 8 L0 0 L20 7.9 L40 3 L48 5 L64 0 Z\"\/>\r\n<\/svg><\/div><div class=\"l-section-h i-cf\"><div class=\"g-cols vc_row via_flex valign_top type_default stacking_default\"><div class=\"vc_col-sm-6 wpb_column vc_column_container\"><div class=\"vc_column-inner\"><div class=\"wpb_wrapper\"><div class=\"wpb_text_column\"><div class=\"wpb_wrapper\"><h2 id=\"logistica-14-20\">Les encha\u00eenements raisonnables<\/h2>\n<ul>\n<li><strong>Arc\u00e1ngel 20:00 + Muelle de la Sal 23:00 :<\/strong> raisonnable si le premier spectacle se termine avec suffisamment de marge et si vous sortez rapidement.<\/li>\n<li><strong>Antonio Reyes 20:00 + Muelle de la Sal 23:00 :<\/strong> possible en principe, mais pas garanti sans conna\u00eetre la dur\u00e9e r\u00e9elle.<\/li>\n<li><strong>Alejandro Hurtado 12:00 + un spectacle en soir\u00e9e :<\/strong> un encha\u00eenement confortable et conseill\u00e9.<\/li>\n<li><strong>Un spectacle en fin d\u2019apr\u00e8s-midi + Muelle de la Sal 23:00 :<\/strong> g\u00e9n\u00e9ralement la formule la plus logique pour jeudi, vendredi et samedi.<\/li>\n<li><strong>Jos\u00e9 Merc\u00e9 20:00 + Gala des jeunes artistes 22:30 :<\/strong> potentiellement trop juste ; v\u00e9rifiez la dur\u00e9e et le trajet avant de le pr\u00e9voir.<\/li>\n<\/ul>\n<\/div><\/div><\/div><\/div><\/div><div class=\"vc_col-sm-6 wpb_column vc_column_container\"><div class=\"vc_column-inner\"><div class=\"wpb_wrapper\"><div class=\"wpb_text_column\"><div class=\"wpb_wrapper\"><h2>Les encha\u00eenements \u00e0 \u00e9viter<\/h2>\n<ul>\n<li><strong>Israel Fern\u00e1ndez 21:30 + Ana Morales 22:00 :<\/strong> incompatibles.<\/li>\n<li><strong>Ana Morales 22:00 + Macarena L\u00f3pez 22:30 :<\/strong> incompatibles.<\/li>\n<li><strong>Rancapino Chico 21:30 + hommage \u00e0 Isabel Bay\u00f3n 22:30 :<\/strong> d\u00e9conseill\u00e9.<\/li>\n<li><strong>Xerezan\u00edas 21:30 + Jos\u00e9 del Tomate 22:30 :<\/strong> incompatibles.<\/li>\n<li><strong>Juan Requena 19:00 + Antonio Reyes 20:00 :<\/strong> incompatibles.<\/li>\n<li><strong>Mar\u00eda Mar\u00edn 19:00 + Ca\u00f1izares 20:00 :<\/strong> incompatibles.<\/li>\n<li><strong>Manuel de la Luz &amp; Manuel Im\u00e1n 19:00 + Jos\u00e9 Merc\u00e9 20:00 :<\/strong> incompatibles.<\/li>\n<\/ul>\n<p>\u00c0 la Biennale, mieux vaut renoncer \u00e0 une repr\u00e9sentation sur le papier que manquer r\u00e9ellement la moiti\u00e9 d\u2019un spectacle. Pr\u00e9voyez du temps pour entrer tranquillement, sortir du lieu et circuler dans une ville encore tr\u00e8s anim\u00e9e le soir en septembre.<\/p>\n<\/div><\/div><\/div><\/div><\/div><\/div><\/div><\/section><section class=\"l-section wpb_row height_huge\"><div class=\"l-section-h i-cf\"><div class=\"g-cols vc_row via_flex valign_top type_default stacking_default\"><div class=\"vc_col-sm-12 wpb_column vc_column_container\"><div class=\"vc_column-inner\"><div class=\"wpb_wrapper\"><div class=\"wpb_text_column\"><div class=\"wpb_wrapper\"><h2 style=\"text-align: center;\">Notre s\u00e9lection pour seulement quatre repr\u00e9sentations<\/h2>\n<p style=\"text-align: center;\"><strong>Israel Fern\u00e1ndez<\/strong> au Real Alc\u00e1zar pour l\u2019association du chant et du cadre ; <strong>Xerezan\u00edas<\/strong> pour le caract\u00e8re exceptionnel de la rencontre jerezane ; l\u2019une des <strong>trois soir\u00e9es au Muelle de la Sal<\/strong> pour l\u2019atmosph\u00e8re et le concept de soir\u00e9e unique ; et <strong>Jos\u00e9 Merc\u00e9<\/strong> au Teatro de la Maestranza pour terminer le dimanche en beaut\u00e9.<\/p>\n<p style=\"text-align: center;\">Pour privil\u00e9gier la guitare, nous remplacerions un ou deux de ces choix par <strong>Alejandro Hurtado<\/strong> \u00e0 San Luis et <strong>Ca\u00f1izares avec la ROSS<\/strong>. Pour la danse, le lundi doit s\u2019organiser autour d\u2019<strong>Ana Morales<\/strong> ou de <strong>Macarena L\u00f3pez<\/strong>.<\/p>\n<\/div><\/div><div class=\"w-separator size_medium\"><\/div><div class=\"w-hwrapper valign_top wrap stack_on_mobiles align_center\" style=\"--hwrapper-gap:1.2rem\"><div class=\"w-btn-wrapper align_none\"><a class=\"w-btn us-btn-style_1\" href=\"https:\/\/www.tablaosflamencos.com\/fr\/biennale-flamenco-seville\"><span class=\"w-btn-label\">D\u00e9couvrir la Biennale de Flamenco 2026<\/span><\/a><\/div><div class=\"w-btn-wrapper align_none\"><a class=\"w-btn us-btn-style_1\" href=\"https:\/\/www.tablaosflamencos.com\/fr\/nuits-uniques-biennale-flamenco-seville-2026.html\"><span class=\"w-btn-label\">Soir\u00e9es uniques 2026<\/span><\/a><\/div><div class=\"w-btn-wrapper align_none\"><a class=\"w-btn us-btn-style_1\" href=\"https:\/\/www.tablaosflamencos.com\/fr\/flamenco-a-seville\"><span class=\"w-btn-label\">Voir du flamenco \u00e0 S\u00e9ville<\/span><\/a><\/div><\/div><\/div><\/div><\/div><\/div><\/div><\/section><section class=\"l-section wpb_row height_huge color_alternate with_shape\"><div class=\"l-section-shape type_zigzag pos_top\" style=\"height:3vmin;\"><svg xmlns=\"http:\/\/www.w3.org\/2000\/svg\" viewBox=\"0 0 64 8\" preserveAspectRatio=\"none\" width=\"100%\" height=\"100%\">\r\n\t<path fill=\"currentColor\" d=\"M64 8 L0 8 L0 0 L20 7.9 L40 3 L48 5 L64 0 Z\"\/>\r\n<\/svg><\/div><div class=\"l-section-shape type_zigzag pos_bottom\" style=\"height:3vmin;\"><svg xmlns=\"http:\/\/www.w3.org\/2000\/svg\" viewBox=\"0 0 64 8\" preserveAspectRatio=\"none\" width=\"100%\" height=\"100%\">\r\n\t<path fill=\"currentColor\" d=\"M64 8 L0 8 L0 0 L20 7.9 L40 3 L48 5 L64 0 Z\"\/>\r\n<\/svg><\/div><div class=\"l-section-h i-cf\"><div class=\"g-cols vc_row via_flex valign_top type_default stacking_default\"><div class=\"vc_col-sm-1\/5 wpb_column vc_column_container\"><div class=\"vc_column-inner\"><div class=\"wpb_wrapper\"><\/div><\/div><\/div><div class=\"vc_col-sm-3\/5 wpb_column vc_column_container\"><div class=\"vc_column-inner\"><div class=\"wpb_wrapper\"><div class=\"wpb_text_column\"><div class=\"wpb_wrapper\"><h2 id=\"faq-14-20\" style=\"text-align: center;\">Questions fr\u00e9quentes sur la Biennale du 14 au 20 septembre<\/h2>\n<\/div><\/div><div class=\"w-separator size_medium\"><\/div><div class=\"w-tabs accordion toggle_style_1 has_scrolling\" style=\"--sections-title-size:inherit;--sections-gap:0.5rem;\"><div class=\"w-tabs-sections titles-align_none icon_chevron cpos_right\"><div class=\"w-tabs-section\" id=\"p36b\"><button type=\"button\" class=\"w-tabs-section-header\" aria-controls=\"content-p36b\" aria-expanded=\"false\"><div class=\"w-tabs-section-title\">Combien de repr\u00e9sentations la Biennale propose-t-elle du 14 au 20 septembre 2026 ?<\/div><div class=\"w-tabs-section-control\"><\/div><\/button><div  class=\"w-tabs-section-content\" id=\"content-p36b\"><div class=\"w-tabs-section-content-h i-cf\"><div class=\"wpb_text_column\"><div class=\"wpb_wrapper\"><p>Le programme officiel r\u00e9unit <strong>20 repr\u00e9sentations<\/strong> entre le lundi 14 et le dimanche 20 septembre, en comptant les deux repr\u00e9sentations de <em>Devenir de la guitarra<\/em> d\u2019Alejandro Hurtado et Enrique Solin\u00eds \u00e0 San Luis de los Franceses.<\/p>\n<\/div><\/div><\/div><\/div><\/div><div class=\"w-tabs-section\" id=\"f485\"><button type=\"button\" class=\"w-tabs-section-header\" aria-controls=\"content-f485\" aria-expanded=\"false\"><div class=\"w-tabs-section-title\">Que voir le lundi 14 septembre ?<\/div><div class=\"w-tabs-section-control\"><\/div><\/button><div  class=\"w-tabs-section-content\" id=\"content-f485\"><div class=\"w-tabs-section-content-h i-cf\"><div class=\"wpb_text_column\"><div class=\"wpb_wrapper\"><p>Le lundi propose Israel Fern\u00e1ndez avec <em>De oro y marfil<\/em> au Real Alc\u00e1zar \u00e0 21:30, Ana Morales avec <em>Rapsodia. Fantas\u00eda subterr\u00e1nea<\/em> \u00e0 la Real F\u00e1brica de Artiller\u00eda \u00e0 22:00 et Macarena L\u00f3pez avec <em>Sobre todas las cosas<\/em> au Teatro Alameda \u00e0 22:30.<\/p>\n<\/div><\/div><\/div><\/div><\/div><div class=\"w-tabs-section\" id=\"q570\"><button type=\"button\" class=\"w-tabs-section-header\" aria-controls=\"content-q570\" aria-expanded=\"false\"><div class=\"w-tabs-section-title\">Quand ont lieu les soir\u00e9es transf\u00e9r\u00e9es de l\u2019Hotel Triana au Muelle de la Sal ?<\/div><div class=\"w-tabs-section-control\"><\/div><\/button><div  class=\"w-tabs-section-content\" id=\"content-q570\"><div class=\"w-tabs-section-content-h i-cf\"><div class=\"wpb_text_column\"><div class=\"wpb_wrapper\"><p>Le Muelle de la Sal accueille d\u00e9sormais trois soir\u00e9es uniques cons\u00e9cutives, aux dates et horaires initialement pr\u00e9vus : <em>Mujeres Gitanas<\/em> le jeudi 17, <em>Uvitas negras<\/em> le vendredi 18 et <em>Andaluc\u00eda en el tiempo<\/em> le samedi 19, toutes \u00e0 23:00.<\/p>\n<\/div><\/div><\/div><\/div><\/div><div class=\"w-tabs-section\" id=\"u671\"><button type=\"button\" class=\"w-tabs-section-header\" aria-controls=\"content-u671\" aria-expanded=\"false\"><div class=\"w-tabs-section-title\">Quel jour Jos\u00e9 Merc\u00e9 chante-t-il \u00e0 la Biennale 2026 ?<\/div><div class=\"w-tabs-section-control\"><\/div><\/button><div  class=\"w-tabs-section-content\" id=\"content-u671\"><div class=\"w-tabs-section-content-h i-cf\"><div class=\"wpb_text_column\"><div class=\"wpb_wrapper\"><p>Jos\u00e9 Merc\u00e9 pr\u00e9sente <em>Toquen a rebato<\/em> le <strong>dimanche 20 septembre 2026 \u00e0 20:00<\/strong> au Teatro de la Maestranza.<\/p>\n<\/div><\/div><\/div><\/div><\/div><div class=\"w-tabs-section\" id=\"t755\"><button type=\"button\" class=\"w-tabs-section-header\" aria-controls=\"content-t755\" aria-expanded=\"false\"><div class=\"w-tabs-section-title\">Quels concerts de guitare se distinguent cette semaine ?<\/div><div class=\"w-tabs-section-control\"><\/div><\/button><div  class=\"w-tabs-section-content\" id=\"content-t755\"><div class=\"w-tabs-section-content-h i-cf\"><div class=\"wpb_text_column\"><div class=\"wpb_wrapper\"><p>Les principaux rendez-vous comprennent Jos\u00e9 del Tomate le mercredi 16, Juan Requena le vendredi 18, Alejandro Hurtado avec Enrique Solin\u00eds les samedi 19 et dimanche 20, Ca\u00f1izares avec l\u2019Orchestre symphonique royal de S\u00e9ville le samedi 19 et Manuel de la Luz avec Manuel Im\u00e1n le dimanche 20.<\/p>\n<\/div><\/div><\/div><\/div><\/div><div class=\"w-tabs-section\" id=\"x837\"><button type=\"button\" class=\"w-tabs-section-header\" aria-controls=\"content-x837\" aria-expanded=\"false\"><div class=\"w-tabs-section-title\">Y a-t-il des matin\u00e9es entre le 14 et le 20 septembre ?<\/div><div class=\"w-tabs-section-control\"><\/div><\/button><div  class=\"w-tabs-section-content\" id=\"content-x837\"><div class=\"w-tabs-section-content-h i-cf\"><div class=\"wpb_text_column\"><div class=\"wpb_wrapper\"><p>Oui. Alejandro Hurtado, avec la collaboration d\u2019Enrique Solin\u00eds, pr\u00e9sente <em>Devenir de la guitarra<\/em> les samedi 19 et dimanche 20 \u00e0 12:00 dans l\u2019\u00e9glise San Luis de los Franceses.<\/p>\n<\/div><\/div><\/div><\/div><\/div><div class=\"w-tabs-section\" id=\"m8fd\"><button type=\"button\" class=\"w-tabs-section-header\" aria-controls=\"content-m8fd\" aria-expanded=\"false\"><div class=\"w-tabs-section-title\">Quel jour compte le plus de repr\u00e9sentations ?<\/div><div class=\"w-tabs-section-control\"><\/div><\/button><div  class=\"w-tabs-section-content\" id=\"content-m8fd\"><div class=\"w-tabs-section-content-h i-cf\"><div class=\"wpb_text_column\"><div class=\"wpb_wrapper\"><p>Le samedi 19 et le dimanche 20 comptent chacun quatre repr\u00e9sentations. Le samedi, elles se r\u00e9partissent entre San Luis, Turina, Maestranza et Muelle de la Sal ; le dimanche, entre San Luis, Turina, Maestranza et Teatro Alameda.<\/p>\n<\/div><\/div><\/div><\/div><\/div><div class=\"w-tabs-section\" id=\"y9be\"><button type=\"button\" class=\"w-tabs-section-header\" aria-controls=\"content-y9be\" aria-expanded=\"false\"><div class=\"w-tabs-section-title\">Peut-on voir plusieurs spectacles le m\u00eame jour ?<\/div><div class=\"w-tabs-section-control\"><\/div><\/button><div  class=\"w-tabs-section-content\" id=\"content-y9be\"><div class=\"w-tabs-section-content-h i-cf\"><div class=\"wpb_text_column\"><div class=\"wpb_wrapper\"><p>Oui dans certains cas, notamment en combinant une matin\u00e9e avec un spectacle en soir\u00e9e, ou une repr\u00e9sentation plus t\u00f4t avec le Muelle de la Sal \u00e0 23:00. De nombreux rendez-vous se chevauchent toutefois. Nous d\u00e9conseillons de combiner des spectacles qui commencent \u00e0 seulement 30 ou 60 minutes d\u2019intervalle dans des lieux diff\u00e9rents.<\/p>\n<\/div><\/div><\/div><\/div><\/div><div class=\"w-tabs-section\" id=\"wa96\"><button type=\"button\" class=\"w-tabs-section-header\" aria-controls=\"content-wa96\" aria-expanded=\"false\"><div class=\"w-tabs-section-title\">O\u00f9 acheter les billets ?<\/div><div class=\"w-tabs-section-control\"><\/div><\/button><div  class=\"w-tabs-section-content\" id=\"content-wa96\"><div class=\"w-tabs-section-content-h i-cf\"><div class=\"wpb_text_column\"><div class=\"wpb_wrapper\"><p>Le plus s\u00fbr est de consulter le <a href=\"https:\/\/www.labienal.com\/programa-general\" target=\"_blank\" rel=\"noopener\"><strong>programme officiel de la Biennale<\/strong><\/a>, d\u2019ouvrir la fiche du spectacle et d\u2019utiliser le canal officiel de billetterie indiqu\u00e9. La disponibilit\u00e9 peut \u00e9voluer \u00e0 l\u2019approche des dates.<\/p>\n<\/div><\/div><\/div><\/div><\/div><\/div><\/div><\/div><\/div><\/div><div class=\"vc_col-sm-1\/5 wpb_column vc_column_container\"><div class=\"vc_column-inner\"><div class=\"wpb_wrapper\"><\/div><\/div><\/div><\/div><\/div><\/section>\n","protected":false},"excerpt":{"rendered":"<p>Le guide de la Biennale de Flamenco de S\u00e9ville du 14 au 20 septembre 2026 : programme complet, conseils par jour, parcours et encha\u00eenements r\u00e9alistes.<\/p>\n","protected":false},"author":1,"featured_media":14743,"comment_status":"closed","ping_status":"closed","sticky":false,"template":"","format":"standard","meta":{"_acf_changed":false,"wpai_generated_summary":"","_ayudawp_aiss_exclude":false,"_ayudawp_aiss_exclude_summary":false,"_ayudawp_aiss_summary":"","_ayudawp_aiss_summary_provider":"","_ayudawp_aiss_summary_hash":"","footnotes":""},"categories":[1428],"tags":[1238,1239,1240,1241,1155,1242],"class_list":["post-14754","post","type-post","status-publish","format-standard","has-post-thumbnail","hentry","category-biennale-de-flamenco","tag-agenda-flamenca","tag-bienal-2026","tag-bienal-de-flamenco","tag-festivales-flamencos","tag-flamenco-en-sevilla","tag-sevilla"],"acf":[],"yoast_head":"<!-- This site is optimized with the Yoast SEO Premium plugin v28.4 (Yoast SEO v28.4) - https:\/\/yoast.com\/product\/yoast-seo-premium-wordpress\/ -->\n<title>Biennale de S\u00e9ville : que voir du 14 au 20 septembre 2026<\/title>\n<meta name=\"description\" content=\"Le programme de la Biennale de Flamenco de S\u00e9ville du 14 au 20 septembre 2026 : 20 repr\u00e9sentations, horaires, conseils et parcours r\u00e9alistes.\" \/>\n<meta name=\"robots\" content=\"index, follow, max-snippet:-1, max-image-preview:large, max-video-preview:-1\" \/>\n<link rel=\"canonical\" href=\"https:\/\/www.tablaosflamencos.com\/fr\/biennale-flamenco-seville-14-20-septembre-2026.html\" \/>\n<meta property=\"og:locale\" content=\"fr_FR\" \/>\n<meta property=\"og:type\" content=\"article\" \/>\n<meta property=\"og:title\" content=\"Que voir \u00e0 la Biennale de Flamenco de S\u00e9ville du 14 au 20 septembre 2026\" \/>\n<meta property=\"og:description\" content=\"Le programme de la Biennale de Flamenco de S\u00e9ville du 14 au 20 septembre 2026 : 20 repr\u00e9sentations, horaires, conseils et parcours r\u00e9alistes.\" \/>\n<meta property=\"og:url\" content=\"https:\/\/www.tablaosflamencos.com\/fr\/biennale-flamenco-seville-14-20-septembre-2026.html\" \/>\n<meta property=\"og:site_name\" content=\"Tablaos Flamencos\" \/>\n<meta property=\"article:publisher\" content=\"https:\/\/www.facebook.com\/tablaosflamencos\" \/>\n<meta property=\"article:published_time\" content=\"2026-09-05T11:34:33+00:00\" \/>\n<meta property=\"article:modified_time\" content=\"2026-09-05T14:19:40+00:00\" \/>\n<meta property=\"og:image\" content=\"https:\/\/www.tablaosflamencos.com\/wp-content\/uploads\/que-ver-en-la-bienal-del-14-al-20-de-septiembre-de-2026-01.webp\" \/>\n\t<meta property=\"og:image:width\" content=\"1672\" \/>\n\t<meta property=\"og:image:height\" content=\"941\" \/>\n\t<meta property=\"og:image:type\" content=\"image\/webp\" \/>\n<meta name=\"author\" content=\"Miguel Ortiz\" \/>\n<meta name=\"twitter:card\" content=\"summary_large_image\" \/>\n<meta name=\"twitter:creator\" content=\"@tablaosflamenco\" \/>\n<meta name=\"twitter:site\" content=\"@tablaosflamenco\" \/>\n<meta name=\"twitter:label1\" content=\"\u00c9crit par\" \/>\n\t<meta name=\"twitter:data1\" content=\"Miguel Ortiz\" \/>\n\t<meta name=\"twitter:label2\" content=\"Dur\u00e9e de lecture estim\u00e9e\" \/>\n\t<meta name=\"twitter:data2\" content=\"26 minutes\" \/>\n<script type=\"application\/ld+json\" class=\"yoast-schema-graph\">{\"@context\":\"https:\\\/\\\/schema.org\",\"@graph\":[{\"@type\":\"Article\",\"@id\":\"https:\\\/\\\/www.tablaosflamencos.com\\\/fr\\\/biennale-flamenco-seville-14-20-septembre-2026.html#article\",\"isPartOf\":{\"@id\":\"https:\\\/\\\/www.tablaosflamencos.com\\\/fr\\\/biennale-flamenco-seville-14-20-septembre-2026.html\"},\"author\":{\"name\":\"Miguel Ortiz\",\"@id\":\"https:\\\/\\\/www.tablaosflamencos.com\\\/fr#\\\/schema\\\/person\\\/e7a9ebe14eb75a52ceabfbffb3c54f5d\"},\"headline\":\"Que voir \u00e0 la Biennale de Flamenco de S\u00e9ville du 14 au 20 septembre 2026\",\"datePublished\":\"2026-09-05T11:34:33+00:00\",\"dateModified\":\"2026-09-05T14:19:40+00:00\",\"mainEntityOfPage\":{\"@id\":\"https:\\\/\\\/www.tablaosflamencos.com\\\/fr\\\/biennale-flamenco-seville-14-20-septembre-2026.html\"},\"wordCount\":5329,\"publisher\":{\"@id\":\"https:\\\/\\\/www.tablaosflamencos.com\\\/fr#organization\"},\"image\":{\"@id\":\"https:\\\/\\\/www.tablaosflamencos.com\\\/fr\\\/biennale-flamenco-seville-14-20-septembre-2026.html#primaryimage\"},\"thumbnailUrl\":\"https:\\\/\\\/www.tablaosflamencos.com\\\/wp-content\\\/uploads\\\/que-ver-en-la-bienal-del-14-al-20-de-septiembre-de-2026-01.webp\",\"keywords\":[\"agenda flamenca\",\"Bienal 2026\",\"Bienal de Flamenco\",\"festivales flamencos\",\"flamenco en Sevilla\",\"sevilla\"],\"articleSection\":[\"Biennale de Flamenco\"],\"inLanguage\":\"fr-FR\"},{\"@type\":\"WebPage\",\"@id\":\"https:\\\/\\\/www.tablaosflamencos.com\\\/fr\\\/biennale-flamenco-seville-14-20-septembre-2026.html\",\"url\":\"https:\\\/\\\/www.tablaosflamencos.com\\\/fr\\\/biennale-flamenco-seville-14-20-septembre-2026.html\",\"name\":\"Biennale de S\u00e9ville : que voir du 14 au 20 septembre 2026\",\"isPartOf\":{\"@id\":\"https:\\\/\\\/www.tablaosflamencos.com\\\/fr#website\"},\"primaryImageOfPage\":{\"@id\":\"https:\\\/\\\/www.tablaosflamencos.com\\\/fr\\\/biennale-flamenco-seville-14-20-septembre-2026.html#primaryimage\"},\"image\":{\"@id\":\"https:\\\/\\\/www.tablaosflamencos.com\\\/fr\\\/biennale-flamenco-seville-14-20-septembre-2026.html#primaryimage\"},\"thumbnailUrl\":\"https:\\\/\\\/www.tablaosflamencos.com\\\/wp-content\\\/uploads\\\/que-ver-en-la-bienal-del-14-al-20-de-septiembre-de-2026-01.webp\",\"datePublished\":\"2026-09-05T11:34:33+00:00\",\"dateModified\":\"2026-09-05T14:19:40+00:00\",\"description\":\"Le programme de la Biennale de Flamenco de S\u00e9ville du 14 au 20 septembre 2026 : 20 repr\u00e9sentations, horaires, conseils et parcours r\u00e9alistes.\",\"breadcrumb\":{\"@id\":\"https:\\\/\\\/www.tablaosflamencos.com\\\/fr\\\/biennale-flamenco-seville-14-20-septembre-2026.html#breadcrumb\"},\"inLanguage\":\"fr-FR\",\"potentialAction\":[{\"@type\":\"ReadAction\",\"target\":[\"https:\\\/\\\/www.tablaosflamencos.com\\\/fr\\\/biennale-flamenco-seville-14-20-septembre-2026.html\"]}]},{\"@type\":\"ImageObject\",\"inLanguage\":\"fr-FR\",\"@id\":\"https:\\\/\\\/www.tablaosflamencos.com\\\/fr\\\/biennale-flamenco-seville-14-20-septembre-2026.html#primaryimage\",\"url\":\"https:\\\/\\\/www.tablaosflamencos.com\\\/wp-content\\\/uploads\\\/que-ver-en-la-bienal-del-14-al-20-de-septiembre-de-2026-01.webp\",\"contentUrl\":\"https:\\\/\\\/www.tablaosflamencos.com\\\/wp-content\\\/uploads\\\/que-ver-en-la-bienal-del-14-al-20-de-septiembre-de-2026-01.webp\",\"width\":1672,\"height\":941,\"caption\":\"Qu\u00e9 ver en la Bienal del 14 al 20 de septiembre de 2026\"},{\"@type\":\"BreadcrumbList\",\"@id\":\"https:\\\/\\\/www.tablaosflamencos.com\\\/fr\\\/biennale-flamenco-seville-14-20-septembre-2026.html#breadcrumb\",\"itemListElement\":[{\"@type\":\"ListItem\",\"position\":1,\"name\":\"Home\",\"item\":\"https:\\\/\\\/www.tablaosflamencos.com\\\/fr\"},{\"@type\":\"ListItem\",\"position\":2,\"name\":\"Que voir \u00e0 la Biennale de Flamenco de S\u00e9ville du 14 au 20 septembre 2026\"}]},{\"@type\":\"WebSite\",\"@id\":\"https:\\\/\\\/www.tablaosflamencos.com\\\/fr#website\",\"url\":\"https:\\\/\\\/www.tablaosflamencos.com\\\/fr\",\"name\":\"Tablaos Flamencos\",\"description\":\"Entradas para tablaos flamencos de Espa\u00f1a\",\"publisher\":{\"@id\":\"https:\\\/\\\/www.tablaosflamencos.com\\\/fr#organization\"},\"alternateName\":\"Tablaos Flamencos\",\"potentialAction\":[{\"@type\":\"SearchAction\",\"target\":{\"@type\":\"EntryPoint\",\"urlTemplate\":\"https:\\\/\\\/www.tablaosflamencos.com\\\/fr?s={search_term_string}\"},\"query-input\":{\"@type\":\"PropertyValueSpecification\",\"valueRequired\":true,\"valueName\":\"search_term_string\"}}],\"inLanguage\":\"fr-FR\"},{\"@type\":[\"Organization\",\"Place\",\"EntertainmentBusiness\"],\"@id\":\"https:\\\/\\\/www.tablaosflamencos.com\\\/fr#organization\",\"name\":\"Tablaos Flamencos\",\"alternateName\":\"Tablaos Flamencos\",\"url\":\"https:\\\/\\\/www.tablaosflamencos.com\\\/fr\",\"logo\":{\"@id\":\"https:\\\/\\\/www.tablaosflamencos.com\\\/fr\\\/biennale-flamenco-seville-14-20-septembre-2026.html#local-main-organization-logo\"},\"image\":{\"@id\":\"https:\\\/\\\/www.tablaosflamencos.com\\\/fr\\\/biennale-flamenco-seville-14-20-septembre-2026.html#local-main-organization-logo\"},\"sameAs\":[\"https:\\\/\\\/www.facebook.com\\\/tablaosflamencos\",\"https:\\\/\\\/x.com\\\/tablaosflamenco\",\"https:\\\/\\\/mastodon.social\\\/@tablaosflamencos\",\"https:\\\/\\\/www.instagram.com\\\/tablaosflamencos\",\"https:\\\/\\\/tiktok.com\\\/@tablaosflamencos\",\"https:\\\/\\\/www.linkedin.com\\\/company\\\/109408238\\\/\"],\"description\":\"Venta de entradas para espect\u00e1culos flamencos\",\"legalName\":\"Tablaos Flamencos\",\"foundingDate\":\"2015-01-01\",\"numberOfEmployees\":{\"@type\":\"QuantitativeValue\",\"minValue\":\"1\",\"maxValue\":\"10\"},\"address\":{\"@id\":\"https:\\\/\\\/www.tablaosflamencos.com\\\/fr\\\/biennale-flamenco-seville-14-20-septembre-2026.html#local-main-place-address\"},\"geo\":{\"@type\":\"GeoCoordinates\",\"latitude\":\"37.3868072\",\"longitude\":\"-5.993280299999999\"},\"telephone\":[\"+34623787787\"],\"contactPoint\":{\"@type\":\"ContactPoint\",\"telephone\":\"+34623787787\",\"email\":\"info@tablaosflamencos.com\"},\"openingHoursSpecification\":{\"@type\":\"OpeningHoursSpecification\",\"dayOfWeek\":[\"Monday\",\"Tuesday\",\"Wednesday\",\"Thursday\",\"Friday\",\"Saturday\",\"Sunday\"],\"opens\":\"00:00\",\"closes\":\"23:59\"},\"email\":\"info@tablaosflamencos.com\",\"priceRange\":\"$$$\",\"currenciesAccepted\":\"\u20ac\"},{\"@type\":\"Person\",\"@id\":\"https:\\\/\\\/www.tablaosflamencos.com\\\/fr#\\\/schema\\\/person\\\/e7a9ebe14eb75a52ceabfbffb3c54f5d\",\"name\":\"Miguel Ortiz\",\"description\":\"Miguel Ortiz es un empresario flamenco, con una s\u00f3lida trayectoria dentro del sector. Ha presidido entidades culturales vinculadas al flamenco y, cuenta con un amplio recorrido profesional en la gesti\u00f3n y promoci\u00f3n de espect\u00e1culos y tablaos flamencos. Su pasi\u00f3n por la historia y el arte flamenco se refleja en cada art\u00edculo, donde combina experiencia, criterio y un profundo respeto por la tradici\u00f3n.\",\"sameAs\":[\"https:\\\/\\\/www.tablaosflamencos.com\",\"https:\\\/\\\/www.instagra.com\\\/miguelortizfe\",\"https:\\\/\\\/www.linkedin.com\\\/in\\\/miguelortizf\\\/\"],\"birthDate\":\"1984-11-22\",\"gender\":\"hombre\",\"knowsLanguage\":[\"espa\u00f1ol\",\"ingl\u00e9s\"],\"jobTitle\":\"Empresario flamenco\"},{\"@type\":\"PostalAddress\",\"@id\":\"https:\\\/\\\/www.tablaosflamencos.com\\\/fr\\\/biennale-flamenco-seville-14-20-septembre-2026.html#local-main-place-address\",\"streetAddress\":\"C\\\/ Alemanes, 19\",\"addressLocality\":\"Sevilla\",\"postalCode\":\"41004\",\"addressRegion\":\"Sevilla\",\"addressCountry\":\"ES\"},{\"@type\":\"ImageObject\",\"inLanguage\":\"fr-FR\",\"@id\":\"https:\\\/\\\/www.tablaosflamencos.com\\\/fr\\\/biennale-flamenco-seville-14-20-septembre-2026.html#local-main-organization-logo\",\"url\":\"https:\\\/\\\/www.tablaosflamencos.com\\\/wp-content\\\/uploads\\\/tablaos-flamencos-06-3.webp\",\"contentUrl\":\"https:\\\/\\\/www.tablaosflamencos.com\\\/wp-content\\\/uploads\\\/tablaos-flamencos-06-3.webp\",\"width\":600,\"height\":620,\"caption\":\"Tablaos Flamencos\"}]}<\/script>\n<meta name=\"geo.placename\" content=\"Sevilla\" \/>\n<meta name=\"geo.position\" content=\"37.3868072;-5.993280299999999\" \/>\n<meta name=\"geo.region\" content=\"Espagne\" \/>\n<!-- \/ Yoast SEO Premium plugin. -->","yoast_head_json":{"title":"Biennale de S\u00e9ville : que voir du 14 au 20 septembre 2026","description":"Le programme de la Biennale de Flamenco de S\u00e9ville du 14 au 20 septembre 2026 : 20 repr\u00e9sentations, horaires, conseils et parcours r\u00e9alistes.","robots":{"index":"index","follow":"follow","max-snippet":"max-snippet:-1","max-image-preview":"max-image-preview:large","max-video-preview":"max-video-preview:-1"},"canonical":"https:\/\/www.tablaosflamencos.com\/fr\/biennale-flamenco-seville-14-20-septembre-2026.html","og_locale":"fr_FR","og_type":"article","og_title":"Que voir \u00e0 la Biennale de Flamenco de S\u00e9ville du 14 au 20 septembre 2026","og_description":"Le programme de la Biennale de Flamenco de S\u00e9ville du 14 au 20 septembre 2026 : 20 repr\u00e9sentations, horaires, conseils et parcours r\u00e9alistes.","og_url":"https:\/\/www.tablaosflamencos.com\/fr\/biennale-flamenco-seville-14-20-septembre-2026.html","og_site_name":"Tablaos Flamencos","article_publisher":"https:\/\/www.facebook.com\/tablaosflamencos","article_published_time":"2026-09-05T11:34:33+00:00","article_modified_time":"2026-09-05T14:19:40+00:00","og_image":[{"width":1672,"height":941,"url":"https:\/\/www.tablaosflamencos.com\/wp-content\/uploads\/que-ver-en-la-bienal-del-14-al-20-de-septiembre-de-2026-01.webp","type":"image\/webp"}],"author":"Miguel Ortiz","twitter_card":"summary_large_image","twitter_creator":"@tablaosflamenco","twitter_site":"@tablaosflamenco","twitter_misc":{"\u00c9crit par":"Miguel Ortiz","Dur\u00e9e de lecture estim\u00e9e":"26 minutes"},"schema":{"@context":"https:\/\/schema.org","@graph":[{"@type":"Article","@id":"https:\/\/www.tablaosflamencos.com\/fr\/biennale-flamenco-seville-14-20-septembre-2026.html#article","isPartOf":{"@id":"https:\/\/www.tablaosflamencos.com\/fr\/biennale-flamenco-seville-14-20-septembre-2026.html"},"author":{"name":"Miguel Ortiz","@id":"https:\/\/www.tablaosflamencos.com\/fr#\/schema\/person\/e7a9ebe14eb75a52ceabfbffb3c54f5d"},"headline":"Que voir \u00e0 la Biennale de Flamenco de S\u00e9ville du 14 au 20 septembre 2026","datePublished":"2026-09-05T11:34:33+00:00","dateModified":"2026-09-05T14:19:40+00:00","mainEntityOfPage":{"@id":"https:\/\/www.tablaosflamencos.com\/fr\/biennale-flamenco-seville-14-20-septembre-2026.html"},"wordCount":5329,"publisher":{"@id":"https:\/\/www.tablaosflamencos.com\/fr#organization"},"image":{"@id":"https:\/\/www.tablaosflamencos.com\/fr\/biennale-flamenco-seville-14-20-septembre-2026.html#primaryimage"},"thumbnailUrl":"https:\/\/www.tablaosflamencos.com\/wp-content\/uploads\/que-ver-en-la-bienal-del-14-al-20-de-septiembre-de-2026-01.webp","keywords":["agenda flamenca","Bienal 2026","Bienal de Flamenco","festivales flamencos","flamenco en Sevilla","sevilla"],"articleSection":["Biennale de Flamenco"],"inLanguage":"fr-FR"},{"@type":"WebPage","@id":"https:\/\/www.tablaosflamencos.com\/fr\/biennale-flamenco-seville-14-20-septembre-2026.html","url":"https:\/\/www.tablaosflamencos.com\/fr\/biennale-flamenco-seville-14-20-septembre-2026.html","name":"Biennale de S\u00e9ville : que voir du 14 au 20 septembre 2026","isPartOf":{"@id":"https:\/\/www.tablaosflamencos.com\/fr#website"},"primaryImageOfPage":{"@id":"https:\/\/www.tablaosflamencos.com\/fr\/biennale-flamenco-seville-14-20-septembre-2026.html#primaryimage"},"image":{"@id":"https:\/\/www.tablaosflamencos.com\/fr\/biennale-flamenco-seville-14-20-septembre-2026.html#primaryimage"},"thumbnailUrl":"https:\/\/www.tablaosflamencos.com\/wp-content\/uploads\/que-ver-en-la-bienal-del-14-al-20-de-septiembre-de-2026-01.webp","datePublished":"2026-09-05T11:34:33+00:00","dateModified":"2026-09-05T14:19:40+00:00","description":"Le programme de la Biennale de Flamenco de S\u00e9ville du 14 au 20 septembre 2026 : 20 repr\u00e9sentations, horaires, conseils et parcours r\u00e9alistes.","breadcrumb":{"@id":"https:\/\/www.tablaosflamencos.com\/fr\/biennale-flamenco-seville-14-20-septembre-2026.html#breadcrumb"},"inLanguage":"fr-FR","potentialAction":[{"@type":"ReadAction","target":["https:\/\/www.tablaosflamencos.com\/fr\/biennale-flamenco-seville-14-20-septembre-2026.html"]}]},{"@type":"ImageObject","inLanguage":"fr-FR","@id":"https:\/\/www.tablaosflamencos.com\/fr\/biennale-flamenco-seville-14-20-septembre-2026.html#primaryimage","url":"https:\/\/www.tablaosflamencos.com\/wp-content\/uploads\/que-ver-en-la-bienal-del-14-al-20-de-septiembre-de-2026-01.webp","contentUrl":"https:\/\/www.tablaosflamencos.com\/wp-content\/uploads\/que-ver-en-la-bienal-del-14-al-20-de-septiembre-de-2026-01.webp","width":1672,"height":941,"caption":"Qu\u00e9 ver en la Bienal del 14 al 20 de septiembre de 2026"},{"@type":"BreadcrumbList","@id":"https:\/\/www.tablaosflamencos.com\/fr\/biennale-flamenco-seville-14-20-septembre-2026.html#breadcrumb","itemListElement":[{"@type":"ListItem","position":1,"name":"Home","item":"https:\/\/www.tablaosflamencos.com\/fr"},{"@type":"ListItem","position":2,"name":"Que voir \u00e0 la Biennale de Flamenco de S\u00e9ville du 14 au 20 septembre 2026"}]},{"@type":"WebSite","@id":"https:\/\/www.tablaosflamencos.com\/fr#website","url":"https:\/\/www.tablaosflamencos.com\/fr","name":"Tablaos Flamencos","description":"Entradas para tablaos flamencos de Espa\u00f1a","publisher":{"@id":"https:\/\/www.tablaosflamencos.com\/fr#organization"},"alternateName":"Tablaos Flamencos","potentialAction":[{"@type":"SearchAction","target":{"@type":"EntryPoint","urlTemplate":"https:\/\/www.tablaosflamencos.com\/fr?s={search_term_string}"},"query-input":{"@type":"PropertyValueSpecification","valueRequired":true,"valueName":"search_term_string"}}],"inLanguage":"fr-FR"},{"@type":["Organization","Place","EntertainmentBusiness"],"@id":"https:\/\/www.tablaosflamencos.com\/fr#organization","name":"Tablaos Flamencos","alternateName":"Tablaos Flamencos","url":"https:\/\/www.tablaosflamencos.com\/fr","logo":{"@id":"https:\/\/www.tablaosflamencos.com\/fr\/biennale-flamenco-seville-14-20-septembre-2026.html#local-main-organization-logo"},"image":{"@id":"https:\/\/www.tablaosflamencos.com\/fr\/biennale-flamenco-seville-14-20-septembre-2026.html#local-main-organization-logo"},"sameAs":["https:\/\/www.facebook.com\/tablaosflamencos","https:\/\/x.com\/tablaosflamenco","https:\/\/mastodon.social\/@tablaosflamencos","https:\/\/www.instagram.com\/tablaosflamencos","https:\/\/tiktok.com\/@tablaosflamencos","https:\/\/www.linkedin.com\/company\/109408238\/"],"description":"Venta de entradas para espect\u00e1culos flamencos","legalName":"Tablaos Flamencos","foundingDate":"2015-01-01","numberOfEmployees":{"@type":"QuantitativeValue","minValue":"1","maxValue":"10"},"address":{"@id":"https:\/\/www.tablaosflamencos.com\/fr\/biennale-flamenco-seville-14-20-septembre-2026.html#local-main-place-address"},"geo":{"@type":"GeoCoordinates","latitude":"37.3868072","longitude":"-5.993280299999999"},"telephone":["+34623787787"],"contactPoint":{"@type":"ContactPoint","telephone":"+34623787787","email":"info@tablaosflamencos.com"},"openingHoursSpecification":{"@type":"OpeningHoursSpecification","dayOfWeek":["Monday","Tuesday","Wednesday","Thursday","Friday","Saturday","Sunday"],"opens":"00:00","closes":"23:59"},"email":"info@tablaosflamencos.com","priceRange":"$$$","currenciesAccepted":"\u20ac"},{"@type":"Person","@id":"https:\/\/www.tablaosflamencos.com\/fr#\/schema\/person\/e7a9ebe14eb75a52ceabfbffb3c54f5d","name":"Miguel Ortiz","description":"Miguel Ortiz es un empresario flamenco, con una s\u00f3lida trayectoria dentro del sector. Ha presidido entidades culturales vinculadas al flamenco y, cuenta con un amplio recorrido profesional en la gesti\u00f3n y promoci\u00f3n de espect\u00e1culos y tablaos flamencos. Su pasi\u00f3n por la historia y el arte flamenco se refleja en cada art\u00edculo, donde combina experiencia, criterio y un profundo respeto por la tradici\u00f3n.","sameAs":["https:\/\/www.tablaosflamencos.com","https:\/\/www.instagra.com\/miguelortizfe","https:\/\/www.linkedin.com\/in\/miguelortizf\/"],"birthDate":"1984-11-22","gender":"hombre","knowsLanguage":["espa\u00f1ol","ingl\u00e9s"],"jobTitle":"Empresario flamenco"},{"@type":"PostalAddress","@id":"https:\/\/www.tablaosflamencos.com\/fr\/biennale-flamenco-seville-14-20-septembre-2026.html#local-main-place-address","streetAddress":"C\/ Alemanes, 19","addressLocality":"Sevilla","postalCode":"41004","addressRegion":"Sevilla","addressCountry":"ES"},{"@type":"ImageObject","inLanguage":"fr-FR","@id":"https:\/\/www.tablaosflamencos.com\/fr\/biennale-flamenco-seville-14-20-septembre-2026.html#local-main-organization-logo","url":"https:\/\/www.tablaosflamencos.com\/wp-content\/uploads\/tablaos-flamencos-06-3.webp","contentUrl":"https:\/\/www.tablaosflamencos.com\/wp-content\/uploads\/tablaos-flamencos-06-3.webp","width":600,"height":620,"caption":"Tablaos Flamencos"}]},"geo.placename":"Sevilla","geo.position":{"lat":"37.3868072","long":"-5.993280299999999"},"geo.region":"Espagne"},"_links":{"self":[{"href":"https:\/\/www.tablaosflamencos.com\/fr\/wp-json\/wp\/v2\/posts\/14754","targetHints":{"allow":["GET"]}}],"collection":[{"href":"https:\/\/www.tablaosflamencos.com\/fr\/wp-json\/wp\/v2\/posts"}],"about":[{"href":"https:\/\/www.tablaosflamencos.com\/fr\/wp-json\/wp\/v2\/types\/post"}],"author":[{"embeddable":true,"href":"https:\/\/www.tablaosflamencos.com\/fr\/wp-json\/wp\/v2\/users\/1"}],"replies":[{"embeddable":true,"href":"https:\/\/www.tablaosflamencos.com\/fr\/wp-json\/wp\/v2\/comments?post=14754"}],"version-history":[{"count":7,"href":"https:\/\/www.tablaosflamencos.com\/fr\/wp-json\/wp\/v2\/posts\/14754\/revisions"}],"predecessor-version":[{"id":14921,"href":"https:\/\/www.tablaosflamencos.com\/fr\/wp-json\/wp\/v2\/posts\/14754\/revisions\/14921"}],"wp:featuredmedia":[{"embeddable":true,"href":"https:\/\/www.tablaosflamencos.com\/fr\/wp-json\/wp\/v2\/media\/14743"}],"wp:attachment":[{"href":"https:\/\/www.tablaosflamencos.com\/fr\/wp-json\/wp\/v2\/media?parent=14754"}],"wp:term":[{"taxonomy":"category","embeddable":true,"href":"https:\/\/www.tablaosflamencos.com\/fr\/wp-json\/wp\/v2\/categories?post=14754"},{"taxonomy":"post_tag","embeddable":true,"href":"https:\/\/www.tablaosflamencos.com\/fr\/wp-json\/wp\/v2\/tags?post=14754"}],"curies":[{"name":"wp","href":"https:\/\/api.w.org\/{rel}","templated":true}]}}