{"id":14716,"date":"2026-09-05T12:21:41","date_gmt":"2026-09-05T10:21:41","guid":{"rendered":"https:\/\/www.tablaosflamencos.com\/?p=14716"},"modified":"2026-09-05T12:47:56","modified_gmt":"2026-09-05T10:47:56","slug":"que-faire-seville-pendant-biennale-flamenco-2026","status":"publish","type":"post","link":"https:\/\/www.tablaosflamencos.com\/fr\/que-faire-seville-pendant-biennale-flamenco-2026.html","title":{"rendered":"Que faire \u00e0 S\u00e9ville pendant la Biennale de Flamenco 2026"},"content":{"rendered":"<section class=\"l-section wpb_row height_huge\"><div class=\"l-section-h i-cf\"><div class=\"g-cols vc_row via_flex valign_middle type_default stacking_default\"><div class=\"vc_col-sm-6 wpb_column vc_column_container\"><div class=\"vc_column-inner\"><div class=\"wpb_wrapper\"><div class=\"wpb_text_column\"><div class=\"wpb_wrapper\"><h2>S\u00e9ville pendant la Biennale : bien plus que passer d\u2019un spectacle \u00e0 l\u2019autre<\/h2>\n<p>La <strong>Biennale de Flamenco de S\u00e9ville 2026<\/strong> se d\u00e9roule du <strong>9 septembre au 3 octobre<\/strong> et, pendant ces semaines, la ville change de rythme. Les grands th\u00e9\u00e2tres, les lieux historiques et les sc\u00e8nes en plein air accueillent une programmation exceptionnelle, mais limiter sa visite aux seuls spectacles revient \u00e0 manquer une part importante de l\u2019exp\u00e9rience.<\/p>\n<p>La Biennale se vit aussi le matin, entre deux repr\u00e9sentations et apr\u00e8s le dernier spectacle. Expositions gratuites, flamenco dans la rue, quartiers li\u00e9s \u00e0 l\u2019histoire de cet art, march\u00e9s, terrasses, monuments, promenades au bord du Guadalquivir et programmation r\u00e9guli\u00e8re des tablaos compl\u00e8tent le programme officiel.<\/p>\n<p>Ce guide s\u2019adresse aux visiteurs de S\u00e9ville pendant la Biennale qui souhaitent organiser leur journ\u00e9e enti\u00e8re : <strong>que faire avant une repr\u00e9sentation, comment profiter du temps entre deux spectacles et o\u00f9 prolonger la soir\u00e9e flamenca<\/strong>.<\/p>\n<\/div><\/div><\/div><\/div><\/div><div class=\"vc_col-sm-6 wpb_column vc_column_container\"><div class=\"vc_column-inner\"><div class=\"wpb_wrapper\"><div class=\"wpb_text_column\"><div class=\"wpb_wrapper\"><blockquote>\n<p style=\"margin: 0;\"><strong>R\u00e9ponse rapide :<\/strong> pendant la Biennale de Flamenco 2026, vous pouvez associer le programme officiel \u00e0 l\u2019exposition gratuite <em>La noche azul<\/em>, aux activit\u00e9s d\u2019\u00ab Otras perlas \u00bb, aux promenades dans Triana et le centre historique, aux visites du Real Alc\u00e1zar, de la Cath\u00e9drale ou de la Plaza de Espa\u00f1a, \u00e0 la gastronomie s\u00e9villane et aux spectacles de flamenco hors programme officiel. L\u2019essentiel est d\u2019organiser la journ\u00e9e par quartiers pour limiter les d\u00e9placements.<\/p>\n<\/blockquote>\n<\/div><\/div><\/div><\/div><\/div><\/div><\/div><\/section><section class=\"l-section wpb_row height_huge\"><div class=\"l-section-h i-cf\"><div class=\"g-cols vc_row via_flex valign_top type_default stacking_default\"><div class=\"vc_col-sm-3 wpb_column vc_column_container\"><div class=\"vc_column-inner\"><div class=\"wpb_wrapper\"><\/div><\/div><\/div><div class=\"vc_col-sm-6 wpb_column vc_column_container\"><div class=\"vc_column-inner\"><div class=\"wpb_wrapper\"><div class=\"wpb_text_column\"><div class=\"wpb_wrapper\"><h2>Que faire \u00e0 S\u00e9ville pendant la Biennale de Flamenco 2026<\/h2>\n<ul>\n<li><a href=\"#manana\">Que faire le matin<\/a><\/li>\n<li><a href=\"#otras-perlas\">Les activit\u00e9s parall\u00e8les de la Biennale<\/a><\/li>\n<li><a href=\"#barrios\">Les quartiers \u00e0 d\u00e9couvrir<\/a><\/li>\n<li><a href=\"#entre-espectaculos\">Que faire entre deux spectacles<\/a><\/li>\n<li><a href=\"#comer\">Quelle place r\u00e9server \u00e0 la gastronomie s\u00e9villane<\/a><\/li>\n<li><a href=\"#noche\">Comment prolonger la soir\u00e9e apr\u00e8s une repr\u00e9sentation de la Biennale<\/a><\/li>\n<li><a href=\"#itinerarios\">Trois itin\u00e9raires pratiques<\/a><\/li>\n<li><a href=\"#consejos\">Conseils pour organiser votre s\u00e9jour<\/a><\/li>\n<li><a href=\"#faq\">Questions fr\u00e9quentes<\/a><\/li>\n<\/ul>\n<p>Si vous \u00eates encore en train de choisir les repr\u00e9sentations auxquelles assister, consultez d\u2019abord notre <a href=\"https:\/\/www.tablaosflamencos.com\/fr\/biennale-flamenco-seville-2026.html\"><strong>guide complet de la Biennale de Flamenco de S\u00e9ville 2026<\/strong><\/a>, avec le programme, les dates et les lieux.<\/p>\n<\/div><\/div><\/div><\/div><\/div><div class=\"vc_col-sm-3 wpb_column vc_column_container\"><div class=\"vc_column-inner\"><div class=\"wpb_wrapper\"><\/div><\/div><\/div><\/div><\/div><\/section><section class=\"l-section wpb_row height_huge color_alternate with_shape\"><div class=\"l-section-shape type_zigzag pos_top hor_flip\" style=\"height:3vmin;\"><svg xmlns=\"http:\/\/www.w3.org\/2000\/svg\" viewBox=\"0 0 64 8\" preserveAspectRatio=\"none\" width=\"100%\" height=\"100%\">\r\n\t<path fill=\"currentColor\" d=\"M64 8 L0 8 L0 0 L20 7.9 L40 3 L48 5 L64 0 Z\"\/>\r\n<\/svg><\/div><div class=\"l-section-shape type_zigzag pos_bottom\" style=\"height:3vmin;\"><svg xmlns=\"http:\/\/www.w3.org\/2000\/svg\" viewBox=\"0 0 64 8\" preserveAspectRatio=\"none\" width=\"100%\" height=\"100%\">\r\n\t<path fill=\"currentColor\" d=\"M64 8 L0 8 L0 0 L20 7.9 L40 3 L48 5 L64 0 Z\"\/>\r\n<\/svg><\/div><div class=\"l-section-h i-cf\"><div class=\"g-cols vc_row via_flex valign_top type_default stacking_default\"><div class=\"vc_col-sm-12 wpb_column vc_column_container\"><div class=\"vc_column-inner\"><div class=\"wpb_wrapper\"><div class=\"wpb_text_column\"><div class=\"wpb_wrapper\"><h2 id=\"manana\">Le matin : S\u00e9ville avant que le flamenco ne commence<\/h2>\n<p>La plupart des spectacles de la Biennale ont lieu l\u2019apr\u00e8s-midi et le soir, m\u00eame si des matin\u00e9es et des activit\u00e9s sp\u00e9ciales sont \u00e9galement propos\u00e9es. Cela laisse de nombreuses matin\u00e9es libres pour d\u00e9couvrir S\u00e9ville sans renoncer aux repr\u00e9sentations.<\/p>\n<h3>Le Real Alc\u00e1zar et le quartier de Santa Cruz<\/h3>\n<p>Le Real Alc\u00e1zar pr\u00e9sente un int\u00e9r\u00eat particulier lors de cette \u00e9dition, car il figure \u00e9galement parmi les lieux de la Biennale. Le visiter le matin permet de mieux appr\u00e9cier la dimension patrimoniale d\u2019une programmation qui transforme des b\u00e2timents historiques en sc\u00e8nes.<\/p>\n<p>Vous pouvez ensuite parcourir Santa Cruz, rejoindre la Cath\u00e9drale et la Giralda, puis continuer jusqu\u2019aux Archives des Indes. Cet ensemble se trouve \u00e0 courte distance de marche de plusieurs lieux habituels de la Biennale : un choix pratique lorsque vous avez une repr\u00e9sentation dans le centre l\u2019apr\u00e8s-midi.<\/p>\n<p>Pour d\u00e9couvrir plus pr\u00e9cis\u00e9ment la programmation dans ce monument, consultez notre guide consacr\u00e9 au <a href=\"https:\/\/www.tablaosflamencos.com\/fr\/flamenco-real-alcazar-biennale-seville-2026.html\"><strong>flamenco au Real Alc\u00e1zar pendant la Biennale 2026<\/strong><\/a>.<\/p>\n<h3>Plaza de Espa\u00f1a et parc de Mar\u00eda Luisa<\/h3>\n<p>Une autre option facile pour la matin\u00e9e consiste \u00e0 parcourir le parc de Mar\u00eda Luisa et la Plaza de Espa\u00f1a. Ce secteur est particuli\u00e8rement pratique si vous assistez ensuite \u00e0 une repr\u00e9sentation au Teatro Lope de Vega, situ\u00e9 \u00e0 c\u00f4t\u00e9 du parc.<\/p>\n<p>L\u2019int\u00e9r\u00eat d\u2019organiser les visites autour du lieu du spectacle du soir est simple : le centre de S\u00e9ville se d\u00e9couvre facilement \u00e0 pied, mais multiplier les d\u00e9placements inutiles peut \u00eatre fatigant quand plusieurs heures de spectacles vous attendent encore.<\/p>\n<\/div><\/div><\/div><\/div><\/div><\/div><\/div><\/section><section class=\"l-section wpb_row height_huge\"><div class=\"l-section-h i-cf\"><div class=\"g-cols vc_row via_flex valign_top type_default stacking_default\"><div class=\"vc_col-sm-12 wpb_column vc_column_container\"><div class=\"vc_column-inner\"><div class=\"wpb_wrapper\"><div class=\"wpb_text_column\"><div class=\"wpb_wrapper\"><h2 id=\"otras-perlas\">Profitez d\u2019\u00ab Otras perlas \u00bb : la Biennale hors des th\u00e9\u00e2tres<\/h2>\n<p>Le programme parall\u00e8le officiel de 2026 porte le nom <strong>\u00ab Otras perlas \u00bb<\/strong> et comprend des expositions, des propositions dans la rue, des activit\u00e9s familiales et d\u2019autres initiatives culturelles. C\u2019est l\u2019une des meilleures fa\u00e7ons d\u2019occuper le temps entre deux spectacles tout en restant dans l\u2019univers du flamenco.<\/p>\n<h3>La noche azul : une exposition gratuite pour comprendre l\u2019\u00d3pera Flamenca<\/h3>\n<p>Du <strong>2 septembre au 22 novembre 2026<\/strong>, la Real F\u00e1brica de Artiller\u00eda accueille <em>La noche azul. \u00d3pera Flamenca en la colecci\u00f3n de Carlos Mart\u00edn Ballester<\/em>. L\u2019exposition rassemble des centaines de documents, affiches, disques, gramophones, photographies et autres pi\u00e8ces li\u00e9es \u00e0 l\u2019essor de l\u2019\u00d3pera Flamenca pendant la premi\u00e8re moiti\u00e9 du XXe si\u00e8cle.<\/p>\n<p>L\u2019entr\u00e9e est gratuite dans la limite de la capacit\u00e9 d\u2019accueil. Les horaires annonc\u00e9s par la mairie sont du lundi au samedi de 10 h \u00e0 20 h et le dimanche de 10 h \u00e0 14 h. Cette visite est particuli\u00e8rement int\u00e9ressante le matin ou en d\u00e9but d\u2019apr\u00e8s-midi, car elle permet d\u2019approfondir l\u2019histoire du cante avant d\u2019\u00e9couter du flamenco en direct.<\/p>\n<p>Vous trouverez davantage d\u2019informations dans notre guide de <a href=\"https:\/\/www.tablaosflamencos.com\/fr\/la-nuit-bleue-opera-flamenco-biennale-seville-2026.html\"><strong>La noche azul<\/strong><\/a>.<\/p>\n<h3>Le flamenco dans la rue<\/h3>\n<p>La Biennale propose aussi une partie de sa programmation sur les places et dans les espaces ouverts. Ces activit\u00e9s permettent de rencontrer le flamenco en dehors du cadre d\u2019une repr\u00e9sentation classique et relient le festival \u00e0 diff\u00e9rents quartiers de S\u00e9ville.<\/p>\n<p>Le programme parall\u00e8le comprend \u00e9galement des propositions comme l\u2019installation itin\u00e9rante <strong>\u00ab Sala de revelado \u00bb<\/strong>, con\u00e7ue pour montrer le travail habituellement cach\u00e9 derri\u00e8re les spectacles : r\u00e9p\u00e9titions, processus cr\u00e9atifs, t\u00e9moignages et documents.<\/p>\n<p>Pour trouver des sorties sans frais, consultez notre s\u00e9lection actualis\u00e9e de <a href=\"https:\/\/www.tablaosflamencos.com\/fr\/biennale-flamenco-seville-2026-gratuite.html\"><strong>spectacles et activit\u00e9s gratuits de la Biennale 2026<\/strong><\/a>.<\/p>\n<\/div><\/div><\/div><\/div><\/div><\/div><\/div><\/section><section class=\"l-section wpb_row height_huge color_alternate with_shape\"><div class=\"l-section-shape type_zigzag pos_top hor_flip\" style=\"height:3vmin;\"><svg xmlns=\"http:\/\/www.w3.org\/2000\/svg\" viewBox=\"0 0 64 8\" preserveAspectRatio=\"none\" width=\"100%\" height=\"100%\">\r\n\t<path fill=\"currentColor\" d=\"M64 8 L0 8 L0 0 L20 7.9 L40 3 L48 5 L64 0 Z\"\/>\r\n<\/svg><\/div><div class=\"l-section-shape type_zigzag pos_bottom\" style=\"height:3vmin;\"><svg xmlns=\"http:\/\/www.w3.org\/2000\/svg\" viewBox=\"0 0 64 8\" preserveAspectRatio=\"none\" width=\"100%\" height=\"100%\">\r\n\t<path fill=\"currentColor\" d=\"M64 8 L0 8 L0 0 L20 7.9 L40 3 L48 5 L64 0 Z\"\/>\r\n<\/svg><\/div><div class=\"l-section-h i-cf\"><div class=\"g-cols vc_row via_flex valign_top type_default stacking_default\"><div class=\"vc_col-sm-12 wpb_column vc_column_container\"><div class=\"vc_column-inner\"><div class=\"wpb_wrapper\"><div class=\"wpb_text_column\"><div class=\"wpb_wrapper\"><h2 id=\"barrios\">Parcourez les quartiers flamencos de S\u00e9ville<\/h2>\n<h3>Triana : une visite incontournable pendant la Biennale<\/h3>\n<p>Triana fait partie de l\u2019histoire du flamenco s\u00e9villan et m\u00e9rite une visite m\u00eame si votre spectacle du soir se d\u00e9roule ailleurs. Vous pouvez traverser le pont Isabel II, parcourir la rue Pureza, entrer dans le march\u00e9 de Triana, longer la rue Betis et terminer au bord du fleuve.<\/p>\n<p>Pendant la Biennale, le quartier rev\u00eat aussi une importance particuli\u00e8re en raison des activit\u00e9s historiquement li\u00e9es \u00e0 l\u2019Hotel Triana. En 2026, face \u00e0 la forte demande, les trois repr\u00e9sentations qui y \u00e9taient pr\u00e9vues les 17, 18 et 19 septembre ont \u00e9t\u00e9 d\u00e9plac\u00e9es au <strong>Muelle de la Sal<\/strong>, sans changement des dates ni des horaires annonc\u00e9s.<\/p>\n<h3>Le centre historique : de San Luis \u00e0 l\u2019Alameda<\/h3>\n<p>Le nord du centre permet d\u2019associer facilement patrimoine et flamenco. L\u2019\u00e9glise San Luis de los Franceses accueille les <strong>Matin\u00e9s \u00danicas<\/strong> et, tout pr\u00e8s, se trouvent l\u2019Alameda de H\u00e9rcules, la rue Feria et plusieurs endroits int\u00e9ressants pour manger ou prendre un verre sans trop s\u2019\u00e9loigner.<\/p>\n<p>Avant d\u2019assister \u00e0 une matin\u00e9e, consultez notre guide des <a href=\"https:\/\/www.tablaosflamencos.com\/fr\/matinees-uniques-biennale-flamenco-seville-2026.html\"><strong>Matin\u00e9s \u00danicas de la Biennale 2026<\/strong><\/a>.<\/p>\n<h3>El Arenal : le fleuve, la Maestranza et la Biennale<\/h3>\n<p>El Arenal est un autre secteur strat\u00e9gique. Vous pouvez y associer une promenade au bord du Guadalquivir, la Torre del Oro, les ar\u00e8nes de la Real Maestranza, le Muelle de la Sal et le Teatro de la Maestranza. Si votre repr\u00e9sentation se d\u00e9roule dans l\u2019un de ces lieux, le plus pratique est de r\u00e9server tout l\u2019apr\u00e8s-midi \u00e0 ce quartier.<\/p>\n<\/div><\/div><\/div><\/div><\/div><\/div><\/div><\/section><section class=\"l-section wpb_row height_huge\"><div class=\"l-section-h i-cf\"><div class=\"g-cols vc_row via_flex valign_top type_default stacking_default\"><div class=\"vc_col-sm-12 wpb_column vc_column_container\"><div class=\"vc_column-inner\"><div class=\"wpb_wrapper\"><div class=\"wpb_text_column\"><div class=\"wpb_wrapper\"><h2 id=\"entre-espectaculos\">Que faire entre deux spectacles de la Biennale<\/h2>\n<p>L\u2019une des difficult\u00e9s les plus courantes appara\u00eet lorsque vous r\u00e9servez deux repr\u00e9sentations le m\u00eame jour et disposez de deux ou trois heures entre les deux. Dans ce cas, mieux vaut ne pas chercher \u00e0 faire une visite monumentale compl\u00e8te.<\/p>\n<h3>Dans le centre<\/h3>\n<p>Vous pouvez vous promener autour de la Cath\u00e9drale, de l\u2019Avenida de la Constituci\u00f3n, de la Plaza Nueva et de la Plaza de San Francisco ; prendre un verre en terrasse ; visiter une exposition ; ou rejoindre les abords du Guadalquivir. Ce sont des activit\u00e9s faciles \u00e0 interrompre lorsque vous devez partir vers le lieu suivant.<\/p>\n<h3>\u00c0 la Cartuja<\/h3>\n<p>Le Teatro Central est plus \u00e9loign\u00e9 du centre historique. Si vous y avez une repr\u00e9sentation, pr\u00e9voyez davantage de temps pour les trajets et \u00e9vitez d\u2019encha\u00eener des activit\u00e9s trop serr\u00e9es juste avant ou apr\u00e8s. Vous pouvez rester dans le secteur de la Cartuja ou ne regagner le centre que si vous disposez d\u2019une marge suffisante.<\/p>\n<h3>Entre le Lope de Vega et la Maestranza<\/h3>\n<p>La distance permet de traverser une bonne partie du centre \u00e0 pied, en passant par le parc de Mar\u00eda Luisa, Puerta de Jerez, la Torre del Oro et le Paseo de Col\u00f3n. C\u2019est un parcours agr\u00e9able qui transforme le trajet entre les salles en v\u00e9ritable moment de d\u00e9couverte.<\/p>\n<\/div><\/div><\/div><\/div><\/div><\/div><\/div><\/section><section class=\"l-section wpb_row height_huge color_alternate with_shape\"><div class=\"l-section-shape type_zigzag pos_top hor_flip\" style=\"height:3vmin;\"><svg xmlns=\"http:\/\/www.w3.org\/2000\/svg\" viewBox=\"0 0 64 8\" preserveAspectRatio=\"none\" width=\"100%\" height=\"100%\">\r\n\t<path fill=\"currentColor\" d=\"M64 8 L0 8 L0 0 L20 7.9 L40 3 L48 5 L64 0 Z\"\/>\r\n<\/svg><\/div><div class=\"l-section-shape type_zigzag pos_bottom\" style=\"height:3vmin;\"><svg xmlns=\"http:\/\/www.w3.org\/2000\/svg\" viewBox=\"0 0 64 8\" preserveAspectRatio=\"none\" width=\"100%\" height=\"100%\">\r\n\t<path fill=\"currentColor\" d=\"M64 8 L0 8 L0 0 L20 7.9 L40 3 L48 5 L64 0 Z\"\/>\r\n<\/svg><\/div><div class=\"l-section-h i-cf\"><div class=\"g-cols vc_row via_flex valign_top type_default stacking_default\"><div class=\"vc_col-sm-12 wpb_column vc_column_container\"><div class=\"vc_column-inner\"><div class=\"wpb_wrapper\"><div class=\"wpb_text_column\"><div class=\"wpb_wrapper\"><h2 id=\"comer\">Gastronomie : bien manger sans arriver en retard au spectacle<\/h2>\n<p>Pendant la Biennale, il est judicieux d\u2019adapter les horaires des repas aux billets r\u00e9serv\u00e9s. Certains spectacles commencent \u00e0 19 h ou 20 h, d\u2019autres vers 21 h 30, et les repr\u00e9sentations tardives peuvent d\u00e9buter apr\u00e8s 22 h.<\/p>\n<p>Pour une repr\u00e9sentation en d\u00e9but de soir\u00e9e, vous pouvez prendre votre repas principal un peu plus tard, puis pr\u00e9voir un d\u00eener l\u00e9ger ou des tapas apr\u00e8s le spectacle. Si la repr\u00e9sentation commence \u00e0 22 h 30, il est possible de d\u00eener avant, mais mieux vaut \u00e9viter les restaurants \u00e9loign\u00e9s ou les repas qui risquent de s\u2019\u00e9terniser.<\/p>\n<h3>Que go\u00fbter<\/h3>\n<p>Septembre reste une p\u00e9riode chaude \u00e0 S\u00e9ville : gazpacho, salmorejo, ensaladilla, \u00e9pinards aux pois chiches, poissons frits et tapas froides conviennent particuli\u00e8rement bien. Profitez-en aussi pour d\u00e9couvrir des classiques s\u00e9villans comme les montaditos, la pring\u00e1, le filet de porc au whisky ou diff\u00e9rentes pr\u00e9parations de morue.<\/p>\n<p>Triana, Arenal, Santa Cruz, Alameda et les environs de la rue Feria offrent suffisamment de possibilit\u00e9s pour adapter le repas \u00e0 l\u2019itin\u00e9raire du jour. Pendant la Biennale, la priorit\u00e9 devrait \u00eatre de <strong>manger pr\u00e8s du prochain spectacle<\/strong>, plut\u00f4t que de traverser la ville pour un restaurant pr\u00e9cis juste avant la repr\u00e9sentation.<\/p>\n<\/div><\/div><\/div><\/div><\/div><\/div><\/div><\/section><section class=\"l-section wpb_row height_huge\"><div class=\"l-section-h i-cf\"><div class=\"g-cols vc_row via_flex valign_top type_default stacking_default\"><div class=\"vc_col-sm-12 wpb_column vc_column_container\"><div class=\"vc_column-inner\"><div class=\"wpb_wrapper\"><div class=\"wpb_text_column\"><div class=\"wpb_wrapper\"><h2 id=\"noche\">Apr\u00e8s la repr\u00e9sentation : le flamenco ne s\u2019arr\u00eate pas \u00e0 la Biennale<\/h2>\n<p>Une repr\u00e9sentation de la Biennale peut \u00eatre le temps fort de la soir\u00e9e sans n\u00e9cessairement en marquer la fin. S\u00e9ville propose toute l\u2019ann\u00e9e des spectacles de flamenco dans des tablaos aux formats et aux ambiances tr\u00e8s vari\u00e9s.<\/p>\n<p>C\u2019est particuli\u00e8rement utile dans trois situations : lorsque vous n\u2019avez pas trouv\u00e9 de billet pour le spectacle souhait\u00e9, lorsque le programme officiel n\u2019occupe qu\u2019une partie de votre s\u00e9jour, ou lorsque vous souhaitez comparer un grand th\u00e9\u00e2tre \u00e0 un lieu plus intime.<\/p>\n<p>Notre guide du <a href=\"https:\/\/www.tablaosflamencos.com\/fr\/flamenco-seville-biennale-2026-spectacles-hors-programme-officiel.html\"><strong>flamenco \u00e0 S\u00e9ville pendant la Biennale hors programme officiel<\/strong><\/a> pr\u00e9sente des alternatives. Pour comprendre ce qui distingue un spectacle touristique correct d\u2019une proposition pr\u00e9sentant un int\u00e9r\u00eat artistique plus marqu\u00e9, consultez \u00e9galement <a href=\"https:\/\/www.tablaosflamencos.com\/fr\/ou-voir-flamenco-authentique-seville.html\"><strong>o\u00f9 voir du flamenco authentique \u00e0 S\u00e9ville<\/strong><\/a>.<\/p>\n<p>Et si une repr\u00e9sentation affiche complet, nous proposons un guide sp\u00e9cifique sur <a href=\"https:\/\/www.tablaosflamencos.com\/fr\/biennale-flamenco-seville-2026-billets-epuises-alternatives.html\"><strong>les spectacles \u00e0 voir lorsqu\u2019il n\u2019y a plus de billets pour la Biennale<\/strong><\/a>.<\/p>\n<\/div><\/div><\/div><\/div><\/div><\/div><\/div><\/section><section class=\"l-section wpb_row height_huge color_alternate with_shape\"><div class=\"l-section-shape type_zigzag pos_top hor_flip\" style=\"height:3vmin;\"><svg xmlns=\"http:\/\/www.w3.org\/2000\/svg\" viewBox=\"0 0 64 8\" preserveAspectRatio=\"none\" width=\"100%\" height=\"100%\">\r\n\t<path fill=\"currentColor\" d=\"M64 8 L0 8 L0 0 L20 7.9 L40 3 L48 5 L64 0 Z\"\/>\r\n<\/svg><\/div><div class=\"l-section-shape type_zigzag pos_bottom\" style=\"height:3vmin;\"><svg xmlns=\"http:\/\/www.w3.org\/2000\/svg\" viewBox=\"0 0 64 8\" preserveAspectRatio=\"none\" width=\"100%\" height=\"100%\">\r\n\t<path fill=\"currentColor\" d=\"M64 8 L0 8 L0 0 L20 7.9 L40 3 L48 5 L64 0 Z\"\/>\r\n<\/svg><\/div><div class=\"l-section-h i-cf\"><div class=\"g-cols vc_row via_flex valign_top type_default stacking_default\"><div class=\"vc_col-sm-12 wpb_column vc_column_container\"><div class=\"vc_column-inner\"><div class=\"wpb_wrapper\"><div class=\"wpb_text_column\"><div class=\"wpb_wrapper\"><h2 id=\"itinerarios\">Trois itin\u00e9raires pour profiter d\u2019une journ\u00e9e enti\u00e8re pendant la Biennale<\/h2>\n<h3>Itin\u00e9raire 1 : patrimoine et Biennale dans le centre<\/h3>\n<ul>\n<li><strong>Matin :<\/strong> Real Alc\u00e1zar, Cath\u00e9drale et quartier de Santa Cruz.<\/li>\n<li><strong>Midi :<\/strong> repas dans le centre.<\/li>\n<li><strong>Apr\u00e8s-midi :<\/strong> exposition <em>La noche azul<\/em> \u00e0 la Real F\u00e1brica de Artiller\u00eda.<\/li>\n<li><strong>Soir :<\/strong> spectacle officiel de la Biennale.<\/li>\n<li><strong>Apr\u00e8s :<\/strong> promenade ou verre dans Arenal, le centre ou Alameda, selon le lieu du spectacle.<\/li>\n<\/ul>\n<h3>Itin\u00e9raire 2 : Triana, le fleuve et le flamenco<\/h3>\n<ul>\n<li><strong>Matin :<\/strong> march\u00e9 de Triana, rue Pureza et promenade dans le quartier.<\/li>\n<li><strong>Midi :<\/strong> tapas \u00e0 Triana.<\/li>\n<li><strong>Apr\u00e8s-midi :<\/strong> rue Betis, pont de Triana, Muelle de la Sal et Paseo de Col\u00f3n.<\/li>\n<li><strong>Soir :<\/strong> repr\u00e9sentation \u00e0 la Maestranza, dans Arenal ou dans un autre lieu proche.<\/li>\n<li><strong>Apr\u00e8s :<\/strong> tablao ou autre spectacle pour prolonger la soir\u00e9e.<\/li>\n<\/ul>\n<h3>Itin\u00e9raire 3 : une journ\u00e9e enti\u00e8rement flamenca<\/h3>\n<ul>\n<li><strong>Matin :<\/strong> activit\u00e9 parall\u00e8le ou exposition.<\/li>\n<li><strong>Midi :<\/strong> promenade dans San Luis, Alameda ou la rue Feria.<\/li>\n<li><strong>Apr\u00e8s-midi :<\/strong> premi\u00e8re repr\u00e9sentation de la Biennale ou activit\u00e9 gratuite.<\/li>\n<li><strong>Soir :<\/strong> deuxi\u00e8me repr\u00e9sentation, une Noche \u00danica ou un tablao.<\/li>\n<\/ul>\n<p>Pour d\u00e9couvrir les repr\u00e9sentations con\u00e7ues comme des exp\u00e9riences uniques, consultez le <a href=\"https:\/\/www.tablaosflamencos.com\/fr\/nuits-uniques-biennale-flamenco-seville-2026.html\"><strong>calendrier des Noches \u00danicas de la Biennale 2026<\/strong><\/a>.<\/p>\n<\/div><\/div><\/div><\/div><\/div><\/div><\/div><\/section><section class=\"l-section wpb_row height_huge\"><div class=\"l-section-h i-cf\"><div class=\"g-cols vc_row via_flex valign_top type_default stacking_default\"><div class=\"vc_col-sm-12 wpb_column vc_column_container\"><div class=\"vc_column-inner\"><div class=\"wpb_wrapper\"><div class=\"wpb_text_column\"><div class=\"wpb_wrapper\"><h2 id=\"consejos\">Conseils pour organiser votre s\u00e9jour \u00e0 S\u00e9ville pendant la Biennale<\/h2>\n<ul>\n<li><strong>Regroupez les activit\u00e9s par secteurs.<\/strong> \u00c9vitez de combiner Triana, Cartuja et le parc de Mar\u00eda Luisa en quelques heures.<\/li>\n<li><strong>Gardez une marge avant chaque repr\u00e9sentation.<\/strong> Arriver en courant est particuli\u00e8rement g\u00eanant lorsqu\u2019il y a un contr\u00f4le d\u2019acc\u00e8s, des places num\u00e9rot\u00e9es ou un public nombreux.<\/li>\n<li><strong>Ne remplissez pas chaque heure de la journ\u00e9e.<\/strong> La Biennale peut impliquer plusieurs soir\u00e9es cons\u00e9cutives de spectacles ; pr\u00e9voir des temps de repos am\u00e9liore l\u2019exp\u00e9rience.<\/li>\n<li><strong>V\u00e9rifiez les changements de derni\u00e8re minute.<\/strong> En 2026, les repr\u00e9sentations pr\u00e9vues \u00e0 l\u2019Hotel Triana ont par exemple d\u00e9j\u00e0 \u00e9t\u00e9 transf\u00e9r\u00e9es au Muelle de la Sal.<\/li>\n<li><strong>Profitez des activit\u00e9s gratuites.<\/strong> Elles permettent de vivre la Biennale m\u00eame les jours o\u00f9 vous n\u2019avez pas de billets.<\/li>\n<li><strong>Associez grandes sc\u00e8nes et lieux intimistes.<\/strong> Un spectacle \u00e0 la Maestranza ou au Lope de Vega et une soir\u00e9e dans un tablao offrent des exp\u00e9riences tr\u00e8s diff\u00e9rentes et compl\u00e9mentaires.<\/li>\n<li><strong>R\u00e9servez \u00e0 l\u2019avance.<\/strong> La Biennale comme les spectacles r\u00e9guliers peuvent attirer une forte demande en septembre.<\/li>\n<\/ul>\n<\/div><\/div><\/div><\/div><\/div><\/div><\/div><\/section><section class=\"l-section wpb_row height_huge color_alternate with_shape\"><div class=\"l-section-shape type_zigzag pos_top hor_flip\" style=\"height:3vmin;\"><svg xmlns=\"http:\/\/www.w3.org\/2000\/svg\" viewBox=\"0 0 64 8\" preserveAspectRatio=\"none\" width=\"100%\" height=\"100%\">\r\n\t<path fill=\"currentColor\" d=\"M64 8 L0 8 L0 0 L20 7.9 L40 3 L48 5 L64 0 Z\"\/>\r\n<\/svg><\/div><div class=\"l-section-shape type_zigzag pos_bottom\" style=\"height:3vmin;\"><svg xmlns=\"http:\/\/www.w3.org\/2000\/svg\" viewBox=\"0 0 64 8\" preserveAspectRatio=\"none\" width=\"100%\" height=\"100%\">\r\n\t<path fill=\"currentColor\" d=\"M64 8 L0 8 L0 0 L20 7.9 L40 3 L48 5 L64 0 Z\"\/>\r\n<\/svg><\/div><div class=\"l-section-h i-cf\"><div class=\"g-cols vc_row via_flex valign_top type_default stacking_default\"><div class=\"vc_col-sm-12 wpb_column vc_column_container\"><div class=\"vc_column-inner\"><div class=\"wpb_wrapper\"><div class=\"wpb_text_column\"><div class=\"wpb_wrapper\"><h2>La meilleure fa\u00e7on de vivre la Biennale est d\u2019associer le festival et la ville<\/h2>\n<p>La Biennale de Flamenco offre une occasion exceptionnelle de voir des artistes rarement r\u00e9unis dans une m\u00eame ville et d\u2019assister \u00e0 des premi\u00e8res, des galas et des formats cr\u00e9\u00e9s sp\u00e9cialement pour l\u2019\u00e9dition. Mais S\u00e9ville ne sert pas seulement de d\u00e9cor : elle fait partie de l\u2019exp\u00e9rience.<\/p>\n<p>Assister \u00e0 une matin\u00e9e \u00e0 San Luis, traverser Triana, entrer dans une exposition \u00e0 la Real F\u00e1brica de Artiller\u00eda, marcher au bord du Guadalquivir et terminer la soir\u00e9e avec du flamenco en direct permet de mieux comprendre le lien entre la ville et cet art.<\/p>\n<p>Si vous restez plusieurs jours pendant la Biennale, ne cherchez donc pas uniquement \u00e0 encha\u00eener les repr\u00e9sentations. Alternez <strong>patrimoine, quartiers, gastronomie, activit\u00e9s gratuites, programme officiel et flamenco hors des grandes sc\u00e8nes<\/strong>. Ce m\u00e9lange est probablement la fa\u00e7on la plus compl\u00e8te de vivre S\u00e9ville entre le 9 septembre et le 3 octobre 2026.<\/p>\n<\/div><\/div><\/div><\/div><\/div><\/div><\/div><\/section><section class=\"l-section wpb_row height_huge\"><div class=\"l-section-h i-cf\"><div class=\"g-cols vc_row via_flex valign_top type_default stacking_default\"><div class=\"vc_col-sm-1\/5 wpb_column vc_column_container\"><div class=\"vc_column-inner\"><div class=\"wpb_wrapper\"><\/div><\/div><\/div><div class=\"vc_col-sm-3\/5 wpb_column vc_column_container\"><div class=\"vc_column-inner\"><div class=\"wpb_wrapper\"><div class=\"wpb_text_column\"><div class=\"wpb_wrapper\"><h2 id=\"faq\">Questions fr\u00e9quentes sur les activit\u00e9s \u00e0 S\u00e9ville pendant la Biennale 2026<\/h2>\n<\/div><\/div><div class=\"w-separator size_medium\"><\/div><div class=\"w-tabs accordion toggle_style_1 has_scrolling\" style=\"--sections-title-size:inherit;--sections-gap:0.5rem;\"><div class=\"w-tabs-sections titles-align_none icon_plus cpos_left\"><div class=\"w-tabs-section\" id=\"becd\" itemscope itemprop=\"mainEntity\" itemtype=\"https:\/\/schema.org\/Question\"><button type=\"button\" class=\"w-tabs-section-header\" aria-controls=\"content-becd\" aria-expanded=\"false\"><h3 class=\"w-tabs-section-title\" itemprop=\"name\">Quand se d\u00e9roule la Biennale de Flamenco de S\u00e9ville 2026 ?<\/h3><div class=\"w-tabs-section-control\"><\/div><\/button><div  class=\"w-tabs-section-content\" id=\"content-becd\" itemscope itemprop=\"acceptedAnswer\" itemtype=\"https:\/\/schema.org\/Answer\"><div class=\"w-tabs-section-content-h i-cf\" itemprop=\"text\"><div class=\"wpb_text_column\"><div class=\"wpb_wrapper\"><p>La XXIVe Biennale de Flamenco de S\u00e9ville se d\u00e9roule du <strong>9 septembre au 3 octobre 2026<\/strong>, m\u00eame si certaines activit\u00e9s parall\u00e8les ont commenc\u00e9 avant l\u2019inauguration officielle.<\/p>\n<\/div><\/div><\/div><\/div><\/div><div class=\"w-tabs-section\" id=\"i02e\" itemscope itemprop=\"mainEntity\" itemtype=\"https:\/\/schema.org\/Question\"><button type=\"button\" class=\"w-tabs-section-header\" aria-controls=\"content-i02e\" aria-expanded=\"false\"><h3 class=\"w-tabs-section-title\" itemprop=\"name\">Y a-t-il des activit\u00e9s gratuites pendant la Biennale ?<\/h3><div class=\"w-tabs-section-control\"><\/div><\/button><div  class=\"w-tabs-section-content\" id=\"content-i02e\" itemscope itemprop=\"acceptedAnswer\" itemtype=\"https:\/\/schema.org\/Answer\"><div class=\"w-tabs-section-content-h i-cf\" itemprop=\"text\"><div class=\"wpb_text_column\"><div class=\"wpb_wrapper\"><p>Oui. Le programme parall\u00e8le comprend des expositions et des activit\u00e9s dans les espaces publics. L\u2019exposition <em>La noche azul<\/em>, par exemple, est gratuite dans la limite de la capacit\u00e9 d\u2019accueil.<\/p>\n<\/div><\/div><\/div><\/div><\/div><div class=\"w-tabs-section\" id=\"n164\" itemscope itemprop=\"mainEntity\" itemtype=\"https:\/\/schema.org\/Question\"><button type=\"button\" class=\"w-tabs-section-header\" aria-controls=\"content-n164\" aria-expanded=\"false\"><h3 class=\"w-tabs-section-title\" itemprop=\"name\">Que faire le matin si mon spectacle a lieu le soir ?<\/h3><div class=\"w-tabs-section-control\"><\/div><\/button><div  class=\"w-tabs-section-content\" id=\"content-n164\" itemscope itemprop=\"acceptedAnswer\" itemtype=\"https:\/\/schema.org\/Answer\"><div class=\"w-tabs-section-content-h i-cf\" itemprop=\"text\"><div class=\"wpb_text_column\"><div class=\"wpb_wrapper\"><p>Vous pouvez visiter le Real Alc\u00e1zar, la Cath\u00e9drale et Santa Cruz ; parcourir la Plaza de Espa\u00f1a et le parc de Mar\u00eda Luisa ; d\u00e9couvrir Triana ; ou profiter des expositions et des activit\u00e9s parall\u00e8les de la Biennale.<\/p>\n<\/div><\/div><\/div><\/div><\/div><div class=\"w-tabs-section\" id=\"a2a1\" itemscope itemprop=\"mainEntity\" itemtype=\"https:\/\/schema.org\/Question\"><button type=\"button\" class=\"w-tabs-section-header\" aria-controls=\"content-a2a1\" aria-expanded=\"false\"><h3 class=\"w-tabs-section-title\" itemprop=\"name\">Peut-on voir du flamenco hors programme officiel ?<\/h3><div class=\"w-tabs-section-control\"><\/div><\/button><div  class=\"w-tabs-section-content\" id=\"content-a2a1\" itemscope itemprop=\"acceptedAnswer\" itemtype=\"https:\/\/schema.org\/Answer\"><div class=\"w-tabs-section-content-h i-cf\" itemprop=\"text\"><div class=\"wpb_text_column\"><div class=\"wpb_wrapper\"><p>Oui. Les tablaos et les autres lieux flamencos de S\u00e9ville poursuivent leur programmation r\u00e9guli\u00e8re pendant la Biennale. Des alternatives sont donc propos\u00e9es chaque jour en dehors de l\u2019affiche officielle.<\/p>\n<\/div><\/div><\/div><\/div><\/div><div class=\"w-tabs-section\" id=\"u3c4\" itemscope itemprop=\"mainEntity\" itemtype=\"https:\/\/schema.org\/Question\"><button type=\"button\" class=\"w-tabs-section-header\" aria-controls=\"content-u3c4\" aria-expanded=\"false\"><h3 class=\"w-tabs-section-title\" itemprop=\"name\">Quel quartier visiter pendant la Biennale ?<\/h3><div class=\"w-tabs-section-control\"><\/div><\/button><div  class=\"w-tabs-section-content\" id=\"content-u3c4\" itemscope itemprop=\"acceptedAnswer\" itemtype=\"https:\/\/schema.org\/Answer\"><div class=\"w-tabs-section-content-h i-cf\" itemprop=\"text\"><div class=\"wpb_text_column\"><div class=\"wpb_wrapper\"><p>Triana est incontournable pour son lien historique avec le flamenco, mais Arenal, Santa Cruz, San Luis, Alameda et les environs de la rue Feria sont \u00e9galement tr\u00e8s int\u00e9ressants. Le meilleur choix d\u00e9pend du lieu de votre spectacle.<\/p>\n<\/div><\/div><\/div><\/div><\/div><div class=\"w-tabs-section\" id=\"t4c8\" itemscope itemprop=\"mainEntity\" itemtype=\"https:\/\/schema.org\/Question\"><button type=\"button\" class=\"w-tabs-section-header\" aria-controls=\"content-t4c8\" aria-expanded=\"false\"><h3 class=\"w-tabs-section-title\" itemprop=\"name\">Peut-on assister \u00e0 deux spectacles de la Biennale le m\u00eame jour ?<\/h3><div class=\"w-tabs-section-control\"><\/div><\/button><div  class=\"w-tabs-section-content\" id=\"content-t4c8\" itemscope itemprop=\"acceptedAnswer\" itemtype=\"https:\/\/schema.org\/Answer\"><div class=\"w-tabs-section-content-h i-cf\" itemprop=\"text\"><div class=\"wpb_text_column\"><div class=\"wpb_wrapper\"><p>Certains jours, oui, car les repr\u00e9sentations sont propos\u00e9es \u00e0 diff\u00e9rents horaires. V\u00e9rifiez l\u2019heure de fin estim\u00e9e et la distance entre les lieux avant d\u2019acheter les deux billets.<\/p>\n<\/div><\/div><\/div><\/div><\/div><div class=\"w-tabs-section\" id=\"n5d2\" itemscope itemprop=\"mainEntity\" itemtype=\"https:\/\/schema.org\/Question\"><button type=\"button\" class=\"w-tabs-section-header\" aria-controls=\"content-n5d2\" aria-expanded=\"false\"><h3 class=\"w-tabs-section-title\" itemprop=\"name\">Que faire si un spectacle affiche complet ?<\/h3><div class=\"w-tabs-section-control\"><\/div><\/button><div  class=\"w-tabs-section-content\" id=\"content-n5d2\" itemscope itemprop=\"acceptedAnswer\" itemtype=\"https:\/\/schema.org\/Answer\"><div class=\"w-tabs-section-content-h i-cf\" itemprop=\"text\"><div class=\"wpb_text_column\"><div class=\"wpb_wrapper\"><p>Vous pouvez consulter les autres repr\u00e9sentations officielles, les activit\u00e9s gratuites ou la programmation r\u00e9guli\u00e8re des tablaos flamencos de S\u00e9ville. \u00c9vitez la revente non officielle et v\u00e9rifiez les \u00e9ventuelles mises \u00e0 jour sur les canaux de la Biennale.<\/p>\n<\/div><\/div><\/div><\/div><\/div><div class=\"w-tabs-section\" id=\"t72e\" itemscope itemprop=\"mainEntity\" itemtype=\"https:\/\/schema.org\/Question\"><button type=\"button\" class=\"w-tabs-section-header\" aria-controls=\"content-t72e\" aria-expanded=\"false\"><h3 class=\"w-tabs-section-title\" itemprop=\"name\">Ai-je besoin d\u2019une voiture pendant la Biennale ?<\/h3><div class=\"w-tabs-section-control\"><\/div><\/button><div  class=\"w-tabs-section-content\" id=\"content-t72e\" itemscope itemprop=\"acceptedAnswer\" itemtype=\"https:\/\/schema.org\/Answer\"><div class=\"w-tabs-section-content-h i-cf\" itemprop=\"text\"><div class=\"wpb_text_column\"><div class=\"wpb_wrapper\"><p>Pas pour la plupart des activit\u00e9s du centre. De nombreux lieux et secteurs touristiques sont accessibles \u00e0 pied ou en transports en commun. Pour les espaces plus \u00e9loign\u00e9s, comme le Teatro Central \u00e0 la Cartuja, pr\u00e9voyez davantage de temps pour le trajet.<\/p>\n<\/div><\/div><\/div><\/div><\/div><\/div><\/div><\/div><\/div><\/div><div class=\"vc_col-sm-1\/5 wpb_column vc_column_container\"><div class=\"vc_column-inner\"><div class=\"wpb_wrapper\"><\/div><\/div><\/div><\/div><\/div><\/section>\n","protected":false},"excerpt":{"rendered":"<p>Guide pratique pour profiter de S\u00e9ville pendant la Biennale de Flamenco 2026 : activit\u00e9s matinales, sorties gratuites, quartiers, gastronomie, itin\u00e9raires et flamenco hors programme officiel.<\/p>\n","protected":false},"author":1,"featured_media":14704,"comment_status":"closed","ping_status":"closed","sticky":false,"template":"","format":"standard","meta":{"_acf_changed":false,"wpai_generated_summary":"","_ayudawp_aiss_exclude":false,"_ayudawp_aiss_exclude_summary":false,"_ayudawp_aiss_summary":"","_ayudawp_aiss_summary_provider":"","_ayudawp_aiss_summary_hash":"","footnotes":""},"categories":[1428],"tags":[1862,1239,1240,2006,1242],"class_list":["post-14716","post","type-post","status-publish","format-standard","has-post-thumbnail","hentry","category-biennale-de-flamenco","tag-activites-a-seville","tag-bienal-2026","tag-bienal-de-flamenco","tag-que-faire-a-seville","tag-sevilla"],"acf":[],"yoast_head":"<!-- This site is optimized with the Yoast SEO Premium plugin v28.4 (Yoast SEO v28.4) - https:\/\/yoast.com\/product\/yoast-seo-premium-wordpress\/ -->\n<title>Que faire \u00e0 S\u00e9ville pendant la Biennale de Flamenco 2026<\/title>\n<meta name=\"description\" content=\"Que faire \u00e0 S\u00e9ville pendant la Biennale de Flamenco 2026 : activit\u00e9s gratuites, quartiers, gastronomie, itin\u00e9raires et spectacles hors programme officiel.\" \/>\n<meta name=\"robots\" content=\"index, follow, max-snippet:-1, max-image-preview:large, max-video-preview:-1\" \/>\n<link rel=\"canonical\" href=\"https:\/\/www.tablaosflamencos.com\/fr\/que-faire-seville-pendant-biennale-flamenco-2026.html\" \/>\n<meta property=\"og:locale\" content=\"fr_FR\" \/>\n<meta property=\"og:type\" content=\"article\" \/>\n<meta property=\"og:title\" content=\"Que faire \u00e0 S\u00e9ville pendant la Biennale de Flamenco 2026\" \/>\n<meta property=\"og:description\" content=\"Que faire \u00e0 S\u00e9ville pendant la Biennale de Flamenco 2026 : activit\u00e9s gratuites, quartiers, gastronomie, itin\u00e9raires et spectacles hors programme officiel.\" \/>\n<meta property=\"og:url\" content=\"https:\/\/www.tablaosflamencos.com\/fr\/que-faire-seville-pendant-biennale-flamenco-2026.html\" \/>\n<meta property=\"og:site_name\" content=\"Tablaos Flamencos\" \/>\n<meta property=\"article:publisher\" content=\"https:\/\/www.facebook.com\/tablaosflamencos\" \/>\n<meta property=\"article:published_time\" content=\"2026-09-05T10:21:41+00:00\" \/>\n<meta property=\"article:modified_time\" content=\"2026-09-05T10:47:56+00:00\" \/>\n<meta property=\"og:image\" content=\"https:\/\/www.tablaosflamencos.com\/wp-content\/uploads\/que-hacer-en-sevilla-durante-la-bienal-de-flamenco-2026-01.webp\" \/>\n\t<meta property=\"og:image:width\" content=\"1491\" \/>\n\t<meta property=\"og:image:height\" content=\"1055\" \/>\n\t<meta property=\"og:image:type\" content=\"image\/webp\" \/>\n<meta name=\"author\" content=\"Miguel Ortiz\" \/>\n<meta name=\"twitter:card\" content=\"summary_large_image\" \/>\n<meta name=\"twitter:creator\" content=\"@tablaosflamenco\" \/>\n<meta name=\"twitter:site\" content=\"@tablaosflamenco\" \/>\n<meta name=\"twitter:label1\" content=\"\u00c9crit par\" \/>\n\t<meta name=\"twitter:data1\" content=\"Miguel Ortiz\" \/>\n\t<meta name=\"twitter:label2\" content=\"Dur\u00e9e de lecture estim\u00e9e\" \/>\n\t<meta name=\"twitter:data2\" content=\"17 minutes\" \/>\n<script type=\"application\/ld+json\" class=\"yoast-schema-graph\">{\"@context\":\"https:\\\/\\\/schema.org\",\"@graph\":[{\"@type\":\"Article\",\"@id\":\"https:\\\/\\\/www.tablaosflamencos.com\\\/fr\\\/que-faire-seville-pendant-biennale-flamenco-2026.html#article\",\"isPartOf\":{\"@id\":\"https:\\\/\\\/www.tablaosflamencos.com\\\/fr\\\/que-faire-seville-pendant-biennale-flamenco-2026.html\"},\"author\":{\"name\":\"Miguel Ortiz\",\"@id\":\"https:\\\/\\\/www.tablaosflamencos.com\\\/fr#\\\/schema\\\/person\\\/e7a9ebe14eb75a52ceabfbffb3c54f5d\"},\"headline\":\"Que faire \u00e0 S\u00e9ville pendant la Biennale de Flamenco 2026\",\"datePublished\":\"2026-09-05T10:21:41+00:00\",\"dateModified\":\"2026-09-05T10:47:56+00:00\",\"mainEntityOfPage\":{\"@id\":\"https:\\\/\\\/www.tablaosflamencos.com\\\/fr\\\/que-faire-seville-pendant-biennale-flamenco-2026.html\"},\"wordCount\":3367,\"publisher\":{\"@id\":\"https:\\\/\\\/www.tablaosflamencos.com\\\/fr#organization\"},\"image\":{\"@id\":\"https:\\\/\\\/www.tablaosflamencos.com\\\/fr\\\/que-faire-seville-pendant-biennale-flamenco-2026.html#primaryimage\"},\"thumbnailUrl\":\"https:\\\/\\\/www.tablaosflamencos.com\\\/wp-content\\\/uploads\\\/que-hacer-en-sevilla-durante-la-bienal-de-flamenco-2026-01.webp\",\"keywords\":[\"activit\u00e9s \u00e0 S\u00e9ville\",\"Bienal 2026\",\"Bienal de Flamenco\",\"que faire \u00e0 S\u00e9ville\",\"sevilla\"],\"articleSection\":[\"Biennale de Flamenco\"],\"inLanguage\":\"fr-FR\"},{\"@type\":\"WebPage\",\"@id\":\"https:\\\/\\\/www.tablaosflamencos.com\\\/fr\\\/que-faire-seville-pendant-biennale-flamenco-2026.html\",\"url\":\"https:\\\/\\\/www.tablaosflamencos.com\\\/fr\\\/que-faire-seville-pendant-biennale-flamenco-2026.html\",\"name\":\"Que faire \u00e0 S\u00e9ville pendant la Biennale de Flamenco 2026\",\"isPartOf\":{\"@id\":\"https:\\\/\\\/www.tablaosflamencos.com\\\/fr#website\"},\"primaryImageOfPage\":{\"@id\":\"https:\\\/\\\/www.tablaosflamencos.com\\\/fr\\\/que-faire-seville-pendant-biennale-flamenco-2026.html#primaryimage\"},\"image\":{\"@id\":\"https:\\\/\\\/www.tablaosflamencos.com\\\/fr\\\/que-faire-seville-pendant-biennale-flamenco-2026.html#primaryimage\"},\"thumbnailUrl\":\"https:\\\/\\\/www.tablaosflamencos.com\\\/wp-content\\\/uploads\\\/que-hacer-en-sevilla-durante-la-bienal-de-flamenco-2026-01.webp\",\"datePublished\":\"2026-09-05T10:21:41+00:00\",\"dateModified\":\"2026-09-05T10:47:56+00:00\",\"description\":\"Que faire \u00e0 S\u00e9ville pendant la Biennale de Flamenco 2026 : activit\u00e9s gratuites, quartiers, gastronomie, itin\u00e9raires et spectacles hors programme officiel.\",\"breadcrumb\":{\"@id\":\"https:\\\/\\\/www.tablaosflamencos.com\\\/fr\\\/que-faire-seville-pendant-biennale-flamenco-2026.html#breadcrumb\"},\"inLanguage\":\"fr-FR\",\"potentialAction\":[{\"@type\":\"ReadAction\",\"target\":[\"https:\\\/\\\/www.tablaosflamencos.com\\\/fr\\\/que-faire-seville-pendant-biennale-flamenco-2026.html\"]}]},{\"@type\":\"ImageObject\",\"inLanguage\":\"fr-FR\",\"@id\":\"https:\\\/\\\/www.tablaosflamencos.com\\\/fr\\\/que-faire-seville-pendant-biennale-flamenco-2026.html#primaryimage\",\"url\":\"https:\\\/\\\/www.tablaosflamencos.com\\\/wp-content\\\/uploads\\\/que-hacer-en-sevilla-durante-la-bienal-de-flamenco-2026-01.webp\",\"contentUrl\":\"https:\\\/\\\/www.tablaosflamencos.com\\\/wp-content\\\/uploads\\\/que-hacer-en-sevilla-durante-la-bienal-de-flamenco-2026-01.webp\",\"width\":1491,\"height\":1055,\"caption\":\"Qu\u00e9 hacer en Sevilla durante la Bienal de Flamenco 2026\"},{\"@type\":\"BreadcrumbList\",\"@id\":\"https:\\\/\\\/www.tablaosflamencos.com\\\/fr\\\/que-faire-seville-pendant-biennale-flamenco-2026.html#breadcrumb\",\"itemListElement\":[{\"@type\":\"ListItem\",\"position\":1,\"name\":\"Home\",\"item\":\"https:\\\/\\\/www.tablaosflamencos.com\\\/fr\"},{\"@type\":\"ListItem\",\"position\":2,\"name\":\"Que faire \u00e0 S\u00e9ville pendant la Biennale de Flamenco 2026\"}]},{\"@type\":\"WebSite\",\"@id\":\"https:\\\/\\\/www.tablaosflamencos.com\\\/fr#website\",\"url\":\"https:\\\/\\\/www.tablaosflamencos.com\\\/fr\",\"name\":\"Tablaos Flamencos\",\"description\":\"Entradas para tablaos flamencos de Espa\u00f1a\",\"publisher\":{\"@id\":\"https:\\\/\\\/www.tablaosflamencos.com\\\/fr#organization\"},\"alternateName\":\"Tablaos Flamencos\",\"potentialAction\":[{\"@type\":\"SearchAction\",\"target\":{\"@type\":\"EntryPoint\",\"urlTemplate\":\"https:\\\/\\\/www.tablaosflamencos.com\\\/fr?s={search_term_string}\"},\"query-input\":{\"@type\":\"PropertyValueSpecification\",\"valueRequired\":true,\"valueName\":\"search_term_string\"}}],\"inLanguage\":\"fr-FR\"},{\"@type\":[\"Organization\",\"Place\",\"EntertainmentBusiness\"],\"@id\":\"https:\\\/\\\/www.tablaosflamencos.com\\\/fr#organization\",\"name\":\"Tablaos Flamencos\",\"alternateName\":\"Tablaos Flamencos\",\"url\":\"https:\\\/\\\/www.tablaosflamencos.com\\\/fr\",\"logo\":{\"@id\":\"https:\\\/\\\/www.tablaosflamencos.com\\\/fr\\\/que-faire-seville-pendant-biennale-flamenco-2026.html#local-main-organization-logo\"},\"image\":{\"@id\":\"https:\\\/\\\/www.tablaosflamencos.com\\\/fr\\\/que-faire-seville-pendant-biennale-flamenco-2026.html#local-main-organization-logo\"},\"sameAs\":[\"https:\\\/\\\/www.facebook.com\\\/tablaosflamencos\",\"https:\\\/\\\/x.com\\\/tablaosflamenco\",\"https:\\\/\\\/mastodon.social\\\/@tablaosflamencos\",\"https:\\\/\\\/www.instagram.com\\\/tablaosflamencos\",\"https:\\\/\\\/tiktok.com\\\/@tablaosflamencos\",\"https:\\\/\\\/www.linkedin.com\\\/company\\\/109408238\\\/\"],\"description\":\"Venta de entradas para espect\u00e1culos flamencos\",\"legalName\":\"Tablaos Flamencos\",\"foundingDate\":\"2015-01-01\",\"numberOfEmployees\":{\"@type\":\"QuantitativeValue\",\"minValue\":\"1\",\"maxValue\":\"10\"},\"address\":{\"@id\":\"https:\\\/\\\/www.tablaosflamencos.com\\\/fr\\\/que-faire-seville-pendant-biennale-flamenco-2026.html#local-main-place-address\"},\"geo\":{\"@type\":\"GeoCoordinates\",\"latitude\":\"37.3868072\",\"longitude\":\"-5.993280299999999\"},\"telephone\":[\"+34623787787\"],\"contactPoint\":{\"@type\":\"ContactPoint\",\"telephone\":\"+34623787787\",\"email\":\"info@tablaosflamencos.com\"},\"openingHoursSpecification\":{\"@type\":\"OpeningHoursSpecification\",\"dayOfWeek\":[\"Monday\",\"Tuesday\",\"Wednesday\",\"Thursday\",\"Friday\",\"Saturday\",\"Sunday\"],\"opens\":\"00:00\",\"closes\":\"23:59\"},\"email\":\"info@tablaosflamencos.com\",\"priceRange\":\"$$$\",\"currenciesAccepted\":\"\u20ac\"},{\"@type\":\"Person\",\"@id\":\"https:\\\/\\\/www.tablaosflamencos.com\\\/fr#\\\/schema\\\/person\\\/e7a9ebe14eb75a52ceabfbffb3c54f5d\",\"name\":\"Miguel Ortiz\",\"description\":\"Miguel Ortiz es un empresario flamenco, con una s\u00f3lida trayectoria dentro del sector. Ha presidido entidades culturales vinculadas al flamenco y, cuenta con un amplio recorrido profesional en la gesti\u00f3n y promoci\u00f3n de espect\u00e1culos y tablaos flamencos. Su pasi\u00f3n por la historia y el arte flamenco se refleja en cada art\u00edculo, donde combina experiencia, criterio y un profundo respeto por la tradici\u00f3n.\",\"sameAs\":[\"https:\\\/\\\/www.tablaosflamencos.com\",\"https:\\\/\\\/www.instagra.com\\\/miguelortizfe\",\"https:\\\/\\\/www.linkedin.com\\\/in\\\/miguelortizf\\\/\"],\"birthDate\":\"1984-11-22\",\"gender\":\"hombre\",\"knowsLanguage\":[\"espa\u00f1ol\",\"ingl\u00e9s\"],\"jobTitle\":\"Empresario flamenco\"},{\"@type\":\"PostalAddress\",\"@id\":\"https:\\\/\\\/www.tablaosflamencos.com\\\/fr\\\/que-faire-seville-pendant-biennale-flamenco-2026.html#local-main-place-address\",\"streetAddress\":\"C\\\/ Alemanes, 19\",\"addressLocality\":\"Sevilla\",\"postalCode\":\"41004\",\"addressRegion\":\"Sevilla\",\"addressCountry\":\"ES\"},{\"@type\":\"ImageObject\",\"inLanguage\":\"fr-FR\",\"@id\":\"https:\\\/\\\/www.tablaosflamencos.com\\\/fr\\\/que-faire-seville-pendant-biennale-flamenco-2026.html#local-main-organization-logo\",\"url\":\"https:\\\/\\\/www.tablaosflamencos.com\\\/wp-content\\\/uploads\\\/tablaos-flamencos-06-3.webp\",\"contentUrl\":\"https:\\\/\\\/www.tablaosflamencos.com\\\/wp-content\\\/uploads\\\/tablaos-flamencos-06-3.webp\",\"width\":600,\"height\":620,\"caption\":\"Tablaos Flamencos\"}]}<\/script>\n<meta name=\"geo.placename\" content=\"Sevilla\" \/>\n<meta name=\"geo.position\" content=\"37.3868072;-5.993280299999999\" \/>\n<meta name=\"geo.region\" content=\"Espagne\" \/>\n<!-- \/ Yoast SEO Premium plugin. -->","yoast_head_json":{"title":"Que faire \u00e0 S\u00e9ville pendant la Biennale de Flamenco 2026","description":"Que faire \u00e0 S\u00e9ville pendant la Biennale de Flamenco 2026 : activit\u00e9s gratuites, quartiers, gastronomie, itin\u00e9raires et spectacles hors programme officiel.","robots":{"index":"index","follow":"follow","max-snippet":"max-snippet:-1","max-image-preview":"max-image-preview:large","max-video-preview":"max-video-preview:-1"},"canonical":"https:\/\/www.tablaosflamencos.com\/fr\/que-faire-seville-pendant-biennale-flamenco-2026.html","og_locale":"fr_FR","og_type":"article","og_title":"Que faire \u00e0 S\u00e9ville pendant la Biennale de Flamenco 2026","og_description":"Que faire \u00e0 S\u00e9ville pendant la Biennale de Flamenco 2026 : activit\u00e9s gratuites, quartiers, gastronomie, itin\u00e9raires et spectacles hors programme officiel.","og_url":"https:\/\/www.tablaosflamencos.com\/fr\/que-faire-seville-pendant-biennale-flamenco-2026.html","og_site_name":"Tablaos Flamencos","article_publisher":"https:\/\/www.facebook.com\/tablaosflamencos","article_published_time":"2026-09-05T10:21:41+00:00","article_modified_time":"2026-09-05T10:47:56+00:00","og_image":[{"width":1491,"height":1055,"url":"https:\/\/www.tablaosflamencos.com\/wp-content\/uploads\/que-hacer-en-sevilla-durante-la-bienal-de-flamenco-2026-01.webp","type":"image\/webp"}],"author":"Miguel Ortiz","twitter_card":"summary_large_image","twitter_creator":"@tablaosflamenco","twitter_site":"@tablaosflamenco","twitter_misc":{"\u00c9crit par":"Miguel Ortiz","Dur\u00e9e de lecture estim\u00e9e":"17 minutes"},"schema":{"@context":"https:\/\/schema.org","@graph":[{"@type":"Article","@id":"https:\/\/www.tablaosflamencos.com\/fr\/que-faire-seville-pendant-biennale-flamenco-2026.html#article","isPartOf":{"@id":"https:\/\/www.tablaosflamencos.com\/fr\/que-faire-seville-pendant-biennale-flamenco-2026.html"},"author":{"name":"Miguel Ortiz","@id":"https:\/\/www.tablaosflamencos.com\/fr#\/schema\/person\/e7a9ebe14eb75a52ceabfbffb3c54f5d"},"headline":"Que faire \u00e0 S\u00e9ville pendant la Biennale de Flamenco 2026","datePublished":"2026-09-05T10:21:41+00:00","dateModified":"2026-09-05T10:47:56+00:00","mainEntityOfPage":{"@id":"https:\/\/www.tablaosflamencos.com\/fr\/que-faire-seville-pendant-biennale-flamenco-2026.html"},"wordCount":3367,"publisher":{"@id":"https:\/\/www.tablaosflamencos.com\/fr#organization"},"image":{"@id":"https:\/\/www.tablaosflamencos.com\/fr\/que-faire-seville-pendant-biennale-flamenco-2026.html#primaryimage"},"thumbnailUrl":"https:\/\/www.tablaosflamencos.com\/wp-content\/uploads\/que-hacer-en-sevilla-durante-la-bienal-de-flamenco-2026-01.webp","keywords":["activit\u00e9s \u00e0 S\u00e9ville","Bienal 2026","Bienal de Flamenco","que faire \u00e0 S\u00e9ville","sevilla"],"articleSection":["Biennale de Flamenco"],"inLanguage":"fr-FR"},{"@type":"WebPage","@id":"https:\/\/www.tablaosflamencos.com\/fr\/que-faire-seville-pendant-biennale-flamenco-2026.html","url":"https:\/\/www.tablaosflamencos.com\/fr\/que-faire-seville-pendant-biennale-flamenco-2026.html","name":"Que faire \u00e0 S\u00e9ville pendant la Biennale de Flamenco 2026","isPartOf":{"@id":"https:\/\/www.tablaosflamencos.com\/fr#website"},"primaryImageOfPage":{"@id":"https:\/\/www.tablaosflamencos.com\/fr\/que-faire-seville-pendant-biennale-flamenco-2026.html#primaryimage"},"image":{"@id":"https:\/\/www.tablaosflamencos.com\/fr\/que-faire-seville-pendant-biennale-flamenco-2026.html#primaryimage"},"thumbnailUrl":"https:\/\/www.tablaosflamencos.com\/wp-content\/uploads\/que-hacer-en-sevilla-durante-la-bienal-de-flamenco-2026-01.webp","datePublished":"2026-09-05T10:21:41+00:00","dateModified":"2026-09-05T10:47:56+00:00","description":"Que faire \u00e0 S\u00e9ville pendant la Biennale de Flamenco 2026 : activit\u00e9s gratuites, quartiers, gastronomie, itin\u00e9raires et spectacles hors programme officiel.","breadcrumb":{"@id":"https:\/\/www.tablaosflamencos.com\/fr\/que-faire-seville-pendant-biennale-flamenco-2026.html#breadcrumb"},"inLanguage":"fr-FR","potentialAction":[{"@type":"ReadAction","target":["https:\/\/www.tablaosflamencos.com\/fr\/que-faire-seville-pendant-biennale-flamenco-2026.html"]}]},{"@type":"ImageObject","inLanguage":"fr-FR","@id":"https:\/\/www.tablaosflamencos.com\/fr\/que-faire-seville-pendant-biennale-flamenco-2026.html#primaryimage","url":"https:\/\/www.tablaosflamencos.com\/wp-content\/uploads\/que-hacer-en-sevilla-durante-la-bienal-de-flamenco-2026-01.webp","contentUrl":"https:\/\/www.tablaosflamencos.com\/wp-content\/uploads\/que-hacer-en-sevilla-durante-la-bienal-de-flamenco-2026-01.webp","width":1491,"height":1055,"caption":"Qu\u00e9 hacer en Sevilla durante la Bienal de Flamenco 2026"},{"@type":"BreadcrumbList","@id":"https:\/\/www.tablaosflamencos.com\/fr\/que-faire-seville-pendant-biennale-flamenco-2026.html#breadcrumb","itemListElement":[{"@type":"ListItem","position":1,"name":"Home","item":"https:\/\/www.tablaosflamencos.com\/fr"},{"@type":"ListItem","position":2,"name":"Que faire \u00e0 S\u00e9ville pendant la Biennale de Flamenco 2026"}]},{"@type":"WebSite","@id":"https:\/\/www.tablaosflamencos.com\/fr#website","url":"https:\/\/www.tablaosflamencos.com\/fr","name":"Tablaos Flamencos","description":"Entradas para tablaos flamencos de Espa\u00f1a","publisher":{"@id":"https:\/\/www.tablaosflamencos.com\/fr#organization"},"alternateName":"Tablaos Flamencos","potentialAction":[{"@type":"SearchAction","target":{"@type":"EntryPoint","urlTemplate":"https:\/\/www.tablaosflamencos.com\/fr?s={search_term_string}"},"query-input":{"@type":"PropertyValueSpecification","valueRequired":true,"valueName":"search_term_string"}}],"inLanguage":"fr-FR"},{"@type":["Organization","Place","EntertainmentBusiness"],"@id":"https:\/\/www.tablaosflamencos.com\/fr#organization","name":"Tablaos Flamencos","alternateName":"Tablaos Flamencos","url":"https:\/\/www.tablaosflamencos.com\/fr","logo":{"@id":"https:\/\/www.tablaosflamencos.com\/fr\/que-faire-seville-pendant-biennale-flamenco-2026.html#local-main-organization-logo"},"image":{"@id":"https:\/\/www.tablaosflamencos.com\/fr\/que-faire-seville-pendant-biennale-flamenco-2026.html#local-main-organization-logo"},"sameAs":["https:\/\/www.facebook.com\/tablaosflamencos","https:\/\/x.com\/tablaosflamenco","https:\/\/mastodon.social\/@tablaosflamencos","https:\/\/www.instagram.com\/tablaosflamencos","https:\/\/tiktok.com\/@tablaosflamencos","https:\/\/www.linkedin.com\/company\/109408238\/"],"description":"Venta de entradas para espect\u00e1culos flamencos","legalName":"Tablaos Flamencos","foundingDate":"2015-01-01","numberOfEmployees":{"@type":"QuantitativeValue","minValue":"1","maxValue":"10"},"address":{"@id":"https:\/\/www.tablaosflamencos.com\/fr\/que-faire-seville-pendant-biennale-flamenco-2026.html#local-main-place-address"},"geo":{"@type":"GeoCoordinates","latitude":"37.3868072","longitude":"-5.993280299999999"},"telephone":["+34623787787"],"contactPoint":{"@type":"ContactPoint","telephone":"+34623787787","email":"info@tablaosflamencos.com"},"openingHoursSpecification":{"@type":"OpeningHoursSpecification","dayOfWeek":["Monday","Tuesday","Wednesday","Thursday","Friday","Saturday","Sunday"],"opens":"00:00","closes":"23:59"},"email":"info@tablaosflamencos.com","priceRange":"$$$","currenciesAccepted":"\u20ac"},{"@type":"Person","@id":"https:\/\/www.tablaosflamencos.com\/fr#\/schema\/person\/e7a9ebe14eb75a52ceabfbffb3c54f5d","name":"Miguel Ortiz","description":"Miguel Ortiz es un empresario flamenco, con una s\u00f3lida trayectoria dentro del sector. Ha presidido entidades culturales vinculadas al flamenco y, cuenta con un amplio recorrido profesional en la gesti\u00f3n y promoci\u00f3n de espect\u00e1culos y tablaos flamencos. Su pasi\u00f3n por la historia y el arte flamenco se refleja en cada art\u00edculo, donde combina experiencia, criterio y un profundo respeto por la tradici\u00f3n.","sameAs":["https:\/\/www.tablaosflamencos.com","https:\/\/www.instagra.com\/miguelortizfe","https:\/\/www.linkedin.com\/in\/miguelortizf\/"],"birthDate":"1984-11-22","gender":"hombre","knowsLanguage":["espa\u00f1ol","ingl\u00e9s"],"jobTitle":"Empresario flamenco"},{"@type":"PostalAddress","@id":"https:\/\/www.tablaosflamencos.com\/fr\/que-faire-seville-pendant-biennale-flamenco-2026.html#local-main-place-address","streetAddress":"C\/ Alemanes, 19","addressLocality":"Sevilla","postalCode":"41004","addressRegion":"Sevilla","addressCountry":"ES"},{"@type":"ImageObject","inLanguage":"fr-FR","@id":"https:\/\/www.tablaosflamencos.com\/fr\/que-faire-seville-pendant-biennale-flamenco-2026.html#local-main-organization-logo","url":"https:\/\/www.tablaosflamencos.com\/wp-content\/uploads\/tablaos-flamencos-06-3.webp","contentUrl":"https:\/\/www.tablaosflamencos.com\/wp-content\/uploads\/tablaos-flamencos-06-3.webp","width":600,"height":620,"caption":"Tablaos Flamencos"}]},"geo.placename":"Sevilla","geo.position":{"lat":"37.3868072","long":"-5.993280299999999"},"geo.region":"Espagne"},"_links":{"self":[{"href":"https:\/\/www.tablaosflamencos.com\/fr\/wp-json\/wp\/v2\/posts\/14716","targetHints":{"allow":["GET"]}}],"collection":[{"href":"https:\/\/www.tablaosflamencos.com\/fr\/wp-json\/wp\/v2\/posts"}],"about":[{"href":"https:\/\/www.tablaosflamencos.com\/fr\/wp-json\/wp\/v2\/types\/post"}],"author":[{"embeddable":true,"href":"https:\/\/www.tablaosflamencos.com\/fr\/wp-json\/wp\/v2\/users\/1"}],"replies":[{"embeddable":true,"href":"https:\/\/www.tablaosflamencos.com\/fr\/wp-json\/wp\/v2\/comments?post=14716"}],"version-history":[{"count":2,"href":"https:\/\/www.tablaosflamencos.com\/fr\/wp-json\/wp\/v2\/posts\/14716\/revisions"}],"predecessor-version":[{"id":14731,"href":"https:\/\/www.tablaosflamencos.com\/fr\/wp-json\/wp\/v2\/posts\/14716\/revisions\/14731"}],"wp:featuredmedia":[{"embeddable":true,"href":"https:\/\/www.tablaosflamencos.com\/fr\/wp-json\/wp\/v2\/media\/14704"}],"wp:attachment":[{"href":"https:\/\/www.tablaosflamencos.com\/fr\/wp-json\/wp\/v2\/media?parent=14716"}],"wp:term":[{"taxonomy":"category","embeddable":true,"href":"https:\/\/www.tablaosflamencos.com\/fr\/wp-json\/wp\/v2\/categories?post=14716"},{"taxonomy":"post_tag","embeddable":true,"href":"https:\/\/www.tablaosflamencos.com\/fr\/wp-json\/wp\/v2\/tags?post=14716"}],"curies":[{"name":"wp","href":"https:\/\/api.w.org\/{rel}","templated":true}]}}