{"id":14657,"date":"2026-09-05T11:17:33","date_gmt":"2026-09-05T09:17:33","guid":{"rendered":"https:\/\/www.tablaosflamencos.com\/?p=14657"},"modified":"2026-09-05T12:27:01","modified_gmt":"2026-09-05T10:27:01","slug":"activites-paralleles-biennale-flamenco-seville-2026","status":"publish","type":"post","link":"https:\/\/www.tablaosflamencos.com\/fr\/activites-paralleles-biennale-flamenco-seville-2026.html","title":{"rendered":"Activit\u00e9s parall\u00e8les de la Biennale 2026 : expositions, cin\u00e9ma, flamenco dans la rue et plus encore"},"content":{"rendered":"<section class=\"l-section wpb_row height_huge\"><div class=\"l-section-h i-cf\"><div class=\"g-cols vc_row via_flex valign_top type_default stacking_default\"><div class=\"vc_col-sm-6 wpb_column vc_column_container\"><div class=\"vc_column-inner\"><div class=\"wpb_wrapper\"><div class=\"wpb_text_column\"><div class=\"wpb_wrapper\"><h2>Activit\u00e9s parall\u00e8les de la Biennale 2026 : bien plus que des spectacles<\/h2>\n<p>La XXIVe Biennale de Flamenco de S\u00e9ville se d\u00e9roule du <strong>9 septembre au 3 octobre 2026<\/strong>, mais son activit\u00e9 culturelle d\u00e9passe ces dates et les sc\u00e8nes principales. Sous le nom <strong>\u00ab Otras perlas \u00bb (Autres perles)<\/strong>, la Biennale r\u00e9unit expositions, cin\u00e9ma, flamenco dans la rue, propositions familiales, interventions urbaines et activit\u00e9s organis\u00e9es avec les institutions culturelles de S\u00e9ville.<\/p>\n<p>Vous pouvez donc vivre la Biennale sans entrer chaque jour dans un th\u00e9\u00e2tre. Certaines activit\u00e9s sont gratuites, d\u2019autres compl\u00e8tent le programme principal et plusieurs commencent avant l\u2019inauguration officielle ou se poursuivent apr\u00e8s la fin du festival.<\/p>\n<p>Ce guide rassemble les activit\u00e9s parall\u00e8les les plus int\u00e9ressantes de 2026 et explique <strong>ce qui m\u00e9rite le d\u00e9tour, les dates et la mani\u00e8re de les int\u00e9grer \u00e0 une visite de S\u00e9ville<\/strong>.<\/p>\n<\/div><\/div><\/div><\/div><\/div><div class=\"vc_col-sm-6 wpb_column vc_column_container\"><div class=\"vc_column-inner\"><div class=\"wpb_wrapper\"><div class=\"wpb_text_column\"><div class=\"wpb_wrapper\"><h2>Que comprend \u00ab Otras perlas \u00bb en 2026 ?<\/h2>\n<p>Le programme parall\u00e8le est loin d\u2019\u00eatre un simple compl\u00e9ment. La Biennale s\u2019en sert pour ouvrir le flamenco \u00e0 d\u2019autres formes d\u2019expression et \u00e0 d\u2019autres publics : patrimoine, photographie, cin\u00e9ma documentaire, activit\u00e9s familiales, espaces urbains et programmation associ\u00e9e d\u2019universit\u00e9s, de fondations et d\u2019organismes culturels.<\/p>\n<p>Parmi les grands axes de 2026 figurent <strong>La noche azul<\/strong>, le cycle <strong>Flamenco a pie de calle<\/strong>, la proclamation inaugurale chant\u00e9e <strong>Ecos Primitivos<\/strong>, l\u2019atelier familial <strong>Tirititr\u00e1n<\/strong>, l\u2019intervention urbaine <strong>Sala de revelado<\/strong> et le programme associ\u00e9 <strong>Sevilla se deja ver<\/strong>.<\/p>\n<p>L\u2019avantage pratique est important : en passant plusieurs jours \u00e0 S\u00e9ville, vous pouvez combiner un spectacle officiel le soir avec des expositions, du cin\u00e9ma ou des activit\u00e9s gratuites pendant la journ\u00e9e.<\/p>\n<\/div><\/div><\/div><\/div><\/div><\/div><\/div><\/section><section class=\"l-section wpb_row height_huge color_alternate with_shape\"><div class=\"l-section-shape type_zigzag pos_top hor_flip\" style=\"height:3vmin;\"><svg xmlns=\"http:\/\/www.w3.org\/2000\/svg\" viewBox=\"0 0 64 8\" preserveAspectRatio=\"none\" width=\"100%\" height=\"100%\">\r\n\t<path fill=\"currentColor\" d=\"M64 8 L0 8 L0 0 L20 7.9 L40 3 L48 5 L64 0 Z\"\/>\r\n<\/svg><\/div><div class=\"l-section-shape type_zigzag pos_bottom\" style=\"height:3vmin;\"><svg xmlns=\"http:\/\/www.w3.org\/2000\/svg\" viewBox=\"0 0 64 8\" preserveAspectRatio=\"none\" width=\"100%\" height=\"100%\">\r\n\t<path fill=\"currentColor\" d=\"M64 8 L0 8 L0 0 L20 7.9 L40 3 L48 5 L64 0 Z\"\/>\r\n<\/svg><\/div><div class=\"l-section-h i-cf\"><div class=\"g-cols vc_row via_flex valign_top type_default stacking_default\"><div class=\"vc_col-sm-12 wpb_column vc_column_container\"><div class=\"vc_column-inner\"><div class=\"wpb_wrapper\"><div class=\"wpb_text_column\"><div class=\"wpb_wrapper\"><blockquote>\n<p><strong>L\u2019essentiel :<\/strong> les activit\u00e9s parall\u00e8les de la Biennale 2026 sont r\u00e9unies sous le programme <strong>\u00ab Otras perlas \u00bb<\/strong> et comprennent l\u2019exposition gratuite <em>La noche azul<\/em>, les repr\u00e9sentations de <em>Flamenco a pie de calle<\/em>, la proclamation inaugurale chant\u00e9e <em>Ecos Primitivos<\/em>, les ateliers familiaux avec <em>Tirititr\u00e1n<\/em>, les interventions urbaines comme <em>Sala de revelado<\/em> et le programme culturel associ\u00e9 <em>Sevilla se deja ver<\/em>, avec du cin\u00e9ma, des expositions, des conf\u00e9rences et d\u2019autres propositions.<\/p>\n<\/blockquote>\n<p><strong>Derni\u00e8re mise \u00e0 jour : 5 septembre 2026.<\/strong><\/p>\n<p>Pour des sorties sp\u00e9cifiquement gratuites, consultez aussi notre guide <a href=\"https:\/\/www.tablaosflamencos.com\/fr\/biennale-flamenco-seville-2026-gratuite.html\"><strong>Biennale de Flamenco de S\u00e9ville 2026 gratuite<\/strong><\/a>. Pour organiser l\u2019ensemble de votre festival, retrouvez notre <a href=\"https:\/\/www.tablaosflamencos.com\/fr\/biennale-flamenco-seville-2026.html\"><strong>guide g\u00e9n\u00e9ral de la Biennale 2026<\/strong><\/a>.<\/p>\n<\/div><\/div><div class=\"w-separator size_medium\"><\/div><div class=\"w-hwrapper valign_top wrap align_center\" style=\"--hwrapper-gap:1.2rem\"><div class=\"w-btn-wrapper align_none\"><a class=\"w-btn us-btn-style_1\" href=\"https:\/\/www.tablaosflamencos.com\/fr\/biennale-flamenco-seville-2026.html\"><span class=\"w-btn-label\">Voir le guide complet de la Biennale<\/span><\/a><\/div><div class=\"w-btn-wrapper align_none\"><a class=\"w-btn us-btn-style_11\" href=\"https:\/\/www.tablaosflamencos.com\/fr\/biennale-flamenco-seville-2026-gratuite.html\"><span class=\"w-btn-label\">Voir les activit\u00e9s gratuites<\/span><\/a><\/div><\/div><\/div><\/div><\/div><\/div><\/div><\/section><section class=\"l-section wpb_row height_huge\"><div class=\"l-section-h i-cf\"><div class=\"g-cols vc_row via_flex valign_top type_default stacking_default\"><div class=\"vc_col-sm-3 wpb_column vc_column_container\"><div class=\"vc_column-inner\"><div class=\"wpb_wrapper\"><\/div><\/div><\/div><div class=\"vc_col-sm-6 wpb_column vc_column_container\"><div class=\"vc_column-inner\"><div class=\"wpb_wrapper\"><div class=\"wpb_text_column\"><div class=\"wpb_wrapper\"><h2>Sommaire de ce guide<\/h2>\n<ul>\n<li><a href=\"#resumen\">Calendrier des activit\u00e9s parall\u00e8les en bref<\/a><\/li>\n<li><a href=\"#noche-azul\">La noche azul<\/a><\/li>\n<li><a href=\"#calle\">Flamenco a pie de calle<\/a><\/li>\n<li><a href=\"#revelado\">Sala de revelado<\/a><\/li>\n<li><a href=\"#pregon\">Proclamation inaugurale chant\u00e9e Ecos Primitivos<\/a><\/li>\n<li><a href=\"#familias\">Tirititr\u00e1n : le flamenco en famille<\/a><\/li>\n<li><a href=\"#sevilla-se-deja-ver\">Sevilla se deja ver : cin\u00e9ma et culture<\/a><\/li>\n<li><a href=\"#organizar\">Comment organiser les activit\u00e9s<\/a><\/li>\n<li><a href=\"#faq\">Questions fr\u00e9quentes<\/a><\/li>\n<\/ul>\n<\/div><\/div><\/div><\/div><\/div><div class=\"vc_col-sm-3 wpb_column vc_column_container\"><div class=\"vc_column-inner\"><div class=\"wpb_wrapper\"><\/div><\/div><\/div><\/div><\/div><\/section><section class=\"l-section wpb_row height_huge\"><div class=\"l-section-h i-cf\"><div class=\"g-cols vc_row via_flex valign_top type_default stacking_default\"><div class=\"vc_col-sm-12 wpb_column vc_column_container\"><div class=\"vc_column-inner\"><div class=\"wpb_wrapper\"><div class=\"wpb_text_column\"><div class=\"wpb_wrapper\"><h2 id=\"resumen\">Calendrier en bref : les activit\u00e9s parall\u00e8les de la Biennale 2026<\/h2>\n<div style=\"overflow-x: auto;\">\n<table>\n<thead>\n<tr>\n<th>Activit\u00e9<\/th>\n<th>Date<\/th>\n<th>Lieu \/ secteur<\/th>\n<th>Au programme<\/th>\n<\/tr>\n<\/thead>\n<tbody>\n<tr>\n<td><strong>La noche azul<\/strong><\/td>\n<td>2 septembre\u201322 novembre<\/td>\n<td>Real F\u00e1brica de Artiller\u00eda<\/td>\n<td>Grande exposition sur l\u2019\u00d3pera Flamenca ; entr\u00e9e gratuite<\/td>\n<\/tr>\n<tr>\n<td><strong>Flamenco a pie de calle<\/strong><\/td>\n<td>\u00c0 partir du 3 septembre<\/td>\n<td>Diff\u00e9rents quartiers et espaces<\/td>\n<td>Repr\u00e9sentations ouvertes au public et flamenco hors des th\u00e9\u00e2tres<\/td>\n<\/tr>\n<tr>\n<td><strong>Sala de revelado<\/strong><\/td>\n<td>\u00c0 partir du 3 septembre<\/td>\n<td>Parcours urbain dans S\u00e9ville<\/td>\n<td>Photographie et son autour du processus cr\u00e9atif des artistes de la Biennale<\/td>\n<\/tr>\n<tr>\n<td><strong>Ecos Primitivos<\/strong><\/td>\n<td>9 septembre, 20 h 30<\/td>\n<td>Plaza de San Francisco<\/td>\n<td>Proclamation chant\u00e9e et immersive m\u00ealant chant et danse<\/td>\n<\/tr>\n<tr>\n<td><strong>Tirititr\u00e1n<\/strong><\/td>\n<td>11\u201313 septembre<\/td>\n<td>CaixaForum Sevilla<\/td>\n<td>Activit\u00e9 familiale pour d\u00e9couvrir le rythme du flamenco<\/td>\n<\/tr>\n<tr>\n<td><strong>Flamencas<\/strong><\/td>\n<td>8, 15, 22 et 29 septembre<\/td>\n<td>Fundaci\u00f3n Tres Culturas<\/td>\n<td>Cycle cin\u00e9matographique consacr\u00e9 aux femmes du flamenco<\/td>\n<\/tr>\n<tr>\n<td><strong>Sevilla se deja ver<\/strong><\/td>\n<td>Pendant la Biennale<\/td>\n<td>Diff\u00e9rentes institutions<\/td>\n<td>Cin\u00e9ma, expositions, conf\u00e9rences et activit\u00e9s culturelles associ\u00e9es<\/td>\n<\/tr>\n<\/tbody>\n<\/table>\n<\/div>\n<p>Les dates et horaires peuvent \u00eatre compl\u00e9t\u00e9s ou actualis\u00e9s pendant le festival. Pour les activit\u00e9s gratuites annonc\u00e9es \u00e0 la derni\u00e8re minute, consultez \u00e9galement les canaux officiels de la Biennale et de chaque institution participante.<\/p>\n<\/div><\/div><\/div><\/div><\/div><\/div><\/div><\/section><section class=\"l-section wpb_row height_huge color_alternate with_shape\"><div class=\"l-section-shape type_zigzag pos_top\" style=\"height:3vmin;\"><svg xmlns=\"http:\/\/www.w3.org\/2000\/svg\" viewBox=\"0 0 64 8\" preserveAspectRatio=\"none\" width=\"100%\" height=\"100%\">\r\n\t<path fill=\"currentColor\" d=\"M64 8 L0 8 L0 0 L20 7.9 L40 3 L48 5 L64 0 Z\"\/>\r\n<\/svg><\/div><div class=\"l-section-shape type_zigzag pos_bottom\" style=\"height:3vmin;\"><svg xmlns=\"http:\/\/www.w3.org\/2000\/svg\" viewBox=\"0 0 64 8\" preserveAspectRatio=\"none\" width=\"100%\" height=\"100%\">\r\n\t<path fill=\"currentColor\" d=\"M64 8 L0 8 L0 0 L20 7.9 L40 3 L48 5 L64 0 Z\"\/>\r\n<\/svg><\/div><div class=\"l-section-h i-cf\"><div class=\"g-cols vc_row via_flex valign_top type_default stacking_default\"><div class=\"vc_col-sm-6 wpb_column vc_column_container\"><div class=\"vc_column-inner\"><div class=\"wpb_wrapper\"><div class=\"wpb_text_column\"><div class=\"wpb_wrapper\"><h2 id=\"noche-azul\">La noche azul : la grande exposition de la Biennale 2026<\/h2>\n<p>L\u2019activit\u00e9 parall\u00e8le la plus ambitieuse de cette \u00e9dition est <strong>\u00ab La noche azul. \u00d3pera Flamenca en la colecci\u00f3n de Carlos Mart\u00edn Ballester \u00bb<\/strong>. Elle se visite du <strong>2 septembre au 22 novembre<\/strong> dans la Nave de Grabados de la Real F\u00e1brica de Artiller\u00eda, et reste donc ouverte bien apr\u00e8s la fin de la Biennale.<\/p>\n<p>L\u2019exposition, dont le commissariat est assur\u00e9 par Carlos Mart\u00edn Ballester et Zaida Hern\u00e1ndez-\u00darculo, r\u00e9unit <strong>328 pi\u00e8ces<\/strong> li\u00e9es au ph\u00e9nom\u00e8ne de l\u2019\u00d3pera Flamenca : affiches, disques 78 tours, gramophones, photographies et documents. Le parcours aide \u00e0 comprendre comment, entre les ann\u00e9es 1920 et 1950, le flamenco est devenu un spectacle de masse li\u00e9 aux th\u00e9\u00e2tres, aux ar\u00e8nes, \u00e0 la radio et \u00e0 l\u2019industrie discographique.<\/p>\n<p>L\u2019entr\u00e9e est <strong>gratuite dans la limite des places disponibles<\/strong>. Pour approfondir votre d\u00e9couverte, nous avons pr\u00e9par\u00e9 un guide consacr\u00e9 \u00e0 <a href=\"https:\/\/www.tablaosflamencos.com\/fr\/la-nuit-bleue-opera-flamenco-biennale-seville-2026.html\"><strong>La noche azul et l\u2019\u00e9poque de l\u2019\u00d3pera Flamenca<\/strong><\/a>.<\/p>\n<\/div><\/div><\/div><\/div><\/div><div class=\"vc_col-sm-6 wpb_column vc_column_container\"><div class=\"vc_column-inner\"><div class=\"wpb_wrapper\"><div class=\"wpb_text_column\"><div class=\"wpb_wrapper\"><h2>Pourquoi la visiter m\u00eame si vous assistez \u00e0 plusieurs spectacles<\/h2>\n<p>L\u2019exposition apporte ce qu\u2019un spectacle de la Biennale ne peut offrir \u00e0 lui seul : <strong>un contexte historique<\/strong>. Voir une cr\u00e9ation contemporaine apr\u00e8s avoir d\u00e9couvert des affiches, des enregistrements et des photographies vieux d\u2019un si\u00e8cle permet de mieux comprendre l\u2019\u00e9volution du flamenco et les \u00e9l\u00e9ments qui restent vivants.<\/p>\n<p>C\u2019est aussi une option particuli\u00e8rement utile au milieu de la journ\u00e9e. Vous pouvez visiter la Real F\u00e1brica de Artiller\u00eda et r\u00e9server la soir\u00e9e \u00e0 un spectacle officiel, \u00e0 un tablao ou \u00e0 une activit\u00e9 dans la rue.<\/p>\n<p>Son calendrier jusqu\u2019en novembre en fait \u00e9galement l\u2019une des rares \u00ab Otras perlas \u00bb accessibles aux visiteurs qui arrivent \u00e0 S\u00e9ville <strong>apr\u00e8s le 3 octobre<\/strong>. Dans ce cas, consultez notre guide pour savoir <a href=\"https:\/\/www.tablaosflamencos.com\/fr\/flamenco-apres-biennale-ou-voir-seville.html\"><strong>o\u00f9 continuer \u00e0 voir du flamenco \u00e0 S\u00e9ville apr\u00e8s la Biennale<\/strong><\/a>.<\/p>\n<\/div><\/div><\/div><\/div><\/div><\/div><\/div><\/section><section class=\"l-section wpb_row height_huge\"><div class=\"l-section-h i-cf\"><div class=\"g-cols vc_row via_flex valign_top type_default stacking_default\"><div class=\"vc_col-sm-6 wpb_column vc_column_container\"><div class=\"vc_column-inner\"><div class=\"wpb_wrapper\"><div class=\"wpb_text_column\"><div class=\"wpb_wrapper\"><h2 id=\"calle\">Flamenco a pie de calle : la Biennale sort des th\u00e9\u00e2tres<\/h2>\n<p>L\u2019un des objectifs les plus clairs de 2026 est d\u2019amener le flamenco dans les quartiers et les espaces du quotidien. Le cycle <strong>Flamenco a pie de calle<\/strong> a commenc\u00e9 avant m\u00eame l\u2019inauguration officielle.<\/p>\n<p>Le <strong>3 septembre<\/strong>, le Pol\u00edgono Sur a accueilli <em>La noche de las gitanas<\/em>, une proposition collective li\u00e9e \u00e0 la m\u00e9moire et \u00e0 la culture flamenca des femmes gitanes. Le <strong>4 septembre<\/strong>, les fr\u00e8res Diego et Hugo Aguilar ont pr\u00e9sent\u00e9 <em>Cuesti\u00f3n de tiempo<\/em> au Monasterio de San Jer\u00f3nimo, une pi\u00e8ce dans\u00e9e sur la m\u00e9moire, l\u2019identit\u00e9 et l\u2019h\u00e9ritage familial.<\/p>\n<p>Le <strong>5 septembre<\/strong>, la Plaza Virgen del Pilar de La Barzola accueille le deuxi\u00e8me Festival Macarena Flamenca, d\u00e9di\u00e9 \u00e0 Jos\u00e9 el de la Tomasa. Ces propositions montrent que la Biennale 2026 ne commence pas culturellement le 9 : les activit\u00e9s se d\u00e9ploient dans la ville d\u00e8s le d\u00e9but du mois de septembre.<\/p>\n<\/div><\/div><\/div><\/div><\/div><div class=\"vc_col-sm-6 wpb_column vc_column_container\"><div class=\"vc_column-inner\"><div class=\"wpb_wrapper\"><div class=\"wpb_text_column\"><div class=\"wpb_wrapper\"><h2>Une Biennale davantage r\u00e9partie dans S\u00e9ville<\/h2>\n<p>L\u2019int\u00e9r\u00eat de <em>Flamenco a pie de calle<\/em> ne tient pas seulement \u00e0 l\u2019acc\u00e8s ouvert de nombreuses propositions. Le cycle modifie aussi la carte mentale du visiteur : le flamenco ne se limite ni au centre monumental ni aux grandes salles.<\/p>\n<p>Pol\u00edgono Sur, San Jer\u00f3nimo, Macarena et d\u2019autres lieux permettent de d\u00e9couvrir des quartiers aux identit\u00e9s diff\u00e9rentes. Pour un s\u00e9jour de plusieurs jours \u00e0 S\u00e9ville, ces activit\u00e9s sont une bonne occasion de <strong>sortir du circuit touristique habituel<\/strong> et de comprendre que la culture flamenca de la ville n\u2019appartient pas \u00e0 un seul quartier.<\/p>\n<p>Pour retrouver toutes les options sans frais, consultez notre article sur les <a href=\"https:\/\/www.tablaosflamencos.com\/fr\/biennale-flamenco-seville-2026-gratuite.html\"><strong>spectacles et activit\u00e9s gratuits de la Biennale 2026<\/strong><\/a>, actualis\u00e9 avec les propositions confirm\u00e9es.<\/p>\n<\/div><\/div><\/div><\/div><\/div><\/div><\/div><\/section><section class=\"l-section wpb_row height_huge color_alternate with_shape\"><div class=\"l-section-shape type_zigzag pos_top hor_flip\" style=\"height:3vmin;\"><svg xmlns=\"http:\/\/www.w3.org\/2000\/svg\" viewBox=\"0 0 64 8\" preserveAspectRatio=\"none\" width=\"100%\" height=\"100%\">\r\n\t<path fill=\"currentColor\" d=\"M64 8 L0 8 L0 0 L20 7.9 L40 3 L48 5 L64 0 Z\"\/>\r\n<\/svg><\/div><div class=\"l-section-shape type_zigzag pos_bottom\" style=\"height:3vmin;\"><svg xmlns=\"http:\/\/www.w3.org\/2000\/svg\" viewBox=\"0 0 64 8\" preserveAspectRatio=\"none\" width=\"100%\" height=\"100%\">\r\n\t<path fill=\"currentColor\" d=\"M64 8 L0 8 L0 0 L20 7.9 L40 3 L48 5 L64 0 Z\"\/>\r\n<\/svg><\/div><div class=\"l-section-h i-cf\"><div class=\"g-cols vc_row via_flex valign_top type_default stacking_default\"><div class=\"vc_col-sm-6 wpb_column vc_column_container\"><div class=\"vc_column-inner\"><div class=\"wpb_wrapper\"><div class=\"wpb_text_column\"><div class=\"wpb_wrapper\"><h2 id=\"revelado\">Sala de revelado : \u00ab L\u2019invisible aussi est flamenco \u00bb<\/h2>\n<p>La Biennale a ajout\u00e9 en septembre une intervention urbaine particuli\u00e8rement int\u00e9ressante : <strong>\u00ab Sala de revelado \u00bb<\/strong>. Le projet a commenc\u00e9 le 3 septembre dans la rue San Jacinto, \u00e0 Triana, et prend la forme d\u2019un parcours \u00e0 travers diff\u00e9rents points de la ville, de Triana \u00e0 Nervi\u00f3n en passant par la rue Feria.<\/p>\n<p>\u00c0 travers la photographie et le son, il montre <strong>ce qui se passe avant le lever du rideau<\/strong> : r\u00e9p\u00e9titions, recherche, reprises, exploration et construction des spectacles.<\/p>\n<p>La photographe officielle de la Biennale, Laura Le\u00f3n, a document\u00e9 les processus cr\u00e9atifs d\u2019artistes comme Manuel Li\u00f1\u00e1n, Ana Morales, Andr\u00e9s Mar\u00edn, David Coria, Patricia Guerrero, le Ballet Flamenco de Andaluc\u00eda et Rosario La Tremendita. Une autre mani\u00e8re d\u2019approcher la Biennale sans entrer dans une salle.<\/p>\n<\/div><\/div><\/div><\/div><\/div><div class=\"vc_col-sm-6 wpb_column vc_column_container\"><div class=\"vc_column-inner\"><div class=\"wpb_wrapper\"><div class=\"wpb_text_column\"><div class=\"wpb_wrapper\"><h2>Du flamenco dans la rue sans avoir \u00e0 trouver une sc\u00e8ne<\/h2>\n<p>Cette initiative se distingue de <em>Flamenco a pie de calle<\/em>. L\u2019objectif n\u2019est pas n\u00e9cessairement d\u2019assister \u00e0 une repr\u00e9sentation compl\u00e8te, mais de <strong>rencontrer le processus cr\u00e9atif dans l\u2019espace urbain<\/strong>.<\/p>\n<p>Cette activit\u00e9 est donc particuli\u00e8rement souple pour le visiteur : elle peut se d\u00e9couvrir au cours d\u2019une promenade dans des quartiers d\u00e9j\u00e0 inscrits \u00e0 son itin\u00e9raire. La Biennale souhaite pr\u00e9cis\u00e9ment que le flamenco touche aussi ceux qui ne cherchaient pas d\u2019activit\u00e9 programm\u00e9e.<\/p>\n<p>L\u2019id\u00e9e correspond \u00e0 une \u00e9dition qui veut r\u00e9v\u00e9ler la partie la moins visible de la cr\u00e9ation. Lorsque vous retrouvez ensuite les m\u00eames artistes sur sc\u00e8ne, vous percevez mieux tout le travail qui se cache derri\u00e8re une production.<\/p>\n<\/div><\/div><\/div><\/div><\/div><\/div><\/div><\/section><section class=\"l-section wpb_row height_huge\"><div class=\"l-section-h i-cf\"><div class=\"g-cols vc_row via_flex valign_top type_default stacking_default\"><div class=\"vc_col-sm-6 wpb_column vc_column_container\"><div class=\"vc_column-inner\"><div class=\"wpb_wrapper\"><div class=\"wpb_text_column\"><div class=\"wpb_wrapper\"><h2 id=\"pregon\">Ecos Primitivos : une proclamation inaugurale chant\u00e9e sur la Plaza de San Francisco<\/h2>\n<p>L\u2019ouverture du <strong>9 septembre<\/strong> comprendra l\u2019une des activit\u00e9s les plus singuli\u00e8res du programme parall\u00e8le. \u00c0 <strong>20 h 30<\/strong>, la Plaza de San Francisco accueille <strong>\u00ab Ecos Primitivos. Cante en Altura \u00b7 Danza en Tierra \u00bb<\/strong>, con\u00e7u comme proclamation inaugurale chant\u00e9e de la Biennale et coorganis\u00e9 avec la Fundaci\u00f3n Cajasol.<\/p>\n<p>La direction artistique est confi\u00e9e \u00e0 <strong>Segundo Falc\u00f3n<\/strong>. Les voix de Segundo Falc\u00f3n, Esperanza Fern\u00e1ndez, Pedro El Grana\u00edno, Rafael de Utrera et Mar\u00eda Terremoto se r\u00e9partissent sur les balcons de la place, tandis que <strong>Ana Morales<\/strong> occupe l\u2019espace central avec la danse.<\/p>\n<p>L\u2019architecture urbaine devient ainsi une composante de la dramaturgie : public autour de l\u2019action, voix venues des hauteurs et danse au niveau de la rue. Cette inauguration est pens\u00e9e comme une exp\u00e9rience collective plut\u00f4t que comme un spectacle frontal classique.<\/p>\n<\/div><\/div><\/div><\/div><\/div><div class=\"vc_col-sm-6 wpb_column vc_column_container\"><div class=\"vc_column-inner\"><div class=\"wpb_wrapper\"><div class=\"wpb_text_column\"><div class=\"wpb_wrapper\"><h2>Comment int\u00e9grer la proclamation \u00e0 la premi\u00e8re soir\u00e9e de la Biennale<\/h2>\n<p>La Plaza de San Francisco permet de combiner facilement la proclamation avec d\u2019autres sorties dans le centre. La cath\u00e9drale, la Plaza Nueva, l\u2019Avenida de la Constituci\u00f3n et les alentours de l\u2019h\u00f4tel de ville sont \u00e0 quelques minutes \u00e0 pied.<\/p>\n<p>Pour organiser plus particuli\u00e8rement les premiers jours, consultez aussi notre article sur <a href=\"https:\/\/www.tablaosflamencos.com\/fr\/inauguration-biennale-flamenco-seville-2026.html\"><strong>le d\u00e9roulement de l\u2019inauguration de la Biennale de Flamenco 2026<\/strong><\/a> et l\u2019article <a href=\"https:\/\/www.tablaosflamencos.com\/fr\/biennale-flamenco-seville-2026-avant-9-septembre.html\"><strong>La Biennale commence avant le 9 septembre<\/strong><\/a>, qui r\u00e9unit les \u00e9v\u00e9nements pr\u00e9alables.<\/p>\n<p>Le conseil pratique est d\u2019arriver en avance. Pour une proposition dans l\u2019espace public, l\u2019exp\u00e9rience d\u00e9pend beaucoup de la position depuis laquelle vous pouvez \u00e9couter et observer la relation entre les balcons, la place et la danse.<\/p>\n<\/div><\/div><\/div><\/div><\/div><\/div><\/div><\/section><section class=\"l-section wpb_row height_huge color_alternate with_shape\"><div class=\"l-section-shape type_zigzag pos_top hor_flip\" style=\"height:3vmin;\"><svg xmlns=\"http:\/\/www.w3.org\/2000\/svg\" viewBox=\"0 0 64 8\" preserveAspectRatio=\"none\" width=\"100%\" height=\"100%\">\r\n\t<path fill=\"currentColor\" d=\"M64 8 L0 8 L0 0 L20 7.9 L40 3 L48 5 L64 0 Z\"\/>\r\n<\/svg><\/div><div class=\"l-section-shape type_zigzag pos_bottom\" style=\"height:3vmin;\"><svg xmlns=\"http:\/\/www.w3.org\/2000\/svg\" viewBox=\"0 0 64 8\" preserveAspectRatio=\"none\" width=\"100%\" height=\"100%\">\r\n\t<path fill=\"currentColor\" d=\"M64 8 L0 8 L0 0 L20 7.9 L40 3 L48 5 L64 0 Z\"\/>\r\n<\/svg><\/div><div class=\"l-section-h i-cf\"><div class=\"g-cols vc_row via_flex valign_top type_default stacking_default\"><div class=\"vc_col-sm-6 wpb_column vc_column_container\"><div class=\"vc_column-inner\"><div class=\"wpb_wrapper\"><div class=\"wpb_text_column\"><div class=\"wpb_wrapper\"><h2 id=\"familias\">Tirititr\u00e1n : vivre le rythme flamenco en famille<\/h2>\n<p>La Biennale 2026 propose \u00e9galement une activit\u00e9 pens\u00e9e sp\u00e9cialement pour les familles. <strong>\u00ab Venez vivre le rythme flamenco en famille avec Tirititr\u00e1n \u00bb<\/strong> se d\u00e9roule au CaixaForum Sevilla les <strong>11, 12 et 13 septembre<\/strong>, avec plusieurs s\u00e9ances et cr\u00e9neaux horaires.<\/p>\n<p>L\u2019atelier, dirig\u00e9 par <strong>Ra\u00fal Mart\u00ednez<\/strong>, utilise les alegr\u00edas pour initier enfants et adultes au cycle rythmique de douze temps gr\u00e2ce aux percussions corporelles, aux jeux rythmiques et \u00e0 la participation directe.<\/p>\n<p>L\u2019activit\u00e9 est gratuite et permet de vivre le flamenco de l\u2019int\u00e9rieur : pas seulement regarder ou \u00e9couter, mais <strong>ressentir le rythme et participer<\/strong>. Pour les familles en voyage \u00e0 S\u00e9ville pendant la Biennale, ce peut \u00eatre l\u2019une des activit\u00e9s parall\u00e8les les plus accessibles et originales.<\/p>\n<\/div><\/div><\/div><\/div><\/div><div class=\"vc_col-sm-6 wpb_column vc_column_container\"><div class=\"vc_column-inner\"><div class=\"wpb_wrapper\"><div class=\"wpb_text_column\"><div class=\"wpb_wrapper\"><h2>La Biennale peut aussi se d\u00e9couvrir avec des enfants<\/h2>\n<p>Un festival de cette ampleur n\u2019est pas forc\u00e9ment exclusivement nocturne ou r\u00e9serv\u00e9 aux adultes. L\u2019atelier du CaixaForum permet de d\u00e9couvrir le flamenco par le jeu et le rythme, sans connaissances pr\u00e9alables.<\/p>\n<p>En famille, consultez chaque jour l\u2019agenda officiel : conditions d\u2019acc\u00e8s, s\u00e9ances et capacit\u00e9 d\u2019accueil peuvent varier selon l\u2019activit\u00e9. Pour les spectacles dans les th\u00e9\u00e2tres et les tablaos, v\u00e9rifiez \u00e9galement les conditions particuli\u00e8res avant de r\u00e9server.<\/p>\n<p>La combinaison peut tr\u00e8s bien fonctionner : un atelier familial en journ\u00e9e, une promenade dans S\u00e9ville et une repr\u00e9sentation adapt\u00e9e \u00e0 votre groupe l\u2019apr\u00e8s-midi ou le soir.<\/p>\n<\/div><\/div><\/div><\/div><\/div><\/div><\/div><\/section><section class=\"l-section wpb_row height_huge\"><div class=\"l-section-h i-cf\"><div class=\"g-cols vc_row via_flex valign_top type_default stacking_default\"><div class=\"vc_col-sm-6 wpb_column vc_column_container\"><div class=\"vc_column-inner\"><div class=\"wpb_wrapper\"><div class=\"wpb_text_column\"><div class=\"wpb_wrapper\"><h2 id=\"sevilla-se-deja-ver\">\u00ab Sevilla se deja ver \u00bb : cin\u00e9ma, expositions et activit\u00e9s des institutions culturelles<\/h2>\n<p>Outre les activit\u00e9s produites directement par la Biennale, un programme associ\u00e9 porte le nom <strong>\u00ab Sevilla se deja ver \u00bb<\/strong>. Universit\u00e9s, fondations et organismes culturels de la ville prolongent le festival avec des expositions, des projections, des conf\u00e9rences et des rencontres.<\/p>\n<p>Le cin\u00e9ma constitue l\u2019un de ses axes majeurs. La <strong>Fundaci\u00f3n Tres Culturas del Mediterr\u00e1neo<\/strong> organise le cycle <strong>\u00ab Flamencas \u00bb<\/strong> les <strong>8, 15, 22 et 29 septembre<\/strong>, avec des documentaires consacr\u00e9s aux femmes qui ont contribu\u00e9 \u00e0 la cr\u00e9ation, \u00e0 la pr\u00e9servation et au rayonnement international du flamenco.<\/p>\n<p>Cette programmation permet d\u2019approcher l\u2019art jondo par la m\u00e9moire, la r\u00e9flexion et l\u2019audiovisuel, une perspective particuli\u00e8rement int\u00e9ressante pour aller au-del\u00e0 du spectacle sc\u00e9nique.<\/p>\n<\/div><\/div><\/div><\/div><\/div><div class=\"vc_col-sm-6 wpb_column vc_column_container\"><div class=\"vc_column-inner\"><div class=\"wpb_wrapper\"><div class=\"wpb_text_column\"><div class=\"wpb_wrapper\"><h2>Pourquoi consulter aussi les agendas des institutions<\/h2>\n<p>La programmation associ\u00e9e est la partie la plus dispers\u00e9e de la Biennale. Tout ne se d\u00e9roule pas dans les th\u00e9\u00e2tres habituels ni selon la m\u00eame logique que la billetterie des spectacles principaux.<\/p>\n<p>Pour un s\u00e9jour de plusieurs jours, il est donc utile de consulter les agendas des institutions participantes en compl\u00e9ment du site de la Biennale. Vous pourrez trouver une conf\u00e9rence, une projection ou une exposition qui s\u2019ins\u00e8re entre deux repr\u00e9sentations.<\/p>\n<p>Ce programme transforme aussi la ville en une sorte de <strong>festival \u00e9largi<\/strong> : le visiteur peut commencer la journ\u00e9e par le patrimoine ou le cin\u00e9ma et la terminer avec du chant, de la danse ou de la guitare en direct.<\/p>\n<\/div><\/div><\/div><\/div><\/div><\/div><\/div><\/section><section class=\"l-section wpb_row height_huge color_alternate with_shape\"><div class=\"l-section-shape type_zigzag pos_top\" style=\"height:3vmin;\"><svg xmlns=\"http:\/\/www.w3.org\/2000\/svg\" viewBox=\"0 0 64 8\" preserveAspectRatio=\"none\" width=\"100%\" height=\"100%\">\r\n\t<path fill=\"currentColor\" d=\"M64 8 L0 8 L0 0 L20 7.9 L40 3 L48 5 L64 0 Z\"\/>\r\n<\/svg><\/div><div class=\"l-section-shape type_zigzag pos_bottom\" style=\"height:3vmin;\"><svg xmlns=\"http:\/\/www.w3.org\/2000\/svg\" viewBox=\"0 0 64 8\" preserveAspectRatio=\"none\" width=\"100%\" height=\"100%\">\r\n\t<path fill=\"currentColor\" d=\"M64 8 L0 8 L0 0 L20 7.9 L40 3 L48 5 L64 0 Z\"\/>\r\n<\/svg><\/div><div class=\"l-section-h i-cf\"><div class=\"g-cols vc_row via_flex valign_top type_default stacking_default\"><div class=\"vc_col-sm-6 wpb_column vc_column_container\"><div class=\"vc_column-inner\"><div class=\"wpb_wrapper\"><div class=\"wpb_text_column\"><div class=\"wpb_wrapper\"><h2 id=\"organizar\">Comment organiser une journ\u00e9e d\u2019activit\u00e9s parall\u00e8les et de flamenco<\/h2>\n<p>Pour profiter de la Biennale sans surcharger votre journ\u00e9e, une bonne strat\u00e9gie consiste \u00e0 pr\u00e9voir <strong>une activit\u00e9 en journ\u00e9e et une exp\u00e9rience flamenca principale<\/strong>.<\/p>\n<p>Vous pouvez par exemple visiter <em>La noche azul<\/em> le matin ou l\u2019apr\u00e8s-midi, faire une pause dans le centre, puis assister \u00e0 un spectacle officiel. Une autre option consiste \u00e0 choisir une s\u00e9ance du cycle <em>Flamencas<\/em> et \u00e0 terminer la soir\u00e9e dans un tablao.<\/p>\n<p>Si le programme officiel de cette date ne vous convient pas ou affiche complet, consultez notre guide <a href=\"https:\/\/www.tablaosflamencos.com\/fr\/biennale-complete-ou-voir-flamenco-ce-soir-seville.html\"><strong>Biennale compl\u00e8te : o\u00f9 voir du flamenco aujourd\u2019hui \u00e0 S\u00e9ville<\/strong><\/a> ou l\u2019article <a href=\"https:\/\/www.tablaosflamencos.com\/fr\/flamenco-ce-soir-seville-biennale-2026.html\"><strong>Flamenco ce soir \u00e0 S\u00e9ville pendant la Biennale<\/strong><\/a>.<\/p>\n<\/div><\/div><\/div><\/div><\/div><div class=\"vc_col-sm-6 wpb_column vc_column_container\"><div class=\"vc_column-inner\"><div class=\"wpb_wrapper\"><div class=\"wpb_text_column\"><div class=\"wpb_wrapper\"><h2>N\u2019essayez pas de tout faire<\/h2>\n<p>La Biennale dure plusieurs semaines et sa programmation parall\u00e8le se superpose \u00e0 des dizaines de spectacles. Encha\u00eener trop d\u2019activit\u00e9s risque de transformer une exp\u00e9rience culturelle en course \u00e0 travers la ville.<\/p>\n<p>Choisissez selon vos centres d\u2019int\u00e9r\u00eat : <strong>l\u2019histoire<\/strong> avec <em>La noche azul<\/em>; <strong>l\u2019espace public<\/strong> avec <em>Flamenco a pie de calle<\/em> et <em>Sala de revelado<\/em>; <strong>les familles<\/strong> avec <em>Tirititr\u00e1n<\/em>; <strong>le cin\u00e9ma et la r\u00e9flexion<\/strong> avec <em>Sevilla se deja ver<\/em> ; et <strong>l\u2019exp\u00e9rience collective<\/strong> avec <em>Ecos Primitivos<\/em>.<\/p>\n<p>Gardez ensuite du temps pour marcher, d\u00eener et profiter de S\u00e9ville. Pendant la Biennale, le flamenco se trouve aussi dans l\u2019atmosph\u00e8re de la ville, pas uniquement dans le prochain \u00e9v\u00e9nement de l\u2019agenda.<\/p>\n<\/div><\/div><\/div><\/div><\/div><\/div><\/div><\/section><section class=\"l-section wpb_row height_huge\"><div class=\"l-section-h i-cf\"><div class=\"g-cols vc_row via_flex valign_top type_default stacking_default\"><div class=\"vc_col-sm-12 wpb_column vc_column_container\"><div class=\"vc_column-inner\"><div class=\"wpb_wrapper\"><div class=\"wpb_text_column\"><div class=\"wpb_wrapper\"><h2>Quelles activit\u00e9s sont gratuites ?<\/h2>\n<p>Une part importante des activit\u00e9s parall\u00e8les vise \u00e0 \u00e9largir l\u2019acc\u00e8s \u00e0 la Biennale. <strong>La noche azul<\/strong> propose une entr\u00e9e gratuite dans la limite des places disponibles ; <strong>Tirititr\u00e1n<\/strong> est pr\u00e9sent\u00e9 comme une activit\u00e9 gratuite ; et beaucoup de propositions dans l\u2019espace public permettent de d\u00e9couvrir le flamenco sans acheter de billet de th\u00e9\u00e2tre.<\/p>\n<p>Toutefois, \u00ab activit\u00e9 parall\u00e8le \u00bb ne signifie pas automatiquement \u00ab activit\u00e9 gratuite \u00bb. Le programme associ\u00e9 peut comprendre des propositions aux conditions diff\u00e9rentes selon l\u2019institution organisatrice. Consultez donc toujours la fiche pr\u00e9cise avant de vous d\u00e9placer.<\/p>\n<p>Pour distinguer ces deux besoins de recherche, notre guide <a href=\"https:\/\/www.tablaosflamencos.com\/fr\/biennale-flamenco-seville-2026-gratuite.html\"><strong>Biennale de Flamenco 2026 gratuite<\/strong><\/a> rassemble sp\u00e9cifiquement les sorties sans frais, tandis que cette page offre un panorama de toute la programmation parall\u00e8le.<\/p>\n<\/div><\/div><div class=\"w-separator size_medium\"><\/div><div class=\"w-hwrapper valign_top wrap align_center\" style=\"--hwrapper-gap:1.2rem\"><div class=\"w-btn-wrapper align_none\"><a class=\"w-btn us-btn-style_1\" href=\"https:\/\/www.tablaosflamencos.com\/fr\/biennale-flamenco-seville-2026-gratuite.html\"><span class=\"w-btn-label\">D\u00e9couvrir la Biennale 2026 gratuite<\/span><\/a><\/div><div class=\"w-btn-wrapper align_none\"><a class=\"w-btn us-btn-style_11\" href=\"https:\/\/www.tablaosflamencos.com\/fr\/flamenco-ce-soir-seville-biennale-2026.html\"><span class=\"w-btn-label\">Flamenco ce soir \u00e0 S\u00e9ville<\/span><\/a><\/div><\/div><\/div><\/div><\/div><\/div><\/div><\/section><section class=\"l-section wpb_row height_huge color_alternate with_shape\"><div class=\"l-section-shape type_zigzag pos_top hor_flip\" style=\"height:3vmin;\"><svg xmlns=\"http:\/\/www.w3.org\/2000\/svg\" viewBox=\"0 0 64 8\" preserveAspectRatio=\"none\" width=\"100%\" height=\"100%\">\r\n\t<path fill=\"currentColor\" d=\"M64 8 L0 8 L0 0 L20 7.9 L40 3 L48 5 L64 0 Z\"\/>\r\n<\/svg><\/div><div class=\"l-section-shape type_zigzag pos_bottom\" style=\"height:3vmin;\"><svg xmlns=\"http:\/\/www.w3.org\/2000\/svg\" viewBox=\"0 0 64 8\" preserveAspectRatio=\"none\" width=\"100%\" height=\"100%\">\r\n\t<path fill=\"currentColor\" d=\"M64 8 L0 8 L0 0 L20 7.9 L40 3 L48 5 L64 0 Z\"\/>\r\n<\/svg><\/div><div class=\"l-section-h i-cf\"><div class=\"g-cols vc_row via_flex valign_top type_default stacking_default\"><div class=\"vc_col-sm-1\/5 wpb_column vc_column_container\"><div class=\"vc_column-inner\"><div class=\"wpb_wrapper\"><\/div><\/div><\/div><div class=\"vc_col-sm-3\/5 wpb_column vc_column_container\"><div class=\"vc_column-inner\"><div class=\"wpb_wrapper\"><div class=\"wpb_text_column\"><div class=\"wpb_wrapper\"><h2 id=\"faq\">Questions fr\u00e9quentes sur les activit\u00e9s parall\u00e8les de la Biennale 2026<\/h2>\n<\/div><\/div><div class=\"w-separator size_medium\"><\/div><div class=\"w-tabs accordion toggle_style_1 has_scrolling\" style=\"--sections-title-size:inherit;--sections-gap:0.5rem;\"><div class=\"w-tabs-sections titles-align_none icon_plus cpos_left\"><div class=\"w-tabs-section\" id=\"w92b\" itemscope itemprop=\"mainEntity\" itemtype=\"https:\/\/schema.org\/Question\"><button type=\"button\" class=\"w-tabs-section-header\" aria-controls=\"content-w92b\" aria-expanded=\"false\"><h3 class=\"w-tabs-section-title\" itemprop=\"name\">Que sont les activit\u00e9s parall\u00e8les de la Biennale 2026 ?<\/h3><div class=\"w-tabs-section-control\"><\/div><\/button><div  class=\"w-tabs-section-content\" id=\"content-w92b\" itemscope itemprop=\"acceptedAnswer\" itemtype=\"https:\/\/schema.org\/Answer\"><div class=\"w-tabs-section-content-h i-cf\" itemprop=\"text\"><div class=\"wpb_text_column\"><div class=\"wpb_wrapper\"><p>Ce sont des propositions qui compl\u00e8tent les spectacles principaux de la Biennale : expositions, cin\u00e9ma, repr\u00e9sentations dans l\u2019espace public, activit\u00e9s familiales, rencontres, conf\u00e9rences et actions culturelles r\u00e9parties dans S\u00e9ville. Une grande partie est r\u00e9unie sous le programme \u00ab Otras perlas \u00bb.<\/p>\n<\/div><\/div><\/div><\/div><\/div><div class=\"w-tabs-section\" id=\"sa51\" itemscope itemprop=\"mainEntity\" itemtype=\"https:\/\/schema.org\/Question\"><button type=\"button\" class=\"w-tabs-section-header\" aria-controls=\"content-sa51\" aria-expanded=\"false\"><h3 class=\"w-tabs-section-title\" itemprop=\"name\">O\u00f9 consulter le programme d\u2019Otras perlas ?<\/h3><div class=\"w-tabs-section-control\"><\/div><\/button><div  class=\"w-tabs-section-content\" id=\"content-sa51\" itemscope itemprop=\"acceptedAnswer\" itemtype=\"https:\/\/schema.org\/Answer\"><div class=\"w-tabs-section-content-h i-cf\" itemprop=\"text\"><div class=\"wpb_text_column\"><div class=\"wpb_wrapper\"><p>La Biennale dispose d\u2019une rubrique consacr\u00e9e aux activit\u00e9s parall\u00e8les sur son site officiel. Comme l\u2019agenda peut \u00eatre compl\u00e9t\u00e9 ou modifi\u00e9, il est utile de le consulter pendant votre s\u00e9jour.<\/p>\n<\/div><\/div><\/div><\/div><\/div><div class=\"w-tabs-section\" id=\"xb49\" itemscope itemprop=\"mainEntity\" itemtype=\"https:\/\/schema.org\/Question\"><button type=\"button\" class=\"w-tabs-section-header\" aria-controls=\"content-xb49\" aria-expanded=\"false\"><h3 class=\"w-tabs-section-title\" itemprop=\"name\">Les activit\u00e9s parall\u00e8les sont-elles gratuites ?<\/h3><div class=\"w-tabs-section-control\"><\/div><\/button><div  class=\"w-tabs-section-content\" id=\"content-xb49\" itemscope itemprop=\"acceptedAnswer\" itemtype=\"https:\/\/schema.org\/Answer\"><div class=\"w-tabs-section-content-h i-cf\" itemprop=\"text\"><div class=\"wpb_text_column\"><div class=\"wpb_wrapper\"><p>Beaucoup le sont, notamment certaines propositions dans la rue, La noche azul et des activit\u00e9s familiales comme Tirititr\u00e1n. Les conditions ne sont toutefois pas n\u00e9cessairement identiques partout : v\u00e9rifiez chaque fiche.<\/p>\n<\/div><\/div><\/div><\/div><\/div><div class=\"w-tabs-section\" id=\"hc2c\" itemscope itemprop=\"mainEntity\" itemtype=\"https:\/\/schema.org\/Question\"><button type=\"button\" class=\"w-tabs-section-header\" aria-controls=\"content-hc2c\" aria-expanded=\"false\"><h3 class=\"w-tabs-section-title\" itemprop=\"name\">Quand peut-on visiter La noche azul ?<\/h3><div class=\"w-tabs-section-control\"><\/div><\/button><div  class=\"w-tabs-section-content\" id=\"content-hc2c\" itemscope itemprop=\"acceptedAnswer\" itemtype=\"https:\/\/schema.org\/Answer\"><div class=\"w-tabs-section-content-h i-cf\" itemprop=\"text\"><div class=\"wpb_text_column\"><div class=\"wpb_wrapper\"><p>L\u2019exposition se visite du 2 septembre au 22 novembre 2026 dans la Nave de Grabados de la Real F\u00e1brica de Artiller\u00eda. Sa dur\u00e9e d\u00e9passe largement les dates officielles de la Biennale.<\/p>\n<\/div><\/div><\/div><\/div><\/div><div class=\"w-tabs-section\" id=\"ocf9\" itemscope itemprop=\"mainEntity\" itemtype=\"https:\/\/schema.org\/Question\"><button type=\"button\" class=\"w-tabs-section-header\" aria-controls=\"content-ocf9\" aria-expanded=\"false\"><h3 class=\"w-tabs-section-title\" itemprop=\"name\">Y a-t-il du flamenco gratuit dans la rue pendant la Biennale ?<\/h3><div class=\"w-tabs-section-control\"><\/div><\/button><div  class=\"w-tabs-section-content\" id=\"content-ocf9\" itemscope itemprop=\"acceptedAnswer\" itemtype=\"https:\/\/schema.org\/Answer\"><div class=\"w-tabs-section-content-h i-cf\" itemprop=\"text\"><div class=\"wpb_text_column\"><div class=\"wpb_wrapper\"><p>Oui. Le programme Flamenco a pie de calle propose des \u00e9v\u00e9nements dans diff\u00e9rents quartiers et espaces de S\u00e9ville. La Biennale d\u00e9veloppe aussi des interventions urbaines comme Sala de revelado et d\u2019autres \u00e9v\u00e9nements ouverts li\u00e9s \u00e0 la programmation parall\u00e8le.<\/p>\n<\/div><\/div><\/div><\/div><\/div><div class=\"w-tabs-section\" id=\"idd6\" itemscope itemprop=\"mainEntity\" itemtype=\"https:\/\/schema.org\/Question\"><button type=\"button\" class=\"w-tabs-section-header\" aria-controls=\"content-idd6\" aria-expanded=\"false\"><h3 class=\"w-tabs-section-title\" itemprop=\"name\">Qu\u2019est-ce qu\u2019Ecos Primitivos ?<\/h3><div class=\"w-tabs-section-control\"><\/div><\/button><div  class=\"w-tabs-section-content\" id=\"content-idd6\" itemscope itemprop=\"acceptedAnswer\" itemtype=\"https:\/\/schema.org\/Answer\"><div class=\"w-tabs-section-content-h i-cf\" itemprop=\"text\"><div class=\"wpb_text_column\"><div class=\"wpb_wrapper\"><p>C\u2019est la proclamation inaugurale chant\u00e9e de la Biennale 2026, dirig\u00e9e par Segundo Falc\u00f3n et programm\u00e9e le 9 septembre \u00e0 20 h 30 sur la Plaza de San Francisco. Elle associe cinq voix depuis les balcons \u00e0 la danse d\u2019Ana Morales au centre de la place.<\/p>\n<\/div><\/div><\/div><\/div><\/div><div class=\"w-tabs-section\" id=\"aea4\" itemscope itemprop=\"mainEntity\" itemtype=\"https:\/\/schema.org\/Question\"><button type=\"button\" class=\"w-tabs-section-header\" aria-controls=\"content-aea4\" aria-expanded=\"false\"><h3 class=\"w-tabs-section-title\" itemprop=\"name\">La Biennale propose-t-elle des activit\u00e9s pour les enfants ?<\/h3><div class=\"w-tabs-section-control\"><\/div><\/button><div  class=\"w-tabs-section-content\" id=\"content-aea4\" itemscope itemprop=\"acceptedAnswer\" itemtype=\"https:\/\/schema.org\/Answer\"><div class=\"w-tabs-section-content-h i-cf\" itemprop=\"text\"><div class=\"wpb_text_column\"><div class=\"wpb_wrapper\"><p>Oui. Au CaixaForum, Tirititr\u00e1n propose une d\u00e9couverte familiale du rythme flamenco gr\u00e2ce aux percussions corporelles, aux jeux rythmiques et \u00e0 la participation. L\u2019activit\u00e9 est programm\u00e9e les 11, 12 et 13 septembre.<\/p>\n<\/div><\/div><\/div><\/div><\/div><div class=\"w-tabs-section\" id=\"ef78\" itemscope itemprop=\"mainEntity\" itemtype=\"https:\/\/schema.org\/Question\"><button type=\"button\" class=\"w-tabs-section-header\" aria-controls=\"content-ef78\" aria-expanded=\"false\"><h3 class=\"w-tabs-section-title\" itemprop=\"name\">Y a-t-il du cin\u00e9ma flamenco pendant la Biennale 2026 ?<\/h3><div class=\"w-tabs-section-control\"><\/div><\/button><div  class=\"w-tabs-section-content\" id=\"content-ef78\" itemscope itemprop=\"acceptedAnswer\" itemtype=\"https:\/\/schema.org\/Answer\"><div class=\"w-tabs-section-content-h i-cf\" itemprop=\"text\"><div class=\"wpb_text_column\"><div class=\"wpb_wrapper\"><p>Oui. Dans le cadre de Sevilla se deja ver, la Fundaci\u00f3n Tres Culturas programme le cycle Flamencas les 8, 15, 22 et 29 septembre, avec des documentaires sur des femmes essentielles \u00e0 l\u2019histoire et au rayonnement du flamenco.<\/p>\n<\/div><\/div><\/div><\/div><\/div><div class=\"w-tabs-section\" id=\"h04e\" itemscope itemprop=\"mainEntity\" itemtype=\"https:\/\/schema.org\/Question\"><button type=\"button\" class=\"w-tabs-section-header\" aria-controls=\"content-h04e\" aria-expanded=\"false\"><h3 class=\"w-tabs-section-title\" itemprop=\"name\">Les activit\u00e9s parall\u00e8les commencent-elles avant le 9 septembre ?<\/h3><div class=\"w-tabs-section-control\"><\/div><\/button><div  class=\"w-tabs-section-content\" id=\"content-h04e\" itemscope itemprop=\"acceptedAnswer\" itemtype=\"https:\/\/schema.org\/Answer\"><div class=\"w-tabs-section-content-h i-cf\" itemprop=\"text\"><div class=\"wpb_text_column\"><div class=\"wpb_wrapper\"><p>Oui. L\u2019exposition La noche azul a ouvert le 2 septembre et Flamenco a pie de calle a commenc\u00e9 le 3. L\u2019activit\u00e9 culturelle de la Biennale d\u00e9bute donc avant la date officielle d\u2019ouverture du festival.<\/p>\n<\/div><\/div><\/div><\/div><\/div><div class=\"w-tabs-section\" id=\"y10a\" itemscope itemprop=\"mainEntity\" itemtype=\"https:\/\/schema.org\/Question\"><button type=\"button\" class=\"w-tabs-section-header\" aria-controls=\"content-y10a\" aria-expanded=\"false\"><h3 class=\"w-tabs-section-title\" itemprop=\"name\">Que faire sans billets pour un spectacle de la Biennale ?<\/h3><div class=\"w-tabs-section-control\"><\/div><\/button><div  class=\"w-tabs-section-content\" id=\"content-y10a\" itemscope itemprop=\"acceptedAnswer\" itemtype=\"https:\/\/schema.org\/Answer\"><div class=\"w-tabs-section-content-h i-cf\" itemprop=\"text\"><div class=\"wpb_text_column\"><div class=\"wpb_wrapper\"><p>Vous pouvez profiter des expositions, du cin\u00e9ma et des activit\u00e9s dans l\u2019espace public puis, pour terminer la journ\u00e9e avec du flamenco en direct, comparer les tablaos disponibles \u00e0 S\u00e9ville pour le soir m\u00eame.<\/p>\n<\/div><\/div><\/div><\/div><\/div><\/div><\/div><\/div><\/div><\/div><div class=\"vc_col-sm-1\/5 wpb_column vc_column_container\"><div class=\"vc_column-inner\"><div class=\"wpb_wrapper\"><\/div><\/div><\/div><\/div><\/div><\/section><section class=\"l-section wpb_row height_huge\"><div class=\"l-section-h i-cf\"><div class=\"g-cols vc_row via_flex valign_top type_default stacking_default\"><div class=\"vc_col-sm-12 wpb_column vc_column_container\"><div class=\"vc_column-inner\"><div class=\"wpb_wrapper\"><div class=\"wpb_text_column\"><div class=\"wpb_wrapper\"><h2 style=\"text-align: center;\">La Biennale se vit aussi hors de la sc\u00e8ne<\/h2>\n<p style=\"text-align: center;\">La programmation parall\u00e8le de 2026 confirme une id\u00e9e importante : la Biennale de S\u00e9ville ne se limite pas \u00e0 une succession de repr\u00e9sentations. Pendant plusieurs semaines, le flamenco investit mus\u00e9es, fondations, places, quartiers, \u00e9crans de cin\u00e9ma et espaces familiaux.<\/p>\n<p style=\"text-align: center;\">Pendant votre s\u00e9jour \u00e0 S\u00e9ville durant le festival, r\u00e9servez du temps \u00e0 quelques-unes de ces \u00ab Otras perlas \u00bb. Une exposition, une projection ou une activit\u00e9 dans la rue peut vous offrir un autre regard sur le flamenco et compl\u00e9ter parfaitement une soir\u00e9e de chant, de danse et de guitare.<\/p>\n<\/div><\/div><\/div><\/div><\/div><\/div><\/div><\/section>\n","protected":false},"excerpt":{"rendered":"<p>Guide des activit\u00e9s parall\u00e8les de la Biennale de Flamenco de S\u00e9ville 2026 : expositions, cin\u00e9ma, flamenco dans la rue, activit\u00e9s en famille et programme culturel associ\u00e9.<\/p>\n","protected":false},"author":1,"featured_media":14654,"comment_status":"closed","ping_status":"closed","sticky":false,"template":"","format":"standard","meta":{"_acf_changed":false,"wpai_generated_summary":"","_ayudawp_aiss_exclude":false,"_ayudawp_aiss_exclude_summary":false,"_ayudawp_aiss_summary":"","_ayudawp_aiss_summary_provider":"","_ayudawp_aiss_summary_hash":"","footnotes":""},"categories":[1428],"tags":[1238,1239,1240,1241,1155,1242],"class_list":["post-14657","post","type-post","status-publish","format-standard","has-post-thumbnail","hentry","category-biennale-de-flamenco","tag-agenda-flamenca","tag-bienal-2026","tag-bienal-de-flamenco","tag-festivales-flamencos","tag-flamenco-en-sevilla","tag-sevilla"],"acf":[],"yoast_head":"<!-- This site is optimized with the Yoast SEO Premium plugin v28.4 (Yoast SEO v28.4) - https:\/\/yoast.com\/product\/yoast-seo-premium-wordpress\/ -->\n<title>Biennale 2026 : activit\u00e9s parall\u00e8les, expositions et cin\u00e9ma<\/title>\n<meta name=\"description\" content=\"D\u00e9couvrez les activit\u00e9s parall\u00e8les de la Biennale de Flamenco de S\u00e9ville 2026 : expositions, cin\u00e9ma, flamenco dans la rue et ateliers en famille.\" \/>\n<meta name=\"robots\" content=\"index, follow, max-snippet:-1, max-image-preview:large, max-video-preview:-1\" \/>\n<link rel=\"canonical\" href=\"https:\/\/www.tablaosflamencos.com\/fr\/activites-paralleles-biennale-flamenco-seville-2026.html\" \/>\n<meta property=\"og:locale\" content=\"fr_FR\" \/>\n<meta property=\"og:type\" content=\"article\" \/>\n<meta property=\"og:title\" content=\"Activit\u00e9s parall\u00e8les de la Biennale 2026 : expositions, cin\u00e9ma, flamenco dans la rue et plus encore\" \/>\n<meta property=\"og:description\" content=\"D\u00e9couvrez les activit\u00e9s parall\u00e8les de la Biennale de Flamenco de S\u00e9ville 2026 : expositions, cin\u00e9ma, flamenco dans la rue et ateliers en famille.\" \/>\n<meta property=\"og:url\" content=\"https:\/\/www.tablaosflamencos.com\/fr\/activites-paralleles-biennale-flamenco-seville-2026.html\" \/>\n<meta property=\"og:site_name\" content=\"Tablaos Flamencos\" \/>\n<meta property=\"article:publisher\" content=\"https:\/\/www.facebook.com\/tablaosflamencos\" \/>\n<meta property=\"article:published_time\" content=\"2026-09-05T09:17:33+00:00\" \/>\n<meta property=\"article:modified_time\" content=\"2026-09-05T10:27:01+00:00\" \/>\n<meta property=\"og:image\" content=\"https:\/\/www.tablaosflamencos.com\/wp-content\/uploads\/actividades-paralelas-de-la-bienal-2026-exposiciones-cine-flamenco-en-la-calle-y-mas-01.webp\" \/>\n\t<meta property=\"og:image:width\" content=\"1672\" \/>\n\t<meta property=\"og:image:height\" content=\"941\" \/>\n\t<meta property=\"og:image:type\" content=\"image\/webp\" \/>\n<meta name=\"author\" content=\"Miguel Ortiz\" \/>\n<meta name=\"twitter:card\" content=\"summary_large_image\" \/>\n<meta name=\"twitter:creator\" content=\"@tablaosflamenco\" \/>\n<meta name=\"twitter:site\" content=\"@tablaosflamenco\" \/>\n<meta name=\"twitter:label1\" content=\"\u00c9crit par\" \/>\n\t<meta name=\"twitter:data1\" content=\"Miguel Ortiz\" \/>\n\t<meta name=\"twitter:label2\" content=\"Dur\u00e9e de lecture estim\u00e9e\" \/>\n\t<meta name=\"twitter:data2\" content=\"21 minutes\" \/>\n<script type=\"application\/ld+json\" class=\"yoast-schema-graph\">{\"@context\":\"https:\\\/\\\/schema.org\",\"@graph\":[{\"@type\":\"Article\",\"@id\":\"https:\\\/\\\/www.tablaosflamencos.com\\\/fr\\\/activites-paralleles-biennale-flamenco-seville-2026.html#article\",\"isPartOf\":{\"@id\":\"https:\\\/\\\/www.tablaosflamencos.com\\\/fr\\\/activites-paralleles-biennale-flamenco-seville-2026.html\"},\"author\":{\"name\":\"Miguel Ortiz\",\"@id\":\"https:\\\/\\\/www.tablaosflamencos.com\\\/fr#\\\/schema\\\/person\\\/e7a9ebe14eb75a52ceabfbffb3c54f5d\"},\"headline\":\"Activit\u00e9s parall\u00e8les de la Biennale 2026 : expositions, cin\u00e9ma, flamenco dans la rue et plus encore\",\"datePublished\":\"2026-09-05T09:17:33+00:00\",\"dateModified\":\"2026-09-05T10:27:01+00:00\",\"mainEntityOfPage\":{\"@id\":\"https:\\\/\\\/www.tablaosflamencos.com\\\/fr\\\/activites-paralleles-biennale-flamenco-seville-2026.html\"},\"wordCount\":4140,\"publisher\":{\"@id\":\"https:\\\/\\\/www.tablaosflamencos.com\\\/fr#organization\"},\"image\":{\"@id\":\"https:\\\/\\\/www.tablaosflamencos.com\\\/fr\\\/activites-paralleles-biennale-flamenco-seville-2026.html#primaryimage\"},\"thumbnailUrl\":\"https:\\\/\\\/www.tablaosflamencos.com\\\/wp-content\\\/uploads\\\/actividades-paralelas-de-la-bienal-2026-exposiciones-cine-flamenco-en-la-calle-y-mas-01.webp\",\"keywords\":[\"agenda flamenca\",\"Bienal 2026\",\"Bienal de Flamenco\",\"festivales flamencos\",\"flamenco en Sevilla\",\"sevilla\"],\"articleSection\":[\"Biennale de Flamenco\"],\"inLanguage\":\"fr-FR\"},{\"@type\":\"WebPage\",\"@id\":\"https:\\\/\\\/www.tablaosflamencos.com\\\/fr\\\/activites-paralleles-biennale-flamenco-seville-2026.html\",\"url\":\"https:\\\/\\\/www.tablaosflamencos.com\\\/fr\\\/activites-paralleles-biennale-flamenco-seville-2026.html\",\"name\":\"Biennale 2026 : activit\u00e9s parall\u00e8les, expositions et cin\u00e9ma\",\"isPartOf\":{\"@id\":\"https:\\\/\\\/www.tablaosflamencos.com\\\/fr#website\"},\"primaryImageOfPage\":{\"@id\":\"https:\\\/\\\/www.tablaosflamencos.com\\\/fr\\\/activites-paralleles-biennale-flamenco-seville-2026.html#primaryimage\"},\"image\":{\"@id\":\"https:\\\/\\\/www.tablaosflamencos.com\\\/fr\\\/activites-paralleles-biennale-flamenco-seville-2026.html#primaryimage\"},\"thumbnailUrl\":\"https:\\\/\\\/www.tablaosflamencos.com\\\/wp-content\\\/uploads\\\/actividades-paralelas-de-la-bienal-2026-exposiciones-cine-flamenco-en-la-calle-y-mas-01.webp\",\"datePublished\":\"2026-09-05T09:17:33+00:00\",\"dateModified\":\"2026-09-05T10:27:01+00:00\",\"description\":\"D\u00e9couvrez les activit\u00e9s parall\u00e8les de la Biennale de Flamenco de S\u00e9ville 2026 : expositions, cin\u00e9ma, flamenco dans la rue et ateliers en famille.\",\"breadcrumb\":{\"@id\":\"https:\\\/\\\/www.tablaosflamencos.com\\\/fr\\\/activites-paralleles-biennale-flamenco-seville-2026.html#breadcrumb\"},\"inLanguage\":\"fr-FR\",\"potentialAction\":[{\"@type\":\"ReadAction\",\"target\":[\"https:\\\/\\\/www.tablaosflamencos.com\\\/fr\\\/activites-paralleles-biennale-flamenco-seville-2026.html\"]}]},{\"@type\":\"ImageObject\",\"inLanguage\":\"fr-FR\",\"@id\":\"https:\\\/\\\/www.tablaosflamencos.com\\\/fr\\\/activites-paralleles-biennale-flamenco-seville-2026.html#primaryimage\",\"url\":\"https:\\\/\\\/www.tablaosflamencos.com\\\/wp-content\\\/uploads\\\/actividades-paralelas-de-la-bienal-2026-exposiciones-cine-flamenco-en-la-calle-y-mas-01.webp\",\"contentUrl\":\"https:\\\/\\\/www.tablaosflamencos.com\\\/wp-content\\\/uploads\\\/actividades-paralelas-de-la-bienal-2026-exposiciones-cine-flamenco-en-la-calle-y-mas-01.webp\",\"width\":1672,\"height\":941,\"caption\":\"Actividades paralelas de la Bienal 2026: exposiciones, cine, flamenco en la calle y m\u00e1s\"},{\"@type\":\"BreadcrumbList\",\"@id\":\"https:\\\/\\\/www.tablaosflamencos.com\\\/fr\\\/activites-paralleles-biennale-flamenco-seville-2026.html#breadcrumb\",\"itemListElement\":[{\"@type\":\"ListItem\",\"position\":1,\"name\":\"Home\",\"item\":\"https:\\\/\\\/www.tablaosflamencos.com\\\/fr\"},{\"@type\":\"ListItem\",\"position\":2,\"name\":\"Activit\u00e9s parall\u00e8les de la Biennale 2026 : expositions, cin\u00e9ma, flamenco dans la rue et plus encore\"}]},{\"@type\":\"WebSite\",\"@id\":\"https:\\\/\\\/www.tablaosflamencos.com\\\/fr#website\",\"url\":\"https:\\\/\\\/www.tablaosflamencos.com\\\/fr\",\"name\":\"Tablaos Flamencos\",\"description\":\"Entradas para tablaos flamencos de Espa\u00f1a\",\"publisher\":{\"@id\":\"https:\\\/\\\/www.tablaosflamencos.com\\\/fr#organization\"},\"alternateName\":\"Tablaos Flamencos\",\"potentialAction\":[{\"@type\":\"SearchAction\",\"target\":{\"@type\":\"EntryPoint\",\"urlTemplate\":\"https:\\\/\\\/www.tablaosflamencos.com\\\/fr?s={search_term_string}\"},\"query-input\":{\"@type\":\"PropertyValueSpecification\",\"valueRequired\":true,\"valueName\":\"search_term_string\"}}],\"inLanguage\":\"fr-FR\"},{\"@type\":[\"Organization\",\"Place\",\"EntertainmentBusiness\"],\"@id\":\"https:\\\/\\\/www.tablaosflamencos.com\\\/fr#organization\",\"name\":\"Tablaos Flamencos\",\"alternateName\":\"Tablaos Flamencos\",\"url\":\"https:\\\/\\\/www.tablaosflamencos.com\\\/fr\",\"logo\":{\"@id\":\"https:\\\/\\\/www.tablaosflamencos.com\\\/fr\\\/activites-paralleles-biennale-flamenco-seville-2026.html#local-main-organization-logo\"},\"image\":{\"@id\":\"https:\\\/\\\/www.tablaosflamencos.com\\\/fr\\\/activites-paralleles-biennale-flamenco-seville-2026.html#local-main-organization-logo\"},\"sameAs\":[\"https:\\\/\\\/www.facebook.com\\\/tablaosflamencos\",\"https:\\\/\\\/x.com\\\/tablaosflamenco\",\"https:\\\/\\\/mastodon.social\\\/@tablaosflamencos\",\"https:\\\/\\\/www.instagram.com\\\/tablaosflamencos\",\"https:\\\/\\\/tiktok.com\\\/@tablaosflamencos\",\"https:\\\/\\\/www.linkedin.com\\\/company\\\/109408238\\\/\"],\"description\":\"Venta de entradas para espect\u00e1culos flamencos\",\"legalName\":\"Tablaos Flamencos\",\"foundingDate\":\"2015-01-01\",\"numberOfEmployees\":{\"@type\":\"QuantitativeValue\",\"minValue\":\"1\",\"maxValue\":\"10\"},\"address\":{\"@id\":\"https:\\\/\\\/www.tablaosflamencos.com\\\/fr\\\/activites-paralleles-biennale-flamenco-seville-2026.html#local-main-place-address\"},\"geo\":{\"@type\":\"GeoCoordinates\",\"latitude\":\"37.3868072\",\"longitude\":\"-5.993280299999999\"},\"telephone\":[\"+34623787787\"],\"contactPoint\":{\"@type\":\"ContactPoint\",\"telephone\":\"+34623787787\",\"email\":\"info@tablaosflamencos.com\"},\"openingHoursSpecification\":{\"@type\":\"OpeningHoursSpecification\",\"dayOfWeek\":[\"Monday\",\"Tuesday\",\"Wednesday\",\"Thursday\",\"Friday\",\"Saturday\",\"Sunday\"],\"opens\":\"00:00\",\"closes\":\"23:59\"},\"email\":\"info@tablaosflamencos.com\",\"priceRange\":\"$$$\",\"currenciesAccepted\":\"\u20ac\"},{\"@type\":\"Person\",\"@id\":\"https:\\\/\\\/www.tablaosflamencos.com\\\/fr#\\\/schema\\\/person\\\/e7a9ebe14eb75a52ceabfbffb3c54f5d\",\"name\":\"Miguel Ortiz\",\"description\":\"Miguel Ortiz es un empresario flamenco, con una s\u00f3lida trayectoria dentro del sector. Ha presidido entidades culturales vinculadas al flamenco y, cuenta con un amplio recorrido profesional en la gesti\u00f3n y promoci\u00f3n de espect\u00e1culos y tablaos flamencos. Su pasi\u00f3n por la historia y el arte flamenco se refleja en cada art\u00edculo, donde combina experiencia, criterio y un profundo respeto por la tradici\u00f3n.\",\"sameAs\":[\"https:\\\/\\\/www.tablaosflamencos.com\",\"https:\\\/\\\/www.instagra.com\\\/miguelortizfe\",\"https:\\\/\\\/www.linkedin.com\\\/in\\\/miguelortizf\\\/\"],\"birthDate\":\"1984-11-22\",\"gender\":\"hombre\",\"knowsLanguage\":[\"espa\u00f1ol\",\"ingl\u00e9s\"],\"jobTitle\":\"Empresario flamenco\"},{\"@type\":\"PostalAddress\",\"@id\":\"https:\\\/\\\/www.tablaosflamencos.com\\\/fr\\\/activites-paralleles-biennale-flamenco-seville-2026.html#local-main-place-address\",\"streetAddress\":\"C\\\/ Alemanes, 19\",\"addressLocality\":\"Sevilla\",\"postalCode\":\"41004\",\"addressRegion\":\"Sevilla\",\"addressCountry\":\"ES\"},{\"@type\":\"ImageObject\",\"inLanguage\":\"fr-FR\",\"@id\":\"https:\\\/\\\/www.tablaosflamencos.com\\\/fr\\\/activites-paralleles-biennale-flamenco-seville-2026.html#local-main-organization-logo\",\"url\":\"https:\\\/\\\/www.tablaosflamencos.com\\\/wp-content\\\/uploads\\\/tablaos-flamencos-06-3.webp\",\"contentUrl\":\"https:\\\/\\\/www.tablaosflamencos.com\\\/wp-content\\\/uploads\\\/tablaos-flamencos-06-3.webp\",\"width\":600,\"height\":620,\"caption\":\"Tablaos Flamencos\"}]}<\/script>\n<meta name=\"geo.placename\" content=\"Sevilla\" \/>\n<meta name=\"geo.position\" content=\"37.3868072;-5.993280299999999\" \/>\n<meta name=\"geo.region\" content=\"Espagne\" \/>\n<!-- \/ Yoast SEO Premium plugin. -->","yoast_head_json":{"title":"Biennale 2026 : activit\u00e9s parall\u00e8les, expositions et cin\u00e9ma","description":"D\u00e9couvrez les activit\u00e9s parall\u00e8les de la Biennale de Flamenco de S\u00e9ville 2026 : expositions, cin\u00e9ma, flamenco dans la rue et ateliers en famille.","robots":{"index":"index","follow":"follow","max-snippet":"max-snippet:-1","max-image-preview":"max-image-preview:large","max-video-preview":"max-video-preview:-1"},"canonical":"https:\/\/www.tablaosflamencos.com\/fr\/activites-paralleles-biennale-flamenco-seville-2026.html","og_locale":"fr_FR","og_type":"article","og_title":"Activit\u00e9s parall\u00e8les de la Biennale 2026 : expositions, cin\u00e9ma, flamenco dans la rue et plus encore","og_description":"D\u00e9couvrez les activit\u00e9s parall\u00e8les de la Biennale de Flamenco de S\u00e9ville 2026 : expositions, cin\u00e9ma, flamenco dans la rue et ateliers en famille.","og_url":"https:\/\/www.tablaosflamencos.com\/fr\/activites-paralleles-biennale-flamenco-seville-2026.html","og_site_name":"Tablaos Flamencos","article_publisher":"https:\/\/www.facebook.com\/tablaosflamencos","article_published_time":"2026-09-05T09:17:33+00:00","article_modified_time":"2026-09-05T10:27:01+00:00","og_image":[{"width":1672,"height":941,"url":"https:\/\/www.tablaosflamencos.com\/wp-content\/uploads\/actividades-paralelas-de-la-bienal-2026-exposiciones-cine-flamenco-en-la-calle-y-mas-01.webp","type":"image\/webp"}],"author":"Miguel Ortiz","twitter_card":"summary_large_image","twitter_creator":"@tablaosflamenco","twitter_site":"@tablaosflamenco","twitter_misc":{"\u00c9crit par":"Miguel Ortiz","Dur\u00e9e de lecture estim\u00e9e":"21 minutes"},"schema":{"@context":"https:\/\/schema.org","@graph":[{"@type":"Article","@id":"https:\/\/www.tablaosflamencos.com\/fr\/activites-paralleles-biennale-flamenco-seville-2026.html#article","isPartOf":{"@id":"https:\/\/www.tablaosflamencos.com\/fr\/activites-paralleles-biennale-flamenco-seville-2026.html"},"author":{"name":"Miguel Ortiz","@id":"https:\/\/www.tablaosflamencos.com\/fr#\/schema\/person\/e7a9ebe14eb75a52ceabfbffb3c54f5d"},"headline":"Activit\u00e9s parall\u00e8les de la Biennale 2026 : expositions, cin\u00e9ma, flamenco dans la rue et plus encore","datePublished":"2026-09-05T09:17:33+00:00","dateModified":"2026-09-05T10:27:01+00:00","mainEntityOfPage":{"@id":"https:\/\/www.tablaosflamencos.com\/fr\/activites-paralleles-biennale-flamenco-seville-2026.html"},"wordCount":4140,"publisher":{"@id":"https:\/\/www.tablaosflamencos.com\/fr#organization"},"image":{"@id":"https:\/\/www.tablaosflamencos.com\/fr\/activites-paralleles-biennale-flamenco-seville-2026.html#primaryimage"},"thumbnailUrl":"https:\/\/www.tablaosflamencos.com\/wp-content\/uploads\/actividades-paralelas-de-la-bienal-2026-exposiciones-cine-flamenco-en-la-calle-y-mas-01.webp","keywords":["agenda flamenca","Bienal 2026","Bienal de Flamenco","festivales flamencos","flamenco en Sevilla","sevilla"],"articleSection":["Biennale de Flamenco"],"inLanguage":"fr-FR"},{"@type":"WebPage","@id":"https:\/\/www.tablaosflamencos.com\/fr\/activites-paralleles-biennale-flamenco-seville-2026.html","url":"https:\/\/www.tablaosflamencos.com\/fr\/activites-paralleles-biennale-flamenco-seville-2026.html","name":"Biennale 2026 : activit\u00e9s parall\u00e8les, expositions et cin\u00e9ma","isPartOf":{"@id":"https:\/\/www.tablaosflamencos.com\/fr#website"},"primaryImageOfPage":{"@id":"https:\/\/www.tablaosflamencos.com\/fr\/activites-paralleles-biennale-flamenco-seville-2026.html#primaryimage"},"image":{"@id":"https:\/\/www.tablaosflamencos.com\/fr\/activites-paralleles-biennale-flamenco-seville-2026.html#primaryimage"},"thumbnailUrl":"https:\/\/www.tablaosflamencos.com\/wp-content\/uploads\/actividades-paralelas-de-la-bienal-2026-exposiciones-cine-flamenco-en-la-calle-y-mas-01.webp","datePublished":"2026-09-05T09:17:33+00:00","dateModified":"2026-09-05T10:27:01+00:00","description":"D\u00e9couvrez les activit\u00e9s parall\u00e8les de la Biennale de Flamenco de S\u00e9ville 2026 : expositions, cin\u00e9ma, flamenco dans la rue et ateliers en famille.","breadcrumb":{"@id":"https:\/\/www.tablaosflamencos.com\/fr\/activites-paralleles-biennale-flamenco-seville-2026.html#breadcrumb"},"inLanguage":"fr-FR","potentialAction":[{"@type":"ReadAction","target":["https:\/\/www.tablaosflamencos.com\/fr\/activites-paralleles-biennale-flamenco-seville-2026.html"]}]},{"@type":"ImageObject","inLanguage":"fr-FR","@id":"https:\/\/www.tablaosflamencos.com\/fr\/activites-paralleles-biennale-flamenco-seville-2026.html#primaryimage","url":"https:\/\/www.tablaosflamencos.com\/wp-content\/uploads\/actividades-paralelas-de-la-bienal-2026-exposiciones-cine-flamenco-en-la-calle-y-mas-01.webp","contentUrl":"https:\/\/www.tablaosflamencos.com\/wp-content\/uploads\/actividades-paralelas-de-la-bienal-2026-exposiciones-cine-flamenco-en-la-calle-y-mas-01.webp","width":1672,"height":941,"caption":"Actividades paralelas de la Bienal 2026: exposiciones, cine, flamenco en la calle y m\u00e1s"},{"@type":"BreadcrumbList","@id":"https:\/\/www.tablaosflamencos.com\/fr\/activites-paralleles-biennale-flamenco-seville-2026.html#breadcrumb","itemListElement":[{"@type":"ListItem","position":1,"name":"Home","item":"https:\/\/www.tablaosflamencos.com\/fr"},{"@type":"ListItem","position":2,"name":"Activit\u00e9s parall\u00e8les de la Biennale 2026 : expositions, cin\u00e9ma, flamenco dans la rue et plus encore"}]},{"@type":"WebSite","@id":"https:\/\/www.tablaosflamencos.com\/fr#website","url":"https:\/\/www.tablaosflamencos.com\/fr","name":"Tablaos Flamencos","description":"Entradas para tablaos flamencos de Espa\u00f1a","publisher":{"@id":"https:\/\/www.tablaosflamencos.com\/fr#organization"},"alternateName":"Tablaos Flamencos","potentialAction":[{"@type":"SearchAction","target":{"@type":"EntryPoint","urlTemplate":"https:\/\/www.tablaosflamencos.com\/fr?s={search_term_string}"},"query-input":{"@type":"PropertyValueSpecification","valueRequired":true,"valueName":"search_term_string"}}],"inLanguage":"fr-FR"},{"@type":["Organization","Place","EntertainmentBusiness"],"@id":"https:\/\/www.tablaosflamencos.com\/fr#organization","name":"Tablaos Flamencos","alternateName":"Tablaos Flamencos","url":"https:\/\/www.tablaosflamencos.com\/fr","logo":{"@id":"https:\/\/www.tablaosflamencos.com\/fr\/activites-paralleles-biennale-flamenco-seville-2026.html#local-main-organization-logo"},"image":{"@id":"https:\/\/www.tablaosflamencos.com\/fr\/activites-paralleles-biennale-flamenco-seville-2026.html#local-main-organization-logo"},"sameAs":["https:\/\/www.facebook.com\/tablaosflamencos","https:\/\/x.com\/tablaosflamenco","https:\/\/mastodon.social\/@tablaosflamencos","https:\/\/www.instagram.com\/tablaosflamencos","https:\/\/tiktok.com\/@tablaosflamencos","https:\/\/www.linkedin.com\/company\/109408238\/"],"description":"Venta de entradas para espect\u00e1culos flamencos","legalName":"Tablaos Flamencos","foundingDate":"2015-01-01","numberOfEmployees":{"@type":"QuantitativeValue","minValue":"1","maxValue":"10"},"address":{"@id":"https:\/\/www.tablaosflamencos.com\/fr\/activites-paralleles-biennale-flamenco-seville-2026.html#local-main-place-address"},"geo":{"@type":"GeoCoordinates","latitude":"37.3868072","longitude":"-5.993280299999999"},"telephone":["+34623787787"],"contactPoint":{"@type":"ContactPoint","telephone":"+34623787787","email":"info@tablaosflamencos.com"},"openingHoursSpecification":{"@type":"OpeningHoursSpecification","dayOfWeek":["Monday","Tuesday","Wednesday","Thursday","Friday","Saturday","Sunday"],"opens":"00:00","closes":"23:59"},"email":"info@tablaosflamencos.com","priceRange":"$$$","currenciesAccepted":"\u20ac"},{"@type":"Person","@id":"https:\/\/www.tablaosflamencos.com\/fr#\/schema\/person\/e7a9ebe14eb75a52ceabfbffb3c54f5d","name":"Miguel Ortiz","description":"Miguel Ortiz es un empresario flamenco, con una s\u00f3lida trayectoria dentro del sector. Ha presidido entidades culturales vinculadas al flamenco y, cuenta con un amplio recorrido profesional en la gesti\u00f3n y promoci\u00f3n de espect\u00e1culos y tablaos flamencos. Su pasi\u00f3n por la historia y el arte flamenco se refleja en cada art\u00edculo, donde combina experiencia, criterio y un profundo respeto por la tradici\u00f3n.","sameAs":["https:\/\/www.tablaosflamencos.com","https:\/\/www.instagra.com\/miguelortizfe","https:\/\/www.linkedin.com\/in\/miguelortizf\/"],"birthDate":"1984-11-22","gender":"hombre","knowsLanguage":["espa\u00f1ol","ingl\u00e9s"],"jobTitle":"Empresario flamenco"},{"@type":"PostalAddress","@id":"https:\/\/www.tablaosflamencos.com\/fr\/activites-paralleles-biennale-flamenco-seville-2026.html#local-main-place-address","streetAddress":"C\/ Alemanes, 19","addressLocality":"Sevilla","postalCode":"41004","addressRegion":"Sevilla","addressCountry":"ES"},{"@type":"ImageObject","inLanguage":"fr-FR","@id":"https:\/\/www.tablaosflamencos.com\/fr\/activites-paralleles-biennale-flamenco-seville-2026.html#local-main-organization-logo","url":"https:\/\/www.tablaosflamencos.com\/wp-content\/uploads\/tablaos-flamencos-06-3.webp","contentUrl":"https:\/\/www.tablaosflamencos.com\/wp-content\/uploads\/tablaos-flamencos-06-3.webp","width":600,"height":620,"caption":"Tablaos Flamencos"}]},"geo.placename":"Sevilla","geo.position":{"lat":"37.3868072","long":"-5.993280299999999"},"geo.region":"Espagne"},"_links":{"self":[{"href":"https:\/\/www.tablaosflamencos.com\/fr\/wp-json\/wp\/v2\/posts\/14657","targetHints":{"allow":["GET"]}}],"collection":[{"href":"https:\/\/www.tablaosflamencos.com\/fr\/wp-json\/wp\/v2\/posts"}],"about":[{"href":"https:\/\/www.tablaosflamencos.com\/fr\/wp-json\/wp\/v2\/types\/post"}],"author":[{"embeddable":true,"href":"https:\/\/www.tablaosflamencos.com\/fr\/wp-json\/wp\/v2\/users\/1"}],"replies":[{"embeddable":true,"href":"https:\/\/www.tablaosflamencos.com\/fr\/wp-json\/wp\/v2\/comments?post=14657"}],"version-history":[{"count":12,"href":"https:\/\/www.tablaosflamencos.com\/fr\/wp-json\/wp\/v2\/posts\/14657\/revisions"}],"predecessor-version":[{"id":14712,"href":"https:\/\/www.tablaosflamencos.com\/fr\/wp-json\/wp\/v2\/posts\/14657\/revisions\/14712"}],"wp:featuredmedia":[{"embeddable":true,"href":"https:\/\/www.tablaosflamencos.com\/fr\/wp-json\/wp\/v2\/media\/14654"}],"wp:attachment":[{"href":"https:\/\/www.tablaosflamencos.com\/fr\/wp-json\/wp\/v2\/media?parent=14657"}],"wp:term":[{"taxonomy":"category","embeddable":true,"href":"https:\/\/www.tablaosflamencos.com\/fr\/wp-json\/wp\/v2\/categories?post=14657"},{"taxonomy":"post_tag","embeddable":true,"href":"https:\/\/www.tablaosflamencos.com\/fr\/wp-json\/wp\/v2\/tags?post=14657"}],"curies":[{"name":"wp","href":"https:\/\/api.w.org\/{rel}","templated":true}]}}