{"id":14536,"date":"2026-09-04T18:48:29","date_gmt":"2026-09-04T16:48:29","guid":{"rendered":"https:\/\/www.tablaosflamencos.com\/?p=14536"},"modified":"2026-09-04T19:14:46","modified_gmt":"2026-09-04T17:14:46","slug":"flamenco-seville-ce-week-end-avant-biennale-2026","status":"publish","type":"post","link":"https:\/\/www.tablaosflamencos.com\/fr\/flamenco-seville-ce-week-end-avant-biennale-2026.html","title":{"rendered":"Flamenco \u00e0 S\u00e9ville ce week-end : que voir avant la Biennale"},"content":{"rendered":"<section class=\"l-section wpb_row height_huge\"><div class=\"l-section-h i-cf\"><div class=\"g-cols vc_row via_flex valign_top type_default stacking_default\"><div class=\"vc_col-sm-6 wpb_column vc_column_container\"><div class=\"vc_column-inner\"><div class=\"wpb_wrapper\"><div class=\"wpb_text_column\"><div class=\"wpb_wrapper\"><h2>Le week-end juste avant la Biennale est d\u00e9j\u00e0 rempli de flamenco<\/h2>\n<p>La <strong>XXIVe Biennale de Flamenco de S\u00e9ville<\/strong> commence officiellement le mercredi <strong>9 septembre 2026<\/strong>, mais ceux qui sont en ville ce week-end n&rsquo;ont pas besoin d&rsquo;attendre jusque-l\u00e0. Entre le <strong>vendredi 4 et le dimanche 6 septembre<\/strong> trois rendez-vous flamencos gratuits sont li\u00e9s \u00e0 la programmation qui pr\u00e9c\u00e8de la Biennale, auxquels s&rsquo;ajoutent des expositions et des exp\u00e9riences ouvertes en journ\u00e9e.<\/p>\n<p>C&rsquo;est m\u00eame l&rsquo;un des week-ends les plus int\u00e9ressants pour arriver \u00e0 S\u00e9ville avant le d\u00e9but du grand calendrier des th\u00e9\u00e2tres. La pression sur les billets est moindre, plusieurs propositions sont en acc\u00e8s libre jusqu&rsquo;\u00e0 \u00e9puisement de la capacit\u00e9 et la programmation se r\u00e9partit dans des quartiers et des lieux patrimoniaux tr\u00e8s diff\u00e9rents les uns des autres.<\/p>\n<\/div><\/div><\/div><\/div><\/div><div class=\"vc_col-sm-6 wpb_column vc_column_container\"><div class=\"vc_column-inner\"><div class=\"wpb_wrapper\"><div class=\"wpb_text_column\"><div class=\"wpb_wrapper\"><h2>Ce que vous pouvez voir du 4 au 6 septembre<\/h2>\n<p><strong>Vendredi 4 :<\/strong> <em>Cuesti\u00f3n de tiempo<\/em>, des Hermanos Aguilar, au Monast\u00e8re de San Jer\u00f3nimo.<\/p>\n<p><strong>Samedi 5 :<\/strong> IIe Festival <em>Macarena Flamenca<\/em>, hommage \u00e0 Jos\u00e9 de la Tomasa, sur la Plaza Virgen del Pilar de La Barzola.<\/p>\n<p><strong>Dimanche 6 :<\/strong> <em>Nazareno y Olivares<\/em>, hommage \u00e0 Fosforito, au Mus\u00e9e des Arts et Coutumes Populaires.<\/p>\n<p>Les trois rendez-vous commencent \u00e0 <strong>21:30<\/strong> et sont annonc\u00e9s avec <strong>acc\u00e8s libre jusqu&rsquo;\u00e0 \u00e9puisement de la capacit\u00e9<\/strong>. En journ\u00e9e, vous pouvez \u00e9galement visiter l&rsquo;exposition <em>La noche azul<\/em> et, \u00e0 partir de samedi, la nouvelle <em>Sala de revelado<\/em> de la Biennale \u00e0 la Real F\u00e1brica de Artiller\u00eda.<\/p>\n<\/div><\/div><\/div><\/div><\/div><\/div><\/div><\/section><section class=\"l-section wpb_row height_huge color_alternate with_shape\"><div class=\"l-section-shape type_zigzag pos_top hor_flip\" style=\"height:3vmin;\"><svg xmlns=\"http:\/\/www.w3.org\/2000\/svg\" viewBox=\"0 0 64 8\" preserveAspectRatio=\"none\" width=\"100%\" height=\"100%\">\r\n\t<path fill=\"currentColor\" d=\"M64 8 L0 8 L0 0 L20 7.9 L40 3 L48 5 L64 0 Z\"\/>\r\n<\/svg><\/div><div class=\"l-section-shape type_zigzag pos_bottom\" style=\"height:3vmin;\"><svg xmlns=\"http:\/\/www.w3.org\/2000\/svg\" viewBox=\"0 0 64 8\" preserveAspectRatio=\"none\" width=\"100%\" height=\"100%\">\r\n\t<path fill=\"currentColor\" d=\"M64 8 L0 8 L0 0 L20 7.9 L40 3 L48 5 L64 0 Z\"\/>\r\n<\/svg><\/div><div class=\"l-section-h i-cf\"><div class=\"g-cols vc_row via_flex valign_top type_default stacking_default\"><div class=\"vc_col-sm-12 wpb_column vc_column_container\"><div class=\"vc_column-inner\"><div class=\"wpb_wrapper\"><div class=\"wpb_text_column\"><div class=\"wpb_wrapper\"><blockquote>\n<p><strong>R\u00e9ponse rapide :<\/strong> si vous cherchez du flamenco \u00e0 S\u00e9ville ce week-end, du 4 au 6 septembre 2026, le meilleur plan consiste \u00e0 profiter des trois repr\u00e9sentations gratuites qui pr\u00e9c\u00e8dent la Biennale : Hermanos Aguilar le vendredi, Macarena Flamenca le samedi et l&rsquo;hommage \u00e0 Fosforito le dimanche. En journ\u00e9e, vous pouvez compl\u00e9ter le parcours avec <em>La noche azul<\/em> et la <em>Sala de revelado<\/em> \u00e0 la Real F\u00e1brica de Artiller\u00eda. Si vous pr\u00e9f\u00e9rez garantir un horaire et une place, les tablaos de S\u00e9ville maintiennent \u00e9galement leur programmation habituelle.<\/p>\n<\/blockquote>\n<p><strong>Derni\u00e8re mise \u00e0 jour : 4 septembre 2026.<\/strong> Pour les activit\u00e9s en acc\u00e8s libre, il est conseill\u00e9 d&rsquo;arriver \u00e0 l&rsquo;avance, car l&rsquo;entr\u00e9e d\u00e9pend des places disponibles.<\/p>\n<\/div><\/div><div class=\"w-separator size_medium\"><\/div><div class=\"w-hwrapper valign_top wrap stack_on_mobiles align_center\" style=\"--hwrapper-gap:1.2rem\"><div class=\"w-btn-wrapper align_none\"><a class=\"w-btn us-btn-style_1\" href=\"https:\/\/www.tablaosflamencos.com\/fr\/biennale-flamenco-seville-2026-avant-9-septembre.html\"><span class=\"w-btn-label\">Voir tous les \u00e9v\u00e9nements avant la Biennale<\/span><\/a><\/div><div class=\"w-btn-wrapper align_none\"><a class=\"w-btn us-btn-style_1\" href=\"https:\/\/www.tablaosflamencos.com\/fr\/flamenco-seville-biennale-2026-spectacles-hors-programme-officiel.html\"><span class=\"w-btn-label\">Voir du flamenco hors de la programmation officielle<\/span><\/a><\/div><\/div><\/div><\/div><\/div><\/div><\/div><\/section><section class=\"l-section wpb_row height_huge\"><div class=\"l-section-h i-cf\"><div class=\"g-cols vc_row via_flex valign_top type_default stacking_default\"><div class=\"vc_col-sm-6 wpb_column vc_column_container\"><div class=\"vc_column-inner\"><div class=\"wpb_wrapper\"><div class=\"wpb_text_column\"><div class=\"wpb_wrapper\"><h2>Contenu de ce guide<\/h2>\n<ul>\n<li><a href=\"#viernes\">Vendredi 4 : Hermanos Aguilar \u00e0 San Jer\u00f3nimo<\/a><\/li>\n<li><a href=\"#sabado\">Samedi 5 : Macarena Flamenca<\/a><\/li>\n<li><a href=\"#domingo\">Dimanche 6 : hommage \u00e0 Fosforito<\/a><\/li>\n<li><a href=\"#dia\">Que faire pendant la journ\u00e9e<\/a><\/li>\n<li><a href=\"#artilleria\">La noche azul et Sala de revelado<\/a><\/li>\n<li><a href=\"#tablaos\">Tablaos pour compl\u00e9ter le week-end<\/a><\/li>\n<li><a href=\"#agenda\">Agenda rapide du 4 au 6 septembre<\/a><\/li>\n<li><a href=\"#organizar\">Comment organiser le week-end<\/a><\/li>\n<li><a href=\"#despues\">Ce qui vient ensuite<\/a><\/li>\n<li><a href=\"#faq\">Questions fr\u00e9quentes<\/a><\/li>\n<\/ul>\n<\/div><\/div><\/div><\/div><\/div><div class=\"vc_col-sm-6 wpb_column vc_column_container\"><div class=\"vc_column-inner\"><div class=\"wpb_wrapper\"><div class=\"wpb_text_column\"><div class=\"wpb_wrapper\"><h2>Un week-end de transition<\/h2>\n<p>Ce week-end fait le lien entre la S\u00e9ville flamenca de toute l&rsquo;ann\u00e9e et la ville qui, \u00e0 partir du 9 septembre, entre pleinement dans la Biennale. Les grandes productions du Maestranza, du Lope de Vega, du Teatro Central ou de l&rsquo;Espacio Turina n&rsquo;ont pas encore commenc\u00e9, mais la programmation parall\u00e8le occupe d\u00e9j\u00e0 quartiers, places et lieux patrimoniaux.<\/p>\n<p>Cela permet de vivre une ambiance diff\u00e9rente : moins concentr\u00e9e dans les grands th\u00e9\u00e2tres et davantage r\u00e9partie dans la ville. C&rsquo;est aussi une bonne occasion de combiner <strong>flamenco gratuit + patrimoine + tablao<\/strong> sans devoir encha\u00eener plusieurs repr\u00e9sentations officielles au cours de la m\u00eame journ\u00e9e.<\/p>\n<\/div><\/div><\/div><\/div><\/div><\/div><\/div><\/section><section class=\"l-section wpb_row height_huge color_alternate with_shape\"><div class=\"l-section-shape type_zigzag pos_top\" style=\"height:3vmin;\"><svg xmlns=\"http:\/\/www.w3.org\/2000\/svg\" viewBox=\"0 0 64 8\" preserveAspectRatio=\"none\" width=\"100%\" height=\"100%\">\r\n\t<path fill=\"currentColor\" d=\"M64 8 L0 8 L0 0 L20 7.9 L40 3 L48 5 L64 0 Z\"\/>\r\n<\/svg><\/div><div class=\"l-section-shape type_zigzag pos_bottom\" style=\"height:3vmin;\"><svg xmlns=\"http:\/\/www.w3.org\/2000\/svg\" viewBox=\"0 0 64 8\" preserveAspectRatio=\"none\" width=\"100%\" height=\"100%\">\r\n\t<path fill=\"currentColor\" d=\"M64 8 L0 8 L0 0 L20 7.9 L40 3 L48 5 L64 0 Z\"\/>\r\n<\/svg><\/div><div class=\"l-section-h i-cf\"><div class=\"g-cols vc_row via_flex valign_top type_default stacking_default\"><div class=\"vc_col-sm-6 wpb_column vc_column_container\"><div class=\"vc_column-inner\"><div class=\"wpb_wrapper\"><div class=\"wpb_text_column\"><div class=\"wpb_wrapper\"><h2 id=\"viernes\">Vendredi 4 : <em>Cuesti\u00f3n de tiempo<\/em>, Hermanos Aguilar<\/h2>\n<p><strong>21:30 \u00b7 Monast\u00e8re de San Jer\u00f3nimo \u00b7 Acc\u00e8s libre jusqu&rsquo;\u00e0 \u00e9puisement de la capacit\u00e9<\/strong><\/p>\n<p>Le vendredi, la programmation pr\u00e9alable de la Biennale se d\u00e9place au <strong>Monast\u00e8re de San Jer\u00f3nimo<\/strong> avec <em>Cuesti\u00f3n de tiempo<\/em>, une pi\u00e8ce cr\u00e9\u00e9e et interpr\u00e9t\u00e9e par <strong>Diego et Hugo Aguilar<\/strong>.<\/p>\n<p>L&rsquo;\u0153uvre tourne autour de la m\u00e9moire, de l&rsquo;identit\u00e9, de l&rsquo;h\u00e9ritage familial et de la mani\u00e8re dont le temps transforme les liens. Elle est organis\u00e9e en cinq actes \u2014<em>Lembranza, Albor, Confluencia, Soler<\/em> et <em>Umbral<\/em>\u2014 et part d&rsquo;une id\u00e9e tr\u00e8s physique de la transmission : le pass\u00e9 familial reste pr\u00e9sent dans le corps de ceux qui dansent.<\/p>\n<p>Il ne s&rsquo;agit pas d&rsquo;une proposition con\u00e7ue uniquement comme d\u00e9monstration de danse. Les Aguilar construisent une pi\u00e8ce sc\u00e9nique introspective, avec la pr\u00e9sence du p\u00e8re des artistes comme symbole de l&rsquo;origine et de la continuit\u00e9.<\/p>\n<p><strong>Pourquoi y aller :<\/strong> parce que cela permet de commencer le week-end avec une proposition de cr\u00e9ation contemporaine dans un lieu patrimonial tr\u00e8s diff\u00e9rent des principaux th\u00e9\u00e2tres de la Biennale.<\/p>\n<\/div><\/div><\/div><\/div><\/div><div class=\"vc_col-sm-6 wpb_column vc_column_container\"><div class=\"vc_column-inner\"><div class=\"wpb_wrapper\"><div class=\"wpb_text_column\"><div class=\"wpb_wrapper\"><h2 id=\"sabado\">Samedi 5 : IIe Festival Macarena Flamenca<\/h2>\n<p><strong>21:30 \u00b7 Plaza Virgen del Pilar, La Barzola \u00b7 Acc\u00e8s libre jusqu&rsquo;\u00e0 \u00e9puisement de la capacit\u00e9<\/strong><\/p>\n<p>Le samedi, le centre d&rsquo;attention se d\u00e9place vers le district de Macarena avec la deuxi\u00e8me \u00e9dition de <strong>Macarena Flamenca<\/strong>, un festival n\u00e9 en 2025 qui rend cette ann\u00e9e hommage \u00e0 <strong>Jos\u00e9 de la Tomasa<\/strong> pour sa carri\u00e8re et son importance dans la transmission des cantes s\u00e9villans.<\/p>\n<p>L&rsquo;affiche r\u00e9unit plusieurs g\u00e9n\u00e9rations et profils. Au cante sont annonc\u00e9s <strong>Potito, Antonio Reyes, Remedios Reyes et Manuel de la Tomasa<\/strong>, avec les guitares de Manuel Herrera, Nono Reyes et Julio Romero, ainsi que des palmas et accompagnements. Pour la danse participe <strong>Manuela Amador Carrasco<\/strong>, avec le cante d&rsquo;Emilio Molina et Manuel Ta\u00f1\u00e9 et la guitare de Luis Amador.<\/p>\n<p><strong>Pourquoi cela peut \u00eatre le grand plan du samedi :<\/strong> parce que le festival r\u00e9unit une affiche large, se d\u00e9roule en plein air dans un quartier \u00e0 forte identit\u00e9 flamenca et fonctionne comme un v\u00e9ritable festival, pas comme une simple repr\u00e9sentation isol\u00e9e.<\/p>\n<\/div><\/div><\/div><\/div><\/div><\/div><\/div><\/section><section class=\"l-section wpb_row height_huge\"><div class=\"l-section-h i-cf\"><div class=\"g-cols vc_row via_flex valign_top type_default stacking_default\"><div class=\"vc_col-sm-6 wpb_column vc_column_container\"><div class=\"vc_column-inner\"><div class=\"wpb_wrapper\"><div class=\"wpb_text_column\"><div class=\"wpb_wrapper\"><h2 id=\"domingo\">Dimanche 6 : <em>Nazareno y Olivares<\/em>, hommage \u00e0 Fosforito<\/h2>\n<p><strong>21:30 \u00b7 Mus\u00e9e des Arts et Coutumes Populaires \u00b7 Acc\u00e8s libre jusqu&rsquo;\u00e0 \u00e9puisement de la capacit\u00e9<\/strong><\/p>\n<p>Le dimanche, le week-end se termine sur la <strong>Plaza de Am\u00e9rica du Parc de Mar\u00eda Luisa<\/strong>, avec une proposition consacr\u00e9e \u00e0 l&rsquo;une des figures fondamentales du cante du XXe si\u00e8cle : <strong>Antonio Fern\u00e1ndez D\u00edaz, Fosforito<\/strong>.<\/p>\n<p><em>Nazareno y Olivares<\/em> parcourt sa vie et son \u0153uvre \u00e0 travers une combinaison de parole, musique et danse. Parmi les participants annonc\u00e9s figurent <strong>Enrique Garc\u00e9s, Bernardo Miranda, Alejandro Hurtado et Yolanda Osuna<\/strong>.<\/p>\n<p>Le lieu apporte beaucoup au programme. Le Mus\u00e9e des Arts et Coutumes Populaires occupe le Pavillon Mud\u00e9jar de la Plaza de Am\u00e9rica, si bien que le spectacle permet de terminer un apr\u00e8s-midi dans le Parc de Mar\u00eda Luisa avec un rendez-vous flamenco li\u00e9 \u00e0 la m\u00e9moire et au r\u00e9pertoire historique.<\/p>\n<p><strong>Id\u00e9al pour :<\/strong> ceux qui pr\u00e9f\u00e8rent le cante, la guitare, le r\u00e9cit et l&rsquo;hommage patrimonial \u00e0 une proposition centr\u00e9e exclusivement sur la danse.<\/p>\n<\/div><\/div><\/div><\/div><\/div><div class=\"vc_col-sm-6 wpb_column vc_column_container\"><div class=\"vc_column-inner\"><div class=\"wpb_wrapper\"><div class=\"wpb_text_column\"><div class=\"wpb_wrapper\"><h2 id=\"dia\">Que faire pendant la journ\u00e9e avant les spectacles<\/h2>\n<p>Le fait que les trois repr\u00e9sentations principales commencent \u00e0 21:30 laisse pratiquement toute la journ\u00e9e libre. Cela permet de construire des journ\u00e9es tr\u00e8s compl\u00e8tes sans se presser.<\/p>\n<p>Le vendredi, vous pouvez consacrer l&rsquo;apr\u00e8s-midi au centre puis vous rendre \u00e0 San Jer\u00f3nimo. Le samedi, il est logique de parcourir Macarena, Feria, Alameda ou la zone nord avant de rejoindre La Barzola. Le dimanche, en revanche, le Parc de Mar\u00eda Luisa, la Plaza de Espa\u00f1a et la Plaza de Am\u00e9rica permettent d&rsquo;organiser toute la fin d&rsquo;apr\u00e8s-midi \u00e0 quelques minutes du spectacle.<\/p>\n<p>En outre, tout au long du week-end, une \u00e9tape est particuli\u00e8rement recommand\u00e9e pour ceux qui souhaitent approfondir l&rsquo;histoire et les processus cr\u00e9atifs du flamenco : la <strong>Real F\u00e1brica de Artiller\u00eda<\/strong>.<\/p>\n<\/div><\/div><\/div><\/div><\/div><\/div><\/div><\/section><section class=\"l-section wpb_row height_huge color_alternate with_shape\"><div class=\"l-section-shape type_zigzag pos_top hor_flip\" style=\"height:3vmin;\"><svg xmlns=\"http:\/\/www.w3.org\/2000\/svg\" viewBox=\"0 0 64 8\" preserveAspectRatio=\"none\" width=\"100%\" height=\"100%\">\r\n\t<path fill=\"currentColor\" d=\"M64 8 L0 8 L0 0 L20 7.9 L40 3 L48 5 L64 0 Z\"\/>\r\n<\/svg><\/div><div class=\"l-section-shape type_zigzag pos_bottom\" style=\"height:3vmin;\"><svg xmlns=\"http:\/\/www.w3.org\/2000\/svg\" viewBox=\"0 0 64 8\" preserveAspectRatio=\"none\" width=\"100%\" height=\"100%\">\r\n\t<path fill=\"currentColor\" d=\"M64 8 L0 8 L0 0 L20 7.9 L40 3 L48 5 L64 0 Z\"\/>\r\n<\/svg><\/div><div class=\"l-section-h i-cf\"><div class=\"g-cols vc_row via_flex valign_top type_default stacking_default\"><div class=\"vc_col-sm-6 wpb_column vc_column_container\"><div class=\"vc_column-inner\"><div class=\"wpb_wrapper\"><div class=\"wpb_text_column\"><div class=\"wpb_wrapper\"><h2 id=\"artilleria\"><em>La noche azul<\/em>: une exposition pour comprendre l&rsquo;\u00d3pera Flamenca<\/h2>\n<p>Depuis le 2 septembre, la Real F\u00e1brica de Artiller\u00eda accueille l&rsquo;exposition <strong><em>La noche azul. \u00d3pera Flamenca en la colecci\u00f3n de Carlos Mart\u00edn Ballester<\/em><\/strong>.<\/p>\n<p>L&rsquo;exposition rassemble <strong>328 pi\u00e8ces<\/strong> parmi lesquelles affiches, disques 78 tours, gramophones, photographies et documents historiques pour expliquer comment, il y a environ un si\u00e8cle, le flamenco est pass\u00e9 des caf\u00e9s cantantes aux grands th\u00e9\u00e2tres, ar\u00e8nes, radio et \u00e0 la premi\u00e8re industrie du disque.<\/p>\n<p>L&rsquo;entr\u00e9e est gratuite. Les horaires officiels annonc\u00e9s sont de <strong>10:00 \u00e0 20:00 du lundi au samedi<\/strong> et de <strong>10:00 \u00e0 14:00 le dimanche<\/strong>. Cela en fait un plan particuli\u00e8rement facile \u00e0 int\u00e9grer le samedi ou le dimanche avant l&rsquo;un des spectacles du soir.<\/p>\n<\/div><\/div><div class=\"w-separator size_medium\"><\/div><div class=\"w-hwrapper valign_top wrap stack_on_mobiles align_center\" style=\"--hwrapper-gap:1.2rem\"><div class=\"w-btn-wrapper align_none\"><a class=\"w-btn us-btn-style_1\" href=\"https:\/\/www.tablaosflamencos.com\/fr\/la-nuit-bleue-opera-flamenco-biennale-seville-2026.html\"><span class=\"w-btn-label\">Guide de La noche azul<\/span><\/a><\/div><\/div><\/div><\/div><\/div><div class=\"vc_col-sm-6 wpb_column vc_column_container\"><div class=\"vc_column-inner\"><div class=\"wpb_wrapper\"><div class=\"wpb_text_column\"><div class=\"wpb_wrapper\"><h2>\u00c0 partir de samedi : la nouvelle Sala de revelado<\/h2>\n<p>La Biennale a \u00e9galement inaugur\u00e9 une installation itin\u00e9rante sous le slogan <strong>\u00ab L&rsquo;invisible est aussi flamenco \u00bb<\/strong>. La <em>Sala de revelado<\/em> montre des processus de r\u00e9p\u00e9tition, de recherche et de cr\u00e9ation qui restent normalement hors du regard du public.<\/p>\n<p>Apr\u00e8s \u00eatre pass\u00e9e par Triana, El Prado\/Nervi\u00f3n et la calle Feria, l&rsquo;installation s&rsquo;\u00e9tablit <strong>\u00e0 partir du samedi 5 septembre \u00e0 la Real F\u00e1brica de Artiller\u00eda<\/strong>. Elle y enrichit l&rsquo;exp\u00e9rience avec des photographies documentaires, t\u00e9moignages, contenus sonores, podcasts et interviews li\u00e9s aux processus cr\u00e9atifs des artistes de la Biennale.<\/p>\n<p>La combinaison est particuli\u00e8rement logique : visiter <em>La noche azul<\/em> et la <em>Sala de revelado<\/em> dans le m\u00eame b\u00e2timent permet de parcourir deux faces du flamenco \u2014 m\u00e9moire historique et cr\u00e9ation contemporaine \u2014 avant de sortir voir un spectacle le soir.<\/p>\n<\/div><\/div><\/div><\/div><\/div><\/div><\/div><\/section><section class=\"l-section wpb_row height_huge\"><div class=\"l-section-h i-cf\"><div class=\"g-cols vc_row via_flex valign_top type_default stacking_default\"><div class=\"vc_col-sm-6 wpb_column vc_column_container\"><div class=\"vc_column-inner\"><div class=\"wpb_wrapper\"><div class=\"wpb_text_column\"><div class=\"wpb_wrapper\"><h2 id=\"tablaos\">Si vous pr\u00e9f\u00e9rez garantir votre place : tablaos pendant tout le week-end<\/h2>\n<p>Les trois grands rendez-vous pr\u00e9alables du vendredi, samedi et dimanche sont gratuits jusqu&rsquo;\u00e0 \u00e9puisement de la capacit\u00e9. Cela pr\u00e9sente un avantage \u00e9vident, mais aussi une limite : <strong>cela ne revient pas \u00e0 avoir une place garantie<\/strong>.<\/p>\n<p>Si vous arrivez tard, voyagez avec un emploi du temps tr\u00e8s serr\u00e9 ou pr\u00e9f\u00e9rez simplement r\u00e9server \u00e0 l&rsquo;avance, les tablaos de S\u00e9ville maintiennent leur programmation habituelle pendant tout le week-end. Il existe des options \u00e0 Las Setas, Santa Cruz, Arenal, Plaza Nueva, dans le centre historique et \u00e0 Triana, g\u00e9n\u00e9ralement dans des formats d&rsquo;environ une heure.<\/p>\n<p>Cela peut aussi \u00eatre un bon compl\u00e9ment : exposition ou activit\u00e9 en journ\u00e9e, rendez-vous gratuit \u00e0 21:30 et tablao un autre jour. Il n&rsquo;est pas n\u00e9cessaire d&rsquo;essayer de tout faire le m\u00eame soir.<\/p>\n<\/div><\/div><div class=\"w-separator size_medium\"><\/div><div class=\"w-hwrapper valign_top wrap stack_on_mobiles align_center\" style=\"--hwrapper-gap:1.2rem\"><div class=\"w-btn-wrapper align_none\"><a class=\"w-btn us-btn-style_1\" href=\"https:\/\/www.tablaosflamencos.com\/fr\/flamenco-seville-biennale-2026-spectacles-hors-programme-officiel.html\"><span class=\"w-btn-label\">Comparer les tablaos \u00e0 S\u00e9ville<\/span><\/a><\/div><\/div><\/div><\/div><\/div><div class=\"vc_col-sm-6 wpb_column vc_column_container\"><div class=\"vc_column-inner\"><div class=\"wpb_wrapper\"><div class=\"wpb_text_column\"><div class=\"wpb_wrapper\"><h2>Quel plan choisir selon vos centres d&rsquo;int\u00e9r\u00eat<\/h2>\n<ul>\n<li><strong>Danse et cr\u00e9ation contemporaine :<\/strong> Hermanos Aguilar, vendredi 4.<\/li>\n<li><strong>Festival de cante avec une large affiche :<\/strong> Macarena Flamenca, samedi 5.<\/li>\n<li><strong>Histoire du cante et hommage \u00e0 une figure essentielle :<\/strong> Fosforito, dimanche 6.<\/li>\n<li><strong>Histoire et patrimoine documentaire :<\/strong> <em>La noche azul<\/em>.<\/li>\n<li><strong>Processus cr\u00e9atifs actuels :<\/strong> <em>Sala de revelado<\/em>.<\/li>\n<li><strong>Horaire r\u00e9serv\u00e9 et spectacle r\u00e9gulier :<\/strong> tablao.<\/li>\n<\/ul>\n<p>Si vous ne pouvez choisir qu&rsquo;une seule soir\u00e9e, la d\u00e9cision d\u00e9pend davantage du type de flamenco recherch\u00e9 que d&rsquo;une hi\u00e9rarchie absolue. Les propositions sont tr\u00e8s diff\u00e9rentes et cette diversit\u00e9 constitue pr\u00e9cis\u00e9ment l&rsquo;un des attraits du week-end pr\u00e9c\u00e9dant la Biennale.<\/p>\n<\/div><\/div><\/div><\/div><\/div><\/div><\/div><\/section><section class=\"l-section wpb_row height_huge color_alternate with_shape\"><div class=\"l-section-shape type_zigzag pos_top\" style=\"height:3vmin;\"><svg xmlns=\"http:\/\/www.w3.org\/2000\/svg\" viewBox=\"0 0 64 8\" preserveAspectRatio=\"none\" width=\"100%\" height=\"100%\">\r\n\t<path fill=\"currentColor\" d=\"M64 8 L0 8 L0 0 L20 7.9 L40 3 L48 5 L64 0 Z\"\/>\r\n<\/svg><\/div><div class=\"l-section-shape type_zigzag pos_bottom\" style=\"height:3vmin;\"><svg xmlns=\"http:\/\/www.w3.org\/2000\/svg\" viewBox=\"0 0 64 8\" preserveAspectRatio=\"none\" width=\"100%\" height=\"100%\">\r\n\t<path fill=\"currentColor\" d=\"M64 8 L0 8 L0 0 L20 7.9 L40 3 L48 5 L64 0 Z\"\/>\r\n<\/svg><\/div><div class=\"l-section-h i-cf\"><div class=\"g-cols vc_row via_flex valign_top type_default stacking_default\"><div class=\"vc_col-sm-12 wpb_column vc_column_container\"><div class=\"vc_column-inner\"><div class=\"wpb_wrapper\"><div class=\"wpb_text_column\"><div class=\"wpb_wrapper\"><h2 id=\"agenda\" style=\"text-align: center;\">Agenda rapide : flamenco \u00e0 S\u00e9ville du 4 au 6 septembre 2026<\/h2>\n<div style=\"overflow-x: auto;\">\n<table>\n<thead>\n<tr>\n<th>Jour<\/th>\n<th>Programme<\/th>\n<th>Heure<\/th>\n<th>Lieu<\/th>\n<th>Acc\u00e8s<\/th>\n<\/tr>\n<\/thead>\n<tbody>\n<tr>\n<td>Vendredi 4<\/td>\n<td><strong>Hermanos Aguilar \u2014 <em>Cuesti\u00f3n de tiempo<\/em><\/strong><\/td>\n<td>21:30<\/td>\n<td>Monast\u00e8re de San Jer\u00f3nimo<\/td>\n<td>Libre jusqu&rsquo;\u00e0 \u00e9puisement de la capacit\u00e9<\/td>\n<\/tr>\n<tr>\n<td>Samedi 5<\/td>\n<td><strong>IIe Festival Macarena Flamenca<\/strong><\/td>\n<td>21:30<\/td>\n<td>Plaza Virgen del Pilar, La Barzola<\/td>\n<td>Libre jusqu&rsquo;\u00e0 \u00e9puisement de la capacit\u00e9<\/td>\n<\/tr>\n<tr>\n<td>Dimanche 6<\/td>\n<td><strong><em>Nazareno y Olivares<\/em> \u2014 Hommage \u00e0 Fosforito<\/strong><\/td>\n<td>21:30<\/td>\n<td>Mus\u00e9e des Arts et Coutumes Populaires<\/td>\n<td>Libre jusqu&rsquo;\u00e0 \u00e9puisement de la capacit\u00e9<\/td>\n<\/tr>\n<tr>\n<td>Samedi 5<\/td>\n<td><strong><em>La noche azul<\/em> + Sala de revelado<\/strong><\/td>\n<td>10:00\u201320:00<\/td>\n<td>Real F\u00e1brica de Artiller\u00eda<\/td>\n<td>Gratuit<\/td>\n<\/tr>\n<tr>\n<td>Dimanche 6<\/td>\n<td><strong><em>La noche azul<\/em> + Sala de revelado<\/strong><\/td>\n<td>10:00\u201314:00<\/td>\n<td>Real F\u00e1brica de Artiller\u00eda<\/td>\n<td>Gratuit<\/td>\n<\/tr>\n<\/tbody>\n<\/table>\n<\/div>\n<\/div><\/div><\/div><\/div><\/div><\/div><\/div><\/section><section class=\"l-section wpb_row height_huge\"><div class=\"l-section-h i-cf\"><div class=\"g-cols vc_row via_flex valign_top type_default stacking_default\"><div class=\"vc_col-sm-6 wpb_column vc_column_container\"><div class=\"vc_column-inner\"><div class=\"wpb_wrapper\"><div class=\"wpb_text_column\"><div class=\"wpb_wrapper\"><h2 id=\"organizar\">Comment organiser le week-end sans courir<\/h2>\n<p>Une bonne strat\u00e9gie consiste \u00e0 r\u00e9server chaque soir\u00e9e \u00e0 un seul rendez-vous principal et \u00e0 utiliser la journ\u00e9e pour d\u00e9couvrir la ville. Inutile de transformer le week-end en marathon.<\/p>\n<p><strong>Vendredi :<\/strong> centre historique l&rsquo;apr\u00e8s-midi + San Jer\u00f3nimo \u00e0 21:30.<\/p>\n<p><strong>Samedi :<\/strong> Artiller\u00eda le matin ou en d\u00e9but d&rsquo;apr\u00e8s-midi + Macarena et Alameda + Festival Macarena Flamenca le soir.<\/p>\n<p><strong>Dimanche :<\/strong> Artiller\u00eda le matin + Parc de Mar\u00eda Luisa et Plaza de Espa\u00f1a l&rsquo;apr\u00e8s-midi + hommage \u00e0 Fosforito \u00e0 21:30.<\/p>\n<p>Pour les rendez-vous gratuits, nous recommandons d&rsquo;arriver avec une marge. Lors d&rsquo;un \u00e9v\u00e9nement sans billet num\u00e9rot\u00e9, l&rsquo;avance est beaucoup plus importante que pour un spectacle r\u00e9serv\u00e9.<\/p>\n<\/div><\/div><\/div><\/div><\/div><div class=\"vc_col-sm-6 wpb_column vc_column_container\"><div class=\"vc_column-inner\"><div class=\"wpb_wrapper\"><div class=\"wpb_text_column\"><div class=\"wpb_wrapper\"><h2 id=\"despues\">Et ensuite : la Biennale commence officiellement le 9<\/h2>\n<p>Le week-end ne marque pas la fin de cette programmation pr\u00e9alable. Le mardi 8 se poursuit le cycle de cin\u00e9ma <em>Flamencas<\/em> et le mercredi <strong>9 septembre<\/strong> arrive le lancement officiel avec le <strong>Preg\u00f3n Cantado<\/strong> sur la Plaza de San Francisco.<\/p>\n<p>\u00c0 partir de l\u00e0, l&rsquo;\u00e9chelle change : les grandes repr\u00e9sentations commencent et la programmation s&rsquo;\u00e9tend aux principaux lieux de cette \u00e9dition. Si vous restez plusieurs jours \u00e0 S\u00e9ville, il est conseill\u00e9 de passer de ce guide du week-end \u00e0 notre <strong>guide complet de la Biennale<\/strong> et \u00e0 l&rsquo;article sp\u00e9cifique consacr\u00e9 au <strong>premier week-end officiel<\/strong>, qui couvre d\u00e9j\u00e0 les spectacles \u00e0 partir du 9 septembre.<\/p>\n<\/div><\/div><div class=\"w-separator size_medium\"><\/div><div class=\"w-hwrapper valign_top wrap stack_on_mobiles align_center\" style=\"--hwrapper-gap:1.2rem\"><div class=\"w-btn-wrapper align_none\"><a class=\"w-btn us-btn-style_1\" href=\"https:\/\/www.tablaosflamencos.com\/fr\/biennale-flamenco-seville-2026.html\"><span class=\"w-btn-label\">Guide complet Biennale 2026<\/span><\/a><\/div><div class=\"w-btn-wrapper align_none\"><a class=\"w-btn us-btn-style_1\" href=\"https:\/\/www.tablaosflamencos.com\/fr\/que-voir-premier-week-end-biennale-flamenco-seville-2026.html\"><span class=\"w-btn-label\">Que voir le premier week-end officiel<\/span><\/a><\/div><\/div><\/div><\/div><\/div><\/div><\/div><\/section><section class=\"l-section wpb_row height_huge color_alternate with_shape\"><div class=\"l-section-shape type_zigzag pos_top hor_flip\" style=\"height:3vmin;\"><svg xmlns=\"http:\/\/www.w3.org\/2000\/svg\" viewBox=\"0 0 64 8\" preserveAspectRatio=\"none\" width=\"100%\" height=\"100%\">\r\n\t<path fill=\"currentColor\" d=\"M64 8 L0 8 L0 0 L20 7.9 L40 3 L48 5 L64 0 Z\"\/>\r\n<\/svg><\/div><div class=\"l-section-shape type_zigzag pos_bottom\" style=\"height:3vmin;\"><svg xmlns=\"http:\/\/www.w3.org\/2000\/svg\" viewBox=\"0 0 64 8\" preserveAspectRatio=\"none\" width=\"100%\" height=\"100%\">\r\n\t<path fill=\"currentColor\" d=\"M64 8 L0 8 L0 0 L20 7.9 L40 3 L48 5 L64 0 Z\"\/>\r\n<\/svg><\/div><div class=\"l-section-h i-cf\"><div class=\"g-cols vc_row via_flex valign_top type_default stacking_default\"><div class=\"vc_col-sm-12 wpb_column vc_column_container\"><div class=\"vc_column-inner\"><div class=\"wpb_wrapper\"><div class=\"wpb_text_column\"><div class=\"wpb_wrapper\"><h2 style=\"text-align: center;\">La Biennale n&rsquo;a pas encore officiellement commenc\u00e9, mais S\u00e9ville est d\u00e9j\u00e0 en mode flamenco<\/h2>\n<p style=\"text-align: center;\">Le week-end du 4 au 6 septembre offre une combinaison particuli\u00e8rement attrayante : trois repr\u00e9sentations gratuites le soir, deux propositions culturelles en journ\u00e9e \u00e0 la Real F\u00e1brica de Artiller\u00eda et toute la programmation habituelle des tablaos.<\/p>\n<p style=\"text-align: center;\">Si vous \u00eates \u00e0 S\u00e9ville ces jours-ci, inutile d&rsquo;attendre le 9 septembre pour commencer \u00e0 vivre la Biennale. La ville montre d\u00e9j\u00e0 une partie de ce qui arrive : <strong>danse, cante, m\u00e9moire, patrimoine, cr\u00e9ation et flamenco dans la rue<\/strong>.<\/p>\n<\/div><\/div><div class=\"w-separator size_medium\"><\/div><div class=\"w-hwrapper valign_top wrap stack_on_mobiles align_center\" style=\"--hwrapper-gap:1.2rem\"><div class=\"w-btn-wrapper align_none\"><a class=\"w-btn us-btn-style_1\" href=\"https:\/\/www.tablaosflamencos.com\/fr\/biennale-flamenco-seville-2026-gratuite.html\"><span class=\"w-btn-label\">Voir les activit\u00e9s gratuites de la Biennale<\/span><\/a><\/div><\/div><\/div><\/div><\/div><\/div><\/div><\/section><section class=\"l-section wpb_row height_huge with_shape\"><div class=\"l-section-shape type_zigzag pos_bottom\" style=\"height:3vmin;\"><svg xmlns=\"http:\/\/www.w3.org\/2000\/svg\" viewBox=\"0 0 64 8\" preserveAspectRatio=\"none\" width=\"100%\" height=\"100%\">\r\n\t<path fill=\"currentColor\" d=\"M64 8 L0 8 L0 0 L20 7.9 L40 3 L48 5 L64 0 Z\"\/>\r\n<\/svg><\/div><div class=\"l-section-h i-cf\"><div class=\"g-cols vc_row via_flex valign_top type_default stacking_default\"><div class=\"vc_col-sm-1\/5 wpb_column vc_column_container\"><div class=\"vc_column-inner\"><div class=\"wpb_wrapper\"><\/div><\/div><\/div><div class=\"vc_col-sm-3\/5 wpb_column vc_column_container\"><div class=\"vc_column-inner\"><div class=\"wpb_wrapper\"><div class=\"wpb_text_column\"><div class=\"wpb_wrapper\"><h2 id=\"faq\" style=\"text-align: center;\">Questions fr\u00e9quentes sur le flamenco \u00e0 S\u00e9ville ce week-end<\/h2>\n<\/div><\/div><div class=\"w-separator size_medium\"><\/div><div class=\"w-tabs accordion toggle_style_1 has_scrolling\" style=\"--sections-title-size:inherit;--sections-gap:0.5rem;\"><div class=\"w-tabs-sections titles-align_none icon_chevron cpos_right\"><div class=\"w-tabs-section\" id=\"q248\"><button type=\"button\" class=\"w-tabs-section-header\" aria-controls=\"content-q248\" aria-expanded=\"false\"><div class=\"w-tabs-section-title\">Quel flamenco peut-on voir \u00e0 S\u00e9ville ce week-end, du 4 au 6 septembre 2026 ?<\/div><div class=\"w-tabs-section-control\"><\/div><\/button><div  class=\"w-tabs-section-content\" id=\"content-q248\"><div class=\"w-tabs-section-content-h i-cf\"><div class=\"wpb_text_column\"><div class=\"wpb_wrapper\"><p>Le vendredi 4, Hermanos Aguilar pr\u00e9sentent <em>Cuesti\u00f3n de tiempo<\/em> au Monast\u00e8re de San Jer\u00f3nimo ; le samedi 5 a lieu le IIe Festival Macarena Flamenca sur la Plaza Virgen del Pilar ; et le dimanche 6 se tient <em>Nazareno y Olivares<\/em>, hommage \u00e0 Fosforito, au Mus\u00e9e des Arts et Coutumes Populaires. Les trois rendez-vous commencent \u00e0 21:30.<\/p>\n<\/div><\/div><\/div><\/div><\/div><div class=\"w-tabs-section\" id=\"y36e\"><button type=\"button\" class=\"w-tabs-section-header\" aria-controls=\"content-y36e\" aria-expanded=\"false\"><div class=\"w-tabs-section-title\">Les spectacles de ce week-end avant la Biennale sont-ils gratuits ?<\/div><div class=\"w-tabs-section-control\"><\/div><\/button><div  class=\"w-tabs-section-content\" id=\"content-y36e\"><div class=\"w-tabs-section-content-h i-cf\"><div class=\"wpb_text_column\"><div class=\"wpb_wrapper\"><p>Oui. Les repr\u00e9sentations des 4, 5 et 6 septembre sont annonc\u00e9es en acc\u00e8s libre jusqu&rsquo;\u00e0 \u00e9puisement de la capacit\u00e9 ; il est donc conseill\u00e9 d&rsquo;arriver \u00e0 l&rsquo;avance.<\/p>\n<\/div><\/div><\/div><\/div><\/div><div class=\"w-tabs-section\" id=\"v46e\"><button type=\"button\" class=\"w-tabs-section-header\" aria-controls=\"content-v46e\" aria-expanded=\"false\"><div class=\"w-tabs-section-title\">Quand commence officiellement la Biennale de Flamenco de S\u00e9ville 2026 ?<\/div><div class=\"w-tabs-section-control\"><\/div><\/button><div  class=\"w-tabs-section-content\" id=\"content-v46e\"><div class=\"w-tabs-section-content-h i-cf\"><div class=\"wpb_text_column\"><div class=\"wpb_wrapper\"><p>La XXIVe Biennale de Flamenco se d\u00e9roule officiellement du 9 septembre au 3 octobre 2026. Plusieurs activit\u00e9s parall\u00e8les et repr\u00e9sentations commencent toutefois avant le 9.<\/p>\n<\/div><\/div><\/div><\/div><\/div><div class=\"w-tabs-section\" id=\"b5b7\"><button type=\"button\" class=\"w-tabs-section-header\" aria-controls=\"content-b5b7\" aria-expanded=\"false\"><div class=\"w-tabs-section-title\">Que puis-je voir le vendredi 4 septembre ?<\/div><div class=\"w-tabs-section-control\"><\/div><\/button><div  class=\"w-tabs-section-content\" id=\"content-b5b7\"><div class=\"w-tabs-section-content-h i-cf\"><div class=\"wpb_text_column\"><div class=\"wpb_wrapper\"><p><em>Cuesti\u00f3n de tiempo<\/em>, des Hermanos Aguilar, \u00e0 21:30 au Monast\u00e8re de San Jer\u00f3nimo. Il s&rsquo;agit d&rsquo;une pi\u00e8ce de danse et de cr\u00e9ation contemporaine centr\u00e9e sur la m\u00e9moire, l&rsquo;identit\u00e9 et l&rsquo;h\u00e9ritage familial.<\/p>\n<\/div><\/div><\/div><\/div><\/div><div class=\"w-tabs-section\" id=\"c6eb\"><button type=\"button\" class=\"w-tabs-section-header\" aria-controls=\"content-c6eb\" aria-expanded=\"false\"><div class=\"w-tabs-section-title\">Que se passe-t-il le samedi 5 septembre ?<\/div><div class=\"w-tabs-section-control\"><\/div><\/button><div  class=\"w-tabs-section-content\" id=\"content-c6eb\"><div class=\"w-tabs-section-content-h i-cf\"><div class=\"wpb_text_column\"><div class=\"wpb_wrapper\"><p>Le IIe Festival Macarena Flamenca a lieu \u00e0 21:30 sur la Plaza Virgen del Pilar de La Barzola et rend hommage \u00e0 Jos\u00e9 de la Tomasa. L&rsquo;affiche comprend notamment Potito, Antonio Reyes, Remedios Reyes, Manuel de la Tomasa et Manuela Amador Carrasco.<\/p>\n<\/div><\/div><\/div><\/div><\/div><div class=\"w-tabs-section\" id=\"g867\"><button type=\"button\" class=\"w-tabs-section-header\" aria-controls=\"content-g867\" aria-expanded=\"false\"><div class=\"w-tabs-section-title\">Que se passe-t-il le dimanche 6 septembre ?<\/div><div class=\"w-tabs-section-control\"><\/div><\/button><div  class=\"w-tabs-section-content\" id=\"content-g867\"><div class=\"w-tabs-section-content-h i-cf\"><div class=\"wpb_text_column\"><div class=\"wpb_wrapper\"><p>\u00c0 21:30 est pr\u00e9sent\u00e9 <em>Nazareno y Olivares<\/em> au Mus\u00e9e des Arts et Coutumes Populaires, une proposition consacr\u00e9e \u00e0 la vie et \u00e0 l&rsquo;\u0153uvre de Fosforito \u00e0 travers musique, parole et danse.<\/p>\n<\/div><\/div><\/div><\/div><\/div><div class=\"w-tabs-section\" id=\"i9a8\"><button type=\"button\" class=\"w-tabs-section-header\" aria-controls=\"content-i9a8\" aria-expanded=\"false\"><div class=\"w-tabs-section-title\">Y a-t-il des activit\u00e9s flamencas pendant la journ\u00e9e ?<\/div><div class=\"w-tabs-section-control\"><\/div><\/button><div  class=\"w-tabs-section-content\" id=\"content-i9a8\"><div class=\"w-tabs-section-content-h i-cf\"><div class=\"wpb_text_column\"><div class=\"wpb_wrapper\"><p>Oui. La Real F\u00e1brica de Artiller\u00eda accueille l&rsquo;exposition gratuite <em>La noche azul<\/em> et, \u00e0 partir du samedi 5, \u00e9galement la <em>Sala de revelado<\/em>, consacr\u00e9e \u00e0 montrer les processus cr\u00e9atifs des artistes de la Biennale.<\/p>\n<\/div><\/div><\/div><\/div><\/div><div class=\"w-tabs-section\" id=\"jaae\"><button type=\"button\" class=\"w-tabs-section-header\" aria-controls=\"content-jaae\" aria-expanded=\"false\"><div class=\"w-tabs-section-title\">Quels sont les horaires de La noche azul ce week-end ?<\/div><div class=\"w-tabs-section-control\"><\/div><\/button><div  class=\"w-tabs-section-content\" id=\"content-jaae\"><div class=\"w-tabs-section-content-h i-cf\"><div class=\"wpb_text_column\"><div class=\"wpb_wrapper\"><p>Les horaires officiels de l&rsquo;exposition sont de 10:00 \u00e0 20:00 du lundi au samedi et de 10:00 \u00e0 14:00 le dimanche. L&rsquo;entr\u00e9e est gratuite.<\/p>\n<\/div><\/div><\/div><\/div><\/div><div class=\"w-tabs-section\" id=\"uc1c\"><button type=\"button\" class=\"w-tabs-section-header\" aria-controls=\"content-uc1c\" aria-expanded=\"false\"><div class=\"w-tabs-section-title\">Puis-je r\u00e9server un tablao si je ne veux pas d\u00e9pendre de la capacit\u00e9 des \u00e9v\u00e9nements gratuits ?<\/div><div class=\"w-tabs-section-control\"><\/div><\/button><div  class=\"w-tabs-section-content\" id=\"content-uc1c\"><div class=\"w-tabs-section-content-h i-cf\"><div class=\"wpb_text_column\"><div class=\"wpb_wrapper\"><p>Oui. Les tablaos de S\u00e9ville maintiennent leur programmation habituelle pendant tout le week-end. C&rsquo;est une alternative recommand\u00e9e si vous souhaitez garantir votre place, choisir un horaire pr\u00e9cis ou combiner l&rsquo;une des activit\u00e9s pr\u00e9alables de la Biennale avec un autre spectacle flamenco.<\/p>\n<\/div><\/div><\/div><\/div><\/div><div class=\"w-tabs-section\" id=\"td6c\"><button type=\"button\" class=\"w-tabs-section-header\" aria-controls=\"content-td6c\" aria-expanded=\"false\"><div class=\"w-tabs-section-title\">Que se passe-t-il apr\u00e8s ce week-end ?<\/div><div class=\"w-tabs-section-control\"><\/div><\/button><div  class=\"w-tabs-section-content\" id=\"content-td6c\"><div class=\"w-tabs-section-content-h i-cf\"><div class=\"wpb_text_column\"><div class=\"wpb_wrapper\"><p>La programmation pr\u00e9alable se poursuit le 8 septembre et la Biennale commence officiellement le 9. \u00c0 partir de cette date d\u00e9butent les grandes productions, premi\u00e8res et cycles dans les principaux lieux de S\u00e9ville.<\/p>\n<\/div><\/div><\/div><\/div><\/div><\/div><\/div><\/div><\/div><\/div><div class=\"vc_col-sm-1\/5 wpb_column vc_column_container\"><div class=\"vc_column-inner\"><div class=\"wpb_wrapper\"><\/div><\/div><\/div><\/div><\/div><\/section>\n","protected":false},"excerpt":{"rendered":"<p>Que voir \u00e0 S\u00e9ville du 4 au 6 septembre 2026 avant la Biennale : spectacles gratuits, expositions, tablaos et id\u00e9es pratiques.<\/p>\n","protected":false},"author":1,"featured_media":14517,"comment_status":"closed","ping_status":"closed","sticky":false,"template":"","format":"standard","meta":{"_acf_changed":false,"wpai_generated_summary":"","_ayudawp_aiss_exclude":false,"_ayudawp_aiss_exclude_summary":false,"_ayudawp_aiss_summary":"","_ayudawp_aiss_summary_provider":"","_ayudawp_aiss_summary_hash":"","footnotes":""},"categories":[1428],"tags":[1238,1239,1240,1241,1155,1242,1243],"class_list":["post-14536","post","type-post","status-publish","format-standard","has-post-thumbnail","hentry","category-biennale-de-flamenco","tag-agenda-flamenca","tag-bienal-2026","tag-bienal-de-flamenco","tag-festivales-flamencos","tag-flamenco-en-sevilla","tag-sevilla","tag-tablaos-de-sevilla"],"acf":[],"yoast_head":"<!-- This site is optimized with the Yoast SEO Premium plugin v28.4 (Yoast SEO v28.4) - https:\/\/yoast.com\/product\/yoast-seo-premium-wordpress\/ -->\n<title>Flamenco \u00e0 S\u00e9ville ce week-end : 4\u20136 septembre<\/title>\n<meta name=\"description\" content=\"Que voir \u00e0 S\u00e9ville du 4 au 6 septembre 2026 avant la Biennale : Hermanos Aguilar, Macarena Flamenca, hommage \u00e0 Fosforito, expositions et tablaos.\" \/>\n<meta name=\"robots\" content=\"index, follow, max-snippet:-1, max-image-preview:large, max-video-preview:-1\" \/>\n<link rel=\"canonical\" href=\"https:\/\/www.tablaosflamencos.com\/fr\/flamenco-seville-ce-week-end-avant-biennale-2026.html\" \/>\n<meta property=\"og:locale\" content=\"fr_FR\" \/>\n<meta property=\"og:type\" content=\"article\" \/>\n<meta property=\"og:title\" content=\"Flamenco \u00e0 S\u00e9ville ce week-end : que voir avant la Biennale\" \/>\n<meta property=\"og:description\" content=\"Que voir \u00e0 S\u00e9ville du 4 au 6 septembre 2026 avant la Biennale : Hermanos Aguilar, Macarena Flamenca, hommage \u00e0 Fosforito, expositions et tablaos.\" \/>\n<meta property=\"og:url\" content=\"https:\/\/www.tablaosflamencos.com\/fr\/flamenco-seville-ce-week-end-avant-biennale-2026.html\" \/>\n<meta property=\"og:site_name\" content=\"Tablaos Flamencos\" \/>\n<meta property=\"article:publisher\" content=\"https:\/\/www.facebook.com\/tablaosflamencos\" \/>\n<meta property=\"article:published_time\" content=\"2026-09-04T16:48:29+00:00\" \/>\n<meta property=\"article:modified_time\" content=\"2026-09-04T17:14:46+00:00\" \/>\n<meta property=\"og:image\" content=\"https:\/\/www.tablaosflamencos.com\/wp-content\/uploads\/flamenco-en-sevilla-este-fin-de-semana-que-ver-antes-de-la-bienal-01.webp\" \/>\n\t<meta property=\"og:image:width\" content=\"1672\" \/>\n\t<meta property=\"og:image:height\" content=\"941\" \/>\n\t<meta property=\"og:image:type\" content=\"image\/webp\" \/>\n<meta name=\"author\" content=\"Miguel Ortiz\" \/>\n<meta name=\"twitter:card\" content=\"summary_large_image\" \/>\n<meta name=\"twitter:creator\" content=\"@tablaosflamenco\" \/>\n<meta name=\"twitter:site\" content=\"@tablaosflamenco\" \/>\n<meta name=\"twitter:label1\" content=\"\u00c9crit par\" \/>\n\t<meta name=\"twitter:data1\" content=\"Miguel Ortiz\" \/>\n\t<meta name=\"twitter:label2\" content=\"Dur\u00e9e de lecture estim\u00e9e\" \/>\n\t<meta name=\"twitter:data2\" content=\"17 minutes\" \/>\n<script type=\"application\/ld+json\" class=\"yoast-schema-graph\">{\"@context\":\"https:\\\/\\\/schema.org\",\"@graph\":[{\"@type\":\"Article\",\"@id\":\"https:\\\/\\\/www.tablaosflamencos.com\\\/fr\\\/flamenco-seville-ce-week-end-avant-biennale-2026.html#article\",\"isPartOf\":{\"@id\":\"https:\\\/\\\/www.tablaosflamencos.com\\\/fr\\\/flamenco-seville-ce-week-end-avant-biennale-2026.html\"},\"author\":{\"name\":\"Miguel Ortiz\",\"@id\":\"https:\\\/\\\/www.tablaosflamencos.com\\\/fr#\\\/schema\\\/person\\\/e7a9ebe14eb75a52ceabfbffb3c54f5d\"},\"headline\":\"Flamenco \u00e0 S\u00e9ville ce week-end : que voir avant la Biennale\",\"datePublished\":\"2026-09-04T16:48:29+00:00\",\"dateModified\":\"2026-09-04T17:14:46+00:00\",\"mainEntityOfPage\":{\"@id\":\"https:\\\/\\\/www.tablaosflamencos.com\\\/fr\\\/flamenco-seville-ce-week-end-avant-biennale-2026.html\"},\"wordCount\":3480,\"publisher\":{\"@id\":\"https:\\\/\\\/www.tablaosflamencos.com\\\/fr#organization\"},\"image\":{\"@id\":\"https:\\\/\\\/www.tablaosflamencos.com\\\/fr\\\/flamenco-seville-ce-week-end-avant-biennale-2026.html#primaryimage\"},\"thumbnailUrl\":\"https:\\\/\\\/www.tablaosflamencos.com\\\/wp-content\\\/uploads\\\/flamenco-en-sevilla-este-fin-de-semana-que-ver-antes-de-la-bienal-01.webp\",\"keywords\":[\"agenda flamenca\",\"Bienal 2026\",\"Bienal de Flamenco\",\"festivales flamencos\",\"flamenco en Sevilla\",\"sevilla\",\"tablaos de Sevilla\"],\"articleSection\":[\"Biennale de Flamenco\"],\"inLanguage\":\"fr-FR\"},{\"@type\":\"WebPage\",\"@id\":\"https:\\\/\\\/www.tablaosflamencos.com\\\/fr\\\/flamenco-seville-ce-week-end-avant-biennale-2026.html\",\"url\":\"https:\\\/\\\/www.tablaosflamencos.com\\\/fr\\\/flamenco-seville-ce-week-end-avant-biennale-2026.html\",\"name\":\"Flamenco \u00e0 S\u00e9ville ce week-end : 4\u20136 septembre\",\"isPartOf\":{\"@id\":\"https:\\\/\\\/www.tablaosflamencos.com\\\/fr#website\"},\"primaryImageOfPage\":{\"@id\":\"https:\\\/\\\/www.tablaosflamencos.com\\\/fr\\\/flamenco-seville-ce-week-end-avant-biennale-2026.html#primaryimage\"},\"image\":{\"@id\":\"https:\\\/\\\/www.tablaosflamencos.com\\\/fr\\\/flamenco-seville-ce-week-end-avant-biennale-2026.html#primaryimage\"},\"thumbnailUrl\":\"https:\\\/\\\/www.tablaosflamencos.com\\\/wp-content\\\/uploads\\\/flamenco-en-sevilla-este-fin-de-semana-que-ver-antes-de-la-bienal-01.webp\",\"datePublished\":\"2026-09-04T16:48:29+00:00\",\"dateModified\":\"2026-09-04T17:14:46+00:00\",\"description\":\"Que voir \u00e0 S\u00e9ville du 4 au 6 septembre 2026 avant la Biennale : Hermanos Aguilar, Macarena Flamenca, hommage \u00e0 Fosforito, expositions et tablaos.\",\"breadcrumb\":{\"@id\":\"https:\\\/\\\/www.tablaosflamencos.com\\\/fr\\\/flamenco-seville-ce-week-end-avant-biennale-2026.html#breadcrumb\"},\"inLanguage\":\"fr-FR\",\"potentialAction\":[{\"@type\":\"ReadAction\",\"target\":[\"https:\\\/\\\/www.tablaosflamencos.com\\\/fr\\\/flamenco-seville-ce-week-end-avant-biennale-2026.html\"]}]},{\"@type\":\"ImageObject\",\"inLanguage\":\"fr-FR\",\"@id\":\"https:\\\/\\\/www.tablaosflamencos.com\\\/fr\\\/flamenco-seville-ce-week-end-avant-biennale-2026.html#primaryimage\",\"url\":\"https:\\\/\\\/www.tablaosflamencos.com\\\/wp-content\\\/uploads\\\/flamenco-en-sevilla-este-fin-de-semana-que-ver-antes-de-la-bienal-01.webp\",\"contentUrl\":\"https:\\\/\\\/www.tablaosflamencos.com\\\/wp-content\\\/uploads\\\/flamenco-en-sevilla-este-fin-de-semana-que-ver-antes-de-la-bienal-01.webp\",\"width\":1672,\"height\":941,\"caption\":\"Flamenco en Sevilla este fin de semana: qu\u00e9 ver antes de la Bienal\"},{\"@type\":\"BreadcrumbList\",\"@id\":\"https:\\\/\\\/www.tablaosflamencos.com\\\/fr\\\/flamenco-seville-ce-week-end-avant-biennale-2026.html#breadcrumb\",\"itemListElement\":[{\"@type\":\"ListItem\",\"position\":1,\"name\":\"Home\",\"item\":\"https:\\\/\\\/www.tablaosflamencos.com\\\/fr\"},{\"@type\":\"ListItem\",\"position\":2,\"name\":\"Flamenco \u00e0 S\u00e9ville ce week-end : que voir avant la Biennale\"}]},{\"@type\":\"WebSite\",\"@id\":\"https:\\\/\\\/www.tablaosflamencos.com\\\/fr#website\",\"url\":\"https:\\\/\\\/www.tablaosflamencos.com\\\/fr\",\"name\":\"Tablaos Flamencos\",\"description\":\"Entradas para tablaos flamencos de Espa\u00f1a\",\"publisher\":{\"@id\":\"https:\\\/\\\/www.tablaosflamencos.com\\\/fr#organization\"},\"alternateName\":\"Tablaos Flamencos\",\"potentialAction\":[{\"@type\":\"SearchAction\",\"target\":{\"@type\":\"EntryPoint\",\"urlTemplate\":\"https:\\\/\\\/www.tablaosflamencos.com\\\/fr?s={search_term_string}\"},\"query-input\":{\"@type\":\"PropertyValueSpecification\",\"valueRequired\":true,\"valueName\":\"search_term_string\"}}],\"inLanguage\":\"fr-FR\"},{\"@type\":[\"Organization\",\"Place\",\"EntertainmentBusiness\"],\"@id\":\"https:\\\/\\\/www.tablaosflamencos.com\\\/fr#organization\",\"name\":\"Tablaos Flamencos\",\"alternateName\":\"Tablaos Flamencos\",\"url\":\"https:\\\/\\\/www.tablaosflamencos.com\\\/fr\",\"logo\":{\"@id\":\"https:\\\/\\\/www.tablaosflamencos.com\\\/fr\\\/flamenco-seville-ce-week-end-avant-biennale-2026.html#local-main-organization-logo\"},\"image\":{\"@id\":\"https:\\\/\\\/www.tablaosflamencos.com\\\/fr\\\/flamenco-seville-ce-week-end-avant-biennale-2026.html#local-main-organization-logo\"},\"sameAs\":[\"https:\\\/\\\/www.facebook.com\\\/tablaosflamencos\",\"https:\\\/\\\/x.com\\\/tablaosflamenco\",\"https:\\\/\\\/mastodon.social\\\/@tablaosflamencos\",\"https:\\\/\\\/www.instagram.com\\\/tablaosflamencos\",\"https:\\\/\\\/tiktok.com\\\/@tablaosflamencos\",\"https:\\\/\\\/www.linkedin.com\\\/company\\\/109408238\\\/\"],\"description\":\"Venta de entradas para espect\u00e1culos flamencos\",\"legalName\":\"Tablaos Flamencos\",\"foundingDate\":\"2015-01-01\",\"numberOfEmployees\":{\"@type\":\"QuantitativeValue\",\"minValue\":\"1\",\"maxValue\":\"10\"},\"address\":{\"@id\":\"https:\\\/\\\/www.tablaosflamencos.com\\\/fr\\\/flamenco-seville-ce-week-end-avant-biennale-2026.html#local-main-place-address\"},\"geo\":{\"@type\":\"GeoCoordinates\",\"latitude\":\"37.3868072\",\"longitude\":\"-5.993280299999999\"},\"telephone\":[\"+34623787787\"],\"contactPoint\":{\"@type\":\"ContactPoint\",\"telephone\":\"+34623787787\",\"email\":\"info@tablaosflamencos.com\"},\"openingHoursSpecification\":{\"@type\":\"OpeningHoursSpecification\",\"dayOfWeek\":[\"Monday\",\"Tuesday\",\"Wednesday\",\"Thursday\",\"Friday\",\"Saturday\",\"Sunday\"],\"opens\":\"00:00\",\"closes\":\"23:59\"},\"email\":\"info@tablaosflamencos.com\",\"priceRange\":\"$$$\",\"currenciesAccepted\":\"\u20ac\"},{\"@type\":\"Person\",\"@id\":\"https:\\\/\\\/www.tablaosflamencos.com\\\/fr#\\\/schema\\\/person\\\/e7a9ebe14eb75a52ceabfbffb3c54f5d\",\"name\":\"Miguel Ortiz\",\"description\":\"Miguel Ortiz es un empresario flamenco, con una s\u00f3lida trayectoria dentro del sector. Ha presidido entidades culturales vinculadas al flamenco y, cuenta con un amplio recorrido profesional en la gesti\u00f3n y promoci\u00f3n de espect\u00e1culos y tablaos flamencos. Su pasi\u00f3n por la historia y el arte flamenco se refleja en cada art\u00edculo, donde combina experiencia, criterio y un profundo respeto por la tradici\u00f3n.\",\"sameAs\":[\"https:\\\/\\\/www.tablaosflamencos.com\",\"https:\\\/\\\/www.instagra.com\\\/miguelortizfe\",\"https:\\\/\\\/www.linkedin.com\\\/in\\\/miguelortizf\\\/\"],\"birthDate\":\"1984-11-22\",\"gender\":\"hombre\",\"knowsLanguage\":[\"espa\u00f1ol\",\"ingl\u00e9s\"],\"jobTitle\":\"Empresario flamenco\"},{\"@type\":\"PostalAddress\",\"@id\":\"https:\\\/\\\/www.tablaosflamencos.com\\\/fr\\\/flamenco-seville-ce-week-end-avant-biennale-2026.html#local-main-place-address\",\"streetAddress\":\"C\\\/ Alemanes, 19\",\"addressLocality\":\"Sevilla\",\"postalCode\":\"41004\",\"addressRegion\":\"Sevilla\",\"addressCountry\":\"ES\"},{\"@type\":\"ImageObject\",\"inLanguage\":\"fr-FR\",\"@id\":\"https:\\\/\\\/www.tablaosflamencos.com\\\/fr\\\/flamenco-seville-ce-week-end-avant-biennale-2026.html#local-main-organization-logo\",\"url\":\"https:\\\/\\\/www.tablaosflamencos.com\\\/wp-content\\\/uploads\\\/tablaos-flamencos-06-3.webp\",\"contentUrl\":\"https:\\\/\\\/www.tablaosflamencos.com\\\/wp-content\\\/uploads\\\/tablaos-flamencos-06-3.webp\",\"width\":600,\"height\":620,\"caption\":\"Tablaos Flamencos\"}]}<\/script>\n<meta name=\"geo.placename\" content=\"Sevilla\" \/>\n<meta name=\"geo.position\" content=\"37.3868072;-5.993280299999999\" \/>\n<meta name=\"geo.region\" content=\"Espagne\" \/>\n<!-- \/ Yoast SEO Premium plugin. -->","yoast_head_json":{"title":"Flamenco \u00e0 S\u00e9ville ce week-end : 4\u20136 septembre","description":"Que voir \u00e0 S\u00e9ville du 4 au 6 septembre 2026 avant la Biennale : Hermanos Aguilar, Macarena Flamenca, hommage \u00e0 Fosforito, expositions et tablaos.","robots":{"index":"index","follow":"follow","max-snippet":"max-snippet:-1","max-image-preview":"max-image-preview:large","max-video-preview":"max-video-preview:-1"},"canonical":"https:\/\/www.tablaosflamencos.com\/fr\/flamenco-seville-ce-week-end-avant-biennale-2026.html","og_locale":"fr_FR","og_type":"article","og_title":"Flamenco \u00e0 S\u00e9ville ce week-end : que voir avant la Biennale","og_description":"Que voir \u00e0 S\u00e9ville du 4 au 6 septembre 2026 avant la Biennale : Hermanos Aguilar, Macarena Flamenca, hommage \u00e0 Fosforito, expositions et tablaos.","og_url":"https:\/\/www.tablaosflamencos.com\/fr\/flamenco-seville-ce-week-end-avant-biennale-2026.html","og_site_name":"Tablaos Flamencos","article_publisher":"https:\/\/www.facebook.com\/tablaosflamencos","article_published_time":"2026-09-04T16:48:29+00:00","article_modified_time":"2026-09-04T17:14:46+00:00","og_image":[{"width":1672,"height":941,"url":"https:\/\/www.tablaosflamencos.com\/wp-content\/uploads\/flamenco-en-sevilla-este-fin-de-semana-que-ver-antes-de-la-bienal-01.webp","type":"image\/webp"}],"author":"Miguel Ortiz","twitter_card":"summary_large_image","twitter_creator":"@tablaosflamenco","twitter_site":"@tablaosflamenco","twitter_misc":{"\u00c9crit par":"Miguel Ortiz","Dur\u00e9e de lecture estim\u00e9e":"17 minutes"},"schema":{"@context":"https:\/\/schema.org","@graph":[{"@type":"Article","@id":"https:\/\/www.tablaosflamencos.com\/fr\/flamenco-seville-ce-week-end-avant-biennale-2026.html#article","isPartOf":{"@id":"https:\/\/www.tablaosflamencos.com\/fr\/flamenco-seville-ce-week-end-avant-biennale-2026.html"},"author":{"name":"Miguel Ortiz","@id":"https:\/\/www.tablaosflamencos.com\/fr#\/schema\/person\/e7a9ebe14eb75a52ceabfbffb3c54f5d"},"headline":"Flamenco \u00e0 S\u00e9ville ce week-end : que voir avant la Biennale","datePublished":"2026-09-04T16:48:29+00:00","dateModified":"2026-09-04T17:14:46+00:00","mainEntityOfPage":{"@id":"https:\/\/www.tablaosflamencos.com\/fr\/flamenco-seville-ce-week-end-avant-biennale-2026.html"},"wordCount":3480,"publisher":{"@id":"https:\/\/www.tablaosflamencos.com\/fr#organization"},"image":{"@id":"https:\/\/www.tablaosflamencos.com\/fr\/flamenco-seville-ce-week-end-avant-biennale-2026.html#primaryimage"},"thumbnailUrl":"https:\/\/www.tablaosflamencos.com\/wp-content\/uploads\/flamenco-en-sevilla-este-fin-de-semana-que-ver-antes-de-la-bienal-01.webp","keywords":["agenda flamenca","Bienal 2026","Bienal de Flamenco","festivales flamencos","flamenco en Sevilla","sevilla","tablaos de Sevilla"],"articleSection":["Biennale de Flamenco"],"inLanguage":"fr-FR"},{"@type":"WebPage","@id":"https:\/\/www.tablaosflamencos.com\/fr\/flamenco-seville-ce-week-end-avant-biennale-2026.html","url":"https:\/\/www.tablaosflamencos.com\/fr\/flamenco-seville-ce-week-end-avant-biennale-2026.html","name":"Flamenco \u00e0 S\u00e9ville ce week-end : 4\u20136 septembre","isPartOf":{"@id":"https:\/\/www.tablaosflamencos.com\/fr#website"},"primaryImageOfPage":{"@id":"https:\/\/www.tablaosflamencos.com\/fr\/flamenco-seville-ce-week-end-avant-biennale-2026.html#primaryimage"},"image":{"@id":"https:\/\/www.tablaosflamencos.com\/fr\/flamenco-seville-ce-week-end-avant-biennale-2026.html#primaryimage"},"thumbnailUrl":"https:\/\/www.tablaosflamencos.com\/wp-content\/uploads\/flamenco-en-sevilla-este-fin-de-semana-que-ver-antes-de-la-bienal-01.webp","datePublished":"2026-09-04T16:48:29+00:00","dateModified":"2026-09-04T17:14:46+00:00","description":"Que voir \u00e0 S\u00e9ville du 4 au 6 septembre 2026 avant la Biennale : Hermanos Aguilar, Macarena Flamenca, hommage \u00e0 Fosforito, expositions et tablaos.","breadcrumb":{"@id":"https:\/\/www.tablaosflamencos.com\/fr\/flamenco-seville-ce-week-end-avant-biennale-2026.html#breadcrumb"},"inLanguage":"fr-FR","potentialAction":[{"@type":"ReadAction","target":["https:\/\/www.tablaosflamencos.com\/fr\/flamenco-seville-ce-week-end-avant-biennale-2026.html"]}]},{"@type":"ImageObject","inLanguage":"fr-FR","@id":"https:\/\/www.tablaosflamencos.com\/fr\/flamenco-seville-ce-week-end-avant-biennale-2026.html#primaryimage","url":"https:\/\/www.tablaosflamencos.com\/wp-content\/uploads\/flamenco-en-sevilla-este-fin-de-semana-que-ver-antes-de-la-bienal-01.webp","contentUrl":"https:\/\/www.tablaosflamencos.com\/wp-content\/uploads\/flamenco-en-sevilla-este-fin-de-semana-que-ver-antes-de-la-bienal-01.webp","width":1672,"height":941,"caption":"Flamenco en Sevilla este fin de semana: qu\u00e9 ver antes de la Bienal"},{"@type":"BreadcrumbList","@id":"https:\/\/www.tablaosflamencos.com\/fr\/flamenco-seville-ce-week-end-avant-biennale-2026.html#breadcrumb","itemListElement":[{"@type":"ListItem","position":1,"name":"Home","item":"https:\/\/www.tablaosflamencos.com\/fr"},{"@type":"ListItem","position":2,"name":"Flamenco \u00e0 S\u00e9ville ce week-end : que voir avant la Biennale"}]},{"@type":"WebSite","@id":"https:\/\/www.tablaosflamencos.com\/fr#website","url":"https:\/\/www.tablaosflamencos.com\/fr","name":"Tablaos Flamencos","description":"Entradas para tablaos flamencos de Espa\u00f1a","publisher":{"@id":"https:\/\/www.tablaosflamencos.com\/fr#organization"},"alternateName":"Tablaos Flamencos","potentialAction":[{"@type":"SearchAction","target":{"@type":"EntryPoint","urlTemplate":"https:\/\/www.tablaosflamencos.com\/fr?s={search_term_string}"},"query-input":{"@type":"PropertyValueSpecification","valueRequired":true,"valueName":"search_term_string"}}],"inLanguage":"fr-FR"},{"@type":["Organization","Place","EntertainmentBusiness"],"@id":"https:\/\/www.tablaosflamencos.com\/fr#organization","name":"Tablaos Flamencos","alternateName":"Tablaos Flamencos","url":"https:\/\/www.tablaosflamencos.com\/fr","logo":{"@id":"https:\/\/www.tablaosflamencos.com\/fr\/flamenco-seville-ce-week-end-avant-biennale-2026.html#local-main-organization-logo"},"image":{"@id":"https:\/\/www.tablaosflamencos.com\/fr\/flamenco-seville-ce-week-end-avant-biennale-2026.html#local-main-organization-logo"},"sameAs":["https:\/\/www.facebook.com\/tablaosflamencos","https:\/\/x.com\/tablaosflamenco","https:\/\/mastodon.social\/@tablaosflamencos","https:\/\/www.instagram.com\/tablaosflamencos","https:\/\/tiktok.com\/@tablaosflamencos","https:\/\/www.linkedin.com\/company\/109408238\/"],"description":"Venta de entradas para espect\u00e1culos flamencos","legalName":"Tablaos Flamencos","foundingDate":"2015-01-01","numberOfEmployees":{"@type":"QuantitativeValue","minValue":"1","maxValue":"10"},"address":{"@id":"https:\/\/www.tablaosflamencos.com\/fr\/flamenco-seville-ce-week-end-avant-biennale-2026.html#local-main-place-address"},"geo":{"@type":"GeoCoordinates","latitude":"37.3868072","longitude":"-5.993280299999999"},"telephone":["+34623787787"],"contactPoint":{"@type":"ContactPoint","telephone":"+34623787787","email":"info@tablaosflamencos.com"},"openingHoursSpecification":{"@type":"OpeningHoursSpecification","dayOfWeek":["Monday","Tuesday","Wednesday","Thursday","Friday","Saturday","Sunday"],"opens":"00:00","closes":"23:59"},"email":"info@tablaosflamencos.com","priceRange":"$$$","currenciesAccepted":"\u20ac"},{"@type":"Person","@id":"https:\/\/www.tablaosflamencos.com\/fr#\/schema\/person\/e7a9ebe14eb75a52ceabfbffb3c54f5d","name":"Miguel Ortiz","description":"Miguel Ortiz es un empresario flamenco, con una s\u00f3lida trayectoria dentro del sector. Ha presidido entidades culturales vinculadas al flamenco y, cuenta con un amplio recorrido profesional en la gesti\u00f3n y promoci\u00f3n de espect\u00e1culos y tablaos flamencos. Su pasi\u00f3n por la historia y el arte flamenco se refleja en cada art\u00edculo, donde combina experiencia, criterio y un profundo respeto por la tradici\u00f3n.","sameAs":["https:\/\/www.tablaosflamencos.com","https:\/\/www.instagra.com\/miguelortizfe","https:\/\/www.linkedin.com\/in\/miguelortizf\/"],"birthDate":"1984-11-22","gender":"hombre","knowsLanguage":["espa\u00f1ol","ingl\u00e9s"],"jobTitle":"Empresario flamenco"},{"@type":"PostalAddress","@id":"https:\/\/www.tablaosflamencos.com\/fr\/flamenco-seville-ce-week-end-avant-biennale-2026.html#local-main-place-address","streetAddress":"C\/ Alemanes, 19","addressLocality":"Sevilla","postalCode":"41004","addressRegion":"Sevilla","addressCountry":"ES"},{"@type":"ImageObject","inLanguage":"fr-FR","@id":"https:\/\/www.tablaosflamencos.com\/fr\/flamenco-seville-ce-week-end-avant-biennale-2026.html#local-main-organization-logo","url":"https:\/\/www.tablaosflamencos.com\/wp-content\/uploads\/tablaos-flamencos-06-3.webp","contentUrl":"https:\/\/www.tablaosflamencos.com\/wp-content\/uploads\/tablaos-flamencos-06-3.webp","width":600,"height":620,"caption":"Tablaos Flamencos"}]},"geo.placename":"Sevilla","geo.position":{"lat":"37.3868072","long":"-5.993280299999999"},"geo.region":"Espagne"},"_links":{"self":[{"href":"https:\/\/www.tablaosflamencos.com\/fr\/wp-json\/wp\/v2\/posts\/14536","targetHints":{"allow":["GET"]}}],"collection":[{"href":"https:\/\/www.tablaosflamencos.com\/fr\/wp-json\/wp\/v2\/posts"}],"about":[{"href":"https:\/\/www.tablaosflamencos.com\/fr\/wp-json\/wp\/v2\/types\/post"}],"author":[{"embeddable":true,"href":"https:\/\/www.tablaosflamencos.com\/fr\/wp-json\/wp\/v2\/users\/1"}],"replies":[{"embeddable":true,"href":"https:\/\/www.tablaosflamencos.com\/fr\/wp-json\/wp\/v2\/comments?post=14536"}],"version-history":[{"count":2,"href":"https:\/\/www.tablaosflamencos.com\/fr\/wp-json\/wp\/v2\/posts\/14536\/revisions"}],"predecessor-version":[{"id":14568,"href":"https:\/\/www.tablaosflamencos.com\/fr\/wp-json\/wp\/v2\/posts\/14536\/revisions\/14568"}],"wp:featuredmedia":[{"embeddable":true,"href":"https:\/\/www.tablaosflamencos.com\/fr\/wp-json\/wp\/v2\/media\/14517"}],"wp:attachment":[{"href":"https:\/\/www.tablaosflamencos.com\/fr\/wp-json\/wp\/v2\/media?parent=14536"}],"wp:term":[{"taxonomy":"category","embeddable":true,"href":"https:\/\/www.tablaosflamencos.com\/fr\/wp-json\/wp\/v2\/categories?post=14536"},{"taxonomy":"post_tag","embeddable":true,"href":"https:\/\/www.tablaosflamencos.com\/fr\/wp-json\/wp\/v2\/tags?post=14536"}],"curies":[{"name":"wp","href":"https:\/\/api.w.org\/{rel}","templated":true}]}}