{"id":14516,"date":"2026-09-04T18:37:03","date_gmt":"2026-09-04T16:37:03","guid":{"rendered":"https:\/\/www.tablaosflamencos.com\/?p=14516"},"modified":"2026-09-04T19:03:33","modified_gmt":"2026-09-04T17:03:33","slug":"flamenco-ce-soir-seville-biennale-2026","status":"publish","type":"post","link":"https:\/\/www.tablaosflamencos.com\/fr\/flamenco-ce-soir-seville-biennale-2026.html","title":{"rendered":"Flamenco ce soir \u00e0 S\u00e9ville pendant la Biennale"},"content":{"rendered":"<section class=\"l-section wpb_row height_huge\"><div class=\"l-section-h i-cf\"><div class=\"g-cols vc_row via_flex valign_top type_default stacking_default\"><div class=\"vc_col-sm-12 wpb_column vc_column_container\"><div class=\"vc_column-inner\"><div class=\"wpb_wrapper\"><div class=\"wpb_text_column\"><div class=\"wpb_wrapper\"><h2>Flamenco ce soir \u00e0 S\u00e9ville pendant la Biennale<\/h2>\n<p>Si vous \u00eates \u00e0 S\u00e9ville entre le <strong>9 septembre et le 3 octobre 2026<\/strong> et que vous voulez voir du flamenco ce soir, deux options compl\u00e9mentaires s\u2019offrent \u00e0 vous : consulter ce que propose aujourd\u2019hui la <a href=\"https:\/\/www.labienal.com\/programa-general\" target=\"_blank\" rel=\"noopener\"><strong>programmation officielle de la Biennale<\/strong><\/a> et v\u00e9rifier quels spectacles r\u00e9guliers vous pouvez r\u00e9server directement dans les tablaos de la ville.<\/p>\n<p>La Biennale change d\u2019artistes, d\u2019horaires et de lieux presque chaque jour. Des propositions peuvent avoir lieu au Teatro de la Maestranza, au Lope de Vega, au Teatro Central, \u00e0 l\u2019Espacio Turina, au Real Alc\u00e1zar, \u00e0 l\u2019Hotel Triana, \u00e0 la Real F\u00e1brica de Artiller\u00eda et dans d\u2019autres espaces. C\u2019est pourquoi, si votre recherche est litt\u00e9ralement <strong>\u00ab flamenco ce soir \u00e0 S\u00e9ville \u00bb<\/strong>, la d\u00e9cision doit se prendre en fonction de votre date pr\u00e9cise.<\/p>\n<\/div><\/div><\/div><\/div><\/div><div class=\"vc_col-sm-12 wpb_column vc_column_container\"><div class=\"vc_column-inner\"><div class=\"wpb_wrapper\"><div class=\"wpb_text_column\"><div class=\"wpb_wrapper\"><h2>La fa\u00e7on la plus rapide de d\u00e9cider quoi voir aujourd\u2019hui<\/h2>\n<p>Vous n\u2019avez pas besoin de parcourir tout le programme de la Biennale depuis le d\u00e9but. V\u00e9rifiez d\u2019abord quels spectacles officiels ont lieu aujourd\u2019hui et s\u2019il reste des billets. Comparez ensuite cette option avec les <strong>tablaos ouverts toute l\u2019ann\u00e9e<\/strong> et que vous pouvez r\u00e9server directement sur Tablaos Flamencos.<\/p>\n<p>Cette deuxi\u00e8me \u00e9tape est particuli\u00e8rement utile si vous arrivez tard en ville, si le spectacle de la Biennale que vous souhaitiez voir est complet, si vous pr\u00e9f\u00e9rez une salle plus intime ou si vous avez simplement besoin d\u2019une option avec disponibilit\u00e9 confirm\u00e9e pour ce soir.<\/p>\n<p>La cl\u00e9 est simple : <strong>assurez d\u2019abord un spectacle ; construisez ensuite le reste de la soir\u00e9e autour<\/strong>.<\/p>\n<\/div><\/div><\/div><\/div><\/div><\/div><\/div><\/section><section class=\"l-section wpb_row height_huge color_alternate with_shape\"><div class=\"l-section-shape type_zigzag pos_top hor_flip\" style=\"height:3vmin;\"><svg xmlns=\"http:\/\/www.w3.org\/2000\/svg\" viewBox=\"0 0 64 8\" preserveAspectRatio=\"none\" width=\"100%\" height=\"100%\">\r\n\t<path fill=\"currentColor\" d=\"M64 8 L0 8 L0 0 L20 7.9 L40 3 L48 5 L64 0 Z\"\/>\r\n<\/svg><\/div><div class=\"l-section-shape type_zigzag pos_bottom\" style=\"height:3vmin;\"><svg xmlns=\"http:\/\/www.w3.org\/2000\/svg\" viewBox=\"0 0 64 8\" preserveAspectRatio=\"none\" width=\"100%\" height=\"100%\">\r\n\t<path fill=\"currentColor\" d=\"M64 8 L0 8 L0 0 L20 7.9 L40 3 L48 5 L64 0 Z\"\/>\r\n<\/svg><\/div><div class=\"l-section-h i-cf\"><div class=\"g-cols vc_row via_flex valign_top type_default stacking_default\"><div class=\"vc_col-sm-12 wpb_column vc_column_container\"><div class=\"vc_column-inner\"><div class=\"wpb_wrapper\"><div class=\"wpb_text_column\"><div class=\"wpb_wrapper\"><blockquote>\n<p><strong>R\u00e9ponse rapide :<\/strong> si vous cherchez du flamenco ce soir \u00e0 S\u00e9ville pendant la Biennale 2026, consultez d\u2019abord le programme officiel correspondant \u00e0 votre date. S\u2019il n\u2019y a plus de billets, si l\u2019horaire ne vous convient pas ou si vous voulez une alternative imm\u00e9diate, vous pouvez r\u00e9server directement sur notre portail des tablaos comme <a href=\"https:\/\/www.tablaosflamencos.com\/fr\/tablao\/tablao-flamenco-las-setas\"><strong>Tablao Flamenco Las Setas<\/strong><\/a>, <a href=\"https:\/\/www.tablaosflamencos.com\/fr\/tablao\/tablao-flamenco-la-cantaora\"><strong>Tablao Flamenco La Cantaora<\/strong><\/a>, <a href=\"https:\/\/www.tablaosflamencos.com\/fr\/tablao\/casa-duende-tablao\"><strong>Casa Duende Tablao<\/strong><\/a>, <a href=\"https:\/\/www.tablaosflamencos.com\/fr\/tablao\/tablao-flamenco-las-duenas\"><strong>Tablao Flamenco Las Due\u00f1as<\/strong><\/a>, <a href=\"https:\/\/www.tablaosflamencos.com\/fr\/tablao\/tablao-flamenco-casa-inquieta\"><strong>Casa Inquieta<\/strong><\/a>, <a href=\"https:\/\/www.tablaosflamencos.com\/fr\/tablao\/casa-flamenco-azahar\"><strong>Casa Flamenco Azahar<\/strong><\/a>, <a href=\"https:\/\/www.tablaosflamencos.com\/fr\/tablao\/tablao-flamenco-el-jardin-de-murillo\"><strong>El Jard\u00edn de Murillo<\/strong><\/a>, <a href=\"https:\/\/www.tablaosflamencos.com\/fr\/tablao\/baraka-sala-flamenca\"><strong>Baraka Sala Flamenca<\/strong><\/a> ou <a href=\"https:\/\/www.tablaosflamencos.com\/fr\/tablao\/tablao-flamenco-triana\"><strong>Tablao Flamenco Triana<\/strong><\/a>.<\/p>\n<\/blockquote>\n<p><strong>Derni\u00e8re mise \u00e0 jour : 4 septembre 2026.<\/strong><\/p>\n<p>Si vous organisez encore plusieurs jours de s\u00e9jour, consultez notre <a href=\"https:\/\/www.tablaosflamencos.com\/fr\/biennale-flamenco-seville-2026.html\"><strong>guide complet de la Biennale de Flamenco de S\u00e9ville 2026<\/strong><\/a>. Si votre probl\u00e8me est qu\u2019il n\u2019y a plus de billets pour le spectacle que vous vouliez voir, allez directement \u00e0 <a href=\"https:\/\/www.tablaosflamencos.com\/fr\/biennale-complete-ou-voir-flamenco-ce-soir-seville.html\"><strong>Biennale compl\u00e8te : o\u00f9 voir du flamenco aujourd\u2019hui \u00e0 S\u00e9ville<\/strong><\/a>.<\/p>\n<\/div><\/div><div class=\"w-separator size_medium\"><\/div><div class=\"w-hwrapper valign_top wrap align_center\" style=\"--hwrapper-gap:1.2rem\"><div class=\"w-btn-wrapper align_none\"><a class=\"w-btn us-btn-style_1\" href=\"https:\/\/www.tablaosflamencos.com\/fr\/flamenco-a-seville\"><span class=\"w-btn-label\">Comparer le flamenco \u00e0 S\u00e9ville<\/span><\/a><\/div><div class=\"w-btn-wrapper align_none\"><a class=\"w-btn us-btn-style_11\" href=\"https:\/\/www.tablaosflamencos.com\/fr\/biennale-complete-ou-voir-flamenco-ce-soir-seville.html\"><span class=\"w-btn-label\">Voir les alternatives si la Biennale est compl\u00e8te<\/span><\/a><\/div><\/div><\/div><\/div><\/div><\/div><\/div><\/section><section class=\"l-section wpb_row height_huge\"><div class=\"l-section-h i-cf\"><div class=\"g-cols vc_row via_flex valign_top type_default stacking_default\"><div class=\"vc_col-sm-12 wpb_column vc_column_container\"><div class=\"vc_column-inner\"><div class=\"wpb_wrapper\"><\/div><\/div><\/div><div class=\"vc_col-sm-12 wpb_column vc_column_container\"><div class=\"vc_column-inner\"><div class=\"wpb_wrapper\"><div class=\"wpb_text_column\"><div class=\"wpb_wrapper\"><h2>Contenu de ce guide<\/h2>\n<ul>\n<li><a href=\"#paso-1\">\u00c9tape 1 : v\u00e9rifier ce qu\u2019il y a aujourd\u2019hui \u00e0 la Biennale<\/a><\/li>\n<li><a href=\"#paso-2\">\u00c9tape 2 : assurer une alternative dans un tablao<\/a><\/li>\n<li><a href=\"#tablaos\">Tablaos que vous pouvez r\u00e9server ce soir<\/a><\/li>\n<li><a href=\"#centro\">Options dans le centre de S\u00e9ville<\/a><\/li>\n<li><a href=\"#triana\">Options \u00e0 Triana<\/a><\/li>\n<li><a href=\"#ultima-hora\">Que faire si vous cherchez \u00e0 la derni\u00e8re minute<\/a><\/li>\n<li><a href=\"#combinar\">Comment combiner Biennale et tablao<\/a><\/li>\n<li><a href=\"#elegir\">Comment choisir en cinq minutes<\/a><\/li>\n<li><a href=\"#faq\">Questions fr\u00e9quentes<\/a><\/li>\n<\/ul>\n<\/div><\/div><\/div><\/div><\/div><div class=\"vc_col-sm-12 wpb_column vc_column_container\"><div class=\"vc_column-inner\"><div class=\"wpb_wrapper\"><\/div><\/div><\/div><\/div><\/div><\/section><section class=\"l-section wpb_row height_huge color_alternate with_shape\"><div class=\"l-section-shape type_zigzag pos_top\" style=\"height:3vmin;\"><svg xmlns=\"http:\/\/www.w3.org\/2000\/svg\" viewBox=\"0 0 64 8\" preserveAspectRatio=\"none\" width=\"100%\" height=\"100%\">\r\n\t<path fill=\"currentColor\" d=\"M64 8 L0 8 L0 0 L20 7.9 L40 3 L48 5 L64 0 Z\"\/>\r\n<\/svg><\/div><div class=\"l-section-shape type_zigzag pos_bottom\" style=\"height:3vmin;\"><svg xmlns=\"http:\/\/www.w3.org\/2000\/svg\" viewBox=\"0 0 64 8\" preserveAspectRatio=\"none\" width=\"100%\" height=\"100%\">\r\n\t<path fill=\"currentColor\" d=\"M64 8 L0 8 L0 0 L20 7.9 L40 3 L48 5 L64 0 Z\"\/>\r\n<\/svg><\/div><div class=\"l-section-h i-cf\"><div class=\"g-cols vc_row via_flex valign_top type_default stacking_default\"><div class=\"vc_col-sm-12 wpb_column vc_column_container\"><div class=\"vc_column-inner\"><div class=\"wpb_wrapper\"><div class=\"wpb_text_column\"><div class=\"wpb_wrapper\"><h2 id=\"paso-1\">\u00c9tape 1 : v\u00e9rifiez ce qu\u2019il y a aujourd\u2019hui \u00e0 la Biennale<\/h2>\n<p>La XXIVe Biennale de Flamenco ne fonctionne pas comme un festival concentr\u00e9 dans un seul lieu. Chaque soir, ses spectacles peuvent \u00eatre r\u00e9partis entre plusieurs espaces et cr\u00e9neaux horaires. La programmation officielle comprend cante, baile et guitare, ainsi que des premi\u00e8res, des Noches \u00danicas et des propositions cr\u00e9\u00e9es sp\u00e9cialement pour cette \u00e9dition.<\/p>\n<p>Si votre priorit\u00e9 est de vivre la Biennale, commencez par ouvrir la <a href=\"https:\/\/www.labienal.com\/programa-general\" target=\"_blank\" rel=\"noopener\"><strong>programmation officielle<\/strong><\/a> et rep\u00e9rez la date d\u2019aujourd\u2019hui. V\u00e9rifiez trois \u00e9l\u00e9ments : <strong>heure, lieu et disponibilit\u00e9 des billets<\/strong>.<\/p>\n<p>Ne regardez pas uniquement l\u2019artiste. Le lieu peut compl\u00e8tement changer le plan de la soir\u00e9e. Une fonction au Real Alc\u00e1zar ne s\u2019organise pas de la m\u00eame mani\u00e8re qu\u2019une fonction au Teatro Central ou qu\u2019une Noche \u00danica ailleurs \u00e0 S\u00e9ville.<\/p>\n<p>Il est \u00e9galement utile de consulter notre article sur <a href=\"https:\/\/www.tablaosflamencos.com\/fr\/lieux-spectaculaires-biennale-flamenco-seville-2026.html\"><strong>les lieux les plus spectaculaires de la Biennale 2026<\/strong><\/a> si vous h\u00e9sitez entre plusieurs propositions.<\/p>\n<\/div><\/div><\/div><\/div><\/div><div class=\"vc_col-sm-12 wpb_column vc_column_container\"><div class=\"vc_column-inner\"><div class=\"wpb_wrapper\"><div class=\"wpb_text_column\"><div class=\"wpb_wrapper\"><h2 id=\"paso-2\">\u00c9tape 2 : assurez une alternative dans un tablao<\/h2>\n<p>La programmation de la Biennale est exceptionnelle, mais elle d\u00e9pend de billets pour des fonctions pr\u00e9cises. Les tablaos fonctionnent autrement : ils maintiennent une programmation flamenca r\u00e9guli\u00e8re et constituent donc la solution la plus simple lorsque vous avez besoin de <strong>flamenco pour ce soir m\u00eame<\/strong>.<\/p>\n<p>C\u2019est particuli\u00e8rement utile pendant la Biennale, car la ville re\u00e7oit de nombreux visiteurs sp\u00e9cifiquement int\u00e9ress\u00e9s par le flamenco. Une fonction officielle peut afficher complet, mais cela ne signifie pas que vous devez renoncer \u00e0 voir cante, baile et guitare en direct.<\/p>\n<p>Nous avons d\u2019ailleurs pr\u00e9par\u00e9 un guide sp\u00e9cifique sur <a href=\"https:\/\/www.tablaosflamencos.com\/fr\/flamenco-seville-biennale-2026-spectacles-hors-programme-officiel.html\"><strong>o\u00f9 voir du flamenco pendant la Biennale en dehors de la programmation officielle<\/strong><\/a>. L\u2019article que vous lisez a un objectif encore plus imm\u00e9diat : vous aider \u00e0 d\u00e9cider quoi faire <strong>aujourd\u2019hui<\/strong> sans perdre de temps.<\/p>\n<p>Si vous trouvez une option adapt\u00e9e \u00e0 votre quartier et \u00e0 la disponibilit\u00e9, r\u00e9servez avant de continuer \u00e0 organiser le d\u00eener, les tapas ou la promenade avant le spectacle.<\/p>\n<\/div><\/div><\/div><\/div><\/div><\/div><\/div><\/section><section class=\"l-section wpb_row height_huge\"><div class=\"l-section-h i-cf\"><div class=\"g-cols vc_row via_flex valign_top type_default stacking_default\"><div class=\"vc_col-sm-12 wpb_column vc_column_container\"><div class=\"vc_column-inner\"><div class=\"wpb_wrapper\"><div class=\"wpb_text_column\"><div class=\"wpb_wrapper\"><h2 id=\"tablaos\">Tablaos que vous pouvez r\u00e9server pour voir du flamenco ce soir \u00e0 S\u00e9ville<\/h2>\n<p>La disponibilit\u00e9 exacte d\u00e9pend toujours de la date. Les espaces suivants font partie de notre portail et permettent de consulter et de r\u00e9server directement le spectacle disponible.<\/p>\n<div style=\"overflow-x: auto;\">\n<table>\n<thead>\n<tr>\n<th>Tablao<\/th>\n<th>Quartier<\/th>\n<th>Peut vous int\u00e9resser si vous recherchez&#8230;<\/th>\n<th>R\u00e9server<\/th>\n<\/tr>\n<\/thead>\n<tbody>\n<tr>\n<td><strong>Tablao Flamenco Las Setas<\/strong><\/td>\n<td>Encarnaci\u00f3n<\/td>\n<td>Un emplacement tr\u00e8s central et une production soign\u00e9e pour compl\u00e9ter une soir\u00e9e dans le centre historique.<\/td>\n<td><a href=\"https:\/\/www.tablaosflamencos.com\/fr\/tablao\/tablao-flamenco-las-setas\"><strong>Voir les disponibilit\u00e9s<\/strong><\/a><\/td>\n<\/tr>\n<tr>\n<td><strong>Tablao Flamenco La Cantaora<\/strong><\/td>\n<td>Plaza Nueva \/ Centre<\/td>\n<td>Une option centrale avec la possibilit\u00e9 de combiner flamenco et gastronomie.<\/td>\n<td><a href=\"https:\/\/www.tablaosflamencos.com\/fr\/tablao\/tablao-flamenco-la-cantaora\"><strong>Voir les disponibilit\u00e9s<\/strong><\/a><\/td>\n<\/tr>\n<tr>\n<td><strong>Casa Duende Tablao<\/strong><\/td>\n<td>Centre<\/td>\n<td>Une salle de petite taille avec une grande proximit\u00e9 avec les artistes.<\/td>\n<td><a href=\"https:\/\/www.tablaosflamencos.com\/fr\/tablao\/casa-duende-tablao\"><strong>Voir les disponibilit\u00e9s<\/strong><\/a><\/td>\n<\/tr>\n<tr>\n<td><strong>Tablao Flamenco Las Due\u00f1as<\/strong><\/td>\n<td>Santa Catalina \/ Due\u00f1as<\/td>\n<td>Un format intime tout pr\u00e8s du centre historique.<\/td>\n<td><a href=\"https:\/\/www.tablaosflamencos.com\/fr\/tablao\/tablao-flamenco-las-duenas\"><strong>Voir les disponibilit\u00e9s<\/strong><\/a><\/td>\n<\/tr>\n<tr>\n<td><strong>Casa Inquieta<\/strong><\/td>\n<td>Calle Zaragoza \/ Centre<\/td>\n<td>Du flamenco dans une demeure-palais du XIXe si\u00e8cle et une exp\u00e9rience de proximit\u00e9.<\/td>\n<td><a href=\"https:\/\/www.tablaosflamencos.com\/fr\/tablao\/tablao-flamenco-casa-inquieta\"><strong>Voir les disponibilit\u00e9s<\/strong><\/a><\/td>\n<\/tr>\n<tr>\n<td><strong>Casa Flamenco Azahar<\/strong><\/td>\n<td>Santa Cruz<\/td>\n<td>Une exp\u00e9rience particuli\u00e8rement intime, avec une capacit\u00e9 r\u00e9duite et sans amplification.<\/td>\n<td><a href=\"https:\/\/www.tablaosflamencos.com\/fr\/tablao\/casa-flamenco-azahar\"><strong>Voir les disponibilit\u00e9s<\/strong><\/a><\/td>\n<\/tr>\n<tr>\n<td><strong>El Jard\u00edn de Murillo<\/strong><\/td>\n<td>Santa Cruz<\/td>\n<td>Int\u00e9grer le flamenco apr\u00e8s une visite de l\u2019Alc\u00e1zar, de la Cath\u00e9drale ou du quartier de Santa Cruz.<\/td>\n<td><a href=\"https:\/\/www.tablaosflamencos.com\/fr\/tablao\/tablao-flamenco-el-jardin-de-murillo\"><strong>Voir les disponibilit\u00e9s<\/strong><\/a><\/td>\n<\/tr>\n<tr>\n<td><strong>Baraka Sala Flamenca<\/strong><\/td>\n<td>Triana<\/td>\n<td>Flamenco traditionnel \u00e0 Triana avec les artistes tr\u00e8s proches du public.<\/td>\n<td><a href=\"https:\/\/www.tablaosflamencos.com\/fr\/tablao\/baraka-sala-flamenca\"><strong>Voir les disponibilit\u00e9s<\/strong><\/a><\/td>\n<\/tr>\n<tr>\n<td><strong>Tablao Flamenco Triana<\/strong><\/td>\n<td>Triana<\/td>\n<td>Construire une soir\u00e9e compl\u00e8te dans le quartier en combinant promenade, gastronomie et flamenco.<\/td>\n<td><a href=\"https:\/\/www.tablaosflamencos.com\/fr\/tablao\/tablao-flamenco-triana\"><strong>Voir les disponibilit\u00e9s<\/strong><\/a><\/td>\n<\/tr>\n<\/tbody>\n<\/table>\n<\/div>\n<p>Il n\u2019est pas n\u00e9cessaire de choisir le tablao \u00ab le plus c\u00e9l\u00e8bre \u00bb. Pour une r\u00e9servation de derni\u00e8re minute, il est g\u00e9n\u00e9ralement plus utile de comparer <strong>quartier, disponibilit\u00e9, taille de la salle et type d\u2019exp\u00e9rience<\/strong>. Vous pouvez voir toutes les options r\u00e9unies sur notre page de <a href=\"https:\/\/www.tablaosflamencos.com\/fr\/flamenco-a-seville\"><strong>flamenco \u00e0 S\u00e9ville<\/strong><\/a>.<\/p>\n<\/div><\/div><\/div><\/div><\/div><\/div><\/div><\/section><section class=\"l-section wpb_row height_huge color_alternate with_shape\"><div class=\"l-section-shape type_zigzag pos_top hor_flip\" style=\"height:3vmin;\"><svg xmlns=\"http:\/\/www.w3.org\/2000\/svg\" viewBox=\"0 0 64 8\" preserveAspectRatio=\"none\" width=\"100%\" height=\"100%\">\r\n\t<path fill=\"currentColor\" d=\"M64 8 L0 8 L0 0 L20 7.9 L40 3 L48 5 L64 0 Z\"\/>\r\n<\/svg><\/div><div class=\"l-section-shape type_zigzag pos_bottom\" style=\"height:3vmin;\"><svg xmlns=\"http:\/\/www.w3.org\/2000\/svg\" viewBox=\"0 0 64 8\" preserveAspectRatio=\"none\" width=\"100%\" height=\"100%\">\r\n\t<path fill=\"currentColor\" d=\"M64 8 L0 8 L0 0 L20 7.9 L40 3 L48 5 L64 0 Z\"\/>\r\n<\/svg><\/div><div class=\"l-section-h i-cf\"><div class=\"g-cols vc_row via_flex valign_top type_default stacking_default\"><div class=\"vc_col-sm-12 wpb_column vc_column_container\"><div class=\"vc_column-inner\"><div class=\"wpb_wrapper\"><div class=\"wpb_text_column\"><div class=\"wpb_wrapper\"><h2 id=\"centro\">Si vous voulez rester dans le centre<\/h2>\n<p>Si vous \u00eates log\u00e9 dans le centre historique ou si vous visitez d\u00e9j\u00e0 la Cath\u00e9drale, l\u2019Alc\u00e1zar, Santa Cruz, Plaza Nueva, Encarnaci\u00f3n ou les principales zones touristiques, vous n\u2019avez probablement pas besoin de traverser la moiti\u00e9 de la ville pour voir du flamenco ce soir.<\/p>\n<p>Parmi les options de notre portail, vous avez <a href=\"https:\/\/www.tablaosflamencos.com\/fr\/tablao\/tablao-flamenco-las-setas\"><strong>Las Setas<\/strong><\/a>, <a href=\"https:\/\/www.tablaosflamencos.com\/fr\/tablao\/tablao-flamenco-la-cantaora\"><strong>La Cantaora<\/strong><\/a>, <a href=\"https:\/\/www.tablaosflamencos.com\/fr\/tablao\/casa-duende-tablao\"><strong>Casa Duende<\/strong><\/a>, <a href=\"https:\/\/www.tablaosflamencos.com\/fr\/tablao\/tablao-flamenco-las-duenas\"><strong>Las Due\u00f1as<\/strong><\/a>, <a href=\"https:\/\/www.tablaosflamencos.com\/fr\/tablao\/tablao-flamenco-casa-inquieta\"><strong>Casa Inquieta<\/strong><\/a>, <a href=\"https:\/\/www.tablaosflamencos.com\/fr\/tablao\/casa-flamenco-azahar\"><strong>Casa Flamenco Azahar<\/strong><\/a> et <a href=\"https:\/\/www.tablaosflamencos.com\/fr\/tablao\/tablao-flamenco-el-jardin-de-murillo\"><strong>El Jard\u00edn de Murillo<\/strong><\/a>.<\/p>\n<p>Pour une d\u00e9cision de derni\u00e8re minute, la localisation est importante : moins vous avez \u00e0 vous d\u00e9placer, plus il sera facile de combiner le spectacle avec un d\u00eener ou une promenade sans courir.<\/p>\n<\/div><\/div><\/div><\/div><\/div><div class=\"vc_col-sm-12 wpb_column vc_column_container\"><div class=\"vc_column-inner\"><div class=\"wpb_wrapper\"><div class=\"wpb_text_column\"><div class=\"wpb_wrapper\"><h2 id=\"triana\">Si vous voulez passer \u00e0 Triana ce soir<\/h2>\n<p>Triana permet de transformer le spectacle en v\u00e9ritable exp\u00e9rience de quartier. Vous pouvez traverser le pont Isabel II, vous promener dans Pureza, San Jacinto ou autour de la calle Betis, puis r\u00e9server une fonction.<\/p>\n<p>Sur notre portail, vous pouvez r\u00e9server directement <a href=\"https:\/\/www.tablaosflamencos.com\/fr\/tablao\/baraka-sala-flamenca\"><strong>Baraka Sala Flamenca<\/strong><\/a> et <a href=\"https:\/\/www.tablaosflamencos.com\/fr\/tablao\/tablao-flamenco-triana\"><strong>Tablao Flamenco Triana<\/strong><\/a>.<\/p>\n<p>Pendant la Biennale, Triana pr\u00e9sente en outre un int\u00e9r\u00eat particulier gr\u00e2ce \u00e0 son lien historique avec le flamenco et \u00e0 la pr\u00e9sence d\u2019une programmation exceptionnelle dans le quartier. Pour prolonger le programme, consultez notre guide du <a href=\"https:\/\/www.tablaosflamencos.com\/fr\/flamenco-a-triana\"><strong>flamenco \u00e0 Triana<\/strong><\/a> et notre article consacr\u00e9 \u00e0 <a href=\"https:\/\/www.tablaosflamencos.com\/fr\/hotel-triana-biennale-flamenco-seville-2026.html\"><strong>l\u2019Hotel Triana pendant la Biennale 2026<\/strong><\/a>.<\/p>\n<\/div><\/div><\/div><\/div><\/div><\/div><\/div><\/section><section class=\"l-section wpb_row height_huge\"><div class=\"l-section-h i-cf\"><div class=\"g-cols vc_row via_flex valign_top type_default stacking_default\"><div class=\"vc_col-sm-12 wpb_column vc_column_container\"><div class=\"vc_column-inner\"><div class=\"wpb_wrapper\"><div class=\"wpb_text_column\"><div class=\"wpb_wrapper\"><h2 id=\"ultima-hora\">Vous cherchez du flamenco \u00e0 la derni\u00e8re minute ?<\/h2>\n<p>S\u2019il est d\u00e9j\u00e0 tard dans l\u2019apr\u00e8s-midi ou si vous organisez la soir\u00e9e avec tr\u00e8s peu de marge, simplifiez la d\u00e9cision.<\/p>\n<p><strong>1. V\u00e9rifiez d\u2019abord la disponibilit\u00e9 r\u00e9elle.<\/strong> Ne choisissez pas \u00e0 partir d\u2019une ancienne liste d\u2019horaires ou d\u2019une recommandation g\u00e9n\u00e9rique : c\u2019est la disponibilit\u00e9 d\u2019aujourd\u2019hui qui compte.<\/p>\n<p><strong>2. Choisissez le quartier.<\/strong> Le centre et Triana concentrent de nombreuses options et permettent de compl\u00e9ter la soir\u00e9e \u00e0 pied.<\/p>\n<p><strong>3. R\u00e9servez avant de d\u00eener.<\/strong> Pendant la Biennale, davantage de visiteurs recherchent du flamenco et les salles de petite capacit\u00e9 peuvent afficher complet sur certaines s\u00e9ances.<\/p>\n<p><strong>4. Ne comptez pas trouver des billets \u00e0 l\u2019entr\u00e9e.<\/strong> Si une option appara\u00eet disponible en ligne et correspond \u00e0 votre programme, la r\u00e9server est g\u00e9n\u00e9ralement la d\u00e9cision la plus pratique.<\/p>\n<p><strong>5. Si la Biennale est compl\u00e8te, changez de format, pas de projet.<\/strong> Vous pouvez passer d\u2019une grande production th\u00e9\u00e2trale \u00e0 un tablao intime tout en gardant une soir\u00e9e enti\u00e8rement consacr\u00e9e au flamenco.<\/p>\n<p>Pour ce cas pr\u00e9cis, utilisez notre guide <a href=\"https:\/\/www.tablaosflamencos.com\/fr\/biennale-complete-ou-voir-flamenco-ce-soir-seville.html\"><strong>Biennale compl\u00e8te : o\u00f9 voir du flamenco aujourd\u2019hui \u00e0 S\u00e9ville<\/strong><\/a>.<\/p>\n<\/div><\/div><\/div><\/div><\/div><div class=\"vc_col-sm-12 wpb_column vc_column_container\"><div class=\"vc_column-inner\"><div class=\"wpb_wrapper\"><div class=\"wpb_text_column\"><div class=\"wpb_wrapper\"><h2 id=\"combinar\">Peut-on combiner une fonction de la Biennale et un tablao le m\u00eame soir ?<\/h2>\n<p>\u00c0 certaines dates, c\u2019est possible, car la programmation officielle utilise plusieurs cr\u00e9neaux et certains spectacles commencent plus t\u00f4t ou plus tard que d\u2019autres. Mais ne transformez pas la soir\u00e9e en course.<\/p>\n<p>Avant de r\u00e9server deux fonctions, v\u00e9rifiez <strong>l\u2019heure de fin approximative, la distance entre les lieux et le temps r\u00e9el de d\u00e9placement<\/strong>. Le centre de S\u00e9ville se parcourt facilement \u00e0 pied, mais le Teatro Central, Triana et d\u2019autres points peuvent demander davantage de marge.<\/p>\n<p>Si vous avez d\u00e9j\u00e0 un billet pour la Biennale, il est g\u00e9n\u00e9ralement pr\u00e9f\u00e9rable de construire la soir\u00e9e autour de cette fonction. Le tablao peut \u00eatre une alternative pour un autre soir du s\u00e9jour ou une solution lorsque la fonction officielle ne convient pas.<\/p>\n<p>Si votre voyage dure plusieurs jours, consultez \u00e9galement <a href=\"https:\/\/www.tablaosflamencos.com\/fr\/nuits-uniques-biennale-flamenco-seville-2026.html\"><strong>les Noches \u00danicas de la Biennale 2026<\/strong><\/a> et notre guide des <a href=\"https:\/\/www.tablaosflamencos.com\/fr\/biennale-flamenco-seville-2026-billets-prix-reductions.html\"><strong>billets, prix et r\u00e9ductions<\/strong><\/a> pour mieux r\u00e9partir les exp\u00e9riences.<\/p>\n<\/div><\/div><\/div><\/div><\/div><\/div><\/div><\/section><section class=\"l-section wpb_row height_huge color_alternate with_shape\"><div class=\"l-section-shape type_zigzag pos_top hor_flip\" style=\"height:3vmin;\"><svg xmlns=\"http:\/\/www.w3.org\/2000\/svg\" viewBox=\"0 0 64 8\" preserveAspectRatio=\"none\" width=\"100%\" height=\"100%\">\r\n\t<path fill=\"currentColor\" d=\"M64 8 L0 8 L0 0 L20 7.9 L40 3 L48 5 L64 0 Z\"\/>\r\n<\/svg><\/div><div class=\"l-section-shape type_zigzag pos_bottom\" style=\"height:3vmin;\"><svg xmlns=\"http:\/\/www.w3.org\/2000\/svg\" viewBox=\"0 0 64 8\" preserveAspectRatio=\"none\" width=\"100%\" height=\"100%\">\r\n\t<path fill=\"currentColor\" d=\"M64 8 L0 8 L0 0 L20 7.9 L40 3 L48 5 L64 0 Z\"\/>\r\n<\/svg><\/div><div class=\"l-section-h i-cf\"><div class=\"g-cols vc_row via_flex valign_top type_default stacking_default\"><div class=\"vc_col-sm-12 wpb_column vc_column_container\"><div class=\"vc_column-inner\"><div class=\"wpb_wrapper\"><div class=\"wpb_text_column\"><div class=\"wpb_wrapper\"><h2>Si vous recherchez une exp\u00e9rience tr\u00e8s intime<\/h2>\n<p>Passer d\u2019un grand th\u00e9\u00e2tre de la Biennale \u00e0 une petite salle peut compl\u00e8tement modifier votre perception du flamenco. Dans un format rapproch\u00e9, on entend mieux les respirations, les appels entre artistes, le travail des pieds et la communication du cuadro.<\/p>\n<p>Dans notre catalogue, <a href=\"https:\/\/www.tablaosflamencos.com\/fr\/tablao\/casa-flamenco-azahar\"><strong>Casa Flamenco Azahar<\/strong><\/a> et <a href=\"https:\/\/www.tablaosflamencos.com\/fr\/tablao\/casa-duende-tablao\"><strong>Casa Duende Tablao<\/strong><\/a> correspondent particuli\u00e8rement bien \u00e0 cette recherche de proximit\u00e9. \u00c9galement <a href=\"https:\/\/www.tablaosflamencos.com\/fr\/tablao\/tablao-flamenco-las-duenas\"><strong>Las Due\u00f1as<\/strong><\/a> et <a href=\"https:\/\/www.tablaosflamencos.com\/fr\/tablao\/baraka-sala-flamenca\"><strong>Baraka<\/strong><\/a> peuvent vous int\u00e9resser si vous voulez sentir les artistes tr\u00e8s proches.<\/p>\n<p>La petite capacit\u00e9 a une cons\u00e9quence \u00e9vidente : <strong>si vous voyez des disponibilit\u00e9s pour ce soir, mieux vaut ne pas attendre le dernier moment<\/strong>.<\/p>\n<\/div><\/div><\/div><\/div><\/div><div class=\"vc_col-sm-12 wpb_column vc_column_container\"><div class=\"vc_column-inner\"><div class=\"wpb_wrapper\"><div class=\"wpb_text_column\"><div class=\"wpb_wrapper\"><h2>Si vous recherchez une soir\u00e9e plus compl\u00e8te<\/h2>\n<p>D\u2019autres visiteurs pr\u00e9f\u00e8rent int\u00e9grer le flamenco dans un programme associant gastronomie, architecture ou mise en sc\u00e8ne plus ample.<\/p>\n<p><a href=\"https:\/\/www.tablaosflamencos.com\/fr\/tablao\/tablao-flamenco-la-cantaora\"><strong>La Cantaora<\/strong><\/a> permet d\u2019envisager des formules qui combinent spectacle et gastronomie. <a href=\"https:\/\/www.tablaosflamencos.com\/fr\/tablao\/tablao-flamenco-las-setas\"><strong>Las Setas<\/strong><\/a> s\u2019int\u00e8gre tr\u00e8s bien dans une soir\u00e9e autour d\u2019Encarnaci\u00f3n et du centre. <a href=\"https:\/\/www.tablaosflamencos.com\/fr\/tablao\/tablao-flamenco-casa-inquieta\"><strong>Casa Inquieta<\/strong><\/a> ajoute l\u2019attrait d\u2019une demeure-palais du XIXe si\u00e8cle. Et <a href=\"https:\/\/www.tablaosflamencos.com\/fr\/tablao\/tablao-flamenco-el-jardin-de-murillo\"><strong>El Jard\u00edn de Murillo<\/strong><\/a> est particuli\u00e8rement pratique si vous venez de Santa Cruz, de la Cath\u00e9drale ou de l\u2019Alc\u00e1zar.<\/p>\n<p>Si le flamenco est la raison principale de votre soir\u00e9e, notre recommandation g\u00e9n\u00e9rale reste de privil\u00e9gier <strong>la qualit\u00e9 et le format du spectacle<\/strong> ; le d\u00eener peut \u00eatre organis\u00e9 avant ou apr\u00e8s, selon vos pr\u00e9f\u00e9rences.<\/p>\n<\/div><\/div><\/div><\/div><\/div><\/div><\/div><\/section><section class=\"l-section wpb_row height_huge\"><div class=\"l-section-h i-cf\"><div class=\"g-cols vc_row via_flex valign_top type_default stacking_default\"><div class=\"vc_col-sm-12 wpb_column vc_column_container\"><div class=\"vc_column-inner\"><div class=\"wpb_wrapper\"><div class=\"wpb_text_column\"><div class=\"wpb_wrapper\"><h2 id=\"elegir\">Comment choisir quoi voir ce soir en cinq minutes<\/h2>\n<p>Si vous ne voulez pas comparer pendant une demi-heure, suivez cet ordre :<\/p>\n<p><strong>1. Date :<\/strong> ouvrez le programme officiel et regardez uniquement ce qui a lieu aujourd\u2019hui.<\/p>\n<p><strong>2. Disponibilit\u00e9 :<\/strong> \u00e9cartez les fonctions pour lesquelles vous ne pouvez plus acheter de billet.<\/p>\n<p><strong>3. Quartier :<\/strong> d\u00e9cidez si vous voulez le centre, Santa Cruz, Encarnaci\u00f3n ou Triana.<\/p>\n<p><strong>4. Format :<\/strong> choisissez entre une grande production de la Biennale, un tablao intime ou une exp\u00e9rience plus ample.<\/p>\n<p><strong>5. R\u00e9servation :<\/strong> confirmez votre billet avant de finaliser le reste du programme.<\/p>\n<p><strong>6. D\u00eener et promenade :<\/strong> organisez-les autour de l\u2019heure et du quartier du spectacle, et non l\u2019inverse.<\/p>\n<p><strong>7. Plan B :<\/strong> si la Biennale est compl\u00e8te, comparez imm\u00e9diatement les tablaos disponibles sur <a href=\"https:\/\/www.tablaosflamencos.com\/fr\/flamenco-a-seville\"><strong>flamenco \u00e0 S\u00e9ville<\/strong><\/a>.<\/p>\n<p>Ce syst\u00e8me est particuli\u00e8rement utile pendant la Biennale, car il \u00e9vite une erreur fr\u00e9quente : passer trop de temps \u00e0 chercher \u00ab le spectacle parfait \u00bb et finir par perdre les options qui avaient encore des places.<\/p>\n<\/div><\/div><div class=\"w-separator size_medium\"><\/div><div class=\"w-hwrapper valign_top wrap align_center\" style=\"--hwrapper-gap:1.2rem\"><div class=\"w-btn-wrapper align_none\"><a class=\"w-btn us-btn-style_1\" href=\"https:\/\/www.tablaosflamencos.com\/fr\/flamenco-a-seville\"><span class=\"w-btn-label\">Voir le flamenco disponible \u00e0 S\u00e9ville<\/span><\/a><\/div><div class=\"w-btn-wrapper align_none\"><a class=\"w-btn us-btn-style_11\" href=\"https:\/\/www.labienal.com\/programa-general\"><span class=\"w-btn-label\">Consulter la programmation officielle<\/span><\/a><\/div><\/div><\/div><\/div><\/div><\/div><\/div><\/section><section class=\"l-section wpb_row height_huge color_alternate with_shape\"><div class=\"l-section-shape type_zigzag pos_top hor_flip\" style=\"height:3vmin;\"><svg xmlns=\"http:\/\/www.w3.org\/2000\/svg\" viewBox=\"0 0 64 8\" preserveAspectRatio=\"none\" width=\"100%\" height=\"100%\">\r\n\t<path fill=\"currentColor\" d=\"M64 8 L0 8 L0 0 L20 7.9 L40 3 L48 5 L64 0 Z\"\/>\r\n<\/svg><\/div><div class=\"l-section-shape type_zigzag pos_bottom\" style=\"height:3vmin;\"><svg xmlns=\"http:\/\/www.w3.org\/2000\/svg\" viewBox=\"0 0 64 8\" preserveAspectRatio=\"none\" width=\"100%\" height=\"100%\">\r\n\t<path fill=\"currentColor\" d=\"M64 8 L0 8 L0 0 L20 7.9 L40 3 L48 5 L64 0 Z\"\/>\r\n<\/svg><\/div><div class=\"l-section-h i-cf\"><div class=\"g-cols vc_row via_flex valign_top type_default stacking_default\"><div class=\"vc_col-sm-12 wpb_column vc_column_container\"><div class=\"vc_column-inner\"><div class=\"wpb_wrapper\"><\/div><\/div><\/div><div class=\"vc_col-sm-12 wpb_column vc_column_container\"><div class=\"vc_column-inner\"><div class=\"wpb_wrapper\"><div class=\"wpb_text_column\"><div class=\"wpb_wrapper\"><h2 id=\"faq\">Questions fr\u00e9quentes sur le flamenco ce soir \u00e0 S\u00e9ville pendant la Biennale<\/h2>\n<\/div><\/div><div class=\"w-separator size_medium\"><\/div><div class=\"w-tabs accordion toggle_style_1 has_scrolling\" style=\"--sections-title-size:inherit;--sections-gap:0.5rem;\"><div class=\"w-tabs-sections titles-align_none icon_plus cpos_left\"><div class=\"w-tabs-section\" id=\"a73e\" itemscope itemprop=\"mainEntity\" itemtype=\"https:\/\/schema.org\/Question\"><button type=\"button\" class=\"w-tabs-section-header\" aria-controls=\"content-a73e\" aria-expanded=\"false\"><h3 class=\"w-tabs-section-title\" itemprop=\"name\">O\u00f9 puis-je voir du flamenco ce soir \u00e0 S\u00e9ville pendant la Biennale ?<\/h3><div class=\"w-tabs-section-control\"><\/div><\/button><div  class=\"w-tabs-section-content\" id=\"content-a73e\" itemscope itemprop=\"acceptedAnswer\" itemtype=\"https:\/\/schema.org\/Answer\"><div class=\"w-tabs-section-content-h i-cf\" itemprop=\"text\"><div class=\"wpb_text_column\"><div class=\"wpb_wrapper\"><p>Cela d\u00e9pend de la date pr\u00e9cise. Consultez d\u2019abord la programmation officielle de la Biennale et, si vous cherchez une alternative ou une fonction avec r\u00e9servation directe, comparez les tablaos disponibles sur Tablaos Flamencos. Le centre, Santa Cruz, Encarnaci\u00f3n et Triana concentrent plusieurs options.<\/p>\n<\/div><\/div><\/div><\/div><\/div><div class=\"w-tabs-section\" id=\"f866\" itemscope itemprop=\"mainEntity\" itemtype=\"https:\/\/schema.org\/Question\"><button type=\"button\" class=\"w-tabs-section-header\" aria-controls=\"content-f866\" aria-expanded=\"false\"><h3 class=\"w-tabs-section-title\" itemprop=\"name\">La Biennale propose-t-elle des spectacles tous les soirs ?<\/h3><div class=\"w-tabs-section-control\"><\/div><\/button><div  class=\"w-tabs-section-content\" id=\"content-f866\" itemscope itemprop=\"acceptedAnswer\" itemtype=\"https:\/\/schema.org\/Answer\"><div class=\"w-tabs-section-content-h i-cf\" itemprop=\"text\"><div class=\"wpb_text_column\"><div class=\"wpb_wrapper\"><p>La Biennale se d\u00e9roule du 9 septembre au 3 octobre 2026 et sa programmation change selon la date. Consultez le programme officiel pour v\u00e9rifier exactement quelles fonctions ont lieu le jour de votre visite.<\/p>\n<\/div><\/div><\/div><\/div><\/div><div class=\"w-tabs-section\" id=\"g992\" itemscope itemprop=\"mainEntity\" itemtype=\"https:\/\/schema.org\/Question\"><button type=\"button\" class=\"w-tabs-section-header\" aria-controls=\"content-g992\" aria-expanded=\"false\"><h3 class=\"w-tabs-section-title\" itemprop=\"name\">Que faire si le spectacle de la Biennale que je voulais voir est complet ?<\/h3><div class=\"w-tabs-section-control\"><\/div><\/button><div  class=\"w-tabs-section-content\" id=\"content-g992\" itemscope itemprop=\"acceptedAnswer\" itemtype=\"https:\/\/schema.org\/Answer\"><div class=\"w-tabs-section-content-h i-cf\" itemprop=\"text\"><div class=\"wpb_text_column\"><div class=\"wpb_wrapper\"><p>Vous n\u2019avez pas \u00e0 renoncer au flamenco. Vous pouvez chercher un autre spectacle officiel avec des places disponibles ou r\u00e9server directement un tablao. Consultez aussi notre guide sp\u00e9cifique Biennale compl\u00e8te : o\u00f9 voir du flamenco aujourd\u2019hui \u00e0 S\u00e9ville.<\/p>\n<\/div><\/div><\/div><\/div><\/div><div class=\"w-tabs-section\" id=\"uaea\" itemscope itemprop=\"mainEntity\" itemtype=\"https:\/\/schema.org\/Question\"><button type=\"button\" class=\"w-tabs-section-header\" aria-controls=\"content-uaea\" aria-expanded=\"false\"><h3 class=\"w-tabs-section-title\" itemprop=\"name\">Puis-je r\u00e9server un tablao pour ce soir m\u00eame ?<\/h3><div class=\"w-tabs-section-control\"><\/div><\/button><div  class=\"w-tabs-section-content\" id=\"content-uaea\" itemscope itemprop=\"acceptedAnswer\" itemtype=\"https:\/\/schema.org\/Answer\"><div class=\"w-tabs-section-content-h i-cf\" itemprop=\"text\"><div class=\"wpb_text_column\"><div class=\"wpb_wrapper\"><p>Oui, tant qu\u2019il reste des places. La disponibilit\u00e9 change selon la date et la s\u00e9ance ; il est donc pr\u00e9f\u00e9rable de v\u00e9rifier en ligne et de r\u00e9server d\u00e8s que vous trouvez une option adapt\u00e9e \u00e0 votre programme.<\/p>\n<\/div><\/div><\/div><\/div><\/div><div class=\"w-tabs-section\" id=\"oc00\" itemscope itemprop=\"mainEntity\" itemtype=\"https:\/\/schema.org\/Question\"><button type=\"button\" class=\"w-tabs-section-header\" aria-controls=\"content-oc00\" aria-expanded=\"false\"><h3 class=\"w-tabs-section-title\" itemprop=\"name\">Vaut-il mieux choisir la Biennale ou un tablao ?<\/h3><div class=\"w-tabs-section-control\"><\/div><\/button><div  class=\"w-tabs-section-content\" id=\"content-oc00\" itemscope itemprop=\"acceptedAnswer\" itemtype=\"https:\/\/schema.org\/Answer\"><div class=\"w-tabs-section-content-h i-cf\" itemprop=\"text\"><div class=\"wpb_text_column\"><div class=\"wpb_wrapper\"><p>Ce sont des exp\u00e9riences diff\u00e9rentes. La Biennale propose des productions exceptionnelles, des premi\u00e8res et des fonctions uniques ; le tablao offre r\u00e9gularit\u00e9, proximit\u00e9 et relation directe entre cante, guitare et baile. Un s\u00e9jour de plusieurs jours permet de profiter des deux formats.<\/p>\n<\/div><\/div><\/div><\/div><\/div><div class=\"w-tabs-section\" id=\"md02\" itemscope itemprop=\"mainEntity\" itemtype=\"https:\/\/schema.org\/Question\"><button type=\"button\" class=\"w-tabs-section-header\" aria-controls=\"content-md02\" aria-expanded=\"false\"><h3 class=\"w-tabs-section-title\" itemprop=\"name\">Quel quartier est le meilleur pour trouver du flamenco \u00e0 la derni\u00e8re minute ?<\/h3><div class=\"w-tabs-section-control\"><\/div><\/button><div  class=\"w-tabs-section-content\" id=\"content-md02\" itemscope itemprop=\"acceptedAnswer\" itemtype=\"https:\/\/schema.org\/Answer\"><div class=\"w-tabs-section-content-h i-cf\" itemprop=\"text\"><div class=\"wpb_text_column\"><div class=\"wpb_wrapper\"><p>Le centre historique et Triana offrent de nombreuses options et permettent de combiner facilement le spectacle avec d\u2019autres plans. Si vous \u00eates d\u00e9j\u00e0 \u00e0 Santa Cruz, Encarnaci\u00f3n ou Plaza Nueva, choisir une salle proche r\u00e9duit les d\u00e9placements et simplifie l\u2019organisation de la soir\u00e9e.<\/p>\n<\/div><\/div><\/div><\/div><\/div><div class=\"w-tabs-section\" id=\"udd6\" itemscope itemprop=\"mainEntity\" itemtype=\"https:\/\/schema.org\/Question\"><button type=\"button\" class=\"w-tabs-section-header\" aria-controls=\"content-udd6\" aria-expanded=\"false\"><h3 class=\"w-tabs-section-title\" itemprop=\"name\">Puis-je d\u00eener avant ou apr\u00e8s le flamenco ?<\/h3><div class=\"w-tabs-section-control\"><\/div><\/button><div  class=\"w-tabs-section-content\" id=\"content-udd6\" itemscope itemprop=\"acceptedAnswer\" itemtype=\"https:\/\/schema.org\/Answer\"><div class=\"w-tabs-section-content-h i-cf\" itemprop=\"text\"><div class=\"wpb_text_column\"><div class=\"wpb_wrapper\"><p>Oui. Si le flamenco est votre priorit\u00e9, il est g\u00e9n\u00e9ralement pratique de r\u00e9server d\u2019abord la fonction puis d\u2019organiser le d\u00eener ou les tapas selon l\u2019heure et le quartier du spectacle. Certains espaces proposent aussi des formules incluant la gastronomie.<\/p>\n<\/div><\/div><\/div><\/div><\/div><div class=\"w-tabs-section\" id=\"aec0\" itemscope itemprop=\"mainEntity\" itemtype=\"https:\/\/schema.org\/Question\"><button type=\"button\" class=\"w-tabs-section-header\" aria-controls=\"content-aec0\" aria-expanded=\"false\"><h3 class=\"w-tabs-section-title\" itemprop=\"name\">Peut-on aller voir du flamenco avec des enfants pendant la Biennale ?<\/h3><div class=\"w-tabs-section-control\"><\/div><\/button><div  class=\"w-tabs-section-content\" id=\"content-aec0\" itemscope itemprop=\"acceptedAnswer\" itemtype=\"https:\/\/schema.org\/Answer\"><div class=\"w-tabs-section-content-h i-cf\" itemprop=\"text\"><div class=\"wpb_text_column\"><div class=\"wpb_wrapper\"><p>Cela d\u00e9pend du spectacle et du lieu. Dans les tablaos, les conditions et \u00e9ventuels \u00e2ges minimums peuvent varier ; pour la Biennale, v\u00e9rifiez les conditions sp\u00e9cifiques de la fonction choisie avant d\u2019acheter les billets.<\/p>\n<\/div><\/div><\/div><\/div><\/div><div class=\"w-tabs-section\" id=\"gf86\" itemscope itemprop=\"mainEntity\" itemtype=\"https:\/\/schema.org\/Question\"><button type=\"button\" class=\"w-tabs-section-header\" aria-controls=\"content-gf86\" aria-expanded=\"false\"><h3 class=\"w-tabs-section-title\" itemprop=\"name\">O\u00f9 puis-je voir tous les tablaos que je peux r\u00e9server \u00e0 S\u00e9ville ?<\/h3><div class=\"w-tabs-section-control\"><\/div><\/button><div  class=\"w-tabs-section-content\" id=\"content-gf86\" itemscope itemprop=\"acceptedAnswer\" itemtype=\"https:\/\/schema.org\/Answer\"><div class=\"w-tabs-section-content-h i-cf\" itemprop=\"text\"><div class=\"wpb_text_column\"><div class=\"wpb_wrapper\"><p>Sur notre page flamenco \u00e0 S\u00e9ville, vous pouvez comparer les espaces disponibles et acc\u00e9der \u00e0 leurs fiches pour consulter les options de r\u00e9servation \u00e0 votre date.<\/p>\n<\/div><\/div><\/div><\/div><\/div><div class=\"w-tabs-section\" id=\"k04d\" itemscope itemprop=\"mainEntity\" itemtype=\"https:\/\/schema.org\/Question\"><button type=\"button\" class=\"w-tabs-section-header\" aria-controls=\"content-k04d\" aria-expanded=\"false\"><h3 class=\"w-tabs-section-title\" itemprop=\"name\">Que faire si j\u2019arrive \u00e0 S\u00e9ville sans aucun plan pour ce soir ?<\/h3><div class=\"w-tabs-section-control\"><\/div><\/button><div  class=\"w-tabs-section-content\" id=\"content-k04d\" itemscope itemprop=\"acceptedAnswer\" itemtype=\"https:\/\/schema.org\/Answer\"><div class=\"w-tabs-section-content-h i-cf\" itemprop=\"text\"><div class=\"wpb_text_column\"><div class=\"wpb_wrapper\"><p>V\u00e9rifiez d\u2019abord quelles fonctions officielles de la Biennale ont lieu aujourd\u2019hui et s\u2019il reste des billets. Si vous ne trouvez pas d\u2019option adapt\u00e9e, comparez imm\u00e9diatement les tablaos de notre portail par quartier et disponibilit\u00e9. R\u00e9servez d\u2019abord la fonction et organisez ensuite le reste de la soir\u00e9e.<\/p>\n<\/div><\/div><\/div><\/div><\/div><\/div><\/div><\/div><\/div><\/div><div class=\"vc_col-sm-12 wpb_column vc_column_container\"><div class=\"vc_column-inner\"><div class=\"wpb_wrapper\"><\/div><\/div><\/div><\/div><\/div><\/section><section class=\"l-section wpb_row height_huge\"><div class=\"l-section-h i-cf\"><div class=\"g-cols vc_row via_flex valign_top type_default stacking_default\"><div class=\"vc_col-sm-12 wpb_column vc_column_container\"><div class=\"vc_column-inner\"><div class=\"wpb_wrapper\"><div class=\"wpb_text_column\"><div class=\"wpb_wrapper\"><h2 style=\"text-align: center;\">Il y a du flamenco ce soir : l\u2019essentiel est d\u2019assurer votre billet<\/h2>\n<p style=\"text-align: center;\">Pendant la Biennale, S\u00e9ville multiplie les possibilit\u00e9s flamencas. Le probl\u00e8me n\u2019est g\u00e9n\u00e9ralement pas de trouver quelque chose \u00e0 voir, mais de bien choisir entre une programmation exceptionnelle, diff\u00e9rents horaires, plusieurs quartiers et des salles qui peuvent afficher complet.<\/p>\n<p style=\"text-align: center;\">Si vous cherchez une solution imm\u00e9diate, commencez par la date d\u2019aujourd\u2019hui, consultez la programmation officielle puis comparez les spectacles r\u00e9guliers que vous pouvez r\u00e9server directement. Si la fonction de la Biennale que vous vouliez voir n\u2019a plus de billets, <strong>ne changez pas de projet : changez de sc\u00e8ne<\/strong>.<\/p>\n<p style=\"text-align: center;\">Vous pouvez toujours voir cante, baile et guitare ce soir m\u00eame dans les tablaos de S\u00e9ville et r\u00e9server depuis notre s\u00e9lection de <a href=\"https:\/\/www.tablaosflamencos.com\/fr\/flamenco-a-seville\"><strong>flamenco \u00e0 S\u00e9ville<\/strong><\/a>.<\/p>\n<\/div><\/div><\/div><\/div><\/div><\/div><\/div><\/section>\n","protected":false},"excerpt":{"rendered":"<p>Guide rapide pour choisir quel flamenco voir ce soir \u00e0 S\u00e9ville pendant la Biennale 2026 : programme officiel, tablaos, quartiers et r\u00e9servations de derni\u00e8re minute.<\/p>\n","protected":false},"author":1,"featured_media":14496,"comment_status":"closed","ping_status":"closed","sticky":false,"template":"","format":"standard","meta":{"_acf_changed":false,"wpai_generated_summary":"","_ayudawp_aiss_exclude":false,"_ayudawp_aiss_exclude_summary":false,"_ayudawp_aiss_summary":"","_ayudawp_aiss_summary_provider":"","_ayudawp_aiss_summary_hash":"","footnotes":""},"categories":[1428],"tags":[1238,1239,1240,1241,1155,1242,1243],"class_list":["post-14516","post","type-post","status-publish","format-standard","has-post-thumbnail","hentry","category-biennale-de-flamenco","tag-agenda-flamenca","tag-bienal-2026","tag-bienal-de-flamenco","tag-festivales-flamencos","tag-flamenco-en-sevilla","tag-sevilla","tag-tablaos-de-sevilla"],"acf":[],"yoast_head":"<!-- This site is optimized with the Yoast SEO Premium plugin v28.4 (Yoast SEO v28.4) - https:\/\/yoast.com\/product\/yoast-seo-premium-wordpress\/ -->\n<title>Flamenco ce soir \u00e0 S\u00e9ville pendant la Biennale 2026<\/title>\n<meta name=\"description\" content=\"Vous cherchez du flamenco ce soir \u00e0 S\u00e9ville pendant la Biennale 2026 ? Consultez le programme officiel et r\u00e9servez des alternatives dans le centre et \u00e0 Triana.\" \/>\n<meta name=\"robots\" content=\"index, follow, max-snippet:-1, max-image-preview:large, max-video-preview:-1\" \/>\n<link rel=\"canonical\" href=\"https:\/\/www.tablaosflamencos.com\/fr\/flamenco-ce-soir-seville-biennale-2026.html\" \/>\n<meta property=\"og:locale\" content=\"fr_FR\" \/>\n<meta property=\"og:type\" content=\"article\" \/>\n<meta property=\"og:title\" content=\"Flamenco ce soir \u00e0 S\u00e9ville pendant la Biennale\" \/>\n<meta property=\"og:description\" content=\"Vous cherchez du flamenco ce soir \u00e0 S\u00e9ville pendant la Biennale 2026 ? Consultez le programme officiel et r\u00e9servez des alternatives dans le centre et \u00e0 Triana.\" \/>\n<meta property=\"og:url\" content=\"https:\/\/www.tablaosflamencos.com\/fr\/flamenco-ce-soir-seville-biennale-2026.html\" \/>\n<meta property=\"og:site_name\" content=\"Tablaos Flamencos\" \/>\n<meta property=\"article:publisher\" content=\"https:\/\/www.facebook.com\/tablaosflamencos\" \/>\n<meta property=\"article:published_time\" content=\"2026-09-04T16:37:03+00:00\" \/>\n<meta property=\"article:modified_time\" content=\"2026-09-04T17:03:33+00:00\" \/>\n<meta property=\"og:image\" content=\"https:\/\/www.tablaosflamencos.com\/wp-content\/uploads\/flamenco-esta-noche-en-sevilla-durante-la-bienal-01.webp\" \/>\n\t<meta property=\"og:image:width\" content=\"1672\" \/>\n\t<meta property=\"og:image:height\" content=\"941\" \/>\n\t<meta property=\"og:image:type\" content=\"image\/webp\" \/>\n<meta name=\"author\" content=\"Miguel Ortiz\" \/>\n<meta name=\"twitter:card\" content=\"summary_large_image\" \/>\n<meta name=\"twitter:creator\" content=\"@tablaosflamenco\" \/>\n<meta name=\"twitter:site\" content=\"@tablaosflamenco\" \/>\n<meta name=\"twitter:label1\" content=\"\u00c9crit par\" \/>\n\t<meta name=\"twitter:data1\" content=\"Miguel Ortiz\" \/>\n\t<meta name=\"twitter:label2\" content=\"Dur\u00e9e de lecture estim\u00e9e\" \/>\n\t<meta name=\"twitter:data2\" content=\"18 minutes\" \/>\n<script type=\"application\/ld+json\" class=\"yoast-schema-graph\">{\"@context\":\"https:\\\/\\\/schema.org\",\"@graph\":[{\"@type\":\"Article\",\"@id\":\"https:\\\/\\\/www.tablaosflamencos.com\\\/fr\\\/flamenco-ce-soir-seville-biennale-2026.html#article\",\"isPartOf\":{\"@id\":\"https:\\\/\\\/www.tablaosflamencos.com\\\/fr\\\/flamenco-ce-soir-seville-biennale-2026.html\"},\"author\":{\"name\":\"Miguel Ortiz\",\"@id\":\"https:\\\/\\\/www.tablaosflamencos.com\\\/fr#\\\/schema\\\/person\\\/e7a9ebe14eb75a52ceabfbffb3c54f5d\"},\"headline\":\"Flamenco ce soir \u00e0 S\u00e9ville pendant la Biennale\",\"datePublished\":\"2026-09-04T16:37:03+00:00\",\"dateModified\":\"2026-09-04T17:03:33+00:00\",\"mainEntityOfPage\":{\"@id\":\"https:\\\/\\\/www.tablaosflamencos.com\\\/fr\\\/flamenco-ce-soir-seville-biennale-2026.html\"},\"wordCount\":3574,\"publisher\":{\"@id\":\"https:\\\/\\\/www.tablaosflamencos.com\\\/fr#organization\"},\"image\":{\"@id\":\"https:\\\/\\\/www.tablaosflamencos.com\\\/fr\\\/flamenco-ce-soir-seville-biennale-2026.html#primaryimage\"},\"thumbnailUrl\":\"https:\\\/\\\/www.tablaosflamencos.com\\\/wp-content\\\/uploads\\\/flamenco-esta-noche-en-sevilla-durante-la-bienal-01.webp\",\"keywords\":[\"agenda flamenca\",\"Bienal 2026\",\"Bienal de Flamenco\",\"festivales flamencos\",\"flamenco en Sevilla\",\"sevilla\",\"tablaos de Sevilla\"],\"articleSection\":[\"Biennale de Flamenco\"],\"inLanguage\":\"fr-FR\"},{\"@type\":\"WebPage\",\"@id\":\"https:\\\/\\\/www.tablaosflamencos.com\\\/fr\\\/flamenco-ce-soir-seville-biennale-2026.html\",\"url\":\"https:\\\/\\\/www.tablaosflamencos.com\\\/fr\\\/flamenco-ce-soir-seville-biennale-2026.html\",\"name\":\"Flamenco ce soir \u00e0 S\u00e9ville pendant la Biennale 2026\",\"isPartOf\":{\"@id\":\"https:\\\/\\\/www.tablaosflamencos.com\\\/fr#website\"},\"primaryImageOfPage\":{\"@id\":\"https:\\\/\\\/www.tablaosflamencos.com\\\/fr\\\/flamenco-ce-soir-seville-biennale-2026.html#primaryimage\"},\"image\":{\"@id\":\"https:\\\/\\\/www.tablaosflamencos.com\\\/fr\\\/flamenco-ce-soir-seville-biennale-2026.html#primaryimage\"},\"thumbnailUrl\":\"https:\\\/\\\/www.tablaosflamencos.com\\\/wp-content\\\/uploads\\\/flamenco-esta-noche-en-sevilla-durante-la-bienal-01.webp\",\"datePublished\":\"2026-09-04T16:37:03+00:00\",\"dateModified\":\"2026-09-04T17:03:33+00:00\",\"description\":\"Vous cherchez du flamenco ce soir \u00e0 S\u00e9ville pendant la Biennale 2026 ? Consultez le programme officiel et r\u00e9servez des alternatives dans le centre et \u00e0 Triana.\",\"breadcrumb\":{\"@id\":\"https:\\\/\\\/www.tablaosflamencos.com\\\/fr\\\/flamenco-ce-soir-seville-biennale-2026.html#breadcrumb\"},\"inLanguage\":\"fr-FR\",\"potentialAction\":[{\"@type\":\"ReadAction\",\"target\":[\"https:\\\/\\\/www.tablaosflamencos.com\\\/fr\\\/flamenco-ce-soir-seville-biennale-2026.html\"]}]},{\"@type\":\"ImageObject\",\"inLanguage\":\"fr-FR\",\"@id\":\"https:\\\/\\\/www.tablaosflamencos.com\\\/fr\\\/flamenco-ce-soir-seville-biennale-2026.html#primaryimage\",\"url\":\"https:\\\/\\\/www.tablaosflamencos.com\\\/wp-content\\\/uploads\\\/flamenco-esta-noche-en-sevilla-durante-la-bienal-01.webp\",\"contentUrl\":\"https:\\\/\\\/www.tablaosflamencos.com\\\/wp-content\\\/uploads\\\/flamenco-esta-noche-en-sevilla-durante-la-bienal-01.webp\",\"width\":1672,\"height\":941,\"caption\":\"Flamenco esta noche en Sevilla durante la Bienal\"},{\"@type\":\"BreadcrumbList\",\"@id\":\"https:\\\/\\\/www.tablaosflamencos.com\\\/fr\\\/flamenco-ce-soir-seville-biennale-2026.html#breadcrumb\",\"itemListElement\":[{\"@type\":\"ListItem\",\"position\":1,\"name\":\"Home\",\"item\":\"https:\\\/\\\/www.tablaosflamencos.com\\\/fr\"},{\"@type\":\"ListItem\",\"position\":2,\"name\":\"Flamenco ce soir \u00e0 S\u00e9ville pendant la Biennale\"}]},{\"@type\":\"WebSite\",\"@id\":\"https:\\\/\\\/www.tablaosflamencos.com\\\/fr#website\",\"url\":\"https:\\\/\\\/www.tablaosflamencos.com\\\/fr\",\"name\":\"Tablaos Flamencos\",\"description\":\"Entradas para tablaos flamencos de Espa\u00f1a\",\"publisher\":{\"@id\":\"https:\\\/\\\/www.tablaosflamencos.com\\\/fr#organization\"},\"alternateName\":\"Tablaos Flamencos\",\"potentialAction\":[{\"@type\":\"SearchAction\",\"target\":{\"@type\":\"EntryPoint\",\"urlTemplate\":\"https:\\\/\\\/www.tablaosflamencos.com\\\/fr?s={search_term_string}\"},\"query-input\":{\"@type\":\"PropertyValueSpecification\",\"valueRequired\":true,\"valueName\":\"search_term_string\"}}],\"inLanguage\":\"fr-FR\"},{\"@type\":[\"Organization\",\"Place\",\"EntertainmentBusiness\"],\"@id\":\"https:\\\/\\\/www.tablaosflamencos.com\\\/fr#organization\",\"name\":\"Tablaos Flamencos\",\"alternateName\":\"Tablaos Flamencos\",\"url\":\"https:\\\/\\\/www.tablaosflamencos.com\\\/fr\",\"logo\":{\"@id\":\"https:\\\/\\\/www.tablaosflamencos.com\\\/fr\\\/flamenco-ce-soir-seville-biennale-2026.html#local-main-organization-logo\"},\"image\":{\"@id\":\"https:\\\/\\\/www.tablaosflamencos.com\\\/fr\\\/flamenco-ce-soir-seville-biennale-2026.html#local-main-organization-logo\"},\"sameAs\":[\"https:\\\/\\\/www.facebook.com\\\/tablaosflamencos\",\"https:\\\/\\\/x.com\\\/tablaosflamenco\",\"https:\\\/\\\/mastodon.social\\\/@tablaosflamencos\",\"https:\\\/\\\/www.instagram.com\\\/tablaosflamencos\",\"https:\\\/\\\/tiktok.com\\\/@tablaosflamencos\",\"https:\\\/\\\/www.linkedin.com\\\/company\\\/109408238\\\/\"],\"description\":\"Venta de entradas para espect\u00e1culos flamencos\",\"legalName\":\"Tablaos Flamencos\",\"foundingDate\":\"2015-01-01\",\"numberOfEmployees\":{\"@type\":\"QuantitativeValue\",\"minValue\":\"1\",\"maxValue\":\"10\"},\"address\":{\"@id\":\"https:\\\/\\\/www.tablaosflamencos.com\\\/fr\\\/flamenco-ce-soir-seville-biennale-2026.html#local-main-place-address\"},\"geo\":{\"@type\":\"GeoCoordinates\",\"latitude\":\"37.3868072\",\"longitude\":\"-5.993280299999999\"},\"telephone\":[\"+34623787787\"],\"contactPoint\":{\"@type\":\"ContactPoint\",\"telephone\":\"+34623787787\",\"email\":\"info@tablaosflamencos.com\"},\"openingHoursSpecification\":{\"@type\":\"OpeningHoursSpecification\",\"dayOfWeek\":[\"Monday\",\"Tuesday\",\"Wednesday\",\"Thursday\",\"Friday\",\"Saturday\",\"Sunday\"],\"opens\":\"00:00\",\"closes\":\"23:59\"},\"email\":\"info@tablaosflamencos.com\",\"priceRange\":\"$$$\",\"currenciesAccepted\":\"\u20ac\"},{\"@type\":\"Person\",\"@id\":\"https:\\\/\\\/www.tablaosflamencos.com\\\/fr#\\\/schema\\\/person\\\/e7a9ebe14eb75a52ceabfbffb3c54f5d\",\"name\":\"Miguel Ortiz\",\"description\":\"Miguel Ortiz es un empresario flamenco, con una s\u00f3lida trayectoria dentro del sector. Ha presidido entidades culturales vinculadas al flamenco y, cuenta con un amplio recorrido profesional en la gesti\u00f3n y promoci\u00f3n de espect\u00e1culos y tablaos flamencos. Su pasi\u00f3n por la historia y el arte flamenco se refleja en cada art\u00edculo, donde combina experiencia, criterio y un profundo respeto por la tradici\u00f3n.\",\"sameAs\":[\"https:\\\/\\\/www.tablaosflamencos.com\",\"https:\\\/\\\/www.instagra.com\\\/miguelortizfe\",\"https:\\\/\\\/www.linkedin.com\\\/in\\\/miguelortizf\\\/\"],\"birthDate\":\"1984-11-22\",\"gender\":\"hombre\",\"knowsLanguage\":[\"espa\u00f1ol\",\"ingl\u00e9s\"],\"jobTitle\":\"Empresario flamenco\"},{\"@type\":\"PostalAddress\",\"@id\":\"https:\\\/\\\/www.tablaosflamencos.com\\\/fr\\\/flamenco-ce-soir-seville-biennale-2026.html#local-main-place-address\",\"streetAddress\":\"C\\\/ Alemanes, 19\",\"addressLocality\":\"Sevilla\",\"postalCode\":\"41004\",\"addressRegion\":\"Sevilla\",\"addressCountry\":\"ES\"},{\"@type\":\"ImageObject\",\"inLanguage\":\"fr-FR\",\"@id\":\"https:\\\/\\\/www.tablaosflamencos.com\\\/fr\\\/flamenco-ce-soir-seville-biennale-2026.html#local-main-organization-logo\",\"url\":\"https:\\\/\\\/www.tablaosflamencos.com\\\/wp-content\\\/uploads\\\/tablaos-flamencos-06-3.webp\",\"contentUrl\":\"https:\\\/\\\/www.tablaosflamencos.com\\\/wp-content\\\/uploads\\\/tablaos-flamencos-06-3.webp\",\"width\":600,\"height\":620,\"caption\":\"Tablaos Flamencos\"}]}<\/script>\n<meta name=\"geo.placename\" content=\"Sevilla\" \/>\n<meta name=\"geo.position\" content=\"37.3868072;-5.993280299999999\" \/>\n<meta name=\"geo.region\" content=\"Espagne\" \/>\n<!-- \/ Yoast SEO Premium plugin. -->","yoast_head_json":{"title":"Flamenco ce soir \u00e0 S\u00e9ville pendant la Biennale 2026","description":"Vous cherchez du flamenco ce soir \u00e0 S\u00e9ville pendant la Biennale 2026 ? Consultez le programme officiel et r\u00e9servez des alternatives dans le centre et \u00e0 Triana.","robots":{"index":"index","follow":"follow","max-snippet":"max-snippet:-1","max-image-preview":"max-image-preview:large","max-video-preview":"max-video-preview:-1"},"canonical":"https:\/\/www.tablaosflamencos.com\/fr\/flamenco-ce-soir-seville-biennale-2026.html","og_locale":"fr_FR","og_type":"article","og_title":"Flamenco ce soir \u00e0 S\u00e9ville pendant la Biennale","og_description":"Vous cherchez du flamenco ce soir \u00e0 S\u00e9ville pendant la Biennale 2026 ? Consultez le programme officiel et r\u00e9servez des alternatives dans le centre et \u00e0 Triana.","og_url":"https:\/\/www.tablaosflamencos.com\/fr\/flamenco-ce-soir-seville-biennale-2026.html","og_site_name":"Tablaos Flamencos","article_publisher":"https:\/\/www.facebook.com\/tablaosflamencos","article_published_time":"2026-09-04T16:37:03+00:00","article_modified_time":"2026-09-04T17:03:33+00:00","og_image":[{"width":1672,"height":941,"url":"https:\/\/www.tablaosflamencos.com\/wp-content\/uploads\/flamenco-esta-noche-en-sevilla-durante-la-bienal-01.webp","type":"image\/webp"}],"author":"Miguel Ortiz","twitter_card":"summary_large_image","twitter_creator":"@tablaosflamenco","twitter_site":"@tablaosflamenco","twitter_misc":{"\u00c9crit par":"Miguel Ortiz","Dur\u00e9e de lecture estim\u00e9e":"18 minutes"},"schema":{"@context":"https:\/\/schema.org","@graph":[{"@type":"Article","@id":"https:\/\/www.tablaosflamencos.com\/fr\/flamenco-ce-soir-seville-biennale-2026.html#article","isPartOf":{"@id":"https:\/\/www.tablaosflamencos.com\/fr\/flamenco-ce-soir-seville-biennale-2026.html"},"author":{"name":"Miguel Ortiz","@id":"https:\/\/www.tablaosflamencos.com\/fr#\/schema\/person\/e7a9ebe14eb75a52ceabfbffb3c54f5d"},"headline":"Flamenco ce soir \u00e0 S\u00e9ville pendant la Biennale","datePublished":"2026-09-04T16:37:03+00:00","dateModified":"2026-09-04T17:03:33+00:00","mainEntityOfPage":{"@id":"https:\/\/www.tablaosflamencos.com\/fr\/flamenco-ce-soir-seville-biennale-2026.html"},"wordCount":3574,"publisher":{"@id":"https:\/\/www.tablaosflamencos.com\/fr#organization"},"image":{"@id":"https:\/\/www.tablaosflamencos.com\/fr\/flamenco-ce-soir-seville-biennale-2026.html#primaryimage"},"thumbnailUrl":"https:\/\/www.tablaosflamencos.com\/wp-content\/uploads\/flamenco-esta-noche-en-sevilla-durante-la-bienal-01.webp","keywords":["agenda flamenca","Bienal 2026","Bienal de Flamenco","festivales flamencos","flamenco en Sevilla","sevilla","tablaos de Sevilla"],"articleSection":["Biennale de Flamenco"],"inLanguage":"fr-FR"},{"@type":"WebPage","@id":"https:\/\/www.tablaosflamencos.com\/fr\/flamenco-ce-soir-seville-biennale-2026.html","url":"https:\/\/www.tablaosflamencos.com\/fr\/flamenco-ce-soir-seville-biennale-2026.html","name":"Flamenco ce soir \u00e0 S\u00e9ville pendant la Biennale 2026","isPartOf":{"@id":"https:\/\/www.tablaosflamencos.com\/fr#website"},"primaryImageOfPage":{"@id":"https:\/\/www.tablaosflamencos.com\/fr\/flamenco-ce-soir-seville-biennale-2026.html#primaryimage"},"image":{"@id":"https:\/\/www.tablaosflamencos.com\/fr\/flamenco-ce-soir-seville-biennale-2026.html#primaryimage"},"thumbnailUrl":"https:\/\/www.tablaosflamencos.com\/wp-content\/uploads\/flamenco-esta-noche-en-sevilla-durante-la-bienal-01.webp","datePublished":"2026-09-04T16:37:03+00:00","dateModified":"2026-09-04T17:03:33+00:00","description":"Vous cherchez du flamenco ce soir \u00e0 S\u00e9ville pendant la Biennale 2026 ? Consultez le programme officiel et r\u00e9servez des alternatives dans le centre et \u00e0 Triana.","breadcrumb":{"@id":"https:\/\/www.tablaosflamencos.com\/fr\/flamenco-ce-soir-seville-biennale-2026.html#breadcrumb"},"inLanguage":"fr-FR","potentialAction":[{"@type":"ReadAction","target":["https:\/\/www.tablaosflamencos.com\/fr\/flamenco-ce-soir-seville-biennale-2026.html"]}]},{"@type":"ImageObject","inLanguage":"fr-FR","@id":"https:\/\/www.tablaosflamencos.com\/fr\/flamenco-ce-soir-seville-biennale-2026.html#primaryimage","url":"https:\/\/www.tablaosflamencos.com\/wp-content\/uploads\/flamenco-esta-noche-en-sevilla-durante-la-bienal-01.webp","contentUrl":"https:\/\/www.tablaosflamencos.com\/wp-content\/uploads\/flamenco-esta-noche-en-sevilla-durante-la-bienal-01.webp","width":1672,"height":941,"caption":"Flamenco esta noche en Sevilla durante la Bienal"},{"@type":"BreadcrumbList","@id":"https:\/\/www.tablaosflamencos.com\/fr\/flamenco-ce-soir-seville-biennale-2026.html#breadcrumb","itemListElement":[{"@type":"ListItem","position":1,"name":"Home","item":"https:\/\/www.tablaosflamencos.com\/fr"},{"@type":"ListItem","position":2,"name":"Flamenco ce soir \u00e0 S\u00e9ville pendant la Biennale"}]},{"@type":"WebSite","@id":"https:\/\/www.tablaosflamencos.com\/fr#website","url":"https:\/\/www.tablaosflamencos.com\/fr","name":"Tablaos Flamencos","description":"Entradas para tablaos flamencos de Espa\u00f1a","publisher":{"@id":"https:\/\/www.tablaosflamencos.com\/fr#organization"},"alternateName":"Tablaos Flamencos","potentialAction":[{"@type":"SearchAction","target":{"@type":"EntryPoint","urlTemplate":"https:\/\/www.tablaosflamencos.com\/fr?s={search_term_string}"},"query-input":{"@type":"PropertyValueSpecification","valueRequired":true,"valueName":"search_term_string"}}],"inLanguage":"fr-FR"},{"@type":["Organization","Place","EntertainmentBusiness"],"@id":"https:\/\/www.tablaosflamencos.com\/fr#organization","name":"Tablaos Flamencos","alternateName":"Tablaos Flamencos","url":"https:\/\/www.tablaosflamencos.com\/fr","logo":{"@id":"https:\/\/www.tablaosflamencos.com\/fr\/flamenco-ce-soir-seville-biennale-2026.html#local-main-organization-logo"},"image":{"@id":"https:\/\/www.tablaosflamencos.com\/fr\/flamenco-ce-soir-seville-biennale-2026.html#local-main-organization-logo"},"sameAs":["https:\/\/www.facebook.com\/tablaosflamencos","https:\/\/x.com\/tablaosflamenco","https:\/\/mastodon.social\/@tablaosflamencos","https:\/\/www.instagram.com\/tablaosflamencos","https:\/\/tiktok.com\/@tablaosflamencos","https:\/\/www.linkedin.com\/company\/109408238\/"],"description":"Venta de entradas para espect\u00e1culos flamencos","legalName":"Tablaos Flamencos","foundingDate":"2015-01-01","numberOfEmployees":{"@type":"QuantitativeValue","minValue":"1","maxValue":"10"},"address":{"@id":"https:\/\/www.tablaosflamencos.com\/fr\/flamenco-ce-soir-seville-biennale-2026.html#local-main-place-address"},"geo":{"@type":"GeoCoordinates","latitude":"37.3868072","longitude":"-5.993280299999999"},"telephone":["+34623787787"],"contactPoint":{"@type":"ContactPoint","telephone":"+34623787787","email":"info@tablaosflamencos.com"},"openingHoursSpecification":{"@type":"OpeningHoursSpecification","dayOfWeek":["Monday","Tuesday","Wednesday","Thursday","Friday","Saturday","Sunday"],"opens":"00:00","closes":"23:59"},"email":"info@tablaosflamencos.com","priceRange":"$$$","currenciesAccepted":"\u20ac"},{"@type":"Person","@id":"https:\/\/www.tablaosflamencos.com\/fr#\/schema\/person\/e7a9ebe14eb75a52ceabfbffb3c54f5d","name":"Miguel Ortiz","description":"Miguel Ortiz es un empresario flamenco, con una s\u00f3lida trayectoria dentro del sector. Ha presidido entidades culturales vinculadas al flamenco y, cuenta con un amplio recorrido profesional en la gesti\u00f3n y promoci\u00f3n de espect\u00e1culos y tablaos flamencos. Su pasi\u00f3n por la historia y el arte flamenco se refleja en cada art\u00edculo, donde combina experiencia, criterio y un profundo respeto por la tradici\u00f3n.","sameAs":["https:\/\/www.tablaosflamencos.com","https:\/\/www.instagra.com\/miguelortizfe","https:\/\/www.linkedin.com\/in\/miguelortizf\/"],"birthDate":"1984-11-22","gender":"hombre","knowsLanguage":["espa\u00f1ol","ingl\u00e9s"],"jobTitle":"Empresario flamenco"},{"@type":"PostalAddress","@id":"https:\/\/www.tablaosflamencos.com\/fr\/flamenco-ce-soir-seville-biennale-2026.html#local-main-place-address","streetAddress":"C\/ Alemanes, 19","addressLocality":"Sevilla","postalCode":"41004","addressRegion":"Sevilla","addressCountry":"ES"},{"@type":"ImageObject","inLanguage":"fr-FR","@id":"https:\/\/www.tablaosflamencos.com\/fr\/flamenco-ce-soir-seville-biennale-2026.html#local-main-organization-logo","url":"https:\/\/www.tablaosflamencos.com\/wp-content\/uploads\/tablaos-flamencos-06-3.webp","contentUrl":"https:\/\/www.tablaosflamencos.com\/wp-content\/uploads\/tablaos-flamencos-06-3.webp","width":600,"height":620,"caption":"Tablaos Flamencos"}]},"geo.placename":"Sevilla","geo.position":{"lat":"37.3868072","long":"-5.993280299999999"},"geo.region":"Espagne"},"_links":{"self":[{"href":"https:\/\/www.tablaosflamencos.com\/fr\/wp-json\/wp\/v2\/posts\/14516","targetHints":{"allow":["GET"]}}],"collection":[{"href":"https:\/\/www.tablaosflamencos.com\/fr\/wp-json\/wp\/v2\/posts"}],"about":[{"href":"https:\/\/www.tablaosflamencos.com\/fr\/wp-json\/wp\/v2\/types\/post"}],"author":[{"embeddable":true,"href":"https:\/\/www.tablaosflamencos.com\/fr\/wp-json\/wp\/v2\/users\/1"}],"replies":[{"embeddable":true,"href":"https:\/\/www.tablaosflamencos.com\/fr\/wp-json\/wp\/v2\/comments?post=14516"}],"version-history":[{"count":3,"href":"https:\/\/www.tablaosflamencos.com\/fr\/wp-json\/wp\/v2\/posts\/14516\/revisions"}],"predecessor-version":[{"id":14562,"href":"https:\/\/www.tablaosflamencos.com\/fr\/wp-json\/wp\/v2\/posts\/14516\/revisions\/14562"}],"wp:featuredmedia":[{"embeddable":true,"href":"https:\/\/www.tablaosflamencos.com\/fr\/wp-json\/wp\/v2\/media\/14496"}],"wp:attachment":[{"href":"https:\/\/www.tablaosflamencos.com\/fr\/wp-json\/wp\/v2\/media?parent=14516"}],"wp:term":[{"taxonomy":"category","embeddable":true,"href":"https:\/\/www.tablaosflamencos.com\/fr\/wp-json\/wp\/v2\/categories?post=14516"},{"taxonomy":"post_tag","embeddable":true,"href":"https:\/\/www.tablaosflamencos.com\/fr\/wp-json\/wp\/v2\/tags?post=14516"}],"curies":[{"name":"wp","href":"https:\/\/api.w.org\/{rel}","templated":true}]}}