{"id":14500,"date":"2026-09-04T17:20:37","date_gmt":"2026-09-04T15:20:37","guid":{"rendered":"https:\/\/www.tablaosflamencos.com\/?p=14500"},"modified":"2026-09-04T19:09:23","modified_gmt":"2026-09-04T17:09:23","slug":"baraka-sala-flamenca-flamenco-intimiste-calle-pureza","status":"publish","type":"post","link":"https:\/\/www.tablaosflamencos.com\/fr\/baraka-sala-flamenca-flamenco-intimiste-calle-pureza.html","title":{"rendered":"Baraka Sala Flamenca : flamenco intimiste dans la calle Pureza"},"content":{"rendered":"<section class=\"l-section wpb_row height_huge\"><div class=\"l-section-h i-cf\"><div class=\"g-cols vc_row via_flex valign_top type_default stacking_default\"><div class=\"vc_col-sm-6 wpb_column vc_column_container\"><div class=\"vc_column-inner\"><div class=\"wpb_wrapper\"><div class=\"wpb_text_column\"><div class=\"wpb_wrapper\"><h2>Baraka Sala Flamenca, un tablao pour vivre le flamenco au plus pr\u00e8s<\/h2>\n<p>Dans une ville aux propositions flamencas tr\u00e8s diverses, <strong>Baraka Sala Flamenca<\/strong> occupe une place facile \u00e0 reconna\u00eetre : une salle de petite capacit\u00e9, situ\u00e9e dans la calle Pureza \u00e0 Triana, o\u00f9 le public se trouve tout pr\u00e8s du chant, de la guitare et de la danse. Elle ne recherche ni l\u2019\u00e9chelle d\u2019un grand th\u00e9\u00e2tre ni l\u2019association du spectacle avec un d\u00eener. Sa proposition se concentre sur l\u2019essentiel : quatre artistes, une heure de spectacle et une boisson incluse.<\/p>\n<p>La repr\u00e9sentation a lieu dans la salle flamenca Lola de los Reyes, un espace d\u2019esth\u00e9tique andalouse de 48 places. Cette dimension d\u00e9termine une grande partie de l\u2019exp\u00e9rience. De presque partout, on per\u00e7oit le coup du talon, le souffle du chant, les falsetas de la guitare, les palmas et les regards gr\u00e2ce auxquels le cuadro s\u2019organise en direct.<\/p>\n<p>Pour qui souhaite voir du flamenco lors d\u2019une visite \u00e0 Triana, Baraka permet d\u2019associer le spectacle \u00e0 une promenade par l\u2019Altozano, la calle Betis, les abords de Santa Ana et la calle Pureza elle-m\u00eame. Le lieu apporte le contexte ; la proximit\u00e9 de la sc\u00e8ne fait le reste.<\/p>\n<\/div><\/div><\/div><\/div><\/div><div class=\"vc_col-sm-6 wpb_column vc_column_container\"><div class=\"vc_column-inner\"><div class=\"wpb_wrapper\"><div class=\"w-image has_ratio align_center\"><div class=\"w-image-h\"><div style=\"padding-bottom:75%\"><\/div><img fetchpriority=\"high\" decoding=\"async\" width=\"600\" height=\"400\" src=\"https:\/\/www.tablaosflamencos.com\/wp-content\/uploads\/baraka-sala-flamenca-01-1-600x400.webp\" class=\"attachment-us_600_600 size-us_600_600\" alt=\"Baraka Sala Flamenca - Baraka Flamenco show | Tablaos Flamencos\" loading=\"eager\" \/><\/div><\/div><div class=\"wpb_text_column\"><div class=\"wpb_wrapper\"><p style=\"text-align: center;\"><em>La petite capacit\u00e9 de la salle permet de suivre de pr\u00e8s le dialogue entre le chant, la guitare et la danse.<\/em><\/p>\n<\/div><\/div><\/div><\/div><\/div><\/div><\/div><\/section><section class=\"l-section wpb_row height_huge with_shape\"><div class=\"l-section-overlay\" style=\"background:#f5f5f5\"><\/div><div class=\"l-section-shape type_zigzag pos_top\" style=\"height:3vmin;\"><svg xmlns=\"http:\/\/www.w3.org\/2000\/svg\" viewBox=\"0 0 64 8\" preserveAspectRatio=\"none\" width=\"100%\" height=\"100%\">\r\n\t<path fill=\"currentColor\" d=\"M64 8 L0 8 L0 0 L20 7.9 L40 3 L48 5 L64 0 Z\"\/>\r\n<\/svg><\/div><div class=\"l-section-shape type_zigzag pos_bottom\" style=\"height:3vmin;\"><svg xmlns=\"http:\/\/www.w3.org\/2000\/svg\" viewBox=\"0 0 64 8\" preserveAspectRatio=\"none\" width=\"100%\" height=\"100%\">\r\n\t<path fill=\"currentColor\" d=\"M64 8 L0 8 L0 0 L20 7.9 L40 3 L48 5 L64 0 Z\"\/>\r\n<\/svg><\/div><div class=\"l-section-h i-cf\"><div class=\"g-cols vc_row via_flex valign_top type_default stacking_default\"><div class=\"vc_col-sm-12 wpb_column vc_column_container\"><div class=\"vc_column-inner\"><div class=\"wpb_wrapper\"><div class=\"wpb_text_column\"><div class=\"wpb_wrapper\"><blockquote>\n<p style=\"margin: 0;\"><strong>R\u00e9ponse rapide :<\/strong> Baraka Sala Flamenca est un tablao intimiste situ\u00e9 calle Pureza 107, \u00e0 Triana. Le spectacle dure environ une heure et r\u00e9unit quatre artistes \u2014 chant, guitare, danseur et danseuse \u2014 dans la salle Lola de los Reyes, d\u2019une capacit\u00e9 de 48 personnes. Le billet comprend une boisson, mais pas le d\u00eener. Les s\u00e9ances et les prix peuvent varier selon la date ; il est donc conseill\u00e9 de v\u00e9rifier les disponibilit\u00e9s et de r\u00e9server \u00e0 l\u2019avance.<\/p>\n<\/blockquote>\n<\/div><\/div><div class=\"w-separator size_medium\"><\/div><div class=\"w-hwrapper valign_top wrap stack_on_mobiles align_center\" style=\"--hwrapper-gap:1.2rem\"><div class=\"w-btn-wrapper align_none\"><a class=\"w-btn us-btn-style_1\" href=\"https:\/\/www.tablaosflamencos.com\/fr\/tablao\/baraka-sala-flamenca\"><span class=\"w-btn-label\">Voir les disponibilit\u00e9s de Baraka<\/span><\/a><\/div><div class=\"w-btn-wrapper align_none\"><a class=\"w-btn us-btn-style_1\" href=\"https:\/\/www.tablaosflamencos.com\/fr\/flamenco-a-triana\"><span class=\"w-btn-label\">Voir du flamenco \u00e0 Triana<\/span><\/a><\/div><\/div><\/div><\/div><\/div><\/div><\/div><\/section><section class=\"l-section wpb_row height_huge\"><div class=\"l-section-h i-cf\"><div class=\"g-cols vc_row via_flex valign_top type_default stacking_default\"><div class=\"vc_col-sm-3 wpb_column vc_column_container\"><div class=\"vc_column-inner\"><div class=\"wpb_wrapper\"><\/div><\/div><\/div><div class=\"vc_col-sm-6 wpb_column vc_column_container\"><div class=\"vc_column-inner\"><div class=\"wpb_wrapper\"><div class=\"wpb_text_column\"><div class=\"wpb_wrapper\"><h2>Sommaire de ce guide<\/h2>\n<ul>\n<li><a href=\"#sala-intima\">Ce que signifie voir du flamenco dans une salle intimiste<\/a><\/li>\n<li><a href=\"#espectaculo\">Comment se d\u00e9roule le spectacle de Baraka<\/a><\/li>\n<li><a href=\"#calle-pureza\">L\u2019exp\u00e9rience de l\u2019arriv\u00e9e par la calle Pureza<\/a><\/li>\n<li><a href=\"#informacion-practica\">Dur\u00e9e, billet, boisson et horaires<\/a><\/li>\n<li><a href=\"#para-quien\">\u00c0 qui ce choix convient-il ?<\/a><\/li>\n<li><a href=\"#primera-vez\">\u00c0 quoi s\u2019attendre pour une premi\u00e8re fois<\/a><\/li>\n<li><a href=\"#plan-triana\">Comment compl\u00e9ter la soir\u00e9e \u00e0 Triana<\/a><\/li>\n<li><a href=\"#reservar\">Pourquoi il est pr\u00e9f\u00e9rable de r\u00e9server<\/a><\/li>\n<li><a href=\"#faq\">Questions fr\u00e9quentes<\/a><\/li>\n<\/ul>\n<\/div><\/div><\/div><\/div><\/div><div class=\"vc_col-sm-3 wpb_column vc_column_container\"><div class=\"vc_column-inner\"><div class=\"wpb_wrapper\"><\/div><\/div><\/div><\/div><\/div><\/section><section class=\"l-section wpb_row height_huge with_shape\"><div class=\"l-section-overlay\" style=\"background:#f5f5f5\"><\/div><div class=\"l-section-shape type_zigzag pos_top\" style=\"height:3vmin;\"><svg xmlns=\"http:\/\/www.w3.org\/2000\/svg\" viewBox=\"0 0 64 8\" preserveAspectRatio=\"none\" width=\"100%\" height=\"100%\">\r\n\t<path fill=\"currentColor\" d=\"M64 8 L0 8 L0 0 L20 7.9 L40 3 L48 5 L64 0 Z\"\/>\r\n<\/svg><\/div><div class=\"l-section-shape type_zigzag pos_bottom\" style=\"height:3vmin;\"><svg xmlns=\"http:\/\/www.w3.org\/2000\/svg\" viewBox=\"0 0 64 8\" preserveAspectRatio=\"none\" width=\"100%\" height=\"100%\">\r\n\t<path fill=\"currentColor\" d=\"M64 8 L0 8 L0 0 L20 7.9 L40 3 L48 5 L64 0 Z\"\/>\r\n<\/svg><\/div><div class=\"l-section-h i-cf\"><div class=\"g-cols vc_row via_flex valign_top type_default stacking_default\"><div class=\"vc_col-sm-6 wpb_column vc_column_container\"><div class=\"vc_column-inner\"><div class=\"wpb_wrapper\"><div class=\"wpb_text_column\"><div class=\"wpb_wrapper\"><h2 id=\"sala-intima\">Ce que signifie voir du flamenco dans une salle intimiste<\/h2>\n<p>Le mot \u00ab intimiste \u00bb est souvent employ\u00e9 pour d\u00e9crire de petits spectacles, mais chez Baraka il a une cons\u00e9quence concr\u00e8te : la capacit\u00e9 est de 48 personnes. La distance entre la sc\u00e8ne et le public est faible, si bien que la repr\u00e9sentation se vit comme une rencontre proche et non comme une image contempl\u00e9e de loin.<\/p>\n<p>Dans le flamenco, cette proximit\u00e9 permet de d\u00e9couvrir des \u00e9l\u00e9ments qui peuvent passer inaper\u00e7us dans une salle plus grande. On entend comment la guitare accompagne le chant, comment les palmas soutiennent le comp\u00e1s et comment la danse r\u00e9pond \u00e0 un appel ou change d\u2019intensit\u00e9. On observe \u00e9galement les gestes par lesquels les artistes se c\u00e8dent l\u2019espace, s\u2019encouragent ou pr\u00e9parent une conclusion.<\/p>\n<p>La proximit\u00e9 ne signifie pas que le spectacle soit improvis\u00e9 du d\u00e9but \u00e0 la fin. Il existe une structure professionnelle, mais, \u00e0 l\u2019int\u00e9rieur de celle-ci, le chant, la guitare et la danse doivent s\u2019\u00e9couter mutuellement. Chaque s\u00e9ance poss\u00e8de ses propres nuances, car le flamenco sc\u00e9nique vit de cette relation directe.<\/p>\n<\/div><\/div><\/div><\/div><\/div><div class=\"vc_col-sm-6 wpb_column vc_column_container\"><div class=\"vc_column-inner\"><div class=\"wpb_wrapper\"><div class=\"wpb_text_column\"><div class=\"wpb_wrapper\"><h3>Une exp\u00e9rience concentr\u00e9e sur la sc\u00e8ne<\/h3>\n<p>Baraka ne propose pas de d\u00eener : la formule disponible est centr\u00e9e sur le spectacle et comprend une boisson. Pendant l\u2019heure de repr\u00e9sentation, la sc\u00e8ne devient ainsi la v\u00e9ritable protagoniste. Ceux qui souhaitent d\u00eener peuvent le faire avant ou apr\u00e8s \u00e0 Triana, sans que la gastronomie soit une composante obligatoire du billet.<\/p>\n<p>L\u2019espace d\u2019esth\u00e9tique andalouse contribue \u00e0 l\u2019ambiance, mais ne remplace pas le contenu artistique. La principale raison de choisir cette salle est de pouvoir observer de pr\u00e8s un cuadro flamenco compos\u00e9 de quatre interpr\u00e8tes et de suivre la relation entre leurs disciplines.<\/p>\n<p>Ce format convient particuli\u00e8rement \u00e0 ceux qui appr\u00e9cient la concentration, pr\u00e9f\u00e8rent un lieu intime ou souhaitent que leur premier contact avec le flamenco soit direct et facile \u00e0 suivre. Il n\u2019est pas n\u00e9cessaire de conna\u00eetre les palos ni de comprendre toutes les paroles : il suffit d\u2019\u00eatre attentif au rythme, aux silences, aux changements d\u2019\u00e9nergie et \u00e0 la communication sur sc\u00e8ne.<\/p>\n<\/div><\/div><\/div><\/div><\/div><\/div><\/div><\/section><section class=\"l-section wpb_row height_huge\"><div class=\"l-section-h i-cf\"><div class=\"g-cols vc_row via_flex valign_top type_default stacking_default\"><div class=\"vc_col-sm-6 wpb_column vc_column_container\"><div class=\"vc_column-inner\"><div class=\"wpb_wrapper\"><div class=\"wpb_text_column\"><div class=\"wpb_wrapper\"><h2 id=\"espectaculo\">Comment se d\u00e9roule le spectacle de Baraka Sala Flamenca<\/h2>\n<p>La formation habituelle r\u00e9unit <strong>quatre artistes : une voix au chant, un guitariste, un danseur et une danseuse<\/strong>. C\u2019est un cuadro compact, mais suffisamment complet pour pr\u00e9senter les piliers d\u2019un tablao traditionnel.<\/p>\n<p>Le chant ne fonctionne pas comme une bande-son : il marque le caract\u00e8re de chaque moment et dialogue avec la guitare. Le jeu de guitare accompagne, soutient et ouvre ses propres espaces gr\u00e2ce aux falsetas. La danse transforme le comp\u00e1s en mouvement et en percussion, tandis que les palmas et les jaleos r\u00e9unissent l\u2019ensemble.<\/p>\n<p>La pr\u00e9sence d\u2019un danseur et d\u2019une danseuse ne doit pas \u00eatre comprise comme deux num\u00e9ros isol\u00e9s et identiques. Chaque interpr\u00e8te apporte son langage, sa mani\u00e8re d\u2019occuper la sc\u00e8ne et sa relation avec les musiciens. Selon la s\u00e9ance, l\u2019ordre, les nuances et l\u2019intensit\u00e9 peuvent varier. Cette variation appartient \u00e0 la nature vivante du tablao.<\/p>\n<\/div><\/div><\/div><\/div><\/div><div class=\"vc_col-sm-6 wpb_column vc_column_container\"><div class=\"vc_column-inner\"><div class=\"wpb_wrapper\"><div class=\"wpb_text_column\"><div class=\"wpb_wrapper\"><h3>Une heure avec son propre rythme<\/h3>\n<p>La dur\u00e9e approximative est de 60 minutes. Ce format s\u2019int\u00e8gre facilement \u00e0 un apr\u00e8s-midi ou une soir\u00e9e \u00e0 S\u00e9ville, tout en \u00e9tant assez long pour que le spectacle d\u00e9veloppe des contrastes : moments d\u2019\u00e9coute, solos, danse, changements de comp\u00e1s et conclusions plus intenses.<\/p>\n<p>Une heure de flamenco n\u2019\u00e9quivaut pas \u00e0 une succession continue de jeux de pieds. Le chant et la guitare ont besoin de leurs propres espaces, et les silences comptent \u00e9galement. Si c\u2019est votre premi\u00e8re fois, n\u2019attendez pas que tout le spectacle conserve la m\u00eame vitesse. L\u2019\u00e9motion na\u00eet pr\u00e9cis\u00e9ment du contraste entre retenue et explosion.<\/p>\n<p>La salle permet de voir les d\u00e9tails techniques sans perdre la sensation d\u2019ensemble. C\u2019est l\u2019un des grands avantages de Baraka : le format n\u2019oblige pas \u00e0 choisir entre observer les pieds et suivre les musiciens. La proximit\u00e9 aide \u00e0 comprendre comment chaque partie soutient les autres.<\/p>\n<\/div><\/div><\/div><\/div><\/div><\/div><\/div><\/section><section class=\"l-section wpb_row height_huge with_shape\"><div class=\"l-section-overlay\" style=\"background:#f5f5f5\"><\/div><div class=\"l-section-shape type_zigzag pos_top\" style=\"height:3vmin;\"><svg xmlns=\"http:\/\/www.w3.org\/2000\/svg\" viewBox=\"0 0 64 8\" preserveAspectRatio=\"none\" width=\"100%\" height=\"100%\">\r\n\t<path fill=\"currentColor\" d=\"M64 8 L0 8 L0 0 L20 7.9 L40 3 L48 5 L64 0 Z\"\/>\r\n<\/svg><\/div><div class=\"l-section-shape type_zigzag pos_bottom\" style=\"height:3vmin;\"><svg xmlns=\"http:\/\/www.w3.org\/2000\/svg\" viewBox=\"0 0 64 8\" preserveAspectRatio=\"none\" width=\"100%\" height=\"100%\">\r\n\t<path fill=\"currentColor\" d=\"M64 8 L0 8 L0 0 L20 7.9 L40 3 L48 5 L64 0 Z\"\/>\r\n<\/svg><\/div><div class=\"l-section-h i-cf\"><div class=\"g-cols vc_row via_flex valign_top type_default stacking_default\"><div class=\"vc_col-sm-6 wpb_column vc_column_container\"><div class=\"vc_column-inner\"><div class=\"wpb_wrapper\"><div class=\"wpb_text_column\"><div class=\"wpb_wrapper\"><h2 id=\"calle-pureza\">L\u2019exp\u00e9rience de l\u2019arriv\u00e9e par la calle Pureza<\/h2>\n<p>Baraka se trouve au num\u00e9ro 107 de la calle Pureza, l\u2019une des rues les plus reconnaissables de Triana. L\u2019emplacement permet de venir \u00e0 pied depuis le pont Isabelle II et de faire du trajet une partie de la sortie. Depuis l\u2019Altozano, l\u2019itin\u00e9raire s\u2019enfonce dans le quartier, pr\u00e8s de la Real Parroquia de Se\u00f1ora Santa Ana et \u00e0 courte distance de la calle Betis et du Guadalquivir.<\/p>\n<p>\u00catre \u00e0 Triana ne rend pas automatiquement tout spectacle authentique. La qualit\u00e9 d\u00e9pend des artistes, du comp\u00e1s, de la musique en direct et du respect de la sc\u00e8ne. Le quartier apporte toutefois un contexte culturel et historique qui enrichit la visite lorsqu\u2019on le parcourt avec attention, sans le r\u00e9duire \u00e0 un d\u00e9cor.<\/p>\n<\/div><\/div><\/div><\/div><\/div><div class=\"vc_col-sm-6 wpb_column vc_column_container\"><div class=\"vc_column-inner\"><div class=\"wpb_wrapper\"><div class=\"wpb_text_column\"><div class=\"wpb_wrapper\"><h3>Un emplacement pratique pour organiser la soir\u00e9e<\/h3>\n<p>L\u2019adresse convient aussi bien aux personnes log\u00e9es \u00e0 Triana qu\u2019\u00e0 celles qui arrivent du centre historique. Traverser le pont \u00e0 pied permet de relier le tablao \u00e0 la Plaza Nueva, \u00e0 l\u2019Arenal et au quartier de la Cath\u00e9drale sans n\u00e9cessairement d\u00e9pendre d\u2019un v\u00e9hicule.<\/p>\n<p>Pour d\u00e9couvrir d\u2019autres propositions proches ou comparer les formats, consultez notre page consacr\u00e9e au <a href=\"https:\/\/www.tablaosflamencos.com\/flamenco-en-triana\"><strong>flamenco \u00e0 Triana<\/strong><\/a>. Pour \u00e9largir la recherche \u00e0 toute la ville, notre guide des <a href=\"https:\/\/www.tablaosflamencos.com\/flamenco-en-sevilla\"><strong>spectacles de flamenco \u00e0 S\u00e9ville<\/strong><\/a> rassemble les options disponibles par quartier et par formule.<\/p>\n<p>Pr\u00e9voyez suffisamment de temps pour la promenade. Arriver en avance \u00e9vite une entr\u00e9e pr\u00e9cipit\u00e9e, permet de rep\u00e9rer la porte et facilite l\u2019installation avant le d\u00e9but.<\/p>\n<\/div><\/div><\/div><\/div><\/div><\/div><\/div><\/section><section class=\"l-section wpb_row height_huge\"><div class=\"l-section-h i-cf\"><div class=\"g-cols vc_row via_flex valign_top type_default stacking_default\"><div class=\"vc_col-sm-6 wpb_column vc_column_container\"><div class=\"vc_column-inner\"><div class=\"wpb_wrapper\"><div class=\"wpb_text_column\"><div class=\"wpb_wrapper\"><h2 id=\"informacion-practica\">Informations pratiques avant de r\u00e9server<\/h2>\n<ul>\n<li><strong>Adresse :<\/strong> calle Pureza 107, 41010 S\u00e9ville.<\/li>\n<li><strong>Quartier :<\/strong> Triana.<\/li>\n<li><strong>Salle :<\/strong> Lola de los Reyes.<\/li>\n<li><strong>Dur\u00e9e :<\/strong> environ 60 minutes.<\/li>\n<li><strong>Artistes :<\/strong> quatre interpr\u00e8tes : chant, guitare, danseur et danseuse.<\/li>\n<li><strong>Capacit\u00e9 :<\/strong> 48 personnes.<\/li>\n<li><strong>Billet :<\/strong> spectacle avec une boisson incluse.<\/li>\n<li><strong>D\u00eener :<\/strong> non compris ; la salle sert des boissons.<\/li>\n<li><strong>Accessibilit\u00e9 :<\/strong> le lieu est indiqu\u00e9 comme accessible.<\/li>\n<li><strong>Enfants :<\/strong> acc\u00e8s \u00e0 partir de 4 ans, toujours selon les conditions du billet choisi.<\/li>\n<\/ul>\n<\/div><\/div><\/div><\/div><\/div><div class=\"vc_col-sm-6 wpb_column vc_column_container\"><div class=\"vc_column-inner\"><div class=\"wpb_wrapper\"><div class=\"wpb_text_column\"><div class=\"wpb_wrapper\"><h3>Horaires et prix<\/h3>\n<p>Baraka programme diff\u00e9rentes s\u00e9ances et peut adapter les horaires selon le jour et la saison. L\u2019information vraiment utile est donc celle qui appara\u00eet lorsque vous s\u00e9lectionnez une date pr\u00e9cise. La fiche de r\u00e9servation affiche les s\u00e9ances disponibles et le prix applicable \u00e0 chaque type de billet.<\/p>\n<p>Au moment de la pr\u00e9paration de ce guide, la fiche indiquait des billets \u00e0 partir de 22 euros et des formules par \u00e2ge pour les enfants, les adultes et les plus de 65 ans. Les tarifs et les s\u00e9ances pouvant changer, v\u00e9rifiez le montant total avant de finaliser l\u2019achat.<\/p>\n<p>Il est recommand\u00e9 d\u2019arriver 15 \u00e0 20 minutes \u00e0 l\u2019avance. Le billet est envoy\u00e9 par courrier \u00e9lectronique apr\u00e8s la r\u00e9servation et peut \u00eatre pr\u00e9sent\u00e9 sur le t\u00e9l\u00e9phone portable, sans impression. Si vous avez un besoin pr\u00e9cis en mati\u00e8re d\u2019accessibilit\u00e9, signalez-le de pr\u00e9f\u00e9rence pendant la r\u00e9servation.<\/p>\n<\/div><\/div><div class=\"w-separator size_medium\"><\/div><div class=\"w-btn-wrapper align_left\"><a class=\"w-btn us-btn-style_1 icon_atleft\" href=\"https:\/\/www.tablaosflamencos.com\/fr\/tablao\/baraka-sala-flamenca\"><i class=\"fas fa-ticket-alt\"><\/i><span class=\"w-btn-label\">Consulter les s\u00e9ances et les prix<\/span><\/a><\/div><\/div><\/div><\/div><\/div><\/div><\/section><section class=\"l-section wpb_row height_huge with_shape\"><div class=\"l-section-overlay\" style=\"background:#f5f5f5\"><\/div><div class=\"l-section-shape type_zigzag pos_top\" style=\"height:3vmin;\"><svg xmlns=\"http:\/\/www.w3.org\/2000\/svg\" viewBox=\"0 0 64 8\" preserveAspectRatio=\"none\" width=\"100%\" height=\"100%\">\r\n\t<path fill=\"currentColor\" d=\"M64 8 L0 8 L0 0 L20 7.9 L40 3 L48 5 L64 0 Z\"\/>\r\n<\/svg><\/div><div class=\"l-section-shape type_zigzag pos_bottom\" style=\"height:3vmin;\"><svg xmlns=\"http:\/\/www.w3.org\/2000\/svg\" viewBox=\"0 0 64 8\" preserveAspectRatio=\"none\" width=\"100%\" height=\"100%\">\r\n\t<path fill=\"currentColor\" d=\"M64 8 L0 8 L0 0 L20 7.9 L40 3 L48 5 L64 0 Z\"\/>\r\n<\/svg><\/div><div class=\"l-section-h i-cf\"><div class=\"g-cols vc_row via_flex valign_top type_default stacking_default\"><div class=\"vc_col-sm-6 wpb_column vc_column_container\"><div class=\"vc_column-inner\"><div class=\"wpb_wrapper\"><div class=\"wpb_text_column\"><div class=\"wpb_wrapper\"><h2 id=\"para-quien\">\u00c0 qui ce choix convient-il ?<\/h2>\n<h3>\u00c0 ceux qui recherchent la proximit\u00e9<\/h3>\n<p>La petite capacit\u00e9 est la caract\u00e9ristique la plus \u00e9vidente de Baraka. Si vous tenez \u00e0 distinguer les gestes, le jeu de pieds et la communication du cuadro, le format intimiste offre un avantage manifeste.<\/p>\n<h3>Pour une premi\u00e8re exp\u00e9rience du flamenco<\/h3>\n<p>La dur\u00e9e d\u2019une heure et la combinaison du chant, de la guitare et de deux profils de danse permettent de d\u00e9couvrir les principaux \u00e9l\u00e9ments sans pr\u00e9paration pr\u00e9alable. C\u2019est une introduction accessible au langage du tablao.<\/p>\n<h3>Pour ceux qui souhaitent d\u00e9couvrir Triana<\/h3>\n<p>La calle Pureza permet d\u2019int\u00e9grer facilement le spectacle dans une promenade \u00e0 pied dans le quartier. Il n\u2019est pas n\u00e9cessaire de se rendre ensuite dans une autre zone pour compl\u00e9ter la soir\u00e9e.<\/p>\n<\/div><\/div><\/div><\/div><\/div><div class=\"vc_col-sm-6 wpb_column vc_column_container\"><div class=\"vc_column-inner\"><div class=\"wpb_wrapper\"><div class=\"wpb_text_column\"><div class=\"wpb_wrapper\"><h3>Pour ceux qui pr\u00e9f\u00e8rent choisir leur d\u00eener<\/h3>\n<p>Le billet comprend une boisson, pas le d\u00eener. Vous restez ainsi libre de choisir le restaurant, l\u2019horaire et le budget avant ou apr\u00e8s le spectacle. Cela r\u00e9duit \u00e9galement les d\u00e9placements du service pendant la repr\u00e9sentation.<\/p>\n<h3>Pour les couples, les familles et les petits groupes<\/h3>\n<p>L\u2019ambiance intimiste peut convenir \u00e0 une sortie en couple, \u00e0 une visite en famille avec des enfants \u00e0 partir de l\u2019\u00e2ge autoris\u00e9 ou \u00e0 un groupe souhaitant partager l\u2019exp\u00e9rience sans perdre la proximit\u00e9.<\/p>\n<h3>Pour les voyageurs au programme serr\u00e9<\/h3>\n<p>La dur\u00e9e d\u00e9finie permet de combiner facilement la repr\u00e9sentation avec d\u2019autres activit\u00e9s. \u00c9vitez n\u00e9anmoins de la placer entre deux visites sans marge : pr\u00e9voyez le temps d\u2019arriver, d\u2019entrer calmement et de sortir sans vous presser.<\/p>\n<\/div><\/div><\/div><\/div><\/div><\/div><\/div><\/section><section class=\"l-section wpb_row height_huge\"><div class=\"l-section-h i-cf\"><div class=\"g-cols vc_row via_flex valign_top type_default stacking_default\"><div class=\"vc_col-sm-6 wpb_column vc_column_container\"><div class=\"vc_column-inner\"><div class=\"wpb_wrapper\"><div class=\"wpb_text_column\"><div class=\"wpb_wrapper\"><h2 id=\"primera-vez\">\u00c0 quoi s\u2019attendre pour une premi\u00e8re visite dans un tablao<\/h2>\n<p>Il n\u2019est pas n\u00e9cessaire de reconna\u00eetre une sole\u00e1, des alegr\u00edas ou une buler\u00eda pour appr\u00e9cier le spectacle. Vous pouvez commencer par observer la relation entre les interpr\u00e8tes : qui donne le d\u00e9part, comment la guitare r\u00e9pond, quand les palmas interviennent et de quelle mani\u00e8re la danse utilise les accents.<\/p>\n<p>Pendant le chant, l\u2019atmosph\u00e8re devient g\u00e9n\u00e9ralement plus silencieuse. Les conclusions et les moments de danse font appara\u00eetre une \u00e9nergie plus visible, avec les jaleos et les r\u00e9ponses du cuadro. Le public peut exprimer son \u00e9motion, mais il vaut mieux \u00e9viter les conversations qui concurrencent la musique.<\/p>\n<p>La photographie et la vid\u00e9o d\u00e9pendent des r\u00e8gles de la salle. Si quelques images sont autoris\u00e9es, prenez-les sans flash et sans garder le t\u00e9l\u00e9phone lev\u00e9 trop longtemps. La proximit\u00e9 qui rend Baraka sp\u00e9cial signifie aussi que toute distraction est plus perceptible.<\/p>\n<\/div><\/div><\/div><\/div><\/div><div class=\"vc_col-sm-6 wpb_column vc_column_container\"><div class=\"vc_column-inner\"><div class=\"wpb_wrapper\"><div class=\"wpb_text_column\"><div class=\"wpb_wrapper\"><h3>L\u2019authenticit\u00e9 sans clich\u00e9s<\/h3>\n<p>Un tablao professionnel peut accueillir des visiteurs de nombreux pays et proposer un flamenco authentique. L\u2019origine du public ne d\u00e9termine pas la qualit\u00e9. L\u2019essentiel est que le chant, la guitare et la danse soient en direct, que les artistes travaillent dans le langage flamenco et que la salle permette d\u2019\u00e9couter la repr\u00e9sentation.<\/p>\n<p>Il n\u2019est pas non plus n\u00e9cessaire que tout paraisse spontan\u00e9 ou informel. La ponctualit\u00e9, l\u2019\u00e9clairage, la vente anticip\u00e9e et une organisation claire n\u2019enl\u00e8vent rien \u00e0 la v\u00e9rit\u00e9 du spectacle ; ils cr\u00e9ent les conditions permettant au cuadro de se concentrer.<\/p>\n<p>Pour approfondir ces crit\u00e8res avant de comparer, consultez notre guide consacr\u00e9 \u00e0 <a href=\"https:\/\/www.tablaosflamencos.com\/donde-ver-flamenco-autentico-sevilla.html\"><strong>o\u00f9 voir du flamenco authentique \u00e0 S\u00e9ville<\/strong><\/a>. Il vous aidera \u00e0 distinguer la qualit\u00e9 artistique des arguments commerciaux.<\/p>\n<\/div><\/div><\/div><\/div><\/div><\/div><\/div><\/section><section class=\"l-section wpb_row height_huge with_shape\"><div class=\"l-section-overlay\" style=\"background:#f5f5f5\"><\/div><div class=\"l-section-shape type_zigzag pos_top\" style=\"height:3vmin;\"><svg xmlns=\"http:\/\/www.w3.org\/2000\/svg\" viewBox=\"0 0 64 8\" preserveAspectRatio=\"none\" width=\"100%\" height=\"100%\">\r\n\t<path fill=\"currentColor\" d=\"M64 8 L0 8 L0 0 L20 7.9 L40 3 L48 5 L64 0 Z\"\/>\r\n<\/svg><\/div><div class=\"l-section-shape type_zigzag pos_bottom\" style=\"height:3vmin;\"><svg xmlns=\"http:\/\/www.w3.org\/2000\/svg\" viewBox=\"0 0 64 8\" preserveAspectRatio=\"none\" width=\"100%\" height=\"100%\">\r\n\t<path fill=\"currentColor\" d=\"M64 8 L0 8 L0 0 L20 7.9 L40 3 L48 5 L64 0 Z\"\/>\r\n<\/svg><\/div><div class=\"l-section-h i-cf\"><div class=\"g-cols vc_row via_flex valign_top type_default stacking_default\"><div class=\"vc_col-sm-6 wpb_column vc_column_container\"><div class=\"vc_column-inner\"><div class=\"wpb_wrapper\"><div class=\"wpb_text_column\"><div class=\"wpb_wrapper\"><h2 id=\"plan-triana\">Comment compl\u00e9ter la soir\u00e9e \u00e0 Triana<\/h2>\n<p>Une mani\u00e8re simple d\u2019organiser la visite consiste \u00e0 arriver \u00e0 l\u2019avance \u00e0 l\u2019Altozano, \u00e0 passer par le march\u00e9 de Triana puis \u00e0 parcourir la calle Pureza. Si vous pr\u00e9f\u00e9rez contempler le fleuve, ajoutez un passage par la calle Betis avant d\u2019entrer au spectacle.<\/p>\n<p>Le d\u00eener peut pr\u00e9c\u00e9der ou suivre la repr\u00e9sentation selon la s\u00e9ance choisie. Baraka comprenant une boisson mais pas de repas, vous n\u2019aurez pas \u00e0 adapter votre choix gastronomique \u00e0 un menu fixe. Les week-ends, jours f\u00e9ri\u00e9s ou p\u00e9riodes de forte demande, r\u00e9servez \u00e9galement le restaurant s\u2019il constitue une partie importante de votre programme.<\/p>\n<p>Apr\u00e8s le spectacle, la promenade vers le pont offre une transition agr\u00e9able pour revenir dans le centre. Si vous poursuivez la soir\u00e9e \u00e0 Triana, v\u00e9rifiez \u00e0 l\u2019avance les horaires des cuisines et des transports, en particulier pour les s\u00e9ances tardives.<\/p>\n<\/div><\/div><\/div><\/div><\/div><div class=\"vc_col-sm-6 wpb_column vc_column_container\"><div class=\"vc_column-inner\"><div class=\"wpb_wrapper\"><div class=\"wpb_text_column\"><div class=\"wpb_wrapper\"><h3>Une proposition permanente, pas seulement pour les dates sp\u00e9ciales<\/h3>\n<p>Baraka peut s\u2019int\u00e9grer \u00e0 la Vel\u00e1 de Santa Ana et aux autres f\u00eates du quartier, mais son int\u00e9r\u00eat ne d\u00e9pend pas d\u2019un \u00e9v\u00e9nement pr\u00e9cis. La salle maintient une programmation r\u00e9guli\u00e8re toute l\u2019ann\u00e9e et constitue une option stable pour ceux qui recherchent du flamenco \u00e0 Triana.<\/p>\n<p>Si vous visitez S\u00e9ville en juillet, vous pouvez compl\u00e9ter votre programme avec notre guide sur <a href=\"https:\/\/www.tablaosflamencos.com\/flamenco-en-triana-vela-santa-ana.html\"><strong>le flamenco \u00e0 Triana pendant la Vel\u00e1 de Santa Ana<\/strong><\/a>. En dehors de ces dates, la calle Pureza conserve son int\u00e9r\u00eat et le spectacle demeure le c\u0153ur de l\u2019exp\u00e9rience.<\/p>\n<p>Le conseil pratique consiste \u00e0 choisir d\u2019abord la s\u00e9ance, \u00e0 fixer l\u2019heure d\u2019arriv\u00e9e puis \u00e0 organiser la promenade et le repas autour de celle-ci. Vous \u00e9viterez ainsi qu\u2019une activit\u00e9 improvis\u00e9e vous fasse arriver en retard dans une salle aux places limit\u00e9es.<\/p>\n<\/div><\/div><\/div><\/div><\/div><\/div><\/div><\/section><section class=\"l-section wpb_row height_huge\"><div class=\"l-section-h i-cf\"><div class=\"g-cols vc_row via_flex valign_top type_default stacking_default\"><div class=\"vc_col-sm-6 wpb_column vc_column_container\"><div class=\"vc_column-inner\"><div class=\"wpb_wrapper\"><div class=\"wpb_text_column\"><div class=\"wpb_wrapper\"><h2 id=\"reservar\">Pourquoi il est pr\u00e9f\u00e9rable de r\u00e9server Baraka \u00e0 l\u2019avance<\/h2>\n<p>Dans une salle de 48 places, les disponibilit\u00e9s peuvent diminuer rapidement. Attendre d\u2019acheter \u00e0 l\u2019entr\u00e9e limite le choix des horaires et ne garantit pas qu\u2019il reste des billets pour la s\u00e9ance qui convient le mieux \u00e0 votre itin\u00e9raire.<\/p>\n<p>La r\u00e9servation en ligne permet de s\u00e9lectionner la date, de v\u00e9rifier les types de billets et de recevoir la confirmation par courrier \u00e9lectronique. Conserver le billet sur le t\u00e9l\u00e9phone facilite l\u2019acc\u00e8s et \u00e9vite de d\u00e9pendre d\u2019une billetterie de derni\u00e8re minute.<\/p>\n<p>Avant de payer, v\u00e9rifiez la date, la s\u00e9ance, le nombre de participants et la cat\u00e9gorie d\u2019\u00e2ge. Consultez \u00e9galement les conditions de vente applicables. Sur notre page consacr\u00e9e \u00e0 <a href=\"https:\/\/www.tablaosflamencos.com\/como-reservar\"><strong>comment r\u00e9server<\/strong><\/a> nous expliquons le processus g\u00e9n\u00e9ral et ce qu\u2019il faut faire apr\u00e8s avoir re\u00e7u les billets.<\/p>\n<\/div><\/div><\/div><\/div><\/div><div class=\"vc_col-sm-6 wpb_column vc_column_container\"><div class=\"vc_column-inner\"><div class=\"wpb_wrapper\"><div class=\"wpb_text_column\"><div class=\"wpb_wrapper\"><h3>La meilleure raison de choisir Baraka<\/h3>\n<p>Baraka n\u2019a pas besoin de rivaliser par la taille. Sa valeur r\u00e9side pr\u00e9cis\u00e9ment dans son \u00e9chelle : un cuadro de quatre artistes devant un public r\u00e9duit, dans une salle o\u00f9 la distance physique ne dilue pas les nuances.<\/p>\n<p>C\u2019est une proposition claire pour ceux qui souhaitent consacrer une heure au flamenco sans d\u00eener obligatoire, au c\u0153ur de Triana et avec des informations pratiques bien d\u00e9finies. La boisson incluse compl\u00e8te l\u2019accueil, mais le spectacle reste au centre de la r\u00e9servation.<\/p>\n<p>Si cette combinaison correspond \u00e0 ce que vous recherchez, consultez la s\u00e9ance disponible \u00e0 votre date et r\u00e9servez avant d\u2019organiser le reste de la soir\u00e9e. L\u2019intimit\u00e9 fonctionne mieux lorsqu\u2019elle ne d\u00e9pend pas d\u2019une place libre trouv\u00e9e au dernier moment.<\/p>\n<\/div><\/div><div class=\"w-separator size_medium\"><\/div><div class=\"w-btn-wrapper align_left\"><a class=\"w-btn us-btn-style_1 icon_atleft\" href=\"https:\/\/www.tablaosflamencos.com\/fr\/tablao\/baraka-sala-flamenca\"><i class=\"fas fa-ticket-alt\"><\/i><span class=\"w-btn-label\">R\u00e9server Baraka Sala Flamenca<\/span><\/a><\/div><\/div><\/div><\/div><\/div><\/div><\/section><section class=\"l-section wpb_row height_huge with_shape\"><div class=\"l-section-overlay\" style=\"background:#f5f5f5\"><\/div><div class=\"l-section-shape type_zigzag pos_top\" style=\"height:3vmin;\"><svg xmlns=\"http:\/\/www.w3.org\/2000\/svg\" viewBox=\"0 0 64 8\" preserveAspectRatio=\"none\" width=\"100%\" height=\"100%\">\r\n\t<path fill=\"currentColor\" d=\"M64 8 L0 8 L0 0 L20 7.9 L40 3 L48 5 L64 0 Z\"\/>\r\n<\/svg><\/div><div class=\"l-section-shape type_zigzag pos_bottom\" style=\"height:3vmin;\"><svg xmlns=\"http:\/\/www.w3.org\/2000\/svg\" viewBox=\"0 0 64 8\" preserveAspectRatio=\"none\" width=\"100%\" height=\"100%\">\r\n\t<path fill=\"currentColor\" d=\"M64 8 L0 8 L0 0 L20 7.9 L40 3 L48 5 L64 0 Z\"\/>\r\n<\/svg><\/div><div class=\"l-section-h i-cf\"><div class=\"g-cols vc_row via_flex valign_top type_default stacking_default\"><div class=\"vc_col-sm-12 wpb_column vc_column_container\"><div class=\"vc_column-inner\"><div class=\"wpb_wrapper\"><div class=\"wpb_text_column\"><div class=\"wpb_wrapper\"><h2 style=\"text-align: center;\">Le flamenco \u00e0 la juste distance<\/h2>\n<p style=\"text-align: center;\">L\u2019exp\u00e9rience de Baraka Sala Flamenca se comprend mieux par la proximit\u00e9. La capacit\u00e9 de 48 personnes, la formation de quatre artistes et l\u2019absence de d\u00eener pendant la repr\u00e9sentation dirigent l\u2019attention vers le chant, la guitare et la danse. La calle Pureza et Triana apportent le cadre ; le dialogue du cuadro apporte le contenu.<\/p>\n<p style=\"text-align: center;\">Consultez les s\u00e9ances disponibles pour votre date, arrivez 15 \u00e0 20 minutes \u00e0 l\u2019avance et organisez le reste de la soir\u00e9e autour du spectacle. Vous pourrez ainsi profiter du quartier sans vous presser et entrer dans la salle pr\u00eat \u00e0 \u00e9couter.<\/p>\n<\/div><\/div><div class=\"w-separator size_medium\"><\/div><div class=\"w-hwrapper valign_top wrap stack_on_mobiles align_center\" style=\"--hwrapper-gap:1.2rem\"><div class=\"w-btn-wrapper align_none\"><a class=\"w-btn us-btn-style_1\" href=\"https:\/\/www.tablaosflamencos.com\/fr\/tablao\/baraka-sala-flamenca\"><span class=\"w-btn-label\">Voir les billets pour Baraka<\/span><\/a><\/div><div class=\"w-btn-wrapper align_none\"><a class=\"w-btn us-btn-style_1\" href=\"https:\/\/www.tablaosflamencos.com\/fr\/flamenco-a-triana\"><span class=\"w-btn-label\">Comparer les tablaos \u00e0 Triana<\/span><\/a><\/div><\/div><\/div><\/div><\/div><\/div><\/div><\/section><section class=\"l-section wpb_row height_huge\"><div class=\"l-section-h i-cf\"><div class=\"g-cols vc_row via_flex valign_top type_default stacking_default\"><div class=\"vc_col-sm-1\/5 wpb_column vc_column_container\"><div class=\"vc_column-inner\"><div class=\"wpb_wrapper\"><\/div><\/div><\/div><div class=\"vc_col-sm-3\/5 wpb_column vc_column_container\"><div class=\"vc_column-inner\"><div class=\"wpb_wrapper\"><div class=\"wpb_text_column\"><div class=\"wpb_wrapper\"><h2 id=\"faq\">Questions fr\u00e9quentes sur Baraka Sala Flamenca<\/h2>\n<\/div><\/div><div class=\"w-separator size_medium\"><\/div><div class=\"w-tabs accordion toggle_style_1\" style=\"--sections-title-size:inherit;--sections-gap:0.5rem;\"><div class=\"w-tabs-sections titles-align_none icon_chevron cpos_right\"><div class=\"w-tabs-section\" id=\"o85d\" itemscope itemprop=\"mainEntity\" itemtype=\"https:\/\/schema.org\/Question\"><button type=\"button\" class=\"w-tabs-section-header\" aria-controls=\"content-o85d\" aria-expanded=\"false\"><div class=\"w-tabs-section-title\" itemprop=\"name\">O\u00f9 se trouve Baraka Sala Flamenca ?<\/div><div class=\"w-tabs-section-control\"><\/div><\/button><div  class=\"w-tabs-section-content\" id=\"content-o85d\" itemscope itemprop=\"acceptedAnswer\" itemtype=\"https:\/\/schema.org\/Answer\"><div class=\"w-tabs-section-content-h i-cf\" itemprop=\"text\"><div class=\"wpb_text_column\"><div class=\"wpb_wrapper\"><p>Baraka Sala Flamenca se trouve calle Pureza 107, dans le quartier de Triana \u00e0 S\u00e9ville. La salle est situ\u00e9e \u00e0 peu de distance de l\u2019Altozano, de la calle Betis, du Guadalquivir et de la paroisse Santa Ana.<\/p>\n<\/div><\/div><\/div><\/div><\/div><div class=\"w-tabs-section\" id=\"c979\" itemscope itemprop=\"mainEntity\" itemtype=\"https:\/\/schema.org\/Question\"><button type=\"button\" class=\"w-tabs-section-header\" aria-controls=\"content-c979\" aria-expanded=\"false\"><div class=\"w-tabs-section-title\" itemprop=\"name\">Combien de temps dure le spectacle de Baraka ?<\/div><div class=\"w-tabs-section-control\"><\/div><\/button><div  class=\"w-tabs-section-content\" id=\"content-c979\" itemscope itemprop=\"acceptedAnswer\" itemtype=\"https:\/\/schema.org\/Answer\"><div class=\"w-tabs-section-content-h i-cf\" itemprop=\"text\"><div class=\"wpb_text_column\"><div class=\"wpb_wrapper\"><p>Le spectacle dure environ 60 minutes. Il est conseill\u00e9 d\u2019arriver 15 \u00e0 20 minutes \u00e0 l\u2019avance afin d\u2019entrer et de s\u2019installer tranquillement.<\/p>\n<\/div><\/div><\/div><\/div><\/div><div class=\"w-tabs-section\" id=\"ma73\" itemscope itemprop=\"mainEntity\" itemtype=\"https:\/\/schema.org\/Question\"><button type=\"button\" class=\"w-tabs-section-header\" aria-controls=\"content-ma73\" aria-expanded=\"false\"><div class=\"w-tabs-section-title\" itemprop=\"name\">Combien d\u2019artistes se produisent \u00e0 Baraka Sala Flamenca ?<\/div><div class=\"w-tabs-section-control\"><\/div><\/button><div  class=\"w-tabs-section-content\" id=\"content-ma73\" itemscope itemprop=\"acceptedAnswer\" itemtype=\"https:\/\/schema.org\/Answer\"><div class=\"w-tabs-section-content-h i-cf\" itemprop=\"text\"><div class=\"wpb_text_column\"><div class=\"wpb_wrapper\"><p>La formation habituelle se compose de quatre artistes : une voix au chant, un guitariste, un danseur et une danseuse. Le cuadro pr\u00e9sente du chant, de la guitare et de la danse en direct.<\/p>\n<\/div><\/div><\/div><\/div><\/div><div class=\"w-tabs-section\" id=\"hb5a\" itemscope itemprop=\"mainEntity\" itemtype=\"https:\/\/schema.org\/Question\"><button type=\"button\" class=\"w-tabs-section-header\" aria-controls=\"content-hb5a\" aria-expanded=\"false\"><div class=\"w-tabs-section-title\" itemprop=\"name\">Que comprend le billet de Baraka ?<\/div><div class=\"w-tabs-section-control\"><\/div><\/button><div  class=\"w-tabs-section-content\" id=\"content-hb5a\" itemscope itemprop=\"acceptedAnswer\" itemtype=\"https:\/\/schema.org\/Answer\"><div class=\"w-tabs-section-content-h i-cf\" itemprop=\"text\"><div class=\"wpb_text_column\"><div class=\"wpb_wrapper\"><p>Le billet comprend le spectacle de flamenco et une boisson. Les formules disponibles, les prix et les horaires doivent \u00eatre v\u00e9rifi\u00e9s lors de la s\u00e9lection de la date.<\/p>\n<\/div><\/div><\/div><\/div><\/div><div class=\"w-tabs-section\" id=\"qc27\" itemscope itemprop=\"mainEntity\" itemtype=\"https:\/\/schema.org\/Question\"><button type=\"button\" class=\"w-tabs-section-header\" aria-controls=\"content-qc27\" aria-expanded=\"false\"><div class=\"w-tabs-section-title\" itemprop=\"name\">Peut-on d\u00eener pendant le spectacle ?<\/div><div class=\"w-tabs-section-control\"><\/div><\/button><div  class=\"w-tabs-section-content\" id=\"content-qc27\" itemscope itemprop=\"acceptedAnswer\" itemtype=\"https:\/\/schema.org\/Answer\"><div class=\"w-tabs-section-content-h i-cf\" itemprop=\"text\"><div class=\"wpb_text_column\"><div class=\"wpb_wrapper\"><p>Le d\u00eener n\u2019est pas compris dans le billet ; la salle sert des boissons. Vous pouvez manger avant ou apr\u00e8s \u00e0 Triana et consacrer l\u2019heure de la repr\u00e9sentation au spectacle.<\/p>\n<\/div><\/div><\/div><\/div><\/div><div class=\"w-tabs-section\" id=\"ncf1\" itemscope itemprop=\"mainEntity\" itemtype=\"https:\/\/schema.org\/Question\"><button type=\"button\" class=\"w-tabs-section-header\" aria-controls=\"content-ncf1\" aria-expanded=\"false\"><div class=\"w-tabs-section-title\" itemprop=\"name\">Les enfants peuvent-ils assister au spectacle de Baraka Sala Flamenca ?<\/div><div class=\"w-tabs-section-control\"><\/div><\/button><div  class=\"w-tabs-section-content\" id=\"content-ncf1\" itemscope itemprop=\"acceptedAnswer\" itemtype=\"https:\/\/schema.org\/Answer\"><div class=\"w-tabs-section-content-h i-cf\" itemprop=\"text\"><div class=\"wpb_text_column\"><div class=\"wpb_wrapper\"><p>La fiche de r\u00e9servation autorise les enfants \u00e0 partir de 4 ans et propose un billet enfant. Ils doivent \u00eatre accompagn\u00e9s d\u2019un adulte et il convient de v\u00e9rifier les conditions de la date choisie.<\/p>\n<\/div><\/div><\/div><\/div><\/div><div class=\"w-tabs-section\" id=\"ydbd\" itemscope itemprop=\"mainEntity\" itemtype=\"https:\/\/schema.org\/Question\"><button type=\"button\" class=\"w-tabs-section-header\" aria-controls=\"content-ydbd\" aria-expanded=\"false\"><div class=\"w-tabs-section-title\" itemprop=\"name\">Baraka Sala Flamenca est-elle accessible ?<\/div><div class=\"w-tabs-section-control\"><\/div><\/button><div  class=\"w-tabs-section-content\" id=\"content-ydbd\" itemscope itemprop=\"acceptedAnswer\" itemtype=\"https:\/\/schema.org\/Answer\"><div class=\"w-tabs-section-content-h i-cf\" itemprop=\"text\"><div class=\"wpb_text_column\"><div class=\"wpb_wrapper\"><p>La salle est indiqu\u00e9e comme accessible. Si vous avez besoin d\u2019un emplacement pour fauteuil roulant ou d\u2019un autre am\u00e9nagement pr\u00e9cis, signalez-le lors de la r\u00e9servation afin que l\u2019acc\u00e8s puisse \u00eatre pr\u00e9par\u00e9 correctement.<\/p>\n<\/div><\/div><\/div><\/div><\/div><div class=\"w-tabs-section\" id=\"oea6\" itemscope itemprop=\"mainEntity\" itemtype=\"https:\/\/schema.org\/Question\"><button type=\"button\" class=\"w-tabs-section-header\" aria-controls=\"content-oea6\" aria-expanded=\"false\"><div class=\"w-tabs-section-title\" itemprop=\"name\">Faut-il r\u00e9server \u00e0 l\u2019avance ?<\/div><div class=\"w-tabs-section-control\"><\/div><\/button><div  class=\"w-tabs-section-content\" id=\"content-oea6\" itemscope itemprop=\"acceptedAnswer\" itemtype=\"https:\/\/schema.org\/Answer\"><div class=\"w-tabs-section-content-h i-cf\" itemprop=\"text\"><div class=\"wpb_text_column\"><div class=\"wpb_wrapper\"><p>C\u2019est recommand\u00e9. Baraka dispose de 48 places et certaines s\u00e9ances peuvent afficher complet. La r\u00e9servation en ligne permet de v\u00e9rifier les disponibilit\u00e9s, de choisir la s\u00e9ance et de recevoir le billet sur le t\u00e9l\u00e9phone.<\/p>\n<\/div><\/div><\/div><\/div><\/div><\/div><\/div><\/div><\/div><\/div><div class=\"vc_col-sm-1\/5 wpb_column vc_column_container\"><div class=\"vc_column-inner\"><div class=\"wpb_wrapper\"><\/div><\/div><\/div><\/div><\/div><\/section>\n","protected":false},"excerpt":{"rendered":"<p>D\u00e9couvrez Baraka Sala Flamenca, un tablao intimiste de la calle Pureza \u00e0 Triana, avec chant, guitare, danse et une boisson incluse.<\/p>\n","protected":false},"author":1,"featured_media":11530,"comment_status":"closed","ping_status":"closed","sticky":false,"template":"","format":"standard","meta":{"_acf_changed":false,"wpai_generated_summary":"","_ayudawp_aiss_exclude":false,"_ayudawp_aiss_exclude_summary":false,"_ayudawp_aiss_summary":"","_ayudawp_aiss_summary_provider":"","_ayudawp_aiss_summary_hash":"","footnotes":""},"categories":[348],"tags":[1150,1153,1156],"class_list":["post-14500","post","type-post","status-publish","format-standard","has-post-thumbnail","hentry","category-tablaos-et-spectacles-flamenco","tag-baraka-sala-flamenca","tag-calle-pureza","tag-flamenco-en-triana"],"acf":[],"yoast_head":"<!-- This site is optimized with the Yoast SEO Premium plugin v28.4 (Yoast SEO v28.4) - https:\/\/yoast.com\/product\/yoast-seo-premium-wordpress\/ -->\n<title>Baraka Sala Flamenca : flamenco intimiste \u00e0 Triana | Tablaos Flamencos<\/title>\n<meta name=\"description\" content=\"D\u00e9couvrez Baraka Sala Flamenca dans la calle Pureza : spectacle intimiste \u00e0 Triana, quatre artistes, une heure de flamenco et une boisson incluse.\" \/>\n<meta name=\"robots\" content=\"index, follow, max-snippet:-1, max-image-preview:large, max-video-preview:-1\" \/>\n<link rel=\"canonical\" href=\"https:\/\/www.tablaosflamencos.com\/fr\/baraka-sala-flamenca-flamenco-intimiste-calle-pureza.html\" \/>\n<meta property=\"og:locale\" content=\"fr_FR\" \/>\n<meta property=\"og:type\" content=\"article\" \/>\n<meta property=\"og:title\" content=\"Baraka Sala Flamenca : flamenco intimiste dans la calle Pureza\" \/>\n<meta property=\"og:description\" content=\"D\u00e9couvrez Baraka Sala Flamenca dans la calle Pureza : spectacle intimiste \u00e0 Triana, quatre artistes, une heure de flamenco et une boisson incluse.\" \/>\n<meta property=\"og:url\" content=\"https:\/\/www.tablaosflamencos.com\/fr\/baraka-sala-flamenca-flamenco-intimiste-calle-pureza.html\" \/>\n<meta property=\"og:site_name\" content=\"Tablaos Flamencos\" \/>\n<meta property=\"article:publisher\" content=\"https:\/\/www.facebook.com\/tablaosflamencos\" \/>\n<meta property=\"article:published_time\" content=\"2026-09-04T15:20:37+00:00\" \/>\n<meta property=\"article:modified_time\" content=\"2026-09-04T17:09:23+00:00\" \/>\n<meta property=\"og:image\" content=\"https:\/\/www.tablaosflamencos.com\/wp-content\/uploads\/baraka-sala-flamenca-01-2.webp\" \/>\n\t<meta property=\"og:image:width\" content=\"1920\" \/>\n\t<meta property=\"og:image:height\" content=\"1281\" \/>\n\t<meta property=\"og:image:type\" content=\"image\/webp\" \/>\n<meta name=\"author\" content=\"Miguel Ortiz\" \/>\n<meta name=\"twitter:card\" content=\"summary_large_image\" \/>\n<meta name=\"twitter:creator\" content=\"@tablaosflamenco\" \/>\n<meta name=\"twitter:site\" content=\"@tablaosflamenco\" \/>\n<meta name=\"twitter:label1\" content=\"\u00c9crit par\" \/>\n\t<meta name=\"twitter:data1\" content=\"Miguel Ortiz\" \/>\n\t<meta name=\"twitter:label2\" content=\"Dur\u00e9e de lecture estim\u00e9e\" \/>\n\t<meta name=\"twitter:data2\" content=\"21 minutes\" \/>\n<script type=\"application\/ld+json\" class=\"yoast-schema-graph\">{\"@context\":\"https:\\\/\\\/schema.org\",\"@graph\":[{\"@type\":\"Article\",\"@id\":\"https:\\\/\\\/www.tablaosflamencos.com\\\/fr\\\/baraka-sala-flamenca-flamenco-intimiste-calle-pureza.html#article\",\"isPartOf\":{\"@id\":\"https:\\\/\\\/www.tablaosflamencos.com\\\/fr\\\/baraka-sala-flamenca-flamenco-intimiste-calle-pureza.html\"},\"author\":{\"name\":\"Miguel Ortiz\",\"@id\":\"https:\\\/\\\/www.tablaosflamencos.com\\\/fr#\\\/schema\\\/person\\\/e7a9ebe14eb75a52ceabfbffb3c54f5d\"},\"headline\":\"Baraka Sala Flamenca : flamenco intimiste dans la calle Pureza\",\"datePublished\":\"2026-09-04T15:20:37+00:00\",\"dateModified\":\"2026-09-04T17:09:23+00:00\",\"mainEntityOfPage\":{\"@id\":\"https:\\\/\\\/www.tablaosflamencos.com\\\/fr\\\/baraka-sala-flamenca-flamenco-intimiste-calle-pureza.html\"},\"wordCount\":4109,\"publisher\":{\"@id\":\"https:\\\/\\\/www.tablaosflamencos.com\\\/fr#organization\"},\"image\":{\"@id\":\"https:\\\/\\\/www.tablaosflamencos.com\\\/fr\\\/baraka-sala-flamenca-flamenco-intimiste-calle-pureza.html#primaryimage\"},\"thumbnailUrl\":\"https:\\\/\\\/www.tablaosflamencos.com\\\/wp-content\\\/uploads\\\/baraka-sala-flamenca-01-2.webp\",\"keywords\":[\"Baraka Sala Flamenca\",\"calle Pureza\",\"flamenco en Triana\"],\"articleSection\":[\"Tablaos et spectacles flamenco\"],\"inLanguage\":\"fr-FR\"},{\"@type\":\"WebPage\",\"@id\":\"https:\\\/\\\/www.tablaosflamencos.com\\\/fr\\\/baraka-sala-flamenca-flamenco-intimiste-calle-pureza.html\",\"url\":\"https:\\\/\\\/www.tablaosflamencos.com\\\/fr\\\/baraka-sala-flamenca-flamenco-intimiste-calle-pureza.html\",\"name\":\"Baraka Sala Flamenca : flamenco intimiste \u00e0 Triana | Tablaos Flamencos\",\"isPartOf\":{\"@id\":\"https:\\\/\\\/www.tablaosflamencos.com\\\/fr#website\"},\"primaryImageOfPage\":{\"@id\":\"https:\\\/\\\/www.tablaosflamencos.com\\\/fr\\\/baraka-sala-flamenca-flamenco-intimiste-calle-pureza.html#primaryimage\"},\"image\":{\"@id\":\"https:\\\/\\\/www.tablaosflamencos.com\\\/fr\\\/baraka-sala-flamenca-flamenco-intimiste-calle-pureza.html#primaryimage\"},\"thumbnailUrl\":\"https:\\\/\\\/www.tablaosflamencos.com\\\/wp-content\\\/uploads\\\/baraka-sala-flamenca-01-2.webp\",\"datePublished\":\"2026-09-04T15:20:37+00:00\",\"dateModified\":\"2026-09-04T17:09:23+00:00\",\"description\":\"D\u00e9couvrez Baraka Sala Flamenca dans la calle Pureza : spectacle intimiste \u00e0 Triana, quatre artistes, une heure de flamenco et une boisson incluse.\",\"breadcrumb\":{\"@id\":\"https:\\\/\\\/www.tablaosflamencos.com\\\/fr\\\/baraka-sala-flamenca-flamenco-intimiste-calle-pureza.html#breadcrumb\"},\"inLanguage\":\"fr-FR\",\"potentialAction\":[{\"@type\":\"ReadAction\",\"target\":[\"https:\\\/\\\/www.tablaosflamencos.com\\\/fr\\\/baraka-sala-flamenca-flamenco-intimiste-calle-pureza.html\"]}]},{\"@type\":\"ImageObject\",\"inLanguage\":\"fr-FR\",\"@id\":\"https:\\\/\\\/www.tablaosflamencos.com\\\/fr\\\/baraka-sala-flamenca-flamenco-intimiste-calle-pureza.html#primaryimage\",\"url\":\"https:\\\/\\\/www.tablaosflamencos.com\\\/wp-content\\\/uploads\\\/baraka-sala-flamenca-01-2.webp\",\"contentUrl\":\"https:\\\/\\\/www.tablaosflamencos.com\\\/wp-content\\\/uploads\\\/baraka-sala-flamenca-01-2.webp\",\"width\":1920,\"height\":1281,\"caption\":\"Baraka Sala Flamenca - Baraka Flamenco show | Tablaos Flamencos\"},{\"@type\":\"BreadcrumbList\",\"@id\":\"https:\\\/\\\/www.tablaosflamencos.com\\\/fr\\\/baraka-sala-flamenca-flamenco-intimiste-calle-pureza.html#breadcrumb\",\"itemListElement\":[{\"@type\":\"ListItem\",\"position\":1,\"name\":\"Home\",\"item\":\"https:\\\/\\\/www.tablaosflamencos.com\\\/fr\"},{\"@type\":\"ListItem\",\"position\":2,\"name\":\"Baraka Sala Flamenca : flamenco intimiste dans la calle Pureza\"}]},{\"@type\":\"WebSite\",\"@id\":\"https:\\\/\\\/www.tablaosflamencos.com\\\/fr#website\",\"url\":\"https:\\\/\\\/www.tablaosflamencos.com\\\/fr\",\"name\":\"Tablaos Flamencos\",\"description\":\"Entradas para tablaos flamencos de Espa\u00f1a\",\"publisher\":{\"@id\":\"https:\\\/\\\/www.tablaosflamencos.com\\\/fr#organization\"},\"alternateName\":\"Tablaos Flamencos\",\"potentialAction\":[{\"@type\":\"SearchAction\",\"target\":{\"@type\":\"EntryPoint\",\"urlTemplate\":\"https:\\\/\\\/www.tablaosflamencos.com\\\/fr?s={search_term_string}\"},\"query-input\":{\"@type\":\"PropertyValueSpecification\",\"valueRequired\":true,\"valueName\":\"search_term_string\"}}],\"inLanguage\":\"fr-FR\"},{\"@type\":[\"Organization\",\"Place\",\"EntertainmentBusiness\"],\"@id\":\"https:\\\/\\\/www.tablaosflamencos.com\\\/fr#organization\",\"name\":\"Tablaos Flamencos\",\"alternateName\":\"Tablaos Flamencos\",\"url\":\"https:\\\/\\\/www.tablaosflamencos.com\\\/fr\",\"logo\":{\"@id\":\"https:\\\/\\\/www.tablaosflamencos.com\\\/fr\\\/baraka-sala-flamenca-flamenco-intimiste-calle-pureza.html#local-main-organization-logo\"},\"image\":{\"@id\":\"https:\\\/\\\/www.tablaosflamencos.com\\\/fr\\\/baraka-sala-flamenca-flamenco-intimiste-calle-pureza.html#local-main-organization-logo\"},\"sameAs\":[\"https:\\\/\\\/www.facebook.com\\\/tablaosflamencos\",\"https:\\\/\\\/x.com\\\/tablaosflamenco\",\"https:\\\/\\\/mastodon.social\\\/@tablaosflamencos\",\"https:\\\/\\\/www.instagram.com\\\/tablaosflamencos\",\"https:\\\/\\\/tiktok.com\\\/@tablaosflamencos\",\"https:\\\/\\\/www.linkedin.com\\\/company\\\/109408238\\\/\"],\"description\":\"Venta de entradas para espect\u00e1culos flamencos\",\"legalName\":\"Tablaos Flamencos\",\"foundingDate\":\"2015-01-01\",\"numberOfEmployees\":{\"@type\":\"QuantitativeValue\",\"minValue\":\"1\",\"maxValue\":\"10\"},\"address\":{\"@id\":\"https:\\\/\\\/www.tablaosflamencos.com\\\/fr\\\/baraka-sala-flamenca-flamenco-intimiste-calle-pureza.html#local-main-place-address\"},\"geo\":{\"@type\":\"GeoCoordinates\",\"latitude\":\"37.3868072\",\"longitude\":\"-5.993280299999999\"},\"telephone\":[\"+34623787787\"],\"contactPoint\":{\"@type\":\"ContactPoint\",\"telephone\":\"+34623787787\",\"email\":\"info@tablaosflamencos.com\"},\"openingHoursSpecification\":{\"@type\":\"OpeningHoursSpecification\",\"dayOfWeek\":[\"Monday\",\"Tuesday\",\"Wednesday\",\"Thursday\",\"Friday\",\"Saturday\",\"Sunday\"],\"opens\":\"00:00\",\"closes\":\"23:59\"},\"email\":\"info@tablaosflamencos.com\",\"priceRange\":\"$$$\",\"currenciesAccepted\":\"\u20ac\"},{\"@type\":\"Person\",\"@id\":\"https:\\\/\\\/www.tablaosflamencos.com\\\/fr#\\\/schema\\\/person\\\/e7a9ebe14eb75a52ceabfbffb3c54f5d\",\"name\":\"Miguel Ortiz\",\"description\":\"Miguel Ortiz es un empresario flamenco, con una s\u00f3lida trayectoria dentro del sector. Ha presidido entidades culturales vinculadas al flamenco y, cuenta con un amplio recorrido profesional en la gesti\u00f3n y promoci\u00f3n de espect\u00e1culos y tablaos flamencos. Su pasi\u00f3n por la historia y el arte flamenco se refleja en cada art\u00edculo, donde combina experiencia, criterio y un profundo respeto por la tradici\u00f3n.\",\"sameAs\":[\"https:\\\/\\\/www.tablaosflamencos.com\",\"https:\\\/\\\/www.instagra.com\\\/miguelortizfe\",\"https:\\\/\\\/www.linkedin.com\\\/in\\\/miguelortizf\\\/\"],\"birthDate\":\"1984-11-22\",\"gender\":\"hombre\",\"knowsLanguage\":[\"espa\u00f1ol\",\"ingl\u00e9s\"],\"jobTitle\":\"Empresario flamenco\"},{\"@type\":\"PostalAddress\",\"@id\":\"https:\\\/\\\/www.tablaosflamencos.com\\\/fr\\\/baraka-sala-flamenca-flamenco-intimiste-calle-pureza.html#local-main-place-address\",\"streetAddress\":\"C\\\/ Alemanes, 19\",\"addressLocality\":\"Sevilla\",\"postalCode\":\"41004\",\"addressRegion\":\"Sevilla\",\"addressCountry\":\"ES\"},{\"@type\":\"ImageObject\",\"inLanguage\":\"fr-FR\",\"@id\":\"https:\\\/\\\/www.tablaosflamencos.com\\\/fr\\\/baraka-sala-flamenca-flamenco-intimiste-calle-pureza.html#local-main-organization-logo\",\"url\":\"https:\\\/\\\/www.tablaosflamencos.com\\\/wp-content\\\/uploads\\\/tablaos-flamencos-06-3.webp\",\"contentUrl\":\"https:\\\/\\\/www.tablaosflamencos.com\\\/wp-content\\\/uploads\\\/tablaos-flamencos-06-3.webp\",\"width\":600,\"height\":620,\"caption\":\"Tablaos Flamencos\"}]}<\/script>\n<meta name=\"geo.placename\" content=\"Sevilla\" \/>\n<meta name=\"geo.position\" content=\"37.3868072;-5.993280299999999\" \/>\n<meta name=\"geo.region\" content=\"Espagne\" \/>\n<!-- \/ Yoast SEO Premium plugin. -->","yoast_head_json":{"title":"Baraka Sala Flamenca : flamenco intimiste \u00e0 Triana | Tablaos Flamencos","description":"D\u00e9couvrez Baraka Sala Flamenca dans la calle Pureza : spectacle intimiste \u00e0 Triana, quatre artistes, une heure de flamenco et une boisson incluse.","robots":{"index":"index","follow":"follow","max-snippet":"max-snippet:-1","max-image-preview":"max-image-preview:large","max-video-preview":"max-video-preview:-1"},"canonical":"https:\/\/www.tablaosflamencos.com\/fr\/baraka-sala-flamenca-flamenco-intimiste-calle-pureza.html","og_locale":"fr_FR","og_type":"article","og_title":"Baraka Sala Flamenca : flamenco intimiste dans la calle Pureza","og_description":"D\u00e9couvrez Baraka Sala Flamenca dans la calle Pureza : spectacle intimiste \u00e0 Triana, quatre artistes, une heure de flamenco et une boisson incluse.","og_url":"https:\/\/www.tablaosflamencos.com\/fr\/baraka-sala-flamenca-flamenco-intimiste-calle-pureza.html","og_site_name":"Tablaos Flamencos","article_publisher":"https:\/\/www.facebook.com\/tablaosflamencos","article_published_time":"2026-09-04T15:20:37+00:00","article_modified_time":"2026-09-04T17:09:23+00:00","og_image":[{"width":1920,"height":1281,"url":"https:\/\/www.tablaosflamencos.com\/wp-content\/uploads\/baraka-sala-flamenca-01-2.webp","type":"image\/webp"}],"author":"Miguel Ortiz","twitter_card":"summary_large_image","twitter_creator":"@tablaosflamenco","twitter_site":"@tablaosflamenco","twitter_misc":{"\u00c9crit par":"Miguel Ortiz","Dur\u00e9e de lecture estim\u00e9e":"21 minutes"},"schema":{"@context":"https:\/\/schema.org","@graph":[{"@type":"Article","@id":"https:\/\/www.tablaosflamencos.com\/fr\/baraka-sala-flamenca-flamenco-intimiste-calle-pureza.html#article","isPartOf":{"@id":"https:\/\/www.tablaosflamencos.com\/fr\/baraka-sala-flamenca-flamenco-intimiste-calle-pureza.html"},"author":{"name":"Miguel Ortiz","@id":"https:\/\/www.tablaosflamencos.com\/fr#\/schema\/person\/e7a9ebe14eb75a52ceabfbffb3c54f5d"},"headline":"Baraka Sala Flamenca : flamenco intimiste dans la calle Pureza","datePublished":"2026-09-04T15:20:37+00:00","dateModified":"2026-09-04T17:09:23+00:00","mainEntityOfPage":{"@id":"https:\/\/www.tablaosflamencos.com\/fr\/baraka-sala-flamenca-flamenco-intimiste-calle-pureza.html"},"wordCount":4109,"publisher":{"@id":"https:\/\/www.tablaosflamencos.com\/fr#organization"},"image":{"@id":"https:\/\/www.tablaosflamencos.com\/fr\/baraka-sala-flamenca-flamenco-intimiste-calle-pureza.html#primaryimage"},"thumbnailUrl":"https:\/\/www.tablaosflamencos.com\/wp-content\/uploads\/baraka-sala-flamenca-01-2.webp","keywords":["Baraka Sala Flamenca","calle Pureza","flamenco en Triana"],"articleSection":["Tablaos et spectacles flamenco"],"inLanguage":"fr-FR"},{"@type":"WebPage","@id":"https:\/\/www.tablaosflamencos.com\/fr\/baraka-sala-flamenca-flamenco-intimiste-calle-pureza.html","url":"https:\/\/www.tablaosflamencos.com\/fr\/baraka-sala-flamenca-flamenco-intimiste-calle-pureza.html","name":"Baraka Sala Flamenca : flamenco intimiste \u00e0 Triana | Tablaos Flamencos","isPartOf":{"@id":"https:\/\/www.tablaosflamencos.com\/fr#website"},"primaryImageOfPage":{"@id":"https:\/\/www.tablaosflamencos.com\/fr\/baraka-sala-flamenca-flamenco-intimiste-calle-pureza.html#primaryimage"},"image":{"@id":"https:\/\/www.tablaosflamencos.com\/fr\/baraka-sala-flamenca-flamenco-intimiste-calle-pureza.html#primaryimage"},"thumbnailUrl":"https:\/\/www.tablaosflamencos.com\/wp-content\/uploads\/baraka-sala-flamenca-01-2.webp","datePublished":"2026-09-04T15:20:37+00:00","dateModified":"2026-09-04T17:09:23+00:00","description":"D\u00e9couvrez Baraka Sala Flamenca dans la calle Pureza : spectacle intimiste \u00e0 Triana, quatre artistes, une heure de flamenco et une boisson incluse.","breadcrumb":{"@id":"https:\/\/www.tablaosflamencos.com\/fr\/baraka-sala-flamenca-flamenco-intimiste-calle-pureza.html#breadcrumb"},"inLanguage":"fr-FR","potentialAction":[{"@type":"ReadAction","target":["https:\/\/www.tablaosflamencos.com\/fr\/baraka-sala-flamenca-flamenco-intimiste-calle-pureza.html"]}]},{"@type":"ImageObject","inLanguage":"fr-FR","@id":"https:\/\/www.tablaosflamencos.com\/fr\/baraka-sala-flamenca-flamenco-intimiste-calle-pureza.html#primaryimage","url":"https:\/\/www.tablaosflamencos.com\/wp-content\/uploads\/baraka-sala-flamenca-01-2.webp","contentUrl":"https:\/\/www.tablaosflamencos.com\/wp-content\/uploads\/baraka-sala-flamenca-01-2.webp","width":1920,"height":1281,"caption":"Baraka Sala Flamenca - Baraka Flamenco show | Tablaos Flamencos"},{"@type":"BreadcrumbList","@id":"https:\/\/www.tablaosflamencos.com\/fr\/baraka-sala-flamenca-flamenco-intimiste-calle-pureza.html#breadcrumb","itemListElement":[{"@type":"ListItem","position":1,"name":"Home","item":"https:\/\/www.tablaosflamencos.com\/fr"},{"@type":"ListItem","position":2,"name":"Baraka Sala Flamenca : flamenco intimiste dans la calle Pureza"}]},{"@type":"WebSite","@id":"https:\/\/www.tablaosflamencos.com\/fr#website","url":"https:\/\/www.tablaosflamencos.com\/fr","name":"Tablaos Flamencos","description":"Entradas para tablaos flamencos de Espa\u00f1a","publisher":{"@id":"https:\/\/www.tablaosflamencos.com\/fr#organization"},"alternateName":"Tablaos Flamencos","potentialAction":[{"@type":"SearchAction","target":{"@type":"EntryPoint","urlTemplate":"https:\/\/www.tablaosflamencos.com\/fr?s={search_term_string}"},"query-input":{"@type":"PropertyValueSpecification","valueRequired":true,"valueName":"search_term_string"}}],"inLanguage":"fr-FR"},{"@type":["Organization","Place","EntertainmentBusiness"],"@id":"https:\/\/www.tablaosflamencos.com\/fr#organization","name":"Tablaos Flamencos","alternateName":"Tablaos Flamencos","url":"https:\/\/www.tablaosflamencos.com\/fr","logo":{"@id":"https:\/\/www.tablaosflamencos.com\/fr\/baraka-sala-flamenca-flamenco-intimiste-calle-pureza.html#local-main-organization-logo"},"image":{"@id":"https:\/\/www.tablaosflamencos.com\/fr\/baraka-sala-flamenca-flamenco-intimiste-calle-pureza.html#local-main-organization-logo"},"sameAs":["https:\/\/www.facebook.com\/tablaosflamencos","https:\/\/x.com\/tablaosflamenco","https:\/\/mastodon.social\/@tablaosflamencos","https:\/\/www.instagram.com\/tablaosflamencos","https:\/\/tiktok.com\/@tablaosflamencos","https:\/\/www.linkedin.com\/company\/109408238\/"],"description":"Venta de entradas para espect\u00e1culos flamencos","legalName":"Tablaos Flamencos","foundingDate":"2015-01-01","numberOfEmployees":{"@type":"QuantitativeValue","minValue":"1","maxValue":"10"},"address":{"@id":"https:\/\/www.tablaosflamencos.com\/fr\/baraka-sala-flamenca-flamenco-intimiste-calle-pureza.html#local-main-place-address"},"geo":{"@type":"GeoCoordinates","latitude":"37.3868072","longitude":"-5.993280299999999"},"telephone":["+34623787787"],"contactPoint":{"@type":"ContactPoint","telephone":"+34623787787","email":"info@tablaosflamencos.com"},"openingHoursSpecification":{"@type":"OpeningHoursSpecification","dayOfWeek":["Monday","Tuesday","Wednesday","Thursday","Friday","Saturday","Sunday"],"opens":"00:00","closes":"23:59"},"email":"info@tablaosflamencos.com","priceRange":"$$$","currenciesAccepted":"\u20ac"},{"@type":"Person","@id":"https:\/\/www.tablaosflamencos.com\/fr#\/schema\/person\/e7a9ebe14eb75a52ceabfbffb3c54f5d","name":"Miguel Ortiz","description":"Miguel Ortiz es un empresario flamenco, con una s\u00f3lida trayectoria dentro del sector. Ha presidido entidades culturales vinculadas al flamenco y, cuenta con un amplio recorrido profesional en la gesti\u00f3n y promoci\u00f3n de espect\u00e1culos y tablaos flamencos. Su pasi\u00f3n por la historia y el arte flamenco se refleja en cada art\u00edculo, donde combina experiencia, criterio y un profundo respeto por la tradici\u00f3n.","sameAs":["https:\/\/www.tablaosflamencos.com","https:\/\/www.instagra.com\/miguelortizfe","https:\/\/www.linkedin.com\/in\/miguelortizf\/"],"birthDate":"1984-11-22","gender":"hombre","knowsLanguage":["espa\u00f1ol","ingl\u00e9s"],"jobTitle":"Empresario flamenco"},{"@type":"PostalAddress","@id":"https:\/\/www.tablaosflamencos.com\/fr\/baraka-sala-flamenca-flamenco-intimiste-calle-pureza.html#local-main-place-address","streetAddress":"C\/ Alemanes, 19","addressLocality":"Sevilla","postalCode":"41004","addressRegion":"Sevilla","addressCountry":"ES"},{"@type":"ImageObject","inLanguage":"fr-FR","@id":"https:\/\/www.tablaosflamencos.com\/fr\/baraka-sala-flamenca-flamenco-intimiste-calle-pureza.html#local-main-organization-logo","url":"https:\/\/www.tablaosflamencos.com\/wp-content\/uploads\/tablaos-flamencos-06-3.webp","contentUrl":"https:\/\/www.tablaosflamencos.com\/wp-content\/uploads\/tablaos-flamencos-06-3.webp","width":600,"height":620,"caption":"Tablaos Flamencos"}]},"geo.placename":"Sevilla","geo.position":{"lat":"37.3868072","long":"-5.993280299999999"},"geo.region":"Espagne"},"_links":{"self":[{"href":"https:\/\/www.tablaosflamencos.com\/fr\/wp-json\/wp\/v2\/posts\/14500","targetHints":{"allow":["GET"]}}],"collection":[{"href":"https:\/\/www.tablaosflamencos.com\/fr\/wp-json\/wp\/v2\/posts"}],"about":[{"href":"https:\/\/www.tablaosflamencos.com\/fr\/wp-json\/wp\/v2\/types\/post"}],"author":[{"embeddable":true,"href":"https:\/\/www.tablaosflamencos.com\/fr\/wp-json\/wp\/v2\/users\/1"}],"replies":[{"embeddable":true,"href":"https:\/\/www.tablaosflamencos.com\/fr\/wp-json\/wp\/v2\/comments?post=14500"}],"version-history":[{"count":5,"href":"https:\/\/www.tablaosflamencos.com\/fr\/wp-json\/wp\/v2\/posts\/14500\/revisions"}],"predecessor-version":[{"id":14575,"href":"https:\/\/www.tablaosflamencos.com\/fr\/wp-json\/wp\/v2\/posts\/14500\/revisions\/14575"}],"wp:featuredmedia":[{"embeddable":true,"href":"https:\/\/www.tablaosflamencos.com\/fr\/wp-json\/wp\/v2\/media\/11530"}],"wp:attachment":[{"href":"https:\/\/www.tablaosflamencos.com\/fr\/wp-json\/wp\/v2\/media?parent=14500"}],"wp:term":[{"taxonomy":"category","embeddable":true,"href":"https:\/\/www.tablaosflamencos.com\/fr\/wp-json\/wp\/v2\/categories?post=14500"},{"taxonomy":"post_tag","embeddable":true,"href":"https:\/\/www.tablaosflamencos.com\/fr\/wp-json\/wp\/v2\/tags?post=14500"}],"curies":[{"name":"wp","href":"https:\/\/api.w.org\/{rel}","templated":true}]}}