{"id":14482,"date":"2026-01-30T18:17:22","date_gmt":"2026-01-30T17:17:22","guid":{"rendered":"https:\/\/www.tablaosflamencos.com\/?p=14482"},"modified":"2026-09-04T18:40:58","modified_gmt":"2026-09-04T16:40:58","slug":"centro-flamenco-seville-lieu-rencontre-flamenco","status":"publish","type":"post","link":"https:\/\/www.tablaosflamencos.com\/fr\/centro-flamenco-seville-lieu-rencontre-flamenco.html","title":{"rendered":"Quand le Centro Flamenco de Sevilla \u00e9tait un lieu de rencontre du flamenco dans la ville"},"content":{"rendered":"<section class=\"l-section wpb_row height_huge\"><div class=\"l-section-h i-cf\"><div class=\"g-cols vc_row via_flex valign_top type_default stacking_default\"><div class=\"vc_col-sm-6 wpb_column vc_column_container\"><div class=\"vc_column-inner\"><div class=\"wpb_wrapper\"><div class=\"wpb_text_column\"><div class=\"wpb_wrapper\"><h2>Quand le Centro Flamenco de Sevilla \u00e9tait un lieu de rencontre du flamenco dans la ville<\/h2>\n<p>Pendant un peu plus de deux ans, au num\u00e9ro 33 de la rue Francos, \u00e0 quelques minutes de la Cath\u00e9drale et de la Giralda, une petite salle a occup\u00e9 une place tr\u00e8s particuli\u00e8re dans l\u2019\u00e9cosyst\u00e8me flamenco de S\u00e9ville. Le <strong>Centro Flamenco de Sevilla<\/strong> a ouvert en 2022 comme un espace intime pour voir le chant, la danse et la guitare de pr\u00e8s, mais avec le temps il est devenu quelque chose de plus difficile \u00e0 mesurer : <strong>un lieu de rencontre pour les artistes, les professionnels du secteur, les aficionados et les visiteurs r\u00e9unis par une m\u00eame conversation autour du flamenco<\/strong>.<\/p>\n<p>Sa petite taille fut l\u2019une de ses principales marques d\u2019identit\u00e9. La documentation touristique municipale indiquait <strong>32 places<\/strong> et des s\u00e9ances quotidiennes \u00e0 18 h et 20 h. \u00c0 l\u2019int\u00e9rieur, le projet artistique recherchait une autre \u00e9chelle : une v\u00e9ritable proximit\u00e9, une interpr\u00e9tation acoustique et une relation directe entre la sc\u00e8ne et le public.<\/p>\n<p>Cette proximit\u00e9 faisait que de nombreux spectacles ne ressemblaient pas \u00e0 une repr\u00e9sentation observ\u00e9e \u00e0 distance, mais \u00e0 une exp\u00e9rience partag\u00e9e. Et lorsque la derni\u00e8re s\u00e9ance se terminait, une autre partie de la vie du centre commen\u00e7ait souvent : celle qui n\u2019apparaissait dans aucun programme.<\/p>\n<\/div><\/div><\/div><\/div><\/div><div class=\"vc_col-sm-6 wpb_column vc_column_container\"><div class=\"vc_column-inner\"><div class=\"wpb_wrapper\"><div class=\"w-image us_custom_8ec565b2 has_aspect_ratio align_center\"><div class=\"w-image-h\"><img fetchpriority=\"high\" decoding=\"async\" width=\"1024\" height=\"665\" src=\"https:\/\/www.tablaosflamencos.com\/wp-content\/uploads\/centro-flamenco-de-sevilla-01-21-1024x665.webp\" class=\"attachment-large size-large\" alt=\"Centro Flamenco de Sevilla\" loading=\"eager\" srcset=\"https:\/\/www.tablaosflamencos.com\/wp-content\/uploads\/centro-flamenco-de-sevilla-01-21-1024x665.webp 1024w, https:\/\/www.tablaosflamencos.com\/wp-content\/uploads\/centro-flamenco-de-sevilla-01-21-300x195.webp 300w, https:\/\/www.tablaosflamencos.com\/wp-content\/uploads\/centro-flamenco-de-sevilla-01-21-1536x997.webp 1536w, https:\/\/www.tablaosflamencos.com\/wp-content\/uploads\/centro-flamenco-de-sevilla-01-21-600x389.webp 600w, https:\/\/www.tablaosflamencos.com\/wp-content\/uploads\/centro-flamenco-de-sevilla-01-21-150x97.webp 150w, https:\/\/www.tablaosflamencos.com\/wp-content\/uploads\/centro-flamenco-de-sevilla-01-21.webp 1920w\" sizes=\"auto, (max-width: 1024px) 100vw, 1024px\" \/><\/div><\/div><\/div><\/div><\/div><\/div><\/div><\/section><section class=\"l-section wpb_row height_huge\"><div class=\"l-section-h i-cf\"><div class=\"g-cols vc_row via_flex valign_top type_default stacking_default\"><div class=\"vc_col-sm-6 wpb_column vc_column_container\"><div class=\"vc_column-inner\"><div class=\"wpb_wrapper\"><div class=\"w-image us_custom_89826a5b has_aspect_ratio align_center\"><div class=\"w-image-h\"><img decoding=\"async\" width=\"1024\" height=\"683\" src=\"https:\/\/www.tablaosflamencos.com\/wp-content\/uploads\/centro-flamenco-de-sevilla-01-42-1024x683.webp\" class=\"attachment-large size-large\" alt=\"Centro Flamenco de Sevilla\" loading=\"eager\" srcset=\"https:\/\/www.tablaosflamencos.com\/wp-content\/uploads\/centro-flamenco-de-sevilla-01-42-1024x683.webp 1024w, https:\/\/www.tablaosflamencos.com\/wp-content\/uploads\/centro-flamenco-de-sevilla-01-42-300x200.webp 300w, https:\/\/www.tablaosflamencos.com\/wp-content\/uploads\/centro-flamenco-de-sevilla-01-42-1536x1024.webp 1536w, https:\/\/www.tablaosflamencos.com\/wp-content\/uploads\/centro-flamenco-de-sevilla-01-42-600x400.webp 600w, https:\/\/www.tablaosflamencos.com\/wp-content\/uploads\/centro-flamenco-de-sevilla-01-42-150x100.webp 150w, https:\/\/www.tablaosflamencos.com\/wp-content\/uploads\/centro-flamenco-de-sevilla-01-42.webp 1920w\" sizes=\"auto, (max-width: 1024px) 100vw, 1024px\" \/><\/div><\/div><\/div><\/div><\/div><div class=\"vc_col-sm-6 wpb_column vc_column_container\"><div class=\"vc_column-inner\"><div class=\"wpb_wrapper\"><div class=\"wpb_text_column\"><div class=\"wpb_wrapper\"><h3>Une petite salle avec beaucoup de vie autour<\/h3>\n<ul>\n<li><strong>Fondation :<\/strong> 2022.<\/li>\n<li><strong>Emplacement :<\/strong> C\/ Francos, 33, en plein centre historique.<\/li>\n<li><strong>Capacit\u00e9 :<\/strong> 32 personnes selon la documentation touristique de S\u00e9ville.<\/li>\n<li><strong>Format :<\/strong> une salle intime et acoustique, sans besoin d\u2019amplification pour porter l\u2019exp\u00e9rience.<\/li>\n<li><strong>Direction :<\/strong> fond\u00e9 et dirig\u00e9 par Miguel Ortiz, responsable de la direction g\u00e9n\u00e9rale et artistique.<\/li>\n<li><strong>P\u00e9riode :<\/strong> un peu plus de deux ans d\u2019activit\u00e9, jusqu\u2019\u00e0 sa fermeture pour des questions d\u2019urbanisme affectant le local.<\/li>\n<li><strong>Identit\u00e9 :<\/strong> la coexistence d\u2019artistes confirm\u00e9s et de jeunes interpr\u00e8tes prometteurs.<\/li>\n<\/ul>\n<p><strong>Plus qu\u2019un tablao :<\/strong> la valeur du lieu ne r\u00e9sidait pas seulement dans ce qui se passait pendant l\u2019heure de spectacle, mais aussi dans les relations professionnelles et humaines qui se tissaient avant et apr\u00e8s chaque s\u00e9ance.<\/p>\n<\/div><\/div><\/div><\/div><\/div><\/div><\/div><\/section><section class=\"l-section wpb_row height_huge\"><div class=\"l-section-h i-cf\"><div class=\"g-cols vc_row via_flex valign_top type_default stacking_default\"><div class=\"vc_col-sm-12 wpb_column vc_column_container\"><div class=\"vc_column-inner\"><div class=\"wpb_wrapper\"><div class=\"w-grid us_post_list type_grid layout_gallery_default cols_5 preload_style_spinner items_have_ratio\" id=\"us_post_list_w98f\" style=\"--columns:5;--gap:0.5rem;--img-aspect-ratio:1\/1;--item-aspect-ratio:1\/1;\"><style>@media (max-width:1024px){#us_post_list_w98f{--columns:2!important}}@media (max-width:600px){#us_post_list_w98f{--columns:1!important}}.layout_gallery_default .w-grid-item-h{}<\/style><div class=\"w-grid-list\">\t<article class=\"w-grid-item size_1x1 post-14473 attachment type-attachment status-inherit hentry\" data-id=\"14473\">\r\n\t\t<div class=\"w-grid-item-h\">\r\n\t\t\t\t\t\t\t<a ref=\"magnificPopupList\" data-alt=\"Centro Flamenco de Sevilla\" href=\"https:\/\/www.tablaosflamencos.com\/wp-content\/uploads\/centro-flamenco-de-sevilla-01-66.webp\" class=\"w-grid-item-anchor\" aria-label=\"Centro Flamenco de Sevilla\"><\/a>\r\n\t\t\t\t\t\t<div class=\"w-post-elm post_image usg_post_image_1 stretched\"><img decoding=\"async\" width=\"600\" height=\"400\" src=\"https:\/\/www.tablaosflamencos.com\/wp-content\/uploads\/centro-flamenco-de-sevilla-01-66-600x400.webp\" class=\"attachment-us_600_600 size-us_600_600\" alt=\"Centro Flamenco de Sevilla\" srcset=\"https:\/\/www.tablaosflamencos.com\/wp-content\/uploads\/centro-flamenco-de-sevilla-01-66-600x400.webp 600w, https:\/\/www.tablaosflamencos.com\/wp-content\/uploads\/centro-flamenco-de-sevilla-01-66-300x200.webp 300w, https:\/\/www.tablaosflamencos.com\/wp-content\/uploads\/centro-flamenco-de-sevilla-01-66-1024x683.webp 1024w, https:\/\/www.tablaosflamencos.com\/wp-content\/uploads\/centro-flamenco-de-sevilla-01-66-1536x1024.webp 1536w, https:\/\/www.tablaosflamencos.com\/wp-content\/uploads\/centro-flamenco-de-sevilla-01-66-150x100.webp 150w, https:\/\/www.tablaosflamencos.com\/wp-content\/uploads\/centro-flamenco-de-sevilla-01-66.webp 1920w\" sizes=\"(max-width: 600px) 100vw, 600px\" loading=\"eager\" \/><\/div>\t\t<\/div>\r\n\t\t\t<\/article>\r\n\t<article class=\"w-grid-item size_1x1 post-14459 attachment type-attachment status-inherit hentry\" data-id=\"14459\">\r\n\t\t<div class=\"w-grid-item-h\">\r\n\t\t\t\t\t\t\t<a ref=\"magnificPopupList\" data-alt=\"Centro Flamenco de Sevilla\" href=\"https:\/\/www.tablaosflamencos.com\/wp-content\/uploads\/centro-flamenco-de-sevilla-01-52.webp\" class=\"w-grid-item-anchor\" aria-label=\"Centro Flamenco de Sevilla\"><\/a>\r\n\t\t\t\t\t\t<div class=\"w-post-elm post_image usg_post_image_1 stretched\"><img decoding=\"async\" width=\"600\" height=\"400\" src=\"https:\/\/www.tablaosflamencos.com\/wp-content\/uploads\/centro-flamenco-de-sevilla-01-52-600x400.webp\" class=\"attachment-us_600_600 size-us_600_600\" alt=\"Centro Flamenco de Sevilla\" srcset=\"https:\/\/www.tablaosflamencos.com\/wp-content\/uploads\/centro-flamenco-de-sevilla-01-52-600x400.webp 600w, https:\/\/www.tablaosflamencos.com\/wp-content\/uploads\/centro-flamenco-de-sevilla-01-52-300x200.webp 300w, https:\/\/www.tablaosflamencos.com\/wp-content\/uploads\/centro-flamenco-de-sevilla-01-52-1024x683.webp 1024w, https:\/\/www.tablaosflamencos.com\/wp-content\/uploads\/centro-flamenco-de-sevilla-01-52-1536x1024.webp 1536w, https:\/\/www.tablaosflamencos.com\/wp-content\/uploads\/centro-flamenco-de-sevilla-01-52-150x100.webp 150w, https:\/\/www.tablaosflamencos.com\/wp-content\/uploads\/centro-flamenco-de-sevilla-01-52.webp 1920w\" sizes=\"(max-width: 600px) 100vw, 600px\" loading=\"eager\" \/><\/div>\t\t<\/div>\r\n\t\t\t<\/article>\r\n\t<article class=\"w-grid-item size_1x1 post-14451 attachment type-attachment status-inherit hentry\" data-id=\"14451\">\r\n\t\t<div class=\"w-grid-item-h\">\r\n\t\t\t\t\t\t\t<a ref=\"magnificPopupList\" data-alt=\"Centro Flamenco de Sevilla\" href=\"https:\/\/www.tablaosflamencos.com\/wp-content\/uploads\/centro-flamenco-de-sevilla-01-44.webp\" class=\"w-grid-item-anchor\" aria-label=\"Centro Flamenco de Sevilla\"><\/a>\r\n\t\t\t\t\t\t<div class=\"w-post-elm post_image usg_post_image_1 stretched\"><img decoding=\"async\" width=\"600\" height=\"400\" src=\"https:\/\/www.tablaosflamencos.com\/wp-content\/uploads\/centro-flamenco-de-sevilla-01-44-600x400.webp\" class=\"attachment-us_600_600 size-us_600_600\" alt=\"Centro Flamenco de Sevilla\" srcset=\"https:\/\/www.tablaosflamencos.com\/wp-content\/uploads\/centro-flamenco-de-sevilla-01-44-600x400.webp 600w, https:\/\/www.tablaosflamencos.com\/wp-content\/uploads\/centro-flamenco-de-sevilla-01-44-300x200.webp 300w, https:\/\/www.tablaosflamencos.com\/wp-content\/uploads\/centro-flamenco-de-sevilla-01-44-1024x683.webp 1024w, https:\/\/www.tablaosflamencos.com\/wp-content\/uploads\/centro-flamenco-de-sevilla-01-44-1536x1024.webp 1536w, https:\/\/www.tablaosflamencos.com\/wp-content\/uploads\/centro-flamenco-de-sevilla-01-44-150x100.webp 150w, https:\/\/www.tablaosflamencos.com\/wp-content\/uploads\/centro-flamenco-de-sevilla-01-44.webp 1920w\" sizes=\"(max-width: 600px) 100vw, 600px\" loading=\"eager\" \/><\/div>\t\t<\/div>\r\n\t\t\t<\/article>\r\n\t<article class=\"w-grid-item size_1x1 post-14417 attachment type-attachment status-inherit hentry\" data-id=\"14417\">\r\n\t\t<div class=\"w-grid-item-h\">\r\n\t\t\t\t\t\t\t<a ref=\"magnificPopupList\" data-alt=\"Centro Flamenco de Sevilla\" href=\"https:\/\/www.tablaosflamencos.com\/wp-content\/uploads\/centro-flamenco-de-sevilla-01-10.webp\" class=\"w-grid-item-anchor\" aria-label=\"Centro Flamenco de Sevilla\"><\/a>\r\n\t\t\t\t\t\t<div class=\"w-post-elm post_image usg_post_image_1 stretched\"><img decoding=\"async\" width=\"600\" height=\"400\" src=\"https:\/\/www.tablaosflamencos.com\/wp-content\/uploads\/centro-flamenco-de-sevilla-01-10-600x400.webp\" class=\"attachment-us_600_600 size-us_600_600\" alt=\"Centro Flamenco de Sevilla\" srcset=\"https:\/\/www.tablaosflamencos.com\/wp-content\/uploads\/centro-flamenco-de-sevilla-01-10-600x400.webp 600w, https:\/\/www.tablaosflamencos.com\/wp-content\/uploads\/centro-flamenco-de-sevilla-01-10-300x200.webp 300w, https:\/\/www.tablaosflamencos.com\/wp-content\/uploads\/centro-flamenco-de-sevilla-01-10-1024x683.webp 1024w, https:\/\/www.tablaosflamencos.com\/wp-content\/uploads\/centro-flamenco-de-sevilla-01-10-1536x1024.webp 1536w, https:\/\/www.tablaosflamencos.com\/wp-content\/uploads\/centro-flamenco-de-sevilla-01-10-150x100.webp 150w, https:\/\/www.tablaosflamencos.com\/wp-content\/uploads\/centro-flamenco-de-sevilla-01-10.webp 1920w\" sizes=\"(max-width: 600px) 100vw, 600px\" loading=\"eager\" \/><\/div>\t\t<\/div>\r\n\t\t\t<\/article>\r\n\t<article class=\"w-grid-item size_1x1 post-14434 attachment type-attachment status-inherit hentry\" data-id=\"14434\">\r\n\t\t<div class=\"w-grid-item-h\">\r\n\t\t\t\t\t\t\t<a ref=\"magnificPopupList\" data-alt=\"Centro Flamenco de Sevilla\" href=\"https:\/\/www.tablaosflamencos.com\/wp-content\/uploads\/centro-flamenco-de-sevilla-01-27.webp\" class=\"w-grid-item-anchor\" aria-label=\"Centro Flamenco de Sevilla\"><\/a>\r\n\t\t\t\t\t\t<div class=\"w-post-elm post_image usg_post_image_1 stretched\"><img decoding=\"async\" width=\"600\" height=\"400\" src=\"https:\/\/www.tablaosflamencos.com\/wp-content\/uploads\/centro-flamenco-de-sevilla-01-27-600x400.webp\" class=\"attachment-us_600_600 size-us_600_600\" alt=\"Centro Flamenco de Sevilla\" srcset=\"https:\/\/www.tablaosflamencos.com\/wp-content\/uploads\/centro-flamenco-de-sevilla-01-27-600x400.webp 600w, https:\/\/www.tablaosflamencos.com\/wp-content\/uploads\/centro-flamenco-de-sevilla-01-27-300x200.webp 300w, https:\/\/www.tablaosflamencos.com\/wp-content\/uploads\/centro-flamenco-de-sevilla-01-27-1024x683.webp 1024w, https:\/\/www.tablaosflamencos.com\/wp-content\/uploads\/centro-flamenco-de-sevilla-01-27-1536x1024.webp 1536w, https:\/\/www.tablaosflamencos.com\/wp-content\/uploads\/centro-flamenco-de-sevilla-01-27-150x100.webp 150w, https:\/\/www.tablaosflamencos.com\/wp-content\/uploads\/centro-flamenco-de-sevilla-01-27.webp 1920w\" sizes=\"(max-width: 600px) 100vw, 600px\" loading=\"eager\" \/><\/div>\t\t<\/div>\r\n\t\t\t<\/article>\r\n\t<article class=\"w-grid-item size_1x1 post-14441 attachment type-attachment status-inherit hentry\" data-id=\"14441\">\r\n\t\t<div class=\"w-grid-item-h\">\r\n\t\t\t\t\t\t\t<a ref=\"magnificPopupList\" data-alt=\"Centro Flamenco de Sevilla\" href=\"https:\/\/www.tablaosflamencos.com\/wp-content\/uploads\/centro-flamenco-de-sevilla-01-34.webp\" class=\"w-grid-item-anchor\" aria-label=\"Centro Flamenco de Sevilla\"><\/a>\r\n\t\t\t\t\t\t<div class=\"w-post-elm post_image usg_post_image_1 stretched\"><img decoding=\"async\" width=\"600\" height=\"400\" src=\"https:\/\/www.tablaosflamencos.com\/wp-content\/uploads\/centro-flamenco-de-sevilla-01-34-600x400.webp\" class=\"attachment-us_600_600 size-us_600_600\" alt=\"Centro Flamenco de Sevilla\" srcset=\"https:\/\/www.tablaosflamencos.com\/wp-content\/uploads\/centro-flamenco-de-sevilla-01-34-600x400.webp 600w, https:\/\/www.tablaosflamencos.com\/wp-content\/uploads\/centro-flamenco-de-sevilla-01-34-300x200.webp 300w, https:\/\/www.tablaosflamencos.com\/wp-content\/uploads\/centro-flamenco-de-sevilla-01-34-1024x683.webp 1024w, https:\/\/www.tablaosflamencos.com\/wp-content\/uploads\/centro-flamenco-de-sevilla-01-34-1536x1024.webp 1536w, https:\/\/www.tablaosflamencos.com\/wp-content\/uploads\/centro-flamenco-de-sevilla-01-34-150x100.webp 150w, https:\/\/www.tablaosflamencos.com\/wp-content\/uploads\/centro-flamenco-de-sevilla-01-34.webp 1920w\" sizes=\"(max-width: 600px) 100vw, 600px\" loading=\"eager\" \/><\/div>\t\t<\/div>\r\n\t\t\t<\/article>\r\n\t<article class=\"w-grid-item size_1x1 post-14410 attachment type-attachment status-inherit hentry\" data-id=\"14410\">\r\n\t\t<div class=\"w-grid-item-h\">\r\n\t\t\t\t\t\t\t<a ref=\"magnificPopupList\" data-alt=\"Centro Flamenco de Sevilla\" href=\"https:\/\/www.tablaosflamencos.com\/wp-content\/uploads\/centro-flamenco-de-sevilla-01-3.webp\" class=\"w-grid-item-anchor\" aria-label=\"Centro Flamenco de Sevilla\"><\/a>\r\n\t\t\t\t\t\t<div class=\"w-post-elm post_image usg_post_image_1 stretched\"><img decoding=\"async\" width=\"600\" height=\"400\" src=\"https:\/\/www.tablaosflamencos.com\/wp-content\/uploads\/centro-flamenco-de-sevilla-01-3-600x400.webp\" class=\"attachment-us_600_600 size-us_600_600\" alt=\"Centro Flamenco de Sevilla\" srcset=\"https:\/\/www.tablaosflamencos.com\/wp-content\/uploads\/centro-flamenco-de-sevilla-01-3-600x400.webp 600w, https:\/\/www.tablaosflamencos.com\/wp-content\/uploads\/centro-flamenco-de-sevilla-01-3-300x200.webp 300w, https:\/\/www.tablaosflamencos.com\/wp-content\/uploads\/centro-flamenco-de-sevilla-01-3-1024x683.webp 1024w, https:\/\/www.tablaosflamencos.com\/wp-content\/uploads\/centro-flamenco-de-sevilla-01-3-1536x1024.webp 1536w, https:\/\/www.tablaosflamencos.com\/wp-content\/uploads\/centro-flamenco-de-sevilla-01-3-150x100.webp 150w, https:\/\/www.tablaosflamencos.com\/wp-content\/uploads\/centro-flamenco-de-sevilla-01-3.webp 1920w\" sizes=\"(max-width: 600px) 100vw, 600px\" loading=\"eager\" \/><\/div>\t\t<\/div>\r\n\t\t\t<\/article>\r\n\t<article class=\"w-grid-item size_1x1 post-14464 attachment type-attachment status-inherit hentry\" data-id=\"14464\">\r\n\t\t<div class=\"w-grid-item-h\">\r\n\t\t\t\t\t\t\t<a ref=\"magnificPopupList\" data-alt=\"Centro Flamenco de Sevilla\" href=\"https:\/\/www.tablaosflamencos.com\/wp-content\/uploads\/centro-flamenco-de-sevilla-01-57.webp\" class=\"w-grid-item-anchor\" aria-label=\"Centro Flamenco de Sevilla\"><\/a>\r\n\t\t\t\t\t\t<div class=\"w-post-elm post_image usg_post_image_1 stretched\"><img decoding=\"async\" width=\"600\" height=\"400\" src=\"https:\/\/www.tablaosflamencos.com\/wp-content\/uploads\/centro-flamenco-de-sevilla-01-57-600x400.webp\" class=\"attachment-us_600_600 size-us_600_600\" alt=\"Centro Flamenco de Sevilla\" srcset=\"https:\/\/www.tablaosflamencos.com\/wp-content\/uploads\/centro-flamenco-de-sevilla-01-57-600x400.webp 600w, https:\/\/www.tablaosflamencos.com\/wp-content\/uploads\/centro-flamenco-de-sevilla-01-57-300x200.webp 300w, https:\/\/www.tablaosflamencos.com\/wp-content\/uploads\/centro-flamenco-de-sevilla-01-57-1024x683.webp 1024w, https:\/\/www.tablaosflamencos.com\/wp-content\/uploads\/centro-flamenco-de-sevilla-01-57-1536x1024.webp 1536w, https:\/\/www.tablaosflamencos.com\/wp-content\/uploads\/centro-flamenco-de-sevilla-01-57-150x100.webp 150w, https:\/\/www.tablaosflamencos.com\/wp-content\/uploads\/centro-flamenco-de-sevilla-01-57.webp 1920w\" sizes=\"(max-width: 600px) 100vw, 600px\" loading=\"eager\" \/><\/div>\t\t<\/div>\r\n\t\t\t<\/article>\r\n\t<article class=\"w-grid-item size_1x1 post-14453 attachment type-attachment status-inherit hentry\" data-id=\"14453\">\r\n\t\t<div class=\"w-grid-item-h\">\r\n\t\t\t\t\t\t\t<a ref=\"magnificPopupList\" data-alt=\"Centro Flamenco de Sevilla\" href=\"https:\/\/www.tablaosflamencos.com\/wp-content\/uploads\/centro-flamenco-de-sevilla-01-46.webp\" class=\"w-grid-item-anchor\" aria-label=\"Centro Flamenco de Sevilla\"><\/a>\r\n\t\t\t\t\t\t<div class=\"w-post-elm post_image usg_post_image_1 stretched\"><img decoding=\"async\" width=\"600\" height=\"400\" src=\"https:\/\/www.tablaosflamencos.com\/wp-content\/uploads\/centro-flamenco-de-sevilla-01-46-600x400.webp\" class=\"attachment-us_600_600 size-us_600_600\" alt=\"Centro Flamenco de Sevilla\" srcset=\"https:\/\/www.tablaosflamencos.com\/wp-content\/uploads\/centro-flamenco-de-sevilla-01-46-600x400.webp 600w, https:\/\/www.tablaosflamencos.com\/wp-content\/uploads\/centro-flamenco-de-sevilla-01-46-300x200.webp 300w, https:\/\/www.tablaosflamencos.com\/wp-content\/uploads\/centro-flamenco-de-sevilla-01-46-1024x683.webp 1024w, https:\/\/www.tablaosflamencos.com\/wp-content\/uploads\/centro-flamenco-de-sevilla-01-46-1536x1024.webp 1536w, https:\/\/www.tablaosflamencos.com\/wp-content\/uploads\/centro-flamenco-de-sevilla-01-46-150x100.webp 150w, https:\/\/www.tablaosflamencos.com\/wp-content\/uploads\/centro-flamenco-de-sevilla-01-46.webp 1920w\" sizes=\"(max-width: 600px) 100vw, 600px\" loading=\"eager\" \/><\/div>\t\t<\/div>\r\n\t\t\t<\/article>\r\n\t<article class=\"w-grid-item size_1x1 post-14429 attachment type-attachment status-inherit hentry\" data-id=\"14429\">\r\n\t\t<div class=\"w-grid-item-h\">\r\n\t\t\t\t\t\t\t<a ref=\"magnificPopupList\" data-alt=\"Centro Flamenco de Sevilla\" href=\"https:\/\/www.tablaosflamencos.com\/wp-content\/uploads\/centro-flamenco-de-sevilla-01-22.webp\" class=\"w-grid-item-anchor\" aria-label=\"Centro Flamenco de Sevilla\"><\/a>\r\n\t\t\t\t\t\t<div class=\"w-post-elm post_image usg_post_image_1 stretched\"><img decoding=\"async\" width=\"600\" height=\"400\" src=\"https:\/\/www.tablaosflamencos.com\/wp-content\/uploads\/centro-flamenco-de-sevilla-01-22-600x400.webp\" class=\"attachment-us_600_600 size-us_600_600\" alt=\"Centro Flamenco de Sevilla\" srcset=\"https:\/\/www.tablaosflamencos.com\/wp-content\/uploads\/centro-flamenco-de-sevilla-01-22-600x400.webp 600w, https:\/\/www.tablaosflamencos.com\/wp-content\/uploads\/centro-flamenco-de-sevilla-01-22-300x200.webp 300w, https:\/\/www.tablaosflamencos.com\/wp-content\/uploads\/centro-flamenco-de-sevilla-01-22-1024x683.webp 1024w, https:\/\/www.tablaosflamencos.com\/wp-content\/uploads\/centro-flamenco-de-sevilla-01-22-1536x1024.webp 1536w, https:\/\/www.tablaosflamencos.com\/wp-content\/uploads\/centro-flamenco-de-sevilla-01-22-150x100.webp 150w, https:\/\/www.tablaosflamencos.com\/wp-content\/uploads\/centro-flamenco-de-sevilla-01-22.webp 1920w\" sizes=\"(max-width: 600px) 100vw, 600px\" loading=\"eager\" \/><\/div>\t\t<\/div>\r\n\t\t\t<\/article>\r\n<\/div><div class=\"g-preloader type_1\"><div><\/div><\/div><div class=\"w-grid-list-json hidden\" onclick='return {&quot;max_num_pages&quot;:0,&quot;paginationBase&quot;:&quot;page&quot;,&quot;pagination&quot;:&quot;none&quot;,&quot;paged&quot;:1,&quot;ajaxData&quot;:{&quot;action&quot;:&quot;us_ajax_post_list&quot;,&quot;meta_type&quot;:&quot;post&quot;,&quot;object_id&quot;:0,&quot;template_vars&quot;:{&quot;shortcode_base&quot;:&quot;us_post_list&quot;,&quot;paged&quot;:1,&quot;max_num_pages&quot;:0,&quot;no_results&quot;:false,&quot;us_post_content_design_css&quot;:[],&quot;found_posts&quot;:0,&quot;per_page&quot;:10,&quot;items_count&quot;:10,&quot;orderby_random_seed&quot;:149014605,&quot;source&quot;:&quot;media&quot;,&quot;custom_field_name&quot;:&quot;&quot;,&quot;ids&quot;:&quot;&quot;,&quot;post_type&quot;:&quot;post&quot;,&quot;attachment_ids&quot;:&quot;14473,14472,14471,14470,14469,14468,14467,14466,14465,14464,14463,14462,14461,14460,14459,14458,14457,14456,14455,14454,14453,14452,14451,14450,14449,14448,14447,14446,14445,14444,14443,14442,14441,14440,14439,14438,14437,14436,14435,14434,14433,14432,14431,14430,14429,14428,14427,14426,14425,14424,14423,14422,14421,14420,14419,14418,14417,14416,14415,14414,14413,14412,14411,14410,14409,14408,14407&quot;,&quot;include_post_thumbnail&quot;:0,&quot;post_author&quot;:&quot;any&quot;,&quot;post_author_ids&quot;:&quot;&quot;,&quot;apply_url_params&quot;:0,&quot;ignore_sticky_posts&quot;:1,&quot;exclude_children&quot;:0,&quot;exclude_current_post&quot;:1,&quot;exclude_prev_posts&quot;:0,&quot;exclude_past_events&quot;:0,&quot;enable_items_offset&quot;:0,&quot;items_offset&quot;:&quot;1&quot;,&quot;tax_query_relation&quot;:&quot;none&quot;,&quot;tax_query&quot;:[{&quot;operator&quot;:&quot;IN&quot;,&quot;taxonomy&quot;:&quot;category&quot;,&quot;terms&quot;:&quot;&quot;,&quot;include_children&quot;:0}],&quot;meta_query_relation&quot;:&quot;none&quot;,&quot;meta_query&quot;:[{&quot;key&quot;:&quot;custom_field_name&quot;,&quot;compare&quot;:&quot;=&quot;,&quot;value&quot;:&quot;&quot;}],&quot;orderby&quot;:&quot;rand&quot;,&quot;orderby_custom_field&quot;:&quot;&quot;,&quot;orderby_custom_type&quot;:0,&quot;order_invert&quot;:0,&quot;show_all&quot;:0,&quot;quantity&quot;:&quot;10&quot;,&quot;posts_per_archive_page&quot;:0,&quot;no_items_action&quot;:&quot;message&quot;,&quot;no_items_message&quot;:&quot;Aucun r\\u00e9sultat.&quot;,&quot;no_items_page_block&quot;:&quot;&quot;,&quot;pagination&quot;:&quot;none&quot;,&quot;pagination_style&quot;:&quot;&quot;,&quot;pagination_btn_text&quot;:&quot;Charger plus&quot;,&quot;pagination_btn_size&quot;:&quot;&quot;,&quot;pagination_btn_style&quot;:&quot;1&quot;,&quot;pagination_btn_fullwidth&quot;:0,&quot;items_layout&quot;:&quot;gallery_default&quot;,&quot;type&quot;:&quot;grid&quot;,&quot;items_valign&quot;:0,&quot;ignore_items_size&quot;:0,&quot;columns&quot;:&quot;5&quot;,&quot;items_gap&quot;:&quot;0.5rem&quot;,&quot;load_animation&quot;:&quot;none&quot;,&quot;items_preload_style&quot;:&quot;spinner&quot;,&quot;img_size&quot;:&quot;us_600_600&quot;,&quot;img_aspect_ratio&quot;:&quot;1\\\/1&quot;,&quot;title_size&quot;:&quot;&quot;,&quot;item_aspect_ratio&quot;:&quot;1\\\/1&quot;,&quot;overriding_link&quot;:&quot;%7B%22type%22%3A%22popup_image%22%7D&quot;,&quot;popup_page_template&quot;:&quot;0&quot;,&quot;popup_width&quot;:&quot;&quot;,&quot;popup_arrows&quot;:1,&quot;breakpoint_1_width&quot;:&quot;1381px&quot;,&quot;breakpoint_1_cols&quot;:&quot;default&quot;,&quot;breakpoint_1_quantity&quot;:&quot;&quot;,&quot;breakpoint_1_gap&quot;:&quot;&quot;,&quot;breakpoint_2_width&quot;:&quot;1025px&quot;,&quot;breakpoint_2_cols&quot;:&quot;2&quot;,&quot;breakpoint_2_quantity&quot;:&quot;&quot;,&quot;breakpoint_2_gap&quot;:&quot;&quot;,&quot;breakpoint_3_width&quot;:&quot;601px&quot;,&quot;breakpoint_3_cols&quot;:&quot;1&quot;,&quot;breakpoint_3_quantity&quot;:&quot;&quot;,&quot;breakpoint_3_gap&quot;:&quot;&quot;,&quot;conditions_operator&quot;:&quot;always&quot;,&quot;conditions&quot;:[],&quot;css&quot;:null,&quot;el_class&quot;:&quot;&quot;,&quot;el_id&quot;:&quot;&quot;,&quot;enable_custom_html_atts&quot;:0,&quot;custom_html_atts&quot;:null,&quot;hide_on_states&quot;:&quot;&quot;,&quot;hide_for_sticky&quot;:0,&quot;hide_for_not_sticky&quot;:0,&quot;hide_below&quot;:&quot;0px&quot;,&quot;hide_above&quot;:&quot;0px&quot;,&quot;items_ratio&quot;:&quot;&quot;,&quot;items_ratio_width&quot;:&quot;&quot;,&quot;items_ratio_height&quot;:&quot;&quot;,&quot;classes&quot;:&quot;&quot;},&quot;found_posts&quot;:0,&quot;per_page&quot;:10,&quot;orderby_random_seed&quot;:149014605},&quot;facetedFilter&quot;:[]}'><\/div><\/div><\/div><\/div><\/div><\/div><\/div><\/section><section class=\"l-section wpb_row height_huge color_alternate with_shape\"><div class=\"l-section-shape type_zigzag pos_top\" style=\"height:3vmin;\"><svg xmlns=\"http:\/\/www.w3.org\/2000\/svg\" viewBox=\"0 0 64 8\" preserveAspectRatio=\"none\" width=\"100%\" height=\"100%\">\r\n\t<path fill=\"currentColor\" d=\"M64 8 L0 8 L0 0 L20 7.9 L40 3 L48 5 L64 0 Z\"\/>\r\n<\/svg><\/div><div class=\"l-section-shape type_zigzag pos_bottom\" style=\"height:3vmin;\"><svg xmlns=\"http:\/\/www.w3.org\/2000\/svg\" viewBox=\"0 0 64 8\" preserveAspectRatio=\"none\" width=\"100%\" height=\"100%\">\r\n\t<path fill=\"currentColor\" d=\"M64 8 L0 8 L0 0 L20 7.9 L40 3 L48 5 L64 0 Z\"\/>\r\n<\/svg><\/div><div class=\"l-section-h i-cf\"><div class=\"g-cols vc_row via_flex valign_top type_default stacking_default\"><div class=\"vc_col-sm-6 wpb_column vc_column_container\"><div class=\"vc_column-inner\"><div class=\"wpb_wrapper\"><div class=\"wpb_text_column\"><div class=\"wpb_wrapper\"><blockquote>\n<p><strong>R\u00e9ponse rapide :<\/strong> entre 2022 et 2024, le Centro Flamenco de Sevilla fut un tablao de petit format situ\u00e9 au C\/ Francos 33, qui associait spectacles intimes et intense vie professionnelle autour de la salle. Sa capacit\u00e9 r\u00e9duite, le caract\u00e8re acoustique des repr\u00e9sentations, le m\u00e9lange des g\u00e9n\u00e9rations sur sc\u00e8ne et les tertulias apr\u00e8s les spectacles ont fait que les artistes et les professionnels du flamenco l\u2019utilisaient aussi comme lieu de rencontre.<\/p>\n<\/blockquote>\n<\/div><\/div><\/div><\/div><\/div><div class=\"vc_col-sm-6 wpb_column vc_column_container\"><div class=\"vc_column-inner\"><div class=\"wpb_wrapper\"><div class=\"wpb_text_column\"><div class=\"wpb_wrapper\"><h3>Ce que l\u2019on ne voyait pas depuis la salle<\/h3>\n<p>Le public voyait une salle de 32 places et une sc\u00e8ne toute proche. Ceux qui travaillaient dans le secteur connaissaient aussi une autre dimension : des artistes arrivant avant leur repr\u00e9sentation, des coll\u00e8gues d\u2019autres tablaos passant dire bonjour, des musiciens et des danseurs restant apr\u00e8s, des conversations sur les r\u00e9pertoires, les remplacements, les tourn\u00e9es, les nouveaux projets et les opportunit\u00e9s de travail.<\/p>\n<p>Dans une ville o\u00f9 l\u2019offre flamenca est si vaste, cet espace informel est devenu une partie essentielle de l\u2019identit\u00e9 du centre.<\/p>\n<\/div><\/div><\/div><\/div><\/div><\/div><\/div><\/section><section class=\"l-section wpb_row height_huge\"><div class=\"l-section-h i-cf\"><div class=\"g-cols vc_row via_flex valign_top type_default stacking_default\"><div class=\"vc_col-sm-6 wpb_column vc_column_container\"><div class=\"vc_column-inner\"><div class=\"wpb_wrapper\"><div class=\"wpb_text_column\"><div class=\"wpb_wrapper\"><h2>Contenu de cette histoire<\/h2>\n<ul>\n<li><a href=\"#sala-intima\">Une salle intime en plein centre<\/a><\/li>\n<li><a href=\"#escenario-generaciones\">V\u00e9t\u00e9rans et jeunes artistes partageant la sc\u00e8ne<\/a><\/li>\n<li><a href=\"#despues-pase\">Quand la s\u00e9ance se terminait, la tertulia commen\u00e7ait<\/a><\/li>\n<li><a href=\"#punto-encuentro\">Un point de rencontre pour le secteur<\/a><\/li>\n<li><a href=\"#gestion-digital\">La partie invisible : gestion et num\u00e9risation<\/a><\/li>\n<li><a href=\"#cronologia-centro\">Chronologie du Centro Flamenco de Sevilla<\/a><\/li>\n<li><a href=\"#legado-centro\">Ce qui est rest\u00e9 apr\u00e8s la fermeture<\/a><\/li>\n<li><a href=\"#faq-centro\">Questions fr\u00e9quentes<\/a><\/li>\n<\/ul>\n<\/div><\/div><\/div><\/div><\/div><div class=\"vc_col-sm-6 wpb_column vc_column_container\"><div class=\"vc_column-inner\"><div class=\"wpb_wrapper\"><div class=\"w-image us_custom_83db15f5 has_aspect_ratio align_center\"><div class=\"w-image-h\"><img decoding=\"async\" width=\"1024\" height=\"683\" src=\"https:\/\/www.tablaosflamencos.com\/wp-content\/uploads\/centro-flamenco-de-sevilla-01-4-1024x683.webp\" class=\"attachment-large size-large\" alt=\"Centro Flamenco de Sevilla\" loading=\"eager\" srcset=\"https:\/\/www.tablaosflamencos.com\/wp-content\/uploads\/centro-flamenco-de-sevilla-01-4-1024x683.webp 1024w, https:\/\/www.tablaosflamencos.com\/wp-content\/uploads\/centro-flamenco-de-sevilla-01-4-300x200.webp 300w, https:\/\/www.tablaosflamencos.com\/wp-content\/uploads\/centro-flamenco-de-sevilla-01-4-1536x1024.webp 1536w, https:\/\/www.tablaosflamencos.com\/wp-content\/uploads\/centro-flamenco-de-sevilla-01-4-600x400.webp 600w, https:\/\/www.tablaosflamencos.com\/wp-content\/uploads\/centro-flamenco-de-sevilla-01-4-150x100.webp 150w, https:\/\/www.tablaosflamencos.com\/wp-content\/uploads\/centro-flamenco-de-sevilla-01-4.webp 1920w\" sizes=\"auto, (max-width: 1024px) 100vw, 1024px\" \/><\/div><\/div><\/div><\/div><\/div><\/div><\/div><\/section><section class=\"l-section wpb_row height_huge\"><div class=\"l-section-h i-cf\"><div class=\"g-cols vc_row via_flex valign_top type_default stacking_default\"><div class=\"vc_col-sm-6 wpb_column vc_column_container\"><div class=\"vc_column-inner\"><div class=\"wpb_wrapper\"><div class=\"w-image us_custom_09d4d40b has_aspect_ratio align_center\"><div class=\"w-image-h\"><img decoding=\"async\" width=\"1024\" height=\"683\" src=\"https:\/\/www.tablaosflamencos.com\/wp-content\/uploads\/centro-flamenco-de-sevilla-01-61-1024x683.webp\" class=\"attachment-large size-large\" alt=\"Centro Flamenco de Sevilla\" loading=\"eager\" srcset=\"https:\/\/www.tablaosflamencos.com\/wp-content\/uploads\/centro-flamenco-de-sevilla-01-61-1024x683.webp 1024w, https:\/\/www.tablaosflamencos.com\/wp-content\/uploads\/centro-flamenco-de-sevilla-01-61-300x200.webp 300w, https:\/\/www.tablaosflamencos.com\/wp-content\/uploads\/centro-flamenco-de-sevilla-01-61-1536x1024.webp 1536w, https:\/\/www.tablaosflamencos.com\/wp-content\/uploads\/centro-flamenco-de-sevilla-01-61-600x400.webp 600w, https:\/\/www.tablaosflamencos.com\/wp-content\/uploads\/centro-flamenco-de-sevilla-01-61-150x100.webp 150w, https:\/\/www.tablaosflamencos.com\/wp-content\/uploads\/centro-flamenco-de-sevilla-01-61.webp 1920w\" sizes=\"auto, (max-width: 1024px) 100vw, 1024px\" \/><\/div><\/div><\/div><\/div><\/div><div class=\"vc_col-sm-6 wpb_column vc_column_container\"><div class=\"vc_column-inner\"><div class=\"wpb_wrapper\"><div class=\"wpb_text_column\"><div class=\"wpb_wrapper\"><h3>Un regard de m\u00e9moire, pas de nostalgie<\/h3>\n<p>Se souvenir du Centro Flamenco de Sevilla ne consiste pas \u00e0 id\u00e9aliser un lieu qui ne fonctionne plus comme alors. L\u2019int\u00e9r\u00eat est d\u2019observer <strong>quelles conditions ont permis \u00e0 une salle aussi petite de g\u00e9n\u00e9rer autant de vie autour d\u2019elle<\/strong>: proximit\u00e9, continuit\u00e9 artistique, m\u00e9lange des g\u00e9n\u00e9rations, direction pr\u00e9sente, relations entre coll\u00e8gues et une \u00e9chelle o\u00f9 presque tout le monde finissait par se conna\u00eetre.<\/p>\n<p>Cet article fait partie de la m\u00e9moire r\u00e9cente du flamenco \u00e0 S\u00e9ville et s\u2019appuie \u00e0 la fois sur des documents publics et sur l\u2019exp\u00e9rience directe de ceux qui ont particip\u00e9 au projet.<\/p>\n<\/div><\/div><\/div><\/div><\/div><\/div><\/div><\/section><section class=\"l-section wpb_row height_huge color_alternate with_shape\"><div class=\"l-section-shape type_zigzag pos_top hor_flip\" style=\"height:3vmin;\"><svg xmlns=\"http:\/\/www.w3.org\/2000\/svg\" viewBox=\"0 0 64 8\" preserveAspectRatio=\"none\" width=\"100%\" height=\"100%\">\r\n\t<path fill=\"currentColor\" d=\"M64 8 L0 8 L0 0 L20 7.9 L40 3 L48 5 L64 0 Z\"\/>\r\n<\/svg><\/div><div class=\"l-section-shape type_zigzag pos_bottom\" style=\"height:3vmin;\"><svg xmlns=\"http:\/\/www.w3.org\/2000\/svg\" viewBox=\"0 0 64 8\" preserveAspectRatio=\"none\" width=\"100%\" height=\"100%\">\r\n\t<path fill=\"currentColor\" d=\"M64 8 L0 8 L0 0 L20 7.9 L40 3 L48 5 L64 0 Z\"\/>\r\n<\/svg><\/div><div class=\"l-section-h i-cf\"><div class=\"g-cols vc_row via_flex valign_top type_default stacking_default\"><div class=\"vc_col-sm-6 wpb_column vc_column_container\"><div class=\"vc_column-inner\"><div class=\"wpb_wrapper\"><div class=\"wpb_text_column\"><div class=\"wpb_wrapper\"><h2 id=\"sala-intima\">Une salle intime en plein centre de S\u00e9ville<\/h2>\n<p>La rue Francos est l\u2019une de ces voies du centre historique emprunt\u00e9es chaque jour par habitants, visiteurs et travailleurs en direction de la Cath\u00e9drale, de l\u2019Alfalfa ou de la Plaza del Salvador. Au num\u00e9ro 33, le Centro Flamenco de Sevilla occupait un petit espace qui imposait de construire le spectacle dans la proximit\u00e9.<\/p>\n<p>Avec seulement 32 places, il n\u2019y avait pas assez de distance pour cacher quoi que ce soit. Le public pouvait percevoir la respiration du chanteur, l\u2019attaque de la guitare, le son naturel des pieds et les petits gestes qui peuvent dispara\u00eetre dans un grand th\u00e9\u00e2tre. L\u2019absence d\u2019une grande barri\u00e8re physique entre artistes et spectateurs renfor\u00e7ait cette sensation d\u2019\u00eatre au c\u0153ur du fait flamenco, et non simplement devant lui.<\/p>\n<p>Ce format renouait avec l\u2019une des qualit\u00e9s historiques de nombreux espaces flamencos : <strong>l\u2019intensit\u00e9 produite par la proximit\u00e9<\/strong>. Vous pouvez approfondir ce contexte dans notre article sur les <a href=\"https:\/\/www.tablaosflamencos.com\/cafes-cantantes-sevilla.html\"><strong>caf\u00e9s cantantes de S\u00e9ville<\/strong><\/a>.<\/p>\n<\/div><\/div><\/div><\/div><\/div><div class=\"vc_col-sm-6 wpb_column vc_column_container\"><div class=\"vc_column-inner\"><div class=\"wpb_wrapper\"><div class=\"wpb_text_column\"><div class=\"wpb_wrapper\"><h3>Le silence faisait lui aussi partie du spectacle<\/h3>\n<p>Une petite salle exige de l\u2019attention. La guitare n\u2019a pas besoin de rivaliser avec un grand espace, le chant peut travailler les nuances et la danse se per\u00e7oit non seulement comme une image, mais aussi comme un son et une pr\u00e9sence physique.<\/p>\n<p>L\u2019approche acoustique favorisait cette \u00e9coute. Au lieu de transformer le spectacle en une production distante, chaque s\u00e9ance cherchait \u00e0 pr\u00e9server la tension d\u2019une rencontre proche. Cela modifiait aussi le comportement du public : plus l\u2019artiste \u00e9tait proche, plus il devenait \u00e9vident que le silence, l\u2019\u00e9coute et la r\u00e9action de la salle faisaient partie de la repr\u00e9sentation.<\/p>\n<p>La petite dimension du lieu n\u2019\u00e9tait pas une limitation \u00e0 dissimuler. <strong>C\u2019\u00e9tait pr\u00e9cis\u00e9ment le m\u00e9canisme qui d\u00e9finissait l\u2019exp\u00e9rience.<\/strong><\/p>\n<\/div><\/div><\/div><\/div><\/div><\/div><\/div><\/section><section class=\"l-section wpb_row height_huge\"><div class=\"l-section-h i-cf\"><div class=\"g-cols vc_row via_flex valign_top type_default stacking_default\"><div class=\"vc_col-sm-6 wpb_column vc_column_container\"><div class=\"vc_column-inner\"><div class=\"wpb_wrapper\"><div class=\"wpb_text_column\"><div class=\"wpb_wrapper\"><h2 id=\"escenario-generaciones\">V\u00e9t\u00e9rans et jeunes artistes partageant la sc\u00e8ne<\/h2>\n<p>L\u2019une des lignes qui d\u00e9finissaient la direction artistique du Centro Flamenco de Sevilla \u00e9tait la coexistence d\u2019interpr\u00e8tes \u00e0 la carri\u00e8re confirm\u00e9e et de jeunes artistes qui commen\u00e7aient \u00e0 se faire une place professionnelle.<\/p>\n<p>La jeunesse n\u2019\u00e9tait pas con\u00e7ue comme une programmation parall\u00e8le ou secondaire. Les interpr\u00e8tes \u00e9mergents pouvaient partager la sc\u00e8ne, la loge et la dynamique de travail avec des artistes plus exp\u00e9riment\u00e9s. Cette coexistence avait une valeur qui allait au-del\u00e0 de l\u2019affiche : elle permettait d\u2019observer les temps, les codes, les ressources sc\u00e9niques et les fa\u00e7ons d\u2019articuler chant, guitare et danse, difficiles \u00e0 apprendre uniquement en cours.<\/p>\n<p>Pour certains jeunes, travailler r\u00e9guli\u00e8rement dans une salle professionnelle signifiait aussi assumer de vraies responsabilit\u00e9s : arriver pr\u00e9par\u00e9s, s\u2019adapter \u00e0 diff\u00e9rents coll\u00e8gues, maintenir chaque jour le niveau artistique et comprendre qu\u2019un tablao vit de la combinaison entre spontan\u00e9it\u00e9 et discipline.<\/p>\n<\/div><\/div><\/div><\/div><\/div><div class=\"vc_col-sm-6 wpb_column vc_column_container\"><div class=\"vc_column-inner\"><div class=\"wpb_wrapper\"><div class=\"wpb_text_column\"><div class=\"wpb_wrapper\"><h3>Le tablao comme espace de transmission<\/h3>\n<p>Le flamenco se transmet de nombreuses mani\u00e8res. Il y a l\u2019enseignement formel, les acad\u00e9mies, les conservatoires, les familles, les pe\u00f1as et les festivals. Mais le tablao conserve une autre forme d\u2019apprentissage : <strong>la transmission pratique entre coll\u00e8gues<\/strong>.<\/p>\n<p>Un chanteur apprend \u00e0 lire le corps du danseur. Le guitariste comprend quand soutenir et quand ouvrir l\u2019espace. Le danseur apprend \u00e0 \u00e9couter avant d\u2019entrer. Et les jeunes artistes d\u00e9couvrent que chaque partenaire exige une r\u00e9action diff\u00e9rente.<\/p>\n<p>Au Centro Flamenco de Sevilla, cette transmission \u00e9tait particuli\u00e8rement visible parce que l\u2019\u00e9chelle de la salle faisait que tout se d\u00e9roulait tr\u00e8s pr\u00e8s : sc\u00e8ne, loge, attente et conversation faisaient partie du m\u00eame environnement.<\/p>\n<\/div><\/div><\/div><\/div><\/div><\/div><\/div><\/section><section class=\"l-section wpb_row height_huge color_alternate with_shape\"><div class=\"l-section-shape type_zigzag pos_top\" style=\"height:3vmin;\"><svg xmlns=\"http:\/\/www.w3.org\/2000\/svg\" viewBox=\"0 0 64 8\" preserveAspectRatio=\"none\" width=\"100%\" height=\"100%\">\r\n\t<path fill=\"currentColor\" d=\"M64 8 L0 8 L0 0 L20 7.9 L40 3 L48 5 L64 0 Z\"\/>\r\n<\/svg><\/div><div class=\"l-section-shape type_zigzag pos_bottom\" style=\"height:3vmin;\"><svg xmlns=\"http:\/\/www.w3.org\/2000\/svg\" viewBox=\"0 0 64 8\" preserveAspectRatio=\"none\" width=\"100%\" height=\"100%\">\r\n\t<path fill=\"currentColor\" d=\"M64 8 L0 8 L0 0 L20 7.9 L40 3 L48 5 L64 0 Z\"\/>\r\n<\/svg><\/div><div class=\"l-section-h i-cf\"><div class=\"g-cols vc_row via_flex valign_top type_default stacking_default\"><div class=\"vc_col-sm-6 wpb_column vc_column_container\"><div class=\"vc_column-inner\"><div class=\"wpb_wrapper\"><div class=\"wpb_text_column\"><div class=\"wpb_wrapper\"><h2 id=\"despues-pase\">Quand la s\u00e9ance se terminait, une autre partie de la nuit commen\u00e7ait<\/h2>\n<p>L\u2019image qui explique le mieux pourquoi le centre est devenu un lieu de rencontre ne correspond pas n\u00e9cessairement \u00e0 une repr\u00e9sentation. Tr\u00e8s souvent, elle appara\u00eet <strong>apr\u00e8s la derni\u00e8re s\u00e9ance<\/strong>.<\/p>\n<p>Une fois le public parti et l\u2019activit\u00e9 commerciale termin\u00e9e, il n\u2019\u00e9tait pas rare que des artistes de la distribution, des coll\u00e8gues ayant jou\u00e9 dans d\u2019autres tablaos, des amis et des professionnels du secteur restent discuter. Les conversations pouvaient se prolonger jusque tard dans la nuit.<\/p>\n<p>Rien n\u2019\u00e9tait programm\u00e9 \u00e0 ces heures-l\u00e0. Ce n\u2019\u00e9tait ni un \u00e9v\u00e9nement ni une activit\u00e9 annonc\u00e9e. C\u2019est pr\u00e9cis\u00e9ment ce qui lui donnait sa valeur : une relation organique entre des personnes partageant un m\u00e9tier, des pr\u00e9occupations et une vie flamenca.<\/p>\n<\/div><\/div><\/div><\/div><\/div><div class=\"vc_col-sm-6 wpb_column vc_column_container\"><div class=\"vc_column-inner\"><div class=\"wpb_wrapper\"><div class=\"wpb_text_column\"><div class=\"wpb_wrapper\"><h3>Les tertulias qui n\u2019apparaissaient pas au programme<\/h3>\n<blockquote>\n<p>Un tablao peut fermer ses portes au public et rester plein de flamenco. Parfois, la partie la plus importante de la nuit commen\u00e7ait lorsqu\u2019il n\u2019y avait plus de billets \u00e0 vendre.<\/p>\n<\/blockquote>\n<p>Ces conversations parlaient d\u2019artistes, de r\u00e9pertoires, de qui travaillait o\u00f9, de tourn\u00e9es, de nouvelles salles, de projets qui n\u2019existaient pas encore et des probl\u00e8mes quotidiens du m\u00e9tier. Parfois, il s\u2019agissait simplement d\u2019\u00eatre ensemble.<\/p>\n<p>Cette dimension humaine explique mieux que n\u2019importe quel chiffre pourquoi une salle de 32 personnes pouvait avoir une influence relationnelle bien sup\u00e9rieure \u00e0 sa capacit\u00e9.<\/p>\n<\/div><\/div><\/div><\/div><\/div><\/div><\/div><\/section><section class=\"l-section wpb_row height_huge\"><div class=\"l-section-h i-cf\"><div class=\"g-cols vc_row via_flex valign_top type_default stacking_default\"><div class=\"vc_col-sm-6 wpb_column vc_column_container\"><div class=\"vc_column-inner\"><div class=\"wpb_wrapper\"><div class=\"wpb_text_column\"><div class=\"wpb_wrapper\"><h2 id=\"punto-encuentro\">Un lieu de rencontre pour artistes et professionnels du flamenco<\/h2>\n<p>S\u00e9ville compte de nombreux espaces, \u00e9coles, pe\u00f1as, tablaos, th\u00e9\u00e2tres et festivals. Pourtant, tous ne g\u00e9n\u00e8rent pas le m\u00eame type de relation entre ceux qui y travaillent.<\/p>\n<p>Le Centro Flamenco de Sevilla a fini par accueillir bien plus que ses propres artistes et son public. Des coll\u00e8gues d\u2019autres tablaos y passaient \u00e9galement, ainsi que des professionnels li\u00e9s \u00e0 la production et \u00e0 la vente de spectacles, des artistes de passage et des personnes travaillant autour de l\u2019activit\u00e9 flamenca de la ville.<\/p>\n<p>Sa situation en plein centre aidait. Mais le facteur d\u00e9cisif \u00e9tait la facilit\u00e9 avec laquelle quelqu\u2019un pouvait entrer, rester un moment, voir des coll\u00e8gues et finir par prendre part \u00e0 une conversation qui n\u2019avait pas \u00e9t\u00e9 pr\u00e9vue.<\/p>\n<\/div><\/div><\/div><\/div><\/div><div class=\"vc_col-sm-6 wpb_column vc_column_container\"><div class=\"vc_column-inner\"><div class=\"wpb_wrapper\"><div class=\"wpb_text_column\"><div class=\"wpb_wrapper\"><h3>Un r\u00e9seau professionnel construit \u00e0 petite \u00e9chelle<\/h3>\n<p>Les secteurs culturels fonctionnent aussi gr\u00e2ce \u00e0 des r\u00e9seaux informels. Un remplacement de derni\u00e8re minute, une recommandation, une collaboration ou une opportunit\u00e9 peuvent na\u00eetre d\u2019une conversation apparemment anodine.<\/p>\n<p>Pendant sa p\u00e9riode d\u2019activit\u00e9, le Centro Flamenco de Sevilla a fonctionn\u00e9 comme l\u2019un de ces n\u0153uds : <strong>un espace o\u00f9 la relation artistique et la relation professionnelle se croisaient en permanence<\/strong>.<\/p>\n<p>Pour comprendre comment s\u2019organise aujourd\u2019hui l\u2019offre flamenca de la ville, on peut associer ce regard historique \u00e0 notre guide sur <a href=\"https:\/\/www.tablaosflamencos.com\/donde-ver-flamenco-autentico-sevilla.html\"><strong>comment choisir un spectacle de flamenco authentique \u00e0 S\u00e9ville<\/strong><\/a>.<\/p>\n<\/div><\/div><\/div><\/div><\/div><\/div><\/div><\/section><section class=\"l-section wpb_row height_huge\"><div class=\"l-section-h i-cf\"><div class=\"g-cols vc_row via_flex valign_top type_default stacking_default\"><div class=\"vc_col-sm-12 wpb_column vc_column_container\"><div class=\"vc_column-inner\"><div class=\"wpb_wrapper\"><div class=\"w-grid us_post_list type_grid layout_gallery_default cols_5 preload_style_spinner items_have_ratio\" id=\"us_post_list_dca1\" style=\"--columns:5;--gap:0.5rem;--img-aspect-ratio:1\/1;--item-aspect-ratio:1\/1;\"><style>@media (max-width:1024px){#us_post_list_dca1{--columns:2!important}}@media (max-width:600px){#us_post_list_dca1{--columns:1!important}}<\/style><div class=\"w-grid-list\">\t<article class=\"w-grid-item size_1x1 post-14456 attachment type-attachment status-inherit hentry\" data-id=\"14456\">\r\n\t\t<div class=\"w-grid-item-h\">\r\n\t\t\t\t\t\t\t<a ref=\"magnificPopupList\" data-alt=\"Centro Flamenco de Sevilla\" href=\"https:\/\/www.tablaosflamencos.com\/wp-content\/uploads\/centro-flamenco-de-sevilla-01-49.webp\" class=\"w-grid-item-anchor\" aria-label=\"Centro Flamenco de Sevilla\"><\/a>\r\n\t\t\t\t\t\t<div class=\"w-post-elm post_image usg_post_image_1 stretched\"><img decoding=\"async\" width=\"600\" height=\"400\" src=\"https:\/\/www.tablaosflamencos.com\/wp-content\/uploads\/centro-flamenco-de-sevilla-01-49-600x400.webp\" class=\"attachment-us_600_600 size-us_600_600\" alt=\"Centro Flamenco de Sevilla\" srcset=\"https:\/\/www.tablaosflamencos.com\/wp-content\/uploads\/centro-flamenco-de-sevilla-01-49-600x400.webp 600w, https:\/\/www.tablaosflamencos.com\/wp-content\/uploads\/centro-flamenco-de-sevilla-01-49-300x200.webp 300w, https:\/\/www.tablaosflamencos.com\/wp-content\/uploads\/centro-flamenco-de-sevilla-01-49-1024x683.webp 1024w, https:\/\/www.tablaosflamencos.com\/wp-content\/uploads\/centro-flamenco-de-sevilla-01-49-1536x1024.webp 1536w, https:\/\/www.tablaosflamencos.com\/wp-content\/uploads\/centro-flamenco-de-sevilla-01-49-150x100.webp 150w, https:\/\/www.tablaosflamencos.com\/wp-content\/uploads\/centro-flamenco-de-sevilla-01-49.webp 1920w\" sizes=\"(max-width: 600px) 100vw, 600px\" loading=\"eager\" \/><\/div>\t\t<\/div>\r\n\t\t\t<\/article>\r\n\t<article class=\"w-grid-item size_1x1 post-14470 attachment type-attachment status-inherit hentry\" data-id=\"14470\">\r\n\t\t<div class=\"w-grid-item-h\">\r\n\t\t\t\t\t\t\t<a ref=\"magnificPopupList\" data-alt=\"Centro Flamenco de Sevilla\" href=\"https:\/\/www.tablaosflamencos.com\/wp-content\/uploads\/centro-flamenco-de-sevilla-01-63.webp\" class=\"w-grid-item-anchor\" aria-label=\"Centro Flamenco de Sevilla\"><\/a>\r\n\t\t\t\t\t\t<div class=\"w-post-elm post_image usg_post_image_1 stretched\"><img decoding=\"async\" width=\"600\" height=\"400\" src=\"https:\/\/www.tablaosflamencos.com\/wp-content\/uploads\/centro-flamenco-de-sevilla-01-63-600x400.webp\" class=\"attachment-us_600_600 size-us_600_600\" alt=\"Centro Flamenco de Sevilla\" srcset=\"https:\/\/www.tablaosflamencos.com\/wp-content\/uploads\/centro-flamenco-de-sevilla-01-63-600x400.webp 600w, https:\/\/www.tablaosflamencos.com\/wp-content\/uploads\/centro-flamenco-de-sevilla-01-63-300x200.webp 300w, https:\/\/www.tablaosflamencos.com\/wp-content\/uploads\/centro-flamenco-de-sevilla-01-63-1024x683.webp 1024w, https:\/\/www.tablaosflamencos.com\/wp-content\/uploads\/centro-flamenco-de-sevilla-01-63-1536x1024.webp 1536w, https:\/\/www.tablaosflamencos.com\/wp-content\/uploads\/centro-flamenco-de-sevilla-01-63-150x100.webp 150w, https:\/\/www.tablaosflamencos.com\/wp-content\/uploads\/centro-flamenco-de-sevilla-01-63.webp 1920w\" sizes=\"(max-width: 600px) 100vw, 600px\" loading=\"eager\" \/><\/div>\t\t<\/div>\r\n\t\t\t<\/article>\r\n\t<article class=\"w-grid-item size_1x1 post-14473 attachment type-attachment status-inherit hentry\" data-id=\"14473\">\r\n\t\t<div class=\"w-grid-item-h\">\r\n\t\t\t\t\t\t\t<a ref=\"magnificPopupList\" data-alt=\"Centro Flamenco de Sevilla\" href=\"https:\/\/www.tablaosflamencos.com\/wp-content\/uploads\/centro-flamenco-de-sevilla-01-66.webp\" class=\"w-grid-item-anchor\" aria-label=\"Centro Flamenco de Sevilla\"><\/a>\r\n\t\t\t\t\t\t<div class=\"w-post-elm post_image usg_post_image_1 stretched\"><img decoding=\"async\" width=\"600\" height=\"400\" src=\"https:\/\/www.tablaosflamencos.com\/wp-content\/uploads\/centro-flamenco-de-sevilla-01-66-600x400.webp\" class=\"attachment-us_600_600 size-us_600_600\" alt=\"Centro Flamenco de Sevilla\" srcset=\"https:\/\/www.tablaosflamencos.com\/wp-content\/uploads\/centro-flamenco-de-sevilla-01-66-600x400.webp 600w, https:\/\/www.tablaosflamencos.com\/wp-content\/uploads\/centro-flamenco-de-sevilla-01-66-300x200.webp 300w, https:\/\/www.tablaosflamencos.com\/wp-content\/uploads\/centro-flamenco-de-sevilla-01-66-1024x683.webp 1024w, https:\/\/www.tablaosflamencos.com\/wp-content\/uploads\/centro-flamenco-de-sevilla-01-66-1536x1024.webp 1536w, https:\/\/www.tablaosflamencos.com\/wp-content\/uploads\/centro-flamenco-de-sevilla-01-66-150x100.webp 150w, https:\/\/www.tablaosflamencos.com\/wp-content\/uploads\/centro-flamenco-de-sevilla-01-66.webp 1920w\" sizes=\"(max-width: 600px) 100vw, 600px\" loading=\"eager\" \/><\/div>\t\t<\/div>\r\n\t\t\t<\/article>\r\n\t<article class=\"w-grid-item size_1x1 post-14448 attachment type-attachment status-inherit hentry\" data-id=\"14448\">\r\n\t\t<div class=\"w-grid-item-h\">\r\n\t\t\t\t\t\t\t<a ref=\"magnificPopupList\" data-alt=\"Centro Flamenco de Sevilla\" href=\"https:\/\/www.tablaosflamencos.com\/wp-content\/uploads\/centro-flamenco-de-sevilla-01-41.webp\" class=\"w-grid-item-anchor\" aria-label=\"Centro Flamenco de Sevilla\"><\/a>\r\n\t\t\t\t\t\t<div class=\"w-post-elm post_image usg_post_image_1 stretched\"><img decoding=\"async\" width=\"600\" height=\"400\" src=\"https:\/\/www.tablaosflamencos.com\/wp-content\/uploads\/centro-flamenco-de-sevilla-01-41-600x400.webp\" class=\"attachment-us_600_600 size-us_600_600\" alt=\"Centro Flamenco de Sevilla\" srcset=\"https:\/\/www.tablaosflamencos.com\/wp-content\/uploads\/centro-flamenco-de-sevilla-01-41-600x400.webp 600w, https:\/\/www.tablaosflamencos.com\/wp-content\/uploads\/centro-flamenco-de-sevilla-01-41-300x200.webp 300w, https:\/\/www.tablaosflamencos.com\/wp-content\/uploads\/centro-flamenco-de-sevilla-01-41-1024x683.webp 1024w, https:\/\/www.tablaosflamencos.com\/wp-content\/uploads\/centro-flamenco-de-sevilla-01-41-1536x1024.webp 1536w, https:\/\/www.tablaosflamencos.com\/wp-content\/uploads\/centro-flamenco-de-sevilla-01-41-150x100.webp 150w, https:\/\/www.tablaosflamencos.com\/wp-content\/uploads\/centro-flamenco-de-sevilla-01-41.webp 1920w\" sizes=\"(max-width: 600px) 100vw, 600px\" loading=\"eager\" \/><\/div>\t\t<\/div>\r\n\t\t\t<\/article>\r\n\t<article class=\"w-grid-item size_1x1 post-14427 attachment type-attachment status-inherit hentry\" data-id=\"14427\">\r\n\t\t<div class=\"w-grid-item-h\">\r\n\t\t\t\t\t\t\t<a ref=\"magnificPopupList\" data-alt=\"Centro Flamenco de Sevilla\" href=\"https:\/\/www.tablaosflamencos.com\/wp-content\/uploads\/centro-flamenco-de-sevilla-01-20.webp\" class=\"w-grid-item-anchor\" aria-label=\"Centro Flamenco de Sevilla\"><\/a>\r\n\t\t\t\t\t\t<div class=\"w-post-elm post_image usg_post_image_1 stretched\"><img decoding=\"async\" width=\"600\" height=\"400\" src=\"https:\/\/www.tablaosflamencos.com\/wp-content\/uploads\/centro-flamenco-de-sevilla-01-20-600x400.webp\" class=\"attachment-us_600_600 size-us_600_600\" alt=\"Centro Flamenco de Sevilla\" srcset=\"https:\/\/www.tablaosflamencos.com\/wp-content\/uploads\/centro-flamenco-de-sevilla-01-20-600x400.webp 600w, https:\/\/www.tablaosflamencos.com\/wp-content\/uploads\/centro-flamenco-de-sevilla-01-20-300x200.webp 300w, https:\/\/www.tablaosflamencos.com\/wp-content\/uploads\/centro-flamenco-de-sevilla-01-20-1024x683.webp 1024w, https:\/\/www.tablaosflamencos.com\/wp-content\/uploads\/centro-flamenco-de-sevilla-01-20-1536x1024.webp 1536w, https:\/\/www.tablaosflamencos.com\/wp-content\/uploads\/centro-flamenco-de-sevilla-01-20-150x100.webp 150w, https:\/\/www.tablaosflamencos.com\/wp-content\/uploads\/centro-flamenco-de-sevilla-01-20.webp 1920w\" sizes=\"(max-width: 600px) 100vw, 600px\" loading=\"eager\" \/><\/div>\t\t<\/div>\r\n\t\t\t<\/article>\r\n\t<article class=\"w-grid-item size_1x1 post-14440 attachment type-attachment status-inherit hentry\" data-id=\"14440\">\r\n\t\t<div class=\"w-grid-item-h\">\r\n\t\t\t\t\t\t\t<a ref=\"magnificPopupList\" data-alt=\"Centro Flamenco de Sevilla\" href=\"https:\/\/www.tablaosflamencos.com\/wp-content\/uploads\/centro-flamenco-de-sevilla-01-33.webp\" class=\"w-grid-item-anchor\" aria-label=\"Centro Flamenco de Sevilla\"><\/a>\r\n\t\t\t\t\t\t<div class=\"w-post-elm post_image usg_post_image_1 stretched\"><img decoding=\"async\" width=\"600\" height=\"400\" src=\"https:\/\/www.tablaosflamencos.com\/wp-content\/uploads\/centro-flamenco-de-sevilla-01-33-600x400.webp\" class=\"attachment-us_600_600 size-us_600_600\" alt=\"Centro Flamenco de Sevilla\" srcset=\"https:\/\/www.tablaosflamencos.com\/wp-content\/uploads\/centro-flamenco-de-sevilla-01-33-600x400.webp 600w, https:\/\/www.tablaosflamencos.com\/wp-content\/uploads\/centro-flamenco-de-sevilla-01-33-300x200.webp 300w, https:\/\/www.tablaosflamencos.com\/wp-content\/uploads\/centro-flamenco-de-sevilla-01-33-1024x683.webp 1024w, https:\/\/www.tablaosflamencos.com\/wp-content\/uploads\/centro-flamenco-de-sevilla-01-33-1536x1024.webp 1536w, https:\/\/www.tablaosflamencos.com\/wp-content\/uploads\/centro-flamenco-de-sevilla-01-33-150x100.webp 150w, https:\/\/www.tablaosflamencos.com\/wp-content\/uploads\/centro-flamenco-de-sevilla-01-33.webp 1920w\" sizes=\"(max-width: 600px) 100vw, 600px\" loading=\"eager\" \/><\/div>\t\t<\/div>\r\n\t\t\t<\/article>\r\n\t<article class=\"w-grid-item size_1x1 post-14413 attachment type-attachment status-inherit hentry\" data-id=\"14413\">\r\n\t\t<div class=\"w-grid-item-h\">\r\n\t\t\t\t\t\t\t<a ref=\"magnificPopupList\" data-alt=\"Centro Flamenco de Sevilla\" href=\"https:\/\/www.tablaosflamencos.com\/wp-content\/uploads\/centro-flamenco-de-sevilla-01-6.webp\" class=\"w-grid-item-anchor\" aria-label=\"Centro Flamenco de Sevilla\"><\/a>\r\n\t\t\t\t\t\t<div class=\"w-post-elm post_image usg_post_image_1 stretched\"><img decoding=\"async\" width=\"600\" height=\"400\" src=\"https:\/\/www.tablaosflamencos.com\/wp-content\/uploads\/centro-flamenco-de-sevilla-01-6-600x400.webp\" class=\"attachment-us_600_600 size-us_600_600\" alt=\"Centro Flamenco de Sevilla\" srcset=\"https:\/\/www.tablaosflamencos.com\/wp-content\/uploads\/centro-flamenco-de-sevilla-01-6-600x400.webp 600w, https:\/\/www.tablaosflamencos.com\/wp-content\/uploads\/centro-flamenco-de-sevilla-01-6-300x200.webp 300w, https:\/\/www.tablaosflamencos.com\/wp-content\/uploads\/centro-flamenco-de-sevilla-01-6-1024x683.webp 1024w, https:\/\/www.tablaosflamencos.com\/wp-content\/uploads\/centro-flamenco-de-sevilla-01-6-1536x1024.webp 1536w, https:\/\/www.tablaosflamencos.com\/wp-content\/uploads\/centro-flamenco-de-sevilla-01-6-150x100.webp 150w, https:\/\/www.tablaosflamencos.com\/wp-content\/uploads\/centro-flamenco-de-sevilla-01-6.webp 1920w\" sizes=\"(max-width: 600px) 100vw, 600px\" loading=\"eager\" \/><\/div>\t\t<\/div>\r\n\t\t\t<\/article>\r\n\t<article class=\"w-grid-item size_1x1 post-14454 attachment type-attachment status-inherit hentry\" data-id=\"14454\">\r\n\t\t<div class=\"w-grid-item-h\">\r\n\t\t\t\t\t\t\t<a ref=\"magnificPopupList\" data-alt=\"Centro Flamenco de Sevilla\" href=\"https:\/\/www.tablaosflamencos.com\/wp-content\/uploads\/centro-flamenco-de-sevilla-01-47.webp\" class=\"w-grid-item-anchor\" aria-label=\"Centro Flamenco de Sevilla\"><\/a>\r\n\t\t\t\t\t\t<div class=\"w-post-elm post_image usg_post_image_1 stretched\"><img decoding=\"async\" width=\"400\" height=\"600\" src=\"https:\/\/www.tablaosflamencos.com\/wp-content\/uploads\/centro-flamenco-de-sevilla-01-47-400x600.webp\" class=\"attachment-us_600_600 size-us_600_600\" alt=\"Centro Flamenco de Sevilla\" srcset=\"https:\/\/www.tablaosflamencos.com\/wp-content\/uploads\/centro-flamenco-de-sevilla-01-47-400x600.webp 400w, https:\/\/www.tablaosflamencos.com\/wp-content\/uploads\/centro-flamenco-de-sevilla-01-47-200x300.webp 200w, https:\/\/www.tablaosflamencos.com\/wp-content\/uploads\/centro-flamenco-de-sevilla-01-47-683x1024.webp 683w, https:\/\/www.tablaosflamencos.com\/wp-content\/uploads\/centro-flamenco-de-sevilla-01-47-1025x1536.webp 1025w, https:\/\/www.tablaosflamencos.com\/wp-content\/uploads\/centro-flamenco-de-sevilla-01-47-100x150.webp 100w, https:\/\/www.tablaosflamencos.com\/wp-content\/uploads\/centro-flamenco-de-sevilla-01-47.webp 1281w\" sizes=\"(max-width: 400px) 100vw, 400px\" loading=\"eager\" \/><\/div>\t\t<\/div>\r\n\t\t\t<\/article>\r\n\t<article class=\"w-grid-item size_1x1 post-14407 attachment type-attachment status-inherit hentry\" data-id=\"14407\">\r\n\t\t<div class=\"w-grid-item-h\">\r\n\t\t\t\t\t\t\t<a ref=\"magnificPopupList\" data-alt=\"Centro Flamenco de Sevilla\" href=\"https:\/\/www.tablaosflamencos.com\/wp-content\/uploads\/centro-flamenco-de-sevilla-01.webp\" class=\"w-grid-item-anchor\" aria-label=\"Centro Flamenco de Sevilla\"><\/a>\r\n\t\t\t\t\t\t<div class=\"w-post-elm post_image usg_post_image_1 stretched\"><img decoding=\"async\" width=\"600\" height=\"400\" src=\"https:\/\/www.tablaosflamencos.com\/wp-content\/uploads\/centro-flamenco-de-sevilla-01-600x400.webp\" class=\"attachment-us_600_600 size-us_600_600\" alt=\"Centro Flamenco de Sevilla\" srcset=\"https:\/\/www.tablaosflamencos.com\/wp-content\/uploads\/centro-flamenco-de-sevilla-01-600x400.webp 600w, https:\/\/www.tablaosflamencos.com\/wp-content\/uploads\/centro-flamenco-de-sevilla-01-300x200.webp 300w, https:\/\/www.tablaosflamencos.com\/wp-content\/uploads\/centro-flamenco-de-sevilla-01-1024x683.webp 1024w, https:\/\/www.tablaosflamencos.com\/wp-content\/uploads\/centro-flamenco-de-sevilla-01-1536x1024.webp 1536w, https:\/\/www.tablaosflamencos.com\/wp-content\/uploads\/centro-flamenco-de-sevilla-01-150x100.webp 150w, https:\/\/www.tablaosflamencos.com\/wp-content\/uploads\/centro-flamenco-de-sevilla-01.webp 1920w\" sizes=\"(max-width: 600px) 100vw, 600px\" loading=\"eager\" \/><\/div>\t\t<\/div>\r\n\t\t\t<\/article>\r\n\t<article class=\"w-grid-item size_1x1 post-14458 attachment type-attachment status-inherit hentry\" data-id=\"14458\">\r\n\t\t<div class=\"w-grid-item-h\">\r\n\t\t\t\t\t\t\t<a ref=\"magnificPopupList\" data-alt=\"Centro Flamenco de Sevilla\" href=\"https:\/\/www.tablaosflamencos.com\/wp-content\/uploads\/centro-flamenco-de-sevilla-01-51.webp\" class=\"w-grid-item-anchor\" aria-label=\"Centro Flamenco de Sevilla\"><\/a>\r\n\t\t\t\t\t\t<div class=\"w-post-elm post_image usg_post_image_1 stretched\"><img decoding=\"async\" width=\"400\" height=\"600\" src=\"https:\/\/www.tablaosflamencos.com\/wp-content\/uploads\/centro-flamenco-de-sevilla-01-51-400x600.webp\" class=\"attachment-us_600_600 size-us_600_600\" alt=\"Centro Flamenco de Sevilla\" srcset=\"https:\/\/www.tablaosflamencos.com\/wp-content\/uploads\/centro-flamenco-de-sevilla-01-51-400x600.webp 400w, https:\/\/www.tablaosflamencos.com\/wp-content\/uploads\/centro-flamenco-de-sevilla-01-51-200x300.webp 200w, https:\/\/www.tablaosflamencos.com\/wp-content\/uploads\/centro-flamenco-de-sevilla-01-51-683x1024.webp 683w, https:\/\/www.tablaosflamencos.com\/wp-content\/uploads\/centro-flamenco-de-sevilla-01-51-1025x1536.webp 1025w, https:\/\/www.tablaosflamencos.com\/wp-content\/uploads\/centro-flamenco-de-sevilla-01-51-100x150.webp 100w, https:\/\/www.tablaosflamencos.com\/wp-content\/uploads\/centro-flamenco-de-sevilla-01-51.webp 1281w\" sizes=\"(max-width: 400px) 100vw, 400px\" loading=\"eager\" \/><\/div>\t\t<\/div>\r\n\t\t\t<\/article>\r\n<\/div><div class=\"g-preloader type_1\"><div><\/div><\/div><div class=\"w-grid-list-json hidden\" onclick='return {&quot;max_num_pages&quot;:0,&quot;paginationBase&quot;:&quot;page&quot;,&quot;pagination&quot;:&quot;none&quot;,&quot;paged&quot;:1,&quot;ajaxData&quot;:{&quot;action&quot;:&quot;us_ajax_post_list&quot;,&quot;meta_type&quot;:&quot;post&quot;,&quot;object_id&quot;:0,&quot;template_vars&quot;:{&quot;shortcode_base&quot;:&quot;us_post_list&quot;,&quot;paged&quot;:1,&quot;max_num_pages&quot;:0,&quot;no_results&quot;:false,&quot;us_post_content_design_css&quot;:[],&quot;found_posts&quot;:0,&quot;per_page&quot;:10,&quot;items_count&quot;:10,&quot;orderby_random_seed&quot;:1370951581,&quot;source&quot;:&quot;media&quot;,&quot;custom_field_name&quot;:&quot;&quot;,&quot;ids&quot;:&quot;&quot;,&quot;post_type&quot;:&quot;post&quot;,&quot;attachment_ids&quot;:&quot;14473,14472,14471,14470,14469,14468,14467,14466,14465,14464,14463,14462,14461,14460,14459,14458,14457,14456,14455,14454,14453,14452,14451,14450,14449,14448,14447,14446,14445,14444,14443,14442,14441,14440,14439,14438,14437,14436,14435,14434,14433,14432,14431,14430,14429,14428,14427,14426,14425,14424,14423,14422,14421,14420,14419,14418,14417,14416,14415,14414,14413,14412,14411,14410,14409,14408,14407&quot;,&quot;include_post_thumbnail&quot;:0,&quot;post_author&quot;:&quot;any&quot;,&quot;post_author_ids&quot;:&quot;&quot;,&quot;apply_url_params&quot;:0,&quot;ignore_sticky_posts&quot;:1,&quot;exclude_children&quot;:0,&quot;exclude_current_post&quot;:1,&quot;exclude_prev_posts&quot;:0,&quot;exclude_past_events&quot;:0,&quot;enable_items_offset&quot;:0,&quot;items_offset&quot;:&quot;1&quot;,&quot;tax_query_relation&quot;:&quot;none&quot;,&quot;tax_query&quot;:[{&quot;operator&quot;:&quot;IN&quot;,&quot;taxonomy&quot;:&quot;category&quot;,&quot;terms&quot;:&quot;&quot;,&quot;include_children&quot;:0}],&quot;meta_query_relation&quot;:&quot;none&quot;,&quot;meta_query&quot;:[{&quot;key&quot;:&quot;custom_field_name&quot;,&quot;compare&quot;:&quot;=&quot;,&quot;value&quot;:&quot;&quot;}],&quot;orderby&quot;:&quot;rand&quot;,&quot;orderby_custom_field&quot;:&quot;&quot;,&quot;orderby_custom_type&quot;:0,&quot;order_invert&quot;:0,&quot;show_all&quot;:0,&quot;quantity&quot;:&quot;10&quot;,&quot;posts_per_archive_page&quot;:0,&quot;no_items_action&quot;:&quot;message&quot;,&quot;no_items_message&quot;:&quot;Aucun r\\u00e9sultat.&quot;,&quot;no_items_page_block&quot;:&quot;&quot;,&quot;pagination&quot;:&quot;none&quot;,&quot;pagination_style&quot;:&quot;&quot;,&quot;pagination_btn_text&quot;:&quot;Charger plus&quot;,&quot;pagination_btn_size&quot;:&quot;&quot;,&quot;pagination_btn_style&quot;:&quot;1&quot;,&quot;pagination_btn_fullwidth&quot;:0,&quot;items_layout&quot;:&quot;gallery_default&quot;,&quot;type&quot;:&quot;grid&quot;,&quot;items_valign&quot;:0,&quot;ignore_items_size&quot;:0,&quot;columns&quot;:&quot;5&quot;,&quot;items_gap&quot;:&quot;0.5rem&quot;,&quot;load_animation&quot;:&quot;none&quot;,&quot;items_preload_style&quot;:&quot;spinner&quot;,&quot;img_size&quot;:&quot;us_600_600&quot;,&quot;img_aspect_ratio&quot;:&quot;1\\\/1&quot;,&quot;title_size&quot;:&quot;&quot;,&quot;item_aspect_ratio&quot;:&quot;1\\\/1&quot;,&quot;overriding_link&quot;:&quot;%7B%22type%22%3A%22popup_image%22%7D&quot;,&quot;popup_page_template&quot;:&quot;0&quot;,&quot;popup_width&quot;:&quot;&quot;,&quot;popup_arrows&quot;:1,&quot;breakpoint_1_width&quot;:&quot;1381px&quot;,&quot;breakpoint_1_cols&quot;:&quot;default&quot;,&quot;breakpoint_1_quantity&quot;:&quot;&quot;,&quot;breakpoint_1_gap&quot;:&quot;&quot;,&quot;breakpoint_2_width&quot;:&quot;1025px&quot;,&quot;breakpoint_2_cols&quot;:&quot;2&quot;,&quot;breakpoint_2_quantity&quot;:&quot;&quot;,&quot;breakpoint_2_gap&quot;:&quot;&quot;,&quot;breakpoint_3_width&quot;:&quot;601px&quot;,&quot;breakpoint_3_cols&quot;:&quot;1&quot;,&quot;breakpoint_3_quantity&quot;:&quot;&quot;,&quot;breakpoint_3_gap&quot;:&quot;&quot;,&quot;conditions_operator&quot;:&quot;always&quot;,&quot;conditions&quot;:[],&quot;css&quot;:null,&quot;el_class&quot;:&quot;&quot;,&quot;el_id&quot;:&quot;&quot;,&quot;enable_custom_html_atts&quot;:0,&quot;custom_html_atts&quot;:null,&quot;hide_on_states&quot;:&quot;&quot;,&quot;hide_for_sticky&quot;:0,&quot;hide_for_not_sticky&quot;:0,&quot;hide_below&quot;:&quot;0px&quot;,&quot;hide_above&quot;:&quot;0px&quot;,&quot;items_ratio&quot;:&quot;&quot;,&quot;items_ratio_width&quot;:&quot;&quot;,&quot;items_ratio_height&quot;:&quot;&quot;,&quot;classes&quot;:&quot;&quot;},&quot;found_posts&quot;:0,&quot;per_page&quot;:10,&quot;orderby_random_seed&quot;:1370951581},&quot;facetedFilter&quot;:[]}'><\/div><\/div><\/div><\/div><\/div><\/div><\/div><\/section><section class=\"l-section wpb_row height_huge color_alternate with_shape\"><div class=\"l-section-shape type_zigzag pos_top hor_flip\" style=\"height:3vmin;\"><svg xmlns=\"http:\/\/www.w3.org\/2000\/svg\" viewBox=\"0 0 64 8\" preserveAspectRatio=\"none\" width=\"100%\" height=\"100%\">\r\n\t<path fill=\"currentColor\" d=\"M64 8 L0 8 L0 0 L20 7.9 L40 3 L48 5 L64 0 Z\"\/>\r\n<\/svg><\/div><div class=\"l-section-shape type_zigzag pos_bottom\" style=\"height:3vmin;\"><svg xmlns=\"http:\/\/www.w3.org\/2000\/svg\" viewBox=\"0 0 64 8\" preserveAspectRatio=\"none\" width=\"100%\" height=\"100%\">\r\n\t<path fill=\"currentColor\" d=\"M64 8 L0 8 L0 0 L20 7.9 L40 3 L48 5 L64 0 Z\"\/>\r\n<\/svg><\/div><div class=\"l-section-h i-cf\"><div class=\"g-cols vc_row via_flex valign_top type_default stacking_default\"><div class=\"vc_col-sm-6 wpb_column vc_column_container\"><div class=\"vc_column-inner\"><div class=\"wpb_wrapper\"><div class=\"wpb_text_column\"><div class=\"wpb_wrapper\"><h2 id=\"gestion-digital\">La partie invisible : gestion, r\u00e9servations et num\u00e9risation<\/h2>\n<p>La vie artistique du centre coexistait avec une autre facette moins visible pour le public : une gestion tr\u00e8s num\u00e9ris\u00e9e. La direction travaillait avec des syst\u00e8mes de vente et de r\u00e9servation en ligne, le contr\u00f4le des canaux et la coordination de la commercialisation directe et partenaire.<\/p>\n<p>L\u2019objectif \u00e9tait qu\u2019une petite salle puisse fonctionner avec une structure commerciale plus avanc\u00e9e que ne le laissait penser sa taille. Vente directe, partenaires, disponibilit\u00e9s et gestion devaient communiquer entre eux pour \u00e9viter les surventes et r\u00e9duire le travail manuel.<\/p>\n<p>Cette approche ne rempla\u00e7ait pas la direction artistique. Au contraire : elle cherchait \u00e0 lib\u00e9rer du temps op\u00e9rationnel afin de mieux s\u2019occuper de l\u2019\u00e9quipe artistique, de la qualit\u00e9 des s\u00e9ances et de la relation avec le public.<\/p>\n<\/div><\/div><\/div><\/div><\/div><div class=\"vc_col-sm-6 wpb_column vc_column_container\"><div class=\"vc_column-inner\"><div class=\"wpb_wrapper\"><div class=\"wpb_text_column\"><div class=\"wpb_wrapper\"><h3>Un mod\u00e8le qui a continu\u00e9 au-del\u00e0 du lieu<\/h3>\n<p>Certaines de ces pratiques de num\u00e9risation et d\u2019organisation ont ensuite \u00e9t\u00e9 transf\u00e9r\u00e9es \u00e0 d\u2019autres projets li\u00e9s au flamenco \u00e0 S\u00e9ville. Le lieu a cess\u00e9 son activit\u00e9, mais plusieurs m\u00e9thodes d\u00e9velopp\u00e9es pendant ces ann\u00e9es ont continu\u00e9 \u00e0 circuler.<\/p>\n<p>Cet h\u00e9ritage est moins visible qu\u2019une photographie de la sc\u00e8ne, mais il aide \u00e0 comprendre pourquoi le Centro Flamenco de Sevilla fut aussi un petit laboratoire de gestion : <strong>tradition artistique sur sc\u00e8ne et modernisation op\u00e9rationnelle en coulisses<\/strong>.<\/p>\n<p>L\u2019histoire du flamenco ne se construit pas uniquement avec des styles, des artistes et des spectacles. Elle change aussi avec la fa\u00e7on dont les salles s\u2019organisent, vendent, communiquent et cr\u00e9ent les conditions permettant aux artistes de travailler.<\/p>\n<\/div><\/div><\/div><\/div><\/div><\/div><\/div><\/section><section class=\"l-section wpb_row height_huge\"><div class=\"l-section-h i-cf\"><div class=\"g-cols vc_row via_flex valign_top type_default stacking_default\"><div class=\"vc_col-sm-12 wpb_column vc_column_container\"><div class=\"vc_column-inner\"><div class=\"wpb_wrapper\"><div class=\"wpb_text_column\"><div class=\"wpb_wrapper\"><h2 id=\"cronologia-centro\">Chronologie du Centro Flamenco de Sevilla<\/h2>\n<div style=\"overflow-x: auto;\">\n<table>\n<thead>\n<tr>\n<th>P\u00e9riode<\/th>\n<th>Ce qui s\u2019est pass\u00e9<\/th>\n<th>Pourquoi c\u2019est important<\/th>\n<\/tr>\n<\/thead>\n<tbody>\n<tr>\n<td><strong>2022<\/strong><\/td>\n<td>Ouverture du Centro Flamenco de Sevilla au C\/ Francos 33.<\/td>\n<td>Un tablao de petit format na\u00eet en plein centre historique.<\/td>\n<\/tr>\n<tr>\n<td><strong>2022\u20132023<\/strong><\/td>\n<td>Consolidation d\u2019une programmation quotidienne bas\u00e9e sur le chant, la danse et la guitare, avec des artistes de diff\u00e9rentes g\u00e9n\u00e9rations.<\/td>\n<td>La salle d\u00e9veloppe son identit\u00e9 acoustique, intime et proche.<\/td>\n<\/tr>\n<tr>\n<td><strong>2023<\/strong><\/td>\n<td>La pr\u00e9sence r\u00e9guli\u00e8re d\u2019artistes, de visiteurs et de professionnels transforme le lieu en point de rencontre habituel.<\/td>\n<td>L\u2019activit\u00e9 autour de la sc\u00e8ne devient aussi importante que la s\u00e9ance elle-m\u00eame.<\/td>\n<\/tr>\n<tr>\n<td><strong>2023\u20132024<\/strong><\/td>\n<td>La gestion num\u00e9rique des r\u00e9servations, des ventes directes et des canaux partenaires se consolide.<\/td>\n<td>Le centre associe petit format artistique et gestion commerciale avanc\u00e9e.<\/td>\n<\/tr>\n<tr>\n<td><strong>2024<\/strong><\/td>\n<td>La p\u00e9riode du projet au C\/ Francos se termine pour des raisons d\u2019urbanisme li\u00e9es au local.<\/td>\n<td>La fermeture met fin \u00e0 l\u2019activit\u00e9 dans le lieu, mais pas aux relations ni aux m\u00e9thodes n\u00e9es autour de lui.<\/td>\n<\/tr>\n<tr>\n<td><strong>Apr\u00e8s<\/strong><\/td>\n<td>Une partie de l\u2019exp\u00e9rience artistique, commerciale et num\u00e9rique est transf\u00e9r\u00e9e \u00e0 d\u2019autres projets du secteur.<\/td>\n<td>L\u2019h\u00e9ritage se poursuit au-del\u00e0 des murs de la salle.<\/td>\n<\/tr>\n<\/tbody>\n<\/table>\n<\/div>\n<\/div><\/div><\/div><\/div><\/div><\/div><\/div><\/section><section class=\"l-section wpb_row height_huge color_alternate with_shape\"><div class=\"l-section-shape type_zigzag pos_top\" style=\"height:3vmin;\"><svg xmlns=\"http:\/\/www.w3.org\/2000\/svg\" viewBox=\"0 0 64 8\" preserveAspectRatio=\"none\" width=\"100%\" height=\"100%\">\r\n\t<path fill=\"currentColor\" d=\"M64 8 L0 8 L0 0 L20 7.9 L40 3 L48 5 L64 0 Z\"\/>\r\n<\/svg><\/div><div class=\"l-section-shape type_zigzag pos_bottom\" style=\"height:3vmin;\"><svg xmlns=\"http:\/\/www.w3.org\/2000\/svg\" viewBox=\"0 0 64 8\" preserveAspectRatio=\"none\" width=\"100%\" height=\"100%\">\r\n\t<path fill=\"currentColor\" d=\"M64 8 L0 8 L0 0 L20 7.9 L40 3 L48 5 L64 0 Z\"\/>\r\n<\/svg><\/div><div class=\"l-section-h i-cf\"><div class=\"g-cols vc_row via_flex valign_top type_default stacking_default\"><div class=\"vc_col-sm-6 wpb_column vc_column_container\"><div class=\"vc_column-inner\"><div class=\"wpb_wrapper\"><div class=\"wpb_text_column\"><div class=\"wpb_wrapper\"><h2 id=\"legado-centro\">Ce que cela a repr\u00e9sent\u00e9 pour le flamenco s\u00e9villan<\/h2>\n<p>Il serait insuffisant de mesurer la valeur d\u2019un espace culturel uniquement par sa taille ou par ses ann\u00e9es d\u2019activit\u00e9. Dans le cas du Centro Flamenco de Sevilla, la cl\u00e9 r\u00e9side pr\u00e9cis\u00e9ment dans la disproportion entre les deux : <strong>une toute petite salle avec un r\u00e9seau humain consid\u00e9rable autour d\u2019elle<\/strong>.<\/p>\n<p>Ce fut une sc\u00e8ne professionnelle, un lieu d\u2019apprentissage pratique, un point de passage pour les coll\u00e8gues et un espace de convivialit\u00e9. Pendant un peu plus de deux ans, il a r\u00e9uni des personnes habituellement dispers\u00e9es entre diff\u00e9rents tablaos, th\u00e9\u00e2tres, \u00e9coles et projets.<\/p>\n<p>Ces espaces remplissent une fonction difficile \u00e0 saisir par les statistiques. Ils cr\u00e9ent de la confiance, facilitent les rencontres et construisent une m\u00e9moire commune.<\/p>\n<\/div><\/div><\/div><\/div><\/div><div class=\"vc_col-sm-6 wpb_column vc_column_container\"><div class=\"vc_column-inner\"><div class=\"wpb_wrapper\"><div class=\"wpb_text_column\"><div class=\"wpb_wrapper\"><h3>Ce qui est rest\u00e9 apr\u00e8s la fermeture<\/h3>\n<p>La fermeture pour des questions d\u2019urbanisme a mis fin \u00e0 la phase physique du centre, mais n\u2019a pas effac\u00e9 les relations cr\u00e9\u00e9es. Beaucoup de ceux qui s\u2019y \u00e9taient rencontr\u00e9s ont continu\u00e9 \u00e0 se retrouver sur d\u2019autres sc\u00e8nes et dans d\u2019autres projets. L\u2019exp\u00e9rience de la direction artistique, de la commercialisation et de la gestion a \u00e9galement continu\u00e9 \u00e0 \u00eatre appliqu\u00e9e en dehors du local.<\/p>\n<p>Et surtout, une id\u00e9e simple est rest\u00e9e : <strong>un tablao peut \u00eatre bien plus que le lieu o\u00f9 se d\u00e9roule un spectacle<\/strong>. Lorsqu\u2019il existe continuit\u00e9, proximit\u00e9 et communaut\u00e9 professionnelle, il peut devenir un petit centre de gravit\u00e9 pour une partie de la vie flamenca d\u2019une ville.<\/p>\n<p>Pour replacer cette histoire dans un cadre plus large, consultez aussi <a href=\"https:\/\/www.tablaosflamencos.com\/que-es-el-flamenco.html\"><strong>ce qu\u2019est le flamenco et quels sont ses \u00e9l\u00e9ments fondamentaux<\/strong><\/a>.<\/p>\n<\/div><\/div><\/div><\/div><\/div><\/div><\/div><\/section><section class=\"l-section wpb_row height_huge\"><div class=\"l-section-h i-cf\"><div class=\"g-cols vc_row via_flex valign_top type_default stacking_default\"><div class=\"vc_col-sm-1\/5 wpb_column vc_column_container\"><div class=\"vc_column-inner\"><div class=\"wpb_wrapper\"><\/div><\/div><\/div><div class=\"vc_col-sm-3\/5 wpb_column vc_column_container\"><div class=\"vc_column-inner\"><div class=\"wpb_wrapper\"><div class=\"wpb_text_column\"><div class=\"wpb_wrapper\"><h2 id=\"faq-centro\">Questions fr\u00e9quentes sur le Centro Flamenco de Sevilla<\/h2>\n<p>Une synth\u00e8se des principales donn\u00e9es de cette \u00e9tape du tablao et de son r\u00f4le dans le flamenco s\u00e9villan.<\/p>\n<\/div><\/div><div class=\"w-separator size_medium\"><\/div><div class=\"w-tabs accordion toggle_style_1 has_scrolling\" style=\"--sections-title-size:inherit;--sections-gap:0.5rem;\"><div class=\"w-tabs-sections titles-align_none icon_plus cpos_left\"><div class=\"w-tabs-section\" id=\"ue79\" itemscope itemprop=\"mainEntity\" itemtype=\"https:\/\/schema.org\/Question\"><button type=\"button\" class=\"w-tabs-section-header\" aria-controls=\"content-ue79\" aria-expanded=\"false\"><h3 class=\"w-tabs-section-title\" itemprop=\"name\">Quand le Centro Flamenco de Sevilla a-t-il ouvert ?<\/h3><div class=\"w-tabs-section-control\"><\/div><\/button><div  class=\"w-tabs-section-content\" id=\"content-ue79\" itemscope itemprop=\"acceptedAnswer\" itemtype=\"https:\/\/schema.org\/Answer\"><div class=\"w-tabs-section-content-h i-cf\" itemprop=\"text\"><div class=\"wpb_text_column\"><div class=\"wpb_wrapper\"><p>Le Centro Flamenco de Sevilla a commenc\u00e9 son activit\u00e9 en <strong>2022<\/strong> au C\/ Francos 33, dans le centre historique de S\u00e9ville.<\/p>\n<\/div><\/div><\/div><\/div><\/div><div class=\"w-tabs-section\" id=\"jf7d\" itemscope itemprop=\"mainEntity\" itemtype=\"https:\/\/schema.org\/Question\"><button type=\"button\" class=\"w-tabs-section-header\" aria-controls=\"content-jf7d\" aria-expanded=\"false\"><h3 class=\"w-tabs-section-title\" itemprop=\"name\">Combien de personnes la salle pouvait-elle accueillir ?<\/h3><div class=\"w-tabs-section-control\"><\/div><\/button><div  class=\"w-tabs-section-content\" id=\"content-jf7d\" itemscope itemprop=\"acceptedAnswer\" itemtype=\"https:\/\/schema.org\/Answer\"><div class=\"w-tabs-section-content-h i-cf\" itemprop=\"text\"><div class=\"wpb_text_column\"><div class=\"wpb_wrapper\"><p>La documentation touristique officielle de S\u00e9ville indiquait une <strong>capacit\u00e9 de 32 personnes<\/strong>, une jauge qui d\u00e9finissait le caract\u00e8re intime de l\u2019exp\u00e9rience.<\/p>\n<\/div><\/div><\/div><\/div><\/div><div class=\"w-tabs-section\" id=\"d080\" itemscope itemprop=\"mainEntity\" itemtype=\"https:\/\/schema.org\/Question\"><button type=\"button\" class=\"w-tabs-section-header\" aria-controls=\"content-d080\" aria-expanded=\"false\"><h3 class=\"w-tabs-section-title\" itemprop=\"name\">Qui a fond\u00e9 et dirig\u00e9 le Centro Flamenco de Sevilla ?<\/h3><div class=\"w-tabs-section-control\"><\/div><\/button><div  class=\"w-tabs-section-content\" id=\"content-d080\" itemscope itemprop=\"acceptedAnswer\" itemtype=\"https:\/\/schema.org\/Answer\"><div class=\"w-tabs-section-content-h i-cf\" itemprop=\"text\"><div class=\"wpb_text_column\"><div class=\"wpb_wrapper\"><p>Le projet a \u00e9t\u00e9 fond\u00e9 et dirig\u00e9 par <strong>Miguel Ortiz<\/strong>, responsable de la direction g\u00e9n\u00e9rale et artistique pendant sa p\u00e9riode d\u2019activit\u00e9.<\/p>\n<\/div><\/div><\/div><\/div><\/div><div class=\"w-tabs-section\" id=\"x16d\" itemscope itemprop=\"mainEntity\" itemtype=\"https:\/\/schema.org\/Question\"><button type=\"button\" class=\"w-tabs-section-header\" aria-controls=\"content-x16d\" aria-expanded=\"false\"><h3 class=\"w-tabs-section-title\" itemprop=\"name\">\u00c0 quoi ressemblaient les spectacles ?<\/h3><div class=\"w-tabs-section-control\"><\/div><\/button><div  class=\"w-tabs-section-content\" id=\"content-x16d\" itemscope itemprop=\"acceptedAnswer\" itemtype=\"https:\/\/schema.org\/Answer\"><div class=\"w-tabs-section-content-h i-cf\" itemprop=\"text\"><div class=\"wpb_text_column\"><div class=\"wpb_wrapper\"><p>Le format reposait sur <strong>le chant, la danse et la guitare flamenca<\/strong> dans une salle de petite capacit\u00e9, avec une interpr\u00e9tation tr\u00e8s proche du public et une approche acoustique favorisant l\u2019\u00e9coute naturelle.<\/p>\n<\/div><\/div><\/div><\/div><\/div><div class=\"w-tabs-section\" id=\"z256\" itemscope itemprop=\"mainEntity\" itemtype=\"https:\/\/schema.org\/Question\"><button type=\"button\" class=\"w-tabs-section-header\" aria-controls=\"content-z256\" aria-expanded=\"false\"><h3 class=\"w-tabs-section-title\" itemprop=\"name\">Pourquoi est-il devenu un lieu de rencontre ?<\/h3><div class=\"w-tabs-section-control\"><\/div><\/button><div  class=\"w-tabs-section-content\" id=\"content-z256\" itemscope itemprop=\"acceptedAnswer\" itemtype=\"https:\/\/schema.org\/Answer\"><div class=\"w-tabs-section-content-h i-cf\" itemprop=\"text\"><div class=\"wpb_text_column\"><div class=\"wpb_wrapper\"><p>En plus de ses propres artistes, des coll\u00e8gues d\u2019autres tablaos et des professionnels du secteur passaient r\u00e9guli\u00e8rement par le centre. Apr\u00e8s la derni\u00e8re s\u00e9ance, il \u00e9tait fr\u00e9quent d\u2019avoir des <strong>tertulias et rencontres informelles<\/strong> qui pouvaient se prolonger jusqu\u2019au petit matin.<\/p>\n<\/div><\/div><\/div><\/div><\/div><\/div><\/div><div class=\"w-separator size_medium\"><\/div><div class=\"wpb_text_column\"><div class=\"wpb_wrapper\"><h3>Pourquoi une salle aussi petite pouvait-elle avoir autant de vie ?<\/h3>\n<ul>\n<li>Les artistes et le public \u00e9taient physiquement tr\u00e8s proches.<\/li>\n<li>L\u2019activit\u00e9 \u00e9tait quotidienne et continue.<\/li>\n<li>Des interpr\u00e8tes de diff\u00e9rentes g\u00e9n\u00e9rations partageaient la sc\u00e8ne.<\/li>\n<li>La direction \u00e9tait impliqu\u00e9e \u00e0 la fois dans la partie artistique et dans la gestion quotidienne.<\/li>\n<li>Des professionnels d\u2019autres lieux passaient fr\u00e9quemment par le centre.<\/li>\n<li>La fin du spectacle ne signifiait pas n\u00e9cessairement la fin de la rencontre.<\/li>\n<\/ul>\n<p>&nbsp;<\/p>\n<blockquote>\n<p><strong>L\u2019id\u00e9e essentielle :<\/strong> le Centro Flamenco de Sevilla \u00e9tait petit par sa capacit\u00e9, mais pendant sa p\u00e9riode d\u2019activit\u00e9 il fonctionnait comme un lieu dot\u00e9 d\u2019une vie artistique et professionnelle bien plus vaste que ses 32 si\u00e8ges.<\/p>\n<\/blockquote>\n<\/div><\/div><\/div><\/div><\/div><div class=\"vc_col-sm-1\/5 wpb_column vc_column_container\"><div class=\"vc_column-inner\"><div class=\"wpb_wrapper\"><\/div><\/div><\/div><\/div><\/div><\/section><section class=\"l-section wpb_row height_huge color_alternate with_shape\"><div class=\"l-section-shape type_zigzag pos_top hor_flip\" style=\"height:3vmin;\"><svg xmlns=\"http:\/\/www.w3.org\/2000\/svg\" viewBox=\"0 0 64 8\" preserveAspectRatio=\"none\" width=\"100%\" height=\"100%\">\r\n\t<path fill=\"currentColor\" d=\"M64 8 L0 8 L0 0 L20 7.9 L40 3 L48 5 L64 0 Z\"\/>\r\n<\/svg><\/div><div class=\"l-section-shape type_zigzag pos_bottom\" style=\"height:3vmin;\"><svg xmlns=\"http:\/\/www.w3.org\/2000\/svg\" viewBox=\"0 0 64 8\" preserveAspectRatio=\"none\" width=\"100%\" height=\"100%\">\r\n\t<path fill=\"currentColor\" d=\"M64 8 L0 8 L0 0 L20 7.9 L40 3 L48 5 L64 0 Z\"\/>\r\n<\/svg><\/div><div class=\"l-section-h i-cf\"><div class=\"g-cols vc_row via_flex valign_top type_default stacking_default\"><div class=\"vc_col-sm-6 wpb_column vc_column_container\"><div class=\"vc_column-inner\"><div class=\"wpb_wrapper\"><div class=\"wpb_text_column\"><div class=\"wpb_wrapper\"><h2>Une m\u00e9moire r\u00e9cente du flamenco \u00e0 S\u00e9ville<\/h2>\n<p>Le Centro Flamenco de Sevilla appartient \u00e0 une p\u00e9riode r\u00e9cente, mais suffisamment intense pour laisser des souvenirs tr\u00e8s pr\u00e9cis : la sc\u00e8ne \u00e0 quelques m\u00e8tres du premier rang, les artistes attendant leur tour, les conversations apr\u00e8s les spectacles, les coll\u00e8gues entrant apr\u00e8s avoir travaill\u00e9 dans d\u2019autres salles et les nuits qui se prolongeaient bien au-del\u00e0 des horaires de vente.<\/p>\n<p>Tous les lieux qui programment du flamenco ne deviennent pas des lieux de rencontre. Pour que cela arrive, il faut du temps, de la confiance, de la continuit\u00e9 et une communaut\u00e9 qui consid\u00e8re l\u2019espace comme le sien.<\/p>\n<p>Pendant un peu plus de deux ans, c\u2019est ce qui s\u2019est pass\u00e9 au C\/ Francos 33.<\/p>\n<\/div><\/div><\/div><\/div><\/div><div class=\"vc_col-sm-6 wpb_column vc_column_container\"><div class=\"vc_column-inner\"><div class=\"wpb_wrapper\"><div class=\"wpb_text_column\"><div class=\"wpb_wrapper\"><h3>Sources et m\u00e9moire du projet<\/h3>\n<p>L\u2019existence, l\u2019emplacement, les horaires et la capacit\u00e9 du Centro Flamenco de Sevilla sont document\u00e9s dans les supports officiels du tourisme de S\u00e9ville publi\u00e9s pendant sa p\u00e9riode d\u2019activit\u00e9. On peut consulter la <a href=\"https:\/\/visitasevilla.es\/wp-content\/uploads\/2024\/04\/Folleto-Flamenco-ESP.pptx-1_compressed.pdf\" target=\"_blank\" rel=\"noopener\"><strong>brochure officielle Flamenco \u00e0 S\u00e9ville<\/strong><\/a>.<\/p>\n<p>La reconstruction de la vie interne du lieu, de son fonctionnement acoustique, des tertulias apr\u00e8s les spectacles, de la coexistence des g\u00e9n\u00e9rations et de la gestion du projet s\u2019appuie \u00e9galement sur <strong>la documentation interne et la m\u00e9moire directe de sa direction<\/strong>.<\/p>\n<p><strong>Derni\u00e8re mise \u00e0 jour : 4 septembre 2026.<\/strong><\/p>\n<\/div><\/div><\/div><\/div><\/div><\/div><\/div><\/section>\n","protected":false},"excerpt":{"rendered":"<p>L\u2019histoire du Centro Flamenco de Sevilla, C\/ Francos 33 : une salle intime qui a r\u00e9uni artistes, professionnels et passionn\u00e9s de flamenco entre 2022 et 2024.<\/p>\n","protected":false},"author":1,"featured_media":14456,"comment_status":"closed","ping_status":"closed","sticky":false,"template":"","format":"standard","meta":{"_acf_changed":false,"wpai_generated_summary":"","_ayudawp_aiss_exclude":false,"_ayudawp_aiss_exclude_summary":false,"_ayudawp_aiss_summary":"","_ayudawp_aiss_summary_provider":"","_ayudawp_aiss_summary_hash":"","footnotes":""},"categories":[348],"tags":[1995,1155,1394,1242,468,1243],"class_list":["post-14482","post","type-post","status-publish","format-standard","has-post-thumbnail","hentry","category-tablaos-et-spectacles-flamenco","tag-centro-flamenco-de-sevilla-fr","tag-flamenco-en-sevilla","tag-histoire-du-flamenco","tag-sevilla","tag-tablao-flamenco-sevilla","tag-tablaos-de-sevilla"],"acf":[],"yoast_head":"<!-- This site is optimized with the Yoast SEO Premium plugin v28.4 (Yoast SEO v28.4) - https:\/\/yoast.com\/product\/yoast-seo-premium-wordpress\/ -->\n<title>Centro Flamenco de Sevilla : histoire d\u2019un lieu de rencontre<\/title>\n<meta name=\"description\" content=\"L\u2019histoire du Centro Flamenco de Sevilla, C\/ Francos 33 : une salle intime qui a r\u00e9uni artistes, professionnels et passionn\u00e9s de flamenco entre 2022 et 2024.\" \/>\n<meta name=\"robots\" content=\"index, follow, max-snippet:-1, max-image-preview:large, max-video-preview:-1\" \/>\n<link rel=\"canonical\" href=\"https:\/\/www.tablaosflamencos.com\/fr\/centro-flamenco-seville-lieu-rencontre-flamenco.html\" \/>\n<meta property=\"og:locale\" content=\"fr_FR\" \/>\n<meta property=\"og:type\" content=\"article\" \/>\n<meta property=\"og:title\" content=\"Quand le Centro Flamenco de Sevilla \u00e9tait un lieu de rencontre du flamenco dans la ville\" \/>\n<meta property=\"og:description\" content=\"L\u2019histoire du Centro Flamenco de Sevilla, C\/ Francos 33 : une salle intime qui a r\u00e9uni artistes, professionnels et passionn\u00e9s de flamenco entre 2022 et 2024.\" \/>\n<meta property=\"og:url\" content=\"https:\/\/www.tablaosflamencos.com\/fr\/centro-flamenco-seville-lieu-rencontre-flamenco.html\" \/>\n<meta property=\"og:site_name\" content=\"Tablaos Flamencos\" \/>\n<meta property=\"article:publisher\" content=\"https:\/\/www.facebook.com\/tablaosflamencos\" \/>\n<meta property=\"article:published_time\" content=\"2026-01-30T17:17:22+00:00\" \/>\n<meta property=\"article:modified_time\" content=\"2026-09-04T16:40:58+00:00\" \/>\n<meta property=\"og:image\" content=\"https:\/\/www.tablaosflamencos.com\/wp-content\/uploads\/centro-flamenco-de-sevilla-01-49.webp\" \/>\n\t<meta property=\"og:image:width\" content=\"1920\" \/>\n\t<meta property=\"og:image:height\" content=\"1280\" \/>\n\t<meta property=\"og:image:type\" content=\"image\/webp\" \/>\n<meta name=\"author\" content=\"Miguel Ortiz\" \/>\n<meta name=\"twitter:card\" content=\"summary_large_image\" \/>\n<meta name=\"twitter:creator\" content=\"@tablaosflamenco\" \/>\n<meta name=\"twitter:site\" content=\"@tablaosflamenco\" \/>\n<meta name=\"twitter:label1\" content=\"\u00c9crit par\" \/>\n\t<meta name=\"twitter:data1\" content=\"Miguel Ortiz\" \/>\n\t<meta name=\"twitter:label2\" content=\"Dur\u00e9e de lecture estim\u00e9e\" \/>\n\t<meta name=\"twitter:data2\" content=\"20 minutes\" \/>\n<script type=\"application\/ld+json\" class=\"yoast-schema-graph\">{\"@context\":\"https:\\\/\\\/schema.org\",\"@graph\":[{\"@type\":\"Article\",\"@id\":\"https:\\\/\\\/www.tablaosflamencos.com\\\/fr\\\/centro-flamenco-seville-lieu-rencontre-flamenco.html#article\",\"isPartOf\":{\"@id\":\"https:\\\/\\\/www.tablaosflamencos.com\\\/fr\\\/centro-flamenco-seville-lieu-rencontre-flamenco.html\"},\"author\":{\"name\":\"Miguel Ortiz\",\"@id\":\"https:\\\/\\\/www.tablaosflamencos.com\\\/fr#\\\/schema\\\/person\\\/e7a9ebe14eb75a52ceabfbffb3c54f5d\"},\"headline\":\"Quand le Centro Flamenco de Sevilla \u00e9tait un lieu de rencontre du flamenco dans la ville\",\"datePublished\":\"2026-01-30T17:17:22+00:00\",\"dateModified\":\"2026-09-04T16:40:58+00:00\",\"mainEntityOfPage\":{\"@id\":\"https:\\\/\\\/www.tablaosflamencos.com\\\/fr\\\/centro-flamenco-seville-lieu-rencontre-flamenco.html\"},\"wordCount\":4004,\"publisher\":{\"@id\":\"https:\\\/\\\/www.tablaosflamencos.com\\\/fr#organization\"},\"image\":{\"@id\":\"https:\\\/\\\/www.tablaosflamencos.com\\\/fr\\\/centro-flamenco-seville-lieu-rencontre-flamenco.html#primaryimage\"},\"thumbnailUrl\":\"https:\\\/\\\/www.tablaosflamencos.com\\\/wp-content\\\/uploads\\\/centro-flamenco-de-sevilla-01-49.webp\",\"keywords\":[\"Centro Flamenco de Sevilla\",\"flamenco en Sevilla\",\"histoire du flamenco\",\"sevilla\",\"tablao flamenco Sevilla\",\"tablaos de Sevilla\"],\"articleSection\":[\"Tablaos et spectacles flamenco\"],\"inLanguage\":\"fr-FR\"},{\"@type\":\"WebPage\",\"@id\":\"https:\\\/\\\/www.tablaosflamencos.com\\\/fr\\\/centro-flamenco-seville-lieu-rencontre-flamenco.html\",\"url\":\"https:\\\/\\\/www.tablaosflamencos.com\\\/fr\\\/centro-flamenco-seville-lieu-rencontre-flamenco.html\",\"name\":\"Centro Flamenco de Sevilla : histoire d\u2019un lieu de rencontre\",\"isPartOf\":{\"@id\":\"https:\\\/\\\/www.tablaosflamencos.com\\\/fr#website\"},\"primaryImageOfPage\":{\"@id\":\"https:\\\/\\\/www.tablaosflamencos.com\\\/fr\\\/centro-flamenco-seville-lieu-rencontre-flamenco.html#primaryimage\"},\"image\":{\"@id\":\"https:\\\/\\\/www.tablaosflamencos.com\\\/fr\\\/centro-flamenco-seville-lieu-rencontre-flamenco.html#primaryimage\"},\"thumbnailUrl\":\"https:\\\/\\\/www.tablaosflamencos.com\\\/wp-content\\\/uploads\\\/centro-flamenco-de-sevilla-01-49.webp\",\"datePublished\":\"2026-01-30T17:17:22+00:00\",\"dateModified\":\"2026-09-04T16:40:58+00:00\",\"description\":\"L\u2019histoire du Centro Flamenco de Sevilla, C\\\/ Francos 33 : une salle intime qui a r\u00e9uni artistes, professionnels et passionn\u00e9s de flamenco entre 2022 et 2024.\",\"breadcrumb\":{\"@id\":\"https:\\\/\\\/www.tablaosflamencos.com\\\/fr\\\/centro-flamenco-seville-lieu-rencontre-flamenco.html#breadcrumb\"},\"inLanguage\":\"fr-FR\",\"potentialAction\":[{\"@type\":\"ReadAction\",\"target\":[\"https:\\\/\\\/www.tablaosflamencos.com\\\/fr\\\/centro-flamenco-seville-lieu-rencontre-flamenco.html\"]}]},{\"@type\":\"ImageObject\",\"inLanguage\":\"fr-FR\",\"@id\":\"https:\\\/\\\/www.tablaosflamencos.com\\\/fr\\\/centro-flamenco-seville-lieu-rencontre-flamenco.html#primaryimage\",\"url\":\"https:\\\/\\\/www.tablaosflamencos.com\\\/wp-content\\\/uploads\\\/centro-flamenco-de-sevilla-01-49.webp\",\"contentUrl\":\"https:\\\/\\\/www.tablaosflamencos.com\\\/wp-content\\\/uploads\\\/centro-flamenco-de-sevilla-01-49.webp\",\"width\":1920,\"height\":1280,\"caption\":\"Centro Flamenco de Sevilla\"},{\"@type\":\"BreadcrumbList\",\"@id\":\"https:\\\/\\\/www.tablaosflamencos.com\\\/fr\\\/centro-flamenco-seville-lieu-rencontre-flamenco.html#breadcrumb\",\"itemListElement\":[{\"@type\":\"ListItem\",\"position\":1,\"name\":\"Home\",\"item\":\"https:\\\/\\\/www.tablaosflamencos.com\\\/fr\"},{\"@type\":\"ListItem\",\"position\":2,\"name\":\"Quand le Centro Flamenco de Sevilla \u00e9tait un lieu de rencontre du flamenco dans la ville\"}]},{\"@type\":\"WebSite\",\"@id\":\"https:\\\/\\\/www.tablaosflamencos.com\\\/fr#website\",\"url\":\"https:\\\/\\\/www.tablaosflamencos.com\\\/fr\",\"name\":\"Tablaos Flamencos\",\"description\":\"Entradas para tablaos flamencos de Espa\u00f1a\",\"publisher\":{\"@id\":\"https:\\\/\\\/www.tablaosflamencos.com\\\/fr#organization\"},\"alternateName\":\"Tablaos Flamencos\",\"potentialAction\":[{\"@type\":\"SearchAction\",\"target\":{\"@type\":\"EntryPoint\",\"urlTemplate\":\"https:\\\/\\\/www.tablaosflamencos.com\\\/fr?s={search_term_string}\"},\"query-input\":{\"@type\":\"PropertyValueSpecification\",\"valueRequired\":true,\"valueName\":\"search_term_string\"}}],\"inLanguage\":\"fr-FR\"},{\"@type\":[\"Organization\",\"Place\",\"EntertainmentBusiness\"],\"@id\":\"https:\\\/\\\/www.tablaosflamencos.com\\\/fr#organization\",\"name\":\"Tablaos Flamencos\",\"alternateName\":\"Tablaos Flamencos\",\"url\":\"https:\\\/\\\/www.tablaosflamencos.com\\\/fr\",\"logo\":{\"@id\":\"https:\\\/\\\/www.tablaosflamencos.com\\\/fr\\\/centro-flamenco-seville-lieu-rencontre-flamenco.html#local-main-organization-logo\"},\"image\":{\"@id\":\"https:\\\/\\\/www.tablaosflamencos.com\\\/fr\\\/centro-flamenco-seville-lieu-rencontre-flamenco.html#local-main-organization-logo\"},\"sameAs\":[\"https:\\\/\\\/www.facebook.com\\\/tablaosflamencos\",\"https:\\\/\\\/x.com\\\/tablaosflamenco\",\"https:\\\/\\\/mastodon.social\\\/@tablaosflamencos\",\"https:\\\/\\\/www.instagram.com\\\/tablaosflamencos\",\"https:\\\/\\\/tiktok.com\\\/@tablaosflamencos\",\"https:\\\/\\\/www.linkedin.com\\\/company\\\/109408238\\\/\"],\"description\":\"Venta de entradas para espect\u00e1culos flamencos\",\"legalName\":\"Tablaos Flamencos\",\"foundingDate\":\"2015-01-01\",\"numberOfEmployees\":{\"@type\":\"QuantitativeValue\",\"minValue\":\"1\",\"maxValue\":\"10\"},\"address\":{\"@id\":\"https:\\\/\\\/www.tablaosflamencos.com\\\/fr\\\/centro-flamenco-seville-lieu-rencontre-flamenco.html#local-main-place-address\"},\"geo\":{\"@type\":\"GeoCoordinates\",\"latitude\":\"37.3868072\",\"longitude\":\"-5.993280299999999\"},\"telephone\":[\"+34623787787\"],\"contactPoint\":{\"@type\":\"ContactPoint\",\"telephone\":\"+34623787787\",\"email\":\"info@tablaosflamencos.com\"},\"openingHoursSpecification\":{\"@type\":\"OpeningHoursSpecification\",\"dayOfWeek\":[\"Monday\",\"Tuesday\",\"Wednesday\",\"Thursday\",\"Friday\",\"Saturday\",\"Sunday\"],\"opens\":\"00:00\",\"closes\":\"23:59\"},\"email\":\"info@tablaosflamencos.com\",\"priceRange\":\"$$$\",\"currenciesAccepted\":\"\u20ac\"},{\"@type\":\"Person\",\"@id\":\"https:\\\/\\\/www.tablaosflamencos.com\\\/fr#\\\/schema\\\/person\\\/e7a9ebe14eb75a52ceabfbffb3c54f5d\",\"name\":\"Miguel Ortiz\",\"description\":\"Miguel Ortiz es un empresario flamenco, con una s\u00f3lida trayectoria dentro del sector. Ha presidido entidades culturales vinculadas al flamenco y, cuenta con un amplio recorrido profesional en la gesti\u00f3n y promoci\u00f3n de espect\u00e1culos y tablaos flamencos. Su pasi\u00f3n por la historia y el arte flamenco se refleja en cada art\u00edculo, donde combina experiencia, criterio y un profundo respeto por la tradici\u00f3n.\",\"sameAs\":[\"https:\\\/\\\/www.tablaosflamencos.com\",\"https:\\\/\\\/www.instagra.com\\\/miguelortizfe\",\"https:\\\/\\\/www.linkedin.com\\\/in\\\/miguelortizf\\\/\"],\"birthDate\":\"1984-11-22\",\"gender\":\"hombre\",\"knowsLanguage\":[\"espa\u00f1ol\",\"ingl\u00e9s\"],\"jobTitle\":\"Empresario flamenco\"},{\"@type\":\"PostalAddress\",\"@id\":\"https:\\\/\\\/www.tablaosflamencos.com\\\/fr\\\/centro-flamenco-seville-lieu-rencontre-flamenco.html#local-main-place-address\",\"streetAddress\":\"C\\\/ Alemanes, 19\",\"addressLocality\":\"Sevilla\",\"postalCode\":\"41004\",\"addressRegion\":\"Sevilla\",\"addressCountry\":\"ES\"},{\"@type\":\"ImageObject\",\"inLanguage\":\"fr-FR\",\"@id\":\"https:\\\/\\\/www.tablaosflamencos.com\\\/fr\\\/centro-flamenco-seville-lieu-rencontre-flamenco.html#local-main-organization-logo\",\"url\":\"https:\\\/\\\/www.tablaosflamencos.com\\\/wp-content\\\/uploads\\\/tablaos-flamencos-06-3.webp\",\"contentUrl\":\"https:\\\/\\\/www.tablaosflamencos.com\\\/wp-content\\\/uploads\\\/tablaos-flamencos-06-3.webp\",\"width\":600,\"height\":620,\"caption\":\"Tablaos Flamencos\"}]}<\/script>\n<meta name=\"geo.placename\" content=\"Sevilla\" \/>\n<meta name=\"geo.position\" content=\"37.3868072;-5.993280299999999\" \/>\n<meta name=\"geo.region\" content=\"Espagne\" \/>\n<!-- \/ Yoast SEO Premium plugin. -->","yoast_head_json":{"title":"Centro Flamenco de Sevilla : histoire d\u2019un lieu de rencontre","description":"L\u2019histoire du Centro Flamenco de Sevilla, C\/ Francos 33 : une salle intime qui a r\u00e9uni artistes, professionnels et passionn\u00e9s de flamenco entre 2022 et 2024.","robots":{"index":"index","follow":"follow","max-snippet":"max-snippet:-1","max-image-preview":"max-image-preview:large","max-video-preview":"max-video-preview:-1"},"canonical":"https:\/\/www.tablaosflamencos.com\/fr\/centro-flamenco-seville-lieu-rencontre-flamenco.html","og_locale":"fr_FR","og_type":"article","og_title":"Quand le Centro Flamenco de Sevilla \u00e9tait un lieu de rencontre du flamenco dans la ville","og_description":"L\u2019histoire du Centro Flamenco de Sevilla, C\/ Francos 33 : une salle intime qui a r\u00e9uni artistes, professionnels et passionn\u00e9s de flamenco entre 2022 et 2024.","og_url":"https:\/\/www.tablaosflamencos.com\/fr\/centro-flamenco-seville-lieu-rencontre-flamenco.html","og_site_name":"Tablaos Flamencos","article_publisher":"https:\/\/www.facebook.com\/tablaosflamencos","article_published_time":"2026-01-30T17:17:22+00:00","article_modified_time":"2026-09-04T16:40:58+00:00","og_image":[{"width":1920,"height":1280,"url":"https:\/\/www.tablaosflamencos.com\/wp-content\/uploads\/centro-flamenco-de-sevilla-01-49.webp","type":"image\/webp"}],"author":"Miguel Ortiz","twitter_card":"summary_large_image","twitter_creator":"@tablaosflamenco","twitter_site":"@tablaosflamenco","twitter_misc":{"\u00c9crit par":"Miguel Ortiz","Dur\u00e9e de lecture estim\u00e9e":"20 minutes"},"schema":{"@context":"https:\/\/schema.org","@graph":[{"@type":"Article","@id":"https:\/\/www.tablaosflamencos.com\/fr\/centro-flamenco-seville-lieu-rencontre-flamenco.html#article","isPartOf":{"@id":"https:\/\/www.tablaosflamencos.com\/fr\/centro-flamenco-seville-lieu-rencontre-flamenco.html"},"author":{"name":"Miguel Ortiz","@id":"https:\/\/www.tablaosflamencos.com\/fr#\/schema\/person\/e7a9ebe14eb75a52ceabfbffb3c54f5d"},"headline":"Quand le Centro Flamenco de Sevilla \u00e9tait un lieu de rencontre du flamenco dans la ville","datePublished":"2026-01-30T17:17:22+00:00","dateModified":"2026-09-04T16:40:58+00:00","mainEntityOfPage":{"@id":"https:\/\/www.tablaosflamencos.com\/fr\/centro-flamenco-seville-lieu-rencontre-flamenco.html"},"wordCount":4004,"publisher":{"@id":"https:\/\/www.tablaosflamencos.com\/fr#organization"},"image":{"@id":"https:\/\/www.tablaosflamencos.com\/fr\/centro-flamenco-seville-lieu-rencontre-flamenco.html#primaryimage"},"thumbnailUrl":"https:\/\/www.tablaosflamencos.com\/wp-content\/uploads\/centro-flamenco-de-sevilla-01-49.webp","keywords":["Centro Flamenco de Sevilla","flamenco en Sevilla","histoire du flamenco","sevilla","tablao flamenco Sevilla","tablaos de Sevilla"],"articleSection":["Tablaos et spectacles flamenco"],"inLanguage":"fr-FR"},{"@type":"WebPage","@id":"https:\/\/www.tablaosflamencos.com\/fr\/centro-flamenco-seville-lieu-rencontre-flamenco.html","url":"https:\/\/www.tablaosflamencos.com\/fr\/centro-flamenco-seville-lieu-rencontre-flamenco.html","name":"Centro Flamenco de Sevilla : histoire d\u2019un lieu de rencontre","isPartOf":{"@id":"https:\/\/www.tablaosflamencos.com\/fr#website"},"primaryImageOfPage":{"@id":"https:\/\/www.tablaosflamencos.com\/fr\/centro-flamenco-seville-lieu-rencontre-flamenco.html#primaryimage"},"image":{"@id":"https:\/\/www.tablaosflamencos.com\/fr\/centro-flamenco-seville-lieu-rencontre-flamenco.html#primaryimage"},"thumbnailUrl":"https:\/\/www.tablaosflamencos.com\/wp-content\/uploads\/centro-flamenco-de-sevilla-01-49.webp","datePublished":"2026-01-30T17:17:22+00:00","dateModified":"2026-09-04T16:40:58+00:00","description":"L\u2019histoire du Centro Flamenco de Sevilla, C\/ Francos 33 : une salle intime qui a r\u00e9uni artistes, professionnels et passionn\u00e9s de flamenco entre 2022 et 2024.","breadcrumb":{"@id":"https:\/\/www.tablaosflamencos.com\/fr\/centro-flamenco-seville-lieu-rencontre-flamenco.html#breadcrumb"},"inLanguage":"fr-FR","potentialAction":[{"@type":"ReadAction","target":["https:\/\/www.tablaosflamencos.com\/fr\/centro-flamenco-seville-lieu-rencontre-flamenco.html"]}]},{"@type":"ImageObject","inLanguage":"fr-FR","@id":"https:\/\/www.tablaosflamencos.com\/fr\/centro-flamenco-seville-lieu-rencontre-flamenco.html#primaryimage","url":"https:\/\/www.tablaosflamencos.com\/wp-content\/uploads\/centro-flamenco-de-sevilla-01-49.webp","contentUrl":"https:\/\/www.tablaosflamencos.com\/wp-content\/uploads\/centro-flamenco-de-sevilla-01-49.webp","width":1920,"height":1280,"caption":"Centro Flamenco de Sevilla"},{"@type":"BreadcrumbList","@id":"https:\/\/www.tablaosflamencos.com\/fr\/centro-flamenco-seville-lieu-rencontre-flamenco.html#breadcrumb","itemListElement":[{"@type":"ListItem","position":1,"name":"Home","item":"https:\/\/www.tablaosflamencos.com\/fr"},{"@type":"ListItem","position":2,"name":"Quand le Centro Flamenco de Sevilla \u00e9tait un lieu de rencontre du flamenco dans la ville"}]},{"@type":"WebSite","@id":"https:\/\/www.tablaosflamencos.com\/fr#website","url":"https:\/\/www.tablaosflamencos.com\/fr","name":"Tablaos Flamencos","description":"Entradas para tablaos flamencos de Espa\u00f1a","publisher":{"@id":"https:\/\/www.tablaosflamencos.com\/fr#organization"},"alternateName":"Tablaos Flamencos","potentialAction":[{"@type":"SearchAction","target":{"@type":"EntryPoint","urlTemplate":"https:\/\/www.tablaosflamencos.com\/fr?s={search_term_string}"},"query-input":{"@type":"PropertyValueSpecification","valueRequired":true,"valueName":"search_term_string"}}],"inLanguage":"fr-FR"},{"@type":["Organization","Place","EntertainmentBusiness"],"@id":"https:\/\/www.tablaosflamencos.com\/fr#organization","name":"Tablaos Flamencos","alternateName":"Tablaos Flamencos","url":"https:\/\/www.tablaosflamencos.com\/fr","logo":{"@id":"https:\/\/www.tablaosflamencos.com\/fr\/centro-flamenco-seville-lieu-rencontre-flamenco.html#local-main-organization-logo"},"image":{"@id":"https:\/\/www.tablaosflamencos.com\/fr\/centro-flamenco-seville-lieu-rencontre-flamenco.html#local-main-organization-logo"},"sameAs":["https:\/\/www.facebook.com\/tablaosflamencos","https:\/\/x.com\/tablaosflamenco","https:\/\/mastodon.social\/@tablaosflamencos","https:\/\/www.instagram.com\/tablaosflamencos","https:\/\/tiktok.com\/@tablaosflamencos","https:\/\/www.linkedin.com\/company\/109408238\/"],"description":"Venta de entradas para espect\u00e1culos flamencos","legalName":"Tablaos Flamencos","foundingDate":"2015-01-01","numberOfEmployees":{"@type":"QuantitativeValue","minValue":"1","maxValue":"10"},"address":{"@id":"https:\/\/www.tablaosflamencos.com\/fr\/centro-flamenco-seville-lieu-rencontre-flamenco.html#local-main-place-address"},"geo":{"@type":"GeoCoordinates","latitude":"37.3868072","longitude":"-5.993280299999999"},"telephone":["+34623787787"],"contactPoint":{"@type":"ContactPoint","telephone":"+34623787787","email":"info@tablaosflamencos.com"},"openingHoursSpecification":{"@type":"OpeningHoursSpecification","dayOfWeek":["Monday","Tuesday","Wednesday","Thursday","Friday","Saturday","Sunday"],"opens":"00:00","closes":"23:59"},"email":"info@tablaosflamencos.com","priceRange":"$$$","currenciesAccepted":"\u20ac"},{"@type":"Person","@id":"https:\/\/www.tablaosflamencos.com\/fr#\/schema\/person\/e7a9ebe14eb75a52ceabfbffb3c54f5d","name":"Miguel Ortiz","description":"Miguel Ortiz es un empresario flamenco, con una s\u00f3lida trayectoria dentro del sector. Ha presidido entidades culturales vinculadas al flamenco y, cuenta con un amplio recorrido profesional en la gesti\u00f3n y promoci\u00f3n de espect\u00e1culos y tablaos flamencos. Su pasi\u00f3n por la historia y el arte flamenco se refleja en cada art\u00edculo, donde combina experiencia, criterio y un profundo respeto por la tradici\u00f3n.","sameAs":["https:\/\/www.tablaosflamencos.com","https:\/\/www.instagra.com\/miguelortizfe","https:\/\/www.linkedin.com\/in\/miguelortizf\/"],"birthDate":"1984-11-22","gender":"hombre","knowsLanguage":["espa\u00f1ol","ingl\u00e9s"],"jobTitle":"Empresario flamenco"},{"@type":"PostalAddress","@id":"https:\/\/www.tablaosflamencos.com\/fr\/centro-flamenco-seville-lieu-rencontre-flamenco.html#local-main-place-address","streetAddress":"C\/ Alemanes, 19","addressLocality":"Sevilla","postalCode":"41004","addressRegion":"Sevilla","addressCountry":"ES"},{"@type":"ImageObject","inLanguage":"fr-FR","@id":"https:\/\/www.tablaosflamencos.com\/fr\/centro-flamenco-seville-lieu-rencontre-flamenco.html#local-main-organization-logo","url":"https:\/\/www.tablaosflamencos.com\/wp-content\/uploads\/tablaos-flamencos-06-3.webp","contentUrl":"https:\/\/www.tablaosflamencos.com\/wp-content\/uploads\/tablaos-flamencos-06-3.webp","width":600,"height":620,"caption":"Tablaos Flamencos"}]},"geo.placename":"Sevilla","geo.position":{"lat":"37.3868072","long":"-5.993280299999999"},"geo.region":"Espagne"},"_links":{"self":[{"href":"https:\/\/www.tablaosflamencos.com\/fr\/wp-json\/wp\/v2\/posts\/14482","targetHints":{"allow":["GET"]}}],"collection":[{"href":"https:\/\/www.tablaosflamencos.com\/fr\/wp-json\/wp\/v2\/posts"}],"about":[{"href":"https:\/\/www.tablaosflamencos.com\/fr\/wp-json\/wp\/v2\/types\/post"}],"author":[{"embeddable":true,"href":"https:\/\/www.tablaosflamencos.com\/fr\/wp-json\/wp\/v2\/users\/1"}],"replies":[{"embeddable":true,"href":"https:\/\/www.tablaosflamencos.com\/fr\/wp-json\/wp\/v2\/comments?post=14482"}],"version-history":[{"count":2,"href":"https:\/\/www.tablaosflamencos.com\/fr\/wp-json\/wp\/v2\/posts\/14482\/revisions"}],"predecessor-version":[{"id":14491,"href":"https:\/\/www.tablaosflamencos.com\/fr\/wp-json\/wp\/v2\/posts\/14482\/revisions\/14491"}],"wp:featuredmedia":[{"embeddable":true,"href":"https:\/\/www.tablaosflamencos.com\/fr\/wp-json\/wp\/v2\/media\/14456"}],"wp:attachment":[{"href":"https:\/\/www.tablaosflamencos.com\/fr\/wp-json\/wp\/v2\/media?parent=14482"}],"wp:term":[{"taxonomy":"category","embeddable":true,"href":"https:\/\/www.tablaosflamencos.com\/fr\/wp-json\/wp\/v2\/categories?post=14482"},{"taxonomy":"post_tag","embeddable":true,"href":"https:\/\/www.tablaosflamencos.com\/fr\/wp-json\/wp\/v2\/tags?post=14482"}],"curies":[{"name":"wp","href":"https:\/\/api.w.org\/{rel}","templated":true}]}}