{"id":14386,"date":"2026-09-04T17:00:57","date_gmt":"2026-09-04T15:00:57","guid":{"rendered":"https:\/\/www.tablaosflamencos.com\/?p=14386"},"modified":"2026-09-04T17:31:15","modified_gmt":"2026-09-04T15:31:15","slug":"festival-cante-jondo-antonio-mairena-2026-depuis-seville","status":"publish","type":"post","link":"https:\/\/www.tablaosflamencos.com\/fr\/festival-cante-jondo-antonio-mairena-2026-depuis-seville.html","title":{"rendered":"Festival de Cante Jondo Antonio Mairena 2026 : programme, billets et comment venir depuis S\u00e9ville"},"content":{"rendered":"<section class=\"l-section wpb_row height_huge\"><div class=\"l-section-h i-cf\"><div class=\"g-cols vc_row via_flex valign_middle type_default stacking_default\"><div class=\"vc_col-sm-6 wpb_column vc_column_container\"><div class=\"vc_column-inner\"><div class=\"wpb_wrapper\"><div class=\"wpb_text_column\"><div class=\"wpb_wrapper\"><h2>L\u2019un des grands rendez-vous du cante jondo \u00e0 moins d\u2019une heure de S\u00e9ville<\/h2>\n<p>Le <strong>Festival de Cante Jondo Antonio Mairena 2026<\/strong> c\u00e9l\u00e8bre sa 65e \u00e9dition du <strong>1er au 5 septembre 2026<\/strong> \u00e0 Mairena del Alcor. D\u00e9clar\u00e9 F\u00eate d\u2019int\u00e9r\u00eat touristique d\u2019Andalousie, il r\u00e9unit pendant cinq jours cante, danse, guitare, conf\u00e9rences et activit\u00e9s de formation dans plusieurs espaces de cette commune de la province de S\u00e9ville.<\/p>\n<p>L\u2019\u00e9dition 2026 est d\u00e9di\u00e9e au cantaor <strong>Diego Clavel<\/strong> et se termine le samedi 5 septembre par une grande gala \u00e0 l\u2019Auditorio Municipal Manuel Mairena. L\u2019affiche r\u00e9unit Jos\u00e9 Merc\u00e9, La Macanita, Juan de Mairena, Roc\u00edo Luna et Farruquito, accompagn\u00e9s de guitaristes et d\u2019artistes de premier plan.<\/p>\n<p>Ce guide rassemble le programme complet, les prix et points de vente officiels des billets, les diff\u00e9rents lieux du festival et les options les plus pratiques pour rejoindre Mairena del Alcor depuis S\u00e9ville.<\/p>\n<\/div><\/div><\/div><\/div><\/div><div class=\"vc_col-sm-6 wpb_column vc_column_container\"><div class=\"vc_column-inner\"><div class=\"wpb_wrapper\"><div class=\"wpb_text_column\"><div class=\"wpb_wrapper\"><blockquote>\n<p style=\"margin: 0;\"><strong>R\u00e9ponse rapide :<\/strong> le Festival de Cante Jondo Antonio Mairena 2026 se d\u00e9roule du 1er au 5 septembre \u00e0 Mairena del Alcor. La grande gala aura lieu le samedi 5 \u00e0 22h00 \u00e0 l\u2019Auditorio Municipal Manuel Mairena, avec Jos\u00e9 Merc\u00e9, La Macanita, Juan de Mairena, Roc\u00edo Luna et Farruquito. Les billets sont propos\u00e9s \u00e0 partir de 10 euros et sont vendus via les canaux officiels de la mairie et Giglon.<\/p>\n<\/blockquote>\n<\/div><\/div><\/div><\/div><\/div><\/div><\/div><\/section><section class=\"l-section wpb_row height_huge\"><div class=\"l-section-h i-cf\"><div class=\"g-cols vc_row via_flex valign_top type_default stacking_default\"><div class=\"vc_col-sm-3 wpb_column vc_column_container\"><div class=\"vc_column-inner\"><div class=\"wpb_wrapper\"><\/div><\/div><\/div><div class=\"vc_col-sm-6 wpb_column vc_column_container\"><div class=\"vc_column-inner\"><div class=\"wpb_wrapper\"><div class=\"wpb_text_column\"><div class=\"wpb_wrapper\"><h2>Sommaire de ce guide<\/h2>\n<ul>\n<li><a href=\"#datos-clave\">Informations cl\u00e9s sur le Festival Antonio Mairena 2026<\/a><\/li>\n<li><a href=\"#programacion\">Programme complet du 1er au 5 septembre<\/a><\/li>\n<li><a href=\"#gala\">La grande gala du samedi 5<\/a><\/li>\n<li><a href=\"#concurso\">Le Concours national transform\u00e9 en festival<\/a><\/li>\n<li><a href=\"#entradas\">Billets, prix et o\u00f9 les acheter<\/a><\/li>\n<li><a href=\"#espacios\">O\u00f9 se d\u00e9roule le festival<\/a><\/li>\n<li><a href=\"#desde-sevilla\">Comment venir depuis S\u00e9ville<\/a><\/li>\n<li><a href=\"#consejos\">Conseils pratiques<\/a><\/li>\n<li><a href=\"#faq\">Questions fr\u00e9quentes<\/a><\/li>\n<\/ul>\n<\/div><\/div><\/div><\/div><\/div><div class=\"vc_col-sm-3 wpb_column vc_column_container\"><div class=\"vc_column-inner\"><div class=\"wpb_wrapper\"><\/div><\/div><\/div><\/div><\/div><\/section><section class=\"l-section wpb_row height_huge color_alternate with_shape\"><div class=\"l-section-shape type_zigzag pos_top hor_flip\" style=\"height:3vmin;\"><svg xmlns=\"http:\/\/www.w3.org\/2000\/svg\" viewBox=\"0 0 64 8\" preserveAspectRatio=\"none\" width=\"100%\" height=\"100%\">\r\n\t<path fill=\"currentColor\" d=\"M64 8 L0 8 L0 0 L20 7.9 L40 3 L48 5 L64 0 Z\"\/>\r\n<\/svg><\/div><div class=\"l-section-shape type_zigzag pos_bottom\" style=\"height:3vmin;\"><svg xmlns=\"http:\/\/www.w3.org\/2000\/svg\" viewBox=\"0 0 64 8\" preserveAspectRatio=\"none\" width=\"100%\" height=\"100%\">\r\n\t<path fill=\"currentColor\" d=\"M64 8 L0 8 L0 0 L20 7.9 L40 3 L48 5 L64 0 Z\"\/>\r\n<\/svg><\/div><div class=\"l-section-h i-cf\"><div class=\"g-cols vc_row via_flex valign_top type_default stacking_default\"><div class=\"vc_col-sm-12 wpb_column vc_column_container\"><div class=\"vc_column-inner\"><div class=\"wpb_wrapper\"><div class=\"wpb_text_column\"><div class=\"wpb_wrapper\"><h2 id=\"datos-clave\">Festival de Cante Jondo Antonio Mairena 2026 : informations cl\u00e9s<\/h2>\n<table>\n<tbody>\n<tr>\n<td><strong>\u00c9dition<\/strong><\/td>\n<td>LXV, 65e \u00e9dition<\/td>\n<\/tr>\n<tr>\n<td><strong>Dates<\/strong><\/td>\n<td>1er\u20135 septembre 2026<\/td>\n<\/tr>\n<tr>\n<td><strong>Localit\u00e9<\/strong><\/td>\n<td>Mairena del Alcor, S\u00e9ville<\/td>\n<\/tr>\n<tr>\n<td><strong>Hommage<\/strong><\/td>\n<td>Diego Clavel<\/td>\n<\/tr>\n<tr>\n<td><strong>Gala principale<\/strong><\/td>\n<td>Samedi 5 septembre, 22h00<\/td>\n<\/tr>\n<tr>\n<td><strong>Lieu de la gala<\/strong><\/td>\n<td>Auditorio Municipal Manuel Mairena<\/td>\n<\/tr>\n<tr>\n<td><strong>Prix<\/strong><\/td>\n<td>\u00c0 partir de 10 \u20ac ; gala \u00e0 partir de 15 \u20ac<\/td>\n<\/tr>\n<tr>\n<td><strong>Vente<\/strong><\/td>\n<td>Mairie de Mairena del Alcor, Giglon et vente en pr\u00e9sentiel<\/td>\n<\/tr>\n<\/tbody>\n<\/table>\n<p>Le festival est n\u00e9 en 1962 et s\u2019est impos\u00e9 comme l\u2019un des rendez-vous historiques du calendrier flamenco andalou. Son lien avec Antonio Mairena et avec la tradition du cante de Los Alcores lui donne une identit\u00e9 particuli\u00e8rement attach\u00e9e au chant, m\u00eame si le programme actuel fait \u00e9galement une place \u00e0 la danse, \u00e0 la guitare, \u00e0 la formation et \u00e0 la diffusion.<\/p>\n<\/div><\/div><\/div><\/div><\/div><\/div><\/div><\/section><section class=\"l-section wpb_row height_huge\"><div class=\"l-section-h i-cf\"><div class=\"g-cols vc_row via_flex valign_top type_default stacking_default\"><div class=\"vc_col-sm-12 wpb_column vc_column_container\"><div class=\"vc_column-inner\"><div class=\"wpb_wrapper\"><div class=\"wpb_text_column\"><div class=\"wpb_wrapper\"><h2 id=\"programacion\">Programme complet du Festival Antonio Mairena 2026<\/h2>\n<h3>Mardi 1er septembre : ouverture et hommage \u00e0 Diego Clavel<\/h3>\n<p><strong>Casa Palacio de los Duques de Arcos.<\/strong><\/p>\n<ul>\n<li><strong>21h00 :<\/strong> inauguration officielle du LXV Festival de Cante Jondo Antonio Mairena.<\/li>\n<li><strong>21h15 :<\/strong> conf\u00e9rence \u00ab Diego Clavel, \u00e9thique et esth\u00e9tique \u00bb, par Pedro Lopeh.<\/li>\n<li><strong>22h30 :<\/strong> r\u00e9cital de Rubito de Par\u00e1, accompagn\u00e9 \u00e0 la guitare par Antonio Carri\u00f3n.<\/li>\n<\/ul>\n<p>La premi\u00e8re soir\u00e9e place l\u2019artiste honor\u00e9 au c\u0153ur de l\u2019\u00e9dition et associe r\u00e9flexion et cante. Diego Clavel entretient un lien historique avec le concours : il a remport\u00e9 le Concurso de Cante Jondo Antonio Mairena en 1970.<\/p>\n<h3>Mercredi 2 septembre : Ballet Flamenco de Andaluc\u00eda<\/h3>\n<p><strong>Teatro Municipal Calixto S\u00e1nchez, 21h30.<\/strong> Le Ballet Flamenco de Andaluc\u00eda pr\u00e9sente <em>Flamenco Patrimonio<\/em>, un spectacle centr\u00e9 sur les racines, la transmission et l\u2019\u00e9volution du flamenco.<\/p>\n<h3>Jeudi 3 septembre : formation, m\u00e9moire et guitare<\/h3>\n<p>La journ\u00e9e se partage entre le Teatro Municipal Calixto S\u00e1nchez et la Casa Palacio de los Duques de Arcos.<\/p>\n<ul>\n<li><strong>11h00 :<\/strong> masterclass gratuite de danse avec Alejandro Rodr\u00edguez, dans la limite des places disponibles.<\/li>\n<li><strong>21h00 :<\/strong> rencontre \u00ab Romerito de Jerez, presque un si\u00e8cle de t\u00e9moignage flamenco \u00bb, avec Romerito de Jerez et Juan Garrido.<\/li>\n<li><strong>22h30 :<\/strong> r\u00e9cital de guitare de Diego del Morao.<\/li>\n<\/ul>\n<p>Le r\u00e9cital de Diego del Morao est l\u2019un des moments les plus int\u00e9ressants pour les amateurs de guitare : il appartient \u00e0 l\u2019une des grandes lign\u00e9es de guitaristes de Jerez et son langage associe tradition, personnalit\u00e9 et sonorit\u00e9 r\u00e9solument contemporaine.<\/p>\n<h3 id=\"concurso\">Vendredi 4 septembre : LXIV Concours national de Cante Jondo<\/h3>\n<p>En 2026, le concours comp\u00e9titif est exceptionnellement transform\u00e9 en <strong>\u00ab Le concours devenu festival \u00bb<\/strong>, une r\u00e9union d\u2019anciens laur\u00e9ats d\u00e9di\u00e9e \u00e0 Aurora Vargas.<\/p>\n<p>\u00c0 partir de 22h00 se produiront Remedios Reyes avec Julio Romero ; Ana La Yiya avec Antonio Garc\u00eda ; Caracolillo de C\u00e1diz avec Nono Reyes ; Manuel C\u00e1stulo avec Manolo Herrera ; et Rubio de Pruna avec Marcos de Silva. La soir\u00e9e comprend \u00e9galement la danse de Mar\u00eda T\u00e1vora et de son groupe, les palmas de Cepa N\u00fa\u00f1ez et Manuel Vinaza, ainsi que la pr\u00e9sentation de Juan Garrido.<\/p>\n<\/div><\/div><\/div><\/div><\/div><\/div><\/div><\/section><section class=\"l-section wpb_row height_huge color_alternate with_shape\"><div class=\"l-section-shape type_zigzag pos_top hor_flip\" style=\"height:3vmin;\"><svg xmlns=\"http:\/\/www.w3.org\/2000\/svg\" viewBox=\"0 0 64 8\" preserveAspectRatio=\"none\" width=\"100%\" height=\"100%\">\r\n\t<path fill=\"currentColor\" d=\"M64 8 L0 8 L0 0 L20 7.9 L40 3 L48 5 L64 0 Z\"\/>\r\n<\/svg><\/div><div class=\"l-section-shape type_zigzag pos_bottom\" style=\"height:3vmin;\"><svg xmlns=\"http:\/\/www.w3.org\/2000\/svg\" viewBox=\"0 0 64 8\" preserveAspectRatio=\"none\" width=\"100%\" height=\"100%\">\r\n\t<path fill=\"currentColor\" d=\"M64 8 L0 8 L0 0 L20 7.9 L40 3 L48 5 L64 0 Z\"\/>\r\n<\/svg><\/div><div class=\"l-section-h i-cf\"><div class=\"g-cols vc_row via_flex valign_top type_default stacking_default\"><div class=\"vc_col-sm-12 wpb_column vc_column_container\"><div class=\"vc_column-inner\"><div class=\"wpb_wrapper\"><div class=\"wpb_text_column\"><div class=\"wpb_wrapper\"><h2 id=\"gala\">Samedi 5 septembre : la grande Gala du Festival<\/h2>\n<p><strong>Auditorio Municipal Manuel Mairena, 22h00.<\/strong><\/p>\n<p>La grande soir\u00e9e de la LXV \u00e9dition r\u00e9unit une affiche con\u00e7ue pour faire dialoguer diff\u00e9rentes g\u00e9n\u00e9rations et diff\u00e9rents langages du flamenco.<\/p>\n<ul>\n<li><strong>Au cante :<\/strong> Jos\u00e9 Merc\u00e9, La Macanita, Juan de Mairena et Roc\u00edo Luna.<\/li>\n<li><strong>\u00c0 la guitare :<\/strong> Antonio Higuero, Manuel Valencia et Francis G\u00f3mez.<\/li>\n<li><strong>\u00c0 la danse :<\/strong> Juan Manuel Fern\u00e1ndez Montoya \u00ab Farruquito \u00bb.<\/li>\n<\/ul>\n<p>Farruquito sera accompagn\u00e9 par Ismael de la Rosa \u00ab Bola \u00bb, Manuel de la Nina et Mari Viz\u00e1rraga au cante, Manuel Valencia \u00e0 la guitare et Paco Vega aux percussions.<\/p>\n<p>Pour ceux qui viennent sp\u00e9cialement de S\u00e9ville pour cette journ\u00e9e, la gala est l\u2019\u00e9v\u00e9nement central du festival. Jos\u00e9 Merc\u00e9 et La Macanita incarnent deux mani\u00e8res essentielles de comprendre le cante actuel, tandis que Roc\u00edo Luna apporte la voix d\u2019une g\u00e9n\u00e9ration plus jeune. La danse de Farruquito ajoute une forte dimension sc\u00e9nique \u00e0 une soir\u00e9e qui, malgr\u00e9 le nom historique du festival, ne se limite pas au r\u00e9cital traditionnel de cante et guitare.<\/p>\n<\/div><\/div><\/div><\/div><\/div><\/div><\/div><\/section><section class=\"l-section wpb_row height_huge\"><div class=\"l-section-h i-cf\"><div class=\"g-cols vc_row via_flex valign_top type_default stacking_default\"><div class=\"vc_col-sm-12 wpb_column vc_column_container\"><div class=\"vc_column-inner\"><div class=\"wpb_wrapper\"><div class=\"wpb_text_column\"><div class=\"wpb_wrapper\"><h2 id=\"entradas\">Billets pour le Festival Antonio Mairena 2026 : prix et vente officielle<\/h2>\n<p>La vente officielle s\u2019effectue par les canaux annonc\u00e9s par l\u2019organisation : le site de la mairie de Mairena del Alcor, la plateforme Giglon et la vente en pr\u00e9sentiel \u00e0 la Villa del Conocimiento y las Artes.<\/p>\n<table>\n<tbody>\n<tr>\n<td><strong>Flamenkada<\/strong><\/td>\n<td>10 \u20ac<\/td>\n<\/tr>\n<tr>\n<td><strong>Flamenkada + Festival<\/strong><\/td>\n<td>20 \u20ac<\/td>\n<\/tr>\n<tr>\n<td><strong>Flamenco Patrimonio<\/strong><\/td>\n<td>10 \u20ac<\/td>\n<\/tr>\n<tr>\n<td><strong>Gala du Festival, placement libre<\/strong><\/td>\n<td>15 \u20ac<\/td>\n<\/tr>\n<tr>\n<td><strong>Gala du Festival, place num\u00e9rot\u00e9e<\/strong><\/td>\n<td>20 \u20ac<\/td>\n<\/tr>\n<tr>\n<td><strong>Flamenkada + Flamenco Patrimonio + Gala<\/strong><\/td>\n<td>25 \u20ac<\/td>\n<\/tr>\n<\/tbody>\n<\/table>\n<p>La vente en pr\u00e9sentiel est annonc\u00e9e dans le b\u00e2timent <strong>Villa del Conocimiento y las Artes<\/strong>, de 9h00 \u00e0 14h00. Comme pour tout festival \u00e0 jauge limit\u00e9e, nous recommandons de v\u00e9rifier les disponibilit\u00e9s sur le canal officiel avant de vous d\u00e9placer, notamment pour la gala du samedi.<\/p>\n<p>Nous d\u00e9conseillons d\u2019acheter des billets aupr\u00e8s d\u2019interm\u00e9diaires non identifi\u00e9s par l\u2019organisation. Si une s\u00e9ance appara\u00eet compl\u00e8te sur la billetterie officielle, il est utile de consulter \u00e9galement les informations actualis\u00e9es de la mairie en cas de retours, de remise en vente de contingents ou d\u2019instructions particuli\u00e8res au guichet.<\/p>\n<\/div><\/div><div class=\"w-separator size_medium\"><\/div><div class=\"w-hwrapper valign_top align_center\" style=\"--hwrapper-gap:1.2rem\"><div class=\"w-btn-wrapper align_center\"><a class=\"w-btn us-btn-style_1 icon_atleft\" href=\"https:\/\/www.giglon.com\"><i class=\"fas fa-ticket-alt\"><\/i><span class=\"w-btn-label\">Acheter des billets sur Giglon<\/span><\/a><\/div><\/div><\/div><\/div><\/div><\/div><\/div><\/section><section class=\"l-section wpb_row height_huge color_alternate with_shape\"><div class=\"l-section-shape type_zigzag pos_top hor_flip\" style=\"height:3vmin;\"><svg xmlns=\"http:\/\/www.w3.org\/2000\/svg\" viewBox=\"0 0 64 8\" preserveAspectRatio=\"none\" width=\"100%\" height=\"100%\">\r\n\t<path fill=\"currentColor\" d=\"M64 8 L0 8 L0 0 L20 7.9 L40 3 L48 5 L64 0 Z\"\/>\r\n<\/svg><\/div><div class=\"l-section-shape type_zigzag pos_bottom\" style=\"height:3vmin;\"><svg xmlns=\"http:\/\/www.w3.org\/2000\/svg\" viewBox=\"0 0 64 8\" preserveAspectRatio=\"none\" width=\"100%\" height=\"100%\">\r\n\t<path fill=\"currentColor\" d=\"M64 8 L0 8 L0 0 L20 7.9 L40 3 L48 5 L64 0 Z\"\/>\r\n<\/svg><\/div><div class=\"l-section-h i-cf\"><div class=\"g-cols vc_row via_flex valign_top type_default stacking_default\"><div class=\"vc_col-sm-12 wpb_column vc_column_container\"><div class=\"vc_column-inner\"><div class=\"wpb_wrapper\"><div class=\"wpb_text_column\"><div class=\"wpb_wrapper\"><h2 id=\"espacios\">O\u00f9 se d\u00e9roule le festival<\/h2>\n<p>Le Festival Antonio Mairena ne se d\u00e9roule pas dans un seul lieu. Le programme utilise plusieurs espaces culturels de Mairena del Alcor :<\/p>\n<h3>Casa Palacio de los Duques de Arcos<\/h3>\n<p>C\u2019est l\u2019un des cadres historiques de la semaine, o\u00f9 se tiennent conf\u00e9rences, rencontres et r\u00e9citals. L\u2019atmosph\u00e8re de la cour favorise un format plus proche, particuli\u00e8rement adapt\u00e9 au cante et \u00e0 la guitare.<\/p>\n<h3>Teatro Municipal Calixto S\u00e1nchez<\/h3>\n<p>Il accueille les propositions de format th\u00e9\u00e2tral, comme le spectacle du Ballet Flamenco de Andaluc\u00eda, ainsi que les activit\u00e9s de formation.<\/p>\n<h3>Auditorio Municipal Manuel Mairena<\/h3>\n<p>C\u2019est le plus grand espace et le lieu de la grande gala du samedi 5. Il se trouve dans le secteur du Camino de Alconchel \u00e0 Mairena del Alcor.<\/p>\n<p>Avant de partir, il est conseill\u00e9 de v\u00e9rifier le lieu exact de chaque activit\u00e9 : toutes les journ\u00e9es du festival ne se d\u00e9roulent pas \u00e0 l\u2019Auditorio Manuel Mairena.<\/p>\n<\/div><\/div><\/div><\/div><\/div><\/div><\/div><\/section><section class=\"l-section wpb_row height_huge\"><div class=\"l-section-h i-cf\"><div class=\"g-cols vc_row via_flex valign_top type_default stacking_default\"><div class=\"vc_col-sm-12 wpb_column vc_column_container\"><div class=\"vc_column-inner\"><div class=\"wpb_wrapper\"><div class=\"wpb_text_column\"><div class=\"wpb_wrapper\"><h2 id=\"desde-sevilla\">Comment rejoindre le Festival Antonio Mairena depuis S\u00e9ville<\/h2>\n<p>Mairena del Alcor se trouve \u00e0 l\u2019est de S\u00e9ville, dans la comarque de Los Alcores. Pour les visiteurs h\u00e9berg\u00e9s dans la capitale, deux options principales existent : la voiture et l\u2019autobus interurbain.<\/p>\n<h3>En voiture depuis S\u00e9ville<\/h3>\n<p>C\u2019est l\u2019option la plus souple, surtout pour la gala nocturne. Le trajet est d\u2019environ 25 \u00e0 30 kilom\u00e8tres selon le point de d\u00e9part et dure g\u00e9n\u00e9ralement une demi-heure dans des conditions normales, en empruntant les acc\u00e8s vers Alcal\u00e1 de Guada\u00edra et Mairena del Alcor.<\/p>\n<p>Si vous allez \u00e0 la gala de 22h00, nous recommandons de partir suffisamment t\u00f4t pour trouver une place de stationnement et arriver avant le d\u00e9but. Un \u00e9v\u00e9nement de cette ampleur peut concentrer la circulation sur les acc\u00e8s les plus proches de l\u2019auditorium.<\/p>\n<h3>En autobus depuis S\u00e9ville<\/h3>\n<p>Mairena del Alcor est int\u00e9gr\u00e9e au r\u00e9seau m\u00e9tropolitain du Consorcio de Transportes del \u00c1rea de Sevilla. Des services interurbains relient S\u00e9ville \u00e0 la commune, mais les horaires varient selon les jours ouvrables, les week-ends et la saison.<\/p>\n<p>Pour une repr\u00e9sentation nocturne, le point d\u00e9cisif n\u2019est pas seulement l\u2019horaire aller, mais le <strong>dernier service de retour vers S\u00e9ville<\/strong>. La gala commence \u00e0 22h00 et peut se prolonger ; il est donc indispensable de consulter l\u2019horaire officiel en vigueur avant d\u2019acheter votre billet si vous d\u00e9pendez des transports publics.<\/p>\n<p>S\u2019il n\u2019existe aucun retour compatible, les alternatives sont la voiture personnelle, le taxi ou un service VTC. Pour les groupes de deux \u00e0 quatre personnes, partager le trajet peut \u00eatre particuli\u00e8rement pratique.<\/p>\n<\/div><\/div><\/div><\/div><\/div><\/div><\/div><\/section><section class=\"l-section wpb_row height_huge color_alternate with_shape\"><div class=\"l-section-shape type_zigzag pos_top hor_flip\" style=\"height:3vmin;\"><svg xmlns=\"http:\/\/www.w3.org\/2000\/svg\" viewBox=\"0 0 64 8\" preserveAspectRatio=\"none\" width=\"100%\" height=\"100%\">\r\n\t<path fill=\"currentColor\" d=\"M64 8 L0 8 L0 0 L20 7.9 L40 3 L48 5 L64 0 Z\"\/>\r\n<\/svg><\/div><div class=\"l-section-shape type_zigzag pos_bottom\" style=\"height:3vmin;\"><svg xmlns=\"http:\/\/www.w3.org\/2000\/svg\" viewBox=\"0 0 64 8\" preserveAspectRatio=\"none\" width=\"100%\" height=\"100%\">\r\n\t<path fill=\"currentColor\" d=\"M64 8 L0 8 L0 0 L20 7.9 L40 3 L48 5 L64 0 Z\"\/>\r\n<\/svg><\/div><div class=\"l-section-h i-cf\"><div class=\"g-cols vc_row via_flex valign_top type_default stacking_default\"><div class=\"vc_col-sm-12 wpb_column vc_column_container\"><div class=\"vc_column-inner\"><div class=\"wpb_wrapper\"><div class=\"wpb_text_column\"><div class=\"wpb_wrapper\"><h2 id=\"consejos\">Conseils pour organiser votre visite<\/h2>\n<ul>\n<li><strong>V\u00e9rifiez votre billet avant de partir.<\/strong> La gala est la s\u00e9ance qui devrait attirer le plus de public.<\/li>\n<li><strong>V\u00e9rifiez le lieu exact.<\/strong> Le festival utilise trois espaces diff\u00e9rents.<\/li>\n<li><strong>Arrivez en avance.<\/strong> Surtout si votre billet n\u2019est pas num\u00e9rot\u00e9.<\/li>\n<li><strong>Planifiez votre retour \u00e0 S\u00e9ville.<\/strong> Si vous prenez l\u2019autobus, v\u00e9rifiez le dernier service.<\/li>\n<li><strong>Ne limitez pas votre visite \u00e0 la gala.<\/strong> Le concours sp\u00e9cial, les r\u00e9citals et les rencontres permettent de d\u00e9couvrir une autre dimension du festival.<\/li>\n<li><strong>Profitez-en pour d\u00e9couvrir Mairena del Alcor.<\/strong> Le festival est profond\u00e9ment li\u00e9 \u00e0 l\u2019identit\u00e9 locale et \u00e0 la m\u00e9moire d\u2019Antonio Mairena.<\/li>\n<\/ul>\n<p>Si vous restez plusieurs jours \u00e0 S\u00e9ville, vous pouvez combiner cette escapade avec la programmation r\u00e9guli\u00e8re des <a href=\"https:\/\/www.tablaosflamencos.com\/flamenco-en-sevilla\"><strong>tablaos flamencos \u00e0 S\u00e9ville<\/strong><\/a>. L\u2019exp\u00e9rience est diff\u00e9rente : le Festival Antonio Mairena est un rendez-vous annuel li\u00e9 au territoire et \u00e0 la tradition du cante, tandis que les tablaos permettent de r\u00e9server des spectacles toute l\u2019ann\u00e9e.<\/p>\n<\/div><\/div><\/div><\/div><\/div><\/div><\/div><\/section><section class=\"l-section wpb_row height_huge\"><div class=\"l-section-h i-cf\"><div class=\"g-cols vc_row via_flex valign_top type_default stacking_default\"><div class=\"vc_col-sm-12 wpb_column vc_column_container\"><div class=\"vc_column-inner\"><div class=\"wpb_wrapper\"><div class=\"wpb_text_column\"><div class=\"wpb_wrapper\"><h2>Pourquoi le Festival Antonio Mairena reste une r\u00e9f\u00e9rence<\/h2>\n<p>L\u2019importance du festival ne tient pas uniquement \u00e0 son anciennet\u00e9. Mairena del Alcor occupe une place singuli\u00e8re dans l\u2019histoire du flamenco gr\u00e2ce \u00e0 la figure d\u2019Antonio Mairena, au r\u00f4le des aficionados locaux et \u00e0 une conception du cante qui, pendant des d\u00e9cennies, a influenc\u00e9 la recherche, l\u2019interpr\u00e9tation et l\u2019appr\u00e9ciation de certains styles.<\/p>\n<p>Au fil du temps, le festival a \u00e9largi son langage sans perdre ces racines. En 2026 coexistent une conf\u00e9rence sur Diego Clavel, le Ballet Flamenco de Andaluc\u00eda, une masterclass, une rencontre avec Romerito de Jerez, la guitare de Diego del Morao, une soir\u00e9e consacr\u00e9e \u00e0 d\u2019anciens laur\u00e9ats du concours et une gala r\u00e9unissant de grandes figures du cante et de la danse.<\/p>\n<p>Cette combinaison explique son int\u00e9r\u00eat pour des publics diff\u00e9rents. L\u2019aficionado y trouve des artistes et des formats profond\u00e9ment li\u00e9s \u00e0 la tradition ; les personnes qui d\u00e9couvrent le flamenco disposent d\u2019un programme vari\u00e9 ; et le visiteur s\u00e9journant \u00e0 S\u00e9ville a, \u00e0 courte distance, un rendez-vous \u00e0 l\u2019identit\u00e9 tr\u00e8s diff\u00e9rente de celle des grands th\u00e9\u00e2tres de la capitale.<\/p>\n<\/div><\/div><\/div><\/div><\/div><\/div><\/div><\/section><section class=\"l-section wpb_row height_huge\"><div class=\"l-section-h i-cf\"><div class=\"g-cols vc_row via_flex valign_top type_default stacking_default\"><div class=\"vc_col-sm-1\/5 wpb_column vc_column_container\"><div class=\"vc_column-inner\"><div class=\"wpb_wrapper\"><\/div><\/div><\/div><div class=\"vc_col-sm-3\/5 wpb_column vc_column_container\"><div class=\"vc_column-inner\"><div class=\"wpb_wrapper\"><div class=\"wpb_text_column\"><div class=\"wpb_wrapper\"><h2 id=\"faq\">Questions fr\u00e9quentes sur le Festival Antonio Mairena 2026<\/h2>\n<\/div><\/div><div class=\"w-separator size_medium\"><\/div><div class=\"w-tabs accordion toggle_style_1 has_scrolling\" style=\"--sections-title-size:inherit;--sections-gap:0.5rem;\"><div class=\"w-tabs-sections titles-align_none icon_chevron cpos_right\"><div class=\"w-tabs-section\" id=\"f91f\"><button type=\"button\" class=\"w-tabs-section-header\" aria-controls=\"content-f91f\" aria-expanded=\"false\"><div class=\"w-tabs-section-title\">Quand a lieu le Festival de Cante Jondo Antonio Mairena 2026 ?<\/div><div class=\"w-tabs-section-control\"><\/div><\/button><div  class=\"w-tabs-section-content\" id=\"content-f91f\"><div class=\"w-tabs-section-content-h i-cf\"><div class=\"wpb_text_column\"><div class=\"wpb_wrapper\"><p>La LXV \u00e9dition se d\u00e9roule <strong>du 1er au 5 septembre 2026<\/strong> \u00e0 Mairena del Alcor, dans la province de S\u00e9ville.<\/p>\n<\/div><\/div><\/div><\/div><\/div><div class=\"w-tabs-section\" id=\"ta1d\"><button type=\"button\" class=\"w-tabs-section-header\" aria-controls=\"content-ta1d\" aria-expanded=\"false\"><div class=\"w-tabs-section-title\">Quand a lieu la grande gala du festival ?<\/div><div class=\"w-tabs-section-control\"><\/div><\/button><div  class=\"w-tabs-section-content\" id=\"content-ta1d\"><div class=\"w-tabs-section-content-h i-cf\"><div class=\"wpb_text_column\"><div class=\"wpb_wrapper\"><p>La gala principale aura lieu le <strong>samedi 5 septembre \u00e0 22h00<\/strong> \u00e0 l\u2019Auditorio Municipal Manuel Mairena.<\/p>\n<\/div><\/div><\/div><\/div><\/div><div class=\"w-tabs-section\" id=\"hb11\"><button type=\"button\" class=\"w-tabs-section-header\" aria-controls=\"content-hb11\" aria-expanded=\"false\"><div class=\"w-tabs-section-title\">Qui se produit lors de la gala 2026 ?<\/div><div class=\"w-tabs-section-control\"><\/div><\/button><div  class=\"w-tabs-section-content\" id=\"content-hb11\"><div class=\"w-tabs-section-content-h i-cf\"><div class=\"wpb_text_column\"><div class=\"wpb_wrapper\"><p>L\u2019affiche r\u00e9unit Jos\u00e9 Merc\u00e9, La Macanita, Juan de Mairena et Roc\u00edo Luna au cante, ainsi que Farruquito \u00e0 la danse, avec leurs guitaristes et artistes d\u2019accompagnement respectifs.<\/p>\n<\/div><\/div><\/div><\/div><\/div><div class=\"w-tabs-section\" id=\"obf3\"><button type=\"button\" class=\"w-tabs-section-header\" aria-controls=\"content-obf3\" aria-expanded=\"false\"><div class=\"w-tabs-section-title\">Combien co\u00fbtent les billets ?<\/div><div class=\"w-tabs-section-control\"><\/div><\/button><div  class=\"w-tabs-section-content\" id=\"content-obf3\"><div class=\"w-tabs-section-content-h i-cf\"><div class=\"wpb_text_column\"><div class=\"wpb_wrapper\"><p>Les prix commencent \u00e0 <strong>10 euros<\/strong>. La Gala du Festival co\u00fbte 15 euros en placement libre et 20 euros en place num\u00e9rot\u00e9e, selon les informations officielles publi\u00e9es.<\/p>\n<\/div><\/div><\/div><\/div><\/div><div class=\"w-tabs-section\" id=\"rcc9\"><button type=\"button\" class=\"w-tabs-section-header\" aria-controls=\"content-rcc9\" aria-expanded=\"false\"><div class=\"w-tabs-section-title\">O\u00f9 acheter les billets officiels ?<\/div><div class=\"w-tabs-section-control\"><\/div><\/button><div  class=\"w-tabs-section-content\" id=\"content-rcc9\"><div class=\"w-tabs-section-content-h i-cf\"><div class=\"wpb_text_column\"><div class=\"wpb_wrapper\"><p>L\u2019organisation annonce une vente via la mairie de Mairena del Alcor, la plateforme Giglon et en pr\u00e9sentiel \u00e0 la Villa del Conocimiento y las Artes.<\/p>\n<\/div><\/div><\/div><\/div><\/div><div class=\"w-tabs-section\" id=\"sd96\"><button type=\"button\" class=\"w-tabs-section-header\" aria-controls=\"content-sd96\" aria-expanded=\"false\"><div class=\"w-tabs-section-title\">\u00c0 qui l\u2019\u00e9dition 2026 est-elle d\u00e9di\u00e9e ?<\/div><div class=\"w-tabs-section-control\"><\/div><\/button><div  class=\"w-tabs-section-content\" id=\"content-sd96\"><div class=\"w-tabs-section-content-h i-cf\"><div class=\"wpb_text_column\"><div class=\"wpb_wrapper\"><p>La 65e \u00e9dition est d\u00e9di\u00e9e au cantaor <strong>Diego Clavel<\/strong>, laur\u00e9at du Concurso Antonio Mairena en 1970.<\/p>\n<\/div><\/div><\/div><\/div><\/div><div class=\"w-tabs-section\" id=\"qe5b\"><button type=\"button\" class=\"w-tabs-section-header\" aria-controls=\"content-qe5b\" aria-expanded=\"false\"><div class=\"w-tabs-section-title\">Peut-on venir de S\u00e9ville en autobus ?<\/div><div class=\"w-tabs-section-control\"><\/div><\/button><div  class=\"w-tabs-section-content\" id=\"content-qe5b\"><div class=\"w-tabs-section-content-h i-cf\"><div class=\"wpb_text_column\"><div class=\"wpb_wrapper\"><p>Oui. Il existe des liaisons m\u00e9tropolitaines entre S\u00e9ville et Mairena del Alcor. Pour les activit\u00e9s nocturnes, il est essentiel de v\u00e9rifier le dernier service de retour avant de partir.<\/p>\n<\/div><\/div><\/div><\/div><\/div><div class=\"w-tabs-section\" id=\"yf4c\"><button type=\"button\" class=\"w-tabs-section-header\" aria-controls=\"content-yf4c\" aria-expanded=\"false\"><div class=\"w-tabs-section-title\">Mairena del Alcor est-elle loin de S\u00e9ville ?<\/div><div class=\"w-tabs-section-control\"><\/div><\/button><div  class=\"w-tabs-section-content\" id=\"content-yf4c\"><div class=\"w-tabs-section-content-h i-cf\"><div class=\"wpb_text_column\"><div class=\"wpb_wrapper\"><p>Non. La commune se trouve \u00e0 environ 25\u201330 kilom\u00e8tres de S\u00e9ville et le trajet en voiture dure g\u00e9n\u00e9ralement autour d\u2019une demi-heure dans des conditions normales.<\/p>\n<\/div><\/div><\/div><\/div><\/div><\/div><\/div><\/div><\/div><\/div><div class=\"vc_col-sm-1\/5 wpb_column vc_column_container\"><div class=\"vc_column-inner\"><div class=\"wpb_wrapper\"><\/div><\/div><\/div><\/div><\/div><\/section>\n","protected":false},"excerpt":{"rendered":"<p>Guide du Festival de Cante Jondo Antonio Mairena 2026 : programme complet, artistes, billets, prix, lieux et comment venir depuis S\u00e9ville.<\/p>\n","protected":false},"author":1,"featured_media":14378,"comment_status":"closed","ping_status":"closed","sticky":false,"template":"","format":"standard","meta":{"_acf_changed":false,"wpai_generated_summary":"","_ayudawp_aiss_exclude":false,"_ayudawp_aiss_exclude_summary":false,"_ayudawp_aiss_summary":"","_ayudawp_aiss_summary_provider":"","_ayudawp_aiss_summary_hash":"","footnotes":""},"categories":[1668],"tags":[1989,1391,1983,1241],"class_list":["post-14386","post","type-post","status-publish","format-standard","has-post-thumbnail","hentry","category-festivals-flamenco","tag-antonio-mairena-fr","tag-chant-flamenco","tag-festival-cante-jondo-antonio-mairena-fr","tag-festivales-flamencos"],"acf":[],"yoast_head":"<!-- This site is optimized with the Yoast SEO Premium plugin v28.4 (Yoast SEO v28.4) - https:\/\/yoast.com\/product\/yoast-seo-premium-wordpress\/ -->\n<title>Festival Antonio Mairena 2026 : programme et billets<\/title>\n<meta name=\"description\" content=\"Festival de Cante Jondo Antonio Mairena 2026 : programme complet, artistes, billets, prix, lieux et comment venir depuis S\u00e9ville.\" \/>\n<meta name=\"robots\" content=\"index, follow, max-snippet:-1, max-image-preview:large, max-video-preview:-1\" \/>\n<link rel=\"canonical\" href=\"https:\/\/www.tablaosflamencos.com\/fr\/festival-cante-jondo-antonio-mairena-2026.html\" \/>\n<meta property=\"og:locale\" content=\"fr_FR\" \/>\n<meta property=\"og:type\" content=\"article\" \/>\n<meta property=\"og:title\" content=\"Festival de Cante Jondo Antonio Mairena 2026 : programme, billets et comment venir depuis S\u00e9ville\" \/>\n<meta property=\"og:description\" content=\"Festival de Cante Jondo Antonio Mairena 2026 : programme complet, artistes, billets, prix, lieux et comment venir depuis S\u00e9ville.\" \/>\n<meta property=\"og:url\" content=\"https:\/\/www.tablaosflamencos.com\/fr\/festival-cante-jondo-antonio-mairena-2026.html\" \/>\n<meta property=\"og:site_name\" content=\"Tablaos Flamencos\" \/>\n<meta property=\"article:publisher\" content=\"https:\/\/www.facebook.com\/tablaosflamencos\" \/>\n<meta property=\"article:published_time\" content=\"2026-09-04T15:00:57+00:00\" \/>\n<meta property=\"article:modified_time\" content=\"2026-09-04T15:31:15+00:00\" \/>\n<meta property=\"og:image\" content=\"https:\/\/www.tablaosflamencos.com\/wp-content\/uploads\/festival-de-cante-jondo-antonio-mairena-2026-programacion-entradas-y-como-llegar-desde-sevilla-01.webp\" \/>\n\t<meta property=\"og:image:width\" content=\"1491\" \/>\n\t<meta property=\"og:image:height\" content=\"1055\" \/>\n\t<meta property=\"og:image:type\" content=\"image\/webp\" \/>\n<meta name=\"author\" content=\"Miguel Ortiz\" \/>\n<meta name=\"twitter:card\" content=\"summary_large_image\" \/>\n<meta name=\"twitter:creator\" content=\"@tablaosflamenco\" \/>\n<meta name=\"twitter:site\" content=\"@tablaosflamenco\" \/>\n<meta name=\"twitter:label1\" content=\"\u00c9crit par\" \/>\n\t<meta name=\"twitter:data1\" content=\"Miguel Ortiz\" \/>\n\t<meta name=\"twitter:label2\" content=\"Dur\u00e9e de lecture estim\u00e9e\" \/>\n\t<meta name=\"twitter:data2\" content=\"14 minutes\" \/>\n<script type=\"application\/ld+json\" class=\"yoast-schema-graph\">{\"@context\":\"https:\\\/\\\/schema.org\",\"@graph\":[{\"@type\":\"Article\",\"@id\":\"https:\\\/\\\/www.tablaosflamencos.com\\\/fr\\\/festival-cante-jondo-antonio-mairena-2026.html#article\",\"isPartOf\":{\"@id\":\"https:\\\/\\\/www.tablaosflamencos.com\\\/fr\\\/festival-cante-jondo-antonio-mairena-2026-depuis-seville.html\"},\"author\":{\"name\":\"Miguel Ortiz\",\"@id\":\"https:\\\/\\\/www.tablaosflamencos.com\\\/fr#\\\/schema\\\/person\\\/e7a9ebe14eb75a52ceabfbffb3c54f5d\"},\"headline\":\"Festival de Cante Jondo Antonio Mairena 2026 : programme, billets et comment venir depuis S\u00e9ville\",\"datePublished\":\"2026-09-04T15:00:57+00:00\",\"dateModified\":\"2026-09-04T15:31:15+00:00\",\"mainEntityOfPage\":{\"@id\":\"https:\\\/\\\/www.tablaosflamencos.com\\\/fr\\\/festival-cante-jondo-antonio-mairena-2026-depuis-seville.html\"},\"wordCount\":2718,\"publisher\":{\"@id\":\"https:\\\/\\\/www.tablaosflamencos.com\\\/fr#organization\"},\"image\":{\"@id\":\"https:\\\/\\\/www.tablaosflamencos.com\\\/fr\\\/festival-cante-jondo-antonio-mairena-2026.html#primaryimage\"},\"thumbnailUrl\":\"https:\\\/\\\/www.tablaosflamencos.com\\\/wp-content\\\/uploads\\\/festival-de-cante-jondo-antonio-mairena-2026-programacion-entradas-y-como-llegar-desde-sevilla-01.webp\",\"keywords\":[\"Antonio Mairena\",\"chant flamenco\",\"Festival de Cante Jondo Antonio Mairena\",\"festivales flamencos\"],\"articleSection\":[\"Festivals de flamenco\"],\"inLanguage\":\"fr-FR\"},{\"@type\":\"WebPage\",\"@id\":\"https:\\\/\\\/www.tablaosflamencos.com\\\/fr\\\/festival-cante-jondo-antonio-mairena-2026-depuis-seville.html\",\"url\":\"https:\\\/\\\/www.tablaosflamencos.com\\\/fr\\\/festival-cante-jondo-antonio-mairena-2026.html\",\"name\":\"Festival Antonio Mairena 2026 : programme et billets\",\"isPartOf\":{\"@id\":\"https:\\\/\\\/www.tablaosflamencos.com\\\/fr#website\"},\"primaryImageOfPage\":{\"@id\":\"https:\\\/\\\/www.tablaosflamencos.com\\\/fr\\\/festival-cante-jondo-antonio-mairena-2026.html#primaryimage\"},\"image\":{\"@id\":\"https:\\\/\\\/www.tablaosflamencos.com\\\/fr\\\/festival-cante-jondo-antonio-mairena-2026.html#primaryimage\"},\"thumbnailUrl\":\"https:\\\/\\\/www.tablaosflamencos.com\\\/wp-content\\\/uploads\\\/festival-de-cante-jondo-antonio-mairena-2026-programacion-entradas-y-como-llegar-desde-sevilla-01.webp\",\"datePublished\":\"2026-09-04T15:00:57+00:00\",\"dateModified\":\"2026-09-04T15:31:15+00:00\",\"description\":\"Festival de Cante Jondo Antonio Mairena 2026 : programme complet, artistes, billets, prix, lieux et comment venir depuis S\u00e9ville.\",\"breadcrumb\":{\"@id\":\"https:\\\/\\\/www.tablaosflamencos.com\\\/fr\\\/festival-cante-jondo-antonio-mairena-2026.html#breadcrumb\"},\"inLanguage\":\"fr-FR\",\"potentialAction\":[{\"@type\":\"ReadAction\",\"target\":[\"https:\\\/\\\/www.tablaosflamencos.com\\\/fr\\\/festival-cante-jondo-antonio-mairena-2026.html\"]}]},{\"@type\":\"ImageObject\",\"inLanguage\":\"fr-FR\",\"@id\":\"https:\\\/\\\/www.tablaosflamencos.com\\\/fr\\\/festival-cante-jondo-antonio-mairena-2026.html#primaryimage\",\"url\":\"https:\\\/\\\/www.tablaosflamencos.com\\\/wp-content\\\/uploads\\\/festival-de-cante-jondo-antonio-mairena-2026-programacion-entradas-y-como-llegar-desde-sevilla-01.webp\",\"contentUrl\":\"https:\\\/\\\/www.tablaosflamencos.com\\\/wp-content\\\/uploads\\\/festival-de-cante-jondo-antonio-mairena-2026-programacion-entradas-y-como-llegar-desde-sevilla-01.webp\",\"width\":1491,\"height\":1055,\"caption\":\"Festival de Cante Jondo Antonio Mairena 2026: programaci\u00f3n, entradas y c\u00f3mo llegar desde Sevilla\"},{\"@type\":\"BreadcrumbList\",\"@id\":\"https:\\\/\\\/www.tablaosflamencos.com\\\/fr\\\/festival-cante-jondo-antonio-mairena-2026.html#breadcrumb\",\"itemListElement\":[{\"@type\":\"ListItem\",\"position\":1,\"name\":\"Home\",\"item\":\"https:\\\/\\\/www.tablaosflamencos.com\\\/fr\"},{\"@type\":\"ListItem\",\"position\":2,\"name\":\"Festival de Cante Jondo Antonio Mairena 2026 : programme, billets et comment venir depuis S\u00e9ville\"}]},{\"@type\":\"WebSite\",\"@id\":\"https:\\\/\\\/www.tablaosflamencos.com\\\/fr#website\",\"url\":\"https:\\\/\\\/www.tablaosflamencos.com\\\/fr\",\"name\":\"Tablaos Flamencos\",\"description\":\"Entradas para tablaos flamencos de Espa\u00f1a\",\"publisher\":{\"@id\":\"https:\\\/\\\/www.tablaosflamencos.com\\\/fr#organization\"},\"alternateName\":\"Tablaos Flamencos\",\"potentialAction\":[{\"@type\":\"SearchAction\",\"target\":{\"@type\":\"EntryPoint\",\"urlTemplate\":\"https:\\\/\\\/www.tablaosflamencos.com\\\/fr?s={search_term_string}\"},\"query-input\":{\"@type\":\"PropertyValueSpecification\",\"valueRequired\":true,\"valueName\":\"search_term_string\"}}],\"inLanguage\":\"fr-FR\"},{\"@type\":[\"Organization\",\"Place\",\"EntertainmentBusiness\"],\"@id\":\"https:\\\/\\\/www.tablaosflamencos.com\\\/fr#organization\",\"name\":\"Tablaos Flamencos\",\"alternateName\":\"Tablaos Flamencos\",\"url\":\"https:\\\/\\\/www.tablaosflamencos.com\\\/fr\",\"logo\":{\"@id\":\"https:\\\/\\\/www.tablaosflamencos.com\\\/fr\\\/festival-cante-jondo-antonio-mairena-2026.html#local-main-organization-logo\"},\"image\":{\"@id\":\"https:\\\/\\\/www.tablaosflamencos.com\\\/fr\\\/festival-cante-jondo-antonio-mairena-2026.html#local-main-organization-logo\"},\"sameAs\":[\"https:\\\/\\\/www.facebook.com\\\/tablaosflamencos\",\"https:\\\/\\\/x.com\\\/tablaosflamenco\",\"https:\\\/\\\/mastodon.social\\\/@tablaosflamencos\",\"https:\\\/\\\/www.instagram.com\\\/tablaosflamencos\",\"https:\\\/\\\/tiktok.com\\\/@tablaosflamencos\",\"https:\\\/\\\/www.linkedin.com\\\/company\\\/109408238\\\/\"],\"description\":\"Venta de entradas para espect\u00e1culos flamencos\",\"legalName\":\"Tablaos Flamencos\",\"foundingDate\":\"2015-01-01\",\"numberOfEmployees\":{\"@type\":\"QuantitativeValue\",\"minValue\":\"1\",\"maxValue\":\"10\"},\"address\":{\"@id\":\"https:\\\/\\\/www.tablaosflamencos.com\\\/fr\\\/festival-cante-jondo-antonio-mairena-2026.html#local-main-place-address\"},\"geo\":{\"@type\":\"GeoCoordinates\",\"latitude\":\"37.3868072\",\"longitude\":\"-5.993280299999999\"},\"telephone\":[\"+34623787787\"],\"contactPoint\":{\"@type\":\"ContactPoint\",\"telephone\":\"+34623787787\",\"email\":\"info@tablaosflamencos.com\"},\"openingHoursSpecification\":{\"@type\":\"OpeningHoursSpecification\",\"dayOfWeek\":[\"Monday\",\"Tuesday\",\"Wednesday\",\"Thursday\",\"Friday\",\"Saturday\",\"Sunday\"],\"opens\":\"00:00\",\"closes\":\"23:59\"},\"email\":\"info@tablaosflamencos.com\",\"priceRange\":\"$$$\",\"currenciesAccepted\":\"\u20ac\"},{\"@type\":\"Person\",\"@id\":\"https:\\\/\\\/www.tablaosflamencos.com\\\/fr#\\\/schema\\\/person\\\/e7a9ebe14eb75a52ceabfbffb3c54f5d\",\"name\":\"Miguel Ortiz\",\"description\":\"Miguel Ortiz es un empresario flamenco, con una s\u00f3lida trayectoria dentro del sector. Ha presidido entidades culturales vinculadas al flamenco y, cuenta con un amplio recorrido profesional en la gesti\u00f3n y promoci\u00f3n de espect\u00e1culos y tablaos flamencos. Su pasi\u00f3n por la historia y el arte flamenco se refleja en cada art\u00edculo, donde combina experiencia, criterio y un profundo respeto por la tradici\u00f3n.\",\"sameAs\":[\"https:\\\/\\\/www.tablaosflamencos.com\",\"https:\\\/\\\/www.instagra.com\\\/miguelortizfe\",\"https:\\\/\\\/www.linkedin.com\\\/in\\\/miguelortizf\\\/\"],\"birthDate\":\"1984-11-22\",\"gender\":\"hombre\",\"knowsLanguage\":[\"espa\u00f1ol\",\"ingl\u00e9s\"],\"jobTitle\":\"Empresario flamenco\"},{\"@type\":\"PostalAddress\",\"@id\":\"https:\\\/\\\/www.tablaosflamencos.com\\\/fr\\\/festival-cante-jondo-antonio-mairena-2026.html#local-main-place-address\",\"streetAddress\":\"C\\\/ Alemanes, 19\",\"addressLocality\":\"Sevilla\",\"postalCode\":\"41004\",\"addressRegion\":\"Sevilla\",\"addressCountry\":\"ES\"},{\"@type\":\"ImageObject\",\"inLanguage\":\"fr-FR\",\"@id\":\"https:\\\/\\\/www.tablaosflamencos.com\\\/fr\\\/festival-cante-jondo-antonio-mairena-2026.html#local-main-organization-logo\",\"url\":\"https:\\\/\\\/www.tablaosflamencos.com\\\/wp-content\\\/uploads\\\/tablaos-flamencos-06-3.webp\",\"contentUrl\":\"https:\\\/\\\/www.tablaosflamencos.com\\\/wp-content\\\/uploads\\\/tablaos-flamencos-06-3.webp\",\"width\":600,\"height\":620,\"caption\":\"Tablaos Flamencos\"}]}<\/script>\n<meta name=\"geo.placename\" content=\"Sevilla\" \/>\n<meta name=\"geo.position\" content=\"37.3868072;-5.993280299999999\" \/>\n<meta name=\"geo.region\" content=\"Espagne\" \/>\n<!-- \/ Yoast SEO Premium plugin. -->","yoast_head_json":{"title":"Festival Antonio Mairena 2026 : programme et billets","description":"Festival de Cante Jondo Antonio Mairena 2026 : programme complet, artistes, billets, prix, lieux et comment venir depuis S\u00e9ville.","robots":{"index":"index","follow":"follow","max-snippet":"max-snippet:-1","max-image-preview":"max-image-preview:large","max-video-preview":"max-video-preview:-1"},"canonical":"https:\/\/www.tablaosflamencos.com\/fr\/festival-cante-jondo-antonio-mairena-2026.html","og_locale":"fr_FR","og_type":"article","og_title":"Festival de Cante Jondo Antonio Mairena 2026 : programme, billets et comment venir depuis S\u00e9ville","og_description":"Festival de Cante Jondo Antonio Mairena 2026 : programme complet, artistes, billets, prix, lieux et comment venir depuis S\u00e9ville.","og_url":"https:\/\/www.tablaosflamencos.com\/fr\/festival-cante-jondo-antonio-mairena-2026.html","og_site_name":"Tablaos Flamencos","article_publisher":"https:\/\/www.facebook.com\/tablaosflamencos","article_published_time":"2026-09-04T15:00:57+00:00","article_modified_time":"2026-09-04T15:31:15+00:00","og_image":[{"width":1491,"height":1055,"url":"https:\/\/www.tablaosflamencos.com\/wp-content\/uploads\/festival-de-cante-jondo-antonio-mairena-2026-programacion-entradas-y-como-llegar-desde-sevilla-01.webp","type":"image\/webp"}],"author":"Miguel Ortiz","twitter_card":"summary_large_image","twitter_creator":"@tablaosflamenco","twitter_site":"@tablaosflamenco","twitter_misc":{"\u00c9crit par":"Miguel Ortiz","Dur\u00e9e de lecture estim\u00e9e":"14 minutes"},"schema":{"@context":"https:\/\/schema.org","@graph":[{"@type":"Article","@id":"https:\/\/www.tablaosflamencos.com\/fr\/festival-cante-jondo-antonio-mairena-2026.html#article","isPartOf":{"@id":"https:\/\/www.tablaosflamencos.com\/fr\/festival-cante-jondo-antonio-mairena-2026-depuis-seville.html"},"author":{"name":"Miguel Ortiz","@id":"https:\/\/www.tablaosflamencos.com\/fr#\/schema\/person\/e7a9ebe14eb75a52ceabfbffb3c54f5d"},"headline":"Festival de Cante Jondo Antonio Mairena 2026 : programme, billets et comment venir depuis S\u00e9ville","datePublished":"2026-09-04T15:00:57+00:00","dateModified":"2026-09-04T15:31:15+00:00","mainEntityOfPage":{"@id":"https:\/\/www.tablaosflamencos.com\/fr\/festival-cante-jondo-antonio-mairena-2026-depuis-seville.html"},"wordCount":2718,"publisher":{"@id":"https:\/\/www.tablaosflamencos.com\/fr#organization"},"image":{"@id":"https:\/\/www.tablaosflamencos.com\/fr\/festival-cante-jondo-antonio-mairena-2026.html#primaryimage"},"thumbnailUrl":"https:\/\/www.tablaosflamencos.com\/wp-content\/uploads\/festival-de-cante-jondo-antonio-mairena-2026-programacion-entradas-y-como-llegar-desde-sevilla-01.webp","keywords":["Antonio Mairena","chant flamenco","Festival de Cante Jondo Antonio Mairena","festivales flamencos"],"articleSection":["Festivals de flamenco"],"inLanguage":"fr-FR"},{"@type":"WebPage","@id":"https:\/\/www.tablaosflamencos.com\/fr\/festival-cante-jondo-antonio-mairena-2026-depuis-seville.html","url":"https:\/\/www.tablaosflamencos.com\/fr\/festival-cante-jondo-antonio-mairena-2026.html","name":"Festival Antonio Mairena 2026 : programme et billets","isPartOf":{"@id":"https:\/\/www.tablaosflamencos.com\/fr#website"},"primaryImageOfPage":{"@id":"https:\/\/www.tablaosflamencos.com\/fr\/festival-cante-jondo-antonio-mairena-2026.html#primaryimage"},"image":{"@id":"https:\/\/www.tablaosflamencos.com\/fr\/festival-cante-jondo-antonio-mairena-2026.html#primaryimage"},"thumbnailUrl":"https:\/\/www.tablaosflamencos.com\/wp-content\/uploads\/festival-de-cante-jondo-antonio-mairena-2026-programacion-entradas-y-como-llegar-desde-sevilla-01.webp","datePublished":"2026-09-04T15:00:57+00:00","dateModified":"2026-09-04T15:31:15+00:00","description":"Festival de Cante Jondo Antonio Mairena 2026 : programme complet, artistes, billets, prix, lieux et comment venir depuis S\u00e9ville.","breadcrumb":{"@id":"https:\/\/www.tablaosflamencos.com\/fr\/festival-cante-jondo-antonio-mairena-2026.html#breadcrumb"},"inLanguage":"fr-FR","potentialAction":[{"@type":"ReadAction","target":["https:\/\/www.tablaosflamencos.com\/fr\/festival-cante-jondo-antonio-mairena-2026.html"]}]},{"@type":"ImageObject","inLanguage":"fr-FR","@id":"https:\/\/www.tablaosflamencos.com\/fr\/festival-cante-jondo-antonio-mairena-2026.html#primaryimage","url":"https:\/\/www.tablaosflamencos.com\/wp-content\/uploads\/festival-de-cante-jondo-antonio-mairena-2026-programacion-entradas-y-como-llegar-desde-sevilla-01.webp","contentUrl":"https:\/\/www.tablaosflamencos.com\/wp-content\/uploads\/festival-de-cante-jondo-antonio-mairena-2026-programacion-entradas-y-como-llegar-desde-sevilla-01.webp","width":1491,"height":1055,"caption":"Festival de Cante Jondo Antonio Mairena 2026: programaci\u00f3n, entradas y c\u00f3mo llegar desde Sevilla"},{"@type":"BreadcrumbList","@id":"https:\/\/www.tablaosflamencos.com\/fr\/festival-cante-jondo-antonio-mairena-2026.html#breadcrumb","itemListElement":[{"@type":"ListItem","position":1,"name":"Home","item":"https:\/\/www.tablaosflamencos.com\/fr"},{"@type":"ListItem","position":2,"name":"Festival de Cante Jondo Antonio Mairena 2026 : programme, billets et comment venir depuis S\u00e9ville"}]},{"@type":"WebSite","@id":"https:\/\/www.tablaosflamencos.com\/fr#website","url":"https:\/\/www.tablaosflamencos.com\/fr","name":"Tablaos Flamencos","description":"Entradas para tablaos flamencos de Espa\u00f1a","publisher":{"@id":"https:\/\/www.tablaosflamencos.com\/fr#organization"},"alternateName":"Tablaos Flamencos","potentialAction":[{"@type":"SearchAction","target":{"@type":"EntryPoint","urlTemplate":"https:\/\/www.tablaosflamencos.com\/fr?s={search_term_string}"},"query-input":{"@type":"PropertyValueSpecification","valueRequired":true,"valueName":"search_term_string"}}],"inLanguage":"fr-FR"},{"@type":["Organization","Place","EntertainmentBusiness"],"@id":"https:\/\/www.tablaosflamencos.com\/fr#organization","name":"Tablaos Flamencos","alternateName":"Tablaos Flamencos","url":"https:\/\/www.tablaosflamencos.com\/fr","logo":{"@id":"https:\/\/www.tablaosflamencos.com\/fr\/festival-cante-jondo-antonio-mairena-2026.html#local-main-organization-logo"},"image":{"@id":"https:\/\/www.tablaosflamencos.com\/fr\/festival-cante-jondo-antonio-mairena-2026.html#local-main-organization-logo"},"sameAs":["https:\/\/www.facebook.com\/tablaosflamencos","https:\/\/x.com\/tablaosflamenco","https:\/\/mastodon.social\/@tablaosflamencos","https:\/\/www.instagram.com\/tablaosflamencos","https:\/\/tiktok.com\/@tablaosflamencos","https:\/\/www.linkedin.com\/company\/109408238\/"],"description":"Venta de entradas para espect\u00e1culos flamencos","legalName":"Tablaos Flamencos","foundingDate":"2015-01-01","numberOfEmployees":{"@type":"QuantitativeValue","minValue":"1","maxValue":"10"},"address":{"@id":"https:\/\/www.tablaosflamencos.com\/fr\/festival-cante-jondo-antonio-mairena-2026.html#local-main-place-address"},"geo":{"@type":"GeoCoordinates","latitude":"37.3868072","longitude":"-5.993280299999999"},"telephone":["+34623787787"],"contactPoint":{"@type":"ContactPoint","telephone":"+34623787787","email":"info@tablaosflamencos.com"},"openingHoursSpecification":{"@type":"OpeningHoursSpecification","dayOfWeek":["Monday","Tuesday","Wednesday","Thursday","Friday","Saturday","Sunday"],"opens":"00:00","closes":"23:59"},"email":"info@tablaosflamencos.com","priceRange":"$$$","currenciesAccepted":"\u20ac"},{"@type":"Person","@id":"https:\/\/www.tablaosflamencos.com\/fr#\/schema\/person\/e7a9ebe14eb75a52ceabfbffb3c54f5d","name":"Miguel Ortiz","description":"Miguel Ortiz es un empresario flamenco, con una s\u00f3lida trayectoria dentro del sector. Ha presidido entidades culturales vinculadas al flamenco y, cuenta con un amplio recorrido profesional en la gesti\u00f3n y promoci\u00f3n de espect\u00e1culos y tablaos flamencos. Su pasi\u00f3n por la historia y el arte flamenco se refleja en cada art\u00edculo, donde combina experiencia, criterio y un profundo respeto por la tradici\u00f3n.","sameAs":["https:\/\/www.tablaosflamencos.com","https:\/\/www.instagra.com\/miguelortizfe","https:\/\/www.linkedin.com\/in\/miguelortizf\/"],"birthDate":"1984-11-22","gender":"hombre","knowsLanguage":["espa\u00f1ol","ingl\u00e9s"],"jobTitle":"Empresario flamenco"},{"@type":"PostalAddress","@id":"https:\/\/www.tablaosflamencos.com\/fr\/festival-cante-jondo-antonio-mairena-2026.html#local-main-place-address","streetAddress":"C\/ Alemanes, 19","addressLocality":"Sevilla","postalCode":"41004","addressRegion":"Sevilla","addressCountry":"ES"},{"@type":"ImageObject","inLanguage":"fr-FR","@id":"https:\/\/www.tablaosflamencos.com\/fr\/festival-cante-jondo-antonio-mairena-2026.html#local-main-organization-logo","url":"https:\/\/www.tablaosflamencos.com\/wp-content\/uploads\/tablaos-flamencos-06-3.webp","contentUrl":"https:\/\/www.tablaosflamencos.com\/wp-content\/uploads\/tablaos-flamencos-06-3.webp","width":600,"height":620,"caption":"Tablaos Flamencos"}]},"geo.placename":"Sevilla","geo.position":{"lat":"37.3868072","long":"-5.993280299999999"},"geo.region":"Espagne"},"_links":{"self":[{"href":"https:\/\/www.tablaosflamencos.com\/fr\/wp-json\/wp\/v2\/posts\/14386","targetHints":{"allow":["GET"]}}],"collection":[{"href":"https:\/\/www.tablaosflamencos.com\/fr\/wp-json\/wp\/v2\/posts"}],"about":[{"href":"https:\/\/www.tablaosflamencos.com\/fr\/wp-json\/wp\/v2\/types\/post"}],"author":[{"embeddable":true,"href":"https:\/\/www.tablaosflamencos.com\/fr\/wp-json\/wp\/v2\/users\/1"}],"replies":[{"embeddable":true,"href":"https:\/\/www.tablaosflamencos.com\/fr\/wp-json\/wp\/v2\/comments?post=14386"}],"version-history":[{"count":0,"href":"https:\/\/www.tablaosflamencos.com\/fr\/wp-json\/wp\/v2\/posts\/14386\/revisions"}],"wp:featuredmedia":[{"embeddable":true,"href":"https:\/\/www.tablaosflamencos.com\/fr\/wp-json\/wp\/v2\/media\/14378"}],"wp:attachment":[{"href":"https:\/\/www.tablaosflamencos.com\/fr\/wp-json\/wp\/v2\/media?parent=14386"}],"wp:term":[{"taxonomy":"category","embeddable":true,"href":"https:\/\/www.tablaosflamencos.com\/fr\/wp-json\/wp\/v2\/categories?post=14386"},{"taxonomy":"post_tag","embeddable":true,"href":"https:\/\/www.tablaosflamencos.com\/fr\/wp-json\/wp\/v2\/tags?post=14386"}],"curies":[{"name":"wp","href":"https:\/\/api.w.org\/{rel}","templated":true}]}}