{"id":14303,"date":"2026-09-03T23:26:41","date_gmt":"2026-09-03T21:26:41","guid":{"rendered":"https:\/\/www.tablaosflamencos.com\/?p=14303"},"modified":"2026-09-03T23:56:55","modified_gmt":"2026-09-03T21:56:55","slug":"flamenco-apres-biennale-ou-voir-seville","status":"publish","type":"post","link":"https:\/\/www.tablaosflamencos.com\/fr\/flamenco-apres-biennale-ou-voir-seville.html","title":{"rendered":"Flamenco apr\u00e8s la Biennale : o\u00f9 continuer \u00e0 voir du flamenco \u00e0 S\u00e9ville"},"content":{"rendered":"<section class=\"l-section wpb_row height_huge\"><div class=\"l-section-h i-cf\"><div class=\"g-cols vc_row via_flex valign_top type_default stacking_default\"><div class=\"vc_col-sm-6 wpb_column vc_column_container\"><div class=\"vc_column-inner\"><div class=\"wpb_wrapper\"><div class=\"wpb_text_column\"><div class=\"wpb_wrapper\"><h2>Flamenco apr\u00e8s la Biennale : o\u00f9 continuer \u00e0 voir du flamenco \u00e0 S\u00e9ville<\/h2>\n<p>La <strong>Biennale de Flamenco de S\u00e9ville 2026<\/strong> se termine le 3 octobre, mais cela ne signifie pas que la ville cesse de proposer du flamenco en direct. Pendant plusieurs semaines, la Biennale concentre des premi\u00e8res, de grandes productions, des rencontres uniques et des artistes venus de toute l\u2019Espagne ; lorsque ce calendrier exceptionnel s\u2019ach\u00e8ve, S\u00e9ville retrouve son rythme flamenco habituel, qui reste tr\u00e8s intense tout au long de l\u2019ann\u00e9e.<\/p>\n<p>Ce n\u2019est pas la fin de la saison flamenca, mais le retour au r\u00e9seau stable de lieux qui fonctionne toute l\u2019ann\u00e9e.<\/p>\n<\/div><\/div><\/div><\/div><\/div><div class=\"vc_col-sm-6 wpb_column vc_column_container\"><div class=\"vc_column-inner\"><div class=\"wpb_wrapper\"><div class=\"wpb_text_column\"><div class=\"wpb_wrapper\"><h2>Ce que vous trouverez \u00e0 partir du 4 octobre<\/h2>\n<p>Pour ceux qui visitent la ville <strong>\u00e0 partir du 4 octobre<\/strong>, le principal changement n\u2019est pas la disparition du flamenco, mais le type d\u2019offre. Les grands th\u00e9\u00e2tres cessent de fonctionner comme un r\u00e9seau temporaire de lieux du festival et redonnent la premi\u00e8re place aux <strong>tablaos, espaces culturels, th\u00e9\u00e2tres flamencos et propositions r\u00e9guli\u00e8res<\/strong> qui programment des spectacles de mani\u00e8re r\u00e9guli\u00e8re.<\/p>\n<p>Dans de nombreux cas, ces lieux accueillent \u00e9galement des artistes pr\u00e9sents dans des festivals, Biennales et circuits professionnels.<\/p>\n<p>Ce guide s\u2019adresse \u00e0 ceux qui arrivent \u00e0 S\u00e9ville apr\u00e8s la Biennale et se demandent <strong>o\u00f9 continuer \u00e0 voir du bon flamenco, quel type de spectacle choisir et comment organiser une soir\u00e9e flamenca sans d\u00e9pendre d\u2019un grand festival<\/strong>.<\/p>\n<\/div><\/div><\/div><\/div><\/div><\/div><\/div><\/section><section class=\"l-section wpb_row height_huge color_alternate with_shape\"><div class=\"l-section-shape type_zigzag pos_top hor_flip\" style=\"height:3vmin;\"><svg xmlns=\"http:\/\/www.w3.org\/2000\/svg\" viewBox=\"0 0 64 8\" preserveAspectRatio=\"none\" width=\"100%\" height=\"100%\">\r\n\t<path fill=\"currentColor\" d=\"M64 8 L0 8 L0 0 L20 7.9 L40 3 L48 5 L64 0 Z\"\/>\r\n<\/svg><\/div><div class=\"l-section-shape type_zigzag pos_bottom\" style=\"height:3vmin;\"><svg xmlns=\"http:\/\/www.w3.org\/2000\/svg\" viewBox=\"0 0 64 8\" preserveAspectRatio=\"none\" width=\"100%\" height=\"100%\">\r\n\t<path fill=\"currentColor\" d=\"M64 8 L0 8 L0 0 L20 7.9 L40 3 L48 5 L64 0 Z\"\/>\r\n<\/svg><\/div><div class=\"l-section-h i-cf\"><div class=\"g-cols vc_row via_flex valign_top type_default stacking_default\"><div class=\"vc_col-sm-12 wpb_column vc_column_container\"><div class=\"vc_column-inner\"><div class=\"wpb_wrapper\"><div class=\"wpb_text_column\"><div class=\"wpb_wrapper\"><blockquote>\n<p><strong>R\u00e9ponse rapide :<\/strong> apr\u00e8s la Biennale de Flamenco 2026, vous pouvez continuer \u00e0 voir du flamenco \u00e0 S\u00e9ville toute l\u2019ann\u00e9e. L\u2019option la plus simple pour un visiteur est de r\u00e9server un spectacle r\u00e9gulier dans un tablao ou un th\u00e9\u00e2tre flamenco. Parmi les options que vous pouvez r\u00e9server directement sur Tablaos Flamencos figurent <a href=\"https:\/\/www.tablaosflamencos.com\/fr\/tablao\/tablao-flamenco-las-setas\"><strong>Tablao Flamenco Las Setas<\/strong><\/a>, <a href=\"https:\/\/www.tablaosflamencos.com\/fr\/tablao\/tablao-flamenco-la-cantaora\"><strong>Tablao Flamenco La Cantaora<\/strong><\/a>, <a href=\"https:\/\/www.tablaosflamencos.com\/fr\/tablao\/casa-duende-tablao\"><strong>Casa Duende Tablao<\/strong><\/a>, <a href=\"https:\/\/www.tablaosflamencos.com\/fr\/tablao\/tablao-flamenco-las-duenas\"><strong>Tablao Flamenco Las Due\u00f1as<\/strong><\/a>, <a href=\"https:\/\/www.tablaosflamencos.com\/fr\/tablao\/tablao-flamenco-casa-inquieta\"><strong>Casa Inquieta<\/strong><\/a>, <a href=\"https:\/\/www.tablaosflamencos.com\/fr\/tablao\/casa-flamenco-azahar\"><strong>Casa Flamenco Azahar<\/strong><\/a> et <a href=\"https:\/\/www.tablaosflamencos.com\/fr\/tablao\/tablao-flamenco-el-jardin-de-murillo\"><strong>El Jard\u00edn de Murillo<\/strong><\/a> ; \u00e0 Triana, vous pouvez r\u00e9server <a href=\"https:\/\/www.tablaosflamencos.com\/fr\/tablao\/baraka-sala-flamenca\"><strong>Baraka Sala Flamenca<\/strong><\/a> et <a href=\"https:\/\/www.tablaosflamencos.com\/fr\/tablao\/tablao-flamenco-triana\"><strong>Tablao Flamenco Triana<\/strong><\/a>. Les horaires, distributions et prix peuvent changer ; il est donc conseill\u00e9 de r\u00e9server \u00e0 l\u2019avance et de v\u00e9rifier la s\u00e9ance disponible pour votre date pr\u00e9cise.<\/p>\n<\/blockquote>\n<p><strong>Derni\u00e8re mise \u00e0 jour : 3 septembre 2026.<\/strong><\/p>\n<p>Consultez \u00e9galement notre <a href=\"https:\/\/www.tablaosflamencos.com\/fr\/flamenco-a-seville\"><strong>guide complet pour voir du flamenco \u00e0 S\u00e9ville<\/strong><\/a> et notre <a href=\"https:\/\/www.tablaosflamencos.com\/fr\/biennale-flamenco-seville-2026.html\"><strong>guide de la Biennale de Flamenco de S\u00e9ville 2026<\/strong><\/a>.<\/p>\n<\/div><\/div><div class=\"w-separator size_medium\"><\/div><div class=\"w-hwrapper valign_top wrap align_center\" style=\"--hwrapper-gap:1.2rem\"><div class=\"w-btn-wrapper align_none\"><a class=\"w-btn us-btn-style_1\" href=\"https:\/\/www.tablaosflamencos.com\/fr\/flamenco-a-seville\"><span class=\"w-btn-label\">Voir du flamenco \u00e0 S\u00e9ville<\/span><\/a><\/div><div class=\"w-btn-wrapper align_none\"><a class=\"w-btn us-btn-style_11\" href=\"https:\/\/www.tablaosflamencos.com\/fr\/comment-reserver\"><span class=\"w-btn-label\">Comment r\u00e9server<\/span><\/a><\/div><\/div><\/div><\/div><\/div><\/div><\/div><\/section><section class=\"l-section wpb_row height_huge\"><div class=\"l-section-h i-cf\"><div class=\"g-cols vc_row via_flex valign_top type_default stacking_default\"><div class=\"vc_col-sm-3 wpb_column vc_column_container\"><div class=\"vc_column-inner\"><div class=\"wpb_wrapper\"><\/div><\/div><\/div><div class=\"vc_col-sm-6 wpb_column vc_column_container\"><div class=\"vc_column-inner\"><div class=\"wpb_wrapper\"><div class=\"wpb_text_column\"><div class=\"wpb_wrapper\"><h2>Contenu de ce guide<\/h2>\n<ul>\n<li><a href=\"#que-cambia\">Ce qui change quand la Biennale se termine<\/a><\/li>\n<li><a href=\"#tablaos\">Les tablaos : l\u2019option la plus r\u00e9guli\u00e8re<\/a><\/li>\n<li><a href=\"#donde-ver\">O\u00f9 continuer \u00e0 voir du flamenco \u00e0 S\u00e9ville<\/a><\/li>\n<li><a href=\"#triana\">Continuer le flamenco \u00e0 Triana<\/a><\/li>\n<li><a href=\"#intimo\">Lieux intimes et formats de proximit\u00e9<\/a><\/li>\n<li><a href=\"#gran-formato\">Propositions de plus grand format<\/a><\/li>\n<li><a href=\"#elegir\">Comment choisir un bon spectacle<\/a><\/li>\n<li><a href=\"#plan\">Un plan pratique pour une soir\u00e9e flamenca<\/a><\/li>\n<li><a href=\"#mas-alla\">Au-del\u00e0 des tablaos<\/a><\/li>\n<li><a href=\"#faq\">Questions fr\u00e9quentes<\/a><\/li>\n<\/ul>\n<\/div><\/div><\/div><\/div><\/div><div class=\"vc_col-sm-3 wpb_column vc_column_container\"><div class=\"vc_column-inner\"><div class=\"wpb_wrapper\"><\/div><\/div><\/div><\/div><\/div><\/section><section class=\"l-section wpb_row height_huge color_alternate with_shape\"><div class=\"l-section-shape type_zigzag pos_top\" style=\"height:3vmin;\"><svg xmlns=\"http:\/\/www.w3.org\/2000\/svg\" viewBox=\"0 0 64 8\" preserveAspectRatio=\"none\" width=\"100%\" height=\"100%\">\r\n\t<path fill=\"currentColor\" d=\"M64 8 L0 8 L0 0 L20 7.9 L40 3 L48 5 L64 0 Z\"\/>\r\n<\/svg><\/div><div class=\"l-section-shape type_zigzag pos_bottom\" style=\"height:3vmin;\"><svg xmlns=\"http:\/\/www.w3.org\/2000\/svg\" viewBox=\"0 0 64 8\" preserveAspectRatio=\"none\" width=\"100%\" height=\"100%\">\r\n\t<path fill=\"currentColor\" d=\"M64 8 L0 8 L0 0 L20 7.9 L40 3 L48 5 L64 0 Z\"\/>\r\n<\/svg><\/div><div class=\"l-section-h i-cf\"><div class=\"g-cols vc_row via_flex valign_top type_default stacking_default\"><div class=\"vc_col-sm-6 wpb_column vc_column_container\"><div class=\"vc_column-inner\"><div class=\"wpb_wrapper\"><div class=\"wpb_text_column\"><div class=\"wpb_wrapper\"><h2 id=\"que-cambia\">Ce qui change \u00e0 S\u00e9ville quand la Biennale se termine<\/h2>\n<p>Pendant la Biennale, le visiteur peut trouver du flamenco dans des lieux qui ne font normalement pas partie d\u2019un circuit quotidien : grands th\u00e9\u00e2tres, monuments, patios historiques, anciennes usines, \u00e9glises d\u00e9sacralis\u00e9es ou espaces cr\u00e9\u00e9s sp\u00e9cialement pour une \u00e9dition du festival. Cette dimension exceptionnelle est l\u2019un des grands atouts de la Biennale, mais elle peut aussi donner une impression trompeuse : qu\u2019en dehors de ces dates, l\u2019offre flamenca devient beaucoup plus r\u00e9duite.<\/p>\n<p>En r\u00e9alit\u00e9, il s\u2019agit de deux mod\u00e8les diff\u00e9rents. <strong>La Biennale est un \u00e9v\u00e9nement exceptionnel ; les tablaos et espaces flamencos constituent l\u2019infrastructure permanente de la ville.<\/strong><\/p>\n<p>Apr\u00e8s le 3 octobre, il n\u2019est plus n\u00e9cessaire d\u2019organiser la visite autour du calendrier officiel du festival. En revanche, il devient beaucoup plus facile de composer librement une soir\u00e9e flamenca : choisir le quartier, la s\u00e9ance, le type de salle, la proximit\u00e9 avec la sc\u00e8ne et le format du spectacle selon le reste de l\u2019itin\u00e9raire touristique.<\/p>\n<p>Le visiteur doit \u00e9galement garder \u00e0 l\u2019esprit que les distributions d\u2019un tablao ne fonctionnent g\u00e9n\u00e9ralement pas comme le casting fixe d\u2019une production th\u00e9\u00e2trale. Les \u00e9quipes artistiques peuvent varier et cette rotation fait partie du fonctionnement professionnel de ces lieux.<\/p>\n<p>Ainsi, apr\u00e8s la Biennale, il vaut mieux moins chercher un nom pr\u00e9cis et davantage <strong>choisir un lieu, une exp\u00e9rience et un format qui correspondent \u00e0 ce que vous recherchez<\/strong>.<\/p>\n<\/div><\/div><\/div><\/div><\/div><div class=\"vc_col-sm-6 wpb_column vc_column_container\"><div class=\"vc_column-inner\"><div class=\"wpb_wrapper\"><div class=\"wpb_text_column\"><div class=\"wpb_wrapper\"><h2 id=\"tablaos\">Les tablaos : la mani\u00e8re la plus simple de continuer \u00e0 voir du flamenco<\/h2>\n<p>Pour un visiteur qui veut s\u2019assurer une soir\u00e9e flamenca apr\u00e8s la Biennale, le tablao est g\u00e9n\u00e9ralement l\u2019option la plus pratique. Son principal avantage est la <strong>r\u00e9gularit\u00e9<\/strong> : alors qu\u2019un r\u00e9cital au th\u00e9\u00e2tre, une pe\u00f1a ou un festival d\u00e9pend d\u2019une date pr\u00e9cise, les tablaos maintiennent des calendriers stables ou tr\u00e8s fr\u00e9quents pendant une grande partie de l\u2019ann\u00e9e.<\/p>\n<p>Cela ne signifie pas que tous les tablaos se ressemblent. S\u00e9ville offre aussi bien des lieux historiques avec des d\u00e9cennies de trajectoire que des salles contemporaines, de petits espaces culturels et des th\u00e9\u00e2tres sp\u00e9cifiquement d\u00e9di\u00e9s au flamenco.<\/p>\n<p>Un bon cuadro flamenco permet d\u2019entendre et de voir les trois piliers fondamentaux du spectacle en direct : <strong>cante, baile et guitare<\/strong>. Selon la salle, des palmas, des percussions ou d\u2019autres \u00e9l\u00e9ments peuvent s\u2019ajouter, mais l\u2019essentiel est que l\u2019exp\u00e9rience repose sur de vrais interpr\u00e8tes et leur interaction.<\/p>\n<p>Si c\u2019est votre premi\u00e8re fois, il est g\u00e9n\u00e9ralement pr\u00e9f\u00e9rable de choisir le spectacle pour sa qualit\u00e9 et le type de salle plut\u00f4t que pour des services secondaires. Le d\u00eener peut \u00eatre une option pratique dans certains lieux, mais il n\u2019est pas n\u00e9cessaire pour appr\u00e9cier le flamenco. Si votre priorit\u00e9 est la sc\u00e8ne, une bonne strat\u00e9gie consiste \u00e0 <strong>r\u00e9server le spectacle et organiser les tapas ou le d\u00eener avant ou apr\u00e8s<\/strong>.<\/p>\n<p>Vous pouvez consulter la s\u00e9lection actuelle de la ville sur notre page <a href=\"https:\/\/www.tablaosflamencos.com\/fr\/flamenco-a-seville\"><strong>flamenco \u00e0 S\u00e9ville<\/strong><\/a> et d\u00e9couvrir \u00e9galement le fonctionnement du processus dans <a href=\"https:\/\/www.tablaosflamencos.com\/fr\/comment-reserver\"><strong>Comment r\u00e9server<\/strong><\/a>.<\/p>\n<\/div><\/div><\/div><\/div><\/div><\/div><\/div><\/section><section class=\"l-section wpb_row height_huge\"><div class=\"l-section-h i-cf\"><div class=\"g-cols vc_row via_flex valign_top type_default stacking_default\"><div class=\"vc_col-sm-12 wpb_column vc_column_container\"><div class=\"vc_column-inner\"><div class=\"wpb_wrapper\"><div class=\"wpb_text_column\"><div class=\"wpb_wrapper\"><h2 id=\"donde-ver\">O\u00f9 continuer \u00e0 voir du flamenco \u00e0 S\u00e9ville apr\u00e8s la Biennale<\/h2>\n<p>Il n\u2019existe pas un seul \u00ab meilleur tablao \u00bb pour tout le monde. Le choix d\u00e9pend de ce que vous recherchez : tradition, proximit\u00e9, production visuelle plus ample, emplacement particulier ou exp\u00e9rience combin\u00e9e avec d\u2019autres activit\u00e9s. Voici quelques-uns des lieux qui font partie de l\u2019offre flamenca r\u00e9guli\u00e8re de S\u00e9ville et peuvent servir de r\u00e9f\u00e9rence pour organiser votre visite :<\/p>\n<div style=\"overflow-x: auto;\">\n<table>\n<thead>\n<tr>\n<th>Lieu<\/th>\n<th>Quartier<\/th>\n<th>Peut vous int\u00e9resser si vous recherchez&#8230;<\/th>\n<\/tr>\n<\/thead>\n<tbody>\n<tr>\n<td><a href=\"https:\/\/www.tablaosflamencos.com\/fr\/tablao\/tablao-flamenco-las-setas\"><strong>Tablao Flamenco Las Setas<\/strong><\/a><\/td>\n<td>Las Setas \/ Encarnaci\u00f3n<\/td>\n<td>Un emplacement central, un format soign\u00e9 et la possibilit\u00e9 d\u2019int\u00e9grer le spectacle dans une promenade dans le centre.<\/td>\n<\/tr>\n<tr>\n<td><a href=\"https:\/\/www.tablaosflamencos.com\/fr\/tablao\/tablao-flamenco-la-cantaora\"><strong>Tablao Flamenco La Cantaora<\/strong><\/a><\/td>\n<td>Plaza Nueva \/ Centre<\/td>\n<td>Combiner flamenco et gastronomie dans une m\u00eame r\u00e9servation.<\/td>\n<\/tr>\n<tr>\n<td><a href=\"https:\/\/www.tablaosflamencos.com\/fr\/tablao\/casa-duende-tablao\"><strong>Casa Duende Tablao<\/strong><\/a><\/td>\n<td>Centre<\/td>\n<td>Une salle de petite taille avec une grande proximit\u00e9 entre les artistes et le public.<\/td>\n<\/tr>\n<tr>\n<td><a href=\"https:\/\/www.tablaosflamencos.com\/fr\/tablao\/tablao-flamenco-las-duenas\"><strong>Tablao Flamenco Las Due\u00f1as<\/strong><\/a><\/td>\n<td>Santa Catalina \/ Due\u00f1as<\/td>\n<td>Un format intime face au Palacio de las Due\u00f1as.<\/td>\n<\/tr>\n<tr>\n<td><a href=\"https:\/\/www.tablaosflamencos.com\/fr\/tablao\/tablao-flamenco-casa-inquieta\"><strong>Tablao Flamenco Casa Inquieta<\/strong><\/a><\/td>\n<td>Calle Zaragoza \/ Centre<\/td>\n<td>Une demeure-palais du XIXe si\u00e8cle avec un cuadro flamenco en format rapproch\u00e9.<\/td>\n<\/tr>\n<tr>\n<td><a href=\"https:\/\/www.tablaosflamencos.com\/fr\/tablao\/casa-flamenco-azahar\"><strong>Casa Flamenco Azahar<\/strong><\/a><\/td>\n<td>Santa Cruz<\/td>\n<td>Une exp\u00e9rience particuli\u00e8rement intime, avec une capacit\u00e9 tr\u00e8s r\u00e9duite et sans amplification.<\/td>\n<\/tr>\n<tr>\n<td><a href=\"https:\/\/www.tablaosflamencos.com\/fr\/tablao\/tablao-flamenco-el-jardin-de-murillo\"><strong>Tablao Flamenco El Jard\u00edn de Murillo<\/strong><\/a><\/td>\n<td>Santa Cruz \/ Jardines de Murillo<\/td>\n<td>Pr\u00e9voir le flamenco apr\u00e8s une visite de l\u2019Alc\u00e1zar, de la Cath\u00e9drale et de Santa Cruz.<\/td>\n<\/tr>\n<tr>\n<td><a href=\"https:\/\/www.tablaosflamencos.com\/fr\/tablao\/baraka-sala-flamenca\"><strong>Baraka Sala Flamenca<\/strong><\/a><\/td>\n<td>Triana<\/td>\n<td>Flamenco traditionnel \u00e0 Triana, avec les artistes tr\u00e8s proches du public.<\/td>\n<\/tr>\n<tr>\n<td><a href=\"https:\/\/www.tablaosflamencos.com\/fr\/tablao\/tablao-flamenco-triana\"><strong>Tablao Flamenco Triana<\/strong><\/a><\/td>\n<td>Triana<\/td>\n<td>Compl\u00e9ter une soir\u00e9e dans le quartier avec cante, guitare et baile pr\u00e8s du Guadalquivir.<\/td>\n<\/tr>\n<\/tbody>\n<\/table>\n<\/div>\n<p>Cette liste n\u2019a pas vocation \u00e0 \u00e9puiser toute l\u2019offre de la ville. S\u00e9ville compte d\u2019autres tablaos, salles et espaces culturels, et la disponibilit\u00e9 varie selon la date. L\u2019objectif est de montrer qu\u2019une fois la Biennale termin\u00e9e, <strong>il reste des options tr\u00e8s diff\u00e9rentes les unes des autres<\/strong>.<\/p>\n<p>La mani\u00e8re la plus fiable de choisir consiste \u00e0 consulter les s\u00e9ances disponibles pour votre date pr\u00e9cise et \u00e0 comparer l\u2019emplacement, la dur\u00e9e approximative, la taille de la salle et le type d\u2019exp\u00e9rience avant de r\u00e9server.<\/p>\n<\/div><\/div><\/div><\/div><\/div><\/div><\/div><\/section><section class=\"l-section wpb_row height_huge color_alternate with_shape\"><div class=\"l-section-shape type_zigzag pos_top hor_flip\" style=\"height:3vmin;\"><svg xmlns=\"http:\/\/www.w3.org\/2000\/svg\" viewBox=\"0 0 64 8\" preserveAspectRatio=\"none\" width=\"100%\" height=\"100%\">\r\n\t<path fill=\"currentColor\" d=\"M64 8 L0 8 L0 0 L20 7.9 L40 3 L48 5 L64 0 Z\"\/>\r\n<\/svg><\/div><div class=\"l-section-shape type_zigzag pos_bottom\" style=\"height:3vmin;\"><svg xmlns=\"http:\/\/www.w3.org\/2000\/svg\" viewBox=\"0 0 64 8\" preserveAspectRatio=\"none\" width=\"100%\" height=\"100%\">\r\n\t<path fill=\"currentColor\" d=\"M64 8 L0 8 L0 0 L20 7.9 L40 3 L48 5 L64 0 Z\"\/>\r\n<\/svg><\/div><div class=\"l-section-h i-cf\"><div class=\"g-cols vc_row via_flex valign_top type_default stacking_default\"><div class=\"vc_col-sm-6 wpb_column vc_column_container\"><div class=\"vc_column-inner\"><div class=\"wpb_wrapper\"><div class=\"wpb_text_column\"><div class=\"wpb_wrapper\"><h2 id=\"triana\">Triana apr\u00e8s la Biennale : traverser le fleuve pour continuer le flamenco<\/h2>\n<p>Triana occupe une place particuli\u00e8re dans l\u2019histoire et l\u2019imaginaire flamenco de S\u00e9ville. Pendant la Biennale, le quartier peut \u00eatre li\u00e9 \u00e0 des lieux exceptionnels et \u00e0 des projets sp\u00e9cifiques ; en dehors du festival, il reste l\u2019un des endroits les plus int\u00e9ressants pour int\u00e9grer le flamenco \u00e0 une soir\u00e9e s\u00e9villane.<\/p>\n<p>L\u2019int\u00e9r\u00eat de choisir Triana ne r\u00e9side pas uniquement dans le spectacle. Cela permet de construire un itin\u00e9raire complet \u00e0 pied : traverser le pont Isabel II, parcourir les environs de la calle Betis, entrer dans le quartier par San Jacinto ou Pureza et terminer la soir\u00e9e dans un lieu flamenco.<\/p>\n<p>Sur notre portail, vous pouvez r\u00e9server directement deux options r\u00e9guli\u00e8res dans le quartier : <a href=\"https:\/\/www.tablaosflamencos.com\/fr\/tablao\/baraka-sala-flamenca\"><strong>Baraka Sala Flamenca<\/strong><\/a>, dans la calle Pureza, et <a href=\"https:\/\/www.tablaosflamencos.com\/fr\/tablao\/tablao-flamenco-triana\"><strong>Tablao Flamenco Triana<\/strong><\/a>. Les deux permettent d\u2019organiser une soir\u00e9e \u00e0 Triana autour d\u2019une s\u00e9ance confirm\u00e9e et de compl\u00e9ter le programme par une promenade dans le quartier avant ou apr\u00e8s.<\/p>\n<p>Si vous voulez r\u00e9server en toute s\u00e9curit\u00e9, il faut distinguer <strong>un spectacle avec une s\u00e9ance confirm\u00e9e<\/strong> de la possibilit\u00e9 plus ouverte de trouver une activit\u00e9 flamenca spontan\u00e9e. Pour un court s\u00e9jour, r\u00e9server d\u2019abord et laisser l\u2019impr\u00e9vu comme compl\u00e9ment est g\u00e9n\u00e9ralement la d\u00e9cision la plus pratique.<\/p>\n<p>Consultez notre guide sp\u00e9cifique sur le <a href=\"https:\/\/www.tablaosflamencos.com\/fr\/flamenco-a-triana\"><strong>flamenco \u00e0 Triana<\/strong><\/a> pour approfondir cette partie du voyage.<\/p>\n<\/div><\/div><\/div><\/div><\/div><div class=\"vc_col-sm-6 wpb_column vc_column_container\"><div class=\"vc_column-inner\"><div class=\"wpb_wrapper\"><div class=\"wpb_text_column\"><div class=\"wpb_wrapper\"><h2 id=\"intimo\">Si vous recherchez un format intime : moins de distance, plus de d\u00e9tails<\/h2>\n<p>L\u2019une des exp\u00e9riences les plus surprenantes pour ceux qui arrivent des grands th\u00e9\u00e2tres de la Biennale est de passer \u00e0 une petite salle. Le changement d\u2019\u00e9chelle modifie compl\u00e8tement la perception : on entend les respirations, les appels entre interpr\u00e8tes, l\u2019impact du pied sur le sol et les r\u00e9ponses du cuadro avec une proximit\u00e9 qu\u2019une grande sc\u00e8ne ne peut pas reproduire de la m\u00eame mani\u00e8re.<\/p>\n<p>Parmi les options de notre portail qui correspondent le mieux \u00e0 cette id\u00e9e figurent <a href=\"https:\/\/www.tablaosflamencos.com\/fr\/tablao\/casa-flamenco-azahar\"><strong>Casa Flamenco Azahar<\/strong><\/a>, avec une capacit\u00e9 maximale tr\u00e8s r\u00e9duite et sans microphones, ainsi que <a href=\"https:\/\/www.tablaosflamencos.com\/fr\/tablao\/casa-duende-tablao\"><strong>Casa Duende Tablao<\/strong><\/a>, \u00e9galement con\u00e7u pour une exp\u00e9rience de grande proximit\u00e9. Pour un visiteur int\u00e9ress\u00e9 par le cante, la guitare ou l\u2019observation du baile de tr\u00e8s pr\u00e8s, ce type de format peut \u00eatre particuli\u00e8rement recommand\u00e9.<\/p>\n<p>L\u2019intimit\u00e9 ne doit toutefois pas \u00eatre confondue avec l\u2019improvisation touristique. Une petite salle peut proposer un spectacle tr\u00e8s professionnel. L\u2019essentiel est qu\u2019il existe une programmation d\u00e9finie, une sc\u00e8ne adapt\u00e9e et un cuadro artistique clairement annonc\u00e9.<\/p>\n<p>Il y a aussi une cons\u00e9quence pratique : <strong>plus la capacit\u00e9 est r\u00e9duite, plus il est important de r\u00e9server<\/strong>. En automne, les ponts, week-ends et dates de congr\u00e8s ou de grands \u00e9v\u00e9nements \u00e0 S\u00e9ville peuvent concentrer une forte demande m\u00eame apr\u00e8s la fin de la Biennale.<\/p>\n<\/div><\/div><\/div><\/div><\/div><\/div><\/div><\/section><section class=\"l-section wpb_row height_huge\"><div class=\"l-section-h i-cf\"><div class=\"g-cols vc_row via_flex valign_top type_default stacking_default\"><div class=\"vc_col-sm-6 wpb_column vc_column_container\"><div class=\"vc_column-inner\"><div class=\"wpb_wrapper\"><div class=\"wpb_text_column\"><div class=\"wpb_wrapper\"><h2 id=\"gran-formato\">Si le grand format de la Biennale vous manque<\/h2>\n<p>Quiconque a assist\u00e9 pendant la Biennale \u00e0 une grande production au Maestranza, au Lope de Vega ou au Teatro Central doit garder \u00e0 l\u2019esprit que le format habituel d\u2019un tablao est diff\u00e9rent. Le tablao ne cherche pas \u00e0 reproduire une production th\u00e9\u00e2trale de festival : sa force r\u00e9side dans la proximit\u00e9, la rotation artistique et la relation directe entre cante, guitare et baile.<\/p>\n<p>Cela dit, notre propre catalogue comprend des propositions avec une mise en sc\u00e8ne plus structur\u00e9e ou une exp\u00e9rience plus ample. <a href=\"https:\/\/www.tablaosflamencos.com\/fr\/tablao\/tablao-flamenco-las-setas\"><strong>Tablao Flamenco Las Setas<\/strong><\/a> associe un environnement contemporain \u00e0 une production soign\u00e9e ; et <a href=\"https:\/\/www.tablaosflamencos.com\/fr\/tablao\/tablao-flamenco-la-cantaora\"><strong>Tablao Flamenco La Cantaora<\/strong><\/a> propose des formules qui combinent spectacle et gastronomie.<\/p>\n<p>Si vous pr\u00e9f\u00e9rez que l\u2019architecture fasse partie du programme, <a href=\"https:\/\/www.tablaosflamencos.com\/fr\/tablao\/tablao-flamenco-casa-inquieta\"><strong>Casa Inquieta<\/strong><\/a> pr\u00e9sente son spectacle dans une demeure-palais du XIXe si\u00e8cle et int\u00e8gre ainsi le b\u00e2timent lui-m\u00eame \u00e0 l\u2019exp\u00e9rience flamenca.<\/p>\n<p>Il n\u2019existe pas de hi\u00e9rarchie automatique entre petite et grande salle. Ce sont des exp\u00e9riences diff\u00e9rentes. La question utile est : <strong>voulez-vous sentir le flamenco \u00e0 quelques m\u00e8tres ou pr\u00e9f\u00e9rez-vous une production plus ample et plus th\u00e9\u00e2trale ?<\/strong><\/p>\n<\/div><\/div><\/div><\/div><\/div><div class=\"vc_col-sm-6 wpb_column vc_column_container\"><div class=\"vc_column-inner\"><div class=\"wpb_wrapper\"><div class=\"wpb_text_column\"><div class=\"wpb_wrapper\"><h2 id=\"elegir\">Comment choisir un bon spectacle apr\u00e8s la Biennale<\/h2>\n<p>L\u2019immense qualit\u00e9 et la diversit\u00e9 d\u2019une Biennale peuvent fortement relever les attentes. Pour bien choisir apr\u00e8s le festival, il faut changer le crit\u00e8re de comparaison : ne pas chercher la copie d\u2019une production exceptionnelle, mais une bonne exp\u00e9rience de flamenco en direct.<\/p>\n<p><strong>1. V\u00e9rifiez que le spectacle comprend cante, baile et guitare.<\/strong> Pour une premi\u00e8re approche, un cuadro complet permet de mieux comprendre la relation entre les trois langages.<\/p>\n<p><strong>2. Choisissez la taille de salle que vous pr\u00e9f\u00e9rez.<\/strong> Un petit espace offre davantage de proximit\u00e9 ; une salle plus grande peut proposer une mise en sc\u00e8ne plus spectaculaire.<\/p>\n<p><strong>3. Privil\u00e9giez le spectacle au d\u00eener si le flamenco est votre motivation principale.<\/strong> Vous pouvez d\u00eener ou prendre des tapas avant ou apr\u00e8s et consacrer la fonction uniquement \u00e0 regarder et \u00e9couter.<\/p>\n<p><strong>4. Ne basez pas toute votre d\u00e9cision sur un seul artiste.<\/strong> Les distributions peuvent varier. Dans un tablao professionnel, une partie de l\u2019int\u00e9r\u00eat consiste justement \u00e0 d\u00e9couvrir diff\u00e9rentes combinaisons d\u2019interpr\u00e8tes.<\/p>\n<p><strong>5. Regardez l\u2019emplacement dans votre itin\u00e9raire.<\/strong> Santa Cruz, Arenal, Encarnaci\u00f3n, le centre et Triana permettent des exp\u00e9riences tr\u00e8s diff\u00e9rentes avant et apr\u00e8s le spectacle.<\/p>\n<p><strong>6. R\u00e9servez en ligne.<\/strong> La fin du festival ne signifie pas que la demande dispara\u00eet. S\u00e9ville re\u00e7oit des visiteurs tout au long de l\u2019automne et certaines s\u00e9ances peuvent afficher complet.<\/p>\n<p><strong>7. Si vous voyagez avec des enfants, v\u00e9rifiez les conditions du lieu.<\/strong> De nombreux spectacles accueillent les familles, mais les \u00e2ges minimums et les conditions peuvent varier d\u2019une salle \u00e0 l\u2019autre.<\/p>\n<p>Si vous avez des doutes sur le processus, consultez <a href=\"https:\/\/www.tablaosflamencos.com\/fr\/comment-reserver\"><strong>comment r\u00e9server<\/strong><\/a> ainsi que nos <a href=\"https:\/\/www.tablaosflamencos.com\/fr\/conditions-de-vente-et-d-annulation\"><strong>conditions de vente<\/strong><\/a> avant de confirmer.<\/p>\n<\/div><\/div><\/div><\/div><\/div><\/div><\/div><\/section><section class=\"l-section wpb_row height_huge color_alternate with_shape\"><div class=\"l-section-shape type_zigzag pos_top hor_flip\" style=\"height:3vmin;\"><svg xmlns=\"http:\/\/www.w3.org\/2000\/svg\" viewBox=\"0 0 64 8\" preserveAspectRatio=\"none\" width=\"100%\" height=\"100%\">\r\n\t<path fill=\"currentColor\" d=\"M64 8 L0 8 L0 0 L20 7.9 L40 3 L48 5 L64 0 Z\"\/>\r\n<\/svg><\/div><div class=\"l-section-shape type_zigzag pos_bottom\" style=\"height:3vmin;\"><svg xmlns=\"http:\/\/www.w3.org\/2000\/svg\" viewBox=\"0 0 64 8\" preserveAspectRatio=\"none\" width=\"100%\" height=\"100%\">\r\n\t<path fill=\"currentColor\" d=\"M64 8 L0 8 L0 0 L20 7.9 L40 3 L48 5 L64 0 Z\"\/>\r\n<\/svg><\/div><div class=\"l-section-h i-cf\"><div class=\"g-cols vc_row via_flex valign_top type_default stacking_default\"><div class=\"vc_col-sm-6 wpb_column vc_column_container\"><div class=\"vc_column-inner\"><div class=\"wpb_wrapper\"><div class=\"wpb_text_column\"><div class=\"wpb_wrapper\"><h2 id=\"plan\">Un plan simple pour une soir\u00e9e flamenca \u00e0 S\u00e9ville apr\u00e8s le 3 octobre<\/h2>\n<p>Si vous ne disposez que d\u2019une soir\u00e9e, inutile de compliquer l\u2019itin\u00e9raire. Une formule efficace consiste \u00e0 choisir d\u2019abord le spectacle puis \u00e0 construire le reste autour.<\/p>\n<p><strong>Option centre historique :<\/strong> promenade autour de la Cath\u00e9drale, de Santa Cruz ou de l\u2019H\u00f4tel de Ville ; tapas avant la fonction ; spectacle dans un tablao du centre ; promenade ensuite dans la vieille ville.<\/p>\n<p><strong>Option Arenal :<\/strong> promenade le long du Guadalquivir et de la Torre del Oro ; d\u00eener ou tapas dans le quartier ; spectacle flamenco ; retour \u00e0 pied vers Puerta Jerez ou le centre.<\/p>\n<p><strong>Option Encarnaci\u00f3n :<\/strong> visite des environs de Las Setas ; d\u00eener t\u00f4t dans le centre ; spectacle ; poursuite de la soir\u00e9e dans les rues du centre historique.<\/p>\n<p><strong>Option Triana :<\/strong> traverser le pont Isabel II au coucher du soleil ; se promener dans le quartier ; assister \u00e0 un spectacle flamenco ; terminer par un verre ou un d\u00eener tardif \u00e0 Triana.<\/p>\n<p>Cette approche pr\u00e9sente un avantage : elle \u00e9vite de d\u00e9pendre de la d\u00e9couverte spontan\u00e9e d\u2019un spectacle. Vous s\u00e9curisez d\u2019abord la fonction, puis vous laissez \u00e0 la ville la place pour l\u2019impr\u00e9vu.<\/p>\n<\/div><\/div><\/div><\/div><\/div><div class=\"vc_col-sm-6 wpb_column vc_column_container\"><div class=\"vc_column-inner\"><div class=\"wpb_wrapper\"><div class=\"wpb_text_column\"><div class=\"wpb_wrapper\"><h2 id=\"mas-alla\">Au-del\u00e0 du tablao : pe\u00f1as, th\u00e9\u00e2tres et programmation ponctuelle<\/h2>\n<p>Apr\u00e8s la Biennale, le flamenco continue \u00e9galement en dehors des lieux \u00e0 programmation quotidienne. S\u00e9ville et sa province comptent des <strong>pe\u00f1as flamencas, cycles culturels, th\u00e9\u00e2tres et festivals<\/strong> qui organisent des r\u00e9citals et des activit\u00e9s tout au long de l\u2019ann\u00e9e.<\/p>\n<p>Pour un passionn\u00e9, ces rendez-vous peuvent \u00eatre extraordinaires. Cependant, ils ne fonctionnent pas comme un tablao. Ils peuvent avoir lieu une fois par mois, se concentrer sur certains week-ends ou pr\u00e9senter des conditions d\u2019acc\u00e8s sp\u00e9cifiques. Ils constituent donc une excellente deuxi\u00e8me couche pour ceux qui ont le temps d\u2019\u00e9tudier l\u2019agenda, mais pas toujours l\u2019option la plus s\u00fbre pour un visiteur qui a besoin de flamenco une nuit pr\u00e9cise.<\/p>\n<p>Il est \u00e9galement utile de suivre la programmation des th\u00e9\u00e2tres s\u00e9villans. La fin de la Biennale ne signifie pas que le Maestranza, le Lope de Vega, le Central ou l\u2019Alameda cessent d\u2019accueillir du flamenco ; ils retrouvent simplement leurs saisons g\u00e9n\u00e9rales, o\u00f9 le genre partage l\u2019affiche avec la musique, la danse et le th\u00e9\u00e2tre.<\/p>\n<p>La diff\u00e9rence fondamentale est la disponibilit\u00e9 : <strong>le tablao offre de la continuit\u00e9 ; la programmation culturelle propose des \u00e9v\u00e9nements ponctuels<\/strong>. Les deux formats peuvent parfaitement coexister au cours d\u2019un m\u00eame voyage.<\/p>\n<\/div><\/div><\/div><\/div><\/div><\/div><\/div><\/section><section class=\"l-section wpb_row height_huge\"><div class=\"l-section-h i-cf\"><div class=\"g-cols vc_row via_flex valign_top type_default stacking_default\"><div class=\"vc_col-sm-12 wpb_column vc_column_container\"><div class=\"vc_column-inner\"><div class=\"wpb_wrapper\"><div class=\"wpb_text_column\"><div class=\"wpb_wrapper\"><h2>Vous venez juste apr\u00e8s la Biennale ?<\/h2>\n<p>Les premiers jours d\u2019octobre peuvent \u00eatre particuli\u00e8rement int\u00e9ressants. S\u00e9ville conserve encore l\u2019atmosph\u00e8re des semaines pr\u00e9c\u00e9dentes, une partie du public sp\u00e9cialis\u00e9 reste dans la ville et la saison touristique d\u2019automne maintient une forte activit\u00e9 dans le centre.<\/p>\n<p>Si votre voyage commence une fois la Biennale termin\u00e9e, inutile de changer vos dates uniquement parce que vous pensez avoir rat\u00e9 le flamenco. L\u2019exp\u00e9rience sera diff\u00e9rente, mais vous pourrez continuer \u00e0 voir des spectacles professionnels et vous aurez \u00e9galement beaucoup plus de libert\u00e9 pour combiner flamenco, monuments, gastronomie et quartiers de S\u00e9ville.<\/p>\n<p>Si, pendant la Biennale, vous cherchiez des alternatives faute de billets, vous pouvez \u00e9galement consulter notre guide <a href=\"https:\/\/www.tablaosflamencos.com\/fr\/biennale-complete-ou-voir-flamenco-ce-soir-seville.html\"><strong>Biennale compl\u00e8te : o\u00f9 voir du flamenco aujourd\u2019hui \u00e0 S\u00e9ville<\/strong><\/a>. Beaucoup de ces id\u00e9es restent utiles apr\u00e8s le festival, car elles reposent pr\u00e9cis\u00e9ment sur l\u2019offre flamenca permanente de la ville.<\/p>\n<\/div><\/div><div class=\"w-separator size_medium\"><\/div><div class=\"w-hwrapper valign_top wrap align_center\" style=\"--hwrapper-gap:1.2rem\"><div class=\"w-btn-wrapper align_none\"><a class=\"w-btn us-btn-style_1\" href=\"https:\/\/www.tablaosflamencos.com\/fr\/flamenco-a-seville\"><span class=\"w-btn-label\">Comparer le flamenco \u00e0 S\u00e9ville<\/span><\/a><\/div><div class=\"w-btn-wrapper align_none\"><a class=\"w-btn us-btn-style_11\" href=\"https:\/\/www.tablaosflamencos.com\/fr\/flamenco-a-triana\"><span class=\"w-btn-label\">Flamenco \u00e0 Triana<\/span><\/a><\/div><\/div><\/div><\/div><\/div><\/div><\/div><\/section><section class=\"l-section wpb_row height_huge color_alternate with_shape\"><div class=\"l-section-shape type_zigzag pos_top hor_flip\" style=\"height:3vmin;\"><svg xmlns=\"http:\/\/www.w3.org\/2000\/svg\" viewBox=\"0 0 64 8\" preserveAspectRatio=\"none\" width=\"100%\" height=\"100%\">\r\n\t<path fill=\"currentColor\" d=\"M64 8 L0 8 L0 0 L20 7.9 L40 3 L48 5 L64 0 Z\"\/>\r\n<\/svg><\/div><div class=\"l-section-shape type_zigzag pos_bottom\" style=\"height:3vmin;\"><svg xmlns=\"http:\/\/www.w3.org\/2000\/svg\" viewBox=\"0 0 64 8\" preserveAspectRatio=\"none\" width=\"100%\" height=\"100%\">\r\n\t<path fill=\"currentColor\" d=\"M64 8 L0 8 L0 0 L20 7.9 L40 3 L48 5 L64 0 Z\"\/>\r\n<\/svg><\/div><div class=\"l-section-h i-cf\"><div class=\"g-cols vc_row via_flex valign_top type_default stacking_default\"><div class=\"vc_col-sm-1\/5 wpb_column vc_column_container\"><div class=\"vc_column-inner\"><div class=\"wpb_wrapper\"><\/div><\/div><\/div><div class=\"vc_col-sm-3\/5 wpb_column vc_column_container\"><div class=\"vc_column-inner\"><div class=\"wpb_wrapper\"><div class=\"wpb_text_column\"><div class=\"wpb_wrapper\"><h2 id=\"faq\">Questions fr\u00e9quentes sur les endroits o\u00f9 voir du flamenco apr\u00e8s la Biennale<\/h2>\n<\/div><\/div><div class=\"w-separator size_medium\"><\/div><div class=\"w-tabs accordion toggle_style_1 has_scrolling\" style=\"--sections-title-size:inherit;--sections-gap:0.5rem;\"><div class=\"w-tabs-sections titles-align_none icon_plus cpos_left\"><div class=\"w-tabs-section\" id=\"e835\" itemscope itemprop=\"mainEntity\" itemtype=\"https:\/\/schema.org\/Question\"><button type=\"button\" class=\"w-tabs-section-header\" aria-controls=\"content-e835\" aria-expanded=\"false\"><h3 class=\"w-tabs-section-title\" itemprop=\"name\">Peut-on continuer \u00e0 voir du flamenco \u00e0 S\u00e9ville apr\u00e8s la fin de la Biennale ?<\/h3><div class=\"w-tabs-section-control\"><\/div><\/button><div  class=\"w-tabs-section-content\" id=\"content-e835\" itemscope itemprop=\"acceptedAnswer\" itemtype=\"https:\/\/schema.org\/Answer\"><div class=\"w-tabs-section-content-h i-cf\" itemprop=\"text\"><div class=\"wpb_text_column\"><div class=\"wpb_wrapper\"><p>Oui. La Biennale se termine le 3 octobre 2026, mais S\u00e9ville conserve tout au long de l\u2019ann\u00e9e une large offre de tablaos, th\u00e9\u00e2tres flamencos et espaces culturels \u00e0 programmation r\u00e9guli\u00e8re. Ce qui s\u2019ach\u00e8ve, c\u2019est le calendrier exceptionnel du festival, pas l\u2019activit\u00e9 flamenca de la ville.<\/p>\n<\/div><\/div><\/div><\/div><\/div><div class=\"w-tabs-section\" id=\"ea3b\" itemscope itemprop=\"mainEntity\" itemtype=\"https:\/\/schema.org\/Question\"><button type=\"button\" class=\"w-tabs-section-header\" aria-controls=\"content-ea3b\" aria-expanded=\"false\"><h3 class=\"w-tabs-section-title\" itemprop=\"name\">O\u00f9 puis-je voir du flamenco \u00e0 S\u00e9ville \u00e0 partir du 4 octobre 2026 ?<\/h3><div class=\"w-tabs-section-control\"><\/div><\/button><div  class=\"w-tabs-section-content\" id=\"content-ea3b\" itemscope itemprop=\"acceptedAnswer\" itemtype=\"https:\/\/schema.org\/Answer\"><div class=\"w-tabs-section-content-h i-cf\" itemprop=\"text\"><div class=\"wpb_text_column\"><div class=\"wpb_wrapper\"><p>Vous pouvez r\u00e9server directement sur notre portail des options comme <a href=\"https:\/\/www.tablaosflamencos.com\/fr\/tablao\/tablao-flamenco-las-setas\">Tablao Flamenco Las Setas<\/a>, <a href=\"https:\/\/www.tablaosflamencos.com\/fr\/tablao\/tablao-flamenco-la-cantaora\">La Cantaora<\/a>, <a href=\"https:\/\/www.tablaosflamencos.com\/fr\/tablao\/casa-duende-tablao\">Casa Duende<\/a>, <a href=\"https:\/\/www.tablaosflamencos.com\/fr\/tablao\/tablao-flamenco-las-duenas\">Las Due\u00f1as<\/a>, <a href=\"https:\/\/www.tablaosflamencos.com\/fr\/tablao\/tablao-flamenco-casa-inquieta\">Casa Inquieta<\/a>, <a href=\"https:\/\/www.tablaosflamencos.com\/fr\/tablao\/casa-flamenco-azahar\">Casa Flamenco Azahar<\/a>, <a href=\"https:\/\/www.tablaosflamencos.com\/fr\/tablao\/tablao-flamenco-el-jardin-de-murillo\">El Jard\u00edn de Murillo<\/a>, <a href=\"https:\/\/www.tablaosflamencos.com\/fr\/tablao\/baraka-sala-flamenca\">Baraka Sala Flamenca<\/a> ou <a href=\"https:\/\/www.tablaosflamencos.com\/fr\/tablao\/tablao-flamenco-triana\">Tablao Flamenco Triana<\/a>. V\u00e9rifiez toujours la disponibilit\u00e9 pour votre date pr\u00e9cise.<\/p>\n<\/div><\/div><\/div><\/div><\/div><div class=\"w-tabs-section\" id=\"kbaa\" itemscope itemprop=\"mainEntity\" itemtype=\"https:\/\/schema.org\/Question\"><button type=\"button\" class=\"w-tabs-section-header\" aria-controls=\"content-kbaa\" aria-expanded=\"false\"><h3 class=\"w-tabs-section-title\" itemprop=\"name\">Les artistes de la Biennale se produisent-ils aussi dans des tablaos ?<\/h3><div class=\"w-tabs-section-control\"><\/div><\/button><div  class=\"w-tabs-section-content\" id=\"content-kbaa\" itemscope itemprop=\"acceptedAnswer\" itemtype=\"https:\/\/schema.org\/Answer\"><div class=\"w-tabs-section-content-h i-cf\" itemprop=\"text\"><div class=\"wpb_text_column\"><div class=\"wpb_wrapper\"><p>De nombreux artistes professionnels alternent au cours de leur carri\u00e8re entre tablaos, compagnies, festivals, tourn\u00e9es et th\u00e9\u00e2tres. Les distributions changent cependant et il ne faut pas supposer qu\u2019un artiste pr\u00e9cis de la Biennale se produira dans un tablao \u00e0 une date donn\u00e9e. Mieux vaut v\u00e9rifier la programmation disponible.<\/p>\n<\/div><\/div><\/div><\/div><\/div><div class=\"w-tabs-section\" id=\"ocf9\" itemscope itemprop=\"mainEntity\" itemtype=\"https:\/\/schema.org\/Question\"><button type=\"button\" class=\"w-tabs-section-header\" aria-controls=\"content-ocf9\" aria-expanded=\"false\"><h3 class=\"w-tabs-section-title\" itemprop=\"name\">Vaut-il mieux choisir un petit tablao ou un grand ?<\/h3><div class=\"w-tabs-section-control\"><\/div><\/button><div  class=\"w-tabs-section-content\" id=\"content-ocf9\" itemscope itemprop=\"acceptedAnswer\" itemtype=\"https:\/\/schema.org\/Answer\"><div class=\"w-tabs-section-content-h i-cf\" itemprop=\"text\"><div class=\"wpb_text_column\"><div class=\"wpb_wrapper\"><p>Cela d\u00e9pend de l\u2019exp\u00e9rience recherch\u00e9e. Un petit espace offre plus de proximit\u00e9 avec le cante, la guitare et le baile. Une salle plus grande peut proposer une mise en sc\u00e8ne plus ample. Aucune taille n\u2019est automatiquement meilleure pour tout le monde.<\/p>\n<\/div><\/div><\/div><\/div><\/div><div class=\"w-tabs-section\" id=\"te54\" itemscope itemprop=\"mainEntity\" itemtype=\"https:\/\/schema.org\/Question\"><button type=\"button\" class=\"w-tabs-section-header\" aria-controls=\"content-te54\" aria-expanded=\"false\"><h3 class=\"w-tabs-section-title\" itemprop=\"name\">Cela vaut-il la peine de voir du flamenco \u00e0 Triana apr\u00e8s la Biennale ?<\/h3><div class=\"w-tabs-section-control\"><\/div><\/button><div  class=\"w-tabs-section-content\" id=\"content-te54\" itemscope itemprop=\"acceptedAnswer\" itemtype=\"https:\/\/schema.org\/Answer\"><div class=\"w-tabs-section-content-h i-cf\" itemprop=\"text\"><div class=\"wpb_text_column\"><div class=\"wpb_wrapper\"><p>Oui. Triana est l\u2019un des quartiers les plus li\u00e9s \u00e0 l\u2019histoire flamenca de S\u00e9ville et dispose d\u2019une offre sc\u00e9nique r\u00e9guli\u00e8re, ainsi que d\u2019une programmation culturelle ponctuelle. Pour un visiteur, il est conseill\u00e9 de r\u00e9server d\u2019abord un spectacle confirm\u00e9 puis de compl\u00e9ter la soir\u00e9e en parcourant le quartier.<\/p>\n<\/div><\/div><\/div><\/div><\/div><div class=\"w-tabs-section\" id=\"ifad\" itemscope itemprop=\"mainEntity\" itemtype=\"https:\/\/schema.org\/Question\"><button type=\"button\" class=\"w-tabs-section-header\" aria-controls=\"content-ifad\" aria-expanded=\"false\"><h3 class=\"w-tabs-section-title\" itemprop=\"name\">Dois-je r\u00e9server le flamenco \u00e0 l\u2019avance en octobre ?<\/h3><div class=\"w-tabs-section-control\"><\/div><\/button><div  class=\"w-tabs-section-content\" id=\"content-ifad\" itemscope itemprop=\"acceptedAnswer\" itemtype=\"https:\/\/schema.org\/Answer\"><div class=\"w-tabs-section-content-h i-cf\" itemprop=\"text\"><div class=\"wpb_text_column\"><div class=\"wpb_wrapper\"><p>C\u2019est conseill\u00e9. M\u00eame apr\u00e8s la fin de la Biennale, S\u00e9ville conserve une forte demande touristique en automne et les salles de petite capacit\u00e9 peuvent afficher complet sur certaines s\u00e9ances, notamment les week-ends, ponts et dates de grands \u00e9v\u00e9nements.<\/p>\n<\/div><\/div><\/div><\/div><\/div><div class=\"w-tabs-section\" id=\"s0ee\" itemscope itemprop=\"mainEntity\" itemtype=\"https:\/\/schema.org\/Question\"><button type=\"button\" class=\"w-tabs-section-header\" aria-controls=\"content-s0ee\" aria-expanded=\"false\"><h3 class=\"w-tabs-section-title\" itemprop=\"name\">Faut-il r\u00e9server un d\u00eener avec le spectacle ?<\/h3><div class=\"w-tabs-section-control\"><\/div><\/button><div  class=\"w-tabs-section-content\" id=\"content-s0ee\" itemscope itemprop=\"acceptedAnswer\" itemtype=\"https:\/\/schema.org\/Answer\"><div class=\"w-tabs-section-content-h i-cf\" itemprop=\"text\"><div class=\"wpb_text_column\"><div class=\"wpb_wrapper\"><p>Non. Si votre priorit\u00e9 est le flamenco, vous pouvez r\u00e9server uniquement le spectacle lorsque le lieu propose cette formule et organiser le d\u00eener ou les tapas avant ou apr\u00e8s. Choisir d\u00eener et spectacle rel\u00e8ve du confort et des pr\u00e9f\u00e9rences, ce n\u2019est pas une condition pour profiter d\u2019une bonne fonction.<\/p>\n<\/div><\/div><\/div><\/div><\/div><div class=\"w-tabs-section\" id=\"d23d\" itemscope itemprop=\"mainEntity\" itemtype=\"https:\/\/schema.org\/Question\"><button type=\"button\" class=\"w-tabs-section-header\" aria-controls=\"content-d23d\" aria-expanded=\"false\"><h3 class=\"w-tabs-section-title\" itemprop=\"name\">Y a-t-il du flamenco en dehors des tablaos apr\u00e8s la Biennale ?<\/h3><div class=\"w-tabs-section-control\"><\/div><\/button><div  class=\"w-tabs-section-content\" id=\"content-d23d\" itemscope itemprop=\"acceptedAnswer\" itemtype=\"https:\/\/schema.org\/Answer\"><div class=\"w-tabs-section-content-h i-cf\" itemprop=\"text\"><div class=\"wpb_text_column\"><div class=\"wpb_wrapper\"><p>Oui. Il peut y avoir des r\u00e9citals dans des th\u00e9\u00e2tres, pe\u00f1as, centres culturels, festivals et cycles ponctuels. La diff\u00e9rence est que ces activit\u00e9s ne sont pas toujours quotidiennes ; il vaut donc mieux consulter l\u2019agenda \u00e0 l\u2019avance.<\/p>\n<\/div><\/div><\/div><\/div><\/div><div class=\"w-tabs-section\" id=\"u372\" itemscope itemprop=\"mainEntity\" itemtype=\"https:\/\/schema.org\/Question\"><button type=\"button\" class=\"w-tabs-section-header\" aria-controls=\"content-u372\" aria-expanded=\"false\"><h3 class=\"w-tabs-section-title\" itemprop=\"name\">Puis-je aller \u00e0 un spectacle flamenco avec des enfants ?<\/h3><div class=\"w-tabs-section-control\"><\/div><\/button><div  class=\"w-tabs-section-content\" id=\"content-u372\" itemscope itemprop=\"acceptedAnswer\" itemtype=\"https:\/\/schema.org\/Answer\"><div class=\"w-tabs-section-content-h i-cf\" itemprop=\"text\"><div class=\"wpb_text_column\"><div class=\"wpb_wrapper\"><p>De nombreux lieux acceptent un public familial, mais les conditions et \u00e2ges minimums varient. Avant de r\u00e9server, v\u00e9rifiez les conditions sp\u00e9cifiques du spectacle choisi.<\/p>\n<\/div><\/div><\/div><\/div><\/div><div class=\"w-tabs-section\" id=\"x4af\" itemscope itemprop=\"mainEntity\" itemtype=\"https:\/\/schema.org\/Question\"><button type=\"button\" class=\"w-tabs-section-header\" aria-controls=\"content-x4af\" aria-expanded=\"false\"><h3 class=\"w-tabs-section-title\" itemprop=\"name\">O\u00f9 puis-je comparer les options de flamenco \u00e0 S\u00e9ville ?<\/h3><div class=\"w-tabs-section-control\"><\/div><\/button><div  class=\"w-tabs-section-content\" id=\"content-x4af\" itemscope itemprop=\"acceptedAnswer\" itemtype=\"https:\/\/schema.org\/Answer\"><div class=\"w-tabs-section-content-h i-cf\" itemprop=\"text\"><div class=\"wpb_text_column\"><div class=\"wpb_wrapper\"><p>Vous pouvez consulter notre page <a href=\"https:\/\/www.tablaosflamencos.com\/fr\/flamenco-a-seville\"><strong>flamenco \u00e0 S\u00e9ville<\/strong><\/a>, o\u00f9 nous r\u00e9unissons des options pour comparer et organiser votre r\u00e9servation selon la date de votre visite.<\/p>\n<\/div><\/div><\/div><\/div><\/div><\/div><\/div><\/div><\/div><\/div><div class=\"vc_col-sm-1\/5 wpb_column vc_column_container\"><div class=\"vc_column-inner\"><div class=\"wpb_wrapper\"><\/div><\/div><\/div><\/div><\/div><\/section><section class=\"l-section wpb_row height_huge\"><div class=\"l-section-h i-cf\"><div class=\"g-cols vc_row via_flex valign_top type_default stacking_default\"><div class=\"vc_col-sm-12 wpb_column vc_column_container\"><div class=\"vc_column-inner\"><div class=\"wpb_wrapper\"><div class=\"wpb_text_column\"><div class=\"wpb_wrapper\"><h2 style=\"text-align: center;\">La Biennale se termine ; le flamenco de S\u00e9ville continue<\/h2>\n<p style=\"text-align: center;\">La Biennale de Flamenco est l\u2019un des moments les plus intenses du calendrier culturel s\u00e9villan, mais ce n\u2019est pas le seul moment pour vivre le flamenco dans la ville. Sa fin marque la cl\u00f4ture d\u2019une \u00e9dition exceptionnelle, pas celle de la saison flamenca.<\/p>\n<p style=\"text-align: center;\">Apr\u00e8s le 3 octobre, S\u00e9ville montre \u00e0 nouveau l\u2019une de ses grandes forces : un <strong>r\u00e9seau stable de tablaos et d\u2019espaces sc\u00e9niques<\/strong> capable de proposer du flamenco aux visiteurs chaque semaine de l\u2019ann\u00e9e. L\u2019exp\u00e9rience change d\u2019\u00e9chelle, de format et de rythme, mais permet toujours d\u2019\u00e9couter le cante, de voir le baile et de sentir la guitare \u00e0 tr\u00e8s courte distance.<\/p>\n<p style=\"text-align: center;\">Si vous voyagez apr\u00e8s la Biennale, la strat\u00e9gie la plus simple consiste \u00e0 choisir le type d\u2019exp\u00e9rience que vous souhaitez, <a href=\"https:\/\/www.tablaosflamencos.com\/fr\/flamenco-a-seville\"><strong>comparer les spectacles de flamenco disponibles \u00e0 S\u00e9ville<\/strong><\/a> et r\u00e9server avant d\u2019arriver. Le festival aura dit au revoir jusqu\u2019\u00e0 sa prochaine \u00e9dition ; le flamenco, non.<\/p>\n<\/div><\/div><\/div><\/div><\/div><\/div><\/div><\/section>\n","protected":false},"excerpt":{"rendered":"<p>La Biennale se termine, mais le flamenco continue \u00e0 S\u00e9ville. Guide des tablaos, de Triana et des spectacles r\u00e9guliers apr\u00e8s le 3 octobre 2026.<\/p>\n","protected":false},"author":1,"featured_media":14271,"comment_status":"closed","ping_status":"closed","sticky":false,"template":"","format":"standard","meta":{"_acf_changed":false,"wpai_generated_summary":"","_ayudawp_aiss_exclude":false,"_ayudawp_aiss_exclude_summary":false,"_ayudawp_aiss_summary":"","_ayudawp_aiss_summary_provider":"","_ayudawp_aiss_summary_hash":"","footnotes":""},"categories":[1428],"tags":[1238,1239,1240,1241,1155,1242],"class_list":["post-14303","post","type-post","status-publish","format-standard","has-post-thumbnail","hentry","category-biennale-de-flamenco","tag-agenda-flamenca","tag-bienal-2026","tag-bienal-de-flamenco","tag-festivales-flamencos","tag-flamenco-en-sevilla","tag-sevilla"],"acf":[],"yoast_head":"<!-- This site is optimized with the Yoast SEO Premium plugin v28.4 (Yoast SEO v28.4) - https:\/\/yoast.com\/product\/yoast-seo-premium-wordpress\/ -->\n<title>Flamenco \u00e0 S\u00e9ville apr\u00e8s la Biennale 2026<\/title>\n<meta name=\"description\" content=\"La Biennale se termine le 3 octobre, mais le flamenco continue \u00e0 S\u00e9ville. Guide des tablaos, de Triana, des spectacles et des r\u00e9servations apr\u00e8s le festival.\" \/>\n<meta name=\"robots\" content=\"index, follow, max-snippet:-1, max-image-preview:large, max-video-preview:-1\" \/>\n<link rel=\"canonical\" href=\"https:\/\/www.tablaosflamencos.com\/fr\/flamenco-apres-biennale-ou-voir-seville.html\" \/>\n<meta property=\"og:locale\" content=\"fr_FR\" \/>\n<meta property=\"og:type\" content=\"article\" \/>\n<meta property=\"og:title\" content=\"Flamenco apr\u00e8s la Biennale : o\u00f9 continuer \u00e0 voir du flamenco \u00e0 S\u00e9ville\" \/>\n<meta property=\"og:description\" content=\"La Biennale se termine le 3 octobre, mais le flamenco continue \u00e0 S\u00e9ville. Guide des tablaos, de Triana, des spectacles et des r\u00e9servations apr\u00e8s le festival.\" \/>\n<meta property=\"og:url\" content=\"https:\/\/www.tablaosflamencos.com\/fr\/flamenco-apres-biennale-ou-voir-seville.html\" \/>\n<meta property=\"og:site_name\" content=\"Tablaos Flamencos\" \/>\n<meta property=\"article:publisher\" content=\"https:\/\/www.facebook.com\/tablaosflamencos\" \/>\n<meta property=\"article:published_time\" content=\"2026-09-03T21:26:41+00:00\" \/>\n<meta property=\"article:modified_time\" content=\"2026-09-03T21:56:55+00:00\" \/>\n<meta property=\"og:image\" content=\"https:\/\/www.tablaosflamencos.com\/wp-content\/uploads\/flamenco-despues-de-la-bienal-donde-seguir-viendo-flamenco-en-sevilla-01.webp\" \/>\n\t<meta property=\"og:image:width\" content=\"1672\" \/>\n\t<meta property=\"og:image:height\" content=\"941\" \/>\n\t<meta property=\"og:image:type\" content=\"image\/webp\" \/>\n<meta name=\"author\" content=\"Miguel Ortiz\" \/>\n<meta name=\"twitter:card\" content=\"summary_large_image\" \/>\n<meta name=\"twitter:creator\" content=\"@tablaosflamenco\" \/>\n<meta name=\"twitter:site\" content=\"@tablaosflamenco\" \/>\n<meta name=\"twitter:label1\" content=\"\u00c9crit par\" \/>\n\t<meta name=\"twitter:data1\" content=\"Miguel Ortiz\" \/>\n\t<meta name=\"twitter:label2\" content=\"Dur\u00e9e de lecture estim\u00e9e\" \/>\n\t<meta name=\"twitter:data2\" content=\"22 minutes\" \/>\n<script type=\"application\/ld+json\" class=\"yoast-schema-graph\">{\"@context\":\"https:\\\/\\\/schema.org\",\"@graph\":[{\"@type\":\"Article\",\"@id\":\"https:\\\/\\\/www.tablaosflamencos.com\\\/fr\\\/flamenco-apres-biennale-ou-voir-seville.html#article\",\"isPartOf\":{\"@id\":\"https:\\\/\\\/www.tablaosflamencos.com\\\/fr\\\/flamenco-apres-biennale-ou-voir-seville.html\"},\"author\":{\"name\":\"Miguel Ortiz\",\"@id\":\"https:\\\/\\\/www.tablaosflamencos.com\\\/fr#\\\/schema\\\/person\\\/e7a9ebe14eb75a52ceabfbffb3c54f5d\"},\"headline\":\"Flamenco apr\u00e8s la Biennale : o\u00f9 continuer \u00e0 voir du flamenco \u00e0 S\u00e9ville\",\"datePublished\":\"2026-09-03T21:26:41+00:00\",\"dateModified\":\"2026-09-03T21:56:55+00:00\",\"mainEntityOfPage\":{\"@id\":\"https:\\\/\\\/www.tablaosflamencos.com\\\/fr\\\/flamenco-apres-biennale-ou-voir-seville.html\"},\"wordCount\":4439,\"publisher\":{\"@id\":\"https:\\\/\\\/www.tablaosflamencos.com\\\/fr#organization\"},\"image\":{\"@id\":\"https:\\\/\\\/www.tablaosflamencos.com\\\/fr\\\/flamenco-apres-biennale-ou-voir-seville.html#primaryimage\"},\"thumbnailUrl\":\"https:\\\/\\\/www.tablaosflamencos.com\\\/wp-content\\\/uploads\\\/flamenco-despues-de-la-bienal-donde-seguir-viendo-flamenco-en-sevilla-01.webp\",\"keywords\":[\"agenda flamenca\",\"Bienal 2026\",\"Bienal de Flamenco\",\"festivales flamencos\",\"flamenco en Sevilla\",\"sevilla\"],\"articleSection\":[\"Biennale de Flamenco\"],\"inLanguage\":\"fr-FR\"},{\"@type\":\"WebPage\",\"@id\":\"https:\\\/\\\/www.tablaosflamencos.com\\\/fr\\\/flamenco-apres-biennale-ou-voir-seville.html\",\"url\":\"https:\\\/\\\/www.tablaosflamencos.com\\\/fr\\\/flamenco-apres-biennale-ou-voir-seville.html\",\"name\":\"Flamenco \u00e0 S\u00e9ville apr\u00e8s la Biennale 2026\",\"isPartOf\":{\"@id\":\"https:\\\/\\\/www.tablaosflamencos.com\\\/fr#website\"},\"primaryImageOfPage\":{\"@id\":\"https:\\\/\\\/www.tablaosflamencos.com\\\/fr\\\/flamenco-apres-biennale-ou-voir-seville.html#primaryimage\"},\"image\":{\"@id\":\"https:\\\/\\\/www.tablaosflamencos.com\\\/fr\\\/flamenco-apres-biennale-ou-voir-seville.html#primaryimage\"},\"thumbnailUrl\":\"https:\\\/\\\/www.tablaosflamencos.com\\\/wp-content\\\/uploads\\\/flamenco-despues-de-la-bienal-donde-seguir-viendo-flamenco-en-sevilla-01.webp\",\"datePublished\":\"2026-09-03T21:26:41+00:00\",\"dateModified\":\"2026-09-03T21:56:55+00:00\",\"description\":\"La Biennale se termine le 3 octobre, mais le flamenco continue \u00e0 S\u00e9ville. Guide des tablaos, de Triana, des spectacles et des r\u00e9servations apr\u00e8s le festival.\",\"breadcrumb\":{\"@id\":\"https:\\\/\\\/www.tablaosflamencos.com\\\/fr\\\/flamenco-apres-biennale-ou-voir-seville.html#breadcrumb\"},\"inLanguage\":\"fr-FR\",\"potentialAction\":[{\"@type\":\"ReadAction\",\"target\":[\"https:\\\/\\\/www.tablaosflamencos.com\\\/fr\\\/flamenco-apres-biennale-ou-voir-seville.html\"]}]},{\"@type\":\"ImageObject\",\"inLanguage\":\"fr-FR\",\"@id\":\"https:\\\/\\\/www.tablaosflamencos.com\\\/fr\\\/flamenco-apres-biennale-ou-voir-seville.html#primaryimage\",\"url\":\"https:\\\/\\\/www.tablaosflamencos.com\\\/wp-content\\\/uploads\\\/flamenco-despues-de-la-bienal-donde-seguir-viendo-flamenco-en-sevilla-01.webp\",\"contentUrl\":\"https:\\\/\\\/www.tablaosflamencos.com\\\/wp-content\\\/uploads\\\/flamenco-despues-de-la-bienal-donde-seguir-viendo-flamenco-en-sevilla-01.webp\",\"width\":1672,\"height\":941,\"caption\":\"Flamenco despu\u00e9s de la Bienal: d\u00f3nde seguir viendo flamenco en Sevilla\"},{\"@type\":\"BreadcrumbList\",\"@id\":\"https:\\\/\\\/www.tablaosflamencos.com\\\/fr\\\/flamenco-apres-biennale-ou-voir-seville.html#breadcrumb\",\"itemListElement\":[{\"@type\":\"ListItem\",\"position\":1,\"name\":\"Home\",\"item\":\"https:\\\/\\\/www.tablaosflamencos.com\\\/fr\"},{\"@type\":\"ListItem\",\"position\":2,\"name\":\"Flamenco apr\u00e8s la Biennale : o\u00f9 continuer \u00e0 voir du flamenco \u00e0 S\u00e9ville\"}]},{\"@type\":\"WebSite\",\"@id\":\"https:\\\/\\\/www.tablaosflamencos.com\\\/fr#website\",\"url\":\"https:\\\/\\\/www.tablaosflamencos.com\\\/fr\",\"name\":\"Tablaos Flamencos\",\"description\":\"Entradas para tablaos flamencos de Espa\u00f1a\",\"publisher\":{\"@id\":\"https:\\\/\\\/www.tablaosflamencos.com\\\/fr#organization\"},\"alternateName\":\"Tablaos Flamencos\",\"potentialAction\":[{\"@type\":\"SearchAction\",\"target\":{\"@type\":\"EntryPoint\",\"urlTemplate\":\"https:\\\/\\\/www.tablaosflamencos.com\\\/fr?s={search_term_string}\"},\"query-input\":{\"@type\":\"PropertyValueSpecification\",\"valueRequired\":true,\"valueName\":\"search_term_string\"}}],\"inLanguage\":\"fr-FR\"},{\"@type\":[\"Organization\",\"Place\",\"EntertainmentBusiness\"],\"@id\":\"https:\\\/\\\/www.tablaosflamencos.com\\\/fr#organization\",\"name\":\"Tablaos Flamencos\",\"alternateName\":\"Tablaos Flamencos\",\"url\":\"https:\\\/\\\/www.tablaosflamencos.com\\\/fr\",\"logo\":{\"@id\":\"https:\\\/\\\/www.tablaosflamencos.com\\\/fr\\\/flamenco-apres-biennale-ou-voir-seville.html#local-main-organization-logo\"},\"image\":{\"@id\":\"https:\\\/\\\/www.tablaosflamencos.com\\\/fr\\\/flamenco-apres-biennale-ou-voir-seville.html#local-main-organization-logo\"},\"sameAs\":[\"https:\\\/\\\/www.facebook.com\\\/tablaosflamencos\",\"https:\\\/\\\/x.com\\\/tablaosflamenco\",\"https:\\\/\\\/mastodon.social\\\/@tablaosflamencos\",\"https:\\\/\\\/www.instagram.com\\\/tablaosflamencos\",\"https:\\\/\\\/tiktok.com\\\/@tablaosflamencos\",\"https:\\\/\\\/www.linkedin.com\\\/company\\\/109408238\\\/\"],\"description\":\"Venta de entradas para espect\u00e1culos flamencos\",\"legalName\":\"Tablaos Flamencos\",\"foundingDate\":\"2015-01-01\",\"numberOfEmployees\":{\"@type\":\"QuantitativeValue\",\"minValue\":\"1\",\"maxValue\":\"10\"},\"address\":{\"@id\":\"https:\\\/\\\/www.tablaosflamencos.com\\\/fr\\\/flamenco-apres-biennale-ou-voir-seville.html#local-main-place-address\"},\"geo\":{\"@type\":\"GeoCoordinates\",\"latitude\":\"37.3868072\",\"longitude\":\"-5.993280299999999\"},\"telephone\":[\"+34623787787\"],\"contactPoint\":{\"@type\":\"ContactPoint\",\"telephone\":\"+34623787787\",\"email\":\"info@tablaosflamencos.com\"},\"openingHoursSpecification\":{\"@type\":\"OpeningHoursSpecification\",\"dayOfWeek\":[\"Monday\",\"Tuesday\",\"Wednesday\",\"Thursday\",\"Friday\",\"Saturday\",\"Sunday\"],\"opens\":\"00:00\",\"closes\":\"23:59\"},\"email\":\"info@tablaosflamencos.com\",\"priceRange\":\"$$$\",\"currenciesAccepted\":\"\u20ac\"},{\"@type\":\"Person\",\"@id\":\"https:\\\/\\\/www.tablaosflamencos.com\\\/fr#\\\/schema\\\/person\\\/e7a9ebe14eb75a52ceabfbffb3c54f5d\",\"name\":\"Miguel Ortiz\",\"description\":\"Miguel Ortiz es un empresario flamenco, con una s\u00f3lida trayectoria dentro del sector. Ha presidido entidades culturales vinculadas al flamenco y, cuenta con un amplio recorrido profesional en la gesti\u00f3n y promoci\u00f3n de espect\u00e1culos y tablaos flamencos. Su pasi\u00f3n por la historia y el arte flamenco se refleja en cada art\u00edculo, donde combina experiencia, criterio y un profundo respeto por la tradici\u00f3n.\",\"sameAs\":[\"https:\\\/\\\/www.tablaosflamencos.com\",\"https:\\\/\\\/www.instagra.com\\\/miguelortizfe\",\"https:\\\/\\\/www.linkedin.com\\\/in\\\/miguelortizf\\\/\"],\"birthDate\":\"1984-11-22\",\"gender\":\"hombre\",\"knowsLanguage\":[\"espa\u00f1ol\",\"ingl\u00e9s\"],\"jobTitle\":\"Empresario flamenco\"},{\"@type\":\"PostalAddress\",\"@id\":\"https:\\\/\\\/www.tablaosflamencos.com\\\/fr\\\/flamenco-apres-biennale-ou-voir-seville.html#local-main-place-address\",\"streetAddress\":\"C\\\/ Alemanes, 19\",\"addressLocality\":\"Sevilla\",\"postalCode\":\"41004\",\"addressRegion\":\"Sevilla\",\"addressCountry\":\"ES\"},{\"@type\":\"ImageObject\",\"inLanguage\":\"fr-FR\",\"@id\":\"https:\\\/\\\/www.tablaosflamencos.com\\\/fr\\\/flamenco-apres-biennale-ou-voir-seville.html#local-main-organization-logo\",\"url\":\"https:\\\/\\\/www.tablaosflamencos.com\\\/wp-content\\\/uploads\\\/tablaos-flamencos-06-3.webp\",\"contentUrl\":\"https:\\\/\\\/www.tablaosflamencos.com\\\/wp-content\\\/uploads\\\/tablaos-flamencos-06-3.webp\",\"width\":600,\"height\":620,\"caption\":\"Tablaos Flamencos\"}]}<\/script>\n<meta name=\"geo.placename\" content=\"Sevilla\" \/>\n<meta name=\"geo.position\" content=\"37.3868072;-5.993280299999999\" \/>\n<meta name=\"geo.region\" content=\"Espagne\" \/>\n<!-- \/ Yoast SEO Premium plugin. -->","yoast_head_json":{"title":"Flamenco \u00e0 S\u00e9ville apr\u00e8s la Biennale 2026","description":"La Biennale se termine le 3 octobre, mais le flamenco continue \u00e0 S\u00e9ville. Guide des tablaos, de Triana, des spectacles et des r\u00e9servations apr\u00e8s le festival.","robots":{"index":"index","follow":"follow","max-snippet":"max-snippet:-1","max-image-preview":"max-image-preview:large","max-video-preview":"max-video-preview:-1"},"canonical":"https:\/\/www.tablaosflamencos.com\/fr\/flamenco-apres-biennale-ou-voir-seville.html","og_locale":"fr_FR","og_type":"article","og_title":"Flamenco apr\u00e8s la Biennale : o\u00f9 continuer \u00e0 voir du flamenco \u00e0 S\u00e9ville","og_description":"La Biennale se termine le 3 octobre, mais le flamenco continue \u00e0 S\u00e9ville. Guide des tablaos, de Triana, des spectacles et des r\u00e9servations apr\u00e8s le festival.","og_url":"https:\/\/www.tablaosflamencos.com\/fr\/flamenco-apres-biennale-ou-voir-seville.html","og_site_name":"Tablaos Flamencos","article_publisher":"https:\/\/www.facebook.com\/tablaosflamencos","article_published_time":"2026-09-03T21:26:41+00:00","article_modified_time":"2026-09-03T21:56:55+00:00","og_image":[{"width":1672,"height":941,"url":"https:\/\/www.tablaosflamencos.com\/wp-content\/uploads\/flamenco-despues-de-la-bienal-donde-seguir-viendo-flamenco-en-sevilla-01.webp","type":"image\/webp"}],"author":"Miguel Ortiz","twitter_card":"summary_large_image","twitter_creator":"@tablaosflamenco","twitter_site":"@tablaosflamenco","twitter_misc":{"\u00c9crit par":"Miguel Ortiz","Dur\u00e9e de lecture estim\u00e9e":"22 minutes"},"schema":{"@context":"https:\/\/schema.org","@graph":[{"@type":"Article","@id":"https:\/\/www.tablaosflamencos.com\/fr\/flamenco-apres-biennale-ou-voir-seville.html#article","isPartOf":{"@id":"https:\/\/www.tablaosflamencos.com\/fr\/flamenco-apres-biennale-ou-voir-seville.html"},"author":{"name":"Miguel Ortiz","@id":"https:\/\/www.tablaosflamencos.com\/fr#\/schema\/person\/e7a9ebe14eb75a52ceabfbffb3c54f5d"},"headline":"Flamenco apr\u00e8s la Biennale : o\u00f9 continuer \u00e0 voir du flamenco \u00e0 S\u00e9ville","datePublished":"2026-09-03T21:26:41+00:00","dateModified":"2026-09-03T21:56:55+00:00","mainEntityOfPage":{"@id":"https:\/\/www.tablaosflamencos.com\/fr\/flamenco-apres-biennale-ou-voir-seville.html"},"wordCount":4439,"publisher":{"@id":"https:\/\/www.tablaosflamencos.com\/fr#organization"},"image":{"@id":"https:\/\/www.tablaosflamencos.com\/fr\/flamenco-apres-biennale-ou-voir-seville.html#primaryimage"},"thumbnailUrl":"https:\/\/www.tablaosflamencos.com\/wp-content\/uploads\/flamenco-despues-de-la-bienal-donde-seguir-viendo-flamenco-en-sevilla-01.webp","keywords":["agenda flamenca","Bienal 2026","Bienal de Flamenco","festivales flamencos","flamenco en Sevilla","sevilla"],"articleSection":["Biennale de Flamenco"],"inLanguage":"fr-FR"},{"@type":"WebPage","@id":"https:\/\/www.tablaosflamencos.com\/fr\/flamenco-apres-biennale-ou-voir-seville.html","url":"https:\/\/www.tablaosflamencos.com\/fr\/flamenco-apres-biennale-ou-voir-seville.html","name":"Flamenco \u00e0 S\u00e9ville apr\u00e8s la Biennale 2026","isPartOf":{"@id":"https:\/\/www.tablaosflamencos.com\/fr#website"},"primaryImageOfPage":{"@id":"https:\/\/www.tablaosflamencos.com\/fr\/flamenco-apres-biennale-ou-voir-seville.html#primaryimage"},"image":{"@id":"https:\/\/www.tablaosflamencos.com\/fr\/flamenco-apres-biennale-ou-voir-seville.html#primaryimage"},"thumbnailUrl":"https:\/\/www.tablaosflamencos.com\/wp-content\/uploads\/flamenco-despues-de-la-bienal-donde-seguir-viendo-flamenco-en-sevilla-01.webp","datePublished":"2026-09-03T21:26:41+00:00","dateModified":"2026-09-03T21:56:55+00:00","description":"La Biennale se termine le 3 octobre, mais le flamenco continue \u00e0 S\u00e9ville. Guide des tablaos, de Triana, des spectacles et des r\u00e9servations apr\u00e8s le festival.","breadcrumb":{"@id":"https:\/\/www.tablaosflamencos.com\/fr\/flamenco-apres-biennale-ou-voir-seville.html#breadcrumb"},"inLanguage":"fr-FR","potentialAction":[{"@type":"ReadAction","target":["https:\/\/www.tablaosflamencos.com\/fr\/flamenco-apres-biennale-ou-voir-seville.html"]}]},{"@type":"ImageObject","inLanguage":"fr-FR","@id":"https:\/\/www.tablaosflamencos.com\/fr\/flamenco-apres-biennale-ou-voir-seville.html#primaryimage","url":"https:\/\/www.tablaosflamencos.com\/wp-content\/uploads\/flamenco-despues-de-la-bienal-donde-seguir-viendo-flamenco-en-sevilla-01.webp","contentUrl":"https:\/\/www.tablaosflamencos.com\/wp-content\/uploads\/flamenco-despues-de-la-bienal-donde-seguir-viendo-flamenco-en-sevilla-01.webp","width":1672,"height":941,"caption":"Flamenco despu\u00e9s de la Bienal: d\u00f3nde seguir viendo flamenco en Sevilla"},{"@type":"BreadcrumbList","@id":"https:\/\/www.tablaosflamencos.com\/fr\/flamenco-apres-biennale-ou-voir-seville.html#breadcrumb","itemListElement":[{"@type":"ListItem","position":1,"name":"Home","item":"https:\/\/www.tablaosflamencos.com\/fr"},{"@type":"ListItem","position":2,"name":"Flamenco apr\u00e8s la Biennale : o\u00f9 continuer \u00e0 voir du flamenco \u00e0 S\u00e9ville"}]},{"@type":"WebSite","@id":"https:\/\/www.tablaosflamencos.com\/fr#website","url":"https:\/\/www.tablaosflamencos.com\/fr","name":"Tablaos Flamencos","description":"Entradas para tablaos flamencos de Espa\u00f1a","publisher":{"@id":"https:\/\/www.tablaosflamencos.com\/fr#organization"},"alternateName":"Tablaos Flamencos","potentialAction":[{"@type":"SearchAction","target":{"@type":"EntryPoint","urlTemplate":"https:\/\/www.tablaosflamencos.com\/fr?s={search_term_string}"},"query-input":{"@type":"PropertyValueSpecification","valueRequired":true,"valueName":"search_term_string"}}],"inLanguage":"fr-FR"},{"@type":["Organization","Place","EntertainmentBusiness"],"@id":"https:\/\/www.tablaosflamencos.com\/fr#organization","name":"Tablaos Flamencos","alternateName":"Tablaos Flamencos","url":"https:\/\/www.tablaosflamencos.com\/fr","logo":{"@id":"https:\/\/www.tablaosflamencos.com\/fr\/flamenco-apres-biennale-ou-voir-seville.html#local-main-organization-logo"},"image":{"@id":"https:\/\/www.tablaosflamencos.com\/fr\/flamenco-apres-biennale-ou-voir-seville.html#local-main-organization-logo"},"sameAs":["https:\/\/www.facebook.com\/tablaosflamencos","https:\/\/x.com\/tablaosflamenco","https:\/\/mastodon.social\/@tablaosflamencos","https:\/\/www.instagram.com\/tablaosflamencos","https:\/\/tiktok.com\/@tablaosflamencos","https:\/\/www.linkedin.com\/company\/109408238\/"],"description":"Venta de entradas para espect\u00e1culos flamencos","legalName":"Tablaos Flamencos","foundingDate":"2015-01-01","numberOfEmployees":{"@type":"QuantitativeValue","minValue":"1","maxValue":"10"},"address":{"@id":"https:\/\/www.tablaosflamencos.com\/fr\/flamenco-apres-biennale-ou-voir-seville.html#local-main-place-address"},"geo":{"@type":"GeoCoordinates","latitude":"37.3868072","longitude":"-5.993280299999999"},"telephone":["+34623787787"],"contactPoint":{"@type":"ContactPoint","telephone":"+34623787787","email":"info@tablaosflamencos.com"},"openingHoursSpecification":{"@type":"OpeningHoursSpecification","dayOfWeek":["Monday","Tuesday","Wednesday","Thursday","Friday","Saturday","Sunday"],"opens":"00:00","closes":"23:59"},"email":"info@tablaosflamencos.com","priceRange":"$$$","currenciesAccepted":"\u20ac"},{"@type":"Person","@id":"https:\/\/www.tablaosflamencos.com\/fr#\/schema\/person\/e7a9ebe14eb75a52ceabfbffb3c54f5d","name":"Miguel Ortiz","description":"Miguel Ortiz es un empresario flamenco, con una s\u00f3lida trayectoria dentro del sector. Ha presidido entidades culturales vinculadas al flamenco y, cuenta con un amplio recorrido profesional en la gesti\u00f3n y promoci\u00f3n de espect\u00e1culos y tablaos flamencos. Su pasi\u00f3n por la historia y el arte flamenco se refleja en cada art\u00edculo, donde combina experiencia, criterio y un profundo respeto por la tradici\u00f3n.","sameAs":["https:\/\/www.tablaosflamencos.com","https:\/\/www.instagra.com\/miguelortizfe","https:\/\/www.linkedin.com\/in\/miguelortizf\/"],"birthDate":"1984-11-22","gender":"hombre","knowsLanguage":["espa\u00f1ol","ingl\u00e9s"],"jobTitle":"Empresario flamenco"},{"@type":"PostalAddress","@id":"https:\/\/www.tablaosflamencos.com\/fr\/flamenco-apres-biennale-ou-voir-seville.html#local-main-place-address","streetAddress":"C\/ Alemanes, 19","addressLocality":"Sevilla","postalCode":"41004","addressRegion":"Sevilla","addressCountry":"ES"},{"@type":"ImageObject","inLanguage":"fr-FR","@id":"https:\/\/www.tablaosflamencos.com\/fr\/flamenco-apres-biennale-ou-voir-seville.html#local-main-organization-logo","url":"https:\/\/www.tablaosflamencos.com\/wp-content\/uploads\/tablaos-flamencos-06-3.webp","contentUrl":"https:\/\/www.tablaosflamencos.com\/wp-content\/uploads\/tablaos-flamencos-06-3.webp","width":600,"height":620,"caption":"Tablaos Flamencos"}]},"geo.placename":"Sevilla","geo.position":{"lat":"37.3868072","long":"-5.993280299999999"},"geo.region":"Espagne"},"_links":{"self":[{"href":"https:\/\/www.tablaosflamencos.com\/fr\/wp-json\/wp\/v2\/posts\/14303","targetHints":{"allow":["GET"]}}],"collection":[{"href":"https:\/\/www.tablaosflamencos.com\/fr\/wp-json\/wp\/v2\/posts"}],"about":[{"href":"https:\/\/www.tablaosflamencos.com\/fr\/wp-json\/wp\/v2\/types\/post"}],"author":[{"embeddable":true,"href":"https:\/\/www.tablaosflamencos.com\/fr\/wp-json\/wp\/v2\/users\/1"}],"replies":[{"embeddable":true,"href":"https:\/\/www.tablaosflamencos.com\/fr\/wp-json\/wp\/v2\/comments?post=14303"}],"version-history":[{"count":3,"href":"https:\/\/www.tablaosflamencos.com\/fr\/wp-json\/wp\/v2\/posts\/14303\/revisions"}],"predecessor-version":[{"id":14345,"href":"https:\/\/www.tablaosflamencos.com\/fr\/wp-json\/wp\/v2\/posts\/14303\/revisions\/14345"}],"wp:featuredmedia":[{"embeddable":true,"href":"https:\/\/www.tablaosflamencos.com\/fr\/wp-json\/wp\/v2\/media\/14271"}],"wp:attachment":[{"href":"https:\/\/www.tablaosflamencos.com\/fr\/wp-json\/wp\/v2\/media?parent=14303"}],"wp:term":[{"taxonomy":"category","embeddable":true,"href":"https:\/\/www.tablaosflamencos.com\/fr\/wp-json\/wp\/v2\/categories?post=14303"},{"taxonomy":"post_tag","embeddable":true,"href":"https:\/\/www.tablaosflamencos.com\/fr\/wp-json\/wp\/v2\/tags?post=14303"}],"curies":[{"name":"wp","href":"https:\/\/api.w.org\/{rel}","templated":true}]}}