{"id":14302,"date":"2026-09-03T23:19:59","date_gmt":"2026-09-03T21:19:59","guid":{"rendered":"https:\/\/www.tablaosflamencos.com\/?p=14302"},"modified":"2026-09-04T00:07:53","modified_gmt":"2026-09-03T22:07:53","slug":"circuit-andalou-penas-flamencas-2026-recitals-gratuits","status":"publish","type":"post","link":"https:\/\/www.tablaosflamencos.com\/fr\/circuit-andalou-penas-flamencas-2026-recitals-gratuits.html","title":{"rendered":"Circuit andalou des pe\u00f1as 2026 : 225 r\u00e9citals de flamenco gratuits"},"content":{"rendered":"<section class=\"l-section wpb_row height_huge\"><div class=\"l-section-h i-cf\"><div class=\"g-cols vc_row via_flex valign_middle type_default stacking_default\"><div class=\"vc_col-sm-6 wpb_column vc_column_container\"><div class=\"vc_column-inner\"><div class=\"wpb_wrapper\"><div class=\"wpb_text_column\"><div class=\"wpb_wrapper\"><h2>225 r\u00e9citals gratuits pour parcourir l\u2019Andalousie flamenca<\/h2>\n<p>Le <strong>Circuit andalou des pe\u00f1as flamencas 2026<\/strong> porte le flamenco dans les huit provinces avec une programmation officielle de <strong>225 spectacles de chant, de danse et de guitare<\/strong>. Au moins 470 artistes participeront \u00e0 un r\u00e9seau de pe\u00f1as allant des capitales provinciales aux communes o\u00f9 l\u2019offre culturelle professionnelle est g\u00e9n\u00e9ralement bien plus limit\u00e9e.<\/p>\n<p>La plupart des rendez-vous ont lieu entre septembre et novembre, bien que S\u00e9ville et Ja\u00e9n aient commenc\u00e9 leurs cycles en juin, Almer\u00eda en ao\u00fbt et Grenade au milieu de ce m\u00eame mois. L\u2019 <strong>entr\u00e9e est gratuite dans la limite des places disponibles<\/strong>, ce qui fait de ce circuit l\u2019une des plus vastes occasions de l\u2019ann\u00e9e d\u2019\u00e9couter du flamenco en direct sans acheter de billet.<\/p>\n<p>Ce guide r\u00e9unit les chiffres, les dates, les hommages et les localit\u00e9s annonc\u00e9s, explique comment consulter le programme de chaque province et donne des conseils pratiques pour assister aux r\u00e9citals.<\/p>\n<\/div><\/div><\/div><\/div><\/div><div class=\"vc_col-sm-6 wpb_column vc_column_container\"><div class=\"vc_column-inner\"><div class=\"wpb_wrapper\"><div class=\"w-image us_custom_c9d916e8 has_aspect_ratio align_center\"><div class=\"w-image-h\"><img fetchpriority=\"high\" decoding=\"async\" width=\"1024\" height=\"683\" src=\"https:\/\/www.tablaosflamencos.com\/wp-content\/uploads\/circuito-andaluz-de-penas-2026-225-recitales-de-flamenco-gratis-por-toda-andalucia-01-1-1024x683.webp\" class=\"attachment-large size-large\" alt=\"\" loading=\"eager\" srcset=\"https:\/\/www.tablaosflamencos.com\/wp-content\/uploads\/circuito-andaluz-de-penas-2026-225-recitales-de-flamenco-gratis-por-toda-andalucia-01-1-1024x683.webp 1024w, https:\/\/www.tablaosflamencos.com\/wp-content\/uploads\/circuito-andaluz-de-penas-2026-225-recitales-de-flamenco-gratis-por-toda-andalucia-01-1-300x200.webp 300w, https:\/\/www.tablaosflamencos.com\/wp-content\/uploads\/circuito-andaluz-de-penas-2026-225-recitales-de-flamenco-gratis-por-toda-andalucia-01-1-600x400.webp 600w, https:\/\/www.tablaosflamencos.com\/wp-content\/uploads\/circuito-andaluz-de-penas-2026-225-recitales-de-flamenco-gratis-por-toda-andalucia-01-1-150x100.webp 150w, https:\/\/www.tablaosflamencos.com\/wp-content\/uploads\/circuito-andaluz-de-penas-2026-225-recitales-de-flamenco-gratis-por-toda-andalucia-01-1.webp 1536w\" sizes=\"auto, (max-width: 1024px) 100vw, 1024px\" \/><\/div><\/div><\/div><\/div><\/div><\/div><\/div><\/section><section class=\"l-section wpb_row height_huge color_alternate with_shape\"><div class=\"l-section-shape type_zigzag pos_top hor_flip\" style=\"height:3vmin;\"><svg xmlns=\"http:\/\/www.w3.org\/2000\/svg\" viewBox=\"0 0 64 8\" preserveAspectRatio=\"none\" width=\"100%\" height=\"100%\">\r\n\t<path fill=\"currentColor\" d=\"M64 8 L0 8 L0 0 L20 7.9 L40 3 L48 5 L64 0 Z\"\/>\r\n<\/svg><\/div><div class=\"l-section-shape type_zigzag pos_bottom\" style=\"height:3vmin;\"><svg xmlns=\"http:\/\/www.w3.org\/2000\/svg\" viewBox=\"0 0 64 8\" preserveAspectRatio=\"none\" width=\"100%\" height=\"100%\">\r\n\t<path fill=\"currentColor\" d=\"M64 8 L0 8 L0 0 L20 7.9 L40 3 L48 5 L64 0 Z\"\/>\r\n<\/svg><\/div><div class=\"l-section-h i-cf\"><div class=\"g-cols vc_row via_flex valign_top type_default stacking_default\"><div class=\"vc_col-sm-12 wpb_column vc_column_container\"><div class=\"vc_column-inner\"><div class=\"wpb_wrapper\"><div class=\"wpb_text_column\"><div class=\"wpb_wrapper\"><blockquote>\n<p style=\"margin: 0;\"><strong>R\u00e9ponse rapide :<\/strong> le Circuit andalou des pe\u00f1as flamencas 2026 programme 225 r\u00e9citals gratuits dans les huit provinces d\u2019Andalousie, avec au moins 470 artistes. L\u2019\u00e9dition r\u00e9unit 181 spectacles de chant, 31 de danse et 13 de guitare. Les cycles provinciaux se d\u00e9roulent du 6 juin au 28 novembre, avec une concentration maximale de septembre \u00e0 novembre. L\u2019acc\u00e8s est gratuit dans la limite des places disponibles et les horaires doivent \u00eatre v\u00e9rifi\u00e9s dans l\u2019Agenda culturel d\u2019Andalousie ou directement aupr\u00e8s de la pe\u00f1a organisatrice.<\/p>\n<\/blockquote>\n<\/div><\/div><\/div><\/div><\/div><\/div><\/div><\/section><section class=\"l-section wpb_row height_huge\"><div class=\"l-section-h i-cf\"><div class=\"g-cols vc_row via_flex valign_middle type_default stacking_default\"><div class=\"vc_col-sm-3 wpb_column vc_column_container\"><div class=\"vc_column-inner\"><div class=\"wpb_wrapper\"><\/div><\/div><\/div><div class=\"vc_col-sm-6 wpb_column vc_column_container\"><div class=\"vc_column-inner\"><div class=\"wpb_wrapper\"><div class=\"wpb_text_column\"><div class=\"wpb_wrapper\"><h2>Sommaire de ce guide<\/h2>\n<ul>\n<li><a href=\"#datos-clave\">Chiffres cl\u00e9s du Circuit andalou des pe\u00f1as 2026<\/a><\/li>\n<li><a href=\"#que-es\">Qu\u2019est-ce que le Circuit andalou des pe\u00f1as ?<\/a><\/li>\n<li><a href=\"#provincias\">Dates et spectacles par province<\/a><\/li>\n<li><a href=\"#modalidades\">Chant, danse et guitare : r\u00e9partition du programme<\/a><\/li>\n<li><a href=\"#gratis\">Comment fonctionne l\u2019acc\u00e8s gratuit<\/a><\/li>\n<li><a href=\"#programa\">O\u00f9 consulter les artistes, les pe\u00f1as et les horaires<\/a><\/li>\n<li><a href=\"#homenajes\">Les hommages de l\u2019\u00e9dition 2026<\/a><\/li>\n<li><a href=\"#papel-penas\">Pourquoi les pe\u00f1as sont essentielles au flamenco<\/a><\/li>\n<li><a href=\"#organizar\">Comment organiser un itin\u00e9raire flamenco en Andalousie<\/a><\/li>\n<li><a href=\"#faq\">Questions fr\u00e9quentes<\/a><\/li>\n<\/ul>\n<\/div><\/div><\/div><\/div><\/div><div class=\"vc_col-sm-3 wpb_column vc_column_container\"><div class=\"vc_column-inner\"><div class=\"wpb_wrapper\"><\/div><\/div><\/div><\/div><\/div><\/section><section class=\"l-section wpb_row height_huge color_alternate with_shape\"><div class=\"l-section-shape type_zigzag pos_top hor_flip\" style=\"height:3vmin;\"><svg xmlns=\"http:\/\/www.w3.org\/2000\/svg\" viewBox=\"0 0 64 8\" preserveAspectRatio=\"none\" width=\"100%\" height=\"100%\">\r\n\t<path fill=\"currentColor\" d=\"M64 8 L0 8 L0 0 L20 7.9 L40 3 L48 5 L64 0 Z\"\/>\r\n<\/svg><\/div><div class=\"l-section-shape type_zigzag pos_bottom\" style=\"height:3vmin;\"><svg xmlns=\"http:\/\/www.w3.org\/2000\/svg\" viewBox=\"0 0 64 8\" preserveAspectRatio=\"none\" width=\"100%\" height=\"100%\">\r\n\t<path fill=\"currentColor\" d=\"M64 8 L0 8 L0 0 L20 7.9 L40 3 L48 5 L64 0 Z\"\/>\r\n<\/svg><\/div><div class=\"l-section-h i-cf\"><div class=\"g-cols vc_row via_flex valign_top type_default stacking_default\"><div class=\"vc_col-sm-12 wpb_column vc_column_container\"><div class=\"vc_column-inner\"><div class=\"wpb_wrapper\"><div class=\"wpb_text_column\"><div class=\"wpb_wrapper\"><h2 id=\"datos-clave\">Circuit andalou des pe\u00f1as 2026 : chiffres cl\u00e9s<\/h2>\n<table>\n<thead>\n<tr>\n<th>Donn\u00e9e<\/th>\n<th>Chiffre ou information officielle<\/th>\n<\/tr>\n<\/thead>\n<tbody>\n<tr>\n<td><strong>Nombre total de spectacles<\/strong><\/td>\n<td>225 r\u00e9citals<\/td>\n<\/tr>\n<tr>\n<td><strong>Artistes participants<\/strong><\/td>\n<td>Au moins 470<\/td>\n<\/tr>\n<tr>\n<td><strong>R\u00e9citals de chant<\/strong><\/td>\n<td>181<\/td>\n<\/tr>\n<tr>\n<td><strong>Spectacles de danse<\/strong><\/td>\n<td>31<\/td>\n<\/tr>\n<tr>\n<td><strong>R\u00e9citals de guitare<\/strong><\/td>\n<td>13<\/td>\n<\/tr>\n<tr>\n<td><strong>Provinces<\/strong><\/td>\n<td>Almer\u00eda, Cadix, Cordoue, Grenade, Huelva, Ja\u00e9n, M\u00e1laga et S\u00e9ville<\/td>\n<\/tr>\n<tr>\n<td><strong>P\u00e9riode g\u00e9n\u00e9rale<\/strong><\/td>\n<td>Du 6 juin au 28 novembre 2026, selon la province<\/td>\n<\/tr>\n<tr>\n<td><strong>Prix<\/strong><\/td>\n<td>Entr\u00e9e gratuite dans la limite des places disponibles<\/td>\n<\/tr>\n<tr>\n<td><strong>Pe\u00f1as f\u00e9d\u00e9r\u00e9es en Andalousie<\/strong><\/td>\n<td>329<\/td>\n<\/tr>\n<tr>\n<td><strong>Investissement sp\u00e9cifique dans le circuit<\/strong><\/td>\n<td>250 000 euros<\/td>\n<\/tr>\n<\/tbody>\n<\/table>\n<p>Les chiffres montrent clairement l\u2019ampleur du programme. Il ne s\u2019agit ni d\u2019un festival concentr\u00e9 dans une seule ville ni d\u2019une succession de grandes productions th\u00e9\u00e2trales, mais d\u2019un r\u00e9seau de r\u00e9citals de proximit\u00e9 qui utilise les si\u00e8ges des pe\u00f1as comme espaces de repr\u00e9sentation, d\u2019\u00e9coute et de convivialit\u00e9.<\/p>\n<p>Le chant occupe la majeure partie du programme, mais la danse et la guitare y ont \u00e9galement leur place. Cette combinaison permet au public de d\u00e9couvrir aussi bien des r\u00e9citals centr\u00e9s sur la voix que des spectacles o\u00f9 le corps, le comp\u00e1s ou l\u2019instrument tient le premier r\u00f4le.<\/p>\n<\/div><\/div><\/div><\/div><\/div><\/div><\/div><\/section><section class=\"l-section wpb_row height_huge\"><div class=\"l-section-h i-cf\"><div class=\"g-cols vc_row via_flex valign_top type_default stacking_default\"><div class=\"vc_col-sm-12 wpb_column vc_column_container\"><div class=\"vc_column-inner\"><div class=\"wpb_wrapper\"><div class=\"wpb_text_column\"><div class=\"wpb_wrapper\"><h2 id=\"que-es\">Qu\u2019est-ce que le Circuit andalou des pe\u00f1as flamencas ?<\/h2>\n<p>Le Circuit andalou des pe\u00f1as est un programme port\u00e9 par l\u2019 <strong>Agence andalouse des institutions culturelles et l\u2019Institut andalou du flamenco<\/strong>, en collaboration avec les f\u00e9d\u00e9rations provinciales de pe\u00f1as. Son objectif est de programmer des spectacles professionnels de chant, de danse et de guitare dans des associations flamencas de toute l\u2019Andalousie.<\/p>\n<p>Le mod\u00e8le pr\u00e9sente une double dimension. Pour le public, il cr\u00e9e un vaste calendrier de flamenco gratuit et de proximit\u00e9. Pour les artistes, il ouvre un circuit professionnel permettant de se produire dans des communes tr\u00e8s diverses et de rencontrer des aficionados habitu\u00e9s \u00e0 \u00e9couter le flamenco avec attention.<\/p>\n<p>La programmation ne r\u00e9sulte pas d\u2019une s\u00e9lection informelle. En 2026, un <strong>appel public \u00e0 candidatures pour les artistes<\/strong> a \u00e9t\u00e9 lanc\u00e9 et pr\u00e8s de 300 propositions ont \u00e9t\u00e9 re\u00e7ues. Ce catalogue a servi de base aux f\u00e9d\u00e9rations provinciales pour composer leurs programmes respectifs, en associant des figures reconnues et de jeunes interpr\u00e8tes qui commencent \u00e0 consolider leur carri\u00e8re.<\/p>\n<p>Le circuit s\u2019inscrit \u00e9galement dans la Loi sur le flamenco et dans le Plan strat\u00e9gique approuv\u00e9 par le gouvernement r\u00e9gional andalou en mai 2026. Ce cadre reconna\u00eet les pe\u00f1as comme des acteurs essentiels de la pr\u00e9servation, de la diffusion et de la transmission du patrimoine flamenco.<\/p>\n<p>Si vous souhaitez approfondir le contexte artistique avant d\u2019y assister, notre guide sur <a href=\"https:\/\/www.tablaosflamencos.com\/que-es-el-flamenco.html\"><strong>le flamenco, ses origines et ses \u00e9l\u00e9ments fondamentaux<\/strong><\/a> explique les liens entre le chant, la guitare, la danse et le comp\u00e1s.<\/p>\n<\/div><\/div><\/div><\/div><\/div><\/div><\/div><\/section><section class=\"l-section wpb_row height_huge color_alternate with_shape\"><div class=\"l-section-shape type_zigzag pos_top hor_flip\" style=\"height:3vmin;\"><svg xmlns=\"http:\/\/www.w3.org\/2000\/svg\" viewBox=\"0 0 64 8\" preserveAspectRatio=\"none\" width=\"100%\" height=\"100%\">\r\n\t<path fill=\"currentColor\" d=\"M64 8 L0 8 L0 0 L20 7.9 L40 3 L48 5 L64 0 Z\"\/>\r\n<\/svg><\/div><div class=\"l-section-shape type_zigzag pos_bottom\" style=\"height:3vmin;\"><svg xmlns=\"http:\/\/www.w3.org\/2000\/svg\" viewBox=\"0 0 64 8\" preserveAspectRatio=\"none\" width=\"100%\" height=\"100%\">\r\n\t<path fill=\"currentColor\" d=\"M64 8 L0 8 L0 0 L20 7.9 L40 3 L48 5 L64 0 Z\"\/>\r\n<\/svg><\/div><div class=\"l-section-h i-cf\"><div class=\"g-cols vc_row via_flex valign_top type_default stacking_default\"><div class=\"vc_col-sm-12 wpb_column vc_column_container\"><div class=\"vc_column-inner\"><div class=\"wpb_wrapper\"><div class=\"wpb_text_column\"><div class=\"wpb_wrapper\"><h2 id=\"provincias\">Programme par province : dates, r\u00e9citals et disciplines<\/h2>\n<p>Chaque f\u00e9d\u00e9ration provinciale organise son propre calendrier dans le cadre du programme commun. Il n\u2019existe donc ni date de d\u00e9but unique ni horaire g\u00e9n\u00e9ral. Le tableau suivant r\u00e9sume les informations officielles publi\u00e9es pour chaque territoire.<\/p>\n<table>\n<thead>\n<tr>\n<th>Province<\/th>\n<th>Dates du cycle<\/th>\n<th>Spectacles annonc\u00e9s<\/th>\n<th>R\u00e9partition<\/th>\n<\/tr>\n<\/thead>\n<tbody>\n<tr>\n<td><strong>S\u00e9ville<\/strong><\/td>\n<td>6 juin\u201330 octobre<\/td>\n<td>56<\/td>\n<td>53 de chant, 2 de danse et 1 de guitare<\/td>\n<\/tr>\n<tr>\n<td><strong>M\u00e1laga<\/strong><\/td>\n<td>5 septembre\u201328 novembre<\/td>\n<td>35<\/td>\n<td>21 de chant, 8 de danse et 6 de guitare ou d\u2019autres instruments<\/td>\n<\/tr>\n<tr>\n<td><strong>Cadix<\/strong><\/td>\n<td>5 septembre\u201321 novembre<\/td>\n<td>33<\/td>\n<td>22 de chant et 11 de danse<\/td>\n<\/tr>\n<tr>\n<td><strong>Ja\u00e9n<\/strong><\/td>\n<td>6 juin\u201311 juillet et 12 septembre\u201328 novembre<\/td>\n<td>30<\/td>\n<td>27 de chant, 1 de danse et 2 de guitare<\/td>\n<\/tr>\n<tr>\n<td><strong>Cordoue<\/strong><\/td>\n<td>6\u201328 novembre<\/td>\n<td>30<\/td>\n<td>26 de chant, 1 de danse et 3 de guitare<\/td>\n<\/tr>\n<tr>\n<td><strong>Grenade<\/strong><\/td>\n<td>15 ao\u00fbt\u201321 novembre<\/td>\n<td>15<\/td>\n<td>9 de chant et 6 de danse<\/td>\n<\/tr>\n<tr>\n<td><strong>Huelva<\/strong><\/td>\n<td>5 septembre\u201321 novembre<\/td>\n<td>14<\/td>\n<td>12 de chant, 1 de danse et 1 de guitare<\/td>\n<\/tr>\n<tr>\n<td><strong>Almer\u00eda<\/strong><\/td>\n<td>1er ao\u00fbt\u201315 novembre<\/td>\n<td>11<\/td>\n<td>11 de chant<\/td>\n<\/tr>\n<\/tbody>\n<\/table>\n<p><strong>Remarque sur les chiffres :<\/strong> l\u2019organisation annonce un total global de 225 spectacles et la r\u00e9partition par discipline \u2014 181 de chant, 31 de danse et 13 de guitare \u2014 atteint \u00e9galement 225. Toutefois, les sous-totaux provinciaux publi\u00e9s dans les informations de pr\u00e9sentation s\u2019\u00e9l\u00e8vent \u00e0 224. Il semble donc qu\u2019un spectacle reste \u00e0 int\u00e9grer ou qu\u2019une des ventilations n\u2019ait pas \u00e9t\u00e9 mise \u00e0 jour. Nous retenons le chiffre global officiel de 225 et recommandons de consulter l\u2019agenda provincial actualis\u00e9 avant de planifier la visite.<\/p>\n<\/div><\/div><\/div><\/div><\/div><\/div><\/div><\/section><section class=\"l-section wpb_row height_huge\"><div class=\"l-section-h i-cf\"><div class=\"g-cols vc_row via_flex valign_top type_default stacking_default\"><div class=\"vc_col-sm-12 wpb_column vc_column_container\"><div class=\"vc_column-inner\"><div class=\"wpb_wrapper\"><div class=\"wpb_text_column\"><div class=\"wpb_wrapper\"><h2>S\u00e9ville : 56 spectacles et un hommage \u00e0 El Lebrijano<\/h2>\n<p>S\u00e9ville concentre le programme provincial le plus vaste : <strong>56 spectacles dans 41 localit\u00e9s<\/strong>. Le cycle a commenc\u00e9 le 6 juin et se poursuit jusqu\u2019au 30 octobre. Douze r\u00e9citals ont eu lieu en juin et l\u2019activit\u00e9 a repris avec une intensit\u00e9 particuli\u00e8re en septembre et octobre.<\/p>\n<p>L\u2019\u00e9dition s\u00e9villane comm\u00e9more les <strong>50 ans de la publication de <em>Persecuci\u00f3n<\/em><\/strong>, l\u2019album embl\u00e9matique de Juan Pe\u00f1a \u00ab El Lebrijano \u00bb. Le programme rejoint la capitale et des localit\u00e9s telles que Lebrija, Alcal\u00e1 de Guada\u00edra, Mairena del Alcor, Mor\u00f3n de la Frontera, \u00c9cija, Dos Hermanas, Coria del R\u00edo, Tomares, Arahal, Paradas, San Jos\u00e9 de la Rinconada ou Las Cabezas de San Juan, entre beaucoup d\u2019autres.<\/p>\n<p>Les personnes souhaitant associer l\u2019un de ces r\u00e9citals \u00e0 une programmation r\u00e9guli\u00e8re peuvent consulter notre s\u00e9lection de <a href=\"https:\/\/www.tablaosflamencos.com\/flamenco-en-sevilla\"><strong>spectacles de flamenco \u00e0 S\u00e9ville<\/strong><\/a>. Il s\u2019agit d\u2019exp\u00e9riences diff\u00e9rentes : la pe\u00f1a propose un rendez-vous ponctuel dans le cadre du circuit, tandis que le tablao permet de r\u00e9server un spectacle \u00e0 une date pr\u00e9cise.<\/p>\n<h2>M\u00e1laga : 35 spectacles dans 30 localit\u00e9s<\/h2>\n<p>La province de M\u00e1laga organise son circuit du 5 septembre au 28 novembre avec <strong>35 spectacles<\/strong>: 21 de chant, huit de danse et six de guitare ou d\u2019autres instruments. Les r\u00e9citals atteignent 30 localit\u00e9s, parmi lesquelles M\u00e1laga, Antequera, Marbella, Mijas, Nerja, V\u00e9lez-M\u00e1laga, \u00c1lora, Co\u00edn, C\u00e1rtama, Benalm\u00e1dena, Manilva et plusieurs communes de la r\u00e9gion d\u2019Antequera.<\/p>\n<p>Le cycle rend hommage au flamencologue et collectionneur <strong>Luis Soler<\/strong>, dont le travail de recherche, d\u2019archivage et de diffusion a contribu\u00e9 \u00e0 pr\u00e9server une part essentielle de la m\u00e9moire discographique et documentaire du flamenco.<\/p>\n<p>Pour compl\u00e9ter un s\u00e9jour dans la capitale ou sur la Costa del Sol, vous pouvez \u00e9galement d\u00e9couvrir o\u00f9 voir du <a href=\"https:\/\/www.tablaosflamencos.com\/flamenco-en-malaga\"><strong>flamenco \u00e0 M\u00e1laga<\/strong><\/a> pendant le reste de la semaine.<\/p>\n<\/div><\/div><\/div><\/div><\/div><\/div><\/div><\/section><section class=\"l-section wpb_row height_huge color_alternate with_shape\"><div class=\"l-section-shape type_zigzag pos_top hor_flip\" style=\"height:3vmin;\"><svg xmlns=\"http:\/\/www.w3.org\/2000\/svg\" viewBox=\"0 0 64 8\" preserveAspectRatio=\"none\" width=\"100%\" height=\"100%\">\r\n\t<path fill=\"currentColor\" d=\"M64 8 L0 8 L0 0 L20 7.9 L40 3 L48 5 L64 0 Z\"\/>\r\n<\/svg><\/div><div class=\"l-section-shape type_zigzag pos_bottom\" style=\"height:3vmin;\"><svg xmlns=\"http:\/\/www.w3.org\/2000\/svg\" viewBox=\"0 0 64 8\" preserveAspectRatio=\"none\" width=\"100%\" height=\"100%\">\r\n\t<path fill=\"currentColor\" d=\"M64 8 L0 8 L0 0 L20 7.9 L40 3 L48 5 L64 0 Z\"\/>\r\n<\/svg><\/div><div class=\"l-section-h i-cf\"><div class=\"g-cols vc_row via_flex valign_top type_default stacking_default\"><div class=\"vc_col-sm-12 wpb_column vc_column_container\"><div class=\"vc_column-inner\"><div class=\"wpb_wrapper\"><div class=\"wpb_text_column\"><div class=\"wpb_wrapper\"><h2>Cadix : 33 r\u00e9citals d\u00e9di\u00e9s \u00e0 Mar\u00eda Vargas<\/h2>\n<p>Cadix programme <strong>33 spectacles entre le 5 septembre et le 21 novembre<\/strong>: 22 de chant et 11 de danse. Le cycle est d\u00e9di\u00e9 \u00e0 la chanteuse de Sanl\u00facar <strong>Mar\u00eda Vargas Fern\u00e1ndez<\/strong> et parcourt 22 localit\u00e9s, dont Cadix, Jerez, Sanl\u00facar de Barrameda, Chiclana, Chipiona, San Fernando, El Puerto de Santa Mar\u00eda, Arcos, Conil, Barbate, Ubrique, Algeciras, La L\u00ednea, Los Barrios et Puerto Real, ainsi que Ceuta.<\/p>\n<p>La pr\u00e9sence de onze spectacles de danse donne \u00e0 Cadix une place particuli\u00e8re dans cette discipline. Jerez figure parmi les \u00e9tapes majeures de l\u2019itin\u00e9raire et peut \u00eatre associ\u00e9 \u00e0 l\u2019offre r\u00e9guli\u00e8re de <a href=\"https:\/\/www.tablaosflamencos.com\/flamenco-en-jerez\"><strong>flamenco \u00e0 Jerez<\/strong><\/a>.<\/p>\n<h2>Ja\u00e9n : deux phases et le cycle A la Verde Oliva<\/h2>\n<p>Ja\u00e9n a \u00e9t\u00e9 l\u2019une des provinces \u00e0 commencer plus t\u00f4t. La premi\u00e8re phase, le cycle traditionnel <strong>A la Verde Oliva<\/strong>, s\u2019est d\u00e9roul\u00e9e du 6 juin au 11 juillet. La seconde commence le 12 septembre et se termine le 28 novembre.<\/p>\n<p>Au total, <strong>30 spectacles dans 28 localit\u00e9s<\/strong>sont annonc\u00e9s : 27 de chant, un de danse et deux de guitare. Le programme passe par Ja\u00e9n, Linares, \u00dabeda, Baeza, And\u00fajar, Martos, Bail\u00e9n, J\u00f3dar, Porcuna, Torredonjimeno, Mancha Real, Torreperogil et de nombreuses autres communes de la province.<\/p>\n<p>Si vous visitez la capitale, notre page consacr\u00e9e au <a href=\"https:\/\/www.tablaosflamencos.com\/flamenco-en-jaen\"><strong>flamenco \u00e0 Ja\u00e9n<\/strong><\/a> propose des options pour compl\u00e9ter le voyage.<\/p>\n<\/div><\/div><\/div><\/div><\/div><\/div><\/div><\/section><section class=\"l-section wpb_row height_huge\"><div class=\"l-section-h i-cf\"><div class=\"g-cols vc_row via_flex valign_top type_default stacking_default\"><div class=\"vc_col-sm-12 wpb_column vc_column_container\"><div class=\"vc_column-inner\"><div class=\"wpb_wrapper\"><div class=\"wpb_text_column\"><div class=\"wpb_wrapper\"><h2>Cordoue : 30 spectacles concentr\u00e9s en novembre<\/h2>\n<p>Cordoue concentre sa programmation sur une courte p\u00e9riode, <strong>du 6 au 28 novembre<\/strong>. Trente spectacles \u2014 26 de chant, un de danse et trois de guitare \u2014 seront r\u00e9partis dans 28 localit\u00e9s, de la capitale \u00e0 Montilla, Lucena, Cabra, Baena, Priego de C\u00f3rdoba, Palma del R\u00edo, Pozoblanco, Pe\u00f1arroya, Montoro ou Aguilar de la Frontera.<\/p>\n<p>L\u2019\u00e9dition est d\u00e9di\u00e9e \u00e0 <strong>Antonio Gonz\u00e1lez del Moral<\/strong>, reconnu pour son parcours et sa contribution au flamenco \u00e0 travers la photographie et sa diffusion dans les m\u00e9dias sp\u00e9cialis\u00e9s.<\/p>\n<p>Les visiteurs qui passent plusieurs jours dans la province peuvent compl\u00e9ter le circuit avec la programmation disponible de <a href=\"https:\/\/www.tablaosflamencos.com\/flamenco-en-cordoba\"><strong>flamenco \u00e0 Cordoue<\/strong><\/a>.<\/p>\n<h2>Grenade : 15 rendez-vous entre ao\u00fbt et novembre<\/h2>\n<p>Le circuit de Grenade a commenc\u00e9 le 15 ao\u00fbt et se termine le 21 novembre. Il r\u00e9unit <strong>15 spectacles<\/strong>, neuf de chant et six de danse, dans autant de localit\u00e9s : Grenade, Motril, Loja, Montefr\u00edo, Hu\u00e9tor Vega, Hu\u00e9tor T\u00e1jar, Peligros, \u00cdllora, Salobre\u00f1a, Maracena, Og\u00edjares et d\u2019autres communes.<\/p>\n<p>La programmation rend hommage \u00e0 <strong>Antonio Campos Mu\u00f1oz<\/strong>. L\u2019\u00e9quilibre entre chant et danse est plus marqu\u00e9 que dans les autres provinces et offre une bonne occasion de d\u00e9couvrir des propositions chor\u00e9graphiques dans l\u2019atmosph\u00e8re intime d\u2019une pe\u00f1a.<\/p>\n<p>Notre guide du <a href=\"https:\/\/www.tablaosflamencos.com\/flamenco-en-granada\"><strong>flamenco \u00e0 Grenade<\/strong><\/a> permet de comparer cet agenda ponctuel aux spectacles propos\u00e9s r\u00e9guli\u00e8rement.<\/p>\n<\/div><\/div><\/div><\/div><\/div><\/div><\/div><\/section><section class=\"l-section wpb_row height_huge color_alternate with_shape\"><div class=\"l-section-shape type_zigzag pos_top hor_flip\" style=\"height:3vmin;\"><svg xmlns=\"http:\/\/www.w3.org\/2000\/svg\" viewBox=\"0 0 64 8\" preserveAspectRatio=\"none\" width=\"100%\" height=\"100%\">\r\n\t<path fill=\"currentColor\" d=\"M64 8 L0 8 L0 0 L20 7.9 L40 3 L48 5 L64 0 Z\"\/>\r\n<\/svg><\/div><div class=\"l-section-shape type_zigzag pos_bottom\" style=\"height:3vmin;\"><svg xmlns=\"http:\/\/www.w3.org\/2000\/svg\" viewBox=\"0 0 64 8\" preserveAspectRatio=\"none\" width=\"100%\" height=\"100%\">\r\n\t<path fill=\"currentColor\" d=\"M64 8 L0 8 L0 0 L20 7.9 L40 3 L48 5 L64 0 Z\"\/>\r\n<\/svg><\/div><div class=\"l-section-h i-cf\"><div class=\"g-cols vc_row via_flex valign_top type_default stacking_default\"><div class=\"vc_col-sm-12 wpb_column vc_column_container\"><div class=\"vc_column-inner\"><div class=\"wpb_wrapper\"><div class=\"wpb_text_column\"><div class=\"wpb_wrapper\"><h2>Huelva : 14 r\u00e9citals dans 12 localit\u00e9s<\/h2>\n<p>Huelva organise sa programmation du 5 septembre au 21 novembre. Elle compte <strong>14 spectacles<\/strong>: douze de chant, un de danse et un de guitare. Les r\u00e9citals se tiennent \u00e0 Almonte, Cala\u00f1as, El Campillo, Huelva, Lepe, Moguer, Paterna del Campo, Paymogo, Punta Umbr\u00eda, Santa B\u00e1rbara de las Casas, Valverde del Camino et Villanueva de las Cruces.<\/p>\n<p>L\u2019agenda r\u00e9unit des voix de diff\u00e9rentes g\u00e9n\u00e9rations et un r\u00e9cital de guitare, montrant comment un r\u00e9seau relativement compact peut relier la capitale, le littoral, l\u2019And\u00e9valo et le bassin minier.<\/p>\n<p>Vous pouvez \u00e9galement consulter l\u2019offre de <a href=\"https:\/\/www.tablaosflamencos.com\/flamenco-en-huelva\"><strong>flamenco \u00e0 Huelva<\/strong><\/a> pour d\u2019autres dates.<\/p>\n<h2>Almer\u00eda : onze r\u00e9citals de chant<\/h2>\n<p>Almer\u00eda a commenc\u00e9 le circuit le 1er ao\u00fbt et le cl\u00f4turera le 15 novembre. La province programme <strong>onze spectacles, tous consacr\u00e9s au chant<\/strong>, dans les pe\u00f1as de Carboneras, Tabernas, Adra, Pechina, El Ejido, Hu\u00e9rcal de Almer\u00eda, Almer\u00eda et Viator.<\/p>\n<p>L\u2019\u00e9dition d\u2019Almer\u00eda rend hommage au guitariste <strong>Pepe Habichuela<\/strong>, une figure essentielle pour comprendre l\u2019\u00e9volution de l\u2019accompagnement et de la guitare flamenca contemporaine. Bien que le programme provincial soit compos\u00e9 de r\u00e9citals de chant, cet hommage souligne le dialogue indissociable entre la voix et la guitare.<\/p>\n<\/div><\/div><\/div><\/div><\/div><\/div><\/div><\/section><section class=\"l-section wpb_row height_huge\"><div class=\"l-section-h i-cf\"><div class=\"g-cols vc_row via_flex valign_top type_default stacking_default\"><div class=\"vc_col-sm-12 wpb_column vc_column_container\"><div class=\"vc_column-inner\"><div class=\"wpb_wrapper\"><div class=\"wpb_text_column\"><div class=\"wpb_wrapper\"><h2 id=\"modalidades\">Chant, danse et guitare : r\u00e9partition du circuit<\/h2>\n<p>Le chiffre global annonc\u00e9 se divise en <strong>181 spectacles de chant, 31 de danse et 13 de guitare<\/strong>. Le chant repr\u00e9sente environ quatre rendez-vous sur cinq, une proportion conforme \u00e0 la tradition historique de nombreuses pe\u00f1as, o\u00f9 le r\u00e9cital voix-guitare occupe une place centrale.<\/p>\n<p>Cela ne signifie pas que tous les concerts ont la m\u00eame structure. Un r\u00e9cital de chant peut r\u00e9unir une chanteuse ou un chanteur principal avec un guitariste et, selon le format, des palmas ou d\u2019autres accompagnements. Le choix des palos, des paroles et des styles change avec chaque artiste, si bien que deux soir\u00e9es apparemment similaires peuvent proposer des exp\u00e9riences tr\u00e8s diff\u00e9rentes.<\/p>\n<p>Les 31 spectacles de danse permettent de voir des cr\u00e9ations adapt\u00e9es \u00e0 des espaces plus intimes qu\u2019un grand th\u00e9\u00e2tre. Dans une pe\u00f1a, la proximit\u00e9 aide \u00e0 percevoir le travail des pieds, la respiration, les silences et la communication avec le chant et la guitare.<\/p>\n<p>La guitare tient le premier r\u00f4le dans treize rendez-vous. Ces r\u00e9citals sont particuli\u00e8rement int\u00e9ressants pour entendre l\u2019instrument en dehors de sa fonction d\u2019accompagnement, appr\u00e9cier la construction des falsetas et d\u00e9couvrir des interpr\u00e8tes qui dialoguent avec la tradition comme avec les langages contemporains.<\/p>\n<p>Cette coexistence des disciplines montre pourquoi le flamenco ne doit pas \u00eatre r\u00e9duit \u00e0 la seule danse. Chant, guitare, comp\u00e1s et mouvement forment un langage commun, m\u00eame si chaque r\u00e9cital choisit d\u2019en \u00e9clairer une facette diff\u00e9rente.<\/p>\n<\/div><\/div><\/div><\/div><\/div><\/div><\/div><\/section><section class=\"l-section wpb_row height_huge color_alternate with_shape\"><div class=\"l-section-shape type_zigzag pos_top hor_flip\" style=\"height:3vmin;\"><svg xmlns=\"http:\/\/www.w3.org\/2000\/svg\" viewBox=\"0 0 64 8\" preserveAspectRatio=\"none\" width=\"100%\" height=\"100%\">\r\n\t<path fill=\"currentColor\" d=\"M64 8 L0 8 L0 0 L20 7.9 L40 3 L48 5 L64 0 Z\"\/>\r\n<\/svg><\/div><div class=\"l-section-shape type_zigzag pos_bottom\" style=\"height:3vmin;\"><svg xmlns=\"http:\/\/www.w3.org\/2000\/svg\" viewBox=\"0 0 64 8\" preserveAspectRatio=\"none\" width=\"100%\" height=\"100%\">\r\n\t<path fill=\"currentColor\" d=\"M64 8 L0 8 L0 0 L20 7.9 L40 3 L48 5 L64 0 Z\"\/>\r\n<\/svg><\/div><div class=\"l-section-h i-cf\"><div class=\"g-cols vc_row via_flex valign_top type_default stacking_default\"><div class=\"vc_col-sm-12 wpb_column vc_column_container\"><div class=\"vc_column-inner\"><div class=\"wpb_wrapper\"><div class=\"wpb_text_column\"><div class=\"wpb_wrapper\"><h2 id=\"gratis\">Tous les r\u00e9citals sont-ils gratuits ? Comment fonctionne l\u2019acc\u00e8s<\/h2>\n<p>Les informations officielles du circuit indiquent que <strong>l\u2019entr\u00e9e aux r\u00e9citals est gratuite dans la limite des places disponibles<\/strong>. Il n\u2019est pas n\u00e9cessaire d\u2019acheter de billet, mais la gratuit\u00e9 ne garantit pas une place.<\/p>\n<p>Les pe\u00f1as ont g\u00e9n\u00e9ralement une capacit\u00e9 limit\u00e9e et certains spectacles peuvent susciter une demande bien sup\u00e9rieure aux possibilit\u00e9s du lieu. L\u2019organisation pratique \u2014 heure d\u2019ouverture, distribution d\u2019invitations, ordre d\u2019acc\u00e8s ou n\u00e9cessit\u00e9 de confirmer sa pr\u00e9sence \u2014 peut varier. Nous recommandons donc de v\u00e9rifier la fiche officielle et de contacter la pe\u00f1a lorsque la proc\u00e9dure n\u2019est pas d\u00e9taill\u00e9e.<\/p>\n<p>Pour \u00e9viter les contretemps :<\/p>\n<ul>\n<li><strong>V\u00e9rifiez le jour et l\u2019heure le jour m\u00eame du r\u00e9cital.<\/strong> Le programme est susceptible d\u2019\u00eatre modifi\u00e9.<\/li>\n<li><strong>Arrivez \u00e0 l\u2019avance.<\/strong> \u00ab Dans la limite des places disponibles \u00bb signifie que l\u2019acc\u00e8s est ferm\u00e9 lorsque la capacit\u00e9 autoris\u00e9e est atteinte.<\/li>\n<li><strong>V\u00e9rifiez si une r\u00e9servation ou une invitation est n\u00e9cessaire.<\/strong> L\u2019entr\u00e9e reste gratuite m\u00eame si l\u2019organisme attribue les places \u00e0 l\u2019avance.<\/li>\n<li><strong>Confirmez l\u2019adresse exacte.<\/strong> Certaines pe\u00f1as portent des noms similaires ou organisent des activit\u00e9s en dehors de leur si\u00e8ge habituel.<\/li>\n<li><strong>Respectez le caract\u00e8re associatif du lieu.<\/strong> Une pe\u00f1a ne fonctionne pas exactement comme un th\u00e9\u00e2tre commercial : c\u2019est une association culturelle soutenue par ses membres et les aficionados.<\/li>\n<\/ul>\n<p>Si vous cherchez d\u2019autres propositions gratuites aux m\u00eames dates, vous pouvez \u00e9galement consulter notre guide des <a href=\"https:\/\/www.tablaosflamencos.com\/bienal-flamenco-sevilla-2026-gratis.html\"><strong>activit\u00e9s gratuites de la Biennale de flamenco de S\u00e9ville 2026<\/strong><\/a>.<\/p>\n<\/div><\/div><\/div><\/div><\/div><\/div><\/div><\/section><section class=\"l-section wpb_row height_huge\"><div class=\"l-section-h i-cf\"><div class=\"g-cols vc_row via_flex valign_top type_default stacking_default\"><div class=\"vc_col-sm-12 wpb_column vc_column_container\"><div class=\"vc_column-inner\"><div class=\"wpb_wrapper\"><div class=\"wpb_text_column\"><div class=\"wpb_wrapper\"><h2 id=\"programa\">O\u00f9 consulter le programme complet, les artistes et les horaires<\/h2>\n<p>La r\u00e9f\u00e9rence principale est l\u2019 <strong>Agenda culturel d\u2019Andalousie<\/strong>, o\u00f9 le gouvernement r\u00e9gional publie des pages propres \u00e0 chaque province avec les dates, les pe\u00f1as, les localit\u00e9s et les artistes. L\u2019annonce de pr\u00e9sentation du circuit renvoie au moteur de recherche officiel du programme provincial.<\/p>\n<p>Le calendrier est tr\u00e8s vaste et peut faire l\u2019objet de corrections. C\u2019est pourquoi ce guide r\u00e9sume la structure g\u00e9n\u00e9rale et ne reproduit pas les 225 fiches comme si elles \u00e9taient immuables. Pour une date pr\u00e9cise, suivez cet ordre :<\/p>\n<ol>\n<li>Ouvrez le programme officiel par province.<\/li>\n<li>S\u00e9lectionnez la province et recherchez la commune.<\/li>\n<li>V\u00e9rifiez l\u2019artiste, la pe\u00f1a, la date et l\u2019heure.<\/li>\n<li>V\u00e9rifiez si la fiche fournit des instructions d\u2019acc\u00e8s.<\/li>\n<li>Si une information manque, consultez les canaux de la pe\u00f1a ou de la f\u00e9d\u00e9ration provinciale.<\/li>\n<\/ol>\n<p>L\u2019Agenda culturel lui-m\u00eame avertit que le programme est <strong>susceptible d\u2019\u00eatre modifi\u00e9<\/strong>. Une v\u00e9rification peu avant le d\u00e9part est particuli\u00e8rement importante si vous devez vous d\u00e9placer entre plusieurs communes.<\/p>\n<\/div><\/div><div class=\"w-separator size_medium\"><\/div><div class=\"w-hwrapper valign_top align_center\" style=\"--hwrapper-gap:1.2rem\"><div class=\"w-btn-wrapper align_center\"><a class=\"w-btn us-btn-style_1 icon_atleft\" href=\"https:\/\/www.juntadeandalucia.es\/organismos\/aaic\/servicios\/actualidad\/noticias\/detalle\/681667.html\"><i class=\"fas fa-calendar-alt\"><\/i><span class=\"w-btn-label\">Consulter le programme officiel<\/span><\/a><\/div><\/div><\/div><\/div><\/div><\/div><\/div><\/section><section class=\"l-section wpb_row height_huge color_alternate with_shape\"><div class=\"l-section-shape type_zigzag pos_top hor_flip\" style=\"height:3vmin;\"><svg xmlns=\"http:\/\/www.w3.org\/2000\/svg\" viewBox=\"0 0 64 8\" preserveAspectRatio=\"none\" width=\"100%\" height=\"100%\">\r\n\t<path fill=\"currentColor\" d=\"M64 8 L0 8 L0 0 L20 7.9 L40 3 L48 5 L64 0 Z\"\/>\r\n<\/svg><\/div><div class=\"l-section-shape type_zigzag pos_bottom\" style=\"height:3vmin;\"><svg xmlns=\"http:\/\/www.w3.org\/2000\/svg\" viewBox=\"0 0 64 8\" preserveAspectRatio=\"none\" width=\"100%\" height=\"100%\">\r\n\t<path fill=\"currentColor\" d=\"M64 8 L0 8 L0 0 L20 7.9 L40 3 L48 5 L64 0 Z\"\/>\r\n<\/svg><\/div><div class=\"l-section-h i-cf\"><div class=\"g-cols vc_row via_flex valign_top type_default stacking_default\"><div class=\"vc_col-sm-12 wpb_column vc_column_container\"><div class=\"vc_column-inner\"><div class=\"wpb_wrapper\"><div class=\"wpb_text_column\"><div class=\"wpb_wrapper\"><h2 id=\"homenajes\">Les hommages qui structurent l\u2019\u00e9dition 2026<\/h2>\n<p>En plus de r\u00e9partir les spectacles, plusieurs f\u00e9d\u00e9rations ont d\u00e9di\u00e9 leur programme \u00e0 des personnalit\u00e9s ou \u00e0 des anniversaires li\u00e9s \u00e0 la m\u00e9moire du flamenco :<\/p>\n<ul>\n<li><strong>S\u00e9ville :<\/strong> 50 ans de <em>Persecuci\u00f3n<\/em>, l\u2019album de Juan Pe\u00f1a \u00ab El Lebrijano \u00bb.<\/li>\n<li><strong>Almer\u00eda :<\/strong> hommage au ma\u00eetre de la guitare Pepe Habichuela.<\/li>\n<li><strong>Cadix :<\/strong> d\u00e9dicace \u00e0 la chanteuse de Sanl\u00facar Mar\u00eda Vargas Fern\u00e1ndez.<\/li>\n<li><strong>Grenade :<\/strong> programme d\u00e9di\u00e9 \u00e0 Antonio Campos Mu\u00f1oz.<\/li>\n<li><strong>M\u00e1laga :<\/strong> reconnaissance au flamencologue et collectionneur Luis Soler.<\/li>\n<li><strong>Cordoue :<\/strong> hommage \u00e0 Antonio Gonz\u00e1lez del Moral pour son travail dans la photographie et la diffusion du flamenco.<\/li>\n<\/ul>\n<p>Ces d\u00e9dicaces \u00e9largissent le sens du circuit. Celui-ci ne programme pas seulement le flamenco d\u2019aujourd\u2019hui : il met aussi en lumi\u00e8re celles et ceux qui ont laiss\u00e9 des \u0153uvres, des documents, des images, des recherches ou des mani\u00e8res d\u2019interpr\u00e9ter qui permettent de comprendre le pr\u00e9sent.<\/p>\n<p>Le choix de <em>Persecuci\u00f3n<\/em> est particuli\u00e8rement significatif. Publi\u00e9 en 1976 sur des paroles de F\u00e9lix Grande, l\u2019album d\u2019El Lebrijano a transform\u00e9 la m\u00e9moire historique du peuple rom en une \u0153uvre conceptuelle d\u2019un immense impact. Le comm\u00e9morer un demi-si\u00e8cle plus tard relie le calendrier des r\u00e9citals \u00e0 l\u2019un des enregistrements fondamentaux du flamenco contemporain.<\/p>\n<\/div><\/div><\/div><\/div><\/div><\/div><\/div><\/section><section class=\"l-section wpb_row height_huge\"><div class=\"l-section-h i-cf\"><div class=\"g-cols vc_row via_flex valign_top type_default stacking_default\"><div class=\"vc_col-sm-12 wpb_column vc_column_container\"><div class=\"vc_column-inner\"><div class=\"wpb_wrapper\"><div class=\"wpb_text_column\"><div class=\"wpb_wrapper\"><h2 id=\"papel-penas\">Pourquoi les pe\u00f1as sont essentielles au flamenco<\/h2>\n<p>L\u2019Andalousie compte actuellement <strong>329 pe\u00f1as f\u00e9d\u00e9r\u00e9es<\/strong>: 14 \u00e0 Almer\u00eda, 50 \u00e0 Cadix, 42 \u00e0 Cordoue, 25 \u00e0 Grenade, 21 \u00e0 Huelva, 45 \u00e0 Ja\u00e9n, 52 \u00e0 M\u00e1laga et 80 \u00e0 S\u00e9ville. Ce r\u00e9seau explique comment un programme public peut atteindre des dizaines de communes sans d\u00e9pendre uniquement de th\u00e9\u00e2tres ou de grands festivals.<\/p>\n<p>Une pe\u00f1a flamenca est une association n\u00e9e autour d\u2019une passion commune. Ses activit\u00e9s peuvent comprendre des r\u00e9citals, conf\u00e9rences, concours, hommages, expositions, cours, r\u00e9unions de membres et actions de transmission destin\u00e9es aux nouvelles g\u00e9n\u00e9rations. Chaque entit\u00e9 poss\u00e8de sa propre histoire et sa personnalit\u00e9 ; certaines assurent une programmation r\u00e9guli\u00e8re depuis des d\u00e9cennies, tandis que d\u2019autres travaillent dans de petites communes o\u00f9 elles constituent l\u2019un des principaux foyers culturels.<\/p>\n<p>La valeur du circuit r\u00e9side dans l\u2019activation de cette infrastructure sociale. L\u2019artiste n\u2019arrive pas dans un lieu indiff\u00e9rent, mais devant un public qui conna\u00eet le langage flamenco, \u00e9coute avec attention et entretient une relation suivie avec l\u2019association. Pour les jeunes interpr\u00e8tes, se produire devant ces aficionados peut \u00eatre une exp\u00e9rience formatrice et une voie de reconnaissance dans le secteur.<\/p>\n<p>Le programme favorise \u00e9galement le <strong>renouvellement g\u00e9n\u00e9rationnel<\/strong>. Parall\u00e8lement au circuit g\u00e9n\u00e9ral, les pe\u00f1as ont accueilli des phases provinciales du Circuit andalou des jeunes artistes flamencos, organis\u00e9 avec les f\u00e9d\u00e9rations et l\u2019Institut andalou de la jeunesse afin de cr\u00e9er des possibilit\u00e9s et de toucher de nouveaux publics.<\/p>\n<\/div><\/div><\/div><\/div><\/div><\/div><\/div><\/section><section class=\"l-section wpb_row height_huge color_alternate with_shape\"><div class=\"l-section-shape type_zigzag pos_top hor_flip\" style=\"height:3vmin;\"><svg xmlns=\"http:\/\/www.w3.org\/2000\/svg\" viewBox=\"0 0 64 8\" preserveAspectRatio=\"none\" width=\"100%\" height=\"100%\">\r\n\t<path fill=\"currentColor\" d=\"M64 8 L0 8 L0 0 L20 7.9 L40 3 L48 5 L64 0 Z\"\/>\r\n<\/svg><\/div><div class=\"l-section-shape type_zigzag pos_bottom\" style=\"height:3vmin;\"><svg xmlns=\"http:\/\/www.w3.org\/2000\/svg\" viewBox=\"0 0 64 8\" preserveAspectRatio=\"none\" width=\"100%\" height=\"100%\">\r\n\t<path fill=\"currentColor\" d=\"M64 8 L0 8 L0 0 L20 7.9 L40 3 L48 5 L64 0 Z\"\/>\r\n<\/svg><\/div><div class=\"l-section-h i-cf\"><div class=\"g-cols vc_row via_flex valign_top type_default stacking_default\"><div class=\"vc_col-sm-12 wpb_column vc_column_container\"><div class=\"vc_column-inner\"><div class=\"wpb_wrapper\"><div class=\"wpb_text_column\"><div class=\"wpb_wrapper\"><h2>Investissement public et s\u00e9lection des artistes<\/h2>\n<p>L\u2019investissement sp\u00e9cifique consolid\u00e9 pour le Circuit andalou des pe\u00f1as 2026 s\u2019\u00e9l\u00e8ve \u00e0 <strong>250 000 euros<\/strong>, soit 20 % de plus que le montant consacr\u00e9 \u00e0 ce programme en 2019. En ajoutant le Circuit andalou des jeunes artistes flamencos et l\u2019appel \u00e0 subventions au tissu associatif, la contribution annonc\u00e9e en faveur des pe\u00f1as atteint 330 000 euros.<\/p>\n<p>Pour participer, les artistes ou leurs repr\u00e9sentants devaient pr\u00e9senter une proposition dans le cadre d\u2019un appel public. Une commission consultative a \u00e9valu\u00e9 la qualit\u00e9 artistique, le parcours, l\u2019int\u00e9r\u00eat, les perspectives d\u2019avenir et l\u2019ad\u00e9quation au format du circuit. La s\u00e9lection obtenue a fourni aux f\u00e9d\u00e9rations un vivier de pr\u00e8s de 300 propositions.<\/p>\n<p>Cette proc\u00e9dure explique en partie le m\u00e9lange de noms reconnus et d\u2019artistes \u00e9mergents. Le circuit ne sert pas uniquement de vitrine aux grandes figures : il offre \u00e9galement des spectacles r\u00e9mun\u00e9r\u00e9s et une visibilit\u00e9 professionnelle aux interpr\u00e8tes qui construisent leur carri\u00e8re.<\/p>\n<\/div><\/div><\/div><\/div><\/div><\/div><\/div><\/section><section class=\"l-section wpb_row height_huge\"><div class=\"l-section-h i-cf\"><div class=\"g-cols vc_row via_flex valign_top type_default stacking_default\"><div class=\"vc_col-sm-12 wpb_column vc_column_container\"><div class=\"vc_column-inner\"><div class=\"wpb_wrapper\"><div class=\"wpb_text_column\"><div class=\"wpb_wrapper\"><h2 id=\"organizar\">Comment organiser un itin\u00e9raire pour voir du flamenco gratuitement en Andalousie<\/h2>\n<p>L\u2019\u00e9tendue du circuit permet de faire d\u2019un ou plusieurs r\u00e9citals le fil conducteur d\u2019une escapade. La meilleure strat\u00e9gie ne consiste pas \u00e0 vouloir couvrir tout le programme, mais \u00e0 croiser trois variables : la province, les dates disponibles et la distance entre les communes.<\/p>\n<h3>Si vous recherchez la plus grande vari\u00e9t\u00e9<\/h3>\n<p>S\u00e9ville, M\u00e1laga et Cadix concentrent le plus grand nombre de rendez-vous. Ce sont de bonnes options pour trouver plusieurs spectacles pendant une m\u00eame semaine et les associer \u00e0 des visites culturelles, \u00e0 la gastronomie et \u00e0 d\u2019autres spectacles.<\/p>\n<h3>Si le chant vous int\u00e9resse particuli\u00e8rement<\/h3>\n<p>Toutes les provinces proposent du chant, mais celui-ci occupe une place particuli\u00e8rement importante \u00e0 S\u00e9ville, Ja\u00e9n, Cordoue et Almer\u00eda. Cette derni\u00e8re consacre ses onze spectacles \u00e0 la discipline vocale.<\/p>\n<h3>Si vous pr\u00e9f\u00e9rez la danse<\/h3>\n<p>Cadix annonce onze spectacles et M\u00e1laga huit ; Grenade en programme six sur un calendrier total de quinze rendez-vous. Ce sont les trois territoires o\u00f9 la pr\u00e9sence proportionnelle de la danse est la plus forte dans le d\u00e9tail provincial publi\u00e9.<\/p>\n<h3>Si vous voulez \u00e9couter de la guitare<\/h3>\n<p>M\u00e1laga pr\u00e9sente six spectacles de guitare ou d\u2019autres instruments, Cordoue trois, Ja\u00e9n deux, S\u00e9ville un et Huelva un. Consultez la fiche de l\u2019artiste, car il peut s\u2019agir d\u2019un r\u00e9cital soliste, d\u2019une proposition instrumentale ou d\u2019une formation plus large.<\/p>\n<h3>Si vous ne disposez que d\u2019une date pr\u00e9cise<\/h3>\n<p>Utilisez l\u2019agenda officiel comme point de d\u00e9part et \u00e9largissez la recherche aux communes voisines. Un spectacle \u00e0 trente ou quarante minutes peut mieux convenir que d\u2019attendre un rendez-vous dans la capitale.<\/p>\n<p>Si le circuit ne correspond pas aux dates de votre voyage, consultez notre guide du <a href=\"https:\/\/www.tablaosflamencos.com\/ciudades\"><strong>flamenco par ville<\/strong><\/a>. Vous y trouverez des spectacles \u00e0 programmation r\u00e9guli\u00e8re et r\u00e9servation anticip\u00e9e dans diff\u00e9rentes destinations espagnoles.<\/p>\n<\/div><\/div><div class=\"w-separator size_medium\"><\/div><div class=\"w-hwrapper valign_top align_center\" style=\"--hwrapper-gap:1.2rem\"><div class=\"w-btn-wrapper align_center\"><a class=\"w-btn us-btn-style_1 icon_atleft\" href=\"https:\/\/www.tablaosflamencos.com\/fr\/villes\"><i class=\"fas fa-map-marker-alt\"><\/i><span class=\"w-btn-label\">Voir le flamenco par ville<\/span><\/a><\/div><\/div><\/div><\/div><\/div><\/div><\/div><\/section><section class=\"l-section wpb_row height_huge color_alternate with_shape\"><div class=\"l-section-shape type_zigzag pos_top hor_flip\" style=\"height:3vmin;\"><svg xmlns=\"http:\/\/www.w3.org\/2000\/svg\" viewBox=\"0 0 64 8\" preserveAspectRatio=\"none\" width=\"100%\" height=\"100%\">\r\n\t<path fill=\"currentColor\" d=\"M64 8 L0 8 L0 0 L20 7.9 L40 3 L48 5 L64 0 Z\"\/>\r\n<\/svg><\/div><div class=\"l-section-shape type_zigzag pos_bottom\" style=\"height:3vmin;\"><svg xmlns=\"http:\/\/www.w3.org\/2000\/svg\" viewBox=\"0 0 64 8\" preserveAspectRatio=\"none\" width=\"100%\" height=\"100%\">\r\n\t<path fill=\"currentColor\" d=\"M64 8 L0 8 L0 0 L20 7.9 L40 3 L48 5 L64 0 Z\"\/>\r\n<\/svg><\/div><div class=\"l-section-h i-cf\"><div class=\"g-cols vc_row via_flex valign_top type_default stacking_default\"><div class=\"vc_col-sm-12 wpb_column vc_column_container\"><div class=\"vc_column-inner\"><div class=\"wpb_wrapper\"><div class=\"wpb_text_column\"><div class=\"wpb_wrapper\"><h2>Une autre mani\u00e8re de vivre le flamenco en 2026<\/h2>\n<p>Le Circuit andalou des pe\u00f1as offre quelque chose qui n\u2019appara\u00eet pas toujours sur les grandes affiches : la possibilit\u00e9 d\u2019\u00e9couter du flamenco professionnel au sein d\u2019un r\u00e9seau culturel construit par les aficionados. La proximit\u00e9, la taille des lieux et la diversit\u00e9 des communes transforment la relation entre la sc\u00e8ne et le public.<\/p>\n<p>Pour celles et ceux qui connaissent d\u00e9j\u00e0 le flamenco, le circuit est une occasion de suivre des interpr\u00e8tes pr\u00e9cis, de d\u00e9couvrir des voix et de comparer les ambiances provinciales. Pour une premi\u00e8re approche, il peut constituer une porte d\u2019entr\u00e9e gratuite, \u00e0 condition de comprendre qu\u2019une pe\u00f1a poss\u00e8de ses propres codes et que le silence, la ponctualit\u00e9 et le respect du spectacle font partie de l\u2019exp\u00e9rience.<\/p>\n<p>Les 225 spectacles annonc\u00e9s font de l\u2019\u00e9dition 2026 une vaste cartographie du flamenco andalou actuel : majoritairement centr\u00e9 sur le chant, mais ouvert \u00e0 la danse et \u00e0 la guitare ; attentif aux nouvelles g\u00e9n\u00e9rations tout en restant li\u00e9 aux noms fondamentaux de sa m\u00e9moire.<\/p>\n<\/div><\/div><\/div><\/div><\/div><\/div><\/div><\/section><section class=\"l-section wpb_row height_huge\"><div class=\"l-section-h i-cf\"><div class=\"g-cols vc_row via_flex valign_middle type_default stacking_default\"><div class=\"vc_col-sm-1\/5 wpb_column vc_column_container\"><div class=\"vc_column-inner\"><div class=\"wpb_wrapper\"><\/div><\/div><\/div><div class=\"vc_col-sm-3\/5 wpb_column vc_column_container\"><div class=\"vc_column-inner\"><div class=\"wpb_wrapper\"><div class=\"wpb_text_column\"><div class=\"wpb_wrapper\"><h2 id=\"faq\">Questions fr\u00e9quentes sur le Circuit andalou des pe\u00f1as 2026<\/h2>\n<\/div><\/div><div class=\"w-separator size_medium\"><\/div><div class=\"w-tabs accordion toggle_style_1 has_scrolling\" style=\"--sections-title-size:inherit;--sections-gap:0.5rem;\"><div class=\"w-tabs-sections titles-align_none icon_chevron cpos_right\"><div class=\"w-tabs-section\" id=\"g86c\"><button type=\"button\" class=\"w-tabs-section-header\" aria-controls=\"content-g86c\" aria-expanded=\"false\"><div class=\"w-tabs-section-title\">Combien de r\u00e9citals compte le Circuit andalou des pe\u00f1as 2026 ?<\/div><div class=\"w-tabs-section-control\"><\/div><\/button><div  class=\"w-tabs-section-content\" id=\"content-g86c\"><div class=\"w-tabs-section-content-h i-cf\"><div class=\"wpb_text_column\"><div class=\"wpb_wrapper\"><p>Le chiffre global officiellement annonc\u00e9 est de <strong>225 spectacles<\/strong> de chant, de danse et de guitare r\u00e9partis dans les huit provinces andalouses.<\/p>\n<\/div><\/div><\/div><\/div><\/div><div class=\"w-tabs-section\" id=\"i97b\"><button type=\"button\" class=\"w-tabs-section-header\" aria-controls=\"content-i97b\" aria-expanded=\"false\"><div class=\"w-tabs-section-title\">Les spectacles du circuit sont-ils gratuits ?<\/div><div class=\"w-tabs-section-control\"><\/div><\/button><div  class=\"w-tabs-section-content\" id=\"content-i97b\"><div class=\"w-tabs-section-content-h i-cf\"><div class=\"wpb_text_column\"><div class=\"wpb_wrapper\"><p>Oui. Le programme officiel indique que l\u2019 <strong>entr\u00e9e est gratuite dans la limite des places disponibles<\/strong>. Certaines pe\u00f1as peuvent organiser des invitations ou des confirmations de pr\u00e9sence ; il est donc conseill\u00e9 de consulter chaque fiche.<\/p>\n<\/div><\/div><\/div><\/div><\/div><div class=\"w-tabs-section\" id=\"na57\"><button type=\"button\" class=\"w-tabs-section-header\" aria-controls=\"content-na57\" aria-expanded=\"false\"><div class=\"w-tabs-section-title\">Quand se d\u00e9roule le Circuit andalou des pe\u00f1as 2026 ?<\/div><div class=\"w-tabs-section-control\"><\/div><\/button><div  class=\"w-tabs-section-content\" id=\"content-na57\"><div class=\"w-tabs-section-content-h i-cf\"><div class=\"wpb_text_column\"><div class=\"wpb_wrapper\"><p>Le calendrier complet s\u2019\u00e9tend du 6 juin au 28 novembre 2026, bien que les dates varient selon la province. La plupart des r\u00e9citals se concentrent entre septembre et novembre.<\/p>\n<\/div><\/div><\/div><\/div><\/div><div class=\"w-tabs-section\" id=\"db99\"><button type=\"button\" class=\"w-tabs-section-header\" aria-controls=\"content-db99\" aria-expanded=\"false\"><div class=\"w-tabs-section-title\">Dans quelles provinces y a-t-il des spectacles ?<\/div><div class=\"w-tabs-section-control\"><\/div><\/button><div  class=\"w-tabs-section-content\" id=\"content-db99\"><div class=\"w-tabs-section-content-h i-cf\"><div class=\"wpb_text_column\"><div class=\"wpb_wrapper\"><p>Le circuit passe par <strong>Almer\u00eda, Cadix, Cordoue, Grenade, Huelva, Ja\u00e9n, M\u00e1laga et S\u00e9ville<\/strong>, avec des r\u00e9citals dans les capitales et de nombreuses communes.<\/p>\n<\/div><\/div><\/div><\/div><\/div><div class=\"w-tabs-section\" id=\"sc8d\"><button type=\"button\" class=\"w-tabs-section-header\" aria-controls=\"content-sc8d\" aria-expanded=\"false\"><div class=\"w-tabs-section-title\">Quelles disciplines du flamenco sont incluses ?<\/div><div class=\"w-tabs-section-control\"><\/div><\/button><div  class=\"w-tabs-section-content\" id=\"content-sc8d\"><div class=\"w-tabs-section-content-h i-cf\"><div class=\"wpb_text_column\"><div class=\"wpb_wrapper\"><p>L\u2019organisation annonce 181 spectacles de chant, 31 de danse et 13 de guitare. Au total, au moins 470 artistes participeront.<\/p>\n<\/div><\/div><\/div><\/div><\/div><div class=\"w-tabs-section\" id=\"ad75\"><button type=\"button\" class=\"w-tabs-section-header\" aria-controls=\"content-ad75\" aria-expanded=\"false\"><div class=\"w-tabs-section-title\">O\u00f9 puis-je consulter les artistes et les horaires ?<\/div><div class=\"w-tabs-section-control\"><\/div><\/button><div  class=\"w-tabs-section-content\" id=\"content-ad75\"><div class=\"w-tabs-section-content-h i-cf\"><div class=\"wpb_text_column\"><div class=\"wpb_wrapper\"><p>La principale source est l\u2019 <strong>Agenda culturel d\u2019Andalousie<\/strong>. La page officielle de pr\u00e9sentation renvoie au programme de chaque province. Il est \u00e9galement conseill\u00e9 de consulter les canaux de la pe\u00f1a organisatrice.<\/p>\n<\/div><\/div><\/div><\/div><\/div><div class=\"w-tabs-section\" id=\"me42\"><button type=\"button\" class=\"w-tabs-section-header\" aria-controls=\"content-me42\" aria-expanded=\"false\"><div class=\"w-tabs-section-title\">Faut-il \u00eatre membre d\u2019une pe\u00f1a pour assister \u00e0 un r\u00e9cital ?<\/div><div class=\"w-tabs-section-control\"><\/div><\/button><div  class=\"w-tabs-section-content\" id=\"content-me42\"><div class=\"w-tabs-section-content-h i-cf\"><div class=\"wpb_text_column\"><div class=\"wpb_wrapper\"><p>Les r\u00e9citals du circuit sont annonc\u00e9s comme gratuits dans la limite des places disponibles. V\u00e9rifiez n\u00e9anmoins les conditions d\u2019acc\u00e8s du rendez-vous concern\u00e9, car l\u2019organisation des places peut varier selon l\u2019entit\u00e9 et le lieu.<\/p>\n<\/div><\/div><\/div><\/div><\/div><div class=\"w-tabs-section\" id=\"of24\"><button type=\"button\" class=\"w-tabs-section-header\" aria-controls=\"content-of24\" aria-expanded=\"false\"><div class=\"w-tabs-section-title\">Le programme peut-il changer ?<\/div><div class=\"w-tabs-section-control\"><\/div><\/button><div  class=\"w-tabs-section-content\" id=\"content-of24\"><div class=\"w-tabs-section-content-h i-cf\"><div class=\"wpb_text_column\"><div class=\"wpb_wrapper\"><p>Oui. Les agendas provinciaux pr\u00e9cisent que les dates, les horaires ou les artistes peuvent \u00eatre modifi\u00e9s. V\u00e9rifiez toujours les informations peu avant de vous d\u00e9placer.<\/p>\n<\/div><\/div><\/div><\/div><\/div><div class=\"w-tabs-section\" id=\"g005\"><button type=\"button\" class=\"w-tabs-section-header\" aria-controls=\"content-g005\" aria-expanded=\"false\"><div class=\"w-tabs-section-title\">Quelle province compte le plus de r\u00e9citals ?<\/div><div class=\"w-tabs-section-control\"><\/div><\/button><div  class=\"w-tabs-section-content\" id=\"content-g005\"><div class=\"w-tabs-section-content-h i-cf\"><div class=\"wpb_text_column\"><div class=\"wpb_wrapper\"><p>S\u00e9ville arrive en t\u00eate du d\u00e9tail provincial avec 56 spectacles, suivie de M\u00e1laga avec 35, de Cadix avec 33, puis de Ja\u00e9n et Cordoue avec 30 chacune.<\/p>\n<\/div><\/div><\/div><\/div><\/div><div class=\"w-tabs-section\" id=\"t10b\"><button type=\"button\" class=\"w-tabs-section-header\" aria-controls=\"content-t10b\" aria-expanded=\"false\"><div class=\"w-tabs-section-title\">Pourquoi les sous-totaux provinciaux n\u2019atteignent-ils pas 225 ?<\/div><div class=\"w-tabs-section-control\"><\/div><\/button><div  class=\"w-tabs-section-content\" id=\"content-t10b\"><div class=\"w-tabs-section-content-h i-cf\"><div class=\"wpb_text_column\"><div class=\"wpb_wrapper\"><p>Le chiffre global et la r\u00e9partition par discipline publi\u00e9s par l\u2019organisation totalisent 225, mais les sous-totaux provinciaux diffus\u00e9s lors de la pr\u00e9sentation s\u2019\u00e9l\u00e8vent \u00e0 224. Il existe probablement une diff\u00e9rence de mise \u00e0 jour dans l\u2019un des d\u00e9comptes. L\u2019Agenda culturel d\u2019Andalousie doit \u00eatre consid\u00e9r\u00e9 comme la r\u00e9f\u00e9rence pour le programme en vigueur.<\/p>\n<\/div><\/div><\/div><\/div><\/div><\/div><\/div><\/div><\/div><\/div><div class=\"vc_col-sm-1\/5 wpb_column vc_column_container\"><div class=\"vc_column-inner\"><div class=\"wpb_wrapper\"><\/div><\/div><\/div><\/div><\/div><\/section>\n","protected":false},"excerpt":{"rendered":"<p>Le Circuit andalou des pe\u00f1as 2026 r\u00e9unit 225 r\u00e9citals gratuits de chant, danse et guitare dans les huit provinces. Consultez les dates, l\u2019acc\u00e8s et le programme.<\/p>\n","protected":false},"author":1,"featured_media":14272,"comment_status":"closed","ping_status":"closed","sticky":false,"template":"","format":"standard","meta":{"_acf_changed":false,"wpai_generated_summary":"","_ayudawp_aiss_exclude":false,"_ayudawp_aiss_exclude_summary":false,"_ayudawp_aiss_summary":"","_ayudawp_aiss_summary_provider":"","_ayudawp_aiss_summary_hash":"","footnotes":""},"categories":[1907],"tags":[1391,1934,1395,1241,1932,1948,1943],"class_list":["post-14302","post","type-post","status-publish","format-standard","has-post-thumbnail","hentry","category-clubs-de-flamenco","tag-chant-flamenco","tag-circuit-andalou-des-penas","tag-danse-flamenca","tag-festivales-flamencos","tag-flamenco-andalou","tag-flamenco-gratuit","tag-penas-flamencas-fr"],"acf":[],"yoast_head":"<!-- This site is optimized with the Yoast SEO Premium plugin v28.4 (Yoast SEO v28.4) - https:\/\/yoast.com\/product\/yoast-seo-premium-wordpress\/ -->\n<title>Circuit andalou des pe\u00f1as 2026 : 225 r\u00e9citals gratuits<\/title>\n<meta name=\"description\" content=\"D\u00e9couvrez le Circuit andalou des pe\u00f1as 2026 : 225 r\u00e9citals gratuits, dates par province, artistes, lieux, horaires et conditions d\u2019acc\u00e8s.\" \/>\n<meta name=\"robots\" content=\"index, follow, max-snippet:-1, max-image-preview:large, max-video-preview:-1\" \/>\n<link rel=\"canonical\" href=\"https:\/\/www.tablaosflamencos.com\/fr\/circuit-andalou-penas-flamencas-2026-recitals-gratuits.html\" \/>\n<meta property=\"og:locale\" content=\"fr_FR\" \/>\n<meta property=\"og:type\" content=\"article\" \/>\n<meta property=\"og:title\" content=\"Circuit andalou des pe\u00f1as 2026 : 225 r\u00e9citals de flamenco gratuits\" \/>\n<meta property=\"og:description\" content=\"D\u00e9couvrez le Circuit andalou des pe\u00f1as 2026 : 225 r\u00e9citals gratuits, dates par province, artistes, lieux, horaires et conditions d\u2019acc\u00e8s.\" \/>\n<meta property=\"og:url\" content=\"https:\/\/www.tablaosflamencos.com\/fr\/circuit-andalou-penas-flamencas-2026-recitals-gratuits.html\" \/>\n<meta property=\"og:site_name\" content=\"Tablaos Flamencos\" \/>\n<meta property=\"article:publisher\" content=\"https:\/\/www.facebook.com\/tablaosflamencos\" \/>\n<meta property=\"article:published_time\" content=\"2026-09-03T21:19:59+00:00\" \/>\n<meta property=\"article:modified_time\" content=\"2026-09-03T22:07:53+00:00\" \/>\n<meta property=\"og:image\" content=\"https:\/\/www.tablaosflamencos.com\/wp-content\/uploads\/circuito-andaluz-de-penas-2026-225-recitales-de-flamenco-gratis-por-toda-andalucia-01.webp\" \/>\n\t<meta property=\"og:image:width\" content=\"1672\" \/>\n\t<meta property=\"og:image:height\" content=\"941\" \/>\n\t<meta property=\"og:image:type\" content=\"image\/webp\" \/>\n<meta name=\"author\" content=\"Miguel Ortiz\" \/>\n<meta name=\"twitter:card\" content=\"summary_large_image\" \/>\n<meta name=\"twitter:creator\" content=\"@tablaosflamenco\" \/>\n<meta name=\"twitter:site\" content=\"@tablaosflamenco\" \/>\n<meta name=\"twitter:label1\" content=\"\u00c9crit par\" \/>\n\t<meta name=\"twitter:data1\" content=\"Miguel Ortiz\" \/>\n\t<meta name=\"twitter:label2\" content=\"Dur\u00e9e de lecture estim\u00e9e\" \/>\n\t<meta name=\"twitter:data2\" content=\"26 minutes\" \/>\n<script type=\"application\/ld+json\" class=\"yoast-schema-graph\">{\"@context\":\"https:\\\/\\\/schema.org\",\"@graph\":[{\"@type\":\"Article\",\"@id\":\"https:\\\/\\\/www.tablaosflamencos.com\\\/fr\\\/circuit-andalou-penas-flamencas-2026-recitals-gratuits.html#article\",\"isPartOf\":{\"@id\":\"https:\\\/\\\/www.tablaosflamencos.com\\\/fr\\\/circuit-andalou-penas-flamencas-2026-recitals-gratuits.html\"},\"author\":{\"name\":\"Miguel Ortiz\",\"@id\":\"https:\\\/\\\/www.tablaosflamencos.com\\\/fr#\\\/schema\\\/person\\\/e7a9ebe14eb75a52ceabfbffb3c54f5d\"},\"headline\":\"Circuit andalou des pe\u00f1as 2026 : 225 r\u00e9citals de flamenco gratuits\",\"datePublished\":\"2026-09-03T21:19:59+00:00\",\"dateModified\":\"2026-09-03T22:07:53+00:00\",\"mainEntityOfPage\":{\"@id\":\"https:\\\/\\\/www.tablaosflamencos.com\\\/fr\\\/circuit-andalou-penas-flamencas-2026-recitals-gratuits.html\"},\"wordCount\":5280,\"publisher\":{\"@id\":\"https:\\\/\\\/www.tablaosflamencos.com\\\/fr#organization\"},\"image\":{\"@id\":\"https:\\\/\\\/www.tablaosflamencos.com\\\/fr\\\/circuit-andalou-penas-flamencas-2026-recitals-gratuits.html#primaryimage\"},\"thumbnailUrl\":\"https:\\\/\\\/www.tablaosflamencos.com\\\/wp-content\\\/uploads\\\/circuito-andaluz-de-penas-2026-225-recitales-de-flamenco-gratis-por-toda-andalucia-01.webp\",\"keywords\":[\"chant flamenco\",\"Circuit andalou des pe\u00f1as\",\"danse flamenca\",\"festivales flamencos\",\"flamenco andalou\",\"flamenco gratuit\",\"pe\u00f1as flamencas\"],\"articleSection\":[\"Clubs de flamenco\"],\"inLanguage\":\"fr-FR\"},{\"@type\":\"WebPage\",\"@id\":\"https:\\\/\\\/www.tablaosflamencos.com\\\/fr\\\/circuit-andalou-penas-flamencas-2026-recitals-gratuits.html\",\"url\":\"https:\\\/\\\/www.tablaosflamencos.com\\\/fr\\\/circuit-andalou-penas-flamencas-2026-recitals-gratuits.html\",\"name\":\"Circuit andalou des pe\u00f1as 2026 : 225 r\u00e9citals gratuits\",\"isPartOf\":{\"@id\":\"https:\\\/\\\/www.tablaosflamencos.com\\\/fr#website\"},\"primaryImageOfPage\":{\"@id\":\"https:\\\/\\\/www.tablaosflamencos.com\\\/fr\\\/circuit-andalou-penas-flamencas-2026-recitals-gratuits.html#primaryimage\"},\"image\":{\"@id\":\"https:\\\/\\\/www.tablaosflamencos.com\\\/fr\\\/circuit-andalou-penas-flamencas-2026-recitals-gratuits.html#primaryimage\"},\"thumbnailUrl\":\"https:\\\/\\\/www.tablaosflamencos.com\\\/wp-content\\\/uploads\\\/circuito-andaluz-de-penas-2026-225-recitales-de-flamenco-gratis-por-toda-andalucia-01.webp\",\"datePublished\":\"2026-09-03T21:19:59+00:00\",\"dateModified\":\"2026-09-03T22:07:53+00:00\",\"description\":\"D\u00e9couvrez le Circuit andalou des pe\u00f1as 2026 : 225 r\u00e9citals gratuits, dates par province, artistes, lieux, horaires et conditions d\u2019acc\u00e8s.\",\"breadcrumb\":{\"@id\":\"https:\\\/\\\/www.tablaosflamencos.com\\\/fr\\\/circuit-andalou-penas-flamencas-2026-recitals-gratuits.html#breadcrumb\"},\"inLanguage\":\"fr-FR\",\"potentialAction\":[{\"@type\":\"ReadAction\",\"target\":[\"https:\\\/\\\/www.tablaosflamencos.com\\\/fr\\\/circuit-andalou-penas-flamencas-2026-recitals-gratuits.html\"]}]},{\"@type\":\"ImageObject\",\"inLanguage\":\"fr-FR\",\"@id\":\"https:\\\/\\\/www.tablaosflamencos.com\\\/fr\\\/circuit-andalou-penas-flamencas-2026-recitals-gratuits.html#primaryimage\",\"url\":\"https:\\\/\\\/www.tablaosflamencos.com\\\/wp-content\\\/uploads\\\/circuito-andaluz-de-penas-2026-225-recitales-de-flamenco-gratis-por-toda-andalucia-01.webp\",\"contentUrl\":\"https:\\\/\\\/www.tablaosflamencos.com\\\/wp-content\\\/uploads\\\/circuito-andaluz-de-penas-2026-225-recitales-de-flamenco-gratis-por-toda-andalucia-01.webp\",\"width\":1672,\"height\":941,\"caption\":\"Circuito Andaluz de Pe\u00f1as 2026: 225 recitales de flamenco gratis por toda Andaluc\u00eda\"},{\"@type\":\"BreadcrumbList\",\"@id\":\"https:\\\/\\\/www.tablaosflamencos.com\\\/fr\\\/circuit-andalou-penas-flamencas-2026-recitals-gratuits.html#breadcrumb\",\"itemListElement\":[{\"@type\":\"ListItem\",\"position\":1,\"name\":\"Home\",\"item\":\"https:\\\/\\\/www.tablaosflamencos.com\\\/fr\"},{\"@type\":\"ListItem\",\"position\":2,\"name\":\"Circuit andalou des pe\u00f1as 2026 : 225 r\u00e9citals de flamenco gratuits\"}]},{\"@type\":\"WebSite\",\"@id\":\"https:\\\/\\\/www.tablaosflamencos.com\\\/fr#website\",\"url\":\"https:\\\/\\\/www.tablaosflamencos.com\\\/fr\",\"name\":\"Tablaos Flamencos\",\"description\":\"Entradas para tablaos flamencos de Espa\u00f1a\",\"publisher\":{\"@id\":\"https:\\\/\\\/www.tablaosflamencos.com\\\/fr#organization\"},\"alternateName\":\"Tablaos Flamencos\",\"potentialAction\":[{\"@type\":\"SearchAction\",\"target\":{\"@type\":\"EntryPoint\",\"urlTemplate\":\"https:\\\/\\\/www.tablaosflamencos.com\\\/fr?s={search_term_string}\"},\"query-input\":{\"@type\":\"PropertyValueSpecification\",\"valueRequired\":true,\"valueName\":\"search_term_string\"}}],\"inLanguage\":\"fr-FR\"},{\"@type\":[\"Organization\",\"Place\",\"EntertainmentBusiness\"],\"@id\":\"https:\\\/\\\/www.tablaosflamencos.com\\\/fr#organization\",\"name\":\"Tablaos Flamencos\",\"alternateName\":\"Tablaos Flamencos\",\"url\":\"https:\\\/\\\/www.tablaosflamencos.com\\\/fr\",\"logo\":{\"@id\":\"https:\\\/\\\/www.tablaosflamencos.com\\\/fr\\\/circuit-andalou-penas-flamencas-2026-recitals-gratuits.html#local-main-organization-logo\"},\"image\":{\"@id\":\"https:\\\/\\\/www.tablaosflamencos.com\\\/fr\\\/circuit-andalou-penas-flamencas-2026-recitals-gratuits.html#local-main-organization-logo\"},\"sameAs\":[\"https:\\\/\\\/www.facebook.com\\\/tablaosflamencos\",\"https:\\\/\\\/x.com\\\/tablaosflamenco\",\"https:\\\/\\\/mastodon.social\\\/@tablaosflamencos\",\"https:\\\/\\\/www.instagram.com\\\/tablaosflamencos\",\"https:\\\/\\\/tiktok.com\\\/@tablaosflamencos\",\"https:\\\/\\\/www.linkedin.com\\\/company\\\/109408238\\\/\"],\"description\":\"Venta de entradas para espect\u00e1culos flamencos\",\"legalName\":\"Tablaos Flamencos\",\"foundingDate\":\"2015-01-01\",\"numberOfEmployees\":{\"@type\":\"QuantitativeValue\",\"minValue\":\"1\",\"maxValue\":\"10\"},\"address\":{\"@id\":\"https:\\\/\\\/www.tablaosflamencos.com\\\/fr\\\/circuit-andalou-penas-flamencas-2026-recitals-gratuits.html#local-main-place-address\"},\"geo\":{\"@type\":\"GeoCoordinates\",\"latitude\":\"37.3868072\",\"longitude\":\"-5.993280299999999\"},\"telephone\":[\"+34623787787\"],\"contactPoint\":{\"@type\":\"ContactPoint\",\"telephone\":\"+34623787787\",\"email\":\"info@tablaosflamencos.com\"},\"openingHoursSpecification\":{\"@type\":\"OpeningHoursSpecification\",\"dayOfWeek\":[\"Monday\",\"Tuesday\",\"Wednesday\",\"Thursday\",\"Friday\",\"Saturday\",\"Sunday\"],\"opens\":\"00:00\",\"closes\":\"23:59\"},\"email\":\"info@tablaosflamencos.com\",\"priceRange\":\"$$$\",\"currenciesAccepted\":\"\u20ac\"},{\"@type\":\"Person\",\"@id\":\"https:\\\/\\\/www.tablaosflamencos.com\\\/fr#\\\/schema\\\/person\\\/e7a9ebe14eb75a52ceabfbffb3c54f5d\",\"name\":\"Miguel Ortiz\",\"description\":\"Miguel Ortiz es un empresario flamenco, con una s\u00f3lida trayectoria dentro del sector. Ha presidido entidades culturales vinculadas al flamenco y, cuenta con un amplio recorrido profesional en la gesti\u00f3n y promoci\u00f3n de espect\u00e1culos y tablaos flamencos. Su pasi\u00f3n por la historia y el arte flamenco se refleja en cada art\u00edculo, donde combina experiencia, criterio y un profundo respeto por la tradici\u00f3n.\",\"sameAs\":[\"https:\\\/\\\/www.tablaosflamencos.com\",\"https:\\\/\\\/www.instagra.com\\\/miguelortizfe\",\"https:\\\/\\\/www.linkedin.com\\\/in\\\/miguelortizf\\\/\"],\"birthDate\":\"1984-11-22\",\"gender\":\"hombre\",\"knowsLanguage\":[\"espa\u00f1ol\",\"ingl\u00e9s\"],\"jobTitle\":\"Empresario flamenco\"},{\"@type\":\"PostalAddress\",\"@id\":\"https:\\\/\\\/www.tablaosflamencos.com\\\/fr\\\/circuit-andalou-penas-flamencas-2026-recitals-gratuits.html#local-main-place-address\",\"streetAddress\":\"C\\\/ Alemanes, 19\",\"addressLocality\":\"Sevilla\",\"postalCode\":\"41004\",\"addressRegion\":\"Sevilla\",\"addressCountry\":\"ES\"},{\"@type\":\"ImageObject\",\"inLanguage\":\"fr-FR\",\"@id\":\"https:\\\/\\\/www.tablaosflamencos.com\\\/fr\\\/circuit-andalou-penas-flamencas-2026-recitals-gratuits.html#local-main-organization-logo\",\"url\":\"https:\\\/\\\/www.tablaosflamencos.com\\\/wp-content\\\/uploads\\\/tablaos-flamencos-06-3.webp\",\"contentUrl\":\"https:\\\/\\\/www.tablaosflamencos.com\\\/wp-content\\\/uploads\\\/tablaos-flamencos-06-3.webp\",\"width\":600,\"height\":620,\"caption\":\"Tablaos Flamencos\"}]}<\/script>\n<meta name=\"geo.placename\" content=\"Sevilla\" \/>\n<meta name=\"geo.position\" content=\"37.3868072;-5.993280299999999\" \/>\n<meta name=\"geo.region\" content=\"Espagne\" \/>\n<!-- \/ Yoast SEO Premium plugin. -->","yoast_head_json":{"title":"Circuit andalou des pe\u00f1as 2026 : 225 r\u00e9citals gratuits","description":"D\u00e9couvrez le Circuit andalou des pe\u00f1as 2026 : 225 r\u00e9citals gratuits, dates par province, artistes, lieux, horaires et conditions d\u2019acc\u00e8s.","robots":{"index":"index","follow":"follow","max-snippet":"max-snippet:-1","max-image-preview":"max-image-preview:large","max-video-preview":"max-video-preview:-1"},"canonical":"https:\/\/www.tablaosflamencos.com\/fr\/circuit-andalou-penas-flamencas-2026-recitals-gratuits.html","og_locale":"fr_FR","og_type":"article","og_title":"Circuit andalou des pe\u00f1as 2026 : 225 r\u00e9citals de flamenco gratuits","og_description":"D\u00e9couvrez le Circuit andalou des pe\u00f1as 2026 : 225 r\u00e9citals gratuits, dates par province, artistes, lieux, horaires et conditions d\u2019acc\u00e8s.","og_url":"https:\/\/www.tablaosflamencos.com\/fr\/circuit-andalou-penas-flamencas-2026-recitals-gratuits.html","og_site_name":"Tablaos Flamencos","article_publisher":"https:\/\/www.facebook.com\/tablaosflamencos","article_published_time":"2026-09-03T21:19:59+00:00","article_modified_time":"2026-09-03T22:07:53+00:00","og_image":[{"width":1672,"height":941,"url":"https:\/\/www.tablaosflamencos.com\/wp-content\/uploads\/circuito-andaluz-de-penas-2026-225-recitales-de-flamenco-gratis-por-toda-andalucia-01.webp","type":"image\/webp"}],"author":"Miguel Ortiz","twitter_card":"summary_large_image","twitter_creator":"@tablaosflamenco","twitter_site":"@tablaosflamenco","twitter_misc":{"\u00c9crit par":"Miguel Ortiz","Dur\u00e9e de lecture estim\u00e9e":"26 minutes"},"schema":{"@context":"https:\/\/schema.org","@graph":[{"@type":"Article","@id":"https:\/\/www.tablaosflamencos.com\/fr\/circuit-andalou-penas-flamencas-2026-recitals-gratuits.html#article","isPartOf":{"@id":"https:\/\/www.tablaosflamencos.com\/fr\/circuit-andalou-penas-flamencas-2026-recitals-gratuits.html"},"author":{"name":"Miguel Ortiz","@id":"https:\/\/www.tablaosflamencos.com\/fr#\/schema\/person\/e7a9ebe14eb75a52ceabfbffb3c54f5d"},"headline":"Circuit andalou des pe\u00f1as 2026 : 225 r\u00e9citals de flamenco gratuits","datePublished":"2026-09-03T21:19:59+00:00","dateModified":"2026-09-03T22:07:53+00:00","mainEntityOfPage":{"@id":"https:\/\/www.tablaosflamencos.com\/fr\/circuit-andalou-penas-flamencas-2026-recitals-gratuits.html"},"wordCount":5280,"publisher":{"@id":"https:\/\/www.tablaosflamencos.com\/fr#organization"},"image":{"@id":"https:\/\/www.tablaosflamencos.com\/fr\/circuit-andalou-penas-flamencas-2026-recitals-gratuits.html#primaryimage"},"thumbnailUrl":"https:\/\/www.tablaosflamencos.com\/wp-content\/uploads\/circuito-andaluz-de-penas-2026-225-recitales-de-flamenco-gratis-por-toda-andalucia-01.webp","keywords":["chant flamenco","Circuit andalou des pe\u00f1as","danse flamenca","festivales flamencos","flamenco andalou","flamenco gratuit","pe\u00f1as flamencas"],"articleSection":["Clubs de flamenco"],"inLanguage":"fr-FR"},{"@type":"WebPage","@id":"https:\/\/www.tablaosflamencos.com\/fr\/circuit-andalou-penas-flamencas-2026-recitals-gratuits.html","url":"https:\/\/www.tablaosflamencos.com\/fr\/circuit-andalou-penas-flamencas-2026-recitals-gratuits.html","name":"Circuit andalou des pe\u00f1as 2026 : 225 r\u00e9citals gratuits","isPartOf":{"@id":"https:\/\/www.tablaosflamencos.com\/fr#website"},"primaryImageOfPage":{"@id":"https:\/\/www.tablaosflamencos.com\/fr\/circuit-andalou-penas-flamencas-2026-recitals-gratuits.html#primaryimage"},"image":{"@id":"https:\/\/www.tablaosflamencos.com\/fr\/circuit-andalou-penas-flamencas-2026-recitals-gratuits.html#primaryimage"},"thumbnailUrl":"https:\/\/www.tablaosflamencos.com\/wp-content\/uploads\/circuito-andaluz-de-penas-2026-225-recitales-de-flamenco-gratis-por-toda-andalucia-01.webp","datePublished":"2026-09-03T21:19:59+00:00","dateModified":"2026-09-03T22:07:53+00:00","description":"D\u00e9couvrez le Circuit andalou des pe\u00f1as 2026 : 225 r\u00e9citals gratuits, dates par province, artistes, lieux, horaires et conditions d\u2019acc\u00e8s.","breadcrumb":{"@id":"https:\/\/www.tablaosflamencos.com\/fr\/circuit-andalou-penas-flamencas-2026-recitals-gratuits.html#breadcrumb"},"inLanguage":"fr-FR","potentialAction":[{"@type":"ReadAction","target":["https:\/\/www.tablaosflamencos.com\/fr\/circuit-andalou-penas-flamencas-2026-recitals-gratuits.html"]}]},{"@type":"ImageObject","inLanguage":"fr-FR","@id":"https:\/\/www.tablaosflamencos.com\/fr\/circuit-andalou-penas-flamencas-2026-recitals-gratuits.html#primaryimage","url":"https:\/\/www.tablaosflamencos.com\/wp-content\/uploads\/circuito-andaluz-de-penas-2026-225-recitales-de-flamenco-gratis-por-toda-andalucia-01.webp","contentUrl":"https:\/\/www.tablaosflamencos.com\/wp-content\/uploads\/circuito-andaluz-de-penas-2026-225-recitales-de-flamenco-gratis-por-toda-andalucia-01.webp","width":1672,"height":941,"caption":"Circuito Andaluz de Pe\u00f1as 2026: 225 recitales de flamenco gratis por toda Andaluc\u00eda"},{"@type":"BreadcrumbList","@id":"https:\/\/www.tablaosflamencos.com\/fr\/circuit-andalou-penas-flamencas-2026-recitals-gratuits.html#breadcrumb","itemListElement":[{"@type":"ListItem","position":1,"name":"Home","item":"https:\/\/www.tablaosflamencos.com\/fr"},{"@type":"ListItem","position":2,"name":"Circuit andalou des pe\u00f1as 2026 : 225 r\u00e9citals de flamenco gratuits"}]},{"@type":"WebSite","@id":"https:\/\/www.tablaosflamencos.com\/fr#website","url":"https:\/\/www.tablaosflamencos.com\/fr","name":"Tablaos Flamencos","description":"Entradas para tablaos flamencos de Espa\u00f1a","publisher":{"@id":"https:\/\/www.tablaosflamencos.com\/fr#organization"},"alternateName":"Tablaos Flamencos","potentialAction":[{"@type":"SearchAction","target":{"@type":"EntryPoint","urlTemplate":"https:\/\/www.tablaosflamencos.com\/fr?s={search_term_string}"},"query-input":{"@type":"PropertyValueSpecification","valueRequired":true,"valueName":"search_term_string"}}],"inLanguage":"fr-FR"},{"@type":["Organization","Place","EntertainmentBusiness"],"@id":"https:\/\/www.tablaosflamencos.com\/fr#organization","name":"Tablaos Flamencos","alternateName":"Tablaos Flamencos","url":"https:\/\/www.tablaosflamencos.com\/fr","logo":{"@id":"https:\/\/www.tablaosflamencos.com\/fr\/circuit-andalou-penas-flamencas-2026-recitals-gratuits.html#local-main-organization-logo"},"image":{"@id":"https:\/\/www.tablaosflamencos.com\/fr\/circuit-andalou-penas-flamencas-2026-recitals-gratuits.html#local-main-organization-logo"},"sameAs":["https:\/\/www.facebook.com\/tablaosflamencos","https:\/\/x.com\/tablaosflamenco","https:\/\/mastodon.social\/@tablaosflamencos","https:\/\/www.instagram.com\/tablaosflamencos","https:\/\/tiktok.com\/@tablaosflamencos","https:\/\/www.linkedin.com\/company\/109408238\/"],"description":"Venta de entradas para espect\u00e1culos flamencos","legalName":"Tablaos Flamencos","foundingDate":"2015-01-01","numberOfEmployees":{"@type":"QuantitativeValue","minValue":"1","maxValue":"10"},"address":{"@id":"https:\/\/www.tablaosflamencos.com\/fr\/circuit-andalou-penas-flamencas-2026-recitals-gratuits.html#local-main-place-address"},"geo":{"@type":"GeoCoordinates","latitude":"37.3868072","longitude":"-5.993280299999999"},"telephone":["+34623787787"],"contactPoint":{"@type":"ContactPoint","telephone":"+34623787787","email":"info@tablaosflamencos.com"},"openingHoursSpecification":{"@type":"OpeningHoursSpecification","dayOfWeek":["Monday","Tuesday","Wednesday","Thursday","Friday","Saturday","Sunday"],"opens":"00:00","closes":"23:59"},"email":"info@tablaosflamencos.com","priceRange":"$$$","currenciesAccepted":"\u20ac"},{"@type":"Person","@id":"https:\/\/www.tablaosflamencos.com\/fr#\/schema\/person\/e7a9ebe14eb75a52ceabfbffb3c54f5d","name":"Miguel Ortiz","description":"Miguel Ortiz es un empresario flamenco, con una s\u00f3lida trayectoria dentro del sector. Ha presidido entidades culturales vinculadas al flamenco y, cuenta con un amplio recorrido profesional en la gesti\u00f3n y promoci\u00f3n de espect\u00e1culos y tablaos flamencos. Su pasi\u00f3n por la historia y el arte flamenco se refleja en cada art\u00edculo, donde combina experiencia, criterio y un profundo respeto por la tradici\u00f3n.","sameAs":["https:\/\/www.tablaosflamencos.com","https:\/\/www.instagra.com\/miguelortizfe","https:\/\/www.linkedin.com\/in\/miguelortizf\/"],"birthDate":"1984-11-22","gender":"hombre","knowsLanguage":["espa\u00f1ol","ingl\u00e9s"],"jobTitle":"Empresario flamenco"},{"@type":"PostalAddress","@id":"https:\/\/www.tablaosflamencos.com\/fr\/circuit-andalou-penas-flamencas-2026-recitals-gratuits.html#local-main-place-address","streetAddress":"C\/ Alemanes, 19","addressLocality":"Sevilla","postalCode":"41004","addressRegion":"Sevilla","addressCountry":"ES"},{"@type":"ImageObject","inLanguage":"fr-FR","@id":"https:\/\/www.tablaosflamencos.com\/fr\/circuit-andalou-penas-flamencas-2026-recitals-gratuits.html#local-main-organization-logo","url":"https:\/\/www.tablaosflamencos.com\/wp-content\/uploads\/tablaos-flamencos-06-3.webp","contentUrl":"https:\/\/www.tablaosflamencos.com\/wp-content\/uploads\/tablaos-flamencos-06-3.webp","width":600,"height":620,"caption":"Tablaos Flamencos"}]},"geo.placename":"Sevilla","geo.position":{"lat":"37.3868072","long":"-5.993280299999999"},"geo.region":"Espagne"},"_links":{"self":[{"href":"https:\/\/www.tablaosflamencos.com\/fr\/wp-json\/wp\/v2\/posts\/14302","targetHints":{"allow":["GET"]}}],"collection":[{"href":"https:\/\/www.tablaosflamencos.com\/fr\/wp-json\/wp\/v2\/posts"}],"about":[{"href":"https:\/\/www.tablaosflamencos.com\/fr\/wp-json\/wp\/v2\/types\/post"}],"author":[{"embeddable":true,"href":"https:\/\/www.tablaosflamencos.com\/fr\/wp-json\/wp\/v2\/users\/1"}],"replies":[{"embeddable":true,"href":"https:\/\/www.tablaosflamencos.com\/fr\/wp-json\/wp\/v2\/comments?post=14302"}],"version-history":[{"count":1,"href":"https:\/\/www.tablaosflamencos.com\/fr\/wp-json\/wp\/v2\/posts\/14302\/revisions"}],"predecessor-version":[{"id":14359,"href":"https:\/\/www.tablaosflamencos.com\/fr\/wp-json\/wp\/v2\/posts\/14302\/revisions\/14359"}],"wp:featuredmedia":[{"embeddable":true,"href":"https:\/\/www.tablaosflamencos.com\/fr\/wp-json\/wp\/v2\/media\/14272"}],"wp:attachment":[{"href":"https:\/\/www.tablaosflamencos.com\/fr\/wp-json\/wp\/v2\/media?parent=14302"}],"wp:term":[{"taxonomy":"category","embeddable":true,"href":"https:\/\/www.tablaosflamencos.com\/fr\/wp-json\/wp\/v2\/categories?post=14302"},{"taxonomy":"post_tag","embeddable":true,"href":"https:\/\/www.tablaosflamencos.com\/fr\/wp-json\/wp\/v2\/tags?post=14302"}],"curies":[{"name":"wp","href":"https:\/\/api.w.org\/{rel}","templated":true}]}}