{"id":14283,"date":"2026-09-03T22:54:58","date_gmt":"2026-09-03T20:54:58","guid":{"rendered":"https:\/\/www.tablaosflamencos.com\/?p=14283"},"modified":"2026-09-03T23:46:25","modified_gmt":"2026-09-03T21:46:25","slug":"flamenco-seville-biennale-2026-spectacles-hors-programme-officiel","status":"publish","type":"post","link":"https:\/\/www.tablaosflamencos.com\/fr\/flamenco-seville-biennale-2026-spectacles-hors-programme-officiel.html","title":{"rendered":"Flamenco \u00e0 S\u00e9ville pendant la Biennale : o\u00f9 voir des spectacles en dehors du programme officiel"},"content":{"rendered":"<section class=\"l-section wpb_row height_huge\"><div class=\"l-section-h i-cf\"><div class=\"g-cols vc_row via_flex valign_top type_default stacking_default\"><div class=\"vc_col-sm-6 wpb_column vc_column_container\"><div class=\"vc_column-inner\"><div class=\"wpb_wrapper\"><div class=\"wpb_text_column\"><div class=\"wpb_wrapper\"><h2>La Biennale n\u2019est pas le seul endroit o\u00f9 voir du flamenco \u00e0 S\u00e9ville<\/h2>\n<p>Pendant la <strong>Biennale de Flamenco de S\u00e9ville 2026<\/strong>, la ville vit pr\u00e8s de quatre semaines d\u2019activit\u00e9 intense : grandes productions, cr\u00e9ations, r\u00e9citals, spectacles de danse, concerts de guitare et propositions r\u00e9parties entre th\u00e9\u00e2tres et sites patrimoniaux. Mais le flamenco \u00e0 S\u00e9ville ne commence ni ne s\u2019arr\u00eate avec la programmation officielle.<\/p>\n<p>Pendant que la Biennale se d\u00e9roule entre le <strong>9 septembre et le 3 octobre 2026<\/strong>, les tablaos de la ville poursuivent leur activit\u00e9 habituelle. Cela ouvre une possibilit\u00e9 particuli\u00e8rement int\u00e9ressante pour ceux qui voyagent \u00e0 S\u00e9ville \u00e0 ces dates : combiner une repr\u00e9sentation officielle avec un spectacle de tablao et d\u00e9couvrir deux mani\u00e8res tr\u00e8s diff\u00e9rentes \u2014 et compl\u00e9mentaires \u2014 de vivre le flamenco.<\/p>\n<\/div><\/div><\/div><\/div><\/div><div class=\"vc_col-sm-6 wpb_column vc_column_container\"><div class=\"vc_column-inner\"><div class=\"wpb_wrapper\"><div class=\"wpb_text_column\"><div class=\"wpb_wrapper\"><h2>Deux mani\u00e8res compl\u00e9mentaires de vivre le flamenco<\/h2>\n<p>La Biennale permet d\u2019assister \u00e0 de grandes productions, des cr\u00e9ations mondiales et des rencontres con\u00e7ues pour une occasion pr\u00e9cise. Le tablao offre une autre \u00e9chelle : des artistes \u00e0 quelques m\u00e8tres, cante, danse et guitare en relation directe avec le public, des formats d\u2019environ une heure et une programmation beaucoup plus facile \u00e0 int\u00e9grer dans un apr\u00e8s-midi ou une soir\u00e9e de visite de la ville.<\/p>\n<p><strong>L\u2019objectif de ce guide n\u2019est pas de choisir entre Biennale et tablao, mais de vous aider \u00e0 combiner les deux formats pendant un s\u00e9jour \u00e0 S\u00e9ville.<\/strong><\/p>\n<\/div><\/div><\/div><\/div><\/div><\/div><\/div><\/section><section class=\"l-section wpb_row height_huge color_alternate with_shape\"><div class=\"l-section-shape type_zigzag pos_top hor_flip\" style=\"height:3vmin;\"><svg xmlns=\"http:\/\/www.w3.org\/2000\/svg\" viewBox=\"0 0 64 8\" preserveAspectRatio=\"none\" width=\"100%\" height=\"100%\">\r\n\t<path fill=\"currentColor\" d=\"M64 8 L0 8 L0 0 L20 7.9 L40 3 L48 5 L64 0 Z\"\/>\r\n<\/svg><\/div><div class=\"l-section-shape type_zigzag pos_bottom\" style=\"height:3vmin;\"><svg xmlns=\"http:\/\/www.w3.org\/2000\/svg\" viewBox=\"0 0 64 8\" preserveAspectRatio=\"none\" width=\"100%\" height=\"100%\">\r\n\t<path fill=\"currentColor\" d=\"M64 8 L0 8 L0 0 L20 7.9 L40 3 L48 5 L64 0 Z\"\/>\r\n<\/svg><\/div><div class=\"l-section-h i-cf\"><div class=\"g-cols vc_row via_flex valign_top type_default stacking_default\"><div class=\"vc_col-sm-12 wpb_column vc_column_container\"><div class=\"vc_column-inner\"><div class=\"wpb_wrapper\"><div class=\"wpb_text_column\"><div class=\"wpb_wrapper\"><blockquote>\n<p><strong>R\u00e9ponse rapide :<\/strong> pendant la Biennale de Flamenco 2026, vous pouvez continuer \u00e0 voir du flamenco en dehors de la programmation officielle dans de nombreux tablaos de S\u00e9ville. Dans le centre, plusieurs options se trouvent autour de Las Setas, Plaza Nueva, Santa Cruz, de la rue Zaragoza et de Corral del Rey ; \u00e0 Triana, il existe \u00e9galement des spectacles r\u00e9guliers pr\u00e8s du Guadalquivir. Si vous restez plusieurs jours, l\u2019une des meilleures fa\u00e7ons de comprendre le flamenco s\u00e9villan est de combiner au moins une grande repr\u00e9sentation de la Biennale avec une soir\u00e9e de tablao.<\/p>\n<\/blockquote>\n<p><strong>Derni\u00e8re mise \u00e0 jour : 3 septembre 2026.<\/strong> Les horaires, prix et disponibilit\u00e9s des tablaos peuvent varier selon la date. Il est conseill\u00e9 de v\u00e9rifier les places r\u00e9ellement disponibles avant d\u2019organiser votre soir\u00e9e.<\/p>\n<\/div><\/div><div class=\"w-separator size_medium\"><\/div><div class=\"w-hwrapper valign_top wrap stack_on_mobiles align_center\" style=\"--hwrapper-gap:1.2rem\"><div class=\"w-btn-wrapper align_none\"><a class=\"w-btn us-btn-style_1\" href=\"https:\/\/www.tablaosflamencos.com\/fr\/flamenco-a-seville\"><span class=\"w-btn-label\">Voir le flamenco disponible \u00e0 S\u00e9ville<\/span><\/a><\/div><div class=\"w-btn-wrapper align_none\"><a class=\"w-btn us-btn-style_1\" href=\"https:\/\/www.tablaosflamencos.com\/fr\/biennale-flamenco-seville-2026.html\"><span class=\"w-btn-label\">Guide complet de la Biennale 2026<\/span><\/a><\/div><\/div><\/div><\/div><\/div><\/div><\/div><\/section><section class=\"l-section wpb_row height_huge\"><div class=\"l-section-h i-cf\"><div class=\"g-cols vc_row via_flex valign_top type_default stacking_default\"><div class=\"vc_col-sm-3 wpb_column vc_column_container\"><div class=\"vc_column-inner\"><div class=\"wpb_wrapper\"><\/div><\/div><\/div><div class=\"vc_col-sm-6 wpb_column vc_column_container\"><div class=\"vc_column-inner\"><div class=\"wpb_wrapper\"><div class=\"wpb_text_column\"><div class=\"wpb_wrapper\"><h2>Contenu de ce guide<\/h2>\n<ul>\n<li><a href=\"#dos-formatos\">Biennale et tablao : deux formats compl\u00e9mentaires<\/a><\/li>\n<li><a href=\"#donde-ver\">O\u00f9 voir du flamenco \u00e0 S\u00e9ville en dehors de la Biennale<\/a><\/li>\n<li><a href=\"#las-setas\">Las Setas et le nord du centre-ville<\/a><\/li>\n<li><a href=\"#santa-cruz\">Santa Cruz et les environs de l\u2019Alc\u00e1zar<\/a><\/li>\n<li><a href=\"#centro\">Centre historique, Plaza Nueva et Arenal<\/a><\/li>\n<li><a href=\"#triana\">Triana : traverser le fleuve pour compl\u00e9ter l\u2019exp\u00e9rience<\/a><\/li>\n<li><a href=\"#comparativa\">Tableau comparatif<\/a><\/li>\n<li><a href=\"#combinar\">Comment combiner Biennale et tablao pendant le m\u00eame voyage<\/a><\/li>\n<li><a href=\"#elegir\">Quel tablao choisir selon le type d\u2019exp\u00e9rience recherch\u00e9<\/a><\/li>\n<li><a href=\"#reservar\">Pourquoi il vaut mieux r\u00e9server pendant la Biennale<\/a><\/li>\n<li><a href=\"#faq\">Questions fr\u00e9quentes<\/a><\/li>\n<\/ul>\n<\/div><\/div><\/div><\/div><\/div><div class=\"vc_col-sm-3 wpb_column vc_column_container\"><div class=\"vc_column-inner\"><div class=\"wpb_wrapper\"><\/div><\/div><\/div><\/div><\/div><\/section><section class=\"l-section wpb_row height_huge color_alternate with_shape\"><div class=\"l-section-shape type_zigzag pos_top\" style=\"height:3vmin;\"><svg xmlns=\"http:\/\/www.w3.org\/2000\/svg\" viewBox=\"0 0 64 8\" preserveAspectRatio=\"none\" width=\"100%\" height=\"100%\">\r\n\t<path fill=\"currentColor\" d=\"M64 8 L0 8 L0 0 L20 7.9 L40 3 L48 5 L64 0 Z\"\/>\r\n<\/svg><\/div><div class=\"l-section-shape type_zigzag pos_bottom\" style=\"height:3vmin;\"><svg xmlns=\"http:\/\/www.w3.org\/2000\/svg\" viewBox=\"0 0 64 8\" preserveAspectRatio=\"none\" width=\"100%\" height=\"100%\">\r\n\t<path fill=\"currentColor\" d=\"M64 8 L0 8 L0 0 L20 7.9 L40 3 L48 5 L64 0 Z\"\/>\r\n<\/svg><\/div><div class=\"l-section-h i-cf\"><div class=\"g-cols vc_row via_flex valign_top type_default stacking_default\"><div class=\"vc_col-sm-6 wpb_column vc_column_container\"><div class=\"vc_column-inner\"><div class=\"wpb_wrapper\"><div class=\"wpb_text_column\"><div class=\"wpb_wrapper\"><h2 id=\"dos-formatos\">La Biennale : grand format, cr\u00e9ation et caract\u00e8re exceptionnel<\/h2>\n<p>L\u2019une des id\u00e9es les plus utiles pour organiser un voyage flamenco \u00e0 S\u00e9ville est de ne plus consid\u00e9rer la Biennale et les tablaos comme des alternatives qui s\u2019excluent. En r\u00e9alit\u00e9, ils montrent deux dimensions diff\u00e9rentes du m\u00eame art.<\/p>\n<p>La <strong>Biennale<\/strong> concentre des cr\u00e9ations con\u00e7ues pour les th\u00e9\u00e2tres, les grands formats, les premi\u00e8res, les rencontres singuli\u00e8res et des spectacles qui, souvent, ne seront plus pr\u00e9sent\u00e9s exactement de la m\u00eame fa\u00e7on. L\u2019exp\u00e9rience d\u00e9pend autant de l\u2019artiste que du projet sc\u00e9nique, du lieu, des lumi\u00e8res, de la dramaturgie ou du caract\u00e8re exceptionnel du rendez-vous.<\/p>\n<\/div><\/div><\/div><\/div><\/div><div class=\"vc_col-sm-6 wpb_column vc_column_container\"><div class=\"vc_column-inner\"><div class=\"wpb_wrapper\"><div class=\"wpb_text_column\"><div class=\"wpb_wrapper\"><h2>Le tablao : proximit\u00e9, direct et dialogue entre artistes<\/h2>\n<p>Le <strong>tablao<\/strong> fonctionne autrement. Le direct est au centre : un groupe d\u2019artistes, une petite \u00e9chelle, une distance physique minimale entre sc\u00e8ne et public et une structure qui laisse de la place au dialogue entre cante, guitare et danse. M\u00eame avec une base artistique d\u00e9finie, la soir\u00e9e conserve une dimension imm\u00e9diate qui change selon les interpr\u00e8tes et leur fa\u00e7on de se r\u00e9pondre.<\/p>\n<p>Ainsi, quelqu\u2019un qui ne voit que des productions de la Biennale d\u00e9couvrira une part extraordinaire du flamenco contemporain ; en ajoutant un tablao, il pourra aussi observer comment l\u2019art fonctionne \u00e0 tr\u00e8s courte distance, sans la m\u00e9diation d\u2019une grande sc\u00e8ne.<\/p>\n<\/div><\/div><\/div><\/div><\/div><\/div><\/div><\/section><section class=\"l-section wpb_row height_huge\"><div class=\"l-section-h i-cf\"><div class=\"g-cols vc_row via_flex valign_top type_default stacking_default\"><div class=\"vc_col-sm-12 wpb_column vc_column_container\"><div class=\"vc_column-inner\"><div class=\"wpb_wrapper\"><div class=\"wpb_text_column\"><div class=\"wpb_wrapper\"><h2 id=\"donde-ver\" style=\"text-align: center;\">O\u00f9 voir du flamenco \u00e0 S\u00e9ville pendant la Biennale, en dehors de la programmation officielle<\/h2>\n<p style=\"text-align: center;\">S\u00e9ville dispose d\u2019une offre stable de tablaos toute l\u2019ann\u00e9e. Pendant la Biennale, ce r\u00e9seau continue de fonctionner et peut \u00eatre particuli\u00e8rement utile aussi bien pour ceux qui souhaitent enrichir leur voyage que pour ceux qui pr\u00e9f\u00e8rent garder certaines soir\u00e9es sans repr\u00e9sentation officielle.<\/p>\n<p style=\"text-align: center;\">Nous ne pr\u00e9sentons pas la s\u00e9lection suivante comme un classement. Le meilleur tablao d\u00e9pendra du quartier o\u00f9 vous vous trouvez, de l\u2019horaire dont vous avez besoin, de la taille de salle souhait\u00e9e, de votre envie d\u2019ajouter de la gastronomie et, surtout, de la <strong>disponibilit\u00e9 r\u00e9elle pour votre date<\/strong>.<\/p>\n<\/div><\/div><\/div><\/div><\/div><\/div><\/div><\/section><section class=\"l-section wpb_row height_huge color_alternate with_shape\"><div class=\"l-section-shape type_zigzag pos_top hor_flip\" style=\"height:3vmin;\"><svg xmlns=\"http:\/\/www.w3.org\/2000\/svg\" viewBox=\"0 0 64 8\" preserveAspectRatio=\"none\" width=\"100%\" height=\"100%\">\r\n\t<path fill=\"currentColor\" d=\"M64 8 L0 8 L0 0 L20 7.9 L40 3 L48 5 L64 0 Z\"\/>\r\n<\/svg><\/div><div class=\"l-section-shape type_zigzag pos_bottom\" style=\"height:3vmin;\"><svg xmlns=\"http:\/\/www.w3.org\/2000\/svg\" viewBox=\"0 0 64 8\" preserveAspectRatio=\"none\" width=\"100%\" height=\"100%\">\r\n\t<path fill=\"currentColor\" d=\"M64 8 L0 8 L0 0 L20 7.9 L40 3 L48 5 L64 0 Z\"\/>\r\n<\/svg><\/div><div class=\"l-section-h i-cf\"><div class=\"g-cols vc_row via_flex valign_top type_default stacking_default\"><div class=\"vc_col-sm-6 wpb_column vc_column_container\"><div class=\"vc_column-inner\"><div class=\"wpb_wrapper\"><div class=\"wpb_text_column\"><div class=\"wpb_wrapper\"><h2 id=\"las-setas\">Las Setas : flexibilit\u00e9 dans le nord du centre<\/h2>\n<p>Les environs de la Plaza de la Encarnaci\u00f3n sont particuli\u00e8rement pratiques si vous explorez le nord du centre, l\u2019Alameda, Regina, Feria ou Santa Catalina. Vous y trouverez <strong>Tablao Flamenco Las Setas<\/strong>, l\u2019une des options offrant le plus de flexibilit\u00e9 horaire dans la ville.<\/p>\n<p>Sa programmation r\u00e9guli\u00e8re facilite quelque chose qui peut \u00eatre d\u00e9cisif pendant la Biennale : trouver un spectacle sans devoir r\u00e9organiser toute la journ\u00e9e. Le format dure environ une heure et r\u00e9unit cante, guitare et danse dans un espace sp\u00e9cialement pr\u00e9par\u00e9 pour le flamenco en direct.<\/p>\n<p><strong>Cela peut vous convenir si :<\/strong><\/p>\n<ul>\n<li>vous logez dans le nord du centre ou pr\u00e8s de Las Setas ;<\/li>\n<li>vous voulez plusieurs possibilit\u00e9s d\u2019horaire ;<\/li>\n<li>vous cherchez un spectacle d\u2019environ une heure ;<\/li>\n<li>vous pr\u00e9f\u00e9rez int\u00e9grer le flamenco \u00e0 une journ\u00e9e de visites dans le centre historique.<\/li>\n<\/ul>\n<\/div><\/div><\/div><\/div><\/div><div class=\"vc_col-sm-6 wpb_column vc_column_container\"><div class=\"vc_column-inner\"><div class=\"wpb_wrapper\"><div class=\"wpb_text_column\"><div class=\"wpb_wrapper\"><h2 id=\"santa-cruz\">Santa Cruz et les environs de l\u2019Alc\u00e1zar<\/h2>\n<p>Si votre journ\u00e9e tourne autour du Real Alc\u00e1zar, de la Cath\u00e9drale, de la Giralda ou du quartier de Santa Cruz, il n\u2019est pas n\u00e9cessaire de traverser S\u00e9ville pour terminer la journ\u00e9e avec du flamenco.<\/p>\n<p><strong>Tablao Flamenco El Jard\u00edn de Murillo<\/strong>, pr\u00e8s du paseo de Catalina de Ribera, propose un format d\u2019environ une heure avec cante, guitare et danse. Son emplacement est son grand avantage strat\u00e9gique pendant la Biennale : il permet de passer d\u2019un apr\u00e8s-midi monumental \u00e0 un spectacle de flamenco sans grands d\u00e9placements.<\/p>\n<p>Les formules disponibles peuvent aussi inclure une boisson ou des options gastronomiques simples, ce qui convient aussi bien \u00e0 ceux qui veulent se concentrer uniquement sur le spectacle qu\u2019\u00e0 ceux qui souhaitent compl\u00e9ter la soir\u00e9e.<\/p>\n<\/div><\/div><div class=\"w-separator size_medium\"><\/div><div class=\"w-hwrapper valign_top wrap stack_on_mobiles align_center\" style=\"--hwrapper-gap:1.2rem\"><div class=\"w-btn-wrapper align_none\"><a class=\"w-btn us-btn-style_1\" href=\"https:\/\/www.tablaosflamencos.com\/fr\/tablao\/tablao-flamenco-el-jardin-de-murillo\"><span class=\"w-btn-label\">Voir El Jard\u00edn de Murillo<\/span><\/a><\/div><\/div><\/div><\/div><\/div><\/div><\/div><\/section><section class=\"l-section wpb_row height_huge\"><div class=\"l-section-h i-cf\"><div class=\"g-cols vc_row via_flex valign_top type_default stacking_default\"><div class=\"vc_col-sm-12 wpb_column vc_column_container\"><div class=\"vc_column-inner\"><div class=\"wpb_wrapper\"><div class=\"wpb_text_column\"><div class=\"wpb_wrapper\"><h2 id=\"centro\" style=\"text-align: center;\">Centre historique, Plaza Nueva et Arenal : trois fa\u00e7ons diff\u00e9rentes de vivre un tablao<\/h2>\n<\/div><\/div><div class=\"g-cols wpb_row via_flex valign_top type_default stacking_default\"><div class=\"vc_col-sm-6 wpb_column vc_column_container\"><div class=\"vc_column-inner\"><div class=\"wpb_wrapper\"><div class=\"wpb_text_column\"><div class=\"wpb_wrapper\"><h3>Casa Duende Tablao : petit format et grande proximit\u00e9<\/h3>\n<p><strong>Casa Duende Tablao<\/strong>, \u00e0 Corral del Rey, travaille avec une salle de petite capacit\u00e9 et un spectacle d\u2019environ 50 \u00e0 60 minutes. Sa proposition combine solos et moments d\u2019ensemble jusqu\u2019au fin de fiesta, avec des formules pouvant ajouter d\u00e9gustation ou table.<\/p>\n<p>C\u2019est une option particuli\u00e8rement int\u00e9ressante pour ceux qui recherchent une \u00e9chelle intime et veulent sentir que la sc\u00e8ne est r\u00e9ellement \u00e0 quelques pas.<\/p>\n<\/div><\/div><div class=\"w-separator size_medium\"><\/div><div class=\"w-hwrapper valign_top wrap stack_on_mobiles align_center\" style=\"--hwrapper-gap:1.2rem\"><div class=\"w-btn-wrapper align_none\"><a class=\"w-btn us-btn-style_1\" href=\"https:\/\/www.tablaosflamencos.com\/fr\/tablao\/casa-duende-tablao\"><span class=\"w-btn-label\">Voir Casa Duende Tablao<\/span><\/a><\/div><\/div><\/div><\/div><\/div><div class=\"vc_col-sm-6 wpb_column vc_column_container\"><div class=\"vc_column-inner\"><div class=\"wpb_wrapper\"><div class=\"wpb_text_column\"><div class=\"wpb_wrapper\"><h3>Casa Inquieta : flamenco dans une maison-palais du XIXe si\u00e8cle<\/h3>\n<p>Dans la rue Zaragoza, <strong>Tablao Flamenco Casa Inquieta<\/strong> ajoute \u00e0 l\u2019exp\u00e9rience la valeur du lieu lui-m\u00eame. Le spectacle se d\u00e9roule dans une maison-palais du XIXe si\u00e8cle et r\u00e9unit un groupe de cinq artistes pendant environ une heure.<\/p>\n<p>Cela peut tr\u00e8s bien convenir \u00e0 ceux qui veulent rester en plein centre, circuler entre Arenal et Plaza Nueva et choisir une exp\u00e9rience o\u00f9 architecture, ambiance et proximit\u00e9 font partie du programme.<\/p>\n<\/div><\/div><div class=\"w-separator size_medium\"><\/div><div class=\"w-hwrapper valign_top wrap stack_on_mobiles align_center\" style=\"--hwrapper-gap:1.2rem\"><div class=\"w-btn-wrapper align_none\"><a class=\"w-btn us-btn-style_1\" href=\"https:\/\/www.tablaosflamencos.com\/fr\/tablao\/tablao-flamenco-casa-inquieta\"><span class=\"w-btn-label\">Voir Casa Inquieta<\/span><\/a><\/div><\/div><\/div><\/div><\/div><\/div><\/div><\/div><\/div><\/div><\/div><\/section><section class=\"l-section wpb_row height_huge color_alternate with_shape\"><div class=\"l-section-shape type_zigzag pos_top\" style=\"height:3vmin;\"><svg xmlns=\"http:\/\/www.w3.org\/2000\/svg\" viewBox=\"0 0 64 8\" preserveAspectRatio=\"none\" width=\"100%\" height=\"100%\">\r\n\t<path fill=\"currentColor\" d=\"M64 8 L0 8 L0 0 L20 7.9 L40 3 L48 5 L64 0 Z\"\/>\r\n<\/svg><\/div><div class=\"l-section-shape type_zigzag pos_bottom\" style=\"height:3vmin;\"><svg xmlns=\"http:\/\/www.w3.org\/2000\/svg\" viewBox=\"0 0 64 8\" preserveAspectRatio=\"none\" width=\"100%\" height=\"100%\">\r\n\t<path fill=\"currentColor\" d=\"M64 8 L0 8 L0 0 L20 7.9 L40 3 L48 5 L64 0 Z\"\/>\r\n<\/svg><\/div><div class=\"l-section-h i-cf\"><div class=\"g-cols vc_row via_flex valign_top type_default stacking_default\"><div class=\"vc_col-sm-6 wpb_column vc_column_container\"><div class=\"vc_column-inner\"><div class=\"wpb_wrapper\"><div class=\"wpb_text_column\"><div class=\"wpb_wrapper\"><h2>La Cantaora : flamenco et gastronomie la m\u00eame soir\u00e9e<\/h2>\n<p>Pr\u00e8s de Plaza Nueva, <strong>Tablao Flamenco La Cantaora<\/strong> est particuli\u00e8rement utile pour ceux qui veulent combiner d\u00eener et spectacle dans un seul plan. Le lieu s\u2019inspire de l\u2019atmosph\u00e8re des anciens caf\u00e9s cantantes et propose des formules allant du spectacle avec cocktail aux options avec tapas ou d\u00eener.<\/p>\n<p>Pendant un s\u00e9jour centr\u00e9 sur la Biennale, cela peut \u00eatre un bon choix pour une soir\u00e9e sans repr\u00e9sentation officielle, car toute la soir\u00e9e tient dans une seule r\u00e9servation sans quitter le centre historique.<\/p>\n<\/div><\/div><div class=\"w-separator size_medium\"><\/div><div class=\"w-hwrapper valign_top wrap stack_on_mobiles align_center\" style=\"--hwrapper-gap:1.2rem\"><div class=\"w-btn-wrapper align_none\"><a class=\"w-btn us-btn-style_1\" href=\"https:\/\/www.tablaosflamencos.com\/fr\/tablao\/tablao-flamenco-la-cantaora\"><span class=\"w-btn-label\">Voir Tablao La Cantaora<\/span><\/a><\/div><\/div><\/div><\/div><\/div><div class=\"vc_col-sm-6 wpb_column vc_column_container\"><div class=\"vc_column-inner\"><div class=\"wpb_wrapper\"><div class=\"wpb_text_column\"><div class=\"wpb_wrapper\"><h2 id=\"triana\">Triana : traverser le fleuve pour compl\u00e9ter l\u2019exp\u00e9rience<\/h2>\n<p>Un s\u00e9jour flamenco \u00e0 S\u00e9ville change de caract\u00e8re lorsque l\u2019on traverse le Guadalquivir. Triana fait partie de la m\u00e9moire historique du flamenco et reste l\u2019un des quartiers o\u00f9 de nombreux visiteurs recherchent volontairement une exp\u00e9rience diff\u00e9rente de celle du centre monumental.<\/p>\n<p><strong>Tablao Flamenco Triana<\/strong>, dans la rue Pureza, propose un format traditionnel avec quatre artistes \u2014 cante, guitare, danseur et danseuse \u2014 dans une salle de petite taille. L\u2019exp\u00e9rience dure environ une heure et se combine facilement avec une promenade pr\u00e9alable par l\u2019Altozano, la calle Betis ou les rives du fleuve.<\/p>\n<p>Il n\u2019est pas n\u00e9cessaire de pr\u00e9senter Triana comme une alternative \u00ab plus authentique \u00bb au centre. C\u2019est simplement un autre contexte. Pour quelqu\u2019un qui a d\u00e9j\u00e0 vu une grande production de la Biennale au Maestranza, au Lope de Vega ou au Teatro Central, terminer une autre soir\u00e9e dans un petit espace de Triana permet d\u2019observer le flamenco \u00e0 une \u00e9chelle totalement diff\u00e9rente.<\/p>\n<\/div><\/div><div class=\"w-separator size_medium\"><\/div><div class=\"w-hwrapper valign_top wrap stack_on_mobiles align_center\" style=\"--hwrapper-gap:1.2rem\"><div class=\"w-btn-wrapper align_none\"><a class=\"w-btn us-btn-style_1\" href=\"https:\/\/www.tablaosflamencos.com\/fr\/tablao\/tablao-flamenco-triana\"><span class=\"w-btn-label\">Voir Tablao Flamenco Triana<\/span><\/a><\/div><div class=\"w-btn-wrapper align_none\"><a class=\"w-btn us-btn-style_1\" href=\"https:\/\/www.tablaosflamencos.com\/fr\/flamenco-a-triana\"><span class=\"w-btn-label\">Voir plus de flamenco \u00e0 Triana<\/span><\/a><\/div><\/div><\/div><\/div><\/div><\/div><\/div><\/section><section class=\"l-section wpb_row height_huge\"><div class=\"l-section-h i-cf\"><div class=\"g-cols vc_row via_flex valign_top type_default stacking_default\"><div class=\"vc_col-sm-12 wpb_column vc_column_container\"><div class=\"vc_column-inner\"><div class=\"wpb_wrapper\"><div class=\"wpb_text_column\"><div class=\"wpb_wrapper\"><h2 id=\"comparativa\">Options de flamenco hors Biennale, en un coup d\u2019\u0153il<\/h2>\n<div style=\"overflow-x: auto;\">\n<table>\n<thead>\n<tr>\n<th>Zone<\/th>\n<th>Option<\/th>\n<th>Format approximatif<\/th>\n<th>Cela peut vous convenir si&#8230;<\/th>\n<\/tr>\n<\/thead>\n<tbody>\n<tr>\n<td>Las Setas<\/td>\n<td><strong>Tablao Flamenco Las Setas<\/strong><\/td>\n<td>\u2248 60 min \u00b7 plusieurs s\u00e9ances<\/td>\n<td>Vous cherchez des horaires flexibles et un emplacement central<\/td>\n<\/tr>\n<tr>\n<td>Santa Cruz<\/td>\n<td><strong>El Jard\u00edn de Murillo<\/strong><\/td>\n<td>\u2248 60 min \u00b7 cante, guitare et danse<\/td>\n<td>Vous venez de l\u2019Alc\u00e1zar, de la Cath\u00e9drale ou de Santa Cruz<\/td>\n<\/tr>\n<tr>\n<td>Centre<\/td>\n<td><strong>Casa Duende Tablao<\/strong><\/td>\n<td>\u2248 50\u201360 min \u00b7 petite capacit\u00e9<\/td>\n<td>Vous recherchez un maximum de proximit\u00e9 et un format intime<\/td>\n<\/tr>\n<tr>\n<td>Arenal \/ Zaragoza<\/td>\n<td><strong>Casa Inquieta<\/strong><\/td>\n<td>\u2248 60 min \u00b7 cinq artistes<\/td>\n<td>Les lieux historiques vous attirent<\/td>\n<\/tr>\n<tr>\n<td>Plaza Nueva<\/td>\n<td><strong>La Cantaora<\/strong><\/td>\n<td>\u2248 60 min \u00b7 options gastronomiques<\/td>\n<td>Vous voulez combiner d\u00eener et spectacle<\/td>\n<\/tr>\n<tr>\n<td>Triana<\/td>\n<td><strong>Tablao Flamenco Triana<\/strong><\/td>\n<td>\u2248 60 min \u00b7 quatre artistes<\/td>\n<td>Vous voulez ajouter une soir\u00e9e de l\u2019autre c\u00f4t\u00e9 du fleuve<\/td>\n<\/tr>\n<\/tbody>\n<\/table>\n<\/div>\n<\/div><\/div><\/div><\/div><\/div><\/div><\/div><\/section><section class=\"l-section wpb_row height_huge color_alternate with_shape\"><div class=\"l-section-shape type_zigzag pos_top hor_flip\" style=\"height:3vmin;\"><svg xmlns=\"http:\/\/www.w3.org\/2000\/svg\" viewBox=\"0 0 64 8\" preserveAspectRatio=\"none\" width=\"100%\" height=\"100%\">\r\n\t<path fill=\"currentColor\" d=\"M64 8 L0 8 L0 0 L20 7.9 L40 3 L48 5 L64 0 Z\"\/>\r\n<\/svg><\/div><div class=\"l-section-shape type_zigzag pos_bottom\" style=\"height:3vmin;\"><svg xmlns=\"http:\/\/www.w3.org\/2000\/svg\" viewBox=\"0 0 64 8\" preserveAspectRatio=\"none\" width=\"100%\" height=\"100%\">\r\n\t<path fill=\"currentColor\" d=\"M64 8 L0 8 L0 0 L20 7.9 L40 3 L48 5 L64 0 Z\"\/>\r\n<\/svg><\/div><div class=\"l-section-h i-cf\"><div class=\"g-cols vc_row via_flex valign_top type_default stacking_default\"><div class=\"vc_col-sm-12 wpb_column vc_column_container\"><div class=\"vc_column-inner\"><div class=\"wpb_wrapper\"><div class=\"g-cols wpb_row via_flex valign_top type_default stacking_default\"><div class=\"vc_col-sm-6 wpb_column vc_column_container\"><div class=\"vc_column-inner\"><div class=\"wpb_wrapper\"><div class=\"wpb_text_column\"><div class=\"wpb_wrapper\"><h2 id=\"combinar\">Comment combiner Biennale et tablao sans transformer le voyage en course<\/h2>\n<h3>Option 1 : une soir\u00e9e de Biennale et une autre soir\u00e9e de tablao<\/h3>\n<p>C\u2019est la formule la plus simple et probablement la plus recommandable. Choisissez une ou deux productions officielles qui vous int\u00e9ressent vraiment et r\u00e9servez une autre soir\u00e9e pour un tablao. Vous pourrez ainsi comparer sans pr\u00e9cipitation le grand format sc\u00e9nique et la proximit\u00e9 du direct.<\/p>\n<h3>Option 2 : Matin\u00e9e Unique + tablao l\u2019apr\u00e8s-midi ou le soir<\/h3>\n<p>Les Matin\u00e9es Uniques de San Luis de los Franceses commencent \u00e0 midi. Ces jours-l\u00e0, garder le reste de la journ\u00e9e libre permet de d\u00e9jeuner, parcourir la ville et r\u00e9server un tablao plus tard sans superposer les exp\u00e9riences.<\/p>\n<\/div><\/div><\/div><\/div><\/div><div class=\"vc_col-sm-6 wpb_column vc_column_container\"><div class=\"vc_column-inner\"><div class=\"wpb_wrapper\"><div class=\"wpb_text_column\"><div class=\"wpb_wrapper\"><h2>Autres combinaisons possibles<\/h2>\n<h3>Option 3 : activit\u00e9 gratuite en journ\u00e9e + tablao<\/h3>\n<p>La programmation parall\u00e8le comprend des activit\u00e9s gratuites ou sur r\u00e9servation. Combiner une exposition, un atelier ou une activit\u00e9 en journ\u00e9e avec un tablao le soir peut offrir une journ\u00e9e flamenca compl\u00e8te sans d\u00e9pendre d\u2019une grande production officielle.<\/p>\n<h3>Option 4 : si votre repr\u00e9sentation officielle est compl\u00e8te<\/h3>\n<p>Si le spectacle que vous vouliez voir n\u2019a plus de places, le tablao cesse d\u2019\u00eatre un compl\u00e9ment et peut devenir l\u2019option principale de la soir\u00e9e. Dans ce cas, la priorit\u00e9 doit \u00eatre la disponibilit\u00e9 r\u00e9elle : regardez d\u2019abord quels lieux ont des places, puis comparez emplacement et format.<\/p>\n<\/div><\/div><\/div><\/div><\/div><\/div><div class=\"w-separator size_medium\"><\/div><div class=\"w-hwrapper valign_top wrap stack_on_mobiles align_center\" style=\"--hwrapper-gap:1.2rem\"><div class=\"w-btn-wrapper align_none\"><a class=\"w-btn us-btn-style_1\" href=\"https:\/\/www.tablaosflamencos.com\/fr\/biennale-complete-ou-voir-flamenco-ce-soir-seville.html\"><span class=\"w-btn-label\">Que faire si la Biennale est compl\u00e8te<\/span><\/a><\/div><div class=\"w-btn-wrapper align_none\"><a class=\"w-btn us-btn-style_1\" href=\"https:\/\/www.tablaosflamencos.com\/fr\/biennale-flamenco-seville-2026-gratuite.html\"><span class=\"w-btn-label\">Voir les activit\u00e9s gratuites<\/span><\/a><\/div><\/div><\/div><\/div><\/div><\/div><\/div><\/section><section class=\"l-section wpb_row height_huge\"><div class=\"l-section-h i-cf\"><div class=\"g-cols vc_row via_flex valign_top type_default stacking_default\"><div class=\"vc_col-sm-6 wpb_column vc_column_container\"><div class=\"vc_column-inner\"><div class=\"wpb_wrapper\"><div class=\"wpb_text_column\"><div class=\"wpb_wrapper\"><h2 id=\"elegir\">Que choisir selon le type d\u2019exp\u00e9rience recherch\u00e9<\/h2>\n<ul>\n<li><strong>Flexibilit\u00e9 des horaires :<\/strong> commencez par v\u00e9rifier les options proposant plusieurs s\u00e9ances quotidiennes dans le centre.<\/li>\n<li><strong>Une salle particuli\u00e8rement petite :<\/strong> Casa Duende fonctionne \u00e0 une \u00e9chelle tr\u00e8s intime.<\/li>\n<li><strong>Architecture et ambiance historique :<\/strong> Casa Inquieta ajoute le cadre d\u2019une maison-palais du XIXe si\u00e8cle.<\/li>\n<li><strong>Flamenco + gastronomie :<\/strong> La Cantaora permet d\u2019int\u00e9grer le spectacle \u00e0 diff\u00e9rentes formules de repas ou de d\u00eener.<\/li>\n<li><strong>Un plan apr\u00e8s la visite de l\u2019Alc\u00e1zar et de Santa Cruz :<\/strong> El Jard\u00edn de Murillo r\u00e9duit les d\u00e9placements et permet de rester dans le centre historique toute la journ\u00e9e.<\/li>\n<li><strong>Une soir\u00e9e \u00e0 Triana :<\/strong> Tablao Flamenco Triana permet de combiner une promenade dans le quartier et un spectacle dans la m\u00eame zone.<\/li>\n<\/ul>\n<p>Le choix ne devrait pas se baser uniquement sur celui qui semble \u00ab meilleur \u00bb. Pendant la Biennale, la demande est forte ; une combinaison r\u00e9aliste de <strong>disponibilit\u00e9 + zone + horaire + type d\u2019exp\u00e9rience<\/strong> donne g\u00e9n\u00e9ralement un programme bien plus satisfaisant que de poursuivre un seul nom.<\/p>\n<\/div><\/div><\/div><\/div><\/div><div class=\"vc_col-sm-6 wpb_column vc_column_container\"><div class=\"vc_column-inner\"><div class=\"wpb_wrapper\"><div class=\"wpb_text_column\"><div class=\"wpb_wrapper\"><h2 id=\"reservar\">Pendant la Biennale, il vaut aussi mieux r\u00e9server les tablaos<\/h2>\n<p>La concentration d\u2019aficionados, de professionnels et de visiteurs en septembre fait que la demande de flamenco \u00e0 S\u00e9ville est bien sup\u00e9rieure \u00e0 la normale. Les repr\u00e9sentations officielles ne sont pas les seules \u00e0 afficher complet : les tablaos les plus connus peuvent aussi remplir certaines s\u00e9ances, surtout les week-ends et aux horaires principaux du soir.<\/p>\n<p>Si vous savez d\u00e9j\u00e0 quel jour vous voulez garder libre pour un tablao, inutile d\u2019attendre d\u2019\u00eatre \u00e0 S\u00e9ville. V\u00e9rifiez la disponibilit\u00e9, choisissez l\u2019horaire et r\u00e9servez. C\u2019est encore plus important dans les petites salles.<\/p>\n<p>Il est \u00e9galement utile de pr\u00e9voir une marge entre les activit\u00e9s. Si vous venez d\u2019une repr\u00e9sentation de la Biennale, calculez tranquillement le d\u00e9placement, la sortie du lieu et l\u2019arriv\u00e9e au tablao. Arriver 15 \u00e0 20 minutes \u00e0 l\u2019avance est une recommandation fr\u00e9quente dans ces espaces.<\/p>\n<p>Si vous ne savez pas encore quel tablao choisir, l\u2019option la plus pratique est de partir de la page <strong>flamenco \u00e0 S\u00e9ville<\/strong>, de filtrer mentalement par zone et de n\u2019ouvrir que les options disponibles \u00e0 votre date.<\/p>\n<\/div><\/div><div class=\"w-separator size_medium\"><\/div><div class=\"w-hwrapper valign_top wrap stack_on_mobiles align_center\" style=\"--hwrapper-gap:1.2rem\"><div class=\"w-btn-wrapper align_none\"><a class=\"w-btn us-btn-style_1\" href=\"https:\/\/www.tablaosflamencos.com\/fr\/flamenco-a-seville\"><span class=\"w-btn-label\">Comparer les tablaos \u00e0 S\u00e9ville<\/span><\/a><\/div><div class=\"w-btn-wrapper align_none\"><a class=\"w-btn us-btn-style_1\" href=\"https:\/\/www.tablaosflamencos.com\/fr\/biennale-flamenco-seville-2026-billets-prix-reductions.html\"><span class=\"w-btn-label\">Billets, prix et r\u00e9ductions Biennale 2026<\/span><\/a><\/div><\/div><\/div><\/div><\/div><\/div><\/div><\/section><section class=\"l-section wpb_row height_huge color_alternate with_shape\"><div class=\"l-section-shape type_zigzag pos_top\" style=\"height:3vmin;\"><svg xmlns=\"http:\/\/www.w3.org\/2000\/svg\" viewBox=\"0 0 64 8\" preserveAspectRatio=\"none\" width=\"100%\" height=\"100%\">\r\n\t<path fill=\"currentColor\" d=\"M64 8 L0 8 L0 0 L20 7.9 L40 3 L48 5 L64 0 Z\"\/>\r\n<\/svg><\/div><div class=\"l-section-shape type_zigzag pos_bottom\" style=\"height:3vmin;\"><svg xmlns=\"http:\/\/www.w3.org\/2000\/svg\" viewBox=\"0 0 64 8\" preserveAspectRatio=\"none\" width=\"100%\" height=\"100%\">\r\n\t<path fill=\"currentColor\" d=\"M64 8 L0 8 L0 0 L20 7.9 L40 3 L48 5 L64 0 Z\"\/>\r\n<\/svg><\/div><div class=\"l-section-h i-cf\"><div class=\"g-cols vc_row via_flex valign_top type_default stacking_default\"><div class=\"vc_col-sm-12 wpb_column vc_column_container\"><div class=\"vc_column-inner\"><div class=\"wpb_wrapper\"><div class=\"wpb_text_column\"><div class=\"wpb_wrapper\"><h2 style=\"text-align: center;\">La meilleure visite flamenca \u00e0 S\u00e9ville ne doit pas forc\u00e9ment se limiter au programme officiel<\/h2>\n<p style=\"text-align: center;\">La Biennale de Flamenco est exceptionnelle pr\u00e9cis\u00e9ment parce qu\u2019elle concentre en quelques semaines une quantit\u00e9 de cr\u00e9ation difficile \u00e0 trouver \u00e0 un autre moment. Mais S\u00e9ville maintient en parall\u00e8le son r\u00e9seau de tablaos, salles et spectacles r\u00e9guliers.<\/p>\n<p style=\"text-align: center;\">Combiner les deux formats permet de mieux comprendre la ville : un jour, vous pouvez voir une grande production con\u00e7ue pour le Maestranza, le Lope de Vega ou un lieu patrimonial ; un autre soir, vous pouvez vous asseoir \u00e0 quelques m\u00e8tres d\u2019un cantaor, d\u2019une guitare et d\u2019une danse sans avoir besoin d\u2019une grande mise en sc\u00e8ne.<\/p>\n<p style=\"text-align: center;\"><strong>Il ne s\u2019agit pas de choisir entre Biennale et tablao. En septembre 2026, le plus int\u00e9ressant peut pr\u00e9cis\u00e9ment \u00eatre de vivre les deux.<\/strong><\/p>\n<\/div><\/div><\/div><\/div><\/div><\/div><\/div><\/section><section class=\"l-section wpb_row height_huge with_shape\"><div class=\"l-section-shape type_zigzag pos_bottom\" style=\"height:3vmin;\"><svg xmlns=\"http:\/\/www.w3.org\/2000\/svg\" viewBox=\"0 0 64 8\" preserveAspectRatio=\"none\" width=\"100%\" height=\"100%\">\r\n\t<path fill=\"currentColor\" d=\"M64 8 L0 8 L0 0 L20 7.9 L40 3 L48 5 L64 0 Z\"\/>\r\n<\/svg><\/div><div class=\"l-section-h i-cf\"><div class=\"g-cols vc_row via_flex valign_top type_default stacking_default\"><div class=\"vc_col-sm-1\/5 wpb_column vc_column_container\"><div class=\"vc_column-inner\"><div class=\"wpb_wrapper\"><\/div><\/div><\/div><div class=\"vc_col-sm-3\/5 wpb_column vc_column_container\"><div class=\"vc_column-inner\"><div class=\"wpb_wrapper\"><div class=\"wpb_text_column\"><div class=\"wpb_wrapper\"><h2 id=\"faq\" style=\"text-align: center;\">Questions fr\u00e9quentes sur les endroits o\u00f9 voir du flamenco \u00e0 S\u00e9ville pendant la Biennale<\/h2>\n<\/div><\/div><div class=\"w-separator size_medium\"><\/div><div class=\"w-tabs accordion toggle_style_1 has_scrolling\" style=\"--sections-title-size:inherit;--sections-gap:0.5rem;\"><div class=\"w-tabs-sections titles-align_none icon_chevron cpos_right\"><div class=\"w-tabs-section\" id=\"rbb4\"><button type=\"button\" class=\"w-tabs-section-header\" aria-controls=\"content-rbb4\" aria-expanded=\"false\"><div class=\"w-tabs-section-title\">Peut-on voir du flamenco \u00e0 S\u00e9ville en dehors de la programmation officielle de la Biennale ?<\/div><div class=\"w-tabs-section-control\"><\/div><\/button><div  class=\"w-tabs-section-content\" id=\"content-rbb4\"><div class=\"w-tabs-section-content-h i-cf\"><div class=\"wpb_text_column\"><div class=\"wpb_wrapper\"><p>Oui. Les tablaos flamencos de S\u00e9ville maintiennent leur programmation r\u00e9guli\u00e8re pendant les dates de la Biennale. Il est possible de r\u00e9server des spectacles de cante, guitare et danse dans le centre, \u00e0 Santa Cruz, Arenal, Plaza Nueva, Triana et dans d\u2019autres zones de la ville.<\/p>\n<\/div><\/div><\/div><\/div><\/div><div class=\"w-tabs-section\" id=\"xd77\"><button type=\"button\" class=\"w-tabs-section-header\" aria-controls=\"content-xd77\" aria-expanded=\"false\"><div class=\"w-tabs-section-title\">Vaut-il mieux voir la Biennale ou un tablao ?<\/div><div class=\"w-tabs-section-control\"><\/div><\/button><div  class=\"w-tabs-section-content\" id=\"content-xd77\"><div class=\"w-tabs-section-content-h i-cf\"><div class=\"wpb_text_column\"><div class=\"wpb_wrapper\"><p>Ce sont des exp\u00e9riences diff\u00e9rentes. La Biennale se distingue par de grandes productions, des cr\u00e9ations et des projets con\u00e7us pour des lieux pr\u00e9cis ; le tablao offre proximit\u00e9, petit format et relation plus directe entre artistes et public. Si votre voyage le permet, le plus complet est de combiner les deux.<\/p>\n<\/div><\/div><\/div><\/div><\/div><div class=\"w-tabs-section\" id=\"veaf\"><button type=\"button\" class=\"w-tabs-section-header\" aria-controls=\"content-veaf\" aria-expanded=\"false\"><div class=\"w-tabs-section-title\">Quel tablao est bien situ\u00e9 si je visite Santa Cruz et l\u2019Alc\u00e1zar ?<\/div><div class=\"w-tabs-section-control\"><\/div><\/button><div  class=\"w-tabs-section-content\" id=\"content-veaf\"><div class=\"w-tabs-section-content-h i-cf\"><div class=\"wpb_text_column\"><div class=\"wpb_wrapper\"><p>El Jard\u00edn de Murillo se trouve pr\u00e8s du paseo de Catalina de Ribera et tout pr\u00e8s du quartier de Santa Cruz, de l\u2019Alc\u00e1zar, de la Cath\u00e9drale et de la Giralda, ce qui le rend particuli\u00e8rement pratique pour rester toute la journ\u00e9e dans le centre historique.<\/p>\n<\/div><\/div><\/div><\/div><\/div><div class=\"w-tabs-section\" id=\"x005\"><button type=\"button\" class=\"w-tabs-section-header\" aria-controls=\"content-x005\" aria-expanded=\"false\"><div class=\"w-tabs-section-title\">O\u00f9 puis-je voir du flamenco \u00e0 Triana pendant la Biennale ?<\/div><div class=\"w-tabs-section-control\"><\/div><\/button><div  class=\"w-tabs-section-content\" id=\"content-x005\"><div class=\"w-tabs-section-content-h i-cf\"><div class=\"wpb_text_column\"><div class=\"wpb_wrapper\"><p>Triana dispose d\u2019une offre stable de flamenco. Tablao Flamenco Triana, dans la rue Pureza, est l\u2019une des options disponibles, et notre page flamenco \u00e0 Triana r\u00e9unit des alternatives \u00e0 comparer selon la date.<\/p>\n<\/div><\/div><\/div><\/div><\/div><div class=\"w-tabs-section\" id=\"l106\"><button type=\"button\" class=\"w-tabs-section-header\" aria-controls=\"content-l106\" aria-expanded=\"false\"><div class=\"w-tabs-section-title\">Y a-t-il des tablaos avec d\u00eener pendant la Biennale ?<\/div><div class=\"w-tabs-section-control\"><\/div><\/button><div  class=\"w-tabs-section-content\" id=\"content-l106\"><div class=\"w-tabs-section-content-h i-cf\"><div class=\"wpb_text_column\"><div class=\"wpb_wrapper\"><p>Oui. Certaines formules incluent tapas, d\u00e9gustations, boissons ou d\u00eener complet. La Cantaora, par exemple, propose des options permettant de combiner spectacle et gastronomie dans la m\u00eame r\u00e9servation.<\/p>\n<\/div><\/div><\/div><\/div><\/div><div class=\"w-tabs-section\" id=\"z1ef\"><button type=\"button\" class=\"w-tabs-section-header\" aria-controls=\"content-z1ef\" aria-expanded=\"false\"><div class=\"w-tabs-section-title\">Combien de temps dure g\u00e9n\u00e9ralement un spectacle de tablao \u00e0 S\u00e9ville ?<\/div><div class=\"w-tabs-section-control\"><\/div><\/button><div  class=\"w-tabs-section-content\" id=\"content-z1ef\"><div class=\"w-tabs-section-content-h i-cf\"><div class=\"wpb_text_column\"><div class=\"wpb_wrapper\"><p>Beaucoup de spectacles de ce guide durent environ 50 \u00e0 60 minutes. La dur\u00e9e exacte d\u00e9pend du tablao et de la formule r\u00e9serv\u00e9e ; il est donc conseill\u00e9 de toujours v\u00e9rifier la fiche avant d\u2019acheter.<\/p>\n<\/div><\/div><\/div><\/div><\/div><div class=\"w-tabs-section\" id=\"c2f7\"><button type=\"button\" class=\"w-tabs-section-header\" aria-controls=\"content-c2f7\" aria-expanded=\"false\"><div class=\"w-tabs-section-title\">Puis-je aller dans un tablao si ma repr\u00e9sentation de la Biennale est compl\u00e8te ?<\/div><div class=\"w-tabs-section-control\"><\/div><\/button><div  class=\"w-tabs-section-content\" id=\"content-c2f7\"><div class=\"w-tabs-section-content-h i-cf\"><div class=\"wpb_text_column\"><div class=\"wpb_wrapper\"><p>Oui. Il faut d\u2019abord v\u00e9rifier s\u2019il existe une autre repr\u00e9sentation officielle avec des places. Si aucune ne convient, un tablao disponible ce soir-l\u00e0 constitue une alternative imm\u00e9diate et, surtout, une autre mani\u00e8re de vivre le flamenco, pas une version r\u00e9duite du spectacle manqu\u00e9.<\/p>\n<\/div><\/div><\/div><\/div><\/div><div class=\"w-tabs-section\" id=\"t3db\"><button type=\"button\" class=\"w-tabs-section-header\" aria-controls=\"content-t3db\" aria-expanded=\"false\"><div class=\"w-tabs-section-title\">Faut-il r\u00e9server le tablao \u00e0 l\u2019avance pendant la Biennale ?<\/div><div class=\"w-tabs-section-control\"><\/div><\/button><div  class=\"w-tabs-section-content\" id=\"content-t3db\"><div class=\"w-tabs-section-content-h i-cf\"><div class=\"wpb_text_column\"><div class=\"wpb_wrapper\"><p>Oui. Septembre concentre une demande exceptionnelle de flamenco \u00e0 S\u00e9ville et les petites salles peuvent afficher complet sur certaines s\u00e9ances. Si vous connaissez d\u00e9j\u00e0 la date, il est recommand\u00e9 de v\u00e9rifier la disponibilit\u00e9 et de r\u00e9server.<\/p>\n<\/div><\/div><\/div><\/div><\/div><div class=\"w-tabs-section\" id=\"i4ec\"><button type=\"button\" class=\"w-tabs-section-header\" aria-controls=\"content-i4ec\" aria-expanded=\"false\"><div class=\"w-tabs-section-title\">Peut-on combiner une Matin\u00e9e Unique avec un tablao le m\u00eame jour ?<\/div><div class=\"w-tabs-section-control\"><\/div><\/button><div  class=\"w-tabs-section-content\" id=\"content-i4ec\"><div class=\"w-tabs-section-content-h i-cf\"><div class=\"wpb_text_column\"><div class=\"wpb_wrapper\"><p>Oui. Les Matin\u00e9es Uniques ont lieu \u00e0 midi, ce qui laisse le temps de d\u00e9jeuner, parcourir la ville et assister \u00e0 un tablao plus tard. C\u2019est l\u2019une des combinaisons les plus confortables pour consacrer une journ\u00e9e enti\u00e8re au flamenco sans encha\u00eener deux spectacles nocturnes.<\/p>\n<\/div><\/div><\/div><\/div><\/div><div class=\"w-tabs-section\" id=\"f5dc\"><button type=\"button\" class=\"w-tabs-section-header\" aria-controls=\"content-f5dc\" aria-expanded=\"false\"><div class=\"w-tabs-section-title\">O\u00f9 puis-je comparer les tablaos et leurs disponibilit\u00e9s \u00e0 S\u00e9ville ?<\/div><div class=\"w-tabs-section-control\"><\/div><\/button><div  class=\"w-tabs-section-content\" id=\"content-f5dc\"><div class=\"w-tabs-section-content-h i-cf\"><div class=\"wpb_text_column\"><div class=\"wpb_wrapper\"><p>Sur la page Flamenco \u00e0 S\u00e9ville de Tablaos Flamencos, vous pouvez consulter les options disponibles dans la ville, ouvrir la fiche de chaque lieu et comparer format, emplacement et disponibilit\u00e9 avant de r\u00e9server.<\/p>\n<\/div><\/div><\/div><\/div><\/div><\/div><\/div><\/div><\/div><\/div><div class=\"vc_col-sm-1\/5 wpb_column vc_column_container\"><div class=\"vc_column-inner\"><div class=\"wpb_wrapper\"><\/div><\/div><\/div><\/div><\/div><\/section>\n","protected":false},"excerpt":{"rendered":"<p>Guide pour voir du flamenco \u00e0 S\u00e9ville pendant la Biennale 2026 au-del\u00e0 du programme officiel : tablaos, quartiers, formats et comment combiner les deux exp\u00e9riences.<\/p>\n","protected":false},"author":1,"featured_media":14269,"comment_status":"closed","ping_status":"closed","sticky":false,"template":"","format":"standard","meta":{"_acf_changed":false,"wpai_generated_summary":"","_ayudawp_aiss_exclude":false,"_ayudawp_aiss_exclude_summary":false,"_ayudawp_aiss_summary":"","_ayudawp_aiss_summary_provider":"","_ayudawp_aiss_summary_hash":"","footnotes":""},"categories":[1428],"tags":[1238,1239,1240,1241,1155,1242,1243],"class_list":["post-14283","post","type-post","status-publish","format-standard","has-post-thumbnail","hentry","category-biennale-de-flamenco","tag-agenda-flamenca","tag-bienal-2026","tag-bienal-de-flamenco","tag-festivales-flamencos","tag-flamenco-en-sevilla","tag-sevilla","tag-tablaos-de-sevilla"],"acf":[],"yoast_head":"<!-- This site is optimized with the Yoast SEO Premium plugin v28.4 (Yoast SEO v28.4) - https:\/\/yoast.com\/product\/yoast-seo-premium-wordpress\/ -->\n<title>Flamenco \u00e0 S\u00e9ville pendant la Biennale 2026 : o\u00f9 le voir<\/title>\n<meta name=\"description\" content=\"O\u00f9 voir du flamenco \u00e0 S\u00e9ville pendant la Biennale 2026 hors programme officiel : tablaos, quartiers, formats et comment combiner les deux exp\u00e9riences.\" \/>\n<meta name=\"robots\" content=\"index, follow, max-snippet:-1, max-image-preview:large, max-video-preview:-1\" \/>\n<link rel=\"canonical\" href=\"https:\/\/www.tablaosflamencos.com\/fr\/flamenco-seville-biennale-2026-spectacles-hors-programme-officiel.html\" \/>\n<meta property=\"og:locale\" content=\"fr_FR\" \/>\n<meta property=\"og:type\" content=\"article\" \/>\n<meta property=\"og:title\" content=\"Flamenco \u00e0 S\u00e9ville pendant la Biennale : o\u00f9 voir des spectacles en dehors du programme officiel\" \/>\n<meta property=\"og:description\" content=\"O\u00f9 voir du flamenco \u00e0 S\u00e9ville pendant la Biennale 2026 hors programme officiel : tablaos, quartiers, formats et comment combiner les deux exp\u00e9riences.\" \/>\n<meta property=\"og:url\" content=\"https:\/\/www.tablaosflamencos.com\/fr\/flamenco-seville-biennale-2026-spectacles-hors-programme-officiel.html\" \/>\n<meta property=\"og:site_name\" content=\"Tablaos Flamencos\" \/>\n<meta property=\"article:publisher\" content=\"https:\/\/www.facebook.com\/tablaosflamencos\" \/>\n<meta property=\"article:published_time\" content=\"2026-09-03T20:54:58+00:00\" \/>\n<meta property=\"article:modified_time\" content=\"2026-09-03T21:46:25+00:00\" \/>\n<meta property=\"og:image\" content=\"https:\/\/www.tablaosflamencos.com\/wp-content\/uploads\/flamenco-en-sevilla-durante-la-bienal-donde-ver-espectaculos-ademas-de-la-programacion-oficial-01.webp\" \/>\n\t<meta property=\"og:image:width\" content=\"1672\" \/>\n\t<meta property=\"og:image:height\" content=\"941\" \/>\n\t<meta property=\"og:image:type\" content=\"image\/webp\" \/>\n<meta name=\"author\" content=\"Miguel Ortiz\" \/>\n<meta name=\"twitter:card\" content=\"summary_large_image\" \/>\n<meta name=\"twitter:creator\" content=\"@tablaosflamenco\" \/>\n<meta name=\"twitter:site\" content=\"@tablaosflamenco\" \/>\n<meta name=\"twitter:label1\" content=\"\u00c9crit par\" \/>\n\t<meta name=\"twitter:data1\" content=\"Miguel Ortiz\" \/>\n\t<meta name=\"twitter:label2\" content=\"Dur\u00e9e de lecture estim\u00e9e\" \/>\n\t<meta name=\"twitter:data2\" content=\"21 minutes\" \/>\n<script type=\"application\/ld+json\" class=\"yoast-schema-graph\">{\"@context\":\"https:\\\/\\\/schema.org\",\"@graph\":[{\"@type\":\"Article\",\"@id\":\"https:\\\/\\\/www.tablaosflamencos.com\\\/fr\\\/flamenco-seville-biennale-2026-spectacles-hors-programme-officiel.html#article\",\"isPartOf\":{\"@id\":\"https:\\\/\\\/www.tablaosflamencos.com\\\/fr\\\/flamenco-seville-biennale-2026-spectacles-hors-programme-officiel.html\"},\"author\":{\"name\":\"Miguel Ortiz\",\"@id\":\"https:\\\/\\\/www.tablaosflamencos.com\\\/fr#\\\/schema\\\/person\\\/e7a9ebe14eb75a52ceabfbffb3c54f5d\"},\"headline\":\"Flamenco \u00e0 S\u00e9ville pendant la Biennale : o\u00f9 voir des spectacles en dehors du programme officiel\",\"datePublished\":\"2026-09-03T20:54:58+00:00\",\"dateModified\":\"2026-09-03T21:46:25+00:00\",\"mainEntityOfPage\":{\"@id\":\"https:\\\/\\\/www.tablaosflamencos.com\\\/fr\\\/flamenco-seville-biennale-2026-spectacles-hors-programme-officiel.html\"},\"wordCount\":4115,\"publisher\":{\"@id\":\"https:\\\/\\\/www.tablaosflamencos.com\\\/fr#organization\"},\"image\":{\"@id\":\"https:\\\/\\\/www.tablaosflamencos.com\\\/fr\\\/flamenco-seville-biennale-2026-spectacles-hors-programme-officiel.html#primaryimage\"},\"thumbnailUrl\":\"https:\\\/\\\/www.tablaosflamencos.com\\\/wp-content\\\/uploads\\\/flamenco-en-sevilla-durante-la-bienal-donde-ver-espectaculos-ademas-de-la-programacion-oficial-01.webp\",\"keywords\":[\"agenda flamenca\",\"Bienal 2026\",\"Bienal de Flamenco\",\"festivales flamencos\",\"flamenco en Sevilla\",\"sevilla\",\"tablaos de Sevilla\"],\"articleSection\":[\"Biennale de Flamenco\"],\"inLanguage\":\"fr-FR\"},{\"@type\":\"WebPage\",\"@id\":\"https:\\\/\\\/www.tablaosflamencos.com\\\/fr\\\/flamenco-seville-biennale-2026-spectacles-hors-programme-officiel.html\",\"url\":\"https:\\\/\\\/www.tablaosflamencos.com\\\/fr\\\/flamenco-seville-biennale-2026-spectacles-hors-programme-officiel.html\",\"name\":\"Flamenco \u00e0 S\u00e9ville pendant la Biennale 2026 : o\u00f9 le voir\",\"isPartOf\":{\"@id\":\"https:\\\/\\\/www.tablaosflamencos.com\\\/fr#website\"},\"primaryImageOfPage\":{\"@id\":\"https:\\\/\\\/www.tablaosflamencos.com\\\/fr\\\/flamenco-seville-biennale-2026-spectacles-hors-programme-officiel.html#primaryimage\"},\"image\":{\"@id\":\"https:\\\/\\\/www.tablaosflamencos.com\\\/fr\\\/flamenco-seville-biennale-2026-spectacles-hors-programme-officiel.html#primaryimage\"},\"thumbnailUrl\":\"https:\\\/\\\/www.tablaosflamencos.com\\\/wp-content\\\/uploads\\\/flamenco-en-sevilla-durante-la-bienal-donde-ver-espectaculos-ademas-de-la-programacion-oficial-01.webp\",\"datePublished\":\"2026-09-03T20:54:58+00:00\",\"dateModified\":\"2026-09-03T21:46:25+00:00\",\"description\":\"O\u00f9 voir du flamenco \u00e0 S\u00e9ville pendant la Biennale 2026 hors programme officiel : tablaos, quartiers, formats et comment combiner les deux exp\u00e9riences.\",\"breadcrumb\":{\"@id\":\"https:\\\/\\\/www.tablaosflamencos.com\\\/fr\\\/flamenco-seville-biennale-2026-spectacles-hors-programme-officiel.html#breadcrumb\"},\"inLanguage\":\"fr-FR\",\"potentialAction\":[{\"@type\":\"ReadAction\",\"target\":[\"https:\\\/\\\/www.tablaosflamencos.com\\\/fr\\\/flamenco-seville-biennale-2026-spectacles-hors-programme-officiel.html\"]}]},{\"@type\":\"ImageObject\",\"inLanguage\":\"fr-FR\",\"@id\":\"https:\\\/\\\/www.tablaosflamencos.com\\\/fr\\\/flamenco-seville-biennale-2026-spectacles-hors-programme-officiel.html#primaryimage\",\"url\":\"https:\\\/\\\/www.tablaosflamencos.com\\\/wp-content\\\/uploads\\\/flamenco-en-sevilla-durante-la-bienal-donde-ver-espectaculos-ademas-de-la-programacion-oficial-01.webp\",\"contentUrl\":\"https:\\\/\\\/www.tablaosflamencos.com\\\/wp-content\\\/uploads\\\/flamenco-en-sevilla-durante-la-bienal-donde-ver-espectaculos-ademas-de-la-programacion-oficial-01.webp\",\"width\":1672,\"height\":941,\"caption\":\"Flamenco en Sevilla durante la Bienal: d\u00f3nde ver espect\u00e1culos adem\u00e1s de la programaci\u00f3n oficial\"},{\"@type\":\"BreadcrumbList\",\"@id\":\"https:\\\/\\\/www.tablaosflamencos.com\\\/fr\\\/flamenco-seville-biennale-2026-spectacles-hors-programme-officiel.html#breadcrumb\",\"itemListElement\":[{\"@type\":\"ListItem\",\"position\":1,\"name\":\"Home\",\"item\":\"https:\\\/\\\/www.tablaosflamencos.com\\\/fr\"},{\"@type\":\"ListItem\",\"position\":2,\"name\":\"Flamenco \u00e0 S\u00e9ville pendant la Biennale : o\u00f9 voir des spectacles en dehors du programme officiel\"}]},{\"@type\":\"WebSite\",\"@id\":\"https:\\\/\\\/www.tablaosflamencos.com\\\/fr#website\",\"url\":\"https:\\\/\\\/www.tablaosflamencos.com\\\/fr\",\"name\":\"Tablaos Flamencos\",\"description\":\"Entradas para tablaos flamencos de Espa\u00f1a\",\"publisher\":{\"@id\":\"https:\\\/\\\/www.tablaosflamencos.com\\\/fr#organization\"},\"alternateName\":\"Tablaos Flamencos\",\"potentialAction\":[{\"@type\":\"SearchAction\",\"target\":{\"@type\":\"EntryPoint\",\"urlTemplate\":\"https:\\\/\\\/www.tablaosflamencos.com\\\/fr?s={search_term_string}\"},\"query-input\":{\"@type\":\"PropertyValueSpecification\",\"valueRequired\":true,\"valueName\":\"search_term_string\"}}],\"inLanguage\":\"fr-FR\"},{\"@type\":[\"Organization\",\"Place\",\"EntertainmentBusiness\"],\"@id\":\"https:\\\/\\\/www.tablaosflamencos.com\\\/fr#organization\",\"name\":\"Tablaos Flamencos\",\"alternateName\":\"Tablaos Flamencos\",\"url\":\"https:\\\/\\\/www.tablaosflamencos.com\\\/fr\",\"logo\":{\"@id\":\"https:\\\/\\\/www.tablaosflamencos.com\\\/fr\\\/flamenco-seville-biennale-2026-spectacles-hors-programme-officiel.html#local-main-organization-logo\"},\"image\":{\"@id\":\"https:\\\/\\\/www.tablaosflamencos.com\\\/fr\\\/flamenco-seville-biennale-2026-spectacles-hors-programme-officiel.html#local-main-organization-logo\"},\"sameAs\":[\"https:\\\/\\\/www.facebook.com\\\/tablaosflamencos\",\"https:\\\/\\\/x.com\\\/tablaosflamenco\",\"https:\\\/\\\/mastodon.social\\\/@tablaosflamencos\",\"https:\\\/\\\/www.instagram.com\\\/tablaosflamencos\",\"https:\\\/\\\/tiktok.com\\\/@tablaosflamencos\",\"https:\\\/\\\/www.linkedin.com\\\/company\\\/109408238\\\/\"],\"description\":\"Venta de entradas para espect\u00e1culos flamencos\",\"legalName\":\"Tablaos Flamencos\",\"foundingDate\":\"2015-01-01\",\"numberOfEmployees\":{\"@type\":\"QuantitativeValue\",\"minValue\":\"1\",\"maxValue\":\"10\"},\"address\":{\"@id\":\"https:\\\/\\\/www.tablaosflamencos.com\\\/fr\\\/flamenco-seville-biennale-2026-spectacles-hors-programme-officiel.html#local-main-place-address\"},\"geo\":{\"@type\":\"GeoCoordinates\",\"latitude\":\"37.3868072\",\"longitude\":\"-5.993280299999999\"},\"telephone\":[\"+34623787787\"],\"contactPoint\":{\"@type\":\"ContactPoint\",\"telephone\":\"+34623787787\",\"email\":\"info@tablaosflamencos.com\"},\"openingHoursSpecification\":{\"@type\":\"OpeningHoursSpecification\",\"dayOfWeek\":[\"Monday\",\"Tuesday\",\"Wednesday\",\"Thursday\",\"Friday\",\"Saturday\",\"Sunday\"],\"opens\":\"00:00\",\"closes\":\"23:59\"},\"email\":\"info@tablaosflamencos.com\",\"priceRange\":\"$$$\",\"currenciesAccepted\":\"\u20ac\"},{\"@type\":\"Person\",\"@id\":\"https:\\\/\\\/www.tablaosflamencos.com\\\/fr#\\\/schema\\\/person\\\/e7a9ebe14eb75a52ceabfbffb3c54f5d\",\"name\":\"Miguel Ortiz\",\"description\":\"Miguel Ortiz es un empresario flamenco, con una s\u00f3lida trayectoria dentro del sector. Ha presidido entidades culturales vinculadas al flamenco y, cuenta con un amplio recorrido profesional en la gesti\u00f3n y promoci\u00f3n de espect\u00e1culos y tablaos flamencos. Su pasi\u00f3n por la historia y el arte flamenco se refleja en cada art\u00edculo, donde combina experiencia, criterio y un profundo respeto por la tradici\u00f3n.\",\"sameAs\":[\"https:\\\/\\\/www.tablaosflamencos.com\",\"https:\\\/\\\/www.instagra.com\\\/miguelortizfe\",\"https:\\\/\\\/www.linkedin.com\\\/in\\\/miguelortizf\\\/\"],\"birthDate\":\"1984-11-22\",\"gender\":\"hombre\",\"knowsLanguage\":[\"espa\u00f1ol\",\"ingl\u00e9s\"],\"jobTitle\":\"Empresario flamenco\"},{\"@type\":\"PostalAddress\",\"@id\":\"https:\\\/\\\/www.tablaosflamencos.com\\\/fr\\\/flamenco-seville-biennale-2026-spectacles-hors-programme-officiel.html#local-main-place-address\",\"streetAddress\":\"C\\\/ Alemanes, 19\",\"addressLocality\":\"Sevilla\",\"postalCode\":\"41004\",\"addressRegion\":\"Sevilla\",\"addressCountry\":\"ES\"},{\"@type\":\"ImageObject\",\"inLanguage\":\"fr-FR\",\"@id\":\"https:\\\/\\\/www.tablaosflamencos.com\\\/fr\\\/flamenco-seville-biennale-2026-spectacles-hors-programme-officiel.html#local-main-organization-logo\",\"url\":\"https:\\\/\\\/www.tablaosflamencos.com\\\/wp-content\\\/uploads\\\/tablaos-flamencos-06-3.webp\",\"contentUrl\":\"https:\\\/\\\/www.tablaosflamencos.com\\\/wp-content\\\/uploads\\\/tablaos-flamencos-06-3.webp\",\"width\":600,\"height\":620,\"caption\":\"Tablaos Flamencos\"}]}<\/script>\n<meta name=\"geo.placename\" content=\"Sevilla\" \/>\n<meta name=\"geo.position\" content=\"37.3868072;-5.993280299999999\" \/>\n<meta name=\"geo.region\" content=\"Espagne\" \/>\n<!-- \/ Yoast SEO Premium plugin. -->","yoast_head_json":{"title":"Flamenco \u00e0 S\u00e9ville pendant la Biennale 2026 : o\u00f9 le voir","description":"O\u00f9 voir du flamenco \u00e0 S\u00e9ville pendant la Biennale 2026 hors programme officiel : tablaos, quartiers, formats et comment combiner les deux exp\u00e9riences.","robots":{"index":"index","follow":"follow","max-snippet":"max-snippet:-1","max-image-preview":"max-image-preview:large","max-video-preview":"max-video-preview:-1"},"canonical":"https:\/\/www.tablaosflamencos.com\/fr\/flamenco-seville-biennale-2026-spectacles-hors-programme-officiel.html","og_locale":"fr_FR","og_type":"article","og_title":"Flamenco \u00e0 S\u00e9ville pendant la Biennale : o\u00f9 voir des spectacles en dehors du programme officiel","og_description":"O\u00f9 voir du flamenco \u00e0 S\u00e9ville pendant la Biennale 2026 hors programme officiel : tablaos, quartiers, formats et comment combiner les deux exp\u00e9riences.","og_url":"https:\/\/www.tablaosflamencos.com\/fr\/flamenco-seville-biennale-2026-spectacles-hors-programme-officiel.html","og_site_name":"Tablaos Flamencos","article_publisher":"https:\/\/www.facebook.com\/tablaosflamencos","article_published_time":"2026-09-03T20:54:58+00:00","article_modified_time":"2026-09-03T21:46:25+00:00","og_image":[{"width":1672,"height":941,"url":"https:\/\/www.tablaosflamencos.com\/wp-content\/uploads\/flamenco-en-sevilla-durante-la-bienal-donde-ver-espectaculos-ademas-de-la-programacion-oficial-01.webp","type":"image\/webp"}],"author":"Miguel Ortiz","twitter_card":"summary_large_image","twitter_creator":"@tablaosflamenco","twitter_site":"@tablaosflamenco","twitter_misc":{"\u00c9crit par":"Miguel Ortiz","Dur\u00e9e de lecture estim\u00e9e":"21 minutes"},"schema":{"@context":"https:\/\/schema.org","@graph":[{"@type":"Article","@id":"https:\/\/www.tablaosflamencos.com\/fr\/flamenco-seville-biennale-2026-spectacles-hors-programme-officiel.html#article","isPartOf":{"@id":"https:\/\/www.tablaosflamencos.com\/fr\/flamenco-seville-biennale-2026-spectacles-hors-programme-officiel.html"},"author":{"name":"Miguel Ortiz","@id":"https:\/\/www.tablaosflamencos.com\/fr#\/schema\/person\/e7a9ebe14eb75a52ceabfbffb3c54f5d"},"headline":"Flamenco \u00e0 S\u00e9ville pendant la Biennale : o\u00f9 voir des spectacles en dehors du programme officiel","datePublished":"2026-09-03T20:54:58+00:00","dateModified":"2026-09-03T21:46:25+00:00","mainEntityOfPage":{"@id":"https:\/\/www.tablaosflamencos.com\/fr\/flamenco-seville-biennale-2026-spectacles-hors-programme-officiel.html"},"wordCount":4115,"publisher":{"@id":"https:\/\/www.tablaosflamencos.com\/fr#organization"},"image":{"@id":"https:\/\/www.tablaosflamencos.com\/fr\/flamenco-seville-biennale-2026-spectacles-hors-programme-officiel.html#primaryimage"},"thumbnailUrl":"https:\/\/www.tablaosflamencos.com\/wp-content\/uploads\/flamenco-en-sevilla-durante-la-bienal-donde-ver-espectaculos-ademas-de-la-programacion-oficial-01.webp","keywords":["agenda flamenca","Bienal 2026","Bienal de Flamenco","festivales flamencos","flamenco en Sevilla","sevilla","tablaos de Sevilla"],"articleSection":["Biennale de Flamenco"],"inLanguage":"fr-FR"},{"@type":"WebPage","@id":"https:\/\/www.tablaosflamencos.com\/fr\/flamenco-seville-biennale-2026-spectacles-hors-programme-officiel.html","url":"https:\/\/www.tablaosflamencos.com\/fr\/flamenco-seville-biennale-2026-spectacles-hors-programme-officiel.html","name":"Flamenco \u00e0 S\u00e9ville pendant la Biennale 2026 : o\u00f9 le voir","isPartOf":{"@id":"https:\/\/www.tablaosflamencos.com\/fr#website"},"primaryImageOfPage":{"@id":"https:\/\/www.tablaosflamencos.com\/fr\/flamenco-seville-biennale-2026-spectacles-hors-programme-officiel.html#primaryimage"},"image":{"@id":"https:\/\/www.tablaosflamencos.com\/fr\/flamenco-seville-biennale-2026-spectacles-hors-programme-officiel.html#primaryimage"},"thumbnailUrl":"https:\/\/www.tablaosflamencos.com\/wp-content\/uploads\/flamenco-en-sevilla-durante-la-bienal-donde-ver-espectaculos-ademas-de-la-programacion-oficial-01.webp","datePublished":"2026-09-03T20:54:58+00:00","dateModified":"2026-09-03T21:46:25+00:00","description":"O\u00f9 voir du flamenco \u00e0 S\u00e9ville pendant la Biennale 2026 hors programme officiel : tablaos, quartiers, formats et comment combiner les deux exp\u00e9riences.","breadcrumb":{"@id":"https:\/\/www.tablaosflamencos.com\/fr\/flamenco-seville-biennale-2026-spectacles-hors-programme-officiel.html#breadcrumb"},"inLanguage":"fr-FR","potentialAction":[{"@type":"ReadAction","target":["https:\/\/www.tablaosflamencos.com\/fr\/flamenco-seville-biennale-2026-spectacles-hors-programme-officiel.html"]}]},{"@type":"ImageObject","inLanguage":"fr-FR","@id":"https:\/\/www.tablaosflamencos.com\/fr\/flamenco-seville-biennale-2026-spectacles-hors-programme-officiel.html#primaryimage","url":"https:\/\/www.tablaosflamencos.com\/wp-content\/uploads\/flamenco-en-sevilla-durante-la-bienal-donde-ver-espectaculos-ademas-de-la-programacion-oficial-01.webp","contentUrl":"https:\/\/www.tablaosflamencos.com\/wp-content\/uploads\/flamenco-en-sevilla-durante-la-bienal-donde-ver-espectaculos-ademas-de-la-programacion-oficial-01.webp","width":1672,"height":941,"caption":"Flamenco en Sevilla durante la Bienal: d\u00f3nde ver espect\u00e1culos adem\u00e1s de la programaci\u00f3n oficial"},{"@type":"BreadcrumbList","@id":"https:\/\/www.tablaosflamencos.com\/fr\/flamenco-seville-biennale-2026-spectacles-hors-programme-officiel.html#breadcrumb","itemListElement":[{"@type":"ListItem","position":1,"name":"Home","item":"https:\/\/www.tablaosflamencos.com\/fr"},{"@type":"ListItem","position":2,"name":"Flamenco \u00e0 S\u00e9ville pendant la Biennale : o\u00f9 voir des spectacles en dehors du programme officiel"}]},{"@type":"WebSite","@id":"https:\/\/www.tablaosflamencos.com\/fr#website","url":"https:\/\/www.tablaosflamencos.com\/fr","name":"Tablaos Flamencos","description":"Entradas para tablaos flamencos de Espa\u00f1a","publisher":{"@id":"https:\/\/www.tablaosflamencos.com\/fr#organization"},"alternateName":"Tablaos Flamencos","potentialAction":[{"@type":"SearchAction","target":{"@type":"EntryPoint","urlTemplate":"https:\/\/www.tablaosflamencos.com\/fr?s={search_term_string}"},"query-input":{"@type":"PropertyValueSpecification","valueRequired":true,"valueName":"search_term_string"}}],"inLanguage":"fr-FR"},{"@type":["Organization","Place","EntertainmentBusiness"],"@id":"https:\/\/www.tablaosflamencos.com\/fr#organization","name":"Tablaos Flamencos","alternateName":"Tablaos Flamencos","url":"https:\/\/www.tablaosflamencos.com\/fr","logo":{"@id":"https:\/\/www.tablaosflamencos.com\/fr\/flamenco-seville-biennale-2026-spectacles-hors-programme-officiel.html#local-main-organization-logo"},"image":{"@id":"https:\/\/www.tablaosflamencos.com\/fr\/flamenco-seville-biennale-2026-spectacles-hors-programme-officiel.html#local-main-organization-logo"},"sameAs":["https:\/\/www.facebook.com\/tablaosflamencos","https:\/\/x.com\/tablaosflamenco","https:\/\/mastodon.social\/@tablaosflamencos","https:\/\/www.instagram.com\/tablaosflamencos","https:\/\/tiktok.com\/@tablaosflamencos","https:\/\/www.linkedin.com\/company\/109408238\/"],"description":"Venta de entradas para espect\u00e1culos flamencos","legalName":"Tablaos Flamencos","foundingDate":"2015-01-01","numberOfEmployees":{"@type":"QuantitativeValue","minValue":"1","maxValue":"10"},"address":{"@id":"https:\/\/www.tablaosflamencos.com\/fr\/flamenco-seville-biennale-2026-spectacles-hors-programme-officiel.html#local-main-place-address"},"geo":{"@type":"GeoCoordinates","latitude":"37.3868072","longitude":"-5.993280299999999"},"telephone":["+34623787787"],"contactPoint":{"@type":"ContactPoint","telephone":"+34623787787","email":"info@tablaosflamencos.com"},"openingHoursSpecification":{"@type":"OpeningHoursSpecification","dayOfWeek":["Monday","Tuesday","Wednesday","Thursday","Friday","Saturday","Sunday"],"opens":"00:00","closes":"23:59"},"email":"info@tablaosflamencos.com","priceRange":"$$$","currenciesAccepted":"\u20ac"},{"@type":"Person","@id":"https:\/\/www.tablaosflamencos.com\/fr#\/schema\/person\/e7a9ebe14eb75a52ceabfbffb3c54f5d","name":"Miguel Ortiz","description":"Miguel Ortiz es un empresario flamenco, con una s\u00f3lida trayectoria dentro del sector. Ha presidido entidades culturales vinculadas al flamenco y, cuenta con un amplio recorrido profesional en la gesti\u00f3n y promoci\u00f3n de espect\u00e1culos y tablaos flamencos. Su pasi\u00f3n por la historia y el arte flamenco se refleja en cada art\u00edculo, donde combina experiencia, criterio y un profundo respeto por la tradici\u00f3n.","sameAs":["https:\/\/www.tablaosflamencos.com","https:\/\/www.instagra.com\/miguelortizfe","https:\/\/www.linkedin.com\/in\/miguelortizf\/"],"birthDate":"1984-11-22","gender":"hombre","knowsLanguage":["espa\u00f1ol","ingl\u00e9s"],"jobTitle":"Empresario flamenco"},{"@type":"PostalAddress","@id":"https:\/\/www.tablaosflamencos.com\/fr\/flamenco-seville-biennale-2026-spectacles-hors-programme-officiel.html#local-main-place-address","streetAddress":"C\/ Alemanes, 19","addressLocality":"Sevilla","postalCode":"41004","addressRegion":"Sevilla","addressCountry":"ES"},{"@type":"ImageObject","inLanguage":"fr-FR","@id":"https:\/\/www.tablaosflamencos.com\/fr\/flamenco-seville-biennale-2026-spectacles-hors-programme-officiel.html#local-main-organization-logo","url":"https:\/\/www.tablaosflamencos.com\/wp-content\/uploads\/tablaos-flamencos-06-3.webp","contentUrl":"https:\/\/www.tablaosflamencos.com\/wp-content\/uploads\/tablaos-flamencos-06-3.webp","width":600,"height":620,"caption":"Tablaos Flamencos"}]},"geo.placename":"Sevilla","geo.position":{"lat":"37.3868072","long":"-5.993280299999999"},"geo.region":"Espagne"},"_links":{"self":[{"href":"https:\/\/www.tablaosflamencos.com\/fr\/wp-json\/wp\/v2\/posts\/14283","targetHints":{"allow":["GET"]}}],"collection":[{"href":"https:\/\/www.tablaosflamencos.com\/fr\/wp-json\/wp\/v2\/posts"}],"about":[{"href":"https:\/\/www.tablaosflamencos.com\/fr\/wp-json\/wp\/v2\/types\/post"}],"author":[{"embeddable":true,"href":"https:\/\/www.tablaosflamencos.com\/fr\/wp-json\/wp\/v2\/users\/1"}],"replies":[{"embeddable":true,"href":"https:\/\/www.tablaosflamencos.com\/fr\/wp-json\/wp\/v2\/comments?post=14283"}],"version-history":[{"count":2,"href":"https:\/\/www.tablaosflamencos.com\/fr\/wp-json\/wp\/v2\/posts\/14283\/revisions"}],"predecessor-version":[{"id":14301,"href":"https:\/\/www.tablaosflamencos.com\/fr\/wp-json\/wp\/v2\/posts\/14283\/revisions\/14301"}],"wp:featuredmedia":[{"embeddable":true,"href":"https:\/\/www.tablaosflamencos.com\/fr\/wp-json\/wp\/v2\/media\/14269"}],"wp:attachment":[{"href":"https:\/\/www.tablaosflamencos.com\/fr\/wp-json\/wp\/v2\/media?parent=14283"}],"wp:term":[{"taxonomy":"category","embeddable":true,"href":"https:\/\/www.tablaosflamencos.com\/fr\/wp-json\/wp\/v2\/categories?post=14283"},{"taxonomy":"post_tag","embeddable":true,"href":"https:\/\/www.tablaosflamencos.com\/fr\/wp-json\/wp\/v2\/tags?post=14283"}],"curies":[{"name":"wp","href":"https:\/\/api.w.org\/{rel}","templated":true}]}}