{"id":14277,"date":"2026-09-03T23:17:01","date_gmt":"2026-09-03T21:17:01","guid":{"rendered":"https:\/\/www.tablaosflamencos.com\/?p=14277"},"modified":"2026-09-03T23:56:43","modified_gmt":"2026-09-03T21:56:43","slug":"danse-biennale-flamenco-seville-2026","status":"publish","type":"post","link":"https:\/\/www.tablaosflamencos.com\/fr\/danse-biennale-flamenco-seville-2026.html","title":{"rendered":"La danse \u00e0 la Biennale 2026 : des grandes figures \u00e0 la nouvelle g\u00e9n\u00e9ration"},"content":{"rendered":"<section class=\"l-section wpb_row height_huge\"><div class=\"l-section-h i-cf\"><div class=\"g-cols vc_row via_flex valign_top type_default stacking_default\"><div class=\"vc_col-sm-6 wpb_column vc_column_container\"><div class=\"vc_column-inner\"><div class=\"wpb_wrapper\"><div class=\"wpb_text_column\"><div class=\"wpb_wrapper\"><h2>La danse \u00e0 la Biennale 2026 : des grandes figures \u00e0 la nouvelle g\u00e9n\u00e9ration<\/h2>\n<p>La <strong>XXIVe Biennale de Flamenco de S\u00e9ville<\/strong> fait de la danse l\u2019un des grands fils conducteurs de sa programmation. Entre le <strong>9 septembre et le 3 octobre 2026<\/strong>, la ville r\u00e9unira plus d\u2019une centaine de danseurs et danseuses dans une \u00e9dition qui permet de parcourir presque toute la carte actuelle de la danse flamenca : grandes compagnies, r\u00e9citals de danse, cr\u00e9ateurs d\u2019auteur, propositions de recherche, hommages, ensembles collectifs et jeunes artistes qui commencent \u00e0 occuper le devant de la sc\u00e8ne.<\/p>\n<p>La distribution est particuli\u00e8rement vaste. <strong>Sara Baras, Israel Galv\u00e1n, Manuel Li\u00f1\u00e1n, Farruquito, Andr\u00e9s Mar\u00edn, Olga Pericet, Ana Morales, Pastora Galv\u00e1n, David Coria, Alfonso Losa, Isabel Bay\u00f3n, Patricia Guerrero, Rafaela Carrasco et Mar\u00eda Moreno<\/strong> c\u00f4toient des noms comme <strong>Juan Tom\u00e1s de la Mol\u00eda, \u00c1gueda Saavedra et Sara Jim\u00e9nez<\/strong>, trois exemples clairs d\u2019une g\u00e9n\u00e9ration qui n\u2019appara\u00eet plus seulement en accompagnement, mais \u00e0 la t\u00eate de ses propres cr\u00e9ations.<\/p>\n<p>Ce guide organise le programme pour comprendre <strong>quelles grandes figures marquent l\u2019\u00e9dition, o\u00f9 apparaissent les nouveaux langages et quels rendez-vous permettent de d\u00e9couvrir la g\u00e9n\u00e9ration \u00e0 venir<\/strong>.<\/p>\n<\/div><\/div><\/div><\/div><\/div><div class=\"vc_col-sm-6 wpb_column vc_column_container\"><div class=\"vc_column-inner\"><div class=\"wpb_wrapper\"><div class=\"wpb_text_column\"><div class=\"wpb_wrapper\"><h3>Une \u00e9dition travers\u00e9e par le mouvement<\/h3>\n<ul>\n<li><strong>Plus de 100 danseurs et danseuses de flamenco<\/strong> dans l\u2019ensemble de la programmation.<\/li>\n<li>Grandes figures et Prix nationaux de danse.<\/li>\n<li>Premi\u00e8res mondiales de danse et de cr\u00e9ation sc\u00e9nique.<\/li>\n<li>R\u00e9citals traditionnels aux c\u00f4t\u00e9s de langages contemporains.<\/li>\n<li>Pr\u00e9sence de compagnies, de solistes et de corps de ballet.<\/li>\n<li>D\u00e9buts et projets personnels d\u2019une nouvelle g\u00e9n\u00e9ration.<\/li>\n<\/ul>\n<p><strong>Id\u00e9e cl\u00e9 :<\/strong> la Biennale 2026 ne propose pas une seule d\u00e9finition de la danse flamenca. Elle la pr\u00e9sente comme un langage capable de pr\u00e9server une \u00e9cole, de revisiter sa propre histoire et de s\u2019ouvrir en m\u00eame temps \u00e0 de nouvelles formes sc\u00e9niques.<\/p>\n<\/div><\/div><\/div><\/div><\/div><\/div><\/div><\/section><section class=\"l-section wpb_row height_huge color_alternate with_shape\"><div class=\"l-section-shape type_zigzag pos_top\" style=\"height:3vmin;\"><svg xmlns=\"http:\/\/www.w3.org\/2000\/svg\" viewBox=\"0 0 64 8\" preserveAspectRatio=\"none\" width=\"100%\" height=\"100%\">\r\n\t<path fill=\"currentColor\" d=\"M64 8 L0 8 L0 0 L20 7.9 L40 3 L48 5 L64 0 Z\"\/>\r\n<\/svg><\/div><div class=\"l-section-shape type_zigzag pos_bottom\" style=\"height:3vmin;\"><svg xmlns=\"http:\/\/www.w3.org\/2000\/svg\" viewBox=\"0 0 64 8\" preserveAspectRatio=\"none\" width=\"100%\" height=\"100%\">\r\n\t<path fill=\"currentColor\" d=\"M64 8 L0 8 L0 0 L20 7.9 L40 3 L48 5 L64 0 Z\"\/>\r\n<\/svg><\/div><div class=\"l-section-h i-cf\"><div class=\"g-cols vc_row via_flex valign_top type_default stacking_default\"><div class=\"vc_col-sm-6 wpb_column vc_column_container\"><div class=\"vc_column-inner\"><div class=\"wpb_wrapper\"><div class=\"wpb_text_column\"><div class=\"wpb_wrapper\"><blockquote>\n<p><strong>R\u00e9ponse rapide :<\/strong> si vous souhaitez suivre la danse \u00e0 la Biennale de Flamenco de S\u00e9ville 2026, les grands rendez-vous passent par Sara Baras avec <em>Infinita<\/em>, Manuel Li\u00f1\u00e1n avec <em>Bailaor@<\/em>, Olga Pericet avec <em>Perspectivas sobre un baile sonoro<\/em>, Andr\u00e9s Mar\u00edn avec <em>Desierto<\/em>, Israel Galv\u00e1n avec <em>Bolero de blanco y negro<\/em>, Pastora Galv\u00e1n avec <em>TRIBUsssh!<\/em>, Farruquito avec <em>Ser\u00e1s Farruquito: el musical<\/em>, David Coria avec <em>Babel. Torre viva<\/em> et Alfonso Losa avec <em>Gesto m\u00ednimo<\/em>.<\/p>\n<\/blockquote>\n<\/div><\/div><\/div><\/div><\/div><div class=\"vc_col-sm-6 wpb_column vc_column_container\"><div class=\"vc_column-inner\"><div class=\"wpb_wrapper\"><div class=\"wpb_text_column\"><div class=\"wpb_wrapper\"><h3>La nouvelle g\u00e9n\u00e9ration occupe elle aussi le devant de la sc\u00e8ne<\/h3>\n<p>L\u2019\u00e9dition accorde un espace propre \u00e0 <strong>Juan Tom\u00e1s de la Mol\u00eda et \u00c1gueda Saavedra<\/strong> avec <em>Te atrevo<\/em>, et \u00e0 <strong>Sara Jim\u00e9nez<\/strong> avec <em>La compa\u00f1\u00eda<\/em>. Le passage de relais n\u2019appara\u00eet pas comme un appendice du programme, mais comme l\u2019une de ses lignes de lecture.<\/p>\n<p><strong>Derni\u00e8re mise \u00e0 jour : 3 septembre 2026.<\/strong> La programmation, les horaires et la disponibilit\u00e9 des billets peuvent changer. V\u00e9rifiez toujours la fiche officielle avant d\u2019organiser votre visite.<\/p>\n<p><a href=\"https:\/\/www.tablaosflamencos.com\/bienal-flamenco-sevilla-2026.html\"><strong>Guide complet de la Biennale 2026<\/strong><\/a> \u00b7 <a href=\"https:\/\/www.tablaosflamencos.com\/grandes-estrenos-bienal-flamenco-sevilla-2026.html\"><strong>Grandes premi\u00e8res<\/strong><\/a> \u00b7 <a href=\"https:\/\/www.labienal.com\/programa-general\" target=\"_blank\" rel=\"noopener\"><strong>Programme officiel<\/strong><\/a><\/p>\n<\/div><\/div><\/div><\/div><\/div><\/div><\/div><\/section><section class=\"l-section wpb_row height_huge\"><div class=\"l-section-h i-cf\"><div class=\"g-cols vc_row via_flex valign_top type_default stacking_default\"><div class=\"vc_col-sm-6 wpb_column vc_column_container\"><div class=\"vc_column-inner\"><div class=\"wpb_wrapper\"><div class=\"wpb_text_column\"><div class=\"wpb_wrapper\"><h2>Contenu de ce guide<\/h2>\n<ul>\n<li><a href=\"#baile-mapa\">Une carte de la danse flamenca actuelle<\/a><\/li>\n<li><a href=\"#grandes-figuras\">Les grandes figures<\/a><\/li>\n<li><a href=\"#otras-miradas\">D\u2019autres regards confirm\u00e9s<\/a><\/li>\n<li><a href=\"#nueva-generacion\">La nouvelle g\u00e9n\u00e9ration<\/a><\/li>\n<li><a href=\"#estrenos-baile\">Les premi\u00e8res de danse<\/a><\/li>\n<li><a href=\"#fechas-baile\">Dates cl\u00e9s<\/a><\/li>\n<li><a href=\"#espacios-baile\">O\u00f9 voir la meilleure danse<\/a><\/li>\n<li><a href=\"#elegir-baile\">Que choisir selon votre profil<\/a><\/li>\n<li><a href=\"#faq-baile\">Questions fr\u00e9quentes<\/a><\/li>\n<\/ul>\n<\/div><\/div><\/div><\/div><\/div><div class=\"vc_col-sm-6 wpb_column vc_column_container\"><div class=\"vc_column-inner\"><div class=\"wpb_wrapper\"><div class=\"wpb_text_column\"><div class=\"wpb_wrapper\"><h3>Comment lire la programmation<\/h3>\n<p>Il n\u2019est pas pertinent de diviser la danse de 2026 uniquement entre \u00ab tradition \u00bb et \u00ab avant-garde \u00bb. La Biennale m\u00eale \u00e9coles, formats et g\u00e9n\u00e9rations. Une m\u00eame semaine peut vous conduire d\u2019une grande compagnie \u00e0 un r\u00e9cital presque d\u00e9pouill\u00e9, d\u2019une chor\u00e9graphie collective \u00e0 une pi\u00e8ce de recherche ou de l\u2019hommage \u00e0 une ma\u00eetresse \u00e0 un d\u00e9but en solo.<\/p>\n<p>C\u2019est pourquoi ce guide regroupe les spectacles par <strong>position artistique<\/strong> et pas seulement par date : grandes figures, auteurs confirm\u00e9s, nouveaux cr\u00e9ateurs, premi\u00e8res et lieux.<\/p>\n<\/div><\/div><\/div><\/div><\/div><\/div><\/div><\/section><section class=\"l-section wpb_row height_huge color_alternate with_shape\"><div class=\"l-section-shape type_zigzag pos_top\" style=\"height:3vmin;\"><svg xmlns=\"http:\/\/www.w3.org\/2000\/svg\" viewBox=\"0 0 64 8\" preserveAspectRatio=\"none\" width=\"100%\" height=\"100%\">\r\n\t<path fill=\"currentColor\" d=\"M64 8 L0 8 L0 0 L20 7.9 L40 3 L48 5 L64 0 Z\"\/>\r\n<\/svg><\/div><div class=\"l-section-shape type_zigzag pos_bottom\" style=\"height:3vmin;\"><svg xmlns=\"http:\/\/www.w3.org\/2000\/svg\" viewBox=\"0 0 64 8\" preserveAspectRatio=\"none\" width=\"100%\" height=\"100%\">\r\n\t<path fill=\"currentColor\" d=\"M64 8 L0 8 L0 0 L20 7.9 L40 3 L48 5 L64 0 Z\"\/>\r\n<\/svg><\/div><div class=\"l-section-h i-cf\"><div class=\"g-cols vc_row via_flex valign_top type_default stacking_default\"><div class=\"vc_col-sm-6 wpb_column vc_column_container\"><div class=\"vc_column-inner\"><div class=\"wpb_wrapper\"><div class=\"wpb_text_column\"><div class=\"wpb_wrapper\"><h2 id=\"baile-mapa\">La Biennale 2026 comme carte de la danse flamenca actuelle<\/h2>\n<p>L\u2019une des meilleures fa\u00e7ons de comprendre la programmation 2026 consiste \u00e0 la voir comme une carte de positions artistiques. La Biennale elle-m\u00eame parle d\u2019un parcours qui va <strong>de la danse essentielle et d\u00e9pouill\u00e9e aux grands corps de ballet<\/strong>, de la bata de cola aux nouveaux codes sc\u00e9niques et de la tradition d\u2019\u00e9cole \u00e0 la cr\u00e9ation contemporaine.<\/p>\n<p>Cette approche \u00e9vite de diviser simplement le programme entre \u00ab traditionnel \u00bb et \u00ab avant-gardiste \u00bb. En r\u00e9alit\u00e9, de nombreuses propositions m\u00ealent les deux univers.<\/p>\n<\/div><\/div><\/div><\/div><\/div><div class=\"vc_col-sm-6 wpb_column vc_column_container\"><div class=\"vc_column-inner\"><div class=\"wpb_wrapper\"><div class=\"wpb_text_column\"><div class=\"wpb_wrapper\"><h3>Tradition, autorat et exp\u00e9rimentation<\/h3>\n<p>Manuel Li\u00f1\u00e1n revient au format du r\u00e9cital pour parler d\u2019identit\u00e9 ; Olga Pericet revisite le r\u00e9cital depuis une perspective contemporaine ; Israel Galv\u00e1n dialogue avec Ravel ; Farruquito transforme sa propre biographie et son h\u00e9ritage familial en com\u00e9die musicale ; Ana Morales fait du corps un outil pour explorer une S\u00e9ville souterraine imaginaire ; et Alfonso Losa propose un spectacle dont le titre m\u00eame, <em>Gesto m\u00ednimo<\/em>, renvoie \u00e0 l\u2019\u00e9pure.<\/p>\n<p>La question centrale est <strong>comment la danse peut \u00e9voluer sans cesser d\u2019\u00eatre reconnue comme flamenca<\/strong>. Chaque artiste r\u00e9pond depuis une position diff\u00e9rente.<\/p>\n<\/div><\/div><\/div><\/div><\/div><\/div><\/div><\/section><section class=\"l-section wpb_row height_huge\"><div class=\"l-section-h i-cf\"><div class=\"g-cols vc_row via_flex valign_top type_default stacking_default\"><div class=\"vc_col-sm-6 wpb_column vc_column_container\"><div class=\"vc_column-inner\"><div class=\"wpb_wrapper\"><div class=\"wpb_text_column\"><div class=\"wpb_wrapper\"><h2 id=\"grandes-figuras\">Les grandes figures : de Sara Baras \u00e0 Farruquito<\/h2>\n<h3>Sara Baras : le grand retour<\/h3>\n<p><strong>Sara Baras<\/strong> revient \u00e0 la Biennale quatorze ans plus tard avec la premi\u00e8re mondiale de <em>Infinita<\/em>, programm\u00e9e les <strong>11, 12 et 13 septembre<\/strong> au Teatro de la Maestranza. L\u2019\u0153uvre s\u2019articule autour de huit regards de femmes et d\u2019une id\u00e9e de l\u2019identit\u00e9 andalouse transmise par la danse.<\/p>\n<p>Elle repr\u00e9sente le grand format de compagnie et une carri\u00e8re internationale confirm\u00e9e, tout en arrivant avec une \u0153uvre nouvelle cr\u00e9\u00e9e pour cette \u00e9dition. Vous pouvez en savoir plus dans notre guide sur <a href=\"https:\/\/www.tablaosflamencos.com\/sara-baras-sevilla-2026-infinita-bienal.html\"><strong>Sara Baras \u00e0 S\u00e9ville en 2026<\/strong><\/a>.<\/p>\n<h3>Manuel Li\u00f1\u00e1n : r\u00e9cital et identit\u00e9<\/h3>\n<p>Le <strong>22 septembre<\/strong>, Manuel Li\u00f1\u00e1n pr\u00e9sente au Teatro de la Maestranza <em>Bailaor@. Recital de baile<\/em>. La proposition revient \u00e0 quelque chose d\u2019apparemment simple : danser. Mais cette simplicit\u00e9 contient une d\u00e9claration claire sur l\u2019identit\u00e9, le genre et la construction artistique.<\/p>\n<\/div><\/div><\/div><\/div><\/div><div class=\"vc_col-sm-6 wpb_column vc_column_container\"><div class=\"vc_column-inner\"><div class=\"wpb_wrapper\"><div class=\"wpb_text_column\"><div class=\"wpb_wrapper\"><h3>Israel Galv\u00e1n : Ravel \u00e0 travers le corps flamenco<\/h3>\n<p>Le <strong>26 septembre<\/strong>, Israel Galv\u00e1n cr\u00e9e au Teatro de la Maestranza <em>Bolero de blanco y negro<\/em>. L\u2019\u0153uvre part de Maurice Ravel et ajoute deux pianos, chant flamenco, percussion et voix. L\u2019int\u00e9r\u00eat r\u00e9side dans la mani\u00e8re dont Galv\u00e1n d\u00e9monte le mat\u00e9riau, en cherche la m\u00e9canique rythmique et le transforme en terrain chor\u00e9graphique personnel.<\/p>\n<h3>Farruquito : h\u00e9ritage, biographie et grand format<\/h3>\n<p>Le <strong>28 septembre<\/strong>, Farruquito cr\u00e9e <em>Ser\u00e1s Farruquito: el musical<\/em> au Teatro de la Maestranza. Le spectacle parcourt sa vie en cinq actes \u2014le sang, l\u2019apprentissage, le monde, l\u2019ombre et l\u2019h\u00e9ritage\u2014 et transforme sa biographie en mati\u00e8re sc\u00e9nique.<\/p>\n<p>Le montage int\u00e8gre un corps de ballet et une narration ample, mais conserve comme axe central la <strong>transmission familiale<\/strong>: une \u00e9cole h\u00e9rit\u00e9e transform\u00e9e en langage personnel et projet\u00e9e vers l\u2019avenir.<\/p>\n<\/div><\/div><\/div><\/div><\/div><\/div><\/div><\/section><section class=\"l-section wpb_row height_huge color_alternate with_shape\"><div class=\"l-section-shape type_zigzag pos_top hor_flip\" style=\"height:3vmin;\"><svg xmlns=\"http:\/\/www.w3.org\/2000\/svg\" viewBox=\"0 0 64 8\" preserveAspectRatio=\"none\" width=\"100%\" height=\"100%\">\r\n\t<path fill=\"currentColor\" d=\"M64 8 L0 8 L0 0 L20 7.9 L40 3 L48 5 L64 0 Z\"\/>\r\n<\/svg><\/div><div class=\"l-section-shape type_zigzag pos_bottom\" style=\"height:3vmin;\"><svg xmlns=\"http:\/\/www.w3.org\/2000\/svg\" viewBox=\"0 0 64 8\" preserveAspectRatio=\"none\" width=\"100%\" height=\"100%\">\r\n\t<path fill=\"currentColor\" d=\"M64 8 L0 8 L0 0 L20 7.9 L40 3 L48 5 L64 0 Z\"\/>\r\n<\/svg><\/div><div class=\"l-section-h i-cf\"><div class=\"g-cols vc_row via_flex valign_top type_default stacking_default\"><div class=\"vc_col-sm-6 wpb_column vc_column_container\"><div class=\"vc_column-inner\"><div class=\"wpb_wrapper\"><div class=\"wpb_text_column\"><div class=\"wpb_wrapper\"><h2 id=\"otras-miradas\">D\u2019autres regards confirm\u00e9s<\/h2>\n<h3>Ana Morales<\/h3>\n<p>Prix national de danse 2022, pr\u00e9sente les <strong>13 et 14 septembre<\/strong> \u00e0 la Real F\u00e1brica de Artiller\u00eda la premi\u00e8re mondiale de <em>Rapsodia. Fantas\u00eda subterr\u00e1nea<\/em>. L\u2019\u0153uvre propose une descente imaginaire dans une S\u00e9ville souterraine et utilise le corps pour explorer le tellurique, le jondo et le processus cr\u00e9atif.<\/p>\n<h3>Olga Pericet<\/h3>\n<p>Prix national de danse 2018, cr\u00e9e le <strong>21 septembre<\/strong> au Teatro Central <em>Perspectivas sobre un baile sonoro<\/em>. Apr\u00e8s trente-cinq ans de carri\u00e8re, elle revisite le format du r\u00e9cital \u00e0 partir de la m\u00e9moire du corps et de son pr\u00e9sent cr\u00e9atif.<\/p>\n<h3>Andr\u00e9s Mar\u00edn<\/h3>\n<p>Cr\u00e9e <em>Desierto<\/em> le <strong>25 septembre<\/strong> au Teatro Central. Il approche la m\u00e9moire de l\u2019Alameda de H\u00e9rcules \u00e0 travers une v\u00e9rit\u00e9 po\u00e9tique et une r\u00e9flexion sur la solitude, la trace et ce qui demeure.<\/p>\n<\/div><\/div><\/div><\/div><\/div><div class=\"vc_col-sm-6 wpb_column vc_column_container\"><div class=\"vc_column-inner\"><div class=\"wpb_wrapper\"><div class=\"wpb_text_column\"><div class=\"wpb_wrapper\"><h3>Pastora Galv\u00e1n<\/h3>\n<p>Le <strong>26 septembre<\/strong> au Teatro Alameda, elle pr\u00e9sente la premi\u00e8re mondiale de <em>TRIBUsssh!<\/em>, avec direction artistique et commissariat d\u2019Israel Galv\u00e1n. La pi\u00e8ce croise sa danse avec deux batteries et d\u2019autres sonorit\u00e9s sans perdre le pouls flamenco.<\/p>\n<h3>David Coria<\/h3>\n<p>Le <strong>29 septembre<\/strong> pr\u00e9sente au Teatro Lope de Vega <em>Babel. Torre viva<\/em>, premi\u00e8re espagnole d\u2019une \u0153uvre sur la diff\u00e9rence, le pouvoir, la fragmentation et la possibilit\u00e9 de construire quelque chose de commun. Le corps collectif devient architecture sc\u00e9nique.<\/p>\n<h3>Isabel Bay\u00f3n, Mar\u00eda Moreno et Alfonso Losa<\/h3>\n<p>\u00c0 cette cartographie s\u2019ajoutent <strong>Isabel Bay\u00f3n<\/strong>, honor\u00e9e le 15 septembre ; <strong>Mar\u00eda Moreno<\/strong>, protagoniste de <em>Trilog\u00eda. Al baile<\/em> le 23 septembre \u00e0 la Real F\u00e1brica de Artiller\u00eda ; et <strong>Alfonso Losa<\/strong>, qui cr\u00e9era <em>Gesto m\u00ednimo<\/em> le 2 octobre au Teatro Lope de Vega.<\/p>\n<\/div><\/div><\/div><\/div><\/div><\/div><\/div><\/section><section class=\"l-section wpb_row height_huge\"><div class=\"l-section-h i-cf\"><div class=\"g-cols vc_row via_flex valign_top type_default stacking_default\"><div class=\"vc_col-sm-6 wpb_column vc_column_container\"><div class=\"vc_column-inner\"><div class=\"wpb_wrapper\"><div class=\"wpb_text_column\"><div class=\"wpb_wrapper\"><h2 id=\"nueva-generacion\">La nouvelle g\u00e9n\u00e9ration cesse d\u2019\u00eatre une promesse<\/h2>\n<p>L\u2019un des mouvements les plus importants de cette Biennale est que plusieurs jeunes artistes apparaissent d\u00e9j\u00e0 <strong>\u00e0 la t\u00eate de leurs propres projets<\/strong>. Ils ne sont plus seulement membres d\u2019un corps de ballet ou artistes invit\u00e9s : ils occupent les titres, les directions et les espaces de cr\u00e9ation.<\/p>\n<h3>Juan Tom\u00e1s de la Mol\u00eda et \u00c1gueda Saavedra : <em>Te atrevo<\/em><\/h3>\n<p>Le <strong>23 septembre<\/strong>, le Teatro Central accueille la premi\u00e8re mondiale de <em>Te atrevo<\/em>, de <strong>Juan Tom\u00e1s de la Mol\u00eda et \u00c1gueda Saavedra<\/strong>, sous la direction de Manuel Li\u00f1\u00e1n.<\/p>\n<p>L\u2019association est significative : deux interpr\u00e8tes \u00e9mergents travaillent sous le regard d\u2019un cr\u00e9ateur qui a \u00e9largi pendant des ann\u00e9es les limites de la danse flamenca contemporaine. La Biennale les pr\u00e9sente comme l\u2019exemple d\u2019une g\u00e9n\u00e9ration dot\u00e9e de technique, de personnalit\u00e9 et de la capacit\u00e9 \u00e0 porter une \u0153uvre propre.<\/p>\n<\/div><\/div><\/div><\/div><\/div><div class=\"vc_col-sm-6 wpb_column vc_column_container\"><div class=\"vc_column-inner\"><div class=\"wpb_wrapper\"><div class=\"wpb_text_column\"><div class=\"wpb_wrapper\"><h3>Sara Jim\u00e9nez : compagnie, cr\u00e9ation et autorat<\/h3>\n<p>Le <strong>29 septembre<\/strong>, \u00e9galement au Teatro Central, <strong>Sara Jim\u00e9nez<\/strong> cr\u00e9e <em>La compa\u00f1\u00eda<\/em>. Elle signe l\u2019id\u00e9e originale, la mise en sc\u00e8ne et la chor\u00e9graphie, et partage la sc\u00e8ne avec Julio Ruiz et Mariana Collado.<\/p>\n<p>La nouvelle g\u00e9n\u00e9ration ne se d\u00e9finit pas seulement par l\u2019\u00e2ge, mais par sa capacit\u00e9 \u00e0 assumer <strong>l\u2019autorat, le discours, la direction et la responsabilit\u00e9 sc\u00e9nique<\/strong>.<\/p>\n<h3>\u00c1gueda Saavedra, \u00e9galement avec Alfonso Losa<\/h3>\n<p>\u00c1gueda Saavedra r\u00e9appara\u00eet le <strong>2 octobre<\/strong> dans <em>Gesto m\u00ednimo<\/em> d\u2019Alfonso Losa, aux c\u00f4t\u00e9s de Karen Lugo et Yoel Vargas. Cette double pr\u00e9sence montre comment les jeunes artistes circulent entre leurs propres projets et le travail avec des cr\u00e9ateurs confirm\u00e9s.<\/p>\n<p><strong>La nouvelle g\u00e9n\u00e9ration ne remplace pas les figures pr\u00e9c\u00e9dentes : elle coexiste avec elles.<\/strong> Ce croisement est l\u2019une des cl\u00e9s de 2026.<\/p>\n<\/div><\/div><\/div><\/div><\/div><\/div><\/div><\/section><section class=\"l-section wpb_row height_huge color_alternate with_shape\"><div class=\"l-section-shape type_zigzag pos_top\" style=\"height:3vmin;\"><svg xmlns=\"http:\/\/www.w3.org\/2000\/svg\" viewBox=\"0 0 64 8\" preserveAspectRatio=\"none\" width=\"100%\" height=\"100%\">\r\n\t<path fill=\"currentColor\" d=\"M64 8 L0 8 L0 0 L20 7.9 L40 3 L48 5 L64 0 Z\"\/>\r\n<\/svg><\/div><div class=\"l-section-shape type_zigzag pos_bottom\" style=\"height:3vmin;\"><svg xmlns=\"http:\/\/www.w3.org\/2000\/svg\" viewBox=\"0 0 64 8\" preserveAspectRatio=\"none\" width=\"100%\" height=\"100%\">\r\n\t<path fill=\"currentColor\" d=\"M64 8 L0 8 L0 0 L20 7.9 L40 3 L48 5 L64 0 Z\"\/>\r\n<\/svg><\/div><div class=\"l-section-h i-cf\"><div class=\"g-cols vc_row via_flex valign_top type_default stacking_default\"><div class=\"vc_col-sm-6 wpb_column vc_column_container\"><div class=\"vc_column-inner\"><div class=\"wpb_wrapper\"><div class=\"wpb_text_column\"><div class=\"wpb_wrapper\"><h2 id=\"estrenos-baile\">Les premi\u00e8res font de la danse l\u2019un des moteurs cr\u00e9atifs de 2026<\/h2>\n<p>Le poids de la danse se voit particuli\u00e8rement dans les premi\u00e8res. Sara Baras, Ana Morales, Olga Pericet, Andr\u00e9s Mar\u00edn, Israel Galv\u00e1n, Pastora Galv\u00e1n, Farruquito, Sara Jim\u00e9nez et Alfonso Losa pr\u00e9sentent des \u0153uvres nouvelles ou des versions cr\u00e9\u00e9es sp\u00e9cifiquement pour cette \u00e9dition. Juan Tom\u00e1s de la Mol\u00eda et \u00c1gueda Saavedra d\u00e9butent ensemble avec <em>Te atrevo<\/em> et Mar\u00eda Moreno participe \u00e0 la premi\u00e8re de <em>Trilog\u00eda. Al baile<\/em>.<\/p>\n<p>Beaucoup de ces pi\u00e8ces <strong>na\u00eetront \u00e0 S\u00e9ville<\/strong> et pourront ensuite circuler dans d\u2019autres th\u00e9\u00e2tres et festivals. Assister \u00e0 une premi\u00e8re, c\u2019est voir une \u0153uvre avant que la critique, les tourn\u00e9es et le temps ne finissent par en fixer la lecture.<\/p>\n<\/div><\/div><\/div><\/div><\/div><div class=\"vc_col-sm-6 wpb_column vc_column_container\"><div class=\"vc_column-inner\"><div class=\"wpb_wrapper\"><div class=\"wpb_text_column\"><div class=\"wpb_wrapper\"><h3>Premi\u00e8res particuli\u00e8rement remarquables<\/h3>\n<ul>\n<li>Sara Baras \u00b7 <em>Infinita<\/em><\/li>\n<li>Ana Morales \u00b7 <em>Rapsodia. Fantas\u00eda subterr\u00e1nea<\/em><\/li>\n<li>Olga Pericet \u00b7 <em>Perspectivas sobre un baile sonoro<\/em><\/li>\n<li>Juan Tom\u00e1s de la Mol\u00eda et \u00c1gueda Saavedra \u00b7 <em>Te atrevo<\/em><\/li>\n<li>Andr\u00e9s Mar\u00edn \u00b7 <em>Desierto<\/em><\/li>\n<li>Israel Galv\u00e1n \u00b7 <em>Bolero de blanco y negro<\/em><\/li>\n<li>Pastora Galv\u00e1n \u00b7 <em>TRIBUsssh!<\/em><\/li>\n<li>Farruquito \u00b7 <em>Ser\u00e1s Farruquito: el musical<\/em><\/li>\n<li>Sara Jim\u00e9nez \u00b7 <em>La compa\u00f1\u00eda<\/em><\/li>\n<li>Alfonso Losa \u00b7 <em>Gesto m\u00ednimo<\/em><\/li>\n<\/ul>\n<p>Pour approfondir cette partie, consultez <a href=\"https:\/\/www.tablaosflamencos.com\/grandes-estrenos-bienal-flamenco-sevilla-2026.html\"><strong>les grandes premi\u00e8res de la Biennale 2026<\/strong><\/a>.<\/p>\n<\/div><\/div><\/div><\/div><\/div><\/div><\/div><\/section><section class=\"l-section wpb_row height_huge\"><div class=\"l-section-h i-cf\"><div class=\"g-cols vc_row via_flex valign_top type_default stacking_default\"><div class=\"vc_col-sm-12 wpb_column vc_column_container\"><div class=\"vc_column-inner\"><div class=\"wpb_wrapper\"><div class=\"wpb_text_column\"><div class=\"wpb_wrapper\"><h2 id=\"fechas-baile\">Dates cl\u00e9s de la danse \u00e0 la Biennale 2026<\/h2>\n<div style=\"overflow-x: auto;\">\n<table>\n<thead>\n<tr>\n<th>Date<\/th>\n<th>Artiste \/ spectacle<\/th>\n<th>Lieu<\/th>\n<th>Cl\u00e9<\/th>\n<\/tr>\n<\/thead>\n<tbody>\n<tr>\n<td><strong>10 septembre<\/strong><\/td>\n<td>Ballet Flamenco de Andaluc\u00eda avec Patricia Guerrero \u00b7 <em>El mundo por montera<\/em><\/td>\n<td>Real Maestranza<\/td>\n<td>Gala et grand format<\/td>\n<\/tr>\n<tr>\n<td><strong>11\u201313 septembre<\/strong><\/td>\n<td>Sara Baras \u00b7 <em>Infinita<\/em><\/td>\n<td>Teatro de la Maestranza<\/td>\n<td>Premi\u00e8re mondiale<\/td>\n<\/tr>\n<tr>\n<td><strong>13\u201314 septembre<\/strong><\/td>\n<td>Ana Morales \u00b7 <em>Rapsodia. Fantas\u00eda subterr\u00e1nea<\/em><\/td>\n<td>Real F\u00e1brica de Artiller\u00eda<\/td>\n<td>Premi\u00e8re mondiale<\/td>\n<\/tr>\n<tr>\n<td><strong>15 septembre<\/strong><\/td>\n<td>Hommage \u00e0 Isabel Bay\u00f3n \u00b7 <em>Ep\u00edlogo de un cante que se hizo baile<\/em><\/td>\n<td>Teatro Central<\/td>\n<td>M\u00e9moire et parcours<\/td>\n<\/tr>\n<tr>\n<td><strong>21 septembre<\/strong><\/td>\n<td>Olga Pericet \u00b7 <em>Perspectivas sobre un baile sonoro<\/em><\/td>\n<td>Teatro Central<\/td>\n<td>Premi\u00e8re mondiale<\/td>\n<\/tr>\n<tr>\n<td><strong>22 septembre<\/strong><\/td>\n<td>Manuel Li\u00f1\u00e1n \u00b7 <em>Bailaor@<\/em><\/td>\n<td>Teatro de la Maestranza<\/td>\n<td>Nuit unique<\/td>\n<\/tr>\n<tr>\n<td><strong>23 septembre<\/strong><\/td>\n<td>Juan Tom\u00e1s de la Mol\u00eda &amp; \u00c1gueda Saavedra \u00b7 <em>Te atrevo<\/em><\/td>\n<td>Teatro Central<\/td>\n<td>Nouvelle g\u00e9n\u00e9ration<\/td>\n<\/tr>\n<tr>\n<td><strong>23 septembre<\/strong><\/td>\n<td>Mar\u00eda Moreno \u00b7 <em>Trilog\u00eda. Al baile<\/em><\/td>\n<td>Real F\u00e1brica de Artiller\u00eda<\/td>\n<td>Premi\u00e8re mondiale<\/td>\n<\/tr>\n<tr>\n<td><strong>25 septembre<\/strong><\/td>\n<td>Andr\u00e9s Mar\u00edn \u00b7 <em>Desierto<\/em><\/td>\n<td>Teatro Central<\/td>\n<td>Premi\u00e8re mondiale<\/td>\n<\/tr>\n<tr>\n<td><strong>26 septembre<\/strong><\/td>\n<td>Israel Galv\u00e1n \u00b7 <em>Bolero de blanco y negro<\/em><\/td>\n<td>Teatro de la Maestranza<\/td>\n<td>Premi\u00e8re mondiale<\/td>\n<\/tr>\n<tr>\n<td><strong>26 septembre<\/strong><\/td>\n<td>Pastora Galv\u00e1n \u00b7 <em>TRIBUsssh!<\/em><\/td>\n<td>Teatro Alameda<\/td>\n<td>Premi\u00e8re mondiale<\/td>\n<\/tr>\n<tr>\n<td><strong>28 septembre<\/strong><\/td>\n<td>Farruquito \u00b7 <em>Ser\u00e1s Farruquito: el musical<\/em><\/td>\n<td>Teatro de la Maestranza<\/td>\n<td>Premi\u00e8re mondiale<\/td>\n<\/tr>\n<tr>\n<td><strong>29 septembre<\/strong><\/td>\n<td>David Coria \u00b7 <em>Babel. Torre viva<\/em><\/td>\n<td>Teatro Lope de Vega<\/td>\n<td>Premi\u00e8re espagnole<\/td>\n<\/tr>\n<tr>\n<td><strong>29 septembre<\/strong><\/td>\n<td>Sara Jim\u00e9nez \u00b7 <em>La compa\u00f1\u00eda<\/em><\/td>\n<td>Teatro Central<\/td>\n<td>Nouvelle g\u00e9n\u00e9ration<\/td>\n<\/tr>\n<tr>\n<td><strong>2 octobre<\/strong><\/td>\n<td>Alfonso Losa \u00b7 <em>Gesto m\u00ednimo<\/em><\/td>\n<td>Teatro Lope de Vega<\/td>\n<td>Premi\u00e8re mondiale<\/td>\n<\/tr>\n<tr>\n<td><strong>3 octobre<\/strong><\/td>\n<td>Rafaela Carrasco dans <em>Perlas a millares<\/em><\/td>\n<td>Teatro de la Maestranza<\/td>\n<td>Cl\u00f4ture<\/td>\n<\/tr>\n<\/tbody>\n<\/table>\n<\/div>\n<p><small>S\u00e9lection indicative de rendez-vous particuli\u00e8rement pertinents pour suivre la danse. D\u2019autres propositions de la Biennale int\u00e8grent \u00e9galement la danse dans des galas, rencontres et spectacles mixtes.<\/small><\/p>\n<\/div><\/div><\/div><\/div><\/div><\/div><\/div><\/section><section class=\"l-section wpb_row height_huge color_alternate with_shape\"><div class=\"l-section-shape type_zigzag pos_top hor_flip\" style=\"height:3vmin;\"><svg xmlns=\"http:\/\/www.w3.org\/2000\/svg\" viewBox=\"0 0 64 8\" preserveAspectRatio=\"none\" width=\"100%\" height=\"100%\">\r\n\t<path fill=\"currentColor\" d=\"M64 8 L0 8 L0 0 L20 7.9 L40 3 L48 5 L64 0 Z\"\/>\r\n<\/svg><\/div><div class=\"l-section-shape type_zigzag pos_bottom\" style=\"height:3vmin;\"><svg xmlns=\"http:\/\/www.w3.org\/2000\/svg\" viewBox=\"0 0 64 8\" preserveAspectRatio=\"none\" width=\"100%\" height=\"100%\">\r\n\t<path fill=\"currentColor\" d=\"M64 8 L0 8 L0 0 L20 7.9 L40 3 L48 5 L64 0 Z\"\/>\r\n<\/svg><\/div><div class=\"l-section-h i-cf\"><div class=\"g-cols vc_row via_flex valign_top type_default stacking_default\"><div class=\"vc_col-sm-6 wpb_column vc_column_container\"><div class=\"vc_column-inner\"><div class=\"wpb_wrapper\"><div class=\"wpb_text_column\"><div class=\"wpb_wrapper\"><h2 id=\"espacios-baile\">Les lieux changent la fa\u00e7on de regarder la danse<\/h2>\n<p>La danse est probablement la discipline de la Biennale o\u00f9 la relation entre corps et espace se per\u00e7oit le plus. Une grande compagnie au Teatro de la Maestranza n\u2019offre pas la m\u00eame exp\u00e9rience qu\u2019un travail de recherche au Teatro Central ou qu\u2019une pi\u00e8ce dans l\u2019architecture industrielle de la Real F\u00e1brica de Artiller\u00eda.<\/p>\n<p>Le <strong>Teatro de la Maestranza<\/strong> concentre plusieurs grands formats : Sara Baras, Manuel Li\u00f1\u00e1n, Israel Galv\u00e1n et Farruquito.<\/p>\n<\/div><\/div><\/div><\/div><\/div><div class=\"vc_col-sm-6 wpb_column vc_column_container\"><div class=\"vc_column-inner\"><div class=\"wpb_wrapper\"><div class=\"wpb_text_column\"><div class=\"wpb_wrapper\"><h3>Un parcours \u00e0 travers quatre sc\u00e8nes<\/h3>\n<p>Le <strong>Teatro Central<\/strong> fonctionne comme un laboratoire pour Olga Pericet, Juan Tom\u00e1s de la Mol\u00eda et \u00c1gueda Saavedra, Andr\u00e9s Mar\u00edn et Sara Jim\u00e9nez. La <strong>Real F\u00e1brica de Artiller\u00eda<\/strong> offre un cadre singulier \u00e0 Ana Morales et Mar\u00eda Moreno, tandis que le <strong>Teatro Lope de Vega<\/strong> accueille David Coria et Alfonso Losa.<\/p>\n<p>Cette r\u00e9partition permet de construire un parcours de danse sans r\u00e9p\u00e9ter la m\u00eame exp\u00e9rience sc\u00e9nique. Vous pouvez comparer les lieux dans <a href=\"https:\/\/www.tablaosflamencos.com\/espacios-espectaculares-bienal-flamenco-sevilla-2026.html\"><strong>les lieux les plus spectaculaires de la Biennale 2026<\/strong><\/a>.<\/p>\n<\/div><\/div><\/div><\/div><\/div><\/div><\/div><\/section><section class=\"l-section wpb_row height_huge\"><div class=\"l-section-h i-cf\"><div class=\"g-cols vc_row via_flex valign_top type_default stacking_default\"><div class=\"vc_col-sm-6 wpb_column vc_column_container\"><div class=\"vc_column-inner\"><div class=\"wpb_wrapper\"><div class=\"wpb_text_column\"><div class=\"wpb_wrapper\"><h2 id=\"elegir-baile\">Quel spectacle choisir selon le type de danse recherch\u00e9<\/h2>\n<h3>Si vous voulez une grande production<\/h3>\n<p>Commencez par <strong>Sara Baras<\/strong> ou <strong>Farruquito<\/strong>. Tous deux travaillent avec de grands formats, une dramaturgie, une sc\u00e9nographie et un langage pens\u00e9 pour les grands th\u00e9\u00e2tres. Le Ballet Flamenco de Andaluc\u00eda dans <em>El mundo por montera<\/em> permet \u00e9galement de voir un corps de ballet institutionnel dans une production exceptionnelle.<\/p>\n<h3>Si vous cherchez une danse d\u2019auteur<\/h3>\n<p><strong>Israel Galv\u00e1n, Andr\u00e9s Mar\u00edn, Ana Morales, Olga Pericet et David Coria<\/strong> offrent cinq voies tr\u00e8s diff\u00e9rentes pour voir comment le flamenco dialogue avec d\u2019autres musiques, dramaturgies, concepts et langages physiques.<\/p>\n<\/div><\/div><\/div><\/div><\/div><div class=\"vc_col-sm-6 wpb_column vc_column_container\"><div class=\"vc_column-inner\"><div class=\"wpb_wrapper\"><div class=\"wpb_text_column\"><div class=\"wpb_wrapper\"><h3>Si vous pr\u00e9f\u00e9rez le r\u00e9cital et une relation directe avec le flamenco<\/h3>\n<p><strong>Manuel Li\u00f1\u00e1n<\/strong> fait du r\u00e9cital le centre de sa proposition. <strong>Alfonso Losa<\/strong> peut \u00e9galement int\u00e9resser tout particuli\u00e8rement ceux qui recherchent l\u2019\u00e9pure chor\u00e9graphique et l\u2019attention port\u00e9e au geste.<\/p>\n<h3>Si vous voulez d\u00e9couvrir la nouvelle g\u00e9n\u00e9ration<\/h3>\n<p>R\u00e9servez une place \u00e0 <strong>Juan Tom\u00e1s de la Mol\u00eda et \u00c1gueda Saavedra<\/strong> et \u00e0 <strong>Sara Jim\u00e9nez<\/strong>.<\/p>\n<h3>Si vous voulez une Biennale \u00e9quilibr\u00e9e<\/h3>\n<p>Combinez au moins trois profils : une grande figure, un cr\u00e9ateur d\u2019auteur et une proposition jeune. Par exemple : Sara Baras ou Farruquito ; Israel Galv\u00e1n, Ana Morales ou Olga Pericet ; et <em>Te atrevo<\/em> ou <em>La compa\u00f1\u00eda<\/em>.<\/p>\n<p><a href=\"https:\/\/www.tablaosflamencos.com\/bienal-flamenco-2026-entradas-precios-descuentos.html\"><strong>Billets, prix et r\u00e9ductions<\/strong><\/a> \u00b7 <a href=\"https:\/\/www.tablaosflamencos.com\/cante-bienal-flamenco-sevilla-2026.html\"><strong>Le chant \u00e0 la Biennale 2026<\/strong><\/a> \u00b7 <a href=\"https:\/\/www.tablaosflamencos.com\/guitarra-bienal-flamenco-2026-espectaculos-imprescindibles.html\"><strong>La guitare \u00e0 la Biennale 2026<\/strong><\/a><\/p>\n<\/div><\/div><\/div><\/div><\/div><\/div><\/div><\/section><section class=\"l-section wpb_row height_huge color_alternate with_shape\"><div class=\"l-section-shape type_zigzag pos_top\" style=\"height:3vmin;\"><svg xmlns=\"http:\/\/www.w3.org\/2000\/svg\" viewBox=\"0 0 64 8\" preserveAspectRatio=\"none\" width=\"100%\" height=\"100%\">\r\n\t<path fill=\"currentColor\" d=\"M64 8 L0 8 L0 0 L20 7.9 L40 3 L48 5 L64 0 Z\"\/>\r\n<\/svg><\/div><div class=\"l-section-shape type_zigzag pos_bottom\" style=\"height:3vmin;\"><svg xmlns=\"http:\/\/www.w3.org\/2000\/svg\" viewBox=\"0 0 64 8\" preserveAspectRatio=\"none\" width=\"100%\" height=\"100%\">\r\n\t<path fill=\"currentColor\" d=\"M64 8 L0 8 L0 0 L20 7.9 L40 3 L48 5 L64 0 Z\"\/>\r\n<\/svg><\/div><div class=\"l-section-h i-cf\"><div class=\"g-cols vc_row via_flex valign_top type_default stacking_default\"><div class=\"vc_col-sm-1\/5 wpb_column vc_column_container\"><div class=\"vc_column-inner\"><div class=\"wpb_wrapper\"><\/div><\/div><\/div><div class=\"vc_col-sm-3\/5 wpb_column vc_column_container\"><div class=\"vc_column-inner\"><div class=\"wpb_wrapper\"><div class=\"wpb_text_column\"><div class=\"wpb_wrapper\"><h2 id=\"faq-baile\">Questions fr\u00e9quentes sur la danse \u00e0 la Biennale 2026<\/h2>\n<\/div><\/div><div class=\"w-separator size_medium\"><\/div><div class=\"w-tabs accordion toggle_style_1 has_scrolling\" style=\"--sections-title-size:inherit;--sections-gap:0.5rem;\"><div class=\"w-tabs-sections titles-align_none icon_plus cpos_left\"><div class=\"w-tabs-section\" id=\"l48d\" itemscope itemprop=\"mainEntity\" itemtype=\"https:\/\/schema.org\/Question\"><button type=\"button\" class=\"w-tabs-section-header\" aria-controls=\"content-l48d\" aria-expanded=\"false\"><h3 class=\"w-tabs-section-title\" itemprop=\"name\">Combien de danseurs et danseuses participent \u00e0 la Biennale 2026 ?<\/h3><div class=\"w-tabs-section-control\"><\/div><\/button><div  class=\"w-tabs-section-content\" id=\"content-l48d\" itemscope itemprop=\"acceptedAnswer\" itemtype=\"https:\/\/schema.org\/Answer\"><div class=\"w-tabs-section-content-h i-cf\" itemprop=\"text\"><div class=\"wpb_text_column\"><div class=\"wpb_wrapper\"><p>L\u2019organisation parle de <strong>plus d\u2019une centaine de danseurs et danseuses<\/strong> dans l\u2019ensemble de l\u2019\u00e9dition. Ce chiffre comprend des solistes, des compagnies, des corps de ballet et des artistes participant \u00e0 des galas et \u00e0 des spectacles mixtes.<\/p>\n<\/div><\/div><\/div><\/div><\/div><div class=\"w-tabs-section\" id=\"n5a2\" itemscope itemprop=\"mainEntity\" itemtype=\"https:\/\/schema.org\/Question\"><button type=\"button\" class=\"w-tabs-section-header\" aria-controls=\"content-n5a2\" aria-expanded=\"false\"><h3 class=\"w-tabs-section-title\" itemprop=\"name\">Quelles sont les grandes figures de la danse \u00e0 la Biennale 2026 ?<\/h3><div class=\"w-tabs-section-control\"><\/div><\/button><div  class=\"w-tabs-section-content\" id=\"content-n5a2\" itemscope itemprop=\"acceptedAnswer\" itemtype=\"https:\/\/schema.org\/Answer\"><div class=\"w-tabs-section-content-h i-cf\" itemprop=\"text\"><div class=\"wpb_text_column\"><div class=\"wpb_wrapper\"><p>Parmi les noms les plus importants figurent Sara Baras, Israel Galv\u00e1n, Manuel Li\u00f1\u00e1n, Farruquito, Andr\u00e9s Mar\u00edn, Olga Pericet, Ana Morales, Pastora Galv\u00e1n, David Coria, Alfonso Losa, Isabel Bay\u00f3n, Patricia Guerrero, Rafaela Carrasco et Mar\u00eda Moreno.<\/p>\n<\/div><\/div><\/div><\/div><\/div><div class=\"w-tabs-section\" id=\"i691\" itemscope itemprop=\"mainEntity\" itemtype=\"https:\/\/schema.org\/Question\"><button type=\"button\" class=\"w-tabs-section-header\" aria-controls=\"content-i691\" aria-expanded=\"false\"><h3 class=\"w-tabs-section-title\" itemprop=\"name\">Quels jeunes danseurs et danseuses se distinguent en 2026 ?<\/h3><div class=\"w-tabs-section-control\"><\/div><\/button><div  class=\"w-tabs-section-content\" id=\"content-i691\" itemscope itemprop=\"acceptedAnswer\" itemtype=\"https:\/\/schema.org\/Answer\"><div class=\"w-tabs-section-content-h i-cf\" itemprop=\"text\"><div class=\"wpb_text_column\"><div class=\"wpb_wrapper\"><p>La Biennale met particuli\u00e8rement en avant Juan Tom\u00e1s de la Mol\u00eda, \u00c1gueda Saavedra et Sara Jim\u00e9nez, qui assument un r\u00f4le de premier plan dans la programmation. De jeunes interpr\u00e8tes apparaissent aussi dans les compagnies et projets d\u2019artistes confirm\u00e9s.<\/p>\n<\/div><\/div><\/div><\/div><\/div><div class=\"w-tabs-section\" id=\"c776\" itemscope itemprop=\"mainEntity\" itemtype=\"https:\/\/schema.org\/Question\"><button type=\"button\" class=\"w-tabs-section-header\" aria-controls=\"content-c776\" aria-expanded=\"false\"><h3 class=\"w-tabs-section-title\" itemprop=\"name\">Quand Sara Baras se produit-elle ?<\/h3><div class=\"w-tabs-section-control\"><\/div><\/button><div  class=\"w-tabs-section-content\" id=\"content-c776\" itemscope itemprop=\"acceptedAnswer\" itemtype=\"https:\/\/schema.org\/Answer\"><div class=\"w-tabs-section-content-h i-cf\" itemprop=\"text\"><div class=\"wpb_text_column\"><div class=\"wpb_wrapper\"><p>Sara Baras pr\u00e9sente <em>Infinita<\/em> au Teatro de la Maestranza les 11, 12 et 13 septembre 2026. Il s\u2019agit d\u2019une premi\u00e8re mondiale et de son retour \u00e0 la Biennale apr\u00e8s quatorze ans.<\/p>\n<\/div><\/div><\/div><\/div><\/div><div class=\"w-tabs-section\" id=\"k848\" itemscope itemprop=\"mainEntity\" itemtype=\"https:\/\/schema.org\/Question\"><button type=\"button\" class=\"w-tabs-section-header\" aria-controls=\"content-k848\" aria-expanded=\"false\"><h3 class=\"w-tabs-section-title\" itemprop=\"name\">Quel spectacle pr\u00e9sente Israel Galv\u00e1n ?<\/h3><div class=\"w-tabs-section-control\"><\/div><\/button><div  class=\"w-tabs-section-content\" id=\"content-k848\" itemscope itemprop=\"acceptedAnswer\" itemtype=\"https:\/\/schema.org\/Answer\"><div class=\"w-tabs-section-content-h i-cf\" itemprop=\"text\"><div class=\"wpb_text_column\"><div class=\"wpb_wrapper\"><p>Israel Galv\u00e1n cr\u00e9e <em>Bolero de blanco y negro<\/em> le 26 septembre au Teatro de la Maestranza. L\u2019\u0153uvre dialogue avec la musique de Maurice Ravel et d\u2019autres bol\u00e9ros \u00e0 travers son langage chor\u00e9graphique.<\/p>\n<\/div><\/div><\/div><\/div><\/div><div class=\"w-tabs-section\" id=\"l93c\" itemscope itemprop=\"mainEntity\" itemtype=\"https:\/\/schema.org\/Question\"><button type=\"button\" class=\"w-tabs-section-header\" aria-controls=\"content-l93c\" aria-expanded=\"false\"><h3 class=\"w-tabs-section-title\" itemprop=\"name\">O\u00f9 se concentre la danse la plus exp\u00e9rimentale ?<\/h3><div class=\"w-tabs-section-control\"><\/div><\/button><div  class=\"w-tabs-section-content\" id=\"content-l93c\" itemscope itemprop=\"acceptedAnswer\" itemtype=\"https:\/\/schema.org\/Answer\"><div class=\"w-tabs-section-content-h i-cf\" itemprop=\"text\"><div class=\"wpb_text_column\"><div class=\"wpb_wrapper\"><p>Le Teatro Central r\u00e9unit plusieurs propositions particuli\u00e8rement tourn\u00e9es vers la recherche et la cr\u00e9ation contemporaine, avec Olga Pericet, Juan Tom\u00e1s de la Mol\u00eda et \u00c1gueda Saavedra, Andr\u00e9s Mar\u00edn et Sara Jim\u00e9nez, entre autres.<\/p>\n<\/div><\/div><\/div><\/div><\/div><div class=\"w-tabs-section\" id=\"da23\" itemscope itemprop=\"mainEntity\" itemtype=\"https:\/\/schema.org\/Question\"><button type=\"button\" class=\"w-tabs-section-header\" aria-controls=\"content-da23\" aria-expanded=\"false\"><h3 class=\"w-tabs-section-title\" itemprop=\"name\">Y a-t-il des spectacles de danse \u00e0 la Real F\u00e1brica de Artiller\u00eda ?<\/h3><div class=\"w-tabs-section-control\"><\/div><\/button><div  class=\"w-tabs-section-content\" id=\"content-da23\" itemscope itemprop=\"acceptedAnswer\" itemtype=\"https:\/\/schema.org\/Answer\"><div class=\"w-tabs-section-content-h i-cf\" itemprop=\"text\"><div class=\"wpb_text_column\"><div class=\"wpb_wrapper\"><p>Oui. Ana Morales y cr\u00e9e <em>Rapsodia. Fantas\u00eda subterr\u00e1nea<\/em> les 13 et 14 septembre, et Mar\u00eda Moreno participe le 23 septembre \u00e0 <em>Trilog\u00eda. Al baile<\/em> avec Pablo Mart\u00edn Caminero.<\/p>\n<\/div><\/div><\/div><\/div><\/div><div class=\"w-tabs-section\" id=\"rb08\" itemscope itemprop=\"mainEntity\" itemtype=\"https:\/\/schema.org\/Question\"><button type=\"button\" class=\"w-tabs-section-header\" aria-controls=\"content-rb08\" aria-expanded=\"false\"><h3 class=\"w-tabs-section-title\" itemprop=\"name\">Quelle est une bonne option pour d\u00e9couvrir la nouvelle g\u00e9n\u00e9ration ?<\/h3><div class=\"w-tabs-section-control\"><\/div><\/button><div  class=\"w-tabs-section-content\" id=\"content-rb08\" itemscope itemprop=\"acceptedAnswer\" itemtype=\"https:\/\/schema.org\/Answer\"><div class=\"w-tabs-section-content-h i-cf\" itemprop=\"text\"><div class=\"wpb_text_column\"><div class=\"wpb_wrapper\"><p><em>Te atrevo<\/em>, de Juan Tom\u00e1s de la Mol\u00eda et \u00c1gueda Saavedra, le 23 septembre, et <em>La compa\u00f1\u00eda<\/em>, de Sara Jim\u00e9nez, le 29 septembre, sont deux des rendez-vous les plus clairs pour suivre les nouveaux cr\u00e9ateurs.<\/p>\n<\/div><\/div><\/div><\/div><\/div><div class=\"w-tabs-section\" id=\"wbf5\" itemscope itemprop=\"mainEntity\" itemtype=\"https:\/\/schema.org\/Question\"><button type=\"button\" class=\"w-tabs-section-header\" aria-controls=\"content-wbf5\" aria-expanded=\"false\"><h3 class=\"w-tabs-section-title\" itemprop=\"name\">O\u00f9 voir les prix et acheter les billets ?<\/h3><div class=\"w-tabs-section-control\"><\/div><\/button><div  class=\"w-tabs-section-content\" id=\"content-wbf5\" itemscope itemprop=\"acceptedAnswer\" itemtype=\"https:\/\/schema.org\/Answer\"><div class=\"w-tabs-section-content-h i-cf\" itemprop=\"text\"><div class=\"wpb_text_column\"><div class=\"wpb_wrapper\"><p>La vente s\u2019effectue par les canaux officiels indiqu\u00e9s dans chaque fiche de la Biennale. Vous pouvez \u00e9galement consulter notre <a href=\"https:\/\/www.tablaosflamencos.com\/bienal-flamenco-2026-entradas-precios-descuentos.html\"><strong>guide des billets, prix et r\u00e9ductions de la Biennale 2026<\/strong><\/a>.<\/p>\n<\/div><\/div><\/div><\/div><\/div><\/div><\/div><\/div><\/div><\/div><div class=\"vc_col-sm-1\/5 wpb_column vc_column_container\"><div class=\"vc_column-inner\"><div class=\"wpb_wrapper\"><\/div><\/div><\/div><\/div><\/div><\/section><section class=\"l-section wpb_row height_huge\"><div class=\"l-section-h i-cf\"><div class=\"g-cols vc_row via_flex valign_top type_default stacking_default\"><div class=\"vc_col-sm-6 wpb_column vc_column_container\"><div class=\"vc_column-inner\"><div class=\"wpb_wrapper\"><div class=\"wpb_text_column\"><div class=\"wpb_wrapper\"><h2>De l\u2019h\u00e9ritage \u00e0 l\u2019avenir : une Biennale qui s\u2019explique en dansant<\/h2>\n<p>La danse de la Biennale 2026 ne fonctionne pas comme un bloc ind\u00e9pendant du reste du festival. Elle est reli\u00e9e au chant, \u00e0 la guitare, \u00e0 la m\u00e9moire, aux lieux et \u00e0 l\u2019\u00e9volution du flamenco lui-m\u00eame comme art sc\u00e9nique.<\/p>\n<p>Les grandes figures montrent jusqu\u2019o\u00f9 peut aller une carri\u00e8re m\u00fbre. Les cr\u00e9ateurs confirm\u00e9s prouvent qu\u2019il existe de nombreuses fa\u00e7ons d\u2019explorer sans rompre avec les racines. Et la jeune g\u00e9n\u00e9ration commence \u00e0 occuper un espace o\u00f9 bien ex\u00e9cuter ne suffit plus : <strong>il faut proposer, diriger, signer et construire son propre regard<\/strong>.<\/p>\n<\/div><\/div><\/div><\/div><\/div><div class=\"vc_col-sm-6 wpb_column vc_column_container\"><div class=\"vc_column-inner\"><div class=\"wpb_wrapper\"><div class=\"wpb_text_column\"><div class=\"wpb_wrapper\"><h3>Une lecture physique du passage de g\u00e9n\u00e9ration<\/h3>\n<p>Ce dialogue entre autorit\u00e9 et rel\u00e8ve fait de la danse l\u2019une des meilleures portes d\u2019entr\u00e9e pour comprendre la XXIVe Biennale de Flamenco de S\u00e9ville.<\/p>\n<p>Si le chant permet d\u2019entendre la transmission et la guitare d\u2019observer comment \u00e9volue le jeu, la danse permet de la voir physiquement : <strong>le pass\u00e9, le pr\u00e9sent et l\u2019avenir partageant la m\u00eame sc\u00e8ne<\/strong>.<\/p>\n<\/div><\/div><\/div><\/div><\/div><\/div><\/div><\/section><section class=\"l-section wpb_row height_huge color_alternate with_shape\"><div class=\"l-section-shape type_zigzag pos_top\" style=\"height:3vmin;\"><svg xmlns=\"http:\/\/www.w3.org\/2000\/svg\" viewBox=\"0 0 64 8\" preserveAspectRatio=\"none\" width=\"100%\" height=\"100%\">\r\n\t<path fill=\"currentColor\" d=\"M64 8 L0 8 L0 0 L20 7.9 L40 3 L48 5 L64 0 Z\"\/>\r\n<\/svg><\/div><div class=\"l-section-shape type_zigzag pos_bottom\" style=\"height:3vmin;\"><svg xmlns=\"http:\/\/www.w3.org\/2000\/svg\" viewBox=\"0 0 64 8\" preserveAspectRatio=\"none\" width=\"100%\" height=\"100%\">\r\n\t<path fill=\"currentColor\" d=\"M64 8 L0 8 L0 0 L20 7.9 L40 3 L48 5 L64 0 Z\"\/>\r\n<\/svg><\/div><div class=\"l-section-h i-cf\"><div class=\"g-cols vc_row via_flex valign_top type_default stacking_default\"><div class=\"vc_col-sm-12 wpb_column vc_column_container\"><div class=\"vc_column-inner\"><div class=\"wpb_wrapper\"><div class=\"wpb_text_column\"><div class=\"wpb_wrapper\"><h2>Sources et mise \u00e0 jour<\/h2>\n<p>Informations v\u00e9rifi\u00e9es avec la <a href=\"https:\/\/www.labienal.com\/programa-general\" target=\"_blank\" rel=\"noopener\"><strong>programmation officielle de la XXIVe Biennale de Flamenco de S\u00e9ville<\/strong><\/a>, les fiches des spectacles et les informations officielles publi\u00e9es par la Biennale sur la danse et la cr\u00e9ation chor\u00e9graphique en 2026.<\/p>\n<p>Donn\u00e9es v\u00e9rifi\u00e9es le <strong>3 septembre 2026<\/strong>. L\u2019organisation peut modifier les horaires, la disponibilit\u00e9, les distributions ou certains d\u00e9tails de production.<\/p>\n<\/div><\/div><\/div><\/div><\/div><\/div><\/div><\/section>\n","protected":false},"excerpt":{"rendered":"<p>Guide de la danse \u00e0 la Biennale de Flamenco de S\u00e9ville 2026 : grandes figures, nouveaux talents, premi\u00e8res, lieux et dates cl\u00e9s pour suivre la danse pendant le festival.<\/p>\n","protected":false},"author":1,"featured_media":14270,"comment_status":"closed","ping_status":"closed","sticky":false,"template":"","format":"standard","meta":{"_acf_changed":false,"wpai_generated_summary":"","_ayudawp_aiss_exclude":false,"_ayudawp_aiss_exclude_summary":false,"_ayudawp_aiss_summary":"","_ayudawp_aiss_summary_provider":"","_ayudawp_aiss_summary_hash":"","footnotes":""},"categories":[1428],"tags":[1862,1238,1239,1240,1395,1241,1155,1868,1242],"class_list":["post-14277","post","type-post","status-publish","format-standard","has-post-thumbnail","hentry","category-biennale-de-flamenco","tag-activites-a-seville","tag-agenda-flamenca","tag-bienal-2026","tag-bienal-de-flamenco","tag-danse-flamenca","tag-festivales-flamencos","tag-flamenco-en-sevilla","tag-que-voir-a-seville","tag-sevilla"],"acf":[],"yoast_head":"<!-- This site is optimized with the Yoast SEO Premium plugin v28.4 (Yoast SEO v28.4) - https:\/\/yoast.com\/product\/yoast-seo-premium-wordpress\/ -->\n<title>Danse \u00e0 la Biennale de Flamenco 2026 : figures et nouvelle g\u00e9n\u00e9ration<\/title>\n<meta name=\"description\" content=\"Guide de la danse \u00e0 la Biennale de Flamenco de S\u00e9ville 2026 : Sara Baras, Israel Galv\u00e1n, Manuel Li\u00f1\u00e1n, Farruquito, nouveaux talents, premi\u00e8res et dates cl\u00e9s.\" \/>\n<meta name=\"robots\" content=\"index, follow, max-snippet:-1, max-image-preview:large, max-video-preview:-1\" \/>\n<link rel=\"canonical\" href=\"https:\/\/www.tablaosflamencos.com\/fr\/danse-biennale-flamenco-seville-2026.html\" \/>\n<meta property=\"og:locale\" content=\"fr_FR\" \/>\n<meta property=\"og:type\" content=\"article\" \/>\n<meta property=\"og:title\" content=\"La danse \u00e0 la Biennale 2026 : des grandes figures \u00e0 la nouvelle g\u00e9n\u00e9ration\" \/>\n<meta property=\"og:description\" content=\"Guide de la danse \u00e0 la Biennale de Flamenco de S\u00e9ville 2026 : Sara Baras, Israel Galv\u00e1n, Manuel Li\u00f1\u00e1n, Farruquito, nouveaux talents, premi\u00e8res et dates cl\u00e9s.\" \/>\n<meta property=\"og:url\" content=\"https:\/\/www.tablaosflamencos.com\/fr\/danse-biennale-flamenco-seville-2026.html\" \/>\n<meta property=\"og:site_name\" content=\"Tablaos Flamencos\" \/>\n<meta property=\"article:publisher\" content=\"https:\/\/www.facebook.com\/tablaosflamencos\" \/>\n<meta property=\"article:published_time\" content=\"2026-09-03T21:17:01+00:00\" \/>\n<meta property=\"article:modified_time\" content=\"2026-09-03T21:56:43+00:00\" \/>\n<meta property=\"og:image\" content=\"https:\/\/www.tablaosflamencos.com\/wp-content\/uploads\/el-baile-en-la-bienal-2026-de-las-grandes-figuras-a-la-nueva-generacion-01.webp\" \/>\n\t<meta property=\"og:image:width\" content=\"1672\" \/>\n\t<meta property=\"og:image:height\" content=\"941\" \/>\n\t<meta property=\"og:image:type\" content=\"image\/webp\" \/>\n<meta name=\"author\" content=\"Miguel Ortiz\" \/>\n<meta name=\"twitter:card\" content=\"summary_large_image\" \/>\n<meta name=\"twitter:creator\" content=\"@tablaosflamenco\" \/>\n<meta name=\"twitter:site\" content=\"@tablaosflamenco\" \/>\n<meta name=\"twitter:label1\" content=\"\u00c9crit par\" \/>\n\t<meta name=\"twitter:data1\" content=\"Miguel Ortiz\" \/>\n\t<meta name=\"twitter:label2\" content=\"Dur\u00e9e de lecture estim\u00e9e\" \/>\n\t<meta name=\"twitter:data2\" content=\"20 minutes\" \/>\n<script type=\"application\/ld+json\" class=\"yoast-schema-graph\">{\"@context\":\"https:\\\/\\\/schema.org\",\"@graph\":[{\"@type\":\"Article\",\"@id\":\"https:\\\/\\\/www.tablaosflamencos.com\\\/fr\\\/danse-biennale-flamenco-seville-2026.html#article\",\"isPartOf\":{\"@id\":\"https:\\\/\\\/www.tablaosflamencos.com\\\/fr\\\/danse-biennale-flamenco-seville-2026.html\"},\"author\":{\"name\":\"Miguel Ortiz\",\"@id\":\"https:\\\/\\\/www.tablaosflamencos.com\\\/fr#\\\/schema\\\/person\\\/e7a9ebe14eb75a52ceabfbffb3c54f5d\"},\"headline\":\"La danse \u00e0 la Biennale 2026 : des grandes figures \u00e0 la nouvelle g\u00e9n\u00e9ration\",\"datePublished\":\"2026-09-03T21:17:01+00:00\",\"dateModified\":\"2026-09-03T21:56:43+00:00\",\"mainEntityOfPage\":{\"@id\":\"https:\\\/\\\/www.tablaosflamencos.com\\\/fr\\\/danse-biennale-flamenco-seville-2026.html\"},\"wordCount\":4107,\"publisher\":{\"@id\":\"https:\\\/\\\/www.tablaosflamencos.com\\\/fr#organization\"},\"image\":{\"@id\":\"https:\\\/\\\/www.tablaosflamencos.com\\\/fr\\\/danse-biennale-flamenco-seville-2026.html#primaryimage\"},\"thumbnailUrl\":\"https:\\\/\\\/www.tablaosflamencos.com\\\/wp-content\\\/uploads\\\/el-baile-en-la-bienal-2026-de-las-grandes-figuras-a-la-nueva-generacion-01.webp\",\"keywords\":[\"activit\u00e9s \u00e0 S\u00e9ville\",\"agenda flamenca\",\"Bienal 2026\",\"Bienal de Flamenco\",\"danse flamenca\",\"festivales flamencos\",\"flamenco en Sevilla\",\"que voir \u00e0 S\u00e9ville\",\"sevilla\"],\"articleSection\":[\"Biennale de Flamenco\"],\"inLanguage\":\"fr-FR\"},{\"@type\":\"WebPage\",\"@id\":\"https:\\\/\\\/www.tablaosflamencos.com\\\/fr\\\/danse-biennale-flamenco-seville-2026.html\",\"url\":\"https:\\\/\\\/www.tablaosflamencos.com\\\/fr\\\/danse-biennale-flamenco-seville-2026.html\",\"name\":\"Danse \u00e0 la Biennale de Flamenco 2026 : figures et nouvelle g\u00e9n\u00e9ration\",\"isPartOf\":{\"@id\":\"https:\\\/\\\/www.tablaosflamencos.com\\\/fr#website\"},\"primaryImageOfPage\":{\"@id\":\"https:\\\/\\\/www.tablaosflamencos.com\\\/fr\\\/danse-biennale-flamenco-seville-2026.html#primaryimage\"},\"image\":{\"@id\":\"https:\\\/\\\/www.tablaosflamencos.com\\\/fr\\\/danse-biennale-flamenco-seville-2026.html#primaryimage\"},\"thumbnailUrl\":\"https:\\\/\\\/www.tablaosflamencos.com\\\/wp-content\\\/uploads\\\/el-baile-en-la-bienal-2026-de-las-grandes-figuras-a-la-nueva-generacion-01.webp\",\"datePublished\":\"2026-09-03T21:17:01+00:00\",\"dateModified\":\"2026-09-03T21:56:43+00:00\",\"description\":\"Guide de la danse \u00e0 la Biennale de Flamenco de S\u00e9ville 2026 : Sara Baras, Israel Galv\u00e1n, Manuel Li\u00f1\u00e1n, Farruquito, nouveaux talents, premi\u00e8res et dates cl\u00e9s.\",\"breadcrumb\":{\"@id\":\"https:\\\/\\\/www.tablaosflamencos.com\\\/fr\\\/danse-biennale-flamenco-seville-2026.html#breadcrumb\"},\"inLanguage\":\"fr-FR\",\"potentialAction\":[{\"@type\":\"ReadAction\",\"target\":[\"https:\\\/\\\/www.tablaosflamencos.com\\\/fr\\\/danse-biennale-flamenco-seville-2026.html\"]}]},{\"@type\":\"ImageObject\",\"inLanguage\":\"fr-FR\",\"@id\":\"https:\\\/\\\/www.tablaosflamencos.com\\\/fr\\\/danse-biennale-flamenco-seville-2026.html#primaryimage\",\"url\":\"https:\\\/\\\/www.tablaosflamencos.com\\\/wp-content\\\/uploads\\\/el-baile-en-la-bienal-2026-de-las-grandes-figuras-a-la-nueva-generacion-01.webp\",\"contentUrl\":\"https:\\\/\\\/www.tablaosflamencos.com\\\/wp-content\\\/uploads\\\/el-baile-en-la-bienal-2026-de-las-grandes-figuras-a-la-nueva-generacion-01.webp\",\"width\":1672,\"height\":941,\"caption\":\"El baile en la Bienal 2026: de las grandes figuras a la nueva generaci\u00f3n\"},{\"@type\":\"BreadcrumbList\",\"@id\":\"https:\\\/\\\/www.tablaosflamencos.com\\\/fr\\\/danse-biennale-flamenco-seville-2026.html#breadcrumb\",\"itemListElement\":[{\"@type\":\"ListItem\",\"position\":1,\"name\":\"Home\",\"item\":\"https:\\\/\\\/www.tablaosflamencos.com\\\/fr\"},{\"@type\":\"ListItem\",\"position\":2,\"name\":\"La danse \u00e0 la Biennale 2026 : des grandes figures \u00e0 la nouvelle g\u00e9n\u00e9ration\"}]},{\"@type\":\"WebSite\",\"@id\":\"https:\\\/\\\/www.tablaosflamencos.com\\\/fr#website\",\"url\":\"https:\\\/\\\/www.tablaosflamencos.com\\\/fr\",\"name\":\"Tablaos Flamencos\",\"description\":\"Entradas para tablaos flamencos de Espa\u00f1a\",\"publisher\":{\"@id\":\"https:\\\/\\\/www.tablaosflamencos.com\\\/fr#organization\"},\"alternateName\":\"Tablaos Flamencos\",\"potentialAction\":[{\"@type\":\"SearchAction\",\"target\":{\"@type\":\"EntryPoint\",\"urlTemplate\":\"https:\\\/\\\/www.tablaosflamencos.com\\\/fr?s={search_term_string}\"},\"query-input\":{\"@type\":\"PropertyValueSpecification\",\"valueRequired\":true,\"valueName\":\"search_term_string\"}}],\"inLanguage\":\"fr-FR\"},{\"@type\":[\"Organization\",\"Place\",\"EntertainmentBusiness\"],\"@id\":\"https:\\\/\\\/www.tablaosflamencos.com\\\/fr#organization\",\"name\":\"Tablaos Flamencos\",\"alternateName\":\"Tablaos Flamencos\",\"url\":\"https:\\\/\\\/www.tablaosflamencos.com\\\/fr\",\"logo\":{\"@id\":\"https:\\\/\\\/www.tablaosflamencos.com\\\/fr\\\/danse-biennale-flamenco-seville-2026.html#local-main-organization-logo\"},\"image\":{\"@id\":\"https:\\\/\\\/www.tablaosflamencos.com\\\/fr\\\/danse-biennale-flamenco-seville-2026.html#local-main-organization-logo\"},\"sameAs\":[\"https:\\\/\\\/www.facebook.com\\\/tablaosflamencos\",\"https:\\\/\\\/x.com\\\/tablaosflamenco\",\"https:\\\/\\\/mastodon.social\\\/@tablaosflamencos\",\"https:\\\/\\\/www.instagram.com\\\/tablaosflamencos\",\"https:\\\/\\\/tiktok.com\\\/@tablaosflamencos\",\"https:\\\/\\\/www.linkedin.com\\\/company\\\/109408238\\\/\"],\"description\":\"Venta de entradas para espect\u00e1culos flamencos\",\"legalName\":\"Tablaos Flamencos\",\"foundingDate\":\"2015-01-01\",\"numberOfEmployees\":{\"@type\":\"QuantitativeValue\",\"minValue\":\"1\",\"maxValue\":\"10\"},\"address\":{\"@id\":\"https:\\\/\\\/www.tablaosflamencos.com\\\/fr\\\/danse-biennale-flamenco-seville-2026.html#local-main-place-address\"},\"geo\":{\"@type\":\"GeoCoordinates\",\"latitude\":\"37.3868072\",\"longitude\":\"-5.993280299999999\"},\"telephone\":[\"+34623787787\"],\"contactPoint\":{\"@type\":\"ContactPoint\",\"telephone\":\"+34623787787\",\"email\":\"info@tablaosflamencos.com\"},\"openingHoursSpecification\":{\"@type\":\"OpeningHoursSpecification\",\"dayOfWeek\":[\"Monday\",\"Tuesday\",\"Wednesday\",\"Thursday\",\"Friday\",\"Saturday\",\"Sunday\"],\"opens\":\"00:00\",\"closes\":\"23:59\"},\"email\":\"info@tablaosflamencos.com\",\"priceRange\":\"$$$\",\"currenciesAccepted\":\"\u20ac\"},{\"@type\":\"Person\",\"@id\":\"https:\\\/\\\/www.tablaosflamencos.com\\\/fr#\\\/schema\\\/person\\\/e7a9ebe14eb75a52ceabfbffb3c54f5d\",\"name\":\"Miguel Ortiz\",\"description\":\"Miguel Ortiz es un empresario flamenco, con una s\u00f3lida trayectoria dentro del sector. Ha presidido entidades culturales vinculadas al flamenco y, cuenta con un amplio recorrido profesional en la gesti\u00f3n y promoci\u00f3n de espect\u00e1culos y tablaos flamencos. Su pasi\u00f3n por la historia y el arte flamenco se refleja en cada art\u00edculo, donde combina experiencia, criterio y un profundo respeto por la tradici\u00f3n.\",\"sameAs\":[\"https:\\\/\\\/www.tablaosflamencos.com\",\"https:\\\/\\\/www.instagra.com\\\/miguelortizfe\",\"https:\\\/\\\/www.linkedin.com\\\/in\\\/miguelortizf\\\/\"],\"birthDate\":\"1984-11-22\",\"gender\":\"hombre\",\"knowsLanguage\":[\"espa\u00f1ol\",\"ingl\u00e9s\"],\"jobTitle\":\"Empresario flamenco\"},{\"@type\":\"PostalAddress\",\"@id\":\"https:\\\/\\\/www.tablaosflamencos.com\\\/fr\\\/danse-biennale-flamenco-seville-2026.html#local-main-place-address\",\"streetAddress\":\"C\\\/ Alemanes, 19\",\"addressLocality\":\"Sevilla\",\"postalCode\":\"41004\",\"addressRegion\":\"Sevilla\",\"addressCountry\":\"ES\"},{\"@type\":\"ImageObject\",\"inLanguage\":\"fr-FR\",\"@id\":\"https:\\\/\\\/www.tablaosflamencos.com\\\/fr\\\/danse-biennale-flamenco-seville-2026.html#local-main-organization-logo\",\"url\":\"https:\\\/\\\/www.tablaosflamencos.com\\\/wp-content\\\/uploads\\\/tablaos-flamencos-06-3.webp\",\"contentUrl\":\"https:\\\/\\\/www.tablaosflamencos.com\\\/wp-content\\\/uploads\\\/tablaos-flamencos-06-3.webp\",\"width\":600,\"height\":620,\"caption\":\"Tablaos Flamencos\"}]}<\/script>\n<meta name=\"geo.placename\" content=\"Sevilla\" \/>\n<meta name=\"geo.position\" content=\"37.3868072;-5.993280299999999\" \/>\n<meta name=\"geo.region\" content=\"Espagne\" \/>\n<!-- \/ Yoast SEO Premium plugin. -->","yoast_head_json":{"title":"Danse \u00e0 la Biennale de Flamenco 2026 : figures et nouvelle g\u00e9n\u00e9ration","description":"Guide de la danse \u00e0 la Biennale de Flamenco de S\u00e9ville 2026 : Sara Baras, Israel Galv\u00e1n, Manuel Li\u00f1\u00e1n, Farruquito, nouveaux talents, premi\u00e8res et dates cl\u00e9s.","robots":{"index":"index","follow":"follow","max-snippet":"max-snippet:-1","max-image-preview":"max-image-preview:large","max-video-preview":"max-video-preview:-1"},"canonical":"https:\/\/www.tablaosflamencos.com\/fr\/danse-biennale-flamenco-seville-2026.html","og_locale":"fr_FR","og_type":"article","og_title":"La danse \u00e0 la Biennale 2026 : des grandes figures \u00e0 la nouvelle g\u00e9n\u00e9ration","og_description":"Guide de la danse \u00e0 la Biennale de Flamenco de S\u00e9ville 2026 : Sara Baras, Israel Galv\u00e1n, Manuel Li\u00f1\u00e1n, Farruquito, nouveaux talents, premi\u00e8res et dates cl\u00e9s.","og_url":"https:\/\/www.tablaosflamencos.com\/fr\/danse-biennale-flamenco-seville-2026.html","og_site_name":"Tablaos Flamencos","article_publisher":"https:\/\/www.facebook.com\/tablaosflamencos","article_published_time":"2026-09-03T21:17:01+00:00","article_modified_time":"2026-09-03T21:56:43+00:00","og_image":[{"width":1672,"height":941,"url":"https:\/\/www.tablaosflamencos.com\/wp-content\/uploads\/el-baile-en-la-bienal-2026-de-las-grandes-figuras-a-la-nueva-generacion-01.webp","type":"image\/webp"}],"author":"Miguel Ortiz","twitter_card":"summary_large_image","twitter_creator":"@tablaosflamenco","twitter_site":"@tablaosflamenco","twitter_misc":{"\u00c9crit par":"Miguel Ortiz","Dur\u00e9e de lecture estim\u00e9e":"20 minutes"},"schema":{"@context":"https:\/\/schema.org","@graph":[{"@type":"Article","@id":"https:\/\/www.tablaosflamencos.com\/fr\/danse-biennale-flamenco-seville-2026.html#article","isPartOf":{"@id":"https:\/\/www.tablaosflamencos.com\/fr\/danse-biennale-flamenco-seville-2026.html"},"author":{"name":"Miguel Ortiz","@id":"https:\/\/www.tablaosflamencos.com\/fr#\/schema\/person\/e7a9ebe14eb75a52ceabfbffb3c54f5d"},"headline":"La danse \u00e0 la Biennale 2026 : des grandes figures \u00e0 la nouvelle g\u00e9n\u00e9ration","datePublished":"2026-09-03T21:17:01+00:00","dateModified":"2026-09-03T21:56:43+00:00","mainEntityOfPage":{"@id":"https:\/\/www.tablaosflamencos.com\/fr\/danse-biennale-flamenco-seville-2026.html"},"wordCount":4107,"publisher":{"@id":"https:\/\/www.tablaosflamencos.com\/fr#organization"},"image":{"@id":"https:\/\/www.tablaosflamencos.com\/fr\/danse-biennale-flamenco-seville-2026.html#primaryimage"},"thumbnailUrl":"https:\/\/www.tablaosflamencos.com\/wp-content\/uploads\/el-baile-en-la-bienal-2026-de-las-grandes-figuras-a-la-nueva-generacion-01.webp","keywords":["activit\u00e9s \u00e0 S\u00e9ville","agenda flamenca","Bienal 2026","Bienal de Flamenco","danse flamenca","festivales flamencos","flamenco en Sevilla","que voir \u00e0 S\u00e9ville","sevilla"],"articleSection":["Biennale de Flamenco"],"inLanguage":"fr-FR"},{"@type":"WebPage","@id":"https:\/\/www.tablaosflamencos.com\/fr\/danse-biennale-flamenco-seville-2026.html","url":"https:\/\/www.tablaosflamencos.com\/fr\/danse-biennale-flamenco-seville-2026.html","name":"Danse \u00e0 la Biennale de Flamenco 2026 : figures et nouvelle g\u00e9n\u00e9ration","isPartOf":{"@id":"https:\/\/www.tablaosflamencos.com\/fr#website"},"primaryImageOfPage":{"@id":"https:\/\/www.tablaosflamencos.com\/fr\/danse-biennale-flamenco-seville-2026.html#primaryimage"},"image":{"@id":"https:\/\/www.tablaosflamencos.com\/fr\/danse-biennale-flamenco-seville-2026.html#primaryimage"},"thumbnailUrl":"https:\/\/www.tablaosflamencos.com\/wp-content\/uploads\/el-baile-en-la-bienal-2026-de-las-grandes-figuras-a-la-nueva-generacion-01.webp","datePublished":"2026-09-03T21:17:01+00:00","dateModified":"2026-09-03T21:56:43+00:00","description":"Guide de la danse \u00e0 la Biennale de Flamenco de S\u00e9ville 2026 : Sara Baras, Israel Galv\u00e1n, Manuel Li\u00f1\u00e1n, Farruquito, nouveaux talents, premi\u00e8res et dates cl\u00e9s.","breadcrumb":{"@id":"https:\/\/www.tablaosflamencos.com\/fr\/danse-biennale-flamenco-seville-2026.html#breadcrumb"},"inLanguage":"fr-FR","potentialAction":[{"@type":"ReadAction","target":["https:\/\/www.tablaosflamencos.com\/fr\/danse-biennale-flamenco-seville-2026.html"]}]},{"@type":"ImageObject","inLanguage":"fr-FR","@id":"https:\/\/www.tablaosflamencos.com\/fr\/danse-biennale-flamenco-seville-2026.html#primaryimage","url":"https:\/\/www.tablaosflamencos.com\/wp-content\/uploads\/el-baile-en-la-bienal-2026-de-las-grandes-figuras-a-la-nueva-generacion-01.webp","contentUrl":"https:\/\/www.tablaosflamencos.com\/wp-content\/uploads\/el-baile-en-la-bienal-2026-de-las-grandes-figuras-a-la-nueva-generacion-01.webp","width":1672,"height":941,"caption":"El baile en la Bienal 2026: de las grandes figuras a la nueva generaci\u00f3n"},{"@type":"BreadcrumbList","@id":"https:\/\/www.tablaosflamencos.com\/fr\/danse-biennale-flamenco-seville-2026.html#breadcrumb","itemListElement":[{"@type":"ListItem","position":1,"name":"Home","item":"https:\/\/www.tablaosflamencos.com\/fr"},{"@type":"ListItem","position":2,"name":"La danse \u00e0 la Biennale 2026 : des grandes figures \u00e0 la nouvelle g\u00e9n\u00e9ration"}]},{"@type":"WebSite","@id":"https:\/\/www.tablaosflamencos.com\/fr#website","url":"https:\/\/www.tablaosflamencos.com\/fr","name":"Tablaos Flamencos","description":"Entradas para tablaos flamencos de Espa\u00f1a","publisher":{"@id":"https:\/\/www.tablaosflamencos.com\/fr#organization"},"alternateName":"Tablaos Flamencos","potentialAction":[{"@type":"SearchAction","target":{"@type":"EntryPoint","urlTemplate":"https:\/\/www.tablaosflamencos.com\/fr?s={search_term_string}"},"query-input":{"@type":"PropertyValueSpecification","valueRequired":true,"valueName":"search_term_string"}}],"inLanguage":"fr-FR"},{"@type":["Organization","Place","EntertainmentBusiness"],"@id":"https:\/\/www.tablaosflamencos.com\/fr#organization","name":"Tablaos Flamencos","alternateName":"Tablaos Flamencos","url":"https:\/\/www.tablaosflamencos.com\/fr","logo":{"@id":"https:\/\/www.tablaosflamencos.com\/fr\/danse-biennale-flamenco-seville-2026.html#local-main-organization-logo"},"image":{"@id":"https:\/\/www.tablaosflamencos.com\/fr\/danse-biennale-flamenco-seville-2026.html#local-main-organization-logo"},"sameAs":["https:\/\/www.facebook.com\/tablaosflamencos","https:\/\/x.com\/tablaosflamenco","https:\/\/mastodon.social\/@tablaosflamencos","https:\/\/www.instagram.com\/tablaosflamencos","https:\/\/tiktok.com\/@tablaosflamencos","https:\/\/www.linkedin.com\/company\/109408238\/"],"description":"Venta de entradas para espect\u00e1culos flamencos","legalName":"Tablaos Flamencos","foundingDate":"2015-01-01","numberOfEmployees":{"@type":"QuantitativeValue","minValue":"1","maxValue":"10"},"address":{"@id":"https:\/\/www.tablaosflamencos.com\/fr\/danse-biennale-flamenco-seville-2026.html#local-main-place-address"},"geo":{"@type":"GeoCoordinates","latitude":"37.3868072","longitude":"-5.993280299999999"},"telephone":["+34623787787"],"contactPoint":{"@type":"ContactPoint","telephone":"+34623787787","email":"info@tablaosflamencos.com"},"openingHoursSpecification":{"@type":"OpeningHoursSpecification","dayOfWeek":["Monday","Tuesday","Wednesday","Thursday","Friday","Saturday","Sunday"],"opens":"00:00","closes":"23:59"},"email":"info@tablaosflamencos.com","priceRange":"$$$","currenciesAccepted":"\u20ac"},{"@type":"Person","@id":"https:\/\/www.tablaosflamencos.com\/fr#\/schema\/person\/e7a9ebe14eb75a52ceabfbffb3c54f5d","name":"Miguel Ortiz","description":"Miguel Ortiz es un empresario flamenco, con una s\u00f3lida trayectoria dentro del sector. Ha presidido entidades culturales vinculadas al flamenco y, cuenta con un amplio recorrido profesional en la gesti\u00f3n y promoci\u00f3n de espect\u00e1culos y tablaos flamencos. Su pasi\u00f3n por la historia y el arte flamenco se refleja en cada art\u00edculo, donde combina experiencia, criterio y un profundo respeto por la tradici\u00f3n.","sameAs":["https:\/\/www.tablaosflamencos.com","https:\/\/www.instagra.com\/miguelortizfe","https:\/\/www.linkedin.com\/in\/miguelortizf\/"],"birthDate":"1984-11-22","gender":"hombre","knowsLanguage":["espa\u00f1ol","ingl\u00e9s"],"jobTitle":"Empresario flamenco"},{"@type":"PostalAddress","@id":"https:\/\/www.tablaosflamencos.com\/fr\/danse-biennale-flamenco-seville-2026.html#local-main-place-address","streetAddress":"C\/ Alemanes, 19","addressLocality":"Sevilla","postalCode":"41004","addressRegion":"Sevilla","addressCountry":"ES"},{"@type":"ImageObject","inLanguage":"fr-FR","@id":"https:\/\/www.tablaosflamencos.com\/fr\/danse-biennale-flamenco-seville-2026.html#local-main-organization-logo","url":"https:\/\/www.tablaosflamencos.com\/wp-content\/uploads\/tablaos-flamencos-06-3.webp","contentUrl":"https:\/\/www.tablaosflamencos.com\/wp-content\/uploads\/tablaos-flamencos-06-3.webp","width":600,"height":620,"caption":"Tablaos Flamencos"}]},"geo.placename":"Sevilla","geo.position":{"lat":"37.3868072","long":"-5.993280299999999"},"geo.region":"Espagne"},"_links":{"self":[{"href":"https:\/\/www.tablaosflamencos.com\/fr\/wp-json\/wp\/v2\/posts\/14277","targetHints":{"allow":["GET"]}}],"collection":[{"href":"https:\/\/www.tablaosflamencos.com\/fr\/wp-json\/wp\/v2\/posts"}],"about":[{"href":"https:\/\/www.tablaosflamencos.com\/fr\/wp-json\/wp\/v2\/types\/post"}],"author":[{"embeddable":true,"href":"https:\/\/www.tablaosflamencos.com\/fr\/wp-json\/wp\/v2\/users\/1"}],"replies":[{"embeddable":true,"href":"https:\/\/www.tablaosflamencos.com\/fr\/wp-json\/wp\/v2\/comments?post=14277"}],"version-history":[{"count":2,"href":"https:\/\/www.tablaosflamencos.com\/fr\/wp-json\/wp\/v2\/posts\/14277\/revisions"}],"predecessor-version":[{"id":14297,"href":"https:\/\/www.tablaosflamencos.com\/fr\/wp-json\/wp\/v2\/posts\/14277\/revisions\/14297"}],"wp:featuredmedia":[{"embeddable":true,"href":"https:\/\/www.tablaosflamencos.com\/fr\/wp-json\/wp\/v2\/media\/14270"}],"wp:attachment":[{"href":"https:\/\/www.tablaosflamencos.com\/fr\/wp-json\/wp\/v2\/media?parent=14277"}],"wp:term":[{"taxonomy":"category","embeddable":true,"href":"https:\/\/www.tablaosflamencos.com\/fr\/wp-json\/wp\/v2\/categories?post=14277"},{"taxonomy":"post_tag","embeddable":true,"href":"https:\/\/www.tablaosflamencos.com\/fr\/wp-json\/wp\/v2\/tags?post=14277"}],"curies":[{"name":"wp","href":"https:\/\/api.w.org\/{rel}","templated":true}]}}