{"id":14153,"date":"2026-09-03T01:21:11","date_gmt":"2026-09-02T23:21:11","guid":{"rendered":"https:\/\/www.tablaosflamencos.com\/?p=14153"},"modified":"2026-09-03T01:39:01","modified_gmt":"2026-09-02T23:39:01","slug":"hotel-triana-biennale-flamenco-seville-2026","status":"publish","type":"post","link":"https:\/\/www.tablaosflamencos.com\/fr\/hotel-triana-biennale-flamenco-seville-2026.html","title":{"rendered":"La Biennale revient \u00e0 l\u2019Hotel Triana : trois nuits de flamenco dans un ancien corral de vecinos"},"content":{"rendered":"<section class=\"l-section wpb_row height_huge\"><div class=\"l-section-h i-cf\"><div class=\"g-cols vc_row via_flex valign_middle type_default stacking_default\"><div class=\"vc_col-sm-6 wpb_column vc_column_container\"><div class=\"vc_column-inner\"><div class=\"wpb_wrapper\"><div class=\"wpb_text_column\"><div class=\"wpb_wrapper\"><p>La <a href=\"https:\/\/www.tablaosflamencos.com\/bienal-flamenco-sevilla-2026.html\"><strong>Biennale de Flamenco de S\u00e9ville 2026<\/strong><\/a> retrouve l\u2019un des lieux les plus \u00e9troitement li\u00e9s \u00e0 son histoire r\u00e9cente. Apr\u00e8s quatre ans d\u2019absence de la programmation, l\u2019Hotel Triana rouvrira sa cour au flamenco pendant trois soir\u00e9es cons\u00e9cutives, les <strong>17, 18 et 19 septembre 2026<\/strong>, toujours \u00e0 <strong>23 h<\/strong>.<\/p>\n<p>Il ne s\u2019agit ni d\u2019un th\u00e9\u00e2tre conventionnel ni d\u2019un h\u00f4tel en activit\u00e9. C\u2019est un ancien b\u00e2timent construit pour l\u2019Exposition ib\u00e9ro-am\u00e9ricaine de 1929, puis transform\u00e9 en corral de vecinos, une habitation collective organis\u00e9e autour d\u2019une cour. Ses galeries, son plan en U et la proximit\u00e9 entre artistes et public font de chaque repr\u00e9sentation une exp\u00e9rience difficile \u00e0 reproduire dans un autre lieu de la Biennale.<\/p>\n<\/div><\/div><\/div><\/div><\/div><div class=\"vc_col-sm-6 wpb_column vc_column_container\"><div class=\"vc_column-inner\"><div class=\"wpb_wrapper\"><div class=\"w-image us_custom_83db15f5 has_aspect_ratio align_center\"><div class=\"w-image-h\"><img fetchpriority=\"high\" decoding=\"async\" width=\"1024\" height=\"683\" src=\"https:\/\/www.tablaosflamencos.com\/wp-content\/uploads\/hotel-triana-bienal-flamenco-sevilla-2026-patio-1024x683.webp\" class=\"attachment-large size-large\" alt=\"La Bienal vuelve al Hotel Triana: tres noches de flamenco en un antiguo corral de vecinos\" loading=\"eager\" srcset=\"https:\/\/www.tablaosflamencos.com\/wp-content\/uploads\/hotel-triana-bienal-flamenco-sevilla-2026-patio-1024x683.webp 1024w, https:\/\/www.tablaosflamencos.com\/wp-content\/uploads\/hotel-triana-bienal-flamenco-sevilla-2026-patio-300x200.webp 300w, https:\/\/www.tablaosflamencos.com\/wp-content\/uploads\/hotel-triana-bienal-flamenco-sevilla-2026-patio-600x400.webp 600w, https:\/\/www.tablaosflamencos.com\/wp-content\/uploads\/hotel-triana-bienal-flamenco-sevilla-2026-patio-150x100.webp 150w, https:\/\/www.tablaosflamencos.com\/wp-content\/uploads\/hotel-triana-bienal-flamenco-sevilla-2026-patio.webp 1536w\" sizes=\"auto, (max-width: 1024px) 100vw, 1024px\" \/><\/div><\/div><\/div><\/div><\/div><\/div><\/div><\/section><section class=\"l-section wpb_row height_huge color_alternate with_shape\"><div class=\"l-section-shape type_zigzag pos_top hor_flip\" style=\"height:3vmin;\"><svg xmlns=\"http:\/\/www.w3.org\/2000\/svg\" viewBox=\"0 0 64 8\" preserveAspectRatio=\"none\" width=\"100%\" height=\"100%\">\r\n\t<path fill=\"currentColor\" d=\"M64 8 L0 8 L0 0 L20 7.9 L40 3 L48 5 L64 0 Z\"\/>\r\n<\/svg><\/div><div class=\"l-section-shape type_zigzag pos_bottom\" style=\"height:3vmin;\"><svg xmlns=\"http:\/\/www.w3.org\/2000\/svg\" viewBox=\"0 0 64 8\" preserveAspectRatio=\"none\" width=\"100%\" height=\"100%\">\r\n\t<path fill=\"currentColor\" d=\"M64 8 L0 8 L0 0 L20 7.9 L40 3 L48 5 L64 0 Z\"\/>\r\n<\/svg><\/div><div class=\"l-section-h i-cf\"><div class=\"g-cols vc_row via_flex valign_top type_default stacking_default\"><div class=\"vc_col-sm-12 wpb_column vc_column_container\"><div class=\"vc_column-inner\"><div class=\"wpb_wrapper\"><div class=\"wpb_text_column\"><div class=\"wpb_wrapper\"><blockquote>\n<p><strong>R\u00e9ponse rapide :<\/strong> l\u2019Hotel Triana accueillera trois Nuits Uniques de la Biennale 2026 : <em>Mujeres gitanas<\/em>, le 17 septembre ; <em>Uvitas negras<\/em>, le 18 ; et <em>Andaluc\u00eda en el tiempo<\/em>, le 19. Les trois soir\u00e9es commenceront \u00e0 23 h et seront consacr\u00e9es, respectivement, aux femmes gitanes, au flamenco de Los Palacios et \u00e0 la m\u00e9moire des cantes des huit provinces andalouses.<\/p>\n<\/blockquote>\n<\/div><\/div><\/div><\/div><\/div><\/div><\/div><\/section><section class=\"l-section wpb_row height_huge\"><div class=\"l-section-h i-cf\"><div class=\"g-cols vc_row via_flex valign_top type_default stacking_default\"><div class=\"vc_col-sm-12 wpb_column vc_column_container\"><div class=\"vc_column-inner\"><div class=\"wpb_wrapper\"><div class=\"wpb_text_column\"><div class=\"wpb_wrapper\"><h2>Programme de l\u2019Hotel Triana \u00e0 la Biennale 2026<\/h2>\n<div style=\"overflow-x: auto;\">\n<table>\n<thead>\n<tr>\n<th>Date<\/th>\n<th>Heure<\/th>\n<th>Spectacle<\/th>\n<th>Artistes<\/th>\n<\/tr>\n<\/thead>\n<tbody>\n<tr>\n<td>17 septembre<\/td>\n<td>23 h<\/td>\n<td><strong>Mujeres gitanas<\/strong><\/td>\n<td>Remedios Amaya, Montse Cort\u00e9s, La Fabi et Josemi Carmona<\/td>\n<\/tr>\n<tr>\n<td>18 septembre<\/td>\n<td>23 h<\/td>\n<td><strong>Uvitas negras<\/strong><\/td>\n<td>75e anniversaire de la Pe\u00f1a El Pozo de las Penas de Los Palacios<\/td>\n<\/tr>\n<tr>\n<td>19 septembre<\/td>\n<td>23 h<\/td>\n<td><strong>Andaluc\u00eda en el tiempo<\/strong><\/td>\n<td>Artistes des huit provinces andalouses sous la direction de Manuel Curao<\/td>\n<\/tr>\n<\/tbody>\n<\/table>\n<\/div>\n<p>&nbsp;<\/p>\n<p>Les trois propositions sont class\u00e9es comme <strong>Nuits Uniques<\/strong>: des rencontres cr\u00e9\u00e9es sp\u00e9cialement pour cette \u00e9dition, difficiles \u00e0 revoir avec la m\u00eame distribution et dans le m\u00eame contexte. Vous pouvez d\u00e9couvrir leur place dans l\u2019ensemble du cycle dans notre guide des <a href=\"https:\/\/www.tablaosflamencos.com\/noches-unicas-bienal-flamenco-sevilla-2026.html\"><strong>Nuits Uniques de la Biennale 2026<\/strong><\/a>.<\/p>\n<\/div><\/div><div class=\"w-separator size_medium\"><\/div><div class=\"w-hwrapper valign_top wrap align_center\" style=\"--hwrapper-gap:1.2rem\"><div class=\"w-btn-wrapper align_none\"><a class=\"w-btn us-btn-style_1\" href=\"https:\/\/www.tablaosflamencos.com\/bienal-flamenco-sevilla-2026.html\"><span class=\"w-btn-label\">Guide complet de la Biennale 2026<\/span><\/a><\/div><div class=\"w-btn-wrapper align_none\"><a class=\"w-btn us-btn-style_11\" href=\"https:\/\/www.tablaosflamencos.com\/noches-unicas-bienal-flamenco-sevilla-2026.html\"><span class=\"w-btn-label\">Calendrier des Nuits Uniques<\/span><\/a><\/div><\/div><\/div><\/div><\/div><\/div><\/div><\/section><section class=\"l-section wpb_row height_huge color_alternate with_shape\"><div class=\"l-section-shape type_zigzag pos_top hor_flip\" style=\"height:3vmin;\"><svg xmlns=\"http:\/\/www.w3.org\/2000\/svg\" viewBox=\"0 0 64 8\" preserveAspectRatio=\"none\" width=\"100%\" height=\"100%\">\r\n\t<path fill=\"currentColor\" d=\"M64 8 L0 8 L0 0 L20 7.9 L40 3 L48 5 L64 0 Z\"\/>\r\n<\/svg><\/div><div class=\"l-section-shape type_tilt pos_bottom\" style=\"height:3vmin;\"><svg xmlns=\"http:\/\/www.w3.org\/2000\/svg\" viewBox=\"0 0 64 8\" preserveAspectRatio=\"none\" width=\"100%\" height=\"100%\">\r\n\t<path fill=\"currentColor\" d=\"M64 7.9 L64 10 L0 10 L0 0 Z\"\/>\r\n<\/svg><\/div><div class=\"l-section-h i-cf\"><div class=\"g-cols vc_row via_flex valign_top type_default stacking_default\"><div class=\"vc_col-sm-6 wpb_column vc_column_container\"><div class=\"vc_column-inner\"><div class=\"wpb_wrapper\"><div class=\"wpb_text_column\"><div class=\"wpb_wrapper\"><h2>Pourquoi le retour de l\u2019Hotel Triana est l\u2019une des grandes nouvelles de la Biennale<\/h2>\n<p>L\u2019Hotel Triana ne revient pas au programme uniquement comme un lieu pittoresque. La Biennale a historiquement utilis\u00e9 cette cour pour retrouver une mani\u00e8re de vivre le flamenco li\u00e9e aux quartiers, aux familles, aux pe\u00f1as et aux r\u00e9unions qui se prolongent jusque tard dans la nuit. La derni\u00e8re \u00e9dition \u00e0 avoir accueilli ce lieu \u00e9tait celle de 2022 ; son retour en 2026 intervient donc <strong>quatre ans plus tard<\/strong>.<\/p>\n<p>Le directeur de la Biennale, Luis Ybarra, a con\u00e7u ces soir\u00e9es comme une f\u00eate de l\u2019authenticit\u00e9, un point de rencontre pour les veill\u00e9es flamencas et un exercice de m\u00e9moire. Cette id\u00e9e traverse tout le programme : d\u2019abord trois femmes gitanes aux parcours tr\u00e8s diff\u00e9rents ; puis trois g\u00e9n\u00e9rations du flamenco de Los Palacios ; enfin des interpr\u00e8tes qui pr\u00e9servent des styles et des r\u00e9pertoires associ\u00e9s \u00e0 diff\u00e9rents territoires d\u2019Andalousie.<\/p>\n<p>Le retour de l\u2019Hotel Triana fait aussi \u00e9cho \u00e0 une autre r\u00e9ouverture importante de 2026 : celle du Teatro Lope de Vega. Les deux lieux remplissent toutefois des fonctions oppos\u00e9es et compl\u00e9mentaires. Le Lope apporte la solennit\u00e9 d\u2019un th\u00e9\u00e2tre historique ; l\u2019Hotel Triana rend au festival l\u2019atmosph\u00e8re intime d\u2019une cour habit\u00e9e, avec le public tout autour et l\u2019architecture populaire int\u00e9gr\u00e9e \u00e0 la sc\u00e8ne.<\/p>\n<p>Dans une \u00e9dition riche en grandes productions, premi\u00e8res et cr\u00e9ations de recherche, ces trois nuits misent sur la transmission orale, le cante, le territoire et la m\u00e9moire. C\u2019est l\u00e0 que r\u00e9side leur singularit\u00e9.<\/p>\n<\/div><\/div><\/div><\/div><\/div><div class=\"vc_col-sm-6 wpb_column vc_column_container\"><div class=\"vc_column-inner\"><div class=\"wpb_wrapper\"><div class=\"wpb_text_column\"><div class=\"wpb_wrapper\"><h2>Un ancien h\u00f4tel de 1929 transform\u00e9 en corral de vecinos<\/h2>\n<p>Le b\u00e2timent se trouve au <strong>28, calle Clara de Jes\u00fas Montero<\/strong>, entre cette rue et la calle Manuel Arellano. Construit entre 1927 et 1929 pour h\u00e9berger les visiteurs de l\u2019Exposition ib\u00e9ro-am\u00e9ricaine, il n\u2019a finalement jamais fonctionn\u00e9 comme l\u2019h\u00f4tel pour lequel il avait \u00e9t\u00e9 con\u00e7u. Avec le temps, il est devenu une habitation collective et a rejoint la tradition des corrales de vecinos de Triana.<\/p>\n<p>Il compte trois \u00e9tages, des galeries int\u00e9rieures et une structure en U autour de la cour. Dans les ann\u00e9es 1980, il a \u00e9t\u00e9 restaur\u00e9 afin d\u2019y maintenir des familles traditionnelles du quartier. L\u2019immeuble appartient \u00e0 la mairie de S\u00e9ville et conserve un usage r\u00e9sidentiel, un point important \u00e0 retenir : <strong>l\u2019Hotel Triana n\u2019est ni un h\u00e9bergement touristique ni un lieu culturel ouvert en permanence<\/strong>.<\/p>\n<p>C\u2019est pr\u00e9cis\u00e9ment pourquoi l\u2019organisation de spectacles dans sa cour rev\u00eat un caract\u00e8re exceptionnel. L\u2019architecture n\u2019est pas un d\u00e9cor fabriqu\u00e9 pour \u00e9voquer la vie de voisinage : c\u2019est celle du corral lui-m\u00eame, avec ses balcons, ses coursives et ses proportions domestiques. Le public ne se contente pas d\u2019\u00e9couter le cante : pendant quelques heures, il entre dans un lieu qui conserve une partie de l\u2019histoire sociale de Triana.<\/p>\n<p>Pour d\u00e9couvrir d\u2019autres lieux singuliers de cette \u00e9dition, consultez notre s\u00e9lection des <a href=\"https:\/\/www.tablaosflamencos.com\/espacios-espectaculares-bienal-flamenco-sevilla-2026.html\"><strong>lieux les plus spectaculaires de la Biennale de Flamenco de S\u00e9ville 2026<\/strong><\/a>.<\/p>\n<\/div><\/div><\/div><\/div><\/div><\/div><\/div><\/section><section class=\"l-section wpb_row height_huge\"><div class=\"l-section-h i-cf\"><div class=\"g-cols vc_row via_flex valign_top type_default stacking_default\"><div class=\"vc_col-sm-12 wpb_column vc_column_container\"><div class=\"vc_column-inner\"><div class=\"wpb_wrapper\"><div class=\"wpb_text_column\"><div class=\"wpb_wrapper\"><h2>17 septembre : Mujeres gitanas<\/h2>\n<p>La premi\u00e8re soir\u00e9e r\u00e9unira <strong>Remedios Amaya, Montse Cort\u00e9s et La Fabi<\/strong>, accompagn\u00e9es \u00e0 la guitare par <strong>Josemi Carmona<\/strong>. La rencontre part d\u2019une id\u00e9e associ\u00e9e \u00e0 la com\u00e9die musicale flamenca <em>La verdad duele<\/em> et cherche \u00e0 retrouver une expression directe, organique et d\u00e9pouill\u00e9e de tout \u00e9l\u00e9ment superflu, avec la femme gitane au centre du r\u00e9cit.<\/p>\n<p>Les trois chanteuses incarnent des exp\u00e9riences tr\u00e8s diff\u00e9rentes. Remedios Amaya entretient un lien \u00e9troit avec Triana et occupe une place singuli\u00e8re parmi les grandes voix flamencas des derni\u00e8res d\u00e9cennies. Son cante peut passer de la profondeur \u00e0 une \u00e9nergie rythmique reconnaissable d\u00e8s les premi\u00e8res mesures.<\/p>\n<p>Montse Cort\u00e9s apporte une profondeur d\u2019interpr\u00e9tation forg\u00e9e aupr\u00e8s de figures comme Paco de Luc\u00eda, Sara Baras ou Farruquito. La Fabi poss\u00e8de quant \u00e0 elle une longue exp\u00e9rience du chant pour la danse et une ma\u00eetrise du comp\u00e1s qui en a fait l\u2019une des voix les plus demand\u00e9es par les grands danseurs et compagnies.<\/p>\n<p>Josemi Carmona \u00e9tablira le pont musical entre tradition et contemporan\u00e9it\u00e9. La fiche officielle mentionne \u00e9galement Jos\u00e9 Serrano, Israel Guti\u00e9rrez \u00ab Pira\u00f1a \u00bb, \u00c1lvaro Llanos et Los Cherokee. Plus qu\u2019une succession de r\u00e9citals individuels, la soir\u00e9e est con\u00e7ue comme une rencontre entre les voix, la m\u00e9moire familiale et diff\u00e9rentes mani\u00e8res de comprendre le cante.<\/p>\n<p>Le concept convient particuli\u00e8rement bien \u00e0 l\u2019Hotel Triana. Parler de transmission orale et de flamenco appris dans la vie partag\u00e9e prend un autre sens dans la cour d\u2019une ancienne maison collective.<\/p>\n<h2>18 septembre : Uvitas negras et le flamenco de Los Palacios<\/h2>\n<p>La deuxi\u00e8me soir\u00e9e c\u00e9l\u00e9brera le <strong>75e anniversaire de la Pe\u00f1a Flamenca El Pozo de las Penas<\/strong>, une institution fondamentale de la vie culturelle de Los Palacios y Villafranca. Ce sera la premi\u00e8re fois que cette commune participera \u00e0 la Biennale comme territoire invit\u00e9.<\/p>\n<p>Le titre <em>Uvitas negras<\/em> renvoie au c\u00e9l\u00e8bre cri de marchand ambulant que Manolo Caracol consacra au raisin de Los Palacios. \u00c0 partir de cette r\u00e9f\u00e9rence, le spectacle \u00e9voque les convivencias flamencas de la pe\u00f1a et r\u00e9unit plusieurs g\u00e9n\u00e9rations d\u2019artistes li\u00e9s \u00e0 la commune.<\/p>\n<p>La distribution comprend <strong>Itoly de Los Palacios, Juan \u00ab El Distinguido \u00bb, Nene Escalera, Manuel Orta, Miguel Ortega, Jos\u00e9 \u00c1ngel Carmona, Anabel de Vico et Juanelo<\/strong>. La soir\u00e9e conna\u00eetra aussi l\u2019un de ses moments les plus attendus avec le retour de <strong>Juan Manuel \u00ab El Mistela \u00bb<\/strong> sur les sc\u00e8nes s\u00e9villanes en tant que danseur.<\/p>\n<p>Les guitares seront celles de Ni\u00f1o Fraile et, comme invit\u00e9s, Salvador Guti\u00e9rrez et Juan Requena. La direction artistique est assur\u00e9e par <strong>Manuel Curao<\/strong>. L\u2019objectif n\u2019est pas de pr\u00e9senter une image fig\u00e9e du pass\u00e9, mais de montrer la continuit\u00e9 entre artistes historiques, interpr\u00e8tes en pleine maturit\u00e9 et repr\u00e9sentants des jeunes g\u00e9n\u00e9rations.<\/p>\n<p>Los Palacios poss\u00e8de une identit\u00e9 flamenca propre et un r\u00e9seau de pe\u00f1as d\u2019une importance exceptionnelle. <em>Uvitas negras<\/em> permettra d\u2019entendre comment cette identit\u00e9 s\u2019est transmise, transform\u00e9e et maintenue vivante pendant sept d\u00e9cennies et demie.<\/p>\n<h2>19 septembre : Andaluc\u00eda en el tiempo<\/h2>\n<p>La derni\u00e8re soir\u00e9e \u00e9largira le regard, d\u2019une commune pr\u00e9cise \u00e0 l\u2019ensemble de l\u2019Andalousie. <em>Andaluc\u00eda en el tiempo<\/em> r\u00e9unira des chanteurs et chanteuses associ\u00e9s aux diff\u00e9rentes provinces, dont beaucoup sont aujourd\u2019hui \u00e9loign\u00e9s des circuits habituels ou retir\u00e9s de la sc\u00e8ne.<\/p>\n<p>La distribution annonc\u00e9e comprend <strong>El Pecas<\/strong>, de Huelva ; <strong>Diego \u00ab El Boquer\u00f3n \u00bb<\/strong>, de S\u00e9ville ; <strong>Carmen de la Jara<\/strong>, de Cadix ; <strong>Curro Lucena<\/strong>, de Cordoue ; <strong>Joselete de Linares<\/strong>, de Ja\u00e9n ; <strong>Jaime \u00ab El Parr\u00f3n \u00bb<\/strong>, de Grenade ; <strong>Paqui Corpas<\/strong>, de Malaga ; et <strong>Jos\u00e9 Sorroche<\/strong>, d\u2019Almer\u00eda. S\u2019y ajoutera \u00e9galement <strong>Romerito de Jerez<\/strong>, une pr\u00e9sence particuli\u00e8rement pr\u00e9cieuse par son \u00e2ge, sa m\u00e9moire et son parcours.<\/p>\n<p>Les guitares de <strong>Antonio Carri\u00f3n et Eduardo Rebollar<\/strong> accompagneront un parcours \u00e0 travers sole\u00e1s, seguiriyas, tangos, fandangos, malague\u00f1as, abandolaos, cantes mineros, canti\u00f1as et buler\u00edas. Manuel Curao assurera de nouveau la direction artistique.<\/p>\n<p>Il ne s\u2019agit pas de construire un catalogue rigide r\u00e9duisant chaque province \u00e0 un seul palo. L\u2019intention est de montrer la diversit\u00e9 des accents, \u00e9coles, variantes locales et fa\u00e7ons de dire qui composent la g\u00e9ographie flamenca andalouse. R\u00e9unir ces artistes dans une m\u00eame cour fait de cette soir\u00e9e une occasion rare d\u2019entendre des r\u00e9pertoires et des voix qui se croisent rarement dans les festivals actuels.<\/p>\n<\/div><\/div><\/div><\/div><\/div><\/div><\/div><\/section><section class=\"l-section wpb_row height_huge color_alternate with_shape\"><div class=\"l-section-shape type_zigzag pos_top\" style=\"height:3vmin;\"><svg xmlns=\"http:\/\/www.w3.org\/2000\/svg\" viewBox=\"0 0 64 8\" preserveAspectRatio=\"none\" width=\"100%\" height=\"100%\">\r\n\t<path fill=\"currentColor\" d=\"M64 8 L0 8 L0 0 L20 7.9 L40 3 L48 5 L64 0 Z\"\/>\r\n<\/svg><\/div><div class=\"l-section-shape type_zigzag pos_bottom\" style=\"height:3vmin;\"><svg xmlns=\"http:\/\/www.w3.org\/2000\/svg\" viewBox=\"0 0 64 8\" preserveAspectRatio=\"none\" width=\"100%\" height=\"100%\">\r\n\t<path fill=\"currentColor\" d=\"M64 8 L0 8 L0 0 L20 7.9 L40 3 L48 5 L64 0 Z\"\/>\r\n<\/svg><\/div><div class=\"l-section-h i-cf\"><div class=\"g-cols vc_row via_flex valign_top type_default stacking_default\"><div class=\"vc_col-sm-12 wpb_column vc_column_container\"><div class=\"vc_column-inner\"><div class=\"wpb_wrapper\"><div class=\"wpb_text_column\"><div class=\"wpb_wrapper\"><h2>Comment se d\u00e9rouleront les soir\u00e9es tardives<\/h2>\n<p>Les trois repr\u00e9sentations commenceront \u00e0 <strong>23 h<\/strong>. Cet horaire n\u2019est pas fortuit : l\u2019Hotel Triana cl\u00f4turera les journ\u00e9es des 17, 18 et 19 dans une atmosph\u00e8re diff\u00e9rente de celle des spectacles de d\u00e9but de soir\u00e9e. Le concept de veill\u00e9e permet de prolonger la conversation flamenca de la journ\u00e9e et de la terminer dans un lieu o\u00f9 la proximit\u00e9 compte davantage que la grande production sc\u00e9nique.<\/p>\n<p>La cour et les galeries favorisent une relation directe avec le son. Par son \u00e9chelle humaine, l\u2019exp\u00e9rience peut rappeler une r\u00e9union ou une ancienne convivencia flamenca, tout en restant un spectacle programm\u00e9 et organis\u00e9 dans le cadre de la Biennale.<\/p>\n<p>Il est \u00e9galement possible de combiner certaines soir\u00e9es avec d\u2019autres repr\u00e9sentations. Le 17 septembre, Arc\u00e1ngel se produira \u00e0 20 h au Lope de Vega avant <em>Mujeres gitanas<\/em>. Le 18, Antonio Reyes pr\u00e9sentera <em>Seis cuerdas, seis<\/em> \u00e0 20 h, \u00e9galement au Lope, avant <em>Uvitas negras<\/em>. Le 19, Ca\u00f1izares et l\u2019Orchestre royal symphonique de S\u00e9ville commenceront \u00e0 20 h au Teatro de la Maestranza, trois heures avant <em>Andaluc\u00eda en el tiempo<\/em>.<\/p>\n<p>Ces combinaisons exigent de pr\u00e9voir les d\u00e9placements et la sortie de chaque salle. \u00c9vitez un programme trop serr\u00e9 et ne supposez pas que toutes les repr\u00e9sentations se termineront exactement \u00e0 une heure donn\u00e9e.<\/p>\n<h2>Informations pratiques : lieu, billets et recommandations<\/h2>\n<ul>\n<li><strong>Lieu :<\/strong> Hotel Triana, 28, calle Clara de Jes\u00fas Montero, S\u00e9ville.<\/li>\n<li><strong>Dates :<\/strong> 17, 18 et 19 septembre 2026.<\/li>\n<li><strong>Heure :<\/strong> 23 h les trois soirs.<\/li>\n<li><strong>Type de programmation :<\/strong> Nuits Uniques de la XXIVe Biennale de Flamenco.<\/li>\n<li><strong>Billets :<\/strong> vente et disponibilit\u00e9s par les canaux officiels de la Biennale.<\/li>\n<\/ul>\n<p>Compte tenu de ces trois distributions exceptionnelles et du caract\u00e8re singulier du lieu, il est conseill\u00e9 de v\u00e9rifier les disponibilit\u00e9s \u00e0 l\u2019avance. Notre guide des <a href=\"https:\/\/www.tablaosflamencos.com\/bienal-flamenco-2026-entradas-precios-descuentos.html\"><strong>billets, tarifs et r\u00e9ductions de la Biennale 2026<\/strong><\/a> pr\u00e9sente les canaux d\u2019achat, les r\u00e9ductions annonc\u00e9es et les recommandations pour \u00e9viter la revente ou les liens non officiels.<\/p>\n<p>Pr\u00e9voyez une marge, v\u00e9rifiez les conditions d\u2019acc\u00e8s indiqu\u00e9es sur votre billet et consultez l\u2019organisation si vous avez besoin d\u2019informations pr\u00e9cises sur la mobilit\u00e9 ou l\u2019accessibilit\u00e9. Comme il s\u2019agit d\u2019un immeuble r\u00e9sidentiel ouvert exceptionnellement pour un \u00e9v\u00e9nement culturel, les consignes du personnel et la vie quotidienne des habitants doivent \u00eatre respect\u00e9es \u00e0 tout moment.<\/p>\n<p>La programmation et les disponibilit\u00e9s peuvent changer. Avant de vous d\u00e9placer, consultez toujours la <a href=\"https:\/\/www.labienal.com\/programa-general\/hotel-triana\" target=\"_blank\" rel=\"noopener\"><strong>page officielle de l\u2019Hotel Triana sur le site de la Biennale<\/strong><\/a>.<\/p>\n<\/div><\/div><div class=\"w-separator size_medium\"><\/div><div class=\"w-hwrapper valign_top wrap align_center\" style=\"--hwrapper-gap:1.2rem\"><div class=\"w-btn-wrapper align_none\"><a class=\"w-btn us-btn-style_1\" href=\"https:\/\/www.tablaosflamencos.com\/bienal-flamenco-2026-entradas-precios-descuentos.html\"><span class=\"w-btn-label\">Billets, tarifs et r\u00e9ductions<\/span><\/a><\/div><div class=\"w-btn-wrapper align_none\"><a class=\"w-btn us-btn-style_11\" href=\"https:\/\/www.labienal.com\/programa-general\/hotel-triana\"><span class=\"w-btn-label\">Programme officiel de l\u2019Hotel Triana<\/span><\/a><\/div><\/div><\/div><\/div><\/div><\/div><\/div><\/section><section class=\"l-section wpb_row height_huge\"><div class=\"l-section-h i-cf\"><div class=\"g-cols vc_row via_flex valign_top type_default stacking_default\"><div class=\"vc_col-sm-1\/5 wpb_column vc_column_container\"><div class=\"vc_column-inner\"><div class=\"wpb_wrapper\"><\/div><\/div><\/div><div class=\"vc_col-sm-3\/5 wpb_column vc_column_container\"><div class=\"vc_column-inner\"><div class=\"wpb_wrapper\"><div class=\"wpb_text_column\"><div class=\"wpb_wrapper\"><h2>Questions fr\u00e9quentes sur l\u2019Hotel Triana \u00e0 la Biennale 2026<\/h2>\n<\/div><\/div><div class=\"w-separator size_medium\"><\/div><div class=\"w-tabs accordion toggle_style_1 has_scrolling\" style=\"--sections-title-size:inherit;--sections-gap:0.5rem;\"><div class=\"w-tabs-sections titles-align_none icon_chevron cpos_right\"><div class=\"w-tabs-section\" id=\"q1c0\" itemscope itemprop=\"mainEntity\" itemtype=\"https:\/\/schema.org\/Question\"><button type=\"button\" class=\"w-tabs-section-header\" aria-controls=\"content-q1c0\" aria-expanded=\"false\"><div class=\"w-tabs-section-title\" itemprop=\"name\">Quels jours y aura-t-il du flamenco \u00e0 l\u2019Hotel Triana pendant la Biennale 2026 ?<\/div><div class=\"w-tabs-section-control\"><\/div><\/button><div  class=\"w-tabs-section-content\" id=\"content-q1c0\" itemscope itemprop=\"acceptedAnswer\" itemtype=\"https:\/\/schema.org\/Answer\"><div class=\"w-tabs-section-content-h i-cf\" itemprop=\"text\"><div class=\"wpb_text_column\"><div class=\"wpb_wrapper\"><p>L\u2019Hotel Triana accueillera des spectacles les 17, 18 et 19 septembre 2026. Tous trois commenceront \u00e0 23 h.<\/p>\n<\/div><\/div><\/div><\/div><\/div><div class=\"w-tabs-section\" id=\"i2d3\" itemscope itemprop=\"mainEntity\" itemtype=\"https:\/\/schema.org\/Question\"><button type=\"button\" class=\"w-tabs-section-header\" aria-controls=\"content-i2d3\" aria-expanded=\"false\"><div class=\"w-tabs-section-title\" itemprop=\"name\">Quels spectacles auront lieu \u00e0 l\u2019Hotel Triana ?<\/div><div class=\"w-tabs-section-control\"><\/div><\/button><div  class=\"w-tabs-section-content\" id=\"content-i2d3\" itemscope itemprop=\"acceptedAnswer\" itemtype=\"https:\/\/schema.org\/Answer\"><div class=\"w-tabs-section-content-h i-cf\" itemprop=\"text\"><div class=\"wpb_text_column\"><div class=\"wpb_wrapper\"><p>Le 17 septembre sera pr\u00e9sent\u00e9 <em>Mujeres gitanas<\/em>; le 18, <em>Uvitas negras<\/em>; et le 19, <em>Andaluc\u00eda en el tiempo<\/em>. Les trois propositions sont des Nuits Uniques cr\u00e9\u00e9es pour la Biennale.<\/p>\n<\/div><\/div><\/div><\/div><\/div><div class=\"w-tabs-section\" id=\"i3ce\" itemscope itemprop=\"mainEntity\" itemtype=\"https:\/\/schema.org\/Question\"><button type=\"button\" class=\"w-tabs-section-header\" aria-controls=\"content-i3ce\" aria-expanded=\"false\"><div class=\"w-tabs-section-title\" itemprop=\"name\">L\u2019Hotel Triana est-il un h\u00f4tel o\u00f9 l\u2019on peut r\u00e9server une chambre ?<\/div><div class=\"w-tabs-section-control\"><\/div><\/button><div  class=\"w-tabs-section-content\" id=\"content-i3ce\" itemscope itemprop=\"acceptedAnswer\" itemtype=\"https:\/\/schema.org\/Answer\"><div class=\"w-tabs-section-content-h i-cf\" itemprop=\"text\"><div class=\"wpb_text_column\"><div class=\"wpb_wrapper\"><p>Non. Bien qu\u2019il ait \u00e9t\u00e9 construit pour servir d\u2019h\u00f4tel pendant l\u2019Exposition ib\u00e9ro-am\u00e9ricaine de 1929, il est finalement devenu un corral de vecinos. Il s\u2019agit aujourd\u2019hui d\u2019un immeuble r\u00e9sidentiel municipal qui n\u2019ouvre sa cour que pour certaines activit\u00e9s culturelles.<\/p>\n<\/div><\/div><\/div><\/div><\/div><div class=\"w-tabs-section\" id=\"f4b8\" itemscope itemprop=\"mainEntity\" itemtype=\"https:\/\/schema.org\/Question\"><button type=\"button\" class=\"w-tabs-section-header\" aria-controls=\"content-f4b8\" aria-expanded=\"false\"><div class=\"w-tabs-section-title\" itemprop=\"name\">O\u00f9 se trouve l\u2019Hotel Triana ?<\/div><div class=\"w-tabs-section-control\"><\/div><\/button><div  class=\"w-tabs-section-content\" id=\"content-f4b8\" itemscope itemprop=\"acceptedAnswer\" itemtype=\"https:\/\/schema.org\/Answer\"><div class=\"w-tabs-section-content-h i-cf\" itemprop=\"text\"><div class=\"wpb_text_column\"><div class=\"wpb_wrapper\"><p>Il se trouve au 28, calle Clara de Jes\u00fas Montero, dans le quartier de Triana, entre cette rue et la calle Manuel Arellano.<\/p>\n<\/div><\/div><\/div><\/div><\/div><div class=\"w-tabs-section\" id=\"h58b\" itemscope itemprop=\"mainEntity\" itemtype=\"https:\/\/schema.org\/Question\"><button type=\"button\" class=\"w-tabs-section-header\" aria-controls=\"content-h58b\" aria-expanded=\"false\"><div class=\"w-tabs-section-title\" itemprop=\"name\">O\u00f9 acheter les billets ?<\/div><div class=\"w-tabs-section-control\"><\/div><\/button><div  class=\"w-tabs-section-content\" id=\"content-h58b\" itemscope itemprop=\"acceptedAnswer\" itemtype=\"https:\/\/schema.org\/Answer\"><div class=\"w-tabs-section-content-h i-cf\" itemprop=\"text\"><div class=\"wpb_text_column\"><div class=\"wpb_wrapper\"><p>Les billets doivent \u00eatre achet\u00e9s par les canaux officiels indiqu\u00e9s sur le site de la Biennale de Flamenco. Consultez-les pour conna\u00eetre les disponibilit\u00e9s et les \u00e9ventuels changements de derni\u00e8re minute.<\/p>\n<\/div><\/div><\/div><\/div><\/div><div class=\"w-tabs-section\" id=\"f664\" itemscope itemprop=\"mainEntity\" itemtype=\"https:\/\/schema.org\/Question\"><button type=\"button\" class=\"w-tabs-section-header\" aria-controls=\"content-f664\" aria-expanded=\"false\"><div class=\"w-tabs-section-title\" itemprop=\"name\">Les spectacles de l\u2019Hotel Triana sont-ils des premi\u00e8res absolues ?<\/div><div class=\"w-tabs-section-control\"><\/div><\/button><div  class=\"w-tabs-section-content\" id=\"content-f664\" itemscope itemprop=\"acceptedAnswer\" itemtype=\"https:\/\/schema.org\/Answer\"><div class=\"w-tabs-section-content-h i-cf\" itemprop=\"text\"><div class=\"wpb_text_column\"><div class=\"wpb_wrapper\"><p>Le programme les pr\u00e9sente comme des Nuits Uniques, et non comme des premi\u00e8res absolues. Ces rencontres sont con\u00e7ues sp\u00e9cialement pour cette \u00e9dition, avec des distributions et des contenus qui ne font pas partie d\u2019une tourn\u00e9e conventionnelle.<\/p>\n<\/div><\/div><\/div><\/div><\/div><div class=\"w-tabs-section\" id=\"x757\" itemscope itemprop=\"mainEntity\" itemtype=\"https:\/\/schema.org\/Question\"><button type=\"button\" class=\"w-tabs-section-header\" aria-controls=\"content-x757\" aria-expanded=\"false\"><div class=\"w-tabs-section-title\" itemprop=\"name\">Peut-on combiner l\u2019Hotel Triana avec un autre spectacle le m\u00eame jour ?<\/div><div class=\"w-tabs-section-control\"><\/div><\/button><div  class=\"w-tabs-section-content\" id=\"content-x757\" itemscope itemprop=\"acceptedAnswer\" itemtype=\"https:\/\/schema.org\/Answer\"><div class=\"w-tabs-section-content-h i-cf\" itemprop=\"text\"><div class=\"wpb_text_column\"><div class=\"wpb_wrapper\"><p>Oui. Les 17, 18 et 19, des repr\u00e9sentations ont lieu plus t\u00f4t dans d\u2019autres espaces de la Biennale. L\u2019Hotel Triana commen\u00e7ant \u00e0 23 h, certaines combinaisons sont possibles, mais il faut pr\u00e9voir suffisamment de temps pour les sorties et les d\u00e9placements.<\/p>\n<\/div><\/div><\/div><\/div><\/div><\/div><\/div><\/div><\/div><\/div><div class=\"vc_col-sm-1\/5 wpb_column vc_column_container\"><div class=\"vc_column-inner\"><div class=\"wpb_wrapper\"><\/div><\/div><\/div><\/div><\/div><\/section><section class=\"l-section wpb_row height_huge color_alternate with_shape\"><div class=\"l-section-shape type_zigzag pos_top hor_flip\" style=\"height:3vmin;\"><svg xmlns=\"http:\/\/www.w3.org\/2000\/svg\" viewBox=\"0 0 64 8\" preserveAspectRatio=\"none\" width=\"100%\" height=\"100%\">\r\n\t<path fill=\"currentColor\" d=\"M64 8 L0 8 L0 0 L20 7.9 L40 3 L48 5 L64 0 Z\"\/>\r\n<\/svg><\/div><div class=\"l-section-shape type_zigzag pos_bottom\" style=\"height:3vmin;\"><svg xmlns=\"http:\/\/www.w3.org\/2000\/svg\" viewBox=\"0 0 64 8\" preserveAspectRatio=\"none\" width=\"100%\" height=\"100%\">\r\n\t<path fill=\"currentColor\" d=\"M64 8 L0 8 L0 0 L20 7.9 L40 3 L48 5 L64 0 Z\"\/>\r\n<\/svg><\/div><div class=\"l-section-h i-cf\"><div class=\"g-cols vc_row via_flex valign_top type_default stacking_default\"><div class=\"vc_col-sm-12 wpb_column vc_column_container\"><div class=\"vc_column-inner\"><div class=\"wpb_wrapper\"><div class=\"wpb_text_column\"><div class=\"wpb_wrapper\"><h2>Trois nuits pour \u00e9couter la m\u00e9moire vivante du flamenco<\/h2>\n<p>Le retour de l\u2019Hotel Triana r\u00e9sume une part essentielle de la Biennale 2026. Tout ne se passe pas dans les grands th\u00e9\u00e2tres et tout ne doit pas prendre la forme d\u2019une production de grande envergure. Le flamenco repose aussi sur les familles, les pe\u00f1as, les r\u00e9pertoires locaux, les artistes disparus des circuits habituels et les lieux o\u00f9 la vie commune faisait partie de l\u2019apprentissage.<\/p>\n<p><em>Mujeres gitanas<\/em>, <em>Uvitas negras<\/em> et <em>Andaluc\u00eda en el tiempo<\/em> proposent trois \u00e9chelles de cette m\u00e9moire : la transmission familiale, l\u2019identit\u00e9 d\u2019une commune et la diversit\u00e9 de toute une communaut\u00e9 autonome. L\u2019ancien corral de vecinos offre le cadre id\u00e9al pour les parcourir.<\/p>\n<p>Quiconque parviendra \u00e0 assister \u00e0 l\u2019une de ces soir\u00e9es ne vivra pas seulement un concert. Il entrera dans l\u2019un des lieux o\u00f9 la Biennale a construit une part de sa propre identit\u00e9 et o\u00f9 la distance entre patrimoine, quartier et flamenco dispara\u00eet presque enti\u00e8rement.<\/p>\n<p>Si les billets sont \u00e9puis\u00e9s ou si les dates ne correspondent pas \u00e0 votre s\u00e9jour, S\u00e9ville conserve chaque soir une vaste offre de spectacles. Notre guide de la <a href=\"https:\/\/www.tablaosflamencos.com\/bienal-flamenco-2026-entradas-agotadas-que-ver.html\"><strong>Biennale 2026 lorsque les billets sont \u00e9puis\u00e9s<\/strong><\/a> rassemble des solutions pour continuer \u00e0 profiter du flamenco pendant le festival.<\/p>\n<\/div><\/div><div class=\"w-separator size_medium\"><\/div><div class=\"w-hwrapper valign_top wrap align_center\" style=\"--hwrapper-gap:1.2rem\"><div class=\"w-btn-wrapper align_none\"><a class=\"w-btn us-btn-style_1\" href=\"https:\/\/www.tablaosflamencos.com\/bienal-flamenco-2026-entradas-agotadas-que-ver.html\"><span class=\"w-btn-label\">Que voir s\u2019il n\u2019y a plus de billets<\/span><\/a><\/div><div class=\"w-btn-wrapper align_none\"><a class=\"w-btn us-btn-style_11\" href=\"https:\/\/www.tablaosflamencos.com\/espacios-espectaculares-bienal-flamenco-sevilla-2026.html\"><span class=\"w-btn-label\">Autres lieux spectaculaires<\/span><\/a><\/div><\/div><\/div><\/div><\/div><\/div><\/div><\/section>\n","protected":false},"excerpt":{"rendered":"<p>L\u2019Hotel Triana revient \u00e0 la Biennale de Flamenco 2026 avec trois Nuits Uniques : Mujeres gitanas, Uvitas negras et Andaluc\u00eda en el tiempo. Dates, artistes, histoire et billets.<\/p>\n","protected":false},"author":1,"featured_media":14087,"comment_status":"closed","ping_status":"closed","sticky":false,"template":"","format":"standard","meta":{"_acf_changed":false,"wpai_generated_summary":"","_ayudawp_aiss_exclude":false,"_ayudawp_aiss_exclude_summary":false,"_ayudawp_aiss_summary":"","_ayudawp_aiss_summary_provider":"","_ayudawp_aiss_summary_hash":"","footnotes":""},"categories":[1428],"tags":[1238,1239,1240,1241,1155,1156,1242],"class_list":["post-14153","post","type-post","status-publish","format-standard","has-post-thumbnail","hentry","category-biennale-de-flamenco","tag-agenda-flamenca","tag-bienal-2026","tag-bienal-de-flamenco","tag-festivales-flamencos","tag-flamenco-en-sevilla","tag-flamenco-en-triana","tag-sevilla"],"acf":[],"yoast_head":"<!-- This site is optimized with the Yoast SEO Premium plugin v28.4 (Yoast SEO v28.4) - https:\/\/yoast.com\/product\/yoast-seo-premium-wordpress\/ -->\n<title>Hotel Triana \u00e0 la Biennale 2026 : programme et trois nuits<\/title>\n<meta name=\"description\" content=\"L\u2019Hotel Triana revient \u00e0 la Biennale 2026 avec Mujeres gitanas, Uvitas negras et Andaluc\u00eda en el tiempo : dates, artistes, horaires et billets.\" \/>\n<meta name=\"robots\" content=\"index, follow, max-snippet:-1, max-image-preview:large, max-video-preview:-1\" \/>\n<link rel=\"canonical\" href=\"https:\/\/www.tablaosflamencos.com\/fr\/hotel-triana-biennale-flamenco-seville-2026.html\" \/>\n<meta property=\"og:locale\" content=\"fr_FR\" \/>\n<meta property=\"og:type\" content=\"article\" \/>\n<meta property=\"og:title\" content=\"La Biennale revient \u00e0 l\u2019Hotel Triana : trois nuits de flamenco dans un ancien corral de vecinos\" \/>\n<meta property=\"og:description\" content=\"L\u2019Hotel Triana revient \u00e0 la Biennale 2026 avec Mujeres gitanas, Uvitas negras et Andaluc\u00eda en el tiempo : dates, artistes, horaires et billets.\" \/>\n<meta property=\"og:url\" content=\"https:\/\/www.tablaosflamencos.com\/fr\/hotel-triana-biennale-flamenco-seville-2026.html\" \/>\n<meta property=\"og:site_name\" content=\"Tablaos Flamencos\" \/>\n<meta property=\"article:publisher\" content=\"https:\/\/www.facebook.com\/tablaosflamencos\" \/>\n<meta property=\"article:published_time\" content=\"2026-09-02T23:21:11+00:00\" \/>\n<meta property=\"article:modified_time\" content=\"2026-09-02T23:39:01+00:00\" \/>\n<meta property=\"og:image\" content=\"https:\/\/www.tablaosflamencos.com\/wp-content\/uploads\/hotel-triana-bienal-2026-flamenco.webp\" \/>\n\t<meta property=\"og:image:width\" content=\"1536\" \/>\n\t<meta property=\"og:image:height\" content=\"1024\" \/>\n\t<meta property=\"og:image:type\" content=\"image\/webp\" \/>\n<meta name=\"author\" content=\"Miguel Ortiz\" \/>\n<meta name=\"twitter:card\" content=\"summary_large_image\" \/>\n<meta name=\"twitter:creator\" content=\"@tablaosflamenco\" \/>\n<meta name=\"twitter:site\" content=\"@tablaosflamenco\" \/>\n<meta name=\"twitter:label1\" content=\"\u00c9crit par\" \/>\n\t<meta name=\"twitter:data1\" content=\"Miguel Ortiz\" \/>\n\t<meta name=\"twitter:label2\" content=\"Dur\u00e9e de lecture estim\u00e9e\" \/>\n\t<meta name=\"twitter:data2\" content=\"16 minutes\" \/>\n<script type=\"application\/ld+json\" class=\"yoast-schema-graph\">{\"@context\":\"https:\\\/\\\/schema.org\",\"@graph\":[{\"@type\":\"Article\",\"@id\":\"https:\\\/\\\/www.tablaosflamencos.com\\\/fr\\\/hotel-triana-biennale-flamenco-seville-2026.html#article\",\"isPartOf\":{\"@id\":\"https:\\\/\\\/www.tablaosflamencos.com\\\/fr\\\/hotel-triana-biennale-flamenco-seville-2026.html\"},\"author\":{\"name\":\"Miguel Ortiz\",\"@id\":\"https:\\\/\\\/www.tablaosflamencos.com\\\/fr#\\\/schema\\\/person\\\/e7a9ebe14eb75a52ceabfbffb3c54f5d\"},\"headline\":\"La Biennale revient \u00e0 l\u2019Hotel Triana : trois nuits de flamenco dans un ancien corral de vecinos\",\"datePublished\":\"2026-09-02T23:21:11+00:00\",\"dateModified\":\"2026-09-02T23:39:01+00:00\",\"mainEntityOfPage\":{\"@id\":\"https:\\\/\\\/www.tablaosflamencos.com\\\/fr\\\/hotel-triana-biennale-flamenco-seville-2026.html\"},\"wordCount\":3121,\"publisher\":{\"@id\":\"https:\\\/\\\/www.tablaosflamencos.com\\\/fr#organization\"},\"image\":{\"@id\":\"https:\\\/\\\/www.tablaosflamencos.com\\\/fr\\\/hotel-triana-biennale-flamenco-seville-2026.html#primaryimage\"},\"thumbnailUrl\":\"https:\\\/\\\/www.tablaosflamencos.com\\\/wp-content\\\/uploads\\\/hotel-triana-bienal-2026-flamenco.webp\",\"keywords\":[\"agenda flamenca\",\"Bienal 2026\",\"Bienal de Flamenco\",\"festivales flamencos\",\"flamenco en Sevilla\",\"flamenco en Triana\",\"sevilla\"],\"articleSection\":[\"Biennale de Flamenco\"],\"inLanguage\":\"fr-FR\"},{\"@type\":\"WebPage\",\"@id\":\"https:\\\/\\\/www.tablaosflamencos.com\\\/fr\\\/hotel-triana-biennale-flamenco-seville-2026.html\",\"url\":\"https:\\\/\\\/www.tablaosflamencos.com\\\/fr\\\/hotel-triana-biennale-flamenco-seville-2026.html\",\"name\":\"Hotel Triana \u00e0 la Biennale 2026 : programme et trois nuits\",\"isPartOf\":{\"@id\":\"https:\\\/\\\/www.tablaosflamencos.com\\\/fr#website\"},\"primaryImageOfPage\":{\"@id\":\"https:\\\/\\\/www.tablaosflamencos.com\\\/fr\\\/hotel-triana-biennale-flamenco-seville-2026.html#primaryimage\"},\"image\":{\"@id\":\"https:\\\/\\\/www.tablaosflamencos.com\\\/fr\\\/hotel-triana-biennale-flamenco-seville-2026.html#primaryimage\"},\"thumbnailUrl\":\"https:\\\/\\\/www.tablaosflamencos.com\\\/wp-content\\\/uploads\\\/hotel-triana-bienal-2026-flamenco.webp\",\"datePublished\":\"2026-09-02T23:21:11+00:00\",\"dateModified\":\"2026-09-02T23:39:01+00:00\",\"description\":\"L\u2019Hotel Triana revient \u00e0 la Biennale 2026 avec Mujeres gitanas, Uvitas negras et Andaluc\u00eda en el tiempo : dates, artistes, horaires et billets.\",\"breadcrumb\":{\"@id\":\"https:\\\/\\\/www.tablaosflamencos.com\\\/fr\\\/hotel-triana-biennale-flamenco-seville-2026.html#breadcrumb\"},\"inLanguage\":\"fr-FR\",\"potentialAction\":[{\"@type\":\"ReadAction\",\"target\":[\"https:\\\/\\\/www.tablaosflamencos.com\\\/fr\\\/hotel-triana-biennale-flamenco-seville-2026.html\"]}]},{\"@type\":\"ImageObject\",\"inLanguage\":\"fr-FR\",\"@id\":\"https:\\\/\\\/www.tablaosflamencos.com\\\/fr\\\/hotel-triana-biennale-flamenco-seville-2026.html#primaryimage\",\"url\":\"https:\\\/\\\/www.tablaosflamencos.com\\\/wp-content\\\/uploads\\\/hotel-triana-bienal-2026-flamenco.webp\",\"contentUrl\":\"https:\\\/\\\/www.tablaosflamencos.com\\\/wp-content\\\/uploads\\\/hotel-triana-bienal-2026-flamenco.webp\",\"width\":1536,\"height\":1024,\"caption\":\"La Bienal vuelve al Hotel Triana: tres noches de flamenco en un antiguo corral de vecinos\"},{\"@type\":\"BreadcrumbList\",\"@id\":\"https:\\\/\\\/www.tablaosflamencos.com\\\/fr\\\/hotel-triana-biennale-flamenco-seville-2026.html#breadcrumb\",\"itemListElement\":[{\"@type\":\"ListItem\",\"position\":1,\"name\":\"Home\",\"item\":\"https:\\\/\\\/www.tablaosflamencos.com\\\/fr\"},{\"@type\":\"ListItem\",\"position\":2,\"name\":\"La Biennale revient \u00e0 l\u2019Hotel Triana : trois nuits de flamenco dans un ancien corral de vecinos\"}]},{\"@type\":\"WebSite\",\"@id\":\"https:\\\/\\\/www.tablaosflamencos.com\\\/fr#website\",\"url\":\"https:\\\/\\\/www.tablaosflamencos.com\\\/fr\",\"name\":\"Tablaos Flamencos\",\"description\":\"Entradas para tablaos flamencos de Espa\u00f1a\",\"publisher\":{\"@id\":\"https:\\\/\\\/www.tablaosflamencos.com\\\/fr#organization\"},\"alternateName\":\"Tablaos Flamencos\",\"potentialAction\":[{\"@type\":\"SearchAction\",\"target\":{\"@type\":\"EntryPoint\",\"urlTemplate\":\"https:\\\/\\\/www.tablaosflamencos.com\\\/fr?s={search_term_string}\"},\"query-input\":{\"@type\":\"PropertyValueSpecification\",\"valueRequired\":true,\"valueName\":\"search_term_string\"}}],\"inLanguage\":\"fr-FR\"},{\"@type\":[\"Organization\",\"Place\",\"EntertainmentBusiness\"],\"@id\":\"https:\\\/\\\/www.tablaosflamencos.com\\\/fr#organization\",\"name\":\"Tablaos Flamencos\",\"alternateName\":\"Tablaos Flamencos\",\"url\":\"https:\\\/\\\/www.tablaosflamencos.com\\\/fr\",\"logo\":{\"@id\":\"https:\\\/\\\/www.tablaosflamencos.com\\\/fr\\\/hotel-triana-biennale-flamenco-seville-2026.html#local-main-organization-logo\"},\"image\":{\"@id\":\"https:\\\/\\\/www.tablaosflamencos.com\\\/fr\\\/hotel-triana-biennale-flamenco-seville-2026.html#local-main-organization-logo\"},\"sameAs\":[\"https:\\\/\\\/www.facebook.com\\\/tablaosflamencos\",\"https:\\\/\\\/x.com\\\/tablaosflamenco\",\"https:\\\/\\\/mastodon.social\\\/@tablaosflamencos\",\"https:\\\/\\\/www.instagram.com\\\/tablaosflamencos\",\"https:\\\/\\\/tiktok.com\\\/@tablaosflamencos\",\"https:\\\/\\\/www.linkedin.com\\\/company\\\/109408238\\\/\"],\"description\":\"Venta de entradas para espect\u00e1culos flamencos\",\"legalName\":\"Tablaos Flamencos\",\"foundingDate\":\"2015-01-01\",\"numberOfEmployees\":{\"@type\":\"QuantitativeValue\",\"minValue\":\"1\",\"maxValue\":\"10\"},\"address\":{\"@id\":\"https:\\\/\\\/www.tablaosflamencos.com\\\/fr\\\/hotel-triana-biennale-flamenco-seville-2026.html#local-main-place-address\"},\"geo\":{\"@type\":\"GeoCoordinates\",\"latitude\":\"37.3868072\",\"longitude\":\"-5.993280299999999\"},\"telephone\":[\"+34623787787\"],\"contactPoint\":{\"@type\":\"ContactPoint\",\"telephone\":\"+34623787787\",\"email\":\"info@tablaosflamencos.com\"},\"openingHoursSpecification\":{\"@type\":\"OpeningHoursSpecification\",\"dayOfWeek\":[\"Monday\",\"Tuesday\",\"Wednesday\",\"Thursday\",\"Friday\",\"Saturday\",\"Sunday\"],\"opens\":\"00:00\",\"closes\":\"23:59\"},\"email\":\"info@tablaosflamencos.com\",\"priceRange\":\"$$$\",\"currenciesAccepted\":\"\u20ac\"},{\"@type\":\"Person\",\"@id\":\"https:\\\/\\\/www.tablaosflamencos.com\\\/fr#\\\/schema\\\/person\\\/e7a9ebe14eb75a52ceabfbffb3c54f5d\",\"name\":\"Miguel Ortiz\",\"description\":\"Miguel Ortiz es un empresario flamenco, con una s\u00f3lida trayectoria dentro del sector. Ha presidido entidades culturales vinculadas al flamenco y, cuenta con un amplio recorrido profesional en la gesti\u00f3n y promoci\u00f3n de espect\u00e1culos y tablaos flamencos. Su pasi\u00f3n por la historia y el arte flamenco se refleja en cada art\u00edculo, donde combina experiencia, criterio y un profundo respeto por la tradici\u00f3n.\",\"sameAs\":[\"https:\\\/\\\/www.tablaosflamencos.com\",\"https:\\\/\\\/www.instagra.com\\\/miguelortizfe\",\"https:\\\/\\\/www.linkedin.com\\\/in\\\/miguelortizf\\\/\"],\"birthDate\":\"1984-11-22\",\"gender\":\"hombre\",\"knowsLanguage\":[\"espa\u00f1ol\",\"ingl\u00e9s\"],\"jobTitle\":\"Empresario flamenco\"},{\"@type\":\"PostalAddress\",\"@id\":\"https:\\\/\\\/www.tablaosflamencos.com\\\/fr\\\/hotel-triana-biennale-flamenco-seville-2026.html#local-main-place-address\",\"streetAddress\":\"C\\\/ Alemanes, 19\",\"addressLocality\":\"Sevilla\",\"postalCode\":\"41004\",\"addressRegion\":\"Sevilla\",\"addressCountry\":\"ES\"},{\"@type\":\"ImageObject\",\"inLanguage\":\"fr-FR\",\"@id\":\"https:\\\/\\\/www.tablaosflamencos.com\\\/fr\\\/hotel-triana-biennale-flamenco-seville-2026.html#local-main-organization-logo\",\"url\":\"https:\\\/\\\/www.tablaosflamencos.com\\\/wp-content\\\/uploads\\\/tablaos-flamencos-06-3.webp\",\"contentUrl\":\"https:\\\/\\\/www.tablaosflamencos.com\\\/wp-content\\\/uploads\\\/tablaos-flamencos-06-3.webp\",\"width\":600,\"height\":620,\"caption\":\"Tablaos Flamencos\"}]}<\/script>\n<meta name=\"geo.placename\" content=\"Sevilla\" \/>\n<meta name=\"geo.position\" content=\"37.3868072;-5.993280299999999\" \/>\n<meta name=\"geo.region\" content=\"Espagne\" \/>\n<!-- \/ Yoast SEO Premium plugin. -->","yoast_head_json":{"title":"Hotel Triana \u00e0 la Biennale 2026 : programme et trois nuits","description":"L\u2019Hotel Triana revient \u00e0 la Biennale 2026 avec Mujeres gitanas, Uvitas negras et Andaluc\u00eda en el tiempo : dates, artistes, horaires et billets.","robots":{"index":"index","follow":"follow","max-snippet":"max-snippet:-1","max-image-preview":"max-image-preview:large","max-video-preview":"max-video-preview:-1"},"canonical":"https:\/\/www.tablaosflamencos.com\/fr\/hotel-triana-biennale-flamenco-seville-2026.html","og_locale":"fr_FR","og_type":"article","og_title":"La Biennale revient \u00e0 l\u2019Hotel Triana : trois nuits de flamenco dans un ancien corral de vecinos","og_description":"L\u2019Hotel Triana revient \u00e0 la Biennale 2026 avec Mujeres gitanas, Uvitas negras et Andaluc\u00eda en el tiempo : dates, artistes, horaires et billets.","og_url":"https:\/\/www.tablaosflamencos.com\/fr\/hotel-triana-biennale-flamenco-seville-2026.html","og_site_name":"Tablaos Flamencos","article_publisher":"https:\/\/www.facebook.com\/tablaosflamencos","article_published_time":"2026-09-02T23:21:11+00:00","article_modified_time":"2026-09-02T23:39:01+00:00","og_image":[{"width":1536,"height":1024,"url":"https:\/\/www.tablaosflamencos.com\/wp-content\/uploads\/hotel-triana-bienal-2026-flamenco.webp","type":"image\/webp"}],"author":"Miguel Ortiz","twitter_card":"summary_large_image","twitter_creator":"@tablaosflamenco","twitter_site":"@tablaosflamenco","twitter_misc":{"\u00c9crit par":"Miguel Ortiz","Dur\u00e9e de lecture estim\u00e9e":"16 minutes"},"schema":{"@context":"https:\/\/schema.org","@graph":[{"@type":"Article","@id":"https:\/\/www.tablaosflamencos.com\/fr\/hotel-triana-biennale-flamenco-seville-2026.html#article","isPartOf":{"@id":"https:\/\/www.tablaosflamencos.com\/fr\/hotel-triana-biennale-flamenco-seville-2026.html"},"author":{"name":"Miguel Ortiz","@id":"https:\/\/www.tablaosflamencos.com\/fr#\/schema\/person\/e7a9ebe14eb75a52ceabfbffb3c54f5d"},"headline":"La Biennale revient \u00e0 l\u2019Hotel Triana : trois nuits de flamenco dans un ancien corral de vecinos","datePublished":"2026-09-02T23:21:11+00:00","dateModified":"2026-09-02T23:39:01+00:00","mainEntityOfPage":{"@id":"https:\/\/www.tablaosflamencos.com\/fr\/hotel-triana-biennale-flamenco-seville-2026.html"},"wordCount":3121,"publisher":{"@id":"https:\/\/www.tablaosflamencos.com\/fr#organization"},"image":{"@id":"https:\/\/www.tablaosflamencos.com\/fr\/hotel-triana-biennale-flamenco-seville-2026.html#primaryimage"},"thumbnailUrl":"https:\/\/www.tablaosflamencos.com\/wp-content\/uploads\/hotel-triana-bienal-2026-flamenco.webp","keywords":["agenda flamenca","Bienal 2026","Bienal de Flamenco","festivales flamencos","flamenco en Sevilla","flamenco en Triana","sevilla"],"articleSection":["Biennale de Flamenco"],"inLanguage":"fr-FR"},{"@type":"WebPage","@id":"https:\/\/www.tablaosflamencos.com\/fr\/hotel-triana-biennale-flamenco-seville-2026.html","url":"https:\/\/www.tablaosflamencos.com\/fr\/hotel-triana-biennale-flamenco-seville-2026.html","name":"Hotel Triana \u00e0 la Biennale 2026 : programme et trois nuits","isPartOf":{"@id":"https:\/\/www.tablaosflamencos.com\/fr#website"},"primaryImageOfPage":{"@id":"https:\/\/www.tablaosflamencos.com\/fr\/hotel-triana-biennale-flamenco-seville-2026.html#primaryimage"},"image":{"@id":"https:\/\/www.tablaosflamencos.com\/fr\/hotel-triana-biennale-flamenco-seville-2026.html#primaryimage"},"thumbnailUrl":"https:\/\/www.tablaosflamencos.com\/wp-content\/uploads\/hotel-triana-bienal-2026-flamenco.webp","datePublished":"2026-09-02T23:21:11+00:00","dateModified":"2026-09-02T23:39:01+00:00","description":"L\u2019Hotel Triana revient \u00e0 la Biennale 2026 avec Mujeres gitanas, Uvitas negras et Andaluc\u00eda en el tiempo : dates, artistes, horaires et billets.","breadcrumb":{"@id":"https:\/\/www.tablaosflamencos.com\/fr\/hotel-triana-biennale-flamenco-seville-2026.html#breadcrumb"},"inLanguage":"fr-FR","potentialAction":[{"@type":"ReadAction","target":["https:\/\/www.tablaosflamencos.com\/fr\/hotel-triana-biennale-flamenco-seville-2026.html"]}]},{"@type":"ImageObject","inLanguage":"fr-FR","@id":"https:\/\/www.tablaosflamencos.com\/fr\/hotel-triana-biennale-flamenco-seville-2026.html#primaryimage","url":"https:\/\/www.tablaosflamencos.com\/wp-content\/uploads\/hotel-triana-bienal-2026-flamenco.webp","contentUrl":"https:\/\/www.tablaosflamencos.com\/wp-content\/uploads\/hotel-triana-bienal-2026-flamenco.webp","width":1536,"height":1024,"caption":"La Bienal vuelve al Hotel Triana: tres noches de flamenco en un antiguo corral de vecinos"},{"@type":"BreadcrumbList","@id":"https:\/\/www.tablaosflamencos.com\/fr\/hotel-triana-biennale-flamenco-seville-2026.html#breadcrumb","itemListElement":[{"@type":"ListItem","position":1,"name":"Home","item":"https:\/\/www.tablaosflamencos.com\/fr"},{"@type":"ListItem","position":2,"name":"La Biennale revient \u00e0 l\u2019Hotel Triana : trois nuits de flamenco dans un ancien corral de vecinos"}]},{"@type":"WebSite","@id":"https:\/\/www.tablaosflamencos.com\/fr#website","url":"https:\/\/www.tablaosflamencos.com\/fr","name":"Tablaos Flamencos","description":"Entradas para tablaos flamencos de Espa\u00f1a","publisher":{"@id":"https:\/\/www.tablaosflamencos.com\/fr#organization"},"alternateName":"Tablaos Flamencos","potentialAction":[{"@type":"SearchAction","target":{"@type":"EntryPoint","urlTemplate":"https:\/\/www.tablaosflamencos.com\/fr?s={search_term_string}"},"query-input":{"@type":"PropertyValueSpecification","valueRequired":true,"valueName":"search_term_string"}}],"inLanguage":"fr-FR"},{"@type":["Organization","Place","EntertainmentBusiness"],"@id":"https:\/\/www.tablaosflamencos.com\/fr#organization","name":"Tablaos Flamencos","alternateName":"Tablaos Flamencos","url":"https:\/\/www.tablaosflamencos.com\/fr","logo":{"@id":"https:\/\/www.tablaosflamencos.com\/fr\/hotel-triana-biennale-flamenco-seville-2026.html#local-main-organization-logo"},"image":{"@id":"https:\/\/www.tablaosflamencos.com\/fr\/hotel-triana-biennale-flamenco-seville-2026.html#local-main-organization-logo"},"sameAs":["https:\/\/www.facebook.com\/tablaosflamencos","https:\/\/x.com\/tablaosflamenco","https:\/\/mastodon.social\/@tablaosflamencos","https:\/\/www.instagram.com\/tablaosflamencos","https:\/\/tiktok.com\/@tablaosflamencos","https:\/\/www.linkedin.com\/company\/109408238\/"],"description":"Venta de entradas para espect\u00e1culos flamencos","legalName":"Tablaos Flamencos","foundingDate":"2015-01-01","numberOfEmployees":{"@type":"QuantitativeValue","minValue":"1","maxValue":"10"},"address":{"@id":"https:\/\/www.tablaosflamencos.com\/fr\/hotel-triana-biennale-flamenco-seville-2026.html#local-main-place-address"},"geo":{"@type":"GeoCoordinates","latitude":"37.3868072","longitude":"-5.993280299999999"},"telephone":["+34623787787"],"contactPoint":{"@type":"ContactPoint","telephone":"+34623787787","email":"info@tablaosflamencos.com"},"openingHoursSpecification":{"@type":"OpeningHoursSpecification","dayOfWeek":["Monday","Tuesday","Wednesday","Thursday","Friday","Saturday","Sunday"],"opens":"00:00","closes":"23:59"},"email":"info@tablaosflamencos.com","priceRange":"$$$","currenciesAccepted":"\u20ac"},{"@type":"Person","@id":"https:\/\/www.tablaosflamencos.com\/fr#\/schema\/person\/e7a9ebe14eb75a52ceabfbffb3c54f5d","name":"Miguel Ortiz","description":"Miguel Ortiz es un empresario flamenco, con una s\u00f3lida trayectoria dentro del sector. Ha presidido entidades culturales vinculadas al flamenco y, cuenta con un amplio recorrido profesional en la gesti\u00f3n y promoci\u00f3n de espect\u00e1culos y tablaos flamencos. Su pasi\u00f3n por la historia y el arte flamenco se refleja en cada art\u00edculo, donde combina experiencia, criterio y un profundo respeto por la tradici\u00f3n.","sameAs":["https:\/\/www.tablaosflamencos.com","https:\/\/www.instagra.com\/miguelortizfe","https:\/\/www.linkedin.com\/in\/miguelortizf\/"],"birthDate":"1984-11-22","gender":"hombre","knowsLanguage":["espa\u00f1ol","ingl\u00e9s"],"jobTitle":"Empresario flamenco"},{"@type":"PostalAddress","@id":"https:\/\/www.tablaosflamencos.com\/fr\/hotel-triana-biennale-flamenco-seville-2026.html#local-main-place-address","streetAddress":"C\/ Alemanes, 19","addressLocality":"Sevilla","postalCode":"41004","addressRegion":"Sevilla","addressCountry":"ES"},{"@type":"ImageObject","inLanguage":"fr-FR","@id":"https:\/\/www.tablaosflamencos.com\/fr\/hotel-triana-biennale-flamenco-seville-2026.html#local-main-organization-logo","url":"https:\/\/www.tablaosflamencos.com\/wp-content\/uploads\/tablaos-flamencos-06-3.webp","contentUrl":"https:\/\/www.tablaosflamencos.com\/wp-content\/uploads\/tablaos-flamencos-06-3.webp","width":600,"height":620,"caption":"Tablaos Flamencos"}]},"geo.placename":"Sevilla","geo.position":{"lat":"37.3868072","long":"-5.993280299999999"},"geo.region":"Espagne"},"_links":{"self":[{"href":"https:\/\/www.tablaosflamencos.com\/fr\/wp-json\/wp\/v2\/posts\/14153","targetHints":{"allow":["GET"]}}],"collection":[{"href":"https:\/\/www.tablaosflamencos.com\/fr\/wp-json\/wp\/v2\/posts"}],"about":[{"href":"https:\/\/www.tablaosflamencos.com\/fr\/wp-json\/wp\/v2\/types\/post"}],"author":[{"embeddable":true,"href":"https:\/\/www.tablaosflamencos.com\/fr\/wp-json\/wp\/v2\/users\/1"}],"replies":[{"embeddable":true,"href":"https:\/\/www.tablaosflamencos.com\/fr\/wp-json\/wp\/v2\/comments?post=14153"}],"version-history":[{"count":1,"href":"https:\/\/www.tablaosflamencos.com\/fr\/wp-json\/wp\/v2\/posts\/14153\/revisions"}],"predecessor-version":[{"id":14199,"href":"https:\/\/www.tablaosflamencos.com\/fr\/wp-json\/wp\/v2\/posts\/14153\/revisions\/14199"}],"wp:featuredmedia":[{"embeddable":true,"href":"https:\/\/www.tablaosflamencos.com\/fr\/wp-json\/wp\/v2\/media\/14087"}],"wp:attachment":[{"href":"https:\/\/www.tablaosflamencos.com\/fr\/wp-json\/wp\/v2\/media?parent=14153"}],"wp:term":[{"taxonomy":"category","embeddable":true,"href":"https:\/\/www.tablaosflamencos.com\/fr\/wp-json\/wp\/v2\/categories?post=14153"},{"taxonomy":"post_tag","embeddable":true,"href":"https:\/\/www.tablaosflamencos.com\/fr\/wp-json\/wp\/v2\/tags?post=14153"}],"curies":[{"name":"wp","href":"https:\/\/api.w.org\/{rel}","templated":true}]}}