{"id":14137,"date":"2026-09-03T01:18:36","date_gmt":"2026-09-02T23:18:36","guid":{"rendered":"https:\/\/www.tablaosflamencos.com\/?p=14137"},"modified":"2026-09-03T01:40:24","modified_gmt":"2026-09-02T23:40:24","slug":"cante-biennale-flamenco-seville-2026","status":"publish","type":"post","link":"https:\/\/www.tablaosflamencos.com\/fr\/cante-biennale-flamenco-seville-2026.html","title":{"rendered":"Le cante \u00e0 la Biennale 2026 : g\u00e9n\u00e9rations, artistes et grandes voix"},"content":{"rendered":"<section class=\"l-section wpb_row height_huge\"><div class=\"l-section-h i-cf\"><div class=\"g-cols vc_row via_flex valign_top type_default stacking_default\"><div class=\"vc_col-sm-6 wpb_column vc_column_container\"><div class=\"vc_column-inner\"><div class=\"wpb_wrapper\"><div class=\"wpb_text_column\"><div class=\"wpb_wrapper\"><h2>Le cante \u00e0 la Biennale 2026 : g\u00e9n\u00e9rations, artistes et grandes voix<\/h2>\n<p>La <strong>XXIVe Biennale de Flamenco de S\u00e9ville<\/strong> place le cante au c\u0153ur de sa programmation. Entre le <strong>9 septembre et le 3 octobre 2026<\/strong>, S\u00e9ville r\u00e9unira des voix de plusieurs g\u00e9n\u00e9rations, \u00e9coles et territoires dans une \u00e9dition que l\u2019organisation elle-m\u00eame r\u00e9sume par un chiffre particuli\u00e8rement r\u00e9v\u00e9lateur : <strong>pr\u00e8s de trente propositions li\u00e9es au cante et plus d\u2019une centaine de voix<\/strong> tout au long du festival.<\/p>\n<p>Il n\u2019existe donc pas une seule mani\u00e8re de suivre le cante dans cette Biennale. Le programme permet de passer de figures historiques comme <strong>Jos\u00e9 Merc\u00e9, Carmen Linares ou Jos\u00e9 de la Tomasa<\/strong> \u00e0 des artistes pleinement confirm\u00e9s comme <strong>Arc\u00e1ngel, Mayte Mart\u00edn, Marina Heredia, Israel Fern\u00e1ndez, Antonio Reyes ou La Tremendita<\/strong>, puis \u00e0 une g\u00e9n\u00e9ration plus jeune repr\u00e9sent\u00e9e par des noms comme <strong>\u00c1ngeles Toledano, Mar\u00eda Terremoto, Roc\u00edo Luna, El Perrete ou Manuel de la Tomasa<\/strong>.<\/p>\n<p>Ce guide organise cette carte pour vous aider \u00e0 comprendre <strong>quelles g\u00e9n\u00e9rations coexistent, quels artistes m\u00e9ritent d\u2019\u00eatre suivis et quelles sont certaines des dates les plus importantes pour ceux qui veulent faire du cante le fil conducteur de leur Biennale 2026<\/strong>.<\/p>\n<\/div><\/div><\/div><\/div><\/div><div class=\"vc_col-sm-6 wpb_column vc_column_container\"><div class=\"vc_column-inner\"><div class=\"wpb_wrapper\"><div class=\"w-image us_custom_8ec565b2 has_aspect_ratio align_center\"><div class=\"w-image-h\"><img fetchpriority=\"high\" decoding=\"async\" width=\"1024\" height=\"768\" src=\"https:\/\/www.tablaosflamencos.com\/wp-content\/uploads\/el-cante-en-la-bienal-2026-generaciones-artistas-y-grandes-voces-01-1-1024x768.webp\" class=\"attachment-large size-large\" alt=\"El cante en la Bienal 2026: generaciones, artistas y grandes voces\" loading=\"eager\" srcset=\"https:\/\/www.tablaosflamencos.com\/wp-content\/uploads\/el-cante-en-la-bienal-2026-generaciones-artistas-y-grandes-voces-01-1-1024x768.webp 1024w, https:\/\/www.tablaosflamencos.com\/wp-content\/uploads\/el-cante-en-la-bienal-2026-generaciones-artistas-y-grandes-voces-01-1-300x225.webp 300w, https:\/\/www.tablaosflamencos.com\/wp-content\/uploads\/el-cante-en-la-bienal-2026-generaciones-artistas-y-grandes-voces-01-1-600x450.webp 600w, https:\/\/www.tablaosflamencos.com\/wp-content\/uploads\/el-cante-en-la-bienal-2026-generaciones-artistas-y-grandes-voces-01-1-150x113.webp 150w, https:\/\/www.tablaosflamencos.com\/wp-content\/uploads\/el-cante-en-la-bienal-2026-generaciones-artistas-y-grandes-voces-01-1.webp 1448w\" sizes=\"auto, (max-width: 1024px) 100vw, 1024px\" \/><\/div><\/div><\/div><\/div><\/div><\/div><\/div><\/section><section class=\"l-section wpb_row height_huge color_alternate with_shape\"><div class=\"l-section-shape type_zigzag pos_top hor_flip\" style=\"height:3vmin;\"><svg xmlns=\"http:\/\/www.w3.org\/2000\/svg\" viewBox=\"0 0 64 8\" preserveAspectRatio=\"none\" width=\"100%\" height=\"100%\">\r\n\t<path fill=\"currentColor\" d=\"M64 8 L0 8 L0 0 L20 7.9 L40 3 L48 5 L64 0 Z\"\/>\r\n<\/svg><\/div><div class=\"l-section-shape type_zigzag pos_bottom\" style=\"height:3vmin;\"><svg xmlns=\"http:\/\/www.w3.org\/2000\/svg\" viewBox=\"0 0 64 8\" preserveAspectRatio=\"none\" width=\"100%\" height=\"100%\">\r\n\t<path fill=\"currentColor\" d=\"M64 8 L0 8 L0 0 L20 7.9 L40 3 L48 5 L64 0 Z\"\/>\r\n<\/svg><\/div><div class=\"l-section-h i-cf\"><div class=\"g-cols vc_row via_flex valign_top type_default stacking_default\"><div class=\"vc_col-sm-12 wpb_column vc_column_container\"><div class=\"vc_column-inner\"><div class=\"wpb_wrapper\"><div class=\"wpb_text_column\"><div class=\"wpb_wrapper\"><blockquote>\n<p><strong>R\u00e9ponse rapide :<\/strong> la Biennale de Flamenco de S\u00e9ville 2026 propose l\u2019un de ses programmes de cante les plus vastes et les plus divers en termes de g\u00e9n\u00e9rations. Parmi les rendez-vous majeurs figurent le gala <em>El mundo por montera<\/em>, \u00c1ngeles Toledano, Israel Fern\u00e1ndez, Rancapino Chico, Arc\u00e1ngel, Antonio Reyes, Jos\u00e9 Merc\u00e9, Mayte Mart\u00edn, Marina Heredia et la cl\u00f4ture de Carmen Linares avec Marina Heredia, Mar\u00eda Terremoto et Roc\u00edo Luna. L\u2019int\u00e9r\u00eat du programme ne r\u00e9side pas seulement dans les grands noms : il tient aussi \u00e0 la mani\u00e8re dont il confronte tradition et pr\u00e9sent, r\u00e9unit des lign\u00e9es et cr\u00e9e des dialogues entre g\u00e9n\u00e9rations.<\/p>\n<\/blockquote>\n<p><strong>Derni\u00e8re mise \u00e0 jour : 2 septembre 2026.<\/strong> La programmation et la disponibilit\u00e9 des billets peuvent \u00e9voluer. Consultez toujours la fiche officielle de chaque spectacle avant d\u2019organiser votre visite.<\/p>\n<p><a href=\"https:\/\/www.tablaosflamencos.com\/fr\/biennale-flamenco-seville-2026.html\"><strong>Guide complet de la Biennale 2026<\/strong><\/a> \u00b7 <a href=\"https:\/\/www.tablaosflamencos.com\/fr\/nuits-uniques-biennale-flamenco-seville-2026.html\"><strong>Soir\u00e9es Uniques<\/strong><\/a> \u00b7 <a href=\"https:\/\/www.labienal.com\/programa-general\" target=\"_blank\" rel=\"noopener\"><strong>Programme officiel<\/strong><\/a><\/p>\n<\/div><\/div><\/div><\/div><\/div><\/div><\/div><\/section><section class=\"l-section wpb_row height_huge\"><div class=\"l-section-h i-cf\"><div class=\"g-cols vc_row via_flex valign_top type_default stacking_default\"><div class=\"vc_col-sm-1\/5 wpb_column vc_column_container\"><div class=\"vc_column-inner\"><div class=\"wpb_wrapper\"><\/div><\/div><\/div><div class=\"vc_col-sm-3\/5 wpb_column vc_column_container\"><div class=\"vc_column-inner\"><div class=\"wpb_wrapper\"><div class=\"wpb_text_column\"><div class=\"wpb_wrapper\"><h2>Contenu de ce guide<\/h2>\n<ul>\n<li><a href=\"#cante-corazon\">Pourquoi le cante occupe une place centrale<\/a><\/li>\n<li><a href=\"#maestros\">Ma\u00eetres et grandes r\u00e9f\u00e9rences<\/a><\/li>\n<li><a href=\"#consolidados\">La g\u00e9n\u00e9ration confirm\u00e9e<\/a><\/li>\n<li><a href=\"#jovenes\">Les nouvelles voix<\/a><\/li>\n<li><a href=\"#sagas\">Lign\u00e9es, territoires et m\u00e9moire<\/a><\/li>\n<li><a href=\"#mujeres\">Les voix f\u00e9minines<\/a><\/li>\n<li><a href=\"#fechas-clave\">Dates cl\u00e9s<\/a><\/li>\n<li><a href=\"#elegir\">Que choisir selon votre profil<\/a><\/li>\n<li><a href=\"#faq-cante\">Questions fr\u00e9quentes<\/a><\/li>\n<\/ul>\n<\/div><\/div><\/div><\/div><\/div><div class=\"vc_col-sm-1\/5 wpb_column vc_column_container\"><div class=\"vc_column-inner\"><div class=\"wpb_wrapper\"><\/div><\/div><\/div><\/div><\/div><\/section><section class=\"l-section wpb_row height_huge color_alternate with_shape\"><div class=\"l-section-shape type_zigzag pos_top\" style=\"height:3vmin;\"><svg xmlns=\"http:\/\/www.w3.org\/2000\/svg\" viewBox=\"0 0 64 8\" preserveAspectRatio=\"none\" width=\"100%\" height=\"100%\">\r\n\t<path fill=\"currentColor\" d=\"M64 8 L0 8 L0 0 L20 7.9 L40 3 L48 5 L64 0 Z\"\/>\r\n<\/svg><\/div><div class=\"l-section-shape type_zigzag pos_bottom\" style=\"height:3vmin;\"><svg xmlns=\"http:\/\/www.w3.org\/2000\/svg\" viewBox=\"0 0 64 8\" preserveAspectRatio=\"none\" width=\"100%\" height=\"100%\">\r\n\t<path fill=\"currentColor\" d=\"M64 8 L0 8 L0 0 L20 7.9 L40 3 L48 5 L64 0 Z\"\/>\r\n<\/svg><\/div><div class=\"l-section-h i-cf\"><div class=\"g-cols vc_row via_flex valign_top type_default stacking_default\"><div class=\"vc_col-sm-12 wpb_column vc_column_container\"><div class=\"vc_column-inner\"><div class=\"wpb_wrapper\"><div class=\"wpb_text_column\"><div class=\"wpb_wrapper\"><h2 id=\"cante-corazon\">Le cante au c\u0153ur de la XXIVe Biennale<\/h2>\n<p>Parler de plus d\u2019une centaine de voix ne signifie pas que la Biennale ait cr\u00e9\u00e9 un bloc isol\u00e9 consacr\u00e9 exclusivement au cante. C\u2019est plut\u00f4t l\u2019inverse : <strong>la voix traverse toute l\u2019\u00e9dition<\/strong>. Elle est pr\u00e9sente dans les r\u00e9citals de format classique, les cr\u00e9ations mondiales, les grandes productions du Teatro de la Maestranza, les rencontres de lign\u00e9es, les spectacles de danse o\u00f9 le cante joue un r\u00f4le structurel et les Soir\u00e9es Uniques con\u00e7ues sp\u00e9cialement pour S\u00e9ville.<\/p>\n<p>La programmation officielle parle de g\u00e9n\u00e9rations, territoires, \u00e9coles et sensibilit\u00e9s. Cette id\u00e9e permet de mieux comprendre l\u2019\u00e9dition 2026 : il ne s\u2019agit pas de d\u00e9fendre une seule esth\u00e9tique du cante, mais de montrer comment coexistent diff\u00e9rentes mani\u00e8res de se rapporter \u00e0 la tradition.<\/p>\n<p>Dans un m\u00eame festival, on peut entendre des propositions radicalement diff\u00e9rentes : le retour de Mayte Mart\u00edn aux anciens r\u00e9pertoires, la m\u00e9moire des disques 78 tours qui inspire Rancapino Chico, la personnalit\u00e9 musicale contemporaine d\u2019Israel Fern\u00e1ndez, l\u2019\u00e9criture et l\u2019imaginaire propres \u00e0 \u00c1ngeles Toledano ou encore une grande production symphonique de Marina Heredia.<\/p>\n<p>L\u2019un des grands attraits de 2026 est que le public peut comparer la mani\u00e8re dont diff\u00e9rentes g\u00e9n\u00e9rations abordent des questions essentielles du flamenco : <strong>ce que signifie respecter la tradition, jusqu\u2019o\u00f9 un r\u00e9pertoire peut \u00eatre transform\u00e9, comment un cante se transmet et o\u00f9 commence la cr\u00e9ation personnelle<\/strong>.<\/p>\n<\/div><\/div><\/div><\/div><\/div><\/div><\/div><\/section><section class=\"l-section wpb_row height_huge\"><div class=\"l-section-h i-cf\"><div class=\"g-cols vc_row via_flex valign_top type_default stacking_default\"><div class=\"vc_col-sm-12 wpb_column vc_column_container\"><div class=\"vc_column-inner\"><div class=\"wpb_wrapper\"><div class=\"wpb_text_column\"><div class=\"wpb_wrapper\"><h2 id=\"maestros\">Les ma\u00eetres : m\u00e9moire, autorit\u00e9 et transmission<\/h2>\n<p>Parmi les voix \u00e0 la plus longue trajectoire, <strong>Jos\u00e9 Merc\u00e9<\/strong> occupe une place centrale. Le 20 septembre, il revient au Teatro de la Maestranza avec <em>Toquen a rebato<\/em>, une Soir\u00e9e Unique qui reprend une id\u00e9e d\u00e9j\u00e0 mise en \u0153uvre lors de la Biennale 2016 : placer sa voix face \u00e0 trois guitares. Cette fois, le dialogue se fera avec une g\u00e9n\u00e9ration plus jeune de guitaristes \u2014David de Arahal, Jos\u00e9 del Tomate et Manuel Cerpa\u2014, rendant explicite l\u2019id\u00e9e de transmission.<\/p>\n<p>Une autre pr\u00e9sence particuli\u00e8rement importante est celle de <strong>Carmen Linares<\/strong>, \u00e0 la t\u00eate de l\u2019un des grands rendez-vous de cl\u00f4ture. Le 3 octobre, <em>Perlas a millares<\/em> c\u00e9l\u00e8bre le 30e anniversaire de son <em>Antolog\u00eda de la Mujer en el Cante<\/em> et r\u00e9unit Marina Heredia, Mar\u00eda Terremoto et Roc\u00edo Luna, ainsi que Rafaela Carrasco \u00e0 la danse. Le spectacle ne fonctionne pas seulement comme un hommage : il transforme la m\u00e9moire du cante f\u00e9minin en dialogue entre diff\u00e9rentes g\u00e9n\u00e9rations.<\/p>\n<p>\u00c0 ces r\u00e9f\u00e9rences s\u2019ajoutent des noms comme <strong>Jos\u00e9 de la Tomasa<\/strong>, pr\u00e9sent dans le grand gala d\u2019ouverture, ou des voix \u00e0 la personnalit\u00e9 exceptionnelle comme <strong>Aurora Vargas<\/strong>, qui participent \u00e0 une \u00e9dition particuli\u00e8rement attentive \u00e0 la m\u00e9moire et aux r\u00e9pertoires transmis directement.<\/p>\n<h3>Mayte Mart\u00edn : regarder en arri\u00e8re pour affirmer le pr\u00e9sent<\/h3>\n<p>Le 30 septembre, le Teatro Lope de Vega accueille <strong>Mayte Mart\u00edn<\/strong> avec <em>Arqueolog\u00eda de lo puro<\/em>. La proposition part d\u2019une d\u00e9cision esth\u00e9tique tr\u00e8s claire : r\u00e9cup\u00e9rer de grandes \u0153uvres du flamenco ancien, parfois d\u00e9laiss\u00e9es, et les d\u00e9fendre sans les soumettre aux tendances contemporaines.<\/p>\n<p>Il ne s\u2019agit pas de nostalgie. Regarder en arri\u00e8re permet de construire une position artistique actuelle. Cela fait de Mayte Mart\u00edn l\u2019une des r\u00e9f\u00e9rences les plus utiles pour comprendre le d\u00e9bat qui traverse toute la Biennale : <strong>comment conserver sans figer et comment cr\u00e9er sans perdre la m\u00e9moire<\/strong>.<\/p>\n<\/div><\/div><\/div><\/div><\/div><\/div><\/div><\/section><section class=\"l-section wpb_row height_huge color_alternate with_shape\"><div class=\"l-section-shape type_zigzag pos_top\" style=\"height:3vmin;\"><svg xmlns=\"http:\/\/www.w3.org\/2000\/svg\" viewBox=\"0 0 64 8\" preserveAspectRatio=\"none\" width=\"100%\" height=\"100%\">\r\n\t<path fill=\"currentColor\" d=\"M64 8 L0 8 L0 0 L20 7.9 L40 3 L48 5 L64 0 Z\"\/>\r\n<\/svg><\/div><div class=\"l-section-shape type_zigzag pos_bottom\" style=\"height:3vmin;\"><svg xmlns=\"http:\/\/www.w3.org\/2000\/svg\" viewBox=\"0 0 64 8\" preserveAspectRatio=\"none\" width=\"100%\" height=\"100%\">\r\n\t<path fill=\"currentColor\" d=\"M64 8 L0 8 L0 0 L20 7.9 L40 3 L48 5 L64 0 Z\"\/>\r\n<\/svg><\/div><div class=\"l-section-h i-cf\"><div class=\"g-cols vc_row via_flex valign_top type_default stacking_default\"><div class=\"vc_col-sm-12 wpb_column vc_column_container\"><div class=\"vc_column-inner\"><div class=\"wpb_wrapper\"><div class=\"wpb_text_column\"><div class=\"wpb_wrapper\"><h2 id=\"consolidados\">La g\u00e9n\u00e9ration confirm\u00e9e : Arc\u00e1ngel, Marina Heredia, Israel Fern\u00e1ndez et Antonio Reyes<\/h2>\n<p>Entre les ma\u00eetres historiques et les voix les plus jeunes se trouve une g\u00e9n\u00e9ration qui d\u00e9finit depuis des ann\u00e9es le cante contemporain. La Biennale 2026 lui accorde une place tr\u00e8s visible.<\/p>\n<p><strong>Arc\u00e1ngel<\/strong> pr\u00e9sente le 17 septembre au Teatro Lope de Vega <em>La copla del cante<\/em>, une Soir\u00e9e Unique qui revisite la relation entre flamenco et copla \u00e0 travers la m\u00e9moire d\u2019interpr\u00e8tes comme Marchena, Caracol, Pepe Pinto, Canalejas ou La Paquera de Jerez.<\/p>\n<p>Le lendemain, <strong>Antonio Reyes<\/strong> propose <em>Seis cuerdas, seis<\/em>, \u00e9galement au Lope de Vega, en construisant un dialogue entre son cante et six guitaristes : Rafael Riqueni, Manolo Franco, Diego del Morao, Joni Jim\u00e9nez, Jos\u00e9 del Tomate et Nono Reyes.<\/p>\n<p>De son c\u00f4t\u00e9, <strong>Israel Fern\u00e1ndez<\/strong> pr\u00e9sente <em>De oro y marfil<\/em> au Patio de la Monter\u00eda du Real Alc\u00e1zar le 14 septembre, avec Diego del Morao et une formation musicale \u00e9largie. C\u2019est l\u2019une des propositions qui incarnent le mieux une mani\u00e8re de projeter les racines flamencas \u00e0 travers un langage sonore pleinement contemporain.<\/p>\n<h3>Marina Heredia : le cante en grand format<\/h3>\n<p>Le 1er octobre, <strong>Marina Heredia<\/strong> se produit au Teatro de la Maestranza avec l\u2019Orchestre symphonique royal de S\u00e9ville dans <em>\u00a1En libertad! El camino de los gitanos<\/em>. Le spectacle relie m\u00e9moire historique, identit\u00e9 gitane et cr\u00e9ation musicale de grand format.<\/p>\n<p>Sa pr\u00e9sence permet de d\u00e9couvrir une autre dimension du cante : la voix flamenca ne se limite pas au format chanteur-guitare. Elle peut coexister avec un orchestre, une dramaturgie ample et une recherche historique tout en restant le centre expressif de la proposition.<\/p>\n<\/div><\/div><\/div><\/div><\/div><\/div><\/div><\/section><section class=\"l-section wpb_row height_huge\"><div class=\"l-section-h i-cf\"><div class=\"g-cols vc_row via_flex valign_top type_default stacking_default\"><div class=\"vc_col-sm-12 wpb_column vc_column_container\"><div class=\"vc_column-inner\"><div class=\"wpb_wrapper\"><div class=\"wpb_text_column\"><div class=\"wpb_wrapper\"><h2 id=\"jovenes\">Les nouvelles voix : une g\u00e9n\u00e9ration qui cr\u00e9e d\u00e9j\u00e0 son propre langage<\/h2>\n<p>L\u2019un des mouvements les plus int\u00e9ressants de la Biennale 2026 est l\u2019arriv\u00e9e de jeunes artistes qui ne viennent pas seulement comme invit\u00e9s, mais avec <strong>leurs propres projets et discours artistiques<\/strong>.<\/p>\n<p>Le cas le plus \u00e9vident est celui de <strong>\u00c1ngeles Toledano<\/strong>. Le 12 septembre, elle pr\u00e9sente au Teatro Alameda la cr\u00e9ation mondiale de <em>La misma sangre del cuerpo<\/em>, son premier spectacle personnel \u00e0 la Biennale. La proposition prolonge l\u2019univers de son album <em>Sangre Sucia<\/em> et place une cantaora form\u00e9e selon des principes classiques face \u00e0 une \u00e9criture, une esth\u00e9tique et un langage sc\u00e9nique tr\u00e8s personnels.<\/p>\n<p>Sa position est particuli\u00e8rement significative : elle participe aussi \u00e0 <em>El mundo por montera<\/em>, le grand gala du 10 septembre, aux c\u00f4t\u00e9s d\u2019artistes comme Jos\u00e9 Merc\u00e9, Jos\u00e9 de la Tomasa, Arc\u00e1ngel ou La Tremendita. En seulement deux jours, la Biennale la place d\u2019abord dans une g\u00e9n\u00e9alogie collective puis \u00e0 la t\u00eate de sa propre cr\u00e9ation.<\/p>\n<p><strong>Mar\u00eda Terremoto<\/strong> repr\u00e9sente une continuit\u00e9 tr\u00e8s directe avec les grandes lign\u00e9es cantaoras de Jerez, tandis que <strong>Roc\u00edo Luna<\/strong> participe \u00e0 la grande soir\u00e9e finale avec Carmen Linares et Marina Heredia comme l\u2019une des jeunes voix int\u00e9gr\u00e9es \u00e0 un r\u00e9cit historique du cante f\u00e9minin.<\/p>\n<p><strong>El Perrete<\/strong> et <strong>Manuel de la Tomasa<\/strong> participent au gala <em>El mundo por montera<\/em>. \u00c0 cela s\u2019ajoute le <strong>Gala du Circuit andalou des jeunes artistes flamencos<\/strong>, programm\u00e9 le 20 septembre au Teatro Alameda.<\/p>\n<\/div><\/div><\/div><\/div><\/div><\/div><\/div><\/section><section class=\"l-section wpb_row height_huge color_alternate with_shape\"><div class=\"l-section-shape type_zigzag pos_top hor_flip\" style=\"height:3vmin;\"><svg xmlns=\"http:\/\/www.w3.org\/2000\/svg\" viewBox=\"0 0 64 8\" preserveAspectRatio=\"none\" width=\"100%\" height=\"100%\">\r\n\t<path fill=\"currentColor\" d=\"M64 8 L0 8 L0 0 L20 7.9 L40 3 L48 5 L64 0 Z\"\/>\r\n<\/svg><\/div><div class=\"l-section-shape type_zigzag pos_bottom\" style=\"height:3vmin;\"><svg xmlns=\"http:\/\/www.w3.org\/2000\/svg\" viewBox=\"0 0 64 8\" preserveAspectRatio=\"none\" width=\"100%\" height=\"100%\">\r\n\t<path fill=\"currentColor\" d=\"M64 8 L0 8 L0 0 L20 7.9 L40 3 L48 5 L64 0 Z\"\/>\r\n<\/svg><\/div><div class=\"l-section-h i-cf\"><div class=\"g-cols vc_row via_flex valign_top type_default stacking_default\"><div class=\"vc_col-sm-12 wpb_column vc_column_container\"><div class=\"vc_column-inner\"><div class=\"wpb_wrapper\"><div class=\"wpb_text_column\"><div class=\"wpb_wrapper\"><h2 id=\"sagas\">Lign\u00e9es, territoires et formes de transmission du cante<\/h2>\n<p>La Biennale n\u2019organise pas ses voix uniquement selon l\u2019\u00e2ge. Elle les relie aussi par <strong>territoire, famille et tradition d\u2019interpr\u00e9tation<\/strong>.<\/p>\n<p>Le Real Alc\u00e1zar offre un exemple particuli\u00e8rement clair. Apr\u00e8s Israel Fern\u00e1ndez, le 15 septembre <strong>Rancapino Chico<\/strong> cr\u00e9e <em>Pizarra<\/em>, un projet inspir\u00e9 des anciens enregistrements 78 tours et des grands ma\u00eetres du cante. Le lendemain, <em>Xerezan\u00edas<\/em> r\u00e9unit Luis El Zambo, Dolores Agujetas, Antonio de la Malena, Manuel Valencia et Las Tatas de Jerez.<\/p>\n<p>En trois nuits cons\u00e9cutives, le Patio de la Monter\u00eda passe ainsi d\u2019une grande voix contemporaine \u00e0 une r\u00e9flexion sur la m\u00e9moire discographique puis, enfin, \u00e0 une rencontre de lign\u00e9es et de familles li\u00e9es \u00e0 Jerez. Pour un amateur souhaitant comprendre comment le cante se transmet, c\u2019est l\u2019un des ensembles les plus coh\u00e9rents de toute l\u2019\u00e9dition.<\/p>\n<p><a href=\"https:\/\/www.tablaosflamencos.com\/fr\/flamenco-real-alcazar-biennale-seville-2026.html\"><strong>Voir notre guide du flamenco au Real Alc\u00e1zar pendant la Biennale 2026<\/strong><\/a>.<\/p>\n<h3>Une carte vocale de l\u2019Andalousie<\/h3>\n<p>Jerez appara\u00eet avec une grande force \u00e0 travers Merc\u00e9, les lign\u00e9es de <em>Xerezan\u00edas<\/em>, Mar\u00eda Terremoto, Capullo de Jerez ou Jos\u00e9 de los Camarones. Cadix est pr\u00e9sente dans la mani\u00e8re de comprendre le cante de Rancapino Chico et chez des artistes comme Encarna Anillo. Huelva poss\u00e8de une voix fondamentale avec Arc\u00e1ngel ; Grenade avec Marina Heredia ; et S\u00e9ville apporte ses propres figures et lign\u00e9es ainsi que des rencontres cr\u00e9\u00e9es sp\u00e9cialement pour la ville.<\/p>\n<\/div><\/div><\/div><\/div><\/div><\/div><\/div><\/section><section class=\"l-section wpb_row height_huge\"><div class=\"l-section-h i-cf\"><div class=\"g-cols vc_row via_flex valign_top type_default stacking_default\"><div class=\"vc_col-sm-12 wpb_column vc_column_container\"><div class=\"vc_column-inner\"><div class=\"wpb_wrapper\"><div class=\"wpb_text_column\"><div class=\"wpb_wrapper\"><h2 id=\"mujeres\">Les voix f\u00e9minines : de Carmen Linares \u00e0 \u00c1ngeles Toledano et Roc\u00edo Luna<\/h2>\n<p>Le cante f\u00e9minin occupe une place structurelle dans l\u2019\u00e9dition 2026, non seulement par le nombre d\u2019artistes, mais aussi par la mani\u00e8re dont le programme construit un dialogue historique.<\/p>\n<p>Carmen Linares cl\u00f4t la Biennale avec une relecture de son <em>Antolog\u00eda de la Mujer en el Cante<\/em>, \u0153uvre d\u00e9cisive pour r\u00e9cup\u00e9rer et mettre en avant des r\u00e9pertoires associ\u00e9s aux grandes cantaoras du pass\u00e9. Le programme de <em>Perlas a millares<\/em> \u00e9voque des noms comme Ni\u00f1a de los Peines, La Mejorana, La Trini, La Serneta ou La Repompa et ajoute des voix actuelles de diff\u00e9rentes g\u00e9n\u00e9rations.<\/p>\n<p>Marina Heredia, Mar\u00eda Terremoto et Roc\u00edo Luna transforment cet hommage en une ligne vivante, et non en regard mus\u00e9al. \u00c0 un autre endroit du programme, \u00c1ngeles Toledano cr\u00e9e une \u0153uvre n\u00e9e de son propre univers cr\u00e9atif et <strong>La Tremendita<\/strong> pr\u00e9sente <em>Menos es m\u00e1s<\/em>, cr\u00e9ation mondiale du 11 septembre au Teatro Central.<\/p>\n<p>L\u2019une des lectures les plus int\u00e9ressantes du programme f\u00e9minin est pr\u00e9cis\u00e9ment la coexistence de deux mouvements apparemment oppos\u00e9s : <strong>r\u00e9cup\u00e9rer des r\u00e9pertoires et \u00e9crire sa propre voix<\/strong>.<\/p>\n<\/div><\/div><\/div><\/div><\/div><\/div><\/div><\/section><section class=\"l-section wpb_row height_huge color_alternate with_shape\"><div class=\"l-section-shape type_zigzag pos_top hor_flip\" style=\"height:3vmin;\"><svg xmlns=\"http:\/\/www.w3.org\/2000\/svg\" viewBox=\"0 0 64 8\" preserveAspectRatio=\"none\" width=\"100%\" height=\"100%\">\r\n\t<path fill=\"currentColor\" d=\"M64 8 L0 8 L0 0 L20 7.9 L40 3 L48 5 L64 0 Z\"\/>\r\n<\/svg><\/div><div class=\"l-section-shape type_zigzag pos_bottom\" style=\"height:3vmin;\"><svg xmlns=\"http:\/\/www.w3.org\/2000\/svg\" viewBox=\"0 0 64 8\" preserveAspectRatio=\"none\" width=\"100%\" height=\"100%\">\r\n\t<path fill=\"currentColor\" d=\"M64 8 L0 8 L0 0 L20 7.9 L40 3 L48 5 L64 0 Z\"\/>\r\n<\/svg><\/div><div class=\"l-section-h i-cf\"><div class=\"g-cols vc_row via_flex valign_top type_default stacking_default\"><div class=\"vc_col-sm-12 wpb_column vc_column_container\"><div class=\"vc_column-inner\"><div class=\"wpb_wrapper\"><div class=\"wpb_text_column\"><div class=\"wpb_wrapper\"><h2 id=\"fechas-clave\">Dates cl\u00e9s du cante \u00e0 la Biennale 2026<\/h2>\n<div style=\"overflow-x: auto;\">\n<table>\n<thead>\n<tr>\n<th>Date<\/th>\n<th>Artiste \/ proposition<\/th>\n<th>Lieu<\/th>\n<th>Cl\u00e9<\/th>\n<\/tr>\n<\/thead>\n<tbody>\n<tr>\n<td><strong>10 septembre<\/strong><\/td>\n<td><em>El mundo por montera<\/em><\/td>\n<td>Real Maestranza<\/td>\n<td>Gala interg\u00e9n\u00e9rationnel<\/td>\n<\/tr>\n<tr>\n<td><strong>11 septembre<\/strong><\/td>\n<td>La Tremendita \u00b7 <em>Menos es m\u00e1s<\/em><\/td>\n<td>Teatro Central<\/td>\n<td>Cr\u00e9ation mondiale<\/td>\n<\/tr>\n<tr>\n<td><strong>12 septembre<\/strong><\/td>\n<td>\u00c1ngeles Toledano \u00b7 <em>La misma sangre del cuerpo<\/em><\/td>\n<td>Teatro Alameda<\/td>\n<td>Cr\u00e9ation mondiale<\/td>\n<\/tr>\n<tr>\n<td><strong>14 septembre<\/strong><\/td>\n<td>Israel Fern\u00e1ndez \u00b7 <em>De oro y marfil<\/em><\/td>\n<td>Real Alc\u00e1zar<\/td>\n<td>Cante contemporain<\/td>\n<\/tr>\n<tr>\n<td><strong>15 septembre<\/strong><\/td>\n<td>Rancapino Chico \u00b7 <em>Pizarra<\/em><\/td>\n<td>Real Alc\u00e1zar<\/td>\n<td>Cr\u00e9ation mondiale<\/td>\n<\/tr>\n<tr>\n<td><strong>16 septembre<\/strong><\/td>\n<td><em>Xerezan\u00edas<\/em><\/td>\n<td>Real Alc\u00e1zar<\/td>\n<td>Lign\u00e9es de Jerez<\/td>\n<\/tr>\n<tr>\n<td><strong>17 septembre<\/strong><\/td>\n<td>Arc\u00e1ngel \u00b7 <em>La copla del cante<\/em><\/td>\n<td>Lope de Vega<\/td>\n<td>Soir\u00e9e Unique<\/td>\n<\/tr>\n<tr>\n<td><strong>18 septembre<\/strong><\/td>\n<td>Antonio Reyes \u00b7 <em>Seis cuerdas, seis<\/em><\/td>\n<td>Lope de Vega<\/td>\n<td>Cante et six guitares<\/td>\n<\/tr>\n<tr>\n<td><strong>20 septembre<\/strong><\/td>\n<td>Jos\u00e9 Merc\u00e9 \u00b7 <em>Toquen a rebato<\/em><\/td>\n<td>Maestranza<\/td>\n<td>Soir\u00e9e Unique<\/td>\n<\/tr>\n<tr>\n<td><strong>30 septembre<\/strong><\/td>\n<td>Mayte Mart\u00edn \u00b7 <em>Arqueolog\u00eda de lo puro<\/em><\/td>\n<td>Lope de Vega<\/td>\n<td>R\u00e9pertoire ancien<\/td>\n<\/tr>\n<tr>\n<td><strong>1er octobre<\/strong><\/td>\n<td>Marina Heredia + ROSS<\/td>\n<td>Maestranza<\/td>\n<td>Grand format symphonique<\/td>\n<\/tr>\n<tr>\n<td><strong>3 octobre<\/strong><\/td>\n<td>Carmen Linares + invit\u00e9es \u00b7 <em>Perlas a millares<\/em><\/td>\n<td>Maestranza<\/td>\n<td>Cl\u00f4ture interg\u00e9n\u00e9rationnelle<\/td>\n<\/tr>\n<\/tbody>\n<\/table>\n<\/div>\n<p><small>S\u00e9lection indicative de rendez-vous particuli\u00e8rement importants pour suivre le cante. La Biennale comprend de nombreux autres spectacles o\u00f9 la voix flamenca joue un r\u00f4le de premier plan.<\/small><\/p>\n<\/div><\/div><\/div><\/div><\/div><\/div><\/div><\/section><section class=\"l-section wpb_row height_huge\"><div class=\"l-section-h i-cf\"><div class=\"g-cols vc_row via_flex valign_top type_default stacking_default\"><div class=\"vc_col-sm-12 wpb_column vc_column_container\"><div class=\"vc_column-inner\"><div class=\"wpb_wrapper\"><div class=\"wpb_text_column\"><div class=\"wpb_wrapper\"><h2 id=\"elegir\">Que voir selon le type de cante que vous recherchez<\/h2>\n<h3>Si vous recherchez le cante traditionnel<\/h3>\n<p>Si votre priorit\u00e9 est d\u2019entendre des formes classiques et une relation tr\u00e8s directe entre voix, r\u00e9pertoire et guitare, pr\u00eatez une attention particuli\u00e8re \u00e0 <strong>Mayte Mart\u00edn, Rancapino Chico, Jos\u00e9 Merc\u00e9, Antonio Reyes<\/strong> et \u00e0 plusieurs rencontres de lign\u00e9es. Peut \u00e9galement \u00eatre particuli\u00e8rement int\u00e9ressant <em>A canela y clavo<\/em>, avec Esperanza Fern\u00e1ndez, Duquende, Jos\u00e9 Valencia, Pepe Torres et Nazaret Reyes.<\/p>\n<h3>Si vous recherchez le cante le plus contemporain<\/h3>\n<p>Pour une vision plus ouverte sur la cr\u00e9ation actuelle, <strong>\u00c1ngeles Toledano, La Tremendita, Israel Fern\u00e1ndez et Marina Heredia<\/strong> offrent quatre voies tr\u00e8s diff\u00e9rentes. Il n\u2019existe pas une seule \u00ab avant-garde du cante \u00bb : la Biennale montre plusieurs mani\u00e8res d\u2019avancer.<\/p>\n<h3>Si vous voulez comprendre les g\u00e9n\u00e9rations<\/h3>\n<p>La meilleure strat\u00e9gie consiste \u00e0 ne pas choisir des artistes trop semblables. Construisez un petit itin\u00e9raire g\u00e9n\u00e9rationnel : une grande r\u00e9f\u00e9rence historique, une voix confirm\u00e9e et une proposition jeune. Par exemple, Jos\u00e9 Merc\u00e9 ou Mayte Mart\u00edn ; Israel Fern\u00e1ndez, Arc\u00e1ngel ou Marina Heredia ; et \u00c1ngeles Toledano ou l\u2019une des propositions les plus jeunes.<\/p>\n<p><a href=\"https:\/\/www.tablaosflamencos.com\/fr\/biennale-flamenco-seville-2026-billets-prix-reductions.html\"><strong>Billets, prix et r\u00e9ductions<\/strong><\/a> \u00b7 <a href=\"https:\/\/www.tablaosflamencos.com\/fr\/grandes-premieres-biennale-flamenco-seville-2026.html\"><strong>Grandes cr\u00e9ations<\/strong><\/a> \u00b7 <a href=\"https:\/\/www.tablaosflamencos.com\/fr\/biennale-flamenco-seville-2026-billets-epuises-alternatives.html\"><strong>Que voir s\u2019il n\u2019y a plus de billets<\/strong><\/a><\/p>\n<\/div><\/div><\/div><\/div><\/div><\/div><\/div><\/section><section class=\"l-section wpb_row height_huge color_alternate with_shape\"><div class=\"l-section-shape type_zigzag pos_top hor_flip\" style=\"height:3vmin;\"><svg xmlns=\"http:\/\/www.w3.org\/2000\/svg\" viewBox=\"0 0 64 8\" preserveAspectRatio=\"none\" width=\"100%\" height=\"100%\">\r\n\t<path fill=\"currentColor\" d=\"M64 8 L0 8 L0 0 L20 7.9 L40 3 L48 5 L64 0 Z\"\/>\r\n<\/svg><\/div><div class=\"l-section-shape type_zigzag pos_bottom\" style=\"height:3vmin;\"><svg xmlns=\"http:\/\/www.w3.org\/2000\/svg\" viewBox=\"0 0 64 8\" preserveAspectRatio=\"none\" width=\"100%\" height=\"100%\">\r\n\t<path fill=\"currentColor\" d=\"M64 8 L0 8 L0 0 L20 7.9 L40 3 L48 5 L64 0 Z\"\/>\r\n<\/svg><\/div><div class=\"l-section-h i-cf\"><div class=\"g-cols vc_row via_flex valign_top type_default stacking_default\"><div class=\"vc_col-sm-1\/5 wpb_column vc_column_container\"><div class=\"vc_column-inner\"><div class=\"wpb_wrapper\"><\/div><\/div><\/div><div class=\"vc_col-sm-3\/5 wpb_column vc_column_container\"><div class=\"vc_column-inner\"><div class=\"wpb_wrapper\"><div class=\"wpb_text_column\"><div class=\"wpb_wrapper\"><h2 id=\"faq-cante\">Questions fr\u00e9quentes sur le cante \u00e0 la Biennale 2026<\/h2>\n<\/div><\/div><div class=\"w-separator size_medium\"><\/div><div class=\"w-tabs accordion toggle_style_1 has_scrolling\" style=\"--sections-title-size:inherit;--sections-gap:0.5rem;\"><div class=\"w-tabs-sections titles-align_none icon_plus cpos_left\"><div class=\"w-tabs-section\" id=\"lb65\" itemscope itemprop=\"mainEntity\" itemtype=\"https:\/\/schema.org\/Question\"><button type=\"button\" class=\"w-tabs-section-header\" aria-controls=\"content-lb65\" aria-expanded=\"false\"><h3 class=\"w-tabs-section-title\" itemprop=\"name\">Combien de voix participent \u00e0 la Biennale de Flamenco 2026 ?<\/h3><div class=\"w-tabs-section-control\"><\/div><\/button><div  class=\"w-tabs-section-content\" id=\"content-lb65\" itemscope itemprop=\"acceptedAnswer\" itemtype=\"https:\/\/schema.org\/Answer\"><div class=\"w-tabs-section-content-h i-cf\" itemprop=\"text\"><div class=\"wpb_text_column\"><div class=\"wpb_wrapper\"><p>L\u2019organisation parle de <strong>plus d\u2019une centaine de voix<\/strong> r\u00e9parties dans pr\u00e8s d\u2019une trentaine de propositions li\u00e9es au cante. Toutes ne sont pas des r\u00e9citals exclusifs : beaucoup font partie de galas, rencontres, spectacles de danse ou productions de grand format.<\/p>\n<\/div><\/div><\/div><\/div><\/div><div class=\"w-tabs-section\" id=\"qc58\" itemscope itemprop=\"mainEntity\" itemtype=\"https:\/\/schema.org\/Question\"><button type=\"button\" class=\"w-tabs-section-header\" aria-controls=\"content-qc58\" aria-expanded=\"false\"><h3 class=\"w-tabs-section-title\" itemprop=\"name\">Quels sont quelques-uns des grands cantaores de la Biennale 2026 ?<\/h3><div class=\"w-tabs-section-control\"><\/div><\/button><div  class=\"w-tabs-section-content\" id=\"content-qc58\" itemscope itemprop=\"acceptedAnswer\" itemtype=\"https:\/\/schema.org\/Answer\"><div class=\"w-tabs-section-content-h i-cf\" itemprop=\"text\"><div class=\"wpb_text_column\"><div class=\"wpb_wrapper\"><p>Parmi les noms les plus remarquables figurent Jos\u00e9 Merc\u00e9, Carmen Linares, Jos\u00e9 de la Tomasa, Mayte Mart\u00edn, Arc\u00e1ngel, Marina Heredia, Israel Fern\u00e1ndez, Antonio Reyes, La Tremendita, Rancapino Chico, \u00c1ngeles Toledano, Mar\u00eda Terremoto et Roc\u00edo Luna, entre beaucoup d\u2019autres.<\/p>\n<\/div><\/div><\/div><\/div><\/div><div class=\"w-tabs-section\" id=\"vd2c\" itemscope itemprop=\"mainEntity\" itemtype=\"https:\/\/schema.org\/Question\"><button type=\"button\" class=\"w-tabs-section-header\" aria-controls=\"content-vd2c\" aria-expanded=\"false\"><h3 class=\"w-tabs-section-title\" itemprop=\"name\">Y a-t-il de jeunes artistes de cante \u00e0 la Biennale 2026 ?<\/h3><div class=\"w-tabs-section-control\"><\/div><\/button><div  class=\"w-tabs-section-content\" id=\"content-vd2c\" itemscope itemprop=\"acceptedAnswer\" itemtype=\"https:\/\/schema.org\/Answer\"><div class=\"w-tabs-section-content-h i-cf\" itemprop=\"text\"><div class=\"wpb_text_column\"><div class=\"wpb_wrapper\"><p>Oui. \u00c1ngeles Toledano pr\u00e9sente pour la premi\u00e8re fois son propre spectacle \u00e0 la Biennale et des voix comme Roc\u00edo Luna, Mar\u00eda Terremoto, El Perrete et Manuel de la Tomasa sont \u00e9galement pr\u00e9sentes, ainsi que le Gala du Circuit andalou des jeunes artistes flamencos.<\/p>\n<\/div><\/div><\/div><\/div><\/div><div class=\"w-tabs-section\" id=\"te09\" itemscope itemprop=\"mainEntity\" itemtype=\"https:\/\/schema.org\/Question\"><button type=\"button\" class=\"w-tabs-section-header\" aria-controls=\"content-te09\" aria-expanded=\"false\"><h3 class=\"w-tabs-section-title\" itemprop=\"name\">Quelle est l\u2019une des meilleures dates pour entendre plusieurs g\u00e9n\u00e9rations ensemble ?<\/h3><div class=\"w-tabs-section-control\"><\/div><\/button><div  class=\"w-tabs-section-content\" id=\"content-te09\" itemscope itemprop=\"acceptedAnswer\" itemtype=\"https:\/\/schema.org\/Answer\"><div class=\"w-tabs-section-content-h i-cf\" itemprop=\"text\"><div class=\"wpb_text_column\"><div class=\"wpb_wrapper\"><p>Le gala <em>El mundo por montera<\/em>, le 10 septembre \u00e0 la Real Maestranza, r\u00e9unit Jos\u00e9 Merc\u00e9, Jos\u00e9 de la Tomasa, Arc\u00e1ngel, La Tremendita, \u00c1ngeles Toledano, El Perrete et Manuel de la Tomasa, entre autres artistes.<\/p>\n<\/div><\/div><\/div><\/div><\/div><div class=\"w-tabs-section\" id=\"ueef\" itemscope itemprop=\"mainEntity\" itemtype=\"https:\/\/schema.org\/Question\"><button type=\"button\" class=\"w-tabs-section-header\" aria-controls=\"content-ueef\" aria-expanded=\"false\"><h3 class=\"w-tabs-section-title\" itemprop=\"name\">Quel spectacle est consacr\u00e9 au cante f\u00e9minin ?<\/h3><div class=\"w-tabs-section-control\"><\/div><\/button><div  class=\"w-tabs-section-content\" id=\"content-ueef\" itemscope itemprop=\"acceptedAnswer\" itemtype=\"https:\/\/schema.org\/Answer\"><div class=\"w-tabs-section-content-h i-cf\" itemprop=\"text\"><div class=\"wpb_text_column\"><div class=\"wpb_wrapper\"><p><em>Perlas a millares<\/em>, le 3 octobre au Teatro de la Maestranza, c\u00e9l\u00e8bre le 30e anniversaire de l\u2019 <em>Antolog\u00eda de la Mujer en el Cante<\/em> de Carmen Linares. Marina Heredia, Mar\u00eda Terremoto et Roc\u00edo Luna participent \u00e9galement.<\/p>\n<\/div><\/div><\/div><\/div><\/div><div class=\"w-tabs-section\" id=\"nfc2\" itemscope itemprop=\"mainEntity\" itemtype=\"https:\/\/schema.org\/Question\"><button type=\"button\" class=\"w-tabs-section-header\" aria-controls=\"content-nfc2\" aria-expanded=\"false\"><h3 class=\"w-tabs-section-title\" itemprop=\"name\">Quel r\u00e9cital peut m\u2019int\u00e9resser si je recherche un flamenco ancien ?<\/h3><div class=\"w-tabs-section-control\"><\/div><\/button><div  class=\"w-tabs-section-content\" id=\"content-nfc2\" itemscope itemprop=\"acceptedAnswer\" itemtype=\"https:\/\/schema.org\/Answer\"><div class=\"w-tabs-section-content-h i-cf\" itemprop=\"text\"><div class=\"wpb_text_column\"><div class=\"wpb_wrapper\"><p>L\u2019une des propositions les plus claires est <em>Arqueolog\u00eda de lo puro<\/em>, de Mayte Mart\u00edn, le 30 septembre au Teatro Lope de Vega. De m\u00eame, <em>Pizarra<\/em>, de Rancapino Chico, s\u2019inspire d\u2019anciens enregistrements 78 tours.<\/p>\n<\/div><\/div><\/div><\/div><\/div><div class=\"w-tabs-section\" id=\"a08a\" itemscope itemprop=\"mainEntity\" itemtype=\"https:\/\/schema.org\/Question\"><button type=\"button\" class=\"w-tabs-section-header\" aria-controls=\"content-a08a\" aria-expanded=\"false\"><h3 class=\"w-tabs-section-title\" itemprop=\"name\">O\u00f9 se concentre le cante de Jerez ?<\/h3><div class=\"w-tabs-section-control\"><\/div><\/button><div  class=\"w-tabs-section-content\" id=\"content-a08a\" itemscope itemprop=\"acceptedAnswer\" itemtype=\"https:\/\/schema.org\/Answer\"><div class=\"w-tabs-section-content-h i-cf\" itemprop=\"text\"><div class=\"wpb_text_column\"><div class=\"wpb_wrapper\"><p>Jerez appara\u00eet \u00e0 de nombreux moments du programme. Jos\u00e9 Merc\u00e9, Mar\u00eda Terremoto et surtout <em>Xerezan\u00edas<\/em>, le 16 septembre au Real Alc\u00e1zar, avec Luis El Zambo, Dolores Agujetas, Antonio de la Malena, Manuel Valencia et Las Tatas de Jerez, figurent parmi les temps forts.<\/p>\n<\/div><\/div><\/div><\/div><\/div><div class=\"w-tabs-section\" id=\"p153\" itemscope itemprop=\"mainEntity\" itemtype=\"https:\/\/schema.org\/Question\"><button type=\"button\" class=\"w-tabs-section-header\" aria-controls=\"content-p153\" aria-expanded=\"false\"><h3 class=\"w-tabs-section-title\" itemprop=\"name\">Y a-t-il des cr\u00e9ations mondiales li\u00e9es au cante ?<\/h3><div class=\"w-tabs-section-control\"><\/div><\/button><div  class=\"w-tabs-section-content\" id=\"content-p153\" itemscope itemprop=\"acceptedAnswer\" itemtype=\"https:\/\/schema.org\/Answer\"><div class=\"w-tabs-section-content-h i-cf\" itemprop=\"text\"><div class=\"wpb_text_column\"><div class=\"wpb_wrapper\"><p>Oui. Parmi elles figurent <em>Menos es m\u00e1s<\/em> de La Tremendita, <em>La misma sangre del cuerpo<\/em> d\u2019\u00c1ngeles Toledano et <em>Pizarra<\/em> de Rancapino Chico.<\/p>\n<\/div><\/div><\/div><\/div><\/div><div class=\"w-tabs-section\" id=\"w237\" itemscope itemprop=\"mainEntity\" itemtype=\"https:\/\/schema.org\/Question\"><button type=\"button\" class=\"w-tabs-section-header\" aria-controls=\"content-w237\" aria-expanded=\"false\"><h3 class=\"w-tabs-section-title\" itemprop=\"name\">O\u00f9 puis-je consulter les dates et acheter les billets ?<\/h3><div class=\"w-tabs-section-control\"><\/div><\/button><div  class=\"w-tabs-section-content\" id=\"content-w237\" itemscope itemprop=\"acceptedAnswer\" itemtype=\"https:\/\/schema.org\/Answer\"><div class=\"w-tabs-section-content-h i-cf\" itemprop=\"text\"><div class=\"wpb_text_column\"><div class=\"wpb_wrapper\"><p>Le programme complet et les liens de vente se trouvent sur le site officiel de la Biennale. Vous pouvez \u00e9galement consulter notre <a href=\"https:\/\/www.tablaosflamencos.com\/fr\/biennale-flamenco-seville-2026-billets-prix-reductions.html\"><strong>guide des billets, prix et r\u00e9ductions<\/strong><\/a>.<\/p>\n<\/div><\/div><\/div><\/div><\/div><div class=\"w-tabs-section\" id=\"p335\" itemscope itemprop=\"mainEntity\" itemtype=\"https:\/\/schema.org\/Question\"><button type=\"button\" class=\"w-tabs-section-header\" aria-controls=\"content-p335\" aria-expanded=\"false\"><h3 class=\"w-tabs-section-title\" itemprop=\"name\">Que faire si le spectacle que je souhaite voir est complet ?<\/h3><div class=\"w-tabs-section-control\"><\/div><\/button><div  class=\"w-tabs-section-content\" id=\"content-p335\" itemscope itemprop=\"acceptedAnswer\" itemtype=\"https:\/\/schema.org\/Answer\"><div class=\"w-tabs-section-content-h i-cf\" itemprop=\"text\"><div class=\"wpb_text_column\"><div class=\"wpb_wrapper\"><p>Consultez d\u2019abord les canaux officiels au cas o\u00f9 de nouvelles places seraient mises en vente. S\u2019il n\u2019y a plus de disponibilit\u00e9, consultez notre guide sur <a href=\"https:\/\/www.tablaosflamencos.com\/fr\/biennale-flamenco-seville-2026-billets-epuises-alternatives.html\"><strong>ce qu\u2019il faut voir lorsque les billets de la Biennale sont \u00e9puis\u00e9s<\/strong><\/a>.<\/p>\n<\/div><\/div><\/div><\/div><\/div><\/div><\/div><\/div><\/div><\/div><div class=\"vc_col-sm-1\/5 wpb_column vc_column_container\"><div class=\"vc_column-inner\"><div class=\"wpb_wrapper\"><\/div><\/div><\/div><\/div><\/div><\/section><section class=\"l-section wpb_row height_huge\"><div class=\"l-section-h i-cf\"><div class=\"g-cols vc_row via_flex valign_top type_default stacking_default\"><div class=\"vc_col-sm-12 wpb_column vc_column_container\"><div class=\"vc_column-inner\"><div class=\"wpb_wrapper\"><div class=\"wpb_text_column\"><div class=\"wpb_wrapper\"><h2>Une Biennale pour entendre d\u2019o\u00f9 vient le cante et vers o\u00f9 il peut aller<\/h2>\n<p>La programmation 2026 ne pr\u00e9sente pas le cante comme une photographie fig\u00e9e du pass\u00e9. Elle le montre comme une cha\u00eene de transmission en mouvement : des ma\u00eetres qui restent des r\u00e9f\u00e9rences, des artistes confirm\u00e9s qui ont construit leurs propres langages et de jeunes voix qui commencent \u00e0 occuper des espaces de plus grande responsabilit\u00e9 cr\u00e9ative.<\/p>\n<p>Ce croisement de g\u00e9n\u00e9rations est probablement l\u2019une des meilleures raisons de suivre le cante comme fil conducteur de la XXIVe Biennale de Flamenco de S\u00e9ville.<\/p>\n<\/div><\/div><\/div><\/div><\/div><\/div><\/div><\/section>\n","protected":false},"excerpt":{"rendered":"<p>Guide du cante \u00e0 la Biennale de Flamenco de S\u00e9ville 2026 : grands ma\u00eetres, voix confirm\u00e9es, nouveaux talents, lign\u00e9es flamencas, spectacles et dates cl\u00e9s.<\/p>\n","protected":false},"author":1,"featured_media":14112,"comment_status":"closed","ping_status":"closed","sticky":false,"template":"","format":"standard","meta":{"_acf_changed":false,"wpai_generated_summary":"","_ayudawp_aiss_exclude":false,"_ayudawp_aiss_exclude_summary":false,"_ayudawp_aiss_summary":"","_ayudawp_aiss_summary_provider":"","_ayudawp_aiss_summary_hash":"","footnotes":""},"categories":[1428],"tags":[1238,1239,1240,1241,1155,1242],"class_list":["post-14137","post","type-post","status-publish","format-standard","has-post-thumbnail","hentry","category-biennale-de-flamenco","tag-agenda-flamenca","tag-bienal-2026","tag-bienal-de-flamenco","tag-festivales-flamencos","tag-flamenco-en-sevilla","tag-sevilla"],"acf":[],"yoast_head":"<!-- This site is optimized with the Yoast SEO Premium plugin v28.4 (Yoast SEO v28.4) - https:\/\/yoast.com\/product\/yoast-seo-premium-wordpress\/ -->\n<title>Cante \u00e0 la Biennale de Flamenco 2026 : grandes voix<\/title>\n<meta name=\"description\" content=\"Guide du cante \u00e0 la Biennale 2026 : Jos\u00e9 Merc\u00e9, Carmen Linares, Mayte Mart\u00edn, Israel Fern\u00e1ndez, nouvelles voix, lign\u00e9es et dates cl\u00e9s.\" \/>\n<meta name=\"robots\" content=\"index, follow, max-snippet:-1, max-image-preview:large, max-video-preview:-1\" \/>\n<link rel=\"canonical\" href=\"https:\/\/www.tablaosflamencos.com\/fr\/cante-biennale-flamenco-seville-2026.html\" \/>\n<meta property=\"og:locale\" content=\"fr_FR\" \/>\n<meta property=\"og:type\" content=\"article\" \/>\n<meta property=\"og:title\" content=\"Le cante \u00e0 la Biennale 2026 : g\u00e9n\u00e9rations, artistes et grandes voix\" \/>\n<meta property=\"og:description\" content=\"Guide du cante \u00e0 la Biennale 2026 : Jos\u00e9 Merc\u00e9, Carmen Linares, Mayte Mart\u00edn, Israel Fern\u00e1ndez, nouvelles voix, lign\u00e9es et dates cl\u00e9s.\" \/>\n<meta property=\"og:url\" content=\"https:\/\/www.tablaosflamencos.com\/fr\/cante-biennale-flamenco-seville-2026.html\" \/>\n<meta property=\"og:site_name\" content=\"Tablaos Flamencos\" \/>\n<meta property=\"article:publisher\" content=\"https:\/\/www.facebook.com\/tablaosflamencos\" \/>\n<meta property=\"article:published_time\" content=\"2026-09-02T23:18:36+00:00\" \/>\n<meta property=\"article:modified_time\" content=\"2026-09-02T23:40:24+00:00\" \/>\n<meta property=\"og:image\" content=\"https:\/\/www.tablaosflamencos.com\/wp-content\/uploads\/el-cante-en-la-bienal-2026-generaciones-artistas-y-grandes-voces-01.webp\" \/>\n\t<meta property=\"og:image:width\" content=\"1672\" \/>\n\t<meta property=\"og:image:height\" content=\"941\" \/>\n\t<meta property=\"og:image:type\" content=\"image\/webp\" \/>\n<meta name=\"author\" content=\"Miguel Ortiz\" \/>\n<meta name=\"twitter:card\" content=\"summary_large_image\" \/>\n<meta name=\"twitter:creator\" content=\"@tablaosflamenco\" \/>\n<meta name=\"twitter:site\" content=\"@tablaosflamenco\" \/>\n<meta name=\"twitter:label1\" content=\"\u00c9crit par\" \/>\n\t<meta name=\"twitter:data1\" content=\"Miguel Ortiz\" \/>\n\t<meta name=\"twitter:label2\" content=\"Dur\u00e9e de lecture estim\u00e9e\" \/>\n\t<meta name=\"twitter:data2\" content=\"18 minutes\" \/>\n<script type=\"application\/ld+json\" class=\"yoast-schema-graph\">{\"@context\":\"https:\\\/\\\/schema.org\",\"@graph\":[{\"@type\":\"Article\",\"@id\":\"https:\\\/\\\/www.tablaosflamencos.com\\\/fr\\\/cante-biennale-flamenco-seville-2026.html#article\",\"isPartOf\":{\"@id\":\"https:\\\/\\\/www.tablaosflamencos.com\\\/fr\\\/cante-biennale-flamenco-seville-2026.html\"},\"author\":{\"name\":\"Miguel Ortiz\",\"@id\":\"https:\\\/\\\/www.tablaosflamencos.com\\\/fr#\\\/schema\\\/person\\\/e7a9ebe14eb75a52ceabfbffb3c54f5d\"},\"headline\":\"Le cante \u00e0 la Biennale 2026 : g\u00e9n\u00e9rations, artistes et grandes voix\",\"datePublished\":\"2026-09-02T23:18:36+00:00\",\"dateModified\":\"2026-09-02T23:40:24+00:00\",\"mainEntityOfPage\":{\"@id\":\"https:\\\/\\\/www.tablaosflamencos.com\\\/fr\\\/cante-biennale-flamenco-seville-2026.html\"},\"wordCount\":3648,\"publisher\":{\"@id\":\"https:\\\/\\\/www.tablaosflamencos.com\\\/fr#organization\"},\"image\":{\"@id\":\"https:\\\/\\\/www.tablaosflamencos.com\\\/fr\\\/cante-biennale-flamenco-seville-2026.html#primaryimage\"},\"thumbnailUrl\":\"https:\\\/\\\/www.tablaosflamencos.com\\\/wp-content\\\/uploads\\\/el-cante-en-la-bienal-2026-generaciones-artistas-y-grandes-voces-01.webp\",\"keywords\":[\"agenda flamenca\",\"Bienal 2026\",\"Bienal de Flamenco\",\"festivales flamencos\",\"flamenco en Sevilla\",\"sevilla\"],\"articleSection\":[\"Biennale de Flamenco\"],\"inLanguage\":\"fr-FR\"},{\"@type\":\"WebPage\",\"@id\":\"https:\\\/\\\/www.tablaosflamencos.com\\\/fr\\\/cante-biennale-flamenco-seville-2026.html\",\"url\":\"https:\\\/\\\/www.tablaosflamencos.com\\\/fr\\\/cante-biennale-flamenco-seville-2026.html\",\"name\":\"Cante \u00e0 la Biennale de Flamenco 2026 : grandes voix\",\"isPartOf\":{\"@id\":\"https:\\\/\\\/www.tablaosflamencos.com\\\/fr#website\"},\"primaryImageOfPage\":{\"@id\":\"https:\\\/\\\/www.tablaosflamencos.com\\\/fr\\\/cante-biennale-flamenco-seville-2026.html#primaryimage\"},\"image\":{\"@id\":\"https:\\\/\\\/www.tablaosflamencos.com\\\/fr\\\/cante-biennale-flamenco-seville-2026.html#primaryimage\"},\"thumbnailUrl\":\"https:\\\/\\\/www.tablaosflamencos.com\\\/wp-content\\\/uploads\\\/el-cante-en-la-bienal-2026-generaciones-artistas-y-grandes-voces-01.webp\",\"datePublished\":\"2026-09-02T23:18:36+00:00\",\"dateModified\":\"2026-09-02T23:40:24+00:00\",\"description\":\"Guide du cante \u00e0 la Biennale 2026 : Jos\u00e9 Merc\u00e9, Carmen Linares, Mayte Mart\u00edn, Israel Fern\u00e1ndez, nouvelles voix, lign\u00e9es et dates cl\u00e9s.\",\"breadcrumb\":{\"@id\":\"https:\\\/\\\/www.tablaosflamencos.com\\\/fr\\\/cante-biennale-flamenco-seville-2026.html#breadcrumb\"},\"inLanguage\":\"fr-FR\",\"potentialAction\":[{\"@type\":\"ReadAction\",\"target\":[\"https:\\\/\\\/www.tablaosflamencos.com\\\/fr\\\/cante-biennale-flamenco-seville-2026.html\"]}]},{\"@type\":\"ImageObject\",\"inLanguage\":\"fr-FR\",\"@id\":\"https:\\\/\\\/www.tablaosflamencos.com\\\/fr\\\/cante-biennale-flamenco-seville-2026.html#primaryimage\",\"url\":\"https:\\\/\\\/www.tablaosflamencos.com\\\/wp-content\\\/uploads\\\/el-cante-en-la-bienal-2026-generaciones-artistas-y-grandes-voces-01.webp\",\"contentUrl\":\"https:\\\/\\\/www.tablaosflamencos.com\\\/wp-content\\\/uploads\\\/el-cante-en-la-bienal-2026-generaciones-artistas-y-grandes-voces-01.webp\",\"width\":1672,\"height\":941,\"caption\":\"El cante en la Bienal 2026: generaciones, artistas y grandes voces\"},{\"@type\":\"BreadcrumbList\",\"@id\":\"https:\\\/\\\/www.tablaosflamencos.com\\\/fr\\\/cante-biennale-flamenco-seville-2026.html#breadcrumb\",\"itemListElement\":[{\"@type\":\"ListItem\",\"position\":1,\"name\":\"Home\",\"item\":\"https:\\\/\\\/www.tablaosflamencos.com\\\/fr\"},{\"@type\":\"ListItem\",\"position\":2,\"name\":\"Le cante \u00e0 la Biennale 2026 : g\u00e9n\u00e9rations, artistes et grandes voix\"}]},{\"@type\":\"WebSite\",\"@id\":\"https:\\\/\\\/www.tablaosflamencos.com\\\/fr#website\",\"url\":\"https:\\\/\\\/www.tablaosflamencos.com\\\/fr\",\"name\":\"Tablaos Flamencos\",\"description\":\"Entradas para tablaos flamencos de Espa\u00f1a\",\"publisher\":{\"@id\":\"https:\\\/\\\/www.tablaosflamencos.com\\\/fr#organization\"},\"alternateName\":\"Tablaos Flamencos\",\"potentialAction\":[{\"@type\":\"SearchAction\",\"target\":{\"@type\":\"EntryPoint\",\"urlTemplate\":\"https:\\\/\\\/www.tablaosflamencos.com\\\/fr?s={search_term_string}\"},\"query-input\":{\"@type\":\"PropertyValueSpecification\",\"valueRequired\":true,\"valueName\":\"search_term_string\"}}],\"inLanguage\":\"fr-FR\"},{\"@type\":[\"Organization\",\"Place\",\"EntertainmentBusiness\"],\"@id\":\"https:\\\/\\\/www.tablaosflamencos.com\\\/fr#organization\",\"name\":\"Tablaos Flamencos\",\"alternateName\":\"Tablaos Flamencos\",\"url\":\"https:\\\/\\\/www.tablaosflamencos.com\\\/fr\",\"logo\":{\"@id\":\"https:\\\/\\\/www.tablaosflamencos.com\\\/fr\\\/cante-biennale-flamenco-seville-2026.html#local-main-organization-logo\"},\"image\":{\"@id\":\"https:\\\/\\\/www.tablaosflamencos.com\\\/fr\\\/cante-biennale-flamenco-seville-2026.html#local-main-organization-logo\"},\"sameAs\":[\"https:\\\/\\\/www.facebook.com\\\/tablaosflamencos\",\"https:\\\/\\\/x.com\\\/tablaosflamenco\",\"https:\\\/\\\/mastodon.social\\\/@tablaosflamencos\",\"https:\\\/\\\/www.instagram.com\\\/tablaosflamencos\",\"https:\\\/\\\/tiktok.com\\\/@tablaosflamencos\",\"https:\\\/\\\/www.linkedin.com\\\/company\\\/109408238\\\/\"],\"description\":\"Venta de entradas para espect\u00e1culos flamencos\",\"legalName\":\"Tablaos Flamencos\",\"foundingDate\":\"2015-01-01\",\"numberOfEmployees\":{\"@type\":\"QuantitativeValue\",\"minValue\":\"1\",\"maxValue\":\"10\"},\"address\":{\"@id\":\"https:\\\/\\\/www.tablaosflamencos.com\\\/fr\\\/cante-biennale-flamenco-seville-2026.html#local-main-place-address\"},\"geo\":{\"@type\":\"GeoCoordinates\",\"latitude\":\"37.3868072\",\"longitude\":\"-5.993280299999999\"},\"telephone\":[\"+34623787787\"],\"contactPoint\":{\"@type\":\"ContactPoint\",\"telephone\":\"+34623787787\",\"email\":\"info@tablaosflamencos.com\"},\"openingHoursSpecification\":{\"@type\":\"OpeningHoursSpecification\",\"dayOfWeek\":[\"Monday\",\"Tuesday\",\"Wednesday\",\"Thursday\",\"Friday\",\"Saturday\",\"Sunday\"],\"opens\":\"00:00\",\"closes\":\"23:59\"},\"email\":\"info@tablaosflamencos.com\",\"priceRange\":\"$$$\",\"currenciesAccepted\":\"\u20ac\"},{\"@type\":\"Person\",\"@id\":\"https:\\\/\\\/www.tablaosflamencos.com\\\/fr#\\\/schema\\\/person\\\/e7a9ebe14eb75a52ceabfbffb3c54f5d\",\"name\":\"Miguel Ortiz\",\"description\":\"Miguel Ortiz es un empresario flamenco, con una s\u00f3lida trayectoria dentro del sector. Ha presidido entidades culturales vinculadas al flamenco y, cuenta con un amplio recorrido profesional en la gesti\u00f3n y promoci\u00f3n de espect\u00e1culos y tablaos flamencos. Su pasi\u00f3n por la historia y el arte flamenco se refleja en cada art\u00edculo, donde combina experiencia, criterio y un profundo respeto por la tradici\u00f3n.\",\"sameAs\":[\"https:\\\/\\\/www.tablaosflamencos.com\",\"https:\\\/\\\/www.instagra.com\\\/miguelortizfe\",\"https:\\\/\\\/www.linkedin.com\\\/in\\\/miguelortizf\\\/\"],\"birthDate\":\"1984-11-22\",\"gender\":\"hombre\",\"knowsLanguage\":[\"espa\u00f1ol\",\"ingl\u00e9s\"],\"jobTitle\":\"Empresario flamenco\"},{\"@type\":\"PostalAddress\",\"@id\":\"https:\\\/\\\/www.tablaosflamencos.com\\\/fr\\\/cante-biennale-flamenco-seville-2026.html#local-main-place-address\",\"streetAddress\":\"C\\\/ Alemanes, 19\",\"addressLocality\":\"Sevilla\",\"postalCode\":\"41004\",\"addressRegion\":\"Sevilla\",\"addressCountry\":\"ES\"},{\"@type\":\"ImageObject\",\"inLanguage\":\"fr-FR\",\"@id\":\"https:\\\/\\\/www.tablaosflamencos.com\\\/fr\\\/cante-biennale-flamenco-seville-2026.html#local-main-organization-logo\",\"url\":\"https:\\\/\\\/www.tablaosflamencos.com\\\/wp-content\\\/uploads\\\/tablaos-flamencos-06-3.webp\",\"contentUrl\":\"https:\\\/\\\/www.tablaosflamencos.com\\\/wp-content\\\/uploads\\\/tablaos-flamencos-06-3.webp\",\"width\":600,\"height\":620,\"caption\":\"Tablaos Flamencos\"}]}<\/script>\n<meta name=\"geo.placename\" content=\"Sevilla\" \/>\n<meta name=\"geo.position\" content=\"37.3868072;-5.993280299999999\" \/>\n<meta name=\"geo.region\" content=\"Espagne\" \/>\n<!-- \/ Yoast SEO Premium plugin. -->","yoast_head_json":{"title":"Cante \u00e0 la Biennale de Flamenco 2026 : grandes voix","description":"Guide du cante \u00e0 la Biennale 2026 : Jos\u00e9 Merc\u00e9, Carmen Linares, Mayte Mart\u00edn, Israel Fern\u00e1ndez, nouvelles voix, lign\u00e9es et dates cl\u00e9s.","robots":{"index":"index","follow":"follow","max-snippet":"max-snippet:-1","max-image-preview":"max-image-preview:large","max-video-preview":"max-video-preview:-1"},"canonical":"https:\/\/www.tablaosflamencos.com\/fr\/cante-biennale-flamenco-seville-2026.html","og_locale":"fr_FR","og_type":"article","og_title":"Le cante \u00e0 la Biennale 2026 : g\u00e9n\u00e9rations, artistes et grandes voix","og_description":"Guide du cante \u00e0 la Biennale 2026 : Jos\u00e9 Merc\u00e9, Carmen Linares, Mayte Mart\u00edn, Israel Fern\u00e1ndez, nouvelles voix, lign\u00e9es et dates cl\u00e9s.","og_url":"https:\/\/www.tablaosflamencos.com\/fr\/cante-biennale-flamenco-seville-2026.html","og_site_name":"Tablaos Flamencos","article_publisher":"https:\/\/www.facebook.com\/tablaosflamencos","article_published_time":"2026-09-02T23:18:36+00:00","article_modified_time":"2026-09-02T23:40:24+00:00","og_image":[{"width":1672,"height":941,"url":"https:\/\/www.tablaosflamencos.com\/wp-content\/uploads\/el-cante-en-la-bienal-2026-generaciones-artistas-y-grandes-voces-01.webp","type":"image\/webp"}],"author":"Miguel Ortiz","twitter_card":"summary_large_image","twitter_creator":"@tablaosflamenco","twitter_site":"@tablaosflamenco","twitter_misc":{"\u00c9crit par":"Miguel Ortiz","Dur\u00e9e de lecture estim\u00e9e":"18 minutes"},"schema":{"@context":"https:\/\/schema.org","@graph":[{"@type":"Article","@id":"https:\/\/www.tablaosflamencos.com\/fr\/cante-biennale-flamenco-seville-2026.html#article","isPartOf":{"@id":"https:\/\/www.tablaosflamencos.com\/fr\/cante-biennale-flamenco-seville-2026.html"},"author":{"name":"Miguel Ortiz","@id":"https:\/\/www.tablaosflamencos.com\/fr#\/schema\/person\/e7a9ebe14eb75a52ceabfbffb3c54f5d"},"headline":"Le cante \u00e0 la Biennale 2026 : g\u00e9n\u00e9rations, artistes et grandes voix","datePublished":"2026-09-02T23:18:36+00:00","dateModified":"2026-09-02T23:40:24+00:00","mainEntityOfPage":{"@id":"https:\/\/www.tablaosflamencos.com\/fr\/cante-biennale-flamenco-seville-2026.html"},"wordCount":3648,"publisher":{"@id":"https:\/\/www.tablaosflamencos.com\/fr#organization"},"image":{"@id":"https:\/\/www.tablaosflamencos.com\/fr\/cante-biennale-flamenco-seville-2026.html#primaryimage"},"thumbnailUrl":"https:\/\/www.tablaosflamencos.com\/wp-content\/uploads\/el-cante-en-la-bienal-2026-generaciones-artistas-y-grandes-voces-01.webp","keywords":["agenda flamenca","Bienal 2026","Bienal de Flamenco","festivales flamencos","flamenco en Sevilla","sevilla"],"articleSection":["Biennale de Flamenco"],"inLanguage":"fr-FR"},{"@type":"WebPage","@id":"https:\/\/www.tablaosflamencos.com\/fr\/cante-biennale-flamenco-seville-2026.html","url":"https:\/\/www.tablaosflamencos.com\/fr\/cante-biennale-flamenco-seville-2026.html","name":"Cante \u00e0 la Biennale de Flamenco 2026 : grandes voix","isPartOf":{"@id":"https:\/\/www.tablaosflamencos.com\/fr#website"},"primaryImageOfPage":{"@id":"https:\/\/www.tablaosflamencos.com\/fr\/cante-biennale-flamenco-seville-2026.html#primaryimage"},"image":{"@id":"https:\/\/www.tablaosflamencos.com\/fr\/cante-biennale-flamenco-seville-2026.html#primaryimage"},"thumbnailUrl":"https:\/\/www.tablaosflamencos.com\/wp-content\/uploads\/el-cante-en-la-bienal-2026-generaciones-artistas-y-grandes-voces-01.webp","datePublished":"2026-09-02T23:18:36+00:00","dateModified":"2026-09-02T23:40:24+00:00","description":"Guide du cante \u00e0 la Biennale 2026 : Jos\u00e9 Merc\u00e9, Carmen Linares, Mayte Mart\u00edn, Israel Fern\u00e1ndez, nouvelles voix, lign\u00e9es et dates cl\u00e9s.","breadcrumb":{"@id":"https:\/\/www.tablaosflamencos.com\/fr\/cante-biennale-flamenco-seville-2026.html#breadcrumb"},"inLanguage":"fr-FR","potentialAction":[{"@type":"ReadAction","target":["https:\/\/www.tablaosflamencos.com\/fr\/cante-biennale-flamenco-seville-2026.html"]}]},{"@type":"ImageObject","inLanguage":"fr-FR","@id":"https:\/\/www.tablaosflamencos.com\/fr\/cante-biennale-flamenco-seville-2026.html#primaryimage","url":"https:\/\/www.tablaosflamencos.com\/wp-content\/uploads\/el-cante-en-la-bienal-2026-generaciones-artistas-y-grandes-voces-01.webp","contentUrl":"https:\/\/www.tablaosflamencos.com\/wp-content\/uploads\/el-cante-en-la-bienal-2026-generaciones-artistas-y-grandes-voces-01.webp","width":1672,"height":941,"caption":"El cante en la Bienal 2026: generaciones, artistas y grandes voces"},{"@type":"BreadcrumbList","@id":"https:\/\/www.tablaosflamencos.com\/fr\/cante-biennale-flamenco-seville-2026.html#breadcrumb","itemListElement":[{"@type":"ListItem","position":1,"name":"Home","item":"https:\/\/www.tablaosflamencos.com\/fr"},{"@type":"ListItem","position":2,"name":"Le cante \u00e0 la Biennale 2026 : g\u00e9n\u00e9rations, artistes et grandes voix"}]},{"@type":"WebSite","@id":"https:\/\/www.tablaosflamencos.com\/fr#website","url":"https:\/\/www.tablaosflamencos.com\/fr","name":"Tablaos Flamencos","description":"Entradas para tablaos flamencos de Espa\u00f1a","publisher":{"@id":"https:\/\/www.tablaosflamencos.com\/fr#organization"},"alternateName":"Tablaos Flamencos","potentialAction":[{"@type":"SearchAction","target":{"@type":"EntryPoint","urlTemplate":"https:\/\/www.tablaosflamencos.com\/fr?s={search_term_string}"},"query-input":{"@type":"PropertyValueSpecification","valueRequired":true,"valueName":"search_term_string"}}],"inLanguage":"fr-FR"},{"@type":["Organization","Place","EntertainmentBusiness"],"@id":"https:\/\/www.tablaosflamencos.com\/fr#organization","name":"Tablaos Flamencos","alternateName":"Tablaos Flamencos","url":"https:\/\/www.tablaosflamencos.com\/fr","logo":{"@id":"https:\/\/www.tablaosflamencos.com\/fr\/cante-biennale-flamenco-seville-2026.html#local-main-organization-logo"},"image":{"@id":"https:\/\/www.tablaosflamencos.com\/fr\/cante-biennale-flamenco-seville-2026.html#local-main-organization-logo"},"sameAs":["https:\/\/www.facebook.com\/tablaosflamencos","https:\/\/x.com\/tablaosflamenco","https:\/\/mastodon.social\/@tablaosflamencos","https:\/\/www.instagram.com\/tablaosflamencos","https:\/\/tiktok.com\/@tablaosflamencos","https:\/\/www.linkedin.com\/company\/109408238\/"],"description":"Venta de entradas para espect\u00e1culos flamencos","legalName":"Tablaos Flamencos","foundingDate":"2015-01-01","numberOfEmployees":{"@type":"QuantitativeValue","minValue":"1","maxValue":"10"},"address":{"@id":"https:\/\/www.tablaosflamencos.com\/fr\/cante-biennale-flamenco-seville-2026.html#local-main-place-address"},"geo":{"@type":"GeoCoordinates","latitude":"37.3868072","longitude":"-5.993280299999999"},"telephone":["+34623787787"],"contactPoint":{"@type":"ContactPoint","telephone":"+34623787787","email":"info@tablaosflamencos.com"},"openingHoursSpecification":{"@type":"OpeningHoursSpecification","dayOfWeek":["Monday","Tuesday","Wednesday","Thursday","Friday","Saturday","Sunday"],"opens":"00:00","closes":"23:59"},"email":"info@tablaosflamencos.com","priceRange":"$$$","currenciesAccepted":"\u20ac"},{"@type":"Person","@id":"https:\/\/www.tablaosflamencos.com\/fr#\/schema\/person\/e7a9ebe14eb75a52ceabfbffb3c54f5d","name":"Miguel Ortiz","description":"Miguel Ortiz es un empresario flamenco, con una s\u00f3lida trayectoria dentro del sector. Ha presidido entidades culturales vinculadas al flamenco y, cuenta con un amplio recorrido profesional en la gesti\u00f3n y promoci\u00f3n de espect\u00e1culos y tablaos flamencos. Su pasi\u00f3n por la historia y el arte flamenco se refleja en cada art\u00edculo, donde combina experiencia, criterio y un profundo respeto por la tradici\u00f3n.","sameAs":["https:\/\/www.tablaosflamencos.com","https:\/\/www.instagra.com\/miguelortizfe","https:\/\/www.linkedin.com\/in\/miguelortizf\/"],"birthDate":"1984-11-22","gender":"hombre","knowsLanguage":["espa\u00f1ol","ingl\u00e9s"],"jobTitle":"Empresario flamenco"},{"@type":"PostalAddress","@id":"https:\/\/www.tablaosflamencos.com\/fr\/cante-biennale-flamenco-seville-2026.html#local-main-place-address","streetAddress":"C\/ Alemanes, 19","addressLocality":"Sevilla","postalCode":"41004","addressRegion":"Sevilla","addressCountry":"ES"},{"@type":"ImageObject","inLanguage":"fr-FR","@id":"https:\/\/www.tablaosflamencos.com\/fr\/cante-biennale-flamenco-seville-2026.html#local-main-organization-logo","url":"https:\/\/www.tablaosflamencos.com\/wp-content\/uploads\/tablaos-flamencos-06-3.webp","contentUrl":"https:\/\/www.tablaosflamencos.com\/wp-content\/uploads\/tablaos-flamencos-06-3.webp","width":600,"height":620,"caption":"Tablaos Flamencos"}]},"geo.placename":"Sevilla","geo.position":{"lat":"37.3868072","long":"-5.993280299999999"},"geo.region":"Espagne"},"_links":{"self":[{"href":"https:\/\/www.tablaosflamencos.com\/fr\/wp-json\/wp\/v2\/posts\/14137","targetHints":{"allow":["GET"]}}],"collection":[{"href":"https:\/\/www.tablaosflamencos.com\/fr\/wp-json\/wp\/v2\/posts"}],"about":[{"href":"https:\/\/www.tablaosflamencos.com\/fr\/wp-json\/wp\/v2\/types\/post"}],"author":[{"embeddable":true,"href":"https:\/\/www.tablaosflamencos.com\/fr\/wp-json\/wp\/v2\/users\/1"}],"replies":[{"embeddable":true,"href":"https:\/\/www.tablaosflamencos.com\/fr\/wp-json\/wp\/v2\/comments?post=14137"}],"version-history":[{"count":2,"href":"https:\/\/www.tablaosflamencos.com\/fr\/wp-json\/wp\/v2\/posts\/14137\/revisions"}],"predecessor-version":[{"id":14206,"href":"https:\/\/www.tablaosflamencos.com\/fr\/wp-json\/wp\/v2\/posts\/14137\/revisions\/14206"}],"wp:featuredmedia":[{"embeddable":true,"href":"https:\/\/www.tablaosflamencos.com\/fr\/wp-json\/wp\/v2\/media\/14112"}],"wp:attachment":[{"href":"https:\/\/www.tablaosflamencos.com\/fr\/wp-json\/wp\/v2\/media?parent=14137"}],"wp:term":[{"taxonomy":"category","embeddable":true,"href":"https:\/\/www.tablaosflamencos.com\/fr\/wp-json\/wp\/v2\/categories?post=14137"},{"taxonomy":"post_tag","embeddable":true,"href":"https:\/\/www.tablaosflamencos.com\/fr\/wp-json\/wp\/v2\/tags?post=14137"}],"curies":[{"name":"wp","href":"https:\/\/api.w.org\/{rel}","templated":true}]}}