{"id":14118,"date":"2026-09-03T00:45:32","date_gmt":"2026-09-02T22:45:32","guid":{"rendered":"https:\/\/www.tablaosflamencos.com\/?p=14118"},"modified":"2026-09-03T01:47:09","modified_gmt":"2026-09-02T23:47:09","slug":"guitare-biennale-flamenco-seville-2026-spectacles-incontournables","status":"publish","type":"post","link":"https:\/\/www.tablaosflamencos.com\/fr\/guitare-biennale-flamenco-seville-2026-spectacles-incontournables.html","title":{"rendered":"La guitare \u00e0 la Biennale de Flamenco de S\u00e9ville 2026 : spectacles incontournables"},"content":{"rendered":"<section class=\"l-section wpb_row height_huge\"><div class=\"l-section-h i-cf\"><div class=\"g-cols vc_row via_flex valign_top type_default stacking_default\"><div class=\"vc_col-sm-6 wpb_column vc_column_container\"><div class=\"vc_column-inner\"><div class=\"wpb_wrapper\"><div class=\"wpb_text_column\"><div class=\"wpb_wrapper\"><h2>La guitare, l&rsquo;une des grandes protagonistes de la Biennale de Flamenco 2026<\/h2>\n<p>La <strong>guitare flamenca<\/strong> occupe une place exceptionnelle dans la <strong>XXIVe Biennale de Flamenco de S\u00e9ville 2026<\/strong>. Cette \u00e9dition, organis\u00e9e du <strong>9 septembre au 3 octobre<\/strong>, propose une programmation o\u00f9 le toque cesse d&rsquo;\u00eatre seulement un accompagnement pour devenir le protagoniste absolu de concerts, cr\u00e9ations, rencontres interg\u00e9n\u00e9rationnelles et dialogues avec d&rsquo;autres musiques.<\/p>\n<p>La Biennale elle-m\u00eame pr\u00e9sente cette \u00e9dition comme l&rsquo;un des grands rendez-vous internationaux de la <strong>guitare flamenca de concert<\/strong>, avec une quinzaine de propositions directement li\u00e9es \u00e0 l&rsquo;instrument. L&rsquo;<strong>Espacio Turina<\/strong> en sera le principal foyer, avec neuf concerts du 11 au 27 septembre, tandis que certains des rendez-vous les plus singuliers auront \u00e9galement lieu \u00e0 San Luis de los Franceses, au Teatro Lope de Vega et au Teatro de la Maestranza.<\/p>\n<\/div><\/div><\/div><\/div><\/div><div class=\"vc_col-sm-6 wpb_column vc_column_container\"><div class=\"vc_column-inner\"><div class=\"wpb_wrapper\"><div class=\"wpb_text_column\"><div class=\"wpb_wrapper\"><p style=\"text-align: center; font-size: 54px; line-height: 1; margin-bottom: 10px;\"><strong>15<\/strong><\/p>\n<h3 style=\"text-align: center;\">propositions avec la guitare au premier plan<\/h3>\n<p style=\"text-align: center; font-size: 46px; line-height: 1; margin: 25px 0 10px;\"><strong>9<\/strong><\/p>\n<h3 style=\"text-align: center;\">concerts \u00e0 l&rsquo;Espacio Turina<\/h3>\n<p style=\"text-align: center; font-size: 42px; line-height: 1; margin: 25px 0 10px;\"><strong>11\u201327 SEPT.<\/strong><\/p>\n<h3 style=\"text-align: center;\">grand cycle de guitare<\/h3>\n<\/div><\/div><\/div><\/div><\/div><\/div><\/div><\/section><section class=\"l-section wpb_row height_huge color_alternate with_shape\"><div class=\"l-section-shape type_zigzag pos_top\" style=\"height:3vmin;\"><svg xmlns=\"http:\/\/www.w3.org\/2000\/svg\" viewBox=\"0 0 64 8\" preserveAspectRatio=\"none\" width=\"100%\" height=\"100%\">\r\n\t<path fill=\"currentColor\" d=\"M64 8 L0 8 L0 0 L20 7.9 L40 3 L48 5 L64 0 Z\"\/>\r\n<\/svg><\/div><div class=\"l-section-shape type_zigzag pos_bottom\" style=\"height:3vmin;\"><svg xmlns=\"http:\/\/www.w3.org\/2000\/svg\" viewBox=\"0 0 64 8\" preserveAspectRatio=\"none\" width=\"100%\" height=\"100%\">\r\n\t<path fill=\"currentColor\" d=\"M64 8 L0 8 L0 0 L20 7.9 L40 3 L48 5 L64 0 Z\"\/>\r\n<\/svg><\/div><div class=\"l-section-h i-cf\"><div class=\"g-cols vc_row via_flex valign_top type_default stacking_default\"><div class=\"vc_col-sm-12 wpb_column vc_column_container\"><div class=\"vc_column-inner\"><div class=\"wpb_wrapper\"><div class=\"wpb_text_column\"><div class=\"wpb_wrapper\"><blockquote>\n<p><strong>R\u00e9ponse rapide :<\/strong> si vous souhaitez \u00e9couter de la guitare flamenca pendant la Biennale 2026, les rendez-vous majeurs r\u00e9unissent <strong>Antonio Rey, Jos\u00e9 Ferm\u00edn Fern\u00e1ndez, Juan Requena, Alejandro Hurtado, Juan Manuel Ca\u00f1izares, Rafael Riqueni, Diego del Morao et Dani de Mor\u00f3n<\/strong>. L&rsquo;Espacio Turina concentre la plupart des r\u00e9citals, tandis que San Luis, le Lope de Vega et le Maestranza accueillent quelques-unes des propositions les plus exceptionnelles de toute l&rsquo;\u00e9dition.<\/p>\n<\/blockquote>\n<p><strong>Derni\u00e8re mise \u00e0 jour : 2 septembre 2026.<\/strong> La disponibilit\u00e9 des billets peut \u00e9voluer rapidement. Nous recommandons de toujours v\u00e9rifier la fiche officielle de chaque spectacle avant d&rsquo;organiser votre visite.<\/p>\n<\/div><\/div><div class=\"w-separator size_medium\"><\/div><div class=\"w-hwrapper valign_top wrap stack_on_mobiles align_center\" style=\"--hwrapper-gap:1.2rem\"><div class=\"w-btn-wrapper align_none\"><a class=\"w-btn us-btn-style_1\" href=\"https:\/\/www.tablaosflamencos.com\/fr\/biennale-flamenco-seville-2026.html\"><span class=\"w-btn-label\">Guide complet de la Biennale 2026<\/span><\/a><\/div><div class=\"w-btn-wrapper align_none\"><a class=\"w-btn us-btn-style_1\" href=\"https:\/\/www.tablaosflamencos.com\/fr\/biennale-flamenco-seville-2026-billets-prix-reductions.html\"><span class=\"w-btn-label\">Billets, prix et r\u00e9ductions<\/span><\/a><\/div><\/div><\/div><\/div><\/div><\/div><\/div><\/section><section class=\"l-section wpb_row height_huge\"><div class=\"l-section-h i-cf\"><div class=\"g-cols vc_row via_flex valign_top type_default stacking_default\"><div class=\"vc_col-sm-3 wpb_column vc_column_container\"><div class=\"vc_column-inner\"><div class=\"wpb_wrapper\"><\/div><\/div><\/div><div class=\"vc_col-sm-6 wpb_column vc_column_container\"><div class=\"vc_column-inner\"><div class=\"wpb_wrapper\"><div class=\"wpb_text_column\"><div class=\"wpb_wrapper\"><h2>Contenu de ce guide<\/h2>\n<ul>\n<li><a href=\"#por-que-guitarra\">Pourquoi la guitare est si importante \u00e0 la Biennale 2026<\/a><\/li>\n<li><a href=\"#turina\">Espacio Turina : le grand temple de la guitare<\/a><\/li>\n<li><a href=\"#imprescindibles\">Les spectacles de guitare incontournables<\/a><\/li>\n<li><a href=\"#antonio-rey\">Antonio Rey : Historias de un flamenco<\/a><\/li>\n<li><a href=\"#jose-fermin\">Jos\u00e9 Ferm\u00edn Fern\u00e1ndez : Guitarra desnuda<\/a><\/li>\n<li><a href=\"#juan-requena\">Juan Requena : Requeneando<\/a><\/li>\n<li><a href=\"#alejandro-hurtado\">Alejandro Hurtado : Devenir de la guitarra<\/a><\/li>\n<li><a href=\"#canizares\">Ca\u00f1izares sinf\u00f3nico<\/a><\/li>\n<li><a href=\"#riqueni\">Rafael Riqueni &amp; Tim Ries : Tunisia<\/a><\/li>\n<li><a href=\"#diego-morao\">Diego del Morao : M\u00e1s Morao<\/a><\/li>\n<li><a href=\"#dani-moron\">Dani de Mor\u00f3n : Cuadro<\/a><\/li>\n<li><a href=\"#calendario\">Calendrier \u00e9largi de la guitare<\/a><\/li>\n<li><a href=\"#elegir\">Quel concert choisir selon vos go\u00fbts<\/a><\/li>\n<li><a href=\"#faq-guitarra\">Questions fr\u00e9quentes<\/a><\/li>\n<\/ul>\n<\/div><\/div><\/div><\/div><\/div><div class=\"vc_col-sm-3 wpb_column vc_column_container\"><div class=\"vc_column-inner\"><div class=\"wpb_wrapper\"><\/div><\/div><\/div><\/div><\/div><\/section><section class=\"l-section wpb_row height_huge color_alternate with_shape\"><div class=\"l-section-shape type_tilt pos_top hor_flip\" style=\"height:3vmin;\"><svg xmlns=\"http:\/\/www.w3.org\/2000\/svg\" viewBox=\"0 0 64 8\" preserveAspectRatio=\"none\" width=\"100%\" height=\"100%\">\r\n\t<path fill=\"currentColor\" d=\"M64 7.9 L64 10 L0 10 L0 0 Z\"\/>\r\n<\/svg><\/div><div class=\"l-section-shape type_zigzag pos_bottom\" style=\"height:3vmin;\"><svg xmlns=\"http:\/\/www.w3.org\/2000\/svg\" viewBox=\"0 0 64 8\" preserveAspectRatio=\"none\" width=\"100%\" height=\"100%\">\r\n\t<path fill=\"currentColor\" d=\"M64 8 L0 8 L0 0 L20 7.9 L40 3 L48 5 L64 0 Z\"\/>\r\n<\/svg><\/div><div class=\"l-section-h i-cf\"><div class=\"g-cols vc_row via_flex valign_top type_default stacking_default\"><div class=\"vc_col-sm-6 wpb_column vc_column_container\"><div class=\"vc_column-inner\"><div class=\"wpb_wrapper\"><div class=\"wpb_text_column\"><div class=\"wpb_wrapper\"><h2 id=\"por-que-guitarra\">Pourquoi la guitare est si importante \u00e0 la Biennale 2026<\/h2>\n<p>Toutes les \u00e9ditions de la Biennale n&rsquo;accordent pas une place aussi importante \u00e0 la guitare solo. En 2026, plusieurs g\u00e9n\u00e9rations d&rsquo;interpr\u00e8tes, des esth\u00e9tiques tr\u00e8s diff\u00e9rentes et une id\u00e9e commune se rencontrent : montrer que la guitare flamenca contemporaine peut porter \u00e0 elle seule un discours artistique complet.<\/p>\n<p>La programmation r\u00e9unit <strong>des ma\u00eetres confirm\u00e9s<\/strong>, des guitaristes \u00e0 forte identit\u00e9 cr\u00e9ative, des artistes pr\u00e9sentant pour la premi\u00e8re fois leur propre spectacle et des musiciens qui \u00e9largissent les fronti\u00e8res traditionnelles de l&rsquo;instrument par le jazz, la musique symphonique, la musique ancienne ou les musiques de racines.<\/p>\n<\/div><\/div><\/div><\/div><\/div><div class=\"vc_col-sm-6 wpb_column vc_column_container\"><div class=\"vc_column-inner\"><div class=\"wpb_wrapper\"><div class=\"wpb_text_column\"><div class=\"wpb_wrapper\"><h2 id=\"turina\">Espacio Turina : le grand temple de la guitare flamenca<\/h2>\n<p>L&rsquo;<strong>Espacio Turina<\/strong>, dans la rue Lara\u00f1a, concentre neuf concerts entre le 11 et le 27 septembre. Son acoustique et son format relativement intime en font un lieu particuli\u00e8rement adapt\u00e9 pour percevoir les nuances d&rsquo;attaque, de comp\u00e1s, d&rsquo;harmonie et de dynamique qui peuvent se ressentir autrement dans de grandes salles.<\/p>\n<p>Turina accueillera Antonio Rey, Canito &amp; Ra\u00fal Rodr\u00edguez, Jos\u00e9 Ferm\u00edn Fern\u00e1ndez, Juan Requena, Mar\u00eda Mar\u00edn, Manuel de la Luz &amp; Manuel Im\u00e1n, Diego del Morao, Juan Medina et Dani de Mor\u00f3n. C&rsquo;est probablement le bloc le plus coh\u00e9rent de toute la programmation pour qui souhaite suivre l&rsquo;\u00e9volution actuelle du toque flamenco.<\/p>\n<\/div><\/div><\/div><\/div><\/div><\/div><\/div><\/section><section class=\"l-section wpb_row height_huge\"><div class=\"l-section-h i-cf\"><div class=\"g-cols vc_row via_flex valign_top type_default stacking_default\"><div class=\"vc_col-sm-12 wpb_column vc_column_container\"><div class=\"vc_column-inner\"><div class=\"wpb_wrapper\"><div class=\"wpb_text_column\"><div class=\"wpb_wrapper\"><h2 id=\"imprescindibles\" style=\"text-align: center;\">8 spectacles incontournables pour les amateurs de guitare<\/h2>\n<p style=\"text-align: center;\">La s\u00e9lection suivante ne vise pas \u00e0 transformer la guitare en comp\u00e9tition. Chaque proposition part d&rsquo;une esth\u00e9tique diff\u00e9rente, et c&rsquo;est pr\u00e9cis\u00e9ment l&rsquo;un des grands attraits de la Biennale 2026.<\/p>\n<\/div><\/div><\/div><\/div><\/div><\/div><\/div><\/section><section class=\"l-section wpb_row height_huge\"><div class=\"l-section-h i-cf\"><div class=\"g-cols vc_row via_flex valign_top type_default stacking_default\"><div class=\"vc_col-sm-6 wpb_column vc_column_container\"><div class=\"vc_column-inner\"><div class=\"wpb_wrapper\"><div class=\"wpb_text_column\"><div class=\"wpb_wrapper\"><h2 id=\"antonio-rey\">1. Antonio Rey \u2014 <em>Historias de un flamenco<\/em><\/h2>\n<p><strong>11 septembre \u00b7 19:00 \u00b7 Espacio Turina<\/strong><\/p>\n<p>Antonio Rey ouvre le grand cycle de guitare de Turina avec <em>Historias de un flamenco<\/em>. Son programme r\u00e9unit taranta, rumba, alegr\u00edas, buler\u00edas, minera et d&rsquo;autres compositions de son r\u00e9pertoire r\u00e9cent.<\/p>\n<p>C&rsquo;est l&rsquo;un des choix les plus \u00e9vidents pour qui recherche une guitare contemporaine, techniquement brillante et en m\u00eame temps profond\u00e9ment li\u00e9e \u00e0 la tradition. Le concert r\u00e9unira Mara Rey au cante, Manuel Heredia \u00e0 la seconde guitare, Juan Parrilla \u00e0 la fl\u00fbte et Bandolero aux percussions.<\/p>\n<p><strong>Pourquoi nous le consid\u00e9rons incontournable :<\/strong> il est l&rsquo;un des grands concertistes espagnols actuels et arrive \u00e0 S\u00e9ville avec un r\u00e9pertoire de maturit\u00e9, apr\u00e8s une carri\u00e8re internationale et plusieurs distinctions discographiques.<\/p>\n<\/div><\/div><\/div><\/div><\/div><div class=\"vc_col-sm-6 wpb_column vc_column_container\"><div class=\"vc_column-inner\"><div class=\"wpb_wrapper\"><div class=\"wpb_text_column\"><div class=\"wpb_wrapper\"><h2 id=\"jose-fermin\">2. Jos\u00e9 Ferm\u00edn Fern\u00e1ndez \u2014 <em>Guitarra desnuda<\/em><\/h2>\n<p><strong>13 septembre \u00b7 19:00 \u00b7 Espacio Turina \u00b7 Repr\u00e9sentation unique<\/strong><\/p>\n<p>Ici, la proposition change radicalement : <strong>guitare seule<\/strong>, sans soutien sc\u00e9nique ni accompagnement. Jos\u00e9 Ferm\u00edn Fern\u00e1ndez pr\u00e9sente un r\u00e9cital construit autour de diff\u00e9rents palos traditionnels et de la capacit\u00e9 narrative de l&rsquo;instrument.<\/p>\n<p>Ses d\u00e9buts en solo \u00e0 la Biennale offrent \u00e9galement l&rsquo;occasion d&rsquo;\u00e9couter un guitariste d&rsquo;une g\u00e9n\u00e9ration plus jeune dans un format qui ne permet rien de cacher : son, justesse, comp\u00e1s, intention et musicalit\u00e9 sont enti\u00e8rement expos\u00e9s.<\/p>\n<p><strong>Id\u00e9al pour :<\/strong> les amateurs qui souhaitent entendre la guitare de concert dans sa forme la plus essentielle.<\/p>\n<\/div><\/div><\/div><\/div><\/div><\/div><\/div><\/section><section class=\"l-section wpb_row height_huge color_alternate with_shape\"><div class=\"l-section-shape type_zigzag pos_top hor_flip\" style=\"height:3vmin;\"><svg xmlns=\"http:\/\/www.w3.org\/2000\/svg\" viewBox=\"0 0 64 8\" preserveAspectRatio=\"none\" width=\"100%\" height=\"100%\">\r\n\t<path fill=\"currentColor\" d=\"M64 8 L0 8 L0 0 L20 7.9 L40 3 L48 5 L64 0 Z\"\/>\r\n<\/svg><\/div><div class=\"l-section-shape type_zigzag pos_bottom\" style=\"height:3vmin;\"><svg xmlns=\"http:\/\/www.w3.org\/2000\/svg\" viewBox=\"0 0 64 8\" preserveAspectRatio=\"none\" width=\"100%\" height=\"100%\">\r\n\t<path fill=\"currentColor\" d=\"M64 8 L0 8 L0 0 L20 7.9 L40 3 L48 5 L64 0 Z\"\/>\r\n<\/svg><\/div><div class=\"l-section-h i-cf\"><div class=\"g-cols vc_row via_flex valign_top type_default stacking_default\"><div class=\"vc_col-sm-6 wpb_column vc_column_container\"><div class=\"vc_column-inner\"><div class=\"wpb_wrapper\"><div class=\"wpb_text_column\"><div class=\"wpb_wrapper\"><h2 id=\"juan-requena\">3. Juan Requena \u2014 <em>Requeneando<\/em><\/h2>\n<p><strong>18 septembre \u00b7 19:00 \u00b7 Espacio Turina \u00b7 Repr\u00e9sentation unique<\/strong><\/p>\n<p>Juan Requena devient pour la premi\u00e8re fois le protagoniste de son propre spectacle \u00e0 la Biennale. <em>Requeneando<\/em> est con\u00e7u comme un parcours \u00e0 travers diff\u00e9rents palos choisis pour refl\u00e9ter son parcours, sa sensibilit\u00e9 et son langage musical.<\/p>\n<p>Il sera accompagn\u00e9 par Los Makarines aux ch\u0153urs et palmas et b\u00e9n\u00e9ficiera de la collaboration sp\u00e9ciale du cantaor et multi-instrumentiste Jos\u00e9 \u00c1ngel Carmona.<\/p>\n<p><strong>Ce qui le distingue :<\/strong> ce n&rsquo;est pas seulement un r\u00e9cital virtuose, mais la pr\u00e9sentation d&rsquo;un univers cr\u00e9atif personnel qui d\u00e9voile aussi du mat\u00e9riel de son prochain projet discographique.<\/p>\n<\/div><\/div><\/div><\/div><\/div><div class=\"vc_col-sm-6 wpb_column vc_column_container\"><div class=\"vc_column-inner\"><div class=\"wpb_wrapper\"><div class=\"wpb_text_column\"><div class=\"wpb_wrapper\"><h2 id=\"alejandro-hurtado\">4. Alejandro Hurtado &amp; Enrike Solin\u00eds \u2014 <em>Devenir de la guitarra<\/em><\/h2>\n<p><strong>19 et 20 septembre \u00b7 12:00 \u00b7 \u00c9glise de San Luis de los Franceses<\/strong><\/p>\n<p>C&rsquo;est l&rsquo;une des propositions conceptuellement les plus int\u00e9ressantes de l&rsquo;\u00e9dition. Alejandro Hurtado met la guitare flamenca en dialogue avec la <strong>guitare historique et la musique ancienne<\/strong>, aux c\u00f4t\u00e9s d&rsquo;Enrike Solin\u00eds et en collaboration avec le Festival de Musique Ancienne de S\u00e9ville.<\/p>\n<p>Le programme comprend des compositions originales de Hurtado, des r\u00e9f\u00e9rences historiques et un parcours reliant diff\u00e9rentes \u00e9tapes de l&rsquo;histoire de la guitare.<\/p>\n<p>Le cadre baroque de <strong>San Luis de los Franceses<\/strong> ajoute en outre une dimension spatiale et acoustique tr\u00e8s particuli\u00e8re.<\/p>\n<\/div><\/div><\/div><\/div><\/div><\/div><\/div><\/section><section class=\"l-section wpb_row height_huge\"><div class=\"l-section-h i-cf\"><div class=\"g-cols vc_row via_flex valign_top type_default stacking_default\"><div class=\"vc_col-sm-6 wpb_column vc_column_container\"><div class=\"vc_column-inner\"><div class=\"wpb_wrapper\"><div class=\"wpb_text_column\"><div class=\"wpb_wrapper\"><h2 id=\"canizares\">5. Ca\u00f1izares &amp; ROSS \u2014 <em>Ca\u00f1izares sinf\u00f3nico<\/em><\/h2>\n<p><strong>19 septembre \u00b7 20:00 \u00b7 Teatro de la Maestranza \u00b7 Repr\u00e9sentation unique<\/strong><\/p>\n<p>Juan Manuel Ca\u00f1izares se pr\u00e9sente comme guitariste soliste avec la <strong>Real Orquesta Sinf\u00f3nica de Sevilla<\/strong>, dirig\u00e9e par Santiago Serrate.<\/p>\n<p>Le programme comprend le <em>Concierto Al-\u00c1ndalus para guitarra y orquesta<\/em>, d\u00e9di\u00e9 \u00e0 la m\u00e9moire de Paco de Luc\u00eda, et le <em>Concierto Mediterr\u00e1neo<\/em>, d\u00e9di\u00e9 \u00e0 Joaqu\u00edn Rodrigo.<\/p>\n<p><strong>Pourquoi c&rsquo;est sp\u00e9cial :<\/strong> c&rsquo;est la proposition la plus clairement symphonique de toute la programmation d\u00e9di\u00e9e \u00e0 la guitare. Pour qui souhaite entendre comment la guitare flamenca se projette face \u00e0 un grand orchestre, c&rsquo;est l&rsquo;une des soir\u00e9es cl\u00e9s de la Biennale.<\/p>\n<\/div><\/div><\/div><\/div><\/div><div class=\"vc_col-sm-6 wpb_column vc_column_container\"><div class=\"vc_column-inner\"><div class=\"wpb_wrapper\"><div class=\"wpb_text_column\"><div class=\"wpb_wrapper\"><h2 id=\"riqueni\">6. Rafael Riqueni &amp; Tim Ries \u2014 <em>Tunisia<\/em><\/h2>\n<p><strong>21 septembre \u00b7 20:00 \u00b7 Teatro Lope de Vega \u00b7 Cr\u00e9ation mondiale<\/strong><\/p>\n<p>L&rsquo;une des rencontres les plus singuli\u00e8res de 2026 r\u00e9unit le guitariste s\u00e9villan <strong>Rafael Riqueni<\/strong> et le saxophoniste et fl\u00fbtiste am\u00e9ricain <strong>Tim Ries<\/strong>.<\/p>\n<p>Le r\u00e9pertoire croise des compositions li\u00e9es \u00e0 l&rsquo;univers de Riqueni avec d&rsquo;autres pi\u00e8ces et ouvre un espace de dialogue entre guitare flamenca, jazz et sensibilit\u00e9 de musique de chambre.<\/p>\n<p><strong>Id\u00e9al pour :<\/strong> ceux qui recherchent une proposition moins orthodoxe, plus ouverte au dialogue entre les genres, tout en gardant au centre l&rsquo;un des grands noms historiques de la guitare s\u00e9villane.<\/p>\n<\/div><\/div><\/div><\/div><\/div><\/div><\/div><\/section><section class=\"l-section wpb_row height_huge color_alternate with_shape\"><div class=\"l-section-shape type_zigzag pos_top hor_flip\" style=\"height:3vmin;\"><svg xmlns=\"http:\/\/www.w3.org\/2000\/svg\" viewBox=\"0 0 64 8\" preserveAspectRatio=\"none\" width=\"100%\" height=\"100%\">\r\n\t<path fill=\"currentColor\" d=\"M64 8 L0 8 L0 0 L20 7.9 L40 3 L48 5 L64 0 Z\"\/>\r\n<\/svg><\/div><div class=\"l-section-shape type_zigzag pos_bottom\" style=\"height:3vmin;\"><svg xmlns=\"http:\/\/www.w3.org\/2000\/svg\" viewBox=\"0 0 64 8\" preserveAspectRatio=\"none\" width=\"100%\" height=\"100%\">\r\n\t<path fill=\"currentColor\" d=\"M64 8 L0 8 L0 0 L20 7.9 L40 3 L48 5 L64 0 Z\"\/>\r\n<\/svg><\/div><div class=\"l-section-h i-cf\"><div class=\"g-cols vc_row via_flex valign_top type_default stacking_default\"><div class=\"vc_col-sm-6 wpb_column vc_column_container\"><div class=\"vc_column-inner\"><div class=\"wpb_wrapper\"><div class=\"wpb_text_column\"><div class=\"wpb_wrapper\"><h2 id=\"diego-morao\">7. Diego del Morao \u2014 <em>M\u00e1s Morao<\/em><\/h2>\n<p><strong>25 septembre \u00b7 19:00 \u00b7 Espacio Turina \u00b7 Repr\u00e9sentation unique<\/strong><\/p>\n<p>Diego del Morao incarne l&rsquo;un des sons les plus reconnaissables de la guitare contemporaine de Jerez. <em>M\u00e1s Morao<\/em> place son toque au premier plan, port\u00e9 par un ensemble \u00e9troitement li\u00e9 \u00e0 l&rsquo;esth\u00e9tique de Jerez et du quartier de Santiago.<\/p>\n<p>An\u00e9 Carrasco aux percussions et Maloko au cante seront \u00e0 ses c\u00f4t\u00e9s, avec d&rsquo;autres participations encore \u00e0 confirmer.<\/p>\n<p><strong>Pourquoi nous ne le manquerions pas :<\/strong> peu de guitaristes actuels poss\u00e8dent une personnalit\u00e9 rythmique aussi identifiable. C&rsquo;est un rendez-vous particuli\u00e8rement recommand\u00e9 \u00e0 ceux qui appr\u00e9cient le comp\u00e1s, la sonorit\u00e9 de Jerez et une mani\u00e8re tr\u00e8s personnelle d&rsquo;accompagner et de construire les falsetas.<\/p>\n<\/div><\/div><\/div><\/div><\/div><div class=\"vc_col-sm-6 wpb_column vc_column_container\"><div class=\"vc_column-inner\"><div class=\"wpb_wrapper\"><div class=\"wpb_text_column\"><div class=\"wpb_wrapper\"><h2 id=\"dani-moron\">8. Dani de Mor\u00f3n \u2014 <em>Cuadro<\/em><\/h2>\n<p><strong>27 septembre \u00b7 19:00 \u00b7 Espacio Turina \u00b7 Repr\u00e9sentation unique<\/strong><\/p>\n<p>Dani de Mor\u00f3n cl\u00f4t le cycle de Turina avec une proposition qui retrouve l&rsquo;id\u00e9e du <strong>cuadro flamenco comme organisme vivant<\/strong>. Sa guitare dialogue avec les voix de Sergio El Colorao, Amparo Lagares et Ismael El Bola, la danse de Claudia La Debla et les palmas de Los Mellis.<\/p>\n<p>Le programme parcourt buler\u00edas, sole\u00e1, ton\u00e1s, tientos, canti\u00f1as, romance, farruca, seguiriya, tangos et d&rsquo;autres styles.<\/p>\n<p><strong>Ce que cela apporte :<\/strong> la guitare s&rsquo;\u00e9coute non seulement comme instrument soliste, mais comme une architecture musicale qui organise cante, danse, comp\u00e1s et cr\u00e9ation collective.<\/p>\n<\/div><\/div><\/div><\/div><\/div><\/div><\/div><\/section><section class=\"l-section wpb_row height_huge\"><div class=\"l-section-h i-cf\"><div class=\"g-cols vc_row via_flex valign_top type_default stacking_default\"><div class=\"vc_col-sm-12 wpb_column vc_column_container\"><div class=\"vc_column-inner\"><div class=\"wpb_wrapper\"><div class=\"wpb_text_column\"><div class=\"wpb_wrapper\"><h2 id=\"calendario\">Calendrier \u00e9largi de la guitare \u00e0 la Biennale 2026<\/h2>\n<div style=\"overflow-x: auto;\">\n<table>\n<thead>\n<tr>\n<th>Date<\/th>\n<th>Artiste \/ spectacle<\/th>\n<th>Lieu<\/th>\n<th>Caract\u00e9ristique<\/th>\n<\/tr>\n<\/thead>\n<tbody>\n<tr>\n<td>11 sep<\/td>\n<td><strong>Antonio Rey \u2014 Historias de un flamenco<\/strong><\/td>\n<td>Espacio Turina<\/td>\n<td>R\u00e9cital contemporain<\/td>\n<\/tr>\n<tr>\n<td>12 sep<\/td>\n<td><strong>Canito &amp; Ra\u00fal Rodr\u00edguez \u2014 La cuerda al aire<\/strong><\/td>\n<td>Espacio Turina<\/td>\n<td>Guitare et tres flamenco<\/td>\n<\/tr>\n<tr>\n<td>13 sep<\/td>\n<td><strong>Jos\u00e9 Ferm\u00edn Fern\u00e1ndez \u2014 Guitarra desnuda<\/strong><\/td>\n<td>Espacio Turina<\/td>\n<td>Guitare solo<\/td>\n<\/tr>\n<tr>\n<td>18 sep<\/td>\n<td><strong>Juan Requena \u2014 Requeneando<\/strong><\/td>\n<td>Espacio Turina<\/td>\n<td>Cr\u00e9ation personnelle<\/td>\n<\/tr>\n<tr>\n<td>18 sep<\/td>\n<td><strong>Antonio Reyes \u2014 Seis cuerdas, seis<\/strong><\/td>\n<td>Teatro Lope de Vega<\/td>\n<td>Cante et guitare<\/td>\n<\/tr>\n<tr>\n<td>19 sep<\/td>\n<td><strong>Alejandro Hurtado &amp; Enrike Solin\u00eds \u2014 Devenir de la guitarra<\/strong><\/td>\n<td>San Luis<\/td>\n<td>Flamenco et guitare historique<\/td>\n<\/tr>\n<tr>\n<td>19 sep<\/td>\n<td><strong>Mar\u00eda Mar\u00edn \u2014 Las Tres Mar\u00edas<\/strong><\/td>\n<td>Espacio Turina<\/td>\n<td>Guitare et voix \u00b7 cr\u00e9ation<\/td>\n<\/tr>\n<tr>\n<td>19 sep<\/td>\n<td><strong>Ca\u00f1izares &amp; ROSS \u2014 Ca\u00f1izares sinf\u00f3nico<\/strong><\/td>\n<td>Maestranza<\/td>\n<td>Guitare et orchestre<\/td>\n<\/tr>\n<tr>\n<td>20 sep<\/td>\n<td><strong>Alejandro Hurtado &amp; Enrike Solin\u00eds \u2014 Devenir de la guitarra<\/strong><\/td>\n<td>San Luis<\/td>\n<td>Deuxi\u00e8me repr\u00e9sentation<\/td>\n<\/tr>\n<tr>\n<td>20 sep<\/td>\n<td><strong>Manuel de la Luz &amp; Manuel Im\u00e1n \u2014 Manos que hablan<\/strong><\/td>\n<td>Espacio Turina<\/td>\n<td>Dialogue entre guitares<\/td>\n<\/tr>\n<tr>\n<td>21 sep<\/td>\n<td><strong>Rafael Riqueni &amp; Tim Ries \u2014 Tunisia<\/strong><\/td>\n<td>Lope de Vega<\/td>\n<td>Cr\u00e9ation \u00b7 flamenco et jazz<\/td>\n<\/tr>\n<tr>\n<td>25 sep<\/td>\n<td><strong>Diego del Morao \u2014 M\u00e1s Morao<\/strong><\/td>\n<td>Espacio Turina<\/td>\n<td>Guitare de Jerez<\/td>\n<\/tr>\n<tr>\n<td>26 sep<\/td>\n<td><strong>Juan Medina \u2014 Fugaz<\/strong><\/td>\n<td>Espacio Turina<\/td>\n<td>Nouvelle g\u00e9n\u00e9ration<\/td>\n<\/tr>\n<tr>\n<td>27 sep<\/td>\n<td><strong>Dani de Mor\u00f3n \u2014 Cuadro<\/strong><\/td>\n<td>Espacio Turina<\/td>\n<td>Guitare, cante et danse<\/td>\n<\/tr>\n<\/tbody>\n<\/table>\n<\/div>\n<\/div><\/div><\/div><\/div><\/div><\/div><\/div><\/section><section class=\"l-section wpb_row height_huge color_alternate with_shape\"><div class=\"l-section-shape type_zigzag pos_top hor_flip\" style=\"height:3vmin;\"><svg xmlns=\"http:\/\/www.w3.org\/2000\/svg\" viewBox=\"0 0 64 8\" preserveAspectRatio=\"none\" width=\"100%\" height=\"100%\">\r\n\t<path fill=\"currentColor\" d=\"M64 8 L0 8 L0 0 L20 7.9 L40 3 L48 5 L64 0 Z\"\/>\r\n<\/svg><\/div><div class=\"l-section-shape type_zigzag pos_bottom\" style=\"height:3vmin;\"><svg xmlns=\"http:\/\/www.w3.org\/2000\/svg\" viewBox=\"0 0 64 8\" preserveAspectRatio=\"none\" width=\"100%\" height=\"100%\">\r\n\t<path fill=\"currentColor\" d=\"M64 8 L0 8 L0 0 L20 7.9 L40 3 L48 5 L64 0 Z\"\/>\r\n<\/svg><\/div><div class=\"l-section-h i-cf\"><div class=\"g-cols vc_row via_flex valign_top type_default stacking_default\"><div class=\"vc_col-sm-6 wpb_column vc_column_container\"><div class=\"vc_column-inner\"><div class=\"wpb_wrapper\"><div class=\"wpb_text_column\"><div class=\"wpb_wrapper\"><h2 id=\"elegir\">Quel concert choisir selon vos go\u00fbts ?<\/h2>\n<ul>\n<li><strong>Guitare seule et essentielle :<\/strong> Jos\u00e9 Ferm\u00edn Fern\u00e1ndez.<\/li>\n<li><strong>Grand concertisme contemporain :<\/strong> Antonio Rey.<\/li>\n<li><strong>Comp\u00e1s et \u00e9cole de Jerez :<\/strong> Diego del Morao.<\/li>\n<li><strong>Flamenco et tradition historique :<\/strong> Alejandro Hurtado &amp; Enrike Solin\u00eds.<\/li>\n<li><strong>Guitare avec orchestre :<\/strong> Ca\u00f1izares &amp; ROSS.<\/li>\n<li><strong>Flamenco ouvert au jazz :<\/strong> Rafael Riqueni &amp; Tim Ries.<\/li>\n<li><strong>Guitare dans le cuadro flamenco :<\/strong> Dani de Mor\u00f3n.<\/li>\n<li><strong>Nouvelles voix du toque :<\/strong> Juan Requena, Jos\u00e9 Ferm\u00edn Fern\u00e1ndez, Mar\u00eda Mar\u00edn ou Juan Medina.<\/li>\n<\/ul>\n<\/div><\/div><\/div><\/div><\/div><div class=\"vc_col-sm-6 wpb_column vc_column_container\"><div class=\"vc_column-inner\"><div class=\"wpb_wrapper\"><div class=\"wpb_text_column\"><div class=\"wpb_wrapper\"><h2>Est-il int\u00e9ressant de r\u00e9server plusieurs apr\u00e8s-midi au Turina ?<\/h2>\n<p>Oui, surtout si la guitare est l&rsquo;une de vos principales raisons de venir \u00e0 la Biennale. La programmation du Turina ne r\u00e9p\u00e8te pas un seul mod\u00e8le de r\u00e9cital : guitare seule, accompagnement, dialogue entre instruments, guitare et voix, \u00e9cole de Jerez et propositions collectives se succ\u00e8dent.<\/p>\n<p>Une bonne strat\u00e9gie consiste \u00e0 choisir <strong>deux ou trois concerts aux profils diff\u00e9rents<\/strong>. Par exemple, Jos\u00e9 Ferm\u00edn pour entendre l&rsquo;instrument compl\u00e8tement \u00e0 nu, Diego del Morao pour entrer dans le langage de Jerez et Dani de Mor\u00f3n pour voir comment la guitare structure un cuadro complet.<\/p>\n<\/div><\/div><\/div><\/div><\/div><\/div><\/div><\/section><section class=\"l-section wpb_row height_huge\"><div class=\"l-section-h i-cf\"><div class=\"g-cols vc_row via_flex valign_top type_default stacking_default\"><div class=\"vc_col-sm-12 wpb_column vc_column_container\"><div class=\"vc_column-inner\"><div class=\"wpb_wrapper\"><div class=\"wpb_text_column\"><div class=\"wpb_wrapper\"><h2>Billets et organisation<\/h2>\n<p>Les spectacles de l&rsquo;Espacio Turina affichent des tarifs plus accessibles que certaines grandes productions du Maestranza. Plusieurs rendez-vous sont toutefois annonc\u00e9s comme <strong>Nuits Uniques<\/strong>, ce qui signifie qu&rsquo;il n&rsquo;existe qu&rsquo;une seule occasion de les voir pendant la Biennale.<\/p>\n<p>Pour consulter les prix actualis\u00e9s, r\u00e9ductions, Hora Joven et canaux officiels d&rsquo;achat, utilisez notre guide des <a href=\"https:\/\/www.tablaosflamencos.com\/bienal-flamenco-2026-entradas-precios-descuentos.html\"><strong>billets, prix et r\u00e9ductions de la Biennale 2026<\/strong><\/a>.<\/p>\n<p>Nous recommandons aussi de consulter la <a href=\"https:\/\/www.labienal.com\/programa-general\" target=\"_blank\" rel=\"noopener\"><strong>programmation officielle de la Biennale<\/strong><\/a> avant de vous d\u00e9placer, car la disponibilit\u00e9 \u00e9volue \u00e0 mesure que chaque date approche.<\/p>\n<\/div><\/div><div class=\"w-separator size_medium\"><\/div><div class=\"w-hwrapper valign_top wrap stack_on_mobiles align_center\" style=\"--hwrapper-gap:1.2rem\"><div class=\"w-btn-wrapper align_none\"><a class=\"w-btn us-btn-style_1\" href=\"https:\/\/www.tablaosflamencos.com\/fr\/matinees-uniques-biennale-flamenco-seville-2026.html\"><span class=\"w-btn-label\">Voir les Matin\u00e9es Uniques<\/span><\/a><\/div><div class=\"w-btn-wrapper align_none\"><a class=\"w-btn us-btn-style_1\" href=\"https:\/\/www.tablaosflamencos.com\/fr\/nuits-uniques-biennale-flamenco-seville-2026.html\"><span class=\"w-btn-label\">Voir les Nuits Uniques<\/span><\/a><\/div><\/div><\/div><\/div><\/div><\/div><\/div><\/section><section class=\"l-section wpb_row height_huge color_alternate with_shape\"><div class=\"l-section-shape type_zigzag pos_top\" style=\"height:3vmin;\"><svg xmlns=\"http:\/\/www.w3.org\/2000\/svg\" viewBox=\"0 0 64 8\" preserveAspectRatio=\"none\" width=\"100%\" height=\"100%\">\r\n\t<path fill=\"currentColor\" d=\"M64 8 L0 8 L0 0 L20 7.9 L40 3 L48 5 L64 0 Z\"\/>\r\n<\/svg><\/div><div class=\"l-section-shape type_zigzag pos_bottom\" style=\"height:3vmin;\"><svg xmlns=\"http:\/\/www.w3.org\/2000\/svg\" viewBox=\"0 0 64 8\" preserveAspectRatio=\"none\" width=\"100%\" height=\"100%\">\r\n\t<path fill=\"currentColor\" d=\"M64 8 L0 8 L0 0 L20 7.9 L40 3 L48 5 L64 0 Z\"\/>\r\n<\/svg><\/div><div class=\"l-section-h i-cf\"><div class=\"g-cols vc_row via_flex valign_top type_default stacking_default\"><div class=\"vc_col-sm-12 wpb_column vc_column_container\"><div class=\"vc_column-inner\"><div class=\"wpb_wrapper\"><div class=\"wpb_text_column\"><div class=\"wpb_wrapper\"><h2 style=\"text-align: center;\">Une Biennale pour entendre le son de la guitare flamenca d&rsquo;aujourd&rsquo;hui<\/h2>\n<p style=\"text-align: center;\">La guitare de 2026 n&rsquo;appara\u00eet pas \u00e0 la Biennale comme un bloc homog\u00e8ne. Tradition, exp\u00e9rimentation, accompagnement, r\u00e9cital soliste, orchestre, jazz, musique ancienne et nouvelles g\u00e9n\u00e9rations coexistent.<\/p>\n<p style=\"text-align: center;\">Ce contraste fait de la programmation une occasion particuli\u00e8rement pr\u00e9cieuse pour comprendre <strong>dans quelle direction \u00e9volue la guitare flamenca contemporaine sans perdre de vue ses racines<\/strong>.<\/p>\n<p style=\"text-align: center;\">Si la guitare est une priorit\u00e9 de votre voyage \u00e0 S\u00e9ville, cette \u00e9dition permet pratiquement de construire un festival dans le festival.<\/p>\n<\/div><\/div><\/div><\/div><\/div><\/div><\/div><\/section><section class=\"l-section wpb_row height_huge with_shape\"><div class=\"l-section-shape type_zigzag pos_bottom\" style=\"height:3vmin;\"><svg xmlns=\"http:\/\/www.w3.org\/2000\/svg\" viewBox=\"0 0 64 8\" preserveAspectRatio=\"none\" width=\"100%\" height=\"100%\">\r\n\t<path fill=\"currentColor\" d=\"M64 8 L0 8 L0 0 L20 7.9 L40 3 L48 5 L64 0 Z\"\/>\r\n<\/svg><\/div><div class=\"l-section-h i-cf\"><div class=\"g-cols vc_row via_flex valign_top type_default stacking_default\"><div class=\"vc_col-sm-1\/5 wpb_column vc_column_container\"><div class=\"vc_column-inner\"><div class=\"wpb_wrapper\"><\/div><\/div><\/div><div class=\"vc_col-sm-3\/5 wpb_column vc_column_container\"><div class=\"vc_column-inner\"><div class=\"wpb_wrapper\"><div class=\"wpb_text_column\"><div class=\"wpb_wrapper\"><h2 id=\"faq-guitarra\" style=\"text-align: center;\">Questions fr\u00e9quentes sur la guitare \u00e0 la Biennale 2026<\/h2>\n<\/div><\/div><div class=\"w-separator size_medium\"><\/div><div class=\"w-tabs accordion toggle_style_1 has_scrolling\" style=\"--sections-title-size:inherit;--sections-gap:0.5rem;\"><div class=\"w-tabs-sections titles-align_none icon_chevron cpos_right\"><div class=\"w-tabs-section\" id=\"yb5f\"><button type=\"button\" class=\"w-tabs-section-header\" aria-controls=\"content-yb5f\" aria-expanded=\"false\"><div class=\"w-tabs-section-title\">Combien de spectacles de guitare y a-t-il \u00e0 la Biennale 2026 ?<\/div><div class=\"w-tabs-section-control\"><\/div><\/button><div  class=\"w-tabs-section-content\" id=\"content-yb5f\"><div class=\"w-tabs-section-content-h i-cf\"><div class=\"wpb_text_column\"><div class=\"wpb_wrapper\"><p>La Biennale a mis en avant environ <strong>quinze propositions<\/strong> o\u00f9 la guitare flamenca de concert joue un r\u00f4le central, r\u00e9parties entre Espacio Turina, San Luis de los Franceses, Teatro Lope de Vega et Teatro de la Maestranza, entre autres lieux.<\/p>\n<\/div><\/div><\/div><\/div><\/div><div class=\"w-tabs-section\" id=\"kcff\"><button type=\"button\" class=\"w-tabs-section-header\" aria-controls=\"content-kcff\" aria-expanded=\"false\"><div class=\"w-tabs-section-title\">O\u00f9 se concentre la programmation de guitare ?<\/div><div class=\"w-tabs-section-control\"><\/div><\/button><div  class=\"w-tabs-section-content\" id=\"content-kcff\"><div class=\"w-tabs-section-content-h i-cf\"><div class=\"wpb_text_column\"><div class=\"wpb_wrapper\"><p>Le lieu principal est l&rsquo;<strong>Espacio Turina<\/strong>, qui accueille neuf concerts de guitare entre le 11 et le 27 septembre 2026.<\/p>\n<\/div><\/div><\/div><\/div><\/div><div class=\"w-tabs-section\" id=\"je72\"><button type=\"button\" class=\"w-tabs-section-header\" aria-controls=\"content-je72\" aria-expanded=\"false\"><div class=\"w-tabs-section-title\">Quels grands guitaristes participent \u00e0 la Biennale 2026 ?<\/div><div class=\"w-tabs-section-control\"><\/div><\/button><div  class=\"w-tabs-section-content\" id=\"content-je72\"><div class=\"w-tabs-section-content-h i-cf\"><div class=\"wpb_text_column\"><div class=\"wpb_wrapper\"><p>Parmi les artistes figurent Antonio Rey, Rafael Riqueni, Juan Manuel Ca\u00f1izares, Diego del Morao, Dani de Mor\u00f3n, Alejandro Hurtado, Jos\u00e9 Ferm\u00edn Fern\u00e1ndez, Juan Requena, Mar\u00eda Mar\u00edn, Manuel de la Luz, Manuel Im\u00e1n et Juan Medina.<\/p>\n<\/div><\/div><\/div><\/div><\/div><div class=\"w-tabs-section\" id=\"hff0\"><button type=\"button\" class=\"w-tabs-section-header\" aria-controls=\"content-hff0\" aria-expanded=\"false\"><div class=\"w-tabs-section-title\">Y a-t-il des r\u00e9citals de guitare seule ?<\/div><div class=\"w-tabs-section-control\"><\/div><\/button><div  class=\"w-tabs-section-content\" id=\"content-hff0\"><div class=\"w-tabs-section-content-h i-cf\"><div class=\"wpb_text_column\"><div class=\"wpb_wrapper\"><p>Oui. L&rsquo;un des exemples les plus clairs est <em>Guitarra desnuda<\/em> de Jos\u00e9 Ferm\u00edn Fern\u00e1ndez, le 13 septembre \u00e0 l&rsquo;Espacio Turina, con\u00e7u pour placer la guitare dans son expression la plus essentielle.<\/p>\n<\/div><\/div><\/div><\/div><\/div><div class=\"w-tabs-section\" id=\"a15e\"><button type=\"button\" class=\"w-tabs-section-header\" aria-controls=\"content-a15e\" aria-expanded=\"false\"><div class=\"w-tabs-section-title\">Y a-t-il de la guitare flamenca avec orchestre symphonique ?<\/div><div class=\"w-tabs-section-control\"><\/div><\/button><div  class=\"w-tabs-section-content\" id=\"content-a15e\"><div class=\"w-tabs-section-content-h i-cf\"><div class=\"wpb_text_column\"><div class=\"wpb_wrapper\"><p>Oui. Juan Manuel Ca\u00f1izares se produit avec la Real Orquesta Sinf\u00f3nica de Sevilla le 19 septembre au Teatro de la Maestranza avec <em>Ca\u00f1izares sinf\u00f3nico<\/em>.<\/p>\n<\/div><\/div><\/div><\/div><\/div><div class=\"w-tabs-section\" id=\"i28c\"><button type=\"button\" class=\"w-tabs-section-header\" aria-controls=\"content-i28c\" aria-expanded=\"false\"><div class=\"w-tabs-section-title\">Quel concert m\u00e9lange guitare flamenca et jazz ?<\/div><div class=\"w-tabs-section-control\"><\/div><\/button><div  class=\"w-tabs-section-content\" id=\"content-i28c\"><div class=\"w-tabs-section-content-h i-cf\"><div class=\"wpb_text_column\"><div class=\"wpb_wrapper\"><p><em>Tunisia<\/em>, de Rafael Riqueni et Tim Ries, propose un dialogue entre la guitare flamenca du ma\u00eetre s\u00e9villan et les saxophones et la fl\u00fbte du musicien am\u00e9ricain. Il s&rsquo;agit d&rsquo;une cr\u00e9ation mondiale programm\u00e9e le 21 septembre au Lope de Vega.<\/p>\n<\/div><\/div><\/div><\/div><\/div><div class=\"w-tabs-section\" id=\"j3aa\"><button type=\"button\" class=\"w-tabs-section-header\" aria-controls=\"content-j3aa\" aria-expanded=\"false\"><div class=\"w-tabs-section-title\">O\u00f9 puis-je \u00e9couter Diego del Morao ?<\/div><div class=\"w-tabs-section-control\"><\/div><\/button><div  class=\"w-tabs-section-content\" id=\"content-j3aa\"><div class=\"w-tabs-section-content-h i-cf\"><div class=\"wpb_text_column\"><div class=\"wpb_wrapper\"><p>Diego del Morao pr\u00e9sente <em>M\u00e1s Morao<\/em> le <strong>25 septembre \u00e0 19:00<\/strong> \u00e0 l&rsquo;Espacio Turina. Le spectacle est annonc\u00e9 comme une repr\u00e9sentation unique.<\/p>\n<\/div><\/div><\/div><\/div><\/div><div class=\"w-tabs-section\" id=\"p4d1\"><button type=\"button\" class=\"w-tabs-section-header\" aria-controls=\"content-p4d1\" aria-expanded=\"false\"><div class=\"w-tabs-section-title\">Quand Dani de Mor\u00f3n se produit-il ?<\/div><div class=\"w-tabs-section-control\"><\/div><\/button><div  class=\"w-tabs-section-content\" id=\"content-p4d1\"><div class=\"w-tabs-section-content-h i-cf\"><div class=\"wpb_text_column\"><div class=\"wpb_wrapper\"><p>Dani de Mor\u00f3n pr\u00e9sente <em>Cuadro<\/em> le <strong>27 septembre \u00e0 19:00<\/strong> \u00e0 l&rsquo;Espacio Turina, \u00e9galement comme repr\u00e9sentation unique.<\/p>\n<\/div><\/div><\/div><\/div><\/div><div class=\"w-tabs-section\" id=\"j5e2\"><button type=\"button\" class=\"w-tabs-section-header\" aria-controls=\"content-j5e2\" aria-expanded=\"false\"><div class=\"w-tabs-section-title\">Y a-t-il de la guitare dans les Matin\u00e9es Uniques ?<\/div><div class=\"w-tabs-section-control\"><\/div><\/button><div  class=\"w-tabs-section-content\" id=\"content-j5e2\"><div class=\"w-tabs-section-content-h i-cf\"><div class=\"wpb_text_column\"><div class=\"wpb_wrapper\"><p>Oui. Alejandro Hurtado pr\u00e9sente <em>Devenir de la guitarra<\/em> avec Enrike Solin\u00eds les 19 et 20 septembre \u00e0 12:00 dans l&rsquo;\u00e9glise de San Luis de los Franceses.<\/p>\n<\/div><\/div><\/div><\/div><\/div><div class=\"w-tabs-section\" id=\"y6e9\"><button type=\"button\" class=\"w-tabs-section-header\" aria-controls=\"content-y6e9\" aria-expanded=\"false\"><div class=\"w-tabs-section-title\">O\u00f9 acheter les billets pour les concerts de guitare ?<\/div><div class=\"w-tabs-section-control\"><\/div><\/button><div  class=\"w-tabs-section-content\" id=\"content-y6e9\"><div class=\"w-tabs-section-content-h i-cf\"><div class=\"wpb_text_column\"><div class=\"wpb_wrapper\"><p>Le moyen le plus s\u00fbr est d&rsquo;acc\u00e9der \u00e0 la fiche de chaque spectacle depuis la programmation officielle de la Biennale. Tablaos Flamencos tient \u00e9galement \u00e0 jour un guide sp\u00e9cifique avec prix, r\u00e9ductions, informations sur les billetteries et conseils d&rsquo;achat.<\/p>\n<\/div><\/div><\/div><\/div><\/div><\/div><\/div><\/div><\/div><\/div><div class=\"vc_col-sm-1\/5 wpb_column vc_column_container\"><div class=\"vc_column-inner\"><div class=\"wpb_wrapper\"><\/div><\/div><\/div><\/div><\/div><\/section>\n","protected":false},"excerpt":{"rendered":"<p>Guide des spectacles de guitare flamenca incontournables de la Biennale de Flamenco de S\u00e9ville 2026, avec Antonio Rey, Riqueni, Ca\u00f1izares, Diego del Morao, Dani de Mor\u00f3n et bien d\u2019autres.<\/p>\n","protected":false},"author":1,"featured_media":14100,"comment_status":"closed","ping_status":"closed","sticky":false,"template":"","format":"standard","meta":{"_acf_changed":false,"wpai_generated_summary":"","_ayudawp_aiss_exclude":false,"_ayudawp_aiss_exclude_summary":false,"_ayudawp_aiss_summary":"","_ayudawp_aiss_summary_provider":"","_ayudawp_aiss_summary_hash":"","footnotes":""},"categories":[1428],"tags":[1238,1239,1240,1241,1155,1396,1242],"class_list":["post-14118","post","type-post","status-publish","format-standard","has-post-thumbnail","hentry","category-biennale-de-flamenco","tag-agenda-flamenca","tag-bienal-2026","tag-bienal-de-flamenco","tag-festivales-flamencos","tag-flamenco-en-sevilla","tag-guitare-flamenca","tag-sevilla"],"acf":[],"yoast_head":"<!-- This site is optimized with the Yoast SEO Premium plugin v28.4 (Yoast SEO v28.4) - https:\/\/yoast.com\/product\/yoast-seo-premium-wordpress\/ -->\n<title>Guitare \u00e0 la Biennale de Flamenco 2026 : incontournables<\/title>\n<meta name=\"description\" content=\"Les spectacles de guitare flamenca incontournables de la Biennale de Flamenco de S\u00e9ville 2026 : Antonio Rey, Riqueni, Ca\u00f1izares, Diego del Morao et plus.\" \/>\n<meta name=\"robots\" content=\"index, follow, max-snippet:-1, max-image-preview:large, max-video-preview:-1\" \/>\n<link rel=\"canonical\" href=\"https:\/\/www.tablaosflamencos.com\/fr\/guitare-biennale-flamenco-seville-2026-spectacles-incontournables.html\" \/>\n<meta property=\"og:locale\" content=\"fr_FR\" \/>\n<meta property=\"og:type\" content=\"article\" \/>\n<meta property=\"og:title\" content=\"La guitare \u00e0 la Biennale de Flamenco de S\u00e9ville 2026 : spectacles incontournables\" \/>\n<meta property=\"og:description\" content=\"Les spectacles de guitare flamenca incontournables de la Biennale de Flamenco de S\u00e9ville 2026 : Antonio Rey, Riqueni, Ca\u00f1izares, Diego del Morao et plus.\" \/>\n<meta property=\"og:url\" content=\"https:\/\/www.tablaosflamencos.com\/fr\/guitare-biennale-flamenco-seville-2026-spectacles-incontournables.html\" \/>\n<meta property=\"og:site_name\" content=\"Tablaos Flamencos\" \/>\n<meta property=\"article:publisher\" content=\"https:\/\/www.facebook.com\/tablaosflamencos\" \/>\n<meta property=\"article:published_time\" content=\"2026-09-02T22:45:32+00:00\" \/>\n<meta property=\"article:modified_time\" content=\"2026-09-02T23:47:09+00:00\" \/>\n<meta property=\"og:image\" content=\"https:\/\/www.tablaosflamencos.com\/wp-content\/uploads\/la-guitarra-en-la-bienal-de-flamenco-2026-espectaculos-imprescindibles-01.webp\" \/>\n\t<meta property=\"og:image:width\" content=\"1672\" \/>\n\t<meta property=\"og:image:height\" content=\"941\" \/>\n\t<meta property=\"og:image:type\" content=\"image\/webp\" \/>\n<meta name=\"author\" content=\"Miguel Ortiz\" \/>\n<meta name=\"twitter:card\" content=\"summary_large_image\" \/>\n<meta name=\"twitter:creator\" content=\"@tablaosflamenco\" \/>\n<meta name=\"twitter:site\" content=\"@tablaosflamenco\" \/>\n<meta name=\"twitter:label1\" content=\"\u00c9crit par\" \/>\n\t<meta name=\"twitter:data1\" content=\"Miguel Ortiz\" \/>\n\t<meta name=\"twitter:label2\" content=\"Dur\u00e9e de lecture estim\u00e9e\" \/>\n\t<meta name=\"twitter:data2\" content=\"16 minutes\" \/>\n<script type=\"application\/ld+json\" class=\"yoast-schema-graph\">{\"@context\":\"https:\\\/\\\/schema.org\",\"@graph\":[{\"@type\":\"Article\",\"@id\":\"https:\\\/\\\/www.tablaosflamencos.com\\\/fr\\\/guitare-biennale-flamenco-seville-2026-spectacles-incontournables.html#article\",\"isPartOf\":{\"@id\":\"https:\\\/\\\/www.tablaosflamencos.com\\\/fr\\\/guitare-biennale-flamenco-seville-2026-spectacles-incontournables.html\"},\"author\":{\"name\":\"Miguel Ortiz\",\"@id\":\"https:\\\/\\\/www.tablaosflamencos.com\\\/fr#\\\/schema\\\/person\\\/e7a9ebe14eb75a52ceabfbffb3c54f5d\"},\"headline\":\"La guitare \u00e0 la Biennale de Flamenco de S\u00e9ville 2026 : spectacles incontournables\",\"datePublished\":\"2026-09-02T22:45:32+00:00\",\"dateModified\":\"2026-09-02T23:47:09+00:00\",\"mainEntityOfPage\":{\"@id\":\"https:\\\/\\\/www.tablaosflamencos.com\\\/fr\\\/guitare-biennale-flamenco-seville-2026-spectacles-incontournables.html\"},\"wordCount\":3356,\"publisher\":{\"@id\":\"https:\\\/\\\/www.tablaosflamencos.com\\\/fr#organization\"},\"image\":{\"@id\":\"https:\\\/\\\/www.tablaosflamencos.com\\\/fr\\\/guitare-biennale-flamenco-seville-2026-spectacles-incontournables.html#primaryimage\"},\"thumbnailUrl\":\"https:\\\/\\\/www.tablaosflamencos.com\\\/wp-content\\\/uploads\\\/la-guitarra-en-la-bienal-de-flamenco-2026-espectaculos-imprescindibles-01.webp\",\"keywords\":[\"agenda flamenca\",\"Bienal 2026\",\"Bienal de Flamenco\",\"festivales flamencos\",\"flamenco en Sevilla\",\"guitare flamenca\",\"sevilla\"],\"articleSection\":[\"Biennale de Flamenco\"],\"inLanguage\":\"fr-FR\"},{\"@type\":\"WebPage\",\"@id\":\"https:\\\/\\\/www.tablaosflamencos.com\\\/fr\\\/guitare-biennale-flamenco-seville-2026-spectacles-incontournables.html\",\"url\":\"https:\\\/\\\/www.tablaosflamencos.com\\\/fr\\\/guitare-biennale-flamenco-seville-2026-spectacles-incontournables.html\",\"name\":\"Guitare \u00e0 la Biennale de Flamenco 2026 : incontournables\",\"isPartOf\":{\"@id\":\"https:\\\/\\\/www.tablaosflamencos.com\\\/fr#website\"},\"primaryImageOfPage\":{\"@id\":\"https:\\\/\\\/www.tablaosflamencos.com\\\/fr\\\/guitare-biennale-flamenco-seville-2026-spectacles-incontournables.html#primaryimage\"},\"image\":{\"@id\":\"https:\\\/\\\/www.tablaosflamencos.com\\\/fr\\\/guitare-biennale-flamenco-seville-2026-spectacles-incontournables.html#primaryimage\"},\"thumbnailUrl\":\"https:\\\/\\\/www.tablaosflamencos.com\\\/wp-content\\\/uploads\\\/la-guitarra-en-la-bienal-de-flamenco-2026-espectaculos-imprescindibles-01.webp\",\"datePublished\":\"2026-09-02T22:45:32+00:00\",\"dateModified\":\"2026-09-02T23:47:09+00:00\",\"description\":\"Les spectacles de guitare flamenca incontournables de la Biennale de Flamenco de S\u00e9ville 2026 : Antonio Rey, Riqueni, Ca\u00f1izares, Diego del Morao et plus.\",\"breadcrumb\":{\"@id\":\"https:\\\/\\\/www.tablaosflamencos.com\\\/fr\\\/guitare-biennale-flamenco-seville-2026-spectacles-incontournables.html#breadcrumb\"},\"inLanguage\":\"fr-FR\",\"potentialAction\":[{\"@type\":\"ReadAction\",\"target\":[\"https:\\\/\\\/www.tablaosflamencos.com\\\/fr\\\/guitare-biennale-flamenco-seville-2026-spectacles-incontournables.html\"]}]},{\"@type\":\"ImageObject\",\"inLanguage\":\"fr-FR\",\"@id\":\"https:\\\/\\\/www.tablaosflamencos.com\\\/fr\\\/guitare-biennale-flamenco-seville-2026-spectacles-incontournables.html#primaryimage\",\"url\":\"https:\\\/\\\/www.tablaosflamencos.com\\\/wp-content\\\/uploads\\\/la-guitarra-en-la-bienal-de-flamenco-2026-espectaculos-imprescindibles-01.webp\",\"contentUrl\":\"https:\\\/\\\/www.tablaosflamencos.com\\\/wp-content\\\/uploads\\\/la-guitarra-en-la-bienal-de-flamenco-2026-espectaculos-imprescindibles-01.webp\",\"width\":1672,\"height\":941,\"caption\":\"La guitarra en la Bienal de Flamenco 2026: espect\u00e1culos imprescindibles\"},{\"@type\":\"BreadcrumbList\",\"@id\":\"https:\\\/\\\/www.tablaosflamencos.com\\\/fr\\\/guitare-biennale-flamenco-seville-2026-spectacles-incontournables.html#breadcrumb\",\"itemListElement\":[{\"@type\":\"ListItem\",\"position\":1,\"name\":\"Home\",\"item\":\"https:\\\/\\\/www.tablaosflamencos.com\\\/fr\"},{\"@type\":\"ListItem\",\"position\":2,\"name\":\"La guitare \u00e0 la Biennale de Flamenco de S\u00e9ville 2026 : spectacles incontournables\"}]},{\"@type\":\"WebSite\",\"@id\":\"https:\\\/\\\/www.tablaosflamencos.com\\\/fr#website\",\"url\":\"https:\\\/\\\/www.tablaosflamencos.com\\\/fr\",\"name\":\"Tablaos Flamencos\",\"description\":\"Entradas para tablaos flamencos de Espa\u00f1a\",\"publisher\":{\"@id\":\"https:\\\/\\\/www.tablaosflamencos.com\\\/fr#organization\"},\"alternateName\":\"Tablaos Flamencos\",\"potentialAction\":[{\"@type\":\"SearchAction\",\"target\":{\"@type\":\"EntryPoint\",\"urlTemplate\":\"https:\\\/\\\/www.tablaosflamencos.com\\\/fr?s={search_term_string}\"},\"query-input\":{\"@type\":\"PropertyValueSpecification\",\"valueRequired\":true,\"valueName\":\"search_term_string\"}}],\"inLanguage\":\"fr-FR\"},{\"@type\":[\"Organization\",\"Place\",\"EntertainmentBusiness\"],\"@id\":\"https:\\\/\\\/www.tablaosflamencos.com\\\/fr#organization\",\"name\":\"Tablaos Flamencos\",\"alternateName\":\"Tablaos Flamencos\",\"url\":\"https:\\\/\\\/www.tablaosflamencos.com\\\/fr\",\"logo\":{\"@id\":\"https:\\\/\\\/www.tablaosflamencos.com\\\/fr\\\/guitare-biennale-flamenco-seville-2026-spectacles-incontournables.html#local-main-organization-logo\"},\"image\":{\"@id\":\"https:\\\/\\\/www.tablaosflamencos.com\\\/fr\\\/guitare-biennale-flamenco-seville-2026-spectacles-incontournables.html#local-main-organization-logo\"},\"sameAs\":[\"https:\\\/\\\/www.facebook.com\\\/tablaosflamencos\",\"https:\\\/\\\/x.com\\\/tablaosflamenco\",\"https:\\\/\\\/mastodon.social\\\/@tablaosflamencos\",\"https:\\\/\\\/www.instagram.com\\\/tablaosflamencos\",\"https:\\\/\\\/tiktok.com\\\/@tablaosflamencos\",\"https:\\\/\\\/www.linkedin.com\\\/company\\\/109408238\\\/\"],\"description\":\"Venta de entradas para espect\u00e1culos flamencos\",\"legalName\":\"Tablaos Flamencos\",\"foundingDate\":\"2015-01-01\",\"numberOfEmployees\":{\"@type\":\"QuantitativeValue\",\"minValue\":\"1\",\"maxValue\":\"10\"},\"address\":{\"@id\":\"https:\\\/\\\/www.tablaosflamencos.com\\\/fr\\\/guitare-biennale-flamenco-seville-2026-spectacles-incontournables.html#local-main-place-address\"},\"geo\":{\"@type\":\"GeoCoordinates\",\"latitude\":\"37.3868072\",\"longitude\":\"-5.993280299999999\"},\"telephone\":[\"+34623787787\"],\"contactPoint\":{\"@type\":\"ContactPoint\",\"telephone\":\"+34623787787\",\"email\":\"info@tablaosflamencos.com\"},\"openingHoursSpecification\":{\"@type\":\"OpeningHoursSpecification\",\"dayOfWeek\":[\"Monday\",\"Tuesday\",\"Wednesday\",\"Thursday\",\"Friday\",\"Saturday\",\"Sunday\"],\"opens\":\"00:00\",\"closes\":\"23:59\"},\"email\":\"info@tablaosflamencos.com\",\"priceRange\":\"$$$\",\"currenciesAccepted\":\"\u20ac\"},{\"@type\":\"Person\",\"@id\":\"https:\\\/\\\/www.tablaosflamencos.com\\\/fr#\\\/schema\\\/person\\\/e7a9ebe14eb75a52ceabfbffb3c54f5d\",\"name\":\"Miguel Ortiz\",\"description\":\"Miguel Ortiz es un empresario flamenco, con una s\u00f3lida trayectoria dentro del sector. Ha presidido entidades culturales vinculadas al flamenco y, cuenta con un amplio recorrido profesional en la gesti\u00f3n y promoci\u00f3n de espect\u00e1culos y tablaos flamencos. Su pasi\u00f3n por la historia y el arte flamenco se refleja en cada art\u00edculo, donde combina experiencia, criterio y un profundo respeto por la tradici\u00f3n.\",\"sameAs\":[\"https:\\\/\\\/www.tablaosflamencos.com\",\"https:\\\/\\\/www.instagra.com\\\/miguelortizfe\",\"https:\\\/\\\/www.linkedin.com\\\/in\\\/miguelortizf\\\/\"],\"birthDate\":\"1984-11-22\",\"gender\":\"hombre\",\"knowsLanguage\":[\"espa\u00f1ol\",\"ingl\u00e9s\"],\"jobTitle\":\"Empresario flamenco\"},{\"@type\":\"PostalAddress\",\"@id\":\"https:\\\/\\\/www.tablaosflamencos.com\\\/fr\\\/guitare-biennale-flamenco-seville-2026-spectacles-incontournables.html#local-main-place-address\",\"streetAddress\":\"C\\\/ Alemanes, 19\",\"addressLocality\":\"Sevilla\",\"postalCode\":\"41004\",\"addressRegion\":\"Sevilla\",\"addressCountry\":\"ES\"},{\"@type\":\"ImageObject\",\"inLanguage\":\"fr-FR\",\"@id\":\"https:\\\/\\\/www.tablaosflamencos.com\\\/fr\\\/guitare-biennale-flamenco-seville-2026-spectacles-incontournables.html#local-main-organization-logo\",\"url\":\"https:\\\/\\\/www.tablaosflamencos.com\\\/wp-content\\\/uploads\\\/tablaos-flamencos-06-3.webp\",\"contentUrl\":\"https:\\\/\\\/www.tablaosflamencos.com\\\/wp-content\\\/uploads\\\/tablaos-flamencos-06-3.webp\",\"width\":600,\"height\":620,\"caption\":\"Tablaos Flamencos\"}]}<\/script>\n<meta name=\"geo.placename\" content=\"Sevilla\" \/>\n<meta name=\"geo.position\" content=\"37.3868072;-5.993280299999999\" \/>\n<meta name=\"geo.region\" content=\"Espagne\" \/>\n<!-- \/ Yoast SEO Premium plugin. -->","yoast_head_json":{"title":"Guitare \u00e0 la Biennale de Flamenco 2026 : incontournables","description":"Les spectacles de guitare flamenca incontournables de la Biennale de Flamenco de S\u00e9ville 2026 : Antonio Rey, Riqueni, Ca\u00f1izares, Diego del Morao et plus.","robots":{"index":"index","follow":"follow","max-snippet":"max-snippet:-1","max-image-preview":"max-image-preview:large","max-video-preview":"max-video-preview:-1"},"canonical":"https:\/\/www.tablaosflamencos.com\/fr\/guitare-biennale-flamenco-seville-2026-spectacles-incontournables.html","og_locale":"fr_FR","og_type":"article","og_title":"La guitare \u00e0 la Biennale de Flamenco de S\u00e9ville 2026 : spectacles incontournables","og_description":"Les spectacles de guitare flamenca incontournables de la Biennale de Flamenco de S\u00e9ville 2026 : Antonio Rey, Riqueni, Ca\u00f1izares, Diego del Morao et plus.","og_url":"https:\/\/www.tablaosflamencos.com\/fr\/guitare-biennale-flamenco-seville-2026-spectacles-incontournables.html","og_site_name":"Tablaos Flamencos","article_publisher":"https:\/\/www.facebook.com\/tablaosflamencos","article_published_time":"2026-09-02T22:45:32+00:00","article_modified_time":"2026-09-02T23:47:09+00:00","og_image":[{"width":1672,"height":941,"url":"https:\/\/www.tablaosflamencos.com\/wp-content\/uploads\/la-guitarra-en-la-bienal-de-flamenco-2026-espectaculos-imprescindibles-01.webp","type":"image\/webp"}],"author":"Miguel Ortiz","twitter_card":"summary_large_image","twitter_creator":"@tablaosflamenco","twitter_site":"@tablaosflamenco","twitter_misc":{"\u00c9crit par":"Miguel Ortiz","Dur\u00e9e de lecture estim\u00e9e":"16 minutes"},"schema":{"@context":"https:\/\/schema.org","@graph":[{"@type":"Article","@id":"https:\/\/www.tablaosflamencos.com\/fr\/guitare-biennale-flamenco-seville-2026-spectacles-incontournables.html#article","isPartOf":{"@id":"https:\/\/www.tablaosflamencos.com\/fr\/guitare-biennale-flamenco-seville-2026-spectacles-incontournables.html"},"author":{"name":"Miguel Ortiz","@id":"https:\/\/www.tablaosflamencos.com\/fr#\/schema\/person\/e7a9ebe14eb75a52ceabfbffb3c54f5d"},"headline":"La guitare \u00e0 la Biennale de Flamenco de S\u00e9ville 2026 : spectacles incontournables","datePublished":"2026-09-02T22:45:32+00:00","dateModified":"2026-09-02T23:47:09+00:00","mainEntityOfPage":{"@id":"https:\/\/www.tablaosflamencos.com\/fr\/guitare-biennale-flamenco-seville-2026-spectacles-incontournables.html"},"wordCount":3356,"publisher":{"@id":"https:\/\/www.tablaosflamencos.com\/fr#organization"},"image":{"@id":"https:\/\/www.tablaosflamencos.com\/fr\/guitare-biennale-flamenco-seville-2026-spectacles-incontournables.html#primaryimage"},"thumbnailUrl":"https:\/\/www.tablaosflamencos.com\/wp-content\/uploads\/la-guitarra-en-la-bienal-de-flamenco-2026-espectaculos-imprescindibles-01.webp","keywords":["agenda flamenca","Bienal 2026","Bienal de Flamenco","festivales flamencos","flamenco en Sevilla","guitare flamenca","sevilla"],"articleSection":["Biennale de Flamenco"],"inLanguage":"fr-FR"},{"@type":"WebPage","@id":"https:\/\/www.tablaosflamencos.com\/fr\/guitare-biennale-flamenco-seville-2026-spectacles-incontournables.html","url":"https:\/\/www.tablaosflamencos.com\/fr\/guitare-biennale-flamenco-seville-2026-spectacles-incontournables.html","name":"Guitare \u00e0 la Biennale de Flamenco 2026 : incontournables","isPartOf":{"@id":"https:\/\/www.tablaosflamencos.com\/fr#website"},"primaryImageOfPage":{"@id":"https:\/\/www.tablaosflamencos.com\/fr\/guitare-biennale-flamenco-seville-2026-spectacles-incontournables.html#primaryimage"},"image":{"@id":"https:\/\/www.tablaosflamencos.com\/fr\/guitare-biennale-flamenco-seville-2026-spectacles-incontournables.html#primaryimage"},"thumbnailUrl":"https:\/\/www.tablaosflamencos.com\/wp-content\/uploads\/la-guitarra-en-la-bienal-de-flamenco-2026-espectaculos-imprescindibles-01.webp","datePublished":"2026-09-02T22:45:32+00:00","dateModified":"2026-09-02T23:47:09+00:00","description":"Les spectacles de guitare flamenca incontournables de la Biennale de Flamenco de S\u00e9ville 2026 : Antonio Rey, Riqueni, Ca\u00f1izares, Diego del Morao et plus.","breadcrumb":{"@id":"https:\/\/www.tablaosflamencos.com\/fr\/guitare-biennale-flamenco-seville-2026-spectacles-incontournables.html#breadcrumb"},"inLanguage":"fr-FR","potentialAction":[{"@type":"ReadAction","target":["https:\/\/www.tablaosflamencos.com\/fr\/guitare-biennale-flamenco-seville-2026-spectacles-incontournables.html"]}]},{"@type":"ImageObject","inLanguage":"fr-FR","@id":"https:\/\/www.tablaosflamencos.com\/fr\/guitare-biennale-flamenco-seville-2026-spectacles-incontournables.html#primaryimage","url":"https:\/\/www.tablaosflamencos.com\/wp-content\/uploads\/la-guitarra-en-la-bienal-de-flamenco-2026-espectaculos-imprescindibles-01.webp","contentUrl":"https:\/\/www.tablaosflamencos.com\/wp-content\/uploads\/la-guitarra-en-la-bienal-de-flamenco-2026-espectaculos-imprescindibles-01.webp","width":1672,"height":941,"caption":"La guitarra en la Bienal de Flamenco 2026: espect\u00e1culos imprescindibles"},{"@type":"BreadcrumbList","@id":"https:\/\/www.tablaosflamencos.com\/fr\/guitare-biennale-flamenco-seville-2026-spectacles-incontournables.html#breadcrumb","itemListElement":[{"@type":"ListItem","position":1,"name":"Home","item":"https:\/\/www.tablaosflamencos.com\/fr"},{"@type":"ListItem","position":2,"name":"La guitare \u00e0 la Biennale de Flamenco de S\u00e9ville 2026 : spectacles incontournables"}]},{"@type":"WebSite","@id":"https:\/\/www.tablaosflamencos.com\/fr#website","url":"https:\/\/www.tablaosflamencos.com\/fr","name":"Tablaos Flamencos","description":"Entradas para tablaos flamencos de Espa\u00f1a","publisher":{"@id":"https:\/\/www.tablaosflamencos.com\/fr#organization"},"alternateName":"Tablaos Flamencos","potentialAction":[{"@type":"SearchAction","target":{"@type":"EntryPoint","urlTemplate":"https:\/\/www.tablaosflamencos.com\/fr?s={search_term_string}"},"query-input":{"@type":"PropertyValueSpecification","valueRequired":true,"valueName":"search_term_string"}}],"inLanguage":"fr-FR"},{"@type":["Organization","Place","EntertainmentBusiness"],"@id":"https:\/\/www.tablaosflamencos.com\/fr#organization","name":"Tablaos Flamencos","alternateName":"Tablaos Flamencos","url":"https:\/\/www.tablaosflamencos.com\/fr","logo":{"@id":"https:\/\/www.tablaosflamencos.com\/fr\/guitare-biennale-flamenco-seville-2026-spectacles-incontournables.html#local-main-organization-logo"},"image":{"@id":"https:\/\/www.tablaosflamencos.com\/fr\/guitare-biennale-flamenco-seville-2026-spectacles-incontournables.html#local-main-organization-logo"},"sameAs":["https:\/\/www.facebook.com\/tablaosflamencos","https:\/\/x.com\/tablaosflamenco","https:\/\/mastodon.social\/@tablaosflamencos","https:\/\/www.instagram.com\/tablaosflamencos","https:\/\/tiktok.com\/@tablaosflamencos","https:\/\/www.linkedin.com\/company\/109408238\/"],"description":"Venta de entradas para espect\u00e1culos flamencos","legalName":"Tablaos Flamencos","foundingDate":"2015-01-01","numberOfEmployees":{"@type":"QuantitativeValue","minValue":"1","maxValue":"10"},"address":{"@id":"https:\/\/www.tablaosflamencos.com\/fr\/guitare-biennale-flamenco-seville-2026-spectacles-incontournables.html#local-main-place-address"},"geo":{"@type":"GeoCoordinates","latitude":"37.3868072","longitude":"-5.993280299999999"},"telephone":["+34623787787"],"contactPoint":{"@type":"ContactPoint","telephone":"+34623787787","email":"info@tablaosflamencos.com"},"openingHoursSpecification":{"@type":"OpeningHoursSpecification","dayOfWeek":["Monday","Tuesday","Wednesday","Thursday","Friday","Saturday","Sunday"],"opens":"00:00","closes":"23:59"},"email":"info@tablaosflamencos.com","priceRange":"$$$","currenciesAccepted":"\u20ac"},{"@type":"Person","@id":"https:\/\/www.tablaosflamencos.com\/fr#\/schema\/person\/e7a9ebe14eb75a52ceabfbffb3c54f5d","name":"Miguel Ortiz","description":"Miguel Ortiz es un empresario flamenco, con una s\u00f3lida trayectoria dentro del sector. Ha presidido entidades culturales vinculadas al flamenco y, cuenta con un amplio recorrido profesional en la gesti\u00f3n y promoci\u00f3n de espect\u00e1culos y tablaos flamencos. Su pasi\u00f3n por la historia y el arte flamenco se refleja en cada art\u00edculo, donde combina experiencia, criterio y un profundo respeto por la tradici\u00f3n.","sameAs":["https:\/\/www.tablaosflamencos.com","https:\/\/www.instagra.com\/miguelortizfe","https:\/\/www.linkedin.com\/in\/miguelortizf\/"],"birthDate":"1984-11-22","gender":"hombre","knowsLanguage":["espa\u00f1ol","ingl\u00e9s"],"jobTitle":"Empresario flamenco"},{"@type":"PostalAddress","@id":"https:\/\/www.tablaosflamencos.com\/fr\/guitare-biennale-flamenco-seville-2026-spectacles-incontournables.html#local-main-place-address","streetAddress":"C\/ Alemanes, 19","addressLocality":"Sevilla","postalCode":"41004","addressRegion":"Sevilla","addressCountry":"ES"},{"@type":"ImageObject","inLanguage":"fr-FR","@id":"https:\/\/www.tablaosflamencos.com\/fr\/guitare-biennale-flamenco-seville-2026-spectacles-incontournables.html#local-main-organization-logo","url":"https:\/\/www.tablaosflamencos.com\/wp-content\/uploads\/tablaos-flamencos-06-3.webp","contentUrl":"https:\/\/www.tablaosflamencos.com\/wp-content\/uploads\/tablaos-flamencos-06-3.webp","width":600,"height":620,"caption":"Tablaos Flamencos"}]},"geo.placename":"Sevilla","geo.position":{"lat":"37.3868072","long":"-5.993280299999999"},"geo.region":"Espagne"},"_links":{"self":[{"href":"https:\/\/www.tablaosflamencos.com\/fr\/wp-json\/wp\/v2\/posts\/14118","targetHints":{"allow":["GET"]}}],"collection":[{"href":"https:\/\/www.tablaosflamencos.com\/fr\/wp-json\/wp\/v2\/posts"}],"about":[{"href":"https:\/\/www.tablaosflamencos.com\/fr\/wp-json\/wp\/v2\/types\/post"}],"author":[{"embeddable":true,"href":"https:\/\/www.tablaosflamencos.com\/fr\/wp-json\/wp\/v2\/users\/1"}],"replies":[{"embeddable":true,"href":"https:\/\/www.tablaosflamencos.com\/fr\/wp-json\/wp\/v2\/comments?post=14118"}],"version-history":[{"count":12,"href":"https:\/\/www.tablaosflamencos.com\/fr\/wp-json\/wp\/v2\/posts\/14118\/revisions"}],"predecessor-version":[{"id":14223,"href":"https:\/\/www.tablaosflamencos.com\/fr\/wp-json\/wp\/v2\/posts\/14118\/revisions\/14223"}],"wp:featuredmedia":[{"embeddable":true,"href":"https:\/\/www.tablaosflamencos.com\/fr\/wp-json\/wp\/v2\/media\/14100"}],"wp:attachment":[{"href":"https:\/\/www.tablaosflamencos.com\/fr\/wp-json\/wp\/v2\/media?parent=14118"}],"wp:term":[{"taxonomy":"category","embeddable":true,"href":"https:\/\/www.tablaosflamencos.com\/fr\/wp-json\/wp\/v2\/categories?post=14118"},{"taxonomy":"post_tag","embeddable":true,"href":"https:\/\/www.tablaosflamencos.com\/fr\/wp-json\/wp\/v2\/tags?post=14118"}],"curies":[{"name":"wp","href":"https:\/\/api.w.org\/{rel}","templated":true}]}}