{"id":14117,"date":"2026-09-03T00:15:18","date_gmt":"2026-09-02T22:15:18","guid":{"rendered":"https:\/\/www.tablaosflamencos.com\/?p=14117"},"modified":"2026-09-03T01:31:02","modified_gmt":"2026-09-02T23:31:02","slug":"jose-merce-biennale-flamenco-2026-toquen-a-rebato","status":"publish","type":"post","link":"https:\/\/www.tablaosflamencos.com\/fr\/jose-merce-biennale-flamenco-2026-toquen-a-rebato.html","title":{"rendered":"Jos\u00e9 Merc\u00e9 \u00e0 la Biennale de Flamenco 2026 : Toquen a rebato"},"content":{"rendered":"<section class=\"l-section wpb_row height_huge\"><div class=\"l-section-h i-cf\"><div class=\"g-cols vc_row via_flex valign_top type_default stacking_default\"><div class=\"vc_col-sm-6 wpb_column vc_column_container\"><div class=\"vc_column-inner\"><div class=\"wpb_wrapper\"><div class=\"wpb_text_column\"><div class=\"wpb_wrapper\"><h2>Jos\u00e9 Merc\u00e9 revient \u00e0 la Biennale avec un signal d\u2019alarme pour le cante<\/h2>\n<p>Le <strong>20 septembre 2026<\/strong>, Jos\u00e9 Merc\u00e9 reviendra au Teatro de la Maestranza dans le cadre de la XXIVe Biennale de Flamenco de S\u00e9ville avec <strong><em>Toquen a rebato<\/em><\/strong>, l\u2019une des Nuits Uniques de cette \u00e9dition. Il ne s\u2019agit ni d\u2019un r\u00e9cital con\u00e7u comme une simple r\u00e9trospective de ses succ\u00e8s, ni d\u2019une pr\u00e9sentation conventionnelle de r\u00e9pertoire : la Biennale elle-m\u00eame l\u2019imagine comme une rencontre entre l\u2019une des voix les plus reconnaissables du flamenco contemporain et trois jeunes guitaristes appel\u00e9s \u00e0 occuper une place importante dans la guitare flamenca actuelle.<\/p>\n<p>Le projet a une m\u00e9moire. Dix ans plus t\u00f4t, en 2016, Merc\u00e9 avait cl\u00f4tur\u00e9 cette Biennale dans le m\u00eame th\u00e9\u00e2tre, accompagn\u00e9 de Tomatito, Pepe Habichuela et Alfredo Lagos. Le succ\u00e8s de cette soir\u00e9e est \u00e0 l\u2019origine de cette nouvelle proposition. En 2026, la formule revient sous un autre angle g\u00e9n\u00e9rationnel : <strong>David de Arahal, Jos\u00e9 del Tomate et Manuel Cerpa<\/strong> seront aux guitares, tandis que Merc\u00e9 parcourra les cantes qu\u2019il d\u00e9fend le mieux \u00e0 travers le regard de \u00ab ceux qui arrivent \u00bb.<\/p>\n<p>L\u2019id\u00e9e r\u00e9sume bien l\u2019une des tensions qui traversent le flamenco actuel : comment pr\u00e9server une m\u00e9moire artistique sans la transformer en pi\u00e8ce de mus\u00e9e. <em>Toquen a rebato<\/em> semble pr\u00e9cis\u00e9ment construit autour de cette question.<\/p>\n<\/div><\/div><\/div><\/div><\/div><div class=\"vc_col-sm-6 wpb_column vc_column_container\"><div class=\"vc_column-inner\"><div class=\"wpb_wrapper\"><div class=\"wpb_text_column\"><div class=\"wpb_wrapper\"><h3>Jos\u00e9 Merc\u00e9 \u00e0 la Biennale 2026 : informations pratiques<\/h3>\n<ul>\n<li><strong>Spectacle :<\/strong> <em>Toquen a rebato<\/em>.<\/li>\n<li><strong>Artiste :<\/strong> Jos\u00e9 Merc\u00e9.<\/li>\n<li><strong>Date :<\/strong> dimanche 20 septembre 2026.<\/li>\n<li><strong>Heure :<\/strong> 20 h 00.<\/li>\n<li><strong>Lieu :<\/strong> Teatro de la Maestranza, S\u00e9ville.<\/li>\n<li><strong>Format :<\/strong> Nuit Unique de la XXIVe Biennale de Flamenco.<\/li>\n<li><strong>Guitares :<\/strong> David de Arahal, Jos\u00e9 del Tomate et Manuel Cerpa.<\/li>\n<li><strong>Percussions :<\/strong> David del Gasolina.<\/li>\n<li><strong>Ch\u0153urs et palmas :<\/strong> V\u00edctor Carrasco, Chicharito de Jerez, Jorge Bautista et Merce Garc\u00eda.<\/li>\n<\/ul>\n<\/div><\/div><\/div><\/div><\/div><\/div><\/div><\/section><section class=\"l-section wpb_row height_huge color_alternate with_shape\"><div class=\"l-section-shape type_zigzag pos_top hor_flip\" style=\"height:3vmin;\"><svg xmlns=\"http:\/\/www.w3.org\/2000\/svg\" viewBox=\"0 0 64 8\" preserveAspectRatio=\"none\" width=\"100%\" height=\"100%\">\r\n\t<path fill=\"currentColor\" d=\"M64 8 L0 8 L0 0 L20 7.9 L40 3 L48 5 L64 0 Z\"\/>\r\n<\/svg><\/div><div class=\"l-section-shape type_zigzag pos_bottom\" style=\"height:3vmin;\"><svg xmlns=\"http:\/\/www.w3.org\/2000\/svg\" viewBox=\"0 0 64 8\" preserveAspectRatio=\"none\" width=\"100%\" height=\"100%\">\r\n\t<path fill=\"currentColor\" d=\"M64 8 L0 8 L0 0 L20 7.9 L40 3 L48 5 L64 0 Z\"\/>\r\n<\/svg><\/div><div class=\"l-section-h i-cf\"><div class=\"g-cols vc_row via_flex valign_top type_default stacking_default\"><div class=\"vc_col-sm-12 wpb_column vc_column_container\"><div class=\"vc_column-inner\"><div class=\"wpb_wrapper\"><div class=\"wpb_text_column\"><div class=\"wpb_wrapper\"><h2>Que signifie \u00ab Toquen a rebato \u00bb ?<\/h2>\n<p>Le titre n\u2019a rien de fortuit. La Biennale explique que <strong>\u00ab Toquen a rebato \u00bb fait r\u00e9f\u00e9rence, d\u2019une part, \u00e0 une sole\u00e1 de Juanito Mojama<\/strong>, cantaor pour lequel Jos\u00e9 Merc\u00e9 \u00e9prouve une profonde admiration. En m\u00eame temps, \u00ab tocar a rebato \u00bb est une expression traditionnelle espagnole associ\u00e9e \u00e0 un signal d\u2019alarme urgent, historiquement transmis par une sonnerie rapide de cloches ou de tambours.<\/p>\n<p>Le spectacle transforme cette expression en d\u00e9claration artistique. L\u2019alarme lanc\u00e9e par Merc\u00e9 peut se r\u00e9sumer en une question : <strong>que se passe-t-il si le cante se perd ?<\/strong> Face \u00e0 cette possibilit\u00e9, la r\u00e9ponse ne consiste pas \u00e0 regarder exclusivement vers le pass\u00e9. La proposition place Merc\u00e9 aux c\u00f4t\u00e9s d\u2019une nouvelle g\u00e9n\u00e9ration de guitaristes, de sorte que la transmission s\u2019effectue sur sc\u00e8ne et en temps r\u00e9el.<\/p>\n<p>Le titre fonctionne donc dans plusieurs directions. Il garde la m\u00e9moire d\u2019un cantaor historique, renvoie au langage populaire et lance en m\u00eame temps un appel contemporain \u00e0 d\u00e9fendre le cante comme patrimoine vivant. Le \u00ab coup de cloche \u00bb de Merc\u00e9 ne cherche pas \u00e0 figer le flamenco, mais \u00e0 transmettre un r\u00e9pertoire, une exp\u00e9rience et une certaine mani\u00e8re de comprendre le genre \u00e0 de jeunes musiciens.<\/p>\n<\/div><\/div><\/div><\/div><\/div><\/div><\/div><\/section><section class=\"l-section wpb_row height_huge\"><div class=\"l-section-h i-cf\"><div class=\"g-cols vc_row via_flex valign_top type_default stacking_default\"><div class=\"vc_col-sm-12 wpb_column vc_column_container\"><div class=\"vc_column-inner\"><div class=\"wpb_wrapper\"><div class=\"wpb_text_column\"><div class=\"wpb_wrapper\"><h2>Un retour qui regarde directement vers la Biennale de 2016<\/h2>\n<p>La comparaison avec 2016 est essentielle pour comprendre le spectacle. Cette ann\u00e9e-l\u00e0, Jos\u00e9 Merc\u00e9 avait assur\u00e9 une cl\u00f4ture rest\u00e9e dans les m\u00e9moires au Teatro de la Maestranza, accompagn\u00e9 de <strong>Tomatito, Pepe Habichuela et Alfredo Lagos<\/strong>, trois noms repr\u00e9sentant diff\u00e9rentes g\u00e9n\u00e9rations et \u00e9coles de la guitare flamenca.<\/p>\n<p>Dix ans plus tard, la Biennale reprend l\u2019id\u00e9e mais change le point de vue. Merc\u00e9 demeure au centre du cante, tandis que les guitares passent entre les mains de trois interpr\u00e8tes n\u00e9s entre 1998 et 2003. Le contraste est d\u00e9lib\u00e9r\u00e9 : une voix forte de plusieurs d\u00e9cennies de sc\u00e8ne et d\u2019une vaste discographie dialogue avec des guitaristes qui incarnent la continuit\u00e9 du genre.<\/p>\n<p>Il ne s\u2019agit donc pas d\u2019une r\u00e9p\u00e9tition nostalgique de la soir\u00e9e de 2016. <strong>Le concept est repris pour observer ce qui a chang\u00e9 en dix ans<\/strong>: comment une jeune g\u00e9n\u00e9ration \u00e9coute les cantes de Merc\u00e9, comment elle les accompagne et ce qu\u2019elle peut recevoir d\u2019un artiste qui a connu aussi bien le flamenco traditionnel que son ouverture \u00e0 un vaste public.<\/p>\n<\/div><\/div><\/div><\/div><\/div><\/div><\/div><\/section><section class=\"l-section wpb_row height_huge color_alternate with_shape\"><div class=\"l-section-shape type_zigzag pos_top hor_flip\" style=\"height:3vmin;\"><svg xmlns=\"http:\/\/www.w3.org\/2000\/svg\" viewBox=\"0 0 64 8\" preserveAspectRatio=\"none\" width=\"100%\" height=\"100%\">\r\n\t<path fill=\"currentColor\" d=\"M64 8 L0 8 L0 0 L20 7.9 L40 3 L48 5 L64 0 Z\"\/>\r\n<\/svg><\/div><div class=\"l-section-shape type_zigzag pos_bottom\" style=\"height:3vmin;\"><svg xmlns=\"http:\/\/www.w3.org\/2000\/svg\" viewBox=\"0 0 64 8\" preserveAspectRatio=\"none\" width=\"100%\" height=\"100%\">\r\n\t<path fill=\"currentColor\" d=\"M64 8 L0 8 L0 0 L20 7.9 L40 3 L48 5 L64 0 Z\"\/>\r\n<\/svg><\/div><div class=\"l-section-h i-cf\"><div class=\"g-cols vc_row via_flex valign_top type_default stacking_default\"><div class=\"vc_col-sm-12 wpb_column vc_column_container\"><div class=\"vc_column-inner\"><div class=\"wpb_wrapper\"><div class=\"wpb_text_column\"><div class=\"wpb_wrapper\"><h2>Les trois guitaristes de Jos\u00e9 Merc\u00e9 \u00e0 la Biennale 2026<\/h2>\n<p>La guitare est l\u2019un des grands arguments de <em>Toquen a rebato<\/em>. Chaque accompagnateur arrive avec un parcours diff\u00e9rent et une relation particuli\u00e8re \u00e0 la tradition.<\/p>\n<p><strong>David de Arahal<\/strong>, n\u00e9 en 2000, repr\u00e9sente l\u2019une des jeunes voix les plus remarqu\u00e9es de la guitare s\u00e9villane. Malgr\u00e9 son \u00e2ge, son parcours l\u2019a d\u00e9j\u00e0 plac\u00e9 aux c\u00f4t\u00e9s de grandes figures, et la Biennale elle-m\u00eame le pr\u00e9sente comme un musicien qui a su se faire une place parmi les grands.<\/p>\n<p><strong>Jos\u00e9 del Tomate<\/strong>, n\u00e9 \u00e0 Almer\u00eda en 1998, appartient \u00e0 l\u2019une des grandes dynasties de guitaristes du flamenco. Il est le fils de Tomatito et consid\u00e8re \u00e9galement son oncle Ni\u00f1o Miguel comme une r\u00e9f\u00e9rence. Sa pr\u00e9sence cr\u00e9e en outre un pont particuli\u00e8rement \u00e9vocateur avec le spectacle de 2016, lors duquel Tomatito accompagnait pr\u00e9cis\u00e9ment Merc\u00e9.<\/p>\n<p><strong>Manuel Cerpa<\/strong>, n\u00e9 \u00e0 Chipiona en 2003, est le plus jeune des trois. Sa participation a une nuance diff\u00e9rente, car il fait d\u00e9j\u00e0 r\u00e9guli\u00e8rement partie des tourn\u00e9es de Jos\u00e9 Merc\u00e9. Il existe donc une relation artistique pr\u00e9alable, susceptible d\u2019apporter une complicit\u00e9 diff\u00e9rente de celle d\u2019une rencontre ponctuelle.<\/p>\n<p>La r\u00e9union des trois emp\u00eache la \u00ab nouvelle g\u00e9n\u00e9ration \u00bb de rester une cat\u00e9gorie abstraite : ce sont trois guitaristes aux origines, aux \u00e9coles et aux liens avec le cante diff\u00e9rents.<\/p>\n<\/div><\/div><\/div><\/div><\/div><\/div><\/div><\/section><section class=\"l-section wpb_row height_huge\"><div class=\"l-section-h i-cf\"><div class=\"g-cols vc_row via_flex valign_top type_default stacking_default\"><div class=\"vc_col-sm-12 wpb_column vc_column_container\"><div class=\"vc_column-inner\"><div class=\"wpb_wrapper\"><div class=\"wpb_text_column\"><div class=\"wpb_wrapper\"><h2>Ce que l\u2019on peut s\u2019attendre \u00e0 entendre dans \u00ab Toquen a rebato \u00bb<\/h2>\n<p>La Biennale ne publie pas de r\u00e9pertoire ferm\u00e9, morceau par morceau, ce qui est logique pour un r\u00e9cital flamenco de ce type, mais elle donne des indications tr\u00e8s claires sur l\u2019orientation musicale. Le programme annonce un parcours \u00e0 travers <strong>les palos que Jos\u00e9 Merc\u00e9 d\u00e9fend le mieux<\/strong>, r\u00e9interpr\u00e9t\u00e9s \u00e0 travers le regard des jeunes guitaristes.<\/p>\n<p>Deux r\u00e9f\u00e9rences semblent incontournables. La premi\u00e8re est celle des <strong>buler\u00edas de Jerez<\/strong>, territoire naturel pour un cantaor n\u00e9 dans le quartier de Santiago et profond\u00e9ment li\u00e9 \u00e0 la tradition de Jerez. La seconde est celle des <strong>alegr\u00edas<\/strong>. L\u2019organisation annonce \u00e9galement quelques clins d\u2019\u0153il possibles aux grands succ\u00e8s de sa carri\u00e8re.<\/p>\n<p>On peut ainsi imaginer un r\u00e9cital qui ne s\u00e9parera pas rigidement le Merc\u00e9 le plus orthodoxe de l\u2019artiste qui a su rapprocher le flamenco d\u2019un tr\u00e8s large public. L\u2019une des singularit\u00e9s de son parcours a pr\u00e9cis\u00e9ment \u00e9t\u00e9 de pouvoir circuler entre ces univers sans renoncer \u00e0 son identit\u00e9 de cantaor.<\/p>\n<p>L\u2019int\u00e9r\u00eat de la soir\u00e9e r\u00e9sidera donc moins dans la d\u00e9couverte d\u2019une liste in\u00e9dite de morceaux que dans l\u2019observation de <strong>la fa\u00e7on dont l\u2019accompagnement se transforme lorsque trois jeunes guitaristes entrent dans des r\u00e9pertoires que Merc\u00e9 chante depuis des d\u00e9cennies<\/strong>.<\/p>\n<\/div><\/div><\/div><\/div><\/div><\/div><\/div><\/section><section class=\"l-section wpb_row height_huge color_alternate with_shape\"><div class=\"l-section-shape type_zigzag pos_top hor_flip\" style=\"height:3vmin;\"><svg xmlns=\"http:\/\/www.w3.org\/2000\/svg\" viewBox=\"0 0 64 8\" preserveAspectRatio=\"none\" width=\"100%\" height=\"100%\">\r\n\t<path fill=\"currentColor\" d=\"M64 8 L0 8 L0 0 L20 7.9 L40 3 L48 5 L64 0 Z\"\/>\r\n<\/svg><\/div><div class=\"l-section-shape type_zigzag pos_bottom\" style=\"height:3vmin;\"><svg xmlns=\"http:\/\/www.w3.org\/2000\/svg\" viewBox=\"0 0 64 8\" preserveAspectRatio=\"none\" width=\"100%\" height=\"100%\">\r\n\t<path fill=\"currentColor\" d=\"M64 8 L0 8 L0 0 L20 7.9 L40 3 L48 5 L64 0 Z\"\/>\r\n<\/svg><\/div><div class=\"l-section-h i-cf\"><div class=\"g-cols vc_row via_flex valign_top type_default stacking_default\"><div class=\"vc_col-sm-12 wpb_column vc_column_container\"><div class=\"vc_column-inner\"><div class=\"wpb_wrapper\"><div class=\"wpb_text_column\"><div class=\"wpb_wrapper\"><h2>La formation compl\u00e8te de la soir\u00e9e<\/h2>\n<p>Si les trois guitares concentrent une grande partie de l\u2019attention, <em>Toquen a rebato<\/em> r\u00e9unira une formation plus large. La fiche artistique officielle place <strong>Jos\u00e9 Merc\u00e9 au chant<\/strong>, accompagn\u00e9 par David de Arahal, Jos\u00e9 del Tomate et Manuel Cerpa \u00e0 la guitare.<\/p>\n<p>La partie rythmique est compl\u00e9t\u00e9e par <strong>David del Gasolina<\/strong> au caj\u00f3n et aux percussions. <strong>V\u00edctor Carrasco, Chicharito de Jerez, Jorge Bautista et Merce Garc\u00eda<\/strong>assureront les ch\u0153urs et les palmas.<\/p>\n<p>Cette configuration laisse entrevoir un spectacle capable de passer de moments tr\u00e8s d\u00e9pouill\u00e9s \u2014voix et guitare\u2014 \u00e0 des passages d\u2019une plus grande intensit\u00e9 rythmique. Dans un r\u00e9pertoire o\u00f9 les buler\u00edas devraient occuper une place importante, l\u2019\u00e9quipe de palmas et de ch\u0153urs n\u2019est pas un \u00e9l\u00e9ment secondaire : elle peut devenir une composante essentielle de l\u2019architecture musicale de la soir\u00e9e.<\/p>\n<\/div><\/div><\/div><\/div><\/div><\/div><\/div><\/section><section class=\"l-section wpb_row height_huge\"><div class=\"l-section-h i-cf\"><div class=\"g-cols vc_row via_flex valign_top type_default stacking_default\"><div class=\"vc_col-sm-12 wpb_column vc_column_container\"><div class=\"vc_column-inner\"><div class=\"wpb_wrapper\"><div class=\"wpb_text_column\"><div class=\"wpb_wrapper\"><h2>Jos\u00e9 Merc\u00e9 et la transmission du cante<\/h2>\n<p>L\u2019id\u00e9e de transmission prend un poids particulier lorsque le protagoniste est Jos\u00e9 Merc\u00e9. N\u00e9 Jos\u00e9 Soto Soto \u00e0 Jerez de la Frontera en 1955, il est issu d\u2019une longue lign\u00e9e flamenca : il est l\u2019arri\u00e8re-petit-fils de Paco de la Luz, le neveu de Manuel Soto \u00ab Sordera \u00bb et le cousin de Vicente Soto \u00ab Sordera \u00bb.<\/p>\n<p>Sa propre biographie est construite sur une cha\u00eene d\u2019apprentissages et de sc\u00e8nes. Enfant, il a chant\u00e9 dans la ma\u00eetrise de la Bas\u00edlica de La Merced \u2014d\u2019o\u00f9 son nom de sc\u00e8ne\u2014, est pass\u00e9 par les Jueves Flamencos de Jerez et, encore tr\u00e8s jeune, s\u2019est install\u00e9 \u00e0 Madrid, o\u00f9 il a travaill\u00e9 \u00e0 Torres Bermejas. Au cours de sa carri\u00e8re, il a \u00e9t\u00e9 accompagn\u00e9 par des guitaristes tels que Manolo Sanl\u00facar ou Paco de Luc\u00eda, avant de devenir l\u2019un des cantaores capables de porter le genre vers un tr\u00e8s large public.<\/p>\n<p>Ce parcours rend particuli\u00e8rement coh\u00e9rent le choix de la Biennale de le placer aujourd\u2019hui au c\u0153ur d\u2019une proposition g\u00e9n\u00e9rationnelle. <strong>Merc\u00e9 n\u2019appara\u00eet pas seulement comme interpr\u00e8te, mais comme un maillon d\u2019une cha\u00eene<\/strong>: quelqu\u2019un qui a re\u00e7u une tradition, l\u2019a transform\u00e9e au fil de son parcours et la confronte maintenant \u00e0 des musiciens qui commencent \u00e0 construire la leur.<\/p>\n<\/div><\/div><\/div><\/div><\/div><\/div><\/div><\/section><section class=\"l-section wpb_row height_huge color_alternate with_shape\"><div class=\"l-section-shape type_zigzag pos_top hor_flip\" style=\"height:3vmin;\"><svg xmlns=\"http:\/\/www.w3.org\/2000\/svg\" viewBox=\"0 0 64 8\" preserveAspectRatio=\"none\" width=\"100%\" height=\"100%\">\r\n\t<path fill=\"currentColor\" d=\"M64 8 L0 8 L0 0 L20 7.9 L40 3 L48 5 L64 0 Z\"\/>\r\n<\/svg><\/div><div class=\"l-section-shape type_zigzag pos_bottom\" style=\"height:3vmin;\"><svg xmlns=\"http:\/\/www.w3.org\/2000\/svg\" viewBox=\"0 0 64 8\" preserveAspectRatio=\"none\" width=\"100%\" height=\"100%\">\r\n\t<path fill=\"currentColor\" d=\"M64 8 L0 8 L0 0 L20 7.9 L40 3 L48 5 L64 0 Z\"\/>\r\n<\/svg><\/div><div class=\"l-section-h i-cf\"><div class=\"g-cols vc_row via_flex valign_top type_default stacking_default\"><div class=\"vc_col-sm-12 wpb_column vc_column_container\"><div class=\"vc_column-inner\"><div class=\"wpb_wrapper\"><div class=\"wpb_text_column\"><div class=\"wpb_wrapper\"><h2>Une Nuit Unique au Teatro de la Maestranza<\/h2>\n<p>La Biennale classe <em>Toquen a rebato<\/em> comme <strong>Nuit Unique<\/strong>. Ce concept d\u00e9signe des spectacles pens\u00e9s pour se produire d\u2019une mani\u00e8re singuli\u00e8re au sein de cette \u00e9dition et qui ne constituent pas simplement une \u00e9tape d\u2019une tourn\u00e9e conventionnelle pr\u00e9sent\u00e9e \u00e0 S\u00e9ville.<\/p>\n<p>En 2026, la Biennale a r\u00e9uni 26 propositions sous cette appellation. Jos\u00e9 Merc\u00e9 participe \u00e9galement \u00e0 une autre d\u2019entre elles : le gala <em>El mundo por montera<\/em>, pr\u00e9vu le 10 septembre \u00e0 la Plaza de Toros de la Real Maestranza. <em>Toquen a rebato<\/em> est toutefois son propre rendez-vous en tant que protagoniste absolu du programme.<\/p>\n<p>La sc\u00e8ne choisie est le <strong>Teatro de la Maestranza<\/strong>, l\u2019un des grands espaces de la Biennale 2026 et un lieu qui entretient un lien particulier avec l\u2019histoire r\u00e9cente du cantaor dans le festival. Revenir pr\u00e9cis\u00e9ment dans le th\u00e9\u00e2tre de la soir\u00e9e de 2016 renforce la lecture de ce spectacle comme une conversation entre deux moments s\u00e9par\u00e9s par une d\u00e9cennie.<\/p>\n<\/div><\/div><\/div><\/div><\/div><\/div><\/div><\/section><section class=\"l-section wpb_row height_huge\"><div class=\"l-section-h i-cf\"><div class=\"g-cols vc_row via_flex valign_top type_default stacking_default\"><div class=\"vc_col-sm-12 wpb_column vc_column_container\"><div class=\"vc_column-inner\"><div class=\"wpb_wrapper\"><div class=\"wpb_text_column\"><div class=\"wpb_wrapper\"><h2>La place de Jos\u00e9 Merc\u00e9 dans le programme du 20 septembre<\/h2>\n<p>Le dimanche 20 septembre sera une journ\u00e9e particuli\u00e8rement intense de la Biennale. Avant le r\u00e9cital de Merc\u00e9, une Matin\u00e9e Unique d\u2019 <strong>Alejandro Hurtado avec Enrique Solin\u00eds<\/strong> aura lieu \u00e0 San Luis de los Franceses, tandis que <strong>Manuel de la Luz et Manuel Im\u00e1n<\/strong> pr\u00e9senteront <em>Manos que hablan<\/em> \u00e0 l\u2019Espacio Turina \u00e0 19 h 00. Plus tard, le Teatro Alameda accueillera le Gala del Circuito Andaluz de J\u00f3venes Flamencos.<\/p>\n<p>Dans ce contexte, <em>Toquen a rebato<\/em> occupe le grand cr\u00e9neau du soir au Teatro de la Maestranza, \u00e0 <strong>20 h 00<\/strong>. Les visiteurs qui organisent plusieurs jours de Biennale ont int\u00e9r\u00eat \u00e0 v\u00e9rifier attentivement les horaires, car certaines activit\u00e9s se chevauchent partiellement ou totalement.<\/p>\n<p>Vous pouvez \u00e9galement consulter notre <a href=\"https:\/\/www.tablaosflamencos.com\/fr\/nuits-uniques-biennale-flamenco-seville-2026.html\">guide complet des Nuits Uniques de la Biennale 2026<\/a> et notre <a href=\"https:\/\/www.tablaosflamencos.com\/fr\/biennale-flamenco-seville-2026.html\">guide g\u00e9n\u00e9ral de la Biennale de Flamenco de S\u00e9ville 2026<\/a> pour situer ce r\u00e9cital dans l\u2019ensemble du calendrier.<\/p>\n<\/div><\/div><\/div><\/div><\/div><\/div><\/div><\/section><section class=\"l-section wpb_row height_huge color_alternate with_shape\"><div class=\"l-section-shape type_zigzag pos_top hor_flip\" style=\"height:3vmin;\"><svg xmlns=\"http:\/\/www.w3.org\/2000\/svg\" viewBox=\"0 0 64 8\" preserveAspectRatio=\"none\" width=\"100%\" height=\"100%\">\r\n\t<path fill=\"currentColor\" d=\"M64 8 L0 8 L0 0 L20 7.9 L40 3 L48 5 L64 0 Z\"\/>\r\n<\/svg><\/div><div class=\"l-section-shape type_zigzag pos_bottom\" style=\"height:3vmin;\"><svg xmlns=\"http:\/\/www.w3.org\/2000\/svg\" viewBox=\"0 0 64 8\" preserveAspectRatio=\"none\" width=\"100%\" height=\"100%\">\r\n\t<path fill=\"currentColor\" d=\"M64 8 L0 8 L0 0 L20 7.9 L40 3 L48 5 L64 0 Z\"\/>\r\n<\/svg><\/div><div class=\"l-section-h i-cf\"><div class=\"g-cols vc_row via_flex valign_top type_default stacking_default\"><div class=\"vc_col-sm-12 wpb_column vc_column_container\"><div class=\"vc_column-inner\"><div class=\"wpb_wrapper\"><div class=\"wpb_text_column\"><div class=\"wpb_wrapper\"><h2>\u00c0 qui ce spectacle peut-il particuli\u00e8rement s\u2019adresser ?<\/h2>\n<p><em>Toquen a rebato<\/em> offre plusieurs niveaux de lecture et peut s\u00e9duire des publics diff\u00e9rents. Pour qui conna\u00eet la trajectoire de Jos\u00e9 Merc\u00e9, l\u2019int\u00e9r\u00eat r\u00e9side dans la mani\u00e8re dont il revisite ses territoires habituels avec trois guitares d\u2019une autre g\u00e9n\u00e9ration. Pour les amateurs de guitare flamenca, la soir\u00e9e offre l\u2019occasion rare d\u2019entendre trois jeunes guitaristes dialoguer avec le m\u00eame cantaor autour d\u2019un concept commun.<\/p>\n<p>Ce peut \u00e9galement \u00eatre un excellent choix pour qui souhaite d\u00e9couvrir le cante \u00e0 travers une figure tr\u00e8s reconnaissable. Depuis des d\u00e9cennies, Merc\u00e9 associe des r\u00e9pertoires profond\u00e9ment flamencos \u00e0 une capacit\u00e9 de communication qui lui a permis de toucher des publics ne provenant pas n\u00e9cessairement du cercle traditionnel des aficionados.<\/p>\n<p>Et pour ceux qui ont suivi la Biennale de 2016, un attrait suppl\u00e9mentaire s\u2019ajoute : <strong>comparer deux soir\u00e9es construites sur une m\u00eame id\u00e9e, s\u00e9par\u00e9es par dix ans et par deux g\u00e9n\u00e9rations diff\u00e9rentes de guitaristes<\/strong>.<\/p>\n<\/div><\/div><\/div><\/div><\/div><\/div><\/div><\/section><section class=\"l-section wpb_row height_huge\"><div class=\"l-section-h i-cf\"><div class=\"g-cols vc_row via_flex valign_top type_default stacking_default\"><div class=\"vc_col-sm-12 wpb_column vc_column_container\"><div class=\"vc_column-inner\"><div class=\"wpb_wrapper\"><div class=\"wpb_text_column\"><div class=\"wpb_wrapper\"><h2>Conseils pratiques pour assister au spectacle<\/h2>\n<p><strong>V\u00e9rifiez les disponibilit\u00e9s \u00e0 l\u2019avance.<\/strong> La Biennale pr\u00e9sente le r\u00e9cital comme une Nuit Unique : il n\u2019existe donc qu\u2019\u00e0 cette date dans le programme officiel.<\/p>\n<p><strong>Tenez compte des chevauchements du 20 septembre.<\/strong> Si vous souhaitez combiner plusieurs spectacles, v\u00e9rifiez tout particuli\u00e8rement la proposition de l\u2019Espacio Turina, qui commence \u00e0 19 h 00, ainsi que les autres activit\u00e9s de la journ\u00e9e.<\/p>\n<p><strong>Pr\u00e9voyez une marge pour arriver au Teatro de la Maestranza.<\/strong> C\u2019est l\u2019un des espaces les plus vastes et les plus importants du festival, et les jours de programmation dense peuvent attirer beaucoup de monde aux alentours.<\/p>\n<p><strong>Ne vous attendez pas n\u00e9cessairement \u00e0 un concert de \u00ab grands succ\u00e8s \u00bb.<\/strong> Les informations officielles mettent l\u2019accent sur un parcours \u00e0 travers les palos que Merc\u00e9 d\u00e9fend le mieux et sur la conversation musicale avec les trois guitaristes. Il pourra y avoir des clins d\u2019\u0153il \u00e0 des titres populaires de sa carri\u00e8re, mais le concept du spectacle reste essentiellement flamenco.<\/p>\n<\/div><\/div><\/div><\/div><\/div><\/div><\/div><\/section><section class=\"l-section wpb_row height_huge color_alternate with_shape\"><div class=\"l-section-shape type_zigzag pos_top hor_flip\" style=\"height:3vmin;\"><svg xmlns=\"http:\/\/www.w3.org\/2000\/svg\" viewBox=\"0 0 64 8\" preserveAspectRatio=\"none\" width=\"100%\" height=\"100%\">\r\n\t<path fill=\"currentColor\" d=\"M64 8 L0 8 L0 0 L20 7.9 L40 3 L48 5 L64 0 Z\"\/>\r\n<\/svg><\/div><div class=\"l-section-shape type_zigzag pos_bottom\" style=\"height:3vmin;\"><svg xmlns=\"http:\/\/www.w3.org\/2000\/svg\" viewBox=\"0 0 64 8\" preserveAspectRatio=\"none\" width=\"100%\" height=\"100%\">\r\n\t<path fill=\"currentColor\" d=\"M64 8 L0 8 L0 0 L20 7.9 L40 3 L48 5 L64 0 Z\"\/>\r\n<\/svg><\/div><div class=\"l-section-h i-cf\"><div class=\"g-cols vc_row via_flex valign_top type_default stacking_default\"><div class=\"vc_col-sm-1\/5 wpb_column vc_column_container\"><div class=\"vc_column-inner\"><div class=\"wpb_wrapper\"><\/div><\/div><\/div><div class=\"vc_col-sm-3\/5 wpb_column vc_column_container\"><div class=\"vc_column-inner\"><div class=\"wpb_wrapper\"><div class=\"wpb_text_column\"><div class=\"wpb_wrapper\"><h2>Questions fr\u00e9quentes sur Jos\u00e9 Merc\u00e9 \u00e0 la Biennale 2026<\/h2>\n<\/div><\/div><div class=\"w-separator size_medium\"><\/div><div class=\"w-tabs accordion toggle_style_1 has_scrolling\" style=\"--sections-title-size:inherit;--sections-gap:0.5rem;\"><div class=\"w-tabs-sections titles-align_none icon_plus cpos_left\"><div class=\"w-tabs-section\" id=\"oe54\" itemscope itemprop=\"mainEntity\" itemtype=\"https:\/\/schema.org\/Question\"><button type=\"button\" class=\"w-tabs-section-header\" aria-controls=\"content-oe54\" aria-expanded=\"false\"><h3 class=\"w-tabs-section-title\" itemprop=\"name\">Quand Jos\u00e9 Merc\u00e9 se produit-il \u00e0 la Biennale de Flamenco 2026 ?<\/h3><div class=\"w-tabs-section-control\"><\/div><\/button><div  class=\"w-tabs-section-content\" id=\"content-oe54\" itemscope itemprop=\"acceptedAnswer\" itemtype=\"https:\/\/schema.org\/Answer\"><div class=\"w-tabs-section-content-h i-cf\" itemprop=\"text\"><div class=\"wpb_text_column\"><div class=\"wpb_wrapper\"><p>Jos\u00e9 Merc\u00e9 pr\u00e9sente <em>Toquen a rebato<\/em> le dimanche 20 septembre 2026 \u00e0 20 h 00.<\/p>\n<\/div><\/div><\/div><\/div><\/div><div class=\"w-tabs-section\" id=\"sf43\" itemscope itemprop=\"mainEntity\" itemtype=\"https:\/\/schema.org\/Question\"><button type=\"button\" class=\"w-tabs-section-header\" aria-controls=\"content-sf43\" aria-expanded=\"false\"><h3 class=\"w-tabs-section-title\" itemprop=\"name\">O\u00f9 a lieu le spectacle Toquen a rebato ?<\/h3><div class=\"w-tabs-section-control\"><\/div><\/button><div  class=\"w-tabs-section-content\" id=\"content-sf43\" itemscope itemprop=\"acceptedAnswer\" itemtype=\"https:\/\/schema.org\/Answer\"><div class=\"w-tabs-section-content-h i-cf\" itemprop=\"text\"><div class=\"wpb_text_column\"><div class=\"wpb_wrapper\"><p>Le r\u00e9cital a lieu au Teatro de la Maestranza de S\u00e9ville, l\u2019un des principaux espaces de la XXIVe Biennale de Flamenco.<\/p>\n<\/div><\/div><\/div><\/div><\/div><div class=\"w-tabs-section\" id=\"o02e\" itemscope itemprop=\"mainEntity\" itemtype=\"https:\/\/schema.org\/Question\"><button type=\"button\" class=\"w-tabs-section-header\" aria-controls=\"content-o02e\" aria-expanded=\"false\"><h3 class=\"w-tabs-section-title\" itemprop=\"name\">Quels guitaristes accompagnent Jos\u00e9 Merc\u00e9 ?<\/h3><div class=\"w-tabs-section-control\"><\/div><\/button><div  class=\"w-tabs-section-content\" id=\"content-o02e\" itemscope itemprop=\"acceptedAnswer\" itemtype=\"https:\/\/schema.org\/Answer\"><div class=\"w-tabs-section-content-h i-cf\" itemprop=\"text\"><div class=\"wpb_text_column\"><div class=\"wpb_wrapper\"><p>Il est accompagn\u00e9 de David de Arahal, Jos\u00e9 del Tomate et Manuel Cerpa, trois jeunes guitaristes aux origines et aux parcours diff\u00e9rents.<\/p>\n<\/div><\/div><\/div><\/div><\/div><div class=\"w-tabs-section\" id=\"z109\" itemscope itemprop=\"mainEntity\" itemtype=\"https:\/\/schema.org\/Question\"><button type=\"button\" class=\"w-tabs-section-header\" aria-controls=\"content-z109\" aria-expanded=\"false\"><h3 class=\"w-tabs-section-title\" itemprop=\"name\">Que signifie le titre Toquen a rebato ?<\/h3><div class=\"w-tabs-section-control\"><\/div><\/button><div  class=\"w-tabs-section-content\" id=\"content-z109\" itemscope itemprop=\"acceptedAnswer\" itemtype=\"https:\/\/schema.org\/Answer\"><div class=\"w-tabs-section-content-h i-cf\" itemprop=\"text\"><div class=\"wpb_text_column\"><div class=\"wpb_wrapper\"><p>Le titre renvoie \u00e0 une sole\u00e1 de Juanito Mojama ainsi qu\u2019\u00e0 l\u2019expression traditionnelle espagnole \u00ab tocar a rebato \u00bb, un appel d\u2019alarme urgent. Le spectacle utilise cette id\u00e9e comme avertissement symbolique face au risque de perdre le cante et comme geste de transmission vers une nouvelle g\u00e9n\u00e9ration.<\/p>\n<\/div><\/div><\/div><\/div><\/div><div class=\"w-tabs-section\" id=\"g1d6\" itemscope itemprop=\"mainEntity\" itemtype=\"https:\/\/schema.org\/Question\"><button type=\"button\" class=\"w-tabs-section-header\" aria-controls=\"content-g1d6\" aria-expanded=\"false\"><h3 class=\"w-tabs-section-title\" itemprop=\"name\">Quels palos Jos\u00e9 Merc\u00e9 chantera-t-il ?<\/h3><div class=\"w-tabs-section-control\"><\/div><\/button><div  class=\"w-tabs-section-content\" id=\"content-g1d6\" itemscope itemprop=\"acceptedAnswer\" itemtype=\"https:\/\/schema.org\/Answer\"><div class=\"w-tabs-section-content-h i-cf\" itemprop=\"text\"><div class=\"wpb_text_column\"><div class=\"wpb_wrapper\"><p>La Biennale ne publie pas de r\u00e9pertoire ferm\u00e9, mais annonce un parcours \u00e0 travers les palos que Merc\u00e9 d\u00e9fend le mieux. Elle cite express\u00e9ment les buler\u00edas de Jerez, les alegr\u00edas et d\u2019\u00e9ventuels clins d\u2019\u0153il \u00e0 certains de ses succ\u00e8s.<\/p>\n<\/div><\/div><\/div><\/div><\/div><div class=\"w-tabs-section\" id=\"n299\" itemscope itemprop=\"mainEntity\" itemtype=\"https:\/\/schema.org\/Question\"><button type=\"button\" class=\"w-tabs-section-header\" aria-controls=\"content-n299\" aria-expanded=\"false\"><h3 class=\"w-tabs-section-title\" itemprop=\"name\">S\u2019agit-il d\u2019une nouvelle cr\u00e9ation de Jos\u00e9 Merc\u00e9 ?<\/h3><div class=\"w-tabs-section-control\"><\/div><\/button><div  class=\"w-tabs-section-content\" id=\"content-n299\" itemscope itemprop=\"acceptedAnswer\" itemtype=\"https:\/\/schema.org\/Answer\"><div class=\"w-tabs-section-content-h i-cf\" itemprop=\"text\"><div class=\"wpb_text_column\"><div class=\"wpb_wrapper\"><p>La Biennale le pr\u00e9sente comme une Nuit Unique. Le concept reprend la formule du r\u00e9cital donn\u00e9 par Merc\u00e9 au Maestranza en 2016 avec trois grands guitaristes, mais la d\u00e9veloppe aujourd\u2019hui aux c\u00f4t\u00e9s d\u2019une nouvelle g\u00e9n\u00e9ration de guitaristes flamencos.<\/p>\n<\/div><\/div><\/div><\/div><\/div><div class=\"w-tabs-section\" id=\"v38d\" itemscope itemprop=\"mainEntity\" itemtype=\"https:\/\/schema.org\/Question\"><button type=\"button\" class=\"w-tabs-section-header\" aria-controls=\"content-v38d\" aria-expanded=\"false\"><h3 class=\"w-tabs-section-title\" itemprop=\"name\">Jos\u00e9 Merc\u00e9 participe-t-il \u00e0 un autre spectacle de la Biennale 2026 ?<\/h3><div class=\"w-tabs-section-control\"><\/div><\/button><div  class=\"w-tabs-section-content\" id=\"content-v38d\" itemscope itemprop=\"acceptedAnswer\" itemtype=\"https:\/\/schema.org\/Answer\"><div class=\"w-tabs-section-content-h i-cf\" itemprop=\"text\"><div class=\"wpb_text_column\"><div class=\"wpb_wrapper\"><p>Oui. Il participe \u00e9galement \u00e0 <em>El mundo por montera<\/em>, le gala de la XXIVe Biennale pr\u00e9vu le 10 septembre \u00e0 la Plaza de Toros de la Real Maestranza.<\/p>\n<\/div><\/div><\/div><\/div><\/div><\/div><\/div><\/div><\/div><\/div><div class=\"vc_col-sm-1\/5 wpb_column vc_column_container\"><div class=\"vc_column-inner\"><div class=\"wpb_wrapper\"><\/div><\/div><\/div><\/div><\/div><\/section><section class=\"l-section wpb_row height_huge\"><div class=\"l-section-h i-cf\"><div class=\"g-cols vc_row via_flex valign_top type_default stacking_default\"><div class=\"vc_col-sm-12 wpb_column vc_column_container\"><div class=\"vc_column-inner\"><div class=\"wpb_wrapper\"><div class=\"wpb_text_column\"><div class=\"wpb_wrapper\"><h2>Un coup de cloche entre m\u00e9moire et avenir<\/h2>\n<p><em>Toquen a rebato<\/em> repose sur une id\u00e9e simple, mais particuli\u00e8rement f\u00e9conde pour une Biennale : confronter l\u2019exp\u00e9rience de Jos\u00e9 Merc\u00e9 \u00e0 trois jeunes mani\u00e8res de comprendre la guitare. Le r\u00e9cital regarde vers Juanito Mojama, vers Jerez, vers la propre histoire de Merc\u00e9 et vers cette soir\u00e9e de 2016, tout en \u00e9vitant que l\u2019hommage ne devienne nostalgie.<\/p>\n<p>La cl\u00e9 est la transmission. David de Arahal, Jos\u00e9 del Tomate et Manuel Cerpa ne sont pas seulement des accompagnateurs : ils font partie de l\u2019argument artistique. Ils sont \u00ab ceux qui arrivent \u00bb, tandis que Merc\u00e9 apporte une voix qui appartient d\u00e9j\u00e0 \u00e0 la m\u00e9moire collective du flamenco.<\/p>\n<p>Le 20 septembre, le Teatro de la Maestranza sera le lieu o\u00f9 ces deux temporalit\u00e9s se rencontreront. Si l\u2019appel \u00e0 l\u2019alarme avertit que le cante peut se perdre, l\u2019existence m\u00eame du spectacle propose une r\u00e9ponse : <strong>le cante continue lorsqu\u2019il est \u00e9cout\u00e9, partag\u00e9 et qu\u2019il passe de nouveau d\u2019une paire de mains \u00e0 une autre<\/strong>.<\/p>\n<\/div><\/div><\/div><\/div><\/div><\/div><\/div><\/section><section class=\"l-section wpb_row height_huge color_alternate with_shape\"><div class=\"l-section-shape type_zigzag pos_top hor_flip\" style=\"height:3vmin;\"><svg xmlns=\"http:\/\/www.w3.org\/2000\/svg\" viewBox=\"0 0 64 8\" preserveAspectRatio=\"none\" width=\"100%\" height=\"100%\">\r\n\t<path fill=\"currentColor\" d=\"M64 8 L0 8 L0 0 L20 7.9 L40 3 L48 5 L64 0 Z\"\/>\r\n<\/svg><\/div><div class=\"l-section-shape type_zigzag pos_bottom\" style=\"height:3vmin;\"><svg xmlns=\"http:\/\/www.w3.org\/2000\/svg\" viewBox=\"0 0 64 8\" preserveAspectRatio=\"none\" width=\"100%\" height=\"100%\">\r\n\t<path fill=\"currentColor\" d=\"M64 8 L0 8 L0 0 L20 7.9 L40 3 L48 5 L64 0 Z\"\/>\r\n<\/svg><\/div><div class=\"l-section-h i-cf\"><div class=\"g-cols vc_row via_flex valign_top type_default stacking_default\"><div class=\"vc_col-sm-12 wpb_column vc_column_container\"><div class=\"vc_column-inner\"><div class=\"wpb_wrapper\"><div class=\"wpb_text_column\"><div class=\"wpb_wrapper\"><h2>Sources consult\u00e9es<\/h2>\n<ul>\n<li><a href=\"https:\/\/www.labienal.com\/programa-general\/teatro-de-la-maestranza\/jose-merce\" target=\"_blank\" rel=\"noopener\">Biennale de Flamenco de S\u00e9ville \u2014 Jos\u00e9 Merc\u00e9, <em>Toquen a rebato<\/em><\/a>.<\/li>\n<li><a href=\"https:\/\/www.labienal.com\/noticias\/la-bienal-viste-de-flamenco-al-teatro-de-la-maestranza\" target=\"_blank\" rel=\"noopener\">Biennale de Flamenco \u2014 programmation du Teatro de la Maestranza<\/a>.<\/li>\n<li><a href=\"https:\/\/www.labienal.com\/noticias\/la-bienal-presenta-26-noches-unicas-espectaculos-irrepetibles-que-solo-podran-vivirse-en-sevilla\" target=\"_blank\" rel=\"noopener\">Biennale de Flamenco \u2014 26 Nuits Uniques en 2026<\/a>.<\/li>\n<li><a href=\"https:\/\/www.labienal.com\/noticias\/la-bienal-de-flamenco-situa-el-cante-en-el-corazon-de-su-xxiv-edicion-con-mas-de-un-centenar-de-voces\" target=\"_blank\" rel=\"noopener\">Biennale de Flamenco \u2014 le cante au c\u0153ur de la XXIVe \u00e9dition<\/a>.<\/li>\n<\/ul>\n<p><small>Informations v\u00e9rifi\u00e9es le 2 septembre 2026. Les horaires, les disponibilit\u00e9s et les conditions d\u2019acc\u00e8s peuvent changer ; consultez les informations officielles avant de vous rendre au spectacle.<\/small><\/p>\n<\/div><\/div><\/div><\/div><\/div><\/div><\/div><\/section>\n","protected":false},"excerpt":{"rendered":"<p>Jos\u00e9 Merc\u00e9 revient \u00e0 la Biennale de Flamenco de S\u00e9ville le 20 septembre 2026 avec Toquen a rebato, une Nuit Unique au Teatro de la Maestranza aux c\u00f4t\u00e9s de David de Arahal, Jos\u00e9 del Tomate et Manuel Cerpa.<\/p>\n","protected":false},"author":1,"featured_media":14099,"comment_status":"closed","ping_status":"closed","sticky":false,"template":"","format":"standard","meta":{"_acf_changed":false,"wpai_generated_summary":"","_ayudawp_aiss_exclude":false,"_ayudawp_aiss_exclude_summary":false,"_ayudawp_aiss_summary":"","_ayudawp_aiss_summary_provider":"","_ayudawp_aiss_summary_hash":"","footnotes":""},"categories":[372,1428],"tags":[1239,1240,1883,1242,1884],"class_list":["post-14117","post","type-post","status-publish","format-standard","has-post-thumbnail","hentry","category-actualites-flamenco","category-biennale-de-flamenco","tag-bienal-2026","tag-bienal-de-flamenco","tag-jose-merce-fr","tag-sevilla","tag-toquen-a-rebato-fr"],"acf":[],"yoast_head":"<!-- This site is optimized with the Yoast SEO Premium plugin v28.4 (Yoast SEO v28.4) - https:\/\/yoast.com\/product\/yoast-seo-premium-wordpress\/ -->\n<title>Jos\u00e9 Merc\u00e9 \u00e0 la Biennale 2026 : Toquen a rebato<\/title>\n<meta name=\"description\" content=\"Jos\u00e9 Merc\u00e9 pr\u00e9sente Toquen a rebato \u00e0 la Biennale de Flamenco 2026 : date, Teatro de la Maestranza, guitaristes, r\u00e9pertoire et cl\u00e9s du spectacle.\" \/>\n<meta name=\"robots\" content=\"index, follow, max-snippet:-1, max-image-preview:large, max-video-preview:-1\" \/>\n<link rel=\"canonical\" href=\"https:\/\/www.tablaosflamencos.com\/fr\/jose-merce-biennale-flamenco-2026-toquen-a-rebato.html\" \/>\n<meta property=\"og:locale\" content=\"fr_FR\" \/>\n<meta property=\"og:type\" content=\"article\" \/>\n<meta property=\"og:title\" content=\"Jos\u00e9 Merc\u00e9 \u00e0 la Biennale de Flamenco 2026 : Toquen a rebato\" \/>\n<meta property=\"og:description\" content=\"Jos\u00e9 Merc\u00e9 pr\u00e9sente Toquen a rebato \u00e0 la Biennale de Flamenco 2026 : date, Teatro de la Maestranza, guitaristes, r\u00e9pertoire et cl\u00e9s du spectacle.\" \/>\n<meta property=\"og:url\" content=\"https:\/\/www.tablaosflamencos.com\/fr\/jose-merce-biennale-flamenco-2026-toquen-a-rebato.html\" \/>\n<meta property=\"og:site_name\" content=\"Tablaos Flamencos\" \/>\n<meta property=\"article:publisher\" content=\"https:\/\/www.facebook.com\/tablaosflamencos\" \/>\n<meta property=\"article:published_time\" content=\"2026-09-02T22:15:18+00:00\" \/>\n<meta property=\"article:modified_time\" content=\"2026-09-02T23:31:02+00:00\" \/>\n<meta property=\"og:image\" content=\"https:\/\/www.tablaosflamencos.com\/wp-content\/uploads\/jose-merce-op-de-flamencobiennale-2026-toquen-a-rebato.webp\" \/>\n\t<meta property=\"og:image:width\" content=\"1672\" \/>\n\t<meta property=\"og:image:height\" content=\"941\" \/>\n\t<meta property=\"og:image:type\" content=\"image\/webp\" \/>\n<meta name=\"author\" content=\"Miguel Ortiz\" \/>\n<meta name=\"twitter:card\" content=\"summary_large_image\" \/>\n<meta name=\"twitter:creator\" content=\"@tablaosflamenco\" \/>\n<meta name=\"twitter:site\" content=\"@tablaosflamenco\" \/>\n<meta name=\"twitter:label1\" content=\"\u00c9crit par\" \/>\n\t<meta name=\"twitter:data1\" content=\"Miguel Ortiz\" \/>\n\t<meta name=\"twitter:label2\" content=\"Dur\u00e9e de lecture estim\u00e9e\" \/>\n\t<meta name=\"twitter:data2\" content=\"17 minutes\" \/>\n<script type=\"application\/ld+json\" class=\"yoast-schema-graph\">{\"@context\":\"https:\\\/\\\/schema.org\",\"@graph\":[{\"@type\":\"Article\",\"@id\":\"https:\\\/\\\/www.tablaosflamencos.com\\\/fr\\\/jose-merce-biennale-flamenco-2026-toquen-a-rebato.html#article\",\"isPartOf\":{\"@id\":\"https:\\\/\\\/www.tablaosflamencos.com\\\/fr\\\/jose-merce-biennale-flamenco-2026-toquen-a-rebato.html\"},\"author\":{\"name\":\"Miguel Ortiz\",\"@id\":\"https:\\\/\\\/www.tablaosflamencos.com\\\/fr#\\\/schema\\\/person\\\/e7a9ebe14eb75a52ceabfbffb3c54f5d\"},\"headline\":\"Jos\u00e9 Merc\u00e9 \u00e0 la Biennale de Flamenco 2026 : Toquen a rebato\",\"datePublished\":\"2026-09-02T22:15:18+00:00\",\"dateModified\":\"2026-09-02T23:31:02+00:00\",\"mainEntityOfPage\":{\"@id\":\"https:\\\/\\\/www.tablaosflamencos.com\\\/fr\\\/jose-merce-biennale-flamenco-2026-toquen-a-rebato.html\"},\"wordCount\":3398,\"publisher\":{\"@id\":\"https:\\\/\\\/www.tablaosflamencos.com\\\/fr#organization\"},\"image\":{\"@id\":\"https:\\\/\\\/www.tablaosflamencos.com\\\/fr\\\/jose-merce-biennale-flamenco-2026-toquen-a-rebato.html#primaryimage\"},\"thumbnailUrl\":\"https:\\\/\\\/www.tablaosflamencos.com\\\/wp-content\\\/uploads\\\/jose-merce-op-de-flamencobiennale-2026-toquen-a-rebato.webp\",\"keywords\":[\"Bienal 2026\",\"Bienal de Flamenco\",\"Jos\u00e9 Merc\u00e9\",\"sevilla\",\"Toquen a rebato\"],\"articleSection\":[\"Actualit\u00e9s\",\"Biennale de Flamenco\"],\"inLanguage\":\"fr-FR\"},{\"@type\":\"WebPage\",\"@id\":\"https:\\\/\\\/www.tablaosflamencos.com\\\/fr\\\/jose-merce-biennale-flamenco-2026-toquen-a-rebato.html\",\"url\":\"https:\\\/\\\/www.tablaosflamencos.com\\\/fr\\\/jose-merce-biennale-flamenco-2026-toquen-a-rebato.html\",\"name\":\"Jos\u00e9 Merc\u00e9 \u00e0 la Biennale 2026 : Toquen a rebato\",\"isPartOf\":{\"@id\":\"https:\\\/\\\/www.tablaosflamencos.com\\\/fr#website\"},\"primaryImageOfPage\":{\"@id\":\"https:\\\/\\\/www.tablaosflamencos.com\\\/fr\\\/jose-merce-biennale-flamenco-2026-toquen-a-rebato.html#primaryimage\"},\"image\":{\"@id\":\"https:\\\/\\\/www.tablaosflamencos.com\\\/fr\\\/jose-merce-biennale-flamenco-2026-toquen-a-rebato.html#primaryimage\"},\"thumbnailUrl\":\"https:\\\/\\\/www.tablaosflamencos.com\\\/wp-content\\\/uploads\\\/jose-merce-op-de-flamencobiennale-2026-toquen-a-rebato.webp\",\"datePublished\":\"2026-09-02T22:15:18+00:00\",\"dateModified\":\"2026-09-02T23:31:02+00:00\",\"description\":\"Jos\u00e9 Merc\u00e9 pr\u00e9sente Toquen a rebato \u00e0 la Biennale de Flamenco 2026 : date, Teatro de la Maestranza, guitaristes, r\u00e9pertoire et cl\u00e9s du spectacle.\",\"breadcrumb\":{\"@id\":\"https:\\\/\\\/www.tablaosflamencos.com\\\/fr\\\/jose-merce-biennale-flamenco-2026-toquen-a-rebato.html#breadcrumb\"},\"inLanguage\":\"fr-FR\",\"potentialAction\":[{\"@type\":\"ReadAction\",\"target\":[\"https:\\\/\\\/www.tablaosflamencos.com\\\/fr\\\/jose-merce-biennale-flamenco-2026-toquen-a-rebato.html\"]}]},{\"@type\":\"ImageObject\",\"inLanguage\":\"fr-FR\",\"@id\":\"https:\\\/\\\/www.tablaosflamencos.com\\\/fr\\\/jose-merce-biennale-flamenco-2026-toquen-a-rebato.html#primaryimage\",\"url\":\"https:\\\/\\\/www.tablaosflamencos.com\\\/wp-content\\\/uploads\\\/jose-merce-op-de-flamencobiennale-2026-toquen-a-rebato.webp\",\"contentUrl\":\"https:\\\/\\\/www.tablaosflamencos.com\\\/wp-content\\\/uploads\\\/jose-merce-op-de-flamencobiennale-2026-toquen-a-rebato.webp\",\"width\":1672,\"height\":941,\"caption\":\"Jos\u00e9 Merc\u00e9 en la Bienal de Flamenco 2026: Toquen a rebato\"},{\"@type\":\"BreadcrumbList\",\"@id\":\"https:\\\/\\\/www.tablaosflamencos.com\\\/fr\\\/jose-merce-biennale-flamenco-2026-toquen-a-rebato.html#breadcrumb\",\"itemListElement\":[{\"@type\":\"ListItem\",\"position\":1,\"name\":\"Home\",\"item\":\"https:\\\/\\\/www.tablaosflamencos.com\\\/fr\"},{\"@type\":\"ListItem\",\"position\":2,\"name\":\"Jos\u00e9 Merc\u00e9 \u00e0 la Biennale de Flamenco 2026 : Toquen a rebato\"}]},{\"@type\":\"WebSite\",\"@id\":\"https:\\\/\\\/www.tablaosflamencos.com\\\/fr#website\",\"url\":\"https:\\\/\\\/www.tablaosflamencos.com\\\/fr\",\"name\":\"Tablaos Flamencos\",\"description\":\"Entradas para tablaos flamencos de Espa\u00f1a\",\"publisher\":{\"@id\":\"https:\\\/\\\/www.tablaosflamencos.com\\\/fr#organization\"},\"alternateName\":\"Tablaos Flamencos\",\"potentialAction\":[{\"@type\":\"SearchAction\",\"target\":{\"@type\":\"EntryPoint\",\"urlTemplate\":\"https:\\\/\\\/www.tablaosflamencos.com\\\/fr?s={search_term_string}\"},\"query-input\":{\"@type\":\"PropertyValueSpecification\",\"valueRequired\":true,\"valueName\":\"search_term_string\"}}],\"inLanguage\":\"fr-FR\"},{\"@type\":[\"Organization\",\"Place\",\"EntertainmentBusiness\"],\"@id\":\"https:\\\/\\\/www.tablaosflamencos.com\\\/fr#organization\",\"name\":\"Tablaos Flamencos\",\"alternateName\":\"Tablaos Flamencos\",\"url\":\"https:\\\/\\\/www.tablaosflamencos.com\\\/fr\",\"logo\":{\"@id\":\"https:\\\/\\\/www.tablaosflamencos.com\\\/fr\\\/jose-merce-biennale-flamenco-2026-toquen-a-rebato.html#local-main-organization-logo\"},\"image\":{\"@id\":\"https:\\\/\\\/www.tablaosflamencos.com\\\/fr\\\/jose-merce-biennale-flamenco-2026-toquen-a-rebato.html#local-main-organization-logo\"},\"sameAs\":[\"https:\\\/\\\/www.facebook.com\\\/tablaosflamencos\",\"https:\\\/\\\/x.com\\\/tablaosflamenco\",\"https:\\\/\\\/mastodon.social\\\/@tablaosflamencos\",\"https:\\\/\\\/www.instagram.com\\\/tablaosflamencos\",\"https:\\\/\\\/tiktok.com\\\/@tablaosflamencos\",\"https:\\\/\\\/www.linkedin.com\\\/company\\\/109408238\\\/\"],\"description\":\"Venta de entradas para espect\u00e1culos flamencos\",\"legalName\":\"Tablaos Flamencos\",\"foundingDate\":\"2015-01-01\",\"numberOfEmployees\":{\"@type\":\"QuantitativeValue\",\"minValue\":\"1\",\"maxValue\":\"10\"},\"address\":{\"@id\":\"https:\\\/\\\/www.tablaosflamencos.com\\\/fr\\\/jose-merce-biennale-flamenco-2026-toquen-a-rebato.html#local-main-place-address\"},\"geo\":{\"@type\":\"GeoCoordinates\",\"latitude\":\"37.3868072\",\"longitude\":\"-5.993280299999999\"},\"telephone\":[\"+34623787787\"],\"contactPoint\":{\"@type\":\"ContactPoint\",\"telephone\":\"+34623787787\",\"email\":\"info@tablaosflamencos.com\"},\"openingHoursSpecification\":{\"@type\":\"OpeningHoursSpecification\",\"dayOfWeek\":[\"Monday\",\"Tuesday\",\"Wednesday\",\"Thursday\",\"Friday\",\"Saturday\",\"Sunday\"],\"opens\":\"00:00\",\"closes\":\"23:59\"},\"email\":\"info@tablaosflamencos.com\",\"priceRange\":\"$$$\",\"currenciesAccepted\":\"\u20ac\"},{\"@type\":\"Person\",\"@id\":\"https:\\\/\\\/www.tablaosflamencos.com\\\/fr#\\\/schema\\\/person\\\/e7a9ebe14eb75a52ceabfbffb3c54f5d\",\"name\":\"Miguel Ortiz\",\"description\":\"Miguel Ortiz es un empresario flamenco, con una s\u00f3lida trayectoria dentro del sector. Ha presidido entidades culturales vinculadas al flamenco y, cuenta con un amplio recorrido profesional en la gesti\u00f3n y promoci\u00f3n de espect\u00e1culos y tablaos flamencos. Su pasi\u00f3n por la historia y el arte flamenco se refleja en cada art\u00edculo, donde combina experiencia, criterio y un profundo respeto por la tradici\u00f3n.\",\"sameAs\":[\"https:\\\/\\\/www.tablaosflamencos.com\",\"https:\\\/\\\/www.instagra.com\\\/miguelortizfe\",\"https:\\\/\\\/www.linkedin.com\\\/in\\\/miguelortizf\\\/\"],\"birthDate\":\"1984-11-22\",\"gender\":\"hombre\",\"knowsLanguage\":[\"espa\u00f1ol\",\"ingl\u00e9s\"],\"jobTitle\":\"Empresario flamenco\"},{\"@type\":\"PostalAddress\",\"@id\":\"https:\\\/\\\/www.tablaosflamencos.com\\\/fr\\\/jose-merce-biennale-flamenco-2026-toquen-a-rebato.html#local-main-place-address\",\"streetAddress\":\"C\\\/ Alemanes, 19\",\"addressLocality\":\"Sevilla\",\"postalCode\":\"41004\",\"addressRegion\":\"Sevilla\",\"addressCountry\":\"ES\"},{\"@type\":\"ImageObject\",\"inLanguage\":\"fr-FR\",\"@id\":\"https:\\\/\\\/www.tablaosflamencos.com\\\/fr\\\/jose-merce-biennale-flamenco-2026-toquen-a-rebato.html#local-main-organization-logo\",\"url\":\"https:\\\/\\\/www.tablaosflamencos.com\\\/wp-content\\\/uploads\\\/tablaos-flamencos-06-3.webp\",\"contentUrl\":\"https:\\\/\\\/www.tablaosflamencos.com\\\/wp-content\\\/uploads\\\/tablaos-flamencos-06-3.webp\",\"width\":600,\"height\":620,\"caption\":\"Tablaos Flamencos\"}]}<\/script>\n<meta name=\"geo.placename\" content=\"Sevilla\" \/>\n<meta name=\"geo.position\" content=\"37.3868072;-5.993280299999999\" \/>\n<meta name=\"geo.region\" content=\"Espagne\" \/>\n<!-- \/ Yoast SEO Premium plugin. -->","yoast_head_json":{"title":"Jos\u00e9 Merc\u00e9 \u00e0 la Biennale 2026 : Toquen a rebato","description":"Jos\u00e9 Merc\u00e9 pr\u00e9sente Toquen a rebato \u00e0 la Biennale de Flamenco 2026 : date, Teatro de la Maestranza, guitaristes, r\u00e9pertoire et cl\u00e9s du spectacle.","robots":{"index":"index","follow":"follow","max-snippet":"max-snippet:-1","max-image-preview":"max-image-preview:large","max-video-preview":"max-video-preview:-1"},"canonical":"https:\/\/www.tablaosflamencos.com\/fr\/jose-merce-biennale-flamenco-2026-toquen-a-rebato.html","og_locale":"fr_FR","og_type":"article","og_title":"Jos\u00e9 Merc\u00e9 \u00e0 la Biennale de Flamenco 2026 : Toquen a rebato","og_description":"Jos\u00e9 Merc\u00e9 pr\u00e9sente Toquen a rebato \u00e0 la Biennale de Flamenco 2026 : date, Teatro de la Maestranza, guitaristes, r\u00e9pertoire et cl\u00e9s du spectacle.","og_url":"https:\/\/www.tablaosflamencos.com\/fr\/jose-merce-biennale-flamenco-2026-toquen-a-rebato.html","og_site_name":"Tablaos Flamencos","article_publisher":"https:\/\/www.facebook.com\/tablaosflamencos","article_published_time":"2026-09-02T22:15:18+00:00","article_modified_time":"2026-09-02T23:31:02+00:00","og_image":[{"width":1672,"height":941,"url":"https:\/\/www.tablaosflamencos.com\/wp-content\/uploads\/jose-merce-op-de-flamencobiennale-2026-toquen-a-rebato.webp","type":"image\/webp"}],"author":"Miguel Ortiz","twitter_card":"summary_large_image","twitter_creator":"@tablaosflamenco","twitter_site":"@tablaosflamenco","twitter_misc":{"\u00c9crit par":"Miguel Ortiz","Dur\u00e9e de lecture estim\u00e9e":"17 minutes"},"schema":{"@context":"https:\/\/schema.org","@graph":[{"@type":"Article","@id":"https:\/\/www.tablaosflamencos.com\/fr\/jose-merce-biennale-flamenco-2026-toquen-a-rebato.html#article","isPartOf":{"@id":"https:\/\/www.tablaosflamencos.com\/fr\/jose-merce-biennale-flamenco-2026-toquen-a-rebato.html"},"author":{"name":"Miguel Ortiz","@id":"https:\/\/www.tablaosflamencos.com\/fr#\/schema\/person\/e7a9ebe14eb75a52ceabfbffb3c54f5d"},"headline":"Jos\u00e9 Merc\u00e9 \u00e0 la Biennale de Flamenco 2026 : Toquen a rebato","datePublished":"2026-09-02T22:15:18+00:00","dateModified":"2026-09-02T23:31:02+00:00","mainEntityOfPage":{"@id":"https:\/\/www.tablaosflamencos.com\/fr\/jose-merce-biennale-flamenco-2026-toquen-a-rebato.html"},"wordCount":3398,"publisher":{"@id":"https:\/\/www.tablaosflamencos.com\/fr#organization"},"image":{"@id":"https:\/\/www.tablaosflamencos.com\/fr\/jose-merce-biennale-flamenco-2026-toquen-a-rebato.html#primaryimage"},"thumbnailUrl":"https:\/\/www.tablaosflamencos.com\/wp-content\/uploads\/jose-merce-op-de-flamencobiennale-2026-toquen-a-rebato.webp","keywords":["Bienal 2026","Bienal de Flamenco","Jos\u00e9 Merc\u00e9","sevilla","Toquen a rebato"],"articleSection":["Actualit\u00e9s","Biennale de Flamenco"],"inLanguage":"fr-FR"},{"@type":"WebPage","@id":"https:\/\/www.tablaosflamencos.com\/fr\/jose-merce-biennale-flamenco-2026-toquen-a-rebato.html","url":"https:\/\/www.tablaosflamencos.com\/fr\/jose-merce-biennale-flamenco-2026-toquen-a-rebato.html","name":"Jos\u00e9 Merc\u00e9 \u00e0 la Biennale 2026 : Toquen a rebato","isPartOf":{"@id":"https:\/\/www.tablaosflamencos.com\/fr#website"},"primaryImageOfPage":{"@id":"https:\/\/www.tablaosflamencos.com\/fr\/jose-merce-biennale-flamenco-2026-toquen-a-rebato.html#primaryimage"},"image":{"@id":"https:\/\/www.tablaosflamencos.com\/fr\/jose-merce-biennale-flamenco-2026-toquen-a-rebato.html#primaryimage"},"thumbnailUrl":"https:\/\/www.tablaosflamencos.com\/wp-content\/uploads\/jose-merce-op-de-flamencobiennale-2026-toquen-a-rebato.webp","datePublished":"2026-09-02T22:15:18+00:00","dateModified":"2026-09-02T23:31:02+00:00","description":"Jos\u00e9 Merc\u00e9 pr\u00e9sente Toquen a rebato \u00e0 la Biennale de Flamenco 2026 : date, Teatro de la Maestranza, guitaristes, r\u00e9pertoire et cl\u00e9s du spectacle.","breadcrumb":{"@id":"https:\/\/www.tablaosflamencos.com\/fr\/jose-merce-biennale-flamenco-2026-toquen-a-rebato.html#breadcrumb"},"inLanguage":"fr-FR","potentialAction":[{"@type":"ReadAction","target":["https:\/\/www.tablaosflamencos.com\/fr\/jose-merce-biennale-flamenco-2026-toquen-a-rebato.html"]}]},{"@type":"ImageObject","inLanguage":"fr-FR","@id":"https:\/\/www.tablaosflamencos.com\/fr\/jose-merce-biennale-flamenco-2026-toquen-a-rebato.html#primaryimage","url":"https:\/\/www.tablaosflamencos.com\/wp-content\/uploads\/jose-merce-op-de-flamencobiennale-2026-toquen-a-rebato.webp","contentUrl":"https:\/\/www.tablaosflamencos.com\/wp-content\/uploads\/jose-merce-op-de-flamencobiennale-2026-toquen-a-rebato.webp","width":1672,"height":941,"caption":"Jos\u00e9 Merc\u00e9 en la Bienal de Flamenco 2026: Toquen a rebato"},{"@type":"BreadcrumbList","@id":"https:\/\/www.tablaosflamencos.com\/fr\/jose-merce-biennale-flamenco-2026-toquen-a-rebato.html#breadcrumb","itemListElement":[{"@type":"ListItem","position":1,"name":"Home","item":"https:\/\/www.tablaosflamencos.com\/fr"},{"@type":"ListItem","position":2,"name":"Jos\u00e9 Merc\u00e9 \u00e0 la Biennale de Flamenco 2026 : Toquen a rebato"}]},{"@type":"WebSite","@id":"https:\/\/www.tablaosflamencos.com\/fr#website","url":"https:\/\/www.tablaosflamencos.com\/fr","name":"Tablaos Flamencos","description":"Entradas para tablaos flamencos de Espa\u00f1a","publisher":{"@id":"https:\/\/www.tablaosflamencos.com\/fr#organization"},"alternateName":"Tablaos Flamencos","potentialAction":[{"@type":"SearchAction","target":{"@type":"EntryPoint","urlTemplate":"https:\/\/www.tablaosflamencos.com\/fr?s={search_term_string}"},"query-input":{"@type":"PropertyValueSpecification","valueRequired":true,"valueName":"search_term_string"}}],"inLanguage":"fr-FR"},{"@type":["Organization","Place","EntertainmentBusiness"],"@id":"https:\/\/www.tablaosflamencos.com\/fr#organization","name":"Tablaos Flamencos","alternateName":"Tablaos Flamencos","url":"https:\/\/www.tablaosflamencos.com\/fr","logo":{"@id":"https:\/\/www.tablaosflamencos.com\/fr\/jose-merce-biennale-flamenco-2026-toquen-a-rebato.html#local-main-organization-logo"},"image":{"@id":"https:\/\/www.tablaosflamencos.com\/fr\/jose-merce-biennale-flamenco-2026-toquen-a-rebato.html#local-main-organization-logo"},"sameAs":["https:\/\/www.facebook.com\/tablaosflamencos","https:\/\/x.com\/tablaosflamenco","https:\/\/mastodon.social\/@tablaosflamencos","https:\/\/www.instagram.com\/tablaosflamencos","https:\/\/tiktok.com\/@tablaosflamencos","https:\/\/www.linkedin.com\/company\/109408238\/"],"description":"Venta de entradas para espect\u00e1culos flamencos","legalName":"Tablaos Flamencos","foundingDate":"2015-01-01","numberOfEmployees":{"@type":"QuantitativeValue","minValue":"1","maxValue":"10"},"address":{"@id":"https:\/\/www.tablaosflamencos.com\/fr\/jose-merce-biennale-flamenco-2026-toquen-a-rebato.html#local-main-place-address"},"geo":{"@type":"GeoCoordinates","latitude":"37.3868072","longitude":"-5.993280299999999"},"telephone":["+34623787787"],"contactPoint":{"@type":"ContactPoint","telephone":"+34623787787","email":"info@tablaosflamencos.com"},"openingHoursSpecification":{"@type":"OpeningHoursSpecification","dayOfWeek":["Monday","Tuesday","Wednesday","Thursday","Friday","Saturday","Sunday"],"opens":"00:00","closes":"23:59"},"email":"info@tablaosflamencos.com","priceRange":"$$$","currenciesAccepted":"\u20ac"},{"@type":"Person","@id":"https:\/\/www.tablaosflamencos.com\/fr#\/schema\/person\/e7a9ebe14eb75a52ceabfbffb3c54f5d","name":"Miguel Ortiz","description":"Miguel Ortiz es un empresario flamenco, con una s\u00f3lida trayectoria dentro del sector. Ha presidido entidades culturales vinculadas al flamenco y, cuenta con un amplio recorrido profesional en la gesti\u00f3n y promoci\u00f3n de espect\u00e1culos y tablaos flamencos. Su pasi\u00f3n por la historia y el arte flamenco se refleja en cada art\u00edculo, donde combina experiencia, criterio y un profundo respeto por la tradici\u00f3n.","sameAs":["https:\/\/www.tablaosflamencos.com","https:\/\/www.instagra.com\/miguelortizfe","https:\/\/www.linkedin.com\/in\/miguelortizf\/"],"birthDate":"1984-11-22","gender":"hombre","knowsLanguage":["espa\u00f1ol","ingl\u00e9s"],"jobTitle":"Empresario flamenco"},{"@type":"PostalAddress","@id":"https:\/\/www.tablaosflamencos.com\/fr\/jose-merce-biennale-flamenco-2026-toquen-a-rebato.html#local-main-place-address","streetAddress":"C\/ Alemanes, 19","addressLocality":"Sevilla","postalCode":"41004","addressRegion":"Sevilla","addressCountry":"ES"},{"@type":"ImageObject","inLanguage":"fr-FR","@id":"https:\/\/www.tablaosflamencos.com\/fr\/jose-merce-biennale-flamenco-2026-toquen-a-rebato.html#local-main-organization-logo","url":"https:\/\/www.tablaosflamencos.com\/wp-content\/uploads\/tablaos-flamencos-06-3.webp","contentUrl":"https:\/\/www.tablaosflamencos.com\/wp-content\/uploads\/tablaos-flamencos-06-3.webp","width":600,"height":620,"caption":"Tablaos Flamencos"}]},"geo.placename":"Sevilla","geo.position":{"lat":"37.3868072","long":"-5.993280299999999"},"geo.region":"Espagne"},"_links":{"self":[{"href":"https:\/\/www.tablaosflamencos.com\/fr\/wp-json\/wp\/v2\/posts\/14117","targetHints":{"allow":["GET"]}}],"collection":[{"href":"https:\/\/www.tablaosflamencos.com\/fr\/wp-json\/wp\/v2\/posts"}],"about":[{"href":"https:\/\/www.tablaosflamencos.com\/fr\/wp-json\/wp\/v2\/types\/post"}],"author":[{"embeddable":true,"href":"https:\/\/www.tablaosflamencos.com\/fr\/wp-json\/wp\/v2\/users\/1"}],"replies":[{"embeddable":true,"href":"https:\/\/www.tablaosflamencos.com\/fr\/wp-json\/wp\/v2\/comments?post=14117"}],"version-history":[{"count":2,"href":"https:\/\/www.tablaosflamencos.com\/fr\/wp-json\/wp\/v2\/posts\/14117\/revisions"}],"predecessor-version":[{"id":14156,"href":"https:\/\/www.tablaosflamencos.com\/fr\/wp-json\/wp\/v2\/posts\/14117\/revisions\/14156"}],"wp:featuredmedia":[{"embeddable":true,"href":"https:\/\/www.tablaosflamencos.com\/fr\/wp-json\/wp\/v2\/media\/14099"}],"wp:attachment":[{"href":"https:\/\/www.tablaosflamencos.com\/fr\/wp-json\/wp\/v2\/media?parent=14117"}],"wp:term":[{"taxonomy":"category","embeddable":true,"href":"https:\/\/www.tablaosflamencos.com\/fr\/wp-json\/wp\/v2\/categories?post=14117"},{"taxonomy":"post_tag","embeddable":true,"href":"https:\/\/www.tablaosflamencos.com\/fr\/wp-json\/wp\/v2\/tags?post=14117"}],"curies":[{"name":"wp","href":"https:\/\/api.w.org\/{rel}","templated":true}]}}