{"id":14107,"date":"2026-09-03T01:13:43","date_gmt":"2026-09-02T23:13:43","guid":{"rendered":"https:\/\/www.tablaosflamencos.com\/?p=14107"},"modified":"2026-09-03T01:32:40","modified_gmt":"2026-09-02T23:32:40","slug":"carmen-linares-biennale-flamenco-seville-2026-perlas-a-millares","status":"publish","type":"post","link":"https:\/\/www.tablaosflamencos.com\/fr\/carmen-linares-biennale-flamenco-seville-2026-perlas-a-millares.html","title":{"rendered":"Carmen Linares cl\u00f4turera la Biennale 2026 : Perlas a millares"},"content":{"rendered":"<section class=\"l-section wpb_row height_huge\"><div class=\"l-section-h i-cf\"><div class=\"g-cols vc_row via_flex valign_top type_default stacking_default\"><div class=\"vc_col-sm-6 wpb_column vc_column_container\"><div class=\"vc_column-inner\"><div class=\"wpb_wrapper\"><div class=\"wpb_text_column\"><div class=\"wpb_wrapper\"><h2>Une cl\u00f4ture construite autour d\u2019une \u0153uvre historique<\/h2>\n<p>La <strong>XXIVe Biennale de Flamenco de S\u00e9ville<\/strong> se cl\u00f4turera le <strong>3 octobre 2026<\/strong> avec l\u2019un de ses rendez-vous les plus charg\u00e9s de sens. <strong>Carmen Linares<\/strong> arrivera au <strong>Teatro de la Maestranza<\/strong> avec <em>Perlas a millares<\/em>, un spectacle con\u00e7u pour c\u00e9l\u00e9brer les <strong>30 ans de <em>Antolog\u00eda de la mujer en el cante<\/em><\/strong>, l\u2019album qui, en 1996, a marqu\u00e9 un tournant dans sa carri\u00e8re.<\/p>\n<p>Ce ne sera pas une simple date de plus au calendrier. L\u2019organisation le pr\u00e9sente comme une <strong>Nuit unique<\/strong> et comme la cl\u00f4ture officielle d\u2019une \u00e9dition commenc\u00e9e le 9 septembre et qui, pendant pr\u00e8s d\u2019un mois, aura fait r\u00e9sonner chant, danse et guitare dans les th\u00e9\u00e2tres, monuments, patios et lieux patrimoniaux de S\u00e9ville.<\/p>\n<p>Carmen Linares ne sera pas seule. Elle partagera la sc\u00e8ne avec <strong>Marina Heredia, Mar\u00eda Terremoto et Roc\u00edo Luna<\/strong> au chant, et avec <strong>Rafaela Carrasco<\/strong> \u00e0 la danse, dans une proposition tourn\u00e9e \u00e0 la fois vers la m\u00e9moire du flamenco f\u00e9minin et vers les g\u00e9n\u00e9rations qui prolongent aujourd\u2019hui cet h\u00e9ritage.<\/p>\n<\/div><\/div><\/div><\/div><\/div><div class=\"vc_col-sm-6 wpb_column vc_column_container\"><div class=\"vc_column-inner\"><div class=\"wpb_wrapper\"><div class=\"wpb_text_column\"><div class=\"wpb_wrapper\"><h3>Informations cl\u00e9s<\/h3>\n<ul>\n<li><strong>Spectacle :<\/strong> <em>Perlas a millares<\/em><\/li>\n<li><strong>Date :<\/strong> 3 octobre 2026<\/li>\n<li><strong>Heure :<\/strong> 20:00<\/li>\n<li><strong>Lieu :<\/strong> Teatro de la Maestranza<\/li>\n<li><strong>Format :<\/strong> Nuit unique<\/li>\n<li><strong>Motif :<\/strong> 30e anniversaire de <em>Antolog\u00eda de la mujer en el cante<\/em><\/li>\n<\/ul>\n<\/div><\/div><\/div><\/div><\/div><\/div><\/div><\/section><section class=\"l-section wpb_row height_huge color_alternate with_shape\"><div class=\"l-section-shape type_zigzag pos_top\" style=\"height:3vmin;\"><svg xmlns=\"http:\/\/www.w3.org\/2000\/svg\" viewBox=\"0 0 64 8\" preserveAspectRatio=\"none\" width=\"100%\" height=\"100%\">\r\n\t<path fill=\"currentColor\" d=\"M64 8 L0 8 L0 0 L20 7.9 L40 3 L48 5 L64 0 Z\"\/>\r\n<\/svg><\/div><div class=\"l-section-shape type_zigzag pos_bottom\" style=\"height:3vmin;\"><svg xmlns=\"http:\/\/www.w3.org\/2000\/svg\" viewBox=\"0 0 64 8\" preserveAspectRatio=\"none\" width=\"100%\" height=\"100%\">\r\n\t<path fill=\"currentColor\" d=\"M64 8 L0 8 L0 0 L20 7.9 L40 3 L48 5 L64 0 Z\"\/>\r\n<\/svg><\/div><div class=\"l-section-h i-cf\"><div class=\"g-cols vc_row via_flex valign_top type_default stacking_default\"><div class=\"vc_col-sm-12 wpb_column vc_column_container\"><div class=\"vc_column-inner\"><div class=\"wpb_wrapper\"><div class=\"wpb_text_column\"><div class=\"wpb_wrapper\"><blockquote>\n<p><strong>R\u00e9ponse rapide :<\/strong> Carmen Linares cl\u00f4turera la Biennale de Flamenco de S\u00e9ville 2026 le samedi 3 octobre \u00e0 20:00 au Teatro de la Maestranza avec <em>Perlas a millares<\/em>, accompagn\u00e9e de Marina Heredia, Mar\u00eda Terremoto, Roc\u00edo Luna et Rafaela Carrasco. Le spectacle c\u00e9l\u00e8bre les 30 ans de <em>Antolog\u00eda de la mujer en el cante<\/em>, l\u2019un des travaux fondamentaux de sa carri\u00e8re.<\/p>\n<\/blockquote>\n<p><strong>Derni\u00e8re mise \u00e0 jour : 2 septembre 2026.<\/strong> La disponibilit\u00e9 des places et certains d\u00e9tails de production peuvent changer. Consultez toujours les informations officielles.<\/p>\n<\/div><\/div><div class=\"w-separator size_medium\"><\/div><div class=\"w-hwrapper valign_top wrap stack_on_mobiles align_center\" style=\"--hwrapper-gap:1.2rem\"><div class=\"w-btn-wrapper align_none\"><a class=\"w-btn us-btn-style_1\" href=\"https:\/\/www.tablaosflamencos.com\/fr\/biennale-flamenco-seville-2026.html\"><span class=\"w-btn-label\">Guide complet de la Biennale 2026<\/span><\/a><\/div><div class=\"w-btn-wrapper align_none\"><a class=\"w-btn us-btn-style_1\" href=\"https:\/\/www.tablaosflamencos.com\/fr\/nuits-uniques-biennale-flamenco-seville-2026.html\"><span class=\"w-btn-label\">Nuits uniques de la Biennale<\/span><\/a><\/div><\/div><\/div><\/div><\/div><\/div><\/div><\/section><section class=\"l-section wpb_row height_huge\"><div class=\"l-section-h i-cf\"><div class=\"g-cols vc_row via_flex valign_top type_default stacking_default\"><div class=\"vc_col-sm-3 wpb_column vc_column_container\"><div class=\"vc_column-inner\"><div class=\"wpb_wrapper\"><\/div><\/div><\/div><div class=\"vc_col-sm-6 wpb_column vc_column_container\"><div class=\"vc_column-inner\"><div class=\"wpb_wrapper\"><div class=\"wpb_text_column\"><div class=\"wpb_wrapper\"><h2>Contenu de ce guide<\/h2>\n<ul>\n<li><a href=\"#clausura\">Pourquoi cette cl\u00f4ture a une signification particuli\u00e8re<\/a><\/li>\n<li><a href=\"#antologia\">30 ans de <em>Antolog\u00eda de la mujer en el cante<\/em><\/a><\/li>\n<li><a href=\"#artistas\">Les artistes invit\u00e9es<\/a><\/li>\n<li><a href=\"#programa\">Ce qui sera chant\u00e9 dans <em>Perlas a millares<\/em><\/a><\/li>\n<li><a href=\"#equipo\">\u00c9quipe artistique et musicale<\/a><\/li>\n<li><a href=\"#maestranza\">Le Teatro de la Maestranza comme sc\u00e8ne de cl\u00f4ture<\/a><\/li>\n<li><a href=\"#entradas\">Billets et conseils pratiques<\/a><\/li>\n<li><a href=\"#faq\">Questions fr\u00e9quentes<\/a><\/li>\n<\/ul>\n<\/div><\/div><\/div><\/div><\/div><div class=\"vc_col-sm-3 wpb_column vc_column_container\"><div class=\"vc_column-inner\"><div class=\"wpb_wrapper\"><\/div><\/div><\/div><\/div><\/div><\/section><section class=\"l-section wpb_row height_huge color_alternate with_shape\"><div class=\"l-section-shape type_zigzag pos_top\" style=\"height:3vmin;\"><svg xmlns=\"http:\/\/www.w3.org\/2000\/svg\" viewBox=\"0 0 64 8\" preserveAspectRatio=\"none\" width=\"100%\" height=\"100%\">\r\n\t<path fill=\"currentColor\" d=\"M64 8 L0 8 L0 0 L20 7.9 L40 3 L48 5 L64 0 Z\"\/>\r\n<\/svg><\/div><div class=\"l-section-shape type_zigzag pos_bottom\" style=\"height:3vmin;\"><svg xmlns=\"http:\/\/www.w3.org\/2000\/svg\" viewBox=\"0 0 64 8\" preserveAspectRatio=\"none\" width=\"100%\" height=\"100%\">\r\n\t<path fill=\"currentColor\" d=\"M64 8 L0 8 L0 0 L20 7.9 L40 3 L48 5 L64 0 Z\"\/>\r\n<\/svg><\/div><div class=\"l-section-h i-cf\"><div class=\"g-cols vc_row via_flex valign_top type_default stacking_default\"><div class=\"vc_col-sm-6 wpb_column vc_column_container\"><div class=\"vc_column-inner\"><div class=\"wpb_wrapper\"><div class=\"wpb_text_column\"><div class=\"wpb_wrapper\"><h2 id=\"clausura\">Une cl\u00f4ture plac\u00e9e sous le signe de la m\u00e9moire<\/h2>\n<p>Le choix de Carmen Linares pour cl\u00f4turer la Biennale 2026 va bien au-del\u00e0 du prestige de son nom. La cantaora appartient \u00e0 une g\u00e9n\u00e9ration d\u00e9cisive pour la modernisation et le rayonnement international du flamenco, et sa carri\u00e8re a travers\u00e9 certains des chapitres majeurs du genre au cours des derni\u00e8res d\u00e9cennies.<\/p>\n<p>La cl\u00f4ture intervient en outre apr\u00e8s une \u00e9dition particuli\u00e8rement tourn\u00e9e vers le chant. La Biennale elle-m\u00eame a soulign\u00e9 la pr\u00e9sence de plus d\u2019une centaine de voix dans sa programmation, des grands ma\u00eetres aux jeunes interpr\u00e8tes. Confier la derni\u00e8re soir\u00e9e \u00e0 Carmen Linares renforce cette id\u00e9e de continuit\u00e9 : une figure historique qui ouvre l\u2019espace et partage le r\u00e9pertoire avec des artistes de diff\u00e9rentes g\u00e9n\u00e9rations.<\/p>\n<p><em>Perlas a millares<\/em> fonctionne ainsi \u00e0 la fois comme finale du festival et comme geste de transmission. Il ne se contente pas de revisiter un ancien disque : il revient sur un r\u00e9pertoire construit \u00e0 partir des voix et des styles de femmes essentielles du flamenco pour le replacer sur une grande sc\u00e8ne contemporaine.<\/p>\n<\/div><\/div><\/div><\/div><\/div><div class=\"vc_col-sm-6 wpb_column vc_column_container\"><div class=\"vc_column-inner\"><div class=\"wpb_wrapper\"><div class=\"wpb_text_column\"><div class=\"wpb_wrapper\"><h3>Le dernier grand acte de la XXIVe Biennale<\/h3>\n<p>La repr\u00e9sentation du 3 octobre sera le dernier rendez-vous du programme g\u00e9n\u00e9ral. La veille, la Biennale aura accueilli ses derni\u00e8res cr\u00e9ations dans d\u2019autres espaces de la ville ; le soir suivant, le Maestranza concentrera la cl\u00f4ture institutionnelle et artistique de l\u2019\u00e9dition.<\/p>\n<p>C\u2019est pourquoi le spectacle a \u00e9t\u00e9 int\u00e9gr\u00e9 aux <strong>Nuits uniques<\/strong>, le cycle qui r\u00e9unit des propositions con\u00e7ues comme des \u00e9v\u00e9nements irr\u00e9p\u00e9tables. Ici, le caract\u00e8re exceptionnel repose sur l\u2019anniversaire, la r\u00e9union d\u2019artistes et le poids historique du r\u00e9pertoire.<\/p>\n<\/div><\/div><\/div><\/div><\/div><\/div><\/div><\/section><section class=\"l-section wpb_row height_huge\"><div class=\"l-section-h i-cf\"><div class=\"g-cols vc_row via_flex valign_top type_default stacking_default\"><div class=\"vc_col-sm-6 wpb_column vc_column_container\"><div class=\"vc_column-inner\"><div class=\"wpb_wrapper\"><div class=\"wpb_text_column\"><div class=\"wpb_wrapper\"><h2 id=\"antologia\">30 ans de <em>Antolog\u00eda de la mujer en el cante<\/em><\/h2>\n<p>En 1996, Carmen Linares publie <em>Antolog\u00eda de la mujer en el cante<\/em>, un projet qui r\u00e9cup\u00e9rait et r\u00e9interpr\u00e9tait des r\u00e9pertoires associ\u00e9s \u00e0 de grandes cantaoras de l\u2019histoire. L\u2019enregistrement para\u00eet \u00e0 un moment particuli\u00e8rement fertile pour le flamenco, o\u00f9 des \u0153uvres de forte r\u00e9novation esth\u00e9tique coexistent avec un regard de plus en plus conscient sur la m\u00e9moire discographique et la tradition.<\/p>\n<p>La Biennale rappelle elle-m\u00eame que ce disque r\u00e9unissait des guitaristes tels que <strong>Vicente Amigo, Tomatito, Rafael Riqueni et Mora\u00edto<\/strong>, entre autres. L\u2019album devient une r\u00e9f\u00e9rence centrale dans la discographie de Carmen Linares et l\u2019un des travaux les plus cit\u00e9s lorsqu\u2019on \u00e9voque la pr\u00e9sence f\u00e9minine dans l\u2019histoire du chant flamenco.<\/p>\n<p>Trente ans plus tard, <em>Perlas a millares<\/em> revient \u00e0 ce mat\u00e9riau non comme une reproduction litt\u00e9rale, mais comme un hommage sc\u00e9nique. Carmen Linares s\u00e9lectionne des styles essentiels de l\u2019album et les partage avec des voix actuelles qui repr\u00e9sentent diff\u00e9rentes voies du flamenco.<\/p>\n<\/div><\/div><\/div><\/div><\/div><div class=\"vc_col-sm-6 wpb_column vc_column_container\"><div class=\"vc_column-inner\"><div class=\"wpb_wrapper\"><div class=\"wpb_text_column\"><div class=\"wpb_wrapper\"><h3>Pourquoi ce disque a-t-il \u00e9t\u00e9 important ?<\/h3>\n<p>La valeur de l\u2019\u0153uvre tient autant \u00e0 son r\u00e9pertoire qu\u2019\u00e0 sa conception. L\u2019anthologie a remis au premier plan des cantaoras et des cr\u00e9atrices souvent dispers\u00e9es dans la m\u00e9moire orale, les enregistrements historiques ou les r\u00e9f\u00e9rences de sp\u00e9cialistes.<\/p>\n<p>Des noms comme <strong>Ni\u00f1a de los Peines, La Mejorana, La Trini, La Serneta, La Repompa ou Perla de C\u00e1diz<\/strong> se retrouvaient reli\u00e9s dans un m\u00eame discours artistique. Carmen Linares ne s\u2019est pas content\u00e9e de citer ces r\u00e9pertoires : elle les a r\u00e9interpr\u00e9t\u00e9s \u00e0 travers sa propre personnalit\u00e9, contribuant \u00e0 ce que de nouvelles g\u00e9n\u00e9rations les \u00e9coutent et les \u00e9tudient \u00e0 nouveau.<\/p>\n<p>La c\u00e9l\u00e9bration du 30e anniversaire \u00e0 la Biennale replace cette g\u00e9n\u00e9alogie f\u00e9minine au centre de la sc\u00e8ne.<\/p>\n<\/div><\/div><\/div><\/div><\/div><\/div><\/div><\/section><section class=\"l-section wpb_row height_huge color_alternate with_shape\"><div class=\"l-section-shape type_zigzag pos_top\" style=\"height:3vmin;\"><svg xmlns=\"http:\/\/www.w3.org\/2000\/svg\" viewBox=\"0 0 64 8\" preserveAspectRatio=\"none\" width=\"100%\" height=\"100%\">\r\n\t<path fill=\"currentColor\" d=\"M64 8 L0 8 L0 0 L20 7.9 L40 3 L48 5 L64 0 Z\"\/>\r\n<\/svg><\/div><div class=\"l-section-shape type_zigzag pos_bottom\" style=\"height:3vmin;\"><svg xmlns=\"http:\/\/www.w3.org\/2000\/svg\" viewBox=\"0 0 64 8\" preserveAspectRatio=\"none\" width=\"100%\" height=\"100%\">\r\n\t<path fill=\"currentColor\" d=\"M64 8 L0 8 L0 0 L20 7.9 L40 3 L48 5 L64 0 Z\"\/>\r\n<\/svg><\/div><div class=\"l-section-h i-cf\"><div class=\"g-cols vc_row via_flex valign_top type_default stacking_default\"><div class=\"vc_col-sm-12 wpb_column vc_column_container\"><div class=\"vc_column-inner\"><div class=\"wpb_wrapper\"><div class=\"wpb_text_column\"><div class=\"wpb_wrapper\"><h2 id=\"artistas\">Carmen Linares avec Marina Heredia, Mar\u00eda Terremoto, Roc\u00edo Luna et Rafaela Carrasco<\/h2>\n<p>L\u2019un des principaux attraits de <em>Perlas a millares<\/em> r\u00e9side dans la r\u00e9union des artistes. Carmen Linares en sera la protagoniste, mais le spectacle est pens\u00e9 comme un dialogue entre g\u00e9n\u00e9rations.<\/p>\n<p><strong>Marina Heredia<\/strong> apporte l\u2019une des voix les plus reconnaissables du flamenco actuel et arrivera \u00e0 la cl\u00f4ture apr\u00e8s avoir donn\u00e9, le 1er octobre, son propre concert avec l\u2019Orchestre royal symphonique de S\u00e9ville. <strong>Mar\u00eda Terremoto<\/strong> repr\u00e9sente une lign\u00e9e directement li\u00e9e \u00e0 la tradition du chant de Jerez. <strong>Roc\u00edo Luna<\/strong>, laur\u00e9ate de la L\u00e1mpara Minera en 2023, incarne une g\u00e9n\u00e9ration encore plus jeune et se pr\u00e9sente dans cette \u00e9dition aux c\u00f4t\u00e9s de l\u2019une des grandes ma\u00eetresses du chant flamenco.<\/p>\n<p>La danse sera assur\u00e9e par <strong>Rafaela Carrasco<\/strong>, chor\u00e9graphe et danseuse \u00e0 la longue carri\u00e8re, dont la pr\u00e9sence \u00e9largit le spectacle au-del\u00e0 du format de r\u00e9cital. La rencontre entre chant, guitare et danse renforce l\u2019id\u00e9e d\u2019une anthologie vivante transpos\u00e9e dans le langage sc\u00e9nique de 2026.<\/p>\n<\/div><\/div><\/div><\/div><\/div><\/div><\/div><\/section><section class=\"l-section wpb_row height_huge\"><div class=\"l-section-h i-cf\"><div class=\"g-cols vc_row via_flex valign_top type_default stacking_default\"><div class=\"vc_col-sm-6 wpb_column vc_column_container\"><div class=\"vc_column-inner\"><div class=\"wpb_wrapper\"><div class=\"wpb_text_column\"><div class=\"wpb_wrapper\"><h2 id=\"programa\">Le programme : un parcours entre styles et cantaoras historiques<\/h2>\n<p>La programmation officielle de la Biennale d\u00e9taille un parcours particuli\u00e8rement large. Le r\u00e9pertoire comprend <strong>des fandangos de Lucena et une ronde\u00f1a<\/strong>, li\u00e9s \u00e0 Dolores de la Huerta et Concha la Pe\u00f1aranda ; <strong>des alegr\u00edas et des cantinas<\/strong> associ\u00e9es \u00e0 Ni\u00f1a de los Peines, La Mejorana et Rosario la del Colorao ; ainsi que des <strong>tientos<\/strong> dans l\u2019orbite de Pastora Pav\u00f3n.<\/p>\n<p>Il y aura \u00e9galement <strong>des bamberas et des fandangos de Huelva<\/strong>, une section instrumentale, <strong>grana\u00edna, malague\u00f1a et taranta<\/strong>, ainsi que <strong>buler\u00eda por sole\u00e1<\/strong>, tangos, seguiriyas, buler\u00edas et ton\u00e1s.<\/p>\n<p>Le programme ne cherche pas \u00e0 repr\u00e9senter tous les palos du flamenco, mais \u00e0 retrouver une s\u00e9lection de styles li\u00e9s \u00e0 des femmes qui ont laiss\u00e9 une empreinte d\u00e9cisive dans le chant. Cette vari\u00e9t\u00e9 offre aussi aux artistes invit\u00e9es des espaces diff\u00e9rents au sein du spectacle.<\/p>\n<\/div><\/div><\/div><\/div><\/div><div class=\"vc_col-sm-6 wpb_column vc_column_container\"><div class=\"vc_column-inner\"><div class=\"wpb_wrapper\"><div class=\"wpb_text_column\"><div class=\"wpb_wrapper\"><h3>Quelques r\u00e9f\u00e9rences f\u00e9minines du r\u00e9pertoire<\/h3>\n<ul>\n<li>Ni\u00f1a de los Peines<\/li>\n<li>La Mejorana<\/li>\n<li>Rosario la del Colorao<\/li>\n<li>Mar\u00eda la Conejilla<\/li>\n<li>Juana Mar\u00eda<\/li>\n<li>T\u00eda Marina Habichuela<\/li>\n<li>La Trini<\/li>\n<li>La Serneta<\/li>\n<li>La Moreno<\/li>\n<li>La Jilica de Marchena<\/li>\n<li>La Repompa<\/li>\n<li>Perla de C\u00e1diz<\/li>\n<li>Antonia Pozo<\/li>\n<li>Juana Cruz<\/li>\n<\/ul>\n<p>Le titre <em>Perlas a millares<\/em> convient particuli\u00e8rement \u00e0 une proposition construite pr\u00e9cis\u00e9ment \u00e0 partir de cette somme de voix, de styles et de souvenirs.<\/p>\n<\/div><\/div><\/div><\/div><\/div><\/div><\/div><\/section><section class=\"l-section wpb_row height_huge color_alternate with_shape\"><div class=\"l-section-shape type_zigzag pos_top\" style=\"height:3vmin;\"><svg xmlns=\"http:\/\/www.w3.org\/2000\/svg\" viewBox=\"0 0 64 8\" preserveAspectRatio=\"none\" width=\"100%\" height=\"100%\">\r\n\t<path fill=\"currentColor\" d=\"M64 8 L0 8 L0 0 L20 7.9 L40 3 L48 5 L64 0 Z\"\/>\r\n<\/svg><\/div><div class=\"l-section-shape type_zigzag pos_bottom\" style=\"height:3vmin;\"><svg xmlns=\"http:\/\/www.w3.org\/2000\/svg\" viewBox=\"0 0 64 8\" preserveAspectRatio=\"none\" width=\"100%\" height=\"100%\">\r\n\t<path fill=\"currentColor\" d=\"M64 8 L0 8 L0 0 L20 7.9 L40 3 L48 5 L64 0 Z\"\/>\r\n<\/svg><\/div><div class=\"l-section-h i-cf\"><div class=\"g-cols vc_row via_flex valign_top type_default stacking_default\"><div class=\"vc_col-sm-6 wpb_column vc_column_container\"><div class=\"vc_column-inner\"><div class=\"wpb_wrapper\"><div class=\"wpb_text_column\"><div class=\"wpb_wrapper\"><h2 id=\"equipo\">L\u2019\u00e9quipe musicale de <em>Perlas a millares<\/em><\/h2>\n<p>La direction musicale est assur\u00e9e par <strong>Carmen Linares<\/strong>. Aux guitares : <strong>Salvador Guti\u00e9rrez<\/strong> et <strong>Edu Esp\u00edn<\/strong>; <strong>Pablo Su\u00e1rez<\/strong> sera au piano et <strong>Dani Su\u00e1rez<\/strong> aux percussions.<\/p>\n<p>Les ch\u0153urs et les palmas seront assur\u00e9s par <strong>Ana Mar\u00eda Gonz\u00e1lez<\/strong> et <strong>Rosario Amador<\/strong>. La conception sonore sera assur\u00e9e par \u00c1lvaro Barco et Miguel Torroja, tandis que les lumi\u00e8res seront sign\u00e9es Antonio Valiente. Lourdes Garc\u00eda assure la production et <strong>Miguel Esp\u00edn Pacheco<\/strong> la coordination artistique.<\/p>\n<p>L\u2019\u00e9quipe est pens\u00e9e pour porter un spectacle de grande envergure sans perdre le centre de gravit\u00e9 du projet : le chant flamenco et la m\u00e9moire de ce r\u00e9pertoire.<\/p>\n<\/div><\/div><\/div><\/div><\/div><div class=\"vc_col-sm-6 wpb_column vc_column_container\"><div class=\"vc_column-inner\"><div class=\"wpb_wrapper\"><div class=\"wpb_text_column\"><div class=\"wpb_wrapper\"><h2 id=\"maestranza\">Le Teatro de la Maestranza, sc\u00e8ne de la cl\u00f4ture<\/h2>\n<p>Le <strong>Teatro de la Maestranza<\/strong> sera l\u2019un des grands centres de gravit\u00e9 de la Biennale 2026. Sara Baras, Jos\u00e9 Merc\u00e9, Israel Galv\u00e1n, Farruquito, Marina Heredia et d\u2019autres artistes se produiront sur sa sc\u00e8ne avant la cl\u00f4ture de Carmen Linares.<\/p>\n<p>Sa capacit\u00e9 technique et son ampleur permettent d\u2019accueillir des productions qui n\u00e9cessitent une grande bo\u00eete sc\u00e9nique, un \u00e9clairage complexe et une excellente r\u00e9ponse acoustique. Pour une cl\u00f4ture comme <em>Perlas a millares<\/em>, le lieu apporte aussi une dimension c\u00e9r\u00e9monielle qui correspond au caract\u00e8re d\u2019hommage et de fin d\u2019\u00e9dition.<\/p>\n<p>Si vous souhaitez comparer cette salle aux autres sc\u00e8nes de la programmation, consultez notre guide des <a href=\"https:\/\/www.tablaosflamencos.com\/espacios-espectaculares-bienal-flamenco-sevilla-2026.html\">lieux les plus spectaculaires de la Biennale 2026<\/a>.<\/p>\n<\/div><\/div><\/div><\/div><\/div><\/div><\/div><\/section><section class=\"l-section wpb_row height_huge\"><div class=\"l-section-h i-cf\"><div class=\"g-cols vc_row via_flex valign_top type_default stacking_default\"><div class=\"vc_col-sm-12 wpb_column vc_column_container\"><div class=\"vc_column-inner\"><div class=\"wpb_wrapper\"><div class=\"wpb_text_column\"><div class=\"wpb_wrapper\"><h2 id=\"entradas\">Billets et conseils pour assister \u00e0 la cl\u00f4ture<\/h2>\n<p>La repr\u00e9sentation est programm\u00e9e le <strong>samedi 3 octobre \u00e0 20:00<\/strong>. Comme il s\u2019agit de la cl\u00f4ture et d\u2019une Nuit unique, mieux vaut ne pas attendre le dernier moment pour acheter.<\/p>\n<p>La Biennale a enregistr\u00e9 une tr\u00e8s forte demande pour plusieurs de ses principaux spectacles et le Teatro de la Maestranza accueille certains des rendez-vous \u00e0 plus fort pouvoir d\u2019attraction. Avant d\u2019acheter, v\u00e9rifiez toujours la disponibilit\u00e9 actuelle et le secteur pr\u00e9cis de la salle via les canaux officiels.<\/p>\n<p>Pour comparer les prix, r\u00e9ductions et conditions de vente, consultez notre guide des <a href=\"https:\/\/www.tablaosflamencos.com\/bienal-flamenco-2026-entradas-precios-descuentos.html\">billets, prix et r\u00e9ductions de la Biennale 2026<\/a>. Si un spectacle pr\u00e9cis est complet, nous avons \u00e9galement pr\u00e9par\u00e9 un guide sur <a href=\"https:\/\/www.tablaosflamencos.com\/bienal-flamenco-2026-entradas-agotadas-que-ver.html\">ce qu\u2019il faut faire si vous ne trouvez plus de billets pour la Biennale<\/a>.<\/p>\n<p>Et si vous souhaitez prolonger la soir\u00e9e \u00e0 S\u00e9ville, vous pouvez aussi consulter notre s\u00e9lection pour <a href=\"https:\/\/www.tablaosflamencos.com\/flamenco-en-sevilla\">voir du flamenco \u00e0 S\u00e9ville<\/a> en dehors de la programmation officielle du festival.<\/p>\n<\/div><\/div><div class=\"w-separator size_medium\"><\/div><div class=\"w-hwrapper valign_top wrap stack_on_mobiles align_center\" style=\"--hwrapper-gap:1.2rem\"><div class=\"w-btn-wrapper align_none\"><a class=\"w-btn us-btn-style_1\" href=\"https:\/\/www.tablaosflamencos.com\/fr\/biennale-flamenco-seville-2026-billets-prix-reductions.html\"><span class=\"w-btn-label\">Billets, prix et r\u00e9ductions<\/span><\/a><\/div><div class=\"w-btn-wrapper align_none\"><a class=\"w-btn us-btn-style_1\" href=\"https:\/\/www.tablaosflamencos.com\/fr\/flamenco-a-seville\"><span class=\"w-btn-label\">Voir du flamenco \u00e0 S\u00e9ville<\/span><\/a><\/div><\/div><\/div><\/div><\/div><\/div><\/div><\/section><section class=\"l-section wpb_row height_huge color_alternate with_shape\"><div class=\"l-section-shape type_zigzag pos_top\" style=\"height:3vmin;\"><svg xmlns=\"http:\/\/www.w3.org\/2000\/svg\" viewBox=\"0 0 64 8\" preserveAspectRatio=\"none\" width=\"100%\" height=\"100%\">\r\n\t<path fill=\"currentColor\" d=\"M64 8 L0 8 L0 0 L20 7.9 L40 3 L48 5 L64 0 Z\"\/>\r\n<\/svg><\/div><div class=\"l-section-shape type_zigzag pos_bottom\" style=\"height:3vmin;\"><svg xmlns=\"http:\/\/www.w3.org\/2000\/svg\" viewBox=\"0 0 64 8\" preserveAspectRatio=\"none\" width=\"100%\" height=\"100%\">\r\n\t<path fill=\"currentColor\" d=\"M64 8 L0 8 L0 0 L20 7.9 L40 3 L48 5 L64 0 Z\"\/>\r\n<\/svg><\/div><div class=\"l-section-h i-cf\"><div class=\"g-cols vc_row via_flex valign_top type_default stacking_default\"><div class=\"vc_col-sm-12 wpb_column vc_column_container\"><div class=\"vc_column-inner\"><div class=\"wpb_wrapper\"><div class=\"wpb_text_column\"><div class=\"wpb_wrapper\"><h2 style=\"text-align: center;\">Une mani\u00e8re coh\u00e9rente de clore la Biennale<\/h2>\n<p style=\"text-align: center;\">La cl\u00f4ture de 2026 n\u2019est pas pens\u00e9e comme un r\u00e9sum\u00e9 de l\u2019\u00e9dition, mais comme une d\u00e9claration artistique \u00e0 part enti\u00e8re. Carmen Linares revient sur le disque qui a transform\u00e9 sa carri\u00e8re et en fait une c\u00e9l\u00e9bration collective des femmes qui ont construit une part essentielle du chant flamenco.<\/p>\n<p style=\"text-align: center;\">La pr\u00e9sence de Marina Heredia, Mar\u00eda Terremoto, Roc\u00edo Luna et Rafaela Carrasco \u00e9vite que l\u2019hommage ne reste enferm\u00e9 dans la nostalgie. Le r\u00e9sultat vise autre chose : montrer comment un r\u00e9pertoire historique peut continuer \u00e0 passer d\u2019une g\u00e9n\u00e9ration \u00e0 l\u2019autre sans perdre sa profondeur ni son identit\u00e9.<\/p>\n<p style=\"text-align: center;\">Apr\u00e8s pr\u00e8s d\u2019un mois de programmation, <em>Perlas a millares<\/em> posera le dernier comp\u00e1s de la XXIVe Biennale. Et il le fera en regardant en arri\u00e8re pour expliquer pr\u00e9cis\u00e9ment pourquoi ce pass\u00e9 reste vivant dans le flamenco d\u2019aujourd\u2019hui.<\/p>\n<\/div><\/div><\/div><\/div><\/div><\/div><\/div><\/section><section class=\"l-section wpb_row height_huge\"><div class=\"l-section-h i-cf\"><div class=\"g-cols vc_row via_flex valign_top type_default stacking_default\"><div class=\"vc_col-sm-1\/5 wpb_column vc_column_container\"><div class=\"vc_column-inner\"><div class=\"wpb_wrapper\"><\/div><\/div><\/div><div class=\"vc_col-sm-3\/5 wpb_column vc_column_container\"><div class=\"vc_column-inner\"><div class=\"wpb_wrapper\"><div class=\"wpb_text_column\"><div class=\"wpb_wrapper\"><h2 id=\"faq\" style=\"text-align: center;\">Questions fr\u00e9quentes sur Carmen Linares et <em>Perlas a millares<\/em><\/h2>\n<\/div><\/div><div class=\"w-separator size_medium\"><\/div><div class=\"w-tabs accordion toggle_style_1 has_scrolling\" style=\"--sections-title-size:inherit;--sections-gap:0.5rem;\"><div class=\"w-tabs-sections titles-align_none icon_chevron cpos_right\"><div class=\"w-tabs-section\" id=\"m58f\"><button type=\"button\" class=\"w-tabs-section-header\" aria-controls=\"content-m58f\" aria-expanded=\"false\"><div class=\"w-tabs-section-title\">Quand Carmen Linares se produit-elle \u00e0 la Biennale 2026 ?<\/div><div class=\"w-tabs-section-control\"><\/div><\/button><div  class=\"w-tabs-section-content\" id=\"content-m58f\"><div class=\"w-tabs-section-content-h i-cf\"><div class=\"wpb_text_column\"><div class=\"wpb_wrapper\"><p>Carmen Linares se produira le samedi 3 octobre 2026 \u00e0 20:00 au Teatro de la Maestranza.<\/p>\n<\/div><\/div><\/div><\/div><\/div><div class=\"w-tabs-section\" id=\"q690\"><button type=\"button\" class=\"w-tabs-section-header\" aria-controls=\"content-q690\" aria-expanded=\"false\"><div class=\"w-tabs-section-title\">Perlas a millares est-il le spectacle de cl\u00f4ture de la Biennale ?<\/div><div class=\"w-tabs-section-control\"><\/div><\/button><div  class=\"w-tabs-section-content\" id=\"content-q690\"><div class=\"w-tabs-section-content-h i-cf\"><div class=\"wpb_text_column\"><div class=\"wpb_wrapper\"><p>Oui. Il s\u2019agit du dernier rendez-vous du programme g\u00e9n\u00e9ral et la Biennale le pr\u00e9sente comme le spectacle de cl\u00f4ture de sa XXIVe \u00e9dition.<\/p>\n<\/div><\/div><\/div><\/div><\/div><div class=\"w-tabs-section\" id=\"v77f\"><button type=\"button\" class=\"w-tabs-section-header\" aria-controls=\"content-v77f\" aria-expanded=\"false\"><div class=\"w-tabs-section-title\">Que c\u00e9l\u00e8bre Perlas a millares ?<\/div><div class=\"w-tabs-section-control\"><\/div><\/button><div  class=\"w-tabs-section-content\" id=\"content-v77f\"><div class=\"w-tabs-section-content-h i-cf\"><div class=\"wpb_text_column\"><div class=\"wpb_wrapper\"><p>Il c\u00e9l\u00e8bre le 30e anniversaire de <em>Antolog\u00eda de la mujer en el cante<\/em>, l\u2019album publi\u00e9 par Carmen Linares en 1996.<\/p>\n<\/div><\/div><\/div><\/div><\/div><div class=\"w-tabs-section\" id=\"p873\"><button type=\"button\" class=\"w-tabs-section-header\" aria-controls=\"content-p873\" aria-expanded=\"false\"><div class=\"w-tabs-section-title\">Quelles artistes accompagneront Carmen Linares ?<\/div><div class=\"w-tabs-section-control\"><\/div><\/button><div  class=\"w-tabs-section-content\" id=\"content-p873\"><div class=\"w-tabs-section-content-h i-cf\"><div class=\"wpb_text_column\"><div class=\"wpb_wrapper\"><p>Marina Heredia, Mar\u00eda Terremoto et Roc\u00edo Luna participeront au chant, et Rafaela Carrasco \u00e0 la danse.<\/p>\n<\/div><\/div><\/div><\/div><\/div><div class=\"w-tabs-section\" id=\"v94d\"><button type=\"button\" class=\"w-tabs-section-header\" aria-controls=\"content-v94d\" aria-expanded=\"false\"><div class=\"w-tabs-section-title\">Quels palos flamencos figurent au programme ?<\/div><div class=\"w-tabs-section-control\"><\/div><\/button><div  class=\"w-tabs-section-content\" id=\"content-v94d\"><div class=\"w-tabs-section-content-h i-cf\"><div class=\"wpb_text_column\"><div class=\"wpb_wrapper\"><p>Le programme comprend notamment fandangos, ronde\u00f1a, alegr\u00edas, cantinas, tientos, bamberas, grana\u00edna, malague\u00f1a, taranta, buler\u00eda por sole\u00e1, tangos, seguiriyas, buler\u00edas et ton\u00e1s.<\/p>\n<\/div><\/div><\/div><\/div><\/div><div class=\"w-tabs-section\" id=\"ca15\"><button type=\"button\" class=\"w-tabs-section-header\" aria-controls=\"content-ca15\" aria-expanded=\"false\"><div class=\"w-tabs-section-title\">O\u00f9 a lieu le spectacle ?<\/div><div class=\"w-tabs-section-control\"><\/div><\/button><div  class=\"w-tabs-section-content\" id=\"content-ca15\"><div class=\"w-tabs-section-content-h i-cf\"><div class=\"wpb_text_column\"><div class=\"wpb_wrapper\"><p>Au Teatro de la Maestranza de S\u00e9ville, l\u2019une des principales grandes sc\u00e8nes de la Biennale 2026.<\/p>\n<\/div><\/div><\/div><\/div><\/div><div class=\"w-tabs-section\" id=\"saee\"><button type=\"button\" class=\"w-tabs-section-header\" aria-controls=\"content-saee\" aria-expanded=\"false\"><div class=\"w-tabs-section-title\">S\u2019agit-il d\u2019une Nuit unique ?<\/div><div class=\"w-tabs-section-control\"><\/div><\/button><div  class=\"w-tabs-section-content\" id=\"content-saee\"><div class=\"w-tabs-section-content-h i-cf\"><div class=\"wpb_text_column\"><div class=\"wpb_wrapper\"><p>Oui. La Biennale inclut <em>Perlas a millares<\/em> dans sa programmation de Nuits uniques.<\/p>\n<\/div><\/div><\/div><\/div><\/div><div class=\"w-tabs-section\" id=\"dbb5\"><button type=\"button\" class=\"w-tabs-section-header\" aria-controls=\"content-dbb5\" aria-expanded=\"false\"><div class=\"w-tabs-section-title\">O\u00f9 acheter les billets ?<\/div><div class=\"w-tabs-section-control\"><\/div><\/button><div  class=\"w-tabs-section-content\" id=\"content-dbb5\"><div class=\"w-tabs-section-content-h i-cf\"><div class=\"wpb_text_column\"><div class=\"wpb_wrapper\"><p>Les billets doivent \u00eatre achet\u00e9s via les canaux officiels de la Biennale et du Teatro de la Maestranza. V\u00e9rifiez la disponibilit\u00e9 et les prix avant de vous d\u00e9placer.<\/p>\n<\/div><\/div><\/div><\/div><\/div><\/div><\/div><\/div><\/div><\/div><div class=\"vc_col-sm-1\/5 wpb_column vc_column_container\"><div class=\"vc_column-inner\"><div class=\"wpb_wrapper\"><\/div><\/div><\/div><\/div><\/div><\/section><section class=\"l-section wpb_row height_huge\"><div class=\"l-section-h i-cf\"><div class=\"g-cols vc_row via_flex valign_top type_default stacking_default\"><div class=\"vc_col-sm-12 wpb_column vc_column_container\"><div class=\"vc_column-inner\"><div class=\"wpb_wrapper\"><div class=\"wpb_text_column\"><div class=\"wpb_wrapper\"><h3>Sources et mise \u00e0 jour<\/h3>\n<p>Informations v\u00e9rifi\u00e9es \u00e0 partir de la programmation officielle de la XXIVe Biennale de Flamenco de S\u00e9ville et de la fiche de <em>Perlas a millares<\/em>. Donn\u00e9es v\u00e9rifi\u00e9es le 2 septembre 2026. L\u2019organisation peut modifier les horaires, la disponibilit\u00e9 ou certains d\u00e9tails de production.<\/p>\n<\/div><\/div><\/div><\/div><\/div><\/div><\/div><\/section>\n","protected":false},"excerpt":{"rendered":"<p>Carmen Linares cl\u00f4turera la Biennale de Flamenco de S\u00e9ville 2026 avec Perlas a millares, une soir\u00e9e unique pour les 30 ans de Antolog\u00eda de la mujer en el cante.<\/p>\n","protected":false},"author":1,"featured_media":14103,"comment_status":"closed","ping_status":"closed","sticky":false,"template":"","format":"standard","meta":{"_acf_changed":false,"wpai_generated_summary":"","_ayudawp_aiss_exclude":false,"_ayudawp_aiss_exclude_summary":false,"_ayudawp_aiss_summary":"","_ayudawp_aiss_summary_provider":"","_ayudawp_aiss_summary_hash":"","footnotes":""},"categories":[1428],"tags":[1238,1239,1240,1894,1391,1241,1155,1242],"class_list":["post-14107","post","type-post","status-publish","format-standard","has-post-thumbnail","hentry","category-biennale-de-flamenco","tag-agenda-flamenca","tag-bienal-2026","tag-bienal-de-flamenco","tag-carmen-linares-francais","tag-chant-flamenco","tag-festivales-flamencos","tag-flamenco-en-sevilla","tag-sevilla"],"acf":[],"yoast_head":"<!-- This site is optimized with the Yoast SEO Premium plugin v28.4 (Yoast SEO v28.4) - https:\/\/yoast.com\/product\/yoast-seo-premium-wordpress\/ -->\n<title>Carmen Linares \u00e0 la Biennale 2026 : Perlas a millares<\/title>\n<meta name=\"description\" content=\"Carmen Linares cl\u00f4ture la Biennale de Flamenco de S\u00e9ville 2026 avec Perlas a millares : date, artistes, programme, 30e anniversaire et billets.\" \/>\n<meta name=\"robots\" content=\"index, follow, max-snippet:-1, max-image-preview:large, max-video-preview:-1\" \/>\n<link rel=\"canonical\" href=\"https:\/\/www.tablaosflamencos.com\/fr\/carmen-linares-biennale-flamenco-seville-2026-perlas-a-millares.html\" \/>\n<meta property=\"og:locale\" content=\"fr_FR\" \/>\n<meta property=\"og:type\" content=\"article\" \/>\n<meta property=\"og:title\" content=\"Carmen Linares cl\u00f4turera la Biennale 2026 : Perlas a millares\" \/>\n<meta property=\"og:description\" content=\"Carmen Linares cl\u00f4ture la Biennale de Flamenco de S\u00e9ville 2026 avec Perlas a millares : date, artistes, programme, 30e anniversaire et billets.\" \/>\n<meta property=\"og:url\" content=\"https:\/\/www.tablaosflamencos.com\/fr\/carmen-linares-biennale-flamenco-seville-2026-perlas-a-millares.html\" \/>\n<meta property=\"og:site_name\" content=\"Tablaos Flamencos\" \/>\n<meta property=\"article:publisher\" content=\"https:\/\/www.facebook.com\/tablaosflamencos\" \/>\n<meta property=\"article:published_time\" content=\"2026-09-02T23:13:43+00:00\" \/>\n<meta property=\"article:modified_time\" content=\"2026-09-02T23:32:40+00:00\" \/>\n<meta property=\"og:image\" content=\"https:\/\/www.tablaosflamencos.com\/wp-content\/uploads\/carmen-linares-cerrara-la-bienal-2026-perlas-a-millares-01.webp\" \/>\n\t<meta property=\"og:image:width\" content=\"1672\" \/>\n\t<meta property=\"og:image:height\" content=\"941\" \/>\n\t<meta property=\"og:image:type\" content=\"image\/webp\" \/>\n<meta name=\"author\" content=\"Miguel Ortiz\" \/>\n<meta name=\"twitter:card\" content=\"summary_large_image\" \/>\n<meta name=\"twitter:creator\" content=\"@tablaosflamenco\" \/>\n<meta name=\"twitter:site\" content=\"@tablaosflamenco\" \/>\n<meta name=\"twitter:label1\" content=\"\u00c9crit par\" \/>\n\t<meta name=\"twitter:data1\" content=\"Miguel Ortiz\" \/>\n\t<meta name=\"twitter:label2\" content=\"Dur\u00e9e de lecture estim\u00e9e\" \/>\n\t<meta name=\"twitter:data2\" content=\"15 minutes\" \/>\n<script type=\"application\/ld+json\" class=\"yoast-schema-graph\">{\"@context\":\"https:\\\/\\\/schema.org\",\"@graph\":[{\"@type\":\"Article\",\"@id\":\"https:\\\/\\\/www.tablaosflamencos.com\\\/fr\\\/carmen-linares-biennale-flamenco-seville-2026-perlas-a-millares.html#article\",\"isPartOf\":{\"@id\":\"https:\\\/\\\/www.tablaosflamencos.com\\\/fr\\\/carmen-linares-biennale-flamenco-seville-2026-perlas-a-millares.html\"},\"author\":{\"name\":\"Miguel Ortiz\",\"@id\":\"https:\\\/\\\/www.tablaosflamencos.com\\\/fr#\\\/schema\\\/person\\\/e7a9ebe14eb75a52ceabfbffb3c54f5d\"},\"headline\":\"Carmen Linares cl\u00f4turera la Biennale 2026 : Perlas a millares\",\"datePublished\":\"2026-09-02T23:13:43+00:00\",\"dateModified\":\"2026-09-02T23:32:40+00:00\",\"mainEntityOfPage\":{\"@id\":\"https:\\\/\\\/www.tablaosflamencos.com\\\/fr\\\/carmen-linares-biennale-flamenco-seville-2026-perlas-a-millares.html\"},\"wordCount\":2979,\"publisher\":{\"@id\":\"https:\\\/\\\/www.tablaosflamencos.com\\\/fr#organization\"},\"image\":{\"@id\":\"https:\\\/\\\/www.tablaosflamencos.com\\\/fr\\\/carmen-linares-biennale-flamenco-seville-2026-perlas-a-millares.html#primaryimage\"},\"thumbnailUrl\":\"https:\\\/\\\/www.tablaosflamencos.com\\\/wp-content\\\/uploads\\\/carmen-linares-cerrara-la-bienal-2026-perlas-a-millares-01.webp\",\"keywords\":[\"agenda flamenca\",\"Bienal 2026\",\"Bienal de Flamenco\",\"Carmen Linares\",\"chant flamenco\",\"festivales flamencos\",\"flamenco en Sevilla\",\"sevilla\"],\"articleSection\":[\"Biennale de Flamenco\"],\"inLanguage\":\"fr-FR\"},{\"@type\":\"WebPage\",\"@id\":\"https:\\\/\\\/www.tablaosflamencos.com\\\/fr\\\/carmen-linares-biennale-flamenco-seville-2026-perlas-a-millares.html\",\"url\":\"https:\\\/\\\/www.tablaosflamencos.com\\\/fr\\\/carmen-linares-biennale-flamenco-seville-2026-perlas-a-millares.html\",\"name\":\"Carmen Linares \u00e0 la Biennale 2026 : Perlas a millares\",\"isPartOf\":{\"@id\":\"https:\\\/\\\/www.tablaosflamencos.com\\\/fr#website\"},\"primaryImageOfPage\":{\"@id\":\"https:\\\/\\\/www.tablaosflamencos.com\\\/fr\\\/carmen-linares-biennale-flamenco-seville-2026-perlas-a-millares.html#primaryimage\"},\"image\":{\"@id\":\"https:\\\/\\\/www.tablaosflamencos.com\\\/fr\\\/carmen-linares-biennale-flamenco-seville-2026-perlas-a-millares.html#primaryimage\"},\"thumbnailUrl\":\"https:\\\/\\\/www.tablaosflamencos.com\\\/wp-content\\\/uploads\\\/carmen-linares-cerrara-la-bienal-2026-perlas-a-millares-01.webp\",\"datePublished\":\"2026-09-02T23:13:43+00:00\",\"dateModified\":\"2026-09-02T23:32:40+00:00\",\"description\":\"Carmen Linares cl\u00f4ture la Biennale de Flamenco de S\u00e9ville 2026 avec Perlas a millares : date, artistes, programme, 30e anniversaire et billets.\",\"breadcrumb\":{\"@id\":\"https:\\\/\\\/www.tablaosflamencos.com\\\/fr\\\/carmen-linares-biennale-flamenco-seville-2026-perlas-a-millares.html#breadcrumb\"},\"inLanguage\":\"fr-FR\",\"potentialAction\":[{\"@type\":\"ReadAction\",\"target\":[\"https:\\\/\\\/www.tablaosflamencos.com\\\/fr\\\/carmen-linares-biennale-flamenco-seville-2026-perlas-a-millares.html\"]}]},{\"@type\":\"ImageObject\",\"inLanguage\":\"fr-FR\",\"@id\":\"https:\\\/\\\/www.tablaosflamencos.com\\\/fr\\\/carmen-linares-biennale-flamenco-seville-2026-perlas-a-millares.html#primaryimage\",\"url\":\"https:\\\/\\\/www.tablaosflamencos.com\\\/wp-content\\\/uploads\\\/carmen-linares-cerrara-la-bienal-2026-perlas-a-millares-01.webp\",\"contentUrl\":\"https:\\\/\\\/www.tablaosflamencos.com\\\/wp-content\\\/uploads\\\/carmen-linares-cerrara-la-bienal-2026-perlas-a-millares-01.webp\",\"width\":1672,\"height\":941,\"caption\":\"Carmen Linares cerrar\u00e1 la Bienal 2026: Perlas a millares\"},{\"@type\":\"BreadcrumbList\",\"@id\":\"https:\\\/\\\/www.tablaosflamencos.com\\\/fr\\\/carmen-linares-biennale-flamenco-seville-2026-perlas-a-millares.html#breadcrumb\",\"itemListElement\":[{\"@type\":\"ListItem\",\"position\":1,\"name\":\"Home\",\"item\":\"https:\\\/\\\/www.tablaosflamencos.com\\\/fr\"},{\"@type\":\"ListItem\",\"position\":2,\"name\":\"Carmen Linares cl\u00f4turera la Biennale 2026 : Perlas a millares\"}]},{\"@type\":\"WebSite\",\"@id\":\"https:\\\/\\\/www.tablaosflamencos.com\\\/fr#website\",\"url\":\"https:\\\/\\\/www.tablaosflamencos.com\\\/fr\",\"name\":\"Tablaos Flamencos\",\"description\":\"Entradas para tablaos flamencos de Espa\u00f1a\",\"publisher\":{\"@id\":\"https:\\\/\\\/www.tablaosflamencos.com\\\/fr#organization\"},\"alternateName\":\"Tablaos Flamencos\",\"potentialAction\":[{\"@type\":\"SearchAction\",\"target\":{\"@type\":\"EntryPoint\",\"urlTemplate\":\"https:\\\/\\\/www.tablaosflamencos.com\\\/fr?s={search_term_string}\"},\"query-input\":{\"@type\":\"PropertyValueSpecification\",\"valueRequired\":true,\"valueName\":\"search_term_string\"}}],\"inLanguage\":\"fr-FR\"},{\"@type\":[\"Organization\",\"Place\",\"EntertainmentBusiness\"],\"@id\":\"https:\\\/\\\/www.tablaosflamencos.com\\\/fr#organization\",\"name\":\"Tablaos Flamencos\",\"alternateName\":\"Tablaos Flamencos\",\"url\":\"https:\\\/\\\/www.tablaosflamencos.com\\\/fr\",\"logo\":{\"@id\":\"https:\\\/\\\/www.tablaosflamencos.com\\\/fr\\\/carmen-linares-biennale-flamenco-seville-2026-perlas-a-millares.html#local-main-organization-logo\"},\"image\":{\"@id\":\"https:\\\/\\\/www.tablaosflamencos.com\\\/fr\\\/carmen-linares-biennale-flamenco-seville-2026-perlas-a-millares.html#local-main-organization-logo\"},\"sameAs\":[\"https:\\\/\\\/www.facebook.com\\\/tablaosflamencos\",\"https:\\\/\\\/x.com\\\/tablaosflamenco\",\"https:\\\/\\\/mastodon.social\\\/@tablaosflamencos\",\"https:\\\/\\\/www.instagram.com\\\/tablaosflamencos\",\"https:\\\/\\\/tiktok.com\\\/@tablaosflamencos\",\"https:\\\/\\\/www.linkedin.com\\\/company\\\/109408238\\\/\"],\"description\":\"Venta de entradas para espect\u00e1culos flamencos\",\"legalName\":\"Tablaos Flamencos\",\"foundingDate\":\"2015-01-01\",\"numberOfEmployees\":{\"@type\":\"QuantitativeValue\",\"minValue\":\"1\",\"maxValue\":\"10\"},\"address\":{\"@id\":\"https:\\\/\\\/www.tablaosflamencos.com\\\/fr\\\/carmen-linares-biennale-flamenco-seville-2026-perlas-a-millares.html#local-main-place-address\"},\"geo\":{\"@type\":\"GeoCoordinates\",\"latitude\":\"37.3868072\",\"longitude\":\"-5.993280299999999\"},\"telephone\":[\"+34623787787\"],\"contactPoint\":{\"@type\":\"ContactPoint\",\"telephone\":\"+34623787787\",\"email\":\"info@tablaosflamencos.com\"},\"openingHoursSpecification\":{\"@type\":\"OpeningHoursSpecification\",\"dayOfWeek\":[\"Monday\",\"Tuesday\",\"Wednesday\",\"Thursday\",\"Friday\",\"Saturday\",\"Sunday\"],\"opens\":\"00:00\",\"closes\":\"23:59\"},\"email\":\"info@tablaosflamencos.com\",\"priceRange\":\"$$$\",\"currenciesAccepted\":\"\u20ac\"},{\"@type\":\"Person\",\"@id\":\"https:\\\/\\\/www.tablaosflamencos.com\\\/fr#\\\/schema\\\/person\\\/e7a9ebe14eb75a52ceabfbffb3c54f5d\",\"name\":\"Miguel Ortiz\",\"description\":\"Miguel Ortiz es un empresario flamenco, con una s\u00f3lida trayectoria dentro del sector. Ha presidido entidades culturales vinculadas al flamenco y, cuenta con un amplio recorrido profesional en la gesti\u00f3n y promoci\u00f3n de espect\u00e1culos y tablaos flamencos. Su pasi\u00f3n por la historia y el arte flamenco se refleja en cada art\u00edculo, donde combina experiencia, criterio y un profundo respeto por la tradici\u00f3n.\",\"sameAs\":[\"https:\\\/\\\/www.tablaosflamencos.com\",\"https:\\\/\\\/www.instagra.com\\\/miguelortizfe\",\"https:\\\/\\\/www.linkedin.com\\\/in\\\/miguelortizf\\\/\"],\"birthDate\":\"1984-11-22\",\"gender\":\"hombre\",\"knowsLanguage\":[\"espa\u00f1ol\",\"ingl\u00e9s\"],\"jobTitle\":\"Empresario flamenco\"},{\"@type\":\"PostalAddress\",\"@id\":\"https:\\\/\\\/www.tablaosflamencos.com\\\/fr\\\/carmen-linares-biennale-flamenco-seville-2026-perlas-a-millares.html#local-main-place-address\",\"streetAddress\":\"C\\\/ Alemanes, 19\",\"addressLocality\":\"Sevilla\",\"postalCode\":\"41004\",\"addressRegion\":\"Sevilla\",\"addressCountry\":\"ES\"},{\"@type\":\"ImageObject\",\"inLanguage\":\"fr-FR\",\"@id\":\"https:\\\/\\\/www.tablaosflamencos.com\\\/fr\\\/carmen-linares-biennale-flamenco-seville-2026-perlas-a-millares.html#local-main-organization-logo\",\"url\":\"https:\\\/\\\/www.tablaosflamencos.com\\\/wp-content\\\/uploads\\\/tablaos-flamencos-06-3.webp\",\"contentUrl\":\"https:\\\/\\\/www.tablaosflamencos.com\\\/wp-content\\\/uploads\\\/tablaos-flamencos-06-3.webp\",\"width\":600,\"height\":620,\"caption\":\"Tablaos Flamencos\"}]}<\/script>\n<meta name=\"geo.placename\" content=\"Sevilla\" \/>\n<meta name=\"geo.position\" content=\"37.3868072;-5.993280299999999\" \/>\n<meta name=\"geo.region\" content=\"Espagne\" \/>\n<!-- \/ Yoast SEO Premium plugin. -->","yoast_head_json":{"title":"Carmen Linares \u00e0 la Biennale 2026 : Perlas a millares","description":"Carmen Linares cl\u00f4ture la Biennale de Flamenco de S\u00e9ville 2026 avec Perlas a millares : date, artistes, programme, 30e anniversaire et billets.","robots":{"index":"index","follow":"follow","max-snippet":"max-snippet:-1","max-image-preview":"max-image-preview:large","max-video-preview":"max-video-preview:-1"},"canonical":"https:\/\/www.tablaosflamencos.com\/fr\/carmen-linares-biennale-flamenco-seville-2026-perlas-a-millares.html","og_locale":"fr_FR","og_type":"article","og_title":"Carmen Linares cl\u00f4turera la Biennale 2026 : Perlas a millares","og_description":"Carmen Linares cl\u00f4ture la Biennale de Flamenco de S\u00e9ville 2026 avec Perlas a millares : date, artistes, programme, 30e anniversaire et billets.","og_url":"https:\/\/www.tablaosflamencos.com\/fr\/carmen-linares-biennale-flamenco-seville-2026-perlas-a-millares.html","og_site_name":"Tablaos Flamencos","article_publisher":"https:\/\/www.facebook.com\/tablaosflamencos","article_published_time":"2026-09-02T23:13:43+00:00","article_modified_time":"2026-09-02T23:32:40+00:00","og_image":[{"width":1672,"height":941,"url":"https:\/\/www.tablaosflamencos.com\/wp-content\/uploads\/carmen-linares-cerrara-la-bienal-2026-perlas-a-millares-01.webp","type":"image\/webp"}],"author":"Miguel Ortiz","twitter_card":"summary_large_image","twitter_creator":"@tablaosflamenco","twitter_site":"@tablaosflamenco","twitter_misc":{"\u00c9crit par":"Miguel Ortiz","Dur\u00e9e de lecture estim\u00e9e":"15 minutes"},"schema":{"@context":"https:\/\/schema.org","@graph":[{"@type":"Article","@id":"https:\/\/www.tablaosflamencos.com\/fr\/carmen-linares-biennale-flamenco-seville-2026-perlas-a-millares.html#article","isPartOf":{"@id":"https:\/\/www.tablaosflamencos.com\/fr\/carmen-linares-biennale-flamenco-seville-2026-perlas-a-millares.html"},"author":{"name":"Miguel Ortiz","@id":"https:\/\/www.tablaosflamencos.com\/fr#\/schema\/person\/e7a9ebe14eb75a52ceabfbffb3c54f5d"},"headline":"Carmen Linares cl\u00f4turera la Biennale 2026 : Perlas a millares","datePublished":"2026-09-02T23:13:43+00:00","dateModified":"2026-09-02T23:32:40+00:00","mainEntityOfPage":{"@id":"https:\/\/www.tablaosflamencos.com\/fr\/carmen-linares-biennale-flamenco-seville-2026-perlas-a-millares.html"},"wordCount":2979,"publisher":{"@id":"https:\/\/www.tablaosflamencos.com\/fr#organization"},"image":{"@id":"https:\/\/www.tablaosflamencos.com\/fr\/carmen-linares-biennale-flamenco-seville-2026-perlas-a-millares.html#primaryimage"},"thumbnailUrl":"https:\/\/www.tablaosflamencos.com\/wp-content\/uploads\/carmen-linares-cerrara-la-bienal-2026-perlas-a-millares-01.webp","keywords":["agenda flamenca","Bienal 2026","Bienal de Flamenco","Carmen Linares","chant flamenco","festivales flamencos","flamenco en Sevilla","sevilla"],"articleSection":["Biennale de Flamenco"],"inLanguage":"fr-FR"},{"@type":"WebPage","@id":"https:\/\/www.tablaosflamencos.com\/fr\/carmen-linares-biennale-flamenco-seville-2026-perlas-a-millares.html","url":"https:\/\/www.tablaosflamencos.com\/fr\/carmen-linares-biennale-flamenco-seville-2026-perlas-a-millares.html","name":"Carmen Linares \u00e0 la Biennale 2026 : Perlas a millares","isPartOf":{"@id":"https:\/\/www.tablaosflamencos.com\/fr#website"},"primaryImageOfPage":{"@id":"https:\/\/www.tablaosflamencos.com\/fr\/carmen-linares-biennale-flamenco-seville-2026-perlas-a-millares.html#primaryimage"},"image":{"@id":"https:\/\/www.tablaosflamencos.com\/fr\/carmen-linares-biennale-flamenco-seville-2026-perlas-a-millares.html#primaryimage"},"thumbnailUrl":"https:\/\/www.tablaosflamencos.com\/wp-content\/uploads\/carmen-linares-cerrara-la-bienal-2026-perlas-a-millares-01.webp","datePublished":"2026-09-02T23:13:43+00:00","dateModified":"2026-09-02T23:32:40+00:00","description":"Carmen Linares cl\u00f4ture la Biennale de Flamenco de S\u00e9ville 2026 avec Perlas a millares : date, artistes, programme, 30e anniversaire et billets.","breadcrumb":{"@id":"https:\/\/www.tablaosflamencos.com\/fr\/carmen-linares-biennale-flamenco-seville-2026-perlas-a-millares.html#breadcrumb"},"inLanguage":"fr-FR","potentialAction":[{"@type":"ReadAction","target":["https:\/\/www.tablaosflamencos.com\/fr\/carmen-linares-biennale-flamenco-seville-2026-perlas-a-millares.html"]}]},{"@type":"ImageObject","inLanguage":"fr-FR","@id":"https:\/\/www.tablaosflamencos.com\/fr\/carmen-linares-biennale-flamenco-seville-2026-perlas-a-millares.html#primaryimage","url":"https:\/\/www.tablaosflamencos.com\/wp-content\/uploads\/carmen-linares-cerrara-la-bienal-2026-perlas-a-millares-01.webp","contentUrl":"https:\/\/www.tablaosflamencos.com\/wp-content\/uploads\/carmen-linares-cerrara-la-bienal-2026-perlas-a-millares-01.webp","width":1672,"height":941,"caption":"Carmen Linares cerrar\u00e1 la Bienal 2026: Perlas a millares"},{"@type":"BreadcrumbList","@id":"https:\/\/www.tablaosflamencos.com\/fr\/carmen-linares-biennale-flamenco-seville-2026-perlas-a-millares.html#breadcrumb","itemListElement":[{"@type":"ListItem","position":1,"name":"Home","item":"https:\/\/www.tablaosflamencos.com\/fr"},{"@type":"ListItem","position":2,"name":"Carmen Linares cl\u00f4turera la Biennale 2026 : Perlas a millares"}]},{"@type":"WebSite","@id":"https:\/\/www.tablaosflamencos.com\/fr#website","url":"https:\/\/www.tablaosflamencos.com\/fr","name":"Tablaos Flamencos","description":"Entradas para tablaos flamencos de Espa\u00f1a","publisher":{"@id":"https:\/\/www.tablaosflamencos.com\/fr#organization"},"alternateName":"Tablaos Flamencos","potentialAction":[{"@type":"SearchAction","target":{"@type":"EntryPoint","urlTemplate":"https:\/\/www.tablaosflamencos.com\/fr?s={search_term_string}"},"query-input":{"@type":"PropertyValueSpecification","valueRequired":true,"valueName":"search_term_string"}}],"inLanguage":"fr-FR"},{"@type":["Organization","Place","EntertainmentBusiness"],"@id":"https:\/\/www.tablaosflamencos.com\/fr#organization","name":"Tablaos Flamencos","alternateName":"Tablaos Flamencos","url":"https:\/\/www.tablaosflamencos.com\/fr","logo":{"@id":"https:\/\/www.tablaosflamencos.com\/fr\/carmen-linares-biennale-flamenco-seville-2026-perlas-a-millares.html#local-main-organization-logo"},"image":{"@id":"https:\/\/www.tablaosflamencos.com\/fr\/carmen-linares-biennale-flamenco-seville-2026-perlas-a-millares.html#local-main-organization-logo"},"sameAs":["https:\/\/www.facebook.com\/tablaosflamencos","https:\/\/x.com\/tablaosflamenco","https:\/\/mastodon.social\/@tablaosflamencos","https:\/\/www.instagram.com\/tablaosflamencos","https:\/\/tiktok.com\/@tablaosflamencos","https:\/\/www.linkedin.com\/company\/109408238\/"],"description":"Venta de entradas para espect\u00e1culos flamencos","legalName":"Tablaos Flamencos","foundingDate":"2015-01-01","numberOfEmployees":{"@type":"QuantitativeValue","minValue":"1","maxValue":"10"},"address":{"@id":"https:\/\/www.tablaosflamencos.com\/fr\/carmen-linares-biennale-flamenco-seville-2026-perlas-a-millares.html#local-main-place-address"},"geo":{"@type":"GeoCoordinates","latitude":"37.3868072","longitude":"-5.993280299999999"},"telephone":["+34623787787"],"contactPoint":{"@type":"ContactPoint","telephone":"+34623787787","email":"info@tablaosflamencos.com"},"openingHoursSpecification":{"@type":"OpeningHoursSpecification","dayOfWeek":["Monday","Tuesday","Wednesday","Thursday","Friday","Saturday","Sunday"],"opens":"00:00","closes":"23:59"},"email":"info@tablaosflamencos.com","priceRange":"$$$","currenciesAccepted":"\u20ac"},{"@type":"Person","@id":"https:\/\/www.tablaosflamencos.com\/fr#\/schema\/person\/e7a9ebe14eb75a52ceabfbffb3c54f5d","name":"Miguel Ortiz","description":"Miguel Ortiz es un empresario flamenco, con una s\u00f3lida trayectoria dentro del sector. Ha presidido entidades culturales vinculadas al flamenco y, cuenta con un amplio recorrido profesional en la gesti\u00f3n y promoci\u00f3n de espect\u00e1culos y tablaos flamencos. Su pasi\u00f3n por la historia y el arte flamenco se refleja en cada art\u00edculo, donde combina experiencia, criterio y un profundo respeto por la tradici\u00f3n.","sameAs":["https:\/\/www.tablaosflamencos.com","https:\/\/www.instagra.com\/miguelortizfe","https:\/\/www.linkedin.com\/in\/miguelortizf\/"],"birthDate":"1984-11-22","gender":"hombre","knowsLanguage":["espa\u00f1ol","ingl\u00e9s"],"jobTitle":"Empresario flamenco"},{"@type":"PostalAddress","@id":"https:\/\/www.tablaosflamencos.com\/fr\/carmen-linares-biennale-flamenco-seville-2026-perlas-a-millares.html#local-main-place-address","streetAddress":"C\/ Alemanes, 19","addressLocality":"Sevilla","postalCode":"41004","addressRegion":"Sevilla","addressCountry":"ES"},{"@type":"ImageObject","inLanguage":"fr-FR","@id":"https:\/\/www.tablaosflamencos.com\/fr\/carmen-linares-biennale-flamenco-seville-2026-perlas-a-millares.html#local-main-organization-logo","url":"https:\/\/www.tablaosflamencos.com\/wp-content\/uploads\/tablaos-flamencos-06-3.webp","contentUrl":"https:\/\/www.tablaosflamencos.com\/wp-content\/uploads\/tablaos-flamencos-06-3.webp","width":600,"height":620,"caption":"Tablaos Flamencos"}]},"geo.placename":"Sevilla","geo.position":{"lat":"37.3868072","long":"-5.993280299999999"},"geo.region":"Espagne"},"_links":{"self":[{"href":"https:\/\/www.tablaosflamencos.com\/fr\/wp-json\/wp\/v2\/posts\/14107","targetHints":{"allow":["GET"]}}],"collection":[{"href":"https:\/\/www.tablaosflamencos.com\/fr\/wp-json\/wp\/v2\/posts"}],"about":[{"href":"https:\/\/www.tablaosflamencos.com\/fr\/wp-json\/wp\/v2\/types\/post"}],"author":[{"embeddable":true,"href":"https:\/\/www.tablaosflamencos.com\/fr\/wp-json\/wp\/v2\/users\/1"}],"replies":[{"embeddable":true,"href":"https:\/\/www.tablaosflamencos.com\/fr\/wp-json\/wp\/v2\/comments?post=14107"}],"version-history":[{"count":2,"href":"https:\/\/www.tablaosflamencos.com\/fr\/wp-json\/wp\/v2\/posts\/14107\/revisions"}],"predecessor-version":[{"id":14125,"href":"https:\/\/www.tablaosflamencos.com\/fr\/wp-json\/wp\/v2\/posts\/14107\/revisions\/14125"}],"wp:featuredmedia":[{"embeddable":true,"href":"https:\/\/www.tablaosflamencos.com\/fr\/wp-json\/wp\/v2\/media\/14103"}],"wp:attachment":[{"href":"https:\/\/www.tablaosflamencos.com\/fr\/wp-json\/wp\/v2\/media?parent=14107"}],"wp:term":[{"taxonomy":"category","embeddable":true,"href":"https:\/\/www.tablaosflamencos.com\/fr\/wp-json\/wp\/v2\/categories?post=14107"},{"taxonomy":"post_tag","embeddable":true,"href":"https:\/\/www.tablaosflamencos.com\/fr\/wp-json\/wp\/v2\/tags?post=14107"}],"curies":[{"name":"wp","href":"https:\/\/api.w.org\/{rel}","templated":true}]}}