{"id":14032,"date":"2026-09-01T12:18:55","date_gmt":"2026-09-01T10:18:55","guid":{"rendered":"https:\/\/www.tablaosflamencos.com\/?p=14032"},"modified":"2026-09-02T12:13:48","modified_gmt":"2026-09-02T10:13:48","slug":"grandes-premieres-biennale-flamenco-seville-2026","status":"publish","type":"post","link":"https:\/\/www.tablaosflamencos.com\/fr\/grandes-premieres-biennale-flamenco-seville-2026.html","title":{"rendered":"Les grandes premi\u00e8res de la Biennale de Flamenco de S\u00e9ville 2026"},"content":{"rendered":"<section class=\"l-section wpb_row height_huge\"><div class=\"l-section-h i-cf\"><div class=\"g-cols vc_row via_flex valign_top type_default stacking_default\"><div class=\"vc_col-sm-12 wpb_column vc_column_container\"><div class=\"vc_column-inner\"><div class=\"wpb_wrapper\"><div class=\"wpb_text_column\"><div class=\"wpb_wrapper\"><h2>Les grandes premi\u00e8res de la Biennale de Flamenco de S\u00e9ville 2026<\/h2>\n<p>Le <strong>XXIVe Biennale de Flamenco de S\u00e9ville<\/strong>, qui se tiendra le <strong>9 septembre au 3 octobre 2026<\/strong>, transforme une fois de plus la ville en un grand laboratoire de cr\u00e9ation. Au-del\u00e0 de r\u00e9unir des personnalit\u00e9s confirm\u00e9es, l&rsquo;une des caract\u00e9ristiques de la Biennale est de servir de point de d\u00e9part \u00e0 des \u0153uvres n\u00e9es \u00e0 S\u00e9ville et qui pourront ensuite parcourir les festivals et les th\u00e9\u00e2tres du monde entier.<\/p>\n<p>Le nombre de premi\u00e8res a \u00e9volu\u00e9 au fur et \u00e0 mesure de la fermeture de la programmation. En f\u00e9vrier, lors de la premi\u00e8re pr\u00e9sentation, l&rsquo;organisation a parl\u00e9 de <strong>22 premi\u00e8res mondiales<\/strong>. Le 18 ao\u00fbt, elle a publi\u00e9 une mise \u00e0 jour sp\u00e9cifique qui pla\u00e7ait le bilan \u00e0 <strong>20 premi\u00e8res mondiales<\/strong>. Et la programmation actuelle introduit une nuance importante : <em>Babel. Torre viva.<\/em>, de David Coria, appara\u00eet d\u00e9sormais comme <strong>premi\u00e8re espagnole<\/strong>, tandis que l&rsquo;atelier familial <em>Tirititr\u00e1n<\/em>, dans le cadre des activit\u00e9s parall\u00e8les de CaixaForum, appara\u00eet comme <strong>premi\u00e8re mondiale<\/strong>.<\/p>\n<p>Par cons\u00e9quent, pour ce guide, nous prenons comme r\u00e9f\u00e9rence le <strong>classement qui figure actuellement dans les fiches officielles<\/strong>: 20 premi\u00e8res mondiales si la programmation g\u00e9n\u00e9rale de la sc\u00e8ne et <em>Tirititr\u00e1n<\/em>, ainsi que la premi\u00e8re espagnole de David Coria.<\/p>\n<p><strong>Derni\u00e8re mise \u00e0 jour :<\/strong> 1er septembre 2026. Les fiches, les horaires et les disponibilit\u00e9s peuvent encore changer ; consultez donc la programmation officielle avant d\u2019acheter vos billets.<\/p>\n<\/div><\/div><\/div><\/div><\/div><\/div><\/div><\/section><section class=\"l-section wpb_row height_huge color_alternate with_shape\"><div class=\"l-section-shape type_zigzag pos_top hor_flip\" style=\"height:3vmin;\"><svg xmlns=\"http:\/\/www.w3.org\/2000\/svg\" viewBox=\"0 0 64 8\" preserveAspectRatio=\"none\" width=\"100%\" height=\"100%\">\r\n\t<path fill=\"currentColor\" d=\"M64 8 L0 8 L0 0 L20 7.9 L40 3 L48 5 L64 0 Z\"\/>\r\n<\/svg><\/div><div class=\"l-section-shape type_zigzag pos_bottom\" style=\"height:3vmin;\"><svg xmlns=\"http:\/\/www.w3.org\/2000\/svg\" viewBox=\"0 0 64 8\" preserveAspectRatio=\"none\" width=\"100%\" height=\"100%\">\r\n\t<path fill=\"currentColor\" d=\"M64 8 L0 8 L0 0 L20 7.9 L40 3 L48 5 L64 0 Z\"\/>\r\n<\/svg><\/div><div class=\"l-section-h i-cf\"><div class=\"g-cols vc_row via_flex valign_top type_default stacking_default\"><div class=\"vc_col-sm-12 wpb_column vc_column_container\"><div class=\"vc_column-inner\"><div class=\"wpb_wrapper\"><div class=\"wpb_text_column\"><div class=\"wpb_wrapper\"><blockquote>\n<p><strong>R\u00e9ponse rapide\u00a0:<\/strong> les grandes premi\u00e8res de la Biennale de Flamenco 2026 commencent d\u00e8s le premier week-end avec <em>Infinita<\/em> par Sara Baras, <em>Menos es m\u00e1s<\/em> de La Tremendita, <em>Fractal Arcano<\/em> de Dorantes, <em>La misma sangre del cuerpo<\/em> d&rsquo;\u00c1ngeles Toledano et <em>Rapsodia. Fantas\u00eda subterr\u00e1nea<\/em> par Ana Morales. Ensuite, entre autres, arriveront Rafael Riqueni et Tim Ries, Olga Pericet, Andr\u00e9s Mar\u00edn, Israel et Pastora Galv\u00e1n, Farruquito, Sara Jim\u00e9nez, Alfonso Losa et Sandra Carrasco avec David de Arahal. La programmation actuelle ajoute \u00e9galement <em>Tirititr\u00e1n<\/em> comme une premi\u00e8re familiale absolue et classe <em>Babel. Torre viva.<\/em>, de David Coria, en premi\u00e8re espagnole.<\/p>\n<\/blockquote>\n<\/div><\/div><div class=\"w-separator size_medium\"><\/div><div class=\"w-hwrapper valign_top wrap stack_on_mobiles align_center\" style=\"--hwrapper-gap:1.2rem\"><div class=\"w-btn-wrapper align_none\"><a class=\"w-btn us-btn-style_1\" href=\"https:\/\/www.tablaosflamencos.com\/fr\/biennale-flamenco-seville-2026.html\"><span class=\"w-btn-label\">Guide complet de la Biennale 2026<\/span><\/a><\/div><div class=\"w-btn-wrapper align_none\"><a class=\"w-btn us-btn-style_1\" href=\"https:\/\/www.tablaosflamencos.com\/fr\/que-voir-premier-week-end-biennale-flamenco-seville-2026.html\"><span class=\"w-btn-label\">Premier week-end de la Biennale<\/span><\/a><\/div><div class=\"w-btn-wrapper align_none\"><a class=\"w-btn us-btn-style_1\" target=\"_blank\" href=\"https:\/\/www.labienal.com\/programa-general\"><span class=\"w-btn-label\">Programmation officielle<\/span><\/a><\/div><\/div><\/div><\/div><\/div><\/div><\/div><\/section><section class=\"l-section wpb_row height_huge\"><div class=\"l-section-h i-cf\"><div class=\"g-cols vc_row via_flex valign_top type_default stacking_default\"><div class=\"vc_col-sm-12 wpb_column vc_column_container\"><div class=\"vc_column-inner\"><div class=\"wpb_wrapper\"><div class=\"wpb_text_column\"><div class=\"wpb_wrapper\"><h2>Pourquoi les premi\u00e8res sont l\u2019une des cl\u00e9s de la Biennale<\/h2>\n<p>Une Biennale ne se limite pas \u00e0 rassembler de bons spectacles existants. Une partie de son prestige r\u00e9side dans <strong>cr\u00e9ation de cause<\/strong>: commander, coproduire, soutenir ou accueillir de nouveaux projets et leur offrir un cadre dans lequel artistes, critiques, programmateurs et amateurs les d\u00e9couvrent en m\u00eame temps.<\/p>\n<p>Une premi\u00e8re mondiale apporte un \u00e9l\u00e9ment absent d\u2019une \u0153uvre d\u00e9j\u00e0 bien rod\u00e9e : il n\u2019existe encore ni critique \u00e9tablie, ni r\u00e9action g\u00e9n\u00e9rale du public, ni vaste collection de vid\u00e9os permettant d\u2019anticiper pr\u00e9cis\u00e9ment ce qui se passera sur sc\u00e8ne. Le spectateur assiste \u00e0 la naissance de la pi\u00e8ce.<\/p>\n<p>En 2026, cette cr\u00e9ation se r\u00e9partit dans des lieux tr\u00e8s diff\u00e9rents. Le Teatro de la Maestranza accueille les grandes productions ; le Teatro Central est un territoire de recherche ; le Teatro Lope de Vega retrouve son r\u00f4le historique au sein de la Biennale ; la Real F\u00e1brica de Artiller\u00eda ouvre des possibilit\u00e9s sc\u00e9niques li\u00e9es \u00e0 son architecture ; le Teatro Alameda r\u00e9unit de nouvelles voix et de nouveaux langages chor\u00e9graphiques ; l\u2019Espacio Turina renforce la guitare flamenca et la cr\u00e9ation instrumentale ; le Real Alc\u00e1zar inscrit le cante dans le patrimoine ; et CaixaForum ajoute une dimension familiale.<\/p>\n<p>Si vous organisez un voyage autour de la <a href=\"https:\/\/www.tablaosflamencos.com\/bienal-flamenco-sevilla-2026.html\"><strong>Biennale de Flamenco de S\u00e9ville 2026<\/strong><\/a>, le programme vaut la peine d&rsquo;\u00eatre regard\u00e9 non seulement pour le nom de l&rsquo;artiste, mais aussi pour une question : <strong>quelles \u0153uvres peut-on voir ici pour la premi\u00e8re fois ?<\/strong><\/p>\n<\/div><\/div><\/div><\/div><\/div><\/div><\/div><\/section><section class=\"l-section wpb_row height_huge color_alternate with_shape\"><div class=\"l-section-shape type_zigzag pos_top hor_flip\" style=\"height:3vmin;\"><svg xmlns=\"http:\/\/www.w3.org\/2000\/svg\" viewBox=\"0 0 64 8\" preserveAspectRatio=\"none\" width=\"100%\" height=\"100%\">\r\n\t<path fill=\"currentColor\" d=\"M64 8 L0 8 L0 0 L20 7.9 L40 3 L48 5 L64 0 Z\"\/>\r\n<\/svg><\/div><div class=\"l-section-shape type_zigzag pos_bottom\" style=\"height:3vmin;\"><svg xmlns=\"http:\/\/www.w3.org\/2000\/svg\" viewBox=\"0 0 64 8\" preserveAspectRatio=\"none\" width=\"100%\" height=\"100%\">\r\n\t<path fill=\"currentColor\" d=\"M64 8 L0 8 L0 0 L20 7.9 L40 3 L48 5 L64 0 Z\"\/>\r\n<\/svg><\/div><div class=\"l-section-h i-cf\"><div class=\"g-cols vc_row via_flex valign_top type_default stacking_default\"><div class=\"vc_col-sm-12 wpb_column vc_column_container\"><div class=\"vc_column-inner\"><div class=\"wpb_wrapper\"><div class=\"wpb_text_column\"><div class=\"wpb_wrapper\"><h2>Les 20 premi\u00e8res mondiales de la Biennale 2026, une \u00e0 une<\/h2>\n<div style=\"overflow-x: auto;\">\n<table>\n<thead>\n<tr>\n<th>Date<\/th>\n<th>Heure<\/th>\n<th>Artiste \/ activit\u00e9<\/th>\n<th>Spectacle<\/th>\n<th>Lieu<\/th>\n<th>Type<\/th>\n<\/tr>\n<\/thead>\n<tbody>\n<tr>\n<td>11-13 septembre<\/td>\n<td>Plusieurs s\u00e9ances<\/td>\n<td>Atelier flamenco familial<\/td>\n<td><em>Tirititr\u00e1n<\/em><\/td>\n<td>CaixaForum<\/td>\n<td>Premi\u00e8re mondiale \u00b7 activit\u00e9 gratuite<\/td>\n<\/tr>\n<tr>\n<td>11-13 septembre<\/td>\n<td>20h00<\/td>\n<td>Sara Baras<\/td>\n<td><em>Infinita<\/em><\/td>\n<td>Teatro de la Maestranza<\/td>\n<td>Premi\u00e8re mondiale<\/td>\n<\/tr>\n<tr>\n<td>11 septembre<\/td>\n<td>22:30<\/td>\n<td>Rosario La Tremendita<\/td>\n<td><em>Menos es m\u00e1s<\/em><\/td>\n<td>Teatro Central<\/td>\n<td>Premi\u00e8re mondiale<\/td>\n<\/tr>\n<tr>\n<td>12 septembre<\/td>\n<td>20h00<\/td>\n<td>Dorantes<\/td>\n<td><em>Fractal Arcano<\/em><\/td>\n<td>Teatro Lope de Vega<\/td>\n<td>Premi\u00e8re mondiale<\/td>\n<\/tr>\n<tr>\n<td>12 septembre<\/td>\n<td>22:30<\/td>\n<td>\u00c1ngeles Toledano<\/td>\n<td><em>La misma sangre del cuerpo<\/em><\/td>\n<td>Teatro Alameda<\/td>\n<td>Premi\u00e8re mondiale<\/td>\n<\/tr>\n<tr>\n<td>13-14 septembre<\/td>\n<td>21h00<\/td>\n<td>Ana Morales<\/td>\n<td><em>Rapsodia. Fantas\u00eda subterr\u00e1nea<\/em><\/td>\n<td>Real F\u00e1brica de Artiller\u00eda<\/td>\n<td>Premi\u00e8re mondiale<\/td>\n<\/tr>\n<tr>\n<td>14 septembre<\/td>\n<td>22:30<\/td>\n<td>Macarena L\u00f3pez<\/td>\n<td><em>Sobre todas las cosas<\/em><\/td>\n<td>Teatro Alameda<\/td>\n<td>Premi\u00e8re mondiale<\/td>\n<\/tr>\n<tr>\n<td>15 septembre<\/td>\n<td>21:30<\/td>\n<td>Rancapino Chico<\/td>\n<td><em>Pizarra<\/em><\/td>\n<td>Real Alc\u00e1zar<\/td>\n<td>Premi\u00e8re mondiale<\/td>\n<\/tr>\n<tr>\n<td>19 septembre<\/td>\n<td>19h00<\/td>\n<td>Mar\u00eda Mar\u00edn<\/td>\n<td><em>Las Tres Mar\u00edas<\/em><\/td>\n<td>Espacio Turina<\/td>\n<td>Premi\u00e8re mondiale<\/td>\n<\/tr>\n<tr>\n<td>21\u00a0septembre<\/td>\n<td>20h00<\/td>\n<td>Rafael Riqueni &amp; Tim Ries<\/td>\n<td><em>Tunisia<\/em><\/td>\n<td>Teatro Lope de Vega<\/td>\n<td>Premi\u00e8re mondiale<\/td>\n<\/tr>\n<tr>\n<td>21\u00a0septembre<\/td>\n<td>22:30<\/td>\n<td>Olga Pericet<\/td>\n<td><em>Perspectiva sobre un baile sonoro<\/em><\/td>\n<td>Teatro Central<\/td>\n<td>Premi\u00e8re mondiale<\/td>\n<\/tr>\n<tr>\n<td>23 septembre<\/td>\n<td>21h00<\/td>\n<td>Pablo Mart\u00edn Caminero con Mar\u00eda Moreno<\/td>\n<td><em>Trilog\u00eda. Al baile<\/em><\/td>\n<td>Real F\u00e1brica de Artiller\u00eda<\/td>\n<td>Premi\u00e8re mondiale<\/td>\n<\/tr>\n<tr>\n<td>23 septembre<\/td>\n<td>22:30<\/td>\n<td>Juan Tom\u00e1s de la Mol\u00eda &amp; \u00c1gueda Saavedra<\/td>\n<td><em>Te atrevo<\/em><\/td>\n<td>Teatro Central<\/td>\n<td>Premi\u00e8re mondiale<\/td>\n<\/tr>\n<tr>\n<td>25 septembre<\/td>\n<td>22:30<\/td>\n<td>Andr\u00e9s Mar\u00edn<\/td>\n<td><em>Desierto<\/em><\/td>\n<td>Teatro Central<\/td>\n<td>Premi\u00e8re mondiale<\/td>\n<\/tr>\n<tr>\n<td>26 septembre<\/td>\n<td>20h00<\/td>\n<td>Israel Galv\u00e1n<\/td>\n<td><em>Bolero de blanco y negro<\/em><\/td>\n<td>Teatro de la Maestranza<\/td>\n<td>Premi\u00e8re mondiale<\/td>\n<\/tr>\n<tr>\n<td>26 septembre<\/td>\n<td>22:30<\/td>\n<td>Pastora Galv\u00e1n<\/td>\n<td><em>TRIBUsssh!<\/em><\/td>\n<td>Teatro Alameda<\/td>\n<td>Premi\u00e8re mondiale<\/td>\n<\/tr>\n<tr>\n<td>28\u00a0septembre<\/td>\n<td>20h00<\/td>\n<td>Farruquito<\/td>\n<td><em>Ser\u00e1s Farruquito: el musical<\/em><\/td>\n<td>Teatro de la Maestranza<\/td>\n<td>Premi\u00e8re mondiale<\/td>\n<\/tr>\n<tr>\n<td>29 septembre<\/td>\n<td>22:30<\/td>\n<td>Sara Jim\u00e9nez en Compa\u00f1\u00eda<\/td>\n<td><em>La compa\u00f1\u00eda<\/em><\/td>\n<td>Teatro Central<\/td>\n<td>Premi\u00e8re mondiale<\/td>\n<\/tr>\n<tr>\n<td>2 octobre<\/td>\n<td>20h00<\/td>\n<td>Alfonso Losa<\/td>\n<td><em>Gesto m\u00ednimo<\/em><\/td>\n<td>Teatro Lope de Vega<\/td>\n<td>Premi\u00e8re mondiale<\/td>\n<\/tr>\n<tr>\n<td>2 octobre<\/td>\n<td>22:30<\/td>\n<td>Sandra Carrasco &amp; David de Arahal<\/td>\n<td><em>Poema de la libertad<\/em><\/td>\n<td>Teatro Central<\/td>\n<td>Premi\u00e8re mondiale<\/td>\n<\/tr>\n<\/tbody>\n<\/table>\n<\/div>\n<p><small>Classement \u00e9tabli \u00e0 partir des fiches officielles en vigueur au 1er septembre 2026. Les trois journ\u00e9es de <em>Tirititr\u00e1n<\/em> correspondent \u00e0 plusieurs s\u00e9ances d\u2019une m\u00eame premi\u00e8re mondiale.<\/small><\/p>\n<\/div><\/div><\/div><\/div><\/div><\/div><\/div><\/section><section class=\"l-section wpb_row height_huge\"><div class=\"l-section-h i-cf\"><div class=\"g-cols vc_row via_flex valign_top type_default stacking_default\"><div class=\"vc_col-sm-12 wpb_column vc_column_container\"><div class=\"vc_column-inner\"><div class=\"wpb_wrapper\"><div class=\"wpb_text_column\"><div class=\"wpb_wrapper\"><h2>Et une premi\u00e8re espagnole : Babel. Torre viva. de David Coria<\/h2>\n<p>La situation de <strong>David Coria<\/strong> m\u00e9rite une explication car c&rsquo;est la principale source de confusion entre les diff\u00e9rentes communications de la Biennale. Dans une information publi\u00e9e le 18 ao\u00fbt, <em>Babel. Torre viva.<\/em> est apparu au sein du bloc nouvelles cr\u00e9ations de l&rsquo;\u00e9dition. Cependant, le fiche officielle actuel de l&rsquo;\u00e9mission l&rsquo;identifie comme <strong>premi\u00e8re espagnole<\/strong> et \u00e9tablit sa repr\u00e9sentation pour le <strong>29 septembre \u00e0 20h00<\/strong> au Teatro Lope de Vega.<\/p>\n<p>Une premi\u00e8re mondiale est la premi\u00e8re pr\u00e9sentation publique d\u2019une \u0153uvre, o\u00f9 que ce soit. Une premi\u00e8re espagnole signifie que le spectacle a d\u00e9j\u00e0 pu \u00eatre repr\u00e9sent\u00e9 hors d\u2019Espagne et qu\u2019il est pr\u00e9sent\u00e9 pour la premi\u00e8re fois dans le pays. Cette distinction n\u2019enl\u00e8ve rien \u00e0 l\u2019int\u00e9r\u00eat du projet : Coria part du mythe de la tour de Babel pour aborder les fractures, les langages, la coexistence et les possibilit\u00e9s de rencontre \u00e0 travers un langage physique et chor\u00e9graphique contemporain.<\/p>\n<p>Le classement actuel est particuli\u00e8rement utile, car certains articles et documents ant\u00e9rieurs peuvent encore pr\u00e9senter <em>Babel. Torre viva.<\/em> comme une premi\u00e8re mondiale. Dans ce guide pr\u00e9vaut toujours <strong>fiche officielle le plus r\u00e9cent<\/strong>.<\/p>\n<\/div><\/div><\/div><\/div><\/div><\/div><\/div><\/section><section class=\"l-section wpb_row height_huge color_alternate with_shape\"><div class=\"l-section-shape type_zigzag pos_top hor_flip\" style=\"height:3vmin;\"><svg xmlns=\"http:\/\/www.w3.org\/2000\/svg\" viewBox=\"0 0 64 8\" preserveAspectRatio=\"none\" width=\"100%\" height=\"100%\">\r\n\t<path fill=\"currentColor\" d=\"M64 8 L0 8 L0 0 L20 7.9 L40 3 L48 5 L64 0 Z\"\/>\r\n<\/svg><\/div><div class=\"l-section-shape type_zigzag pos_bottom\" style=\"height:3vmin;\"><svg xmlns=\"http:\/\/www.w3.org\/2000\/svg\" viewBox=\"0 0 64 8\" preserveAspectRatio=\"none\" width=\"100%\" height=\"100%\">\r\n\t<path fill=\"currentColor\" d=\"M64 8 L0 8 L0 0 L20 7.9 L40 3 L48 5 L64 0 Z\"\/>\r\n<\/svg><\/div><div class=\"l-section-h i-cf\"><div class=\"g-cols vc_row via_flex valign_top type_default stacking_default\"><div class=\"vc_col-sm-12 wpb_column vc_column_container\"><div class=\"vc_column-inner\"><div class=\"wpb_wrapper\"><div class=\"wpb_text_column\"><div class=\"wpb_wrapper\"><h2>Le premier week-end concentre cinq grandes premi\u00e8res sc\u00e9niques<\/h2>\n<p>La premi\u00e8re grande vague arrive entre le 11 et le 14 septembre. Sara Baras revient \u00e0 la Biennale apr\u00e8s quatorze ans avec <strong><em>Infinita<\/em><\/strong>, cr\u00e9\u00e9 pour l&rsquo;\u00e9dition et articul\u00e9 autour de huit perspectives f\u00e9minines symboliquement li\u00e9es aux huit provinces andalouses. Ses trois repr\u00e9sentations \u00e0 la Maestranza font du retour de la danseuse l&rsquo;un des grands \u00e9v\u00e9nements de la rentr\u00e9e.<\/p>\n<p>Ce m\u00eame vendredi 11, Rosario La Tremendita est cr\u00e9\u00e9e au Teatro Central <strong><em>Menos es m\u00e1s<\/em><\/strong>. Chant, basse, guitare, batterie et claviers construisent une proposition ouverte \u00e0 la recherche et au dialogue avec d&rsquo;autres langages musicaux. Le samedi 12, Dorantes pr\u00e9sente <strong><em>Fractal Arcano<\/em><\/strong> aux premi\u00e8res de Lope de Vega et \u00c1ngeles Toledano <strong><em>La misma sangre del cuerpo<\/em><\/strong> dans l&rsquo;Alameda.<\/p>\n<p>Dimanche 13 et lundi 14, Ana Morales occupe la Real F\u00e1brica de Artiller\u00eda avec <strong><em>Rapsodia. Fantas\u00eda subterr\u00e1nea<\/em><\/strong>, une cr\u00e9ation li\u00e9e \u00e0 une S\u00e9ville souterraine, historique et imaginaire et sous la direction musicale de Ni\u00f1o de Elche. Leurs repr\u00e9sentations affichaient complet avant le d\u00e9but du festival.<\/p>\n<p>A ces premi\u00e8res sc\u00e9niques s&rsquo;ajoute <strong><em>Tirititr\u00e1n<\/em><\/strong>, la proposition familiale gratuite de CaixaForum, que la programmation officielle qualifie \u00e9galement de premi\u00e8re mondiale et qui a lieu les 11, 12 et 13 avec des s\u00e9ances diff\u00e9rentes.<\/p>\n<p>Pour commander tous les matchs de ces journ\u00e9es vous pouvez consulter notre guide <a href=\"https:\/\/www.tablaosflamencos.com\/primer-fin-semana-bienal-flamenco-sevilla-2026.html\"><strong>que voir le premier week-end de la Biennale 2026<\/strong><\/a>.<\/p>\n<\/div><\/div><\/div><\/div><\/div><\/div><\/div><\/section><section class=\"l-section wpb_row height_huge\"><div class=\"l-section-h i-cf\"><div class=\"g-cols vc_row via_flex valign_top type_default stacking_default\"><div class=\"vc_col-sm-12 wpb_column vc_column_container\"><div class=\"vc_column-inner\"><div class=\"wpb_wrapper\"><div class=\"wpb_text_column\"><div class=\"wpb_wrapper\"><h2>Du chant d&rsquo;archives aux nouvelles voix<\/h2>\n<p>Le chapitre sur le chant montre que d\u00e9buter ne signifie pas n\u00e9cessairement rompre avec la tradition. <strong>Rancapino Chico<\/strong> sera pr\u00e9sent\u00e9 le 15 septembre au Real Alc\u00e1zar <strong><em>Pizarra<\/em><\/strong>, un r\u00e9cital inspir\u00e9 des vieux disques 78 tours et de la m\u00e9moire sonore de ma\u00eetres comme Tom\u00e1s Pav\u00f3n ou Manuel Torre. C&rsquo;est une premi\u00e8re qui revient sur le pass\u00e9 pour construire une lecture actuelle des sources du chant.<\/p>\n<p>\u00c0 l\u2019autre extr\u00eame g\u00e9n\u00e9rationnel, <strong>\u00c1ngeles Toledano<\/strong> convertit l&rsquo;univers de son travail discographique et sa relation avec le chant traditionnel en mat\u00e9riel sc\u00e9nique pour <em>La misma sangre del cuerpo<\/em>. La Tremendita, quant \u00e0 elle, utilise la racine comme point de d\u00e9part d&rsquo;une architecture musicale beaucoup plus ouverte.<\/p>\n<p>Le 2 octobre, <strong>Sandra Carrasco et David de Arahal<\/strong> fermera cette tourn\u00e9e avec <strong><em>Poema de la libertad<\/em><\/strong>. Le projet prend Pepe Marchena comme r\u00e9f\u00e9rence \u00e0 l&rsquo;occasion du 50e anniversaire de sa mort et passe en revue son h\u00e9ritage de la relation entre le chant et la guitare, revendiquant la libert\u00e9 cr\u00e9ative qui accompagnait l&rsquo;une des figures fondamentales de ce que l&rsquo;on appelle l&rsquo;Op\u00e9ra Flamenco.<\/p>\n<p>Ce contexte historique peut \u00eatre d\u00e9velopp\u00e9 dans notre guide sur <a href=\"https:\/\/www.tablaosflamencos.com\/la-noche-azul-opera-flamenca-bienal-sevilla-2026.html\"><strong>La nuit bleue et le temps de l&rsquo;Op\u00e9ra Flamenco<\/strong><\/a>.<\/p>\n<\/div><\/div><\/div><\/div><\/div><\/div><\/div><\/section><section class=\"l-section wpb_row height_huge color_alternate with_shape\"><div class=\"l-section-shape type_zigzag pos_top hor_flip\" style=\"height:3vmin;\"><svg xmlns=\"http:\/\/www.w3.org\/2000\/svg\" viewBox=\"0 0 64 8\" preserveAspectRatio=\"none\" width=\"100%\" height=\"100%\">\r\n\t<path fill=\"currentColor\" d=\"M64 8 L0 8 L0 0 L20 7.9 L40 3 L48 5 L64 0 Z\"\/>\r\n<\/svg><\/div><div class=\"l-section-shape type_zigzag pos_bottom\" style=\"height:3vmin;\"><svg xmlns=\"http:\/\/www.w3.org\/2000\/svg\" viewBox=\"0 0 64 8\" preserveAspectRatio=\"none\" width=\"100%\" height=\"100%\">\r\n\t<path fill=\"currentColor\" d=\"M64 8 L0 8 L0 0 L20 7.9 L40 3 L48 5 L64 0 Z\"\/>\r\n<\/svg><\/div><div class=\"l-section-h i-cf\"><div class=\"g-cols vc_row via_flex valign_top type_default stacking_default\"><div class=\"vc_col-sm-12 wpb_column vc_column_container\"><div class=\"vc_column-inner\"><div class=\"wpb_wrapper\"><div class=\"wpb_text_column\"><div class=\"wpb_wrapper\"><h2>La cr\u00e9ation tactile et instrumentale \u00e9largit la carte<\/h2>\n<p>Le <strong>19 septembre<\/strong>, Mar\u00eda Mar\u00edn pr\u00e9sentera <strong><em>Las Tres Mar\u00edas<\/em><\/strong> dans l&rsquo;Espacio Turina. Guitariste, chanteur et compositeur, Mar\u00edn \u00e9volue entre tradition flamenco, musique populaire et exp\u00e9rimentation contemporaine, avec une production musicale de Ra\u00fal Cantizano.<\/p>\n<p>Deux jours plus tard, Lope de Vega r\u00e9unira <strong>Rafael Riqueni et Tim Ries<\/strong> fr <strong><em>Tunisia<\/em><\/strong>. La guitare du maestro de Triana dialoguera avec les saxophones et la fl\u00fbte du musicien am\u00e9ricain dans un projet qui croise flamenco, jazz, improvisation et libert\u00e9 musicale.<\/p>\n<p>Dorantes ouvre ce territoire quelques jours avant avec <em>Fractal Arcano<\/em>, pla\u00e7ant le piano et les applaudissements au centre d&rsquo;une proposition particuli\u00e8rement raffin\u00e9e. Et la Real F\u00e1brica de Artiller\u00eda accueillera du 22 au 24 septembre le <strong><em>Trilog\u00eda<\/em> par Pablo Mart\u00edn Caminero<\/strong>. Les chapitres <em>Al toque<\/em> o <em>Al cante<\/em> cadre la premi\u00e8re mondiale de <strong><em>Trilog\u00eda. Al baile<\/em><\/strong>, avec Mar\u00eda Moreno, le 23 septembre.<\/p>\n<p>L\u2019essentiel est que la premi\u00e8re instrumentale de 2026 ne se limite pas \u00e0 la guitare solo : piano, contrebasse, saxophone, fl\u00fbte et autres sons \u00e9largissent le paysage musical de la Biennale.<\/p>\n<\/div><\/div><\/div><\/div><\/div><\/div><\/div><\/section><section class=\"l-section wpb_row height_huge\"><div class=\"l-section-h i-cf\"><div class=\"g-cols vc_row via_flex valign_top type_default stacking_default\"><div class=\"vc_col-sm-12 wpb_column vc_column_container\"><div class=\"vc_column-inner\"><div class=\"wpb_wrapper\"><div class=\"wpb_text_column\"><div class=\"wpb_wrapper\"><h2>Le Teatro Central, laboratoire de nouveaux langages<\/h2>\n<p>Le Teatro Central concentre une bonne partie des projets les plus li\u00e9s \u00e0 la recherche sc\u00e9nique. Le <strong>21 septembre<\/strong>, Olga Pericet pr\u00e9sentera <strong><em>Perspectiva sobre un baile sonoro<\/em><\/strong>, nom actuellement utilis\u00e9 par le fichier officiel. La proposition revisite sa propre m\u00e9moire corporelle et artistique et ouvre de nouvelles possibilit\u00e9s pour le r\u00e9cital de flamenco.<\/p>\n<p>Le <strong>23 septembre<\/strong>, <strong>Juan Tom\u00e1s de la Mol\u00eda et \u00c1gueda Saavedra<\/strong> sera publi\u00e9 <strong><em>Te atrevo<\/em><\/strong> sous la direction de Manuel Li\u00f1\u00e1n. Le <strong>25<\/strong> arrivera <strong>Andr\u00e9s Mar\u00edn<\/strong> avec <strong><em>Desierto<\/em><\/strong>, une \u0153uvre bas\u00e9e sur la m\u00e9moire po\u00e9tique de l&rsquo;Alameda de H\u00e9rcules et mettant en vedette Jos\u00e9 de la Tomasa comme artiste invit\u00e9.<\/p>\n<p>Le <strong>29 septembre<\/strong>, <strong>Sara Jim\u00e9nez en Compa\u00f1\u00eda<\/strong> sera pr\u00e9sent\u00e9 en premi\u00e8re <strong><em>La compa\u00f1\u00eda<\/em><\/strong>, une fable sc\u00e9nique qui m\u00e9lange l&rsquo;imagerie du flamenco, de la danse contemporaine, du th\u00e9\u00e2tre et du cirque pour r\u00e9fl\u00e9chir sur l&rsquo;identit\u00e9, la diff\u00e9rence et la place de l&rsquo;artiste.<\/p>\n<p>et le <strong>2 octobre<\/strong>, Sandra Carrasco et David de Arahal pr\u00e9senteront <em>Poema de la libertad<\/em>. Le Central nous permet ainsi de suivre, presque comme un festival dans le festival, certains des chemins les plus ouverts du flamenco contemporain.<\/p>\n<\/div><\/div><\/div><\/div><\/div><\/div><\/div><\/section><section class=\"l-section wpb_row height_huge color_alternate with_shape\"><div class=\"l-section-shape type_zigzag pos_top hor_flip\" style=\"height:3vmin;\"><svg xmlns=\"http:\/\/www.w3.org\/2000\/svg\" viewBox=\"0 0 64 8\" preserveAspectRatio=\"none\" width=\"100%\" height=\"100%\">\r\n\t<path fill=\"currentColor\" d=\"M64 8 L0 8 L0 0 L20 7.9 L40 3 L48 5 L64 0 Z\"\/>\r\n<\/svg><\/div><div class=\"l-section-shape type_zigzag pos_bottom\" style=\"height:3vmin;\"><svg xmlns=\"http:\/\/www.w3.org\/2000\/svg\" viewBox=\"0 0 64 8\" preserveAspectRatio=\"none\" width=\"100%\" height=\"100%\">\r\n\t<path fill=\"currentColor\" d=\"M64 8 L0 8 L0 0 L20 7.9 L40 3 L48 5 L64 0 Z\"\/>\r\n<\/svg><\/div><div class=\"l-section-h i-cf\"><div class=\"g-cols vc_row via_flex valign_top type_default stacking_default\"><div class=\"vc_col-sm-12 wpb_column vc_column_container\"><div class=\"vc_column-inner\"><div class=\"wpb_wrapper\"><div class=\"wpb_text_column\"><div class=\"wpb_wrapper\"><h2>Isra\u00ebl Galv\u00e1n, Pastora Galv\u00e1n et Farruquito : la grande section de danse<\/h2>\n<p>Le <strong>26 septembre<\/strong> concentre deux premi\u00e8res particuli\u00e8rement attractives pour ceux qui suivent la danse s\u00e9villane. \u00c0 20h00, au Th\u00e9\u00e2tre Maestranza, <strong>Israel Galv\u00e1n<\/strong> pr\u00e9sentera <strong><em>Bolero de blanco y negro<\/em><\/strong>, son approche de l&rsquo;univers de Maurice Ravel et du genre bol\u00e9ro.<\/p>\n<p>\u00c0 22h30, le Teatro Alameda recevra <strong>Pastora Galv\u00e1n<\/strong> avec <strong><em>TRIBUsssh!<\/em><\/strong>, une \u0153uvre qui met en dialogue sa personnalit\u00e9 sc\u00e9nique et la tradition de la danse f\u00e9minine s\u00e9villane avec un imaginaire musical plus large.<\/p>\n<p>Deux jours plus tard, le <strong>28 septembre<\/strong>, <strong>Farruquito<\/strong> sera pr\u00e9sent\u00e9 en premi\u00e8re au Teatro de la Maestranza <strong><em>Ser\u00e1s Farruquito: el musical<\/em><\/strong>. Le projet s&rsquo;\u00e9loigne du format conventionnel du r\u00e9cital et construit une biographie \u00e9motionnelle autour de son histoire personnelle, familiale et artistique, avec ses propres archives, un groupe de danse et une formation musicale approfondie.<\/p>\n<p>La tourn\u00e9e de danse se compl\u00e8te avec Macarena L\u00f3pez, Ana Morales, Olga Pericet, Andr\u00e9s Mar\u00edn, Sara Jim\u00e9nez, Alfonso Losa et la premi\u00e8re espagnole de David Coria, montrant \u00e0 quel point l&rsquo;\u00e9dition 2026 utilise le corps comme territoire de m\u00e9moire, de recherche et de cr\u00e9ation.<\/p>\n<\/div><\/div><\/div><\/div><\/div><\/div><\/div><\/section><section class=\"l-section wpb_row height_huge\"><div class=\"l-section-h i-cf\"><div class=\"g-cols vc_row via_flex valign_top type_default stacking_default\"><div class=\"vc_col-sm-12 wpb_column vc_column_container\"><div class=\"vc_column-inner\"><div class=\"wpb_wrapper\"><div class=\"wpb_text_column\"><div class=\"wpb_wrapper\"><h2>La cl\u00f4ture cr\u00e9atrice : Geste minimal et Po\u00e8me de libert\u00e9<\/h2>\n<p>Le <strong>2 octobre<\/strong>, un jour seulement avant la cl\u00f4ture, la Biennale concentrera deux premi\u00e8res mondiales tr\u00e8s diff\u00e9rentes.<\/p>\n<p>\u00c0 20h00 \u00e0 Lop\u00e9 de Vega, <strong>Alfonso Losa<\/strong> pr\u00e9sentera <strong><em>Gesto m\u00ednimo<\/em><\/strong>, une enqu\u00eate sur le corps comme espace de rencontre et l&rsquo;id\u00e9e d&rsquo;une \u00ab communaut\u00e9 dansante \u00bb. L&rsquo;\u0153uvre utilise de petits gestes chor\u00e9graphiques pour r\u00e9fl\u00e9chir sur la coexistence, la fragilit\u00e9 et la relation entre les corps.<\/p>\n<p>\u00c0 22h30 au Teatro Central, <strong>Sandra Carrasco et David de Arahal<\/strong> sera publi\u00e9 <strong><em>Poema de la libertad<\/em><\/strong>. La revue de l&rsquo;h\u00e9ritage de Pepe Marchena rejoint l&rsquo;un des grands fils historiques de cette \u00e9dition : le si\u00e8cle qui s&rsquo;est \u00e9coul\u00e9 depuis la consolidation de l&rsquo;Op\u00e9ra Flamenco comme ph\u00e9nom\u00e8ne sc\u00e9nique et populaire.<\/p>\n<p>Cette double cl\u00f4ture r\u00e9sume bien l&rsquo;ampleur du programme : une enqu\u00eate chor\u00e9graphique contemporaine et une relecture de la m\u00e9moire du chant cohabitent dans une m\u00eame nuit.<\/p>\n<\/div><\/div><\/div><\/div><\/div><\/div><\/div><\/section><section class=\"l-section wpb_row height_huge color_alternate with_shape\"><div class=\"l-section-shape type_zigzag pos_top hor_flip\" style=\"height:3vmin;\"><svg xmlns=\"http:\/\/www.w3.org\/2000\/svg\" viewBox=\"0 0 64 8\" preserveAspectRatio=\"none\" width=\"100%\" height=\"100%\">\r\n\t<path fill=\"currentColor\" d=\"M64 8 L0 8 L0 0 L20 7.9 L40 3 L48 5 L64 0 Z\"\/>\r\n<\/svg><\/div><div class=\"l-section-shape type_zigzag pos_bottom\" style=\"height:3vmin;\"><svg xmlns=\"http:\/\/www.w3.org\/2000\/svg\" viewBox=\"0 0 64 8\" preserveAspectRatio=\"none\" width=\"100%\" height=\"100%\">\r\n\t<path fill=\"currentColor\" d=\"M64 8 L0 8 L0 0 L20 7.9 L40 3 L48 5 L64 0 Z\"\/>\r\n<\/svg><\/div><div class=\"l-section-h i-cf\"><div class=\"g-cols vc_row via_flex valign_top type_default stacking_default\"><div class=\"vc_col-sm-12 wpb_column vc_column_container\"><div class=\"vc_column-inner\"><div class=\"wpb_wrapper\"><div class=\"wpb_text_column\"><div class=\"wpb_wrapper\"><h2>Comment choisir entre tant de premi\u00e8res<\/h2>\n<p>Si vous ne restez \u00e0 S\u00e9ville que pour un jour ou deux, essayer de rechercher \u00ab la meilleure premi\u00e8re \u00bb peut \u00eatre moins utile que de d\u00e9cider quel type de flamenco vous souhaitez voir.<\/p>\n<p>Si vous recherchez <strong>grand format et danse<\/strong>, Sara Baras, Israel Galv\u00e1n ou Farruquito sont des r\u00e9f\u00e9rences \u00e9videntes. Si vous \u00eates int\u00e9ress\u00e9 par <strong>recherche chor\u00e9graphique<\/strong>, regardez vers Ana Morales, Olga Pericet, Andr\u00e9s Mar\u00edn, Sara Jim\u00e9nez, Alfonso Losa ou David Coria. Pour <strong>chant et nouvelles voix<\/strong>, La Tremendita, \u00c1ngeles Toledano, Rancapino Chico ou Sandra Carrasco proposent des parcours tr\u00e8s diff\u00e9rents. Et si votre priorit\u00e9 est <strong>toucher et musique instrumentale<\/strong>, Dorantes, Mar\u00eda Mar\u00edn, Rafael Riqueni avec Tim Ries et Pablo Mart\u00edn Caminero forment une tourn\u00e9e exceptionnelle.<\/p>\n<p>C&rsquo;est \u00e9galement une bonne id\u00e9e de v\u00e9rifier la disponibilit\u00e9 avant de finaliser votre voyage et votre h\u00e9bergement. Certaines fonctionnalit\u00e9s sont en rupture de stock depuis un certain temps. Notre guide pour <a href=\"https:\/\/www.tablaosflamencos.com\/bienal-flamenco-2026-entradas-agotadas-que-ver.html\"><strong>billets \u00e9puis\u00e9s pour la Biennale 2026<\/strong><\/a> explique quelles alternatives existent lorsqu&rsquo;une premi\u00e8re option n&rsquo;est plus disponible.<\/p>\n<p>Tous les \u00e9v\u00e9nements majeurs de l\u2019\u00e9dition ne sont pas des premi\u00e8res. La Biennale a \u00e9galement annonc\u00e9 <a href=\"https:\/\/www.tablaosflamencos.com\/noches-unicas-bienal-flamenco-sevilla-2026.html\"><strong>26 Nuits Uniques<\/strong><\/a>, ainsi que des expositions, des activit\u00e9s parall\u00e8les et des propositions gratuites. Vous pouvez consulter notre liste de <a href=\"https:\/\/www.tablaosflamencos.com\/bienal-flamenco-sevilla-2026-gratis.html\"><strong>activit\u00e9s gratuites de la Biennale 2026<\/strong><\/a> pour compl\u00e9ter le voyage sans d\u00e9pendre exclusivement des billets de th\u00e9\u00e2tre.<\/p>\n<p>Pour confirmer les horaires, les changements de derni\u00e8re minute et la vente de billets, consultez toujours le <a href=\"https:\/\/www.labienal.com\/programa-general\" target=\"_blank\" rel=\"noopener\"><strong>programmation officielle de la Biennale<\/strong><\/a>.<\/p>\n<\/div><\/div><div class=\"w-separator size_medium\"><\/div><div class=\"w-hwrapper valign_top wrap stack_on_mobiles align_center\" style=\"--hwrapper-gap:1.2rem\"><div class=\"w-btn-wrapper align_none\"><a class=\"w-btn us-btn-style_1\" href=\"https:\/\/www.tablaosflamencos.com\/fr\/biennale-flamenco-seville-2026.html\"><span class=\"w-btn-label\">Guide complet de la Biennale 2026<\/span><\/a><\/div><div class=\"w-btn-wrapper align_none\"><a class=\"w-btn us-btn-style_1\" href=\"https:\/\/www.tablaosflamencos.com\/fr\/biennale-flamenco-seville-2026-billets-epuises-alternatives.html\"><span class=\"w-btn-label\">Que faire s&rsquo;il n&rsquo;y a plus de billets<\/span><\/a><\/div><div class=\"w-btn-wrapper align_none\"><a class=\"w-btn us-btn-style_1\" href=\"https:\/\/www.tablaosflamencos.com\/fr\/flamenco-a-seville\"><span class=\"w-btn-label\">Voir le flamenco \u00e0 S\u00e9ville<\/span><\/a><\/div><\/div><\/div><\/div><\/div><\/div><\/div><\/section><section class=\"l-section wpb_row height_huge\"><div class=\"l-section-h i-cf\"><div class=\"g-cols vc_row via_flex valign_top type_default stacking_default\"><div class=\"vc_col-sm-1\/5 wpb_column vc_column_container\"><div class=\"vc_column-inner\"><div class=\"wpb_wrapper\"><\/div><\/div><\/div><div class=\"vc_col-sm-3\/5 wpb_column vc_column_container\"><div class=\"vc_column-inner\"><div class=\"wpb_wrapper\"><div class=\"wpb_text_column\"><div class=\"wpb_wrapper\"><h2 style=\"text-align: center;\">Questions fr\u00e9quentes sur les premi\u00e8res de la Biennale 2026<\/h2>\n<\/div><\/div><div class=\"w-separator size_medium\"><\/div><div class=\"w-tabs accordion toggle_style_1 has_scrolling\" style=\"--sections-title-size:inherit;--sections-gap:0.5rem;\"><div class=\"w-tabs-sections titles-align_none icon_plus cpos_left\"><div class=\"w-tabs-section\" id=\"w367\" itemscope itemprop=\"mainEntity\" itemtype=\"https:\/\/schema.org\/Question\"><button type=\"button\" class=\"w-tabs-section-header\" aria-controls=\"content-w367\" aria-expanded=\"false\"><h3 class=\"w-tabs-section-title\" itemprop=\"name\">Combien de premi\u00e8res mondiales comptera la Biennale de Flamenco 2026 ?<\/h3><div class=\"w-tabs-section-control\"><\/div><\/button><div  class=\"w-tabs-section-content\" id=\"content-w367\" itemscope itemprop=\"acceptedAnswer\" itemtype=\"https:\/\/schema.org\/Answer\"><div class=\"w-tabs-section-content-h i-cf\" itemprop=\"text\"><div class=\"wpb_text_column\"><div class=\"wpb_wrapper\"><p>Mise \u00e0 jour officielle du 18\u00a0ao\u00fbt annonc\u00e9e <strong>20 premi\u00e8res mondiales<\/strong>. En r\u00e9visant les listes en vigueur au 1er septembre, on d\u00e9nombre 19 premi\u00e8res mondiales dans la programmation g\u00e9n\u00e9rale de la sc\u00e8ne et <em>Tirititr\u00e1n<\/em> comme une premi\u00e8re mondiale dans les activit\u00e9s parall\u00e8les de CaixaForum. David Coria est actuellement r\u00e9pertori\u00e9 comme une premi\u00e8re espagnole.<\/p>\n<\/div><\/div><\/div><\/div><\/div><div class=\"w-tabs-section\" id=\"f5b0\" itemscope itemprop=\"mainEntity\" itemtype=\"https:\/\/schema.org\/Question\"><button type=\"button\" class=\"w-tabs-section-header\" aria-controls=\"content-f5b0\" aria-expanded=\"false\"><h3 class=\"w-tabs-section-title\" itemprop=\"name\">Pourquoi certains articles parlent-ils de 22 premi\u00e8res mondiales ?<\/h3><div class=\"w-tabs-section-control\"><\/div><\/button><div  class=\"w-tabs-section-content\" id=\"content-f5b0\" itemscope itemprop=\"acceptedAnswer\" itemtype=\"https:\/\/schema.org\/Answer\"><div class=\"w-tabs-section-content-h i-cf\" itemprop=\"text\"><div class=\"wpb_text_column\"><div class=\"wpb_wrapper\"><p>Lors de sa pr\u00e9sentation initiale en f\u00e9vrier 2026, la Biennale a annonc\u00e9 22 premi\u00e8res mondiales. La programmation a ensuite \u00e9t\u00e9 ajust\u00e9e et, le 18 ao\u00fbt, l\u2019organisation a publi\u00e9 une mise \u00e0 jour sp\u00e9cifique indiquant qu\u2019elles seraient finalement au nombre de 20. Ce guide utilise toujours le classement le plus r\u00e9cent des fiches officielles.<\/p>\n<\/div><\/div><\/div><\/div><\/div><div class=\"w-tabs-section\" id=\"y69c\" itemscope itemprop=\"mainEntity\" itemtype=\"https:\/\/schema.org\/Question\"><button type=\"button\" class=\"w-tabs-section-header\" aria-controls=\"content-y69c\" aria-expanded=\"false\"><h3 class=\"w-tabs-section-title\" itemprop=\"name\">Que signifie \u00ab premi\u00e8re mondiale \u00bb \u00e0 la Biennale ?<\/h3><div class=\"w-tabs-section-control\"><\/div><\/button><div  class=\"w-tabs-section-content\" id=\"content-y69c\" itemscope itemprop=\"acceptedAnswer\" itemtype=\"https:\/\/schema.org\/Answer\"><div class=\"w-tabs-section-content-h i-cf\" itemprop=\"text\"><div class=\"wpb_text_column\"><div class=\"wpb_wrapper\"><p>Une premi\u00e8re mondiale est la <strong>premi\u00e8re pr\u00e9sentation publique d&rsquo;une \u0153uvre<\/strong>. Si la fiche indique \u00ab premi\u00e8re espagnole \u00bb, cela signifie que le spectacle a d\u00e9j\u00e0 pu \u00eatre repr\u00e9sent\u00e9 hors d\u2019Espagne et qu\u2019il est pr\u00e9sent\u00e9 pour la premi\u00e8re fois dans le pays.<\/p>\n<\/div><\/div><\/div><\/div><\/div><div class=\"w-tabs-section\" id=\"t77a\" itemscope itemprop=\"mainEntity\" itemtype=\"https:\/\/schema.org\/Question\"><button type=\"button\" class=\"w-tabs-section-header\" aria-controls=\"content-t77a\" aria-expanded=\"false\"><h3 class=\"w-tabs-section-title\" itemprop=\"name\">Quand a lieu la premi\u00e8re d\u2019Infinita de Sara Baras ?<\/h3><div class=\"w-tabs-section-control\"><\/div><\/button><div  class=\"w-tabs-section-content\" id=\"content-t77a\" itemscope itemprop=\"acceptedAnswer\" itemtype=\"https:\/\/schema.org\/Answer\"><div class=\"w-tabs-section-content-h i-cf\" itemprop=\"text\"><div class=\"wpb_text_column\"><div class=\"wpb_wrapper\"><p><em>Infinita<\/em> se produit les jours <strong>11, 12 et 13 septembre 2026 \u00e0 20h00<\/strong> au Th\u00e9\u00e2tre Maestranza. La premi\u00e8re repr\u00e9sentation, le 11, constitue la premi\u00e8re mondiale de l&rsquo;\u0153uvre.<\/p>\n<\/div><\/div><\/div><\/div><\/div><div class=\"w-tabs-section\" id=\"c862\" itemscope itemprop=\"mainEntity\" itemtype=\"https:\/\/schema.org\/Question\"><button type=\"button\" class=\"w-tabs-section-header\" aria-controls=\"content-c862\" aria-expanded=\"false\"><h3 class=\"w-tabs-section-title\" itemprop=\"name\">Tirititr\u00e1n compte-t-il comme une premi\u00e8re mondiale ?<\/h3><div class=\"w-tabs-section-control\"><\/div><\/button><div  class=\"w-tabs-section-content\" id=\"content-c862\" itemscope itemprop=\"acceptedAnswer\" itemtype=\"https:\/\/schema.org\/Answer\"><div class=\"w-tabs-section-content-h i-cf\" itemprop=\"text\"><div class=\"wpb_text_column\"><div class=\"wpb_wrapper\"><p>Oui. Le relev\u00e9 officiel de l&rsquo;activit\u00e9 familiale <em>Tirititr\u00e1n<\/em> l&rsquo;identifie comme <strong>premi\u00e8re mondiale<\/strong>. Elle se d\u00e9roule au CaixaForum du 11 au 13 septembre, avec plusieurs s\u00e9ances, et est une activit\u00e9 gratuite sur r\u00e9servation pr\u00e9alable.<\/p>\n<\/div><\/div><\/div><\/div><\/div><div class=\"w-tabs-section\" id=\"w936\" itemscope itemprop=\"mainEntity\" itemtype=\"https:\/\/schema.org\/Question\"><button type=\"button\" class=\"w-tabs-section-header\" aria-controls=\"content-w936\" aria-expanded=\"false\"><h3 class=\"w-tabs-section-title\" itemprop=\"name\">Babel. Torre viva. de David Coria est-il une premi\u00e8re mondiale ?<\/h3><div class=\"w-tabs-section-control\"><\/div><\/button><div  class=\"w-tabs-section-content\" id=\"content-w936\" itemscope itemprop=\"acceptedAnswer\" itemtype=\"https:\/\/schema.org\/Answer\"><div class=\"w-tabs-section-content-h i-cf\" itemprop=\"text\"><div class=\"wpb_text_column\"><div class=\"wpb_wrapper\"><p>Le fiche officielle actuel identifie <em>Babel. Torre viva.<\/em> comme <strong>premi\u00e8re espagnole<\/strong>. Elle est pr\u00e9vue le 29 septembre 2026 \u00e0 20h00. au Teatro Lope de Vega.<\/p>\n<\/div><\/div><\/div><\/div><\/div><div class=\"w-tabs-section\" id=\"ca48\" itemscope itemprop=\"mainEntity\" itemtype=\"https:\/\/schema.org\/Question\"><button type=\"button\" class=\"w-tabs-section-header\" aria-controls=\"content-ca48\" aria-expanded=\"false\"><h3 class=\"w-tabs-section-title\" itemprop=\"name\">Quand a lieu la premi\u00e8re de Bolero de blanco y negro d\u2019Israel Galv\u00e1n ?<\/h3><div class=\"w-tabs-section-control\"><\/div><\/button><div  class=\"w-tabs-section-content\" id=\"content-ca48\" itemscope itemprop=\"acceptedAnswer\" itemtype=\"https:\/\/schema.org\/Answer\"><div class=\"w-tabs-section-content-h i-cf\" itemprop=\"text\"><div class=\"wpb_text_column\"><div class=\"wpb_wrapper\"><p>Israel Galv\u00e1n fera la premi\u00e8re <em>Bolero de blanco y negro<\/em> le <strong>26 septembre 2026 \u00e0 20h00<\/strong> au Th\u00e9\u00e2tre Maestranza.<\/p>\n<\/div><\/div><\/div><\/div><\/div><div class=\"w-tabs-section\" id=\"mb5d\" itemscope itemprop=\"mainEntity\" itemtype=\"https:\/\/schema.org\/Question\"><button type=\"button\" class=\"w-tabs-section-header\" aria-controls=\"content-mb5d\" aria-expanded=\"false\"><h3 class=\"w-tabs-section-title\" itemprop=\"name\">Quand aura lieu la premi\u00e8re du nouveau spectacle de Farruquito ?<\/h3><div class=\"w-tabs-section-control\"><\/div><\/button><div  class=\"w-tabs-section-content\" id=\"content-mb5d\" itemscope itemprop=\"acceptedAnswer\" itemtype=\"https:\/\/schema.org\/Answer\"><div class=\"w-tabs-section-content-h i-cf\" itemprop=\"text\"><div class=\"wpb_text_column\"><div class=\"wpb_wrapper\"><p>Farruquito pr\u00e9sentera <em>Ser\u00e1s Farruquito: el musical<\/em> le <strong>28 septembre 2026 \u00e0 20h00<\/strong> au Th\u00e9\u00e2tre Maestranza.<\/p>\n<\/div><\/div><\/div><\/div><\/div><div class=\"w-tabs-section\" id=\"rc5c\" itemscope itemprop=\"mainEntity\" itemtype=\"https:\/\/schema.org\/Question\"><button type=\"button\" class=\"w-tabs-section-header\" aria-controls=\"content-rc5c\" aria-expanded=\"false\"><h3 class=\"w-tabs-section-title\" itemprop=\"name\">Quelles premi\u00e8res de guitare flamenca et de musique instrumentale se distinguent ?<\/h3><div class=\"w-tabs-section-control\"><\/div><\/button><div  class=\"w-tabs-section-content\" id=\"content-rc5c\" itemscope itemprop=\"acceptedAnswer\" itemtype=\"https:\/\/schema.org\/Answer\"><div class=\"w-tabs-section-content-h i-cf\" itemprop=\"text\"><div class=\"wpb_text_column\"><div class=\"wpb_wrapper\"><p>Parmi les propositions instrumentales, on distingue : <em>Fractal Arcano<\/em> de Dorantes, <em>Las Tres Mar\u00edas<\/em> de Mar\u00eda Mar\u00edn, <em>Tunisia<\/em> de Rafael Riqueni et Tim Ries et <em>Trilog\u00eda. Al baile<\/em> de Pablo Mart\u00edn Caminero avec Mar\u00eda Moreno.<\/p>\n<\/div><\/div><\/div><\/div><\/div><div class=\"w-tabs-section\" id=\"id44\" itemscope itemprop=\"mainEntity\" itemtype=\"https:\/\/schema.org\/Question\"><button type=\"button\" class=\"w-tabs-section-header\" aria-controls=\"content-id44\" aria-expanded=\"false\"><h3 class=\"w-tabs-section-title\" itemprop=\"name\">O\u00f9 puis-je acheter des billets et v\u00e9rifier les modifications ?<\/h3><div class=\"w-tabs-section-control\"><\/div><\/button><div  class=\"w-tabs-section-content\" id=\"content-id44\" itemscope itemprop=\"acceptedAnswer\" itemtype=\"https:\/\/schema.org\/Answer\"><div class=\"w-tabs-section-content-h i-cf\" itemprop=\"text\"><div class=\"wpb_text_column\"><div class=\"wpb_wrapper\"><p>La r\u00e9f\u00e9rence principale doit \u00eatre la <a href=\"https:\/\/www.labienal.com\/programa-general\" target=\"_blank\" rel=\"noopener\"><strong>programmation officielle de la Biennale<\/strong><\/a>, o\u00f9 apparaissent les d\u00e9tails de chaque spectacle, les horaires, les espaces et les canaux de vente officiels. Chez Tablaos Flamencos, nous maintenons \u00e9galement des guides sp\u00e9cifiques sur la disponibilit\u00e9, les activit\u00e9s gratuites et la programmation vedette.<\/p>\n<\/div><\/div><\/div><\/div><\/div><\/div><\/div><\/div><\/div><\/div><div class=\"vc_col-sm-1\/5 wpb_column vc_column_container\"><div class=\"vc_column-inner\"><div class=\"wpb_wrapper\"><\/div><\/div><\/div><\/div><\/div><\/section><section class=\"l-section wpb_row height_huge color_alternate with_shape\"><div class=\"l-section-shape type_zigzag pos_top hor_flip\" style=\"height:3vmin;\"><svg xmlns=\"http:\/\/www.w3.org\/2000\/svg\" viewBox=\"0 0 64 8\" preserveAspectRatio=\"none\" width=\"100%\" height=\"100%\">\r\n\t<path fill=\"currentColor\" d=\"M64 8 L0 8 L0 0 L20 7.9 L40 3 L48 5 L64 0 Z\"\/>\r\n<\/svg><\/div><div class=\"l-section-shape type_zigzag pos_bottom\" style=\"height:3vmin;\"><svg xmlns=\"http:\/\/www.w3.org\/2000\/svg\" viewBox=\"0 0 64 8\" preserveAspectRatio=\"none\" width=\"100%\" height=\"100%\">\r\n\t<path fill=\"currentColor\" d=\"M64 8 L0 8 L0 0 L20 7.9 L40 3 L48 5 L64 0 Z\"\/>\r\n<\/svg><\/div><div class=\"l-section-h i-cf\"><div class=\"g-cols vc_row via_flex valign_top type_default stacking_default\"><div class=\"vc_col-sm-12 wpb_column vc_column_container\"><div class=\"vc_column-inner\"><div class=\"wpb_wrapper\"><div class=\"wpb_text_column\"><div class=\"wpb_wrapper\"><h2>S\u00e9ville est \u00e0 nouveau le lieu o\u00f9 naissent de nouveaux spectacles de flamenco<\/h2>\n<p>La dimension d&rsquo;une Biennale se mesure aussi \u00e0 ce qu&rsquo;elle laisse derri\u00e8re elle apr\u00e8s sa cl\u00f4ture. En octobre, nombre de ces \u0153uvres commenceront ou poursuivront leur voyage et appara\u00eetront dans la programmation d&rsquo;autres villes et pays. Mais en septembre 2026, il y aura un moment o\u00f9 il n\u2019y aura toujours pas de lecture publique consolid\u00e9e de ce qui vient de na\u00eetre.<\/p>\n<p>Ce moment est la premi\u00e8re.<\/p>\n<p>La Biennale de Flamenco de S\u00e9ville se positionne ainsi une fois de plus non seulement comme une vitrine pour de grands artistes, mais comme <strong>berceau de nouveaux r\u00e9pertoires, chor\u00e9graphies et formats<\/strong>. Pour les amateurs de flamenco, la possibilit\u00e9 d\u2019assister \u00e0 une premi\u00e8re est l\u2019une des raisons les plus fortes de vivre le festival en direct.<\/p>\n<p>Et si vos dates ne co\u00efncident pas avec la premi\u00e8re recherch\u00e9e \u2014 ou si les billets sont d\u00e9j\u00e0 \u00e9puis\u00e9s \u2014 S\u00e9ville propose chaque soir un large choix de tablaos et de spectacles de flamenco. Vous pouvez comparer les possibilit\u00e9s sur notre page consacr\u00e9e au <a href=\"https:\/\/www.tablaosflamencos.com\/flamenco-en-sevilla\"><strong>flamenco \u00e0 S\u00e9ville<\/strong><\/a>.<\/p>\n<\/div><\/div><\/div><\/div><\/div><\/div><\/div><\/section>\n","protected":false},"excerpt":{"rendered":"<p>Guide des 20 premi\u00e8res mondiales de la Biennale de Flamenco de S\u00e9ville 2026 : dates, artistes, lieux et premi\u00e8re espagnole de David Coria.<\/p>\n","protected":false},"author":1,"featured_media":13846,"comment_status":"closed","ping_status":"closed","sticky":false,"template":"","format":"standard","meta":{"_acf_changed":false,"wpai_generated_summary":"","_ayudawp_aiss_exclude":false,"_ayudawp_aiss_exclude_summary":false,"_ayudawp_aiss_summary":"","_ayudawp_aiss_summary_provider":"","_ayudawp_aiss_summary_hash":"","footnotes":""},"categories":[1428],"tags":[1238,1239,1240,1241,1155,1242],"class_list":["post-14032","post","type-post","status-publish","format-standard","has-post-thumbnail","hentry","category-biennale-de-flamenco","tag-agenda-flamenca","tag-bienal-2026","tag-bienal-de-flamenco","tag-festivales-flamencos","tag-flamenco-en-sevilla","tag-sevilla"],"acf":[],"yoast_head":"<!-- This site is optimized with the Yoast SEO Premium plugin v28.4 (Yoast SEO v28.4) - https:\/\/yoast.com\/product\/yoast-seo-premium-wordpress\/ -->\n<title>Premi\u00e8res Biennale de Flamenco 2026 : 20 \u0153uvres cl\u00e9s<\/title>\n<meta name=\"description\" content=\"Guide des 20 premi\u00e8res mondiales de la Biennale de Flamenco de S\u00e9ville 2026 : dates, artistes, lieux et premi\u00e8re espagnole de David Coria.\" \/>\n<meta name=\"robots\" content=\"index, follow, max-snippet:-1, max-image-preview:large, max-video-preview:-1\" \/>\n<link rel=\"canonical\" href=\"https:\/\/www.tablaosflamencos.com\/fr\/grandes-premieres-biennale-flamenco-seville-2026.html\" \/>\n<meta property=\"og:locale\" content=\"fr_FR\" \/>\n<meta property=\"og:type\" content=\"article\" \/>\n<meta property=\"og:title\" content=\"Les grandes premi\u00e8res de la Biennale de Flamenco de S\u00e9ville 2026\" \/>\n<meta property=\"og:description\" content=\"Guide des 20 premi\u00e8res mondiales de la Biennale de Flamenco de S\u00e9ville 2026 : dates, artistes, lieux et premi\u00e8re espagnole de David Coria.\" \/>\n<meta property=\"og:url\" content=\"https:\/\/www.tablaosflamencos.com\/fr\/grandes-premieres-biennale-flamenco-seville-2026.html\" \/>\n<meta property=\"og:site_name\" content=\"Tablaos Flamencos\" \/>\n<meta property=\"article:publisher\" content=\"https:\/\/www.facebook.com\/tablaosflamencos\" \/>\n<meta property=\"article:published_time\" content=\"2026-09-01T10:18:55+00:00\" \/>\n<meta property=\"article:modified_time\" content=\"2026-09-02T10:13:48+00:00\" \/>\n<meta property=\"og:image\" content=\"https:\/\/www.tablaosflamencos.com\/wp-content\/uploads\/los-grandes-estrenos-de-la-bienal-2026-01.webp\" \/>\n\t<meta property=\"og:image:width\" content=\"1920\" \/>\n\t<meta property=\"og:image:height\" content=\"1072\" \/>\n\t<meta property=\"og:image:type\" content=\"image\/webp\" \/>\n<meta name=\"author\" content=\"Miguel Ortiz\" \/>\n<meta name=\"twitter:card\" content=\"summary_large_image\" \/>\n<meta name=\"twitter:creator\" content=\"@tablaosflamenco\" \/>\n<meta name=\"twitter:site\" content=\"@tablaosflamenco\" \/>\n<meta name=\"twitter:label1\" content=\"\u00c9crit par\" \/>\n\t<meta name=\"twitter:data1\" content=\"Miguel Ortiz\" \/>\n\t<meta name=\"twitter:label2\" content=\"Dur\u00e9e de lecture estim\u00e9e\" \/>\n\t<meta name=\"twitter:data2\" content=\"21 minutes\" \/>\n<script type=\"application\/ld+json\" class=\"yoast-schema-graph\">{\"@context\":\"https:\\\/\\\/schema.org\",\"@graph\":[{\"@type\":\"Article\",\"@id\":\"https:\\\/\\\/www.tablaosflamencos.com\\\/fr\\\/grandes-premieres-biennale-flamenco-seville-2026.html#article\",\"isPartOf\":{\"@id\":\"https:\\\/\\\/www.tablaosflamencos.com\\\/fr\\\/grandes-premieres-biennale-flamenco-seville-2026.html\"},\"author\":{\"name\":\"Miguel Ortiz\",\"@id\":\"https:\\\/\\\/www.tablaosflamencos.com\\\/fr#\\\/schema\\\/person\\\/e7a9ebe14eb75a52ceabfbffb3c54f5d\"},\"headline\":\"Les grandes premi\u00e8res de la Biennale de Flamenco de S\u00e9ville 2026\",\"datePublished\":\"2026-09-01T10:18:55+00:00\",\"dateModified\":\"2026-09-02T10:13:48+00:00\",\"mainEntityOfPage\":{\"@id\":\"https:\\\/\\\/www.tablaosflamencos.com\\\/fr\\\/grandes-premieres-biennale-flamenco-seville-2026.html\"},\"wordCount\":4226,\"publisher\":{\"@id\":\"https:\\\/\\\/www.tablaosflamencos.com\\\/fr#organization\"},\"image\":{\"@id\":\"https:\\\/\\\/www.tablaosflamencos.com\\\/fr\\\/grandes-premieres-biennale-flamenco-seville-2026.html#primaryimage\"},\"thumbnailUrl\":\"https:\\\/\\\/www.tablaosflamencos.com\\\/wp-content\\\/uploads\\\/los-grandes-estrenos-de-la-bienal-2026-01.webp\",\"keywords\":[\"agenda flamenca\",\"Bienal 2026\",\"Bienal de Flamenco\",\"festivales flamencos\",\"flamenco en Sevilla\",\"sevilla\"],\"articleSection\":[\"Biennale de Flamenco\"],\"inLanguage\":\"fr-FR\"},{\"@type\":\"WebPage\",\"@id\":\"https:\\\/\\\/www.tablaosflamencos.com\\\/fr\\\/grandes-premieres-biennale-flamenco-seville-2026.html\",\"url\":\"https:\\\/\\\/www.tablaosflamencos.com\\\/fr\\\/grandes-premieres-biennale-flamenco-seville-2026.html\",\"name\":\"Premi\u00e8res Biennale de Flamenco 2026 : 20 \u0153uvres cl\u00e9s\",\"isPartOf\":{\"@id\":\"https:\\\/\\\/www.tablaosflamencos.com\\\/fr#website\"},\"primaryImageOfPage\":{\"@id\":\"https:\\\/\\\/www.tablaosflamencos.com\\\/fr\\\/grandes-premieres-biennale-flamenco-seville-2026.html#primaryimage\"},\"image\":{\"@id\":\"https:\\\/\\\/www.tablaosflamencos.com\\\/fr\\\/grandes-premieres-biennale-flamenco-seville-2026.html#primaryimage\"},\"thumbnailUrl\":\"https:\\\/\\\/www.tablaosflamencos.com\\\/wp-content\\\/uploads\\\/los-grandes-estrenos-de-la-bienal-2026-01.webp\",\"datePublished\":\"2026-09-01T10:18:55+00:00\",\"dateModified\":\"2026-09-02T10:13:48+00:00\",\"description\":\"Guide des 20 premi\u00e8res mondiales de la Biennale de Flamenco de S\u00e9ville 2026 : dates, artistes, lieux et premi\u00e8re espagnole de David Coria.\",\"breadcrumb\":{\"@id\":\"https:\\\/\\\/www.tablaosflamencos.com\\\/fr\\\/grandes-premieres-biennale-flamenco-seville-2026.html#breadcrumb\"},\"inLanguage\":\"fr-FR\",\"potentialAction\":[{\"@type\":\"ReadAction\",\"target\":[\"https:\\\/\\\/www.tablaosflamencos.com\\\/fr\\\/grandes-premieres-biennale-flamenco-seville-2026.html\"]}]},{\"@type\":\"ImageObject\",\"inLanguage\":\"fr-FR\",\"@id\":\"https:\\\/\\\/www.tablaosflamencos.com\\\/fr\\\/grandes-premieres-biennale-flamenco-seville-2026.html#primaryimage\",\"url\":\"https:\\\/\\\/www.tablaosflamencos.com\\\/wp-content\\\/uploads\\\/los-grandes-estrenos-de-la-bienal-2026-01.webp\",\"contentUrl\":\"https:\\\/\\\/www.tablaosflamencos.com\\\/wp-content\\\/uploads\\\/los-grandes-estrenos-de-la-bienal-2026-01.webp\",\"width\":1920,\"height\":1072,\"caption\":\"Los grandes estrenos de la Bienal 2026\"},{\"@type\":\"BreadcrumbList\",\"@id\":\"https:\\\/\\\/www.tablaosflamencos.com\\\/fr\\\/grandes-premieres-biennale-flamenco-seville-2026.html#breadcrumb\",\"itemListElement\":[{\"@type\":\"ListItem\",\"position\":1,\"name\":\"Home\",\"item\":\"https:\\\/\\\/www.tablaosflamencos.com\\\/fr\"},{\"@type\":\"ListItem\",\"position\":2,\"name\":\"Les grandes premi\u00e8res de la Biennale de Flamenco de S\u00e9ville 2026\"}]},{\"@type\":\"WebSite\",\"@id\":\"https:\\\/\\\/www.tablaosflamencos.com\\\/fr#website\",\"url\":\"https:\\\/\\\/www.tablaosflamencos.com\\\/fr\",\"name\":\"Tablaos Flamencos\",\"description\":\"Entradas para tablaos flamencos de Espa\u00f1a\",\"publisher\":{\"@id\":\"https:\\\/\\\/www.tablaosflamencos.com\\\/fr#organization\"},\"alternateName\":\"Tablaos Flamencos\",\"potentialAction\":[{\"@type\":\"SearchAction\",\"target\":{\"@type\":\"EntryPoint\",\"urlTemplate\":\"https:\\\/\\\/www.tablaosflamencos.com\\\/fr?s={search_term_string}\"},\"query-input\":{\"@type\":\"PropertyValueSpecification\",\"valueRequired\":true,\"valueName\":\"search_term_string\"}}],\"inLanguage\":\"fr-FR\"},{\"@type\":[\"Organization\",\"Place\",\"EntertainmentBusiness\"],\"@id\":\"https:\\\/\\\/www.tablaosflamencos.com\\\/fr#organization\",\"name\":\"Tablaos Flamencos\",\"alternateName\":\"Tablaos Flamencos\",\"url\":\"https:\\\/\\\/www.tablaosflamencos.com\\\/fr\",\"logo\":{\"@id\":\"https:\\\/\\\/www.tablaosflamencos.com\\\/fr\\\/grandes-premieres-biennale-flamenco-seville-2026.html#local-main-organization-logo\"},\"image\":{\"@id\":\"https:\\\/\\\/www.tablaosflamencos.com\\\/fr\\\/grandes-premieres-biennale-flamenco-seville-2026.html#local-main-organization-logo\"},\"sameAs\":[\"https:\\\/\\\/www.facebook.com\\\/tablaosflamencos\",\"https:\\\/\\\/x.com\\\/tablaosflamenco\",\"https:\\\/\\\/mastodon.social\\\/@tablaosflamencos\",\"https:\\\/\\\/www.instagram.com\\\/tablaosflamencos\",\"https:\\\/\\\/tiktok.com\\\/@tablaosflamencos\",\"https:\\\/\\\/www.linkedin.com\\\/company\\\/109408238\\\/\"],\"description\":\"Venta de entradas para espect\u00e1culos flamencos\",\"legalName\":\"Tablaos Flamencos\",\"foundingDate\":\"2015-01-01\",\"numberOfEmployees\":{\"@type\":\"QuantitativeValue\",\"minValue\":\"1\",\"maxValue\":\"10\"},\"address\":{\"@id\":\"https:\\\/\\\/www.tablaosflamencos.com\\\/fr\\\/grandes-premieres-biennale-flamenco-seville-2026.html#local-main-place-address\"},\"geo\":{\"@type\":\"GeoCoordinates\",\"latitude\":\"37.3868072\",\"longitude\":\"-5.993280299999999\"},\"telephone\":[\"+34623787787\"],\"contactPoint\":{\"@type\":\"ContactPoint\",\"telephone\":\"+34623787787\",\"email\":\"info@tablaosflamencos.com\"},\"openingHoursSpecification\":{\"@type\":\"OpeningHoursSpecification\",\"dayOfWeek\":[\"Monday\",\"Tuesday\",\"Wednesday\",\"Thursday\",\"Friday\",\"Saturday\",\"Sunday\"],\"opens\":\"00:00\",\"closes\":\"23:59\"},\"email\":\"info@tablaosflamencos.com\",\"priceRange\":\"$$$\",\"currenciesAccepted\":\"\u20ac\"},{\"@type\":\"Person\",\"@id\":\"https:\\\/\\\/www.tablaosflamencos.com\\\/fr#\\\/schema\\\/person\\\/e7a9ebe14eb75a52ceabfbffb3c54f5d\",\"name\":\"Miguel Ortiz\",\"description\":\"Miguel Ortiz es un empresario flamenco, con una s\u00f3lida trayectoria dentro del sector. Ha presidido entidades culturales vinculadas al flamenco y, cuenta con un amplio recorrido profesional en la gesti\u00f3n y promoci\u00f3n de espect\u00e1culos y tablaos flamencos. Su pasi\u00f3n por la historia y el arte flamenco se refleja en cada art\u00edculo, donde combina experiencia, criterio y un profundo respeto por la tradici\u00f3n.\",\"sameAs\":[\"https:\\\/\\\/www.tablaosflamencos.com\",\"https:\\\/\\\/www.instagra.com\\\/miguelortizfe\",\"https:\\\/\\\/www.linkedin.com\\\/in\\\/miguelortizf\\\/\"],\"birthDate\":\"1984-11-22\",\"gender\":\"hombre\",\"knowsLanguage\":[\"espa\u00f1ol\",\"ingl\u00e9s\"],\"jobTitle\":\"Empresario flamenco\"},{\"@type\":\"PostalAddress\",\"@id\":\"https:\\\/\\\/www.tablaosflamencos.com\\\/fr\\\/grandes-premieres-biennale-flamenco-seville-2026.html#local-main-place-address\",\"streetAddress\":\"C\\\/ Alemanes, 19\",\"addressLocality\":\"Sevilla\",\"postalCode\":\"41004\",\"addressRegion\":\"Sevilla\",\"addressCountry\":\"ES\"},{\"@type\":\"ImageObject\",\"inLanguage\":\"fr-FR\",\"@id\":\"https:\\\/\\\/www.tablaosflamencos.com\\\/fr\\\/grandes-premieres-biennale-flamenco-seville-2026.html#local-main-organization-logo\",\"url\":\"https:\\\/\\\/www.tablaosflamencos.com\\\/wp-content\\\/uploads\\\/tablaos-flamencos-06-3.webp\",\"contentUrl\":\"https:\\\/\\\/www.tablaosflamencos.com\\\/wp-content\\\/uploads\\\/tablaos-flamencos-06-3.webp\",\"width\":600,\"height\":620,\"caption\":\"Tablaos Flamencos\"}]}<\/script>\n<meta name=\"geo.placename\" content=\"Sevilla\" \/>\n<meta name=\"geo.position\" content=\"37.3868072;-5.993280299999999\" \/>\n<meta name=\"geo.region\" content=\"Espagne\" \/>\n<!-- \/ Yoast SEO Premium plugin. -->","yoast_head_json":{"title":"Premi\u00e8res Biennale de Flamenco 2026 : 20 \u0153uvres cl\u00e9s","description":"Guide des 20 premi\u00e8res mondiales de la Biennale de Flamenco de S\u00e9ville 2026 : dates, artistes, lieux et premi\u00e8re espagnole de David Coria.","robots":{"index":"index","follow":"follow","max-snippet":"max-snippet:-1","max-image-preview":"max-image-preview:large","max-video-preview":"max-video-preview:-1"},"canonical":"https:\/\/www.tablaosflamencos.com\/fr\/grandes-premieres-biennale-flamenco-seville-2026.html","og_locale":"fr_FR","og_type":"article","og_title":"Les grandes premi\u00e8res de la Biennale de Flamenco de S\u00e9ville 2026","og_description":"Guide des 20 premi\u00e8res mondiales de la Biennale de Flamenco de S\u00e9ville 2026 : dates, artistes, lieux et premi\u00e8re espagnole de David Coria.","og_url":"https:\/\/www.tablaosflamencos.com\/fr\/grandes-premieres-biennale-flamenco-seville-2026.html","og_site_name":"Tablaos Flamencos","article_publisher":"https:\/\/www.facebook.com\/tablaosflamencos","article_published_time":"2026-09-01T10:18:55+00:00","article_modified_time":"2026-09-02T10:13:48+00:00","og_image":[{"width":1920,"height":1072,"url":"https:\/\/www.tablaosflamencos.com\/wp-content\/uploads\/los-grandes-estrenos-de-la-bienal-2026-01.webp","type":"image\/webp"}],"author":"Miguel Ortiz","twitter_card":"summary_large_image","twitter_creator":"@tablaosflamenco","twitter_site":"@tablaosflamenco","twitter_misc":{"\u00c9crit par":"Miguel Ortiz","Dur\u00e9e de lecture estim\u00e9e":"21 minutes"},"schema":{"@context":"https:\/\/schema.org","@graph":[{"@type":"Article","@id":"https:\/\/www.tablaosflamencos.com\/fr\/grandes-premieres-biennale-flamenco-seville-2026.html#article","isPartOf":{"@id":"https:\/\/www.tablaosflamencos.com\/fr\/grandes-premieres-biennale-flamenco-seville-2026.html"},"author":{"name":"Miguel Ortiz","@id":"https:\/\/www.tablaosflamencos.com\/fr#\/schema\/person\/e7a9ebe14eb75a52ceabfbffb3c54f5d"},"headline":"Les grandes premi\u00e8res de la Biennale de Flamenco de S\u00e9ville 2026","datePublished":"2026-09-01T10:18:55+00:00","dateModified":"2026-09-02T10:13:48+00:00","mainEntityOfPage":{"@id":"https:\/\/www.tablaosflamencos.com\/fr\/grandes-premieres-biennale-flamenco-seville-2026.html"},"wordCount":4226,"publisher":{"@id":"https:\/\/www.tablaosflamencos.com\/fr#organization"},"image":{"@id":"https:\/\/www.tablaosflamencos.com\/fr\/grandes-premieres-biennale-flamenco-seville-2026.html#primaryimage"},"thumbnailUrl":"https:\/\/www.tablaosflamencos.com\/wp-content\/uploads\/los-grandes-estrenos-de-la-bienal-2026-01.webp","keywords":["agenda flamenca","Bienal 2026","Bienal de Flamenco","festivales flamencos","flamenco en Sevilla","sevilla"],"articleSection":["Biennale de Flamenco"],"inLanguage":"fr-FR"},{"@type":"WebPage","@id":"https:\/\/www.tablaosflamencos.com\/fr\/grandes-premieres-biennale-flamenco-seville-2026.html","url":"https:\/\/www.tablaosflamencos.com\/fr\/grandes-premieres-biennale-flamenco-seville-2026.html","name":"Premi\u00e8res Biennale de Flamenco 2026 : 20 \u0153uvres cl\u00e9s","isPartOf":{"@id":"https:\/\/www.tablaosflamencos.com\/fr#website"},"primaryImageOfPage":{"@id":"https:\/\/www.tablaosflamencos.com\/fr\/grandes-premieres-biennale-flamenco-seville-2026.html#primaryimage"},"image":{"@id":"https:\/\/www.tablaosflamencos.com\/fr\/grandes-premieres-biennale-flamenco-seville-2026.html#primaryimage"},"thumbnailUrl":"https:\/\/www.tablaosflamencos.com\/wp-content\/uploads\/los-grandes-estrenos-de-la-bienal-2026-01.webp","datePublished":"2026-09-01T10:18:55+00:00","dateModified":"2026-09-02T10:13:48+00:00","description":"Guide des 20 premi\u00e8res mondiales de la Biennale de Flamenco de S\u00e9ville 2026 : dates, artistes, lieux et premi\u00e8re espagnole de David Coria.","breadcrumb":{"@id":"https:\/\/www.tablaosflamencos.com\/fr\/grandes-premieres-biennale-flamenco-seville-2026.html#breadcrumb"},"inLanguage":"fr-FR","potentialAction":[{"@type":"ReadAction","target":["https:\/\/www.tablaosflamencos.com\/fr\/grandes-premieres-biennale-flamenco-seville-2026.html"]}]},{"@type":"ImageObject","inLanguage":"fr-FR","@id":"https:\/\/www.tablaosflamencos.com\/fr\/grandes-premieres-biennale-flamenco-seville-2026.html#primaryimage","url":"https:\/\/www.tablaosflamencos.com\/wp-content\/uploads\/los-grandes-estrenos-de-la-bienal-2026-01.webp","contentUrl":"https:\/\/www.tablaosflamencos.com\/wp-content\/uploads\/los-grandes-estrenos-de-la-bienal-2026-01.webp","width":1920,"height":1072,"caption":"Los grandes estrenos de la Bienal 2026"},{"@type":"BreadcrumbList","@id":"https:\/\/www.tablaosflamencos.com\/fr\/grandes-premieres-biennale-flamenco-seville-2026.html#breadcrumb","itemListElement":[{"@type":"ListItem","position":1,"name":"Home","item":"https:\/\/www.tablaosflamencos.com\/fr"},{"@type":"ListItem","position":2,"name":"Les grandes premi\u00e8res de la Biennale de Flamenco de S\u00e9ville 2026"}]},{"@type":"WebSite","@id":"https:\/\/www.tablaosflamencos.com\/fr#website","url":"https:\/\/www.tablaosflamencos.com\/fr","name":"Tablaos Flamencos","description":"Entradas para tablaos flamencos de Espa\u00f1a","publisher":{"@id":"https:\/\/www.tablaosflamencos.com\/fr#organization"},"alternateName":"Tablaos Flamencos","potentialAction":[{"@type":"SearchAction","target":{"@type":"EntryPoint","urlTemplate":"https:\/\/www.tablaosflamencos.com\/fr?s={search_term_string}"},"query-input":{"@type":"PropertyValueSpecification","valueRequired":true,"valueName":"search_term_string"}}],"inLanguage":"fr-FR"},{"@type":["Organization","Place","EntertainmentBusiness"],"@id":"https:\/\/www.tablaosflamencos.com\/fr#organization","name":"Tablaos Flamencos","alternateName":"Tablaos Flamencos","url":"https:\/\/www.tablaosflamencos.com\/fr","logo":{"@id":"https:\/\/www.tablaosflamencos.com\/fr\/grandes-premieres-biennale-flamenco-seville-2026.html#local-main-organization-logo"},"image":{"@id":"https:\/\/www.tablaosflamencos.com\/fr\/grandes-premieres-biennale-flamenco-seville-2026.html#local-main-organization-logo"},"sameAs":["https:\/\/www.facebook.com\/tablaosflamencos","https:\/\/x.com\/tablaosflamenco","https:\/\/mastodon.social\/@tablaosflamencos","https:\/\/www.instagram.com\/tablaosflamencos","https:\/\/tiktok.com\/@tablaosflamencos","https:\/\/www.linkedin.com\/company\/109408238\/"],"description":"Venta de entradas para espect\u00e1culos flamencos","legalName":"Tablaos Flamencos","foundingDate":"2015-01-01","numberOfEmployees":{"@type":"QuantitativeValue","minValue":"1","maxValue":"10"},"address":{"@id":"https:\/\/www.tablaosflamencos.com\/fr\/grandes-premieres-biennale-flamenco-seville-2026.html#local-main-place-address"},"geo":{"@type":"GeoCoordinates","latitude":"37.3868072","longitude":"-5.993280299999999"},"telephone":["+34623787787"],"contactPoint":{"@type":"ContactPoint","telephone":"+34623787787","email":"info@tablaosflamencos.com"},"openingHoursSpecification":{"@type":"OpeningHoursSpecification","dayOfWeek":["Monday","Tuesday","Wednesday","Thursday","Friday","Saturday","Sunday"],"opens":"00:00","closes":"23:59"},"email":"info@tablaosflamencos.com","priceRange":"$$$","currenciesAccepted":"\u20ac"},{"@type":"Person","@id":"https:\/\/www.tablaosflamencos.com\/fr#\/schema\/person\/e7a9ebe14eb75a52ceabfbffb3c54f5d","name":"Miguel Ortiz","description":"Miguel Ortiz es un empresario flamenco, con una s\u00f3lida trayectoria dentro del sector. Ha presidido entidades culturales vinculadas al flamenco y, cuenta con un amplio recorrido profesional en la gesti\u00f3n y promoci\u00f3n de espect\u00e1culos y tablaos flamencos. Su pasi\u00f3n por la historia y el arte flamenco se refleja en cada art\u00edculo, donde combina experiencia, criterio y un profundo respeto por la tradici\u00f3n.","sameAs":["https:\/\/www.tablaosflamencos.com","https:\/\/www.instagra.com\/miguelortizfe","https:\/\/www.linkedin.com\/in\/miguelortizf\/"],"birthDate":"1984-11-22","gender":"hombre","knowsLanguage":["espa\u00f1ol","ingl\u00e9s"],"jobTitle":"Empresario flamenco"},{"@type":"PostalAddress","@id":"https:\/\/www.tablaosflamencos.com\/fr\/grandes-premieres-biennale-flamenco-seville-2026.html#local-main-place-address","streetAddress":"C\/ Alemanes, 19","addressLocality":"Sevilla","postalCode":"41004","addressRegion":"Sevilla","addressCountry":"ES"},{"@type":"ImageObject","inLanguage":"fr-FR","@id":"https:\/\/www.tablaosflamencos.com\/fr\/grandes-premieres-biennale-flamenco-seville-2026.html#local-main-organization-logo","url":"https:\/\/www.tablaosflamencos.com\/wp-content\/uploads\/tablaos-flamencos-06-3.webp","contentUrl":"https:\/\/www.tablaosflamencos.com\/wp-content\/uploads\/tablaos-flamencos-06-3.webp","width":600,"height":620,"caption":"Tablaos Flamencos"}]},"geo.placename":"Sevilla","geo.position":{"lat":"37.3868072","long":"-5.993280299999999"},"geo.region":"Espagne"},"_links":{"self":[{"href":"https:\/\/www.tablaosflamencos.com\/fr\/wp-json\/wp\/v2\/posts\/14032","targetHints":{"allow":["GET"]}}],"collection":[{"href":"https:\/\/www.tablaosflamencos.com\/fr\/wp-json\/wp\/v2\/posts"}],"about":[{"href":"https:\/\/www.tablaosflamencos.com\/fr\/wp-json\/wp\/v2\/types\/post"}],"author":[{"embeddable":true,"href":"https:\/\/www.tablaosflamencos.com\/fr\/wp-json\/wp\/v2\/users\/1"}],"replies":[{"embeddable":true,"href":"https:\/\/www.tablaosflamencos.com\/fr\/wp-json\/wp\/v2\/comments?post=14032"}],"version-history":[{"count":1,"href":"https:\/\/www.tablaosflamencos.com\/fr\/wp-json\/wp\/v2\/posts\/14032\/revisions"}],"predecessor-version":[{"id":14034,"href":"https:\/\/www.tablaosflamencos.com\/fr\/wp-json\/wp\/v2\/posts\/14032\/revisions\/14034"}],"wp:featuredmedia":[{"embeddable":true,"href":"https:\/\/www.tablaosflamencos.com\/fr\/wp-json\/wp\/v2\/media\/13846"}],"wp:attachment":[{"href":"https:\/\/www.tablaosflamencos.com\/fr\/wp-json\/wp\/v2\/media?parent=14032"}],"wp:term":[{"taxonomy":"category","embeddable":true,"href":"https:\/\/www.tablaosflamencos.com\/fr\/wp-json\/wp\/v2\/categories?post=14032"},{"taxonomy":"post_tag","embeddable":true,"href":"https:\/\/www.tablaosflamencos.com\/fr\/wp-json\/wp\/v2\/tags?post=14032"}],"curies":[{"name":"wp","href":"https:\/\/api.w.org\/{rel}","templated":true}]}}