{"id":14006,"date":"2026-09-02T00:28:39","date_gmt":"2026-09-01T22:28:39","guid":{"rendered":"https:\/\/www.tablaosflamencos.com\/?p=14006"},"modified":"2026-09-02T00:56:21","modified_gmt":"2026-09-01T22:56:21","slug":"lieux-spectaculaires-biennale-flamenco-seville-2026","status":"publish","type":"post","link":"https:\/\/www.tablaosflamencos.com\/fr\/lieux-spectaculaires-biennale-flamenco-seville-2026.html","title":{"rendered":"Les lieux les plus spectaculaires de la Biennale de Flamenco de S\u00e9ville 2026"},"content":{"rendered":"<section class=\"l-section wpb_row height_huge\"><div class=\"l-section-h i-cf\"><div class=\"g-cols vc_row via_flex valign_top type_default stacking_default\"><div class=\"vc_col-sm-6 wpb_column vc_column_container\"><div class=\"vc_column-inner\"><div class=\"wpb_wrapper\"><div class=\"wpb_text_column\"><div class=\"wpb_wrapper\"><h2>Quand la ville fait elle aussi partie du spectacle<\/h2>\n<p>La <strong>Biennale de Flamenco de S\u00e9ville 2026<\/strong> ne se comprend pas uniquement \u00e0 travers les artistes qui montent sur sc\u00e8ne. Une part essentielle de son identit\u00e9 r\u00e9side dans les lieux choisis pour chaque proposition. Lors de la XXIVe \u00e9dition, qui se d\u00e9roule du <strong>9 septembre au 3 octobre 2026<\/strong>, le flamenco investira des th\u00e9\u00e2tres historiques, des patios monumentaux, une ancienne fabrique d\u2019artillerie, un corral de vecinos, une \u00e9glise baroque et m\u00eame l\u2019ar\u00e8ne de l\u2019un des \u00e9difices les plus embl\u00e9matiques de S\u00e9ville.<\/p>\n<p>La programmation officielle se r\u00e9partit entre <strong>11 lieux<\/strong>, mais certains font de l\u2019architecture elle-m\u00eame une partie indissociable de la repr\u00e9sentation. Assister \u00e0 un r\u00e9cital dans le Patio de la Monter\u00eda du Real Alc\u00e1zar, \u00e9couter du cante \u00e0 midi dans San Luis de los Franceses ou terminer la nuit sous le ciel de l\u2019Hotel Triana n\u2019offre pas la m\u00eame exp\u00e9rience qu\u2019une grande production au Teatro de la Maestranza.<\/p>\n<p>Ce guide s\u00e9lectionne les <strong>lieux les plus spectaculaires de la Biennale de Flamenco de S\u00e9ville 2026<\/strong>, explique ce qui les rend diff\u00e9rents et indique quels spectacles sont programm\u00e9s dans chacun d\u2019eux.<\/p>\n<\/div><\/div><\/div><\/div><\/div><div class=\"vc_col-sm-6 wpb_column vc_column_container\"><div class=\"vc_column-inner\"><div class=\"wpb_wrapper\"><div class=\"wpb_text_column\"><div class=\"wpb_wrapper\"><p style=\"text-align: center; font-size: 58px; line-height: 1; margin-bottom: 10px;\"><strong>11<\/strong><\/p>\n<h3 style=\"text-align: center;\">lieux officiels<\/h3>\n<p style=\"text-align: center;\"><strong>7 sc\u00e8nes particuli\u00e8rement singuli\u00e8res<\/strong><\/p>\n<p style=\"text-align: center;\">Patrimoine, architecture et flamenco<\/p>\n<p style=\"text-align: center;\">Du <strong>9 septembre au 3 octobre 2026<\/strong><\/p>\n<\/div><\/div><\/div><\/div><\/div><\/div><\/div><\/section><section class=\"l-section wpb_row height_huge color_alternate with_shape\"><div class=\"l-section-shape type_zigzag pos_top\" style=\"height:3vmin;\"><svg xmlns=\"http:\/\/www.w3.org\/2000\/svg\" viewBox=\"0 0 64 8\" preserveAspectRatio=\"none\" width=\"100%\" height=\"100%\">\r\n\t<path fill=\"currentColor\" d=\"M64 8 L0 8 L0 0 L20 7.9 L40 3 L48 5 L64 0 Z\"\/>\r\n<\/svg><\/div><div class=\"l-section-shape type_zigzag pos_bottom\" style=\"height:3vmin;\"><svg xmlns=\"http:\/\/www.w3.org\/2000\/svg\" viewBox=\"0 0 64 8\" preserveAspectRatio=\"none\" width=\"100%\" height=\"100%\">\r\n\t<path fill=\"currentColor\" d=\"M64 8 L0 8 L0 0 L20 7.9 L40 3 L48 5 L64 0 Z\"\/>\r\n<\/svg><\/div><div class=\"l-section-h i-cf\"><div class=\"g-cols vc_row via_flex valign_top type_default stacking_default\"><div class=\"vc_col-sm-12 wpb_column vc_column_container\"><div class=\"vc_column-inner\"><div class=\"wpb_wrapper\"><div class=\"wpb_text_column\"><div class=\"wpb_wrapper\"><blockquote>\n<p><strong>R\u00e9ponse rapide :<\/strong> si vous recherchez les sc\u00e8nes les plus sp\u00e9ciales de la Biennale 2026, on retiendra notamment le <strong>Patio de la Monter\u00eda du Real Alc\u00e1zar<\/strong> pour sa monumentalit\u00e9, <strong>San Luis de los Franceses<\/strong> pour son intimit\u00e9 baroque, la <strong>Real F\u00e1brica de Artiller\u00eda<\/strong> pour son architecture industrielle, l\u2019 <strong>Hotel Triana<\/strong> pour son atmosph\u00e8re de corral de vecinos, la <strong>Plaza de Toros de la Real Maestranza<\/strong> pour la grande gala du 10 septembre, le r\u00e9nov\u00e9 <strong>Teatro Lope de Vega<\/strong> pour son retour historique et le <strong>Teatro de la Maestranza<\/strong> pour les productions de plus grand format.<\/p>\n<\/blockquote>\n<p><strong>Derni\u00e8re mise \u00e0 jour : 1er septembre 2026.<\/strong> La programmation, les acc\u00e8s et la disponibilit\u00e9 des places peuvent changer. Il est conseill\u00e9 de toujours v\u00e9rifier les informations officielles de chaque spectacle.<\/p>\n<\/div><\/div><div class=\"w-separator size_medium\"><\/div><div class=\"w-hwrapper valign_top wrap stack_on_mobiles align_center\" style=\"--hwrapper-gap:1.2rem\"><div class=\"w-btn-wrapper align_none\"><a class=\"w-btn us-btn-style_1\" href=\"https:\/\/www.tablaosflamencos.com\/fr\/biennale-flamenco-seville-2026.html\"><span class=\"w-btn-label\">Guide complet de la Biennale 2026<\/span><\/a><\/div><div class=\"w-btn-wrapper align_none\"><a class=\"w-btn us-btn-style_1\" href=\"https:\/\/www.tablaosflamencos.com\/fr\/biennale-flamenco-seville\"><span class=\"w-btn-label\">Voir toutes nos actualit\u00e9s sur la Biennale<\/span><\/a><\/div><\/div><\/div><\/div><\/div><\/div><\/div><\/section><section class=\"l-section wpb_row height_huge\"><div class=\"l-section-h i-cf\"><div class=\"g-cols vc_row via_flex valign_top type_default stacking_default\"><div class=\"vc_col-sm-12 wpb_column vc_column_container\"><div class=\"vc_column-inner\"><div class=\"wpb_wrapper\"><div class=\"wpb_text_column\"><div class=\"wpb_wrapper\"><h2>Les lieux les plus spectaculaires de la Biennale 2026 en un coup d\u2019\u0153il<\/h2>\n<div style=\"overflow-x: auto;\">\n<table>\n<thead>\n<tr>\n<th>Lieu<\/th>\n<th>Ce qui le rend sp\u00e9cial<\/th>\n<th>Programmation phare<\/th>\n<\/tr>\n<\/thead>\n<tbody>\n<tr>\n<td><strong>Real Alc\u00e1zar \u00b7 Patio de la Monter\u00eda<\/strong><\/td>\n<td>Palais historique et grand patio monumental en plein air<\/td>\n<td>Israel Fern\u00e1ndez, Rancapino Chico et <em>Xerezan\u00edas<\/em><\/td>\n<\/tr>\n<tr>\n<td><strong>Real F\u00e1brica de Artiller\u00eda<\/strong><\/td>\n<td>Architecture industrielle du XVIIIe si\u00e8cle et langage contemporain<\/td>\n<td>Ana Morales et la trilogie de Pablo Mart\u00edn Caminero<\/td>\n<\/tr>\n<tr>\n<td><strong>San Luis de los Franceses<\/strong><\/td>\n<td>Baroque, acoustique intime et repr\u00e9sentations \u00e0 midi<\/td>\n<td>Six Matin\u00e9es Uniques<\/td>\n<\/tr>\n<tr>\n<td><strong>Hotel Triana<\/strong><\/td>\n<td>Ancien corral de vecinos, patio ouvert et m\u00e9moire flamenca<\/td>\n<td>Trois spectacles de fin de soir\u00e9e du 17 au 19 septembre<\/td>\n<\/tr>\n<tr>\n<td><strong>Plaza de Toros de la Real Maestranza<\/strong><\/td>\n<td>Grand espace historique en plein air<\/td>\n<td>Gala <em>El mundo por montera<\/em>, 10 septembre<\/td>\n<\/tr>\n<tr>\n<td><strong>Teatro Lope de Vega<\/strong><\/td>\n<td>Th\u00e9\u00e2tre n\u00e9obaroque de 1929 rouvert apr\u00e8s restauration<\/td>\n<td>Dorantes, Arc\u00e1ngel, Riqueni, Aurora Vargas, Mayte Mart\u00edn&#8230;<\/td>\n<\/tr>\n<tr>\n<td><strong>Teatro de la Maestranza<\/strong><\/td>\n<td>Grande sc\u00e8ne pour des productions de grande ampleur<\/td>\n<td>Sara Baras, Israel Galv\u00e1n, Jos\u00e9 Merc\u00e9, Farruquito et cl\u00f4ture de la Biennale<\/td>\n<\/tr>\n<\/tbody>\n<\/table>\n<\/div>\n<\/div><\/div><\/div><\/div><\/div><\/div><\/div><\/section><section class=\"l-section wpb_row height_huge color_alternate with_shape\"><div class=\"l-section-shape type_zigzag pos_top\" style=\"height:3vmin;\"><svg xmlns=\"http:\/\/www.w3.org\/2000\/svg\" viewBox=\"0 0 64 8\" preserveAspectRatio=\"none\" width=\"100%\" height=\"100%\">\r\n\t<path fill=\"currentColor\" d=\"M64 8 L0 8 L0 0 L20 7.9 L40 3 L48 5 L64 0 Z\"\/>\r\n<\/svg><\/div><div class=\"l-section-shape type_zigzag pos_bottom\" style=\"height:3vmin;\"><svg xmlns=\"http:\/\/www.w3.org\/2000\/svg\" viewBox=\"0 0 64 8\" preserveAspectRatio=\"none\" width=\"100%\" height=\"100%\">\r\n\t<path fill=\"currentColor\" d=\"M64 8 L0 8 L0 0 L20 7.9 L40 3 L48 5 L64 0 Z\"\/>\r\n<\/svg><\/div><div class=\"l-section-h i-cf\"><div class=\"g-cols vc_row via_flex valign_top type_default stacking_default\"><div class=\"vc_col-sm-6 wpb_column vc_column_container\"><div class=\"vc_column-inner\"><div class=\"wpb_wrapper\"><div class=\"wpb_text_column\"><div class=\"wpb_wrapper\"><h2 id=\"real-alcazar\">1. Patio de la Monter\u00eda du Real Alc\u00e1zar : le flamenco face \u00e0 des si\u00e8cles d\u2019histoire<\/h2>\n<p>Le <strong>Real Alc\u00e1zar de S\u00e9ville<\/strong> est l\u2019un de ces lieux o\u00f9 le public met quelques secondes \u00e0 d\u00e9cider o\u00f9 regarder. Le complexe palatial plonge ses origines au Xe si\u00e8cle et s\u2019est transform\u00e9 au fil des si\u00e8cles jusqu\u2019\u00e0 r\u00e9unir des strates islamiques, mud\u00e9jares, gothiques, Renaissance et baroques.<\/p>\n<p>La Biennale utilise le <strong>Patio de la Monter\u00eda<\/strong>, un vaste espace ouvert situ\u00e9 devant l\u2019extraordinaire fa\u00e7ade du Palais mud\u00e9jar de Pierre Ier. La nuit, avec l\u2019\u00e9clairage monumental et la Giralda visible sous certains angles, le d\u00e9cor acquiert une pr\u00e9sence difficile \u00e0 reproduire dans un th\u00e9\u00e2tre conventionnel.<\/p>\n<p>Ici, le patrimoine n\u2019est pas un simple fond. L\u2019\u00e9chelle du patio, la pierre, le ciel ouvert et l\u2019entr\u00e9e m\u00eame dans le monument transforment la repr\u00e9sentation en une exp\u00e9rience directement li\u00e9e \u00e0 S\u00e9ville.<\/p>\n<\/div><\/div><\/div><\/div><\/div><div class=\"vc_col-sm-6 wpb_column vc_column_container\"><div class=\"vc_column-inner\"><div class=\"wpb_wrapper\"><div class=\"wpb_text_column\"><div class=\"wpb_wrapper\"><h2>Que voir au Real Alc\u00e1zar pendant la Biennale 2026<\/h2>\n<p>La programmation se concentre sur trois soir\u00e9es cons\u00e9cutives :<\/p>\n<ul>\n<li><strong>14 septembre :<\/strong> Israel Fern\u00e1ndez pr\u00e9sente <em>De oro y marfil<\/em>.<\/li>\n<li><strong>15 septembre :<\/strong> Rancapino Chico cr\u00e9e <em>Pizarra<\/em>.<\/li>\n<li><strong>16 septembre :<\/strong> <em>Xerezan\u00edas<\/em> r\u00e9unit Luis El Zambo, Dolores Agujetas, Antonio de la Malena, Manuel Valencia et Las Tatas de Jerez.<\/li>\n<\/ul>\n<p>Cette s\u00e9lection prend tout son sens dans un lieu de ce type : des r\u00e9citals et rencontres o\u00f9 la force repose sur la pr\u00e9sence des interpr\u00e8tes, le cante et la guitare, sans qu\u2019il soit n\u00e9cessaire de remplir le patio de d\u00e9cors.<\/p>\n<p><strong>Id\u00e9al pour :<\/strong> ceux qui souhaitent vivre une nuit de Biennale dans un cadre monumental ind\u00e9niablement s\u00e9villan.<\/p>\n<\/div><\/div><\/div><\/div><\/div><\/div><\/div><\/section><section class=\"l-section wpb_row height_huge\"><div class=\"l-section-h i-cf\"><div class=\"g-cols vc_row via_flex valign_top type_default stacking_default\"><div class=\"vc_col-sm-6 wpb_column vc_column_container\"><div class=\"vc_column-inner\"><div class=\"wpb_wrapper\"><div class=\"wpb_text_column\"><div class=\"wpb_wrapper\"><h2 id=\"artilleria\">2. Real F\u00e1brica de Artiller\u00eda : patrimoine industriel pour le flamenco le plus contemporain<\/h2>\n<p>La <strong>Real F\u00e1brica de Artiller\u00eda<\/strong> propose une exp\u00e9rience totalement diff\u00e9rente. Ses origines remontent \u00e0 la fonderie de bronze de la famille Morel au XVIe si\u00e8cle, m\u00eame si le grand b\u00e2timent actuel a principalement pris forme au XVIIIe si\u00e8cle et a connu un fort d\u00e9veloppement sous Charles III.<\/p>\n<p>Ses nefs, vo\u00fbtes, patios, anciennes zones de fonderie et son \u00e9chelle industrielle font d\u2019Artiller\u00eda l\u2019un des espaces patrimoniaux les plus puissants de la ville. Apr\u00e8s des d\u00e9cennies li\u00e9es \u00e0 la production militaire, le site est aujourd\u2019hui r\u00e9cup\u00e9r\u00e9 comme grand \u00e9quipement culturel.<\/p>\n<p>La rudesse du b\u00e2timent fonctionne particuli\u00e8rement bien avec les projets qui explorent de nouveaux langages. L\u00e0 o\u00f9 San Luis invite au recueillement, Artiller\u00eda offre profondeur, mati\u00e8re, ombre et une sensation presque cin\u00e9matographique.<\/p>\n<\/div><\/div><\/div><\/div><\/div><div class=\"vc_col-sm-6 wpb_column vc_column_container\"><div class=\"vc_column-inner\"><div class=\"wpb_wrapper\"><div class=\"wpb_text_column\"><div class=\"wpb_wrapper\"><h2>Ce que programme la Biennale 2026 \u00e0 Artiller\u00eda<\/h2>\n<p>L\u2019\u00e9dition 2026 utilise le lieu pour deux grands axes cr\u00e9atifs :<\/p>\n<ul>\n<li><strong>13 et 14 septembre :<\/strong> Ana Morales pr\u00e9sente la cr\u00e9ation mondiale de <em>Rapsodia. Fantas\u00eda subterr\u00e1nea<\/em>.<\/li>\n<li><strong>22 septembre :<\/strong> <em>Trilog\u00eda. Al toque<\/em>, de Pablo Mart\u00edn Caminero.<\/li>\n<li><strong>23 septembre :<\/strong> <em>Trilog\u00eda. Al baile<\/em>, avec la participation de Mar\u00eda Moreno.<\/li>\n<li><strong>24 septembre :<\/strong> <em>Trilog\u00eda. Al cante<\/em>, avec David Carpio.<\/li>\n<\/ul>\n<p>Le dialogue entre un complexe industriel historique et des propositions de recherche sc\u00e9nique fait de ce lieu l\u2019un des meilleurs exemples d\u2019une Biennale qui ne s\u00e9pare pas tradition et avant-garde.<\/p>\n<p><strong>Id\u00e9al pour :<\/strong> ceux qui recherchent une exp\u00e9rience visuelle puissante et un flamenco de cr\u00e9ation contemporaine.<\/p>\n<\/div><\/div><\/div><\/div><\/div><\/div><\/div><\/section><section class=\"l-section wpb_row height_huge color_alternate with_shape\"><div class=\"l-section-shape type_zigzag pos_top\" style=\"height:3vmin;\"><svg xmlns=\"http:\/\/www.w3.org\/2000\/svg\" viewBox=\"0 0 64 8\" preserveAspectRatio=\"none\" width=\"100%\" height=\"100%\">\r\n\t<path fill=\"currentColor\" d=\"M64 8 L0 8 L0 0 L20 7.9 L40 3 L48 5 L64 0 Z\"\/>\r\n<\/svg><\/div><div class=\"l-section-shape type_zigzag pos_bottom\" style=\"height:3vmin;\"><svg xmlns=\"http:\/\/www.w3.org\/2000\/svg\" viewBox=\"0 0 64 8\" preserveAspectRatio=\"none\" width=\"100%\" height=\"100%\">\r\n\t<path fill=\"currentColor\" d=\"M64 8 L0 8 L0 0 L20 7.9 L40 3 L48 5 L64 0 Z\"\/>\r\n<\/svg><\/div><div class=\"l-section-h i-cf\"><div class=\"g-cols vc_row via_flex valign_top type_default stacking_default\"><div class=\"vc_col-sm-6 wpb_column vc_column_container\"><div class=\"vc_column-inner\"><div class=\"wpb_wrapper\"><div class=\"wpb_text_column\"><div class=\"wpb_wrapper\"><h2 id=\"san-luis\">3. San Luis de los Franceses : six matin\u00e9es dans un joyau baroque<\/h2>\n<p>L\u2019 <strong>\u00e9glise San Luis de los Franceses<\/strong> est probablement le lieu le plus intime et le plus ornemental de cette s\u00e9lection. L\u2019ensemble, construit entre <strong>1699 et 1731<\/strong> selon un projet de <strong>Leonardo de Figueroa<\/strong>, est consid\u00e9r\u00e9 comme l\u2019un des grands exemples du plein Baroque s\u00e9villan.<\/p>\n<p>Son architecture a \u00e9t\u00e9 con\u00e7ue pour envelopper le visiteur. Retables, peinture, sculpture, lumi\u00e8re et proportions travaillent ensemble et font de toute interpr\u00e9tation musicale une exp\u00e9rience diff\u00e9rente d\u2019un r\u00e9cital de salle conventionnel.<\/p>\n<p>La Biennale profite en outre d\u2019une particularit\u00e9 : les repr\u00e9sentations ont lieu \u00e0 <strong>12 h 00<\/strong>. La lumi\u00e8re du jour et le format r\u00e9duit modifient compl\u00e8tement le rythme habituel d\u2019un festival largement associ\u00e9 \u00e0 la nuit.<\/p>\n<\/div><\/div><\/div><\/div><\/div><div class=\"vc_col-sm-6 wpb_column vc_column_container\"><div class=\"vc_column-inner\"><div class=\"wpb_wrapper\"><div class=\"wpb_text_column\"><div class=\"wpb_wrapper\"><h2>Les Matin\u00e9es Uniques de San Luis<\/h2>\n<p>San Luis accueille six repr\u00e9sentations en dialogue avec l\u2019univers de la musique ancienne :<\/p>\n<ul>\n<li><strong>12 et 13 septembre :<\/strong> Pedro El Grana\u00edno, <em>Pan de oro<\/em>, avec Daniel Oyarz\u00e1bal.<\/li>\n<li><strong>19 et 20 septembre :<\/strong> Alejandro Hurtado, <em>Devenir de la guitarra<\/em>, avec Enrike Solin\u00eds.<\/li>\n<li><strong>26 et 27 septembre :<\/strong> Encarna Anillo, <em>Camino de flores<\/em>, avec Miguel Rinc\u00f3n.<\/li>\n<\/ul>\n<p>Nous avons pr\u00e9par\u00e9 un guide sp\u00e9cifique avec le programme et les cl\u00e9s de ce cycle de <a href=\"https:\/\/www.tablaosflamencos.com\/matines-unicas-bienal-flamenco-sevilla-2026.html\"><strong>Matin\u00e9es Uniques de la Biennale 2026<\/strong><\/a>.<\/p>\n<p><strong>Id\u00e9al pour :<\/strong> ceux qui privil\u00e9gient la proximit\u00e9, l\u2019acoustique naturelle, le patrimoine et une \u00e9coute pos\u00e9e.<\/p>\n<\/div><\/div><\/div><\/div><\/div><\/div><\/div><\/section><section class=\"l-section wpb_row height_huge\"><div class=\"l-section-h i-cf\"><div class=\"g-cols vc_row via_flex valign_top type_default stacking_default\"><div class=\"vc_col-sm-6 wpb_column vc_column_container\"><div class=\"vc_column-inner\"><div class=\"wpb_wrapper\"><div class=\"wpb_text_column\"><div class=\"wpb_wrapper\"><h2 id=\"hotel-triana\">4. Hotel Triana : un corral de vecinos avec le ciel pour toit<\/h2>\n<p>Le nom peut pr\u00eater \u00e0 confusion. L\u2019 <strong>Hotel Triana<\/strong> ne fonctionne aujourd\u2019hui pas comme un h\u00f4tel touristique. Il a \u00e9t\u00e9 construit \u00e0 l\u2019occasion de l\u2019Exposition ib\u00e9ro-am\u00e9ricaine de 1929 pour h\u00e9berger des visiteurs, mais n\u2019a jamais rempli cette fonction et a finalement \u00e9t\u00e9 transform\u00e9 en <strong>corral de vecinos<\/strong>.<\/p>\n<p>Sa structure en U autour d\u2019un grand patio conserve la logique communautaire de tant de maisons de voisins de Triana. Le b\u00e2timent, class\u00e9 Bien d\u2019Int\u00e9r\u00eat Culturel, a maintenu une relation particuli\u00e8rement forte avec la Biennale et avec la m\u00e9moire flamenca du quartier.<\/p>\n<p>Ici dispara\u00eet la distance solennelle d\u2019un th\u00e9\u00e2tre. Le patio, les galeries, les fa\u00e7ades int\u00e9rieures et le ciel ouvert cr\u00e9ent une atmosph\u00e8re qui rappelle qu\u2019une grande partie de l\u2019histoire sociale du flamenco s\u2019est d\u00e9velopp\u00e9e dans des espaces de vie partag\u00e9s, des patios, des r\u00e9unions et des f\u00eates.<\/p>\n<\/div><\/div><\/div><\/div><\/div><div class=\"vc_col-sm-6 wpb_column vc_column_container\"><div class=\"vc_column-inner\"><div class=\"wpb_wrapper\"><div class=\"wpb_text_column\"><div class=\"wpb_wrapper\"><h2>Le retour de l\u2019Hotel Triana en 2026<\/h2>\n<p>Apr\u00e8s quatre ann\u00e9es hors de la programmation, le lieu revient avec trois nuits cons\u00e9cutives con\u00e7ues comme des <strong>spectacles de fin de soir\u00e9e<\/strong> de la Biennale :<\/p>\n<ul>\n<li><strong>17 septembre :<\/strong> <em>Mujeres gitanas<\/em>, avec Remedios Amaya, Montse Cort\u00e9s, La Fabi et d\u2019autres artistes.<\/li>\n<li><strong>18 septembre :<\/strong> <em>Uvitas negras<\/em>, li\u00e9 au 75e anniversaire de la Pe\u00f1a Pozo de las Penas.<\/li>\n<li><strong>19 septembre :<\/strong> <em>Andaluc\u00eda en el Tiempo<\/em>, avec des artistes issus de diff\u00e9rentes provinces andalouses.<\/li>\n<\/ul>\n<p>Les trois sont con\u00e7ues comme des <a href=\"https:\/\/www.tablaosflamencos.com\/noches-unicas-bienal-flamenco-sevilla-2026.html\"><strong>Nuits Uniques<\/strong><\/a>, c\u2019est-\u00e0-dire des rencontres pens\u00e9es pour se produire d\u2019une mani\u00e8re impossible \u00e0 reproduire.<\/p>\n<p><strong>Id\u00e9al pour :<\/strong> ceux qui veulent vivre l\u2019une des atmosph\u00e8res les plus flamencas et les moins conventionnelles de toute la Biennale.<\/p>\n<\/div><\/div><\/div><\/div><\/div><\/div><\/div><\/section><section class=\"l-section wpb_row height_huge color_alternate with_shape\"><div class=\"l-section-shape type_zigzag pos_top\" style=\"height:3vmin;\"><svg xmlns=\"http:\/\/www.w3.org\/2000\/svg\" viewBox=\"0 0 64 8\" preserveAspectRatio=\"none\" width=\"100%\" height=\"100%\">\r\n\t<path fill=\"currentColor\" d=\"M64 8 L0 8 L0 0 L20 7.9 L40 3 L48 5 L64 0 Z\"\/>\r\n<\/svg><\/div><div class=\"l-section-shape type_zigzag pos_bottom\" style=\"height:3vmin;\"><svg xmlns=\"http:\/\/www.w3.org\/2000\/svg\" viewBox=\"0 0 64 8\" preserveAspectRatio=\"none\" width=\"100%\" height=\"100%\">\r\n\t<path fill=\"currentColor\" d=\"M64 8 L0 8 L0 0 L20 7.9 L40 3 L48 5 L64 0 Z\"\/>\r\n<\/svg><\/div><div class=\"l-section-h i-cf\"><div class=\"g-cols vc_row via_flex valign_top type_default stacking_default\"><div class=\"vc_col-sm-6 wpb_column vc_column_container\"><div class=\"vc_column-inner\"><div class=\"wpb_wrapper\"><div class=\"wpb_text_column\"><div class=\"wpb_wrapper\"><h2 id=\"plaza-toros\">5. Plaza de Toros de la Real Maestranza : une gala qui occupe toute l\u2019ar\u00e8ne<\/h2>\n<p>La <strong>Plaza de Toros de la Real Maestranza de Caballer\u00eda<\/strong> est l\u2019une des grandes ic\u00f4nes architecturales de S\u00e9ville. La construction en ma\u00e7onnerie a commenc\u00e9 au XVIIIe si\u00e8cle et la fermeture d\u00e9finitive de l\u2019ensemble a \u00e9t\u00e9 achev\u00e9e en 1881, apr\u00e8s un processus de plus d\u2019un si\u00e8cle.<\/p>\n<p>Son ar\u00e8ne d\u2019albero, ses arcades blanches et ocre et son \u00e9chelle circulaire produisent une image radicalement diff\u00e9rente de celle de n\u2019importe quel th\u00e9\u00e2tre. Pour un spectacle flamenco, cela signifie aussi affronter un espace immense, en plein air, avec le public entourant la sc\u00e8ne.<\/p>\n<p>En 2026, la Biennale utilise la plaza pour un seul grand rendez-vous, ce qui renforce son caract\u00e8re d\u2019\u00e9v\u00e9nement.<\/p>\n<\/div><\/div><\/div><\/div><\/div><div class=\"vc_col-sm-6 wpb_column vc_column_container\"><div class=\"vc_column-inner\"><div class=\"wpb_wrapper\"><div class=\"wpb_text_column\"><div class=\"wpb_wrapper\"><h2><em>El mundo por montera<\/em>: la grande gala du 10 septembre<\/h2>\n<p>Le <strong>10 septembre \u00e0 21 h 30<\/strong>, la Plaza de Toros accueille la Gala de la XXIVe Biennale <em>El mundo por montera<\/em>, avec Jos\u00e9 Merc\u00e9, Jos\u00e9 de la Tomasa, Martirio, Arc\u00e1ngel, La Tremendita, \u00c1ngeles Toledano, El Perrete, Manuel de la Tomasa et le Ballet Flamenco de Andaluc\u00eda dirig\u00e9 par Patricia Guerrero.<\/p>\n<p>Le rendez-vous a lieu un jour apr\u00e8s le preg\u00f3n du 9 septembre et constitue l\u2019une des grandes ouvertures publiques de l\u2019\u00e9dition. Vous pouvez en savoir plus dans notre guide sur <a href=\"https:\/\/www.tablaosflamencos.com\/inauguracion-bienal-flamenco-sevilla-2026.html\"><strong>l\u2019inauguration de la Biennale 2026<\/strong><\/a>.<\/p>\n<p><strong>Id\u00e9al pour :<\/strong> ceux qui recherchent l\u2019ampleur, l\u2019ambiance d\u2019un grand \u00e9v\u00e9nement et une nuit populaire dans un symbole de S\u00e9ville.<\/p>\n<\/div><\/div><\/div><\/div><\/div><\/div><\/div><\/section><section class=\"l-section wpb_row height_huge\"><div class=\"l-section-h i-cf\"><div class=\"g-cols vc_row via_flex valign_top type_default stacking_default\"><div class=\"vc_col-sm-6 wpb_column vc_column_container\"><div class=\"vc_column-inner\"><div class=\"wpb_wrapper\"><div class=\"wpb_text_column\"><div class=\"wpb_wrapper\"><h2 id=\"lope-vega\">6. Teatro Lope de Vega : le grand retour de la Biennale 2026<\/h2>\n<p>Le <strong>Teatro Lope de Vega<\/strong> ajoute \u00e0 cette \u00e9dition une dimension \u00e9motionnelle suppl\u00e9mentaire. Construit pour l\u2019Exposition ib\u00e9ro-am\u00e9ricaine de <strong>1929<\/strong>, l\u2019\u00e9difice n\u00e9obaroque faisait partie de l\u2019ancien Pavillon de S\u00e9ville avec le Casino de la Exposici\u00f3n.<\/p>\n<p>Apr\u00e8s avoir \u00e9t\u00e9 ferm\u00e9 pour travaux, le th\u00e9\u00e2tre rouvre au public \u00e0 l\u2019occasion de la Biennale. La r\u00e9habilitation compl\u00e8te a d\u00e9pass\u00e9 <strong>9,5 millions d\u2019euros<\/strong> et fait de son retour l\u2019un des \u00e9v\u00e9nements culturels de l\u2019ann\u00e9e \u00e0 S\u00e9ville.<\/p>\n<p>Ce n\u2019est pas un lieu comme les autres pour le festival. Le Lope est li\u00e9 depuis des d\u00e9cennies \u00e0 l\u2019histoire de la Biennale et sa r\u00e9ouverture restitue l\u2019une des salles qui repr\u00e9sentent le mieux la dimension th\u00e9\u00e2trale du flamenco dans la ville.<\/p>\n<\/div><\/div><\/div><\/div><\/div><div class=\"vc_col-sm-6 wpb_column vc_column_container\"><div class=\"vc_column-inner\"><div class=\"wpb_wrapper\"><div class=\"wpb_text_column\"><div class=\"wpb_wrapper\"><h2>Une programmation \u00e0 la hauteur de la r\u00e9ouverture<\/h2>\n<p>Le premier artiste \u00e0 fouler la sc\u00e8ne r\u00e9nov\u00e9e sera <strong>Dorantes<\/strong>, le 12 septembre, avec la cr\u00e9ation mondiale de <em>Fractal Arcano<\/em>. Viendront ensuite Arc\u00e1ngel, Antonio Reyes, Rafael Riqueni avec Tim Ries, Aurora Vargas et Juana Amaya, David Coria, Mayte Mart\u00edn, Alfonso Losa et d\u2019autres artistes.<\/p>\n<p>Le m\u00e9lange de cr\u00e9ations mondiales, de nuits uniques et d\u2019artistes de diff\u00e9rentes g\u00e9n\u00e9rations fait du Lope l\u2019un des lieux offrant la programmation la plus compl\u00e8te de toute l\u2019\u00e9dition.<\/p>\n<p>Son esth\u00e9tique de th\u00e9\u00e2tre historique offre en outre une exp\u00e9rience tr\u00e8s diff\u00e9rente de la modernit\u00e9 du Teatro Central ou de la grande \u00e9chelle du Maestranza.<\/p>\n<p><strong>Id\u00e9al pour :<\/strong> ceux qui appr\u00e9cient le th\u00e9\u00e2tre classique, l\u2019histoire de la Biennale et le symbole que repr\u00e9sente le fait d\u2019assister \u00e0 sa r\u00e9ouverture.<\/p>\n<\/div><\/div><\/div><\/div><\/div><\/div><\/div><\/section><section class=\"l-section wpb_row height_huge color_alternate with_shape\"><div class=\"l-section-shape type_zigzag pos_top\" style=\"height:3vmin;\"><svg xmlns=\"http:\/\/www.w3.org\/2000\/svg\" viewBox=\"0 0 64 8\" preserveAspectRatio=\"none\" width=\"100%\" height=\"100%\">\r\n\t<path fill=\"currentColor\" d=\"M64 8 L0 8 L0 0 L20 7.9 L40 3 L48 5 L64 0 Z\"\/>\r\n<\/svg><\/div><div class=\"l-section-shape type_zigzag pos_bottom\" style=\"height:3vmin;\"><svg xmlns=\"http:\/\/www.w3.org\/2000\/svg\" viewBox=\"0 0 64 8\" preserveAspectRatio=\"none\" width=\"100%\" height=\"100%\">\r\n\t<path fill=\"currentColor\" d=\"M64 8 L0 8 L0 0 L20 7.9 L40 3 L48 5 L64 0 Z\"\/>\r\n<\/svg><\/div><div class=\"l-section-h i-cf\"><div class=\"g-cols vc_row via_flex valign_top type_default stacking_default\"><div class=\"vc_col-sm-6 wpb_column vc_column_container\"><div class=\"vc_column-inner\"><div class=\"wpb_wrapper\"><div class=\"wpb_text_column\"><div class=\"wpb_wrapper\"><h2 id=\"teatro-maestranza\">7. Teatro de la Maestranza : la sc\u00e8ne des grands formats<\/h2>\n<p>Le <strong>Teatro de la Maestranza<\/strong> repr\u00e9sente le visage le plus contemporain et le plus ambitieux techniquement de cette s\u00e9lection. Inaugur\u00e9 en 1991 et con\u00e7u par les architectes Aurelio del Pozo et Luis Mar\u00edn, il est n\u00e9 comme un grand auditorium polyvalent avant d\u2019adapter sa cage de sc\u00e8ne aux exigences de l\u2019op\u00e9ra et des grandes productions.<\/p>\n<p>\u00c0 la Biennale, c\u2019est le lieu naturel des spectacles qui n\u00e9cessitent de l\u2019espace, de la machinerie sc\u00e9nique, une grande capacit\u00e9 et des possibilit\u00e9s techniques avanc\u00e9es. Face au caract\u00e8re patrimonial de l\u2019Alc\u00e1zar ou de San Luis, ici le protagonisme revient \u00e0 ce qui peut \u00eatre construit sur sc\u00e8ne.<\/p>\n<p>Cela ne signifie pas qu\u2019il manque d\u2019identit\u00e9 : son lien avec la musique et les arts de la sc\u00e8ne \u00e0 S\u00e9ville depuis l\u2019Expo 92 en a fait l\u2019un des grands th\u00e9\u00e2tres espagnols.<\/p>\n<\/div><\/div><\/div><\/div><\/div><div class=\"vc_col-sm-6 wpb_column vc_column_container\"><div class=\"vc_column-inner\"><div class=\"wpb_wrapper\"><div class=\"wpb_text_column\"><div class=\"wpb_wrapper\"><h2>Sara Baras, Israel Galv\u00e1n, Farruquito et la cl\u00f4ture<\/h2>\n<p>La programmation du Maestranza est l\u2019une des plus fortes de 2026. Sara Baras ouvre son cycle les <strong>11, 12 et 13 septembre<\/strong> avec la cr\u00e9ation mondiale de <em>Infinita<\/em>, son retour \u00e0 la Biennale quatorze ans plus tard. Retrouvez tous les d\u00e9tails dans notre guide consacr\u00e9 \u00e0 <a href=\"https:\/\/www.tablaosflamencos.com\/sara-baras-sevilla-2026-infinita-bienal.html\"><strong>Sara Baras \u00e0 S\u00e9ville en 2026<\/strong><\/a>.<\/p>\n<p>Le th\u00e9\u00e2tre accueillera ensuite Ca\u00f1izares avec la ROSS, Jos\u00e9 Merc\u00e9, Manuel Li\u00f1\u00e1n, Israel Galv\u00e1n, Farruquito et Marina Heredia, entre autres. Le <strong>3 octobre<\/strong> il accueillera \u00e9galement <em>Perlas a Millares<\/em>, le spectacle qui cl\u00f4t la XXIVe \u00e9dition.<\/p>\n<p><strong>Id\u00e9al pour :<\/strong> ceux qui veulent voir les productions de plus grande ampleur et quelques-uns des grands noms de l\u2019affiche.<\/p>\n<\/div><\/div><\/div><\/div><\/div><\/div><\/div><\/section><section class=\"l-section wpb_row height_huge\"><div class=\"l-section-h i-cf\"><div class=\"g-cols vc_row via_flex valign_top type_default stacking_default\"><div class=\"vc_col-sm-12 wpb_column vc_column_container\"><div class=\"vc_column-inner\"><div class=\"wpb_wrapper\"><div class=\"wpb_text_column\"><div class=\"wpb_wrapper\"><h2 id=\"como-elegir\">Quel lieu choisir ? L\u2019exp\u00e9rience change compl\u00e8tement<\/h2>\n<p>Il n\u2019existe pas de \u00ab meilleur \u00bb lieu universel. Le choix d\u00e9pend davantage de l\u2019exp\u00e9rience que vous souhaitez vivre que d\u2019une hi\u00e9rarchie architecturale.<\/p>\n<div style=\"overflow-x: auto;\">\n<table>\n<thead>\n<tr>\n<th>Si vous recherchez&#8230;<\/th>\n<th>Choisissez&#8230;<\/th>\n<\/tr>\n<\/thead>\n<tbody>\n<tr>\n<td>Le cadre monumental le plus impressionnant<\/td>\n<td><strong>Real Alc\u00e1zar<\/strong><\/td>\n<\/tr>\n<tr>\n<td>Intimit\u00e9, acoustique et patrimoine baroque<\/td>\n<td><strong>San Luis de los Franceses<\/strong><\/td>\n<\/tr>\n<tr>\n<td>Une atmosph\u00e8re flamenca de patio et de quartier<\/td>\n<td><strong>Hotel Triana<\/strong><\/td>\n<\/tr>\n<tr>\n<td>Architecture industrielle et cr\u00e9ation contemporaine<\/td>\n<td><strong>Real F\u00e1brica de Artiller\u00eda<\/strong><\/td>\n<\/tr>\n<tr>\n<td>Une grande nuit en plein air<\/td>\n<td><strong>Plaza de Toros de la Real Maestranza<\/strong><\/td>\n<\/tr>\n<tr>\n<td>Un th\u00e9\u00e2tre historique r\u00e9cemment restaur\u00e9<\/td>\n<td><strong>Teatro Lope de Vega<\/strong><\/td>\n<\/tr>\n<tr>\n<td>Grandes productions et capacit\u00e9 sc\u00e9nique maximale<\/td>\n<td><strong>Teatro de la Maestranza<\/strong><\/td>\n<\/tr>\n<\/tbody>\n<\/table>\n<\/div>\n<\/div><\/div><\/div><\/div><\/div><\/div><\/div><\/section><section class=\"l-section wpb_row height_huge color_alternate with_shape\"><div class=\"l-section-shape type_zigzag pos_top\" style=\"height:3vmin;\"><svg xmlns=\"http:\/\/www.w3.org\/2000\/svg\" viewBox=\"0 0 64 8\" preserveAspectRatio=\"none\" width=\"100%\" height=\"100%\">\r\n\t<path fill=\"currentColor\" d=\"M64 8 L0 8 L0 0 L20 7.9 L40 3 L48 5 L64 0 Z\"\/>\r\n<\/svg><\/div><div class=\"l-section-shape type_zigzag pos_bottom\" style=\"height:3vmin;\"><svg xmlns=\"http:\/\/www.w3.org\/2000\/svg\" viewBox=\"0 0 64 8\" preserveAspectRatio=\"none\" width=\"100%\" height=\"100%\">\r\n\t<path fill=\"currentColor\" d=\"M64 8 L0 8 L0 0 L20 7.9 L40 3 L48 5 L64 0 Z\"\/>\r\n<\/svg><\/div><div class=\"l-section-h i-cf\"><div class=\"g-cols vc_row via_flex valign_top type_default stacking_default\"><div class=\"vc_col-sm-6 wpb_column vc_column_container\"><div class=\"vc_column-inner\"><div class=\"wpb_wrapper\"><div class=\"wpb_text_column\"><div class=\"wpb_wrapper\"><h2 id=\"resto-espacios\">Les autres lieux officiels de la Biennale 2026<\/h2>\n<p>La s\u00e9lection pr\u00e9c\u00e9dente ne signifie pas que les autres lieux soient secondaires. La Biennale utilise \u00e9galement des espaces aux fonctions artistiques tr\u00e8s d\u00e9finies :<\/p>\n<ul>\n<li><strong>Teatro Central :<\/strong> principal territoire de la cr\u00e9ation sc\u00e9nique et du flamenco d\u2019avant-garde.<\/li>\n<li><strong>Espacio Turina :<\/strong> particuli\u00e8rement adapt\u00e9 \u00e0 la guitare, \u00e0 la musique et aux r\u00e9citals de format plus intime.<\/li>\n<li><strong>Teatro Alameda :<\/strong> accueille des cr\u00e9ations, de jeunes artistes et des propositions de cante, baile et toque.<\/li>\n<li><strong>CaixaForum Sevilla :<\/strong> int\u00e8gre la programmation familiale avec <em>Tirititr\u00e1n<\/em>.<\/li>\n<\/ul>\n<p>Dans son ensemble, l\u2019organisation pr\u00e9sente la ville comme une grande sc\u00e8ne ouverte o\u00f9 chaque lieu remplit une fonction diff\u00e9rente dans le r\u00e9cit de l\u2019\u00e9dition.<\/p>\n<\/div><\/div><\/div><\/div><\/div><div class=\"vc_col-sm-6 wpb_column vc_column_container\"><div class=\"vc_column-inner\"><div class=\"wpb_wrapper\"><div class=\"wpb_text_column\"><div class=\"wpb_wrapper\"><h2>Real Maestranza et Teatro de la Maestranza : ce ne sont pas le m\u00eame lieu<\/h2>\n<p>C\u2019est une confusion assez fr\u00e9quente et, en 2026, mieux vaut l\u2019\u00e9viter car les deux lieux accueillent une programmation importante.<\/p>\n<p>La <strong>Plaza de Toros de la Real Maestranza de Caballer\u00eda<\/strong> est le site historique de l\u2019Arenal o\u00f9 se tient la gala <em>El mundo por montera<\/em> le 10 septembre.<\/p>\n<p>Le <strong>Teatro de la Maestranza<\/strong>, lui aussi situ\u00e9 pr\u00e8s du fleuve mais dans un b\u00e2timent diff\u00e9rent, est le grand th\u00e9\u00e2tre inaugur\u00e9 en 1991 o\u00f9 se produisent Sara Baras, Jos\u00e9 Merc\u00e9, Israel Galv\u00e1n, Farruquito et d\u2019autres artistes.<\/p>\n<p>Avant d\u2019assister \u00e0 une repr\u00e9sentation, v\u00e9rifiez toujours le nom complet du lieu indiqu\u00e9 sur votre billet.<\/p>\n<\/div><\/div><\/div><\/div><\/div><\/div><\/div><\/section><section class=\"l-section wpb_row height_huge\"><div class=\"l-section-h i-cf\"><div class=\"g-cols vc_row via_flex valign_top type_default stacking_default\"><div class=\"vc_col-sm-12 wpb_column vc_column_container\"><div class=\"vc_column-inner\"><div class=\"wpb_wrapper\"><div class=\"wpb_text_column\"><div class=\"wpb_wrapper\"><h2 id=\"consejos\">Conseils pratiques pour d\u00e9couvrir la Biennale \u00e0 travers ses lieux<\/h2>\n<ul>\n<li><strong>Ne choisissez pas uniquement en fonction de l\u2019artiste.<\/strong> Cette \u00e9dition comprend des projets sp\u00e9cialement con\u00e7us pour dialoguer avec le lieu.<\/li>\n<li><strong>V\u00e9rifiez si la repr\u00e9sentation a lieu \u00e0 l\u2019int\u00e9rieur ou en plein air.<\/strong> Le Real Alc\u00e1zar, l\u2019Hotel Triana et la Plaza de Toros offrent une exp\u00e9rience tr\u00e8s diff\u00e9rente de celle des th\u00e9\u00e2tres ferm\u00e9s.<\/li>\n<li><strong>Pr\u00e9voyez les d\u00e9placements.<\/strong> M\u00eame si de nombreux lieux se trouvent dans le centre ou relativement proches les uns des autres, la Biennale se r\u00e9partit entre Arenal, Triana, San Bernardo, Cartuja, Macarena et d\u2019autres secteurs de la ville.<\/li>\n<li><strong>V\u00e9rifiez l\u2019acc\u00e8s pr\u00e9cis.<\/strong> Dans les b\u00e2timents monumentaux, l\u2019entr\u00e9e pour un spectacle peut ne pas correspondre \u00e0 celle de la visite touristique ordinaire.<\/li>\n<li><strong>Arrivez avec de l\u2019avance.<\/strong> Surtout les soirs de premi\u00e8re, lors des grandes galas et dans les sites patrimoniaux.<\/li>\n<li><strong>Combinez les formats.<\/strong> L\u2019une des meilleures fa\u00e7ons de comprendre l\u2019\u00e9dition est d\u2019assister \u00e0 une matin\u00e9e, \u00e0 un r\u00e9cital dans un monument et \u00e0 une grande production th\u00e9\u00e2trale.<\/li>\n<\/ul>\n<p>Si vous restez plusieurs jours \u00e0 S\u00e9ville, notre guide sur <a href=\"https:\/\/www.tablaosflamencos.com\/primer-fin-semana-bienal-flamenco-sevilla-2026.html\"><strong>ce qu\u2019il faut voir lors du premier week-end de la Biennale 2026<\/strong><\/a> peut vous aider \u00e0 construire un itin\u00e9raire complet.<\/p>\n<\/div><\/div><div class=\"w-separator size_medium\"><\/div><div class=\"w-hwrapper valign_top wrap stack_on_mobiles align_center\" style=\"--hwrapper-gap:1.2rem\"><div class=\"w-btn-wrapper align_none\"><a class=\"w-btn us-btn-style_1\" href=\"https:\/\/www.tablaosflamencos.com\/fr\/biennale-flamenco-seville-2026.html\"><span class=\"w-btn-label\">Programme et guide complet<\/span><\/a><\/div><div class=\"w-btn-wrapper align_none\"><a class=\"w-btn us-btn-style_1\" href=\"https:\/\/www.tablaosflamencos.com\/fr\/flamenco-a-seville\"><span class=\"w-btn-label\">Voir du flamenco \u00e0 S\u00e9ville<\/span><\/a><\/div><\/div><\/div><\/div><\/div><\/div><\/div><\/section><section class=\"l-section wpb_row height_huge color_alternate with_shape\"><div class=\"l-section-shape type_zigzag pos_top\" style=\"height:3vmin;\"><svg xmlns=\"http:\/\/www.w3.org\/2000\/svg\" viewBox=\"0 0 64 8\" preserveAspectRatio=\"none\" width=\"100%\" height=\"100%\">\r\n\t<path fill=\"currentColor\" d=\"M64 8 L0 8 L0 0 L20 7.9 L40 3 L48 5 L64 0 Z\"\/>\r\n<\/svg><\/div><div class=\"l-section-shape type_zigzag pos_bottom\" style=\"height:3vmin;\"><svg xmlns=\"http:\/\/www.w3.org\/2000\/svg\" viewBox=\"0 0 64 8\" preserveAspectRatio=\"none\" width=\"100%\" height=\"100%\">\r\n\t<path fill=\"currentColor\" d=\"M64 8 L0 8 L0 0 L20 7.9 L40 3 L48 5 L64 0 Z\"\/>\r\n<\/svg><\/div><div class=\"l-section-h i-cf\"><div class=\"g-cols vc_row via_flex valign_top type_default stacking_default\"><div class=\"vc_col-sm-12 wpb_column vc_column_container\"><div class=\"vc_column-inner\"><div class=\"wpb_wrapper\"><div class=\"wpb_text_column\"><div class=\"wpb_wrapper\"><h2 id=\"por-que-importan\" style=\"text-align: center;\">On se souvient aussi de la Biennale pour les lieux o\u00f9 elle s\u2019est d\u00e9roul\u00e9e<\/h2>\n<p style=\"text-align: center;\">Un grand festival pourrait se contenter d\u2019engager des artistes et de les r\u00e9partir entre diff\u00e9rents th\u00e9\u00e2tres. La Biennale de S\u00e9ville fait quelque chose de plus int\u00e9ressant : elle utilise la ville elle-m\u00eame comme partie int\u00e9grante du langage du festival.<\/p>\n<p style=\"text-align: center;\">En 2026, cette id\u00e9e appara\u00eet avec une clart\u00e9 particuli\u00e8re. Le retour du Lope de Vega apr\u00e8s sa r\u00e9habilitation, la r\u00e9cup\u00e9ration de l\u2019Hotel Triana, l\u2019utilisation cr\u00e9ative de la Real F\u00e1brica de Artiller\u00eda, les matin\u00e9es baroques de San Luis, les nuits de l\u2019Alc\u00e1zar et la grande gala \u00e0 la Plaza de Toros construisent une g\u00e9ographie flamenca qui ne pourrait exister qu\u2019\u00e0 S\u00e9ville.<\/p>\n<p style=\"text-align: center;\">C\u2019est pourquoi, lorsque deux spectacles vous int\u00e9ressent autant, regardez aussi le lieu. \u00c0 la Biennale, parfois <strong>le lieu est l\u2019artiste qui n\u2019appara\u00eet pas sur l\u2019affiche<\/strong>.<\/p>\n<\/div><\/div><\/div><\/div><\/div><\/div><\/div><\/section><section class=\"l-section wpb_row height_huge\"><div class=\"l-section-h i-cf\"><div class=\"g-cols vc_row via_flex valign_top type_default stacking_default\"><div class=\"vc_col-sm-12 wpb_column vc_column_container\"><div class=\"vc_column-inner\"><div class=\"wpb_wrapper\"><div class=\"wpb_text_column\"><div class=\"wpb_wrapper\"><h2 id=\"fuentes\">Sources et mise \u00e0 jour<\/h2>\n<p>Pour \u00e9laborer ce guide, nous avons v\u00e9rifi\u00e9 la <a href=\"https:\/\/www.labienal.com\/espacios\" target=\"_blank\" rel=\"noopener\"><strong>liste officielle des lieux de la XXIVe Biennale<\/strong><\/a>, la <a href=\"https:\/\/www.labienal.com\/programa-general\/programacion-por-espacios\" target=\"_blank\" rel=\"noopener\"><strong>programmation officielle par lieu<\/strong><\/a> et les informations patrimoniales publi\u00e9es par la Mairie de S\u00e9ville, l\u2019ICAS, le Real Alc\u00e1zar, la Real Maestranza et le Teatro de la Maestranza.<\/p>\n<p><strong>Informations v\u00e9rifi\u00e9es le 1er septembre 2026.<\/strong> Les dates, horaires, acc\u00e8s et disponibilit\u00e9s peuvent \u00eatre modifi\u00e9s par l\u2019organisation.<\/p>\n<\/div><\/div><\/div><\/div><\/div><\/div><\/div><\/section><section class=\"l-section wpb_row height_huge\"><div class=\"l-section-h i-cf\"><div class=\"g-cols vc_row via_flex valign_top type_default stacking_default\"><div class=\"vc_col-sm-1\/5 wpb_column vc_column_container\"><div class=\"vc_column-inner\"><div class=\"wpb_wrapper\"><\/div><\/div><\/div><div class=\"vc_col-sm-3\/5 wpb_column vc_column_container\"><div class=\"vc_column-inner\"><div class=\"wpb_wrapper\"><div class=\"wpb_text_column\"><div class=\"wpb_wrapper\"><h2 id=\"faq\" style=\"text-align: center;\">Questions fr\u00e9quentes sur les lieux de la Biennale de Flamenco de S\u00e9ville 2026<\/h2>\n<\/div><\/div><div class=\"w-separator size_medium\"><\/div><div class=\"w-tabs accordion toggle_style_1 has_scrolling\" style=\"--sections-title-size:inherit;--sections-gap:0.5rem;\"><div class=\"w-tabs-sections titles-align_none icon_chevron cpos_right\"><div class=\"w-tabs-section\" id=\"c438\"><button type=\"button\" class=\"w-tabs-section-header\" aria-controls=\"content-c438\" aria-expanded=\"false\"><div class=\"w-tabs-section-title\">Combien de lieux compte la Biennale de Flamenco de S\u00e9ville 2026 ?<\/div><div class=\"w-tabs-section-control\"><\/div><\/button><div  class=\"w-tabs-section-content\" id=\"content-c438\"><div class=\"w-tabs-section-content-h i-cf\"><div class=\"wpb_text_column\"><div class=\"wpb_wrapper\"><p>La programmation de la XXIVe Biennale se r\u00e9partit sur <strong>11 lieux<\/strong> \u00e0 S\u00e9ville, entre th\u00e9\u00e2tres, monuments, patios historiques et centres culturels.<\/p>\n<\/div><\/div><\/div><\/div><\/div><div class=\"w-tabs-section\" id=\"f53a\"><button type=\"button\" class=\"w-tabs-section-header\" aria-controls=\"content-f53a\" aria-expanded=\"false\"><div class=\"w-tabs-section-title\">Quel est le lieu le plus monumental de la Biennale 2026 ?<\/div><div class=\"w-tabs-section-control\"><\/div><\/button><div  class=\"w-tabs-section-content\" id=\"content-f53a\"><div class=\"w-tabs-section-content-h i-cf\"><div class=\"wpb_text_column\"><div class=\"wpb_wrapper\"><p>Le <strong>Patio de la Monter\u00eda du Real Alc\u00e1zar<\/strong> est probablement le cadre monumental le plus exceptionnel gr\u00e2ce \u00e0 son environnement historique et aux repr\u00e9sentations en plein air face au Palais mud\u00e9jar.<\/p>\n<\/div><\/div><\/div><\/div><\/div><div class=\"w-tabs-section\" id=\"p61a\"><button type=\"button\" class=\"w-tabs-section-header\" aria-controls=\"content-p61a\" aria-expanded=\"false\"><div class=\"w-tabs-section-title\">O\u00f9 ont lieu les Matin\u00e9es Uniques ?<\/div><div class=\"w-tabs-section-control\"><\/div><\/button><div  class=\"w-tabs-section-content\" id=\"content-p61a\"><div class=\"w-tabs-section-content-h i-cf\"><div class=\"wpb_text_column\"><div class=\"wpb_wrapper\"><p>Les six Matin\u00e9es Uniques se d\u00e9roulent dans l\u2019 <strong>\u00e9glise San Luis de los Franceses<\/strong> les 12, 13, 19, 20, 26 et 27 septembre, toujours \u00e0 12 h 00.<\/p>\n<\/div><\/div><\/div><\/div><\/div><div class=\"w-tabs-section\" id=\"h77d\"><button type=\"button\" class=\"w-tabs-section-header\" aria-controls=\"content-h77d\" aria-expanded=\"false\"><div class=\"w-tabs-section-title\">Qu\u2019est-ce que l\u2019Hotel Triana ?<\/div><div class=\"w-tabs-section-control\"><\/div><\/button><div  class=\"w-tabs-section-content\" id=\"content-h77d\"><div class=\"w-tabs-section-content-h i-cf\"><div class=\"wpb_text_column\"><div class=\"wpb_wrapper\"><p>C\u2019est un b\u00e2timent construit pour l\u2019Exposition ib\u00e9ro-am\u00e9ricaine de 1929 qui n\u2019a jamais fonctionn\u00e9 comme h\u00f4tel et a \u00e9t\u00e9 transform\u00e9 en <strong>corral de vecinos<\/strong>. Son patio est l\u2019un des lieux les plus caract\u00e9ristiques de la Biennale et l\u2019un de ceux qui poss\u00e8dent la plus forte m\u00e9moire flamenca.<\/p>\n<\/div><\/div><\/div><\/div><\/div><div class=\"w-tabs-section\" id=\"o8b8\"><button type=\"button\" class=\"w-tabs-section-header\" aria-controls=\"content-o8b8\" aria-expanded=\"false\"><div class=\"w-tabs-section-title\">Quand le Teatro Lope de Vega rouvre-t-il ?<\/div><div class=\"w-tabs-section-control\"><\/div><\/button><div  class=\"w-tabs-section-content\" id=\"content-o8b8\"><div class=\"w-tabs-section-content-h i-cf\"><div class=\"wpb_text_column\"><div class=\"wpb_wrapper\"><p>Le Lope de Vega rouvre au public \u00e0 l\u2019occasion de la Biennale 2026 apr\u00e8s une r\u00e9habilitation compl\u00e8te. La premi\u00e8re repr\u00e9sentation de la Biennale sur sa sc\u00e8ne sera <em>Fractal Arcano<\/em>, de Dorantes, le <strong>12 septembre<\/strong>.<\/p>\n<\/div><\/div><\/div><\/div><\/div><div class=\"w-tabs-section\" id=\"g9c3\"><button type=\"button\" class=\"w-tabs-section-header\" aria-controls=\"content-g9c3\" aria-expanded=\"false\"><div class=\"w-tabs-section-title\">La Plaza de Toros et le Teatro de la Maestranza sont-ils le m\u00eame lieu ?<\/div><div class=\"w-tabs-section-control\"><\/div><\/button><div  class=\"w-tabs-section-content\" id=\"content-g9c3\"><div class=\"w-tabs-section-content-h i-cf\"><div class=\"wpb_text_column\"><div class=\"wpb_wrapper\"><p>Non. Ce sont deux b\u00e2timents diff\u00e9rents. La <strong>Plaza de Toros de la Real Maestranza<\/strong> accueille la grande gala du 10 septembre ; le <strong>Teatro de la Maestranza<\/strong> accueille Sara Baras, Israel Galv\u00e1n, Jos\u00e9 Merc\u00e9, Farruquito et d\u2019autres grandes productions.<\/p>\n<\/div><\/div><\/div><\/div><\/div><div class=\"w-tabs-section\" id=\"hace\"><button type=\"button\" class=\"w-tabs-section-header\" aria-controls=\"content-hace\" aria-expanded=\"false\"><div class=\"w-tabs-section-title\">Quel lieu est le meilleur pour voir du flamenco d\u2019avant-garde ?<\/div><div class=\"w-tabs-section-control\"><\/div><\/button><div  class=\"w-tabs-section-content\" id=\"content-hace\"><div class=\"w-tabs-section-content-h i-cf\"><div class=\"wpb_text_column\"><div class=\"wpb_wrapper\"><p>La <strong>Real F\u00e1brica de Artiller\u00eda<\/strong> et le <strong>Teatro Central<\/strong> sont deux des lieux les plus li\u00e9s \u00e0 la recherche et aux langages contemporains dans la programmation 2026.<\/p>\n<\/div><\/div><\/div><\/div><\/div><div class=\"w-tabs-section\" id=\"ebf4\"><button type=\"button\" class=\"w-tabs-section-header\" aria-controls=\"content-ebf4\" aria-expanded=\"false\"><div class=\"w-tabs-section-title\">O\u00f9 puis-je consulter la programmation par lieu ?<\/div><div class=\"w-tabs-section-control\"><\/div><\/button><div  class=\"w-tabs-section-content\" id=\"content-ebf4\"><div class=\"w-tabs-section-content-h i-cf\"><div class=\"wpb_text_column\"><div class=\"wpb_wrapper\"><p>Le site officiel de la Biennale dispose d\u2019une section consacr\u00e9e \u00e0 la <strong>programmation par lieu<\/strong>. Vous pouvez \u00e9galement utiliser notre guide complet de la Biennale de Flamenco de S\u00e9ville 2026 pour organiser votre visite.<\/p>\n<\/div><\/div><\/div><\/div><\/div><\/div><\/div><\/div><\/div><\/div><div class=\"vc_col-sm-1\/5 wpb_column vc_column_container\"><div class=\"vc_column-inner\"><div class=\"wpb_wrapper\"><\/div><\/div><\/div><\/div><\/div><\/section>\n","protected":false},"excerpt":{"rendered":"<p>D\u00e9couvrez les lieux les plus spectaculaires de la Biennale de Flamenco de S\u00e9ville 2026 : Real Alc\u00e1zar, Maestranza, San Luis, Hotel Triana, Artiller\u00eda et plus encore.<\/p>\n","protected":false},"author":1,"featured_media":13957,"comment_status":"closed","ping_status":"closed","sticky":false,"template":"","format":"standard","meta":{"_acf_changed":false,"wpai_generated_summary":"","_ayudawp_aiss_exclude":false,"_ayudawp_aiss_exclude_summary":false,"_ayudawp_aiss_summary":"","_ayudawp_aiss_summary_provider":"","_ayudawp_aiss_summary_hash":"","footnotes":""},"categories":[1428],"tags":[1862,1238,1239,1240,1241,1155,1868,1242],"class_list":["post-14006","post","type-post","status-publish","format-standard","has-post-thumbnail","hentry","category-biennale-de-flamenco","tag-activites-a-seville","tag-agenda-flamenca","tag-bienal-2026","tag-bienal-de-flamenco","tag-festivales-flamencos","tag-flamenco-en-sevilla","tag-que-voir-a-seville","tag-sevilla"],"acf":[],"yoast_head":"<!-- This site is optimized with the Yoast SEO Premium plugin v28.4 (Yoast SEO v28.4) - https:\/\/yoast.com\/product\/yoast-seo-premium-wordpress\/ -->\n<title>Lieux de la Biennale de Flamenco de S\u00e9ville 2026<\/title>\n<meta name=\"description\" content=\"D\u00e9couvrez les lieux les plus spectaculaires de la Biennale de Flamenco de S\u00e9ville 2026 : Real Alc\u00e1zar, Maestranza, San Luis, Hotel Triana, Artiller\u00eda et plus.\" \/>\n<meta name=\"robots\" content=\"index, follow, max-snippet:-1, max-image-preview:large, max-video-preview:-1\" \/>\n<link rel=\"canonical\" href=\"https:\/\/www.tablaosflamencos.com\/fr\/lieux-spectaculaires-biennale-flamenco-seville-2026.html\" \/>\n<meta property=\"og:locale\" content=\"fr_FR\" \/>\n<meta property=\"og:type\" content=\"article\" \/>\n<meta property=\"og:title\" content=\"Les lieux les plus spectaculaires de la Biennale de Flamenco de S\u00e9ville 2026\" \/>\n<meta property=\"og:description\" content=\"D\u00e9couvrez les lieux les plus spectaculaires de la Biennale de Flamenco de S\u00e9ville 2026 : Real Alc\u00e1zar, Maestranza, San Luis, Hotel Triana, Artiller\u00eda et plus.\" \/>\n<meta property=\"og:url\" content=\"https:\/\/www.tablaosflamencos.com\/fr\/lieux-spectaculaires-biennale-flamenco-seville-2026.html\" \/>\n<meta property=\"og:site_name\" content=\"Tablaos Flamencos\" \/>\n<meta property=\"article:publisher\" content=\"https:\/\/www.facebook.com\/tablaosflamencos\" \/>\n<meta property=\"article:published_time\" content=\"2026-09-01T22:28:39+00:00\" \/>\n<meta property=\"article:modified_time\" content=\"2026-09-01T22:56:21+00:00\" \/>\n<meta property=\"og:image\" content=\"https:\/\/www.tablaosflamencos.com\/wp-content\/uploads\/los-espacios-mas-espectaculares-de-la-bienal-de-flamenco-de-sevilla-2026-01.webp\" \/>\n\t<meta property=\"og:image:width\" content=\"1920\" \/>\n\t<meta property=\"og:image:height\" content=\"1072\" \/>\n\t<meta property=\"og:image:type\" content=\"image\/webp\" \/>\n<meta name=\"author\" content=\"Miguel Ortiz\" \/>\n<meta name=\"twitter:card\" content=\"summary_large_image\" \/>\n<meta name=\"twitter:creator\" content=\"@tablaosflamenco\" \/>\n<meta name=\"twitter:site\" content=\"@tablaosflamenco\" \/>\n<meta name=\"twitter:label1\" content=\"\u00c9crit par\" \/>\n\t<meta name=\"twitter:data1\" content=\"Miguel Ortiz\" \/>\n\t<meta name=\"twitter:label2\" content=\"Dur\u00e9e de lecture estim\u00e9e\" \/>\n\t<meta name=\"twitter:data2\" content=\"22 minutes\" \/>\n<script type=\"application\/ld+json\" class=\"yoast-schema-graph\">{\"@context\":\"https:\\\/\\\/schema.org\",\"@graph\":[{\"@type\":\"Article\",\"@id\":\"https:\\\/\\\/www.tablaosflamencos.com\\\/fr\\\/lieux-spectaculaires-biennale-flamenco-seville-2026.html#article\",\"isPartOf\":{\"@id\":\"https:\\\/\\\/www.tablaosflamencos.com\\\/fr\\\/lieux-spectaculaires-biennale-flamenco-seville-2026.html\"},\"author\":{\"name\":\"Miguel Ortiz\",\"@id\":\"https:\\\/\\\/www.tablaosflamencos.com\\\/fr#\\\/schema\\\/person\\\/e7a9ebe14eb75a52ceabfbffb3c54f5d\"},\"headline\":\"Les lieux les plus spectaculaires de la Biennale de Flamenco de S\u00e9ville 2026\",\"datePublished\":\"2026-09-01T22:28:39+00:00\",\"dateModified\":\"2026-09-01T22:56:21+00:00\",\"mainEntityOfPage\":{\"@id\":\"https:\\\/\\\/www.tablaosflamencos.com\\\/fr\\\/lieux-spectaculaires-biennale-flamenco-seville-2026.html\"},\"wordCount\":4489,\"publisher\":{\"@id\":\"https:\\\/\\\/www.tablaosflamencos.com\\\/fr#organization\"},\"image\":{\"@id\":\"https:\\\/\\\/www.tablaosflamencos.com\\\/fr\\\/lieux-spectaculaires-biennale-flamenco-seville-2026.html#primaryimage\"},\"thumbnailUrl\":\"https:\\\/\\\/www.tablaosflamencos.com\\\/wp-content\\\/uploads\\\/los-espacios-mas-espectaculares-de-la-bienal-de-flamenco-de-sevilla-2026-01.webp\",\"keywords\":[\"activit\u00e9s \u00e0 S\u00e9ville\",\"agenda flamenca\",\"Bienal 2026\",\"Bienal de Flamenco\",\"festivales flamencos\",\"flamenco en Sevilla\",\"que voir \u00e0 S\u00e9ville\",\"sevilla\"],\"articleSection\":[\"Biennale de Flamenco\"],\"inLanguage\":\"fr-FR\"},{\"@type\":\"WebPage\",\"@id\":\"https:\\\/\\\/www.tablaosflamencos.com\\\/fr\\\/lieux-spectaculaires-biennale-flamenco-seville-2026.html\",\"url\":\"https:\\\/\\\/www.tablaosflamencos.com\\\/fr\\\/lieux-spectaculaires-biennale-flamenco-seville-2026.html\",\"name\":\"Lieux de la Biennale de Flamenco de S\u00e9ville 2026\",\"isPartOf\":{\"@id\":\"https:\\\/\\\/www.tablaosflamencos.com\\\/fr#website\"},\"primaryImageOfPage\":{\"@id\":\"https:\\\/\\\/www.tablaosflamencos.com\\\/fr\\\/lieux-spectaculaires-biennale-flamenco-seville-2026.html#primaryimage\"},\"image\":{\"@id\":\"https:\\\/\\\/www.tablaosflamencos.com\\\/fr\\\/lieux-spectaculaires-biennale-flamenco-seville-2026.html#primaryimage\"},\"thumbnailUrl\":\"https:\\\/\\\/www.tablaosflamencos.com\\\/wp-content\\\/uploads\\\/los-espacios-mas-espectaculares-de-la-bienal-de-flamenco-de-sevilla-2026-01.webp\",\"datePublished\":\"2026-09-01T22:28:39+00:00\",\"dateModified\":\"2026-09-01T22:56:21+00:00\",\"description\":\"D\u00e9couvrez les lieux les plus spectaculaires de la Biennale de Flamenco de S\u00e9ville 2026 : Real Alc\u00e1zar, Maestranza, San Luis, Hotel Triana, Artiller\u00eda et plus.\",\"breadcrumb\":{\"@id\":\"https:\\\/\\\/www.tablaosflamencos.com\\\/fr\\\/lieux-spectaculaires-biennale-flamenco-seville-2026.html#breadcrumb\"},\"inLanguage\":\"fr-FR\",\"potentialAction\":[{\"@type\":\"ReadAction\",\"target\":[\"https:\\\/\\\/www.tablaosflamencos.com\\\/fr\\\/lieux-spectaculaires-biennale-flamenco-seville-2026.html\"]}]},{\"@type\":\"ImageObject\",\"inLanguage\":\"fr-FR\",\"@id\":\"https:\\\/\\\/www.tablaosflamencos.com\\\/fr\\\/lieux-spectaculaires-biennale-flamenco-seville-2026.html#primaryimage\",\"url\":\"https:\\\/\\\/www.tablaosflamencos.com\\\/wp-content\\\/uploads\\\/los-espacios-mas-espectaculares-de-la-bienal-de-flamenco-de-sevilla-2026-01.webp\",\"contentUrl\":\"https:\\\/\\\/www.tablaosflamencos.com\\\/wp-content\\\/uploads\\\/los-espacios-mas-espectaculares-de-la-bienal-de-flamenco-de-sevilla-2026-01.webp\",\"width\":1920,\"height\":1072,\"caption\":\"Los espacios m\u00e1s espectaculares de la Bienal de Flamenco de Sevilla 2026\"},{\"@type\":\"BreadcrumbList\",\"@id\":\"https:\\\/\\\/www.tablaosflamencos.com\\\/fr\\\/lieux-spectaculaires-biennale-flamenco-seville-2026.html#breadcrumb\",\"itemListElement\":[{\"@type\":\"ListItem\",\"position\":1,\"name\":\"Home\",\"item\":\"https:\\\/\\\/www.tablaosflamencos.com\\\/fr\"},{\"@type\":\"ListItem\",\"position\":2,\"name\":\"Les lieux les plus spectaculaires de la Biennale de Flamenco de S\u00e9ville 2026\"}]},{\"@type\":\"WebSite\",\"@id\":\"https:\\\/\\\/www.tablaosflamencos.com\\\/fr#website\",\"url\":\"https:\\\/\\\/www.tablaosflamencos.com\\\/fr\",\"name\":\"Tablaos Flamencos\",\"description\":\"Entradas para tablaos flamencos de Espa\u00f1a\",\"publisher\":{\"@id\":\"https:\\\/\\\/www.tablaosflamencos.com\\\/fr#organization\"},\"alternateName\":\"Tablaos Flamencos\",\"potentialAction\":[{\"@type\":\"SearchAction\",\"target\":{\"@type\":\"EntryPoint\",\"urlTemplate\":\"https:\\\/\\\/www.tablaosflamencos.com\\\/fr?s={search_term_string}\"},\"query-input\":{\"@type\":\"PropertyValueSpecification\",\"valueRequired\":true,\"valueName\":\"search_term_string\"}}],\"inLanguage\":\"fr-FR\"},{\"@type\":[\"Organization\",\"Place\",\"EntertainmentBusiness\"],\"@id\":\"https:\\\/\\\/www.tablaosflamencos.com\\\/fr#organization\",\"name\":\"Tablaos Flamencos\",\"alternateName\":\"Tablaos Flamencos\",\"url\":\"https:\\\/\\\/www.tablaosflamencos.com\\\/fr\",\"logo\":{\"@id\":\"https:\\\/\\\/www.tablaosflamencos.com\\\/fr\\\/lieux-spectaculaires-biennale-flamenco-seville-2026.html#local-main-organization-logo\"},\"image\":{\"@id\":\"https:\\\/\\\/www.tablaosflamencos.com\\\/fr\\\/lieux-spectaculaires-biennale-flamenco-seville-2026.html#local-main-organization-logo\"},\"sameAs\":[\"https:\\\/\\\/www.facebook.com\\\/tablaosflamencos\",\"https:\\\/\\\/x.com\\\/tablaosflamenco\",\"https:\\\/\\\/mastodon.social\\\/@tablaosflamencos\",\"https:\\\/\\\/www.instagram.com\\\/tablaosflamencos\",\"https:\\\/\\\/tiktok.com\\\/@tablaosflamencos\",\"https:\\\/\\\/www.linkedin.com\\\/company\\\/109408238\\\/\"],\"description\":\"Venta de entradas para espect\u00e1culos flamencos\",\"legalName\":\"Tablaos Flamencos\",\"foundingDate\":\"2015-01-01\",\"numberOfEmployees\":{\"@type\":\"QuantitativeValue\",\"minValue\":\"1\",\"maxValue\":\"10\"},\"address\":{\"@id\":\"https:\\\/\\\/www.tablaosflamencos.com\\\/fr\\\/lieux-spectaculaires-biennale-flamenco-seville-2026.html#local-main-place-address\"},\"geo\":{\"@type\":\"GeoCoordinates\",\"latitude\":\"37.3868072\",\"longitude\":\"-5.993280299999999\"},\"telephone\":[\"+34623787787\"],\"contactPoint\":{\"@type\":\"ContactPoint\",\"telephone\":\"+34623787787\",\"email\":\"info@tablaosflamencos.com\"},\"openingHoursSpecification\":{\"@type\":\"OpeningHoursSpecification\",\"dayOfWeek\":[\"Monday\",\"Tuesday\",\"Wednesday\",\"Thursday\",\"Friday\",\"Saturday\",\"Sunday\"],\"opens\":\"00:00\",\"closes\":\"23:59\"},\"email\":\"info@tablaosflamencos.com\",\"priceRange\":\"$$$\",\"currenciesAccepted\":\"\u20ac\"},{\"@type\":\"Person\",\"@id\":\"https:\\\/\\\/www.tablaosflamencos.com\\\/fr#\\\/schema\\\/person\\\/e7a9ebe14eb75a52ceabfbffb3c54f5d\",\"name\":\"Miguel Ortiz\",\"description\":\"Miguel Ortiz es un empresario flamenco, con una s\u00f3lida trayectoria dentro del sector. Ha presidido entidades culturales vinculadas al flamenco y, cuenta con un amplio recorrido profesional en la gesti\u00f3n y promoci\u00f3n de espect\u00e1culos y tablaos flamencos. Su pasi\u00f3n por la historia y el arte flamenco se refleja en cada art\u00edculo, donde combina experiencia, criterio y un profundo respeto por la tradici\u00f3n.\",\"sameAs\":[\"https:\\\/\\\/www.tablaosflamencos.com\",\"https:\\\/\\\/www.instagra.com\\\/miguelortizfe\",\"https:\\\/\\\/www.linkedin.com\\\/in\\\/miguelortizf\\\/\"],\"birthDate\":\"1984-11-22\",\"gender\":\"hombre\",\"knowsLanguage\":[\"espa\u00f1ol\",\"ingl\u00e9s\"],\"jobTitle\":\"Empresario flamenco\"},{\"@type\":\"PostalAddress\",\"@id\":\"https:\\\/\\\/www.tablaosflamencos.com\\\/fr\\\/lieux-spectaculaires-biennale-flamenco-seville-2026.html#local-main-place-address\",\"streetAddress\":\"C\\\/ Alemanes, 19\",\"addressLocality\":\"Sevilla\",\"postalCode\":\"41004\",\"addressRegion\":\"Sevilla\",\"addressCountry\":\"ES\"},{\"@type\":\"ImageObject\",\"inLanguage\":\"fr-FR\",\"@id\":\"https:\\\/\\\/www.tablaosflamencos.com\\\/fr\\\/lieux-spectaculaires-biennale-flamenco-seville-2026.html#local-main-organization-logo\",\"url\":\"https:\\\/\\\/www.tablaosflamencos.com\\\/wp-content\\\/uploads\\\/tablaos-flamencos-06-3.webp\",\"contentUrl\":\"https:\\\/\\\/www.tablaosflamencos.com\\\/wp-content\\\/uploads\\\/tablaos-flamencos-06-3.webp\",\"width\":600,\"height\":620,\"caption\":\"Tablaos Flamencos\"}]}<\/script>\n<meta name=\"geo.placename\" content=\"Sevilla\" \/>\n<meta name=\"geo.position\" content=\"37.3868072;-5.993280299999999\" \/>\n<meta name=\"geo.region\" content=\"Espagne\" \/>\n<!-- \/ Yoast SEO Premium plugin. -->","yoast_head_json":{"title":"Lieux de la Biennale de Flamenco de S\u00e9ville 2026","description":"D\u00e9couvrez les lieux les plus spectaculaires de la Biennale de Flamenco de S\u00e9ville 2026 : Real Alc\u00e1zar, Maestranza, San Luis, Hotel Triana, Artiller\u00eda et plus.","robots":{"index":"index","follow":"follow","max-snippet":"max-snippet:-1","max-image-preview":"max-image-preview:large","max-video-preview":"max-video-preview:-1"},"canonical":"https:\/\/www.tablaosflamencos.com\/fr\/lieux-spectaculaires-biennale-flamenco-seville-2026.html","og_locale":"fr_FR","og_type":"article","og_title":"Les lieux les plus spectaculaires de la Biennale de Flamenco de S\u00e9ville 2026","og_description":"D\u00e9couvrez les lieux les plus spectaculaires de la Biennale de Flamenco de S\u00e9ville 2026 : Real Alc\u00e1zar, Maestranza, San Luis, Hotel Triana, Artiller\u00eda et plus.","og_url":"https:\/\/www.tablaosflamencos.com\/fr\/lieux-spectaculaires-biennale-flamenco-seville-2026.html","og_site_name":"Tablaos Flamencos","article_publisher":"https:\/\/www.facebook.com\/tablaosflamencos","article_published_time":"2026-09-01T22:28:39+00:00","article_modified_time":"2026-09-01T22:56:21+00:00","og_image":[{"width":1920,"height":1072,"url":"https:\/\/www.tablaosflamencos.com\/wp-content\/uploads\/los-espacios-mas-espectaculares-de-la-bienal-de-flamenco-de-sevilla-2026-01.webp","type":"image\/webp"}],"author":"Miguel Ortiz","twitter_card":"summary_large_image","twitter_creator":"@tablaosflamenco","twitter_site":"@tablaosflamenco","twitter_misc":{"\u00c9crit par":"Miguel Ortiz","Dur\u00e9e de lecture estim\u00e9e":"22 minutes"},"schema":{"@context":"https:\/\/schema.org","@graph":[{"@type":"Article","@id":"https:\/\/www.tablaosflamencos.com\/fr\/lieux-spectaculaires-biennale-flamenco-seville-2026.html#article","isPartOf":{"@id":"https:\/\/www.tablaosflamencos.com\/fr\/lieux-spectaculaires-biennale-flamenco-seville-2026.html"},"author":{"name":"Miguel Ortiz","@id":"https:\/\/www.tablaosflamencos.com\/fr#\/schema\/person\/e7a9ebe14eb75a52ceabfbffb3c54f5d"},"headline":"Les lieux les plus spectaculaires de la Biennale de Flamenco de S\u00e9ville 2026","datePublished":"2026-09-01T22:28:39+00:00","dateModified":"2026-09-01T22:56:21+00:00","mainEntityOfPage":{"@id":"https:\/\/www.tablaosflamencos.com\/fr\/lieux-spectaculaires-biennale-flamenco-seville-2026.html"},"wordCount":4489,"publisher":{"@id":"https:\/\/www.tablaosflamencos.com\/fr#organization"},"image":{"@id":"https:\/\/www.tablaosflamencos.com\/fr\/lieux-spectaculaires-biennale-flamenco-seville-2026.html#primaryimage"},"thumbnailUrl":"https:\/\/www.tablaosflamencos.com\/wp-content\/uploads\/los-espacios-mas-espectaculares-de-la-bienal-de-flamenco-de-sevilla-2026-01.webp","keywords":["activit\u00e9s \u00e0 S\u00e9ville","agenda flamenca","Bienal 2026","Bienal de Flamenco","festivales flamencos","flamenco en Sevilla","que voir \u00e0 S\u00e9ville","sevilla"],"articleSection":["Biennale de Flamenco"],"inLanguage":"fr-FR"},{"@type":"WebPage","@id":"https:\/\/www.tablaosflamencos.com\/fr\/lieux-spectaculaires-biennale-flamenco-seville-2026.html","url":"https:\/\/www.tablaosflamencos.com\/fr\/lieux-spectaculaires-biennale-flamenco-seville-2026.html","name":"Lieux de la Biennale de Flamenco de S\u00e9ville 2026","isPartOf":{"@id":"https:\/\/www.tablaosflamencos.com\/fr#website"},"primaryImageOfPage":{"@id":"https:\/\/www.tablaosflamencos.com\/fr\/lieux-spectaculaires-biennale-flamenco-seville-2026.html#primaryimage"},"image":{"@id":"https:\/\/www.tablaosflamencos.com\/fr\/lieux-spectaculaires-biennale-flamenco-seville-2026.html#primaryimage"},"thumbnailUrl":"https:\/\/www.tablaosflamencos.com\/wp-content\/uploads\/los-espacios-mas-espectaculares-de-la-bienal-de-flamenco-de-sevilla-2026-01.webp","datePublished":"2026-09-01T22:28:39+00:00","dateModified":"2026-09-01T22:56:21+00:00","description":"D\u00e9couvrez les lieux les plus spectaculaires de la Biennale de Flamenco de S\u00e9ville 2026 : Real Alc\u00e1zar, Maestranza, San Luis, Hotel Triana, Artiller\u00eda et plus.","breadcrumb":{"@id":"https:\/\/www.tablaosflamencos.com\/fr\/lieux-spectaculaires-biennale-flamenco-seville-2026.html#breadcrumb"},"inLanguage":"fr-FR","potentialAction":[{"@type":"ReadAction","target":["https:\/\/www.tablaosflamencos.com\/fr\/lieux-spectaculaires-biennale-flamenco-seville-2026.html"]}]},{"@type":"ImageObject","inLanguage":"fr-FR","@id":"https:\/\/www.tablaosflamencos.com\/fr\/lieux-spectaculaires-biennale-flamenco-seville-2026.html#primaryimage","url":"https:\/\/www.tablaosflamencos.com\/wp-content\/uploads\/los-espacios-mas-espectaculares-de-la-bienal-de-flamenco-de-sevilla-2026-01.webp","contentUrl":"https:\/\/www.tablaosflamencos.com\/wp-content\/uploads\/los-espacios-mas-espectaculares-de-la-bienal-de-flamenco-de-sevilla-2026-01.webp","width":1920,"height":1072,"caption":"Los espacios m\u00e1s espectaculares de la Bienal de Flamenco de Sevilla 2026"},{"@type":"BreadcrumbList","@id":"https:\/\/www.tablaosflamencos.com\/fr\/lieux-spectaculaires-biennale-flamenco-seville-2026.html#breadcrumb","itemListElement":[{"@type":"ListItem","position":1,"name":"Home","item":"https:\/\/www.tablaosflamencos.com\/fr"},{"@type":"ListItem","position":2,"name":"Les lieux les plus spectaculaires de la Biennale de Flamenco de S\u00e9ville 2026"}]},{"@type":"WebSite","@id":"https:\/\/www.tablaosflamencos.com\/fr#website","url":"https:\/\/www.tablaosflamencos.com\/fr","name":"Tablaos Flamencos","description":"Entradas para tablaos flamencos de Espa\u00f1a","publisher":{"@id":"https:\/\/www.tablaosflamencos.com\/fr#organization"},"alternateName":"Tablaos Flamencos","potentialAction":[{"@type":"SearchAction","target":{"@type":"EntryPoint","urlTemplate":"https:\/\/www.tablaosflamencos.com\/fr?s={search_term_string}"},"query-input":{"@type":"PropertyValueSpecification","valueRequired":true,"valueName":"search_term_string"}}],"inLanguage":"fr-FR"},{"@type":["Organization","Place","EntertainmentBusiness"],"@id":"https:\/\/www.tablaosflamencos.com\/fr#organization","name":"Tablaos Flamencos","alternateName":"Tablaos Flamencos","url":"https:\/\/www.tablaosflamencos.com\/fr","logo":{"@id":"https:\/\/www.tablaosflamencos.com\/fr\/lieux-spectaculaires-biennale-flamenco-seville-2026.html#local-main-organization-logo"},"image":{"@id":"https:\/\/www.tablaosflamencos.com\/fr\/lieux-spectaculaires-biennale-flamenco-seville-2026.html#local-main-organization-logo"},"sameAs":["https:\/\/www.facebook.com\/tablaosflamencos","https:\/\/x.com\/tablaosflamenco","https:\/\/mastodon.social\/@tablaosflamencos","https:\/\/www.instagram.com\/tablaosflamencos","https:\/\/tiktok.com\/@tablaosflamencos","https:\/\/www.linkedin.com\/company\/109408238\/"],"description":"Venta de entradas para espect\u00e1culos flamencos","legalName":"Tablaos Flamencos","foundingDate":"2015-01-01","numberOfEmployees":{"@type":"QuantitativeValue","minValue":"1","maxValue":"10"},"address":{"@id":"https:\/\/www.tablaosflamencos.com\/fr\/lieux-spectaculaires-biennale-flamenco-seville-2026.html#local-main-place-address"},"geo":{"@type":"GeoCoordinates","latitude":"37.3868072","longitude":"-5.993280299999999"},"telephone":["+34623787787"],"contactPoint":{"@type":"ContactPoint","telephone":"+34623787787","email":"info@tablaosflamencos.com"},"openingHoursSpecification":{"@type":"OpeningHoursSpecification","dayOfWeek":["Monday","Tuesday","Wednesday","Thursday","Friday","Saturday","Sunday"],"opens":"00:00","closes":"23:59"},"email":"info@tablaosflamencos.com","priceRange":"$$$","currenciesAccepted":"\u20ac"},{"@type":"Person","@id":"https:\/\/www.tablaosflamencos.com\/fr#\/schema\/person\/e7a9ebe14eb75a52ceabfbffb3c54f5d","name":"Miguel Ortiz","description":"Miguel Ortiz es un empresario flamenco, con una s\u00f3lida trayectoria dentro del sector. Ha presidido entidades culturales vinculadas al flamenco y, cuenta con un amplio recorrido profesional en la gesti\u00f3n y promoci\u00f3n de espect\u00e1culos y tablaos flamencos. Su pasi\u00f3n por la historia y el arte flamenco se refleja en cada art\u00edculo, donde combina experiencia, criterio y un profundo respeto por la tradici\u00f3n.","sameAs":["https:\/\/www.tablaosflamencos.com","https:\/\/www.instagra.com\/miguelortizfe","https:\/\/www.linkedin.com\/in\/miguelortizf\/"],"birthDate":"1984-11-22","gender":"hombre","knowsLanguage":["espa\u00f1ol","ingl\u00e9s"],"jobTitle":"Empresario flamenco"},{"@type":"PostalAddress","@id":"https:\/\/www.tablaosflamencos.com\/fr\/lieux-spectaculaires-biennale-flamenco-seville-2026.html#local-main-place-address","streetAddress":"C\/ Alemanes, 19","addressLocality":"Sevilla","postalCode":"41004","addressRegion":"Sevilla","addressCountry":"ES"},{"@type":"ImageObject","inLanguage":"fr-FR","@id":"https:\/\/www.tablaosflamencos.com\/fr\/lieux-spectaculaires-biennale-flamenco-seville-2026.html#local-main-organization-logo","url":"https:\/\/www.tablaosflamencos.com\/wp-content\/uploads\/tablaos-flamencos-06-3.webp","contentUrl":"https:\/\/www.tablaosflamencos.com\/wp-content\/uploads\/tablaos-flamencos-06-3.webp","width":600,"height":620,"caption":"Tablaos Flamencos"}]},"geo.placename":"Sevilla","geo.position":{"lat":"37.3868072","long":"-5.993280299999999"},"geo.region":"Espagne"},"_links":{"self":[{"href":"https:\/\/www.tablaosflamencos.com\/fr\/wp-json\/wp\/v2\/posts\/14006","targetHints":{"allow":["GET"]}}],"collection":[{"href":"https:\/\/www.tablaosflamencos.com\/fr\/wp-json\/wp\/v2\/posts"}],"about":[{"href":"https:\/\/www.tablaosflamencos.com\/fr\/wp-json\/wp\/v2\/types\/post"}],"author":[{"embeddable":true,"href":"https:\/\/www.tablaosflamencos.com\/fr\/wp-json\/wp\/v2\/users\/1"}],"replies":[{"embeddable":true,"href":"https:\/\/www.tablaosflamencos.com\/fr\/wp-json\/wp\/v2\/comments?post=14006"}],"version-history":[{"count":1,"href":"https:\/\/www.tablaosflamencos.com\/fr\/wp-json\/wp\/v2\/posts\/14006\/revisions"}],"predecessor-version":[{"id":14018,"href":"https:\/\/www.tablaosflamencos.com\/fr\/wp-json\/wp\/v2\/posts\/14006\/revisions\/14018"}],"wp:featuredmedia":[{"embeddable":true,"href":"https:\/\/www.tablaosflamencos.com\/fr\/wp-json\/wp\/v2\/media\/13957"}],"wp:attachment":[{"href":"https:\/\/www.tablaosflamencos.com\/fr\/wp-json\/wp\/v2\/media?parent=14006"}],"wp:term":[{"taxonomy":"category","embeddable":true,"href":"https:\/\/www.tablaosflamencos.com\/fr\/wp-json\/wp\/v2\/categories?post=14006"},{"taxonomy":"post_tag","embeddable":true,"href":"https:\/\/www.tablaosflamencos.com\/fr\/wp-json\/wp\/v2\/tags?post=14006"}],"curies":[{"name":"wp","href":"https:\/\/api.w.org\/{rel}","templated":true}]}}