{"id":13953,"date":"2026-09-02T00:19:31","date_gmt":"2026-09-01T22:19:31","guid":{"rendered":"https:\/\/www.tablaosflamencos.com\/?p=13953"},"modified":"2026-09-02T00:47:20","modified_gmt":"2026-09-01T22:47:20","slug":"flamenco-ayamonte-tradition-ou-en-profiter","status":"publish","type":"post","link":"https:\/\/www.tablaosflamencos.com\/fr\/flamenco-ayamonte-tradition-ou-en-profiter.html","title":{"rendered":"Flamenco \u00e0 Ayamonte : tradition du flamenco et o\u00f9 en profiter"},"content":{"rendered":"<section class=\"l-section wpb_row height_huge\"><div class=\"l-section-h i-cf\"><div class=\"g-cols vc_row via_flex valign_top type_default stacking_default\"><div class=\"vc_col-sm-6 wpb_column vc_column_container\"><div class=\"vc_column-inner\"><div class=\"wpb_wrapper\"><div class=\"wpb_text_column\"><div class=\"wpb_wrapper\"><h2>Ayamonte, une porte d\u2019entr\u00e9e du flamenco \u00e0 l\u2019extr\u00eame ouest de l\u2019Andalousie<\/h2>\n<p>Parler de <strong>flamenco \u00e0 Ayamonte<\/strong> oblige \u00e0 regarder au-del\u00e0 d\u2019un seul spectacle. La ville se trouve \u00e0 l\u2019un des points les plus singuliers de la carte flamenca andalouse : pr\u00e8s de l\u2019embouchure du Guadiana, face au Portugal et dans une province, Huelva, qui a donn\u00e9 au flamenco l\u2019une de ses familles de chants les plus reconnaissables, le fandango.<\/p>\n<p>Ayamonte n\u2019appara\u00eet g\u00e9n\u00e9ralement pas dans les grands r\u00e9cits historiques au m\u00eame niveau que Jerez, Triana, Cadix ou Utrera, mais cela ne signifie pas que le flamenco soit \u00e9tranger \u00e0 sa vie culturelle. Au contraire : festivals, concerts, hommages, initiatives municipales et, ces derni\u00e8res ann\u00e9es, la consolidation d\u2019un tablao stable ont peu \u00e0 peu cr\u00e9\u00e9 un petit \u00e9cosyst\u00e8me permettant de profiter du flamenco de diff\u00e9rentes mani\u00e8res.<\/p>\n<p>Ce guide se concentre pr\u00e9cis\u00e9ment sur cette dimension culturelle : <strong>quelle tradition flamenca entoure Ayamonte, comment elle se rattache au flamenco de Huelva et o\u00f9 un visiteur peut aujourd\u2019hui la d\u00e9couvrir<\/strong>, dans un tablao, lors de festivals, dans des th\u00e9\u00e2tres ou \u00e0 travers des programmations sp\u00e9ciales.<\/p>\n<\/div><\/div><\/div><\/div><\/div><div class=\"vc_col-sm-6 wpb_column vc_column_container\"><div class=\"vc_column-inner\"><div class=\"wpb_wrapper\"><div class=\"wpb_text_column\"><div class=\"wpb_wrapper\"><h3>Flamenco \u00e0 Ayamonte : r\u00e9ponse rapide<\/h3>\n<ul>\n<li><strong>Tradition :<\/strong> Ayamonte fait partie du territoire flamenco de Huelva, o\u00f9 le fandango poss\u00e8de un poids historique fondamental.<\/li>\n<li><strong>Important :<\/strong> il n\u2019est pas conseill\u00e9 de parler d\u2019un \u00ab fandango d\u2019Ayamonte \u00bb comme d\u2019un style flamenco pleinement \u00e9tabli ; les grandes r\u00e9f\u00e9rences provinciales se trouvent dans des foyers comme Alosno et Huelva.<\/li>\n<li><strong>Flamenco r\u00e9gulier :<\/strong> Tablao Flamenco La Puerta Ancha propose r\u00e9guli\u00e8rement du flamenco en direct dans le centre-ville.<\/li>\n<li><strong>Programmation culturelle :<\/strong> Teatro Cardenio, Casa Grande, Patio de la Jaboner\u00eda et d\u2019autres espaces accueillent des concerts et des cycles flamencos selon la saison.<\/li>\n<li><strong>Initiative municipale :<\/strong> la mairie a lanc\u00e9 \u00ab Flamenco Ayamonte \u00bb comme programmation sp\u00e9cifiquement consacr\u00e9e \u00e0 cet art.<\/li>\n<li><strong>Avantage g\u00e9ographique :<\/strong> Ayamonte sert \u00e9galement de porte d\u2019entr\u00e9e au flamenco pour les voyageurs s\u00e9journant \u00e0 Isla Canela et dans l\u2019Algarve oriental.<\/li>\n<\/ul>\n<\/div><\/div><\/div><\/div><\/div><\/div><\/div><\/section><section class=\"l-section wpb_row height_huge color_alternate with_shape\"><div class=\"l-section-shape type_zigzag pos_top hor_flip\" style=\"height:3vmin;\"><svg xmlns=\"http:\/\/www.w3.org\/2000\/svg\" viewBox=\"0 0 64 8\" preserveAspectRatio=\"none\" width=\"100%\" height=\"100%\">\r\n\t<path fill=\"currentColor\" d=\"M64 8 L0 8 L0 0 L20 7.9 L40 3 L48 5 L64 0 Z\"\/>\r\n<\/svg><\/div><div class=\"l-section-shape type_zigzag pos_bottom\" style=\"height:3vmin;\"><svg xmlns=\"http:\/\/www.w3.org\/2000\/svg\" viewBox=\"0 0 64 8\" preserveAspectRatio=\"none\" width=\"100%\" height=\"100%\">\r\n\t<path fill=\"currentColor\" d=\"M64 8 L0 8 L0 0 L20 7.9 L40 3 L48 5 L64 0 Z\"\/>\r\n<\/svg><\/div><div class=\"l-section-h i-cf\"><div class=\"g-cols vc_row via_flex valign_top type_default stacking_default\"><div class=\"vc_col-sm-12 wpb_column vc_column_container\"><div class=\"vc_column-inner\"><div class=\"wpb_wrapper\"><div class=\"wpb_text_column\"><div class=\"wpb_wrapper\"><h2>Quelle tradition flamenca poss\u00e8de Ayamonte ?<\/h2>\n<p>Ayamonte appartient \u00e0 une province dot\u00e9e d\u2019une personnalit\u00e9 flamenca propre. \u00c0 Huelva, le <strong>fandango<\/strong> n\u2019est pas simplement un palo de plus dans le r\u00e9pertoire : c\u2019est une famille de styles locaux, de variantes et de formes d\u2019interpr\u00e9tation qui, depuis des d\u00e9cennies, constitue l\u2019un des grands signes musicaux du territoire.<\/p>\n<p>Cette r\u00e9alit\u00e9 exige toutefois de la pr\u00e9cision. La litt\u00e9rature flamenca ne reconna\u00eet pas avec le m\u00eame consensus un style sp\u00e9cifiquement appel\u00e9 <strong>fandango d\u2019Ayamonte<\/strong>. Certaines recherches historiques ont remis en question l\u2019existence d\u2019une modalit\u00e9 flamenca autonome attribuable \u00e0 la ville. Il est donc plus juste de situer Ayamonte dans le <strong>contexte culturel du fandango de Huelva<\/strong> plut\u00f4t que d\u2019inventer une appellation locale qui n\u2019est pas solidement \u00e9tablie dans la flamencologie.<\/p>\n<p>Le lien d\u2019Ayamonte avec le flamenco s\u2019observe autrement : dans sa programmation, dans la pr\u00e9sence continue d\u2019artistes de Huelva, dans les hommages rendus \u00e0 des figures essentielles de la province et dans la capacit\u00e9 de ses espaces culturels \u00e0 accueillir des propositions allant du cante traditionnel aux cr\u00e9ations contemporaines.<\/p>\n<p>D\u00e8s 1980, une publication municipale de l\u2019\u00e9poque faisait \u00e9tat \u00e0 Ayamonte d\u2019une conf\u00e9rence de flamencologie illustr\u00e9e par Paco Toronjo et Isidro, deux noms li\u00e9s au fandango de Huelva. Des d\u00e9cennies plus tard, ce lien continue d\u2019appara\u00eetre dans les festivals et hommages programm\u00e9s dans la ville.<\/p>\n<\/div><\/div><\/div><\/div><\/div><\/div><\/div><\/section><section class=\"l-section wpb_row height_huge\"><div class=\"l-section-h i-cf\"><div class=\"g-cols vc_row via_flex valign_top type_default stacking_default\"><div class=\"vc_col-sm-12 wpb_column vc_column_container\"><div class=\"vc_column-inner\"><div class=\"wpb_wrapper\"><div class=\"wpb_text_column\"><div class=\"wpb_wrapper\"><h2>Le fandango de Huelva : la grande r\u00e9f\u00e9rence flamenca du territoire<\/h2>\n<p>Pour comprendre le flamenco \u00e0 Ayamonte, il convient de regarder l\u2019ensemble de la province. Huelva poss\u00e8de une g\u00e9ographie du fandango extraordinairement riche, avec des styles et des formes associ\u00e9s \u00e0 diff\u00e9rentes localit\u00e9s. Parmi tous ces foyers, <strong>Alosno<\/strong> occupe une place essentielle et la figure de <strong>Paco Toronjo<\/strong> est devenue une r\u00e9f\u00e9rence d\u00e9cisive pour la diffusion et la consolidation du fandango de Huelva au XXe si\u00e8cle.<\/p>\n<p>Ayamonte a maintenu vivant ce lien culturel dans sa propre programmation. Le Festival Internacional de M\u00fasica Ciudad de Ayamonte a inclus, dans diff\u00e9rentes \u00e9ditions, des propositions flamencas li\u00e9es \u00e0 cette tradition. En 2018, par exemple, il a programm\u00e9 <em>Vive Alosno. 20 a\u00f1os sin Paco Toronjo<\/em>. Et en ao\u00fbt 2026, le Patio de la Jaboner\u00eda a de nouveau accueilli une <strong>Noche Alosnera avec Jeromo Segura<\/strong> con\u00e7ue comme un hommage \u00e0 Paco Toronjo.<\/p>\n<p>Il ne s\u2019agit pas de faire d\u2019Ayamonte le berceau de styles qui appartiennent historiquement \u00e0 d\u2019autres communes, mais de comprendre son r\u00f4le comme <strong>sc\u00e8ne et point de diffusion de la culture flamenca de Huelva<\/strong>. Cette distinction permet de raconter sa tradition avec plus de rigueur et, en m\u00eame temps, d\u2019expliquer pourquoi un voyageur peut trouver ici des programmations flamencas profond\u00e9ment li\u00e9es \u00e0 l\u2019identit\u00e9 de Huelva.<\/p>\n<\/div><\/div><\/div><\/div><\/div><\/div><\/div><\/section><section class=\"l-section wpb_row height_huge color_alternate with_shape\"><div class=\"l-section-shape type_zigzag pos_top hor_flip\" style=\"height:3vmin;\"><svg xmlns=\"http:\/\/www.w3.org\/2000\/svg\" viewBox=\"0 0 64 8\" preserveAspectRatio=\"none\" width=\"100%\" height=\"100%\">\r\n\t<path fill=\"currentColor\" d=\"M64 8 L0 8 L0 0 L20 7.9 L40 3 L48 5 L64 0 Z\"\/>\r\n<\/svg><\/div><div class=\"l-section-shape type_zigzag pos_bottom\" style=\"height:3vmin;\"><svg xmlns=\"http:\/\/www.w3.org\/2000\/svg\" viewBox=\"0 0 64 8\" preserveAspectRatio=\"none\" width=\"100%\" height=\"100%\">\r\n\t<path fill=\"currentColor\" d=\"M64 8 L0 8 L0 0 L20 7.9 L40 3 L48 5 L64 0 Z\"\/>\r\n<\/svg><\/div><div class=\"l-section-h i-cf\"><div class=\"g-cols vc_row via_flex valign_top type_default stacking_default\"><div class=\"vc_col-sm-12 wpb_column vc_column_container\"><div class=\"vc_column-inner\"><div class=\"wpb_wrapper\"><div class=\"wpb_text_column\"><div class=\"wpb_wrapper\"><h2>\u00ab Flamenco Ayamonte \u00bb : le flamenco comme programmation culturelle de la ville<\/h2>\n<p>L\u2019une des \u00e9tapes les plus int\u00e9ressantes de ces derni\u00e8res ann\u00e9es a \u00e9t\u00e9 la cr\u00e9ation par la mairie de la programmation <strong>\u00ab Flamenco Ayamonte \u00bb<\/strong>. La premi\u00e8re \u00e9dition officielle a \u00e9t\u00e9 pr\u00e9sent\u00e9e en 2024 \u00e0 l\u2019occasion de la Journ\u00e9e internationale du flamenco et est n\u00e9e avec une intention claire : renforcer la connaissance de l\u2019art flamenco et faire de la ville un point de rencontre culturel autour de ce patrimoine.<\/p>\n<p>Cette programmation associait diff\u00e9rents formats. Elle comprenait de la m\u00e9diation, avec la conf\u00e9rence <em>Flamenco. Arqueolog\u00eda de lo Jondo<\/em> ; une exposition provenant de l\u2019Instituto Andaluz del Flamenco, <em>Flamenco. C\u00f3digo Abierto<\/em> ; des propositions sc\u00e9niques et un concert flamenco. Il est significatif que l\u2019initiative ne se soit pas limit\u00e9e \u00e0 engager un spectacle, mais qu\u2019elle ait aussi inclus <strong>histoire, connaissance, patrimoine et spectacle<\/strong>.<\/p>\n<p>L\u2019agenda touristique municipal a de nouveau inclus \u00ab Flamenco Ayamonte \u00bb en novembre 2025, avec des expositions, des conf\u00e9rences et des concerts dans des espaces comme Casa Grande et Teatro Cardenio. La continuit\u00e9 de ce type de programmation est particuli\u00e8rement importante, car elle montre une volont\u00e9 d\u2019int\u00e9grer le flamenco \u00e0 l\u2019identit\u00e9 culturelle contemporaine de la ville.<\/p>\n<p>Pour les prochaines \u00e9ditions, il est recommand\u00e9 de consulter l\u2019agenda culturel d\u2019Ayamonte en automne, notamment autour de la Journ\u00e9e internationale du flamenco, car les dates et les contenus peuvent changer chaque ann\u00e9e.<\/p>\n<\/div><\/div><\/div><\/div><\/div><\/div><\/div><\/section><section class=\"l-section wpb_row height_huge\"><div class=\"l-section-h i-cf\"><div class=\"g-cols vc_row via_flex valign_top type_default stacking_default\"><div class=\"vc_col-sm-6 wpb_column vc_column_container\"><div class=\"vc_column-inner\"><div class=\"wpb_wrapper\"><div class=\"wpb_text_column\"><div class=\"wpb_wrapper\"><h2>Tablao Flamenco La Puerta Ancha : flamenco en direct dans le centre d\u2019Ayamonte<\/h2>\n<p>Pour ceux qui ne veulent pas d\u00e9pendre du hasard d\u2019un festival ou d\u2019un concert ponctuel, la r\u00e9f\u00e9rence la plus claire est <strong>Tablao Flamenco La Puerta Ancha<\/strong>, situ\u00e9 sur la Plaza de la Laguna. Son importance dans l\u2019offre locale tient pr\u00e9cis\u00e9ment \u00e0 son format de tablao : un espace intime, une grande proximit\u00e9 avec les artistes et une exp\u00e9rience centr\u00e9e sur le cante, la guitare et la danse.<\/p>\n<p>La Puerta Ancha permet \u00e0 Ayamonte de disposer d\u2019une offre flamenca plus stable qu\u2019une ville d\u00e9pendant exclusivement des festivals d\u2019\u00e9t\u00e9. Sa situation en plein centre facilite aussi la combinaison du spectacle avec une promenade dans le centre historique et fait du flamenco une partie naturelle d\u2019une soir\u00e9e en ville.<\/p>\n<p>Sur Tablaos Flamencos, nous disposons d\u2019un guide sp\u00e9cifique consacr\u00e9 \u00e0 l\u2019\u00e9tablissement, \u00e0 son format et \u00e0 la mani\u00e8re d\u2019organiser une visite depuis Ayamonte, Isla Canela ou le Portugal.<\/p>\n<\/div><\/div><div class=\"w-btn-wrapper align_none\"><a class=\"w-btn us-btn-style_1\" href=\"https:\/\/www.tablaosflamencos.com\/fr\/tablao-flamenco-la-puerta-ancha-ayamonte.html\"><span class=\"w-btn-label\">Voir le guide du Tablao La Puerta Ancha<\/span><\/a><\/div><\/div><\/div><\/div><div class=\"vc_col-sm-6 wpb_column vc_column_container\"><div class=\"vc_column-inner\"><div class=\"wpb_wrapper\"><div class=\"wpb_text_column\"><div class=\"wpb_wrapper\"><h2>Teatro Cardenio, Casa Grande et Patio de la Jaboner\u00eda<\/h2>\n<p>Le flamenco \u00e0 Ayamonte ne se limite pas au tablao. La ville dispose de plusieurs espaces culturels qui ont accueilli des spectacles flamencos et des propositions li\u00e9es au genre.<\/p>\n<p><strong>Teatro Cardenio<\/strong> appara\u00eet r\u00e9guli\u00e8rement dans l\u2019agenda culturel local et a accueilli des concerts et des spectacles li\u00e9s au flamenco et \u00e0 la copla. <strong>Casa Grande<\/strong>, en plus de son activit\u00e9 d\u2019exposition et culturelle, a fait partie de programmes sp\u00e9cifiques comme \u00ab Flamenco Ayamonte \u00bb.<\/p>\n<p>Le <strong>Patio de la Jaboner\u00eda<\/strong> est particuli\u00e8rement int\u00e9ressant pendant le Festival Internacional de M\u00fasica Ciudad de Ayamonte. La programmation 2026 a notamment inclus le pianiste flamenco Dorantes et une soir\u00e9e d\u2019hommage \u00e0 Paco Toronjo avec Jeromo Segura. Lors d\u2019autres \u00e9ditions, des artistes comme Arc\u00e1ngel ou Alba Molina se sont produits dans ce festival.<\/p>\n<p>Pour le visiteur, l\u2019essentiel est de distinguer entre <strong>offre r\u00e9guli\u00e8re<\/strong> et <strong>programmation culturelle temporaire<\/strong> : ces espaces ne fonctionnent pas comme des tablaos permanents, mais ils peuvent offrir certaines des soir\u00e9es flamencas les plus int\u00e9ressantes de l\u2019ann\u00e9e lorsque la programmation co\u00efncide avec votre visite.<\/p>\n<\/div><\/div><\/div><\/div><\/div><\/div><\/div><\/section><section class=\"l-section wpb_row height_huge color_alternate with_shape\"><div class=\"l-section-shape type_zigzag pos_top hor_flip\" style=\"height:3vmin;\"><svg xmlns=\"http:\/\/www.w3.org\/2000\/svg\" viewBox=\"0 0 64 8\" preserveAspectRatio=\"none\" width=\"100%\" height=\"100%\">\r\n\t<path fill=\"currentColor\" d=\"M64 8 L0 8 L0 0 L20 7.9 L40 3 L48 5 L64 0 Z\"\/>\r\n<\/svg><\/div><div class=\"l-section-shape type_zigzag pos_bottom\" style=\"height:3vmin;\"><svg xmlns=\"http:\/\/www.w3.org\/2000\/svg\" viewBox=\"0 0 64 8\" preserveAspectRatio=\"none\" width=\"100%\" height=\"100%\">\r\n\t<path fill=\"currentColor\" d=\"M64 8 L0 8 L0 0 L20 7.9 L40 3 L48 5 L64 0 Z\"\/>\r\n<\/svg><\/div><div class=\"l-section-h i-cf\"><div class=\"g-cols vc_row via_flex valign_top type_default stacking_default\"><div class=\"vc_col-sm-12 wpb_column vc_column_container\"><div class=\"vc_column-inner\"><div class=\"wpb_wrapper\"><div class=\"wpb_text_column\"><div class=\"wpb_wrapper\"><h2>Punta del Moral et la c\u00f4te : des festivals qui ont \u00e9galement construit une m\u00e9moire flamenca<\/h2>\n<p>La relation entre Ayamonte et le flamenco s\u2019\u00e9tend \u00e9galement \u00e0 ses noyaux c\u00f4tiers. <strong>Punta del Moral<\/strong> a accueilli pendant des ann\u00e9es des rendez-vous sp\u00e9cifiquement flamencos. L\u2019un des plus repr\u00e9sentatifs fut le <strong>Festival Flamenco Antonia L\u00f3pez Ciudad de Ayamonte<\/strong>, qui a atteint sa dixi\u00e8me \u00e9dition en 2018 avec une affiche r\u00e9unissant notamment Antonia L\u00f3pez, Roc\u00edo Segura et Roc\u00edo M\u00e1rquez.<\/p>\n<p>Ce type de festival aide \u00e0 comprendre comment le flamenco a \u00e9t\u00e9 v\u00e9cu dans la r\u00e9gion : non seulement comme spectacle touristique, mais aussi comme <strong>point de rencontre entre amateurs, artistes et public local<\/strong>. Comme pour de nombreux rendez-vous estivaux, leur continuit\u00e9 et leurs dates doivent \u00eatre v\u00e9rifi\u00e9es \u00e9dition par \u00e9dition ; il n\u2019est donc pas conseill\u00e9 de planifier un voyage \u00e0 partir d\u2019anciens calendriers.<\/p>\n<p>La c\u00f4te apporte \u00e9galement un autre \u00e9l\u00e9ment int\u00e9ressant. Ayamonte, Isla Canela et Punta del Moral accueillent beaucoup de visiteurs pendant les mois d\u2019\u00e9t\u00e9, ce qui \u00e9largit le public potentiel des spectacles et festivals et peut intensifier l\u2019agenda culturel en haute saison.<\/p>\n<\/div><\/div><\/div><\/div><\/div><\/div><\/div><\/section><section class=\"l-section wpb_row height_huge\"><div class=\"l-section-h i-cf\"><div class=\"g-cols vc_row via_flex valign_top type_default stacking_default\"><div class=\"vc_col-sm-12 wpb_column vc_column_container\"><div class=\"vc_column-inner\"><div class=\"wpb_wrapper\"><div class=\"wpb_text_column\"><div class=\"wpb_wrapper\"><h2>Le flamenco \u00e0 Ayamonte en 2026 : une programmation qui continue de grandir<\/h2>\n<p>La programmation de 2026 confirme que le flamenco reste pr\u00e9sent dans l\u2019offre culturelle d\u2019Ayamonte. Le 37e Festival Internacional de M\u00fasica Ciudad de Ayamonte a inclus plusieurs propositions directement li\u00e9es au genre. La cantaora de Huelva <strong>Argentina<\/strong> a pr\u00e9sent\u00e9 en ao\u00fbt son projet <em>Utrera Flamenco Fet\u00e9n<\/em> ; le pianiste <strong>Dorantes<\/strong> a fait partie de la programmation du Patio de la Jaboner\u00eda ; et <strong>Jeromo Segura<\/strong> a \u00e9t\u00e9 le protagoniste d\u2019une soir\u00e9e alosnera en hommage \u00e0 Paco Toronjo.<\/p>\n<p>L\u2019int\u00e9r\u00eat n\u2019est pas seulement d\u2019\u00e9num\u00e9rer les concerts, mais d\u2019observer le sch\u00e9ma : Ayamonte combine des artistes de la province, des hommages \u00e0 la tradition de Huelva et du flamenco contemporain dans sa programmation g\u00e9n\u00e9rale. Le visiteur peut ainsi trouver des propositions tr\u00e8s diff\u00e9rentes selon la p\u00e9riode de l\u2019ann\u00e9e.<\/p>\n<p>Pour cette raison, un guide evergreen sur le flamenco \u00e0 Ayamonte doit \u00e9viter de publier des horaires fixes comme s\u2019ils \u00e9taient permanents. La meilleure strat\u00e9gie consiste \u00e0 consulter l\u2019agenda municipal et la programmation des espaces culturels \u00e0 l\u2019approche de la date du voyage.<\/p>\n<\/div><\/div><\/div><\/div><\/div><\/div><\/div><\/section><section class=\"l-section wpb_row height_huge color_alternate with_shape\"><div class=\"l-section-shape type_zigzag pos_top hor_flip\" style=\"height:3vmin;\"><svg xmlns=\"http:\/\/www.w3.org\/2000\/svg\" viewBox=\"0 0 64 8\" preserveAspectRatio=\"none\" width=\"100%\" height=\"100%\">\r\n\t<path fill=\"currentColor\" d=\"M64 8 L0 8 L0 0 L20 7.9 L40 3 L48 5 L64 0 Z\"\/>\r\n<\/svg><\/div><div class=\"l-section-shape type_zigzag pos_bottom\" style=\"height:3vmin;\"><svg xmlns=\"http:\/\/www.w3.org\/2000\/svg\" viewBox=\"0 0 64 8\" preserveAspectRatio=\"none\" width=\"100%\" height=\"100%\">\r\n\t<path fill=\"currentColor\" d=\"M64 8 L0 8 L0 0 L20 7.9 L40 3 L48 5 L64 0 Z\"\/>\r\n<\/svg><\/div><div class=\"l-section-h i-cf\"><div class=\"g-cols vc_row via_flex valign_top type_default stacking_default\"><div class=\"vc_col-sm-12 wpb_column vc_column_container\"><div class=\"vc_column-inner\"><div class=\"wpb_wrapper\"><div class=\"wpb_text_column\"><div class=\"wpb_wrapper\"><h2>Ayamonte et l\u2019Algarve : un emplacement privil\u00e9gi\u00e9 pour d\u00e9couvrir le flamenco<\/h2>\n<p>Un facteur distingue Ayamonte de presque toutes les autres destinations flamencas andalouses : sa relation quotidienne avec le Portugal. Face \u00e0 la ville se trouve <strong>Vila Real de Santo Ant\u00f3nio<\/strong>, et l\u2019Algarve oriental est tout proche. Cela fait d\u2019Ayamonte une porte naturelle vers le flamenco pour les voyageurs qui passent leurs vacances de l\u2019autre c\u00f4t\u00e9 de la fronti\u00e8re.<\/p>\n<p>Pour ceux qui s\u00e9journent \u00e0 Monte Gordo, Vila Real de Santo Ant\u00f3nio, Castro Marim ou dans les environs, traverser jusqu\u2019\u00e0 Ayamonte permet d\u2019ajouter une exp\u00e9rience flamenca \u00e0 un voyage au Portugal sans devoir aller jusqu\u2019\u00e0 S\u00e9ville. La m\u00eame logique vaut pour les visiteurs d\u2019Isla Canela et d\u2019autres points de la c\u00f4te occidentale de Huelva.<\/p>\n<p>Ce caract\u00e8re frontalier donne aussi \u00e0 la ville une personnalit\u00e9 touristique diff\u00e9rente. Le flamenco cohabite avec l\u2019ambiance maritime, les places du centre, l\u2019embouchure du Guadiana et un flux constant de visiteurs espagnols et portugais. L\u2019exp\u00e9rience peut donc ressembler moins \u00e0 une excursion exclusivement flamenca qu\u2019\u00e0 une <strong>soir\u00e9e culturelle compl\u00e8te dans une ville frontali\u00e8re andalouse<\/strong>.<\/p>\n<\/div><\/div><\/div><\/div><\/div><\/div><\/div><\/section><section class=\"l-section wpb_row height_huge\"><div class=\"l-section-h i-cf\"><div class=\"g-cols vc_row via_flex valign_top type_default stacking_default\"><div class=\"vc_col-sm-12 wpb_column vc_column_container\"><div class=\"vc_column-inner\"><div class=\"wpb_wrapper\"><div class=\"wpb_text_column\"><div class=\"wpb_wrapper\"><h2>Trois fa\u00e7ons diff\u00e9rentes de profiter du flamenco \u00e0 Ayamonte<\/h2>\n<p>Il n\u2019existe pas une seule bonne mani\u00e8re d\u2019aborder le flamenco dans la ville. Le choix d\u00e9pend de ce que recherche chaque visiteur.<\/p>\n<p><strong>1. Un tablao.<\/strong> C\u2019est l\u2019option la plus directe si l\u2019objectif est de voir du cante, de la danse et de la guitare dans un espace intime, avec une exp\u00e9rience pens\u00e9e sp\u00e9cifiquement autour du flamenco. Pour une premi\u00e8re fois, c\u2019est g\u00e9n\u00e9ralement l\u2019alternative la plus simple \u00e0 organiser.<\/p>\n<p><strong>2. Un concert ou un festival.<\/strong> Il peut proposer des formats artistiques plus larges, des artistes pr\u00e9cis ou des projets qui ne correspondent pas n\u00e9cessairement \u00e0 la structure d\u2019un tablao. Le Festival international de musique et d\u2019autres cycles culturels sont de bonnes occasions lorsque les dates co\u00efncident.<\/p>\n<p><strong>3. Une activit\u00e9 culturelle ou de m\u00e9diation.<\/strong> Des programmes comme \u00ab Flamenco Ayamonte \u00bb montrent que le flamenco peut aussi \u00eatre d\u00e9couvert \u00e0 travers des conf\u00e9rences, des expositions et des rencontres. Pour ceux qui sont d\u00e9j\u00e0 amateurs, ces propositions permettent d\u2019aller au-del\u00e0 du spectacle et de mieux comprendre son histoire et ses codes.<\/p>\n<p>L\u2019id\u00e9al, si le voyage le permet, est de combiner les formats : une soir\u00e9e au tablao et, si cela co\u00efncide avec le s\u00e9jour, une activit\u00e9 culturelle ou un concert sp\u00e9cial.<\/p>\n<\/div><\/div><\/div><\/div><\/div><\/div><\/div><\/section><section class=\"l-section wpb_row height_huge color_alternate with_shape\"><div class=\"l-section-shape type_zigzag pos_top hor_flip\" style=\"height:3vmin;\"><svg xmlns=\"http:\/\/www.w3.org\/2000\/svg\" viewBox=\"0 0 64 8\" preserveAspectRatio=\"none\" width=\"100%\" height=\"100%\">\r\n\t<path fill=\"currentColor\" d=\"M64 8 L0 8 L0 0 L20 7.9 L40 3 L48 5 L64 0 Z\"\/>\r\n<\/svg><\/div><div class=\"l-section-shape type_zigzag pos_bottom\" style=\"height:3vmin;\"><svg xmlns=\"http:\/\/www.w3.org\/2000\/svg\" viewBox=\"0 0 64 8\" preserveAspectRatio=\"none\" width=\"100%\" height=\"100%\">\r\n\t<path fill=\"currentColor\" d=\"M64 8 L0 8 L0 0 L20 7.9 L40 3 L48 5 L64 0 Z\"\/>\r\n<\/svg><\/div><div class=\"l-section-h i-cf\"><div class=\"g-cols vc_row via_flex valign_top type_default stacking_default\"><div class=\"vc_col-sm-12 wpb_column vc_column_container\"><div class=\"vc_column-inner\"><div class=\"wpb_wrapper\"><div class=\"wpb_text_column\"><div class=\"wpb_wrapper\"><h2>Si vous cherchez simplement o\u00f9 voir du flamenco \u00e0 Ayamonte<\/h2>\n<p>Cet article est con\u00e7u pour expliquer la <strong>tradition et le contexte culturel<\/strong>. Si vous avez surtout besoin d\u2019une r\u00e9ponse pratique \u2014 quel format choisir, comment organiser la soir\u00e9e ou quelle option convient le mieux si vous souhaitez spectacle et gastronomie \u2014 nous avons un autre guide enti\u00e8rement consacr\u00e9 \u00e0 cette recherche.<\/p>\n<\/div><\/div><div class=\"w-separator size_medium\"><\/div><div class=\"w-btn-wrapper align_none\"><a class=\"w-btn us-btn-style_1\" href=\"https:\/\/www.tablaosflamencos.com\/fr\/flamenco-a-ayamonte.html\"><span class=\"w-btn-label\">Voir le guide pratique pour voir du flamenco \u00e0 Ayamonte<\/span><\/a><\/div><div class=\"w-separator size_small\"><\/div><div class=\"w-btn-wrapper align_none\"><a class=\"w-btn us-btn-style_1\" href=\"https:\/\/www.tablaosflamencos.com\/fr\/tablao\/tablao-flamenco-la-puerta-ancha\"><span class=\"w-btn-label\">Voir les disponibilit\u00e9s de flamenco \u00e0 Ayamonte<\/span><\/a><\/div><\/div><\/div><\/div><\/div><\/div><\/section><section class=\"l-section wpb_row height_huge\"><div class=\"l-section-h i-cf\"><div class=\"g-cols vc_row via_flex valign_top type_default stacking_default\"><div class=\"vc_col-sm-12 wpb_column vc_column_container\"><div class=\"vc_column-inner\"><div class=\"wpb_wrapper\"><div class=\"wpb_text_column\"><div class=\"wpb_wrapper\"><h2>Conseils pour organiser une soir\u00e9e flamenca \u00e0 Ayamonte<\/h2>\n<p><strong>Consultez l\u2019agenda avant de voyager.<\/strong> Les festivals et concerts exceptionnels changent d\u2019une saison \u00e0 l\u2019autre. Si vous recherchez un artiste pr\u00e9cis, consultez la programmation culturelle quelques semaines \u00e0 l\u2019avance.<\/p>\n<p><strong>Si vous souhaitez une option r\u00e9guli\u00e8re, privil\u00e9giez le tablao.<\/strong> C\u2019est la mani\u00e8re la plus simple de ne pas d\u00e9pendre de la co\u00efncidence avec un festival ou un cycle municipal.<\/p>\n<p><strong>Ne confondez pas le fandango de Huelva avec un pr\u00e9tendu style local propre.<\/strong> Ayamonte est pleinement int\u00e9gr\u00e9 au territoire culturel de Huelva, mais la flamencologie exige de la prudence lorsqu\u2019il s\u2019agit d\u2019attribuer des styles locaux pr\u00e9cis.<\/p>\n<p><strong>Si vous \u00eates au Portugal, pr\u00e9voyez le retour.<\/strong> La proximit\u00e9 de l\u2019Algarve est un avantage, mais il est recommand\u00e9 de v\u00e9rifier \u00e0 l\u2019avance le moyen de transport adapt\u00e9 \u00e0 l\u2019heure de retour.<\/p>\n<p><strong>Pr\u00e9voyez aussi du temps pour la ville.<\/strong> Le centre d\u2019Ayamonte m\u00e9rite une promenade avant ou apr\u00e8s le spectacle. La Plaza de la Laguna, les abords du Guadiana et les rues du centre historique permettent au flamenco de s\u2019int\u00e9grer dans une exp\u00e9rience plus large.<\/p>\n<\/div><\/div><\/div><\/div><\/div><\/div><\/div><\/section><section class=\"l-section wpb_row height_huge color_alternate with_shape\"><div class=\"l-section-shape type_zigzag pos_top hor_flip\" style=\"height:3vmin;\"><svg xmlns=\"http:\/\/www.w3.org\/2000\/svg\" viewBox=\"0 0 64 8\" preserveAspectRatio=\"none\" width=\"100%\" height=\"100%\">\r\n\t<path fill=\"currentColor\" d=\"M64 8 L0 8 L0 0 L20 7.9 L40 3 L48 5 L64 0 Z\"\/>\r\n<\/svg><\/div><div class=\"l-section-shape type_zigzag pos_bottom\" style=\"height:3vmin;\"><svg xmlns=\"http:\/\/www.w3.org\/2000\/svg\" viewBox=\"0 0 64 8\" preserveAspectRatio=\"none\" width=\"100%\" height=\"100%\">\r\n\t<path fill=\"currentColor\" d=\"M64 8 L0 8 L0 0 L20 7.9 L40 3 L48 5 L64 0 Z\"\/>\r\n<\/svg><\/div><div class=\"l-section-h i-cf\"><div class=\"g-cols vc_row via_flex valign_top type_default stacking_default\"><div class=\"vc_col-sm-1\/5 wpb_column vc_column_container\"><div class=\"vc_column-inner\"><div class=\"wpb_wrapper\"><\/div><\/div><\/div><div class=\"vc_col-sm-3\/5 wpb_column vc_column_container\"><div class=\"vc_column-inner\"><div class=\"wpb_wrapper\"><div class=\"wpb_text_column\"><div class=\"wpb_wrapper\"><h2>Questions fr\u00e9quentes sur le flamenco \u00e0 Ayamonte<\/h2>\n<\/div><\/div><div class=\"w-separator size_medium\"><\/div><div class=\"w-tabs accordion toggle_style_1 has_scrolling\" style=\"--sections-title-size:inherit;--sections-gap:0.5rem;\"><div class=\"w-tabs-sections titles-align_none icon_plus cpos_left\"><div class=\"w-tabs-section\" id=\"gcca\" itemscope itemprop=\"mainEntity\" itemtype=\"https:\/\/schema.org\/Question\"><button type=\"button\" class=\"w-tabs-section-header\" aria-controls=\"content-gcca\" aria-expanded=\"false\"><h3 class=\"w-tabs-section-title\" itemprop=\"name\">Existe-t-il une tradition flamenca \u00e0 Ayamonte ?<\/h3><div class=\"w-tabs-section-control\"><\/div><\/button><div  class=\"w-tabs-section-content\" id=\"content-gcca\" itemscope itemprop=\"acceptedAnswer\" itemtype=\"https:\/\/schema.org\/Answer\"><div class=\"w-tabs-section-content-h i-cf\" itemprop=\"text\"><div class=\"wpb_text_column\"><div class=\"wpb_wrapper\"><p>Oui. Ayamonte fait partie du contexte flamenco de la province de Huelva et a maintenu une pr\u00e9sence continue du genre \u00e0 travers des festivals, des concerts, des initiatives municipales et des spectacles en direct. Son identit\u00e9 flamenca se comprend mieux dans l\u2019ensemble de la tradition de Huelva que comme une \u00e9cole isol\u00e9e.<\/p>\n<\/div><\/div><\/div><\/div><\/div><div class=\"w-tabs-section\" id=\"ke22\" itemscope itemprop=\"mainEntity\" itemtype=\"https:\/\/schema.org\/Question\"><button type=\"button\" class=\"w-tabs-section-header\" aria-controls=\"content-ke22\" aria-expanded=\"false\"><h3 class=\"w-tabs-section-title\" itemprop=\"name\">Existe-t-il un fandango d\u2019Ayamonte ?<\/h3><div class=\"w-tabs-section-control\"><\/div><\/button><div  class=\"w-tabs-section-content\" id=\"content-ke22\" itemscope itemprop=\"acceptedAnswer\" itemtype=\"https:\/\/schema.org\/Answer\"><div class=\"w-tabs-section-content-h i-cf\" itemprop=\"text\"><div class=\"wpb_text_column\"><div class=\"wpb_wrapper\"><p>Il n\u2019existe pas le m\u00eame consensus flamencologique que pour les styles associ\u00e9s \u00e0 d\u2019autres foyers de Huelva. Certaines recherches ont ni\u00e9 l\u2019existence d\u2019une modalit\u00e9 flamenca autonome d\u2019Ayamonte. Il est donc plus rigoureux de parler de la relation de la ville avec le fandango de Huelva et avec la tradition flamenca provinciale.<\/p>\n<\/div><\/div><\/div><\/div><\/div><div class=\"w-tabs-section\" id=\"jf5f\" itemscope itemprop=\"mainEntity\" itemtype=\"https:\/\/schema.org\/Question\"><button type=\"button\" class=\"w-tabs-section-header\" aria-controls=\"content-jf5f\" aria-expanded=\"false\"><h3 class=\"w-tabs-section-title\" itemprop=\"name\">O\u00f9 peut-on voir du flamenco en direct \u00e0 Ayamonte ?<\/h3><div class=\"w-tabs-section-control\"><\/div><\/button><div  class=\"w-tabs-section-content\" id=\"content-jf5f\" itemscope itemprop=\"acceptedAnswer\" itemtype=\"https:\/\/schema.org\/Answer\"><div class=\"w-tabs-section-content-h i-cf\" itemprop=\"text\"><div class=\"wpb_text_column\"><div class=\"wpb_wrapper\"><p>L\u2019option r\u00e9guli\u00e8re la plus claire est le Tablao Flamenco La Puerta Ancha, dans le centre d\u2019Ayamonte. En outre, des espaces culturels comme Teatro Cardenio, Casa Grande ou Patio de la Jaboner\u00eda peuvent accueillir des concerts et activit\u00e9s flamencas dans le cadre de leur programmation temporaire.<\/p>\n<\/div><\/div><\/div><\/div><\/div><div class=\"w-tabs-section\" id=\"v08c\" itemscope itemprop=\"mainEntity\" itemtype=\"https:\/\/schema.org\/Question\"><button type=\"button\" class=\"w-tabs-section-header\" aria-controls=\"content-v08c\" aria-expanded=\"false\"><h3 class=\"w-tabs-section-title\" itemprop=\"name\">Y a-t-il des spectacles flamencos toute l\u2019ann\u00e9e ?<\/h3><div class=\"w-tabs-section-control\"><\/div><\/button><div  class=\"w-tabs-section-content\" id=\"content-v08c\" itemscope itemprop=\"acceptedAnswer\" itemtype=\"https:\/\/schema.org\/Answer\"><div class=\"w-tabs-section-content-h i-cf\" itemprop=\"text\"><div class=\"wpb_text_column\"><div class=\"wpb_wrapper\"><p>L\u2019offre r\u00e9guli\u00e8re et la programmation exceptionnelle sont diff\u00e9rentes. Le tablao permet de trouver du flamenco en direct de mani\u00e8re plus r\u00e9guli\u00e8re, tandis que festivals, cycles et concerts d\u00e9pendent de la programmation de chaque saison. Il est conseill\u00e9 de v\u00e9rifier les disponibilit\u00e9s pour la date pr\u00e9cise de votre voyage.<\/p>\n<\/div><\/div><\/div><\/div><\/div><div class=\"w-tabs-section\" id=\"r1a6\" itemscope itemprop=\"mainEntity\" itemtype=\"https:\/\/schema.org\/Question\"><button type=\"button\" class=\"w-tabs-section-header\" aria-controls=\"content-r1a6\" aria-expanded=\"false\"><h3 class=\"w-tabs-section-title\" itemprop=\"name\">Qu\u2019est-ce que Flamenco Ayamonte ?<\/h3><div class=\"w-tabs-section-control\"><\/div><\/button><div  class=\"w-tabs-section-content\" id=\"content-r1a6\" itemscope itemprop=\"acceptedAnswer\" itemtype=\"https:\/\/schema.org\/Answer\"><div class=\"w-tabs-section-content-h i-cf\" itemprop=\"text\"><div class=\"wpb_text_column\"><div class=\"wpb_wrapper\"><p>Il s\u2019agit d\u2019une initiative culturelle port\u00e9e par la mairie d\u2019Ayamonte pour donner de la visibilit\u00e9 au flamenco \u00e0 travers des activit\u00e9s pouvant inclure spectacles, expositions, conf\u00e9rences et concerts. La premi\u00e8re programmation officielle a \u00e9t\u00e9 pr\u00e9sent\u00e9e en 2024 et est r\u00e9apparue dans l\u2019agenda culturel municipal en 2025.<\/p>\n<\/div><\/div><\/div><\/div><\/div><div class=\"w-tabs-section\" id=\"i2c8\" itemscope itemprop=\"mainEntity\" itemtype=\"https:\/\/schema.org\/Question\"><button type=\"button\" class=\"w-tabs-section-header\" aria-controls=\"content-i2c8\" aria-expanded=\"false\"><h3 class=\"w-tabs-section-title\" itemprop=\"name\">Est-ce que cela vaut la peine d\u2019aller voir du flamenco \u00e0 Ayamonte si je s\u00e9journe dans l\u2019Algarve ?<\/h3><div class=\"w-tabs-section-control\"><\/div><\/button><div  class=\"w-tabs-section-content\" id=\"content-i2c8\" itemscope itemprop=\"acceptedAnswer\" itemtype=\"https:\/\/schema.org\/Answer\"><div class=\"w-tabs-section-content-h i-cf\" itemprop=\"text\"><div class=\"wpb_text_column\"><div class=\"wpb_wrapper\"><p>Oui, surtout si vous s\u00e9journez dans l\u2019Algarve oriental. Ayamonte se trouve face \u00e0 Vila Real de Santo Ant\u00f3nio et permet de combiner une visite en Andalousie avec une exp\u00e9rience flamenca sans devoir effectuer un long d\u00e9placement jusqu\u2019\u00e0 S\u00e9ville ou d\u2019autres grandes villes.<\/p>\n<\/div><\/div><\/div><\/div><\/div><div class=\"w-tabs-section\" id=\"h404\" itemscope itemprop=\"mainEntity\" itemtype=\"https:\/\/schema.org\/Question\"><button type=\"button\" class=\"w-tabs-section-header\" aria-controls=\"content-h404\" aria-expanded=\"false\"><h3 class=\"w-tabs-section-title\" itemprop=\"name\">O\u00f9 consulter la programmation flamenca d\u2019Ayamonte ?<\/h3><div class=\"w-tabs-section-control\"><\/div><\/button><div  class=\"w-tabs-section-content\" id=\"content-h404\" itemscope itemprop=\"acceptedAnswer\" itemtype=\"https:\/\/schema.org\/Answer\"><div class=\"w-tabs-section-content-h i-cf\" itemprop=\"text\"><div class=\"wpb_text_column\"><div class=\"wpb_wrapper\"><p>Pour les spectacles r\u00e9guliers, consultez les disponibilit\u00e9s du tablao. Pour les concerts, festivals et activit\u00e9s culturelles exceptionnelles, le plus utile est de consulter l\u2019agenda de la mairie d\u2019Ayamonte, Ayamonte Turismo et la programmation des espaces culturels de la ville.<\/p>\n<\/div><\/div><\/div><\/div><\/div><\/div><\/div><\/div><\/div><\/div><div class=\"vc_col-sm-1\/5 wpb_column vc_column_container\"><div class=\"vc_column-inner\"><div class=\"wpb_wrapper\"><\/div><\/div><\/div><\/div><\/div><\/section><section class=\"l-section wpb_row height_huge\"><div class=\"l-section-h i-cf\"><div class=\"g-cols vc_row via_flex valign_top type_default stacking_default\"><div class=\"vc_col-sm-12 wpb_column vc_column_container\"><div class=\"vc_column-inner\"><div class=\"wpb_wrapper\"><div class=\"wpb_text_column\"><div class=\"wpb_wrapper\"><h2>Ayamonte : flamenco entre Huelva, le Guadiana et le Portugal<\/h2>\n<p>Ayamonte n\u2019a pas besoin de s\u2019inventer une \u00e9tiquette de \u00ab berceau du flamenco \u00bb pour \u00eatre int\u00e9ressante. Sa valeur r\u00e9side pr\u00e9cis\u00e9ment dans une autre combinaison : elle appartient \u00e0 une province qui poss\u00e8de l\u2019une des traditions de fandango les plus importantes d\u2019Andalousie, elle a maintenu une programmation flamenca continue, dispose aujourd\u2019hui d\u2019un tablao dans le centre et occupe une position frontali\u00e8re capable de rapprocher cet art des visiteurs de la c\u00f4te de Huelva et de l\u2019Algarve.<\/p>\n<p>Pour le voyageur, cela se traduit par plusieurs possibilit\u00e9s. Il peut d\u00e9couvrir le flamenco de mani\u00e8re intime dans un tablao, voir un grand artiste au Teatro Cardenio ou au Patio de la Jaboner\u00eda, participer \u00e0 une activit\u00e9 de m\u00e9diation pendant \u00ab Flamenco Ayamonte \u00bb ou tomber sur un festival d\u2019\u00e9t\u00e9. <strong>La meilleure mani\u00e8re de profiter du flamenco \u00e0 Ayamonte est de comprendre qu\u2019il ne s\u2019agit pas d\u2019une seule salle ou d\u2019une seule date, mais d\u2019une pr\u00e9sence culturelle qui appara\u00eet dans diff\u00e9rents espaces de la ville.<\/strong><\/p>\n<\/div><\/div><\/div><\/div><\/div><\/div><\/div><\/section><section class=\"l-section wpb_row height_huge color_alternate with_shape\"><div class=\"l-section-shape type_zigzag pos_top hor_flip\" style=\"height:3vmin;\"><svg xmlns=\"http:\/\/www.w3.org\/2000\/svg\" viewBox=\"0 0 64 8\" preserveAspectRatio=\"none\" width=\"100%\" height=\"100%\">\r\n\t<path fill=\"currentColor\" d=\"M64 8 L0 8 L0 0 L20 7.9 L40 3 L48 5 L64 0 Z\"\/>\r\n<\/svg><\/div><div class=\"l-section-shape type_zigzag pos_bottom\" style=\"height:3vmin;\"><svg xmlns=\"http:\/\/www.w3.org\/2000\/svg\" viewBox=\"0 0 64 8\" preserveAspectRatio=\"none\" width=\"100%\" height=\"100%\">\r\n\t<path fill=\"currentColor\" d=\"M64 8 L0 8 L0 0 L20 7.9 L40 3 L48 5 L64 0 Z\"\/>\r\n<\/svg><\/div><div class=\"l-section-h i-cf\"><div class=\"g-cols vc_row via_flex valign_top type_default stacking_default\"><div class=\"vc_col-sm-12 wpb_column vc_column_container\"><div class=\"vc_column-inner\"><div class=\"wpb_wrapper\"><div class=\"wpb_text_column\"><div class=\"wpb_wrapper\"><h2>Sources consult\u00e9es<\/h2>\n<ul>\n<li><a href=\"https:\/\/ayamonte.es\/el-ayuntamiento-de-ayamonte-presenta-flamenco-ayamonte-un-programa-de-actividades-con-motivo-del-dia-internacional-del-flamenco\/\" target=\"_blank\" rel=\"noopener\">Mairie d\u2019Ayamonte \u2014 pr\u00e9sentation de Flamenco Ayamonte<\/a>.<\/li>\n<li><a href=\"https:\/\/ayamonteturismo.com\/events\/flamenco-ayamonte\/\" target=\"_blank\" rel=\"noopener\">Ayamonte Turismo \u2014 Flamenco Ayamonte<\/a>.<\/li>\n<li><a href=\"https:\/\/www.patiodelajaboneria.es\/entradas\" target=\"_blank\" rel=\"noopener\">Festival Internacional de M\u00fasica Ciudad de Ayamonte \u2014 programmation 2026<\/a>.<\/li>\n<li><a href=\"https:\/\/ayamonte.es\/events\/festival-internacional-de-musica-vive-alosno\/\" target=\"_blank\" rel=\"noopener\">Mairie d\u2019Ayamonte \u2014 Vive Alosno, hommage \u00e0 Paco Toronjo<\/a>.<\/li>\n<li><a href=\"https:\/\/ayamonte.es\/wp-content\/uploads\/2018\/07\/Julio-2018.pdf\" target=\"_blank\" rel=\"noopener\">Mairie d\u2019Ayamonte \u2014 Xe Festival Flamenco Antonia L\u00f3pez Ciudad de Ayamonte<\/a>.<\/li>\n<\/ul>\n<p><small>Informations v\u00e9rifi\u00e9es le 1er septembre 2026. La programmation des concerts, festivals et activit\u00e9s culturelles peut varier d\u2019une saison \u00e0 l\u2019autre.<\/small><\/p>\n<\/div><\/div><\/div><\/div><\/div><\/div><\/div><\/section>\n","protected":false},"excerpt":{"rendered":"<p>D\u00e9couvrez la tradition du flamenco \u00e0 Ayamonte, son lien avec le fandango de Huelva et o\u00f9 profiter aujourd\u2019hui du flamenco dans les tablaos, festivals et \u00e9v\u00e9nements culturels.<\/p>\n","protected":false},"author":1,"featured_media":13900,"comment_status":"closed","ping_status":"closed","sticky":false,"template":"","format":"standard","meta":{"_acf_changed":false,"wpai_generated_summary":"","_ayudawp_aiss_exclude":false,"_ayudawp_aiss_exclude_summary":false,"_ayudawp_aiss_summary":"","_ayudawp_aiss_summary_provider":"","_ayudawp_aiss_summary_hash":"","footnotes":""},"categories":[354],"tags":[1842,1844,1473,1845,1843,589,1841],"class_list":["post-13953","post","type-post","status-publish","format-standard","has-post-thumbnail","hentry","category-flamenco-par-ville","tag-ayamonte-fr","tag-fandango-de-huelva-fr","tag-flamenco-a-ayamonte","tag-flamenco-ayamonte-programme-fr","tag-huelva-fr","tag-la-puerta-ancha","tag-tablao-flamenco-ayamonte-fr"],"acf":[],"yoast_head":"<!-- This site is optimized with the Yoast SEO Premium plugin v28.4 (Yoast SEO v28.4) - https:\/\/yoast.com\/product\/yoast-seo-premium-wordpress\/ -->\n<title>Flamenco \u00e0 Ayamonte : tradition et o\u00f9 en profiter | Tablaos Flamencos<\/title>\n<meta name=\"description\" content=\"D\u00e9couvrez la tradition du flamenco \u00e0 Ayamonte, son lien avec le fandango de Huelva et o\u00f9 profiter du flamenco en direct, des festivals et de la culture.\" \/>\n<meta name=\"robots\" content=\"index, follow, max-snippet:-1, max-image-preview:large, max-video-preview:-1\" \/>\n<link rel=\"canonical\" href=\"https:\/\/www.tablaosflamencos.com\/fr\/flamenco-ayamonte-tradition-ou-en-profiter.html\" \/>\n<meta property=\"og:locale\" content=\"fr_FR\" \/>\n<meta property=\"og:type\" content=\"article\" \/>\n<meta property=\"og:title\" content=\"Flamenco \u00e0 Ayamonte : tradition du flamenco et o\u00f9 en profiter\" \/>\n<meta property=\"og:description\" content=\"D\u00e9couvrez la tradition du flamenco \u00e0 Ayamonte, son lien avec le fandango de Huelva et o\u00f9 profiter du flamenco en direct, des festivals et de la culture.\" \/>\n<meta property=\"og:url\" content=\"https:\/\/www.tablaosflamencos.com\/fr\/flamenco-ayamonte-tradition-ou-en-profiter.html\" \/>\n<meta property=\"og:site_name\" content=\"Tablaos Flamencos\" \/>\n<meta property=\"article:publisher\" content=\"https:\/\/www.facebook.com\/tablaosflamencos\" \/>\n<meta property=\"article:published_time\" content=\"2026-09-01T22:19:31+00:00\" \/>\n<meta property=\"article:modified_time\" content=\"2026-09-01T22:47:20+00:00\" \/>\n<meta property=\"og:image\" content=\"https:\/\/www.tablaosflamencos.com\/wp-content\/uploads\/flamenco-en-ayamonte-tradicion-flamenca-y-donde-disfrutarla-01.webp\" \/>\n\t<meta property=\"og:image:width\" content=\"1920\" \/>\n\t<meta property=\"og:image:height\" content=\"1440\" \/>\n\t<meta property=\"og:image:type\" content=\"image\/webp\" \/>\n<meta name=\"author\" content=\"Miguel Ortiz\" \/>\n<meta name=\"twitter:card\" content=\"summary_large_image\" \/>\n<meta name=\"twitter:creator\" content=\"@tablaosflamenco\" \/>\n<meta name=\"twitter:site\" content=\"@tablaosflamenco\" \/>\n<meta name=\"twitter:label1\" content=\"\u00c9crit par\" \/>\n\t<meta name=\"twitter:data1\" content=\"Miguel Ortiz\" \/>\n\t<meta name=\"twitter:label2\" content=\"Dur\u00e9e de lecture estim\u00e9e\" \/>\n\t<meta name=\"twitter:data2\" content=\"19 minutes\" \/>\n<script type=\"application\/ld+json\" class=\"yoast-schema-graph\">{\"@context\":\"https:\\\/\\\/schema.org\",\"@graph\":[{\"@type\":\"Article\",\"@id\":\"https:\\\/\\\/www.tablaosflamencos.com\\\/fr\\\/flamenco-ayamonte-tradition-ou-en-profiter.html#article\",\"isPartOf\":{\"@id\":\"https:\\\/\\\/www.tablaosflamencos.com\\\/fr\\\/flamenco-ayamonte-tradition-ou-en-profiter.html\"},\"author\":{\"name\":\"Miguel Ortiz\",\"@id\":\"https:\\\/\\\/www.tablaosflamencos.com\\\/fr#\\\/schema\\\/person\\\/e7a9ebe14eb75a52ceabfbffb3c54f5d\"},\"headline\":\"Flamenco \u00e0 Ayamonte : tradition du flamenco et o\u00f9 en profiter\",\"datePublished\":\"2026-09-01T22:19:31+00:00\",\"dateModified\":\"2026-09-01T22:47:20+00:00\",\"mainEntityOfPage\":{\"@id\":\"https:\\\/\\\/www.tablaosflamencos.com\\\/fr\\\/flamenco-ayamonte-tradition-ou-en-profiter.html\"},\"wordCount\":3905,\"publisher\":{\"@id\":\"https:\\\/\\\/www.tablaosflamencos.com\\\/fr#organization\"},\"image\":{\"@id\":\"https:\\\/\\\/www.tablaosflamencos.com\\\/fr\\\/flamenco-ayamonte-tradition-ou-en-profiter.html#primaryimage\"},\"thumbnailUrl\":\"https:\\\/\\\/www.tablaosflamencos.com\\\/wp-content\\\/uploads\\\/flamenco-en-ayamonte-tradicion-flamenca-y-donde-disfrutarla-01.webp\",\"keywords\":[\"Ayamonte\",\"fandango de Huelva\",\"flamenco \u00e0 Ayamonte\",\"Flamenco Ayamonte\",\"Huelva\",\"La Puerta Ancha\",\"tablao flamenco \u00e0 Ayamonte\"],\"articleSection\":[\"Flamenco par ville\"],\"inLanguage\":\"fr-FR\"},{\"@type\":\"WebPage\",\"@id\":\"https:\\\/\\\/www.tablaosflamencos.com\\\/fr\\\/flamenco-ayamonte-tradition-ou-en-profiter.html\",\"url\":\"https:\\\/\\\/www.tablaosflamencos.com\\\/fr\\\/flamenco-ayamonte-tradition-ou-en-profiter.html\",\"name\":\"Flamenco \u00e0 Ayamonte : tradition et o\u00f9 en profiter | Tablaos Flamencos\",\"isPartOf\":{\"@id\":\"https:\\\/\\\/www.tablaosflamencos.com\\\/fr#website\"},\"primaryImageOfPage\":{\"@id\":\"https:\\\/\\\/www.tablaosflamencos.com\\\/fr\\\/flamenco-ayamonte-tradition-ou-en-profiter.html#primaryimage\"},\"image\":{\"@id\":\"https:\\\/\\\/www.tablaosflamencos.com\\\/fr\\\/flamenco-ayamonte-tradition-ou-en-profiter.html#primaryimage\"},\"thumbnailUrl\":\"https:\\\/\\\/www.tablaosflamencos.com\\\/wp-content\\\/uploads\\\/flamenco-en-ayamonte-tradicion-flamenca-y-donde-disfrutarla-01.webp\",\"datePublished\":\"2026-09-01T22:19:31+00:00\",\"dateModified\":\"2026-09-01T22:47:20+00:00\",\"description\":\"D\u00e9couvrez la tradition du flamenco \u00e0 Ayamonte, son lien avec le fandango de Huelva et o\u00f9 profiter du flamenco en direct, des festivals et de la culture.\",\"breadcrumb\":{\"@id\":\"https:\\\/\\\/www.tablaosflamencos.com\\\/fr\\\/flamenco-ayamonte-tradition-ou-en-profiter.html#breadcrumb\"},\"inLanguage\":\"fr-FR\",\"potentialAction\":[{\"@type\":\"ReadAction\",\"target\":[\"https:\\\/\\\/www.tablaosflamencos.com\\\/fr\\\/flamenco-ayamonte-tradition-ou-en-profiter.html\"]}]},{\"@type\":\"ImageObject\",\"inLanguage\":\"fr-FR\",\"@id\":\"https:\\\/\\\/www.tablaosflamencos.com\\\/fr\\\/flamenco-ayamonte-tradition-ou-en-profiter.html#primaryimage\",\"url\":\"https:\\\/\\\/www.tablaosflamencos.com\\\/wp-content\\\/uploads\\\/flamenco-en-ayamonte-tradicion-flamenca-y-donde-disfrutarla-01.webp\",\"contentUrl\":\"https:\\\/\\\/www.tablaosflamencos.com\\\/wp-content\\\/uploads\\\/flamenco-en-ayamonte-tradicion-flamenca-y-donde-disfrutarla-01.webp\",\"width\":1920,\"height\":1440,\"caption\":\"Flamenco en Ayamonte: tradici\u00f3n flamenca y d\u00f3nde disfrutarla\"},{\"@type\":\"BreadcrumbList\",\"@id\":\"https:\\\/\\\/www.tablaosflamencos.com\\\/fr\\\/flamenco-ayamonte-tradition-ou-en-profiter.html#breadcrumb\",\"itemListElement\":[{\"@type\":\"ListItem\",\"position\":1,\"name\":\"Home\",\"item\":\"https:\\\/\\\/www.tablaosflamencos.com\\\/fr\"},{\"@type\":\"ListItem\",\"position\":2,\"name\":\"Flamenco \u00e0 Ayamonte : tradition du flamenco et o\u00f9 en profiter\"}]},{\"@type\":\"WebSite\",\"@id\":\"https:\\\/\\\/www.tablaosflamencos.com\\\/fr#website\",\"url\":\"https:\\\/\\\/www.tablaosflamencos.com\\\/fr\",\"name\":\"Tablaos Flamencos\",\"description\":\"Entradas para tablaos flamencos de Espa\u00f1a\",\"publisher\":{\"@id\":\"https:\\\/\\\/www.tablaosflamencos.com\\\/fr#organization\"},\"alternateName\":\"Tablaos Flamencos\",\"potentialAction\":[{\"@type\":\"SearchAction\",\"target\":{\"@type\":\"EntryPoint\",\"urlTemplate\":\"https:\\\/\\\/www.tablaosflamencos.com\\\/fr?s={search_term_string}\"},\"query-input\":{\"@type\":\"PropertyValueSpecification\",\"valueRequired\":true,\"valueName\":\"search_term_string\"}}],\"inLanguage\":\"fr-FR\"},{\"@type\":[\"Organization\",\"Place\",\"EntertainmentBusiness\"],\"@id\":\"https:\\\/\\\/www.tablaosflamencos.com\\\/fr#organization\",\"name\":\"Tablaos Flamencos\",\"alternateName\":\"Tablaos Flamencos\",\"url\":\"https:\\\/\\\/www.tablaosflamencos.com\\\/fr\",\"logo\":{\"@id\":\"https:\\\/\\\/www.tablaosflamencos.com\\\/fr\\\/flamenco-ayamonte-tradition-ou-en-profiter.html#local-main-organization-logo\"},\"image\":{\"@id\":\"https:\\\/\\\/www.tablaosflamencos.com\\\/fr\\\/flamenco-ayamonte-tradition-ou-en-profiter.html#local-main-organization-logo\"},\"sameAs\":[\"https:\\\/\\\/www.facebook.com\\\/tablaosflamencos\",\"https:\\\/\\\/x.com\\\/tablaosflamenco\",\"https:\\\/\\\/mastodon.social\\\/@tablaosflamencos\",\"https:\\\/\\\/www.instagram.com\\\/tablaosflamencos\",\"https:\\\/\\\/tiktok.com\\\/@tablaosflamencos\",\"https:\\\/\\\/www.linkedin.com\\\/company\\\/109408238\\\/\"],\"description\":\"Venta de entradas para espect\u00e1culos flamencos\",\"legalName\":\"Tablaos Flamencos\",\"foundingDate\":\"2015-01-01\",\"numberOfEmployees\":{\"@type\":\"QuantitativeValue\",\"minValue\":\"1\",\"maxValue\":\"10\"},\"address\":{\"@id\":\"https:\\\/\\\/www.tablaosflamencos.com\\\/fr\\\/flamenco-ayamonte-tradition-ou-en-profiter.html#local-main-place-address\"},\"geo\":{\"@type\":\"GeoCoordinates\",\"latitude\":\"37.3868072\",\"longitude\":\"-5.993280299999999\"},\"telephone\":[\"+34623787787\"],\"contactPoint\":{\"@type\":\"ContactPoint\",\"telephone\":\"+34623787787\",\"email\":\"info@tablaosflamencos.com\"},\"openingHoursSpecification\":{\"@type\":\"OpeningHoursSpecification\",\"dayOfWeek\":[\"Monday\",\"Tuesday\",\"Wednesday\",\"Thursday\",\"Friday\",\"Saturday\",\"Sunday\"],\"opens\":\"00:00\",\"closes\":\"23:59\"},\"email\":\"info@tablaosflamencos.com\",\"priceRange\":\"$$$\",\"currenciesAccepted\":\"\u20ac\"},{\"@type\":\"Person\",\"@id\":\"https:\\\/\\\/www.tablaosflamencos.com\\\/fr#\\\/schema\\\/person\\\/e7a9ebe14eb75a52ceabfbffb3c54f5d\",\"name\":\"Miguel Ortiz\",\"description\":\"Miguel Ortiz es un empresario flamenco, con una s\u00f3lida trayectoria dentro del sector. Ha presidido entidades culturales vinculadas al flamenco y, cuenta con un amplio recorrido profesional en la gesti\u00f3n y promoci\u00f3n de espect\u00e1culos y tablaos flamencos. Su pasi\u00f3n por la historia y el arte flamenco se refleja en cada art\u00edculo, donde combina experiencia, criterio y un profundo respeto por la tradici\u00f3n.\",\"sameAs\":[\"https:\\\/\\\/www.tablaosflamencos.com\",\"https:\\\/\\\/www.instagra.com\\\/miguelortizfe\",\"https:\\\/\\\/www.linkedin.com\\\/in\\\/miguelortizf\\\/\"],\"birthDate\":\"1984-11-22\",\"gender\":\"hombre\",\"knowsLanguage\":[\"espa\u00f1ol\",\"ingl\u00e9s\"],\"jobTitle\":\"Empresario flamenco\"},{\"@type\":\"PostalAddress\",\"@id\":\"https:\\\/\\\/www.tablaosflamencos.com\\\/fr\\\/flamenco-ayamonte-tradition-ou-en-profiter.html#local-main-place-address\",\"streetAddress\":\"C\\\/ Alemanes, 19\",\"addressLocality\":\"Sevilla\",\"postalCode\":\"41004\",\"addressRegion\":\"Sevilla\",\"addressCountry\":\"ES\"},{\"@type\":\"ImageObject\",\"inLanguage\":\"fr-FR\",\"@id\":\"https:\\\/\\\/www.tablaosflamencos.com\\\/fr\\\/flamenco-ayamonte-tradition-ou-en-profiter.html#local-main-organization-logo\",\"url\":\"https:\\\/\\\/www.tablaosflamencos.com\\\/wp-content\\\/uploads\\\/tablaos-flamencos-06-3.webp\",\"contentUrl\":\"https:\\\/\\\/www.tablaosflamencos.com\\\/wp-content\\\/uploads\\\/tablaos-flamencos-06-3.webp\",\"width\":600,\"height\":620,\"caption\":\"Tablaos Flamencos\"}]}<\/script>\n<meta name=\"geo.placename\" content=\"Sevilla\" \/>\n<meta name=\"geo.position\" content=\"37.3868072;-5.993280299999999\" \/>\n<meta name=\"geo.region\" content=\"Espagne\" \/>\n<!-- \/ Yoast SEO Premium plugin. -->","yoast_head_json":{"title":"Flamenco \u00e0 Ayamonte : tradition et o\u00f9 en profiter | Tablaos Flamencos","description":"D\u00e9couvrez la tradition du flamenco \u00e0 Ayamonte, son lien avec le fandango de Huelva et o\u00f9 profiter du flamenco en direct, des festivals et de la culture.","robots":{"index":"index","follow":"follow","max-snippet":"max-snippet:-1","max-image-preview":"max-image-preview:large","max-video-preview":"max-video-preview:-1"},"canonical":"https:\/\/www.tablaosflamencos.com\/fr\/flamenco-ayamonte-tradition-ou-en-profiter.html","og_locale":"fr_FR","og_type":"article","og_title":"Flamenco \u00e0 Ayamonte : tradition du flamenco et o\u00f9 en profiter","og_description":"D\u00e9couvrez la tradition du flamenco \u00e0 Ayamonte, son lien avec le fandango de Huelva et o\u00f9 profiter du flamenco en direct, des festivals et de la culture.","og_url":"https:\/\/www.tablaosflamencos.com\/fr\/flamenco-ayamonte-tradition-ou-en-profiter.html","og_site_name":"Tablaos Flamencos","article_publisher":"https:\/\/www.facebook.com\/tablaosflamencos","article_published_time":"2026-09-01T22:19:31+00:00","article_modified_time":"2026-09-01T22:47:20+00:00","og_image":[{"width":1920,"height":1440,"url":"https:\/\/www.tablaosflamencos.com\/wp-content\/uploads\/flamenco-en-ayamonte-tradicion-flamenca-y-donde-disfrutarla-01.webp","type":"image\/webp"}],"author":"Miguel Ortiz","twitter_card":"summary_large_image","twitter_creator":"@tablaosflamenco","twitter_site":"@tablaosflamenco","twitter_misc":{"\u00c9crit par":"Miguel Ortiz","Dur\u00e9e de lecture estim\u00e9e":"19 minutes"},"schema":{"@context":"https:\/\/schema.org","@graph":[{"@type":"Article","@id":"https:\/\/www.tablaosflamencos.com\/fr\/flamenco-ayamonte-tradition-ou-en-profiter.html#article","isPartOf":{"@id":"https:\/\/www.tablaosflamencos.com\/fr\/flamenco-ayamonte-tradition-ou-en-profiter.html"},"author":{"name":"Miguel Ortiz","@id":"https:\/\/www.tablaosflamencos.com\/fr#\/schema\/person\/e7a9ebe14eb75a52ceabfbffb3c54f5d"},"headline":"Flamenco \u00e0 Ayamonte : tradition du flamenco et o\u00f9 en profiter","datePublished":"2026-09-01T22:19:31+00:00","dateModified":"2026-09-01T22:47:20+00:00","mainEntityOfPage":{"@id":"https:\/\/www.tablaosflamencos.com\/fr\/flamenco-ayamonte-tradition-ou-en-profiter.html"},"wordCount":3905,"publisher":{"@id":"https:\/\/www.tablaosflamencos.com\/fr#organization"},"image":{"@id":"https:\/\/www.tablaosflamencos.com\/fr\/flamenco-ayamonte-tradition-ou-en-profiter.html#primaryimage"},"thumbnailUrl":"https:\/\/www.tablaosflamencos.com\/wp-content\/uploads\/flamenco-en-ayamonte-tradicion-flamenca-y-donde-disfrutarla-01.webp","keywords":["Ayamonte","fandango de Huelva","flamenco \u00e0 Ayamonte","Flamenco Ayamonte","Huelva","La Puerta Ancha","tablao flamenco \u00e0 Ayamonte"],"articleSection":["Flamenco par ville"],"inLanguage":"fr-FR"},{"@type":"WebPage","@id":"https:\/\/www.tablaosflamencos.com\/fr\/flamenco-ayamonte-tradition-ou-en-profiter.html","url":"https:\/\/www.tablaosflamencos.com\/fr\/flamenco-ayamonte-tradition-ou-en-profiter.html","name":"Flamenco \u00e0 Ayamonte : tradition et o\u00f9 en profiter | Tablaos Flamencos","isPartOf":{"@id":"https:\/\/www.tablaosflamencos.com\/fr#website"},"primaryImageOfPage":{"@id":"https:\/\/www.tablaosflamencos.com\/fr\/flamenco-ayamonte-tradition-ou-en-profiter.html#primaryimage"},"image":{"@id":"https:\/\/www.tablaosflamencos.com\/fr\/flamenco-ayamonte-tradition-ou-en-profiter.html#primaryimage"},"thumbnailUrl":"https:\/\/www.tablaosflamencos.com\/wp-content\/uploads\/flamenco-en-ayamonte-tradicion-flamenca-y-donde-disfrutarla-01.webp","datePublished":"2026-09-01T22:19:31+00:00","dateModified":"2026-09-01T22:47:20+00:00","description":"D\u00e9couvrez la tradition du flamenco \u00e0 Ayamonte, son lien avec le fandango de Huelva et o\u00f9 profiter du flamenco en direct, des festivals et de la culture.","breadcrumb":{"@id":"https:\/\/www.tablaosflamencos.com\/fr\/flamenco-ayamonte-tradition-ou-en-profiter.html#breadcrumb"},"inLanguage":"fr-FR","potentialAction":[{"@type":"ReadAction","target":["https:\/\/www.tablaosflamencos.com\/fr\/flamenco-ayamonte-tradition-ou-en-profiter.html"]}]},{"@type":"ImageObject","inLanguage":"fr-FR","@id":"https:\/\/www.tablaosflamencos.com\/fr\/flamenco-ayamonte-tradition-ou-en-profiter.html#primaryimage","url":"https:\/\/www.tablaosflamencos.com\/wp-content\/uploads\/flamenco-en-ayamonte-tradicion-flamenca-y-donde-disfrutarla-01.webp","contentUrl":"https:\/\/www.tablaosflamencos.com\/wp-content\/uploads\/flamenco-en-ayamonte-tradicion-flamenca-y-donde-disfrutarla-01.webp","width":1920,"height":1440,"caption":"Flamenco en Ayamonte: tradici\u00f3n flamenca y d\u00f3nde disfrutarla"},{"@type":"BreadcrumbList","@id":"https:\/\/www.tablaosflamencos.com\/fr\/flamenco-ayamonte-tradition-ou-en-profiter.html#breadcrumb","itemListElement":[{"@type":"ListItem","position":1,"name":"Home","item":"https:\/\/www.tablaosflamencos.com\/fr"},{"@type":"ListItem","position":2,"name":"Flamenco \u00e0 Ayamonte : tradition du flamenco et o\u00f9 en profiter"}]},{"@type":"WebSite","@id":"https:\/\/www.tablaosflamencos.com\/fr#website","url":"https:\/\/www.tablaosflamencos.com\/fr","name":"Tablaos Flamencos","description":"Entradas para tablaos flamencos de Espa\u00f1a","publisher":{"@id":"https:\/\/www.tablaosflamencos.com\/fr#organization"},"alternateName":"Tablaos Flamencos","potentialAction":[{"@type":"SearchAction","target":{"@type":"EntryPoint","urlTemplate":"https:\/\/www.tablaosflamencos.com\/fr?s={search_term_string}"},"query-input":{"@type":"PropertyValueSpecification","valueRequired":true,"valueName":"search_term_string"}}],"inLanguage":"fr-FR"},{"@type":["Organization","Place","EntertainmentBusiness"],"@id":"https:\/\/www.tablaosflamencos.com\/fr#organization","name":"Tablaos Flamencos","alternateName":"Tablaos Flamencos","url":"https:\/\/www.tablaosflamencos.com\/fr","logo":{"@id":"https:\/\/www.tablaosflamencos.com\/fr\/flamenco-ayamonte-tradition-ou-en-profiter.html#local-main-organization-logo"},"image":{"@id":"https:\/\/www.tablaosflamencos.com\/fr\/flamenco-ayamonte-tradition-ou-en-profiter.html#local-main-organization-logo"},"sameAs":["https:\/\/www.facebook.com\/tablaosflamencos","https:\/\/x.com\/tablaosflamenco","https:\/\/mastodon.social\/@tablaosflamencos","https:\/\/www.instagram.com\/tablaosflamencos","https:\/\/tiktok.com\/@tablaosflamencos","https:\/\/www.linkedin.com\/company\/109408238\/"],"description":"Venta de entradas para espect\u00e1culos flamencos","legalName":"Tablaos Flamencos","foundingDate":"2015-01-01","numberOfEmployees":{"@type":"QuantitativeValue","minValue":"1","maxValue":"10"},"address":{"@id":"https:\/\/www.tablaosflamencos.com\/fr\/flamenco-ayamonte-tradition-ou-en-profiter.html#local-main-place-address"},"geo":{"@type":"GeoCoordinates","latitude":"37.3868072","longitude":"-5.993280299999999"},"telephone":["+34623787787"],"contactPoint":{"@type":"ContactPoint","telephone":"+34623787787","email":"info@tablaosflamencos.com"},"openingHoursSpecification":{"@type":"OpeningHoursSpecification","dayOfWeek":["Monday","Tuesday","Wednesday","Thursday","Friday","Saturday","Sunday"],"opens":"00:00","closes":"23:59"},"email":"info@tablaosflamencos.com","priceRange":"$$$","currenciesAccepted":"\u20ac"},{"@type":"Person","@id":"https:\/\/www.tablaosflamencos.com\/fr#\/schema\/person\/e7a9ebe14eb75a52ceabfbffb3c54f5d","name":"Miguel Ortiz","description":"Miguel Ortiz es un empresario flamenco, con una s\u00f3lida trayectoria dentro del sector. Ha presidido entidades culturales vinculadas al flamenco y, cuenta con un amplio recorrido profesional en la gesti\u00f3n y promoci\u00f3n de espect\u00e1culos y tablaos flamencos. Su pasi\u00f3n por la historia y el arte flamenco se refleja en cada art\u00edculo, donde combina experiencia, criterio y un profundo respeto por la tradici\u00f3n.","sameAs":["https:\/\/www.tablaosflamencos.com","https:\/\/www.instagra.com\/miguelortizfe","https:\/\/www.linkedin.com\/in\/miguelortizf\/"],"birthDate":"1984-11-22","gender":"hombre","knowsLanguage":["espa\u00f1ol","ingl\u00e9s"],"jobTitle":"Empresario flamenco"},{"@type":"PostalAddress","@id":"https:\/\/www.tablaosflamencos.com\/fr\/flamenco-ayamonte-tradition-ou-en-profiter.html#local-main-place-address","streetAddress":"C\/ Alemanes, 19","addressLocality":"Sevilla","postalCode":"41004","addressRegion":"Sevilla","addressCountry":"ES"},{"@type":"ImageObject","inLanguage":"fr-FR","@id":"https:\/\/www.tablaosflamencos.com\/fr\/flamenco-ayamonte-tradition-ou-en-profiter.html#local-main-organization-logo","url":"https:\/\/www.tablaosflamencos.com\/wp-content\/uploads\/tablaos-flamencos-06-3.webp","contentUrl":"https:\/\/www.tablaosflamencos.com\/wp-content\/uploads\/tablaos-flamencos-06-3.webp","width":600,"height":620,"caption":"Tablaos Flamencos"}]},"geo.placename":"Sevilla","geo.position":{"lat":"37.3868072","long":"-5.993280299999999"},"geo.region":"Espagne"},"_links":{"self":[{"href":"https:\/\/www.tablaosflamencos.com\/fr\/wp-json\/wp\/v2\/posts\/13953","targetHints":{"allow":["GET"]}}],"collection":[{"href":"https:\/\/www.tablaosflamencos.com\/fr\/wp-json\/wp\/v2\/posts"}],"about":[{"href":"https:\/\/www.tablaosflamencos.com\/fr\/wp-json\/wp\/v2\/types\/post"}],"author":[{"embeddable":true,"href":"https:\/\/www.tablaosflamencos.com\/fr\/wp-json\/wp\/v2\/users\/1"}],"replies":[{"embeddable":true,"href":"https:\/\/www.tablaosflamencos.com\/fr\/wp-json\/wp\/v2\/comments?post=13953"}],"version-history":[{"count":10,"href":"https:\/\/www.tablaosflamencos.com\/fr\/wp-json\/wp\/v2\/posts\/13953\/revisions"}],"predecessor-version":[{"id":14010,"href":"https:\/\/www.tablaosflamencos.com\/fr\/wp-json\/wp\/v2\/posts\/13953\/revisions\/14010"}],"wp:featuredmedia":[{"embeddable":true,"href":"https:\/\/www.tablaosflamencos.com\/fr\/wp-json\/wp\/v2\/media\/13900"}],"wp:attachment":[{"href":"https:\/\/www.tablaosflamencos.com\/fr\/wp-json\/wp\/v2\/media?parent=13953"}],"wp:term":[{"taxonomy":"category","embeddable":true,"href":"https:\/\/www.tablaosflamencos.com\/fr\/wp-json\/wp\/v2\/categories?post=13953"},{"taxonomy":"post_tag","embeddable":true,"href":"https:\/\/www.tablaosflamencos.com\/fr\/wp-json\/wp\/v2\/tags?post=13953"}],"curies":[{"name":"wp","href":"https:\/\/api.w.org\/{rel}","templated":true}]}}